{"administration":"pref83","administration_name":"Pr\u00e9fecture du Var","content":"VAR\nRECUEIL DES ACTES\nADMINISTRATIFS SP\u00c9CIAL\nN\u00b083-2024-267\nPUBLI\u00c9 LE 25 SEPTEMBRE 2024\nSommaire\nPr\u00e9fecture du VAR / Direction de la coordination des politiques publiques\net de l'appui territorial\n83-2024-09-25-00003 - ARR\u00caT\u00c9 PR\u00c9FECTORAL n\u00b0 2024/37/MCI du 25\nseptembre 2024\nportant d\u00e9l\u00e9gation de signature \u00e0 Mme Myriam\nGARCIA, \nsous-pr\u00e9f\u00e8te de l'arrondissement de\nDraguignan,\nassurant l'int\u00e9rim du sous-pr\u00e9fet de\nl'arrondissement de Brignoles  (6 pages) Page 3\n2\nPr\u00e9fecture du VAR\n83-2024-09-25-00003\nARR\u00caT\u00c9 PR\u00c9FECTORAL n\u00b0 2024/37/MCI du 25\nseptembre 2024\nportant d\u00e9l\u00e9gation de signature \u00e0 Mme Myriam\nGARCIA, \nsous-pr\u00e9f\u00e8te de l'arrondissement de Draguignan,\nassurant l'int\u00e9rim du sous-pr\u00e9fet de\nl'arrondissement de Brignoles \nPr\u00e9fecture du VAR - 83-2024-09-25-00003 - ARR\u00caT\u00c9 PR\u00c9FECTORAL n\u00b0 2024/37/MCI du 25 septembre 2024\nportant d\u00e9l\u00e9gation de signature \u00e0 Mme Myriam GARCIA, \nsous-pr\u00e9f\u00e8te de l'arrondissement de Draguignan,\nassurant l'int\u00e9rim du sous-pr\u00e9fet de l'arrondissement de Brignoles 3\n=m\nPREFET\nDU  VAR\nLibert\u00e9\nEgalit\u00e9\nFraternit\u00e9\nDirection de la coordination\n des politiques publiques\net de l'appui territorial\nMission de coordination interminist\u00e9rielle\nARR\u00caT\u00c9 PR\u00c9FECTORAL n\u00b0 2024/37/MCI du 25 septembre 2024\nportant d\u00e9l\u00e9gation de signature \u00e0 Mme Myriam GARCIA, \nsous-pr\u00e9f\u00e8te de l'arrondissement de Draguignan,\nassurant l'int\u00e9rim du sous-pr\u00e9fet de l'arrondissement de Brignoles \nLe Pr\u00e9fet du Var,\nOfficier de la L\u00e9gion d'Honneur,\nVu la loi n\u00b0 82-213 du 2 mars 1982 modifi\u00e9e, relative aux droits et libert\u00e9s des communes, des\nd\u00e9partements et des r\u00e9gions  ;\nVu la loi n\u00b0 83-8 du 7 janvier 1983 modifi\u00e9e, relative \u00e0 la r\u00e9partition des comp\u00e9tences entre les\ncommunes, les d\u00e9partements, les r\u00e9gions et l'\u00c9tat  ;\nVu  la  loi  d'orientation  n\u00b0  92-125  du  6  f\u00e9vrier  1992  modifi\u00e9e  relative  \u00e0  l'administration\nterritoriale de la R\u00e9publique ;\nVu la loi n\u00b0 2004-809 du 13 ao\u00fbt 2004 modifi\u00e9e relative aux libert\u00e9s et responsabilit\u00e9s locales  ;\nVu le  d\u00e9cret n\u00b0 97-34 du 15 janvier 1997 modifi\u00e9 relatif \u00e0 la d\u00e9concentration des d\u00e9cisions\nadministratives individuelles  ;\nVu  le  d\u00e9cret  n\u00b0  2004-374  du  29  avril  2004  modifi\u00e9  relatif  aux  pouvoirs  des  pr\u00e9fets,  \u00e0\nl'organisation et \u00e0 l'action des services de l'\u00c9tat dans les r\u00e9gions et d\u00e9partements  ;\nVu le d\u00e9cret n\u00b0 2015-510 du 7 mai 2015 portant charte de la d\u00e9concentration  ;\nVu le d\u00e9cret du Pr\u00e9sident de la R\u00e9publique du 8 septembre 2021  portant nomination de\nM. Charbel ABOUD,  sous-pr\u00e9fet de l'arrondissement de Brignoles  ;\nVu  le  d\u00e9cret  du  Pr\u00e9sident  de  la  R\u00e9publique  du  15  avril  2022  portant  nomination  de\nM.  Lucien  GIUDICELLI,  secr\u00e9taire  g\u00e9n\u00e9ral  de  la  pr\u00e9fecture  du  Var,  sous-pr\u00e9fet  de\nl'arrondissement de Toulon  ;\nVu  le  d\u00e9cret  du  Pr\u00e9sident  de  la  R\u00e9publique  du  6  juillet  2023  portant  nomination  de\nMme Myriam GARCIA, sous-pr\u00e9f\u00e8te de l'arrondissement de Draguignan;\n \nVu  le  d\u00e9cret  du  Pr\u00e9sident  de  la  R\u00e9publique  du  13  juillet  2023  portant  nomination  de\nM. Philippe MAHE, pr\u00e9fet du Var ;\n1/6\nPr\u00e9fecture du VAR - 83-2024-09-25-00003 - ARR\u00caT\u00c9 PR\u00c9FECTORAL n\u00b0 2024/37/MCI du 25 septembre 2024\nportant d\u00e9l\u00e9gation de signature \u00e0 Mme Myriam GARCIA, \nsous-pr\u00e9f\u00e8te de l'arrondissement de Draguignan,\nassurant l'int\u00e9rim du sous-pr\u00e9fet de l'arrondissement de Brignoles 4\nVu  le  d\u00e9cret  du  Pr\u00e9sident  de  la  R\u00e9publique  du  3  avril  2024  portant  nomination  de\nMme Jos\u00e9phine GUIGLIANO-BOUTONNET, sous-pr\u00e9f\u00e8te, directrice de cabinet du pr\u00e9fet du\nVar ;\nVu le d\u00e9cret du Pr\u00e9sident de la R\u00e9publique du 23 ao\u00fbt 2024 mettant fin aux fonctions de\nsous-pr\u00e9fet de l'arrondissement de Brignoles exerc\u00e9es par M. Charbel ABOUD  ;\nVu l'arr\u00eat\u00e9 pr\u00e9fectoral n\u00b02024/03/MCI du 19 f\u00e9vrier 2024 portant organisation de la pr\u00e9fecture\ndu Var ;\nVu  l'arr\u00eat\u00e9 pr\u00e9fectoral  n\u00b02024/15/MCI du  12 avril 2024  portant d\u00e9l\u00e9gation de signature \u00e0\nM. Charbel ABOUD, sous-pr\u00e9fet de l'arrondissement de Brignoles ;\nConsid\u00e9rant la vacance de poste temporaire de M. le sous-pr\u00e9fet de l'arrondissement de\nBrignoles et la p\u00e9riode d'int\u00e9rim exerc\u00e9e par Mme Myriam GARCIA ;\nSur proposition du s ecr\u00e9taire g\u00e9n\u00e9ral de la pr\u00e9fecture du Var  ;\n ARRETE :\nARTICLE  1er     :  Ind\u00e9pendamment  des  attributions  qui  sont  conf\u00e9r\u00e9es  aux  sous-pr\u00e9fets\nd'arrondissement par les lois et r\u00e8glements, d\u00e9l\u00e9gation est donn\u00e9e \u00e0 Mme Myriam GARCIA,\nsous-pr\u00e9f\u00e8te  de  l'arrondissement  de  Draguignan,  assurant  l'int\u00e9rim  du  sous-pr\u00e9fet  de\nl'arrondissement  de  Brignoles,  \u00e0  l'effet  de  signer  tous  actes  de  gestion  relatifs  au\nfonctionnement  des  services  de  la  sous-pr\u00e9fecture,  ainsi  que  pour  signer  les  arr\u00eat\u00e9s,\ncirculaires et correspondances concernant, pour l'arrondissement de Brignoles, les affaires\nsuivantes, \u00e0 l'exclusion des requ\u00eates et m\u00e9moires aupr\u00e8s des juridictions :\nI \u2013 Administration g\u00e9n\u00e9rale  :\na)d\u00e9claration d'option pour l'incorporation dans le service national fran\u00e7ais des jeunes bi-\nnationaux ;\nb)l\u00e9gislation  fun\u00e9raire  :  laissez-passer  de  corps  et  urnes  cin\u00e9raires  vers  l'\u00e9tranger,\nautorisation de transport de corps et urne cin\u00e9raire vers l'\u00e9tranger, d\u00e9rogation au d\u00e9lai\nr\u00e9glementaire  de  six  jours  en  vue  de  l'inhumation  ou  de  l'incin\u00e9ration  des  corps  des\npersonnes d\u00e9c\u00e9d\u00e9es, autorisation d'inhumation en propri\u00e9t\u00e9 priv\u00e9e  ;\nc)r\u00e9c\u00e9piss\u00e9 de d\u00e9claration des associations de la loi de 1901 et des associations syndicales\nlibres ;\nd)octroi ou refus du concours de la force publique pour l'ex\u00e9cution des d\u00e9cisions de justice\nen mati\u00e8re d'expulsion locative, domiciliaire et immobili\u00e8re r\u00e8glement transactionnel des\ndossiers  aff\u00e9rents,  r\u00e9ception  des  notifications  d'assignation  aux  fins  de  constat  de\nr\u00e9siliation  du  bail  pour  impay\u00e9s  de  loyers,  protocole  d'accord  de  pr\u00e9vention  des\nexpulsions locatives, mise en \u0153uvre des d\u00e9cisions \u00ab  DALO \u00bb, instruction des demandes de\nlogement social et proposition de logements aux bailleurs sociaux  ;\ne)avis pr\u00e9alable aux mesures de police administrative des d\u00e9bits de boissons et des h\u00f4tels  ;\nf)autorisation de toutes \u00e9preuves, manifestations et comp\u00e9titions sportives se d\u00e9roulant\nsur le plan d'eau du lac de Sainte-Croix  ;\n                                                                                                                                                                                                                        2/6Pr\u00e9fecture du VAR - 83-2024-09-25-00003 - ARR\u00caT\u00c9 PR\u00c9FECTORAL n\u00b0 2024/37/MCI du 25 septembre 2024\nportant d\u00e9l\u00e9gation de signature \u00e0 Mme Myriam GARCIA, \nsous-pr\u00e9f\u00e8te de l'arrondissement de Draguignan,\nassurant l'int\u00e9rim du sous-pr\u00e9fet de l'arrondissement de Brignoles 5\ng)arr\u00eat\u00e9 instaurant un p\u00e9rim\u00e8tre de protection en application de l'article L. 226-1 du code\nde la s\u00e9curit\u00e9 int\u00e9rieure  ;\nh)d\u00e9cision de suspension de permis de conduire  ;\ni)d\u00e9livrance des r\u00e9c\u00e9piss\u00e9s de revendeurs d'objets mobiliers  ;\nj)engagement des d\u00e9penses et signature des contrats relatifs \u00e0 la gestion du centre de\nresponsabilit\u00e9 de la sous-pr\u00e9fecture  ;\nk)instruction des dossiers relatifs \u00e0 certains rassemblements festifs \u00e0 caract\u00e8re musical  ;\nl)d\u00e9lib\u00e9ration et proc\u00e8s-verbal de r\u00e9union ou de visite des commissions de s\u00e9curit\u00e9 et\nd'accessibilit\u00e9 de l'arrondissement de Brignoles  ;\nm)attestation en vue de l'\u00e9tablissement d'un duplicata de permis de chasser  ;\nn)re\u00e7u  de  d\u00e9p\u00f4t  d'une  d\u00e9claration  de  candidature  aux  \u00e9lections  municipales  pour  les\ncommunes de l'arrondissement  ;\no)r\u00e9c\u00e9piss\u00e9 d\u00e9finitif d'enregistrement d'une candidature aux \u00e9lections municipales pour les\ncommunes de l'arrondissement  ;\np)refus  de  d\u00e9livrance  du  r\u00e9c\u00e9piss\u00e9  d\u00e9finitif  d'enregistrement  d'une  candidature  aux\n\u00e9lections municipales pour les communes de l'arrondissement.                       \n              \nII \u2013 Administration locale :\na) suivi du contr\u00f4le de l\u00e9galit\u00e9 des actes administratifs des collectivit\u00e9s locales et de leurs\n\u00e9tablissements du ressort de l'arrondissement (\u00e0 l'exception des syndicats mixtes dont le\nconseil d\u00e9partemental du Var est membre), et des soci\u00e9t\u00e9s d'\u00e9conomie mixte locales, en ce\nqu'il comprend :\n- l'information de l'autorit\u00e9 locale sur sa demande de la d\u00e9cision du repr\u00e9sentant de\nl'\u00c9tat dans le d\u00e9partement de ne pas d\u00e9f\u00e9rer un acte au tribunal administratif  ;\n- l'information de l'autorit\u00e9 locale qu'un acte est entach\u00e9 d'ill\u00e9galit\u00e9 et la communication\ndes pr\u00e9cisions utiles lui permettant de rendre l\u00e9gal l'acte concern\u00e9  ;\n-  la signature des recours gracieux.\nb) suivi du contr\u00f4le budg\u00e9taire des collectivit\u00e9s locales et de leurs \u00e9tablissements du ressort\nde l'arrondissement (\u00e0 l'exception des syndicats mixtes dont le conseil d\u00e9partemental du Var\nest membre), incluant la signature des recours gracieux  ;\nc)suivi des demandes de mandatement d'office des d\u00e9penses obligatoires  ;\nd) en mati\u00e8re d'urbanisme  : signature des autorisations ou actes relatifs \u00e0 l'utilisation et \u00e0\nl'occupation du sol pour les op\u00e9rations relevant de l'article R. 422-2 du code de l'urbanisme ; \ne)  signature  des  avis  de  l'\u00c9tat  en  qualit\u00e9  de  personne  publique  associ\u00e9e  au  titre  de\nl'\u00e9laboration des documents d'urbanisme, constitution des commissions consultatives de\nl'environnement des a\u00e9rodromes, des commissions locales de l'eau et des comit\u00e9s de rivi\u00e8re  ;\nf) substitution aux maires dans les cas pr\u00e9vus aux articles L. 2215-1 et L. 2215-5 du code\ng\u00e9n\u00e9ral des collectivit\u00e9s locales  ;\ng) occupation temporaire et autorisation de p\u00e9n\u00e9trer sur les propri\u00e9t\u00e9s priv\u00e9es  ;\n3/6Pr\u00e9fecture du VAR - 83-2024-09-25-00003 - ARR\u00caT\u00c9 PR\u00c9FECTORAL n\u00b0 2024/37/MCI du 25 septembre 2024\nportant d\u00e9l\u00e9gation de signature \u00e0 Mme Myriam GARCIA, \nsous-pr\u00e9f\u00e8te de l'arrondissement de Draguignan,\nassurant l'int\u00e9rim du sous-pr\u00e9fet de l'arrondissement de Brignoles 6\nh) constitution des groupes de travail pr\u00e9vus par les dispositions du titre VIII du code de\nl'environnement relatif \u00e0 la protection du cadre de vie (publicit\u00e9, enseignes et pr\u00e9-enseignes)\net les mesures administratives d'application  ;\ni) arr\u00eat\u00e9 se rapportant aux \u00e9tablissements publics de coop\u00e9ration intercommunale dont le\nsi\u00e8ge se trouve dans l'arrondissement \u00e0 l'exception des communaut\u00e9s d'agglom\u00e9ration, des\ncommunaut\u00e9s  de  communes,  du  syndicat  mixte  d\u00e9partemental  d'\u00e9lectricit\u00e9  du  Var\n(SYMIELECVAR), des syndicats mixtes dont le conseil d\u00e9partemental du Var est membre en\nce  qui  concerne  les  arr\u00eat\u00e9s  de  cr\u00e9ation,  de  modification  des  attributions,  de  retrait  de\ncommunes membres, d'adh\u00e9sion de nouvelles communes et de dissolution  ;\nj) signature des lettres de demandes de pi\u00e8ces compl\u00e9mentaires de contr\u00f4le de l\u00e9galit\u00e9 et\nbudg\u00e9taire ne valant pas recours gracieux  ; \nk) autorisation d'utilisation du plan d'eau du lac d'Esparron-de-Verdon, retenue de Gr\u00e9oux,\npard\u00e9rogation aux dispositions des arr\u00eat\u00e9s inter-pr\u00e9fectoraux du 23 novembre 2018.\nIII  \u2013  Coordination  de  l'action  des  services  d\u00e9concentr\u00e9s  :  tous  actes  ou  documents\nn\u00e9cessaires \u00e0 l'exercice de son pouvoir de coordination de l'action des services d\u00e9concentr\u00e9s\nde l'\u00c9tat pr\u00e9vu par le d\u00e9cret n\u00b0 2004-374 du 29 avril 2004 modifi\u00e9, et notamment toutes\ndemandes d'information.\n                  \n    \nARTICLE 2 :  D\u00e9l\u00e9gation est \u00e9galement donn\u00e9e \u00e0  Mme Myriam GARCIA , \u00e0 l'effet de signer,\npour l'ensemble du d\u00e9partement du Var, tous actes et documents relatifs aux attributions\nsuivantes : \n\u2022cr\u00e9ation, extension, dissolution, contr\u00f4le administratif, contr\u00f4le et tutelle financiers\ndes associations syndicales autoris\u00e9es (ASA)  ;\n\u2022l\u00e2chers de ballons.\nARTICLE 3  : En cas d'absence ou d'emp\u00eachement de Mme Myriam GARCIA, d\u00e9l\u00e9gation de\nsignature est donn\u00e9e dans les m\u00eames conditions \u00e0 Mme Jos\u00e9phine GUIGLIANO-BOUTONNET,\nsous-pr\u00e9f\u00e8te, directrice de cabinet du pr\u00e9fet du Var.\nARTICLE  4 : Lorsque  Mme  Myriam  GARCIA  assure  le  service  de  permanence  institu\u00e9\nconform\u00e9ment \u00e0 l'ordre des permanences fix\u00e9 p\u00e9riodiquement par le pr\u00e9fet, d\u00e9l\u00e9gation lui\nest  alors  accord\u00e9e  \u00e0  l'effet  de  signer,  pour  l'ensemble  du  d\u00e9partement,  toute  d\u00e9cision\nn\u00e9cessit\u00e9e par une situation d'urgence, notamment  :\n-les d\u00e9cisions de suspension provisoire imm\u00e9diate des permis de conduire  ;\n-les mesures d'\u00e9loignement relevant de la comp\u00e9tence du repr\u00e9sentant de l'\u00c9tat dans le\nd\u00e9partement et concernant les \u00e9trangers s\u00e9journant irr\u00e9guli\u00e8rement sur le territoire\nfran\u00e7ais et les d\u00e9cisions de placement en r\u00e9tention administrative ou d'assignation \u00e0\nr\u00e9sidence des \u00e9trangers objet de ces mesures, prises en application des dispositions du\ncode de l'entr\u00e9e et du s\u00e9jour des \u00e9trangers et du droit d'asile (CESEDA)  ;\n-tout courrier relatif aux proc\u00e9dures d'\u00e9loignement concernant les \u00e9trangers s\u00e9journant\nirr\u00e9guli\u00e8rement  sur  le  territoire  fran\u00e7ais,  y  compris  toute  requ\u00eate  adress\u00e9e  aux\n                                                                                                                                                                                                                        4/6Pr\u00e9fecture du VAR - 83-2024-09-25-00003 - ARR\u00caT\u00c9 PR\u00c9FECTORAL n\u00b0 2024/37/MCI du 25 septembre 2024\nportant d\u00e9l\u00e9gation de signature \u00e0 Mme Myriam GARCIA, \nsous-pr\u00e9f\u00e8te de l'arrondissement de Draguignan,\nassurant l'int\u00e9rim du sous-pr\u00e9fet de l'arrondissement de Brignoles 7\njuridictions en mati\u00e8re de r\u00e9tention administrative, notamment au juge des libert\u00e9s et\nde  la  d\u00e9tention  en  application  des  articles  L.552-1  \u00e0  L.552-8  du  CESEDA,  en  vue\nd'obtenir la prolongation de la r\u00e9tention administrative  ;\n-la d\u00e9livrance de passeports et de titres d'identit\u00e9  ;\n-les  arr\u00eat\u00e9s  pronon\u00e7ant  l'admission  sans  consentement  en  soins  psychiatriques  des\npersonnes  dont  les  troubles  mentaux  n\u00e9cessitent  des  soins  et  compromettent  la\ns\u00fbret\u00e9 des personnes ou portent atteinte, de fa\u00e7on grave, \u00e0 l'ordre public ainsi que les\noppositions  aux  demandes  d'autorisation  de  sortie  de  courte  dur\u00e9e  prises  en\napplication de l'article L.3211-11-1 du code de la sant\u00e9 publique  ;\n-les gardes statiques et escortes de d\u00e9tenus  ;\n-les autorisations de transport de corps en dehors du territoire m\u00e9tropolitain.\nARTICLE 5 : D\u00e9l\u00e9gation de signature est donn\u00e9e \u00e0 M. Serge ORTIS, conseiller d'administration\nde l'int\u00e9rieur et de l'outre-mer, secr\u00e9taire g\u00e9n\u00e9ral de la sous-pr\u00e9fecture de l'arrondissement\nde Brignoles, pour ce qui concerne les attributions vis\u00e9es \u00e0 l'article 2 et celles mentionn\u00e9es\naux rubriques suivantes  :\nI \u2013 Administration g\u00e9n\u00e9rale  :  rubriques a), b), c), d) seulement en ce qui concerne la\ngestion du contingent pr\u00e9fectoral de logements sociaux, f), h), i), j), l), m), n), o) et p),\nainsi que l'engagement des d\u00e9penses courantes \u00e0 hauteur maximale de 2  300 euros dans\nle cadre du centre de responsabilit\u00e9 de la sous-pr\u00e9fecture  ;\nII \u2013 Administration locale  : rubrique j).\nD\u00e9l\u00e9gation de signature lui est \u00e9galement donn\u00e9e pour la signature des documents suivants  :\n-correspondances administratives ordinaires avec la pr\u00e9fecture, les chefs des services\nr\u00e9gionaux et d\u00e9partementaux des administrations de l'\u00c9tat, les autorit\u00e9s r\u00e9gionales,\nd\u00e9partementales et municipales, les \u00e9tablissements publics et les particuliers, ainsi\nque les notes de service  ;\n-ampliations des arr\u00eat\u00e9s et copies conformes des pi\u00e8ces administratives  ;\n-autorisations de cong\u00e9s du personnel de la sous-pr\u00e9fecture de Brignoles \u00e0 l'exception\ndes personnels de cat\u00e9gorie A.\nARTICLE 6  : En cas d'absence ou  d'emp\u00eachement de M. Serge ORTIS, la d\u00e9l\u00e9gation de\nsignature qui lui est donn\u00e9e, est exerc\u00e9e par  :\n-Mme  Elvire  HATSCH-BARBE,  attach\u00e9e  d'administration  de  l'\u00c9tat  au  bureau  de\nl'ing\u00e9nierie territoriale  ;\n-M. Pascal GUILBERT, secr\u00e9taire administratif de classe exceptionnelle, chef du bureau\nde l'administration et de la r\u00e9glementation g\u00e9n\u00e9rale  ;\nSont exclus de cette d\u00e9l\u00e9gation les actes \u00e0 caract\u00e8re d\u00e9cisoire portant sur les attributions\nmentionn\u00e9es aux rubriques d), h), j) et o) du  I \u2013 Administration g\u00e9n\u00e9rale et sur celles vis\u00e9es \u00e0\nl'article 2. \nARTICLE 7 : D\u00e9l\u00e9gation est \u00e9galement donn\u00e9e \u00e0   M. Serge ORTIS, secr\u00e9taire g\u00e9n\u00e9ral de la\nsous-pr\u00e9fecture de l'arrondissement de Brignoles et \u00e0 M. Pascal GUILBERT, chef du bureau de\nl'administration et de la r\u00e9glementation g\u00e9n\u00e9rale  ,  pour pr\u00e9sider les r\u00e9unions ou visites des\ncommissions de s\u00e9curit\u00e9 et d'accessibilit\u00e9 de l'arrondissement de Brignoles.\n5/6Pr\u00e9fecture du VAR - 83-2024-09-25-00003 - ARR\u00caT\u00c9 PR\u00c9FECTORAL n\u00b0 2024/37/MCI du 25 septembre 2024\nportant d\u00e9l\u00e9gation de signature \u00e0 Mme Myriam GARCIA, \nsous-pr\u00e9f\u00e8te de l'arrondissement de Draguignan,\nassurant l'int\u00e9rim du sous-pr\u00e9fet de l'arrondissement de Brignoles 8\nARTICLE  8 :  L'arr\u00eat\u00e9  pr\u00e9fectoral  n\u00b02024/15/MCI  du  12  avril  2024  portant  d\u00e9l\u00e9gation  de\nsignature \u00e0 M. Charbel ABOUD, sous-pr\u00e9fet de l'arrondissement de Brignoles est abrog\u00e9.\nARTICLE 9 : Le secr\u00e9taire g\u00e9n\u00e9ral de la pr\u00e9fecture et la sous-pr\u00e9f\u00e8te de l'arrondissement de\nDraguignan, assurant l'int\u00e9rim du sous-pr\u00e9fet de l'arrondissement de Brignoles sont charg\u00e9s,\nchacun en ce qui le concerne, de l'ex\u00e9cution du pr\u00e9sent arr\u00eat\u00e9 qui  sera publi\u00e9 au recueil des\nactes administratifs de la pr\u00e9fecture du Var.\n    \n                                                                          Toulon, le 25 septembre 2024\n        \n                                                   Le Pr\u00e9fet du Var\n                                  Sign\u00e9\n                            \n                                                        \n                                                    Philippe MAH\u00c9 \n                                                                                                                                                                                                                        6/6Pr\u00e9fecture du VAR - 83-2024-09-25-00003 - ARR\u00caT\u00c9 PR\u00c9FECTORAL n\u00b0 2024/37/MCI du 25 septembre 2024\nportant d\u00e9l\u00e9gation de signature \u00e0 Mme Myriam GARCIA, \nsous-pr\u00e9f\u00e8te de l'arrondissement de Draguignan,\nassurant l'int\u00e9rim du sous-pr\u00e9fet de l'arrondissement de Brignoles 9","date":"2024-09-25","first_seen_on":"2024-09-25T17:15:12+00:00","id":"e5aab4403a936b15fab0aac50dfd9ebd0c50b1d8d0c606eb2451fcbee7fdde5b","name":"RAA sp\u00e9cial N\u00b0267 du 25 septembre 2024","pdf_creation_date":"2024-09-25T15:19:10+00:00","pdf_modification_date":null,"timezone":"Europe/Paris","url":"https://www.var.gouv.fr/contenu/telechargement/36324/240712/file/RAA%20Sp%C3%A9cial%20N%C2%B0267%20du%2025%20septembre%202024.pdf"}
