{"administration":"ppparis","administration_name":"Pr\u00e9fecture de police de Paris","content":"E = CABINET DU PREFETPR\u00c9FECTURE arSSDE POLICE\nFraternit\u00e9\nArr\u00e9t\u00e9 n\u00b02026-00267autorisant la captation, l'enregistrement et la transmission d'images au moyen de cam\u00e9rasinstall\u00e9es sur des a\u00e9ronefs \u00e0 Paris \u00e0 l'occasion d'une manifestation le samedi 7 mars 2026Le pr\u00e9fet de police,Vu le code de la s\u00e9curit\u00e9 int\u00e9rieure, notamment ses articles L. 242-1 \u00e0 L. 242-8 et R. 242-8 aR. 242-14;Vu le d\u00e9cret n\u00b0 2004-374 modifi\u00e9 du 29 avril 2004 relatif aux pouvoirs des pr\u00e9fets, al'organisation et \u00e0 l'action des services de |'Etat dans les r\u00e9gions et d\u00e9partements;Vu l'arr\u00eat\u00e9 du 19 avril 2023 relatif au nombre maximal de cam\u00e9ras install\u00e9es sur desa\u00e9ronefs pouvant \u00eatre simultan\u00e9ment utilis\u00e9es dans chaque d\u00e9partement et collectivit\u00e9d'outre-mer ;Vu l'instruction minist\u00e9rielle NOR IOMD2311883] du 30 avril 2023 relative \u00e0 la proc\u00e9dured'autorisation des cam\u00e9ras install\u00e9es sur des a\u00e9ronefs pour des missions de policeadministrative ;Vu le d\u00e9cret du 22 octobre 2025 par lequel M. Patrice FAURE, administrateur de l'Etat dutroisi\u00e8me grade, directeur de cabinet du Pr\u00e9sident de la R\u00e9publique, est nomm\u00e9 pr\u00e9fet depolice (groupe |), \u00e0 compter du 23 octobre 2025;Vu la demande en date du 3 mars 2026 form\u00e9e par la direction de l'ordre public et de lacirculation visant \u00e0 obtenir l'autorisation de capter, d'enregistrer et de transmettre desimages au moyen de deux cam\u00e9ras install\u00e9es sur des a\u00e9ronefs t\u00e9l\u00e9-pilot\u00e9s afin d'assurer lapr\u00e9vention des atteintes \u00e0 la s\u00e9curit\u00e9 des personnes et des biens, la s\u00e9curit\u00e9 desrassemblements et la pr\u00e9vention d'actes de terrorisme \u00e0 Paris le samedi 7 mars 2026 al'occasion d'une manifestation sur la voie publique;Consid\u00e9rant que les dispositions du | de l'article L. 242-5 du code de la s\u00e9curit\u00e9 int\u00e9rieurepermettent aux forces de s\u00e9curit\u00e9 int\u00e9rieure, dans l'exercice de leurs missions depr\u00e9vention des atteintes a l'ordre public et de protection de la s\u00e9curit\u00e9 des personnes etdes biens, de proc\u00e9der a la captation, \u00e0 l'enregistrement et \u00e0 la transmission d'images aumoyen de cam\u00e9ras install\u00e9es sur des a\u00e9ronefs aux fins d'assurer la pr\u00e9vention desatteintes \u00e0 la s\u00e9curit\u00e9 des personnes et des biens, la s\u00e9curit\u00e9 des rassemblements depersonnes sur la voie publique ainsi que l'appui des personnels au sol, en vue de leurpermettre de maintenir ou de r\u00e9tablir l'ordre public lorsque ces rassemblements sontsusceptibles d'entra\u00eener des troubles graves \u00e0 l'ordre public et la pr\u00e9vention d'actes deterrorisme;Consid\u00e9rant qu'une manifestation sera organis\u00e9e par l'observatoire du racisme enpolitique \u00e0 l'occasion de la Journ\u00e9e internationale de lutte pour les droits des femmes etdes minorit\u00e9s de genre, le samedi 7 mars 2026 \u00e0 Paris de la place des F\u00eates jusqu'\u00e0 la placede la R\u00e9publique, afin de \u00ab d\u00e9noncer les violences de genre et patriarcales, les violencesfascistes et racistes ainsi que les violences LGBT phobes \u00bb ; que la manifestation d\u00e9clar\u00e9epeut laisser \u00e0 craindre des affrontements violents avec des militants aux opinions\n1\n  \n \n \n \n \n \nantagonistes, compte tenu du contexte actuel national particuli\u00e8rement tendu; qu'ainsi, ilconvient d'assurer la s\u00e9curit\u00e9 des personnes, des biens et des rassemblements \u00e0 cetteoccasion et de pr\u00e9venir les troubles \u00e0 l'ordre public qui pourraient advenir a l'occasion decette manifestation ;Consid\u00e9rant que le recours \u00e0 des cam\u00e9ras a\u00e9roport\u00e9es permet de disposer d'une vision engrand angle tout en limitant l'engagement des forces au sol afin d'\u00e9viter notamment desmenaces pour leur int\u00e9grit\u00e9 physique, et le cas \u00e9ch\u00e9ant, d'organiser de mani\u00e8re r\u00e9active etefficace leur d\u00e9ploiement op\u00e9rationnel, notamment en cas de mouvement de foule oud'actions violentes de groupes d'individus ; qu'il n'existe pas de dispositif moins intrusifpermettant de parvenir aux m\u00eames fins ;Consid\u00e9rant que la demande de la direction de l'ordre public et de la circulation porte surl'engagement de deux cam\u00e9ras a\u00e9roport\u00e9es qui pourront \u00eatre en vol simultan\u00e9ment en vuede capter, d'enregistrer et de transmettre des images; que les aires survol\u00e9es sontstrictement limit\u00e9es aux zones o\u00f9 des troubles \u00e0 l'ordre public sont susceptibles de seproduire; que la dur\u00e9e de l'autorisation demand\u00e9e n'appara\u00eet pas disproportionn\u00e9e auregard des finalit\u00e9s poursuivies;Sur proposition de la direction de l'ordre public et de la circulation,\nARRETE :Article 1\u00b0 \u2014 La captation, l'enregistrement et la transmission d'images par la direction del'ordre public et de la circulation sont autoris\u00e9s \u00e0 l'occasion du rassemblement susvis\u00e9 lesamedi 7 mars 2026 aux titres de :- la pr\u00e9vention des atteintes \u00e0 la s\u00e9curit\u00e9 des personnes et des biens ;- la s\u00e9curit\u00e9 des rassemblements;- la pr\u00e9vention d'actes de terrorisme.Article 2 - Le nombre maximal de cam\u00e9ras pouvant proc\u00e9der simultan\u00e9ment a desenregistrements est fix\u00e9 \u00e0 2 cam\u00e9ras embarqu\u00e9es sur des a\u00e9ronefs t\u00e9l\u00e9-pilot\u00e9s.Article 3 - La pr\u00e9sente autorisation s'applique au p\u00e9rim\u00e8tre g\u00e9ographique figurant sur le planen annexe au pr\u00e9sent arr\u00eat\u00e9.Article 4 - La pr\u00e9sente autorisation est d\u00e9livr\u00e9e pour le samedi 7 mars 2026 de 17h00 \u00e0 22h30pour l'ensemble des finalit\u00e9s pr\u00e9cit\u00e9es.Article 5 - L'information du public est assur\u00e9e par la publication de l'arr\u00eat\u00e9 au recueil desactes administratifs du d\u00e9partement de Paris, sa mise en ligne sur le site internet de lapr\u00e9fecture de police ainsi que par une information sur les r\u00e9seaux sociaux.Article 6 - Le registre mentionn\u00e9 \u00e0 l'article L. 242-4 du code de la s\u00e9curit\u00e9 int\u00e9rieure esttransmis au pr\u00e9fet de police, \u00e0 l'issue de la p\u00e9riode d'autorisation.Article 7 - Le pr\u00e9fet, directeur du cabinet du pr\u00e9fet de police, et le directeur de l'ordre publicet de la circulation sont charg\u00e9s, chacun en ce qui le concerne, de l'ex\u00e9cution du pr\u00e9sentarr\u00eat\u00e9 qui entrera en vigueur d\u00e8s son affichage aux portes de la pr\u00e9fecture de police, sera\n2026-00267\n \n \n \n \n \n \n \n \n \npubli\u00e9 au recueil des actes administratifs du d\u00e9partement de Paris et consultable sur le siteinternet de la pr\u00e9fecture de police (https://www.prefecturedepolice.interieur.gouv.fr).\nFait a Paris, le 5 mars 2026\nSIGNEPour le pr\u00e9fet de policeLe sous-pr\u00e9fet, directeur adjoint de cabinetCharles BARBIER\n2026-00267\nAnnexe de l'arr\u00eat\u00e9 n\u00b02026-00267 du 5 mars 2026\nVOIES ET DELAIS DE RECOURS\nSi vous estimez devoir contester la pr\u00e9sente autorisation, il vous est possible, dans und\u00e9lai de deux mois \u00e0 compter de la date de son affichage ou de sa publication :\n- soit de saisir d'un RECOURS GRACIEUXle Pr\u00e9fet de Police7/9, boulevard du Palais - 75195 PARIS RP- ou de former un RECOURS HIERARCHIQUEaupr\u00e8s du Ministre de l'int\u00e9rieur et des outre-merDirection des libert\u00e9s publiques et des affaires juridiquesplace Beauvau - 75008 PARIS- soit de saisir d'un RECOURS CONTENTIEUXle Tribunal administratif comp\u00e9tent\nAucune de ces voies et recours ne suspend l'application de la pr\u00e9sente d\u00e9cision.Les recours GRACIEUX et HIERARCHIQUE doivent \u00eatre \u00e9crits, exposer les arguments oufaits nouveaux et comprendre la copie de la d\u00e9cision contest\u00e9e.Le recours contentieux, qui vise \u00e0 contester la LEGALITE de la pr\u00e9sente d\u00e9cision, doit\u00e9galement \u00eatre \u00e9crit et exposer votre argumentation juridique.Si vous n'aviez pas de r\u00e9ponse \u00e0 votre recours GRACIEUX ou HIERARCHIQUE dans und\u00e9lai de deux mois \u00e0 compter de la r\u00e9ception de votre recours par l'administration, votredemande devra \u00eatre consid\u00e9r\u00e9e comme rejet\u00e9e (d\u00e9cision implicite de rejet).En cas de rejet des RECOURS GRACIEUX ou HIERARCHIQUE, le Tribunal administratif peut\u00eatre saisi d'un recours contentieux dans le d\u00e9lai de deux mois \u00e0 compter de la date de lad\u00e9cision de rejet.\n2026-00267\n \nEYE | Samedi07 mars 2026\n1'on\not\nEr rang\nesaPro\n%& 4),naumein rlno\ni\n4 l'Estye\nr\nRoy,fSur,543\n\u00e0 3Vous ssa80. CARDLENOIR)\n2026-00267","date":"2026-03-05","first_seen_on":"2026-03-05T14:05:04+00:00","id":"e5b66dab05cfe69254418b85707fcd1be4cbf3948ab7738fb911ea91670c6297","name":"Arr\u00eat\u00e9 2026-00267 autorisant la captation, l\u2019enregistrement et la transmission d\u2019images au moyen de cam\u00e9ras install\u00e9es sur des a\u00e9ronefs \u00e0 Paris \u00e0 l\u2019occasion d\u2019une manifestation le samedi 7 mars 2026","pdf_creation_date":"2026-03-05T10:27:10+00:00","pdf_modification_date":"2026-03-05T10:27:10+00:00","timezone":"Europe/Paris","url":"https://www.prefecturedepolice.interieur.gouv.fr/sites/default/files/Documents/2026_00267_05032026.pdf"}
