{"administration":"pref52","administration_name":"Pr\u00e9fecture de la Haute-Marne","content":"PREFETDE LA HAUTE-MARNELibert\u00e9Egalit\u00e9Fraternit\u00e9\nRECUEIL \nDES ACTES \nADMINISTRATIFS\nDE LA\nHAUTE-MARNE\n--------------------\nANN\u00c9E 2025 \u2013 Num\u00e9ro 50 du 02 juillet 2025\nSOMMAIRE\nAGENCE R\u00c9GIONALE DE SANT\u00c9 GRAND EST                                                                Page 6\nD\u00e9cision tarifaire n\u00b06227 portant fixation pour 2025 du montant et de la r\u00e9partition de la dotation  \nglobalis\u00e9e commune pr\u00e9vue au contrat pluriannuel d'objectifs et de moyens de ALEFPA \u2013 590799730\nD\u00e9cision tarifaire n\u00b06228 portant fixation pour 2025 du montant et de la r\u00e9partition de la dotation  \nglobalis\u00e9e commune pr\u00e9vue au contrat pluriannuel d'objectifs et de moyens de association le bois  \nl'abbesse \u2013 520782988\nD\u00e9cision tarifaire n\u00b06229 portant fixation pour 2025 du montant et de la repartition de la dotation  \nglobalis\u00e9e  commune  pr\u00e9vue  au  contrat  pluriannuel  d'objectifs  et  de  moyens  de  adpep  52  \u2013 \n520782004\nD\u00e9cision tarifaire n\u00b06230 portant fixation pour 2025 du montant et de la repartition de la dotation  \nglobalis\u00e9e commune pr\u00e9vue au contrat pluriannuel d'objectifs et de moyens de fondation lucy lebon  \n\u2013 520783044\nD\u00e9cision tarifaire n\u00b06231 portant fixation pour 2025 du montant et de la repartition de la dotation  \nglobalis\u00e9e  commune  pr\u00e9vue  au  contrat  pluriannuel  d'objectifs  et  de  moyens  de  a.d.a.s.m.s.  \u2013 \n520000373\nD\u00e9cision  tarifaire  n\u00b010781  portant  fixation  du  forfait  global  de  soins  pour  2025  de  EHPAD  la \nTrincassaye \u2013 520783622\nD\u00e9cision  tarifaire  n\u00b010782  portant  fixation  du  forfait  global  de  soins  pour  2025  de  EHPAD  la \nprovidence de Montigny le Roi \u2013 520783432\nD\u00e9cision  tarifaire  n\u00b010783  portant  fixation  du  forfait  global  de  soins  pour  2025  de  EHPAD  de \nBourmont - 520783150\nD\u00e9cision tarifaire n\u00b010784 portant fixation du forfait global de soins pour 2025 de EHPAD Res des  \naines CH Montier-en-Der \u2013 520782178\nD\u00e9cision tarifaire n\u00b010785 portant fixation du forfait global de soins pour 2025 de EHPAD le lien  \nNogent - 520781766\nD\u00e9cision tarifaire n\u00b010786 portant fixation du forfait global de soins pour 2025 de EHPAD saint  \naugustin - 520781733\nD\u00e9cision tarifaire n\u00b010787 portant fixation du forfait global de soins pour 2025 de EHPAD du ch de  \nBourbonne les bains \u2013 520781592\nD\u00e9cision tarifaire n\u00b010788 portant fixation du forfait global de soins pour 2025 de EHPAD Jean-\nFran\u00e7ois bonnet CH Chaumont - 520781584\nD\u00e9cision tarifaire n\u00b010789 portant fixation du forfait global de soins pour 2025 de EHPAD h\u00f4pital st  \nCharles wassy \u2013 520781535\nD\u00e9cision tarifaire n\u00b010790 portant fixation du forfait global de soins pour 2025 de EHPAD le ch\u00eane -  \nCH de Saint Dizier \u2013 520781527\nD\u00e9cision tarifaire n\u00b010791 portant fixation du forfait global de soins pour 2025 de EHPAD Gerard de  \nHault \u2013 520780461\nD\u00e9cision tarifaire n\u00b010792 portant fixation du forfait global de soins pour 2025 de EHPAD Felix Grelot \n- 520780396\nD\u00e9cision tarifaire n\u00b010793 portant fixation du forfait global de soins pour 2025 de EHPAD la Cote des  \ncharmes \u2013 520004565\nD\u00e9cision tarifaire n\u00b010794 portant fixation du forfait global de soins pour 2025 de EHPAD chhm \u2013  \n520001868\nD\u00e9cision tarifaire n\u00b011210 portant fixation pour 2025 du montant et de la r\u00e9partition de la dotation  \nglobalis\u00e9e commune pr\u00e9vue au contrat pluriannuel d'objectifs et de moyens de h\u00f4pital de Joinville \u2013  \n520780040\nD\u00e9cision tarifaire n\u00b011464 portant fixation de la dotation globale de soins pour 2025 de SSIAD de  \nbourbonne-les-bains \u2013 520784257\nD\u00e9cision tarifaire n\u00b011465 portant fixation de la dotation globale de soins pour 2025 de SSIAD de  \nWassy \u2013 520783994\nD\u00e9cision tarifaire n\u00b011466 portant fixation de la dotation globale de soins pour 2025 de SSIADPA - ch  \nde Chaumont \u2013 520783341\nD\u00e9cision tarifaire n\u00b011467 portant fixation de la dotation globale de soins pour 2025 de SSIADPA - CH \nde Langres \u2013 520782772\nD\u00e9cision tarifaire n\u00b011468 portant fixation de la dotation globale de soins pour 2025 de SSIAD du CH  \nde Saint-Dizier - 520781881\nD\u00e9cision tarifaire n\u00b011470 portant fixation de la dotation globale de soins pour 2025 de SSIAD de  \nMontier en Der \u2013 520001058\nD\u00e9cision tarifaire n\u00b011482 portant fixation de la dotation globale de soins pour 2025 de SSIAD \"le lien\" \n\u2013 520781857\n---------\nPR\u00c9FECTURE DE LA HAUTE MARNE\nBureau de la s\u00e9curit\u00e9 civile                                                                                                 Page 87\nArr\u00eat\u00e9  N\u00b052-2025-06-00232  du  23  juin  2025  portant  composition  de  la  commission \nd\u00e9partementale de s\u00e9curit\u00e9 routi\u00e8re (CDSR)\n---------\nSOUS-PR\u00c9FECTURE DE LANGRES\nP\u00f4le collectivit\u00e9s locales et d\u00e9veloppement territorial                                                 Page 91\nArr\u00eat\u00e9 N\u00b052-2025-06-00298 du 30 juin 2025 portant modification de l'annexe C voirie des statuts \nde la Communaut\u00e9 de Communes Auberive Vingeanne et Montsaugeonnais\n---------\nSECR\u00c9TARIAT COMMUN D\u00c9PARTEMENTAL                                                                   Page 99\nArr\u00eat\u00e9  N\u00b052-2025-06-00139  du  24  juin  2025  fixant  la  liste  des  postes  \u00e9ligibles  \u00e0  la  nouvelle \nbonification indiciaire au sein du secr\u00e9tariat g\u00e9n\u00e9ral commun d\u00e9partemental de la Haute-Marne\n---------\n \nDIRECTION DE LA CITOYENNET\u00c9 ET DE LA L\u00c9GALIT\u00c9 \nBureau de la r\u00e9glementation g\u00e9n\u00e9rale des associations et des \u00e9lections                 Page 101\nArr\u00eat\u00e9  N\u00b052-2025-06-00098  du  13  juin  2025  portant  habilitation  pour  r\u00e9aliser  l'analyse  d'impact \nmentionn\u00e9e au III de l'article L.752-6 du code de commerce dans le cadre des dossiers de demande  \nd'autorisation d'exploitation commerciale \nArr\u00eat\u00e9  N\u00b052-2025-06-00099  du  13  juin  2025  portant  habilitation  pour  r\u00e9aliser  l'analyse  d'impact \nmentionn\u00e9e au III de l'article L.752-6 du code de commerce dans le cadre des dossiers de demande  \nd'autorisation d'exploitation commerciale \nArr\u00eat\u00e9  N\u00b052-2025-06-00100  du  13  juin  2025  portant  habilitation  pour  \u00e9tablir  le  certificat  de \nconformit\u00e9 mentionn\u00e9 au premier alin\u00e9a de l'article L-752-23 du code du commerce\nArr\u00eat\u00e9  N\u00b052-2025-06-00101  du  13  juin  2025  portant  habilitation  pour  \u00e9tablir  le  certificat  de \nconformit\u00e9 mentionn\u00e9 au premier alin\u00e9a de l'article L-752-23 du code du commerce\nArr\u00eat\u00e9  N\u00b052-2025-06-00102  du  13  juin  2025  portant  habilitation  pour  \u00e9tablir  le  certificat  de \nconformit\u00e9 mentionn\u00e9 au premier alin\u00e9a de l'article L-752-23 du code du commerce\nArr\u00eat\u00e9  N\u00b052-2025-06-00105  du  13  juin  2025  portant  habilitation  pour  \u00e9tablir  le  certificat  de \nconformit\u00e9 mentionn\u00e9 au premier alin\u00e9a de l'article L-752-23 du code du commerce\n---------\nDIRECTION D\u00c9PARTEMENTALE DES TERRITOIRES (DDT)\nService environnement et foret                                                                                        Page 113\nArr\u00eat\u00e9 N\u00b052-2025-07-00002 du 1er juillet 2025 portant sur les p\u00e9riodes et les modalit\u00e9s de destruction \ndu pigeon ramier et du sanglier, esp\u00e8ces d'animaux susceptibles d'occasionner des d\u00e9gats pour la  \np\u00e9riode allant du 1\ner\n juillet 2025 au 30 juin 2026\n---------\nDIRECTION D\u00c9PARTEMENTALE DES FINANCES PUBLIQUES \nDE LA HAUTE-MARNE                                                                                                        Page 117\nArr\u00eat\u00e9 N\u00b052-2025-06-00253 du 24 juin 2025 relatif au r\u00e9gime d'ouverture au public des services de la  \ndirection d\u00e9partementale des finances publiques de la Haute-Marne\nD\u00e9l\u00e9gation de signature en mati\u00e8re de contentieux et de gracieux fiscal\nD\u00e9cision de d\u00e9l\u00e9gation de signature au Directeur adjoint et aux Directeurs des p\u00f4les \u00ab \u00a0service aux  \nusagers\u00a0\u00bb et \u00ab\u00a0\u00c9tat et partenaires\u00a0\u00bb\n \nExR\u00c9PUBLIQUEFRAN\u00c7AISELibert\u00e9 @ Dd Agence R\u00e9gionale de Sant\u00e9\u00c9palir\u00e9 | Grand EstPraternit\u00e9\n \nDECISION TARIFAIRE N\u00b06227 PORTANT FIXATION POUR 2025 DU MONTANT ET DE LA \nREPARTITION DE LA DOTATION GLOBALISEE COMMUNE PREVUE AU \nCONTRAT PLURIANNUEL D'OBJECTIFS ET DE MOYENS DE  \nALEFPA - 590799730 \n \nPOUR LES ETABLISSEMENTS ET SERVICES SUIV ANTS  \nInstitut Th\u00e9rapeutique \u00c9ducatif et P\u00e9dagogique (I.T.E.P.) - ITEP HENRI VIET V AL DE MEUSE - 520780206 \n \n \nLa Directrice G\u00e9n\u00e9rale de l'ARS Grand Est \n \nVU le Code de l'Action Sociale et des Familles ; \n  \nVU le Code de la S\u00e9curit\u00e9 Sociale ; \n  \nVU la loi n\u00b0 2025 -199 du 28 f\u00e9vrier 2025 de financement de la S\u00e9curit\u00e9 Sociale pour 2025 \npubli\u00e9e au Journal Officiel du 28/02/2025 ; \n  \nVU l'arr\u00eat\u00e9 minist\u00e9riel du 02/06/2025 publi\u00e9 au Journal Officiel du 06/06/2025 pris en \napplication de l'article L314 -3 du Code de l'Action Sociale et des Familles fixant, pour \nl'ann\u00e9e 2025 l'objectif global de d\u00e9penses d'assurance maladie et le montant total de \nd\u00e9penses pour les \u00e9tablissements et services relevant de la Caisse nationale de solidarit\u00e9 \npour l'autonomie ; \n  \nVU la d\u00e9cision du 02/06/2025 publi\u00e9e au Journal Officiel du 06/06/2025 relative aux dotations \nr\u00e9gionales limitatives 2025 et \u00e0 la moyenne nationale des besoins en soins requis 2025 ; \n  \n  \nVU le d\u00e9cret du 21 mai 2024 portant nomination de Madame RATIGNIER -CARBONNEIL \nChristelle en qualit\u00e9 de Directrice G\u00e9n\u00e9rale de l'agence r\u00e9gionale de sant\u00e9 Grand Est ; \n \nVU la d\u00e9l\u00e9gation de signature de la Directrice G\u00e9n\u00e9rale de l'ARS vers le Directeur de HAUTE -\nMARNE en date du 22/05/2025 ;  \n  \nVU le Contrat Pluriannuel d'Objectifs et de Moyens conclu le 18/12/2018 prenant effet au \n01/01/2019 ; \n \n \n \n \n \n \n \n \n \n \n \n \n \n\nDECIDE \n \n \nArticle 1er A compter du 1ER janvier 2025, au titre de 2025, la dotation globalis\u00e9e commune des \n\u00e9tablissements et services m\u00e9dico -sociaux financ\u00e9s par l'Assurance Maladie, g\u00e9r\u00e9s \npar l'entit\u00e9 d\u00e9nomm\u00e9e ALEFPA (590799730), a \u00e9t\u00e9 fix\u00e9e \u00e0 3 855 549,44 \u20ac, dont 0,00 \n\u20ac de cr\u00e9dits non reconductibles vers\u00e9s en une seule fois. \n \n Elle se r\u00e9partit de la mani\u00e8re suivante, les prix de journ\u00e9e \u00e0 compter de 01/01/2025 \n\u00e9tant \u00e9galement mentionn\u00e9s. \n \n \n- Personnes handicap\u00e9es : 3 855 549,44 \u20ac (dont 3 855 549,44 \u20ac imputable \u00e0 \nl'assurance maladie) \n Dotations (en \u20ac) \nFINESS INT  SI  EXT PFR Aut_1 Aut_2 Aut_3 SSIAD \n520780206 \nITEP HENRI \nVIET V AL DE \nMEUSE \n2 375 805,21 683 771,28 0,00 0,00 520 118,28 100 000,00 175 854,67 0,00 \n \n \n Prix de Journ\u00e9e (en \u20ac) \nFINESS INT  SI  EXT PFR Aut_1 Aut_2 Aut_3 SSIAD \n520780206 \nITEP HENRI \nVIET V AL DE \nMEUSE \n340,13 149,30 0,00 0,00 89,14 0,00 0,00 0,00 \n \nPour 2025, la fraction forfaitaire mensuelle, pour le secteur personnes handicap\u00e9es, s'\u00e9tablit \u00e0 \n321 295,79 \u20ac (dont 321 295,79 \u20ac imputable \u00e0 l'Assurance Maladie). \n \n \n \n \n \nArticle 2 A compter du 1 er janvier 2026, en application de l'article L.314 -7 du CASF, la \ndotation globalis\u00e9e commune s'\u00e9l\u00e8ve, \u00e0 titre transitoire, \u00e0 3  995 549,44 \u20ac. Elle se \nr\u00e9partit de la mani\u00e8re suivante, les prix de journ\u00e9e de reconduction \u00e9tant \u00e9galement \nmentionn\u00e9s : \n  \n \n \n \n- personnes handicap\u00e9es : 3 995 549,44  \u20ac \n(dont 3 995 549,44  \u20ac imputable \u00e0 l'Assurance Maladie) \n \n \nDotations (en \u20ac) \nFINESS INT  SI  EXT PFR Aut_1 Aut_2 Aut_3 SSIAD \n520780206 \nITEP HENRI VIET \nV AL DE MEUSE \n2 375 805,21 683 771,28 0,00 0,00 520 118,28 240 000,00 175 854,67 0,00 \n \n \n \n \nPrix de journ\u00e9e (en \u20ac) \nFINESS INT SI EXT PFR Aut_1 Aut_2 Aut_3 SSIAD \n520780206 \nITEP HENRI VIET \nV AL DE MEUSE \n340,13 149,30 0,00 0,00 89,14 0,00 0,00 0,00 \n \nPour 2026, la fraction forfaitaire mensuelle, pour le secteur personnes handicap\u00e9es, s'\u00e9tablit \u00e0 \n332 962,45 \u20ac (dont 332 962,45 \u20ac imputable \u00e0 l'Assurance Maladie). \n \n \n \nArticle 3 Les recours contentieux dirig\u00e9s contre la pr\u00e9sente d\u00e9cision doivent \u00eatre port\u00e9s devant \nle Tribunal Administratif sis 6, Rue du Haut Bourgeois, 54035 NANCY dans un d\u00e9lai \nde deux mois \u00e0 compter de sa publication ou, pour les personnes auxquelles elle sera \nnotifi\u00e9e, \u00e0 compter de sa notification. Le tribunal administratif peut \u00eatre saisi par \nl'application \u00ab T\u00e9l\u00e9recours citoyens \u00bb accessible par le site www.telerecours.fr. \n  \nArticle 4 La pr\u00e9sente d\u00e9cision sera publi\u00e9e au recueil des actes administratifs . \n  \n  Article 5         La Directrice G\u00e9n\u00e9rale de l'ARS  Grand Est est charg\u00e9e de l'ex\u00e9cution de la pr\u00e9sente \nd\u00e9cision qui sera notifi\u00e9e \u00e0 l'entit\u00e9 gestionnaire (ALEFPA 590799730) et aux \nstructures concern\u00e9es. \n \n \n \nFait \u00e0 Chaumont, le 24 juin 2025 \n \n \n \n \n                                                                                                                               #signature# \n \n \nExR\u00c9PUBLIQUEFRAN\u00c7AISELibert\u00e9 @ Dd Agence R\u00e9gionale de Sant\u00e9\u00c9palir\u00e9 | Grand EstPraternit\u00e9\n \nDECISION TARIFAIRE N\u00b06228 PORTANT FIXATION POUR 2025 DU MONTANT ET DE LA \nREPARTITION DE LA DOTATION GLOBALISEE COMMUNE PREVUE AU \nCONTRAT PLURIANNUEL D'OBJECTIFS ET DE MOYENS DE  \nASSOCIATION LE BOIS L'ABBESSE - 520782988 \n \nPOUR LES ETABLISSEMENTS ET SERVICES SUIV ANTS  \nInstitut M\u00e9dico-Educatif (I.M.E.) - IME LE BOIS L'ABBESSE SAINT DIZIER - 520780198 \n \nEtab.Acc.M\u00e9dicalis\u00e9 en tout ou partie personnes handicap\u00e9es - FAM BOIS L'ABBESSE - 520003369 \n \nService d'accompagnement m\u00e9dico-social adultes handicap\u00e9s - SAMSAH LE BOIS L'ABESSE - 520003815 \n \nService d'\u00c9ducation Sp\u00e9ciale et de Soins \u00e0 Domicile - SESSAD BOIS L'ABBESSE SAINT DIZIER - \n520781675 \n \nEtablissement et Service d'Aide par le Travail (E.S.A.T.) - ESAT \"LES ATELIERS DE BOIS L'ABBESSE\" - \n520781683 \n \nEtablissement pour Enfants ou Adolescents Polyhandicap\u00e9s - ETS POLYHANDICAPES SAINT DIZIER - \n520784380 \n \n \nLa Directrice G\u00e9n\u00e9rale de l'ARS Grand Est \n \nVU le Code de l'Action Sociale et des Familles ; \n  \nVU le Code de la S\u00e9curit\u00e9 Sociale ; \n  \nVU la loi n\u00b0 2025 -199 du 28 f\u00e9vrier 2025 de financement de la S\u00e9curit\u00e9 Sociale pour 2025 \npubli\u00e9e au Journal Officiel du 28/02/2025 ; \n  \nVU l'arr\u00eat\u00e9 minist\u00e9riel du 02/06/2025 publi\u00e9 au Journal Officiel du 06/06/2025 pris en \napplication de l'article L314 -3 du Code de l'Action Sociale et des Familles fixant, pour \nl'ann\u00e9e 2025 l'objectif global de d\u00e9penses d'assurance maladie et le montant total de \nd\u00e9penses pour les \u00e9tablissements et services relevant de la Caisse nationale de solidarit\u00e9 \npour l'autonomie ; \n  \nVU la d\u00e9cision du 02/06/2025 publi\u00e9e au Journal Officiel du 06/06/2025 relative aux dotations \nr\u00e9gionales limitatives 2025 et \u00e0 la moyenne nationale des besoins en soins requis 2025 ; \n  \n  \nVU le d\u00e9cret du 21 mai 2024 portant nomination de Madame RATIGNIER -CARBONNEIL \nChristelle en qualit\u00e9 de Directrice G\u00e9n\u00e9rale de l'agence r\u00e9gionale de sant\u00e9 Grand Est ; \n \nVU la d\u00e9l\u00e9gation de signature de la Directrice G\u00e9n\u00e9rale de l'ARS vers le Directeur de HAUTE -\nMARNE en date du 22/05/2025 ;  \n  \nVU le Contrat Pluriannuel d'Objectifs et de Moyens conclu le 16/12/2014 prenant effet au \n01/01/2015 ; \n \n \n\nDECIDE \n \n \nArticle 1er A compter du 1er janvier 2025, au titre de 2025, la dotation globalis\u00e9e commune des \n\u00e9tablissements et services m\u00e9dico-sociaux financ\u00e9s par l'Assurance Maladie, g\u00e9r\u00e9s \npar l'entit\u00e9 d\u00e9nomm\u00e9e ASSOCIATION LE BOIS L'ABBESSE (520782988), a \u00e9t\u00e9 \nfix\u00e9e \u00e0 12 373 408,74 \u20ac, dont 0,00 \u20ac de cr\u00e9dits non reconductibles vers\u00e9s en une seule \nfois. \n \n Elle se r\u00e9partit de la mani\u00e8re suivante, les prix de journ\u00e9e \u00e0 compter de 01/01/2025 \n\u00e9tant \u00e9galement mentionn\u00e9s. \n \n \n- Personnes handicap\u00e9es : 12 373 408,74 \u20ac (dont 12 373 408,74 \u20ac imputable \u00e0 \nl'assurance maladie) \n Dotations (en \u20ac) \nFINESS INT  SI  EXT PFR Aut_1 Aut_2 Aut_3 SSIAD \n520003369 \nFAM BOIS \nL'ABBESSE \n720 109,32 60 222,30 0,00 0,00 238 178,65 0,00 0,00 0,00 \n520003815 \nSAMSAH LE \nBOIS L'ABESSE \n0,00 0,00 0,00 0,00 680 795,16 0,00 0,00 0,00 \n520780198 \nIME LE BOIS \nL'ABBESSE \nSAINT DIZIER \n1 129 135,98 4 221 986,71 99 847,01 133 937,21 147 142,96 178 149,00 168 171,60 0,00 \n520781675 \nSESSAD BOIS \nL'ABBESSE \nSAINT DIZIER \n0,00 0,00 0,00 0,00 826 952,27 336 880,19 162 362,11 0,00 \n520781683 \nESAT \"LES \nATELIERS DE \nBOIS \nL'ABBESSE\" \n0,00 0,00 2 489 \n150,36 0,00 0,00 0,00 0,00 0,00 \n520784380 \nETS \nPOLYHANDICA\nPES SAINT \nDIZIER \n0,00 780 387,91 0,00 0,00 0,00 0,00 0,00 0,00 \n \n \n Prix de Journ\u00e9e (en \u20ac) \nFINESS INT  SI  EXT PFR Aut_1 Aut_2 Aut_3 SSIAD \n520003369 \nFAM BOIS \nL'ABBESSE \n102,27 140,05 0,00 0,00 90,49 0,00 0,00 0,00 \n520003815 \nSAMSAH LE \nBOIS L'ABESSE \n0,00 0,00 0,00 0,00 58,69 0,00 0,00 0,00 \n520780198 \nIME LE BOIS \nL'ABBESSE \nSAINT DIZIER \n264,37 263,87 0,00 0,00 76,24 0,00 0,00 0,00 \n520781675 \nSESSAD BOIS \nL'ABBESSE \nSAINT DIZIER \n0,00 0,00 0,00 0,00 68,91 267,37 135,30 0,00 \n520781683 \nESAT \"LES \nATELIERS DE \nBOIS \n0,00 0,00 66,38 0,00 0,00 0,00 0,00 0,00 \nL'ABBESSE\" \n520784380 \nETS \nPOLYHANDICA\nPES SAINT \nDIZIER \n0,00 312,16 0,00 0,00 0,00 0,00 0,00 0,00 \n \nPour 2025, la fraction forfaitaire mensuelle, pour le secteur personnes handicap\u00e9es, s'\u00e9tablit \u00e0 \n1 031 117,40 \u20ac (dont 1 031 117,40 \u20ac imputable \u00e0 l'Assurance Maladie). \n \n \n \n \n \nArticle 2 A compter du 1 er janvier 2026, en application de l'article L.314 -7 du CASF, la \ndotation globalis\u00e9e commune s'\u00e9l\u00e8ve, \u00e0 titre transitoire, \u00e0 12  373 408,74 \u20ac. Elle se \nr\u00e9partit de la mani\u00e8re suivante, les prix de journ\u00e9e de reconduction \u00e9tant \u00e9galement \nmentionn\u00e9s : \n  \n \n \n \n- personnes handicap\u00e9es : 12 373 408,74  \u20ac \n(dont 12 373 408,74  \u20ac imputable \u00e0 l'Assurance Maladie) \n \n \nDotations (en \u20ac) \nFINESS INT  SI  EXT PFR Aut_1 Aut_2 Aut_3 SSIAD \n520003369 \nFAM BOIS \nL'ABBESSE \n720 109,32 60 222,30 0,00 0,00 238 178,65 0,00 0,00 0,00 \n520003815 \nSAMSAH LE \nBOIS L'ABESSE \n0,00 0,00 0,00 0,00 680 795,16 0,00 0,00 0,00 \n520780198 \nIME LE BOIS \nL'ABBESSE \nSAINT DIZIER \n1 129 135,98 4 221 986,71 99 847,01 133 937,21 147 142,96 178 149,00 168 171,60 0,00 \n520781675 \nSESSAD BOIS \nL'ABBESSE \nSAINT DIZIER \n0,00 0,00 0,00 0,00 826 952,27 336 880,19 162 362,11 0,00 \n520781683 \nESAT \"LES \nATELIERS DE \nBOIS L'ABBESSE\" \n0,00 0,00 2 489 150,36 0,00 0,00 0,00 0,00 0,00 \n520784380 \nETS \nPOLYHANDICAP\nES SAINT DIZIER \n0,00 780 387,91 0,00 0,00 0,00 0,00 0,00 0,00 \n \n \n \n \nPrix de journ\u00e9e (en \u20ac) \nFINESS INT SI EXT PFR Aut_1 Aut_2 Aut_3 SSIAD \n520003369 \nFAM BOIS \nL'ABBESSE \n102,27 140,05 0,00 0,00 90,49 0,00 0,00 0,00 \n520003815 \nSAMSAH LE \nBOIS L'ABESSE \n0,00 0,00 0,00 0,00 58,69 0,00 0,00 0,00 \n520780198 \nIME LE BOIS \nL'ABBESSE \nSAINT DIZIER \n264,37 263,87 0,00 0,00 76,24 0,00 0,00 0,00 \n520781675 \nSESSAD BOIS \nL'ABBESSE \nSAINT DIZIER \n0,00 0,00 0,00 0,00 68,91 267,37 135,30 0,00 \n520781683 \nESAT \"LES \nATELIERS DE \nBOIS L'ABBESSE\" \n0,00 0,00 66,38 0,00 0,00 0,00 0,00 0,00 \n520784380 \nETS \nPOLYHANDICAP\nES SAINT DIZIER \n0,00 312,16 0,00 0,00 0,00 0,00 0,00 0,00 \n \nPour 2026, la fraction forfaitaire mensuelle, pour le secteur personnes handicap\u00e9es, s'\u00e9tablit \u00e0 \n1 031 117,40 \u20ac (dont 1 031 117,40 \u20ac imputable \u00e0 l'Assurance Maladie). \n \n \n \nArticle 3 Les recours contentieux dirig\u00e9s contre la pr\u00e9sente d\u00e9cision doivent \u00eatre port\u00e9s devant \nle Tribunal Administratif sis 6, Rue du Haut Bourgeois, 54035 NANCY dans un d\u00e9lai \nde deux mois \u00e0 compter de sa publication ou, pour les personnes auxquelles elle sera \nnotifi\u00e9e, \u00e0 compter de sa notification. Le tribunal administratif peut \u00eatre saisi par \nl'application \u00ab T\u00e9l\u00e9recours citoyens \u00bb accessible par le site www.telerecours.fr. \n  \nArticle 4 La pr\u00e9sente d\u00e9cision sera publi\u00e9e au recueil des actes administratifs . \n  \n  Article 5         La Directrice G\u00e9n\u00e9rale de l'ARS  Grand Est est charg\u00e9e de l'ex\u00e9cution de la pr\u00e9sente \nd\u00e9cision qui sera notifi\u00e9e \u00e0 l'entit\u00e9 gestionnaire (ASSOCIATION LE BOIS \nL'ABBESSE 520782988) et aux structures concern\u00e9es. \n \n \n \nFait \u00e0 Chaumont, le 24 juin 2025 \n \n \n \n \n                                                                                                                               #signature# \n \n \nExR\u00c9PUBLIQUEFRAN\u00c7AISELibert\u00e9 @ Dd Agence R\u00e9gionale de Sant\u00e9ga Grand EstPraternit\u00e9\n \nDECISION TARIFAIRE N\u00b06229 PORTANT FIXATION POUR 2025 DU MONTANT ET DE LA \nREPARTITION DE LA DOTATION GLOBALISEE COMMUNE PREVUE AU \nCONTRAT PLURIANNUEL D'OBJECTIFS ET DE MOYENS DE  \nADPEP 52 - 520782004 \n \nPOUR LES ETABLISSEMENTS ET SERVICES SUIV ANTS  \nInstitut M\u00e9dico-Educatif (I.M.E.) - IME CHATEAU RENARD - 520780123 \n \nEtablissement et Service d'Aide par le Travail (E.S.A.T.) - ESAT MONTLETANG - 520003435 \n \nService d'\u00c9ducation Sp\u00e9ciale et de Soins \u00e0 Domicile - SESSAD TSL - 520003872 \n \nInstitut d'Education Sensorielle Sourd/Aveugle - INST EDUCATION SENSORIELLE - 520782160 \n \nService d'\u00c9ducation Sp\u00e9ciale et de Soins \u00e0 Domicile - SESSAD CHATEAU RENARD - 520783952 \n \n \nLa Directrice G\u00e9n\u00e9rale de l'ARS Grand Est \n \nVU le Code de l'Action Sociale et des Familles ; \n  \nVU le Code de la S\u00e9curit\u00e9 Sociale ; \n  \nVU la loi n\u00b0 2025 -199 du 28 f\u00e9vrier 2025 de financement de la S\u00e9curit\u00e9 Sociale pour 2025 \npubli\u00e9e au Journal Officiel du 28/02/2025 ; \n  \nVU l'arr\u00eat\u00e9 minist\u00e9riel du 02/06/2025 publi\u00e9 au Journal Officiel du 06/06/2025 pris en \napplication de l'article L314 -3 du Code de l'Action Sociale et des Familles fixant, pour \nl'ann\u00e9e 2025 l'objectif global de d\u00e9penses d'assurance maladie et le montant total de \nd\u00e9penses pour les \u00e9tablissements et services relevant de la Caisse nationale de solidarit\u00e9 \npour l'autonomie ; \n  \nVU la d\u00e9cision du 02/06/2025 publi\u00e9e au Journal Officiel du 06/06/2025 relative aux dotations \nr\u00e9gionales limitatives 2025 et \u00e0 la moyenne nationale des besoins en soins requis 2025 ; \n  \n  \nVU le d\u00e9cret du 21 mai 2024 portant nomination de Madame RATIGNIER -CARBONNEIL \nChristelle en qualit\u00e9 de Directrice G\u00e9n\u00e9rale de l'agence r\u00e9gionale de sant\u00e9 Grand Est ; \n \nVU la d\u00e9l\u00e9gation de signature de la Directrice G\u00e9n\u00e9rale de l'ARS vers le Directeur de HAUTE -\nMARNE en date du 22/05/2025 ;  \n  \nVU le Contrat Pluriannuel d'Objectifs et de Moyens conclu le 07/12/2018 prenant effet au \n01/01/2019 ; \n \n \nDECIDE \n \n \n\nArticle 1er A compter du 1 er janvier 2025, au titre de 2025, la dotation globalis\u00e9e commune des \n\u00e9tablissements et services m\u00e9dico -sociaux financ\u00e9s par l'Assurance Maladie, g\u00e9r\u00e9s \npar l'entit\u00e9 d\u00e9nomm\u00e9e ADPEP 52 (520782004), a \u00e9t\u00e9 fix\u00e9e \u00e0 3  151 251,86 \u20ac, dont \n0,00 \u20ac de cr\u00e9dits non reconductibles vers\u00e9s en une seule fois. \n \n Elle se r\u00e9partit de la mani\u00e8re suivante, les prix de journ\u00e9e \u00e0 compter de 01/01/2025 \n\u00e9tant \u00e9galement mentionn\u00e9s. \n \n \n- Personnes handicap\u00e9es : 3 151 251,86 \u20ac (dont 3 151 251,86 \u20ac imputable \u00e0 \nl'assurance maladie) \n Dotations (en \u20ac) \nFINESS INT  SI  EXT PFR Aut_1 Aut_2 Aut_3 SSIAD \n520003435 \nESAT \nMONTLETANG \n0,00 0,00 361 660,34 0,00 0,00 0,00 0,00 0,00 \n520003872 \nSESSAD TSL 0,00 0,00 0,00 0,00 0,00 0,00 0,00 0,00 \n520780123 \nIME CHATEAU \nRENARD \n1 512 019,93 194 369,85 303 161,80 0,00 259 345,55 0,00 0,00 0,00 \n520782160 \nINST \nEDUCATION \nSENSORIELLE \n0,00 0,00 291 059,10 0,00 229 635,29 0,00 0,00 0,00 \n520783952 \nSESSAD \nCHATEAU \nRENARD \n0,00 0,00 0,00 0,00 0,00 0,00 0,00 0,00 \n \n \n Prix de Journ\u00e9e (en \u20ac) \nFINESS INT  SI  EXT PFR Aut_1 Aut_2 Aut_3 SSIAD \n520003435 \nESAT \nMONTLETANG \n0,00 0,00 72,40 0,00 0,00 0,00 0,00 0,00 \n520003872 \nSESSAD TSL 0,00 0,00 0,00 0,00 0,00 0,00 0,00 0,00 \n520780123 \nIME CHATEAU \nRENARD \n245,38 123,49 327,39 0,00 109,89 0,00 0,00 0,00 \n520782160 \nINST \nEDUCATION \nSENSORIELLE \n0,00 0,00 123,33 0,00 97,30 0,00 0,00 0,00 \n520783952 \nSESSAD \nCHATEAU \nRENARD \n0,00 0,00 0,00 0,00 0,00 0,00 0,00 0,00 \n \nPour 2025, la fraction forfaitaire mensuelle, pour le secteur personnes handicap\u00e9es, s'\u00e9tablit \u00e0 \n262 604,32 \u20ac (dont 262 604,32 \u20ac imputable \u00e0 l'Assurance Maladie). \n \n \n \n \n \nArticle 2 A compter du 1 er janvier 2026, en application de l'article L.314 -7 du CASF, la \ndotation globalis\u00e9e commune s'\u00e9l\u00e8ve, \u00e0 titre transitoire, \u00e0 3  151 251,86 \u20ac. Elle se \nr\u00e9partit de la mani\u00e8re suivante, les prix de journ\u00e9e de reconduction \u00e9tant \u00e9galement \nmentionn\u00e9s : \n  \n \n \n \n- personnes handicap\u00e9es : 3 151 251,86  \u20ac \n(dont 3 151 251,86  \u20ac imputable \u00e0 l'Assurance Maladie) \n \n \nDotations (en \u20ac) \nFINESS INT  SI  EXT PFR Aut_1 Aut_2 Aut_3 SSIAD \n520003435 \nESAT \nMONTLETANG \n0,00 0,00 361 660,34 0,00 0,00 0,00 0,00 0,00 \n520003872 \nSESSAD TSL 0,00 0,00 0,00 0,00 0,00 0,00 0,00 0,00 \n520780123 \nIME CHATEAU \nRENARD \n1 512 019,93 194 369,85 303 161,80 0,00 259 345,55 0,00 0,00 0,00 \n520782160 \nINST \nEDUCATION \nSENSORIELLE \n0,00 0,00 291 059,10 0,00 229 635,29 0,00 0,00 0,00 \n520783952 \nSESSAD \nCHATEAU \nRENARD \n0,00 0,00 0,00 0,00 0,00 0,00 0,00 0,00 \n \n \n \n \nPrix de journ\u00e9e (en \u20ac) \nFINESS INT SI EXT PFR Aut_1 Aut_2 Aut_3 SSIAD \n520003435 \nESAT \nMONTLETANG \n0,00 0,00 72,40 0,00 0,00 0,00 0,00 0,00 \n520003872 \nSESSAD TSL 0,00 0,00 0,00 0,00 0,00 0,00 0,00 0,00 \n520780123 \nIME CHATEAU \nRENARD \n245,38 123,49 327,39 0,00 109,89 0,00 0,00 0,00 \n520782160 \nINST \nEDUCATION \nSENSORIELLE \n0,00 0,00 123,33 0,00 97,30 0,00 0,00 0,00 \n520783952 \nSESSAD \nCHATEAU \nRENARD \n0,00 0,00 0,00 0,00 0,00 0,00 0,00 0,00 \n \nPour 2026, la fraction forfaitaire mensuelle, pour le secteur personnes handicap\u00e9es, s'\u00e9tablit \u00e0 \n262 604,32 \u20ac (dont 262 604,32 \u20ac imputable \u00e0 l'Assurance Maladie). \n \n \n \nArticle 3 Les recours contentieux dirig\u00e9s contre la pr\u00e9sente d\u00e9cision doivent \u00eatre port\u00e9s devant \nle Tribunal Administratif sis 6, Rue du Haut Bourgeois, 54035 NANCY dans un d\u00e9lai \nde deux mois \u00e0 compter de sa publication ou, pour les personnes auxquelles elle sera \nnotifi\u00e9e, \u00e0 compter de sa notification. Le tribunal administratif peut \u00eatre saisi par \nl'application \u00ab T\u00e9l\u00e9recours citoyens \u00bb accessible par le site www.telerecours.fr. \n  \nArticle 4 La pr\u00e9sente d\u00e9cision sera publi\u00e9e au recueil des actes administratifs . \n  \n  Article 5         La Directrice G\u00e9n\u00e9rale de l'ARS  Grand Est est charg\u00e9e de l'ex\u00e9cution de la pr\u00e9sente \nd\u00e9cision qui sera notifi\u00e9e \u00e0 l'entit\u00e9 gestionnaire (ADPEP 52 520782004) et aux \nstructures concern\u00e9es. \n \n \n \nFait \u00e0 Chaumont, le 24 juin 2025 \n \n \n \n \n                                                                                                                               #signature# \n \n \nExR\u00c9PUBLIQUEFRAN\u00c7AISELibert\u00e9 @ Dd Agence R\u00e9gionale de Sant\u00e9\u00c9palir\u00e9 | Grand EstPraternit\u00e9\n \nDECISION TARIFAIRE N\u00b06230 PORTANT FIXATION POUR 2025 DU MONTANT ET DE LA \nREPARTITION DE LA DOTATION GLOBALISEE COMMUNE PREVUE AU \nCONTRAT PLURIANNUEL D'OBJECTIFS ET DE MOYENS DE  \nFONDATION LUCY LEBON - 520783044 \n \nPOUR LES ETABLISSEMENTS ET SERVICES SUIV ANTS  \nInstitut M\u00e9dico-Educatif (I.M.E.) - IME FONDATION L. LEBON MONTIER EN DER - 520780115 \n \nInstitut Th\u00e9rapeutique \u00c9ducatif et P\u00e9dagogique (I.T.E.P.) - ITEP CHALONS-EN-CHAMPAGNE - 510019599 \n \nInstitut Th\u00e9rapeutique \u00c9ducatif et P\u00e9dagogique (I.T.E.P.) - ITEP 51 \"LUCY LEBON\" - VITRY - 510023963 \n \nInstitut Th\u00e9rapeutique \u00c9ducatif et P\u00e9dagogique (I.T.E.P.) - ITEP ADOLESCENT LUCY LEBON ST DIZIER - \n520003138 \n \nInstitut Th\u00e9rapeutique \u00c9ducatif et P\u00e9dagogique (I.T.E.P.) - ITEP LUCY LEBON SAINT DIZIER - 520781659 \n \nService d'\u00c9ducation Sp\u00e9ciale et de Soins \u00e0 Domicile - SESSAD DE MONTIER-EN-DER - 520783960 \n \nCentre d'Accueil Familial Sp\u00e9cialis\u00e9 - CTRE ACC FAM SPEC MONTIER EN DER - 520784372 \n \n \nLa Directrice G\u00e9n\u00e9rale de l'ARS Grand Est \n \nVU le Code de l'Action Sociale et des Familles ; \n  \nVU le Code de la S\u00e9curit\u00e9 Sociale ; \n  \nVU la loi n\u00b0 2025 -199 du 28 f\u00e9vrier 2025 de financement de la S\u00e9curit\u00e9 Sociale pour 2025 \npubli\u00e9e au Journal Officiel du 28/02/2025 ; \n  \nVU l'arr\u00eat\u00e9 minist\u00e9riel du 02/06/2025 publi\u00e9 au Journal Officiel du 06/06/2025 pris en \napplication de l'article L314 -3 du Code de l'Action Sociale et des Familles fixant, pour \nl'ann\u00e9e 2025 l'objectif global de d\u00e9penses d'assurance maladie et le montant total de \nd\u00e9penses pour les \u00e9tablissements et services relevant de la Caisse nationale de solidarit\u00e9 \npour l'autonomie ; \n  \nVU la d\u00e9cision du 02/06/2025 publi\u00e9e au Journal Officiel du 06/06/2025 relative aux dotations \nr\u00e9gionales limitatives 2025 et \u00e0 la moyenne nationale des besoins en soins requis 2025 ; \n  \n  \nVU le d\u00e9cret du 21 mai 2024 portant nomination de Madame RATIGNIER -CARBONNEIL \nChristelle en qualit\u00e9 de Directrice G\u00e9n\u00e9rale de l'agence r\u00e9gionale de sant\u00e9 Grand Est ; \n \nVU la d\u00e9l\u00e9gation de signature de la Directrice G\u00e9n\u00e9rale de l'ARS vers le Directeur de HAUTE -\nMARNE en date du 22/05/2025 ;  \n  \nVU le Contrat Pluriannuel d'Objectifs et de Moyens conclu le 28/06/2019 prenant effet au \n01/01/2019 ; \n \n \n\nDECIDE \n \n \nArticle 1er A compter du 1ER janvier 2025, au titre de 2025, la dotation globalis\u00e9e commune des \n\u00e9tablissements et services m\u00e9dico -sociaux financ\u00e9s par l'Assurance Maladie, g\u00e9r\u00e9s \npar l'entit\u00e9 d\u00e9nomm\u00e9e FONDATION LUCY LEBON (520783044), a \u00e9t\u00e9 fix\u00e9e \u00e0 \n8 878 956,34 \u20ac, dont 0,00 \u20ac de cr\u00e9dits non reconductibles vers\u00e9s en une seule fois. \n \n Elle se r\u00e9partit de la mani\u00e8re suivante, les prix de journ\u00e9e \u00e0 compter de 01/01/2025 \n\u00e9tant \u00e9galement mentionn\u00e9s. \n \n \n- Personnes handicap\u00e9es : 8 878 956,34 \u20ac (dont 8 878 956,34 \u20ac imputable \u00e0 \nl'assurance maladie) \n Dotations (en \u20ac) \nFINESS INT  SI  EXT PFR Aut_1 Aut_2 Aut_3 SSIAD \n510019599 \nITEP \nCHALONS-EN-\nCHAMPAGNE \n482 434,85 412 058,65 0,00 0,00 0,00 0,00 0,00 0,00 \n510023963 \nITEP 51 \"LUCY \nLEBON\" - \nVITRY \n589 239,32 303 056,12 0,00 0,00 0,00 0,00 0,00 0,00 \n520003138 \nITEP \nADOLESCENT \nLUCY LEBON \nST DIZIER \n560 230,90 372 460,83 0,00 0,00 0,00 0,00 0,00 0,00 \n520780115 \nIME \nFONDATION L. \nLEBON \nMONTIER EN \nDER \n1 162 828,21 747 044,54 0,00 0,00 0,00 0,00 0,00 0,00 \n520781659 \nITEP LUCY \nLEBON SAINT \nDIZIER \n1 154 996,22 767 775,73 0,00 0,00 0,00 0,00 0,00 0,00 \n520783960 \nSESSAD DE \nMONTIER-EN-\nDER \n0,00 0,00 0,00 0,00 1 115 679,75 0,00 0,00 0,00 \n520784372 \nCTRE ACC FAM \nSPEC MONTIER \nEN DER \n0,00 0,00 0,00 0,00 0,00 0,00 1 211 151,22 0,00 \n \n \n Prix de Journ\u00e9e (en \u20ac) \nFINESS INT  SI  EXT PFR Aut_1 Aut_2 Aut_3 SSIAD \n510019599 \nITEP \nCHALONS-EN-\nCHAMPAGNE \n209,39 536,53 0,00 0,00 0,00 0,00 0,00 0,00 \n510023963 \nITEP 51 \"LUCY \nLEBON\" - \nVITRY \n255,75 789,21 0,00 0,00 0,00 0,00 0,00 0,00 \n520003138 \nITEP \nADOLESCENT \nLUCY LEBON \n315,98 378,13 0,00 0,00 0,00 0,00 0,00 0,00 \nST DIZIER \n520780115 \nIME \nFONDATION L. \nLEBON \nMONTIER EN \nDER \n199,42 390,92 0,00 0,00 0,00 0,00 0,00 0,00 \n520781659 \nITEP LUCY \nLEBON SAINT \nDIZIER \n294,57 401,98 0,00 0,00 0,00 0,00 0,00 0,00 \n520783960 \nSESSAD DE \nMONTIER-EN-\nDER \n0,00 0,00 0,00 0,00 92,04 0,00 0,00 0,00 \n520784372 \nCTRE ACC FAM \nSPEC MONTIER \nEN DER \n0,00 0,00 0,00 0,00 0,00 0,00 157,11 0,00 \n \nPour 2025, la fraction forfaitaire mensuelle, pour le secteur personnes handicap\u00e9es, s'\u00e9tablit \u00e0 \n739 913,03 \u20ac (dont 739 913,03 \u20ac imputable \u00e0 l'Assurance Maladie). \n \n \n \n \n \nArticle 2 A compter du 1 er janvier 2026, en application de l'article L.314 -7 du CASF, la \ndotation globalis\u00e9e commune s'\u00e9l\u00e8ve, \u00e0 titre transitoire, \u00e0 8  832 956,34 \u20ac. Elle se \nr\u00e9partit de la mani\u00e8re suivante, les prix de journ\u00e9e de reconduction \u00e9tant \u00e9galement \nmentionn\u00e9s : \n  \n \n \n \n- personnes handicap\u00e9es : 8 832 956,34  \u20ac \n(dont 8 832 956,34  \u20ac imputable \u00e0 l'Assurance Maladie) \n \n \nDotations (en \u20ac) \nFINESS INT  SI  EXT PFR Aut_1 Aut_2 Aut_3 SSIAD \n510019599 \nITEP CHALONS-\nEN-CHAMPAGNE \n482 434,85 412 058,65 0,00 0,00 0,00 0,00 0,00 0,00 \n510023963 \nITEP 51 \"LUCY \nLEBON\" - VITRY \n589 239,32 303 056,12 0,00 0,00 0,00 0,00 0,00 0,00 \n520003138 \nITEP \nADOLESCENT \nLUCY LEBON ST \nDIZIER \n560 230,90 372 460,83 0,00 0,00 0,00 0,00 0,00 0,00 \n520780115 \nIME FONDATION \nL. LEBON \nMONTIER EN \nDER \n1 116 828,21 747 044,54 0,00 0,00 0,00 0,00 0,00 0,00 \n520781659 \nITEP LUCY \nLEBON SAINT \nDIZIER \n1 154 996,22 767 775,73 0,00 0,00 0,00 0,00 0,00 0,00 \n520783960 \nSESSAD DE \nMONTIER-EN-\n0,00 0,00 0,00 0,00 1 115 679,75 0,00 0,00 0,00 \nDER \n520784372 \nCTRE ACC FAM \nSPEC MONTIER \nEN DER \n0,00 0,00 0,00 0,00 0,00 0,00 1 211 151,22 0,00 \n \n \n \n \nPrix de journ\u00e9e (en \u20ac) \nFINESS INT SI EXT PFR Aut_1 Aut_2 Aut_3 SSIAD \n510019599 \nITEP CHALONS-\nEN-CHAMPAGNE \n209,39 536,53 0,00 0,00 0,00 0,00 0,00 0,00 \n510023963 \nITEP 51 \"LUCY \nLEBON\" - VITRY \n255,75 789,21 0,00 0,00 0,00 0,00 0,00 0,00 \n520003138 \nITEP \nADOLESCENT \nLUCY LEBON ST \nDIZIER \n315,98 378,13 0,00 0,00 0,00 0,00 0,00 0,00 \n520780115 \nIME FONDATION \nL. LEBON \nMONTIER EN \nDER \n191,53 390,92 0,00 0,00 0,00 0,00 0,00 0,00 \n520781659 \nITEP LUCY \nLEBON SAINT \nDIZIER \n294,57 401,98 0,00 0,00 0,00 0,00 0,00 0,00 \n520783960 \nSESSAD DE \nMONTIER-EN-\nDER \n0,00 0,00 0,00 0,00 92,04 0,00 0,00 0,00 \n520784372 \nCTRE ACC FAM \nSPEC MONTIER \nEN DER \n0,00 0,00 0,00 0,00 0,00 0,00 157,11 0,00 \n \nPour 2026, la fraction forfaitaire mensuelle, pour le secteur personnes handicap\u00e9es, s'\u00e9tablit \u00e0 \n736 079,70 \u20ac (dont 736 079,70 \u20ac imputable \u00e0 l'Assurance Maladie). \n \n \n \nArticle 3 Les recours contentieux dirig\u00e9s contre la pr\u00e9sente d\u00e9cision doivent \u00eatre port\u00e9s devant \nle Tribunal Administratif sis 6, Rue du Haut Bourgeois, 54035 NANCY dans un d\u00e9lai \nde deux mois \u00e0 compter de sa publication ou, pour les personnes auxquelles elle sera \nnotifi\u00e9e, \u00e0 compter de sa notification. Le tribunal administratif peut \u00eatre saisi par \nl'application \u00ab T\u00e9l\u00e9recours citoyens \u00bb accessible par le site www.telerecours.fr. \n  \nArticle 4 La pr\u00e9sente d\u00e9cision sera publi\u00e9e au recueil des actes administratifs . \n  \n  Article 5         La Directrice G\u00e9n\u00e9rale de l'ARS  Grand Est est charg\u00e9e de l'ex\u00e9cution de la pr\u00e9sente \nd\u00e9cision qui sera notifi\u00e9e \u00e0 l'entit\u00e9 gestionnaire (FONDATION LUCY LEBON \n520783044) et aux structures concern\u00e9es. \n \n \n \nFait \u00e0 Chaumont, le 24 juin 2025 \n \n \n \n \n                                                                                                                               #signature# \n \n \nExR\u00c9PUBLIQUEFRAN\u00c7AISELibert\u00e9 @ Dd Agence R\u00e9gionale de Sant\u00e9\u00c9palir\u00e9 | Grand EstPraternit\u00e9\n \nDECISION TARIFAIRE N\u00b06231 PORTANT FIXATION POUR 2025 DU MONTANT ET DE LA \nREPARTITION DE LA DOTATION GLOBALISEE COMMUNE PREVUE AU \nCONTRAT PLURIANNUEL D'OBJECTIFS ET DE MOYENS DE  \nA.D.A.S.M.S. - 520000373 \n \nPOUR LES ETABLISSEMENTS ET SERVICES SUIV ANTS  \nInstitut M\u00e9dico-Educatif (I.M.E.) - IME LE JOLI COIN PUELLEMONTIER - 520780107 \n \nService d'accompagnement m\u00e9dico-social adultes handicap\u00e9s - SAMSAH ADASMS - 520003807 \n \nService d'\u00c9ducation Sp\u00e9ciale et de Soins \u00e0 Domicile - SESSAD PUELLEMONTIER - 520004631 \n \nEtablissement et Service d'Aide par le Travail (E.S.A.T.) - ESAT \"LES ATELIERS DE L'HERONNE\" - \n520782293 \n \n \nLa Directrice G\u00e9n\u00e9rale de l'ARS Grand Est \n \nVU le Code de l'Action Sociale et des Familles ; \n  \nVU le Code de la S\u00e9curit\u00e9 Sociale ; \n  \nVU la loi n\u00b0 2025 -199 du 28 f\u00e9vrier 2025 de financement de la S\u00e9curit\u00e9 Sociale pour 2025 \npubli\u00e9e au Journal Officiel du 28/02/2025 ; \n  \nVU l'arr\u00eat\u00e9 minist\u00e9riel du 02/06/2025 publi\u00e9 au Journal Officiel du 06/06/2025 pris en \napplication de l'article L314 -3 du Code de l'Action Sociale et des Familles fixant, pour \nl'ann\u00e9e 2025 l'objectif global de d\u00e9penses d'assurance maladie et le montant total de \nd\u00e9penses pour les \u00e9tablissements et services relevant de la Caisse nationale de solidarit\u00e9 \npour l'autonomie ; \n  \nVU la d\u00e9cision du 02/06/2025 publi\u00e9e au Journal Officiel du 06/06/2025 relative aux dotations \nr\u00e9gionales limitatives 2025 et \u00e0 la moyenne nationale des besoins en soins requis 2025 ; \n  \n  \nVU le d\u00e9cret du 21 mai 2024 portant nomination de Madame RATIGNIER -CARBONNEIL \nChristelle en qualit\u00e9 de Directrice G\u00e9n\u00e9rale de l'agence r\u00e9gionale de sant\u00e9 Grand Est ; \n \nVU la d\u00e9l\u00e9gation de signature de la Directrice G\u00e9n\u00e9rale de l'ARS vers le Directeur de HAUTE -\nMARNE en date du 22/05/2025 ;  \n  \nVU le Contrat Pluriannuel d'Objectifs et de Moyens conclu le 20/12/2016 prenant effet au \n01/01/2016 ; \n \n \n \n \n \n \n\nDECIDE \n \n \nArticle 1er A compter du 1er janvier 2025, au titre de 2025, la dotation globalis\u00e9e commune des \n\u00e9tablissements et services m\u00e9dico -sociaux financ\u00e9s par l'Assurance Maladie, g\u00e9r\u00e9s \npar l'entit\u00e9 d\u00e9nomm\u00e9e A.D.A.S.M.S. (520000373), a \u00e9t\u00e9 fix\u00e9e \u00e0 3 995 269,07 \u20ac, dont \n0,00 \u20ac de cr\u00e9dits non reconductibles vers\u00e9s en une seule fois. \n \n Elle se r\u00e9partit de la mani\u00e8re suivante, les prix de journ\u00e9e \u00e0 compter de 01/01/2025 \n\u00e9tant \u00e9galement mentionn\u00e9s. \n \n \n- Personnes handicap\u00e9es : 3 995 269,07 \u20ac (dont 3 995 269,07 \u20ac imputable \u00e0 \nl'assurance maladie) \n Dotations (en \u20ac) \nFINESS INT  SI  EXT PFR Aut_1 Aut_2 Aut_3 SSIAD \n520003807 \nSAMSAH \nADASMS \n0,00 0,00 0,00 0,00 239 031,33 0,00 0,00 0,00 \n520004631 \nSESSAD \nPUELLEMONTI\nER \n0,00 0,00 0,00 0,00 109 057,53 0,00 0,00 0,00 \n520780107 \nIME LE JOLI \nCOIN \nPUELLEMONTI\nER \n1 570 762,03 486 421,41 0,00 0,00 0,00 0,00 100 028,45 0,00 \n520782293 \nESAT \"LES \nATELIERS DE \nL'HERONNE\" \n0,00 0,00 1 489 \n968,32 0,00 0,00 0,00 0,00 0,00 \n \n \n Prix de Journ\u00e9e (en \u20ac) \nFINESS INT  SI  EXT PFR Aut_1 Aut_2 Aut_3 SSIAD \n520003807 \nSAMSAH \nADASMS \n0,00 0,00 0,00 0,00 54,57 0,00 0,00 0,00 \n520004631 \nSESSAD \nPUELLEMONTI\nER \n0,00 0,00 0,00 0,00 114,80 0,00 0,00 0,00 \n520780107 \nIME LE JOLI \nCOIN \nPUELLEMONTI\nER \n351,34 200,76 0,00 0,00 0,00 0,00 357,80 0,00 \n520782293 \nESAT \"LES \nATELIERS DE \nL'HERONNE\" \n0,00 0,00 70,82 0,00 0,00 0,00 0,00 0,00 \n \nPour 2025, la fraction forfaitaire mensuelle, pour le secteur personnes handicap\u00e9es, s'\u00e9tablit \u00e0 \n332 939,10 \u20ac (dont 332 939,10 \u20ac imputable \u00e0 l'Assurance Maladie). \n \n \n \n \n \nArticle 2 A compter du 1 er janvier 2026, en application de l'article L.314 -7 du CASF, la \ndotation globalis\u00e9e commune s'\u00e9l\u00e8ve, \u00e0 titre transitoire, \u00e0 4  037 302,95 \u20ac. Elle se \nr\u00e9partit de la mani\u00e8re suivante, les prix de journ\u00e9e de reconduction \u00e9tant \u00e9galement \nmentionn\u00e9s : \n  \n \n \n \n- personnes handicap\u00e9es : 4 037 302,95  \u20ac \n(dont 4 037 302,95  \u20ac imputable \u00e0 l'Assurance Maladie) \n \n \nDotations (en \u20ac) \nFINESS INT  SI  EXT PFR Aut_1 Aut_2 Aut_3 SSIAD \n520003807 \nSAMSAH \nADASMS \n0,00 0,00 0,00 0,00 239 031,33 0,00 0,00 0,00 \n520004631 \nSESSAD \nPUELLEMONTIE\nR \n0,00 0,00 0,00 0,00 109 057,53 0,00 0,00 0,00 \n520780107 \nIME LE JOLI \nCOIN \nPUELLEMONTIE\nR \n1 601 394,56 495 878,08 0,00 0,00 0,00 0,00 101 973,13 0,00 \n520782293 \nESAT \"LES \nATELIERS DE \nL'HERONNE\" \n0,00 0,00 1 489 968,32 0,00 0,00 0,00 0,00 0,00 \n \n \n \n \nPrix de journ\u00e9e (en \u20ac) \nFINESS INT SI EXT PFR Aut_1 Aut_2 Aut_3 SSIAD \n520003807 \nSAMSAH \nADASMS \n0,00 0,00 0,00 0,00 54,57 0,00 0,00 0,00 \n520004631 \nSESSAD \nPUELLEMONTIE\nR \n0,00 0,00 0,00 0,00 114,80 0,00 0,00 0,00 \n520780107 \nIME LE JOLI \nCOIN \nPUELLEMONTIE\nR \n351,34 200,76 0,00 0,00 0,00 0,00 357,80 0,00 \n520782293 \nESAT \"LES \nATELIERS DE \nL'HERONNE\" \n0,00 0,00 70,82 0,00 0,00 0,00 0,00 0,00 \n \nPour 2026, la fraction forfaitaire mensuelle, pour le secteur personnes handicap\u00e9es, s'\u00e9tablit \u00e0 \n336 441,92 \u20ac (dont 336 441,92 \u20ac imputable \u00e0 l'Assurance Maladie). \n \n \n \n \n \nArticle 3 Les recours contentieux dirig\u00e9s contre la pr\u00e9sente d\u00e9cision doivent \u00eatre port\u00e9s devant \nle Tribunal Administratif sis 6, Rue du Haut Bourgeois, 54035 NANCY dans un d\u00e9lai \nde deux mois \u00e0 compter de sa publication ou, pour les personnes auxquelles elle sera \nnotifi\u00e9e, \u00e0 compter de sa notification. Le tribunal administratif peut \u00eatre saisi par \nl'application \u00ab T\u00e9l\u00e9recours citoyens \u00bb accessible par le site www.telerecours.fr. \n  \nArticle 4 La pr\u00e9sente d\u00e9cision sera publi\u00e9e au recueil des actes administratifs . \n  \n  Article 5         La Directrice G\u00e9n\u00e9rale de l'ARS  Grand Est est charg\u00e9e de l'ex\u00e9cution de la pr\u00e9sente \nd\u00e9cision qui sera notifi\u00e9e \u00e0 l'entit\u00e9 gestionnaire (A.D.A.S.M.S. 520000373) et aux \nstructures concern\u00e9es. \n \n \n \nFait \u00e0 Chaumont, le 24 juin 2025 \n \n \n \n \n                                                                                                                               #signature# \n \n \nEuREPUBLIQUEFRAN\u00c7AISELibert\u00e9 \u00a9 D Azence R\u00e9gionale de Sant\u00e9Egalit\u00e9. Grand EstFraternit\u00e9\n  \n \nDECISION TARIFAIRE N\u00b010781 PORTANT FIXATION DU FORFAIT GLOBAL DE SOINS \nPOUR 2025 DE \nEHPAD LA TRINCASSAYE - 520783622 \n \nLa Directrice G\u00e9n\u00e9rale de l'ARS Grand Est \n \nVU le Code de l'Action Sociale et des Familles \n  \nVU le Code de la S\u00e9curit\u00e9 Sociale ; \n  \nVU la loi n\u00b02025 -199 du 28 f\u00e9vrier 2025 de financement de la S\u00e9curit\u00e9 Sociale pour 2025 \npubli\u00e9e au Journal Officiel du 28/02/2025 ; \n  \nVU l'arr\u00eat\u00e9 minist\u00e9riel du 02/06/2025  publi\u00e9 au Journal Officiel du 06/06/2025 pris en \napplication de l'article L314 -3 du Code de l'Action Sociale et des Familles fixant, pour \nl'ann\u00e9e 2025 l'objectif global de d\u00e9penses d'assurance maladie et le montant total de \nd\u00e9penses pour les \u00e9tablissements et services relevant de la Caisse nationale de solidarit\u00e9 \npour l'autonomie ; \n  \nVU l'arr\u00eat\u00e9 du 6 juin 2025  fixant le montant de la participation journali\u00e8re forfaitaire des \nr\u00e9sidents aux d\u00e9penses d'entretien de l'autonomie dans les \u00e9tablissements relevant des I, II \net IV bis de l'article L. 313 -12 du code de l'action sociale et des familles implant\u00e9s dans \nles d\u00e9partements participant \u00e0 l'exp\u00e9rimentation mentionn\u00e9e \u00e0 l'article 79 de la loi n\u00b0 \n2023-1250 du 26 d\u00e9cembre 2023 de financement de la s\u00e9curit\u00e9 sociale pour 2024, au titre \nde l'exercice 2025 ; \n  \nVU la d\u00e9cision du 02/06/2025 publi\u00e9e au Journal Officiel du 06/06/2025 relative aux dotations \nr\u00e9gionales limitatives 2025 et \u00e0 la moyenne nationale des besoins en soins requis 2025 ; \n  \nVU l'arr\u00eat\u00e9 du 28/05/2025 fixant pour 2025 les valeurs du point mentionn\u00e9e \u00e0 l'article 9 du \nd\u00e9cret n\u00b0 2025 -168 du 20/02/2025 du code de l'action sociale et des familles publi\u00e9 au \nJournal Officiel du 31/05/2025 ; \n  \nVU le d\u00e9cret du 21 mai 2024 portant nomination de Madame, RATIGNIER -CARBONNEIL, \nChristelle en qualit\u00e9 de Directrice G\u00e9n\u00e9rale de l'agence r\u00e9gionale de sant\u00e9 Grand Est ; \n  \nVU la d\u00e9cision de d\u00e9l\u00e9gation de signature de la Directrice G\u00e9n\u00e9rale de l'ARS vers le Directeur \nde HAUTE-MARNE en date du 22/05/2025 ; \n \nVU l'autorisation ou le renouvellement d'autorisation en date du 03/01/2017 de la structure \nEtablissement d'h\u00e9bergement pour personnes \u00e2g\u00e9es d\u00e9pendantes d\u00e9nomm\u00e9e EHPAD LA \nTRINCASSAYE (520783622) sise  A V DE LA RESISTANCE 52200 Langres et g\u00e9r\u00e9e par \nl'entit\u00e9 d\u00e9nomm\u00e9e CENTRE HOSPITALIER DE LANGRES (520780057) ; \n  \n \n  \n\nDECIDE \n \nArticle 1er A compter du 1 er janvier 2025, le montant \u00e0 la charge de la 5 \u00e8me branche est fix\u00e9 \u00e0 \n4 335 037,90 \u20ac au titre de 2025, dont 0,00 \u20ac de  cr\u00e9dits non reconductibles vers\u00e9s en \nune seule fois. \n \n La fraction forfaitaire mensuelle s'\u00e9tablit \u00e0 361 253,16 \u20ac. \n \nPour 2025, les tarifs sont d\u00e9compos\u00e9s comme suit : \n \n Partie soins du forfait \nglobal unique \nPartie entretien de \nl'autonomie du forfait \nglobal unique \nParticipation des r\u00e9sidents \n\u00e0 d\u00e9duire de la dotation \nglobalis\u00e9e commune \nMontant \u00e0 la \ncharge de la 5\u00e8me \nbranche \nTarif journalier \nH\u00e9bergement \nPermanent 3 749 004,16 \u20ac 436 912,87 \u20ac 143 034,13 \u20ac 4 042 882,90 \u20ac 90,62 \u20ac \nH\u00e9bergement \nTemporaire 70 351,00 \u20ac   70 351,00 \u20ac 146,87 \u20ac \nUHR 0,00 \u20ac   0,00 \u20ac  \nPASA 90 738,00 \u20ac   90 738,00 \u20ac  \nAccueil de Jour 131 066,00 \u20ac   131 066,00 \u20ac 118,08 \u20ac \nPlateforme de r\u00e9pit 0,00 \u20ac   0,00 \u20ac  \n \nArticle 2 A compter du 1 er janvier 2026, en application de l'article L.314 -7 du CASF, le \nmontant \u00e0 la charge de la 5\u00e8me branche est fix\u00e9, \u00e0 titre transitoire, \u00e0 4 628 916,65 \u20ac \n  \n Les tarifs de reconduction sont fix\u00e9s \u00e0 : \n \n Partie soins du forfait \nglobal unique N+1 \nPartie entretien de \nl'autonomie du forfait \nglobal unique N+1 \nParticipation des \nr\u00e9sidents \u00e0 d\u00e9duire de \nla dotation globalis\u00e9e \ncommune \nMontant \u00e0 la charge de la \n5\u00e8me branche \nN+1 \nTarif journalier \nN+1 \nH\u00e9bergement \nPermanent 3 749 004,16 \u20ac 873 825,74 \u20ac 286 068,25 \u20ac 4 336 761,65 \u20ac 97,21 \u20ac \nH\u00e9bergement \nTemporaire 70 351,00 \u20ac   70 351,00 \u20ac 146,87 \u20ac \nUHR 0,00 \u20ac   0,00 \u20ac  \nPASA 90 738,00 \u20ac   90 738,00 \u20ac  \nAccueil de Jour 131 066,00 \u20ac   131 066,00 \u20ac 118,08 \u20ac \nPlateforme de r\u00e9pit 0,00 \u20ac   0,00 \u20ac  \n \n La fraction forfaitaire mensuelle s'\u00e9tablit \u00e0 385 743,05 \u20ac. \n \n  \nArticle 3 Les recours contentieux dirig\u00e9s contre la pr\u00e9sente d\u00e9cision doivent \u00eatre port\u00e9s devant le \nTribunal Administratif sis 6 Rue du Haut Bourgeois 54035 NANCY dans un d\u00e9lai de deux \nmois \u00e0 compter de sa publication ou, pour les personnes auxquelles elle sera notifi\u00e9e, \u00e0 \ncompter de sa notification. Le tribunal administratif peut \u00eatre saisi par l'application \u00ab \nT\u00e9l\u00e9recours citoyens \u00bb accessible par le site www.telerecours.fr. \n  \nArticle 4 La pr\u00e9sente d\u00e9cision sera publi\u00e9e au recueil des actes administratifs. \n  \nArticle 5      La Directrice G\u00e9n\u00e9rale de l'ARS Grand Est est charg\u00e9e de l'ex\u00e9cution de la pr\u00e9sente \nd\u00e9cision qui sera notifi\u00e9e \u00e0 l'entit\u00e9 gestionnaire CENTRE HOSPITALIER DE LANGRES \n(520780057) et \u00e0 l'\u00e9tablissement concern\u00e9. \n \n \nFait \u00e0 CHAUMONT, le 30 juin 2025           \n \n \nLe Directeur \n                \n \n \n \n         #signature# \n \n \nEuREPUBLIQUEFRAN\u00c7AISELibert\u00e9 \u00a9 D Azence R\u00e9gionale de Sant\u00e9Egalit\u00e9. Grand EstFraternit\u00e9\n  \n \nDECISION TARIFAIRE N\u00b010782 PORTANT FIXATION DU FORFAIT GLOBAL DE SOINS \nPOUR 2025 DE \nEHPAD LA PROVIDENCE DE MONTIGNY LE ROI - 520783432 \n \nLa Directrice G\u00e9n\u00e9rale de l'ARS Grand Est \n \nVU le Code de l'Action Sociale et des Familles \n  \nVU le Code de la S\u00e9curit\u00e9 Sociale ; \n  \nVU la loi n\u00b02025 -199 du 28 f\u00e9vrier 2025 de financement de la S\u00e9curit\u00e9 Sociale pour 2025 \npubli\u00e9e au Journal Officiel du 28/02/2025 ; \n  \nVU l'arr\u00eat\u00e9 minist\u00e9riel du 02/06/2025 publi\u00e9 au Journal Officiel du 06/06/2025 pris en \napplication de l'article L314 -3 du Code de l'Action Sociale et des Familles fixant, pour \nl'ann\u00e9e 2025 l'objectif global de d\u00e9penses d'assurance maladie et le montant total de \nd\u00e9penses pour les \u00e9tablissements et services relevant de la Caisse nationale de s olidarit\u00e9 \npour l'autonomie ; \n  \nVU l'arr\u00eat\u00e9 du 6 juin 2025  fixant le montant de la participation journali\u00e8re forfaitaire des \nr\u00e9sidents aux d\u00e9penses d'entretien de l'autonomie dans les \u00e9tablissements relevant des I, II \net IV bis de l'article L. 313-12 du code de l'action sociale et des familles implant\u00e9s dans les \nd\u00e9partements participant \u00e0 l'exp\u00e9rimentation mentionn\u00e9e \u00e0 l'article 79 de la loi n\u00b0 2023 -\n1250 du 26 d\u00e9cembre 2023 de financement de la s\u00e9curit\u00e9 sociale pour 2024, au titre de \nl'exercice 2025 ; \n  \nVU la d\u00e9cision du 02/06/2025 publi\u00e9e au Journal Officiel du 06/06/2025 relative aux dotations \nr\u00e9gionales limitatives 2025 et \u00e0 la moyenne nationale des besoins en soins requis 2025 ; \n  \nVU l'arr\u00eat\u00e9 du 28/05/2025 fixant pour 2025 les valeurs du point mentionn\u00e9e \u00e0 l'article 9 du \nd\u00e9cret n\u00b0 2025 -168 du 20/02/2025 du code de l'action sociale et des familles publi\u00e9 au \nJournal Officiel du 31/05/2025 ; \n  \nVU le d\u00e9cret du 21 mai 2024 portant nomination de Madame, RATIGNIER -CARBONNEIL, \nChristelle en qualit\u00e9 de Directrice G\u00e9n\u00e9rale de l'agence r\u00e9gionale de sant\u00e9 Grand Est ; \n  \nVU la d\u00e9cision de d\u00e9l\u00e9gation de signature de la Directrice G\u00e9n\u00e9rale de l'ARS vers le Directeur \nde HAUTE-MARNE en date du 22/05/2025 ; \n \nVU l'autorisation ou le renouvellement d'autorisation en date du 03/01/2017 de la structure \nEtablissement d'h\u00e9bergement pour personnes \u00e2g\u00e9es d\u00e9pendantes d\u00e9nomm\u00e9e EHPAD LA \nPROVIDENCE DE MONTIGNY LE ROI (520783432) sise 2 R DE LA MADELEINE \n52140 Val-de-Meuse et g\u00e9r\u00e9e par l'entit\u00e9 d\u00e9nomm\u00e9e C.C.A.S DU V AL DE MEUSE \n(520783408) ; \n  \n \n \n \n \n \n\nDECIDE \n \nArticle 1er A compter du 01  janvier 2025, le montant \u00e0 la charge de la 5 \u00e8me branche est fix\u00e9 \u00e0 \n1 906 331,83 au titre de 2025, dont 0,00 de cr\u00e9dits non reconductibles vers\u00e9s en une \nseule fois. \n \n \n La fraction forfaitaire mensuelle s'\u00e9tablit \u00e0 158 860,99 \u20ac. \n \nPour 2025, les tarifs sont d\u00e9compos\u00e9s comme suit : \n \n Partie soins du forfait \nglobal unique \nPartie entretien de \nl'autonomie du forfait \nglobal unique \nParticipation des r\u00e9sidents \n\u00e0 d\u00e9duire de la dotation \nglobalis\u00e9e commune \nMontant \u00e0 la \ncharge de la 5\u00e8me \nbranche \nTarif journalier \nH\u00e9bergement \nPermanent 1 714 514,97 211 329,07 68 863,21 1 856 980,83 78,32 \nH\u00e9bergement \nTemporaire 49 351,00   49 351,00 98,70 \nUHR 0,00   0,00  \nPASA 0,00   0,00  \nAccueil de Jour 0,00   0,00 0,00 \nPlateforme de r\u00e9pit 0,00   0,00  \n \n \n \n \nArticle 2 A compter du 1er janvier 2026 , en application de l'article L.314-7 du CASF, le montant \n\u00e0 la charge de la 5\u00e8me branche est fix\u00e9, \u00e0 titre transitoire, \u00e0 2 048 797,68 \n  \n Les tarifs de reconduction sont fix\u00e9s \u00e0 : \n \n Partie soins du forfait \nglobal unique  N+1 \nPartie entretien de \nl'autonomie du forfait \nglobal unique N+1 \nParticipation des \nr\u00e9sidents \u00e0 d\u00e9duire de \nla dotation globalis\u00e9e \ncommune \nMontant \u00e0 la charge de la \n5\u00e8me branche \nN+1 \nTarif journalier \nN+1 \nH\u00e9bergement \nPermanent 1 714 514,97 422 658,13 137 726,42 1 999 446,68 84,33 \nH\u00e9bergement \nTemporaire 49 351,00   49 351,00 98,70 \nUHR 0,00   0,00  \nPASA 0,00   0,00  \nAccueil de Jour 0,00   0,00 0,00 \nPlateforme de r\u00e9pit 0,00   0,00  \n \n \n \n \n La fraction forfaitaire mensuelle s'\u00e9tablit \u00e0 170 733,14 \u20ac. \n \n  \nArticle 3 Les recours contentieux dirig\u00e9s contre la pr\u00e9sente d\u00e9cision doivent \u00eatre port\u00e9s devant le \nTribunal Administratif sis 6 Rue du Haut Bourgeois 54035 NANCY dans un d\u00e9lai de deux \nmois \u00e0 compter de sa publication ou, pour les personnes auxquelles elle sera noti fi\u00e9e, \u00e0 \ncompter de sa notification. Le tribunal administratif peut \u00eatre saisi par l'application \u00ab \nT\u00e9l\u00e9recours citoyens \u00bb accessible par le site www.telerecours.fr. \n  \nArticle 4 La pr\u00e9sente d\u00e9cision sera publi\u00e9e au recueil des actes administratifs. \n  \nArticle 5      La Directrice G\u00e9n\u00e9rale de l'ARS Grand Est est charg\u00e9e de l'ex\u00e9cution de la pr\u00e9sente d\u00e9cision \nqui sera notifi\u00e9e \u00e0 l'entit\u00e9 gestionnaire C.C.A.S DU V AL DE MEUSE (520783408) et \u00e0 \nl'\u00e9tablissement concern\u00e9. \n \n \nFait \u00e0 CHAUMONT, le 30 juin 2025           \n \n \nLe Directeur \n                \n \n \n \n         #signature# \n \n \nEuREPUBLIQUEFRAN\u00c7AISELibert\u00e9 \u00a9 D Azence R\u00e9gionale de Sant\u00e9Egalit\u00e9. Grand EstFraternit\u00e9\n  \n \nDECISION TARIFAIRE N\u00b010783 PORTANT FIXATION DU FORFAIT GLOBAL DE SOINS \nPOUR 2025 DE \nEHPAD DE BOURMONT - 520783150 \n \nLa Directrice G\u00e9n\u00e9rale de l'ARS Grand Est \n \nVU le Code de l'Action Sociale et des Familles \n  \nVU le Code de la S\u00e9curit\u00e9 Sociale ; \n  \nVU la loi n\u00b02025 -199 du 28 f\u00e9vrier 2025 de financement de la S\u00e9curit\u00e9 Sociale pour 2025 \npubli\u00e9e au Journal Officiel du 28/02/2025 ; \n  \nVU l'arr\u00eat\u00e9 minist\u00e9riel du 02/06/2025  publi\u00e9 au Journal Officiel du 06/06/2025 pris en \napplication de l'article L314 -3 du Code de l'Action Sociale et des Familles fixant, pour \nl'ann\u00e9e 2025 l'objectif global de d\u00e9penses d'assurance maladie et le montant total de \nd\u00e9penses pour les \u00e9tablissements et services relevant de la Caisse nationale de solidarit\u00e9 \npour l'autonomie ; \n  \nVU l'arr\u00eat\u00e9 du 6 juin 2025  fixant le montant de la participation journali\u00e8re forfaitaire des \nr\u00e9sidents aux d\u00e9penses d'entretien de l'autonomie dans les \u00e9tablissements relevant des I, II \net IV bis de l'article L. 313 -12 du code de l'action sociale et des familles implant\u00e9s dans \nles d\u00e9partements participant \u00e0 l'exp\u00e9rimentation mentionn\u00e9e \u00e0 l'article 79 de la loi n\u00b0 \n2023-1250 du 26 d\u00e9cembre 2023 de financement de la s\u00e9curit\u00e9 sociale pour 2024, au titre \nde l'exercice 2025 ; \n  \nVU la d\u00e9cision du 02/06/2025 publi\u00e9e au Journal Officiel du 06/06/2025 relative aux dotations \nr\u00e9gionales limitatives 2025 et \u00e0 la moyenne nationale des besoins en soins requis 2025 ; \n  \nVU l'arr\u00eat\u00e9 du 28/05/2025 fixant pour 2025 les valeurs du point mentionn\u00e9e \u00e0 l'article 9 du \nd\u00e9cret n\u00b0 2025 -168 du 20/02/2025 du code de l'action sociale et des familles publi\u00e9 au \nJournal Officiel du 31/05/2025 ; \n  \nVU le d\u00e9cret du 21 mai 2024 portant nomination de Madame, RATIGNIER -CARBONNEIL, \nChristelle en qualit\u00e9 de Directrice G\u00e9n\u00e9rale de l'agence r\u00e9gionale de sant\u00e9 Grand Est ; \n  \nVU la d\u00e9cision de d\u00e9l\u00e9gation de signature de la Directrice G\u00e9n\u00e9rale de l'ARS vers le Directeur \nde HAUTE-MARNE en date du 22/05/2025 ; \n \nVU l'autorisation ou le renouvellement d'autorisation en date du 03/01/2017 de la structure \nEtablissement d'h\u00e9bergement pour personnes \u00e2g\u00e9es d\u00e9pendantes d\u00e9nomm\u00e9e EHPAD DE \nBOURMONT (520783150) sise 3 R DU STADE 52150 Bourmont -entre-Meuse-et-\nMouzon et g\u00e9r\u00e9e par l'entit\u00e9 d\u00e9nomm\u00e9e C.C.A.S. BOURMONT MEUS MOUZ \n(520783242) ; \n  \n \n  \n\nDECIDE \n \nArticle 1er A compter du 1 er janvier 2025, le montant \u00e0 la charge de la 5 \u00e8me branche est fix\u00e9 \u00e0 \n1 609 230,34 \u20ac au titre de 2025, dont 0,00 \u20ac de  cr\u00e9dits non reconductibles vers\u00e9s en \nune seule fois. \n \n La fraction forfaitaire mensuelle s'\u00e9tablit \u00e0 134 102,53 \u20ac. \n \nPour 2025, les tarifs sont d\u00e9compos\u00e9s comme suit : \n \n Partie soins du forfait \nglobal unique \nPartie entretien de \nl'autonomie du forfait \nglobal unique \nParticipation des r\u00e9sidents \n\u00e0 d\u00e9duire de la dotation \nglobalis\u00e9e commune \nMontant \u00e0 la \ncharge de la 5\u00e8me \nbranche \nTarif journalier \nH\u00e9bergement \nPermanent 1 293 029,91 \u20ac 197 194,29 \u20ac 66 822,86 \u20ac 1 423 401,34 \u20ac 65,24 \u20ac \nH\u00e9bergement \nTemporaire 16 451,00 \u20ac   16 451,00 \u20ac 49,85 \u20ac \nUHR 0,00 \u20ac   0,00 \u20ac  \nPASA 90 738,00 \u20ac   90 738,00 \u20ac  \nAccueil de Jour 78 640,00 \u20ac   78 640,00 \u20ac 561,71 \u20ac \nPlateforme de r\u00e9pit 0,00 \u20ac   0,00 \u20ac  \n \nArticle 2 A compter du 1 er janvier 2026, en application de l'article L.314 -7 du CASF, le \nmontant \u00e0 la charge de la 5\u00e8me branche est fix\u00e9, \u00e0 titre transitoire, \u00e0 1 739 601,78 \u20ac \n  \n Les tarifs de reconduction sont fix\u00e9s \u00e0 : \n \n Partie soins du forfait \nglobal unique N+1 \nPartie entretien de \nl'autonomie du forfait \nglobal unique N+1 \nParticipation des \nr\u00e9sidents \u00e0 d\u00e9duire de \nla dotation globalis\u00e9e \ncommune \nMontant \u00e0 la charge de la \n5\u00e8me branche \nN+1 \nTarif journalier \nN+1 \nH\u00e9bergement \nPermanent 1 293 029,91 \u20ac 394 388,59 \u20ac 133 645,72 \u20ac 1 553 772,78 \u20ac 71,21 \u20ac \nH\u00e9bergement \nTemporaire 16 451,00 \u20ac   16 451,00 \u20ac 49,85 \u20ac \nUHR 0,00 \u20ac   0,00 \u20ac  \nPASA 90 738,00 \u20ac   90 738,00 \u20ac  \nAccueil de Jour 78 640,00 \u20ac   78 640,00 \u20ac 561,71 \u20ac \nPlateforme de r\u00e9pit 0,00 \u20ac   0,00 \u20ac  \n \n La fraction forfaitaire mensuelle s'\u00e9tablit \u00e0 144 966,82 \u20ac. \n \n  \nArticle 3 Les recours contentieux dirig\u00e9s contre la pr\u00e9sente d\u00e9cision doivent \u00eatre port\u00e9s devant le \nTribunal Administratif sis 6 Rue du Haut Bourgeois 54035 NANCY dans un d\u00e9lai de deux \nmois \u00e0 compter de sa publication ou, pour les personnes auxquelles elle sera notifi\u00e9e, \u00e0 \ncompter de sa notification. Le tribunal administratif peut \u00eatre saisi par l'application \u00ab \nT\u00e9l\u00e9recours citoyens \u00bb accessible par le site www.telerecours.fr. \n  \nArticle 4 La pr\u00e9sente d\u00e9cision sera publi\u00e9e au recueil des actes administratifs. \n  \nArticle 5      La Directrice G\u00e9n\u00e9rale de l'ARS Grand Est est charg\u00e9e de l'ex\u00e9cution de la pr\u00e9sente \nd\u00e9cision qui sera notifi\u00e9e \u00e0 l'entit\u00e9 gestionnaire C.C.A.S. BOURMONT MEUS MOUZ \n(520783242) et \u00e0 l'\u00e9tablissement concern\u00e9. \n \n \nFait \u00e0 CHAUMONT, le 30 juin 2025           \n \n \nLe Directeur \n                \n \n \n \n         #signature# \n \n \nEuREPUBLIQUEFRAN\u00c7AISELibert\u00e9 \u00a9 D Azence R\u00e9gionale de Sant\u00e9Egalit\u00e9. Grand EstFraternit\u00e9\n  \n \nDECISION TARIFAIRE N\u00b010784 PORTANT FIXATION DU FORFAIT GLOBAL DE SOINS \nPOUR 2025 DE \nEHPAD RES DES AINES CH MONTIER-EN-DER - 520782178 \n \nLa Directrice G\u00e9n\u00e9rale de l'ARS Grand Est \n \nVU le Code de l'Action Sociale et des Familles \n  \nVU le Code de la S\u00e9curit\u00e9 Sociale ; \n  \nVU la loi n\u00b02025 -199 du 28 f\u00e9vrier 2025 de financement de la S\u00e9curit\u00e9 Sociale pour 2025 \npubli\u00e9e au Journal Officiel du 28/02/2025 ; \n  \nVU l'arr\u00eat\u00e9 minist\u00e9riel du 02/06/2025 publi\u00e9 au Journal Officiel du 06/06/2025 pris en \napplication de l'article L314 -3 du Code de l'Action Sociale et des Familles fixant, pour \nl'ann\u00e9e 2025 l'objectif global de d\u00e9penses d'assurance maladie et le montant total de \nd\u00e9penses pour les \u00e9tablissements et services relevant de la Caisse nationale de solidarit\u00e9 \npour l'autonomie ; \n  \nVU l'arr\u00eat\u00e9 du 6 juin 2025  fixant le montant de la participation journali\u00e8re forfaitaire des \nr\u00e9sidents aux d\u00e9penses d'entretien de l'autonomie dans les \u00e9tablissements relevant des I, II \net IV bis de l'article L. 313-12 du code de l'action sociale et des familles implant\u00e9s dans les \nd\u00e9partements participant \u00e0 l'exp\u00e9rimentation mentionn\u00e9e \u00e0 l'article 79 de la loi n\u00b0 2023 -\n1250 du 26 d\u00e9cembre 2023 de financement de la s\u00e9curit\u00e9 sociale pour 2024, au titre de \nl'exercice 2025 ; \n  \nVU la d\u00e9cision du 02/06/2025 publi\u00e9e au Journal Officiel du 06/06/2025 relative aux dotations \nr\u00e9gionales limitatives 2025 et \u00e0 la moyenne nationale des besoins en soins requis 2025 ; \n  \nVU l'arr\u00eat\u00e9 du 28/05/2025 fixant pour 2025 les valeurs du point mentionn\u00e9e \u00e0 l'article 9 du \nd\u00e9cret n\u00b0 2025 -168 du 20/02/2025 du code de l'action sociale et des familles publi\u00e9 au \nJournal Officiel du 31/05/2025 ; \n  \nVU le d\u00e9cret du 21 mai 2024 portant nomination de Madame, RATIGNIER -CARBONNEIL, \nChristelle en qualit\u00e9 de Directrice G\u00e9n\u00e9rale de l'agence r\u00e9gionale de sant\u00e9 Grand Est ; \n  \nVU la d\u00e9cision de d\u00e9l\u00e9gation de signature de la Directrice G\u00e9n\u00e9rale de l'ARS vers le Directeur \nde HAUTE-MARNE en date du 22/05/2025 ; \n \nVU l'autorisation ou le renouvellement d'autorisation en date du 03/01/2017 de la structure \nEtablissement d'h\u00e9bergement pour personnes \u00e2g\u00e9es d\u00e9pendantes d\u00e9nomm\u00e9e EHPAD RES \nDES AINES CH MONTIER-EN-DER (520782178) sise 26 R AUDIFFRED 52220 Porte \ndu Der et g\u00e9r\u00e9e par l'entit\u00e9 d\u00e9nomm\u00e9e CENTRE HOSPITALIER DE MONTIER-EN-DER \n(520780065) ; \n  \n \n \n \n \n \n\nDECIDE \n \nArticle 1er A compter du 01  janvier 2025, le montant \u00e0 la charge de la 5 \u00e8me branche est fix\u00e9 \u00e0 \n4 389 377,38 au titre de 2025, dont 0,00 de cr\u00e9dits non reconductibles vers\u00e9s en une \nseule fois. \n \n \n La fraction forfaitaire mensuelle s'\u00e9tablit \u00e0 365 781,45 \u20ac. \n \nPour 2025, les tarifs sont d\u00e9compos\u00e9s comme suit : \n \n Partie soins du forfait \nglobal unique \nPartie entretien de \nl'autonomie du forfait \nglobal unique \nParticipation des r\u00e9sidents \n\u00e0 d\u00e9duire de la dotation \nglobalis\u00e9e commune \nMontant \u00e0 la \ncharge de la 5\u00e8me \nbranche \nTarif journalier \nH\u00e9bergement \nPermanent 3 881 792,19 381 348,41 129 943,22 4 133 197,38 99,52 \nH\u00e9bergement \nTemporaire 86 802,00   86 802,00 280,01 \nUHR 0,00   0,00  \nPASA 90 738,00   90 738,00  \nAccueil de Jour 78 640,00   78 640,00 604,92 \nPlateforme de r\u00e9pit 0,00   0,00  \n \n \n \n \nArticle 2 A compter du 1er janvier 2026 , en application de l'article L.314-7 du CASF, le montant \n\u00e0 la charge de la 5\u00e8me branche est fix\u00e9, \u00e0 titre transitoire, \u00e0 4 640 782,59 \n  \n Les tarifs de reconduction sont fix\u00e9s \u00e0 : \n \n Partie soins du forfait \nglobal unique  N+1 \nPartie entretien de \nl'autonomie du forfait \nglobal unique N+1 \nParticipation des \nr\u00e9sidents \u00e0 d\u00e9duire de \nla dotation globalis\u00e9e \ncommune \nMontant \u00e0 la charge de la \n5\u00e8me branche \nN+1 \nTarif journalier \nN+1 \nH\u00e9bergement \nPermanent 3 881 792,19 762 696,83 259 886,43 4 384 602,59 105,58 \nH\u00e9bergement \nTemporaire 86 802,00   86 802,00 280,01 \nUHR 0,00   0,00  \nPASA 90 738,00   90 738,00  \nAccueil de Jour 78 640,00   78 640,00 604,92 \nPlateforme de r\u00e9pit 0,00   0,00  \n \n \n \n \n La fraction forfaitaire mensuelle s'\u00e9tablit \u00e0 386 731,88 \u20ac. \n \n  \nArticle 3 Les recours contentieux dirig\u00e9s contre la pr\u00e9sente d\u00e9cision doivent \u00eatre port\u00e9s devant le \nTribunal Administratif sis 6 Rue du Haut Bourgeois 54035 NANCY dans un d\u00e9lai de deux \nmois \u00e0 compter de sa publication ou, pour les personnes auxquelles elle sera noti fi\u00e9e, \u00e0 \ncompter de sa notification. Le tribunal administratif peut \u00eatre saisi par l'application \u00ab \nT\u00e9l\u00e9recours citoyens \u00bb accessible par le site www.telerecours.fr. \n  \nArticle 4 La pr\u00e9sente d\u00e9cision sera publi\u00e9e au recueil des actes administratifs. \n  \nArticle 5      La Directrice G\u00e9n\u00e9rale de l'ARS Grand Est est charg\u00e9e de l'ex\u00e9cution de la pr\u00e9sente d\u00e9cision \nqui sera notifi\u00e9e \u00e0 l'entit\u00e9 gestionnaire CENTRE HOSPITALIER DE MONTIER-EN-DER \n(520780065) et \u00e0 l'\u00e9tablissement concern\u00e9. \n \n \nFait \u00e0 CHAUMONT, le 30 juin 2025           \n \n \nLe Directeur \n                \n \n \n \n         #signature# \n \n \nEuREPUBLIQUEFRAN\u00c7AISELibert\u00e9 \u00a9 D Azence R\u00e9gionale de Sant\u00e9Egalit\u00e9. Grand EstFraternit\u00e9\n  \n \nDECISION TARIFAIRE N\u00b010785 PORTANT FIXATION DU FORFAIT GLOBAL DE SOINS \nPOUR 2025 DE \nEHPAD LE LIEN NOGENT - 520781766 \n \nLa Directrice G\u00e9n\u00e9rale de l'ARS Grand Est \n \nVU le Code de l'Action Sociale et des Familles \n  \nVU le Code de la S\u00e9curit\u00e9 Sociale ; \n  \nVU la loi n\u00b02025 -199 du 28 f\u00e9vrier 2025 de financement de la S\u00e9curit\u00e9 Sociale pour 2025 \npubli\u00e9e au Journal Officiel du 28/02/2025 ; \n  \nVU l'arr\u00eat\u00e9 minist\u00e9riel du 02/06/2025  publi\u00e9 au Journal Officiel du 06/06/2025 pris en \napplication de l'article L314 -3 du Code de l'Action Sociale et des Familles fixant, pour \nl'ann\u00e9e 2025 l'objectif global de d\u00e9penses d'assurance maladie et le montant total de \nd\u00e9penses pour les \u00e9tablissements et services relevant de la Caisse nationale de solidarit\u00e9 \npour l'autonomie ; \n  \nVU l'arr\u00eat\u00e9 du 6 juin 2025  fixant le montant de la participation journali\u00e8re forfaitaire des \nr\u00e9sidents aux d\u00e9penses d'entretien de l'autonomie dans les \u00e9tablissements relevant des I, II \net IV bis de l'article L. 313 -12 du code de l'action sociale et des familles implant\u00e9s dans \nles d\u00e9partements participant \u00e0 l'exp\u00e9rimentation mentionn\u00e9e \u00e0 l'article 79 de la loi n\u00b0 \n2023-1250 du 26 d\u00e9cembre 2023 de financement de la s\u00e9curit\u00e9 sociale pour 2024, au titre \nde l'exercice 2025 ; \n  \nVU la d\u00e9cision du 02/06/2025 publi\u00e9e au Journal Officiel du 06/06/2025 relative aux dotations \nr\u00e9gionales limitatives 2025 et \u00e0 la moyenne nationale des besoins en soins requis 2025 ; \n  \nVU l'arr\u00eat\u00e9 du 28/05/2025 fixant pour 2025 les valeurs du point mentionn\u00e9e \u00e0 l'article 9 du \nd\u00e9cret n\u00b0 2025 -168 du 20/02/2025 du code de l'action sociale et des familles publi\u00e9 au \nJournal Officiel du 31/05/2025 ; \n  \nVU le d\u00e9cret du 21 mai 2024 portant nomination de Madame, RATIGNIER -CARBONNEIL, \nChristelle en qualit\u00e9 de Directrice G\u00e9n\u00e9rale de l'agence r\u00e9gionale de sant\u00e9 Grand Est ; \n  \nVU la d\u00e9cision de d\u00e9l\u00e9gation de signature de la Directrice G\u00e9n\u00e9rale de l'ARS vers le Directeur \nde HAUTE-MARNE en date du 22/05/2025 ; \n \nVU l'autorisation ou le renouvellement d'autorisation en date du 03/01/2017 de la structure \nEtablissement d'h\u00e9bergement pour personnes \u00e2g\u00e9es d\u00e9pendantes d\u00e9nomm\u00e9e EHPAD LE \nLIEN NOGENT (520781766) sise 4 R DU CHAMP DE MARS 52800 Nogent et g\u00e9r\u00e9e \npar l'entit\u00e9 d\u00e9nomm\u00e9e ASSOCIATION GROUPE SOS SENIORS (570010173) ; \n  \n \n  \n\nDECIDE \n \nArticle 1er A compter du 1er janvier 2025, le montant \u00e0 la charge de la 5 \u00e8me branche est fix\u00e9 \u00e0 \n2 614 765,06 \u20ac au titre de 2025, dont 0,00  \u20ac de cr\u00e9dits non reconductibles vers\u00e9s en \nune seule fois. \n \n La fraction forfaitaire mensuelle s'\u00e9tablit \u00e0 217 897,09 \u20ac. \n \nPour 2025, les tarifs sont d\u00e9compos\u00e9s comme suit : \n \n Partie soins du forfait \nglobal unique \nPartie entretien de \nl'autonomie du forfait \nglobal unique \nParticipation des r\u00e9sidents \n\u00e0 d\u00e9duire de la dotation \nglobalis\u00e9e commune \nMontant \u00e0 la \ncharge de la 5\u00e8me \nbranche \nTarif journalier \nH\u00e9bergement \nPermanent 2 296 082,00 \u20ac 272 716,06 \u20ac 77 672,00 \u20ac 2 491 126,06 \u20ac 92,86 \u20ac \nH\u00e9bergement \nTemporaire 32 901,00 \u20ac   32 901,00 \u20ac 60,04 \u20ac \nUHR 0,00 \u20ac   0,00 \u20ac  \nPASA 90 738,00 \u20ac   90 738,00 \u20ac  \nAccueil de Jour 0,00 \u20ac   0,00 \u20ac 0,00 \u20ac \nPlateforme de r\u00e9pit 0,00 \u20ac   0,00 \u20ac  \n \nArticle 2 A compter du 1 er janvier 2026, en application de l'article L.314 -7 du CASF, le \nmontant \u00e0 la charge de la 5\u00e8me branche est fix\u00e9, \u00e0 titre transitoire, \u00e0 2 809 809,11 \u20ac \n  \n Les tarifs de reconduction sont fix\u00e9s \u00e0 : \n \n Partie soins du forfait \nglobal unique N+1 \nPartie entretien de \nl'autonomie du forfait \nglobal unique N+1 \nParticipation des \nr\u00e9sidents \u00e0 d\u00e9duire de \nla dotation globalis\u00e9e \ncommune \nMontant \u00e0 la charge de la \n5\u00e8me branche \nN+1 \nTarif journalier \nN+1 \nH\u00e9bergement \nPermanent 2 296 082,00 \u20ac 545 432,11 \u20ac 155 344,00 \u20ac 2 686 170,11 \u20ac 100,13 \u20ac \nH\u00e9bergement \nTemporaire 32 901,00 \u20ac   32 901,00 \u20ac 60,04 \u20ac \nUHR 0,00 \u20ac   0,00 \u20ac  \nPASA 90 738,00 \u20ac   90 738,00 \u20ac  \nAccueil de Jour 0,00 \u20ac   0,00 \u20ac 0,00 \u20ac \nPlateforme de r\u00e9pit 0,00 \u20ac   0,00 \u20ac  \n \n La fraction forfaitaire mensuelle s'\u00e9tablit \u00e0 234 150,76 \u20ac. \n \n  \nArticle 3 Les recours contentieux dirig\u00e9s contre la pr\u00e9sente d\u00e9cision doivent \u00eatre port\u00e9s devant le \nTribunal Administratif sis 6 Rue du Haut Bourgeois 54035 NANCY dans un d\u00e9lai de deux \nmois \u00e0 compter de sa publication ou, pour les personnes auxquelles elle sera notifi\u00e9e, \u00e0 \ncompter de sa notification. Le tribunal administratif peut \u00eatre saisi par l'application \u00ab \nT\u00e9l\u00e9recours citoyens \u00bb accessible par le site www.telerecours.fr. \n  \nArticle 4 La pr\u00e9sente d\u00e9cision sera publi\u00e9e au recueil des actes administratifs. \n  \nArticle 5      La Directrice G\u00e9n\u00e9rale de l'ARS Grand Est est charg\u00e9e de l'ex\u00e9cution de la pr\u00e9sente \nd\u00e9cision qui sera notifi\u00e9e \u00e0 l'entit\u00e9 gestionnaire ASSOCIATION GROUPE SOS SENIORS \n(570010173) et \u00e0 l'\u00e9tablissement concern\u00e9. \n \n \nFait \u00e0 CHAUMONT, le 30 juin 2025           \n \n \nLe Directeur \n                \n                \n \n \n \n         #signature# \n \n \nEuREPUBLIQUEFRAN\u00c7AISELibert\u00e9 \u00a9 D Azence R\u00e9gionale de Sant\u00e9Egalit\u00e9. Grand EstFraternit\u00e9\n  \n \nDECISION TARIFAIRE N\u00b010786 PORTANT FIXATION DU FORFAIT GLOBAL DE SOINS \nPOUR 2025 DE \nEHPAD SAINT AUGUSTIN - 520781733 \n \nLa Directrice G\u00e9n\u00e9rale de l'ARS Grand Est \n \nVU le Code de l'Action Sociale et des Familles \n  \nVU le Code de la S\u00e9curit\u00e9 Sociale ; \n  \nVU la loi n\u00b02025 -199 du 28 f\u00e9vrier 2025 de financement de la S\u00e9curit\u00e9 Sociale pour 2025 \npubli\u00e9e au Journal Officiel du 28/02/2025 ; \n  \nVU l'arr\u00eat\u00e9 minist\u00e9riel du 02/06/2025  publi\u00e9 au Journal Officiel du 06/06/2025 pris en \napplication de l'article L314 -3 du Code de l'Action Sociale et des Familles fixant, pour \nl'ann\u00e9e 2025 l'objectif global de d\u00e9penses d'assurance maladie et le montant total de \nd\u00e9penses pour les \u00e9tablissements et services relevant de la Caisse nationale de solidarit\u00e9 \npour l'autonomie ; \n  \nVU l'arr\u00eat\u00e9 du 6 juin 2025  fixant le montant de la participation journali\u00e8re forfaitaire des \nr\u00e9sidents aux d\u00e9penses d'entretien de l'autonomie dans les \u00e9tablissements relevant des I, II \net IV bis de l'article L. 313 -12 du code de l'action sociale et des familles implant\u00e9s dans \nles d\u00e9partements participant \u00e0 l'exp\u00e9rimentation mentionn\u00e9e \u00e0 l'article 79 de la loi n\u00b0 \n2023-1250 du 26 d\u00e9cembre 2023 de financement de la s\u00e9curit\u00e9 sociale pour 2024, au titre \nde l'exercice 2025 ; \n  \nVU la d\u00e9cision du 02/06/2025 publi\u00e9e au Journal Officiel du 06/06/2025 relative aux dotations \nr\u00e9gionales limitatives 2025 et \u00e0 la moyenne nationale des besoins en soins requis 2025 ; \n  \nVU l'arr\u00eat\u00e9 du 28/05/2025 fixant pour 2025 les valeurs du point mentionn\u00e9e \u00e0 l'article 9 du \nd\u00e9cret n\u00b0 2025 -168 du 20/02/2025 du code de l'action sociale et des familles publi\u00e9 au \nJournal Officiel du 31/05/2025 ; \n  \nVU le d\u00e9cret du 21 mai 2024 portant nomination de Madame, RATIGNIER -CARBONNEIL, \nChristelle en qualit\u00e9 de Directrice G\u00e9n\u00e9rale de l'agence r\u00e9gionale de sant\u00e9 Grand Est ; \n  \nVU la d\u00e9cision de d\u00e9l\u00e9gation de signature de la Directrice G\u00e9n\u00e9rale de l'ARS vers le Directeur \nde HAUTE-MARNE en date du 22/05/2025 ; \n \nVU l'autorisation ou le renouvellement d'autorisation en date du 03/01/2017 de la structure \nEtablissement d'h\u00e9bergement pour personnes \u00e2g\u00e9es d\u00e9pendantes d\u00e9nomm\u00e9e EHPAD \nSAINT AUGUSTIN (520781733) sise  R LAUSANNE 52250 Longeau -Percey et g\u00e9r\u00e9e \npar l'entit\u00e9 d\u00e9nomm\u00e9e FONDATION SAINT AUGUSTIN (520783085) ; \n  \n \n  \n\nDECIDE \n \nArticle 1er A compter du 1er janvier 2025, le montant \u00e0 la charge de la 5 \u00e8me branche est fix\u00e9 \u00e0 \n2 082 882,71 \u20ac au titre de 2025, dont 0,00 de cr\u00e9dits non reconductibles vers\u00e9s en une \nseule fois. \n \n La fraction forfaitaire mensuelle s'\u00e9tablit \u00e0 173 573,56 \u20ac. \n \nPour 2025, les tarifs sont d\u00e9compos\u00e9s comme suit : \n \n Partie soins du forfait \nglobal unique \nPartie entretien de \nl'autonomie du forfait \nglobal unique \nParticipation des r\u00e9sidents \n\u00e0 d\u00e9duire de la dotation \nglobalis\u00e9e commune \nMontant \u00e0 la \ncharge de la 5\u00e8me \nbranche \nTarif journalier \nH\u00e9bergement \nPermanent 1 691 275,80 \u20ac 247 862,17 \u20ac 74 984,26 \u20ac 1 864 153,71 \u20ac 75,87 \u20ac \nH\u00e9bergement \nTemporaire 49 351,00 \u20ac   49 351,00 \u20ac 45,53 \u20ac \nUHR 0,00 \u20ac   0,00 \u20ac  \nPASA 90 738,00 \u20ac   90 738,00 \u20ac  \nAccueil de Jour 78 640,00 \u20ac   78 640,00 \u20ac 104,44 \u20ac \nPlateforme de r\u00e9pit 0,00 \u20ac   0,00 \u20ac  \n \nArticle 2 A compter du 1 er janvier 2026, en application de l'article L.314 -7 du CASF, le \nmontant \u00e0 la charge de la 5\u00e8me branche est fix\u00e9, \u00e0 titre transitoire, \u00e0 2 255 760,62 \u20ac \n  \n Les tarifs de reconduction sont fix\u00e9s \u00e0 : \n \n Partie soins du forfait \nglobal unique N+1 \nPartie entretien de \nl'autonomie du forfait \nglobal unique N+1 \nParticipation des \nr\u00e9sidents \u00e0 d\u00e9duire de \nla dotation globalis\u00e9e \ncommune \nMontant \u00e0 la charge de la \n5\u00e8me branche \nN+1 \nTarif journalier \nN+1 \nH\u00e9bergement \nPermanent 1 691 275,80 \u20ac 495 724,34 \u20ac 149 968,52 \u20ac 2 037 031,62 \u20ac 82,90 \u20ac \nH\u00e9bergement \nTemporaire 49 351,00 \u20ac   49 351,00 \u20ac 45,53 \u20ac \nUHR 0,00 \u20ac   0,00 \u20ac  \nPASA 90 738,00 \u20ac   90 738,00 \u20ac  \nAccueil de Jour 78 640,00 \u20ac   78 640,00 \u20ac 104,44 \u20ac \nPlateforme de r\u00e9pit 0,00 \u20ac   0,00 \u20ac  \n La fraction forfaitaire mensuelle s'\u00e9tablit \u00e0 187 980,05 \u20ac. \n \n  \nArticle 3 Les recours contentieux dirig\u00e9s contre la pr\u00e9sente d\u00e9cision doivent \u00eatre port\u00e9s devant le \nTribunal Administratif sis 6 Rue du Haut Bourgeois 54035 NANCY dans un d\u00e9lai de deux \nmois \u00e0 compter de sa publication ou, pour les personnes auxquelles elle sera notifi\u00e9e, \u00e0 \ncompter de sa notification. Le tribunal administratif peut \u00eatre saisi par l'application \u00ab \nT\u00e9l\u00e9recours citoyens \u00bb accessible par le site www.telerecours.fr. \n  \nArticle 4 La pr\u00e9sente d\u00e9cision sera publi\u00e9e au recueil des actes administratifs. \n  \nArticle 5      La Directrice G\u00e9n\u00e9rale de l'ARS Grand Est est charg\u00e9e de l'ex\u00e9cution de la pr\u00e9sente \nd\u00e9cision qui sera notifi\u00e9e \u00e0 l'entit\u00e9 gestionnaire FONDATION SAINT AUGUSTIN \n(520783085) et \u00e0 l'\u00e9tablissement concern\u00e9. \n \n \nFait \u00e0 CHAUMONT, le 30 juin 2025           \n \n \nLe Directeur \n                \n \n \n \n         #signature# \n \n \nEuREPUBLIQUEFRAN\u00c7AISELibert\u00e9 \u00a9 D Azence R\u00e9gionale de Sant\u00e9Egalit\u00e9. Grand EstFraternit\u00e9\n  \n \nDECISION TARIFAIRE N\u00b010787 PORTANT FIXATION DU FORFAIT GLOBAL DE SOINS \nPOUR 2025 DE \nEHPAD DU CH DE BOURBONNE LES BAINS - 520781592 \n \nLa Directrice G\u00e9n\u00e9rale de l'ARS Grand Est \n \nVU le Code de l'Action Sociale et des Familles \n  \nVU le Code de la S\u00e9curit\u00e9 Sociale ; \n  \nVU la loi n\u00b02025 -199 du 28 f\u00e9vrier 2025 de financement de la S\u00e9curit\u00e9 Sociale pour 2025 \npubli\u00e9e au Journal Officiel du 28/02/2025 ; \n  \nVU l'arr\u00eat\u00e9 minist\u00e9riel du 02/06/2025 publi\u00e9 au Journal Officiel du 06/06/2025 pris en \napplication de l'article L314 -3 du Code de l'Action Sociale et des Familles fixant, pour \nl'ann\u00e9e 2025 l'objectif global de d\u00e9penses d'assurance maladie et le montant total de \nd\u00e9penses pour les \u00e9tablissements et services relevant de la Caisse nationale de solidarit\u00e9 \npour l'autonomie ; \n  \nVU l'arr\u00eat\u00e9 du 6 juin 2025  fixant le montant de la participation journali\u00e8re forfaitaire des \nr\u00e9sidents aux d\u00e9penses d'entretien de l'autonomie dans les \u00e9tablissements relevant des I, II \net IV bis de l'article L. 313 -12 du code de l'action sociale et des familles implant\u00e9s dans \nles d\u00e9partements participant \u00e0 l'exp\u00e9rimentation mentionn\u00e9e \u00e0 l'article 79 de la loi n\u00b0 \n2023-1250 du 26 d\u00e9cembre 2023 de financement de la s\u00e9curit\u00e9 sociale pour 2024, au titre \nde l'exercice 2025 ; \n  \nVU la d\u00e9cision du 02/06/2025 publi\u00e9e au Journal Officiel du 06/06/2025 relative aux dotations \nr\u00e9gionales limitatives 2025 et \u00e0 la moyenne nationale des besoins en soins requis 2025 ; \n  \nVU l'arr\u00eat\u00e9 du 28/05/2025 fixant pour 2025 les valeurs du point mentionn\u00e9e \u00e0 l'article 9 du \nd\u00e9cret n\u00b0 2025 -168 du 20/02/2025 du code de l'action sociale et des familles publi\u00e9 au \nJournal Officiel du 31/05/2025 ; \n  \nVU le d\u00e9cret du 21 mai 2024 portant nomination de Madame, RATIGNIER -CARBONNEIL, \nChristelle en qualit\u00e9 de Directrice G\u00e9n\u00e9rale de l'agence r\u00e9gionale de sant\u00e9 Grand Est ; \n  \nVU la d\u00e9cision de d\u00e9l\u00e9gation de signature de la Directrice G\u00e9n\u00e9rale de l'ARS vers le Directeur \nde HAUTE-MARNE en date du 22/05/2025 ; \n \nVU l'autorisation ou le renouvellement d'autorisation en date du 03/01/2017 de la structure \nEtablissement d'h\u00e9bergement pour personnes \u00e2g\u00e9es d\u00e9pendantes d\u00e9nomm\u00e9e EHPAD DU \nCH DE BOURBONNE LES BAINS (520781592) sise 1 R TERRAIL LEMOINE 52400 \nBourbonne-les-Bains et g\u00e9r\u00e9e par l'entit\u00e9 d\u00e9nomm\u00e9e CTRE HOSPITALIER \nBOURBONNE-LES-BAINS (520780024) ; \n  \n \n \n \n \n \n \n\nDECIDE \n \nArticle 1er A compter du 1er janvier 2025, le montant \u00e0 la charge de la 5\u00e8me branche est fix\u00e9 \u00e0 \n4 745 551,40 \u20ac au titre de 2025, dont 0,00  \u20ac de cr\u00e9dits non reconductibles vers\u00e9s en \nune seule fois. \n \n La fraction forfaitaire mensuelle s'\u00e9tablit \u00e0 395 462,62 \u20ac. \n \nPour 2025, les tarifs sont d\u00e9compos\u00e9s comme suit : \n \n Partie soins du forfait \nglobal unique \nPartie entretien de \nl'autonomie du forfait \nglobal unique \nParticipation des r\u00e9sidents \n\u00e0 d\u00e9duire de la dotation \nglobalis\u00e9e commune \nMontant \u00e0 la \ncharge de la 5\u00e8me \nbranche \nTarif journalier \nH\u00e9bergement \nPermanent 3 704 867,55 \u20ac 416 137,31 \u20ac 128 604,46 \u20ac 3 992 400,40 \u20ac 95,50 \u20ac \nH\u00e9bergement \nTemporaire 53 901,00 \u20ac   53 901,00 \u20ac 155,33 \u20ac \nUHR 257 290,00 \u20ac   257 290,00 \u20ac  \nPASA 90 738,00 \u20ac   90 738,00 \u20ac  \nAccueil de Jour 131 066,00 \u20ac   131 066,00 \u20ac 160,23 \u20ac \nPlateforme de r\u00e9pit 220 156,00 \u20ac   220 156,00 \u20ac  \n \nArticle 2 A compter du 1 er janvier 202 6, en application de l'article L.314 -7 du CASF, le \nmontant \u00e0 la charge de la 5\u00e8me branche est fix\u00e9, \u00e0 titre transitoire, \u00e0 5 033 084,25 \u20ac \n  \n Les tarifs de reconduction sont fix\u00e9s \u00e0 : \n \n Partie soins du forfait \nglobal unique N+1 \nPartie entretien de \nl'autonomie du forfait \nglobal unique N+1 \nParticipation des \nr\u00e9sidents \u00e0 d\u00e9duire de \nla dotation globalis\u00e9e \ncommune \nMontant \u00e0 la charge de la \n5\u00e8me branche \nN+1 \nTarif journalier \nN+1 \nH\u00e9bergement \nPermanent 3 704 867,55 \u20ac 832 274,62 \u20ac 257 208,92 \u20ac 4 279 933,25 \u20ac 102,38 \u20ac \nH\u00e9bergement \nTemporaire 53 901,00 \u20ac   53 901,00 \u20ac 155,33 \u20ac \nUHR 257 290,00 \u20ac   257 290,00 \u20ac  \nPASA 90 738,00 \u20ac   90 738,00 \u20ac  \nAccueil de Jour 131 066,00 \u20ac   131 066,00 \u20ac 160,23 \u20ac \nPlateforme de r\u00e9pit 220 156,00 \u20ac   220 156,00 \u20ac  \n \n La fraction forfaitaire mensuelle s'\u00e9tablit \u00e0 419 423,69 \u20ac. \n \n  \nArticle 3 Les recours contentieux dirig\u00e9s contre la pr\u00e9sente d\u00e9cision doivent \u00eatre port\u00e9s devant le \nTribunal Administratif sis 6 Rue du Haut Bourgeois 54035 NANCY dans un d\u00e9lai de deux \nmois \u00e0 compter de sa publication ou, pour les personnes auxquelles elle sera notifi\u00e9e, \u00e0 \ncompter de sa notification. Le tribunal administratif peut \u00eatre saisi par l'application \u00ab \nT\u00e9l\u00e9recours citoyens \u00bb accessible par le site www.telerecours.fr. \n  \nArticle 4 La pr\u00e9sente d\u00e9cision sera publi\u00e9e au recueil des actes administratifs. \n  \nArticle 5      La Directrice G\u00e9n\u00e9rale de l'ARS Grand Est est charg\u00e9e de l'ex\u00e9cution de la pr\u00e9sente \nd\u00e9cision qui sera notifi\u00e9e \u00e0 l'entit\u00e9 gestionnaire CTRE HOSPITALIER BOURBONNE-\nLES-BAINS (520780024) et \u00e0 l'\u00e9tablissement concern\u00e9. \n \n \nFait \u00e0 CHAUMONT, le 30 juin 2025           \n \n \nLe Directeur \n                \n \n \n \n         #signature# \n \n \n \nEuREPUBLIQUEFRAN\u00c7AISELibert\u00e9 \u00a9 D Azence R\u00e9gionale de Sant\u00e9Egalit\u00e9. Grand EstFraternit\u00e9\n  \n \nDECISION TARIFAIRE N\u00b010788 PORTANT FIXATION DU FORFAIT GLOBAL DE SOINS \nPOUR 2025 DE \nEHPAD JEAN-FRAN\u00c7OIS BONNET CH CHAUMONT - 520781584 \n \nLa Directrice G\u00e9n\u00e9rale de l'ARS Grand Est \n \nVU le Code de l'Action Sociale et des Familles \n  \nVU le Code de la S\u00e9curit\u00e9 Sociale ; \n  \nVU la loi n\u00b02025 -199 du 28 f\u00e9vrier 2025 de financement de la S\u00e9curit\u00e9 Sociale pour 2025 \npubli\u00e9e au Journal Officiel du 28/02/2025 ; \n  \nVU l'arr\u00eat\u00e9 minist\u00e9riel du 02/06/2025 publi\u00e9 au Journal Officiel du 06/06/2025 pris en \napplication de l'article L314 -3 du Code de l'Action Sociale et des Familles fixant, pour \nl'ann\u00e9e 2025 l'objectif global de d\u00e9penses d'assurance maladie et le montant total de \nd\u00e9penses pour les \u00e9tablissements et services relevant de la Caisse nationale de solidarit\u00e9 \npour l'autonomie ; \n  \nVU l'arr\u00eat\u00e9 du 6 juin 2025  fixant le montant de la participation journali\u00e8re forfaitaire des \nr\u00e9sidents aux d\u00e9penses d'entretien de l'autonomie dans les \u00e9tablissements relevant des I, II \net IV bis de l'article L. 313 -12 du code de l'action sociale et des familles implant\u00e9s dans \nles d\u00e9partements participant \u00e0 l'exp\u00e9rimentation mentionn\u00e9e \u00e0 l'article 79 de la loi n\u00b0 \n2023-1250 du 26 d\u00e9cembre 2023 de financement de la s\u00e9curit\u00e9 sociale pour 2024, au titre \nde l'exercice 2025 ; \n  \nVU la d\u00e9cision du 02/06/2025 publi\u00e9e au Journal Officiel du 06/06/2025 relative aux dotations \nr\u00e9gionales limitatives 2025 et \u00e0 la moyenne nationale des besoins en soins requis 2025 ; \n  \nVU l'arr\u00eat\u00e9 du 28/05/2025 fixant pour 2025 les valeurs du point mentionn\u00e9e \u00e0 l'article 9 du \nd\u00e9cret n\u00b0 2025 -168 du 20/02/2025 du code de l'action sociale et des familles publi\u00e9 au \nJournal Officiel du 31/05/2025 ; \n  \nVU le d\u00e9cret du 21 mai 2024 portant nomination de Madame, RATIGNIER -CARBONNEIL, \nChristelle en qualit\u00e9 de Directrice G\u00e9n\u00e9rale de l'agence r\u00e9gionale de sant\u00e9 Grand Est ; \n  \nVU le d\u00e9cret du 21 mai 2024 portant nomination de Madame, RATIGNIER -CARBONNEIL, \nChristelle en qualit\u00e9 de Directrice G\u00e9n\u00e9rale de l'agence r\u00e9gionale de sant\u00e9 Grand Est ; \n \nVU l'autorisation ou le renouvellement d'autorisation en date du 03/01/2017 de la structure \nEtablissement d'h\u00e9bergement pour personnes \u00e2g\u00e9es d\u00e9pendantes d\u00e9nomm\u00e9e EHPAD \nJEAN-FRAN\u00c7OIS BONNET CH CHAUMONT (520781584) sise 22 R DES \nCHENEVIERES 52000 Riaucourt et g\u00e9r\u00e9e par l'entit\u00e9 d\u00e9nomm\u00e9e CENTRE \nHOSPITALIER DE CHAUMONT (520780032) ; \n  \n \n \n \n \n \n\nDECIDE \n \nArticle 1er A compter du 1 janvier 2025, le montant \u00e0 la charge de la 5 \u00e8me branche est fix\u00e9 \u00e0 \n2 451 992,00 \u20ac au titre de 2025, dont 0,00 \u20ac de cr\u00e9dits non reconductibles vers\u00e9s en \nune seule fois. \n \n La fraction forfaitaire mensuelle s'\u00e9tablit \u00e0 204 332,67 \u20ac. \n \nPour 2025, les tarifs sont d\u00e9compos\u00e9s comme suit : \n \n Partie soins du forfait \nglobal unique \nPartie entretien de \nl'autonomie du forfait \nglobal unique \nParticipation des r\u00e9sidents \n\u00e0 d\u00e9duire de la dotation \nglobalis\u00e9e commune \nMontant \u00e0 la \ncharge de la 5\u00e8me \nbranche \nTarif journalier \nH\u00e9bergement \nPermanent 2 252 103,61 \u20ac 282 967,19 \u20ac 83 078,80 \u20ac 2 451 992,00 \u20ac 86,96 \u20ac \nH\u00e9bergement \nTemporaire 0,00 \u20ac   0,00 \u20ac 0,00 \u20ac \nUHR 0,00 \u20ac   0,00 \u20ac  \nPASA 0,00 \u20ac   0,00 \u20ac  \nAccueil de Jour 0,00 \u20ac   0,00 \u20ac 0,00 \u20ac \nPlateforme de r\u00e9pit 0,00 \u20ac   0,00 \u20ac  \n \nArticle 2 A compter du 1 er janvier 2026, en application de l'article L.314 -7 du CASF, le \nmontant \u00e0 la charge de la 5\u00e8me branche est fix\u00e9, \u00e0 titre transitoire, \u00e0 2 651 880,39 \u20ac \n  \n Les tarifs de reconduction sont fix\u00e9s \u00e0 : \n \n Partie soins du forfait \nglobal unique N+1 \nPartie entretien de \nl'autonomie du forfait \nglobal unique N+1 \nParticipation des \nr\u00e9sidents \u00e0 d\u00e9duire de \nla dotation globalis\u00e9e \ncommune \nMontant \u00e0 la charge de la \n5\u00e8me branche \nN+1 \nTarif journalier \nN+1 \nH\u00e9bergement \nPermanent 2 252 103,61 \u20ac 565 934,38 \u20ac 166 157,60 \u20ac 2 651 880,39 \u20ac 94,05 \u20ac \nH\u00e9bergement \nTemporaire 0,00 \u20ac   0,00 \u20ac 0,00 \u20ac \nUHR 0,00 \u20ac   0,00 \u20ac  \nPASA 0,00 \u20ac   0,00 \u20ac  \nAccueil de Jour 0,00 \u20ac   0,00 \u20ac 0,00 \u20ac \nPlateforme de r\u00e9pit 0,00 \u20ac   0,00 \u20ac  \n \n \n La fraction forfaitaire mensuelle s'\u00e9tablit \u00e0 220 990,03 \u20ac. \n \n  \nArticle 3 Les recours contentieux dirig\u00e9s contre la pr\u00e9sente d\u00e9cision doivent \u00eatre port\u00e9s devant le \nTribunal Administratif sis 6 Rue du Haut Bourgeois 54035 NANCY dans un d\u00e9lai de deux \nmois \u00e0 compter de sa publication ou, pour les personnes auxquelles elle sera notifi\u00e9e, \u00e0 \ncompter de sa notification. Le tribunal administratif peut \u00eatre saisi par l'application \u00ab \nT\u00e9l\u00e9recours citoyens \u00bb accessible par le site www.telerecours.fr. \n  \nArticle 4 La pr\u00e9sente d\u00e9cision sera publi\u00e9e au recueil des actes administratifs. \n  \nArticle 5      La Directrice G\u00e9n\u00e9rale de l'ARS Grand Est est charg\u00e9e de l'ex\u00e9cution de la pr\u00e9sente \nd\u00e9cision qui sera notifi\u00e9e \u00e0 l'entit\u00e9 gestionnaire CENTRE HOSPITALIER DE \nCHAUMONT (520780032) et \u00e0 l'\u00e9tablissement concern\u00e9. \n \n \nFait \u00e0 CHAUMONT, le 30 juin 2025           \n \n \nLe Directeur \n                \n \n \n \n         #signature# \n \n \nEuREPUBLIQUEFRAN\u00c7AISELibert\u00e9 \u00a9 D Azence R\u00e9gionale de Sant\u00e9Egalit\u00e9. Grand EstFraternit\u00e9\n  \n \nDECISION TARIFAIRE N\u00b010789 PORTANT FIXATION DU FORFAIT GLOBAL DE SOINS \nPOUR 2025 DE \nEHPAD HOPITAL ST CHARLES WASSY - 520781535 \n \nLa Directrice G\u00e9n\u00e9rale de l'ARS Grand Est \n \nVU le Code de l'Action Sociale et des Familles \n  \nVU le Code de la S\u00e9curit\u00e9 Sociale ; \n  \nVU la loi n\u00b02025 -199 du 28 f\u00e9vrier 2025 de financement de la S\u00e9curit\u00e9 Sociale pour 2025 \npubli\u00e9e au Journal Officiel du 28/02/2025 ; \n  \nVU l'arr\u00eat\u00e9 minist\u00e9riel du 02/06/2025 publi\u00e9 au Journal Officiel du 06/06/2025 pris en \napplication de l'article L314 -3 du Code de l'Action Sociale et des Familles fixant, pour \nl'ann\u00e9e 2025 l'objectif global de d\u00e9penses d'assurance maladie et le montant total de \nd\u00e9penses pour les \u00e9tablissements et services relevant de la Caisse nationale de solidarit\u00e9 \npour l'autonomie ; \n  \nVU l'arr\u00eat\u00e9 du 6 juin 2025  fixant le montant de la participation journali\u00e8re forfaitaire des \nr\u00e9sidents aux d\u00e9penses d'entretien de l'autonomie dans les \u00e9tablissements relevant des I, II \net IV bis de l'article L. 313-12 du code de l'action sociale et des familles implant\u00e9s dans les \nd\u00e9partements participant \u00e0 l'exp\u00e9rimentation mentionn\u00e9e \u00e0 l'article 79 de la loi n\u00b0 2023 -\n1250 du 26 d\u00e9cembre 2023 de financement de la s\u00e9curit\u00e9 sociale pour 2024, au titre de \nl'exercice 2025 ; \n  \nVU la d\u00e9cision du 02/06/2025 publi\u00e9e au Journal Officiel du 06/06/2025 relative aux dotations \nr\u00e9gionales limitatives 2025 et \u00e0 la moyenne nationale des besoins en soins requis 2025 ; \n  \nVU l'arr\u00eat\u00e9 du 28/05/2025 fixant pour 2025 les valeurs du point mentionn\u00e9e \u00e0 l'article 9 du \nd\u00e9cret n\u00b0 2025 -168 du 20/02/2025 du code de l'action sociale et des familles publi\u00e9 au \nJournal Officiel du 31/05/2025 ; \n  \nVU le d\u00e9cret du 21 mai 2024 portant nomination de Madame, RATIGNIER -CARBONNEIL, \nChristelle en qualit\u00e9 de Directrice G\u00e9n\u00e9rale de l'agence r\u00e9gionale de sant\u00e9 Grand Est ; \n  \nVU la d\u00e9cision de d\u00e9l\u00e9gation de signature de la Directrice G\u00e9n\u00e9rale de l'ARS vers le Directeur \nde HAUTE-MARNE en date du 22/05/2025 ; \n \nVU l'autorisation ou le renouvellement d'autorisation en date du 03/01/2017 de la structure \nEtablissement d'h\u00e9bergement pour personnes \u00e2g\u00e9es d\u00e9pendantes d\u00e9nomm\u00e9e EHPAD \nHOPITAL ST CHARLES WASSY (520781535) sise 4 R CHARLES DE GAULLE 52130 \nWassy et g\u00e9r\u00e9e par l'entit\u00e9 d\u00e9nomm\u00e9e HOPITAL LOCAL DE WASSY (520780099) ; \n  \n \n \n \n \n \n\nDECIDE \n \nArticle 1er A compter du 01  janvier 2025, le montant \u00e0 la charge de la 5 \u00e8me branche est fix\u00e9 \u00e0 \n4 459 602,50 au titre de 2025, dont 0,00 de cr\u00e9dits non reconductibles vers\u00e9s en une \nseule fois. \n \n \n La fraction forfaitaire mensuelle s'\u00e9tablit \u00e0 371 633,54 \u20ac. \n \nPour 2025, les tarifs sont d\u00e9compos\u00e9s comme suit : \n \n Partie soins du forfait \nglobal unique \nPartie entretien de \nl'autonomie du forfait \nglobal unique \nParticipation des r\u00e9sidents \n\u00e0 d\u00e9duire de la dotation \nglobalis\u00e9e commune \nMontant \u00e0 la \ncharge de la 5\u00e8me \nbranche \nTarif journalier \nH\u00e9bergement \nPermanent 3 876 365,18 556 617,92 168 971,60 4 264 011,50 76,86 \nH\u00e9bergement \nTemporaire 0,00   0,00 0,00 \nUHR 0,00   0,00  \nPASA 90 738,00   90 738,00  \nAccueil de Jour 104 853,00   104 853,00 166,43 \nPlateforme de r\u00e9pit 0,00   0,00  \n \n \n \n \nArticle 2 A compter du 1er janvier 2026, en application de l'article L.314-7 du CASF, le montant \n\u00e0 la charge de la 5\u00e8me branche est fix\u00e9, \u00e0 titre transitoire, \u00e0 4 847 248,81 \n  \n Les tarifs de reconduction sont fix\u00e9s \u00e0 : \n \n Partie soins du forfait \nglobal unique  N+1 \nPartie entretien de \nl'autonomie du forfait \nglobal unique N+1 \nParticipation des \nr\u00e9sidents \u00e0 d\u00e9duire de \nla dotation globalis\u00e9e \ncommune \nMontant \u00e0 la charge de la \n5\u00e8me branche \nN+1 \nTarif journalier \nN+1 \nH\u00e9bergement \nPermanent 3 876 365,18 1 113 235,83 337 943,20 4 651 657,81 83,84 \nH\u00e9bergement \nTemporaire 0,00   0,00 0,00 \nUHR 0,00   0,00  \nPASA 90 738,00   90 738,00  \nAccueil de Jour 104 853,00   104 853,00 166,43 \nPlateforme de r\u00e9pit 0,00   0,00  \n \n \n \n \n La fraction forfaitaire mensuelle s'\u00e9tablit \u00e0 403 937,40 \u20ac. \n \n  \nArticle 3 Les recours contentieux dirig\u00e9s contre la pr\u00e9sente d\u00e9cision doivent \u00eatre port\u00e9s devant le \nTribunal Administratif sis 6 Rue du Haut Bourgeois 54035 NANCY dans un d\u00e9lai de deux \nmois \u00e0 compter de sa publication ou, pour les personnes auxquelles elle sera noti fi\u00e9e, \u00e0 \ncompter de sa notification. Le tribunal administratif peut \u00eatre saisi par l'application \u00ab \nT\u00e9l\u00e9recours citoyens \u00bb accessible par le site www.telerecours.fr. \n  \nArticle 4 La pr\u00e9sente d\u00e9cision sera publi\u00e9e au recueil des actes administratifs. \n  \nArticle 5      La Directrice G\u00e9n\u00e9rale de l'ARS Grand Est est charg\u00e9e de l'ex\u00e9cution de la pr\u00e9sente d\u00e9cision \nqui sera notifi\u00e9e \u00e0 l'entit\u00e9 gestionnaire HOPITAL LOCAL DE WASSY (520780099) et \u00e0 \nl'\u00e9tablissement concern\u00e9. \n \n \nFait \u00e0 CHAUMONT, le 30 juin 2025           \n \n \nLe Directeur \n                \n \n \n \n         #signature# \n \n \nEuREPUBLIQUEFRAN\u00c7AISELibert\u00e9 \u00a9 D Azence R\u00e9gionale de Sant\u00e9Egalit\u00e9. Grand EstFraternit\u00e9\n  \n \nDECISION TARIFAIRE N\u00b010790 PORTANT FIXATION DU FORFAIT GLOBAL DE SOINS \nPOUR 2025 DE \nEHPAD LE CH\u00caNE - CH DE SAINT DIZIER - 520781527 \n \nLa Directrice G\u00e9n\u00e9rale de l'ARS Grand Est \n \nVU le Code de l'Action Sociale et des Familles \n  \nVU le Code de la S\u00e9curit\u00e9 Sociale ; \n  \nVU la loi n\u00b02025 -199 du 28 f\u00e9vrier 2025 de financement de la S\u00e9curit\u00e9 Sociale pour 2025 \npubli\u00e9e au Journal Officiel du 28/02/2025 ; \n  \nVU l'arr\u00eat\u00e9 minist\u00e9riel du 02/06/2025 publi\u00e9 au Journal Officiel du 06/06/2025 pris en \napplication de l'article L314 -3 du Code de l'Action Sociale et des Familles fixant, pour \nl'ann\u00e9e 2025 l'objectif global de d\u00e9penses d'assurance maladie et le montant total de \nd\u00e9penses pour les \u00e9tablissements et services relevant de la Caisse nationale de solidarit\u00e9 \npour l'autonomie ; \n  \nVU l'arr\u00eat\u00e9 du 6 juin 2025  fixant le montant de la participation journali\u00e8re forfaitaire des \nr\u00e9sidents aux d\u00e9penses d'entretien de l'autonomie dans les \u00e9tablissements relevant des I, II \net IV bis de l'article L. 313-12 du code de l'action sociale et des familles implant\u00e9s dans les \nd\u00e9partements participant \u00e0 l'exp\u00e9rimentation mentionn\u00e9e \u00e0 l'article 79 de la loi n\u00b0 2023 -\n1250 du 26 d\u00e9cembre 2023 de financement de la s\u00e9curit\u00e9 sociale pour 2024, au titre de \nl'exercice 2025 ; \n  \nVU la d\u00e9cision du 02/06/2025 publi\u00e9e au Journal Officiel du 06/06/2025 relative aux dotations \nr\u00e9gionales limitatives 2025 et \u00e0 la moyenne nationale des besoins en soins requis 2025 ; \n  \nVU l'arr\u00eat\u00e9 du 28/05/2025 fixant pour 2025 les valeurs du point mentionn\u00e9e \u00e0 l'article 9 du \nd\u00e9cret n\u00b0 2025 -168 du 20/02/2025 du code de l'action sociale et des familles publi\u00e9 au \nJournal Officiel du 31/05/2025 ; \n  \nVU le d\u00e9cret du 21 mai 2024 portant nomination de Madame, RATIGNIER -CARBONNEIL, \nChristelle en qualit\u00e9 de Directrice G\u00e9n\u00e9rale de l'agence r\u00e9gionale de sant\u00e9 Grand Est ; \n  \nVU la d\u00e9cision de d\u00e9l\u00e9gation de signature de la Directrice G\u00e9n\u00e9rale de l'ARS vers le Directeur \nde HAUTE-MARNE en date du 22/05/2025 ; \n \nVU l'autorisation ou le renouvellement d'autorisation en date du 03/01/2017 de la structure \nEtablissement d'h\u00e9bergement pour personnes \u00e2g\u00e9es d\u00e9pendantes d\u00e9nomm\u00e9e EHPAD LE \nCH\u00caNE - CH DE SAINT DIZIER (520781527) sise 35 R DES LACHATS 52115 Saint -\nDizier et g\u00e9r\u00e9e par l'entit\u00e9 d\u00e9nomm\u00e9e CENTRE HOSPITALIER DE SAINT -DIZIER \n(520780073) ; \n  \n \n \n \n \n \n\nDECIDE \n \nArticle 1er A compter du 01  janvier 2025, le montant \u00e0 la charge de la 5 \u00e8me branche est fix\u00e9 \u00e0 \n2 787 323,09 au titre de 2025, dont 0,00 de cr\u00e9dits non reconductibles vers\u00e9s en une \nseule fois. \n \n \n La fraction forfaitaire mensuelle s'\u00e9tablit \u00e0 232 276,92 \u20ac. \n \nPour 2025, les tarifs sont d\u00e9compos\u00e9s comme suit : \n \n Partie soins du forfait \nglobal unique \nPartie entretien de \nl'autonomie du forfait \nglobal unique \nParticipation des r\u00e9sidents \n\u00e0 d\u00e9duire de la dotation \nglobalis\u00e9e commune \nMontant \u00e0 la \ncharge de la 5\u00e8me \nbranche \nTarif journalier \nH\u00e9bergement \nPermanent 2 535 637,90 280 075,09 94 191,90 2 721 521,09 101,31 \nH\u00e9bergement \nTemporaire 65 802,00   65 802,00 172,26 \nUHR 0,00   0,00  \nPASA 0,00   0,00  \nAccueil de Jour 0,00   0,00 0,00 \nPlateforme de r\u00e9pit 0,00   0,00  \n \n \nArticle 2 A compter du 1er janvier 2026 , en application de l'article L.314-7 du CASF, le montant \n\u00e0 la charge de la 5\u00e8me branche est fix\u00e9, \u00e0 titre transitoire, \u00e0 2 973 206,28 \n  \n Les tarifs de reconduction sont fix\u00e9s \u00e0 : \n \n Partie soins du forfait \nglobal unique  N+1 \nPartie entretien de \nl'autonomie du forfait \nglobal unique N+1 \nParticipation des \nr\u00e9sidents \u00e0 d\u00e9duire de \nla dotation globalis\u00e9e \ncommune \nMontant \u00e0 la charge de la \n5\u00e8me branche \nN+1 \nTarif journalier \nN+1 \nH\u00e9bergement \nPermanent 2 535 637,90 560 150,18 188 383,80 2 907 404,28 108,23 \nH\u00e9bergement \nTemporaire 65 802,00   65 802,00 172,26 \nUHR 0,00   0,00  \nPASA 0,00   0,00  \nAccueil de Jour 0,00   0,00 0,00 \nPlateforme de r\u00e9pit 0,00   0,00  \n \n \n \n \n La fraction forfaitaire mensuelle s'\u00e9tablit \u00e0 247 767,19 \u20ac. \n \n  \nArticle 3 Les recours contentieux dirig\u00e9s contre la pr\u00e9sente d\u00e9cision doivent \u00eatre port\u00e9s devant le \nTribunal Administratif sis 6 Rue du Haut Bourgeois 54035 NANCY dans un d\u00e9lai de deux \nmois \u00e0 compter de sa publication ou, pour les personnes auxquelles elle sera noti fi\u00e9e, \u00e0 \ncompter de sa notification. Le tribunal administratif peut \u00eatre saisi par l'application \u00ab \nT\u00e9l\u00e9recours citoyens \u00bb accessible par le site www.telerecours.fr. \n  \nArticle 4 La pr\u00e9sente d\u00e9cision sera publi\u00e9e au recueil des actes administratifs. \n  \nArticle 5      La Directrice G\u00e9n\u00e9rale de l'ARS Grand Est est charg\u00e9e de l'ex\u00e9cution de la pr\u00e9sente d\u00e9cision \nqui sera notifi\u00e9e \u00e0 l'entit\u00e9 gestionnaire CENTRE HOSPITALIER DE SAINT -DIZIER \n(520780073) et \u00e0 l'\u00e9tablissement concern\u00e9. \n \n \nFait \u00e0 CHAUMONT, le 30 juin 2025           \n \n \nLe Directeur \n \n \n \n         #signature# \n \n \nEuREPUBLIQUEFRAN\u00c7AISELibert\u00e9 \u00a9 D Azence R\u00e9gionale de Sant\u00e9Egalit\u00e9. Grand EstFraternit\u00e9\n  \n \nDECISION TARIFAIRE N\u00b010791 PORTANT FIXATION DU FORFAIT GLOBAL DE SOINS \nPOUR 2025 DE \nEHPAD GERARD DE HAULT - 520780461 \n \nLa Directrice G\u00e9n\u00e9rale de l'ARS Grand Est \n \nVU le Code de l'Action Sociale et des Familles \n  \nVU le Code de la S\u00e9curit\u00e9 Sociale ; \n  \nVU la loi n\u00b02025 -199 du 28 f\u00e9vrier 2025 de financement de la S\u00e9curit\u00e9 Sociale pour 2025 \npubli\u00e9e au Journal Officiel du 28/02/2025 ; \n  \nVU l'arr\u00eat\u00e9 minist\u00e9riel du 02/06/2025 publi\u00e9 au Journal Officiel du 06/06/2025 pris en \napplication de l'article L314 -3 du Code de l'Action Sociale et des Familles fixant, pour \nl'ann\u00e9e 2025 l'objectif global de d\u00e9penses d'assurance maladie et le montant total de \nd\u00e9penses pour les \u00e9tablissements et services relevant de la Caisse nationale de solidarit\u00e9 \npour l'autonomie ; \n  \nVU l'arr\u00eat\u00e9 du 6 juin 2025  fixant le montant de la participation journali\u00e8re forfaitaire des \nr\u00e9sidents aux d\u00e9penses d'entretien de l'autonomie dans les \u00e9tablissements relevant des I, II \net IV bis de l'article L. 313-12 du code de l'action sociale et des familles implant\u00e9s dans les \nd\u00e9partements participant \u00e0 l'exp\u00e9rimentation mentionn\u00e9e \u00e0 l'article 79 de la loi n\u00b0 2023 -\n1250 du 26 d\u00e9cembre 2023 de financement de la s\u00e9curit\u00e9 sociale pour 2024, au titre de \nl'exercice 2025 ; \n  \nVU la d\u00e9cision du 02/06/2025 publi\u00e9e au Journal Officiel du 06/06/2025 relative aux dotations \nr\u00e9gionales limitatives 2025 et \u00e0 la moyenne nationale des besoins en soins requis 2025 ; \n  \nVU l'arr\u00eat\u00e9 du 28/05/2025 fixant pour 2025 les valeurs du point mentionn\u00e9e \u00e0 l'article 9 du \nd\u00e9cret n\u00b0 2025 -168 du 20/02/2025 du code de l'action sociale et des familles publi\u00e9 au \nJournal Officiel du 31/05/2025 ; \n  \nVU le d\u00e9cret du 21 mai 2024 portant nomination de Madame, RATIGNIER -CARBONNEIL, \nChristelle en qualit\u00e9 de Directrice G\u00e9n\u00e9rale de l'agence r\u00e9gionale de sant\u00e9 Grand Est ; \n  \nVU la d\u00e9cision de d\u00e9l\u00e9gation de signature de la Directrice G\u00e9n\u00e9rale de l'ARS vers le Directeur \nde HAUTE-MARNE en date du 22/05/2025 ; \n \nVU l'autorisation ou le renouvellement d'autorisation en date du 03/01/2017 de la structure \nEtablissement d'h\u00e9bergement pour personnes \u00e2g\u00e9es d\u00e9pendantes d\u00e9nomm\u00e9e EHPAD \nGERARD DE HAULT (520780461) sise 2 R DU CHATEAU 52220 Sommevoire et g\u00e9r\u00e9e \npar l'entit\u00e9 d\u00e9nomm\u00e9e CENTRE HOSPITALIER DE MONTIER-EN-DER (520780065) ; \n  \n \n \n \n \n \n\nDECIDE \n \nArticle 1er A compter du 01  janvier 2025, le montant \u00e0 la charge de la 5 \u00e8me branche est fix\u00e9 \u00e0 \n1 510 570,01 au titre de 2025, dont 0,00 de cr\u00e9dits non reconductibles vers\u00e9s en une \nseule fois. \n \n \n La fraction forfaitaire mensuelle s'\u00e9tablit \u00e0 125 880,83 \u20ac. \n \nPour 2025, les tarifs sont d\u00e9compos\u00e9s comme suit : \n \n Partie soins du forfait \nglobal unique \nPartie entretien de \nl'autonomie du forfait \nglobal unique \nParticipation des r\u00e9sidents \n\u00e0 d\u00e9duire de la dotation \nglobalis\u00e9e commune \nMontant \u00e0 la \ncharge de la 5\u00e8me \nbranche \nTarif journalier \nH\u00e9bergement \nPermanent 1 341 710,11 182 772,25 67 813,35 1 456 669,01 79,10 \nH\u00e9bergement \nTemporaire 53 901,00   53 901,00 192,50 \nUHR 0,00   0,00  \nPASA 0,00   0,00  \nAccueil de Jour 0,00   0,00 0,00 \nPlateforme de r\u00e9pit 0,00   0,00  \n \n \n \n \nArticle 2 A compter du 1er janvier 2026 , en application de l'article L.314-7 du CASF, le montant \n\u00e0 la charge de la 5\u00e8me branche est fix\u00e9, \u00e0 titre transitoire, \u00e0 1 625 528,91 \n  \n Les tarifs de reconduction sont fix\u00e9s \u00e0 : \n \n Partie soins du forfait \nglobal unique  N+1 \nPartie entretien de \nl'autonomie du forfait \nglobal unique N+1 \nParticipation des \nr\u00e9sidents \u00e0 d\u00e9duire de \nla dotation globalis\u00e9e \ncommune \nMontant \u00e0 la charge de la \n5\u00e8me branche \nN+1 \nTarif journalier \nN+1 \nH\u00e9bergement \nPermanent 1 341 710,11 365 544,50 135 626,70 1 571 627,91 85,34 \nH\u00e9bergement \nTemporaire 53 901,00   53 901,00 192,50 \nUHR 0,00   0,00  \nPASA 0,00   0,00  \nAccueil de Jour 0,00   0,00 0,00 \nPlateforme de r\u00e9pit 0,00   0,00  \n \n \n \n \n La fraction forfaitaire mensuelle s'\u00e9tablit \u00e0 135 460,74 \u20ac. \n \n  \nArticle 3 Les recours contentieux dirig\u00e9s contre la pr\u00e9sente d\u00e9cision doivent \u00eatre port\u00e9s devant le \nTribunal Administratif sis 6 Rue du Haut Bourgeois 54035 NANCY dans un d\u00e9lai de deux \nmois \u00e0 compter de sa publication ou, pour les personnes auxquelles elle sera noti fi\u00e9e, \u00e0 \ncompter de sa notification. Le tribunal administratif peut \u00eatre saisi par l'application \u00ab \nT\u00e9l\u00e9recours citoyens \u00bb accessible par le site www.telerecours.fr. \n  \nArticle 4 La pr\u00e9sente d\u00e9cision sera publi\u00e9e au recueil des actes administratifs. \n  \nArticle 5      La Directrice G\u00e9n\u00e9rale de l'ARS Grand Est est charg\u00e9e de l'ex\u00e9cution de la pr\u00e9sente d\u00e9cision \nqui sera notifi\u00e9e \u00e0 l'entit\u00e9 gestionnaire CENTRE HOSPITALIER DE MONTIER -EN-DER \n(520780065) et \u00e0 l'\u00e9tablissement concern\u00e9. \n \n \nFait \u00e0 CHAUMONT, le 30 juin 2025           \n \n \nLe Directeur \n                \n \n \n \n         #signature# \n \n \nEuREPUBLIQUEFRAN\u00c7AISELibert\u00e9 \u00a9 D Azence R\u00e9gionale de Sant\u00e9Egalit\u00e9. Grand EstFraternit\u00e9\n  \n \nDECISION TARIFAIRE N\u00b010792 PORTANT FIXATION DU FORFAIT GLOBAL DE SOINS \nPOUR 2025 DE \nEHPAD FELIX GRELOT - 520780396 \n \nLa Directrice G\u00e9n\u00e9rale de l'ARS Grand Est \n \nVU le Code de l'Action Sociale et des Familles \n  \nVU le Code de la S\u00e9curit\u00e9 Sociale ; \n  \nVU la loi n\u00b02025 -199 du 28 f\u00e9vrier 2025 de financement de la S\u00e9curit\u00e9 Sociale pour 2025 \npubli\u00e9e au Journal Officiel du 28/02/2025 ; \n  \nVU l'arr\u00eat\u00e9 minist\u00e9riel du 02/06/2025 publi\u00e9 au Journal Officiel du 06/06/2025 pris en \napplication de l'article L314 -3 du Code de l'Action Sociale et des Familles fixant, pour \nl'ann\u00e9e 2025 l'objectif global de d\u00e9penses d'assurance maladie et le montant total de \nd\u00e9penses pour les \u00e9tablissements et services relevant de la Caisse nationale de solidarit\u00e9 \npour l'autonomie ; \n  \nVU l'arr\u00eat\u00e9 du 6 juin 2025  fixant le montant de la participation journali\u00e8re forfaitaire des \nr\u00e9sidents aux d\u00e9penses d'entretien de l'autonomie dans les \u00e9tablissements relevant des I, II \net IV bis de l'article L. 313 -12 du code de l'action sociale et des familles implant\u00e9s dans \nles d\u00e9partements participant \u00e0 l'exp\u00e9rimentation mentionn\u00e9e \u00e0 l'article 79 de la loi n\u00b0 \n2023-1250 du 26 d\u00e9cembre 2023 de financement de la s\u00e9curit\u00e9 sociale pour 2024, au titre \nde l'exercice 2025 ; \n  \nVU la d\u00e9cision du 02/06/2025 publi\u00e9e au Journal Officiel du 06/06/2025 relative aux dotations \nr\u00e9gionales limitatives 2025 et \u00e0 la moyenne nationale des besoins en soins requis 2025 ; \n  \nVU l'arr\u00eat\u00e9 du 28/05/2025 fixant pour 2025 les valeurs du point mentionn\u00e9e \u00e0 l'article 9 du \nd\u00e9cret n\u00b0 2025 -168 du 20/02/2025 du code de l'action sociale et des familles publi\u00e9 au \nJournal Officiel du 31/05/2025 ; \n  \nVU le d\u00e9cret du 21 mai 2024 portant nomination de Madame, RATIGNIER -CARBONNEIL, \nChristelle en qualit\u00e9 de Directrice G\u00e9n\u00e9rale de l'agence r\u00e9gionale de sant\u00e9 Grand Est ; \n  \nVU la d\u00e9cision de d\u00e9l\u00e9gation de signature de la Directrice G\u00e9n\u00e9rale de l'ARS vers le Directeur \nde HAUTE-MARNE en date du 22/05/2025 ; \n \nVU l'autorisation ou le renouvellement d'autorisation en date du 03/01/2017 de la structure \nEtablissement d'h\u00e9bergement pour personnes \u00e2g\u00e9es d\u00e9pendantes d\u00e9nomm\u00e9e EHPAD \nFELIX GRELOT (520780396) sise 6 R FELIX GRELOT 52800 Nogent et g\u00e9r\u00e9e par \nl'entit\u00e9 d\u00e9nomm\u00e9e MAISON DE RETRAITE (520000126) ; \n  \n \n \n \n \n \n\nDECIDE \n \nArticle 1er A compter du 01  janvier 2025, le montant \u00e0 la charge de la 5 \u00e8me branche est fix\u00e9 \u00e0 \n1 935 937,86 \u20ac au titre de 2025, dont 0,00  \u20ac de cr\u00e9dits non reconductibles vers\u00e9s en \nune seule fois. \n \n La fraction forfaitaire mensuelle s'\u00e9tablit \u00e0 161 328,16 \u20ac. \n \nPour 2025, les tarifs sont d\u00e9compos\u00e9s comme suit : \n \n Partie soins du forfait \nglobal unique \nPartie entretien de \nl'autonomie du forfait \nglobal unique \nParticipation des r\u00e9sidents \n\u00e0 d\u00e9duire de la dotation \nglobalis\u00e9e commune \nMontant \u00e0 la \ncharge de la 5\u00e8me \nbranche \nTarif journalier \nH\u00e9bergement \nPermanent 1 673 836,68 \u20ac 220 180,28 \u20ac 69 620,10 \u20ac 1 824 396,86 \u20ac 79,87 \u20ac \nH\u00e9bergement \nTemporaire 32 901,00 \u20ac   32 901,00 \u20ac 299,10 \u20ac \nUHR 0,00   0,00 \u20ac  \nPASA 0,00   0,00 \u20ac  \nAccueil de Jour 78 640,00 \u20ac   78 640,00 \u20ac 68,98 \u20ac \nPlateforme de r\u00e9pit 0,00 \u20ac   0,00 \u20ac  \n \nArticle 2 A compter du 1 er janvier 2026, en application de l'article L.314 -7 du CASF, le \nmontant \u00e0 la charge de la 5\u00e8me branche est fix\u00e9, \u00e0 titre transitoire, \u00e0 2 086 498,03 \u20ac \n  \n Les tarifs de reconduction sont fix\u00e9s \u00e0 : \n \n Partie soins du forfait \nglobal unique N+1 \nPartie entretien de \nl'autonomie du forfait \nglobal unique N+1 \nParticipation des \nr\u00e9sidents \u00e0 d\u00e9duire de \nla dotation globalis\u00e9e \ncommune \nMontant \u00e0 la charge de la \n5\u00e8me branche \nN+1 \nTarif journalier \nN+1 \nH\u00e9bergement \nPermanent 1 673 836,68 \u20ac 440 360,55 \u20ac 139 240,20 \u20ac 1 974 957,03 \u20ac 86,46 \u20ac \nH\u00e9bergement \nTemporaire 32 901,00 \u20ac   32 901,00 \u20ac 299,10 \u20ac \nUHR 0,00 \u20ac   0,00 \u20ac  \nPASA 0,00 \u20ac   0,00 \u20ac  \nAccueil de Jour 78 640,00 \u20ac   78 640,00 \u20ac 68,98 \u20ac \nPlateforme de r\u00e9pit 0,00 \u20ac   0,00 \u20ac  \n La fraction forfaitaire mensuelle s'\u00e9tablit \u00e0 173 874,84 \u20ac. \n \n  \nArticle 3 Les recours contentieux dirig\u00e9s contre la pr\u00e9sente d\u00e9cision doivent \u00eatre port\u00e9s devant le \nTribunal Administratif sis 6 Rue du Haut Bourgeois 54035 NANCY dans un d\u00e9lai de deux \nmois \u00e0 compter de sa publication ou, pour les personnes auxquelles elle sera notifi\u00e9e, \u00e0 \ncompter de sa notification. Le tribunal administratif peut \u00eatre saisi par l'application \u00ab \nT\u00e9l\u00e9recours citoyens \u00bb accessible par le site www.telerecours.fr. \n  \nArticle 4 La pr\u00e9sente d\u00e9cision sera publi\u00e9e au recueil des actes administratifs. \n  \nArticle 5      La Directrice G\u00e9n\u00e9rale de l'ARS Grand Est est charg\u00e9e de l'ex\u00e9cution de la pr\u00e9sente \nd\u00e9cision qui sera notifi\u00e9e \u00e0 l'entit\u00e9 gestionnaire MAISON DE RETRAITE (520000126) et \n\u00e0 l'\u00e9tablissement concern\u00e9. \n \n \nFait \u00e0 CHAUMONT, le 30 juin 2025           \n \n \nLe Directeur \n                \n \n \n \n         #signature# \n \n \nEuREPUBLIQUEFRAN\u00c7AISELibert\u00e9 \u00a9 D Azence R\u00e9gionale de Sant\u00e9Egalit\u00e9. Grand EstFraternit\u00e9\n  \n \nDECISION TARIFAIRE N\u00b010793 PORTANT FIXATION DU FORFAIT GLOBAL DE SOINS \nPOUR 2025 DE \nEHPAD LA COTE DES CHARMES - 520004565 \n \nLa Directrice G\u00e9n\u00e9rale de l'ARS Grand Est \n \nVU le Code de l'Action Sociale et des Familles \n  \nVU le Code de la S\u00e9curit\u00e9 Sociale ; \n  \nVU la loi n\u00b02025 -199 du 28 f\u00e9vrier 2025 de financement de la S\u00e9curit\u00e9 Sociale pour 2025 \npubli\u00e9e au Journal Officiel du 28/02/2025 ; \n  \nVU l'arr\u00eat\u00e9 minist\u00e9riel du 02/06/2025 publi\u00e9 au Journal Officiel du 06/06/2025 pris en \napplication de l'article L314 -3 du Code de l'Action Sociale et des Familles fixant, pour \nl'ann\u00e9e 2025 l'objectif global de d\u00e9penses d'assurance maladie et le montant total de \nd\u00e9penses pour les \u00e9tablissements et services relevant de la Caisse nationale de solidarit\u00e9 \npour l'autonomie ; \n  \nVU l'arr\u00eat\u00e9 du 6 juin 2025  fixant le montant de la participation journali\u00e8re forfaitaire des \nr\u00e9sidents aux d\u00e9penses d'entretien de l'autonomie dans les \u00e9tablissements relevant des I, II \net IV bis de l'article L. 313 -12 du code de l'action sociale et des familles implant\u00e9s dans \nles d\u00e9partements participant \u00e0 l'exp\u00e9rimentation mentionn\u00e9e \u00e0 l'article 79 de la loi n\u00b0 \n2023-1250 du 26 d\u00e9cembre 2023 de financement de la s\u00e9curit\u00e9 sociale pour 2024, au titre \nde l'exercice 2025 ; \n  \nVU la d\u00e9cision du 02/06/2025 publi\u00e9e au Journal Officiel du 06/06/2025 relative aux dotations \nr\u00e9gionales limitatives 2025 et \u00e0 la moyenne nationale des besoins en soins requis 2025 ; \n  \nVU l'arr\u00eat\u00e9 du 28/05/2025 fixant pour 2025 les valeurs du point mentionn\u00e9e \u00e0 l'article 9 du \nd\u00e9cret n\u00b0 2025 -168 du 20/02/2025 du code de l'action sociale et des familles publi\u00e9 au \nJournal Officiel du 31/05/2025 ; \n  \nVU le d\u00e9cret du 21 mai 2024 portant nomination de Madame, RATIGNIER -CARBONNEIL, \nChristelle en qualit\u00e9 de Directrice G\u00e9n\u00e9rale de l'agence r\u00e9gionale de sant\u00e9 Grand Est ; \n  \nVU la d\u00e9cision de d\u00e9l\u00e9gation de signature de la Directrice G\u00e9n\u00e9rale de l'ARS vers le Directeur \nde HAUTE-MARNE en date du 22/05/2025 ; \n \nVU l'autorisation ou le renouvellement d'autorisation en date du 08/03/2016 de la structure \nEtablissement d'h\u00e9bergement pour personnes \u00e2g\u00e9es d\u00e9pendantes d\u00e9nomm\u00e9e EHPAD LA \nCOTE DES CHARMES (520004565) sise  R DU FOUR 52700 Manois et g\u00e9r\u00e9e par \nl'entit\u00e9 d\u00e9nomm\u00e9e ASSOCIATION GROUPE SOS SENIORS (570010173) ; \n  \n \n  \n\nDECIDE \n \nArticle 1er A compter du 1 er janvier 2025, le montant \u00e0 la charge de la 5 \u00e8me branche est fix\u00e9 \u00e0 \n1 831 137,12 \u20ac au titre de 2025, dont 0,00 \u20ac de cr\u00e9dits  non reconductibles vers\u00e9s en \nune seule fois. \n \n La fraction forfaitaire mensuelle s'\u00e9tablit \u00e0 152 594,76 \u20ac. \n \nPour 2025, les tarifs sont d\u00e9compos\u00e9s comme suit : \n \n Partie soins du forfait \nglobal unique \nPartie entretien de \nl'autonomie du forfait \nglobal unique \nParticipation des r\u00e9sidents \n\u00e0 d\u00e9duire de la dotation \nglobalis\u00e9e commune \nMontant \u00e0 la \ncharge de la 5\u00e8me \nbranche \nTarif journalier \nH\u00e9bergement \nPermanent 1 612 700,22 \u20ac 237 945,60 \u20ac 72 008,70 \u20ac 1 778 637,12 \u20ac 73,12 \u20ac \nH\u00e9bergement \nTemporaire 0,00 \u20ac   0,00 \u20ac 0,00 \u20ac \nUHR 0,00 \u20ac   0,00 \u20ac  \nPASA 52 500,00 \u20ac   52 500,00 \u20ac  \nAccueil de Jour 0,00 \u20ac   0,00 \u20ac 0,00 \u20ac \nPlateforme de r\u00e9pit 0,00 \u20ac   0,00 \u20ac  \n \nArticle 2 A compter du 1 er janvier 2026,  en application de l'article L.314 -7 du CASF, le \nmontant \u00e0 la charge de la 5\u00e8me branche est fix\u00e9, \u00e0 titre transitoire, \u00e0 2 034 574,02 \u20ac \n  \n Les tarifs de reconduction sont fix\u00e9s \u00e0 : \n \n Partie soins du forfait \nglobal unique N+1 \nPartie entretien de \nl'autonomie du forfait \nglobal unique N+1 \nParticipation des \nr\u00e9sidents \u00e0 d\u00e9duire de \nla dotation globalis\u00e9e \ncommune \nMontant \u00e0 la charge de la \n5\u00e8me branche \nN+1 \nTarif journalier \nN+1 \nH\u00e9bergement \nPermanent 1 612 700,22 \u20ac 475 891,20 \u20ac 144 017,40 \u20ac 1 944 574,02 \u20ac 79,94 \u20ac \nH\u00e9bergement \nTemporaire 0,00 \u20ac   0,00 \u20ac 0,00 \u20ac \nUHR 0,00 \u20ac   0,00 \u20ac  \nPASA 90 000,00 \u20ac   90 000,00 \u20ac  \nAccueil de Jour 0,00 \u20ac   0,00 \u20ac 0,00 \u20ac \nPlateforme de r\u00e9pit 0,00 \u20ac   0,00 \u20ac  \n \n La fraction forfaitaire mensuelle s'\u00e9tablit \u00e0 169 547,84 \u20ac. \n \n  \nArticle 3 Les recours contentieux dirig\u00e9s contre la pr\u00e9sente d\u00e9cision doivent \u00eatre port\u00e9s devant le \nTribunal Administratif sis 6 Rue du Haut Bourgeois 54035 NANCY dans un d\u00e9lai de deux \nmois \u00e0 compter de sa publication ou, pour les personnes auxquelles elle sera notifi\u00e9e, \u00e0 \ncompter de sa notification. Le tribunal administratif peut \u00eatre saisi par l'application \u00ab \nT\u00e9l\u00e9recours citoyens \u00bb accessible par le site www.telerecours.fr. \n  \nArticle 4 La pr\u00e9sente d\u00e9cision sera publi\u00e9e au recueil des actes administratifs. \n  \nArticle 5      La Directrice G\u00e9n\u00e9rale de l'ARS Grand Est est charg\u00e9e de l'ex\u00e9cution de la pr\u00e9sente \nd\u00e9cision qui sera notifi\u00e9e \u00e0 l'entit\u00e9 gestionnaire ASSOCIATION GROUPE SOS SENIORS \n(570010173) et \u00e0 l'\u00e9tablissement concern\u00e9. \n \n \nFait \u00e0 CHAUMONT, le 30 juin 2025           \n \n \nLe Directeur \n                \n \n \n \n         #signature# \n \n \nEuREPUBLIQUEFRAN\u00c7AISELibert\u00e9 \u00a9 D Azence R\u00e9gionale de Sant\u00e9Egalit\u00e9. Grand EstFraternit\u00e9\n  \n \nDECISION TARIFAIRE N\u00b010794 PORTANT FIXATION DU FORFAIT GLOBAL DE SOINS \nPOUR 2025 DE \nEHPAD CHHM - 520001868 \n \nLa Directrice G\u00e9n\u00e9rale de l'ARS Grand Est \n \nVU le Code de l'Action Sociale et des Familles \n  \nVU le Code de la S\u00e9curit\u00e9 Sociale ; \n  \nVU la loi n\u00b02025 -199 du 28 f\u00e9vrier 2025 de financement de la S\u00e9curit\u00e9 Sociale pour 2025 \npubli\u00e9e au Journal Officiel du 28/02/2025 ; \n  \nVU l'arr\u00eat\u00e9 minist\u00e9riel du 02/06/2025 publi\u00e9 au Journal Officiel du 06/06/2025 pris en \napplication de l'article L314 -3 du Code de l'Action Sociale et des Familles fixant, pour \nl'ann\u00e9e 2025 l'objectif global de d\u00e9penses d'assurance maladie et le montant total de \nd\u00e9penses pour les \u00e9tablissements et services relevant de la Caisse nationale de solidarit\u00e9 \npour l'autonomie ; \n  \nVU l'arr\u00eat\u00e9 du 6 juin 2025  fixant le montant de la participation journali\u00e8re forfaitaire des \nr\u00e9sidents aux d\u00e9penses d'entretien de l'autonomie dans les \u00e9tablissements relevant des I, II \net IV bis de l'article L. 313-12 du code de l'action sociale et des familles implant\u00e9s dans les \nd\u00e9partements participant \u00e0 l'exp\u00e9rimentation mentionn\u00e9e \u00e0 l'article 79 de la loi n\u00b0 2023 -\n1250 du 26 d\u00e9cembre 2023 de financement de la s\u00e9curit\u00e9 sociale pour 2024, au titre de \nl'exercice 2025 ; \n  \nVU la d\u00e9cision du 02/06/2025 publi\u00e9e au Journal Officiel du 06/06/2025 relative aux dotations \nr\u00e9gionales limitatives 2025 et \u00e0 la moyenne nationale des besoins en soins requis 2025 ; \n  \nVU l'arr\u00eat\u00e9 du 28/05/2025 fixant pour 2025 les valeurs du point mentionn\u00e9e \u00e0 l'article 9 du \nd\u00e9cret n\u00b0 2025 -168 du 20/02/2025 du code de l'action sociale et des familles publi\u00e9 au \nJournal Officiel du 31/05/2025 ; \n  \nVU le d\u00e9cret du 21 mai 2024 portant nomination de Madame, RATIGNIER -CARBONNEIL, \nChristelle en qualit\u00e9 de Directrice G\u00e9n\u00e9rale de l'agence r\u00e9gionale de sant\u00e9 Grand Est ; \n  \nVU la d\u00e9cision de d\u00e9l\u00e9gation de signature de la Directrice G\u00e9n\u00e9rale de l'ARS vers le Directeur \nde HAUTE-MARNE en date du 22/05/2025 ; \n \nVU l'autorisation ou le renouvellement d'autorisation en date du 06/03/2006 de la structure \nEtablissement d'h\u00e9bergement pour personnes \u00e2g\u00e9es d\u00e9pendantes d\u00e9nomm\u00e9e EHPAD \nCHHM (520001868) sise 1 CAR HENRI ROLLIN 52103 Saint-Dizier et g\u00e9r\u00e9e par l'entit\u00e9 \nd\u00e9nomm\u00e9e CH DE LA HAUTE-MARNE (520780081) ; \n  \n \n \n \n \n \n\nDECIDE \n \nArticle 1er A compter du 01  janvier 2025, le montant \u00e0 la charge de la 5 \u00e8me branche est fix\u00e9 \u00e0 \n2 075 392,28 au titre de 2025, dont 0,00 de cr\u00e9dits non reconductibles vers\u00e9s en une \nseule fois. \n \n \n La fraction forfaitaire mensuelle s'\u00e9tablit \u00e0 172 949,36 \u20ac. \n \nPour 2025, les tarifs sont d\u00e9compos\u00e9s comme suit : \n \n Partie soins du forfait \nglobal unique \nPartie entretien de \nl'autonomie du forfait \nglobal unique \nParticipation des r\u00e9sidents \n\u00e0 d\u00e9duire de la dotation \nglobalis\u00e9e commune \nMontant \u00e0 la \ncharge de la 5\u00e8me \nbranche \nTarif journalier \nH\u00e9bergement \nPermanent 1 424 453,99 185 964,80 65 836,88 1 544 581,91 88,58 \nH\u00e9bergement \nTemporaire 32 901,00   32 901,00 123,22 \nUHR 222 670,37   222 670,37  \nPASA 0,00   0,00  \nAccueil de Jour 275 239,00   275 239,00 58,81 \nPlateforme de r\u00e9pit 0,00   0,00  \n \n \nArticle 2 A compter du 1er janvier 2026 , en application de l'article L.314-7 du CASF, le montant \n\u00e0 la charge de la 5\u00e8me branche est fix\u00e9, \u00e0 titre transitoire, \u00e0 2 195 520,21 \n  \n Les tarifs de reconduction sont fix\u00e9s \u00e0 : \n \n Partie soins du forfait \nglobal unique  N+1 \nPartie entretien de \nl'autonomie du forfait \nglobal unique N+1 \nParticipation des \nr\u00e9sidents \u00e0 d\u00e9duire de \nla dotation globalis\u00e9e \ncommune \nMontant \u00e0 la charge de la \n5\u00e8me branche \nN+1 \nTarif journalier \nN+1 \nH\u00e9bergement \nPermanent 1 424 453,99 371 929,60 131 673,75 1 664 709,84 95,46 \nH\u00e9bergement \nTemporaire 32 901,00   32 901,00 123,22 \nUHR 222 670,37   222 670,37  \nPASA 0,00   0,00  \nAccueil de Jour 275 239,00   275 239,00 58,81 \nPlateforme de r\u00e9pit 0,00   0,00  \n \n \n \n \n La fraction forfaitaire mensuelle s'\u00e9tablit \u00e0 182 960,02 \u20ac. \n \n  \nArticle 3 Les recours contentieux dirig\u00e9s contre la pr\u00e9sente d\u00e9cision doivent \u00eatre port\u00e9s devant le \nTribunal Administratif sis 6 Rue du Haut Bourgeois 54035 NANCY dans un d\u00e9lai de deux \nmois \u00e0 compter de sa publication ou, pour les personnes auxquelles elle sera noti fi\u00e9e, \u00e0 \ncompter de sa notification. Le tribunal administratif peut \u00eatre saisi par l'application \u00ab \nT\u00e9l\u00e9recours citoyens \u00bb accessible par le site www.telerecours.fr. \n  \nArticle 4 La pr\u00e9sente d\u00e9cision sera publi\u00e9e au recueil des actes administratifs. \n  \nArticle 5      La Directrice G\u00e9n\u00e9rale de l'ARS Grand Est est charg\u00e9e de l'ex\u00e9cution de la pr\u00e9sente d\u00e9cision \nqui sera notifi\u00e9e \u00e0 l'entit\u00e9 gestionnaire CH DE LA HAUTE -MARNE (520780081) et \u00e0 \nl'\u00e9tablissement concern\u00e9. \n \n \nFait \u00e0 Chaumont, le 30 juin 2025         \n \n \nLe Directeur \n   \n \n \n                \n \n \n \n         #signature# \n \n \nExR\u00c9PUBLIQUEFRAN\u00c7AISELibert\u00e9 @ Dd Agence R\u00e9gionale de Sant\u00e9\u00c9palir\u00e9 | Grand EstPraternit\u00e9\n \nDECISION TARIFAIRE N\u00b011210 PORTANT FIXATION POUR 2025 DU MONTANT ET DE LA \nREPARTITION DE LA DOTATION GLOBALISEE COMMUNE PREVUE AU \nCONTRAT PLURIANNUEL D'OBJECTIFS ET DE MOYENS DE  \nHOPITAL DE JOINVILLE - 520780040 \n \nPOUR LES ETABLISSEMENTS ET SERVICES SUIV ANTS  \nEtablissement d'h\u00e9bergement pour personnes \u00e2g\u00e9es d\u00e9pendantes - EHPAD - HL JOINVILLE - 520781543 \n \nService de Soins Infirmiers A Domicile (S.S.I.A.D) - SSIAD DE JOINVILLE - 520784208 \n \n \nLa Directrice G\u00e9n\u00e9rale de l'ARS Grand Est \n \nVU le Code de l'Action Sociale et des Familles ; \n  \nVU le Code de la S\u00e9curit\u00e9 Sociale ; \n  \nVU la loi n\u00b0 2025-199 du 28 f\u00e9vrier 2025 de financement de la S\u00e9curit\u00e9 Sociale pour 2025 publi\u00e9e \nau Journal Officiel du 28/02/2025 ; \n  \nVU l'arr\u00eat\u00e9 minist\u00e9riel du 02/06/2025 publi\u00e9 au Journal Officiel du 06/06/2025 pris en application \nde l'article L314 -3 du Code de l'Action Sociale et des Familles fixant, pour l'ann\u00e9e 2025 \nl'objectif global de d\u00e9penses d'assurance maladie et le montant total de d\u00e9penses pour les \n\u00e9tablissements et services relevant de la Caisse nationale de solidarit\u00e9 pour l'autonomie ; \n  \nVU la d\u00e9cision du 02/06/2025 publi\u00e9e au Journal Officiel du 06/06/2025 relative aux dotations \nr\u00e9gionales limitatives 2025 et \u00e0 la moyenne nationale des besoins en soins requis 2025 ; \n  \nVU l'arr\u00eat\u00e9 du 6 juin 2025 fixant le montant de la participation journali\u00e8re forfaitaire des r\u00e9sidents \naux d\u00e9penses d'entretien de l'autonomie dans les \u00e9tablissements relevant des I, II et IV bis de \nl'article L. 313-12 du code de l'action sociale et des familles implant\u00e9s dans les d\u00e9partements \nparticipant \u00e0 l'exp\u00e9rimentation mentionn\u00e9e \u00e0 l'article 79 de la loi n\u00b0 2023 -1250 du 26 \nd\u00e9cembre 2023 de financement de la s\u00e9curit\u00e9 sociale pour 2024, au titre de l'exercice 2025 ; \n \nVU l'arr\u00eat\u00e9 du 28/05/2025 fixant pour 2025 les valeurs du point mentionn\u00e9es \u00e0 l'article R.314 -\n162 du code de l'action sociale et des familles publi\u00e9 au Journal Officiel du 31/05/2025 ; \n \nVU \n \n \nVU \n \n \n \n \n \nVU \nle d\u00e9cret n\u00b0 2023-323 relatif \u00e0 la tarification des soins infirmiers \u00e0 domicile pour les personnes \n\u00e2g\u00e9es et personnes handicap\u00e9es publi\u00e9 au Journal Officiel du 28 avril 2023 ; \n \nl'arr\u00eat\u00e9 du 28 mai 2025 fixant pour 2025 les montants forfaitaires mentionn\u00e9s aux II et III de \nl'article R. 314-138 du code de l'action sociale et des familles et le taux de revalorisation des \nproduits de la tarification reconductibles aff\u00e9rents aux soins applicables aux services \nproposant des p restations de soins infirmiers \u00e0 domicile pour les personnes \u00e2g\u00e9es et les \npersonnes en situation de handicap ; \n \nl'arr\u00eat\u00e9 du 2 8 mai 202 5 fixant pour 202 5 le taux de revalorisation des produits de la \ntarification reconductibles aff\u00e9rents aux soins applicables aux services proposant des \nprestations de soins infirmiers \u00e0 domicile pour les personnes \u00e2g\u00e9es et les personnes en \nsituation de handicap ; \n \n  \n\nVU le d\u00e9cret du 21 mai 2024 portant nomination de Madame RATIGNIER -CARBONNEIL \nChristelle en qualit\u00e9 de Directrice G\u00e9n\u00e9rale de l'agence r\u00e9gionale de sant\u00e9 Grand Est ; \n \nVU la d\u00e9l\u00e9gation de signature de la Directrice G\u00e9n\u00e9rale de l'ARS vers le Directeur de HAUTE-\nMARNE en date du 22/05/2025 ;  \n  \nVU le Contrat Pluriannuel d'Objectifs et de Moyens conclu le 12/02/2019 prenant effet au \n01/01/2019 ; \n \n \nDECIDE \n \n \nArticle 1er A compter du 01 janvier 2025, au titre de 2025, la dotation globalis\u00e9e commune des \n\u00e9tablissements et services m\u00e9dico-sociaux financ\u00e9s par l'Assurance Maladie, g\u00e9r\u00e9s par \nl'entit\u00e9 d\u00e9nomm\u00e9e HOPITAL DE JOINVILLE (520780040), a \u00e9t\u00e9 fix\u00e9e \u00e0 4 857 584,23 \n\u20ac, dont 0,00 \u20ac de cr\u00e9dits non reconductibles vers\u00e9s en une seule fois. \n \n Elle se r\u00e9partit de la mani\u00e8re suivante, les prix de journ\u00e9e \u00e0 compter de 01/01/2025 \n\u00e9tant \u00e9galement mentionn\u00e9s. \n \n \n- Personnes \u00e2g\u00e9es : 4 785 399,30 \u20ac \n \n Dotations h\u00e9bergement permanent EHPAD (en \u20ac) \nH\u00e9bergement permanent \nPartie soins du \nforfait global \nunique \nPartie entretien de \nl'autonomie du forfait \nglobal unique \nParticipation des \nr\u00e9sidents \u00e0 d\u00e9duire de \nla dotation globalis\u00e9e \ncommune \nMontant \u00e0 la charge de \nla 5\u00e8me branche Tarif journalier \n520781543 \nEHPAD - HL JOINVILLE 3 574 318,37 522 144,00 157 809,24 3 938 653,13 74,95 \n \n \n \n \n Dotations hors h\u00e9bergement permanent EHPAD (en \u20ac) \nFINESS UHR PASA H\u00e9bergement \ntemporaire Accueil de jour Plateforme de r\u00e9pit SSIAD  \n520781543 \nEHPAD - HL \nJOINVILLE \n0,00 0,00 0,00 78 640,00 0,00 0,00 \n520784208 \nSSIAD DE \nJOINVILLE \n0,00 0,00 0,00 0,00 0,00 768 106,17 \n \n \n Prix de journ\u00e9e (en \u20ac) \nFINESS H\u00e9bergement temporaire Accueil de jour SSIAD PA \n520781543 \nEHPAD - HL JOINVILLE 0,00 83,48 0,00 \n520784208 \nSSIAD DE JOINVILLE 0,00 0,00 58,46 \n \n \nPour 2025, la fraction forfaitaire mensuelle, pour le secteur personnes \u00e2g\u00e9es, s'\u00e9tablit \u00e0 398 783,28 \u20ac. \n \n \n- Personnes handicap\u00e9es : 72 184,93 \u20ac (dont 72 184,93 \u20ac imputable \u00e0 l'assurance \nmaladie) \n Dotations (en \u20ac) \nFINESS INT  SI  EXT PFR Aut_1 Aut_2 Aut_3 SSIAD \n520784208 \nSSIAD DE \nJOINVILLE \n0,00 0,00 0,00 0,00 0,00 0,00 0,00 72 184,93 \n \n \n Prix de Journ\u00e9e (en \u20ac) \nFINESS INT  SI  EXT PFR Aut_1 Aut_2 Aut_3 SSIAD \n520784208 \nSSIAD DE \nJOINVILLE \n0,00 0,00 0,00 0,00 0,00 0,00 0,00 39,55 \n \nPour 2025, la fraction forfaitaire mensuelle, pour le secteur personnes handicap\u00e9es, s'\u00e9tablit \u00e0 6 015,41 \u20ac \n(dont 6 015,41 \u20ac imputable \u00e0 l'Assurance Maladie). \n \n \nArticle 2 A compter du 1 er janvier 2026, en application de l'article L.314 -7 du CASF, la \ndotation globalis\u00e9e commune s'\u00e9l\u00e8ve, \u00e0 titre transitoire, \u00e0 5  221 918,99 \u20ac. Elle se \nr\u00e9partit de la mani\u00e8re suivante, les prix de journ\u00e9e de reconduction \u00e9tant \u00e9galement \nmentionn\u00e9s : \n  \n \n \n-- personnes \u00e2g\u00e9es : 5 149 734,06  \u20ac \n \n \n \n Dotations h\u00e9bergement permanent EHPAD (en \u20ac) \nH\u00e9bergement \npermanent \nPartie soins du \nforfait global \nunique N+1 \nPartie entretien de \nl'autonomie du forfait \nglobal unique N+1 \nParticipation des r\u00e9sidents \nN+1 \u00e0 d\u00e9duire de la \ndotation globalis\u00e9e \ncommune \nMontant \u00e0 la charge \nde la 5\u00e8me branche \nN+1 \nTarif journalier \nN+1 \n520781543 \nEHPAD - HL \nJOINVILLE \n3 574 318,37 1 044 288,00 315 618,48 4 302 987,89 81,88 \n \n \n Dotations hors h\u00e9bergement permanent EHPAD (en \u20ac) \nFINESS UHR PASA H\u00e9bergement \ntemporaire Accueil de jour Plateforme de \nr\u00e9pit SSIAD  \n520781543 \nEHPAD - HL \nJOINVILLE \n0,00 0,00 0,00 78 640,00 0,00 0,00 \n520784208 \nSSIAD DE \nJOINVILLE \n0,00 0,00 0,00 0,00 0,00 768 106,17 \n \n \n \n \n \n Prix de journ\u00e9e (en \u20ac) \nFINESS H\u00e9bergement  \ntemporaire Accueil de jour SSIAD PA \n520781543 \nEHPAD - HL JOINVILLE 0,00 83,48 0,00 \n520784208 \nSSIAD DE JOINVILLE 0,00 0,00 58,46 \n \nPour 2026, la fraction forfaitaire mensuelle, pour le secteur personnes \u00e2g\u00e9es, s'\u00e9tablit \u00e0 429 144,51 \u20ac. \n \n \n \n- personnes handicap\u00e9es : 72 184,93  \u20ac \n(dont 72 184,93  \u20ac imputable \u00e0 l'Assurance Maladie) \n \n \nDotations (en \u20ac) \nFINESS INT  SI  EXT PFR Aut_1 Aut_2 Aut_3 SSIAD \n520784208 \nSSIAD DE \nJOINVILLE \n0,00 0,00 0,00 0,00 0,00 0,00 0,00 72 184,93 \n \n \n \n \nPrix de journ\u00e9e (en \u20ac) \nFINESS INT SI EXT PFR Aut_1 Aut_2 Aut_3 SSIAD \n520784208 \nSSIAD DE \nJOINVILLE \n0,00 0,00 0,00 0,00 0,00 0,00 0,00 39,55 \n \nPour 2026, la fraction forfaitaire mensuelle, pour le secteur personnes handicap\u00e9es, s'\u00e9tablit \u00e0 6 015,41 \u20ac \n(dont 6 015,41 \u20ac imputable \u00e0 l'Assurance Maladie). \n \n \n \nArticle 3 Les recours contentieux dirig\u00e9s contre la pr\u00e9sente d\u00e9cision doivent \u00eatre port\u00e9s devant le \nTribunal Administratif sis 6, Rue du Haut Bourgeois, 54035 NANCY dans un d\u00e9lai de \ndeux mois \u00e0 compter de sa publication ou, pour les personnes auxquelles elle sera \nnotifi\u00e9e, \u00e0 compter de sa notification. Le tribunal administratif peut \u00eatre saisi par \nl'application \u00ab T\u00e9l\u00e9recours citoyens \u00bb accessible par le site www.telerecours.fr. \n  \nArticle 4 La pr\u00e9sente d\u00e9cision sera publi\u00e9e au recueil des actes administratifs. \n  \n  Article 5         La Directrice G\u00e9n\u00e9rale de l'ARS  Grand Est est charg\u00e9e de l'ex\u00e9cution de la pr\u00e9sente \nd\u00e9cision qui sera notifi\u00e9e \u00e0 l'entit\u00e9 gestionnaire (HOPITAL DE JOINVILLE \n520780040) et aux structures concern\u00e9es. \n \n \n \nFait \u00e0 CHAUMONT, le 30 juin 2025 \n \nLe Directeur \n \n \n \n                                                                                                                               #signature# \n \n \nExR\u00c9PUBLIQUEFRAN\u00c7AISELiberte \u00a9 D Age Regionale de Sant\u00e9\u00a3gabiut Grand EstFrateracte\n1 \n \n \nDECISION TARIFAIRE N\u00b011464 PORTANT FIXATION DE LA DOTATION GLOBALE DE \nSOINS POUR 2025 DE \nSSIAD DE BOURBONNE-LES-BAINS - 520784257 \n \nLa Directrice G\u00e9n\u00e9rale de l'ARS Grand Est \n \nVU le Code de l'Action Sociale et des Familles ; \n  \nVU le Code de la S\u00e9curit\u00e9 Sociale ; \n  \nVU la loi n\u00b0 2025 -199 du 28 f\u00e9vrier 2025 de financement de la S\u00e9curit\u00e9 Sociale pour 2025 \npubli\u00e9e au Journal Officiel du 28/02/2025 ; \n  \nVU l'arr\u00eat\u00e9 minist\u00e9riel du 02/06/2025 publi\u00e9 au Journal Officiel du 06/06/2025 pris en \napplication de l'article L314 -3 du Code de l'Action Sociale et des Familles fixant, pour \nl'ann\u00e9e 2025 l'objectif global de d\u00e9penses d'assurance maladie et le montant total de \nd\u00e9penses pour les \u00e9tablissements et services relevant de la Caisse nationale de solidarit\u00e9 pour \nl'autonomie; \n  \nVU la d\u00e9cision du 02/06/2025 publi\u00e9e au Journal Officiel du 06/06/2025 relative aux dotations \nr\u00e9gionales limitatives 2025 et \u00e0 la moyenne nationale des besoins en soins requis 2025 ; \n \nVU le d\u00e9cret n\u00b0 2023 -323 relatif \u00e0 la tarification des soins infirmiers \u00e0 domicile pour les \npersonnes \u00e2g\u00e9es et personnes handicap\u00e9es publi\u00e9 au Journal Officiel du 28 avril 2023 ; \n \nVU l'arr\u00eat\u00e9 du 28 mai 2025 fixant pour 2025 les montants forfaitaires mentionn\u00e9s aux II et III de \nl'article R. 314-138 du code de l'action sociale et des familles et le taux de revalorisation des \nproduits de la tarification reconductibles aff\u00e9rents aux soins applicables aux services \nproposant des prestations de soins infirmiers \u00e0 domicile pour les personnes \u00e2g\u00e9es et les \npersonnes en situation de handicap ; \n \nVU l'arr\u00eat\u00e9 du 2 8 mai 202 5 fixant pour 202 5 le taux de revalorisation des produits de la \ntarification reconductibles aff\u00e9rents aux soins applicables aux services proposant des \nprestations de soins infirmiers \u00e0 domicile pour les personnes \u00e2g\u00e9es et les personnes en \nsituation de handicap ; \n \nVU le d\u00e9cret du 21 mai 2024 portant nomination de Madame RATIGNIER -CARBONNEIL \nChristelle en qualit\u00e9 de Directrice G\u00e9n\u00e9rale de l'agence r\u00e9gionale de sant\u00e9 Grand Est ; \n \nVU la d\u00e9cision de d\u00e9l\u00e9gation de signature  Directrice G\u00e9n\u00e9rale de l'ARS vers le Directeur de \nHAUTE-MARNE en date du 22/05/2025 ; \n \nVU l'autorisation ou le renouvellement d'autorisation en date du 03/01/2017 de la structure \nService de Soins Infirmiers A Domicile (S.S.I.A.D) d\u00e9nomm\u00e9e SSIAD DE BOURBONNE -\nLES-BAINS (520784257) sise 1 R TERRAIL LEMOINE 52400 Bourbonne -les-Bains  et \ng\u00e9r\u00e9e par l'entit\u00e9 d\u00e9nomm\u00e9e CTRE HOSPITALIER BOURBONNE -LES-BAINS \n(520780024); \n \n  \n\n2 \n \n \n \n \nDECIDE \n \nArticle 1er A compter du 1er janvier 2025, la dotation globale de soins est fix\u00e9e \u00e0 934 749,55 \u20ac au \ntitre de 2025 dont 0,00 \u20ac de cr\u00e9dits non reconductibles vers\u00e9s en une seule fois. Elle se \nr\u00e9partit comme suit : \n \n - pour l'accueil de personnes \u00e2g\u00e9es  : 817  044,97 \u20ac (fraction forfaitaire s'\u00e9levant \u00e0 \n68 087,08 \u20ac) dont 0,00 \u20ac de cr\u00e9dits non reconductibles vers\u00e9s en une seule fois. Le prix \nde journ\u00e9e est fix\u00e9 \u00e0 60,52 \u20ac. \n - pour l'accueil de personnes handicap\u00e9es  : 117 704,58 \u20ac (fraction forfaitaire s'\u00e9levant \n\u00e0 9  808,72 \u20ac) dont 0,00 \u20ac de cr\u00e9dits non reconductibles vers\u00e9s en une seule fois. Le \nprix de journ\u00e9e est fix\u00e9 \u00e0 217,97 \u20ac. \n  \nArticle 2 A compter du 1er janvier 2026, en application de l'article L.314 -7 du CASF, la \ndotation globale de soins est fix\u00e9e, \u00e0 titre transitoire, \u00e0 915 274,90 \u20ac : \n  \n- Pour l'accueil de personnes \u00e2g\u00e9es : 817 044,97 \u20ac (douzi\u00e8me applicable s'\u00e9levant \u00e0 \n68 087,08 \u20ac). Le prix de journ\u00e9e de reconduction est fix\u00e9 \u00e0 60,52 \u20ac. \n \n  \n- pour l'accueil de personnes handicap\u00e9es  : 98  229,93 \u20ac (douzi\u00e8me applicable \ns'\u00e9levant \u00e0 8 185,83 \u20ac). Le prix de journ\u00e9e de reconduction est fix\u00e9 \u00e0 181,91 \u20ac. \n \nArticle 3 Les recours contentieux dirig\u00e9s contre la pr\u00e9sente d\u00e9cision doivent \u00eatre port\u00e9s devant le \nTribunal Administratif sis 6, Rue du Haut Bourgeois, 54035 NANCY dans un d\u00e9lai de \ndeux mois \u00e0 compter de sa publication ou, pour les personnes auxquelles elle sera \nnotifi\u00e9e, \u00e0 compter de sa notification. Le tribunal administratif peut \u00eatre saisi par \nl'application \u00ab T\u00e9l\u00e9recours citoyens \u00bb accessible par le site www.telerecours.fr. \n  \nArticle 4 La pr\u00e9sente d\u00e9cision sera publi\u00e9e au recueil des actes administratifs. \n  \nArticle 5      La Directrice G\u00e9n\u00e9rale de l'ARS Grand Est est charg\u00e9e de l'ex\u00e9cution de la pr\u00e9sente \nd\u00e9cision qui sera notifi\u00e9e \u00e0 l'entit\u00e9 gestionnaire CTRE HOSPITALIER \nBOURBONNE-LES-BAINS (520780024) et \u00e0 l'\u00e9tablissement concern\u00e9. \n \n \nFait \u00e0 CHAUMONT, le 30 juin 2025                                  \n \n \nLe Directeur \n \n \n#signature# \n \n \n \n \n \n \nExR\u00c9PUBLIQUEFRAN\u00c7AISELiberte \u00a9 D Age Regionale de Sant\u00e9\u00a3gabiut Grand EstFrateracte\n1 \n \n \nDECISION TARIFAIRE N\u00b011465 PORTANT FIXATION DE LA DOTATION GLOBALE DE \nSOINS POUR 2025 DE \nSSIAD DE WASSY - 520783994 \n \nLa Directrice G\u00e9n\u00e9rale de l'ARS Grand Est \n \nVU le Code de l'Action Sociale et des Familles ; \n  \nVU le Code de la S\u00e9curit\u00e9 Sociale ; \n  \nVU la loi n\u00b0 2025-199 du 28 f\u00e9vrier 2025 de financement de la S\u00e9curit\u00e9 Sociale pour 2025 publi\u00e9e \nau Journal Officiel du 28/02/2025 ; \n  \nVU l'arr\u00eat\u00e9 minist\u00e9riel du 02/06/2025 publi\u00e9 au Journal Officiel du 06/06/2025 pris en application \nde l'article L314 -3 du Code de l'Action Sociale et des Familles fixant, pour l'ann\u00e9e 2025 \nl'objectif global de d\u00e9penses d'assurance maladie et le montant total de d\u00e9penses pour les \n\u00e9tablissements et services relevant de la Caisse nationale de solidarit\u00e9 pour l'autonomie; \n  \nVU la d\u00e9cision du 02/06/2025 publi\u00e9e au Journal Officiel du 06/06/2025 relative aux dotations \nr\u00e9gionales limitatives 2025 et \u00e0 la moyenne nationale des besoins en soins requis 2025 ; \n \nVU le d\u00e9cret n\u00b0 2023-323 relatif \u00e0 la tarification des soins infirmiers \u00e0 domicile pour les personnes \n\u00e2g\u00e9es et personnes handicap\u00e9es publi\u00e9 au Journal Officiel du 28 avril 2023 ; \n \nVU l'arr\u00eat\u00e9 du 28 mai 2025 fixant pour 2025 les montants forfaitaires mentionn\u00e9s aux II et III de \nl'article R. 314-138 du code de l'action sociale et des familles et le taux de revalorisation des \nproduits de la tarification reconductibles aff\u00e9rents aux soins applicables aux services proposant \ndes prestations de soins infirmiers \u00e0 domicile pour les personnes \u00e2g\u00e9es et les personnes en \nsituation de handicap ; \n \nVU l'arr\u00eat\u00e9 du 28 mai 2025 fixant pour 2025 le taux de revalorisation des produits de la tarification \nreconductibles aff\u00e9rents aux soins applicables aux services proposant des prestations de soins \ninfirmiers \u00e0 domicile pour les personnes \u00e2g\u00e9es et les personnes en situation de handicap ; \n \nVU le d\u00e9cret du 21 mai 2024 portant nomination de Madame RATIGNIER -CARBONNEIL \nChristelle en qualit\u00e9 de Directrice G\u00e9n\u00e9rale de l'agence r\u00e9gionale de sant\u00e9 Grand Est ; \n \nVU la d\u00e9cision de d\u00e9l\u00e9gation de signature  Directrice G\u00e9n\u00e9rale de l'ARS vers le Directeur de \nHAUTE-MARNE en date du 22/05/2025 ; \n \nVU l'autorisation ou le renouvellement d'autorisation en date du 03/01/2017 de la structure \nService de Soins Infirmiers A Domicile (S.S.I.A.D) d\u00e9nomm\u00e9e SSIAD DE WASSY \n(520783994) sise  R DE LA PITIE 52130 Wassy   et g\u00e9r\u00e9e par l'entit\u00e9 d\u00e9nomm\u00e9e HOPITAL \nLOCAL DE WASSY (520780099); \n \n \n \n \n \n \n \n \n \n\n2 \n \n \nDECIDE \n \nArticle 1er A compter du 01 janvier 2025, la dotation globale de soins est fix\u00e9e \u00e0 645  609,46 \u20ac au \ntitre de 2025 dont 0,00 \u20ac de cr\u00e9dits non reconductibles vers\u00e9s en une seule fois. Elle se \nr\u00e9partit comme suit : \n \n - pour l'accueil de personnes \u00e2g\u00e9es  : 601  324,89 \u20ac (fraction forfaitaire s'\u00e9levant \u00e0 \n50 110,41 \u20ac) dont 0,00 \u20ac de cr\u00e9dits non reconductibles vers\u00e9s en une seule fois. Le prix \nde journ\u00e9e est fix\u00e9 \u00e0 55,47 \u20ac. \n - pour l'accueil de personnes handicap\u00e9es : 44 284,57 \u20ac (fraction forfaitaire s'\u00e9levant \u00e0 \n3 690,38 \u20ac) dont 0,00 \u20ac de cr\u00e9dits non reconductibles vers\u00e9s en une seule fois. Le prix \nde journ\u00e9e est fix\u00e9 \u00e0 42,58 \u20ac. \n  \nArticle 2 A compter du 1er janvier 2026, en application de l'article L.314-7 du CASF, la dotation \nglobale de soins est fix\u00e9e, \u00e0 titre transitoire, \u00e0 645 609,46 \u20ac : \n  \n- Pour l'accueil de personnes \u00e2g\u00e9es : 601 324,89 \u20ac (douzi\u00e8me applicable s'\u00e9levant \u00e0 \n50 110,41 \u20ac). Le prix de journ\u00e9e de reconduction est fix\u00e9 \u00e0 55,47 \u20ac. \n \n  \n- pour l'accueil de personnes handicap\u00e9es  : 44  284,57 \u20ac (douzi\u00e8me applicable \ns'\u00e9levant \u00e0 3 690,38 \u20ac). Le prix de journ\u00e9e de reconduction est fix\u00e9 \u00e0 42,58 \u20ac. \n \nArticle 3 Les recours contentieux dirig\u00e9s contre la pr\u00e9sente d\u00e9cision doivent \u00eatre port\u00e9s devant le \nTribunal Administratif sis 6, Rue du Haut Bourgeois, 54035 NANCY dans un d\u00e9lai de \ndeux mois \u00e0 compter de sa publication ou, pour les personnes auxquelles elle sera \nnotifi\u00e9e, \u00e0 compter de sa notification. Le tribunal administratif peut \u00eatre saisi par \nl'application \u00ab T\u00e9l\u00e9recours citoyens \u00bb accessible par le site www.telerecours.fr. \n  \nArticle 4 La pr\u00e9sente d\u00e9cision sera publi\u00e9e au recueil des actes administratifs. \n  \nArticle 5      La Directrice G\u00e9n\u00e9rale de l'ARS Grand Est est charg\u00e9e de l'ex\u00e9cution de la pr\u00e9sente \nd\u00e9cision qui sera notifi\u00e9e \u00e0 l'entit\u00e9 gestionnaire HOPITAL LOCAL DE WASSY \n(520780099) et \u00e0 l'\u00e9tablissement concern\u00e9. \n \n \nFait \u00e0 CHAUMONT, le 30 juin 2025                                  \n \n \nLe Directeur \n \n \n#signature# \n \n \n \n \n \n \nExR\u00c9PUBLIQUEFRAN\u00c7AISELiberte \u00a9 D Age Regionale de Sant\u00e9\u00a3gabiut Grand EstFrateracte\n1 \n \n \nDECISION TARIFAIRE N\u00b011466 PORTANT FIXATION DE LA DOTATION GLOBALE DE \nSOINS POUR 2025 DE \nSSIADPA - CH DE CHAUMONT - 520783341 \n \nLa Directrice G\u00e9n\u00e9rale de l'ARS Grand Est \n \nVU le Code de l'Action Sociale et des Familles ; \n  \nVU le Code de la S\u00e9curit\u00e9 Sociale ; \n  \nVU la loi n\u00b0 2025 -199 du 28 f\u00e9vrier 2025 de financement de la S\u00e9curit\u00e9 Sociale pour 2025 \npubli\u00e9e au Journal Officiel du 28/02/2025 ; \n  \nVU l'arr\u00eat\u00e9 minist\u00e9riel du 02/06/2025 publi\u00e9 au Journal Officiel du 06/06/2025 pris en \napplication de l'article L314 -3 du Code de l'Action Sociale et des Familles fixant, pour \nl'ann\u00e9e 2025 l'objectif global de d\u00e9penses d'assurance maladie et le montant total de \nd\u00e9penses pour les \u00e9tablissements et services relevant de la Caisse nationale de solidarit\u00e9 pour \nl'autonomie; \n  \nVU la d\u00e9cision du 02/06/2025 publi\u00e9e au Journal Officiel du 06/06/2025 relative aux dotations \nr\u00e9gionales limitatives 2025 et \u00e0 la moyenne nationale des besoins en soins requis 2025 ; \n \nVU le d\u00e9cret n\u00b0 2023 -323 relatif \u00e0 la tarification des soins infirmiers \u00e0 domicile pour les \npersonnes \u00e2g\u00e9es et personnes handicap\u00e9es publi\u00e9 au Journal Officiel du 28 avril 2023 ; \n \nVU l'arr\u00eat\u00e9 du 28 mai 2025 fixant pour 2025 les montants forfaitaires mentionn\u00e9s aux II et III de \nl'article R. 314-138 du code de l'action sociale et des familles et le taux de revalorisation des \nproduits de la tarification reconductibles aff\u00e9rents aux soins applicables aux services \nproposant des prestations de soins infirmiers \u00e0 domicile pour les personnes \u00e2g\u00e9es et les \npersonnes en situation de handicap ; \n \nVU l'arr\u00eat\u00e9 du 2 8 mai 202 5 fixant pour 202 5 le taux de revalorisation des produits de la \ntarification reconductibles aff\u00e9rents aux soins applicables aux services proposant des \nprestations de soins infirmiers \u00e0 domicile pour les personnes \u00e2g\u00e9es et les personnes en \nsituation de handicap ; \n \nVU le d\u00e9cret du 21 mai 2024 portant nomination de Madame RATIGNIER -CARBONNEIL \nChristelle en qualit\u00e9 de Directrice G\u00e9n\u00e9rale de l'agence r\u00e9gionale de sant\u00e9 Grand Est ; \n \nVU la d\u00e9cision de d\u00e9l\u00e9gation de signature  Directrice G\u00e9n\u00e9rale de l'ARS vers le Directeur de \nHAUTE-MARNE en date du 22/05/2025 ; \n \nVU l'autorisation ou le renouvellement d'autorisation en date du 03/01/2017 de la structure \nService de Soins Infirmiers A Domicile (S.S.I.A.D) d\u00e9nomm\u00e9e SSIADPA - CH DE \nCHAUMONT (520783341) sise 2 R JEANNE D'ARC 52014 Chaumont  et g\u00e9r\u00e9e par l'entit\u00e9 \nd\u00e9nomm\u00e9e CENTRE HOSPITALIER DE CHAUMONT (520780032); \n \n  \n\n2 \n \n \nDECIDE \n \nArticle 1er A compter du 1 er janvier 2025, la dotation globale de soins est fix\u00e9e \u00e0 1 154 983,06 \u20ac \nau titre de 2025 dont 0,00 \u20ac de cr\u00e9dits non reconductibles vers\u00e9s en une seule fois. Elle \nse r\u00e9partit comme suit : \n \n - pour l'accueil de personnes \u00e2g\u00e9es  : 1  118 654,45 \u20ac (fraction forfaitaire s'\u00e9levant \u00e0 \n93 221,20 \u20ac) dont 0,00 \u20ac de cr\u00e9dits non reconductibles vers\u00e9s en une seule fois. Le prix \nde journ\u00e9e est fix\u00e9 \u00e0 72,73 \u20ac. \n - pour l'accueil de personnes handicap\u00e9es : 36 328,61 \u20ac (fraction forfaitaire s'\u00e9levant \u00e0 \n3 027,38 \u20ac) dont 0,00 \u20ac de cr\u00e9dits non reconductibles vers\u00e9s en une seule fois. Le prix \nde journ\u00e9e est fix\u00e9 \u00e0 58,88 \u20ac. \n  \nArticle 2 A compter du 1er janvier 2026, en application de l'article L.314 -7 du CASF, la \ndotation globale de soins est fix\u00e9e, \u00e0 titre transitoire, \u00e0 1 074 403,93 \u20ac : \n  \n- Pour l'accueil de personnes \u00e2g\u00e9es : 1 041 174,52 \u20ac (douzi\u00e8me applicable s'\u00e9levant \n\u00e0 86 764,54 \u20ac). Le prix de journ\u00e9e de reconduction est fix\u00e9 \u00e0 67,69 \u20ac. \n \n  \n- pour l'accueil de personnes handicap\u00e9es  : 33  229,41 \u20ac (douzi\u00e8me applicable \ns'\u00e9levant \u00e0 2 769,12 \u20ac). Le prix de journ\u00e9e de reconduction est fix\u00e9 \u00e0 53,86 \u20ac. \n \nArticle 3 Les recours contentieux dirig\u00e9s contre la pr\u00e9sente d\u00e9cision doivent \u00eatre port\u00e9s devant le \nTribunal Administratif sis 6, Rue du Haut Bourgeois, 54035 NANCY dans un d\u00e9lai de \ndeux mois \u00e0 compter de sa publication ou, pour les personnes auxquelles elle sera \nnotifi\u00e9e, \u00e0 compter de sa notification. Le tribunal administratif peut \u00eatre saisi par \nl'application \u00ab T\u00e9l\u00e9recours citoyens \u00bb accessible par le site www.telerecours.fr. \n  \nArticle 4 La pr\u00e9sente d\u00e9cision sera publi\u00e9e au recueil des actes administratifs. \n  \nArticle 5      La Directrice G\u00e9n\u00e9rale de l'ARS Grand Est est charg\u00e9e de l'ex\u00e9cution de la pr\u00e9sente \nd\u00e9cision qui sera notifi\u00e9e \u00e0 l'entit\u00e9 gestionnaire CENTRE HOSPITALIER DE \nCHAUMONT (520780032) et \u00e0 l'\u00e9tablissement concern\u00e9. \n \n \nFait \u00e0 CHAUMONT, le 30 juin 2025                                  \n \n \nLe Directeur \n \n \n#signature# \n \n \n \n \n \n \nExR\u00c9PUBLIQUEFRAN\u00c7AISELiberte \u00a9 D Age Regionale de Sant\u00e9\u00a3gabiut Grand EstFrateracte\n1 \n \n \nDECISION TARIFAIRE N\u00b011467 PORTANT FIXATION DE LA DOTATION GLOBALE DE \nSOINS POUR 2025 DE \nSSIADPA - CH DE LANGRES - 520782772 \n \nLa Directrice G\u00e9n\u00e9rale de l'ARS Grand Est \n \nVU le Code de l'Action Sociale et des Familles ; \n  \nVU le Code de la S\u00e9curit\u00e9 Sociale ; \n  \nVU la loi n\u00b0 2025 -199 du 28 f\u00e9vrier 2025 de financement de la S\u00e9curit\u00e9 Sociale pour 2025 \npubli\u00e9e au Journal Officiel du 28/02/2025 ; \n  \nVU l'arr\u00eat\u00e9 minist\u00e9riel du 02/06/2025 publi\u00e9 au Journal Officiel du 06/06/2025 pris en \napplication de l'article L314 -3 du Code de l'Action Sociale et des Familles fixant, pour \nl'ann\u00e9e 2025 l'objectif global de d\u00e9penses d'assurance maladie et le montant total de \nd\u00e9penses pour les \u00e9tablissements et services relevant de la Caisse nationale de solidarit\u00e9 pour \nl'autonomie; \n  \nVU la d\u00e9cision du 02/06/2025 publi\u00e9e au Journal Officiel du 06/06/2025  relative aux dotations \nr\u00e9gionales limitatives 2025 et \u00e0 la moyenne nationale des besoins en soins requis 2025 ; \n \nVU le d\u00e9cret n\u00b0 2023 -323 relatif \u00e0 la tarification des soins infirmiers \u00e0 domicile pour les \npersonnes \u00e2g\u00e9es et personnes handicap\u00e9es publi\u00e9 au Journal Officiel du 28 avril 2023 ; \n \nVU l'arr\u00eat\u00e9 du 28 mai 2025 fixant pour 2025 les montants forfaitaires mentionn\u00e9s aux II et III de \nl'article R. 314-138 du code de l'action sociale et des familles et le taux de revalorisation des \nproduits de la tarification reconductibles aff\u00e9rents aux soins applicables aux services \nproposant des prestations de soins infirmiers \u00e0 domicile pour les personnes \u00e2g\u00e9es et les \npersonnes en situation de handicap ; \n \nVU l'arr\u00eat\u00e9 du 2 8 mai 202 5 fixant pour 202 5 le taux de revalorisation des produits de la \ntarification reconductibles aff\u00e9rents aux soins applicables aux services proposant des \nprestations de soins infirmiers \u00e0 domicile pour les personnes \u00e2g\u00e9es et les personnes en \nsituation de handicap ; \n \nVU le d\u00e9cret du 21 mai 2024 portant nomination de Madame RATIGNIER -CARBONNEIL \nChristelle en qualit\u00e9 de Directrice G\u00e9n\u00e9rale de l'agence r\u00e9gionale de sant\u00e9 Grand Est ; \n \nVU la d\u00e9cision de d\u00e9l\u00e9gation de signature  Directrice G\u00e9n\u00e9rale de l'ARS vers le Directeur de \nHAUTE-MARNE en date du 22/05/2025 ; \n \nVU l'autorisation ou le renouvellement d'autorisation en date du 03/01/2017 de la structure \nService de Soins Infirmiers A Domicile (S.S.I.A.D) d\u00e9nomm\u00e9e SSIADPA - CH DE \nLANGRES (520782772) sise 10 R DE LA CHARITE 52206 Langres   et g\u00e9r\u00e9e par l'entit\u00e9 \nd\u00e9nomm\u00e9e CENTRE HOSPITALIER DE LANGRES (520780057); \n \n  \n\n2 \n \n \n \n \nDECIDE \n \nArticle 1er A compter du 1er janvier 2025, la dotation globale de soins est fix\u00e9e \u00e0 748 593,56 \u20ac au \ntitre de 2025 dont 0,00 \u20ac de cr\u00e9dits non reconductibles vers\u00e9s en une seule fois. Elle se \nr\u00e9partit comme suit : \n \n - pour l'accueil de personnes \u00e2g\u00e9es  : 748  593,56 \u20ac (fraction forfaitaire s'\u00e9levant \u00e0 \n62 382,80 \u20ac) dont 0,00 \u20ac de cr\u00e9dits non reconductibles vers\u00e9s en une seule fois. Le prix \nde journ\u00e9e est fix\u00e9 \u00e0 69,66 \u20ac. \n  \n  \nArticle 2 A compter du 1er janvier 2026, en application de l'article L.314 -7 du CASF, la \ndotation globale de soins est fix\u00e9e, \u00e0 titre transitoire, \u00e0 748 593,56 \u20ac : \n  \n- Pour l'accueil de personnes \u00e2g\u00e9es : 748 593,56 \u20ac (douzi\u00e8me applicable s'\u00e9levant \u00e0 \n62 382,80 \u20ac). Le prix de journ\u00e9e de reconduction est fix\u00e9 \u00e0 69,66 \u20ac. \n \nArticle 3 Les recours contentieux dirig\u00e9s contre la pr\u00e9sente d\u00e9cision doivent \u00eatre port\u00e9s devant le \nTribunal Administratif sis 6, Rue du Haut Bourgeois, 54035 NANCY dans un d\u00e9lai de \ndeux mois \u00e0 compter de sa publication ou, pour les personnes auxquelles elle sera \nnotifi\u00e9e, \u00e0 compter de sa notification. Le tribunal administratif peut \u00eatre saisi par \nl'application \u00ab T\u00e9l\u00e9recours citoyens \u00bb accessible par le site www.telerecours.fr. \n  \nArticle 4 La pr\u00e9sente d\u00e9cision sera publi\u00e9e au recueil des actes administratifs. \n  \nArticle 5      La Directrice G\u00e9n\u00e9rale de l'ARS Grand Est est charg\u00e9e de l'ex\u00e9cution de la pr\u00e9sente \nd\u00e9cision qui sera notifi\u00e9e \u00e0 l'entit\u00e9 gestionnaire CENTRE HOSPITALIER DE \nLANGRES (520780057) et \u00e0 l'\u00e9tablissement concern\u00e9. \n \n \nFait \u00e0 CHAUMONT, le 30 juin 2025                                  \n \n \nLe Directeur \n \n \n#signature# \n \n \n \n \n \n \nExR\u00c9PUBLIQUEFRAN\u00c7AISELiberte \u00a9 D Age Regionale de Sant\u00e9\u00a3gabiut Grand EstFrateracte\n1 \n \n \nDECISION TARIFAIRE N\u00b011468 PORTANT FIXATION DE LA DOTATION GLOBALE DE \nSOINS POUR 2025 DE \nSSIAD DU CH DE SAINT-DIZIER - 520781881 \n \nLa Directrice G\u00e9n\u00e9rale de l'ARS Grand Est \n \nVU le Code de l'Action Sociale et des Familles ; \n  \nVU le Code de la S\u00e9curit\u00e9 Sociale ; \n  \nVU la loi n\u00b0 2025-199 du 28 f\u00e9vrier 2025 de financement de la S\u00e9curit\u00e9 Sociale pour 2025 publi\u00e9e \nau Journal Officiel du 28/02/2025 ; \n  \nVU l'arr\u00eat\u00e9 minist\u00e9riel du 02/06/2025 publi\u00e9 au Journal Officiel du 06/06/2025 pris en application \nde l'article L314 -3 du Code de l'Action Sociale et des Familles fixant, pour l'ann\u00e9e 2025 \nl'objectif global de d\u00e9penses d'assurance maladie et le montant total de d\u00e9penses pour les \n\u00e9tablissements et services relevant de la Caisse nationale de solidarit\u00e9 pour l'autonomie; \n  \nVU la d\u00e9cision du 02/06/2025 publi\u00e9e au Journal Officiel du 06/06/2025 relative aux dotations \nr\u00e9gionales limitatives 2025 et \u00e0 la moyenne nationale des besoins en soins requis 2025 ; \n \nVU le d\u00e9cret n\u00b0 2023-323 relatif \u00e0 la tarification des soins infirmiers \u00e0 domicile pour les personnes \n\u00e2g\u00e9es et personnes handicap\u00e9es publi\u00e9 au Journal Officiel du 28 avril 2023 ; \n \nVU l'arr\u00eat\u00e9 du 28 mai 2025 fixant pour 2025 les montants forfaitaires mentionn\u00e9s aux II et III de \nl'article R. 314-138 du code de l'action sociale et des familles et le taux de revalorisation des \nproduits de la tarification reconductibles aff\u00e9rents aux soins applicables aux services proposant \ndes prestations de soins infirmiers \u00e0 domicile pour les personnes \u00e2g\u00e9es et les personnes en \nsituation de handicap ; \n \nVU l'arr\u00eat\u00e9 du 28 mai 2025 fixant pour 2025 le taux de revalorisation des produits de la tarification \nreconductibles aff\u00e9rents aux soins applicables aux services proposant des prestations de soins \ninfirmiers \u00e0 domicile pour les personnes \u00e2g\u00e9es et les personnes en situation de handicap ; \n \nVU le d\u00e9cret du 21 mai 2024 portant nomination de Madame RATIGNIER -CARBONNEIL \nChristelle en qualit\u00e9 de Directrice G\u00e9n\u00e9rale de l'agence r\u00e9gionale de sant\u00e9 Grand Est ; \n \nVU la d\u00e9cision de d\u00e9l\u00e9gation de signature  Directrice G\u00e9n\u00e9rale de l'ARS vers le Directeur de \nHAUTE-MARNE en date du 22/05/2025 ; \n \nVU l'autorisation ou le renouvellement d'autorisation en date du 03/01/2017 de la structure \nService de Soins Infirmiers A Domicile (S.S.I.A.D) d\u00e9nomm\u00e9e SSIAD DU CH DE SAINT -\nDIZIER (520781881) sise 1 R ALBERT SCHWEITZER 52115 Saint -Dizier  et g\u00e9r\u00e9e par \nl'entit\u00e9 d\u00e9nomm\u00e9e CENTRE HOSPITALIER DE SAINT-DIZIER (520780073); \n \n \n \n \n \n \n \n \n \n\n2 \n \n \nDECIDE \n \nArticle 1er A compter du 01 janvier 2025, la dotation globale de soins est fix\u00e9e \u00e0 1 452 786,51 \u20ac au \ntitre de 2025 dont 0,00 \u20ac de cr\u00e9dits non reconductibles vers\u00e9s en une seule fois. Elle se \nr\u00e9partit comme suit : \n \n - pour l'accueil de personnes \u00e2g\u00e9es  : 1  357 530,15 \u20ac (fraction forfaitaire s'\u00e9levant \u00e0 \n113 127,51 \u20ac) dont 0,00 \u20ac de cr\u00e9dits non reconductibles vers\u00e9s en une seule fois. Le prix \nde journ\u00e9e est fix\u00e9 \u00e0 75,84 \u20ac. \n - pour l'accueil de personnes handicap\u00e9es : 95 256,36 \u20ac (fraction forfaitaire s'\u00e9levant \u00e0 \n7 938,03 \u20ac) dont 0,00 \u20ac de cr\u00e9dits non reconductibles vers\u00e9s en une seule fois. Le prix \nde journ\u00e9e est fix\u00e9 \u00e0 52,92 \u20ac. \n  \nArticle 2 A compter du 1er janvier 2026, en application de l'article L.314-7 du CASF, la dotation \nglobale de soins est fix\u00e9e, \u00e0 titre transitoire, \u00e0 1 452 786,51 \u20ac : \n  \n- Pour l'accueil de personnes \u00e2g\u00e9es : 1 357 530,15 \u20ac (douzi\u00e8me applicable s'\u00e9levant \n\u00e0 113 127,51 \u20ac). Le prix de journ\u00e9e de reconduction est fix\u00e9 \u00e0 75,84 \u20ac. \n \n  \n- pour l'accueil de personnes handicap\u00e9es  : 95  256,36 \u20ac (douzi\u00e8me applicable \ns'\u00e9levant \u00e0 7 938,03 \u20ac). Le prix de journ\u00e9e de reconduction est fix\u00e9 \u00e0 52,92 \u20ac. \n \nArticle 3 Les recours contentieux dirig\u00e9s contre la pr\u00e9sente d\u00e9cision doivent \u00eatre port\u00e9s devant le \nTribunal Administratif sis 6, Rue du Haut Bourgeois, 54035 NANCY dans un d\u00e9lai de \ndeux mois \u00e0 compter de sa publication ou, pour les personnes auxquelles elle sera \nnotifi\u00e9e, \u00e0 compter de sa notification. Le tribunal administratif peut \u00eatre saisi par \nl'application \u00ab T\u00e9l\u00e9recours citoyens \u00bb accessible par le site www.telerecours.fr. \n  \nArticle 4 La pr\u00e9sente d\u00e9cision sera publi\u00e9e au recueil des actes administratifs. \n  \nArticle 5      La Directrice G\u00e9n\u00e9rale de l'ARS Grand Est est charg\u00e9e de l'ex\u00e9cution de la pr\u00e9sente \nd\u00e9cision qui sera notifi\u00e9e \u00e0 l'entit\u00e9 gestionnaire CENTRE HOSPITALIER DE SAINT-\nDIZIER (520780073) et \u00e0 l'\u00e9tablissement concern\u00e9. \n \n \nFait \u00e0 CHAUMONT, le 30 juin 2025                                  \n \n \nLe Directeur \n \n \n#signature# \n \n \n \n \n \n \nExR\u00c9PUBLIQUEFRAN\u00c7AISELiberte \u00a9 D Age Regionale de Sant\u00e9\u00a3gabiut Grand EstFrateracte\n1 \n \n \nDECISION TARIFAIRE N\u00b011470 PORTANT FIXATION DE LA DOTATION GLOBALE DE \nSOINS POUR 2025 DE \nSSIAD DE MONTIER EN DER - 520001058 \n \nLa Directrice G\u00e9n\u00e9rale de l'ARS Grand Est \n \nVU le Code de l'Action Sociale et des Familles ; \n  \nVU le Code de la S\u00e9curit\u00e9 Sociale ; \n  \nVU la loi n\u00b0 2025-199 du 28 f\u00e9vrier 2025 de financement de la S\u00e9curit\u00e9 Sociale pour 2025 publi\u00e9e \nau Journal Officiel du 28/02/2025 ; \n  \nVU l'arr\u00eat\u00e9 minist\u00e9riel du 02/06/2025 publi\u00e9 au Journal Officiel du 06/06/2025 pris en application \nde l'article L314 -3 du Code de l'Action Sociale et des Familles fixant, pour l'ann\u00e9e 2025 \nl'objectif global de d\u00e9penses d'assurance maladie et le montant total de d\u00e9penses pour les \n\u00e9tablissements et services relevant de la Caisse nationale de solidarit\u00e9 pour l'autonomie; \n  \nVU la d\u00e9cision du 02/06/2025 publi\u00e9e au Journal Officiel du 06/06/2025 relative aux dotations \nr\u00e9gionales limitatives 2025 et \u00e0 la moyenne nationale des besoins en soins requis 2025 ; \n \nVU le d\u00e9cret n\u00b0 2023-323 relatif \u00e0 la tarification des soins infirmiers \u00e0 domicile pour les personnes \n\u00e2g\u00e9es et personnes handicap\u00e9es publi\u00e9 au Journal Officiel du 28 avril 2023 ; \n \nVU l'arr\u00eat\u00e9 du 28 mai 2025 fixant pour 2025 les montants forfaitaires mentionn\u00e9s aux II et III de \nl'article R. 314-138 du code de l'action sociale et des familles et le taux de revalorisation des \nproduits de la tarification reconductibles aff\u00e9rents aux soins applicables aux services proposant \ndes prestations de soins infirmiers \u00e0 domicile pour les personnes \u00e2g\u00e9es et les personnes en \nsituation de handicap ; \n \nVU l'arr\u00eat\u00e9 du 28 mai 2025 fixant pour 2025 le taux de revalorisation des produits de la tarification \nreconductibles aff\u00e9rents aux soins applicables aux services proposant des prestations de soins \ninfirmiers \u00e0 domicile pour les personnes \u00e2g\u00e9es et les personnes en situation de handicap ; \n \nVU le d\u00e9cret du 21 mai 2024 portant nomination de Madame RATIGNIER -CARBONNEIL \nChristelle en qualit\u00e9 de Directrice G\u00e9n\u00e9rale de l'agence r\u00e9gionale de sant\u00e9 Grand Est ; \n \nVU la d\u00e9cision de d\u00e9l\u00e9gation de signature  Directrice G\u00e9n\u00e9rale de l'ARS vers le Directeur de \nHAUTE-MARNE en date du 22/05/2025 ; \n \nVU l'autorisation ou le renouvellement d'autorisation en date du 03/01/2020 de la structure \nService de Soins Infirmiers A Domicile (S.S.I.A.D) d\u00e9nomm\u00e9e SSIAD DE MONTIER EN \nDER (520001058) sise 26 R AUDIFFRED 52220 Porte du Der  et g\u00e9r\u00e9e par l'entit\u00e9 d\u00e9nomm\u00e9e \nCENTRE HOSPITALIER DE MONTIER-EN-DER (520780065); \n \n \n \n \n \n \n \n \n \n\n2 \n \n \nDECIDE \n \nArticle 1er A compter du 01 janvier 2025, la dotation globale de soins est fix\u00e9e \u00e0 284 265,38 \u20ac au \ntitre de 2025 dont 0,00 \u20ac de cr\u00e9dits non reconductibles vers\u00e9s en une seule fois. Elle se \nr\u00e9partit comme suit : \n \n - pour l'accueil de personnes \u00e2g\u00e9es  : 284  265,38 \u20ac (fraction forfaitaire s'\u00e9levant \u00e0 \n23 688,78 \u20ac) dont 0,00 \u20ac de cr\u00e9dits non reconductibles vers\u00e9s en une seule fois. Le prix \nde journ\u00e9e est fix\u00e9 \u00e0 55,74 \u20ac. \n  \n  \nArticle 2 A compter du 1er janvier 2026, en application de l'article L.314-7 du CASF, la dotation \nglobale de soins est fix\u00e9e, \u00e0 titre transitoire, \u00e0 284 265,38 \u20ac : \n  \n- Pour l'accueil de personnes \u00e2g\u00e9es : 284 265,38 \u20ac (douzi\u00e8me applicable s'\u00e9levant \u00e0 \n23 688,78 \u20ac). Le prix de journ\u00e9e de reconduction est fix\u00e9 \u00e0 55,74 \u20ac. \n \nArticle 3 Les recours contentieux dirig\u00e9s contre la pr\u00e9sente d\u00e9cision doivent \u00eatre port\u00e9s devant le \nTribunal Administratif sis 6, Rue du Haut Bourgeois, 54035 NANCY dans un d\u00e9lai de \ndeux mois \u00e0 compter de sa publication ou, pour les personnes auxquelles elle sera \nnotifi\u00e9e, \u00e0 compter de sa notification. Le tribunal administratif peut \u00eatre saisi par \nl'application \u00ab T\u00e9l\u00e9recours citoyens \u00bb accessible par le site www.telerecours.fr. \n  \nArticle 4 La pr\u00e9sente d\u00e9cision sera publi\u00e9e au recueil des actes administratifs. \n  \nArticle 5      La Directrice G\u00e9n\u00e9rale de l'ARS Grand Est est charg\u00e9e de l'ex\u00e9cution de la pr\u00e9sente \nd\u00e9cision qui sera notifi\u00e9e \u00e0 l'entit\u00e9 gestionnaire CENTRE HOSPITALIER DE \nMONTIER-EN-DER (520780065) et \u00e0 l'\u00e9tablissement concern\u00e9. \n \n \nFait \u00e0 CHAUMONT, le 30 juin 2025                                  \n \n \nLe Directeur \n \n \n#signature# \n \n \n \n \n \n \nExR\u00c9PUBLIQUEFRAN\u00c7AISELiberte \u00a9 D Age Regionale de Sant\u00e9\u00a3gabiut Grand EstFrateracte\n1 \n \n \nDECISION TARIFAIRE N\u00b011482 PORTANT FIXATION DE LA DOTATION GLOBALE DE \nSOINS POUR 2025 DE \nSSIAD \"LE LIEN\" - 520781857 \n \nLa Directrice G\u00e9n\u00e9rale de l'ARS Grand Est \n \nVU le Code de l'Action Sociale et des Familles ; \n  \nVU le Code de la S\u00e9curit\u00e9 Sociale ; \n  \nVU la loi n\u00b0 2025 -199 du 28 f\u00e9vrier 2025 de financement de la S\u00e9curit\u00e9 Sociale pour 2025 \npubli\u00e9e au Journal Officiel du 28/02/2025 ; \n  \nVU l'arr\u00eat\u00e9 minist\u00e9riel du 02/06/2025 publi\u00e9 au Journal Officiel du 06/06/2025 pris en \napplication de l'article L314 -3 du Code de l'Action Sociale et des Familles fixant, pour \nl'ann\u00e9e 2025 l'objectif global de d\u00e9penses d'assurance maladie et le montant total de \nd\u00e9penses pour les \u00e9tablissements et services relevant de la Caisse nationale de solidarit\u00e9 pour \nl'autonomie; \n  \nVU la d\u00e9cision du 02/06/2025 publi\u00e9e au Journal Officiel du 06/06/2025 relative aux dotations \nr\u00e9gionales limitatives 2025 et \u00e0 la moyenne nationale des besoins en soins requis 2025 ; \n \nVU le d\u00e9cret n\u00b0 2023 -323 relatif \u00e0 la tarification des soins infirmiers \u00e0 domicile pour les \npersonnes \u00e2g\u00e9es et personnes handicap\u00e9es publi\u00e9 au Journal Officiel du 28 avril 2023 ; \n \nVU l'arr\u00eat\u00e9 du 28 mai 2025 fixant pour 2025 les montants forfaitaires mentionn\u00e9s aux II et III de \nl'article R. 314-138 du code de l'action sociale et des familles et le taux de revalorisation des \nproduits de la tarification reconductibles aff\u00e9rents aux soins applicables aux services \nproposant des prestations de soins infirmiers \u00e0 domicile pour les personnes \u00e2g\u00e9es et les \npersonnes en situation de handicap ; \n \nVU l'arr\u00eat\u00e9 du 2 8 mai 202 5 fixant pour 202 5 le taux de revalorisation des produits de la \ntarification reconductibles aff\u00e9rents aux soins applicables aux services proposant des \nprestations de soins infirmiers \u00e0 domicile pour les personnes \u00e2g\u00e9es et les personnes en \nsituation de handicap ; \n \nVU le d\u00e9cret du 21 mai 2024 portant nomination de Madame RATIGNIER -CARBONNEIL \nChristelle en qualit\u00e9 de Directrice G\u00e9n\u00e9rale de l'agence r\u00e9gionale de sant\u00e9 Grand Est ; \n \nVU la d\u00e9cision de d\u00e9l\u00e9gation de signature  Directrice G\u00e9n\u00e9rale de l'ARS vers le Directeur de \nHAUTE-MARNE en date du 22/05/2025 ; \n \nVU l'autorisation ou le renouvellement d'autorisation en date du 03/01/2017 de la structure \nService de Soins Infirmiers A Domicile (S.S.I.A.D) d\u00e9nomm\u00e9e SSIAD \"LE LIEN\" \n(520781857) sise 4 R DU CHAMP DE MARS 52800 Nogent   et g\u00e9r\u00e9e par l'entit\u00e9 \nd\u00e9nomm\u00e9e ASSOCIATION GROUPE SOS SENIORS (570010173); \n \n  \n\n2 \n \n \nDECIDE \n \nArticle 1er A compter du 1er janvier 2025, la dotation globale de soins est fix\u00e9e \u00e0 815 103,07 \u20ac au \ntitre de 2025 dont 0,00 \u20ac de cr\u00e9dits non reconductibles vers\u00e9s en une seule fois. Elle se \nr\u00e9partit comme suit : \n \n - pour l'accueil de personnes \u00e2g\u00e9es  : 726  747,98 \u20ac (fraction forfaitaire s'\u00e9levant \u00e0 \n60 562,33 \u20ac) dont 0,00 \u20ac de cr\u00e9dits non reconductibles vers\u00e9s en une seule fois. Le prix \nde journ\u00e9e est fix\u00e9 \u00e0 53,74 \u20ac. \n - pour l'accueil de personnes handicap\u00e9es : 88 355,09 \u20ac (fraction forfaitaire s'\u00e9levant \u00e0 \n7 362,92 \u20ac) dont 0,00 \u20ac de cr\u00e9dits non reconductibles vers\u00e9s en une seule fois. Le prix \nde journ\u00e9e est fix\u00e9 \u00e0 50,95 \u20ac. \n  \nArticle 2 A compter du 1er janvier 2026, en application de l'article L.314 -7 du CASF, la \ndotation globale de soins est fix\u00e9e, \u00e0 titre transitoire, \u00e0 776 822,03 \u20ac : \n  \n- Pour l'accueil de personnes \u00e2g\u00e9es : 688 466,94 \u20ac (douzi\u00e8me applicable s'\u00e9levant \u00e0 \n57 372,25 \u20ac). Le prix de journ\u00e9e de reconduction est fix\u00e9 \u00e0 50,91 \u20ac. \n \n  \n- pour l'accueil de personnes handicap\u00e9es  : 88  355,09 \u20ac (douzi\u00e8me applicable \ns'\u00e9levant \u00e0 7 362,92 \u20ac). Le prix de journ\u00e9e de reconduction est fix\u00e9 \u00e0 50,95 \u20ac. \n \nArticle 3 Les recours contentieux dirig\u00e9s contre la pr\u00e9sente d\u00e9cision doivent \u00eatre port\u00e9s devant le \nTribunal Administratif sis 6, Rue du Haut Bourgeois, 54035 NANCY dans un d\u00e9lai de \ndeux mois \u00e0 compter de sa publication ou, pour les personnes auxquelles elle sera \nnotifi\u00e9e, \u00e0 compter de sa notification. Le tribunal administratif peut \u00eatre saisi par \nl'application \u00ab T\u00e9l\u00e9recours citoyens \u00bb accessible par le site www.telerecours.fr. \n  \nArticle 4 La pr\u00e9sente d\u00e9cision sera publi\u00e9e au recueil des actes administratifs. \n  \nArticle 5      La Directrice G\u00e9n\u00e9rale de l'ARS Grand Est est charg\u00e9e de l'ex\u00e9cution de la pr\u00e9sente \nd\u00e9cision qui sera notifi\u00e9e \u00e0 l'entit\u00e9 gestionnaire ASSOCIATION GROUPE SOS \nSENIORS (570010173) et \u00e0 l'\u00e9tablissement concern\u00e9. \n \n \nFait \u00e0 CHAUMONT, le 30 juin 2025                                  \n \n \nLe Directeur \n \n \n#signature# \n \n \n \n \n \n \nEsPREFET CabinetDE LA HAUTE-MARNE\nLibert\u00e9\u00c9\u00e7alit\u00e9Fraternit\u00e9\nBUREAU DE LA S\u00c9CURIT\u00c9 CIVILE\nARR\u00caT\u00c9 N\u00b0 52-2025-06-00232 DU 23 JUIN 2025 portant composition de la commission\nd\u00e9partementale de s\u00e9curit\u00e9 routi\u00e8re (CDSR)\nLa Pr\u00e9f\u00e8te de la Haute-Marne,\nChevalier de la L\u00e9gion d'Honneur,\nOfficier de l'Ordre National du M\u00e9rite,\nVU le code de la route, notamment ses articles R.411-10 \u00e0 R.411-12 ;\nVU le code des relations entre le public et l'administration, notamment ses articles R133-1 \u00e0 R 133-15\nrelatifs aux commissions \u00e0 caract\u00e8re consultatif ;\nVu le code du sport, et notamment ses articles R331-11, R331-26, R331-37 \u00e0 R331-42 ;\nVU le d\u00e9cret n\u00b02004-374 du 29 avril 2004 relatif aux pouvoirs des pr\u00e9fets, \u00e0 l'organisation et \u00e0 l'action\ndes services de l'\u00c9tat dans les r\u00e9gions et d\u00e9partements ;\nVU le d\u00e9cret n\u00b0 2006-672 du 8 juin 2006 relatif \u00e0 la cr\u00e9ation, \u00e0 la composition et au fonctionnement de\ncommissions administratives \u00e0 caract\u00e8re consultatif ;\nVU le d\u00e9cret du pr\u00e9sident de la R\u00e9publique en date du 13 juillet 2023 portant nomination de Madame\nR\u00e9gine PAM en qualit\u00e9 de pr\u00e9f\u00e8te de la Haute-Marne ;\nVU le d\u00e9cret du 6 juillet 2023 portant nomination de M. Johan PORCHER en qualit\u00e9 de Directeur de\nCabinet de la pr\u00e9f\u00e8te de Haute-Marne ;\nMU l'arr\u00eat\u00e9 pr\u00e9fectoral n\u00b0 52-2025-02-00038 du 11 f\u00e9vrier 2025 modifi\u00e9 portant renouvellement de la\ncomposition de la commission d\u00e9partementale de s\u00e9curit\u00e9 routi\u00e8re ;\nVU l'arr\u00eat\u00e9 pr\u00e9fectoral n\u00b052-2025-05-00155 du 26 mai 2025 portant d\u00e9l\u00e9gation de signature \u00e0 Monsieur\nJohan PORCHER, sous-pr\u00e9fet, Directeur de cabinet de la pr\u00e9f\u00e8te de Haute-Marne ;\nSUR proposition du Directeur de cabinet de la pr\u00e9fecture de la Haute-Marne.\nARR\u00caTE\nARTICLE 1 : La commission d\u00e9partementale de s\u00e9curit\u00e9 routi\u00e8re, pr\u00e9sid\u00e9e par le pr\u00e9fet ou son\nrepr\u00e9sentant, est en formation pl\u00e9ni\u00e8re compos\u00e9e comme suit :\nRepr\u00e9sentants des services de l'\u00c9tat :\n* Le directeur d\u00e9partemental des territoires ou son repr\u00e9sentant ;\n+ le directeur des services d\u00e9partementaux de l'\u00e9ducation nationale ou son repr\u00e9sentant ;\n+ Le colonel, commandant le groupement de gendarmerie d\u00e9partementale ou son repr\u00e9sentant ;\n+ Le directeur d\u00e9partemental de la police nationale ou son repr\u00e9sentant ;\n+ Le directeur d\u00e9partemental des services d'incendie et de secours ou son repr\u00e9sentant.\n\nElus d\u00e9partementaux :\n+ Le pr\u00e9sident du conseil d\u00e9partemental ou son repr\u00e9sentant.\n\u00c9lus par l'association des maires :\nrepr\u00e9sentant :\n+ M. Yves VAILLANT, maire de Bay-sur-Aube\nRepr\u00e9sentants des organisations professionnelles et des f\u00e9d\u00e9rations sportives :\nOrganisations professionnelles :\n* Le responsable territorial de Mobilians ou son repr\u00e9sentant.\nF\u00e9d\u00e9rations sportives :\nRepr\u00e9sentants :\n+ M. Olivier GROSLEVIN, f\u00e9d\u00e9ration fran\u00e7aise de motocyclisme.\n* M. Jean-Christophe OUDIN, f\u00e9d\u00e9ration fran\u00e7aise du sport automobile.\nRepr\u00e9sentants des associations d'usagers :\nRepr\u00e9sentants :\n* M. Jean-Jacques SCHUFFENEKER, comit\u00e9 de la pr\u00e9vention routi\u00e8re.\n+ Mme Chlo\u00e9 GERTZ, UFOLEP 52.\nARTICLE 2 : La CDSR est consult\u00e9e pr\u00e9alablement \u00e0 toute d\u00e9cision prise en mati\u00e8re d'autorisation\nd'organisation de manifestations sportives et de d\u00e9livrance ou de retrait, par le pr\u00e9fet, et des\nagr\u00e9ments des gardiens et des installations de fourri\u00e9re.\nElle peut \u00eatre consult\u00e9e pour tout autre sujet relatif \u00e0 la s\u00e9curit\u00e9 routi\u00e8re, tel que la mise en place\nd'itin\u00e9raires de d\u00e9viation pour les poids lourds et l'harmonisation des limitations de vitesse des\nv\u00e9hicules sur les voies ouvertes \u00e0 la circulation publique. Dans le cadre de l'exercice de ses\ncomp\u00e9tences, le pr\u00e9sident de la commission peut associer \u00e0 ces travaux les repr\u00e9sentants des\ngestionnaires des voies concern\u00e9es.\nARTICLE 3: La CDSR est constitu\u00e9e de deux formations sp\u00e9cialis\u00e9es qui exercent chacune des\nattributions d\u00e9volues par l'article R.411-10 du code de la route. Dans les cas o\u00f9 la consultation\npr\u00e9alable de la commission est pr\u00e9vue, l'avis des formations sp\u00e9cialis\u00e9es tient lieu d'avis de la\ncommission. S'agissant des affaires ayant un caract\u00e8re urgent ou ne soulevant pas, a priori, de\ndifficult\u00e9s particuli\u00e8res, une consultation d\u00e9mat\u00e9rialis\u00e9e pourra \u00eatre effectu\u00e9e par le pr\u00e9sident de la\ncommission.\nL. Section \u00e9preuves ou comp\u00e9titions sportives\nRepr\u00e9sentants des services de l'\u00c9tat :\n+ Le directeur d\u00e9partemental des territoires ou son repr\u00e9sentant ;\n+ Le directeur des services d\u00e9partementaux de l'\u00e9ducation nationale ou son repr\u00e9sentant ;\n+ Le colonel, commandant le groupement de gendarmerie d\u00e9partementale ou le directeur\nd\u00e9partemental de la police nationale ou son repr\u00e9sentant, en fonction du lieu de la\nmanifestation ;\n+ Le directeur d\u00e9partemental des services d'incendie et de secours ou son repr\u00e9sentant.\n\n\u00c9lus d\u00e9partementaux :\n* Le pr\u00e9sident du conseil d\u00e9partemental ou de son repr\u00e9sentant.\n\u00c9lus par l'association des maires :\nrepr\u00e9sentant :\n+ M. Yves VAILLANT, maire de Bay-sur-Aube\nRepr\u00e9sentants des organisations professionnelles et des f\u00e9d\u00e9rations sportives :\nA) Organisations professionnelles :\n+ Le responsable territorial de Mobilians ou son repr\u00e9sentant.\nB) F\u00e9d\u00e9rations sportives :\n+ __ M. Olivier GROSLEVIN, f\u00e9d\u00e9ration fran\u00e7aise de motocyclisme.\n+ M. Jean-Christophe OUDIN, f\u00e9d\u00e9ration fran\u00e7aise du sport automobile.\nRepr\u00e9sentants des associations d'usagers :\n+ M. Jean-Jacques SCHUFFENEKER, comit\u00e9 de la pr\u00e9vention routi\u00e8re.\n+ Mme Chlo\u00e9 GERTZ, UFOLEP 52.\nIl. Section fourri\u00e8res\nElle est consult\u00e9e pr\u00e9alablement \u00e0 la d\u00e9livrance ou au retrait, par le pr\u00e9fet, des agr\u00e9ments des gardiens\net des installations de fourri\u00e8re. Elle est compos\u00e9e comme suit :\nRepr\u00e9sentants de l'\u00c9tat :\n+ Le directeur d\u00e9partemental des territoires ou son repr\u00e9sentant ;\n+ Le colonel, commandant le groupement de gendarmerie d\u00e9partementale ou son repr\u00e9sentant ;\n* Le directeur d\u00e9partemental de la police nationale ou son repr\u00e9sentant ;\n* Le directeur d\u00e9partemental des services d'incendie et de secours ou son repr\u00e9sentant.\n\u00c9lus d\u00e9partementaux :\n+ Le pr\u00e9sident du conseil d\u00e9partemental ou de son repr\u00e9sentant.\n\u00c9lus par l'association des maires :\n+ M. Yves VAILLANT, maire de Bay-sur-Aube\nRepr\u00e9sentants des organisations professionnelles et des f\u00e9d\u00e9rations sportives :\nA) Organisations professionnelles :\n+ Le responsable territorial de Mobilians ou son repr\u00e9sentant.\nB ations sportive:\n+ M. Olivier GROSLEVIN, f\u00e9d\u00e9ration fran\u00e7aise de motocyclisme.\n* M. Jean-Christophe OUDIN, f\u00e9d\u00e9ration fran\u00e7aise du sport automobile.\nRepr\u00e9sentants des associations d'usagers :\n+ M. Jean-Jacques SCHUFFENEKER, comit\u00e9 de la pr\u00e9vention routi\u00e8re.\nARTICLE 4: Des personnalit\u00e9s comp\u00e9tentes dans les domaines d'activit\u00e9 de la commission pourront\n\u00eatre associ\u00e9es aux travaux de celle-ci, tant en formation pl\u00e9ni\u00e8re qu'en section sp\u00e9cialis\u00e9e, \u00e0 l'initiative\n\nde son pr\u00e9sident. Il en est de m\u00eame des maires des communes int\u00e9ress\u00e9es ainsi que des sous-pr\u00e9fetsterritorialement comp\u00e9tents. Ces personnalit\u00e9s si\u00e8gent avec une voix consultative.\nARTICLE 5 : La dur\u00e9e du mandat des membres de la commission est de trois ans \u00e0 compter du pr\u00e9sentarr\u00eat\u00e9.\nARTICLE 6 : Sauf urgence, les membres de la commission re\u00e7oivent, 5 jours au moins avant la date dela r\u00e9union, une convention comportant l'ordre du jour et, le cas \u00e9ch\u00e9ant, les documents n\u00e9cessaires \u00e0l'examen des affaires qui y sont inscrites.\nARTICLE 7 : Lorsqu'il n'est pas suppl\u00e9\u00e9, le membre d'une commission peut donner un mandat \u00e0 unautre membre. Sauf disposition contraire, nul ne peut d\u00e9tenir plus d'un mandat.\nARTICLE 8 : Le quorum est atteint lorsque la moiti\u00e9 au moins des membres composant la commissionsont pr\u00e9sents, y compris les membres prenant part aux d\u00e9bats au moyen d'une conf\u00e9rencet\u00e9l\u00e9phonique o\u00f9 audiovisuelle, ou qui ont donn\u00e9 mandat.Lorsque le quorum n'est pas atteint, la commission d\u00e9lib\u00e8re valablement sans condition de quorumapr\u00e8s une nouvelle convocation portant sur le m\u00eame ordre du jour et sp\u00e9cifiant qu'aucun quorum nesera exig\u00e9.\nARTICLE 9 : La commission se prononce \u00e0 la majorit\u00e9 des voix des membres pr\u00e9sents ou repr\u00e9sent\u00e9s.Lorsqu'il a droit de vote, le pr\u00e9sident a voix pr\u00e9pond\u00e9rante en cas de partage \u00e9gal des voix.\nARTICLE 10 : Les membres d'une commission ne peuvent prendre part aux d\u00e9lib\u00e9rations lorsqu'ils ontun int\u00e9r\u00eat personnel \u00e0 l'affaire qui en est l'objet. La violation de cette r\u00e8gle entra\u00eene la nullit\u00e9 de lad\u00e9cision prise \u00e0 la suite de cette d\u00e9lib\u00e9ration, lorsqu'il n'est pas \u00e9tabli que la participation du ou desmembres int\u00e9ress\u00e9s est rest\u00e9e sans influence.\nARTICLE 11 : Le proc\u00e8s-verbal de la r\u00e9union de la commission indique le nom et la qualit\u00e9 des membrespr\u00e9sents, les questions trait\u00e9es au cours de la s\u00e9ance et le sens de chacune des d\u00e9lib\u00e9rations. II pr\u00e9cise,le cas \u00e9ch\u00e9ant, le nom des mandataires et mandants.\nARTICLE 12: L'arr\u00eat\u00e9 pr\u00e9fectoral n\u00b0 52-2025-03-00038 du 11 f\u00e9vrier 2025 modifi\u00e9 est abrog\u00e9. Le Pr\u00e9sentarr\u00eat\u00e9 entrera en vigueur \u00e0 compter du jour de sa publication.\nARTICLE 13 : Le Secr\u00e9taire G\u00e9n\u00e9ral de la pr\u00e9fecture de la Haute-Marne, le Directeur de cabinet, lesSous-pr\u00e9fets de Saint-Dizier et de Langres sont charg\u00e9s, chacun en ce qui le concerne, de l'ex\u00e9cutiondu pr\u00e9sent arr\u00eat\u00e9 qui sera publi\u00e9 au recueil des actes administratifs de la pr\u00e9fecture et dont une copiesera adress\u00e9e \u00e0 chaque membre de la commission.\nPour la Pr\u00e9f\u00e8te et par d\u00e9l\u00e9gation,\nLe Directeur de \u00e0\n/\n/\na  Johan PORCHER\n\u2014  wy\nLe pr\u00e9sent arr\u00eat\u00e9 peut faire l'objet d'un recours contentieux devant le tribunal administratif de Ch\u00e2lons-en-Champagne dans und\u00e9lai de deux mois \u00e0 compter de sa publication. Le cas \u00e9ch\u00e9ant, le tribunal administratif peut \u00eatre saisi par l'application\n\u00ab T\u00e9l\u00e9recours citoyens \u00bb (www.telerecours.fr). Ce d\u00e9lai est prorog\u00e9 si un recours administratif (gracieux ou hi\u00e9rarchique) est introduitdans le m\u00eame d\u00e9lai de deux mois \u00e0 compter de sa publication et/ou notification.\n\nPREFET Sous-Pr\u00e9fecture de LangresDE LA HAUTE-MARNE\nFraternit\u00e9\nPOLE COLLECTIVITES LOCALESET DEVELOPPEMENT TERRITORIAL\nARR\u00caT\u00c9 N\u00b052- 2025-06-00.295 DU 30 JUN 2025\nportant modification de l'annexe C voirie\ndes statuts de la Communaut\u00e9 de Communes\nAuberive Vingeanne et Montsaugeonnais\nLa Pr\u00e9f\u00e8te de la Haute-Marne,\nChevalier de la L\u00e9gion d'Honneur,\nOfficier de l'Ordre National du M\u00e9rite,\nVU le Code G\u00e9n\u00e9ral des Collectivit\u00e9s Territoriales et notamment l'article L. 5211-17 ;\nVU l'arr\u00eat\u00e9 pr\u00e9fectoral n\u00b0 3179 du 29 d\u00e9cembre 2010 modifi\u00e9, portant cr\u00e9ation de laCommunaut\u00e9 de Communes d'Auberive Vingeanne et Montsaugeonnais ;\nVU l'arr\u00eat\u00e9 pr\u00e9fectoral n\u00b0 52-2024-01-00146 du 31 janvier 2024 portant d\u00e9l\u00e9gation designature \u00e0 M. Guillaume THIRARD, Secr\u00e9taire G\u00e9n\u00e9ral de la Pr\u00e9fecture de la Haute-Marne ;\nVU la d\u00e9lib\u00e9ration du conseil communautaire de la Communaut\u00e9 de Communesd'Auberive Vingeanne et Montsaugeonnais n\u00b0 093-24 du 12 septembre 2024 portant modificationde l'annexe voirie ;\nVU les d\u00e9lib\u00e9rations des communes membres approuvant la modification de l'annexevoirie ;\nCONSID\u00c9RANT que chaque conseil municipal dispose de trois mois, apr\u00e8s transmissionpar l'organe d\u00e9lib\u00e9rant de l'\u00e9tablissement public de coop\u00e9ration intercommunale, pour seprononcer et qu'\u00e0 d\u00e9faut de d\u00e9lib\u00e9ration dans ce d\u00e9lai, l'avis est r\u00e9put\u00e9 favorable ;\nCONSID\u00c9RANT que les conditions de majorit\u00e9 pr\u00e9vues \u00e0 l'article L. 5211-17 du CodeG\u00e9n\u00e9ral des Collectivit\u00e9s Territoriales sont remplies ;\nSUR proposition de Monsieur le Sous-Pr\u00e9fet de Langres,\n1/2\n\nARRETE :\nArticle 1: L'annexe C \u00ab voirie intercommunale \u00bb des statuts de la Communaut\u00e9 de CommunesAuberive, Vingeanne et Montsaugeonnais est modifi\u00e9e-telle que jointe au pr\u00e9sent arr\u00eat\u00e9.\nArticle 2 : Le Sous-Pr\u00e9fet de Langres, le Directeur D\u00e9partemental des Finances Publiques de laHaute-Marne, le Pr\u00e9sident de la Communaut\u00e9 de Communes Auberive Vingeanne et Montsaugeonnais,les Maires des communes membres sont charg\u00e9s, chacun en ce qui le concerne, de l'ex\u00e9cution dupr\u00e9sent arr\u00eat\u00e9 dont une copie leur sera transmise ainsi qu'au Directeur D\u00e9partemental des Territoires etqui sera publi\u00e9 au recueil des actes administratifs de la Pr\u00e9fecture de la Haute-Marne.\nChaumont, le 30 JUIN 2025\nVoies et d\u00e9lais de recours : Le pr\u00e9sent arr\u00eat\u00e9 peut faire l'objet d'un recours contentieux devant le tribunaladministratif de Ch\u00e2lons-en-Champagne dans un d\u00e9lai de deux mois \u00e0 compter de sa publication. Le cas\u00e9ch\u00e9ant, le tribunal administratif peut \u00eatre saisi par l'application \u00abT\u00e9l\u00e9recours citoyens \u00bb(www.telerecours.fr).\n\nModifications de l'annexe C des statuts de la CCAVM\nCommune de [AUBERIVE2 D\u00e9signation de la Voie Communi ETAT DE LA VOIRIE \u00c9onaeur ont Stat de Surtg Largeur | Sue R\u00e9trocession$ an (oy | rev\u00e9tue | integration | R\u00e9ponse2 | Nomouns | Statut Origine Type | erat |Rev\u00e8tuel us | Totale (m9)enduit (m (m)\n(m)\nvoire desservant lesmaisons en bois propri\u00e9t\u00e9 OUI (Souslaces opac | ve SHemone neon [Bi couche| Moyen | 46 | 6 | 26 [ee\nCharbonni\u00e8resCommune de JAUJEURRES2 D\u00e9signation de la Voie Commun: ETAT DE LA VOIRIE| Lonsueuren \u00e9tat de2 viabilit\u00e9 Surface5 Largeur ne R\u00e9tro: ni$ Wom nel tm) | rev\u00eatue | Int\u00e9gration | Fe\u00a3 | Nomount| Statut [origine Type | erat | Rev\u00e9tue | us Totale (m)enduit (m) (m)\n(om)\n\u2014 part du RD 141 DetL] ve s'arr\u00e9te sur la parcelle | Bi couche| Bon 47 47 46 216,2 OUIlotissement papalPage 1/5\n\nCommune de [COLMERLERAUT\u00a3 | D\u00e9signation deta Volecommunaie [ETAT DELAVoIRie| Eegueuren \u00e9tat de ameszg Largeur R\u00e9trocession5 Won [rom] ae revetue | in\u00e9gration | R\u00e9tocessi| Nomoun*| Statut Origine Type erat | Rev\u00e9tue| revatue | Tot (myz enduit (m) (m){m)\nchemin a TRESAI cor | TES | so [no [io] 2 | 150 | ouchemin du Ou sousMont de crei CR Ch\u00e8vrerie BLANC | Moyen 85 85 4 340 r\u00e9serve)\nCommune de _ |ISOMES2 D\u00e9signation de la Voie Communale ETAT DE LA VOIRIE] Lengueuren \u00e9tat deB viabilit\u00e9 Latgeur Surface\u20ac Non rev\u00eatue | Int\u00e9gration\u00a9 * Type Rev\u00e9tue Totale] (m)5 | Nomoun Statut Origine enduit | ETAT (m) = (m) (m)\nParcel n\u00b04Section ZB-\n5 [Rue du Skate) \"Domaine Bicouene| Moyen | 270 ze | 22 | ose | oupriv\u00e9 de lacommune\nPage 2/5\n\nCommune de [LE VAL DESNOMSTerritoire de |Esnoms-au-Val2 D\u00e9signation de la Vole Communal ETAT DE LA VOIRIE] Longueult en \u00e9tat de susz Largeur | Sut R\u00e9trocession5 = Revenue] Nom {rm | Fev\u00e9tue | int\u00e9gration | RER\u00a9 | Nom ou nt | statut Origine yee | rar ue | sevetue (myenduit tm)\n4m)\n: Part de la rue Claudot \u00e0 la OUI (Sous3 Jacc\u00ebscumA| ve een 8c2022| Moyen | 110 mol ss | ses [GECommune de [LONGEAU PERCEYg | D\u00e9slgnaton dela Vote Communsie JETATDELA VOIRIE] _rongubur en lat de a$ u\u00e9 Type Roue | NO Fouie| my | reve | intron | erin2 | Nomou n\u00b0 | Statut Origine ype | erat | Revue | rev\u00e9tue (| ent2 enduit (mm) (m4m)\n1 | Mode | ve icoucne| Bon | 176 we | 525 | 24 | ouCommune de _ [PERROGNEY-LES-FONTAINES2 D\u00e9signation de la Voie Communal ETAT DE LA VOIRIE} taste Me si2 Surface$ Largeur R\u00e9troces3 Type evetue] NO\" Troxare] tm) | rev\u00e9tue | ittoration | SeonNomoun*| Statut Origine i ETAT rev\u00e9tue (my2 enduit (mn) (m){m)\nChemin 389ZA 4 dichemin de | VC esu |Tr\u00e9sBon| 80 80 out\nPierretontain\nes\nns chemin pour faire deit chemin ics} CR [service de rautoroute |Bi couche] Mauvais | 518 sia | 43 | 22274] ou\nChardenois Ast[Territoire de |PlerrefontainesPropri\u00e9t\u00e9\nImpasse des Int\u00e9gration apr\u00e8s 5158 riv\u00e9e de la 1es | Priv\u00e9e de warenen apres |i couche} Moyen | 66 cs 474] 26 oulPage 3/5\n\nCommune de [ROUVRES SUR AUBE8 D\u00e9signation de la Vole Communale | ETAT DE LA VOIRIE) _\u20145 ne aS\" | revetue [int\u00e9gration | Retrocession2 | nomount | Staut2 | Nomoun Origine pee | erat (m)\nRoute dePr\u00e9fontaine\n\u00ef\nsl vos Entre D102L Mauvais | 1,800 sa00| 25 | 41550 | Ov! Souschen be Pr\u00e9fontaine Bon | 1500 r\u00e9serve)\nEuxeroles)Rue de OUT (Sous|| ae Bicouche|MAUVAIS| 68 oe | + | 2m [AE18 | Rue Haute EF | eon | 167 wr | 35 [655 | ouimpasse de Tr\u00e8s OUI (Sous19 \u00ef cola Cure Bi couche} auvais | \u00b0\u00b0 30 | 235 | 705 | reserve)Rue de OUI (Sousa] Ie . Bicouche| Moyen | 178 ms | soa [EsPage 4/5\n\nGHVHIHL eue \u2014\nsis e8eq\neumoa}eid B] Op |eIGUD aule}aINaS 27opebelep Jed je 82814 E] INO,S202 Mar DE 919P 3 9j B| dnp 86% 00-90-SZ0Z-ZS .uje1ojajeid ajeue, 8 exeuue aije inod nA\nSunes e\nino | vteeor| cv | zsz 8e | voe ovoncora]opuevod nensentase| wo | 197089 sp \u00a30 12 ousoued]eue} elino ue ev | cos 2 | woe fovonootelopievodnenberiauz] on | A008,09 SP 41 \u00a5Z ousaiedtu) anpuo zUMUC? | ou ee. (w) emgneu | 1V13 | ot eu5uo mas | .unowon | 3uoissepougg | RU ER Linesie 5op yei9 us inon6uoy {SMO V1 30 1v13 eleunWWIO) 20 A e1 ap LOHEUBIS9g 3SNOBXNVA] sp eunmuIeS1B:\nIno seizes | sz'v | coz coz [uogseu | 493 ak a Al\nTeniaspipees oo'ses | se | ou o\u00f9 | ue\u00f1on | nea sno} ei ony o\u00f9 His] &\nwy\ntu) (w) unpus zeunuwos | sou wns (wy [ones] en | amaano | AVES | cacy oul6uo amas | uno won 2uoissesonpy ne [2796307 See = iap yep uo snonbuoy [HHO 3a 1v13 oreunuwos e109 e1 ep uoneuBis9qSASSOSSITLONIONS-LNIVS} ep eunWWwod\n13W39#039|18 314308] eunuiwooRa | seo | se | 1 1e | steaneny |auonco 1a} eu ap sweunea sale op soma] \u00a381238 18 |yassep je ajediouud) gxudoid d\u00e9seru | ep ped)\nty\n(w) (w) unpuo >eunuwos uy \u00c0 Qu) [emo] | omanou| 203 | cod\u00e9 eu6uo mas | unowon | 3uojssosongy | URES | omao | oe N :re ETESepimp us imonBuor [A'MOA V1 30 1v13 eleunwwos 9109 2] ap uoneuBIs5q 3jeoyoou] op suoyue |33TIV13H20%| ep eunwuwos\n\n\nPREFET Secr\u00e9tariat G\u00e9n\u00e9ralDE LA HAUTE- zMARNE Commun D\u00e9partemental\nBeitFraternit\u00e9\nArr\u00e9t\u00e9 n\u00b0 52-2025-06-00139 du 24 juin 2025fixant la liste des postes bles \u00e0 la nouvelle bonification indiciaireau sein du secr\u00e9tariat g\u00e9n\u00e9ral commun d\u00e9partemental de la Haute-Marne\nLa Pr\u00e9f\u00e8te de la Haute-Marne,\nChevalier de la L\u00e9gion d'Honneur,\nOfficier de l'Ordre National du M\u00e9rite,\nVU le code g\u00e9n\u00e9ral de la fonction publique et notamment son article L712-12 ;\nVU le d\u00e9cret n\u00b0911065 du 14 octobre 1991 modifi\u00e9 instituant la nouvelle bonificationindiciaire dans les services du minist\u00e8re de l'int\u00e9rieur pour les fonctionnaires n'appartenant pas auxcorps de la police nationale ;\nVU le d\u00e9cret n\u00b095-151 du 7 f\u00e9vrier 1995 compl\u00e9tant le d\u00e9cret n\u00b0 91-1065 du 14 octobre 1991instituant la nouvelle bonification indiciaire dans les services du minist\u00e8re de l'int\u00e9rieur et de las\u00e9curit\u00e9 publique pour les fonctionnaires n'appartenant pas aux corps de la police nationale ;\nVU le d\u00e9cret n\u00b0 2020-99 du 7 f\u00e9vrier 2020 relatif \u00e0 l'organisation et aux missions dessecr\u00e9tariats g\u00e9n\u00e9raux communs d\u00e9partementaux ;\nVU le d\u00e9cret du 13 juillet 2023 portant nomination de Mme R\u00e9gine PAM, Pr\u00e9f\u00e8te de laHaute-Marne ;\nVU l'arr\u00eat\u00e9 minist\u00e9riel du 31 janvier 2012 fixant les conditions d'attribution de la nouvellebonification indiciaire dans les services du minist\u00e8re de l'int\u00e9rieur pour les fonctionnairesappartenant aux corps des syst\u00e8mes d'information et de communication ;\nVU l'arr\u00eat\u00e9 minist\u00e9riel du 31 mars 2023 modifiant l'arr\u00eat\u00e9 du 29 novembre 2018 fixant laliste et la localisation des emplois \u00e0 forte responsabilit\u00e9 b\u00e9n\u00e9ficiant de la nouvelle bonificationindiciaire et des emplois de conseiller d'administration au sein des services du minist\u00e8re del'int\u00e9rieur ; :\nVU l'arr\u00eat\u00e9 minist\u00e9riel du 21 d\u00e9cembre 2023 fixant les points de la nouvelle bonificationindiciaire attribu\u00e9s aux secr\u00e9tariats g\u00e9n\u00e9raux communs d\u00e9partementaux ;\nVU l'arr\u00eat\u00e9 pr\u00e9fectoral n\u00b0 52-2024-10-00251 du 28 octobre 2024 portant organisation dusecr\u00e9tariat g\u00e9n\u00e9ral commun d\u00e9partemental ;\nConsid\u00e9rant l'avis \u00e9mis par les membres du Comit\u00e9 social d'administration r\u00e9unis le 5 juin2025,\nSUR PROPOSITION du Secr\u00e9taire G\u00e9n\u00e9ral de la Pr\u00e9fecture de la Haute-Marne ;\n\nARRETE:\nArticle 1\u00b0\nLa liste des postes du secr\u00e9tariat g\u00e9n\u00e9ral commun d\u00e9partemental de la Haute-Marne \u00e9ligibles a lanouvelle bonification indiciaire est fix\u00e9e ainsi que suit :\nae  D\u00e9signation de l'emploi Service Nombre de points attribu\u00e9s\nDirecteur du secr\u00e9tariat g\u00e9n\u00e9ral Sn rit\u00c0 commun d\u00e9partemental Direction #0Adjoint au directeur duA secr\u00e9tariat g\u00e9n\u00e9ral commun Direction 23d\u00e9partementalChef du service des ressourcesA humaines San 29Chef du service interminist\u00e9rield\u00e9partemental des syst\u00e8mes\u00c0 d'information et de sipsic a5communication\nD\u00e9l\u00e9gu\u00e9(e) d'appui au pilotage saaAouB de la DDETSPP Direction 14\nD\u00e9l\u00e9gu\u00e9(e) d'appui au pilotage ontAouB de la pr\u00e9fecture Direction 14\nD\u00e9l\u00e9gu\u00e9(e) d'appui au pilotage EEAou B de la DDT Direction 14\nArticle 2\nLa date d'effet de l'attribution des points de la nouvelle bonification indiciaire pr\u00e9vue au tableauci-dessus sera pr\u00e9cis\u00e9e dans chaque arr\u00eat\u00e9 pr\u00e9fectoral individuel.\nArticle 3\nL'arr\u00eat\u00e9 n\u00b0 52-2024-11-009 du 4 novembre 2024 est abrog\u00e9.\nArticle 4\nLe Secr\u00e9taire G\u00e9n\u00e9ral de la Pr\u00e9fecture de la Haute-Marne est charg\u00e9 de l'ex\u00e9cution du pr\u00e9sent arr\u00eat\u00e9qui sera publi\u00e9 au recueil des actes administratifs de la Pr\u00e9fecture.\nLa Pr\u00e9f\u00e8te,\ne PAM\nLe pr\u00e9sent arr\u00eat\u00e9 peut faire, dans un d\u00e9lai de deux mois \u00e0 compter de sa publication, l'objet :- d'un recours gracieux aupr\u00e8s du pr\u00e9fet de la Haute-Marne,+ d'un recours contentieux devant le Tribunal Administratif de Ch\u00e2lons en Champagne.Le Tribunal Administratif peut \u00eatre saisi par l'application informatique \u00ab t\u00e9l\u00e9recours citoyens \u00bb accessible par le site internetwmwitelerecours.fr \u00bb.\n\nPREFET Direction de la citoyennet\u00e9DE LA HAUTE-MARNE Jpegnn et de la l\u00e9galit\u00e9\n\u00c9galit\u00e9Fraternit\u00e9\nBUREAU DE LA R\u00c9GLEMENTATION G\u00c9N\u00c9RALE,DES ASSOCIATIONS ET DES \u00c9LECTIONS\nARR\u00caT\u00c9 N\u00b02/-2025-06 - 0009 DU {3 JUIN 225\nportant habilitation pour r\u00e9aliser l'analyse d'impact mentionn\u00e9e au III\nde l'article L.752-6 du code de commerce dans le cadre des dossiers\nde demande d'autorisation d'exploitation commerciale\nLa Pr\u00e9f\u00e8te de la Haute-Marne,\nChevalier de la L\u00e9gion d'honneur\nOfficier de l'Ordre National du M\u00e9rite,\nVU le code de commerce et notamment les articles L.752-6, R.752-6-1 et suivants et A.7521;\nVU la loi n\u00b0 2018-1021 du 23 novembre 2018 portant \u00e9volution du logement, de l'am\u00e9nagement\net du num\u00e9rique ;\nVU le d\u00e9cret n\u00b0 2019-331 du 17 avril 2019 modifi\u00e9 relatif \u00e0 la composition et au\nfonctionnement des commissions d\u00e9partementales d'am\u00e9nagement commercial et aux demandes\nd'autorisation d'exploitation commerciale ;\nVU l'arr\u00eat\u00e9 du ministre de l'\u00e9conomie et des finances du 19 juin 2019 fixant le contenu du\nformulaire de demande. d'habilitation pour r\u00e9aliser l'analyse d'impact mentionn\u00e9e au III de l'article\nL.752-6 du code de commerce ;\nVU la demande d\u00e9pos\u00e9e le 13 mai 2025 par Mme Marion LACOMBE, g\u00e9rante de la SARLLINEAMENTA (109 Quai du Pr\u00e9sident Wilson.- 33130 BEGLES), en vue de son habilitation pour r\u00e9aliser\nl'analyse d'impact mentionn\u00e9e au III de l'article L.752-6 du code de commerce dans le cadre des\ndossiers de demande d'autorisation d'exploitation commerciale ;\nVU les pi\u00e8ces justificatives annex\u00e9es \u00e0 la demande ;\nCONSID\u00c9RANT que la SARL LINEAMENTA remplit les conditions pour \u00eatre habilit\u00e9e ;\nSUR proposition du Secr\u00e9taire g\u00e9n\u00e9ral de la Pr\u00e9fecture,\nARR\u00caTE :\nArticle1: La SARL LINEAMENTA, sise 109 Quai du Pr\u00e9sident Wilson \u00e0 B\u00c8GLES (33130),repr\u00e9sent\u00e9e par Mme Marion LACOMBE, est habilit\u00e9e pour r\u00e9aliser l'analyse d'impact mentionn\u00e9 au III\nde l'article L.752-6 du code de commerce.\nArticle 2: Les personnes de la soci\u00e9t\u00e9 susmentionn\u00e9e, affect\u00e9es \u00e0 l'activit\u00e9 faisant l'objet de\nla pr\u00e9sente demande d'habilitation, sont les suivantes :\n- Mme Marion LACOMBE\n- Mme Julie CORRE.\nToute modification port\u00e9e \u00e0 cette liste ou \u00e0 toute autre indication figurant dans le dossier de\ndemande d'habilitation, devra \u00eatre signal\u00e9e, dans le mois, \u00e0 l'autorit\u00e9 d\u00e9livrante.\n1/2\n\nArticle 3: Uhabilitation est accord\u00e9e -sans renouvellement tacite possible- pour une dur\u00e9ede cing ans \u00e0 compter de la date du pr\u00e9sent arr\u00eat\u00e9.\nElle est valable sur l'ensemble du territoire du d\u00e9partement de la Haute-Marne.\nArticle 4: L'habilitation est enregistr\u00e9e et identifi\u00e9e sous le num\u00e9ro 52-2025-06-13-Al04.\nCe num\u00e9ro devra \u00eatre port\u00e9 sur chaque analyse d'impact r\u00e9alis\u00e9e, au m\u00eame titre que la date\net la signature de l'auteur de l'analyse.\nArticle 5: La SARL LINEAMENTA veillera \u00e0 ne pas \u00e9tablir l'analyse d'impact d'un projet danslequel elle-m\u00eame, ou l'un de ses membres, est intervenu, \u00e0 quelque titre que ce soit, ou bien si elle a\ndes liens de d\u00e9pendance juridique avec le p\u00e9titionnaire.\nUne d\u00e9claration sur l'honneur de ce chef sera annex\u00e9e \u00e0 l'analyse d'impact par son auteur.\nArticle6: L'habilitation peut \u00eatre retir\u00e9e \u00e0 tout moment si l'organisme b\u00e9n\u00e9ficiaire neremplit plus les conditions d'obtention, de mise \u00e0 jour ou d'exercice mentionn\u00e9s \u00e0 l'article R.752-6-1 du\ncode de commerce.\nArticle7: Le Secr\u00e9taire g\u00e9n\u00e9ral de la pr\u00e9fecture de la Haute-Marne est charg\u00e9 de l'ex\u00e9cutiondu pr\u00e9sent arr\u00eat\u00e9 qui sera publi\u00e9 au recueil des actes administratifs et notifi\u00e9 \u00e0 l'organisme demandeur.\nPour la Pr\u00e9f\u00e8te et par d\u00e9l\u00e9gation,\nLe Secr\u00e9taire g\u00e9n\u00e9ral de la pr\u00e9fecture,\n\u2014_{4\u2014\u2014\nGuillaume THIRARD\nD\u00e9lais et voies de recours : La pr\u00e9sente d\u00e9cision peut faire l'objet d'un recours contentieux devant letribunal administratif de Ch\u00e2lons-en-Champagne dans un d\u00e9lai de deux mois courant \u00e0 compter de sanotification. Le tribunal administratif peut \u00eatre saisi par l'application \"T\u00e9l\u00e9recours citoyens\" accessible \u00e0\npartir du site www.telerecours.fr.\n2/2\n\nPREFET Direction de la citoyennet\u00e9DE LA HAUTE-MARNE eee:Libert\u00e9 et de la l\u00e9galit\u00e9\n\u00c9galit\u00e9Fraternit\u00e9\nBUREAU DE LA R\u00c9GLEMENTATION G\u00c9N\u00c9RALE,DES ASSOCIATIONS ET DES \u00c9LECTIONS\nARR\u00caT\u00c9 N\u00b052-2225-06 00097 py 13 JUIN 2025\nportant habilitation pour r\u00e9aliser l'analyse d'impact mentionn\u00e9e au III\nde l'article L.752-6 du code de commerce dans le cadre des dossiers\nde demande d'autorisation d'exploitation commerciale\nLa Pr\u00e9f\u00e8te de la Haute-Marne,\nChevalier de la L\u00e9gion d'honneur\nOfficier de l'Ordre National du M\u00e9rite,\nVU le code de commerce et notamment les articles L.752-6, R.752-6-1 et suivants et A.752-1;\nVU la loi n\u00b0 2018-1021 du 23 novembre 2018 portant \u00e9volution du logement, de l'am\u00e9nagement\net du num\u00e9rique ;\nVU le d\u00e9cret n\u00b0 2019-331 du 17 avril 2019 modifi\u00e9 relatif \u00e0 la composition et au fonctionnement\ndes commissions d\u00e9partementales d'am\u00e9nagement commercial et aux demandes d'autorisation\nd'exploitation commerciale ;\nVU l'arr\u00eat\u00e9 du ministre de l'\u00e9conomie et des finances du 19 juin 2019 fixant le contenu du\nformulaire de demande d'habilitation pour r\u00e9aliser l'analyse d'impact mentionn\u00e9e au III de l'article\nL.752-6 du code de commerce ;\nVU l'arr\u00eat\u00e9 pr\u00e9fectoral n\u00b052-2020-11-262 du 26 novembre 2020 portant habilitation, sous le\nnum\u00e9ro 52-2020-11-26-Al15, de la soci\u00e9t\u00e9 EC&U (7 rue de la Galissonni\u00e8re - 44000 NANTES), pour\nr\u00e9aliser l'analyse d'impact mentionn\u00e9e au III de l'article L.752-6 du code de commerce dans le cadre des\ndossiers de demande d'autorisation d'exploitation commerciale ;\nVU la demande d\u00e9pos\u00e9e le 2 juin 2025 par Mme Elodie CHOPLIN, g\u00e9rante et dirigeante de la\nsoci\u00e9t\u00e9 EC&U, en vue du renouvellement de son habilitation pour r\u00e9aliser l'analyse d'impact ;\nVU les pi\u00e8ces justificatives annex\u00e9es \u00e0 la demande ;\nCONSID\u00c9RANT que la soci\u00e9t\u00e9 EC&U remplit les conditions pour \u00eatre habilit\u00e9e ;\nSUR proposition du Secr\u00e9taire g\u00e9n\u00e9ral de la Pr\u00e9fecture,\nARRETE :\nArticle 1: L'arr\u00eat\u00e9 pr\u00e9fectoral n\u00b052-2020-11-262 du 26 novembre 2020 portant habilitation de\nla soci\u00e9t\u00e9 EC&U pour r\u00e9aliser l'analyse d'impact est abrog\u00e9.\nArticle 2: La soci\u00e9t\u00e9 EC&U, sise 7 rue de la Galissonni\u00e8re \u00e0 NANTES (44000), est habilit\u00e9e\npour r\u00e9aliser l'analyse d'impact mentionn\u00e9 au III de l'article L.752-6 du code de commerce.\n1/2\n\nArticle 3: Les personnes de la soci\u00e9t\u00e9 susmentionn\u00e9e affect\u00e9es \u00e0 l'activit\u00e9 faisant l'objet de la\npr\u00e9sente demande d'habilitation sont les suivantes :\n- Mme Elodie CHOPLIN,\n- M. No\u00e9 GLAUX,\n- M. Thomas BLANDIN,\n- Mme Ang\u00e8le DUPIN,\n- M. Martin MADIOT.\nToute modification port\u00e9e \u00e0 cette liste ou \u00e0 toute autre indication figurant dans le dossier de\ndemande d'habilitation, devra \u00eatre signal\u00e9e, dans le mois, \u00e0 l'autorit\u00e9 d\u00e9livrante.\nArticle 4: L'habilitation est accord\u00e9e -sans renouvellement tacite possible- pour une dur\u00e9e de\ncinq ans \u00e0 compter de la date du pr\u00e9sent arr\u00eat\u00e9.\nElle est valable sur l'ensemble du territoire du d\u00e9partement de la Haute-Marne.\nArticle 5: L'habilitation est enregistr\u00e9e et identifi\u00e9e sous le num\u00e9ro 52-2025-06-13-Al05.\nCe num\u00e9ro devra \u00eatre port\u00e9 sur chaque analyse d'impact r\u00e9alis\u00e9e, au m\u00eame titre que la date et\nla signature de l'auteur de l'analyse.\nArticle6: La soci\u00e9t\u00e9 EC&U veillera \u00e0 ne pas \u00e9tablir l'analyse d'impact d'un projet dans lequel\nelle-m\u00eame, ou l'un de ses membres, est intervenu, \u00e0 quelque titre que ce soit, ou bien si elle a des liens\nde d\u00e9pendance juridique avec le p\u00e9titionnaire.\nUne d\u00e9claration sur l'honneur de ce chef sera annex\u00e9e \u00e0 l'analyse d'impact par son auteur.\nArticle 7: L'habilitation peut \u00eatre retir\u00e9e \u00e0 tout moment si l'organisme b\u00e9n\u00e9ficiaire ne remplit\nplus les conditions d'obtention, de mise \u00e0 jour ou d'exercice mentionn\u00e9s \u00e0 l'article R.752-6-1 du code de\ncommerce.\nArticle 8: Le Secr\u00e9taire g\u00e9n\u00e9ral de la pr\u00e9fecture de la Haute-Marne est charg\u00e9 de l'ex\u00e9cution\ndu pr\u00e9sent arr\u00eat\u00e9 qui sera publi\u00e9 au recueil des actes administratifs et notifi\u00e9 \u00e0 l'organisme demandeur.\nPour la Pr\u00e9f\u00e8te et par d\u00e9l\u00e9gation,Le Secr\u00e9taire g\u00e9n\u00e9ral de la pr\u00e9fecture,\nnue\nGuillaume THIRARD\nD\u00e9lais et voies de recours : La pr\u00e9sente d\u00e9cision peut faire l'objet d'un recours contentieux devant letribunal administratif de Ch\u00e2lons-en-Champagne dans un d\u00e9lai de deux mois courant \u00e0 compter de sanotification. Le tribunal administratif peut \u00eatre saisi par l'application \"T\u00e9l\u00e9recours citoyens\" accessible \u00e0partir du site www.telerecours.fr.\n2/2\n\nPREFET Direction de la citoyennet\u00e9DE LA HAUTE-MARNE BFDone et de la l\u00e9galit\u00e9\nEgalit\u00e9Fraternit\u00e9\nBUREAU DE LA REGLEMENTATION GENERALE,DES ASSOCIATIONS ET DES ELECTIONS\nARR\u00caT\u00c9 N\u00b0 29425 -06-coi0n DU 13 JUIN 2025\nportant habilitation pour \u00e9tablir le certificat de conformit\u00e9\nmentionn\u00e9 au premier alin\u00e9a de l'article L.752-23 du code de commerce\nLa Pr\u00e9f\u00e8te de la Haute-Marne,\nChevalier de la L\u00e9gion d'honneur\nOfficier de l'Ordre National du M\u00e9rite,\nVU le code de commerce et notamment ses articles L.752-23, R.752-44-2 \u00e0 R.752-44-13 et\nA.752-2 et A.752-3;\nVU le code des relations entre le public et l'administration ;\nVU la loi n\u00b0 2018-1021 du 23 novembre 2018 portant \u00e9volution du logement, de l'am\u00e9nagement\net du num\u00e9rique ;\nVU le d\u00e9cret n\u00b0 2019-563 du 7 juin 2019 relatif \u00e0 la proc\u00e9dure devant la Commission nationale\nd'am\u00e9nagement commercial et au contr\u00f4le du respect des autorisations d'exploitation commerciale,\nnotamment ses articles 4 et 7;\nVU l'arr\u00eat\u00e9 du ministre de l'\u00e9conomie et des finances du 28 juin 2019 fixant le contenu du\nformulaire de demande d'habilitation pour \u00e9tablir le certificat de conformit\u00e9 mentionn\u00e9 au premier\nalin\u00e9a de l'article L.752-23 du code de commerce ;\nVU la demande d\u00e9pos\u00e9e le 13 mai 2025 par Mme Marion LACOMBE, g\u00e9rante de la SARL\nLINEAMENTA (109 Quai du Pr\u00e9sident Wilson - 33130 BEGLES), en vue de son habilitation pour \u00e9tablir le\ncertificat de conformit\u00e9 mentionn\u00e9 au premier alin\u00e9a de l'article L.752-23 du code de commerce ;\nVU les pi\u00e8ces justificatives annex\u00e9es \u00e0 la demande ;\nCONSID\u00c9RANT que la SARL LINEAMENTA remplit les conditions pour \u00eatre habilit\u00e9e ;\nSUR proposition du Secr\u00e9taire g\u00e9n\u00e9ral de la pr\u00e9fecture,\nARR\u00caTE :\nArticle 1: La SARL LINEAMENTA, sise 109 Quai du Pr\u00e9sident Wilson \u00e0 BEGLES (33130),\nrepr\u00e9sent\u00e9e par Mme Marion LACOMBE, est habilit\u00e9e \u00e0 d\u00e9livrer le certificat de conformit\u00e9 mentionn\u00e9\nau premier alin\u00e9a de l'article L.752-23 du code de commerce.\nLe mod\u00e8le du formulaire intitul\u00e9 \"certificat de conformit\u00e9\" est fix\u00e9 par arr\u00eat\u00e9 du ministre de\nl'\u00e9conomie et des finances du 1er octobre 2019 en application de l'article R. 752-44-8.\n1/2\n\nLe formulaire est transmis, par le b\u00e9n\u00e9ficiaire de l'autorisation d'exploitation commerciale, \u00e0 la\npr\u00e9fecture de la Haute-Marne, par voie \u00e9lectronique, dans le d\u00e9lai d'un mois avant la date d'ouverture\nau public de l'\u00e9quipement commercial autoris\u00e9, \u00e0 peine d'illic\u00e9it\u00e9 de l'exploitation commerciale.\nArticle 3: La personne habilit\u00e9e \u00e0 r\u00e9aliser les missions de certification au nom de la SARL\nLINEAMENTA est la suivante :\n- Mme Marion LACOMBE.\nToute modification port\u00e9e \u00e0 cette liste ou \u00e0 toute autre indication figurant dans le dossier de\ndemande d'habilitation d\u00e9pos\u00e9e en pr\u00e9fecture, devra \u00eatre signal\u00e9e, dans le mois, \u00e0 l'autorit\u00e9 d\u00e9livrante.\nArticle 4: L'habilitation est accord\u00e9e -sans renouvellement tacite possible- pour une dur\u00e9e de\ncing ans \u00e0 compter de la date du pr\u00e9sent arr\u00eat\u00e9.\nElle est valable sur l'ensemble du territoire du d\u00e9partement de la Haute-Marne.\nArticle 5 : L'habilitation est enregistr\u00e9e et identifi\u00e9e sous le num\u00e9ro 52-2025-06-13-CC03.\nCe num\u00e9ro devra \u00eatre port\u00e9 sur chaque certificat de conformit\u00e9, au m\u00eame titre que la date et\nla signature de l'auteur du certificat.\nArticle 6 : L'habilitation peut \u00eatre retir\u00e9e \u00e0 tout moment si l'organisme b\u00e9n\u00e9ficiaire ne remplit\nplus les conditions d'obtention, de mise \u00e0 jour ou d'exercice, mentionn\u00e9s \u00e0 l'article R.752-44-2 du code\nde commerce.\nArticle 7 : Le Secr\u00e9taire g\u00e9n\u00e9ral de la pr\u00e9fecture de la Haute-Marne 'est charg\u00e9 de l'ex\u00e9cution\ndu pr\u00e9sent arr\u00eat\u00e9 qui sera publi\u00e9 au recueil des actes administratifs et notifi\u00e9 \u00e0 l'organisme demandeur.\nPour la Pr\u00e9f\u00e8te et par d\u00e9l\u00e9gation,Le Secr\u00e9taire g\u00e9n\u00e9ral de la pr\u00e9fecture,\nuillaume THIRARD\nD\u00e9lais et voies de recours : La pr\u00e9sente d\u00e9cision peut faire l'objet d'un recours contentieux devant letribunal administratif de Ch\u00e2lons-en-Champagne dans un d\u00e9lai de deux mois courant \u00e0 compter de sanotification. Le tribunal administratif peut \u00eatre saisi par l'application \"T\u00e9l\u00e9recours citoyens\" accessible \u00e0partir du site www.telerecours.fr.\n2/2\n\nPREFET Direction de la citoyennet\u00e9DE LA HAUTE-MARNE 2 = NESLibert\u00e9 et de la l\u00e9galit\u00e9\nEgalit\u00e9Fraternit\u00e9\nBUREAU DE LA REGLEMENTATION GENERALE,DES ASSOCIATIONS ET DES ELECTIONS\nARR\u00caT\u00c9 NO52-2025-06-0040/ py 13 JUIN 2025\nportant habilitation pour \u00e9tablir le certificat de conformit\u00e9\nmentionn\u00e9 au premier alin\u00e9a de l'article L.752-23 du code de commerce\nLa Pr\u00e9f\u00e8te de la Haute-Marne,\nChevalier de la L\u00e9gion d'honneur\nOfficier de l'Ordre National du M\u00e9rite,\nVU le code de commerce et notamment ses articles L.752-23, R.752-44-2 \u00e0 R.752-44-13 et\nA.752-2 et A.7523;\nVU le code des relations entre le public et l'administration ;\nVU la loi n\u00b0 2018-1021 du 23 novembre 2018 portant \u00e9volution du logement, de l'am\u00e9nagement\net du num\u00e9rique ;\nVU le d\u00e9cret n\u00b0 2019-563 du 7 juin 2019 relatif \u00e0 la proc\u00e9dure devant la Commission nationale\nd'am\u00e9nagement commercial et au contr\u00f4le du respect des autorisations d'exploitation commerciale,\nnotamment ses articles 4 et 7;\nVU l'arr\u00eat\u00e9 du ministre de l'\u00e9conomie et des finances du 28 juin 2019 fixant le contenu du\nformulaire de demande d'habilitation pour \u00e9tablir le certificat de conformit\u00e9 mentionn\u00e9 au premier\nalin\u00e9a de l'article L.752-23 du code de commerce ;\nVU l'arr\u00eat\u00e9 pr\u00e9fectoral n\u00b052-2020-08-177 du 20 ao\u00fbt 2020 portant habilitation, sous le num\u00e9ro\n52-2020-08-20-CCO07, de la SARL OFC EMPRIXIA (61 boulevard Robert Jarry - 72000 LE MANS), pour\n\u00e9tablir le certificat de conformit\u00e9 mentionn\u00e9 au premier alin\u00e9a de l'article L.752-23 du code de\ncommerce  ;\nVU la demande d\u00e9pos\u00e9e le 9 avril 2025 et compl\u00e9t\u00e9e le avril 2025 par M. Olivier FOUQUER\u00c9,\ndirecteur et g\u00e9rant de la SARL Olivier Fouquer\u00e9 Consulting- Cabinet EMPRIXIA, en vue du\nrenouvellement de son habilitation pour \u00e9tablir le certificat de conformit\u00e9 ;\nVU les pi\u00e8ces justificatives annex\u00e9es \u00e0 la demande ;\nCONSID\u00c9RANT que la SARL Olivier Fouquer\u00e9 Consulting- Cabinet EMPRIXIA remplit les\nconditions pour \u00eatre habilit\u00e9e ;\nSUR proposition du Secr\u00e9taire g\u00e9n\u00e9ral de la pr\u00e9fecture,\nARR\u00caTE :\nArticle 1: L'arr\u00eat\u00e9 pr\u00e9fectoral n\u00b0 52-2020-08-177 du 20 ao\u00fbt 2020 portant habilitation de la\nSARL OFC EMPRIXIA pour \u00e9tablir le certificat de conformit\u00e9 est abrog\u00e9.\n1/2\n\nArticle 2: La SARL Olivier Fouquer\u00e9 Consulting- Cabinet EMPRIXIA, sise 61 boulevard Robert\nJarry - 72000 LE MANS, repr\u00e9sent\u00e9e par M. Olivier FOUQUERE, est habilit\u00e9e a d\u00e9livrer le certificat de\nconformit\u00e9 mentionn\u00e9 au premier alin\u00e9a de l'article L.752-23 du code de commerce.\nLe mod\u00e8le du formulaire intitul\u00e9 \"certificat de conformit\u00e9\" est fix\u00e9 par arr\u00eat\u00e9 du ministre de\nl'\u00e9conomie et des finances du 1er octobre 2019 en application de l'article R. 752-44-8.\nLe formulaire est transmis, par le b\u00e9n\u00e9ficiaire de l'autorisation d'exploitation commerciale, \u00e0 la\npr\u00e9fecture de la Haute-Marne, par voie \u00e9lectronique, dans le d\u00e9lai d'un mois avant la date d'ouverture\nau public de l'\u00e9quipement commercial autoris\u00e9, \u00e0 peine d'illic\u00e9it\u00e9 de l'exploitation commerciale.\nArticle 3: Les personnes habilit\u00e9es \u00e0 r\u00e9aliser les missions de certification au nom de la SARL\nOlivier Fouquer\u00e9 Consulting- Cabinet EMPRIXIA sont les suivantes :\n- M. Olivier FOUQUER\u00c9,\n- Mme Alexandra AUDUC,\n- M. Nicolas LEROY,\n- M. Benoit FOUQUER\u00c9,\n- M. Laurent DUCHENE.\nToute modification port\u00e9e \u00e0 cette liste ou \u00e0 toute autre indication figurant dans le dossier de\ndemande d'habilitation d\u00e9pos\u00e9e en pr\u00e9fecture, devra \u00eatre signal\u00e9e, dans le mois, \u00e0 l'autorit\u00e9 d\u00e9livrante.\nArticle 4: L'habilitation est accord\u00e9e -sans renouvellement tacite possible- pour une dur\u00e9e de\ncing ans \u00e0 compter de la date du pr\u00e9sent arr\u00eat\u00e9.\nElle est valable sur l'ensemble du territoire du d\u00e9partement de la Haute-Marne.\nArticle 5 : L'habilitation est enregistr\u00e9e et identifi\u00e9e sous le num\u00e9ro 52-2025-06-13-CC04.\nCe num\u00e9ro devra \u00eatre port\u00e9 sur chaque certificat de conformit\u00e9, au m\u00eame titre que la date et\nla signature de l'auteur du certificat.\nArticle 6 : L'habilitation peut \u00eatre retir\u00e9e \u00e0 tout moment si l'organisme b\u00e9n\u00e9ficiaire ne remplit\nplus les conditions d'obtention, de mise \u00e0 jour ou d'exercice, mentionn\u00e9s \u00e0 l'article R.752-44-2 du code\nde commerce.\nArticle 7 : Le Secr\u00e9taire g\u00e9n\u00e9ral de la pr\u00e9fecture de la Haute-Marne est charg\u00e9 de l'ex\u00e9cution\ndu pr\u00e9sent arr\u00eat\u00e9 qui sera publi\u00e9 au recueil des actes administratifs et notifi\u00e9 \u00e0 l'organisme demandeur.\nPour la Pr\u00e9f\u00e8te et par d\u00e9l\u00e9gation,Le Secr\u00e9taire g\u00e9n\u00e9ral de la pr\u00e9fecture,\nGuillaume THIRARD\nD\u00e9lais et voies de recours : La pr\u00e9sente d\u00e9cision peut faire l'objet d'un recours contentieux devant letribunal administratif de Ch\u00e2lons-en-Champagne dans un d\u00e9lai de deux mois courant \u00e0 compter de sanotification. Le tribunal administratif peut \u00eatre saisi par l'application \"T\u00e9l\u00e9recours citoyens\" accessible \u00e0partir du site www.telerecours.fr.\n2/2\n\nPREFET Direction de la citoyennet\u00e9DE LA HAUTE-MARNE 2 cite \u20acie et de la l\u00e9galit\u00e9\n\u00c9galit\u00e9Fraternit\u00e9\nBUREAU DE LA R\u00c9GLEMENTATION G\u00c9N\u00c9RALE,DES ASSOCIATIONS ET DES \u00c9LECTIONS\nARR\u00caT\u00c9 N\u00b052-2095 06 00402 DU 13 JUIN 2025\nportant habilitation pour \u00e9tablir le certificat de conformit\u00e9\nmentionn\u00e9 au premier alin\u00e9a de l'article L.752-23 du code de commerce\nLa Pr\u00e9f\u00e8te de la Haute-Marne,\nChevalier de la L\u00e9gion d'honneur\nOfficier de l'Ordre National du M\u00e9rite,\nVU le code de commerce et notamment ses articles L.752-23, R.752-44-2 \u00e0 R.752-44-13 et\nA.752-2 et A.752-3 ;\nVU le code des relations entre le public et l'administration ;\nVU la loi n\u00b0 2018-1021 du 23 novembre 2018 portant \u00e9volution du logement, de l'am\u00e9nagement\net du num\u00e9rique ;\nVU le d\u00e9cret n\u00b0 2019-563 du 7 juin 2019 relatif \u00e0 la proc\u00e9dure devant la Commission nationale\nd'am\u00e9nagement commercial et au contr\u00f4le du respect des autorisations d'exploitation commerciale,\nnotamment ses articles 4 et 7;\nVU l'arr\u00eat\u00e9 du ministre de l'\u00e9conomie et des finances du 28 juin 2019 fixant le contenu du\nformulaire de demande d'habilitation pour \u00e9tablir le certificat de conformit\u00e9 mentionn\u00e9 au premier\nalin\u00e9a de l'article L.752-23 du code de commerce ;\nVU l'arr\u00eat\u00e9 pr\u00e9fectoral n\u00b0 n\u00b052-2020-11-263 du 26 novembre 2020 portant habilitation, sous le\nnum\u00e9ro 52-2020-11-26-CC13, de la soci\u00e9t\u00e9 EC&U (7 rue de la Galissonni\u00e8re - 44000 NANTES), pour\n\u00e9tablir le certificat de conformit\u00e9 mentionn\u00e9 au premier alin\u00e9a de l'article L.752-23 du code de\ncommerce  ;\nVU la demande d\u00e9pos\u00e9e le 2 juin 2025 par Mme Elodie CHOPLIN, g\u00e9rante et dirigeante de la\nsoci\u00e9t\u00e9 EC&U, en vue du renouvellement de son habilitation pour \u00e9tablir le certificat de conformit\u00e9 ;\nVU les pi\u00e8ces justificatives annex\u00e9es \u00e0 la demande ;\nCONSID\u00c9RANT que la soci\u00e9t\u00e9 EC&U remplit les conditions pour \u00eatre habilit\u00e9e ;\nSUR proposition du Secr\u00e9taire g\u00e9n\u00e9ral de la pr\u00e9fecture,\nARR\u00caTE :\nArticle 1: L'arr\u00eat\u00e9 pr\u00e9fectoral n\u00b0 52-2020-11-263 du 26 novembre 2020 portant habilitation de la\nsoci\u00e9t\u00e9 EC&U pour \u00e9tablir le certificat de conformit\u00e9 est abrog\u00e9.\n1/2\n\nArticle 2: La soci\u00e9t\u00e9 EC&U, sise 7 rue de la Galissonni\u00e8re \u00e0 NANTES (44000), est habilit\u00e9e \u00e0\nd\u00e9livrer le certificat de conformit\u00e9 mentionn\u00e9 au premier alin\u00e9a de l'article L.752-23 du code de\ncommerce.\nLe mod\u00e8le du formulaire intitul\u00e9 \"certificat de conformit\u00e9\" est fix\u00e9 par arr\u00eat\u00e9 du ministre de\nl'\u00e9conomie et des finances du 1er octobre 2019 en application de l'article R. 752-44-8.\nLe formulaire est transmis, par le b\u00e9n\u00e9ficiaire de l'autorisation d'exploitation commerciale, \u00e0 la\npr\u00e9fecture de la Haute-Marne, par voie \u00e9lectronique, dans le d\u00e9lai d'un mois avant la date d'ouverture\nau public de l'\u00e9quipement commercial autoris\u00e9, \u00e0 peine d'illic\u00e9it\u00e9 de l'exploitation commerciale.\nArticle 3 : Les personnes habilit\u00e9es \u00e0 r\u00e9aliser les missions de certification au nom de la soci\u00e9t\u00e9\nEC&U sont les suivantes :\n- Mme Elodie CHOPLIN,\n- M. No\u00e9 GLAUX,\n- M. Thomas BLANDIN,\n- Mme Ang\u00e8le DUPIN,\n- M. Martin MADIOT.\nToute modification port\u00e9e \u00e0 cette liste ou \u00e0 toute autre indication figurant dans le dossier de\ndemande d'habilitation d\u00e9pos\u00e9e en pr\u00e9fecture, devra \u00eatre signal\u00e9e, dans le mois, \u00e0 l'autorit\u00e9 d\u00e9livrante.\nArticle 4 : L'habilitation est accord\u00e9e -sans renouvellement tacite possible- pour une dur\u00e9e de\ncing ans \u00e0 compter de la date du pr\u00e9sent arr\u00eat\u00e9.\nElle est valable sur l'ensemble du territoire du d\u00e9partement de la Haute-Marne.\nArticle 5 : L'habilitation est enregistr\u00e9e et identifi\u00e9e sous le num\u00e9ro 52-2025-06-13-CCOS5.\nCe num\u00e9ro devra \u00eatre port\u00e9 sur chaque certificat de conformit\u00e9, au m\u00eame titre que la date et\nla signature de l'auteur du certificat.\nArticle 6: L'habilitation peut \u00eatre retir\u00e9e \u00e0 tout moment si l'organisme b\u00e9n\u00e9ficiaire ne remplit\nplus les conditions d'obtention, de mise \u00e0 jour ou d'exercice, mentionn\u00e9s \u00e0 l'article R.752-44-2 du code\nde commerce.\nArticle 7 : Le Secr\u00e9taire g\u00e9n\u00e9ral de la pr\u00e9fecture de la Haute-Marne est charg\u00e9 de l'ex\u00e9cution\ndu pr\u00e9sent arr\u00eat\u00e9 qui sera publi\u00e9 au recueil des actes administratifs et notifi\u00e9 \u00e0 l'organisme demandeur.\nPour la Pr\u00e9f\u00e8te et par d\u00e9l\u00e9gation,Le Secr\u00e9taire g\u00e9n\u00e9ral de la pr\u00e9fecture,\nGuillaume THIRARD\nD\u00e9lais et voies de recours : La pr\u00e9sente d\u00e9cision peut faire l'objet d'un recours contentieux devant letribunal administratif de Ch\u00e2lons-en-Champagne dans un d\u00e9lai de deux mois courant \u00e0 compter de sanotification. Le tribunal administratif peut \u00eatre saisi par l'application \"T\u00e9l\u00e9recours citoyens\" accessible \u00e0partir du site www.telerecours.fr.\n2/2\n\nPREFET Direction de la citoyennet\u00e9DE LA HAUTE-MARNE 2 TEE edFa et de la l\u00e9galit\u00e9\u00c9galit\u00e9Fraternit\u00e9\nBUREAU DE LA R\u00c9GLEMENTATION G\u00c9N\u00c9RALE,DES ASSOCIATIONS ET DES \u00c9LECTIONS\nARR\u00caT\u00c9 N\u00b0 52-/o20-06-00A0S DU 13 JUIN 2025portant habilitation pour \u00e9tablir le certificat de conformit\u00e9\nmentionn\u00e9 au premier alin\u00e9a de l'article L.752-23 du code de commerce\nLa Pr\u00e9f\u00e8te de la Haute-Marne,\nChevalier de la L\u00e9gion d'honneur\nOfficier de l'Ordre National du M\u00e9rite, s\nVU le code de commerce et notamment ses articles L.752-23, R.752-44-2 \u00e0 R.752-44-13 et\nA.752-2 et A.752-3 ;\nVU le code des relations entre le public et l'administration ;\nVU la loi n\u00b0 2018-1021 du 23 novembre 2018 portant \u00e9volution du logement, de l'am\u00e9nagement\net du num\u00e9rique ;\nVU le d\u00e9cret n\u00b0 2019-563 du 7 juin 2019 relatif \u00e0 la proc\u00e9dure devant la Commission nationale\nd'am\u00e9nagement commercial et au contr\u00f4le du respect des autorisations d'exploitation commerciale,\nnotamment ses articles 4 et 7;\nVU l'arr\u00eat\u00e9 du ministre de l'\u00e9conomie et des finances du 28 juin 2019 fixant le contenu du\nformulaire de demande d'habilitation pour \u00e9tablir le certificat de conformit\u00e9 mentionn\u00e9 au premier\nalin\u00e9a de l'article L.752-23 du code de commerce ;\nVU l'arr\u00eat\u00e9 pr\u00e9fectoral n\u00b052-2020-04-040 du 9 avril 2020 portant habilitation, sous le num\u00e9ro\n52-2020-04-09-CC03, de la SARL TR OPTIMA CONSEIL (4 place du Beau Verger - 44120 VERTOU), pour\n\u00e9tablir le certificat de conformit\u00e9 mentionn\u00e9 au premier alin\u00e9a de l'article L.752-23 du code de\ncommerce  ;\nVU la demande d\u00e9pos\u00e9e le 13 mai 2025 .par Mme Elise TELEGA, g\u00e9rante et directrice du p\u00f4le\n\u00e9tudes de la SARL TR OPTIMA CONSEIL, en vue du renouvellement de son habilitation pour \u00e9tablir le\ncertificat de conformit\u00e9 ;\nVU les pi\u00e8ces justificatives annex\u00e9es \u00e0 la demande ;\nCONSID\u00c9RANT que la SARL TR OPTIMA CONSEIL remplit les conditions pour \u00eatre habilit\u00e9e ;\nSUR proposition du Secr\u00e9taire g\u00e9n\u00e9ral de la pr\u00e9fecture,\nARR\u00caTE :\nArticle 1: L'arr\u00eat\u00e9 pr\u00e9fectoral n\u00b0 52-2020-04-040 du 9 avril 2020 portant habilitation de la SARL\nTR OPTIMA CONSEIL pour \u00e9tablir le certificat de conformit\u00e9 est abrog\u00e9.\n1/2\n\nArticle 2: La SARL TROPTIMA CONSEIL, sise 4 place du Beau Verger \u00e0 VERTOU (44120),\nrepr\u00e9sent\u00e9e par Mme \u00c9lise T\u00c9L\u00c9GA, est habilit\u00e9e \u00e0 d\u00e9livrer le certificat de conformit\u00e9 mentionn\u00e9 au\npremier alin\u00e9a de l'article L.752-23 du code de commerce.\nLe mod\u00e8le du formulaire intitul\u00e9 \"certificat de conformit\u00e9\" est fix\u00e9 par arr\u00eat\u00e9 du ministre de\nl'\u00e9conomie et des finances du 1er octobre 2019 en application de l'article R. 752-44-8.\nLe formulaire est transmis, par le b\u00e9n\u00e9ficiaire de l'autorisation d'exploitation commerciale, \u00e0 la\npr\u00e9fecture de la Haute-Marne, par voie \u00e9lectronique, dans le d\u00e9lai d'un mois avant la date d'ouverture\nau public de l'\u00e9quipement commercial autoris\u00e9, \u00e0 peine d'illic\u00e9it\u00e9 de l'exploitation commerciale.\nArticle 3 : Les personnes habilit\u00e9es \u00e0 r\u00e9aliser les missions de certification au nom de la SARL\nTR OPTIMA CONSEIL sont les suivantes :\n- Mme Manon GODIOT,\n- Mme Aur\u00e9lie GOUBIN.\nToute modification port\u00e9e \u00e0 cette liste ou \u00e0 toute autre indication figurant dans le dossier de\ndemande d'habilitation d\u00e9pos\u00e9e en pr\u00e9fecture, devra \u00eatre signal\u00e9e, dans le mois, \u00e0 l'autorit\u00e9 d\u00e9livrante.\nArticle 4 : L'habilitation est accord\u00e9e -sans renouvellement tacite possible- pour une dur\u00e9e de\ncinq ans \u00e0 compter de la date du pr\u00e9sent arr\u00eat\u00e9.\nElle est valable sur l'ensemble du territoire du d\u00e9partement de la Haute-Marne.\nArticle 5 : L'habilitation est enregistr\u00e9e et identifi\u00e9e sous le num\u00e9ro 52-2025-06-13-CC02.\nCe num\u00e9ro devra \u00eatre port\u00e9 sur chaque certificat de conformit\u00e9, au m\u00eame titre que la date et\nla signature de l'auteur du certificat.\nArticle 6 : L'habilitation peut \u00eatre retir\u00e9e \u00e0 tout moment si l'organisme b\u00e9n\u00e9ficiaire ne remplit\nplus les conditions d'obtention, de mise \u00e0 jour ou d'exercice, mentionn\u00e9s \u00e0 l'article R.752-44-2 du code\nde commerce.\nArticle 7 : Le Secr\u00e9taire g\u00e9n\u00e9ral de la pr\u00e9fecture de la Haute-Marne est charg\u00e9 de l'ex\u00e9cution\ndu pr\u00e9sent arr\u00eat\u00e9 qui sera publi\u00e9 au recueil des actes administratifs et notifi\u00e9 \u00e0 l'organisme demandeur.\nPour la Pr\u00e9f\u00e8te et par d\u00e9l\u00e9gation,Le Secr\u00e9taire g\u00e9n\u00e9ral de la pr\u00e9fecture,\nD\u00e9lais et voies de recours : La pr\u00e9sente d\u00e9cision peut faire l'objet d'un recours contentieux devant letribunal administratif de Ch\u00e2lons-en-Champagne dans un d\u00e9lai de deux mois courant \u00e0 compter de sanotification. Le tribunal administratif peut \u00eatre saisi par l'application \"T\u00e9l\u00e9recours citoyens\" accessible \u00e0partir du site www.telerecours.fr.\n2/2\n\nPREFET 5 . te tiDE LA HAUTE-MARNE Direction d\u00e9par' emen tale\nLibert\u00e9 des territoiresEgalit\u00e9Fraternit\u00e9\nSERVICE ENVIRONNEMENT ET FORET\nARRETE N\u00b0 52-2025-07-00002 DU 1ER JUILLET 2025\nportant sur les p\u00e9riodes et les modalit\u00e9s de destruction\ndu pigeon ramier et du sanglier,\nesp\u00e8ces d'animaux susceptibles d'occasionner des d\u00e9g\u00e2ts pour la p\u00e9riodeallant du 1er juillet 2025 au 30 juin 2026\nLe Directeur d\u00e9partemental des territoires\nVU le code de l'environnement et notamment les articles L. 425-2, R. 427-6, R. 427-8, R.\n427-13 \u00e0 R. 427-18, R. 427-21 et R. 427-25 ;\nVU le d\u00e9cret n\u00b0 2012-402 du 23 mars 2012 relatif aux esp\u00e8ces d'animaux class\u00e9s\nnuisibles ;\nVU le d\u00e9cret n\u00b0 2016-115 du 04 f\u00e9vrier 2016 relatif \u00e0 diverses dispositions cyn\u00e9g\u00e9tiques ;\nVU l'arr\u00eat\u00e9 minist\u00e9riel du 03 avril 2012 modifi\u00e9 pris pour l'application de l'article R. 427-6\ndu Code de l'environnement et fixant la liste, les p\u00e9riodes et les modalit\u00e9s de destruction des\nanimaux d'esp\u00e8ces susceptibles d'\u00eatre class\u00e9es nuisibles par arr\u00eat\u00e9 du pr\u00e9fet ;\nVU les dispositions de la loi n\u00b0 2012-1460 du 27 d\u00e9cembre 2012 relative \u00e0 la mise en\n\u0153uvre du principe de participation du public d\u00e9fini \u00e0 l'article 7 de la charte de l'environnement ;\nVU l'arr\u00eat\u00e9 pr\u00e9fectoral n\u00b0 52-2024-03-00015 du 07 mars 2024 portant d\u00e9l\u00e9gation de\nsignature en mati\u00e8re d'administration g\u00e9n\u00e9rale \u00e0 Monsieur Xavier Logerot, directeur d\u00e9partemental\ndes territoires ;\nVU la consultation par voie d\u00e9mat\u00e9rialis\u00e9e des membres de la commission\nd\u00e9partementale de la chasse et de la faune sauvage dans sa formation sp\u00e9cialis\u00e9e esp\u00e8ces\nsusceptibles d'occasionner des d\u00e9g\u00e2ts, organis\u00e9e du 12 juin au 24 juin 2025, et l'avis rendu par cette\ncommission ;\nVU la consultation du public organis\u00e9e du 10 juin au 30 juin 2025 inclus en application\ndes articles L. 120-1 et L. 123-19 du Code de l'environnement ;\nCONSID\u00c9RANT qu'il n'existe aucune autre solution satisfaisante que le classement de\nces esp\u00e8ces parmi la liste d\u00e9partementale des esp\u00e8ces susceptibles d'occasionner des d\u00e9g\u00e2ts, pour\ndes motifs tir\u00e9s de l'int\u00e9r\u00eat de la sant\u00e9 et de la s\u00e9curit\u00e9 publique, de l'int\u00e9r\u00eat de la s\u00e9curit\u00e9 a\u00e9rienne,\nde la pr\u00e9vention des dommages importants aux cultures, au b\u00e9tail, aux eaux ou de la protection de\nla flore et de la faune ;\n\nCONSID\u00c9RANT que le classement permet d'intervenir localement et ponctuellement\nsans toutefois mettre en p\u00e9ril la survie des esp\u00e8ces ;\nCONSID\u00c9RANT la pr\u00e9sence significative des esp\u00e8ces susceptibles d'occasionner des\nd\u00e9g\u00e2ts dans le d\u00e9partement ;\nCONSID\u00c9RANT les risques de d\u00e9g\u00e2ts en p\u00e9riode sensible (semis de printemps) ;\nCONSID\u00c9RANT que les membres de la commission d\u00e9partementale de la chasse et de la\nfaune sauvage n'ont propos\u00e9 aucune m\u00e9thode alternative ;\nSANGLIER\nCONSID\u00c9RANT que le sanglier est \u00e0 l'origine de d\u00e9g\u00e2ts aux r\u00e9coltes, aux prairies, dans les\nfor\u00eats et les milieux naturels ;\nPIGEON RAMIER\nCONSID\u00c9RANT l'augmentation du nombre de communes concern\u00e9es par les demandes\nd'autorisations de destruction \u00e0 tir ;\nCONSID\u00c9RANT l'augmentation des populations constat\u00e9e dans le d\u00e9partement de la\nHaute-Marne depuis 2016 suite au bilan des pr\u00e9l\u00e8vements ;\nCONSID\u00c9RANT l'\u00e9volution des surfaces de ma\u00efs et de tournesol impact\u00e9es par la\npr\u00e9sence du pigeon ramier ;\nCONSID\u00c9RANT que le pigeon ramier est un granivore et est \u00e0 l'origine de d\u00e9g\u00e2ts\nagricoles localement, notamment sur semis de printemps ;\nCONSID\u00c9RANT que l'\u00e9tat de conservation du pigeon ramier est favorable ;\nCONSID\u00c9RANT qu'il est n\u00e9cessaire d'agir rapidement si sa pr\u00e9sence en grand nombre\nest localis\u00e9e et si des d\u00e9g\u00e2ts agricoles sont av\u00e9r\u00e9s ;\nARR\u00caTE :\nArticle 1 : Liste des animaux susceptibles d'occasionner des d\u00e9g\u00e2ts\nLe pigeon ramier (Columba palumbus) et le sanglier (Sus scrofa) sont class\u00e9s parmi les\nesp\u00e8ces susceptibles d'occasionner des d\u00e9g\u00e2ts dans le d\u00e9partement de la Haute-Marne pour la\np\u00e9riode allant du 1er juillet 2025 au 30 juin 2026.\nArticle 2 : P\u00e9riodes et modalit\u00e9s de destruction\n2-1 - Pigeon ramier\nIl peut \u00eatre d\u00e9truit \u00e0 tir entre la date de cl\u00f4ture sp\u00e9cifique de la chasse de cette esp\u00e8ce et\nle 31 mars 2026. Une prolongation de la p\u00e9riode de destruction \u00e0 tir peut \u00eatre accord\u00e9e jusqu'au 31\njuillet 2026, sur autorisation individuelle et d\u00e8s lors qu'il n'existe aucune autre solution satisfaisante\net que l'un au moins des int\u00e9r\u00eats mentionn\u00e9s \u00e0 l'article R.427-6 est menac\u00e9.\nLa demande d'autorisation devra \u00eatre \u00e9tablie \u00e0 l'aide de l'imprim\u00e9 joint en annexe du\npr\u00e9sent arr\u00eat\u00e9.\nChaque autorisation d\u00e9signera nominativement les tireurs autoris\u00e9s dont le nombre pourra\n\u00eatre limit\u00e9.\nLe tir du pigeon ramier s'effectue \u00e0 poste fixe mat\u00e9rialis\u00e9 de main d'homme.\nLe tir dans les nids est interdit.\n\n2-2 - Sanglier\nLe lacher de sanglier dans le milieu naturel ouvert est interdit.\nArticle 3 : Captures accidentelles\nEn cas de capture accidentelle d'animaux n'appartenant pas \u00e0\nd'occasionner des d\u00e9g\u00e2ts, ces animaux sont imm\u00e9diatement relach\u00e9s.\nune esp\u00e9ce susceptible\nArticle 4 : Pi\u00e9geage\nLe pi\u00e9geage du pigeon ramier et du sanglier est interdit sans pr\u00e9judice de l'application de\nl'article L. 427-1 du Code de l'environnement:\nArticle 5 : Ex\u00e9cution\nLe secr\u00e9taire g\u00e9n\u00e9ral de la pr\u00e9fecture de la Haute-Marne, le directeur d\u00e9partemental des\nterritoires ainsi que toutes autorit\u00e9s habilit\u00e9es \u00e0 constater les infractions au titre de la police de la\nchasse sont charg\u00e9s, chacun en ce qui les concerne, de l'ex\u00e9cution du pr\u00e9sent arr\u00eat\u00e9 qui sera publi\u00e9\nau recueil des actes administratifs de la pr\u00e9fecture de la Haute-Marne et affich\u00e9 dans toutes les\ncommunes par les soins des maires.\nChaumont, le NY  DS\nPour le Pr\u00e9fet et par d\u00e9l\u00e9gation,\nLe Directeur d\u00e9partemental des territoires,\n/\n/\nwv\n|\nXavier Logerot\nLe pr\u00e9sent arr\u00eat\u00e9 peut faire l'objet d'un recours contentieux devant le tribunal administratif de Chdlons-en-\nChampagne, dans le d\u00e9lai de deux mois \u00e0 compter de sa publication. Ce recours peut \u00eatre d\u00e9pos\u00e9 sur le site\nwww.telerecours.fr. Ce d\u00e9lai est prorog\u00e9 si un recours administratif (gracieux ou hi\u00e9rarchique) est introduit dans le\nm\u00eame d\u00e9lai de deux mois \u00e0 compter de sa publication.\n\nANNEXE  TI\n. DEMANDE D'AUTORISATION DE DESTRUCTION .A TIR DES OISEAUX SUSCEPTIBLES D' OCCASIONNER DES DEGATS\nJe soussign\u00e9 (nom, pr\u00e9nom, qualit\u00e9) :\nT\u00e9l\u00e9phone portable :\nCourriel : ........ssseseeseeneunseesmsauaeneavesseseesenegauaneuuaeeneedanaeesecenaseeneasaauennoemaseneearessenenens\nagissant en qualit\u00e9 de (a pr\u00e9ciser) : propri\u00e9taire, fermier, d\u00e9l\u00e9gu\u00e9 du propri\u00e9taire(fournir une copie de la d\u00e9l\u00e9gation)\nsollicite l'autorisation de d\u00e9truire \u00e0 tir dans les conditions suivantes :\nLIEUX DE CULTURES MENACEES*\nESERCES 6) PERIODE DESTRUCTION (pr\u00e9ciser la superficie)\n(*) limit\u00e9es \u00e0 la destruction \u00e0 tir : Corbeau freux, Corneille noire, Pigeon ramier\nJe demande l'autorisation de m'adjoindre pour ces destructions ............ tireur(s) dont les nom,pr\u00e9nom et domicile sont :\nAVIS DU MAIRE DE LA COMMUNE\nLe maire de la commune de .............eccceeeeeeeeeeeeeeeeeeeeneeeenee atteste la qualit\u00e9 du demandeur etla n\u00e9cessit\u00e9 de proc\u00e9der aux op\u00e9rations de destruction.\n\u00c0 mermenmeenennennensenreinnee \u00e9tre  (Signature)\n\u00c0 adresser \u00e0 : Direction D\u00e9partementale des TerritoiresBureau biodiversit\u00e9 for\u00eat chasse82 Rue du Commandant HUGUENYCS 92 08752 903 CHAUMONT Cedex 9\n\nR\u00c9PUBLIQUE FRAN\u00c7AISE\nDIRECTION G\u00c9N\u00c9RALE DES FINANCES PUBLIQUES\nDIRECTION D\u00c9PARTEMENTALE DES FINANCES\nPUBLIQUES DE LA HAUTE-MARNE\n5, Rue de Lorraine - CS 10523 - \n52 011 CHAUMONT CEDEX\nArr\u00eat\u00e9 n\u00b0 \n du \nrelatif au r\u00e9gime d'ouverture au public des services de la Direction d\u00e9partementale des finances\npubliques de la Haute-Marne\nLe Directeur d\u00e9partemental des finances publiques de la Haute-Marne :\nVu  le  d\u00e9cret  n\u00b0  71-69  du  26  janvier  1971  relatif  au  r\u00e9gime  d'ouverture  au  public  des  services\next\u00e9rieurs de l'\u00c9tat ;\nVu le d\u00e9cret n\u00b0 2004-374 du 29 avril 2004 modifi\u00e9 relatif aux pouvoirs des pr\u00e9fets, \u00e0 l'organisation et\n\u00e0 l'action des services de l'\u00c9tat, dans les r\u00e9gions et les d\u00e9partements ;\nVu  le  d\u00e9cret  n\u00b0  2008-310  du  3  avril  2008  modifi\u00e9  relatif  \u00e0  la  Direction  g\u00e9n\u00e9rale  des  finances\npubliques ;\nVu le d\u00e9cret n\u00b0 2009-707 du 16 juin 2009 modifi\u00e9 relatif aux services d\u00e9concentr\u00e9s de la direction\ng\u00e9n\u00e9rale des finances publiques ;\nVu  le  d\u00e9cret  n\u00b0  2021-1550  du  1er d\u00e9cembre  2021  portant  statut  particulier  du  corps  des\nadministrateurs de l'\u00c9tat ;\nVu l'arr\u00eat\u00e9 pr\u00e9fectoral n\u00b052-2023-09-00098 du 18 septembre 2023 portant d\u00e9l\u00e9gation de signature\nau profit de M. Alain SOLARY, Directeur D\u00e9partemental des Finances Publiques de la Haute-Marne,\n\u00e0 l'effet de signer, dans la limite de ses attributions et comp\u00e9tences, les arr\u00eat\u00e9s relatifs aux horaires\nd'ouverture et de fermeture des services d\u00e9concentr\u00e9s de la Direction d\u00e9partementale des finances\npubliques de la Haute-Marne ;\nARR\u00caTE :\nArticle 1er :\nLe service d\u00e9partemental de la publicit\u00e9 fonci\u00e8re et de l'enregistrement de la Haute-Marne sera\nferm\u00e9 \u00e0 titre exceptionnel le jeudi 17 juillet 2025.\nArticle 2 :\nLe pr\u00e9sent arr\u00eat\u00e9 sera publi\u00e9 au recueil des actes administratifs de la Pr\u00e9fecture de la Haute-Marne\net affich\u00e9 dans les locaux du service vis\u00e9 \u00e0 l'article 1er.\nFait \u00e0 Chaumont, le 24 juin 2025\nPar d\u00e9l\u00e9gation de la Pr\u00e9f\u00e8te de la Haute-Marne,\nLe Directeur d\u00e9partemental des finances\npubliques de la Haute-Marne,\n                      Alain SOLARY\n52-2025-06-00253\nDELEGATION DE SIGNATURE EN MATIERE DE CONTENTIEUX\nET DE GRACIEUX FISCAL\nDELEGATION DE SIGNATURE\nSERVICES DE DIRECTION\nL'Administrateur de l'\u00c9tat, Directeur d\u00e9partemental des finances publiques de la HAUTE-MARNE\nVu le Code g\u00e9n\u00e9ral des imp\u00f4ts, et notamment l'article 408 de son annexe Il et les articles 212 \u00e0\n217 de son annexe IV ;\nVu le Livre des proc\u00e9dures fiscales, et notamment les articles L. 247 et R* 247-4 et suivants :\nVu le d\u00e9cret n\u00b0 2008-309 du 3 avril 2008 portant diverses dispositions relatives \u00e0 la Direction\ng\u00e9n\u00e9rale des finances publiques ;\nVu le d\u00e9cret n\u00b0 2009-707 du 16 juin 2009 relatif aux services d\u00e9concentr\u00e9s de la Direction g\u00e9n\u00e9rale\ndes finances publiques ;\nVu le d\u00e9cret du 23 ao\u00fbt 2023 portant nomination de M. Alain SOLARY, Administrateur de l'\u00c9tat, en\nqualit\u00e9 de Directeur d\u00e9partemental des finances publiques de la Haute-Marne ;\nArr\u00eate :\nArticle 1\u00b0\nD\u00e9l\u00e9gation de signature est donn\u00e9e aux agents d\u00e9sign\u00e9s ci-dessous :\nM | Pr\u00e9nom : Grade\nMme GUYOT Isabelle Directrice adjointe\nM. THOUVENIN  Stephane Directeur du P\u00e9le \u00ab Service\naux usagers\n| Directeur du P\u00f4le \u00ab Etat etM. HOTTO Vincent Partenaires \u00bb\n\u00e0 l'effet de signer :\n1\u00b0 en mati\u00e8re de contentieux fiscal d'assiette, les d\u00e9cisions d'admission totale, d'admission partielle\nou de rejet, de d\u00e9gr\u00e8vement ou restitution d'office, dans la limite de 200 000\u20ac ;\n2\u00b0 les d\u00e9cisions prises sur les demandes de d\u00e9gr\u00e8vement de taxe fonci\u00e8re pour pertes de r\u00e9coltes,\nles demandes de plafonnement en fonction de la valeur ajout\u00e9e des cotisations de taxe\nprofessionnelle et de contribution \u00e9conomique territoriale et de remboursement de cr\u00e9dit de taxe\nsur la valeur ajout\u00e9e, sans limitation de montant ; |\n3\u00b0 les d\u00e9cisions prises sur les demandes contentieuses de d\u00e9charge de responsabilit\u00e9 solidaire\nfond\u00e9es sur les dispositions du II de l'article 1691 bis du Code g\u00e9n\u00e9ral des imp\u00f4ts, sans limitation\nde montant ;\n4\u00b0 en mati\u00e8re de gracieux fiscal, les d\u00e9cisions portant remise, mod\u00e9ration, transaction ou rejet,\n\ndans la limite de 200 000 \u20ac ;\n5\u00b0 les d\u00e9cisions prises sur les demandes gracieuses de d\u00e9charge de l'obligation de paiement\nsolidaire fond\u00e9es sur les dispositions de l'article L. 247 du Livre des proc\u00e9dures fiscales, dans la\nlimite de 305 000\u20ac;\n6\u00b0 les d\u00e9cisions prises sur les contestations relatives au recouvrement pr\u00e9vues aux articles L. 281\net L. 283 du Livre des proc\u00e9dures fiscales ;\n7\u00b0 les d\u00e9cisions prises sur les demandes de prorogation de d\u00e9lai pr\u00e9vues \u00e0 l'article 1594-0G du\nCode g\u00e9n\u00e9ral des imp\u00f4ts ;\n8\u00b0 les documents n\u00e9cessaires \u00e0 l'ex\u00e9cution comptable des d\u00e9cisions contentieuses et gracieuses,\nsans limitation de montant ;\n9\u00b0 les requ\u00eates, m\u00e9moires, conclusions ou observations adress\u00e9s aux juridictions administratives\nou judiciaires\nArticle 2\nLe pr\u00e9sent arr\u00eat\u00e9 prend effet le 27 juin 2025 sera publi\u00e9 au recueil des actes administratifs du\nd\u00e9partement de la HAUTE-MARNE.\nFait le 27 juin 2025,\nLe Directeur d\u00e9partemental des finances publiques de la Haute-Marne,\nAdministrateur de l'\u00c9tat,\nAlain  SOLARY\n\nExR\u00c9PUBLIQUEFRAN\u00c7AISE\nLibert\u00e9\u00c9galit\u00e9Fraternit\u00e9\nDIRECTION GENERALE DES FINANCES PUBLIQUES Chaumont, le 27 juin 2025\nDIRECTION DEPARTEMENTALE DES FINANCES PUBLIQUES\nDE LA HAUTE-MARNE\n5 rue de Lorraine52011 Chaumont\nD\u00e9cision de d\u00e9l\u00e9gation de signature\nau Directeur adjointet aux Directeurs des p\u00f4les \u00ab services aux usagers \u00bb et \u00ab \u00c9tat et partenaires \u00bb\nL'Administrateur de {'\u00c9tat,\nDirecteur d\u00e9partemental des finances publiques de la Haute-Marne,\nVu le d\u00e9cret n\u00b062-1587 du 29 d\u00e9cembre 1962 modifi\u00e9 portant r\u00e8glement g\u00e9n\u00e9ral sur la comptabilit\u00e9publique ; .\nVu le d\u00e9cret n\u00b0 2008-309 du 3 avril 2008 portant dispositions transitoires relatives \u00e0 la Direction g\u00e9n\u00e9raledes finances publiques ;\nVu le d\u00e9cret n\u00b02008-3 10 du 3 avril 2008 relatif \u00e0 la Direction g\u00e9n\u00e9rale des finances publiques ;\nVu le d\u00e9cret n\u00b02022-644 du 25 avril 2022 relatif au statut particulier des Administrateurs des finances\npubliques ;\nVu le d\u00e9cret n\u00b02009-707 du 16 juin 2009 relatif aux services d\u00e9concentr\u00e9s de la Direction g\u00e9n\u00e9rale desfinances publiques ;\nVu Parr\u00e9t\u00e9 du 9 juin 2010 portant cr\u00e9ation de la Direction d\u00e9partementale des finances publiques de la\nHaute-Marne ;\nVu le d\u00e9cret du 23 ao\u00fbt 2023 portant nomination de M Alain SOLARY, Administrateur de l'\u00c9tat, enqualit\u00e9 de Directeur d\u00e9partemental des finances publiques de la Haute-Marne ;\nD\u00e9cide :\nArticle 1 ~ D\u00e9l\u00e9gation g\u00e9n\u00e9rale de signature est donn\u00e9e \u00e0 :\n- Mme Isabelle GUYOT, Directrice adjointe et Directrice du p\u00f4le \u00ab Transverse-Domaine \u00bb de la DirectionD\u00e9partementale des finances publiques de la Haute-Marne ;\n- M St\u00e9phane THOUVENIN, Directeur du p\u00f4le \u00ab service aux usagers \u00bb de la Direction d\u00e9partementaledes finances publiques de la Haute-Marne ;\n- M. Vincent HOTTO, Directeur du p\u00f4le \u00ab \u00c9tat et partenaires \u00bb de la Direction d\u00e9partementale desfinances publiques de la Haute-Marne.\n\nCeux-ci re\u00e7oivent mandat de me suppl\u00e9er dans l'exercice de mes fonctions et de signer, seuls, ou\nconcurremment avec moi, tous les actes relatifs \u00e0 ma gestion et aux affaires qui s'y rattachent, en casd'absence ou d'emp\u00eachement de ma part, sans toutefois que cet emp\u00eachement puisse \u00eatre invoqu\u00e9 par les\ntiers ou oppos\u00e9 \u00e0 eux.\nIls sont autoris\u00e9s \u00e0 agir en justice et effectuer des d\u00e9clarations de cr\u00e9ances.\nArticle 2 \u2014 La pr\u00e9sente d\u00e9cision prend effet le 27 juin 2025. Elle sera publi\u00e9e au recueil des actesadministratif du d\u00e9partement.\nLe Directeur d\u00e9partemental des finances publiques de la Haute-Marne,\nEs  |\nAlain SOLARY","date":"2025-07-02","first_seen_on":"2025-07-02T16:19:08+00:00","id":"e5d42d532bdbbfe54cb9f95036ca10ab96a5e0e5850c0ccce48187ae2785fa54","name":"RAA n\u00b050 du 01-07-25","pdf_creation_date":null,"pdf_modification_date":"2025-07-02T14:22:15+00:00","timezone":"Europe/Paris","url":"https://www.haute-marne.gouv.fr/contenu/telechargement/27357/210284/file/RAA%20n%C2%B050%20du%2001-07-25.pdf"}
