{"administration":"pref30","administration_name":"Pr\u00e9fecture du Gard","content":"PR\u00c9FET\nDU GARD\nRECUEIL DES ACTES\nADMINISTRATIFS SP\u00c9CIAL\nN\u00b030-2025-074\nPUBLI\u00c9 LE  5 MAI 2025\nSommaire\nPrefecture du Gard / SAPSI\n30-2025-05-05-00005 - Arr\u00eat\u00e9 N\u00b030-2025-05-05-00005\nportant\ninterdiction des rassemblements festifs \u00e0 caract\u00e8re musical et\ninterdiction de circulation des poids lourds transportant du mat\u00e9riel de\nsons \u00e0 destination d'un rassemblement festif \u00e0 caract\u00e8re musical\nnon autoris\u00e9 dans le d\u00e9partement du Gard du mercredi 7 au lundi 12\nmai 2025. (4 pages) Page 3\n2\nPrefecture du Gard\n30-2025-05-05-00005\nArr\u00eat\u00e9 N\u00b030-2025-05-05-00005\nportant interdiction des rassemblements festifs \u00e0\ncaract\u00e8re musical et interdiction de circulation\ndes poids lourds transportant du mat\u00e9riel de\nsons \u00e0 destination d'un rassemblement festif \u00e0\ncaract\u00e8re musical non autoris\u00e9 dans le\nd\u00e9partement du Gard du mercredi 7 au lundi 12\nmai 2025.\nPrefecture du Gard - 30-2025-05-05-00005 - Arr\u00eat\u00e9 N\u00b030-2025-05-05-00005\nportant interdiction des rassemblements festifs \u00e0 caract\u00e8re musical et interdiction de circulation des poids lourds transportant du\nmat\u00e9riel de sons \u00e0 destination d'un rassemblement festif \u00e0 caract\u00e8re musical non autoris\u00e9 dans le d\u00e9partement du Gard du mercredi\n7 au lundi 12 mai 2025.\n3\nCabinetE 3 Direction des s\u00e9curit\u00e9sPREFET Service d'animation des politiques de s\u00e9curit\u00e9 int\u00e9rieureDU GARDLibert\u00e9Egalit\u00e9Fraternit\u00e9\nNimes le, 0 5 MAI 2025Arr\u00eat\u00e9 N\u00b030-2025-05- OS \u2014 O00Sportant interdiction des rassemblements festifs \u00e0 caract\u00e8re musical et interdiction decirculation des poids lourds transportant du mat\u00e9riel de sons \u00e0 destination d'unrassemblement festif \u00e0 caract\u00e8re musical non autoris\u00e9 dans le d\u00e9partement du Gard du\nVu\nVuVuVuVuVu\nVu\nVu\nVu\nVu\nVu\nmercredi 7 au lundi 12 mai 2025| Le Pr\u00e9fet,Chevalier de la L\u00e9gion d'Honneur,Chevalier de l'Ordre national du M\u00e9rite,le Code de la s\u00e9curit\u00e9 int\u00e9rieure, notamment ses articles L.211-1, L.211-5 et suivants,L.211-15, R.211-2 et suivants et R.211-27 et suivants ;le Code de la route ;le Code de la voirie routi\u00e8re ; \u2014le Code g\u00e9n\u00e9ral de collectivit\u00e9s territoriales, notamment son article L.2215-1 :'le Code p\u00e9nal, notamment son article 431-9 ;le d\u00e9cret n\u00b02004-374 du 29 avril 2004 modifi\u00e9 relatif aux pouvoirs des pr\u00e9fets al'organisation et \u00e0 l'action des services de l'\u00c9tat dans les r\u00e9gions et les d\u00e9partements ;le d\u00e9cret du Pr\u00e9sident de la r\u00e9publique du 13 juillet 2023, nommant MonsieurJ\u00e9r\u00f4me BONET, pr\u00e9fet du Gard.l'arr\u00eat\u00e9 pr\u00e9fectoral n\u00b030-2024-10-18-00007 du 18 octobre 2024 donnant d\u00e9l\u00e9gation designature \u00e0 Monsieur Emile SOUMBO, sous-pr\u00e9fet de l'arrondissement d'Al\u00e8s ;l'arr\u00eat\u00e9 pr\u00e9fectoral n\u00b030-2024-10-18-00008 du 18 octobre 2024 donnant d\u00e9l\u00e9gation designature \u00e0 Madame Anne LEVASSEUR, sous-pr\u00e9f\u00e8te de l'arrondissement du Vigan ;l'arr\u00eat\u00e9 pr\u00e9fectoral n\u00b030-2024-10-18-00009 du 18 octobre 2024 donnant d\u00e9l\u00e9gation designature \u00e0 Madame Marie-Charlotte EUVRARD, sous-pr\u00e9f\u00e8te, directrice de cabinet dupr\u00e9fet du Gard; |l'arr\u00eat\u00e9 pr\u00e9fectoral n\u00b030-2024-10-18-00005 du 18 octobre 2024 donnant d\u00e9l\u00e9gation designature \u00e0 Monsieur Yann GERARD, secr\u00e9taire g\u00e9n\u00e9ral de la pr\u00e9fecture du Gard, sous-pr\u00e9fet de N\u00eemes ; |\nPrefecture du Gard - 30-2025-05-05-00005 - Arr\u00eat\u00e9 N\u00b030-2025-05-05-00005\nportant interdiction des rassemblements festifs \u00e0 caract\u00e8re musical et interdiction de circulation des poids lourds transportant du\nmat\u00e9riel de sons \u00e0 destination d'un rassemblement festif \u00e0 caract\u00e8re musical non autoris\u00e9 dans le d\u00e9partement du Gard du mercredi\n7 au lundi 12 mai 2025.\n4\nVu\nVu\nVu\nVu\nVu\nl'arr\u00eat\u00e9 pr\u00e9fectoral n\u00b030-2024-10-18-00006 du 18 octobre 2024 donnant d\u00e9l\u00e9gation designature \u00e0 Monsieur Mathias NIEPS, sous-pr\u00e9fet, charg\u00e9 de mission aupr\u00e8s du pr\u00e9fetdu Gard, secr\u00e9taire g\u00e9n\u00e9ral adjoint de la pr\u00e9fecture du Gard, ;l'arr\u00eat\u00e9 minist\u00e9riel du 16 avril 2021 relatif \u00e0 |' mkerdietion de circulation des V\u00c9ARGAIESde transports de marchandises \u00e0 certaines p\u00e9riodes ;l'arr\u00eat\u00e9 pr\u00e9fectoral du 31 ao\u00fbt 2012 relatif \u00e0 l'emploi du feu dans le d\u00e9partement duGard 'l'arr\u00eat\u00e9 pr\u00e9fectoral du 8 janvier 2013 relatif au d\u00e9broussaillement r\u00e9glementairedestin\u00e9 \u00e0 diminuer l'intensit\u00e9 des incendies de for\u00eat et a en limiter la propagationdans le d\u00e9partement du Gard ;l'instruction minist\u00e9rielle du 16 juillet 2021 relative aux mesures \u00e0 mettre en \u0153uvredans le cas de rassemblement festifs de jeunes de type festivals (tout type demusique) ou de rassemblements festifs de type free party et rave-party ;\nConsid\u00e9rant que selon les \u00e9l\u00e9ments d'informations disponibles, notamment lesinformations recueillies aupr\u00e8s des services de la Gendarmerie Nationaledu Gard et de renseignements, et les annonces sur les r\u00e9seaux sociaux, desrassemblements festifs \u00e0 caract\u00e8re musical de type rave-party sontsusceptibles de regrouper plusieurs milliers de participants, sont \u00e0 pr\u00e9voirdans le d\u00e9partement du Gard pendant la p\u00e9riode printani\u00e8re ;Consid\u00e9rant que plusieurs rassemblements festifs \u00e0 caract\u00e8re musical de type rave-party; teknival, multi-sons, se sont d\u00e9roul\u00e9s partout sur le territoirenational et que, notamment dans le d\u00e9partement du Gard, 4rassemblements ont \u00e9t\u00e9 recens\u00e9s en 2023 et 1 en 2024 ;Consid\u00e9rant qu'un rassemblement musical ill\u00e9gal s'est tenu dans le d\u00e9partement voisinde l'Aveyron du 12 au 16 avril 2024 r\u00e9unissant 3000 festivaliers, le risquequ'un tel \u00e9v\u00e9nement se produise dans le d\u00e9partement du Gard est parcons\u00e9quent av\u00e9r\u00e9 ;Consid\u00e9rant qu'un rassemblement musical ill\u00e9gal s'est tenu dans le d\u00e9partement duGard du 19 au 22 avril 2025 r\u00e9unissant 3000 festivaliers, le risque qu'un tel\u00e9v\u00e9nement se reproduise sur le d\u00e9partement du Gard est par cons\u00e9quentav\u00e9r\u00e9 ;Consid\u00e9rant que des effectifs des forces de l'ordre ont \u00e9t\u00e9 pris \u00e0 partie et bless\u00e9s lorsde la prise de contact avec les organisateurs du rassemblement ill\u00e9gal du19 au 22 avril 2025 ;Consid\u00e9rant que sur les dates concern\u00e9es par l'\u00e9v\u00e9nement projet\u00e9, les forces de l'ordreet les services de secours seront particuli\u00e8rement mobilis\u00e9s sur des\u00e9v\u00e9nements concomitants, notamment les c\u00e9r\u00e9monies comm\u00e9morativesde la victoire du 8 mai 1945, le festival de la BD du 9 au 11 mai inclus \u00e0Nimes, le festival Uz\u00e8s seul en sc\u00e8ne du 7 au 11 mai inclus \u00e0 Uz\u00e8s, le 11\u00b0\"\u00b0trail des Avens \u00e0 M\u00e9jannes-le-Clap les 10 et 11 mai, les f\u00eates traditionnellessur l'ensemble du d\u00e9partement du Gard du 8 au 12 mai inclus ;\nPrefecture du Gard - 30-2025-05-05-00005 - Arr\u00eat\u00e9 N\u00b030-2025-05-05-00005\nportant interdiction des rassemblements festifs \u00e0 caract\u00e8re musical et interdiction de circulation des poids lourds transportant du\nmat\u00e9riel de sons \u00e0 destination d'un rassemblement festif \u00e0 caract\u00e8re musical non autoris\u00e9 dans le d\u00e9partement du Gard du mercredi\n7 au lundi 12 mai 2025.\n5\nConsid\u00e9rant\nConsid\u00e9rant\nConsid\u00e9rant\nConsid\u00e9rant\nConsid\u00e9rant\nConsid\u00e9rant\nConsid\u00e9rant\nConsid\u00e9rant\nConsid\u00e9rant\nConsid\u00e9rant\nqu'\u00e0 ce jour aucune manifestation de ce type n'a ait l'objet d'uned\u00e9claration pr\u00e9alable en pr\u00e9fecture du Gard, telle que pr\u00e9vue par l'articleL.211-5 et suivants du Code de la s\u00e9curit\u00e9 int\u00e9rieure, et qu'a d\u00e9faut d'unetelle d\u00e9claration, l'organisation d'une manifestation non d\u00e9clar\u00e9e est und\u00e9lit pr\u00e9vu par l'article 431-9 alin\u00e9a 1 du Code p\u00e9nal;que l'absence d'un tel formalisme, en plus de pas \u00eatre conforme auxdispositions pr\u00e9cit\u00e9es, ne permet pas \u00e0 Monsieur le pr\u00e9fet du Gard et \u00e0 sesservices de conna\u00eetre le niveau de s\u00e9curit\u00e9 du rassemblement projet\u00e9, niles mesures envisag\u00e9es par l'organisateur pour garantie la s\u00e9curit\u00e9, lasalubrit\u00e9, l'hygi\u00e8ne et la tranquillit\u00e9 publique ainsi que le respect du droitde propri\u00e9t\u00e9 pour le ou les terrains occup\u00e9s ;qu'en l'absence de toute prise de contact pr\u00e9alable des organisateurs avecles services pr\u00e9fectoraux ou les collectivit\u00e9s territoriales concern\u00e9es, la.mission d'accompagnement des organisateurs du rassemblement projet\u00e9,conduite par les services de l'\u00c9tat et pr\u00e9vue par instruction du 16 juillet2021, n'a pu \u00eatre mise en \u0153uvre ;les risques de troubles graves \u00e0 l'ordre public, \u00e0 la s\u00fbret\u00e9, \u00e0 la s\u00e9curit\u00e9 et \u00e0la salubrit\u00e9 publique que pr\u00e9senterait le d\u00e9roulement d'un rassemblementd\u00e9pourvu d'un service d'ordre et d'un dispositif sanitaire, et auquelpourraient participer plusieurs milliers de personnes dans un lieu nonam\u00e9nag\u00e9 pour recevoir ce type de rassemblement et n'a fait l'objetd'aucune organisation pr\u00e9alable coordonn\u00e9e ;la n\u00e9cessit\u00e9 de pr\u00e9venir les risque de troubles \u00e0 l'ordre public et que lesmoyens appropri\u00e9s de lutte contre l'incendie et de secours aux personnes,ainsi qu'en mati\u00e8re de s\u00e9curit\u00e9 sanitaire et routi\u00e8re ne sont pas r\u00e9unis dansle cadre du rassemblement projet\u00e9 ;que le regroupement de plus de 500 personnes dans des rassemblementsnon d\u00e9clar\u00e9s repr\u00e9sente un risque grave pour la s\u00e9curit\u00e9 des participantset qu'il y a lieu de prendre toutes les mesures n\u00e9cessaires ;que dans ces circonstances, de tels rassemblements sont de nature \u00e0provoquer des troubles s\u00e9rieux \u00e0 l'ordre public et \u00e0 la tranquillit\u00e9 publiqueet qu'il y a lieu de prendre toutes les mesures n\u00e9cessaires ;que persistent des tensions en particulier dans le cadre de conflitisra\u00e9lo-palestinien, que le plan VIGIPIRATE est rehauss\u00e9 depuis le 24 mars2024 au niveau \u00ab Urgence attentat \u00bb ; que par cons\u00e9quent les forces des\u00e9curit\u00e9 sont fortement mobilis\u00e9es ; |que les forces de s\u00e9curit\u00e9 ainsi que les moyens de secours ne pourrontfaire face en termes de moyens, \u00e0 de telles manifestations, susceptibles des'installer sans autorisation pr\u00e9alable en divers points du d\u00e9partement ;l'urgence \u00e0 pr\u00e9venir ces atteintes et \u00e0 assurer la s\u00e9curit\u00e9 des personnes etdes biens ;.\nSur proposition de Madame la directrice de cabinet du pr\u00e9fet de Gard:\nPrefecture du Gard - 30-2025-05-05-00005 - Arr\u00eat\u00e9 N\u00b030-2025-05-05-00005\nportant interdiction des rassemblements festifs \u00e0 caract\u00e8re musical et interdiction de circulation des poids lourds transportant du\nmat\u00e9riel de sons \u00e0 destination d'un rassemblement festif \u00e0 caract\u00e8re musical non autoris\u00e9 dans le d\u00e9partement du Gard du mercredi\n7 au lundi 12 mai 2025.\n6\nARRETEArticle 1- Tout rassemblement de type \u00abrave-party\u00bb, \u00abfree-party\u00bb et \u00abteknival \u00bbr\u00e9pondant aux conditions de l'article L211-5 du Code de la s\u00e9curit\u00e9 int\u00e9rieur etqui n'aurait pas fait l'objet d'une d\u00e9claration est interdite dans tout led\u00e9partement du Gard du mercredi 7 mai \u00e0 16h00 au lundi 12 mai 2025 \u00e0 14h00.Article 2-La circulation des v\u00e9hicules terrestres \u00e0 moteur transportant du mat\u00e9riel desonorisation (ordinateurs, platines, contr\u00f4leurs, amplificateurs, enceinte,c\u00e2blages) susceptible d'\u00eatre utilis\u00e9 pour un rassemblement festif non autoris\u00e9 estinterdite durant la m\u00eame p\u00e9riode.Article 3 - Toute infraction au pr\u00e9sent arr\u00eat\u00e9 est passible de sanctions pr\u00e9vues par le Codep\u00e9nal et par les dispositions des articles L.211-15, R.211-30 du Code de la s\u00e9curit\u00e9int\u00e9rieure et peut donner lieu notamment \u00e0 la saisie du mat\u00e9riel en vue de saconfiscation par le tribunal.Article 4-Le pr\u00e9sent arr\u00eat\u00e9 pr\u00e9fectoral entre en vigueur \u00e0 compter de sa publication aurecueil des actes administratifs de la pr\u00e9fecture du Gard. |Article 5 - Le pr\u00e9sent arr\u00eat\u00e9 peut faire l'objet d'un recours administratif aupr\u00e8s de Monsieurle pr\u00e9fet du Gard (Pr\u00e9fecture du Gard 30045 N\u00eemes Cedex 9), d'un recourshi\u00e9rarchique adress\u00e9 \u00e0 Monsieur le ministre de l'Int\u00e9rieur - place Beauvau 75 008Paris) ou d'un recours contentieux devant le tribunal administratif de N\u00eemes,dans un d\u00e9lai de deux mis suivant sa publication. Le tribunal administratif peutaussi \u00eatre saisi par l'application informatique \u00abTelerecours Citoyens\u00bb accessiblepar le site internet www.telerecours.frArticle 6 -Madame la directrice de cabinet du pr\u00e9fet du Gard, Madame la sous-pr\u00e9f\u00e9te del'arrondissement du Vigan, Monsieur le Sous-pr\u00e9fet de l'arrondissement d'Al\u00e9s,Monsieur le secr\u00e9taire g\u00e9n\u00e9ral de la pr\u00e9fecture du Gard, Monsieur le secr\u00e9taireg\u00e9n\u00e9ral adjoint de la pr\u00e9fecture du Gard, Monsieur le Colonel, commandant legroupement de gendarmerie d\u00e9partementale du Gard, Monsieur le directeurinterd\u00e9partemental de la police nationale du Gard, Monsieur le directeurinterd\u00e9partemental de la police nationale du Vaucluse, Monsieur le directeurinterd\u00e9partemental de la police nationale des Bouches du Rh\u00f4ne sont charg\u00e9s,chacun en ce qui les concerne, de l'ex\u00e9cution de pr\u00e9sent arr\u00eat\u00e9.\nMarie-Charlotie EUVRARD\nPrefecture du Gard - 30-2025-05-05-00005 - Arr\u00eat\u00e9 N\u00b030-2025-05-05-00005\nportant interdiction des rassemblements festifs \u00e0 caract\u00e8re musical et interdiction de circulation des poids lourds transportant du\nmat\u00e9riel de sons \u00e0 destination d'un rassemblement festif \u00e0 caract\u00e8re musical non autoris\u00e9 dans le d\u00e9partement du Gard du mercredi\n7 au lundi 12 mai 2025.\n7","date":"2025-05-07","first_seen_on":"2025-05-07T16:18:42+00:00","id":"e60d635f4aa5eea76251ad6c184fcb4b04de24e07b5a40e9f8f0bd01d857f7a0","name":"recueil-30-2025-074-recueil-des-actes-administratifs-special","pdf_creation_date":"2025-05-05T15:28:48+00:00","pdf_modification_date":null,"timezone":"Europe/Paris","url":"https://www.gard.gouv.fr/contenu/telechargement/63088/466751/file/recueil-30-2025-074-recueil-des-actes-administratifs-special.pdf"}
