{"administration":"pref69","administration_name":"Pr\u00e9fecture du Rh\u00f4ne","content":"PR\u00c9F\u00c8TE\nDU RH\u00d4NE\nRECUEIL DES ACTES\nADMINISTRATIFS SP\u00c9CIAL\nN\u00b069-2026-014\nPUBLI\u00c9 LE 14 JANVIER 2026\nSommaire\n69_DDT_Direction d\u00e9partementale des territoires du Rh\u00f4ne /\n69-2026-01-14-00002 - Arr\u00eat\u00e9 pr\u00e9fectoral n\u00b0 DDT-SENR - 2025\n- A 176 du 12 d\u00e9cembre 2025\nportant application du r\u00e9gime\nforestier \u00e0 des parcelles de terrain situ\u00e9es sur la commune de\nChiroubles\ndans le p\u00e9rim\u00e8tre de la for\u00eat d\u00e9partementale\nd'Avenas (2 pages) Page 3\n69_Pr\u00e9f_Pr\u00e9fecture du Rh\u00f4ne / Direction de la s\u00e9curit\u00e9 et de la\nprotection civile\n69-2026-01-08-00007 - AP du 8 janvier 2026 portant autorisation\nexploitation syst\u00e8me vid\u00e9oprotection - LAGARDERE TRAVEL RETAIL\nFRANCE (373258 Lyon Saint Exup\u00e9ry T1B ZP) - Colombier-Saugnieu  (2\npages) Page 6\n69_Pr\u00e9f_Pr\u00e9fecture du Rh\u00f4ne / Direction des affaires juridiques et de\nl'administration locale\n69-2026-01-13-00004 - Arr\u00eat\u00e9 pr\u00e9fectoral du 13 janvier 2026\nd\u00e9clarant d'utilit\u00e9 publique le projet de cr\u00e9ation du parc public\nde Beaunant, pr\u00e9sent\u00e9 par la ville de Sainte-Foy-l\u00e8s-Lyon, sur le\nterritoire de sa commune. (3 pages) Page 9\n69_Pr\u00e9f_Pr\u00e9fecture du Rh\u00f4ne / Pr\u00e9fet d\u00e9l\u00e9gu\u00e9 pour la\nd\u00e9fense et la s\u00e9curit\u00e9\n69-2026-01-14-00001 - AP Autorisation de captation d'images manifestation\nagriculteurs 15 01 26 (3 pages) Page 13\n2\n69_DDT_Direction d\u00e9partementale des\nterritoires du Rh\u00f4ne\n69-2026-01-14-00002\nArr\u00eat\u00e9 pr\u00e9fectoral n\u00b0 DDT-SENR - 2025 - A 176 du\n12 d\u00e9cembre 2025\nportant application du r\u00e9gime forestier \u00e0 des\nparcelles de terrain situ\u00e9es sur la commune de\nChiroubles\ndans le p\u00e9rim\u00e8tre de la for\u00eat d\u00e9partementale\nd'Avenas\n69_DDT_Direction d\u00e9partementale des territoires du Rh\u00f4ne - 69-2026-01-14-00002 - Arr\u00eat\u00e9 pr\u00e9fectoral n\u00b0 DDT-SENR - 2025 - A 176 du\n12 d\u00e9cembre 2025\nportant application du r\u00e9gime forestier \u00e0 des parcelles de terrain situ\u00e9es sur la commune de Chiroubles\ndans le p\u00e9rim\u00e8tre de la for\u00eat d\u00e9partementale d'Avenas\n3\nesPREFETEDU RHONELibert\u00e9Egalit\u00e9Fraternit\u00e9\nDirection d\u00e9partementale\ndes territoires\nArr\u00eat\u00e9 pr\u00e9fectoral n\u00b0 DDT\u2013SENR \u2013 2025 \u2013 A 176 du 12 d\u00e9cembre 2025\nportant application du r\u00e9gime forestier \u00e0 des parcelles de terrain situ\u00e9es sur la commune de Chiroubles\ndans le p\u00e9rim\u00e8tre de la for\u00eat d\u00e9partementale d'Avenas\nLa Pr\u00e9f\u00e8te de la R\u00e9gion Auvergne-Rh\u00f4ne-Alpes,\nPr\u00e9f\u00e8te de la Zone de d\u00e9fense et de s\u00e9curit\u00e9 sud-est,\nPr\u00e9f\u00e8te du Rh\u00f4ne,\nCommandeur de la L\u00e9gion d'Honneur,\nCommandeur de l'Ordre National du M\u00e9rite,\nVU les articles L. 211-1, L. 214-3, R. 214-1 \u00e0 R. 214-2 et R. 214-6 \u00e0 R. 214-9 du code forestier,\nVU l'arr\u00eat\u00e9 pr\u00e9fectoral n\u00b0 69-2025-09-008-00008 du 8 septembre 2025 portant d\u00e9l\u00e9gation de signature  \n\u00e0 Monsieur Xavier CEREZA, directeur d\u00e9partemental des territoires du Rh\u00f4ne,\nVU la d\u00e9lib\u00e9ration du conseil conseil d\u00e9partemental du Rh\u00f4ne en date du 16 mai 2023 par laquelle la  \ncollectivit\u00e9 demande l'application du r\u00e9gime forestier \u00e0 une parcelle de terrain,\nVU le proc\u00e8s-verbal de reconnaissance pr\u00e9alable \u00e0 la demande d'application du r\u00e9gime forestier \u00e9tabli  \npar l'Office national des for\u00eats du 10 juin 2025,\nVU le rapport de pr\u00e9sentation \u00e9tabli par l'Office national des for\u00eats du 3 juin 2025,\nVU l'avis de Monsieur le directeur de l'agence territoriale Ain-Loire-Rh\u00f4ne de l'Office national des for\u00eats \ndu 23 juin 2025,\nVU le rapport d'instruction de la DDT concluant \u00e0 l'application du r\u00e9gime forestier,\nCONSID\u00c9RANT la n\u00e9cessit\u00e9 pour le conseil d\u00e9partemental du Rh\u00f4ne d'appliquer le r\u00e9gime forestier  \npour les parcelles dont elle est propri\u00e9taire,\nSur proposition du Chef de service eau, nature et risques,\n69_DDT_Direction d\u00e9partementale des territoires du Rh\u00f4ne - 69-2026-01-14-00002 - Arr\u00eat\u00e9 pr\u00e9fectoral n\u00b0 DDT-SENR - 2025 - A 176 du\n12 d\u00e9cembre 2025\nportant application du r\u00e9gime forestier \u00e0 des parcelles de terrain situ\u00e9es sur la commune de Chiroubles\ndans le p\u00e9rim\u00e8tre de la for\u00eat d\u00e9partementale d'Avenas\n4\nARR\u00caTE\nArticle  \u00a0  1  \u00a0: Surfaces.\nRel\u00e8vent du r\u00e9gime forestier les parcelles r\u00e9f\u00e9renc\u00e9es dans le tableau ci-dessous\u00a0:\nPropri\u00e9taire\u00a0: conseil d\u00e9partemental du Rh\u00f4ne\nTerritoire \ncommunal\nSection Num\u00e9ro \nCadastral\n\u00a0Lieu-dit Contenance\nha \n\u00a0Surface soumise \nau RF (ha)\nChiroubles A 503 Les Bois de Chiroubles 0,7890 0,7890\nTOTAL \u00a0\n- Surface de la for\u00eat d\u00e9partementale d'Avenas relevant du r\u00e9gime forestier        : 323 ha 97 a 87 ca\n- Application du pr\u00e9sent arr\u00eat\u00e9 pour une surface de       :      0 ha 78 a 90 ca\n- Nouvelle surface de la for\u00eat d\u00e9partementale d'Avenas relevant du r\u00e9gime forestier  :  324 ha 76 a 77 ca \nArticle  \u00a0  2  \u00a0: Publicit\u00e9.\nLe pr\u00e9sent arr\u00eat\u00e9 fera l'objet des mesures de publicit\u00e9 prescrites par les lois et r\u00e8glements. Il sera  \naffich\u00e9 en mairie de Chiroubles et publi\u00e9 au recueil des actes administratifs de la Pr\u00e9fecture du Rh\u00f4ne.\nArticle 3\u00a0: D\u00e9lais et voies de recours\nConform\u00e9ment \u00e0 l'article R.421-1 du code de justice administrative, la pr\u00e9sente d\u00e9cision peut faire  \nl'objet d'un recours contentieux, dans le d\u00e9lai de deux mois \u00e0 compter de sa notification, devant le  \ntribunal  administratif  de  Lyon  (184,  rue  Duguesclin  \u2013 69\u00a0433  Lyon  Cedex  03,  ou  sur  l'application \nwww.telerecours.fr).  Elle  peut  \u00e9galement  faire  l'objet  d'un  recours  gracieux  aupr\u00e8s  de  Madame  la \nPr\u00e9f\u00e8te du Rh\u00f4ne. Cette d\u00e9marche interrompt le d\u00e9lai de recours contentieux, ce dernier devant \u00eatre  \nintroduit  dans  le  d\u00e9lai  de  deux  mois  suivant  une  d\u00e9cision  implicite  ou  explicite  de  l'autorit\u00e9 \ncomp\u00e9tente (le silence de l'administration pendant un d\u00e9lai de deux mois valant d\u00e9cision implicite de  \nrejet).\nArticle  \u00a0  4  \u00a0: Application.\nLe Pr\u00e9fet, Secr\u00e9taire g\u00e9n\u00e9ral de la pr\u00e9fecture du Rh\u00f4ne, pr\u00e9fet d\u00e9l\u00e9gu\u00e9 pour l'\u00e9galit\u00e9 des chances, le  \nPr\u00e9sident du conseil d\u00e9partemental du Rh\u00f4ne, l e Maire de la commune de  Chiroubles sont charg\u00e9s,  \nchacun en ce qui le concerne, de l'ex\u00e9cution du pr\u00e9sent arr\u00eat\u00e9 qui sera notifi\u00e9 \u00e0 Monsieur le Pr\u00e9sident  \nde du conseil d\u00e9partemental du Rh\u00f4ne.\nPour la Pr\u00e9f\u00e8te et par d\u00e9l\u00e9gation,\nle directeur d\u00e9partemental des territoires\nsign\u00e9\nXavierCereza\n69_DDT_Direction d\u00e9partementale des territoires du Rh\u00f4ne - 69-2026-01-14-00002 - Arr\u00eat\u00e9 pr\u00e9fectoral n\u00b0 DDT-SENR - 2025 - A 176 du\n12 d\u00e9cembre 2025\nportant application du r\u00e9gime forestier \u00e0 des parcelles de terrain situ\u00e9es sur la commune de Chiroubles\ndans le p\u00e9rim\u00e8tre de la for\u00eat d\u00e9partementale d'Avenas\n5\n69_Pr\u00e9f_Pr\u00e9fecture du Rh\u00f4ne\n69-2026-01-08-00007\nAP du 8 janvier 2026 portant autorisation\nexploitation syst\u00e8me vid\u00e9oprotection -\nLAGARDERE TRAVEL RETAIL FRANCE (373258\nLyon Saint Exup\u00e9ry T1B ZP) - Colombier-Saugnieu\n69_Pr\u00e9f_Pr\u00e9fecture du Rh\u00f4ne - 69-2026-01-08-00007 - AP du 8 janvier 2026 portant autorisation exploitation syst\u00e8me vid\u00e9oprotection\n- LAGARDERE TRAVEL RETAIL FRANCE (373258 Lyon Saint Exup\u00e9ry T1B ZP) - Colombier-Saugnieu 6\nEPR\u00c9F\u00c8TEDU RH\u00d4NELibert\u00e9Egalit\u00e9Fraternit\u00e9\nPr\u00e9fecture\nDirection de la s\u00e9curit\u00e9 et de la protection civile\nBureau des polices administratives\nDossier 20240254\nArr\u00eat\u00e9 portant autorisation d'exploitation d'un syst\u00e8me de vid\u00e9oprotection\nLa Pr\u00e9f\u00e8te du Rh\u00f4ne\nCommandeur de la L\u00e9gion d'Honneur\nCommandeur de l'ordre national du M\u00e9rite\nVU le code de s\u00e9curit\u00e9 int\u00e9rieure et notamment ses articles L.223-1 \u00e0 L.223-9, L.251-1 \u00e0 L.255-1, ainsi que ses articles  \nR.251-7 et suivants; \nVU l'arr\u00eat\u00e9 minist\u00e9riel du 3 ao\u00fbt 2007 portant d\u00e9finition des normes techniques des syst\u00e8mes de vid\u00e9osurveillance;\nVU le d\u00e9cret en Conseil des Ministres du 11 janvier 2023 portant nomination de Madame Fabienne BUCCIO, pr\u00e9f\u00e8te de  \nla r\u00e9gion Auvergne-Rh\u00f4ne-Alpes, pr\u00e9f\u00e8te de la zone de d\u00e9fense et de s\u00e9curit\u00e9 Sud-Est, pr\u00e9f\u00e8te du Rh\u00f4ne (hors classe)  ;\nVU le d\u00e9cret du 6 novembre 2024 portant nomination de Monsieur Antoine GUERIN, pr\u00e9fet d\u00e9l\u00e9gu\u00e9 pour la d\u00e9fense et la  \ns\u00e9curit\u00e9 aupr\u00e8s de la pr\u00e9f\u00e8te de la r\u00e9gion Auvergne-Rh\u00f4ne-Alpes, pr\u00e9f\u00e8te de la zone de d\u00e9fense et de s\u00e9curit\u00e9 Sud-Est,  \npr\u00e9f\u00e8te du Rh\u00f4ne ;\nVU l'arr\u00eat\u00e9  pr\u00e9fectoral  n\u00b069-2025-10-13-00011  du  13  octobre  2025  portant  d\u00e9l\u00e9gation  de  signature  \u00e0  M  Antoine \nGUERIN, pr\u00e9fet d\u00e9l\u00e9gu\u00e9 pour la d\u00e9fense et la s\u00e9curit\u00e9 aupr\u00e8s de pr\u00e9f\u00e8te de la r\u00e9gion Auvergne-Rh\u00f4ne-Alpes, pr\u00e9f\u00e8te de la \nzone de d\u00e9fense et de s\u00e9curit\u00e9 Sud-Est, pr\u00e9f\u00e8te du Rh\u00f4ne ;\nVU la demande pr\u00e9sent\u00e9e par la directrice juridique de la soci\u00e9t\u00e9 LAGARDERE TRA VEL RETAIL FRANCE (373258  \nLyon Saint Exup\u00e9ry T1B ZP) en vue d'obtenir l'autorisation de fonctionnement d'un syst\u00e8me de vid\u00e9oprotection;\nConsid\u00e9rant l'avis favorable \u00e9mis par la Commission d\u00e9partementale de vid\u00e9oprotection le 26/09/2025;\nConsid\u00e9rant que le syst\u00e8me de vid\u00e9oprotection est conforme \u00e0 la r\u00e9glementation ;\nSur proposition de Monsieur le Directeur de la S\u00e9curit\u00e9 et de la Protection Civile.\nARR\u00caTE\nArticle 1er : Le fonctionnement du syst\u00e8me de vid\u00e9oprotection, situ\u00e9 dans l'a\u00e9roport Saint Exup\u00e9ry T1B ZP Relay Daily  \nMonop \u00e0 Colombier-Saugnieu  (69125) qui fait l'objet de la demande pr\u00e9sent\u00e9e par la directrice juridique de la soci\u00e9t\u00e9  \nLAGARDERE  TRA VEL RETAIL FRANCE  est  autoris\u00e9  pour  10  cam\u00e9ras  int\u00e9rieures  sous  r\u00e9serve  des  obligations \nsuivantes : \n- le d\u00e9lai de conservation des images est limit\u00e9 \u00e0 30 jours ;\n- le traitement des images \u00e0 l'\u00e9tranger est formellement interdit ;\n- le titulaire de l'autorisation doit tenir un registre mentionnant les enregistrements r\u00e9alis\u00e9s, la date de destruction des  \nimages et le cas \u00e9ch\u00e9ant la date de leur transmission au parquet ;\n- les personnes charg\u00e9es du traitement du syst\u00e8me de vid\u00e9oprotection sont habilit\u00e9es \u00e0 le faire par le p\u00e9titionnaire ;\n- les personnes habilit\u00e9es \u00e0 acc\u00e9der aux images doivent correspondre \u00e0 celles mentionn\u00e9es dans la d\u00e9claration, elles sont  \nd\u00e9sign\u00e9es par leur identit\u00e9 et/ou leur fonction, toute modification de ces personnes doit \u00eatre faite aupr\u00e8s des services  \npr\u00e9fectoraux ;\n   Pr\u00e9fecture du Rh\u00f4ne \u2013 \n   69419 Lyon cedex 03 \n  04 72 61 61 61\n  www.rhone.gouv.fr 1/2\nLyon, le 8 janvier 2026\n69_Pr\u00e9f_Pr\u00e9fecture du Rh\u00f4ne - 69-2026-01-08-00007 - AP du 8 janvier 2026 portant autorisation exploitation syst\u00e8me vid\u00e9oprotection\n- LAGARDERE TRAVEL RETAIL FRANCE (373258 Lyon Saint Exup\u00e9ry T1B ZP) - Colombier-Saugnieu 7\n- les forces de s\u00e9curit\u00e9 de l'\u00c9tat sont habilit\u00e9es \u00e0 acc\u00e9der aux images en temps r\u00e9el et \u00e0 visionner les enregistrements sur le  \nlieu de traitement des images et une r\u00e9quisition \u00e9crite est n\u00e9cessaire pour toute extraction d'images ;\n- le responsable de la mise en \u0153uvre du syst\u00e8me doit s'assurer que des consignes tr\u00e8s pr\u00e9cises soient donn\u00e9es sur la  \nconfidentialit\u00e9 des images capt\u00e9es et/ou enregistr\u00e9es \u00e0 toutes les personnes concern\u00e9es ;\n- l'acc\u00e8s \u00e0 la salle de visionnage, d'enregistrement et de traitement des images, doit \u00eatre  strictement interdit  \u00e0 toute  \npersonne  qui  n'aura  pas  \u00e9t\u00e9  pr\u00e9alablement  habilit\u00e9e  et  autoris\u00e9e  par  l'autorit\u00e9  responsable  du  syst\u00e8me  ou  de  son \nexploitation ;\n- les cam\u00e9ras ne doivent en aucun cas visionner les zones privatives aux alentours, toutes mesures de protection comme un  \nsyst\u00e8me de masquage ou de \u00ab  floutage \u00bb (notamment pour les lieux privatifs film\u00e9s \u00e0 titre accessoire) doivent \u00eatre prises  \nafin de ne porter, en aucune mani\u00e8re, atteinte \u00e0 l'intimit\u00e9 de la vie priv\u00e9e des riverains qui peuvent se trouver dans leur  \nchamp de vision.\n- l'information du public de l'existence du syst\u00e8me de vid\u00e9oprotection dans la commune, la qualit\u00e9 et les coordonn\u00e9es du  \nresponsable de ce syst\u00e8me doivent appara\u00eetre de mani\u00e8re claire et permanente, l'affichage doit-\u00eatre suffisant et conforme  \nau mod\u00e8le joint \u00e0 la demande ;\n- le syst\u00e8me de vid\u00e9oprotection ne peut pas servir \u00e0 alimenter un fichier nominatif .\nArticle 2 : Les finalit\u00e9s du syst\u00e8me de vid\u00e9oprotection pour lequel la pr\u00e9sente autorisation est d\u00e9livr\u00e9e sont la pr\u00e9vention des  \natteintes \u00e0 la s\u00e9curit\u00e9 des personnes et des biens dans des lieux, ainsi que dans des \u00e9tablissements ouverts au public,  \nparticuli\u00e8rement expos\u00e9s \u00e0 des risques d'agression et de vol , la lutte contre la d\u00e9marque inconnue, la pr\u00e9vention des atteintes  \naux biens.\nArticle 3     : Le titulaire de l'autorisation est tenu d'informer pr\u00e9alablement la pr\u00e9f\u00e8te du Rh\u00f4ne de la date de mise en service du  \nsyst\u00e8me de vid\u00e9oprotection et, le cas \u00e9ch\u00e9ant, du d\u00e9placement des cam\u00e9ras.\nArticle 4 :  Les agents des forces de s\u00e9curit\u00e9 de l'\u00c9tat et du Service D\u00e9partemental M\u00e9tropolitain d'Incendie et de Secours du  \nRh\u00f4ne individuellement d\u00e9sign\u00e9s et d\u00fbment habilit\u00e9s sont destinataires des enregistrements et des images, dans les conditions  \nd\u00e9finies par les conventions de partenariat relatives \u00e0 la vid\u00e9oprotection urbaine conclues le cas \u00e9ch\u00e9ant entre la commune et  \nl'\u00c9tat ou entre la commune et le SDMIS.\nArticle 5 : Toute modification des donn\u00e9es figurant dans le dossier administratif et technique de cette autorisation doit faire  \nl'objet d'une demande de modification d'autorisation aupr\u00e8s des services pr\u00e9fectoraux. La non-ex\u00e9cution de ces dispositions  \nentra\u00eene le retrait de cette autorisation, sans pr\u00e9judice des sanctions p\u00e9nales pr\u00e9vues.\nArticle  6 :  La  pr\u00e9sente  autorisation  est  valable  pour  une  dur\u00e9e  de  cinq  ans  et  devra  faire  l'objet  d'une  demande  de \nrenouvellement quatre mois avant la fin de son \u00e9ch\u00e9ance. \nLe droit d'acc\u00e8s aux informations enregistr\u00e9es est r\u00e9gi par les dispositions de l'article L. 253-5 et des articles R.253-3 et  \nR.253-4 du code de la s\u00e9curit\u00e9 int\u00e9rieure.\nArticle 7 : Le fait de proc\u00e9der \u00e0 des enregistrements de vid\u00e9oprotection sans autorisation, de ne pas les d\u00e9truire dans le d\u00e9lai  \npr\u00e9vu, de les falsifier, d'entraver l'action de la commission d\u00e9partementale de vid\u00e9oprotection ou de la Commission Nationale  \nInformatique et Libert\u00e9s, de faire acc\u00e9der des personnes non habilit\u00e9es aux images ou d'utiliser ces images \u00e0 d'autres fins que  \ncelles pour lesquelles elles sont autoris\u00e9es est puni de trois ans d'emprisonnement et de 45000 euros d'amende sans pr\u00e9judice  \ndes dispositions des articles 226-1 du code p\u00e9nal.\nArticle 8 : le Directeur de la s\u00e9curit\u00e9 et de la protection civile et la directrice juridique de la soci\u00e9t\u00e9 LAGARDERE TRA VEL  \nRETAIL FRANCE, chacun en ce qui le concerne, est charg\u00e9 de l'ex\u00e9cution du pr\u00e9sent arr\u00eat\u00e9 et qui sera publi\u00e9 au recueil des  \nactes administratifs de la pr\u00e9fecture du Rh\u00f4ne.\n Pour la Pr\u00e9f\u00e8te, \nle directeur de la s\u00e9curit\u00e9 et de la protection civile\n       Ernest MOUTOUSSAMY\nSi vous entendez contester le pr\u00e9sent arr\u00eat\u00e9, vous pouvez utiliser les voies de recours suivantes :\n- un recours gracieux motiv\u00e9 peut \u00eatre adress\u00e9 aupr\u00e8s de mes services dans un d\u00e9lai de deux mois \u00e0 compter de la notification du pr\u00e9sent arr\u00eat\u00e9,\n- un recours hi\u00e9rarchique peut \u00eatre introduit aupr\u00e8s de M. le Ministre de l'Int\u00e9rieur, Direction des libert\u00e9s publiques et Affaires juridiques, Bureau des polices Administratives,\nEn l'absence de r\u00e9ponse dans un d\u00e9lai de deux mois \u00e0 compter de la r\u00e9ception de votre recours, celui-ci doit \u00eatre consid\u00e9r\u00e9 comme implicitement rejet\u00e9.\n- un recours contentieux : aupr\u00e8s du Tribunal Administratif de Lyon dans un d\u00e9lai de deux mois \u00e0 compter de la notification du pr\u00e9sent arr\u00eat\u00e9 ou \u00e0 partir de la d\u00e9cision\nImplicite ou explicite de rejet du recours gracieux ou hi\u00e9rarchique. Le tribunal administratif peut \u00eatre saisi d'une requ\u00eate d\u00e9pos\u00e9e sur le site www.telerecours.fr            2/2\n69_Pr\u00e9f_Pr\u00e9fecture du Rh\u00f4ne - 69-2026-01-08-00007 - AP du 8 janvier 2026 portant autorisation exploitation syst\u00e8me vid\u00e9oprotection\n- LAGARDERE TRAVEL RETAIL FRANCE (373258 Lyon Saint Exup\u00e9ry T1B ZP) - Colombier-Saugnieu 8\n69_Pr\u00e9f_Pr\u00e9fecture du Rh\u00f4ne\n69-2026-01-13-00004\nArr\u00eat\u00e9 pr\u00e9fectoral du 13 janvier 2026 d\u00e9clarant\nd'utilit\u00e9 publique le projet de cr\u00e9ation du parc\npublic de Beaunant, pr\u00e9sent\u00e9 par la ville de\nSainte-Foy-l\u00e8s-Lyon, sur le territoire de sa\ncommune.\n69_Pr\u00e9f_Pr\u00e9fecture du Rh\u00f4ne - 69-2026-01-13-00004 - Arr\u00eat\u00e9 pr\u00e9fectoral du 13 janvier 2026 d\u00e9clarant d'utilit\u00e9 publique le projet de\ncr\u00e9ation du parc public de Beaunant, pr\u00e9sent\u00e9 par la ville de Sainte-Foy-l\u00e8s-Lyon, sur le territoire de sa commune. 9\nesPREFETEDU RHONELibert\u00e9Egalit\u00e9Fraternit\u00e9\nDirection des Affaires Juridiques\net de l'Administration Locale\nBureau de l'Urbanisme\net de l'Utilit\u00e9 Publique\nArr\u00eat\u00e9 pr\u00e9fectoral n\u00b0                     du  13 janvier 2026 d\u00e9clarant d'utilit\u00e9 publique le projet de \ncr\u00e9ation du parc public de Beaunant, pr\u00e9sent\u00e9 par la ville de Sainte-Foy-l\u00e8s-Lyon, sur le territoire de sa \ncommune.\nLa Pr\u00e9f\u00e8te de la R\u00e9gion Auvergne-Rh\u00f4ne-Alpes,\nPr\u00e9f\u00e8te de la Zone de d\u00e9fense et de s\u00e9curit\u00e9 sud-est,\nPr\u00e9f\u00e8te du Rh\u00f4ne,\nCommandeur de la L\u00e9gion d'honneur,\nCommandeur de l'ordre national du M\u00e9rite\nVU le Code de l'expropriation pour cause d'utilit\u00e9 publique\u00a0;\nVU le Code g\u00e9n\u00e9ral des collectivit\u00e9s territoriales\u00a0;\nVU le Code de l'urbanisme\u00a0;\n  \nVU la liste des commissaires enqu\u00eateurs du d\u00e9partement du Rh\u00f4ne et de la m\u00e9tropole de Lyon pour  \nl'ann\u00e9e 2025\u00a0;\nVU le plan local d'urbanisme et de l'habitat de la m\u00e9tropole de Lyon\u00a0;\nVU la d\u00e9lib\u00e9ration du 13 f\u00e9vrier 2025, par laquelle le Conseil municipal de la ville de Sainte-Foy-l\u00e8s-Lyon \napprouve les dossiers d'enqu\u00eate pr\u00e9alable \u00e0 la d\u00e9claration d'utilit\u00e9 publique et d' enqu\u00eate parcellaire \nrelatifs au projet de cr\u00e9ation du parc public de Beaunant, sur le territoire de sa commune , en vue de  \nl'organisation des enqu\u00eates et sollicite \u00e0 leur issue la d\u00e9claration d'utilit\u00e9 publique des travaux et la  \ncessibilit\u00e9 des emprises n\u00e9cessaires \u00e0 la r\u00e9alisation du projet\u00a0;\nVU la d\u00e9cision de la pr\u00e9sidente du Tribunal administratif de Lyon n\u00b0 E25000090/69 du 16 juillet 2025  \nd\u00e9signant Monsieur G\u00e9rard GIRIN en qualit\u00e9 de commissaire enqu\u00eateur et Monsieur Yves VALENTIN en \nqualit\u00e9 de commissaire enqu\u00eateur suppl\u00e9ant pour l'enqu\u00eate publique pr\u00e9alable \u00e0 la d\u00e9claration d'utilit\u00e9 \npublique du projet susvis\u00e9 et pour l'enqu\u00eate parcellaire\u00a0;\nVU les dossiers \u00e9tablis par le ma\u00eetre d'ouvrage, l'un relatif \u00e0 l'enqu\u00eate pr\u00e9alable \u00e0 la d\u00e9claration d'utilit\u00e9 \npublique et l'autre \u00e0 l'enqu\u00eate parcellaire\u00a0;\nPr\u00e9fecture du Rh\u00f4ne\n18 Rue de Bonnel\n69419 LYON CEDEX 03\nT\u00e9l\u00a0: 04 72 61 61 61\nwww.rhone.gouv.fr\n69_Pr\u00e9f_Pr\u00e9fecture du Rh\u00f4ne - 69-2026-01-13-00004 - Arr\u00eat\u00e9 pr\u00e9fectoral du 13 janvier 2026 d\u00e9clarant d'utilit\u00e9 publique le projet de\ncr\u00e9ation du parc public de Beaunant, pr\u00e9sent\u00e9 par la ville de Sainte-Foy-l\u00e8s-Lyon, sur le territoire de sa commune. 10\nVU l'arr\u00eat\u00e9 pr\u00e9fectoral n\u00b0 E-2025 \u2013 302 du 1er\n ao\u00fbt 2025, prescrivant l'ouverture d'une enqu\u00eate pr\u00e9alable \n\u00e0 la d\u00e9claration d'utilit\u00e9 publique et d'une enqu\u00eate parcellaire relatives au projet de cr\u00e9ation du parc  \npublic de Beaunant, pr\u00e9sent\u00e9 par la ville de Sainte-Foy-l\u00e8s-Lyon, sur le territoire de sa commune.\nVU l'arr\u00eat\u00e9 pr\u00e9fectoral n\u00b0 69-2025-09-26-00003 du 26 septembre 2025 portant d\u00e9l\u00e9gation de signature  \n\u00e0 Monsieur Fabrice ROSAY, pr\u00e9fet, secr\u00e9taire g\u00e9n\u00e9ral de la pr\u00e9fecture du Rh\u00f4ne, pr\u00e9fet d\u00e9l\u00e9gu\u00e9 pour  \nl'\u00e9galit\u00e9 des chances aupr\u00e8s de la pr\u00e9f\u00e8te de la r\u00e9gion Auvergne-Rh\u00f4ne-Alpes, pr\u00e9f\u00e8te de la zone de  \nd\u00e9fense et de s\u00e9curit\u00e9 Sud-Est, pr\u00e9f\u00e8te du Rh\u00f4ne\u00a0;\nVU le rapport et les conclusions motiv\u00e9es \u00e9mis par le commissaire enqu\u00eateur le 5 novembre 2025\u00a0;\nVU le courrier du 22 d\u00e9cembre 2025, p ar lequel la maire de Sainte-Foy-l\u00e8s-Lyon sollicite la d\u00e9claration  \nd'utilit\u00e9 publique du projet sus-mentionn\u00e9\u00a0;\nCONSID\u00c9RANT au vu des diff\u00e9rentes pi\u00e8ces du dossier, que les avantages attendus de cette op\u00e9ration  \nqui  consiste  en  la  cr\u00e9ation  du  parc  public  de  Beaunant  sur  la  commune  de  Sainte-Foy-l\u00e8s-Lyon \naugmentant  la  s\u00e9curit\u00e9  des  populations  face  aux  risques  et  la  pr\u00e9vention  des  inondations,  sont \nsup\u00e9rieurs aux inconv\u00e9nients qu'elle pourrait engendrer\u00a0;\nSur proposition du pr\u00e9fet, secr\u00e9taire g\u00e9n\u00e9ral de la pr\u00e9fecture du Rh\u00f4ne, pr\u00e9fet d\u00e9l\u00e9gu\u00e9 pour l'\u00e9galit\u00e9  \ndes chances\u00a0;\nARR\u00caTE\u00a0\nArticle 1  er\n   \u2013 Sont d\u00e9clar\u00e9s d'utilit\u00e9 publique les t ravaux relatifs au projet de cr\u00e9ation du parc public de  \nBeaunant, pr\u00e9sent\u00e9 par la ville de Sainte-Foy-l\u00e8s-Lyon, sur le territoire de sa commune , conform\u00e9ment \nau plan g\u00e9n\u00e9ral des travaux annex\u00e9 au pr\u00e9sent arr\u00eat\u00e9 (1) .\nArticle 2  \u2013 Les expropriations n\u00e9cessaires \u00e0 l'ex\u00e9cution des travaux devront \u00eatre r\u00e9alis\u00e9es dans un d\u00e9lai \nde cinq ans \u00e0 compter de la publication du pr\u00e9sent arr\u00eat\u00e9.\nArticle 3  \u2013  Conform\u00e9ment aux dispositions en vigueur, le pr\u00e9sent arr\u00eat\u00e9 sera\u00a0:\n\u2022 publi\u00e9 au recueil des actes administratifs de la pr\u00e9fecture du Rh\u00f4ne\u00a0;\n\u2022 affich\u00e9 pendant une dur\u00e9e de deux mois en mairie de Sainte-Foy-l\u00e8s-Lyon. \nArticl  e     4    \u2013 Le pr\u00e9fet, secr\u00e9taire g\u00e9n\u00e9ral de la pr\u00e9fecture du Rh\u00f4ne, pr\u00e9fet d\u00e9l\u00e9gu\u00e9 pour l'\u00e9galit\u00e9 des  \nchances et la maire de Sainte-Foy-l\u00e8s-Lyon sont charg\u00e9es, chacun en ce qui le concerne, de l'ex\u00e9cution  \ndu pr\u00e9sent arr\u00eat\u00e9. \n  \nFait \u00e0 Lyon, le 13 janvier 2026\nPour la Pr\u00e9f\u00e8te,\nle Pr\u00e9fet, Secr\u00e9taire g\u00e9n\u00e9ral, Pr\u00e9fet d\u00e9l\u00e9gu\u00e9 pour l'\u00e9galit\u00e9 des chances\nFabrice ROSAY\n69_Pr\u00e9f_Pr\u00e9fecture du Rh\u00f4ne - 69-2026-01-13-00004 - Arr\u00eat\u00e9 pr\u00e9fectoral du 13 janvier 2026 d\u00e9clarant d'utilit\u00e9 publique le projet de\ncr\u00e9ation du parc public de Beaunant, pr\u00e9sent\u00e9 par la ville de Sainte-Foy-l\u00e8s-Lyon, sur le territoire de sa commune. 11\nD\u00e9lais et voies de recours\u00a0:\nConform\u00e9ment \u00e0 l'article R.421-1 du Code de justice administrative, le pr\u00e9sent arr\u00eat\u00e9 peut faire l'objet d'un recours  \ncontentieux, dans le d\u00e9lai de deux mois \u00e0 compter de son affichage, devant le tribunal administratif de Lyon (184, rue  \nDuguesclin \u2013 69 \u00a0433 Lyon Cedex 03, ou sur l'application www.telerecours.fr). Elle peut \u00e9galement faire l'objet d'un  \nrecours gracieux aupr\u00e8s de Madame la Pr\u00e9f\u00e8te du Rh\u00f4ne. Cette d\u00e9marche interrompt le d\u00e9lai de recours contentieux, \nce dernier devant \u00eatre introduit dans le d\u00e9lai de deux mois suivant une d\u00e9cision implicite ou explicite de l'autorit\u00e9  \ncomp\u00e9tente (le silence de l'administration pendant un d\u00e9lai de deux mois valant d\u00e9cision implicite de rejet).\n                                                                     \n(1) Le plan mentionn\u00e9 dans le pr\u00e9sent arr\u00eat\u00e9 peut \u00eatre consult\u00e9\u00a0:\n\u2013\u00a0\u00e0 la pr\u00e9fecture du Rh\u00f4ne \u2013 Direction des affaires juridiques et de l'administration locale (DAJAL)\nbureau de l'urbanisme et de l'utilit\u00e9 publique \u2013 18 rue de Bonnel \u2013 69003 Lyon\u00a0;\n\u2013\u00a0en mairie de Sainte-Foy-l\u00e8s-Lyon.\n69_Pr\u00e9f_Pr\u00e9fecture du Rh\u00f4ne - 69-2026-01-13-00004 - Arr\u00eat\u00e9 pr\u00e9fectoral du 13 janvier 2026 d\u00e9clarant d'utilit\u00e9 publique le projet de\ncr\u00e9ation du parc public de Beaunant, pr\u00e9sent\u00e9 par la ville de Sainte-Foy-l\u00e8s-Lyon, sur le territoire de sa commune. 12\n69_Pr\u00e9f_Pr\u00e9fecture du Rh\u00f4ne\n69-2026-01-14-00001\nAP Autorisation de captation d'images\nmanifestation agriculteurs 15 01 26\n69_Pr\u00e9f_Pr\u00e9fecture du Rh\u00f4ne - 69-2026-01-14-00001 - AP Autorisation de captation d'images manifestation agriculteurs 15 01 26 13\nPREFETEDU RHONELibert\u00e9Egalit\u00e9Fraternit\u00e9\nPr\u00e9fecture\nCabinet du Pr\u00e9fet d\u00e9l\u00e9gu\u00e9 pour \nla d\u00e9fense et la s\u00e9curit\u00e9\nBureau de l'ordre public\nARR\u00caT\u00c9 n\u00b02026 \u2013 01 \u2013 14 \u2013 0001\nautorisant la captation, l'enregistrement et la transmission\nd'images au moyen de cam\u00e9ras install\u00e9es sur un a\u00e9ronef le 15 janvier 2026 sur la commune de Lyon.\nLa Pr\u00e9f\u00e8te du Rh\u00f4ne,\nCommandeur de la L\u00e9gion d'honneur\nCommandeur de l'ordre national du M\u00e9rite\nVU le Code de la s\u00e9curit\u00e9 int\u00e9rieure et notamment ses articles L. 242-1 \u00e0 L. 242-8 et R. 242-8 \u00e0 R. 242-\n14 ;\nVU la loi n\u00b078-17 du 6 janvier 1978 relative \u00e0 l'informatique, aux fichiers et aux libert\u00e9s ;\nVU le d\u00e9cret n\u00b0 2004-374 du 29 avril 2004 relatif aux pouvoirs des pr\u00e9fets, \u00e0 l'organisation et \u00e0  \nl'action des services de l'\u00c9tat dans les r\u00e9gions et d\u00e9partements ;\nVU le d\u00e9cret en Conseil des Ministres du 11 janvier 2023 portant nomination de Madame Fabienne  \nBUCCIO, pr\u00e9f\u00e8te de la r\u00e9gion Auvergne-Rh\u00f4ne-Alpes, pr\u00e9f\u00e8te de la zone de d\u00e9fense et de s\u00e9curit\u00e9  \nSud-Est, pr\u00e9f\u00e8te du Rh\u00f4ne (hors classe) ;\nVU  le d\u00e9cret du 6 novembre 2024 portant nomination du pr\u00e9fet d\u00e9l\u00e9gu\u00e9 pour la d\u00e9fense et la  \ns\u00e9curit\u00e9 aupr\u00e8s de la pr\u00e9f\u00e8te de la r\u00e9gion Auvergne-Rh\u00f4ne-Alpes, pr\u00e9f\u00e8te de la zone de d\u00e9fense et  \nde s\u00e9curit\u00e9 Sud-Est, pr\u00e9f\u00e8te du Rh\u00f4ne \u2013 M. Antoine GUERIN ; \nVU l'arr\u00eat\u00e9 pr\u00e9fectoral n\u00b069-2026-01-08-0005 du 8 janvier 2026 portant d\u00e9l\u00e9gation de signature \u00e0 M. \nAntoine GUERIN en qualit\u00e9 de pr\u00e9fet d\u00e9l\u00e9gu\u00e9 pour la d\u00e9fense et la s\u00e9curit\u00e9 aupr\u00e8s de la pr\u00e9f\u00e8te de  \nla r\u00e9gion Auvergne-Rh\u00f4ne-Alpes, pr\u00e9f\u00e8te de la zone de d\u00e9fense et de s\u00e9curit\u00e9 Sud-Est, pr\u00e9f\u00e8te du  \nRh\u00f4ne ;\nVU l'arr\u00eat\u00e9 du Ministre de l'Int\u00e9rieur et des outre-mer, en date du 19 avril 2023 relatif au nombre  \nmaximal de cam\u00e9ras install\u00e9es sur des a\u00e9ronefs pouvant \u00eatre simultan\u00e9ment utilis\u00e9es dans chaque  \nd\u00e9partement et collectivit\u00e9 d'outre-mer ;\nVU l'analyse  d'impact  relative  \u00e0  la  protection  des  donn\u00e9es  (AIPD)  r\u00e9alis\u00e9e  par  le  Minist\u00e8re  de \nl'Int\u00e9rieur en date du 25 janvier 2023 ; \nVU la d\u00e9claration de la F\u00e9d\u00e9ration R\u00e9gionale des Syndicales d'Exploitants Agricoles (FRSEA) et des  \nJeanes Agriculteurs Auvergne Rh\u00f4ne-Alpes (JA) d'organiser une manifestation r\u00e9gionale \u00e0 Lyon le  \njeudi 15 janvier 2026 avec un d\u00e9part en cort\u00e8ge depuis trois points \u00e0 compter de 09h00 ; \nVU la demande du 13 janvier 2026, form\u00e9e par la Direction Interd\u00e9partementale de la Police Natio -\nnale du Rh\u00f4ne, visant \u00e0 obtenir l'autorisation de capter, d'enregistrer et de transmettre des images  \nau moyen de deux cam\u00e9ras install\u00e9es sur deux a\u00e9ronefs (une camera sur chaque a\u00e9ronef) aux fins  \nPr\u00e9fecture du Rh\u00f4ne  \u2013 69419 Lyon cedex 03 1\nwww.rhone.gouv.fr ou t\u00e9l. : 04 72 61 61 61 (co\u00fbt d'un appel local)\n69_Pr\u00e9f_Pr\u00e9fecture du Rh\u00f4ne - 69-2026-01-14-00001 - AP Autorisation de captation d'images manifestation agriculteurs 15 01 26 14\nde pr\u00e9vention des atteintes \u00e0 la s\u00e9curit\u00e9 des personnes et des biens et de s\u00e9curisation des rassem -\nblements ;\nCONSID\u00c9RANT que les dispositions susvis\u00e9es permettent aux forces de s\u00e9curit\u00e9 int\u00e9rieure, dans  \nl'exercice de leurs missions de pr\u00e9vention des atteintes \u00e0 l'ordre public et de protection de la  \ns\u00e9curit\u00e9  des  personnes  et  des  biens,  de  proc\u00e9der  \u00e0  la  captation,  \u00e0  l'enregistrement  et  \u00e0  la \ntransmission d'images au moyen de cam\u00e9ras install\u00e9es sur des a\u00e9ronefs aux fins d'assurer la s\u00e9curit\u00e9 \ndes personnes et des biens, de pr\u00e9venir les troubles \u00e0 l'ordre public dans le cadre des op\u00e9rations de \nr\u00e9tablissement de l'ordre public  ; que notamment, le 1\u00b0 et 2\u00b0 de l'article L. 242-5 du Code de la  \ns\u00e9curit\u00e9 int\u00e9rieure susvis\u00e9 pr\u00e9voit que ces dispositifs peuvent \u00eatre mis en \u0153uvre  au titre de la  \ns\u00e9curit\u00e9 des rassemblements de personnes sur la voie publique ou dans les lieux ouverts au public  \nainsi que de l'appui des personnels au sol, en vue de leur permettre de maintenir ou de r\u00e9tablir  \nl'ordre  public,  lorsque  ces  rassemblements  sont  susceptibles  d'entra\u00eener  des  troubles  graves  \u00e0 \nl'ordre public, aux seules fins du maintien de l'ordre et de la s\u00e9curit\u00e9 publics ;\nCONSID\u00c9RANT que le cort\u00e8ge partira de trois points \u00e0 compter de 9h00 ; que le convoi du sud  \npartira du rond-point des 7 Chemins \u00e0 Vourles pour se diriger vers le quartier de Gerland \u00e0 Lyon 7e  \nau niveau de l'Agence nationale de s\u00e9curit\u00e9 sanitaire de l'alimentation, de l'environnement et du  \ntravail (ANSES) ; que le convoi du nord partira de la zone d'activit\u00e9 du Charpenay \u00e0 La Tour-de-\nSalvagny  en  direction  de  la  Direction  r\u00e9gionale  de  l'environnement,  de  l'am\u00e9nagement  et  du \nlogement (DREAL) situ\u00e9e dans le quartier des Brotteaux \u00e0 Lyon 6e ; que le convoi de l'Ain partira du  \nmagasin Leclerc \u00e0 Beynost en direction \u00e9galement de la DREAL ; qu'ensuite, ces trois convois se  \ndirigeront vers la pr\u00e9fecture du Rh\u00f4ne ; qu'une centaine de tracteurs, des remorques remplies de  \nd\u00e9chets organiques, ainsi que 200 \u00e0 250 agriculteurs sont attendus.\nCONSID\u00c9RANT que les agriculteurs ont bloqu\u00e9 la M7 du lundi 5 au vendredi 9 janvier 2026   dans les \ndeux sens de circulation lors de leur pr\u00e9c\u00e9dent mouvement en vue d'emp\u00eacher la signature des  \naccords UE-MERCOSUR ; \nCONSID\u00c9RANT que ce nouveau mouvement vise \u00e0 d\u00e9noncer la signature de cet accord ; que des  \nremorques remplies de d\u00e9chets organiques feront partie des cort\u00e8ges  ; que les agriculteurs ont  \npr\u00e9vu des photos symboliques \u00e0 certains endroits de Lyon  ; qu'un barnum sera install\u00e9 quai Victor  \nAugagneur \u00e0 Lyon 3e pour \u00ab casse-cro\u00fbte revendicatif \u00bb ;\nCONSID\u00c9RANT que  les  dispositifs  de  vid\u00e9oprotection  existants  ne  permettent  pas  de  couvrir \nl'ensemble du secteur concern\u00e9 particuli\u00e8rement \u00e9tendu ; que les cam\u00e9ras a\u00e9roport\u00e9es viennent en \ncompl\u00e9mentarit\u00e9  de  ces  derniers  permettant  une  continuit\u00e9  d'observation  sans  d\u00e9placement \nd'effectifs d'une commune \u00e0 l'autre ; que la mobilit\u00e9 de ces cam\u00e9ras permet de s'affranchir de la  \ntopographie urbaine et de la distance entre les diff\u00e9rents cort\u00e8ges  ; que ces dispositifs offrent une  \nvue d'ensemble et permettent aux forces de l'ordre d'anticiper de potentiels troubles \u00e0 l'ordre  \npublic tels que des blocages de quartiers ou de b\u00e2timents institutionnels ; \nCONSID\u00c9RANT l'\u00e9tendue extr\u00eamement large de la manifestation et des diff\u00e9rents cort\u00e8ges  ; que \nles dispositifs de vid\u00e9o protection ne permettent pas un suivi en temps r\u00e9el et dynamique des  \nmouvement de foule ;\nCONSID\u00c9RANT qu'une  surveillance  au  sol,  sans  l'appui  de  cam\u00e9ras  a\u00e9roport\u00e9es,  du  p\u00e9rim\u00e8tre \ndemand\u00e9 ne permet d'en assurer la s\u00e9curit\u00e9 ;\nCONSID\u00c9RANT que seule la mise en \u0153uvre des drones peut permettre le suivi des cort\u00e8ges , la  \nd\u00e9tection de blocages et/ou d\u00e9versements de d\u00e9chets organiques et diriger au plus pr\u00e8s des faits  \nles effectifs au sol ;\nCONSID\u00c9RANT que la demande porte sur l'engagement de deux cam\u00e9ras a\u00e9roport\u00e9es  ; que les  \nlieux surveill\u00e9s sont strictement limit\u00e9s aux lieux o\u00f9 sont susceptibles de survenir les atteintes, que  \nl'usage  des  cam\u00e9ras  a\u00e9roport\u00e9es  vise  \u00e0  pr\u00e9venir ;  que  la  dur\u00e9e  de  l'autorisation  est  \u00e9galement \nstrictement limit\u00e9e \u00e0 la dur\u00e9e des risques de troubles \u00e0 l'ordre public  et de s\u00e9curit\u00e9 ; qu'au regard  \ndes circonstances susmentionn\u00e9es, la demande n'appara\u00eet pas disproportionn\u00e9e ; \n2 / 3\n69_Pr\u00e9f_Pr\u00e9fecture du Rh\u00f4ne - 69-2026-01-14-00001 - AP Autorisation de captation d'images manifestation agriculteurs 15 01 26 15\nARR\u00caTE\nArticle  1er \u2013  La captation,  l'enregistrement  et  la  transmission  d'images  par  la  Direction \nInterd\u00e9partementale de la Police Nationale du Rh\u00f4ne, est autoris\u00e9e aux fins de  pr\u00e9vention des  \natteintes \u00e0 la s\u00e9curit\u00e9 des personnes et des biens et de s\u00e9curisation des rassemblements dans le  \ncadre  de  la  manifestation  des  agriculteurs,  le  jeudi  15  Janvier  2026  de  09h30  \u00e0  16h00 sur  la \ncommune de Lyon, dans le p\u00e9rim\u00e8tre suivant : Av. Tony Garnier \u2013 Rue de Gerland \u2013 Av. Jean Jaur\u00e8s \u2013 \nAv. Berthelot \u2013 Rue Garibaldi \u2013 Rue Marc Bloch \u2013 Rue de la Madeleine \u2013 Rue de Cr\u00e9qui \u2013 Av. Felix  \nFaure \u2013 Rue Garibaldi \u2013 Rue Paul Bert \u2013 Rue de la Villette \u2013 Av. Thiers \u2013 Rue Michel Rambaud \u2013 Voie  \nNouvelle Stalingrad Vitton \u2013 Bd de la bataille de Stalingrad \u2013 Av.  Verguin \u2013 Bd des Belges \u2013 Av. de  \nGrande Bretagne -  Quai de Serbie \u2013 Quai G\u00e9n\u00e9ral Sarrail \u2013 Quai victor Augagneur \u2013 Quai Claude  \nBernard \u2013 Av. Leclerc \u2013 Av. du Pont Pasteur \u2013 Av. Tony Garnier.\nArticle  2  \u2013  Le  nombre  maximal  de  cam\u00e9ras  pouvant  proc\u00e9der  simultan\u00e9ment  aux  traitements \nmentionn\u00e9s \u00e0 l'article 1 er est fix\u00e9 \u00e0 deux cameras sur deux a\u00e9ronefs t\u00e9l\u00e9-pilot\u00e9s DJI Matrice 4T (une \ncam\u00e9ra par a\u00e9ronef t\u00e9l\u00e9-pilot\u00e9).\nArticle 3 \u2013  Le registre mentionn\u00e9 \u00e0 l'article L. 242-4 du Code de la s\u00e9curit\u00e9 int\u00e9rieure est transmis \u00e0  \nla pr\u00e9f\u00e8te du Rh\u00f4ne \u00e0 l'issue de la manifestation.\nArticle 4  \u2013 Le pr\u00e9sent arr\u00eat\u00e9 est publi\u00e9 au recueil des actes administratifs de la pr\u00e9fecture et peut  \nfaire l'objet d'un recours devant le tribunal administratif de Lyon dans un d\u00e9lai de deux mois \u00e0  \ncompter de sa publication.\nArticle 5 \u2013 L'information du public est assur\u00e9e par publication sur les r\u00e9seaux sociaux.\nArticle 6 \u2013 Le pr\u00e9fet d\u00e9l\u00e9gu\u00e9 pour la d\u00e9fense et la s\u00e9curit\u00e9, le d irecteur interd\u00e9partemental de la  \nPolice Nationale du Rh\u00f4ne  sont charg\u00e9s chacun en ce qui le concerne de  l'ex\u00e9cution du pr\u00e9sent  \narr\u00eat\u00e9.\nFait \u00e0 Lyon, le 14 Janvier 2026\nLe pr\u00e9fet d\u00e9l\u00e9gu\u00e9 pour la d\u00e9fense et la s\u00e9curit\u00e9,\nORIGINAL SIGNE\nAntoine GUERIN\n3 / 3\n69_Pr\u00e9f_Pr\u00e9fecture du Rh\u00f4ne - 69-2026-01-14-00001 - AP Autorisation de captation d'images manifestation agriculteurs 15 01 26 16","date":"2026-01-14","first_seen_on":"2026-01-14T15:42:43+00:00","id":"e6148c3a9610aa5a59fbaf93349ac885f56cdd81da69d796697e139854b2d73b","name":"RAA_69-2026-014-140126","pdf_creation_date":"2026-01-14T15:03:18+00:00","pdf_modification_date":"2026-01-14T15:03:44+00:00","timezone":"Europe/Paris","url":"https://www.rhone.gouv.fr/contenu/telechargement/66929/450544/file/RAA_69-2026-014-140126.pdf"}
