{"administration":"pref92","administration_name":"Pr\u00e9fecture des Hauts-de-Seine","content":"Ex\nPREFET\nDES  HAUTS-DE-SEINE\nLibert\u00e9\nEgalit\u00e9\nFraternit\u00e9 1  \n \n \n \n \nRECUEIL  \n  \nDES  \n \nACTES ADMINISTRATIFS  \n \nPREFECTURE DE POLICE  \n  \nCabinet du Pr\u00e9fet  \n \n \n \n \n \n \n \n \n \nN\u00b0 Sp\u00e9cial  10 janvier 2025  \n\n 2  \nPREFET DES HAUTS -DE-SEINE  \n \nRECUEIL DES ACTES ADMINISTRATIFS  \n \nN\u00b0 Sp \u00e9cial Pr\u00e9fecture de Police du 10 janvier 2025  \n \nSOMMAIRE  \n \nArr\u00eat\u00e9 s Date s PREFECTURE DE POLICE  Page s \nn\u00b0202 5-00024  07.01.2025  Arr\u00eat\u00e9 portant d\u00e9signation de la personne \nresponsable de l'acc\u00e8s aux documents \nadministratifs et des questions relatives \u00e0 la \nr\u00e9utilisation des informations publiques (PRADA)  6 \nn\u00b02025 -00028  07.01.2025  Arr\u00eat\u00e9 accordant d\u00e9l\u00e9gation de signature au \ncommandant de la r\u00e9gion de gendarmerie d'Ile -\nde-France, commandant la gendarmerie pour la \nzone de d\u00e9fense et s\u00e9curit\u00e9 de Paris, en sa qualit\u00e9 \nde responsable de budget op\u00e9rationnel de \nprogramme d\u00e9l\u00e9gu\u00e9  8 \nn\u00b02025 -00029  07.01.2025  Arr\u00eat\u00e9 f ixant la liste nominative du personnel apte \naux interventions \u00e0 caract\u00e8re chimique et \nbiologique \u00e0 Paris et dans les d\u00e9partements des \nHauts -de-Seine, de la Seine -Saint -Denis et du \nVal-de-Marne pour l'ann\u00e9e 2025  10 \nAnnexe de l'arr\u00eat\u00e9 n\u00b02025 -00029 du 07 janvier 2025  11-15 \nn\u00b02025 -00030  07.01.2025  Arr\u00eat\u00e9 f ixant la liste nominative des personnels \nop\u00e9rationnels du  groupe cynotechnique \u00e0 Paris et \ndans les d\u00e9partements des Hauts -de-Seine, de la \nSeine -Saint -Denis et du Val -de-Marne pour \nl'ann\u00e9e 2025  16 \nAnnexe de l'arr\u00eat\u00e9 n\u00b02025 -00030 du 07 janvier 2025  17 \nn\u00b02025 -00031  07.01.2025  Arr\u00eat\u00e9 f ixant la liste nominative du personnel apte \n\u00e0 l'exploration de longue dur\u00e9e \u00e0 Paris et dans les \nd\u00e9partements des Hauts -de-Seine, de la Seine -\nSaint -Denis et  du Val -de-Marne pour l'ann\u00e9e \n2025  18 \nAnnexe de l'arr\u00eat\u00e9 n\u00b02025 -00031 du 07 janvier 2025  19 \n 3 n\u00b02025 -00032  07.01.2025  Arr\u00eat\u00e9 fixant la liste nominative du personnel \napte dans le domaine des feux de for\u00eats  \u00e0 Paris et \ndans les d\u00e9partements des Hauts -de-Seine, de la \nSeine -Saint -Denis et du Val -de-Marne pour \nl'ann\u00e9e 2025  23 \nAnnexe de l'arr\u00eat\u00e9 n\u00b02025 -00032 du 07 janvier 2025  24-27 \nn\u00b02025 -00033  07.01.2025  Arr\u00eat\u00e9 fixant la liste nominative du personnel \nop\u00e9rationnel  dans le domaine des interventions en \nmilieu p\u00e9rilleux  et montagne (IMPM)  \u00e0 Paris et \ndans les d\u00e9partements des Hauts -de-Seine, de la \nSeine -Saint -Denis et du Val -de-Marne pour \nl'ann\u00e9e 2025  28 \nAnnexe de l'arr\u00eat\u00e9 n\u00b02025 -00033 du 07 janvier 2025  29 \nn\u00b02025 -0003 4 07.01.2025  Arr\u00eat\u00e9 fixant  la liste nominative du personnel apte \n\u00e0 l'h\u00e9litreuillage \u00e0 Paris et dans les d\u00e9partements \ndes Hauts -de-Seine, de la Seine -Saint -Denis et du \nVal-de-Marne pour l'ann\u00e9e 2025  30 \nAnnexe de l'arr\u00eat\u00e9 n\u00b02025 -0003 4 du 07 janvier 2025  31-32 \nn\u00b02025 -0003 5 07.01.2025  Arr\u00eat\u00e9 fixant  la liste nominative du personnel apte \naux interventions  \u00e0 caract\u00e8re radiologique \u00e0 Paris \net dans les d\u00e9partements des Hauts -de-Seine, de la \nSeine -Saint -Denis et du Val-de-Marne pour \nl'ann\u00e9e 2025  33 \nAnnexe de l'arr\u00eat\u00e9 n\u00b02025 -0003 5 du 07 janvier 2025  34-38 \nn\u00b02025 -0003 6 07.01.2025  Arr\u00eat\u00e9 fixant  la liste nominative du personnel apte \nau sauvetage -d\u00e9blaiement  \u00e0 Paris et dans les \nd\u00e9partements des Hauts -de-Seine, de la Seine -\nSaint -Denis et du Val -de-Marne pour l'ann\u00e9e \n2025  39 \nAnnexe de l'arr\u00eat\u00e9 n\u00b02025 -0003 6 du 07 janvier 2025  40-42 \nn\u00b02025 -0003 7 07.01.2025  Arr\u00eat\u00e9 fixant  la liste nominative du personnel apte \naux secours subaquatiques \u00e0 Paris et dans les \nd\u00e9partements des Hauts -de-Seine, de la Seine -\nSaint -Denis et du Val -de-Marne pour l'ann\u00e9e \n2025  43 \nAnnexe de l'arr\u00eat\u00e9 n\u00b02025 -0003 7 du 07 janvier 2025  44-46 \n 4 n\u00b02025 -0003 8 07.01.2025  Arr\u00eat\u00e9 fixant  portant d\u00e9signation des officiers \ncommandant des syst\u00e8mes d'information et de \ncommunication (COMSIC) pour l'ann\u00e9e 2025  47 \nn\u00b02025 -0003 9 07.01.2025  Arr\u00eat\u00e9 portant d\u00e9signation des officiers des \nsyst\u00e8mes d'information et de communication  \n(OFFSIC) pour l'ann\u00e9e 2025  49 \nn\u00b02025 -00040 07.01.2025  Arr\u00eat\u00e9 fixant  la liste nominative du personnel apte \n\u00e0 intervenir dans le cadre du m\u00e9canisme de \nprotection civile de l'Union pour l'ann\u00e9e 2025  50 \nAnnexes de l'arr\u00eat\u00e9 n\u00b02025 -0004 0 du 07 janvier 2025  51-52 \nn\u00b02025 -00043  08.01.2025  Arr\u00eat\u00e9 autorisant la captation, l'enregistrement et \nla transmission  d'images au moyen de cam\u00e9ras \ninstall\u00e9es sur des a\u00e9ronefs \u00e0 l'occasion de la 17\u00e8me \njourn\u00e9e du championnat de France de football de \nLigue 1 au Parc des Princes le dimanche \n12 janvier 2025  53 \nAnnexes de l'arr\u00eat\u00e9 n\u00b02025 -00043 du 08 janvier 2025  56-57 \nn\u00b02025 -00044  08.01.2025  Arr\u00eat\u00e9 instituant un p\u00e9rim\u00e8tre de protection et \ndiff\u00e9rentes mesures de police \u00e0 l'occasion de la \n17\u00e8me journ\u00e9e du championnat de France de \nfootball de Ligue 1 au Parc des Princes le \ndimanche 12 janvier 2025  58 \nAnnexes de l'arr\u00eat\u00e9 n\u00b02025 -00044 du 08 janvier 2025  63-64 \nn\u00b02025 -0004 7 09.01.2025  Arr\u00eat\u00e9 portant d\u00e9l\u00e9gation de la signature \npr\u00e9fectorale au sein du service des affaires \njuridiques et du contentieux et habilitant certains \nde ses agents \u00e0 repr\u00e9senter le pr\u00e9fet de police \ndevant  les juridictions  65 \nn\u00b02025 -00048 09.01.2025  Arr\u00eat\u00e9 accordant d\u00e9l\u00e9gation de la signature \npr\u00e9fectorale au sein de la direction des finances, \nde la commande publique et de la performance  70 \nn\u00b02025 -00052 09.01.2025  Arr\u00eat\u00e9 portant encadrement du d\u00e9placement  de \nsupporters et instaurant un p\u00e9rim\u00e8tre comportant \ncertaines mesures de police \u00e0 l'occasion de la \nrencontre de football  de Ligue 1 du dimanche \n12 janvier 2025 entre les \u00e9quipes du Paris Saint -\nGermain et de Saint -Etienne au Parc des Princes  78 \nAnnexes de l'arr\u00eat\u00e9 n\u00b02025 -00052 du 09 janvier 2025  83-84 \n 5 n\u00b02025 -00054 10.01.2025  Arr\u00eat\u00e9 portant  autorisant la captation, \nl'enregistrement et la transmission d'images au \nmoyen de cam\u00e9ras install\u00e9es sur des a\u00e9ronefs \u00e0 \nl'occasion du concert de l'artiste Kaaris \u00e0 Paris La \nD\u00e9fense Ar\u00e9na le samedi 11  janvier 2025  85 \nAnnexes de l'arr\u00eat\u00e9 n\u00b02025 -00054 du 10  janvier 2025  88-89 \nE  = Cabinet  du pr\u00e9fet\nPR\u00c9FECTURE  ap\nDE POLICE\nLibert\u00e9\n\u00c9galit\u00e9\nFraternit\u00e9\n9 ntarr\u00eat\u00e9  n\u00b0 2025  00024\n. portant  d\u00e9signation  de la personne  responsable  de l'acc\u00e8s  aux  documents  administratifs  et des\nquestions  relatives  \u00e0 la r\u00e9utilisation  des  informations  publiques  (PRADA)\nLe pr\u00e9fet  de police,\nVU le code  des  relations  entre  le public  et l'administration,  notamment  ses articles  L. 330-1  et suivants  ;\nVU l'arr\u00eat\u00e9  pr\u00e9fectoral  n\u00b0 2022-00311  du 4 avril  2022  relatif  aux  missions  et \u00e0 l'organisation  du service  des\naffaires  juridiques  et du contentieux  ;\nVU le d\u00e9cret  du 20 juillet  2022  par lequel  M. Laurent  NUNEZ,  pr\u00e9fet,  coordonnateur  national  du\nrenseignement  et de la lutte  contre  le terrorisme,  est nomm\u00e9  pr\u00e9fet  de police  (hors  classe)  ;\nVU la d\u00e9cision  du ministre  de l'int\u00e9rieur  et des  outre-mer  du 19 septembre  2024  par  laquelle  Mme\nElisabeth  THERBY-VALE,  premi\u00e8re  conseill\u00e8re  du corps  des  magistrats  des  tribunaux  administratifs  et des\ncours  administratives  d'appel,  est affect\u00e9e  en qualit\u00e9  d'adjointe  au chef  du service  des  affaires  juridiques\net du contentieux  au secr\u00e9tariat  g\u00e9n\u00e9ral  pour  l'administration  de la pr\u00e9fecture  de police,  \u00e0 compter  du\n12 novembre  2024  ;\nSUR  proposition  de la pr\u00e9f\u00e8te,  directrice  de cabinet  du pr\u00e9fet  de police,  et du pr\u00e9fet,  secr\u00e9taire  g\u00e9n\u00e9ral\npour  l'administration,\nARR\u00caTE\nArticle  1\u00b0\nMme  Elisabeth  THERBY-VALE,  adjointe  au chef  du service  des  affaires  juridiques  et du contentieux,  est\nd\u00e9sign\u00e9e  personne  responsable  de l'acc\u00e8s  aux  documents  et des  questions  relatives  \u00e0 la r\u00e9utilisation  des\ninformations  publiques.  Dans  le cadre  de cette  d\u00e9signation,  ses coordonn\u00e9es  sont  fix\u00e9es  comme  suit  :\nElisabeth  THERBY-VALE\nAdjointe  au chef  du service  des  affaires  juridiques  et du contentieux\n1 bis,  rue  de Lut\u00e8ce\n75 195  PARIS  04\ncourriel  : docs-administratifs-prefecturedepolice@interieur.gouv.fr\nArticle  2\nLes coordonn\u00e9es  de l'autorit\u00e9  \u00e0 l'origine  de la pr\u00e9sente  d\u00e9signation  sont  fix\u00e9es  comme  suit  :\nM. le Pr\u00e9fet  de police\n1 bis,  rue  de Lut\u00e8ce\n75 195  PARIS  04\n\nArticle  3\nLe pr\u00e9sent  arr\u00eat\u00e9  sera  port\u00e9  \u00e0 la connaissance  du public  et de la Commission  d'acc\u00e8s  aux  documents\nadministratifs  dans  les quinze  jours  suivant  la publication.\nArticle  4\nLa pr\u00e9f\u00e8te,  directrice  de cabinet  et le pr\u00e9fet,  secr\u00e9taire  g\u00e9n\u00e9ral  pour  l'administration,  sont  charg\u00e9s,\nchacun  en ce qui le concerne,  de l'ex\u00e9cution  du pr\u00e9sent  arr\u00eat\u00e9  qui sera  publi\u00e9  aux  recueils  des  actes\nadministratifs  des  pr\u00e9fectures  des  d\u00e9partements  de la zone  de d\u00e9fense  et de s\u00e9curit\u00e9  de Paris.\nCa\nFait \u00e0 Paris,  le 0 7 JAN, 2025\nLaurent  NUNEZ\n2025-00024\n\nM  \u0178.  Cabinet  du pr\u00e9fet\nLibert\u00e9\n\u00c9galit\u00e9\nFraternit\u00e9\narr\u00eat\u00e9  n\u00b0 2025-00028\naccordant  d\u00e9l\u00e9gation  de signature  au commandant  de la r\u00e9gion  de gendarmerie  d'Ile-de-France,\ncommandant  la gendarmerie  pour  la zone  de d\u00e9fense  et s\u00e9curit\u00e9  de Paris,  en sa qualit\u00e9  de\nresponsable  de budget  op\u00e9rationnel  de programme  d\u00e9l\u00e9gu\u00e9\nLe pr\u00e9fet  de police,\nVU le code  de la d\u00e9fense  ;\nVU le code  de la s\u00e9curit\u00e9  int\u00e9rieure  ;\nVU  le d\u00e9cret  n\u00b0 2004-374  du 29 avril  2004  modifi\u00e9  relatif  aux  pouvoirs  des  pr\u00e9fets,  \u00e0\nl'organisation  et \u00e0 l'action  des  services  de l'Etat  dans  les r\u00e9gions  et d\u00e9partements,  notamment\nson  article  74;\nVU le d\u00e9cret  n\u00b02012-1246  du 7 novembre  2012  relatif  \u00e0 la gestion  budg\u00e9taire  et comptable\npublique  ;\nVU le d\u00e9cret  n\u00b0 2014-296  du 6 mars  2014  modifi\u00e9  relatif  aux  secr\u00e9tariats  g\u00e9n\u00e9raux  pour\nl'administration  du minist\u00e8re  de l'Int\u00e9rieur  et modifiant  diverses  dispositions  du code  de la\nd\u00e9fense  et du code  de la s\u00e9curit\u00e9  int\u00e9rieure  ;\nVU l'instruction  SG/DRH/SDP/BFPP/MG  N\u00b0 2009-091220  du ministre  de l'int\u00e9rieur,  de l'outre-mer\net des  collectivit\u00e9s  territoriales  du 8 d\u00e9cembre  2009  relative  au transfert  dans  les secr\u00e9tariats\ng\u00e9n\u00e9raux  pour  l'administration  de la police  de r\u00e9mun\u00e9ration  des  personnels  civils  de la direction\ng\u00e9n\u00e9rale  de la gendarmerie  nationale  affect\u00e9s  dans  les services  d\u00e9concentr\u00e9s  de la gendarmerie\nnationale  depuis  le 1\u00b0 janvier  2009  ;\nVU la convention  de d\u00e9l\u00e9gation  du 10 novembre  2009  entre  le repr\u00e9sentant  du programme  152\n\u00ab gendarmerie  nationale  \u00bb et le secr\u00e9taire  g\u00e9n\u00e9ral  du minist\u00e8re  de l'int\u00e9rieur,  de l'outre-mer  et\ndes  collectivit\u00e9s  territoriales  relative  \u00e0 l'immobilier  de la gendarmerie  nationale  ;\nVU le d\u00e9cret  du 20 juillet  2022  par lequel  M. Laurent  NUNEZ,  pr\u00e9fet,  coordonnateur  national  du\nrenseignement  et de la lutte  contre  le terrorisme,  est nomm\u00e9  pr\u00e9fet  de police  (hors  classe)  ;\nVU le d\u00e9cret  du 22 d\u00e9cembre  2022  par  lequel  M. Philippe  LE MOING  SURZUR,  administrateur\ng\u00e9n\u00e9ral  d\u00e9tach\u00e9  en qualit\u00e9  de sous-pr\u00e9fet  hors  classe,  sous-pr\u00e9fet  de Bayonne  (classe\nfonctionnelle  II), est nomm\u00e9  pr\u00e9fet,  secr\u00e9taire  g\u00e9n\u00e9ral  pour  l'administration  de la pr\u00e9fecture  de\npolice  ;\nVU le d\u00e9cret  du 3 janvier  2025  par lequel  M. le g\u00e9n\u00e9ral  de corps  d'arm\u00e9e  Pierre  CASAUBIEILH  est\nnomm\u00e9  commandant  de la r\u00e9gion  de gendarmerie  d'Ile-de-France,  commandant  la gendarmerie\npour  la zone  de d\u00e9fense  et de s\u00e9curit\u00e9  de Paris  ;\nSUR  proposition  du pr\u00e9fet,  secr\u00e9taire  g\u00e9n\u00e9ral  pour  l'administration  de la pr\u00e9fecture  de police,\nARRETE\nArticle  1\u00b0\nD\u00e9l\u00e9gation  permanente  est donn\u00e9e  au g\u00e9n\u00e9ral  de corps  d'arm\u00e9e  Pierre  CASAUBIEILH,\ncommandant  de la r\u00e9gion  de gendarmerie  d'Ile-de-France,  commandant  la gendarmerie  pour  la\n\nzone  de d\u00e9fense  et s\u00e9curit\u00e9  de Paris,  \u00e0 l'effet  de signer,  au nom  du pr\u00e9fet  de police  agissant  dans\nses fonctions  de pr\u00e9fet  de la zone  de d\u00e9fense  et de s\u00e9curit\u00e9  de Paris  et dans  la limite  de ses\nattributions,  les actes  suivants  concernant  l'engagement  et l'ordonnancement  des  recettes  et\nd\u00e9penses  imput\u00e9es  sur le budget  du minist\u00e8re  de l'int\u00e9rieur  (programme  n\u00b0 152,  \u00ab Gendarmerie\nNationale  \u00bb) :\n1\u00b0) La r\u00e9ception  des  cr\u00e9dits  du programme  152  \u00ab Gendarmerie  Nationale\u00bb  pour  le budget\nop\u00e9rationnel  de programme  (BOP)  \u00cele-de-France  (0152-DIDF)  ;\n2\u00b0) La r\u00e9partition  des  autorisations  d'engagement  et les cr\u00e9dits  de paiement  entre  les unit\u00e9s\nop\u00e9rationnelles  (UO)  charg\u00e9es  de leur  ex\u00e9cution  apr\u00e8s  validation  du pr\u00e9fet  de police  ;\n3\u00b0) La r\u00e9allocation  en autorisation  d'engagement  et en cr\u00e9dits  de paiement  entre  les UO,  en\ncours  d'exercice  budg\u00e9taire  ;\nSont  exclus  de la d\u00e9l\u00e9gation  :\n- les ordres  de r\u00e9quisition  du comptable  public  assignataire  pr\u00e9vus  par  le d\u00e9cret  du\n7 novembre  2012  susvis\u00e9  ;\n- la paye  des  agents  administratifs  et techniques  du minist\u00e8re  de l'int\u00e9rieur  affect\u00e9s  dans  les\nunit\u00e9s  du commandement  de la r\u00e9gion  de gendarmerie  d'Ile-de-France  ;\n- les op\u00e9rations  d\u00e9concentr\u00e9es  relatives  \u00e0 l'immobilier  de la gendarmerie  pr\u00e9vues  par  la\nconvention  de d\u00e9l\u00e9gation  du 10 novembre  2009  susvis\u00e9.\nL'exercice  de ces attributions  se fait  en lien  avec  le secr\u00e9tariat  g\u00e9n\u00e9ral  pour  l'administration  du\nminist\u00e8re  de l'int\u00e9rieur  (SGAMI)  de la zone  de d\u00e9fense  et de s\u00e9curit\u00e9  de Paris  qui lui apporte  son\nconcours.\nArticle  2\nLes actes  engageant  des  d\u00e9penses  sup\u00e9rieures  \u00e0 5 millions  d'euros  pour  lesquels  le g\u00e9n\u00e9ral  de\ncorps  d'arm\u00e9e  Pierre  CASAUBIEILH  a re\u00e7u  d\u00e9l\u00e9gation  de signature  en application  de l'article  1\u00b0\ndu pr\u00e9sent  arr\u00eat\u00e9  sont  exclus  de la d\u00e9l\u00e9gation  que  ce dernier  peut  consentir  aux  agents  plac\u00e9s\nsous  son autorit\u00e9  et au chef  du centre  op\u00e9rationnel  de soutien  infrastructure  et logement\n(commandement  du soutien  op\u00e9rationnel  de la gendarmerie  nationale)  en mati\u00e8re  de gestion\ndes  loyers.\nArticle  3\nEn cas d'absence  ou d'emp\u00e9chement  du g\u00e9n\u00e9ral  de corps  d'arm\u00e9e  Pierre  CASAUBIEILH,  la\nd\u00e9l\u00e9gation  qui lui est accord\u00e9e  \u00e0 l'article  1\u00b0 est exerc\u00e9e  par le g\u00e9n\u00e9ral  de division  Jacques  PLAYS,\ncommandant  en second  de la r\u00e9gion  de gendarmerie  d'Ile-de-France,  commandant  en second  la\ngendarmerie  pour  la zone  de d\u00e9fense  et de s\u00e9curit\u00e9  de Paris.\nArticle  4\nLe pr\u00e9fet,  secr\u00e9taire  g\u00e9n\u00e9ral  pour  l'administration  de la pr\u00e9fecture  de police,  et le g\u00e9n\u00e9ral,\ncommandant  de la r\u00e9gion  de gendarmerie  d'Ile-de-France,  commandant  la gendarmerie  pour  la\nzone  de d\u00e9fense  et de s\u00e9curit\u00e9  de Paris,  sont  charg\u00e9s,  chacun  en ce qui le concerne,  de\nl'ex\u00e9cution  du pr\u00e9sent  arr\u00eat\u00e9,  qui sera  publi\u00e9  au recueil  des  actes  administratifs  des  pr\u00e9fectures\nde la zone  de d\u00e9fense  et de s\u00e9curit\u00e9  de Paris.  L\u00c9\nFait \u00e0 Paris, le -7 JAN. 2025\naurent  NUNEZ\n2025-00028\n\nPREFECTURE  ap . .DE POLICE  TS,  Cabinet  du pr\u00e9fet\nLibert\u00e9\n\u00c9galit\u00e9\nFraternit\u00e9\nArr\u00eate  n\u00b0 2025-00029\nFixant  la liste  nominative  du personnel  apte  aux  interventions\na caract\u00e9re  chimique  et biologique  a Paris  et dans  les d\u00e9partements  des  Hauts-de-Seine,\nde la Seine-Saint-Denis  et du Val-de-Marne  pour  l'ann\u00e9e  2025\nLe pr\u00e9fet  de police,\nVU le code  g\u00e9n\u00e9ral  des  collectivit\u00e9s  territoriales  ;\nVU le code  de la d\u00e9fense,  notamment  ses articles  R. 1321-19  et suivants  ainsi  que  les articles\nR. 3222-13  et suivants  ;\nVU l'arr\u00eat\u00e9  minist\u00e9riel  du 23 mars  2006  fixant  le guide  national  de r\u00e9f\u00e9rence  relatif  aux\nrisques  chimiques  et biologiques  ;\nSUR  proposition  du g\u00e9n\u00e9ral  commandant  la brigade  de sapeurs-pompiers  de Paris,\nARR\u00caTE\nArticle  1\nLa liste  nominative  du personnel  de la brigade  de sapeurs-pompiers  de Paris  apte  aux\ninterventions  \u00e0 caract\u00e8re  chimique  et biologique  \u00e0 Paris  et dans  les d\u00e9partements  des  Hauts-\nde-Seine,  de la Seine-Saint-Denis  et du Val-de-Marne,  prise  en application  du titre  1,\nchapitre  2, paragraphe  2.8.  du guide  national  de r\u00e9f\u00e9rence  relatif  aux  risques  chimiques  et\nbiologiques,  est fix\u00e9e,  pour  l'ann\u00e9e  2025,  en annexe  du pr\u00e9sent  arr\u00eat\u00e9.\nArticle  2\nLe g\u00e9n\u00e9ral  commandant  la brigade  de sapeurs-pompiers  de Paris  est charg\u00e9  de l'ex\u00e9cution  du\npr\u00e9sent  arr\u00eat\u00e9,  qui sera  publi\u00e9  au recueil  des  actes  administratifs  des  pr\u00e9fectures  de Paris,  des\nHauts-de-Seine,  de la Seine-Saint-Denis  et du Val-de-Marne.\n\n2025-00029\nAnnexe  de l'arr\u00eat\u00e9  n\u00b0 du \u2014 7 JAN, 2025\nLISTE  D'APTITUDE  OP\u00c9RATIONNELLE  ZONALE  2025\nRISQUE  CHIMIQUE  BIOLOGIQUE\nCONSEILLER  TECHNIQUE  INTERVENTION  CHIMIQUE  [RCH  4]\n_ GRADE  _ NOM  | PR\u00c9NOM  FORMATION\nCOMMANDANT  CABIBEL  Nad\u00e8ge  RCH4\nCOMMANDANT  CATALA  Cyrille  RCH4\nCAPITAINE  ALMOND  Christophe  RCH4\nCAPITAINE  BOSELLI  Florent  RCH4\nCAPITAINE  MASSE  Rapha\u00e9l  RCH4\nCAPITAINE  PAGNOT  Yannick  RCH4\nCHEF  DE GROUPE  INTERVENTION  CHIMIQUE  [RCH  3]\n___ GRADE  ____  NOM  | PR\u00c9NOM  | FORMATION\nCOMMANDANT  BANASIAK  Julien  RCH3\nCOMMANDANT  BARTHELEMY  Nicolas  RCH3\nCOMMANDANT  BONNIER  Franck  RCH3\nCOMMANDANT  DAVID  Eric  RCH3\nCOMMANDANT  LINDEN  Nicolas  RCH3\nCOMMANDANT  MICOURAUD  Philippe  RCH3\nCAPITAINE  ALBAUT  J\u00e9r\u00f4me  RCH3\nCAPITAINE  BASSI\u00c8RE  Lo\u00efc RCH3\nCAPITAINE  BEAUMONT  Alexis  RCH3\nCAPITAINE  BECK  Samy  RCH3\nCAPITAINE  BIRCKENSTOCK  Philippe  RCH3\nCAPITAINE  BOULANG\u00c9  Anthony  RCH3\nCAPITAINE  CHEVALIER  Steeven  RCH3\nCAPITAINE  COURTIAL  Alexandre  RCH3\nCAPITAINE  ESCALLE  Thibaud  RCH3\nCAPITAINE  FRIZAC  Henri  RCH3\nCAPITAINE  GALLOIS  Lucas  RCH3\nCAPITAINE  GAUM\u00c9  Thomas  RCH3\nCAPITAINE  JOBBE  DUVAL  Jean RCH3\nCAPITAINE  LE MOIGN  Johan  RCH3\nCAPITAINE  LUX Nicolas  RCH3\nCAPITAINE  MARTY  Xavier  RCH3\nCAPITAINE  PAGNOT  Yannick  RCH3\nCAPITAINE  P\u00c9LISSIER  Benjamin  RCH3\nCAPITAINE  SONNTAG  J\u00e9r\u00f4me  RCH3\nCAPITAINE  TIBARBACHE  Hamza  RCH3\nCAPITAINE  TOUEBA  Yannick  RCH3\nCAPITAINE  URRUTIA  Benjamin  RCH3\nLIEUTENANT  BLANCH  Jordi  RCH3\nLIEUTENANT  DE LAFORCADE  Gabriel  RCH3\nPage  2 sur 6\n\nLIEUTENANT  JOURNEAUX  Victor  RCH3\nLIEUTENANT  PAUGAM  Yohann  RCH3\nLIEUTENANT  STEPHANIT  Alexis  RCH3\nMAJOR  BOURDIN  Pascal  RCH3\nADJUDANT-CHEF  AMAR  Samy  RCH3\nADJUDANT-CHEF  CONNAULT  Gr\u00e9gory  RCH3\nADJUDANT-CHEF  DEVIGNE  Cyril RCH3\nADJUDANT-CHEF  GANAYE  Nicolas  RCH3\nADJUDANT-CHEF  POTIER  DE COURCY  Benoit  RCH3\nADJUDANT-CHEF  QUENTIEN  Brice RCH3\nADJUDANT-CHEF  STANG  Didier  RCH3\nADJUDANT  CLAUDE  Gr\u00e9gory  RCH3\nADJUDANT  GRIMAUX  Sylvain  RCH3\nADJUDANT  LAHILLONNE  Olivier  RCH3\nSERGENT-CHEF  GROSJEAN  Aur\u00e9lien  RCH3\nEQUIPIER  INTERVENTION  RISQUE  CHIMIQUE  [RCH  2]\n___  GRADE  | NOM  | PR\u00c9NOM  | FORMATION\nADJUDANT-CHEF  KNOCKAERT  Cyril  RCH2\nADJUDANT  MARTINS  Micka\u00ebl  RCH2\nSERGENT-CHEF  BONNET-MURER  Olivier  RCH2\nSERGENT-CHEF  COADIC  Nicolas  RCH2\nSERGENT-CHEF  DEFEYER  R\u00e9mi RCH2\nSERGENT-CHEF  DELIKAYA  Vrej RCH2\nSERGENT-CHEF  ERNOTTE  Romain  RCH2\nSERGENT-CHEF  ESTIER  Jean-Fran\u00e7ois  RCH2\nSERGENT-CHEF  PETIT  St\u00e9phane  RCH2\nSERGENT  BELOT  J\u00e9rome  RCH2\nSERGENT  BERRANGER  Aur\u00e9lien  RCH2\nSERGENT  CLERC  Franck  RCH2\nSERGENT  CRESTEY  Baptiste  RCH2\nSERGENT  DELAUNAY-LEMOINE  Thomas  RCH2\nSERGENT  DUFOUR  Nicolas  RCH2\nSERGENT  DUGARO  Fr\u00e9d\u00e9ric  RCH2\nSERGENT  DURAND  St\u00e9phane  RCH2\nSERGENT  EPINAT  Anthony  RCH2\nSERGENT  JEMINA  Alexis  RCH2\nSERGENT  LE DILOSQUER  J\u00e9r\u00e9mie  RCH2\nSERGENT  MANSION  Alexandre  RCH2\nSERGENT  MOMENCEAU  J\u00e9r\u00e9my  RCH2\nSERGENT  RAYNAL  Alain  RCH2\nCAPORAL-CHEF  BARRAT  R\u00e9mi RCH2\nCAPORAL-CHEF  BLIN Adrien  RCH2\nCAPORAL-CHEF  BOURRASSEAU  Nicolas  RCH2\nCAPORAL-CHEF  BRUSCHET  Romain  RCH2\nCAPORAL-CHEF  CALI Alexis  RCH2\nPage  3 sur 6\n2025-00029\n\n2025-00029CAPORAL-CHEF  DEPARDIEU  Cl\u00e9ment  RCH2\nCAPORAL-CHEF  DEVAUX  Vincent  RCH2\nCAPORAL-CHEF  FROEHLY  Steven  RCH2\nCAPORAL-CHEF  GOUBOT  Anthony  RCH2\nCAPORAL-CHEF  JUVENIELLE  J\u00e9r\u00e9my  RCH2\nCAPORAL-CHEF  LABASSE  Guillaume  RCH2\nCAPORAL-CHEF  NEDELCU  Oscar  RCH2\nCAPORAL-CHEF  NICOLAS  Hugo  RCH2\nCAPORAL-CHEF  ROUDIERE  Vincent  RCH2\nCAPORAL-CHEF  THOURET  Denis  RCH2\nCAPORAL-CHEF  WACH  Laurent  RCH2\nCAPORAL  BAVAY  Florian  RCH2\nCAPORAL  GOUVERNEUR  Jimmy  RCH2\nCAPORAL  LOMBART  Romain  RCH2\nCAPORAL  NISGAND  Gr\u00e9gory  RCH2\nSAPEUR  DE 1ERE  CLASSE  LACOSTE  Thibault  RCH2\nEQUIPIER  RECONNAISSANCE  RISQUE  CHIMIQUE  [RCH  1]\n7 GRADE  7 NOM  | PR\u00c9NOM  | FORMATION  _\nCAPITAINE  BEAUCOURT  Pierre  RCH1\nCAPITAINE  BRICMAN  Thibaud  RCH1\nCAPITAINE  COURBEBAISSE  Jean  RCH1\nCAPITAINE  GASTALDELLO  Vincent  RCH1\nCAPITAINE  HERVE  Corentin  RCH1\nCAPITAINE  JADIN  Joffrey  RCH1\nCAPITAINE  LAMOUILLE  Cl\u00e9ment  RCH1\nCAPITAINE  LE TALLEC  Corentin  RCH1\nCAPITAINE  MEJEAN  Julien  RCH1\nCAPITAINE  QUENAN  Matthieu  RCH1\nCAPITAINE  ROY  Cl\u00e9ment  RCH1\nLIEUTENANT  CANAC  J\u00e9r\u00e9mie  RCH1\nLIEUTENANT  DAMON  Emile  RCH1\nLIEUTENANT  LEGRAND  Capucine  RCH1\nLIEUTENANT  LUCAS  Aur\u00e9lien  RCH1\nLIEUTENANT  PERRET  DU CRAY  Alexandre  RCH1\nLIEUTENANT  RAMOS  Nicolas  RCH1\nSERGENT  MALLET  Romain  RCH1\nCAPORAL-CHEF  BOLLE  Alexandre  RCH1\nCAPORAL-CHEF  CHEVALLIER  Victor  RCH1\nCAPORAL-CHEF  CHOMPRET  C\u00e9dric  RCH1\nCAPORAL-CHEF  DJITTE  Alhousseyni  RCH1\nCAPORAL-CHEF  GALLOT  Sylvain  RCH1\nCAPORAL-CHEF  GRUEL  Yoann  RCH1\nCAPORAL-CHEF  LEBLOND  C\u00e9dric  RCH1\nCAPORAL-CHEF  MAUBERT  Natacha  RCH1\nPage  4 sur 6\n\nCAPORAL-CHEF  NEGRE  Micka\u00e9l  RCH1\nCAPORAL-CHEF  POINSINET  DE SIVRY  R\u00e9mi  RCH1\nCAPORAL-CHEF  RIVALAIN  Guillaume  RCH1\nCAPORAL  ANTHOENE-PERRY  S\u00e9bastien  RCH1\nCAPORAL  BERTIN  Olivier  RCH1\nCAPORAL  BOSC  Geoffroy  RCH1\nCAPORAL  BOUCHERON  Romain  RCH1\nCAPORAL  DA ROCHA  Tony  RCH1\nCAPORAL  DENIS  Arthur  RCH1\nCAPORAL  DERVAL  Yoann  RCH1\nCAPORAL  DRONNE  Adrien  RCH1\nCAPORAL  FAUSTIN  Thomas  RCH1\nCAPORAL  GUINAMANT  Charly  RCH1\nCAPORAL  HAGNERE  Xavier  RCH1\nCAPORAL  HARENDARCZYK  Nathan  RCH1\nCAPORAL  JANOWSKI  Gr\u00e9gory  RCH1\nCAPORAL  JOPEK  Guillaume  RCH1\nCAPORAL  LELOUTRE  Thomas  RCH1\nCAPORAL  LEROUX-PRUVOST  Alexia  RCH1\nCAPORAL  MIOTTE  J\u00e9r\u00e9my  RCH1\nCAPORAL  NOTEBAERT  Corentin  RCH1\nCAPORAL  OUSTELANDT  Armand  RCH1\nCAPORAL  PELLON  Simon  RCH1\nCAPORAL  PERRAT  Jean-Christophe  RCH1\nCAPORAL  PERRON  Kevin  RCH1\nCAPORAL  PEYRAMAURE  Edith  RCH1\nCAPORAL  STANG  Matthieu  RCH1\nSAPEUR  DE 1ERE  CLASSE  ABDALLAH  Ibrahim  RCH1\nSAPEUR  DE 1ERE  CLASSE  ARCARO  Andr\u00e9a  RCH1\nSAPEUR  DE 1ERE  CLASSE  AVOT  Martin  RCH1\nSAPEUR  DE 1ERE  CLASSE  BLIOT  William  RCH1\nSAPEUR  DE 1ERE  CLASSE  BOUILLOT  Thomas  RCH1\nSAPEUR  DE 1ERE  CLASSE  BOUTKHIL  Soufiane  RCH1\nSAPEUR  DE 1ERE  CLASSE  CANNEHAN  Th\u00e9o  RCH1\nSAPEUR  DE 1ERE  CLASSE  | CHRESTIA-BLANCHINE  Jean  RCH1\nSAPEUR  DE 1ERE  CLASSE  COBOLA  Florian  RCH1\nSAPEUR  DE 1ERE  CLASSE  COMPPER  Jorgio  RCH1\nSAPEUR  DE 1ERE  CLASSE  CONAN  CALDAS  Nicolas  RCH1\nSAPEUR  DE 1ERE  CLASSE  CREFF  Paul  RCH1\nSAPEUR  DE 1ERE  CLASSE  DEMMA  Dylan  RCH1\nSAPEUR  DE 1ERE  CLASSE  DORNEL  Jean  RCH1\nSAPEUR  DE 1ERE  CLASSE  DUBOIS  Benjamin  RCH1\nSAPEUR  DE 1ERE  CLASSE  EL KHADDAR  Matthieu  RCH1\nSAPEUR  DE 1ERE  CLASSE  FAURE  Baptiste  RCH1\nSAPEUR  DE 1ERE  CLASSE  FOUCAULT  Julien  RCH1\nPage  5 sur 6\n2025-00029\n\nSAPEUR  DE 1ERE  CLASSE  GADRON  Samuel  RCH1\nSAPEUR  DE 1ERE  CLASSE  GIRARD  Florian  RCH1\nSAPEUR  DE.1ERE  CLASSE  GODFROID  Valentin  RCH1\nSAPEUR  DE 1ERE  CLASSE  GUERNEVE  S\u00e9bastien  RCH1\nSAPEUR  DE 1ERE  CLASSE  HAMOUDA  Nebil  RCH1\nSAPEUR  DE 1ERE  CLASSE  HUIN  Benoit  RCH1\nSAPEUR  DE 1ERE  CLASSE  KERSANTE  Armand  RCH1\nSAPEUR  DE 1ERE  CLASSE  LABARRE  Arnaud  RCH1\nSAPEUR  DE 1ERE  CLASSE  LACO  Gaultier  RCH1\nSAPEUR  DE 1ERE  CLASSE  LARDOT  Bastien  RCH1\nSAPEUR  DE 1ERE  CLASSE  LE MEILLOUR  Samuel  RCH1\nSAPEUR  DE 1ERE  CLASSE  LE STANG  Yohan  RCH1\nSAPEUR  DE 1ERE  CLASSE  LECLERE  Luckas  RCH1\nSAPEUR  DE 1ERE  CLASSE  LEJOT  Allan  RCH1\nSAPEUR  DE 1ERE  CLASSE  LIENARD  Thomas  RCH1\nSAPEUR  DE 1ERE  CLASSE  LINARD  Emrick  RCH1\nSAPEUR  DE 1ERE  CLASSE  LOURDELLE  J\u00e9r\u00e9my  RCH1\nSAPEUR  DE 1ERE  CLASSE  MAIRE  Anthony  RCH1\nSAPEUR  DE 1ERE  CLASSE  MARICEL  Josu\u00e9  RCH1\nSAPEUR  DE 1ERE  CLASSE  MICHEL  Eric  RCH1\nSAPEUR  DE 1ERE  CLASSE  MIRAN  Cl\u00e9ment  RCH1\nSAPEUR  DE 1ERE  CLASSE  MOUILLAC  Hadrien  RCH1\nSAPEUR  DE 1ERE  CLASSE  MOULINS  Romain  RCH1\nSAPEUR  DE 1ERE  CLASSE  NIAY  Florian  RCH1\nSAPEUR  DE 1ERE  CLASSE  PAYEN  Axel  RCH1\nSAPEUR  DE 1ERE  CLASSE  | _PELAEZ-CASARIEGO  Antonin  RCH1\nSAPEUR  DE 1ERE  CLASSE  PIEDNOEL  Hugo  RCH1\nSAPEUR  DE 1ERE  CLASSE  PREMILHAT  Constant  RCH1\nSAPEUR  DE 1ERE  CLASSE  QUONIAM  Florian  RCH1\nSAPEUR  DE 1ERE  CLASSE  SAID  Moustoifa  RCH1\nSAPEUR  DE 1ERE  CLASSE  SERGENT  Eliott  RCH1\nSAPEUR  DE 1ERE  CLASSE  TOHNO  Thibaut  RCH1\nSAPEUR  DE 1ERE  CLASSE  VALENTIN  Pac\u00f4me  RCH1\nSAPEUR  DE 1ERE  CLASSE  VASSEUR  Ga\u00ebl  RCH1\nSAPEUR  DE 1ERE  CLASSE  VENTI  Enzo  RCH1\nSAPEUR  DE 1ERE  CLASSE  VILLETTE  Quentin  RCH1\nSAPEUR  BOUCARD  Arthur  RCH1\nPage  6 sur 6\n2025-00029\n\nPREFECTURE  SP ; z\nDE POLICE  \u00dc Cabinet  du pr\u00e9fet\nLibert\u00e9\n\u00c9galit\u00e9\nFraternit\u00e9\narr\u00eat\u00e9  n\u00b0 2025-00030\nFixant  la liste  nominative  des  personnels  op\u00e9rationnels  du\ngroupe  cynotechnique  \u00e0 Paris  et dans  les d\u00e9partements  des  Hauts-de-Seine,\nde la Seine-Saint-Denis  et du Val-de-Marne  pour  l'ann\u00e9e  2025\nLe pr\u00e9fet  de police,\nVU le code  g\u00e9n\u00e9ral  des  collectivit\u00e9s  territoriales  ;\nVU le code  de la d\u00e9fense,  notamment  ses articles  R. 1321-19  et suivants  ainsi  que  les articles  R.\n3222-13  et suivants;\nVU l'arr\u00eat\u00e9  du ministre  de l'int\u00e9rieur  en date  du 18 janvier  2000  fixant  le guide  national  de\nr\u00e9f\u00e9rence  relatif  \u00e0 la cynotechnie  ;\nSUR  proposition  du g\u00e9n\u00e9ral  commandant  la brigade  de sapeurs-pompiers  de Paris,\nARRETE\nArticle  1\nLa liste  nominative  des  personnels  op\u00e9rationnels  du groupe  cynotechnique  de la ville  de Paris\net des  d\u00e9partements  des  Hauts-de-Seine,  de la Seine-Saint-Denis  et du Val-de-Marne,  prise  en\napplication  du titre  1, chapitre  3, paragraphe  3.4 du guide  national  de r\u00e9f\u00e9rence  relatif  \u00e0 la\ncynotechnie,  est fix\u00e9e,  pour  l'ann\u00e9e  2025,  en annexe  du pr\u00e9sent  arr\u00eat\u00e9.\nArticle  2\nLe g\u00e9n\u00e9ral  commandant  la brigade  de sapeurs-pompiers  de Paris  est charg\u00e9  de l'ex\u00e9cution  du\npr\u00e9sent  arr\u00eat\u00e9,  qui sera  publi\u00e9  au recueil  des  actes  administratifs  des  pr\u00e9fectures  de Paris,  des\nHauts-de-Seine,  de la Seine-Saint-Denis  et du Val-de-Marne.\nFait \u00e0 Paris,le  TM 7 JAN.  2025\nBobric  Bras 18 ic,\nElise  LAVIELLE\n\nAnnexe  de l'arr\u00eat\u00e9  n\u00b0 dd TM 7 JAN. 2025\nLISTE  D'APTITUDE  OPERATIONNELLE  ZONALE  2025\nCYNOTECHNIQUE\nCONSEILLER  TECHNIQUE  CYNOTECHNIQUE  [CYN  3]\nGRADE  NOM  PRENOM\nV\u00c9T\u00c9RINAIRE  BIOLOGISTE  EN\nCHEF  RINGOT  David\nCAPITAINE  PERETTI  \u00c9POUSE  CARDOSO  Christelle\nADJUDANT-CHEF  JONDEAU  Olivier\nSERGENT-CHEF  RIPOLL  Hugo\nCHEF  D'UNIT\u00c9  CYNOTECHNIQUE  [CYN  2\nGRADE  NOM  PRENOM\nSERGENT  GREGORIO  DE JESUS  Matthieu\nCAPORAL-CHEF  BALARD  Xavier\nCAPORAL  DE GEYER  D'ORTH  Guillaume\nCONDUCTEUR  CYNOTECHNIQUE  [CYN  1]\nGRADE  NOM  PRENOM\nSERGENT  LEBRAS-CUISSARD  Maxime\nCAPORAL-CHEF  ROTH  Dominique\nCAPORAL  RIBEIRO  LEITE  K\u00e9vin\nSAPEUR  DE 1ERE  CLASSE  ROBERT  Flavien\nSAPEUR  DE 1ERE  CLASSE  BOYER  Thomas\nCAPORAL  FAUGERE  Alexandre\nCHIENS  ET CONDUCTEURS\nNOM  DU CHIEN  IDENTIFICATION  CONDUCTEUR\nRAMSES  250269608649759  RIPOLL\nRYDERS  250269500820426  LEBRAS-CUISSARD\nPOPEYE  250269608253929  GREGORIO  DE JESUS\nJILL 250268600050971  BALARD\nRAVA  250268743580596  BALARD\nRAGNAR  250269590174911  ROTH\nMYSTIC  250269606529684  DE GEYER  D'ORTH\nSEIKA  250269610003469  DE GEYER  D'ORTH\nROUBLARD  250268743256937  RIBEIRO  LEITE\nPEAKY  ee.  250269608251398  ROBERT\nSTELLA  250268743736699  PERETTI\nPage  2 sur 2\n\nPREFECTURE  ap . ,DE POLICE  [1] Cabinet  du pr\u00e9fet\nLibert\u00e9\n\u00c9galit\u00e9\nFraternit\u00e9\nArr\u00eat\u00e9 n\u00b0 2025-00031\nFixant  la liste  nominative  du personnel  apte  \u00e0 l'exploration  de longue  dur\u00e9e\n\u00e0 Paris  et dans  les d\u00e9partements  des  Hauts-de-Seine,  de la Seine-Saint-Denis  et\ndu Val-de-Marne  pour  l'ann\u00e9e  2025\nLe pr\u00e9fet  de police,\nVU le code  g\u00e9n\u00e9ral  des  collectivit\u00e9s  territoriales  ;\nVU le code  de la d\u00e9fense,  notamment  ses articles  R. 1321-19  et suivants  ainsi  que  les articles\nR. 3222-13  et suivants  ;\nVU le r\u00e9f\u00e9rentiel  emploi  exploration  longue  dur\u00e9e  des  sapeurs-pompiers  de la ZDS  de Paris  en\ndate  du 22 janvier  2015  ;\nSUR  proposition  du g\u00e9n\u00e9ral  commandant  la brigade  de sapeurs-pompiers  de Paris  ;\nARRETE\nArticle  1\nLa liste  nominative  du personnel  de la brigade  de sapeurs-pompiers  de Paris  apte  \u00e0\nl'exploration  longue  dur\u00e9e  \u00e0 Paris  et dans  les d\u00e9partements  des  Hauts-de-Seine,  de la Seine-\nSaint-Denis  et du Val-de-Marne,  est fix\u00e9e,  pour  l'ann\u00e9e  2025,  en annexe  du pr\u00e9sent  arr\u00eat\u00e9.\nArticle  2\nLe g\u00e9n\u00e9ral  commandant  la brigade  de sapeurs-pompiers  de Paris  est charg\u00e9  de l'ex\u00e9cution  du\npr\u00e9sent  arr\u00eat\u00e9,  qui sera  publi\u00e9  au recueil  des  actes  administratifs  des  pr\u00e9fectures  de Paris,  des\nHauts-de-Seine,  de la Seine-Saint-Denis  et du Val-de-Marne.\nFait \u00e0 Paris, le - 7 JAN. 2025 Le pr\u00e9fet de police,\n\"Elise  LAVIELLE\n\n2025-00031\nAnnexe  de l'arr\u00e9t\u00e9  n\u00b0 du - 7 JAN, 2025\nLISTE  D'APTITUDE  OPERATIONNELLE  ZONALE  2025\nEXPLORATION  LONGUE  DUREE\nCHEF  DE SECTION  ELD\nGRADE  +7. NOM  PRENOM  FORMATION\nCAPITAINE  DELCEY  Aur\u00e9lien  CDS  ELD\nCAPITAINE  FEBVRE  Maxime  CDS ELD\nCAPITAINE  SALMON  Benjamin  CDS ELD\nCAPITAINE  DIE C\u00e9dric  CDS ELD\nCAPITAINE  URRUTIA  Benjamin  CDS ELD\nCAPITAINE  LE DROGO  Christophe  CDS  ELD\nCAPITAINE  ABADIE  jonathan  CDS ELD\nLIEUTENANT  CANAC  J\u00e9r\u00e9mie  CDS ELD\nADJUDANT-CHEF  TEISSIER  Micha\u00ebl  CDS ELD\nADJUDANT-CHEF  KASBI  Benoit-Elie  CDS ELD\nADJUDANT-CHEF  OLIVIER  Cyril CDS ELD\nADJUDANT-CHEF  GANAYE  Nicolas  CDS ELD\nCHEF  D'UNITE  ELD .\nGRADE  NOM  PR\u00c9NOM  FORMATION\nADJUDANT  GALAND  Camille  CDG ELD\nADJUDANT  LEVILLY  Guillaume  CDG ELD\nADJUDANT  LAURAIN  Bruno  CDG  ELD\nADJUDANT  GRISON  J\u00e9rome  CDG  ELD\nSERGENT-CHEF  FOE Tobie  CDG ELD\nSERGENT-CHEF  BRETOT  Damien  CDG ELD\nSERGENT-CHEF  MORLON  Thomas  CDG ELD\nSERGENT-CHEF  BOVIGNY  Mehdi  CDG ELD\nSERGENT-CHEF  L\u00c9GAL  Thomas  CDG ELD\nSERGENT-CHEF  COOMANS  Yan CDG  ELD\nSERGENT-CHEF  FEHR  J\u00e9r\u00e9mie  CDG ELD\nSERGENT-CHEF  FEREZ  C\u00e9dric  CDG  ELD\nSERGENT-CHEF  DESHAIES  Armand  CDG  ELD\nSERGENT-CHEF  CHAUMES  Bruno  CDG  ELD\nSERGENT-CHEF  SEIGNEZ  Robin  CDG  ELD\nSERGENT-CHEF  DANDOIS  Nicolas  CDG  ELD\nSERGENT-CHEF  LEJEUNE  Julien  CDG  ELD\nSERGENT  +s,  BERTRAND  Valentin  CDG  ELD\nSERGENT  i CHESNEL  Stephen  CDG  ELD\nPage  2 sur5\n\nEQUIPIER  ELD\nGRADE  NOM  PRENOM  FORMATION\nLIEUTENANT  ROY  L\u00e9o Equip.  ELD\nLIEUTENANT  LUCAS  Aur\u00e9lien  Equip.  ELD\nSERGENT  COUROUX  S\u00e9bastien  Equip.  ELD\nSERGENT  GROSLAMBERT  Thibaut  Equip.  ELD\nSERGENT  ROMIEN  Eliott  Equip.  ELD\nSERGENT  WILS  Arthur  Equip.  ELD\nSERGENT  DEVEAUX  Simon  Equip.  ELD\nSERGENT  ROY  William  Equip.  ELD\nSERGENT  ADOBET  C\u00e9dric  Equip.  ELD\nSERGENT  REVOY  Anthony  Equip.  ELD\nSERGENT  MOREL  Florian  Equip.  ELD\nSERGENT  LECUYER  Kevin  Equip.  ELD\nSERGENT  LIBERCIER  Thibault  Equip.  ELD\nSERGENT  KACZMAREK  Olivier  Equip.  ELD\nSERGENT  JACQUEMETTON  Robin  Equip.  ELD\nSERGENT  GUYADER  J\u00e9r\u00f4me  \u00c9quip.  ELD\nSERGENT  BUIS  Rapha\u00ebl  \u00c9quip.  ELD\nSERGENT  PASQUET  Marc  \u00c9quip.  ELD\nSERGENT  CHOPIN  Mathieu  \u00c9quip.  ELD\nCAPORAL-CHEF  FAUCOMPREZ  Corentin  \u00c9quip.  ELD\nCAPORAL-CHEF  GALLY  Martin  \u00c9quip.  ELD\nCAPORAL-CHEF  GERNIGON  Romain  \u00c9quip.  ELD\nCAPORAL-CHEF  GRANGEAT  Benjamin  \u00c9quip.  ELD\nCAPORAL-CHEF  LAGOUGE  Benoit  \u00c9quip.  ELD\nCAPORAL-CHEF  MARCHAND  Maxime  \u00c9quip.  ELD\nCAPORAL-CHEF  PERRIN  Mathieu  \u00c9quip.  ELD\nCAPORAL-CHEF  ROLS  Lo\u00efc \u00c9quip.  ELD\nCAPORAL-CHEF  SADI  Julien  \u00c9quip.  ELD\nCAPORAL-CHEF  SAMSOEN  Franck  \u00c9quip.  ELD\nCAPORAL-CHEF  POITRIMOL  Quentin  Equip.  ELD\nCAPORAL-CHEF  MOLANO  Duncan  Equip.  ELD\nCAPORAL-CHEF  LATREUILLE  Lucas  Equip.  ELD\nCAPORAL-CHEF  LE HIR Adrien  Equip.  ELD\nCAPORAL-CHEF  FAUCHEUX  Francois  Equip.  ELD\nCAPORAL-CHEF  ROUHIER  Lucas  Equip.  ELD\nCAPORAL-CHEF  VINCELOT  Guillaume  Equip.  ELD\nCAPORAL-CHEF  PUJOL  Damien  Equip.  ELD\nPage  3 sur5\n2025-00031\n\nCAPORAL-CHEF  SOLO  Florent  Equip.  ELD\nCAPORAL-CHEF  GREGOIRE  Adrien  Equip.  ELD\nCAPORAL-CHEF  GANGNEUX  Antoine  Equip.  ELD\nCAPORAL-CHEF  BATISTA  Sonny  Equip.  ELD\nCAPORAL-CHEF  DESCHAMPS  Simon  Equip.  ELD\nCAPORAL-CHEF  DAMAREY  Aur\u00e9lien  Equip.  ELD\nCAPORAL-CHEF  ALBINET  Geoffrey  Equip.  ELD\nCAPORAL-CHEF  VALET  Guillaume  Equip.  ELD\nCAPORAL-CHEF  DIAKITE  Silly Equip.  ELD\nCAPORAL-CHEF  BODINEAU  Thomas  Equip.  ELD\nCAPORAL-CHEF  AVITABILE  Evan  Equip.  ELD\nCAPORAL-CHEF  VALENTIN  Thomas  Equip.  ELD\nCAPORAL-CHEF  PINTO  Andr\u00e9  Equip.  ELD\nCAPORAL-CHEF  BRICOGNE  Ludovic  Equip.  ELD\nCAPORAL-CHEF  GRUEL  Thomas  Equip.  ELD\nCAPORAL-CHEF  GUIHENEUF  Bastien  Equip.  ELD\nCAPORAL-CHEF  LONGIN  Guillaume  Equip.  ELD\nCAPORAL-CHEF  DEGRENIER  Romain  Equip.  ELD\nCAPORAL-CHEF  BOCQUILLION  Loic Equip.  ELD\nCAPORAL-CHEF  BOINOT  Nathan  Equip.  ELD\nCAPORAL-CHEF  MONTOUT  Nicolas  Equip.  ELD\nCAPORAL  LAUNAY  Justin  Equip.  ELD\nCAPORAL  MORGADINHO  Jordan  Equip.  ELD\nCAPORAL  MORI  Jean-Laurent  Equip.  ELD\nCAPORAL  ROCHER  Steven  Equip.  ELD\nCAPORAL  SA\u00cfDI  Malik  \u00c9quip.  ELD\nCAPORAL  SALA  S\u00e9bastien  \u00c9quip.  ELD\nCAPORAL  TASBILLE  Yohan  \u00c9quip.  ELD\nCAPORAL  KADOUN  Rayane  \u00c9quip.  ELD\nCAPORAL  BELORGEY  Franck  \u00c9quip.  ELD\nCAPORAL  JACQUES  Matthieu  \u00c9quip.  ELD\nCAPORAL  GROSBOIS  Louis  \u00c9quip.  ELD\nCAPORAL  RUELLAN  Fran\u00e7ois  \u00c9quip.  ELD\nCAPORAL  SCAILLET  Alexandre  \u00c9quip.  ELD\nCAPORAL  ROUSSEL  K\u00e9vin  \u00c9quip.  ELD\nCAPORAL  FISCHER  Tim  \u00c9quip.  ELD\nCAPORAL  CLAEYSSEN  Maxime  \u00c9quip.  ELD\nCAPORAL  BODIGUEL  Lo\u00e4nn  \u00c9quip.  ELD\nCAPORAL  BOULANGER  Louis  \u00c9quip.  ELD\nCAPORAL  SILVESTRE  Benoit  \u00c9quip.  ELD\nPage  4sur5\n2025-00031\n\nCAPORAL  BADUEL  Lucca  Equip.  ELD\nCAPORAL  PARIS  Pierre-Yves  Equip.  ELD\nCAPORAL  COQUIZART  Geoffroy  Equip.  ELD\nCAPORAL  DUVERGNE  Quentin  Equip.  ELD\nSAPEUR  DE 1ERE  CLASSE  BAILLY  Kevin  Equip.  ELD\nSAPEUR  DE 1ERE  CLASSE  CONFORTO  Marvin  Equip.  ELD\nSAPEUR  DE 1ERE  CLASSE  GONTIER  Mickael  Equip.  ELD\nSAPEUR  DE 1ERE  CLASSE  GRIMM  Alex  Equip.  ELD\nSAPEUR  DE 1ERE CLASSE  GUYON  Dylan  Equip.  ELD\nSAPEUR  DE 1ERE  CLASSE  LELIEVRE  William  Equip.  ELD\nSAPEUR  DE 1ERE  CLASSE  MARSAT  Enzo  Equip.  ELD\nSAPEUR  DE 1ERE  CLASSE  PERRICAUD  Logan  Equip.  ELD\nSAPEUR  DE 1ERE  CLASSE  SIEGEL  Alexandre  Equip.  ELD\nSAPEUR  DE 1ERE  CLASSE  TEXIER  Cl\u00e9ment  Equip.  ELD\nSAPEUR  DE 1ERE  CLASSE  EON  Maxence  Equip.  ELD\nSAPEUR  DE 1ERE  CLASSE  ZAHM  Lucas  Equip.  ELD\nSAPEUR  DE 1ERE  CLASSE  DEMMERLE  Lucien  Equip.  ELD\nSAPEUR  DE 1ERE  CLASSE  MALOT  Loan  Equip.  ELD\nSAPEUR  DE 1ERE  CLASSE  MONTARU  Valentin  Equip.  ELD\nSAPEUR  DE 1ERE  CLASSE  VARELA  MONTEIRO  Damilson  Equip.  ELD\nSAPEUR  DE 1ERE  CLASSE  GONCALVES  Axel  Equip.  ELD\nSAPEUR  DE 1ERE  CLASSE  LE GOE  K\u00e9vin  Equip.  ELD\nSAPEUR  DE 1ERE  CLASSE  LEDOUX  Alexandre  Equip.  ELD\nSAPEUR  DE 1ERE  CLASSE  ROBERT  Tom  Equip.  ELD\nSAPEUR  DE 1ERE  CLASSE  BREHELIN  Steven  Equip.  ELD\nSAPEUR  DE 1ERE  CLASSE  LUCE-VERONIQUE  Corentin  Equip.  ELD\nSAPEUR  DE 1ERE  CLASSE  SIMONET--CINQUE  Valentin  Equip.  ELD\nSAPEUR  DE 1ERE  CLASSE  ISACHENKO  Johan  Equip.  ELD\nSAPEUR  DE 1ERE  CLASSE  LE FAOU  Valentin  Equip.  ELD\nSAPEUR  DE 1ERE  CLASSE  AGNERAY  Axel  Equip.  ELD\nSAPEUR  HARDY  Alexis  Equip.  ELD\nSAPEUR  MASSON  Lyam  Equip.  ELD\nPage  5sur5\n2025-00031\n\nPREFECTURE  m=! Cabinet  du pr\u00e9fetDE POLICE  [1] F\nLibert\u00e9\n\u00c9galit\u00e9\nFraternit\u00e9\narr\u00eat\u00e9  n\u00b0 2025-00032\nfixant  la liste  nominative  du personnel  apte  dans  le domaine  des  feux  de for\u00e9ts\na Paris  et dans  les d\u00e9partements  des  Hauts-de-Seine,\nde la Seine-Saint-Denis  et du Val-de-Marne\npour  l'ann\u00e9e  2025\nLe pr\u00e9fet  de police,\nVU le code  g\u00e9n\u00e9ral  des  collectivit\u00e9s  territoriales  ;\nVU le code  de la d\u00e9fense,  notamment  ses articles  R. 1321-19  et suivants  ainsi  que  les articles\nR. 3222-13  et suivants  ;\nVU l'arr\u00eat\u00e9  minist\u00e9riel  modifi\u00e9  du 6 septembre  2001  fixant  le guide  national  de r\u00e9f\u00e9rence\nrelatif  aux  feux  de for\u00eats  ;\nSUR  proposition  du g\u00e9n\u00e9ral,  commandant  la brigade  de sapeurs-pompiers  de Paris,\nARRETE\nArticle  1\nLa liste  nominative  du personnel  de la brigade  de sapeurs-pompiers  de Paris  apte  dans  le\ndomaine  \u00ab feux  de for\u00eats  \u00bb \u00e0 Paris  et dans  les d\u00e9partements  des  Hauts-de-Seine,  de la Seine-\nSaint-Denis  et du Val-de-Marne,  prise  en application  du titre  1, chapitre  3, paragraphe  3.2.  du\nguide  national  de r\u00e9f\u00e9rence  relatif  aux  \u00ab feux  de for\u00eats  \u00bb, est fix\u00e9e  pour  l'ann\u00e9e  2025,  en\nannexe  du pr\u00e9sent  arr\u00eat\u00e9.\nArticle  2\nLe g\u00e9n\u00e9ral  commandant  la brigade  de sapeurs-pompiers  de Paris  est charg\u00e9  de l'ex\u00e9cution  du\npr\u00e9sent  arr\u00eat\u00e9,  qui sera  publi\u00e9  au recueil  des  actes  administratifs  des  pr\u00e9fectures  de Paris,  des\nHauts-de-Seine,  de la Seine-Saint-Denis  et du Val-de-Marne.\nFait \u00e0 Paris,le  ~ 7 JAN. 2025 Le pr\u00e9fet  de police,\nPour  le Pr\u00e9fet  de Police,\nus-Rr\u00e9f\u00e8te,\njoi Cabinet\nElise  LAVIELLE\n\n2025-00032\nAnnexe  de l'arr\u00eat\u00e9  n\u00b0 du \u2014 7 JAN. 2025\nLISTE  D'APTITUDE  OP\u00c9RATIONNELLE  ZONALE  2025\nFEUX  DE FORET\nCHEF  DE COLONNE  [FDF  4]\nGRADE  |  NOM  PR\u00c9NOM  FORMATION\nCOMMANDANT  FRITSCH  Pierre-Antoine  FDF4\nCOMMANDANT  LAURENT  S\u00e9bastien  FDF4\nCAPITAINE  PAGNOT  Yannick  FDF4\nCAPITAINE  GAUME  Thomas  FDF4\nCAPITAINE  MIELE  Alexandre  FDF4\nCAPITAINE  ALBAUT  J\u00e9r\u00f4me  FDF4\nCHEF  DE GROUPE  [FDF  3]\n___ GRADE  NOM  __ PR\u00c9NOM  | FORMATION\nCAPITAINE  URRUTIA  Benjamin  FDF3\nLIEUTENANT  VERG\u00c9  J\u00e9r\u00e9mie  FDF3\nADJUDANT-CHEF  BAFFOIGNE  Didier  FDF3\nSERGENT-CHEF  VERGEAU  Victor  FDF3\nSERGENT-CHEF  BOIZUMAULT  Alexandre  FDF3\nADJUDANT  AUER  Sylvain  FDF3\nADJUDANT  DESPORTEAUX  Eric  FDF3\nADJUDANT  GRIMAUX  Sylvain  FDF3\nCHEF  D'AGR\u00c8S  [FDF  2]\nGRADE  NOM PRENOM  |__ FORMATION\nCOMMANDANT  JACQUEMIN  Christophe  FDF2\nCOMMANDANT  CATALA  Cyrille  FDF2\nCAPITAINE  LEFRANGOIS  Aymeric  FDF2\nCAPITAINE  FEBVRE  Maxime  FDF2\nCAPITAINE  BASSIERE  Loic FDF2\nCAPITAINE  LE DROGO  Christophe  FDF2\nCAPITAINE  MOLINEAU  Cl\u00e9ment  FDF2\nLIEUTENANT  CHOUQUET  S\u00e9bastien  FDF2\nASPIRANT  SABY  Pascal  FDF2\nADJUDANT-CHEF  ZLAMANCZUK  St\u00e9phane  FDF2\nADJUDANT-CHEF  GANAYE  Nicolas  FDF2\nADJUDANT-CHEF  KNOCKAERT  Ciryl FDF2\nADJUDANT-CHEF  B\u00c9VAN  Xavier  FDF2\nADJUDANT-CHEF  T\u00c9TARD  Fr\u00e9d\u00e9ric  FDF2\nADJUDANT  BRUNEL  Marc FDF2\nADJUDANT  ~ BALVA  Alexandre  FDF2\nADJUDANT  BLANCHARD  Lo\u00efc  FDF2\nADJUDANT  LEMONNIER  Guillaume  FDF2\nADJUDANT  BOULDOIRES  Jean-Marc  FDF2\nADJUDANT  LE METAYER  Julien  FDF2\nSERGENT-CHEF  RYON  Martin  FDF2\nSERGENT-CHEF  LEYNAUD  Guillaume  FDF2\nPage  215\n\nSERGENT-CHEF  PIERROT  Emilien  FDF2\nSERGENT-CHEF  JAGLINE  Jonathan  FDF2\nSERGENT  HUET  Benoit  FDF2\nSERGENT  KERSKENS  S\u00e9bastien  FDF2\nSERGENT  MARIE  Yohann  FDF2\nSERGENT  BIHLMAIER  Lilian  FDF2\nCAPORAL-CHEF  BERTON  Anthony  FDF2\nCAPORAL-CHEF  CANAL  R\u00e9my  FDF2\nCAPORAL-CHEF  CARQUEVILLE  Olivier  FDF2\nCAPORAL-CHEF  CHAPON  C\u00e9dric  FDF2\nCAPORAL-CHEF  CORNILLE  Benjamin  FDF2\nCAPORAL-CHEF  CROSNIER  Guillaume  FDF2\nCAPORAL-CHEF  DARCHIS  Yohann  FDF2\nCAPORAL-CHEF  DAVID  Paul FDF2\nCAPORAL-CHEF  FAUCHE  Thomas  FDF2\nCAPORAL-CHEF  GODECAUX  Thibault  FDF2\nCAPORAL-CHEF  GROB  Alexandre  FDF2\nCAPORAL-CHEF  LEGRAND  Cl\u00e9ment  FDF2\nCAPORAL-CHEF  MAYNAUD  Lucas  FDF2\nCAPORAL-CHEF  MELLINAS  Christophe  FDF2\nCAPORAL-CHEF  OHLMANN  S\u00e9bastien  FDF2\nCAPORAL-CHEF  PEDRONO  Alexandre  FDF2\nCAPORAL-CHEF  PHAM  Arnault  FDF2\nCAPORAL-CHEF  POULEYN  Arnaud  FDF2\nCAPORAL-CHEF  ROUSIC  Yoann  FDF2\nCAPORAL-CHEF  ZIETEK  S\u00e9bastien  FDF2\nCAPORAL-CHEF  JOLY  Yoann  FDF2\nCAPORAL-CHEF  CAMBRAY  Sylvain  FDF2\nCAPORAL  CHABRIAIS  Vincent  FDF2\nCAPORAL  SIVARD  Wilfried  FDF2\nEQUIPIERS  [FDF  1]\nGRADE  ___  NOM  |  PR\u00c9NOM  __|  FORMATION.\nCAPITAINE  DEL\u00c9COLLE  Alexandre  FDF1\nLIEUTENANT  HECKLER  Julien  FDF1\nLIEUTENANT  LUCAS  Aur\u00e9lien  FDF1\nMAJOR  AUBIN  David  FDF1\nMAJOR  FOURNERET  Alban  FDF1\nADJUDANT  CARDOSO  Gr\u00e9gory  FDF1\nSERGENT-CHEF  PIGNY  Maxime  FDF1\nSERGENT-CHEF  GUERRERO  Lo\u00efc  FDF1\nSERGENT-CHEF  IRAN  Benjamin  FDF1\nSERGENT-CHEF  LEMARDELEY  Balthazar  FDF\nSERGENT-CHEF  ESTIER  Jeff FDF1\nSERGENT-CHEF  DUR\u00c9LEAU  Simon  FDF1\nSERGENT-CHEF  COLOM\u00c9-VAN  BAALEN  Tom  FDF1\nPage  315\n2025-00032\n\nSERGENT-CHEF  ENGUEHARD  Pierre  FDF1\nSERGENT  BEHENG  David  FDF1\nSERGENT  DAGES  Guillaume  FDF1\nSERGENT  BELOT  J\u00e9r\u00f4me  FDF1\nSERGENT  SMORTO  Antonin  FDF1\nSERGENT  SCHECK  Anthony  FDF1\nSERGENT  DUDOUET  Andr\u00e9a  FDF1\nSERGENT  DEVERNAY  R\u00e9my  FDF1\nSERGENT  LE NEURES  Maxime  FDF1\nCAPORAL-CHEF  FOUILLOUX  COUPAT  Sullivan  FDF1\nCAPORAL-CHEF  BONNIN  Paul FDF1\nCAPORAL-CHEF  VALENTIN  Thibault  FDF1\nCAPORAL-CHEF  BOUTINOT  Thibaud  FDF1\nCAPORAL-CHEF  LAVERGNE  Fran\u00e7ois  FDF1\nCAPORAL-CHEF  DEBUIRE  Ga\u00e9tan  FDF1\nCAPORAL-CHEF  CREZZINI  Yannick  FDF1\nCAPORAL-CHEF  BOLLE  Alexandre  FDF1\nCAPORAL-CHEF  BLIN  Adrien  FDF1\nCAPORAL-CHEF  CASTAGNOS  Matthias  FDF1\nCAPORAL-CHEF  GIRON  Thibaud  FDF1\nCAPORAL-CHEF  GARCIA-CERDAN  Alexis  FDF1\nCAPORAL-CHEF  FAURIAT  Nathan  FDF1\nCAPORAL-CHEF  BONNOT  L\u00e9opold  FDF1\nCAPORAL-CHEF  MURAT  DE CHASSELOUP  LAUBAT  Gabriel  FDF1\nCAPORAL-CHEF  GARACHON  Mehdi  FDF1\nCAPORAL-CHEF  WILLIER  Nicolas  FDF1\nCAPORAL-CHEF  CHR\u00c9TIEN  Baptiste  FDF1\nCAPORAL-CHEF  HAFFNER  Julien  FDF1\nCAPORAL-CHEF  RUAULT  Fran\u00e7ois  FDF1\nCAPORAL  GIRARDIN  S\u00e9bastien  FDF1\nCAPORAL  JUMELIN  Romain  FDF1\nCAPORAL  LIONNET  Geoffrey  FDF1\nCAPORAL  PORET  Tony  FDF1\nCAPORAL  QUARTIER  Mark  FDF1\nCAPORAL  RENAULT  Julien  FDF1\nCAPORAL  BARRE  Alexis  FDF1\nCAPORAL  SCOPPINI  Lorenzo  FDF1\nCAPORAL  JEROME  C\u00e9dric  FDF1\nCAPORAL  MILLET  Samuel\nCAPORAL  BRUEZIERE  Romain\nCAPORAL  RIOUL  Xavier\nCAPORAL  JACQUEMIN  Adrien\nPierre-\nCAPORAL  CORNET  Alexandre\nCAPORAL  VALLET  Romain\nPage  4|5\n2025-00032\n\n2025-09032CAPORAL  ANTHOENE-PERRY  S\u00e9bastien\nCAPORAL  DA ROCHA  Tony\nCAPORAL  OUSTELANDT  Armand\nCAPORAL  CORNILLIE  Victor\nCAPORAL  MELLOUKI  Adam\nCAPORAL  TARDY-PANIS  Aur\u00e9lie\nCAPORAL  VACHER  Benoit\nCAPORAL  COLIN  Arnaud\nCAPORAL  CHABRIAIS  Vincent  FDF1\nCAPORAL  SIVARD  Wilfried  FDF1\nSAPEUR  DE 1ERE  CLASSE  BALDUCCI  Guillaume  FDF1\nSAPEUR  DE 1ERE  CLASSE  BARES  Ga\u00ebtan  FDF1\nSAPEUR  DE 1ERE  CLASSE  BATTEUX  Th\u00e9o  FDF1\nSAPEUR  DE 1ERE  CLASSE  GALLO  Nicolas  FDF1\nSAPEUR  DE 1ERE  CLASSE  LECHENE  Christophe  FDF1\nSAPEUR  DE 1ERE  CLASSE  LOPEZ  Corentin  FDF1\nSAPEUR  DE 1ERE  CLASSE  SIRIONGUE  Vincent  FDF1\nSAPEUR  DE 1ERE  CLASSE  WIRTH  Ludovic  FDF1\nSAPEUR  DE 1ERE  CLASSE  H\u00c9RAULT  Alan  FDF1\nSAPEUR  DE 1ERE  CLASSE  NORROY  Romain  FDF1\nSAPEUR  DE 1ERE  CLASSE  PIZEL  Kevin  FDF1\nSAPEUR  DE 1ERE  CLASSE  TRIBOTTE  Kevin  FDF1\nSAPEUR  DE 1ERE  CLASSE  CORDIER  Romain  FDF1\nSAPEUR  DE 1ERE  CLASSE  JABALLAH  Myriam  FDF1\nSAPEUR  DE 1ERE  CLASSE  HUIN  Benoit  FDF1\nSAPEUR  DE 1ERE  CLASSE  LEJOT  Allan  FDF1\nSAPEUR  DE 1ERE  CLASSE  BOUNOUA  Jordan  FDF1\nSAPEUR  DE 1ERE  CLASSE  BRUISSON  J\u00e9r\u00e9my  FDF1\nSAPEUR  DE 1ERE  CLASSE  NICOLAS  Killian  FDF1\nSAPEUR  DE 1ERE  CLASSE  HOURDEBAIGT  Pierre  FDF1\nSAPEUR  DE 1ERE  CLASSE  YVON  Thomas  FDF1\nSAPEUR  DE 1ERE  CLASSE  FONTAINE  Romain  FDF1\nSAPEUR  DE 1ERE  CLASSE  BOTTEREAU  K\u00e9vin  FDF1\nSAPEUR  DE 1ERE  CLASSE  GALBRUN  Vincent  FDF1\nSAPEUR  DE 1ERE  CLASSE  MESLEM  Julien  FDF1\nSAPEUR  ESTIENNE  Jules  FDF1\nSAPEUR  SANCHEZ  Axel  FDF1\nPage  5|5\n\nPREFECTURE  ap | |\nDE POLICE  a Cabinet  du pr\u00e9fet\nLibert\u00e9\n\u00c9galit\u00e9\nFraternit\u00e9\nArr\u00eat\u00e9  n\u00b0 2025-00033\nfixant  la liste  nominative  du personnel  op\u00e9rationnel\ndans  le domaine  des  interventions  en milieu  p\u00e9rilleux\net montagne  (IMPM)\na Paris  et dans  les d\u00e9partements  des  Hauts-de-Seine,  de la Seine-Saint-Denis\net du Val-de-Marne  pour  l'ann\u00e9e  2025\nLe pr\u00e9fet  de police,\nVU le code  g\u00e9n\u00e9ral  des  collectivit\u00e9s  territoriales  ;\nVU le code  de la d\u00e9fense,  notamment  ses articles  R. 1321-19  et suivants  ainsi  que  les articles\nR. 3222-13  et suivants  ;\nVU l'arr\u00eat\u00e9  minist\u00e9riel  modifi\u00e9  du 18 ao\u00fbt  1999  fixant  le guide  national  de r\u00e9f\u00e9rence  relatif  au\ngroupe  de reconnaissance  et d'intervention  en milieu  p\u00e9rilleux  ;\nVU l'arr\u00eat\u00e9  minist\u00e9riel  du 29 avril  2004  fixant  le guide  national  de r\u00e9f\u00e9rence  relatif  aux\ninterventions  en site  souterrain  ;\nSUR  proposition  du g\u00e9n\u00e9ral  commandant  la brigade  de sapeurs-pompiers  de Paris,\nARRETE\nArticle  1\nLa liste  nominative  des  personnels  op\u00e9rationnels  dans  le domaine  des  interventions  en milieu\np\u00e9rilleux  et montagne  (IMPM)  \u00e0 Paris  et dans  les d\u00e9partements  des  Hauts-de-Seine,  de la\nSeine-Saint-Denis  et du Val-de-Marne,  prise  en application  du titre  1, chapitre  2, paragraphe\n2.4.1  des  guides  nationaux  de r\u00e9f\u00e9rences  GRIMP  et ISS,  est fix\u00e9e  pour  l'ann\u00e9e  2025,  en annexe\ndu pr\u00e9sent  arr\u00eat\u00e9.\nArticle  2\nLe g\u00e9n\u00e9ral  commandant  la brigade  de sapeurs-pompiers  de Paris  est charg\u00e9  de l'ex\u00e9cution  du\npr\u00e9sent  arr\u00eat\u00e9,  qui sera  publi\u00e9  au recueil  des  actes  administratifs  des  pr\u00e9fectures  de Paris,  des\nHauts-de-Seine,  de la Seine-Saint-Denis  et du Val-de-Marne.\nFait \u00e0 Paris,le  TM 7 JAN. 2025 Le pr\u00e9fet  de police,\n\n2025-00033\nAnnexe  de l'arr\u00eat\u00e9  n\u00b0 du\nConseiller  technique  (CT)  IMPM~ 7 JAN. 2025\nLISTE  D'APTITUDE  OPERATIONNELLE  ZONALE  2025\nINTERVENTIONS  EN MILIEUX  P\u00c9RILLEUX  ET MONTAGNE!\nGRADE:  | NOM  PRENOM  FORMATIONS\nADJUDANT-CHEF  MONTIEL  Juan-Antonio  IMP3 | _X\nChef  de section  (CDS)  et chef  d'unit\u00e9  (CU)  IMPM\nGRADE  _ __NOM  __ PRENOM  IMP  | ss.\nADJUDANT  MAMET  Kevin  IMP3  x\nADJUDANT  MAUDUIT  Gr\u00e9gory  IMP3 X\nSERGENT-CHEF  GUERARD  Pierre  IMP3\nSERGENT-CHEF  SEVESTRE  Paul IMP3\nEquipier  (EQ)  IMPM\nGRADE  NOM  PRENOM  IMP ISS\nCAPITAINE  FRITSCH  Pierre-Antoine  IMP2\nSERGENT  CORBIN  Simon  IMP2\nCAPORAL-CHEF  CHOULET  St\u00e9phane  IMP2 x\nCAPORAL-CHEF  CHAUVET  Antoine  IMP2\nCAPORAL-CHEF  JACOB  K\u00e9vin  IMP2 x\nCAPORAL-CHEF  MULSANT  R\u00e9mi IMP2\nCAPORAL-CHEF  MEUNIER  Gilles  IMP2\nCAPORAL-CHEF  ANSERMIN  J\u00e9r\u00e9mie  IMP2\nCAPORAL-CHEF  BONAMOUR  Alexandre  IMP2\nCAPORAL-CHEF  SIMONNET  F\u00e9licien  IMP2\nCAPORAL-CHEF  LESEC  Mathieu  IMP2\nCAPORAL  EGAUX  Anthony  IMP2 x\nCAPORAL  MYARD  Yoann  IMP2\nCAPORAL  DARD  Lucas  IMP2\nCAPORAL  CHAUVIN  Jean-Baptiste  IMP2\nCAPORAL  MOULIN  Anthony  IMP2\nCAPORAL  DOPPIA  Pierre  IMP2\nCAPORAL  BOURREAU  Antoine  IMP2\nCAPORAL  BOLLA  Simon  IMP2\nSAPEUR  DE 1ERE  CLASSE  KAUPP  Vincent  IMP2\nSAPEUR  DE 1ERE  CLASSE  GILLES  Lexy  IMP2\n'\neg  S.\nme\n%\n* Organisation  conforme  au GDO IMPM,  2\u00b0\" \u00e9dition,  juin 2021,  chapitre  4 / \u00a7 2.1.\nPage  2 sur 2\n\nPREFECTURE  ap . .DE POLICE  \u0178.  Cabinet  du pr\u00e9fet\nLibert\u00e9\n\u00c9galit\u00e9\nFraternit\u00e9\nArr\u00eat\u00e9 n\u00b0 2025-00034\nFixant  la liste  nominative  du personnel  apte  \u00e0 l'h\u00e9litreuillage\na Paris  et dans  les d\u00e9partements  des  Hauts-de-Seine,  de la Seine-Saint-Denis  et du Val-de-\nMarne  pour  l'ann\u00e9e  2025\nLe pr\u00e9fet  de police,\nVU le code  g\u00e9n\u00e9ral  des  collectivit\u00e9s  territoriales  ;\nVU le code  de la d\u00e9fense,  notamment  ses articles  R. 1321-19  et suivants  ainsi  que  les articles\nR. 3222-13  et suivants  ;\nVU la directive  du 13 janvier  2006  du pr\u00e9fet,  directeur  de la d\u00e9fense  et de la s\u00e9curit\u00e9  civile\nhaut  fonctionnaire  de d\u00e9fense  sur la gestion  des  h\u00e9licopt\u00e8res  de la s\u00e9curit\u00e9  civile  ;\nSUR  proposition  du g\u00e9n\u00e9ral  commandant  la brigade  de sapeurs-pompiers  de Paris,\nARRETE\nArticle  1\nLa liste  nominative  du personnel  de la brigade  de sapeurs-pompiers  de Paris  apte\n\u00ab h\u00e9litreuillage  \u00bb \u00e0 Paris  et dans  les d\u00e9partements  des  Hauts-de-Seine,  de la Seine-Saint-Denis\net du Val-de-Marne,  est fix\u00e9e  pour  l'ann\u00e9e  2025,  en annexe  du pr\u00e9sent  arr\u00eat\u00e9.\nArticle  2\nLe g\u00e9n\u00e9ral  commandant  la brigade  de sapeurs-pompiers  de Paris  est charg\u00e9  de l'ex\u00e9cution  du\npr\u00e9sent  arr\u00eat\u00e9,  qui  sera  publi\u00e9  au recueil  des  actes  administratifs  des  pr\u00e9fectures  de Paris,  des\nHauts-de-Seine,  de la Seine-Saint-Denis  et du Val-de-Marne.\nFait \u00e0 Paris,le  OQ 7 JAN.  2025  Le pr\u00e9fet  de police,\n(Elise  LAVIELLE\n\n2025-00034\nAnnexe  de l'arr\u00eat\u00e9  n\u00b0 du =7 JAN,  2025\nLISTE  D'APTITUDE  OPERATIONNELLE  ZONALE  2025\nH\u00c9LITREUILLAGE\nSP\u00c9CIALISTES  DU DOMAINE  D'INTERVENTION  EN MILIEUX  P\u00c9RILLEUX  ET MONTAGNE\n(IMPM)\nepkoe  OUR.  SNom  | PRENOM  FONCTION\nADJUDANT-CHEF  MONTIEL  Juan-Antonio  IMPM\nADJUDANT  MAUDUIT  Gr\u00e9gory  IMPM\nADJUDANT  MAMET  Kevin  IMPM\nSERGENT-CHEF  SEVESTRE  Paul IMPM\nSERGENT-CHEF  GUERARD  Pierre  IMPM\nCAPORAL-CHEF  JACOB  K\u00e9vin  IMPM\nCAPORAL-CHEF  CHOULET  St\u00e9phane  IMPM\nCAPORAL-CHEF  MULSANT  R\u00e9mi  IMPM\nCAPORAL-CHEF  MEUNIER  Gilles  IMPM\nCAPORAL-CHEF  BONAMOUR  Alexandre  IMPM\nCAPORAL-CHEF  ANSERMIN  J\u00e9r\u00e9mie  IMPM\nCAPORAL-CHEF  LESEC  Mathieu  IMPM\nCAPORAL-CHEF  CHAUVET  Antoine  IMPM\nCAPORAL  EGAUX  Anthony  IMPM\nCAPORAL  CHAUVIN  Jean-Baptiste  IMPM\nCAPORAL  DARD  Lucas  IMPM\nCAPORAL  MYARD  Yoann  IMPM\nCAPORAL  MOULIN  Anthony  IMPM\nSAPEUR  DE 1ERE  CLASSE  KAUPP  Vincent  IMPM\nSP\u00c9CIALISTES  SUBQUATIQUES  ET AQUATIQUES  (SUBAQUA)\nGRADE  _ NOM  PR\u00c9NOM  FONCTION\nCAPITAINE  BOISSINOT  Charles  SUBAQUA\nADJUDANT-CHEF  BOUDET  S\u00e9bastien  SUBAQUA\nADJUDANT-CHEF  DECLERCQ  Romain  SUBAQUA\nSERGENT-CHEF  TEDALDI  Thibault  SUBAQUA\nSERGENT  FLISCOUNAKIS  Laurent  SUBAQUA\nSERGENT  VERCRUYSSE  Yannick  SUBAQUA\nSERGENT  VERNAY  J\u00e9r\u00e9my  SUBAQUA\nCAPORAL-GHEF  ABDOURAZAKOU  Swadric  SUBAQUA\nCAPORAL-CHEF  MONTEGNIES  Evan  SUBAQUA\nCAPORAL-CHEF  HAUDRY  Etienne  SUBAQUA\nSERGENT  MARCHAL  Samson  SUBAQUA\nCAPORAL-CHEF  CAPONY  Maxime  SUBAQUA\nCAPORAL-CHEF  COPLO  Julien  SUBAQUA\nCAPORAL  FRAN\u00c7OIS  C\u00e9dric  SUBAQUA\nPage  2 sur 3\n\n2025-00034CAPORAL  MICHEL  Charles  SUBAQUA\nCAPORAL  VERHAUVEN  Arthur  SUBAQUA\nCAPORAL  JARRIER  Quentin  SUBAQUA\nCAPORAL  JAOUEN  William  SUBAQUA\nCAPORAL  VERNAY  Damien  SUBAQUA\nSAPEUR  DE 1ERE  CLASSE  FONTAINE  Martial  SUBAQUA\nSAPEUR  DE 1ERE  CLASSE  DROGUET  Gaetan  SUBAQUA\nSAPEUR  DE 1ERE  CLASSE  VERNAY  Alan  SUBAQUA\nPage  3 sur 3\n\nPREFECTURE  SP ;\nDE POLICE  a Cabinet  du pr\u00e9fet\nLibert\u00e9\n\u00c9galit\u00e9\nFraternit\u00e9\narate\"  \u2014 2025-00035\nFixant  la liste  nominative  du personnel  apte  aux  interventions\n\u00e0 caract\u00e8re  radiologique  \u00e0 Paris  et dans  les d\u00e9partements  des  Hauts-de-Seine,  de la Seine-\nSaint-Denis  et du Val-de-Marne  pour  l'ann\u00e9e  2025\nLe pr\u00e9fet  de police,\nVU le code  g\u00e9n\u00e9ral  des  collectivit\u00e9s  territoriales  ;\nVU le code  de la d\u00e9fense,  notamment  ses articles  R. 1321-19  et suivants  ainsi  que  les articles\nR. 3222-13  et suivants  ;\nVU l'arr\u00eat\u00e9  minist\u00e9riel  modifi\u00e9  du 20 d\u00e9cembre  2002  fixant  le guide  national  de r\u00e9f\u00e9rence\nrelatif  aux  risques  radiologiques  ;\nSUR  proposition  du g\u00e9n\u00e9ral  commandant  la brigade  de sapeurs-pompiers  de Paris,\nArr\u00e9te\nArticle  1\nLa liste  nominative  du personnel  de la brigade  de sapeurs-pompiers  de Paris  apte  aux\ninterventions  a caract\u00e8re  radiologique  \u00e0 Paris  et dans  les d\u00e9partements  des  Hauts-de-Seine,\nde la Seine-Saint-Denis  et du Val-de-Marne,  prise  en application  du titre  1, chapitre  2,\nparagraphe  2.8.  du guide  national  de r\u00e9f\u00e9rence  relatif  aux  risques  radiologiques,  est fix\u00e9e\npour  l'ann\u00e9e  2025,  en annexe  du pr\u00e9sent  arr\u00eat\u00e9.\nArticle  2\nLe g\u00e9n\u00e9ral  commandant  la brigade  de sapeurs-pompiers  de Paris  est charg\u00e9  de l'ex\u00e9cution  du\npr\u00e9sent  arr\u00e9t\u00e9,  qui sera  publi\u00e9  au recueil  des  actes  administratifs  des  pr\u00e9fectures  de Paris,  des\nHauts-de-Seine,  de la Seine-Saint-Denis  et du Val-de-Marne.\nFait  \u00e0 Paris,le  ~ 7 JAN. 2025 LO GEEFEPAER  AUB ice\nLa Sous-Pr\u00e9fg\nDirectrice  Adjoint\nElise  LAVIELLE\n\n2025-00035  -> = 7 JAN, 2025Annexe  de l'arr\u00eat\u00e9  n\u00b0\nLISTE  D'APTITUDE  OP\u00c9RATIONNELLE  ZONALE  2025\nRISQUE  RADIOLOGIQUE\nCONSEILLER  TECHNIQUE  INTERVENTION  RADIOLOGIQUE  [RAD  4]\nGRADE  _ NOM  PRENOM  FORMATION\nCOMMANDANT  CABIBEL  Nad\u00e9ge  RAD4\nCOMMANDANT  CATALA  Cyrille  RAD4\nCAPITAINE  BEAUMONT  Alexis  RAD4\nCAPITAINE  BOSELLI  Florent  RAD4\nCAPITAINE  COURTIAL  Alexandre  RAD4\nCAPITAINE  MASSE  Rapha\u00e9l  RAD4\nCHEF  DE GROUPE  INTERVENTION  RADIOLOGIQUE  [RAD  3]\nGRADE  : NOM  __ PR\u00c9NOM  | FORMATION\nCOMMANDANT  LINDEN  Nicolas  RAD3\nCOMMANDANT  BANASIAK  Julien  RAD3\nCOMMANDANT  BARTHELEMY  Nicolas  RAD3\nCOMMANDANT  BONNIER  Franck  RAD3\nCOMMANDANT  DAVID  Eric  RAD3\nCOMMANDANT  MICOURAUD  Philippe  RAD3\nCAPITAINE  PAGNOT  Yannick  RAD3\nCAPITAINE  ALMOND  Christophe  RAD3\nCAPITAINE  BASSI\u00c8RE  Lo\u00efc RAD3\nCAPITAINE  BECK  Samy  RAD3\nCAPITAINE  BIRCKENSTOCK  Philippe  RAD3\nCAPITAINE  BOULANG\u00c9  Anthony  RAD3\nCAPITAINE  CHEVALIER  Steeven  RAD3\nCAPITAINE  ESCALLE  Thibaud  RAD3\nCAPITAINE  FRANCOIS  Nicolas  RAD3\nCAPITAINE  FRIZAC  Henri  RAD3\nCAPITAINE  GALLOIS  Lucas  RAD3\nCAPITAINE  GAUM\u00c9  Thomas  RAD3\nCAPITAINE  LE MOIGN  Johan  RAD3\nCAPITAINE  LUX Nicolas  RAD3\nCAPITAINE  MARTY  Xavier  RAD3\nCAPITAINE  P\u00c9LISSIER  Benjamin  RAD3\nCAPITAINE  SONNTAG  J\u00e9r\u00f4me  RAD3\nCAPITAINE  TIBARBACHE  Hamza  RAD3\nCAPITAINE  TOUEBA  Yannick  RAD3\n! CAPITAINE  URRUTIA  Benjamin  RAD3\nLIEUTENANT  DE LAFORCADE  Gabriel  RAD3\nLIEUTENANT  JOURNEAUX  Victor  RAD3\nLIEUTENANT  PAUGAM  Yohann  RAD3\nMAJOR  BOURDIN  Pascal  RAD3\nPage  2 sur 6\n\n2025-Uu035ADJUDANT-CHEF  AMAR  Samy  RAD3\nADJUDANT-CHEF  CONNAULT  Gr\u00e9gory  RAD3\nADJUDANT-CHEF  DEVIGNE  Cyril  RAD3\nADJUDANT-CHEF  GANAYE  Nicolas  RAD3\nADJUDANT-CHEF  KNOCKAERT  Cyril  RAD3\nADJUDANT-CHEF  POTIER  DE COURCY  Benoit  RAD3\nADJUDANT-CHEF  QUENTIEN  Brice  RAD3\nADJUDANT-CHEF  STANG  Didier  RAD3\nADJUDANT  CLAUDE  Gr\u00e9gory  RAD3\nADJUDANT  GRIMAUX  Sylvain  RAD3\nADJUDANT  LAHILLONNE  Olivier  RAD3\nSERGENT-CHEF  PETIT  St\u00e9phane  RAD3\nEQUIPIER  INTERVENTION  RADIOLOGIQUE  [RAD  2]\n_GRADE  LEE  NOM  __| PR\u00c9NOM  | FORMATION\nLIEUTENANT  BLANCH  Jordi  RAD2\nLIEUTENANT  ST\u00c9PHANIT  Alexis  RAD2\nADJUDANT  MARTINS  Micka\u00ebl  RAD2\nSERGENT-CHEF  BONNET-MURER  Olivier  RAD2\nSERGENT-CHEF  COADIC  Nicolas  RAD2\nSERGENT-CHEF  DEFEYER  R\u00e9mi  RAD2\nSERGENT-CHEF  DELIKAYA  Vrej  RAD2\nSERGENT-CHEF  ERNOTTE  Romain  RAD2\nSERGENT-CHEF  ESTIER  Jean-Francois  RAD2\nSERGENT-CHEF  GROSJEAN  Aur\u00e9lien  RAD2\n. SERGENT-CHEF  PACHURA  Francois  RAD2\nSERGENT-CHEF  PIGNY  Maxime  RAD2\nSERGENT-CHEF  POUILLOT  Josselin  RAD2\nSERGENT-CHEF  RENAULT  Alexis  RAD2\nSERGENT  BERRANGER  Aur\u00e9lien  RAD2\nSERGENT  CLERC  Franck  RAD2\nSERGENT  CRESTEY  Baptiste  RAD2\nSERGENT  DELAUNAY-LEMOINE  Thomas  RAD2\nSERGENT  DUFOUR  Nicolas  RAD2\nSERGENT  DUGARO  Fr\u00e9d\u00e9ric  RAD2\nSERGENT  EPINAT  Anthony  RAD2\nSERGENT  JEMINA  Alexis  RAD2\nSERGENT  LE DILOSQUER  J\u00e9r\u00e9mie  RAD2\nSERGENT  MANSION  Alexandre  RAD2\nSERGENT  MOMENCEAU  J\u00e9r\u00e9my  RAD2\nSERGENT  RAYNAL  Alain  RAD2\nSERGENT  BERRANGER  Aur\u00e9lien  RAD2\nCAPORAL-CHEF  BARRAT  R\u00e9mi  RAD2\nCAPORAL-CHEF  BOLLE  Alexandre  RAD2\nCAPORAL-CHEF  BRUSCHET  Romain  RAD2\nPage  3 sur 6\n\nCAPORAL-CHEF  CALI  Alexis  RAD2\nCAPORAL-CHEF  DEPARDIEU  Cl\u00e9ment  RAD2\nCAPORAL-CHEF  DEVAUX  Vincent  RAD2\nCAPORAL-CHEF  FROEHLY  Steven  RAD2\nCAPORAL-CHEF  GOUBOT  Anthony  RAD2\nCAPORAL-CHEF  JUVENIELLE  J\u00e9r\u00e9my  RAD2\nCAPORAL-CHEF  LABASSE  Guillaume  RAD2\nCAPORAL-CHEF  NEDELCU  Oscar  RAD2\nCAPORAL-CHEF  NICOLAS  Hugo  RAD2\nCAPORAL-CHEF  ROUDIERE  Vincent  RAD2\nCAPORAL-CHEF  WACH  Laurent  RAD2\nCAPORAL  BAVAY  Florian  RAD2\nCAPORAL  GOUVERNEUR  Jimmy  RAD2\nCAPORAL  LOMBART  Romain  RAD2\nCAPORAL  NISGAND  Gr\u00e9gory  RAD2\nEQUIPIER  RECONNAISSANCE  RADIOLOGIQUE  [RAD  1]\nGRADE  | __ NOM  PR\u00c9NOM  | FORMATION\nSERGENT  MALLET  Romain  RAD2\nCAPORAL-CHEF  CHOMPRET  C\u00e9dric  RAD2\nCAPORAL-CHEF  BOURRASSEAU  Nicolas  RAD2\nCAPORAL-CHEF  DJITTE  Alhousseyni  RAD2\nCAPORAL-CHEF  GALLOT  Sylvain  RAD2\nCAPORAL-CHEF  GRUEL  Yoann  RAD2\nCAPORAL-CHEF  LEBLOND  C\u00e9dric  RAD2\nCAPORAL-CHEF  MAUBERT  Natacha  RAD1\nCAPORAL-CHEF  NEGRE  Micka\u00e9l  RAD1\nCAPORAL-CHEF  POINSINET  DE SIVRY  R\u00e9mi  RAD1\nCAPORAL-CHEF  RIVALAIN  Guillaume  RAD1\nCAPORAL-CHEF  THOURET  Denis  RAD1\nCAPORAL  STANG  Matthieu  RAD1\nCAPORAL  ANTHOENE-PERRY  S\u00e9bastien  RAD1\nCAPORAL  BERTIN  Olivier  RAD1\nCAPORAL  BOSC  Geoffroy  RAD1\nCAPORAL  BOUCHERON  Romain  RAD1\nCAPORAL  DA ROCHA  Tony  RAD1\nCAPORAL  DENIS  Arthur  RAD1\nCAPORAL  DERVAL  Yoann  RAD1\nCAPORAL  DRONNE  Adrien  RAD1\nCAPORAL  FAUSTIN  Thomas  RAD1\nCAPORAL  FONTANIE  Guillaume  RAD1\nCAPORAL  GUINAMANT  Charly  RAD1\nCAPORAL  HAGNERE  Xavier  RAD1\nCAPORAL  HARENDARCZYK  Nathan  RAD1\nCAPORAL  JANOWSKI  Gr\u00e9gory  RAD1\nPage  4sur  6\n2025-00035\n\nCAPORAL  JOPEK  Guillaume  RAD1\nCAPORAL  LELOUTRE  Thomas  RAD1\nCAPORAL  LEROUX-PRUVOST  Alexia  RAD1\nCAPORAL  MIOTTE  J\u00e9r\u00e9my  RAD1\nCAPORAL  NOTEBAERT  Corentin  RAD1\nCAPORAL  OUSTELANDT  Armand  RAD1\nCAPORAL  PELLON  Simon  RAD1\nCAPORAL  PERRAT  Jean-Christophe  RAD1\nCAPORAL  PERRON  Kevin  RAD1\nCAPORAL  PEYRAMAURE  Edith  RAD1\nSAPEUR  DE 1ERE  CLASSE  SALLE  Adrien  RAD1\nSAPEUR  DE 1ERE  CLASSE  ABDALLAH  Ibrahim  RAD1\nSAPEUR  DE 1ERE  CLASSE  ARCARO  Andr\u00e9a  RAD1\nSAPEUR  DE 1ERE  CLASSE  AVOT  Martin  RAD1\nSAPEUR  DE 1ERE  CLASSE  BLIOT  William  RAD1\nSAPEUR  DE 1ERE  CLASSE  BOUILLOT  Thomas  RAD1\nSAPEUR  DE 1ERE  CLASSE  BOUTKHIL  Soufiane  RAD1\nSAPEUR  DE 1ERE  CLASSE  CANNEHAN  Th\u00e9o  RAD1\nSAPEUR  DE 1ERE  CLASSE  | CHRESTIA-BLANCHINE  Jean  RAD1\nSAPEUR  DE 1ERE  CLASSE  COBOLA  Florian  RAD1\nSAPEUR  DE 1ERE  CLASSE  COMPPER  Jorgio  RAD1\nSAPEUR  DE 1ERE  CLASSE  CONAN  CALDAS  Nicolas  RAD1\nSAPEUR  DE 1ERE  CLASSE  CREFF  Paul  RAD1\nSAPEUR  DE 1ERE  CLASSE  DEMMA  Dylan  RAD1\nSAPEUR  DE 1ERE  CLASSE  DORNEL  Jean  RAD1\nSAPEUR  DE 1ERE  CLASSE  DUBOIS  Benjamin  RAD1\nSAPEUR  DE 1ERE  CLASSE  EL KHADDAR  Matthieu  RAD1\nSAPEUR  DE 1ERE  CLASSE  FAURE  Baptiste  RAD1\nSAPEUR  DE 1ERE  CLASSE  FOUCAULT  Julien  RAD1\nSAPEUR  DE 1ERE  CLASSE  GADRON  Samuel  RAD1\nSAPEUR  DE 1ERE  CLASSE  GIRARD  Florian  RAD1\nSAPEUR  DE 1ERE  CLASSE  GODFROID  Valentin  RAD1\nSAPEUR  DE 1ERE  CLASSE  GUERNEVE  S\u00e9bastien  RAD1\nSAPEUR  DE 1ERE  CLASSE  HAMOUDA  Nebil:  RAD1\nSAPEUR  DE 1ERE  CLASSE  HUIN  Benoit  RAD1\nSAPEUR  DE 1ERE  CLASSE  KERSANTE  Armand  RAD1\nSAPEUR  DE 1ERE  CLASSE  LABARRE  Arnaud  RAD1\nSAPEUR  DE 1ERE  CLASSE  LACO  Gaultier  RAD1\nSAPEUR  DE 1ERE  CLASSE  LARDOT  Bastien  RAD1\nSAPEUR  DE 1ERE  CLASSE  LE MEILLOUR  Samuel  RAD1\nSAPEUR  DE 1ERE  CLASSE  LE STANG  Yohan  RAD1\nSAPEUR  DE 1ERE  CLASSE  LECLERE  Luckas  RAD1\nSAPEUR  DE 1ERE  CLASSE  LEJOT  Allan  RAD1\nSAPEUR  DE 1ERE  CLASSE  LIENARD  Thomas  RAD1\nPage  5 sur 6\n2025-00035\n\nSAPEUR  DE 1ERE  CLASSE  LINARD  Emrick  RAD1\nSAPEUR  DE 1ERE  CLASSE  LOURDELLE  J\u00e9r\u00e9my  RAD1\nSAPEUR  DE 1ERE  CLASSE  LOUVET  Louki  RAD1\nSAPEUR  DE 1ERE  CLASSE  MAIRE  Anthony  RAD1\nSAPEUR  DE 1ERE  CLASSE  MARICEL  Josu\u00e9  RAD1\nSAPEUR  DE 1ERE  CLASSE  MARTEAU  Benoit  RAD1\nSAPEUR  DE 1ERE  CLASSE:  MICHEL  Eric RAD1\nSAPEUR  DE 1ERE  CLASSE  MIRAN  Cl\u00e9ment  RAD1\nSAPEUR  DE 1ERE  CLASSE  MOUILLAC  Hadrien  RAD1\nSAPEUR  DE 1ERE  CLASSE  MOULINS  Romain  RAD1\nSAPEUR  DE 1ERE  CLASSE  NIAY  Florian  RAD1\nSAPEUR  DE 1ERE  CLASSE  PAYEN  Axel  RAD1\nSAPEUR  DE 1ERE  CLASSE  | PELAEZ-CASARIEGO  Antonin  RAD1\nSAPEUR  DE 1ERE  CLASSE  PIEDNO\u00cbL  Hugo  RAD1\nSAPEUR  DE 1ERE  CLASSE  PREMILHAT  Constant  RAD1\nSAPEUR  DE 1ERE  CLASSE  QUONIAM  Florian  RAD1\nSAPEUR  DE 1ERE  CLASSE  SAID  Moustoifa  RAD1\nSAPEUR  DE 1ERE  CLASSE  SERGENT  Eliott  RAD1\nSAPEUR  DE 1ERE  CLASSE  TOHNO  Thibaut  RAD1\nSAPEUR  DE 1ERE  CLASSE  VALENTIN  Pac\u00f4me  RAD1\nSAPEUR  DE 1ERE  CLASSE  VASSEUR  Ga\u00ebl  RAD1\nSAPEUR  DE 1ERE  CLASSE  VENTI  Enzo  RAD1\nSAPEUR  DE 1ERE  CLASSE  VILLETTE  Quentin  RAD1\nSAPEUR  BOUCARD  Arthur  RAD1\nPage  6 sur  6\n2025-00035\n\nPREFECTURE  SGP . ;\nDE POLICE  a Cabinet  du pr\u00e9fet\nLibert\u00e9\n\u00c9galit\u00e9\nFraternit\u00e9\nArr\u00eat\u00e9  n\u00b0 2025-00036\nFixant  la liste  nominative  du personnel  apte  au sauvetage-d\u00e9blaiement\n\u00e0 Paris  et dans  les d\u00e9partements  des  Hauts-de-Seine,  de la Seine-Saint-Denis\net du Val-de-Marne  pour  l'ann\u00e9e  2025\nLe pr\u00e9fet  de police,\nVU le code  g\u00e9n\u00e9ral  des  collectivit\u00e9s  territoriales  ;\nVU le code  de la d\u00e9fense,  notamment  ses articles  R. 1321-19  et les articles\nR. 3222-13  et suivants  ;\nVU l'arr\u00eat\u00e9  modifi\u00e9  du ministre  de l'int\u00e9rieur  en date  du 8 avril  2003  fixant  le guide  national\nde r\u00e9f\u00e9rence  relatif  au sauvetage-d\u00e9blaiement  ;\nSUR  proposition  du g\u00e9n\u00e9ral  commandant  la brigade  de sapeurs-pompiers  de Paris,\nARRETE\nArticle  1\nLa liste  nominative  du personnel  de la brigade  de sapeurs-pompiers  de Paris  apte  au\nsauvetage-d\u00e9blaiement  a Paris  et dans  les d\u00e9partements  des  Hauts-de-Seine,  de la Seine-\nSaint-Denis  et du Val-de-Marne,  prise  en application  du titre  1, chapitre  3, paragraphe  3.2.  du\nguide  national  de r\u00e9f\u00e9rence  relatif  au sauvetage-d\u00e9blaiement,  est fix\u00e9e  pour  l'ann\u00e9e  2025,  en\nannexe  du pr\u00e9sent  arr\u00e9t\u00e9.\nArticle  2\nLe g\u00e9n\u00e9ral  commandant  la brigade  de sapeurs-pompiers  de Paris  est charg\u00e9  de l'ex\u00e9cution  du\npr\u00e9sent  arr\u00e9t\u00e9,  qui sera  publi\u00e9  au recueil  des  actes  administratifs  des  pr\u00e9fectures  de Paris,  des\nHauts-de-Seine,  de la Seine-Saint-Denis  et du Val-de-Marne.\nFait \u00e0 Paris,le  = 7 JAN,  2095  Le pr\u00e9fet  de police,\nPour  lePr\u00e9fet  de Police,\nElise  LAVIELLE\n\n2025-00036\nAnnexe  de l'arr\u00eat\u00e9  n\u00b0 du 2 7 JAN, We\nLISTE  D'APTITUDE  OP\u00c9RATIONNELLE  ZONALE  2025\nSAUVETAGE  D\u00c9BLAIEMENT\nREFERENTS  DEPARTEMENTAUX  [RD]\n_ GRADE  ___ NOM PR\u00c9NOM  FORMATION\nCOMMANDANT  JACQUEMIN  Christophe  RD\nCOMMANDANT  CIVES  Michel  RD\nCOMMANDANT  DOUGUET  St\u00e9phane  RD\nCOMMANDANT  MICOURAUD  Philippe  RD\nCHEF  DE SECTION  SAUVETAGE  D\u00c9BLAIEMENT  [SDE  3]\nGRADE  |. ___ NOM  q PRENOM  FORMATION\nCOMMANDANT  BERGER  Ludovic  SDE3\nCOMMANDANT  HAMONIC  Erwan  SDE3\nCOMMANDANT  FRITSCH  Pierre-Antoine  SDE3\nMAUBLANC  DE\nCAPITAINE  BOISBOUCHER  Thibault  SDE3\nCAPITAINE  MEJEAN  Julien  SDE3\nCAPITAINE  BEAUCOURT  Pierre  SDE3\nCAPITAINE  GILLES  Mathieu  SDE3\nCAPITAINE  ALBERINI  Adrien  SDE3\nCAPITAINE  FERRO  Christophe  SDE3\nCAPITAINE  DUVAL  C\u00e9dric  SDE3\nCAPITAINE  BOISSINOT  Charles  SDE3\nLIEUTENANT  DELAUNAY  Jordan  SDE3\nLIEUTENANT  PERRET  DU CRAY  Alexandre  SDE3\nMA) MAJOR  PECHOUTRE  SDE3\nADJUDANT-CHEF  MOURA  DE CASTRO  Victor  SDE3\nCHEF  D'UNIT\u00c9  [SDE  2]\n__ GRADE  NOM ot PRENOM  FORMATION  |\nCOMMANDANT  LAURENT  S\u00e9bastien  SDE2\nLIEUTENANT  SCHOEN  Nicolas  SDE2\nADJUDANT-CHEF  JOLY Christophe  SDE2\nADJUDANT-CHEF  GANAYE  Nicolas  SDE2\nADJUDANT-CHEF  DEVIGNE  Cyril SDE2\nADJUDANT-CHEE  KNOCKAERT  Cyril SDE2\nADJUDANT-CHEF.  VALLADE  Jean-Marie  SDE2\nADJUDANT  \u00b0 HAHN  Tristan  SDE2\nADJUDANT  MAUDUIT  Gr\u00e9gory  SDE2\nADJUDANT  MAMET  Kevin  SDE2\nADJUDANT  SCHAUFFLER  Delphine  SDE2\nSERGENT-CHEF  BONNET-MURER  Olivier  SDE2\nSERGENT-CHEF  RIPOLL  Hugo  SDE2\nSERGENT-CHEF  GUERARD  Pierre  SDE2\nPage  2sur5\n\n2025-00036SERGENT-CHEF  SEVESTRE  Paul SDE2\nSERGENT-CHEF  GREGOIRE  Maxime  SDE2\nSERGENT-CHEF  BIDAUD  Cl\u00e9ment  SDE2\nSERGENT-CHEF  COURTOIS  K\u00e9vin  SDE2\nSERGENT  EPINAT  Anthony  SDE2\nSERGENT  DUGARO  Fr\u00e9d\u00e9ric  SDE2\nSERGENT  DUFOUR  Nicolas  SDE2\nSERGENT  CORBIN  Simon  SDE2\nSERGENT  DE RAEMY  Aur\u00e9lien  SDE2\nSERGENT  LEBRAS-CUISSARD  Maxime  SDE2\nSERGENT  EYDELI  S\u00e9bastien  SDE2\nSERGENT  GREGORIO  DE JESUS  Matthieu  SDE2\nEQUIPIER  SAUVETAGE  DEBLAIEMENT  [SDE  1]\nGRADE  NOM  PR\u00c9NOM  | FORMATION\nSERGENT-CHEF  LE BIAVANT  David  SDE1\nSERGENT-CHEF  BOUDIN  Nicolas  SDE1\nSERGENT  IGNACZAK  Benjamin  SDE1\nSERGENT  MICHIELS  Morgan  SDE1\nSERGENT  RAMANICK  Jean-marc  SDE1\nCAPORAL-CHEF  DEVAUX  Vincent  SDE1\nCAPORAL-CHEF  CALI Alexis  SDE1\nCAPORAL-CHEF  BALARD  Xavier  SDE1\nCAPORAL-CHEF  CHAUVET  Antoine  SDE1\nCAPORAL-CHEF  MULSANT  R\u00e9mi  SDE1\nCAPORAL-CHEF  ROTH  Dominique  SDE1\nCAPORAL-CHEF  SIMONNET  F\u00e9licien  SDE1\nCAPORAL-CHEF  CHOULET  St\u00e9phane  SDE1\nCAPORAL-CHEF  JACOB  K\u00e9vin  SDE1\nCAPORAL-CHEF  FOLGALVEZ  Boris SDE1\nCAPORAL-CHEF  BELLIER  Guillaume  SDE1\nCAPORAL-CHEF  BONAMOUR  Alexandre  SDE1\nCAPORAL-CHEF  GARREAU  Dominique  SDE1\nCAPORAL-CHEF  GERBEAUX  Bruno  SDE1\nCAPORAL-CHEF  LESEC  Mathieu  SDE1\nCAPORAL-CHEF  MEUNIER  Gilles  SDE1\nCAPORAL-CHEF  PONCE  Y MURCIA  Rodolphe  SDE1\nCAPORAL-CHEF  ALLART  Lo\u00efc  SDE1\nCAPORAL-CHEF  BOJKO  John SDE1\nCAPORAL-CHEF  NIVELLE  Geoffrey  SDE1\nCAPORAL-CHEF  COME  Simon  SDE1\nCAPORAL-CHEF  ANSERMIN  J\u00e9r\u00e9mie  SDE1\nCAPORAL-CHEF  GUERIN  Julien  SDE1\nCAPORAL-CHEF  GIMAZANE  Fabien  SDE1\nCAPORAL-CHEF  MOUSSET  Arnaud  SDE1\nPage  3 sur 5\n\nCAPORAL-CHEF  LAMARRE  Florian  SDE1\nCAPORAL-CHEF  SIMON  Aur\u00e9lien  SDE1\nCAPORAL-CHEF  LANGLAIS  Florent  SDE1\nCAPORAL  BAVAY  Florian  SDE1\nCAPORAL  DENIS  Arthur  SDE1\nCAPORAL  DARRY  Jennifer  SDE1\nCAPORAL  DE GEYER  D'ORTH  Guillaume  SDE1\nCAPORAL  RIBEIRO  LEITE  K\u00e9vin  SDE1\nCAPORAL  CHAUVIN  Jean-Baptiste  SDE1\nCAPORAL  DARD  Lucas  SDE1\nCAPORAL  EGAUX  Anthony  SDE1\nCAPORAL  MYARD  Yoann  SDE1\nCAPORAL  MOULIN  Anthony  SDE1\nCAPORAL  GAULTIER  Jean-Baptiste  SDE1\nCAPORAL  MERME  Dorian  SDE1\nCAPORAL  JOUEN  Andronik  SDE1\nCAPORAL  OWCZAREK  Julien  SDE1\nCAPORAL  CHARRIER  Corentin  SDE1\nCAPORAL  BOURREAU  Antoine  SDE1\nCAPORAL  DOPPIA  Pierre  SDE1\nCAPORAL  BOLLA  Simon  SDE1\nCAPORAL  ISSANCHOU  Joffrey  SDE1\nCAPORAL  PARDONIPADE  Hubert  SDE1\nCAPORAL  BOURGER  Christophe  SDE1\nCAPORAL  CHABRIAIS  Vincent  SDE1\nCAPORAL  GORSE  Pascal  Eric  SDE1\nCAPORAL  RICHARD  David  SDE1\nCAPORAL  GRANGE  Adrien  SDE1\nCAPORAL  KERKHOVE  Johan  SDE1\nCAPORAL  FAUG\u00c8RE  Alexandre  SDE1\nCAPORAL  POINET  Dylan  SDE1\nSAPEUR  DE 1ERE CLASSE  LABARRE  Arnaud  SDE1\nSAPEUR  DE 1ERE  CLASSE  CONAN  CALDAS  Nicolas  SDE1\nSAPEUR  DE 1ERE  CLASSE  LEJOT  Allan  SDE1\nSAPEUR  DE 1ERE  CLASSE  ROBERT  Flavien  SDE1\nSAPEUR  DE 1ERE  CLASSE  TRINITE  Jessy  SDE1\nSAPEUR  DE 1ERE  CLASSE  KAUPP  Vincent  SDE1\nSAPEUR  DE 1ERE  CLASSE  BOYER  Thomas  SDE1\nSAPEUR  DE 1ERE  CLASSE  RICHARD  Joris SDE1\nSAPEUR  DE 1ERE  CLASSE  GILLES  Lexy  SDE1\nSAPEUR  DE 1ERE  CLASSE  BOURASSEAU  Sylvain  SDE1\nSAPEUR  DE 1ERE  CLASSE  JASTRZEBSKI  Thibault  SDE1\nSAPEUR  DE 1ERE  CLASSE  BREVET  Roman  SDE1\nSAPEUR  DE 1ERE  CLASSE  LECLERC  Thomas  SDE1\nSAPEUR  DE 1ERE  CLASSE  CHATEAU  Gabriel  SDE1\nPage  4sur5\n2025-00036\n\nPREFECTURE  ap : ,\nDE POLICE  [1 Cabinet  du pr\u00e9fet\nLibert\u00e9\n\u00c9galit\u00e9\nFraternit\u00e9\nArr\u00eate  n\u00b0 2025-00037\nfixant  la liste  nominative  du personnel  apte  aux\nsecours  subaquatiques  a Paris  et dans  les d\u00e9partements  des  Hauts-de-Seine,\nde la Seine-Saint-Denis  et du Val-de-Marne  pour  l'ann\u00e9e  2025\nLe pr\u00e9fet  de police,\nVU le code  g\u00e9n\u00e9ral  des  collectivit\u00e9s  territoriales  ;\nVU le code  de la d\u00e9fense,  notamment  ses articles  R. 1321-19  et suivants  ainsi  que  les articles\nR. 3222-13  et suivants  ;\nVU l'arr\u00eat\u00e9  du 7 novembre  2002  (NOR  : INTEO200600A)  fixant  le guide  national  de r\u00e9f\u00e9rence\nrelatif  au sauvetage  aquatique  ;\nVU l'arr\u00eat\u00e9  du 31 juillet  2014  (NOR:  INTE  1404626A)  d\u00e9finissant  le r\u00e9f\u00e9rentiel  emploi,\nactivit\u00e9s,  comp\u00e9tences  relatif  aux  interventions  en milieu  aquatique  hyperbare  ;\nSUR  proposition  du g\u00e9n\u00e9ral  commandant  la brigade  de sapeurs-pompiers  de Paris,\nARRETE\nArticle  1\nLa liste  nominative  du personnel  de la brigade  de sapeurs-pompiers  de Paris  apte  aux  secours\naquatiques  et subaquatiques  \u00e0 Paris  et dans  les d\u00e9partements  des  Hauts-de-Seine,  de la\nSeine-Saint-Denis  et du Val-de-Marne,  prise  en application  du guide  national  de r\u00e9f\u00e9rence\nrelatif  au sauvetage  aquatique  et le r\u00e9f\u00e9rentiel  emploi,  activit\u00e9s,  comp\u00e9tences  relatif  aux\ninterventions  en milieu  aquatique  hyperbare,  est fix\u00e9e  pour  l'ann\u00e9e  2025,  en annexe  du\npr\u00e9sent  arr\u00eat\u00e9.\nArticle  2\nLe g\u00e9n\u00e9ral  commandant  la brigade  de sapeurs-pompiers  de Paris  est charg\u00e9  de l'ex\u00e9cution  du\npr\u00e9sent  arr\u00eat\u00e9,  qui sera  publi\u00e9  au recueil  des  actes  administratifs  des  pr\u00e9fectures  de Paris,  des\nHauts-de-Seine,  de la Seine-Saint-Denis  et du Val-de-Marne.\nFait \u00e0 Paris,le  = 7 JAN.  2025  Le pr\u00e9fet  de police,\nPour le Pr\u00e9fet de Police,\nous-Pr\u00e9f\u00e8te,\nCabinet\nFemee  aElise  LAVIELL  Ma\n\nAnnexe  de l'arr\u00eat\u00e9  n\u00b02025-00037\nCONSEILLERS  TECHNIQUES  (CT)du = 7 JAN, 2025\nLISTE  D'APTITUDE  OP\u00c9RATIONNELLE  ZONALE  2025\nSP\u00c9CIALISTES  SUBQUATIQUES  ET AQUATIQUES\nGRADE  | NOM | PR\u00c9NOM  | siA | SAL | SNL | TSU | PROFONDEUR\nCAPITAINE  BOISSINOT  Charles  SIA2  | SAL3  | SNL2  TSU  50 M\nCONSEILLERS  TECHNIQUES  SCAPHANDRIER  AUTONOME  L\u00c9GER\nGRADE  NOM | PR\u00c9NOM  | siA | SAL | SNL | TSU | PROFONDEUR\nCAPITAINE  SCHMITT  Vivien  SIA2  | SAL3  | SNL2  TSU  50 M\nCAPITAINE  GINES  David  SIA2  | SAL3  | SNL2  TSU  50 M\nLIEUTENANT  | LACROUTS  | Cyril  | SIA2  | SAL3  | SNL2  | TSU  12M\nMAJOR  WEYLAND  J\u00e9r\u00f4me  SIA2  | SAL3  | SNL2  TSU  50 M\nADJUDANT-CHEF  | DECLERCQ  Romain  SIA2  | SAL3  | SNL2  TSU  12M\nADJUDANT-CHEF  | CHARTOIS  J\u00e9r\u00f4me  SIA2  | SAL3  | SNL2  TSU  50 M\nADJUDANT-CHEF  BOUDET  S\u00e9bastien  | SIA2  | SAL3  | SNL2  TSU  50 M\nADJUDANT-CHEF  PINGUET  Philippe  SIA2  | SAL3  | SNL2  TSU  50M\nADJUDANT-CHEF  PLARD  St\u00e9phane  SIA2  | SAL3  TSU  12M\nADJUDANT  MAMELIN  Nicolas  SIA2  | SAL3  | SNL2  TSU  50 M\nADJUDANT  JOSELON  | Sandy  | SIA2  | SAL3  | SNL2  | TSU  50 M\nSERGENT-CHEF  | MONTELS  | La\u00ebtitia  | SIA2  | SAL3  | SNL2  | TSU  50 M\nSERGENT-CHEF  CLOIX  Julien  SIA2  | SAL3  | SNL2  TSU  50 M\nSERGENT-CHEF  BOUCHER  J\u00e9r\u00e9my  SIA2  | SAL3  | SNL2  TSU  50 M\nSERGENT-CHEF  LE NEN  Ludovic  SIA2  | SAL3  | SNL2  TSU  50 M\nCHEF  D'UNIT\u00c9  SCAPHANDRIER  AUTONOME  L\u00c9GER\n| GRADE  NOM  |PR\u00c9NOM|  sia | SAL | SNL  | TSU | PROFONDEUR\nSERGENT-CHEF  | TEDALDI  | Thibault  | SIA2  | SAL2  | SNL2  | TSU  40 M\nSERGENT-CHEF  PACOU  Samuel  SIA2  | SAL2  | SNL2  TSU  40 M\nSERGENT  SCHAEFFER  Thomas  | SIA2  | SAL2  | SNL2  TSU  40 M\nSERGENT  LUCHITTA  Ugo  SIA2  | SAL2  | SNL2  TSU  40 M\nSERGENT  FLISCOUNAKIS  | Laurent  SIA2  | SAL2  | SNL2  TSU  40 M\nSERGENT  MARCHAL  Samson  SIA2  | SAL2  SNL1  TSU  40M\nSERGENT  LOUSTAUD  Arnaud  SIA2  | SAL2  | SNL2  TSU  40M\nSCAPHANDRIER  AUTONOME  LEGER\nGRADE  NOM  PR\u00c9NOM  | SIA | SAL | SNL  | TSU |PRoFoNDEUR\nSERGENT  VERNAY  J\u00e9r\u00e9my  SIA2  | SAL1  | SNL1  | TSU  30M\nSERGENT  BROTHIER  Matthieu  SIA2  | SAL1  | SNL1  | TSU  30M\nSERGENT  LE FAOU  Julien  SIA2  | SAL2  | SNL2  | TSU  40M\nSERGENT  VERCRUYSSE  Yannick  SIA2  | SAL1  | SNL1  | TSU  30M\nCAPORAL-CHEF  HAUDRY  Etienne  | SIA2  | SAL2|SNL1|  TSU  | 30M\nCAPORAL-CHEF  ABDOURAZAKOU  Swadric  SIA2  | SAL1  | SNL1  | TSU  30M\nCAPORAL-CHEF  COPLO  julien  | SIA1|  SALT  | SNL1|  TSU  | 30M\nPage  2 sur 4\n\n2025-00037CAPORAL-CHEF  DAL ZOTTO  Yann  SIA2  | SAL1  | SNL1  | TSU 30M\nCAPORAL-CHEF  ROQUES  Christophe  | SIA2  | SAL1  | SNL1  | TSU 30M\nCAPORAL-CHEF  MONTEGNIES  Evan  SIA2  | SAL1  | SNL1]  TSU 30M\nCAPORAL-CHEF  GRODZKA  Mathieu  | SIA1  | SAL1  | SNL1|  TSU  30M\nCAPORAL-CHEF  CAPONY  Maxime  | SIA1  | SAL1  | SNL1  30M\nCAPORAL-CHEF  LIGARY  Robin  SIA1 | SAL1  | SNL1]  TSU 30M\nCAPORAL-CHEF  VIVIEN  Charlie  | SIA2  | SAL1  | SNL2  | TSU 30 M\nCAPORAL  PHELOUZAT  Romain  | SIA1  | SAL1  | SNL1  | TSU  12M\nCAPORAL  MICHEL  Charles  | SIA1  | SAL1  | SNL1  | TSU  30 M\nCAPORAL  TOFILI  Mika\u00ebl  SIA1 | SAL1  | SNL1  30 M\nCAPORAL  FRAN\u00c7OIS  C\u00e9dric  | SIA1  | SAL1  | SNL  | TSU 30 M\nCAPORAL  JARRIER  Quentin  | SIA1  | SAL1  | SNL1  | TSU  30 M\nCAPORAL  VERHAUVEN  Arthur  | SIA1  | SAL1  30 M\nCAPORAL  L\u00c9ON  Maxime  | SIA1  | SAL1  | SNL1  | TSU  30 M\nCAPORAL  LE PORT  Philippe  | SIA1  | SAL1  | SNLI  | TSU  30 M\nCAPORAL  JAOUEN  William  | SIA1  | SAL1  TSU  30 M\nCAPORAL  PEDRONI  Ludovic  | SIA1  | SAL1  30 M\nCAPORAL  D\u00c9CH\u00c9NEST  Pierre  SIA1  | SAL1  TSU  30M\nCAPORAL  VERNAY  Damien  | SIA1  | SAL1  | SNL1  | TSU  30 M\nCAPORAL  GILLET  K\u00e9vin  SIA1  | SAL1  30M\nCAPORAL  WEINREBER  Thomas  | SIA1 | SAL1  TSU 30M\nCAPORAL  ROCHEREAU  Romuald  | SIA1  | SAL1  TSU  30M\nCAPORAL  GUIVARCH  Romain  | SIA1  | SAL1  30M\nCAPORAL  GAILLARD  S\u00e9bastien  | SIA1  | SAL1  30M\nCAPORAL  LARDET  Benjamin  | SIA2  | SAL1  | SNL1  | TSU  12M\nSAPEUR  DE 1ERE  CLASSE  DROGUET  Gaetan  | SIA1  | SAL1  | SNL1|  TSU  30M\nSAPEUR  DE 1ERE  CLASSE  FONTAINE  Martial  | SIA1  | SAL1  | SNL1|  TSU  30M\nSAPEUR  DE 1ERE  CLASSE  VERNAY  Alan  SIA1  | SAL1  | SNL1  | TSU  30M\nSAPEUR  DE 1ERE  CLASSE  | VOGIN-PIGNAULT  | Micka\u00ebl  | SIA1  | SAL1  | SNL1|  TSU  30M\nSAPEUR  DE 1ERE  CLASSE  LIPARI  Mathieu  | SIA1  | SAL1  | SNL1|  TSU 30M\nSAPEUR  DE 1ERE  CLASSE  PRZETOCKI  Jimmy  SIA1  | SAL1  | SNL1  | TSU 30M\nSAPEUR  DE 1ERE  CLASSE  | LACASSAGNE  Morgan  | SIA1  | SAL1  TSU  30 M\nSAPEUR  DE 1ERE  CLASSE  JEANROT  Julien  SIA1  | SAL1  TSU 30M\nSAPEUR  DE 1ERE  CLASSE  PAGEAUD  Thomas  | SIA1  | SAL1  30M\nPage  3 sur  4\n\nCHEF  D'UNIT\u00c9  SIA (Aptitude  inondations  et interventions  par courant  fort)\n2025-00037_GRADE  NOM  PR\u00c9NOM  SIA\nSERGENT  BAILLY  Bastien  SIA2\nCAPORAL-CHEF  L\u00c9ONARD  Alexandre  SIA2\nCAPORAL-CHEF  DUFRESNE  Alexandre  SIA2\nCAPORAL-CHEF  SIMOES  Paul SIA2\nEQUIPIER  SIA (Aptitude  inondations  et interventions  par courant  fort)\nGRADE  NOM  PRENOM  SIA\nSERGENT-CHEF  LEVEQUE  Pierre  SIA1\nSERGENT-CHEF  GOURIOU  Alan  SIA1\nCAPORAL-CHEF  EUG\u00c8NE  Marvin  SIA\nCAPORAL-CHEF  VALLIERE  Maxime  SIA1\nCAPORAL-CHEF  DEFRASNE  Aurore  SIA\nCAPORAL-CHEF  LE BAIL  Micka\u00ebl  SIA\nCAPORAL-CHEF  BISCHOFF  Nicolas  SIA1\nCAPORAL  ROUSSARD  Tom  SIA1\nCAPORAL  KURTZ  K\u00e9vin  SIA1\nCAPORAL  PALLIER  Fr\u00e9d\u00e9ric  SIAT\nCAPORAL  BUGNOT  Pierre-Yves  SIA\nCAPORAL  NEVEUX  Lucas  SIAT\nCAPORAL  HUET  Marvin  SIA1\nCAPORAL  RASTOUIL  Hugo  SIA1\nSAPEUR  DE 1ERE CLASSE  GEMIN  Ludovic  SIA1\nSAPEUR  DE 1ERE CLASSE  CAPITAIN  Geoffroy  SIAT\nSAPEUR  DE 1ERE CLASSE  GEHIN  Hugo  SIA1\nSAPEUR  DE 1ERE CLASSE  LHOUMEAU  Benoit  SIA1\nSAPEUR  DE 1ERE CLASSE  LAMPIN  Leo SIA1\nPage  4 sur  4\n\nEn  Cabinet  du pr\u00e9fet\nPR\u00c9FECTURE  aP\nDE POLICE  a\nLibert\u00e9\n\u00c9galit\u00e9\nFraternit\u00e9\nArr\u00eat\u00e9  n\u00b0 2025-00038\nportant  d\u00e9signation  des  officiers  commandant  des  syst\u00e8mes  d'information  et de\ncommunication  (COMSIC)  pour  l'ann\u00e9e  2025\nLe pr\u00e9fet  de police,\nVu le code  de la s\u00e9curit\u00e9  int\u00e9rieure,  notamment  ses  articles  L. 732-5  et L. 742-7;\nVu le d\u00e9cret  n\u00b02006-106  du 3 f\u00e9vrier  2006  relatif  \u00e0 l'interop\u00e9rabilit\u00e9  des  r\u00e9seaux  de\ncommunication  radio\u00e9lectriques  des  services  publics  qui  concourent  aux  missions  de s\u00e9curit\u00e9\ncivile  ;\nVu l'arr\u00eat\u00e9  du 23 d\u00e9cembre  2009  relatif  \u00e0 l'ordre  de base  national  des  syst\u00e8mes  d'information\net de communication  de la s\u00e9curit\u00e9  civile  ;\nVu l'arr\u00eat\u00e9  n\u00b02017-00160  du er mars  2017  portant  approbation  de l'ordre\ninterd\u00e9partemental  des  syst\u00e8mes  d'information  et de communication  ;\nVu le d\u00e9cret  du 20 juillet  2022,  par  lequel  M. Laurent  NUNEZ,  pr\u00e9fet,  coordonnateur  national\ndu renseignement  et de la lutte  contre  le terrorisme,  est nomm\u00e9  pr\u00e9fet  de police  (hors\nclasse)  ;\nVu le d\u00e9cret  du 5 juillet  2024  par  lequel  le g\u00e9n\u00e9ral  de brigade  Arnaud  de CACQUERAY\nVALMENIER  est nomm\u00e9  commandant  de la brigade  de sapeurs-pompiers  de Paris  \u00e0 compter\ndu 1\u00b0 octobre  2024  ;\nSur  proposition  du g\u00e9n\u00e9ral,  commandant  la brigade  de sapeurs-pompiers  de Paris  ;\nARRETE\nArticle  1\u00b0\"\nLes militaires  list\u00e9s  ci-apr\u00e8s  sont  d\u00e9sign\u00e9s,  au titre  de l'ann\u00e9e  2025,  \u00abcommandant  des\nsyst\u00e8mes  d'information  et de communication  \u00bb (COMSIC)  :\n- Lieutenant-Colonel  Vincent  BERGONHE,\n- Lieutenant-Colonel  Fabien  BOSSUS,\n- Commandant  Eric  DAVID,\n- Commandant  Wilfried  GIRARD,\n- Capitaine  Yohan  VILLEDIEU.\nA ce titre,  ils sont  charg\u00e9s,  sous  l'autorit\u00e9  du g\u00e9n\u00e9ral  commandant  la brigade  de sapeurs-\npompiers  de Paris,  des  missions  suivantes  :\n- proposer  l'inscription  des  personnels  sur la liste  annuelle  d'aptitude  op\u00e9rationnelle\ndes  officiers  des  syst\u00e8mes  d'information  et de communication  (OFFSIC)  ;\n- \u20aclaborer  les ordres  de transmission  relatif  \u00e0 son  niveau  d'emploi  op\u00e9rationnel  ;\n- garantir  les conditions  d'emploi  op\u00e9rationnel,  de mise  en \u0153uvre  et de s\u00e9curit\u00e9  des\nsyst\u00e8mes  d'information  et de communication  ;\n-_ veiller  au respect  de la discipline  op\u00e9rationnelle  sur les r\u00e9seaux  ;\n- \u00e9laborer  des  plans  de formation  sp\u00e9cifiques  ;\n- garantir  l'adaptation  des  syst\u00e8mes  d'information  et de communication.\n\nArticle  2\nLe g\u00e9n\u00e9ral  commandant  la brigade  de sapeurs-pompiers  de Paris  est charg\u00e9  de l'ex\u00e9cution  du\npr\u00e9sent  arr\u00e9t\u00e9,  qui sera  publi\u00e9  au recueil  des  actes  administratifs  des  pr\u00e9fectures  de Paris,  des\nHauts-de-Seine,  de la Seine-Saint-Denis  et du Val-de-Marne.\nFait \u00e0 Paris,le  TM 7 JAN. 2025 Le pr\u00e9fet  de police,\nPour  le Pr\u00e9fet  de Police,\na Sous-Pr\u00e9f\u00e8te,\ne Adjointe  du Cabinet\nsh\nElise LAVIFLLE\nPage  2|2\n2025-09038\n\nPREFECTURE  aP ; |\nDE POLICE  @ Cabinet  du pr\u00e9fet\nLibert\u00e9\n\u00c9galit\u00e9\nFraternit\u00e9\narr\u00eat\u00e9 n\u00b0 2025-00039\nportant  d\u00e9signation  des  officiers  des  syst\u00e8mes  d'information  et de communication\n(OFFSIC)  pour  l'ann\u00e9e  2025\nLe pr\u00e9fet  de police,\nVu le code  de la s\u00e9curit\u00e9  int\u00e9rieure,  notamment  ses articles  L. 732-5  et L. 742-7;\nVu le d\u00e9cret  n\u00b02006-106  du 3 f\u00e9vrier  2006  relatif  \u00e0 l'interop\u00e9rabilit\u00e9  des  r\u00e9seaux  de\ncommunication  radio\u00e9lectriques  des  services  publics  qui concourent  aux  missions  de s\u00e9curit\u00e9\ncivile  ;\nVu l'arr\u00eat\u00e9  du 23 d\u00e9cembre  2009  relatif  \u00e0 l'ordre  de base  national  des  syst\u00e8mes  d'information\net de communication  de la s\u00e9curit\u00e9  civile  ;\nVu l'arr\u00eat\u00e9  n\u00b02017-00160  du 1\u00b0 mars  2017  portant  approbation  de l'ordre  interd\u00e9partemental\ndes  syst\u00e8mes  d'information  et de communication  ;\nVu l'arr\u00eat\u00e9  n\u00b0 2019-00933  du 09 d\u00e9cembre  2019  portant  nomination  d'un  commandant  des\nsyst\u00e8mes  d'information  et de communication  (COMSIC)  ;\nVu le d\u00e9cret  du 20 juillet  2022,  par  lequel  M. Laurent  NUNEZ,  pr\u00e9fet,  coordonnateur  national\ndu renseignement  et de la lutte  contre  le terrorisme,  est nomm\u00e9  pr\u00e9fet  de police  (hors\nclasse)  ;\nVu le d\u00e9cret  du 5 juillet  2024  par lequel  le g\u00e9n\u00e9ral  de brigade  Arnaud  de CACQUERAY\nVALMENIER  est nomm\u00e9  commandant  de la brigade  de sapeurs-pompiers  de Paris  a compter\ndu 1\u00b0 octobre  2024;  .\nSur  proposition  du g\u00e9n\u00e9ral,  commandant  la brigade  de sapeurs-pompiers  de Paris  ;\nARRETE\nArticle  1\nLes militaires  list\u00e9s  ci-apr\u00e8s  sont  d\u00e9sign\u00e9s,  au titre  de l'ann\u00e9e  2025,  \u00ab officiers  des  syst\u00e8mes\nd'information  et de communication  \u00bb (OFFSIC)  :\n- Commandant  Kevin  EDOUARD,\n- Capitaine  Jonathan  ABADIE,\n- Capitaine  Jean  BALMITGERE,\n- Capitaine  Charles  BOISSINOT,\n- Capitaine  Jean-Denis  CORDIER,\n- Capitaine  Pierre  LE PAPE,\n- Lieutenant  Christophe  MUSIAL,\n- Lieutenant  David  PIFFRE,\n- Lieutenant  Nicolas  PIRAUX,\n- Sous-lieutenant  Benoit  BOUHIER.\nArticle  2\nLe g\u00e9n\u00e9ral  commandant  la brigade  de sapeurs-pompiers  de Paris  est charg\u00e9  de l'ex\u00e9cution  du\npr\u00e9sent  arr\u00e9t\u00e9,  qui sera  publi\u00e9  au recueil  des  actes  administratifs  des  pr\u00e9fectures  de Paris,  des\nHauts-de-Seine,  de la Seine-Saint-Denis  et du Val-de-Marne.\nFait \u00e0 Paris,le  TM 7 JAN. 2025 Le pr\u00e9fet  de police,  |\nPour le Pr\u00e9fet  de Poli\nLa S\u00e9us\nD toa ee pbine\nHetise  LAVIELLE\n\nPREFECTURE  ap . ,DE POLICE  6.  mises  js\nLibert\u00e9\n\u00c9galit\u00e9\nFraternit\u00e9\nArr\u00eate  n\u00b0 2025-00040\nFixant  la liste  nominative  du personnel  apte  a intervenir  dans  le cadre  du m\u00e9canisme  de\nprotection  civile  de l'Union  pour  l'ann\u00e9e  2025\nLe pr\u00e9fet  de police,\nVU le code  g\u00e9n\u00e9ral  des  collectivit\u00e9s  territoriales  ;\nVU le code  de la d\u00e9fense,  notamment  ses articles  R. 1321-19  et suivants  ainsi  que  les articles\nR. 3222-13  et suivants  ;\nVU la d\u00e9cision  n\u00b01313/2013/UE  du Parlement  europ\u00e9en  et du Conseil  relative  au m\u00e9canisme\nde protection  civile  de l'Union  ;\nSUR  proposition  du g\u00e9n\u00e9ral  commandant  la brigade  de sapeurs-pompiers  de Paris  ;\nARR\u00caTE\nArticle  1\nLa liste  nominative  du personnel  de la brigade  de sapeurs-pompiers  de Paris  apte  \u00e0 intervenir\ndans  le cadre  du m\u00e9canisme  de protection  civile  de l'Union  (ci-apr\u00e8s  d\u00e9nomm\u00e9  \u00ab m\u00e9canisme\neurop\u00e9en  de protection  civile  \u00bb), visant  \u00e0 renforcer  la coop\u00e9ration  entre  l'Union  et les \u00c9tats\nmembres  et \u00e0 faciliter  la coordination  dans  le domaine  de la protection  civile,  est fix\u00e9e  pour\nl'ann\u00e9e  2025,  en annexe  du pr\u00e9sent  arr\u00eat\u00e9.\nArticle  2\nLe g\u00e9n\u00e9ral  commandant  la brigade  de sapeurs-pompiers  de Paris  est charg\u00e9  de l'ex\u00e9cution  du\npr\u00e9sent  arr\u00eat\u00e9,  qui sera  publi\u00e9  au recueil  des  actes  administratifs  des  pr\u00e9fectures  de Paris,  des\nHauts-de-Seine,  de la Seine-Saint-Denis  et du Val-de-Marne.\nFait  \u00e0 Paris, le -7 JAN. duda Le mr\u00e9fet-herpalice,  Police,\nLa Sous-Pr\u00e9f\u00e8te,\nDirgetri  all  du Cabinet\nZa Elise LAVIEL  1 F\n\nAnnexe  de l'arr\u00eat\u00e9  n\u00b02025-00040  -7 jan. 2025\nLISTE  D'APTITUDE  OP\u00c9RATIONNELLE  ZONALE  2025\nM\u00e9canisme  europ\u00e9en  de protection  civile  (MEPC)\nLes niveaux  de comp\u00e9tence  et stages  compl\u00e9mentaires  sont  list\u00e9s  de ia mani\u00e8re  suivante  :\nNiveaux  :\nLe)\noO\n\u00b0Union  mechanism  introduction  course  (UMI)  (ex-CMI)  ;\nOperational  deployment  course  (ODC)  (ex-OPM)  ;\nTeam  leader  course  (TLC)  (ex-HLC).\nStages  compl\u00e9mentaires  :\nfo}\nOo O0 O0 O0 \u00a9 Oo O\u00a9O \u00a9 \u00a9 O\u00a9O \u00a9 O \u00a9 \u00a9Technical  expert  course  (TEC);\nTechnical  expert  course  for maritime  incidents  (TEC  Ml);\nOperational  integration  course  (OIC)  (ex-OSIC)  ;\nDeployable  capacities  course  (DCC)  (ex-MBC)  ;\nAssesment  mission  course  (AMC)  ;\nStaff  management  course  (SMC)  ;\nSecurity  course  (SEC)  ;\nMechanism  refresher  seminar  (MRS)  (ex-SME)  ;\nCourse  on negociation  and  decision  making  (CND);\nInformation  management  course  (IMC)  ;\nUrban  search  and  rescue  coordination  cell  (UCC-USAR)  ;\nLogistic  response  team  (LRT);\nEmergency  medical  team  coordination  cell  course  (EMTCS)  ;\nEnvironmental  emergency  training  (EET)  ;\nMechanism  course  for national  civil  protection  staff  (MCNCPS).\nPage  2 sur  3\n\n+272ie]935 Inn USIALA LLINHOS INIVLIdYOYVSA-J9N aydoysiiyD NIWANOOVI INVONYWWOD900 93S 29q O1L slueq VOIUYYS INVOANYWWOID935 wn SEIOOIN AWIT3H LAVE AINVGNYWWODwa yoluuer w931 TINO1IOD-LNVYN3LNSNonl OWV 940 HUE _ SUQNI9 TANOIODHUE N39143H ATIINNOILAI9X3aSSV19 3d NIDIGAWO31} IWN SAS v1v1vVO LNVONYWWOD99 Inn sayeyd LONISSION 3NIVLIdVO931 Piaeq NOOSINIW T3NO1O9-LNVNILNANT92a 900 JUSoUIA 31939v1 TINOIOT-ENVNILN31T931 aueydais SUIAVEL SIDIAYIS$30 33HO-NID3I0aW931 uenseq\u00bbs LN34NYT INVONVWWODOIL ipeydey IHOO TINOIOD-EINVN3LN3NuvsNON 338 | OWS | OWY | 900 DL IBU9IN S3AID LNVONYWWODIWn 913 QIAvVa LNVONYWWOD990 SUINE|IND TAHOUL TANOIOD90d uaiqes INOIOW TINO1OS-LNVN3LNINOL | LUT | wysmrgon Jan {sun | 93s] ows | OW | 290] IO} 3%) pat ten:\n\nEu\nPREFECTURE  SP. CABINET  DU  PREFETDE POLICE  G\nLibert\u00e9\nEgalit\u00e9\nFraternit\u00e9\narr\u00eat\u00e9ne  | 2029700043\nautorisant  la captation,  l'enregistrement  et la transmission  d'images  au moyen  de cam\u00e9ras\ninstall\u00e9es  sur des  a\u00e9ronefs  \u00e0 l'occasion  de la 17*\"\u00b0  journ\u00e9e  du championnat  de France  de\nfootball  de Ligue  1 au Parc  des  Princes  le dimanche  12 janvier  2025\nLe pr\u00e9fet  de police,\nVu le code  de la s\u00e9curit\u00e9  int\u00e9rieure,  notamment  ses articles  L. 242-1  \u00e0 L. 242-8  et R. 242-8  \u00e0\nR. 242-15  ;\nVu le d\u00e9cret  n\u00b0 2004-374  du 29 avril  2004  modifi\u00e9  relatif  aux  pouvoirs  des  pr\u00e9fets,  a\nl'organisation  et \u00e0 l'action  des  services  de l'Etat  dans  les r\u00e9gions  et d\u00e9partements,  notamment\nses articles  70, 72 et 73;\nVu l'arr\u00eat\u00e9  du 19 avril  2023  relatif  au nombre  maximal  de cam\u00e9ras  install\u00e9es  sur des  a\u00e9ronefs\npouvant  \u00eatre  simultan\u00e9ment  utilis\u00e9es  dans  chaque  d\u00e9partement  et collectivit\u00e9  d'outre-mer  ;\nVu l'instruction  minist\u00e9rielle  NOR  1IOMD2311883]  du 30 avril  2023  relative  \u00e0 la proc\u00e9dure\nd'autorisation  des  cam\u00e9ras  install\u00e9es  sur des  a\u00e9ronefs  pour  des  missions  de police\nadministrative  ;\nVu le d\u00e9cret  du 20 juillet  2022  par  lequel  M. Laurent  NUNEZ,  pr\u00e9fet,  coordonnateur  national\ndu renseignement  et de la lutte  contre  le terrorisme,  est nomm\u00e9  pr\u00e9fet  de police  (hors  classe)  ;\nVu la demande  en date  du 31 d\u00e9cembre  2024  form\u00e9e  par  la direction  de l'ordre  public  et de\nla circulation  visant  \u00e0 obtenir  l'autorisation  de capter,  d'enregistrer  et de transmettre  des\nimages  au moyen  de deux  cam\u00e9ras  install\u00e9es  sur des  a\u00e9ronefs  t\u00e9l\u00e9-pilot\u00e9s  afin  d'assurer  la\npr\u00e9vention  des  atteintes  \u00e0 la s\u00e9curit\u00e9  des  personnes  et des  biens,  la s\u00e9curit\u00e9  des\nrassemblements,  la pr\u00e9vention  d'actes  de terrorisme  ainsi  que  la r\u00e9gulation  des  flux  de\ntransport  \u00e0 l'occasion  de la 17\u00b0\"\u00b0  journ\u00e9e  du championnat  de France  de football  de Ligue  1 le\n12 janvier  2025  au stade  du Parc  des  Princes  \u00e0 Paris  16\u00b0\"  ;\nConsid\u00e9rant  que  les dispositions  du | de l'article  L. 242-5  du code  de la s\u00e9curit\u00e9  int\u00e9rieure\npermettent  aux  forces  de s\u00e9curit\u00e9  int\u00e9rieure,  dans  l'exercice  de leurs  missions  de pr\u00e9vention\ndes  atteintes  \u00e0 l'ordre  public  et de protection  de la s\u00e9curit\u00e9  des  personnes  et des  biens,  de\nproc\u00e9der  \u00e0 la captation,  \u00e0 l'enregistrement  et \u00e0 la transmission  d'images  au moyen  de cam\u00e9ras\ninstall\u00e9es  sur des  a\u00e9ronefs  aux  fins  d'assurer  la pr\u00e9vention  des  atteintes  \u00e0 la s\u00e9curit\u00e9  des\npersonnes  et des  biens  dans  des  lieux  particuli\u00e8rement  expos\u00e9s,  la s\u00e9curit\u00e9  des\nrassemblements  de personnes  sur la voie  publique  ainsi  que  l'appui  des  personnels  au sol,  en\nvue  de leur  permettre  de maintenir  ou de r\u00e9tablir  l'ordre  public  lorsque  ces  rassemblements\nsont  susceptibles  d'entra\u00eener  des  troubles  graves  \u00e0 l'ordre  public,  la pr\u00e9vention  d'actes  de\nterrorisme  et la r\u00e9gulation  des  flux  de transports  ;\nConsid\u00e9rant  que  se tiendra  le dimanche  12 janvier  2025  \u00e0 20h45  un match  de football  pour  le\ncompte  de la 17\u00b0\"\u00b0  journ\u00e9e  du championnat  de football  de Ligue  1 au stade  du Parc  des  Princes\n\na Paris  16\u00b0\",  qui  opposera  les \u00e9quipes  du Paris  Saint-Germain  et de l'Association  Sportive  de\nSaint-Etienne;  qu'a  cette  occasion,  un nombre  important  de supporters  ainsi  que  des\npersonnalit\u00e9s  seront  pr\u00e9sents  aux  abords  et \u00e0 l'int\u00e9rieur  du stade  ; que  dans  le contexte  actuel\nde menace  tr\u00e8s  \u00e9lev\u00e9e,  cette  rencontre  sportive  est susceptible  de constituer  une  cible\nprivil\u00e9gi\u00e9e  et symbolique  pour  des  actes  de nature  terroriste  ;\nConsid\u00e9rant  \u00e9galement  que  plusieurs  attentats  ou tentatives  d'attentats  r\u00e9cents  traduisent  le\nniveau  \u00e9lev\u00e9  de la menace  terroriste  actuelle  en France,  dans  le cadre  du plan  VIGIPIRATE\n\u00ab urgence  attentat  \u00bb en vigueur  sur  l'ensemble  du territoire  national  ;\nConsid\u00e9rant,  en outre,  qu'au-dela  de la seule  s\u00e9curisation  du match  qui  fait  l'objet  de mesures\nde police  sur le fondement  de l'article  L. 226-1  du code  de la s\u00e9curit\u00e9  int\u00e9rieure  et pour  lequel\nun service  d'ordre  est mis  en place  par  la direction  de l'ordre  public  et de la circulation,  il est\nn\u00e9cessaire  de disposer  d'un  moyen  de surveillance  permettant  de s\u00e9curiser  la voie  publique\nen amont  et en aval  de cet  \u00e9v\u00e8nement  pour  pr\u00e9venir  ou mettre  fin \u00e0 d'\u00e9ventuelles  rixes  entre\nspectateurs  et personnes  \u00e0 l'ext\u00e9rieur  du Parc  des  Princes  ou \u00e0 des  atteintes  \u00e0 la s\u00e9curit\u00e9  des\npersonnes  et des  biens,  se pr\u00e9munir  contre  d'\u00e9ventuels  actes  terroristes  et r\u00e9guler  les flux  de\ntransport  autour  de l'enceinte  ;\nConsid\u00e9rant  que  la demande  de la direction  de l'ordre  public  et de la circulation  porte  sur\nl'engagement  de deux  cam\u00e9ras  a\u00e9roport\u00e9es  qui pourront  \u00eatre  en vol simultan\u00e9ment  en vue  de\ncapter,  d'enregistrer  et de transmettre  des  images;  que  les aires  survol\u00e9es  sont  strictement\nlimit\u00e9es  aux  zones  o\u00f9 seront  mises  en \u0153uvre  les finalit\u00e9s  susvis\u00e9es;  que  la dur\u00e9e  de\nl'autorisation  demand\u00e9e  n'appara\u00eet  pas  disproportionn\u00e9e  au regard  de ces m\u00eames  finalit\u00e9s  ;\nConsid\u00e9rant  que  le recours  \u00e0 des  cam\u00e9ras  a\u00e9roport\u00e9es  permet  de disposer  d'une  vision  en\ngrand  angle  tout  en limitant  l'engagement  des  forces  au sol;  qu'il  n'existe  pas  de dispositif\nmoins  intrusif  permettant  de parvenir  aux  m\u00eames  fins  ;\nSur  proposition  du directeur  de l'ordre  public  et de la circulation,\nARRETE:\nArticle  1\u00b0 - La captation,  l'enregistrement  et la transmission  d'images  par  la direction  de\nl'ordre  public  et de la circulation  sont  autoris\u00e9s  \u00e0 l'occasion  de la rencontre  de football\nsusvis\u00e9e  aux  titres  de:\nla pr\u00e9vention  des  atteintes  \u00e0 la s\u00e9curit\u00e9  des  personnes  et des  biens  ;\nla s\u00e9curit\u00e9  des  rassemblements  ;\nla pr\u00e9vention  d'actes  de terrorisme  ;\nla r\u00e9gulation  des  flux  de transport.\nArticle  2 - Le nombre  maximal  de cam\u00e9ras  pouvant  proc\u00e9der  simultan\u00e9ment  \u00e0 des\nenregistrements  est fix\u00e9  \u00e0 2 cam\u00e9ras  embarqu\u00e9es  sur des  a\u00e9ronefs  t\u00e9l\u00e9-pilot\u00e9s.\nArticle  3 - La pr\u00e9sente  autorisation  s'applique  au p\u00e9rim\u00e8tre  g\u00e9ographique  figurant  sur le plan\nen annexe  au pr\u00e9sent  arr\u00eat\u00e9.\n2025-00043  2\n\nArticle  4 - La pr\u00e9sente  autorisation  est d\u00e9livr\u00e9e  du dimanche  12 janvier  2025  \u00e0 17h45  au lundi\n13 janvier  2025  \u00e0 01h00  pour  l'ensemble  des  finalit\u00e9s  pr\u00e9cit\u00e9es.\nArticle  5 \u2014 L'information  du public  est assur\u00e9e  par  la publication  du pr\u00e9sent  arr\u00eat\u00e9  aux  recueils\ndes  actes  administratifs  mentionn\u00e9s  \u00e0 l'article  7, sa mise  en ligne  sur le site  internet  de la\npr\u00e9fecture  de police  ainsi  que  par  une  information  sur les r\u00e9seaux  sociaux.\nArticle  6 - Le registre  mentionn\u00e9  \u00e0 l'article  L. 242-4  du code  de la s\u00e9curit\u00e9  int\u00e9rieure  est\ntransmis  au pr\u00e9fet  de police,  \u00e0 l'issue  de la p\u00e9riode  d'autorisation.\nArticle  7 - Le pr\u00e9fet  des  Hauts-de-Seine,  la pr\u00e9f\u00e8te,  directrice  du cabinet  du pr\u00e9fet  de police\net le directeur  de l'ordre  public  et de la circulation  sont  charg\u00e9s,  chacun  en ce qui le concerne,\nde l'ex\u00e9cution  du pr\u00e9sent  arr\u00eat\u00e9  qui sera  publi\u00e9  aux  recueils  des  actes  administratifs  du\nd\u00e9partement  de Paris  et de la pr\u00e9fecture  des  Hauts-de-Seine  et consultable  sur le site  internet\nde la pr\u00e9fecture  de police  (https://www.prefecturedepolice.interieur.gouv.fr).\nFait  \u00e0 Paris,le  \u2014 8 JAN.  2025\nLaurent  NUNEZ(\niredtrice  du cabinet\nMagali  CHARBONNEAU\n2025-00043\n\n2025-00043  = 8 JAN, 2025Annexe  de l'arr\u00eat\u00e9  n\u00b0 du\nVOIES  ET DELAIS  DE RECOURS\nSi vous  estimez  devoir  contester  la pr\u00e9sente  autorisation,  il vous  est possible,  dans  un d\u00e9lai  de\ndeux  mois  a compter  de la date  de son  affichage  ou de sa publication:\n- soit  de saisir  d'un  RECOURS  GRACIEUX\nle Pr\u00e9fet  de Police\n7/9,  boulevard  du Palais  - 75195  PARIS  RP\n- ou de former  un RECOURS  HIERARCHIQUE\naupr\u00e8s  du Ministre  de l'int\u00e9rieur  et des  outre-mer\nDirection  des  libert\u00e9s  publiques  et des  affaires  juridiques\nplace  Beauvau  - 75008  PARIS\n- soit  de saisir  d'un  RECOURS  CONTENTIEUX\nle Tribunal  administratif  comp\u00e9tent\nAucune  de ces  voies  et recours  ne suspend  l'application  de la pr\u00e9sente  d\u00e9cision.\nLes  recours  GRACIEUX  et HIERARCHIQUE  doivent  \u00eatre  \u00e9crits,  exposer  les arguments\nou faits  nouveaux  et comprendre  la copie  de la d\u00e9cision  contest\u00e9e.\nLe recours  contentieux,  qui  vise  \u00e0 contester  la LEGALITE  de la pr\u00e9sente  d\u00e9cision,  doit\n\u00e9galement  \u00eatre  \u00e9crit  et exposer  votre  argumentation  juridique.\nSi vous  n'aviez  pas  de r\u00e9ponse  \u00e0 votre  recours  GRACIEUX  ou HIERARCHIQUE  dans  un\nd\u00e9lai  de deux  mois  \u00e0 compter  de la r\u00e9ception  de votre  recours  par  l'administration,\nvotre  demande  devra  \u00eatre  consid\u00e9r\u00e9e  comme  rejet\u00e9e  (d\u00e9cision  implicite  de rejet).\nEn cas  de rejet  des  RECOURS  GRACIEUX  ou HIERARCHIQUE,  le Tribunal  administratif\npeut  \u00eatre  saisi  d'un  recours  contentieux  dans  le d\u00e9lai  de deux  mois  \u00e0 compter  de la\ndate  de la d\u00e9cision  de rejet.\n\n2025-00043\nere:  -  +  ZE  TAN  TENTE  TT  r\n| DIRECTION  DE L'ORDRE  PUBLIC  ire F a ; ie\nq ET DE LA CIRCULATION  P : Ge 5 ': f ' ? 3 4\n[PARC  DES PRINCES  | \u2014 te:  / j :\n| 2  + \u00e0 \" haa\u00c0 Dimanche  12 Janvier 2025 fe | 5 : '; \u00ff /\nD +  0 tal@ m:rs6-nsse  | : ase ed  \u00e9\n4 | +. : \u00a3 a aryEE msmmnmes  #2\nD  or AIT  P\nAutoroute  A1 OCTO\n#\nAw.  dele  porte  d'Auteuil\n\u00e9\nNs ,\nPoe Motor\n5 LI\nifs\n\u00e9 nan  |\nLu\nunes\nx ol\n5\n\"onde\nFL\n,\nte\nwen\nA\n\u00ef\nL ' a +\n* +\n&\npcs\nof i\nPy\non iw #\n~~ \"they  \"\nwas,\n\nE 3 CABINET  DU PREFET\nPR\u00c9FECTURE  ap\nDE POLICE  [\u00a3\nLibert\u00e9\n\u00c9galit\u00e9\nFraternit\u00e9\nArr\u00eat\u00e9ne  2025-00044\ninstituant  un p\u00e9rim\u00e8tre  de protection  et diff\u00e9rentes  mesures  de police  \u00e0 l'occasion  de la\n17e  journ\u00e9e  du championnat  de France  de football  de Ligue  1 au Parc  des  Princes  le\ndimanche  12 janvier  2025\nVu le code  g\u00e9n\u00e9ral  des  collectivit\u00e9s  territoriales,  notamment  ses articles  L. 2215-1,\nL. 2512-13  et L. 2512-14;\nVu le code  p\u00e9nal  ;\nVu le code  de proc\u00e9dure  p\u00e9nale  ;\nVu le code  la route,  notamment  son  article  L. 411-2;\nVu le code  rural  et de la p\u00e9che  maritime,  notamment  ses articles  L. 211-11  et L. 211-12;\nVu le code  de la s\u00e9curit\u00e9  int\u00e9rieure,  notamment  ses articles  L. 122-1,  L. 122-2,  L. 226-1,\nL. 611-1  et L. 613-2  ;\nVu le d\u00e9cret  n\u00b0 2004-374  du 29 avril  2004  modifi\u00e9  relatif  aux  pouvoirs  des  pr\u00e9fets,  a\nl'organisation  et \u00e0 l'action  des  services  de l'Etat  dans  les r\u00e9gions  et d\u00e9partements\nnotamment  ses articles  70, 72 et 73;'\nVu le d\u00e9cret  du 20 juillet  2022  par lequel  M. Laurent  NUNEZ,  pr\u00e9fet,  coordonnateur\nnational  du renseignement  et de la lutte  contre  le terrorisme,  est  nomm\u00e9  pr\u00e9fet  de police\n(hors  classe)  ;\nConsid\u00e9rant  que,  en application  des  articles  L.122-1  et L. 122-2  du code  de s\u00e9curit\u00e9\nint\u00e9rieure  et 72 et 73 du d\u00e9cret  du 29 avril  2004  susvis\u00e9,  le pr\u00e9fet  de police  a la charge  de\nl'ordre  public,  notamment  la pr\u00e9vention  des  atteintes  \u00e0 la s\u00e9curit\u00e9  des  personnes  et des\nbiens,  dans  les d\u00e9partements  de Paris  et des  Hauts-de-Seine  ;\nConsid\u00e9rant  que,  en application  du 3\u00b0 de l'article  L. 2215-1  du code  g\u00e9n\u00e9ral  des\ncollectivit\u00e9s  territoriales,  le repr\u00e9sentant  de l'Etat  dans  le d\u00e9partement  est seul\ncomp\u00e9tent  pour  prendre  les mesures  relatives  \u00e0 l'ordre,  \u00e0 la s\u00fbret\u00e9,  \u00e0 la s\u00e9curit\u00e9  et \u00e0 la\nsalubrit\u00e9  publiques,  dont  le champ  d'application  exc\u00e8de  le territoire  d'une  commune  ;\nque,  conform\u00e9ment  \u00e0 l'article  73 du d\u00e9cret  du 29 avril  2004  susvis\u00e9,  le pr\u00e9fet  de police\nexerce  dans  le d\u00e9partement  des  Hauts-de-Seine  les attributions  d\u00e9volues  au repr\u00e9sentant\nde l'Etat  dans  le d\u00e9partement  par  l'article  L. 2215-1;\nConsid\u00e9rant  que,  en application  de l'article  L. 226-1  du code  de la s\u00e9curit\u00e9  int\u00e9rieure,  le\npr\u00e9fet  de police  peut,  en vue  d'assurer  la s\u00e9curit\u00e9  d'un  lieu  ou d'un  \u00e9v\u00e9nement  expos\u00e9  \u00e0\nun risque  d'actes  de terrorisme  \u00e0 raison  de sa nature  et de l'ampleur  de sa fr\u00e9quentation,\ninstituer  par  arr\u00eat\u00e9  motiv\u00e9  un p\u00e9rim\u00e8tre  de protection  au sein  duquel  l'acc\u00e8s  et la\ncirculation  des  personnes  sont  r\u00e9glement\u00e9s  ; que  cet  arr\u00eat\u00e9  peut  autoriser  les agents\nmentionn\u00e9s  aux  2\u00b0 \u00e0 4\u00b0 de l'article  16 du code  de proc\u00e9dure  p\u00e9nale  et, sous  la\n1\n\nresponsabilit\u00e9  de ces  agents,  ceux  mentionn\u00e9s  a l'article  20 et aux  1\u00b0, 1\u00b0bis  et 1\u00b0ter  de\nl'article  21 du m\u00e9me  code  a proc\u00e9der,  au sein  d'un  p\u00e9rim\u00e9tre  de protection,  avec  le\nconsentement  des  personnes  faisant  l'objet  de ces  v\u00e9rifications,  a des  palpations  de\ns\u00e9curit\u00e9  ainsi  qu'\u00e0  l'inspection  visuelle  et a la fouille  des  bagages,  ainsi  qu'\u00e0  la visite  des\nv\u00e9hicules  susceptibles  de p\u00e9n\u00e9trer  au sein  de ce p\u00e9rim\u00e8tre  ; qu'aux  termes  de l'article  73\ndu d\u00e9cret  du 29 avril  2004  susvis\u00e9,  le pr\u00e9fet  de police  exerce  dans  le d\u00e9partement  des\nHauts-de-Seine  les attributions  d\u00e9volues  au repr\u00e9sentant  de l'Etat  dans  le d\u00e9partement\npar  l'article  L. 226-1  du code  de la s\u00e9curit\u00e9  int\u00e9rieure  ;\nConsid\u00e9rant  que,  en application  de l'article  L. 613-2  du code  de la s\u00e9curit\u00e9  int\u00e9rieure,  les\npersonnes  physiques  exer\u00e7ant  l'activit\u00e9  mentionn\u00e9e  au 1\u00b0 de l'article  L. 611-1  du m\u00eame\ncode  peuvent,  lorsqu'un  p\u00e9rim\u00e8tre  de protection  a \u00e9t\u00e9 institu\u00e9  en application  de l'article\nL. 226-1  du m\u00eame  code,  proc\u00e9der,  avec  le consentement  expr\u00e8s  des  personnes,  \u00e0 des\npalpations  de s\u00e9curit\u00e9  ;\nConsid\u00e9rant  que  se tiendra,  le dimanche  12 janvier  2025  \u00e0 20h45,  un match  de football\npour  le compte  de la 17\u00b0\"  journ\u00e9e  du championnat  de football  de Ligue  1 au stade  du\nParc  des Princes  \u00e0 Paris  16\u00b0\",  qui opposera  les \u00e9quipes  du Paris  Saint-Germain  (PSG)  et de\nl'Association  Sportive  de Saint-Etienne  (ASSE)  ; qu'\u00e0  cette  occasion,  un nombre  important\nde supporters  ainsi  que  des  personnalit\u00e9s  seront  pr\u00e9sents  aux  abords  et \u00e0 l'int\u00e9rieur  du\nstade  ; que  dans  le contexte  actuel  de menace  tr\u00e8s  \u00e9lev\u00e9e,  cette  rencontre  sportive  est\nsusceptible  de constituer  une  cible  privil\u00e9gi\u00e9e  et symbolique  pour  des  actes  de nature\nterroriste  ;\nConsid\u00e9rant  que  plusieurs  attentats  ou tentatives  d'attentats  r\u00e9cents  traduisent  le niveau\n\u00e9lev\u00e9  de la menace  terroriste  actuelle  en France  dans  le cadre  du plan  VIGIPIRATE\n\u00ab urgence  attentat  \u00bb en vigueur  sur l'ensemble  du territoire  national  depuis  le 24 mars\n2024;\nConsid\u00e9rant  qu'il  appartient  \u00e0 l'autorit\u00e9  de police  comp\u00e9tente  de prendre  les mesures\nadapt\u00e9es,  n\u00e9cessaires  et proportionn\u00e9es  visant  \u00e0 garantir  la s\u00e9curit\u00e9  des  personnes  et des\nbiens  pendant  cet \u00e9v\u00e8nement  ; que  la mise  en place  d'un  p\u00e9rim\u00e8tre  de protection\ncomprenant  diff\u00e9rentes  mesures  de police  \u00e0 l'occasion  du match  de Ligue  1 entre  le Paris\nSaint-Germain  et l'Association  Sportive  de Saint-Etienne  au Parc  des Princes  \u00e0 Paris  16\u00b0\"\nle dimanche  12 janvier  2025  r\u00e9pond  \u00e0 ces objectifs  ;\nARRETE  :\nTITRE  PREMIER\nINSTITUTION  D'UN  PERIMETRE  DE PROTECTION\nArticle  1\u00b0 - Du dimanche  12 janvier  2025  \u00e0 17h45  au lundi  13 janvier  2025  \u00e0 01h00  est\ninstitu\u00e9  un p\u00e9rim\u00e8tre  de protection  au sein  duquel  l'acc\u00e8s  et la circulation  des  personnes\nsont  r\u00e9glement\u00e9s  dans  les conditions  fix\u00e9es  par le pr\u00e9sent  arr\u00e9t\u00e9.\nArticle  2 - Le p\u00e9rim\u00e8tre  de protection  institu\u00e9  par l'article  1\u00b0 du pr\u00e9sent  arr\u00eat\u00e9  est\nd\u00e9limit\u00e9  par  les voies  suivantes  qui y sont  incluses,  sauf  mentions  contraires  :\n- rue Nungesser  et Coli,  dans  sa partie  comprise  entre  le rond-point  de la place  de\nl'Europe  et l'avenue  de la Porte  Molitor  a Paris  16\u00b0\"\u00b0;\n- all\u00e9e  Charles  Brennus  \u00e0 Paris  16\u00b0\"\u00b0  ;\n2025-00044\n\n|\navenue  du G\u00e9n\u00e9ral  Sarrail,  dans  sa partie  comprise  entre  la rue  Raffa\u00e9lli  et l'all\u00e9e\nCharles  Brennus  \u00e0 Paris  16\u00b0\"  ;\navenue  du G\u00e9n\u00e9ral  Sarrail,  dans  sa partie  comprise  entre  la rue  Raffa\u00e9lli  et la rue\nLecomte  du No\u00fby  \u00e0 Paris  16\u00b0\"  ;\nrue Lecomte  du Nowy  a Paris  16\u00b0  ;\nrue de l'Arioste  \u00e0 Paris  16\u00b0\"\u00b0  ;\nrue  du Sergent  Maginot  \u00e0 Paris  16\u00b0\"\u00b0  ;\nrue du G\u00e9n\u00e9ral  Roques  \u00e0 Paris  16\u00b0\"\u00b0  ;\navenue  du Parc  des  Princes,  dans  sa partie  comprise  entre  le n\u00b0 31 de l'avenue  du\nParc  des  Princes  et l'avenue  du G\u00e9n\u00e9ral  Sarrail  \u00e0 Paris  16\u00b0\"\u00b0  ;\npasserelle  surplombant  le p\u00e9riph\u00e9rique,  en vis-\u00e0-vis  du magasin  Carglass,  depuis\nl'avenue  du Parc  des  Princes;\nrue du Commandant  Guilbaud  \u00e0 Paris  16\u00b07\u00b0;\nrue  du Parc  a Boulogne-Billancourt  (92)  ;\nparking  du complexe  omnisports  G\u00e9o  Andr\u00e9  \u00e0 Paris  16\u00b0;\nplace  de l'Europe  \u00e0 Boulogne-Billancourt  (92),  dans  sa partie  comprise  entre  la rue\nMarcel  Loyau  a Boulogne-Billancourt  (92)  et le rond-point  de la place  de l'Europe  \u00e0\nParis  16\u00b0\"  ;\nrond-point  de la place  de l'Europe  \u00e0 Paris  16\u00b0\"  ;\nrue  Joseph-Bernard  \u00e0 Boulogne-Billancourt  (92),  dans  sa partie  comprise  entre  la rue\nde la Tourelle  \u00e0 Boulogne-Billancourt  (92)  et la rue  Nungesser  et Coli  \u00e0 Paris  16\u00b0.\nArticle  3 - Les points  d'acc\u00e8s  au p\u00e9rim\u00e8tre,  sur lesquels  des  dispositifs  de pr\u00e9-filtrage  et de\nfiltrage  sont  mis  en place,  sont  situ\u00e9s  :\n\u00e0 l'angle  form\u00e9  par  l'avenue  du G\u00e9n\u00e9ral-Sarrail,  la rue  Raffa\u00e9lli  (c\u00f4t\u00e9  impair)  et l'all\u00e9e\nCharles  Brennus  \u00e0 Paris  16\u00b07\u00b0  ;\nrue  Lecomte  du No\u00fby  \u00e0 Paris  16\u00b07\u00b0;\n\u00e0 l'angle  form\u00e9  par  la rue  du Sergent  Maginot  et la place  du G\u00e9n\u00e9ral  Stefanik  \u00e0 Paris\n16\u00e8me  ;\n\u00e0 l'angle  form\u00e9  par  la rue  du G\u00e9n\u00e9ral  Roques  et la place  du G\u00e9n\u00e9ral  Stefanik  \u00e0 Paris\n16\u00e8me  ;\nau n\u00b0 31 de l'avenue  du Parc  des  Princes  \u00e0 Paris  16\u00b0\";\n\u00e0 l'angle  form\u00e9  par  l'avenue  de la Porte  de Saint-Cloud  et la rue  du Commandant\nGuilbaud  \u00e0 Paris  16\u00b0;\nrue  du Parc  \u00e0 Boulogne-Billancourt  (92);\n\u00e0 l'angle  form\u00e9  par  la rue  de la Tourelle  et l'entr\u00e9e  du Jardin  Guilbaud  \u00e0 Boulogne-\nBillancourt  (92);\n\u00e0 l'angle  form\u00e9  par  la place  de l'Europe  et l'entr\u00e9e  du Jardin  Guilbaud  \u00e0 Boulogne-\nBillancourt  (92)  ;\nplace  de l'Europe  \u00e0 Boulogne-Billancourt  (92),  dans  sa partie  comprise  entre  la rue\nMarcel  Loyau  a Boulogne-Billancourt  (92)  et le rond-point  de la place  de l'Europe  \u00e0\nParis  16\u00b0\u00b0;\n2025-00044  '\n\n- a l'angle  form\u00e9  par  la rue Joseph  Bernard  et la rue de la Tourelle  a Boulogne-\nBillancourt  (92);\n- a l'angle  form\u00e9  par la rue Nungesser  et Coli  et l'avenue  de la Porte  Molitor  a Paris\n16\u00e8me  ;\n- a l'angle  de la rue Nungesser  et Coli  \u00e0 Paris  16\u00b0\"\u00b0  et de la rue Joseph  Bernard  \u00e0\nBoulogne-Billancourt  (92).\nTITRE  Il\nMESURES  DE POLICE  APPLICABLES  A L'INTERIEUR  DU PERIMETRE  DE PROTECTION\nArticle  4 - Dans  le p\u00e9rim\u00e8tre  institu\u00e9  et durant  la p\u00e9riode  mentionn\u00e9e  par  l'article  1\u00b0, les\nmesures  suivantes  sont  applicables  :\n1\u00b0 Mesures  applicables  aux  usagers  de la voie  publique  :\na) Sont  interdits  :\n- Tout  rassemblement  de nature  revendicative  ;\n- Le port,  le transport  et l'utilisation  des  artifices  de divertissement,  des  articles\npyrotechniques,  des  armes  a feu,  y compris  factices,  et des  munitions,  ainsi  que  de\ntous  objets  susceptibles  de constituer  une  arme  au sens  de l'article  132-75  du code\np\u00e9nal  ou pouvant  servir  de projectile  pr\u00e9sentant  un danger  pour  la s\u00e9curit\u00e9  des\npersonnes  et des  biens;\n- L'acc\u00e8s  des  animaux  dangereux  au sens  des  articles  L. 211-11  et suivants  du code  rural\net de la p\u00eache  maritime,  en particulier  les chiens  des  1%\u00b0 et 2\u00b0\"  cat\u00e9gories  ;\nb) Les personnes  ont  l'obligation,  pour  acc\u00e9der  par  les points  de pr\u00e9-filtrage  et de\nfiltrage  pr\u00e9vus  \u00e0 l'article  3 ou circuler  \u00e0 l'int\u00e9rieur  du p\u00e9rim\u00e8tre,  de se soumettre,  \u00e0 la\ndemande  des  agents  autoris\u00e9s  par  le pr\u00e9sent  arr\u00eat\u00e9  \u00e0 proc\u00e9der  \u00e0 ces  v\u00e9rifications,  \u00e0\nl'inspection  visuelle  des  bagages  et \u00e0 leur  fouille,  ainsi  qu'\u00e0  des  palpations  de s\u00e9curit\u00e9  et,\nexclusivement  par  des  officiers  de police  judiciaire  et, sous  leur  responsabilit\u00e9,  par  des\nagents  de police  judiciaire  et agents  de police  judiciaire  adjoints,  \u00e0 la visite  de leur\nv\u00e9hicule  ;\nc) Les personnes  qui,  pour  des  raisons  professionnelles,  de r\u00e9sidence  ou familiales\ndoivent  acc\u00e9der  \u00e0 l'int\u00e9rieur  du p\u00e9rim\u00e8tre  de protection  et y circuler,  sont  invit\u00e9es  \u00e0 se\nsignaler  aupr\u00e8s  de l'autorit\u00e9  de police  sur place  afin  de pouvoir  faire  l'objet  d'une  mesure\nde filtrage  adapt\u00e9e  ;\n2\u00b0 Mesures  accordant  des  comp\u00e9tences  suppl\u00e9mentaires  aux  personnels  charg\u00e9s  de la\ns\u00e9curit\u00e9  :\n- Les officiers  de police  judiciaire  mentionn\u00e9s  aux  2\u00b0 \u00e0 4\u00b0 de l'article  16 du code  de\nproc\u00e9dure  p\u00e9nale  et, sous  leur  responsabilit\u00e9,  les agents  de police  judiciaire\nmentionn\u00e9s  \u00e0 l'article  20 du m\u00eame  code  sont  autoris\u00e9s  \u00e0 proc\u00e9der,  avec  le\nconsentement  des  personnes  faisant  l'objet  de ces  v\u00e9rifications,  \u00e0 des  palpations  de\ns\u00e9curit\u00e9,  \u00e0 l'inspection  visuelle  des  bagages  et \u00e0 leur  fouille,  ainsi  qu'\u00e0  la visite  des\nv\u00e9hicules  ;\n2025-00044\n\n- les personnes  exer\u00e7ant  l'activit\u00e9  mentionn\u00e9e  au 1\u00b0 de l'article  L. 611-1  du code  de la\ns\u00e9curit\u00e9  int\u00e9rieure  peuvent,  aux  points  de filtrage,  proc\u00e9der,  sous  l'autorit\u00e9  des\nofficiers  de police  judiciaire  et aupr\u00e8s  des  agents  de police  judiciaire  qu'ils  assistent  et\navec  le consentement  expr\u00e8s  des  personnes,  outre  \u00e0 l'inspection  visuelle  des  bagages\net \u00e0 leur  fouille,  \u00e0 des  palpations  de s\u00e9curit\u00e9.\nArticle  5 - Sans  pr\u00e9judice  des  sanctions  p\u00e9nales  auxquelles  s'exposent  les personnes  en\ninfraction  avec  les dispositions  du pr\u00e9sent  titre,  celles  qui refusent  de se soumettre  \u00e0\nl'inspection  visuelle  de leurs  bagages  \u00e0 main,  \u00e0 leur  fouille,  \u00e0 des  palpations  de s\u00e9curit\u00e9  ou\n\u00e0 la visite  de leur  v\u00e9hicule  peuvent  se voir  interdire  l'acc\u00e8s  au p\u00e9rim\u00e8tre  institu\u00e9  par\nl'article  1\u00b0 ou \u00eatre  conduites  \u00e0 l'ext\u00e9rieur  de celui-ci.\nTITRE  Ill\nDISPOSITIONS  FINALES\nArticle  6 - Les  mesures  pr\u00e9vues  par  le pr\u00e9sent  arr\u00eat\u00e9  peuvent  \u00eatre  lev\u00e9es  et r\u00e9tablies  sur\nd\u00e9cision  du repr\u00e9sentant  sur place  de l'autorit\u00e9  de police,  en fonction  de l'\u00e9volution  de la\nsituation.\nArticle  7 - Le pr\u00e9fet  des  Hauts-de-Seine,  la pr\u00e9f\u00e8te,  directrice  de cabinet,  le directeur  de\nl'ordre  public  et de la circulation,  la directrice  de la s\u00e9curit\u00e9  de proximit\u00e9  de\nl'agglom\u00e9ration  parisienne  et la secr\u00e9taire  g\u00e9n\u00e9rale  de la ville  de Paris  sont  charg\u00e9s,  chacun  en ce\nqui le concerne,  de l'ex\u00e9cution  du pr\u00e9sent  arr\u00eat\u00e9  qui sera  publi\u00e9  aux  recueils  des  actes\nadministratifs  du d\u00e9partement  de Paris  et de la pr\u00e9fecture  des  Hauts-de-Seine,  consultable  sur\nle site  de la pr\u00e9fecture  de police  (https://www.prefecturedepolice.interieur.gouv.fr)  et transmis\naux  procureurs  de la R\u00e9publique  pr\u00e8s  les tribunaux  judiciaires  de Paris  et de Nanterre.\nFait  \u00e0 Paris,le  \u2014 8 JAN,  2025\nel Laurent  NUNEZ\nef\u00e9te,  dir\u00e8trice  du cabinet\nMagali  CHARBONNEAU\n2025-00044\n\n2025-00044\nAnnexe  de l'arr\u00eat\u00e9  n\u00b0 du 8  JAN,  2025\nVOIES  ET DELAIS  DE RECOURS\nSi vous  estimez  devoir  contester  le pr\u00e9sent  arr\u00eat\u00e9,  il vous  est possible,  dans  un\nd\u00e9lai  de deux  mois  \u00e0 compter  de sa publication  au recueil  des  actes  administratifs  du\nd\u00e9partement  de Paris  :\n- soit  de saisir  d'un  RECOURS  GRACIEUX\nle Pr\u00e9fet  de Police\n7/9,  boulevard  du Palais  - 75195  PARIS  RP\n- ou de former  un RECOURS  HIERARCHIQUE\naupr\u00e8s  du Ministre  de l'int\u00e9rieur\nDirection  des  libert\u00e9s  publiques  et des  affaires  juridiques\nplace  Beauvau  - 75008  PARIS\n- soit  de saisir  d'un  RECOURS  CONTENTIEUX\nle Tribunal  administratif  comp\u00e9tent\nAucune  de ces  voies  et recours  ne suspend  l'application  de la pr\u00e9sente  d\u00e9cision.\nLes  recours  GRACIEUX  et HIERARCHIQUE  doivent  \u00eatre  \u00e9crits,  exposer  les\narguments  ou faits  nouveaux  et comprendre  la copie  de l'arr\u00eat\u00e9  contest\u00e9.\nLe recours  CONTENTIEUX,  qui  vise  \u00e0 contester  la LEGALITE  de la pr\u00e9sente\nd\u00e9cision,  doit  \u00e9galement  \u00eatre  \u00e9crit  et exposer  votre  argumentation  juridique.\nSi vous  n'aviez  pas  de r\u00e9ponse  \u00e0 votre  recours  GRACIEUX  ou HIERARCHIQUE\ndans  un d\u00e9lai  de deux  mois  \u00e0 compter  de la r\u00e9ception  de votre  recours  par  l'administration,\nvotre  demande  devra  \u00eatre  consid\u00e9r\u00e9e  comme  rejet\u00e9e  (d\u00e9cision  implicite  de rejet).\nEn cas  de rejet  des  recours  GRACIEUX  ou HIERARCHIQUE,  le Tribunal\nadministratif  peut  \u00eatre  saisi  d'un  recours  contentieux  dans  le d\u00e9lai  de deux  mois  \u00e0 compter\nde la date  de la d\u00e9cision  de rejet.\n\n2 TTbos \u00c0 2 /\nF3 JARDINS  DES\na SERRES  D'AUTELIL  DIRECTION  DE L'ORDRE  PUBLIC\n$ ET DE LA CIRCULATION\n: Roland  Garros  3\n| \u2014Mare 2 | PARC  DES  PRINCES  |\n\\ lou  sas Lea\n\u00bb aoe  ene,  Dimanche  12 Janvier  2025\n% ee  et\ner x | \" Bou chia  s 2 => oul xlevard d pe  Boulevard  d'Autouil  P\u00c9RIM\u00c8TRE  SILT  4\n$\n\u00e9 \"3 n Bos \u00e0 : : IMULITUR  eee2 2 Groupe  \u00e9 +\n\u00fc # Sculaire  | 5 amor 5a \u00ab\u00a9 TOupenicyns.  \u00a9 ae M\u00b0\nFi $ is hs. de ao \u00e9  i \u00c0[1 @ \u00e9 \u00a2 @ 2 is\niad Rue  Gu a / = \u00ab\n\u00e0 fon\n=  om  sa \" Rue ie 2 x f \u00a3\" a i \u00e9 te  Rue + af soe\"  ARECKG  a, fy\nor  Ph acfnara!  # Wer,  2gue  = '*, 4 \u00a9S 1 5) Ys o vee \u00b0\n\u00a3 ad  \" - x\n2 Fi 2 fy Or-g.= Ps |5 Foi a ER  & Stade  0 Mite\n& = g Jean Bouin  if\n> Py ez aa< 3 !\n\u00a9\n5\n\u00e9 7\nea\n2R\u00e9res  &z di= ' St Notiy Orve  ce Varize 4\nat,  Ee 3\n4% \u00c0 Coi\u00e9go  \u00a9 2\n3 iLyc\u00e9o  Claude  =NS 'Bernard  = 6\nGri  a 3\nae ' GsLE  E +'Be 'Necene  a\nRue  de PArioste  3\n\u00c0  oun  FS\nJE) 4 3 =\n/ >  at  o o>  +\"\na \u00b0 % . 8 $\n9 es = \u00ff =\nG6  Bog et FA \u00ca ciLeste  \u00e0 5 Sum  \u00e0 AE \u00c0 \u00c0En oy gs ioe | a < 3 pried 4 \u00e9\n\u00a5 CEE]  D. GE  chet  EN | tos Ay 2 \u00c0 -\na ve Ree  tiem  Ge ye re = rod a\"pit  Mey,  3 te ie  ' ssssssl  Rue a % ' \u00e9 \u00c0\nE Princes  s a 104  <=  Le < 2, & { 1 LEP  Rag  eng #i 70 oti  H ae ms) os 5) PL. $\nao \u00e0 : 3 \u0178: du G\u00e9n\u00e9ral  \u00ea\n= =z \u00e0 ... StefanikRue 2e sl Cru | \u00e8 2 4 =de p Sr 123-\"=Sm00  2 2. % bs\n'aris , * \"et  Geo Andr\u00e9  381  Et \u00c9 '+ \u00e9\n2 dE  & \u00a9 % a LENS.  \u00e0\u20ac & s\u00e9 a a ve e Ag o\nRous . baie Te A % 9 folic %e de Ja Reine  mn,  F LA Sainte-Jeanne  a.\nrae RE si = \" de Chantal  4 28\n\" ON \\ AV. de la p, *> \" . \\ orte  Saint-Co,  # sa E\nPe  Residence  \\ ie \u00a9. = PAU Docteur  *oe dala Reine 2 alte Paul Michaux  Sue\nao  ' \\ s 1 se  Cite  4\n\" Le rent : 1e \u0178 sano  DE 4 SQUARE  PORTE  .sou  ouard G3 MAC  LAPORTE  \u00c8 \u00c0 ocTave  SAINT-CLOUD  gt\"\u00c9oere a Rue Ed sca \u00c9cole  \\% oEsawTrcLoun  # \\ @. MIRBEAU  3\n: 5 matemele  ; \u00a3 A  PL %\n.. om  GEveres!  ax Pp \u00ff 1 de la Porte\n+ 2. x KA  3 Saint-Cloud\n\nPREFECTURE  ap Cabinet  du pr\u00e9fet\nDE POLICE  a\nLibert\u00e9\nArr\u00eat\u00e9  n\u00b0 2025-00047\nportant  d\u00e9l\u00e9gation  de la signature  pr\u00e9fectorale\nau sein  du service  des  affaires  juridiques  et du contentieux  et habilitant  certains  de ses agents  \u00e0\nrepr\u00e9senter  le pr\u00e9fet  de police  devant  les juridictions\nLe pr\u00e9fet  de police,\nVU le code  g\u00e9n\u00e9ral  des  collectivit\u00e9s  territoriales  ;\nVU le code  des  relations  entre  le public  et l'administration  ;\nVU le d\u00e9cret  n\u00b0 2003-737  du 1\u00b0 ao\u00fbt  2003  portant  cr\u00e9ation  d'un  secr\u00e9tariat  g\u00e9n\u00e9ral  pour\nl'administration  \u00e0 la pr\u00e9fecture  de police  ;\nVU le d\u00e9cret  n\u00b0 2004-374  du 29 avril  2004  modifi\u00e9  relatif  aux  pouvoirs  des  pr\u00e9fets,  \u00e0 l'organisation  et\n\u00e0 l'action  des  services  de l'Etat  dans  les r\u00e9gions  et d\u00e9partements  ;\nVU le d\u00e9cret  n\u00b0 2014-296  du 6 mars  2014  relatif  aux  secr\u00e9tariats  g\u00e9n\u00e9raux  pour  l'administration  du\nminist\u00e8re  de l'int\u00e9rieur  et modifiant  diverses  dispositions  du code  de la d\u00e9fense  et du code  de la\ns\u00e9curit\u00e9  int\u00e9rieure  ;\nVU le d\u00e9cret  du 20 juillet  2022  par lequel  M. Laurent  NUNEZ,  pr\u00e9fet,  coordonnateur  national  du\nrenseignement  et de la lutte  contre  le terrorisme,  est nomm\u00e9  pr\u00e9fet  de police  (hors  classe)  ;\nVU le d\u00e9cret  du 22 d\u00e9cembre  2022  par  lequel  M. Philippe  LE MOING-SURZUR,  administrateur  g\u00e9n\u00e9ral,\nest nomm\u00e9  pr\u00e9fet,  secr\u00e9taire  g\u00e9n\u00e9ral  pour  l'administration  de la pr\u00e9fecture  de police  ;\nVU la d\u00e9lib\u00e9ration  du conseil  de Paris  n\u00b0 2020-PP-53  des  23 et 24 juillet  2020  portant  renouvellement\nde la d\u00e9l\u00e9gation  de pouvoir  accord\u00e9e  au pr\u00e9fet  de police  par  le conseil  de Paris  dans  certaines  des\nmati\u00e8res  \u00e9num\u00e9r\u00e9es  par l'article  L. 2122-22  du code  g\u00e9n\u00e9ral  des  collectivit\u00e9s  territoriales  ;\nVU la d\u00e9cision  du ministre  de l'int\u00e9rieur  du 15 octobre  2024  par  laquelle  Mme  Elisabeth  THERBY-\nVALE,  administratrice  civile  du deuxi\u00e8me  grade,  a \u00e9t\u00e9  affect\u00e9e  en qualit\u00e9  d'adjointe  au chef  du\nservice  des  affaires  juridiques  et du contentieux  au secr\u00e9tariat  g\u00e9n\u00e9ral  pour  l'administration  de la\npr\u00e9fecture  de police,  \u00e0 compter  du 12 novembre  2024  ;\nVU l'arr\u00eat\u00e9  pr\u00e9fectoral  n\u00b0 2022-00311  du 4 avril  2022  relatif  aux  missions  et \u00e0 l'organisation  du service\ndes  affaires  juridiques  et du contentieux  ;\nVU l'arr\u00eat\u00e9  pr\u00e9fectoral  n\u00b0 2024-00882  du 28 juin  2024  accordant  d\u00e9l\u00e9gation  de la signature\npr\u00e9fectorale  au pr\u00e9fet,  secr\u00e9taire  g\u00e9n\u00e9ral  pour  l'administration  de la pr\u00e9fecture  de police  ;\nVU l'arr\u00eat\u00e9  pr\u00e9fectoral  n\u00b0 2025-00024  du 7 janvier  2025  d\u00e9signant  Mme  Elisabeth  THERBY-VALE  en\nqualit\u00e9  de Personne  responsable  de l'acc\u00e8s  aux  documents  administratifs  et des  questions  relatives  \u00e0\nla r\u00e9utilisation  des  informations  publiques  ;\nSUR  proposition  du pr\u00e9fet,  secr\u00e9taire  g\u00e9n\u00e9ral  pour  l'administration,\n\nARRETE\nArticle  1\u00b0\nD\u00e9l\u00e9gation  est donn\u00e9e  \u00e0 Mme  THERBY-VALE,  administratrice  de l'\u00c9tat,  adjointe  au chef  du service  des\naffaires  juridiques  et du contentieux,  directement  plac\u00e9e  sous  l'autorit\u00e9  du pr\u00e9fet,  secr\u00e9taire  g\u00e9n\u00e9ral\npour  l'administration,  \u00e0 l'effet  de signer,  au nom  du pr\u00e9fet  de police,  tous  actes,  arr\u00eat\u00e9s,  d\u00e9cisions,\nr\u00e9ponses  aux  demandes  d'acc\u00e8s  aux  donn\u00e9es  et documents  administratifs,  transactions  et m\u00e9diations\ndont  celles  engageant  une  d\u00e9pense  inf\u00e9rieure  \u00e0 80 000  euros,  m\u00e9moires  et recours  entrant  dans  le\nchamp  des missions  fix\u00e9es  par l'arr\u00eat\u00e9  du 4 avril  2022  susvis\u00e9.  \u00c0 cet effet,  elle repr\u00e9sente,  de fa\u00e7on\npermanente,  le pr\u00e9fet  de police  devant  toute  juridiction  et peut  habiliter  tout  agent  \u00e0 cette  m\u00eame  fin.\nD\u00e9l\u00e9gation  est \u00e9galement  donn\u00e9e  \u00e0 Mme  THERBY-VALE  \u00e0 l'effet  de signer  les constatations  de service\nfait  pour  les prestations  r\u00e9alis\u00e9es  par  des  prestataires  ext\u00e9rieurs,  les d\u00e9cisions  relatives  aux  cong\u00e9s\nannuels  et de maladie  ordinaire,  au t\u00e9l\u00e9travail  et \u00e0 l'\u00e9valuation  des  personnels  relevant  de son  autorit\u00e9,\nainsi  qu'aux  fins  de signer  tout  acte  visant  \u00e0 indemniser  les tiers  ou \u00e0 engager  leur  responsabilit\u00e9.\nArticle  2\nD\u00e9l\u00e9gation  est donn\u00e9e  \u00e0 Mme  THERBY-VALE  \u00e0 l'effet  de prononcer  \u00e0 l'encontre  des  personnels  relevant\nde son  autorit\u00e9  les sanctions  disciplinaires  d'avertissement  et de bl\u00e2me,  ainsi  que  l'ensemble  des\nd\u00e9cisions  pr\u00e9alables  ou n\u00e9cessaires  \u00e0 celles-ci.\nArticle  3\nEn cas  d'absence  ou d'emp\u00e9chement  de Mme  THERBY-VALE,  les d\u00e9l\u00e9gations  qui lui sont  consenties\nsont  exerc\u00e9es,  dans  la limite  des  attributions  d\u00e9finies  au chapitre  premier  de l'arr\u00eat\u00e9  du 4 avril  2022\nsusvis\u00e9  : |\n- par  M. Jean-Fran\u00e7ois  LAVAUD,  conseiller  d'administration  pour  l'int\u00e9rieur  et l'outre-mer,  chef\ndu bureau  du contentieux  judiciaire  et de l'exc\u00e8s  de pouvoir  ;\n- en cas  d'absence  ou d'emp\u00e9chement  de M. Jean-Fran\u00e7ois  LAVAUD,  par  Mme  Aude  VANDIER,\nattach\u00e9e  principale  d'administration  de l'\u00c9tat,  adjointe  au chef  du bureau  ;\n- en cas  d'absence  ou d'emp\u00e9chement  de M. Jean-Fran\u00e7ois  LAVAUD  et de Mme  Aude\nVANDIER  :\no par  Mme  Olympe  ROUSSEL,  agent  contractuel  de cat\u00e9gorie  A, cheffe  de bureau  ;\no par  Monsieur  Cyril  MEDARD,  agent  contractuel  de cat\u00e9gorie  A, consultant  juridique\no par Madame  Juliette  MATHIS,  attach\u00e9e  d'administration  de l'\u00c9tat,  consultante  juridique,\no par  Madame  Giulia  ORSO,  agent  contractuel  de cat\u00e9gorie  B, en qualit\u00e9  de cheffe  de la\nsection  du contentieux  des  \u00e9trangers,  dans  la limite  de ses attributions.\n\u00c0 cet effet,  ils sont  habilit\u00e9s  \u00e0 repr\u00e9senter  le pr\u00e9fet  de police  devant  les juridictions.\nArticle  4\nEn cas  d'absence  ou d'emp\u00eachement  de Mme  THERBY-VALE,  les d\u00e9l\u00e9gations  qui lui sont  consenties\nsont  exerc\u00e9es,  dans  la limite  des  attributions  d\u00e9finies  au chapitre  2 de l'arr\u00eat\u00e9  du 4 avril  2022  susvis\u00e9  :\n- par  Mme  Olympe  ROUSSEL,  agent  contractuel  de cat\u00e9gorie  A, cheffe  du bureau  du contentieux\ndes  responsabilit\u00e9s,  \u00e0 l'exception  des  actes  engageant  une  d\u00e9pense  sup\u00e9rieure  \u00e0 10 000  euros  ;\n- en cas  d'absence  ou d'emp\u00eachement  de Mme  ROUSSEL,  par  Mme  Chlo\u00e9  DHAMBAHADOUR,\nagent  contractuel  de cat\u00e9gorie  A, adjointe  \u00e0 la cheffe  du bureau,  dans  les m\u00eames  conditions  ;\n- en cas  d'absence  ou d'emp\u00eachement  de Mme  ROUSSEL  et de Mme  DHAMBAHADOUR,  par\no M. Jean-Fran\u00e7ois  LAVAUD,  conseiller  d'administration  pour  l'int\u00e9rieur  et l'outre-mer,  chef\nde bureau  ;\n2025-00047  2\n\no M. Damien  SERRE,  secr\u00e9taire  administratif  de classe  normale,  chef  de la section  des\nexpulsions  locatives,  dans  la limite  de ses attributions  et \u00e0 l'exception  des  d\u00e9cisions  et\nactes  engageant  les d\u00e9penses  sup\u00e9rieures  \u00e0 5 000  euros.\n\u00c0 cet effet,  ils sont  habilit\u00e9s  \u00e0 repr\u00e9senter  le pr\u00e9fet  de police  devant  les juridictions.\nArticle  5\nEn cas d'absence  ou d'emp\u00e9chement  de Mme  THERBY-VALE,  dans  le cadre  des  proc\u00e9dures\njuridictionnelles  urgentes,  notamment  vis\u00e9es  aux  articles  L. 521-1  et suivants  du code  de justice\nadministrative,  peuvent  repr\u00e9senter  le pr\u00e9fet  de police  devant  les juridictions  dans  la limite  des\nattributions  d\u00e9finies  au chapitre  2 et 3 de l'arr\u00eat\u00e9  du 4 avril  2022  susvis\u00e9  :\no M. Jean-Fran\u00e7ois  LAVAUD,  conseiller  d'administration  de l'int\u00e9rieur  et de l'outre-mer,\nchef  de bureau  ;\no Mme  Olympe  ROUSSEL,  agent  contractuel  de cat\u00e9gorie  A, cheffe  de bureau  ;\no Mme  Chlo\u00e9  DHAMBAHADOUR,  agent  contractuel  de cat\u00e9gorie  \u00c0, adjointe  \u00e0 la cheffe  de\nbureau  ;\no Mme  Aude  VANDIER,  attach\u00e9e  principale  d'administration  de l'\u00c9tat,  adjointe  au chef  de\nbureau  ;\no Mme  Sarah  AMIRI,  agent  contractuel  de cat\u00e9gorie  A, charg\u00e9e  de mission.\nArticle  6\nEn cas d'absence  ou d'emp\u00e9chement  de Mme  THERBY-VALE,  les d\u00e9l\u00e9gations  qui lui sont  consenties\nsont  exerc\u00e9es,  dans  la limite  des  attributions  d\u00e9finies  au chapitre  3 de l'arr\u00eat\u00e9  du 4 avril  2022  susvis\u00e9,\npar  M. Laurent  ECKERT,  agent  contractuel  de cat\u00e9gorie  A, chef  du bureau  du droit  des  donn\u00e9es  et des\ndocuments  administratifs.\nD\u00e9l\u00e9gation  est \u00e9galement  donn\u00e9e  \u00e0 M. ECKERT,  en cas  d'absence  ou d'emp\u00e9chement  de Mme  THERBY-\nVALE,  aux  fins  de signer  tout  acte  relatif  \u00e0 l'acc\u00e8s  aux  documents  administratifs,  aux  informations\npubliques  et aux  donn\u00e9es  personnelles.\n\u00c0 cet effet,  il est habilit\u00e9  \u00e0 repr\u00e9senter  le pr\u00e9fet  de police  devant  les juridictions.\nArticle  7\nEn cas d'absence  ou d'emp\u00eachement  de Mme  THERBY-VALE,  les d\u00e9l\u00e9gations  qui lui sont  consenties\nsont  exerc\u00e9es,  dans  la limite  des  attributions  d\u00e9finies  au chapitre  4 de l'arr\u00eat\u00e9  du 4 avril  2022  susvis\u00e9,\npar Mme  Marie-Dominique  GABRIELLI,  attach\u00e9e  hors  \u00e9chelle  d'administration  de l'\u00c9tat,  cheffe  du\nbureau  de la protection  juridique,  de l'assurance  et de la r\u00e9paration.\nEn cas d'absence  ou d'emp\u00e9chement  de Mme  Marie-Dominique  GABRIELLI,  la d\u00e9l\u00e9gation  ainsi\nconsentie  est exerc\u00e9e  :\n= dans  le cadre  de la mise  en \u0153uvre  de la protection  juridique  :\n- par Mme  Laurence  THIBAULT,  attach\u00e9e  hors  classe  d'administration  de l'\u00c9tat,  adjointe  \u00e0 la cheffe\ndu bureau  de la protection  juridique,  de l'assurance  et de la r\u00e9paration,  cheffe  de la section  de la\nprotection  juridique  ;\n- En cas  d'absence  ou d'emp\u00e9chement  de Mme  Laurence  THIBAULT,  par  :\no M. Yves  RIOU,  attach\u00e9  principal  d'administration  de l'\u00c9tat,  adjoint  \u00e0 la cheffe  du bureau\nde la protection  juridique,  de l'assurance  et de la r\u00e9paration,  chef  de la section  de\nl'assurance  et de la r\u00e9paration  ;\n2025-00047  3\n\no Mme  Isabelle  COLLET,  secr\u00e9taire  administrative  de classe  exceptionnelle,  cheffe  du p\u00f4le\nde protection  juridique  regroupant  Paris  et les d\u00e9partements  des  Hauts-de-Seine  et de la\nSeine-Saint-Denis,  \u00e0 l'exception  des  d\u00e9cisions  de refus  de protection  fonctionnelle  ;\no Mme  G\u00fclgiz  ERMISER,  secr\u00e9taire  administrative  de classe  sup\u00e9rieure,  cheffe  du p\u00f4le  de\nprotection  juridique  regroupant  les d\u00e9partements  de Seine-et-Marne,  des  Yvelines,  de\nl'Essonne,  du Val-de-Marne  et du Val-d'Oise,  \u00e0 l'exception  des  d\u00e9cisions  de refus  de\nprotection  fonctionnelle  ;\n\" dans  le cadre  du traitement  des  attributions  en mati\u00e8re  d'assurance  et de r\u00e9paration  :\n- par  M. Yves  RIOU,  attach\u00e9  principal  d'administration  de l'\u00c9tat,  adjoint  \u00e0 la cheffe  du bureau  de\nla protection  juridique,  de l'assurance  et de la r\u00e9paration,  chef  de la section  de l'assurance  et de\nla r\u00e9paration  ;\n- en cas  d'absence  ou d'emp\u00e9chement  de M. Yves  RIOU,  par  Mme  Laurence  THIBAULT,  attach\u00e9e\nd'administration  hors  classe  de l'\u00c9tat,  adjointe  \u00e0 la cheffe  du bureau  de la protection  juridique,\nde l'assurance  et de la r\u00e9paration,  cheffe  de la section  de la protection  juridique.\nArticle  8\nEn cas  d'absence  ou d'emp\u00eachement  de Mme  THERBY-VALE,  les d\u00e9l\u00e9gations  qui lui sont  consenties\nsont  exerc\u00e9es  dans  la limite  des  attributions  d\u00e9finies  au chapitre  5 de l'arr\u00eat\u00e9  du 4 avril  2022  susvis\u00e9,  par\nMme  Olivia  VAN  HOUTTEGHEM,  agent  contractuel  de cat\u00e9gorie  A, adjointe  au chef  de bureau  des\nressources,  du pilotage  et de la modernisation,  \u00e0 l'exception  des  d\u00e9cisions  et actes  engageant  les\nd\u00e9penses  sup\u00e9rieures  \u00e0 1 000  euros.\nEn cas  d'absence  ou d'emp\u00e9chement  de Mme  VAN  HOUTTEGHEM,  la d\u00e9l\u00e9gation  ainsi  consentie  est\nexerc\u00e9e  par  M. Jean-Philippe  LOUSSALA,  secr\u00e9taire  administratif  de classe  normale,  chef  de la section\nbudg\u00e9taire  et comptable.\nArticle  9\nD\u00e9l\u00e9gation  est donn\u00e9e  \u00e0 l'effet  de signer  dans  l'application  informatique  financi\u00e8re  de l'\u00c9tat  aux  fins  de\ncertification  du service  fait  et de validation  de demande  d'achat,  dans  la limite  de leurs  attributions\nrespectives,  aux  agents  plac\u00e9s  sous  l'autorit\u00e9  du chef  du bureau  des  ressources,  du pilotage  et de la\nmodernisation,  dont  les noms  suivent  :\n- M. Jean-Philippe  LOUSSALA,  secr\u00e9taire  administratif  de classe  normale,  chef  de la section\nbudg\u00e9taire  et comptable  ;\n- Mme  Jeanne  PERRIN,  adjointe  administrative  principale  de premi\u00e8re  classe  des  administrations\nparisiennes  ;\n- M. Olivier  ARAGO,  adjoint  administratif  principal  de deuxi\u00e8me  classe  des  administrations\nparisiennes.\nArticle  10\nEn cas  d'absence  ou d'emp\u00e9chement  de Mme  THERBY-VALE,  les d\u00e9l\u00e9gations  qui  lui sont  consenties\nsont  exerc\u00e9es  en mati\u00e8re  contentieuse,  de m\u00e9diations  et de transactions  relatives  \u00e0 la commande\npublique  par  Mme  Sarah  AMIRI.\n\u00c0 cet effet,  elle est habilit\u00e9e  \u00e0 repr\u00e9senter  le pr\u00e9fet  de police  devant  les juridictions.\n2025-00047\n\nArticle  11\nLa pr\u00e9f\u00e8te,  directrice  de cabinet,  et le pr\u00e9fet,  secr\u00e9taire  g\u00e9n\u00e9ral  pour  l'administration,  sont  charg\u00e9s,\nchacun  en ce qui le concerne,  de l'ex\u00e9cution  du pr\u00e9sent  arr\u00eat\u00e9  qui sera  publi\u00e9  aux recueils  des actes\nadministratifs  des pr\u00e9fectures  des d\u00e9partements  de la zone  de d\u00e9fense  et de s\u00e9curit\u00e9  de Paris.\nFait \u00e0 Paris, le 0 9 JAN. 2025 Le\nLaurent  NUNEZ\n2025-00047\n\noe  as  Cabinet  du pr\u00e9fet\nLibert\u00e9\nEgalit\u00e9\nFraternit\u00e9\narr\u00e9t\u00e9  n\u00b0 2025-00048\naccordant  d\u00e9l\u00e9gation  de la signature  pr\u00e9fectorale\nau sein  de la direction  des  finances,  de la commande  publique  et de la performance\nLe pr\u00e9fet  de police,\nVU le code  g\u00e9n\u00e9ral  de la fonction  publique,  notamment  son  article  L417-5  ;\nVU le d\u00e9cret  n\u00b0 2003-737  du 1\u00b0 ao\u00fbt  2003  modifi\u00e9  portant  cr\u00e9ation  d'un  secr\u00e9tariat  g\u00e9n\u00e9ral\npour  l'administration  \u00e0 la pr\u00e9fecture  de police  ;\nVU le d\u00e9cret  n\u00b0 2004-374  du 29 avril  2004  modifi\u00e9  relatif  aux  pouvoirs  des  pr\u00e9fets,  \u00e0\nl'organisation  et \u00e0 l'action  des  services  de l'\u00c9tat  dans  les r\u00e9gions  et d\u00e9partements  et\nnotamment  ses  articles  77 et 78;\nVU le d\u00e9cret  n\u00b0 2006-1780  du 23 d\u00e9cembre  2006  portant  d\u00e9l\u00e9gation  de pouvoir  en mati\u00e9re\nde recrutement  et de gestion  de certains  personnels  relevant  du minist\u00e8re  de l'int\u00e9rieur  ;\nVU le d\u00e9cret  n\u00b0 2014-296  du 6 mars  2014  relatif  aux  secr\u00e9tariats  g\u00e9n\u00e9raux  pour\nl'administration  du minist\u00e8re  de l'int\u00e9rieur  et modifiant  diverses  dispositions  du code  de la\nd\u00e9fense  et du code  de la s\u00e9curit\u00e9  int\u00e9rieure  ;\nVU l'arr\u00eat\u00e9  minist\u00e9riel  du 24 d\u00e9cembre  2015,  relatif  aux  services  charg\u00e9s  d'exercer  les\nmissions  relevant  du secr\u00e9tariat  g\u00e9n\u00e9ral  pour  l'administration  du minist\u00e8re  de l'int\u00e9rieur  de la\nzone  de d\u00e9fense  et de s\u00e9curit\u00e9  de Paris  ;\nVU la d\u00e9lib\u00e9ration  du conseil  de Paris  n\u00b0 2020-PP-53  des  23 et 24 juillet  2020  portant\nrenouvellement  de la d\u00e9l\u00e9gation  de pouvoir  accord\u00e9e  au pr\u00e9fet  de police  par  le conseil  de\nParis  dans  certaines  des  mati\u00e8res  \u00e9num\u00e9r\u00e9es  par  l'article  L. 2122-22  du code  g\u00e9n\u00e9ral  des\ncollectivit\u00e9s  territoriales  ;\nVU l'arr\u00eat\u00e9  2024-01549  du 23 octobre  2024,  relatif  aux  missions  et \u00e0 l'organisation  de la\ndirection  des  finances,  de la commande  publique  et de la performance  ;\nVU le d\u00e9cret  du 20 juillet  2022  par lequel  M. Laurent  NUNEZ,  pr\u00e9fet,  coordonnateur  national\ndu renseignement  et de la lutte  contre  le terrorisme,  est nomm\u00e9  pr\u00e9fet  de police  (hors\nclasse)  ;\nVU le d\u00e9cret  du 22 d\u00e9cembre  2022  par  lequel  M. Philippe  LE MOING  SURZUR,  administrateur\ng\u00e9n\u00e9ral  d\u00e9tach\u00e9  en qualit\u00e9  de sous-pr\u00e9fet  hors  classe,  sous-pr\u00e9fet  de Bayonne  (classe\nfonctionnelle  II), est nomm\u00e9  pr\u00e9fet,  secr\u00e9taire  g\u00e9n\u00e9ral  pour  l'administration  de la pr\u00e9fecture\nde police  ;\nVU le d\u00e9cret  du 25 mars  2022  par  lequel  M. Mathieu  LEFEBVRE,  administrateur  de l'\u00c9tat  du\n2\u00b0\"  grade,  est nomm\u00e9  directeur  des  finances,  de la commande  publique  et de la\nperformance  au secr\u00e9tariat  g\u00e9n\u00e9ral  pour  l'administration  de la pr\u00e9fecture  de police  ;\nVU l'arr\u00eat\u00e9  du 26 avril  2022  par lequel  M. Guillaume  ROBILLARD,  administrateur  de l'\u00c9tat  du\n2\u00e8me  grade,  est nomm\u00e9  sous-directeur  des  affaires  financi\u00e8res,  adjoint  au directeur  des\nfinances,  de la commande  publique  et de la performance  au secr\u00e9tariat  g\u00e9n\u00e9ral  pour\nl'administration  de la pr\u00e9fecture  de police;\nSUR  proposition  du pr\u00e9fet,  secr\u00e9taire  g\u00e9n\u00e9ral  pour  l'administration,\n\nARRETE\nTITRE  1\nD\u00e9l\u00e9gation  de signature  g\u00e9n\u00e9rale\nArticle  1\u00b0\nD\u00e9l\u00e9gation  est donn\u00e9e  \u00e0 M. Mathieu  LEFEBVRE,  administrateur  de l'\u00c9tat  du 2\u00e8\"%  grade,\ndirecteur  des  finances,  de la commande  publique  et de la performance,  directement  plac\u00e9\nsous  l'autorit\u00e9  du pr\u00e9fet,  secr\u00e9taire  g\u00e9n\u00e9ral  pour  l'administration,  \u00e0 l'effet  de signer,  dans  la\nlimite  de ses attributions  et au nom  du pr\u00e9fet  de police,  tous  actes,  arr\u00eat\u00e9s,  d\u00e9cisions  et\npi\u00e8ces  comptables,  \u00e0 l'exception  de la signature  des  march\u00e9s  publics  dont  le montant\nd\u00e9passe  5 millions  d'euros.\nM. Mathieu  LEFEBVRE  est \u00e9galement  habilit\u00e9  \u00e0 signer,  dans  la limite  de ses attributions,  les\nactes  n\u00e9cessaires  au fonctionnement  administratif  de la direction  des  finances,  de la\ncommande  publique  et de la performance,  les d\u00e9cisions  individuelles  relatives  \u00e0 l'octroi  des\ncong\u00e9s  annuels,  \u00e0 l'exercice  des  fonctions  en t\u00e9l\u00e9travail  et de maladie  ordinaire  des\npersonnels  relevant  de son  autorit\u00e9.\nD\u00e9l\u00e9gation  est donn\u00e9e  \u00e0 M. Mathieu  LEFEBVRE,  \u00e0 l'effet  de signer,  au nom  du pr\u00e9fet  de\npolice,  les sanctions  disciplinaires  du premier  groupe,  avertissement  et bl\u00e2me  uniquement,\ninflig\u00e9es  aux  personnels  administratifs,  techniques,  scientifiques  et sp\u00e9cialis\u00e9s,  plac\u00e9s  sous\nson  autorit\u00e9.\nArticle  2\nEn cas d'absence  ou d'emp\u00e9chement  de M. Mathieu  LEFEBVRE,  les d\u00e9l\u00e9gations  qui lui sont\nconsenties  \u00e0 l'article  1\u00b0 peuvent  \u00eatre  exerc\u00e9es  dans  les m\u00eames  conditions  par M. Guillaume\nROBILLARD,  administrateur  de l'\u00c9tat  du 2\u00e8\"  grade,  sous-directeur  des affaires  financi\u00e8res,\nadjoint  au directeur  des  finances,  de la commande  publique  et de la performance.\nArticle  3\nEn cas d'absence  ou d'emp\u00eachement  de M. Mathieu  LEFEBVRE  et de M. Guillaume\nROBILLARD,  M. Pierre  PIMPAR\u00c9,  ing\u00e9nieur  principal  des \u00e9tudes  et techniques  de l'armement,\nadjoint  au sous-directeur  des affaires  financi\u00e8res,  chef  du bureau  du budget  de l'Etat,  Mme\nTerava  CLERC,  agent  contractuel,  cheffe  du bureau  du budget  sp\u00e9cial,  M. Eric  SARAMITO,\nagent  contractuel,  chef  du bureau  de la commande  publique  et de l'achat,  M. Mathias\nDENJEAN,  administrateur  de l'\u00c9tat  du 1\u00b0 grade,  chef  du bureau  du contr\u00f4le  de gestion  et\nd'appui  \u00e0 la performance,  sont  habilit\u00e9s  \u00e0 signer  tous  actes,  arr\u00eat\u00e9s,  d\u00e9cisions  et pi\u00e8ces\ncomptables  et administratives,  dans  la limite  de leurs  attributions  respectives.\nArticle  4\nEn cas d'absence  ou d'emp\u00eachement  de M. Pierre  PIMPAR\u00c9,  la d\u00e9l\u00e9gation  qui lui est consentie\n\u00e0 l'article  3 est exerc\u00e9e  par Mme  Hatice  HUYUK,  conseill\u00e8re  d'administration  de l'int\u00e9rieur  et\nde l'outre-mer,  adjointe  au chef  du bureau  du budget  de l'\u00c9tat,  et par M. Laurent  ROQUES,\ncommandant  de la gendarmerie  nationale,  chef  du centre  de services  partag\u00e9s  \u00ab Chorus  \u00bb,\ndans  la limite  de leurs  attributions  respectives.\nArticle  5\nEn cas d'absence  ou d'emp\u00e9chement  de Mme  Hatice  HUYUK,  la d\u00e9l\u00e9gation  qui iui est\nconsentie  \u00e0 l'article  4 est exerc\u00e9e,  dans  la limite  de ses attributions,  par  Mme  Bamoussa\nSISSOKO,  attach\u00e9e  d'administration  de l'\u00c9tat.\nArticle  6\nEn cas d'absence  ou d'emp\u00eachement  de M. Laurent  ROQUES,  la d\u00e9l\u00e9gation  qui lui est\nconsentie  \u00e0 l'article  4 est exerc\u00e9e,  dans  la limite  de leurs  attributions  respectives,  par  Mme\n2\n\nCamille  THOREAU,  attach\u00e9e  principale  d'administration  de l'\u00c9tat  et Mme  Fanny  NEYRAT,\nattach\u00e9e  d'administration  de l'\u00c9tat,  adjointes  au chef  du centre  de services  partag\u00e9s.\nArticle  7\nEn cas  d'absence  ou d'emp\u00e9chement  de Mme  Terava  CLERC,  la d\u00e9l\u00e9gation  qui lui est\nconsentie  \u00e0 l'article  3 est exerc\u00e9e  par  ses adjointes  Mme  Aur\u00e9lie  CHRISTOPHE  EL ARROUBI,\nagent  contractuel,  et Mme  Ani  ANDREASYAN,  agent  contractuel,  dans  la limite  de leurs\nattributions  respectives.\nArticle  8\nEn cas  d'absence  ou d'emp\u00e9chement  de M. Eric  SARAMITO,  la d\u00e9l\u00e9gation  qui  lui est\nconsentie  \u00e0 l'article  3 est exerc\u00e9e  par  ses adjoints  M. Thierry  AKEHURST,  agent  contractuel,\nM. Samuel  ETIENNE,  agent  contractuel,  ainsi  que  par  M. Magaid  AHMED,  agent  contractuel,\nMme  C\u00e9line  FERNANDEZ,  attach\u00e9e  d'administration  de l'\u00c9tat,  chefs  de p\u00f4le,  et M. Jessy\nMODESTE,  secr\u00e9taire  administratif  de classe  normale,  chef  de section,  dans  la limite  de leurs\nattributions  respectives.\nEn cas  d'absence  ou d'emp\u00eachement  de M. Eric  SARAMITO,  la d\u00e9l\u00e9gation  qui lui est\nconsentie  \u00e0 l'article  3 relevant  des  attributions  des  adjoints  ci-dessus  d\u00e9sign\u00e9s  absents  ou\nemp\u00each\u00e9s,  est exerc\u00e9e  par  le premier  des  adjoints  pr\u00e9sents  dans  l'ordre  fix\u00e9  au 1\u00b0 alin\u00e9a  du\npr\u00e9sent  article.\nArticle  9\nEn cas  d'absence  ou d'emp\u00eachement  de M. Mathias  DENJEAN,  la d\u00e9l\u00e9gation  qui  lui est\nconsentie  \u00e0 l'article  3 est exerc\u00e9e  par  Mme  Ludivine  RICHOU,  agent  contractuel,  adjointe  au\nchef  de bureau  et cheffe  du p\u00f4le  contr\u00f4le  de gestion  et M. Guillaume  CATTA,  attach\u00e9\nprincipal  d'administration  de l'\u00c9tat,  adjoint  au chef  du p\u00f4le  d'appui  \u00e0 la performance,  dans  la\nlimite  de leurs  attributions  respectives.\nTITRE  II\nD\u00e9l\u00e9gation  de signature  relative  aux  comp\u00e9tences  du centre  de services  partag\u00e9s  CHORUS\nArticle  10\nD\u00e9l\u00e9gation  est donn\u00e9e  \u00e0 M. Laurent  ROQUES,  commandant  de la gendarmerie  nationale,  chef\ndu centre  de services  partag\u00e9s  \u00ab CHORUS  \u00bb, et, en cas  d'absence  ou d'emp\u00e9chement  de ce\ndernier,  \u00e0 Mme  Camille  THOREAU,  attach\u00e9e  principale  d'administration  de l'\u00c9tat  et Mme\nFanny  NEYRAT,  attach\u00e9e  d'administration  de l'\u00c9tat,  \u00e0 l'effet  de signer,  au nom  du pr\u00e9fet  de\npolice,  les actes  comptables  (notamment  les engagements  juridiques,  les actes  de\ncertification  de service  fait,  les ordonnances  de paiement,  de virement,  de d\u00e9l\u00e9gation,  les\npi\u00e8ces  justificatives  de d\u00e9penses,  les ordres  de recettes,  de r\u00e9-imputations,  les pi\u00e8ces\njustificatives  de recettes  ainsi  que  les \u00e9tats  de cr\u00e9ances)  \u00e9mis,  dans  le cadre  du p\u00e9rim\u00e8tre\nd'ex\u00e9cution  budg\u00e9taire  confi\u00e9  \u00e0 la sous-direction  des  affaires  financi\u00e8res,  dans  la limite  de ses\nattributions.\nArticle  11\nD\u00e9l\u00e9gation  est donn\u00e9e  \u00e0 l'effet  de signer,  au nom  du pr\u00e9fet  de police,  les actes  comptables\n(notamment  les engagements  juridiques,  les actes  de certification  de service  fait,  les\nordonnances  de paiement,  de virement,  de d\u00e9l\u00e9gation,  les pi\u00e8ces  justificatives  de d\u00e9penses,\nles ordres  de recettes,  de r\u00e9-imputations,  les pi\u00e8ces  justificatives  de recettes  ainsi  que  les\n\u00e9tats  de cr\u00e9ances)  \u00e9mis  dans  le cadre  du p\u00e9rim\u00e8tre  d'ex\u00e9cution  budg\u00e9taire  confi\u00e9  au bureau\ndu budget  de l'\u00c9tat,  dans  la limite  de leurs  attributions  respectives,  aux  agents  plac\u00e9s  sous\nl'autorit\u00e9  du chef  du centre  de services  partag\u00e9s  \u00ab CHORUS  \u00bb dont  les noms  suivent  :\n- Mme  Marcia  HAMMOND,  secr\u00e9taire  administrative  de classe  exceptionnelle  de\nl'int\u00e9rieur  et de l'outre-mer,\n- Mme  Fabienne  JACQUES,  attach\u00e9e  d'administration  de l'\u00c9tat,\n- Mme  Emilie  NOEL-GUILBAUD,  attach\u00e9e  d'administration  de l'\u00c9tat,\n2025-00048  \u00b0\n\nMme  S\u00e9drina  RYCKEMBUSH,  attach\u00e9e  d'administration  de l'\u00c9tat,\nM. Souleymane  SEYE,  attach\u00e9  d'administration  de l'\u00c9tat.\nArticle  12\nD\u00e9l\u00e9gation  est donn\u00e9e  \u00e0 l'effet  de signer,  au nom  du pr\u00e9fet  de police,  les actes  comptables\n(notamment  les engagements  juridiques,  les actes  de certification  de service  fait,  les\nordonnances  de paiement,  de virement,  de d\u00e9l\u00e9gation,  les pi\u00e8ces  justificatives  de d\u00e9penses,\nles ordres  de recettes,  de r\u00e9-imputations  ainsi  que  les pi\u00e8ces  justificatives  de recettes),  dans\nla limite  de leurs  attributions  respectives,  aux  agents  plac\u00e9s  sous  l'autorit\u00e9  du chef  du centre\nde services  partag\u00e9s  \u00ab CHORUS  \u00bb dont  les noms  suivent  :\nMme  Marie  ACADINE,  mar\u00e9chale-des-logis,\nM. Nathaniel  ANTON,  adjoint  administratif  de l'int\u00e9rieur  et de l'outre-mer,\nMme  Blandine  BALSAN,  adjointe  administrative  de l'int\u00e9rieur  et de l'outre-mer,\nMme  Ang\u00e9lique  BARROS,  secr\u00e9taire  administrative  de l'int\u00e9rieur  et de l'outre-mer,\nMme  Stella  BELLO,  adjointe  administrative  de l'int\u00e9rieur  et de l'outre-mer,\nM. Sylvain  BIZET  adjoint  administratif  de l'int\u00e9rieur  et de l'outre-mer,\nMme  Sahida  BOULANGER-DALEAU,  adjointe  administrative  de l'int\u00e9rieur  et de l'outre-\nmer,\nMme  Samira  BOUSSAID,  secr\u00e9taire  administrative  de l'int\u00e9rieur  et de l'outre-mer,\nM. Mourad  BOUTAHAR,  adjoint  administratif  de l'int\u00e9rieur  et de l'outre-mer,\nM. Joffrey  BROUARD,  adjoint  administratif  de l'int\u00e9rieur  et de l'outre-mer,\nM. S\u00e9bastien  CATERINO,  adjoint  administratif  de l'int\u00e9rieur  et de l'outre-mer,\nMme  Laura  CHARLEY,  secr\u00e9taire  administrative  de l'int\u00e9rieur  et de l'outre-mer,\nMme  Carole  CHARVERON,  secr\u00e9taire  administrative  de l'int\u00e9rieur  et de l'outre-mer,\nMme  Emilie  CHAUVEAU-BEAUBATON,  adjointe  administrative  de l'int\u00e9rieur  et de\nl'outre-mer,\nM. David  CHIVE,  secr\u00e9taire  administratif  de l'int\u00e9rieur  et de l'outre-mer,\nM. Doudou  CISSE,  adjoint  administratif  de l'int\u00e9rieur  et de l'outre-mer,\nMme  Isabelle  CLOUP,  adjointe  administrative  de l'int\u00e9rieur  et de l'outre-mer,\nMme  Alexandra  CORDIER,  adjointe  administrative  de l'int\u00e9rieur  et de l'outre-mer,\nM. Olivier  COULET,  adjoint  administratif  de l'int\u00e9rieur  et de l'outre-mer,\nMme  Marine  COULY,  adjointe  administrative  de l'int\u00e9rieur  et de l'outre-mer,\nMme  Safia  COUTY,  adjointe  administrative  de l'int\u00e9rieur  et de l'outre-mer,\nMme  Nathalie  CROSNIER,  adjointe  administrative  de l'int\u00e9rieur  et de l'outre-mer,\nMme  Aline  DAUZATS,  adjointe  administrative  de l'int\u00e9rieur  et de l'outre-mer,\nM. Louis  DE CHIVRE,  adjoint  administratif  de l'int\u00e9rieur  et de l'outre-mer,\nMme  Alexandra  DECLERCQ,  adjoint  administratif  de l'int\u00e9rieur  et de l'outre-mer,\nMme  Nadia  DEGHMACHE,  adjointe  administrative  de l'int\u00e9rieur  et de l'outre-mer,\nMme  Ninn  DEVIN,  mar\u00e9chale-des-logis,\nMme  Patricia  EVRARD,  adjointe  administrative  de l'int\u00e9rieur  et de l'outre-mer,\nMme  Chourouk  FANOUNI,  adjointe  administrative  de l'int\u00e9rieur  et de l'outre-mer,\nMme  Claude  FARDINY,  secr\u00e9taire  administrative  de l'int\u00e9rieur  et de l'outre-mer,\nMme  Morgane  FILIMOEHALA,  adjointe  administrative  de l'int\u00e9rieur  et de l'outre-mer,\nMme  Jennifer  FORTINI,  agent  contractuel,\nMme  Nad\u00e8ge  FOUREZ,  adjointe  administrative  de l'int\u00e9rieur  et de l'outre-mer,\nMme  Nathalie  FRBEZAR,  adjointe  administrative  de l'int\u00e9rieur  et de l'outre-mer,\nM. Heiarii  FULLER,  mar\u00e9chal  des  logis,\nM. Yacoub  GAZALIOU,  adjoint  administratif  de l'int\u00e9rieur  et de l'outre-mer,\nMme  Jocelyne  GELAN,  secr\u00e9taire  administrative  de l'int\u00e9rieur  et de l'outre-mer,\nMme  Nathalie  GIMON,  adjointe  administrative  de l'int\u00e9rieur  et de l'outre-mer,\nMme  St\u00e9phanie  HARMANT,  adjointe  administrative  de l'int\u00e9rieur  et de l'outre-mer,\n4\n\n- Mme  Mathilde  HUET,  adjointe  administrative  de l'int\u00e9rieur  et de l'outre-mer,\n- Mme  Marie-Christine  JAMAIN,  secr\u00e9taire  administrative  de l'int\u00e9rieur  et de l'outre-\nmer,\n- Mme  Marie-George  JOSEPH,  adjointe  administrative  de l'int\u00e9rieur  et de l'outre-mer,\n- Mme  Delphine  JOULIN,  secr\u00e9taire  administrative  de l'int\u00e9rieur  et de l'outre-mer,\n- Mme  Cathy  KADA-RABAH,  ouvri\u00e8re  d'\u00c9tat,\n- Mme  Nathalie  KLING,  adjointe  administrative  de l'int\u00e9rieur  et de l'outre-mer,\n- M. Eric  LEROY,  adjoint  administratif  de l'int\u00e9rieur  et de l'outre-mer,\n- Mme  V\u00e9ronique  LOFERME,  adjointe  administrative  de l'int\u00e9rieur  et de l'outre-mer,\n- M. Jean-Fran\u00e7ois  LOIGNON,  secr\u00e9taire  administratif  de l'int\u00e9rieur  et de l'outre-mer,\n- M. Eyton  LUSADISU,  adjoint  administratif  de l'int\u00e9rieur  et de l'outre-mer,\n- Mme  Fanny  MARCHADOUR,  mar\u00e9chale  des  logis  chef,\n- Mme  Hakima  MARJOUF,  adjointe  administrative  de l'int\u00e9rieur  et de l'outre-mer,\n- Mme.  Djoura  MARRIERE,  adjointe  administrative  de l'int\u00e9rieur  et de l'outre-mer,\n- Mme  Florence  MARTEL,  adjointe  administrative  de l'int\u00e9rieur  et de l'outre-mer,\n- Mme  Jessica  MARTIAL,  adjointe  administrative  de l'int\u00e9rieur  et de l'outre-mer,\n- M.Lyvio  MATTHEW,  adjoint  administratif  de l'int\u00e9rieur  et de l'outre-mer,\n- Mme  Colette  MONNEGER,  adjointe  administrative  de l'int\u00e9rieur  et de l'outre-mer,\n- M. Emmanuel  NEIM,  adjoint  administratif  de l'int\u00e9rieur  et de l'outre-mer,\n- Mme  Linda  NGOMDJOU,  secr\u00e9taire  administrative  de l'int\u00e9rieur  et de l'outre-mer,\n- Mme  Laetitia  POMPONNE,  adjointe  administrative  de l'int\u00e9rieur  et de l'outre-mer,\n- M. Kevin  RADIANE,  adjoint  administratif  de l'int\u00e9rieur  et de l'outre-mer,\n- Mme  Christiance  RAHELISOA-RADAFIARISON,  adjointe  administrative  de l'int\u00e9rieur  et\nde l'outre-mer,\n- M. Cyrille  REVERDIN,  adjoint  administratif  de l'int\u00e9rieur  et de l'outre-mer,\n- Mme  Catherine  RONNE,  adjointe  administrative  de l'int\u00e9rieur  et de l'outre-mer,\n- M. Herv\u00e9  RUEN,  adjoint  administratif  de l'int\u00e9rieur  et de l'outre-mer,\n- Mme  Maddly  SAINTE-MARIE,  adjointe  administrative  de l'int\u00e9rieur  et de l'outre-mer,\n- Mme  Carmila  SEGAREL,  adjointe  administrative  de l'int\u00e9rieur  et de l'outre-mer,\n- Mme  Tricia  TCHAMAPI  SIMENI,  apprentie,\n- Mme  Pascale  THOUROUDE,  adjointe  administrative  de l'int\u00e9rieur  et de l'outre-mer,\n- Mme  Muriel  VERGNES,  agent  contractuel,\n- Mme  Djinda  WATT,  adjointe  administrative  de l'int\u00e9rieur  et de l'outre-mer.\nArticle  13\nD\u00e9l\u00e9gation  est accord\u00e9e  \u00e0 Mme  Emilie  NOEL-GUILBAUD,  attach\u00e9e  d'administration  de l'Etat,\nafin  de signer  les titres  de perception  au nom  du pr\u00e9fet  de police  ainsi  que  les \u00e9tats\nr\u00e9capitulatifs  de cr\u00e9ances  aff\u00e9rents.\nArticle  14\nAfin  d'assurer  la continuit\u00e9  du service  et lorsque  des  circonstances  exceptionnelles  l'exigent,\nd\u00e9l\u00e9gation  est donn\u00e9e  \u00e0 l'effet  de signer,  au nom  du pr\u00e9fet  de police,  les actes  comptables\n(notamment  les engagements  juridiques,  les actes  de certification  de service  fait,  les\nordonnances  de paiement,  de virement,  de d\u00e9l\u00e9gation,  les pi\u00e8ces  justificatives  de d\u00e9penses,\nles ordres  de recettes,  de r\u00e9-imputations,  les pi\u00e8ces  justificatives  de recettes  ainsi  que  les\n\u00e9tats  de cr\u00e9ances),  dans  la limite  de leurs  attributions  respectives,  aux  agents  plac\u00e9s  sous\nl'autorit\u00e9  du chef  du p\u00f4le  programmation  dont  les noms  suivent  :\n- Mme  M\u00e9lanie  GIL,  attach\u00e9e  d'administration  de l'\u00c9tat,\n- Mme  Sonia  HARPLUK,  agent  contractuel,\n- Mme  Chantal  LAGANOT,  adjointe  administrative  de l'int\u00e9rieur  et de l'outre-mer,\n- M. Nelson  PACHECO-PINA,  secr\u00e9taire  administratif  de l'int\u00e9rieur  et de l'outre-mer,\n2025-00048  \u00b0\n\n- Mme  Bamoussa  SISSOKO,  attach\u00e9e  d'administration  de l'\u00c9tat.\nTITRE  3\nUtilisation  de la carte  achat  \u00ab Etat  \u00bb\nArticle  15\nD\u00e9l\u00e9gation  est accord\u00e9e  \u00e0 l'effet  d'utiliser  une  carte  d'achat  nominative,  dans  le cadre  de\nleurs  attributions,  comp\u00e9tences  et dans  les limites  fix\u00e9es,  aux  personnes  dont  les noms\nsuivent  :\n- M. Laurent  ROQUES,  commandant  de la gendarmerie  nationale,\n- M. David  OUDIN,  adjoint  administratif  de l'int\u00e9rieur  et de l'outre-mer.\nArticle  16\nD\u00e9l\u00e9gation  est accord\u00e9e  \u00e0 Camille  THOREAU,  attach\u00e9e  principale  d'administration  de l'Etat\net par suppl\u00e9ance  \u00e0 Mme  Fanny  NEYRAT,  attach\u00e9e  d'administration  de l'Etat  pour  centraliser\nles pi\u00e8ces  justificatives  des  d\u00e9penses  r\u00e9alis\u00e9es  par  la carte  d'achat  des  porteurs  cit\u00e9s  a\nl'article  14, contr\u00f4ler  ces  pi\u00e8ces  justificatives  des  d\u00e9penses,  indiquer  les imputations\nbudg\u00e9taires  et comptables  et ordonner  le r\u00e8glement  des  relev\u00e9s  d'op\u00e9rations\nadministratives.\nTITRE  4\nD\u00e9l\u00e9gation  relative  \u00e0 l'application  Chorus  DT (d\u00e9placements  temporaires)\nArticle  17\nD\u00e9l\u00e9gation  de signature  est accord\u00e9e,  \u00e0 l'effet  de valider  dans  l'application  Chorus  DT en\nqualit\u00e9  de gestionnaire  (SG)  et de valideur  d'\u00e9tats  de frais  (GV)  sur toutes  les enveloppes  de\nmoyens  de la pr\u00e9fecture  de police,  et de valideur  de factures  (FV)  sur le p\u00e9rim\u00e8tre  du SGAMI\nd'Ile-de-France,  aux  personnes  dont  les noms  suivent  :\n- Mme  Jennifer  CAMMAROTO,  agent  contractuel,\n- M. Victor  DAGBA,  apprenti,\n- Mme  M\u00e9lanie  GIL,  attach\u00e9e  d'administration  de l'\u00c9tat,\n- Mme  Sonia  HARPLUK,  agent  contractuel,\n- Mme  Hatice  HUYUK,  conseill\u00e8re  d'administration  de l'int\u00e9rieur  et de l'outre-mer,\n- Mme  Chantal  LAGANOT,  adjointe  administrative  de l'int\u00e9rieur  et de l'outre-mer,\n- Mme  Fanny  NEYRAT,  attach\u00e9e  d'administration  de l'\u00c9tat,\n- M. Nelson  PACHECO-PINA,  secr\u00e9taire  administratif  de l'int\u00e9rieur  et de l'outre-mer,\n- M. Pierre  PIMPARE,  ing\u00e9nieur  principal  des \u00e9tudes  et techniques  de l'armement,\n- Mme  Bamoussa  SISSOKO,  attach\u00e9e  d'administration  de l'\u00c9tat,\n- Mme  Camille  THOREAU,  attach\u00e9e  principale  d'administration  de l'\u00c9tat,\n- et en qualit\u00e9  de gestionnaire  et de valideur  d'ordres  de mission  et d'\u00e9tats  de frais  sur\nl'enveloppe  de moyens  DFCPP,  M. Laurent  ROQUES,  commandant  de la gendarmerie\nnationale.\nTITRE  5\nD\u00e9l\u00e9gation  de signature  relative  au syst\u00e8me  d'information  financi\u00e8re  CORIOLIS\nArticle  18\nD\u00e9l\u00e9gation  est donn\u00e9e  \u00e0 Mme  Terava  CLERC,  et, en cas d'absence  ou d'emp\u00eachement  de\ncette  derni\u00e8re,  \u00e0 ses adjointes,  Mme  Aur\u00e9lie  CHRISTOPHE  EL ARROUBI  et Mme  Ani\nANDREASYAN,  \u00e0 l'effet  de signer,  au nom  du pr\u00e9fet  de police,  les actes  comptables\n(notamment  les actes  de certification  de service  fait,  les bordereaux  de mandatements,  les\ntransferts,  les pi\u00e8ces  justificatives  de d\u00e9penses,  les titres  de recettes,  les pi\u00e8ces  justificatives\nde recettes)  \u00e9mis,  dans  le cadre  du p\u00e9rim\u00e8tre  d'ex\u00e9cution  budg\u00e9taire  confi\u00e9  au bureau  du\nbudget  sp\u00e9cial,  dans  la limite  de leurs  attributions  respectives.\n6\n\nArticle  19\nD\u00e9l\u00e9gation  est donn\u00e9e  \u00e0 l'effet  de signer,  au nom  du pr\u00e9fet  de police,  les actes  comptables\n(notamment  les actes  de certification  de service  fait,  les bordereaux  de mandatements,  les\ntransferts,  les pi\u00e8ces  justificatives  de d\u00e9penses)  \u00e9mis  dans  le cadre  du p\u00e9rim\u00e8tre  d'ex\u00e9cution\nbudg\u00e9taire  confi\u00e9  au bureau  du budget  sp\u00e9cial,  dans  la limite  de leurs  attributions\nrespectives,  aux  agents  plac\u00e9s  sous  l'autorit\u00e9  de Mme  Terava  CLERC  dont  les noms  suivent  :\n- Mme  Sabine  DORESTAL,  secr\u00e9taire  administrative  des  administrations  parisiennes,\n- Mme  Fouzaya  MRIZIK,  adjointe  administrative  des  administrations  parisiennes.\nArticle  20\nD\u00e9l\u00e9gation  est donn\u00e9e  \u00e0 l'effet  de signer,  au nom  du pr\u00e9fet  de police,  les actes  comptables\n(notamment  les bordereaux  de titres  de recettes,  les pi\u00e8ces  justificatives  de recettes)  \u00e9mis\ndans  le cadre  du p\u00e9rim\u00e8tre  d'ex\u00e9cution  budg\u00e9taire  confi\u00e9  au bureau  du budget  sp\u00e9cial,  dans\nla limite  de ses attributions,  \u00e0 l'agent  plac\u00e9  sous  l'autorit\u00e9  de Mme  Terava  CLERC,  dont  le\nnom  suit  :\n- Mme  Yamina  METTEF,  secr\u00e9taire  administrative  des  administrations  parisiennes,\n- Mme  Patricia  LALLEMAND,  adjoint  administratif  des  administrations  parisiennes.\nTITRE  6\nUtilisation  de la carte  achat  \u00ab Budget  sp\u00e9cial  \u00bb\nArticle  21\nD\u00e9l\u00e9gation  est accord\u00e9e  \u00e0 l'effet  d'utiliser  une  carte  nominative,  dans  le cadre  de ses\nattributions,  comp\u00e9tences  et dans  les limites  fix\u00e9es  \u00e0 Mme  Ana-lsabel  MORENO,  adjointe\nadministrative  principale,  assistante  de direction.\nArticle  22\nD\u00e9l\u00e9gation  est accord\u00e9e  \u00e0 Mme  Aichouche  BELOUADAH,  agent  contractuel,  responsable  du\nsecr\u00e9tariat,  pour  centraliser  les pi\u00e8ces  justificatives  des  d\u00e9penses  r\u00e9alis\u00e9es  par  les cartes\nd'achat  de la direction,  contr\u00f4ler  ces  pi\u00e8ces  justificatives  des  d\u00e9penses,  indiquer  les\nimputations  budg\u00e9taires  et comptables  des  d\u00e9penses  et transmettre  ces  \u00e9l\u00e9ments  au\nresponsable  du programme  carte  d'achat.\nArticle  23\nD\u00e9l\u00e9gation  est accord\u00e9e  \u00e0 Mme  Fouzaya  MRIZIK,  adjointe  administrative  des  administrations\nparisiennes,  et, en cas  d'emp\u00eachement,  \u00e0 Mme  Sabine  DORESTAL,  secr\u00e9taire  administrative\ndes  administrations  parisiennes,  afin  de proc\u00e9der  \u00e0 la mise  en paiement  des  relev\u00e9s\nd'op\u00e9rations  bancaires  li\u00e9s \u00e0 l'utilisation  des  cartes  d'achat  sur le budget  sp\u00e9cial  de la\npr\u00e9fecture  de police.\nTITRE  7\nD\u00e9l\u00e9gation  de signature  relative  au cabinet\nArticle  24\nD\u00e9l\u00e9gation  est donn\u00e9e  \u00e0 M. Sylvain  DIBIANE,  attach\u00e9  d'administration  de l'\u00c9tat,  et, en cas\nd'absence  ou d'emp\u00e9chement  de ce dernier,  \u00e0 Mme  Marion  COHEN-GAVIN,  agent\ncontractuel,  \u00e0 l'effet  de signer,  au nom  du pr\u00e9fet  de police,  les documents  relevant  de la\ngestion  de proximit\u00e9  des  ressources  humaines  de la direction.\nArticle  25\nD\u00e9l\u00e9gation  est donn\u00e9e  \u00e0 M. Sylvain  DIBIANE,  et, en cas d'absence  ou d'emp\u00eachement  de ce\ndernier,  \u00e0 Mme  Marion  COHEN-GAVIN,  \u00e0 l'effet  de signer,  au nom  du pr\u00e9fet  de police,  les\ndemandes  et formulaires  relatifs  aux  changements  et r\u00e9parations  des  v\u00e9hicules  de service  de\nla direction.\n7\n2025-00048\n\nArticle  26\nD\u00e9l\u00e9gation  est donn\u00e9e  \u00e0 M. Laurent  ROQUES,  \u00e0 l'effet  de signer,  au nom  du pr\u00e9fet  de police,\nles documents  relevant  de la gestion  de proximit\u00e9  des  ressources  humaines  des  agents  de la\ndirection  des  finances,  de la commande  publique  et de la performance,  affect\u00e9s  sur le site\n\u00ab les Man\u00e9ges  \u00bb, a Versailles.\nTITRE  8\nDispositions  finales\nArticle  27\nLa pr\u00e9f\u00e8te,  directrice  de cabinet,  et le pr\u00e9fet,  secr\u00e9taire  g\u00e9n\u00e9ral  pour  l'administration,  sont\ncharg\u00e9s,  chacun  en ce qui le concerne,  de l'ex\u00e9cution  du pr\u00e9sent  arr\u00eat\u00e9  qui sera  publi\u00e9  aux\nrecueils  des  actes  administratifs  des  pr\u00e9fectures  des  d\u00e9partements  de la zone  de d\u00e9fense  et\nde s\u00e9curit\u00e9  de Paris.\nFait a Paris, le 0 9 JAN. 2025\notf canate\u2014\n\nPREFECTURE  |PR\u00c9FET\n\u2014  DE SEINE-ET-MARNE\noad  Libert\u00e9raternit\u00e9  \u00c9galit\u00e9\nFraternit\u00e9\nArr\u00eat\u00e9  n\u00b0 2025-00052\nportant  encadrement  du d\u00e9placement  de supporters  et instaurant  un p\u00e9rim\u00e8tre\ncomportant  certaines  mesures  de police  \u00e0 l'occasion  de la rencontre  de football\nde Ligue  1 du dimanche  12 janvier  2025  entre  les \u00e9quipes  du Paris  Saint-Germain  et de\nSaint-Etienne  au Parc  des  Princes\nLe pr\u00e9fet  de police,  le pr\u00e9fet  de Seine-et-Marne,\nVu le code  g\u00e9n\u00e9ral  des  collectivit\u00e9s  territoriales,  notamment  son  article  L. 2512-13;\nVu le code  p\u00e9nal;\nVu le code  de proc\u00e9dure  p\u00e9nale  ;\nVu le code  du sport,  notamment  son  article  L. 332-16-2  ;\nVu le code  de la s\u00e9curit\u00e9  int\u00e9rieure,  notamment  ses articles  L. 122-1  et L. 122-2;\nVu le d\u00e9cret  n\u00b0 2004-374  du 29 avril  2004  modifi\u00e9  relatif  aux  pouvoirs  des  pr\u00e9fets,  \u00e0\nl'organisation  et \u00e0 l'action  des  services  de l'Etat  dans  les r\u00e9gions  et d\u00e9partements,\nnotamment  ses articles  11, 72 et 73;\nVu la circulaire  du ministre  de l'Int\u00e9rieur  INTK2127556]  du 10 septembre  2021,  compl\u00e9t\u00e9e\npar  la circulaire  INTK2133195)  du 31 d\u00e9cembre  2021  relatives  aux  mesures  de police\nadministrative  pour  lutter  contre  la violence  dans  les stades  ;\nVu la circulaire  du ministre  de l'Int\u00e9rieur  INTD2205085]  du 25 avril  2022  relatives  aux\nrencontres  sportives  \u00e0 risques  et interdictions  de d\u00e9placement  de supporters  ;\nVu le d\u00e9cret  du 20 juillet  2022  par lequel  M. Laurent  NUNEZ,  pr\u00e9fet,  coordonnateur  national\ndu renseignement  et de la lutte  contre  le terrorisme,  est nomm\u00e9  pr\u00e9fet  de police  (hors\nclasse)  ;\nVu le d\u00e9cret  du 6 septembre  2023  par  lequel  M. Pierre  ORY,  pr\u00e9fet  de Maine-et-Loire,  est\nnomm\u00e9  pr\u00e9fet  de Seine-et-Marne  ;\nConsid\u00e9rant  que,  en application  des  articles  L. 122-1  et L. 122-2  du code  de la s\u00e9curit\u00e9\nint\u00e9rieure  et 72 et 73 du d\u00e9cret  du 29 avril  2004  susvis\u00e9,  le pr\u00e9fet  de police  a la charge  de\nl'ordre  public,  notamment  la pr\u00e9vention  des  atteintes  \u00e0 la s\u00e9curit\u00e9  des  personnes  et des\nbiens,  \u00e0 Paris  et dans  le d\u00e9partement  des  Hauts-de-Seine;\nConsid\u00e9rant  que,  en application  de l'article  L. 332-16-2  du code  du sport,  le repr\u00e9sentant\nde l'Etat  dans  le d\u00e9partement  ou, \u00e0 Paris,  le pr\u00e9fet  de police  peut,  par arr\u00eat\u00e9,  restreindre  la\nl\n\nlibert\u00e9  d'aller  et de venir  des  personnes  se pr\u00e9valant  de la qualit\u00e9  de supporter  d'une  \u00e9quipe\nou se comportant  comme  tel sur les lieux  d'une  manifestation  sportive  et dont  la pr\u00e9sence\nest susceptible  d'occasionner  des  troubles  graves  \u00e0 l'ordre  public;  que  le fait  pour  les\npersonnes  concern\u00e9es  de ne pas  se conformer  \u00e0 l'arr\u00eat\u00e9  pris  en application  des  deux\npremiers  alin\u00e9as  est puni  de six mois  d'emprisonnement  et d'une  amende  de 30 000\u20ac,  en\napplication  du m\u00eame  article;\nConsid\u00e9rant  que  se tiendra  le dimanche  12 janvier  2025  \u00e0 20h45  un match  de football  pour\nle compte  de la 17\u00e8me  journ\u00e9e  du championnat  de football  de Ligue  1 au stade  du Parc  des\nPrinces  \u00e0 Paris  16\u00e8me,  qui opposera  les \u00e9quipes  du Paris  Saint-Germain  (PSG)  et de\nl'Association  Sportive  de Saint-Etienne  (ASSE)  ; qu'\u00e0  cette  occasion,  un nombre  important\nde supporters  seront  pr\u00e9sents  aux  abords  et \u00e0 l'int\u00e9rieur  du Parc  des  Princes;  que  1000\nsupporters  st\u00e9phanois  dont  200  ultras  class\u00e9s  \u00e0 risques,  membre  des  groupes  Magic  Fans  et\nGreen  Angels,  devraient  \u00eatre  pr\u00e9sents  dans  le parcage  visiteurs  afin  d'assister  \u00e0 cette\nrencontre  ; qu'environ  1200  supporters  ultras  parisiens,  membres  du Collectif  Ultras  Paris\n(CUP),  sont  attendus  dans  le stade;  que  ces  derniers  sont  susceptibles  de faire  usage\nd'engins  pyrotechniques  et d\u00e9tonants  dans  l'enceinte  sportive  ;\nConsid\u00e9rant  qu'il  existe  des  risques  de troubles  \u00e0 l'ordre  public  entre  les soutiens  des  deux\n\u00e9quipes  du fait  du comportement  de certains  supporters  ou d'individus  se pr\u00e9valant  de la\nqualit\u00e9  de supporter,  tant  par des  rixes  ou invectives  entre  supporters  que  par des  violences\ncontre  les forces  de l'ordre  ou par  des  jets  de divers  projectiles,  p\u00e9tards  ou fumig\u00e8nes  ;\nqu'en  effet,  le 25 janvier  2015,  une  quarantaine  de supporters  parisiens  ont  rejoint  Saint-\nEtienne,  ind\u00e9pendamment  du d\u00e9placement  organis\u00e9  par  le club,  et plusieurs  engins\npyrotechniques,  une  batte  de Baseball,  un couteau  papillon,  une  matraque  t\u00e9lescopique\nainsi  que  des  banderoles  hostiles  envers  la ligue  fran\u00e7aise  de football  \u00e9taient  d\u00e9couverts\ndans  leurs  v\u00e9hicules  ; que  le 14 septembre  2018  \u00e0 Paris,  \u00e0 l'issue  du la rencontre  entre  le Paris\nSaint-Germain  et Saint-Etienne,  le car  transportant  les supporters  ultras  st\u00e9phanois  \u00ab les\nMagic  Fans  \u00bb, \u00e9tait  la cible  de jets  de projectiles,  brisant  ainsi  le pare-brise  ; que  le 17 f\u00e9vrier\n2019  \u00e0 Saint-Etienne,  les ultras  parisiens  lan\u00e7aient  des  projectiles  en direction  de la tribune\njouxtant  le parcage  visiteurs,  occup\u00e9e  par les ultras  st\u00e9phanois  \u00ab les Magics  Fans  \u00bb ; que  le 15\nd\u00e9cembre  2019  \u00e0 Saint-Etienne,  lors  du match  opposant  Saint-Etienne  au Paris  Saint-\nGermain,  un affrontement  entre  supporters  a abouti  \u00e0 une  rixe  impliquant  les stadiers  des\ndeux  clubs,  n\u00e9cessitant  l'intervention  des  forces  de l'ordre;  qu'en  outre,  lors  de cette\nrencontre,  les supporters  for\u00e9ziens  ont  forc\u00e9  l'acc\u00e8s  au stade  pour  \u00e9viter  les palpations  et\nde nombreux  engins  pyrotechniques  ont  \u00e9t\u00e9  utilis\u00e9s  pendant  la rencontre,  blessant  ainsi\nplusieurs  stadiers  ; que  le 16 septembre  2023  \u00e0 Bosgouet,  sur une  aire  de l'autoroute  A13,  \u00e0\nl'issue  du match  entre  Caen  et Saint-Etienne,  une  rixe  \u00e9clatait  entre  les ultras  parisiens  et\nst\u00e9phanois,  provoquant  la blessure  d'un  supporter  st\u00e9phanois  ; qu'enfin,  depuis  le d\u00e9but  de\nla saison  2024-2025  de la Ligue  1, les d\u00e9placements  des  supporters  de l'ASSE  ont  pu \u00eatre\nsource  de troubles  \u00e0 l'ordre  public,  notamment  \u00e0 l'occasion  des  rencontres  contre  les\n\u00e9quipes  de Brest  et de Nantes  o\u00f9 les supporters  st\u00e9phanois  n'ont  pas  respect\u00e9  les mesures\nd'encadrement  obligeant  les forces  de l'ordre  \u00e0 intervenir  pour  \u00e9viter  toute  confrontation  ;\nqu'en  outre,  le 30 novembre  2024  \u00e0 Rennes,  les supporters  de l''ASSE  ont  tent\u00e9  de forcer\nl'acc\u00e8s  au stade  en poussant  les stadiers,  en jetant  des  projectiles  et en prenant  \u00e0 partie  les\nforces  de l'ordre  ; qu'ainsi,  une  rencontre  entre  les supporters  ultras  de ces deux  clubs\npourrait  \u00eatre  de nature  \u00e0 causer  des  troubles  \u00e0 l'ordre  public  ce 12 janvier  ;\nConsid\u00e9rant  que  cette  rencontre  s'inscrit  dans  un contexte  de menace  terroriste  aig\u00fce  qui\nsollicite  \u00e0 un niveau  particuli\u00e8rement  \u00e9lev\u00e9  les forces  de s\u00e9curit\u00e9  int\u00e9rieure  pour  garantir  la\nprotection  des  personnes  et des  biens  contre  les risques  d'attentat,  dans  le cadre  du plan\nVIGIPIRATE  port\u00e9  \u00e0 son  niveau  sommital  \u00ab urgence  attentat  \u00bb sur l'ensemble  du territoire\nnational  ;\n2025-00052\n\nConsid\u00e9rant  que,  dans  ces  conditions,  \u00e0 l'occasion  du match  de football  le dimanche  12\njanvier  2025  entre  les \u00e9quipes  du PSG  et de I'ASSE,  un encadrement  du d\u00e9placement  des\nsupporters  de l'Association  Sportive  de Saint-Etienne  en application  de l'article  L. 332-16-2\npr\u00e9cit\u00e9  du code  du sport,  limitant  leur  nombre  et prescrivant  des  modalit\u00e9s\nd'acheminement  de ceux-ci  depuis  le p\u00e9age  de Fleury-en-Bi\u00e9re  (77)  jusqu'au  parcage\nvisiteurs  du Parc  des  Princes  et de reconduite  \u00e0 l'issue  du match,  sous  l'\u00e9gide  des  forces  de\nl'ordre,  est de nature,  sans  porter  une  atteinte  excessive  \u00e0 la libert\u00e9  d'aller  et venir,  \u00e0\npr\u00e9venir  les atteintes  \u00e0 la s\u00e9curit\u00e9  des  personnes  et des  biens  et la survenance  de troubles\ngraves  \u00e0 l'ordre  public;  |\nARRETENT\nArticle  1\u00b0 \u2014 Le dimanche  12 janvier  2025,  \u00e0 l'occasion  de la rencontre  de football  de Ligue  1\nentre  les \u00e9quipes  du Paris  Saint-Germain  et de Saint-Etienne,  la tribune  \u00ab visiteurs  \u00bb du Parc\ndes  Princes  ne peut  accueillir  plus  de 1000  supporters  de l'ASSE.\nL'acheminement  des  supporters  de l''ASSE  appartenant  aux  groupes  des  \u00ab MAGIC  FANS  91 \u00bb\net \u00ab GREEN  ANGELS  92 \u00bb ou se revendiquant  comme  tels,  s'effectuera  selon  les modalit\u00e9s\nsuivantes  :\n- leur  acheminement  se fera  exclusivement  par  un moyen  de transport  collectif;  les.\nimmatriculations  des  v\u00e9hicules  sont  communiqu\u00e9es  \u00e0 la direction  de l'ordre  public  et de la\ncirculation  par  l'ASSE  ;\n- ils devront  \u00eatre  d\u00e9tenteurs  d'un  billet  ou d'une  contremarque  pr\u00e9alablement  achet\u00e9\naupr\u00e8s  de l'ASSE  ;\n- un point  de rendez-vous  obligatoire  est fix\u00e9  le dimanche  12 janvier  2025  \u00e0 17h00  sur\nl'autoroute  A6 au niveau  du p\u00e9age  de Fleury-en-Bi\u00e9re  (77),  dans  le sens  province-Paris  ;\n- ils seront  escort\u00e9s  par  les forces  de l'ordre  depuis  le p\u00e9age  de Fleury-en-Bi\u00e8re  jusqu'au\nparking  visiteurs  du Parc  des  Princes  selon  un itin\u00e9raire  pr\u00e9d\u00e9termin\u00e9  ;\n- \u00e0 la fin de la rencontre,  ces  supporters  devront  rejoindre  leur  moyen  de transport\ninitialement  utilis\u00e9  pour  \u00eatre  dirig\u00e9s  par  les forces  de l'ordre  jusqu'\u00e0  la sortie  de la capitale.\nCes  mesures  d'acheminement  ne concernent  pas les supporters  de l'Association  Sportive\nde Saint-Etienne  qui r\u00e9sident  en r\u00e9gion  parisienne  et gagneront  le parcage  visiteurs  du Parc\ndes  Princes  par  leurs  propres  moyens.\nArticle  2 : Du dimanche  12 janvier  2025  \u00e0 17h00  jusqu'au  lundi  13 janvier  2024  \u00e0 01h00  , il est\ninterdit  \u00e0 toute  personne  se pr\u00e9valant  de la qualit\u00e9  de supporter  de l'\u00e9quipe  de l'ASSE  ou\nse comportant  comme  tel, \u00e0 l'exception  des  1000  autoris\u00e9s  dans  le parcage  visiteurs,\nd'acc\u00e9der  au stade  du Parc  des  Princes  et de circuler  ou stationner  sur la voie  publique  sur\nle territoire  de la Ville  de Paris  et de la commune  de Boulogne-Billancourt  dans  le p\u00e9rim\u00e8tre\nd\u00e9limit\u00e9  selon  la carte  figurant  en annexe.\nArticle  3 : Dans  le p\u00e9rim\u00e8tre  institu\u00e9  et aux  horaires  mentionn\u00e9s  par l'article  2, sont  interdits\nsur la voie  publique  l'introduction,  la d\u00e9tention  et le transport  de tous  objets  susceptibles\nde constituer  une  arme  au sens  de l'article  132-75  du code  p\u00e9nal  ou pouvant  servir  de\nprojectile  pr\u00e9sentant  un danger  pour  la s\u00e9curit\u00e9  des  personnes  et des  biens,  en particulier\nles engins  pyrotechniques  et d\u00e9tonants  et les bouteilles  en verre,  ainsi  que  l'introduction,  la\nd\u00e9tention  et le transport  de boissons  alcoolique  et leur  consommation  sur la voie  publique.  :\nLes mesures  pr\u00e9vues  \u00e0 l'alin\u00e9a  pr\u00e9c\u00e9dent  ne s'appliquent  pas aux r\u00e9sidents,  qui pourront\njustifier  de cette  qualit\u00e9  par tous  moyens,  ainsi  que  dans  les parties  du p\u00e9rim\u00e8tre\n2025-00052  3\n\nr\u00e9guli\u00e8rement  occup\u00e9es  par  des  restaurants  et d\u00e9bits  de boissons  titulaires  des\nautorisations  n\u00e9cessaires.\nArticle  4 - Le pr\u00e9fet  des  Hauts-de-Seine,  le pr\u00e9fet  de Seine-et-Marne,  la pr\u00e9f\u00e8te,  directrice\nde cabinet,  le directeur  de l'ordre  public  et de la circulation  et la directrice  de la s\u00e9curit\u00e9\nde proximit\u00e9  de l'agglom\u00e9ration  parisienne  sont  charg\u00e9s,  chacun  en ce qui le concerne,  de\nl'ex\u00e9cution  du pr\u00e9sent  arr\u00eat\u00e9  qui entrera  en vigueur  d\u00e8s  son  affichage  aux  portes  de la\npr\u00e9fecture  de police,  sera  publi\u00e9  aux  recueils  des  actes  administratifs  du d\u00e9partement  de Paris\net des  pr\u00e9fectures  des  Hauts-de-Seine  et de Seine-et-Marne,  consultable  sur le site  de la\npr\u00e9fecture  de police  (https://www.prefecturedepolice.interieur.gouv.fr)  et transmis  aux\nprocureurs  de la R\u00e9publique  pr\u00e8s  les tribunaux  judiciaires  de Paris,  Nanterre  et Melun.\nFait \u00e0 Paris,le  Q 9 JAN.  2025\nLaurent  NUNEZ\n2025-00052\n\nFait  \u00e0 Melun,  le 2 ami?\nVv\nPiee ORY\n2025-00052\n\nAnnexe  de l'arr\u00eat\u00e9  n\u00b0 2025-09  052 du 09 JAN. 2025\nVOIES  ET DELAIS  DE RECOURS\nSi vous  estimez  devoir  contester  le pr\u00e9sent  arr\u00e9t\u00e9,  il vous  est possible,  dans  un\nd\u00e9lai  de deux  mois  \u00e0 compter  de la date  de son  affichage  ou de sa publication  :\n- soit  de saisir  d'un  RECOURS  GRACIEUX\nle Pr\u00e9fet  de Police\n7/9,  boulevard  du Palais  - 75195  PARIS  RP\n- ou de former  un RECOURS  HIERARCHIQUE\naupr\u00e8s  du Ministre  de l'int\u00e9rieur\nDirection  des  libert\u00e9s  publiques  et des  affaires  juridiques\nplace  Beauvau  - 75008  PARIS\n- soit  de saisir  d'un  RECOURS  CONTENTIEUX\nle Tribunal  administratif  comp\u00e9tent\nAucune  de ces voies  et recours  ne suspend  I'application  de la pr\u00e9sente  d\u00e9cision.\nLes  recours  GRACIEUX  et HIERARCHIQUE  doivent  \u00eatre  \u00e9crits,  exposer  les\narguments  ou faits  nouveaux  et comprendre  la copie  de l'arr\u00eat\u00e9  contest\u00e9.\nLe recours  CONTENTIEUX,  qui vise  \u00e0 contester  la LEGALITE  de la pr\u00e9sente\nd\u00e9cision,  doit  \u00e9galement  \u00eatre  \u00e9crit  et exposer  votre  argumentation  juridique.\nSi vous  n'aviez  pas de r\u00e9ponse  \u00e0 votre  recours  GRACIEUX  ou HIERARCHIQUE  dans\nun d\u00e9lai  de deux  mois  \u00e0 compter  de la r\u00e9ception  de votre  recours  par  l'administration,  votre\ndemande  devra  \u00eatre  consid\u00e9r\u00e9e  comme  rejet\u00e9e  (d\u00e9cision  implicite  de rejet).\nEn cas  de rejet  des  recours  GRACIEUX  ou HIERARCHIQUE,  le Tribunal\nadministratif  peut  \u00eatre  saisi  d'Un  recours  contentieux  dans  le d\u00e9lai  de deux  mois  \u00e0 compter\nde la date  de la d\u00e9cision  de rejet.\n\n=\n3\nL\n\u00bb\n4\nL\u00e0\npr a\n\u00ab\u00ae\n\u00a9\n\u00a5\n5\nWig\nbe,\n(ce,\n\u00a5bit aw.\n=\n\u00bb :\n> \u00a3 '\n2\ncs |\ne 5 | A\n| <\n.* A\n= | ' ;\nPua : :\nj vie |\n\u00c0 \u00c0 |\nL/\n;\n+ :\n\u00c0 |\nPants9925-000 52\nav OOOFE Me\nLA BRUNE UNE\n~, *\nFe\n\nEX  CABINET  DU PREFET\nPR\u00c9FECTURE  ap\nDE POLICE  4\nLibert\u00e9\n\u00c9galit\u00e9\nFraternit\u00e9\nArr\u00eat\u00e9  n\u00b0 2025-00054\nautorisant  la captation,  l'enregistrement  et la transmission  d'images  au moyen  de cam\u00e9ras\ninstall\u00e9es  sur des  a\u00e9ronefs  \u00e0 l'occasion  du concert  de l'artiste  Kaaris  \u00e0 Paris  La D\u00e9fense\nAr\u00e9na  le samedi  11 janvier  2025\nLe pr\u00e9fet  de police,\nVu le code  de la s\u00e9curit\u00e9  int\u00e9rieure,  notamment  ses articles  L. 242-1  \u00e0 L. 242-8  et R. 242-8  \u00e0\nR. 242-15;\nVu le d\u00e9cret  n\u00b0 2004-374  du 29 avril  2004  modifi\u00e9  relatif  aux  pouvoirs  des  pr\u00e9fets,  a\nl'organisation  et \u00e0 l'action  des  services  de l'Etat  dans  les r\u00e9gions  et d\u00e9partements,\nnotamment  son  article  73;\nVu l'arr\u00eat\u00e9  du 19 avril  2023  relatif  au nombre  maximal  de cam\u00e9ras  install\u00e9es  sur des  a\u00e9ronefs\npouvant  \u00eatre  simultan\u00e9ment  utilis\u00e9es  dans  chaque  d\u00e9partement  et collectivit\u00e9  d'outre-\nmer  ;\nVu l'instruction  minist\u00e9rielle  NOR  1OMD2311883)  du 30 avril  2023  relative  \u00e0 la proc\u00e9dure\nd'autorisation  des  cam\u00e9ras  install\u00e9es  sur des  a\u00e9ronefs  pour  des  missions  de police\nadministrative  ;\nVu le d\u00e9cret  du 20 juillet  2022  par lequel  M. Laurent  NUNEZ,  pr\u00e9fet,  coordonnateur  national\ndu renseignement  et de la lutte  contre  le terrorisme,  est nomm\u00e9  pr\u00e9fet  de police  (hors\nclasse)  ;\nVu la demande  en date  du 9 janvier  2025  form\u00e9e  par  la direction  de l'ordre  public  et de la\ncirculation  visant  \u00e0 obtenir  l'autorisation  de capter,  d'enregistrer  et de transmettre  des\nimages  au moyen  de deux  cam\u00e9ras  install\u00e9es  sur des  a\u00e9ronefs  t\u00e9l\u00e9-pilot\u00e9s  afin  d'assurer  la\npr\u00e9vention  des  atteintes  \u00e0 la s\u00e9curit\u00e9  des  personnes  et des  biens,  la s\u00e9curit\u00e9  des\nrassemblements,  la pr\u00e9vention  d'actes  de terrorisme  et la r\u00e9gulation  des  flux  de transport\n\u00e0 l'occasion  du concert  de l'artiste  Kaaris  \u00e0 Paris  La D\u00e9fense  Ar\u00e9na  le 11 janvier  2025  ;\nConsid\u00e9rant  que  les dispositions  du | de l'article  L. 242-5  du code  de la s\u00e9curit\u00e9  int\u00e9rieure\npermettent  aux  forces  de s\u00e9curit\u00e9  int\u00e9rieure,  dans  l'exercice  de leurs  missions  de\npr\u00e9vention  des  atteintes  \u00e0 l'ordre  public  et de protection  de la s\u00e9curit\u00e9  des  personnes  et\ndes  biens,  de proc\u00e9der  \u00e0 la captation,  \u00e0 l'enregistrement  et \u00e0 la transmission  d'images  au\nmoyen  de cam\u00e9ras  install\u00e9es  sur des  a\u00e9ronefs  aux  fins  d'assurer  la pr\u00e9vention  des  atteintes\n\u00e0 la s\u00e9curit\u00e9  des  personnes  et des  biens,  la s\u00e9curit\u00e9  des  rassemblements  ainsi  que  l'appui\ndes  personnels  au sol,  en vue  de leur  permettre  de maintenir  ou de r\u00e9tablir  l'ordre  public\nlorsque  ces rassemblements  sont  susceptibles  d'entra\u00eener  des  troubles  graves  \u00e0 l'ordre\npublic,  la pr\u00e9vention  d'actes  de terrorisme  et la r\u00e9gulation  des  flux  de transport  ;\n\nConsid\u00e9rant  que  se tiendra  le samedi  11 janvier  2025  a 20h00  a Paris  La D\u00e9fense  Ar\u00e9na,  situ\u00e9\na Nanterre,  le concert  de l'artiste  Kaaris  ; qu'\u00e0  cette  occasion,  un nombre  important  de\nspectateurs  seront  pr\u00e9sents  aux  abords  et \u00e0 l'int\u00e9rieur  du site  ; que,  dans  le contexte  actuel\nde menace  tr\u00e8s  \u00e9lev\u00e9e,  cet \u00e9v\u00e8nement  est susceptible  de constituer  une  cible  privil\u00e9gi\u00e9e  et\nsymbolique  pour  des  actes  de nature  terroriste;  que  plusieurs  attentats  ou tentatives\nd'attentats  r\u00e9cents  traduisent  le niveau  \u00e9lev\u00e9  de la menace  terroriste  actuelle  en France\ndans  le cadre  du plan  VIGIPIRATE  \u00ab urgence  attentat\u00bb  en vigueur  sur l'ensemble  du\nterritoire  national  depuis  le 24 mars  2024  ;\nConsid\u00e9rant  que  la demande  de la direction  de l'ordre  public  et de la circulation  porte  sur\nl'engagement  de deux  cam\u00e9ras  a\u00e9roport\u00e9es  qui pourront  \u00eatre  en vol simultan\u00e9ment  en vue\nde capter,  d'enregistrer  et de transmettre  des  images;  que  les aires  survol\u00e9es  sont\nstrictement  limit\u00e9es  aux  zones  o\u00f9 seront  mises  en \u0153uvre  les finalit\u00e9s  susvis\u00e9es  ; que  la dur\u00e9e\nde l'autorisation  demand\u00e9e  n'appara\u00eet  pas  disproportionn\u00e9e  au regard  de ces  finalit\u00e9s  ;\nConsid\u00e9rant  que  le recours  a des  cam\u00e9ras  a\u00e9roport\u00e9es  permet  de disposer  d'une  vision  en\ngrand  angle  tout  en limitant  l'engagement  des  forces  au sol ; qu'il  n'existe  pas  de dispositif\nmoins  intrusif  permettant  de parvenir  aux  m\u00eames  fins;\nSur  proposition  de la direction  de l'ordre  public  et de la circulation,\nARRETE  :\nArticle  1\u00b0 - La captation,  l'enregistrement  et la transmission  d'images  par  la direction  de\nl'ordre  public  et de la circulation  sont  autoris\u00e9s  dans  le d\u00e9partement  des  Hauts-de-Seine  \u00e0\nl'occasion  du concert  susvis\u00e9  aux  titres  de:\nla pr\u00e9vention  des  atteintes  \u00e0 la s\u00e9curit\u00e9  des  personnes  et des  biens;\nla s\u00e9curit\u00e9  des  rassemblements  ;\nla pr\u00e9vention  d'actes  de terrorisme  ;\nla r\u00e9gulation  des  flux  de transport.\nArticle  2 - Le nombre  maximal  de cam\u00e9ras  pouvant  proc\u00e9der  simultan\u00e9ment  \u00e0 des\nenregistrements  est fix\u00e9  \u00e0 2 cam\u00e9ras  embarqu\u00e9es  sur des  a\u00e9ronefs  t\u00e9l\u00e9-pilot\u00e9s.\nArticle  3 - La pr\u00e9sente  autorisation  est limit\u00e9e  au p\u00e9rim\u00e8tre  g\u00e9ographique  figurant  sur le\nplan  transmis  en annexe  au pr\u00e9sent  arr\u00eat\u00e9.\nArticle  4 - La pr\u00e9sente  autorisation  est d\u00e9livr\u00e9e  du samedi  11 janvier  2025  \u00e0 17h00  au\ndimanche  12 janvier  2025  \u00e0 01h00  pour  la mise  en \u0153uvre  des  finalit\u00e9s  pr\u00e9cit\u00e9es.\nArticle  5 -L'information  du public  est assur\u00e9e  par  la publication  de l'arr\u00eat\u00e9  aux  recueils  des\nactes  administratifs  des  d\u00e9partements  de Paris  et de la pr\u00e9fecture  des  Hauts-de-Seine,  sa\nmise  en ligne  sur le site  internet  de la pr\u00e9fecture  de police  ainsi  que  par une  information  sur\nles r\u00e9seaux  sociaux.\nArticle  6 - Le registre  mentionn\u00e9  \u00e0 l'article  L. 242-4  du code  de la s\u00e9curit\u00e9  int\u00e9rieure  est\ntransmis  au pr\u00e9fet  de police,  \u00e0 l'issue  de la p\u00e9riode  d'autorisation.\n2025-00054\n\nArticle  7 - Le pr\u00e9fet  des  Hauts-de-Seine,  la pr\u00e9f\u00e8te,  directrice  du cabinet  du pr\u00e9fet  de police\net le directeur  de l'ordre  public  et de la circulation  sont  charg\u00e9s,  chacun  en ce qui le\nconcerne,  de l'ex\u00e9cution  du pr\u00e9sent  arr\u00eat\u00e9  qui  entrera  en vigueur  d\u00e8s  son  affichage  aux\nportes  de la pr\u00e9fecture  de police,  sera  publi\u00e9  aux  recueils  des  actes  administratifs  des\nd\u00e9partements  de Paris  et des  Hauts  de Seine  et consultable  sur le site  internet  de la\npr\u00e9fecture  de police  (https://www.prefecturedepolice.interieur.gouv.fr).\nFait \u00e0 Paris, le 1 0 JAN, 2025\n4 | Laurent  NUNEZ\nef\u00ebte,  dir ctrice  du cabinet\nNNEAY\nmegsli  \u00a9\n2025-00054\n\nAnnexe  de l'arr\u00eat\u00e9  n\u00b0 2025-00054  du 10 JAN.  2025\nVOIES  ET DELAIS  DE RECOURS\nSi vous  estimez  devoir  contester  la pr\u00e9sente  autorisation,  il vous  est possible,  dans  un d\u00e9lai\nde deux  mois  \u00e0 compter  de la date  de son  affichage  ou de sa publication:\n- soit  de saisir  d'un  RECOURS  GRACIEUX\nle Pr\u00e9fet  de Police\n7/9,  boulevard  du Palais  - 75195  PARIS  RP\n- ou de former  un RECOURS  HIERARCHIQUE\naupr\u00e8s  du Ministre  de l'int\u00e9rieur  et des  outre-mer\nDirection  des  libert\u00e9s  publiques  et des  affaires  juridiques\nplace  Beauvau  - 75008  PARIS\n- soit  de saisir  d'un  RECOURS  CONTENTIEUX\nle Tribunal  administratif  comp\u00e9tent\nAucune  de ces  voies  et recours  ne suspend  l'application  de la pr\u00e9sente  d\u00e9cision.\nLes recours  GRACIEUX  et HIERARCHIQUE  doivent  \u00eatre  \u00e9crits,  exposer  les arguments  ou\nfaits  nouveaux  et comprendre  la copie  de la d\u00e9cision  contest\u00e9e.\nLe recours  contentieux,  qui  vise  \u00e0 contester  la LEGALITE  de la pr\u00e9sente  d\u00e9cision,  doit\n\u00e9galement  \u00eatre  \u00e9crit  et exposer  votre  argumentation  juridique.\nSi vous  n'aviez  pas  de r\u00e9ponse  \u00e0 votre  recours  GRACIEUX  ou HIERARCHIQUE  dans  un d\u00e9lai\nde deux  mois  \u00e0 compter  de la r\u00e9ception  de votre  recours  par  l'administration,  votre\ndemande  devra  \u00eatre  consid\u00e9r\u00e9e  comme  rejet\u00e9e  (d\u00e9cision  implicite  de rejet).\nEn cas  de rejet  des  RECOURS  GRACIEUX  ou HIERARCHIQUE,  le Tribunal  administratif  peut\n\u00eatre  saisi  d'un  recours  contentieux  dans  le d\u00e9lai  de deux  mois  \u00e0 compter  de la date  de la\nd\u00e9cision  de rejet.\n\n2025-00054Avsuoaauvhds at\"\nYAN ndsMe aK ?it wang > hi\"4 (san |PU ANON+ MANIMILNVARO Deed\\| '| \u00bb \u00c0\n\\\n\\maux v{ | || ' / $/wat Tat Fi F#Hi / |\u00c0xof . \u00c0F \u00eb| \u00e0 #0!rs\" |Ye,| | \u00e0 Le+ '# \\rm, Son,. a = a,| Mi : 4 \"i | inwoages Mai,* H MLD SAND Dev Mi oo A4 .,: tes$ > :Fi \\| sue av, xs ss /4 ow 3 ,snesi Lib4Q STD LUI\u00c9T\u00c9]4 '4\u00c04 4 aan NosTaN Devx 4 r :: 4H 4 xwt ; |wooo\"aewe Psee \u0178 ? anousanr olanea :| s \u00e9 Nu <\u00e0 ' A\\\\\\ =\n\n 90  \n \n \n \nRECUEIL DES ACTES ADMINISTRATIFS  \n \nDU \n \nPREFET DES HAUTS -DE-SEINE  \n \n \nISSN 0985 - 5955  \n \n \n \n \n \nPour toute correspondance, s'adresser \u00e0 :  \n \nPREFET DES HAUTS -DE-SEINE  \n \nSecr\u00e9tariat g\u00e9n\u00e9ral  \nSecr\u00e9tariat g\u00e9n\u00e9ral aux affaires d\u00e9partementales  \n \n167/177, Avenue Joliot Curie  \n92013 NANTERRE CEDEX  \n \n \n \n \nLe recueil des actes administratifs est consultable en ligne sur le  site de la pr\u00e9fecture  \nAdresse Internet  : http://www.hauts -de-seine.gouv.fr/  \n \nDirecteur de la publication  : \n \nAlexandre BRUGERE  \n \nPREFET DES HAUTS -DE-SEINE  \n \n  \n 91  \n \n \n \n \n \n \n \n \n \n \n \n \n \n \n \n \n \n \n \n \n \n \n \n \n \n \n \n \n \n \n \n \n \n \n \n \n \n \n \n \nPREFECTURE DES HAUTS -DE-SEINE  \n167-177,  avenue Joliot Curie 92013 NANTERRE Cedex  \nCourriel  : courrier@hauts -de-seine.gouv.fr  \nStandard  : 01.40.97.20.00 T\u00e9l\u00e9copie 01.40.97.25.21  \nAdresse Internet  : http://www.hauts -de-seine.gouv.fr/","date":"2025-01-10","first_seen_on":"2025-01-10T11:37:13+00:00","id":"e62f16fa90a657ac504ac94ad40b66d68b0b68eecc7d428f56e799725c669817","name":"RAA sp\u00e9cial Pr\u00e9fecture de Police du 10 janvier 2025","pdf_creation_date":null,"pdf_modification_date":null,"timezone":"CET","url":"https://www.hauts-de-seine.gouv.fr/contenu/telechargement/26058/182614/file/2025-01-10%20RAA%20sp%C3%A9cial%20Pr%C3%A9fecture%20de%20Police%20du%2010%20janvier%202025.pdf"}
