{"administration":"pref21","administration_name":"Pr\u00e9fecture de C\u00f4te-d\u2019Or","content":"PR\u00c9FET\nDE LA C\u00d4TE-D'OR\nRECUEIL DES ACTES\nADMINISTRATIFS SP\u00c9CIAL\n(NOMINATIFS)\nN\u00b021-2025-081\nPUBLI\u00c9 LE 13 JUIN 2025\nSommaire\nPr\u00e9fecture de la C\u00f4te-d'Or / Direction de la coordination, des politiques\npubliques et de l'appui territorial\n21-2025-06-13-00002 - Arr\u00eat\u00e9 pr\u00e9fectoral n\u00b0 813 / SG du 13 juin 2025\nportant d\u00e9l\u00e9gation signature \u00e0 Monsieur Denis BRUEL, Secr\u00e9taire\ng\u00e9n\u00e9ral de la pr\u00e9fecture de la C\u00f4te-d'Or (3 pages) Page 3\n21-2025-06-13-00003 - Arr\u00eat\u00e9 pr\u00e9fectoral n\u00b0 814 / SG du 13 juin 2025\ndonnant d\u00e9l\u00e9gation de signature \u00e0 Madame Aur\u00e9lie CONTRECIVILE,\nSous-pr\u00e9f\u00e8te, Directrice de cabinet du Pr\u00e9fet de la r\u00e9gion\nBourogne-Franche-Comt\u00e9, Pr\u00e9fet  de la C\u00f4te-d'Or (4 pages) Page 7\n21-2025-06-13-00005 - Arr\u00eat\u00e9 pr\u00e9fectoral n\u00b0 815 / SG du 13 juin 2025\ndonnant d\u00e9l\u00e9gation de signature \u00e0 Monsieur Beno\u00eet BYRSKI,\nSous-pr\u00e9fet de Beaune (7 pages) Page 12\n21-2025-06-13-00004 - Arr\u00eat\u00e9 pr\u00e9fectoral n\u00b0 817 / SG du 13 juin 2025\ndonnant d\u00e9l\u00e9gation de signature \u00e0 Monsieur S\u00e9bastien LANOYE,\nSous-pr\u00e9fet de Montbard (7 pages) Page 20\n21-2025-06-13-00006 - Arr\u00eat\u00e9 pr\u00e9fectoral n\u00b0 818 / SG du 13 juin 2025\ndonnant d\u00e9l\u00e9gation de signature \u00e0 l'occasion des permanences de\nweek-ends, de jours f\u00e9ri\u00e9s ou de jours ch\u00f4m\u00e9s (2 pages) Page 28\n21-2025-06-13-00007 - Arr\u00eat\u00e9 pr\u00e9fectoral n\u00b0 819 / SG du 13 juin 2025\ndonnant d\u00e9l\u00e9gation de signature pour l'utilisation d'une carte d'achat\nnominative (4 pages) Page 31\n21-2025-06-13-00008 - Arr\u00eat\u00e9 pr\u00e9fectoral n\u00b0 820 / SG donnant\nd\u00e9l\u00e9gation de signature en mati\u00e8re de gestion des budgets\nop\u00e9rationnels\n104-111-112-113-119-122-124129-135-137-147-148-161-163-172-181-206-207-209-215-216-217-218-219-232-303-348-349-354-357-362-363-364-380-723-754-780-833\ndes fonds europ\u00e9ens et des recettes non fiscales (10 pages) Page 36\n2\nPr\u00e9fecture de la C\u00f4te-d'Or\nDirection de la coordination, des politiques\npubliques et de l'appui territorial\n21-2025-06-13-00002\nArr\u00eat\u00e9 pr\u00e9fectoral n\u00b0 813 / SG du 13 juin 2025\nportant d\u00e9l\u00e9gation signature \u00e0 Monsieur Denis\nBRUEL, Secr\u00e9taire g\u00e9n\u00e9ral de la pr\u00e9fecture de la\nC\u00f4te-d'Or\nPr\u00e9fecture de la C\u00f4te-d'Or - 21-2025-06-13-00002 - Arr\u00eat\u00e9 pr\u00e9fectoral n\u00b0 813 / SG du 13 juin 2025 portant d\u00e9l\u00e9gation signature \u00e0\nMonsieur Denis BRUEL, Secr\u00e9taire g\u00e9n\u00e9ral de la pr\u00e9fecture de la C\u00f4te-d'Or 3\nExPREFETDE LACOTE-D'ORLibert\u00e9Egalit\u00e9Fraternit\u00e9\nArr\u00eat\u00e9 pr\u00e9fectoral n\u00b0  813  / SG du 13 juin 2025\ndonnant d\u00e9l\u00e9gation de signature \u00e0 Monsieur Denis BRUEL,\nSecr\u00e9taire g\u00e9n\u00e9ral  de la pr\u00e9fecture de la C\u00f4te-d'Or\nLe Pr\u00e9fet de la C\u00f4te-d'Or\nVu la  loi  n\u00b0  82.213  du  2  mars  1982  modifi\u00e9e  relative  aux  droits  et  libert\u00e9s  des \ncommunes, des d\u00e9partements et des r\u00e9gions ;\nVu le  d\u00e9cret  n\u00b0  2004-374  du  29  avril  2004  relatif  aux  pouvoirs  des  Pr\u00e9fets,  \u00e0 \nl'organisation et \u00e0 l'action des services de l'\u00c9tat dans les r\u00e9gions et d\u00e9partements,  \nmodifi\u00e9 par le d\u00e9cret n\u00b0 2010-146 du 16 f\u00e9vrier 2010 et par le d\u00e9cret n\u00b0 2010-687 du 24  \njuin 2010 ;\nVu le d\u00e9cret n\u00b0 2008-158 du 22 f\u00e9vrier 2008 relatif \u00e0 la suppl\u00e9ance des Pr\u00e9fets de  \nr\u00e9gion  et  \u00e0  la  d\u00e9l\u00e9gation  de  signature  des  pr\u00e9fets  et  hauts  commissaires  de  la \nR\u00e9publique en Polyn\u00e9sie fran\u00e7aise et en Nouvelle-Cal\u00e9donie ;\nVu le d\u00e9cret n\u00b0 2009-176 du 16 f\u00e9vrier 2009 modifiant le d\u00e9cret n\u00b0 64-805 du 29  juillet \n1964 fixant les dispositions r\u00e9glementaires applicables aux Pr\u00e9fets et le d\u00e9cret n\u00b0 2004-\n374 du 29 avril 2004 relatif aux pouvoirs des Pr\u00e9fets, \u00e0 l'organisation et \u00e0 l'action des  \nservices de l'\u00c9tat dans les r\u00e9gions et d\u00e9partements ;\nVu le d\u00e9cret du 10 octobre 2024 nommant Monsieur Paul MOURIER, Pr\u00e9fet de la  \nR\u00e9gion Bourgogne-Franche-Comt\u00e9, pr\u00e9fet de la C\u00f4te d'Or ;\nVu le d\u00e9cret du 6 juillet 2023, portant nomination de Monsieur Beno\u00eet BYRSKI, en  \nqualit\u00e9 de Sous-pr\u00e9fet de Beaune ;\nVu le d\u00e9cret du 17 novembre 2023 portant nomination de Monsieur S\u00e9bastien LANOYE,  \nen qualit\u00e9 de Sous- pr\u00e9fet de Montbard ;\nVu le d\u00e9cret du 14 novembre 2024 portant nomination de Monsieur Denis BRUEL,  \nadministrateur  de  l'\u00c9tat  du  deuxi\u00e8me  grade,  en  qualit\u00e9  de  Secr\u00e9taire  g\u00e9n\u00e9ral  de  la \nPr\u00e9fecture de la C\u00f4te-d'Or, sous-pr\u00e9fet de Dijon (groupe II) ;\nVu le d\u00e9cret du 6 mars 2025 portant nomination de Madame Aur\u00e9lie CONTREVILE,  \nSous-pr\u00e9f\u00e8te, en qualit\u00e9 de Sous-pr\u00e9f\u00e8te, Directrice de cabinet du Pr\u00e9fet de la R\u00e9gion  \nBourgogne-Franche-Comt\u00e9, Pr\u00e9fet de la C\u00f4te-d'Or ;\n  \nPr\u00e9fecture de la C\u00f4te-d'Or - 21-2025-06-13-00002 - Arr\u00eat\u00e9 pr\u00e9fectoral n\u00b0 813 / SG du 13 juin 2025 portant d\u00e9l\u00e9gation signature \u00e0\nMonsieur Denis BRUEL, Secr\u00e9taire g\u00e9n\u00e9ral de la pr\u00e9fecture de la C\u00f4te-d'Or 4\nVu le d\u00e9cret du 23 mai 2025 portant nomination de Madame Magalie MALERBA en  \nqualit\u00e9  secr\u00e9taire  g\u00e9n\u00e9rale  adjointe  de  la  pr\u00e9fecture  de  la  C\u00f4te  d'Or,  sous-pr\u00e9f\u00e8te \ncharg\u00e9e de mission aupr\u00e8s du Pr\u00e9fet de la R\u00e9gion Bourgogne-Franche-Comt\u00e9, Pr\u00e9fet  \nde la C\u00f4te-d'Or ;\nVu l'arr\u00eat\u00e9 pr\u00e9fectoral n\u00b0 444/SG du 17 mars 2025, donnant d\u00e9l\u00e9gation de signature \u00e0  \nMonsieur Denis BRUEL, Secr\u00e9taire g\u00e9n\u00e9ral de la pr\u00e9fecture de la C\u00f4te-d'Or ;\nSur proposition de Monsieur le Secr\u00e9taire g\u00e9n\u00e9ral de la Pr\u00e9fecture de la C\u00f4te-d'Or ;\nARR\u00caTE\nArticle 1er  : L'arr\u00eat\u00e9 pr\u00e9fectoral  n\u00b0 444/SG du 17 mars 2025,  donnant d\u00e9l\u00e9gation de  \nsignature \u00e0 Monsieur Denis BRUEL, Secr\u00e9taire g\u00e9n\u00e9ral de la Pr\u00e9fecture de la C\u00f4te-d'Or, \net toutes dispositions ant\u00e9rieures contraires au pr\u00e9sent arr\u00eat\u00e9 sont abrog\u00e9s \u00e0 compter  \ndu 16 juin 2025.\nArticle 2  : D\u00e9l\u00e9gation de signature est donn\u00e9e \u00e0 Monsieur Denis BRUEL, Secr\u00e9taire  \ng\u00e9n\u00e9ral de la Pr\u00e9fecture de la C\u00f4te-d'Or, \u00e0 l'effet de signer tous arr\u00eat\u00e9s, d\u00e9cisions,  \ncirculaires, rapports, correspondances et documents relevant des attributions de l'\u00c9tat  \ndans le d\u00e9partement de la C\u00f4te-d'Or, ainsi que tous recours juridictionnels, m\u00e9moires et  \ndocuments se rapportant \u00e0 la saisine des juridictions judiciaires en mati\u00e8re de r\u00e9tention  \nadministrative, \u00e0 l'exception :\ndes d\u00e9clinatoires de comp\u00e9tences et arr\u00eat\u00e9s de conflit.\nArticle  3     :  En  cas  d'absence  ou  d'emp\u00eachement  de  Monsieur  Denis  BRUEL,  les \npouvoirs et fonctions de Secr\u00e9taire g\u00e9n\u00e9ral de la Pr\u00e9fecture de la C\u00f4te-d'Or seront  \nexerc\u00e9s par Madame Magalie MALERBA, Sous-pr\u00e9f\u00e8te, Secr\u00e9taire g\u00e9n\u00e9rale adjointe  \nde la Pr\u00e9fecture de la C\u00f4te-d'Or .\nEn cas d'absence ou d'emp\u00eachement concomitants de Monsieur Denis BRUEL et de  \nMadame Magalie MALERBA, les pouvoirs et fonctions de Secr\u00e9taire g\u00e9n\u00e9ral de la  \nPr\u00e9fecture de la C\u00f4te-d'Or seront exerc\u00e9s par Madame Aur\u00e9lie CONTRECIVILE, Sous-\npr\u00e9f\u00e8te, Directrice de cabinet du Pr\u00e9fet de la r\u00e9gion Bourgogne-Franche-Comt\u00e9, Pr\u00e9fet  \nde la C\u00f4te-d'Or ;\nPendant ladite p\u00e9riode d'absence ou d'emp\u00eachement de Monsieur Denis BRUEL et de  \nMadame Magalie MALERBA, Madame Aur\u00e9lie CONTRECIVILE, exercera, outre les  \nattributions  conf\u00e9r\u00e9es  par  les  lois  et  r\u00e8glements  aux  Secr\u00e9taires  g\u00e9n\u00e9raux  de \npr\u00e9fecture, la d\u00e9l\u00e9gation de signature d\u00e9finie \u00e0 l'article 2 du pr\u00e9sent arr\u00eat\u00e9 au profit de  \nMonsieur Denis BRUEL.\nArticle  4 :  En  cas  d'absence  ou  d'emp\u00eachement  de  Monsieur  Denis  BRUEL,  de \nMadame Magalie MALERBA et de Madame Aur\u00e9lie CONTRECIVILE, les pouvoirs et  \nfonctions de Secr\u00e9taire g\u00e9n\u00e9ral de la pr\u00e9fecture de la C\u00f4te-d'Or seront exerc\u00e9s par  \nMonsieur  Beno\u00eet  BYRSKI,  Sous-pr\u00e9fet  de  Beaune  ou,  en  son  absence  ou  \nemp\u00eachement, par Monsieur S\u00e9bastien LANOYE, Sous-pr\u00e9fet de Montbard.\n  \n2/3\nPr\u00e9fecture de la C\u00f4te-d'Or - 21-2025-06-13-00002 - Arr\u00eat\u00e9 pr\u00e9fectoral n\u00b0 813 / SG du 13 juin 2025 portant d\u00e9l\u00e9gation signature \u00e0\nMonsieur Denis BRUEL, Secr\u00e9taire g\u00e9n\u00e9ral de la pr\u00e9fecture de la C\u00f4te-d'Or 5\nPendant ladite p\u00e9riode d'absence ou d'emp\u00eachement de Monsieur Denis BRUEL, de  \nMadame Magalie MALERBA et de Madame Aur\u00e9lie CONTRECIVILE, Monsieur Beno\u00eet \nBYRSKI,  Sous-pr\u00e9fet  de  Beaune,  ou,  en  son  absence  ou  emp\u00eachement,  Monsieur \nS\u00e9bastien  LANOYE,  Sous-pr\u00e9fet  de  Montbard  exerceront,  outre  les  attributions \nconf\u00e9r\u00e9es  par  les  lois  et  r\u00e8glements  aux  secr\u00e9taires  g\u00e9n\u00e9raux  de  pr\u00e9fecture,  la \nd\u00e9l\u00e9gation de signature d\u00e9finie \u00e0 l'article 2 du pr\u00e9sent arr\u00eat\u00e9 au profit de Monsieur Denis \nBRUEL. \nArticle 5 : Le pr\u00e9sent arr\u00eat\u00e9 prendra effet le 16 juin 2025.\nArticle 7 : Le Secr\u00e9taire g\u00e9n\u00e9ral de la Pr\u00e9fecture de la C\u00f4te-d'Or, la Secr\u00e9taire g\u00e9n\u00e9rale \nadjointe de la Pr\u00e9fecture de la C\u00f4te-d'Or, la  Directrice de cabinet du Pr\u00e9fet de la R\u00e9gion  \nBourgogne-Franche-Comt\u00e9,  Pr\u00e9fet  de  la  C\u00f4te-d'Or,  le  Sous-pr\u00e9fet  de  Beaune  et  le \nSous-pr\u00e9fet de Montbard  sont charg\u00e9s, de l'ex\u00e9cution du pr\u00e9sent arr\u00eat\u00e9 qui sera publi\u00e9  \nau recueil des actes administratifs de la pr\u00e9fecture de la C\u00f4te-d'Or.\nFait \u00e0 Dijon, le 13 juin 2025\nLe Pr\u00e9fet,\nsign\u00e9\nPaul MOURIER\n3/3\nPr\u00e9fecture de la C\u00f4te-d'Or - 21-2025-06-13-00002 - Arr\u00eat\u00e9 pr\u00e9fectoral n\u00b0 813 / SG du 13 juin 2025 portant d\u00e9l\u00e9gation signature \u00e0\nMonsieur Denis BRUEL, Secr\u00e9taire g\u00e9n\u00e9ral de la pr\u00e9fecture de la C\u00f4te-d'Or 6\nPr\u00e9fecture de la C\u00f4te-d'Or\nDirection de la coordination, des politiques\npubliques et de l'appui territorial\n21-2025-06-13-00003\nArr\u00eat\u00e9 pr\u00e9fectoral n\u00b0 814 / SG du 13 juin 2025\ndonnant d\u00e9l\u00e9gation de signature \u00e0 Madame\nAur\u00e9lie CONTRECIVILE, Sous-pr\u00e9f\u00e8te, Directrice\nde cabinet du Pr\u00e9fet de la r\u00e9gion\nBourogne-Franche-Comt\u00e9, Pr\u00e9fet  de la\nC\u00f4te-d'Or\nPr\u00e9fecture de la C\u00f4te-d'Or - 21-2025-06-13-00003 - Arr\u00eat\u00e9 pr\u00e9fectoral n\u00b0 814 / SG du 13 juin 2025 donnant d\u00e9l\u00e9gation de signature \u00e0\nMadame Aur\u00e9lie CONTRECIVILE, Sous-pr\u00e9f\u00e8te, Directrice de cabinet du Pr\u00e9fet de la r\u00e9gion Bourogne-Franche-Comt\u00e9, Pr\u00e9fet  de la\nC\u00f4te-d'Or\n7\nExPREFETDE LACOTE-D'ORLibert\u00e9Egalit\u00e9Fraternit\u00e9\nArr\u00eat\u00e9 pr\u00e9fectoral n\u00b0  814   / SG du 13 juin 2025 \ndonnant d\u00e9l\u00e9gation de signature \u00e0 Madame Aur\u00e9lie CONTRECIVILE, Sous-pr\u00e9f\u00e8te,\nDirectrice de cabinet du Pr\u00e9fet de la R\u00e9gion Bourgogne-Franche-Comt\u00e9,\nPr\u00e9fet de la C\u00f4te-d'Or\nLe Pr\u00e9fet de la C\u00f4te-d'Or\nVu la loi n\u00b0 82.213 du 2 mars 1982 modifi\u00e9e relative aux droits et libert\u00e9s des communes, des  \nd\u00e9partements et des r\u00e9gions ;\nVu le d\u00e9cret n\u00b0 2004-374 du 29 avril 2004 relatif aux pouvoirs des Pr\u00e9fets, \u00e0 l'organisation et \u00e0  \nl'action des services de l'\u00c9tat dans les r\u00e9gions et d\u00e9partements, modifi\u00e9 par le d\u00e9cret n\u00b0 2010-\n146 du 16 f\u00e9vrier 2010 et par le d\u00e9cret n\u00b0 2010-687 du 24 juin 2010 ;\nVu le d\u00e9cret n\u00b0 2008-158 du 22 f\u00e9vrier 2008 relatif \u00e0 la suppl\u00e9ance des Pr\u00e9fets de r\u00e9gion et \u00e0 la  \nd\u00e9l\u00e9gation de signature des Pr\u00e9fets et hauts commissaires de la R\u00e9publique en Polyn\u00e9sie  \nfran\u00e7aise et en Nouvelle-Cal\u00e9donie ;\nVu le d\u00e9cret n\u00b0 2009-176 du 16 f\u00e9vrier 2009 modifiant le d\u00e9cret n\u00b0 64-805 du 29  juillet 1964  \nfixant les dispositions r\u00e9glementaires applicables aux pr\u00e9fets et le d\u00e9cret n\u00b0 2004-374 du 29 avril \n2004 relatif aux pouvoirs des pr\u00e9fets, \u00e0 l'organisation et \u00e0 l'action des services de l'\u00c9tat dans les  \nr\u00e9gions et d\u00e9partements ;\nVu le d\u00e9cret  du  10 octobre 2024 nommant Monsieur Paul  MOURIER, Pr\u00e9fet  de la r\u00e9gion\nBourgogne-Franche-Comt\u00e9, pr\u00e9fet de la C\u00f4te d'Or;\nVu le  d\u00e9cret  du  14  novembre  2024  portant  nomination  de  Monsieur  Denis  BRUEL,  \nadministrateur de l'\u00c9tat du deuxi\u00e8me grade, en qualit\u00e9 de Secr\u00e9taire g\u00e9n\u00e9ral de la pr\u00e9fecture de  \nla C\u00f4te-d'Or, sous-pr\u00e9fet de Dijon (groupe II) ;\nVu le d\u00e9cret du 6 mars 2025 portant nomination de Madame Aur\u00e9lie CONTRECIVILE, en qualit\u00e9  \nde Sous-pr\u00e9f\u00e8te, Directrice de cabinet du Pr\u00e9fet de la r\u00e9gion Bourgogne-Franche-Comt\u00e9, Pr\u00e9fet  \nde la C\u00f4te-d'Or ;\nVu le d\u00e9cret du 23 mai 2025 portant nomination de Madame Magalie MALERBA en  \nqualit\u00e9  secr\u00e9taire  g\u00e9n\u00e9rale  adjointe  de  la  pr\u00e9fecture  de  la  C\u00f4te  d'Or,  sous-pr\u00e9f\u00e8te \ncharg\u00e9e de mission aupr\u00e8s du Pr\u00e9fet de la R\u00e9gion Bourgogne-Franche-Comt\u00e9, Pr\u00e9fet  \nde la C\u00f4te-d'Or ;\nVu l'arr\u00eat\u00e9 pr\u00e9fectoral n\u00b0 443/SG du 17 mars 2025 donnant d\u00e9l\u00e9gation de signature \u00e0 Madame  \nAur\u00e9lie CONTRECIVILE, Sous-pr\u00e9f\u00e8te, Directrice de cabinet du Pr\u00e9fet de la R\u00e9gion Bourgogne-\nFranche-Comt\u00e9, Pr\u00e9fet de la C\u00f4te-d'Or ;\nSur proposition de Monsieur le Secr\u00e9taire g\u00e9n\u00e9ral de la pr\u00e9fecture de la C\u00f4te-d'Or ;\nPr\u00e9fecture de la C\u00f4te-d'Or - 21-2025-06-13-00003 - Arr\u00eat\u00e9 pr\u00e9fectoral n\u00b0 814 / SG du 13 juin 2025 donnant d\u00e9l\u00e9gation de signature \u00e0\nMadame Aur\u00e9lie CONTRECIVILE, Sous-pr\u00e9f\u00e8te, Directrice de cabinet du Pr\u00e9fet de la r\u00e9gion Bourogne-Franche-Comt\u00e9, Pr\u00e9fet  de la\nC\u00f4te-d'Or\n8\nARR\u00caTE\nArticle 1er : L'arr\u00eat\u00e9 pr\u00e9fectoral n\u00b0 443/SG du 17 mars 2025 donnant d\u00e9l\u00e9gation de signature \u00e0  \nMadame Aur\u00e9lie CONTRECIVILE, Sous-pr\u00e9f\u00e8te, Directrice de cabinet du Pr\u00e9fet de la r\u00e9gion  \nBourgogne-Franche-Comt\u00e9, Pr\u00e9fet de la C\u00f4te-d'Or , et toutes dispositions ant\u00e9rieures contraires  \nau pr\u00e9sent arr\u00eat\u00e9 sont abrog\u00e9s \u00e0 compter du 16 juin 2025.\nArticle 2  :  D\u00e9l\u00e9gation de signature est  donn\u00e9e \u00e0  Madame Aur\u00e9lie CONTRECIVILE ,  Sous-\npr\u00e9f\u00e8te, Directrice de cabinet du Pr\u00e9fet de la r\u00e9gion Bourgogne-Franche-Comt\u00e9, Pr\u00e9fet de la  \nC\u00f4te-d'Or, \u00e0 l'effet de signer, au nom du pr\u00e9fet, tous actes, arr\u00eat\u00e9s, autorisations de d\u00e9roger aux  \nnormes  d'application  obligatoire,  d\u00e9cisions  et  pi\u00e8ces  comptables,  dans  tous  les  domaines \nrelevant des attributions du cabinet du pr\u00e9fet et des services rattach\u00e9s, \u00e0 l'exclusion toutefois  \ndes d\u00e9clinatoires de comp\u00e9tence et des arr\u00eat\u00e9s de conflit.\nEn compl\u00e9ment des attributions sus-vis\u00e9es, d\u00e9l\u00e9gation de signature est \u00e9galement accord\u00e9e \u00e0  \nMadame Aur\u00e9lie CONTRECIVILE, \u00e0 l'effet de signer :\n\u2022 les  arr\u00eat\u00e9s  et  tous  actes  et  d\u00e9cisions  concernant  les  soins  psychiatriques  sans \nconsentement ;\n\u2022 les arr\u00eat\u00e9s et tous actes et d\u00e9cisions concernant les mesures d'\u00e9loignement du territoire  \nfran\u00e7ais ainsi que le choix du pays de destination ; \n\u2022 les arr\u00eat\u00e9s portant immobilisation et/ou mise en fourri\u00e8re \u00e0 titre provisoire d'un v\u00e9hicule  \nainsi que les autorisations d\u00e9finitives de sortie de mise en fourri\u00e8re, sur l'ensemble du  \nd\u00e9partement except\u00e9 sur la zone police (communes de DIJON, CHENOVE, LONGVIC,  \nFONTAINE LES DIJON, TALANT, BEAUNE et sur la M 274 (rocade de DIJON)) ;\n\u2022 les lettres d'acceptation des d\u00e9missions des maires et des adjoints au maire ainsi que  \ncelles  des  pr\u00e9sidents  et  vice-pr\u00e9sidents  d'\u00e9tablissements  publics  de  coop\u00e9ration \nintercommunale.\nArticle  3 : En  cas  d'absence  ou  d'emp\u00eachement  de  Madame  Aur\u00e9lie  CONTRECIVILE,  la \npr\u00e9sente d\u00e9l\u00e9gation est donn\u00e9e \u00e0 Madame Nathalie AUBERTIN, Directrice adjointe du cabinet,  \ndirectrice  des  s\u00e9curit\u00e9s,  \u00e0  l'effet  de  signer  les  arr\u00eat\u00e9s,  d\u00e9cisions,  circulaires,  rapports, \ncorrespondances et documents administratifs et r\u00e9glementaires vis\u00e9s \u00e0 l'article 2 \u00e0 l'exception :\n\u2022 des d\u00e9f\u00e9r\u00e9s pr\u00e9fectoraux ainsi que des m\u00e9moires en d\u00e9fense ou en r\u00e9ponse ;\n\u2022 des actes, d\u00e9cisions et arr\u00eat\u00e9s en mati\u00e8re de demande de concours de moyens publics  \nou priv\u00e9s ;\n\u2022 des  arr\u00eat\u00e9s  portant  cr\u00e9ation  des  p\u00e9rim\u00e8tres  de  protection  mentionn\u00e9s  au  code  de \ns\u00e9curit\u00e9 int\u00e9rieure ;\n\u2022 des d\u00e9cisions d'octroi du concours de la force publique ;\n\u2022 des mises en demeure de quitter les lieux en application de la loi n\u00b02000-614 du 5 juillet  \n2000 modifi\u00e9e relative \u00e0 l'accueil et \u00e0 l'habitat des gens du voyage ;\n\u2022 des arr\u00eat\u00e9s portant r\u00e9quisition de m\u00e9decins lib\u00e9raux dans le cadre de la mission de  \nservice public de permanence des soins mentionn\u00e9e au code de la sant\u00e9 publique ;\n\u2022 des  d\u00e9cisions  autorisant  les  employ\u00e9s  exer\u00e7ant  une  activit\u00e9  de  surveillance  ou  de \ngardiennage \u00e0 effectuer des palpations de s\u00e9curit\u00e9 pr\u00e9vues au code de la s\u00e9curit\u00e9  \nint\u00e9rieure\n\u2022 des arr\u00eat\u00e9s autorisant \u00e0 titre exceptionnel des agents de s\u00e9curit\u00e9 priv\u00e9e \u00e0 exercer sur la  \nvoie publique au titre du code de la s\u00e9curit\u00e9 int\u00e9rieure ;\n2/4\nPr\u00e9fecture de la C\u00f4te-d'Or - 21-2025-06-13-00003 - Arr\u00eat\u00e9 pr\u00e9fectoral n\u00b0 814 / SG du 13 juin 2025 donnant d\u00e9l\u00e9gation de signature \u00e0\nMadame Aur\u00e9lie CONTRECIVILE, Sous-pr\u00e9f\u00e8te, Directrice de cabinet du Pr\u00e9fet de la r\u00e9gion Bourogne-Franche-Comt\u00e9, Pr\u00e9fet  de la\nC\u00f4te-d'Or\n9\n\u2022 des arr\u00eat\u00e9s de mise en demeure de quitter les lieux en cas d'occupation illicite du  \ndomicile d'autrui par un tiers au titre de la loi n\u00b02007-290 du 5 mars 2007 instituant le  \ndroit au logement opposable et portant diverses mesures en faveur de la coh\u00e9sion  \nsociale dite loi \u00ab DALO \u00bb\n\u2022 des arr\u00eat\u00e9s portant interdiction temporaire de rassemblements festifs \u00e0 caract\u00e8re musical \nnon autoris\u00e9s et interdiction de circulation des v\u00e9hicules transportant du mat\u00e9riel de son  \n\u00e0 destination d'un rassemblement festif musical non autoris\u00e9 ;\n\u2022 des arr\u00eat\u00e9s portant interdiction de stade  ;des attributions de subventions et conventions  \nengageant financi\u00e8rement l'\u00c9tat ;\n\u2022 des conventions avec l'\u00c9tat ;\n\u2022 des  arr\u00eat\u00e9s  et  tous  actes  et  d\u00e9cisions  concernant  les  soins  psychiatriques  sans \nconsentement ;\n\u2022 des arr\u00eat\u00e9s et tous actes et d\u00e9cisions concernant les mesures d'\u00e9loignement du territoire  \nfran\u00e7ais ainsi que le choix du pays de destination ; \n\u2022 des arr\u00eat\u00e9s portant immobilisation et/ou mise en fourri\u00e8re \u00e0 titre provisoire d'un v\u00e9hicule  \nainsi que les autorisations d\u00e9finitives de sortie de mise en fourri\u00e8re, sur l'ensemble du  \nd\u00e9partement ;\n\u2022 des lettres d'acceptation des d\u00e9missions des maires et des adjoints au maire ainsi que  \ncelles  des  pr\u00e9sidents  et  vice-pr\u00e9sidents  d'\u00e9tablissements  publics  de  coop\u00e9ration \nintercommunale.\nArticle  4:  Pour  les  exceptions  list\u00e9es  \u00e0  l'article  3,  la  d\u00e9l\u00e9gation,  en  cas  d'absence  ou \nd'emp\u00eachement de Madame Aur\u00e9lie CONTRECIVILE,  est donn\u00e9e \u00e0 Monsieur Denis BRUEL , \nSecr\u00e9taire g\u00e9n\u00e9ral de la pr\u00e9fecture de la C\u00f4te d'Or, Sous-pr\u00e9fet de Dijon.\nArticle  5     :    Pour  les  exceptions  list\u00e9es  \u00e0  l'article  3,  la  d\u00e9l\u00e9gation,  en  cas  d'absence  ou \nd'emp\u00eachement  concomitants  de  Madame  Aur\u00e9lie  CONTRECIVILE et  de  Monsieur  Denis \nBRUEL,  est  donn\u00e9e  \u00e0  Madame  Magalie  MALERBA,  Secr\u00e9taire  g\u00e9n\u00e9rale  adjointe  de  la \nPr\u00e9fecture de la C\u00f4te-d'Or.\nArticle 6: En cas d'absence ou d'emp\u00eachement de Madame CONTRECIVILE , la d\u00e9l\u00e9gation de  \nsignature qui lui est consentie pourra \u00e9galement \u00eatre exerc\u00e9e par Monsieur Denis BRUEL , \nSecr\u00e9taire g\u00e9n\u00e9ral de la pr\u00e9fecture de la C\u00f4te d'Or.\nArticle  7 :  En  cas  d'absence  ou  d'emp\u00eachement  concomitants  de  Madame  Aur\u00e9lie  \nCONTRECIVILE et de Monsieur Denis BRUEL, la pr\u00e9sente d\u00e9l\u00e9gation est donn\u00e9e \u00e0 Madame  \nMagalie MALERBA, Secr\u00e9taire g\u00e9n\u00e9rale adjointe de la Pr\u00e9fecture de la C\u00f4te-d'Or.\nArticle 5 : Le pr\u00e9sent arr\u00eat\u00e9 prendra effet le 16 juin 2025.\nArticle 6 : Le Secr\u00e9taire g\u00e9n\u00e9ral de la pr\u00e9fecture de la C\u00f4te d'Or, la Secr\u00e9taire g\u00e9n\u00e9rale adjointe \nde la Pr\u00e9fecture de la C\u00f4te-d'Or et la Directrice de cabinet sont charg\u00e9s, chacun pour ce qui le  \nconcerne, de l'ex\u00e9cution du pr\u00e9sent arr\u00eat\u00e9 qui sera publi\u00e9 au  recueil des actes administratifs de  \nla pr\u00e9fecture de la C\u00f4te-d'Or.                                           \nFait \u00e0 Dijon, le 13 juin 2025\nLe Pr\u00e9fet,\nsign\u00e9\nPaul MOURIER\n3/4\nPr\u00e9fecture de la C\u00f4te-d'Or - 21-2025-06-13-00003 - Arr\u00eat\u00e9 pr\u00e9fectoral n\u00b0 814 / SG du 13 juin 2025 donnant d\u00e9l\u00e9gation de signature \u00e0\nMadame Aur\u00e9lie CONTRECIVILE, Sous-pr\u00e9f\u00e8te, Directrice de cabinet du Pr\u00e9fet de la r\u00e9gion Bourogne-Franche-Comt\u00e9, Pr\u00e9fet  de la\nC\u00f4te-d'Or\n10\n4/4\nPr\u00e9fecture de la C\u00f4te-d'Or - 21-2025-06-13-00003 - Arr\u00eat\u00e9 pr\u00e9fectoral n\u00b0 814 / SG du 13 juin 2025 donnant d\u00e9l\u00e9gation de signature \u00e0\nMadame Aur\u00e9lie CONTRECIVILE, Sous-pr\u00e9f\u00e8te, Directrice de cabinet du Pr\u00e9fet de la r\u00e9gion Bourogne-Franche-Comt\u00e9, Pr\u00e9fet  de la\nC\u00f4te-d'Or\n11\nPr\u00e9fecture de la C\u00f4te-d'Or\nDirection de la coordination, des politiques\npubliques et de l'appui territorial\n21-2025-06-13-00005\nArr\u00eat\u00e9 pr\u00e9fectoral n\u00b0 815 / SG du 13 juin 2025\ndonnant d\u00e9l\u00e9gation de signature \u00e0 Monsieur\nBeno\u00eet BYRSKI, Sous-pr\u00e9fet de Beaune\nPr\u00e9fecture de la C\u00f4te-d'Or - 21-2025-06-13-00005 - Arr\u00eat\u00e9 pr\u00e9fectoral n\u00b0 815 / SG du 13 juin 2025 donnant d\u00e9l\u00e9gation de signature \u00e0\nMonsieur Beno\u00eet BYRSKI, Sous-pr\u00e9fet de Beaune 12\nExPREFETDE LACOTE-D'ORLibert\u00e9Egalit\u00e9Fraternit\u00e9\nArr\u00eat\u00e9 pr\u00e9fectoral n\u00b0  815  / SG du 13 juin 2025 \ndonnant d\u00e9l\u00e9gation de signature \u00e0 Monsieur Beno\u00eet BYRSKI,\nSous-pr\u00e9fet de Beaune\nLe Pr\u00e9fet de la C\u00f4te-d'Or\nVu la  loi  n\u00b0  82.213  du  2  mars  1982  modifi\u00e9e  relative  aux  droits  et  libert\u00e9s  des \ncommunes, des d\u00e9partements et des r\u00e9gions ;\nVu le  d\u00e9cret  n\u00b0  2004-374  du  29  avril  2004  relatif  aux  pouvoirs  des  pr\u00e9fets,  \u00e0 \nl'organisation et \u00e0 l'action des services de l'\u00c9tat dans les r\u00e9gions et d\u00e9partements,  \nmodifi\u00e9 par le d\u00e9cret n\u00b0 2010-146 du 16 f\u00e9vrier 2010 et par le d\u00e9cret n\u00b0 2010-687 du 24  \njuin 2010 ;\nVu le d\u00e9cret n\u00b0 2008-158 du 22 f\u00e9vrier 2008 relatif \u00e0 la suppl\u00e9ance des pr\u00e9fets de r\u00e9gion \net \u00e0 la d\u00e9l\u00e9gation de signature des pr\u00e9fets et hauts commissaires de la R\u00e9publique en  \nPolyn\u00e9sie fran\u00e7aise et en Nouvelle-Cal\u00e9donie ;\nVu le d\u00e9cret n\u00b0 2009-176 du 16 f\u00e9vrier 2009 modifiant le d\u00e9cret n\u00b0 64-805 du 29  juillet \n1964 fixant les dispositions r\u00e9glementaires applicables aux pr\u00e9fets et le d\u00e9cret n\u00b0 2004-\n374 du 29 avril 2004 relatif aux pouvoirs des pr\u00e9fets, \u00e0 l'organisation et \u00e0 l'action des  \nservices de l'\u00c9tat dans les r\u00e9gions et d\u00e9partements ;\nVu le d\u00e9cret du 10 octobre 2024 nommant Monsieur Paul MOURIER, pr\u00e9fet de la r\u00e9gion  \nBourgogne-Franche-Comt\u00e9, pr\u00e9fet de la C\u00f4te d'Or ;\nVu le d\u00e9cret du 6 juillet 2023, portant nomination de Monsieur Beno\u00eet BYRSKI, en  \nqualit\u00e9 de sous-pr\u00e9fet de Beaune ;\nVu le d\u00e9cret du 17 novembre 2023 portant nomination de Monsieur S\u00e9bastien LANOYE,  \nsous- pr\u00e9fet de Montbard ;\nVu le d\u00e9cret du 14 novembre 2024 portant nomination de Monsieur Denis BRUEL, en  \nqualit\u00e9 de secr\u00e9taire g\u00e9n\u00e9ral de la pr\u00e9fecture de la C\u00f4te-d'Or, sous-pr\u00e9fet de Dijon ;\nVu le d\u00e9cret du 6 mars 2025 portant nomination de Madame Aur\u00e9lie CONTRECIVILE,  \nen qualit\u00e9 de sous-pr\u00e9f\u00e8te, directrice de cabinet du pr\u00e9fet de la r\u00e9gion Bourgogne-\nFranche-Comt\u00e9, pr\u00e9fet de la C\u00f4te-d'Or ;\nVu le d\u00e9cret du 23 mai 2025 portant nomination de Madame Magalie MALERBA en  \nqualit\u00e9  secr\u00e9taire  g\u00e9n\u00e9rale  adjointe  de  la  pr\u00e9fecture  de  la  C\u00f4te  d'Or,  sous-pr\u00e9f\u00e8te \nPr\u00e9fecture de la C\u00f4te-d'Or - 21-2025-06-13-00005 - Arr\u00eat\u00e9 pr\u00e9fectoral n\u00b0 815 / SG du 13 juin 2025 donnant d\u00e9l\u00e9gation de signature \u00e0\nMonsieur Beno\u00eet BYRSKI, Sous-pr\u00e9fet de Beaune 13\ncharg\u00e9e de mission aupr\u00e8s du Pr\u00e9fet de la R\u00e9gion Bourgogne-Franche-Comt\u00e9, Pr\u00e9fet  \nde la C\u00f4te-d'Or ;\nVu l'arr\u00eat\u00e9  pr\u00e9fectoral  n\u00b0  445/SG  du  17  mars  2025  2024  donnant  d\u00e9l\u00e9gation  de \nsignature \u00e0 Monsieur Beno\u00eet BYRSKI, Sous-pr\u00e9fet de Beaune ;\nSur proposition de Monsieur le Secr\u00e9taire g\u00e9n\u00e9ral de la pr\u00e9fecture de la C\u00f4te-d'Or ;\nARR\u00caTE\nArticle 1  er   : L'arr\u00eat\u00e9 pr\u00e9fectoral n\u00b0 445/SG du 17 mars 2025 donnant d\u00e9l\u00e9gation de  \nsignature  \u00e0  Monsieur  Beno\u00eet  BYRSKI,  Sous-pr\u00e9fet  de  Beaune,  ainsi  que  toutes \ndispositions ant\u00e9rieures contraires aux pr\u00e9sents arr\u00eat\u00e9s sont abrog\u00e9s \u00e0 compter du 16  \njuin 2025 .\nArticle 2 : D\u00e9l\u00e9gation de signature est donn\u00e9e \u00e0 Monsieur Beno\u00eet BYRSKI, Sous-pr\u00e9fet \nde  Beaune,  \u00e0  l'effet  de  signer  les  d\u00e9cisions  suivantes  dans  le  ressort  de  \nl'arrondissement de Beaune :\nPOLICE G\u00c9N\u00c9RALE :\n1. octroi du concours de la force publique pour l'ex\u00e9cution des jugements d'expulsion des  \nlocataires ;\n2. indemnisation en responsabilit\u00e9 de l'\u00c9tat en cas de refus d'octroi du concours de la  \nforce publique pour l'ex\u00e9cution des jugements d'expulsion ;\n3. r\u00e9quisitions de logements ;\n4. toute autorisation relative \u00e0 la police des caf\u00e9s, d\u00e9bits de boissons, bals, spectacles et  \nautres lieux publics exc\u00e9dant la comp\u00e9tence des autorit\u00e9s municipales ;\n5. fermeture administrative des d\u00e9bits de boissons pour une dur\u00e9e n'exc\u00e9dant pas trois  \nmois ;\n6. d\u00e9cisions relatives au transfert de licences de d\u00e9bit de boissons ;\n7. r\u00e9c\u00e9piss\u00e9s de brocanteurs, colporteurs, revendeurs d'objets mobiliers ;\n8. r\u00e9c\u00e9piss\u00e9s de d\u00e9claration et autorisations des courses p\u00e9destres, cyclistes, hippiques  \net  manifestations  nautiques  se  d\u00e9roulant  exclusivement  sur  le  territoire  de  \nl'arrondissement,  et  manifestations  de  v\u00e9hicules  \u00e0  moteurs  sur  voie  ouverte  \u00e0  la \ncirculation  ou  sur  circuits  homologu\u00e9s  ou  non,  et  homologation  des  circuits  pour \nv\u00e9hicules \u00e0 moteur ;\n9. autorisations d'utilisation temporaire des locaux scolaires ;\n10.reconnaissance de l'aptitude technique des gardes particuliers ;\n11.agr\u00e9ment  et  retrait  d'agr\u00e9ment  des  gardes  particuliers,  gardes-chasse  et  gardes-\np\u00eache, et d\u00e9livrance des cartes d'agr\u00e9ment ;\n12.installation et prestation de serment des fonctionnaires de l'\u00c9tat ;\n13.nomination des commissaires-enqu\u00eateurs et ouverture des enqu\u00eates de commodo et  \nincommodo : tous actes de proc\u00e9dure ;\n2/7\nPr\u00e9fecture de la C\u00f4te-d'Or - 21-2025-06-13-00005 - Arr\u00eat\u00e9 pr\u00e9fectoral n\u00b0 815 / SG du 13 juin 2025 donnant d\u00e9l\u00e9gation de signature \u00e0\nMonsieur Beno\u00eet BYRSKI, Sous-pr\u00e9fet de Beaune 14\n14.autorisations de versement d'indemnit\u00e9s aux fonctionnaires de l'\u00c9tat pour les services  \nrendus aux communes et \u00e9tablissements publics communaux ou intercommunaux,  \ndans la limite r\u00e9glementaire ;\n15.autorisations de poursuite par voie de vente ;\n16.arr\u00eat\u00e9s modifiant les heures de scrutin pour les \u00e9lections aux Chambres Consulaires et \n\u00e0 la Mutualit\u00e9 Sociale Agricole ;\n17.arr\u00eat\u00e9s d'occupation temporaire et de p\u00e9n\u00e9tration sur les propri\u00e9t\u00e9s priv\u00e9es en vue de  \nla r\u00e9alisation de travaux publics ;\n18.en mati\u00e8re de l\u00e9gislation fun\u00e9raire :\n\u2022 arr\u00eat\u00e9s d'inhumation et de cr\u00e9mation hors des d\u00e9lais l\u00e9gaux,\n\u2022 arr\u00eat\u00e9s d'inhumation en terrain priv\u00e9,\n\u2022 arr\u00eat\u00e9s de transport de corps hors du territoire national,\n\u2022 arr\u00eat\u00e9s de transport d'urne cin\u00e9raire hors du territoire national,\n\u2022 habilitation des entreprises de pompes fun\u00e8bres ;\n19.d\u00e9cisions  de  la  commission  de  s\u00e9curit\u00e9  et  d'accessibilit\u00e9  de  l'arrondissement,  y \ncompris les d\u00e9cisions de la sous-commission de s\u00e9curit\u00e9 et d'accessibilit\u00e9 ;\n20.arr\u00eat\u00e9s pr\u00e9fectoraux de d\u00e9rogation aux r\u00e8gles de s\u00e9curit\u00e9 et d'accessibilit\u00e9 concernant  \nles \u00e9tablissements recevant du public ;\n21.arr\u00eat\u00e9s portant rattachement d'une personne sans r\u00e9sidence ni domicile fixe \u00e0 une  \ncommune de l'arrondissement ;\n22.r\u00e9c\u00e9piss\u00e9s de d\u00e9claration de manifestations sur la voie publique ;\nADMINISTRATION LOCALE :\n1. acceptation des d\u00e9missions d'adjoint au maire ;\n2. lettres d'observation aux collectivit\u00e9s dans le cadre du contr\u00f4le des actes et du  \ncontr\u00f4le budg\u00e9taire ;\n3. cr\u00e9ation,  modification  et  dissolution  des  associations  syndicales  libres  et  des \nassociations fonci\u00e8res urbaines libres ;\n4. cr\u00e9ation,  contr\u00f4le,  modification,  dissolution,  union  et  fusion  des  associations \nsyndicales autoris\u00e9es ;\n5. cr\u00e9ation, contr\u00f4le, modification, dissolution des associations fonci\u00e8res urbaines  \nautoris\u00e9es  et  transformation  des  associations  fonci\u00e8res  de  remembrement  en \nassociations syndicales autoris\u00e9es ;\n6. cr\u00e9ation,  modification  et  dissolution  des  syndicats  intercommunaux,  des  \ncommunaut\u00e9s de communes et des syndicats mixtes de 1 \u00e8re ou 2 \u00e8me cat\u00e9gorie  \nlorsque tous les membres et le si\u00e8ge sont dans l'arrondissement ;\n7. demande au maire de r\u00e9unir le conseil municipal avec possibilit\u00e9 d'abr\u00e9ger le d\u00e9lai  \nen cas d'urgence (article L.2121.9 du code g\u00e9n\u00e9ral des collectivit\u00e9s territoriales) ;\n8. demande d'avis du conseil municipal pr\u00e9vu par l'article L.2121.29 du code g\u00e9n\u00e9ral  \ndes collectivit\u00e9s territoriales ;\n3/7\nPr\u00e9fecture de la C\u00f4te-d'Or - 21-2025-06-13-00005 - Arr\u00eat\u00e9 pr\u00e9fectoral n\u00b0 815 / SG du 13 juin 2025 donnant d\u00e9l\u00e9gation de signature \u00e0\nMonsieur Beno\u00eet BYRSKI, Sous-pr\u00e9fet de Beaune 15\n9. convocation  des  \u00e9lecteurs  pour  toute  \u00e9lection  municipale  compl\u00e9mentaire  (et \nnotamment en application de l'article L.258 du code \u00e9lectoral) ;\n10. r\u00e9ception des candidatures et d\u00e9livrance des re\u00e7us de d\u00e9p\u00f4t et des r\u00e9c\u00e9piss\u00e9s  \nd\u00e9finitifs  de  d\u00e9clarations  de  candidatures  pour  les  \u00e9lections  municipales  \ncompl\u00e9mentaires dans les communes de l'arrondissement de Beaune ;\n11. d\u00e9signation  des  membres  des  commissions  de  contr\u00f4le  des  listes  \u00e9lectorales \ninstitu\u00e9es dans les communes de l'arrondissement de Beaune ;\n12. substitution au maire dans les cas pr\u00e9vus par les articles L.2122.34, L.2213.17, et  \nL.2215.1 du code g\u00e9n\u00e9ral des collectivit\u00e9s territoriales  ;convocation des \u00e9lecteurs  \npour  la  d\u00e9signation  des  commissions  syndicales,  fixation  de  la  dur\u00e9e  de  la \ncommission, consultation de la commission et consultation du conseil municipal ;\n13. approbation des d\u00e9lib\u00e9rations des conseils municipaux pr\u00e9vue \u00e0 l'article L.2544.4  \ndu code g\u00e9n\u00e9ral des collectivit\u00e9s territoriales (section de commune poss\u00e9dant un  \npatrimoine s\u00e9par\u00e9) ;\n14. en mati\u00e8re de sections de commune :\n\u2022 arr\u00eat\u00e9s  pronon\u00e7ant  le  transfert  des  biens  d'une  section  de  commune  \u00e0  la \ncommune (article L.2411.11 du code g\u00e9n\u00e9ral des collectivit\u00e9s territoriales) ;\n\u2022 convocation  des  \u00e9lecteurs  dans  le  cas  pr\u00e9vu  \u00e0  l'article  L.2411.9  du  code \ng\u00e9n\u00e9ral des collectivit\u00e9s territoriales ;\n15. en mati\u00e8re de biens indivis :\n\u2022 constitution des commissions syndicales en l'absence de d\u00e9cision des conseils \nmunicipaux  concern\u00e9s  et  arr\u00eat\u00e9  constitutif  en  cas  d'accord  des  conseils \nmunicipaux (articles L.5222.1 du code g\u00e9n\u00e9ral des collectivit\u00e9s territoriales) ;\n\u2022 r\u00e9partition des exc\u00e9dents en cas de d\u00e9saccord ou si les conseils municipaux  \nn'ont pas d\u00e9lib\u00e9r\u00e9 dans les d\u00e9lais prescrits (article L.5222.2 du code g\u00e9n\u00e9ral  \ndes collectivit\u00e9s territoriales) ;\n16. approbation des d\u00e9lib\u00e9rations, budgets et march\u00e9s des associations fonci\u00e8res de  \nremembrement,  des  associations  syndicales  autoris\u00e9es  et  des  associations \nfonci\u00e8res urbaines autoris\u00e9es ;\n17. r\u00f4les dress\u00e9s pour le recouvrement des taxes ou cotisations par les associations  \nfonci\u00e8res de remembrement ;\n18. \u00e9tats  annuels  de  notification  des  taux  d'imposition  des  quatre  taxes  directes \nlocales (\u00e9tats nos 1253 et 1259 MI) ;\n19. cr\u00e9ation d'office des cimeti\u00e8res dans les cas pr\u00e9vus par la loi ;\n20. prescription des enqu\u00eates pr\u00e9alables \u00e0 la modification des limites territoriales des  \ncommunes  pr\u00e9vues  \u00e0  l'article  L.2112.2  du  code  g\u00e9n\u00e9ral  des  collectivit\u00e9s \nterritoriales ;\n21. arr\u00eat\u00e9s portant modification des limites territoriales des communes situ\u00e9es dans  \nl'arrondissement, dans le cas o\u00f9 les limites cantonales ou d\u00e9partementales ne sont \npas modifi\u00e9es ;\n22. institution de la commission syndicale pr\u00e9vue \u00e0 l'article L.2112.3 du code g\u00e9n\u00e9ral  \ndes collectivit\u00e9s territoriales, dans les conditions d\u00e9finies \u00e0 l'article R.151.6 du code \ndes communes ;\n4/7\nPr\u00e9fecture de la C\u00f4te-d'Or - 21-2025-06-13-00005 - Arr\u00eat\u00e9 pr\u00e9fectoral n\u00b0 815 / SG du 13 juin 2025 donnant d\u00e9l\u00e9gation de signature \u00e0\nMonsieur Beno\u00eet BYRSKI, Sous-pr\u00e9fet de Beaune 16\n23. d\u00e9signation du d\u00e9l\u00e9gu\u00e9 de l'administration au sein des commissions communales  \ncharg\u00e9es de r\u00e9viser la liste \u00e9lectorale composant le coll\u00e8ge d\u00e9partemental des  \npropri\u00e9taires forestiers ;\n24. contr\u00f4le de l\u00e9galit\u00e9 des actes des soci\u00e9t\u00e9s d'\u00e9conomie mixte dont le si\u00e8ge est  \nsitu\u00e9 dans l'arrondissement ;\n25. d\u00e9cisions d'agr\u00e9ment des agents de police municipale (article 7 de la loi n\u00b0 99-291  \ndu 15 avril 1999) et cartes professionnelles correspondantes ;\n26. arr\u00eat\u00e9s  de  paiement  FCTVA et  leur  notification  et  validation  \u00e9lectronique  des \narr\u00eat\u00e9s d'attribution du Fonds de compensation pour la TVA ;\n27. convention entre le repr\u00e9sentant de l'\u00c9tat et les b\u00e9n\u00e9ficiaires du fonds, s'agissant  \nde l'application du dispositif du plan de relance de l'\u00e9conomie relatif au FCTVA ;\n28. arr\u00eat\u00e9s  constatant  que  les  collectivit\u00e9s  b\u00e9n\u00e9ficiaires  du  fonds,  s'agissant  de \nl'application du dispositif du plan de relance de l'\u00e9conomie relatif au FCTVA, ont ou \nn'ont pas respect\u00e9 leurs engagements ;\n29. d\u00e9rogations scolaires  : arbitrage en mati\u00e8re de participation financi\u00e8re entre les  \ncollectivit\u00e9s de r\u00e9sidence et de scolarisation\n30. Signature  des  conventions  relatives  \u00e0  l'exp\u00e9rimentation  du  Compte  Financier \nUnique.\nArticle  3 : D\u00e9l\u00e9gation  est  donn\u00e9e  \u00e0  Monsieur  Laurent  BOILL\u00c9E,  attach\u00e9  \nd'administration  de  l'\u00c9tat  hors  classe,  secr\u00e9taire  g\u00e9n\u00e9ral  de  la  sous-pr\u00e9fecture  de \nBeaune,  \u00e0  l'effet  de  signer  dans  le  ressort  de  l'arrondissement  de  Beaune  les \ndocuments suivants :\n1. d\u00e9cisions de la commission de s\u00e9curit\u00e9 et d'accessibilit\u00e9 de l'arrondissement, y  \ncompris les d\u00e9cisions de la sous-commission de s\u00e9curit\u00e9 et d'accessibilit\u00e9 ;\n2. arr\u00eat\u00e9s  pr\u00e9fectoraux  de  d\u00e9rogation  aux  r\u00e8gles  de  s\u00e9curit\u00e9  et  d'accessibilit\u00e9 \nconcernant les \u00e9tablissements recevant du public ;\n3. r\u00f4les dress\u00e9s pour le recouvrement des taxes ou cotisations par les associations  \nfonci\u00e8res de remembrement ou par les associations syndicales autoris\u00e9es ;\n4. \u00e9tats annuels de notification des taux d'imposition des quatre taxes directes locales  \n(\u00e9tats nos 1253 et 1259 MI) ;\n5. r\u00e9c\u00e9piss\u00e9s de brocanteurs, de colporteurs, revendeurs d'objets mobiliers ;\n6. en mati\u00e8re de l\u00e9gislation fun\u00e9raire :\n\u2022 arr\u00eat\u00e9s d'inhumation et de cr\u00e9mation hors des d\u00e9lais l\u00e9gaux,\n\u2022 arr\u00eat\u00e9s d'inhumation en terrain priv\u00e9,\n5/7\nPr\u00e9fecture de la C\u00f4te-d'Or - 21-2025-06-13-00005 - Arr\u00eat\u00e9 pr\u00e9fectoral n\u00b0 815 / SG du 13 juin 2025 donnant d\u00e9l\u00e9gation de signature \u00e0\nMonsieur Beno\u00eet BYRSKI, Sous-pr\u00e9fet de Beaune 17\n\u2022 arr\u00eat\u00e9s de transport de corps hors du territoire national,\n\u2022 arr\u00eat\u00e9s de transport d'urne cin\u00e9raire hors du territoire national,\n\u2022 habilitation des entreprises de pompes fun\u00e8bres ;\n7. r\u00e9c\u00e9piss\u00e9s  de  d\u00e9claration  et  autorisations  des  courses  p\u00e9destres,  cyclistes  et \nhippiques et manifestations nautiques se d\u00e9roulant exclusivement sur le territoire de  \nl'arrondissement  et  manifestations  de  v\u00e9hicules  moteurs  sur  voie  ouverte  \u00e0  la \ncirculation  ou  sur  circuit  homologu\u00e9  ou  non,  et  homologation  des  circuits  pour \nv\u00e9hicules \u00e0 moteur ;\n8. reconnaissance de l'aptitude technique des gardes particuliers ;\n9. agr\u00e9ment et retrait d'agr\u00e9ment des gardes particuliers, gardes-chasse et gardes-\np\u00eache, et d\u00e9livrance des cartes d'agr\u00e9ment ;\n10. d\u00e9cisions d'agr\u00e9ment des agents de police municipale et cartes professionnelles  \ncorrespondantes ;\n11. installation et prestation de serment des fonctionnaires de l'\u00c9tat ;\n12. arr\u00eat\u00e9s portant rattachement d'une personne sans r\u00e9sidence ni domicile fixe \u00e0 une  \ncommune de l'arrondissement ;\n13. tout document et correspondance administratifs non opposables aux tiers, visa des  \nr\u00f4les dress\u00e9s pour le recouvrement des taxes ou cotisations par les associations  \nfonci\u00e8res de remembrement ou par les associations syndicales autoris\u00e9es ;\n14. arr\u00eat\u00e9s de paiement FCTVA et leur notification   et  validation \u00e9lectronique des  \narr\u00eat\u00e9s d'attribution du Fonds de compensation pour la TVA ;\n15. convention entre le repr\u00e9sentant de l'\u00c9tat et les b\u00e9n\u00e9ficiaires du fonds, s'agissant  \nde l'application du dispositif du plan de relance de l'\u00e9conomie relatif au FCTVA ;\n16. arr\u00eat\u00e9s  constatant  que  les  collectivit\u00e9s  b\u00e9n\u00e9ficiaires  du  fonds,  s'agissant  de \nl'application du dispositif du plan de relance de l'\u00e9conomie relatif au FCTVA, ont ou  \nn'ont pas respect\u00e9 leurs engagements ;\n17. convocation  des  \u00e9lecteurs  pour  toute  \u00e9lection  municipale  compl\u00e9mentaire  (et \nnotamment en application de l'article L.258 du code \u00e9lectoral) ;\n18. r\u00e9ception des candidatures et d\u00e9livrance des re\u00e7us de d\u00e9p\u00f4t et des r\u00e9c\u00e9piss\u00e9s  \nd\u00e9finitifs  de  d\u00e9clarations  de  candidatures  pour  les  \u00e9lections  municipales  \ncompl\u00e9mentaires dans les communes de l'arrondissement de Beaune ;\n19. attestation pr\u00e9fectorale de d\u00e9livrance initiale d'un permis de chasser\n6/7\nPr\u00e9fecture de la C\u00f4te-d'Or - 21-2025-06-13-00005 - Arr\u00eat\u00e9 pr\u00e9fectoral n\u00b0 815 / SG du 13 juin 2025 donnant d\u00e9l\u00e9gation de signature \u00e0\nMonsieur Beno\u00eet BYRSKI, Sous-pr\u00e9fet de Beaune 18\nArticle 4 : En cas d'absence ou d'emp\u00eachement de M. Laurent BOILL\u00c9E, la d\u00e9l\u00e9gation \nqui lui est consentie par l'article 3, sera exerc\u00e9e par Madame La\u00efla BENJDIR, attach\u00e9e,  \nadjointe au secr\u00e9taire g\u00e9n\u00e9ral.\nArticle 5 : En cas d'absence ou d'emp\u00eachement de Monsieur  Laurent BOILL\u00c9E et de  \nMadame  La\u00efla  BENJDIR,  la  d\u00e9l\u00e9gation  consentie  par  l'article  3  sera  exerc\u00e9e  par \nMadame C\u00e9cile RAVRY, secr\u00e9taire administrative de classe exceptionnelle, cheffe du  \np\u00f4le \u00ab s\u00e9curit\u00e9 et r\u00e9glementation \u00bb.\nArticle 6 : En cas d'absence ou d'emp\u00eachement de  Monsieur BYRSKI , Sous-pr\u00e9fet de  \nl'arrondissement  de  Beaune,  et  notamment  pendant  ses  cong\u00e9s,  la  d\u00e9l\u00e9gation  de \nsignature qui lui est consentie par l'article 2 du pr\u00e9sent arr\u00eat\u00e9 pourra \u00eatre exerc\u00e9e par  \nMonsieur Denis BRUEL, Secr\u00e9taire g\u00e9n\u00e9ral de la pr\u00e9fecture de la C\u00f4te-d'Or  et, en cas  \nd'emp\u00eachement de ce dernier, par  Madame Magalie MALERBA  Secr\u00e9taire g\u00e9n\u00e9rale  \nadjointe de la pr\u00e9fecture de la C\u00f4te-d'Or  ou par Monsieur S\u00e9bastien LANOYE, Sous-\npr\u00e9fet de l'arrondissement de Montbard.\nArticle 7 : Le pr\u00e9sent arr\u00eat\u00e9 prendra effet le lundi 16 juin 2025.\nArticle 8 : Le Secr\u00e9taire g\u00e9n\u00e9ral de la pr\u00e9fecture de la C\u00f4te-d'Or, la Secr\u00e9taire g\u00e9n\u00e9rale \nadjointe de la pr\u00e9fecture de la C\u00f4te-d'Or le Sous-pr\u00e9fet de Beaune, le Sous-pr\u00e9fet de  \nMontbard,  le  secr\u00e9taire  g\u00e9n\u00e9ral  de  la  sous-pr\u00e9fecture  de  Beaune  et  les  agents \nb\u00e9n\u00e9ficiaires de la d\u00e9l\u00e9gation de signature sont charg\u00e9s, chacun en ce qui le concerne  \nde l'ex\u00e9cution du pr\u00e9sent arr\u00eat\u00e9 qui sera publi\u00e9 au recueil des actes administratifs de la  \npr\u00e9fecture de la C\u00f4te-d'Or.\nFait \u00e0 Dijon, le 13 JUIN 2025\nLe pr\u00e9fet,\nsign\u00e9\n   Paul MOURIER\n7/7\nPr\u00e9fecture de la C\u00f4te-d'Or - 21-2025-06-13-00005 - Arr\u00eat\u00e9 pr\u00e9fectoral n\u00b0 815 / SG du 13 juin 2025 donnant d\u00e9l\u00e9gation de signature \u00e0\nMonsieur Beno\u00eet BYRSKI, Sous-pr\u00e9fet de Beaune 19\nPr\u00e9fecture de la C\u00f4te-d'Or\nDirection de la coordination, des politiques\npubliques et de l'appui territorial\n21-2025-06-13-00004\nArr\u00eat\u00e9 pr\u00e9fectoral n\u00b0 817 / SG du 13 juin 2025\ndonnant d\u00e9l\u00e9gation de signature \u00e0 Monsieur\nS\u00e9bastien LANOYE, Sous-pr\u00e9fet de Montbard\nPr\u00e9fecture de la C\u00f4te-d'Or - 21-2025-06-13-00004 - Arr\u00eat\u00e9 pr\u00e9fectoral n\u00b0 817 / SG du 13 juin 2025 donnant d\u00e9l\u00e9gation de signature \u00e0\nMonsieur S\u00e9bastien LANOYE, Sous-pr\u00e9fet de Montbard 20\nExPREFETDE LACOTE-D'ORLibert\u00e9Egalit\u00e9Fraternit\u00e9\nArr\u00eat\u00e9 pr\u00e9fectoral n\u00b0  817 / SG du 13 juin 2025\ndonnant d\u00e9l\u00e9gation de signature \u00e0 Monsieur S\u00e9bastien LANOYE,\nSous-pr\u00e9fet de Montbard\nLe Pr\u00e9fet de la C\u00f4te-d'Or\nVu la  loi  n\u00b0  82.213  du  2  mars  1982  modifi\u00e9e  relative  aux  droits  et  libert\u00e9s  des \ncommunes, des d\u00e9partements et des r\u00e9gions ;\nVu le  d\u00e9cret  n\u00b0  2004-374  du  29  avril  2004  relatif  aux  pouvoirs  des  Pr\u00e9fets,  \u00e0 \nl'organisation et \u00e0 l'action des services de l'\u00c9tat dans les r\u00e9gions et d\u00e9partements,  \nmodifi\u00e9 par le d\u00e9cret n\u00b0 2010-146 du 16 f\u00e9vrier 2010 et par le d\u00e9cret n\u00b0 2010-687 du 24  \njuin 2010 ;\nVu le d\u00e9cret n\u00b0 2008-158 du 22 f\u00e9vrier 2008 relatif \u00e0 la suppl\u00e9ance des Pr\u00e9fets de  \nr\u00e9gion  et  \u00e0  la  d\u00e9l\u00e9gation  de  signature  des  pr\u00e9fets  et  hauts  commissaires  de  la \nR\u00e9publique en Polyn\u00e9sie fran\u00e7aise et en Nouvelle-Cal\u00e9donie ;\nVu le d\u00e9cret n\u00b0 2009-176 du 16 f\u00e9vrier 2009 modifiant le d\u00e9cret n\u00b0 64-805 du 29  juillet \n1964 fixant les dispositions r\u00e9glementaires applicables aux pr\u00e9fets et le d\u00e9cret n\u00b0 2004-\n374 du 29 avril 2004 relatif aux pouvoirs des pr\u00e9fets, \u00e0 l'organisation et \u00e0 l'action des  \nservices de l'\u00c9tat dans les r\u00e9gions et d\u00e9partements ;\nVu le d\u00e9cret du 10 octobre 2024 nommant Monsieur Paul MOURIER, Pr\u00e9fet de la  \nR\u00e9gion Bourgogne-Franche-Comt\u00e9, Pr\u00e9fet de la C\u00f4te d'Or;\nVu le d\u00e9cret du 6 juillet 2023, portant nomination de Monsieur Beno\u00eet BYRSKI, en  \nqualit\u00e9 de Sous-pr\u00e9fet de Beaune ;\nVu le d\u00e9cret du 17 novembre 2023 portant nomination de Monsieur S\u00e9bastien LANOYE,  \nSous- pr\u00e9fet de Montbard ;\nVu le d\u00e9cret du 14 novembre 2024 portant nomination de Monsieur Denis BRUEL en  \nqualit\u00e9 de Secr\u00e9taire g\u00e9n\u00e9ral de la pr\u00e9fecture de la C\u00f4te-d'Or, Sous-pr\u00e9fet de Dijon  \n(groupe II) ;\nVu le d\u00e9cret du 6 mars 2025 portant nomination de Madame Aur\u00e9lie CONTRECIVILE,  \nen qualit\u00e9 de Sous-pr\u00e9f\u00e8te, Directrice de cabinet du Pr\u00e9fet de la R\u00e9gion Bourgogne-\nFranche-Comt\u00e9, Pr\u00e9fet de la C\u00f4te-d'Or ;\nVu le d\u00e9cret du 23 mai 2025 portant nomination de Madame Magalie MALERBA en  \nqualit\u00e9  secr\u00e9taire  g\u00e9n\u00e9rale  adjointe  de  la  pr\u00e9fecture  de  la  C\u00f4te  d'Or,  sous-pr\u00e9f\u00e8te \nPr\u00e9fecture de la C\u00f4te-d'Or - 21-2025-06-13-00004 - Arr\u00eat\u00e9 pr\u00e9fectoral n\u00b0 817 / SG du 13 juin 2025 donnant d\u00e9l\u00e9gation de signature \u00e0\nMonsieur S\u00e9bastien LANOYE, Sous-pr\u00e9fet de Montbard 21\ncharg\u00e9e de mission aupr\u00e8s du Pr\u00e9fet de la R\u00e9gion Bourgogne-Franche-Comt\u00e9, Pr\u00e9fet  \nde la C\u00f4te-d'Or ;\nVu l'arr\u00eat\u00e9 pr\u00e9fectoral  n\u00b0 446/SG du 17 mars 2025  donnant d\u00e9l\u00e9gation de signature \u00e0  \nMonsieur S\u00e9bastien LANOYE , sous-pr\u00e9fet de Montbard ;\nSur proposition de Monsieur le secr\u00e9taire g\u00e9n\u00e9ral de la pr\u00e9fecture de la C\u00f4te-d'Or ;\nARR\u00caTE\nArticle 1  er   : L'arr\u00eat\u00e9  pr\u00e9fectoral n\u00b0 446/SG du 17 mars 2025  donnant d\u00e9l\u00e9gation de  \nsignature \u00e0  donnant d\u00e9l\u00e9gation de signature \u00e0 Monsieur S\u00e9bastien LANOYE  , Sous-\npr\u00e9fet de Montbard , et toutes dispositions ant\u00e9rieures contraires au pr\u00e9sent arr\u00eat\u00e9 sont  \nabrog\u00e9s \u00e0 compter du 16 juin 2025.\nArticle 2 : D\u00e9l\u00e9gation de signature est donn\u00e9e \u00e0 Monsieur S\u00e9bastien LANOYE,  Sous-\npr\u00e9fet  de  Montbard,  \u00e0  l'effet  de  signer  les  d\u00e9cisions  suivantes  dans  le  ressort  de \nl'arrondissement de Montbard :\nPOLICE G\u00c9N\u00c9RALE :\n1. Octroi du concours de la force publique pour l'ex\u00e9cution des jugements d'expulsion \ndes locataires ;\n2. indemnisation en responsabilit\u00e9 de l'\u00c9tat en cas de refus d'octroi du concours de la \nforce publique pour l'ex\u00e9cution des jugements d'expulsion ;\n3. r\u00e9quisitions de logements ;\n4. toute  autorisation  relative  \u00e0  la  police  des  caf\u00e9s,  d\u00e9bits  de  boissons,  bals, \nspectacles  et  autres  lieux  publics  exc\u00e9dant  la  comp\u00e9tence  des  autorit\u00e9s \nmunicipales ;\n5. fermeture administrative des d\u00e9bits de boissons pour une dur\u00e9e n'exc\u00e9dant pas trois  \nmois ;\n6. d\u00e9cisions relatives au transfert de licences de d\u00e9bit de boissons ;\n7. arr\u00eat\u00e9s portant autorisation de loteries et tombolas dont le capital d'\u00e9mission est  \ninf\u00e9rieur ou \u00e9gal \u00e0 7 622 euros ;\n8. d\u00e9livrance des r\u00e9c\u00e9piss\u00e9s de liquidations (article L. 310-1 du code du commerce et  \nd\u00e9cret  n \u00b0 2005-39  du  18  janvier  2005  modifiant  le  d\u00e9cret  n\u00b0  96-1097  du  16 \nd\u00e9cembre 1996) ;\n9. r\u00e9c\u00e9piss\u00e9s de brocanteurs, colporteurs, revendeurs d'objets mobiliers ;\n10. r\u00e9c\u00e9piss\u00e9s de loteries instantan\u00e9es de la Fran\u00e7aise des Jeux ;\n11. autorisations de haut-parleurs mobiles sur la voie publique ;\n12. autorisations des courses p\u00e9destres, cyclistes et hippiques (en cas de courses se  \nd\u00e9roulant sur plusieurs arrondissements, l'arrondissement de d\u00e9part g\u00e8re la totalit\u00e9 \nde  la  course)  et  manifestations  de  v\u00e9hicules  moteurs  sur  voie  ouverte  \u00e0  la \n2/7\nPr\u00e9fecture de la C\u00f4te-d'Or - 21-2025-06-13-00004 - Arr\u00eat\u00e9 pr\u00e9fectoral n\u00b0 817 / SG du 13 juin 2025 donnant d\u00e9l\u00e9gation de signature \u00e0\nMonsieur S\u00e9bastien LANOYE, Sous-pr\u00e9fet de Montbard 22\ncirculation ou sur circuits homologu\u00e9s ou non  ; l'homologation des circuits pour les  \nmanifestations de v\u00e9hicule \u00e0 moteur et les manifestations nautiques ;\n13. autorisations d'utilisation temporaire des locaux scolaires ;\n14. reconnaissance de l'aptitude technique des gardes particuliers ;\n15. agr\u00e9ment et retrait d'agr\u00e9ment des gardes particuliers, gardes-chasse et gardes-\np\u00eache, et d\u00e9livrance des cartes d'agr\u00e9ment ;\n16. installation et prestation de serment des fonctionnaires de l'\u00c9tat ;\n17. nomination des commissaires-enqu\u00eateurs et ouverture des enqu\u00eates de commodo  \net incommodo : tous actes de proc\u00e9dure ;\n18. autorisations  de  versement  d'indemnit\u00e9s  aux  fonctionnaires  de  l'\u00c9tat  pour  les \nservices  rendus  aux  communes  et  \u00e9tablissements  publics  communaux  ou \nintercommunaux, dans la limite r\u00e9glementaire ;\n19. autorisations de poursuite par voie de vente ;\n20. arr\u00eat\u00e9s  modifiant  les  heures  de  scrutin  pour  les  \u00e9lections  aux  Chambres \nConsulaires et \u00e0 la Mutualit\u00e9 Sociale Agricole ;\n21. arr\u00eat\u00e9s d'occupation temporaire et de p\u00e9n\u00e9tration sur les propri\u00e9t\u00e9s priv\u00e9es en vue  \nde la r\u00e9alisation de travaux publics ;\n22. en mati\u00e8re de l\u00e9gislation fun\u00e9raire :\n\u2022 arr\u00eat\u00e9s d'inhumation et de cr\u00e9mation hors des d\u00e9lais l\u00e9gaux\n\u2022 arr\u00eat\u00e9s d'inhumation en terrain priv\u00e9,\n\u2022 arr\u00eat\u00e9s de transport de corps hors du territoire national,\n\u2022 arr\u00eat\u00e9s de transport d'urne cin\u00e9raire hors du territoire national,\n\u2022 habilitation des entreprises de pompes fun\u00e8bres ;\n23. d\u00e9cisions de la commission de s\u00e9curit\u00e9 et d'accessibilit\u00e9 de l'arrondissement, y  \ncompris les d\u00e9cisions de la sous-commission de s\u00e9curit\u00e9 et d'accessibilit\u00e9 ;\n24. arr\u00eat\u00e9s  pr\u00e9fectoraux  de  d\u00e9rogation  aux  r\u00e8gles  de  s\u00e9curit\u00e9  et  d'accessibilit\u00e9 \nconcernant les \u00e9tablissements recevant du public ;\n25. arr\u00eat\u00e9s portant rattachement d'une personne sans r\u00e9sidence ni domicile fixe \u00e0 une  \ncommune de l'arrondissement ;\n26. arr\u00eat\u00e9s autorisant l'installation ou l'extension de syst\u00e8mes de vid\u00e9o-protection.\nADMINISTRATION LOCALE (Dans le ressort de l'arrondissement de Montbard) :\n1. Acceptation des d\u00e9missions d'adjoint ;\n2. lettres d'observation aux collectivit\u00e9s locales et aux EPCI dans le cadre du contr\u00f4le \ndes actes et du contr\u00f4le budg\u00e9taire ;\n3. cr\u00e9ation,  modification  et  dissolution  des  associations  syndicales  libres  et  des \nassociations fonci\u00e8res urbaines libres ;\n4. cr\u00e9ation,  contr\u00f4le,  modification,  dissolution,  union  et  fusion  des  associations \nsyndicales autoris\u00e9es ;\n5. cr\u00e9ation, contr\u00f4le, modification, dissolution des associations fonci\u00e8res urbaines  \nautoris\u00e9es  et  transformation  des  associations  fonci\u00e8res  de  remembrement  en \nassociations syndicales autoris\u00e9es ;\n3/7\nPr\u00e9fecture de la C\u00f4te-d'Or - 21-2025-06-13-00004 - Arr\u00eat\u00e9 pr\u00e9fectoral n\u00b0 817 / SG du 13 juin 2025 donnant d\u00e9l\u00e9gation de signature \u00e0\nMonsieur S\u00e9bastien LANOYE, Sous-pr\u00e9fet de Montbard 23\n6. cr\u00e9ation,  modification  et  dissolution  des  syndicats  intercommunaux,  des  \ncommunaut\u00e9s  de  communes  et  des  syndicats  mixtes  de  1\u00e8re ou  2e cat\u00e9gorie  \nlorsque tous les membres et le si\u00e8ge sont dans l'arrondissement ;\n7. demande au maire de r\u00e9unir le conseil municipal avec possibilit\u00e9 d'abr\u00e9ger le d\u00e9lai  \nen cas d'urgence (article L.2121.9 du code g\u00e9n\u00e9ral des collectivit\u00e9s territoriales) ;\n8. demande d'avis du conseil municipal pr\u00e9vu par l'article L.2121.29 du code g\u00e9n\u00e9ral  \ndes collectivit\u00e9s territoriales ;\n9. convocation  des  \u00e9lecteurs  pour  toute  \u00e9lection  municipale  compl\u00e9mentaire  (et \nnotamment en application de l'article L.258 du code \u00e9lectoral) ;\n10. r\u00e9ception des candidatures et d\u00e9livrance des re\u00e7us de d\u00e9p\u00f4t et des r\u00e9c\u00e9piss\u00e9s  \nd\u00e9finitifs  de  d\u00e9clarations  de  candidatures  pour  les  \u00e9lections  municipales  \ncompl\u00e9mentaires dans les communes de l'arrondissement de Montbard ;\n11.  d\u00e9signation des membres des commissions de contr\u00f4le des listes \u00e9lectorales  \ninstitu\u00e9es dans les communes de l'arrondissement de Montbard ;\n12. substitution au maire dans les cas pr\u00e9vus par les articles L.2122.34, L.2213.17, et  \nL.2215.1 du code g\u00e9n\u00e9ral des collectivit\u00e9s territoriales ;\n13. convocation  des  \u00e9lecteurs  pour  la  d\u00e9signation  des  commissions  syndicales, \nfixation  de  la  dur\u00e9e  de  la  commission,  consultation  de  la  commission  et \nconsultation du conseil municipal ;\n14. approbation des d\u00e9lib\u00e9rations des conseils municipaux pr\u00e9vue \u00e0 l'article L.2544.4  \ndu code g\u00e9n\u00e9ral des collectivit\u00e9s territoriales (section de commune poss\u00e9dant un  \npatrimoine s\u00e9par\u00e9) ;\n15. en mati\u00e8re de biens indivis :\n\u2022 constitution des commissions syndicales en l'absence de d\u00e9cision des conseils \nmunicipaux  concern\u00e9s  et  arr\u00eat\u00e9  constitutif  en  cas  d'accord  des  conseils \nmunicipaux (articles L.5222.1 du code g\u00e9n\u00e9ral des collectivit\u00e9s territoriales) ;\n\u2022 r\u00e9partition des exc\u00e9dents en cas de d\u00e9saccord ou si les conseils municipaux  \nn'ont pas d\u00e9lib\u00e9r\u00e9 dans les d\u00e9lais prescrits (article L.5222.2 du code g\u00e9n\u00e9ral  \ndes collectivit\u00e9s territoriales) ;\n16. approbation des d\u00e9lib\u00e9rations, budgets et march\u00e9s des associations fonci\u00e8res de  \nremembrement,  des  associations  syndicales  autoris\u00e9es  et  des  associations \nfonci\u00e8res urbaines autoris\u00e9es ;\n17. r\u00f4les dress\u00e9s pour le recouvrement des taxes ou cotisations par les associations  \nfonci\u00e8res de remembrement ;\n18. \u00e9tats  annuels  de  notification  des  taux  d'imposition  des  quatre  taxes  directes \nlocales (\u00e9tats nos 1253 et 1259 MI) ;\n19. autorisations d'emprunt de l'article L.2121.34 du code g\u00e9n\u00e9ral des collectivit\u00e9s  \nterritoriales (emprunts des centres communaux d'action sociale) ;\n20. cr\u00e9ation d'office des cimeti\u00e8res dans les cas pr\u00e9vus par la loi ;\n21. prescription des enqu\u00eates pr\u00e9alables \u00e0 la modification des limites territoriales des  \ncommunes  pr\u00e9vues  \u00e0  l'article  L.2112.2  du  code  g\u00e9n\u00e9ral  des  collectivit\u00e9s \nterritoriales ;\n4/7\nPr\u00e9fecture de la C\u00f4te-d'Or - 21-2025-06-13-00004 - Arr\u00eat\u00e9 pr\u00e9fectoral n\u00b0 817 / SG du 13 juin 2025 donnant d\u00e9l\u00e9gation de signature \u00e0\nMonsieur S\u00e9bastien LANOYE, Sous-pr\u00e9fet de Montbard 24\n22. arr\u00eat\u00e9s portant modification des limites territoriales des communes situ\u00e9es dans  \nl'arrondissement, dans le cas o\u00f9 les limites cantonales ou d\u00e9partementales ne  \nsont pas modifi\u00e9es ;\n23. institution de la commission syndicale pr\u00e9vue \u00e0 l'article L.2112.3 du code g\u00e9n\u00e9ral  \ndes collectivit\u00e9s territoriales, dans les conditions d\u00e9finies \u00e0 l'article R.151.6 du code  \ndes communes ;\n24. d\u00e9signation du d\u00e9l\u00e9gu\u00e9 de l'administration au sein des commissions communales  \ncharg\u00e9es de r\u00e9viser la liste \u00e9lectorale composant le coll\u00e8ge d\u00e9partemental des  \npropri\u00e9taires forestiers ;\n25. d\u00e9cisions d'agr\u00e9ment des agents de police municipale (article 7 de la loi n\u00b0 99-291  \ndu 15 avril 1999) et cartes professionnelles correspondantes ;\n26. contr\u00f4le de l\u00e9galit\u00e9 des actes des soci\u00e9t\u00e9s d'\u00e9conomie mixte dont le si\u00e8ge est  \nsitu\u00e9 dans l'arrondissement ;\n27. arr\u00eat\u00e9s  de  paiement  FCTVA et  leur  notification  et  validation  \u00e9lectronique  des \narr\u00eat\u00e9s d'attribution du Fonds de compensation pour la TVA ;\n28. convention entre le repr\u00e9sentant de l'\u00c9tat et les b\u00e9n\u00e9ficiaires du fonds, s'agissant  \nde l'application du dispositif du plan de relance de l'\u00e9conomie relatif au FCTVA ;\n29. arr\u00eat\u00e9s  constatant  que  les  collectivit\u00e9s  b\u00e9n\u00e9ficiaires  du  fonds,  s'agissant  de \nl'application du dispositif du plan de relance de l'\u00e9conomie relatif au FCTVA, ont ou \nn'ont pas respect\u00e9 leurs engagements ;\n30. courriers, accus\u00e9s de r\u00e9ception li\u00e9s aux dossiers de subvention ;\n31. arbitrage en mati\u00e8re de participation financi\u00e8re entre les collectivit\u00e9s de r\u00e9sidence  \net de scolarisation ;\n32. conventions relatives au compte financier unique.\nArticle 3  : D\u00e9l\u00e9gation est donn\u00e9e \u00e0  Madame Marguerite MOINDROT , attach\u00e9e hors  \nclasse,  secr\u00e9taire  g\u00e9n\u00e9rale  de  la  sous-pr\u00e9fecture,  \u00e0  l'effet  dans  le  ressort  de \nl'arrondissement de Montbard les documents et d\u00e9cisions suivantes :\n1. d\u00e9cisions de la Commission de s\u00e9curit\u00e9 et d'accessibilit\u00e9 de l'arrondissement, y  \ncompris les d\u00e9cisions de la sous-commission de s\u00e9curit\u00e9 et d'accessibilit\u00e9 ;\n2. arr\u00eat\u00e9s  pr\u00e9fectoraux  de  d\u00e9rogation  aux  r\u00e8gles  de  s\u00e9curit\u00e9  et  d'accessibilit\u00e9 \nconcernant les \u00e9tablissements recevant du public ;\n3. r\u00e9c\u00e9piss\u00e9s de brocanteurs, de colporteurs, revendeurs d'objets mobiliers ;\n4. arr\u00eat\u00e9s portant rattachement d'une personne sans r\u00e9sidence ni domicile fixe \u00e0 une  \ncommune de l'arrondissement ;\n5. en mati\u00e8re de l\u00e9gislation fun\u00e9raire ;\n\u2022 arr\u00eat\u00e9s d'inhumation et de cr\u00e9mation hors des d\u00e9lais l\u00e9gaux,\n\u2022 arr\u00eat\u00e9s d'inhumation en terrain priv\u00e9,\n\u2022 arr\u00eat\u00e9s de transport de corps hors du territoire national,\n\u2022 arr\u00eat\u00e9 de transport d'urne cin\u00e9raire hors du territoire national,\n5/7\nPr\u00e9fecture de la C\u00f4te-d'Or - 21-2025-06-13-00004 - Arr\u00eat\u00e9 pr\u00e9fectoral n\u00b0 817 / SG du 13 juin 2025 donnant d\u00e9l\u00e9gation de signature \u00e0\nMonsieur S\u00e9bastien LANOYE, Sous-pr\u00e9fet de Montbard 25\n\u2022 habilitation  des  entreprises  de  pompes  fun\u00e8bres  (y  compris  les  chambres \nfun\u00e9raires  et\nles cr\u00e9matoriums) ;\n6. r\u00e9c\u00e9piss\u00e9s des loteries instantan\u00e9es de la Fran\u00e7aise des Jeux ;\n7. arr\u00eat\u00e9s portant autorisation de loteries et tombolas dont le capital d'\u00e9mission est \ninf\u00e9rieur ou \u00e9gal \u00e0 7 622 euros ;\n8. autorisations des haut-parleurs mobiles sur la voie publique ;\n9. autorisations des courses p\u00e9destres, cyclistes et hippiques (en cas de courses se  \nd\u00e9roulant  sur  plusieurs  arrondissements,  l'arrondissement  de  d\u00e9part  g\u00e8re  la \ntotalit\u00e9 de la course) et manifestations de v\u00e9hicules moteurs sur voie ouverte \u00e0 la  \ncirculation ou sur circuits homologu\u00e9s ou non  ; l'homologation des circuits pour les \nmanifestations de v\u00e9hicule \u00e0 moteur et les manifestations nautiques.\n10. reconnaissance de l'aptitude technique des gardes particuliers ;\n11. agr\u00e9ment et retrait d'agr\u00e9ment des gardes particuliers, gardes-chasse et gardes-\np\u00eache, et d\u00e9livrance des cartes d'agr\u00e9ment ;\n12. installation et prestation de serment des fonctionnaires de l'\u00c9tat ;\n13. d\u00e9cisions d'agr\u00e9ment des agents de police municipale et cartes professionnelles  \ncorrespondantes ;\n14. d\u00e9signation des d\u00e9l\u00e9gu\u00e9s de l'administration au sein des commissions de contr\u00f4le  \ndes  listes  \u00e9lectorales  institu\u00e9es  dans  les  communes  de  l'arrondissement  de \nMontbard ;\n15. convocation  des  \u00e9lecteurs  pour  toute  \u00e9lection  municipale  compl\u00e9mentaire  (et \nnotamment en application de l'article L.258 du Code \u00c9lectoral) ;\n16. r\u00e9ception des candidatures et d\u00e9livrance des re\u00e7us de d\u00e9p\u00f4t et des r\u00e9c\u00e9piss\u00e9s  \nd\u00e9finitifs  de  d\u00e9clarations  de  candidatures  pour  les  \u00e9lections  municipales  \ncompl\u00e9mentaires dans les communes de l'arrondissement de Montbard ;\n17. visa des r\u00f4les dress\u00e9s pour le recouvrement des taxes ou cotisations par les  \nassociations  fonci\u00e8res  de  remembrement  ou  par  les  associations  syndicales \nautoris\u00e9es ;\u00e9tats annuels de notification des taux d'imposition des quatre taxes  \ndirectes locales (\u00e9tats no1253 et n\u00b01259 MI) ;\n18. arr\u00eat\u00e9s  de  paiement  FCTVA et  leur  notification  et  validation  \u00e9lectronique  des \narr\u00eat\u00e9s d'attribution du Fonds de compensation pour la TVA ;\n19. convention entre le repr\u00e9sentant de l'\u00c9tat et les b\u00e9n\u00e9ficiaires du fonds, s'agissant  \nde l'application du dispositif du plan de relance de l'\u00e9conomie relatif au FCTVA ;\n20. arr\u00eat\u00e9s  constatant  que  les  collectivit\u00e9s  b\u00e9n\u00e9ficiaires  du  fonds,  s'agissant  de \nl'application du dispositif du plan de relance de l'\u00e9conomie relatif au FCTVA, ont ou \nn'ont pas respect\u00e9 leurs engagements ;\n21. tout document et correspondance administratifs non opposables aux tiers ;\n22. attestation pr\u00e9fectorale de d\u00e9livrance initiale d'un permis de chasser ;\n6/7\nPr\u00e9fecture de la C\u00f4te-d'Or - 21-2025-06-13-00004 - Arr\u00eat\u00e9 pr\u00e9fectoral n\u00b0 817 / SG du 13 juin 2025 donnant d\u00e9l\u00e9gation de signature \u00e0\nMonsieur S\u00e9bastien LANOYE, Sous-pr\u00e9fet de Montbard 26\nArticle 4  : En cas d'absence ou d'emp\u00eachement de Mme Marguerite MOINDROT, la  \nd\u00e9l\u00e9gation qui lui est consentie par l'article 3 sera exerc\u00e9e par Madame Am\u00e9lie MILLOT  \nVIDET, secr\u00e9taire administrative de classe exceptionnelle, cheffe du p\u00f4le \u00ab  collectivit\u00e9s \nlocales  et  d\u00e9veloppement  territorial \u00bb  ou  par  Madame  Isabelle  BAIJOT,  secr\u00e9taire \nadministrative de classe sup\u00e9rieure adjointe \u00e0 la cheffe du p\u00f4le \u00ab  collectivit\u00e9s locales et \nd\u00e9veloppement territorial \u00bb ;\nArticle  5 : D\u00e9l\u00e9gation  de  signature  est  donn\u00e9e  \u00e0  Madame  Am\u00e9lie  MILLOT VIDET, \nsecr\u00e9taire  administratif  de  classe  exceptionnelle,  \u00e0  l'effet  de  signer  la  validation \n\u00e9lectronique des arr\u00eat\u00e9s d'attribution du Fonds de compensation pour la TVA dans les \ncommunes de l'arrondissement de Montbard ;\nArticle  6 :  En  cas  d'absence  ou  d'emp\u00eachement  de  Monsieur  S\u00e9bastien  LANOYE, \nSous-pr\u00e9fet de Montbard, et notamment pendant ses cong\u00e9s, la d\u00e9l\u00e9gation de signature  \nqui lui est consentie pourra \u00eatre exerc\u00e9e par Monsieur Denis BRUEL, Secr\u00e9taire g\u00e9n\u00e9ral  \nde la pr\u00e9fecture de la C\u00f4te-d'Or, par Mme Magalie MALERBA, Secr\u00e9taire g\u00e9n\u00e9rale  \nadjointe de la pr\u00e9fecture de la C\u00f4te-d'Or ou par Monsieur Beno\u00eet BYRSKI, Sous-pr\u00e9fet  \nde Beaune ;\nArticle 7 : Le pr\u00e9sent arr\u00eat\u00e9 prendra effet le lundi 16 juin 2025.\nArticle  8 : Le  Secr\u00e9taire  g\u00e9n\u00e9ral  de  la  pr\u00e9fecture  de  la  C\u00f4te-d'Or,  La  Secr\u00e9taire \ng\u00e9n\u00e9rale adjointe de la pr\u00e9fecture de la C\u00f4te-d'Or, le Sous-pr\u00e9fet de Montbard, le Sous-\npr\u00e9fet de Beaune, le Secr\u00e9taire g\u00e9n\u00e9ral de la sous-pr\u00e9fecture de Beaune, la Secr\u00e9taire  \ng\u00e9n\u00e9rale de la sous-pr\u00e9fecture de Montbard et les agents b\u00e9n\u00e9ficiaires de la pr\u00e9sente  \nd\u00e9l\u00e9gation  \u00e0  la  sous-pr\u00e9fecture  de  Montbard,  sont  charg\u00e9s,  chacun  pour  ce  qui  le \nconcerne,  de  l'ex\u00e9cution  du  pr\u00e9sent  arr\u00eat\u00e9  qui  sera  publi\u00e9  au  recueil  des  actes \nadministratifs de la pr\u00e9fecture de la C\u00f4te-d'Or.\nFait \u00e0 Dijon, le 13 juin 2025\nLe pr\u00e9fet,\nsign\u00e9\nPaul MOURIER\n7/7\nPr\u00e9fecture de la C\u00f4te-d'Or - 21-2025-06-13-00004 - Arr\u00eat\u00e9 pr\u00e9fectoral n\u00b0 817 / SG du 13 juin 2025 donnant d\u00e9l\u00e9gation de signature \u00e0\nMonsieur S\u00e9bastien LANOYE, Sous-pr\u00e9fet de Montbard 27\nPr\u00e9fecture de la C\u00f4te-d'Or\nDirection de la coordination, des politiques\npubliques et de l'appui territorial\n21-2025-06-13-00006\nArr\u00eat\u00e9 pr\u00e9fectoral n\u00b0 818 / SG du 13 juin 2025\ndonnant d\u00e9l\u00e9gation de signature \u00e0 l'occasion des\npermanences de week-ends, de jours f\u00e9ri\u00e9s ou de\njours ch\u00f4m\u00e9s\nPr\u00e9fecture de la C\u00f4te-d'Or - 21-2025-06-13-00006 - Arr\u00eat\u00e9 pr\u00e9fectoral n\u00b0 818 / SG du 13 juin 2025 donnant d\u00e9l\u00e9gation de signature \u00e0\nl'occasion des permanences de week-ends, de jours f\u00e9ri\u00e9s ou de jours ch\u00f4m\u00e9s 28\nExPREFETDE LACOTE-D'ORLibert\u00e9Egalit\u00e9Fraternit\u00e9\nArr\u00eat\u00e9 pr\u00e9fectoral n\u00b0 818 / SG du 13 juin 2025\ndonnant d\u00e9l\u00e9gation de signature \u00e0 l'occasion des permanences de week-ends, de jours f\u00e9ri\u00e9s \nou de jours ch\u00f4m\u00e9s\nLe Pr\u00e9fet de la C\u00f4te-d'Or\nVu la loi n\u00b0 82.213 du 2 mars 1982 modifi\u00e9e relative aux droits et libert\u00e9s des communes, des  \nd\u00e9partements et des r\u00e9gions ;\nVu le d\u00e9cret n\u00b0 2004-374 du 29 avril 2004 relatif aux pouvoirs des Pr\u00e9fets, \u00e0 l'organisation et \u00e0  \nl'action des services de l'\u00c9tat dans les r\u00e9gions et d\u00e9partements, modifi\u00e9 par le d\u00e9cret n\u00b0 2010-\n146 du 16 f\u00e9vrier 2010 et par le d\u00e9cret n\u00b0 2010-687 du 24 juin 2010 ;\nVu le d\u00e9cret n\u00b0 2008-158 du 22 f\u00e9vrier 2008 relatif \u00e0 la suppl\u00e9ance des Pr\u00e9fets de r\u00e9gion et \u00e0 la  \nd\u00e9l\u00e9gation  de  signature  des  pr\u00e9fets  et  hauts  commissaires  de  la  R\u00e9publique  en  Polyn\u00e9sie \nfran\u00e7aise et en Nouvelle-Cal\u00e9donie ;\nVu le d\u00e9cret n\u00b0 2009-176 du 16 f\u00e9vrier 2009 modifiant le d\u00e9cret n\u00b0 64-805 du 29  juillet 1964  \nfixant les dispositions r\u00e9glementaires applicables aux pr\u00e9fets et le d\u00e9cret n\u00b0 2004-374 du 29 avril  \n2004 relatif aux pouvoirs des pr\u00e9fets, \u00e0 l'organisation et \u00e0 l'action des services de l'\u00c9tat dans les  \nr\u00e9gions et d\u00e9partements ;\nVu le  d\u00e9cret  du  10  octobre  2024  nommant  Monsieur  Paul  MOURIER,  Pr\u00e9fet  de  la  r\u00e9gion\nBourgogne-Franche-Comt\u00e9, pr\u00e9fet de la C\u00f4te-d'Or;\nVu l'arr\u00eat\u00e9 du Premier ministre et du ministre de l'Int\u00e9rieur en date du 12 janvier 2022 nommant  \nMme Anne COSTE  DE CHAMPERON, administratrice  de  l'\u00c9tat  hors classe, en qualit\u00e9 de  \nsecr\u00e9taire g\u00e9n\u00e9rale pour les affaires r\u00e9gionales de la R\u00e9gion Bourgogne-Franche-Comt\u00e9, \u00e0  \ncompter du 1er f\u00e9vrier 2022;\nVu le d\u00e9cret du 6 juillet 2023 portant nomination de Monsieur Beno\u00eet BYRSKI en qualit\u00e9 de Sous-\npr\u00e9fet de Beaune ;\nVu le d\u00e9cret du 17 novembre 2023 portant nomination de Monsieur S\u00e9bastien LANOYE en  \nqualit\u00e9 de Sous-pr\u00e9fet de Montbard ;\nVu le  d\u00e9cret  du  14  novembre  2024  portant  nomination  de  Monsieur  Denis  BRUEL,  \nadministrateur de l'\u00c9tat du deuxi\u00e8me grade, en qualit\u00e9 de Secr\u00e9taire g\u00e9n\u00e9ral de la pr\u00e9fecture de  \nla C\u00f4te-d'Or, sous-pr\u00e9fet de Dijon (groupe II) ;  \nVu le d\u00e9cret du 6 mars 2025  portant nomination de Madame Aur\u00e9lie CONTRECIVILE, Sous-\npr\u00e9f\u00e8te, en qualit\u00e9 de Sous-pr\u00e9f\u00e8te, directrice de cabin et du Pr\u00e9fet de la R\u00e9gion Bourgogne-\nFranche-Comt\u00e9, Pr\u00e9fet de la C\u00f4te-d'Or ;\nVu le d\u00e9cret du 23 mai 2025 portant nomination de Madame Magalie MALERBA en qualit\u00e9  \nsecr\u00e9taire g\u00e9n\u00e9rale adjointe de la pr\u00e9fecture de la C\u00f4te d'Or, sous-pr\u00e9f\u00e8te charg\u00e9e de mission  \naupr\u00e8s du Pr\u00e9fet de la R\u00e9gion Bourgogne-Franche-Comt\u00e9, Pr\u00e9fet de la C\u00f4te-d'Or ;\nPr\u00e9fecture de la C\u00f4te-d'Or - 21-2025-06-13-00006 - Arr\u00eat\u00e9 pr\u00e9fectoral n\u00b0 818 / SG du 13 juin 2025 donnant d\u00e9l\u00e9gation de signature \u00e0\nl'occasion des permanences de week-ends, de jours f\u00e9ri\u00e9s ou de jours ch\u00f4m\u00e9s 29\n  \nVu l'arr\u00eat\u00e9 pr\u00e9fectoral n\u00b0 447/SG du 17 mars 2025 donnant d\u00e9l\u00e9gation de signature \u00e0 l'occasion des \npermanences de week-ends, de jours f\u00e9ri\u00e9s ou de jours ch\u00f4m\u00e9s ;\nConsid\u00e9rant que la mise en place de tours de permanence pendant les week-ends, jours f\u00e9ri\u00e9s et  \nch\u00f4m\u00e9s constitue un moyen visant \u00e0 assurer la continuit\u00e9 du service public ;\nSur proposition de Monsieur le  Secr\u00e9taire g\u00e9n\u00e9ral de la pr\u00e9fecture de la C\u00f4te-d'Or ;\nARR\u00caTE\nArticle 1er     :   L'arr\u00eat\u00e9 pr\u00e9fectoral n\u00b0 477 /SG du 17 mars 2025  donnant d\u00e9l\u00e9gation de signature \u00e0  \nl'occasion  des  permanences  de  week-ends,  de  jours  f\u00e9ri\u00e9s  ou  de  jours  ch\u00f4m\u00e9s  et  toutes \ndispositions ant\u00e9rieures contraires au pr\u00e9sent arr\u00eat\u00e9 sont abrog\u00e9s \u00e0 compter du 16 juin 2025.\nArticle 2 : Pendant les permanences des week-ends, de jours f\u00e9ri\u00e9s et de jours ch\u00f4m\u00e9s, d\u00e9l\u00e9gation \nde signature est donn\u00e9e en toutes mati\u00e8res, sous r\u00e9serve des exceptions \u00e9num\u00e9r\u00e9es \u00e0 l'article 3,  \npour l'ensemble du d\u00e9partement et en fonction du tour de permanence pr\u00e9\u00e9tabli soit \u00e0 :\n- Monsieur Denis BRUEL, Secr\u00e9taire g\u00e9n\u00e9ral de la pr\u00e9fecture de la C\u00f4te-d'Or ;\n- Madame Magalie MALERBA, Secr\u00e9taire g\u00e9n\u00e9rale adjointe de la pr\u00e9fecture de la C\u00f4te-d'Or\n- Madame Aur\u00e9lie CONTRECIVILE, Sous-pr\u00e9f\u00e8te, Directrice de cabinet du Pr\u00e9fet de la R\u00e9gion  \nBourgogne-Franche-Comt\u00e9, Pr\u00e9fet de la C\u00f4te-d'Or ;\n-  Monsieur Beno\u00eet BYRSKI, Sous-pr\u00e9fet de Beaune ;\n- Monsieur S\u00e9bastien LANOYE, Sous-pr\u00e9fet de Montbard ;\n- Madame Anne COSTE DE CHAMPERON , Secr\u00e9taire g\u00e9n\u00e9rale pour les affaires r\u00e9gionales de la  \nR\u00e9gion Bourgogne-Franche-Comt\u00e9 ; \nArticle 3 : Sont exclus de la pr\u00e9sente d\u00e9l\u00e9gation de signature :\n\u2013 les d\u00e9clinatoires de comp\u00e9tences,\n\u2013 les arr\u00eat\u00e9s de conflit.\nArticle 4 : Le pr\u00e9sent arr\u00eat\u00e9 prendra effet le lundi 16 juin 2025.\nArticle 5 : Le Secr\u00e9taire g\u00e9n\u00e9ral de la pr\u00e9fecture de la C\u00f4te-d'Or  , la Secr\u00e9taire g\u00e9n\u00e9rale adjointe  \nde la pr\u00e9fecture de la C\u00f4te-d'Or, la Directrice de cabinet du Pr\u00e9fet de la r\u00e9gion Bourgogne-Franche-\nComt\u00e9,Pr\u00e9fet  de  la  C\u00f4te-d'Or,  le  Sous-pr\u00e9fet  de  Beaune,  le  Sous-pr\u00e9fet  de  Montbard  et  la \nSecr\u00e9taire  g\u00e9n\u00e9rale  pour  les  affaires  r\u00e9gionales  de  la  R\u00e9gion  Bourgogne-Franche-Comt\u00e9 sont \ncharg\u00e9s de l'ex\u00e9cution du pr\u00e9sent arr\u00eat\u00e9 qui sera publi\u00e9 au recueil des actes administratifs de la  \npr\u00e9fecture de la C\u00f4te-d'Or.\n         Fait \u00e0 Dijon, le 13 juin 2025\nLe Pr\u00e9fet,\nsign\u00e9\n          Paul MOURIER\n2/2\nPr\u00e9fecture de la C\u00f4te-d'Or - 21-2025-06-13-00006 - Arr\u00eat\u00e9 pr\u00e9fectoral n\u00b0 818 / SG du 13 juin 2025 donnant d\u00e9l\u00e9gation de signature \u00e0\nl'occasion des permanences de week-ends, de jours f\u00e9ri\u00e9s ou de jours ch\u00f4m\u00e9s 30\nPr\u00e9fecture de la C\u00f4te-d'Or\nDirection de la coordination, des politiques\npubliques et de l'appui territorial\n21-2025-06-13-00007\nArr\u00eat\u00e9 pr\u00e9fectoral n\u00b0 819 / SG du 13 juin 2025\ndonnant d\u00e9l\u00e9gation de signature pour\nl'utilisation d'une carte d'achat nominative\nPr\u00e9fecture de la C\u00f4te-d'Or - 21-2025-06-13-00007 - Arr\u00eat\u00e9 pr\u00e9fectoral n\u00b0 819 / SG du 13 juin 2025 donnant d\u00e9l\u00e9gation de signature\npour l'utilisation d'une carte d'achat nominative 31\nPREFETDE LACOTE-D'ORLibert\u00e9\u00c9galit\u00e9Fraternit\u00e9Arr\u00eat\u00e9 pr\u00e9fectoral n\u00b0 819 / SG du 13 juin 2025donnant d\u00e9l\u00e9gation de signature pour l'utilisationd'une carte d'achat nominative\nLe Pr\u00e9fet de la C\u00f4te d'Or\nVu le d\u00e9cret n\u00b0 2004-374 du 29 avril 2004 relatif aux pouvoirs des Pr\u00e9fets, \u00e0 l'organisation et \u00e0 l'actiondes services de I'Etat dans les r\u00e9gions et d\u00e9partements ;Vu le d\u00e9cret n\u00b0 2012-1246 modifi\u00e9 relatif \u00e0 la gestion budg\u00e9taire et comptable publique ;Vu le d\u00e9cret du 10 octobre 2024 nommant Monsieur Paul MOURIER, Pr\u00e9fet de la R\u00e9gionBourgogne-Franche-Comt\u00e9, Pr\u00e9fet de la C\u00f4te-d'Or;Vu le d\u00e9cret du 6 juillet 2023, nommant Monsieur Beno\u00eet BYRSKI, Sous-pr\u00e9fet, Sous-pr\u00e9fet deBeaune;Vu le d\u00e9cret du 17 novembre 2023 nommant Monsieur S\u00e9bastien LANOYE, Sous-pr\u00e9fet, Sous-pr\u00e9fet de Montbard ; ,Vu le d\u00e9cret du 14 novembre 2024 nommant Monsieur Denis BRUEL, administrateur de I'Etat dudeuxieme grade, en qualit\u00e9 de Secr\u00e9taire g\u00e9n\u00e9ral de la pr\u00e9fecture de la C\u00f4te-d'Or, Sous-pr\u00e9fet deDijon ;Vu le d\u00e9cret du 6 mars 2025 portant nomination de Madame Aur\u00e9lie CONTRECIVILE en qualit\u00e9 deSous-pr\u00e9f\u00e8te, Directrice de cabinet du Pr\u00e9fet de la R\u00e9gion Bourgogne-Franche-Comt\u00e9, Pr\u00e9fet de laC\u00f4te-d'Or ;Vu le d\u00e9cret du 23 mai 2025 portant nomination de Madame Magalie MALERBA en qualit\u00e9 deSecr\u00e9taire g\u00e9n\u00e9rale adjointe de la pr\u00e9fecture de la C\u00f4te-d'Or, Sous-pr\u00e9f\u00e8te charg\u00e9e de missionaupr\u00e8s du Pr\u00e9fet de la R\u00e9gion Bourgogne-Franche-Comt\u00e9, Pr\u00e9fet de la C\u00f4te-d'Or ;Vu l'arr\u00eat\u00e9 du Premier ministre et du ministre de l'Int\u00e9rieur en date du 12 janvier 2022 nommantMadame Anne COSTE DE CHAMPERON, administratice de I'Etat hors classe, en qualit\u00e9 deSecr\u00e9taire g\u00e9n\u00e9rale pour les affaires r\u00e9gionales de la R\u00e9gion Bourgogne-Franche-Comt\u00e9, \u00e0compter du 1\u00b0 f\u00e9vrier 2022;Vu l'arr\u00e9t\u00e9 du Premier Ministre et du Ministre de I'Int\u00e9rieur en date du 22 d\u00e9cembre 2022 nommantMadame Florence BERNARD, en qualit\u00e9 d'adjointe au Secr\u00e9taire g\u00e9n\u00e9ral pour les affairesr\u00e9gionales de la R\u00e9gion Bourgogne \u2014 Franche-Comt\u00e9, en charge du p\u00f4le \u00ab politiques publiquesinterminist\u00e9rielles \u00bb,Vu l'arr\u00eat\u00e9 du Premier Ministre et du Ministre de l'Int\u00e9rieur en date du 8 juin 2021 nommantMadame Milada PANTIC, en qualit\u00e9 d'adjointe au Secr\u00e9taire g\u00e9n\u00e9ral pour les affaires r\u00e9gionales dela R\u00e9gion Bourgogne-Franche-Comt\u00e9, en charge du p\u00f4le \u00ab moyens, modernisation,mutualisations \u00bb ;\nPr\u00e9fecture de la C\u00f4te-d'Or - 21-2025-06-13-00007 - Arr\u00eat\u00e9 pr\u00e9fectoral n\u00b0 819 / SG du 13 juin 2025 donnant d\u00e9l\u00e9gation de signature\npour l'utilisation d'une carte d'achat nominative 32\nVu l'arr\u00eat\u00e9 pr\u00e9fectoral n\u00b0 1184/SG du 3 d\u00e9cembre 2020 portant organisation du Secr\u00e9tariat g\u00e9n\u00e9ralcommun d\u00e9partemental de la C\u00f4te d'Or ; 'Vu l'arr\u00eat\u00e9 pr\u00e9fectoral n\u00b0 1251/SG du 18 d\u00e9cembre 2020 portant organisation des services de laPr\u00e9fecture de la r\u00e9gion Bourgogne-Franche-Comt\u00e9, pr\u00e9fecture de la C\u00f4te-d'Or ;Vu l'arr\u00eat\u00e9 du Premier Ministre et du Ministre de l'Int\u00e9rieur en date du 1* f\u00e9vrier 2024 nommantMme Nathalie BERGET, attach\u00e9e d'administration de I'Etat hors classe, directrice du secr\u00e9tariatg\u00e9n\u00e9ral commun d\u00e9partemental de la C\u00f4t{e d'Or \u00e0 compter de ce jour ;Vu l'arr\u00eat\u00e9 pr\u00e9fectoral n\u00b0 450/SG du 17 mars 2025 donnant d\u00e9l\u00e9gation de signature pour l'utilisationd'une carte d'achat nominative ;Sur proposition de Monsieur le Secr\u00e9taire g\u00e9n\u00e9ral de la pr\u00e9fecture de la C\u00f4te-d'Or ;\nARRETEArticle 1 : L'arr\u00eat\u00e9 pr\u00e9fectoral n\u00b0 450/SG du 17 mars 2025 donnant d\u00e9l\u00e9gation de signature pourl'utilisation d''une carte d'achat nominative et toutes dispositions ant\u00e9rieures sont abrog\u00e9s \u00e0 compterdu 16 juin 2025.Article 2 : D\u00e9l\u00e9gation de signature est accord\u00e9e aux personnes figurant dans le tableau en annexe 1du pr\u00e9sent arr\u00e9t\u00e9, afin d'utiliser dans le cadre de leurs attributions, comp\u00e9tences et dans la limitefix\u00e9e, une carte d'achat nominative.Article 3 : Le Secr\u00e9taire g\u00e9n\u00e9ral de la pr\u00e9fecture de la C\u00f4te-d'Or est charg\u00e9 de l'ex\u00e9cution du pr\u00e9sentarr\u00eat\u00e9 qui sera publi\u00e9 au recueil des actes administratifs de la pr\u00e9fecture de la C\u00f4te d'Or.\nFait \u00e0 Dijon, le 13 juin 2025Le Pr\u00e9fetsign\u00e9Paul MOURIER\n2/2\nPr\u00e9fecture de la C\u00f4te-d'Or - 21-2025-06-13-00007 - Arr\u00eat\u00e9 pr\u00e9fectoral n\u00b0 819 / SG du 13 juin 2025 donnant d\u00e9l\u00e9gation de signature\npour l'utilisation d'une carte d'achat nominative 33\nFeuille1\nPorteur de carte d'achat Service Plafond annuel\nBERNARD Florence (carte Repr\u00e9sentation) SGAR ADJOINTE 2500BERNARD Florence (carte HFRR) SGAR ADJOINTE 2000BRUEL Denis (carte Repr\u00e9 ion) SECRETAIRE GENERAL 7200BRUEL Denis (carte HFRR) SECRETAIRE GENERAL 7200BRULE Thierry (carte Repr\u00e9sentation) DIRECTION SECURITE 6000BRULE Thierry (carte HFRR) DIRECTION SECURITE 4000BYRSKI BENOIT (carte Repr\u00e9sentation) SOUS PREFET BEAUNE 10000BYRSKI BENOIT (carte HFRR) SOUS PREFET BEAUNE 5700CABROL J\u00e9r\u00f4me (carte Repr\u00e9 lon) SP BEAUNE 2Q00CABROL J\u00e9r\u00f4me (carte HFRR) SP BEAUNE 2000CAILLOT Florine (carte Repr\u00e9sentation) SP BEAUNE 2000CAILLOT Florine (carte HFRR) SP BEAUNE 2000ICASCHETTA G ji\u00e9ve (carte Repr\u00e9sentation) DIRECTRICE ADJOINTE DDPP 6000ICASCHETTA Genevi\u00e8ve (carte HFRR) DIRECTRICE ADJOINTE DDPP 6000ICLEMENT Serge (carte Repr\u00e9sentation) SGC \u2014 LISI 25000COLIN J\u00e9r\u00f4me (carte Repr\u00e9sentation) ICOMMUNICATION 15000jCONORT i (carte Repr\u00e9 jon RESIDENCE PREFET 40000ICONORT Bertrand (carte HFRR) RESIDENCE PREFET 40000ICOSTE DE CHAMPERON Anne (carte HFRR) SGAR 17000,|COSTE DE CHAMPERON Anne (carte Repr\u00e9sentation) SGAR _ 15000BERGET Nathalie (carte Repr\u00e9sentation) DIRECTRICE SGC 15000BERGET Nathalie (carte HFRR) DIRECTRICE SGC 30000CONTRECIVILE Aur\u00e9lie DIRECTRICE DE CABINET 5500CONTRECIVILE Aur\u00e9lie (cane' Repr\u00e9sentation) DIRECTRICE DE CABINET 5500LANOYE SEBASTIEN (carte Repr\u00e9sentation ISOUS PREFET MONTBARD 6000LANOYE SEBASTIEN (carte HFRR) SOUS PREFET MONTBARD 8000DUPUY Manuelle (carte Repr\u00e9sentation) DIRECTRICE DDT 10000DUPUY Manuelle (carte HFRR) DIRECTRICE DDT 10000LEON Armelle (carte Repr\u00e9sentation) DIRECTEUR DDETS 5000LEON Armelle (carte HFRR) DIRECTEUR DDETS 5000MALERBA Magalie (carte Repr\u00e9sentation) SGA ADJOINTE 6200MALERBA Magalie (carte HFRR) SGA ADJOINTE 6200MATHEY BONY Jean-Denis (carte Repr\u00e9sen.lation) RESIDENCE PREFET 11000MATHEY BONY Jean-Denis(carte HFRR) RESIDENCE PREFET 45000MOURIER Paul (carte Repr\u00e9sentation) PREFET 6000MOURIER Paul (carte HFRR) PREFET 6000NORDI Hugues (carte HFRR) ICONSEILLER DIPLOMATIQUE 1000INORDI Hugues (carte Repr\u00e9sentation) ICONSEILLER DIPLOMATIQUE 1000NOURDIN Isabelle (HORS FRR) DDPP 5000NOURDIN Isabelle (carte Repr\u00e9 tion) DDPP 5000PANTIC Milada (carte HFRR) SGAR ADJOINTE 2000PANTIC Milada (carte Repr\u00e9 jon) SGAR ADJOINTE 5000PRUDHOMME Jean SGC- BUDGET ACHAT 115000RATEL Carole (carte Repr\u00e9sentation) ASSISTANTE PREFET 25006RATEL Carole (carte HFRR) IASSISTANTE PREFET 16000ROOSE Didier (carte Repr\u00e9sentation) DIRECTEUR DDPP 5000ROOSE Didier (carte HFRR) DIRECTEUR DDPP 5000IVERGNEAU David (carte HFRR) DIRECTEUR ADJOINT 15000\nPage 1\nFait \u00e0 Dijon, le 13/06/25Le pr\u00e9fetsign\u00e9Paul MOURIER\nPr\u00e9fecture de la C\u00f4te-d'Or - 21-2025-06-13-00007 - Arr\u00eat\u00e9 pr\u00e9fectoral n\u00b0 819 / SG du 13 juin 2025 donnant d\u00e9l\u00e9gation de signature\npour l'utilisation d'une carte d'achat nominative 34\nPr\u00e9fecture de la C\u00f4te-d'Or - 21-2025-06-13-00007 - Arr\u00eat\u00e9 pr\u00e9fectoral n\u00b0 819 / SG du 13 juin 2025 donnant d\u00e9l\u00e9gation de signature\npour l'utilisation d'une carte d'achat nominative 35\nPr\u00e9fecture de la C\u00f4te-d'Or\nDirection de la coordination, des politiques\npubliques et de l'appui territorial\n21-2025-06-13-00008\nArr\u00eat\u00e9 pr\u00e9fectoral n\u00b0 820 / SG donnant\nd\u00e9l\u00e9gation de signature en mati\u00e8re de gestion\ndes budgets op\u00e9rationnels\n104-111-112-113-119-122-124129-135-137-147-148-16\n1-163-172-181-206-207-209-215-216-217-218-219-2\n32-303-348-349-354-357-362-363-364-380-723-75\n4-780-833 des fonds europ\u00e9ens et des recettes\nnon fiscales\nPr\u00e9fecture de la C\u00f4te-d'Or - 21-2025-06-13-00008 - Arr\u00eat\u00e9 pr\u00e9fectoral n\u00b0 820 / SG donnant d\u00e9l\u00e9gation de signature en mati\u00e8re de\ngestion des budgets op\u00e9rationnels\n104-111-112-113-119-122-124129-135-137-147-148-161-163-172-181-206-207-209-215-216-217-218-219-232-303-348-349-354-357-362-363-36\n4-380-723-754-780-833 des fonds europ\u00e9ens et des recettes non fiscales\n36\nExPR\u00c9FETDE LACOTE-D'ORLibert\u00e9Egalit\u00e9Fraternit\u00e9\nArr\u00e9t\u00e9 pr\u00e9fectoral N\u00b0 820 / SG du 13 juin 2025 donnant d\u00e9l\u00e9gation de signature en mati\u00e9re degestion des budgets op\u00e9rationnels 104-111-112-113-119-122-124-129-135-137-147-148-161-16 3-172-181-206-207-209-215-216-217-218-219-232-303-348-349-354-357-362-363-364-380-723-754-780-833 des fonds europ\u00e9ens et des recettes non fiscalesLe Pr\u00e9fet de la Cote-d'OrVu la loi n\u00b0 85.1098 du 11 octobre 1985 relative \u00e0 la prise en charge par I'Etat, les d\u00e9partements etles r\u00e9gions des d\u00e9penses de personnel, de fonctionnement et d'\u00e9quipement des services plac\u00e9ssous leur autorit\u00e9 ;Vu le d\u00e9cret n\u00b0 2004-374 du 29 avril 2004 relatif aux pouvoirs des Pr\u00e9fets, \u00e0 I'organisation et \u00e0l'action des services de l'\u00c9tat dans les r\u00e9gions et d\u00e9partements, modifi\u00e9 par le d\u00e9cret n\u00b0 2010-146 du16 f\u00e9vrier 2010 et par le d\u00e9cret n\u00b0 2010-687 du 24 juin 2010 ;Vu le d\u00e9cret n\u00b0 2009-176 du 16 f\u00e9vrier 2009 modifiant le d\u00e9cret n\u00b0 64-805 du 29 juillet 1964 fixant lesdispositions r\u00e9glementaires applicables aux Pr\u00e9fets et le d\u00e9cret n\u00b0 2004-374 du 29 avril 2004 relatifaux pouvoirs des Pr\u00e9fets, \u00e0 lorganlsatlon et \u00e0 l'action des services de l'\u00c9tat dans les r\u00e9gions etd\u00e9partements;Vu le d\u00e9cret du 10 octobre 2024 nommant Monsieur Paul MOURIER, Pr\u00e9fet de la R\u00e9gionBourgogne-Franche-Comt\u00e9, Pr\u00e9fet de la C\u00f4te-d'Or;Vu le d\u00e9cret du 6 juillet 2023 portant nomination de Monsieur Benoit. BYRSKI, Sous-pr\u00e9fet deBeaune;Vu le d\u00e9cret du 17 novembre 2023 portant nomination de Monsieur S\u00e9bastien LANOYE, Sous-pr\u00e9fetde Montbard;Vu le d\u00e9cret du 14 novembre 2024 portant nomination de MonS|eur Denis BRUEL, Secretalreg\u00e9n\u00e9ral de la pr\u00e9fecture de la C\u00f4te-d'Or;Vu Le d\u00e9cret du 6 mars 2025 portant portant nomination de Madame Aur\u00e9lie CONTRECIVILE en qualit\u00e9de Sous-pr\u00e9f\u00e8te, Directrice de cabinet du Pr\u00e9fet de la R\u00e9gion Bourgogne-Franche-Comt\u00e9, Pr\u00e9fet de laC\u00f4te-d'Or;Vu le d\u00e9cret du 23 mai 2025 portant nomination de Madame Magalie MALERBA en qualit\u00e9 deSecr\u00e9taire g\u00e9n\u00e9rale adjointe de la pr\u00e9fecture de la C\u00f4te-d'Or, Sous-pr\u00e9f\u00e8te charg\u00e9e de missionaupr\u00e8s du Pr\u00e9fet de la R\u00e9gion Bourgogne-Franche-Comt\u00e9, Pr\u00e9fet de la C\u00f4te-d'Or ;Vu l'arr\u00eat\u00e9 du Premier Ministre et du Ministre de I'Int\u00e9rieur en date du 12/01/22 nommant Mme AnneCOSTE DE CHAMPERON, administratrice de l'Etat hors classe, en qualit\u00e9 de Secr\u00e9taire g\u00e9n\u00e9rale pourles affaires r\u00e9gionales de la R\u00e9gion Bourgogne-Franche Comt\u00e9, \u00e0 compter du 1\u00b0 f\u00e9vrier 2022, pour unedur\u00e9e de 4 ans, avec une p\u00e9riode probatoire de 6 mois ;\n1/2\nPr\u00e9fecture de la C\u00f4te-d'Or - 21-2025-06-13-00008 - Arr\u00eat\u00e9 pr\u00e9fectoral n\u00b0 820 / SG donnant d\u00e9l\u00e9gation de signature en mati\u00e8re de\ngestion des budgets op\u00e9rationnels\n104-111-112-113-119-122-124129-135-137-147-148-161-163-172-181-206-207-209-215-216-217-218-219-232-303-348-349-354-357-362-363-36\n4-380-723-754-780-833 des fonds europ\u00e9ens et des recettes non fiscales\n37\nVu l'arr\u00eat\u00e9 du Premier Ministre et du Ministre de l'Int\u00e9rieur en date du 2 juin 2021 nommant MmeMilada PANTIC, en qualit\u00e9 d'adjointe au Secr\u00e9taire g\u00e9n\u00e9ral pour les affaires r\u00e9gionales de la R\u00e9gionBourgogne-Franche-Comt\u00e9, en charge du p\u00f4le \u00ab moyens, modernisation, mutualisations \u00bb, pour unedur\u00e9e de 4 ans \u00e0 compter du 1* juillet 2021 ;Vu l'arr\u00eat\u00e9 du Premier Ministre et du Ministre de l'Int\u00e9rieur en date du 22 d\u00e9cembre 2022 nommantMme Florence BERNARD, en qualit\u00e9 d'adjointe au Secr\u00e9taire g\u00e9n\u00e9ral pour les affaires r\u00e9gionales dela R\u00e9gion Bourgogne-Franche-Comt\u00e9, en charge du p\u00f4le \u00ab politiques publiques interminist\u00e9rielles \u00bb,Vu l'arr\u00e9t\u00e9 1184/SG du 3 d\u00e9cembre 2020 portant organisation du Secr\u00e9tariat G\u00e9n\u00e9ral CommunD\u00e9partemental ;Vu l'arr\u00eat\u00e9 pr\u00e9fectoral 1251/SG du 18 d\u00e9cembre 2020 portant organisation des services de lapr\u00e9fecture de la r\u00e9gion Bourgogne-Franche-Comt\u00e9, pr\u00e9fecture du d\u00e9partement de la C\u00f4te d'Or ;Vu l'accord local relatif \u00e0 l'application du protocole d'exp\u00e9rimentation de la carte voyagiste dans lecadre du d\u00e9ploiement de CHORUS DT (D\u00e9placements Temporaires) sign\u00e9 conjointement le 17 avril2018 par Mme Christiane BARRET, Pr\u00e9f\u00e8te de la r\u00e9gion Bourgogne-Franche-Comt\u00e9 et de la C\u00f4ted'Or et Mme Martine VIALLET, Directrice r\u00e9gionale des finances publiques de la r\u00e9gion Bourgogne-Franche-Comt\u00e9 et du d\u00e9partement de la C\u00f4te d'Or,Vu l' arr\u00e9t\u00e9 pr\u00e9fectoral N\u00b0 448/SG du 17 mars 2025 donnant d\u00e9l\u00e9gation de signature en mati\u00e8re degestion des budgets op\u00e9rationnels 104-111-112-119-122-129-137-147-148 -161-172-181-206-207-209-215-216-217-218-219-232-303-348-349-354-357-380-723-754-780-833, des fonds europ\u00e9ens etdes recettes non fiscales ;Sur proposition de Monsieur le Secr\u00e9taire g\u00e9n\u00e9ral de la pr\u00e9fecture de la C\u00f4te-d'Or ;ARR\u00caTEArticle _1er: L'arr\u00eat\u00e9 pr\u00e9fectoral n\u00b0 448/SG du 17 mars 2025 donnant d\u00e9l\u00e9gation de signature enmati\u00e8re de gestion des budgets op\u00e9rationnels 104-111-112-113-119-122-124-129-135-137-147-148-161-163-172-181-206-207-209-215-216-217-218-219-232-303-348-349-354-357-362-363-364-380-723-754-780-833,des fonds europ\u00e9ens et des recettes non fiscales et toutes dispositionsant\u00e9rieures et contraires au pr\u00e9sent arr\u00eat\u00e9 sont abrog\u00e9s \u00e0 compter du 16 juin 2025._ Article 2 : D\u00e9l\u00e9gation de signature et de gestion est donn\u00e9e aux membres du corps pr\u00e9fectoral etaux agents mentionn\u00e9s dans le tableau en annexe 1 du pr\u00e9sent arr\u00e9t\u00e9 dans les conditions et limitespr\u00e9vues, pour I'ex\u00e9cution des d\u00e9penses au titre des BOP 104-111-112-113-119-122-124-129-135-137-147-148-161-163-172-181-206-207-209-215-216-217-218-219-232-303-348-349-354-357-362-363-364-380-723-754-780-833, des fonds europ\u00e9ens et des recettes non fiscales.Article 3 : Le secr\u00e9taire g\u00e9n\u00e9ral de la pr\u00e9fecture de la C\u00f4te-d'Or, la Directrice r\u00e9gionale desfinances publiques, les membres du corps pr\u00e9fectoral ainsi que les agents mentionn\u00e9s dans'annexe vis\u00e9e \u00e0 l'article 2, sont charg\u00e9s, chacun en ce qui le concerne, de I'ex\u00e9cution du pr\u00e9sentarr\u00eat\u00e9 qui sera publi\u00e9 au recueil des actes administratifs de la pr\u00e9fecture de la C\u00f4te-d'Or.Fait \u00e0 Dijon, le 13 juin 2025Le Pr\u00e9fet,Sign\u00e9:Paul MOURIER\nPr\u00e9fecture de la C\u00f4te-d'Or - 21-2025-06-13-00008 - Arr\u00eat\u00e9 pr\u00e9fectoral n\u00b0 820 / SG donnant d\u00e9l\u00e9gation de signature en mati\u00e8re de\ngestion des budgets op\u00e9rationnels\n104-111-112-113-119-122-124129-135-137-147-148-161-163-172-181-206-207-209-215-216-217-218-219-232-303-348-349-354-357-362-363-36\n4-380-723-754-780-833 des fonds europ\u00e9ens et des recettes non fiscales\n38\nBOPANNEXE\u00e0 l'arr\u00eat\u00e9 pr\u00e9fectoral n\u00b0 820/ SG du 13juin 2025D\u00c9L\u00c9GATION DE SIGNATURE EN MATIERE DE GESTION DE L'UNIT\u00c9 OPERATIONNELLED\u00c9PARTEMENT DE LA COTE D'OR ET DES BUDGETS OP\u00c9RATIONNELS DE PROGRAMME REGIONAL104-111-112-113-119-122-124-129-135-137-147-148-161-163-172-181-206-207-209-215-216-217-218-219-232-303-348-349-354-357-362-363-364-380-723-754-780-833, des fonds europ\u00e9ens et des recettes non fiscales\nGESTION BUDG\u00c9TAIRE ET COMPTABLE\nValidation de l'engagement juridiqueM. Eddy GAFFIOT chef du Centre deServices Partag\u00e9s R\u00e9gional CHORUSMme Nathalie BORNOT Cheffe du p\u00f4lecommande publique projets complexesMme C\u00e9lia MOREAUX, responsableQualit\u00e9 Performance\nM. Denis BRUEL, secr\u00e9taire g\u00e9n\u00e9ralMme Magalie MALERBA, secr\u00e9taire g\u00e9n\u00e9rale adjointeMme C\u00e9line JOUVENCEAUX adjointelAu responsable du CSPR CHORUS,Cheffe du p\u00f4le subventions recettesM. Olivier SOUPRAYEN Valideur DP,RNF, EJ\nCertification du \u00ab service fait \u00bb dans Chorussur la base de la \u00ab constatation du servicefait \u00bb \u00e9tablie par les centres prescripteurs\nMme Christelle MEYNIER GestionnaireMme Bouchra PAGANT GestionnaireMme Muriel DEMOR GestionnaireMme B\u00e9atrice LAVALETTE GestionnaireMme Rachel MAILLARD GestionnaireMme Leyla LAOUAJ GestionnaireM. Beno\u00eet GAUTRET Gestionnaire\nM. Denis BRUEL, secr\u00e9taire g\u00e9n\u00e9ralMme Magalie MALERBA, secr\u00e9taire g\u00e9n\u00e9rale adjointeM. Eddy GAFFIOT chef du Centre de ServicesPartag\u00e9s R\u00e9gional CHORUSMme C\u00e9line JOUVENCEAUX adjointe auresponsable du CSPR CHORUS,cheffe du p\u00f4le subventions recettesMme C\u00e9lia MOREAUX, responsable qualit\u00e9Performance\nValidation des demandes de paiementet des recettes non fiscales\nMme C\u00e9line JOUVENCEAUX adjointeau responsable du CSPR CHORUS,Cheffe du p\u00f4le subventions recettesM.Olivier SOUPRAYEN Valideur DP,RNF et EJMme C\u00e9lia MOREAUX, responsablequalit\u00e9 performance\nM. Denis BRUEL, secr\u00e9taire g\u00e9n\u00e9ralMme Magalie MALERBA, secr\u00e9taire g\u00e9n\u00e9rale adjointeM. Eddy GAFFIOT chef du Centre deServices Partag\u00e9s R\u00e9gional CHORUSMme Nathalie BORNOT Cheffe du p\u00f4leCommande publique projets complexes\nTenue de la comptabilit\u00e9 auxiliairedes immobilisationsM. Eddy GAFFIOT chef du Centre deServices Partag\u00e9s R\u00e9gional CHORUSM. Benoit GAUTRET GestionnaireMme Nathalie BORNOT Cheffe du p\u00f4leCommande publique projets complexes\nM. Denis BRUEL, secr\u00e9taire g\u00e9n\u00e9ralMme Magalie MALERBA, secr\u00e9taire g\u00e9n\u00e9rale adjointeMme C\u00e9line JOUVENCEAUX adjointe au responsable duCSPR CHORUS, cheffe du p\u00e9le subventions recettes\nOrdre a payer dans Chorus formulaire.M. Jean PRUDHOMME, chef du ServiceBudget-AchatM. Denis BRUEL, secr\u00e9taire g\u00e9n\u00e9ralMme Magalie MALERBA, secr\u00e9taire g\u00e9n\u00e9rale adjointeMme Martine THUNOT, Adjointe au chef du ServiceBudget-Achat, )Mme Monique FIORE Mme Maud DE HARO\nDans le cadre de CHORUS DT:Fraisde d\u00e9placement pour les membresdu corps pr\u00e9fectoral : ordre de mission et\u00e9tat de frais en tant que valideur hi\u00e9rarchiqueVH1\nSERVICES PRESCRIPTEURS\nMme Nathalie BERGET, Directrice duSecr\u00e9tariat g\u00e9n\u00e9ral commun d\u00e9partemental\nPage 1\nM. Denis BRUEL, secr\u00e9taire g\u00e9n\u00e9ralMme Magalie MALERBA, secr\u00e9taire g\u00e9n\u00e9rale adjointeM. David VERGNEAU, Directeur adjoint duSecr\u00e9tariat g\u00e9n\u00e9ral commun d\u00e9partementalM. Jean PRUDHOMME, chef du ServiceBudget-AchatMme Martine THUNOT, Adjointe au chef duService Budget- AchatMme Laurence GRANGER,Mme Maud DE HARO M. Joris MARCHAND\nPr\u00e9fecture de la C\u00f4te-d'Or - 21-2025-06-13-00008 - Arr\u00eat\u00e9 pr\u00e9fectoral n\u00b0 820 / SG donnant d\u00e9l\u00e9gation de signature en mati\u00e8re de\ngestion des budgets op\u00e9rationnels\n104-111-112-113-119-122-124129-135-137-147-148-161-163-172-181-206-207-209-215-216-217-218-219-232-303-348-349-354-357-362-363-36\n4-380-723-754-780-833 des fonds europ\u00e9ens et des recettes non fiscales\n39\nBOPDans le cadre de CHORUS DT:- Frais de d\u00e9placement pour les directeurs etla conseillere technique r\u00e9gionale : ordre demission et \u00e9tat de frais- Frais de d\u00e9placement pour les assistantessociales de la r\u00e9gionBourgogne-Franche-Comt\u00e9 : ordre demission et \u00e9tat de frais en tant que valideurHi\u00e9rarchique VH1\nD\u00e9cisions de d\u00e9penses et de recettes etcertification de service fait quel que soitle montant\nD\u00e9cisions de d\u00e9penses et recettes-\u2014 certification du service fait\nD\u00e9cisions de d\u00e9penses et recettes\u2014 certification du service fait\nD\u00e9cisions de d\u00e9penses et recettes- certification du service fait\nD\u00e9cisions de d\u00e9penses et recettes- certification du service fait\nD\u00e9cisions de d\u00e9penses et recettes- certification du service fait\nD\u00e9cisions de d\u00e9penses et recettes- certification du service fait\nD\u00e9cisions de d\u00e9penses et recettes relativesaux frais de repr\u00e9sentation du secr\u00e9taireG\u00e9n\u00e9ral et certification du service fait\nM. Denis BRUEL, secr\u00e9taire g\u00e9n\u00e9ralMme Magalie MALERBA, secr\u00e9taire g\u00e9n\u00e9raleladjointeMme Edith PERRON, conseill\u00e8re techniquer\u00e9gionale\nR\u00e9serv\u00e9es \u00e0 la signature deM. Paul MOURIER, Pr\u00e9fet\nM. Denis BRUEL, secr\u00e9taire g\u00e9n\u00e9ral\nMme Magalie MALERBA, secr\u00e9taire g\u00e9n\u00e9raleadjointe\nMadame Aur\u00e9lie CONTRECIVILE, directrice decabinet\nMme Anne COSTE DE CHAMPERON,secr\u00e9taire g\u00e9n\u00e9rale pour les affaires r\u00e9gionalesDe Bourgogne \u2014 Franche-Comt\u00e9\nM. Beno\u00eet BYRSKI, sous-pr\u00e9fet de Beaune\nM. S\u00e9bastien LANOYE, sous-pr\u00e9fet deMontbard -\nM. Laurent BOILL\u00c9E, secr\u00e9taire g\u00e9n\u00e9ral de laSous-pr\u00e9fecture de Beaune\nMme Nathalie BERGET, Directrice duSecr\u00e9tariat g\u00e9n\u00e9ral commun d\u00e9partementalM. David VERGNEAU, Directeur adjoint duSecr\u00e9tariat g\u00e9n\u00e9ral commun d\u00e9partementalM. Jean PRUDHOMME, chef du ServiceBudget-AchatMme Martine THUNOT, Adjointe au chef duService Budget-Achat ;Mme Maud DE HARO Mme Laurence GRANGER M. Joris\nSaisie dans Chorus Formulaire des DA etcertification des SF : Carole RATEL.Monique FIORE, M. Louis DUSARTSaisie dans Chorus Formulaire des DA etcertification des SF : Nathalie DEMONTMme Monique FIORE, Mme Martine THUNOT,M. Louis DUSARTSaisie dans Chorus Formulaire des DA etcertification des SF : Nathalie DEMONTSaisie dans Chorus et certification des SF :Martine THUNOT, Monique FIORE etLouis DUSARTSaisie dans Chorus Formulaire des DA etcertification des SF : Carole RATEL,Saisie dans Chorus et certification des SF :Martine THUNOT, Monique FIORE etM. Louis DUSARTSaisie dans Chorus Formulaire des DA etcertification des SF : Zhor HAMANI, C\u00e9ciline LEVENARD,Julien MARLOT et Olivier BONNEVIE.Saisie dans Chorus Formulaire et certificationdes SF : Mme Monique FIORE, Mme Martine THUNOTet M. Louis DUSARTSaisie dans Chorus Formulaire des DA etcertification des SF : Marie FETEIRA etFlorine CAILLOT,Mme Monique FIORE, Martine THUNOT etM. Louis DUSART\nSaisie dans Chorus Formulaire des DA etcertification des SF : Madame Lisa MONOT etM. Quentin LECLERCQMme Monique FIORE, Mme Martine THUNOT,M. Louis DUSARTM. Benoit BYRSKI, sous-pr\u00e9fet de BeauneSaisie dans Chorus Formulaire des DA etcertification des SF : Marie FETEIRA etFlorine CAILLOTMonique FIORE, Martine THUNOT,Louis DUSARTDans le cadre de CHORUS DT :Frais de d\u00e9placement (y compris formation),ordres de mission et \u00e9tats de frais enTant que valideur hi\u00e9rarchique VH1 M. Benoit BYRSKI, sous-pr\u00e9fet de BeauneM. Laurent BOILLEE, secr\u00e9taire g\u00e9n\u00e9ral dela sous-pr\u00e9fecture de BeauneMme Laila BENJDIR, secr\u00e9taire g\u00e9n\u00e9raleAdjointe\nD\u00e9cisions de d\u00e9penses et recettes- certification du service fait\nD\u00e9cisions de d\u00e9penses et recettes relatives auxfrais de repr\u00e9sentation du secr\u00e9taire g\u00e9n\u00e9ral etcertification du service fait\nM. Benoit BYRSKI, sous-pr\u00e9fet de Beaune\nMme Marguerite MOINDROT secr\u00e9taireg\u00e9n\u00e9rale de la sous- pr\u00e9fecture de Montbard\nM. Laurent BOILL\u00c9E, secr\u00e9taire g\u00e9n\u00e9ral de la sous-pr\u00e9fecture de BeauneSaisie dans Chorus Formulaire des DA et certification des SF :Marie FETEIRA et Florine CAILLOTMonique FIORE, Martine THUNOT,Laurence GRANGER, Maud DE HAROLouis DUSART, Joris MARCHAND\nM. S\u00e9bastien LANOYE, sous-pr\u00e9fet de MontbardSaisie dans Chorus Formulaire des DA etCertification des SF : Lisa MONOT,Quentin LECLERCQMme Monique FIORE, Mme Martine THUNOT,M. Louis DUSARTDans le cadre de CHORUS DT:Frais de d\u00e9placement (y compris formation), ordresde mission et \u00e9tats de frais en tant que valideurhi\u00e9rarchique VH1 M. S\u00e9bastien LANOYE, sous-pr\u00e9fet deMontbard Mme Marguerite MOINDROT secr\u00e9taire g\u00e9n\u00e9rale de lasous- pr\u00e9fecture de MontbardMme Isabelle BAIJOT, chef du p\u00f4le collectivit\u00e9s localeset d\u00e9veloppement territorial\nPage 2\nPr\u00e9fecture de la C\u00f4te-d'Or - 21-2025-06-13-00008 - Arr\u00eat\u00e9 pr\u00e9fectoral n\u00b0 820 / SG donnant d\u00e9l\u00e9gation de signature en mati\u00e8re de\ngestion des budgets op\u00e9rationnels\n104-111-112-113-119-122-124129-135-137-147-148-161-163-172-181-206-207-209-215-216-217-218-219-232-303-348-349-354-357-362-363-36\n4-380-723-754-780-833 des fonds europ\u00e9ens et des recettes non fiscales\n40\nBOP\nD\u00e9cisions de d\u00e9penses et recettes - certification duservice fait\nD\u00e9cisions de d\u00e9penses et recettes et certificationdu service fait\nM. S\u00e9bastien LANOYE, sous-pr\u00e9fet deMontbard\nMadame Aur\u00e9lie CONTRECIVILE, directrice decabinet\nMme Marguerite MOINDROT, secr\u00e9taire g\u00e9n\u00e9rale de la sous-pr\u00e9fecture de MontbardSaisie dans Chorus Formulaire des DA et certification des SF :Lisa MONOT,Quentin LECLERCQ, Monique FIORE,Martine THUNOT, Louis DUSART,Laurence GRANGER,Maud DE-HARO Joris MARCHANDM. Denis BRUEL, secr\u00e9taire g\u00e9n\u00e9ralMme Magalie MALERBA, secr\u00e9taire g\u00e9n\u00e9rale adjointeSaisie dans Chorus Formulaire des DA et certification des SF :Mesdames Laurence GRANGER, Monique FIORE,Martine THUNOT, Maud DE-HARO, M. Louis DUSART,Joris MARCHANDDans le cadre de chorus-DT:Frais de d\u00e9placement (y compris formation) pourles agents du cabinet et de la direction dess\u00e9curit\u00e9s : ordres de mission et \u00e9tats de frais entant que valideur hi\u00e9rarchique VH1 Madame Aur\u00e9lie CONTRECIVILE, directrice decabinet\nM. Denis BRUEL, secr\u00e9taire g\u00e9n\u00e9ralMme Magalie MALERBA, secr\u00e9taire g\u00e9n\u00e9rale adjointeMme Nathalie AUBERTIN, Directrice des s\u00e9curit\u00e9s (jusqu'au30 juin 2025)Mme C\u00e9cile HERMIER, chef du service r\u00e9gional etd\u00e9partemental de la communication interminist\u00e9rielleMadame Carole RATEL M. Jean PRUDHOMME\nElections \u2014 frais de bouche : d\u00e9cisions ded\u00e9penses et recettes \u2014 certification du service faitMadame Aur\u00e9lie CONTRECIVILE, directrice decabinet M. Louis -Joseph VANDERSTUYF,Chef du bureau de larepr\u00e9sentation de I'Etat _\u2014Mme France HERRSCHER, adjointe au chef du bureau dela repr\u00e9sentation de I'Etat\nFrais de bouche (exercices de d\u00e9fense) : d\u00e9cisionsde d\u00e9penses et certification du service faitMadame Aur\u00e9lie CONTRECIVILE, directrice decabinet\nMme Nathalie AUBERTIN, Directrice des s\u00e9curit\u00e9s (jusqu'au30 juin 2025)M. Thierry BRULE, chef de la s\u00e9curit\u00e9 civileM. Timoth\u00e9e DANIEL, chef du bureau d\u00e9fense et s\u00e9curit\u00e9Saisie dans Chorus Formulaire des DA et certification des SF :Mesdames Laurence GRANGER, Monique FIORE,Martine THUNOT,Maud DE-HARO, Mrs Louis DUSART et Joris MARCHANDD\u00e9cisions de d\u00e9penses et recettes relatives auxfrais de repr\u00e9sentation du directeur des s\u00e9curit\u00e9s etcertification de service fait Mme Nathalie AUBERTIN, Directrice des s\u00e9curit\u00e9s(jusqu'au 30 juin 2025) , Mme H\u00e9l\u00e9ne MANCIAUX,Directrice des s\u00e9curit\u00e9s ( \u00e0 compter du 1 juillet 2025)Saisie dans Chorus Formulaire des DA et certification des SF :Mesdames Laurence GRANGER, Monique FIORE, MartineTHUNOT, Maud DE-HARO, Mrs Louis DUSART et JorisMARCHANDD\u00e9cisions de d\u00e9penses et recettes relatives auxfrais de repr\u00e9sentation du chef du bureau de lacommunication interminist\u00e9rielle et certification du'service fait |Mme C\u00e9cile HERMIER, cheffe du service r\u00e9gional etd\u00e9partemental de la communication interminist\u00e9rielleSaisie dans Chorus Formulaire des DA et certification desSF : M. J\u00e9r\u00f4me COLIN,Mesdames Laurence GRANGER, Monique FIORE,Martine THUNOT, Maud DE-HARO, M. Louis DUSART, M.Joris MARCHAND\nCommunication interminist\u00e9rielle : d\u00e9cisions ded\u00e9penses et recettes > a 250 \u20ac Madame Aur\u00e9lie CONTRECIVILE, directrice decabinet\nMme C\u00e9cile HERMIER, chef du service r\u00e9gional etd\u00e9partemental de la communication interminist\u00e9rielleSaisie dans Chorus Formulaire des DA et certification desSF: M. J\u00e9r\u00f4me COLIN,Mesdames Laurence GRANGER, Monique FIORE, MartineTHUNOT, Maud DE-HARO, M. Louis DUSART, M. JorisMARCHAND\nCommunication interminist\u00e9rielle : d\u00e9cisions ded\u00e9penses et recettes < \u00e0 250 \u20ac Mme C\u00e9cile HERMIER, cheffe du service r\u00e9gional etd\u00e9partemental de la communication interminist\u00e9rielle\nM. J\u00e9r\u00f4me COLIN, adjoint au chef du service r\u00e9gional etd\u00e9partemental de la communication interminist\u00e9rielleSaisie dans Chorus Formulaire des DA et certification desSF: M. J\u00e9r\u00f4me COLIN,Mesdames Laurence GRANGER, Monique FIORE, MartineTHUNOT, Maud DE-HARO, M. Louis DUSART, M. JorisMARCHAND\nCommunication interminist\u00e9rielle : certification du\u00a7ervice fait quel que soit le montantMadame Aur\u00e9lie CONTRECIVILE, directrice decabinetMme C\u00e9cile HERMIER, cheffe du service r\u00e9gional etd\u00e9partemental de la communication interminist\u00e9rielle\nM. J\u00e9r\u00f4me COLIN, adjoint au chef du service r\u00e9gional etd\u00e9partemental de la communication interminist\u00e9rielleSaisie dans Chorus Formulaire des DA et certification desSF : Mesdames Laurence GRANGER, Monique FIORE,[Martine THUNOT, Maud DE-HARO, M. Louis DUSART, M.Joris MARCHAND\nC\u00e9r\u00e9monies publiques (achat de m\u00e9dailles) :d\u00e9cisions de d\u00e9penses et de recettes etcertification du service fait Mme C\u00e9cile HERMIER, cheffe du service r\u00e9gional etd\u00e9partemental de la communication interminist\u00e9rielle\nMme Aur\u00e9lie CONTRECIVILE, directricer de cabinetM. J\u00e9r\u00f4me COLIN, adjoint au chef du service r\u00e9gional etd\u00e9partemental de la communication interminist\u00e9rielleSaisie dans Chorus Formulaire des DA et certification desSF : Mesdames Laurence GRANGER, Monique FIORE,Martine THUNOT, Maud DE-HARO, M. Louis DUSART,M. Joris MARCHAND ;Police administrative : d\u00e9cisions de d\u00e9penses etrecettes, certification de service fait pour lesvacations des membres de la commission devid\u00e9o-surveillance- |Madame Aur\u00e9lie CONTRECIVILE, directrice decabinet M. Denis BRUEL, secr\u00e9taire g\u00e9n\u00e9ralMme Magalie MALERBA, secr\u00e9taire g\u00e9n\u00e9rale adjointeFonds interminist\u00e9riel de pr\u00e9vention de lad\u00e9linquance - Mission interminist\u00e9rielle de luttecontre drogues et conduites addictives : d\u00e9cisionsde d\u00e9penses \u2014 subventionsMadame Aur\u00e9lie CONTRECIVILE, directrice de(cabinet . M. Denis BRUEL, secr\u00e9taire g\u00e9n\u00e9ralMme Magalie MALERBA, secr\u00e9taire g\u00e9n\u00e9rale adjointeDans le cadre de CHORUS formulaires :Fonds interminist\u00e9riel de pr\u00e9vention de lad\u00e9linquance - Mission interminist\u00e9rielle de luttecontre les drogues et les conduites addictives :certification du service faitvIT Y\nMme Sandrine DA SILVA, charg\u00e9e de missionpr\u00e9vention d\u00e9linquance\nPage 3\nMesdames S\u00e9verine LACROIX et Ana\u00efs GASPALON\nPr\u00e9fecture de la C\u00f4te-d'Or - 21-2025-06-13-00008 - Arr\u00eat\u00e9 pr\u00e9fectoral n\u00b0 820 / SG donnant d\u00e9l\u00e9gation de signature en mati\u00e8re de\ngestion des budgets op\u00e9rationnels\n104-111-112-113-119-122-124129-135-137-147-148-161-163-172-181-206-207-209-215-216-217-218-219-232-303-348-349-354-357-362-363-36\n4-380-723-754-780-833 des fonds europ\u00e9ens et des recettes non fiscales\n41\nBOP\nDans le cadre de CHORUS DT:Frais de d\u00e9placement, ordres de mission et \u00e9tatsde frais en tant que valideur hi\u00e9rarchique VH1Mme Nathalie BERGET, Directrice du Secr\u00e9tariatg\u00e9n\u00e9ral commun d\u00e9partemental\nM. Denis BRUEL, secr\u00e9taire g\u00e9n\u00e9ralMme Magalie MALERBA, secr\u00e9taire g\u00e9n\u00e9rale adjointeM. David VERGNEAU, directeur adjoint du SGCDM. Eric LATHUILLE, chef du service GCQVT,Mme DESNOUVAUX Sylvie, adjointe au chef du serviceGCQVT, cheffe du service r\u00e9gional et d\u00e9partemental deformationMme Val\u00e9rie MALATY, cheffe des ressources humainesM. Thomas GEVREY, adjoint au chef du service desressources humaines et de la formation,M. Jean PRUDHOMME, chef du service Budget-AchatMme Martine THUNOT, Adjointe au chef du Service Budget-Achat,Mmes Laurence GRANGER et Maud DE HARO, M. JorisMARCHANDM. Eddy GAFFIOT, Responsable du centre de servicespartag\u00e9s r\u00e9gional CHORUS,Mme C\u00e9line JOUVENCEAUX, adjointe au responsable ducentre de services partag\u00e9s r\u00e9gional CHORUS,M. Didier PERALDI, chef du serviceLogistique/Immobilier/services internes,M. Jean-Christophe BRIOT, chef du SDISICM. Jean-Luc JOBARD, chef de p\u00f4le du SDISICTitres de perception des BOP vis\u00e9s en titre de lapr\u00e9sente annexe, des taxes fiscales affect\u00e9es, despensions alimentaires et des consignationsenvironnement, des d\u00e9gr\u00e8vements de redevancesarch\u00e9ologiques - \u00e9tat r\u00e9capitulatif des cr\u00e9ancespour mise en recouvrement - les admissions ennon-valeur\nD\u00e9cisions de d\u00e9penses et de recettes pourl'organisation des concours (location salles,publicit\u00e9, vacations) et le r\u00e8glement des honorairesm\u00e9dicaux< 500\u20ac\nMme Nathalie BERGET, Directrice du Secr\u00e9tariatg\u00e9n\u00e9ral commun d\u00e9partemental\nMme Nathalie BERGET, Directrice du Secr\u00e9tariatg\u00e9n\u00e9ral commun d\u00e9partemental\nM. Denis BRUEL, secr\u00e9taire g\u00e9n\u00e9ral Mme MagalieMALERBA, secr\u00e9taire g\u00e9n\u00e9rale adjointe QM. David VERGNEAU,directeur adjoint du SGCDM. Eddy GAFFIOT, Responsable du centre de servicespartag\u00e9s r\u00e9gional CHORUSMme C\u00e9line JOUVENCEAUX, adjointe au responsable ducentre de services partag\u00e9s r\u00e9gional CHORUS\nM. Denis BRUEL, secr\u00e9taire g\u00e9n\u00e9ral Mme MagalieMALERBA, secr\u00e9taire g\u00e9n\u00e9rale adjointeM. David VERGNEAU,directeur adjoint du SGCDMme Val\u00e9rie MALATY, cheffe des ressources humainesM. Thomas GEVREY, adjoint \u00e0 la cheffe du service desressources humaines ;Mme Christelle THEVENOT, cheffe de p\u00f4le RHSaisie dans Chorus Formulaire des DA et certification desSF : Mesdames Coralie HAUTIER, Maurane HOUSNI,St\u00e9phanie JACQUOT, Martine THUNOT, LaurenceGRANGER, Monique FIORE, et Maud DE-HARO, M. LouisDUSART, M. Joris MARCHAND\nD\u00e9cisions de d\u00e9penses et de recettes<a5000\u20ac Mme Nathalie BERGET, Directrice du Secr\u00e9tariatg\u00e9n\u00e9ral commun d\u00e9partemental\nM. Denis BRUEL, secr\u00e9taire g\u00e9n\u00e9ral .Mme Magalie MALERBA, secr\u00e9taire g\u00e9n\u00e9rale adjointeSaisie dans Chorus Formulaire des DA et certification des SF :M. David VERGNEAU directeur adjoint du SGCD ;Mesdames Coralie HAUTIER, Maurane HOUSNI, MartineTHUNOT, Laurence GRANGER, Monique FIORE, et MaudDE-HARO,M. Louis DUSART, M. Joris MARCHAND\nD\u00e9penses li\u00e9es \u00e0 l'activit\u00e9 RH: organisation desconcours (location salles, publicit\u00e9, vacations), ler\u00e8glement des honoraires m\u00e9dicaux, gratificationsdes stagiaires : certification de service fait quel quesoit le montant\nD\u00e9cisions de d\u00e9penses et de recettes relatives \u00e0 laformation\nMme Nathalie BERGET, Directricedu Secr\u00e9tariatg\u00e9n\u00e9ral commun d\u00e9partemental\nM. Denis BRUEL, secr\u00e9taire g\u00e9n\u00e9ralMme Magalie MALERBA, secr\u00e9taire g\u00e9n\u00e9raleadjointe\nM. Denis BRUEL, secr\u00e9taire g\u00e9n\u00e9ralMme Magalie MALERBA, secr\u00e9taire g\u00e9n\u00e9rale adjointeM. David VERGNEAU, directeur adjoint du SGCDMme Val\u00e9rie MALATY, cheffe des ressources humainesM. Thomas GEVREY, adjoint \u00e0 la cheffe du service desressources humainesM. Jean PRUDHOMME, chef du Service Budget-AchatMme Martine THUNOT, Adjointe du chef du Service -Budget-AchatSaisie dans Chorus Formulaire des DA et certification desSF : Coralie HAUTIER, Maurane HOUSNI, St\u00e9phanieJACQUOT, Laurence GRANGER et Monique FIORE,Maud DE-HAROLouis DUSART, Joris MARCHANDMadame Aur\u00e9lie CONTRECIVILE, directrice de cabinetSaisie dans Chorus Formulaire des DA et certification desSF : Mme Emmanuelle BONNARDOT, Eric LATHUILLE,Sylvie DESNOUVAUX, Sophie LEFEBVRE\nD\u00e9cisions de d\u00e9penses et de recettes relatives \u00e0 laformation < a 5000 \u20ac Mme Nathalie BERGET, Directrice du Secr\u00e9tariatg\u00e9n\u00e9ral commun d\u00e9partemental\nTHUNOT, Monique FIORE, Maud DE-HARO, Louis\nM. Denis BRUEL, secr\u00e9taire g\u00e9n\u00e9ral MmeMagalie MALERBA, secr\u00e9taire g\u00e9n\u00e9rale adjointeM. David VERGNEAU,directeur adjoint du Secr\u00e9tariat g\u00e9n\u00e9ral commun ;d\u00e9partementalSaisie dans Chorus Formulaire des DA et certification desSF:Emmanuelle BONNARDOT, Sophie LEFEBVRE, MartineDUSART, Joris MARCHAND\nPage 4\nPr\u00e9fecture de la C\u00f4te-d'Or - 21-2025-06-13-00008 - Arr\u00eat\u00e9 pr\u00e9fectoral n\u00b0 820 / SG donnant d\u00e9l\u00e9gation de signature en mati\u00e8re de\ngestion des budgets op\u00e9rationnels\n104-111-112-113-119-122-124129-135-137-147-148-161-163-172-181-206-207-209-215-216-217-218-219-232-303-348-349-354-357-362-363-36\n4-380-723-754-780-833 des fonds europ\u00e9ens et des recettes non fiscales\n42\nBOPM. Denis BRUEL, secr\u00e9taire g\u00e9n\u00e9ralMme Magalie MALERBA, secr\u00e9taire g\u00e9n\u00e9rale adjointeMme DESNOUVAUX Sylvie, adjointe au chef du serviceGCQVT, cheffe du service r\u00e9gional et d\u00e9partemental deformationSaisie dans Chorus Formulaire des DA et certificationdes SF :Emmanuelle BONNARDOT, Sophie LEFEBVRED\u00e9cisions de d\u00e9penses et de recettes relatives \u00e0 la ; M. Jean PRUDHOMME, chef du service Budget-Achatformation < & 1000 \u20ac Eric LATHUILLE, chef du service GCQVT Martine THUNOT, Monique FIORE,Maud DE-rHARO,Louis DUSART, Joris MARCHANDMme DESNOUVAUX Sylvie, adjointe au chef du serviceGCQVT, cheffe du service r\u00e9gional et d\u00e9partemental deformationSaisie dans Chorus Formulaire des DA et certification desSF :Emmanuelle BONNARDOT, Sophie LEFEBVREM. Jean PRUDHOMME, chef du service Budget-AchatMartine THUNOT, Monique FIORE,Maud DE-HARO,Louis DUSART, Joris MARCHANDM. Denis BRUEL, secr\u00e9taire g\u00e9n\u00e9ral Mme NathalieBERGET, Directrice du Secr\u00e9tariat g\u00e9n\u00e9ral communMme DESNOUVAUX Sylvie,Documents relatifs aux indemnit\u00e9s d'enseignement :fi\u00e4ifgt\u00e2l\u00eeg :\u00c6\u00cbed:]\u00e9s\u00eeJrr':\u00e4ee?c\u00ee\u00e9QZr\u00eet-'emental de d\u00e9partementalps 9 p M. David VERGNEAU, directeur adjoint du SGCDM. Eric LATHUILLE, chef du service GCQVTM. Denis BRUEL, secr\u00e9taire g\u00e9n\u00e9ral Mme NathalieBERGET, Directrice du Secr\u00e9tariat g\u00e9n\u00e9ral communDans le cadre de CHORUS DT:D\u00e9cisions de _ |Mme DESNOUVAUX Sylvie, d\u00e9partementald\u00e9penses et de recettes relatives aux transports et |adjointe au chef du service GCQVT, \u00c9 ; -\u00e0 l'h\u00e9bergement et aux frais de bouche des cheffe du service r\u00e9gional et d\u00e9partemental de M. David VERGNEAU, directeur ad;_omt du SGCDformateurs en tant que valideur hi\u00e9rarchique VH1 _ |formation M. Eric LATHUILLE, chef du service GCQVTMesdames Emmanuelle BONNARDOT, Sophie LEFEBVRE,Laurence GRANGER, Maud DE HARO, Joris MARCHANDM. Denis BRUEL, secr\u00e9taire g\u00e9n\u00e9ral MmeMagalie MALERBA, secr\u00e9taire g\u00e9n\u00e9rale adjointeF tion : certification d ice fait i . ; Mme Nathalie BERGET,|e\u00b0;1n:)\u00een|:2t certification de service fait quel que soi , Eric LATHUILLE, chef du service GCQUT Directrice du Secr\u00e9tariat g\u00e9n\u00e9ral commun d\u00e9partementalM. David VERGNEAU, directeur adjoint du SGCDMme Emmanuelle BONNARDOT, Mme Sophie LEFEBVREM. Denis BRUEL, secr\u00e9taire g\u00e9n\u00e9ral MmeMagalie MALERBA, secr\u00e9taire g\u00e9n\u00e9rale adjointeMme Nathalie BERGET,directrice du SGCDM. David VERGNEAU, directeur adjoint du SGCDMme DESNOUVAUX Sylvie, adjointe au chef du serviceGCQVT, cheffe du service r\u00e9gional et d\u00e9partemental deD\u00e9cisions de d\u00e9penses relatives \u00e0 I'action sociale formationet a la m\u00e9decine de pr\u00e9vention M. Eric LATHUILLE, chef du service GCQVT Mme Isabelle GUERIN, cheffe du SDAS,<1000 \u20ac ;M. Jean PRUDHOMME, chef du service B-Budget-AchatSaisie dans Chorus Formulaire des DA et certification des SF :Mesdames Florence VUILLEMIN, C\u00e9line MEILLIER,Isabelle GUERIN,Martine THUNOT, Laurence GRANGER, Monique FIORE,Maud DE -HARO,Louis DUSART, Joris MARCHAND\nM. Denis BRUEL, secr\u00e9taire g\u00e9n\u00e9ral MmeMagalie MALERBA, secr\u00e9taire g\u00e9n\u00e9rale adjointeMme Nathalie BERGET,, ; Directrice du Secr\u00e9tariat g\u00e9n\u00e9ral commun d\u00e9partementalD\u00e9cisions de d\u00e9penses relatives \u00e0 l'action sociale _ |M. Denis BRUEL, secr\u00e9taire g\u00e9n\u00e9ral Mme _ |(jusqu'\u00e0 5000 \u20ac)et \u00e0 la m\u00e9decine de pr\u00e9vention Magalie MALERBA, secr\u00e9taire g\u00e9n\u00e9rale adjointe M. David VERGNEAU, directeur adjoint du SGCD (jusqu'\u00e0. 5000 \u20ac)M. Jean PRUDHOMME, chef du service Budget-Achat(jusqu'\u00e0 1 500\u20ac)Mme Martine THUNOT, adjointe au chef duService Budget-Achat (jusqu'\u00e0 1500\u20ac)\nM. Denis BRUEL, secr\u00e9taire g\u00e9n\u00e9ral MmeMagalie MALERBA, secr\u00e9taire g\u00e9n\u00e9rale adjointeMme Nathalie BERGET,Directrice du Secr\u00e9tariat g\u00e9n\u00e9ral commun d\u00e9partemental; M. David VERGNEAU, Directeur adjoint du Secr\u00e9tariat g\u00e9n\u00e9ral; ; ; i commun d\u00e9partemental? . GCQVT, cheffe du service r\u00e9gional et d\u00e9partemental deformationM. Jean PRUDHOMME, chef du service Budget-AchatMme Florence VUILLEMIN, adjointe chef du SDASSaisie dans Chorus Formulaire des DA et certification des SF :Mesdames Florence VUILLEMIN, C\u00e9line MEILLIER,Isabelle GUERIN, Martine THUNOT, Laurence GRANGER,|Monique FIORE et Maud DE-HARO, M.Louis DUSART\nMadame Aur\u00e9lie CONTRECIVILE, directrice de cabinetM. Denis BRUEL, secr\u00e9taire g\u00e9n\u00e9ralD\u00e9cisions de d\u00e9penses et de recettes Mme Magalie MALERBA, secr\u00e9taire g\u00e9n\u00e9rale |Saisie dans CHORUS Formulaire des DA et certificationadjointe des SF : Mesdames Laurence GRANGER, MoniqueFIORE, Martine THUNOT, et Maud DE-HARO, M. LouisDUSARTPage 5\nPr\u00e9fecture de la C\u00f4te-d'Or - 21-2025-06-13-00008 - Arr\u00eat\u00e9 pr\u00e9fectoral n\u00b0 820 / SG donnant d\u00e9l\u00e9gation de signature en mati\u00e8re de\ngestion des budgets op\u00e9rationnels\n104-111-112-113-119-122-124129-135-137-147-148-161-163-172-181-206-207-209-215-216-217-218-219-232-303-348-349-354-357-362-363-36\n4-380-723-754-780-833 des fonds europ\u00e9ens et des recettes non fiscales\n43\nBOP\nD\u00e9cisions de d\u00e9penses et de recettes< \u00e0 5000 \u20ac Mme Nathalie BERGET, Directrice du Secr\u00e9tariatg\u00e9n\u00e9ral commun d\u00e9partementalM. David VERGNEAU, Directeur adjoint du Secr\u00e9tariatg\u00e9n\u00e9ral commun d\u00e9partementalSaisie dans Chorus Formulaire des DA et certificationdes SF : Mesdames Laurence GRANGER, MoniqueFIORE, Martine THUNOT et Maud DE-HARO, M. LouisDUSART, Joris MARCHAND, Joris MARCHAND\nD\u00e9cisions de d\u00e9penses et de recettes<a 1500 \u20ac\nM. Didier PERALDI, chef du service Logistique,Immobilier et Services Internes\nM. Jean PRUDHOMME, chef du service Budget-Achat\nMme Martine THUNOT, Adjointe du Chef du serviceBudget-AchatSaisie dans Chorus Formulaire des DA et certificationdes SF : Mesdames Laurence GRANGER, MoniqueFIORE, Martine THUNOT et Maui DE-HARO, M. LouisDUSART, Joris MARCHANDD\u00e9cisions de d\u00e9penses et de recettes<a500\u20ac Mme Martine THUNOT Saisie dans Chorus Formulaire des DA et certificationdes SF :Mesdames Laurence GRANGER, Monique FIORE etMaud DE-HARO, M. Louis DUSART, JorisMARCHANDDans le cadre de Chorus DT :D\u00e9cisions de d\u00e9penses et de recettes relativesaux transports, \u00e0 l'h\u00e9bergement et aux frais debouche en tant que valideur hi\u00e9rarchique VH1,validation gestionnaires du BOP 354,administrateur local au titre de l'assistance desutilisateurs\nM. Jean PRUDHOMME, chef du service Budget-Achat |Mesdames Laurence GRANGER et Maud DE HARO,\nM. David VERGNEAU, directeur adjoint du SGCDMme Martine THUNOT, Adjointe du Chef du serviceBudget-AchatM. Joris MARCHANDMme C\u00e9line JOUVENCEAUX, adjointe au responsabledu centre de services partag\u00e9s r\u00e9gional CHORUS\nConstatation de service fait quel que soit lemontant ; M. Didier PERALDI, chef du service Logistique,[Immobilier et Services InternesM. Jean PRUDHOMME, chef du service budgetachat\nM. David VERGNEAU, directeur adjoint du SGCDM. Karim BRAHIMI, chef du p\u00f4le immobilier Mme ;Ghislaine TOULON, adjointe au chef de p\u00f4le immobilier |Didier THEVENET, agent du serviceLogistique,Immobilier et Services InternesMme Martine THUNOT, adjointe du chef du ServiceBudget-AchatSaisie dans Chorus Formulaire des DA et certificationdes SF : Mesdames Laurence GRANGER, MoniqueFIORE et Maud DE-HARO, M. Louis DUSART, M. JorisMARCHAND\nGarage : d\u00e9cisions de d\u00e9penses et recettes< \u00e0 1500\u20ac Mme Nathalie BERGET, Directrice du Secr\u00e9tariatg\u00e9n\u00e9ral commun d\u00e9partemental\nM. David VERGNEAU, directeur adjoint du SGCDM. Didier PERALDI, chef du service Logistique,Immobilier et Services InternesSaisie dans Chorus Formulaire des DA et certificationdes SF : Mesdames Laurence GRANGER, MoniqueFIORE, Martine THUNOT et Maud DE-HARO, M. LouisDUSART, M. Joris MARCHAND\nGarage : certification du service fait quel que soit lemontant\nD\u00e9cisions de d\u00e9penses et de recettes relatives auSIDSIC> 5000 \u20ac\nM. Didier PERALDI, chef du service Logistique,Immobilier et Services Internes\nM. Denis BRUEL, secr\u00e9taire g\u00e9n\u00e9ralMme Magalie MALERBA, secr\u00e9taire g\u00e9n\u00e9raleadjointe\nM. David VERGNEAU, directeur adjoint du SGCDM. Jean PRUDHOMME, chef du service Budget-AchatSaisie dans Chorus Formulaire des DA et certificationdes SF : Mesdames Laurence GRANGER, MoniqueFIORE, Martine THUNOT et Maud DE-HARO, M. LouisDUSART, M. Joris MARCHANDMadame Aur\u00e9lie CONTRECIVILE, directrice de cabinetSaisie dans Chorus Formulaire des DA et certification des SF :Mesdames Laurence GRANGER, Monique FIORE, MartineTHUNOT et Maud DE-HARO, M. Louis DUSART, M. JorisMARCHAND\nD\u00e9cisions de d\u00e9penses et de recettes relatives auSIDSIC < \u00e0 5000 \u20ac Mme Nathalie BERGET, Directrice du Secr\u00e9tariatg\u00e9n\u00e9ral commun d\u00e9partemental\nM. David VERGNEAU, directeur adjoint du SGCDM. Jean PRUDHOMME, chef du service Budget-Achat(jusqu'a 1500\u20ac) 'Mme Martine THUNOT, adjointe du Chef du serviceBudget-Achat (jusqu'\u00e0 1500\u20ac)Saisie dans Chorus Formulaire des DA et certificationdes SF : Mesdames Laurence GRANGER, MoniqueFIORE, Maud DE-HARO, Monsieur Louis DUSART, M.Joris MARCHAND\nD\u00e9cisions de d\u00e9penses et de recettes relatives auSIDSIC < \u00e0 500 \u20ac M. Jean-Christophe BRIOT, chef du SDISICM. Jean-Luc JOBARD, adjoint au chef du SIDSICSaisie dans Chorus Formulaire des DA et certificationdes SF : Mesdames Laurence GRANGER, MoniqueFIORE, Martine THUNOT et Maud DE-HARO, M. LouisDUSART, M. Joris MARCHAND\nConstatation de service fait relatif au SIDSIC, quelque soit le montant M. Jean-Christophe BRIOT, chef du SDISIC\nM. Jean-Luc JOBARD, adjoint au chef du SIDSICM. Jean PRUDHOMME, chef du service Budget-AchatMme Martine THUNOT, adjointe du Chef du ServiceBudget-AchatSaisie dans Chorus Formulaire des DA et certificationdes SF : Mesdames H\u00e9l\u00e9ne TURLIER, LaurenceGRANGER, Monique FIORE et Maud DE-HARO, M.Louis DUSART, M. Joris MARCHANDBons de livraison \u2014 Fiches et rapportsl'interventions techniques.Frais de repr\u00e9sentation du directeur : d\u00e9cisions ded\u00e9penses et de recettes - certification du servicefait\nM. Jean-Christophe BRIOT, chef du SDISIC\nMonsieur S\u00e9bastien GAUTHEY, directeur del''immigration et de la nationalit\u00e9\nM. Jean-Luc JOBARD, adjoint au chef du SIDSICM. Denis BRUEL, secr\u00e9taire g\u00e9n\u00e9ralMme Magalie MALERBA, secr\u00e9taire g\u00e9n\u00e9rale adjointeMme BERGET, directrice du SGCDM. David VERGNEAU, directeur adjoint du SGCD\nPage 6\nPr\u00e9fecture de la C\u00f4te-d'Or - 21-2025-06-13-00008 - Arr\u00eat\u00e9 pr\u00e9fectoral n\u00b0 820 / SG donnant d\u00e9l\u00e9gation de signature en mati\u00e8re de\ngestion des budgets op\u00e9rationnels\n104-111-112-113-119-122-124129-135-137-147-148-161-163-172-181-206-207-209-215-216-217-218-219-232-303-348-349-354-357-362-363-36\n4-380-723-754-780-833 des fonds europ\u00e9ens et des recettes non fiscales\n44\nBOPM. Denis BRUEL, secr\u00e9taire g\u00e9n\u00e9ralMme Magalie MALERBA, secr\u00e9taire g\u00e9n\u00e9rale adjointeMme C\u00e9line MANELLI, cheffe du service immigration etint\u00e9grationMme Anne DELVALLE, adjointe \u00e0 la cheffe du serviceimmigration et int\u00e9gration, cheffe du p\u00f4le contentieuxDans le cadre de CHORUS DT:Frais de d\u00e9placement pour l'ensemble des agentsde la direction : ordres de mission et \u00e9tats de fraisMonsieur S\u00e9bastien GAUTHEY, directeur del'immigration et de la nationalit\u00e9M. Jean Christophe THUILLIER, responsable de laplate forme naturalisationMme Cateline ZARIC, adjoint du responsable de la plateforme naturalisationM. Denis BRUEL, secr\u00e9taire g\u00e9n\u00e9ralMme Magalie MALERBA, secr\u00e9taire g\u00e9n\u00e9rale adjointeMme C\u00e9line MANELLI, cheffe du service immigration etD\u00e9cisions de d\u00e9penses et de recettes et . ; ' int\u00e9grationcertification de service fait pour les vacations de m:g\u00ee'\u00ee:{' osn\u00e9\u00e4a\u00e2\u00ea'fa\" n\u00ee\u00ee\u00e4wt\u00eevl directeur de , .traducteurs-interpr\u00e8tes g ali Mme Anne DELVALLE, adjointe \u00e0 la cheffe du service[immigration et int\u00e9gration, cheffe du p\u00f4le contentieuxMme Martine THUNOT, adjointe du Chef du ServiceBudget-AchatM. Denis BRUEL, secr\u00e9taire g\u00e9n\u00e9ralMme Magalie MALERBA, secr\u00e9taire g\u00e9n\u00e9rale adjointeMme C\u00e9line MANELLI, cheffe du service immigration etMonsieur S\u00e9bastien GAUTHEY, directeur de int\u00e9grationl'immigration et de la nationalit\u00e9D\u00e9cisions de recours aux prestations d'avocat Mme Anne DELVALLE, adjointe \u00e0 la cheffe du serviceimmigration et int\u00e9gration, cheffe du p\u00f4le contentieux MmeMartine THUNOT, adjointe du Chef du Service Budget-Achat, Monsieur Jean-Luc MILANI, directeur desFrais de repr\u00e9sentation du directeur : d\u00e9cisions de |collectivit\u00e9s locales et des \u00e9lections (jusqu'au 30 juinM. Denis BRUEL, secr\u00e9taire g\u00e9n\u00e9rald\u00e9penses et de recettes - certification du service _ |2025), Monsieur S\u00e9bastien TRES, directeurdes _ |Mme Magalie MALERBA, secr\u00e9taire g\u00e9n\u00e9rale adjointefait collectivit\u00e9s locales et des \u00e9lections (\u00e0 compter du 1\" [Mme BERGET, directrice du SGCDjuillet 2025) M. David VERGNEAU, directeur adjoint du SGCDM. Denis BRUEL, secr\u00e9taire g\u00e9n\u00e9ral\u00e9s rrre \u00e9datie l Mme Magalie MALERBA, secr\u00e9taire g\u00e9n\u00e9rale adjointeDans le cadre de CHORUS DT: collectivit\u00e9s locales et des \u00e9lections (jusqu'au 30 juin ; 2Frais de d\u00e9placement pour l'ensemble des agents [2025), Monsieur S\u00e9bastien TRES, directeur des \":C\";fe:ad\"a EL HARTI, cheffe du bureau des collectivit\u00e9sde la direction : ordres de mission et \u00e9tats de frais |collectivit\u00e9s locales et des \u00e9lecti \u00e0 compter du 1* ;juill\u00e2tc %25) ections ( p\u00e9sr u Mme Claire BROUSSE, chef du bureau des \u00e9lections et de lar\u00e9glementationMme Claire BROUSSE, cheffe du bureau des \u00e9lectionset de la r\u00e9glementationD\u00e9cisions de d\u00e9penses et constatation du service Mme Delphine HORNY, adjointe au chef du bureau desfait pour les frais (hors lignes t\u00e9l\u00e9phoniques) relatifs|Monsieur Jean-Luc MILANI, attach\u00e9 hors classe J\u00e9lections et de la r\u00e9glementation\u00e0 'organisation mat\u00e9rielle des diff\u00e9rentes \u00e9lections |(jusqu'au 30 juin 2025) Mme Fadila EL HARTI, cheffe du bureau des(jmprim\u00e9s, acher_ninem_ent de docum_ents Monsieur S\u00e9bastien TRES (a compter du 1 juillet collectivit\u00e9s locales\u00e9lectoraux, locations diverses, bulletins de vote 2025)pour les pr\u00e9sidentielles, prestataire de service...) Saisie dans Chorus Formulaire des DA et certification; des SF : M. Eric FINOT \u2014 Mmes Claire BROUSSE etDelphine HORNYMme Claire BROUSSE, cheffe du bureau des \u00e9lectionset de la r\u00e9glementationMme Delphine HORNY, adjointe au chef du bureau des\u00e9lections et de la r\u00e9glementationD\u00e9cisions de d\u00e9penses et certification du service _ |Monsieur Jean-Luc MILANI, attach\u00e9 hors classe Mme Fadila EL HARTI, cheffe du bureau desfait pour les frais relatifs \u00e0 l'installation des lignes |(jusqu'au 30 juin 2025) collectivit\u00e9s localest'\u00e9l\u00e9p_honiql_Jes n\u00e9cessaires \u00e0 'organisation des Monsieur S\u00e9bastien TRES (a compter du 1\u00a2 juillet M. Jean-Christophe BRIOT, chef du SIDSIC\u00e9lections diverses 2025) M. Jean-Luc JOBARD, adjoint au chef du SIDSICSaisie dans Chorus Formulaire des DA et certificationdes SF : M. Eric FINOT \u2014 Mmes Claire BROUSSE etDelphine HORNY ;Mme Claire BROUSSE, cheffe du bureau des \u00e9lectionset de la r\u00e9glementationMme Delphine HORNY, adjointe au chef du bureau desPE . Mor{sieur Jean-Luc MILANI, directeur des 2 A f ;D\u00e9cisions deTombouresmnt des frais de collectivit\u00e9s locales et des \u00e9lections (jusqu'au 30 juin \u00e9lections et de la r\u00e9glementationpropagande aux candidats ou aux imprimeurs, et _ |>025), Monsieur S\u00e9bastien TRES, directeur des | |Mme Fadila EL HARTI, cheffe du bureau desdes frais d'affichage de la propagande et g ; \u00ab |collectivit\u00e9s localesosr\u00e9tiicntionrde-aarites fail j(\u00e4lll\u00e2cg\\g\u00e2\u00e4 locales et des \u00e9lections (\u00e0 compter du 1Saisie dans Chorus Formulaire des DA et certificatiohdes SF : M. Eric FINOT \u2014 Mmes Claire BROUSSE etDelphine HORNYMme Claire BROUSSE, cheffe du bureau des \u00e9lectionset de la r\u00e9glementationMme Delphine HORNY, adjointe au chef du bureau desJ\u00e9lections et de la r\u00e9glementationMme Fadila EL HARTI, cheffe du bureau descollectivit\u00e9s localesMonsieur Jean-Luc MILANI, directeur descollectivit\u00e9s locales et des \u00e9lections (jusqu'au 30 juin2025), Monsieur S\u00e9bastien TRES, directeur descollectivit\u00e9s locales et des \u00e9lections (a compter du 1D\u00e9cisions de remboursement des frais decampagne aux candidats ayant obtenu 5% dessuffrages sur d\u00e9cision de la CNCCFP etcertification du service fait juillet 2025) _ ; _Saisie dans Chorus Formulaire des DA et certificationdes SF : ;M. Eric FINOT \u2014 Mmes Claire BROUSSE et DelphineHORNYM. Denis BRUEL, secr\u00e9taire g\u00e9n\u00e9ralMme Magalie MALERBA, secr\u00e9taire g\u00e9n\u00e9rale adjointeMme Claire BROUSSE, cheffe du bureau des \u00e9lectionset de la r\u00e9glementation- D\u00e9cisions de remboursement des fraisengag\u00e9s par les communes (fraisd'assembl\u00e9e, urnes, \u00e9tiquettes, \u00e9tablissementdes listes \u00e9lectorales) et certification dusarvine ta\u00f9 Monsieur Jean-Luc MILANI, attach\u00e9 hors classe Mme Delphine HORNY, adjointe au chef du bureau des(usqu'au 30 juin 2025) \u00e9lections et de la r\u00e9glementation- D\u00e9cisions de d\u00e9penses et certification du \u00e2flooz'l';ieu' S\u00e9bastien TRES (\u00e0 compter du 1\"\" juillet |Mme Fadila EL HARTI, cheffe du bureau des- ) [collectivit\u00e9s localesservice fait relatives \u00e0 l'indemnisation desmartres des diversus ponmitesicne st Saisie dans Chorus Formulaire des DA et certificationg;itokl:r.llsdans 'e curre-de lorganisation des des SF : M. Eric FINOT \u2014 Mmes Claire BROUSSE,Delphine HORNY etMME EL HARTIPage 7\nPr\u00e9fecture de la C\u00f4te-d'Or - 21-2025-06-13-00008 - Arr\u00eat\u00e9 pr\u00e9fectoral n\u00b0 820 / SG donnant d\u00e9l\u00e9gation de signature en mati\u00e8re de\ngestion des budgets op\u00e9rationnels\n104-111-112-113-119-122-124129-135-137-147-148-161-163-172-181-206-207-209-215-216-217-218-219-232-303-348-349-354-357-362-363-36\n4-380-723-754-780-833 des fonds europ\u00e9ens et des recettes non fiscales\n45\nBOP\nConstatation de service fait pour le remboursementdes frais de d\u00e9placement - Elections s\u00e9natoriales\nD\u00e9cisions de d\u00e9penses et de recettes - certificationdu service fait pour les frais de repr\u00e9sentation dudirecteur '\nMonsieur Jean-Luc MILANI, attach\u00e9 hors classe(jusqu'au 30 juin 2025)Monsieur S\u00e9bastien TRES (\u00e0 compter du 1\u00b0 juillet2025)\nGOUTORBE, directeur de la coordinationdes politiques publiques et de l'appui territorial(jusqu(au 30 juin 2025) MmeNathalie AUBERTIN, directrice de la coordination despolitiques publiques et de l'appui territorial (& compterdu 1\u00b0 juillet)\nMme Claire BROUSSE, cheffe du bureau des \u00e9lectionset de la r\u00e9glementationMme Delphine HORNY, adjointe au chef du bureau des\u00e9lections et de la r\u00e9glementationMme Fadila EL HARTI, cheffe du bureau descollectivit\u00e9s locales\nM. Denis BRUEL, secr\u00e9taire g\u00e9n\u00e9ralMme Magalie MALERBA, secr\u00e9taire g\u00e9n\u00e9rale adjointeMme Christelle DA SILVA, adjointe au directeur de laDCPPAT\nDans le cadre de CHORUS DT:Frais de d\u00e9placement pour l'ensemble des agentsde la direction : ordres de mission et \u00e9tats de fraisdes politiques publiques et de l'appui territorial(jusqu(au 30 juin 2025) Mmedu 1\u00b0' juillet)\nM. Philippe GOUTORBE, directeur de la coordination|MNathalie AUBERTIN, directrice de la coordination des|Mpolitiques publiques et de l'appui territorial (\u00e0 compter |am\u00e9nagement du territoire (jusqu'au 30 juin 2025)\nM. Denis BRUEL, secr\u00e9taire g\u00e9n\u00e9ralme Magalie MALERBA, secr\u00e9taire g\u00e9n\u00e9rale adjointeMme Christelle DA SILVA, adjointe \u00e0 la directrice de laDCPPAT ;me Mich\u00e8le GUSCHEMANN, cheffe du p\u00f4leM. M\u00e9d\u00e9ric BOUTTEVILLE, chef du p\u00f4le am\u00e9nagementdu territoire (& compter du 1\" juillet 2025)\nPublications d'annonces l\u00e9gales relatives auxenqu\u00e9tes publiques : d\u00e9cisions de d\u00e9penses et derecettes - certification du service fait.Mme Evelyne MORI, chef du p\u00f4le environnement eturbanisme (jusqu'au 30 juin 2025), Mme ChristelleDA SILVA, adjointe au directeur de la DCPPAT etchef du p\u00f4le environnement et urbanisme (\u00e0 compterdu 1\u00b0 juillet 2025)\nM. Denis BRUEL, secr\u00e9taire g\u00e9n\u00e9ralMme Magalie MALERBA, secr\u00e9taire g\u00e9n\u00e9rale adjointeMme Nathalie AUBERTIN, directrice de la coordination despolitiques publiques et de l'appui territorial (& compter du 1\u00b0\"juillet)M. Guillaume BROUILLARD, adjoint au chef du p\u00f4leenvironnement et urbanisme\nDotations et avances aux collectivit\u00e9s locales :d\u00e9cisions de d\u00e9penses et de recettes - certificationdu service fait Mme Mich\u00e8le GUSCHEMANN, cheffe du p\u00f4leam\u00e9nagement du territoire (jusqu'au 30 juin 2025)M. M\u00e9d\u00e9ric BOUTTEVILLE, chef du p\u00f4leam\u00e9nagement du territoire (\u00e0 compter du 1\"\" juillet2025)\nM. Denis BRUEL, secr\u00e9taire g\u00e9n\u00e9ralMme Magalie MALERBA, secr\u00e9taire g\u00e9n\u00e9rale adjointeMme Nathalie AUBERTIN, directrice de la coordination despolitiques publiques et de l'appui territorial (\u00e0 compter du 1\u00b0\"juillet)Mme Christelle DA SILVA, adjointe au directeur de laDCPPATMme C\u00e9lia HAMOUD, adjointe au chef du p\u00f4le am\u00e9nagementdu territoire ;Saisie dans Chorus Formulaire des DS et certification des SF :Mesdames C\u00e9lia HAMOUD, Marie-Pierre AUBRY, AuroreCHAMBORAND, Nathalie VARNEY, Pauline CORDIER\nCertification de service fait des d\u00e9penses d'avocatM. Fr\u00e9d\u00e9ric PELISSIER, chef du p\u00f4le juridique inter-servicesMme Dominique LEMAITRE, charg\u00e9e de mission dup\u00f4le juridique inter-services v\nM. Denis BRUEL, secr\u00e9taire g\u00e9n\u00e9ralMme Magalie MALERBA, secr\u00e9taire g\u00e9n\u00e9rale adjointeM. PhilippeGOUTORBE, directeur de la coordination des politiquespubliques et de l'appui territorial (jusqu(au 30 juin 2025)Mme Nathalie AUBERTIN, directricede la coordination des politiques publiques et de l'appuiterritorial (\u00e0 compter du 1\u00a2 juillet)Mme Christelle DA SILVA, adjointe au directeur de laDCPPAT\nCondamnations de I'Etat par les juridictionsM. Fr\u00e9d\u00e9ric PELISSIER, chef du pdle juridique inter-servicesMme Dominique LEMAITRE, charg\u00e9e de mission dup\u00f4le juridique inter-services\nM. Denis BRUEL, secr\u00e9taire g\u00e9n\u00e9ralMme Magalie MALERBA, secr\u00e9taire g\u00e9n\u00e9rale adjointeM. Philippe GOUTORBE, directeur de la coordination despolitiques publiques et de l'appui territorial (jusqu(au 30 juin2025) Mme NathalieAUBERTIN, directrice de la coordination des politiques'publiques et de l'appui territorial (& compter du 1 juillet)Mme Christelle DA SILVA, adjointe au directeur de laDCPPAT\n{Indemnisations par I'Etat suite au refus de la forcepublique dans le cadre des expulsions locativesM. Fr\u00e9d\u00e9ric PELISSIER, chef du p\u00f4le juridique inter-servicesMme Dominique LEMAITRE, charg\u00e9e de mission dup\u00f4le juridique inter-services\nM. Denis BRUEL, secr\u00e9taire g\u00e9n\u00e9ralMme Magalie MALERBA, secr\u00e9taire g\u00e9n\u00e9rale adjointeMme Nathalie AUBERTIN, directrice de la coordination despolitiques publiques et de l'appui territorial (\u00e0 compter du 1\u00a2juillet)Mme Christelle DA SILVA, adjointe au directeur de laDCPPAT\nToutes autres indemnisations li\u00e9es \u00e0 'engagementde la responsabilit\u00e9 de I'Etat\n[Frais de represen du secr\u00e9taire g\u00e9nourles affaires r\u00e9gionales : d\u00e9cisions de d\u00e9penses etde recettes \u2014 certification du service fait\nM. Fr\u00e9d\u00e9ric PELISSIER, chef du p\u00f4le juridique inter-servicesMme Dominique LEMAITRE, charg\u00e9e de mission dup\u00f4le juridique inter-services\nMme Anne COSTE DE CHAMPERON, secr\u00e9taireg\u00e9n\u00e9rale pour les affaires r\u00e9gionales de Bourgogne \u2014Franche-Comt\u00e9\nM. Denis BRUEL, secr\u00e9taire g\u00e9n\u00e9ralMme Magalie MALERBA, secr\u00e9taire g\u00e9n\u00e9rale adjointeMme Nathalie AUBERTIN, directrice de la coordination despolitiques publiques et de 'appui territorial (\u00e0 compter du 1*juillet)Mme Christelle DA SILVA, adjointe au directeur de laDCPPATSaisie dans Chorus Formulaires des DA et certification desSF : Mme C\u00e9ciline LEVENARD - Mme Zhor HAMANI - M.Olivier BONNEVIE - M. Julien MARLOTFrais de repr\u00e9sentation des adjoints au secr\u00e9taireg\u00e9n\u00e9ral pour les affaires r\u00e9gionales : d\u00e9cisions ded\u00e9penses et de recettes \u2014 certification du servicefait\nMme BERNARD, adjointe au secr\u00e9taire g\u00e9n\u00e9ral pourles affaires r\u00e9gionales de Bourgogne \u2014 Franche-Comt\u00e9, charg\u00e9e du p\u00f4le \u00ab politiques publiquesinterminist\u00e9rielles \u00bbMme Milada PANTIC, adjointe au secr\u00e9taire g\u00e9n\u00e9ralpour les affaires r\u00e9gionales de Bourgogne-Franche-Comt\u00e9, charg\u00e9e du p\u00f4le moyens, mutualisation etmodernisation\nSaisie dans Chorus Formulaires des DA et certification desSF : Mme C\u00e9ciline LEVENARD - Mme Zhor HAMANI \u2014 M.Olivier BONNEVIE - M. Julien MARLOT\nDans le cadre de CHORUS DT:Frais de d\u00e9placement pour le secr\u00e9taireg\u00e9n\u00e9ral pour les affaires r\u00e9gionales : ordre demission et \u00e9tat de fraisFrais de d\u00e9placement pour l'ensemble desagents du SGAR : ordre de mission et \u00e9tat defrais\nM. Julien MARLOT, directeur de la plate-former\u00e9gionale des finances et de l'immobilierM. Olivier BONNEVIE, directeur adjoint de la plate-forme r\u00e9gionale des finances et de l'immobilierM. Arnaud PENTECOTE, directeur de la coordination\nDans le cadre de CHORUS DT:D\u00e9cisions de d\u00e9penses et de recettes concernantles transports et l'h\u00e9bergement (y compris pour la-[formation)\nM. Julien MARLOT, directeur de la plate-former\u00e9gionale des finances et de l'immobilierM. Olivier BONNEVIE, directeur adjoint de la plate-forme r\u00e9gionale des finances et de l'immobilierMme C\u00e9ciline LEVENARD, Mme Zhor HAMANI\nPage 8\nFait \u00e0 Dijon, le 13 juin 2025Le Pr\u00e9fet,sign\u00e9 :Paul Mourier\nPr\u00e9fecture de la C\u00f4te-d'Or - 21-2025-06-13-00008 - Arr\u00eat\u00e9 pr\u00e9fectoral n\u00b0 820 / SG donnant d\u00e9l\u00e9gation de signature en mati\u00e8re de\ngestion des budgets op\u00e9rationnels\n104-111-112-113-119-122-124129-135-137-147-148-161-163-172-181-206-207-209-215-216-217-218-219-232-303-348-349-354-357-362-363-36\n4-380-723-754-780-833 des fonds europ\u00e9ens et des recettes non fiscales\n46","date":"2025-06-13","first_seen_on":"2025-09-14T04:51:27+00:00","id":"e6500b9912a36d13be5d3fc034defc4039c534827edb138dc646bd85ddc5f37f","name":"RAA n\u00b0 081 du 13 juin 2025","pdf_creation_date":"2025-06-13T14:43:29+00:00","pdf_modification_date":null,"timezone":"Europe/Paris","url":"https://www.cote-dor.gouv.fr/contenu/telechargement/23564/179421/file/recueil-21-2025-081-recueil-des-actes-administratifs-nominatifs.pdf"}
