{"administration":"ppparis","administration_name":"Pr\u00e9fecture de police de Paris","content":"PREFECTURE GP\u00bbDE POLICELibert\u00e9 Y\u00c9galit\u00e9Fraternit\u00e9 CABINET DU PREFET\nArr\u00eat\u00e9 n\u00b02026-00015portant mesures de police applicables \u00e0 Paris et dans le Val-de-Marne le 9 janvier 2026 \u00e0l'occasion des comm\u00e9morations des attentats de janvier 2015\nLe pr\u00e9fet de police,Vu le r\u00e8glement (CE) n\u00b0 1272/2008 du Parlement europ\u00e9en et du Conseil du 16 d\u00e9cembre 2008modifi\u00e9 relatif \u00e0 la classification, \u00e0 l'\u00e9tiquetage et \u00e0 l'emballage des substances et desm\u00e9langes;Vu le code de l'environnement, notamment le chapitre VII du titre V du livre V;Vu le code g\u00e9n\u00e9ral des collectivit\u00e9s territoriales, notamment ses articles L. 2512-13 et L. 2512-14;Vu le code p\u00e9nal, notamment ses articles 132-75, 431-9, 431-9-1, R.610-5 et R.644-5 ;Vu le code de proc\u00e9dure p\u00e9nale, notamment ses articles 78-2-4, 78-2-5 et R.48-1;Vu le code de la s\u00e9curit\u00e9 int\u00e9rieure, notamment ses articles L. 122-1, L. 122-2 et L. 211-1 \u00e0 L. 211-3;Vu le d\u00e9cret n\u00b0 2004-374 du 29 avril 2004 modifi\u00e9 relatif aux pouvoirs des pr\u00e9fets, al'organisation et \u00e0 l'action des services de l'Etat dans les r\u00e9gions et d\u00e9partements, notammentses articles 72 et 73;Vu le d\u00e9cret du 22 octobre 2025 par lequel M. Patrice FAURE, administrateur de l'\u00c9tat dutroisi\u00e8me grade, directeur de cabinet du Pr\u00e9sident de la R\u00e9publique, est nomm\u00e9 pr\u00e9fet depolice (groupe I), \u00e0 compter du 23 octobre 2025 ;Consid\u00e9rant que, en application des articles L. 122-1 et L. 122-2 du code de la s\u00e9curit\u00e9int\u00e9rieure et 72 et 73 du d\u00e9cret du 29 avril 2004 susvis\u00e9, le pr\u00e9fet de police a la charge \u00e0 Pariset dans le d\u00e9partement du Val-de-Marne, de l'ordre public, notamment la pr\u00e9vention desatteintes \u00e0 la s\u00e9curit\u00e9 des personnes et des biens;Consid\u00e9rant que, en application de l'article 431-9 du code p\u00e9nal, le fait d'avoir organis\u00e9 unemanifestation sur la voie publique n'ayant pas fait l'objet d'une d\u00e9claration pr\u00e9alable dans lesconditions fix\u00e9es par la loi est puni de six mois d'emprisonnement et de 7 500 eurosd'amende;Consid\u00e9rant que, en application de l'article 431-9-1 du code p\u00e9nal, le fait pour une personnede dissimuler volontairement tout ou partie de son visage sans motif l\u00e9gitime au sein, ou auxabords imm\u00e9diats, d'une manifestation sur la voie publique au cours, ou \u00e0 l'issue, de laquelledes troubles \u00e0 l'ordre public sont commis ou risquent d'\u00eatre commis est puni d'un and'emprisonnement et de 15 000 \u20ac d'amende;\n \n \n \n \n \n \n \n \n \n1\nConsid\u00e9rant que sont punis de l'amende pr\u00e9vue pour les contraventions de la 4e classe laviolation des interdictions et le manquement aux obligations \u00e9dict\u00e9es par arr\u00e9t\u00e9s pris sur lefondement des pouvoirs de police, en application de l'article R. 644-5 du code p\u00e9nal relatif al'usage des artifices de divertissement sur la voie publique et le transport de r\u00e9cipientscontenant du carburant \u00e0 l'occasion d'\u00e9v\u00e9nements comportant des risques d'atteinte a las\u00e9curit\u00e9 publique ; que l'article R. 48-1 du code de proc\u00e9dure p\u00e9nale rend applicable laproc\u00e9dure de l'amende forfaitaire pour les contraventions pr\u00e9cit\u00e9es;Consid\u00e9rant que, en application des r\u00e9quisitions \u00e9crites du procureur de la R\u00e9publique, lesofficiers de police judiciaire et, sur l'ordre et sous la responsabilit\u00e9 de ceux-ci, les agents depolice judiciaire, sont autoris\u00e9s \u00e0 proc\u00e9der sur les lieux d'une manifestation et \u00e0 ses abordsimm\u00e9diats \u00e0 l'inspection visuelle et a la fouille des bagages, ainsi qu'\u00e0 la visite de v\u00e9hiculescirculant, arr\u00eat\u00e9s ou stationnant sur la voie publique, conform\u00e9ment \u00e0 l'article 78-2-5 du codede proc\u00e9dure p\u00e9nale;Consid\u00e9rant que se d\u00e9roulera \u00e0 Paris et \u00e0 Saint-Mand\u00e9 (94) le 9 janvier 2026 une c\u00e9r\u00e9monie enm\u00e9moire des victimes de l'attentat de l'Hypercacher commis en janvier 2015; que dans lecontexte actuel national et international il existe un risque que des rassemblements nond\u00e9clar\u00e9s aient lieu \u00e0 cette occasion; que de tels rassemblements pourraient \u00eatre de nature atroubler l'ordre public;Consid\u00e9rant, en outre, le contexte de menace terroriste aigue qui sollicite \u00e0 un niveauparticuli\u00e8rement \u00e9lev\u00e9 les forces de s\u00e9curit\u00e9 int\u00e9rieure pour garantir la protection despersonnes et des biens contre les risques d'attentat, dans le cadre du plan VIGIPIRATE\u00ab urgence attentat \u00bb en vigueur depuis le 24 mars 2024;Consid\u00e9rant, enfin, qu'il appartient \u00e0 l'autorit\u00e9 de police comp\u00e9tente de concilier l'exercice dudroit de manifester avec les imp\u00e9ratifs de l'ordre public; que, dans ce cadre, elle se doit deprendre les mesures de nature \u00e0 pr\u00e9venir, outre les infractions \u00e0 la loi p\u00e9nale, les troubles \u00e0l'ordre public \u00e0 partir de l'appr\u00e9ciation qu'elle fait du risque qu'ils surviennent; que r\u00e9pond \u00e0ces objectifs une mesure qui d\u00e9finit un p\u00e9rim\u00e8tre dans lequel des restrictions sont mises en\u0153uvre, notamment \u00e0 l'\u00e9gard de rassemblements pr\u00e9sentant des risques de troubles graves \u00e0l'ordre public, afin de garantir la s\u00e9curit\u00e9 des personnes et des biens;ARRETETITRE PREMIERMESURES INTERDISANT TOUT RASSEMBLEMENT NON DECLAR\u00c9 DANS CERTAINS SECTEURS DE PARIS ET DUVAL-DE-MARNE (94)Article 1\u00b0 - La pr\u00e9sence et la circulation des personnes participant \u00e0 des cort\u00e8ges, d\u00e9fil\u00e9s etrassemblements qui n'ont pas \u00e9t\u00e9 d\u00e9clar\u00e9s, dans les conditions fix\u00e9es par la loi, sont interditesle vendredi 9 janvier 2026 de 10h00 \u00e0 18h00, dans le p\u00e9rim\u00e8tre d\u00e9limit\u00e9 selon la cartographiefigurant en annexe.\nTITRE IlMESURES DE POLICE APPLICABLES AUX ABORDS ET AU SEIN DES CORT\u00c8GES, D\u00c9FIL\u00c9S ET RASSEMBLEMENTS AUSEIN DU P\u00c9RIM\u00c8TRE\n2026-00015\n \n \n \n \n \n   \n \n \n \n                                                                                                                                                   2\nArticle 2 - Dans le p\u00e9rim\u00e8tre vis\u00e9 \u00e0 l'article 1\u00b0 et durant la p\u00e9riode mentionn\u00e9e par ce m\u00eamearticle sont interdits aux abords et au sein des cort\u00e8ges, d\u00e9fil\u00e9s et rassemblements le port et letransport par des particuliers, sans motif l\u00e9gitime :d'armes par nature et de tous objets susceptibles de constituer une arme au sens de l'article132-75 du code p\u00e9nal;d'artifices de divertissement et d'articles pyrotechniques ;dans des conteneurs individuels, de substances ou de m\u00e9langes dangereux, inflammables oucorrosifs, au sens du r\u00e8glement (CE) n\u00b0 1272/2008 du Parlement europ\u00e9en et du Conseil du 16d\u00e9cembre 2008 susvis\u00e9, tels que l'essence, le p\u00e9trole, le gaz, l'alcool \u00e0 br\u00fbler, le m\u00e9thanol, lat\u00e9r\u00e9benthine, les solvants ;d'\u00e9quipements de protection destin\u00e9 \u00e0 mettre en \u00e9chec tout ou partie des moyens utilis\u00e9s parles repr\u00e9sentants de la force publique pour le maintien de l'ordre public.\nTITRE IllDISPOSITIONS FINALES\nArticle 3 - Le pr\u00e9fet du Val-de-Marne, le pr\u00e9fet, directeur du cabinet du pr\u00e9fet de police, ledirecteur de l'ordre public et de la circulation et le directeur de la s\u00e9curit\u00e9 de proximit\u00e9 del'agglom\u00e9ration parisienne sont charg\u00e9s, chacun en ce qui le concerne, de l'ex\u00e9cution dupr\u00e9sent arr\u00eat\u00e9 qui entrera en vigueur d\u00e8s son affichage aux portes de la pr\u00e9fecture de police,sera publi\u00e9 aux recueils des actes administratifs du d\u00e9partement de Paris et de la pr\u00e9fecturedu Val-de-Marne, consultable sur le site internet de la pr\u00e9fecture de police(https://www.prefecturedepolice.interieur.gouv.fr) et transmis aux procureurs de la R\u00e9publiquepr\u00e8s les tribunaux judiciaires de Paris et de Cr\u00e9teil.\nFait \u00e0 Paris, le 6 janvier 2026\nSIGNEPatrice FAURE\n2026-00015\n \n-\n \n-  \n-\n \n-\n                                                                                                                                                   3\nAnnexe de l'arr\u00eat\u00e9 n\u00b02026-00015 du 6 janvier 2026\nVOIES ET DELAIS DE RECOURS\nSi vous estimez devoir contester le pr\u00e9sent arr\u00e9t\u00e9, il vous est possible, dans un d\u00e9lai de deuxmois a compter de la date de son affichage ou de sa publication :\n= soit de saisir d'un RECOURS GRACIEUXle Pr\u00e9fet de Police7/9, boulevard du Palais - 75195 PARIS RP- ou de former un RECOURS HIERARCHIQUEaupr\u00e8s du Ministre de l'int\u00e9rieurDirection des libert\u00e9s publiques et des affaires juridiquesplace Beauvau - 75008 PARIS- soit de saisir d'un RECOURS CONTENTIEUXle Tribunal administratif comp\u00e9tent\nAucune de ces voies et recours ne suspend l'application de la pr\u00e9sente d\u00e9cision.Les recours GRACIEUX et HIERARCHIQUE doivent \u00eatre \u00e9crits, exposer les arguments ou faitsnouveaux et comprendre la copie de l'arr\u00eat\u00e9 contest\u00e9.Le recours CONTENTIEUX, qui vise \u00e0 contester la LEGALITE de la pr\u00e9sente d\u00e9cision, doit\u00e9galement \u00e9tre \u00e9crit et exposer votre argumentation juridique.Si vous n'aviez pas de r\u00e9ponse a votre recours GRACIEUX ou HIERARCHIQUE dans un d\u00e9lai dedeux mois \u00e0 compter de la r\u00e9ception de votre recours par l'administration, votre demandedevra \u00eatre consid\u00e9r\u00e9e comme rejet\u00e9e (d\u00e9cision implicite de rejet).En cas de rejet des recours GRACIEUX ou HIERARCHIQUE, le Tribunal administratif peut \u00eatresaisi d'un recours contentieux dans le d\u00e9lai de deux mois \u00e0 compter de la date de la d\u00e9cision derejet.\n2026-00015\n                                                                                                                                                   4\n2026-00015\n                                                                                                                                                   5","date":"2026-01-06","first_seen_on":"2026-01-06T17:06:42+00:00","id":"e653c9c81e1968f05f80b0dfab9374ab925d204829b328c4340603a0e0f9c6c2","name":"Arr\u00eat\u00e9 n\u00b02026-00015 portant mesures de police applicables \u00e0 Paris et dans le Val-de-Marne le 9 janvier 2026 \u00e0 l\u2019occasion des comm\u00e9morations des attentats de janvier 2015","pdf_creation_date":"2026-01-06T15:59:37+00:00","pdf_modification_date":"2026-01-06T15:59:37+00:00","timezone":"Europe/Paris","url":"https://www.prefecturedepolice.interieur.gouv.fr/sites/default/files/Documents/2026_00015_06012026.pdf"}
