{"administration":"prefidf","administration_name":"Pr\u00e9fecture de la r\u00e9gion \u00cele-de-France","content":"PREFECTURE\nREGION ILE DE\nFRANCE\nRECUEIL DES ACTES\nADMINISTRATIFS SP\u00c9CIAL\n(NOMINATIFS)\nN\u00b0IDF-012-2025-11\nPUBLI\u00c9 LE  6 NOVEMBRE 2025\nSommaire\nAgence R\u00e9gionale de Sant\u00e9 / Agence r\u00e9gionale de sant\u00e9\nd'Ile-de-France-Direction de la Veille et S\u00e9curit\u00e9 Sanitaire\nIDF-2025-10-28-00029 - Arr\u00eat\u00e9 n\u00b0SG/DRH 2025-012 portant nomination\nde Madame Anne GARREC aux fonctions de\nDirectrice adjointe de la\nVeille et S\u00e9curit\u00e9 Sanitaires de l'Agence r\u00e9gionale de sant\u00e9\n\u00cele-de-France  (1 page) Page 3\n2\nAgence R\u00e9gionale de Sant\u00e9\nIDF-2025-10-28-00029\nArr\u00eat\u00e9 n\u00b0SG/DRH 2025-012 portant nomination\nde Madame Anne GARREC aux fonctions de\nDirectrice adjointe de la Veille et S\u00e9curit\u00e9\nSanitaires de l'Agence r\u00e9gionale de sant\u00e9\n\u00cele-de-France \nAgence R\u00e9gionale de Sant\u00e9 - IDF-2025-10-28-00029 - Arr\u00eat\u00e9 n\u00b0SG/DRH 2025-012 portant nomination de Madame Anne GARREC aux\nfonctions de\nDirectrice adjointe de la Veille et S\u00e9curit\u00e9 Sanitaires de l'Agence r\u00e9gionale de sant\u00e9 \u00cele-de-France \n3\nEMREPUBLIQUEFRAN CAI SE @ DAgence R\u00e9gionale de Sant\u00e9Libert\u00e9 \u00cele-de-FranceEgalit\u00e9Fraternit\u00e9\n7 roneee  eee  eee  i\n~ irit\u00e9 Sanitaires\n \n \n \n \n \n \n \nAGENCE R\u00c9GIONALE DE SANT\u00c9 \u00ceLE-DE-FRANCE \nARR\u00caT\u00c9 N\u00b0 SG/DRH 2025-012 \nportant nomination de Madame Anne GARREC aux fonctions de \nDirectrice adjointe de la Veille et S\u00e9curit\u00e9 Sanitaires \nde l'Agence r\u00e9gionale de sant\u00e9 \u00cele-de-France \n \n \nLE DIRECTEUR G\u00c9N\u00c9RAL DE L'AGENCE R\u00c9GIONALE DE SANT\u00c9 \u00ceLE-DE-FRANCE \n \n \nVU le code de la sant\u00e9 publique et notamment le titre III du livre IV de la premi\u00e8re partie, consacr\u00e9 \naux Agences r\u00e9gionales de sant\u00e9 ; \n \nVU le d\u00e9cret du 10 avril 2024 portant nomination de Monsieur Denis ROBIN, Directeur g\u00e9n\u00e9ral de \nl'Agence r\u00e9gionale de sant\u00e9 \u00cele-de-France \u00e0 compter du 29 avril 2024  ; \n \n \n \nARR\u00caTE \n \n \nARTICLE 1er : Madame Anne GARREC est charg\u00e9e des fonctions de Directrice adjointe de la Veille \net S\u00e9curit\u00e9 Sanitaires  de l'Agence r\u00e9gionale de sant\u00e9 \u00cele- de-France, \u00e0 compter du \n3  novembre 2025. \n  \nARTICLE 2 : La Directrice de la Veille et S\u00e9curit\u00e9 Sanitaires de  l'Agence r\u00e9gionale de sant\u00e9 \u00cele-de-\nFrance est charg\u00e9e de l'ex\u00e9cution du pr\u00e9sent arr\u00eat\u00e9 qui sera publi\u00e9 au recueil des actes \nadministratifs de la Pr\u00e9fecture de la R\u00e9gion d'\u00cele-de-France. \n \n \n \n \nFait \u00e0 Saint-Denis, le 28 octobre 2025 \n \nLe Directeur g\u00e9n\u00e9ral  \nde l'Agence r\u00e9gionale de sant\u00e9 \n\u00cele-de-France \n \n \n \n \nDenis ROBIN \n \nAgence R\u00e9gionale de Sant\u00e9 - IDF-2025-10-28-00029 - Arr\u00eat\u00e9 n\u00b0SG/DRH 2025-012 portant nomination de Madame Anne GARREC aux\nfonctions de\nDirectrice adjointe de la Veille et S\u00e9curit\u00e9 Sanitaires de l'Agence r\u00e9gionale de sant\u00e9 \u00cele-de-France \n4","date":"2025-11-06","first_seen_on":"2025-11-06T18:09:27+00:00","id":"e669766b33f5244f5c7b973374f3110e284604504c5f9cd28d5d78587bc5e4cf","name":"recueil-idf-012-2025-11-RAA-nominatifs du 06.11.2025","pdf_creation_date":"2025-11-06T15:55:13+00:00","pdf_modification_date":null,"timezone":"Europe/Paris","url":"https://www.prefectures-regions.gouv.fr/ile-de-france/irecontenu/telechargement/132467/972232/file/recueil-idf-012-2025-11-RAA-nominatifs%20du%2006.11.2025.pdf"}
