{"administration":"pref42","administration_name":"Pr\u00e9fecture de la Loire","content":"LOIRE\nRECUEIL DES ACTES\nADMINISTRATIFS\nN\u00b042-2025-210\nPUBLI\u00c9 LE  3 D\u00c9CEMBRE 2025\nSommaire\n42_DDETS_Direction D\u00e9partementale de l'emploi, du travail et des\nsolidarit\u00e9s /\n42-2025-11-13-00009 - Arr\u00eat\u00e9 pr\u00e9fectoral modifi\u00e9 n\u00b025/36 du 13\nnovembre 2025 portant nomination au sein du comit\u00e9 d\u00e9partemental\npour l'emploi (3 pages) Page 3\n42_DDFP_Direction D\u00e9partementale des Finances Publiques de la Loire /\n42-2025-12-02-00001 - Arr\u00eat\u00e9 relatif \u00e0 l'ouverture au public du\ncentre des Finances publiques de FEURS (1 page) Page 7\n42_DDPP_Direction D\u00e9partementale de la Protection des Populations de la\nLoire /\n42-2025-12-01-00003 - Arr\u00eat\u00e9 n\u00b0 574-DDPP-25\nportant abrogation de\nl'habilitation sanitaire du Dr Wim VERBIEST\n (2 pages) Page 9\n42_Pr\u00e9f_Pr\u00e9fecture de la Loire / Cabinet\n42-2025-11-26-00002 - Arr\u00eat\u00e9 agr\u00e9ment organisme de formation\nd\u00e9bits de boissons CELSIUS \u00e0 Andr\u00e9zieux Bouth\u00e9on (2 pages) Page 12\n42_Pr\u00e9f_Pr\u00e9fecture de la Loire / Publicateur Raa\n42-2025-11-26-00003 - RAA 2025 007 Arr\u00eat\u00e9 carte achat DIPN42 (3\npages) Page 15\n2\n42_DDETS_Direction D\u00e9partementale de\nl'emploi, du travail et des solidarit\u00e9s\n42-2025-11-13-00009\nArr\u00eat\u00e9 pr\u00e9fectoral modifi\u00e9 n\u00b025/36 du 13\nnovembre 2025 portant nomination au sein du\ncomit\u00e9 d\u00e9partemental pour l'emploi\n42_DDETS_Direction D\u00e9partementale de l'emploi, du travail et des solidarit\u00e9s - 42-2025-11-13-00009 - Arr\u00eat\u00e9 pr\u00e9fectoral modifi\u00e9\nn\u00b025/36 du 13 novembre 2025 portant nomination au sein du comit\u00e9 d\u00e9partemental pour l'emploi 3\nEE =Libert\u00e9 + Egalit\u00e9 \u00ab Fraternit\u00e9REPUBLIQUE FRANGAISE\nPr\u00e9fecture de la LoireArr\u00e9t\u00e9 pr\u00e9fectoral modifi\u00e9 n\u00b025/36 du 13 novembre 2025portant nomination au sein du comit\u00e9 d\u00e9partemental pour l'emploi\nLa pr\u00e9f\u00e8te de la Loire,Vu le code des relations entre le public et l'administration, notamment son article L. 411-2 ;Vu le code du travail, notamment ses articles L. 5311-10, R. 5311-23, R. 5311-24 et R. 5311-36 ;Vu l'arr\u00eat\u00e9 pr\u00e9fectoral n\u00b024-18 du 16/09/2024 portant composition et r\u00e9partition des voix ausein du comit\u00e9 d\u00e9partemental pour l'emploi,Arr\u00eate :L'arr\u00eat\u00e9 pr\u00e9fectoral en date du 16 septembre 2024 portant nomination au sein du comit\u00e9d\u00e9partemental est modifi\u00e9 comme suit :Article 1\u00b0La pr\u00e9f\u00e8te ou son repr\u00e9sentant et le pr\u00e9sident du conseil d\u00e9partemental ou son repr\u00e9sentantpr\u00e9sident le comit\u00e9 d\u00e9partemental pour l'emploi.Article 2Sont nomm\u00e9s membres du comit\u00e9 d\u00e9partemental pour l'emploi :1\u00b0 En qualit\u00e9 de repr\u00e9sentants de l'\u00c9tat :Madame Nathalie PROUHEZE, secr\u00e9taire g\u00e9n\u00e9rale adjointe de la pr\u00e9fectureMonsieur Herv\u00e9 GERIN, sous pr\u00e9fet de Roanne, suppl\u00e9ant de Madame NathaliePROUHEZEMadame Agn\u00e8s COL, directrice de DDETS, titulaireMonsieur Fran\u00e7ois BADET, directeur d\u00e9partemental adjoint de la DDETS, suppl\u00e9ant deMadame Agn\u00e8s COLMonsieur Laurent BADIOU, directeur d\u00e9partemental adjoint de la DDETS, titulaireMadame Laure FALLET, cheffe du p\u00f4le insertion professionnelle et politique de l'emploi \u00e0la DDETS, suppl\u00e9ante de Monsieur Laurent BADIOUMonsieur Arnaud RIFAUX, directeur de l'ARS, titulaireMonsieur Maxime AUDIN, directeur adjoint de l'ARS, suppl\u00e9ant de Monsieur ArnaudRIFAUXMadame Carole BOLUSSET-GERENTON, directrice acad\u00e9mique adjointe de la DSDEN,titulaireMadame B\u00e9atrice DE COSAS PETIT, inspectrice de la DSDEN pour l'Information et'Orientation, suppl\u00e9ante de Madame BOLUSSET-GERENTON.\n \n- \n- \n- \n- \n- \n- \n- \n- \n- \n- \n42_DDETS_Direction D\u00e9partementale de l'emploi, du travail et des solidarit\u00e9s - 42-2025-11-13-00009 - Arr\u00eat\u00e9 pr\u00e9fectoral modifi\u00e9\nn\u00b025/36 du 13 novembre 2025 portant nomination au sein du comit\u00e9 d\u00e9partemental pour l'emploi 4\n2\u00b0 En qualit\u00e9 de repr\u00e9sentants des collectivit\u00e9s territoriales :a) Sur proposition du pr\u00e9sident du conseil r\u00e9gional :Madame Laurence BUSSIERE, conseill\u00e8re r\u00e9gionaleb) Sur proposition du pr\u00e9sident du conseil d\u00e9partemental :Madame Nadia SEMACHE, vice pr\u00e9sidente, titulaireMadame Nicole BRUEL, conseill\u00e8re d\u00e9l\u00e9gu\u00e9e, suppl\u00e9ante de Madame SEMACHEMadame Marie-Jo PEREZ, conseill\u00e8re d\u00e9l\u00e9gu\u00e9e, titulaireMonsieur Pierre VERICEL, conseiller d\u00e9l\u00e9gu\u00e9, suppl\u00e9ant de Madame PEREZMonsieur Yves PARTRAT, vice pr\u00e9sident, titulaireMonsieur Daniel FRECHET, vice pr\u00e9sident, suppl\u00e9ant de Monsieur PARTRATMonsieur Ga\u00e9tan CARTON, directeur g\u00e9n\u00e9ral adjoint, titulaireMme Josette SAGNARD, adjointe au directeur g\u00e9n\u00e9ral adjoint, suppl\u00e9ante de MonsieurCARTONMonsieur Philippe BONNEFONT, directeur de l'insertion et de l'emploi, titulaireMadame Florence MEUNIER, directrice adjointe de l'insertion et de l'emploi, suppl\u00e9antede Monsieur BONNEFONTc) Sur proposition de l'association des maires du d\u00e9partement :Madame Ramona GONZALEZ GRAIL, maire de La Talaudi\u00e8re, titulaireMadame Christelle MARCHAL, maire de Malleval, titulaireMonsieur Marc ARCHER maire de Saint Cyprien, titulaireMonsieur Eric BERLIVET, maire de Roche la Moli\u00e8re, titulaireMonsieur Fr\u00e9d\u00e9ric DURAND, adjoint a la ville de Saint-Etienne, titulaireMonsieur Jacques VALENTIN, adjoint au maire de sorbiers, suppl\u00e9antMonsieur Cyril DOLA, adjoint au maire de Saint-Romain-les-Atheux, suppl\u00e9antMadame Huguette SAHUC, conseill\u00e8re municipale de Saint H\u00e9and, suppl\u00e9anteMonsieur Carl INCORVAIA, adjoint au maire d'Andr\u00e9zieux-Bouth\u00e9on, suppl\u00e9antMadame Genevi\u00e8ve BRIENNON, adjoint au maire de Pouilly-sous-Charlieu, suppl\u00e9ante3\u00b0 En qualit\u00e9 de repr\u00e9sentants des organisations syndicales repr\u00e9sentatives au niveau national etinterprofessionnel :a) Sur proposition de la Conf\u00e9d\u00e9ration fran\u00e7aise d\u00e9mocratique du travail (CFDT) :Monsieur Jacques RODRIGUEZ, titulaireMonsieur Jean Pierre LAURENSON, suppl\u00e9antb) Sur proposition de la Conf\u00e9d\u00e9ration g\u00e9n\u00e9rale du travail (CGT) :Monsieur Pascal DARNON, titulaireMonsieur Ludwig BERAUD, suppl\u00e9antc) Sur proposition de la Conf\u00e9d\u00e9ration g\u00e9n\u00e9rale du travail - Force ouvri\u00e8re (CGT-FO) :Non d\u00e9sign\u00e9d) Sur proposition de la Conf\u00e9d\u00e9ration fran\u00e7aise de l'encadrement - Conf\u00e9d\u00e9ration g\u00e9n\u00e9raledes cadres (CFE-CGC) :Non d\u00e9sign\u00e9e) Sur proposition de la Conf\u00e9d\u00e9ration fran\u00e7aise des travailleurs chr\u00e9tiens (CFTC) :Monsieur Alain MILLAUD, titulaireMonsieur Bernard CHAVOUTIER, suppl\u00e9ant4\u00b0 En qualit\u00e9 de repr\u00e9sentants des organisations professionnelles d'employeurs repr\u00e9sentativesau niveau national et interprofessionnel :a) Sur proposition du Mouvement des employeurs de France (MEDEF) :Madame Annie BARNIER, titulaire\n- \n- \n- \n- \n- \n- \n- \n- \n- \n- \n- \n- \n- \n- \n- \n- \n- \n- \n- \n- \n- \n- \n- \n- \n- \n- \n- \n- \n- \n- \n42_DDETS_Direction D\u00e9partementale de l'emploi, du travail et des solidarit\u00e9s - 42-2025-11-13-00009 - Arr\u00eat\u00e9 pr\u00e9fectoral modifi\u00e9\nn\u00b025/36 du 13 novembre 2025 portant nomination au sein du comit\u00e9 d\u00e9partemental pour l'emploi 5\nsuppl\u00e9ant : non d\u00e9sign\u00e9b) Sur proposition de la Conf\u00e9d\u00e9ration des petites et moyennes entreprises (CPME) :Monsieur Sandrine FAURE, titulaireMonsieur Daniel VILLAREALE, pr\u00e9sident, suppl\u00e9antc) Sur proposition de l'Union des entreprises de proximit\u00e9 (U2P) :Madame LIEVRE, titulaireMonsieur COLOMBAT, suppl\u00e9ant5\u00b0 En qualit\u00e9 de repr\u00e9sentants des organisations professionnelles d'employeurs repr\u00e9sentativesau niveau national et multi professionnel :a) Sur proposition de la F\u00e9d\u00e9ration des entreprises du spectacle vivant, de la musique, del'audiovisuel et du cin\u00e9ma (FESAC) :Non d\u00e9sign\u00e9b) Sur proposition de la F\u00e9d\u00e9ration nationale des syndicats d'exploitants agricoles (FNSEA) :Madame Anne ROGUES, titulairec) Sur proposition de l'Union des employeurs de l'\u00e9conomie sociale et solidaire (UDES) :Non d\u00e9sign\u00e9Le pr\u00e9sent arr\u00eat\u00e9 pourra \u00eatre modifi\u00e9 par le pr\u00e9fet pour compl\u00e9ter ou modifier les d\u00e9signationsde titulaires et suppl\u00e9ants.Article 3Chacun des membres \u00e9voqu\u00e9s supra sont nomm\u00e9s pour trois ans renouvelables.Toute vacance ou perte de la qualit\u00e9 au titre de laquelle les membres ont \u00e9t\u00e9 d\u00e9sign\u00e9s donnelieu \u00e0 une nouvelle d\u00e9signation pour la dur\u00e9e du mandat restant \u00e0 courirArticle 4Le pr\u00e9sent arr\u00eat\u00e9 peut faire l'objet d'un recours contentieux aupr\u00e8s du Tribunal administratif deLyon dans un d\u00e9lai de deux mois \u00e0 compter de sa publication.Il peut \u00e9galement, dans le m\u00eame d\u00e9lai, faire l'objet d'un recours gracieux aupr\u00e8s du pr\u00e9fet de laLoire et d'un recours hi\u00e9rarchique aupr\u00e8s du ministre charg\u00e9 de l'emploi.Le recours gracieux ou/et hi\u00e9rarchique prolonge le d\u00e9lai de recours contentieux qui doit alors\u00eatre introduit dans les deux mois suivant la d\u00e9cision implicite ou explicite de l'autorit\u00e9comp\u00e9tente, le silence de l'administration pendant un d\u00e9lai de deux mois valant d\u00e9cisionimplicite de rejet.Article 5La directrice d\u00e9partementale de l'emploi, du travail et des solidarit\u00e9s est charg\u00e9e de l'ex\u00e9cutiondu pr\u00e9sent arr\u00eat\u00e9 qui sera publi\u00e9 au recueil des actes administratifs de la pr\u00e9fecture de la Loire.Fait \u00e0 Saint-\u00c9tienne le 13 novembre 2025La Pr\u00e9f\u00e8te de la Loire,Muriel NGUYEN\n- \n- \n- \n- \n- \n- \n- \n- \n42_DDETS_Direction D\u00e9partementale de l'emploi, du travail et des solidarit\u00e9s - 42-2025-11-13-00009 - Arr\u00eat\u00e9 pr\u00e9fectoral modifi\u00e9\nn\u00b025/36 du 13 novembre 2025 portant nomination au sein du comit\u00e9 d\u00e9partemental pour l'emploi 6\n42_DDFP_Direction D\u00e9partementale des\nFinances Publiques de la Loire\n42-2025-12-02-00001\nArr\u00eat\u00e9 relatif \u00e0 l'ouverture au public du centre\ndes Finances publiques de FEURS\n42_DDFP_Direction D\u00e9partementale des Finances Publiques de la Loire - 42-2025-12-02-00001 - Arr\u00eat\u00e9 relatif \u00e0 l'ouverture au public du\ncentre des Finances publiques de FEURS 7\nREPUBLIQUEFRANCAISELibert\u00e9Egalit\u00e9Fraternit\u00e9\nTFINANCES PUBLIQUES\nArr\u00eat\u00e9 relatif \u00e0 l'ouverture au public du centre des Finances publiques de FEURS\nL'administrateur g\u00e9n\u00e9ral des Finances publiques,\nDirecteur d\u00e9partemental des Finances publiques de la LOIRE,\nVu le d\u00e9cret n\u00b071-69 du 26 janvier 1971 relatif au r\u00e9gime d'ouverture au public des services ext\u00e9rieurs de l'\u00c9tat ;\nVu le d\u00e9cret n\u00b02004-374 du 29 avril 2004 relatif aux pouvoirs des pr\u00e9fets, \u00e0 l'organisation et \u00e0 l'action des services\nde l'\u00c9tat, dans les r\u00e9gions et les d\u00e9partements ;\nVu le d\u00e9cret n\u00b02008-310 du 3 avril 2008 relatif \u00e0 la direction g\u00e9n\u00e9rale des finances publiques ;\nVu le d\u00e9cret n\u00b02009-707 du 16 juin 2009 modifi\u00e9 relatif aux services d\u00e9concentr\u00e9s de la direction g\u00e9n\u00e9rale des\nFinances publiques ;\nVu le d\u00e9cret n\u00b0 2021-1550 du 1er d\u00e9cembre 2021 portant statut particulier du corps des administrateurs de l'\u00c9tat,\nmodifi\u00e9 par le d\u00e9cret n\u00b0 2022-1452 du 23 novembre 2022 ;\nVu  le  d\u00e9cret  du  9  avril  2025  nommant  M.  Sylvain  EME,  administrateur  de  l'\u00c9tat,  en  qualit\u00e9  de  directeur\nd\u00e9partemental des Finances publiques de la Loire ;\nVu le d\u00e9cret du 30 juillet 2025 nommant Mme Muriel NGUYEN, pr\u00e9f\u00e8te de la Loire ;\nVu l'arr\u00eat\u00e9 pr\u00e9fectoral n\u00b02025-234 SAT du 2 septembre 2025 portant d\u00e9l\u00e9gation de signature \u00e0 M. Sylvain EME,\ndirecteur d\u00e9partemental des Finances publiques de la LOIRE, en mati\u00e8re d'ouverture et de fermeture des services\nd\u00e9concentr\u00e9s de la direction d\u00e9partementale des Finances publiques de la LOIRE.\nArr\u00eate :\nArticle 1er \u2013 \u00c0 compter du 1 er janvier 2026, le centre des Finances publiques de FEURS, situ\u00e9 au num\u00e9ro 1 de la rue\ndu Montal \u00e0 FEURS, sera ouvert au public : mardi, mercredi, jeudi et vendredi de 8H30 \u00e0 12H30.\nArticle 2 \u2013 Le pr\u00e9sent arr\u00eat\u00e9 sera publi\u00e9 au recueil des actes administratifs de la Pr\u00e9fecture de la LOIRE  et affich\u00e9\ndans les locaux du centre des Finances publiques vis\u00e9 \u00e0 l'article 1er.\nFait \u00e0 Saint-\u00c9tienne, le 2 d\u00e9cembre 2025\nPar d\u00e9l\u00e9gation de la Pr\u00e9f\u00e8te,\nLe Directeur d\u00e9partemental des Finances publiques de\nla LOIRE\nSylvain EME\nDIRECTION  D\u00c9PARTEMENTALE\nDES FINANCES PUBLIQUES DE LA LOIRE\n11 RUE MI-CAR\u00caME\n42007 SAINT \u00c9TIENNE CEDEX 1\n42_DDFP_Direction D\u00e9partementale des Finances Publiques de la Loire - 42-2025-12-02-00001 - Arr\u00eat\u00e9 relatif \u00e0 l'ouverture au public du\ncentre des Finances publiques de FEURS 8\n42_DDPP_Direction D\u00e9partementale de la\nProtection des Populations de la Loire\n42-2025-12-01-00003\nArr\u00eat\u00e9 n\u00b0 574-DDPP-25\nportant abrogation de l'habilitation sanitaire du\nDr Wim VERBIEST\n42_DDPP_Direction D\u00e9partementale de la Protection des Populations de la Loire - 42-2025-12-01-00003 - Arr\u00eat\u00e9 n\u00b0 574-DDPP-25\nportant abrogation de l'habilitation sanitaire du Dr Wim VERBIEST 9\nPREFETEDE LA LOIRELibert\u00e9Egalit\u00e9Fraternit\u00e9\n \nDirection d\u00e9partementale \nde la protection des populations \nService Sant\u00e9 et Protection Animales \n \n \nDDPP de la Loire \nImmeuble \u00ab Le Continental \u00bb 10 rue Claudius Buard CS 40272 - 42014 Saint-\u00c9tienne Cedex 2 \nT\u00e9l. : 04 77 43 44 44 \nSite internet : www.loire.gouv.fr \n1/2 \n \n \n \nArr\u00eat\u00e9 n\u00b0 574-DDPP-25 \nportant abrogation de l'habilitation sanitaire du Dr Wim VERBIEST \n \nLa pr\u00e9f\u00e8te de la Loire, \n \nVu le code rural et de la p\u00eache maritime et notamment ses articles L. 203-1 \u00e0 L. 203-7, L. 223-6, R. 203-1 \n\u00e0 R. 203-15 et R. 242-33. \n \nVu le d\u00e9cret n\u00b0 80-516 du 4 juillet 1980, modifi\u00e9 par le d\u00e9cret n\u00b0 90-1033 du 19 novembre 1990 et par le \nd\u00e9cret 2003-768 du 1er ao\u00fbt 2003, relatif \u00e0 l'ex\u00e9cution des mesures de prophylaxie collective des \nmaladies des animaux ; \n \nVu le d\u00e9cret n\u00b0 2004.374 du 29 avril 2004 modifi\u00e9, relatif aux pouvoirs des pr\u00e9fets, \u00e0 l'organisation et \u00e0 \nl'action des services de l'Etat dans les r\u00e9gions et d\u00e9partements et notamment son article 43 ; \n \nVu le d\u00e9cret du 30 juillet 2025 portant nomination de Madame Muriel NGUYEN, pr\u00e9f\u00e8te de la Loire ; \n \nVu l'arr\u00eat\u00e9 du Premier ministre et du ministre de l'Int\u00e9rieur et des Outre-mer en date du 26 f\u00e9vrier 2024 \nnommant M. Pierre CABRIDENC, directeur d\u00e9partemental de la protection des populations de la Loire \n\u00e0 compter du 1er mars 2024 ; \n \nVu l'arr\u00eat\u00e9 pr\u00e9fectoral n\u00b0 2025-255 SAT du 2 septembre 2025 portant d\u00e9l\u00e9gation de signature \u00e0 \nMonsieur Pierre CABRIDENC, directeur d\u00e9partemental de la protection des populations de la Loire ; \n \nVu l'arr\u00eat\u00e9 pr\u00e9fectoral n\u00b0 281-DDPP-25 du 4 septembre 2025 portant subd\u00e9l\u00e9gation pour les \ncomp\u00e9tences g\u00e9n\u00e9rales et techniques ; \n \nConsid\u00e9rant la suppression du tableau de l'Ordre des v\u00e9t\u00e9rinaires de la R\u00e9gion Auvergne Rh\u00f4ne-Alpes \ndu Dr Wim VERBIEST, inscrit sous le num\u00e9ro 14396 ; \n \nSur proposition du directeur d\u00e9partemental de la protection des populations de la Loire, \n \nARR\u00caTE \nArticle 1er  : L'arr\u00eat\u00e9 pr\u00e9fectoral n\u00b0 218-DDPP-13 du 5 juin 2013, octroyant l'habilitation sanitaire au \nDocteur Wim VERBIEST, est abrog\u00e9. \n \n42_DDPP_Direction D\u00e9partementale de la Protection des Populations de la Loire - 42-2025-12-01-00003 - Arr\u00eat\u00e9 n\u00b0 574-DDPP-25\nportant abrogation de l'habilitation sanitaire du Dr Wim VERBIEST 10\n  \n \n \n \n  \n \n \n2/2 \n \nArticle 2  : Le Secr\u00e9taire G\u00e9n\u00e9ral de la Pr\u00e9fecture et le directeur d\u00e9partemental de la protection des \npopulations sont charg\u00e9s, chacun en ce qui le concerne, de l'ex\u00e9cution du pr\u00e9sent arr\u00eat\u00e9 qui sera ins\u00e9r\u00e9 \nau Recueil des actes administratifs de la Pr\u00e9fecture de la Loire. \n \n \nSaint-\u00c9tienne, le 1er d\u00e9cembre 2025 \n \nPour le pr\u00e9fet et par d\u00e9l\u00e9gation \nLe directeur d\u00e9partemental de la protection \ndes populations \nPour le directeur d\u00e9partemental et par \nd\u00e9l\u00e9gation \nLa chef de service Sant\u00e9 et Protection \nAnimales \n \nSign\u00e9 \n \nAnne-Charlotte DUROUX \n \n42_DDPP_Direction D\u00e9partementale de la Protection des Populations de la Loire - 42-2025-12-01-00003 - Arr\u00eat\u00e9 n\u00b0 574-DDPP-25\nportant abrogation de l'habilitation sanitaire du Dr Wim VERBIEST 11\n42_Pr\u00e9f_Pr\u00e9fecture de la Loire\n42-2025-11-26-00002\nArr\u00eat\u00e9 agr\u00e9ment organisme de formation d\u00e9bits\nde boissons CELSIUS \u00e0 Andr\u00e9zieux Bouth\u00e9on\n42_Pr\u00e9f_Pr\u00e9fecture de la Loire - 42-2025-11-26-00002 - Arr\u00eat\u00e9 agr\u00e9ment organisme de formation d\u00e9bits de boissons CELSIUS \u00e0\nAndr\u00e9zieux Bouth\u00e9on 12\nE |PREFETEDE LA LOIRELibert\u00e9Egalit\u00e9Fraternit\u00e9\nDirection des s\u00e9curit\u00e9s\nBureau des politiques de s\u00e9curit\u00e9 int\u00e9rieure\nP\u00f4le police administrative et ordre public\nArr\u00eat\u00e9 n\u00b0 DS-2025-2086\nportant agr\u00e9ment d'un organisme de formation\nau titre de l'article L. 3332-1-1 du code de la sant\u00e9 publique\nLa pr\u00e9f\u00e8te de la Loire\nVu le code de la sant\u00e9 publique, notamment les articles L3332-1-1 et R3332-4 \u00e0 R3332-9 ;\nVu le d\u00e9cret du 30 juillet 2025 portant nomination de Madame Muriel NGUYEN, pr\u00e9f\u00e8te de la Loire ;\nVu le d\u00e9cret du 29 ao\u00fbt 2024 nommant Monsieur Adrien SPERRY, sous-pr\u00e9fet, directeur de cabinet de la  \npr\u00e9f\u00e8te de la Loire ;\nVu l'arr\u00eat\u00e9 n\u00b02025-254 SAT du 2 septembre 2025 portant d\u00e9l\u00e9gation de signature \u00e0 Monsieur Adrien  \nSPERRY, sous-pr\u00e9fet, directeur de cabinet de la pr\u00e9f\u00e8te de la Loire ;\nVu l'arr\u00eat\u00e9  du  22  juillet  2011  fixant  le  programme  et  l'organisation  des  formations  requises  pour  \nl'obtention des attestations pr\u00e9vues \u00e0 l'article R3332-4-1 du code de la sant\u00e9 publique ;\nVu la demande du 10 septembre 2025 et le dossier complet pr\u00e9sent\u00e9s par l'organisme d\u00e9nomm\u00e9 CELSIUS, \nsis 58 rue de la Chaux \u00e0 Andr\u00e9zieux-Bouth\u00e9on (42160) ;\nSur proposition de la cheffe du bureau des politiques de s\u00e9curit\u00e9 int\u00e9rieure,\nARRETE \nArticle 1er : L'organisme de formation d\u00e9nomm\u00e9 CELSIUS, repr\u00e9sent\u00e9 par M. LACOUR Cl\u00e9ment, sis 58 rue  \nde la Chaux \u00e0 Andr\u00e9zieux-Bouth\u00e9on (42160), est agr\u00e9\u00e9 pour une dur\u00e9e de cinq ans \u00e0 l'effet de dispenser:\n- \u00e0 l'attention des exploitants de d\u00e9bits de boissons \u00e0 consommer sur place ou d'\u00e9tablissements pourvus  \nde la \u00ab petite licence restaurant \u00bb ou de la \u00ab licence restaurant \u00bb la formation pr\u00e9vue au premier alin\u00e9a de \nl'article L3332-1-1 du code de la sant\u00e9 publique ;\n- \u00e0 l'attention des d\u00e9bitants de boissons \u00e0 emporter vendant des boissons alcoolis\u00e9es entre 22 heures et  \n8 heures, la formation pr\u00e9vue au deuxi\u00e8me alin\u00e9a de l'article L3332-1-1 du code de la sant\u00e9 publique.\nArticle 2  : Le pr\u00e9sent arr\u00eat\u00e9 sera notifi\u00e9 \u00e0 l'organisme d\u00e9nomm\u00e9  CELSIUS, sis 58 rue de la Chaux \u00e0  \nAndr\u00e9zieux-Bouth\u00e9on (42160) ;\nFait \u00e0 Saint-\u00c9tienne, le 26 novembre 2025\nPour la pr\u00e9f\u00e8te et par d\u00e9l\u00e9gation,\nle sous-pr\u00e9fet, directeur de cabinet\nsign\u00e9 : Adrien SPERRY\nStandard : 04 77 48 48 48\nSite internet : www.loire.gouv.fr\n2 rue Charles de Gaulle CS 12241 \u2013 42022 SAINT-\u00c9TIENNE Cedex 1\n42_Pr\u00e9f_Pr\u00e9fecture de la Loire - 42-2025-11-26-00002 - Arr\u00eat\u00e9 agr\u00e9ment organisme de formation d\u00e9bits de boissons CELSIUS \u00e0\nAndr\u00e9zieux Bouth\u00e9on 13\nSi vous entendez contester le pr\u00e9sent arr\u00eat\u00e9, vous pouvez utiliser les voies de recours suivantes :\n- un recours gracieux motiv\u00e9 peut \u00eatre adress\u00e9 \u00e0 mes services,\n- un recours hi\u00e9rarchique peut \u00eatre introduit aupr\u00e8s de M. le ministre de l'int\u00e9rieur, direction des libert\u00e9s publiques  \net des affaires juridiques, sous-direction des libert\u00e9s publiques et de la police administrative, 11 rue de Saussaies \u2013  \n75800 Paris cedex\nEn l'absence de r\u00e9ponse de l'administration dans un d\u00e9lai de deux mois \u00e0 compter de la date de r\u00e9ception de votre  \nrecours, celui-ci doit \u00eatre consid\u00e9r\u00e9 comme implicitement rejet\u00e9.\n- un recours contentieux peut \u00eatre form\u00e9 devant le tribunal administratif de Lyon, 184 rue Duguesclin - 69433  Lyon \ncedex 03.\nCe recours juridictionnel doit \u00eatre d\u00e9pos\u00e9 au plus tard avant l'expiration d'une dur\u00e9e de deux mois suivant la date de \nnotification de la d\u00e9cision contest\u00e9e ou la date de rejet de votre recours gracieux hi\u00e9rarchique.\n\u2013\nStandard : 04 77 48 48 48\nSite internet : www.loire.gouv.fr\n2 rue Charles de Gaulle CS 12241 \u2013 42022 SAINT-\u00c9TIENNE Cedex 1\n42_Pr\u00e9f_Pr\u00e9fecture de la Loire - 42-2025-11-26-00002 - Arr\u00eat\u00e9 agr\u00e9ment organisme de formation d\u00e9bits de boissons CELSIUS \u00e0\nAndr\u00e9zieux Bouth\u00e9on 14\n42_Pr\u00e9f_Pr\u00e9fecture de la Loire\n42-2025-11-26-00003\nRAA 2025 007 Arr\u00eat\u00e9 carte achat DIPN42\n42_Pr\u00e9f_Pr\u00e9fecture de la Loire - 42-2025-11-26-00003 - RAA 2025 007 Arr\u00eat\u00e9 carte achat DIPN42 15\nMINISTEREDE L'INT\u00c9RIEURLibert\u00e9Egalit\u00e9Fraternit\u00e9\nPOLICENATIONALE\ndd\nDirection G\u00e9n\u00e9rale de la Police Nationale\nDirection interd\u00e9partementale de la Police Nationale de la Loire\nService d\u00e9partemental de soutien op\u00e9rationnel\nArr\u00eat\u00e9 n\u00b0 2025-007-DIPN\nportant d\u00e9signation nominative \nLe Directeur Interd\u00e9partemental de la Police Nationale \u00e0 Saint-\u00c9tienne (42), \nVu le d\u00e9cret n\u00b0 2012-1246 du 7 novembre 2012 modifi\u00e9 relatif \u00e0 la gestion budg\u00e9taire et comptable publique ;\nVu le d\u00e9cret n\u00b0 2023-1013 du 2 novembre 2023 relatif aux services d\u00e9concentr\u00e9s et \u00e0 l'organisation de la police  \nnationale ;\nVu l'arr\u00eat\u00e9 du ministre de l'int\u00e9rieur et des outre-mer du 1er ao\u00fbt 2024 portant nomination de Monsieur Yves  \nCELLIER, contr\u00f4leur g\u00e9n\u00e9ral des services actifs de la police nationale, directeur interd\u00e9partemental de la police  \nnationale \u00e0 Saint-\u00c9tienne (42), \u00e0 compter du 1er octobre 2024 ;\nVu l'arr\u00eat\u00e9 de la pr\u00e9f\u00e8te de la Loire n\u00b0 2025-257 SAT du 02 septembre 2025 p ortant d\u00e9l\u00e9gation de signature \u00e0  \nMonsieur Yves CELLIER, directeur interd\u00e9partemental de la police nationale \u00e0 Saint-\u00c9tienne (42) ;\nVu l'arr\u00eat\u00e9 de la pr\u00e9f\u00e8te de la Loire n\u00b0 2025-258 SAT du 02 septembre 2025 portant d\u00e9l\u00e9gation de signature en  \nqualit\u00e9 d'ordonnateur secondaire d\u00e9l\u00e9gu\u00e9 \u00e0 Monsieur Yves CELLIER, directeur interd\u00e9partemental de la police  \nnationale \u00e0 Saint-\u00c9tienne (42).\nVu l'instruction interminist\u00e9rielle du 16 mai 2023 relative au d\u00e9ploiement et \u00e0 l'utilisation de la carte affaires et de  \nla carte d'achat\nD\u00e9cide,\nArticle 1er : Une carte d'achat nominative est attribu\u00e9e aux porteurs de carte d'achat list\u00e9s dans le tableau en  \nannexe 1 de la pr\u00e9sente d\u00e9cision, afin de l'utiliser dans le cadre de leurs attributions, comp\u00e9tences et dans la  \nlimite du montant fix\u00e9.\nH\u00f4tel de Police de Saint-\u00c9tienne\n99bis cours Fauriel\n42100 Saint-\u00c9tienne\nStandard : 04 77 43 28 28\n42_Pr\u00e9f_Pr\u00e9fecture de la Loire - 42-2025-11-26-00003 - RAA 2025 007 Arr\u00eat\u00e9 carte achat DIPN42 16\nArticle 2  La r\u00e9f\u00e9rente carte d'achat pour la DIPN42 est Madame Florence Dard.\nArticle 3 : Le pr\u00e9sent arr\u00eat\u00e9 prend effet \u00e0 compter du lendemain de sa date de publication. \nArticle 4  : L'arr\u00eat\u00e9 DIPN n\u00b02025-006 du 25 juillet 2025 portant d\u00e9l\u00e9gation de signature aux porteurs de carte  \nd'achat est abrog\u00e9.\nArticle 5 : Le chef du service et les porteurs d\u00e9sign\u00e9s sont charg\u00e9s, chacun en ce qui les concerne, de  \nl'ex\u00e9cution du pr\u00e9sent arr\u00eat\u00e9 qui sera publi\u00e9 au recueil des actes administratifs.\nFait \u00e0 Saint-\u00c9tienne, le 26 novembre 2025\nMonsieur Le Directeur Interd\u00e9partemental\nde la Police Nationale\nde la Loire\nSign\u00e9 Yves CELLIER\n42_Pr\u00e9f_Pr\u00e9fecture de la Loire - 42-2025-11-26-00003 - RAA 2025 007 Arr\u00eat\u00e9 carte achat DIPN42 17\nAnnexe 1     :  \nPorteur Service Plafond annuel Type de carte Profil\nM. BOICHON C\u00e9dric MININT Carte ferm\u00e9e P2\nM. BOICHON C\u00e9dric MININT Carte ouverte P10\nM. CELLIER Yves DIPN42 MININT Carte ouverte P10\nMme DARD Florence DIPN 42 / SDSO MININT Carte ferm\u00e9e P2\nMme DARD Florence DIPN 42 / SDSO MININT Carte ouverte P10\nMme DILLIES Marie DIPN 42 / SDSO MININT Carte ferm\u00e9e P2\nMme DILLIES Marie DIPN 42 / SDSO MININT Carte ouverte P10\nM. JURY Thomas MININT Carte ferm\u00e9e P1\nM. JURY Thomas MININT Carte ouverte P10\nM. MIRMAND Maxime MININT Carte ferm\u00e9e P2\nM. MIRMAND Maxime MININT Carte ouverte P10\nM. ODDE Joris MININT Carte ferm\u00e9e P2\nM. REY Jonathan DIPN adjoint MININT Carte ouverte P10\nM. ROLLIER Jean-Paul MININT Carte ferm\u00e9e P2\nM. ROLLIER Jean-Paul MININT Carte ouverte P10\nM. ROZCZKO Daniel MININT Carte ferm\u00e9e P2\nM. ROZCZKO Daniel MININT Carte ouverte P10\nM. SAEZ Philippe DIPN 42 / CPN Roanne MININT Carte ferm\u00e9e P1\nM. SAEZ Philippe DIPN 42 / CPN Roanne MININT Carte ouverte P10\nR\u00e9f\u00e9rent carte achat Service Centre de facturation\nMme DARD Florence DIPN / SDSO MININT MI5PLTF069 \nProgramme carte \nachat\nPlafond par \ntransaction\nDIPN 42 / SDSO / Bureau \nLogistique et immobilier 30\u00a0000,00 \u20ac 3\u00a0000,00 \u20ac\nDIPN 42 / SDSO / Bureau \nLogistique et immobilier 5\u00a0000,00 \u20ac 1\u00a0000,00 \u20ac\n5\u00a0000,00 \u20ac 1\u00a0000,00 \u20ac\n30\u00a0000,00 \u20ac 3\u00a0000,00 \u20ac\n5\u00a0000,00 \u20ac 1\u00a0000,00 \u20ac\n30\u00a0000,00 \u20ac 3\u00a0000,00 \u20ac\n5\u00a0000,00 \u20ac 1\u00a0000,00 \u20ac\nDIPN 42 / CPN Roanne / Etat \nmajor / Bureau de liaison et \nde soutien op\u00e9rationnel\n5\u00a0000,00 \u20ac 1\u00a0000,00 \u20ac\nDIPN 42 / CPN Roanne / Etat \nmajor / Bureau de liaison et \nde soutien op\u00e9rationnel\n5\u00a0000,00 \u20ac 1\u00a0000,00 \u20ac\nDIPN 42 / SDSO / Bureau \nLogistique et immobilier 30\u00a0000,00 \u20ac 3\u00a0000,00 \u20ac\nDIPN 42 / SDSO / Bureau \nLogistique et immobilier 5\u00a0000,00 \u20ac 1\u00a0000,00 \u20ac\nDIPN 42 / SDSO / Bureau \nLogistique et immobilier 30\u00a0000,00 \u20ac 3\u00a0000,00 \u20ac\n5\u00a0000,00 \u20ac 1\u00a0000,00 \u20ac\nDIPN 42 / SDSO / Bureau \nLogistique et immobilier 30\u00a0000,00 \u20ac 3\u00a0000,00 \u20ac\nDIPN 42 / SDSO / Bureau \nLogistique et immobilier 5\u00a0000,00 \u20ac 1\u00a0000,00 \u20ac\nDIPN 42 / SDSO / Bureau \nLogistique et immobilier 30\u00a0000,00 \u20ac 3\u00a0000,00 \u20ac\nDIPN 42 / SDSO / Bureau \nLogistique et immobilier 5\u00a0000,00 \u20ac 1\u00a0000,00 \u20ac\n5\u00a0000,00 \u20ac 1\u00a0000,00 \u20ac\n5\u00a0000,00 \u20ac 1\u00a0000,00 \u20ac\nProgramme carte \nd'achat\n42_Pr\u00e9f_Pr\u00e9fecture de la Loire - 42-2025-11-26-00003 - RAA 2025 007 Arr\u00eat\u00e9 carte achat DIPN42 18","date":"2025-12-03","first_seen_on":"2025-12-03T17:22:33+00:00","id":"e6a00af3e92c9e20d39b880cecd1bd60c8f4f6a69dfa361c4e90e5a2f3674861","name":"prefecture_loire_RAA_42-2025-210_2025_12_03","pdf_creation_date":"2025-12-03T15:22:34+00:00","pdf_modification_date":null,"timezone":"Europe/Paris","url":"https://www.loire.gouv.fr/contenu/telechargement/21862/160482/file/prefecture_loire_RAA_42-2025-210_2025_12_03.pdf"}
