{"administration":"prefidf","administration_name":"Pr\u00e9fecture de la r\u00e9gion \u00cele-de-France","content":"PREFECTURE\nREGION ILE DE\nFRANCE\nRECUEIL DES ACTES\nADMINISTRATIFS SP\u00c9CIAL\n(NOMINATIFS)\nN\u00b0IDF-065-2025-10\nPUBLI\u00c9 LE 29 OCTOBRE 2025\nSommaire\nAgence R\u00e9gionale de Sant\u00e9 / Agence r\u00e9gionale de sant\u00e9\nd'Ile-de-France-Cellule officines de pharmacie\nIDF-2025-10-22-00018 - Arr\u00eat\u00e9 n\u00b0DOS/EFF/OFF/2025/110 \nconstatant\nla caducit\u00e9 d'une licence d'une officine de pharmacie (1 page) Page 3\nIDF-2025-10-22-00017 - Arr\u00eat\u00e9 n\u00b0DOS/EFF/OFF/2025/114 constatant la\ncessation d\u00e9finitive d'activit\u00e9 d'une officine de pharmacie (1\npage) Page 5\nIDF-2025-10-22-00016 - Arr\u00eat\u00e9 n\u00b0DOS/EFF/OFF/2025/117\nconstatant la\ncessation d\u00e9finitive d'activit\u00e9 d'une officine de pharmacie (1\npage) Page 7\nAgence R\u00e9gionale de Sant\u00e9 / service r\u00e9gional des transports sanitaires\nIDF-2025-10-29-00005 - Arr\u00eat\u00e9 n\u00b0 DOS-2025-4603 portant changement\nde responsable l\u00e9gal et transfert de locaux de la SAS FS SOLIDAIRE\nAMBULANCES\n(94260 - FRESNES) (2 pages) Page 9\nIDF-2025-10-29-00004 - Arr\u00eat\u00e9 n\u00b0 DOS-2025-4604 portant changement\nde responsable l\u00e9gal de la SASU AMBULANCES PICASSO (78180 -\nMONTIGNY-LE-BRETONNEUX) (2 pages) Page 12\nIDF-2025-10-29-00006 - Arr\u00eat\u00e9 n\u00b0 DOS-2025-4605 portant transfert des\nlocaux de la SARL VITAL AMBULANCES (92220 - BAGNEUX) (2 pages) Page 15\nDirection r\u00e9gionale et interd\u00e9partementale de l'\u00e9conomie, de l'emploi,\ndu travail et des solidarit\u00e9s d'\u00cele-de-France / P\u00f4le Politique du travail\nIDF-2025-10-28-00022 - D\u00e9cision n\u00b0 2025-208 du 28 octobre\n2025\nportant affectation des agents de contr\u00f4le dans les unit\u00e9s de\ncontr\u00f4le et gestion des int\u00e9rims de l'Unit\u00e9 d\u00e9partementale des\nHauts-de-Seine de la DRIEETS d'Ile-de-France\n (6 pages) Page 18\n2\nAgence R\u00e9gionale de Sant\u00e9\nIDF-2025-10-22-00018\nArr\u00eat\u00e9 n\u00b0DOS/EFF/OFF/2025/110 \nconstatant la caducit\u00e9 d'une licence d'une\nofficine de pharmacie\nAgence R\u00e9gionale de Sant\u00e9 - IDF-2025-10-22-00018 - Arr\u00eat\u00e9 n\u00b0DOS/EFF/OFF/2025/110 \nconstatant la caducit\u00e9 d'une licence d'une officine de pharmacie 3\nREPUBLIQUEFRANCAISELibert\u00e9\u00c9galit\u00e9Fraternit\u00e9\nAV\u00a9 D Agence R\u00e9gionale de Sant\u00e9\u00cele-de-France\n \n \nAGENCE R\u00c9GIONALE DE SANT\u00c9 \u00ceLE-DE-FRANCE \nARR\u00caT\u00c9 N\u00b0 DOS/EFF/OFF/2025/110  \nconstatant la caducit\u00e9 d'une licence d'une officine de pharmacie \n \nLE DIRECTEUR G\u00c9N\u00c9RAL DE L'AGENCE R\u00c9GIONALE DE SANT\u00c9 \u00ceLE-DE-FRANCE \n \nVU le code de la sant\u00e9 publique ; \n \nVU le d\u00e9cret du 10 avril 2024 portant nomination de Monsieur Denis ROBIN, Directeur g\u00e9n\u00e9ral de l'Agence r\u00e9gionale \nde sant\u00e9 \u00cele-de-France, \u00e0 compter du 29 avril 2024 ;  \n \nVU l'arr\u00eat\u00e9 n\u00b0 DS 034/2024 du 29 avril 2024, publi\u00e9 le 30 avril 2024, portant d\u00e9l\u00e9gation de signature du Directeur \ng\u00e9n\u00e9ral de l'Agence r\u00e9gionale de sant\u00e9 \u00cele -de-France \u00e0 Monsieur  Arnaud CORVAISIER, Directeur de l' Offre  \nde soins et \u00e0 plusieurs de ses collaborateurs ; \n \nVU l'arr\u00eat\u00e9 en date du 1er janvier 1943 , portant octroi de la licence n\u00b0 78#000132 \u00e0 l' officine de pharmacie  sise \n14 rue Andr\u00e9 Bonnenfant \u00e0 Saint-Germain-en-Laye (78100) ; \n \nVU l'arr\u00eat\u00e9 n\u00b0 DOS/EFF/OFF/2025-49 en date du 18 avril 2025  ayant autoris\u00e9  le regroupement de trois officines  \nde ph armacie et octroyant la licence  n\u00b0 78#001324 \u00e0 l'officine  de pharmacie  issue du regroupement  sise  \n10 rue de la Salle \u00e0 Saint-Germain-en-Laye (78100) ; \n \nVU la d\u00e9claration en date du 22 septembre 2025 par laquelle Madame Maud JAMOUILLE informe l'Agence r\u00e9gionale \nde sant\u00e9 de l'ouverture effective au public de l'officine sise 10 rue de la Salle \u00e0 Saint -Germain-en-Laye (78100) \nsuite \u00e0 regroupement et restitue la licence n\u00b078#000132 ; \n \nCONSIDERANT Que l'officine de pharmacie issue du regroupement autoris\u00e9  par arr\u00eat\u00e9 du 18 avril 2025 susvis\u00e9, \nsise 10 rue de la Salle \u00e0 Saint-Germain-en-Laye (78100) et exploit\u00e9e sous la licence n\u00b078#001324, \nest effectivement ouverte au public \u00e0 compter du 15 septembre 2025 ; \n \nCONSIDERANT que l'ouverture au public de l'officine exploit\u00e9e sous la licence n\u00b0 78#001324 entra\u00eene la caducit\u00e9  \nde la licence n\u00b078#000132 ;  \n \nCONSIDERANT qu'il y a lieu de constater cette caducit\u00e9 ; \n \nARR\u00caTE \n \nARTICLE 1er : Est constat\u00e9e, \u00e0 compter du 15 septembre 2025, la caducit\u00e9 de la licence n\u00b078#000132, du fait de \nl'ouverture effective au public, sous la licence n\u00b0 78#001324, de l'officine de pharmacie issue du \nregroupement de trois officines vers le local sis 10 rue de la Salle \u00e0 Saint-Germain-en-Laye (78100). \n \nARTICLE 2e : Un recours contentieux contre le pr\u00e9sent arr\u00eat\u00e9 peut \u00eatre form\u00e9 aupr\u00e8s du tribunal administratif \ncomp\u00e9tent. Le d\u00e9lai de recours est de deux mois \u00e0 compter de la notification de l'arr\u00eat\u00e9 pour les \nint\u00e9ress\u00e9s ou de sa publication pour les tiers. \n \nARTICLE 3e : Le Directeur g\u00e9n\u00e9ral de l'Agence r\u00e9gionale de sant\u00e9 \u00cele-de-France est charg\u00e9 de l'ex\u00e9cution  \ndu pr\u00e9sent arr\u00eat\u00e9 qui sera publi\u00e9 au recueil des actes administratifs de la pr\u00e9fecture de la r\u00e9gion  \n\u00cele-de-France. \n \n \nFait \u00e0 Saint-Denis, le 22 octobre 2025 \n \nLle Directeur g\u00e9n\u00e9ral  \nde l'Agence r\u00e9gionale de sant\u00e9  \n\u00cele-de-France  \n \nPar d\u00e9l\u00e9gation, \nLe Directeur du P\u00f4le Efficience \n \nSIGN\u00c9 \nFabien P\u00c9RUS   \n \nAgence R\u00e9gionale de Sant\u00e9 - IDF-2025-10-22-00018 - Arr\u00eat\u00e9 n\u00b0DOS/EFF/OFF/2025/110 \nconstatant la caducit\u00e9 d'une licence d'une officine de pharmacie 4\nAgence R\u00e9gionale de Sant\u00e9\nIDF-2025-10-22-00017\nArr\u00eat\u00e9 n\u00b0DOS/EFF/OFF/2025/114 constatant la\ncessation d\u00e9finitive d'activit\u00e9 d'une officine de\npharmacie\nAgence R\u00e9gionale de Sant\u00e9 - IDF-2025-10-22-00017 - Arr\u00eat\u00e9 n\u00b0DOS/EFF/OFF/2025/114 constatant la cessation d\u00e9finitive d'activit\u00e9 d'une\nofficine de pharmacie 5\nEuREPUBLIQUEFRAN\u00c7AISELibert\u00e9\u00c9galit\u00e9Fraternit\u00e9 \u00a9 D Agence R\u00e9gionale de Sant\u00e9\u00cele-de-France\n \n \nAGENCE R\u00c9GIONALE DE SANT\u00c9 \u00ceLE-DE-FRANCE \nARR\u00caT\u00c9 N\u00b0 DOS/EFF/OFF/2025/114 constatant la cessation d\u00e9finitive d'activit\u00e9 d'une \nofficine de pharmacie \n \nLE DIRECTEUR G\u00c9N\u00c9RAL DE L'AGENCE R\u00c9GIONALE DE SANT\u00c9 \u00ceLE-DE-FRANCE \n \nVU le code de la sant\u00e9 publique  et notamment ses articles L. 5125 -21, L. 5125 -22,  \nR. 5125-30 et R. 5132-37 ; \n \nVU le d\u00e9cret du 10 avril 2024 portant nomination de Monsieur Denis ROBIN, Directeur g\u00e9n\u00e9ral de l'Agence \nr\u00e9gionale de sant\u00e9 \u00cele-de-France, \u00e0 compter du 29 avril 2024 ;  \n \nVU l'arr\u00eat\u00e9 n\u00b0 DS 034/2024 du 29 avril 2024, publi\u00e9 le 30 avril 2024, portant d\u00e9l\u00e9gation de signature du \nDirecteur g\u00e9n\u00e9ral de l'Agence r\u00e9gionale de sant\u00e9 \u00cele -de-France \u00e0 Monsieur Arnaud CORVAISIER, \nDirecteur de l'offre de soins et \u00e0 plusieurs de ses collaborateurs ;  \n \nVU l'arr\u00eat\u00e9 en date du 09 septembre 1994 portant octroi de la licence n\u00b091#000227 \u00e0 l'officine de pharmacie \nsise Centre Commercial du Clos Guinaud \u2013 route de Lieusaint \u00e0 Saint-Pierre-du-Perray (91280) ; \n \nVU  \n \nla d\u00e9claration d'exploitation en date du 20 avril 1995 par laquelle Madame Catherine VIALAT-ALIQUOT \nd\u00e9clare exploiter la licence de l'officine de pharmacie sise 15 rue du Commerce \u00e0 Saint-Pierre-du-Perray \n(91280) ; \n \nVU l'avis favorable d u Directeur g\u00e9n\u00e9ral de  l'Agence r\u00e9gionale de sant\u00e9 \u00cele-de-France en date du   \n01 ao\u00fbt 2025  pr\u00e9alablement \u00e0 une op\u00e9ration de restructuration du r\u00e9seau officinal au sein de la \ncommune de \u00e0 Saint-Pierre-du-Perray (91280) ; \n \nVU la d\u00e9claration  en date du 16 septembre 2025  par l aquelle Madame Catherine VIALAT-ALIQUOT \ninforme de la cessation  d\u00e9finitive de l'activit\u00e9 de l'officine de pharmacie sise 15 rue du Commerce \u00e0 \nSaint-Pierre-du-Perray (91280)  dont elle est titulaire et restitue la licence correspondante ; \n \n  \nCONSIDERANT que la titulaire d\u00e9clare cesser d\u00e9finitivement l'activit\u00e9 de l'officine \u00e0 compter du 16 septembre \n2025 ;  \n \nARR\u00caTE \n \nARTICLE 1er : La cessation d\u00e9finitive d'activit\u00e9 depuis le 16 septembre 2025 de l'officine de pharmacie exploit\u00e9e \npar Madame Catherine VIALAT-ALIQUOT sise 15 rue du Commerce \u00e0 Saint -Pierre-du-Perray \n(91280) est constat\u00e9e. \n \nLa licence n\u00b091#000227 est caduque \u00e0 compter de cette date. \n \nARTICLE 2e : Un recours contentieux contre le pr\u00e9sent arr\u00eat\u00e9 peut \u00eatre form\u00e9 aupr\u00e8s du tribunal administratif \ncomp\u00e9tent. Le d\u00e9lai de recours est de deux mois \u00e0 compter de la notification de l'arr\u00eat\u00e9 pour les \nint\u00e9ress\u00e9s ou de sa publication pour les tiers. \n \nARTICLE 3e : Le Directeur g\u00e9n\u00e9ral de l'Agence r\u00e9gionale de sant\u00e9 \u00cele-de-France est charg\u00e9 de l'ex\u00e9cution du \npr\u00e9sent arr\u00eat\u00e9 qui sera publi\u00e9 au recueil des actes administratifs de la pr\u00e9fecture de la r\u00e9gion   \n\u00cfle-de-France. \n        \nFait \u00e0 Saint-Denis, le 22 octobre 2025 \n \nLle Directeur g\u00e9n\u00e9ral  \nde l'Agence r\u00e9gionale de sant\u00e9  \n\u00cele-de-France  \n \nPar d\u00e9l\u00e9gation, \nLe Directeur du P\u00f4le Efficience \n \nSIGN\u00c9 \nFabien P\u00c9RUS   \n  \nAgence R\u00e9gionale de Sant\u00e9 - IDF-2025-10-22-00017 - Arr\u00eat\u00e9 n\u00b0DOS/EFF/OFF/2025/114 constatant la cessation d\u00e9finitive d'activit\u00e9 d'une\nofficine de pharmacie 6\nAgence R\u00e9gionale de Sant\u00e9\nIDF-2025-10-22-00016\nArr\u00eat\u00e9 n\u00b0DOS/EFF/OFF/2025/117\nconstatant la cessation d\u00e9finitive d'activit\u00e9 d'une\nofficine de pharmacie\nAgence R\u00e9gionale de Sant\u00e9 - IDF-2025-10-22-00016 - Arr\u00eat\u00e9 n\u00b0DOS/EFF/OFF/2025/117\nconstatant la cessation d\u00e9finitive d'activit\u00e9 d'une officine de pharmacie 7\nEREPUBLIQUEFRAN\u00c7AISELibert\u00e9Egalit\u00e9Fraternit\u00e9\ne \u00bb Agence R\u00e9gionale de Sant\u00e9Ile-de-France\n \n \nAGENCE R\u00c9GIONALE DE SANT\u00c9 \u00ceLE-DE-FRANCE \nARR\u00caT\u00c9 N\u00b0 DOS/EFF/OFF/2025/117  \nconstatant la cessation d\u00e9finitive d'activit\u00e9 d'une officine de pharmacie \n \nLE DIRECTEUR G\u00c9N\u00c9RAL DE L'AGENCE R\u00c9GIONALE DE SANT\u00c9 \u00ceLE-DE-FRANCE  \n \n  VU le code de la sant\u00e9 publique  et notamment ses articles L. 5125 -21, L. 5125 -22,  \nR. 5125-30 et R. 5132-37 ; \n \nVU le d\u00e9cret du 10 avril 2024 portant nomination de Monsieur Denis ROBIN, Directeur g\u00e9n\u00e9ral de l'Agence \nr\u00e9gionale de sant\u00e9 \u00cele-de-France, \u00e0 compter du 29 avril 2024 ;  \n \nVU l'arr\u00eat\u00e9 n\u00b0 DS 034/2024 du 29 avril 2024, publi\u00e9 le 30 avril 2024, portant d\u00e9l\u00e9gation de signature du \nDirecteur g\u00e9n\u00e9ral de l'Agence r\u00e9gionale de sant\u00e9 \u00cele -de-France \u00e0 Monsieur Arnaud CORVAISIER, \nDirecteur de l'offre de soins et \u00e0 plusieurs de ses collaborateurs ;  \n \nVU l'arr\u00eat\u00e9 en date du 06 octobre 1960 portant octroi de la licence n\u00b093#000751 \u00e0 l'officine de pharmacie \nsise 56 avenue Henri Barbusse \u00e0 Tremblay-en-France (93290) ; \n \nVU La d\u00e9claration en date du 1er octobre 2025 par laquelle Madame Jessica WEIZMAN d\u00e9clare cesser \nd\u00e9finitivement l'exploitation de l'officine de pharmacie sise 56 avenue Henri Barbusse \u00e0 Tremblay-en-\nFrance (93290) dont elle est titulaire et restitue la licence correspondante ; \n \n   \nCONSIDERANT que la titulaire d\u00e9clare cesser d\u00e9finitivement l'activit\u00e9 de l'officine de pharmacie \u00e0 compter \ndu 1er octobre 2025 ;  \n \nARR\u00caTE \n \nARTICLE 1er : La cessation d\u00e9finitive d'activit\u00e9 \u00e0 compter du  1er octobre 2025 de l'officine de pharmacie \nexploit\u00e9e par Madame Jessica WEIZMAN sise 56 avenue Henri Barbusse \u00e0 Tremblay-en-\nFrance (93290) est constat\u00e9e. \n \nLa licence n\u00b093#000751 est caduque \u00e0 compter de cette date. \n \nARTICLE 2e : Un recours contentieux contre le pr\u00e9sent ar r\u00eat\u00e9 peut \u00eatre form\u00e9 aupr\u00e8s du t ribunal \nadministratif comp\u00e9tent. Le d\u00e9lai de recours est de deux mois \u00e0 compter de la notification \nde l'arr\u00eat\u00e9 pour les int\u00e9ress\u00e9s ou de sa publication pour les tiers. \n \nARTICLE 3e : Le Directeur g\u00e9n\u00e9ral de l'Agence r\u00e9gionale de sant\u00e9 \u00cele-de-France est charg\u00e9 de \nl'ex\u00e9cution du pr\u00e9sent arr\u00eat\u00e9 qui sera publi\u00e9 au recueil des actes administratifs de la \npr\u00e9fecture de la r\u00e9gion \u00cele-de-France. \n        \nFait \u00e0 Saint-Denis, le 22 octobre 2025 \n \nLle Directeur g\u00e9n\u00e9ral  \nde l'Agence r\u00e9gionale de sant\u00e9  \n\u00cele-de-France  \n \nPar d\u00e9l\u00e9gation, \nLe Directeur du P\u00f4le Efficience \n \nSIGN\u00c9 \nFabien P\u00c9RUS   \nAgence R\u00e9gionale de Sant\u00e9 - IDF-2025-10-22-00016 - Arr\u00eat\u00e9 n\u00b0DOS/EFF/OFF/2025/117\nconstatant la cessation d\u00e9finitive d'activit\u00e9 d'une officine de pharmacie 8\nAgence R\u00e9gionale de Sant\u00e9\nIDF-2025-10-29-00005\nArr\u00eat\u00e9 n\u00b0 DOS-2025-4603 portant changement\nde responsable l\u00e9gal et transfert de locaux de la\nSAS FS SOLIDAIRE AMBULANCES\n(94260 - FRESNES)\nAgence R\u00e9gionale de Sant\u00e9 - IDF-2025-10-29-00005 - Arr\u00eat\u00e9 n\u00b0 DOS-2025-4603 portant changement de responsable l\u00e9gal et transfert\nde locaux de la SAS FS SOLIDAIRE AMBULANCES\n(94260 - FRESNES)\n9\nREPUBLIQUEFRANCAISELibert\u00e9Egalit\u00e9Fraternit\u00e9\ne \u00bb Agence R\u00e9gionale de Sant\u00e9Ile-de-France\n \n \n \n \n \n \n \nAGENCE R\u00c9GIONALE DE SANT\u00c9 \u00ceLE-DE-FRANCE \nARR\u00caT\u00c9 N\u00b0DOS-2025-4603 \nportant changement de responsable l\u00e9gal et transfert de locaux de la SAS FS \nSOLIDAIRE AMBULANCES \n(94260 - FRESNES) \n \nLE DIRECTEUR G\u00c9N\u00c9RAL DE L'AGENCE R\u00c9GIONALE DE SANT\u00c9 \u00ceLE-DE-FRANCE \n \nVU le Code de la Sant\u00e9 Publique et notamment ses articles L.6311-1 \u00e0 L.6311-2, L.6312-1 \u00e0 L.6312-\n5, L.6313-1, R.6312-1 \u00e0 R.6312-23, R.6312-29 \u00e0 R.6312-43, R.6313-5 \u00e0 R.6313-7-1 ; \n \nVU la loi n\u00b0 2009-879 du 21 juillet 2009 portant r\u00e9forme de l'h\u00f4pital et relative aux patients, \u00e0 la sant\u00e9 \net aux territoires ; \n \nVU le d\u00e9cret n\u00b0 2010 -344 du 31 mars 2010 tirant les cons\u00e9quences, au niveau r\u00e8glementaire, de \nl'intervention de la loi n\u00b0 2009 -879 du 21 juillet 2009 portant r\u00e9forme de l'h\u00f4pital et relative aux \npatients, \u00e0 la sant\u00e9 et aux territoires ;  \n \nVU le d\u00e9cret du 10 avril 2024  portant nomination de Monsieur Denis ROBIN, Directeur g\u00e9n\u00e9ral de \nl'Agence r\u00e9gionale de sant\u00e9 \u00cele de France \u00e0 compter du 29 avril 2024 ; \n \nVU l'arr\u00eat\u00e9 minist\u00e9riel du 21 d\u00e9cembre 1987 modifi\u00e9 relatif \u00e0 la composition du dossier d'agr\u00e9ment \ndes personnes effectuant des transports sanitaires terrestres et au contr\u00f4le des v\u00e9hicules \naffect\u00e9s aux transports sanitaires ; \n \nVU l'arr\u00eat\u00e9 du 12 d\u00e9cembre 2017  modifi\u00e9 fixant les caract\u00e9ristiques et les installations mat\u00e9rielles \nexig\u00e9es pour les v\u00e9hicules affect\u00e9s aux transports sanitaires terrestres ; \n \nVU l'arr\u00eat\u00e9 DS N\u00b0034/2024 du Directeur g\u00e9n\u00e9ral de l'Agence r\u00e9gionale  de sant\u00e9 \u00cele de France en \ndate du 29 avril 2024, portant d\u00e9l\u00e9gation de signature \u00e0 Monsieur Arnaud CORVAISIER, \nDirecteur de l'offre de soins, et \u00e0 certains de ses collaborateurs ; \n \nVU l'arr\u00eat\u00e9 n\u00b0DOSMS-2015-316 du Directeur g\u00e9n\u00e9ral de l'Agence r\u00e9gionale de sant\u00e9 Ile -de-France \nen date du 12 novembre 2015 portant agr\u00e9ment sous le n\u00b0ARS -IDF-TS/030, de la  SAS FS \nSOLIDAIRE AMBULANCES, sise 57/61, avenue de la Libert\u00e9 \u2013 94260 FRESNES dont le \npr\u00e9sident est Monsieur Fabrice LAVOUE ; \n \nVU l'arr\u00eat\u00e9 n\u00b0DOSMS-2016-204 du Directeur g\u00e9n\u00e9ral de l'Agence r\u00e9gionale de sant\u00e9 Ile -de-France \nen date du 22 juillet 2016 portant changement de responsable l\u00e9gal de la SAS FS SOLIDAIRE \nAMBULANCES, dont le nouveau pr\u00e9sident est Monsieur Saer DIOP ;  \n \nVU l'arr\u00eat\u00e9 n\u00b0DOS-2021/1726 du Directeur g\u00e9n\u00e9ral de l'Agence r\u00e9gionale de sant\u00e9 Ile-de-France en \ndate du 10 mai 2021 portant changement de responsable l\u00e9gal de la SAS FS SOLIDAIRE \nAMBULANCES, dont le nouveau pr\u00e9sident est Monsieur Oualid ABID ;  \n \nCONSIDERANT le dossier de demande de modification de l'agr\u00e9ment pr\u00e9sent\u00e9 par  Monsieur Mickael \nGOMES relatif au changement de responsable l\u00e9gal de la SAS FS SOLIDAIRE AMBULANCES ; \n \nAgence R\u00e9gionale de Sant\u00e9 - IDF-2025-10-29-00005 - Arr\u00eat\u00e9 n\u00b0 DOS-2025-4603 portant changement de responsable l\u00e9gal et transfert\nde locaux de la SAS FS SOLIDAIRE AMBULANCES\n(94260 - FRESNES)\n10\n2 \n \nCONSIDERANT la conformit\u00e9 du dossier de changement de responsable l\u00e9gal  aux dispositions de \nl'arr\u00eat\u00e9 du 21 d\u00e9cembre 1987 modifi\u00e9 ci-dessus vis\u00e9 ; \n \n \nARR\u00caTE \n \n \nARTICLE 1  : Monsieur Mickael GOMES  est nomm\u00e9 pr\u00e9sident de la SAS FS SOLIDAIRE \nAMBULANCES \u00e0 la date du pr\u00e9sent arr\u00eat\u00e9. \n \nEn outre, les locaux sont d\u00e9sormais situ\u00e9s au 84, avenue de la Convention \u2013 94110 ARCUEIL. \n \nARTICLE 2  : La pr\u00e9sente d\u00e9cision peut faire l'objet d'un recours gracieux aupr\u00e8s de Monsieur le \nDirecteur g\u00e9n\u00e9ral de l'Agence r\u00e9gionale de sant\u00e9, sise 13, rue du Landy 93200 Saint-Denis. \n Un recours contentieux peut \u00e9galement \u00eatre d\u00e9pos\u00e9 aupr\u00e8s du tribunal administratif comp\u00e9tent.   \n Le d\u00e9lai de recours est de deux mois \u00e0 compter de la notification de l'arr\u00eat\u00e9 pour l'int\u00e9ress\u00e9 ou de sa \npublication pour les tiers. \n Ces recours n'ont pas pour effet de suspendre le caract\u00e8re ex\u00e9cutoire de la pr\u00e9sente d\u00e9cision.    \n \nARTICLE 3 : Le Directeur de l'offre de soins est charg\u00e9 de l'ex\u00e9cution du pr\u00e9sent arr\u00eat\u00e9, qui sera publi\u00e9 \nau Recueil des Actes Administratifs des services de l'\u00c9tat. \n  \n \n \nFait \u00e0 Saint-Denis, le    29/10/2025       \n \nP/Le Directeur g\u00e9n\u00e9ral \nde l'Agence r\u00e9gionale de sant\u00e9 \nIle-de-France,  \nLa Responsable du service r\u00e9gional \ndes transports sanitaires, \n \n \nSIGNE \n \nS\u00e9verine TEISSEDRE \n \nAgence R\u00e9gionale de Sant\u00e9 - IDF-2025-10-29-00005 - Arr\u00eat\u00e9 n\u00b0 DOS-2025-4603 portant changement de responsable l\u00e9gal et transfert\nde locaux de la SAS FS SOLIDAIRE AMBULANCES\n(94260 - FRESNES)\n11\nAgence R\u00e9gionale de Sant\u00e9\nIDF-2025-10-29-00004\nArr\u00eat\u00e9 n\u00b0 DOS-2025-4604 portant changement\nde responsable l\u00e9gal de la SASU AMBULANCES\nPICASSO (78180 - MONTIGNY-LE-BRETONNEUX)\nAgence R\u00e9gionale de Sant\u00e9 - IDF-2025-10-29-00004 - Arr\u00eat\u00e9 n\u00b0 DOS-2025-4604 portant changement de responsable l\u00e9gal de la SASU\nAMBULANCES PICASSO (78180 - MONTIGNY-LE-BRETONNEUX) 12\nREPUBLIQUEFRANCAISELibert\u00e9Egalit\u00e9Fraternit\u00e9\ne \u00bb Agence R\u00e9gionale de Sant\u00e9Ile-de-France\n \n \n \n \n \n \n \nAGENCE R\u00c9GIONALE DE SANT\u00c9 \u00ceLE-DE-FRANCE \nARR\u00caT\u00c9 N\u00b0DOS-2025-4604 \nportant changement de responsable l\u00e9gal de la SASU AMBULANCES PICASSO \n(78180 \u2013 MONTIGNY-LE-BRETONNEUX) \n \nLE DIRECTEUR G\u00c9N\u00c9RAL DE L'AGENCE R\u00c9GIONALE DE SANT\u00c9 \u00ceLE-DE-FRANCE \n \nVU le Code de la Sant\u00e9 Publique et notamment ses articles L.6311-1 \u00e0 L.6311-2, L.6312-1 \u00e0 L.6312-\n5, L.6313-1, R.6312-1 \u00e0 R.6312-23, R.6312-29 \u00e0 R.6312-43, R.6313-5 \u00e0 R.6313-7-1 ; \n \nVU la loi n\u00b0 2009-879 du 21 juillet 2009 portant r\u00e9forme de l'h\u00f4pital et relative aux patients, \u00e0 la sant\u00e9 \net aux territoires ; \n \nVU le d\u00e9cret n\u00b0 2010 -344 du 31 mars 2010 tirant les cons\u00e9quences, au niveau r\u00e8glementaire, de \nl'intervention de la loi n\u00b0 2009 -879 du 21 juillet 2009 portant r\u00e9forme de l'h\u00f4pital et relative aux \npatients, \u00e0 la sant\u00e9 et aux territoires ;  \n \nVU le d\u00e9cret du 10 avril 2024  portant nomination de Monsieur Denis ROBIN, Directeur g\u00e9n\u00e9ral de \nl'Agence r\u00e9gionale de sant\u00e9 \u00cele de France \u00e0 compter du 29 avril 2024 ; \n \nVU l'arr\u00eat\u00e9 minist\u00e9riel du 21 d\u00e9cembre 1987 modifi\u00e9 relatif \u00e0 la composition du dossier d'agr\u00e9ment \ndes personnes effectuant des transports sanitaires terrestres et au contr\u00f4le des v\u00e9hicules \naffect\u00e9s aux transports sanitaires ; \n \nVU l'arr\u00eat\u00e9 du 12 d\u00e9cembre 2017  modifi\u00e9 fixant les caract\u00e9ristiques et les installations mat\u00e9rielles \nexig\u00e9es pour les v\u00e9hicules affect\u00e9s aux transports sanitaires terrestres ; \n \nVU l'arr\u00eat\u00e9 DS N\u00b0034/2024 du Directeur g\u00e9n\u00e9ral de l'Agence r\u00e9gionale  de sant\u00e9 \u00cele de France en \ndate du 29 avril 2024, portant d\u00e9l\u00e9gation de signature \u00e0 Monsieur Arnaud CORVAISIER, \nDirecteur de l'offre de soins, et \u00e0 certains de ses collaborateurs ; \n \nVU l'arr\u00eat\u00e9 n\u00b0DOS-2023/2667 de la Directrice g\u00e9n\u00e9rale de l'Agence r\u00e9gionale de Sant\u00e9 Ile-de-France \nen date du 20 juin 2023 portant agr\u00e9ment sous le n\u00b0ARS-IDF-TS/327 de la SASU AMBULANCES \nPICASSO, sise, 4 avenue des Bosquets \u00e0 Montigny-le-Bretonneux (78180) dont le pr\u00e9sident est \nMonsieur Samy SADAT ; \n \nVU l'arr\u00eat\u00e9 n\u00b0DOS-2024/3481 du Directeur g\u00e9n\u00e9ral de l'Agence r\u00e9gionale de Sant\u00e9 Ile-de-France en \ndate du 06 ao\u00fbt 2024 portant transfert de locaux de la SASU AMBULANCES PICASSO du 4, \navenue des Bosquets \u00e0 Montigny-le-Bretonneux (78180) au 4, rue Micha\u00ebl Faraday \u00e0 Montigny-\nle-Bretonneux (78180) ;  \n \n \nCONSIDERANT le dossier de demande de modification de l'agr\u00e9ment pr\u00e9sent\u00e9 par  Madame Islam \nTAIEB, relatif au changement de responsable l\u00e9gal de la SASU AMBULANCES PICASSO ; \n \nCONSIDERANT la conformit\u00e9 du dossier de changement de responsable l\u00e9gal  aux dispositions de \nl'arr\u00eat\u00e9 du 21 d\u00e9cembre 1987 modifi\u00e9 ci-dessus vis\u00e9 ; \n \nAgence R\u00e9gionale de Sant\u00e9 - IDF-2025-10-29-00004 - Arr\u00eat\u00e9 n\u00b0 DOS-2025-4604 portant changement de responsable l\u00e9gal de la SASU\nAMBULANCES PICASSO (78180 - MONTIGNY-LE-BRETONNEUX) 13\n2 \n \n \nARR\u00caTE \n \n \nARTICLE 1 : Madame Islam TAIEB est nomm\u00e9e pr\u00e9sidente de la SASU AMBULANCES PICASSO, \nsise 4, rue Micha\u00ebl Faraday \u00e0 Montigny-le-Bretonneux (78180), \u00e0 la date du pr\u00e9sent arr\u00eat\u00e9. \n \nARTICLE 2  : La pr\u00e9sente d\u00e9cision peut faire l'objet d'un recours gracieux aupr\u00e8s de Monsieur le \nDirecteur g\u00e9n\u00e9ral de l'Agence r\u00e9gionale de sant\u00e9, sise 13, rue du Landy 93200 Saint-Denis. \n Un recours contentieux peut \u00e9galement \u00eatre d\u00e9pos\u00e9 aupr\u00e8s du tribunal administratif comp\u00e9tent.   \n Le d\u00e9lai de recours est de deux mois \u00e0 compter de la notification de l'arr\u00eat\u00e9 pour l'int\u00e9ress\u00e9 ou de sa \npublication pour les tiers. \n Ces recours n'ont pas pour effet de suspendre le caract\u00e8re ex\u00e9cutoire de la pr\u00e9sente d\u00e9cision.    \n \nARTICLE 3 : Le Directeur de l'offre de soins est charg\u00e9 de l'ex\u00e9cution du pr\u00e9sent arr\u00eat\u00e9, qui sera publi\u00e9 \nau Recueil des Actes Administratifs des services de l'\u00c9tat. \n  \n \n \nFait \u00e0 Saint-Denis, le   29/10/2025       \n \nP/Le Directeur g\u00e9n\u00e9ral \nde l'Agence r\u00e9gionale de sant\u00e9 \nIle-de-France,  \nLa Responsable du service r\u00e9gional \ndes transports sanitaires, \n \n \nSIGNE \n \n \nS\u00e9verine TEISSEDRE \n \nAgence R\u00e9gionale de Sant\u00e9 - IDF-2025-10-29-00004 - Arr\u00eat\u00e9 n\u00b0 DOS-2025-4604 portant changement de responsable l\u00e9gal de la SASU\nAMBULANCES PICASSO (78180 - MONTIGNY-LE-BRETONNEUX) 14\nAgence R\u00e9gionale de Sant\u00e9\nIDF-2025-10-29-00006\nArr\u00eat\u00e9 n\u00b0 DOS-2025-4605 portant transfert des\nlocaux de la SARL VITAL AMBULANCES (92220 -\nBAGNEUX)\nAgence R\u00e9gionale de Sant\u00e9 - IDF-2025-10-29-00006 - Arr\u00eat\u00e9 n\u00b0 DOS-2025-4605 portant transfert des locaux de la SARL VITAL\nAMBULANCES (92220 - BAGNEUX) 15\nREPUBLIQUEFRANCAISELibert\u00e9Egalit\u00e9Fraternit\u00e9\ne \u00bb Agence R\u00e9gionale de Sant\u00e9Ile-de-France\n \n \n \n \n \n \n \nAGENCE R\u00c9GIONALE DE SANT\u00c9 \u00ceLE-DE-FRANCE \nARR\u00caT\u00c9 N\u00b0DOS-2025-4605 \nportant transfert des locaux de la SARL VITAL AMBULANCES \n(92220 - BAGNEUX) \n \nLE DIRECTEUR G\u00c9N\u00c9RAL DE L'AGENCE R\u00c9GIONALE DE SANT\u00c9 \u00ceLE-DE-FRANCE \n \n \nVU le Code de la Sant\u00e9 Publique et notamment ses articles L.6311 -1 \u00e0 L.6311 -2, L.6312 -1 \u00e0 \nL.6312-5, L.6313-1, R.6312-1 \u00e0 R.6312-23, R.6312-29 \u00e0 R.6312-43, R.6313-5 \u00e0 R.6313-7-1 ; \n \nVU la loi n\u00b0 2009 -879 du 21 juillet 2009 portant r\u00e9forme de l'h\u00f4pital et relative aux patients, \u00e0 la \nsant\u00e9 et aux territoires ; \n \nVU le d\u00e9cret n\u00b0 2010 -344 du 31 mars 2010 tirant les cons\u00e9quences, au niveau r\u00e8glementaire, de \nl'intervention de la loi n\u00b0 2009 -879 du 21 juillet 2009 portant r\u00e9forme de l'h\u00f4pital et relative aux \npatients, \u00e0 la sant\u00e9 et aux territoires ; \n \nVU le d\u00e9cret du 10 avril 2024  portant nomination de Monsieur Denis ROBIN, Directeur g\u00e9n\u00e9ral de \nl'Agence r\u00e9gionale d'\u00cele de France \u00e0 compter du 29 avril 2024 ; \n \nVU l'arr\u00eat\u00e9 minist\u00e9riel du 21 d\u00e9cembre 1987 modifi\u00e9 relatif \u00e0 la composition du dossier d'agr\u00e9ment \ndes personnes effectuant des transports sanitaires terrestres et au contr\u00f4le des v\u00e9hicules \naffect\u00e9s aux transports sanitaires ; \n \nVU l'arr\u00eat\u00e9 du 12 d\u00e9cembre 2017  modifi\u00e9 fixant les caract\u00e9ristiques et les installations mat\u00e9rielles \nexig\u00e9es pour les v\u00e9hicules affect\u00e9s aux transports sanitaires terrestres ; \n \nVU l'arr\u00eat\u00e9 DS N\u00b0034/2024 du Directeur g\u00e9n\u00e9ral de l'Agence r\u00e9gionale d'\u00cele de France en date du \n29 avril 2024, portant d\u00e9l\u00e9gation de signature \u00e0 Monsieur Arnaud CORVAISIER, Directeur de \nl'offre de soins, et \u00e0 certains de ses collaborateurs ; \n \nVU l'arr\u00eat\u00e9 PS n\u00b02010-599 du Directeur de l'Agence r\u00e9gionale de sant\u00e9 Ile -de-France en date du \n26 novembre 2010 portant agr\u00e9ment provisoire sous le n\u00b092 10 11, de la SARL VITAL \nAMBULANCES, sise 15, avenue Henri Barbusse \u00e0 Bagneux (92220) dont le g\u00e9rant est \nMonsieur Mohamed RHARMAOUI ;  \n \nVU l'arr\u00eat\u00e9 OA n\u00b02011-DT 92/97 du Directeur g\u00e9n\u00e9ral de l'Agence r\u00e9gionale de sant\u00e9 Ile -de-France \nen date du 28 avril 2011 portant agr\u00e9ment d\u00e9finitif sous le n\u00b092 10 11, de la SARL VITAL \nAMBULANCES, sise 15, avenue Henri Barbusse \u00e0 Bagneux (92220) dont le g\u00e9rant est \nMonsieur Mohammed RHARMAOUI ;  \n \nVU l'arr\u00eat\u00e9 OA n\u00b02011 -321 du Directeur g\u00e9n\u00e9ral de l'Agence r\u00e9gionale de sant\u00e9 Ile -de-France en \ndate du 03 ao\u00fbt 2011 portant changement de g\u00e9rance de la SARL VITAL AMBULANCES, dont \nle nouveau g\u00e9rant est Monsieur Amine RHARMAOUI ;  \n \nAgence R\u00e9gionale de Sant\u00e9 - IDF-2025-10-29-00006 - Arr\u00eat\u00e9 n\u00b0 DOS-2025-4605 portant transfert des locaux de la SARL VITAL\nAMBULANCES (92220 - BAGNEUX) 16\n2 \n \nVU  l'arr\u00eat\u00e9 n\u00b0DOS-2024-4497 du Directeur g\u00e9n\u00e9ral de l'Agence r\u00e9gionale de sant\u00e9 Ile -de-France \nen date du 21 novembre 2024 portant changement de responsable l\u00e9gal de SARL VITAL \nAMBULANCES, dont le nouveau g\u00e9rant est Monsieur Abdelghani LAMARI  ;  \n \n \nCONSIDERANT l'accord de transfert des autorisations de mise  en service d\u00e9livr\u00e9 par les services de \nl'ARS Ile-de-France le 17 octobre 2024 ; \n \nCONSIDERANT la demande de modification de l'agr\u00e9ment d\u00e9pos\u00e9e par le /la responsable l\u00e9gal/e de \nla soci\u00e9t\u00e9 relative au transfert des locaux ; \n \nCONSIDERANT la conformit\u00e9 du dossier de demande de transfert des locaux aux dispositions de \nl'arr\u00eat\u00e9 du 21 d\u00e9cembre 1987 modifi\u00e9 ci-dessus vis\u00e9 ; \n \nCONSIDERANT l'attestation sur l'honneur relative \u00e0 la conformit\u00e9 des installations mat\u00e9rielles, aux \nnormes d\u00e9finies par l'arr\u00eat\u00e9 du 12 d\u00e9cembre 2017 ci -dessus vis\u00e9 ainsi qu'aux normes d'hygi\u00e8ne et de \nsalubrit\u00e9 ; \n \n \nARR\u00caTE \n \nARTICLE 1er : La SARL VITAL AMBULANCES est autoris\u00e9e \u00e0 transf\u00e9rer ses locaux du 15, avenue \nHenri Barbusse \u00e0 Bagneux (92220)  au 34, rue des Meuniers \u00e0 Bagneux (92220)  \u00e0 la date du pr\u00e9sent \narr\u00eat\u00e9.    \n \nARTICLE 2  : La pr\u00e9sente d\u00e9cision peut faire l'objet d'un recours gracieux aupr\u00e8s de Monsieur le \nDirecteur g\u00e9n\u00e9ral de l'Agence r\u00e9gionale de sant\u00e9, sise 13, rue du Landy 93200 Saint-Denis. \n Un recours contentieux peut \u00e9galement \u00eatre d\u00e9pos\u00e9 aupr\u00e8s du tribunal administratif comp\u00e9tent.   \n Le d\u00e9lai de recours est de deux mois \u00e0 compter de la notification de l'arr\u00eat\u00e9 pour l'int\u00e9ress\u00e9 ou de sa \npublication pour les tiers. \n Ces recours n'ont pas pour effet de suspendre le caract\u00e8re ex\u00e9cutoire de la pr\u00e9sente d\u00e9cision.    \n \nARTICLE 3  : Le Directeur de l'offre de soins est charg\u00e9 de l'ex\u00e9cution du pr\u00e9sent arr\u00eat\u00e9, qui sera \npubli\u00e9 au Recueil des Actes Administratifs des services de l'\u00c9tat.  \n \n \n \n \nFait \u00e0 Saint-Denis, le   29/10/2025       \n \nP/Le Directeur g\u00e9n\u00e9ral \nde l'Agence r\u00e9gionale de sant\u00e9 \nIle-de-France,  \nLa Responsable du service r\u00e9gional \ndes transports sanitaires, \n \n        SIGNE \n \nS\u00e9verine TEISSEDRE \n \nAgence R\u00e9gionale de Sant\u00e9 - IDF-2025-10-29-00006 - Arr\u00eat\u00e9 n\u00b0 DOS-2025-4605 portant transfert des locaux de la SARL VITAL\nAMBULANCES (92220 - BAGNEUX) 17\nDirection r\u00e9gionale et interd\u00e9partementale de\nl'\u00e9conomie, de l'emploi, du travail et des\nsolidarit\u00e9s d'\u00cele-de-France\nIDF-2025-10-28-00022\nD\u00e9cision n\u00b0 2025-208 du 28 octobre 2025\nportant affectation des agents de contr\u00f4le dans\nles unit\u00e9s de contr\u00f4le et gestion des int\u00e9rims de\nl'Unit\u00e9 d\u00e9partementale des Hauts-de-Seine de la\nDRIEETS d'Ile-de-France\nDirection r\u00e9gionale et interd\u00e9partementale de l'\u00e9conomie, de l'emploi, du travail et des solidarit\u00e9s d'\u00cele-de-France -\nIDF-2025-10-28-00022 - D\u00e9cision n\u00b0 2025-208 du 28 octobre 2025\nportant affectation des agents de contr\u00f4le dans les unit\u00e9s de contr\u00f4le et gestion des int\u00e9rims de l'Unit\u00e9 d\u00e9partementale des\nHauts-de-Seine de la DRIEETS d'Ile-de-France\n18\nMINISTEREDU TRAVAILET DES SOLIDARITESLibert\u00e9Egalit\u00e9Fraternit\u00e9\n \nDRIEETS Ile-de-France  \n32 rue Jean Jaur\u00e8s  \n93200 SAINT-DENIS                                                                                                                                                                                                                                  1 / 6 \n  \nDirection r\u00e9gionale et interd\u00e9partementale \nde l'\u00e9conomie, de l'emploi, \ndu travail et des solidarit\u00e9s  \nd'Ile de France \n \n \n \n \n \nD\u00e9cision n\u00b0 2025-208 du 28 octobre 2025 \nportant affectation des agents de contr\u00f4le dans les unit\u00e9s de contr\u00f4le et gestion des int\u00e9rims \nde l'Unit\u00e9 d\u00e9partementale des Hauts-de-Seine de la DRIEETS d'Ile-de-France \n \n \nLe directeur r\u00e9gional et interd\u00e9partemental de l'\u00e9conomie, de l'emploi, du travail et des solidarit\u00e9s d'Ile-\nde-France, \n \nVu le code du travail, notamment ses articles R 8122-1 et suivants.  \n \nVu l'arr\u00eat\u00e9 interminist\u00e9riel du 12 ao\u00fbt  2025 nommant Fabrice MASI directeur r\u00e9gional et \ninterd\u00e9partemental de l'\u00e9conomie, de l'emploi, du travail et des solidarit\u00e9s d'\u00cele -de-France \u00e0 compter du \n25 ao\u00fbt 2025, \n \nVu l'arr\u00eat\u00e9 minist\u00e9riel du 25 mars 2024 portant cr\u00e9ation et r\u00e9partition des unit\u00e9s de contr\u00f4le de \nl'inspection du travail,  \n \nVu la d\u00e9cision n\u00b0 2021 -25 du 1er avril 2021 du directeur r\u00e9gional et interd\u00e9partemental de l'\u00e9conomie, de \nl'emploi, du travail et des solidarit\u00e9s d'Ile de France relative \u00e0 la localisation et \u00e0 la d\u00e9limitation des unit\u00e9s \nde contr\u00f4le et des sections d'inspection du travail de l'unit\u00e9 d\u00e9partementale des Hauts-de-Seine. \n \nD\u00c9CIDE : \n \nARTICLE 1er  \n \nSont nomm\u00e9s comme responsables des unit\u00e9s de contr\u00f4le de l' unit\u00e9 d\u00e9partementale des Hauts-de-Seine \nles agents suivants : \n \n- Unit\u00e9 de contr\u00f4le n\u00b0 1 : Madame Adeline GAZZOLA, directrice adjointe du travail. \n \n- Unit\u00e9 de contr\u00f4le n\u00b0 2 : Monsieur William WYTS, directeur adjoint du travail. \n \n- Unit\u00e9 de contr\u00f4le n\u00b0 3 : Madame Sylvie GUINOT, directrice adjointe du travail.  \n \n- Unit\u00e9 de contr\u00f4le n\u00b0 4 : Madame Samya KAMALI, directrice adjoint du travail. \n \n- Unit\u00e9 de contr\u00f4le n\u00b0 5 : Madame Nathalie NAMPON, directrice adjointe du travail. \n \n- Unit\u00e9 de contr\u00f4le n\u00b0 6 : Madame Lydia SAOULI, directrice adjointe du travail. \n \n- Unit\u00e9 de contr\u00f4le n\u00b0 7 : Madame Sylvie GUINOT, directrice adjointe du travail, par int\u00e9rim.  \n \n \nDirection r\u00e9gionale et interd\u00e9partementale de l'\u00e9conomie, de l'emploi, du travail et des solidarit\u00e9s d'\u00cele-de-France -\nIDF-2025-10-28-00022 - D\u00e9cision n\u00b0 2025-208 du 28 octobre 2025\nportant affectation des agents de contr\u00f4le dans les unit\u00e9s de contr\u00f4le et gestion des int\u00e9rims de l'Unit\u00e9 d\u00e9partementale des\nHauts-de-Seine de la DRIEETS d'Ile-de-France\n19\n \n2 / 6 \n \nARTICLE 2  \n \nSans pr\u00e9judice des dispositions de l'article R.8122-10 I du code du travail et conform\u00e9ment aux dispositions \nde l'article R.8122-11 du code du travail encadrant la r\u00e9partition organisationnelle des contr\u00f4les et juridique \nrelative aux d\u00e9cisions administratives et pouvoirs relevant de la comp\u00e9tence exclusive des inspecteurs du \ntravail dans les sections confi\u00e9es \u00e0 un contr\u00f4leur du travail, sont affect\u00e9s dans les sections d'inspection de \nl'unit\u00e9 d\u00e9partementale des Hauts-de-Seine les agents suivants : \n \nUnit\u00e9 de contr\u00f4le n\u00b0 1 \n \nSection 1-1 : Madame Val\u00e9rie LABATUT, inspectrice du travail.  \n \nSection 1-2 : Madame Delphine SARRASIN, inspectrice du travail. \n \nSection 1-3 : Madame Leslie SALATA, inspectrice du travail. \n \nSection 1- 4 : Monsieur Virigile GARSMEUR, inspecteur du travail.   \n \nSection 1-5 : Madame Christine ONNEE, inspectrice du travail. \n \nSection 1-6 : Madame Lisa ROUZIER, inspectrice du travail. \n \nSection 1-7 : Madame Suzanne BRUNELLI, inspectrice du travail, par int\u00e9rim.  \n \nSection 1-8 : Madame Suzanne BRUNELLI, inspectrice du travail. \n \nUnit\u00e9 de contr\u00f4le n\u00b0 2 \n \nSection 2-1 : Madame Caroline COLIN, inspectrice du travail. \n \nMadame Caroline COLIN  est \u00e9galement comp\u00e9tente pour le contr\u00f4le des \u00e9tablissements de transports \nroutiers situ\u00e9s 26, quai Charles Pasqua \u00e0 Levallois-Perret. \n \nSection 2-2 : Monsieur Timoth\u00e9e MASSON, inspecteur du travail. \n \nSection 2-3 : Monsieur Th\u00e9o NUGUES-SCHONFELD, inspecteur du travail. \n \nSection 2-4 : Monsieur Farouk DJEBARA, inspecteur du travail. \n \nSection 2-5 : Madame Manon DEMIGNE, inspectrice du travail. \n \nSection 2-6 : Monsieur Nolit DASYLVA, inspecteur du travail.  \n \nSection 2-7 : Monsieur William WYTS, Directeur adjoint du travail, par int\u00e9rim. \n \nSection 2-8 : Madame Marie-Agn\u00e8s YAPO, inspectrice du travail. \n \nSection 2-9 : Madame Marjorie CARO, inspectrice du travail.  \n \nSection 2-10 : Madame Manon DEMIGNE, inspectrice du travail, par int\u00e9rim. \n \nSection 2-11 : Monsieur Nosr-Eddine SEGHILI, inspecteur du travail. \nDirection r\u00e9gionale et interd\u00e9partementale de l'\u00e9conomie, de l'emploi, du travail et des solidarit\u00e9s d'\u00cele-de-France -\nIDF-2025-10-28-00022 - D\u00e9cision n\u00b0 2025-208 du 28 octobre 2025\nportant affectation des agents de contr\u00f4le dans les unit\u00e9s de contr\u00f4le et gestion des int\u00e9rims de l'Unit\u00e9 d\u00e9partementale des\nHauts-de-Seine de la DRIEETS d'Ile-de-France\n20\n \n3 / 6 \nSection 2-12 : Monsieur Youssef CHEHADY, inspecteur du travail. \n \nUnit\u00e9 de contr\u00f4le n\u00b0 3 \n \nSection 3-1 : Madame St\u00e9phanie QUECHON, inspectrice du travail. \n \nSection 3-2 : Madame Ouarda SAOULA, inspectrice du travail. \n \nSection 3-3 : Monsieur Ronan LE VERGE, inspecteur du travail. \n \nSection 3-4 : Monsieur Guillaume THENOZ, inspecteur du travail. \n \nSection 3-5 : Monsieur Simon MAES, inspecteur du travail. \n \nSection 3-6 : Madame Sylvie BOBIN, inspectrice du travail.  \n \nSection 3-7 : Madame St\u00e9phanie HUDE, inspectrice du travail.  \n \nSection 3-8 : Monsieur Fr\u00e9d\u00e9ric PICARD, inspecteur du travail. \n \nSection 3-9 : Monsieur Philippe GARNEAU, contr\u00f4leur du travail. \n \nMonsieur Simon MAES , inspecteur du travail, est charg\u00e9 du contr\u00f4le des \u00e9tablissements d'au moins 50 \nsalari\u00e9s. \nIl est en outre comp\u00e9tent sur cette section pour prendre les d\u00e9cisions relevant de la comp\u00e9tence exclusive \nde l'inspecteur du travail en vertu de dispositions l\u00e9gislatives ou r\u00e9glementaires.  \n \nSection 3-10 : Monsieur Gaspard CHEVRIER, inspecteur du travail. \n \nSection 3-11 : Monsieur Philippe GARNEAU, contr\u00f4leur du travail, par int\u00e9rim. \n \nMonsieur Gaspard CHEVRIER, inspecteur du travail, par int\u00e9rim, est charg\u00e9 du contr\u00f4le des \u00e9tablissements \nd'au moins 50 salari\u00e9s. \nIl est en outre comp\u00e9tent sur cette section pour prendre les d\u00e9cisions relevant de la comp\u00e9tence exclusive \nde l'inspecteur du travail en vertu de dispositions l\u00e9gislatives ou r\u00e9glementaires.  \n \nSection 3-12 : Monsieur Ronan LE VERGE, inspecteur du travail, par int\u00e9rim. \n \nUnit\u00e9 de contr\u00f4le n\u00b0 4 \n \nSection 4-1 : Madame Martine JULAUD, inspectrice du travail, par int\u00e9rim.  \n \nSection 4-2 : Madame B\u00e9n\u00e9dicte MALAVASI, inspectrice du travail. \n \nSection 4-3 : Monsieur Mathieu DUCELIER, inspecteur du travail. \n \nSection 4-4 : Madame B\u00e9n\u00e9dicte MALAVASI, inspectrice du travail, par int\u00e9rim. \n \nSection 4-5 : Madame Martine JULAUD, inspectrice du travail.  \n \nSection 4-6 : Madame In\u00e8s WERTHEIMER, inspectrice du travail, par int\u00e9rim. \n \nSection 4-7 : Monsieur Simon MAUGER, inspecteur du travail, par int\u00e9rim. \nDirection r\u00e9gionale et interd\u00e9partementale de l'\u00e9conomie, de l'emploi, du travail et des solidarit\u00e9s d'\u00cele-de-France -\nIDF-2025-10-28-00022 - D\u00e9cision n\u00b0 2025-208 du 28 octobre 2025\nportant affectation des agents de contr\u00f4le dans les unit\u00e9s de contr\u00f4le et gestion des int\u00e9rims de l'Unit\u00e9 d\u00e9partementale des\nHauts-de-Seine de la DRIEETS d'Ile-de-France\n21\n \n4 / 6 \nSection 4-8 : Monsieur Simon MAUGER, inspecteur du travail. \n \nSection 4-9 : Madame In\u00e8s WERTHEIMER, inspectrice du travail. \n \nSection 4-10 : Monsieur Beno\u00eet GOUEL, inspecteur du travail.  \n \nSection 4-11 : Madame Aur\u00e9lie LEHOUX, inspectrice du travail. \n \nSection 4-12 : Monsieur Richard BOUDET, inspecteur du travail. \n \nSection 4-13 : Monsieur Richard BOUDET, inspecteur du travail, par int\u00e9rim. \n \nUnit\u00e9 de contr\u00f4le n\u00b0 5 \n \nSection 5-1 : Monsieur St\u00e9phane GRIMALDI, inspecteur du travail. En cas d'emp\u00eachement, Monsieur Beno\u00eet \nCHOPPIN, inspecteur du travail. \n \nSection 5-2 : Monsieur Benoit CHOPPIN, inspecteur du travail.  \n \nSection 5-3 : Madame Anne BOULANGER, inspectrice du travail.  \n \nSection 5-4 : Madame Alexia JOUZEL, inspectrice du travail. \n \nSection 5-5 : Monsieur David BLOYS, contr\u00f4leur du travail. \n \nMadame Alexia JOUZEL, inspectrice du travail, est charg\u00e9 e du contr\u00f4le des \u00e9tablissements d'au moins 50 \nsalari\u00e9s. \nElle est en outre comp\u00e9tent e sur cette section pour prendre les d\u00e9cisions relevant de la comp\u00e9tence \nexclusive de l'inspecteur du travail en vertu de dispositions l\u00e9gislatives ou r\u00e9glementaires, par int\u00e9rim.  \n \nSection 5-6 : Monsieur David BLOYS contr\u00f4leur du travail, par int\u00e9rim.  \n \nMadame Camille LARBANET -MONTUSCLAT, inspectrice du travail, est charg\u00e9e du contr\u00f4le des \n\u00e9tablissements d'au moins 50 salari\u00e9s. \nElle est en outre comp\u00e9tente sur cette section pour prendre les d\u00e9cisions relevant de la comp\u00e9tence \nexclusive de l'inspecteur du travail en vertu de dispositions l\u00e9gislatives ou r\u00e9glementaires, par int\u00e9rim.  \n \nSection 5-7 : Madame Audrey RAMASAWMY, contr\u00f4leur du travail.  Madame Audrey RAMASAWMY est en \noutre comp\u00e9tente pour les chantiers de la section 5-1. \n \nMadame Anne-V\u00e9ronique PENSEREAU, inspectrice du travail, est charg\u00e9e du contr\u00f4le des \u00e9tablissements \nd'au moins 50 salari\u00e9s. \nElle est en outre comp\u00e9tente sur cette section pour prendre, les d\u00e9cisions relevant de la comp\u00e9tence \nexclusive de l'inspecteur du travail en vertu de dispositions l\u00e9gislatives ou r\u00e9glementaires.  \n \nSection 5-8 : Madame Anne-V\u00e9ronique PENSEREAU, inspectrice du travail. \n \nSection 5-9 : Madame Francine LAURENT, inspectrice du travail. \n \nSection 5-10 : Madame Camille LARBANET-MONTUSCLAT, inspectrice du travail.  En cas d'emp\u00eachement, \nMadame Nathalie NAMPON, directrice adjointe du travail. \n \nSection 5-11 : Monsieur Gwendal HELARY, inspecteur du travail. \nDirection r\u00e9gionale et interd\u00e9partementale de l'\u00e9conomie, de l'emploi, du travail et des solidarit\u00e9s d'\u00cele-de-France -\nIDF-2025-10-28-00022 - D\u00e9cision n\u00b0 2025-208 du 28 octobre 2025\nportant affectation des agents de contr\u00f4le dans les unit\u00e9s de contr\u00f4le et gestion des int\u00e9rims de l'Unit\u00e9 d\u00e9partementale des\nHauts-de-Seine de la DRIEETS d'Ile-de-France\n22\n \n5 / 6 \nUnit\u00e9 de contr\u00f4le n\u00b0 6 \n \nSection 6-1 : Monsieur Gilles FERNANDES, inspecteur du travail, par int\u00e9rim. \n \nSection 6-2 : Madame Audrey COLLOBERT-MASSA, inspectrice du travail. \n \nSection 6-3 : Madame Laure BONDUELLE, inspectrice du travail. \n \nSection 6-4 : Monsieur Jean-Fran\u00e7ois GOS, inspecteur du travail, par int\u00e9rim.  \n \nSection 6-5 : Madame Laurence LEPROVOST, inspectrice du travail. \n \nSection 6-6 : Monsieur William RICHETON, inspecteur du travail. \n \nSection 6-7 : Monsieur Farid OUNISSI, inspecteur du travail. \n \nSection 6-8 : Monsieur Gilles FERNANDES, inspecteur du travail. \n \nSection 6-9 : Monsieur Hubert GOURDET , inspecteur du travail . En cas d'emp\u00eachement, M onsieur Farid \nOUNISSI, inspecteur du travail. \n \nUnit\u00e9 de contr\u00f4le n\u00b0 7 \n \nSection 7-1 : Madame Soizic DUPIRE, inspectrice du travail.  \n \nSection 7-2 : Madame Lise FRIQUET, inspectrice du travail. \n \nSection 7 -3 : Madame Anne Charlotte BONNEFONT, inspectrice du travail.  En cas d'emp\u00eachement, \nMadame Sophie ALGALARRONDO. \n \nSection 7-4 : Madame Oc\u00e9ane DELATTRE, inspectrice du travail. \n \nSection 7-5 : Monsieur Jean-Fran\u00e7ois GOS, inspecteur du travail. \n \nSection 7-6 : Madame Sophie ALGALARRONDO, inspectrice du travail. \n \nSection 7-7 : Monsieur Ludovic FOLY, inspecteur du travail. \n \nSection 7-8 : Monsieur Norbert MAHON, inspecteur du travail.  \n \nSection 7-9 : Madame M\u00e9lina SIERRA, inspectrice du travail.  \n \nARTICLE 3 \n \nEn cas d'absence ou d'emp\u00eachement d'un directeur adjoint du travail, d'un inspecteur ou contr\u00f4leur du \ntravail charg\u00e9 des actions d'inspection de la l\u00e9gislation du travail dans les sections d'inspection du travail \nen application de l'article 2, l'int\u00e9rim est organis\u00e9 selon les modalit\u00e9s ci -apr\u00e8s : \n \n- Int\u00e9rim des directeurs-adjoints du travail et des inspecteurs du travail : \n \nL'int\u00e9rim d'un directeur -adjoint du travail ou d'un inspecteur du travail absent ou emp\u00each\u00e9 sera \nprioritairement assur\u00e9 par un inspecteur du travail charg\u00e9 des actions d'inspection de la l\u00e9gislation du \ntravail dans les sections d'inspection du travail, en application de l'article 2, \u00e0 d\u00e9faut par un responsable \nDirection r\u00e9gionale et interd\u00e9partementale de l'\u00e9conomie, de l'emploi, du travail et des solidarit\u00e9s d'\u00cele-de-France -\nIDF-2025-10-28-00022 - D\u00e9cision n\u00b0 2025-208 du 28 octobre 2025\nportant affectation des agents de contr\u00f4le dans les unit\u00e9s de contr\u00f4le et gestion des int\u00e9rims de l'Unit\u00e9 d\u00e9partementale des\nHauts-de-Seine de la DRIEETS d'Ile-de-France\n23\n \n6 / 6 \nd'unit\u00e9 de contr\u00f4le d\u00e9sign\u00e9 \u00e0 l'article 1 et le cas \u00e9ch\u00e9ant par un contr\u00f4leur du travail, tous deux charg\u00e9s \ndes actions d'inspection de la l\u00e9gislation du travail dans les sections d'inspection du travail, en application \nde l'article 2 pour les \u00e9tablissements de moins de 50 salari\u00e9s. \n \n- Int\u00e9rim des contr\u00f4leurs du travail : \n \nL'int\u00e9rim d'un contr\u00f4leur du travail absent ou emp\u00each\u00e9 sera assur\u00e9 par un inspecteur du travail ou un \ncontr\u00f4leur du travail charg\u00e9 des actions d'inspection de la l\u00e9gislation du travail dans les sections \nd'inspection du travail, en application de l'article 2. Lorsque l'int\u00e9rim est assur\u00e9 par un contr\u00f4leur du travail, \nles pouvoirs de d\u00e9cision administrative relevant de la comp\u00e9tence exclusive d'un inspecteur du travail sont \nconfi\u00e9s \u00e0 un inspecteur du travail charg\u00e9 des actions d'inspection de la l\u00e9gislation d u travail dans les \nsections d'inspection du travail en application de l'article 2 ou \u00e0 un responsable d'unit\u00e9 de contr\u00f4le d\u00e9sign\u00e9 \n\u00e0 l'article 1, auxquels le contr\u00f4le des \u00e9tablissements de plus de 50 salari\u00e9s peut \u00eatre confi\u00e9.  \n \nARTICLE 4  \n \nEn cas d'absence ou d'emp\u00eachement d'un des responsables d'unit\u00e9 de contr\u00f4le d\u00e9sign\u00e9s \u00e0 l'article 1, \nl'int\u00e9rim est confi\u00e9 prioritairement \u00e0 un autre responsable d'unit\u00e9 de contr\u00f4le d\u00e9sign\u00e9s \u00e0 l'article 1, \u00e0 d\u00e9faut \n\u00e0 Monsieur J\u00e9r\u00f4me SAJOT, directeur du travail. \n \nARTICLE 5  \n \nConform\u00e9ment aux dispositions de l'article R.8122-10 du code du travail, les agents mentionn\u00e9s aux articles \n1 et 2 participent, lorsque l'action le rend n\u00e9cessaire, aux actions d'inspection de la l\u00e9gislation du travail \nsur le territoire de l'Unit\u00e9 d\u00e9partem entale de la DRIEETS \u00e0 laquelle est rattach\u00e9e l'unit\u00e9 de contr\u00f4le o\u00f9 ils \nsont affect\u00e9s. \n \nARTICLE 6 \n \nLa pr\u00e9sente d\u00e9cision prend effet \u00e0 la date de sa publication  et abroge la d\u00e9cision n\u00b0 2025-186 du 30 \nseptembre 2025 portant affectation des agents de contr\u00f4le dans les unit\u00e9s de contr\u00f4le et gestion des  \nint\u00e9rims de l'unit\u00e9 d\u00e9partementale des Hauts-de-Seine de la DRIEETS d'Ile-de-France. \n \nARTICLE 7 \n \nLe directeur r\u00e9gional et interd\u00e9partemental de l'\u00e9conomie, de l'emploi, du travail et des solidarit\u00e9s d'Ile -\nde-France est charg\u00e9 de l'application de la pr\u00e9sente d\u00e9cision, qui sera publi\u00e9e au recueil des actes \nadministratifs de la r\u00e9gion Ile-de-France.  \n \n \n \n \n \nFait \u00e0 Saint-Denis, le 29 octobre 2025 \nLe directeur r\u00e9gional et interd\u00e9partemental de \nl'\u00e9conomie, de l'emploi, du travail et des solidarit\u00e9s, \n \n \nSIGN\u00c9 \n \nFabrice MASI \nDirection r\u00e9gionale et interd\u00e9partementale de l'\u00e9conomie, de l'emploi, du travail et des solidarit\u00e9s d'\u00cele-de-France -\nIDF-2025-10-28-00022 - D\u00e9cision n\u00b0 2025-208 du 28 octobre 2025\nportant affectation des agents de contr\u00f4le dans les unit\u00e9s de contr\u00f4le et gestion des int\u00e9rims de l'Unit\u00e9 d\u00e9partementale des\nHauts-de-Seine de la DRIEETS d'Ile-de-France\n24","date":"2025-10-29","first_seen_on":"2025-10-29T18:09:14+00:00","id":"e6a2908dde2d753d718d711dcc86f4823fac6daf8b7c9ac884423bb7061b1531","name":"recueil-idf-065-2025-10-RAA-nominatifs du 29.10.2025","pdf_creation_date":"2025-10-29T16:02:34+00:00","pdf_modification_date":null,"timezone":"Europe/Paris","url":"https://www.prefectures-regions.gouv.fr/ile-de-france/irecontenu/telechargement/132224/970593/file/recueil-idf-065-2025-10-RAA-nominatifs%20du%2029.10.2025.pdf"}
