{"administration":"pref37","administration_name":"Pr\u00e9fecture d\u2019Indre-et-Loire","content":"INDRE-ET-LOIRE\nRECUEIL DES ACTES\nADMINISTRATIFS SP\u00c9CIAL\nN\u00b037-2025-05053\nPUBLI\u00c9 LE 23 MAI 2025\nSommaire\nPr\u00e9fecture d'Indre et Loire / Service d'animation interminist\u00e9rielle des\npolitiques publiques\n37-2025-04-28-00009 - Arr\u00eat\u00e9 repr\u00e9sentant des usagers CDU-HAD VAL\nDE LOIRE (2 pages) Page 3\n2\nPr\u00e9fecture d'Indre et Loire\n37-2025-04-28-00009\nArr\u00eat\u00e9 repr\u00e9sentant des usagers CDU-HAD VAL\nDE LOIRE\nPr\u00e9fecture d'Indre et Loire - 37-2025-04-28-00009 - Arr\u00eat\u00e9 repr\u00e9sentant des usagers CDU-HAD VAL DE LOIRE 3\nAGENCE R\u00c9GIONALE DE SANT\u00c9\nD\u00e9l\u00e9gation d\u00e9partementale d'Indre-et-Loire\nARR\u00caT\u00c9 MODIFICATIF N\u00b02025-DD37-PPSMS-0011-RU-CDU\nportant d\u00e9signation des repr\u00e9sentants des usagers au sein \nde la commission des usagers \nde l'HAD Val de Loire \u2013 LNA Sant\u00e9\nLa Directrice g\u00e9n\u00e9rale de l'Agence r\u00e9gionale de sant\u00e9 Centre-Val de Loire\nVu le code de la sant\u00e9 publique, notamment les articles L.1114-1, L.1112-3 et R.1112-79 \u00e0 R.1112-94 ;\nVu le d\u00e9cret n\u00b02010-336 du 31 mars 2010 portant cr\u00e9ation des Agences r\u00e9gionales de sant\u00e9 ;\nVu le d\u00e9cret n\u00b02016-726 du 1 er juin 2016 relatif \u00e0 la commission des usagers des \u00e9tablissements de  \nsant\u00e9 ;\nVu le d\u00e9cret du 7 juin 2023 portant nomination de Madame Clara de Bort en tant que Directrice  \ng\u00e9n\u00e9rale de l'Agence r\u00e9gionale de sant\u00e9 Centre-Val de Loire \u00e0 compter du 12 juin 2023 ;\nVu  la  d\u00e9cision  n\u00b0  2023-DG-DS37-0002  du  12  juin  2023  de  la  Directrice  g\u00e9n\u00e9rale  de  l'Agence \nR\u00e9gionale de Sant\u00e9 Centre-Val de Loire relative \u00e0 la d\u00e9l\u00e9gation de signature \u00e0 Madame SALLY-\nSCANZI,  en  qualit\u00e9  de  Directrice  d\u00e9partementale  de  l'ARS  Centre-Val  de  Loire  pour  le \nd\u00e9partement\nd'Indre-et-Loire ;\nVu l'arr\u00eat\u00e9  n\u00b0  2022-DD37-OSMS-0052-RU-CDU  du  23  novembre  2022,  portant  d\u00e9signation  des \nrepr\u00e9sentants des usagers au sein de la commission des usagers de l'HAD Val de Loire \u2013 LNA Sant\u00e9 ;\nConsid\u00e9rant que  la  nomination  d'une  commission  des  usagers  est  obligatoire  dans  tout  \n\u00e9tablissement  assurant  les  missions  d'un  \u00e9tablissement  de  sant\u00e9 ;  que  celle-ci  vise  \u00e0  veiller  au \nrespect des droits des usagers et \u00e0 faciliter leurs d\u00e9marches ;\nConsid\u00e9rant que les repr\u00e9sentants des usagers et leurs suppl\u00e9ants sont d\u00e9sign\u00e9s par la Directrice  \ng\u00e9n\u00e9rale  de  l'Agence  r\u00e9gionale  de  sant\u00e9  parmi  les  personnes  propos\u00e9es  par  les  associations \nagr\u00e9\u00e9es ; \nConsid\u00e9rant le message du 2 avril 2025 de l'Association de D\u00e9fense des Consommateurs et du  \nLogement  \u2013  ADCL  Centre  Val  de  Loire  informant  de  sa  d\u00e9solidarisation  de  l'association\nCLCV Touraine qui n'a plus de repr\u00e9sentation dans la r\u00e9gion Centre-Val de Loire depuis le 19 mars  \n2025.  Monsieur  Jean-Claude  MEILLEUR,  repr\u00e9sentant  de  l'association  CLCV  ne  peut  plus  \u00eatre \nrepr\u00e9sentant des usagers au sein de la commission des usagers de l'HAD Val de Loire \u2013 LNA Sant\u00e9 ; \nConsid\u00e9rant que l'association ADCL Centre Val de Loire ne dispose pas d'agr\u00e9ment de sant\u00e9 ;\nSur proposition de la Directrice g\u00e9n\u00e9rale de l'Agence r\u00e9gionale de sant\u00e9\nARR\u00caTE\nArticle 1er : Sont d\u00e9sign\u00e9es comme membres de la commission des usagers de l'HAD Val de Loire \u2013  \nLNA Sant\u00e9 :\n\uf0b7 En qualit\u00e9 de titulaires repr\u00e9sentants des usagers :\no M. MARQUENET David \u2013 APF France HANDICAP\no Mme LAGORCE Fran\u00e7oise \u2013 UFC QUE CHOISIR\n\uf0b7 En qualit\u00e9 de suppl\u00e9ants repr\u00e9sentants des usagers :\no Mme FRAPSAUCE Nelly \u2013 UDAF d'Indre et Loire\no \u2026\nArticle 2 :  Les membres d\u00e9sign\u00e9s au pr\u00e9c\u00e9dent article sont nomm\u00e9s pour une dur\u00e9e de trois ans  \nrenouvelables, \u00e0 compter du 23 novembre 2022 date de la signature de l'arr\u00eat\u00e9 portant d\u00e9signation \ndes repr\u00e9sentants des usagers au sein de la commission des usagers de l'HAD Val de Loire \u2013 LNA  \nSant\u00e9. Les membres qui perdront la qualit\u00e9 au titre de laquelle ils ont \u00e9t\u00e9 appel\u00e9s \u00e0 si\u00e9ger seront  \nremplac\u00e9s dans les m\u00eames conditions de d\u00e9signation pour la dur\u00e9e du mandat restant \u00e0 courir.\nPr\u00e9fecture d'Indre et Loire - 37-2025-04-28-00009 - Arr\u00eat\u00e9 repr\u00e9sentant des usagers CDU-HAD VAL DE LOIRE 4\nArticle 3 : Tout membre qui sera concern\u00e9 par une plainte ou une r\u00e9clamation d\u00e9pos\u00e9e aupr\u00e8s de  \nla commission devra se retirer et laisser son si\u00e8ge au suppl\u00e9ant d\u00e9sign\u00e9.\nArticle 4  : Une indemnisation sera vers\u00e9e aux membres de la commission au titre des frais de  \nd\u00e9placements relatifs \u00e0 l'exercice de leurs missions.\nArticle 5 : Le pr\u00e9sent arr\u00eat\u00e9 peut, dans un d\u00e9lai de deux mois \u00e0 compter de la notification de la  \npr\u00e9sente d\u00e9cision, faire l'objet d'un recours :\n\uf0b7 gracieux aupr\u00e8s du Directeur g\u00e9n\u00e9ral de l'Agence r\u00e9gionale de sant\u00e9 Centre-Val de Loire ;\n\uf0b7 contentieux selon toutes voies de proc\u00e9dure aupr\u00e8s du tribunal administratif d'Orl\u00e9ans \u2013  \n28 rue de la Bretonnerie \u2013 45057 Orl\u00e9ans. Le tribunal administratif peut \u00e9galement \u00eatre  \nsaisi par le site informatique T\u00e9l\u00e9recours citoyens https://citoyens.telerecours.fr.\nArticle 6 : La Directrice g\u00e9n\u00e9rale de l'Agence r\u00e9gionale de sant\u00e9 Centre-Val de Loire, la directrice \nd\u00e9partementale d'Indre-et-Loire et le directeur de l'HAD Val de Loire \u2013 LNA Sant\u00e9 sont charg\u00e9s,  \nchacun en ce qui le concerne, de l'ex\u00e9cution du pr\u00e9sent arr\u00eat\u00e9, qui sera publi\u00e9 au recueil des actes  \nadministratifs d'Indre-et-Loire.\nFait \u00e0 Tours, le 28 avril 2025\nP/La Directrice g\u00e9n\u00e9rale de l'Agence r\u00e9gionale de Sant\u00e9 Centre-Val de Loire\nLa Directrice d\u00e9partementale d'Indre et Loire\n[sign\u00e9]\nMyriam SALLY-SCANZI\nPr\u00e9fecture d'Indre et Loire - 37-2025-04-28-00009 - Arr\u00eat\u00e9 repr\u00e9sentant des usagers CDU-HAD VAL DE LOIRE 5","date":"2025-05-23","first_seen_on":"2025-09-16T01:21:48+00:00","id":"e6e8fdfae276bb8e0fa7a7c7bbfc1d144176eb12c0c641537a281cb34396e557","name":"2025-05-23 RAA sp\u00e9cial Arrr\u00e9t\u00e9 d\u00e9signation repr\u00e9sentants usagers HAD Val de Loire","pdf_creation_date":"2025-05-23T15:04:47+00:00","pdf_modification_date":null,"timezone":"Europe/Paris","url":"https://www.indre-et-loire.gouv.fr/contenu/telechargement/45705/317346/file/2025-05-23%20RAA%20sp%C3%A9cial%20Arrr%C3%A9t%C3%A9%20d%C3%A9signation%20repr%C3%A9sentants%20usagers%20HAD%20Val%20de%20Loire.pdf"}
