{"administration":"pref21","administration_name":"Pr\u00e9fecture de C\u00f4te-d\u2019Or","content":"PR\u00c9FET\nDE LA C\u00d4TE-D'OR\nRECUEIL DES ACTES\nADMINISTRATIFS SP\u00c9CIAL\nN\u00b021-2025-015\nPUBLI\u00c9 LE 21 JANVIER 2025\nSommaire\nDirection d\u00e9partementale de l'emploi, du travail et des solidarit\u00e9s de\nC\u00f4te-d'Or /\n21-2025-01-20-00003 - R\u00e9c\u00e9piss\u00e9 d\u00e9claration SAP n\u00b0878348499\nBOUCHEROT Nathalie  (2 pages) Page 3\nDirection d\u00e9partementale des territoires de la C\u00f4te-d'Or / Service\nS\u00e9curit\u00e9 et Education Routi\u00e8re\n21-2025-01-21-00001 - Arr\u00eat\u00e9 N\u00b0 112 portant fermeture temporaire de\nla route d\u00e9partementale n\u00b0905, dans les 2 sens de circulation, entre les\ncarrefours avec la RD 25 et la rue de B\u00e9arn, sur la commune de GENLIS (3\npages) Page 6\nPr\u00e9fecture de la C\u00f4te-d'Or / Direction de la coordination, des politiques\npubliques et de l'appui territorial\n21-2025-01-15-00002 - Arr\u00eat\u00e9 pr\u00e9fectoral n\u00b084 du 15 janvier 2025\nportant habilitation de la SARL URBANISTICA en application de l'article\nR.752-6-3 du code du commerce pour la r\u00e9alisation de l'analyse d'impact\ndes projets d'am\u00e9nagement commercial (2 pages) Page 10\n21-2025-01-20-00002 - Ordre du jour de la commission d\u00e9partementale\nd'am\u00e9nagement commercial de la C\u00f4te-d'Or (CDAC 21) du 30 janvier\n2025 (1 page) Page 13\n2\nDirection d\u00e9partementale de l'emploi, du travail\net des solidarit\u00e9s de C\u00f4te-d'Or\n21-2025-01-20-00003\nR\u00e9c\u00e9piss\u00e9 d\u00e9claration SAP n\u00b0878348499\nBOUCHEROT Nathalie \nDirection d\u00e9partementale de l'emploi, du travail et des solidarit\u00e9s de C\u00f4te-d'Or - 21-2025-01-20-00003 - R\u00e9c\u00e9piss\u00e9 d\u00e9claration SAP\nn\u00b0878348499 BOUCHEROT Nathalie 3\nPREFETDE LACOTE-D'ORLibert\u00e9\u00c9xgalit\u00e9Fraternit\u00e9\nDirection D\u00e9partementale de l'Emploi, \ndu Travail et des Solidarit\u00e9s - DDETS \n \nAffaire suivie par Sophie LACROIX                          Dijon, le 20/01/2025 \nP\u00f4le Emploi-Coh\u00e9sion Territoriale, \nT\u00e9l : 03 80 45 75 07 // 06 84 89 20 33 \nm\u00e9l : sophie.lacroix@cote-dor.gouv.fr \nCouleur et Couture \nMme Nathalie BOUCHEROT  \n2 rue Saint Martin \n21420 BOUILLAND \n \n \n \nRECEPISSE DE DECLARATION \nd'un Organisme de Services \u00e0 la Personne \nEnregistr\u00e9 sous le n\u00b0 SAP/ 878348499 \n \n \n \nLe Pr\u00e9fet de la C\u00f4te-d'Or, et par subd\u00e9l\u00e9gation de la Directrice D\u00e9partementale de la DDETS, la \nCheffe du P\u00f4le Emploi et Coh\u00e9sion Territoriale/la Responsable de l'Unit\u00e9 Formation, Emploi, Insertion \n \n \n \nVU la loi n\u00b0 2015-1776 du 28 d\u00e9cembre 2015 relative \u00e0 l'adaptation de la soci\u00e9t\u00e9 au vieillissement, \n \nVU le d\u00e9cret n\u00b0 2016-750 du 6 juin 2016 relatif \u00e0 la liste des activit\u00e9s de services \u00e0 la personne soumises \n\u00e0 agr\u00e9ment ou \u00e0 autorisation dans le cadre du r\u00e9gime commun de la d\u00e9claration, \n \nVU le code du travail et notamment les articles L 7231-1 \u00e0 L 7233-2, R 7232-16 \u00e0 R 7232-22, D7231-1 \net D 7233-1 \u00e0 D 7233-5. \n \n \nConstate \n \nQu'une d\u00e9claration d'activit\u00e9s de services \u00e0 la personne a \u00e9t\u00e9 d\u00e9pos\u00e9e sous le n\u00b0 1835620 aupr\u00e8s de \nla DDETS de la C\u00f4te d'Or, le 9 janvier 2025, par Mme Nathalie BOUCHEROT, dans le cadre de la \nmicro-entreprise \"Couleur et Couture\", repr\u00e9sent\u00e9e par Nathalie BOUCHEROT, dont le si\u00e8ge social est \nsitu\u00e9 2 rue Saint Martin 21420 BOUILLAND et enregistr\u00e9e sous le n\u00b0 SAP/878348499 pour les activit\u00e9s \nsuivantes \u00e0 l'exclusion de toute autre :  \n \n1. Garde d'enfants de plus de 3 ans \u00e0 domicile \n2. Soutien scolaire ou cours \u00e0 domicile \n3. Accompagnement des enfants de plus de 3 ans dans leurs d\u00e9placements \n4. Entretien de la maison et travaux m\u00e9nagers \n5. Petits travaux de jardinage \nDirection d\u00e9partementale de l'emploi, du travail et des solidarit\u00e9s de C\u00f4te-d'Or - 21-2025-01-20-00003 - R\u00e9c\u00e9piss\u00e9 d\u00e9claration SAP\nn\u00b0878348499 BOUCHEROT Nathalie 4\nDDETS 21, 21 Bd Voltaire, BP 81110 - 21011 DIJON Cedex \nT\u00e9l. : 03 80 45 75 45 (Accueil) \nwww.cote-dor.gouv.fr \n6. Travaux de petit bricolage \n7. Pr\u00e9paration de repas \u00e0 domicile \n8. Livraison de repas \u00e0 domicile \n9. Collecte et livraison \u00e0 domicile de linge repass\u00e9 \n10. Livraison de courses \u00e0 domicile \n11. Maintenance, entretien et vigilance temporaires \u00e0 domicile \n12. Assistance informatique \u00e0 domicile \n13. Assistance administrative \u00e0 domicile \n14. T\u00e9l\u00e9-assistance et visio-assistance \n15. Soins d'esth\u00e9tique \u00e0 domicile pour personnes d\u00e9pendantes \n16. Soins et promenade(s) d'animaux pour personnes d\u00e9pendantes \n17. Conduite du v\u00e9hicule des personnes en cas d'invalidit\u00e9 temporaire \n18. Accompagnement des personnes pr\u00e9sentant une invalidit\u00e9 temporaire \n19. Assistance aux personnes ayant besoin d'une aide temporaire \u00e0 leur domicile \n \nCes activit\u00e9s sont exerc\u00e9es en qualit\u00e9 de prestataire. \nL'\u00e9tablissement principal, \u00e9galement si\u00e8ge social, se situe \u00e0 l'adresse ci-dessus et poss\u00e8de le num\u00e9ro \nSIRET suivant, 878 348 499 00012. \nToute modification concernant l'activit\u00e9 exerc\u00e9e devra faire l'objet d'une d\u00e9claration modificative \npr\u00e9alable. \nSous r\u00e9serve d'\u00eatre exerc\u00e9e \u00e0 titre exclusif ou de tenir une comptabilit\u00e9 s\u00e9par\u00e9e pour les organismes \npouvant d\u00e9roger \u00e0 la condition d'activit\u00e9 exclusive (art L 7232-1-2 Code travail), cette activit\u00e9 ouvre droit \nau b\u00e9n\u00e9fice des dispositions des articles L. 7233-2 du code du travail et L. 241-10 du code de la s\u00e9curit\u00e9 \nsociale dans les conditions pr\u00e9vues par ces articles. \nLes effets de la d\u00e9claration courent \u00e0 compter du jour de d\u00e9p\u00f4t de la demande, conform\u00e9ment \u00e0 l'article \nR.7232-18 du code du travail. \nL'enregistrement de la d\u00e9claration peut \u00eatre retir\u00e9 dans les conditions fix\u00e9es aux articles R.7232 -20 \u00e0 \nR.7232-22 du code du travail. \nLe pr\u00e9sent r\u00e9c\u00e9piss\u00e9 n'est pas limit\u00e9 dans le temps et sera publi\u00e9 au recueil des actes administratifs de \nla pr\u00e9fecture de la C\u00f4te d'Or. \nPour le Pr\u00e9fet de C\u00f4te d'Or \nEt par subd\u00e9l\u00e9gation de \nla Directrice D\u00e9partementale emp\u00each\u00e9e, \n   \nLa Responsable de l'Unit\u00e9, Formation, Emploi et Insertion, \nSIGNE \nMarie BEGRAND \nDirection d\u00e9partementale de l'emploi, du travail et des solidarit\u00e9s de C\u00f4te-d'Or - 21-2025-01-20-00003 - R\u00e9c\u00e9piss\u00e9 d\u00e9claration SAP\nn\u00b0878348499 BOUCHEROT Nathalie 5\nDirection d\u00e9partementale des territoires de la\nC\u00f4te-d'Or\nService S\u00e9curit\u00e9 et Education Routi\u00e8re\n21-2025-01-21-00001\nArr\u00eat\u00e9 N\u00b0 112 portant fermeture temporaire de\nla route d\u00e9partementale n\u00b0905, dans les 2 sens\nde circulation, entre les carrefours avec la RD 25\net la rue de B\u00e9arn, sur la commune de GENLIS\nDirection d\u00e9partementale des territoires de la C\u00f4te-d'Or - 21-2025-01-21-00001 - Arr\u00eat\u00e9 N\u00b0 112 portant fermeture temporaire de la\nroute d\u00e9partementale n\u00b0905, dans les 2 sens de circulation, entre les carrefours avec la RD 25 et la rue de B\u00e9arn, sur la commune de\nGENLIS\n6\nExPREFETDE LACOTE-D'ORLibert\u00e9Egalit\u00e9Fraternit\u00e9\nDirection d\u00e9partementale des territoires\nde la C\u00f4te-d'Or\nDijon, le 21 janvier 2025 \nService S\u00e9curit\u00e9 et \u00c9ducation Routi\u00e8re\nArr\u00eat\u00e9 N\u00b0 112\nportant fermeture temporaire de la route d\u00e9partementale n\u00b0905, dans les 2 sens de \ncirculation, entre les carrefours avec la RD 25 et la rue de B\u00e9arn, sur la commune de GENLIS\nLe pr\u00e9fet de la r\u00e9gion Bourgogne-Franche-Comt\u00e9\nPr\u00e9fet de la C\u00f4te-d'Or\nVU le Code de la Route ;\nVU le Code G\u00e9n\u00e9ral des Collectivit\u00e9s Territoriales ;\nVU l'arr\u00eat\u00e9  interminist\u00e9riel  du  24  novembre  1967  relatif  \u00e0  la  signalisation  des  routes  et \nautoroutes ;\nVU l'instruction interminist\u00e9rielle relative \u00e0 la signalisation routi\u00e8re ;\nVU le d\u00e9cret n\u00b02004-374 du 29 avril 2004 relatif aux pouvoirs des pr\u00e9fets, \u00e0 l'organisation et \u00e0  \nl'action des services de l'\u00c9tat dans les r\u00e9gions et les d\u00e9partements ;\nVU  le d\u00e9cret du 16 ao\u00fbt 2022 portant nomination du directeur de cabinet du pr\u00e9fet de la  \nr\u00e9gion Bourgogne-Franche-Comt\u00e9, pr\u00e9fet de la C\u00f4te-d'Or - M. GERSTL\u00c9 Olivier ;\nVU le d \u00e9cret du 10 octobre 2024 portant nomination du pr\u00e9fet de la r\u00e9gion Bourgogne-\nFranche-Comt\u00e9, pr\u00e9fet de la C\u00f4te-d'Or - M. MOURIER Paul ;\nVU l'arr\u00eat\u00e9 pr\u00e9fectoral n\u00b01645/SG du 28 octobre 2024 donnant d\u00e9l\u00e9gation de signature \u00e0 M.  \nOlivier GERSTLE, sous-pr\u00e9fet, directeur de cabinet ;\nCONSIDERANT l'organisation d'une manifestation sociale le mardi 21 janvier \u00e0 11h et 16h sur  \nla RD 905 \u2013 avenue du G\u00e9n\u00e9ral de Gaulle \u00e0 GENLIS - pour laquelle il convient d'assurer la  \ns\u00e9curit\u00e9 des participants et la s\u00e9curit\u00e9 des usagers ;\nDirection d\u00e9partementale des territoires de la C\u00f4te-d'Or\n57, rue de Mulhouse - BP 53317 - 21033 Dijon CEDEX\nT\u00e9l. : 03 80 29 44 44\nCourriel : ddt@cote-dor.gouv.fr\nDirection d\u00e9partementale des territoires de la C\u00f4te-d'Or - 21-2025-01-21-00001 - Arr\u00eat\u00e9 N\u00b0 112 portant fermeture temporaire de la\nroute d\u00e9partementale n\u00b0905, dans les 2 sens de circulation, entre les carrefours avec la RD 25 et la rue de B\u00e9arn, sur la commune de\nGENLIS\n7\nARR\u00caTE\nArticle 1er :\nLa  RD  905,  avenue  du  G\u00e9n\u00e9ral  de  Gaulle,  sur  la  commune  de  GENLIS  est  ferm\u00e9e  \u00e0  la \ncirculation, dans les 2 sens de circulation, entre le carrefour avec la RD 25 et le carrefour avec \nla rue du B\u00e9arn le mardi 21 janvier de 10h45 \u00e0 13h15 et de 15h45 \u00e0 18h15.\nArticle 2 : \nUne d\u00e9viation est mise en place dans les 2 sens de circulation entre le carrefour de la RD 905  \navec la RD 109, commune de FAUVERNEY, et le carrefour de la RD 905 avec la RD 116,  \ncommune de LONGEAULT-PLUVAULT.\nLa d\u00e9viation empruntera les RD 109 \u2013 RD 25 \u2013 RD24 \u2013 RD 116 dans les 2 sens de circulation sur  \nle  territoire  des  communes  de  FAUVERNEY,  MAGNY-SUR-TILLE,  IZIER,  CESSEY-SUR-TILLE, \nCHAMBEIRE,  LABERGEMENT-FOIGNEY,  LONGCHAMP,  COLLONGES-ET-PREMIERES,  \nLONGEAULT-PLUVAULT.\nArticle 3 : \nLes services de gendarmerie pourront, en fonction des circonstances, all\u00e9ger ou renforcer les  \nmesures pr\u00e9vues et prendre toutes initiatives utiles afin de pourvoir \u00e0 la s\u00e9curit\u00e9 des usagers  \net faciliter l'\u00e9coulement de la circulation.\nArticle 4 : \nLe pr\u00e9sent arr\u00eat\u00e9 peut faire l'objet d'un recours gracieux aupr\u00e8s du pr\u00e9fet et/ou d'un recours  \ncontentieux  devant  le  tribunal  administratif  dans  un  d\u00e9lai  de  2  mois  \u00e0  compter  de  sa \nnotification. Le tribunal administratif peut \u00eatre saisi par un recours d\u00e9pos\u00e9 via l'application  \nT\u00e9l\u00e9recours citoyens accessible par le site internet www.telerecours.fr \u00bb.\nArticle 5 : \n- le directeur de Cabinet du pr\u00e9fet de la C\u00f4te-d'Or,\n- le pr\u00e9sident du Conseil d\u00e9partemental de la C\u00f4te-d'Or ;\n- le maire de GENLIS ;\n- le  Commandant  de  la  R\u00e9gion  de  Gendarmerie  de  Bourgogne-Franche-Comt\u00e9  et  du \nGroupement de C\u00f4te-d'Or sont charg\u00e9s, chacun en ce qui le concerne, de l'ex\u00e9cution du  \npr\u00e9sent arr\u00eat\u00e9.\nLe pr\u00e9sent arr\u00eat\u00e9 sera publi\u00e9 au recueil des actes administratifs de la Pr\u00e9fecture de C\u00f4te-\nd'Or.\nUne copie du pr\u00e9sent arr\u00eat\u00e9 sera adress\u00e9e pour information :\n- \u00e0 Mme la pr\u00e9sidente du Conseil r\u00e9gional de Bourgogne-Franche-Comt\u00e9 (transports  \ninter-urbains et transports scolaires),\n- aux  maires  de  FAUVERNEY,  MAGNY-SUR-TILLE,  IZIER,  CESSEY-SUR-TILLE,  \nCHAMBEIRE,  LABERGEMENT-FOIGNEY,  LONGCHAMP,  COLLONGES-ET-PREMIERES,  \nLONGEAULT-PLUVAULT,\n- au Directeur D\u00e9partemental des Services d'Incendie et de Secours de la C\u00f4te d'Or,\nDirection d\u00e9partementale des territoires de la C\u00f4te-d'Or\n57, rue de Mulhouse - BP 53317 - 21033 Dijon CEDEX\nT\u00e9l. : 03 80 29 44 44\nCourriel : ddt@cote-dor.gouv.fr\nDirection d\u00e9partementale des territoires de la C\u00f4te-d'Or - 21-2025-01-21-00001 - Arr\u00eat\u00e9 N\u00b0 112 portant fermeture temporaire de la\nroute d\u00e9partementale n\u00b0905, dans les 2 sens de circulation, entre les carrefours avec la RD 25 et la rue de B\u00e9arn, sur la commune de\nGENLIS\n8\n- au SAMU de Dijon,\n- \u00e0 M. le pr\u00e9sident de la FNTR Bourgogne.\nFait \u00e0 DIJON, le 21 janvier 2025\nLe pr\u00e9fet,\nPour le pr\u00e9fet,\nle sous-pr\u00e9fet, directeur de cabinet,\nSIGNE\nOlivier GERSTL\u00c9\nDirection d\u00e9partementale des territoires de la C\u00f4te-d'Or\n57, rue de Mulhouse - BP 53317 - 21033 Dijon CEDEX\nT\u00e9l. : 03 80 29 44 44\nCourriel : ddt@cote-dor.gouv.fr\nDirection d\u00e9partementale des territoires de la C\u00f4te-d'Or - 21-2025-01-21-00001 - Arr\u00eat\u00e9 N\u00b0 112 portant fermeture temporaire de la\nroute d\u00e9partementale n\u00b0905, dans les 2 sens de circulation, entre les carrefours avec la RD 25 et la rue de B\u00e9arn, sur la commune de\nGENLIS\n9\nPr\u00e9fecture de la C\u00f4te-d'Or\nDirection de la coordination, des politiques\npubliques et de l'appui territorial\n21-2025-01-15-00002\nArr\u00eat\u00e9 pr\u00e9fectoral n\u00b084 du 15 janvier 2025\nportant habilitation de la SARL URBANISTICA en\napplication de l'article R.752-6-3 du code du\ncommerce pour la r\u00e9alisation de l'analyse\nd'impact des projets d'am\u00e9nagement\ncommercial\nPr\u00e9fecture de la C\u00f4te-d'Or - 21-2025-01-15-00002 - Arr\u00eat\u00e9 pr\u00e9fectoral n\u00b084 du 15 janvier 2025 portant habilitation de la SARL\nURBANISTICA en application de l'article R.752-6-3 du code du commerce pour la r\u00e9alisation de l'analyse d'impact des projets\nd'am\u00e9nagement commercial\n10\nExPREFETDE LACOTE-D'ORLibert\u00e9Egalit\u00e9Fraternit\u00e9\nDIRECTION DE LA COORDINATION DES POLITIQUES\nPUBLIQUES ET DE L'APPUI TERRITORIAL\nP\u00f4le Environnement et Urbanisme\nArr\u00eat\u00e9 pr\u00e9fectoral n\u00b0 84 du 15 janvier 2025\nportant habilitation de la SARL URBANISTICA en application de l'article R.752-6-3 du code \ndu commerce pour la r\u00e9alisation de l'analyse d'impact des projets d'am\u00e9nagement \ncommercial\nHabilitation n\u00b0 HAI-21-50-2025-01-15\nPr\u00e9fet de la C\u00f4te-d'Or\nVU le Code du Commerce, notamment les articles L752-6-III et R752-6-1 \u00e0 R752-6-3 ; \nVU la  loi  n\u00b0  2018-1021  du  23  novembre  2018  portant  \u00e9volution  du  logement,  de \nl'am\u00e9nagement et du num\u00e9rique, notamment son titre IV - article 163 ;\nVU le d\u00e9cret n\u00b0 2019-331 du 17 avril 2019 relatif \u00e0 la composition et au fonctionnement  \ndes  commissions  d\u00e9partementales  d'am\u00e9nagement  commercial  et  aux  demandes \nd'autorisation d'exploitation commerciale ;\nVU l'arr\u00eat\u00e9  minist\u00e9riel  du  19  juin  2019  modifi\u00e9  fixant  le  contenu  du  formulaire  de \ndemande d'habilitation pour r\u00e9aliser l'analyse d'impact mentionn\u00e9e au III de l'article  \nL.752-6 du code du commerce ;\nVU l'arr\u00eat\u00e9  pr\u00e9fectoral  du  30  avril  2020  habilitant  la  SARL  URBANISTICA  pour  la \nr\u00e9alisation  de  l'analyse  d'impact  des  projets  d'am\u00e9nagement  commercial  pour  une \ndur\u00e9e de 5 ans ;\nVU  la  demande  d'habilitation  formul\u00e9e  par  la  SARL  URBANISTICA,  16  Avenue  des \nAtr\u00e9bates \u2013 62000 ARRAS, repr\u00e9sent\u00e9e par M. Fran\u00e7ois-Xavier FRAPPIER, g\u00e9rant, re\u00e7ue le \n4 janvier 2025, pour r\u00e9aliser l'analyse d'impact des dossiers de demande d'autorisation  \nd'exploitation commerciale du d\u00e9partement de la C\u00f4te-d'Or ;\nVU le dossier produit \u00e0 l'appui de la demande susvis\u00e9e et les justificatifs joints ;\nCONSIDERANT que l'extrait de casier judiciaire (bulletin n\u00b0 3) du repr\u00e9sentant l\u00e9gal qui  \nest \u00e9galement charg\u00e9 de r\u00e9aliser les analyses d'impact est vierge ;\nCONSIDERANT  que les personnes mentionn\u00e9es dans la demande d'habilitation, par  \nlaquelle ou sous la responsabilit\u00e9 de laquelle seront r\u00e9alis\u00e9es les analyses d'impact sont  \ntitulaires des dipl\u00f4mes requis ;\n1/2\nPr\u00e9fecture de la C\u00f4te-d'Or - 21-2025-01-15-00002 - Arr\u00eat\u00e9 pr\u00e9fectoral n\u00b084 du 15 janvier 2025 portant habilitation de la SARL\nURBANISTICA en application de l'article R.752-6-3 du code du commerce pour la r\u00e9alisation de l'analyse d'impact des projets\nd'am\u00e9nagement commercial\n11\nCONSIDERANT que la soci\u00e9t\u00e9 URBANISTICA dispose des moyens et outils de collecte et \nd'analyse des informations relatives aux effets d'un projet commercial sur l'animation et \nle  d\u00e9veloppement  \u00e9conomique  des  centres-villes  des  communes  de  la  zone  de \nchalandise et sur l'emploi \u00e0 l'\u00e9chelle de cette m\u00eame zone ;\nCONSIDERANT que le pr\u00e9c\u00e9dent arr\u00eat\u00e9 pr\u00e9fectoral d'habilitation du 30 avril 2020 sus-\nvis\u00e9 est valable jusqu'au 30 avril 2025 ;\nSUR proposition de Monsieur le secr\u00e9taire g\u00e9n\u00e9ral de la Pr\u00e9fecture de la C\u00f4te-d'Or ;\nA R R E T E\nArticle 1er  : La soci\u00e9t\u00e9 URBANISTICA sise 16 Avenue des Atr\u00e9bates\u2013 62000 ARRAS, est  \nhabilit\u00e9e \u00e0 r\u00e9aliser les analyses d'impact pr\u00e9vues au III de l'article L.752-6 du code du  \ncommerce, pour les projets d'am\u00e9nagement commerciaux situ\u00e9s dans le d\u00e9partement  \nde la C\u00f4te-d'Or.\nArticle 2 : La pr\u00e9sente habilitation est accord\u00e9e pour une dur\u00e9e de cinq ans, \u00e0 compter  \ndu 30 avril 2025, sans renouvellement tacite. \nArticle 3  : En application du code de justice administrative et notamment des articles R.  \n421-1 et R. 421-5, le pr\u00e9sent arr\u00eat\u00e9 peut, dans un d\u00e9lai de deux mois \u00e0 compter de sa  \npublication, faire l'objet :- soit d'un recours gracieux, adress\u00e9 \u00e0 Monsieur le Pr\u00e9fet de C\u00f4te-\nd'Or, 53, rue de la Pr\u00e9fecture \u2013 21041 Dijon Cedex ;- soit d'un recours hi\u00e9rarchique, adress\u00e9  \n\u00e0 Monsieur le Ministre de l'Int\u00e9rieur, Place Beauvau \u2013 75008 Paris Cedex 08  ;- soit d'un  \nrecours contentieux, en saisissant le Tribunal administratif de Dijon, 22, rue d'Assas \u2013 21000 \nDijon ou t\u00e9l\u00e9recours citoyen.\nLes recours doivent \u00eatre adress\u00e9s par lettre recommand\u00e9e avec accus\u00e9 de r\u00e9ception.\nArticle  4  :  M.  le  secr\u00e9taire  g\u00e9n\u00e9ral  de  la  pr\u00e9fecture  de  la  C\u00f4te-d'Or  est  charg\u00e9  de \nl'ex\u00e9cution du pr\u00e9sent arr\u00eat\u00e9, qui sera publi\u00e9 au recueil des actes administratifs de la  \npr\u00e9fecture de la C\u00f4te-d'Or et notifi\u00e9 \u00e0 M. Fran\u00e7ois-Xavier FRAPPIER, g\u00e9rant.\nFait \u00e0 Dijon,\nLE PREFET,\nPour le pr\u00e9fet et par d\u00e9l\u00e9gation\nLe secr\u00e9taire g\u00e9n\u00e9ral\nSign\u00e9\nDenis BRUEL\n2/2\nPr\u00e9fecture de la C\u00f4te-d'Or - 21-2025-01-15-00002 - Arr\u00eat\u00e9 pr\u00e9fectoral n\u00b084 du 15 janvier 2025 portant habilitation de la SARL\nURBANISTICA en application de l'article R.752-6-3 du code du commerce pour la r\u00e9alisation de l'analyse d'impact des projets\nd'am\u00e9nagement commercial\n12\nPr\u00e9fecture de la C\u00f4te-d'Or\nDirection de la coordination, des politiques\npubliques et de l'appui territorial\n21-2025-01-20-00002\nOrdre du jour de la commission d\u00e9partementale\nd'am\u00e9nagement commercial de la C\u00f4te-d'Or\n(CDAC 21) du 30 janvier 2025\nPr\u00e9fecture de la C\u00f4te-d'Or - 21-2025-01-20-00002 - Ordre du jour de la commission d\u00e9partementale d'am\u00e9nagement commercial de la\nC\u00f4te-d'Or (CDAC 21) du 30 janvier 2025 13\nExPREFETDE LACOTE-D'ORL,z'berte'Egalit\u00e9Fraternit\u00e9\nSECR\u00c9TARIAT G\u00c9N\u00c9RAL\nDIRECTION DE LA COORDINATION DES POLITIQUES\nPUBLIQUES ET DE L'APPUI TERRITORIAL\nP\u00f4le Environnement et Urbanisme\nAffaire suivie par : Guillaume BROUILLARD (secr\u00e9tariat CDAC 21) Dijon, le 20/01/2025\nT\u00e9l : 03 80 44 65 21\nM\u00e9l : pref-cdac21@cote-dor.gouv.fr\n   \nCommission D\u00e9partementale d'Am\u00e9nagement\nCommercial de C\u00f4te-d'Or\nR\u00e9union d  u jeudi   30 janvier 2025  \nORDRE DU JOUR\n10h00 \u2013 Extension d'un ensemble commercial au 4 avenue du Bataillon de la Gare \u00e0 BEAUNE  \n(21200)\n\u00c9l\u00e9ments descriptifs :\n\u2022 dossier  d'autorisation  d'exploitation  commerciale  (AEC)  ne  n\u00e9cessitant  pas  une \ndemande de permis de construire\n\u2022 AEC enregistr\u00e9e sous le n\u00b0 614 le 09 d\u00e9cembre 2024\n\u2022 demandeur : soci\u00e9t\u00e9 IMMORENTE, en qualit\u00e9 de propri\u00e9taire\n\u2022 r\u00e9sum\u00e9 du projet : r\u00e9ouverture au sein de l'ensemble commercial d'un magasin ferm\u00e9 au \npublic  depuis  plus  de  3  ans,  n\u00e9cessitant  ce  faisant  une  AEC  correspondant  \u00e0  une \nextension  dudit  ensemble ;  l'activit\u00e9  demand\u00e9e  pour  le  nouveau  magasin  est  de \n\u00ab secteur 2 \u00bb (commerce non alimentaire)\n\u2022 surface de vente demand\u00e9e pour le nouveau magasin : 700 m\u00b2\n\u2022 surface de vente totale demand\u00e9e : 2 270 m\u00b2 (magasins : PICARD de 270 m\u00b2 ; MAXI ZOO \nde 600 m\u00b2 ; CHAUSSEA de 700 m\u00b2 ; nouveau magasin demand\u00e9 de 700 m\u00b2)\nPr\u00e9fecture de la C\u00f4te-d'Or - 53 rue de la Pr\u00e9fecture \u2013  21041 DIJON cedex\nt\u00e9l : 03 80 44 64 00 \u2013 Fax : 03 80 30 65 72 \nSite internet : http://www.cote-dor.gouv.fr\n1/1\nLe pr\u00e9fet,\nPour le pr\u00e9fet et par d\u00e9l\u00e9gation,\nLe secr\u00e9taire g\u00e9n\u00e9ral,\nOriginal sign\u00e9 : Denis BRUEL\nPr\u00e9fecture de la C\u00f4te-d'Or - 21-2025-01-20-00002 - Ordre du jour de la commission d\u00e9partementale d'am\u00e9nagement commercial de la\nC\u00f4te-d'Or (CDAC 21) du 30 janvier 2025 14","date":"2025-01-21","first_seen_on":"2025-09-13T23:33:14+00:00","id":"e7103b219d9751d2948e09b0f60cd4447aa563930dbbe4a95c512bc65ba0a7e2","name":"RAA n\u00b0 015 du 21 janvier 2025","pdf_creation_date":"2025-01-21T10:06:43+00:00","pdf_modification_date":null,"timezone":"Europe/Paris","url":"https://www.cote-dor.gouv.fr/contenu/telechargement/22764/173774/file/recueil-21-2025-015-recueil-des-actes-administratifs-special.pdf"}
