{"administration":"pref30","administration_name":"Pr\u00e9fecture du Gard","content":"PR\u00c9FET\nDU GARD\nRECUEIL DES ACTES\nADMINISTRATIFS SP\u00c9CIAL\nN\u00b030-2024-107\nPUBLI\u00c9 LE 12 JUILLET 2024\nSommaire\nPrefecture du Gard /\n30-2024-07-12-00001 - Arr\u00eat\u00e9 donnant d\u00e9l\u00e9gation de signature \u00e0 M.\nGr\u00e9goire PIERRE-DESSAUX, sous-pr\u00e9fet, directeur de cabinet du\npr\u00e9fet du Gard, relative aux dispositions de l'article L; 325-1-2 du code de\nla route (4 pages) Page 3\n2\nPrefecture du Gard\n30-2024-07-12-00001\nArr\u00eat\u00e9 donnant d\u00e9l\u00e9gation de signature \u00e0 M.\nGr\u00e9goire PIERRE-DESSAUX, sous-pr\u00e9fet, directeur\nde cabinet du pr\u00e9fet du Gard, relative aux\ndispositions de l'article L; 325-1-2 du code de la\nroute\nPrefecture du Gard - 30-2024-07-12-00001 - Arr\u00eat\u00e9 donnant d\u00e9l\u00e9gation de signature \u00e0 M. Gr\u00e9goire PIERRE-DESSAUX, sous-pr\u00e9fet,\ndirecteur de cabinet du pr\u00e9fet du Gard, relative aux dispositions de l'article L; 325-1-2 du code de la route 3\n=PREFETDU GARDLibert\u00e9\u00c9galit\u00e9Fraternit\u00e9\nPr\u00e9fecture- Direction de la citoyennet\u00e9, \nde la l\u00e9galit\u00e9 et de la coordination\nService de la coordination des politiques publiques \net de l'appui territorial\nArr\u00eat\u00e9\ndonnant d\u00e9l\u00e9gation de signature \u00e0 M. Gr\u00e9goire PIERRE-DESSAUX, , \nsous-pr\u00e9fet, directeur de cabinet du pr\u00e9fet du Gard,\nrelative aux dispositions de l'article L. 325-1-2 du code de la route\nLe pr\u00e9fet du Gard\nChevalier de la L\u00e9gion d'honneur,\nChevalier de l'ordre national du M\u00e9rite \nVu le code de la d\u00e9fense,\nVu le code de la route et notamment son article L.325-1-2,\nVu le code de la s\u00e9curit\u00e9 int\u00e9rieure ;\nVu la  loi  n\u00b0  82-213  du  2  mars  1982  relative  aux  droits  et  libert\u00e9s  des  communes,  des\nd\u00e9partements et des r\u00e9gions, notamment son article 34 ;\nVu la loi du 9 juillet 1966 portant organisation de la police nationale ;\nVu la loi n\u00b0 2009-971 du 3 ao\u00fbt 2009 relative \u00e0 la gendarmerie nationale ; \nVu la loi n\u00b02011-267 du 14 mars 2011 d'orientation et de programmation pour la performance\nde la s\u00e9curit\u00e9 int\u00e9rieure et notamment son article 84 ;\nVu la loi n\u00b02016-1547 du 18 novembre 2016 de modernisation de la justice du XXI\u00e8 si\u00e8cle  ;\nVu le d\u00e9cret n\u00b0 97-34 du 15 janvier 1997 modifi\u00e9 relatif \u00e0 la d\u00e9concentration des d\u00e9cisions\nadministratives individuelles ;\nVu  le  d\u00e9cret  n\u00b0  2004-374  du  29  avril  2004  modifi\u00e9  relatif  aux  pouvoirs  des  pr\u00e9fets,  \u00e0\nl'organisation et \u00e0 l'action des services de l'Etat dans les r\u00e9gions et d\u00e9partements  ;\nVu le d\u00e9cret n\u00b0 2008-158 du 22 f\u00e9vrier  2008 relatif \u00e0 la suppl\u00e9ance des pr\u00e9fets de r\u00e9gion et \u00e0\nla  d\u00e9l\u00e9gation  de  signature  des  pr\u00e9fets  et  des  hauts  commissaires  de  la  R\u00e9publique  en\nPolyn\u00e9sie fran\u00e7aise et en Nouvelle-Cal\u00e9donie ;\nVu le d\u00e9cret n\u00b0 2008-633 du 27 juin 2008 relatif \u00e0 l'organisation d\u00e9concentr\u00e9e de la direction\ncentrale de la s\u00e9curit\u00e9 publique ;\nVu le d\u00e9cret n\u00b0 2009-176 du 16 f\u00e9vrier 2009 modifiant le d\u00e9cret n\u00b0 64-805 du 29 juillet 1964\nfixant les dispositions r\u00e9glementaires applicables aux pr\u00e9fets et le d\u00e9cret n\u00b0 2004-374 du 29\navril 2004 relatif aux pouvoirs des pr\u00e9fets, \u00e0 l'organisation et \u00e0 l'action des services de l'Etat\ndans les r\u00e9gions et d\u00e9partements ;\nVu  le d\u00e9cret n\u00b02012-732 du 9 mai 2012 portant diverses dispositions relatives \u00e0 la s\u00e9curit\u00e9\npublique ;\nPrefecture du Gard - 30-2024-07-12-00001 - Arr\u00eat\u00e9 donnant d\u00e9l\u00e9gation de signature \u00e0 M. Gr\u00e9goire PIERRE-DESSAUX, sous-pr\u00e9fet,\ndirecteur de cabinet du pr\u00e9fet du Gard, relative aux dispositions de l'article L; 325-1-2 du code de la route 4\nVu le d\u00e9cret n\u00b0 2015-510 du 7 mai 2015 portant charte de d\u00e9concentration  ;  \nVu le d\u00e9cret du 13 juillet 2023 nommant M. J\u00e9r\u00f4me BONET, pr\u00e9fet du Gard ;\nVu  le  d\u00e9cret  du  21  juin  2022,  nommant  M.  Gr\u00e9goire  PIERRE-DESSAUX,  conseiller\nd'administration de l'int\u00e9rieur et de l'outre-mer d\u00e9tach\u00e9 en qualit\u00e9 de sous-pr\u00e9fet, directeur\nde cabinet de la pr\u00e9f\u00e8te du Gard ; \nVu  l'ordre  de  mutation  n\u00b0  004943/GEND/DRHGN/SDBPO  en  date  du  2  f\u00e9vrier  2024  du\nminist\u00e8re  de  l'int\u00e9rieur,  nommant  M.  le  colonel  Emmanuel  CASSO, Commandant  du\ngroupement de gendarmerie d\u00e9partementale du Gard \u00e0 N\u00eemes \u00e0 compter du 1 er ao\u00fbt 2024 ;\nVu l'arr\u00eat\u00e9 du ministre de l'int\u00e9rieur de l'outre-mer et des collectivit\u00e9s territoriales du 14 avril\n2022  nommant  M.  Emmanuel  DESJARS  de  KERANROUE,  commissaire  g\u00e9n\u00e9ral  de  police,\ndirecteur d\u00e9partemental et commissaire central \u00e0 Avignon, \u00e0 compter du 2 mai 2022 ; \nVu l'arr\u00eat\u00e9 du Ministre de l'Int\u00e9rieur et des Outre-mer du 21 d\u00e9cembre 2023 nommant  M.\nJean-Philippe  NAHON,  contr\u00f4leur g\u00e9n\u00e9ral  des  services  actifs  de  la  police  nationale,\ndirecteur interd\u00e9partemental de la police nationale \u00e0 N\u00eemes (30), \u00e0 compter du 1er janvier\n2024 ;\nVu l'arr\u00eat\u00e9  du  ministre  de  l'int\u00e9rieur  du  29  janvier  2024 nommant  M.  C\u00e9dric  ESSON,\ncommissaire g\u00e9n\u00e9ral de police \u00e0 l'emploi d'inspecteur g\u00e9n\u00e9ral, directeur interd\u00e9partemental\nde la police nationale des Bouches-du-Rh\u00f4ne (13), \u00e0 compter du 2 janvier 2024 ;\nVu l'arr\u00eat\u00e9 n\u00b0 30-2024-02-15-00003 du 15 f\u00e9vrier 2024 donnant d\u00e9l\u00e9gation de signature \u00e0 M.\nGr\u00e9goire PIERRE-DESSAUX, sous-pr\u00e9fet, directeur de cabinet du pr\u00e9fet du Gard, relative aux\ndispositions de l'article L. 325-1-2 du code de la route\nVu  L'arr\u00eat\u00e9 n\u00b0 30-2024-02-15-00003 du 15 f\u00e9vrier 2024 donnant d\u00e9l\u00e9gation de signature \u00e0 M.\nGr\u00e9goire PIERRE-DESSAUX, sous-pr\u00e9fet, directeur de cabinet du pr\u00e9fet du Gard, relative aux\ndispositions de l'article L. 325-1-2 du code de la route ;\nVu l'arr\u00eat\u00e9  n\u00b0 30-2024-07-09-00001  du 9 juillet  2024 f\u00e9vrier  2024 donnant d\u00e9l\u00e9gation de\nsignature \u00e0  M. Gr\u00e9goire PIERRE-DESSAUX,  sous-pr\u00e9fet, directeur de cabinet du pr\u00e9fet du\nGard, relative aux dispositions de l'article L. 325-1-2 du code de la route ;\nConsid\u00e9rant l'erreur mat\u00e9rielle figurant dans l'arr\u00eat\u00e9 n\u00b0 30-2024-07-09-00001 du 9 juillet 2024\nf\u00e9vrier 2024 donnant d\u00e9l\u00e9gation de signature \u00e0  M. Gr\u00e9goire PIERRE-DESSAUX , sous-pr\u00e9fet,\ndirecteur de cabinet du pr\u00e9fet du Gard, relative aux dispositions de l'article L. 325-1-2 du\ncode de la route ;\nSur proposition du secr\u00e9taire g\u00e9n\u00e9ral de la pr\u00e9fecture du Gard  ;\nArr\u00eate \nArticle     1   :  Le pr\u00e9sent arr\u00eat\u00e9 annule et remplace l'arr\u00eat\u00e9 n\u00b0 30-2024-07-09-00001 du 9 juillet\n2024 donnant d\u00e9l\u00e9gation de signature \u00e0 M. Gr\u00e9goire PIERRE-DESSAUX, sous-pr\u00e9fet, directeur\nde cabinet du pr\u00e9fet du Gard, relative aux dispositions de l'article L. 325-1-2 du code de la\nroute\nPar le pr\u00e9sent arr\u00eat\u00e9 d\u00e9l\u00e9gation de signature est donn\u00e9e \u00e0  M. Gr\u00e9goire PIERRE-DESSAUX,\nsous-pr\u00e9fet, directeur de cabinet du pr\u00e9fet du Gard, \u00e0 l'effet de signer  :\nPrefecture du Gard - 30-2024-07-12-00001 - Arr\u00eat\u00e9 donnant d\u00e9l\u00e9gation de signature \u00e0 M. Gr\u00e9goire PIERRE-DESSAUX, sous-pr\u00e9fet,\ndirecteur de cabinet du pr\u00e9fet du Gard, relative aux dispositions de l'article L; 325-1-2 du code de la route 5\n- les arr\u00eat\u00e9s d'immobilisation et/ou de mise en fourri\u00e8re \u00e0 titre provisoire des v\u00e9hicules  en\napplication des dispositions de l'article L. 325-1-2 du code de la route et de l'article 34 de la\nloi n\u00b02016-1547 du 18 novembre 2016 de modernisation de la justice du XXI\u00e8 si\u00e8cle. \n- les autorisations d\u00e9finitives de sortie d'un v\u00e9hicule mis en fourri\u00e8re sur d\u00e9cision du pr\u00e9fet.\nArticle     2   :  En cas d'absence ou d'emp\u00eachement de M. Gr\u00e9goire PIERRE-DESSAUX , directeur\nde cabinet du pr\u00e9fet du Gard, la d\u00e9l\u00e9gation de signature qui lui est conf\u00e9r\u00e9e par l'article 1 du\npr\u00e9sent arr\u00eat\u00e9 est donn\u00e9e \u00e0 M. Philippe NAHON , directeur interd\u00e9partemental de la police\nnationale \u00e0 N\u00eemes.\nArticle  3 :  En  cas  d'absence  ou  d'emp\u00eachement de M.  Philippe  NAHON, directeur\ninterd\u00e9partemental  de  la  police  nationale  \u00e0  N\u00eemes. celui-ci  peut  sous  sa  responsabilit\u00e9,\nsubd\u00e9l\u00e9guer sa signature \u00e0 ses collaborateurs, \u00e0 l'effe t de signer les d\u00e9cisions pour lesquelles\nil re\u00e7oit la d\u00e9l\u00e9gation consentie \u00e0 l'article 2.\nIl d\u00e9finira, \u00e0 cet effet, par arr\u00eat\u00e9, pris en son nom, la liste de ses collaborateurs habilit\u00e9s \u00e0\nsigner les actes, \u00e0 sa place.\nCette d\u00e9cision sera publi\u00e9e au recueil des actes administratifs de la pr\u00e9fecture et visera le\npr\u00e9sent arr\u00eat\u00e9.\nArticle     4   :  En cas d'absence ou d'emp\u00eachement de M. Gr\u00e9goire PIERRE-DESSAUX , directeur\nde cabinet du pr\u00e9fet du Gard, la d\u00e9l\u00e9gation de signature qui lui est conf\u00e9r\u00e9e par l'article 1 du\npr\u00e9sent  arr\u00eat\u00e9  est  donn\u00e9e  \u00e0  M.  Emmanuel  DESJARS  de  KERANROUE , directeur\nd\u00e9partemental de la s\u00e9curit\u00e9 publique du Vaucluse et commissaire central \u00e0 Avignon, pour\nsa zone territoriale de comp\u00e9tence situ\u00e9e dans le Gard.\nArticle 5 : En cas d'absence ou d'emp\u00eachement  de M. Emmanuel DESJARS de KERANROUE\ndirecteur  d\u00e9partemental  de  la  s\u00e9curit\u00e9  publique  du  Vaucluse,  celui-ci  peut  sous  sa\nresponsabilit\u00e9, subd\u00e9l\u00e9guer sa signature \u00e0 ses collaborateurs, \u00e0 l'effet de signer les d\u00e9cisions\npour lesquelles il re\u00e7oit la d\u00e9l\u00e9gation consentie \u00e0 l'article 4.\nIl d\u00e9finira, \u00e0 cet effet, par arr\u00eat\u00e9, pris en mon nom, la liste de ses collaborateurs habilit\u00e9s \u00e0\nsigner les actes, \u00e0 sa place.\nCette d\u00e9cision sera publi\u00e9e au recueil des actes administratifs de la pr\u00e9fecture du Gard et\nvisera le pr\u00e9sent arr\u00eat\u00e9.\nArticle     6   :  En cas d'absence ou d'emp\u00eachement de M. Gr\u00e9goire PIERRE-DESSAUX , directeur\nde cabinet du pr\u00e9fet du Gard, la d\u00e9l\u00e9gation de signature qui lui est conf\u00e9r\u00e9e par l'article 1 du\npr\u00e9sent arr\u00eat\u00e9 est donn\u00e9e \u00e0  M. C\u00e9dric ESSON , commissaire g\u00e9n\u00e9ral de police \u00e0 l'emploi\nd'inspecteur g\u00e9n\u00e9ral, directeur interd\u00e9partemental de la police nationale des Bouches-du-\nRh\u00f4ne (13), pour sa zone territoriale de comp\u00e9tence situ\u00e9e dans le Gard.\nArticle 7 : En cas d'absence ou d'emp\u00eachement de M. C\u00e9dric ESSON, commissaire g\u00e9n\u00e9ral de\npolice \u00e0 l'emploi d'inspecteur g\u00e9n\u00e9ral, directeur interd\u00e9partemental de la police nationale\ndes Bouches-du-Rh\u00f4ne (13) , celui-ci peut s ous sa responsabilit\u00e9, subd\u00e9l\u00e9guer sa signature \u00e0\nses collaborateurs, \u00e0 l'effet de signer  les d\u00e9cisions pour  lesquelles il re\u00e7oit  la d\u00e9l\u00e9gation\nconsentie \u00e0 l'article 6.\nIl d\u00e9finira, \u00e0 cet effet, par arr\u00eat\u00e9, pris en son nom, la liste de ses collaborateurs habilit\u00e9s \u00e0\nsigner les actes, \u00e0 sa place. Cette d\u00e9cision sera publi\u00e9e au recueil des actes administratifs de\nla pr\u00e9fecture du Gard et visera le pr\u00e9sent arr\u00eat\u00e9.\nArticle 8     :   En cas d'absence ou d'emp\u00eachement de M. Gr\u00e9goire PIERRE-DESSAUX , directeur\nde cabinet du pr\u00e9fet du Gard, la d\u00e9l\u00e9gation de signature qui lui est conf\u00e9r\u00e9e par l'article 1 est\ndonn\u00e9e \u00e0  M. le colonel  Emmanuel  CASSO, commandant le groupement de gendarmerie\nd\u00e9partementale du Gard, sur sa zone territoriale de comp\u00e9tence.\nPrefecture du Gard - 30-2024-07-12-00001 - Arr\u00eat\u00e9 donnant d\u00e9l\u00e9gation de signature \u00e0 M. Gr\u00e9goire PIERRE-DESSAUX, sous-pr\u00e9fet,\ndirecteur de cabinet du pr\u00e9fet du Gard, relative aux dispositions de l'article L; 325-1-2 du code de la route 6\nArticle   9     :    En  cas  d'absence  ou  d'emp\u00eachement de M.  le  colonel  Emmanuel  CASSO,\ncommandant le groupement de gendarmerie d\u00e9partementale du Gard , celui-ci peut sous sa\nresponsabilit\u00e9, subd\u00e9l\u00e9guer sa signature \u00e0 ses collaborateurs, \u00e0 l'effet de signer les d\u00e9cisions\npour lesquelles il re\u00e7oit la d\u00e9l\u00e9gation consentie \u00e0 l'article 8.\nIl d\u00e9finira, \u00e0 cet effet, par arr\u00eat\u00e9, pris en son nom, la liste de ses collaborateurs habilit\u00e9s \u00e0\nsigner les actes, \u00e0 sa place.Cette d\u00e9cision sera publi\u00e9e au recueil des actes administratifs de\nla pr\u00e9fecture et visera le pr\u00e9sent arr\u00eat\u00e9.\nArticle 10  :  La signature des d\u00e9l\u00e9gataires et subd\u00e9l\u00e9gataires et leur qualit\u00e9 devront \u00eatre\npr\u00e9c\u00e9d\u00e9es de la mention suivante : \u00ab pour le pr\u00e9fet et par d\u00e9l\u00e9gation \u00bb.\nArticle  11 :  L'arr\u00eat\u00e9  n\u00b0  30-2024-02-15-00003  du  15  f\u00e9vrier  2024  donnant  d\u00e9l\u00e9gation  de\nsignature \u00e0  M. Gr\u00e9goire PIERRE-DESSAUX , sous-pr\u00e9fet, directeur de cabinet du pr\u00e9fet du\nGard, relative aux dispositions de l'article L. 325-1-2 du code de la route est abrog\u00e9.\nArticle 12     : L'arr\u00eat\u00e9 n\u00b0 30-2024-07-09-00001 du 9 juillet 2024 donnant d\u00e9l\u00e9gation de signature\n\u00e0 M. Gr\u00e9goire PIERRE-DESSAUX, sous-pr\u00e9fet, directeur de cabinet du pr\u00e9fet du Gard, relative\naux dispositions de l'article L. 325-1-2 du code de la route est annul\u00e9 et remplac\u00e9 par le\npr\u00e9sent arr\u00eat\u00e9.\nArticle 13     :  Le pr\u00e9sent arr\u00eat\u00e9 prend effet \u00e0 compter du 1er ao\u00fbt 2024.\nArticle     14    : Le secr\u00e9taire g\u00e9n\u00e9ral de la pr\u00e9fecture, le directeur de cabinet  du pr\u00e9fet  , le\ndirecteur interd\u00e9partemental de la police nationale du Gard, le directeur d\u00e9partemental de\nla s\u00e9curit\u00e9 publique du Vaucluse, le directeur interd\u00e9partemental de la police ntionale des\nBouches-du-Rh\u00f4ne  et le commandant du groupement de gendarmerie  d\u00e9partementale du\nGard sont charg\u00e9s, chacun en ce qui le concerne, de l'ex\u00e9cution du pr\u00e9sent arr\u00eat\u00e9, qui sera\npubli\u00e9 au recueil des actes administratifs de la pr\u00e9fecture du Gard.\nN\u00eemes, le 12 juillet 2024\n                Le pr\u00e9fet,\n          Sign\u00e9\nJ\u00e9r\u00f4me BONET\nPrefecture du Gard - 30-2024-07-12-00001 - Arr\u00eat\u00e9 donnant d\u00e9l\u00e9gation de signature \u00e0 M. Gr\u00e9goire PIERRE-DESSAUX, sous-pr\u00e9fet,\ndirecteur de cabinet du pr\u00e9fet du Gard, relative aux dispositions de l'article L; 325-1-2 du code de la route 7","date":"2024-07-12","first_seen_on":"2025-01-08T19:40:03+00:00","id":"e770659a77e2ead0375f37067bc08072c938ffcb9a56f4b5b597b15dcaff1f43","name":"recueil-30-2024-107-special du 12 07 2024","pdf_creation_date":"2024-07-12T14:43:55+00:00","pdf_modification_date":null,"timezone":"CET","url":"https://www.gard.gouv.fr/contenu/telechargement/58384/436806/file/recueil-30-2024-107-special%20du%2012%2007%202024.pdf"}
