{"administration":"pref83","administration_name":"Pr\u00e9fecture du Var","content":"VAR\nRECUEIL DES ACTES\nADMINISTRATIFS SP\u00c9CIAL\n(NOMINATIFS)\nN\u00b083-2025-356\nPUBLI\u00c9 LE 22 OCTOBRE 2025\nSommaire\nDirection d\u00e9partementale des territoires et de la mer du Var / Service\nplanifications et prospective de la DDTM\n83-2025-10-15-00003 - arrete prefectoral cdac 25 009-raa (3 pages) Page 3\n2\nDirection d\u00e9partementale des territoires et de la\nmer du Var\n83-2025-10-15-00003\narrete prefectoral cdac 25 009-raa\nDirection d\u00e9partementale des territoires et de la mer du Var - 83-2025-10-15-00003 - arrete prefectoral cdac 25 009-raa 3\n=mPREFETDU VARLibert\u00e9Egalit\u00e9Fraternit\u00e9\nDirection d\u00e9partementale\ndes territoires et de la mer du Var\nARR\u00caT\u00c9 PR\u00c9FECTORAL n\u00b0 DDTM/SPP-PAU 2025 -34 du \nfixant la composition de la commission d\u00e9partementale d'am\u00e9nagement commercial du Var, \ncharg\u00e9e d'examiner la demande d'extension du magasin Carrefour-Market sur la commune de \nSix-Fours-les-Plages.\nLe pr\u00e9fet du Var,\nVu le code de commerce, et notamment les articles L. 751-1 et suivants et R. 751-1 et suivants\u00a0;\nVu le code de l'urbanisme\u00a0;\nVu la loi n\u00b0 2008-776 du 4 ao\u00fbt 2008 de modernisation de l'\u00e9conomie, et notamment son  \narticle 102\u00a0;\nVu la loi n\u00b0 2014-626 du 18 juin 2014 relative \u00e0 l'artisanat, au commerce et aux tr\u00e8s petites  \nentreprises\u00a0;\nVu le d\u00e9cret n\u00b0 2015-165 du 12 f\u00e9vrier 2015 relatif \u00e0 l'am\u00e9nagement commercial\u00a0;\nVu le d\u00e9cret n\u00b0 2019-331  du 17 avril 2019 relatif \u00e0 la composition et au fonctionnement des  \ncommissions d\u00e9partementales d'am\u00e9nagement commercial et aux demandes d'autorisation  \nd'exploitation commerciale\u00a0;\nVu l'arr\u00eat\u00e9  pr\u00e9fectoral  du  18  septembre  2023 portant  constitution  de  la  commission \nd\u00e9partementale d'am\u00e9nagement commercial du d\u00e9partement du Var\u00a0;\nVu le d\u00e9cret du Pr\u00e9sident de la R\u00e9publique du 15 mai 2025 portant nomination de Monsieur  \nSimon BABRE, pr\u00e9fet du Var,\nVu le  d\u00e9cret  du  Pr\u00e9sident  de  la  R\u00e9publique  du  29  octobre  2024  portant  nomination  du \nsecr\u00e9taire g\u00e9n\u00e9ral de la pr\u00e9fecture du Var, sous-prefet de Toulon, M. Lucien GIUDICELLI,\nVu  l'arr\u00eat\u00e9 pr\u00e9fectoral n\u00b0 2025/12/MCI du 2 juin 2025 portant d\u00e9l\u00e9gation de signature \u00e0 M.  \nLucien GIUDICELLI, secr\u00e9taire g\u00e9n\u00e9ral de la pr\u00e9fecture du Var, sous-pr\u00e9fet de l'arrondissement \nde Toulon,\nConsid\u00e9rant la demande de permis de construire n\u00b0 PC 083 129 25 00041, d\u00e9pos\u00e9e le 28 mai  \n2025 en mairie de Six-Fours-les-Plages\u00a0;\n1/3\nDirection d\u00e9partementale des territoires et de la mer du Var - 83-2025-10-15-00003 - arrete prefectoral cdac 25 009-raa 4\nConsid\u00e9rant la transmission du dossier complet par la mairie de Six-Fours-les-Plages et son  \nenregistrement le 7 octobre 2025 sous le num\u00e9ro 25-009\u00a0;\nSur proposition de monsieur le Secr\u00e9taire g\u00e9n\u00e9ral de la pr\u00e9fecture du Var\u00a0;\nARR\u00caTE\nArticle 1  \u00a0  :   \nLa  commission  d\u00e9partementale  d'am\u00e9nagement  commercial  est  charg\u00e9e  d'examiner  la \ndemande  n\u00b0  25-009.  La  pr\u00e9sente  demande  d'autorisation  d'am\u00e9nagement  commercial \nconcerne  le  projet  d'extension  du  magasin  Carrefour-Market.  Le  projet  se  situe Quartier  \nBucarin, sur la commune de Six-Fours-les-Plages.\nArticle 2  \u00a0  :  \nLa  commission  d\u00e9partementale  d'am\u00e9nagement  commercial  charg\u00e9e  de  statuer  sur  la \ndemande vis\u00e9e ci-dessus est compos\u00e9e comme suit\u00a0:\nLes \u00e9lus (7)  \u00a0  :\n\u2013\u00a0Monsieur  le  maire  de  la  commune  de  Six-Fours-les-Plages, en  qualit\u00e9  de  maire  de  la \ncommune d'implantation, ou son repr\u00e9sentant,\n\u2013\u00a0Monsieur le pr\u00e9sident de la M\u00e9tropole Provence M\u00e9diterran\u00e9e, ou son repr\u00e9sentant,\n\u2013\u00a0Monsieur le pr\u00e9sident du Syndicat Mixte  en charge du sch\u00e9ma de coh\u00e9rence territoriale  \nProvence M\u00e9diterran\u00e9e, ou son repr\u00e9sentant,\n\u2013\u00a0Monsieur le pr\u00e9sident du conseil d\u00e9partemental du Var, ou son repr\u00e9sentant,\n\u2013\u00a0Monsieur  le  pr\u00e9sident  du  conseil  r\u00e9gional  de  Provence-Alpes-C\u00f4te  d'Azur,  ou  son \nrepr\u00e9sentant,\n\u2013\u00a0un membre repr\u00e9sentant les maires du Var, d\u00e9sign\u00e9 par l'association des maires du Var,\n\u2013\u00a0un membre repr\u00e9sentant les intercommunalit\u00e9s du Var, d\u00e9sign\u00e9 par l'association des maires \ndu Var.\nLes personnalit\u00e9s qualifi\u00e9es (4)\u00a0:\nEn mati\u00e8re de consommation et de protection des consommateurs\u00a0:\n\u2013\u00a0Messieurs Patrick Hauti\u00e8re ou Jean-Paul Champion, association consommation logement et  \ncadre de vie,\n\u2013\u00a0Monsieur Christian Verbrugge, UFC que choisir.\n2/3\nDirection d\u00e9partementale des territoires et de la mer du Var - 83-2025-10-15-00003 - arrete prefectoral cdac 25 009-raa 5\nEn mati\u00e8re de d\u00e9veloppement durable et d'am\u00e9nagement du territoire  \u00a0  :  \n\u2013\u00a0Messieurs Christian Luyton, soci\u00e9t\u00e9 fran\u00e7aise des urbanistes ou Christophe Jatareu-Conte,  \nunit\u00e9 d'architecture JC,\n\u2013\u00a0Monsieur Pierre Ancelle-Hansen ou Madame Annie Combes, association varoise pour la  \nsauvegarde de l'agriculture, de la nature et de l'environnement (AVSANE) ou Madame ou  \nMonsieur G\u00e9rard Filiot, association ligue pour la protection des oiseaux.\nArticle 3  \u00a0  :   \nLe secr\u00e9taire g\u00e9n\u00e9ral de la pr\u00e9fecture est charg\u00e9 de l'ex\u00e9cution du pr\u00e9sent arr\u00eat\u00e9 dont une  \nampliation sera notifi\u00e9e aux membres de la commission et au demandeur.\nFait \u00e0 Toulon, le 15 octobre 2025\nPour le pr\u00e9fet du Var et par d\u00e9l\u00e9gation\nLe Secr\u00e9taire G\u00e9n\u00e9ral\nSign\u00e9\nLucien GIUDICELLI\n3/3\nDirection d\u00e9partementale des territoires et de la mer du Var - 83-2025-10-15-00003 - arrete prefectoral cdac 25 009-raa 6","date":"2025-10-22","first_seen_on":"2025-10-22T14:52:06+00:00","id":"e7a12f4f8bbd2f0d6faf4f2db31fa38e28f1acbe4d2b66c19a3b170cd46a1448","name":"RAA N\u00b0356 du 22 octobre 2025","pdf_creation_date":"2025-10-22T14:08:38+00:00","pdf_modification_date":null,"timezone":"Europe/Paris","url":"https://www.var.gouv.fr/contenu/telechargement/43182/282534/file/RAA%20N%C2%B0356%20du%2022%20octobre%202025%20NOMINATIF.pdf"}
