{"administration":"pref50","administration_name":"Pr\u00e9fecture de la Manche","content":"MANCHE\nRECUEIL DES ACTES\nADMINISTRATIFS SP\u00c9CIAL\nN\u00b050-2025-021\nPUBLI\u00c9 LE 17 JUIN 2025\nSommaire\nDirection d\u00e9partementale de l'emploi, du travail et des solidarit\u00e9s /\n50-2025-06-17-00002 - Arr\u00eat\u00e9 n\u00b02025-DDETS-DIR-19 donnant\nsubd\u00e9l\u00e9gation de signature du directeur d\u00e9partemental de l'emploi,\ndu travail, et des solidarit\u00e9s de la Manche en mati\u00e8re de droit du travail \n\n (12 pages) Page 3\nPr\u00e9fecture de la Manche /\n50-2025-06-17-00001 - Arr\u00eat\u00e9 instituant un p\u00e9rim\u00e8tre de protection \naux abords de la commune du Mont Saint Michel du 28 juin au 27 juillet\ninclus (4 pages) Page 16\nUnit\u00e9 d\u00e9partementale de l'architecture et du patrimoine /\n50-2025-02-12-00001 - Accord en vue de la cr\u00e9ation d'une aire de mise en\nvaleur de l'architecture et du patrimoine (1 page) Page 21\n50-2025-04-29-00004 - Arr\u00eat\u00e9 n\u00b0UDAP50-2025-0001 portant\nmodification du p\u00e9rim\u00e8tre de protection des abords des monuments\nhistoriques d'Avranches dit \"P\u00e9rim\u00e8tre D\u00e9limit\u00e9 des Abords\nd'Avranches (3 pages) Page 23\n2\nDirection d\u00e9partementale de l'emploi, du travail\net des solidarit\u00e9s\n50-2025-06-17-00002\nArr\u00eat\u00e9 n\u00b02025-DDETS-DIR-19 donnant\nsubd\u00e9l\u00e9gation de signature du directeur\nd\u00e9partemental de l'emploi, du travail, et des\nsolidarit\u00e9s de la Manche en mati\u00e8re de droit du\ntravail  \nDirection d\u00e9partementale de l'emploi, du travail et des solidarit\u00e9s - 50-2025-06-17-00002 - Arr\u00eat\u00e9 n\u00b02025-DDETS-DIR-19 donnant\nsubd\u00e9l\u00e9gation de signature du directeur d\u00e9partemental de l'emploi, du travail, et des solidarit\u00e9s de la Manche en mati\u00e8re de droit du\ntravail  \n3\n \n \n \n \n \n \n \n \n \nDirection d\u00e9partementale de l'emploi, du travail et des solidarit\u00e9s - 50-2025-06-17-00002 - Arr\u00eat\u00e9 n\u00b02025-DDETS-DIR-19 donnant\nsubd\u00e9l\u00e9gation de signature du directeur d\u00e9partemental de l'emploi, du travail, et des solidarit\u00e9s de la Manche en mati\u00e8re de droit du\ntravail  \n4\n  \n \n \n ; \n \n \n \n \n \n \n \n \n \n \n \n \n \n \nDirection d\u00e9partementale de l'emploi, du travail et des solidarit\u00e9s - 50-2025-06-17-00002 - Arr\u00eat\u00e9 n\u00b02025-DDETS-DIR-19 donnant\nsubd\u00e9l\u00e9gation de signature du directeur d\u00e9partemental de l'emploi, du travail, et des solidarit\u00e9s de la Manche en mati\u00e8re de droit du\ntravail  \n5\n  \n \n \n \n \n \n\u00c0\nDirection d\u00e9partementale de l'emploi, du travail et des solidarit\u00e9s - 50-2025-06-17-00002 - Arr\u00eat\u00e9 n\u00b02025-DDETS-DIR-19 donnant\nsubd\u00e9l\u00e9gation de signature du directeur d\u00e9partemental de l'emploi, du travail, et des solidarit\u00e9s de la Manche en mati\u00e8re de droit du\ntravail  \n6\nTh\u00e8mes R\u00e9f\u00e9rences \n \nContrat d'apprentissage \n \nSuspension de l'ex\u00e9cution du contrat d'apprentissage \n \nArticles L.6225-4 et R.6225-9 \ndu Code du travail \n \nAutorisation ou refus de reprise de l'ex\u00e9cution du contrat \nd'apprentissage \n \n \nArticle L.6225-5  \ndu Code du travail \n \nInterdiction de recrutement de nouveaux apprentis ou de \njeunes titulaires d'un contrat d'insertion en alternance \n \n \nAutorisation ou refus de lev\u00e9e de l'interdiction de recrutement \nde nouveaux apprentis \n \n \nArticle L.6225-6 \ndu Code du travail \n \n \nArticle R.6225-11 \ndu Code du travail \nContrat de professionnalisation \n \n  \nRetrait du b\u00e9n\u00e9fice de l'exon\u00e9ration des cotisations \npatronales \n \nArticle R.6325-20 \ndu Code du travail \n \nGroupement d'employeurs \n \n \nOpposition \u00e0 l'exercice de l'activit\u00e9 du groupement \nd'employeurs \n \n \nArticles L.1253-17, D.1253.7 et \nD.1253-8 du Code du travail \nAgr\u00e9ment, refus ou retrait d'agr\u00e9ment d'un groupement \nd'employeurs et demande de changement de convention \ncollective \n \n \nArticles R.1253-19 \u00e0 R.1253-29 \ndu Code du travail \n \n \n\u00c9galit\u00e9 professionnelle entre les femmes \n et les hommes \n \nOpposition \u00e0 la mise en \u0153uvre d'un plan pour l'\u00e9galit\u00e9 \nprofessionnelle entre les femmes et les hommes \n \n \nArticles L.1143-3 et D.1143-6 \ndu Code du travail \n \n \nDirection d\u00e9partementale de l'emploi, du travail et des solidarit\u00e9s - 50-2025-06-17-00002 - Arr\u00eat\u00e9 n\u00b02025-DDETS-DIR-19 donnant\nsubd\u00e9l\u00e9gation de signature du directeur d\u00e9partemental de l'emploi, du travail, et des solidarit\u00e9s de la Manche en mati\u00e8re de droit du\ntravail  \n7\n  \n \n \nAppr\u00e9ciation de la conformit\u00e9 d'un accord ou d'un plan \nd'action en mati\u00e8re d'\u00e9galit\u00e9 professionnelle (rescrit) \n \nObservations sur les mesures d\u00e9termin\u00e9es par d\u00e9cision \nunilat\u00e9rale de l'employeur en mati\u00e8re de correction ou de \nrattrapage salarial des \u00e9carts de r\u00e9mun\u00e9ration entre  \nles femmes et les hommes \n \n \nD\u00e9p\u00f4t l\u00e9gal des conventions et accords collectifs \nde travail, plans d'action et autres textes \n \nR\u00e9c\u00e9piss\u00e9 de d\u00e9p\u00f4t des conventions et accords d'entreprise \nou d'\u00e9tablissement ainsi que des plans d'action, et de leurs \navenants et annexes, \nainsi que des conventions de branche et accords \nprofessionnels ou interprofessionnels agricoles, \net autres textes soumis au d\u00e9p\u00f4t l\u00e9gal \n \n \nArticles L.2242-9 et R.2242-9 \u00e0 \nR.2242-11 du Code du travail \n \nArticle L.1142-9  \ndu Code du travail \n \n \n \n \n \n \n \n \nArticles L.2242-3, L.2242-5, \nL.4162-3, D.2231-3, 2\u00e8me alin\u00e9a, \nD.2231-4 et D.2231-8 \ndu Code du travail \n  \nDur\u00e9e du travail  \nD\u00e9passement individuel de la dur\u00e9e hebdomadaire maximale \nmoyenne du travail \n(Article L.3121-22 du Code du travail) \n \n \nArticles L.3121-24, R.3121-8, \nR.3121-9, R.3121-11 et R.3121-16 \ndu Code du travail \nArticles L.713-2 et L.713-13, I,  \nR.713-14 du Code rural et de  \nla p\u00eache maritime \n \nD\u00e9passement individuel de la dur\u00e9e hebdomadaire maximale \nabsolue du travail \n(Article L.3121-20 du Code du travail) \n \nArticles L.3121-21, R.3121-8, \nR.3121-9 et R.3121-10 \ndu Code du travail \nArticles L.713-2, L.713-13, I, et \nR.713-13 du Code rural  \net de la p\u00eache maritime \n \n \nD\u00e9passement collectif de la dur\u00e9e hebdomadaire maximale \nmoyenne ou absolue du travail concernant un secteur \nd'activit\u00e9 sur le plan local ou d\u00e9partemental  \n \n \nArticles L.3121-25, R.3121-8, \nR.3121-9 et R.3121-14 du Code \ndu travail, articles L.713 -13, I, \nR.713-11, R.713-12 et R.713-14 \ndu Code rural et de la p\u00eache \nmaritime \n \n \nSant\u00e9, s\u00e9curit\u00e9 et conditions de travail \n \n  \nDirection d\u00e9partementale de l'emploi, du travail et des solidarit\u00e9s - 50-2025-06-17-00002 - Arr\u00eat\u00e9 n\u00b02025-DDETS-DIR-19 donnant\nsubd\u00e9l\u00e9gation de signature du directeur d\u00e9partemental de l'emploi, du travail, et des solidarit\u00e9s de la Manche en mati\u00e8re de droit du\ntravail  \n8\n  \n \n \nApprobation des \u00e9tudes de s\u00e9curit\u00e9 en mati\u00e8re d'activit\u00e9s \npyrotechniques ou de chargement et de d\u00e9chargement de \nsubstances ou objets explosifs \n \nDemande de compl\u00e9ments d'information \nou d'essais compl\u00e9mentaires \n \nD\u00e9rogation \u00e0 certaines dispositions en mati\u00e8re de pr\u00e9vention \ndu risque pyrotechnique  \npour la mise en \u0153uvre d'imp\u00e9ratifs de s\u00e9curit\u00e9 dans des \ninstallations d\u00e9termin\u00e9es \n \n \nArticle R.4462-30 \ndu Code du travail  \n \n \n \n \nArticle R.4462-36 \ndu Code du travail \nApprobation de l'\u00e9tude de s\u00e9curit\u00e9 pyrotechnique sur les \nchantiers de d\u00e9pollution pyrotechnique \nDemande d'essais ou de travaux compl\u00e9mentaires \n \nArticle 8 du d\u00e9cret n\u00b02005-1325 du \n26 octobre 2005 modifi\u00e9 \nD\u00e9rogation en mati\u00e8re de voies et r\u00e9seaux divers de \nchantiers de construction de b\u00e2timent \nArticles R.4533-6 et R.4533-7 \ndu Code du travail \n \nD\u00e9rogation \u00e0 l'interdiction d'affecter des salari\u00e9s sous contrat \nde travail temporaire \u00e0 des travaux dangereux \n \n \nArticles L.1251-10, L.4154-1, \nD.1251-2, R.4154-5, 1er alin\u00e9a, \nD.4154-3 et D.4154-6 \ndu Code du travail \n \nD\u00e9rogation \u00e0 l'interdiction d'affecter des salari\u00e9s sous contrat \n\u00e0 dur\u00e9e d\u00e9termin\u00e9e \u00e0 des travaux dangereux \n \nDispense \u00e0 l'obligation de mettre des douches journali\u00e8res \u00e0 \nla disposition du personnel qui effectue les travaux \ninsalubres ou salissants \n \nDispense en mati\u00e8re de risques d'incendie et d'explosions et \n\u00e9vacuation (ma\u00eetre d'ouvrage ou \u00e9tablissement) \nAvis sur plan de r\u00e9alisation de mesures r\u00e9tablissant des \nconditions normales de sant\u00e9 et de s\u00e9curit\u00e9 au travail \n \nAutorisation de d\u00e9passement provisoire du nombre \nmaximum d'enfants accueillis dans un local d\u00e9di\u00e9 \u00e0 \nl'allaitement \n \n \n \nJeunes travailleurs \n \nSuspension de l'ex\u00e9cution du contrat de travail ou de la \nconvention de stage d'un jeune \u00e2g\u00e9 de moins de 18 ans  \nArticles L.1242-6, L.4154-1, \nD.1242-5, R.4154-5, 1er alin\u00e9a, \nD.4154-3 et D.4154-6 \ndu Code du travail \n \nArticle 3 de l'arr\u00eat\u00e9 du \n23 juillet 1947 \n \nArticles R.4216-32 et R.4227-55 \ndu Code du travail \n \n \nArticle L.4741-11 \ndu Code du travail \n \n \nArticle R.4152-17 \ndu Code du travail \n \n \n \n \n \n \nDirection d\u00e9partementale de l'emploi, du travail et des solidarit\u00e9s - 50-2025-06-17-00002 - Arr\u00eat\u00e9 n\u00b02025-DDETS-DIR-19 donnant\nsubd\u00e9l\u00e9gation de signature du directeur d\u00e9partemental de l'emploi, du travail, et des solidarit\u00e9s de la Manche en mati\u00e8re de droit du\ntravail  \n9\n  \n \n \nen cas de risque s\u00e9rieux d'atteinte \u00e0 sa sant\u00e9, sa s\u00e9curit\u00e9 ou \u00e0 \nson int\u00e9grit\u00e9 physique ou morale  \n \nAutorisation ou refus de reprise de l'ex\u00e9cution du contrat de \ntravail ou de la convention de stage d'un jeune \u00e2g\u00e9 de moins \nde 18 ans \n \nInterdiction temporaire de recruter ou d'accueillir des jeunes, \ntravailleurs ou stagiaires, \u00e2g\u00e9s de moins de 18 ans \n \n \nR\u00e9ponse \u00e0 la demande d'un organisme d'accueil ayant pour \nobjet de conna\u00eetre les modalit\u00e9s de prise en compte des \neffectifs servant de base au calcul du plafond de stagiaires \nautoris\u00e9s (rescrit). \n \n \nArticle L.4733-8, R.4733-12 et \nR.4733-14 du Code du travail \n \n \n \n \nArticle L.4733-9 du Code du travail \n \n \nArticle L.4733-10  \ndu Code du travail \n \nArticles L.124-8-1 \net R.124-12-1 \ndu Code de l'\u00e9ducation \nLoi n\u00b02018-727 du 10 ao\u00fbt 2018, \nart. 22, et d\u00e9cret n\u00b02018-1227 du \n24 d\u00e9cembre 2018, art. 3, II.  \nRupture conventionnelle d'un contrat de travail \n\u00e0 dur\u00e9e ind\u00e9termin\u00e9e \n \n \nHomologation ou refus d'homologation de la rupture \nconventionnelle d'un contrat \u00e0 dur\u00e9e ind\u00e9termin\u00e9e \nArticles L.1237-14 et R.1237-3 \n du Code du travail \n \nInt\u00e9ressement, participation, \u00e9pargne salariale \nDemande de retrait ou de modification de dispositions \nill\u00e9gales contenues dans un accord de participation ou \nd'int\u00e9ressement ou dans un r\u00e8glement d'un plan d'\u00e9pargne \nsalariale  \nAccus\u00e9 r\u00e9ception du d\u00e9p\u00f4t d'accords ou de documents  \n \n \nTravailleurs \u00e0 domicile \nDemande de contr\u00f4le de la comptabilit\u00e9 du donneur \nd'ouvrage \n \n \nArticles L.3313-3 et L.3345-2du \nCode du travail \n \nArticles R.3332-6, D.3313-4, \nD3323-7 et D.3345-5   \ndu Code du travail \n \n \nArticle R.7413-2 \ndu Code du travail \n \n ( \n \n  \n  \n \n \n \n \n \n \n \n \n \n \n \n \nIndemnisation des travailleurs priv\u00e9s d'emploi \n \nD\u00e9termination du salaire de r\u00e9f\u00e9rence pr\u00e9vu \u00e0 l'article 68, \nparagraphe 1 du r\u00e8glement (CEE) n\u00b01408/71 \n \n \n \nArticle R.5422-3 \ndu Code du travail \n \n \n \nDirection d\u00e9partementale de l'emploi, du travail et des solidarit\u00e9s - 50-2025-06-17-00002 - Arr\u00eat\u00e9 n\u00b02025-DDETS-DIR-19 donnant\nsubd\u00e9l\u00e9gation de signature du directeur d\u00e9partemental de l'emploi, du travail, et des solidarit\u00e9s de la Manche en mati\u00e8re de droit du\ntravail  \n10\n  \n \n \nPublicit\u00e9 des comptes des organisations syndicales et \nprofessionnelles \nAccus\u00e9 de r\u00e9ception des documents comptables d\u00e9pos\u00e9s \npar les organisations syndicales ou professionnelles \nContr\u00f4le et validation des demandes de consultation des \ncomptes annuels d\u00e9pos\u00e9s \n \n \n \n \nArticle D.2135-8  \ndu Code du travail \n \nRepr\u00e9sentation du personnel \n \n \n \n \nSuppression du mandat de d\u00e9l\u00e9gu\u00e9 syndical ou de \nrepr\u00e9sentant de la section syndicale \nArticles L.2143-11, L.2142-1-2, \nL.2143-11 et R.2143-6 \ndu Code du travail \n  \n \nD\u00e9termination du nombre et du p\u00e9rim\u00e8tre des \u00e9tablissements \ndistincts (comit\u00e9 social et \u00e9conomique mis en place au \nniveau de l'entreprise ou de l'unit\u00e9 \u00e9conomique et sociale) \n \nJustification aupr\u00e8s du tribunal d'instance de la notification de \nla d\u00e9cision administrative statuant sur une contestation en \nmati\u00e8re de d\u00e9termination du nombre et du p\u00e9rim\u00e8tre des \n\u00e9tablissements distincts ou, \u00e0 d\u00e9faut, de la r\u00e9ception de cette \ncontestation    \n \nL.2313-5, L.2313-8, R.2313-1 \u00e0 \nR.2313-2 et R.2313-4 \u00e0 R.2313-5 \ndu Code du travail \n \n \n \nArticles L2313-5, R.2313-3 et \nR.2313-6 du Code du travail \n \n \nR\u00e9partition du personnel dans les coll\u00e8ges \u00e9lectoraux et des \nsi\u00e8ges entre les cat\u00e9gories de personnel  \npour l'\u00e9lection au comit\u00e9 social et \u00e9conomique \n \n \nArticles L.2314-13 et R.2314-3 \ndu Code du travail \n \nSurveillance de la liquidation des biens  \ndu comit\u00e9 social et \u00e9conomique \nArticle R.2312-52 \ndu Code du travail \n \n  \nR\u00e9partition des si\u00e8ges entre les diff\u00e9rents \u00e9tablissements et \nles diff\u00e9rents coll\u00e8ges (pour les \u00e9lections au comit\u00e9 social et \n\u00e9conomique central) \n \n \nArticles L.2316-8 et R.2316-2 \ndu Code du travail \n \nSuppression du comit\u00e9 d'entreprise europ\u00e9en \n \n \nR\u00e9partition des si\u00e8ges au comit\u00e9 de groupe \n \n \n \n \nArticles L.2345-1 et R.2345-1 \ndu Code du travail \n \nArticles L.2333-4 et R.2332-1 du \ncode du travail \n \n \nR\u00e9f\u00e9r\u00e9 administratif  \nRepr\u00e9sentation en d\u00e9fense de l'Administration devant le juge \nadministratif statuant en r\u00e9f\u00e9r\u00e9 dans le cadre d'un recours \nconcernant les d\u00e9cisions d'arr\u00eat temporaire de travaux ou \nd'activit\u00e9 \n \n \n \nArticle L.4731-4 du Code du travail \nDirection d\u00e9partementale de l'emploi, du travail et des solidarit\u00e9s - 50-2025-06-17-00002 - Arr\u00eat\u00e9 n\u00b02025-DDETS-DIR-19 donnant\nsubd\u00e9l\u00e9gation de signature du directeur d\u00e9partemental de l'emploi, du travail, et des solidarit\u00e9s de la Manche en mati\u00e8re de droit du\ntravail  \n11\n  \n \n \n  \n \n \nAmendes administratives \n(Exclusion faite des d\u00e9cisions de prononc\u00e9 \nd'amendes administratives ou d'avertissement et hors constats \nop\u00e9r\u00e9s par l'unit\u00e9 r\u00e9gionale de contr\u00f4le charg\u00e9e de la lutte contre le \ntravail ill\u00e9gal) \n \nEngagement de la proc\u00e9dure de sanction administrative en \ncas de non-respect des r\u00e8gles encadrant le recours aux \nstagiaires par l'organisme d'accueil \n \n \nEngagement de la proc\u00e9dure de sanction administrative \n(amende ou avertissement) en cas de non-respect : \n \n\uf09f des dur\u00e9es maximales, quotidienne \nou hebdomadaire, du travail ; \n \n\uf09f de la dur\u00e9e minimale du repos quotidien ; \n \n\uf09f de la dur\u00e9e minimale du repos hebdomadaire ; \n \n\uf09f des r\u00e8gles relatives aux documents de d\u00e9compte de la \ndur\u00e9e de travail et des repos compensateurs ; \n \n\uf09f du SMIC et des salaires minimas conventionnels ; \n \n \n\uf09f des r\u00e8gles applicables aux installations sanitaires, \nrestauration et h\u00e9bergement : \nart. R.4228-1 \u00e0 R.4228-37 du Code du travail, \nart. L.716-1 du Code rural et de la p\u00eache maritime ; \n \n\uf09f des prescriptions techniques de protection durant l'ex\u00e9cution \ndes travaux de BTP : \nart. R.4534-1 \u00e0  R.4534-155 ; \n \n\uf09f d'une d\u00e9cision d'arr\u00eat temporaire de travaux ou d'activit\u00e9 ; \n \n\uf09f d'une demande de v\u00e9rification, de mesures ou d'analyses ; \n \n\uf09f d'une d\u00e9cision de retrait d'affectation de jeunes \u2013 18 ans \u00e0 \ndes travaux interdits ou r\u00e9glement\u00e9s ; \n \n\uf09f de l'interdiction d'emploi d'un jeune mineur \u00e0 certains \ntravaux ou \u00e0 des travaux r\u00e9glement\u00e9s en m\u00e9connaissance \ndes conditions applicables ; \n \n\uf09f des dur\u00e9es maximales de travail fix\u00e9es par le Code des \ntransports ; \n \n\uf09f des dur\u00e9es de conduite et temps de repos des conducteurs \nfix\u00e9s par la r\u00e9glementation europ\u00e9enne ; \n \n\uf09f des dur\u00e9es maximales de travail de jour, des repos et du \nd\u00e9compte du temps de travail applicables \u00e0 la SNCF, la SNCF \nR\u00e9seau et la SNCF Mobilit\u00e9s ainsi qu'\u00e0 d'autres entreprises \ndans le secteur du transport ferroviaire ; \n \n\uf09f des dur\u00e9es maximales de travail et de conduite, des temps \nde repos et du d\u00e9compte du temps de travail fix\u00e9s \nconventionnellement ou r\u00e9glementairement et applicables aux \nentreprises de transport. \n \n \n \n \n \n \n \n \nArticle L.124-17 du Code de \nl'\u00c9ducation, \nArticles R.8115-1, R.8115-2 et \nR.8115-6 du Code du travail  \n \n \n \n \n \nArticles L. 4751-1, L.4752-1, \nL.4752-2, L.4753-1, L.4753-2, \nL.8113-7, L.8115-1 \u00e0 L.8115-8, \nR. 8115-1 \u00e0 R.8115-4, \nR.8115-9 et R.8115-10 \ndu Code du travail \n \nArticle L.719-10 du code rural et \nde la p\u00eache maritime  \n \nArticle L.1325-1 du Code des \ntransports \n \n \n \n \n \n \n \n \n \n \n \n \n \n \n \n \n \n \n \n \n \n \n \n \n \nDirection d\u00e9partementale de l'emploi, du travail et des solidarit\u00e9s - 50-2025-06-17-00002 - Arr\u00eat\u00e9 n\u00b02025-DDETS-DIR-19 donnant\nsubd\u00e9l\u00e9gation de signature du directeur d\u00e9partemental de l'emploi, du travail, et des solidarit\u00e9s de la Manche en mati\u00e8re de droit du\ntravail  \n12\n  \n \n \n \nEngagement de la proc\u00e9dure de sanction administrative en \ncas de non-respect par un donneur d'ordre, un ma\u00eetre \nd'ouvrage ou un propri\u00e9taire d'immeuble de l'obligation de \nrep\u00e9rage de la pr\u00e9sence d'amiante avant l'ex\u00e9cution de \ntravaux. \n \n \nEngagement de la proc\u00e9dure de sanction administrative en \ncas de manquement par un employeur, \u00e9tabli en France ou \u00e0 \nl'\u00e9tranger, ou, le cas \u00e9ch\u00e9ant, par une entreprise utilisatrice \nayant recours \u00e0 un travailleur temporaire d\u00e9tach\u00e9 dans le \ncadre d'une prestation de services internationale, \u00e0 l'obligation \nde d\u00e9clarer un salari\u00e9 effectuant un ou des travaux de \nb\u00e2timent ou de travaux publics aux fins d'obtenir une carte \nd'identification professionnelle, ou \u00e0 l'obligation d'actualiser \nles donn\u00e9es le concernant \n \nEngagement de la proc\u00e9dure de sanction administrative \nen cas de manquement, pour un employeur \u00e9tabli \u00e0 l'\u00e9tranger, \n\u00e0 l'obligation de d\u00e9claration pr\u00e9alable de d\u00e9tachement de \nsalari\u00e9s ou, pour les entreprises de transport, de transmission \nde l'attestation de d\u00e9tachement, \nou de d\u00e9signation d'un repr\u00e9sentant en France ou, pour un \ndonneur d'ordre ou ma\u00eetre d'ouvrage, \u00e0 l'obligation de \nvigilance ou \u00e0 l'obligation subsidiaire de d\u00e9claration \n(articles L.1262-2-1, I et II, et L.1262-4-1,I \ndu Code du travail)  \n \nEngagement de la proc\u00e9dure de sanction administrative en \ncas de manquement par une entreprise utilisatrice \u00e9tablie \u00e0 \nl'\u00e9tranger \u00e0 l'obligation d'adresser une d\u00e9claration attestant de \nla connaissance par l'entreprise de travail temporaire \n\u00e9trang\u00e8re du d\u00e9tachement de ses salari\u00e9s \n(article L.1262-2-1, IV, du Code du travail)  \n \nEngagement de la proc\u00e9dure de sanction administrative en \ncas de manquement par un employeur ou par un donneur \nd'ordre ou ma\u00eetre d'ouvrage \u00e0 l'obligation d'adresser la \nd\u00e9claration d'accident du travail d'un salari\u00e9 d\u00e9tach\u00e9 \n(article L.1262-4-4 du Code du travail)  \n \nEngagement de la proc\u00e9dure de sanction administrative \nen cas de manquement par un ma\u00eetre d'ouvrage \u00e0 l'obligation \nd'afficher, sur un chantier de b\u00e2timent ou de g\u00e9nie civil, la \nr\u00e9glementation applicable aux salari\u00e9s d\u00e9tach\u00e9s \n(article L.1262-4-5 du Code du travail)  \n \nEngagement de la proc\u00e9dure de sanction administrative \nen cas de manquement par un ma\u00eetre d'ouvrage \u00e0 l'obligation \nde vigilance \u00e0 l'\u00e9gard des sous-traitants directs et indirects de \nses cocontractants et des entreprises de travail temporaire \n\u00e9tablis \u00e0 l'\u00e9tranger \n(article L.1262-4-1, II, du Code du travai l) \n \n \n \n \n \nArticles L.4412-2, L.4754-1, \nL .4751-1, R.4412-97 et suivants, \nL.8115-4 \u00e0 L.8115-8 et R. 8115-2 \n\u00e0 R.8115-4 du Code du travail  \n \n \nArticles L.8291-1 et L.8291-2, \nR.8291-1, R.8293-1 \u00e0 R.8293-4, \nR.8295-3, R. 8115-1 \u00e0 R.8115-4, \nR.8115-7 et R.8115-8 \ndu Code du travail \n \n \n \n \n \n \nArticles L.1264-1,  L.1264-2, I, \nL.1264-3, R.8115-1, R.8115-2 \net R.8115-5 du Code du travail \nArticles R.1331-1, R.1331-2, \nR.1331-6 et R.1331-11 \ndu Code des transports  \n \n \n \n \n \nArticles L.1264-2, II, L.1264-3, \nR.8115-1, R.8115-2 \net R.8115-5 du Code du travail  \n \n \n \n \n \nArticles L.1264-1, L.1264-2, \nL.1264-3, R.8115-1, R.8115-2 \net R.8115-5 du Code du travail  \n \n \n \n \nArticles L.1264-2, I, L.1264-3, \nR.8115-1, R.8115-2 \net R.8115-5 du Code du travail  \n \n \n \n \nDirection d\u00e9partementale de l'emploi, du travail et des solidarit\u00e9s - 50-2025-06-17-00002 - Arr\u00eat\u00e9 n\u00b02025-DDETS-DIR-19 donnant\nsubd\u00e9l\u00e9gation de signature du directeur d\u00e9partemental de l'emploi, du travail, et des solidarit\u00e9s de la Manche en mati\u00e8re de droit du\ntravail  \n13\n  \n \n \nEngagement de la proc\u00e9dure de sanction administrative en \ncas de non-respect de la d\u00e9cision de suspension ou \nd'interdiction temporaire de la r\u00e9alisation d'une prestation de \nservices internationale en France \n(articles L.1263-4, L.1263-4-1, L.1263-4-2 \ndu Code du travail) \n \nEngagement de la proc\u00e9dure de sanction administrative en \ncas de manquement, pour un employeur \u00e9tabli \u00e0 l'\u00e9tranger ou \npour son repr\u00e9sentant en France, \u00e0 l'obligation de pr\u00e9senter \nles documents exigibles traduits en langue fran\u00e7aise \nconcernant le d\u00e9tachement de salari\u00e9s sur le territoire national \n(article L.1263-7 du Code du travail)  \n \nEngagement de la proc\u00e9dure de sanction administrative en \ncas de manquement \u00e0 l'obligation d'adresser la d\u00e9claration \nd'ouverture d'un chantier forestier ou sylvicole \n(articles L.718-9 et L.719-10-1 du Code rural \net de la p\u00eache maritime)  \n \nEngagement de la proc\u00e9dure de sanction administrative \u00e0 \nl'\u00e9gard des employeurs et des armateurs en cas de \nmanquements \u00e0 certaines dispositions du Code des \ntransports, lorsque le navire entre dans le champs \nd'application du dispositif dit de \u00ab l'Etat d'accueil \u00bb ou de celui \napplicables aux navires transporteurs de passagers assurant \ndes lignes r\u00e9guli\u00e8res internationales touchant un port fran\u00e7ais \n(liaisons transmanche) (articles L5561-1 et R5591-1 du Code \ndes transports) \n \nTransaction p\u00e9nale \nProposition de transaction p\u00e9nale \n(article R.8114-3 du code du travail) \nNotification \u00e0 l'auteur de l'infraction et transmission du dossier \nde transaction au procureur de la R\u00e9publique pour \nhomologation (article R.8114-6 du code du travail)   \n     \nD\u00e9tachement temporaire de salari\u00e9s par une entreprise \nnon \u00e9tablie en France  \n(hors constats op\u00e9r\u00e9s par l'unit\u00e9 r\u00e9gionale de contr\u00f4le charg\u00e9e de \nla lutte contre le travail ill\u00e9gal) \n \nEngagement de la proc\u00e9dure de suspension temporaire de la \nr\u00e9alisation d'une prestation de service internationale ill\u00e9gale \nen France \nD\u00e9cisions de suspension temporaire et de lev\u00e9e de la \nsuspension \n(articles L.1263-4, L.1263-4-1 et L.1263-5 \ndu Code du travail)  \n \nEngagement de la proc\u00e9dure d'interdiction temporaire de la \nr\u00e9alisation d'une prestation de service internationale \nen France en cas de non-paiement \nd'une amende administrative \nArticles L.1264-2, II, L.1264-3, \nR.8115-1, R.8115-2 \net R.8115-5 du Code du travail  \n \n \n \n \nArticles L.1263-6, R.8115-1, \nR.8115-2 \net R.8115-5 du Code du travail  \n \n \n \n \nArticles L.1264-1, R.8115-1, \nR.8115-2 \net R.8115-5 du Code du travail  \n \n \n \n \n \nArticles R.719-1-3 et R.718-27 du \nCode rural et de la p\u00eache maritime  \n \n \n \n \n \n \n \n \n \n \n \n \n \n \n \nArticles L.5568-1, L.5596-1 \nR.5568.1 et R.5596-1 du Code des \ntransports \n \n \n \n \n \n \n \n \n \n \n \n \nDirection d\u00e9partementale de l'emploi, du travail et des solidarit\u00e9s - 50-2025-06-17-00002 - Arr\u00eat\u00e9 n\u00b02025-DDETS-DIR-19 donnant\nsubd\u00e9l\u00e9gation de signature du directeur d\u00e9partemental de l'emploi, du travail, et des solidarit\u00e9s de la Manche en mati\u00e8re de droit du\ntravail  \n14\n  \n \n \nD\u00e9cisions de suspension temporaire et de lev\u00e9e de la \nsuspension \n(article L.1263-4-2 du Code du travail) \n \nAm\u00e9nagement temporaire, en cas de d\u00e9tachements \nr\u00e9currents, des modalit\u00e9s de d\u00e9claration pr\u00e9alable de \nd\u00e9tachement de salari\u00e9s, de d\u00e9signation d'un repr\u00e9sentant en \nFrance et de conservation, sur le lieu de la r\u00e9alisation de la \nprestation, des documents exigibles traduits en fran\u00e7ais \n(article L.1263-8 du Code du travail)  \n \nDivers \n \nCorrespondances adress\u00e9es aux autorit\u00e9s judiciaires dans le \ncadre des actions d'inspection de la l\u00e9gislation du travail, \nsans pr\u00e9judice des attributions confi\u00e9es par la loi aux agents \nde contr\u00f4le de l'inspection du travail \n \nCourriers aux parlementaires, aux \u00e9lus locaux et aux \npartenaires sociaux dans les domaines relevant de \nl'inspection de la l\u00e9gislation du travail \n \nCorrespondances adress\u00e9es aux services pr\u00e9fectoraux, \nservices d\u00e9concentr\u00e9s de l'\u00c9tat, collectivit\u00e9s territoriales et \nchambres consulaires relatives aux domaines relevant de \nl'inspection de la l\u00e9gislation du travail \nArticles R.1263-11-3 \u00e0  \nR.1263-11-7 \ndu Code du travail \n \n \n \nArticles R.1263-11-3 \u00e0  \nR.1263-11-7 du Code du travail  \n \n \n \n \n \n \n \n \n \n \n \n \n \n \n \n \n \n \n \n \n \n \n \n \n \n \nDirection d\u00e9partementale de l'emploi, du travail et des solidarit\u00e9s - 50-2025-06-17-00002 - Arr\u00eat\u00e9 n\u00b02025-DDETS-DIR-19 donnant\nsubd\u00e9l\u00e9gation de signature du directeur d\u00e9partemental de l'emploi, du travail, et des solidarit\u00e9s de la Manche en mati\u00e8re de droit du\ntravail  \n15\nPr\u00e9fecture de la Manche\n50-2025-06-17-00001\nArr\u00eat\u00e9 instituant un p\u00e9rim\u00e8tre de protection  aux\nabords de la commune du Mont Saint Michel du\n28 juin au 27 juillet inclus\nPr\u00e9fecture de la Manche - 50-2025-06-17-00001 - Arr\u00eat\u00e9 instituant un p\u00e9rim\u00e8tre de protection  aux abords de la commune du Mont\nSaint Michel du 28 juin au 27 juillet inclus 16\nCabinet\nDirection des s\u00e9curit\u00e9s\nBureau de la s\u00e9curit\u00e9 et de la r\u00e9glementation\nA R R E T E     \ninstaurant un p\u00e9rim\u00e8tre de protection aux abords de la \ncommune du Mont-Saint-Michel\nLE PR\u00c9FET DE LA MANCHE\nChevalier de la L\u00e9gion d'honneur\nChevalier de l'ordre national du M\u00e9rite\nVU le Code de la s\u00e9curit\u00e9 int\u00e9rieure, notamment son article L.226-1 ;\nVU le  d\u00e9cret  n\u00b0  2004-374  du  29  avril  2004  modifi\u00e9  relatif  aux  pouvoirs  des  pr\u00e9fets,  \u00e0\nl'organisation et \u00e0 l'action des services de l'\u00c9tat dans les r\u00e9gions et d\u00e9partements ;\nVU le d\u00e9cret du 13 juillet 2023 portant nomination de M. Xavier BRUNETI\u0116RE, pr\u00e9fet de la\nManche ;\nVU le d\u00e9cret du 25 ao\u00fbt 2023 portant nomination de Mme St\u00e9phanie PETITJEAN, sous-pr\u00e9f\u00e8te,\ndirectrice de cabinet du pr\u00e9fet de la Manche ;\nVU l'arr\u00eat\u00e9 du 21 janvier 2025 donnant d\u00e9l\u00e9gation de signature \u00e0 Mme St\u00e9phanie PETITJEAN,\nsous-pr\u00e9f\u00e8te, directrice de cabinet ;\nCONSID\u00c9RANT qu'en application de l'article L. 226-1 du Code de la s\u00e9curit\u00e9 int\u00e9rieure, \u00ab  afin\nd'assurer la s\u00e9curit\u00e9 d'un lieu ou d'un \u00e9v\u00e9nement expos\u00e9 \u00e0 un risque d'actes de terrorisme \u00e0\nraison de sa nature et de l'ampleur de sa fr\u00e9quentation, le repr\u00e9sentant de l'Etat dans le\nd\u00e9partement ou, \u00e0 Paris, le pr\u00e9fet de police peut instituer par arr\u00eat\u00e9 motiv\u00e9 un p\u00e9rim\u00e8tre de\nprotection au sein duquel l'acc\u00e8s et la circulation des personnes sont r\u00e9glement\u00e9s. \u00bb ;\nCONSID\u00c9RANT la pr\u00e9gnance de la menace terroriste sur le territoire national ;\nCONSID\u00c9RANT que plusieurs attentats ou tentatives d'attentats r\u00e9cents, notamment ceux\nperp\u00e9tr\u00e9s au m\u00e9morial de l'Holocauste \u00e0 Berlin (Allemagne) le 21 f\u00e9vrier 2025 et \u00e0 Mulhouse\n(France) le 22 f\u00e9vrier 2025, ont encore accru le niveau de la menace terroriste ;\nCONSID\u00c9RANT que le plan Vigipirate est relev\u00e9 depuis le 25 mars 2024 au niveau urgence\nattentat, niveau le plus \u00e9lev\u00e9, sur l'ensemble du territoire national ;\nCONSID\u00c9RANT que le Mont-Saint-Michel est l'un des principaux sites touristiques fran\u00e7ais et\nqu'il accueille chaque ann\u00e9e environ 2,5 millions de personnes ;\nCONSID\u00c9RANT que l'importance de la symbolique religieuse du Mont-Saint-Michel et de son\nabbaye l'expose \u00e0 un risque d'actes de terrorisme ;\nPr\u00e9fecture de la Manche \u2013 BP 70522 \u2013 50002 SAINT-L\u00d4 \u2013 T\u00e9l. : 02.33.75.49.50 \u2013 M\u00e9l. : prefecture@manche.gouv.fr\nAccueil du public les lundi, mardi, jeudi et vendredi : \n- Bureau des migrations et de l'int\u00e9gration : uniquement sur rendez-vous\n- point accueil num\u00e9rique de 8h30 \u00e0 12h30 uniquement sur rendez-vous\nAccueil g\u00e9n\u00e9ral ouvert du lundi au vendredi de 8h30 \u00e0 12h30 et de 14h00 \u00e0 17h00\nPr\u00e9fecture de la Manche - 50-2025-06-17-00001 - Arr\u00eat\u00e9 instituant un p\u00e9rim\u00e8tre de protection  aux abords de la commune du Mont\nSaint Michel du 28 juin au 27 juillet inclus 17\nCONSID\u00c9RANT  que la p\u00e9riode estivale  entra\u00eene une forte hausse de la fr\u00e9quentation en raison\ndes vacances scolaires et de l'afflux de touristes internationaux ;\nCONSID\u00c9RANT que durant la p\u00e9riode estivale,  il y a lieu d'instaurer un p\u00e9rim\u00e8tre de protection\naux abords du Mont-Saint-Michel aux fins de pr\u00e9vention d'un acte de terrorisme  ; que compte\ntenu de la topographie des lieux, ce p\u00e9rim\u00e8tre doit englober l'ensemble du Mont-Saint-Michel\nintra-muros et de l'esplanade devant l'entr\u00e9e, de la passerelle, et une partie de la baie aux abords\nimm\u00e9diats du Mont et de la passerelle, ainsi que le site de \u00ab  la Caserne \u00bb, conform\u00e9ment au plan\nen annexe, ces lieux \u00e9tant les seuls acc\u00e8s possibles au Mont-Saint-Michel ;\nCONSID\u00c9RANT qu'il y a lieu d'autoriser les agents de la police municipale mutualis\u00e9e du Mont-\nSaint-Michel  \u00e0  participer  aux  contr\u00f4les  d'acc\u00e8s  sous  l'autorit\u00e9  d'un  officier  de  police\njudiciaire, afin de renforcer les effectifs d\u00e9ploy\u00e9s par les services de gendarmerie ;\nCONSID\u00c9RANT que ce p\u00e9rim\u00e8tre doit \u00eatre instaur\u00e9 du 28 juin a u 27 juillet 2025 inclus, de 8h00 \u00e0\n23h00 , principale plage horaire de fr\u00e9quentation touristique en cette p\u00e9riode ;\nSUR proposition de la sous-pr\u00e9f\u00e8te, directrice de cabinet du pr\u00e9fet de la Manche ;\nARR\u00caTE\nArt. 1  er   : Il est instaur\u00e9 un p\u00e9rim\u00e8tre de protection aux abords du Mont-Saint-Michel du 28 juin au\n27 juillet 2025 inclus, de 8h00 \u00e0 23h00.\nArt. 2  : Le p\u00e9rim\u00e8tre de protection comprend l'ensemble du Mont-Saint-Michel intra-muros et de\nl'esplanade devant l'entr\u00e9e, la passerelle, et une partie de la baie aux abords imm\u00e9diats du Mont\net de la passerelle. Il englobe \u00e9galement les parkings et le site de \u00ab  la Caserne \u00bb, conform\u00e9ment\nau plan en annexe.\nArt. 3  : Les points d'acc\u00e8s \u00e0 ce p\u00e9rim\u00e8tre de protection se situent aux entr\u00e9es du parking, les\ncontr\u00f4les pourront \u00eatre r\u00e9alis\u00e9s \u00e0 l'int\u00e9rieur et aux abords du p\u00e9rim\u00e8tre, conform\u00e9ment au plan\nen annexe.\nArt. 4 : Les mesures de contr\u00f4le suivantes sont autoris\u00e9es :\nPour l'acc\u00e8s des pi\u00e9tons :\n- Palpations de s\u00e9curit\u00e9 par une personne de m\u00eame sexe, inspection visuelle et fouille des bagages\npar des officiers de police judiciaire mentionn\u00e9s aux 2 \u00e0 4 de l'article 16 du Code de Proc\u00e9dure\nP\u00e9nale, et sous la responsabilit\u00e9 de ceux-ci, les agents de police judiciaire mentionn\u00e9s \u00e0 l'article 20\net aux 1, 1 bis et 1 ter de l'article 21 du m\u00eame code ;\n-  Sous l'autorit\u00e9 d'un officier de police judiciaire, palpations de s\u00e9curit\u00e9, inspection visuelle et\nfouille des bagages par les agents de police municipale.\nCes  mesures  de  v\u00e9rification  sont  subordonn\u00e9es  au  consentement  des  personnes  souhaitant\nacc\u00e9der ou circuler \u00e0 l'int\u00e9rieur du p\u00e9rim\u00e8tre. En cas de refus de s'y conformer, ces personnes ne\nsont pas admises \u00e0 y p\u00e9n\u00e9trer ou peuvent \u00eatre reconduites \u00e0 l'ext\u00e9rieur du p\u00e9rim\u00e8tre par un\nofficier de police judiciaire mentionn\u00e9 aux 2 \u00e0 4 de l'article 16 du Code de Proc\u00e9dure P\u00e9nale, et\nsous la responsabilit\u00e9 de celui-ci, par un agent de police judiciaire mentionn\u00e9 \u00e0 l'article 20 et aux\n1, 1 bis et 1 ter de l'article 21 du m\u00eame code.\n2\nPr\u00e9fecture de la Manche - 50-2025-06-17-00001 - Arr\u00eat\u00e9 instituant un p\u00e9rim\u00e8tre de protection  aux abords de la commune du Mont\nSaint Michel du 28 juin au 27 juillet inclus 18\nPour l'acc\u00e8s des v\u00e9hicules :\nL'acc\u00e8s et la circulation des v\u00e9hicules \u00e0 l'int\u00e9rieur du p\u00e9rim\u00e8tre sont subordonn\u00e9s \u00e0 la visite du\nv\u00e9hicule avec le consentement du conducteur, par des officiers de police judiciaire mentionn\u00e9s\naux 2 \u00e0 4 de l'article 16 du Code de Proc\u00e9dure P\u00e9nale, et sous la responsabilit\u00e9 de ceux-ci, les\nagents de police judiciaire mentionn\u00e9s \u00e0 l'article 20 et aux 1, 1 bis et 1 ter de l'article 21 du m\u00eame\ncode ;\nArt. 5  : Les personnes devant acc\u00e9der r\u00e9guli\u00e8rement \u00e0 l'int\u00e9rieur du p\u00e9rim\u00e8tre de protection sont\ninvit\u00e9es \u00e0 se signaler \u00e0 l'autorit\u00e9 administrative afin de pouvoir faire l'objet d'une mesure de\nfiltrage acc\u00e9l\u00e9r\u00e9, sur pr\u00e9sentation d'un justificatif de domicile ou d'un contrat de travail d'une\nentreprise riveraine. Les habitants de la commune et les personnes y travaillant sont exempt\u00e9es\ndes mesures de contr\u00f4le. Toute facilit\u00e9 leur est faite pour p\u00e9n\u00e9trer et circuler librement dans le\np\u00e9rim\u00e8tre.\nArt. 6 : Le pr\u00e9sent arr\u00eat\u00e9 entre en vigueur \u00e0 compter de sa date de publication.\nArt. 7  : La directrice de cabinet, le sous-pr\u00e9fet d'Avranches, le commandant du groupement de\ngendarmerie d\u00e9partementale et les maires du Mont-Saint-Michel, de Beauvoir et de Pontorson\nsont charg\u00e9s, chacun en ce qui le concerne, de l'ex\u00e9cution de pr\u00e9sent arr\u00eat\u00e9 qui sera publi\u00e9 au\nrecueil des actes administratifs de la pr\u00e9fecture de la Manche et dont un exemplaire sera transmis\nsans d\u00e9lai au procureur de la R\u00e9publique de Coutances et aux Maires du Mont-Saint-Michel, de\nBeauvoir et de Pontorson.\nSaint-L\u00f4, le 17 juin 2025\nPour le pr\u00e9fet et par d\u00e9l\u00e9gation,\nLa directrice de cabinet\nSign\u00e9\nSt\u00e9phanie PETITJEAN\nC  opies transmises pour information  :\n- M. le procureur de la R\u00e9publique de Coutances\n- M. le sous-pr\u00e9fet d'Avranches\n- M. le commandant du groupement de gendarmerie d\u00e9partementale \n- M. le maire du Mont-Saint-Michel\n- M. le maire de Beauvoir\n- M. le maire de Pontorson\n- M. le directeur g\u00e9n\u00e9ral de l'EPIC du Mont-Saint-Michel\nDans un d\u00e9lai de deux mois \u00e0 compter de la date de la notification ou de la publication du pr\u00e9sent arr\u00eat\u00e9 au recueil des actes\nadministratifs de la pr\u00e9fecture, les recours suivants peuvent \u00eatre introduits conform\u00e9ment aux dispositions des articles R. 421-1\net suivants du code de justice administrative :\n- un recours gracieux, adress\u00e9 \u00e0 M. le pr\u00e9fet de la Manche, place de la Pr\u00e9fecture, BP 70522, 50002 SAINT-L\u00d4 Cedex ;\n- un recours hi\u00e9rarchique, adress\u00e9 \u00e0 M. le ministre de l'Int\u00e9rieur, place Beauvau, 75008 PARIS.\nDans les deux cas, le silence de l'administration vaut rejet implicite au terme d'un d\u00e9lai de deux mois.\nApr\u00e8s un recours gracieux ou hi\u00e9rarchique, le d\u00e9lai du recours contentieux ne court qu'\u00e0 compter du rejet explicite ou implicite\nde l'un de ces recours ;\n- un recours contentieux, en saisissant le tribunal administratif de Caen  : 3 rue Arthur Leduc, BP 25086, 14050 CAEN Cedex 4. Le\ntribunal administratif peut \u00e9galement \u00eatre saisi par l'application informatique \u00ab  T\u00e9l\u00e9recours citoyen \u00bb, accessible par le site\ninternet www.telerecours.fr.\n3\nPr\u00e9fecture de la Manche - 50-2025-06-17-00001 - Arr\u00eat\u00e9 instituant un p\u00e9rim\u00e8tre de protection  aux abords de la commune du Mont\nSaint Michel du 28 juin au 27 juillet inclus 19\nAnnexe de l'arr\u00eat\u00e9 instaurant un p\u00e9rim\u00e8tre de protection\naux abords du Mont-Saint-Michel\n4\nPr\u00e9fecture de la Manche - 50-2025-06-17-00001 - Arr\u00eat\u00e9 instituant un p\u00e9rim\u00e8tre de protection  aux abords de la commune du Mont\nSaint Michel du 28 juin au 27 juillet inclus 20\nUnit\u00e9 d\u00e9partementale de l'architecture et du\npatrimoine\n50-2025-02-12-00001\nAccord en vue de la cr\u00e9ation d'une aire de mise\nen valeur de l'architecture et du patrimoine\nUnit\u00e9 d\u00e9partementale de l'architecture et du patrimoine - 50-2025-02-12-00001 - Accord en vue de la cr\u00e9ation d'une aire de mise en\nvaleur de l'architecture et du patrimoine 21\nDirection r\u00e9gionale\ndes affaires culturelles\nde Normandie\nAccord en vue de la cr\u00e9ation\nd'une aire de mise en valeur de I'architecture et du patrimoine\nLe pr\u00e9fet de la Manche\nVu la loi 2016-925 du 7 juillet 2016 relative \u00e0 la libert\u00e9 de cr\u00e9ation, \u00e0 I'architecture et au patrimoine, et\nnotamment les dispositions transitoires de son article 114-1 ;\nVu le code du patrimoine, et notamment les articles L 631-1 et suivants, puis R 631-1 et suivants ;\nVu  la  d\u00e9lib\u00e9ration  du  conseil  municipal  d'Avranches,  en  date  du  27 octobre  2014,  prescrivant\nI'\u00e9laboration d'une aire de mise en valeur de l'architecture et du patrimoine (AVAP);\nVu  l'avis  favorable  de  la  commission  locale  de  l'AVAP  (CLAVAP),  en  date  du  02  mars  2023,  et  la\nd\u00e9lib\u00e9ration  du  conseil  communautaire  de  la  communaut\u00e9  d'agglom\u00e9ration  Mont  Saint-Michel\nNormandie, en date du 24 mai 2023, arr\u00eatant le projet d'AVAP ;\nVu I'avis de la commission r\u00e9gionale du patrimoine et de I'architecture (CRPA) en date du 15 juin 2023 ;\nVu I'enqu\u00eate publique qui s'est d\u00e9roul\u00e9e du 30  octobre au 29 novembre  2023 portant sur le projet\nd'AVAP ;\nVu les conclusions du commissaire enqu\u00eateur en date du 29 d\u00e9cembre 2023 ;\nVu l'avis de la CLAVAP , en date du 13 janvier 2025, favorable \u00e0 la poursuite de la proc\u00e9dure en vue de\nson approbation ;   \nVu le projet d'AVAP transmis par Monsieur le Pr\u00e9sident de la communaut\u00e9 d'agglom\u00e9ration Mont Saint-\nMichel Normandie le 13 janvier 2025 ;\nConsid\u00e9rant que le projet r\u00e9pond aux objectifs de protection et de mise en valeur tels que d\u00e9finis dans\nle code du patrimoine ;\nSur proposition du Directeur r\u00e9gional des affaires culturelles de Normandie ;\ndonne son accord\n\u00e0 la cr\u00e9ation de l'aire de mise en valeur de I'architecture et du patrimoine d'Avranches.\nFait \u00e0 Saint-L\u00f4, le 12/02/2025\nSIGNE\nXavier BRUNETIERE\nDirection r\u00e9gionale des affaires culturelles de Normandie - 13 bis, rue Saint-Ouen 14052 Caen Cedex 4\nT\u00e9l. 02.31.38.39.40\nhttps://www.culture.gouv.fr/Regions/Drac-Normandie\nUnit\u00e9 d\u00e9partementale de l'architecture et du patrimoine - 50-2025-02-12-00001 - Accord en vue de la cr\u00e9ation d'une aire de mise en\nvaleur de l'architecture et du patrimoine 22\nUnit\u00e9 d\u00e9partementale de l'architecture et du\npatrimoine\n50-2025-04-29-00004\nArr\u00eat\u00e9 n\u00b0UDAP50-2025-0001 portant\nmodification du p\u00e9rim\u00e8tre de protection des\nabords des monuments historiques d'Avranches\ndit \"P\u00e9rim\u00e8tre D\u00e9limit\u00e9 des Abords d'Avranches\nUnit\u00e9 d\u00e9partementale de l'architecture et du patrimoine - 50-2025-04-29-00004 - Arr\u00eat\u00e9 n\u00b0UDAP50-2025-0001 portant modification\ndu p\u00e9rim\u00e8tre de protection des abords des monuments historiques d'Avranches dit \"P\u00e9rim\u00e8tre D\u00e9limit\u00e9 des Abords d'Avranches 23\nDirection r\u00e9gionale\ndes affaires culturelles\nde Normandie\nArr\u00eat\u00e9 n\u00b0 UDAP 50 \u2013 2025-0001\nportant modification du p\u00e9rim\u00e8tre de protection\ndes abords des monuments historiques d'Avranches\ndit \u00ab P\u00e9rim\u00e8tre D\u00e9limit\u00e9 des Abords d'Avranches \u00bb\nLe pr\u00e9fet de la r\u00e9gion Normandie, pr\u00e9fet de la Seine-Maritime\nChevalier de la L\u00e9gion d'honneur\nOfficier de l'Ordre National du M\u00e9rite\nChevalier des Arts et des Lettres\nVU le code de l'environnement, notamment son article L 123-1 ;\nVU le code du patrimoine, notamment ses articles L 621-30 \u00e0 L 621-32 et R 621-92 \u00e0 R 621-95 ;\nVU le d\u00e9cret n\u00b02017-456 du 29 mars 2017 relatif au patrimoine mondial, aux monuments historiques et\naux sites patrimoniaux remarquables, notamment son article 25 ;\nVU l'arr\u00eat\u00e9 du 24 octobre 1935 portant inscription sur l'inventaire suppl\u00e9mentaire des monuments\nhistoriques,  de  l'Ancienne  abbaye  aux  moutons  (deux  galeries  du  clo\u00eetre  dans  la  cour  de  l'\u00e9cole\ncommunale des gar\u00e7ons) figurant au cadastre section AT sur la parcelle 19;\nVU l'arr\u00eat\u00e9 du 16  f\u00e9vrier  2006,  portant  inscription  sur  l'inventaire suppl\u00e9mentaire des monuments\nhistoriques, l'\u00c9glise Notre Dame des champs (en totalit\u00e9) figurant au cadastre section AP sur la parcelle\n625 d'une contenance de 21 a 28 ca, place Carnot.\nVU  l'arr\u00eat\u00e9  du  16  f\u00e9vrier  2006  portant  inscription  sur  l'inventaire  suppl\u00e9mentaire  des  monuments\nhistoriques,  l'\u00c9glise  Saint-Gervais-Saint-protais  (en  totalit\u00e9)  figurant  au  cadastre  section  AR  sur  la\nparcelle n\u00b0322 d'une contenance de 20 a 63 ca.\nVU l'arr\u00eat\u00e9 du 07 d\u00e9cembre 1970, portant inscription sur l'inventaire suppl\u00e9mentaire des monuments\nhistoriques, la maison \u00e0 pan de bois (fa\u00e7ades et toitures sur rues) sise \u00e0 l'angle de la place des Halles et\nde la rue Boudrie figurant au cadastre section AR sous le n\u00b0194 d'une contenance de 90ca.\nVU l'arr\u00eat\u00e9  du  14  mai  1937 ,  portant  inscription  sur  l'inventaire  suppl\u00e9mentaire  des  monuments\nhistoriques, la tour des anciennes fortifications situ\u00e9es derri\u00e8re l'h\u00f4tel de Ville. \nVU  l'arr\u00eat\u00e9 du 24 octobre 1935 portant inscription sur l'inventaire suppl\u00e9mentaire des monuments\nhistoriques, le puits provenant de l'ancienne abbaye des mouton (en totalit\u00e9), situ\u00e9 dans le Jardin des\nPlantes.  \nVU  l'arr\u00eat\u00e9  du  18  ao\u00fbt  2006  portant  inscription  sur  l'inventaire  suppl\u00e9mentaire  des  monuments\nhistoriques, la statue Valhubert avec son socle, sur la place Valhubert. \nDirection r\u00e9gionale des affaires culturelles de Normandie - 13 bis, rue Saint-Ouen 14052 Caen Cedex 4\nT\u00e9l. 02.31.38.39.40 https://www.culture.gouv.fr/Regions/Drac-Normandie\nUnit\u00e9 d\u00e9partementale de l'architecture et du patrimoine - 50-2025-04-29-00004 - Arr\u00eat\u00e9 n\u00b0UDAP50-2025-0001 portant modification\ndu p\u00e9rim\u00e8tre de protection des abords des monuments historiques d'Avranches dit \"P\u00e9rim\u00e8tre D\u00e9limit\u00e9 des Abords d'Avranches24\nVU l'arr\u00eat\u00e9  du  14  mai  1937  portant  inscription  sur  l'inventaire  suppl\u00e9mentaire  des  monuments\nhistoriques, le portail roman provenant de la chapelle Saint Georges de Bouill\u00e9 et situ\u00e9 dans le Jardin\ndes Plantes.\nVU le classement par arr\u00eat\u00e9 en date du 19 octobre 2007 , le Doyenn\u00e9 est class\u00e9 au titre des monuments\nhistoriques (en totalit\u00e9 avec le sol de la parcelle d'assiette), figurant au cadastre section AR sur la\nparcelle n\u00b087 au 26 rue de l'Auditoire.\nVU la d\u00e9lib\u00e9ration du conseil communautaire du 24 mai 2023 \u00e9mettant un avis favorable sur le \np\u00e9rim\u00e8tre d\u00e9limit\u00e9 des abords d'Avranches avant enqu\u00eate publique ;\nVU l'avis favorable de la commission r\u00e9gionale du patrimoine et de l'architecture portant sur la cr\u00e9ation\nde l'Aire de mise en valeur du patrimoine d'Avranches et sur le p\u00e9rim\u00e8tre d\u00e9limit\u00e9 des abords du 15 juin \n2023 ;\nVu l'arr\u00eat\u00e9 communautaire concernant l'ouverture d'une enqu\u00eate publique (AR2023_037) unique du 05 \noctobre 2023 portant sur l'Aire de mise en valeur du patrimoine d'Avranches et sur le p\u00e9rim\u00e8tre \nd\u00e9limit\u00e9 des abords ;\nVU les conclusions du commissaire enqu\u00eateur en date du 29 d\u00e9cembre 2023 ;\nVU l'avis favorable validant le projet  portant sur l'Aire de mise en valeur du patrimoine d'Avranches et \nsur le p\u00e9rim\u00e8tre d\u00e9limit\u00e9 des abords de la commission locale sur l'aire de valorisation du patrimoine \napr\u00e8s enqu\u00eate publique du 13 janvier 2025 ;\nVU la d\u00e9lib\u00e9ration du conseil communautaire en date du 25 f\u00e9vrier 2025 approuvant le projet de \ncr\u00e9ation de p\u00e9rim\u00e8tre d\u00e9limit\u00e9 des abords autour des monuments historiques d'Avranches et faisant \nsuite \u00e0 l'enqu\u00eate publique ; \nConsid\u00e9rant que la cr\u00e9ation d'un p\u00e9rim\u00e8tre d\u00e9limit\u00e9 des abords permet de d\u00e9signer des immeubles ou\ndes  ensembles  d'immeubles  qui  forment  avec  les  monuments  historiques  un  ensemble  coh\u00e9rent\nsusceptible de contribuer \u00e0 leur conservation ou leur mise en valeur ;\nConsid\u00e9rant que  l'ensemble  des  monuments  historiques  d'Avranches  forment  un  ensemble\nexceptionnel du point de vue de l'histoire et de l'architecture et que leurs abords, qui forment un \u00e9crin\ncoh\u00e9rent et identitaire tant paysager qu'urbain, m\u00e9ritent d'\u00eatre pr\u00e9serv\u00e9s ;\nConsid\u00e9rant que le p\u00e9rim\u00e8tre d\u00e9limit\u00e9 des abor ds des monuments historiques d'Avranches forme un\nensemble coh\u00e9rent et contribue \u00e0 pr\u00e9server un patrimoine historique exceptionnel ;\nSur proposition du directeur r\u00e9gional des affaires culturelles de Normandie ;\nA R R E T E\nArticle 1  : Le p\u00e9rim\u00e8tre d\u00e9limit\u00e9 des abords des monuments historiques pr\u00e9sents sur la commune\nd'Avranches \u00e0 la date du pr\u00e9sent arr\u00eat\u00e9 est cr\u00e9\u00e9 selon le plan joint en annexe. Le trac\u00e9 plein y figurant\ndevient le nouveau p\u00e9rim\u00e8tre des abords de ces monuments historiques ;\nArticle 2  : Le secr\u00e9taire g\u00e9n\u00e9ral pour les affaires r\u00e9gionales de Normandie, le directeur r\u00e9gional des\naffaires  culturelles  de  Normandie,  la  cheffe  de  l'unit\u00e9  d\u00e9partementale  de  l'architecture  et  du\npatrimoine de la Manche sont charg\u00e9s, chacun en ce qui le concerne, de l'ex\u00e9cution du pr\u00e9sent arr\u00eat\u00e9,\nqui sera publi\u00e9 au recueil des actes administratifs de la r\u00e9gion Normandie.\nFait \u00e0 Rouen, le 29/04/2025\nSIGNE\nJean-Beno\u00eet ALBERTINI\nDirection r\u00e9gionale des affaires culturelles de Normandie - 13 bis, rue Saint-Ouen 14052 Caen Cedex 4\nT\u00e9l. 02.31.38.39.40 https://www.culture.gouv.fr/Regions/Drac-Normandie\nUnit\u00e9 d\u00e9partementale de l'architecture et du patrimoine - 50-2025-04-29-00004 - Arr\u00eat\u00e9 n\u00b0UDAP50-2025-0001 portant modification\ndu p\u00e9rim\u00e8tre de protection des abords des monuments historiques d'Avranches dit \"P\u00e9rim\u00e8tre D\u00e9limit\u00e9 des Abords d'Avranches25\nP\u00e9rim\u00e8tre D\u00e9limit\u00e9 des Abords sur la commune d'Avranches\nDirection r\u00e9gionale des affaires culturelles de Normandie - 13 bis, rue Saint-Ouen 14052 Caen Cedex 4\nT\u00e9l. 02.31.38.39.40 https://www.culture.gouv.fr/Regions/Drac-Normandie\nUnit\u00e9 d\u00e9partementale de l'architecture et du patrimoine - 50-2025-04-29-00004 - Arr\u00eat\u00e9 n\u00b0UDAP50-2025-0001 portant modification\ndu p\u00e9rim\u00e8tre de protection des abords des monuments historiques d'Avranches dit \"P\u00e9rim\u00e8tre D\u00e9limit\u00e9 des Abords d'Avranches 26","date":"2025-06-17","first_seen_on":"2025-06-17T16:19:34+00:00","id":"e7c4be9c30a3b3df657bb8ad5ff1f2e0c681659c9d0ad3edc074b4aabd1a3af9","name":"recueil-50-2025-021 RAA-special","pdf_creation_date":"2025-06-17T13:23:24+00:00","pdf_modification_date":null,"timezone":"Europe/Paris","url":"https://www.manche.gouv.fr/contenu/telechargement/65426/501767/file/recueil-50-2025-021%20RAA-special.pdf"}
