{"administration":"pref50","administration_name":"Pr\u00e9fecture de la Manche","content":"| 3 SECRETARIAT GENERALPREFET inati iti ,Service de la coordination des politiques publiquesDE LA MANCHE et de l'appui territorial\u00c9galit\u00e9Fraternit\u00e9\nArr\u00eat\u00e9 n\u00b02025-05 - VN\nARR\u00caT\u00c9confiant la suppl\u00e9ance du poste de M. le Pr\u00e9fet de la Manchele 21 f\u00e9vrier 2025Le Pr\u00e9fet de la Manche,Chevalier de la L\u00e9gion d'HonneurChevalier de l'Ordre national du M\u00e9rite\nVU la loi n\u00b0 82-213 du 3 mars 1982 modifi\u00e9e relative aux droits et libert\u00e9s descommunes, des d\u00e9partements et des r\u00e9gions ;VU la loi d'orientation n\u00b0 92-125 du 6 f\u00e9vrier 1992 modifi\u00e9e relative \u00e0 l'administrationterritoriale de la R\u00e9publique ;VU le d\u00e9cret n\u00b0 2004-374 du 29 avril 2004 modifi\u00e9 relatif aux pouvoirs des pr\u00e9fets, \u00e0l'organisation et \u00e0 l'action des services de l'\u00c9tat dans les r\u00e9gions et d\u00e9partements ;VU le d\u00e9cret du 13 juillet 2023 portant nomination de M. Xavier BRUNETIERE, pr\u00e9fet de laManche ;VU le d\u00e9cret du 25 ao\u00fbt 2023 portant nomination de Mme St\u00e9phanie PETITJEAN, sous-pr\u00e9f\u00e8te, directrice de cabinet du pr\u00e9fet de la Manche ;SUR proposition de la secr\u00e9taire g\u00e9n\u00e9rale de la pr\u00e9fecture,\nARR\u00caTE\nARTICLE 1\u00b0 : Mme St\u00e9phanie PETITJEAN, en qualit\u00e9 de sous-pr\u00e9f\u00e8te, directrice de cabinetdu Pr\u00e9fet, est charg\u00e9e d'assurer la suppl\u00e9ance du poste de pr\u00e9fet le vendredi 21 f\u00e9vrier2025.ARTICLE 2 : D\u00e9l\u00e9gation de signature est donn\u00e9e, \u00e0 ce titre, \u00e0 Mme St\u00e9phanie PETITJEANen toutes mati\u00e8res relevant des attributions du repr\u00e9sentant de l'\u00c9tat dans led\u00e9partement \u00e0 l'effet d'exercer pleinement cette responsabilit\u00e9.\nBP 70522 - 50002 SAINT-LO CEDEX - T\u00e9l. : 02.33.75.49.50 - M\u00e9l. : prefecture@manche.gouv.frAccueil du public les lundi, mardi, jeudi et vendredi 7bureau des migrations et de l'int\u00e9gration de 8h30 \u00e0 12h - point accueil num\u00e9rique de 8h30 \u00e0 12h30 de )www.manche.gouv.fr |Accueil g\u00e9n\u00e9ral ouvert du lundi au vendredi de 8h30 \u00e0 12h30 et de 14h \u00e0 17h\n\nARTICLE 3 : La secr\u00e9taire g\u00e9n\u00e9rale de la pr\u00e9fecture et Mme St\u00e9phanie PETITJEAN, sous-pr\u00e9f\u00e9te, directrice de cabinet du Pr\u00e9fet, sont charg\u00e9es, chacun en ce qui la concerne, del'ex\u00e9cution du pr\u00e9sent arr\u00eat\u00e9 qui sera publi\u00e9 au recueil des actes administratifs de lapr\u00e9fecture.\nSAINT-LO, le 14 f\u00e9vrier 2025\nXavier BRUNETIERE\n\nCopie transmise \u00e0 :Secr\u00e9tariat de M. le pr\u00e9fetMme St\u00e9phanie PETITJEAN, directrice de cabinetMM. les sous-pr\u00e9fets d'Avranches, de Cherbourg et de CoutancesMme la secr\u00e9taire g\u00e9n\u00e9raleMme la directrice des collectivit\u00e9s, de la citoyennet\u00e9 et de la l\u00e9galit\u00e9Recueil des actes administratifs","date":"2025-02-17","first_seen_on":"2025-02-17T15:11:49+00:00","id":"e7d031a0eb01c118e65699331e5ddedb37089c6f62634a5338792c0f47a0960d","name":"RAA sp\u00e9cial d\u00e9l\u00e9gation de signature n\u00b032","pdf_creation_date":"2025-02-17T13:31:47+00:00","pdf_modification_date":"2025-02-17T13:48:26+00:00","timezone":"CET","url":"https://www.manche.gouv.fr/contenu/telechargement/63931/489746/file/Suppl%C3%A9ance%20pr%C3%A9fet%2025-05%20-%2021%20f%C3%A9vrier%202025.pdf"}
