{"administration":"pref30","administration_name":"Pr\u00e9fecture du Gard","content":"PR\u00c9FET\nDU GARD\nRECUEIL DES ACTES\nADMINISTRATIFS SP\u00c9CIAL\nN\u00b030-2026-022\nPUBLI\u00c9 LE  3 F\u00c9VRIER 2026\nSommaire\nDREAL_Direction r\u00e9gionale de l'environnement, de l'am\u00e9nagement et du\nlogement d'Auvergne-Rh\u00f4ne-Alpes (si\u00e8ge \u00e0 LYON) / Secr\u00e9tariat\nG\u00e9n\u00e9ral\n30-2026-02-02-00006 - ARR\u00caT\u00c9 N\u00b0DREAL-SG-2026-015\nportant\nsubd\u00e9l\u00e9gation de signature aux agents de la DREAL\nAuvergne-Rh\u00f4ne-Alpes\npour le d\u00e9partement du Gard (4 pages) Page 3\nPrefecture du Gard /\n30-2026-02-03-00001 - Arr\u00eat\u00e9 donnant d\u00e9l\u00e9gation de signature \u00e0\nMonsieur le colonel S\u00e9bastien PALETTI, directeur d\u00e9partemental des\nservices d'incendie et de secours du Gard (3 pages) Page 8\n2\nDREAL_Direction r\u00e9gionale de l'environnement,\nde l'am\u00e9nagement et du logement\nd'Auvergne-Rh\u00f4ne-Alpes (si\u00e8ge \u00e0 LYON)\n30-2026-02-02-00006\nARR\u00caT\u00c9 N\u00b0DREAL-SG-2026-015\nportant subd\u00e9l\u00e9gation de signature aux agents\nde la DREAL Auvergne-Rh\u00f4ne-Alpes\npour le d\u00e9partement du Gard\nDREAL_Direction r\u00e9gionale de l'environnement, de l'am\u00e9nagement et du logement d'Auvergne-Rh\u00f4ne-Alpes (si\u00e8ge \u00e0 LYON) -\n30-2026-02-02-00006 - ARR\u00caT\u00c9 N\u00b0DREAL-SG-2026-015\nportant subd\u00e9l\u00e9gation de signature aux agents de la DREAL Auvergne-Rh\u00f4ne-Alpes\npour le d\u00e9partement du Gard\n3\nPREFETDU GARDLibert\u00e9Egalit\u00e9Fraternit\u00e9\nDirection r\u00e9gionale de l'environnement,\nde l'am\u00e9nagement et du logement\nAuvergne-Rh\u00f4ne-Alpes\nLyon, le 02 f\u00e9vrier 2026\nARR\u00caT\u00c9 N\u00b0DREAL-SG-2026-015\nportant subd\u00e9l\u00e9gation de signature aux agents de la DREAL Auvergne-Rh\u00f4ne-Alpes\npour le d\u00e9partement du Gard\nLE DIRECTEUR R\u00c9GIONAL\nDE L'ENVIRONNEMENT, DE L'AM\u00c9NAGEMENT, ET DU LOGEMENT\nDE LA R\u00c9GION AUVERGNE-RH\u00d4NE-ALPES\nVU le d\u00e9cret n\u00b02004-374 du 29  avril 2004 modifi\u00e9 relatif aux pouvoirs des pr\u00e9fets, \u00e0 l'organisation et \u00e0 l'action  \ndes services de l'\u00c9tat dans les r\u00e9gions et d\u00e9partements ;\nVU le  d\u00e9cret  n\u00b02009-235  du  27 f\u00e9vrier 2009  modifi\u00e9  relatif  \u00e0  l'organisation  et  aux  missions  des  directions \nr\u00e9gionales de l'environnement, de l'am\u00e9nagement et du logement ;\nVU le d\u00e9cret n\u00b02019-1594 du 31 d\u00e9cembre 2019 relatif aux emplois de direction de l'\u00c9tat ;\nVU le d\u00e9cret n\u00b02015-510 du 07 mai 2015 portant charte de la d\u00e9concentration ;\nVU le d\u00e9cret du 13 juillet 2023 nommant M. J\u00e9r\u00f4me BONET, pr\u00e9fet du Gard ;\nVU l'arr\u00eat\u00e9 pr\u00e9fectoral n\u00b0 2025-339 du 2 d\u00e9cembre 2025 de la Pr\u00e9f\u00e8te de la r\u00e9gion AuRA portant organisation de \nla direction r\u00e9gionale de l'environnement, de l'am\u00e9nagement et du logement d'Auvergne-Rh\u00f4ne-Alpes ;\nVU u l'arr\u00eat\u00e9 minist\u00e9riel du 18 d\u00e9cembre 2025 NOR : TECK2531286A portant nomination de M. Olivier DAVID,  \ning\u00e9nieur g\u00e9n\u00e9ral des mines, en tant que directeur r\u00e9gional de l'environnement, de l'am\u00e9nagement et du  \nlogement Auvergne-Rh\u00f4ne-Alpes \u00e0 compter du 01 f\u00e9vrier 2026 ;\nVU l'arr\u00eat\u00e9 pr\u00e9fectoral n\u00b0 30-2026-01-27-00003 du 27  janvier 2026 portant d\u00e9l\u00e9gation de signature \u00e0 M. Olivier  \nDAVID directeur r\u00e9gional de l'environnement, de l'am\u00e9nagement et du logement de la r\u00e9gion Auvergne-\nRh\u00f4ne-Alpes pour le d\u00e9partement du Gard ;\nVU la convention de d\u00e9l\u00e9gation de gestion de certaines missions de contr\u00f4le de la concession g\u00e9n\u00e9rale pour  \nl'am\u00e9nagement du Rh\u00f4ne entre la fronti\u00e8re suisse et la mer au triple point de vue des forces motrices, de la  \nnavigation et des irrigations et autres usages agricoles conclue entre Monsieur le pr\u00e9fet du Gard et la  \ndirection r\u00e9gionale de l'environnement, l'am\u00e9nagement et du logement Auvergne-Rh\u00f4ne-Alpes et approuv\u00e9e  \nle 23 janvier 2019 ;\nARR\u00caTE\nAdresse postale : 69453 LYON CEDEX 06                                                                                                                   Subd\u00e9l\u00e9gation \u2013 Gard (30)\nStandard : 04 26 28 60 00\nwww.auvergne-rhone-alpes.developpement-durable.gouv.fr 1/4\nDREAL_Direction r\u00e9gionale de l'environnement, de l'am\u00e9nagement et du logement d'Auvergne-Rh\u00f4ne-Alpes (si\u00e8ge \u00e0 LYON) -\n30-2026-02-02-00006 - ARR\u00caT\u00c9 N\u00b0DREAL-SG-2026-015\nportant subd\u00e9l\u00e9gation de signature aux agents de la DREAL Auvergne-Rh\u00f4ne-Alpes\npour le d\u00e9partement du Gard\n4\nARTICLE 1 :  \nPour l'ensemble des actes et d\u00e9cisions vis\u00e9s dans l'arr\u00eat\u00e9 pr\u00e9fectoral susvis\u00e9 portant d\u00e9l\u00e9gation de signature \u00e0  \nOlivier  DAVID,  directeur  r\u00e9gional  de  l'environnement,  de  l'am\u00e9nagement  et  du  logement  de  la  r\u00e9gion  \nAuvergne-Rh\u00f4ne-Alpes pour le d\u00e9partement du Gard,\nsubd\u00e9l\u00e9gation de signature est donn\u00e9e \u00e0 :\nNOM Pr\u00e9nom Service P\u00f4le\nDURAND Renaud DIR /\nBORREL Didier DIR /\nPAPOUIN Matthieu DIR /\nR\u00c9GNIER \u00c9lise DIR /\nARTICLE 2 : EXCLUSIONS\n 2.1. EXCLUSIONS\nSont exclus de la subd\u00e9l\u00e9gation consentie dans le pr\u00e9sent arr\u00eat\u00e9 :\n\u2022 les conventions liant l'\u00c9tat aux collectivit\u00e9s territoriales \u00e0 leurs groupements et \u00e0 leurs \u00e9tablissements  \npublics, \u00e0 l'exception de celles relatives \u00e0 la gestion du domaine conc\u00e9d\u00e9 ;\n\u2022 les circulaires aux maires ;\n\u2022 toutes correspondances adress\u00e9es aux pr\u00e9sidents des assembl\u00e9es r\u00e9gionales et d\u00e9partementales ;\n\u2022 les r\u00e9ponses aux interventions des parlementaires et des conseillers g\u00e9n\u00e9raux lorsqu'elles portent sur  \ndes comp\u00e9tences relevant de l'\u00c9tat ;\n\u2022 les d\u00e9cisions qui ont trait \u00e0 l'exercice des comp\u00e9tences d\u00e9volues au Pr\u00e9fet en mati\u00e8re de contr\u00f4le  \nadministratif des communes, des d\u00e9partements et de leurs \u00e9tablissements publics.\n 2.2. GESTION DU DOMAINE CONC\u00c9D\u00c9\nSont bien incluses dans la pr\u00e9sente d\u00e9l\u00e9gation :\n\u2022 les conventions liant l'\u00c9tat aux collectivit\u00e9s territoriales \u00e0 leurs groupements et \u00e0 leurs \u00e9tablissements  \npublics, relatives \u00e0 la gestion du domaine conc\u00e9d\u00e9.\nARTICLE 3 :  \nDans les limites de leurs attributions fonctionnelles et territoriales et de leurs domaines de comp\u00e9tences  \nd\u00e9finis  par l'arr\u00ea t\u00e9  susvis\u00e9 de  la  pr\u00e9f\u00e8te  de  r \u00e9gion,  portant  organisation  de  la  direction  r\u00e9gionale  de  \nl'environnement, de l'am\u00e9nagement et du logement (DREAL), d\u00e9l\u00e9gation de signature est accord\u00e9e  selon les \nconditions fix\u00e9es aux articles suivants et selon les limites fix\u00e9es \u00e0 l'article 2.\n 3.1. DANS LE DOMAINE DE LA POLICE DE L'EAU\n\u00c0 l'effet de signer :\n\u2022 tous les documents et actes, dont les arr\u00eat\u00e9s de prorogation de d\u00e9lais, relatifs \u00e0 la proc\u00e9dure de  \nd\u00e9claration ou d'autorisation des installations, ouvrages, travaux et activit\u00e9s (IOTA) en application des  \narticles L.211-1, L.214-1 et suivants et R.214-1 et suivants du code de l'environnement, ainsi que ceux  \nrelatifs \u00e0 la proc\u00e9dure d'autorisation environnementale en application des articles L.181-1 et R.181-1 et  \nsuivants, \u00e0 l'exception :\n\u25e6 des r\u00e9c\u00e9piss\u00e9s de d\u00e9p\u00f4t de demande d'autorisations et d\u00e9clarations ;\n\u25e6 des certificats de projet ;\n\u25e6 des d\u00e9clarations de compl\u00e9tude des dossiers de d\u00e9clarations ;\n\u25e6 de tout acte n\u00e9cessitant l'avis pr\u00e9alable du CODERST ;\n\u25e6 des arr\u00eat\u00e9s de prescriptions sp\u00e9cifiques et d'opposition \u00e0 d\u00e9claration ;\n\u25e6 des arr\u00eat\u00e9s de refus, de prescription compl\u00e9mentaire, d'autorisation, et des arr\u00eat\u00e9s modificatifs ;\nAdresse postale : 69 453 LYON CEDEX 06                                                                                                                   Subd\u00e9l\u00e9gation \u2013 Gard (30)\nStandard : 04 26 28 60 00\nwww.auvergne-rhone-alpes.developpement-durable.gouv.fr 2/4\nDREAL_Direction r\u00e9gionale de l'environnement, de l'am\u00e9nagement et du logement d'Auvergne-Rh\u00f4ne-Alpes (si\u00e8ge \u00e0 LYON) -\n30-2026-02-02-00006 - ARR\u00caT\u00c9 N\u00b0DREAL-SG-2026-015\nportant subd\u00e9l\u00e9gation de signature aux agents de la DREAL Auvergne-Rh\u00f4ne-Alpes\npour le d\u00e9partement du Gard\n5\n\u2022 tous documents ou actes de proc\u00e9dure n\u00e9cessaires \u00e0 la mise en \u0153uvre de la proc\u00e9dure de police  \nadministrative de l'environnement, conform\u00e9ment au titre VII \u2013 Dispositions communes relatives aux  \ncontr\u00f4les et aux sanctions \u2013 du livre  1 du code de l'environnement, \u00e0 l'exception de la d\u00e9cision portant  \nmise en demeure et de la d\u00e9cision portant sanctions administratives ;\nsubd\u00e9l\u00e9gation de signature est donn\u00e9e \u00e0 :\nNOM Pr\u00e9nom Service P\u00f4le\nDAYET Laurence EHN /\nGRAVIER Marie-H\u00e9l\u00e8ne EHN /\nANANY \u00c9meline EHN PACH\nBELROSE Yoann EHN PACH\nBORNARD Damien EHN PACH\nCHARLEMAGNE Isabelle EHN PACH\nCROSNIER J\u00e9rome EHN PACH\nGIBIER Blandine EHN PACH\nGUERINEAU Juliette EHN PACH\nJACOB Caroline EHN PACH\nKANTA Denise EHN PACH\nLOUVET Marnix EHN PACH\nOURAHMOUNE Safia EHN PACH\nPRUD'HOMME H\u00e9l\u00e8ne EHN PACH\nTROUILLARD Fanny EHN PACH\n 3.2. DANS LE DOMAINE DE LA CONCESSION HYDRO\u00c9LECTRIQUE DU RH\u00d4NE\n\u00c0 l'effet de signer :\n\u2022 tous les documents et actes relatifs aux missions de gestion et de contr\u00f4le de la concession g\u00e9n\u00e9rale \u00e0  \nl'am\u00e9nagement du Rh\u00f4ne, d\u00e9finis dans la convention de d\u00e9l\u00e9gation de gestion de certaines missions de  \ncontr\u00f4le de la concession g\u00e9n\u00e9rale pour l'am\u00e9nagement du Rh\u00f4ne entre la fronti\u00e8re Suisse et la Mer au  \ntriple point de vue des forces motrices, de la navigation et des irrigations et autres usages agricoles ;\nsubd\u00e9l\u00e9gation de signature est donn\u00e9e \u00e0 :\nNOM Pr\u00e9nom Service P\u00f4le\nDAYET Laurence EHN /\nGRAVIER Marie-H\u00e9l\u00e8ne EHN /\nANAMOUTOU Ana\u00efs EHN PACH\nBOULARD Fabrice EHN PACH\nBOURG Cyril EHN PACH\nCHARLEMAGNE Isabelle EHN PACH\nCROSNIER J\u00e9rome EHN PACH\nFALCONNIER Pierre EHN PACH\nGIRAUD Samuel EHN PACH\nLEPINAY Alexis EHN PACH\nARTICLE 4 :  \nL'arr\u00eat\u00e9 DREAL-SG-2025-100 du 29 octobre 2025 port ant subd\u00e9l\u00e9gation de signature aux agents de la DREAL  \nAuvergne-Rh\u00f4ne-Alpes pour le d\u00e9partement du Gard est abrog\u00e9.\nARTICLE 5 :  \nLe pr\u00e9sent arr\u00eat\u00e9 peut faire l'objet d'un recours contentieux devant le tribunal administratif de N\u00eemes dans un  \nd\u00e9lai de deux mois \u00e0 compter de sa publication. Le tribunal administratif peut \u00eatre saisi d'une requ\u00eate d\u00e9pos\u00e9e  \nsur le site www.telerecours.fr.\nAdresse postale : 69 453 LYON CEDEX 06                                                                                                                   Subd\u00e9l\u00e9gation \u2013 Gard (30)\nStandard : 04 26 28 60 00\nwww.auvergne-rhone-alpes.developpement-durable.gouv.fr 3/4\nDREAL_Direction r\u00e9gionale de l'environnement, de l'am\u00e9nagement et du logement d'Auvergne-Rh\u00f4ne-Alpes (si\u00e8ge \u00e0 LYON) -\n30-2026-02-02-00006 - ARR\u00caT\u00c9 N\u00b0DREAL-SG-2026-015\nportant subd\u00e9l\u00e9gation de signature aux agents de la DREAL Auvergne-Rh\u00f4ne-Alpes\npour le d\u00e9partement du Gard\n6\nARTICLE 6 :  \nLe directeur r\u00e9gional de l'environnement, de l'am\u00e9nagement et du logement de la r\u00e9gion Auvergne-Rh\u00f4ne-Alpes  \nest charg\u00e9 de l' ex\u00e9cution de cet arr\u00eat\u00e9 qui sera publi\u00e9 au recueil des actes administratifs du d\u00e9partement du  \nGard.\nPour le pr\u00e9fet du Gard,\net par d\u00e9l\u00e9gation,\nle directeur r\u00e9gional\nde l'environnement, de l'am\u00e9nagement et du logement,\nde la r\u00e9gion Auvergne-Rh\u00f4ne-Alpes,\nSign\u00e9\nOlivier DAVID\nAdresse postale : 69 453 LYON CEDEX 06                                                                                                                   Subd\u00e9l\u00e9gation \u2013 Gard (30)\nStandard : 04 26 28 60 00\nwww.auvergne-rhone-alpes.developpement-durable.gouv.fr 4/4\nDREAL_Direction r\u00e9gionale de l'environnement, de l'am\u00e9nagement et du logement d'Auvergne-Rh\u00f4ne-Alpes (si\u00e8ge \u00e0 LYON) -\n30-2026-02-02-00006 - ARR\u00caT\u00c9 N\u00b0DREAL-SG-2026-015\nportant subd\u00e9l\u00e9gation de signature aux agents de la DREAL Auvergne-Rh\u00f4ne-Alpes\npour le d\u00e9partement du Gard\n7\nPrefecture du Gard\n30-2026-02-03-00001\nArr\u00eat\u00e9 donnant d\u00e9l\u00e9gation de signature \u00e0\nMonsieur le colonel S\u00e9bastien PALETTI, directeur\nd\u00e9partemental des services d'incendie et de\nsecours du Gard\nPrefecture du Gard - 30-2026-02-03-00001 - Arr\u00eat\u00e9 donnant d\u00e9l\u00e9gation de signature \u00e0 Monsieur le colonel S\u00e9bastien PALETTI, directeur\nd\u00e9partemental des services d'incendie et de secours du Gard 8\nEuPREFETDU GARDLibert\u00e9Egalit\u00e9Fraternit\u00e9\nDirection de la citoyennet\u00e9, de la l\u00e9galit\u00e9 et de la coordination administrative\nService de la coordination des politiques publiques \net de l'appui territorial\nArr\u00eat\u00e9\ndonnant d\u00e9l\u00e9gation de signature \u00e0 Monsieur le colonel S\u00e9bastien PALETTI\ndirecteur d\u00e9partemental des services d'incendie et de secours du Gard \nLe pr\u00e9fet du Gard\nChevalier de la L\u00e9gion d'honneur,\nOfficier de l'ordre national du M\u00e9rite \nVu le code g\u00e9n\u00e9ral des collectivit\u00e9s territoriales, article L. 1424-33\u00a0;\nVu la  loi  n\u00b0  82-213  du  2  mars  1982  relative  aux  droits  et  libert\u00e9s  des  communes,  des \nd\u00e9partements et des r\u00e9gions, notamment son article 34\u00a0;\nVu la loi n\u00b0 87-565 du 22 juillet 1987 relative \u00e0 l'organisation de la s\u00e9curit\u00e9 civile, \u00e0 la \nprotection de la for\u00eat contre l'incendie et la pr\u00e9vention des risques majeurs\u00a0;\nVu le d\u00e9cret n\u00b0 97-34 du 15 janvier 1997 modifi\u00e9 relatif \u00e0 la d\u00e9concentration des d\u00e9cisions ad -\nministratives individuelles ;\nVu le d\u00e9cret n\u00b0 97-1225 du 26 d\u00e9cembre 1997 relatif \u00e0 l'organisation des services d'incendie  \net de secours\u00a0;\nVu le d\u00e9cret n\u00b0 2004-374 du 29 avril 2004 relatif aux pouvoirs des pr\u00e9fets, \u00e0 l'organisation et \u00e0  \nl'action des services de l'Etat dans les r\u00e9gions et d\u00e9partements ;\nVu le d\u00e9cret n\u00b0 2008-158 du 22 f\u00e9vrier  2008 relatif \u00e0 la suppl\u00e9ance des pr\u00e9fets de r\u00e9gion et \u00e0  \nla  d\u00e9l\u00e9gation  de  signature  des  pr\u00e9fets  et  des  hauts  commissaires  de  la  R\u00e9publique  en \nPolyn\u00e9sie fran\u00e7aise et en Nouvelle-Cal\u00e9donie\u00a0;\nVu le d\u00e9cret n\u00b0 2009-176 du 16 f\u00e9vrier 2009 modifiant le d\u00e9cret n\u00b0 64-805 du 29 juillet 1964  \nfixant les dispositions r\u00e9glementaires applicables aux pr\u00e9fets et le d\u00e9cret n\u00b0 2004-374 du 29  \navril 2004 relatif aux pouvoirs des pr\u00e9fets, \u00e0 l'organisation et \u00e0 l'action des services de l'Etat  \ndans les r\u00e9gions et d\u00e9partements\u00a0;\nVu le d\u00e9cret n\u00b0 2015-510 du 7 mai 2015 portant charte de la d\u00e9concentration ;\nVu le d\u00e9cret n\u00b0 2016-2003 du 30 d\u00e9cembre 2016 relatif \u00e0 l'emploi de directeur d\u00e9partemental  \net directeur d\u00e9partemental adjoint des services d'incendie et de secours\u00a0; \nVu le d\u00e9cret du 13 juillet 2023 nommant M. J\u00e9r\u00f4me BONET, pr\u00e9fet du Gard\u00a0;\nVu l'arr\u00eat\u00e9 n\u00b02026-327 du 29 janvier 2026 portant recrutement par voie de mutation de M. \nS\u00e9bastien  PALETTI,  colonel  hors  classe  de  sapeurs-pompiers  professionnels  du  service \nd'incendie et de secours de haute-Savoie, au service d\u00e9partemental d'incendie et de secours  \ndu Gard, \u00e0 compter du 1er f\u00e9vrier 2026 ;\nPrefecture du Gard - 30-2026-02-03-00001 - Arr\u00eat\u00e9 donnant d\u00e9l\u00e9gation de signature \u00e0 Monsieur le colonel S\u00e9bastien PALETTI, directeur\nd\u00e9partemental des services d'incendie et de secours du Gard 9\nVu l'arr\u00eat\u00e9 n\u00b020266329 du  29 janvier 2026 portant d\u00e9tachement de  M. S\u00e9bastien PALETTI , \ncolonel hors classe de sapeurs-pompiers professionnels du service d'incendie et de secours  \ndu  Gard,  sur  l'emploi  fonctionnel  de  directeur  d\u00e9partemental  du  service  d\u00e9partemental \nd'incendie et de secours du Gard ;\nVu l'arr\u00eat\u00e9 n\u00b030-2025-09-0800001 du 8 septembre 2025 donnant d\u00e9l\u00e9gation de signature \u00e0  M. \nle colonel Thierry CARRET, directeur d\u00e9partemental des services d'incendie et de secours du  \nGard par interim ;\nConsid\u00e9rant la gestion administrative interne des subd\u00e9l\u00e9gations de signature au sein des  \nservices d'incendie et de secours du Gard ;\nSur proposition du secr\u00e9taire g\u00e9n\u00e9ral de la pr\u00e9fecture du Gard\u00a0;\nArr\u00eate\nArticle 1\u00a0: D\u00e9l\u00e9gation de signature est donn\u00e9e \u00e0  M. S\u00e9bastien PALETTI,  colonel des sapeurs-\npompiers professionnels,  directeur d\u00e9partemental des services d'incendie et de secours du  \nGard, \u00e0 l'effet de signer les documents et correspondances n\u00e9cessaires \u00e0 l'exercice des mis -\nsions qu'il assure sous l'autorit\u00e9 du pr\u00e9fet du Gard, \u00e0 savoir :\n-la direction op\u00e9rationnelle du corps d\u00e9partemental des sapeurs-pompiers,\n-la direction des actions de pr\u00e9vention relevant du service d\u00e9partemental d'incendie \net de secours,\n-la mise en oeuvre op\u00e9rationnelle de l'ensemble des moyens de secours et de lutte  \ncontre contre l'incendie.\nCette d\u00e9l\u00e9gation s'exerce \u00e0 l'exception :\n- des arr\u00eat\u00e9s \u00e0 caract\u00e8re r\u00e9glementaire ;\n- des actes portant nomination des membres de comit\u00e9s, conseils et commissions ;\n- des d\u00e9cisions attributives de subventions ;\n- des correspondances destin\u00e9es aux administrations centrales, aux parlementaires,\nau pr\u00e9sident du conseil d\u00e9partemental et \u00e9lus lorsqu'elles n'ont pas le caract\u00e8re de \ncorrespondances relatives \u00e0 la gestion courante ou au fonctionnement du service. \nArticle 2\u00a0: M. le colonel S\u00e9bastien PALETTI, directeur d\u00e9partemental des services d'incendie et \nde  secours  du  Gard  peut,  sous  sa  responsabilit\u00e9,  subd\u00e9l\u00e9guer  sa  signature  \u00e0  ses \ncollaborateurs, \u00e0 l'effet de signer toutes les d\u00e9cisions concernant les mati\u00e8res \u00e9num\u00e9r\u00e9es \u00e0  \nl'article 1er\n du pr\u00e9sent arr\u00eat\u00e9. \nIl d\u00e9finira, \u00e0 cet effet, par d\u00e9cision, prise au nom du pr\u00e9fet, la liste de ses collaborateurs  \nhabilit\u00e9s \u00e0 signer les actes, \u00e0 sa place.\nCette d\u00e9cision, dont un exemplaire sera adress\u00e9 au pr\u00e9fet et publi\u00e9 au recueil des actes  \nadministratifs de la pr\u00e9fecture, visera le pr\u00e9sent arr\u00eat\u00e9.\nArticle  3\u00a0:  La  signature  du  d\u00e9l\u00e9gataire  ou  du  subd\u00e9l\u00e9gataire  et  sa  qualit\u00e9  devront  \u00eatre \npr\u00e9c\u00e9d\u00e9es de la mention suivante\u00a0: \u00ab\u00a0pour le pr\u00e9fet et par d\u00e9l\u00e9gation\u00a0\u00bb.\nPrefecture du Gard - 30-2026-02-03-00001 - Arr\u00eat\u00e9 donnant d\u00e9l\u00e9gation de signature \u00e0 Monsieur le colonel S\u00e9bastien PALETTI, directeur\nd\u00e9partemental des services d'incendie et de secours du Gard 10\nArticle  4\u00a0:  l'arr\u00eat\u00e9  n\u00b030-2025-09-0800001  du  8  septembre  2025  donnant  d\u00e9l\u00e9gation  de \nsignature \u00e0 M. le colonel Thierry CARRET, directeur d\u00e9partemental des services d'incendie et  \nde secours du Gard par interim est abrog\u00e9\nArticle 6 : Le pr\u00e9sent arr\u00eat\u00e9 prend effet d\u00e8s sa publication.\nArticle 7 : Le secr\u00e9taire g\u00e9n\u00e9ral de la pr\u00e9fecture  du Gard et le directeur d\u00e9partemental des  \nservices d'incendie et de secours par interim sont charg\u00e9s, chacun en ce qui le concerne, de  \nl'ex\u00e9cution du pr\u00e9sent arr\u00eat\u00e9, qui sera publi\u00e9 au recueil des actes administratifs de la pr\u00e9fec -\nture.\nN\u00eemes, le 3 f\u00e9vrier 2026\n     Le pr\u00e9fet,\n           sign\u00e9\n  J\u00e9r\u00f4me BONET\nPrefecture du Gard - 30-2026-02-03-00001 - Arr\u00eat\u00e9 donnant d\u00e9l\u00e9gation de signature \u00e0 Monsieur le colonel S\u00e9bastien PALETTI, directeur\nd\u00e9partemental des services d'incendie et de secours du Gard 11","date":"2026-02-03","first_seen_on":"2026-02-03T17:16:27+00:00","id":"e7d5f323518b1d0928e8f6a0c1ae737633d2740cce5be1cebca3c96ec515afd9","name":"recueil-30-2026-022-special du 03 02 2026","pdf_creation_date":"2026-02-03T15:26:41+00:00","pdf_modification_date":null,"timezone":"Europe/Paris","url":"https://www.gard.gouv.fr/contenu/telechargement/66763/490849/file/recueil-30-2026-022-special%20du%2003%2002%202026.pdf"}
