{"administration":"pref50","administration_name":"Pr\u00e9fecture de la Manche","content":"RECUEIL DES ACTES\nADMINISTRATIFS\nDE LA MANCHE\nDOCUMENTATION\nET\nINFORMATIONS\nSEPTEMBRE 2023\nNUMERO SPECIAL N\u00b0 81\nLe contenu int\u00e9gral des textes et/ou les documents et plans annex\u00e9s\npeut \u00eatre consult\u00e9 aupr\u00e8s du service sous le timbre duquel la publication\nest r\u00e9alis\u00e9e et sur le site Internet de la pr\u00e9fecture :\nhttp://www.manche.gouv.fr\nRubrique : Publications - Annonces et avis - Recueil des actes administratifs\n\nS O M M A I R E\nDIRECTION DEPARTEMENTALE DE L'EMPLOI, DU TRAVAIL ET DES SOLIDARITES.....................................................................................2\nArr\u00eat\u00e9 du 20 septembre 2023 portant inscription d'un pr\u00e9pos\u00e9 d'\u00e9tablissement, en qualit\u00e9 de mandataire judiciaire \u00e0 la protection des \nmajeurs pour le centre hospitalier de l'Estran, sur la liste mentionn\u00e9e \u00e0 l'article L.471-2 du code de l'action sociale et des familles......................2\nArr\u00eat\u00e9 du 20 septembre 2023 fixant la liste des mandataires judiciaires \u00e0 la protection des majeurs et d\u00e9l\u00e9gu\u00e9s aux prestations \nfamiliales pour le d\u00e9partement de la Manche..............................................................................................................................................................2\nDIVERS........................................................................................................................................................................................................................4\nPR\u00c9FECTURE MARITIME DE LA MANCHE ET DE LA MER DU NORD....................................................................................................................................4\nArr\u00eat\u00e9 inter-pr\u00e9fectoral du 14 septembre 2023 fixant la composition du comit\u00e9 de pilotage de la zone sp\u00e9ciale de conservation (n\u00b0 \nFR2500077) et de la zone de protection sp\u00e9ciale (n\u00b0 FR2510048) \u00ab Baie du Mont-Saint-Michel \u00bb..........................................................................4\n\uf0bf\nDIRECTION DEPARTEMENTALE DE L'EMPLOI, DU TRAVAIL ET DES SOLIDARITES\nArr\u00eat\u00e9 du 20 septembre 2023 portant inscription d'un pr\u00e9pos\u00e9 d'\u00e9tablissement, en qualit\u00e9 de mandataire judiciaire \u00e0 la protection des\nmajeurs pour le centre hospitalier de l'Estran, sur la liste mentionn\u00e9e \u00e0 l'article L.471-2 du code de l'action sociale et des familles\nConsid\u00e9rant la d\u00e9claration pr\u00e9sent\u00e9e Monsieur Yvan LE BARON, directeur du p\u00f4le gestion financi\u00e8re au Centre hospitalier de l'Estran \u00e0\nPontorson ;\nConsid\u00e9rant l'avis favorable du procureur de la R\u00e9publique du 13 septembre 2023;\nConsid\u00e9rant que la candidature de Madame S\u00e9verine LEFRAN\u00c7OIS satisfait aux conditions pr\u00e9vues aux l'articles L.471-4 et L.472.6 du code\nde l'action sociale et des familles ;\nArt. 1 : Madame S\u00e9verine LEFRAN\u00c7OIS est inscrite sur la liste mentionn\u00e9e \u00e0 l'article L.471-2 du code de l'action sociale et des familles ;\nArt. 2 : le pr\u00e9sent arr\u00eat\u00e9 peut faire l'objet d'un recours administratif, soit gracieux aupr\u00e8s de M. le Pr\u00e9fet de la Manche, soit hi\u00e9rarchique aupr\u00e8s\nde la Ministre des solidarit\u00e9s et des familles, dans les deux mois suivant sa notification. Un recours contentieux peut \u00eatre d\u00e9pos\u00e9 aupr\u00e8s du\ntribunal administratif , \u00e9galement dans un d\u00e9lai de deux mois \u00e0 compter de la notification, ou dans le d\u00e9lai de deux mois \u00e0 partir de la r\u00e9ponse\nde l'administration si un recours administratif a \u00e9t\u00e9 d\u00e9pos\u00e9, l'absence de r\u00e9ponse au terme de ce d\u00e9lai valant rejet implicite. Le tribunal\nadministratif peut-\u00eatre saisi par l'application informatique \u00abt\u00e9l\u00e9recours citoyens\u00bb accessible par le site internet www.telerecours.fr/.\nArt. 3 : le pr\u00e9sent arr\u00eat\u00e9 sera publi\u00e9 au recueil des actes administratifs de la pr\u00e9fecture de la Manche.\nArt. 4 : la secr\u00e9taire g\u00e9n\u00e9rale de la pr\u00e9fecture et le directeur du centre hospitalier de l'Estran sont charg\u00e9s, chacun en ce qui le concerne, de\nl'ex\u00e9cution du pr\u00e9sent arr\u00eat\u00e9.\nSign\u00e9 : Le pr\u00e9fet : Xavier BRUNETIERE\n\uf0bf\nArr\u00eat\u00e9 du 20 septembre 2023 fixant la liste des mandataires judiciaires \u00e0 la protection des majeurs et d\u00e9l\u00e9gu\u00e9s aux prestations\nfamiliales pour le d\u00e9partement de la Manche\nConsid\u00e9rant  le sch\u00e9ma  r\u00e9gional  des  mandataires  judiciaires  \u00e0 la protection  des  majeurs  et  des  d\u00e9l\u00e9gu\u00e9s  aux  prestations  familiales  de\nNormandie 2020-2024 ;\nConsid\u00e9rant les besoins du d\u00e9partement de la Manche en mati\u00e8re de mandataires judiciaires \u00e0 la protection des majeurs, d\u00e9l\u00e9gu\u00e9s aux\nprestations familiales et pr\u00e9pos\u00e9s d'\u00e9tablissements ;\nArt. 1 :  La liste des personnes habilit\u00e9es pour \u00eatre d\u00e9sign\u00e9es en qualit\u00e9 de mandataire judiciaire \u00e0 la protection des majeurs par les juges des\ncontentieux de la protection pour exercer des mesures de protection des majeurs au titre de la tutelle, de la curatelle ou du mandat sp\u00e9cial\nauquel il peut \u00eatre recouru dans le cadre de la sauvegarde de justice est ainsi \u00e9tablie pour le d\u00e9partement de la Manche :\n1\u00b0 - Personnes morales gestionnaires de services :\n-Association Tut\u00e9laire des Majeurs Prot\u00e9g\u00e9s de la Manche (ATMPM), 745 rue Jules Vall\u00e8s, CS 32509 - 50009 Saint-L\u00f4 Cedex\n- Union D\u00e9partementale des Associations Familiales (UDAF), CS 81209, 291 rue L\u00e9on Jouhaux, 50009 Saint-L\u00f4 C\u00e9dex \n2\u00b0 - Personnes physiques exer\u00e7ant \u00e0 titre individuel :\nL'agr\u00e9ment des personnes physiques exer\u00e7ant \u00e0 titre individuel est d\u00e9partemental. Toutefois, pour d'avantage de lisibilit\u00e9, la liste des personnes\nagr\u00e9\u00e9es est pr\u00e9sent\u00e9e par tribunaux, conform\u00e9ment aux demandes d'agr\u00e9ments initiales :\na) - Tribunal judiciaire de Cherbourg-en-Cotentin\nMme Maud BAUDRY n\u00e9e CRESTEY, BP 160 Tourlaville, 50110 Cherbourg-en-Cotentin\nM. Alexandre CLOUET, BP 32, 50700 Valognes\nMme La\u00ebtitia EMBARECK, 1 rue du Vermandois, r\u00e9sidence Guernesey, Appt 2 Cherbourg-Octeville 50100 Cherbourg-en-Cotentin (initialement\nagr\u00e9\u00e9e par le pr\u00e9fet de l'Orne)\nMme Louise FAUVEL BP 40328 \u2013 50103 Cherbourg-en-Cotentin cedex\nMme Ingrid GHYS n\u00e9e NOEL, BP 21, 50760 Barfleur \nMme Chantal LEBOURGEOIS n\u00e9e LAMACHE, BP 50124, Tourlaville 50110 Cherbourg-en-Cotentin\nMme \u00c9lisabeth LEBRENE, 6 boulevard de Verdun, BP 20, 50700 Valognes\nMme Marie LECERF, BP 126, Tourlaville 50110 Cherbourg-en-Cotentin\nM. Emmanuel LEROY, 217 ter rue des Ecuyers, 50000 Saint-L\u00f4 (initialement agr\u00e9\u00e9 par le pr\u00e9fet du Calvados)\nMme Florence MANUELLE, BP 50 -  50700 Valognes\nMme \u00c9milie MESNIL, 25 rue de Poterie, 50700 Valognes\nMme NOEL Val\u00e9rie n\u00e9e COURTEILLE, 10 avenue du Cotentin, 50000 Saint-Georges-Montcocq\nMme C\u00e9cile PEDRON, 234 rue de Tessy, Appt 33, 50000 Saint-L\u00f4\nMme Alexandra RACHINE n\u00e9e TIRLOY, BP 19, Picauville 50360 Picauville\nMme Pia ROBINE n\u00e9e LOCHER, BP 2, 50340 Les Pieux\nM. Guillaume SOUTRA, Cabinet Tut\u00e9laire du Cotentin 25 rue de Poterie, BP 05, 50700 Valognes\nMme Ang\u00e9lique VAN HAVERBEKE n\u00e9e LE CALVIC, BP N\u00b0 154, Tourlaville 50110 Cherbourg-en-Cotentin\nb) - Tribunal judiciaire de Coutances \nMme Clotilde ALLAIN n\u00e9e BETEMPS, 13 bis route du taillis, 50680 Moon-sur-Elle (initialement agr\u00e9\u00e9e par le pr\u00e9fet du Calvados)\nM. Alexandre CLOUET, BP 32, 50700 Valognes\nMme La\u00ebtitia EMBARECK, 1 rue du Vermandois, R\u00e9sidence Guernesey Appt 2, Cherbourg-Octeville 50100 Cherbourg-en-Cotentin (initialement\nagr\u00e9\u00e9e par le pr\u00e9fet de l'Orne)\nMme Marie Line JAMMES n\u00e9e CHESNEL, Cabinet de la S\u00e9e, BP 113, 50301 Avranches c\u00e9dex (initialement agr\u00e9\u00e9e par le pr\u00e9fet de l'Orne)\nMme Chantal LEBOURGEOIS n\u00e9e LAMACHE, BP 50124, Tourlaville 50110 Cherbourg-en-Cotentin\nMme \u00c9lisabeth LEBRENE, 6 boulevard de Verdun, BP 20, 50700 Valognes\nMme Marie LECERF, BP 126, Tourlaville 50110 Cherbourg-en-Cotentin\nM. Emmanuel LEROY, 217 ter rue des Ecuyers, 50000 Saint-L\u00f4 (initialement agr\u00e9\u00e9 par le pr\u00e9fet du Calvados)\nMme Florence MANUELLE, BP 50 -  50700 Valognes\nMme NOEL Val\u00e9rie n\u00e9e COURTEILLE, 10 avenue du Cotentin, 50000 Saint-Georges-Montcocq\nMme C\u00e9cile PEDRON, 234 rue de Tessy, Appt 33, 50000 Saint-L\u00f4\nMme Christelle PETAUD n\u00e9e BERHAULT, Cabinet de la S\u00e9e, BP 113, 50301 Avranches c\u00e9dex (initialement agr\u00e9\u00e9e par le pr\u00e9fet de l'Orne)\nMme Maud POUILLY, 234 rue de Tessy 50000 Saint-L\u00f4\nMme Alexandra RACHINE n\u00e9e TIRLOY, BP 19, Picauville 50360 Picauville\nMme Delphine RIGOT, BP 50002, 50890 Cond\u00e9-sur-Vire\nM. Julien ROBIN, 7 rue du ch\u00e2teau, 50000 Saint-L\u00f4\nM. Guillaume SOUTRA, Cabinet Tut\u00e9laire du Cotentin 25 rue de Poterie, BP 05, 50700 Valognes\nMme Jacqueline THEAULT, Cabinet MJPM, BP 46, 50380 Saint-Pair-sur-Mer (initialement agr\u00e9\u00e9e par le pr\u00e9fet de l'Orne)\nM. Olivier TRANCHANT, 154 rue des Go\u00e9monniers, 50290 Longueville\nc) - Tribunal de proximit\u00e9 d'Avranches\nM. Ludovic BUQUET, BP 101, 50301 Avranches cedex\nMme Marie-Line JAMMES n\u00e9e CHESNEL, Cabinet de la S\u00e9e, BP 113, 50301 Avranches c\u00e9dex (initialement agr\u00e9\u00e9e par le pr\u00e9fet de l'Orne)\nMme Elisabeth LEBRENE, 6 boulevard de Verdun, BP 20, 50700 Valognes\nM. Emmanuel LEROY, 217 ter rue des Ecuyers, 50000 Saint-L\u00f4 (initialement agr\u00e9\u00e9 par le pr\u00e9fet du Calvados)\nMme C\u00e9cile PEDRON, 234 rue de Tessy, Appt 33, 50000 Saint-L\u00f4\nMme Christelle PETAUD n\u00e9e BERHAULT, Cabinet de la S\u00e9e, BP 113, 50301 Avranches cedex (initialement agr\u00e9\u00e9e par le pr\u00e9fet de l'Orne)\nM. Pascal RIOULT, 230 rue du monument, BP 10, 50380 St-Pair-sur-Mer\nM. Guillaume SOUTRA, Cabinet Tut\u00e9laire du Cotentin 25 rue de Poterie, BP 05, 50700 Valognes\nMme Jacqueline THEAULT, Cabinet MJPM, BP 46, 50380 Saint-Pair-sur-Mer (initialement agr\u00e9\u00e9e par le pr\u00e9fet de l'Orne)\nM. Olivier TRANCHANT, 154 rue des Go\u00e9monniers, 50290 Longueville\n3\u00b0 - Personnes physiques exer\u00e7ant en tant que pr\u00e9pos\u00e9s d'\u00e9tablissements \nMme Val\u00e9rie CHRETIEN n\u00e9e LEBASCLE et Madame S\u00e9verine LEFRANCOIS : \nCentre Hospitalier de Pontorson: \n Centre hospitalier de l'estran et EHPAD \"Le jardin des Epices\", 7 chauss\u00e9e Villech\u00e9rel, 50170 Pontorson\n Maison d'accueil sp\u00e9cialis\u00e9e \u00abl'Archipel\u00bb, 50170 Pontorson \n Maison d'accueil sp\u00e9cialis\u00e9e \u00abl'Escale\u00bb, le bas theil, 50400 Saint-Planchers\nMme Karine LEMONNIER n\u00e9e ROBERT et Mme S\u00e9verine MULOT n\u00e9e BARBEY : \nFondation Bon Sauveur de la Manche :\nFoyer d'accueil m\u00e9dicalis\u00e9 Augustin Delamare, 50 rue S\u00e9bline, Carentan 50500 Carentan-les-Marais\nFoyer d'accueil m\u00e9dicalis\u00e9 Augustin Delamare, sis 3 rue Jean Dumeril, 50700 Valognes\nR\u00e9sidence accueil (maison relai), route de saint Sauveur, 50360 Etienville\nEHPAD \u00abElisabeth de Surville\u00bb, route de saint Sauveur, Picauville 50360 Picauville\nEHPAD \u00abElisabeth de Surville\u00bb, 7 rue de la poste, 50690 Martinvast\nEHPAD Anne Leroy, 68 Rue au Bois Marcel, 50008 Saint-L\u00f4\nMaison d'accueil sp\u00e9cialis\u00e9e \u00abla Meije\u00bb, route de Saint Sauveur, Picauville 50360 Picauville\nInstitut m\u00e9dico-\u00e9ducatif \u00abla Mondr\u00e9e\u00bb, internat\u2013r\u00e9sidence la montagne, rue Cotis Capel, Quartier la br\u00e8che du bois, Cherbourg-Octeville 50100\nCherbourg-en-Cotentin\nCentre de soins de suite et de r\u00e9adaptation en alcoologie et addictologie Beauregard, 11 rue docteur Schweitzer BP11, La Glacerie 50470\nCherbourg-en-Cotentin\nCentre hospitalier sp\u00e9cialis\u00e9, route de saint Sauveur, Picauville 50360 Picauville\nCentre hospitalier sp\u00e9cialis\u00e9, 65 rue Baltimore, 50000 Saint-L\u00f4\nR\u00e9sidence Accueil, rue de la Duch\u00e9 50100 Cherbourg-en-Cotentin\nEtablissements ayant pass\u00e9 une convention avec la fondation Bon Sauveur de la Manche :\nEHPAD de Montebourg, 38 rue Monseigneur Lenordez, BP 57, 50310 Montebourg\nEHPAD du Val de Saire :\nSite \u00abLe Chosel\u00bb, 77 rue saint Thomas, 50760 Barfleur\nSite \u00abLa Goudalie\u00bb, 2 rue du 8 mai, 50550 Saint-Vaast-la-Hougue\nCentre hospitalier et EHPAD, 1 avenue qui qu'en grogne, BP 439, Carentan 50500 Carentan-les-Marais\nEHPAD \u00abr\u00e9sidence les Eglantines\u00bb, 14 rue saint Martin, Percy 50410 Percy-en-Normandie\nEHPAD la clairi\u00e8re des Bernardins, 5 rue des bernardins, Torigny-sur-Vire 50160 - Torigny-les-villes\nMaison de retraite Hauchemail, rue quartier Miclots, Hauchemail 50480 Sainte-Marie-du-Mont\nCentre Hospitalier Public du Cotentin : \nCentre hospitalier Louis Pasteur, 46 rue du val de Saire, BP 208, Cherbourg-Octeville 50102 Cherbourg-en-Cotentin\nCentre hospitalier, 1 avenue du 8 mai 1945, 50700 Valognes\nEHPAD \u00able pays valognais\u00bb, 1 Avenue du 8 mai 1945 - 50700 Valognes\nEHPAD \u00able gros h\u00eatre\u00bb rue Aristide Briand Cherbourg-Octeville,50130 Cherbourg-en-Cotentin\nEHPAD Les Lices-Jourdan 17 rue des Lices 50390 Saint-Sauveur-Le-Vicomte\nEHPAD Ana\u00efs de Gourcy, 10 rue de Bastogne, 50190 P\u00e9riers\nMme Val\u00e9rie NOGUES, Mme Fatiha OUIDIR et M. Guillaume JUNDT : \nCentre Hospitalier \u00abAvranches-Granville\u00bb :\nSite d'Avranches : USLD/EHPAD \u00abarc en S\u00e9e\u00bb, 59 rue de la libert\u00e9 50300 Avranches\nSite de Granville: USLD/EHPAD \u00abPaul Poirier\u00bb 849 rue des Menneries BP 629, 50406 Granville \nEtablissements ayant pass\u00e9 une convention avec le Centre Hospitalier \u00abAvranches-Granville\u00bb : \nCentre Hospitalier et EHPAD de St Hilaire du Harcouet, Place de Bretagne, Saint-Hilaire-du-Harcou\u00ebt 50600 Saint-Hilaire-du- Harcou\u00ebt\nEHPAD \u00abr\u00e9sidence Delivet\u00bb, boulevard Jean-Baptiste Delivet BP 31, Ducey 50220 Ducey-les-Ch\u00e9ris\nCentre hospitalier et EHPAD, 12 rue Jean Gast\u00e9, Villedieu-les-Po\u00eales 50800 Villedieu-les-Po\u00eales-Rouffigny\nCentre hospitalier \u00abGilles Buisson\u00bb et EHPAD, 18 rue de la 30\u00e8me division am\u00e9ricaine, BP 2, Mortain 50140 Mortain-Bocage\nEHAPD \u00abLe Vallon\u00bb, 619 rue du Bocage, 50380 Saint-Pair-sur-Mer\nEHPAD de l'h\u00f4pital de Saint James, 2 route de Pontorson  BP 18, 50240 St-James \nCentre d'accueil et de soins :\nMaison d'accueil sp\u00e9cialis\u00e9e :\nSite principal, 43 rue du Mont, 50240 Saint James\nR\u00e9sidence \"Les Marronniers\" \nR\u00e9sidence \"Les Acacias\"\nAvenue de Beaminster, 50240 Saint James : R\u00e9sidence \"Les Hortensias\" \nFoyer occupationnel d'accueil :\nRoute d'Antrain, 50240 Saint-James : Centre Louis Ravalet\nMme Aur\u00e9lie VIVET : \n Centre r\u00e9gional de r\u00e9\u00e9ducation et de r\u00e9adaptation fonctionnelle  \u00abLe Normandy\u00bb, 1 rue Jules Michelet, CS 40619, 50406 Granville c\u00e9dex\nMme Sandrine GROULT :\nCentre Hospitalier de Coutances, Rue de la Gare, 50208 Coutances C\u00e9dex\n EHPAD \u00ables pommiers\u00bb\n EHPAD \u00ables lilas\u00bb\n EHPAD \u00able manoir\u00bb\n EHPAD/USLD \u00able Coisel\u00bb\nEtablissement ayant pass\u00e9 une convention avec le Centre Hospitalier de Coutances :\n Centre Hospitalier M\u00e9morial et EHPAD/USLD, 715 rue Dunant, 50008 Saint-L\u00f4 C\u00e9dex\nArt. 2 : la liste des personnes habilit\u00e9es pour \u00eatre d\u00e9sign\u00e9es en qualit\u00e9 de mandataire judiciaire \u00e0 la protection des majeurs par les juges des\ncontentieux de la protection pour exercer des mesures de protection des majeurs au titre de la mesure d'accompagnement judiciaire est ainsi\n\u00e9tablie pour le d\u00e9partement de la Manche :\nPersonnes morales gestionnaires de services :\nAssociation Tut\u00e9laire des Majeurs Prot\u00e9g\u00e9s de la Manche (ATMPM), 745 rue Jules Vall\u00e8s, CS 32509, 50009 Saint-L\u00f4 C\u00e9dex\nUnion D\u00e9partementale des Associations Familiales (UDAF), CS 81209, 291 rue L\u00e9on Jouhaux, 50009 Saint-L\u00f4 C\u00e9dex \nArt. 3 :  La liste des personnes habilit\u00e9es pour \u00eatre d\u00e9sign\u00e9es par les juges des contentieux de la protection en qualit\u00e9 de d\u00e9l\u00e9gu\u00e9 aux\nprestations familiales est ainsi \u00e9tablie pour le d\u00e9partement de la Manche :\nPersonnes morales gestionnaires de services :\nUnion D\u00e9partementale des Associations Familiales (UDAF), CS 81209, 291 rue L\u00e9on Jouhaux, 50009 Saint-L\u00f4 C\u00e9dex \nArt. 4 : Une ampliation du pr\u00e9sent arr\u00eat\u00e9 sera notifi\u00e9e :\naux int\u00e9ress\u00e9s,\nau procureur de la R\u00e9publique pr\u00e8s le tribunal judiciaire de Cherbourg-en-Cotentin,\nau procureur de la R\u00e9publique pr\u00e8s le tribunal judiciaire de Coutances,\naux juges des contentieux de la protection du tribunal judiciaire de Cherbourg-en-Cotentin,\naux juges des contentieux de la protection du tribunal judiciaire de Coutances,\naux juges des contentieux de la protection du tribunal de proximit\u00e9 d'Avranches.\nArt. 5 :  La pr\u00e9sente d\u00e9cision peut faire l'objet d'un recours administratif, soit gracieux aupr\u00e8s du pr\u00e9fet de la Manche, soit hi\u00e9rarchique aupr\u00e8s\nde la ministre des solidarit\u00e9s et des familles, dans les deux mois suivant sa publication. Un recours contentieux peut \u00eatre d\u00e9pos\u00e9 aupr\u00e8s du\nTribunal Administratif de Caen, \u00e9galement dans un d\u00e9lai de deux mois \u00e0 compter de la publication, ou dans le d\u00e9lai de deux mois \u00e0 partir de la\nr\u00e9ponse de l'administration si un recours administratif a \u00e9t\u00e9 d\u00e9pos\u00e9. L'absence de r\u00e9ponse de l'administration au terme d'un d\u00e9lai de deux mois\nvaut rejet implicite. Le tribunal administratif peut-\u00eatre saisi par l'application informatique \u00abt\u00e9l\u00e9recours citoyens\u00bb accessible par le site internet\nwww.telerecours.fr/. \nArt. 6 : Le pr\u00e9sent arr\u00eat\u00e9 annule et remplace les pr\u00e9c\u00e9dents arr\u00eat\u00e9s fixant la liste des mandataires judiciaires \u00e0 la protection des majeurs et\nd\u00e9l\u00e9gu\u00e9s aux prestations familiales pour le d\u00e9partement de la Manche.\nArt. 7 : Le pr\u00e9sent arr\u00eat\u00e9 sera publi\u00e9 au recueil des actes administratifs de la pr\u00e9fecture.\nArt. 8  : La secr\u00e9taire g\u00e9n\u00e9rale de la pr\u00e9fecture et le directeur d\u00e9partemental de l'emploi, du travail et de la coh\u00e9sion sociale sont charg\u00e9s,\nchacun en ce qui le concerne, de l'ex\u00e9cution du pr\u00e9sent arr\u00eat\u00e9.\nSign\u00e9 : Le pr\u00e9fet : Xavier BRUNETIERE\n\uf0bf\nDIVERS\nPr\u00e9fecture maritime de la Manche et de la Mer du Nord\nArr\u00eat\u00e9 inter-pr\u00e9fectoral du 14 septembre 2023 fixant la composition du comit\u00e9 de pilotage de la zone sp\u00e9ciale de conservation (n\u00b0\nFR2500077) et de la zone de protection sp\u00e9ciale (n\u00b0 FR2510048) \u00ab Baie du Mont-Saint-Michel \u00bb.\nConsid\u00e9rant que l'organisation actuelle des services de l'\u00c9tat et celle des collectivit\u00e9s territoriales justifient la modification de l'arr\u00eat\u00e9 pr\u00e9fectoral\ndu 30 octobre 2017 ; \nArt. 1 : Le comit\u00e9 de pilotage est associ\u00e9 au suivi de la mise en \u0153uvre et \u00e0 la r\u00e9vision du document d'objectifs commun des sites Natura 2000\nFR2500077 \u00ab Baie du Mont Saint-Michel \u00bb (ZSC) et FR2510048 \u00ab Baie du Mont Saint-Michel (ZPS) \u00bb.\nArt. 2 : La composition du comit\u00e9 de pilotage est fix\u00e9e comme suit :\nI. Collectivit\u00e9s territoriales et leurs groupements\n- un repr\u00e9sentant \u00e9lu du conseil d\u00e9partemental d'Ille-et-Vilaine ou son suppl\u00e9ant ;\n- un repr\u00e9sentant \u00e9lu du conseil d\u00e9partemental de la Manche ou son suppl\u00e9ant ;\n- un repr\u00e9sentant \u00e9lu du conseil r\u00e9gional de Bretagne ou son suppl\u00e9ant ;\n- un repr\u00e9sentant \u00e9lu du conseil r\u00e9gional de Normandie ou son suppl\u00e9ant.\nCommunes concern\u00e9es \u00e0 la fois par la Zone de Protection Sp\u00e9ciale et la Zone Sp\u00e9ciale de Conservation :\nIlle-et-Vilaine :\n- un repr\u00e9sentant \u00e9lu de la commune de Cancale ou son suppl\u00e9ant ;\n- un repr\u00e9sentant \u00e9lu de la commune de Cherrueix ou son suppl\u00e9ant ;\n- un repr\u00e9sentant \u00e9lu de la commune d'Hirel ou son suppl\u00e9ant ;\n- un repr\u00e9sentant \u00e9lu de la commune de Roz-sur-Couesnon ou son suppl\u00e9ant ;\n- un repr\u00e9sentant \u00e9lu de la commune de Saint-Beno\u00eet-des-Ondes ou son suppl\u00e9ant ;\n- un repr\u00e9sentant \u00e9lu de la commune de Saint-Broladre ou son suppl\u00e9ant ;\n- un repr\u00e9sentant \u00e9lu de la commune de Saint-Meloir-des-Ondes ou son suppl\u00e9ant ;\n- un repr\u00e9sentant \u00e9lu de la commune de Soug\u00e9al ou son suppl\u00e9ant ;\n- un repr\u00e9sentant \u00e9lu de la commune du Vivier-sur-Mer ou son suppl\u00e9ant.\nManche :\n- un repr\u00e9sentant \u00e9lu de la commune de Beauvoir ou son suppl\u00e9ant ;\n- un repr\u00e9sentant \u00e9lu de la commune de Carolles ou son suppl\u00e9ant ;\n- un repr\u00e9sentant \u00e9lu de la commune de C\u00e9aux ou son suppl\u00e9ant ;\n- un repr\u00e9sentant \u00e9lu de la commune de Champeaux ou son suppl\u00e9ant ;\n- un repr\u00e9sentant \u00e9lu de la commune de Courtils ou son suppl\u00e9ant ;\n- un repr\u00e9sentant \u00e9lu de la commune de Dragey-Ronthon ou son suppl\u00e9ant ;\n- un repr\u00e9sentant \u00e9lu de la commune de Gen\u00eats ou son suppl\u00e9ant ;\n- un repr\u00e9sentant \u00e9lu de la commune de Granville ou son suppl\u00e9ant ;\n- un repr\u00e9sentant \u00e9lu de la commune d'Huisnes-sur-Mer ou son suppl\u00e9ant ;\n- un repr\u00e9sentant \u00e9lu de la commune de Jullouville ou son suppl\u00e9ant ;\n- un repr\u00e9sentant \u00e9lu de la commune du Mont Saint-Michel ou son suppl\u00e9ant ;\n- un repr\u00e9sentant \u00e9lu de la commune de Marcey-les-Gr\u00e8ves ou son suppl\u00e9ant ;\n- un repr\u00e9sentant \u00e9lu de la commune de Pontaubault ou son suppl\u00e9ant ;\n- un repr\u00e9sentant \u00e9lu de la commune de Pontorson ou son suppl\u00e9ant ;\n- un repr\u00e9sentant \u00e9lu de la commune de Saint-Jean-le-Thomas ou son suppl\u00e9ant ;\n- un repr\u00e9sentant \u00e9lu de la commune de Saint-Pair-sur-Mer ou son suppl\u00e9ant ;\n- un repr\u00e9sentant \u00e9lu de la commune de Vains ou son suppl\u00e9ant ;\n- un repr\u00e9sentant \u00e9lu de la commune du Val-Saint-P\u00e8re ou son suppl\u00e9ant.\nCommunes concern\u00e9es uniquement par la Zone de Protection Sp\u00e9ciale :\nIlle-et-Vilaine :\n- un repr\u00e9sentant \u00e9lu de la commune de Ch\u00e2teauneuf d'Ille-et-Vilaine ou son suppl\u00e9ant ;\n- un repr\u00e9sentant \u00e9lu de la commune de La Fresnais ou son suppl\u00e9ant ;\n- un repr\u00e9sentant \u00e9lu de la commune de Lillemer ou son suppl\u00e9ant ;\n- un repr\u00e9sentant \u00e9lu de la commune de Miniac-Morvan ou son suppl\u00e9ant ;\n- un repr\u00e9sentant \u00e9lu de la commune du Mont Dol ou son suppl\u00e9ant ;\n- un repr\u00e9sentant \u00e9lu de la commune de Pleine-Foug\u00e8res ou son suppl\u00e9ant ;\n- un repr\u00e9sentant \u00e9lu de la commune de Plerguer ou son suppl\u00e9ant ;\n- un repr\u00e9sentant \u00e9lu de la commune de Roz-Landrieux ou son suppl\u00e9ant ;\n- un repr\u00e9sentant \u00e9lu de la commune de Saint-Georges-de-Gr\u00e9haigne ou son suppl\u00e9ant ;\n- un repr\u00e9sentant \u00e9lu de la commune de Saint-Guinoux ou son suppl\u00e9ant ;\n- un repr\u00e9sentant \u00e9lu de la commune de Saint-Marcan ou son suppl\u00e9ant ;\n- un repr\u00e9sentant \u00e9lu de la commune de Saint-P\u00e8re Marc en Poulet ou son suppl\u00e9ant ;\n- un repr\u00e9sentant \u00e9lu de la commune de Val-Couesnon.\nManche :\n- un repr\u00e9sentant \u00e9lu de la commune d'Aucey-la-Plaine ou son suppl\u00e9ant ;\n- un repr\u00e9sentant \u00e9lu de la commune d'Avranches ou son suppl\u00e9ant ;\n- un repr\u00e9sentant \u00e9lu de la commune de Bacilly ou son suppl\u00e9ant ;\n- un repr\u00e9sentant \u00e9lu de la commune de Sacey ou son suppl\u00e9ant ;\n- un repr\u00e9sentant \u00e9lu de la commune de Saint-Quentin-sur-le Homme ou son suppl\u00e9ant.\nCommune concern\u00e9e uniquement par la Zone Sp\u00e9ciale de Conservation :\nManche :\n- un repr\u00e9sentant \u00e9lu de la commune de Ducey-les-Ch\u00e9ris ou son suppl\u00e9ant.\nGroupements de collectivit\u00e9s territoriales de Bretagne et Normandie :\nBretagne :\n- un repr\u00e9sentant \u00e9lu de la communaut\u00e9 d'agglom\u00e9ration du pays de Saint-Malo ou son suppl\u00e9ant ;\n- un repr\u00e9sentant \u00e9lu de la communaut\u00e9 de communes du pays de Dol de Bretagne et de la baie du Mont Saint-Michel ou son suppl\u00e9ant ;\n- un repr\u00e9sentant \u00e9lu de la communaut\u00e9 de communes de Couesnon Marches de Bretagne ou son suppl\u00e9ant.\nNormandie :\n- un repr\u00e9sentant \u00e9lu de la communaut\u00e9 d'agglom\u00e9ration Mont Saint-Michel Normandie ou son suppl\u00e9ant ;\n- un repr\u00e9sentant \u00e9lu de la communaut\u00e9 de communes de Granville Terre et Mer ou son suppl\u00e9ant ;\n- un repr\u00e9sentant \u00e9lu du syndicat mixte Couesnon aval ou son suppl\u00e9ant ;\n- un repr\u00e9sentant \u00e9lu du syndicat mixte Espaces Littoraux de la Manche ou son suppl\u00e9ant ;\n- un repr\u00e9sentant \u00e9lu du syndicat mixte Littoral Normand ou son suppl\u00e9ant.\nII. Conseillers d\u00e9partementaux des cantons concern\u00e9s\n- les conseillers d\u00e9partementaux du canton de Cancale ;\n- les conseillers d\u00e9partementaux du canton de Dol-de-Bretagne ;\n- les conseillers d\u00e9partementaux du canton d'Avranches ;\n- les conseillers d\u00e9partementaux du canton de Granville ;\n- les conseillers d\u00e9partementaux du canton de Pontorson.\nIII. \u00c9tablissements publics et chambres consulaires\n- un repr\u00e9sentant \u00e9lu de l'Etablissement Public national du Mont Saint-Michel ou son suppl\u00e9ant ;\n- le pr\u00e9sident de la chambre d'agriculture du d\u00e9partement d'Ille-et-Vilaine ou son repr\u00e9sentant ;\n- le pr\u00e9sident de la chambre d'agriculture du d\u00e9partement de la Manche ou son repr\u00e9sentant ;\n- le directeur territorial et maritime des bocages normands de l'agence de l'eau Seine-Normandie ou son repr\u00e9sentant ;\n- la directrice de la d\u00e9l\u00e9gation Armorique de l'agence de l'eau Loire-Bretagne ;\n- le directeur r\u00e9gional Bretagne de l'office fran\u00e7ais de la biodiversit\u00e9 ou son repr\u00e9sentant ;\n- le directeur r\u00e9gional Normandie de l'office fran\u00e7ais de la biodiversit\u00e9 ou son repr\u00e9sentant ;\n- le chef de la d\u00e9l\u00e9gation de fa\u00e7ade maritime Atlantique de l'office fran\u00e7ais de la biodiversit\u00e9 ou son repr\u00e9sentant ;\n- le chef de la d\u00e9l\u00e9gation de fa\u00e7ade maritime Manche \u2013 mer du Nord de l'office fran\u00e7ais de la biodiversit\u00e9 ou son repr\u00e9sentant ;\n- le d\u00e9l\u00e9gu\u00e9 Bretagne du Conservatoire du littoral ou son repr\u00e9sentant ;\n- le d\u00e9l\u00e9gu\u00e9 Normandie du Conservatoire du littoral ou son repr\u00e9sentant ;\n- le directeur de l'agence r\u00e9gionale de sant\u00e9 de Bretagne ;\n- le directeur de l'agence r\u00e9gionale de sant\u00e9 de Normandie ;\n- le directeur du conservatoire botanique national de Brest ou son repr\u00e9sentant ;\n- le pr\u00e9sident du conservatoire botanique national normand ou son repr\u00e9sentant ;\n- le d\u00e9l\u00e9gu\u00e9 territorial ouest de l'institut national de l'origine et de la qualit\u00e9 ;\n- le directeur de la station d'IFREMER de Dinard ou son repr\u00e9sentant ;\n- le directeur de la station d'IFREMER de Port-en-Bessin ou son repr\u00e9sentant ;\n- le directeur du service Hydrographique et Oc\u00e9anographique de la Marine ou son repr\u00e9sentant ;\n- le directeur du P\u00f4le d'\u00e9quilibre territorial et rural \u00ab Pays de Saint-Malo \u00bb ou son repr\u00e9sentant ;\n- le directeur du P\u00f4le d'\u00e9quilibre territorial et rural \u00ab Sud Manche \u2013 baie du Mont-Saint-Michel \u00bb ou son repr\u00e9sentant.\nIV. Socioprofessionnels, usagers et associations de protection de la nature\n- le pr\u00e9sident du comit\u00e9 r\u00e9gional de conchyliculture Bretagne Nord ou son repr\u00e9sentant ;\n- le pr\u00e9sident du comit\u00e9 r\u00e9gional de conchyliculture Normandie-mer du Nord ou son repr\u00e9sentant ;\n- le pr\u00e9sident du comit\u00e9 r\u00e9gional des p\u00eaches maritimes et des \u00e9levages marins de Bretagne ou son repr\u00e9sentant ;\n- le pr\u00e9sident du comit\u00e9 r\u00e9gional des p\u00eaches maritimes et des \u00e9levages marins de Normandie ou son repr\u00e9sentant ;\n- le pr\u00e9sident du comit\u00e9 d\u00e9partemental des p\u00eaches maritimes et des \u00e9levages marins d'Ille-et-Vilaine ou son repr\u00e9sentant ;\n- le pr\u00e9sident de l'antenne de l'Ouest Cotentin du comit\u00e9 r\u00e9gional des p\u00eaches maritimes et des \u00e9levages marins de Normandie ou son\nrepr\u00e9sentant ;\n- le pr\u00e9sident de la f\u00e9d\u00e9ration nationale des p\u00eacheurs plaisanciers et sportifs de France \u2013 Comit\u00e9 d\u00e9partemental de l'Ille-et-Vilaine \u2013 ou son\nrepr\u00e9sentant ;\n- le pr\u00e9sident de la f\u00e9d\u00e9ration nationale des p\u00eacheurs plaisanciers et sportifs de France \u2013 Comit\u00e9 d\u00e9partemental de la Manche \u2013 ou son\nrepr\u00e9sentant ;\n- le pr\u00e9sident de l'association littoral \u2013 p\u00eache \u00e0 pied ou son repr\u00e9sentant ;\n- le pr\u00e9sident de l'association estran et rivages ou son repr\u00e9sentant ;\n- le pr\u00e9sident de l'association des producteurs d'Ille-et-Vilaine d'agneaux pr\u00e9s sal\u00e9s de la baie du Mont Saint-Michel ou son repr\u00e9sentant ;\n- le pr\u00e9sident de l'association des \u00e9leveurs utilisateurs du Domaine Public Maritime ou son repr\u00e9sentant ;\n- la pr\u00e9sidente de l'association des \u00e9leveurs des herbus du Grouin du Sud au bec d'Andaine ou son repr\u00e9sentant ;\n- le pr\u00e9sident du comit\u00e9 d\u00e9partemental du tourisme du d\u00e9partement d'Ille-et-Vilaine ou son repr\u00e9sentant ;\n- le pr\u00e9sident du comit\u00e9 d\u00e9partemental du tourisme du d\u00e9partement de la Manche ou son repr\u00e9sentant ;\n- le pr\u00e9sident de la f\u00e9d\u00e9ration d\u00e9partementale des chasseurs d'Ille-et-Vilaine ou son repr\u00e9sentant ;\n- le pr\u00e9sident de la f\u00e9d\u00e9ration d\u00e9partementale des chasseurs de la Manche ou son repr\u00e9sentant ;\n- le pr\u00e9sident de l'association des chasseurs de gibier d'eau d'Ille-et-Vilaine ou son repr\u00e9sentant ;\n- le pr\u00e9sident de l'association de chasse maritime de la baie du Mont Saint-Michel ou son repr\u00e9sentant ;\n- le pr\u00e9sident de l'association Inter-SAGE de la baie du Mont Saint-Michel ou son repr\u00e9sentant ;\n- le pr\u00e9sident de la commission locale de l'eau du SAGE Bassins c\u00f4tiers de la r\u00e9gion de Dol-de-Bretagne ;\n- le pr\u00e9sident de la commission locale de l'eau du SAGE Couesnon ;\n- le pr\u00e9sident de la commission locale de l'eau du SAGE S\u00e9lune ;\n- le pr\u00e9sident de la commission locale de l'eau du SAGE S\u00e9e et c\u00f4tiers Granvillais ;\n- le pr\u00e9sident du syndicat des guides de la baie du Mont Saint-Michel ;\n- le pr\u00e9sident de l'association des guides de la baie du Mont Saint-Michel ;\n- le pr\u00e9sident de l'association Bretagne vivante (SEPNB) ou son repr\u00e9sentant ;\n- le pr\u00e9sident de l'association des amis du rivage et de la baie du Mont Saint-Michel ou son repr\u00e9sentant ;\n- le pr\u00e9sident de l'association de la c\u00f4te d'\u00e9meraude pour l'environnement et la qualit\u00e9 de la vie ou son repr\u00e9sentant ;\n- la pr\u00e9sidente de l'association Dinard C\u00f4te d'\u00c9meraude environnement ou son repr\u00e9sentant ;\n- le pr\u00e9sident du groupe mammalogique normand  ou son repr\u00e9sentant  ;le pr\u00e9sident du groupe d'\u00e9tudes  des c\u00e9tac\u00e9s  du Cotentin  ou son\nrepr\u00e9sentant ;\n- le pr\u00e9sident de Manche nature ou son repr\u00e9sentant ;\n- le pr\u00e9sident du groupe ornithologique normand ou son repr\u00e9sentant ;\n- le pr\u00e9sident du groupement r\u00e9gional des associations de protection de l'environnement ou son repr\u00e9sentant ;\n- le responsable de la maison de la baie du Mont Saint-Michel au Vivier-sur-mer ou son repr\u00e9sentant ;\n- le responsable de l'\u00e9comus\u00e9e de la baie du Mont Saint-Michel \u00e0 Vains ou son repr\u00e9sentant.\nV. Repr\u00e9sentants de l'\u00c9tat\n- le pr\u00e9fet du d\u00e9partement d'Ille-et-Vilaine ou son repr\u00e9sentant ;\n- le pr\u00e9fet maritime de l'Atlantique ou son repr\u00e9sentant ;\n- le commandant de la zone maritime de la Manche et de la mer du Nord ou son repr\u00e9sentant ;\n- le commandant de la zone maritime de l'Atlantique ou son repr\u00e9sentant ;\n- le chef d'\u00e9tat-major de l'\u00e9tat-major de zone de D\u00e9fense (EMZD) de Rennes ou son repr\u00e9sentant ; \n- le directeur r\u00e9gional de l'environnement, de l'am\u00e9nagement et du logement de la r\u00e9gion Normandie ou son repr\u00e9sentant ;\n- le directeur r\u00e9gional de l'environnement, de l'am\u00e9nagement et du logement de la r\u00e9gion Bretagne ou son repr\u00e9sentant ;\n- le directeur r\u00e9gional des affaires culturelles de Normandie ;\n- le directeur r\u00e9gional des affaires culturelles de Bretagne ;\n- le directeur r\u00e9gional de l'agriculture, de l'alimentation et de la for\u00eat de la r\u00e9gion Normandie ou son repr\u00e9sentant ;\n- le directeur r\u00e9gional de l'agriculture, de l'alimentation et de la for\u00eat de la r\u00e9gion Bretagne ou son repr\u00e9sentant ;\n- le directeur interr\u00e9gional de la mer Manche est \u2013 mer du Nord ou son repr\u00e9sentant ;\n- le directeur interr\u00e9gional de la mer Nord Atlantique \u2013 Manche Ouest ou son repr\u00e9sentant ;\n- le directeur d\u00e9partemental des territoires et de la mer du d\u00e9partement de la Manche ou son repr\u00e9sentant  (service environnement et service\nmer et littoral) ;\n- le directeur  d\u00e9partemental  des  territoires  et  de  la mer du  d\u00e9partement  d'Ille-et-Vilaine ou son  repr\u00e9sentant (service environnement  et\nd\u00e9l\u00e9gation mer et littoral) ;\n- le directeur d\u00e9partemental de l'emploi, du travail et des solidarit\u00e9s de la Manche ;\n- la directrice d\u00e9partementale de l'emploi, du travail, des solidarit\u00e9s d'Ille-et-Vilaine.\nVI. Personnalit\u00e9s qualifi\u00e9es\n- M. Alain Canard \u2013 sp\u00e9cialit\u00e9 \u00e9cologie ;\n- M. Bernard Cl\u00e9ment \u2013 sp\u00e9cialit\u00e9 \u00ab milieux continentaux \u00bb ;\n- M. Stanislas Dubois \u2013 sp\u00e9cialit\u00e9 \u00ab hermelles \u00bb ;\n- M. Thierry Lecomte, pr\u00e9sident du Conseil Scientifique R\u00e9gional du Patrimoine Naturel de Normandie ou son repr\u00e9sentant ;\n- M. Jacques Haury, pr\u00e9sident du Conseil Scientifique R\u00e9gional du Patrimoine Naturel de Bretagne ou son repr\u00e9sentant ;\n- M. Jean-Paul Lechapt \u2013 sp\u00e9cialit\u00e9 \u00ab marais sal\u00e9s \u00bb ;\n- Mme. Catherine Zambettakis - sp\u00e9cialit\u00e9 \u00ab marais sal\u00e9s \u00bb ;\n- M. Matthieu Beaufils - sp\u00e9cialit\u00e9 ornithologie ;\n- M. Vincent Schricke \u2013 sp\u00e9cialit\u00e9 ornithologie ;\n- M. Eric Feunteun - sp\u00e9cialit\u00e9 milieux marins et amphihalins ;\n- M. Christophe Secula \u2013 sp\u00e9cialit\u00e9s anthropologie et ethnologie.\nArt. 3 : La pr\u00e9sidence du comit\u00e9 de pilotage est assur\u00e9e conjointement par le pr\u00e9fet de la Manche et par le pr\u00e9fet maritime de la Manche et de\nla Mer du Nord ou leurs repr\u00e9sentants, qui approuvent le document d'objectifs du site et suivent sa mise en \u0153uvre en association avec le\ncomit\u00e9 de pilotage.\nArt.  4 :  Les  pr\u00e9sidents  du comit\u00e9 de  pilotage  peuvent  d\u00e9cider  d'associer  toute  personne  ou  tout  organisme  dont  les  connaissances  et\nl'exp\u00e9rience sont de nature \u00e0 \u00e9clairer les travaux du comit\u00e9 de pilotage.\nArt. 5 : Le suivi du site RAMSAR \u00ab  Baie du Mont-Saint-Michel  \u00bb est assur\u00e9 par le comit\u00e9 de pilotage Natura 2000 des sites \u00ab  Baie du Mont-\nSaint-Michel \u00bb. Il veille \u00e0 la coh\u00e9rence des actions RAMSAR et Natura 20000. Le document d'objectifs des sites Natura 2000 \u00ab  Baie du Mont-\nSaint-Michel \u00bb constitue le plan de gestion du site RAMSAR.\nArt. 6  : L'arr\u00eat\u00e9 inter-pr\u00e9fectoral du 30 octobre 2017 fixant la composition du comit\u00e9 de pilotage de la zone sp\u00e9ciale de conservation (N\u00b0\nFR2500077) et de la zone de protection sp\u00e9ciale (N\u00b0 FR2510048) \u00ab Baie du Mont-Saint-Michel \u00bb est abrog\u00e9.\nArticle 7\nLe pr\u00e9sent arr\u00eat\u00e9 peut faire l'objet :\n- d'un recours administratif dans un d\u00e9lai de deux mois suivant sa publication :\n- d'un recours gracieux aupr\u00e8s du pr\u00e9fet maritime de la Manche et de la mer du Nord ou du pr\u00e9fet du d\u00e9partement de la Manche ;\n- ou d'un recours hi\u00e9rarchique aupr\u00e8s du premier ministre.\n- d'un recours contentieux devant le tribunal administratif de Caen, dans un d\u00e9lai de deux mois \u00e0 compter de sa publication, ou dans un d\u00e9lai\nde deux  mois suivant  la d\u00e9cision de rejet du recours gracieux  ou hi\u00e9rarchique.  Le tribunal administratif peut  \u00eatre saisi par l'application\ninformatique \u00ab T\u00e9l\u00e9recours \u00bb par le site internet www.telerecours.fr.\nSign\u00e9 : Le pr\u00e9fet maritime de la Manche et de la mer du Nord : Marc V\u00c9RAN - Le pr\u00e9fet de la Manche : Xavier BRUNETI\u00c8RE\n\uf0bf\nD\u00e9partement de la Manche - Imprimerie administrative - Directeur de la publication : Mme la Secr\u00e9taire g\u00e9n\u00e9rale","date":"2023-09-21","first_seen_on":"2025-07-18T12:12:11+00:00","id":"e7faa365de83ec764a4a0452a76205853a7075673c3afe98d240ed6847955f4b","name":"RAA sp\u00e9cial n\u00b081","pdf_creation_date":"2023-09-21T13:53:09+00:00","pdf_modification_date":null,"timezone":"Europe/Paris","url":"https://www.manche.gouv.fr/contenu/telechargement/57946/449468/file/SP%2081.pdf"}
