{"administration":"prefidf","administration_name":"Pr\u00e9fecture de la r\u00e9gion \u00cele-de-France","content":"PREFECTURE\nREGION ILE DE\nFRANCE\nRECUEIL DES ACTES\nADMINISTRATIFS SP\u00c9CIAL\n(NOMINATIFS)\nN\u00b0IDF-029-2025-07\nPUBLI\u00c9 LE 16 JUILLET 2025\nSommaire\nAgence R\u00e9gionale de Sant\u00e9 / Agence r\u00e9gionale de sant\u00e9\nd'Ile-de-France-Cabinet\nIDF-2025-07-15-00002 - Arr\u00eat\u00e9 SG/DRH 2025-08 portant nomination de\nMonsieur Guillaume ZUCMAN aux fonctions de Directeur du Cabinet du\nDirecteur g\u00e9n\u00e9ral de l'Agence r\u00e9gionale de sant\u00e9 \u00cele-de-France\n(1 page) Page 4\nAgence R\u00e9gionale de Sant\u00e9 / Agence r\u00e9gionale de sant\u00e9\nd'Ile-de-France-Cellule officines de pharmacie\nIDF-2025-07-16-00001 - Arr\u00eat\u00e9 N\u00b0DOS/EFF/OFF/2025/75 portant\nautorisation de regroupement d'officines de pharmacie (3 pages) Page 6\nAgence R\u00e9gionale de Sant\u00e9 / D\u00e9partement Qualit\u00e9 S\u00e9curit\u00e9\nPharmacie M\u00e9dicament Biologie\nIDF-2025-07-16-00007 - D\u00e9cision n\u00b0DVSS - QSPHARMBIO -\n2025/076\nportant autorisation de cr\u00e9ation d'un site internet de\ncommerce \u00e9lectronique de m\u00e9dicaments  (2 pages) Page 10\nIDF-2025-07-16-00008 - D\u00e9cision n\u00b0DVSS - QSPHARMBIO -\n2025/080\nportant autorisation de cr\u00e9ation d'un site internet de\ncommerce \u00e9lectronique de m\u00e9dicaments  (2 pages) Page 13\nDirection r\u00e9gionale des affaires culturelles d'Ile-de-France  / Conservation\nr\u00e9gionale des monuments historiques\nIDF-2025-06-11-00013 - Arr\u00eat\u00e9 portant inscription au titre des\nmonuments historiques de certaines parties de l'h\u00f4tel Henri Menier,\nsitu\u00e9 8 rue Alfred de Vigny, \u00e0 Paris (8e arr.) (5 pages) Page 16\nMission nationale de contr\u00f4le et d'audit des organismes de s\u00e9curit\u00e9\nsociale  / Antenne Paris\nIDF-2025-07-16-00004 - Arr\u00eat\u00e9 modificatif du 16 juillet 2025 - ADP CA\n- CAF de Seine-et-Marne portant modification de la composition du conseil\nd'administration de la Caisse d'Allocations Familiales de Seine-et-Marne\n(2 pages) Page 22\nIDF-2025-07-16-00005 - Arr\u00eat\u00e9 modificatif du 16 juillet 2025 - ADP CA\nCAF de Seine - Saint - Denis - portant modification de la composition du\nconseil d'administration de la Caisse d'Allocations Familiales de\nSeine-Saint-Denis (2 pages) Page 25\nIDF-2025-07-16-00006 - Arr\u00eat\u00e9 modificatif du 16 juillet 2025 - ADP\nConseil CPAM 93 - portant modification de la composition du Conseil\nde la Caisse Primaire d'Assurance Maladie de de la Seine-Saint-Denis (2\npages) Page 28\n2\nPr\u00e9fecture de la R\u00e9gion d'Ile de France, Pr\u00e9fecture de Paris  / Service de\nla coordination et des affaires parisiennes\nIDF-2025-07-16-00002 - Arr\u00eat\u00e9 modifiant l'arr\u00eat\u00e9 n\u00b0\nIDF-2017-12-22-005 du 22 d\u00e9cembre 2017 portant composition\nnominative du Conseil \u00e9conomique, social\net environnemental\nd'Ile-de-France\n (2 pages) Page 31\n3\nAgence R\u00e9gionale de Sant\u00e9\nIDF-2025-07-15-00002\nArr\u00eat\u00e9 SG/DRH 2025-08 portant nomination de\nMonsieur Guillaume ZUCMAN aux fonctions de\nDirecteur du Cabinet du Directeur g\u00e9n\u00e9ral de\nl'Agence r\u00e9gionale de sant\u00e9 \u00cele-de-France\nAgence R\u00e9gionale de Sant\u00e9 - IDF-2025-07-15-00002 - Arr\u00eat\u00e9 SG/DRH 2025-08 portant nomination de Monsieur Guillaume ZUCMAN\naux fonctions de Directeur du Cabinet du Directeur g\u00e9n\u00e9ral de l'Agence r\u00e9gionale de sant\u00e9 \u00cele-de-France 4\nEzREPUBLIQUEFRANCAISE @ D Agence R\u00e9gionale de Sant\u00e9Libert\u00e9 \u00cele-de-FranceEgalit\u00e9Fraternit\u00e9\n7 Guillaume ZUCMAN \u00b0\n77 77 7:77 7\" SE REGIONALE DE SANT\u00c9 ILE-~~ \"7\n \n \n \n \n \n \n \nAGENCE R\u00c9GIONALE DE SANT\u00c9 \u00ceLE-DE-FRANCE \nARR\u00caT\u00c9 N\u00b0 SG/DRH 2025-08 \nportant nomination de Monsieur Guillaume ZUCMAN aux fonctions de \nDirecteur du Cabinet du Directeur g\u00e9n\u00e9ral \nde l'Agence r\u00e9gionale de sant\u00e9 \u00cele-de-France \n \n \nLE DIRECTEUR G\u00c9N\u00c9RAL DE L'AGENCE R\u00c9GIONALE DE SANT\u00c9 \u00ceLE-DE-FRANCE \n \n \nVU le code de la sant\u00e9 publique et notamment le titre III du livre IV de la premi\u00e8re partie, consacr\u00e9 \naux Agences r\u00e9gionales de sant\u00e9 ; \n \nVU le d\u00e9cret du 10 avril 2024 portant nomination de Monsieur Denis ROBIN, Directeur g\u00e9n\u00e9ral de \nl'Agence r\u00e9gionale de sant\u00e9 \u00cele-de-France \u00e0 compter du 29 avril 2024  ; \n \n \n \nARR\u00caTE \n \n \nARTICLE 1er : Monsieur Guillaume ZUCMAN est charg\u00e9 des fonctions de Directeur du Cabinet du \nDirecteur g\u00e9n\u00e9ral  de l'Agence r\u00e9gionale de sant\u00e9 \u00cele- de-France, \u00e0 compter du  \n2  juin  2025. \n  \nARTICLE 2 : Le Directeur du Cabinet du Directeur g\u00e9n\u00e9ral de  l'Agence r\u00e9gionale de sant\u00e9 \u00cele-de-\nFrance est charg\u00e9 de l'ex\u00e9cution du pr\u00e9sent arr\u00eat\u00e9 qui sera publi\u00e9 au recueil des actes \nadministratifs de la Pr\u00e9fecture de la R\u00e9gion d'\u00cele-de-France. \n \n \n \n \nFait \u00e0 Saint-Denis, 15 juillet 2025 \n \nLe Directeur g\u00e9n\u00e9ral  \nde l'Agence r\u00e9gionale de sant\u00e9 \n\u00cele-de-France \n \n \n \n \nDenis ROBIN \nAgence R\u00e9gionale de Sant\u00e9 - IDF-2025-07-15-00002 - Arr\u00eat\u00e9 SG/DRH 2025-08 portant nomination de Monsieur Guillaume ZUCMAN\naux fonctions de Directeur du Cabinet du Directeur g\u00e9n\u00e9ral de l'Agence r\u00e9gionale de sant\u00e9 \u00cele-de-France 5\nAgence R\u00e9gionale de Sant\u00e9\nIDF-2025-07-16-00001\nArr\u00eat\u00e9 N\u00b0DOS/EFF/OFF/2025/75 portant\nautorisation de regroupement d'officines de\npharmacie\nAgence R\u00e9gionale de Sant\u00e9 - IDF-2025-07-16-00001 - Arr\u00eat\u00e9 N\u00b0DOS/EFF/OFF/2025/75 portant autorisation de regroupement d'officines\nde pharmacie 6\nREPUBLIQUEFRANCAISELibert\u00e9Egalit\u00e9Fraternit\u00e9 @ D Agence R\u00e9gionale de Sant\u00e9\u00cele-de-France\n \n \n \n \nAGENCE R\u00c9GIONALE DE SANT\u00c9 \u00ceLE-DE-FRANCE \nARR\u00caT\u00c9 N\u00b0 DOS/EFF/OFF/2025/75 \nportant autorisation de regroupement d'officines de pharmacie \n \nLE DIRECTEUR G\u00c9N\u00c9RAL DE L'AGENCE R\u00c9GIONALE DE SANT\u00c9 \u00ceLE-DE-FRANCE  \n \n \nVU le code de la sant\u00e9 publique  et notamment ses articles L.  5125-3 et suivants et R.  5125-1 et \nsuivants ; \n \nVU l'ordonnance n\u00b0 2018-3 du 3 janvier 2018 relative \u00e0 l'adaptation des conditions de cr\u00e9ation, \ntransfert, regroupement et cession des officines de pharmacie ; \n \nVU le d\u00e9cret n\u00b0 2018-671 du 30 juillet 2018 pris en application de l'article L. 5125-3, 1\u00b0 du code de \nla sant\u00e9 publique d\u00e9finissant les conditions de transport pour l'acc\u00e8s \u00e0 une officine en vue de \ncaract\u00e9riser un approvisionnement en m\u00e9dicament compromis pour la population ; \n \nVU l'arr\u00eat\u00e9 minist\u00e9riel du 30 juillet 2018 fixant la liste des pi\u00e8ces justificatives accompagnant toute \ndemande de cr\u00e9ation, de transfert ou de regroupement d'officines de pharmacie  ; \n \nVU le d\u00e9cret du 10 avril 2024 portant nomination de Monsieur Denis ROBIN, Directeur g\u00e9n\u00e9ral de \nl'Agence r\u00e9gionale de sant\u00e9 \u00cele-de-France, \u00e0 compter du 29 avril 2024 ; \n \nVU l'arr\u00eat\u00e9 n\u00b0 DS 034/2024 du 29 avril 2024, publi\u00e9 le 30 avril 2024, portant d\u00e9l\u00e9gation de signature \ndu Directeur g\u00e9n\u00e9ral de l'Agence r\u00e9gionale de sant\u00e9 \u00cele -de-France \u00e0 \nMonsieur Arnaud CORVAISIER, Directeur de l'offre de soins et \u00e0 plusieurs de ses \ncollaborateurs ;  \n \nVU l'arr\u00eat\u00e9 du 29 mai 1968 portant octroi de la licence n\u00b093#000212 \u00e0 l'officine de pharmacie sise \n4 Avenue Henri Barbusse \u00e0 GAGNY (93220) ; \n \nVU l'arr\u00eat\u00e9 du 03 avril 1944 portant octroi de la licence n\u00b093#000406 \u00e0 l'officine de pharmacie sise \n21 Avenue Jean Jaur\u00e8s \u00e0 GAGNY (93220) ; \n \nVU la demande enregistr\u00e9e le 20 mars 2025, pr\u00e9sent\u00e9e par la SELARL PHARMACIE SORIAL, \nrepr\u00e9sent\u00e9e par Madame Samah CHOAY, \u00e9pouse SORIAL, pharmacien titulaire de l'officine \nsise 4 Avenue Henri Barbusse \u00e0 GAGNY (93220), et la SELARL PHARMACIE PRINCIPALE, \nrepr\u00e9sent\u00e9e par Monsieur Jean NEIL, pharmacien titulaire de l'officine sise 21 Avenue Jean \nJaur\u00e8s \u00e0 GAGNY (93220), en vue du regroupement de leurs officines vers le local sis 4 \nAvenue Henri Barbusse \u00e0 GAGNY (93220) ; \n \nVU l'avis sur la conformit\u00e9 du local propos\u00e9 aux conditions minimales d'installation rendu le 26 \nmars 2025 par le D\u00e9partement Qualit\u00e9 S\u00e9curit\u00e9 Pharmacie M\u00e9dicament Biologie de l'Agence \nR\u00e9gionale de Sant\u00e9 d'Ile-de-France ; \n \nVU l'avis r\u00e9put\u00e9 rendu du repr\u00e9sentant de l'Union des Syndicats de Pharmaciens d' Officine pour \nla r\u00e9gion Ile-de-France ; \n \nAgence R\u00e9gionale de Sant\u00e9 - IDF-2025-07-16-00001 - Arr\u00eat\u00e9 N\u00b0DOS/EFF/OFF/2025/75 portant autorisation de regroupement d'officines\nde pharmacie 7\n \n \nVU l'avis r\u00e9put\u00e9 rendu du repr\u00e9sentant de la F\u00e9d\u00e9ration des Syndicats Pharmaceutiques de France \npour la r\u00e9gion Ile-de-France ; \n \nVU l'avis du Conseil R\u00e9gional de l'Ordre des Pharmaciens d'Ile-de-France en date du 5 mai 2025 ; \n \n \n \nCONSID\u00c9RANT que le regroupement envisag\u00e9 se fera dans le m\u00eame local que l'une des officines au \nsis 4 Avenue Henri Barbusse \u00e0 GAGNY (93220) ;  \n \nCONSID\u00c9RANT que la commune de GAGNY (93220) comptabilise au dernier recensement en \nvigueur 40 790 habitants et dispose de 10 officines ouvertes au public ; \n \nCONSID\u00c9RANT que le regroupement propos\u00e9 n'aura pas pour effet de compromettre \nl'approvisionnement n\u00e9cessaire en m\u00e9dicaments de la population r\u00e9sidente du \nquartier des officines \u00e0 regrouper ; \n \nCONSID\u00c9RANT que l'acc\u00e8s \u00e0 la nouvelle officine sera ais\u00e9 par sa visibilit\u00e9, par des am\u00e9nagements \npi\u00e9tonniers et des stationnements ; \n \nCONSID\u00c9RANT que le local propos\u00e9, qui est situ\u00e9 dans un lieu garantissant un acc\u00e8s permanent du \npublic \u00e0 la pharmacie, est conforme aux conditions minimales d'installation et remplit \nles conditions d'accessibilit\u00e9 ; \n \nCONSID\u00c9RANT que le regroupement envisag\u00e9 permet de r\u00e9pondre de fa\u00e7on optimale aux besoins \nen m\u00e9dicaments de la population r\u00e9sidente du quartier o\u00f9 sera situ\u00e9e l'officine  issue \ndu regroupement ; \n \n \nARR\u00caTE \n \n \nARTICLE 1er : Est autoris\u00e9 le regroupement, dans le local sis 4 Avenue Henri Barbusse \u00e0 GAGNY \n(93220), des officines dont Madame Samah CHOAY, \u00e9pouse SORIAL et \nMonsieur Jean NEIL sont titulaires. \n \nARTICLE 2e : La licence n\u00b093#002581 est octroy\u00e9e \u00e0 l'officine issue du regroupement. \n \nCette licence ne pourra \u00eatre c\u00e9d\u00e9e ind\u00e9pendamment du fonds de commerce auquel \nelle se rapporte. \n \nARTICLE 3e : Les licences n\u00b093#000212 et n\u00b093#000406 devront \u00eatre restitu\u00e9es \u00e0 l'Agence \nr\u00e9gionale de sant\u00e9 avant l'ouverture au public de la nouvelle officine. \n \nARTICLE 4e : Conform\u00e9ment aux dispositions de l'article L. 5125-19 du code de la sant\u00e9 publique, la \npr\u00e9sente autorisation de regroupement ne prendra effet qu'\u00e0 l'issue d'un d\u00e9lai de trois \nmois \u00e0 compter de la notification de l'arr\u00eat\u00e9 d'autorisation aux pharmaciens \ndemandeurs.  \n \nARTICLE 5e : Sauf cas de force majeure constat\u00e9 par le Directeur  g\u00e9n\u00e9ral de l'Agence r\u00e9gionale de \nsant\u00e9 Ile -de-France, l'officine issue du regroupement autoris\u00e9 par le pr\u00e9sent arr\u00eat\u00e9 \ndevra \u00eatre effectivement ouverte au public au plus tard \u00e0 l'issue d'un d\u00e9lai de deux ans \n\u00e0 compter de la notification du pr\u00e9sent arr\u00eat\u00e9. \n \nARTICLE 6e : Un recours contentieux contre le pr\u00e9sent ar r\u00eat\u00e9 peut \u00eatre form\u00e9 aupr\u00e8s du t ribunal \nadministratif comp\u00e9tent. Le d\u00e9lai de recours est de deux mois \u00e0 compter de la \nnotification de l'arr\u00eat\u00e9 pour les int\u00e9ress\u00e9s ou de sa publication pour les tiers.  \nAgence R\u00e9gionale de Sant\u00e9 - IDF-2025-07-16-00001 - Arr\u00eat\u00e9 N\u00b0DOS/EFF/OFF/2025/75 portant autorisation de regroupement d'officines\nde pharmacie 8\n \n \n \nARTICLE 7e : Le Directeur g\u00e9n\u00e9ral de l'Agence r\u00e9gionale de sant\u00e9  Ile-de-France est charg\u00e9 de \nl'ex\u00e9cution du pr\u00e9sent arr\u00eat\u00e9 qui sera publi\u00e9 au recueil des actes administratifs de la \npr\u00e9fecture de la r\u00e9gion Ile-de-France. \n \n \nFait \u00e0 Saint-Denis, le 16 juillet 2025 \n \n \n \n \n \n \n \n \n \nLe Directeur g\u00e9n\u00e9ral \nde l'Agence r\u00e9gionale de sant\u00e9 \n\u00cele-de-France  \n \nPar d\u00e9l\u00e9gation, \n                                                                                                      Le directeur du P\u00f4le Efficience \n  \n                                                     SIGN\u00c9 \n  \n                                                                                                       Fabien P\u00c9RUS \n \n  \n                                                      \n \n \n \n \n                                                                                                        \n \n \n \n \n \nAgence R\u00e9gionale de Sant\u00e9 - IDF-2025-07-16-00001 - Arr\u00eat\u00e9 N\u00b0DOS/EFF/OFF/2025/75 portant autorisation de regroupement d'officines\nde pharmacie 9\nAgence R\u00e9gionale de Sant\u00e9\nIDF-2025-07-16-00007\nD\u00e9cision n\u00b0DVSS - QSPHARMBIO - 2025/076\nportant autorisation de cr\u00e9ation d'un site\ninternet de commerce \u00e9lectronique de\nm\u00e9dicaments \nAgence R\u00e9gionale de Sant\u00e9 - IDF-2025-07-16-00007 - D\u00e9cision n\u00b0DVSS - QSPHARMBIO - 2025/076\nportant autorisation de cr\u00e9ation d'un site internet de commerce \u00e9lectronique de m\u00e9dicaments 10\nREPUBLIQUEFRANCAISELibert\u00e9Egalit\u00e9Fraternit\u00e9\ne \u00bb Agence R\u00e9gionale de Sant\u00e9Ile-de-France\n \n \n \n \n \n \n \nAGENCE R\u00c9GIONALE DE SANT\u00c9 ILE-DE-FRANCE \nD\u00e9cision N\u00b0 DVSS - QSPHARMBIO \u2013 2025/076 \nportant autorisation de cr\u00e9ation d'un site internet  \nde commerce \u00e9lectronique de m\u00e9dicaments  \n \nLE DIRECTEUR G\u00c9N\u00c9RAL DE L'AGENCE R\u00c9GIONALE DE SANT\u00c9 ILE-DE-FRANCE \n \nVU le code de la sant\u00e9 publique  et notamment ses articles L.1111 -8, L.5121 -5,  L.5125-33 \u00e0 \nL.5125-41 et R.5125-70 \u00e0 R.5125-74 ; \n \nVU l'arr\u00eat\u00e9 du 26 f\u00e9vrier 2021 modifiant l'arr\u00eat\u00e9 du 28 novembre 2016 relatif aux bonnes pratiques \nde dispensation des m\u00e9dicaments dans les pharmacies d'officines, les pharmacies mutualistes \net les pharmacies de secours mini\u00e8res, mentionn\u00e9es \u00e0 l'article L.512 1-5 du code de la sant\u00e9 \npublique ; \n \nVU  l'arr\u00eat\u00e9 du 28 novembre 2016 relatif aux r\u00e8gles techniques applicables aux sites internet de \ncommerce \u00e9lectronique de m\u00e9dicaments pr\u00e9vues \u00e0 l'article L.5121 -39 du code de la sant\u00e9 \npublique ; \n \nVU  le d\u00e9cret en date du 10 avril 2024 portant nomination de Monsieur Denis ROBIN, Directeur \ng\u00e9n\u00e9ral de l'Agence r\u00e9gionale de sant\u00e9 Ile-de-France \u00e0 compter du 29 avril 2024 ;  \n \nVU l'arr\u00eat\u00e9 n\u00b0 DS/037/2024 en date du 29 avril 2024  portant d\u00e9l\u00e9gation de signature de Monsieur \nDenis ROBIN, Directeur g\u00e9n\u00e9ral de l'Agence r\u00e9gionale de sant\u00e9 Ile-de-France, \u00e0 Madame \nC\u00e9cile SOMARRIBA, Directrice de la Veille et S\u00e9curit\u00e9 Sanitaire ; \n \nVU  la demande d\u00e9pos\u00e9e le 15 mai 2025 par Madame Caterina PONTORIERO pharmacien titulaire \nde l'officine de pharmacie sise 33 route de Rangiport \u00e0 Porcheville (78440), exploit\u00e9e sous la \nlicence n\u00b078#0001267 \u00e0 l'adresse https://www.pharmacie-luxe.com ; \n \nVU  le rapport d'instruction en date du 4 juillet 2025 ;  \n \nVU  la d\u00e9claration annuelle de l'activit\u00e9 globale et du nombre de pharmaciens adjoints des \npharmacies d'officines pour l'ann\u00e9e 2024 effectu\u00e9e par Madame Caterina PONTORIERO ;  \n \n \nCONSID\u00c9RANT que la description du site et de ses fonctionnalit\u00e9s permettent de s'assurer du respect \nde la l\u00e9gislation et de la r\u00e9glementation en vigueur ; \n \nCONSID\u00c9RANT que les conditions d'installations de l'officine sont conformes aux dispositions des \narticles R.5121-8 et R.5125-9 du code de la sant\u00e9 publique ; \n \nCONSID\u00c9RANT que les engagements pris par les pharmaciens titulaires devraient \u00eatre de nature \u00e0 \ngarantir le respect de la l\u00e9gislation et de la r\u00e9glementation en vigueur ; \n \nCONSID\u00c9RANT que la soci\u00e9t\u00e9 AZNETWORK agr\u00e9\u00e9e pour une prestation d'h\u00e9bergement de donn\u00e9es \nde sant\u00e9 \u00e0 caract\u00e8re personnel permettant notamment d'h\u00e9berger des sites de vente \nen ligne de m\u00e9dicament, s'est engag\u00e9e \u00e0 h\u00e9berger les donn\u00e9es de sant\u00e9 recueillies \npar le site https://pharmacie-luxe.com ;   \n  \n \nAgence R\u00e9gionale de Sant\u00e9 - IDF-2025-07-16-00007 - D\u00e9cision n\u00b0DVSS - QSPHARMBIO - 2025/076\nportant autorisation de cr\u00e9ation d'un site internet de commerce \u00e9lectronique de m\u00e9dicaments 11\n2 \n \nARR\u00caTE \n \n \nARTICLE 1 Madame Caterina PONTORIERO , pharmacien titulaire, est autoris\u00e9 e \u00e0 cr\u00e9er un site \ninternet de commerce \u00e9lectronique  de m\u00e9dicaments \u00e0 l'adresse  \nhttps://www.pharmacie-luxe.com rattach\u00e9 \u00e0 la licence n\u00b078#0001267 de l'officine dont \nelle est titulaire exploitant sise 33 route de Rangiport \u00e0 Porcheville (78440).  \nARTICLE 2  Toute modification substantielle des conditions d'exploitation ainsi que la suspension \nou la cessation d'exploitation du site internet autoris\u00e9 par le pr\u00e9sent arr\u00eat\u00e9 devront \nfaire l'objet d'une information imm\u00e9diate \u00e0 la directrice g\u00e9n\u00e9rale de l'agence r\u00e9gionale \nde sant\u00e9 Ile-de-France et au conseil r\u00e9gional Ile-de-France de l'ordre des \npharmaciens. \n \nARTICLE 3  La cessation d'activit\u00e9 de l'officine de pharmacie exploit\u00e9e sous la licence \nn\u00b0 78#0001267 entra\u00eenera la fermeture du site internet autoris\u00e9 par le pr\u00e9sent arr\u00eat\u00e9. \nARTICLE 4  Un recours contentieux contre la pr\u00e9sente d\u00e9cision peut \u00eatre form\u00e9 aupr\u00e8s du Tribunal \nadministratif comp\u00e9tent. Le d\u00e9lai de recours est de deux mois \u00e0 compter de la \nnotification de la d\u00e9cision pour les int\u00e9ress\u00e9s ou de sa publication pour les tiers. Cette \njuridiction peut notamment \u00eatre saisie via une requ\u00eate remise ou envoy\u00e9e au greffe du \nTribunal administratif ou aussi par l'application T\u00e9l\u00e9recours accessible \u00e0 partir du site \nwww.telerecours.fr.  \n \nARTICLE 5 La pr\u00e9sente d\u00e9cision sera publi\u00e9e aux recueils des actes administratifs de la \npr\u00e9fecture de la r\u00e9gion Ile-de-France. \n \nFait \u00e0 Saint-Denis, le 16 juillet 2025 \n \nPour le Directeur g\u00e9n\u00e9ral  \nde l'Agence r\u00e9gionale de sant\u00e9 \nIle-de-France \nLa Directrice de la Veille et S\u00e9curit\u00e9 \nSanitaire \n \n Sign\u00e9  \n \n \n  C\u00e9cile SOMARRIBA  \nAgence R\u00e9gionale de Sant\u00e9 - IDF-2025-07-16-00007 - D\u00e9cision n\u00b0DVSS - QSPHARMBIO - 2025/076\nportant autorisation de cr\u00e9ation d'un site internet de commerce \u00e9lectronique de m\u00e9dicaments 12\nAgence R\u00e9gionale de Sant\u00e9\nIDF-2025-07-16-00008\nD\u00e9cision n\u00b0DVSS - QSPHARMBIO - 2025/080\nportant autorisation de cr\u00e9ation d'un site\ninternet de commerce \u00e9lectronique de\nm\u00e9dicaments \nAgence R\u00e9gionale de Sant\u00e9 - IDF-2025-07-16-00008 - D\u00e9cision n\u00b0DVSS - QSPHARMBIO - 2025/080\nportant autorisation de cr\u00e9ation d'un site internet de commerce \u00e9lectronique de m\u00e9dicaments 13\nREPUBLIQUEFRANCAISELibert\u00e9Egalit\u00e9Fraternit\u00e9\ne \u00bb Agence R\u00e9gionale de Sant\u00e9Ile-de-France\n \n \n \n \n \n \n \nAGENCE R\u00c9GIONALE DE SANT\u00c9 ILE-DE-FRANCE \nD\u00e9cision N\u00b0 DVSS - QSPHARMBIO \u2013 2025/080 \nportant autorisation de cr\u00e9ation d'un site internet  \nde commerce \u00e9lectronique de m\u00e9dicaments  \n \nLE DIRECTEUR G\u00c9N\u00c9RAL DE L'AGENCE R\u00c9GIONALE DE SANT\u00c9 ILE-DE-FRANCE \n \nVU le code de la sant\u00e9 publique  et notamment ses articles L.1111 -8, L.5121 -5,  L.5125-33 \u00e0 \nL.5125-41 et R.5125-70 \u00e0 R.5125-74 ; \n \nVU l'arr\u00eat\u00e9 du 26 f\u00e9vrier 2021 modifiant l'arr\u00eat\u00e9 du 28 novembre 2016 relatif aux bonnes pratiques \nde dispensation des m\u00e9dicaments dans les pharmacies d'officines, les pharmacies mutualistes \net les pharmacies de secours mini\u00e8res, mentionn\u00e9es \u00e0 l'article L.512 1-5 du code de la sant\u00e9 \npublique ; \n \nVU  l'arr\u00eat\u00e9 du 28 novembre 2016 relatif aux r\u00e8gles techniques applicables aux sites internet de \ncommerce \u00e9lectronique de m\u00e9dicaments pr\u00e9vues \u00e0 l'article L.5121 -39 du code de la sant\u00e9 \npublique ; \n \nVU  le d\u00e9cret en date du 10 avril 2024 portant nomination de Monsieur Denis ROBIN, Directeur \ng\u00e9n\u00e9ral de l'Agence r\u00e9gionale de sant\u00e9 Ile-de-France \u00e0 compter du 29 avril 2024 ;  \n \nVU l'arr\u00eat\u00e9 n\u00b0 DS/037/2024 en date du 29 avril 2024  portant d\u00e9l\u00e9gation de signature de Monsieur \nDenis ROBIN, Directeur g\u00e9n\u00e9ral de l'Agence r\u00e9gionale de sant\u00e9 Ile-de-France, \u00e0 Madame \nC\u00e9cile SOMARRIBA, Directrice de la Veille et S\u00e9curit\u00e9 Sanitaire ; \n \nVU  la demande d\u00e9pos\u00e9e le 15 avril 2025  par Monsieur Jonathan NAMIGOHAR  pharmacien \ntitulaire de l' officine de pharmacie sise 199 Boulevard Bineau  \u00e0 Neuilly -sur-Seine (92200), \nexploit\u00e9e sous la licence n\u00b092#0002331, \u00e0 l'adresse https://pharmacie-iledelajatte-\nneuillysurseine.mesoigner.fr;  \n \nVU  le rapport d'instruction en date du 10 juillet 2025 ;  \n \nVU  la d\u00e9claration annuelle de l'activit\u00e9 globale et du nombre de pharmaciens adjoints des \npharmacies d'officines pour l'ann\u00e9e 2024 effectu\u00e9e par Monsieur Jonathan NAMIGOHAR ;  \n \n \nCONSID\u00c9RANT que la description du site et de ses fonctionnalit\u00e9s permettent de s'assurer du respect \nde la l\u00e9gislation et de la r\u00e9glementation en vigueur ; \n \nCONSID\u00c9RANT que les conditions d'installations de l'officine sont conformes aux dispositions des \narticles R.5121-8 et R.5125-9 du code de la sant\u00e9 publique ; \n \nCONSID\u00c9RANT que les engagements pris par les pharmaciens titulaires devraient \u00eatre de nature \u00e0 \ngarantir le respect de la l\u00e9gislation et de la r\u00e9glementation en vigueur ; \n \nCONSID\u00c9RANT que la soci\u00e9t\u00e9 CLARANET  agr\u00e9\u00e9e pour une prestation d'h\u00e9bergement de donn\u00e9es \nde sant\u00e9 \u00e0 caract\u00e8re personnel permettant notamment d'h\u00e9berger des sites de vente \nen ligne de m\u00e9dicament, s'est engag\u00e9e \u00e0 h\u00e9berger les donn\u00e9es de sant\u00e9 recueillies \npar le site https://pharmacie-iledelajatte-neuillysurseine.mesoigner.fr ;   \n  \nAgence R\u00e9gionale de Sant\u00e9 - IDF-2025-07-16-00008 - D\u00e9cision n\u00b0DVSS - QSPHARMBIO - 2025/080\nportant autorisation de cr\u00e9ation d'un site internet de commerce \u00e9lectronique de m\u00e9dicaments 14\n2 \n \n \nARR\u00caTE \n \n \nARTICLE 1 Monsieur Jonathan NAMINGOHAR, pharmacien titulaire, est autoris\u00e9 \u00e0 cr\u00e9er un site \ninternet de commerce \u00e9lectronique  de m\u00e9dicaments \u00e0 l'adresse  https://pharmacie-\niledelajatte-neuillysurseine.mesoigner.fr; rattach\u00e9 \u00e0 la licence n\u00b0 92#002331 de \nl'officine dont il est titulaire exploitant sise 199 Boulevard Bineau \u00e0 Neuilly -sur-Seine \n(92200).  \n \nARTICLE 2  Toute modification substantielle des conditions d'exploitation ainsi que la suspension \nou la cessation d'exploitation du site internet autoris\u00e9 par le pr\u00e9sent arr\u00eat\u00e9 devront \nfaire l'objet d'une information imm\u00e9diate \u00e0 la directrice g\u00e9n\u00e9rale de l'agence r\u00e9gionale \nde sant\u00e9 Ile-de-France et au conseil r\u00e9gional Ile-de-France de l'ordre des \npharmaciens. \n \nARTICLE 3  La cessation d'activit\u00e9 de l'officine de pharmacie exploit\u00e9e sous la licence \nn\u00b0 92#002331 entra\u00eenera la fermeture du site internet autoris\u00e9 par le pr\u00e9sent arr\u00eat\u00e9. \nARTICLE 4  Un recours contentieux contre la pr\u00e9sente d\u00e9cision peut \u00eatre form\u00e9 aupr\u00e8s du Tribunal \nadministratif comp\u00e9tent. Le d\u00e9lai de recours est de deux mois \u00e0 compter de la \nnotification de la d\u00e9cision pour les int\u00e9ress\u00e9s ou de sa publication pour les tiers. Cette \njuridiction peut notamment \u00eatre saisie via une requ\u00eate remise ou envoy\u00e9e au greffe du \nTribunal administratif ou aussi par l'application T\u00e9l\u00e9recours accessible \u00e0 partir du site \nwww.telerecours.fr.  \n \nARTICLE 5 La pr\u00e9sente d\u00e9cision sera publi\u00e9e aux recueils des actes administratifs de la \npr\u00e9fecture de la r\u00e9gion Ile-de-France. \n \nFait \u00e0 Saint-Denis, le 16 juillet 2025 \n \nPour le Directeur g\u00e9n\u00e9ral  \nde l'Agence r\u00e9gionale de sant\u00e9 \nIle-de-France \nLa Directrice de la Veille et S\u00e9curit\u00e9 \nSanitaire \n \n Sign\u00e9  \n \n \n \n  C\u00e9cile SOMARRIBA  \nAgence R\u00e9gionale de Sant\u00e9 - IDF-2025-07-16-00008 - D\u00e9cision n\u00b0DVSS - QSPHARMBIO - 2025/080\nportant autorisation de cr\u00e9ation d'un site internet de commerce \u00e9lectronique de m\u00e9dicaments 15\nDirection r\u00e9gionale des affaires culturelles\nd'Ile-de-France \nIDF-2025-06-11-00013\nArr\u00eat\u00e9 portant inscription au titre des\nmonuments historiques de certaines parties de\nl'h\u00f4tel Henri Menier, situ\u00e9 8 rue Alfred de Vigny,\n\u00e0 Paris (8e arr.)\nDirection r\u00e9gionale des affaires culturelles d'Ile-de-France  - IDF-2025-06-11-00013 - Arr\u00eat\u00e9 portant inscription au titre des monuments\nhistoriques de certaines parties de l'h\u00f4tel Henri Menier, situ\u00e9 8 rue Alfred de Vigny, \u00e0 Paris (8e arr.) 16\nE =PREFET |DE LA REGIOND'\u00ceLE-DE-FRANCELibert\u00e9\u00c9galit\u00e9Fraternit\u00e9\nPr\u00e9fecture de la r\u00e9gion d'Ile-de-France \n5 rue Leblanc  75015 Paris \u2013 Standard  01 82 52 40 00  \u2022 T\u00e9l\u00e9copie 01 82 52 40 16 \nAdresse Internet : www.paris-idf.gouv.fr  \n                                          \n \n \n \n \n \n \n                                                                                                          \nA R R \u00ca T \u00c9  N\u00b0  \n \nportant inscription au titre des monuments historiques de certaines parties de l'h\u00f4tel Henri Menier, \nsitu\u00e9 8 rue Alfred de Vigny, \u00e0 Paris (8e arr.) ; \n \nLE PR\u00c9FET DE LA R\u00c9GION D'\u00ceLE-DE-FRANCE \nPR\u00c9FET DE PARIS \nCOMMANDEUR DE LA L\u00c9GION D'HONNEUR \n  OFFICIER DE L'ORDRE NATIONAL DU M\u00c9RITE  \n \nVU le code du patrimoine, livre VI, titres I et II  ;  \n \nVU le d\u00e9cret n\u00b0 2004-374 du 29 avril 2004 relatif aux pouvoirs des pr\u00e9fets, \u00e0 l'organisation et \u00e0 \nl'action des services de l'Etat dans les r\u00e9gions et d\u00e9partements ; \n \nVU l'avis de la Commission r\u00e9gionale du patrimoine et de l'architecture en date du 5 d\u00e9cembre \n2023 ; \n \nVU les autres pi\u00e8ces produites et jointes au dossier ; \nCONSID\u00c9RANT que l'h\u00f4tel Henri Menier, construit entre 1884 et 1887, est une r\u00e9alisation majeure de \nl'architecte Henri Parent, figure importante de l'architecture \u00e9clectique de la 2 \ne moiti\u00e9 du XIX e \nsi\u00e8cle, qu'il est un des rares h\u00f4tels de cette importance dont le style se rattache \u00e0 la premi\u00e8re \nRenaissance fran\u00e7aise, que ses b\u00e2timents sur cour offrent un exemple peu fr\u00e9quent \u00e0 Paris \nd'\u00e9l\u00e9vation en pan-de-bois et en brique inspir\u00e9e de l'architecture urbaine de la fin du XV e et du \nd\u00e9but du XVI e si\u00e8cle, et que ses d\u00e9cors int\u00e9rieurs sont un t\u00e9moin tr\u00e8s raffin\u00e9 des arts d\u00e9coratifs de la \nfin du XIX e si\u00e8cle ; qu'\u00e0 ces divers titres, il pr\u00e9sente au point de vue de l'histoire et de l'art un int\u00e9r\u00eat \net des qualit\u00e9s suffisantes pour en rendre d\u00e9sirable la pr\u00e9servation ; \n      A R R \u00ca T E  \nARTICLE Ier-. Sont inscrites au titre des monuments historiques les parties suivantes de l'h\u00f4tel Henri \nMenier, situ\u00e9 8 rue Alfred de Vigny \u00e0 Paris (8e arr.), sur la parcelle n\u00b0 22, d'une contenance de 906 m 2, \nfigurant au cadastre section CO, telles que d\u00e9limit\u00e9es sur les plans annex\u00e9s :  \n \n- les fa\u00e7ades et toitures du b\u00e2timent sur rue, y compris le passage couvert, \n- la loge de concierge situ\u00e9e au rez-de-chauss\u00e9e du b\u00e2timent sur rue, \n- l'aile lat\u00e9rale, en totalit\u00e9, \n- l'ancienne \u00e9curie, situ\u00e9e sous la cour.  \n \n \n            Direction r\u00e9gionale  \n  des affaires culturelles  \n  d'\u00cele-de-France  \n \nDirection r\u00e9gionale des affaires culturelles d'Ile-de-France  - IDF-2025-06-11-00013 - Arr\u00eat\u00e9 portant inscription au titre des monuments\nhistoriques de certaines parties de l'h\u00f4tel Henri Menier, situ\u00e9 8 rue Alfred de Vigny, \u00e0 Paris (8e arr.) 17\n \n \n \n \n \n \n \n \n \nLe passage couvert appartient aux copropri\u00e9taires de l'\u00e9difice, ayant pour syndic et repr\u00e9sentant \nresponsable le cabinet Jean CHARPENTIER, 204 boulevard Voltaire \u00e0 Paris (11 \ne arr.). Le r\u00e8glement de \ncopropri\u00e9t\u00e9 et l'\u00e9tat descriptif et de division ont \u00e9t\u00e9 \u00e9tablis par l'acte pass\u00e9 le 14 novembre 1975 \ndevant ma\u00eetre DARPHIN, notaire \u00e0 Asni\u00e8res-sur-Seine, et enregistr\u00e9 au bureau des hypoth\u00e8ques de \nParis le 26 novembre 1975, volume 1682, num\u00e9ro 2. \nLes autres parties inscrites appartiennent \u00e0 Mme Chantal VAYSON DE PRADENNE, demeurant 8 rue \nAlfred de Vigny \u00e0 Paris (8 \ne arr.), par l'acte pass\u00e9 le 14 novembre 1975 devant ma\u00eetre DARPHIN, \nnotaire \u00e0 Asni\u00e8res-sur-Seine, et enregistr\u00e9 au bureau des hypoth\u00e8ques de Paris le 26 novembre 1975, \nvolume 1682, num\u00e9ro 3. \n \nARTICLE 2-. Le pr\u00e9sent arr\u00eat\u00e9 sera notifi\u00e9 au propri\u00e9taire, au maire de la commune concern\u00e9e et le \ncas \u00e9ch\u00e9ant, \u00e0 l'autorit\u00e9 comp\u00e9tente en mati\u00e8re de plan local d'urbanisme. \n \nARTICLE 3-. Le pr\u00e9fet de la r\u00e9gion d'\u00cele-de-France est charg\u00e9 de l'ex\u00e9cution du pr\u00e9sent arr\u00eat\u00e9, qui \nsera publi\u00e9 au fichier immobilier de la situation de l'immeuble inscrit et au recueil des actes \nadministratifs de la pr\u00e9fecture de r\u00e9gion. \n \n \n \n \n \nFait \u00e0 Paris, le 11/06/2025 \nLe pr\u00e9fet de la r\u00e9gion d'\u00cele-de-France, \nPr\u00e9fet de Paris \n \nSIGN\u00c9 \n \nMarc GUILLAUME \n \n \n \n \n \nDirection r\u00e9gionale des affaires culturelles d'Ile-de-France  - IDF-2025-06-11-00013 - Arr\u00eat\u00e9 portant inscription au titre des monuments\nhistoriques de certaines parties de l'h\u00f4tel Henri Menier, situ\u00e9 8 rue Alfred de Vigny, \u00e0 Paris (8e arr.) 18\nPr\u00e9fecture de la r\u00e9gion d'Ile-de-France \n5 rue Leblanc  75015 Paris \u2013 Standard  01 82 52 40 00  \u2022 T\u00e9l\u00e9copie 01 82 52 40 16 \nAdresse Internet : www.paris-idf.gouv.fr  \nPlans annex\u00e9s \u00e0 l'arr\u00eat\u00e9 n\u00b0                                         portant inscription au titre des monuments \nhistoriques de certaines parties de l'h\u00f4tel Henri Menier, situ\u00e9 8 rue Alfred de Vigny, \u00e0 Paris (8e arr.) \n \n \n  \n \n \n \n \n \n \n  \n \n \n                                     \n \nEtendue de l'inscription au titre des monuments historiques \n      \n            \n  \n \n \nFait \u00e0 Paris, le 11/06/2025 \nLe pr\u00e9fet de la r\u00e9gion d'\u00cele-de-France, \nPr\u00e9fet de Paris \n \nSIGN\u00c9 \n \nMarc GUILLAUME \n \n \nDirection r\u00e9gionale des affaires culturelles d'Ile-de-France  - IDF-2025-06-11-00013 - Arr\u00eat\u00e9 portant inscription au titre des monuments\nhistoriques de certaines parties de l'h\u00f4tel Henri Menier, situ\u00e9 8 rue Alfred de Vigny, \u00e0 Paris (8e arr.) 19\nIMM. 8 R. A. DE VIGNY A PARISSOUS-SOL BAT. RUEech. 0.03% p.m.\nchau fiiferie\n| aged Dot n\u00b02CrHN\n9 @lerie 4\u00b0 ul} t JAE\ndresse par F KOHN Arch. d.p.l.g.\n\"ae Lot n\u00b03 J\nis Int\u00e9rieurs inscrits\nPlans annex\u00e9s \u00e0 l'arr\u00eat\u00e9 n\u00b0                                         portant inscription au titre des monuments \nhistoriques de certaines parties de l'h\u00f4tel Henri Menier, situ\u00e9 8 rue Alfred de Vigny, \u00e0 Paris (8e arr.)  \n \n \n \n \n \n \n \n \n \n\u00c9tendue de protection au titre des monuments historiques des int\u00e9rieurs, au sous-sol. \n \n \n \nFait \u00e0 Paris, le 11/06/2025 \nLe pr\u00e9fet de la r\u00e9gion d'\u00cele-de-France, \nPr\u00e9fet de Paris \n \nSIGN\u00c9 \n \nMarc GUILLAUME \n \n \n \nDirection r\u00e9gionale des affaires culturelles d'Ile-de-France  - IDF-2025-06-11-00013 - Arr\u00eat\u00e9 portant inscription au titre des monuments\nhistoriques de certaines parties de l'h\u00f4tel Henri Menier, situ\u00e9 8 rue Alfred de Vigny, \u00e0 Paris (8e arr.) 20\nIi Lot n 14 [i 'il J \u2014\u20143\u2014 relire! i? ;> i Lot n\u00b015;u ot r| N! =| | esc. B TT \u00c0NN [lotr 6x |\nES Int\u00e9rieurs inscrits\npartie duLot n 7 Lota n5 jivide\u00c0 Jrm \"1ex. BO ide\ni Int\u00e9rieurs inscrits\nPr\u00e9fecture de la r\u00e9gion d'Ile-de-France \n5 rue Leblanc  75015 Paris \u2013 Standard  01 82 52 40 00  \u2022 T\u00e9l\u00e9copie 01 82 52 40 16 \nAdresse Internet : www.paris-idf.gouv.fr  \nPlans annex\u00e9s \u00e0 l'arr\u00eat\u00e9 n\u00b0                                         portant inscription au titre des monuments historiques de \ncertaines parties de l'h\u00f4tel Henri Menier, situ\u00e9 8 rue Alfred de Vigny, \u00e0 Paris (8e arr.) \n                                                          \n  \n\u00c9tendue de protection au titre des monuments historiques \n des int\u00e9rieurs du b\u00e2timent sur rue, au rez-de-chauss\u00e9e \n \n   \n  \n\u00c9tendue de protection au titre des monuments historiques \n des int\u00e9rieurs du b\u00e2timent sur rue, \u00e0 l'entresol \n \nFait \u00e0 Paris, le 11/06/2025 \nLe pr\u00e9fet de la r\u00e9gion d'\u00cele-de-France, \nPr\u00e9fet de Paris \n \nSIGN\u00c9 \n \nMarc GUILLAUME \n \n \nDirection r\u00e9gionale des affaires culturelles d'Ile-de-France  - IDF-2025-06-11-00013 - Arr\u00eat\u00e9 portant inscription au titre des monuments\nhistoriques de certaines parties de l'h\u00f4tel Henri Menier, situ\u00e9 8 rue Alfred de Vigny, \u00e0 Paris (8e arr.) 21\nMission nationale de contr\u00f4le et d'audit des\norganismes de s\u00e9curit\u00e9 sociale \nIDF-2025-07-16-00004\nArr\u00eat\u00e9 modificatif du 16 juillet 2025 - ADP CA -\nCAF de Seine-et-Marne portant modification de\nla composition du conseil d'administration de la\nCaisse d'Allocations Familiales de Seine-et-Marne\nMission nationale de contr\u00f4le et d'audit des organismes de s\u00e9curit\u00e9 sociale  - IDF-2025-07-16-00004 - Arr\u00eat\u00e9 modificatif du 16 juillet\n2025 - ADP CA - CAF de Seine-et-Marne portant modification de la composition du conseil d'administration de la Caisse d'Allocations\nFamiliales de Seine-et-Marne\n22\nE =GOUVERNEMENT DirectionLibert\u00e9 de la s\u00e9curit\u00e9 socialeEgalit\u00e9Fraternit\u00e9\n \n \n \n \n \nArr\u00eat\u00e9 modificatif du 16 juillet 2025 \u2013 ADP CA - CAF de Seine-et-Marne portant modification de la \ncomposition du conseil d'administration de la Caisse d'Allocations Familiales de Seine-et-Marne \n \n \nLa ministre du travail, de la sant\u00e9, des solidarit\u00e9s et des familles \n \n \nVu le code de la s\u00e9curit\u00e9 sociale et notamment les articles L. 212-2, R. 121-5 \u00e0 R. 121-7, et D. 231-1 \u00e0 D. 231-4 ; \n         \nVu l'arr\u00eat\u00e9 du 10 mars 2022 \u2013 ADP CA CAF 77 n\u00b01/2022 - portant nomination des membres du conseil \nd'administration de la Caisse d'Allocations Familiales de Seine et Marne ; \n \nVu l'arr\u00eat\u00e9 modificatif du 18 octobre 2022 \u2013 ADP CA CAF 77 n\u00b02/2022 - portant nomination des membres du \nconseil d'administration de la Caisse d'Allocations Familiales de Seine et Marne ; \n \nVu l'arr\u00eat\u00e9 modificatif du 16 d\u00e9cembre 2022 \u2013 ADP CA CAF de Seine et Marne n\u00b0 4/2022 -portant modification \nde la composition du conseil d'administration de la Caisse d'Allocations Familiales de Seine et Marne ; \n \nVu l'arr\u00eat\u00e9 modificatif du 19 janvier 2024 \u2013 ADP CA CAF de Seine et Marne portant modification de la \ncomposition du conseil d'administration de la Caisse d'Allocations Familiales de Seine et Marne ; \n \nVu l'arr\u00eat\u00e9 modificatif du 26 ao\u00fbt 2024 \u2013 ADP CA CAF de Seine et Marne portant modification de la composition \ndu conseil d'administration de la Caisse d'Allocations Familiales de Seine et Marne ; \n \nVu l'a rr\u00eat\u00e9 modificatif du 31 octobre 2024 \u2013 ADP CA CAF de Seine -et-Marne portant modification de la \ncomposition du conseil d'administration de la Caisse d'Allocations Familiales de Seine et Marne ; \n \nVu l'a rr\u00eat\u00e9 modificatif du 12 f\u00e9vrier 2025 \u2013 ADP CA - CAF de Seine -et-Marne portant modification de la \ncomposition du conseil d'administration de la Caisse d'Allocations Familiales de Seine-et-Marne ; \n \nVu l'a rr\u00eat\u00e9 modificatif du 06 mars 2025 \u2013 ADP CA - CAF de Seine -et-Marne portant modification de la \ncomposition du conseil d'administration de la Caisse d'Allocations Familiales de Seine-et-Marne ; \n \nVu les propositions de modifications \u00e9manant, au titre des repr\u00e9sentants des employeurs, du Mouvement des \nentreprises de France (MEDEF) ; \n \nVu l'arr\u00eat\u00e9 du 20 novembre 2024 portant d\u00e9l\u00e9gation de signature \u00e0 Monsieur Th\u00e9ophile TOSSAVI, Adjoint chef \nde l'antenne de Paris de la Mission Nationale de Contr\u00f4le et d'audit des organismes de s\u00e9curit\u00e9 sociale ; \n \nArr\u00eate : \nArticle 1er \nLa composition du conseil d'administration de la Caisse d'Allocations Familiales de Seine-et-Marne est modifi\u00e9e \ncomme suit : \n \n2\u00b0 En tant que Repr\u00e9sentants des employeurs  \nSur d\u00e9signation du Mouvement des entreprises de France (MEDEF) \n \nTitulaires : \nMme EMMA (Aur\u00e9lia) en lieu et place de M. CALASCIBETTA (Gilbert) \n \nMission nationale de contr\u00f4le et d'audit des organismes de s\u00e9curit\u00e9 sociale  - IDF-2025-07-16-00004 - Arr\u00eat\u00e9 modificatif du 16 juillet\n2025 - ADP CA - CAF de Seine-et-Marne portant modification de la composition du conseil d'administration de la Caisse d'Allocations\nFamiliales de Seine-et-Marne\n23\n \nArticle 2 \n \nL'Adjoint chef de l'antenne de PARIS de la Mission nationale de contr\u00f4le et d'audit des organismes de s\u00e9curit\u00e9 \nsociale est charg\u00e9 de l'ex\u00e9cution du pr\u00e9sent arr\u00eat\u00e9, qui sera publi\u00e9 au recueil des actes administratifs de la \nr\u00e9gion Ile-de-France. \n \nFait \u00e0 Paris, le 16 juillet 2025 \nLa ministre du travail, de la sant\u00e9, des solidarit\u00e9s et des familles, \n \nPour la ministre et par d\u00e9l\u00e9gation : \n \nSIGNE \n \nTh\u00e9ophile TOSSAVI \n \n \n \n \n \n \n \nMission nationale de contr\u00f4le et d'audit des organismes de s\u00e9curit\u00e9 sociale  - IDF-2025-07-16-00004 - Arr\u00eat\u00e9 modificatif du 16 juillet\n2025 - ADP CA - CAF de Seine-et-Marne portant modification de la composition du conseil d'administration de la Caisse d'Allocations\nFamiliales de Seine-et-Marne\n24\nMission nationale de contr\u00f4le et d'audit des\norganismes de s\u00e9curit\u00e9 sociale \nIDF-2025-07-16-00005\nArr\u00eat\u00e9 modificatif du 16 juillet 2025 - ADP CA\nCAF de Seine - Saint - Denis - portant\nmodification de la composition du conseil\nd'administration de la Caisse d'Allocations\nFamiliales de Seine-Saint-Denis\nMission nationale de contr\u00f4le et d'audit des organismes de s\u00e9curit\u00e9 sociale  - IDF-2025-07-16-00005 - Arr\u00eat\u00e9 modificatif du 16 juillet\n2025 - ADP CA CAF de Seine - Saint - Denis - portant modification de la composition du conseil d'administration de la Caisse\nd'Allocations Familiales de Seine-Saint-Denis\n25\nE =GOUVERNEMENT DirectionLibert\u00e91e de la s\u00e9curit\u00e9 socialeEgalit\u00e9Fraternit\u00e9\n \n \n \n \n \n \n \n \nArr\u00eat\u00e9 modificatif du 16 juillet 2025 \u2013 ADP CA CAF de Seine \u2013 Saint - Denis - portant modification de la \ncomposition du conseil d'administration de la Caisse d'Allocations Familiales de Seine-Saint-Denis \n \n \nLa ministre du travail, de la sant\u00e9, des solidarit\u00e9s et des familles \n \n \n \nVu le code de la s\u00e9curit\u00e9 sociale et notamment les articles L. 212-2, R. 121-5 \u00e0 R. 121-7, et D. 231-1 \u00e0 D. 231-4 ; \n         \nVu l'arr\u00eat\u00e9 du 10 mars 2022 \u2013 ADP CA CAF 93 n\u00b01/2022 - portant nomination des membres du conseil \nd'administration de la Caisse d'Allocations Familiales de Seine-Saint-Denis ; \n \nVu l'arr\u00eat\u00e9 modificatif du 15 mars 2022 \u2013 ADP CA CAF 93 n\u00b02/2022 \u2013 portant nomination des membres du \nconseil d'administration de la Caisse d'Allocations Familiales de Seine-Saint-Denis ; \n \nVu l'arr\u00eat\u00e9 modificatif du 27 juillet 2022 \u2013 ADP CA CAF 93 n\u00b03/2022 \u2013 portant modification de la composition \ndu conseil d'administration de la Caisse d'Allocations Familiales de Seine-Saint-Denis ; \n \nVu l'arr\u00eat\u00e9 modificatif du 18 octobre 2022 \u2013 ADP CA CAF 93 n\u00b04/2022 \u2013 portant modification de la  \ncomposition du conseil d'administration de la Caisse d'Allocations Familiales de Seine-Saint-Denis ; \n \nVu l'Arr\u00eat\u00e9 modificatif du 17 novembre 2022 \u2013 ADP CA CAF de Seine \u2013 Saint - Denis n\u00b05/2022 -portant \nmodification de la composition du conseil d'administration de la Caisse d'Allocations Familiales de Seine -\nSaint-Denis ; \n \nVu l'arr\u00eat\u00e9 modificatif du 16 d\u00e9cembre 2022 \u2013 ADP CA CAF de Seine \u2013 Saint - Denis n\u00b06/2022 -portant \nmodification de la composition du conseil d'administration de la Caisse d'Allocations Familiales de Seine -\nSaint-Denis \n \nVu l' arr\u00eat\u00e9 modificatif du 14 d\u00e9cembre 2024  \u2013 ADP CA CAF de Seine \u2013 Saint - Denis n\u00b07/2022 portant \nmodification de la composition du conseil d'administration de la Caisse d'Allocations Familiales de Seine -\nSaint-Denis \n \nVu l'arr\u00eat\u00e9 modificatif du 19 janvier 2024 \u2013 ADP CA CAF de Seine \u2013 Saint - Denis n\u00b08/2022 portant \nmodification de la composition du conseil d'administration de la Caisse d'Allocations Familiales de Seine -\nSaint-Denis \n \nVu l'arr\u00eat\u00e9 modificatif du 04 avril 2024 \u2013 ADP CA CAF de Seine \u2013 Saint - Denis - portant modification de la \ncomposition du conseil d'administration de la Caisse d'Allocations Familiales de Seine-Saint-Denis \n \nVu l'arr\u00eat\u00e9 modificatif du 28 juin 2024 \u2013 ADP CA CAF de Seine \u2013 Saint - Denis - portant modification de la \ncomposition du conseil d'administration de la Caisse d'Allocations Familiales de Seine-Saint-Denis \n \nVu l'arr\u00eat\u00e9 modificatif du 21 mai 2025 \u2013 ADP CA CAF de Seine \u2013 Saint - Denis - portant modification de la \ncomposition du conseil d'administration de la Caisse d'Allocations Familiales de Seine-Saint-Denis \n \nVu la proposition de candidature \u00e9manant, au titre des repr\u00e9sentants des travailleurs ind\u00e9pendants, de la \nF\u00e9d\u00e9ration nationale des autoentrepreneurs (FNAE) ; \n \nVu l'arr\u00eat\u00e9 du 20 novembre 2024 portant d\u00e9l\u00e9gation de signature \u00e0 Monsieur Th\u00e9ophile TOSSAVI, Adjoint \nchef de l'antenne de Paris de la Mission Nationale de Contr\u00f4le et d'audit des organismes de s\u00e9curit\u00e9 sociale ; \n \n \nMission nationale de contr\u00f4le et d'audit des organismes de s\u00e9curit\u00e9 sociale  - IDF-2025-07-16-00005 - Arr\u00eat\u00e9 modificatif du 16 juillet\n2025 - ADP CA CAF de Seine - Saint - Denis - portant modification de la composition du conseil d'administration de la Caisse\nd'Allocations Familiales de Seine-Saint-Denis\n26\nArr\u00eate : \n \nArticle 1er \n \nLa composition du conseil d'administration de la Caisse d'Allocations Familiales de Seine -Saint-Denis est \nmodifi\u00e9e comme suit : \n3\u00b0 En tant que repr\u00e9sentants des travailleurs ind\u00e9pendants \nSur d\u00e9signation de la F\u00e9d\u00e9ration nationale des autoentrepreneurs (FNAE) \n \n \nTitulaire : \nM. SADEGHI (Tristan)  \n \nArticle 2 \n  \nL'adjoint au chef d'antenne de PARIS de la Mission nationale de contr\u00f4le et d'audit des organismes de \ns\u00e9curit\u00e9 sociale est charg\u00e9 de l'ex\u00e9cution du pr\u00e9sent arr\u00eat\u00e9, qui sera publi\u00e9 au recueil des actes \nadministratifs de la pr\u00e9fecture de la r\u00e9gion Ile de France. \n \n \n \nFait \u00e0 Paris, le 16 juillet 2025 \n \n \nLa ministre du travail, de la sant\u00e9, des solidarit\u00e9s et des familles \n \n \nPour la ministre et par d\u00e9l\u00e9gation \n \nSIGNE \n \nTh\u00e9ophile TOSSAVI \n \n \n                                                                         \n   \n \n \nMission nationale de contr\u00f4le et d'audit des organismes de s\u00e9curit\u00e9 sociale  - IDF-2025-07-16-00005 - Arr\u00eat\u00e9 modificatif du 16 juillet\n2025 - ADP CA CAF de Seine - Saint - Denis - portant modification de la composition du conseil d'administration de la Caisse\nd'Allocations Familiales de Seine-Saint-Denis\n27\nMission nationale de contr\u00f4le et d'audit des\norganismes de s\u00e9curit\u00e9 sociale \nIDF-2025-07-16-00006\nArr\u00eat\u00e9 modificatif du 16 juillet 2025 - ADP\nConseil CPAM 93 - portant modification de la\ncomposition du Conseil de la Caisse Primaire\nd'Assurance Maladie de de la Seine-Saint-Denis\nMission nationale de contr\u00f4le et d'audit des organismes de s\u00e9curit\u00e9 sociale  - IDF-2025-07-16-00006 - Arr\u00eat\u00e9 modificatif du 16 juillet\n2025 - ADP Conseil CPAM 93 - portant modification de la composition du Conseil de la Caisse Primaire d'Assurance Maladie de de la\nSeine-Saint-Denis\n28\nE =GOUVERNEMENT DirectionLibert\u00e91e de la s\u00e9curit\u00e9 socialeEgalit\u00e9Fraternit\u00e9\n \n \n \n \n \n  \nArr\u00eat\u00e9 modificatif du 16 juillet 2025 \u2013 ADP Conseil CPAM 93 \u2013 portant modification de la composition du \nConseil de la Caisse Primaire d'Assurance Maladie de de la Seine-Saint-Denis \n \n \nLa ministre du travail, de la sant\u00e9, des solidarit\u00e9s et des familles \n \n \nVu le code de la s\u00e9curit\u00e9 sociale et notamment les articles L. 211 -2, R. 211-1, R. 121-5 \u00e0 R. 121-7, et D. 231-1 \u00e0 \nD. 231-4 ; \n \nVu l'arr\u00eat\u00e9 du 28 octobre 2009 relatif aux institutions intervenant dans le domaine de l'assurance maladie et \nsi\u00e9geant au sein du conseil de la Caisse nationale de l'assurance maladie des travailleurs salari\u00e9s ; \n \nVu l'arr\u00eat\u00e9 du 5 avril 2022 \u2013 ADP Conseil CPAM 93 - portant nomination des membres du Conseil de la \nCaisse Primaire d'Assurance Maladie de la Seine-Saint-Denis ; \n \nVu l'arr\u00eat\u00e9 modificatif du 8 avril 2022 \u2013 ADP Conseil CPAM 93 (n\u00b02) - portant nomination des membres du \nConseil de la Caisse Primaire d'Assurance Maladie de de la Seine-Saint-Denis ; \n \nVu l'arr\u00eat\u00e9 modificatif du 20 janvier 2023 \u2013 ADP Conseil CPAM 93 - portant modification des membres du \nConseil de la Caisse Primaire d'Assurance Maladie de la Seine-Saint-Denis ; \n \nVu l'arr\u00eat\u00e9 modificatif du 9 octobre 2023 \u2013 ADP Conseil CPAM 93 \u2013 portant modification des membres du \nConseil de la Caisse Primaire d'Assurance Maladie de de la Seine-Saint-Denis \n \nVu l'Arr\u00eat\u00e9 modificatif du 27 mars 2024 \u2013 ADP Conseil CPAM 93 \u2013 portant modification de la composition \ndu Conseil de la Caisse Primaire d'Assurance Maladie de de la Seine-Saint-Denis ; \n \nVu l'Arr\u00eat\u00e9 modificatif du 10 juin 2024 \u2013 ADP Conseil CPAM 93 \u2013 portant modification de la composition du \nConseil de la Caisse Primaire d'Assurance Maladie de de la Seine-Saint-Denis ; \n \nVu l'arr\u00eat\u00e9 modificatif du 12 septembre 2024 \u2013 ADP Conseil CPAM 93 \u2013 portant modification de la \ncomposition du Conseil de la Caisse Primaire d'Assurance Maladie de de la Seine-Saint-Denis ; \n \nVu la proposition de candidatures \u00e9manant, au titre des Repr\u00e9sentants des assur\u00e9s sociaux, de la \nConf\u00e9d\u00e9ration fran\u00e7aise de l'encadrement - Conf\u00e9d\u00e9ration g\u00e9n\u00e9rale des cadres (CFE-CGC) \n \nVu l'arr\u00eat\u00e9 du 20 novembre 2024 portant d\u00e9l\u00e9gation de signature \u00e0 Monsieur Th\u00e9ophile TOSSAVI, Adjoint \nchef de l'antenne de Paris de la Mission Nationale de Contr\u00f4le et d'audit des organismes de s\u00e9curit\u00e9 sociale \n \nArr\u00eate : \nArticle 1er \nEst nomm\u00e9 membre du Conseil de la Caisse Primaire d'Assurance Maladie de la Seine-Saint-Denis : \nMission nationale de contr\u00f4le et d'audit des organismes de s\u00e9curit\u00e9 sociale  - IDF-2025-07-16-00006 - Arr\u00eat\u00e9 modificatif du 16 juillet\n2025 - ADP Conseil CPAM 93 - portant modification de la composition du Conseil de la Caisse Primaire d'Assurance Maladie de de la\nSeine-Saint-Denis\n29\n \n \n1\u00b0 En tant que Repr\u00e9sentants des assur\u00e9s sociaux  \n \n Sur d\u00e9signation de la Conf\u00e9d\u00e9ration fran\u00e7aise de l'encadrement - Conf\u00e9d\u00e9ration g\u00e9n\u00e9rale des cadres \n(CFE-CGC) \n \n \nSuppl\u00e9ant : \nM. ALLOUACHE (Karim) en lieu et place de Mme LIBOZ-LAL\u00c9 (Nathalie). \n \n \nArticle 2 \n \nL'Adjoint chef d'antenne de Paris de la Mission nationale de contr\u00f4le et d'audit des organismes de s\u00e9curit\u00e9 \nsociale est charg\u00e9 de l'ex\u00e9cution du pr\u00e9sent arr\u00eat\u00e9, qui sera publi\u00e9 au recueil des actes administratifs de la \npr\u00e9fecture de la r\u00e9gion Ile-de-France. \n \nFait \u00e0 Paris le 16 juillet 2025 \nLa ministre du travail, de la sant\u00e9, des solidarit\u00e9s et des familles, \n \nPour la ministre et par d\u00e9l\u00e9gation : \n \nSIGNE \n \nTh\u00e9ophile TOSSAVI \n \n \n \n \n \n \n  \n      \nMission nationale de contr\u00f4le et d'audit des organismes de s\u00e9curit\u00e9 sociale  - IDF-2025-07-16-00006 - Arr\u00eat\u00e9 modificatif du 16 juillet\n2025 - ADP Conseil CPAM 93 - portant modification de la composition du Conseil de la Caisse Primaire d'Assurance Maladie de de la\nSeine-Saint-Denis\n30\nPr\u00e9fecture de la R\u00e9gion d'Ile de France,\nPr\u00e9fecture de Paris \nIDF-2025-07-16-00002\nArr\u00eat\u00e9 modifiant l'arr\u00eat\u00e9 n\u00b0 IDF-2017-12-22-005\ndu 22 d\u00e9cembre 2017 portant composition\nnominative du Conseil \u00e9conomique, social\net environnemental d'Ile-de-France\nPr\u00e9fecture de la R\u00e9gion d'Ile de France, Pr\u00e9fecture de Paris  - IDF-2025-07-16-00002 - Arr\u00eat\u00e9 modifiant l'arr\u00eat\u00e9 n\u00b0 IDF-2017-12-22-005 du\n22 d\u00e9cembre 2017 portant composition nominative du Conseil \u00e9conomique, social\net environnemental d'Ile-de-France\n31\nE 3PREFET |DE LA REGIOND'ILE-DE-FRANCEFraternit\u00e9\n \nPr\u00e9fecture de la r\u00e9gion d'\u00cele-de-France, pr\u00e9fecture de Paris \n5, rue Leblanc 75 911 Paris Cedex 15 | Standard : 01 82 52 40 00 \nSite internet : https://www.prefectures-regions.gouv.fr/ile-de-france  \nTwitter : https://twitter.com/Prefet75_IDF | LinkedIn : https://www.linkedin.com/company/l-\u00e9tat-en-\u00eele-de-france  \n \n \nARR\u00caT\u00c9 N\u00b0  \nmodifiant l'arr\u00eat\u00e9 n\u00b0 IDF-2017-12-22-005 du 22 d\u00e9cembre 2017 \nportant composition nominative du Conseil \u00e9conomique, social \net environnemental d'Ile-de-France \n \n \nLe Pr\u00e9fet de la r\u00e9gion d'Ile-de-France, \nPr\u00e9fet de Paris, \nCommandeur de la L\u00e9gion d'honneur, \nGrand officier de l'Ordre national du M\u00e9rite \n \n \n \n \n \nVu le code g\u00e9n\u00e9ral des collectivit\u00e9s territoriales, et notamment ses articles L. 4134-1, \nR. 4134-2 et R.4134-3 \u00e0 R.4134-6 ; \n \nVu la loi n\u00b0 2022-217, du 21 f\u00e9vrier 2022 relative \u00e0 la diff\u00e9renciation, la \nd\u00e9centralisation, la d\u00e9concentration et portant diverses mesures de simplification de \nl'action publique local, et notamment son article 231  ; \n \nVu le d\u00e9cret n\u00b02017-1193 du 26 juillet 2017, relati f \u00e0 la composition et au \nrenouvellement des conseils \u00e9conomique, social et e nvironnementaux r\u00e9gionaux, \nmodifi\u00e9 par le d\u00e9cret n\u00b02023-632 portant diverses a daptations du code l'action \nsociale et des familles et du code g\u00e9n\u00e9rale des collectivit\u00e9s territoriales ; \n \nVu l'arr\u00eat\u00e9 pr\u00e9fectoral n\u00b0 IDF-2023-12-15-00005 du 15 d\u00e9cembre 2023 relatif \u00e0 la \ncomposition g\u00e9n\u00e9rique du Conseil \u00e9conomique, social  et environnemental d'Ile-de-\nFrance ; \n \nVu l'arr\u00eat\u00e9 pr\u00e9fectoral n\u00b0 IDF-2023-12-29-00002 du 29 d\u00e9cembre 2023 relatif \u00e0 la \ncomposition nominative du Conseil \u00e9conomique, social et environnemental d'Ile-de-\nFrance  ; \n \nVu l'arr\u00eat\u00e9 pr\u00e9fectoral n\u00b0 IDF-2024-02-02-00003 du 2 f\u00e9vrier 2024 compl\u00e9tant et \nmodifiant l'arr\u00eat\u00e9 pr\u00e9fectoral n\u00b0 IDF-2023-12-29-00002 du 29 d\u00e9cembre 2023 relatif \u00e0 \nla composition nominative du Conseil \u00e9conomique, so cial et environnemental d'Ile-\nde-France  ; \n \nVu le courrier de Madame LOSSY DAJON, pr\u00e9sidente de  l'association \nFemmes@Num\u00e9rique, en date du 20 mai 2025, d\u00e9signant Madame Maya HAGEGE  en \nremplacement de Madame Peggy VICOMTE au sein du tro isi\u00e8me coll\u00e8ge du Conseil \n\u00e9conomique, social et environnemental d'\u00cele-de-France  ; \n \nSur proposition du pr\u00e9fet, directeur de cabinet du pr\u00e9fet de la r\u00e9gion d'\u00cele-de-\nFrance, pr\u00e9fet de Paris ; \n \nPr\u00e9fecture de la R\u00e9gion d'Ile de France, Pr\u00e9fecture de Paris  - IDF-2025-07-16-00002 - Arr\u00eat\u00e9 modifiant l'arr\u00eat\u00e9 n\u00b0 IDF-2017-12-22-005 du\n22 d\u00e9cembre 2017 portant composition nominative du Conseil \u00e9conomique, social\net environnemental d'Ile-de-France\n32\n \n \n2 \n \n \nA R R \u00ca T E \n \n \nARTICLE 1 \ner  : au III de l'article 1 er  de l'arr\u00eat\u00e9 du 29 d\u00e9cembre 2023 susvis\u00e9, les mots  :  \n\u00ab Par Femmes Num\u00e9rique : Mme Peggy VICOMTE \u00bb sont remplac\u00e9s par les mots  : \u00ab Par \nFemmes Num\u00e9rique  : Mme Maya HAGEGE \u00bb. \n \nARTICLE 2 : Le pr\u00e9sent arr\u00eat\u00e9 peut faire l'objet d'un recour s devant le tribunal \nadministratif territorialement comp\u00e9tent dans le d\u00e9 lai maximal de deux mois \u00e0 \ncompter de sa publication. \n \nARTICLE 3  : Le pr\u00e9fet, directeur de cabinet du pr\u00e9fet de la r\u00e9gion d'Ile-de-France, \npr\u00e9fet de Paris, est charg\u00e9 de l'ex\u00e9cution du pr\u00e9sent arr\u00eat\u00e9, qui sera publi\u00e9 au recueil \ndes actes administratifs (\u00e9chelon d'Ile-de-France) de la pr\u00e9fecture de la r\u00e9gion d'Ile-\nde-France, pr\u00e9fecture de Paris, accessible sur le s ite Internet de la pr\u00e9fecture: \nwww.prefectures-regions.gouv.fr/ile-de-france/  \n \n \n \n \n \n                Fait \u00e0 Paris, le  16 juillet 2025  \n \nLe pr\u00e9fet de la r\u00e9gion d'Ile-de-France, \npr\u00e9fet de Paris, \n \nSIGNE \n \nMarc GUILLAUME  \n \n \n \n \n \n \n \n \n \n \n \n \n \n \nPr\u00e9fecture de la R\u00e9gion d'Ile de France, Pr\u00e9fecture de Paris  - IDF-2025-07-16-00002 - Arr\u00eat\u00e9 modifiant l'arr\u00eat\u00e9 n\u00b0 IDF-2017-12-22-005 du\n22 d\u00e9cembre 2017 portant composition nominative du Conseil \u00e9conomique, social\net environnemental d'Ile-de-France\n33","date":"2025-07-16","first_seen_on":"2025-07-16T16:57:16+00:00","id":"e8b907dbe4f4833dab6b79791a3b5292f8dab56985717fa613681805a25bace5","name":"recueil-idf-029-2025-07-RAA-nominatifs du 16.07.2025","pdf_creation_date":"2025-07-16T15:07:01+00:00","pdf_modification_date":null,"timezone":"Europe/Paris","url":"https://www.prefectures-regions.gouv.fr/ile-de-france/irecontenu/telechargement/129535/953759/file/recueil-idf-029-2025-07-RAA-nominatifs%20du%2016.07.2025.pdf"}
