{"administration":"pref80","administration_name":"Pr\u00e9fecture de la Somme","content":"PR\u00c9FET\nDE LA SOMME\nRECUEIL DES ACTES\nADMINISTRATIFS SP\u00c9CIAL\n(NOMINATIFS)\nN\u00b02026-090\nPUBLI\u00c9 LE  9 AVRIL 2026\nSommaire\nDirection D\u00e9partementale des Territoires et de la Mer /\n80-2026-04-01-00004 - Arr\u00eat\u00e9 portant modification d'agr\u00e9ment d'un\n\u00e9tablissement d'enseignement de la conduite des v\u00e9hicules \u00e0 moteur\net de la s\u00e9curit\u00e9 routi\u00e8re d\u00e9nomm\u00e9 CMF VICTOR (2 pages) Page 3\nDirection D\u00e9partementale des Territoires et de la Mer / service\nenvironnement et littoral\n80-2026-03-25-00005 - Arr\u00eat\u00e9 portant d\u00e9rogation aux interdictions de\nperturbation intentionnelle, destruction, mutilation, alt\u00e9ration,\nd\u00e9gradation d'aires de repos ou de reproduction d'esp\u00e8ces\nanimales prot\u00e9g\u00e9es (6 pages) Page 6\nMaison d'Arr\u00eat d'Amiens /\n80-2026-04-09-00002 - Arr\u00eat\u00e9 portant d\u00e9l\u00e9gation de signature 09 04\n2026 (16 pages) Page 13\nPr\u00e9fecture de la Somme /\n80-2026-04-06-00001 - Arr\u00eat\u00e9 attribuant r\u00e9compense pour acte de\ncourage et de d\u00e9vouement - M. Florent MALOT (1 page) Page 30\n80-2026-04-07-00001 - Arr\u00eat\u00e9 modificatif fixant la composition du\ncomit\u00e9 social d'administration de la pr\u00e9fecture de la Somme (4 pages) Page 32\n80-2026-04-07-00002 - Arr\u00eat\u00e9 modificatif portant d\u00e9signation des\nmembres de la formation sp\u00e9cialis\u00e9e du comit\u00e9 social\nd'administration de la pr\u00e9fecture de la Somme (4 pages) Page 37\nPr\u00e9fecture de la Somme - Cabinet / Cabinet\n80-2026-04-09-00001 - AP 2026-179 portant d\u00e9rogation aux hauteurs de\nsurvol- course cycliste Paris-Roubaix (8 pages) Page 42\n80-2026-04-08-00001 - Arr\u00eat\u00e9 portant autorisation de surveillance sur la\nvoie publique sur le territoire de la commune d'Amiens du 18 au 19 avril\n2026 (3 pages) Page 51\nPr\u00e9fecture de la Somme - Cabinet / SIDPC\n80-2026-03-31-00007 - Arr\u00eat\u00e9 portant d\u00e9signation d'un jury\nd'examen des certificats de\ncomp\u00e9tence de \u00ab\u00a0Formateur aux\npremiers secours en \u00e9quipe\u00a0\u00bb le 14 avril 2026 (2 pages) Page 55\nPr\u00e9fecture de la Somme - SCPI /\n80-2026-04-08-00002 - Arr\u00eat\u00e9 portant attribution du titre de\nma\u00eetre-restaurateur - Bertrand HALBWACHS - David RAOULT (2 pages) Page 58\n2\nDirection D\u00e9partementale des Territoires et de\nla Mer\n80-2026-04-01-00004\nArr\u00eat\u00e9 portant modification d'agr\u00e9ment d'un\n\u00e9tablissement d'enseignement de la conduite\ndes v\u00e9hicules \u00e0 moteur et de la s\u00e9curit\u00e9 routi\u00e8re\nd\u00e9nomm\u00e9 CMF VICTOR\nDirection D\u00e9partementale des Territoires et de la Mer - 80-2026-04-01-00004 - Arr\u00eat\u00e9 portant modification d'agr\u00e9ment d'un\n\u00e9tablissement d'enseignement de la conduite des v\u00e9hicules \u00e0 moteur et de la s\u00e9curit\u00e9 routi\u00e8re d\u00e9nomm\u00e9 CMF VICTOR 3\n| Direction d\u00e9partementalei. PRE des territoires et de la merLibert\u00e9 de la SommeEgalit\u00e9Fraternit\u00e9\nARR\u00caT\u00c9Portant modification d'agr\u00e9ment d'un \u00e9tablissement d'enseignement de laconduite des v\u00e9hicules \u00e0 moteur et de la s\u00e9curit\u00e9 routi\u00e8re d\u00e9nomm\u00e9CFM VICTOR\nLE PR\u00c9FET DE LA SOMMECHEVALIER DE LA L\u00c9GION D'HONNEUROFFICIER DE L'ORDRE NATIONAL DU M\u00c9RITE\nVu le Code de la route et notamment ses articles R.213-1 et R.213-2 ;Vu le d\u00e9cret du 13 juillet 2023 nommant Monsieur Rollon MOUCHEL-BLAISOT, pr\u00e9fet de laSomme, \u00e0 compter du 24juillet 2023 ;Vu l'arr\u00eat\u00e9 du Premier Ministre et du Ministre de l'Int\u00e9rieur du 12 juin 2024 portantnomination de Monsieur Xavier ROUSSET, ing\u00e9nieur g\u00e9n\u00e9ral des ponts des eaux et des for\u00eatsde classe normale, directeur d\u00e9partemental des territoires et de la mer de la Somme ;Vu l'arr\u00eat\u00e9 du 22 f\u00e9vrier 2023 portant nomination de Monsieur Guillaume VANDEVOORDE,ing\u00e9nieur divisionnaire de l'industrie et des mines, directeur d\u00e9partemental adjoint desterritoires et de la mer de la Somme;Vu l'arr\u00eat\u00e9 minist\u00e9riel du 8 janvier 2001 cr\u00e9ant un registre national de l'enseignement de laconduite des v\u00e9hicules \u00e0 moteur et de la s\u00e9curit\u00e9 routi\u00e8re ;Vu l'arr\u00eat\u00e9 du 9 f\u00e9vrier 2026 relatif \u00e0 l'enseignement de la conduite des v\u00e9hicules \u00e0 moteur etde la s\u00e9curit\u00e9 routi\u00e8re ;Vu l'arr\u00eat\u00e9 pr\u00e9fectoral du 5 f\u00e9vrier 2025 accordant d\u00e9l\u00e9gation de signature \u00e0 Monsieur XavierROUSSET, ing\u00e9nieur g\u00e9n\u00e9ral des ponts des eaux et des for\u00eats de classe normale, directeurd\u00e9partemental des territoires et de la mer de la Somme ;Vu l'arr\u00eat\u00e9 pr\u00e9fectoral du 5 f\u00e9vrier 2025 accordant d\u00e9l\u00e9gation de signature \u00e0 MonsieurGuillaume VANDEVOORDE, ing\u00e9nieur divisionnaire de l'industrie et des mines, directeurd\u00e9partemental adjoint des territoires et de la mer de la Somme ;VU l'arr\u00eat\u00e9 pr\u00e9fectoral du 12 janvier 2021 autorisant Monsieur Victor POULET \u00e0 exploiterl'\u00e9tablissement d'enseignement, \u00e0 titre on\u00e9reux, de la conduite des v\u00e9hicules \u00e0 moteur et las\u00e9curit\u00e9 routi\u00e8re, d\u00e9nomm\u00e9 CFM VICTOR;Consid\u00e9rant la demande de changement d'exploitant pr\u00e9sent\u00e9e par Monsieur Bertrand HEMEen date du 14 mars 2026, relative a l'exploitation de l'\u00e9tablissement d'enseignement de laconduite des v\u00e9hicules \u00e0 moteur de la s\u00e9curit\u00e9 routi\u00e8re d\u00e9nomm\u00e9 CFM BERTRAND ;\nDirection D\u00e9partementale des Territoires et de la Mer - 80-2026-04-01-00004 - Arr\u00eat\u00e9 portant modification d'agr\u00e9ment d'un\n\u00e9tablissement d'enseignement de la conduite des v\u00e9hicules \u00e0 moteur et de la s\u00e9curit\u00e9 routi\u00e8re d\u00e9nomm\u00e9 CMF VICTOR 4\nConsid\u00e9rant que la demande remplit les conditions r\u00e9glementaires,\nSur proposition du Directeur,\nARRETE\nArticle 1er. - L'article 1 de l'arr\u00e9t\u00e9 pr\u00e9fectoral du 12 janvier 2021 susvis\u00e9 est modifi\u00e9 commesuit: Monsieur Bertrand HEME est autoris\u00e9 \u00e0 exploiter, sous le num\u00e9ro E 21 080 0001 0, un\u00e9tablissement d'enseignement, a titre on\u00e9reux, de la conduite des v\u00e9hicules a moteur et de las\u00e9curit\u00e9 routi\u00e8re, d\u00e9nomm\u00e9 CFM BERTRAND situ\u00e9 Route d'Hesdin a Abbeville.\nArticle 2. - L'article 2 de l'arr\u00eat\u00e9 pr\u00e9fectoral du 12 janvier 2021 susvis\u00e9 est modifi\u00e9 comme suit :Cet agr\u00e9ment est d\u00e9livr\u00e9 pour une dur\u00e9e de six ans \u00e0 compter de la date du pr\u00e9sent arr\u00eat\u00e9.Sur demande de l'exploitant pr\u00e9sent\u00e9e deux mois avant la date d'expiration de la validit\u00e9 deson agr\u00e9ment, celui-ci sera renouvel\u00e9 si les conditions requises sont remplies.\nArticle 3. - Les autres articles restent inchang\u00e9s.\nArticle 4. - La modification r\u00e9sultant du pr\u00e9sent arr\u00eat\u00e9 sera enregistr\u00e9e dans le registrenational de l'enseignement de la conduite des v\u00e9hicules \u00e0 moteur et de la s\u00e9curit\u00e9 routi\u00e8recr\u00e9\u00e9 par l'arr\u00eat\u00e9 du 8 janvier 2001 pr\u00e9cit\u00e9.Conform\u00e9ment \u00e0 la loi n\u00b0 78-17 du 6 janvier 1978 relative \u00e0 l'informatique, aux fichiers et auxlibert\u00e9s, toute personne peut obtenir communication et, le cas \u00e9ch\u00e9ant, rectification ousuppression des informations la concernant, en s'adressant \u00e0 la Direction D\u00e9partementale desTerritoires et de la Mer de la Somme - Centre d'examen du permis de conduire bureau\u00e9ducation routi\u00e8re - 35 rue de la vall\u00e9e 80000 Amiens.\nArticle 5. - Le directeur D\u00e9partemental des Territoires et de la Mer est charg\u00e9 de l'ex\u00e9cutiondu pr\u00e9sent arr\u00eat\u00e9 dont mention sera ins\u00e9r\u00e9e au recueil des actes administratifs de lapr\u00e9fecture de la Somme.\nAmiens, le 1\u00b0 avril 2026Pour le pr\u00e9fet et par d\u00e9l\u00e9gation,\nLe Directeur D\u00e9 artementaldes Territoir 4t de la MerAdio\nDirection D\u00e9partementale des Territoires et de la Mer - 80-2026-04-01-00004 - Arr\u00eat\u00e9 portant modification d'agr\u00e9ment d'un\n\u00e9tablissement d'enseignement de la conduite des v\u00e9hicules \u00e0 moteur et de la s\u00e9curit\u00e9 routi\u00e8re d\u00e9nomm\u00e9 CMF VICTOR 5\nDirection D\u00e9partementale des Territoires et de\nla Mer\n80-2026-03-25-00005\nArr\u00eat\u00e9 portant d\u00e9rogation aux interdictions de\nperturbation intentionnelle, destruction,\nmutilation, alt\u00e9ration, d\u00e9gradation d'aires de\nrepos ou de reproduction d'esp\u00e8ces animales\nprot\u00e9g\u00e9es\nDirection D\u00e9partementale des Territoires et de la Mer - 80-2026-03-25-00005 - Arr\u00eat\u00e9 portant d\u00e9rogation aux interdictions de\nperturbation intentionnelle, destruction, mutilation, alt\u00e9ration, d\u00e9gradation d'aires de repos ou de reproduction d'esp\u00e8ces animales\nprot\u00e9g\u00e9es\n6\n| | Direction d\u00e9partementalePREFET des territoires et de la merDE LA SOMME de la SommepeFraterhit\u00e9\nARR\u00caT\u00c9portant d\u00e9rogation aux interdictions de perturbation intentionnelle, destruction, mutilation,alt\u00e9ration, d\u00e9gradation d'aires de repos ou de reproduction d'esp\u00e8ces animales prot\u00e9g\u00e9esLE PR\u00c9FET DE LA SOMMECHEVALIER DE LA LEGION D'HONNEUROFFICIER DE L'ORDRE NATIONAL DU MERITE\nVu le Code de l'environnement et notamment ses articles L 411-1 et 411-2, et R 411-6 \u00e0 R 411-14;Vu le d\u00e9cret n\u00b0 2004-374 du 29 avril 2004 modifi\u00e9, relatif aux pouvoirs des pr\u00e9fets, \u00e0 l'organisation et \u00e0l'action des services de l'\u00c9tat dans les r\u00e9gions et les d\u00e9partements ;Vu le d\u00e9cret du 13 juillet 2023 portant nomination du pr\u00e9fet de la Somme, M. Rollon MOUCHEL-BLAISOT \u00e0 compter du 24juillet 2023 ;Vu l'arr\u00eat\u00e9 du premier ministre et du ministre de l'Int\u00e9rieur et des Outre-mer du 12 juin 2024 nommantMonsieur Xavier ROUSSET, ing\u00e9nieur g\u00e9n\u00e9ral des ponts des eaux et des for\u00eats de classe normal,Directeur d\u00e9partemental \u00e0 la Direction d\u00e9partementale des territoires et de la mer de la Somme \u00e0compter du 24 juin 2024;Vu l'arr\u00eat\u00e9 pr\u00e9fectoral du 5 f\u00e9vrier 2025 portant d\u00e9l\u00e9gation de signature g\u00e9n\u00e9rale \u00e0 Monsieur XavierROUSSET en qualit\u00e9 de Directeur d\u00e9partemental des territoires et de la mer de la Somme ;Vu l'arr\u00eat\u00e9 pr\u00e9fectoral de subd\u00e9l\u00e9gation de signature d'ordre g\u00e9n\u00e9ral en date du 29 janvier 2026 ;Vu l'arr\u00eat\u00e9 minist\u00e9riel du 19 f\u00e9vrier 2007 modifi\u00e9 le 29 janvier 2020 fixant les conditions de demande etd'instruction des d\u00e9rogations d\u00e9finies au 4\u00b0 de l'article L. 411-2 du Code de l'environnement portantsur des sp\u00e9cimens de faune et de flore sauvages prot\u00e9g\u00e9es ;Vu l'arr\u00eat\u00e9 minist\u00e9riel du 29 octobre 2009 modifi\u00e9 fixant la liste des oiseaux prot\u00e9g\u00e9s sur l'ensemble duterritoire et les modalit\u00e9s de leur protection ;Vu l'arr\u00eat\u00e9 du 23 avril 2007 fixant la liste des mammif\u00e8res terrestres prot\u00e9g\u00e9s sur l'ensemble duterritoire et les modalit\u00e9s de leur protection ;Vu la demande en date du 30 janvier 2026 d\u00e9pos\u00e9e par Madame Val\u00e9rie Herbet relatif \u00e0 la destructionde quatre nids d'hirondelle de fen\u00eatre situ\u00e9s au 5 rue de Ga\u00ebtan Guillerand \u00e0 Domart-En-Ponthieu.Vu l'avis favorable sous conditions en date du 24 mars 2026 du Conseil scientifique r\u00e9gional dupatrimoine naturel (CSRPN) ;Consid\u00e9rant la destruction de trois nids naturels d'hirondelle de fen\u00eatre (Delichon urbicum) en dehorsde la p\u00e9riode de reproduction de l'esp\u00e8ce ;\nDirection D\u00e9partementale des Territoires et de la Mer - 80-2026-03-25-00005 - Arr\u00eat\u00e9 portant d\u00e9rogation aux interdictions de\nperturbation intentionnelle, destruction, mutilation, alt\u00e9ration, d\u00e9gradation d'aires de repos ou de reproduction d'esp\u00e8ces animales\nprot\u00e9g\u00e9es\n7\nConsid\u00e9rant que la d\u00e9rogation par l'application d'une s\u00e9quence Eviter-R\u00e9duire-compenser (ERc) nenuit pas au maintien, dans un \u00e9tat de conservation favorable, des populations des esp\u00e8ces vis\u00e9es ;Sur proposition du Directeur d\u00e9partemental des territoires et de la mer de la Somme ;\nARR\u00caTE\nArticle 1er. - Identit\u00e9 du b\u00e9n\u00e9ficiaireLa pr\u00e9sente autorisation est attribu\u00e9e \u00e0 Madame Val\u00e9rie Herbet, propri\u00e9taire de la maisonsitu\u00e9e au 5 rue Ga\u00ebtan Guillerand, 80620 Domart-en-Ponthieu.Elle est accord\u00e9e dans le cadre de travaux de r\u00e9novation des menuiseries du logement, pourlesquels sont impact\u00e9s trois nids d'hirondelles de fen\u00eatre positionn\u00e9s aux encoignures des fen\u00eatres.Dans le cadre de ces op\u00e9rations, Madame Val\u00e9rie Herbet, ou toute personne d\u00e9sign\u00e9e poureffectuer les travaux, est autoris\u00e9e \u00e0 d\u00e9roger \u00e0 l'interdiction de destruction, d'alt\u00e9ration ou ded\u00e9gradation des sites de reproduction ou des aires de repos d'esp\u00e8ces prot\u00e9g\u00e9es, telles quementionn\u00e9es \u00e0 l'article 2, dans les conditions d\u00e9finies aux articles 3 \u00e0 10.En cas de vente du bien immobilier, l'acqu\u00e9reur s'engage \u00e0 respecter l'ensemble des conditionsd\u00e9finies dans le pr\u00e9sent arr\u00eat\u00e9.\nArticle 2.- Esp\u00e8ces concern\u00e9es et nature des interventions\nLes travaux de r\u00e9novation des menuiseries impactent trois nids naturels entiers d'Hirondelle de fen\u00eatre- Delichon urbicum. |\nArticle 3 : Lieu d'intervention\nR\u00e9gion administrative : Hauts de FranceD\u00e9partement : SommeCommune : Domart-en-PonthieuLocalisation : 5 rue Ga\u00ebtan Guillerand\nArticle 4 : Mesures de r\u00e9duction, de compensation et d'accompagnement\n1/Mesures de r\u00e9duction> Sont mises en place des mesures compensatoires avant le 15 avril 2026, sans impact sur la p\u00e9riode denidification 2026.> Les acc\u00e8s aux nids existants, vou\u00e9s \u00e0 la d\u00e9molition, sont condamn\u00e9s avant le 1er avril 2026 etant\u00e9rieurement au retour migratoire des Hirondelles de fen\u00eatre. Le dispositif est maintenu en placejusqu'au remplacement des menuiseries. Afin de condamner efficacement l'acc\u00e8s aux nids, les voletsbattants resteront ferm\u00e9s.\nDirection D\u00e9partementale des Territoires et de la Mer - 80-2026-03-25-00005 - Arr\u00eat\u00e9 portant d\u00e9rogation aux interdictions de\nperturbation intentionnelle, destruction, mutilation, alt\u00e9ration, d\u00e9gradation d'aires de repos ou de reproduction d'esp\u00e8ces animales\nprot\u00e9g\u00e9es\n8\n2/Mesures compensatoires> Une avanc\u00e9e de toit artificielle est mise en place, comprenant un liser\u00e9 incitatif a la reconstructionainsi que des cloisons lat\u00e9rales.> L'avanc\u00e9e de toit est compl\u00e9t\u00e9e par l'installation de trois nichoirs doubles.> En l'absence de recolonisation des liser\u00e9s incitatifs par l'esp\u00e8ce apr\u00e8s plusieurs ann\u00e9es de suivi, desnichoirs artificiels compl\u00e9mentaires sont mis en place.\nArticle 5 : Le suivi \u00e9cologique\nUn suivi \u00e9cologique est r\u00e9alis\u00e9 \u00e0 l'\u00e9t\u00e9 2026 (ann\u00e9e N). Il donne lieu \u00e0 un compte rendu annuelportant sur le suivi de la nidification ainsi qu'a une \u00e9valuation des mesures compensatoires mises enplace.Le suivi \u00e9cologique est reconduit \u00e0 l'\u00e9t\u00e9 2028 (ann\u00e9e N+2), puis \u00e0 l'\u00e9t\u00e9 2030 (ann\u00e9e N+4), date \u00e0laquelle un dernier suivi est effectu\u00e9.Les comptes rendus de suivi sont transmis aux services de l'\u00c9tat par l'association Picardie Natureau plus tard le 31 d\u00e9cembre de chaque ann\u00e9e concern\u00e9e.Article 6 : Dur\u00e9es de validit\u00e9 de la d\u00e9rogation et \u00e9ch\u00e9ances de r\u00e9alisation des am\u00e9nagements au titredes mesures compensatoires\nLa pr\u00e9sente d\u00e9rogation est valable \u00e0 compter de la date de signature du pr\u00e9sent arr\u00eat\u00e9 pourune dur\u00e9e de 2 ann\u00e9es (hors mesures de suivi, pour la r\u00e9alisation des travaux).Elle est valable dans les limites fix\u00e9es par les \u00e9l\u00e9ments de m\u00e9thode et de saisonnalit\u00e9 d\u00e9finiespar le pr\u00e9sent arr\u00eat\u00e9. |La dur\u00e9e de validit\u00e9 peut \u00eatre prolong\u00e9e, sur demande du p\u00e9titionnaire et avant expiration de lapr\u00e9sente d\u00e9rogation, dans le cas o\u00f9 des contraintes techniques, d\u00fbment justifi\u00e9es, ne permettraientpas de terminer le chantier dans le calendrier pr\u00e9visionnel. |Les mesures de compensation doivent \u00eatre maintenues fonctionnelles pendant 30 ans.\nArticle 7 : Mesures de contr\u00f4le\nLa mise en \u0153uvre des dispositions d\u00e9finies aux articles 1 \u00e0 6 du pr\u00e9sent arr\u00eat\u00e9 peuvent fairel'objet de contr\u00f4les par les agents charg\u00e9s de constater les infractions mentionn\u00e9es \u00e0 l'art. L.415-3 CE.\nArticle 8 : Modalit\u00e9s d'intervention\nLes informations sur les modalit\u00e9s d'intervention sont d\u00e9taill\u00e9es dans le dossier de demande ded\u00e9rogation.\nArticle 9 : Voie et d\u00e9lais de recoursLes droits des tiers sont et demeures express\u00e9ment r\u00e9serv\u00e9s.\nDirection D\u00e9partementale des Territoires et de la Mer - 80-2026-03-25-00005 - Arr\u00eat\u00e9 portant d\u00e9rogation aux interdictions de\nperturbation intentionnelle, destruction, mutilation, alt\u00e9ration, d\u00e9gradation d'aires de repos ou de reproduction d'esp\u00e8ces animales\nprot\u00e9g\u00e9es\n9\nLa pr\u00e9sente d\u00e9cision est susceptible de faire l'objet d'un recours contentieux devant le tribunaladministratif d'Amiens \u2014 14, rue Lemerchier - 80011 Amiens cedex 1 - dans un d\u00e9lai de deux mois \u00e0compter de sa notification. Le tribunal administratif peut \u00e9galement \u00eatre saisi par l'interm\u00e9diaire del'application \u00ab t\u00e9l\u00e9recours citoyen \u00bb accessible sur le site www.telerecours.fr. Le d\u00e9lai de recours est dedeux mois \u00e0 compter de la date de l'accomplissement des formalit\u00e9s de publicit\u00e9.\nArticle 10 : Ex\u00e9cution de l'arr\u00eat\u00e9\nLa secr\u00e9taire g\u00e9n\u00e9rale de la pr\u00e9fecture de la Somme, l'Office fran\u00e7ais pour la biodiversit\u00e9, ledirecteur r\u00e9gional en charge de l'environnement Hauts de France, le directeur d\u00e9partemental desterritoires et de la mer de la Somme, sont charg\u00e9s, chacun en ce qui le concerne, de l'ex\u00e9cution dupr\u00e9sent arr\u00eat\u00e9.\nArticle 11 : Publication\nLe pr\u00e9sent arr\u00eat\u00e9 sera publi\u00e9 au recueil des actes administratifs de la Pr\u00e9fecture de la Somme etnotifi\u00e9 au b\u00e9n\u00e9ficiaire.\nAmiens, le 25 mars 2026\nLe pr\u00e9fet et par d\u00e9l\u00e9gation,Pour le directeur d\u00e9partementaldes territoires et de la mer,Le responsable du bureau natureTT  a\nPierre BENOIT\nDirection D\u00e9partementale des Territoires et de la Mer - 80-2026-03-25-00005 - Arr\u00eat\u00e9 portant d\u00e9rogation aux interdictions de\nperturbation intentionnelle, destruction, mutilation, alt\u00e9ration, d\u00e9gradation d'aires de repos ou de reproduction d'esp\u00e8ces animales\nprot\u00e9g\u00e9es\n10\nAnnexes\nAnnexe 1: Emplacements des individus observ\u00e9s et traces identifi\u00e9s :\nAnnexe 2 : Calendrier g\u00e9n\u00e9ral des op\u00e9rations du projet :\nProjet de r\u00e9novation5 rue Ga\u00e9tan Guillerand, Domart-en-Ponhieu\n1/ Diagnostic initial esp\u00e8ce prot\u00e9g\u00e9e et constitution dudossier\nPose des mesures compensatoiresselon lesc\u00e9nario adapte\nCalendrier g\u00e9n\u00e9ral des op\u00e9rations du projet\nDirection D\u00e9partementale des Territoires et de la Mer - 80-2026-03-25-00005 - Arr\u00eat\u00e9 portant d\u00e9rogation aux interdictions de\nperturbation intentionnelle, destruction, mutilation, alt\u00e9ration, d\u00e9gradation d'aires de repos ou de reproduction d'esp\u00e8ces animales\nprot\u00e9g\u00e9es\n11\nDirection D\u00e9partementale des Territoires et de la Mer - 80-2026-03-25-00005 - Arr\u00eat\u00e9 portant d\u00e9rogation aux interdictions de\nperturbation intentionnelle, destruction, mutilation, alt\u00e9ration, d\u00e9gradation d'aires de repos ou de reproduction d'esp\u00e8ces animales\nprot\u00e9g\u00e9es\n12\nMaison d'Arr\u00eat d'Amiens\n80-2026-04-09-00002\nArr\u00eat\u00e9 portant d\u00e9l\u00e9gation de signature 09 04\n2026\nMaison d'Arr\u00eat d'Amiens - 80-2026-04-09-00002 - Arr\u00eat\u00e9 portant d\u00e9l\u00e9gation de signature 09 04 2026 13\nEn Direction g\u00e9n\u00e9raleSarai er de l'administration p\u00e9nitentiaireLibert\u00e9\u00c9galit\u00e9Fraternit\u00e9 Direction interr\u00e9gionaledes services p\u00e9nitentiaires de LilleMaison d'Arr\u00eat d'Amiens Amiens, le 9 avril 2026\nArr\u00eat\u00e9 portant d\u00e9l\u00e9gation de signature\nVu le code p\u00e9nitentiaire, notamment ses articles R. 113-66 et R. 234-1Vu l'arr\u00eat\u00e9 du ministre de la justice en date du 1\u00b0 septembre 2023 nommant Monsieur Keumian AlainYOMI, en qualit\u00e9 de Chef d'Etablissement de la Maison d'Arr\u00eat d'AmiensMonsieur Keumian Alain YOMI, Chef d'Etablissement de la Maison d'Arr\u00e9t d'Amiens\nARRETE :\nArticle 1D\u00e9l\u00e9gation permanente est donn\u00e9e a M. AUZEILL Pascal, Directeur en charge de la d\u00e9tention,Directeur Adjoint au Chef d'Etablissement, aux fins de signer tout arr\u00e9t\u00e9, d\u00e9cision, acte, document,correspondance se rapportant \u00e0 l'exercice des attributions vis\u00e9es dans le tableau ci-joint.Article 2D\u00e9l\u00e9gation permanente est donn\u00e9e \u00e0 Mme DESCAMPS Val\u00e9rie, Cheffe de Mission ONE, aux fins designer tout arr\u00eat\u00e9, d\u00e9cision, acte, document, correspondance se rapportant \u00e0 l'exercice desattributions vis\u00e9es dans le tableau ci-joint.Article 3D\u00e9l\u00e9gation permanente est donn\u00e9e \u00e0 M. BOELS Jacques, Directeur Plac\u00e9, aux fins de signer toutarr\u00eat\u00e9, d\u00e9cision, acte, document, correspondance se rapportant \u00e0 l'exercice des attributions vis\u00e9esdans le tableau ci-joint.Article 4D\u00e9l\u00e9gation permanente est donn\u00e9e \u00e0 Mme RANDRIANARISON Claudette, Attach\u00e9ed'administration de l'Etat, aux fins de signer tout arr\u00eat\u00e9, d\u00e9cision, acte, document, correspondancese rapportant \u00e0 l'exercice des attributions vis\u00e9es dans le tableau ci-joint.Article 5D\u00e9l\u00e9gation permanente est donn\u00e9e \u00e0 Mme DOMINIQUE Gerty, Commandant p\u00e9nitentiaire, Cheffede d\u00e9tention aux fins de signer tout arr\u00eat\u00e9, d\u00e9cision, acte, document, correspondance se rapportant\u00e0 l'exercice des attributions vis\u00e9es dans le tableau ci-joint.\nMaison d'Arr\u00eat d'Amiens - 80-2026-04-09-00002 - Arr\u00eat\u00e9 portant d\u00e9l\u00e9gation de signature 09 04 2026 14\nArticle6D\u00e9l\u00e9gation permanente est donn\u00e9e \u00e0 M. LANVIN Jonathan, Capitaine, Adjoint \u00e0 la cheffe ded\u00e9tention aux fins de signer tout arr\u00e9t\u00e9, d\u00e9cision, acte, document, correspondance se rapportant al'exercice des attributions vis\u00e9es dans le tableau ci-joint.Article7D\u00e9l\u00e9gation permanente est donn\u00e9e \u00e0 M. DEMAREST J\u00e9r\u00f4me, Capitaine et Responsable del'infrastructure, aux fins de signer tout arr\u00eat\u00e9, d\u00e9cision, acte, document, correspondance serapportant \u00e0 l'exercice des attributions vis\u00e9es dans le tableau ci-joint.Article 8D\u00e9l\u00e9gation permanente est donn\u00e9e a M. FELICES Franck, Capitaine et Adjoint au Responsable del'infrastructure, aux fins de signer tout arr\u00eat\u00e9, d\u00e9cision, acte, document, correspondance serapportant \u00e0 l'exercice des attributions vis\u00e9es dans le tableau ci-joint.Article 9D\u00e9l\u00e9gation permanente est donn\u00e9e \u00e0 Mme FLINOIS Sabrina, Capitaine, aux fins de signer tout arr\u00eat\u00e9,d\u00e9cision, acte, document, correspondance se rapportant \u00e0 l'exercice des attributions vis\u00e9es dans letableau ci-joint.Article 10D\u00e9l\u00e9gation permanente est donn\u00e9e \u00e0 Mme GARCIA Laurence, Capitaine, aux fins de signer toutarr\u00eat\u00e9, d\u00e9cision, acte, document, correspondance se rapportant \u00e0 l'exercice des attributions vis\u00e9esdans le tableau ci-joint.Article 11D\u00e9l\u00e9gation permanente est donn\u00e9e \u00e0 M. HARDY Dany, Capitaine, aux fins de signer tout arr\u00eat\u00e9,d\u00e9cision, acte, document, correspondance se rapportant \u00e0 l'exercice des attributions vis\u00e9es dans letableau ci-joint.Article 12D\u00e9l\u00e9gation permanente est donn\u00e9e \u00e0 Mme LALY Lauriane, Capitaine, aux fins de signer tout arr\u00eat\u00e9,d\u00e9cision, acte, document, correspondance se rapportant \u00e0 l'exercice des attributions vis\u00e9es dans letableau ci-joint.Article 13D\u00e9l\u00e9gation permanente est donn\u00e9e \u00e0 Mme MALLET Elodie, Capitaine, aux fins de signer tout arr\u00eat\u00e9,d\u00e9cision, acte, document, correspondance se rapportant \u00e0 l'exercice des attributions vis\u00e9es dans letableau ci-joint.Article 14D\u00e9l\u00e9gation permanente est donn\u00e9e \u00e0 Mme NOWAKOWSKI Claire, Capitaine, aux fins de signer toutarr\u00eat\u00e9, d\u00e9cision, acte, document, correspondance se rapportant \u00e0 l'exercice des attributions vis\u00e9esdans le tableau ci-joint.Article 15D\u00e9l\u00e9gation permanente est donn\u00e9e \u00e0 M. PIOTROWIAK Fr\u00e9d\u00e9ric, Capitaine, aux fins de signer toutarr\u00eat\u00e9, d\u00e9cision, acte, document, correspondance se rapportant \u00e0 l'exercice des attributions vis\u00e9esdans le tableau ci-joint.\nMaison d'Arr\u00eat d'Amiens - 80-2026-04-09-00002 - Arr\u00eat\u00e9 portant d\u00e9l\u00e9gation de signature 09 04 2026 15\nArticle 16D\u00e9l\u00e9gation permanente est donn\u00e9e \u00e0 M. PLE Christophe, Lieutenant-Capitaine, aux fins de signertout arr\u00eat\u00e9, d\u00e9cision, acte, document, correspondance se rapportant a l'exercice des attributionsvis\u00e9es dans le tableau ci-joint.Article 17D\u00e9l\u00e9gation permanente est donn\u00e9e \u00e0 M. GARCIA Olivier, Major Encadrement, aux fins de signer toutarr\u00eat\u00e9, d\u00e9cision, acte, document, correspondance se rapportant \u00e0 l'exercice des attributions vis\u00e9esdans le tableau ci-joint.Article 18D\u00e9l\u00e9gation permanente est donn\u00e9e \u00e0 M. CAILLY Fr\u00e9d\u00e9ric, Major Encadrement, aux fins de signer toutarr\u00eat\u00e9, d\u00e9cision, acte, document, correspondance se rapportant \u00e0 l'exercice des attributions vis\u00e9esdans le tableau ci-joint.Article 19D\u00e9l\u00e9gation permanente est donn\u00e9e \u00e0 Mme MERESSE Elodie, Major Encadrement, aux fins de signertout arr\u00eat\u00e9, d\u00e9cision, acte, document, correspondance se rapportant \u00e0 l'exercice des attributionsvis\u00e9es dans le tableau ci-jointArticle 20D\u00e9l\u00e9gation permanente est donn\u00e9e \u00e0 M. DUVERGER Thierry, Brigadier-Chef Encadrement, aux finsde signer tout arr\u00eat\u00e9, d\u00e9cision, acte, document, correspondance se rapportant \u00e0 l'exercice desattributions vis\u00e9es dans le tableau ci-joint.Article 21D\u00e9l\u00e9gation permanente est donn\u00e9e \u00e0 Mme KULAS DELSART Doroth\u00e9e, Brigadier-Chef Encadrement,aux fins de signer tout arr\u00eat\u00e9, d\u00e9cision, acte, document, correspondance se rapportant \u00e0 l'exercicedes attributions vis\u00e9es dans le tableau ci-joint.Article 22D\u00e9l\u00e9gation permanente est donn\u00e9e \u00e0 M. LEJEUNE Micka\u00ebl, Brigadier-Chef Encadrement, aux fins designer tout arr\u00eat\u00e9, d\u00e9cision, acte, document, correspondance se rapportant \u00e0 l'exercice desattributions vis\u00e9es dans le tableau ci-joint.Article 23D\u00e9l\u00e9gation permanente est donn\u00e9e \u00e0 M. TONDU Christophe, Brigadier-Chef Encadrement, aux finsde signer tout arr\u00eat\u00e9, d\u00e9cision, acte, document, correspondance se rapportant \u00e0 l'exercice desattributions vis\u00e9es dans le tableau ci-joint.\nA Amiens, le 9 avril 2026\nMaison d'Arr\u00eat d'Amiens - 80-2026-04-09-00002 - Arr\u00eat\u00e9 portant d\u00e9l\u00e9gation de signature 09 04 2026 16\n:SNOSSIP-19SUOISID9PSo]Anod39sagusIsgpsouuosiodxny$9}X9}SIIINEPp39([-PET\"UW99-SIIXD)IAleUszIUedspodnpsuoyisodsipsapnj19AUs'21NJUUSISBpUOYLSI[IpUNGUIWIISST]GEIA.PJUDAT'JUIWIIIPBIUIJBIELSUBPS9)99JJ8'soVTpUOjIUISAO(EIN39So.enuorusdSJayd-sATIPLSIg:p\n6\n-a\n91.41089}\u00a59IpSJUBPUBUIWIOD39soureyrdes'syUBUayNaT]79002[AeFTNPTFP-9007o\u00f912199PNP[I9.191)9]Avdsi391juowspurewuwo\u00bbap$d109npsarquIsyy:\u20ac'S1I8TU9JIU9dSOATBVUUOISIAIPSJUBPUBUIUIOD'Sa18quaJIuadSjuepuewuos:sonenuayuodsoureydes:\u20ac7072140099P64NPIPET-CCOTo\u00f9J0409P9]Aud1391juowopuewuuwuosapsdio>)->SVS9p4n94991IpdIdA->UOTUIJSIUTLUPE,PSgyIVWV-$SIATBIFUIJIUIASIDIAIISSAPSANIIIIIG-:V911039}\u00a59opsdiodun&jueuoyieddesxreuuorouox:ZpUIWIASSI]qGUI9,PJoysnvJUIO\u00cfPY:|ITUIPODNPSUOTISOUSIPSapN}AIAUdDINJEUSISOpUOIES9[9P9UN,pJolqo,|2AU}JULANOASUOISINIG\u00e0|$99X9}S2.1N8,P39([-PEZ\"YW599-CTII\"Y)SAenuayIu9dapodnpsuonisodsIpsopnj134u9dINjeUusisapU0HBES9[9pSun,p39/q0JdeyJUBANOjuowssI[4839,pJOYSnpSUOISIDIG\nMaison d'Arr\u00eat d'Amiens - 80-2026-04-09-00002 - Arr\u00eat\u00e9 portant d\u00e9l\u00e9gation de signature 09 04 2026 17\nXXXS917djersods89]npSAJIBIIJoU9qSNUSJ9PSd]INOdSAJISIAOpsamnaySPJOXIAxXXxxS-SII'aOIBULULSSUN|SP911WIxOIdBSS9NISSa[N[[99SopSUEPSOPE[EWSONUSJOPSoUUOSIOdsap19}99}JVXxXXxX99-\u20ac]1\"Y(N0149siudwiosA)s1njpo9USsonuojopsouuosiodSapuone)99}J8,pSainsouSa]21pu91qxxX\u00ff-11TJ|UonUudl9papsaulls91sapsuepjuowosoe]dapsuolsio3pSo]DIPSJoSagSI[ENPIAIPUI98149Udss11dapsayI[BpOUsaps1u1J9auiodB]apUOIINdExa_pSINnodied9]1910qeXS-1IZ7]fodETAPUONNIPX9,pI\u00e0LAadANSLIOIUIJuow[S19]191depejo1910qeX|tyAJINOHIAIUIJ18919jJopdepe}quidad3\u00b0U0Hu9}9pUsSIA:.QUAINDYSBJBJ9SIPJOUONeJURUDd}SJIJOWsopxXCCEA|nodsoirejuawajsedsapajisiAeB]jueuSedwuoooesaysipeuunofsa]Jedo$elui,p39uosOpastde]8OJIPIOJUISUOZBYJoUIULI979(]:;SHINDISOpSJHOUIsapAnOd9JISIAANZ]8JUDWIOU}n0]Bxx[CETAUlfSAYJOUSPJAPLO9p19JUDWASSI]qe}9|JUEJISIASoiequouofiedSajjueuSedwoosesagsijeummofsapsays,|BSnjoiunJasoddgXxac:MS1IBHUAJIUPdJUSUISSS11q19,]OPSOJISIASA]JaSUOINYJUIULISST]GBI9,|IPSIJISTA\nMaison d'Arr\u00eat d'Amiens - 80-2026-04-09-00002 - Arr\u00eat\u00e9 portant d\u00e9l\u00e9gation de signature 09 04 2026 18\n[-9TCA99-EIT\u00e0\nAJUILHJUO9apsuadAowapz1odneanuaJspsuuosiodejs1}jewmosap19p199q\n\u00ff-STCA\nSUUOSIOdBSSULPSO[NUIISSIPJIOARSa[SpnosjofqosapnosaoueisqnsSap9198u1IIOAB,P9uuosdnosjs9nuaopuN,nbsio]'UIDSspauunJedauoqui9]]910d109uone8rsoautaunonbijqgndoyejapInoinooldneJapuewisg\n[SCTU99-C11\u00c0\nSONUdJOPSOULOSIOdSapII]INOJB]B19p9901dap19p199{\nLvlyuaDILIN99SOPjodIPJO.pSUOSIEISapunodsaatodsjasanbisAydsoyaioexneJodionsedoponusjapauuosioedounespiaqu]\nAAA:\nanuaJopsuuosiadsun8jueuayieddesnbyeuuoquijuswodinbsunus\nLI-TCEA99-EITA9HAN99SOpJaS1PIO,pSUOSIEISapInodxneolpouuso8e|aeddejosjo1ojeuanuojopauuosiodoun8J0119Y\nSE-CEE\u00e0\n9191d01dSpNO911IN99Sop'91PIO,pSUosieiSapAnodspsssod9jja,nbsyuoweeaso]sedauodousnusjopsuuosiode]anb19p159q\n99-EIT\"APHIN99SSpSUOSIEAsapInodjueuoyeddeInjsjuawogga39sjofqoanuajopsuuosiodsune101194\n99-11\"A\nUOISBADOUNNOLIOISSA188aun'aploinsunsijjeuuedjueanodjoyueuoyeddeinjxnais8uepsjrno'ssouejsqns'sjafqoonua}gpouuosiodouneJo1noy\nc-1cc\nDHANI9SEIOp}9SIPIO.|OpUSIUIeUIafJosnssenod1$4xnejaddeouey\n9-L7ECASIUB[IOAINSSJorWoidnosiofewsayUSWIaPUBUILODop$dI09NpjoSalENUSIUIASS9IAIOSBpSJoYDsapSd109np'uoroaupapJauuossadnpsosquiaursoy(qG21089189apsjueyoedeoulS[OS0192,psinsjes9UESopJAW.pJOPI99(]SIULJ9PJUSWsIogidUOHUSAIQUIUNInOdUOIUAaIEpapXNEIO[So]SUBPSOULESOPUONRSI[IN,|JasUOINY\nLI-SIT'A\n2911991494SI]8jANSJUBINSIsuedesapxnooJUSWIQUIUIOUJUBUBISApUdJHEHSIUILWUPELajsueyUN,p3ofqo,|JuesIeySonUa}gpsoUUOSJadSop2110989,]19N)1]SUO9\"SJUOUIOIQJSUEH)Sop[PIJU29SOIA9S9]Jed29SS21p9}SI]SUNANSS}LJOSUIJUOJISIbS911009SO]JUEINSSESOULI[IOAINSapQUUOSJadnpsorquIoU!sopJasodoig\nS-Sica\nS9[[JSAINSJUSWdII[NOWIed219JUBASPNOasnajasuepSUILOD2919PISUO9soanus}9psuUUOSJedB]aNbs1o]sL109S9,pJoYdNBSoiTESs9d9USIABJoSJUSUISUBIasUaIsno}JoUUOG911N99SOPJ99[0.1JU09OpSIINSIIN\nCLICa\nSWFSop1811ENbneJapgooe8SUIN9SELUSJaUUOSIdso]19S1101n\n9-91cdIfNPSeBUOSSuoronHSUIsnes[8199dSaWB91NPsauleloljaugqsnuojapSO]AnOduolungsapsainaysopJOXL]\nMaison d'Arr\u00eat d'Amiens - 80-2026-04-09-00002 - Arr\u00eat\u00e9 portant d\u00e9l\u00e9gation de signature 09 04 2026 19\n||L7-E17A991Sn{eB]opSNSIUIUnpno4SIGEIspsouayoduwuosXxIT-\u00a3IT'H|e]OpsagasuorsisepeyonbssoygS[qI8uouisodo\u00efdre]s1ousuenJo'juowisjosi,poINsoWBy]108uojo1daps9sodosg\nELECA\nUOWS]OSI,PSINSOUIB]JOAO\nXxxXIZ-E1ZHAasiesuelyonduey]ejsedjuapiedounosedjuouuosdwosouinbsanuajapsouuossodso]mod-aa1dioquiun1eu$1s3qxXLT-\u00a3ITA9INSOUUB]SpJUSWSJ[SANOUQIJOIWOIdne19p9901d49JUSUWIS[OSI,]8NUSJ9PauuosIadaunJUDWA]LIWUI1998]\nETEIT4xXX7C-EITUI99U981N,pSBDUD9NU9J9PUUOSIOdSUNJUSWI]OSI,|BJUDWIOIIOSIAOIJ098]4JUSUISIOSTXxXlv-vezA9JIBUIdI9SIpUOTJOURSJUNJOUUOI}DeIJNOopuadsns'uo1no9x9,pJasuadsiqxXXOr-vE7ASOIBUI]AIOSIPSUOHOURSSAPUOIINDEXOFBSISANS9]JSNbOA9IJoIBUUOPIO\nRCE-VEC\u00c0XXXveeASOJIVUI|CIDSIPSUONJOUBSSapISOUOUOIYXXX\u0153ATR:|SUI[AIOSIPSPUOISSIWIWODB]IOPIS914xxx9-VETASUI[CIOSIPOPUOISSIWIWUODB]OPSIN9SSOSSES9IQUOUISa]19USISaqXxx97-VETAosiesuelynBue]e]sedjuajiedaunosedyusuuaidwiosouinbssnusjopssuuosiodso[Inod-9391diaquiunJou31s9XxXVI-VECAsoueul[diosipsoyinsinodsap198e8u7XxXET-HETUNSNUd}OPSapafjauuolssajoid9AN9E.]Jrju9A9Id941)BsipuodsnsXXX61-PET\u00c08JBUIPIOB][ONPIAIPU!2[N[[89USJUSWIOUIJUOSUDNOoueutdiosIpa[N][99Us}HjuoA9Ad9131Bnu9J9pun1992]qXXX8-vCT4SINDII9}X9SINISSOSSESOPJUSUI9[NOJapNBs]qv}9]191040]idautdistI-PST'HHOTSIC|-97ZUY_XxXX90=er\"3uOHSENXSBUNPpNOLOJSuBI}UNPpUOISE990,]BSSABTUSS9PBNOSOUSopLodneanusjepsuUOSJad8]oOUINOSap12P199\nMaison d'Arr\u00eat d'Amiens - 80-2026-04-09-00002 - Arr\u00eat\u00e9 portant d\u00e9l\u00e9gation de signature 09 04 2026 20\nuOUd}apuds9sneo\nX|8l-cttaS[OLI9}eWWSoseUIWOpopUOT}BIed91UDsanuaJopsouuosiodsapJHeurwouajduonps]qiuodsippedejnssnuajorounJ919dOXLI-T\u00a3E\u00a3'aJiyeurwouajduiosAng]apajqruodsipiedejsindap:nd119}x9,|8juowosioAunJ919d08souwepuosauuosisdaun19S1107n|UOI}BIDQI]Op21N99da]JUENISUOSOMOSxeverdsopslednojno}apsasodsip8nolossnosoulodapJuowoSeusueun,pjueloljau9qSoUWTePUODsuuosiodsun1951107YJIU9)9PB99SLIOINeJS9\"IOS9pUOISSIULIOdaun,pnoanbiuonsejssouejIaAInssnosXvtrdjuouuosedun,p\"Inaiig}x9jJuouo9edun,pJURIDIJQU9qNOdLAqQI|-IWIasUS999e]danuajopauuosiodoun,nbaUIWOSFI19x14XATJainonedje1squrunsedsoursnfasuadapoun,ponAUdSapisqnsSopHIOA99918S9ULIEPUO9sUUOSJadunJasIIOINyXx\u20ac-ZLEY|SUSIAopjuoueuuodsiutiedun.psoinUoUsouUOsSiodap1198.18USSAPISqnssapJI0A99919NU9J9PouUOSJAdsunJasIIOINyx\u20ac-TEEYU|JryeurwiouajduioouosapajqiuodsipwedejAnsJuRINSIySoWIWOSSop'o]]IWIe]es8JOAOAUD8onu9J9poUUOSJedaunJasIONY7|sasna]10dju0SxSTTEE\u00e0sanusjepSouuosiodsaijuopxnofiq39sjofqosap'anusjopauuosiode]Jedou8is9p'sionun8uonipodxs,]nossitua18]JoSLOINYxDec.AHBNUSHUIAJUSUWOSSI|{8)9SETEE\u00c0lunSUP991]U9Ind]BSonu9opSouuosiodso]sasnayiodjuosjuopxnofiqnosjofqoso]o$1eyousoupuoidop10snj9y\nx|ci-zcc'u\nale\neyduosuosapajqiuodsipedejspjueusao\u00efdjue8re,pSWIWOSOUNJIUd}9p8a9sI|e)Idsoysnus}gpauuosiodounJosLIOINYS9Nu9)9psouuosiedsapsuloujEdnpuonsos)xXOZ-\u20ac1Z7UYUOIJUS}9PUSS9149[99SOdIJJoxneJadionsed8USWIS[OSI|B299edonuajopsUUOSJadsunJosOINY\nX|8I-\u20aclzZ-y\nomefOstP\nJonienbnesosoejdsouuosiodxnesunwwuosgyrAroeouneJodiorredgyuawajosi|8a90R;danuazopsuuosiodounJosOINYx8I-EIZ-YAJBUIPIOUOIJUdJEapopau8g1NBSIWINOSsnuUd}9pSo]Inods9s1ue810gyANOEouneBJodioised8JUDUDIOSI,]B299e1dsNnUD}epauuossedaunJasUOINYx(Z-\u00a31TsoleljusjiuedsjUsuassijqe}9SepnosouuosiadsopSHANISE[&OJULD}eJa}LIOdBoINJeUapJUSWEIOSI,p21np90041dB]BpSJuaWNI0pnosuOTeUAOJULsoyJanbruNWWIODopsJasNyoy\nLTEIT'AXSTEITUyo-LicaJUDSUID]OSIPp21nSou8]OpuoresuojoidspuoNtsodoudejjueuSedwuosoesA1nouwujroddezun1381p9y\nMaison d'Arr\u00eat d'Amiens - 80-2026-04-09-00002 - Arr\u00eat\u00e9 portant d\u00e9l\u00e9gation de signature 09 04 2026 21\nb-bIt'asnu9J9pso]nodSSJIAN9ESapJOUIUR891N91I9JX9QUUOSJOdaun191107Y|OPO]!NOAUOIJNpoidunevsouepuadapounjuejuosoidsouuosiodSapayeqo]s9819usasiid8]OpozsiT'qMPS9]SUPPJUBUSAIOJUISUIOSOpS99S1[P199dSSainjonnsSap;ouUOSJodunzBa1IeuaIUuadJUSWSSI1E19,]8S299,]JosSOINYaquese]Inoduorjeonps,p6lsiTaJouousA9IdapSUON9R,PsIped9]SUBPJUEUSAIOJUIouuosiodouneaxenuaIuodjuowassI[q819,]BS29092,]19SL10]}NY8I-SI1'aduoney[IqeyUN,p21181)UOUJarjeydsoyjouuosiodun,pssTeIJUOJIUOdjuauiassi|q819,[BS9998,]JOSOINYLISIT'|noddDNesaavissjuswionbueulopsedusurajdsduiajBsedjuedsioxa,uJalpeyidsoyjouuosiodun,puoneujiqeu,|s1puodsnsSele\u00e0un,paseqB]insJUSUIDIGE|OpWeNOIa]JosodoudJoaureyepueuuun,pjuouioi8e,]'AUSTINPpSedUd'juowarosAO1ds1puodsnsOZ-IrE'aSOABISSJIJOUWSopmod39sou28.n,psvdUdUOSIIdOpINAJISIAUN,pJuaw918e,|21puodsnsLI-lveyUOSLIdSpSINAJISIASOPUOTUSAIQUIPpSOIIBIOU19SANOfsa]19X1,131181U9}1U9dSQN5914198npS.1NI}V.10G\"T[OISa]294SUONLI2Yve-ceeQaunuesussanbiyeidx1idSe]19X14AUIJUBOU9E\u20ac-CEEU_|Sluanoysjofqosopajs1]ejinssedjueinsyousyafqo,psnuajgpsuuosiodounseduorismbse.]'jouuorndooxeonB'somSUIJUBSU9SyeYyoeSapBJapgooidaponusjapauuOsiadouneJosnjaylp-ZEEAonbiyewuojuljuowsdimbsunJoinsoidasaponuajgpsuuosiodouneJasnyjoyv-OLEAFONPIAIPUIINastAgi9}Unnoonbiuoydorpezinaydas9uunJonoo1dasopanusjepsuuosiodsunzBJasNJoy\nSJE49V\nonusjepauuosiodOUN,PgI|NSai!UOIssossodUsSapANOIJUSSI,PSALILUOSSo]S}IyeUIWIOUSojdUIODsopAnassi$91nesOUISURI]OpJ9PI09\nMaison d'Arr\u00eat d'Amiens - 80-2026-04-09-00002 - Arr\u00eat\u00e9 portant d\u00e9l\u00e9gation de signature 09 04 2026 22\nL\nAMARJafgoun,p1OAUd,|apnouondosaiB]Sp2S1Homneuous19J981899]anuaJepsuuosiode]8noMaJpodxs,|BJOLJIJONZ-OLEAHonusjapauuosiodsun,pJJO1dneSOJONSIAOIPNEjdS9J1I99sUONVOr[qnAapaxremuayuodjuauwassi[q819.]810d9p9]19S1103nYs)2{q0,p21.10$3939.ju\n(sauuppuossajanod)|onu9J9pauuosiodoun,pauoyd919}NBS9998,pSOIIBIOU$3]SIPUIONSOYpl'speaSPUWIEPUOSanuazspsuUOSJadaun,paruoyd9[93SpSynisodsipxnes9998,]Jolla'aipuadsns'Jasna'I9S1107nS-SY\u00a3As91podxonbon$oijue}'oy199souepuodsa11098]11919}\n9I-IYEASIFDENQ[VI[IWIL]SIAOp9JIUNUdNOJUI[IWBZJOIEUd9}ISIAaun19401390,PI9PI99(]-.SoUWIEPUO9Sa]nodGYD8]19snusAgidsa]inodsinps901dee7B|OPJOISSOpNpIslesJeNsIseUl9]JOULIOUIJouone.edosopJIsOdsIp9948110j18dunsuepnoiJUINsajisiASa]onbJapioaq'olepewopqoeyopedunBJ101p1n9]E-IvEU|gsind9quosajja'asreutjdiosipanjj90usasagoutd'Isno'sagusedwaJUSW9][9119}8WjuosSanud}9psouuosiodsa]1sno'siuad9]SIABINbjoe]B1919491UDBjU981[q0Sa][sUUO|dddxeSooUBJSUODIIOSOPISAJISIAOpSIWWIAdUNJIOIPIIB]BHLOOSINSae.yeooaeunnbannesorjsnfopourelpixneunnojalJoysiulwnoo1jqndsired1919170UN59InaJISIA9]onbs10]stidwooA'aguuepuodsuuosiadaun8syISIAapStedunJo11jo1'oxpuodsns'19snJo1'191119PI-EICU|PI-\u00a3IEYsoe]op|eguye.|8SouuoruouXn99onbseosanesofsuep29048unzeJonbiunwwuosapsIuLIodun1914119anoydaya)'osuepuodsa.1109'SaJistAS-7SESoy991dNOS991JJOSdP19199[998SINDLI9}X99}[NDNPSOMSIUIUSa]19S1107NYve-ceeUDABIJUDHNUIJUSWASSI|GeID9,|IPdIPsJOUONpja9JLIN99S6-CSEUM|B]SPUsUleWNesal]SUOsIeISop1nodafjonuidsIA8jBSaTeSS999USOIAI]SpJoosnoi8tjoionbreidapsjafqosoy1o1rjoy8-7SE-\"U21BUAIOSIP9[N1[89apSaguUONOURSSanuUagpSouUOSJadsapJSLUQUINE,|SABSUdTJaNUSo]UROUEd[890]unJoUdISaGgL'TSEAXN9ISI]OISIOIJJOSapsnua}apXNOI]JaSauesOY\"sinofso]JoUIWI9)9([PLISaduY)sISsU,|apUONYSIUESIO\nMaison d'Arr\u00eat d'Amiens - 80-2026-04-09-00002 - Arr\u00eat\u00e9 portant d\u00e9l\u00e9gation de signature 09 04 2026 23\n'[2.10199]9pooC19E\"A|MPSSUe1BUISTYeIYsoporteSa]joaseyusjiugdspoo9]edsolurjop'sonusjopsouuosiodsapsouvpuodse.i09sed9JOANEJ9Sa[210798[9SOJSI]SO]InsUOMdLIOSUL,]BSOANE[AISUOIINqexnejueLIOdde.ossyUaUINDOPp39SUOISI99pNO]JBUBIS9-IIt'HJUSUASSI[Ge}9,|SPANOLIQAUIJUSUIO[8Q19]SUPSONUSJSPSOUUOSIOdSopSUOIEJNSUOOSapSHII[EPOUISO]J9XI4t-\u00a31r'aJUSLUIDSSI}qeI9,|SUBPPSIULHIOUOUIEXOUN,pSO[BIONO91199SaAnoidgxneJojuesoudosapoNUDJ9pouuosiodsun&JasNJoy.JUSWISUBISSUd,|OpspedQAR9]SUBPajeuorpeuuoneonps,]Jedsasiues10xno9onbsannesduepuodsaiossedsino9SapH10A9981SpUONESIIOMNE,|Jauuoq_2[JOUUOISS9J01duOrJeULO]8]Op21pe9JET9]SupajBuoneUuoreonpo,]Jedsgsiuv3.10xneoonbsonnesouepuodse1109sedsoosop110A9981BpUOHESLIOMNE.|JOUUOC9J0A'SUOTBJINSUODJUSWAIUSIISU'SOPIAIVSIGqSanbuosjonbsjafqonossouepuodseu100'ua8ie,pSOUIOSspanisejnosous]10S10mY\nEpCEEAeHenuapuodjuowoss11q819,]10d9pJedno[esodstosedsjofqosap110490018anu3J9psuuOossaddunJ951107nY\nMaison d'Arr\u00eat d'Amiens - 80-2026-04-09-00002 - Arr\u00eat\u00e9 portant d\u00e9l\u00e9gation de signature 09 04 2026 24\n6\n(uolonpoldudoyAI}0B)airenuayusduonensiurwpe,]Sed3S9,u91pJ0,pANnaUUOpaanbs1ojHAN,Opa1eIodu9]PETITEossieqInodsasenuauad1ojdwa,pSyexjuossinaisnjdnoun.puoisuadsnsvyans'sinof\u00a2apIB[9punsup'SIABuna1pu9yS[-Zlp7]|[UONBHSIUIWPE,]JS9S1PIO,pinauuop9a]onbsio|snusjgpauuosiodoun,pouenuayuosd1ojdWuo,pjerjuosa]s1pusdsnsbT-CLtoYJUDWIB][2ANOUDIUOSOpSNAUS9JIeQUuAIUId10]du9,p381JU09neJUBLIDABUNJOUBIS9Henuayuoduorensiurupe,|Sed4S9,UJorusap99anbsJo]s1p40,pINAUUOPa]19sNUS}9pauUOSJod8jausnjouosauenuaued1ojdus,pjemuosnesoxouueayedinUOIJUSAUOD8]JoUBIS|aJ1enuayusdII-ClVUTuonenstuwupe,;189aipio,pinouuopa]anbsic]'anusjepouuosiodve]oo4eauenuoquod1ojdwa,pjejuosunJou\u00eaisadioijuajiuad10jdwa,p0407)LI-TI+'AUoHONpoldapSAN]9PUONESS99dpSedUd[BARI]Op9JS0dUOSNsanU9J9paUUOSIOdBapUONEIOLIE,]BUL]SION]vi-clv\u00e0'(uononpoidus,nbjeigugssd1AJasneque)uorsuadsnsapsnjasun,p\"uRdYd9g-Tit'1|SB9]\"JOploapJo[IBABIapasoduos1nsuoreJoay}eUOSs1puodsnsjueyreynosonuajapsuuosiode]apspuewepe]ANSJaN}e}SSI-CIF4ere(uoHonpowduanbjersus89d!AJasneque)[FAR]apaysoduosnsonuojepauuosiodejapuoneJoayre]a1puedsns6-Tit'A[BABI]apajsodunInsanusjepsuuosiodoun,puoNe)9a4je,pShJoinpJapioaq\n9-T1v\"71JUaUSSSI|qUIS]9PJOYSNPJUSUISSSE]OSpUOISI99P8]8JUOUISULIOJUOSS919/SU8I)SNUDJ9pSUUOSIAdSUN[IBABI)NeJSSE[)8-CIv\u00e0anbiunsureurpdissiprinqdS-Zlp7|UOISSIUOS8]apsIABsideonusjgpeuuosiodsun,p[IBABHNBJUOUISSEIOOpSNjaiNpNOJUAUSSSEJONpsopi99qUO11D192/\u00ceb/JU2U2SS0]7)AAAduosaidoidnajmod1jjeAenBsonuaiopsouuosiodso]JasIOINY2118HU9)IU9d[IUABIL\nMaison d'Arr\u00eat d'Amiens - 80-2026-04-09-00002 - Arr\u00eat\u00e9 portant d\u00e9l\u00e9gation de signature 09 04 2026 25\nQIUO1ESI[ESIapJoLipusjeoun,psaguseduiosoe'sasi.idjuosasinbsajjaoanbisurejreaeynpuorsodsur|[LCIaapuodderneaynsyeyquonbsainsousa]juesiogidoso4nowosuodaioun'jeannpuonsodsur|spSdIAIOSne19SS91pYsonusjepsouuosiodsoyedsanjoojjoXNPABI]LA-clyA|xnePUANDISapjoougisy.psajsousopuoleordde,|inod[rearsnpuoroodsur|apSddIAJISSOPUONUSAIQUI,|I9HOI[OSL7-ZlvAuoronpoidUdS9J1AN9ESaynod'2[8190$91IN99SOpSOUISIUBBIOXNEUOIBIE[DEpE]Op1921p10,pINoUUOP9]JedSIWISUEHSJUSWI9[9Sop2SEqE]INSSUOITRIQUNLUDISapSNUIJIPSUUOSIIA2]BJUOWIISISANe19P9001LT-TIit'AuorjonpoidUdSoPIAIJOVSa]ANOd[IVRapXNaI]sayAnsSHAINDYSB]199oUB]}I9AINseB]NbIsure[IBABIJNeonud}9psuUOSJade]apsdUaSaude]JoinsseInods}UdUIBANOUISa]JASIURBICQLECIYAuoronpoidueSgyAroeso]Inod21p10,pAnauuop9g]Jeduorisodsip8SIUsjnoJosjuowrodimbssapuonesi]in,]19107Pavia(uononpoidua.nbelyJBIQUDSSDIAJOSNBJUE})[IBABI9pJJHANIE,]oponbiuysa}juowopeous,]JoANsse.pS9Bieyosoinaiia}xasouuosiodSO]19918V[IDADAapANA1JID,]apadpdda]SUDPSUOLJUOALOIU]Sp-TIPU(uornonpoidUssyArjoe)aneauayuodUONeASIU|Wpe,|sed3s9,ua1pio,pinouuopa]anbsio]anbiwoUCss\u20acp-TitY|Jnousnodonequoyuod1ojdus,psjenuos61apsnjdapuonerpisaiopainpgooide]apAUIBINSHIeB]INSSIARUN9IPU9MYlp-ZlvA9[qe894d9139.9unBUOTJBIOAUODSaide991410npSUIOS9q6\u20ac-TIY'Y|XNejueus}nosnbiwouosgjouunsnod'ajjauuoissajosdaouesyyjnsulnoapnyydeursnod(IBIQU989d1AJaS)oureTUd}IUad8E-clyA|UONBSULUpe.|1921pIO,pINoUUOP9jenbssio]snusjapouuosiode|opaureiuayusd1ojdurspjeuos9]JOI[ISOYLe-TlvA2JQUILUEp10998UN,psINnjeUsiseB]JedsnuUajapauuosIodB]29,8P10998UNUILUODUN,p\"([RIQUES291A18$)a1enuayIuad91-ci\u00ff'7|UOHBASIUIUIpE.|Iso91PIOpAInouuop9jonbsio|snuajgpauuosiode|opauenuayuodlojdus.pyuo.a]1e1]ISoY\nMaison d'Arr\u00eat d'Amiens - 80-2026-04-09-00002 - Arr\u00eat\u00e9 portant d\u00e9l\u00e9gation de signature 09 04 2026 26\nIl\nSd]]919U9}U9S-}sOd39soponuaques-21dsains\nST-yICQ\nSINJeUSIS9UN19S11889/39So991dapSardossapSULIOJUOD191119)\nC8\"CIr\u00e0uOnejueduuI,pJe1JUODNPUO1N99X9,]opUOIsUodsnsaun,painawspUd2SIUUB]HIOSSE'9U98N,psvdud'Jouonejue|dun,pyesjUODnesonagidsuone81[qoSapoodsal-UOUnpuorje}e]SU09SapJUL}OR.UODOD9}SINOUIOPUdISIN\n[8-CIv4UO1JonpoidUsSJANOE,]Op2981849sunjonsjsounNoasiidayusaunnjouosuorejue[duurpyesUOD9]JDITISOY\n8L-clv\u00c0uononpoidUsSJAN9,]Op9981849siNjon.jsounnoss1idorusoun5948uonejuedu,p2109unJou81Suoyojunjidu,p1D4JU0T)\neL-clvQIAINSUOSOp981849u9osreLoIpNfsome]19JuowoyedopapJoJosd9jJOUOJUIUd'syeIPSUILUTspioqesas8joaurenuaiuodJUSWASSI[GLII,&9JOIJJBSUIBWOP9]INSOMIS[IARI]opaj3sodunInsa9joajje919BsQULepUODouuosiodaunJOSIIOINYJaIssopnp981849UdJensisewnpuorestopnesoide's}eIPSWIWISpsOgeSas&Joa1BjuaIuodjuoWISS1]qUI9|BNORSUIBUIOP9]ANSOMIS[IBABIJOpajsodunAnsagoajyeJs9anuoA9Idauuosiodounnbsio]juowoyedapopjajoid9]ounoyju]\ncL-Clv'd\nJUSWISUUONDUOJSp39UOUDSUONPI[PJSUISops]qQUIdSUa]HUQJUIBIN]<:[BABINP9PO9NP[-[7Zp'IBOB8JUOUIOWIOJUODSonusjgpSouuosiadsap9}linogseB]ossqueresUONRSI[IN1n9]onb998oJOIUBUOP[IBABI]OpxXNdI]SofJasvugUIY<'UOIJeJue]dUUIpye.1]UOD9]SuepSonAYIdSUOHIPUOSsa]uOfeS\"sodepeSJdI[IGOUJoSJoIjIqowUWsusXoWsapJauonesiue810ounsoRIdUdSION<:[IBABHNP9pOdNPZ-[T['TISIOIHB,8soouousuoruoAgidspxneiou93sodioulidsa]S1ANTUdISIN<*LUABHNP9p09NP[-121+'HBowe]apuoneoiyddeussjauuoissajoidsonbsi1sapuolenyeAg,panbiunjuowinoopun191048939SanusJopSouuOsiadSop9j1In99sE]JeqquesB]INOdsonbsiisa]JoNjeAq<'SOJUEJSIXOSUOIJENJISSopUONRIO!PUB]&SIPUD}19SSOULISUOIIOSopJUSUaSUBYOnp9}dWOdJ1u9}Anodsoinsoulsooopuonejdepe,8ISA4*[BABI]NP9poOonp[-[Zp'IBoe,BJUSWIQULIOJUO9sonuayapSouuosiodsapojejuouyoonbisAydquesej1989101djooyinsosujJoINSseInodsouesssoguSainSoUISo]21PU9I4<:SoNUJ9pSouUUOSJAdSap[IBABIJNESJLIN99SOpJ9QUESOPSIQIJEUIUSSUOITRSI[GC\nMaison d'Arr\u00eat d'Amiens - 80-2026-04-09-00002 - Arr\u00eat\u00e9 portant d\u00e9l\u00e9gation de signature 09 04 2026 27\nCl\nsJneuluiousaj}dw0dsap31993]2919q1]auuosiod8]OP9918]99P9ssa1pe,]anbisuleuorjei9qI]Op'no199,pSayepsa]10NSISQIU9199-\u00a25-90/,b-clsLS[O1HE,]ESJUUOTUOUUOTJELLIOFUI,|opJofqo.|Je;Banu9Jopsuuosiodejanb191194opUe(SIVTIA)Saiuajolanosajjanxas8-TIT1SUONJEJJUI,pSIN|INeSap2sheuopnejeuoleu2118191pnf191421neJapgooeAnOdsajjoidsopsjuasesopJuowa[eioodsJay1j1qeH2919q1]auuosiodeB]Jed912/99pa[1o1wopnpsssoipe,]anbisuieuoneroqi]OP'NOI99,PSAPSo]191S1891U9E-ZIS\"T1|19dd)8-ST-90LSI9IUE,j8sQUUOIJUDUOHBUNOJUI,|apJafqo.|WeyBanuazepauuosodejanb1o1ju9AopUe(LIVE)L-TIT'T|S3)SHOM9]SUONORIJUI,pSinonsapgsijBwone[euoreuaueloipnfJo1YydIYne19p99981nodajjo18npsju98esoyJAJIIIQEHS9JJ9.18sapUOnS2T)'alOSIAOIduonuaJ9pesjuepuadsuuwrepuosnpaynpuosIT-VIT'|SSIBANEUapseoUd'auradopUOHONPAIapJ1P949Npsd1J9UNqNparednoNOapJEHOIOpSUXNEGyfNPQUISIBS39BIIOSIAOIUO}UDd}9pUSsIGNsUOTBUuWEpUODBe]apaijiedeBINS21qI]ULBEPUOSNPqSySPuswexd.|InodgyfneSIABunJauU0GgJUSPIOU!91]N{NO}NOajInpuodaUuUOYopUONLSI]qGO,|8Juouonbueuwap\"sameul|diosipsajseisop9-P7y'|UOHBAISSQOUI,pS89UdFSdUN,pNoqqUN,P'Sd2UN,PJUBIDIJQUINqs9UWEpUODauuosIodsun,p30U9B.IN,psedUDo}eIpowlUONLISIUISIBlJ9PIO9pNOINdII9}X9,|BJUBANOI]9SSQUWBPUODIP99U9BIN,pSBdUdJEPAULUOIVISIIUIDIE]B1OPI001gPT-tCt'dd9118]889/9PUOSNOJUOUISSSI1q8)9,PJoyoa]Jed2940190jUsUIUApgd9id1H1OSapuolssiuuadsun19119\u00ffZZ-b7b\"G+}e1}s!/3eW92ap21121009UOISI39pJnes'dd)NPG-ZT/2pP1yHe,]apuoneaiddeua4yfa]Jed22p1099eajae11110SS-\u00ffcr\"TT|epuoirssiwadasaiwaidsunnbsio]|aimofeusouwepuossuuosiodaun,pSILOSapUOISSILHOdOpSOPUEWISPSA]ANS19n)2]SO-rIZ'1UOTJU9ISPUdSQULIEPUOIAUUOSI9ASUNpSJINPUOS9SIBANEUIOpSedUadHO4pWealopulynegYf9]AISIeS9[0.1]U09Op91nSoUI|opsiqrpinb9.|BsedjueyonozouI-bZp\"1|SO}QRJOARJsuoneoryipouuopyi8e,s[Inbsio]'SaIapnoPHOQII-LUSSB]Op'IN9HHIXA,BJuouI90e]dNpowIB9InesasipeNOSdaun,pJueIOI\u00a59UINqsauuosIodSop1110Sap39994]UI9,pSOIIBIOUSa]\"AqVfNpa[qujeoiduolesONe,|9948'ISIJIPOINS769a+9[Q1UO9ap31NS9UIB]Oppacersaiqijinba.|@sedyueyono}ouuouexousSILSUUOSIOdE]BSO[QUIOA]SUO]LOIJIPOUapJ188,S[I,nbs10]\"ASyysnosS999]dsouuosiedsapuoleusisse,pxnal]Sa]SUEPnoa[ID1WOpnesou9s91dapsoueIOYSo]'Inpa[qelegadpi0998,]994'ISHJIPOIN]\nMaison d'Arr\u00eat d'Amiens - 80-2026-04-09-00002 - Arr\u00eat\u00e9 portant d\u00e9l\u00e9gation de signature 09 04 2026 28\n\u20ac\n9707ILIAE6a]'SuaTUTYVW\nSUOISSIUI\nSIN9|Op21p899[SUEPSTSANAD8Jopgooesnodosreyuesgun]9pSjauUOsiadsa]3asagatidsosiidonussapsjouuosiodsa]S-OVT\"A|'9anBg[9puonso8eB]apopeda]suepjuessi$esourdsjuouiodno1i$sapsjouuosiodSa]*9[BUOIJEUUOHEONP9,]OpSJU988Sa]'ffdB]OpSjuaseSe]:4IJdSNpSJu98sa]'SoUeJ[IOAINSapsjouuossadsa]{JUSLIOIPEOUD,|ap981849Ud\"sJIJEUIWOUsajdu09sap1891B]Op281849Ud'ajjo13npoB1eydudsorenuayiuodspouuosiodso]jUsUa|BIO9dSJOU][IGeY19JUSLUD]JONpIAIpUl19u81S9(]\nSISHNAD\nestia\"SOINJON.SS99apSajqesuodsoisuldappuSapSIARsaideANS19dWS/UesoueIoAINSaps[ouuosodSop19]99JJV9-1c7s\\u93JUDGESOPISIAIOSNPUOHESIUBSIO,PSHN]EPOUSo]IOUILI919(]SOUIVTUNYSId.1NOSsoySTTELASanua}9pSouUOsIodSopspueUlapef8OUILUOS9]N0O}9pSJHeurWOusaydw09SapInassi$91aJedjuowoagoud9]Js1101n%.JUSWISSI[Ge}9,|ap[ouUOSIAd9]1WIedsarreyepueurSanne,pJausisgp8jo'sjuegiddnssoureyepueusanaisnjdnouns9uWOUesyreurwousajdwuosSopMOSSIS9I9[J0S10MVY\nMaison d'Arr\u00eat d'Amiens - 80-2026-04-09-00002 - Arr\u00eat\u00e9 portant d\u00e9l\u00e9gation de signature 09 04 2026 29\nPr\u00e9fecture de la Somme\n80-2026-04-06-00001\nArr\u00eat\u00e9 attribuant r\u00e9compense pour acte de\ncourage et de d\u00e9vouement - M. Florent MALOT\nPr\u00e9fecture de la Somme - 80-2026-04-06-00001 - Arr\u00eat\u00e9 attribuant r\u00e9compense pour acte de courage et de d\u00e9vouement - M. Florent\nMALOT 30\nPREFETDE LA SOMMELibert\u00e9Egalit\u00e9Fraternit\u00e9\nARR\u00caT\u00c9Attribuant r\u00e9compensepour actes de courage et de d\u00e9vouement\nLE PR\u00c9FET DE LA SOMMEChevalier de la L\u00e9gion d'HonneurOfficier de l'Ordre National du M\u00e9rite\nVu le d\u00e9cret du 16 novembre 1901 modifi\u00e9 par le d\u00e9cret du 9 d\u00e9cembre 1924 instituant la m\u00e9daille pouractes de courage et de d\u00e9vouement ;Vu le d\u00e9cret n\u00b070 221 du 17 mars 1970 donnant comp\u00e9tence aux pr\u00e9fets pour l'attribution de la m\u00e9daillepour actes de courage et de d\u00e9vouement ;Vu le d\u00e9cret du 13 juillet 2023 nommant Monsieur Rollon MOUCHEL-BLAISOT, pr\u00e9fet de la Somme;Vu le d\u00e9cret du 20 ao\u00fbt 2025 nommant Madame Estelle CHARLES, sous-pr\u00e9f\u00e8te, directrice de cabinet dupr\u00e9fet de la Somme ;Vu la circulaire d'application n\u00b070208 du 14 avril 1970;Vu l'acte de courage accompli le 30 novembre 2025 par Monsieur Florent MALOT;Sur proposition de Madame la sous-pr\u00e9f\u00e8te, directrice de cabinet;\nARR\u00caTEArticle 1er. - Une m\u00e9daille de bronze pour actes de courage et de d\u00e9vouement est d\u00e9cern\u00e9e \u00e0:\nMonsieur Florent MALOT\nArticle 2. - Madame la sous-pr\u00e9f\u00e8te, directrice du cabinet est charg\u00e9e de l'ex\u00e9cution du pr\u00e9sent arr\u00eat\u00e9qui sera publi\u00e9 au recueil des actes administratifs de la pr\u00e9fecture de la Somme.\nAmiens, le 06 avril 2026Le Rr\u00e9fet,\nRollon MOUCHEL-BLAISOT\nPr\u00e9fecture de la Somme - 80-2026-04-06-00001 - Arr\u00eat\u00e9 attribuant r\u00e9compense pour acte de courage et de d\u00e9vouement - M. Florent\nMALOT 31\nPr\u00e9fecture de la Somme\n80-2026-04-07-00001\nArr\u00eat\u00e9 modificatif fixant la composition du\ncomit\u00e9 social d'administration de la pr\u00e9fecture\nde la Somme\nPr\u00e9fecture de la Somme - 80-2026-04-07-00001 - Arr\u00eat\u00e9 modificatif fixant la composition du comit\u00e9 social d'administration de la\npr\u00e9fecture de la Somme 32\nPREFET Secr\u00e9tariat g\u00e9n\u00e9ralDE LA SOMME SGCDFale P\u00f4le ressources humainesFraternit\u00e9\nArr\u00eat\u00e9 pr\u00e9fectoral modificatif fixant la composition ducomit\u00e9 social d'administration de la pr\u00e9fecture de la Somme\nLE PR\u00c9FET DE LA SOMMECHEVALIER DE LA L\u00c9GION D'HONNEURVu le code g\u00e9n\u00e9ral de la fonction publique ;Vu le d\u00e9cret n\u00b02020-1427 du 20 novembre 2020 relatif aux comit\u00e9s sociaux d'administrationdans les administrations et les \u00e9tablissements publics de l'\u00c9tat ;Vu le d\u00e9cret du 13 juillet 2023 portant nomination du pr\u00e9fet de la Somme, M. RollonMOUCHEL-BLAISOT \u00e0 compter du 24juillet 2023 ;Vu le d\u00e9cret du 21 juillet 2023 portant nomination de M. Emmanuel MOULARD, administrateurde l'\u00c9tat du deuxi\u00e8me grade, sous-pr\u00e9fet hors classe, secr\u00e9taire g\u00e9n\u00e9ral de la pr\u00e9fecture de laSomme;Vu l'arr\u00eat\u00e9 du 3 juin 2022 instituant des comit\u00e9s sociaux d'administration au sein du minist\u00e8rede l'Int\u00e9rieur et des Outre-mer ;Vu l'arr\u00eat\u00e9 du 6 octobre 2022 relatif aux modalit\u00e9s d'organisation du vote \u00e9lectronique parinternet pour l'\u00e9lection des repr\u00e9sentants du personnel au sein des instances derepr\u00e9sentation du minist\u00e8re de l'Int\u00e9rieur et des Outre-mer ;Vu l'arr\u00eat\u00e9 du 15 janvier 2024 portant d\u00e9l\u00e9gation de signature principale \u00e0 M. \u00c9mmanuelMOULARD, secr\u00e9taire g\u00e9n\u00e9ral de la pr\u00e9fecture de la Somme ;Vu le proc\u00e8s-verbal de d\u00e9pouillement et de proclamation des r\u00e9sultats du 8 d\u00e9cembre 2022 ;Vu l'arr\u00eat\u00e9 pr\u00e9fectoral modificatif du 25 avril 2025 fixant la composition du comit\u00e9 sociald'administration de la pr\u00e9fecture de la Somme;Consid\u00e9rant le courriel de Mme Margaux ZAMMEL du 23 mars 2026 portant d\u00e9signation de M.Nicolas RACINE comme repr\u00e9sentant du personnel suppl\u00e9ant du syndicat SAPACMI au comit\u00e9social d'administration de la pr\u00e9fecture de la Somme ;Sur proposition du secr\u00e9taire g\u00e9n\u00e9ral,\nPr\u00e9fecture de la Somme - 80-2026-04-07-00001 - Arr\u00eat\u00e9 modificatif fixant la composition du comit\u00e9 social d'administration de la\npr\u00e9fecture de la Somme 33\nARRETEArticle 1\u00b0Le comit\u00e9 social d'administration de proximit\u00e9 de la pr\u00e9fecture de la Somme est compos\u00e9comme suit :a) Repr\u00e9sentants de l'administration :- le pr\u00e9fet du d\u00e9partement de la Somme, pr\u00e9sident,- le secr\u00e9taire g\u00e9n\u00e9ral de la pr\u00e9fecture, pr\u00e9sident en cas d'emp\u00e9chement du pr\u00e9fet,Le pr\u00e9fet est assist\u00e9 en tant que de besoin par les membres de l'administration exer\u00e7ant desfonctions de responsabilit\u00e9 et concern\u00e9s par des questions soumises \u00e0 l'avis du comit\u00e9.b) Repr\u00e9sentants du personnel : 6 membres titulaires et 6 membres suppl\u00e9ants\nArticle 2Sont d\u00e9sign\u00e9s en qualit\u00e9 de repr\u00e9sentants du personnel au sein du comit\u00e9 sociald'administration susmentionn\u00e9 :Membres titulaires Membres suppl\u00e9antsAu titre du syndicat Force Ouvri\u00e8reM. Yann MISIAK, sous-pr\u00e9fecture de P\u00e9ronne M. Xavier BERTOUILLE, sous-pr\u00e9fectured'AbbevilleMme Karine BRIAUX, direction des s\u00e9curit\u00e9s, Mme Cyrielle ARCHER, direction desbureau des droits a conduire s\u00e9curit\u00e9s, service interminist\u00e9riel ded\u00e9fense et de protection civilesM. Alexis TONNEAU, direction des s\u00e9curit\u00e9s, Mme Marianne NONIN, secr\u00e9tariatbureau de la s\u00e9curit\u00e9 int\u00e9rieure g\u00e9n\u00e9ral commun d\u00e9partemental, pdleressources humainesMme Emilie LANNOY, direction des s\u00e9curit\u00e9s, Mme Pauline AVET, direction de labureau de la s\u00e9curit\u00e9 int\u00e9rieure citoyennet\u00e9 et de la l\u00e9galit\u00e9, bureau des\u00e9lections et de la r\u00e9glementation g\u00e9n\u00e9raleAu titre du syndicat SAPACMI/UATS-UNSAMme Margaux ZAMMEL, direction de la M. Nicolas RACINE, centre d'expertise etcitoyennet\u00e9 et de la l\u00e9galit\u00e9, bureau des de ressources titres-certificats\u00e9trangers d'immatriculation des v\u00e9hicules, bureaude lutte contre la fraudeMme Fabienne SOUDET, centre d'expertise et M. Johan LEFEBVRE, servicede ressources titres-certificats communication et repr\u00e9sentation ded'immatriculation des v\u00e9hicules l'\u00c9tat\nPr\u00e9fecture de la Somme - 80-2026-04-07-00001 - Arr\u00eat\u00e9 modificatif fixant la composition du comit\u00e9 social d'administration de la\npr\u00e9fecture de la Somme 34\nArticle 3Le pr\u00e9sent arr\u00eat\u00e9 annule et remplace l'arr\u00eat\u00e9 modificatif du 25 avril 2025 fixant lacomposition du comit\u00e9 social d'administration de la pr\u00e9fecture de la Somme.\nArticle 4Le secr\u00e9taire g\u00e9n\u00e9ral de la pr\u00e9fecture est charg\u00e9 de l'ex\u00e9cution du pr\u00e9sent arr\u00eat\u00e9 qui seranotifi\u00e9 aux membres du comit\u00e9 social d'administration de la pr\u00e9fecture de la Somme etpubli\u00e9 au recueil des actes administratifs.\nFait \u00e0 Amiens, le {) 7 AVR. 2026\nLe pr\u00e9fet\nCHEL-BLAISOT\nPr\u00e9fecture de la Somme - 80-2026-04-07-00001 - Arr\u00eat\u00e9 modificatif fixant la composition du comit\u00e9 social d'administration de la\npr\u00e9fecture de la Somme 35\nPr\u00e9fecture de la Somme - 80-2026-04-07-00001 - Arr\u00eat\u00e9 modificatif fixant la composition du comit\u00e9 social d'administration de la\npr\u00e9fecture de la Somme 36\nPr\u00e9fecture de la Somme\n80-2026-04-07-00002\nArr\u00eat\u00e9 modificatif portant d\u00e9signation des\nmembres de la formation sp\u00e9cialis\u00e9e du comit\u00e9\nsocial d'administration de la pr\u00e9fecture de la\nSomme\nPr\u00e9fecture de la Somme - 80-2026-04-07-00002 - Arr\u00eat\u00e9 modificatif portant d\u00e9signation des membres de la formation sp\u00e9cialis\u00e9e du\ncomit\u00e9 social d'administration de la pr\u00e9fecture de la Somme 37\nPREFET Secr\u00e9tariat g\u00e9n\u00e9ralDE LA SOMME SGCDthert\u00e9pd P\u00f4le ressources humainesFraternit\u00e9\nArr\u00eat\u00e9 pr\u00e9fectoral modificatif portant d\u00e9signation des membres de la formation sp\u00e9cialis\u00e9edu comit\u00e9 social d'administration de la pr\u00e9fecture de la Somme\nLE PR\u00c9FET DE LA SOMMECHEVALIER DE LA L\u00c9GION D'HONNEURVu le code g\u00e9n\u00e9ral de la fonction publique ;Vu le d\u00e9cret n\u00b02020-1427 du 20 novembre 2020 relatif aux comit\u00e9s sociaux d'administrationdans les administrations et les \u00e9tablissements publics de l'\u00c9tat ;Vu le d\u00e9cret du 13 juillet 2023 portant nomination du pr\u00e9fet de la Somme, M. RollonMOUCHEL-BLAISOT \u00e0 compter du 24 juillet 2023 ;Vu le d\u00e9cret du 21 juillet 2023 portant nomination de M. Emmanuel MOULARD, administrateurde l'\u00c9tat du deuxi\u00e8me grade, sous-pr\u00e9fet hors classe, secr\u00e9taire g\u00e9n\u00e9ral de la pr\u00e9fecture de laSomme;Vu l'arr\u00eat\u00e9 du 3 juin 2022 instituant des comit\u00e9s sociaux d'administration au sein du minist\u00e8rede l'Int\u00e9rieur et des Outre-mer ;Vu l'arr\u00eat\u00e9 du 6 octobre 2022 relatif aux modalit\u00e9s d'organisation du vote \u00e9lectronique parinternet pour l'\u00e9lection des repr\u00e9sentants du personnel au sein des instances derepr\u00e9sentation du minist\u00e8re de l'Int\u00e9rieur et des Outre-mer ;Vu l'arr\u00eat\u00e9 du 15 janvier 2024 portant d\u00e9l\u00e9gation de signature principale \u00e0 M. EmmanuelMOULARD, secr\u00e9taire g\u00e9n\u00e9ral de la pr\u00e9fecture de la Somme;Vu le proc\u00e8s-verbal de d\u00e9pouillement et de proclamation des r\u00e9sultats du 8 d\u00e9cembre 2022 ;Vu l'arr\u00eat\u00e9 pr\u00e9fectoral modificatif du 25 avril 2025 portant d\u00e9signation des membres de laformation sp\u00e9cialis\u00e9e du comit\u00e9 social d'administration de la pr\u00e9fecture de la Somme;Consid\u00e9rant le courriel de Mme Margaux ZAMMEL du 23 mars 2026 portant d\u00e9signation de M.Nicolas RACINE comme repr\u00e9sentant du personnel suppl\u00e9ant du syndicat SAPACMI \u00e0 laformation sp\u00e9cialis\u00e9e du comit\u00e9 social d'administration de la pr\u00e9fecture de la Somme;Sur proposition du secr\u00e9taire g\u00e9n\u00e9ral,\nPr\u00e9fecture de la Somme - 80-2026-04-07-00002 - Arr\u00eat\u00e9 modificatif portant d\u00e9signation des membres de la formation sp\u00e9cialis\u00e9e du\ncomit\u00e9 social d'administration de la pr\u00e9fecture de la Somme 38\nARRETE\nArticle 1\u00b0Sont d\u00e9sign\u00e9s en qualit\u00e9 de repr\u00e9sentants du personnel au sein de la formation sp\u00e9cialis\u00e9e enmati\u00e9re de sant\u00e9, de s\u00e9curit\u00e9 et de conditions de travail du comit\u00e9 social d'administration deproximit\u00e9 de la pr\u00e9fecture de la Somme :\nMembres titulaires Membres suppl\u00e9antsAu titre du syndicat Force Ouvri\u00e8reM. Yann MISIAK, sous-pr\u00e9fecture de P\u00e9ronne Mme Cyrielle ARCHER, direction dess\u00e9curit\u00e9s, service interminist\u00e9riel ded\u00e9fense et de protection civilesMme Emilie LANNOY, direction des s\u00e9curit\u00e9s, Mme Karine BRIAUX, direction desbureau de la s\u00e9curit\u00e9 int\u00e9rieure s\u00e9curit\u00e9s, bureau des droits \u00e0 conduireM. Xavier BERTOUILLE, sous-pr\u00e9fecture M. Alexis TONNEAU, direction desd'Abbeville s\u00e9curit\u00e9s, bureau de la s\u00e9curit\u00e9 int\u00e9rieureMme Pauline AVET, direction de la Mme Marianne NONIN, secr\u00e9tariatcitoyennet\u00e9 et de la l\u00e9galit\u00e9, bureau des g\u00e9n\u00e9ral commun d\u00e9partemental, p\u00f4le\u00e9lections et de la r\u00e9glementation g\u00e9n\u00e9rale ressources humainesAu titre du syndicat SAPACMI/UATS-UNSAMme Margaux ZAMMEL, direction de la M. Nicolas RACINE, centre d'expertise etcitoyennet\u00e9 et de la l\u00e9galit\u00e9, bureau des de ressources titres-certificats\u00e9trangers d'immatriculation des v\u00e9hicules, bureaude lutte contre la fraudeMme Fabienne SOUDET, centre d'expertise et M. Johan LEFEBVRE, servicede ressources titres-certificats communication et repr\u00e9sentation ded'immatriculation des v\u00e9hicules l'\u00c9tat\nArticle 2Le pr\u00e9sent arr\u00eat\u00e9 annule et remplace l'arr\u00eat\u00e9 modificatif du 25 avril 2025 portant d\u00e9signationdes membres de la formation sp\u00e9cialis\u00e9e du comit\u00e9 social d'administration de la pr\u00e9fecturede la Somme.\nPr\u00e9fecture de la Somme - 80-2026-04-07-00002 - Arr\u00eat\u00e9 modificatif portant d\u00e9signation des membres de la formation sp\u00e9cialis\u00e9e du\ncomit\u00e9 social d'administration de la pr\u00e9fecture de la Somme 39\nArticle 3Le secr\u00e9taire g\u00e9n\u00e9ral de la pr\u00e9fecture est charg\u00e9 de l'ex\u00e9cution du pr\u00e9sent arr\u00eat\u00e9 qui seranotifi\u00e9 aux membres de la formation sp\u00e9cialis\u00e9e du comit\u00e9 social d'administration de lapr\u00e9fecture de la Somme et publi\u00e9 au recueil des actes administratifs.\nFait \u00e0 Amiens, le 0 7 AVR. 2026\nLe pr\u00e9fet\nPr\u00e9fecture de la Somme - 80-2026-04-07-00002 - Arr\u00eat\u00e9 modificatif portant d\u00e9signation des membres de la formation sp\u00e9cialis\u00e9e du\ncomit\u00e9 social d'administration de la pr\u00e9fecture de la Somme 40\nPr\u00e9fecture de la Somme - 80-2026-04-07-00002 - Arr\u00eat\u00e9 modificatif portant d\u00e9signation des membres de la formation sp\u00e9cialis\u00e9e du\ncomit\u00e9 social d'administration de la pr\u00e9fecture de la Somme 41\nPr\u00e9fecture de la Somme - Cabinet\n80-2026-04-09-00001\nAP 2026-179 portant d\u00e9rogation aux hauteurs de\nsurvol- course cycliste Paris-Roubaix\nPr\u00e9fecture de la Somme - Cabinet - 80-2026-04-09-00001 - AP 2026-179 portant d\u00e9rogation aux hauteurs de survol- course cycliste\nParis-Roubaix 42\nE a Arr\u00e9t\u00e9 CAB/BSI/PA n\u00b02026/179PREFETDE LA SOMMELibert\u00e9Egalit\u00e9Fraternit\u00e9\nARR\u00caT\u00c9Portant d\u00e9rogation aux hauteurs de survolLE PR\u00c9FET DE LA SOMMECHEVALIER DE LA L\u00c9GION D'HONNEUROFFICIER DE L'ORDRE NATIONAL DU M\u00c9RITE\nVu le r\u00e8glement d'ex\u00e9cution (UE) n\u00b0923/2012 de la commission du 26 septembre 2012 \u00e9tablissant lesr\u00e8gles de l'air communes et des dispositions op\u00e9rationnelles relatives aux services et proc\u00e9dures denavigation a\u00e9rienne et modifiant le r\u00e8glement d'ex\u00e9cution (UE) n\u00b01035/2011, ainsi que les r\u00e8glements(CE) n\u00b01265/2007, (CE) n\u00b01794/2006, (CE) n\u00b0730/2006, (CE) n\u00b01033/2006 et (UE) n\u00b0255/2010;Vu le code de l'aviation civile et notamment l'article R 131-1;Vu le d\u00e9cret n\u00b0 2004-374 du 29 avril 2004 modifi\u00e9, relatif aux pouvoirs des pr\u00e9fets, a l'organisation et\u00e0 l'action des services de l'\u00c9tat dans les r\u00e9gions et d\u00e9partements ;Vu le d\u00e9cret du 13 juillet 2023 nommant Monsieur Rollon MOUCHEL-BLAISOT, pr\u00e9fet de la Somme ;Vu le d\u00e9cret du 20 ao\u00fbt 2025 nommant Madame Estelle CHARLES, sous-pr\u00e9f\u00e8te, directrice decabinet du pr\u00e9fet de la Somme ;Vu l'arr\u00eat\u00e9 interminist\u00e9riel du 10 octobre 1957 modifi\u00e9 relatif au survol des agglom\u00e9rations et desrassemblements de personnes ou d'animaux ;Vu l'arr\u00eat\u00e9 interminist\u00e9riel du 17 novembre 1958 modifi\u00e9 portant r\u00e9glementation de la circulationa\u00e9rienne des h\u00e9licopt\u00e8res ;Vu l'arr\u00eat\u00e9 interminist\u00e9riel du 11 d\u00e9cembre 2014 modifi\u00e9 relatif \u00e0 la mise en \u0153uvre du r\u00e8glementd'ex\u00e9cution (UE) n\u00b0923/2012 ;Vu l'arr\u00eat\u00e9 minist\u00e9riel du 24juillet 1991 modifi\u00e9 relatif aux conditions d'utilisation des a\u00e9ronefs civilsen aviation g\u00e9n\u00e9rale, et son annexe (JO du 30 ao\u00fbt 1991);Vu l'arr\u00eat\u00e9 pr\u00e9fectoral du 9 mars 2026 portant d\u00e9l\u00e9gation de signature \u00e0 Madame Estelle CHARLESsous-pr\u00e9f\u00e8te, directrice de cabinet du pr\u00e9fet de la Somme;Vu l'autorisation d'exploitant FR.DEC.0137 et l'autorisation d'exploitation sp\u00e9cialis\u00e9e commerciale \u00e0haut risque d\u00e9livr\u00e9es par la DSAC Centre-Est ;Vu la demande pr\u00e9sent\u00e9e le 18 mars 2026 par la soci\u00e9t\u00e9 \u00ab HBG France \u00bb bas\u00e9e au 19 rue GermainSommeiller \u00e0 Annemasse (74100), en vue d'obtenir Une d\u00e9rogation aux hauteurs de survol desagglom\u00e9rations et rassemblements de personnes dans le d\u00e9partement de la Somme sur le trac\u00e9 dela course cycliste Paris-Roubaix le 11 et 12 avril 2026 ;\nPr\u00e9fecture de la Somme - Cabinet - 80-2026-04-09-00001 - AP 2026-179 portant d\u00e9rogation aux hauteurs de survol- course cycliste\nParis-Roubaix 43\nVu l'avis favorable du directeur zonal Nord de la police aux fronti\u00e8res du 18 mars 2026;Vu l'avis du d\u00e9l\u00e9gu\u00e9 de l'aviation civile des Hauts de France Sud du 7 avril 2026 ;Sur proposition de la directrice de cabinet du pr\u00e9fet de la Somme ;\nARRETE\nArticle 1\" : La soci\u00e9t\u00e9 \u00ab HBG H\u00e9licopt\u00e8res de France \u00bb bas\u00e9e au 19 rue Germain Sommeiller aAnnemasse (74100) est autoris\u00e9e a survoler les agglom\u00e9rations du d\u00e9partement de la Somme pourdes op\u00e9rations de prises de vues a\u00e9riennes de jour, dans le cadre de la retransmission d'imagest\u00e9l\u00e9vis\u00e9es de la course cycliste \u00ab Paris-Roubaix 2026 \u00bb pr\u00e9vue le 11 et le 12 avril 2026.Article 2 : Le p\u00e9titionnaire, ses pilotes et accompagnateurs sont tenus de se conformer auxprescriptions du code de l'aviation civile et a l'annexe jointe au pr\u00e9sent arr\u00eat\u00e9 relative aux conditionstechniques et op\u00e9rationnelles.Les documents de bord de l'a\u00e9ronef ainsi que les licences et qualifications des pilotes doivent \u00eatreen \u00e9tat de validit\u00e9 lors de la mission.Article 3 :Utilisation du transpondeur :- Les vols s'effectueront transpondeur sous mode \u00ab ALT \u00bb (7000 ou code assign\u00e9 par l'organisme decontr\u00f4le).Information de la brigade de police a\u00e9ronautique de la DZPN Nord :Sans pr\u00e9judice d'un avis imm\u00e9diat aux autorit\u00e9s localement comp\u00e9tentes, tout accident ou incidentdevra \u00eatre signal\u00e9 \u00e0 la Brigade de Police A\u00e9ronautique par l'interm\u00e9diaire du Centre d'Information etde Commandement de la DZPN Nord au 03.2010.74.01.Article 4: Dans le cas o\u00f9 les prescriptions du pr\u00e9sent arr\u00eat\u00e9 et de ses annexes ne seraient pasobserv\u00e9es et si les \u00e9quipages commettaient des irr\u00e9gularit\u00e9s ou des imprudences au cours dessurvols :1) cette autorisation cesserait d'\u00eatre valable imm\u00e9diatement ;2) la soci\u00e9t\u00e9 et les personnes responsables seraient traduites conform\u00e9ment \u00e0 la r\u00e9glementation envigueur devant la juridiction comp\u00e9tente.Article 5: La pr\u00e9sente autorisation est accord\u00e9e aux frais, risques et p\u00e9rils du p\u00e9titionnaire quidemeure responsable de tous les accidents de quelque nature qu'ils soient et de tous les dommagescaus\u00e9s aux tiers.Le demandeur aura \u00e0 charge les indemnit\u00e9s susceptibles de lui \u00eatre r\u00e9clam\u00e9es de ce fait, sans quepuisse \u00eatre exerc\u00e9 aucun recours contre l'\u00c9tat, le d\u00e9partement, les communes. Une assurance devra\u00eatre contract\u00e9e \u00e0 cet effet.Les droits des tiers sont et demeurent express\u00e9ment r\u00e9serv\u00e9s.Article 6: La sous-pr\u00e9f\u00e8te, directrice de cabinet du pr\u00e9fet de la Somme, le directeur zonal adjoint dela police nationale Nord, le commandant du groupement de gendarmerie d\u00e9partementale de laSomme et la directrice interd\u00e9partementale de la police nationale de la Somme sont charg\u00e9s,chacun en ce qui le concerne, de l'ex\u00e9cution du pr\u00e9sent arr\u00eat\u00e9 qui sera publi\u00e9 au recueil des actes\nPr\u00e9fecture de la Somme - Cabinet - 80-2026-04-09-00001 - AP 2026-179 portant d\u00e9rogation aux hauteurs de survol- course cycliste\nParis-Roubaix 44\nadministratifs de la pr\u00e9fecture de la Somme. Une copie sera adress\u00e9e au d\u00e9l\u00e9gu\u00e9 de l'aviation civiledes Hauts-de-France Sud et au p\u00e9titionnaire.\nAmiens, le 0 g AVR. 2026\nPour le pr\u00e9fet et par d\u00e9l\u00e9gation,La sous-pr\u00e9f\u00e9te, directrice de cabinet,\nx)wd\na\nWEDRER\u00e03H~~\nDELAIS ET VOIES DE RECOURSLa pr\u00e9sente d\u00e9cision est susceptible de faire, dans le d\u00e9lai de deux mois suivant la notification, l'objet des voies de recours suivantes :- Un recours gracieux, formul\u00e9 aupr\u00e8s du pr\u00e9fet de la Somme, cabinet, bureau de la s\u00e9curit\u00e9 int\u00e9rieure, 51 rue de la R\u00e9publique 80020 Amiens,- un recours hi\u00e9rarchique, aupr\u00e8s du ministre de l'Int\u00e9rieur, direction des libert\u00e9s publiques et des affaires juridiques - sous-direction des polices administratives \u2014bureau des polices administratives - place Beauvau 75800 Paris cedex 08,Ces recours sont d\u00e9pourvus de caract\u00e8re suspensif. En l'absence de r\u00e9ponse de l'administration dans un d\u00e9lai de deux mois \u00e0 compter de la date de r\u00e9ception de votrerecours, celui-ci doit \u00eatre consid\u00e9r\u00e9 comme implicitement rejet\u00e9.- Un recours contentieux, devant le tribunal administratif d'Amiens - 14 rue Lemerchier 80000 Amiens ou par voie \u00e9lectronique par le site www.telerecours.fr.Ce recours juridictionnel doit \u00eatre d\u00e9pos\u00e9 au plus tard avant l'expiration du deuxi\u00e8me mois \u00e0 compter de la date de notification de la d\u00e9cision contest\u00e9e, ou dans lesdeux mois suivant la date du rejet de votre recours gracieux ou hi\u00e9rarchique.\nPr\u00e9fecture de la Somme - Cabinet - 80-2026-04-09-00001 - AP 2026-179 portant d\u00e9rogation aux hauteurs de survol- course cycliste\nParis-Roubaix 45\nos NATIONACEMINISTERE NarDE L'INT\u00c9RIEUR FFLibert\u00e9Egulit\u00e9Fraternit\u00e9\nDirection G\u00e9n\u00e9rale de la Police NationaleDirection Zonale de la Police Nationale - NordService Zonal de la Police Aux Fronti\u00e8resBrigade de Police A\u00e9ronautiqueLille, le 18 mars 2026\nLe Commissaire Divisionnaire Fabrice GUINARD-CORDROCHDirecteur Zonal Adjoint de la Police aux Fronti\u00e8res - Nord\u00e0Monsieur le pr\u00e9fet de la SommeAffaire suivie par :GPX DE BERNARD DE LA FOSSE FranzCourriel : dcpaf-bpa-lille@interieur.gouv.fr\nObjet : D\u00e9rogation de survol au profit de la soci\u00e9t\u00e9 \u00ab HBG - H\u00e9licopt\u00e8res de France \u00bbR\u00e9f\u00e9rence(s) : Votre courriel de transmission du 18 mars 2026,La demande de la soci\u00e9t\u00e9 \u00ab HBG - H\u00e9licopt\u00e8res de France\u00bb du 18 mars 2026,L'arr\u00eat\u00e9 interminist\u00e9riel du 10 octobre 1957 relatif au survol des agglom\u00e9rationset des rassemblements de personnes,Le guide de la DGAC/DSAC du 07 juillet 2025 relatif aux autorisations desurvols basses hauteurs.J'ai l'honneur de porter \u00e0 votre connaissance que j'\u00e9mets un avis favorable \u00e0 la demandepr\u00e9sent\u00e9e par la soci\u00e9t\u00e9 de travail a\u00e9rien \u00ab HBG - H\u00e9licopt\u00e8re de France \u00bb, sise 19 rue GermainSommeiller 74100 Annemasse, qui souhaite obtenir une d\u00e9rogation aux r\u00e8gles de survol pour led\u00e9partement de la Somme (80), afin de pouvoir effectuer de la captation d'images sur le trac\u00e9 dela course cycliste Paris-Roubaix.Dans sa demande, la soci\u00e9t\u00e9 d\u00e9clare satisfaire aux exigences r\u00e9glementaires requises pourl'activit\u00e9 envisag\u00e9e. De plus, aucune infraction, imprudence ou irr\u00e9gularit\u00e9, concernant ses pilotesne m'a \u00e9t\u00e9 signal\u00e9e r\u00e9cemment.En cons\u00e9quence, les activit\u00e9s envisag\u00e9es pourront s'effectuer en d\u00e9rogation aux r\u00e8gles desurvol des agglom\u00e9rations et des rassemblements de personnes le 11 et 12 avril 2026, sous r\u00e9servedu strict respect des prescriptions suivantes :- Les op\u00e9rations seront conduites dans le cadre des conditions m\u00e9t\u00e9orologiques de vol \u00e0 vue, selonles r\u00e8gles de mise en \u0153uvre du point FRA.SERA.5001 de l'arr\u00eat\u00e9 du 12 d\u00e9cembre 2019 et enfin par leparagraphe FRA.3105 de l'arr\u00eat\u00e9 du 11 d\u00e9cembre 2014 modifi\u00e9 relatif \u00e0 la mise en \u0153uvre dur\u00e8glement (UE) n\u00b0 923/2012 modifi\u00e9.\nPr\u00e9fecture de la Somme - Cabinet - 80-2026-04-09-00001 - AP 2026-179 portant d\u00e9rogation aux hauteurs de survol- course cycliste\nParis-Roubaix 46\n- La hauteur minimale de vol en agglom\u00e9ration en r\u00e9gime de vol VFR sera telle-que, m\u00eame dans lecas d'une panne du moyen de propulsion, l'atterrissage soit toujours possible en dehors de cetteagglom\u00e9ration ou sur un a\u00e9rodrome public et sans mettre indGment en danger les biens ou lespersonnes a la surface (article R131-1 du Code de l'Aviation Civile).- Application stricte des prescriptions \u00e9mises par la Direction de la S\u00e9curit\u00e9 de l'Aviation Civileterritorialement comp\u00e9tente. J'attire votre attention sur le fait qu'une nouvelle it\u00e9ration du GuideBasse Hauteur se conformant aux nouvelles directives de l'EASA est entr\u00e9 en vigueur, il s'agitde l'Edition 3 - Version 5 du 07/07/2025, il conviendra donc s'y conformer strictement.- Aucun appareil n'effectuera de captation d'images lors de l'\u00e9v\u00e8nement sportif \u00e0 une hauteurinf\u00e9rieure \u00e0 50m AGL faute de quoi il basculerait en \u00ab VOL AGGLO CAS 2 \u00bb.- Strict respect de l'arr\u00eat\u00e9 du 26 juin 2024 fixant la liste des zones interdites \u00e0 la captation et autraitement des donn\u00e9es recueillies depuis un a\u00e9ronef.- Activation du transpondeur en mode \u00ab ALT \u00bb (7000 ou code assign\u00e9 par l'organisme de contr\u00f4le).- Les r\u00e9ductions de hauteur accord\u00e9es ne sauraient \u00eatre valables pour le survol des h\u00f4pitaux,centres de repos ou de tout autre \u00e9tablissement ou exploitation portant une marque distinctived'interdiction de survol \u00e0 basse altitude, le survol des \u00e9tablissements p\u00e9nitentiaires.- Application des dispositions de l'Arr\u00eat\u00e9 minist\u00e9riel du 24 juillet 1991, relatif aux conditionsd'utilisation des a\u00e9ronefs civils en aviation g\u00e9n\u00e9rale, et son annexe (JO du 30 ao\u00fbt 1991),notamment : \u00ab la pr\u00e9sence a bord de toute personne n'ayant pas une fonction en relation avec lebut du vol effectu\u00e9 est interdite (8 5.4) \u00bb.- Tout accident ou incident devra \u00e9galement \u00eatre signal\u00e9 aux forces de l'ordre pr\u00e9sentes ou part\u00e9l\u00e9phone en composant le 17 en cas d'incident li\u00e9 \u00e0 la s\u00fbret\u00e9 ou en cas d'observation de situationanormale pouvant laisser craindre pour la s\u00e9curit\u00e9 des vols, des biens ou des personnes.- Enfin, les \u00e9quipages s'assureront de la bonne validit\u00e9 des certificats d'examen de navigabilit\u00e9 etd'assurance ainsi que de l'ensemble des documents de bord des a\u00e9ronefs employ\u00e9s avant le d\u00e9butde chaque mission.\nLe Commissaire divisionnaire de la PoliceNationaleDirecteur Zonal adjoint de la Police auxFronti\u00e8res Nord\nFabrice GUINARD-CORDROCH /\nPr\u00e9fecture de la Somme - Cabinet - 80-2026-04-09-00001 - AP 2026-179 portant d\u00e9rogation aux hauteurs de survol- course cycliste\nParis-Roubaix 47\nMINISTEREDES TRANSPORTSLibert\u00e9Egalit\u00e9Fraternit\u00e9\ndirectiong\u00e9n\u00e9ralede l'Aviationcivile\nDirection g\u00e9n\u00e9rale de l'Aviation civile Athis-Mons, le 07 avril 2025Direction de la s\u00e9curit\u00e9 de l'aviation civile Pr\u00e9fecture de la SommeDirection de la s\u00e9curit\u00e9 de l'aviation civile NordDirection Technique pref-declaration-drones@somme.gouv.frDivision Aviation G\u00e9n\u00e9raleSubdivision Op\u00e9rations A\u00e9riennesNos r\u00e9f. : 26-261/DS-N/DT/AG/OA (Dossier n\u00b016)Affaire suivie par : Corentyn COUSTILLAStravail-aerien.idf-bf@aviation-civile.qouv.fr\nOBJET : HBG FRANCE - Avis technique des services de l'aviation civile concernant une demande de d\u00e9rogation auxhauteurs de survol des agglom\u00e9rations et rassemblements de personnes - CAS 1PJ : Conditions techniques et op\u00e9rationnelles\nVous nous avez fait parvenir pour avis, une demande d'autorisation pour le survol des zones \u00e0 forte densit\u00e9, desvilles ou autres agglom\u00e9rations, ou de rassemblements de personnes en plein air de la soci\u00e9t\u00e9 HBG France.Cette demande consiste en une demande de d\u00e9rogation aux hauteurs minimales de vol fix\u00e9es par les arr\u00eat\u00e9s du10/10/1957 relatif au survol des agglom\u00e9rations et des rassemblements de personnes ou d'animaux et du17/11/1958 portant r\u00e8glementation de la circulation a\u00e9rienne des h\u00e9licopt\u00e8res et le cas \u00e9ch\u00e9ant par le paragraphe5005 f) 1) de l'annexe au r\u00e8glement d'ex\u00e9cution (UE) n\u00b0 923/2012 modifi\u00e9 \u00e9tablissant les r\u00e8gles de l'air communeset des dispositions op\u00e9rationnelles relatives aux services et proc\u00e9dures de navigation a\u00e9rienne et enfin par leparagraphe SERA.3105 du r\u00e8glement (UE) n\u00b0923/2012 modifi\u00e9.Type d'op\u00e9ration : prises de vues a\u00e9riennesJ'ai l'honneur de vous transmettre un avis technique favorable a cette demande pour les dates du 11 et 12 avril2026 sous r\u00e9serve du respect par le demandeur des conditions vis\u00e9es en Annexe.\nLe D\u00e9l\u00e9gu\u00e9 ae\nf/\n9, rue de Champagne, 91200 ATHIS-MONS -T\u00e9l. : +33 (0)1 69 57 60 00\nPr\u00e9fecture de la Somme - Cabinet - 80-2026-04-09-00001 - AP 2026-179 portant d\u00e9rogation aux hauteurs de survol- course cycliste\nParis-Roubaix 48\nAnnexe \u2014 Conditions techniques et op\u00e9rationnelles\nHBG FranceAccus\u00e9 de r\u00e9ception FR.DEC.0137 DSAC-CEDEROGATION DEMANDEE PAR:POUR LE COMPTE DE : GRAVITY MEDIADATES DES OPERATIONS : 11 et 12 avril 2026AVEC POUR OBJECTIF : Prises de vues a\u00e9riennes d'une course de cyclismeCOMMUNES SURVOLEES POURLA REALISATION DE L'OBJECTIF : | P\u00e9Partiement de la Somme1. Op\u00e9rationsL'exploitant doit proc\u00e9der aux op\u00e9rations pr\u00e9cit\u00e9es conform\u00e9ment \u00e0 l'ensemble des exigences techniques etop\u00e9rationnelles applicables du r\u00e8glement (UE) n\u00b0965/2012 modifi\u00e9 d\u00e9terminant les exigences techniques et lesproc\u00e9dures administratives applicables aux op\u00e9rations a\u00e9riennes.Le survol est effectu\u00e9 au moyen d'un a\u00e9ronef multimoteur list\u00e9 dans la d\u00e9claration d'exploitation SPO en vigueurpour l'activit\u00e9 envisag\u00e9e.2. R\u00e9gime de vol et conditions m\u00e9t\u00e9orologiquesLes op\u00e9rations seront conduites selon les r\u00e8gles de mise en \u0153uvre du point FRA.5001 de l'arr\u00eat\u00e9 du 11 d\u00e9cembre2014 modifi\u00e9 relatif \u00e0 la mise en \u0153uvre du r\u00e8glement (UE) n\u00b0 923/2012.3. Hauteurs de volEn VFR de jour, la hauteur minimale de vol au-dessus du sol est fix\u00e9e \u00e0 : 500 ftCette hauteur pourra \u00eatre relev\u00e9e en fonction des conditions du jour et des obstacles identifi\u00e9s.Conform\u00e9ment au point SERA.3105 du r\u00e8glement (UE) n\u00b0 923/2012 modifi\u00e9 pr\u00e9cit\u00e9, la hauteur de vol est suffisantepour permettre, en cas d'urgence, d'atterrir sans mettre ind\u00fbment en danger les personnes ou les biens \u00e0 lasurface.La hauteur de vol est telle que l'atterrissage soit toujours possible, m\u00eame en cas de panne moteur, en dehors desagglom\u00e9rations ou sur un a\u00e9rodrome public.4. PilotesLes pilotes doivent disposer de licences professionnelles conformes au r\u00e8glement AIRCREW avec un certificatm\u00e9dical de classe 1.Ils doivent \u00eatre form\u00e9s aux proc\u00e9dures de l'exploitant.\n(1) Cette r\u00e9duction de hauteur n'est pas valable pour :e Le survol d'h\u00f4pitaux, de centres de repos ou de tout autre \u00e9tablissement ou exploitation portant une marque distinctived'interdiction de survol \u00e0 basse altitude :e Le survol d'\u00e9tablissements p\u00e9nitentiaires.e Le survol de parcs nationaux, de r\u00e9serves naturelles nationales, de zones de protection des biotopes ou des habitatsnaturels tels que mentionn\u00e9s \u00e0 l'AIP (ENR 5.7.3 et 5.7.4), sauf apr\u00e8s accord pr\u00e9vu selon les termes du d\u00e9cret ou del'arr\u00eat\u00e9 portant cr\u00e9ation de la zone concern\u00e9e.\nPr\u00e9fecture de la Somme - Cabinet - 80-2026-04-09-00001 - AP 2026-179 portant d\u00e9rogation aux hauteurs de survol- course cycliste\nParis-Roubaix 49\n5. Navigabilit\u00e9Les a\u00e9ronefs utilis\u00e9s sont titulaires d'un Certificat de Navigabilit\u00e9 valide.Les modifications \u00e9ventuelles de l'appareil dues au type de l'op\u00e9ration sp\u00e9cialis\u00e9e devront avoir \u00e9t\u00e9 approuv\u00e9espar l'Agence Europ\u00e9enne pour la S\u00e9curit\u00e9 A\u00e9rienne (AESA) ou par l'Etat d'immatriculation de l'appareil.6. Conditions op\u00e9rationnellesLes conditions d'exploitation dans la configuration sp\u00e9ciale dues \u00e0 l'op\u00e9ration sp\u00e9cialis\u00e9e doivent \u00eatre inscritesdans le manuel de vol.La vitesse minimale doit \u00eatre sup\u00e9rieure ou \u00e9gale \u00e0 la vitesse de s\u00e9curit\u00e9 au d\u00e9collage (VSD) sauf si lesperformances de l'h\u00e9licopt\u00e8re lui permettent d'acqu\u00e9rir, dans les conditions du vol, cette vitesse de s\u00e9curit\u00e9 et demaintenir ses performances ascensionnelles apr\u00e8s avoir \u00e9vit\u00e9 tous les obstacles, malgr\u00e9 la panne du groupemotopropulseur le plus d\u00e9favorable.7. DiversLe pilote devra respecter le statut et les conditions de p\u00e9n\u00e9tration des diff\u00e9rentes classes d'espaces a\u00e9riens etzones r\u00e9glement\u00e9es, dangereuses et interdites et s'assurer de la faisabilit\u00e9 de la mission avec les \u00e9ventuellesrestrictions temporaires publi\u00e9es par voie de NOTAM ou de SUP AIP.L'exploitant devra s'assurer que les trajectoires choisies ne mettent pas en cause la tranquillit\u00e9 et la s\u00e9curit\u00e9publique, en l'occurrence, une pr\u00e9caution particuli\u00e8re sera apport\u00e9e afin que soit \u00e9vit\u00e9 le survol des \u00e9tablissementssensibles tel qu'h\u00e9pitaux, \u00e9tablissements p\u00e9nitentiaires, etc.La pr\u00e9sence \u00e0 bord de toute personne n'ayant pas une fonction en relation avec le but du vol est notammentinterdite lors des vols effectu\u00e9s dans le cadre d'une op\u00e9ration sp\u00e9cialis\u00e9e. Les personnes qui sont admises \u00e0 borddes appareils doivent avoir des fonctions en relation avec les op\u00e9rations effectu\u00e9es et ceci doit \u00eatre clairementd\u00e9fini dans le manuel d'exploitation (Task Specialist).L'information des riverains ainsi que l'\u00e9vacuation de tout ou partie de la zone concern\u00e9e pourront, dans certainscas exceptionnels de tr\u00e8s basse altitude, \u00eatre d\u00e9cid\u00e9es par le pr\u00e9fet du d\u00e9partement.L'exploitant contactera les a\u00e9rodromes d'aviation g\u00e9n\u00e9rale non contr\u00f4l\u00e9s ainsi que les gestionnaires des activit\u00e9sa\u00e9riennes sportives et r\u00e9cr\u00e9atives \u00e0 proximit\u00e9 des op\u00e9rations.L'exploitant aura obtenu les accords des services de la navigation a\u00e9rienne et s'y conformera.Les personnes d\u00e9sirant faire un usage a\u00e9rien des appareils photographiques, cin\u00e9matographiques, de d\u00e9tectionet d'enregistrement des donn\u00e9es de toute nature sont tenues de se conformer aux articles L. 6224-1 et R. 6224-1 et suivants du code des transports. L'exploitant s'assure pr\u00e9alablement de la compatibilit\u00e9 de sa mission avecles dispositions de l'arr\u00eat\u00e9 du 17 novembre 2025 fixant la liste des zones interdites \u00e0 la captation et au traitementdes donn\u00e9es recueillies depuis un a\u00e9ronef, ou version en vigueur au jour de l'op\u00e9ration. Dans le cadre d'uneop\u00e9ration au-dessus d'une zone interdite \u00e0 la captation et au traitement des donn\u00e9es recueillies depuis un a\u00e9ronef,l'exploitant doit se conformer aux prescriptions de /'arr\u00e9t\u00e9 du 29 d\u00e9cembre 2022 portant application des articlesR. 133-6 et suivants du code de l'aviation civile et relatif au r\u00e9gime encadrant la captation et le traitement desdonn\u00e9es recueillies depuis un a\u00e9ronef dans certaines zones. Ces arr\u00eat\u00e9s sont consultables en ligne.Toute modification concernant les pilotes ou les a\u00e9ronefs devra faire l'objet d'un accord pr\u00e9alable de la directionde la s\u00e9curit\u00e9 de l'Aviation civile Nord (travail-aerien.idf-bf@aviation-civile.gouv.fr).Conform\u00e9ment au r\u00e8glement europ\u00e9en 376/2014 (UE) concernant les comptes rendus, l'analyse et le suivid'\u00e9v\u00e9nements dans l'aviation civile, l'op\u00e9rateur devra notifier via ECCAIRS2 tout incident/accident survenu aucours de l'exploitation. Des guides sur l'utilisation d'ECCAIRS2 sont disponibles \u00e0 l'adresse suivante:httos:/Awww.ecologie.gouv. fr/notifier-incident\nPr\u00e9fecture de la Somme - Cabinet - 80-2026-04-09-00001 - AP 2026-179 portant d\u00e9rogation aux hauteurs de survol- course cycliste\nParis-Roubaix 50\nPr\u00e9fecture de la Somme - Cabinet\n80-2026-04-08-00001\nArr\u00eat\u00e9 portant autorisation de surveillance sur la\nvoie publique sur le territoire de la commune\nd'Amiens du 18 au 19 avril 2026\nPr\u00e9fecture de la Somme - Cabinet - 80-2026-04-08-00001 - Arr\u00eat\u00e9 portant autorisation de surveillance sur la voie publique sur le\nterritoire de la commune d'Amiens du 18 au 19 avril 2026 51\nPREFETDE LA SOMMELibert\u00e9 Arr\u00e9t\u00e9 BSI n\u00b0 2026/175Egalit\u00e9Fraternit\u00e9\nARRETEportant autorisation de surveillance sur la voie publiquesur le territoire de la commune d'Amiensdu 18 au 19 avril 2026\nLE PR\u00c9FET DE LA SOMMECHEVALIER DE LA L\u00c9GION D'HONNEUROFFICIER DE L'ORDRE NATIONAL DU M\u00c9RITEVu le livre VI du code de la s\u00e9curit\u00e9 int\u00e9rieure, notamment son article L. 613-1;Vu le code rural et de la p\u00eache maritime ;Vu le d\u00e9cret du 13 juillet 2023 nommant Monsieur Rollon MOUCHEL-BLAISOT, pr\u00e9fet de laSomme;Vu le d\u00e9cret du 20 ao\u00fbt 2025 nommant Madame Estelle CHARLES sous-pr\u00e9f\u00e8te, directrice decabinet du Pr\u00e9fet de la Somme ;Vu l'arr\u00eat\u00e9 du 9 mars 2026 portant d\u00e9l\u00e9gation de signature \u00e0 Madame Estelle CHARLES sous-pr\u00e9f\u00e9te, directrice de cabinet du Pr\u00e9fet de la Somme ;Vu l'autorisation d'exercer n\u00b0 AUT-080-2124-03-28-20250491724 d\u00e9livr\u00e9e a la soci\u00e9t\u00e9HOTESECURITE par le Conseil national des activit\u00e9s priv\u00e9es de s\u00e9curit\u00e9 ;Vu la demande pr\u00e9sent\u00e9e par la soci\u00e9t\u00e9 HOTESECURITE le 3 avril 2026, tendant \u00e0 obtenir uneautorisation pour des missions de surveillance sur la voie publique, dans le cadre de la r\u00e9deried'Amiens, pr\u00e9vues les 18 et 19 avril 2026;Consid\u00e9rant que cette manifestation est susceptible d'attirer une foule importante durant latenue de l'\u00e9v\u00e9nement et n\u00e9cessite la surveillance du site en amont,Sur proposition de la sous-pr\u00e9f\u00e8te, directrice de cabinet,\nARR\u00caTEArticle 1\" - La soci\u00e9t\u00e9 HOTESECURITE, sis 57, rue Pasteur 80480 SALOUEL est autoris\u00e9e \u00e0assurer la surveillance sur la voie publique, dans le cadre de la r\u00e9derie d'Amiens, pr\u00e9vue les 18et 19 avril \u00e0 Amiens.\nPr\u00e9fecture de la Somme - Cabinet - 80-2026-04-08-00001 - Arr\u00eat\u00e9 portant autorisation de surveillance sur la voie publique sur le\nterritoire de la commune d'Amiens du 18 au 19 avril 2026 52\nLa surveillance s'exercera a compter de 16h le 18 avril 2026 jusqu'\u00e0 17h le 19 avril 2026, placesDewailly, de l'h\u00f4tel de ville, L\u00e9on Gontier, L\u00e9on Debouverie et Gambetta, rues de l'amiralLejeune, Caumartin, Fr\u00e9d\u00e9ric Petit, Marc Sangnier, de la 2\u00b0 DB, de Cerisy, Martin Bleu Dieu,Jean Catelas, des Corroyers, Charles Nungesser, de la Hotoie, du grand vidame, AnatoleFrance, Henriette Dumuin, Dum\u00e9ril, de Beauvais, des Vergeaux, Henri Dunant, de Cond\u00e9, desdoubles-chaises, du g\u00e9n\u00e9ral Leclerc, Riquier, Pingre, Saint-Germain, du march\u00e9 Lanselles, Saint-Martin-aux-Waides, des Lombards, des chaudronniers, Saint-Patrice, Albert Catoire, AlbertDauphin, Delambre, Henri Barbusse, de la Malmaison, L\u00e9on Blum, de Metz, au lin, du chapeaude violette, Jeanne Natiere, Florimond Leroux, Voclin, Flamant, Saint-Jacques, Jean Calvin etGresset.Article 2 - La surveillance sera assur\u00e9e par les agents de s\u00e9curit\u00e9 dont la liste figure en annexedu pr\u00e9sent arr\u00e9t\u00e9.Article 3 - Les agents de s\u00e9curit\u00e9 cit\u00e9s \u00e0 l'article 2 ne pourront pas \u00eatre arm\u00e9s.Article 4 - Le b\u00e9n\u00e9ficiaire de la pr\u00e9sente autorisation s'engage \u00e0 respecter les prescriptions dela loi du 12 juillet 1983 susvis\u00e9e.Article 5 - La pr\u00e9sente autorisation, pr\u00e9caire et r\u00e9vocable \u00e0 tout moment, prendra fin \u00e0l'expiration de la mission.Article 6 - La sous-pr\u00e9f\u00e8te, directrice de cabinet du pr\u00e9fet de la Somme et la directriceinterd\u00e9partementale de la police nationale de la Somme sont charg\u00e9es, chacune en ce qui laconcerne, de l'ex\u00e9cution du pr\u00e9sent arr\u00eat\u00e9, qui sera publi\u00e9 au recueil des actes administratifsde la pr\u00e9fecture.\nFait \u00e0 Amiens, le 08 AVR, 2026Pour le pr\u00e9fet et par d\u00e9l\u00e9gation,La sous-pr\u00e9f\u00e9te, directrice de cabinet,\nstelle CHARLES\nVOIES ET DELAIS DE RECOURSLa pr\u00e9sente d\u00e9cision est susceptible de faire, dans le d\u00e9lai de deux mois suivant la notification, l'objet des voies de recours suivantes :- Un recours gracieux, formul\u00e9 aupr\u00e8s du pr\u00e9fet de la Somme, Cabinet, bureau de la s\u00e9curit\u00e9 int\u00e9rieure, 51 rue de la R\u00e9publique 80020 Amiens- un recours hi\u00e9rarchique, aupr\u00e8s du Ministre de l'int\u00e9rieur, direction des libert\u00e9s publiques et des affaires juridiques - sous-direction des policesadministratives - bureau des polices administratives - place Beauvau 75800 Paris cedex 08.Ces recours sont d\u00e9pourvus de caract\u00e8re suspensif. En l'absence de r\u00e9ponse de l'administration dans un d\u00e9lai de deux mois \u00e0 compter de la date der\u00e9ception de votre recours, celui-ci doit \u00eatre consid\u00e9r\u00e9 comme implicitement rejet\u00e9.- un recours contentieux, devant le tribunal administratif d'Amiens -14 rue Lemerchier 80000 AMIENS ou par voie \u00e9lectronique par le site www.telerecours.frCe recours juridictionnel doit \u00eatre d\u00e9pos\u00e9 au plus tard avant l'expiration du deuxi\u00e8me mois \u00e0 compter de la date de notification de la d\u00e9cision contest\u00e9e,ou dans les deux mois suivant la date du rejet de votre recours gracieux ou hi\u00e9rarchique.\nPr\u00e9fecture de la Somme - Cabinet - 80-2026-04-08-00001 - Arr\u00eat\u00e9 portant autorisation de surveillance sur la voie publique sur le\nterritoire de la commune d'Amiens du 18 au 19 avril 2026 53\n970Z/OT/T88689S01207-10-0T-9707-080-HVIO8-SNAIINV696T/b/8AGGILILIdLNOW97207/v/ZZVESILOLZ0Z-Z0-70-9707-080-YVDVHNIHVNVLNVSL96T/T/\u00ffT1SOfZNUDVAOSODVYS8Z02/\u20ac/OT\u00ff8r/080\u20ac707-0T-\u20ac0-8707-080-UVIO8-SNIINVT661/t/9SIX31Y14N0911Q6702/TT/9779VSP60VZ07Z-97-IT-67Z07-080-YVIO8-SNAIAIVtO0Z/OT/LTANO1S39S1NN6202/9/v8LETT60\u00ff7OT-\u00ff0-90-6707-080-HVI08-SN3TINOGT961/8/ET#31QIQ351N97134\u00a3702/\u20ac/8GL7@8L0770Z-80-\u20ac0-Z207-080-YV9LL-XNVAWL66T/TT/TTANOHLNVNOS109TE07/Z/6TESVVTSO09Z0Z-6T-Z0-TE0Z-080-UVDNOVL861/8/0\u20acVHdYLSNINNONNIHNI9SINVOVIdNWIAH\n9702/6/87OTS66Z0T707-82-60-9707-EE0-NVI08-SNAIAIY6661/8/TEIW3Y1V23N3SO\u00a3OT/2T/8T\u20ac9610008707-8T-TI-0\u00a307-080-UVI08-3111A399V6861/T/SZNNVAJHOSSIHNVA8702/v/ZTOLEVESOETOZ-ZIL-70-8Z07-080-YVD08-SNJINV6861/S/LTNVAITINSYIISN39\u00a3702/\u20ac/6T897Z0807Z07-60-\u20ac0-2707-080-UVDO8-SNIIAIV0002/8/02NILNI1VAOVGNVUE870\u00a2/6/vtLOLEOO\u20acZOT-VO-60-8707-080-HVIYOaVN8961T/Z/0ZINW1S308VINNOHYVZ0\u20ac02/S/0\u20ac687tL60S707-0\u20ac-S0-0\u00a307-080-HVIO8-SN3INV7007/9/0\u20acITVISYOH6702/S/87Z\u00a38r060\u00ff707-87-S0-6707-080-HVI08-SNIIWIV0002/2T/sIHGIWJuNGioUS9702/L/TTSTTZLOTTOZ-I0-/0-9707-080-HVIVINOZYVINAVEZ00Z/0T/EZSSVNVFNOUHI46202/T/66\u00ff0L\u00a3EOETOT-60-T0-6707-080-HVIO8-SNJINV6861/Z/9TOGNVNYH31OHNId30SINDIYN3HO\u00a3OT/E/TTOT87S60S7Z0Z-ZT-\u20ac0-0\u00a307Z-080-YV)08-1111A394V9661/T/ZSVINOHLNAINALIQNIVA3GNid1LUVDOYAWINNJONVSSIVN10Nanee.SHININVEDOUdSLNIOV9Z0ZTAY6T31410343114N93S310HSLNAOVONILSI\nPr\u00e9fecture de la Somme - Cabinet - 80-2026-04-08-00001 - Arr\u00eat\u00e9 portant autorisation de surveillance sur la voie publique sur le\nterritoire de la commune d'Amiens du 18 au 19 avril 2026 54\nPr\u00e9fecture de la Somme - Cabinet\n80-2026-03-31-00007\nArr\u00eat\u00e9 portant d\u00e9signation d'un jury d'examen\ndes certificats de\ncomp\u00e9tence de \u00ab\u00a0Formateur aux premiers\nsecours en \u00e9quipe\u00a0\u00bb le 14 avril 2026\nPr\u00e9fecture de la Somme - Cabinet - 80-2026-03-31-00007 - Arr\u00eat\u00e9 portant d\u00e9signation d'un jury d'examen des certificats de\ncomp\u00e9tence de \u00ab\u00a0Formateur aux premiers secours en \u00e9quipe\u00a0\u00bb le 14 avril 2026 55\nCabinetService Interminist\u00e9riel de d\u00e9fense| = et de protection civilesPREFETDE LA SOMMELibert\u00e9Egalit\u00e9Fraternit\u00e9\nAP n\u00b0SIDPC-2026-053ARRETEPortant d\u00e9signation d'un jury d'examen des certificats decomp\u00e9tence de \u00ab Formateur aux premiers secours en \u00e9quipe \u00bbLE PREFET DE LA SOMMECHEVALIER DE LA LEGION D'HONNEUROFFICIER DE L'ORDRE NATIONAL DU M\u00c9RITEVu le d\u00e9cret n\u00b02004-374 du 29 avril 2004 modifi\u00e9 relatif aux pouvoirs des pr\u00e9fets \u00e0 l'organisation et \u00e0l'action des services de l'\u00c9tat dans les r\u00e9gions et d\u00e9partements ; |Vu le d\u00e9cret du 13 juillet 2023 portant nomination du pr\u00e9fet de la Somme - M. Rollon MOUCHEL-BLAISOT ;Vu le d\u00e9cret du 20 ao\u00fbt 2025 portant nomination de Mme Estelle CHARLES, sous-pr\u00e9f\u00e8te, directrice decabinet du pr\u00e9fet de la Somme ;Vu le d\u00e9cret n\u00b02024-242 du 20 mars 2024 relatif aux formations aux premiers secours ;Vu le d\u00e9cret n\u00b02024-763 du 8juillet 2024 relatif aux formations aux premiers secours ;Vu l'arr\u00eat\u00e9 minist\u00e9riel du 15 juin 2024 relatif \u00e0 la fili\u00e8re p\u00e9dagogique de s\u00e9curit\u00e9 civile ;Vu l'arr\u00eat\u00e9 pr\u00e9fectoral du 9 mars 2026 portant d\u00e9l\u00e9gation de signature principale \u00e0 Mme EstelleCHARLES, directrice de cabinet du pr\u00e9fet de la Somme ;Vu la liste des membres propos\u00e9s par les organismes publics et associations agr\u00e9\u00e9es de s\u00e9curit\u00e9 civile ;Sur proposition du chef du service interminist\u00e9riel de d\u00e9fense et de protection civiles ;\nARR\u00caTEARTICLE 1\" : Le jury d'examen destin\u00e9 \u00e0 sanctionner la formation conduisant \u00e0 l'obtention du certificatde comp\u00e9tences de \u00ab formateur aux premiers secours en \u00e9quipe \u00bb est compos\u00e9 comme suit pour lasession du 14 avril 2026 :- Madame Anne LASKAWIEC, en qualit\u00e9 de formateur de formateur - Pr\u00e9sidente dujury ;- Madame Benjamin PINEAU, en qualit\u00e9 de formateur de formateur ;- Monsieur Julien LEVARLET, en qualit\u00e9 de formateur de formateur ;- Monsieur Rapha\u00ebl DELAVIERE, en qualit\u00e9 de formateur PSE.\n1/2\nPr\u00e9fecture de la Somme - Cabinet - 80-2026-03-31-00007 - Arr\u00eat\u00e9 portant d\u00e9signation d'un jury d'examen des certificats de\ncomp\u00e9tence de \u00ab\u00a0Formateur aux premiers secours en \u00e9quipe\u00a0\u00bb le 14 avril 2026 56\nARTICLE 2 : Le chef du service interminist\u00e9riel de d\u00e9fense et de protection civiles est charg\u00e9 del'ex\u00e9cution du pr\u00e9sent arr\u00eat\u00e9, qui sera publi\u00e9 au recueil des actes administratifs de la pr\u00e9fecture de laSomme.\nAmiens, lePour le pr\u00e9fet, et par d\u00e9l\u00e9gation,La sous-pr\u00e9f\u00e8te, di ic inet\n2/2\nPr\u00e9fecture de la Somme - Cabinet - 80-2026-03-31-00007 - Arr\u00eat\u00e9 portant d\u00e9signation d'un jury d'examen des certificats de\ncomp\u00e9tence de \u00ab\u00a0Formateur aux premiers secours en \u00e9quipe\u00a0\u00bb le 14 avril 2026 57\nPr\u00e9fecture de la Somme - SCPI\n80-2026-04-08-00002\nArr\u00eat\u00e9 portant attribution du titre de\nma\u00eetre-restaurateur - Bertrand HALBWACHS -\nDavid RAOULT\nPr\u00e9fecture de la Somme - SCPI - 80-2026-04-08-00002 - Arr\u00eat\u00e9 portant attribution du titre de ma\u00eetre-restaurateur - Bertrand\nHALBWACHS - David RAOULT 58\nE Re Secr\u00e9tariat g\u00e9n\u00e9ralPREFET Service de coordinationDE LA SOMME des politiques interminist\u00e9riellesLibert\u00e9Egalit\u00e9Fraternit\u00e9\nARR\u00caT\u00c9Portant attribution du titre de ma\u00eetre-restaurateurLE PR\u00c9FET DE LA SOMMECHEVALIER DE LA L\u00c9GION D'HONNEUROFFICIER DE L'ORDRE NATIONAL DU M\u00c9RITE\nVu le code de la consommation, et notamment son article L 121-82-2 ;Vu le d\u00e9cret n\u00b02004-374 du 29 avril 2004 modifi\u00e9 relatif aux pouvoirs des pr\u00e9fets, \u00e0 l'organisation et al'action des services de l'\u00c9tat dans les r\u00e9gions et les d\u00e9partements ;Vu le d\u00e9cret n\u00b02007-1359 modifi\u00e9 du 14 septembre 2007 relatif au titre de ma\u00eetre-restaurateur ;Vu le d\u00e9cret du 13 juillet 2023 portant nomination de M. Rollon MOUCHEL BLAISOT, pr\u00e9fet de laSomme;Vu le d\u00e9cret du 21 juillet 2023 portant nomination de M. Emmanuel MOULARD, administrateur de l'\u00c9tatdu deuxi\u00e8me grade, secr\u00e9taire g\u00e9n\u00e9ral de la pr\u00e9fecture de la Somme ;Vu l'arr\u00eat\u00e9 minist\u00e9riel du 14 septembre 2007 relatif au cahier des charges du titre de ma\u00eetre-restaurateur ;Vu l'arr\u00eat\u00e9 minist\u00e9riel du 17 janvier 2008 modifi\u00e9 fixant la liste des organismes certificateurs aptes \u00e0r\u00e9aliser l'audit externe relatif \u00e0 la d\u00e9livrance du titre de ma\u00eetre-restaurateur ;Vu l'arr\u00eat\u00e9 pr\u00e9fectoral du 23 septembre 2025 portant d\u00e9l\u00e9gation de signature \u00e0 M. EmmanuelMOULARD, administrateur de l'\u00c9tat du deuxi\u00e8me grade, secr\u00e9taire g\u00e9n\u00e9ral de la pr\u00e9fecture de laSommeVu le dossier de candidature pr\u00e9sent\u00e9 le 10 mars 2026 par M. Bertrand HALBWACHS, directeur, et M.David RAOULT, chef de cuisine, tous deux exer\u00e7ant au sein de l'\u00e9tablissement Les Tourelles, sis 2-4 ruePierre Guerlain 80550 LE CROTOY;Vu le rapport d'audit \u00e9tabli par l'organisme certificateur le 27 f\u00e9vrier 2026 ;Vu l'extrait K bis du registre du commerce et des soci\u00e9t\u00e9s du 3 octobre 2025;Consid\u00e9rant que M. Bertrand HALBWACHS, directeur, et M. David RAOULT, chef de cuisine, remplissenttous deux les conditions pr\u00e9vues par le d\u00e9cret du 14 septembre 2007 susvis\u00e9 pour l'obtention du titrede ma\u00eetre-restaurateurSur proposition du secr\u00e9taire g\u00e9n\u00e9ral de la pr\u00e9fecture de la Somme ;ARR\u00caTE\nArticle 1.Le titre de ma\u00eetre-restaurateur est attribu\u00e9 \u00e0 M. Bertrand HALBWACHS, directeur, et M. David RAOULT,chef de cuisine, tous deux exer\u00e7ant au sein de l'\u00e9tablissement Les Tourelles, sis 2-4 rue Pierre Guerlain80550 LE CROTOY ;\nPr\u00e9fecture de la Somme - SCPI - 80-2026-04-08-00002 - Arr\u00eat\u00e9 portant attribution du titre de ma\u00eetre-restaurateur - Bertrand\nHALBWACHS - David RAOULT 59\nArticle 2.\nxLe titre de ma\u00eetre-restaurateur est d\u00e9livr\u00e9 pour une dur\u00e9e de quatre ans a compter de la date designature du pr\u00e9sent arr\u00eat\u00e9.Article 3.Le pr\u00e9sent arr\u00eat\u00e9 est susceptible de faire l'objet d'un recours contentieux devant le tribunaladministratif d'Amiens \u2014 14, rue Lemerchier - 80011 Amiens cedex 1 - dans un d\u00e9lai de deux mois acompter de sa notification. Le tribunal administratif peut \u00e9galement \u00eatre saisi par l'interm\u00e9diaire del'application \u00ab t\u00e9l\u00e9recours citoyen \u00bb accessible sur le site www.telerecours.fr.Article 4.Le secr\u00e9taire g\u00e9n\u00e9ral de la pr\u00e9fecture de la Somme est charg\u00e9 de l'ex\u00e9cution du pr\u00e9sent arr\u00eat\u00e9 qui serapubli\u00e9 au recueil des actes administratifs de la pr\u00e9fecture de la Somme, notifi\u00e9 au demandeur, ettransmis \u00e0 la directrice d\u00e9partementale des finances publiques de la Somme, \u00e0 la directriced\u00e9partementale de la protection des populations de la Somme, et au maire de Quend.Amiens, le D 8 AVR. 2026Pour le pr\u00e9fet et par d\u00e9l\u00e9gation,Le secr\u00e9taire g\u00e9n\u00e9ral\nosEmmanuel MOULARD\nPr\u00e9fecture de la Somme - SCPI - 80-2026-04-08-00002 - Arr\u00eat\u00e9 portant attribution du titre de ma\u00eetre-restaurateur - Bertrand\nHALBWACHS - David RAOULT 60","date":"2026-04-09","first_seen_on":"2026-04-09T16:54:50+00:00","id":"e923eaadf9644f4ea00701d629e933e3d00561fd2bf6d2489da53dedc4782ddf","name":"RAA n\u00b090 sp\u00e9cial (nominatifs) du 9 avril 2026","pdf_creation_date":"2026-04-09T15:17:39+00:00","pdf_modification_date":null,"timezone":"Europe/Paris","url":"https://www.somme.gouv.fr/contenu/telechargement/55736/365496/file/recueil-2026-090-recueil-des-actes-administratifs-nominatifs.pdf"}
