{"administration":"pref75","administration_name":"Pr\u00e9fecture de Paris","content":"PREFECTURE\nDE PARIS\nRECUEIL DES ACTES\nADMINISTRATIFS SP\u00c9CIAL\nN\u00b075-2026-209\nPUBLI\u00c9 LE  8 AVRIL 2026\nSommaire\nDirection r\u00e9gionale et interd\u00e9partementale de l'\u00e9conomie, de l'emploi,\ndu travail et des solidarit\u00e9s d'\u00cele-de-France / Unit\u00e9 d\u00e9partementale\nde Paris\n75-2026-04-07-00010 - Arr\u00eat\u00e9 modifiant\nl'arr\u00eat\u00e9 portant\nagr\u00e9ment de l'accord de groupe d'Accord de groupe   ELSAN en faveur\ndes travailleurs handicap\u00e9s\n\n (9 pages) Page 3\n75-2026-04-07-00011 - Arr\u00eat\u00e9 modifiant\nl'arr\u00eat\u00e9 portant\nagr\u00e9ment de l'accord de groupe d'Accord de groupe  HOPSCOTCH en\nfaveur des travailleurs handicap\u00e9s\n\n (3 pages) Page 13\n75-2026-04-07-00012 - Arr\u00eat\u00e9 modifiant\nl'arr\u00eat\u00e9 portant\nagr\u00e9ment de l'accord de groupe d'Accord de groupe  PUBLICIS en faveur\ndes\ntravailleurs handicap\u00e9s\n (3 pages) Page 17\n75-2026-04-07-00013 - Arr\u00eat\u00e9 modifiant\nl'arr\u00eat\u00e9 portant\nagr\u00e9ment de l'accord de groupe de l'UES RMC BFM en faveur\ndes\ntravailleurs handicap\u00e9s\n (3 pages) Page 21\nPr\u00e9fecture de Police / Cabinet\n75-2026-04-07-00007 - Arr\u00eat\u00e9 n\u00b0 2026-00395 instituant un\np\u00e9rim\u00e8tre de protection et diff\u00e9rentes mesures de police \u00e0\nl'occasion de la 29\u00e8me journ\u00e9e du championnat de France de\nfootball de Ligue 1 au stade Jean Bouin le vendredi 10 avril 2026 (6 pages) Page 25\n75-2026-04-07-00008 - Arr\u00eat\u00e9 n\u00b0 2026-00396 autorisant la captation,\nl'enregistrement et la transmission d'images au moyen de cam\u00e9ras\ninstall\u00e9es sur des a\u00e9ronefs \u00e0 l'occasion de la 29\u00e8me journ\u00e9e du\nchampionnat de France de football de Ligue 1 au stade Jean Bouin le\nvendredi 10 avril 2026\n (5 pages) Page 32\n75-2026-04-07-00006 - Arr\u00eat\u00e9 n\u00b0 2026-00400 autorisant la captation,\nl'enregistrement et la transmission d'images au moyen de cam\u00e9ras\ninstall\u00e9es sur des a\u00e9ronefs dans le Val-de-Marne (94) les 7, 8 et 9 avril\n2026\n (4 pages) Page 38\n75-2026-04-08-00002 - Arr\u00eat\u00e9 n\u00b02026-00402 modifiant l'arr\u00eat\u00e9\nn\u00b0 2026-00397 du 7 avril 2026 instituant un p\u00e9rim\u00e8tre de protection et\ndiff\u00e9rentes mesures de police \u00e0 l'occasion du quart de finale aller de\nla Ligue des champions de football entre le Paris Saint-Germain et le\nLiverpool Football Club au Parc des Princes le mercredi 8 avril 2026 (2\npages) Page 43\n2\nDirection r\u00e9gionale et interd\u00e9partementale de\nl'\u00e9conomie, de l'emploi, du travail et des\nsolidarit\u00e9s d'\u00cele-de-France\n75-2026-04-07-00010\nArr\u00eat\u00e9 modifiant\nl'arr\u00eat\u00e9 portant agr\u00e9ment de l'accord de groupe\nd'Accord de groupe   ELSAN en faveur des\ntravailleurs handicap\u00e9s\nDirection r\u00e9gionale et interd\u00e9partementale de l'\u00e9conomie, de l'emploi, du travail et des solidarit\u00e9s d'\u00cele-de-France -\n75-2026-04-07-00010 - Arr\u00eat\u00e9 modifiant\nl'arr\u00eat\u00e9 portant agr\u00e9ment de l'accord de groupe d'Accord de groupe   ELSAN en faveur des travailleurs handicap\u00e9s\n3\nzsPREFETDE PARISLibert\u00e9Egalit\u00e9Fraternit\u00e9\n  Direction r\u00e9gionale  \net interd\u00e9partementale \nde l'\u00e9conomie, de l'emploi, \ndu travail et des solidarit\u00e9s \n \nUnit\u00e9 d\u00e9partementale de Paris \n \n \n \n \nDRIEETS d'Ile-de-France/ Unit\u00e9 de Paris        page 1 sur 9 \n21 \u2013 23 rue Miollis, 75015 Paris \nhttp://idf.drieets.gouv.fr/paris  \n \nARR\u00caT\u00c9 MODIFIANT \n L'ARR\u00caT\u00c9 PORTANT AGR\u00c9MENT DE L'ACCORD DE GROUPE ELSAN EN FAVEUR DES \nTRAVAILLEURS HANDICAP\u00c9S \n \n \nLE PR\u00c9FET DE LA R\u00c9GION D'ILE-DE-FRANCE, \nPR\u00c9FET DE PARIS, \nCOMMANDEUR DE LA L\u00c9GION D'HONNEUR \nOFFICIER DE L'ORDRE NATIONAL DU M\u00c9RITE \n \n \nVU le code du travail, et notamment les articles L. 5212 -8, R. 5212-12, R. 5212-14, R. 5212-15, R. 5212-\n18 et R. 5212-19 ; \n \nVU le d\u00e9cret du 22 juillet 2020 portant nomination du pr\u00e9fet de la r\u00e9gion d'Ile-de-France, pr\u00e9fet de \nParis (hors classe) \u2013 Monsieur Marc GUILLAUME ; \n \nVU l'arr\u00eat\u00e9 interminist\u00e9riel du 12 ao\u00fbt 2025 nommant Fabrice MASI directeur r\u00e9gional et \ninterd\u00e9partemental de l'\u00e9conomie, de l'emploi, du travail et des solidarit\u00e9s d'\u00cele-de-France \u00e0 compter \ndu 25 ao\u00fbt 2025 ; \n \nVU l'arr\u00eat\u00e9 pr\u00e9fectoral n\u00b0 75-2025-08-27-00005 du 27 ao\u00fbt 2025 par lequel le pr\u00e9fet de Paris d\u00e9l\u00e8gue \nsa signature \u00e0 Monsieur Fabrice MASI, directeur r\u00e9gional et interd\u00e9partemental de l'\u00e9conomie, de \nl'emploi, du travail et des solidarit\u00e9s d'\u00cele-de-France ; \n \nVU l'arr\u00eat\u00e9 interminist\u00e9riel du 15 mai 2025 portant nomination  de Monsieur Riad BOUHAFS sur  \nl'emploi de directeur de l'unit\u00e9 d\u00e9partementale d e Paris de la direction r\u00e9gionale et \ninterd\u00e9partementale de l'\u00e9conomie, de l'emploi, du travail et des solidarit\u00e9s d'\u00cele -de-France ; \n \nVU la d\u00e9cision n\u00b0 2025-160 du 28 ao\u00fbt 2025 portant subd\u00e9l\u00e9gation de signature de Monsieur Fabrice \nMASI, directeur r\u00e9gional et interd\u00e9partemental de l'\u00e9conomie, de l'emploi, du travail et des \nsolidarit\u00e9s d'\u00cele-de-France, \u00e0 Monsieur Riad BOUHAFS, directeur de l'unit\u00e9 d\u00e9partementale de Paris  ; \n \nVU l'arr\u00eat\u00e9 portant agr\u00e9ment de l'accord de groupe ELSAN en faveur de travailleurs handicap\u00e9s, \nd\u00e9pos\u00e9 le 20 mars 2024 ; \n \nVU l'avenant n\u00b0 1 de r\u00e9vision de l'accord en faveur de l'emploi des personnes en situation de \nhandicap 2024 \u2013 2026 du groupe ELSAN, d\u00e9pos\u00e9 le 23 janvier 2026 ; \n \nDirection r\u00e9gionale et interd\u00e9partementale de l'\u00e9conomie, de l'emploi, du travail et des solidarit\u00e9s d'\u00cele-de-France -\n75-2026-04-07-00010 - Arr\u00eat\u00e9 modifiant\nl'arr\u00eat\u00e9 portant agr\u00e9ment de l'accord de groupe d'Accord de groupe   ELSAN en faveur des travailleurs handicap\u00e9s\n4\nDRIEETS d'Ile-de-France/ Unit\u00e9 de Paris        page 2 sur 9 \n21 \u2013 23 rue Miollis, 75015 Paris \nhttp://idf.drieets.gouv.fr/paris \nConsid\u00e9rant que l'avenant n\u00b01 de r\u00e9vision vise \u00e0 int\u00e9grer au p\u00e9rim\u00e8tre de l'accord des \u00e9tablissements \nsuppl\u00e9mentaires appartenant au groupe, que cette modification est justifi\u00e9e par l'\u00e9volution du \np\u00e9rim\u00e8tre juridique et organisationnel du groupe, et qu'elle ne remet pas en cause les objectifs, les \nmoyens financiers ni les actions pr\u00e9vues par l'accord en faveur de l'emploi des personnes en situation \nde handicap 2024\u20132026 ; \n \nSUR PROPOSITION du directeur de l'unit\u00e9 d\u00e9partementale de Paris,  \n \nARR\u00caTE : \nL'arr\u00eat\u00e9 pr\u00e9fectoral n\u00b0 75-2024-06-25-00013 est modifi\u00e9 comme suit : \nArticle 1er : l'article 1 est modifi\u00e9 comme suit : \nL'avenant n\u00b0 1 de r\u00e9vision de l'accord collectif, conclu le 23 d\u00e9cembre 2025 entre les organisations \nsyndicales et le groupe ELSAN, port\u00e9 par le SIREN 802 798 934  et enregistr\u00e9 sous le num\u00e9ro \nT07526084133 est accept\u00e9. \nLa liste des 139 entreprises (et leur SIREN) couvertes par le pr\u00e9sent agr\u00e9ment, tant que celles -ci \ndemeurent membres du groupe ayant conclu l'accord agr\u00e9\u00e9, figure en annexe du pr\u00e9sent arr\u00eat\u00e9.  \nLe changement de p\u00e9rim\u00e8tre couvre la p\u00e9riode du 1 er janvier 2026 au 31 d\u00e9cembre 2026. \n \nArticle 2 :  Le pr\u00e9sent arr\u00eat\u00e9 peut faire l'objet d'un recours administratif, soit gracieux aupr\u00e8s du \npr\u00e9fet de la r\u00e9gion d'\u00cele-de-France, pr\u00e9fet de Paris, soit hi\u00e9rarchique aupr\u00e8s du ministre du travail et \ndes solidarit\u00e9s, dans les deux mois suivant la notification du pr\u00e9sent arr\u00eat\u00e9. L'absence de r\u00e9ponse de \nl'administration au terme d'un d\u00e9lai de deux mois vaut rejet implicite du recours administratif.  \nUn recours contentieux peut \u00eatre d\u00e9pos\u00e9 aupr\u00e8s du tribunal administratif de Paris, sis 7, rue de Jouy, \n75004 Paris, dans un d\u00e9lai de deux mois \u00e0 partir de la notification du pr\u00e9sent arr\u00eat\u00e9, ou dans un d\u00e9lai \nde deux mois \u00e0 partir du rejet du recours adminis tratif. Le recours contentieux peut \u00eatre d\u00e9pos\u00e9 en \nligne via l'application \u00ab T\u00e9l\u00e9recours citoyens \u00bb accessible par le site internet www.telerecours.fr , par \nvoie postale ou directement au bureau du greffe de la juridiction. \n \nArticle 3 : Le directeur de l'unit\u00e9 d\u00e9partementale de Paris est charg\u00e9 de l'ex\u00e9cution du pr\u00e9sent arr\u00eat\u00e9, \nqui sera publi\u00e9 au recueil des actes administratifs de la pr\u00e9fecture de Paris.  \n \n  \nLe pr\u00e9fet de la r\u00e9gion \u00cele-de-France, \npr\u00e9fet de Paris, et  \npar subd\u00e9l\u00e9gation, \nLe directeur de l'unit\u00e9 d\u00e9partementale \nde Paris, \n \nSign\u00e9  \nLe 07/04/2026 \n \n                                                                                                                                                       Riad BOUHAFS \n \n \n \n \nDirection r\u00e9gionale et interd\u00e9partementale de l'\u00e9conomie, de l'emploi, du travail et des solidarit\u00e9s d'\u00cele-de-France -\n75-2026-04-07-00010 - Arr\u00eat\u00e9 modifiant\nl'arr\u00eat\u00e9 portant agr\u00e9ment de l'accord de groupe d'Accord de groupe   ELSAN en faveur des travailleurs handicap\u00e9s\n5\nDRIEETS d'Ile-de-France/ Unit\u00e9 de Paris        page 3 sur 9 \n21 \u2013 23 rue Miollis, 75015 Paris \nhttp://idf.drieets.gouv.fr/paris \n \n \nANNEXE  \nLISTE DES ENTREPRISES COUVERTES PAR L'ACCORD \n \n \nDENOMINATION SOCIALE  SIREN  SIEGE SOCIAL  \nAQUITAINE SANTE \n(POLYCLINIQUE JEAN VILLAR)  \n421 788 654  Avenue Maryse Basti\u00e9 - \n33520 BRUGES  \nCALIANG  508 594 793  1 Avenue Charles Peguy \n95200 SARCELLES  \nCALIMETZ  493 226 013  1 Avenue Charles Peguy \n95200 SARCELLES  \nCALIVAL  310 941 554  8, avenue Vauban 59300 \nVALENCIENNES  \nCENTRE AQUITAIN POUR LE \nDEVELOPPEMENT DE LA \nDIALYSE A DOMICILE (CA3D)  \n392 422 580  10 Chemin du Solarium - \n33170 GRADIGNAN  \nCENTRE CHIRURGICAL \nMONTAGARD  \n712 620 756  23, boulevard Gambetta \n84000 AVIGNON  \nCENTRE CLINICAL  323 399 295  2 Chemin de Fr\u00e9geneuil - \n16800 SOYAUX  \nCENTRE DE NEPHROLOGIE LES \nFLEURS  \n484 774 328  Quartier Quiez - 83190 \nOLLIOULES  \nCENTRE D'HEMODIALYSE DE \nL'ARCHETTE  \n342 755 337  83, rue Jacques Monod - \nQuartier du Larry 45160 \nOLIVET  \nCENTRE MEDICO CHIRURGICAL \nDU MANS  \n351 359 021  28, rue de guetteloup - \n72100 LE MANS  \nCENTRE MEDICO CHIRURGICAL \nET OBSTRECICAL CLAUDE \nBERNARD  \n86 920 394  1 rue du P\u00e8re Colombier - \n81000 ALBI  \nCLINIQUE AMBROISE PARE \n(TOULOUSE)  \n300 379 765  387 route de St Simon - \n31100 TOULOUSE  \nCLINIQUE BELLEDONNE  411 127 087  83 avenue Gabriel P\u00e9ri - \n38400 SAINT MARTIN \nD'HERES  \nCLINIQUE BON SECOURS  389 483 033  67 bis avenue Mar\u00e9chal \nFoch - 43000 LE PUY EN \nVELAY  \nCLINIQUE BOUCHARD  57 818 460  77, rue du Docteur Escat \n13006 MARSEILLE  \nCLINIQUE BRETECHE VIAUD  866 800 675  3 Rue De La B\u00e9raudi\u00e8re - \n44000 NANTES  \nCLINIQUE CHIRURGICALE DU \nMORVAN  \n315 564 443  49, boulevard J\u00e9r\u00f4me \nTr\u00e9saguet 58000 NEVERS  \n \nCLINIQUE CONTI  \n \n588 203 448  \n \n3 chemin des 3 Sources \n95290 L'ISLE ADAM  \nCLINIQUE DE FLANDRE  400 091 443  300, rue des Forts - Lieux \ndit de Boernhol 59210 \nCOUDEKERQUE \nDirection r\u00e9gionale et interd\u00e9partementale de l'\u00e9conomie, de l'emploi, du travail et des solidarit\u00e9s d'\u00cele-de-France -\n75-2026-04-07-00010 - Arr\u00eat\u00e9 modifiant\nl'arr\u00eat\u00e9 portant agr\u00e9ment de l'accord de groupe d'Accord de groupe   ELSAN en faveur des travailleurs handicap\u00e9s\n6\nDRIEETS d'Ile-de-France/ Unit\u00e9 de Paris        page 4 sur 9 \n21 \u2013 23 rue Miollis, 75015 Paris \nhttp://idf.drieets.gouv.fr/paris \nBRANCHE  \nCLINIQUE DE LA COMPASSION  683 850 085  8, rue de la Charit\u00e9 52200 \nLANGRES  \nCLINIQUE DE L'ARCHETTE  86 980 075  83, rue Jacques Monod - \nQuartier du Larry 45160 \nOLIVET  \nCLINIQUE DE L'ORANGERIE  578 500 449  29, all\u00e9e de la Robertsau \n67000 STRASBOURG  \nCLINIQUE DES GRAINETIERES  377 788 385  Place de Juillet 18200 \nSAINT AMAND \nMONTROND  \nCLINIQUE D'OCCITANIE  393 384 334  20 avenue Bernard IV - \n31600 MURET  \nCLINIQUE D'ORANGE  378 686 869  Route du Parc 84100 \nORANGE  \nCLINIQUE DU CAMBRESIS  412 128 803  102, boulevard Faidherbe \n59400 CAMBRAI  \nCLINIQUE DU CAP D'OR  304 601 685  1361 Av. des Anciens \nCombattants Fran\u00e7ais \nd'Indochine - 83500 LA \nSEYNE SUR MER  \nCLINIQUE DU JURA  645 550 195  9 rue Louis Rousseau - \n39000 LONS LE SAUNIER  \nCLINIQUE DU PARC  351 781 109  9 B rue de la Piot - 42270 \nSAINT PRIEST EN JAREZ  \nCLINIQUE DU PARC LYON  389 565 342  155 boulevard de \nStalingrad - 69006 LYON  \nCLINIQUE DU PONT DE CHAUME  847 150 133  330 Avenue Marcel Unal \n82000 MONTAUBAN  \nCLINIQUE DU RENAISON  378 433 627  75-77 rue du G\u00e9n\u00e9ral \nGiraud - 42300 ROANNE  \nCLINIQUE DU SUD  444 387 674  Lieu dit Madeleine \nHameau de Montredon - \n11090 CARCASSONNE  \nCLINIQUE DU TERTRE ROUGE  321 737 108  62 Rue de Guetteloup - \n72100 LE MANS  \nCLINIQUE DU VALLESPIR  714 200 896  Chemin de San Pluget - \n66400 CERET  \n \nCLINIQUE ESQUIROL SAINT \nHILAIRE  \n \n433 213 519  \n \n1 Rue du Docteur et \nMadame Delmas - 47000 \nAGEN  \nCLINIQUE JEANNE D'ARC  375 720 422  7 rue Nicolas Saboly \n13200 ARLES  \nCLINIQUE LE FLORIDE  616 750 105  Avenue Thalassa \u2013 Le \nFloride 66420 LE \nBARCARES  \nCLINIQUE LES LAURIERS  683 750 368  147, rue Jean Giono 83600 \nFREJUS  \nCLINIQUE MEDICALE VICTOR \nHUGO  \n300 377 298  66, rue de Degr\u00e9 72000 LE \nMANS  \nCLINIQUE NOUVELLE DU FOREZ \nCENTRE CHIRURGICAL ALAIN \n886 450 212  28 Rte Nouvelle, 42600 \nMontbrison  \nDirection r\u00e9gionale et interd\u00e9partementale de l'\u00e9conomie, de l'emploi, du travail et des solidarit\u00e9s d'\u00cele-de-France -\n75-2026-04-07-00010 - Arr\u00eat\u00e9 modifiant\nl'arr\u00eat\u00e9 portant agr\u00e9ment de l'accord de groupe d'Accord de groupe   ELSAN en faveur des travailleurs handicap\u00e9s\n7\nDRIEETS d'Ile-de-France/ Unit\u00e9 de Paris        page 5 sur 9 \n21 \u2013 23 rue Miollis, 75015 Paris \nhttp://idf.drieets.gouv.fr/paris \nCOUETTE  \nCLINIQUE PASTEUR  330 319 856  56 rue Pozzi - 24100 \nBERGERAC  \nCLINIQUE PAUL BERT \n(POLYCLINIQUE SAINTE-\nMARGUERITE)  \n425 520 186  Avenue de la Fontaine \nSainte Marguerite - 89000 \nAUXERRE  \nCLINIQUE RHONE DURANCE  348 242 231  Quartier du Lavarin sud - \n84000 AVIGNON  \nCLINIQUE SAINT - ANDRE  763 801 354  102, avenue Jean Jaur\u00e8s \n54500 VANDOEUVRE LES \nNANCY  \nCLINIQUE SAINT - OMER  577 080 088  71, rue Ambroise Par\u00e9 \n62575 BLENDECQUES  \nCLINIQUE SAINT AUGUSTIN  455 203 539  112-114 avenue d'ar\u00e8s - \n33074 BORDEAUX  \nCLINIQUE SAINT CHARLES  349 829 952  3 Rue de La Providence - \n86000 POITIERS  \nCLINIQUE SAINT FRANCOIS  816 720 031  22, avenue Marcel \nLemoint 36000 \nCHATEAUROUX  \nCLINIQUE SAINT JOSEPH DE \nSUPERVALTECH  \n624 200 267  Rue Arnaud de Villeneuve, \n66240 SAINT-ESTEVE  \nCLINIQUE SAINT MICHEL  569 500 135  Place du 4 septembre \u2013 \n83200 TOULON  \nCLINIQUE SAINT MICHEL  331 023 242  25-27 Avenue Louis Prat \n66500 PRADES  \nCLINIQUE SAINT ORENS  332 616 473  12 avenue de Revel - 31650 \nSAINT-ORENS-DE-\nGAMEVILLE  \n \nCLINIQUE SAINT PIERRE  \n \n574 201 919  \n \nRue Jean Galia 169 avenue \nde Prades 66000 \nPERPIGNAN  \nCLINIQUE SAINTE - ODILE  327 286 894  6 rue des Pr\u00e9montr\u00e9s - \nHAGUENAU  \nCLINIQUE SAINT-LOUIS  599 803 632  1 rue Basset 78300 POISSY  \nCLINIQUE SAINT-MARTIN  815 780 440  11 rue du Docteur No\u00ebl \nCourvoisier - 70000 \nVESOUL  \nCLINIQUE SAINT-VINCENT  319 450 060  40 Chemin des Tilleroyes - \n25000 BESANCON  \nCMC CHAUMONT LE BOIS  847 220 027  17, avenue des Etats Unis \n52000 CHAUMONT  \nCMC LES CEDRES  677 220 402  Impasse des C\u00e8dres - \n19100 BRIVE LA \nGAILLARDE  \nELSAN SAS (ex VEDICI \nINVESTISSEMENTS)  \n802 798 934  58 bis, rue la Bo\u00e9tie 75008 \nPARIS  \nFONTVERT AVIGNON NORD  493 466 478  235 avenue Louis Pasteur \n\u2013 84700 SORGUES  \nGIE IMAGERIE AGEN  914 957 709  1 Rue Docteur et Madame \nDelmas 47000 AGEN  \nGIE CENTRE MEDICAL 830 716 056  38 Quai de Jemmapes \nDirection r\u00e9gionale et interd\u00e9partementale de l'\u00e9conomie, de l'emploi, du travail et des solidarit\u00e9s d'\u00cele-de-France -\n75-2026-04-07-00010 - Arr\u00eat\u00e9 modifiant\nl'arr\u00eat\u00e9 portant agr\u00e9ment de l'accord de groupe d'Accord de groupe   ELSAN en faveur des travailleurs handicap\u00e9s\n8\nDRIEETS d'Ile-de-France/ Unit\u00e9 de Paris        page 6 sur 9 \n21 \u2013 23 rue Miollis, 75015 Paris \nhttp://idf.drieets.gouv.fr/paris \nINTERNATIONAL  75010 PARIS  \nGIE ELSAN  492 879 325  58 bis, rue la Bo\u00e9tie 75008 \nPARIS  \nGIE ELSAN ETABLISSEMENTS  818 849 499  58 bis, rue la Bo\u00e9tie 75008 \nPARIS  \nGIE ELSAN SERVICES (ex \nSERVHOS)  \n442 731 295  3055 avenue du Prades \n66000 PERPIGNAN  \nGIE GIMLA  452 305 733  17, rue Baltet -10120 \nSAINT-ANDRE LES \nVERGERS  \nGIE HPA (AMBERIEU)  828 602 946  Za en Pragnat Nord C/o \nH\u00f4pital Priv\u00e9 d'Amb\u00e9rieu - \n01500 AMBERIEU EN \nBUGEY  \nGIE IMAGERIE DE CONTI  900 965 799  3 chemin de 3 sources, \n95290 L ISLE ADAM  \nGIE IMAGERIE MAUBEUGE  914 877 089  Polyclinique du Parc \u2013 \nRoute d'Assevent \u2013 59600 \nMAUBEUGE  \nHAD 46  848 440 590  Rue de Londieu, 46100 \nFigeac  \nHAD CAP DOMICILE  499 984 417  1358 Av. des Anciens \nCombattants Fran\u00e7ais \nd'Indochine - 83500 LA \nSEYNE SUR MER  \nHAD CLARA SCHUMANN  484 661 392  Les Acad\u00e9mies Aixoises - \n75, rue Paul Sabatier \n13090 AIX EN PROVENCE  \nHAD France  499 824 977  194, rue de Tolbiac 75013 \nPARIS  \nHAD SAINT ANTOINE  503 110 918  422, avenue Edouard \nHerriot 83700 SAINT \nRAPHAEL  \nHOPITAL PRIVE D'AMBERIEU  811 571 447  En Pragnat Nord - 01506 \nAMBERIEU EN BUGEY  \nHOPITAL PRIVE DU GRAND \nNARBONNE  \n976 950 311  1, rue du Professeur \nChristiaan Barnard \nMONTREDON DES \nCORBIERES (11100)  \nHOPITAL PRIVE GUILLAUME DE \nVARYE  \n653 720 466  210, route de Vouzeron \n18230 SAINT \nDOULCHARD  \nHOPITAL PRIVE LA \nCHATAIGNERAIE  \n444 573 935  Rue de la Chataigneraie \n63110 BEAUMONT  \nHOPITAL PRIVE SAINT CLAUDE  323 457 275  1, boulevard Schweitzer \n02100 SAINT-QUENTIN  \nHOPITAL PRIVE SAINT MARTIN  464 200 039  All\u00e9e des Tulipes - 33600 \nPESSAC  \nA DOMICILE DE POITIERS  487 637 639  3 Rue de La Providence - \n86000 POITIERS  \nINSTITUT OPHTALMIQUE  378 589 634  28, rue Anatole France \n59490 SOMAIN  \nIRM AVIGNON NORD \u2013 801 888 033  235 avenue Louis Pasteur \nDirection r\u00e9gionale et interd\u00e9partementale de l'\u00e9conomie, de l'emploi, du travail et des solidarit\u00e9s d'\u00cele-de-France -\n75-2026-04-07-00010 - Arr\u00eat\u00e9 modifiant\nl'arr\u00eat\u00e9 portant agr\u00e9ment de l'accord de groupe d'Accord de groupe   ELSAN en faveur des travailleurs handicap\u00e9s\n9\nDRIEETS d'Ile-de-France/ Unit\u00e9 de Paris        page 7 sur 9 \n21 \u2013 23 rue Miollis, 75015 Paris \nhttp://idf.drieets.gouv.fr/paris \nFONTVERT  Clinique FONTVERT \nAVIGNON NORD \u2013 84700 \nSORGUES  \nITM  853 244 341  Quartier Quiez - 83190 \nOLLIOULES  \nKERAUDREN GRAND LARGE  378 860 316  Rue Ernestine de \nTremaudan - Zac de \nKeraudren 29200 BREST  \nMEDIPOLE DE NANCY  491 933 925  rue Marie Marvingt 54000 \nNANCY  \nMEDIPOLE SAINT-ROCH  378 016 893  Chemin du mas Anglade - \n66330 CABESTANY  \n \nNEMOSCAN  \n \n341 521 896  \n \nImmeuble le M\u00e9ridien 480 \navenue Saint-Andr\u00e9 de \nCodols 30900 NIMES  \nNEPHRO DIALYSE (CTMR)  385 115 142  106 avenue d'ar\u00e8s - 33000 \nBORDEAUX  \nNOUVELLE CLINIQUE \nBONNEFON  \n753 616 481  45 Avenue Carnot 30100 \nALES  \nNOUVELLE CLINIQUE VILLETTE  349 859 744  18, rue Parmentier 59240 \nDUNKERQUE  \nNOUVELLES CLINIQUES \nNIMOISES  \n808 690 200  3 rue Jean Bouin, 3000 \nNIMES  \nPARC VISION (Laser Premium)  521 990 531  155 ter boulevard de \nStalingrad - 69006 LYON  \nPOLYCLINIQUE DE L'ORMEAU  404 191 306  Chemin de l'Ormeau - \n65000 TARBES  \nPOLYCLINIQUE DE POITIERS  342 977 683  1 Rue de La Providence - \n86000 POITIERS  \nPOLYCLINIQUE D'INKERMANN  333 233 252  84 route d'Aiffres - 79000 \nNIORT  \nPOLYCLINIQUE DU PARC  322 623 521  62, rue Henri Barbusse \n59880 SAINT-SAULVE  \nPOLYCLINIQUE DU PARC  950 505 461  20, avenue Guynemer \n14000 CAEN  \nPolyclinique du Parc Caen - \nNORMANI - Etb. Secondaire  \n950 505 461  41, Rue Eug\u00e9nie 14000 \nCAEN  \nPOLYCLINIQUE DU PARC (Dole)  879 651 636  27, rue Jean Heberlin \n39100 DOLE  \nPOLYCLINIQUE DU SIDOBRE  325 730 919  Chemin de St Hippolyte \n81100 CASTRES  \nPOLYCLINIQUE DU VAL DE \nLOIRE  \n651 880 437  49, boulevard J\u00e9r\u00f4me \nTr\u00e9saguet 58000 NEVERS  \nPOLYCLINIQUE DU VAL DE \nSAONE  \n378 417 729  44 rue Ambroise Par\u00e9 - \n71000 MACON  \nPOLYCLINIQUE FRANCHE \nCOMTE  \n879 605 301  4 rue Auguste Rodin, \n25000 BESANCON  \nPOLYCLINIQUE LA PERGOLA  975 520 867  All\u00e9e des Ailes 03200 \nVICHY  \nPOLYCLINIQUE LES FLEURS  501 642 797  Quartier Quiez - 83190 \nOLLIOULES  \nPOLYCLINIQUE MAJORELLE  340 466 945  95, rue Ambroise Par\u00e9 \nDirection r\u00e9gionale et interd\u00e9partementale de l'\u00e9conomie, de l'emploi, du travail et des solidarit\u00e9s d'\u00cele-de-France -\n75-2026-04-07-00010 - Arr\u00eat\u00e9 modifiant\nl'arr\u00eat\u00e9 portant agr\u00e9ment de l'accord de groupe d'Accord de groupe   ELSAN en faveur des travailleurs handicap\u00e9s\n10\nDRIEETS d'Ile-de-France/ Unit\u00e9 de Paris        page 8 sur 9 \n21 \u2013 23 rue Miollis, 75015 Paris \nhttp://idf.drieets.gouv.fr/paris \n54000 NANCY  \nPOLYCLINIQUE \nMEDITERRANNEE  \n714 201 050  Avenue d'Argel\u00e8s 66000 \nPERPIGNAN  \nPOLYCLINIQUE MONTIER LA \nCELLE (ex POLYCLINIQUE LES \nURSULINES)  \n339 564 221  17, rue Baltet -10120 \nSAINT-ANDRE LES \nVERGERS  \nPOLYCLINIQUE MONTREAL  315 784 520  route de Bram - 11000 \nCARCASSONNE  \nPOLYCLINIQUE NOTRE DAME  328 076 161  avenue Pierre Brossolette \n83300 DRAGUIGNAN  \nPOLYCLINIQUE SAINT - \nFRANCOIS  \n917 250 151  8, rue Ambroise Croizat \n03630 DESERTINES  \nPOLYCLINIQUE URBAIN V  702 621 095  Chemin du Pont des deux \nEaux 84000 AVIGNON  \nPOLYCLINIQUE VALDEGOUR  334 257 334  772 chemin de Valdegour \n30907 NIMES  \nPOLYCLINIQUE VAUBAN  414 908 970  10, avenue Vauban 59300 \nVALENCIENNES  \nPYRESCAN  444 269 260  25/27 Avenue Louis Prat \u2013 \n66500 PRADES  \nROZ ARVOR  870 801 107  2 Rue du Fort - 44300 \nNANTES  \nSAE CLINIQUE DU FIEF DE \nGRIMOIRE  \n408 475 747  38 rue du fief de grimoire - \n86000 POITIERS  \nSANTE ATLANTIQUE (ex \nPOLYCLINIQUE DE \nL'ATLANTIQUE)  \n379 642 481  rue Claude Bernard 44800 \nSAINT-HERBLAIN  \nSAS SAGES (Pole Sant\u00e9 \nR\u00e9publique)  \n867 200 552  105, avenue de la \nR\u00e9publique 63100 \nCLERMONT-FERRAND  \nSENY  323 709 568  1 Avenue Charles Peguy \n95200 SARCELLES  \nSNECCA (Clinique m\u00e9dicale et \ncardiologique d'ARESSY)  \n384 356 051  route de Lourdes, \nCLINIQUE MEDICALE ET \nCARDIOLOGIQUE, 64320 \nARESSY  \nSOCIETE DE GESTION ET \nD'EXPLOITATION DU CMC DE \nTRONQUIERES  \n389 806 381  83, avenue Charles de \nGaulle 15000 AURILLAC  \nSOCIETE D'EXPLOITATION DE \nLA CLINIQUE PAUL PIQUET  \n331 607 465  12 rue Pierre Castest - \n89100 SENS  \nSOCIETE D'EXPLOITATION DE \nLA CLINIQUE SAINT ODILON  \n904 844 321  32 avenue Professeur \nEtienne Sorrel - 03000 \nMOULINS  \nSOCIETE D'EXPLOITATION \nOCEANE  \n450 547 930  Le Tenenio- Rue du \nDocteur Audic 56000 \nVANNES  \nSOCIETE NOUVELLE \nD'EXPLOITATION DE LA \nCLINIQUE SAINT FRANCOIS  \n477 637 300  2, rue Laurent Buthier \n28300 MAINVILLIERS  \nTEP PARIS NORD  443 027 305  10 Avenue Charles Peguy \n95200 SARCELLES  \nTHERAP'X PARIS NORD  349 978 320  6 Avenue Charles Peguy \nDirection r\u00e9gionale et interd\u00e9partementale de l'\u00e9conomie, de l'emploi, du travail et des solidarit\u00e9s d'\u00cele-de-France -\n75-2026-04-07-00010 - Arr\u00eat\u00e9 modifiant\nl'arr\u00eat\u00e9 portant agr\u00e9ment de l'accord de groupe d'Accord de groupe   ELSAN en faveur des travailleurs handicap\u00e9s\n11\nDRIEETS d'Ile-de-France/ Unit\u00e9 de Paris        page 9 sur 9 \n21 \u2013 23 rue Miollis, 75015 Paris \nhttp://idf.drieets.gouv.fr/paris \n95200 SARCELLES  \nUNIVERSITE ELSAN  501 690 358  58 bis, rue la Bo\u00e9tie 75008 \nPARIS  \nVOYAGE ET SANTE  750 095 903  38 Quai de Jemmapes \n75010 PARIS  \n2IRPH  799 696 745  4 rue Kl\u00e9ber 92300 \nLEVALLOIS PERRET  \n3 G SANTE NIMES  493 791 875  Avenue Maryse Basti\u00e9 - \n33520 BRUGES  \nCIMROR  410 133 144  99, avenue de la \nr\u00e9publique 63 100 \nCLERMONT FERRAND  \nCIMSO SAS  900 393 893  6 RUE DES PREMONTRES, \n67500 HAGUENAU  \nGCS DE MOYENS IMAGERIE \nSAINT-ODILON  \n823 519 160  32 avenue Professeur \nEtienne Sorrel 03000 \nMOULINS  \nGIE 7 COLLINES  831 032 859  39 BOULEVARD DE LA \nPALLE 42100 SAINT-\nETIENNE  \nGIE PERSONNEL IMAGERIE \nAVIGNON VAUCLUSE - PIAV  \n922 562 541  256 Chemin de Baigne \nPieds 84000 AVIGNON  \nMONTAIGNE SANTE  491 439 964  53 avenue Montaigne \n75008 PARIS  \nNOUVELLES CLINIQUE DES \nDENTELLIERES  \n532 700 192  8, avenue Vauban 59300 \nVALENCIENNES  \nOPHTA PART DIEU  809 817 653  20 rue de la Villette 69003 \nLYON  \nSAS LA CIGOGNE  353 880 172  60 all\u00e9e Charles \nNungesser Zac Portes du \nLoiret Sud 45770 Saran  \nSTRASBOURG IMAGERIE \nMOLECULAIRE  \n893 589 044  29 all\u00e9e de la Robertsau, \n67000 STRASBOURG  \nVISION FUTURE NICE  843 353 343  5 rue du Congr\u00e8s 06000 \nNice  \nHOPITAL CLINIQUE CLAUDE \nBERNARD  \n366 800 761  97 rue Claude Bernard \n57000 METZ  \n \nSOCIETE D'EXPLOITATION DE \nLA CLINIQUE NOTRE DAME  \n \n448 666 024  \n \n3, rue Paul Albert 57100 \nTHIONVILLE  \nINSTITUT DE RADIOTHERAPIE \nHARTMANN  \n552 079 311  4 rue Kl\u00e9ber 92300 \nLEVALLOIS PERRET  \nFIFA (IMAGERIE MEDICALE \nFIRMIGNY FAURIEL)  \n323 922 724  39 Boulevard de la Palle - \n42100 SAINT ETIENNE  \n \n \nDirection r\u00e9gionale et interd\u00e9partementale de l'\u00e9conomie, de l'emploi, du travail et des solidarit\u00e9s d'\u00cele-de-France -\n75-2026-04-07-00010 - Arr\u00eat\u00e9 modifiant\nl'arr\u00eat\u00e9 portant agr\u00e9ment de l'accord de groupe d'Accord de groupe   ELSAN en faveur des travailleurs handicap\u00e9s\n12\nDirection r\u00e9gionale et interd\u00e9partementale de\nl'\u00e9conomie, de l'emploi, du travail et des\nsolidarit\u00e9s d'\u00cele-de-France\n75-2026-04-07-00011\nArr\u00eat\u00e9 modifiant\nl'arr\u00eat\u00e9 portant agr\u00e9ment de l'accord de groupe\nd'Accord de groupe  HOPSCOTCH en faveur des\ntravailleurs handicap\u00e9s\nDirection r\u00e9gionale et interd\u00e9partementale de l'\u00e9conomie, de l'emploi, du travail et des solidarit\u00e9s d'\u00cele-de-France -\n75-2026-04-07-00011 - Arr\u00eat\u00e9 modifiant\nl'arr\u00eat\u00e9 portant agr\u00e9ment de l'accord de groupe d'Accord de groupe  HOPSCOTCH en faveur des travailleurs handicap\u00e9s\n13\nzsPREFETDE PARISLibert\u00e9Egalit\u00e9Fraternit\u00e9\n  Direction r\u00e9gionale  \net interd\u00e9partementale \nde l'\u00e9conomie, de l'emploi, \ndu travail et des solidarit\u00e9s \n \nUnit\u00e9 d\u00e9partementale de Paris \n \n \n \n \nDRIEETS d'Ile-de-France/ Unit\u00e9 de Paris        page 1 sur 3 \n21 \u2013 23 rue Miollis, 75015 Paris \nhttp://idf.drieets.gouv.fr/paris  \n \nARR\u00caT\u00c9 MODIFIANT \n  L'ARR\u00caT\u00c9 PORTANT AGR\u00c9MENT DE L'ACCORD DE GROUPE HOPSCOTCH EN FAVEUR DES \nTRAVAILLEURS HANDICAP\u00c9S \n \n \nLE PR\u00c9FET DE LA R\u00c9GION D'ILE-DE-FRANCE, \nPR\u00c9FET DE PARIS, \nCOMMANDEUR DE LA L\u00c9GION D'HONNEUR \nOFFICIER DE L'ORDRE NATIONAL DU M\u00c9RITE \n \n \nVU le code du travail, et notamment les articles L. 5212 -8, R. 5212-12, R. 5212-14, R. 5212-15, R. 5212-\n18 et R. 5212-19 ; \n \nVU le d\u00e9cret du 22 juillet 2020 portant nomination du pr\u00e9fet de la r\u00e9gion d'Ile-de-France, pr\u00e9fet de \nParis (hors classe) \u2013 Monsieur Marc GUILLAUME ;  \n \nVU l'arr\u00eat\u00e9 interminist\u00e9riel du 12 ao\u00fbt 2025 nommant Fabrice MASI directeur r\u00e9gional et \ninterd\u00e9partemental de l'\u00e9conomie, de l'emploi, du travail et des solidarit\u00e9s d'\u00cele-de-France \u00e0 compter \ndu 25 ao\u00fbt 2025 ; \n \nVU l'arr\u00eat\u00e9 pr\u00e9fectoral n\u00b0 75-2025-08-27-00005 du 27 ao\u00fbt 2025 par lequel le pr\u00e9fet de Paris d\u00e9l\u00e8gue \nsa signature \u00e0 Monsieur Fabrice MASI, directeur r\u00e9gional et interd\u00e9partemental de l'\u00e9conomie, de \nl'emploi, du travail et des solidarit\u00e9s d'\u00cele-de-France ; \n \nVU l'arr\u00eat\u00e9 interminist\u00e9riel du 15 mai 2025 portant nomination  de Monsieur Riad BOUHAFS sur  \nl'emploi de directeur de l'unit\u00e9 d\u00e9partementale  de Paris de la direction r\u00e9gionale et \ninterd\u00e9partementale de l'\u00e9conomie, de l'emploi, du travail et des solidarit\u00e9s d'\u00cele -de-France ; \n \nVU la d\u00e9cision n\u00b0 2025-160 du 28 ao\u00fbt 2025 portant subd\u00e9l\u00e9gation de signature de Monsieur Fabrice \nMASI, directeur r\u00e9gional et interd\u00e9partemental de l'\u00e9conomie, de l'emploi, du travail et des \nsolidarit\u00e9s d'\u00cele-de-France, \u00e0 Monsieur Riad BOUHAFS, directeur de l'unit\u00e9 d\u00e9partementale de Paris ; \n \nVU l'arr\u00eat\u00e9 portant agr\u00e9ment de l'accord de groupe HOPSCOTCH en faveur de travailleurs \nhandicap\u00e9s, d\u00e9pos\u00e9 le 20 mai 2025 ; \n \nVU l'avenant de r\u00e9vision n\u00b0  1 de l'accord en faveur de l'emploi des personnes en situation de \nhandicap 2025 \u2013 2027 du groupe HOPSCOTCH, d\u00e9pos\u00e9 le 27 f\u00e9vrier 2026. \n \nDirection r\u00e9gionale et interd\u00e9partementale de l'\u00e9conomie, de l'emploi, du travail et des solidarit\u00e9s d'\u00cele-de-France -\n75-2026-04-07-00011 - Arr\u00eat\u00e9 modifiant\nl'arr\u00eat\u00e9 portant agr\u00e9ment de l'accord de groupe d'Accord de groupe  HOPSCOTCH en faveur des travailleurs handicap\u00e9s\n14\nDRIEETS d'Ile-de-France/ Unit\u00e9 de Paris        page 2 sur 3 \n21 \u2013 23 rue Miollis, 75015 Paris \nhttp://idf.drieets.gouv.fr/paris \n \nConsid\u00e9rant que l'avenant n\u00b0 1 de r\u00e9vision vise \u00e0 int\u00e9grer au p\u00e9rim\u00e8tre de l'accord des \u00e9tablissements \nsuppl\u00e9mentaires appartenant au groupe, que cette modification est justifi\u00e9e par l'\u00e9volution du \np\u00e9rim\u00e8tre juridique et organisationnel du groupe, et qu'elle ne  remet pas en cause les objectifs, les \nmoyens financiers ni les actions pr\u00e9vues par l'accord en faveur de l'emploi des personnes en situation \nde handicap 2025 \u2013 2027 ; \n \nSUR PROPOSITION du directeur de l'unit\u00e9 d\u00e9partementale de Paris,  \n \nARR\u00caTE : \nL'arr\u00eat\u00e9 pr\u00e9fectoral n\u00b0 75-2025-07-18-00009 est modifi\u00e9 comme suit : \nArticle 1er : l'article 1 est modifi\u00e9 comme suit : \nL'avenant de r\u00e9vision de l'accord collectif, conclu le 29 janvier 2026 entre les organisations syndicales \net le groupe HOPSCOTCH , port\u00e9 par le SIREN 602 063 323 et enregistr\u00e9 sous le num\u00e9ro \nT07526085121 est accept\u00e9. \nLa liste des 16 entreprises (et leur SIREN) couvertes par le pr\u00e9sent agr\u00e9ment, tant que celles -ci \ndemeurent membres du groupe ayant conclu l'accord agr\u00e9\u00e9, figure en annexe du pr\u00e9sent arr\u00eat\u00e9.  \n \nArticle 2 :  l'article 2 est modifi\u00e9 comme suit : \n \nLe changement de p\u00e9rim\u00e8tre couvre la p\u00e9riode du 1er janvier 2026 au 31 d\u00e9cembre 2027. \n \nArticle 3 :  Le pr\u00e9sent arr\u00eat\u00e9 peut faire l'objet d'un recours administratif, soit gracieux aupr\u00e8s du \npr\u00e9fet de la r\u00e9gion d'\u00cele-de-France, pr\u00e9fet de Paris, soit hi\u00e9rarchique aupr\u00e8s du ministre du travail et \ndes solidarit\u00e9s, dans les deux mois suivant la notification du pr\u00e9sent arr\u00eat\u00e9. L'absence de r\u00e9ponse de \nl'administration au terme d'un d\u00e9lai de deux mois vaut rejet implicite du recours administratif.  \nUn recours contentieux peut \u00eatre d\u00e9pos\u00e9 aupr\u00e8s du tribunal administratif de Paris, sis 7, rue de Jouy, \n75004 Paris, dans un d\u00e9lai de deux mois \u00e0 partir de la notification du pr\u00e9sent arr\u00eat\u00e9, ou dans un d\u00e9lai \nde deux mois \u00e0 partir du rejet du recours adminis tratif. Le recours contentieux peut \u00eatre d\u00e9pos\u00e9 en \nligne via l'application \u00ab T\u00e9l\u00e9recours citoyens \u00bb accessible par le site internet www.telerecours.fr , par \nvoie postale ou directement au bureau du greffe de la juridiction. \n \nArticle 4 : Le directeur de l'unit\u00e9 d\u00e9partementale de Paris est charg\u00e9 de l'ex\u00e9cution du pr\u00e9sent arr\u00eat\u00e9, \nqui sera publi\u00e9 au recueil des actes administratifs de la pr\u00e9fecture de Paris.  \n \nLe pr\u00e9fet de la r\u00e9gion \u00cele-de-France, \npr\u00e9fet de Paris, et  \npar subd\u00e9l\u00e9gation, \nLe directeur de l'unit\u00e9 d\u00e9partementale \nde Paris, \n \nSign\u00e9 \n \nLe 07/04/2026 \n \n \nRiad BOUHFAS \nDirection r\u00e9gionale et interd\u00e9partementale de l'\u00e9conomie, de l'emploi, du travail et des solidarit\u00e9s d'\u00cele-de-France -\n75-2026-04-07-00011 - Arr\u00eat\u00e9 modifiant\nl'arr\u00eat\u00e9 portant agr\u00e9ment de l'accord de groupe d'Accord de groupe  HOPSCOTCH en faveur des travailleurs handicap\u00e9s\n15\nDRIEETS d'Ile-de-France/ Unit\u00e9 de Paris        page 3 sur 3 \n21 \u2013 23 rue Miollis, 75015 Paris \nhttp://idf.drieets.gouv.fr/paris \n \n \nANNEXE  \nLISTE DES ENTREPRISES COUVERTES PAR L'ACCORD \n \n \nRaison sociale SIREN \nHOPSCOTCH GROUPE 602 063 323 \nHOPSCOTCH CINEMA 301 546 966 \nHOPSCOTCH CONGRES 422 322 479 \nSAGARMATHA 383 723 681 \nHOPSCOTCH 437 582 927 \nHOPSCOTCH ROUGE 441 877 487 \nHUMAN TO HUMAN 449 389 667 \nHOPSCOTCH DECIDEURS 441 953 981 \nHOPSCOTCH NETWORK  775 670 110 \nHEAVEN CONSEIL 503 419 350 \nWAMI CONCEPT 801 146 887 \nALIZEUM 451 009 583 \nHOPSCOTCH SPORT 505 346 890 \nSPORT & CO 453 271 686 \nHOPSCOTCH TOURISM 829 819 937 \nINDIGO UNLIMITED 438 908 154 \n \n \nDirection r\u00e9gionale et interd\u00e9partementale de l'\u00e9conomie, de l'emploi, du travail et des solidarit\u00e9s d'\u00cele-de-France -\n75-2026-04-07-00011 - Arr\u00eat\u00e9 modifiant\nl'arr\u00eat\u00e9 portant agr\u00e9ment de l'accord de groupe d'Accord de groupe  HOPSCOTCH en faveur des travailleurs handicap\u00e9s\n16\nDirection r\u00e9gionale et interd\u00e9partementale de\nl'\u00e9conomie, de l'emploi, du travail et des\nsolidarit\u00e9s d'\u00cele-de-France\n75-2026-04-07-00012\nArr\u00eat\u00e9 modifiant\nl'arr\u00eat\u00e9 portant agr\u00e9ment de l'accord de groupe\nd'Accord de groupe  PUBLICIS en faveur des\ntravailleurs handicap\u00e9s\nDirection r\u00e9gionale et interd\u00e9partementale de l'\u00e9conomie, de l'emploi, du travail et des solidarit\u00e9s d'\u00cele-de-France -\n75-2026-04-07-00012 - Arr\u00eat\u00e9 modifiant\nl'arr\u00eat\u00e9 portant agr\u00e9ment de l'accord de groupe d'Accord de groupe  PUBLICIS en faveur des\ntravailleurs handicap\u00e9s\n17\nzsPREFETDE PARISLibert\u00e9Egalit\u00e9Fraternit\u00e9\n  Direction r\u00e9gionale  \net interd\u00e9partementale \nde l'\u00e9conomie, de l'emploi, \ndu travail et des solidarit\u00e9s \n \nUnit\u00e9 d\u00e9partementale de Paris \n \n \n \n \nDRIEETS d'Ile-de-France/ Unit\u00e9 de Paris        page 1 sur 3 \n21 \u2013 23 rue Miollis, 75015 Paris \nhttp://idf.drieets.gouv.fr/paris  \n \nARR\u00caT\u00c9 MODIFIANT \n  L'ARR\u00caT\u00c9 PORTANT AGR\u00c9MENT DE L'ACCORD DE GROUPE DE PUBLICIS EN FAVEUR DES \nTRAVAILLEURS HANDICAP\u00c9S \n \n \nLE PR\u00c9FET DE LA R\u00c9GION D'ILE-DE-FRANCE, \nPR\u00c9FET DE PARIS, \nCOMMANDEUR DE LA L\u00c9GION D'HONNEUR \nOFFICIER DE L'ORDRE NATIONAL DU M\u00c9RITE \n \n \nVU le code du travail, et notamment les articles L. 5212 -8, R. 5212-12, R. 5212-14, R. 5212-15, R. 5212-\n18 et R. 5212-19 ; \n \nVU le d\u00e9cret du 22 juillet 2020 portant nomination du pr\u00e9fet de la r\u00e9gion d'Ile-de-France, pr\u00e9fet de \nParis (hors classe) \u2013 Monsieur Marc GUILLAUME ; \n \nVU l'arr\u00eat\u00e9 interminist\u00e9riel du 12 ao\u00fbt 2025 nommant Fabrice MASI directeur r\u00e9gional et \ninterd\u00e9partemental de l'\u00e9conomie, de l'emploi, du travail et des solidarit\u00e9s d'\u00cele-de-France \u00e0 compter \ndu 25 ao\u00fbt 2025 ; \n \nVU l'arr\u00eat\u00e9 pr\u00e9fectoral n\u00b0 75-2025-08-27-00005 du 27 ao\u00fbt 2025 par lequel le pr\u00e9fet de Paris d\u00e9l\u00e8gue \nsa signature \u00e0 Monsieur Fabrice MASI, directeur r\u00e9gional et interd\u00e9partemental de l'\u00e9conomie, de \nl'emploi, du travail et des solidarit\u00e9s d'\u00cele-de-France ; \n \nVU l'arr\u00eat\u00e9 interminist\u00e9riel du 15 mai 2025 portant nomination  de Monsieur Riad BOUHAFS sur  \nl'emploi de directeur de l'unit\u00e9 d\u00e9partementale d e Paris de la direction r\u00e9gionale et \ninterd\u00e9partementale de l'\u00e9conomie, de l'emploi, du travail et des solidarit\u00e9s d'\u00cele -de-France ; \n \nVU la d\u00e9cision n\u00b0 2025-160 du 28 ao\u00fbt 2025 portant subd\u00e9l\u00e9gation de signature de Monsieur Fabrice \nMASI, directeur r\u00e9gional et interd\u00e9partemental de l'\u00e9conomie, de l'emploi, du travail et des \nsolidarit\u00e9s d'\u00cele-de-France, \u00e0 Monsieur Riad BOUHAFS, directeur de l'unit\u00e9 d\u00e9partementale de Paris  ; \n \nVU l'arr\u00eat\u00e9 portant agr\u00e9ment de l'accord de groupe PUBLICIS en faveur de travailleurs handicap\u00e9s, \nd\u00e9pos\u00e9 le 15 d\u00e9cembre 2022 ; \n \nVU l'avenant de r\u00e9vision n\u00b0  1 de l'accord en faveur de l'emploi des personnes en situation de \nhandicap 2023 \u2013 2025 du groupe PUBLICIS, d\u00e9pos\u00e9 le 15 f\u00e9vrier 2024 ; \n \nDirection r\u00e9gionale et interd\u00e9partementale de l'\u00e9conomie, de l'emploi, du travail et des solidarit\u00e9s d'\u00cele-de-France -\n75-2026-04-07-00012 - Arr\u00eat\u00e9 modifiant\nl'arr\u00eat\u00e9 portant agr\u00e9ment de l'accord de groupe d'Accord de groupe  PUBLICIS en faveur des\ntravailleurs handicap\u00e9s\n18\nDRIEETS d'Ile-de-France/ Unit\u00e9 de Paris        page 2 sur 3 \n21 \u2013 23 rue Miollis, 75015 Paris \nhttp://idf.drieets.gouv.fr/paris \n \nConsid\u00e9rant que l'avenant n\u00b0 1 de r\u00e9vision vise \u00e0 int\u00e9grer au p\u00e9rim\u00e8tre de l'accord des \u00e9tablissements \nsuppl\u00e9mentaires appartenant au groupe, que cette modification est justifi\u00e9e par l'\u00e9volution du \np\u00e9rim\u00e8tre juridique et organisationnel du groupe, et qu'elle ne  remet pas en cause les objectifs, les \nmoyens financiers ni les actions pr\u00e9vues par l'accord en faveur de l'emploi des personnes en situation \nde handicap 2023 \u2013 2025 ; \n \nSUR PROPOSITION du directeur de l'unit\u00e9 d\u00e9partementale de Paris,  \n \nARR\u00caTE : \nL'arr\u00eat\u00e9 pr\u00e9fectoral n\u00b0 75-2023-02-23-00016 est modifi\u00e9 comme suit : \nArticle 1er : l'article 1 est modifi\u00e9 comme suit : \nL'avenant de r\u00e9vision de l'accord collectif, conclu le 2 f\u00e9vrier 2024 entre les organisations syndicales \net le groupe PUBLICIS, port\u00e9 par le SIREN 542 080 601 et enregistr\u00e9 sous le num\u00e9ro T07524064610 \nest accept\u00e9. \nLa liste des 25 entreprises (et leur SIREN) couvertes par le pr\u00e9sent agr\u00e9ment, tant que celles -ci \ndemeurent membres du groupe ayant conclu l'accord agr\u00e9\u00e9, figure en annexe du pr\u00e9sent arr\u00eat\u00e9.  \nLe changement de p\u00e9rim\u00e8tre couvre la p\u00e9riode du 1er janvier 2024 au 31 d\u00e9cembre 2025.  \n \nArticle 2 :  Le pr\u00e9sent arr\u00eat\u00e9 peut faire l'objet d'un recours administratif, soit gracieux aupr\u00e8s du \npr\u00e9fet de la r\u00e9gion d'\u00cele-de-France, pr\u00e9fet de Paris, soit hi\u00e9rarchique aupr\u00e8s du ministre du travail et \ndes solidarit\u00e9s, dans les deux mois suivant la notification du pr\u00e9sent arr\u00eat\u00e9. L'absence de r\u00e9ponse de \nl'administration au terme d'un d\u00e9lai de deux mois vaut rejet implicite du recours administratif.  \nUn recours contentieux peut \u00eatre d\u00e9pos\u00e9 aupr\u00e8s du tribunal administratif de Paris, sis 7, rue de Jouy, \n75004 Paris, dans un d\u00e9lai de deux mois \u00e0 partir de la notification du pr\u00e9sent arr\u00eat\u00e9, ou dans un d\u00e9lai \nde deux mois \u00e0 partir du rejet du recours adminis tratif. Le recours contentieux peut \u00eatre d\u00e9pos\u00e9 en \nligne via l'application \u00ab T\u00e9l\u00e9recours citoyens \u00bb accessible par le site internet www.telerecours.fr , par \nvoie postale ou directement au bureau du greffe de la juridiction. \n \nArticle 3 : Le directeur de l'unit\u00e9 d\u00e9partementale de Paris est charg\u00e9 de l'ex\u00e9cution du pr\u00e9sent arr\u00eat\u00e9, \nqui sera publi\u00e9 au recueil des actes administratifs de la pr\u00e9fecture de Paris.  \n \n  \nLe pr\u00e9fet de la r\u00e9gion \u00cele-de-France, \npr\u00e9fet de Paris, et  \npar subd\u00e9l\u00e9gation, \nLe directeur de l'unit\u00e9 d\u00e9partementale \nde Paris, \n \nSign\u00e9 \nLe 07/04/2026 \n \nRiad BOUHFAS \n \n \n \nDirection r\u00e9gionale et interd\u00e9partementale de l'\u00e9conomie, de l'emploi, du travail et des solidarit\u00e9s d'\u00cele-de-France -\n75-2026-04-07-00012 - Arr\u00eat\u00e9 modifiant\nl'arr\u00eat\u00e9 portant agr\u00e9ment de l'accord de groupe d'Accord de groupe  PUBLICIS en faveur des\ntravailleurs handicap\u00e9s\n19\nDRIEETS d'Ile-de-France/ Unit\u00e9 de Paris        page 3 sur 3 \n21 \u2013 23 rue Miollis, 75015 Paris \nhttp://idf.drieets.gouv.fr/paris \n \nANNEXE  \nLISTE DES ENTREPRISES COUVERTES PAR L'ACCORD \n \n \nRaison sociale SIREN \nMULTI MARKET SERVICES FRANCE HOLDINGS 444714786 \nPUBLICIS XP 429125305 \nPRODIGIOUS France 732057062 \nPUBLICIS CONSEIL 304765332 \nPUBLICIS CONSULTANTS France 338519051 \nPUBLICIS FINANCE SERVICES 334149887 \nPUBLICIS GROUPE S.A. 542080601 \nPUBLICIS GROUPE SERVICES 451846968 \nPUBLICIS MEDIA France 421326042 \nPUBLICIS SAPIENT France 403578198 \nPUBLICIS RE 914281357 \nPUBLICISLIVE France 451365803 \nRE:SOURCES France 394274344 \nSERVICES MARKETING DIVERSIFIES 337934483 \nSOCIETE METROPOLITAINE DE PUBLICITE ET D'AFFICHAGE 312665581 \nOLOGIR 819718859 \nWEFCOS 481681823 \nADVANCE MARKETING SERVICES 498042894 \nDRUGSTORE CHAMPS ELYSEES 391517323 \nEPSILON France 330076159 \nINDEPENDANCE MEDIA 337954754 \nMEDIAGARES 503838013 \nMETROBUS 327096426 \nMETROBUS ILE DE France 904816782 \nMSL France 347895096 \n \n \nDirection r\u00e9gionale et interd\u00e9partementale de l'\u00e9conomie, de l'emploi, du travail et des solidarit\u00e9s d'\u00cele-de-France -\n75-2026-04-07-00012 - Arr\u00eat\u00e9 modifiant\nl'arr\u00eat\u00e9 portant agr\u00e9ment de l'accord de groupe d'Accord de groupe  PUBLICIS en faveur des\ntravailleurs handicap\u00e9s\n20\nDirection r\u00e9gionale et interd\u00e9partementale de\nl'\u00e9conomie, de l'emploi, du travail et des\nsolidarit\u00e9s d'\u00cele-de-France\n75-2026-04-07-00013\nArr\u00eat\u00e9 modifiant\nl'arr\u00eat\u00e9 portant agr\u00e9ment de l'accord de groupe\nde l'UES RMC BFM en faveur des\ntravailleurs handicap\u00e9s\nDirection r\u00e9gionale et interd\u00e9partementale de l'\u00e9conomie, de l'emploi, du travail et des solidarit\u00e9s d'\u00cele-de-France -\n75-2026-04-07-00013 - Arr\u00eat\u00e9 modifiant\nl'arr\u00eat\u00e9 portant agr\u00e9ment de l'accord de groupe de l'UES RMC BFM en faveur des\ntravailleurs handicap\u00e9s\n21\nzsPREFETDE PARISLibert\u00e9Egalit\u00e9Fraternit\u00e9\n  Direction r\u00e9gionale  \net interd\u00e9partementale \nde l'\u00e9conomie, de l'emploi, \ndu travail et des solidarit\u00e9s \n \nUnit\u00e9 d\u00e9partementale de Paris \n \n \n \n \nDRIEETS d'Ile-de-France/ Unit\u00e9 de Paris        page 1 sur 3 \n21 \u2013 23 rue Miollis, 75015 Paris \nhttp://idf.drieets.gouv.fr/paris  \n \nARR\u00caT\u00c9 MODIFIANT \n L'ARR\u00caT\u00c9 PORTANT AGR\u00c9MENT DE L'ACCORD DE GROUPE DE L'UES RMC BFM EN FAVEUR DES \nTRAVAILLEURS HANDICAP\u00c9S \n \n \nLE PR\u00c9FET DE LA R\u00c9GION D'ILE-DE-FRANCE, \nPR\u00c9FET DE PARIS, \nCOMMANDEUR DE LA L\u00c9GION D'HONNEUR \nOFFICIER DE L'ORDRE NATIONAL DU M\u00c9RITE \n \n \nVU le code du travail, et notamment les articles L. 5212 -8, R. 5212-12, R. 5212-14, R. 5212-15, R. 5212-\n18 et R. 5212-19 ; \n \nVU le d\u00e9cret du 22 juillet 2020 portant nomination du pr\u00e9fet de la r\u00e9gion d'Ile-de-France, pr\u00e9fet de \nParis (hors classe) \u2013 Monsieur Marc GUILLAUME ; \n \nVU l'arr\u00eat\u00e9 interminist\u00e9riel du 12 ao\u00fbt 2025 nommant Fabrice MASI directeur r\u00e9gional et \ninterd\u00e9partemental de l'\u00e9conomie, de l'emploi, du travail et des solidarit\u00e9s d'\u00cele-de-France \u00e0 compter \ndu 25 ao\u00fbt 2025 ; \n \nVU l'arr\u00eat\u00e9 pr\u00e9fectoral n\u00b0 75-2025-08-27-00005 du 27 ao\u00fbt 2025 par lequel le pr\u00e9fet de Paris d\u00e9l\u00e8gue \nsa signature \u00e0 Monsieur Fabrice MASI, directeur r\u00e9gional et interd\u00e9partemental de l'\u00e9conomie, de \nl'emploi, du travail et des solidarit\u00e9s d'\u00cele-de-France ; \n \nVU l'arr\u00eat\u00e9 interminist\u00e9riel du 15 mai 2025 portant nomination  de Monsieur Riad BOUHAFS sur  \nl'emploi de directeur de l'unit\u00e9 d\u00e9partementale d e Paris de la direction r\u00e9gionale et \ninterd\u00e9partementale de l'\u00e9conomie, de l'emploi, du travail et des solidarit\u00e9s d'\u00cele -de-France ; \n \nVU la d\u00e9cision n\u00b0 2025-160 du 28 ao\u00fbt 2025 portant subd\u00e9l\u00e9gation de signature de Monsieur Fabrice \nMASI, directeur r\u00e9gional et interd\u00e9partemental de l'\u00e9conomie, de l'emploi, du travail et des \nsolidarit\u00e9s d'\u00cele-de-France, \u00e0 Monsieur Riad BOUHAFS, directeur de l'unit\u00e9 d\u00e9partementale de Paris ; \n \nVU l'arr\u00eat\u00e9 portant agr\u00e9ment de l'accord de groupe de l'UES RMC BFM en faveur de travailleurs \nhandicap\u00e9s, d\u00e9pos\u00e9 le 22 d\u00e9cembre 2023 ; \n \nVU l'avenant n\u00b01 de r\u00e9vision de l'accord en faveur de l'emploi des personnes en situation de handicap \n2024 \u2013 2026 du groupe de l'UES RMC BFM, d\u00e9pos\u00e9 le 2 octobre 2024 ; \n \nDirection r\u00e9gionale et interd\u00e9partementale de l'\u00e9conomie, de l'emploi, du travail et des solidarit\u00e9s d'\u00cele-de-France -\n75-2026-04-07-00013 - Arr\u00eat\u00e9 modifiant\nl'arr\u00eat\u00e9 portant agr\u00e9ment de l'accord de groupe de l'UES RMC BFM en faveur des\ntravailleurs handicap\u00e9s\n22\nDRIEETS d'Ile-de-France/ Unit\u00e9 de Paris        page 2 sur 3 \n21 \u2013 23 rue Miollis, 75015 Paris \nhttp://idf.drieets.gouv.fr/paris \nConsid\u00e9rant que l'avenant n\u00b01 de r\u00e9vision vise \u00e0 int\u00e9grer au p\u00e9rim\u00e8tre de l'accord des \u00e9tablissements \nsuppl\u00e9mentaires appartenant au groupe, que cette modification est justifi\u00e9e par l'\u00e9volution du \np\u00e9rim\u00e8tre juridique et organisationnel du groupe, et qu'elle ne remet pas en cause les objec tifs, les \nmoyens financiers ni les actions pr\u00e9vues par l'accord en faveur de l'emploi des personnes en situation \nde handicap 2024\u20132026. \n \nSUR PROPOSITION du directeur de l'unit\u00e9 d\u00e9partementale de Paris,  \n \nARR\u00caTE : \nL'arr\u00eat\u00e9 pr\u00e9fectoral n\u00b0 75-2024-07-04-00017 est modifi\u00e9 comme suit : \nArticle 1er : l'article 1 est modifi\u00e9 comme suit : \nL'avenant n\u00b0 1 de r\u00e9vision de l'accord collectif, conclu le 13 septembre 2024 entre les organisations \nsyndicales et le groupe de l'UES  RMC BFM , port\u00e9 par le SIREN 812 746 568 et enregistr\u00e9 sous le \nnum\u00e9ro T07524070796 est accept\u00e9. \nLa liste des 20 entreprises (et leur SIREN) couvertes par le pr\u00e9sent agr\u00e9ment, tant que celles -ci \ndemeurent membres du groupe ayant conclu l'accord agr\u00e9\u00e9, figure en annexe du pr\u00e9sent arr\u00eat\u00e9. \nLe changement de p\u00e9rim\u00e8tre couvre la p\u00e9riode du 1 er janvier 2025 au 31 d\u00e9cembre 2026. \n \nArticle 2 :  Le pr\u00e9sent arr\u00eat\u00e9 peut faire l'objet d'un recours administratif, soit gracieux aupr\u00e8s du \npr\u00e9fet de la r\u00e9gion d'\u00cele-de-France, pr\u00e9fet de Paris, soit hi\u00e9rarchique aupr\u00e8s du ministre du travail et \ndes solidarit\u00e9s, dans les deux mois suivant la notification du pr\u00e9sent arr\u00eat\u00e9. L'absence de r\u00e9ponse de \nl'administration au terme d'un d\u00e9lai de deux mois vaut rejet implicite du recours administratif.  \nUn recours contentieux peut \u00eatre d\u00e9pos\u00e9 aupr\u00e8s du tribunal administratif de Paris, sis 7, rue de Jouy, \n75004 Paris, dans un d\u00e9lai de deux mois \u00e0 partir de la notification du pr\u00e9sent arr\u00eat\u00e9, ou dans un d\u00e9lai \nde deux mois \u00e0 partir du rejet du recours adminis tratif. Le recours contentieux peut \u00eatre d\u00e9pos\u00e9 en \nligne via l'application \u00ab T\u00e9l\u00e9recours citoyens \u00bb accessible par le site internet www.telerecours.fr , par \nvoie postale ou directement au bureau du greffe de la juridiction. \n \nArticle 3 : Le directeur de l'unit\u00e9 d\u00e9partementale de Paris est charg\u00e9 de l'ex\u00e9cution du pr\u00e9sent arr\u00eat\u00e9, \nqui sera publi\u00e9 au recueil des actes administratifs de la pr\u00e9fecture de Paris.  \n \n  \n \nLe pr\u00e9fet de la r\u00e9gion \u00cele-de-France, \npr\u00e9fet de Paris, et  \npar subd\u00e9l\u00e9gation, \nLe directeur de l'unit\u00e9 d\u00e9partementale \nde Paris, \nSign\u00e9 \nLe 07/04/2026 \n \n \nRiad BOUHAFS \n \n \n \nDirection r\u00e9gionale et interd\u00e9partementale de l'\u00e9conomie, de l'emploi, du travail et des solidarit\u00e9s d'\u00cele-de-France -\n75-2026-04-07-00013 - Arr\u00eat\u00e9 modifiant\nl'arr\u00eat\u00e9 portant agr\u00e9ment de l'accord de groupe de l'UES RMC BFM en faveur des\ntravailleurs handicap\u00e9s\n23\nDRIEETS d'Ile-de-France/ Unit\u00e9 de Paris        page 3 sur 3 \n21 \u2013 23 rue Miollis, 75015 Paris \nhttp://idf.drieets.gouv.fr/paris \n \nANNEXE  \nLISTE DES ENTREPRISES COUVERTES PAR L'ACCORD \n \n \nALTICE MEDIA 812 746 568 \nAZUR TV 790 322 291 \nBFM ALSACE 502 565 732 \nBFM LYON METROPOLE 348 666 751 \nBFM NORMANDIE 528 891 427 \nBFM PARIS 523 874 394 \nBFM TV 482 672 714 \nBUSINESS BFM 433 737 343 \nD!CI TV 789 960 028 \nDIVERSITE TV FRANCE 750 978 645 \nGRAND LILLE TV 511 324 303 \nLE STUDIO NEXT 529 194 284 \nNEXT MEDIA SOLUTIONS 490 746 112 \nNEXT INTERACTIVE 311 243 794 \nNEXT PROD 811 542 430 \nNEXT RADIO TV 433 671 054 \nRMC 788 185 288 \nRMC DECOUVERTE 529 194 797 \nRMC PRODUCTION 829 605 187 \nRMC SPORT 505 374 728 \nDirection r\u00e9gionale et interd\u00e9partementale de l'\u00e9conomie, de l'emploi, du travail et des solidarit\u00e9s d'\u00cele-de-France -\n75-2026-04-07-00013 - Arr\u00eat\u00e9 modifiant\nl'arr\u00eat\u00e9 portant agr\u00e9ment de l'accord de groupe de l'UES RMC BFM en faveur des\ntravailleurs handicap\u00e9s\n24\nPr\u00e9fecture de Police\n75-2026-04-07-00007\nArr\u00eat\u00e9 n\u00b0 2026-00395 instituant un p\u00e9rim\u00e8tre de\nprotection et diff\u00e9rentes mesures de police \u00e0\nl'occasion de la 29\u00e8me journ\u00e9e du championnat\nde France de football de Ligue 1 au stade Jean\nBouin le vendredi 10 avril 2026\nPr\u00e9fecture de Police - 75-2026-04-07-00007 - Arr\u00eat\u00e9 n\u00b0 2026-00395 instituant un p\u00e9rim\u00e8tre de protection et diff\u00e9rentes mesures de\npolice \u00e0 l'occasion de la 29\u00e8me journ\u00e9e du championnat de France de football de Ligue 1 au stade Jean Bouin le vendredi 10 avril 2026 25\nPREFECTURE (ap>DE POLICELibert\u00e9 \u00e0 4Egalit\u00e9Fraternit\u00e9\nCABINET DU PREFET\nArr\u00eat\u00e9 n\u00b0 2026-00395\ninstituant un p\u00e9rim\u00e8tre de protection et diff\u00e9rentes mesures de police \u00e0 l'occasion de la \n29\u00e8me journ\u00e9e du championnat de France de football de Ligue 1 au stade Jean Bouin le \nvendredi 10 avril 2026\nLe pr\u00e9fet de police,\nVu  le  code  g\u00e9n\u00e9ral  des  collectivit\u00e9s  territoriales,  notamment  ses  articles  L.  2215-1,  \nL. 2512-13 et L. 2512-14 ;\nVu le code p\u00e9nal\u00a0;\nVu le code de proc\u00e9dure p\u00e9nale\u00a0;\nVu le code la route, notamment son article L. 411-2\u00a0;\nVu le code rural et de la p\u00eache maritime, notamment ses articles L. 211-11 et L.\u00a0211\u00a0-12\u00a0;\nVu le code de la s\u00e9curit\u00e9 int\u00e9rieure, notamment ses articles L. 122-1, L. 122-2 , \u00a0L.\u00a0226-1, \nL.\u00a0611-1 et L. 613-2\u00a0;\nVu le d\u00e9cret n\u00b0 2004-374 du 29 avril 2004 modifi\u00e9 relatif aux pouvoirs des pr\u00e9fets, \u00e0  \nl'organisation  et  \u00e0  l'action  des  services  de  l'Etat  dans  les  r\u00e9gions  et  d\u00e9partements,  \nnotamment ses articles 70, 72, et 73 ;\nVu le d\u00e9cret du 22 octobre 2025 par lequel M. Patrice FAURE, administrateur de l'Etat du  \ntroisi\u00e8me grade, directeur de cabinet du Pr\u00e9sident de la R\u00e9publique, est nomm\u00e9 pr\u00e9fet de  \npolice (groupe I), \u00e0 compter du 23 octobre 2025\u00a0;\nConsid\u00e9rant  que,  en  application  des  articles  L.122-1  et  L.  122-2  du  code  de  s\u00e9curit\u00e9  \nint\u00e9rieure et 72 et 73 du d\u00e9cret du 29 avril 2004 susvis\u00e9, le pr\u00e9fet de police a la charge de  \nl'ordre public, notamment la pr\u00e9vention des atteintes \u00e0 la s\u00e9curit\u00e9 des personnes et des  \nbiens, dans les d\u00e9partements de Paris et des Hauts-de-Seine ;\nConsid\u00e9rant  que,  en  application  du  3\u00b0  de  l'article  L.  2215-1  du  code  g\u00e9n\u00e9ral  des  \ncollectivit\u00e9s  territoriales,  le  repr\u00e9sentant  de  l'Etat  dans  le  d\u00e9partement  est  seul  \ncomp\u00e9tent pour prendre les mesures relatives \u00e0 l'ordre, \u00e0 la s\u00fbret\u00e9, \u00e0 la s\u00e9curit\u00e9 et \u00e0 la  \nsalubrit\u00e9 publiques, dont le champ d'application exc\u00e8de le territoire d'une commune \u00a0; \nque, conform\u00e9ment \u00e0 l'article 73 du d\u00e9cret du 29 avril 2004 susvis\u00e9, le pr\u00e9fet de police  \nexerce dans le d\u00e9partement des Hauts-de-Seine les attributions d\u00e9volues au repr\u00e9sentant  \nde l'Etat dans le d\u00e9partement par l'article L. 2215-1 ;\nConsid\u00e9rant que, en application de l'article L. 226-1 du code de la s\u00e9curit\u00e9 int\u00e9rieure, le  \npr\u00e9fet de police peut, en vue d'assurer la s\u00e9curit\u00e9 d'un lieu ou d'un \u00e9v\u00e9nement expos\u00e9 \u00e0  \nun risque d'actes de terrorisme \u00e0 raison de sa nature et de l'ampleur de sa fr\u00e9quentation,  \ninstituer  par  arr\u00eat\u00e9  motiv\u00e9  un  p\u00e9rim\u00e8tre  de  protection  au  sein  duquel  l'acc\u00e8s  et  la  \ncirculation des personnes sont r\u00e9glement\u00e9s \u00a0; que cet arr\u00eat\u00e9 peut autoriser les agents  \n1\nPr\u00e9fecture de Police - 75-2026-04-07-00007 - Arr\u00eat\u00e9 n\u00b0 2026-00395 instituant un p\u00e9rim\u00e8tre de protection et diff\u00e9rentes mesures de\npolice \u00e0 l'occasion de la 29\u00e8me journ\u00e9e du championnat de France de football de Ligue 1 au stade Jean Bouin le vendredi 10 avril 2026 26\nmentionn\u00e9s  aux  2\u00b0  \u00e0  4\u00b0  de  l'article  16  du  code  de  proc\u00e9dure  p\u00e9nale  et,  sous  la  \nresponsabilit\u00e9 de ces agents,  ceux mentionn\u00e9s \u00e0 l'article 20 et aux 1\u00b0, 1\u00b0bis et 1\u00b0ter de  \nl'article 21 du m\u00eame code \u00e0 proc\u00e9der,  au sein d'un p\u00e9rim\u00e8tre de protection, avec le  \nconsentement  des  personnes  faisant  l'objet  de  ces  v\u00e9rifications,  \u00e0  des  palpations  de  \ns\u00e9curit\u00e9 ainsi qu'\u00e0 l'inspection visuelle et \u00e0 la fouille des bagages, ainsi qu'\u00e0 la visite des  \nv\u00e9hicules susceptibles de p\u00e9n\u00e9trer au sein de ce p\u00e9rim\u00e8tre \u00a0; qu'aux termes de l'article 73  \ndu d\u00e9cret du 29 avril 2004 susvis\u00e9, le pr\u00e9fet de police exerce dans le d\u00e9partement des  \nHauts-de-Seine les attributions d\u00e9volues au repr\u00e9sentant de l'Etat dans le d\u00e9partement  \npar l'article L. 226-1 du code de la s\u00e9curit\u00e9 int\u00e9rieure\u00a0;\nConsid\u00e9rant que, en application de l'article L. 613-2 du code de la s\u00e9curit\u00e9 int\u00e9rieure, les  \npersonnes physiques exer\u00e7ant l'activit\u00e9 mentionn\u00e9e au 1\u00b0 de l'article L. 611-1 du m\u00eame code \npeuvent, lorsqu'un p\u00e9rim\u00e8tre de protection a \u00e9t\u00e9 institu\u00e9 en application de l'article L.\u00a0226-1 \ndu m\u00eame code, proc\u00e9der, avec le consentement expr\u00e8s des personnes, \u00e0 des palpations  \nde s\u00e9curit\u00e9 ;\nConsid\u00e9rant que se tiendra, le vendredi 10 avril 2026 \u00e0 19h00, un match de football pour  \nle compte de la 29\u00e8me journ\u00e9e du championnat de football de Ligue 1 au stade Jean Bouin \u00e0 \nParis 16\u00e8me, qui opposera les \u00e9quipes du Paris Football Club (Paris FC) et de l'Association \nsportive  de  Monaco  Football  Club  (AS  Monaco) \u00a0;  qu'\u00e0  cette  occasion,  un  nombre  \nimportant  de  supporters  ainsi  que des  personnalit\u00e9s  seront  pr\u00e9sents  aux abords  et  \u00e0  \nl'int\u00e9rieur du stade \u00a0; que dans le contexte actuel de menace tr\u00e8s \u00e9lev\u00e9e, cette rencontre  \nsportive est susceptible de constituer une cible privil\u00e9gi\u00e9e et symbolique pour des actes  \nde nature terroriste\u00a0;\nConsid\u00e9rant que plusieurs attentats ou tentatives d'attentats r\u00e9cents traduisent le niveau  \n\u00e9lev\u00e9  de  la  menace  terroriste  actuelle  en  France  dans  le  cadre  du  plan  VIGIPIRATE  \n\u00ab\u00a0urgence attentat \u00bb en vigueur sur l'ensemble du territoire national depuis le 24 mars  \n2024\u00a0;\nConsid\u00e9rant qu'il appartient \u00e0 l'autorit\u00e9 de police comp\u00e9tente de prendre les mesures  \nadapt\u00e9es, n\u00e9cessaires et proportionn\u00e9es visant \u00e0 garantir la s\u00e9curit\u00e9 des personnes et des  \nbiens  pendant  cet  \u00e9v\u00e8nement \u00a0;  que  la  mise  en  place  d'un  p\u00e9rim\u00e8tre  de  protection  \ncomprenant diff\u00e9rentes mesures de police \u00e0 l'occasion du match de Ligue 1 entre le Paris  \nFC et l'AS Monaco au stade Jean Bouin \u00e0 Paris 16 \u00e8me le vendredi 10 avril 2026 r\u00e9pond \u00e0 ces  \nobjectifs\u00a0;\nARRETE :\nTITRE PREMIER\nINSTITUTION D'UN P\u00c9RIM\u00c8TRE DE PROTECTION  \nArticle 1 er \u2013 Le vendredi 10 avril 2026 de 16h00 \u00e0 22h00 est institu\u00e9 un p\u00e9rim\u00e8tre de  \nprotection au sein duquel l'acc\u00e8s et la circulation des personnes sont r\u00e9glement\u00e9s dans les \nconditions fix\u00e9es par le pr\u00e9sent arr\u00eat\u00e9.\nArticle  2  \u2013 Le  p\u00e9rim\u00e8tre  de  protection  institu\u00e9  par  l'article  1 er du  pr\u00e9sent  arr\u00eat\u00e9  est  \nd\u00e9limit\u00e9 selon la cartographie en annexe.\nArticle 3 \u2013 Les points d'acc\u00e8s au p\u00e9rim\u00e8tre, sur lesquels des dispositifs de pr\u00e9-filtrage et de \nfiltrage sont mis en place, sont situ\u00e9s\u00a0:\n- \u00e0 l'angle form\u00e9 par l'avenue du G\u00e9n\u00e9ral-Sarrail, la rue Raffa\u00eblli (c\u00f4t\u00e9 impair) et l'all\u00e9e  \nCharles Brennus \u00e0 Paris 16\u00e8me ;\n2026-00395 2\nPr\u00e9fecture de Police - 75-2026-04-07-00007 - Arr\u00eat\u00e9 n\u00b0 2026-00395 instituant un p\u00e9rim\u00e8tre de protection et diff\u00e9rentes mesures de\npolice \u00e0 l'occasion de la 29\u00e8me journ\u00e9e du championnat de France de football de Ligue 1 au stade Jean Bouin le vendredi 10 avril 2026 27\n- rue Lecomte du No\u00fcy \u00e0 Paris 16\u00e8me\u00a0;\n- avenue du Parc des Princes \u00e0 Paris 16\u00e8me \u00e0 hauteur de la rue de l'Arioste\u00a0;\n- \u00e0  l'angle  form\u00e9  par  la  rue  du  Parc  \u00e0  Boulogne-Billancourt  (92)  et  la  rue  du  \nCommandant Guilbaud \u00e0 Paris 16\u00e8me\u00a0;\n- place de l'Europe \u00e0 Boulogne-Billancourt (92), dans sa partie comprise entre la rue  \nMarcel Loyau \u00e0 Boulogne-Billancourt (92) et le rond-point de la place de l'Europe \u00e0  \nParis 16\u00e8me\u00a0;\n- \u00e0  l'angle  form\u00e9  par  la  rue  Joseph  Bernard  et  la  rue  de  la  Tourelle  \u00e0  Boulogne-\nBillancourt (92)\u00a0;\n- \u00e0 l'angle form\u00e9 par la rue Nungesser et Coli et l'avenue de la Porte Molitor \u00e0 Paris  \n16\u00e8me\u00a0.\nTITRE II\nMESURES DE POLICE APPLICABLES \u00c0 L'INT\u00c9RIEUR DU P\u00c9RIM\u00c8TRE DE PROTECTION\nArticle 4 \u2013 Dans le p\u00e9rim\u00e8tre institu\u00e9 et durant la p\u00e9riode mentionn\u00e9e par l'article 1 er, les \nmesures suivantes sont applicables\u00a0:\n1\u00b0 Mesures applicables aux usagers de la voie publique\u00a0:\na) Sont interdits\u00a0:\n- Tout rassemblement de nature revendicative ;\n-  Le  port,  le  transport  et  l'utilisation  des  artifices  de  divertissement,  des  articles  \npyrotechniques, des armes \u00e0 feu, y compris factices, et des munitions, ainsi que de  \ntous objets susceptibles de constituer une arme au sens de l'article 132-75 du code  \np\u00e9nal  ou  pouvant  servir  de  projectile  pr\u00e9sentant  un  danger  pour  la  s\u00e9curit\u00e9  des  \npersonnes et des biens\u00a0;\n- L'acc\u00e8s des animaux dangereux au sens des articles L. 211-11 et suivants du code rural  \net de la p\u00eache maritime, en particulier les chiens des 1\u00e8re et 2\u00e8me cat\u00e9gories\u00a0;\nb) Les  personnes ont l'obligation, pour acc\u00e9der par les points de pr\u00e9-filtrage et de  \nfiltrage pr\u00e9vus \u00e0 l'article 3 ou circuler \u00e0 l'int\u00e9rieur du p\u00e9rim\u00e8tre, de se soumettre, \u00e0 la  \ndemande  des  agents  autoris\u00e9s  par  le  pr\u00e9sent  arr\u00eat\u00e9  \u00e0  proc\u00e9der  \u00e0  ces  v\u00e9rifications,  \u00e0 \nl'inspection visuelle des bagages et \u00e0 leur fouille, ainsi qu'\u00e0 des palpations de s\u00e9curit\u00e9 et,  \nexclusivement par des officiers de police judiciaire et, sous leur responsabilit\u00e9, par des  \nagents  de  police  judiciaire  et  agents  de  police  judiciaire  adjoints,  \u00e0  la  visite  de  leur  \nv\u00e9hicule\u00a0;\nc)  Les  personnes  qui,  pour  des  raisons  professionnelles,  de  r\u00e9sidence  ou  familiales  \ndoivent acc\u00e9der \u00e0 l'int\u00e9rieur du p\u00e9rim\u00e8tre de protection et y circuler, sont invit\u00e9es \u00e0 se  \nsignaler aupr\u00e8s de l'autorit\u00e9 de police sur place afin de pouvoir faire l'objet d'une mesure  \nde filtrage adapt\u00e9e\u00a0;\n2\u00b0 Mesures accordant des comp\u00e9tences suppl\u00e9mentaires aux personnels charg\u00e9s de la  \ns\u00e9curit\u00e9\u00a0:\n- Les officiers de police judiciaire mentionn\u00e9s aux 2\u00b0 \u00e0 4\u00b0 de l'article 16 du code de  \nproc\u00e9dure  p\u00e9nale  et,  sous  leur  responsabilit\u00e9,  les  agents  de  police  judiciaire  \nmentionn\u00e9s  \u00e0  l'article  20  du  m\u00eame  code  sont  autoris\u00e9s  \u00e0  proc\u00e9der,  avec  le  \nconsentement des personnes faisant l'objet de ces v\u00e9rifications, \u00e0 des palpations de  \n2026-00395 3\nPr\u00e9fecture de Police - 75-2026-04-07-00007 - Arr\u00eat\u00e9 n\u00b0 2026-00395 instituant un p\u00e9rim\u00e8tre de protection et diff\u00e9rentes mesures de\npolice \u00e0 l'occasion de la 29\u00e8me journ\u00e9e du championnat de France de football de Ligue 1 au stade Jean Bouin le vendredi 10 avril 2026 28\ns\u00e9curit\u00e9, \u00e0 l'inspection visuelle des bagages et \u00e0 leur fouille, ainsi qu'\u00e0 la visite des  \nv\u00e9hicules\u00a0;\n- Les personnes exer\u00e7ant l'activit\u00e9 mentionn\u00e9e au 1\u00b0 de l'article L. 611-1 du code de la  \ns\u00e9curit\u00e9  int\u00e9rieure  peuvent,  aux  points  de  filtrage,  proc\u00e9der,  sous  l'autorit\u00e9  des  \nofficiers de police judiciaire et aupr\u00e8s des agents de police judiciaire qu'ils assistent et  \navec le consentement expr\u00e8s des personnes, outre \u00e0 l'inspection visuelle des bagages  \net \u00e0 leur fouille, \u00e0 des palpations de s\u00e9curit\u00e9.\nArticle 5 \u2013 Sans pr\u00e9judice des sanctions p\u00e9nales auxquelles s'exposent les personnes en  \ninfraction avec les dispositions du pr\u00e9sent titre,  celles qui refusent de se soumettre \u00e0  \nl'inspection visuelle de leurs bagages \u00e0 main, \u00e0 leur fouille, \u00e0 des palpations de s\u00e9curit\u00e9 ou \n\u00e0 la visite de leur v\u00e9hicule  peuvent se voir interdire l'acc\u00e8s au p\u00e9rim\u00e8tre institu\u00e9 par  \nl'article 1er ou \u00eatre conduites \u00e0 l'ext\u00e9rieur de celui-ci.\nTITRE III\nDISPOSITIONS FINALES\nArticle 6 \u2013 Les mesures pr\u00e9vues par le pr\u00e9sent arr\u00eat\u00e9 peuvent \u00eatre lev\u00e9es et r\u00e9tablies sur  \nd\u00e9cision du repr\u00e9sentant sur place de l'autorit\u00e9 de police, en fonction de l'\u00e9volution de la  \nsituation.\nArticle 7  \u2013 Le pr\u00e9fet des Hauts-de-Seine, le pr\u00e9fet, directeur de cabinet du pr\u00e9fet de  \npolice, le directeur de l'ordre public et de la circulation et le directeur de la s\u00e9curit\u00e9 de  \nproximit\u00e9 de l'agglom\u00e9ration parisienne sont charg\u00e9s, chacun en ce qui le concerne, de  \nl'ex\u00e9cution  du  pr\u00e9sent  arr\u00eat\u00e9  qui  sera  publi\u00e9  aux  recueils  des  actes  administratifs  du \nd\u00e9partement de la Paris et de la pr\u00e9fecture des Hauts-de-Seine, consultable sur le site  \ninternet  de  la  pr\u00e9fecture  de  police  ( https://www.prefecturedepolice.interieur.gouv.fr), \ntransmis aux procureurs de la R\u00e9publique pr\u00e8s les tribunaux judiciaires de Paris et de  \nNanterre et communiqu\u00e9 aux maires de Paris et de Boulogne-Billancourt.\nFait \u00e0 Paris, le 7 avril 2026\nSIGN\u00c9\nPour le pr\u00e9fet de police\nLe pr\u00e9fet, directeur du cabinet, \nBaptiste ROLLAND\n2026-00395 4\nPr\u00e9fecture de Police - 75-2026-04-07-00007 - Arr\u00eat\u00e9 n\u00b0 2026-00395 instituant un p\u00e9rim\u00e8tre de protection et diff\u00e9rentes mesures de\npolice \u00e0 l'occasion de la 29\u00e8me journ\u00e9e du championnat de France de football de Ligue 1 au stade Jean Bouin le vendredi 10 avril 2026 29\nAnnexe de l'arr\u00eat\u00e9 n\u00b0 2026-00395 du 7 avril 2026\nVOIES ET DELAIS DE RECOURS\n_______________________\nSi vous estimez devoir contester le pr\u00e9sent arr\u00eat\u00e9, il vous est possible, dans un  \nd\u00e9lai de deux mois \u00e0 compter de son affichage ou de sa publication au recueil des actes  \nadministratifs du d\u00e9partement de Paris :\n-  soit de saisir d'un RECOURS GRACIEUX\nle Pr\u00e9fet de Police\n7/9, boulevard du Palais - 75195 PARIS RP\n- ou de former un RECOURS HIERARCHIQUE\n  aupr\u00e8s du Ministre de l'int\u00e9rieur\n  Direction des libert\u00e9s publiques et des affaires juridiques\n  place Beauvau - 75008 PARIS\n- soit de saisir d'un RECOURS CONTENTIEUX\nle Tribunal administratif comp\u00e9tent\nAucune de ces voies et recours ne suspend l'application de la pr\u00e9sente d\u00e9cision.\nLes  recours  GRACIEUX  et  HIERARCHIQUE  doivent  \u00eatre  \u00e9crits,  exposer  les  \narguments ou faits nouveaux et comprendre la copie de l'arr\u00eat\u00e9 contest\u00e9.\nLe  recours  CONTENTIEUX,  qui  vise  \u00e0  contester  la  LEGALITE  de  la  pr\u00e9sente  \nd\u00e9cision, doit \u00e9galement \u00eatre \u00e9crit et exposer votre argumentation juridique.\nSi vous n'aviez pas de r\u00e9ponse \u00e0 votre recours GRACIEUX ou HIERARCHIQUE  \ndans un d\u00e9lai de deux mois \u00e0 compter de la r\u00e9ception de votre recours par l'administration, \nvotre demande devra \u00eatre consid\u00e9r\u00e9e comme rejet\u00e9e (d\u00e9cision implicite de rejet).\nEn  cas  de  rejet  des  recours  GRACIEUX  ou  HIERARCHIQUE,  le  Tribunal  \nadministratif peut \u00eatre saisi d'un recours contentieux dans le d\u00e9lai de deux mois \u00e0 compter  \nde la date de la d\u00e9cision de rejet.\n2026-00395 5\nPr\u00e9fecture de Police - 75-2026-04-07-00007 - Arr\u00eat\u00e9 n\u00b0 2026-00395 instituant un p\u00e9rim\u00e8tre de protection et diff\u00e9rentes mesures de\npolice \u00e0 l'occasion de la 29\u00e8me journ\u00e9e du championnat de France de football de Ligue 1 au stade Jean Bouin le vendredi 10 avril 2026 30\nFMure ae. DIRECTION DEDE POLICE 8 L'ORDRE PUBLICLibert\u00e9ue ET DE LA CIRCULATION\nGarros\nROUTE DE LA Reine cata\nROE DE TEST\noe\n'lag\u00a3#\niiae\n\\\ni\nwi\nyee\u20acsi\nReSOUTE OAUTEU aux Lacs,A Biers.\n* PUACEDELAPORTE D'AUTEUIL. Porte d'Auteuil\nDuvano BNWsg0nrud 530\nPorte de'Saint-Ck yann auvazinoga =yan UVATINOS\nPLACE DE LA PORTE MOLITOR\na |camers&\nLAPORTEJE SAINT-CLOUD\n2.\n%4\nTREsayspnsse VOLTAIRE\n2026-00395 6\nPr\u00e9fecture de Police - 75-2026-04-07-00007 - Arr\u00eat\u00e9 n\u00b0 2026-00395 instituant un p\u00e9rim\u00e8tre de protection et diff\u00e9rentes mesures de\npolice \u00e0 l'occasion de la 29\u00e8me journ\u00e9e du championnat de France de football de Ligue 1 au stade Jean Bouin le vendredi 10 avril 2026 31\nPr\u00e9fecture de Police\n75-2026-04-07-00008\nArr\u00eat\u00e9 n\u00b0 2026-00396 autorisant la captation,\nl'enregistrement et la transmission d'images au\nmoyen de cam\u00e9ras install\u00e9es sur des a\u00e9ronefs \u00e0\nl'occasion de la 29\u00e8me journ\u00e9e du championnat\nde France de football de Ligue 1 au stade Jean\nBouin le vendredi 10 avril 2026\nPr\u00e9fecture de Police - 75-2026-04-07-00008 - Arr\u00eat\u00e9 n\u00b0 2026-00396 autorisant la captation, l'enregistrement et la transmission\nd'images au moyen de cam\u00e9ras install\u00e9es sur des a\u00e9ronefs \u00e0 l'occasion de la 29\u00e8me journ\u00e9e du championnat de France de football de\nLigue 1 au stade Jean Bouin le vendredi 10 avril 2026\n32\nExPREFECTUREDE POLICELibert\u00e9Egalit\u00e9Fraternit\u00e9\nniqGi\nCABINET DU PREFET\nArr\u00eat\u00e9 n\u00b0 2026-00396\nautorisant la captation, l'enregistrement et la transmission d'images au moyen de cam\u00e9ras \ninstall\u00e9es sur des a\u00e9ronefs \u00e0 l'occasion de la 29\u00e8me journ\u00e9e du championnat de France de \nfootball de Ligue 1 au stade Jean Bouin le vendredi 10 avril 2026\nLe pr\u00e9fet de police,\nVu le code de la s\u00e9curit\u00e9 int\u00e9rieure, notamment ses articles L. 242-1 \u00e0 L. \u00a0242-8 et R. \u00a0242-8 \u00e0 \nR.\u00a0242-15 ;\nVu  le  d\u00e9cret  n\u00b0  2004-374  du  29  avril  2004  modifi\u00e9  relatif  aux  pouvoirs  des  pr\u00e9fets,  \u00e0  \nl'organisation  et  \u00e0  l'action  des  services  de  l'Etat  dans  les  r\u00e9gions  et  d\u00e9partements,  \nnotamment ses articles 70, 72 et 73 ;\nVu l'arr\u00eat\u00e9 du 19 avril 2023 relatif au nombre maximal de cam\u00e9ras install\u00e9es sur des a\u00e9ronefs  \npouvant \u00eatre simultan\u00e9ment utilis\u00e9es dans chaque d\u00e9partement et collectivit\u00e9 d'outre-mer\u00a0;\nVu l'instruction minist\u00e9rielle NOR IOMD2311883J du 30 avril 2023 relative \u00e0 la proc\u00e9dure  \nd'autorisation  des  cam\u00e9ras  install\u00e9es  sur  des  a\u00e9ronefs  pour  des  missions  de  police  \nadministrative\u00a0;\nVu le d\u00e9cret du 22 octobre 2025 par lequel M. Patrice FAURE, administrateur de l'Etat du  \ntroisi\u00e8me grade, directeur de cabinet du Pr\u00e9sident de la R\u00e9publique, est nomm\u00e9 pr\u00e9fet de  \npolice (groupe I), \u00e0 compter du 23 octobre 2025\u00a0;\nVu la demande en date du 31 mars 2026  form\u00e9e par la direction de l'ordre public et de la  \ncirculation  visant  \u00e0  obtenir  l'autorisation  de  capter,  d'enregistrer  et  de  transmettre  des \nimages au moyen de deux cam\u00e9ras install\u00e9es sur des a\u00e9ronefs t\u00e9l\u00e9-pilot\u00e9s afin d'assurer la  \npr\u00e9vention  des  atteintes  \u00e0  la  s\u00e9curit\u00e9  des  personnes  et  des  biens,  la  s\u00e9curit\u00e9  des  \nrassemblements,  la  pr\u00e9vention  d'actes  de  terrorisme  ainsi  que  la  r\u00e9gulation  des  flux  de \ntransport \u00e0 l'occasion de la 29\u00e8me journ\u00e9e du championnat de France de football de Ligue 1 le  \nvendredi 10 avril 2026 au stade Jean Bouin \u00e0 Paris 16\u00e8me\u00a0;\nConsid\u00e9rant que les dispositions du I de l'article L. 242-5 du code de la s\u00e9curit\u00e9 int\u00e9rieure  \npermettent aux forces de s\u00e9curit\u00e9 int\u00e9rieure, dans l'exercice de leurs missions de pr\u00e9vention  \ndes atteintes \u00e0 l'ordre public et de protection de la s\u00e9curit\u00e9 des personnes et des biens, de  \nproc\u00e9der  \u00e0  la  captation,  \u00e0  l'enregistrement  et  \u00e0  la  transmission  d'images  au  moyen  de  \ncam\u00e9ras install\u00e9es sur des a\u00e9ronefs aux fins d'assurer la pr\u00e9vention des atteintes \u00e0 la s\u00e9curit\u00e9  \ndes  personnes  et  des  biens  dans  des  lieux  particuli\u00e8rement  expos\u00e9s,  la  s\u00e9curit\u00e9  des  \nrassemblements de personnes sur la voie publique ainsi que l'appui des personnels au sol, en  \nvue de leur permettre de maintenir ou de r\u00e9tablir l'ordre public lorsque ces rassemblements  \nsont susceptibles d'entra\u00eener des troubles graves \u00e0 l'ordre public, la pr\u00e9vention d'actes de  \nterrorisme et la r\u00e9gulation des flux de transport\u00a0;\n1\nPr\u00e9fecture de Police - 75-2026-04-07-00008 - Arr\u00eat\u00e9 n\u00b0 2026-00396 autorisant la captation, l'enregistrement et la transmission\nd'images au moyen de cam\u00e9ras install\u00e9es sur des a\u00e9ronefs \u00e0 l'occasion de la 29\u00e8me journ\u00e9e du championnat de France de football de\nLigue 1 au stade Jean Bouin le vendredi 10 avril 2026\n33\nConsid\u00e9rant que se tiendra, le vendredi 10 avril 2026 \u00e0 19h00, un match de football pour le  \ncompte de la 29\u00e8me journ\u00e9e du championnat de football de Ligue 1 au stade Jean Bouin \u00e0 Paris \n16 \u00e8me, qui opposera les \u00e9quipes du Paris Football Club (Paris FC) et l'Association sportive de  \nMonaco  Football  Club  (AS  Monaco)  ;  qu'\u00e0  cette  occasion,  un  nombre  important  de  \nsupporters ainsi que des personnalit\u00e9s seront pr\u00e9sents aux abords et \u00e0 l'int\u00e9rieur du stade \u00a0; \nque 19 000 spectateurs y sont attendus  ; qu'il convient \u00e0 ce titre d'assurer la s\u00e9curit\u00e9 des  \npersonnes, des biens et des rassemblements, ainsi que la r\u00e9gulation des flux de transport et  \nde pr\u00e9venir les troubles \u00e0 l'ordre public ;\nConsid\u00e9rant \u00e9galement que plusieurs attentats ou tentatives d'attentats r\u00e9cents traduisent le \nniveau \u00e9lev\u00e9 de la menace terroriste actuelle en France , dans le cadre du plan VIGIPIRATE  \n\u00ab\u00a0urgence attentat\u00a0\u00bb en vigueur sur l'ensemble du territoire national \u00a0; que cette rencontre  \nsportive est susceptible de constituer une cible privil\u00e9gi\u00e9e et symbolique pour des actes de  \nnature terroriste\u00a0;\nConsid\u00e9rant,  en  outre,  qu'au-del\u00e0  de  la  seule  s\u00e9curisation  du  match  qui  fait  l'objet  de  \nmesures de police sur le fondement de l'article L. \u00a0226-1 du code de la s\u00e9curit\u00e9 int\u00e9rieure et  \npour lequel un service d'ordre est mis en place par la direction de l'ordre public et de la  \ncirculation, il est n\u00e9cessaire de disposer d'un moyen de surveillance permettant de s\u00e9curiser  \nla voie publique en amont et  en aval de cet \u00e9v\u00e8nement  pour  pr\u00e9venir  ou mettre fin \u00e0  \nd'\u00e9ventuelles  rixes  entre  spectateurs  et  personnes,  \u00e0  des  atteintes  \u00e0  la  s\u00e9curit\u00e9  des  \npersonnes et des biens, se pr\u00e9munir contre d'\u00e9ventuels actes terroristes et \u00a0r\u00e9guler les flux de \ntransport autour de l'enceinte jusqu'\u00e0 l'\u00e9vacuation totale des spectateurs \u00e0 l'issue de la  \nrencontre\u00a0;\nConsid\u00e9rant que le recours \u00e0 des cam\u00e9ras a\u00e9roport\u00e9es permet de disposer d'une vision en  \ngrand angle tout en limitant l'engagement des forces au sol, et le cas \u00e9ch\u00e9ant, d'organiser de  \nmani\u00e8re  r\u00e9active  et  efficace  leur  d\u00e9ploiement  op\u00e9rationnel,  notamment  en  cas  de  \nmouvement de foule ou d'actions violentes de groupes d'individus \u00a0; qu'il n'existe pas de  \ndispositif moins intrusif permettant de parvenir aux m\u00eames fins\u00a0;\nConsid\u00e9rant que la demande de la direction de l'ordre public et de la circulation porte sur  \nl'engagement de deux cam\u00e9ras a\u00e9roport\u00e9es qui pourront \u00eatre en vol simultan\u00e9ment en vue  \nde  capter,  d'enregistrer  et  de  transmettre  des  images \u00a0;  que  les  aires  survol\u00e9es  sont  \nstrictement  limit\u00e9es  aux  zones  o\u00f9  des  troubles  \u00e0  l'ordre  public  sont  susceptibles  de  se  \nproduire\u00a0; que  la  dur\u00e9e  de  l'autorisation  demand\u00e9e  n'appara\u00eet  pas  disproportionn\u00e9e  au  \nregard des finalit\u00e9s poursuivies\u00a0;\nSur proposition du directeur de l'ordre public et de la circulation,\nARRETE\u00a0:\nArticle 1 er \u2013 La captation, l'enregistrement et la transmission d'images par la direction de  \nl'ordre public et de la circulation sont autoris\u00e9s \u00e0 Paris et dans les Hauts-de-Seine \u00e0 l'occasion \nde la rencontre de football susvis\u00e9e aux titres de\u00a0:\n- la pr\u00e9vention des atteintes \u00e0 la s\u00e9curit\u00e9 des personnes et des biens\u00a0;\n- la s\u00e9curit\u00e9 des rassemblements\u00a0;\n- la pr\u00e9vention d'actes de terrorisme\u00a0;\n2026-00396 2\nPr\u00e9fecture de Police - 75-2026-04-07-00008 - Arr\u00eat\u00e9 n\u00b0 2026-00396 autorisant la captation, l'enregistrement et la transmission\nd'images au moyen de cam\u00e9ras install\u00e9es sur des a\u00e9ronefs \u00e0 l'occasion de la 29\u00e8me journ\u00e9e du championnat de France de football de\nLigue 1 au stade Jean Bouin le vendredi 10 avril 2026\n34\n- la r\u00e9gulation des flux de transport.\nArticle  2  \u2013  Le  nombre  maximal  de  cam\u00e9ras  pouvant  proc\u00e9der  simultan\u00e9ment  \u00e0  des  \nenregistrements est fix\u00e9 \u00e0 2 cam\u00e9ras embarqu\u00e9es sur des a\u00e9ronefs t\u00e9l\u00e9-pilot\u00e9s.\nArticle 3 \u2013 La pr\u00e9sente autorisation s'applique au p\u00e9rim\u00e8tre g\u00e9ographique figurant sur le plan \nen annexe au pr\u00e9sent arr\u00eat\u00e9.\nArticle 4 \u2013 La pr\u00e9sente autorisation est d\u00e9livr\u00e9e le vendredi 10 avril 2026 de 16h00 \u00e0 23h00  \npour l'ensemble des finalit\u00e9s pr\u00e9cit\u00e9es.\nArticle 5  \u2013 L'information du public est assur\u00e9e par la publication du pr\u00e9sent arr\u00eat\u00e9 aux  \nrecueils des actes administratifs mentionn\u00e9s \u00e0 l'article 7, sa mise en ligne sur le site internet  \nde la pr\u00e9fecture de police ainsi que par une information sur les r\u00e9seaux sociaux.\nArticle 6  \u2013 Le registre mentionn\u00e9 \u00e0 l'article L. 242-4 du code de la s\u00e9curit\u00e9 int\u00e9rieure est  \ntransmis au pr\u00e9fet de police, \u00e0 l'issue de la p\u00e9riode d'autorisation.\nArticle 7 \u2013 Le pr\u00e9fet des Hauts-de-Seine, le pr\u00e9fet, directeur de cabinet du pr\u00e9fet de police  \net  le  directeur  de  l'ordre  public  et  de  la  circulation  sont  charg\u00e9s,  chacun  en  ce  qui  le \nconcerne,  de  l'ex\u00e9cution  du  pr\u00e9sent  arr\u00eat\u00e9  qui  sera  publi\u00e9  aux  recueils  des  actes  \nadministratifs du d\u00e9partement de Paris et de la pr\u00e9fecture des Hauts-de-Seine et consultable \nsur  le  site  internet  de  la  pr\u00e9fecture  de  police  \n(https://www.prefecturedepolice.interieur.gouv.fr).\nFait \u00e0 Paris, le 7 avril 2026\nSIGN\u00c9\nPour le pr\u00e9fet de police\nLe pr\u00e9fet, directeur du cabinet, \nBaptiste ROLLAND\n2026-00396 3\nPr\u00e9fecture de Police - 75-2026-04-07-00008 - Arr\u00eat\u00e9 n\u00b0 2026-00396 autorisant la captation, l'enregistrement et la transmission\nd'images au moyen de cam\u00e9ras install\u00e9es sur des a\u00e9ronefs \u00e0 l'occasion de la 29\u00e8me journ\u00e9e du championnat de France de football de\nLigue 1 au stade Jean Bouin le vendredi 10 avril 2026\n35\nAnnexe de l'arr\u00eat\u00e9 n\u00b0 2026-00396 du 7 avril 2026\nVOIES ET DELAIS DE RECOURS\n_______________________\nSi vous estimez devoir contester la pr\u00e9sente autorisation, il vous est possible, dans un d\u00e9lai  \nde deux mois \u00e0 compter de la date de son affichage ou de sa publication\u00a0:\n-  soit de saisir d'un RECOURS GRACIEUX\nle Pr\u00e9fet de Police\n7/9, boulevard du Palais - 75195 PARIS RP\n- ou de former un RECOURS HIERARCHIQUE\n  aupr\u00e8s du Ministre de l'int\u00e9rieur et des outre-mer\n  Direction des libert\u00e9s publiques et des affaires juridiques\n  place Beauvau - 75008 PARIS\n- soit de saisir d'un RECOURS CONTENTIEUX\n                            le Tribunal administratif comp\u00e9tent\nAucune de ces voies et recours ne suspend l'application de la pr\u00e9sente d\u00e9cision.\nLes recours GRACIEUX et HIERARCHIQUE doivent \u00eatre \u00e9crits, exposer les arguments \nou faits nouveaux et comprendre la copie de la d\u00e9cision contest\u00e9e.\nLe recours contentieux, qui vise \u00e0 contester la LEGALITE de la pr\u00e9sente d\u00e9cision, doit \n\u00e9galement \u00eatre \u00e9crit et exposer votre argumentation juridique.\nSi vous n'aviez pas de r\u00e9ponse \u00e0 votre recours GRACIEUX ou HIERARCHIQUE dans un \nd\u00e9lai de deux mois \u00e0 compter de la r\u00e9ception de votre recours par l'administration, \nvotre demande devra \u00eatre consid\u00e9r\u00e9e comme rejet\u00e9e (d\u00e9cision implicite de rejet).\nEn cas de rejet des RECOURS GRACIEUX ou HIERARCHIQUE, le Tribunal administratif \npeut \u00eatre saisi d'un recours contentieux dans le d\u00e9lai de deux mois \u00e0 compter de la \ndate de la d\u00e9cision de rejet.\n2026-00396 4\nPr\u00e9fecture de Police - 75-2026-04-07-00008 - Arr\u00eat\u00e9 n\u00b0 2026-00396 autorisant la captation, l'enregistrement et la transmission\nd'images au moyen de cam\u00e9ras install\u00e9es sur des a\u00e9ronefs \u00e0 l'occasion de la 29\u00e8me journ\u00e9e du championnat de France de football de\nLigue 1 au stade Jean Bouin le vendredi 10 avril 2026\n36\nWe une ae DIRECTION DEDEPOLICE 7 L'ORDRE PUBLICET DE LA CIRCULATIONZONE DE SURVOL DRONE <<\ngalit\u00e9Fraternit\u00e9\nVersion 01 du 30.103.2026\u00e0 14h40\ncss...NUEDE DR PORTE DATE:\n'ade'olandGarrog\n\u00ff \u00e9 \"SS + BOULEVARDD AUTEUR * * Ge VALT A comme OE aE BOULEVARD D'AUTEUIL :\nKi \"ee cones 5 \u00e0 2ae Dupri oR wor i& en :et \u00bbpol FA .ere &. :fom 5 pven' JET |ey Ansaoe 4 Py aeue gi\n4 .6F] . >t (RON .Fa puEMEN \u00b0 \"wy s\u00a7 . 1 = z7 ig \u00aba8 3 nos ; yf\n/ Fe Hip AppM1 de |5 nd Vierg5 51 4\nreEn\n\" | res ox 1 6De | ae pesca a aene  Br. nn a RUE DE VARIZE.3 a SL BybY te!\n\u00cb $ 13 ae he5 =  \u00c0mie 2 / 8 mn | EAN8 a .\u00a7 me | 5 16h) :\nE 1 suamosve \u00c0\n\"ear +s ' \u00e0 ai tfdeine : 2 : 2 lo.\u00e0 M.  \u00c0 : oh be\u00e0, S 2 +2\u00e0 5 AEE \"\u00c0 2 EU  g\nto Rond-point Ree 2 42 E tL 19Cine tare M fs z \"23 d osg | Andr\u00e9 Matraux a z 1B \u00abgdns =\" \u20ac LA> 4 \u00eboI 4 + 78Hprio Cumin ry iS. 4 yG ; wa 2  5se < + \u00e0EP onde 5 Aecasrieane Rye 5oS  : r\u00e9union \u00a3\\ S 3 | 127%x 713L 3 \u00c0x 3 z \"18: \u00e0 \u00ca \u00a3 Centre | aoF 3 Sportif | HN \u00a5> S Fy |ROUTEDE LA ne \u20ac a ELLESE  \\Roun; = s Md \"7k 4 EDE LA REINEiq & 0\u00b05 \u00e0 INE |\u00ca \u00e0 ENTA\n& Mis2 i\u00e9 ee PLACEhe DE\u00e0. a st \u00a2 LAPORTE\u2014  RE \\ \u00ca ; SAINT-CLOUDes: \u00e0 \\\\?. Porte de'Saint-Cloud\u00ae\\ \u00e0 5\nmdr \u00e8 %ae mel : % \u00f9 8 A= e \u00e8 \u00e0 eee Vand aea. ; = URar *aere  rai enA du\n$ \u00e0\nsara gre 4 y : .\u00e0 us\n\"a . Las 10a 4p AVENUE PODE DE LA BRUNE Rg% A \u20ac \u00bb me, dd\u00ea \u00e8 >\u00e0 w\u00e0 sn4 on \u00a9 sde\u00e0 ' uns' Lol5) i ver a\u00c0 mom  ;\n131CR iar\"Out VaR aa sae\n\" PB 4sf lgr we 4\u00e9 ee\u00e9 a\n; \" \"4\nraya\nwe &me\" 7%\n2026-00396 5\nPr\u00e9fecture de Police - 75-2026-04-07-00008 - Arr\u00eat\u00e9 n\u00b0 2026-00396 autorisant la captation, l'enregistrement et la transmission\nd'images au moyen de cam\u00e9ras install\u00e9es sur des a\u00e9ronefs \u00e0 l'occasion de la 29\u00e8me journ\u00e9e du championnat de France de football de\nLigue 1 au stade Jean Bouin le vendredi 10 avril 2026\n37\nPr\u00e9fecture de Police\n75-2026-04-07-00006\nArr\u00eat\u00e9 n\u00b0 2026-00400 autorisant la captation,\nl'enregistrement et la transmission d'images au\nmoyen de cam\u00e9ras install\u00e9es sur des a\u00e9ronefs\ndans le Val-de-Marne (94) les 7, 8 et 9 avril 2026\nPr\u00e9fecture de Police - 75-2026-04-07-00006 - Arr\u00eat\u00e9 n\u00b0 2026-00400 autorisant la captation, l'enregistrement et la transmission\nd'images au moyen de cam\u00e9ras install\u00e9es sur des a\u00e9ronefs dans le Val-de-Marne (94) les 7, 8 et 9 avril 2026 38\nPREFECTUREDE POLICELibert\u00e9Egalit\u00e9Fraternit\u00e9\nLUa\nCABINET DU PREFET\nArr\u00eat\u00e9 n\u00b0 2026-00400\nautorisant la captation, l'enregistrement et la transmission d'images au moyen de cam\u00e9ras \ninstall\u00e9es sur des a\u00e9ronefs dans le Val-de-Marne (94) les 7, 8 et 9 avril 2026\nLe pr\u00e9fet de police,\nVu le code de la s\u00e9curit\u00e9 int\u00e9rieure, notamment ses articles L. 242-1 \u00e0 L.\u00a0242-8 et R.\u00a0242-8 \u00e0 R. 242-15 ;\nVu le d\u00e9cret n\u00b0 2004-374 modifi\u00e9 du 29 avril 2004 relatif aux pouvoirs des pr\u00e9fets, \u00e0 l'organisation et \n\u00e0 l'action des services de l'\u00c9tat dans les r\u00e9gions et d\u00e9partements, notamment son article 73 ;\nVu l'arr\u00eat\u00e9 du 19 avril 2023 relatif au nombre maximal de cam\u00e9ras install\u00e9es sur des a\u00e9ronefs  \npouvant \u00eatre simultan\u00e9ment utilis\u00e9es dans chaque d\u00e9partement et collectivit\u00e9 d'outre-mer\u00a0;\nVu  l'instruction  minist\u00e9rielle  NOR  IOMD2311883J  du  30  avril  2023  relative  \u00e0  la  proc\u00e9dure  \nd'autorisation des cam\u00e9ras install\u00e9es sur des a\u00e9ronefs pour des missions de police administrative\u00a0;\nVu le d\u00e9cret du 22 octobre 2025 par lequel M. Patrice FAURE, administrateur de l'Etat du troisi\u00e8me  \ngrade, directeur de cabinet du Pr\u00e9sident de la R\u00e9publique, est nomm\u00e9 pr\u00e9fet de police (groupe I), \u00e0 \ncompter du 23 octobre 2025\u00a0;\nVu la demande en date du 7 avril 2026  form\u00e9e par la direction territoriale de la s\u00e9curit\u00e9 de  \nproximit\u00e9 du Val-de-Marne visant \u00e0 obtenir l'autorisation de capter, d'enregistrer et de transmettre \ndes images au moyen de deux cam\u00e9ras install\u00e9es sur des a\u00e9ronefs t\u00e9l\u00e9-pilot\u00e9s afin d'assurer la  \npr\u00e9vention des atteintes \u00e0 la s\u00e9curit\u00e9 des personnes et des biens sur la commune de Villeneuve  \nSaint-Georges (94) les 7, 8 et 9 avril 2026 ;\nConsid\u00e9rant  que  les  dispositions  du  I  de  l'article  L.  242-5  du  code  de  la  s\u00e9curit\u00e9  int\u00e9rieure  \npermettent aux forces de s\u00e9curit\u00e9 int\u00e9rieure, dans l'exercice de leurs missions de pr\u00e9vention des  \natteintes \u00e0 l'ordre public et de protection de la s\u00e9curit\u00e9 des personnes et des biens, de proc\u00e9der \u00e0  \nla captation, \u00e0 l'enregistrement et \u00e0 la transmission d'images au moyen de cam\u00e9ras install\u00e9es sur  \ndes a\u00e9ronefs aux fins d'assurer la pr\u00e9vention des atteintes \u00e0 la s\u00e9curit\u00e9 des personnes et des biens  \ndans des lieux particuli\u00e8rement expos\u00e9s ;\nConsid\u00e9rant que des op\u00e9rations de s\u00e9curisation sont pr\u00e9vues les 7, 8 et 9 avril 2026 dans un  \nsecteur  sensible  situ\u00e9e  sur  la  commune  de  Villeneuve  Saint-Georges,  suite  \u00e0  des  \u00e9pisodes  de \nviolence dans la soir\u00e9e du 6 avril 2026  ; que le recours ponctuel \u00e0 des cam\u00e9ras a\u00e9roport\u00e9es permet  \nd'appuyer  l'action  et  le  d\u00e9ploiement  des  effectifs  de  police  sur  le  terrain  \u00e0  l'occasion  des  \nop\u00e9rations de s\u00e9curisation et d'adapter le dispositif de s\u00e9curit\u00e9 le cas \u00e9ch\u00e9ant, pour pr\u00e9venir ou  \nfaire cesser les troubles \u00e0 l'ordre public\u00a0;\nConsid\u00e9rant que le recours ponctuel aux cam\u00e9ras a\u00e9roport\u00e9es permet de disposer d'une vision en  \ngrand angle tout en limitant l'engagement des forces au sol afin d'\u00e9viter les menaces pour leur  \nint\u00e9grit\u00e9 physique, d'anticiper les vell\u00e9it\u00e9s d'actions violentes group\u00e9es pouvant les viser et, le cas  \n\u00e9ch\u00e9ant, d'organiser de mani\u00e8re r\u00e9active et efficace leur d\u00e9ploiement op\u00e9rationnel, notamment  \nPr\u00e9fecture de Police - 75-2026-04-07-00006 - Arr\u00eat\u00e9 n\u00b0 2026-00400 autorisant la captation, l'enregistrement et la transmission\nd'images au moyen de cam\u00e9ras install\u00e9es sur des a\u00e9ronefs dans le Val-de-Marne (94) les 7, 8 et 9 avril 2026 39\nen cas de mouvement de foule ou d'actions violentes de groupes d'individus  ; qu'il n'existe pas de  \ndispositif moins intrusif permettant de parvenir aux m\u00eames fins ;\nConsid\u00e9rant que la demande de la  direction territoriale de la s\u00e9curit\u00e9 de proximit\u00e9 du Val-de-\nMarne porte sur l'engagement de deux cam\u00e9ras a\u00e9roport\u00e9es qui pourront \u00eatre en vol en vue de  \ncapter,  d'enregistrer  et  de  transmettre  des  images \u00a0;  que  les  aires  survol\u00e9es  sont  strictement  \nlimit\u00e9es aux zones o\u00f9 des troubles \u00e0 l'ordre public sont susceptibles de se produire \u00a0; que la dur\u00e9e  \nde l'autorisation demand\u00e9e n'appara\u00eet pas disproportionn\u00e9e au regard de la finalit\u00e9 poursuivie ;\nSur proposition de la direction territoriale de la s\u00e9curit\u00e9 de proximit\u00e9 du Val-de-Marne,\nARRETE\u00a0:\nArticle 1er \u2013 La captation, l'enregistrement et la transmission d'images par la direction territoriale  \nde la s\u00e9curit\u00e9 de proximit\u00e9 du Val-de-Marne sont autoris\u00e9s sur la commune de Villeneuve Saint-\nGeorges (94) au titre de\u00a0la pr\u00e9vention des atteintes \u00e0 la s\u00e9curit\u00e9 des personnes et des biens.\nArticle  2  \u2013 Le  nombre  maximal  de  cam\u00e9ras  pouvant  proc\u00e9der  simultan\u00e9ment  \u00e0  des  \nenregistrements est fix\u00e9 \u00e0 2 cam\u00e9ras embarqu\u00e9es sur des a\u00e9ronefs t\u00e9l\u00e9-pilot\u00e9s.\nArticle  3 \u2013 La  pr\u00e9sente  autorisation  s'applique  sur  la  commune  de  Villeneuve  Saint-Georges,  \nconform\u00e9ment au p\u00e9rim\u00e8tre g\u00e9ographique figurant sur le plan en annexe au pr\u00e9sent arr\u00eat\u00e9.\nArticle 4 \u2013 La pr\u00e9sente autorisation est d\u00e9livr\u00e9e pour la mise en \u0153uvre de la finalit\u00e9 pr\u00e9cit\u00e9e :\n- le 7 avril 2026 de 16h30 \u00e0 19h30 ;\n- le 8 avril 2026 de 17h00 \u00e0 20h00 ;\n- le 9 avril 2026 de 17h00 \u00e0 20h00.\nArticle 5 \u2013 Le registre mentionn\u00e9 \u00e0 l'article L. 242-4 du code de la s\u00e9curit\u00e9 int\u00e9rieure est transmis au \npr\u00e9fet de police, \u00e0 l'issue de la p\u00e9riode d'autorisation.\nArticle 6 \u2013  Le pr\u00e9fet du Val-de-Marne, le pr\u00e9fet, directeur du cabinet du pr\u00e9fet de police et le  \ndirecteur de la s\u00e9curit\u00e9 de proximit\u00e9 de l'agglom\u00e9ration parisienne sont charg\u00e9s, chacun en ce qui  \nle concerne, de l'ex\u00e9cution du pr\u00e9sent arr\u00eat\u00e9 qui entrera en vigueur d\u00e8s l'affichage aux portes de la \npr\u00e9fecture de police et sera publi\u00e9 aux recueils des actes administratifs du d\u00e9partement de Paris et \nde la pr\u00e9fecture du Val-de-Marne.\nFait \u00e0 Paris, le 7 avril 2026\nSIGN\u00c9\nPour le pr\u00e9fet de police\nLe pr\u00e9fet, directeur du cabinet, \nBaptiste ROLLAND\n2026-00400\n2\n2\nPr\u00e9fecture de Police - 75-2026-04-07-00006 - Arr\u00eat\u00e9 n\u00b0 2026-00400 autorisant la captation, l'enregistrement et la transmission\nd'images au moyen de cam\u00e9ras install\u00e9es sur des a\u00e9ronefs dans le Val-de-Marne (94) les 7, 8 et 9 avril 2026 40\nAnnexe de l'arr\u00eat\u00e9 n\u00b02026-00400 du 7 avril 2026\nVOIES ET DELAIS DE RECOURS\n_______________________\nSi vous estimez devoir contester la pr\u00e9sente autorisation, il vous est possible, dans un d\u00e9lai de deux \nmois \u00e0 compter de la date de son affichage ou de sa publication\u00a0:\n- soit de saisir d'un RECOURS GRACIEUX\nle Pr\u00e9fet de Police\n7/9, boulevard du Palais - 75195 PARIS RP\n- ou de former un RECOURS HIERARCHIQUE\n  aupr\u00e8s du Ministre de l'int\u00e9rieur et des outre-mer\n  Direction des libert\u00e9s publiques et des affaires juridiques\n  place Beauvau - 75008 PARIS\n- soit de saisir d'un RECOURS CONTENTIEUX\nle Tribunal administratif comp\u00e9tent\nAucune de ces voies et recours ne suspend l'application de la pr\u00e9sente d\u00e9cision.\nLes  recours  GRACIEUX  et  HIERARCHIQUE  doivent  \u00eatre  \u00e9crits,  exposer  les  arguments  ou  faits  \nnouveaux et comprendre la copie de la d\u00e9cision contest\u00e9e.\nLe recours contentieux, qui vise \u00e0 contester la LEGALITE de la pr\u00e9sente d\u00e9cision, doit \u00e9galement  \n\u00eatre \u00e9crit et exposer votre argumentation juridique.\nSi vous n'aviez pas de r\u00e9ponse \u00e0 votre recours GRACIEUX ou HIERARCHIQUE dans un d\u00e9lai de deux \nmois \u00e0 compter de la r\u00e9ception de votre recours par l'administration, votre demande devra \u00eatre  \nconsid\u00e9r\u00e9e comme rejet\u00e9e (d\u00e9cision implicite de rejet).\nEn cas de rejet des RECOURS GRACIEUX ou HIERARCHIQUE, le Tribunal administratif peut \u00eatre  \nsaisi d'un recours contentieux dans le d\u00e9lai de deux mois \u00e0 compter de la date de la d\u00e9cision de  \nrejet.\n2026-00400\n3\n3\nPr\u00e9fecture de Police - 75-2026-04-07-00006 - Arr\u00eat\u00e9 n\u00b0 2026-00400 autorisant la captation, l'enregistrement et la transmission\nd'images au moyen de cam\u00e9ras install\u00e9es sur des a\u00e9ronefs dans le Val-de-Marne (94) les 7, 8 et 9 avril 2026 41\neeccccseseser**\n2026-00400\n4\n4\nPr\u00e9fecture de Police - 75-2026-04-07-00006 - Arr\u00eat\u00e9 n\u00b0 2026-00400 autorisant la captation, l'enregistrement et la transmission\nd'images au moyen de cam\u00e9ras install\u00e9es sur des a\u00e9ronefs dans le Val-de-Marne (94) les 7, 8 et 9 avril 2026 42\nPr\u00e9fecture de Police\n75-2026-04-08-00002\nArr\u00eat\u00e9 n\u00b02026-00402 modifiant l'arr\u00eat\u00e9 n\u00b0\n2026-00397 du 7 avril 2026 instituant un\np\u00e9rim\u00e8tre de protection et diff\u00e9rentes mesures\nde police \u00e0 l'occasion du quart de finale aller de\nla Ligue des champions de football entre le Paris\nSaint-Germain et le Liverpool Football Club au\nParc des Princes le mercredi 8 avril 2026\nPr\u00e9fecture de Police - 75-2026-04-08-00002 - Arr\u00eat\u00e9 n\u00b02026-00402 modifiant l'arr\u00eat\u00e9 n\u00b0 2026-00397 du 7 avril 2026 instituant un\np\u00e9rim\u00e8tre de protection et diff\u00e9rentes mesures de police \u00e0 l'occasion du quart de finale aller de la Ligue des champions de football\nentre le Paris Saint-Germain et le Liverpool Football Club au Parc des Princes le mercredi 8 avril 2026\n43\nPREFECTUREDE POLICELibert\u00e9Egalit\u00e9Fraternit\u00e9\nLUG\n1\n CABINET DU PREFET\nArr\u00eat\u00e9 n\u00b02026-00402\nmodifiant l'arr\u00eat\u00e9 n\u00b0 2026-00397 du 7 avril 2026 instituant un p\u00e9rim\u00e8tre de protection et \ndiff\u00e9rentes mesures de police \u00e0 l'occasion du quart de finale aller de la Ligue des \nchampions de football entre le Paris Saint-Germain et le Liverpool Football Club au Parc \ndes Princes le mercredi 8 avril 2026\n \nLe pr\u00e9fet de police,\nVu  l'arr\u00eat\u00e9  n\u00b02026-00397  du  7  avril  2026  i nstituant  un  p\u00e9rim\u00e8tre  de  protection  et  \ndiff\u00e9rentes mesures de police \u00e0 l'occasion du quart de finale aller de la Ligue des champions \nde football entre le Paris Saint-Germain et le Liverpool Football Club au Parc des Princes le  \nmercredi 8 avril 2026 ;\nVu le d\u00e9cret du 22 octobre 2025 par lequel M. Patrice FAURE, administrateur de l'\u00c9tat du  \ntroisi\u00e8me grade, directeur de cabinet du Pr\u00e9sident de la R\u00e9publique, est nomm\u00e9 pr\u00e9fet de  \npolice (groupe I), \u00e0 compter du 23 octobre 2025\u00a0;\nARR\u00caTE\u00a0:\nArticle 1er \u2013 L'article 6 de l'arr\u00eat\u00e9 2026-00397 susvis\u00e9 est abrog\u00e9.\nArticle 2 \u2013 Le pr\u00e9fet des Hauts-de-Seine, le pr\u00e9fet, directeur de cabinet du pr\u00e9fet de police, \nle directeur de l'ordre public et de la circulation, le directeur de la s\u00e9curit\u00e9 de proximit\u00e9 de \nl'agglom\u00e9ration parisienne sont charg\u00e9s, chacun en ce qui le concerne, de l'ex\u00e9cution du  \npr\u00e9sent arr\u00eat\u00e9 qui entrera en vigueur \u00e0 compter de son affichage aux portes de la pr\u00e9fecture \nde police, sera publi\u00e9 aux recueils des actes administratifs du d\u00e9partement de la Paris et de \nla pr\u00e9fecture des Hauts-de-Seine, consultable sur le site internet de la pr\u00e9fecture de police \n(https://www.prefecturedepolice.interieur.gouv.fr)  et  transmis  aux  procureurs  de  la  \nR\u00e9publique pr\u00e8s les tribunaux judiciaires de Paris et de Nanterre et communiqu\u00e9 aux maires \nde Paris et de Boulogne-Billancourt.\nFait \u00e0 Paris, le 8 avril 2026\nSIGN\u00c9\nPour le pr\u00e9fet de police\nLe pr\u00e9fet, directeur du cabinet,\nBaptiste ROLLAND\nPr\u00e9fecture de Police - 75-2026-04-08-00002 - Arr\u00eat\u00e9 n\u00b02026-00402 modifiant l'arr\u00eat\u00e9 n\u00b0 2026-00397 du 7 avril 2026 instituant un\np\u00e9rim\u00e8tre de protection et diff\u00e9rentes mesures de police \u00e0 l'occasion du quart de finale aller de la Ligue des champions de football\nentre le Paris Saint-Germain et le Liverpool Football Club au Parc des Princes le mercredi 8 avril 2026\n44\nAnnexe de l'arr\u00eat\u00e9 n\u00b0 2026-00402 du 8 avril 2026\nVOIES ET DELAIS DE RECOURS\n_______________________\nSi vous estimez devoir contester le pr\u00e9sent arr\u00eat\u00e9, il vous est possible, dans un  \nd\u00e9lai de deux mois \u00e0 compter de la date de son affichage ou de sa publication\u00a0:  \n-  soit de saisir d'un RECOURS GRACIEUX\nle Pr\u00e9fet de Police\n7/9, boulevard du Palais - 75195 PARIS RP\n- ou de former un RECOURS HIERARCHIQUE\n  aupr\u00e8s du Ministre de l'int\u00e9rieur\n  Direction des libert\u00e9s publiques et des affaires juridiques\n  place Beauvau - 75008 PARIS\n- soit de saisir d'un RECOURS CONTENTIEUX\nle Tribunal administratif comp\u00e9tent\nAucune  de  ces  voies  et  recours  ne  suspend  l'application  de  la  pr\u00e9sente  \nd\u00e9cision.\nLes  recours  GRACIEUX  et  HIERARCHIQUE  doivent  \u00eatre  \u00e9crits,  exposer  les  \narguments ou faits nouveaux et comprendre la copie de l'arr\u00eat\u00e9 contest\u00e9.\nLe recours  CONTENTIEUX,  qui  vise \u00e0  contester  la LEGALITE  de la pr\u00e9sente  \nd\u00e9cision, doit \u00e9galement \u00eatre \u00e9crit et exposer votre argumentation juridique.\nSi vous n'aviez pas de r\u00e9ponse \u00e0 votre recours GRACIEUX ou HIERARCHIQUE  \ndans un d\u00e9lai de deux mois \u00e0 compter de la r\u00e9ception de votre recours par l'administration, \nvotre demande devra \u00eatre consid\u00e9r\u00e9e comme rejet\u00e9e (d\u00e9cision implicite de rejet).\nEn  cas  de  rejet  des  recours  GRACIEUX  ou  HIERARCHIQUE,  le  Tribunal  \nadministratif peut \u00eatre saisi d'un recours contentieux dans le d\u00e9lai de deux mois \u00e0 compter \nde la date de la d\u00e9cision de rejet.\nPr\u00e9fecture de Police - 75-2026-04-08-00002 - Arr\u00eat\u00e9 n\u00b02026-00402 modifiant l'arr\u00eat\u00e9 n\u00b0 2026-00397 du 7 avril 2026 instituant un\np\u00e9rim\u00e8tre de protection et diff\u00e9rentes mesures de police \u00e0 l'occasion du quart de finale aller de la Ligue des champions de football\nentre le Paris Saint-Germain et le Liverpool Football Club au Parc des Princes le mercredi 8 avril 2026\n45","date":"2026-04-08","first_seen_on":"2026-04-08T16:52:49+00:00","id":"e995f4997e225c18beb188e9b48b01318ab00e2b8b88d15e375e9cbf0a11aed0","name":"recueil-75-2026-209-recueil-des-actes-administratifs-special du  O8.04.2026","pdf_creation_date":"2026-04-08T14:35:58+00:00","pdf_modification_date":null,"timezone":"Europe/Paris","url":"https://www.prefectures-regions.gouv.fr/ile-de-france/irecontenu/telechargement/136914/1000713/file/recueil-75-2026-209-recueil-des-actes-administratifs-special%20du%20%20O8.04.2026.pdf"}
