{"administration":"pref83","administration_name":"Pr\u00e9fecture du Var","content":"VAR\nRECUEIL DES ACTES\nADMINISTRATIFS SP\u00c9CIAL\n(NOMINATIFS)\nN\u00b083-2025-270\nPUBLI\u00c9 LE 12 AO\u00dbT 2025\nSommaire\nDirection d\u00e9partementale de l'emploi, du travail et des solidarit\u00e9s du Var\n/ Direction de la DDETS\n83-2025-08-07-00020 - 2025 08 07-D\u00e9cision d\u00e9rogation collective\ndur\u00e9e hebdomadaire travail EN CHEMIN (2 pages) Page 3\n83-2025-08-07-00021 - 2025 08 07-D\u00e9cision d\u00e9rogation collective\ndur\u00e9e hebdomadaire travail FRAT (2 pages) Page 6\n83-2025-08-05-00013 - Arrete modif CDG 05 08 2025 (21 pages) Page 9\nPr\u00e9fecture du VAR / Direction de la citoyennet\u00e9 et de la l\u00e9galit\u00e9\n83-2025-08-07-00016 - ARR\u00caT\u00c9 PR\u00c9FECTORAL n\u00b0 DCL/BERG/2025/140\ndu 07 ao\u00fbt 2025 portant agr\u00e9ment de la SAS \u00ab\u00a0BDL SERVICES\u00a0\u00bb,\npour exercer l'activit\u00e9 de domiciliation d'entreprises. (2 pages) Page 31\n83-2025-08-11-00003 - RR\u00caT\u00c9 PR\u00c9FECTORAL n\u00b0 DCL/BERG/2025/0169\ndu 11 ao\u00fbt 2025 portant renouvellement de l'habilitation dans le\ndomaine fun\u00e9raire\nde l'\u00e9tablissement secondaire\n\u00ab\u00a0ROBLOT\u00a0\u00bb\n216 Avenue G\u00e9n\u00e9ral Leclerc \u00e0 SAINT-RAPHA\u00cbL\n(83700) - Habilitation N\u00b0 25-83-0301 (2 pages) Page 34\n2\nDirection d\u00e9partementale de l'emploi, du travail\net des solidarit\u00e9s du Var\n83-2025-08-07-00020\n2025 08 07-D\u00e9cision d\u00e9rogation collective dur\u00e9e\nhebdomadaire travail EN CHEMIN\nDirection d\u00e9partementale de l'emploi, du travail et des solidarit\u00e9s du Var - 83-2025-08-07-00020 - 2025 08 07-D\u00e9cision d\u00e9rogation\ncollective dur\u00e9e hebdomadaire travail EN CHEMIN 3\nzsPREFETDU VARLibert\u00e9Egalit\u00e9Fraternit\u00e9\nDirection d\u00e9partementale \nde l'emploi, du travail \net des solidarit\u00e9s\nDECISION N\u00b0 DDETS \u2013 SAE \u2013 2025 \u2013 003\nPortant autorisation de d\u00e9rogation collective \u00e0 la dur\u00e9e hebdomadaire minimale de travail\nLe Pr\u00e9fet du Var,\nChevalier de la L\u00e9gion d'Honneur,\nChevalier de l'Ordre National du M\u00e9rite\nVu  le  Code  du  Travail  et  notamment  son  article  L1242-3  relatif  au  contrat  de  travail  \u00e0  dur\u00e9e \nd\u00e9termin\u00e9e\u00a0;\nVu le Code du Travail et notamment  ses articles D5132-43-5 \u00e0 D5132-43-10 relatifs \u00e0 la d\u00e9rogation \u00e0 la  \ndur\u00e9e hebdomadaire de travail ;\nVu la Loi n\u00b0 2020-1577 du 14 d\u00e9cembre 2020 relative au renforcement de l'inclusion dans l'emploi par  \nl'activit\u00e9 \u00e9conomique et \u00e0 l'exp\u00e9rimentation \u00ab territoire z\u00e9ro ch\u00f4meur de longue dur\u00e9e \u00bb\u00a0;\nVu le d\u00e9cret n\u00b02021-1128 du 30 ao\u00fbt 2021 relatif \u00e0 l'insertion par l'activit\u00e9 \u00e9conomique\u00a0;\nVu l'instruction  DGEFP/SDPAE/MIP/2021  relative  \u00e0  la  mise  en  \u0153uvre  op\u00e9rationnelle  des  mesures \nrelatives \u00e0 l'insertion par l'activit\u00e9 \u00e9conomique (IAE) pr\u00e9vues par la loi n\u00b0 2020-1577 du 14 d\u00e9cembre  \n2020  relative  au  renforcement  de  l'inclusion  dans  l'emploi  par  l'activit\u00e9  \u00e9conomique  et  \u00e0 \nl'exp\u00e9rimentation \u00abterritoire z\u00e9ro ch\u00f4meur de longue dur\u00e9e\u00bb\u00a0;\nVu le d\u00e9cret du Pr\u00e9sident de la R\u00e9publique du 15 mai 2025 portant nomination de M. Simon BABRE,  \npr\u00e9fet du Var ;\nVu l'arr\u00eat\u00e9 conjoint du Premier ministre et du ministre de l'int\u00e9rieur en date du 17 janvier 2025 portant  \nnomination de Madame Sandrine POLYCHRONOPOULOS, directrice d\u00e9partementale de l'emploi, du  \ntravail et des solidarit\u00e9s du Var\u00a0;\nVu l'arr\u00eat\u00e9 pr\u00e9fectoral n\u00b02025/02/MCI en date du 3 f\u00e9vrier 2025 portant d\u00e9l\u00e9gation de signature \u00e0  \nMadame  Sandrine  POLYCHRONOPOULOS,  directrice  d\u00e9partementale  de  l'emploi,  du  travail  et  des \nsolidarit\u00e9s du Var ;\nVu la demande dat\u00e9e le 29 juillet 2025 et re\u00e7ue compl\u00e8te le 7 ao\u00fbt 2025 par l'association \u00ab \u00a0EN \nCHEMIN\u00a0\u00bb situ\u00e9e 10 boulevard Fr\u00e9d\u00e9ric Mistral \u2013 83400 HYERES \u2013 SIRET 453\u00a0460\u00a0198\u00a0000 22 ;\nVu la convention annuelle d'objectifs sur le programme \u00abPremi\u00e8res Heures en Chantier \u00bb financ\u00e9e dans \nle cadre du Pacte Local des Solidarit\u00e9s et d\u00e9livr\u00e9e par la M\u00e9tropole Toulon M\u00e9diterran\u00e9e le 25 juillet  \n2025\u00a0;\nVu la convention de mise en \u0153uvre du programme PHC au sein de l'atelier et chantier d'insertion EN  \nCHEMIN sign\u00e9e les 25 et 28 avril 2025 par Convergence France et  EN CHEMIN\u00a0;\nConsid\u00e9rant que l'atelier et chantier d'insertion de l'association EN CHEMIN situ\u00e9 ZI les Espaluns III \u2013 2, \nrue Berthelot \u2013 83160 LA VALETTE DU VAR \u2013 SIRET 453 \u00a0460\u00a0198\u00a0000 63  sollicite une d\u00e9rogation  \ncollective \u00e0 la dur\u00e9e hebdomadaire minimale de travail afin de mettre en \u0153uvre le dispositif national  \n\u00ab\u00a0Premi\u00e8res Heures en Chantier \u00a0\u00bb port\u00e9 par le Minist\u00e8re du Travail, du Sant\u00e9 et des Solidarit\u00e9s et  \nl'association Convergence France\u00a0; \nDDETS du Var\nCS 31209 \u2013 83070 TOULON Cedex\nSite internet\u00a0: http://www.paca.ddets.gouv.fr\nDirection d\u00e9partementale de l'emploi, du travail et des solidarit\u00e9s du Var - 83-2025-08-07-00020 - 2025 08 07-D\u00e9cision d\u00e9rogation\ncollective dur\u00e9e hebdomadaire travail EN CHEMIN 4\nConsid\u00e9rant que le programme Premi\u00e8res Heures en Chantier est un SAS temporaire, tr\u00e8s progressif,  \nadapt\u00e9 et destin\u00e9 aux personnes \u00e0 la rue, en situation de grande exclusion, tr\u00e8s \u00e9loign\u00e9es de l'emploi  \npour lesquels les dispositifs d'insertion classiques s'av\u00e8rent inadapt\u00e9s\u00a0;\nConsid\u00e9rant qu'aux termes de l'article D 5132-43-9 du code du travail, lors que l'employeur envisage  \nde conclure des contrats de travail d\u00e9rogeant, pour ses salari\u00e9s \u00e9ligibles, \u00e0 la dur\u00e9e hebdomadaire  \nminimale de vingt heures, il fournit au Pr\u00e9fet\u00a0:\n1\u00b0  Un  document  visant  \u00e0  \u00e9tablir  que  l'atelier  et  chantier  d'insertion  porte  un  projet  \nd'accompagnement renforc\u00e9 des salari\u00e9s pr\u00e9sentant des difficult\u00e9s communes particuli\u00e8rement  \nimportantes justifiant le recours \u00e0 cette d\u00e9rogation\u00a0;\n2\u00b0  Tout  document  visant  \u00e0  \u00e9tablir  les  crit\u00e8res  de  s\u00e9lection  des  salari\u00e9s  dans  le  programme \nd'accompagnement sp\u00e9cifique qu'il envisage de mettre en \u0153uvre pendant la p\u00e9riode d\u00e9rogatoire.\nConsid\u00e9rant que l'association EN CHEMIN est conventionn\u00e9e par l'Etat sur le d\u00e9partement du Var en  \ntant qu'atelier et chantier d'insertion\u00a0;\nConsid\u00e9rant que l'atelier et chantier d'insertion EN CHEMIN a \u00e9t\u00e9 retenu par Convergence France et  \nl'Etat pour la mise en \u0153uvre de ce programme \u00ab \u00a0Premi\u00e8res Heures en Chantier \u00a0\u00bb\u00a0et ce  jusqu'au 31  \nd\u00e9cembre 2025\u00a0; \nConsid\u00e9rant que dans ces conditions, la d\u00e9rogation \u00e0 la dur\u00e9e hebdomadaire minimale de travail  \npermettrait \u00e0 des personnes en situation de grande exclusion d'acc\u00e9der \u00e0 ce programme \nARRETE\nArticle  1  er  \u00a0:  L'Atelier  et  Chantier  d'Insertion  EN  CHEMIN  est  autoris\u00e9  \u00e0  d\u00e9roger  \u00e0  la  dur\u00e9e \nhebdomadaire minimale de travail sur la dur\u00e9e de la convention pour accompagner 20 parcours par an  \nsoit une file active moyenne de 10 parcours par an pour un ETP d'\u00e9ducateur socio-professionnel dans  \nle cadre du programme \u00ab\u00a0Premi\u00e8res Heures en Chantier\u00a0\u00bb\u00a0;\nArticle 2\u00a0: Cette pr\u00e9sente d\u00e9rogation est valable \u00e0 compter du 10 ao\u00fbt 2025 et ce jusqu'au 9 ao\u00fbt 2026  \nafin de mettre en \u0153uvre le projet d'accompagnement renforc\u00e9 \u00e0 destination des salari\u00e9s pr\u00e9sentant  \nles crit\u00e8res mentionn\u00e9s \u00e0 l'article D 5132-43-9 du Code du Travail et d\u00e9crits dans les justificatifs de la  \ndemande\u00a0;\nArticle 3 : Le respect de ces crit\u00e8res est appr\u00e9ci\u00e9 par l'Etat lors de la transmission chaque ann\u00e9e par la  \nstructure du bilan portant notamment sur les caract\u00e9ristiques des personnes embauch\u00e9es dans le  \ncadre de la convention\u00a0;\nArticle 4\u00a0: En cas de non-respect de ces crit\u00e8res par l'employeur, l'Etat met un terme \u00e0 la d\u00e9rogation \u00e0  \nla  dur\u00e9e  hebdomadaire  minimale  du  travail  qu'il  a  accord\u00e9e  \u00e0  l'atelier  et  chantier  d'insertion  EN \nCHEMIN ;\nArticle 5\u00a0: Le pr\u00e9sent arr\u00eat\u00e9 sera publi\u00e9 au recueil des actes administratifs de la Pr\u00e9fecture du Var\u00a0;\nArticle 6\u00a0: La directrice d\u00e9partementale de l'emploi, du travail et des solidarit\u00e9s du Var est charg\u00e9e en  \nce qui la concerne de l'ex\u00e9cution du  pr\u00e9sent arr\u00eat\u00e9.\nToulon, le 7 ao\u00fbt 2025\nPour le Pr\u00e9fet et par d\u00e9l\u00e9gation,\nLa directrice d\u00e9partementale de l'emploi, du travail et \ndes solidarit\u00e9s du Var\nSandrine POLYCHRONOPOULOS\nConform\u00e9ment aux dispositions de l'article R 421-1 et suivants du code de justice administrative, le pr\u00e9sent arr\u00eat\u00e9 peut faire  \nl'objet dans un d\u00e9lai de deux mois \u00e0 compter de sa parution\u00a0:\n-d'un recours administratif (recours gracieux aupr\u00e8s du Pr\u00e9fet du Var ou recours hi\u00e9rarchique aupr\u00e8s du Minist\u00e8re du Travail)\n- d'un recours contentieux, devant le  Tribunal administratif de Toulon \u2013 5 rue Racine  BP 40510 \u2013 83041 TOULON. Le tribunal  \nadministratif  peut  \u00eatre  saisi  par  l'application  informatique  \u00ab \u00a0t\u00e9l\u00e9recours  citoyens\u00a0\u00bb  accessible  par  le  site  internet  \nwww.telerecours.fr\nDirection d\u00e9partementale de l'emploi, du travail et des solidarit\u00e9s du Var - 83-2025-08-07-00020 - 2025 08 07-D\u00e9cision d\u00e9rogation\ncollective dur\u00e9e hebdomadaire travail EN CHEMIN 5\nDirection d\u00e9partementale de l'emploi, du travail\net des solidarit\u00e9s du Var\n83-2025-08-07-00021\n2025 08 07-D\u00e9cision d\u00e9rogation collective dur\u00e9e\nhebdomadaire travail FRAT\nDirection d\u00e9partementale de l'emploi, du travail et des solidarit\u00e9s du Var - 83-2025-08-07-00021 - 2025 08 07-D\u00e9cision d\u00e9rogation\ncollective dur\u00e9e hebdomadaire travail FRAT 6\nzsPREFETDU VARLibert\u00e9Egalit\u00e9Fraternit\u00e9\nDirection d\u00e9partementale \nde l'emploi, du travail \net des solidarit\u00e9s\nDECISION N\u00b0 DDETS \u2013 SAE \u2013 2025 \u2013 001\nPortant autorisation de d\u00e9rogation collective \u00e0 la dur\u00e9e hebdomadaire minimale de travail\nLe Pr\u00e9fet du Var,\nChevalier de la L\u00e9gion d'Honneur,\nChevalier de l'Ordre National du M\u00e9rite\nVu  le  Code  du  Travail  et  notamment  son  article  L1242-3  relatif  au  contrat  de  travail  \u00e0  dur\u00e9e \nd\u00e9termin\u00e9e\u00a0;\nVu le Code du Travail et notamment  ses articles D5132-43-5 \u00e0 D5132-43-10 relatifs \u00e0 la d\u00e9rogation \u00e0 la  \ndur\u00e9e hebdomadaire de travail ;\nVu la Loi n\u00b0 2020-1577 du 14 d\u00e9cembre 2020 relative au renforcement de l'inclusion dans l'emploi par  \nl'activit\u00e9 \u00e9conomique et \u00e0 l'exp\u00e9rimentation \u00ab territoire z\u00e9ro ch\u00f4meur de longue dur\u00e9e \u00bb\u00a0;\nVu le d\u00e9cret n\u00b02021-1128 du 30 ao\u00fbt 2021 relatif \u00e0 l'insertion par l'activit\u00e9 \u00e9conomique\u00a0;\nVu l'instruction  DGEFP/SDPAE/MIP/2021  relative  \u00e0  la  mise  en  \u0153uvre  op\u00e9rationnelle  des  mesures \nrelatives \u00e0 l'insertion par l'activit\u00e9 \u00e9conomique (IAE) pr\u00e9vues par la loi n\u00b0 2020-1577 du 14 d\u00e9cembre  \n2020  relative  au  renforcement  de  l'inclusion  dans  l'emploi  par  l'activit\u00e9  \u00e9conomique  et  \u00e0 \nl'exp\u00e9rimentation \u00abterritoire z\u00e9ro ch\u00f4meur de longue dur\u00e9e\u00bb\u00a0;\nVu le d\u00e9cret du Pr\u00e9sident de la R\u00e9publique du 15 mai 2025 portant nomination de M. Simon BABRE,  \npr\u00e9fet du Var ;\nVu l'arr\u00eat\u00e9 conjoint du Premier ministre et du ministre de l'int\u00e9rieur en date du 17 janvier 2025 portant  \nnomination de Madame Sandrine POLYCHRONOPOULOS, directrice d\u00e9partementale de l'emploi, du  \ntravail et des solidarit\u00e9s du Var\u00a0;\nVu l'arr\u00eat\u00e9 pr\u00e9fectoral n\u00b02025/02/MCI en date du 3 f\u00e9vrier 2025 portant d\u00e9l\u00e9gation de signature \u00e0  \nMadame  Sandrine  POLYCHRONOPOULOS,  directrice  d\u00e9partementale  de  l'emploi,  du  travail  et  des \nsolidarit\u00e9s du Var ;\nVu la demande dat\u00e9e du 28 juillet 2025, modifi\u00e9e le 7 ao\u00fbt 2025 et re\u00e7ue compl\u00e8te le 7 ao\u00fbt 2025  par  \nl'association Faire Route Avec Toi \u00ab \u00a0FRAT\u00a0\u00bb situ\u00e9e 2275, Chemin de la Gavaresse \u2013 83220 Le Pradet \u2013  \nSIRET 410\u00a0153\u00a0241\u00a0000 22\u00a0;\nVu la convention annuelle d'objectifs sur le programme \u00abPremi\u00e8res Heures en Chantier \u00bb financ\u00e9e dans \nle cadre du Pacte Local des Solidarit\u00e9s et d\u00e9livr\u00e9e par la M\u00e9tropole Toulon M\u00e9diterran\u00e9e le 25 juillet  \n2025,\nVu la convention de mise en \u0153uvre du programme PHC au sein de la structure FRAT sign\u00e9e les 22 avril  \net 6 mai 2025 entre Convergence France et FRAT\u00a0;\nConsid\u00e9rant que  l'atelier  et  chantier  d'insertion  de  l'association  FRAT  situ\u00e9  2275,  Chemin  de  la \nGavaresse \u2013 83220 Le Pradet sollicite une d\u00e9rogation collective \u00e0 la dur\u00e9e hebdomadaire minimale de  \ntravail afin de mettre en \u0153uvre le dispositif national \u00ab \u00a0Premi\u00e8res Heures en Chantier \u00a0\u00bb port\u00e9 par le  \nMinist\u00e8re du Travail, du Sant\u00e9 et des Solidarit\u00e9s et l'association Convergence France\u00a0; \nDDETS du Var\nCS 31209 \u2013 83070 TOULON Cedex\nDirection d\u00e9partementale de l'emploi, du travail et des solidarit\u00e9s du Var - 83-2025-08-07-00021 - 2025 08 07-D\u00e9cision d\u00e9rogation\ncollective dur\u00e9e hebdomadaire travail FRAT 7\nConsid\u00e9rant que le programme Premi\u00e8res Heures en Chantier est un SAS temporaire, tr\u00e8s progressif,  \nadapt\u00e9 et destin\u00e9 aux personnes \u00e0 la rue, en situation de grande exclusion, tr\u00e8s \u00e9loign\u00e9es de l'emploi  \npour lesquels les dispositifs d'insertion classiques s'av\u00e8rent inadapt\u00e9s\u00a0;\nConsid\u00e9rant qu'aux termes de l'article D 5132-43-9 du code du travail, lors que l'employeur envisage  \nde conclure des contrats de travail d\u00e9rogeant, pour ses salari\u00e9s \u00e9ligibles, \u00e0 la dur\u00e9e hebdomadaire  \nminimale de vingt heures, il fournit au Pr\u00e9fet\u00a0:\n1\u00b0  Un  document  visant  \u00e0  \u00e9tablir  que  l'atelier  et  chantier  d'insertion  porte  un  projet  \nd'accompagnement renforc\u00e9 des salari\u00e9s pr\u00e9sentant des difficult\u00e9s communes particuli\u00e8rement  \nimportantes justifiant le recours \u00e0 cette d\u00e9rogation\u00a0;\n2\u00b0  Tout  document  visant  \u00e0  \u00e9tablir  les  crit\u00e8res  de  s\u00e9lection  des  salari\u00e9s  dans  le  programme \nd'accompagnement  sp\u00e9cifique  qu'il  envisage  de  mettre  en  \u0153uvre  pendant  la  p\u00e9riode  \nd\u00e9rogatoire\u00a0;\n \nConsid\u00e9rant que l'association FRAT est conventionn\u00e9e par l'Etat sur le d\u00e9partement du Var en tant  \nqu'atelier et chantier d'insertion\u00a0;\nConsid\u00e9rant que l'atelier et chantier d'insertion FRAT a \u00e9t\u00e9 retenu par Convergence France et l'Etat  \npour  la  mise  en  \u0153uvre  de  ce  programme  \u00ab\u00a0Premi\u00e8res  Heures  en  Chantier\u00a0\u00bb\u00a0 et  ce  jusqu'au  31 \nd\u00e9cembre 2025\u00a0; \nConsid\u00e9rant que dans ces conditions, la d\u00e9rogation \u00e0 la dur\u00e9e hebdomadaire minimale de travail  \npermettrait \u00e0 des personnes en situation de grande exclusion d'acc\u00e9der \u00e0 ce programme\nARRETE\nArticle 1  er  \u00a0: L'Atelier et Chantier d'Insertion FRAT est autoris\u00e9 \u00e0 d\u00e9roger \u00e0 la dur\u00e9e hebdomadaire  \nminimale de travail sur la dur\u00e9e de la convention pour accompagner 20 parcours par an soit une file  \nactive moyenne de 10 parcours par an pour un ETP d'\u00e9ducateur socio-professionnel dans le cadre du  \nprogramme \u00ab\u00a0Premi\u00e8res Heures en Chantier\u00a0\u00bb\u00a0;\nArticle 2\u00a0: Cette pr\u00e9sente d\u00e9rogation est valable \u00e0 compter du 8 ao\u00fbt 2025 et ce jusqu'au 7 ao\u00fbt 2026  \nafin de mettre en \u0153uvre le projet d'accompagnement renforc\u00e9 \u00e0 destination des salari\u00e9s pr\u00e9sentant  \nles crit\u00e8res mentionn\u00e9s \u00e0 l'article D 5132-43-9 du Code du Travail et d\u00e9crits dans les justificatifs de la  \ndemande\u00a0;\nArticle 3 : Le respect de ces crit\u00e8res est appr\u00e9ci\u00e9 par l'Etat lors de la transmission chaque ann\u00e9e par la  \nstructure du bilan portant notamment sur les caract\u00e9ristiques des personnes embauch\u00e9es dans le  \ncadre de la convention\u00a0;\nArticle 4\u00a0: En cas de non-respect de ces crit\u00e8res par l'employeur, l'Etat met un terme \u00e0 la d\u00e9rogation \u00e0  \nla dur\u00e9e hebdomadaire minimale du travail qu'il a accord\u00e9e \u00e0 l'atelier et chantier d'insertion FRAT ;\nArticle 5\u00a0: Le pr\u00e9sent arr\u00eat\u00e9 sera publi\u00e9 au recueil des actes administratifs de la Pr\u00e9fecture du Var\u00a0;\nArticle 6\u00a0: Le Directeur D\u00e9partemental de l'Emploi, du Travail et des Solidarit\u00e9s du Var est charg\u00e9 en ce  \nqui le concerne de l'ex\u00e9cution du  pr\u00e9sent arr\u00eat\u00e9.\nToulon, le 7 ao\u00fbt 2025\nPour le Pr\u00e9fet et par d\u00e9l\u00e9gation,\n                         La directrice \nSandrine Polychronopoulos\nConform\u00e9ment aux dispositions de l'article R 421-1 et suivants du code de justice administrative, le pr\u00e9sent arr\u00eat\u00e9 peut faire  \nl'objet dans un d\u00e9lai de deux mois \u00e0 compter de sa parution\u00a0:\n-d'un recours administratif (recours gracieux aupr\u00e8s du Pr\u00e9fet du Var ou recours hi\u00e9rarchique aupr\u00e8s du Minist\u00e8re du Travail)\n- d'un recours contentieux, devant le  Tribunal administratif de Toulon \u2013 5 rue Racine  BP 40510 \u2013 83041 TOULON. Le tribunal  \nadministratif  peut  \u00eatre  saisi  par  l'application  informatique  \u00ab \u00a0t\u00e9l\u00e9recours  citoyens\u00a0\u00bb  accessible  par  le  site  internet  \nwww.telerecours.fr\nDirection d\u00e9partementale de l'emploi, du travail et des solidarit\u00e9s du Var - 83-2025-08-07-00021 - 2025 08 07-D\u00e9cision d\u00e9rogation\ncollective dur\u00e9e hebdomadaire travail FRAT 8\nDirection d\u00e9partementale de l'emploi, du travail\net des solidarit\u00e9s du Var\n83-2025-08-05-00013\nArrete modif CDG 05 08 2025\nDirection d\u00e9partementale de l'emploi, du travail et des solidarit\u00e9s du Var - 83-2025-08-05-00013 - Arrete modif CDG 05 08 2025 9\nEsPREFETDU VARLibert\u00e9Egalit\u00e9Fraternit\u00e9\nDirection - CMD\nARR\u00caT\u00c9 PR\u00c9FECTORAL modificatif en date du 05 ao\u00fbt 2025\nmodifiant l'arr\u00eat\u00e9 du 30 juin 2006  portant transfert du secr\u00e9tariat du Conseil M\u00e9dical \nD\u00e9partemental en formation pl\u00e9ni\u00e8re des agents de la fonction publique territoriale au \ncentre de gestion de la fonction publique territoriale du d\u00e9partement du Var modifi\u00e9\nLe Pr\u00e9fet du Var,\nVU le code g\u00e9n\u00e9ral de la fonction publique ;\nVU le d\u00e9cret n\u00b087-602 du 30 juillet 1987 pris pour l'application de la loi n\u00b0 84-53 du 26 janvier  \n1984 portant dispositions statutaires relatives \u00e0 la fonction publique territoriale et relatif \u00e0  \nl'organisation des conseils m\u00e9dicaux, aux conditions d'aptitude physique et au r\u00e9gime des  \ncong\u00e9s de maladie des fonctionnaires territoriaux ;\nVU le d\u00e9cret n\u00b0 2022-350 du 11 mars 2022 relatif aux conseils m\u00e9dicaux dans la fonction  \npublique territoriale ;\nVU l'arr\u00eat\u00e9 du 4 ao\u00fbt 2004 relatif aux commissions de r\u00e9forme des agents de la fonction  \npublique territoriale et de la fonction publique hospitali\u00e8re ;\nVU la lettre en date du 29 mars 2006 par lequel le pr\u00e9sident du centre de gestion de la  \nfonction publique territoriale du Var a sollicit\u00e9 le transfert de la commission de r\u00e9forme des  \nagents de la fonction publique territoriale ;\nVU  l'arr\u00eat\u00e9  pr\u00e9fectoral  en  date  du  30  juin  2006  portant  transfert  du  secr\u00e9tariat  de  la  \ncommission de r\u00e9forme d\u00e9partementale des agents de la fonction publique territoriale au  \ncentre de gestion de la fonction publique territoriale du d\u00e9partement du Var modifi\u00e9 ;\nVU l'arr\u00eat\u00e9 pr\u00e9fectoral en date du 27 juin 2025  fixant la liste des m\u00e9decins g\u00e9n\u00e9ralistes et  \nsp\u00e9cialistes agr\u00e9\u00e9s pour le d\u00e9partement du Var ;\nVU l'arr\u00eat\u00e9 pr\u00e9fectoral en date du 28 juin 2025 fixant la composition du conseil m\u00e9dical  \nd\u00e9partemental du Var ;\nVU l'arr\u00eat\u00e9 pr\u00e9fectoral  en date du 04 ao\u00fbt 2022 modifiant l'arr\u00eat\u00e9 du 30 juin 2006 portant  \ntransfert du secr\u00e9tariat du conseil m\u00e9dical d\u00e9partemental en formation pl\u00e9ni\u00e8re des agents  \nde la fonction publique territoriale au centre de gestion de la fonction publique territoriale du \nd\u00e9partement du Var modifi\u00e9 ; \n7777                                                                                                                     \nDirection D\u00e9partementale \nde l'emploi, du Travail et \ndes Solidarit\u00e9s\nDirection d\u00e9partementale de l'emploi, du travail et des solidarit\u00e9s du Var - 83-2025-08-05-00013 - Arrete modif CDG 05 08 2025 10\nVU l'arr\u00eat\u00e9 pr\u00e9fectoral modificatif en date du 12 mai 2025 modifiant l'arr\u00eat\u00e9 du 30 juin 2006  \nportant transfert du secr\u00e9tariat du conseil m\u00e9dical d\u00e9partemental en formation pl\u00e9ni\u00e8re des  \nagents  de  la  fonction  publique  territoriale  au  centre  de  gestion  de  la  fonction  publique \nterritoriale du d\u00e9partement du Var modifi\u00e9 ; \nVU la lettre en date du  16 juillet 2025  du pr\u00e9sident du centre de gestion de la fonction  \npublique territoriale du Var pour le renouvellement des membres du conseil m\u00e9dical en  \nformation pl\u00e9ni\u00e8re reprenant l'ensemble de sa composition;\nSUR proposition de la directrice d\u00e9partementale de l'emploi, du travail et des solidarit\u00e9s du  \nVar ;\nARR\u00caTE :\nARTICLE 1er : Est nomm\u00e9 Pr\u00e9sident du Conseil M\u00e9dical D\u00e9partemental du Var, Monsieur le \ndocteur Richard BOVET.\nEn cas d'absence du m\u00e9decin-pr\u00e9sident en s\u00e9ance, la pr\u00e9sidence est assur\u00e9e par le m\u00e9decin \nqu'il aura d\u00e9sign\u00e9 ou, \u00e0 d\u00e9faut, par le plus \u00e2g\u00e9 des m\u00e9decins pr\u00e9sents.\nARTICLE 2 :  Sont nomm\u00e9s membres du Conseil M\u00e9dical D\u00e9partemental du Var :\nTitulaires Suppl\u00e9ants\nM. le Dr Richard BOVET M.le Dr Philippe BERNARD\nM. le Dr Jean-Baptiste CHURET  M. le Dr Pierre CRISTOFARI\nMme le Dr H\u00e9l\u00e8ne BERLIOUX SANS M. le Dr Marc DECUGIS\nM. le Dr Herv\u00e9 DE PERETTI\nM. le Dr Yves GARRY\nMme le Dr Genevi\u00e8ve GENET\n M. le Dr Andr\u00e9 GROUSSET\n M. le Dr Bernard JOUSSAUME\n  M. le Dr R\u00e9gis LAURE\n M. le Dr Richard MAGE\nM. le Dr Julien POLICAND\nM. le Dr Jean-Paul REBOUAH\nM. le Dr G\u00e9rard ROZENBAUM\nM. le Dr Jean-Erasme SANTI\nDirection d\u00e9partementale de l'emploi, du travail et des solidarit\u00e9s du Var - 83-2025-08-05-00013 - Arrete modif CDG 05 08 2025 11\nARTICLE 3 : Les repr\u00e9sentants de l'administration des collectivit\u00e9s affili\u00e9es au centre de \ngestion du Var  sont pour les agents suivants :\nCat\u00e9gories A-B-C\nTITULAIRES SUPPLEANTS\nMme Blandine MONIER, Maire d'EVENOS\nM. Bernard CHILINI, Maire de FIGANIERES\nM. Christian SIMON, Maire de LA CRAU\nM. Robert BENEVENTI, Maire d'OLLIOULES\nM. Ren\u00e9 UGO, Maire de SEILLANS\nM.  Paul  BOUDOUBE,  Maire  de  PUGET-SUR- \nARGENS\nARTICLE 4   :   Les repr\u00e9sentants de l'administration des communes, CCAS et \u00e9tablissements \nnon affili\u00e9s au centre de gestion du Var sont pour les agents suivants  :\nDRACENIE PROVENCE VERDON AGGLOMERATION\nCat\u00e9gorie A\nTITULAIRES SUPPLEANTS\nM. Richard STRAMBIO \nM. Daniel MARIA\nM. Claude ALEMAGNA\nM. Raymond GRAS\nM. G\u00e9rald PIERRUGUES\nM. Hugues MARTIN\nCat\u00e9gorie B\nTITULAIRES SUPPLEANTS\nM. Richard STRAMBIO \nM. Daniel MARIA\nM. Claude ALEMAGNA\nMme Val\u00e9rie MARCY\nM. Raymond GRAS\nM. G\u00e9rald PIERRUGUES\nM. Hugues MARTIN\nMme Karine ALSTERS\nCat\u00e9gorie C\nTITULAIRES SUPPLEANTS\nM. Richard STRAMBIO \nM. Daniel MARIA\nM. Claude ALEMAGNA\nMme Val\u00e9rie MARCY\nM. Serge BALDECCHI\nM. Raymond GRAS\nM. G\u00e9rald PIERRUGUES\nM. Hugues MARTIN\nMme Karine ALSTERS\nM. Christophe CARRIERE\n7777                                                                                                                     \nDirection d\u00e9partementale de l'emploi, du travail et des solidarit\u00e9s du Var - 83-2025-08-05-00013 - Arrete modif CDG 05 08 2025 12\nMAIRIE DE DRAGUIGNAN + CCAS DE DRAGUIGNAN\nCat\u00e9gorie A  \nTITULAIRES SUPPLEANTS\nM. Richard STRAMBIO\nMme Brigitte DUBOUIS\nMme Christine NICOLETTI\n \nMme Christine PREMOSELLI\nM. Alain VIGIER\nMme Sylviane NERVI-SITA\nCat\u00e9gorie B\nTITULAIRES SUPPLEANTS\nM. Richard STRAMBIO\nMme Brigitte DUBOUIS\nMme Christine NICOLETTI\n Mme Martine ZERBONE\nMme Christine PREMOSELLI\nM. Alain VIGIER\nMme Sylviane NERVI-SITA\nMme Fran\u00e7oise MAURICE\nCat\u00e9gorie C\nTITULAIRES SUPPLEANTS\nM. Richard STRAMBIO\nMme Brigitte DUBOUIS\nMme Christine NICOLETTI\nMme Martine ZERBONE\nM. Jean-Pierre SOUZA\nMme Christine PREMOSELLI\nM. Alain VIGIER\nMme Sylviane NERVI-SITA\nMme Fran\u00e7oise MAURICE\nM. Richard DEVILETTE\nENTENTE INTERDEPARTEMENTALE POUR LA DEMOUSTICATION DU LITTORAL \nMEDITERRANEEN\nCat\u00e9gories A-B-C\nTITULAIRES SUPPLEANTS\nM. Martial ALVAREZ\n \nMme Martine AMSELLEM\nM. Robert CRAUSTE\nM. Christophe MORGO\nMme B\u00e9reng\u00e8re NOGUIER\nM. Cyril MEUNIER\nMAIRIE DE LA VALETTE + CCAS DE LA VALETTE\nCat\u00e9gories A-B-C\nTITULAIRES SUPPLEANTS\nM. Yves JOLY\nMme Claude ARNAUD-GALLI\nM. Jean-Marc LUCIANI\nMme Roselyne MOULARD\nM. Henri-Jean ANTOINE\nM. Michel FAURE\nDirection d\u00e9partementale de l'emploi, du travail et des solidarit\u00e9s du Var - 83-2025-08-05-00013 - Arrete modif CDG 05 08 2025 13\n          MAIRIE DE LA GARDE\nCat\u00e9gories A-B-C\nTITULAIRES SUPPLEANTS\nM. Jean Claude MARASTONI\n \nMme Flora MARTINO\nMme H\u00e9l\u00e8ne ARNAUD-BILL\nM. Jean-Eric LODEVIC\nMme Brigitte MORILLION\nM. Andr\u00e9 BAULON\nCCAS DE LA GARDE\nCat\u00e9gories A-B-C\nTITULAIRES SUPPLEANTS\nMme Marie-H\u00e9l\u00e8ne CHARLES\n \nMme Flora MARTINO\nM. Florian JONET\nMme C\u00e9line MURENA\nMAIRIE DE HYERES LES PALMIERS\nCat\u00e9gorie A\nTITULAIRES SUPPLEANTS\nMme Sophie MANA\n \nM. Francis ROUX\nMme Val\u00e9rie BATTESTI\nMme Lucette RITONDALE\nCat\u00e9gorie B\nTITULAIRES SUPPLEANTS\nMme Sophie MANA\nMme Lucette RITONDALE\nM. Francis ROUX\nM. R\u00e9my THIEBAUD\nCat\u00e9gorie C\nTITULAIRES SUPPLEANTS\nMme Sophie MANA\nMme Lucette RITONDALE\nM. S\u00e9bastien FRATELLA GUIOL\nM. Francis ROUX\n7777                                                                                                                     \nDirection d\u00e9partementale de l'emploi, du travail et des solidarit\u00e9s du Var - 83-2025-08-05-00013 - Arrete modif CDG 05 08 2025 14\nCCAS DE HYERES LES PALMIERS\nCat\u00e9gories A-B-C\nTITULAIRES SUPPLEANTS\nMme Claude DECUGIS\n \nMme Jeaninne COLLOMBAT\nM. Thomas PHILIP\nMme Monique BRILLAUX- PLASSARD\nMAIRIE DE   LA SEYNE SUR MER  \nCat\u00e9gories A-B-C\nTITULAIRES SUPPLEANTS\nMme Christine CUNIBERTI\nMme V\u00e9ronique LEPORTOIS\nMme Virginie SANCHEZ\nMme Sandra TORRES\nM. Dominique LEXA\nMme Val\u00e9rie GUITTIENNE\nCCAS DE LA SEYNE SUR MER\nCat\u00e9gories A-B-C\nTITULAIRES SUPPLEANTS\nMme V\u00e9ronique LEPORTOIS\n \n \nMme Marie-Claude PAGANELLI-ARGIOLAS\nMme Val\u00e9rie GUITTIENNE\nMme Kristelle VINCENT\n \nM. Damien GUTTIEREZ\nMme Sophie MONTBARBON\nMAIRIE DE SIX FOURS LES PLAGES+ CCAS DE SIX FOURS LES PLAGES\n+ CAISSE DES ECOLES DE SIX FOURS   LES PLAGES  \nCat\u00e9gories A-B-C\nTITULAIRES SUPPLEANTS\nM. Jean-S\u00e9bastien VIALATTE\nMme Delphine QUIN\nMme Agn\u00e8s ROSTAGNO\nM. Andr\u00e9 MERCHEYER\nM. Joseph MULE\nM. Patrick PEREZ \nMme St\u00e9phanie GUILLAUME\nMme Sandra KUNTZ\nDirection d\u00e9partementale de l'emploi, du travail et des solidarit\u00e9s du Var - 83-2025-08-05-00013 - Arrete modif CDG 05 08 2025 15\nMAIRIE DE SAINT RAPHAEL + CCAS DE SAINT RAPHAEL\nCat\u00e9gorie A\nTITULAIRES SUPPLEANTS\nMme Josiane CHIODI\nM. Maxime GRILLET\nM. Max BOYER\nMme Hafida RAMI\nM. Guillaume DECARD\nMme Fran\u00e7oise DUMONT\nCat\u00e9gorie B\nTITULAIRES SUPPLEANTS\nMme Josiane CHIODI\nMme Dani\u00e8le LOMBARD\nM. Max BOYER\nMme Hafida RAMI\nM. Guillaume DECARD\nMme Fran\u00e7oise DUMONT\n         Cat\u00e9gorie C\nTITULAIRES SUPPLEANTS\nMme Josiane CHIODI\nM. Bernard SABY\nMme Patricia HAUTEUR\nMme Ginette CIFRE\nM. Max BOYER\nM. Fr\u00e9d\u00e9ric HEUDIARD\nMAIRIE DE SAINTE MAXIME + CCAS DE SAINTE MAXIME\nCat\u00e9gories A-B-C\nTITULAIRES SUPPLEANTS\nMme Julienne GAUTIER \nM. Patrick VASSAL \nM. Thierry GOBINO \n Mme Danielle PROVOST\nMAIRIE DE FREJUS + CCAS DE FREJUS\nCat\u00e9gories A-B-C\nTITULAIRES SUPPLEANTS\nMme Carine LEROY\n \nMme Nassima BARKALLAH\nM. Michel BOURDIN\nM. Patrick PERONA \n7777                                                                                                                     \nDirection d\u00e9partementale de l'emploi, du travail et des solidarit\u00e9s du Var - 83-2025-08-05-00013 - Arrete modif CDG 05 08 2025 16\nMAIRIE DE TOULON\nCat\u00e9gories A-B-C\nTITULAIRES SUPPLEANTS\nMme Jos\u00e9e MASSI\n \nM. Albert TANGUY\nM. Thierry CAMPUS\nM. Jean-Charles BROCHOT\nCCAS DE TOULON\nCat\u00e9gories A-B-C\nTITULAIRES SUPPLEANTS\nMme Dominique ANDREOTTI\nM.Benjamin BIGUER\nM. Clair AZIMBAR\nMme Val\u00e9rie MONDONE\nMme Jeanine BONNET MAGOT\nMme Eva CAILLAT-METGE\nCONSEIL DEPARTEMENTAL DU VAR\nCat\u00e9gories A-B-C\nTITULAIRES SUPPLEANTS\nMme Chantal LASSOUTANIE\nMme Val\u00e9rie RIALLAND\nM. Joseph MULE\nMme Jos\u00e9e MASSI\nCONSEIL REGIONAL SUD PROVENCE ALPES COTE D'AZUR\nCat\u00e9gories A-B-C\nTITULAIRES SUPPLEANTS\nM. Jean-Pierre COLIN\nM. Herv\u00e9 STASSINOS\nMme Josy CHAMBON\nM. Mohammed MAHALI\nM. Philippe DELAUNAY\nMme Edwige MARINO\nDirection d\u00e9partementale de l'emploi, du travail et des solidarit\u00e9s du Var - 83-2025-08-05-00013 - Arrete modif CDG 05 08 2025 17\nDIRECTION DEPARTEMENTALE DES SERVICES D'INCENDIE ET DE SECOURS DU VAR\nPAT et SPP Cat\u00e9gories A -B-C\nTITULAIRES SUPPLEANTS\nM. Ludovic PONTONE\n \nM. Andr\u00e9 GARRON\nM. Thomas DOMBRY\nM. Emilien LEONI\nM. Jean-Michel DRAGONE\nMme Chantal LASSOUTANIE\nCat\u00e9gorie SPV\nTITULAIRES SUPPLEANTS\nM. Andr\u00e9 GARRON\nM. Ludovic PONTONE \nM. Thomas DOMBRY\nM. Emilien LEONI\nM. Christophe CHIOCCA\nMme Christine ARENAS\n \nARTICLE 5     :   Les repr\u00e9sentants du personnel des collectivit\u00e9s affili\u00e9es au Centre de Gestion du \nVar (CDG) sont pour les agents suivants :\nCat\u00e9gorie A\nTITULAIRES SUPPLEANTS\nM. Laurent BRAZILLIER - Mairie de LA LONDE \nLES MAURES\nMme  Alexandra  GRECH  \u2013  Mairie  de  LE  \nREVEST LES EAUX\nM. Eric TREMEREL - Mairie de LES ADRETS DE \nL'ESTEREL\nM. Yves HEDON - Mairie de LA LONDE LES  \nMAURES\nM.  R\u00e9mi  MOREAU  \u2013 Mairie  de  LE  LUC  EN  \nPROVENCE\nCat\u00e9gorie B\nTITULAIRES SUPPLEANTS\nM.  Gr\u00e9gory  PETYT  -  M\u00e9tropole  TOULON  \nPROVENCE MEDITERRANNEE\nM. Christophe NIVIERE \u2013 Mairie de LE LUC  \nEN PROVENCE\nM. Alex MAZIERS - Mairie de MONTAUROUX\nM. Christophe CHANTELARD - Mairie de LE  \nBEAUSSET\nMme Sophie MIRRA \u2013 Mairie d'OLLIERES\nM.  Martial  MARTINEZ  \u2013  Mairie  de  PUGET  \nSUR ARGENS\n7777                                                                                                                     \nDirection d\u00e9partementale de l'emploi, du travail et des solidarit\u00e9s du Var - 83-2025-08-05-00013 - Arrete modif CDG 05 08 2025 18\nCat\u00e9gorie C\nTITULAIRES SUPPLEANTS\nMme  Patricia  RODRIGUEZ  -  Mairie  de  LA  \nLONDE LES MAURES\nM. Miguel SANCHEZ \u2013 Mairie de CUERS\nMme  Sophie  CAMPANA  -  M\u00e9tropole  \nTOULON PROVENCE MEDITERRANNEE\nMme  St\u00e9phanie  GAUTIER  -  Mairie  de  \nCOGOLIN\nMme Jocelyne PARISOT \u2013 CIAS VALLEE DU  \nGAPEAU \nM.  Eddy  NAIRI  -  M\u00e9tropole  TOULON  \nPROVENCE MEDITERRANNEE\nARTICLE 6 :  Les repr\u00e9sentants du personnel des communes, CCAS et \u00e9tablissements non  \naffili\u00e9s au centre de gestion du Var sont pour les agents suivants :\nDRACENIE PROVENCE VERDON AGGLOMERATION\nCat\u00e9gorie A\nTITULAIRES SUPPLEANTS\nMme Isabelle BOULOT\nM. Nicolas DEMULE\nMme Rapha\u00eblle PALMIERI\nM. Cyril LAFONT\nCat\u00e9gorie B\nTITULAIRES SUPPLEANTS\nMme St\u00e9phanie MENAGER\nM. Christophe MONGE\nMme Sophie GRASSO\nM. Julien ICARD\nMme Magali RASSI\nMme Nathalie MARTINAGE\nCat\u00e9gorie C\nTITULAIRES SUPPLEANTS\nMme C\u00e9cile PEAUDECERF\nM. Christophe PINI\nM. R\u00e9mi CALZIA\nMme Claudia BARBIERI\nMme Chrystel ROUX\nDirection d\u00e9partementale de l'emploi, du travail et des solidarit\u00e9s du Var - 83-2025-08-05-00013 - Arrete modif CDG 05 08 2025 19\nMAIRIE DE DRAGUIGNAN + CCAS DE DRAGUIGNAN\nCat\u00e9gorie A\nTITULAIRES SUPPLEANTS\nM. Patrice DUHAN\nMme St\u00e9phanie RUSSOLILLO\n-\nCat\u00e9gorie B\nTITULAIRES SUPPLEANTS\nM. Yannick MAHAUD\nM. David GAILLET\nMme Sandrine GARROPE\nMme Natacha GRANDMOUGIN\nMme Alexandra SAUBESTRE\nCat\u00e9gorie C\nTITULAIRES SUPPLEANTS\nM. Eric DAPRA\nM. Thierry MORETTI\nM. David GALLESIO\nM. J\u00e9r\u00f4me VERDIS\nM. Ludovic AGNELLO\nENTENTE INTERDEPARTEMENTALE POUR LA DEMOUSTICATION DU LITTORAL \nMEDITERRANEEN\nCat\u00e9gorie A\nTITULAIRES SUPPLEANTS\nM. Jean-Michel PENUELAS\n \nMme Dominique GINDRE\nM. Nicolas NOUVIAIRE\nM. Hugues HORTEFEUX\nMme Magalie CHATEAU\nM. Gr\u00e9gory L'AMBERT\nCat\u00e9gorie B\nTITULAIRES SUPPLEANTS\nMme Adeline LARGHI\n \nM. Laurent WOOCK\nM. J\u00e9r\u00f4me VIDAL\nMme Nathalie GOUGIS\nM. Jean-Baptiste FERRE \nMme Virginie CHAUSI \n7777                                                                                                                     \nDirection d\u00e9partementale de l'emploi, du travail et des solidarit\u00e9s du Var - 83-2025-08-05-00013 - Arrete modif CDG 05 08 2025 20\nCat\u00e9gorie C\nTITULAIRES SUPPLEANTS\nM. Jos\u00e9 TRINDADE\n \nMme C\u00e9cile EMIN\nM. Beno\u00eet PIZZOLATO\nM. Yannick FIRMIN\nMme Virginie GIRARD\nM. Serge SARIVIERE\nMAIRIE DE FREJUS + CCAS DE FREJUS\nCat\u00e9gorie A\nTITULAIRES SUPPLEANTS\nM. Fr\u00e9d\u00e9ric BALDOUREAUX \nM. Laurent LE TOUZO\n \n-\nCat\u00e9gorie B\nTITULAIRES SUPPLEANTS\nMme Florence SOLIVERES \nM. Benoit DUVEAU\nM. Alban CARANTA\nMme Nathalie TAILLEUR\nCat\u00e9gorie C\nTITULAIRES SUPPLEANTS\nMme Alba GAUTHIER\nMr Azeddine EL BEHRAOUI\nMme Sophie BERDA\nM. Patrick ROSIAK\nMAIRIE DE HYERES LES PALMIERS\nCat\u00e9gorie A\nTITULAIRES SUPPLEANTS\nM. Pierre AVRIAL\nMme Karine RAMANAMIHANTATSOARANA\nM. Nicolas ISTACE\nMme Floriane MONTENAY\nMme Christine PECOT\nM. Fr\u00e9d\u00e9ric MARI\nDirection d\u00e9partementale de l'emploi, du travail et des solidarit\u00e9s du Var - 83-2025-08-05-00013 - Arrete modif CDG 05 08 2025 21\nCat\u00e9gorie B\nTITULAIRES SUPPLEANTS\nMme Nathalie TAMISIER CROISARD\nM. Richard CABIOCH\nM. Dominique BOURGERY\nMme Latifa MBAYA\nMme Sandra GODFROY\nCat\u00e9gorie C\nTITULAIRES SUPPLEANTS\nM. Alain LATORRE\nM. Quentin SCANNAPIECO\nM. Pierre DEVALOIS\nMme Delphine GALVAGNO\nM. Alban SAILLY\nCCAS DE HYERES LES PALMIERS\nCat\u00e9gorie A\nTITULAIRES SUPPLEANTS\nMme Carole MEDINA\nMme Magali BEAUFILS\nMme Sophie MATEO\nCat\u00e9gorie B\nTITULAIRES SUPPLEANTS\nMme Marie-Laure FRADIER\nMme Christine TRITZ\n  Mme Flora SAIR\nCat\u00e9gorie C\nTITULAIRES SUPPLEANTS\nM. Anthony PILON\nMme Christine KISS\nMme Elodie VACCHINO VERAN\nMme Sophie ARRIGHI\nMme C\u00e9line FERLONI\nMme Isabelle GUITTON\nMAIRIE DE LA GARDE + CCAS DE LA GARDE\nCat\u00e9gorie A\nTITULAIRES SUPPLEANTS\nMme Laur\u00e8ne GONCALVES DE ARAUJO\nMme Myriam ROUX\nM. Fr\u00e9d\u00e9ric FERRER\nMme Brigitte TONELLI\n7777                                                                                                                     \nDirection d\u00e9partementale de l'emploi, du travail et des solidarit\u00e9s du Var - 83-2025-08-05-00013 - Arrete modif CDG 05 08 2025 22\nCat\u00e9gorie B\nTITULAIRES SUPPLEANTS\nMme Le\u00efla GODARD \nMme La\u00ebtitia PITTAVINO\nMme Carole FOOS\nM. Erik MONTANARO\nMme Sabine VALANTIN\nCat\u00e9gorie C\nTITULAIRES SUPPLEANTS\nM. St\u00e9phane GUIBERGIA\nM. Bruno CHAMPION\nMme Pascale NOUVEL DE LA FLECHE\nMme Cathy SUEUR\nM. G\u00e9rald PINGUET\nMme Val\u00e9rie SIREROL\nMAIRIE DE   LA SEYNE SUR MER + CCAS DE LA SEYNE SUR MER  \n+ CAISSE DES ECOLES DE LA SEYNE SUR MER\nCat\u00e9gorie A\nTITULAIRES SUPPLEANTS\nM. Marc ODER\nMme Patricia MAFFIOLO\nMme S\u00e9verine PIERRE\nM. Fabrice FIOL\nMme H\u00e9l\u00e8ne GOIRAN / JOUSSE\nM. Gilles GAUTIER\nCat\u00e9gorie B\nTITULAIRES SUPPLEANTS\nMme C\u00e9line CAMPELLO\nM. Emmanuel MEROLA\nMme Isabelle FRONSACQ\nMme Akila DEROUSSI\nMme Lydie ROELS\nM. David HARANT\nCat\u00e9gorie C\nTITULAIRES SUPPLEANTS\nMme Magali BONIFACCINO\nMme Christine LA\u00cf\nM. Laurent LOISEAU\nM. Romuald CAFFI\nMme Nathalie LE PAREUX\nM. Sofiane TAGOURTI\nDirection d\u00e9partementale de l'emploi, du travail et des solidarit\u00e9s du Var - 83-2025-08-05-00013 - Arrete modif CDG 05 08 2025 23\nMAIRIE DE LA VALETTE DU VAR + CCAS DE LA VALETTE DU VAR\nCat\u00e9gorie A\nTITULAIRES SUPPLEANTS\nM. Michel MITROVIC\nMme Nathalie GIRERD\nMme Fathia ABBOU\nMme Laetitia PIERRE\nMme Fanny BOCQUET\nMme Sophie CECCALDI\nCat\u00e9gorie B\nTITULAIRES SUPPLEANTS\nMme Fabienne HERBANE \nMme Nathalie POUILLOT\nMme Mariana HUNZINGER\nMme Sylvie CISSE\nMme Marie-H\u00e9l\u00e8ne ROUGIERS\nMme Julia ASSANY\nCat\u00e9gorie C\nTITULAIRES SUPPLEANTS\nMme Natacha HERRERA\nMme St\u00e9phanie RALLO\nMme Sophia CHGAR\nM. St\u00e9phane DI MEO\nM. Jean-Baptiste ASCENSIO\nM. Gilles DUBOS\nMAIRIE DE   SAINTE-MAXIME + CCAS DE SAINTE-MAXIME  \nCat\u00e9gorie A\nTITULAIRES SUPPLEANTS\nMme Sandrine DESPREAUX\nM. R\u00e9gis CHARBONNEAU\nMme B\u00e9atrice MULLER-BOYER\nMme Nad\u00e8ge MIGLIERINA\nCat\u00e9gorie B\nTITULAIRES SUPPLEANTS\nM. Thierry MAURO\nMme Rachel JESTIN\nM. Michel MAGAGLIO\nCat\u00e9gorie C\nTITULAIRES SUPPLEANTS\nM. Gr\u00e9gory FLESIA\nMme V\u00e9ronique SEGUIN RAMOUL\nM. Michel DACHEZ\nM. Sylvain BIDAULT\n7777                                                                                                                     \nDirection d\u00e9partementale de l'emploi, du travail et des solidarit\u00e9s du Var - 83-2025-08-05-00013 - Arrete modif CDG 05 08 2025 24\nMAIRIE DE SAINT RAPHAEL + CCAS DE SAINT RAPHAEL\nCat\u00e9gorie A\nTITULAIRES SUPPLEANTS\nM. Nicolas PERSET\nM. Alexandre GUILLE\nMme Elodie BERTORA\nCat\u00e9gorie B\nTITULAIRES SUPPLEANTS\nMme Sandrine GAIERO\nM. Roger MERLINO\nM. Julien DA CRUZ\nMme Charlotte PEDRABISSI\nMme Lisa PAPPADA\nMme Sylvie BOYER\nCat\u00e9gorie C\nTITULAIRES SUPPLEANTS\nM. David MUNIER\nM. Paul GOUYON\nM. Damien ROUDILLAUD\nMme Nicole LE NORMAND\nM. Nicolas ALFANO\nMme Dominique ARHAB\nMAIRIE DE SIX FOURS LES PLAGES+ CCAS DE SIX FOURS LES PLAGES\n+ CAISSE DES ECOLES DE SIX FOURS   LES PLAGES  \nCat\u00e9gorie A\nTITULAIRES SUPPLEANTS\nMme Anne AUSSENAC\nMme Vanina ROMAN\nM. Christophe GHIGONETTO\nCat\u00e9gorie B\nTITULAIRES SUPPLEANTS\nMme Magali PALAZZOLO\nM. Jean-Patrick PALAZZOLO\nM. Yves SAHUC\nMme Marie-Christine COUTEREAU\nMme Agn\u00e8s BASSO\nDirection d\u00e9partementale de l'emploi, du travail et des solidarit\u00e9s du Var - 83-2025-08-05-00013 - Arrete modif CDG 05 08 2025 25\nCat\u00e9gorie C\nTITULAIRES SUPPLEANTS\nM. Pierre-Jean POITEVIN\nM. St\u00e9phane PIZOT-GALLON\nM. Fabrice ROSANO\nMme Linda MACALUSO\nMme Gis\u00e8le BOETTI\nMme St\u00e9phanie MARTINEZ\nMAIRIE DE TOULON + CCAS DE TOULON\nCat\u00e9gorie A\nTITULAIRES SUPPLEANTS\nM. Alain DAUGROIS\nMme H\u00e9l\u00e8ne HEIDET\nM. Georges SPRIET\nMme Olivia COMBALASSE\nMme Marine MAZIERE\nCat\u00e9gorie B\nTITULAIRES SUPPLEANTS\nM. Jean-Luc NICOLAI\nMme Cassandre RIGAUD\nMme Marie-Isabelle MUTIN\nMme Isabelle GONZALEZ\nM. Adrien FAUGERAS\nCat\u00e9gorie C\nTITULAIRES SUPPLEANTS\nM. S\u00e9bastien LAURENT\nM. Emmanuel LOURDIN\nMme Sophie CARRERE\nMme Myl\u00e8ne MARION\nMme H\u00e9l\u00e8ne FALCONE\nMme F\u00e9rouze CHAFAI\nCONSEIL DEPARTEMENTAL DU VAR\nCat\u00e9gorie A\nTITULAIRES SUPPLEANTS\nMme Marie CUVELIER\nM. Freddy KOLIKO\nM. Alban PEREIRA \nMme Sophie WIERZBICKI \nMme Fatiha BENHAYA \nM. Franck BOREA\n7777                                                                                                                     \nDirection d\u00e9partementale de l'emploi, du travail et des solidarit\u00e9s du Var - 83-2025-08-05-00013 - Arrete modif CDG 05 08 2025 26\nCat\u00e9gorie B\nTITULAIRES SUPPLEANTS\nMme Colette SOGGIN GENTILE \nM. Jean-Fran\u00e7ois CHAMPAGNE\nMme Pascale GUAGENTI \nMme Christine RE \nMme Jocelyne GOMEZ\nM. Florent GUIRADO\nCat\u00e9gorie C\nTITULAIRES SUPPLEANTS\nM. Philippe SINOPOLI\nM. Didier RAUSCH\nM. Moussa MEKHAREF \nMme LEROY Carole\nMme Alexandra CLIMENT\nM. Lilian FOURRIQUES\nCONSEIL REGIONAL SUD PROVENCE ALPES COTE D'AZUR\nCat\u00e9gorie A\nTITULAIRES SUPPLEANTS\nM. Jean-Christophe MASSE\nMme Sandrine HENCKEL\nMme Patricia RUIZ\nM. C\u00e9drick REYNAUD\nMme Delphine TRIPIER\nM. Thierry AUFFRAY\nCat\u00e9gorie B\nTITULAIRES SUPPLEANTS\nM. Jean VIPERAI\nM. Christian DIGNANI\nM. St\u00e9phane CAGNET\nMme Jacqueline ALFONSI\nM. Ga\u00ebtan HADOU\nM. Emilien AYGLON\nCat\u00e9gorie C\nTITULAIRES SUPPLEANTS\nM. Nonce BIONDI\nM. Eric MORETTI\nMme Virginie CLOMAN\nM. Hocine LEZRAK\nMme Florence CAPELLO\nM. Wallid JEMIAI\nDirection d\u00e9partementale de l'emploi, du travail et des solidarit\u00e9s du Var - 83-2025-08-05-00013 - Arrete modif CDG 05 08 2025 27\nDIRECTION DEPARTEMENTALE DES SERVICES D'INCENDIE ET DE SECOURS DU VAR\nCat\u00e9gorie PAT A\nTITULAIRES SUPPLEANTS\nMme Magali BRION\nMme C\u00e9line SITRUK\nM. Lo\u00efc CLERGET\nMme Emilie JONES\nM. St\u00e9phane PLOUARD\nM. R\u00e9gis MALLARINO\nCat\u00e9gorie PAT B\nTITULAIRES SUPPLEANTS\nMme Sophie HEDREVILLE\nM. Bruno HYVERNAT\nM. Laurent MELO\nM. Olivier SALESSE\nM. Luc QUESSADA\nM. Cyril LORENZI\nCat\u00e9gorie PAT C\nTITULAIRES SUPPLEANTS\nMme Sylvie GAYTTE\nMme Carinne BERKANI\nM. Olivier CARLOTTI\nM. Alain PIQUENOT\nM. Jean-Paul LIMASSET\nMme Karine VALIN\nCat\u00e9gorie SPP A\nTITULAIRES SUPPLEANTS\nM. fr\u00e9d\u00e9ric IORI \nM. Pascal FOMBELLE\nM. Julien Pierre GOURGUES\nM. Anthony SEONNET\nM. Samuel JACQUET\nM. Fabrice BERNARD\nCat\u00e9gorie SPP B\nTITULAIRES SUPPLEANTS\nM. St\u00e9phane MENAGER\nM. Pascal ROBERT\nM. Michel BIGORGNE\nM. Fr\u00e9d\u00e9ric LEHR\nM. Patrick BARCAROLO\nM. L\u00e9onard BELLANGER\n7777                                                                                                                     \nDirection d\u00e9partementale de l'emploi, du travail et des solidarit\u00e9s du Var - 83-2025-08-05-00013 - Arrete modif CDG 05 08 2025 28\nCat\u00e9gorie SPP C\nTITULAIRES SUPPLEANTS\nM. Christophe JEUDI\nM. Philippe TICHOUX\nM. Micka\u00ebl QUERLIOZ\nM. Romain BLANQUET\nM. Romain POLARD\nM. Micha\u00ebl HERVAS\nCat\u00e9gorie SPV\nTITULAIRES SUPPLEANTS\nM. Herv\u00e9 PENAUD (capitaine)\nM. Jean-Pierre MELI (lieutenant)\nM. Jean BELLANTONI (lieutenant)\nM. Emilien PONS (adjudant-chef)\nM\u00e9decin-chef de la sous-direction sant\u00e9 du service d'incendie et de secours\nPRESIDENT DU CONSEIL MEDICAL POUR LES \nSAPEURS POMPIERS VOLONTAIRES\nSUPPLEANT PRESIDENT DU CONSEIL \nMEDICAL POUR LES SAPEURS POMPIERS \nVOLONTAIRES\nDr Laure DROIN Dr Pierre CERDA\nARTICLE 7 :  L'arr\u00eat\u00e9 pr\u00e9fectoral modificatif en date du 28 mai 2024 est modifi\u00e9 dans son  \nensemble\nDirection d\u00e9partementale de l'emploi, du travail et des solidarit\u00e9s du Var - 83-2025-08-05-00013 - Arrete modif CDG 05 08 2025 29\nARTICLE 8 : Madame la directrice d\u00e9partementale de l'emploi, du travail et des solidarit\u00e9s du  \nVar, Monsieur le pr\u00e9sident du centre de gestion de la fonction publique territoriale du Var  \nsont charg\u00e9s, chacun en ce qui le concerne, de l'ex\u00e9cution du pr\u00e9sent arr\u00eat\u00e9 qui sera ins\u00e9r\u00e9 au \nrecueil des actes administratifs de la pr\u00e9fecture du Var et dont copie sera adress\u00e9e \u00e0 :\n- Monsieur le pr\u00e9sident du conseil m\u00e9dical d\u00e9partemental du Var,\nFait \u00e0 Toulon, le 05 ao\u00fbt 2025\nLe Pr\u00e9fet\n        Simon BABRE\n7777                                                                                                                     \nDirection d\u00e9partementale de l'emploi, du travail et des solidarit\u00e9s du Var - 83-2025-08-05-00013 - Arrete modif CDG 05 08 2025 30\nPr\u00e9fecture du VAR\n83-2025-08-07-00016\nARR\u00caT\u00c9 PR\u00c9FECTORAL n\u00b0 DCL/BERG/2025/140 du\n07 ao\u00fbt 2025 portant agr\u00e9ment de la SAS \u00ab\u00a0BDL\nSERVICES\u00a0\u00bb, pour exercer l'activit\u00e9 de\ndomiciliation d'entreprises.\nPr\u00e9fecture du VAR - 83-2025-08-07-00016 - ARR\u00caT\u00c9 PR\u00c9FECTORAL n\u00b0 DCL/BERG/2025/140 du 07 ao\u00fbt 2025 portant agr\u00e9ment de la SAS\n\u00ab\u00a0BDL SERVICES\u00a0\u00bb, pour exercer l'activit\u00e9 de domiciliation d'entreprises. 31\n=mPREFETDU VARLibert\u00e9Egalit\u00e9Fraternit\u00e9\nDirection de la citoyennet\u00e9 et de la l\u00e9galit\u00e9\nBureau des \u00e9lections et de la r\u00e9glementation g\u00e9n\u00e9rale\nARR\u00caT\u00c9 PR\u00c9FECTORAL n\u00b0 DCL/BERG/2025/140 du 07 ao\u00fbt 2025\nportant agr\u00e9ment de la SAS \u00ab BDL SERVICES \u00bb, pour exercer l'activit\u00e9 de domiciliation \nd'entreprises.\nLe Pr\u00e9fet du Var,\nVu  le  code  de  commerce,  notamment  ses  articles  L.  123-11-2  \u00e0  L.  123-11-5,  L.  123-11-7 ,  et \nR. 123-166-1 et suivants ;\nVu le code mon\u00e9taire et financier, notamment ses articles L. 561-37 \u00e0 L. 561-43  et R. 561-39 et \nsuivants ;\nVu  le d\u00e9cret n\u00b0 2009-1535 du 10 d\u00e9cembre 2009 d\u00e9finissant les modalit\u00e9s de contr\u00f4le du  \nrespect  des  obligations  relatives  \u00e0  la  lutte  contre  le  blanchiment  de  capitaux  et  le \nfinancement  du  terrorisme  par  les  personnes  mentionn\u00e9es  aux  8\u00b0,  9\u00b0  et  15\u00b0  de  l'article \nL. 561-2 du code mon\u00e9taire et financier et relatif \u00e0 la commission nationale des sanctions ;\nVu le d\u00e9cret du Pr\u00e9sident de la R\u00e9publique du 15 mai 2025 portant nomination de Monsieur  \nSimon BABRE, pr\u00e9fet du Var ;\nVu l'arr\u00eat\u00e9 pr\u00e9fectoral n\u00b0 2025/12/MCI du 02 juin 2025 portant d\u00e9l\u00e9gation de signature \u00e0  \nMonsieur  Lucien  GIUDICELLI,  secr\u00e9taire  g\u00e9n\u00e9ral  de  la  pr\u00e9fecture  du  Var,  sous-pr\u00e9fet  de \nl'arrondissement de Toulon ;\nVu l'arr\u00eat\u00e9 pr\u00e9fectoral n\u00b0 2025/53/MCI du 15 juillet 2025 portant d\u00e9l\u00e9gation de signature \u00e0  \nMonsieur Thibaut DARGON, directeur de la citoyennet\u00e9 et de la l\u00e9galit\u00e9 de la pr\u00e9fecture du  \nVar ;\nVu la demande re\u00e7ue \u00e0 la pr\u00e9fecture du Var le 03 juin 2025, compl\u00e9t\u00e9e le 29 juillet 2025, par  \nlaquelle la SAS \u00ab BDL SERVICES \u00bb, repr\u00e9sent\u00e9e par sa pr\u00e9sidente Madame Brigitte SCIBILIA, et  \ndont le si\u00e8ge social est situ\u00e9 175 avenue Saint-Just \u00e0 La Garde (83130), demande l'agr\u00e9ment  \nafin d'exercer l'activit\u00e9 de domiciliation d'entreprises ;\nConsid\u00e9rant que les justificatifs fournis \u00e0 l'appui de la demande permettent de v\u00e9rifier les \nconditions r\u00e9glementaires pr\u00e9vues, en vue de l'octroi de l'agr\u00e9ment permettant d'exercer \nl'activit\u00e9 de domiciliation d'entreprises ;\nSur proposition du secr\u00e9taire g\u00e9n\u00e9ral de la pr\u00e9fecture du Var,\n1/2\nPr\u00e9fecture du VAR - 83-2025-08-07-00016 - ARR\u00caT\u00c9 PR\u00c9FECTORAL n\u00b0 DCL/BERG/2025/140 du 07 ao\u00fbt 2025 portant agr\u00e9ment de la SAS\n\u00ab\u00a0BDL SERVICES\u00a0\u00bb, pour exercer l'activit\u00e9 de domiciliation d'entreprises. 32\nARR\u00caTE\nArticle 1 : La SAS \u00ab BDL SERVICES \u00bb, repr\u00e9sent\u00e9e par sa pr\u00e9sidente Madame Brigitte SCIBILIA,  \net dont le si\u00e8ge social est situ\u00e9 175 avenue Saint-Just \u00e0 La Garde (83130) , est agr\u00e9\u00e9e pour  \nexercer l'activit\u00e9 de domiciliation d'entreprises pour :\n- l'\u00e9tablissement secondaire situ\u00e9 290 avenue Maximilien de Robespierre \u00e0 La Garde (83130) .\nArticle 2  : Cet agr\u00e9ment qui porte le num\u00e9ro DE-83-2025-10 est accord\u00e9, pour une dur\u00e9e de  \nsix ans , sous r\u00e9serve du renouvellement du bail commercial qui arrive \u00e0 expiration le 31  \noctobre 2027 .\nArticle 3 : Le pr\u00e9sent arr\u00eat\u00e9 prendra effet \u00e0 compter de sa date de notification.\nArticle 4  : Le titulaire de cet agr\u00e9ment devra respecter les obligations relatives \u00e0 la lutte  \ncontre le blanchiment des capitaux et le financement du terrorisme pr\u00e9vues aux parties  \nl\u00e9gislatives et r\u00e9glementaires du code mon\u00e9taire et financier.\nArticle 5  : Tout changement substantiel concernant les donn\u00e9es principales de la soci\u00e9t\u00e9  \nindiqu\u00e9es dans le dossier de demande d'agr\u00e9ment initial devra \u00eatre d\u00e9clar\u00e9, dans un d\u00e9lai de  \ndeux mois, par ladite soci\u00e9t\u00e9 \u00e0 la pr\u00e9fecture du Var.\nArticle 6  : Le secr\u00e9taire g\u00e9n\u00e9ral de la pr\u00e9fecture est charg\u00e9 de l'ex\u00e9cution du pr\u00e9sent arr\u00eat\u00e9  \nqui sera publi\u00e9 au recueil des actes administratifs de la pr\u00e9fecture du Var.\nFait \u00e0 Toulon, le 07 ao\u00fbt 2025\nPour le Pr\u00e9fet et par d\u00e9l\u00e9gation,\nle Directeur\nSign\u00e9 : Thibaut DARGON\nDans un d\u00e9lai de deux mois \u00e0 compter de la date de notification du pr\u00e9sent arr\u00eat\u00e9, les recours suivants peuvent \u00eatre introduits \nconform\u00e9ment aux dispositions des articles R. 421-1 et suivants du code de justice administrative :\n- un recours gracieux, adress\u00e9 \u00e0 : M. le pr\u00e9fet du Var \u2013 Bd du 112\u00e8me r\u00e9giment d'infanterie- CS 31209 - 83070 TOULON CEDEX\nDans ce cas, le silence de l'administration vaut rejet implicite au terme d'un d\u00e9lai de deux mois.\nApr\u00e8s un recours gracieux ou hi\u00e9rarchique, le d\u00e9lai du recours contentieux ne court qu'\u00e0 compter du rejet explicite ou implicite \nde l'un des recours.\n- un recours contentieux, en saisissant le Tribunal Administratif de Toulon : 5 rue Racine -BP 40510 - 83 041 TOULON CEDEX 9\nLe tribunal administratif peut \u00eatre saisi par l'application informatique \u00ab  T\u00e9l\u00e9recours citoyens \u00bb accessible par le site internet  \n\u00ab www.telerecours.fr \u00bb.\n2/2\nPr\u00e9fecture du VAR - 83-2025-08-07-00016 - ARR\u00caT\u00c9 PR\u00c9FECTORAL n\u00b0 DCL/BERG/2025/140 du 07 ao\u00fbt 2025 portant agr\u00e9ment de la SAS\n\u00ab\u00a0BDL SERVICES\u00a0\u00bb, pour exercer l'activit\u00e9 de domiciliation d'entreprises. 33\nPr\u00e9fecture du VAR\n83-2025-08-11-00003\nRR\u00caT\u00c9 PR\u00c9FECTORAL n\u00b0 DCL/BERG/2025/0169 du\n11 ao\u00fbt 2025 portant renouvellement de\nl'habilitation dans le domaine fun\u00e9raire\nde l'\u00e9tablissement secondaire \u00ab\u00a0ROBLOT\u00a0\u00bb\n216 Avenue G\u00e9n\u00e9ral Leclerc \u00e0 SAINT-RAPHA\u00cbL\n(83700) - Habilitation N\u00b0 25-83-0301\nPr\u00e9fecture du VAR - 83-2025-08-11-00003 - RR\u00caT\u00c9 PR\u00c9FECTORAL n\u00b0 DCL/BERG/2025/0169 du 11 ao\u00fbt 2025 portant renouvellement de\nl'habilitation dans le domaine fun\u00e9raire\nde l'\u00e9tablissement secondaire \u00ab\u00a0ROBLOT\u00a0\u00bb\n216 Avenue G\u00e9n\u00e9ral Leclerc \u00e0 SAINT-RAPHA\u00cbL (83700) - Habilitation N\u00b0 25-83-0301\n34\n=mPREFETDU VARLibert\u00e9Egalit\u00e9Fraternit\u00e9\nDirection de la citoyennet\u00e9 et de la l\u00e9galit\u00e9\nBureau des \u00e9lections et de la r\u00e9glementation g\u00e9n\u00e9rale\nARR\u00caT\u00c9 PR\u00c9FECTORAL n\u00b0 DCL/BERG/2025/0169 du 11 ao\u00fbt 2025\nportant renouvellement de l'habilitation dans le domaine fun\u00e9raire\nde l'\u00e9tablissement secondaire \u00ab ROBLOT \u00bb\n216 Avenue G\u00e9n\u00e9ral Leclerc \u00e0 SAINT-RAPHA\u00cbL (83700)\nHabilitation N\u00b0 25-83-0301\nLe Pr\u00e9fet du Var,\nVu le code g\u00e9n\u00e9ral des collectivit\u00e9s territoriales  et notamment ses articles L2223-23 et suivants  \nainsi que ses articles R223-56 et suivants ;\nVu la loi n\u00b0 2008-1350 du 19 d\u00e9cembre 2008 relative \u00e0 la l\u00e9gislation fun\u00e9raire ;\nVu le d\u00e9cret du Pr\u00e9sident de la R\u00e9publique du 15 mai 2025, portant nomination de Monsieur  \nSimon BABRE, pr\u00e9fet du Var ;\nVu l'arr\u00eat\u00e9 pr\u00e9fectoral n\u00b0 2025/12/MCI du 2 juin 2025 portant d\u00e9l\u00e9gation de signature \u00e0 Monsieur  \nLucien GIUDICELLI, secr\u00e9taire g\u00e9n\u00e9ral de la pr\u00e9fecture du Var, sous-pr\u00e9fet de l'arrondissement de  \nToulon ;\nVu  l'arr\u00eat\u00e9  pr\u00e9fectoral  n\u00b0  2025/53/MCI  du  15  juillet  2025  portant  d\u00e9l\u00e9gation  de  signature  \u00e0 \nMonsieur Thibaut DARGON, directeur de la citoyennet\u00e9 et de la l\u00e9galit\u00e9 de la pr\u00e9fecture du Var ;\nVu l'arr\u00eat\u00e9 pr\u00e9fectoral n\u00b0 19-83-42 du 29 juillet 2019, portant renouvellement d'habilitation  \ndans le domaine fun\u00e9raire de la chambre fun\u00e9raire \u00ab  OGF PGF  \u00bb situ\u00e9e 216, avenue G\u00e9n\u00e9ral  \nLeclerc, Fond de cours, \u00e0 Saint-Rapha\u00ebl (83700) ;\nVu l'arr\u00eat\u00e9 pr\u00e9fectoral n\u00b0 19-83-43 du 29 juillet 2019, portant renouvellement d'habilitation  \ndans le domaine fun\u00e9raire de l'\u00e9tablissement secondaire \u00ab  ROBLOT \u00bb sis 216, avenue G\u00e9n\u00e9ral  \nLeclerc \u00e0 Saint-Rapha\u00ebl (83700) ;\nVu la demande formul\u00e9e par Monsieur \u00c9douard DELCOURTE, directeur du secteur de Cannes  \n(06400),  en  vue  d'obtenir  le  renouvellement  d'habilitation  dans  le  domaine  fun\u00e9raire  de \nl'\u00e9tablissement secondaire \u00ab ROBLOT \u00bb et de la chambre fun\u00e9raire situ\u00e9s 216, Avenue G\u00e9n\u00e9ral  \nLeclerc \u00e0 Saint-Rapha\u00ebl (83700) ;\nVu le rapport de v\u00e9rification de la chambre fun\u00e9raire du 27 juin 2025, \u00e9tablie par le \u00ab BUREAU \nVERITAS  EXPLOITATION \u00bb  sis  54  rue  Ren\u00e9  Cassin  \u00e0  Bezannes  (51430)  \u00e9mettant  un  avis \nconforme de la chambre fun\u00e9raire ;\nConsid\u00e9rant la compl\u00e9tude du dossier ;\nSur proposition du secr\u00e9taire g\u00e9n\u00e9ral de la pr\u00e9fecture ;\nARR\u00caTE\nArticle 1  :  L'\u00e9tablissement secondaire de pompes fun\u00e8bres relevant de la SAS \u00ab  OGF PGF  \u00bb, \nexploit\u00e9 sous l'enseigne \u00ab  ROBLOT \u00bb sis 216 Avenue G\u00e9n\u00e9ral Leclerc \u00e0 Saint-Rapha\u00ebl (83700),  \n1/2\nPr\u00e9fecture du VAR - 83-2025-08-11-00003 - RR\u00caT\u00c9 PR\u00c9FECTORAL n\u00b0 DCL/BERG/2025/0169 du 11 ao\u00fbt 2025 portant renouvellement de\nl'habilitation dans le domaine fun\u00e9raire\nde l'\u00e9tablissement secondaire \u00ab\u00a0ROBLOT\u00a0\u00bb\n216 Avenue G\u00e9n\u00e9ral Leclerc \u00e0 SAINT-RAPHA\u00cbL (83700) - Habilitation N\u00b0 25-83-0301\n35\ndont Monsieur \u00c9douard DELCOURTE, directeur du secteur de Cannes (06400), est habilit\u00e9  \npour exercer les activit\u00e9s suivantes :\n1 - Transport de corps avant et apr\u00e8s mise en bi\u00e8re,\n2 - Organisation des obs\u00e8ques,\n3 - Soins de conservation en sous-traitance avec :\n- la SARL \u00ab HYGECO POST MORTEM ASSISTANCE \u00bb dont le si\u00e8ge social se situe 20 boulevard  \nde la Muette \u00e0 GARGES-LES-GONESSE (95140), habilit\u00e9e sous le num\u00e9ro 20-95-0068,\n4 - Fourniture des housses, cercueils et accessoires int\u00e9rieur et ext\u00e9rieur ainsi que des urnes\ncin\u00e9raires,\n6 - Gestion et utilisation d'une chambre fun\u00e9raire,\n7 - Fourniture des corbillards et voitures de deuil, dont les v\u00e9hicules immatricul\u00e9s :\n- GX-987-WH, EX-870-WZ et EX-197-WZ,\n8 - Fourniture  de  personnels  et  des  objets  et  prestations  n\u00e9cessaires  aux  obs\u00e8ques, \ninhumations, exhumations et cr\u00e9mations.\nArticle 2     : L'habilitation porte le num\u00e9ro 25-83-0301.\nArticle  3     :  La  pr\u00e9sente  habilitation  est  d\u00e9livr\u00e9e  pour  une  dur\u00e9e  de  cinq  ans,  \u00e0  compter \ndu 24 septembre 2025 et jusqu'au 24 septembre 2030.\nPour  solliciter  le  renouvellement  de  la  pr\u00e9sente  habilitation,  le  b\u00e9n\u00e9ficiaire  devra  faire \nparvenir sa demande en pr\u00e9fecture au plus tard deux mois avant sa date de fin de validit\u00e9.\nArticle 4     : Conform\u00e9ment aux articles L.2223-25 et R.2223-64, D.2223-87 du code g\u00e9n\u00e9ral des  \ncollectivit\u00e9s  territoriales,  et  \u00e0  d\u00e9faut  de  la  production,  dans  les  meilleurs  d\u00e9lais,  des \njustificatifs de conformit\u00e9 des \u00e9quipements, la pr\u00e9sente habilitation pourra \u00eatre suspendue  \npour une dur\u00e9e maximale d'un an ou retir\u00e9e, apr\u00e8s mise en demeure, pour les motifs suivants :\n- non-respect des conditions de sa d\u00e9livrance telles qu'elles sont d\u00e9finies par les dispositions  \ndu code g\u00e9n\u00e9ral des collectivit\u00e9s territoriales ;\n- non exercice ou cessation d'exercice des activit\u00e9s au titre desquelles elle a \u00e9t\u00e9 d\u00e9livr\u00e9e ;\n- atteinte \u00e0 l'ordre public ou danger pour la salubrit\u00e9 publique.\nDans  les  cas  o\u00f9  le  b\u00e9n\u00e9ficiaire  est  un  d\u00e9l\u00e9gataire,  le  retrait  d'habilitation  entra\u00eene  la \nd\u00e9ch\u00e9ance des d\u00e9l\u00e9gations.\nArticle 5     : Le secr\u00e9taire g\u00e9n\u00e9ral de la pr\u00e9fecture du Var est charg\u00e9 de l'ex\u00e9cution du pr\u00e9sent  \narr\u00eat\u00e9 qui sera publi\u00e9 au recueil des actes administratifs de la pr\u00e9fecture du Var et dont une  \ncopie sera adress\u00e9e au maire de la commune de Saint-Rapha\u00ebl pour information.\nFait \u00e0 Toulon, le 11 ao\u00fbt 2025\nPour le pr\u00e9fet et par d\u00e9l\u00e9gation,\nLe directeur de la citoyennet\u00e9\net de la l\u00e9galit\u00e9,\nSign\u00e9\nThibaut DARGON\nDans un d\u00e9lai de deux mois \u00e0 compter de la date de la notification ou de la publication du pr\u00e9sent arr\u00eat\u00e9 au recueil des actes administratifs de la \npr\u00e9fecture, les recours suivants peuvent \u00eatre introduits conform\u00e9ment aux dispositions des articles R. 421-1 et suivants du code de justice \nadministrative :\n- un recours gracieux, adress\u00e9 \u00e0 :\nM. le Pr\u00e9fet du Var - Boulevard du 112\u00e8me r\u00e9giment d'infanterie - CS 31209 - 83070 TOULON CEDEX\n- un recours hi\u00e9rarchique, adress\u00e9 au(x) ministre(s) concern\u00e9(s) ;\nDans ces deux cas, le silence de l'Administration vaut rejet implicite au terme d'un d\u00e9lai de deux mois.\nApr\u00e8s un recours gracieux ou hi\u00e9rarchique, le d\u00e9lai du recours contentieux ne court qu'\u00e0 compter du rejet explicite ou implicite de l'un de ces \nrecours.\n- un recours contentieux, en saisissant le Tribunal Administratif de Toulon : 5 rue Racine -BP 40510 - 83 041 TOULON CEDEX 9\nLe tribunal administratif peut \u00eatre saisi par l'application informatique \u00ab T\u00e9l\u00e9cours \u00bb accessible par le site internet www.telecours.fr.\n2/2\nPr\u00e9fecture du VAR - 83-2025-08-11-00003 - RR\u00caT\u00c9 PR\u00c9FECTORAL n\u00b0 DCL/BERG/2025/0169 du 11 ao\u00fbt 2025 portant renouvellement de\nl'habilitation dans le domaine fun\u00e9raire\nde l'\u00e9tablissement secondaire \u00ab\u00a0ROBLOT\u00a0\u00bb\n216 Avenue G\u00e9n\u00e9ral Leclerc \u00e0 SAINT-RAPHA\u00cbL (83700) - Habilitation N\u00b0 25-83-0301\n36","date":"2025-08-12","first_seen_on":"2025-08-12T16:46:06+00:00","id":"e9e5c6726e69d6ec3c05e864ade9e0432c44014e817caf892e276d0131853ada","name":"RAA N\u00b0270 du 12 ao\u00fbt 2025","pdf_creation_date":"2025-08-12T14:29:51+00:00","pdf_modification_date":null,"timezone":"Europe/Paris","url":"https://www.var.gouv.fr/contenu/telechargement/42354/277101/file/RAA%20N%C2%B0270%20du%2012%20ao%C3%BBt%202025%20NOMINATIF.pdf"}
