{"administration":"pref80","administration_name":"Pr\u00e9fecture de la Somme","content":"PR\u00c9FET\nDE LA SOMME\nRECUEIL DES ACTES\nADMINISTRATIFS SP\u00c9CIAL\nN\u00b02025-020\nPUBLI\u00c9 LE 22 JANVIER 2025\nSommaire\nDirection D\u00e9partementale de la Protection des Populations /\n80-2025-01-19-00001 - Arr\u00eat\u00e9 pr\u00e9fectoral portant abrogation de\nl'arr\u00eat\u00e9 n\u00b0DDPP80-2024-03481 du 31 d\u00e9cembre 2024 d\u00e9terminant\nune zone de contr\u00f4le temporaire autour des cas d'influenza aviaire\nhautement pathog\u00e8ne dans la faune sauvage \u00e0 Friville-escarbotin et les\nmesures applicables dans cette zone lev\u00e9e de zone ZCT (3 pages) Page 3\n80-2025-01-16-00004 - Arr\u00eat\u00e9 pr\u00e9fectoral portant notification\nd'attribution d'un agr\u00e9ment pour les mouvements d'animaux sur le\nterritoire national et pour les \u00e9changes intracommunautaires (4 pages) Page 7\n80-2025-01-21-00001 - Arr\u00eat\u00e9 pr\u00e9fectoral portant subd\u00e9l\u00e9gation\nde signature aux agents de la direction d\u00e9partementale de la protection\ndes populations de la somme (2 pages) Page 12\nDirection d\u00e9partementale des finances publiques de la Somme /\nSecr\u00e9tariat de direction\n80-2025-01-13-00010 - D\u00e9cision de d\u00e9l\u00e9gation g\u00e9n\u00e9rale de de\nsignature hors volet comptable public (2 pages) Page 15\nPr\u00e9fecture de la Somme /\n80-2025-01-20-00002 - arr\u00eat\u00e9 modificatif fixant le calendrier des\njourn\u00e9es nationales de qu\u00eates sur la voie publique pour l'ann\u00e9e 2025\n(6 pages) Page 18\nPr\u00e9fecture de la Somme - Cabinet / Cabinet\n80-2025-01-20-00004 - AP 24/936 portant autorisation provisoire d'un\nsyst\u00e8me de vid\u00e9oprotection (2 pages) Page 25\nSecr\u00e9tariat g\u00e9n\u00e9ral commun d\u00e9partemental de la Somme  /\n80-2025-01-21-00002 - Arr\u00eat\u00e9 du 21 janvier 2025 donnant d\u00e9l\u00e9gation\nen mati\u00e8re d'ordonnancement dans le cadre de l'utilisation de la carte\nachat (3 pages) Page 28\n2\nDirection D\u00e9partementale de la Protection des\nPopulations\n80-2025-01-19-00001\nArr\u00eat\u00e9 pr\u00e9fectoral portant abrogation de l'arr\u00eat\u00e9\nn\u00b0DDPP80-2024-03481 du 31 d\u00e9cembre 2024\nd\u00e9terminant une zone de contr\u00f4le temporaire\nautour des cas d'influenza aviaire hautement\npathog\u00e8ne dans la faune sauvage \u00e0\nFriville-escarbotin et les mesures applicables\ndans cette zone lev\u00e9e de zone ZCT\nDirection D\u00e9partementale de la Protection des Populations - 80-2025-01-19-00001 - Arr\u00eat\u00e9 pr\u00e9fectoral portant abrogation de l'arr\u00eat\u00e9\nn\u00b0DDPP80-2024-03481 du 31 d\u00e9cembre 2024 d\u00e9terminant une zone de contr\u00f4le temporaire autour des cas d'influenza aviaire\nhautement pathog\u00e8ne dans la faune sauvage \u00e0 Friville-escarbotin et les mesures applicables dans cette zone lev\u00e9e de zone ZCT3\n| = Direction  d\u00e9partementale  de la\nPREFET  protection  des populations\nDE LA SOMME  de la Somme\nLibert\u00e9\n\u00c9galit\u00e9\nFraternit\u00e9\nN\u00a3DDPP80-2025-00111\nARR\u00caT\u00c9\nportant  abrogation  de l'arr\u00eat\u00e9  n\u00b0DDPP80-2024-03481  du 31 d\u00e9cembre  2024\nd\u00e9terminant  une  zone  de contr\u00f4le  temporaire  autour  de cas  d'influenza  aviaire\nhautement  pathog\u00e8ne  dans  la faune  sauvage  \u00e0 Friville-Escarbotin  et les mesures\napplicables  dans  cette  zone\nLE PR\u00c9FET  DE LA SOMME\nCHEVALIER  DE LA L\u00c9GION  D'HONNEUR\nVu le r\u00e8glement  (CE)  n\u00b0853/2004  du Parlement  europ\u00e9en  et du Conseil  du 29 avril  2004  fixant  des  r\u00e8gles\nsp\u00e9cifiques  d'hygi\u00e8ne  applicables  aux  denr\u00e9es  alimentaires  d'origine  animale  ;\nL\nVu le r\u00e8glement  (CE)  n\u00b01069/2009  du Parlement  europ\u00e9en  et du Conseil  du 21 octobre  2009  \u00e9tablissant\ndes  r\u00e8gles  sanitaires  applicables  aux  sous-produits  animaux  et produits  d\u00e9riv\u00e9s  non  destin\u00e9s  \u00e0 la\nconsommation  humaine  et abrogeant  le r\u00e8glement  (CE)  n\u00b01774/2002  (r\u00e8glement  relatif  aux  sous-\nproduits  animaux)  ;\nVu le r\u00e8glement  (UE)  2016/429  du Parlement  europ\u00e9en  et du Conseil  relatif  aux  maladies  animales\ntransmissibles,  modifiant  et abrogeant  certains  actes  dans  le domaine  de la sant\u00e9  animale  (\u00ab l\u00e9gislation\nsur  la sant\u00e9  animale\u00bb)  ;\nVu le r\u00e8glement  (UE)  2018/1882  de la Commission  du 3 d\u00e9cembre  2018  sur l'application  de certaines\ndispositions  en mati\u00e9re  de pr\u00e9vention  et de lutte  contre  les maladies  4 des  cat\u00e9gories  de maladies\nr\u00e9pertori\u00e9es  et \u00e9tablissant  une  liste  des  esp\u00e8ces  et des  groupes  d'esp\u00e8ces  qui pr\u00e9sentent  un risque\nconsid\u00e9rable  du point  de vue  de la propagation  de ces  maladies  r\u00e9pertori\u00e9es  ;\nVu le r\u00e8glement  d\u00e9l\u00e9gu\u00e9  (UE)  2020/687  de la Commission  du 17 d\u00e9cembre  2019  compl\u00e9tant  le\nr\u00e8glement  (UE)  2016/429  du Parlement  europ\u00e9en  et du Conseil  en ce qui  concerne  les r\u00e8gles  relatives  \u00e0\nla pr\u00e9vention  de certaines  maladies  r\u00e9pertori\u00e9es  et \u00e0 la lutte  contre  celles-ci  ;\nVu le code  rural  et de la p\u00eache  maritime,  et notamment  ses articles  L. 223-8  et R. 228-1  \u00e0 R. 228-10;\nVu le code  de la justice  administrative,  et notamment  son  article  R. 421-1  et suivants  ;\nDirection D\u00e9partementale de la Protection des Populations - 80-2025-01-19-00001 - Arr\u00eat\u00e9 pr\u00e9fectoral portant abrogation de l'arr\u00eat\u00e9\nn\u00b0DDPP80-2024-03481 du 31 d\u00e9cembre 2024 d\u00e9terminant une zone de contr\u00f4le temporaire autour des cas d'influenza aviaire\nhautement pathog\u00e8ne dans la faune sauvage \u00e0 Friville-escarbotin et les mesures applicables dans cette zone lev\u00e9e de zone ZCT4\nVu le d\u00e9cret  n\u00b02004-374  du 29 avril  2004  modifi\u00e9,  relatif  aux  pouvoirs  des  pr\u00e9fets,  \u00e0 l'organisation  et\nl'action  des services  de l'\u00c9tat  dans  les r\u00e9gions  et les d\u00e9partements  ;\nVu le d\u00e9cret  N\u00b02009-1484  du 3 d\u00e9cembre  2009  relatif  aux  directions  d\u00e9partementales  et\ninterminist\u00e9rielles  ;\nVu le d\u00e9cret  du 13 juillet  2023  portant  nomination  du pr\u00e9fet  de la Somme,  M. Rollon  MOUCHEL-\nBLAISOT  ;\nVu l'arr\u00eat\u00e9  minist\u00e9riel  modifi\u00e9  du 5 juin  2000  relatif  au registre  d'\u00e9levage  ;\nVu l'arr\u00eat\u00e9  du 14 octobre  2005  fixant  les r\u00e8gles  g\u00e9n\u00e9rales  de police  sanitaire  relatives  aux  produits\nd'origine  animale  destin\u00e9s  \u00e0 la consommation  humaine  ;\nVu l'arr\u00eat\u00e9  modifi\u00e9  du 14 mars  2018  modifi\u00e9  relatif  aux  mesures  de pr\u00e9vention  de la propagation  des\nmaladies  animales  via le transport  par  v\u00e9hicules  routiers  d'oiseaux  vivants  :\nVu l'arr\u00eat\u00e9  du 29 septembre  2021  relatif  aux  mesures  de bios\u00e9curit\u00e9  applicables  par  les op\u00e9rateurs  et\nles professionnels  li\u00e9s aux  animaux  dans  les \u00e9tablissements  d\u00e9tenant  des  volailles  ou des  oiseaux  captifs\ndans  le cadre  de la pr\u00e9vention  des  maladies  animales  transmissibles  aux  animaux  ou aux  \u00eatres  humains;\nVu l'arr\u00eat\u00e9  du 25 septembre  2023  relatif  aux  mesures  de surveillance,  de pr\u00e9vention,  de lutte  et de\nvaccination  contre  influenza  aviaire  hautement  pathog\u00e8ne  (IAHP),  et notamment  ses articles  42 et 43 ;\nVu l'arr\u00eat\u00e9  du 31 octobre  2024  qualifiant  le niveau  de risque  en mati\u00e8re  d'influenza  aviaire  hautement\npathog\u00e8ne  ;\nVu l'arr\u00eat\u00e9  pr\u00e9fectoral  n\u00b0DDPP80-2024-03481  du 31 d\u00e9cembre  2024  d\u00e9terminant  une  zone  de contr\u00f4le\ntemporaire  autour  de cas  d'influenza  aviaire  hautement  pathog\u00e8ne  dans  la faune  sauvage  \u00e0 Friville-\nEscarbotin  et les mesures  applicables  dans  cette  zone  ;\nConsid\u00e9rant  l'absence  de mortalit\u00e9  d'oiseaux  sauvages  signal\u00e9e  dans  la zone  de contr\u00f4le  temporaire\ndepuis  au moins  21 jours  ;\nSur  proposition  de la directrice  d\u00e9partementale  de la protection  des  populations  de la Somme  ;\nARR\u00caTE\nArticle  1\u00b0 - Abrogation\nL'arr\u00eat\u00e9  pr\u00e9fectoral  du 31 d\u00e9cembre  2024  susvis\u00e9  est abrog\u00e9  \u00e0 compter  de la signature  du pr\u00e9sent\narr\u00eat\u00e9.\nArticle  2.- Recours\nLe pr\u00e9sent  arr\u00eat\u00e9  peut  faire  l'objet  d'un  recours  contentieux  devant  le tribunal  administratif  d'Amiens\nsis 14 rue  Lemerchier  \u00e0 Amiens,  dans  le d\u00e9lai  de deux  mois  \u00e0 compter  de la notification  de celle-ci.  II\npeut  \u00eatre  saisi  via l'application  \u00ab t\u00e9l\u00e9recours  citoyen  \u00bb accessible  par  le biais  du site  www.telerecours.fr\nDirection D\u00e9partementale de la Protection des Populations - 80-2025-01-19-00001 - Arr\u00eat\u00e9 pr\u00e9fectoral portant abrogation de l'arr\u00eat\u00e9\nn\u00b0DDPP80-2024-03481 du 31 d\u00e9cembre 2024 d\u00e9terminant une zone de contr\u00f4le temporaire autour des cas d'influenza aviaire\nhautement pathog\u00e8ne dans la faune sauvage \u00e0 Friville-escarbotin et les mesures applicables dans cette zone lev\u00e9e de zone ZCT5\nArticle  3.- Ex\u00e9cution\nLe secr\u00e9taire  g\u00e9n\u00e9ral  de la pr\u00e9fecture  de la Somme,  la sous-pr\u00e9f\u00e9te  d''Abbeville,  la directrice\nd\u00e9partementale  de la protection  des  populations,  l'office  fran\u00e7ais  de la biodiversit\u00e9,  les maires  des\ncommunes  situ\u00e9es  en zone  de contr\u00f4le  temporaire  d\u00e9termin\u00e9e  par  l'arr\u00eat\u00e9  pr\u00e9fectoral  du 31 d\u00e9cembre\n2024  susvis\u00e9,  les v\u00e9t\u00e9rinaires  sanitaires  des  exploitations  concern\u00e9es  sont  charg\u00e9s,  chacun  en ce qui le\nconcerne,  de l'application  du pr\u00e9sent  arr\u00eat\u00e9  qui sera  publi\u00e9  au recueil  des  actes  administratifs  de la\nPr\u00e9fecture  et affich\u00e9  dans  les mairies  pr\u00e9cit\u00e9es.\n1 9 JAN 2025Fait  \u00e0 Amiens,  le\nLe pr\u00e9fet,\nRollon  MOUCHEL-BLAISOT\nDirection D\u00e9partementale de la Protection des Populations - 80-2025-01-19-00001 - Arr\u00eat\u00e9 pr\u00e9fectoral portant abrogation de l'arr\u00eat\u00e9\nn\u00b0DDPP80-2024-03481 du 31 d\u00e9cembre 2024 d\u00e9terminant une zone de contr\u00f4le temporaire autour des cas d'influenza aviaire\nhautement pathog\u00e8ne dans la faune sauvage \u00e0 Friville-escarbotin et les mesures applicables dans cette zone lev\u00e9e de zone ZCT6\nDirection D\u00e9partementale de la Protection des\nPopulations\n80-2025-01-16-00004\nArr\u00eat\u00e9 pr\u00e9fectoral portant notification\nd'attribution d'un agr\u00e9ment pour les\nmouvements d'animaux sur le territoire national\net pour les \u00e9changes intracommunautaires\nDirection D\u00e9partementale de la Protection des Populations - 80-2025-01-16-00004 - Arr\u00eat\u00e9 pr\u00e9fectoral portant notification\nd'attribution d'un agr\u00e9ment pour les mouvements d'animaux sur le territoire national et pour les \u00e9changes intracommunautaires 7\nDirection  D\u00e9partementale\nre | _ de la Protection  des Populations\nPR\u00c9FET  Service  Sant\u00e9  Protection  Animale  et Environnement\naaa  SOMME  Arr\u00e9t\u00e9 n\u00b0 DDPP80-2025-00109\nEgalit\u00e9\nFraternit\u00e9\nARR\u00caT\u00c9\nPortant  notification  d'attribution  d'un  agr\u00e9ment  pour  les mouvements  d'animaux  sur le territoire\nnational  et pour  les \u00e9changes  intracommunautaires\nLE PR\u00c9FET  DE LA SOMME\nCHEVALIER  DE LA L\u00c9GION  D'HONNEUR\nVu les articles  L. 214-14,  L. 233-3,  L.236-2  et suivants  du code  rural  et de la p\u00e9che  maritime  ;\nVu les articles  R. 221-36,  Art,  R. 231-11,  R. 233-3-1  \u00e0 R.233-3-7  et R.237-2-19\u00b0  et 20\u00b0  du code  rural  et de la\np\u00e9che  maritime  ;\nVu le reglement  (UE) 2016/429  du 9 mars  2016  relatif  aux maladies  animales  transmissibles  et modifiant\net abrogeant  certains  actes  dans  le domaine  de la sant\u00e9  animale  (\u00abl\u00e9gislation  sur la sant\u00e9  animale\u00bb)  ;\nVu le r\u00e8glement  d\u00e9l\u00e9gu\u00e9  (UE)  2019/2035  du 28 juin  2019  compl\u00e9tant  le r\u00e8glement  (UE)  2016/429  du\nParlement  europ\u00e9en  et du Conseil  en ce qui concerne  les r\u00e8gles  relatives  aux  \u00e9tablissements  d\u00e9tenant\ndes  animaux  terrestres  et aux  couvoirs  ainsi  qu'\u00e0  la tra\u00e7abilit\u00e9  de certains  animaux  terrestres  d\u00e9tenus  et\n.des  oeufs  \u00e9 \u00e0 couver  ;\nVu le r\u00e8glement  d\u00e9l\u00e9gu\u00e9  (UE) 2020/688  du 17 d\u00e9cembre  2019 compl\u00e9tant  le r\u00e8glement  (UE) 2016/429  du\nParlement  europ\u00e9en  et du Conseil  en ce qui concerne  les conditions  de police  sanitaire  applicables  aux\nmouvements  d'animaux  terrestres  et d'oeufs  \u00e0 couver  dans  l'Union  ;\nVu le r\u00e8glement  d\u00e9l\u00e9gu\u00e9  (UE) 2020/689  du 17 d\u00e9cembre  2019 compl\u00e9tant  le r\u00e8glement  (UE) 2016/429  du\nParlement  europ\u00e9en  et du Conseil  en ce qui concerne  les r\u00e8gles  applicables  \u00e0 la surveillance,  aux\nprogrammes  d'\u00e9radication  et au statut  \u00ab indemne  \u00bb de certaines  maladies  r\u00e9pertori\u00e9es  et \u00e9mergentes  ;\nVu le d\u00e9cret  n\u00b0 2004-374  du 29 avril 2004 modifi\u00e9,  relatif  aux pouvoirs  des pr\u00e9fets,  \u00e0 l'organisation  et \u00e0\nl'action  des  services  de l'\u00c9tat  dans  les r\u00e9gions  et les d\u00e9partements  ;\nVu le d\u00e9cret  n\u00b02009-1484  du  3 d\u00e9cembre.  2009  relatif  aux  directions  d\u00e9partementales\ninterminist\u00e9rielles  ;\nVu le d\u00e9cret  n\u00b0 2018-251  du 6 avril 2018 relatif  \u00e0 l'utilisation  d'un t\u00e9l\u00e9service  devant  le Conseil  d' \u00c9tat, les\ncours  administratives  d'appel  et les tribunaux  administratifs  et portant  autres  dispositions  ; \u00a9\nVu le d\u00e9cret  du 13 juillet  2023  portant  nomination  du Pr\u00e9fet  de la Somme,  M. Rollon.  MOUCHEL-\nBLAISOT  a compter  du 24 juillet  2023  ;\nVu l'arr\u00eat\u00e9  du 9 juin  1994  modifi\u00e9  relatif  aux r\u00e8gles  applicables  aux \u00e9changes  d'animaux  vivants,  de\nsemences  et d'embryons  et \u00e0 l'organisation  des  contr\u00f4les  v\u00e9t\u00e9rinaires  ;\nVu l'arr\u00eat\u00e9  du 25 avril  2000  relatif  \u00e0 la certification  v\u00e9t\u00e9rinaire  dans  les \u00e9changes  et \u00e0 l' exportation  ;\nVU l'arr\u00eat\u00e9  du 29 septembre  2011 relatif  aux conditions  de d\u00e9signation  d\u00e9s v\u00e9t\u00e9rinaires  mandat\u00e9s  pour\nl'exercice  des  missions  de certification  officielle  en mati\u00e8re  d'\u00e9changes  au sein  de l'Union  europ\u00e9enne\nd'animaux  vivants,  de semences,  ovules  et embryons  pr\u00e9vu  \u00e0 l'article  D. 236-6  du code  rural  et de la\n. p\u00eache  maritime  ;\nVu l'arr\u00eat\u00e9  du 16 d\u00e9cembre  2011  relatif  aux conditions  d'agr\u00e9ment  des centres  de rassemblement  et\nd'enregistrement  des  op\u00e9rateurs  commerciaux  et modifiant  l'arr\u00eat\u00e9  du 9 juin  1994  relatif  aux  r\u00e8gles\n1/3\nDirection D\u00e9partementale de la Protection des Populations - 80-2025-01-16-00004 - Arr\u00eat\u00e9 pr\u00e9fectoral portant notification\nd'attribution d'un agr\u00e9ment pour les mouvements d'animaux sur le territoire national et pour les \u00e9changes intracommunautaires 8\napplicables  en mati\u00e8re  d'\u00e9changes  d'animaux  vivants,  de semences  et embryons  et \u00e0 l'organisation  des\ncontr\u00f4les  v\u00e9t\u00e9rinaires\nVu l'arr\u00eat\u00e9  du Premier  Ministre  du 13 octobre  2021  portant  nomination  de Madame  B\u00e9n\u00e9dicte  Schmitz,\nDirectrice  D\u00e9partementale  de la Protection  des  Populations  de la Somme  ;\nVu l'arr\u00eat\u00e9  pr\u00e9fectoral  du 24 juillet  2023  portant  d\u00e9l\u00e9gation  de signature  principale  \u00e0 Mme  B\u00e9n\u00e9dicte\nSchmitz,  Directrice  D\u00e9partementale  de la Protection  des Populations  ;\nConsid\u00e9rant  l'inspection  r\u00e9alis\u00e9\u00e9  par  Monsieur  VAN  DER  VOORDE,  inspecteur  de la sant\u00e9  publique\nv\u00e9t\u00e9rinaire  et Mesdames  DALOZ,  SIERZCHULA  et VAN  OVERBEKE,  inspectrices  de la DDPP.  de  la\nSomme,  le 7 septembre  2023  ;\n- Consid\u00e9rant  la demande  d'agr\u00e9ment  d\u00e9pos\u00e9e  le 20 septembre  2003  par  Monsieur  Philippe  MONCHY,\npr\u00e9sident  de la soci\u00e9t\u00e9  SAS  Les commer\u00e7ants  r\u00e9unis  et la recevabilit\u00e9  de cette  demande  :\nConsid\u00e9rant  l'arr\u00eat\u00e9  pr\u00e9fectoral  n\u00b0DDPP80-2023-  02823  portant  notification  d' attribution  d'un  agr\u00e9ment\nprovisoire  pour  les mouvements  d'animaux  sur le territoire  national  et pour  les \u00e9changes\nintracommunautaires  du 16 octobre  2023  ;\nConsid\u00e9rant  l'inspection  r\u00e9alis\u00e9e  par Mesdames  CRETON  et VAN  OVERBEKE,  inspectrices  de la DDPP\nde la Somme,  le 26 novembre  2024  et les constats  r\u00e9alis\u00e9s  ;\nConsid\u00e9rant  que  l'\u00e9tablissement  dont  Monsieur  Philippe  MONCHY  est  pr\u00e9sident  remplit  toutes  les\nconditions  r\u00e9glementaires  de l'arr\u00eat\u00e9  minist\u00e9riel  du 16 d\u00e9cembre  2011  relatif  aux  conditions  d' agr\u00e9ment\ndes  centres  de rassemblement  et d'enregistrement  des  op\u00e9rateurs  commerciaux  ;\nSur proposition  de la Directrice  D\u00e9partementale  en charge  de la protection  des populations  de la\nSomme,\nARR\u00caTE\nArticle  1 - Le centre  de rassemblement  de l'\u00e9tablissement  \u00ab Les commer\u00e7ants  r\u00e9unis  \u00bb sis Le moulin  \u00e0\nEstr\u00e9es  les Crecy  (80150),  g\u00e9r\u00e9  par  Monsieur  MONCHY  Philippe,  est agr\u00e9\u00e9  sous  le num\u00e9ro  \u00ab FR8O16R  \u00bb .\nArticle  2 - Le pr\u00e9sent  agr\u00e9ment  n'est  valable  que pour  l'exploitation  de l'\u00e9tablissement,  \u00e0 titre\npersonnel  par  son  titulaire,  sous  r\u00e9serve  de l'application  des  prescriptions  r\u00e9glementaires  en vigueur.\nArticle  3 - Cet  agr\u00e9ment  est valable  pour  une  dur\u00e9e  de cing  ans  \u00e0 savoir  jusqu'au  13 janvier  2028.\nArticle  4 = L'exploitant  de l'\u00e9tablissement  est tenu  d'informer  les services  de l'Etat  d\u00e8s  qu'intervient  :\n\u2014 un changement  d'adresse  du local,  ~\n\u2014 Un changement  de statut,\n\u2014 une  cessation  d'activit\u00e9,\n\u2014 une  transformation  de l'\u00e9tablissement.\nArticle  5 - l'agr\u00e9ment  peut  \u00eatre  \u00e0 tout  moment  suspendu  ou retir\u00e9  selon  les conditions  fix\u00e9es  par\nl'article  R. 233-3-7  du code  rural  et de la p\u00eache  maritime.\nArticle  6 - Le Secr\u00e9taire  G\u00e9n\u00e9ral  de la Pr\u00e9fecture  de la Somme,  la Directrice  D\u00e9partementale  de la\nProtection  des  Populations  de la Somme,  la SAS  Les commer\u00e7ants  r\u00e9unis,  sont  charg\u00e9s  chacun  en ce qui\nle concerne,  de l'ex\u00e9cution  du pr\u00e9sent  arr\u00eat\u00e9  qui  sera  adress\u00e9  \u00e0 l'int\u00e9ress\u00e9  par  courrier  recommand\u00e9\navec  accus\u00e9  de r\u00e9ception  et publi\u00e9  au recueil  des  actes  administratifs  de la Somme.\nAmiens,  le 16 janvier  2025\nPour  le pr\u00e9fet,\nAR  RQ\nd\u00e9partementale\n\u2014B\u00e9n\u00e9dicte  SCHMITZ\n2/3\nDirection D\u00e9partementale de la Protection des Populations - 80-2025-01-16-00004 - Arr\u00eat\u00e9 pr\u00e9fectoral portant notification\nd'attribution d'un agr\u00e9ment pour les mouvements d'animaux sur le territoire national et pour les \u00e9changes intracommunautaires 9\nConform\u00e9ment  aux  dispositions  de l'article  R.421-5  du code  de justice  administrative,  la pr\u00e9sente  d\u00e9cision  peut  faire  l'objet  d'un\nrecours  contentieux  devant  le tribunal  administratif  d'Amiens  dans  le d\u00e9lai  de deux  mois  \u00e0 compter  de la notification  de celle-ci.\nLe tribunal  administratif  peut  \u00eatre  saisi  au moyen  de l'application  informatique  \u00ab t\u00e9l\u00e9recours  citoyen  \u00bb accessible  par  le biais  du\nsite  www.telerecours.fr.  Des  pr\u00e9cisions  sont  disponibles  \u00e0 l'adresse  suivante  :\nhttps://www.service-public.fr/particuliers/vosdroits/F2474  \u00bb\n3/3\nDirection D\u00e9partementale de la Protection des Populations - 80-2025-01-16-00004 - Arr\u00eat\u00e9 pr\u00e9fectoral portant notification\nd'attribution d'un agr\u00e9ment pour les mouvements d'animaux sur le territoire national et pour les \u00e9changes intracommunautaires 10\nDirection D\u00e9partementale de la Protection des Populations - 80-2025-01-16-00004 - Arr\u00eat\u00e9 pr\u00e9fectoral portant notification\nd'attribution d'un agr\u00e9ment pour les mouvements d'animaux sur le territoire national et pour les \u00e9changes intracommunautaires 11\nDirection D\u00e9partementale de la Protection des\nPopulations\n80-2025-01-21-00001\nArr\u00eat\u00e9 pr\u00e9fectoral portant subd\u00e9l\u00e9gation de\nsignature aux agents de la direction\nd\u00e9partementale de la protection des\npopulations de la somme\nDirection D\u00e9partementale de la Protection des Populations - 80-2025-01-21-00001 - Arr\u00eat\u00e9 pr\u00e9fectoral portant subd\u00e9l\u00e9gation de\nsignature aux agents de la direction d\u00e9partementale de la protection des populations de la somme 12\niu  Direction  D\u00e9partementale\nLiber de la Protection  des Populations\n\u00c9galit\u00e9\nFraternit\u00e9\nArr\u00eat\u00e9  n\u00b0DDPP80-2025-00189\nARR\u00caT\u00c9\nportant  subd\u00e9l\u00e9gation  de signature  aux agents  de la direction  d\u00e9partementale  de la\nprotection  des  populations  de la Somme\nLa directrice  d\u00e9partementale  de la Protection  des Populations  de la Somme,\nVu le code  rural  et de la p\u00eache  maritime  ;\nVu le code  de la sant\u00e9  publique  ;\nVu le code  de l'environnement  ;\nVu le code  de la consommation  ;\nVu le code  p\u00e9nal;\nVu le code  de proc\u00e9dure  p\u00e9nale  ;\nVu le code  de commerce  ;\nVu le code  g\u00e9n\u00e9ral  des collectivit\u00e9s  territoriales  ;\nVu la loi n\u00b0 82-213  du 2 mars  1982  modifi\u00e9e  relative  aux droits  et libert\u00e9s  des communes,  des\nd\u00e9partements  et des  r\u00e9gions  ;\nVu le d\u00e9cret  n\u00b0 84-1191  du 28 d\u00e9cembre  1984  modifi\u00e9  relatif  \u00e0 l'organisation  des services  ext\u00e9rieurs  du\nminist\u00e8re  de l'agriculture  ;\nVu le d\u00e9cret  n\u00b0 97-34  du 15 janvier  1997  relatif  \u00e0 la d\u00e9concentration  des d\u00e9cisions  individuelles  ;\nVu le d\u00e9cret  n\u00b0 2004-374  du 29 avril  2004  modifi\u00e9  relatif  aux pouvoirs  des pr\u00e9fets,  \u00e0 l'organisation  et \u00e0\nl'action  des services  de l'\u00c9tat  dans  les r\u00e9gions  et d\u00e9partements,  notamment  son article  45 ;\nVu le d\u00e9cret  n\u00b0 2009-1484  du 3 d\u00e9cembre  2009  relatif  aux directions  d\u00e9partementales\ninterminist\u00e9rielles  ;\nVu le d\u00e9cret  n\u00b0 2015-510  du 7 mai 2015 portant  Charte  de la d\u00e9concentration  :\nVu le d\u00e9cret  n\u00b0 2019-1594  du 31 d\u00e9cembre  2019  relatif  aux emplois  de direction  de l'\u00c9tat  ;\nVu le d\u00e9cret  n\u00b0 2020-1050  du 14 ao\u00fbt  2020  modifiant  le d\u00e9cret  n\u00b0 2009-1484  du 3 d\u00e9cembre  2009  relatif\naux Directions  D\u00e9partementales  Interminist\u00e9rielles  ; .\nVu le d\u00e9cret  du 13 juillet  2023 portant  nomination  du pr\u00e9fet  de la Somme,  Monsieur  Rollon  MOUCHEL-\nBLAISOT  \u00e0 compter  du 24 juillet  2023  ;\nVu l'arr\u00eat\u00e9  du Premier  ministre  du 13 octobre  2021  portant  nomination  de Madame  B\u00e9n\u00e9dicte\nSCHMITZ,  directrice  d\u00e9partementale  de la Protection  des Populations.de  la Somme  a compter  du 1\u00b0\nnovembre  2021;  se\n53 rue de fa Vall\u00e9e\n80000  Amiens\nM\u00e9l : ddpp@somme.gouv.fr\nT\u00e9l : 03 64 26 87 00 1/2\nDirection D\u00e9partementale de la Protection des Populations - 80-2025-01-21-00001 - Arr\u00eat\u00e9 pr\u00e9fectoral portant subd\u00e9l\u00e9gation de\nsignature aux agents de la direction d\u00e9partementale de la protection des populations de la somme 13\nVu l'arr\u00eat\u00e9  de la Premi\u00e8re  ministre  et du ministre  de l'int\u00e9rieur  et des  outre-mer  du 23 juillet  2023\nportant  nomination  de Monsieur  Samuel  CARON,  directeur  d\u00e9partemental  adjoint  de la Protection\ndes  Populations  de la Somme  \u00e0 compter  du 1\u00b0 septembre  2023  ;\nVu l'arr\u00eat\u00e9  pr\u00e9fectoral  du 24 juillet  2023  portant  d\u00e9l\u00e9gation  de signature  principale  de Madame\nB\u00e9n\u00e9dicte  SCHMITZ,  directrice  d\u00e9partementale  de la Protection  des  Populations  de la Somme  ;\nVu l'arr\u00eat\u00e9  N\u00b0DDPP80  \u2014 2023  \u2014 2453  du 1\" septembre  2023  portant  subd\u00e9l\u00e9gation  d\u00e9 signature  aux\nagents  de la direction  d\u00e9partementale  de la protection  des  populations  de la Somme  ;\nD\u00e9cide  :\nArticle  1er.  - D\u00e9l\u00e9gation  au directeur  adjoint\nEn cas  d'absence  ou d'emp\u00eachement  de Mme  B\u00e9n\u00e9dicte  SCHMITZ,  d\u00e9l\u00e9gation  de signature  est\nconsentie  \u00e0 Monsieur  Samuel  CARON,  directeur  adjoint,  \u00e0 l'effet  de signer  l'ensemble  des  actes  vis\u00e9s\naux  articles  1, 2 et 3 de l'arr\u00eat\u00e9  pr\u00e9fectoral  du 24 juillet  2023  susvis\u00e9.\nArticle  2.- D\u00e9l\u00e9gation  aux chefs  de service  et adjoints\nD\u00e9l\u00e9gation  permanente  est donn\u00e9e  aux agents  suivants,  chacun  dans  leur domaine  de comp\u00e9tence,\npour  la signature  des  actes  administratifs  courants  list\u00e9s  \u00e0 l'article  3 de l'arr\u00eat\u00e9  du 24 juillet  2023  : :\n\u2014 Monsieur  Emmanuel  PROTASSIEFF,  chef  du service  Protection  du Consommateur,  R\u00e9gulation  et\nS\u00e9curit\u00e9  des  produits  industriels  - CCRF  ; .\n\u2014 Monsieur  Guillaume  VAN-DER-VOORDE,  chef  du service  Sant\u00e9,  Protection  Animale  et\nEnvironnement  ;\n\u2014 Madame  Sabine  BECQUET,  adjointe  au chef  du service  Sant\u00e9,  Protection  Animale  et\nEnvironnement.\nArticle  3. - Abrogation\nLe pr\u00e9sent  arr\u00eat\u00e9  abroge  et remplace  l'arr\u00eat\u00e9  N\u00b0DDPP80  - 2023  - 2453  du 1\u00b0 septembre  2023  portant\nsubd\u00e9l\u00e9gation  de signature  aux agents  de la direction  d\u00e9partementale  de la protection  des\npopulations  de la Somme\nLa d\u00e9l\u00e9gation  prendra  fin d\u00e8s  la cessation  de fonction  des  int\u00e9ress\u00e9s.\nArticle  4. - Ex\u00e9cution\nLa directrice  d\u00e9partementale  de la Protection  des  Populations  de la Somme  est charg\u00e9e  de l'ex\u00e9cution\ndu pr\u00e9sent  arr\u00eat\u00e9  qui sera  publi\u00e9  au recueil  des  actes  administratifs  de la Pr\u00e9fecture  de la Somme.\nFait  \u00e0 Amiens,  le 21 janvier  2025\n} Pour  le pr\u00e9fet  et par  d\u00e9l\u00e9gation,\nLa directrice  d\u00e9partementale  de la protection  des\n| populations\nB\u00e9n\u00e9dicte  SCHMITZ\nDirection D\u00e9partementale de la Protection des Populations - 80-2025-01-21-00001 - Arr\u00eat\u00e9 pr\u00e9fectoral portant subd\u00e9l\u00e9gation de\nsignature aux agents de la direction d\u00e9partementale de la protection des populations de la somme 14\nDirection d\u00e9partementale des finances\npubliques de la Somme\n80-2025-01-13-00010\nD\u00e9cision de d\u00e9l\u00e9gation g\u00e9n\u00e9rale de de signature\nhors volet comptable public\nDirection d\u00e9partementale des finances publiques de la Somme - 80-2025-01-13-00010 - D\u00e9cision de d\u00e9l\u00e9gation g\u00e9n\u00e9rale de de\nsignature hors volet comptable public 15\nREPUBLIQUE\nFRANCAISE\nLibert\u00e9\nEgalit\u00e9\nFraternit\u00e9T\nFINANCES  PUBLIQUES\nD\u00c9CISION DE D\u00c9L\u00c9GATION G\u00c9N\u00c9RALE DE SIGNATURE\nHORS VOLET COMPTABLE PUBLIC\nL'administratrice de l'\u00c9tat,\ndirectrice d\u00e9partementale des finances publiques de la Somme,\nVu le d\u00e9cret n\u00b0 2008-310 du 3 avril 2008 relatif \u00e0 la direction g\u00e9n\u00e9rale des finances publiques  ;\nVu le d\u00e9cret n\u00b0 2009-208 du 20 f\u00e9vrier 2009 relatif au statut particulier des administrateurs\ndes finances publiques  ;\nVu  le d\u00e9cret n\u00b0 2009-707 du  16 juin  2009 modifi\u00e9 relatif  aux  services  d\u00e9concentr\u00e9s  de la\ndirection g\u00e9n\u00e9rale des finances publiques  ;\nVu le d\u00e9cret n\u00b0 2012-1246 du 7 novembre 2012 relatif \u00e0 la gestion budg\u00e9taire et comptable\npublique ;\nVu  l'arr\u00eat\u00e9  du  18 juin  2009  portant  cr\u00e9ation  de  la  direction  r\u00e9gionale  de  Picardie  et  du\nd\u00e9partement de la Somme ;\nVu le d\u00e9cret n\u00b0 2015-1689 du 17 d\u00e9cembre 2015 portant diverses mesures d'organisation et de\nfonctionnement dans les r\u00e9gions de l'administration territoriale de l'\u00c9tat et de commissions\nadministratives ;\nVu le d\u00e9cret du 25 juin 2024 portant nomination de Mme Sophie MANTEL, administratrice de\nl'\u00c9tat,  en  qualit\u00e9  de  directrice  d\u00e9partementale  des  finances  publiques  de  la  Somme,  \n\u00e0 compter du 22 juillet 2024 ; \nD\u00e9cide :\nArticle 1 : D\u00e9l\u00e9gation g\u00e9n\u00e9rale de signature est donn\u00e9e \u00e0  M. Pascal FLAMME, administrateur de\nl'\u00c9tat, responsable du p\u00f4le \u00c9tat et ressources.\nCelui-ci re\u00e7oit mandat de me suppl\u00e9er dans l'exercice de mes fonctions et de signer, seul ou\nconcurremment avec  moi,  sous  r\u00e9serves  des  dispositions  de l'article  2 et des  restrictions\nexpress\u00e9ment  pr\u00e9vues  par  la  r\u00e9glementation,  tous  les  actes  relatifs  \u00e0  ma  gestion  et  aux\naffaires qui s'y rattachent.\nIl est autoris\u00e9 \u00e0 agir en justice et \u00e0 effectuer des d\u00e9clarations de cr\u00e9ances.Direction d\u00e9partementale\ndes Finances publiques de la Somme\n22 rue de l'Amiral Courbet CS  12613\n80026 AMIENS CEDEX 1Amiens, le 13 janvier 2025Direction d\u00e9partementale des finances publiques de la Somme - 80-2025-01-13-00010 - D\u00e9cision de d\u00e9l\u00e9gation g\u00e9n\u00e9rale de de\nsignature hors volet comptable public 16\nRe\u00e7oivent les m\u00eames pouvoirs \u00e0 condition de n'en faire usage qu'en cas d'emp\u00eachement de\nma part ou de M. Pascal FLAMME, sans toutefois que le non-emp\u00eachement soit opposable\naux tiers et sous r\u00e9serve des d\u00e9l\u00e9gations sp\u00e9cifiques relatives au contentieux fiscal  :\n\u2013 Mme Flore GASNOT, cheffe de service administratif des finances publiques  ;\n\u2013 M. S\u00e9bastien CARPENTIER , chef de service administratif des finances publiques  ;\n\u2013 Mme Sylvia BURE, administratrice des finances publiques adjointe  ;\n\u2013 M. Vincent FAGUE, administrateur des finances publiques adjoint  ;\n- Mme Karine LE ROY, administratrice des finances publiques adjointe  ;\n\u2013 M. David VASSEUR, administrateur des finances publiques adjoint  ;\n\u2013 Mme Emilie CHATRIE , inspectrice principale des finances publiques  ;\n\u2013 Mme Aur\u00e9lie VERIN, inspectrice principale des finances publiques  ;\n\u2013 Mme Annick CANY, inspectrice divisionnaire des finances publiques.\nArticle 2 : Sont exclus du champ de la pr\u00e9sente d\u00e9l\u00e9gation tous les actes aff\u00e9rents \u00e0 l'exercice\ndes missions exclusivement d\u00e9volues aux comptables publics par les articles  18, 19 et 20 du\nd\u00e9cret n\u00b0 2012-1246 du 7 novembre 2012.\nArticle 3 : La pr\u00e9sente d\u00e9cision prend effet le 15  janvier 2025. Elle sera publi\u00e9e au recueil des\nactes administratifs du d\u00e9partement de la Somme.\nL'administratrice de l'\u00c9tat,\ndirectrice d\u00e9partementale des finances publiques\nSophie MANTEL\nDirection d\u00e9partementale des finances publiques de la Somme - 80-2025-01-13-00010 - D\u00e9cision de d\u00e9l\u00e9gation g\u00e9n\u00e9rale de de\nsignature hors volet comptable public 17\nPr\u00e9fecture de la Somme\n80-2025-01-20-00002\narr\u00eat\u00e9 modificatif fixant le calendrier des\njourn\u00e9es nationales de qu\u00eates sur la voie\npublique pour l'ann\u00e9e 2025\nPr\u00e9fecture de la Somme - 80-2025-01-20-00002 - arr\u00eat\u00e9 modificatif fixant le calendrier des journ\u00e9es nationales de qu\u00eates sur la voie\npublique pour l'ann\u00e9e 2025 18\n\u00c6 Secr\u00e9tariat  g\u00e9n\u00e9ral\nPREFET  Direction  de la Citoyennet\u00e9  et de la L\u00e9galit\u00e9DE LA SOMME  2 : , : PRLibert\u00e9  Bureau  des  \u00e9lections  et de la r\u00e9glementation  g\u00e9n\u00e9rale\nEgalit\u00e9\nFratecrwir\u00e9\nARR\u00caT\u00c9  MODIFICATIF\nFixant  le calendrier  des  journ\u00e9es  nationales  de qu\u00eates  sur la voie  publique  pour  l'ann\u00e9e\n2025\nLE PR\u00c9FET  DE LA SOMME\nCHEVALIER  DE LA L\u00c9GION  D'HONNEUR\nVU le Code  g\u00e9n\u00e9ral  des collectivit\u00e9s  territoriales  et notamment  les articles  L 2212-2  et L\n2215-1  modifi\u00e9  ;\nVU la loi du 1er juillet  1901  modifi\u00e9e,  relative  au contrat  d'association  ;\nVU la loi n\u00b091-772  du 07 ao\u00fbt  1991  modifi\u00e9e  relative  au cong\u00e9  de repr\u00e9sentation  en faveur\ndes  associations  et des  mutuelles  et au contr\u00f4le  des  comptes  des  organismes  faisant  appel\n\u00e0 la g\u00e9n\u00e9rosit\u00e9  publique  ;\nVU le d\u00e9cret  n\u00b092-1011  du 17 septembre  1992  modifi\u00e9  relatif  au contr\u00f4le  des  comptes  des\norganismes  faisant  appel  \u00e0 la g\u00e9n\u00e9rosit\u00e9  publique  ;\nVU le d\u00e9cret  du 13 juillet  2023  portant  nomination  du pr\u00e9fet  de la Somme,  M. Rollon\nMOUCHEL-BLAISOT  \u00e0 compter  du 24 juillet  2023  ;\nVU le d\u00e9cret  du 21 juillet  2023  portant  nomination  de M. Emmanuel  MOULARD,  Sous-\npr\u00e9fet  hors  classe,  secr\u00e9taire  g\u00e9n\u00e9ral  de la pr\u00e9fecture  de la Somme;\nVU l'arr\u00eat\u00e9  pr\u00e9fectoral  du 15 janvier  2024  portant  d\u00e9l\u00e9gation  de signature  principale  \u00e0 M.\nEmmanuel  MOULARD,  secr\u00e9taire  g\u00e9n\u00e9ral  de la pr\u00e9fecture  de la Somme  ;\nVU l'arr\u00eat\u00e9  pr\u00e9fectoral  du 27 d\u00e9cembre  2024  fixant  le calendrier  des  journ\u00e9es  nationales\nde qu\u00eates  sur la voie  publique  pour  l'ann\u00e9e  2025  ;\nVU la circulaire  du 16 novembre  1999  n\u00b0 INT/A/99/00225/C  portant  application  des\ndispositions  de la loi n\u00b0 91-772  du 7 ao\u00fbt  1991  relative  notamment  au contr\u00f4le  des  comptes\ndes  organismes  faisant  appel  \u00e0 la g\u00e9n\u00e9rosit\u00e9  publique  et au r\u00f4le  des  pr\u00e9fectures  dans  la\nmise  en \u0153uvre  de ce dispositif  ;\nVU les avenants  au calendrier  des  journ\u00e9es  nationales  de qu\u00eates  sur la voie  publique  de\nl'ann\u00e9e  2025  transmis  par le Minist\u00e8re  de l'Int\u00e9rieur  les 9 et 17 janvier  2025  ;\nSur  proposition  du secr\u00e9taire  g\u00e9n\u00e9ral  de la pr\u00e9fecture  ;\n51, rue  de la R\u00e9publique\n80020  AMIENS  Cedex  9\npref-reglementation-generale@somme.gouv.fr\n03-22-97-82-60\nPr\u00e9fecture de la Somme - 80-2025-01-20-00002 - arr\u00eat\u00e9 modificatif fixant le calendrier des journ\u00e9es nationales de qu\u00eates sur la voie\npublique pour l'ann\u00e9e 2025 19\nARRETE\nArticle  1: Les journ\u00e9es  nationales  de qu\u00eates  sur la voie  publique  pour  l'ann\u00e9e  2025  sont\nfix\u00e9es  selon  le calendrier  modifi\u00e9  joint  en annexe.\nArticle  2 : Le reste  est sans  changement.\nArticle  3: Le secr\u00e9taire  g\u00e9n\u00e9ral  de la pr\u00e9fecture  de la Somme,  les sous-pr\u00e9fets  des\narrondissements  de la Somme,  les maires  des  communes  de la Somme,  le directeur\nd\u00e9partemental  de la s\u00e9curit\u00e9  publique  de la Somme  et le commandant  du groupement  de\ngendarmerie  de la Somme,  sont  charg\u00e9s,  chacun  en ce qui  le concerne,  de l'ex\u00e9cution  du\npr\u00e9sent  arr\u00eat\u00e9,  qui sera  publi\u00e9  au recueil  des  actes  administratifs  et sur le site  internet  de\nla pr\u00e9fecture  de la Somme.\nFait \u00e0 Amiens,  le 20 JAN,  2025\nPour  le Pr\u00e9fet  et par  d\u00e9l\u00e9gation,\nLe Secr\u00e9taire  G\u00e9n\u00e9ral,\nh\nEmmanuel  MOULARD\n51, rue  de la R\u00e9publique\n80020  AMIENS  Cedex  9\npref-reglementation-generale@somme.gouv.fr\n03-22-97-82-60\nPr\u00e9fecture de la Somme - 80-2025-01-20-00002 - arr\u00eat\u00e9 modificatif fixant le calendrier des journ\u00e9es nationales de qu\u00eates sur la voie\npublique pour l'ann\u00e9e 2025 20\nCalendrier  des  journ\u00e9es  nationales  de qu\u00eates  sur  la voie  publique  de l'ann\u00e9e\n| 2025  (version  corrig\u00e9e  17/01/25)\nDATES MANIFESTATIONS ORGANISMES\nJANVIER\nVendredi  24 au dimanche  26\njanvier  2025Qu\u00e9te  nationale  pour  la\nJourn\u00e9e  mondiale  des malades  de la. Fondation  Raoul\nFollereau\nAvec  qu\u00eate  tous les jours  L\u00e8pre  \u0152uvres  fran\u00e7aises  de\nl'Ordre  de Malte\nFEVRIER\nLundi  6 janvier  au vendredi\n7 f\u00e9vrier  2025\nAvec  qu\u00e9te  le samedi  18 et\nle samedi  25 janvierCampagne  de solidarit\u00e9  pour  le droit\nau d\u00e9part  en vacancesJeunesse  au Plein  Air\nSamedi  15 et dimanche  16\nf\u00e9vrier  2025 Qu\u00e9te  annuelle\nAvec  qu\u00e9te  tous  les joursFoyer  Notre-Dame\ndes Sans  Abris\nMARS\nLundi  10 au mardi  11 mars\n2025\nAvec  qu\u00e9te  tous  les joursCampagne  du Bleuet  de France\n(Journ\u00e9e  d'hommage  aux victimes  du\nterrorisme)Ordre  national  du\nBleuet  de France\nLundi  10 mars  au dimanche\n16 mars  2025\nAvec  qu\u00e9te  tous  les joursQu\u00e9te  annuelle  dans  le cadre  de la\nsemaine  nationale  des personnes\nhandicap\u00e9es  physiquesAPF  France  Handicap\nSamedi  15 au dimanche  23\nmars  2025\nAvec  qu\u00eate  tous  les joursCollecte  nationale  en faveur  de la\nrecherche  sur la maladie\nd' AlzheimerFondation  Recherche\nAlzheimer\nLundi  10 au dimanche  16\nmars  2025\nAvec  qu\u00e9te  les samedi  15 etSemaine  nationale  de lutte  contre  le Ligue  nationale  contre\ncancer  le cancer\ndimanche  16\nLundi  17 au lundi 31 mars Weestend  ue  chon 21, 22,\n. 2025  ar  , SIDACTION\n- . Animations  r\u00e9gionales  les autresAvec  qu\u00e9te  tous  les jours  ;\njours\nAVRIL\nLundi  28 avril  au dimanche  4\nmai  2025Campagne  en faveur  de l'aide  au\nd\u00e9part  en vacances  des enfants  et centres  de vacances  etUnion  fran\u00e7aise  des\ndes jeunes de loisirs  (UFCV)\nPr\u00e9fecture de la Somme - 80-2025-01-20-00002 - arr\u00eat\u00e9 modificatif fixant le calendrier des journ\u00e9es nationales de qu\u00eates sur la voie\npublique pour l'ann\u00e9e 2025 21\nCalendrier  des  journ\u00e9es  nationales  de qu\u00eates  sur  la voie  publique  de l'ann\u00e9e\n2025  (version  corrig\u00e9e  17/01/25)\nDATES  MANIFESTATIONS  ORGANISMES\nAvec  distribution\nd'affichettes  et qu\u00eate  les 3\net 4 mai\nMAI\nJeudi  1% au jeudi  8 mai 2025\nAvec  qu\u00eate  tous  les joursBleuet  de France\n1945)Campagne  de l'\u0152uvre  Nationale  du\n(Comm\u00e9moration  de la victoire  du 8 maiOrdre  national  du\nBleuet  de France\nJourn\u00e9es  nationales  de la Croix-\nRouge  Fran\u00e7aiseCroix-Rouge\nJUIN\nLundi  2 au samedi  7 juin\n2025\nAvec  qu\u00eate  tous  les joursJourn\u00e9es  nationales  contre  la\nleuc\u00e9mieAssociation  Cent  pour\nSang  la Vie\nDimanche  1\u00b0 au lundi  30\njuin  2025\nCollectes  et actions  locales\nsusceptibles  d'\u00eatre  men\u00e9es\ntout  au long  du mois  de\njuinJourn\u00e9e  mondiale  de lutte  contre  la\nSLA  le 21 juin  2025ARSLA\n(Association  pour  la\nRecherche  sur la Scl\u00e9rose\nLat\u00e9rale  Amyotrophique  et\nautres  maladies  du\nmotoneurone)\nTiers  organisateurs  au profit\nde ' ARSLA\nSamedi  14 au dimanche  22\njuin  2025\nAvec  qu\u00e9te  tous  les joursJourn\u00e9e  mondiale  de lutte  contre  la\nfaimTerre  solidaire\nJUILLET\nLundi  14 juillet  2025\nAvec  qu\u00e9te  tous  les joursCampagne  de l' \u0152uvre  Nationale  du\nBleuet  de FranceOrdre  national  du\nBleuet  de France\nSEPTEMBRE\nDimanche  14 au dimanche  Journ\u00e9e  mondiale  d' Alzheimer  le\n21 septembre  2025 21/09\nAvec  qu\u00eate  tous  les jours(Campagne  nationale  de sensibilisation  duFrance  Alzheimer\npublic  \u00e0 la maladie  d'Alzheimer)\nPr\u00e9fecture de la Somme - 80-2025-01-20-00002 - arr\u00eat\u00e9 modificatif fixant le calendrier des journ\u00e9es nationales de qu\u00eates sur la voie\npublique pour l'ann\u00e9e 2025 22\nCalendrier  des  journ\u00e9es  nationales  de qu\u00eates  sur  la voie  publique  de l'ann\u00e9e\n202  5 (version  corrig\u00e9e  17/01/25)\nDATES MANIFESTATIONS ORGANISMES\nOCTOBRE\noma\nSamedi  11 et dimanche  12\noctobre  2025\nAvec  qu\u00e9te  tous  les joursEEE  ea \u0152uvres  fran\u00e7aises  de\nl'Ordre  de Malte\nJourn\u00e9es  de solidarit\u00e9  des= = associations  UNAPEI UNAPEI\nAvec  qu\u00e9te  tous  les jours  \u00ab Op\u00e9ration  brioches  \u00bb\nNOVEMBRE\nJeudi  30 octobre  au Lundi  3\nnovembre  2025\nAvec  qu\u00eate  tous  les joursQu\u00eate  annuelle Le Souvenir  Fran\u00e7ais\nMardi  4 au samedi  15\nnovembre  2025\nAvec  qu\u00eate  tous  les joursCampagne  de l' \u0152uvre  Nationale  du\nBleuet  de France\n(Comm\u00e9moration  de l'Armistice  de 1918)Ordre  national  du\nBleuet  de France\nDimanche  9 au dimanche  16\nnovembre  2025\nAvec  qu\u00eate  tous  les joursCampagne  nationale  de lutte  contre\nles maladies  respiratoiresFondation  du Souffle\nSamedi  15 et dimanche  16\nnovembre  2025Campagne  nationale  du Secours\ncatholiqueAvec  qu\u00eate  tous  les joursSecours  catholique\nCaritas  France\nPr\u00e9fecture de la Somme - 80-2025-01-20-00002 - arr\u00eat\u00e9 modificatif fixant le calendrier des journ\u00e9es nationales de qu\u00eates sur la voie\npublique pour l'ann\u00e9e 2025 23\nCalendrier  des  journ\u00e9es  nationales  de qu\u00eates  sur  la voie  publique  de l'ann\u00e9e\n202  5 (version  corrig\u00e9e  17/01/25)\nDECEMBRE\nSamedi  6 d\u00e9cembre  au\nmercredi  24 d\u00e9cembre  2025\nAvec  qu\u00e9te  tous  les joursCollecte  annuelle\nCongr\u00e9gation  : \u00ab les Marmites  \u00bbCongr\u00e9gation  de\nl'Arm\u00e9e  du Salut  \u2014\nLundi  1% d\u00e9cembre  2025 Journ\u00e9e  mondiale  de lutte  contre  le\nAvec  qu\u00e9te  tous  les jours(et plus  particuli\u00e9rement  a la t\u00e9l\u00e9vision,  la\nradio  et internet)  dont  les plages  horaires\nsont  d'ores  et d\u00e9ja  r\u00e9serv\u00e9es| Avec qu\u00e9te toute la journ\u00e9e  SIDA Association  AIDES\nLundi  1\u00b0 d\u00e9cembre  au lundi  Journ\u00e9e  mondiale  de lutte  contre  le\n8 d\u00e9cembre  2025 SIA IG 1\u00b0 dESemI\u00c8te  SIDACTION\n\" . Animations  r\u00e9gionales  les autresAvec  qu\u00eate  tous  les jours  : |\n| jours\nCampagne  nationale  du T\u00e9l\u00e9thon\nVendredi  5 au dimanche  14 2025  | |\nd\u00e9cembre  2025  Appel  aux  dons  sur  les diff\u00e9rents  m\u00e9dias  AFM  T\u00e9l\u00e9thon\nLundi  15 au dimanche  21\nd\u00e9cembre  2025 Campagne  de lutte  contre  la faim\nAvec  qu\u00eate  tous  les joursTerre  solidaire\nPr\u00e9fecture de la Somme - 80-2025-01-20-00002 - arr\u00eat\u00e9 modificatif fixant le calendrier des journ\u00e9es nationales de qu\u00eates sur la voie\npublique pour l'ann\u00e9e 2025 24\nPr\u00e9fecture de la Somme - Cabinet\n80-2025-01-20-00004\nAP 24/936 portant autorisation provisoire d'un\nsyst\u00e8me de vid\u00e9oprotection\nPr\u00e9fecture de la Somme - Cabinet - 80-2025-01-20-00004 - AP 24/936 portant autorisation provisoire d'un syst\u00e8me de vid\u00e9oprotection25\nE = | Arr\u00eat\u00e9 CAB/BSI/PA  n\u00b0 24/936\nPR\u00c9FET\nDE LA SOMME\nLibert\u00e9\nEgalit\u00e9\nFraternit\u00e9\nARR\u00caT\u00c9\nPortant  autorisation  provisoire\nd'un  syst\u00e8me  de vid\u00e9oprotection\nLE PR\u00c9FET  DE LA SOMME\nCHEVALIER  DE LA L\u00c9GION  D'HONNEUR\nVu le code  de la s\u00e9curit\u00e9  int\u00e9rieure  et notamment  ses articles  L.252-6  et 7;\nVu le d\u00e9cret  du 13 juillet  2023  nommant  M. Rollon  MOUCHEL-BLAISOT,  pr\u00e9fet  de la Somme  \u00e0\ncompter  du 24 juillet  2023  ;\nVu le d\u00e9cret  du 03 janvier  2024  nommant  M. Victor  JOZON  sous-pr\u00e9fet,  directeur  de cabinet\ndu pr\u00e9fet  de la Somme  ;\nVu l'arr\u00eat\u00e9  minist\u00e9riel  du 03 ao\u00fbt  2007  portant  d\u00e9finition  des normes  techniques  des\nsyst\u00e8mes  de vid\u00e9oprotection  et ses annexes  techniques  ;\nVu l'arr\u00eat\u00e9  pr\u00e9fectoral  du 15 janvier  2024  portant  d\u00e9l\u00e9gation  de signature  \u00e0 M. Victor  JOZON\nsous-pr\u00e9fet,  directeur  de cabinet  du pr\u00e9fet  de la Somme  ;\nVu la demande  pr\u00e9sent\u00e9e  par le maire  de la ville  d'Amiens,  en date  du 23 d\u00e9cembre  2024,  en\nvue  d'obtenir  l'autorisation  d'installer  un syst\u00e8me  de vid\u00e9oprotection  temporaire  ;\nConsid\u00e9rant  que  les demandes  d'autorisation  sont  constitu\u00e9es  conform\u00e9ment  aux textes\napplicables  en mati\u00e8re  d'exploitation  de syst\u00e8me  de vid\u00e9oprotection  concernant  les voies\npubliques  ou les espaces  ouverts  au public  ;\nSur proposition  du sous-pr\u00e9fet,  directeur  de cabinet  du pr\u00e9fet  de la Somme  ;\nARR\u00caTE\nArticle  1\" : Monsieur  Hubert  DE JENLIS,  maire  de la ville  d'Amiens  (80000),  est autoris\u00e9,  sous\nr\u00e9serve  du respect  des dispositions  \u00e9dict\u00e9es  dans  le pr\u00e9sent  arr\u00eat\u00e9,  \u00e0 mettre  en \u0153uvre  un\nsyst\u00e8me  de vid\u00e9oprotection  compos\u00e9  d'une  (01) cam\u00e9ra  de voie  publique  sise rue Charles\nDubois  \u00e0 AMIENS  (80000).\nL'autorisation  est d\u00e9livr\u00e9e  pour  une  dur\u00e9e  de quatre  mois  (4 mois)  \u00e0 compter  de la date  de\nsignature  du pr\u00e9sent  arr\u00eat\u00e9.\nArticle  2 : Le public  est inform\u00e9  de la pr\u00e9sence  de cam\u00e9ras  par une signal\u00e9tique  appropri\u00e9e\nde mani\u00e8re  claire  et significative,  \u00e0 chaque  point  d'acc\u00e8s  du public  de l'existence  du syst\u00e8me\nde vid\u00e9oprotection  et de l'autorit\u00e9  ou de la personne  responsable  du droit  d'acc\u00e8s  aux\nimages,  conform\u00e9ment  \u00e0 l'article  L.251-3  du code  de la s\u00e9curit\u00e9  int\u00e9rieure.\nPr\u00e9fecture de la Somme - Cabinet - 80-2025-01-20-00004 - AP 24/936 portant autorisation provisoire d'un syst\u00e8me de vid\u00e9oprotection26\nArticle  3: Le responsable  de la mise  en ceuvre  du syst\u00e9me  doit  se porter  garant  des\npersonnes  susceptibles  d'intervenir  dans  l'exploitation  ou le visionnage  des images,  ainsi  que\ndans  la maintenance  du syst\u00e8me  mis en place.  Des  consignes  tr\u00e8s  pr\u00e9cises  sur la\nconfidentialit\u00e9  des  images  capt\u00e9es  ou/et  enregistr\u00e9es  et des  atteintes  a la vie priv\u00e9e  qu'elles\npeuvent  \u00e9ventuellement  impliquer  sont  donn\u00e9es  \u00e0 toutes  les personnes  concern\u00e9es.\nArticle  4 : L'acc\u00e8s  \u00e0 la salle  de visionnage,  d'enregistrement  et de traitement  des  images,\ndevra  \u00eatre  strictement  interdit  \u00e0 toute  personne  n'y ayant  pas une  fonction  pr\u00e9cise  ou qui\nn'aura  pas  \u00e9t\u00e9 pr\u00e9alablement  habilit\u00e9e  et autoris\u00e9e  par le responsable  du syst\u00e8me  ou de son\nexploitation.\nArticle  5 : Les agents  des services  de police,  de gendarmerie,  de douanes  et/ou  d'incendie  et\nde secours  d\u00fbment  habilit\u00e9s  et d\u00e9sign\u00e9s  dans  les conditions  de l'article  L.252-3  du code  de la\ns\u00e9curit\u00e9  int\u00e9rieure,  peuvent  acc\u00e9der  \u00e0 tout  moment  aux images  et enregistrements  de ce\nsyst\u00e8me  de vid\u00e9oprotection  autoris\u00e9.\nArticle  6 : Sans  pr\u00e9judice  des  sanctions  p\u00e9nales  applicables,  la pr\u00e9sente  autorisation  peut,\napr\u00e8s  que  l'int\u00e9ress\u00e9  ait \u00e9t\u00e9 mis \u00e0 m\u00eame  de pr\u00e9senter  ses observations,  \u00eatre  retir\u00e9e  en cas de\nmanquement  aux  dispositions  du code  de la s\u00e9curit\u00e9  int\u00e9rieure  susvis\u00e9  et en cas de\nmodification  des  conditions  au vu desquelles  cette  autorisation  a \u00e9t\u00e9 d\u00e9livr\u00e9e.\nArticle  7: Monsieur  le sous-pr\u00e9fet,  directeur  du cabinet  et le directeur  interd\u00e9partemental\nde la police  nationale  de la Somme  sont  charg\u00e9s,  chacun  en ce qui le concerne,  de\nl'ex\u00e9cution  du pr\u00e9sent  arr\u00eat\u00e9,  qui sera  publi\u00e9  au recueil  des  actes  administratifs  de la\npr\u00e9fecture  de la Somme.\n0 JAN, 2025\nPour  le pr\u00e9fet  et par d\u00e9l\u00e9gation,\nle directeur/de  cabinet,Amiens,  le\nVOIES  ET DELAIS  DE RECOURS\nLa pr\u00e9sente  d\u00e9cision  est susceptible  de faire,  dans  le d\u00e9lai  de deux  mois  suivant  la notification,  l'objet  des voies  de recours  suivantes  :\n-UNn  recaurs  gracieux,  formul\u00e9  aupr\u00e8s  du pr\u00e9fet  de la Somme,  cabinet,  bureau  de la s\u00e9curit\u00e9  int\u00e9rieure,  51 rue  de la R\u00e9publique  80020  Amiens,\n- un recours  hi\u00e9rarchique,  aupr\u00e8s  du ministre  de l'int\u00e9rieur,  direction  des libert\u00e9s  publiques  et des affaires  juridiques  - sous-direction  des polices  administratives  - bureau\ndes  polices  administratives  - place  Beauvau  75800  Paris  cedex  08,\nCes recours  sont  d\u00e9pourvus  de caract\u00e8re  suspensif,  En l'absence  de r\u00e9ponse  de l'administration  dans  Un d\u00e9lai  de deux  mois  \u00e0 compter  do la date  de r\u00e9ception  de votre\nrecours,  celui-ci  doit  \u00eatre  consid\u00e9r\u00e9  comme  implicitement  rejet\u00e9.\n- Un recours  contentieux,  devant  le tribunal  administratif  d'Amiens  . 14 rue Lemerchier  80000  Amiens  ou par voie  \u00e9lectronique  par le site www.telerecours.  fr.\nCe recours  juridictionnel  doit  \u00eatre  d\u00e9pos\u00e9  au plus  tard  avant  l'expiration  du deuxi\u00e8me  mois  \u00e0 compter  de la date  de notification  de la d\u00e9cision  contest\u00e9e,  ou dans  les deux\nmais  suivant  la date  du rejet  de votre  recours  gracieux  ou hi\u00e9rarchique,\n2\nPr\u00e9fecture de la Somme - Cabinet - 80-2025-01-20-00004 - AP 24/936 portant autorisation provisoire d'un syst\u00e8me de vid\u00e9oprotection27\nSecr\u00e9tariat g\u00e9n\u00e9ral commun d\u00e9partemental de\nla Somme \n80-2025-01-21-00002\nArr\u00eat\u00e9 du 21 janvier 2025 donnant d\u00e9l\u00e9gation en\nmati\u00e8re d'ordonnancement dans le cadre de\nl'utilisation de la carte achat\nSecr\u00e9tariat g\u00e9n\u00e9ral commun d\u00e9partemental de la Somme  - 80-2025-01-21-00002 - Arr\u00eat\u00e9 du 21 janvier 2025 donnant d\u00e9l\u00e9gation en\nmati\u00e8re d'ordonnancement dans le cadre de l'utilisation de la carte achat 28\nPREFET\nDELA  SOMME\nLibert\u00e9\n\u00c9galit\u00e9\nFraternit\u00e9\nARR\u00caT\u00c9\nDonnant  d\u00e9l\u00e9gation  de signature  en mati\u00e8re  d' ordonnancement\ndans  le cadre  de l'utilisation  de la carte  achat\nLE PR\u00c9FET  DE LA SOMME\nCHEVALIER  DE LA L\u00c9GION  D'HONNEUR\nVu la loi organique  n\u00b0 2001-692  du 1\u00b0' ao\u00fbt  2001  modifi\u00e9e  relative  aux lois de finances:\nVu la loi d'orientation  n\u00b0 2425  du 6 f\u00e9vrier  1992  modifi\u00e9e  relative  \u00e0 l'administration  territoriale  de la\nR\u00e9publique  ;\nVu la loi n\u00b0 82-213  du 2 mars  1982  modifi\u00e9e  relative  aux  droits  et libert\u00e9s  des  communes,  des\nd\u00e9partements  et des  r\u00e9gions  ; |\nVu le d\u00e9cret  n\u00b0 2004-374  du 29 avril  2004  modifi\u00e9  relatif  aux  pouvoirs  des  pr\u00e9fets,  \u00e0 l'organisation  et \u00e0\nl'action  des  services  de l'\u00c9tat  dans  les r\u00e9gions  et les d\u00e9partements  ;\nVu le d\u00e9cret  n\u00b0 2012-1246  du 7 novembre  2012  modifi\u00e9  relatif  \u00e0 la gestion  budg\u00e9taire  et comptable\npublique  ;\nVu le d\u00e9cret  du 13 juillet  2023 portant  nomination  du pr\u00e9fet  de la Somme,  M. Rollon  MOUCHEL-BLAIOT\n\u00e0 compter  du 24 juillet  2023;\nVu le d\u00e9cret  du 21 juillet  2023  portant  nomination  de M. Emmanuel  MOULARD,  sous-pr\u00e9fet  hors  classe,\nsecr\u00e9taire  g\u00e9n\u00e9ral  de la pr\u00e9fecture  de la Somme  ;\nVu les d\u00e9cisions  pr\u00e9fectorales  affectant  le personnel  au sein  de la pr\u00e9fecture  de la Somme;\nVu l'arr\u00eat\u00e9  du 11 juillet  2024  donnant  d\u00e9l\u00e9gation  de signature  en mati\u00e8re  d'ordonnancement  sur les\n' programmes  354  hors  titre  2, 206  hors  titre  2 et 349  hors  titre  2 dans  le cadre  de l'utilisation  de la carte\nachat  ;\nSur proposition  du secr\u00e9taire  g\u00e9n\u00e9ral  de la pr\u00e9fecture  de la Somme;\nARRETE\nArticle  1er.  - d\u00e9l\u00e9gation  d'ordonnancement  est donn\u00e9e,  sur les programmes  354  HT2  (administration\nterritoriale  de l'\u00c9tat),  207 HT2  (s\u00e9curit\u00e9  et \u00e9ducation  routi\u00e8res),  206 HT2  (s\u00e9curit\u00e9  et qualit\u00e9  sanitaires\nde l'alimentation)  et 349  HT2  (transformation  de l'action  publique)  pour  les porteurs  de carte\nconcern\u00e9s,  dans  la limite  des  budgets  notifi\u00e9s  aux  centres  de co\u00fbts,  et dans  la limite  des  montants\nd\u00e9finis  en fonction  des  profils  attribu\u00e9s  \u00e0 chacun,  exclusivement  dans  le cadre  de l'utilisation  de la\ncarte  achat  BNP  PARIBAS  nominativement  attribu\u00e9e  a:\nSecr\u00e9tariat g\u00e9n\u00e9ral commun d\u00e9partemental de la Somme  - 80-2025-01-21-00002 - Arr\u00eat\u00e9 du 21 janvier 2025 donnant d\u00e9l\u00e9gation en\nmati\u00e8re d'ordonnancement dans le cadre de l'utilisation de la carte achat 29\nNOM  et P\u00e9nom  Fonction  Plafond  par Plafond  = Plafond\nop\u00e9ration  par  annuel\n| op\u00e9ration\nNiveauT  |\nNiveau  3\nMOUCHEL-BLAISOT  . Pr\u00e9fet  1 500  \u20ac 20 000  \u20ac\nRollon\nSARRY  Juliette  Intendante  2 000  \u20ac : 35 000  \u20ac\nMOULARD  Emmanuel  Secr\u00e9taire  g\u00e9n\u00e9ral  1 000 \u20ac 10 000 \u20ac\n| ALLARD-HENDRYCKS  Responsable  adjoint  du P\u00f4le Logistique  et 1 500 \u20ac 1500\u20ac  64000\u20ac  .\nAlexandre  Immobilier\nBELPAUME  Robin  Responsable  de la section  logistique  1 500  \u20ac 1500\u20ac  64000  \u20ac\n| DEUBEL  MARC-  | Adjoint  au responsable  du SIDSIC  1 000 \u20ac 1000\u20ac  20500  \u20ac\n| ANTOINE\nJOZON  Victor  Directeur  de cabinet  1 000 \u20ac 10 000 \u20ac\nMAELSTAF  Damien  Directeur  des  s\u00e9curit\u00e9s  500  \u20ac 1000  \u20ac\n| BRARD  Laure | Cheffe  du service  communication  et 1 000 \u20ac \u00a9 5 000 \u20ac\nrepr\u00e9sentation  de l'\u00c9tat\nBRIAUX  Karine  Chef  du bureau  des  droits  \u00e0 conduire  1 000  \u20ac 10 000  \u20ac\nROYER  Christine  Sous-pr\u00e9f\u00e8te  d'Abbeville  1 000 \u20ac 10 000 \u20ac\n: MELLINGER  Florian  Secr\u00e9taire  g\u00e9n\u00e9ral  sous-pr\u00e9fecture  d'Abbeville  1000  \u20ac 5 500 \u20ac\nLECOUSTRE  Laurence  Sous-pr\u00e9f\u00e8te  de P\u00e9ronne  1 000  \u20ac 10 000  \u20ac\nMISIAK  Yann  Secr\u00e9taire  g\u00e9n\u00e9ral  sous-pr\u00e9fecture  de P\u00e9ronne  1 000 \u20ac 5 500 \u20ac\nCAPELLE  Fr\u00e9d\u00e9ric  Chauffeur  sous-pr\u00e9fet  de P\u00e9ronne  1 000  \u20ac 15 000  \u20ac\nSAY  Silv\u00e8re  Sous-pr\u00e9fet  de Montdidier  1 000  \u20ac | 10 000  \u20ac\nBILLAUDEL  C\u00e9dric  Chauffeur  sous-pr\u00e9fecture  Montdidier  1 000  \u20ac | 15 000  \u20ac\nCRETON  L\u00e6titia  Directrice  de la DDETS  1 000 \u20ac | 10 000 \u20ac\nROUSSET  Xavier  Directeur  de la DDTM  1 000 \u20ac | 10 000 \u20ac\nVANDEVOORDE  Directeur  adjoint  de la DDTM  1 000 \u20ac | 10 000 \u20ac\nGuillaume\nSCHMITZ  B\u00e9n\u00e9dicte  Directrice  de la DDPP  1 000 \u20ac 10 000\u20ac.\n'CARON  Samuel  Directeur  adjoint  de la DDPP  1 000  \u20ac 10 000 \u20ac\nSecr\u00e9tariat g\u00e9n\u00e9ral commun d\u00e9partemental de la Somme  - 80-2025-01-21-00002 - Arr\u00eat\u00e9 du 21 janvier 2025 donnant d\u00e9l\u00e9gation en\nmati\u00e8re d'ordonnancement dans le cadre de l'utilisation de la carte achat 30\nArticle  2. - L'arr\u00eat\u00e9  du 11 juillet  2024  donnant  d\u00e9l\u00e9gation  de signature  en mati\u00e8re  d'ordonnancement\nsur le cadre  de l'utilisation  de la carte  achat  est abrog\u00e9.\nIl est remplac\u00e9  par  le pr\u00e9sent  arr\u00eat\u00e9  qui prend  effet  \u00e0 compter  du lendemain  de sa date  de publication.\nArticle  3. - Le secr\u00e9taire  g\u00e9n\u00e9ral  de la pr\u00e9fecture  de la Somme  est  charg\u00e9  de l'ex\u00e9cution  du pr\u00e9sent\narr\u00eat\u00e9  qui sera  publi\u00e9  au recueil  des  actes  administratifs  de la pr\u00e9fecture  de la Somme.\nAmiens,  le yy Janin  bes\nLe pr\u00e9fet\nRollon  MOUCHEL-BLAISOT\nSecr\u00e9tariat g\u00e9n\u00e9ral commun d\u00e9partemental de la Somme  - 80-2025-01-21-00002 - Arr\u00eat\u00e9 du 21 janvier 2025 donnant d\u00e9l\u00e9gation en\nmati\u00e8re d'ordonnancement dans le cadre de l'utilisation de la carte achat 31","date":"2025-01-22","first_seen_on":"2025-01-22T17:35:27+00:00","id":"eb1c2919380ad57a8305672838e5c76fb6a91eb5fe1101b8094e61f6eee85c55","name":"RAA n\u00b020 sp\u00e9cial du 22 janvier 2025","pdf_creation_date":"2025-01-22T16:36:45+00:00","pdf_modification_date":null,"timezone":"CET","url":"https://www.somme.gouv.fr/contenu/telechargement/50867/337520/file/recueil-2025-020-recueil-des-actes-administratifs-special.pdf"}
