{"administration":"pref83","administration_name":"Pr\u00e9fecture du Var","content":"VAR\nRECUEIL DES ACTES\nADMINISTRATIFS SP\u00c9CIAL\n(NOMINATIFS)\nN\u00b083-2025-057\nPUBLI\u00c9 LE 24 F\u00c9VRIER 2025\nSommaire\nPr\u00e9fecture du VAR / Direction de la citoyennet\u00e9 et de la l\u00e9galit\u00e9\n83-2025-02-21-00002 - ARR\u00caT\u00c9 n\u00b0 DCL/BERG/2025/35 du 21 f\u00e9vrier\n2025 portant agr\u00e9ment de la SASU OMI, \nsise \u00e0 Nans-les-Pins (83860),\npour exercer l'activit\u00e9 de domiciliation d'entreprises. (2 pages) Page 3\nPr\u00e9fecture du VAR / Direction des titres d'identit\u00e9 et de l'immigration\n83-2025-02-17-00012 - ARR\u00caT\u00c9 n\u00b083-2025-02-05 du 17 f\u00e9vrier 2025\nRELATIF A LA COMPOSITION DE\nLA COMMISSION D\u00c9PARTEMENTALE\nD'EXPULSION DU VAR (2 pages) Page 6\n2\nPr\u00e9fecture du VAR\n83-2025-02-21-00002\nARR\u00caT\u00c9 n\u00b0 DCL/BERG/2025/35 du 21 f\u00e9vrier 2025\nportant agr\u00e9ment de la SASU OMI, \nsise \u00e0 Nans-les-Pins (83860), pour exercer\nl'activit\u00e9 de domiciliation d'entreprises.\nPr\u00e9fecture du VAR - 83-2025-02-21-00002 - ARR\u00caT\u00c9 n\u00b0 DCL/BERG/2025/35 du 21 f\u00e9vrier 2025 portant agr\u00e9ment de la SASU OMI, \nsise \u00e0 Nans-les-Pins (83860), pour exercer l'activit\u00e9 de domiciliation d'entreprises. 3\n=mPREFETDU VARLibert\u00e9Egalit\u00e9Fraternit\u00e9\nDirection de la citoyennet\u00e9 et de la l\u00e9galit\u00e9\nBureau des \u00e9lections et de la r\u00e9glementation g\u00e9n\u00e9rale\nARR\u00caT\u00c9 n\u00b0 DCL/BERG/2025/35 du 21 f\u00e9vrier 2025\nportant agr\u00e9ment de la SASU OMI, \nsise \u00e0 Nans-les-Pins (83860), pour exercer l'activit\u00e9 de domiciliation d'entreprises.\nLe Pr\u00e9fet du Var,\nVu  le  code  de  commerce,  notamment  ses  articles  L.  123-11-2  \u00e0  L.  123-11-5,  L.  123-11-7 ,  et \nR. 123-166-1 et suivants ;\nVu le code mon\u00e9taire et financier, notamment ses articles L. 561-37 \u00e0 L. 561-43  et R. 561-39 et \nsuivants ;\nVu  le d\u00e9cret n\u00b0 2009-1535 du 10 d\u00e9cembre 2009 d\u00e9finissant les modalit\u00e9s de contr\u00f4le du  \nrespect  des  obligations  relatives  \u00e0  la  lutte  contre  le  blanchiment  de  capitaux  et  le \nfinancement  du  terrorisme  par  les  personnes  mentionn\u00e9es  aux  8\u00b0,  9\u00b0  et  15\u00b0  de  l'article \nL. 561-2 du code mon\u00e9taire et financier et relatif \u00e0 la commission nationale des sanctions ;\nVu le d\u00e9cret du Pr\u00e9sident de la R\u00e9publique du 13 juillet 2023 portant nomination de Monsieur  \nPhilippe MAH\u00c9, pr\u00e9fet du Var ;\nVu l'arr\u00eat\u00e9 pr\u00e9fectoral n\u00b0 2024/56/MCI du 10 d\u00e9cembre 2024 portant d\u00e9l\u00e9gation de signature  \n\u00e0 Monsieur Lucien GIUDICELLI, secr\u00e9taire g\u00e9n\u00e9ral de la pr\u00e9fecture du Var, sous-pr\u00e9fet de  \nl'arrondissement de Toulon ;\nVu l'arr\u00eat\u00e9 pr\u00e9fectoral n\u00b0 2024/48/MCI du 22 octobre 2024 portant d\u00e9l\u00e9gation de signature \u00e0  \nMonsieur Thibaut DARGON, directeur de la citoyennet\u00e9 et de la l\u00e9galit\u00e9 de la pr\u00e9fecture du  \nVar ;\nVu la demande re\u00e7ue \u00e0 la pr\u00e9fecture du Var le 24 janvier 2025 par laquelle la SASU \u00ab OMI \u2013 \nOffice  Manager  Ind\u00e9pendante \u00bb,  repr\u00e9sent\u00e9e  par  sa  pr\u00e9sidente  Madame  C\u00e9cile  ROCCHI \n(\u00e9pouse HARDOUB), et dont le si\u00e8ge social est situ\u00e9 Jas de Rouquier Sud \u2013 route de Marseille \u00e0 \nNans-les-Pins  (83860),  demande  l'agr\u00e9ment  afin  d'exercer  l'activit\u00e9  de  domiciliation  \nd'entreprises ;\nConsid\u00e9rant que le dossier de la demande susvis\u00e9e comporte toutes les justifications requises \npar la r\u00e9glementation ;\nSur proposition du secr\u00e9taire g\u00e9n\u00e9ral de la pr\u00e9fecture du Var,\n1/2\nPr\u00e9fecture du VAR - 83-2025-02-21-00002 - ARR\u00caT\u00c9 n\u00b0 DCL/BERG/2025/35 du 21 f\u00e9vrier 2025 portant agr\u00e9ment de la SASU OMI, \nsise \u00e0 Nans-les-Pins (83860), pour exercer l'activit\u00e9 de domiciliation d'entreprises. 4\nARR\u00caTE\nArticle 1  :  La SASU \u00ab  OMI \u2013 Office Manager Ind\u00e9pendante  \u00bb, repr\u00e9sent\u00e9e par sa pr\u00e9sidente  \nMadame C\u00e9cile ROCCHI (\u00e9pouse HARDOUB), et dont le si\u00e8ge social est situ\u00e9 Jas de Rouquier  \nSud  \u2013  route  de  Marseille  \u00e0  Nans-les-Pins  (83860), est  agr\u00e9\u00e9e  pour  exercer  l'activit\u00e9  de \ndomiciliation d'entreprises pour l'\u00e9tablissement secondaire situ\u00e9 3 Grand rue \u00e0 Nans-les-Pins  \n(83860).\nArticle 2 : Cet agr\u00e9ment est accord\u00e9, pour une dur\u00e9e de six ans, et porte le num\u00e9ro \nDE-83-2025-03.\nArticle 3 : Le pr\u00e9sent arr\u00eat\u00e9 prendra effet \u00e0 compter de sa date de signature.\nArticle 4  : Le titulaire de cet agr\u00e9ment devra respecter les obligations relatives \u00e0 la lutte  \ncontre le blanchiment des capitaux et le financement du terrorisme pr\u00e9vues aux parties  \nl\u00e9gislatives et r\u00e9glementaires du code mon\u00e9taire et financier.\nArticle 5  : Tout changement substantiel concernant les donn\u00e9es principales de la soci\u00e9t\u00e9  \nindiqu\u00e9es dans le dossier de demande d'agr\u00e9ment initial devra \u00eatre d\u00e9clar\u00e9, dans un d\u00e9lai de  \ndeux mois, par ladite soci\u00e9t\u00e9 \u00e0 la pr\u00e9fecture du Var.\nArticle 6  : Le secr\u00e9taire g\u00e9n\u00e9ral de la pr\u00e9fecture est charg\u00e9 de l'ex\u00e9cution du pr\u00e9sent arr\u00eat\u00e9  \nqui sera publi\u00e9 au recueil des actes administratifs de la pr\u00e9fecture du Var.\nFait \u00e0 Toulon, le 21 f\u00e9vrier 2025\nPour le Pr\u00e9fet et par d\u00e9l\u00e9gation,\nl'adjoint au directeur de la citoyennet\u00e9 \net de la l\u00e9galit\u00e9\nSign\u00e9 : Lionel GARENTE\nDans un d\u00e9lai de deux mois \u00e0 compter de la date de notification du pr\u00e9sent arr\u00eat\u00e9, les recours suivants peuvent \u00eatre introduits \nconform\u00e9ment aux dispositions des articles R. 421-1 et suivants du code de justice administrative :\n- un recours gracieux, adress\u00e9 \u00e0 : M. le pr\u00e9fet du Var \u2013 Bd du 112\u00e8me r\u00e9giment d'infanterie- CS 31209 - 83070 TOULON CEDEX\nDans ce cas, le silence de l'administration vaut rejet implicite au terme d'un d\u00e9lai de deux mois.\nApr\u00e8s un recours gracieux ou hi\u00e9rarchique, le d\u00e9lai du recours contentieux ne court qu'\u00e0 compter du rejet explicite ou implicite \nde l'un des recours.\n- un recours contentieux, en saisissant le Tribunal Administratif de Toulon : 5 rue Racine -BP 40510 - 83 041 TOULON CEDEX 9\nLe tribunal administratif peut \u00eatre saisi par l'application informatique \u00ab  T\u00e9l\u00e9recours citoyens \u00bb accessible par le site internet  \n\u00ab www.telerecours.fr \u00bb.\n2/2\nPr\u00e9fecture du VAR - 83-2025-02-21-00002 - ARR\u00caT\u00c9 n\u00b0 DCL/BERG/2025/35 du 21 f\u00e9vrier 2025 portant agr\u00e9ment de la SASU OMI, \nsise \u00e0 Nans-les-Pins (83860), pour exercer l'activit\u00e9 de domiciliation d'entreprises. 5\nPr\u00e9fecture du VAR\n83-2025-02-17-00012\nARR\u00caT\u00c9 n\u00b083-2025-02-05 du 17 f\u00e9vrier 2025\nRELATIF A LA COMPOSITION DE\nLA COMMISSION D\u00c9PARTEMENTALE\nD'EXPULSION DU VAR\nPr\u00e9fecture du VAR - 83-2025-02-17-00012 - ARR\u00caT\u00c9 n\u00b083-2025-02-05 du 17 f\u00e9vrier 2025 RELATIF A LA COMPOSITION DE\nLA COMMISSION D\u00c9PARTEMENTALE D'EXPULSION DU VAR 6\nExPREFETDU VARLibert\u00e9Egalit\u00e9Fraternit\u00e9\nDirection des titres d'identit\u00e9 et de l'immigration\nBureau de l'Immigration\nSection DTII \u2013 MOP \nAffaire suivie par : AP\nToulon, le 17 f\u00e9vrier 2025\nARR\u00caT\u00c9 n\u00b083-2025-02-05 du 17 f\u00e9vrier 2025\nRELATIF A LA COMPOSITION DE\nLA COMMISSION D\u00c9PARTEMENTALE D'EXPULSION DU VAR\nLe pr\u00e9fet du Var\nVu le code de l'entr\u00e9e et du s\u00e9jour des \u00e9trangers et du droit d'asile et notamment les articles L. 632-1 et  \nR.632-7 ;\nVu la d\u00e9cision du 27 octobre 2021 de la pr\u00e9sidente du tribunal administratif de Toulon ; \nVu la d\u00e9cision du 10 novembre 2021 de la pr\u00e9sidente du tribunal judiciaire de Toulon ;\nVu l'ordonnance modificative du 14 f\u00e9vrier 2022 et du 27 juillet 2022 de la pr\u00e9sidente du tribunal judiciaire  \nde Toulon et de la pr\u00e9sidente du tribunal administratif de Toulon ; \nSur proposition du secr\u00e9taire g\u00e9n\u00e9ral de la pr\u00e9fecture du Var,\nARR\u00caTE :\nArticle 1  er   : la commission d\u00e9partementale d'expulsion du Var est ainsi constitu\u00e9e pour les besoins du  \nbureau de l'immigration de la pr\u00e9fecture de Toulon et du bureau de l'immigration de la sous-pr\u00e9fecture de  \nDraguignan :  \nMembres : \n- M. Alexey VARNEK, juge au tribunal judiciaire de Toulon ;\n- Mme C\u00e9line DALLEST, juge au p\u00f4le contentieux de la protection   du tribunal judiciaire de  \nToulon ;   \n- Mme Kash\u00e2ya MARTIN,  magistrate du tribunal administratif de Toulon ;\n1/2\nPr\u00e9fecture du VAR - 83-2025-02-17-00012 - ARR\u00caT\u00c9 n\u00b083-2025-02-05 du 17 f\u00e9vrier 2025 RELATIF A LA COMPOSITION DE\nLA COMMISSION D\u00c9PARTEMENTALE D'EXPULSION DU VAR 7\nSuppl\u00e9ant : \n-  Mme  S\u00e9verine  GARAT,  vice-pr\u00e9sidente  du  p\u00f4le  social  au  tribunal  judiciaire  de  Toulon, \nsuppl\u00e9ante de Mme C\u00e9line DALLEST ;\n-  M.  Arnaud  KIECKEN,  magistrat  au  tribunal  administratif  de  Toulon,  suppl\u00e9ant  de  Mme \nKash\u00e2ya MARTIN ; \nArticle 2 : M. Alexey VARNEK, juge au tribunal judiciaire de Toulon,  assure la pr\u00e9sidence de la commission  \nd\u00e9partementale d'expulsion du Var.\nArticle 3 : , repr\u00e9sentante du pr\u00e9fet, assurera les fonctions de rapporteur.\nArticle 4 : Le secr\u00e9taire g\u00e9n\u00e9ral de la pr\u00e9fecture du Var est charg\u00e9 de l'ex\u00e9cution du pr\u00e9sent arr\u00eat\u00e9 qui sera \npubli\u00e9 au recueil des actes administratifs de la pr\u00e9fecture du Var.\n                     \nFait \u00e0 Toulon, le 17 f\u00e9vrier 2025\nPour le pr\u00e9fet et par d\u00e9l\u00e9gation,\nLe secr\u00e9taire g\u00e9n\u00e9ral \nSign\u00e9 \nLucien GIUDICELLI\n2/2\nPr\u00e9fecture du VAR - 83-2025-02-17-00012 - ARR\u00caT\u00c9 n\u00b083-2025-02-05 du 17 f\u00e9vrier 2025 RELATIF A LA COMPOSITION DE\nLA COMMISSION D\u00c9PARTEMENTALE D'EXPULSION DU VAR 8","date":"2025-02-24","first_seen_on":"2025-02-24T15:24:54+00:00","id":"eb3b268a5a745c0de0110ce6524eb8fe6200ab07bab8a75aa42a7cd7ed978409","name":"RAA N\u00b057 du 24 f\u00e9vrier 2025","pdf_creation_date":"2025-02-24T15:14:54+00:00","pdf_modification_date":null,"timezone":"CET","url":"https://www.var.gouv.fr/contenu/telechargement/39337/258521/file/RAA%20N%C2%B057%20du%2024%20f%C3%A9vrier%202025%20Nominatifs.pdf"}
