{"administration":"pref83","administration_name":"Pr\u00e9fecture du Var","content":"VAR\nRECUEIL DES ACTES\nADMINISTRATIFS SP\u00c9CIAL\n(NOMINATIFS)\nN\u00b083-2026-111\nPUBLI\u00c9 LE 30 MARS 2026\nSommaire\nDirection d\u00e9partementale de l'emploi, du travail et des solidarit\u00e9s du Var\n/ Direction de la DDETS\n83-2026-03-26-00008 - \n\nARR\u00caT\u00c9 PR\u00c9FECTORAL \n\nportant\nagr\u00e9ment \u00e0 titre individuel pour exercer en qualit\u00e9 de\nmandataire\njudiciaire \u00e0 la protection des majeurs \ndans le d\u00e9partement du Var (3\npages) Page 4\n83-2026-03-26-00006 - \nARR\u00caT\u00c9 PR\u00c9FECTORAL \n\nportant\nagr\u00e9ment \u00e0 titre individuel pour exercer en qualit\u00e9 de\nmandataire\njudiciaire \u00e0 la protection des majeurs \ndans le d\u00e9partement du Var\n(3 pages) Page 8\n83-2026-03-26-00009 - \nARR\u00caT\u00c9 PR\u00c9FECTORAL \n\nportant\nagr\u00e9ment \u00e0 titre individuel pour exercer en qualit\u00e9 de\nmandataire\njudiciaire \u00e0 la protection des majeurs \ndans le d\u00e9partement du Var (3\npages) Page 12\n83-2026-01-29-00009 - Arr\u00eat\u00e9 portant agr\u00e9ment\nd'un organisme de\nservices \u00e0 la personne\nN\u00b0 SAP489547521\nN\u00b0 SIREN 489547521 (2\npages) Page 16\n83-2026-01-29-00010 - Arr\u00eat\u00e9 portant agr\u00e9ment\nd'un organisme de\nservices \u00e0 la personne\nN\u00b0 SAP885224600\nN\u00b0 SIREN 885224600 (2\npages) Page 19\n83-2026-03-26-00003 - ARR\u00caT\u00c9 PR\u00c9FECTORAL \n\nportant\nagr\u00e9ment \u00e0 titre individuel pour exercer en qualit\u00e9 de\nmandataire\njudiciaire \u00e0 la protection des majeurs \ndans le d\u00e9partement du Var (3\npages) Page 22\n83-2026-03-26-00004 - ARR\u00caT\u00c9 PR\u00c9FECTORAL \n\nportant\nagr\u00e9ment \u00e0 titre individuel pour exercer en qualit\u00e9 de\nmandataire\njudiciaire \u00e0 la protection des majeurs \ndans le d\u00e9partement du Var (3\npages) Page 26\n83-2026-03-26-00005 - ARR\u00caT\u00c9 PR\u00c9FECTORAL \n\nportant\nagr\u00e9ment \u00e0 titre individuel pour exercer en qualit\u00e9 de\nmandataire\njudiciaire \u00e0 la protection des majeurs \ndans le d\u00e9partement du Var (3\npages) Page 30\n83-2026-03-26-00007 - ARR\u00caT\u00c9 PR\u00c9FECTORAL \n\nportant\nagr\u00e9ment \u00e0 titre individuel pour exercer en qualit\u00e9 de\nmandataire\njudiciaire \u00e0 la protection des majeurs \ndans le d\u00e9partement du Var (3\npages) Page 34\n83-2026-03-26-00010 - ARR\u00caT\u00c9 PR\u00c9FECTORAL \n\nportant agr\u00e9ment\n\u00e0 titre individuel pour exercer en qualit\u00e9 de\nmandataire judiciaire \u00e0\nla protection des majeurs \ndans le d\u00e9partement du Var (3 pages) Page 38\n2\n83-2026-03-17-00005 - R\u00e9c\u00e9piss\u00e9 de d\u00e9claration\nd'un organisme\nde services \u00e0 la personne\nenregistr\u00e9 sous le N\u00b0 SAP102424108 (1\npage) Page 42\n83-2026-01-25-00002 - R\u00e9c\u00e9piss\u00e9 de d\u00e9claration\nd'un organisme\nde services \u00e0 la personne\nenregistr\u00e9 sous le N\u00b0 SAP442095014 (1\npage) Page 44\n83-2026-03-10-00010 - R\u00e9c\u00e9piss\u00e9 de d\u00e9claration\nd'un organisme\nde services \u00e0 la personne\nenregistr\u00e9 sous le N\u00b0 SAP851603241 (2\npages) Page 46\n83-2026-01-22-00005 - R\u00e9c\u00e9piss\u00e9 de d\u00e9claration\nd'un organisme\nde services \u00e0 la personne\nenregistr\u00e9 sous le N\u00b0 SAP920978137 (1\npage) Page 49\n83-2026-03-11-00028 - R\u00e9c\u00e9piss\u00e9 de d\u00e9claration\nd'un organisme\nde services \u00e0 la personne\nenregistr\u00e9 sous le N\u00b0 SAP948912316 (1\npage) Page 51\n83-2026-03-07-00002 - R\u00e9c\u00e9piss\u00e9 de d\u00e9claration\nd'un organisme\nde services \u00e0 la personne\nenregistr\u00e9 sous le N\u00b0 SAP988703955 (1\npage) Page 53\n83-2026-01-29-00008 - R\u00e9c\u00e9piss\u00e9 de d\u00e9claration\nd'un organisme\nde services \u00e0 la personne\nenregistr\u00e9 sous le N\u00b0 SAP995313012 (2\npages) Page 55\nPr\u00e9fecture du VAR / Direction de la citoyennet\u00e9 et de la l\u00e9galit\u00e9\n83-2026-03-23-00009 - ARR\u00caT\u00c9 n\u00b0 DCL/BERG/2026/100 du 23 mars\n2026 portant agr\u00e9ment de la SAS \u00ab\u00a0IRFOP PROVENCE\u00a0\u00bb, sise \u00e0 La\nValette-du-Var (83160), pour exercer l'activit\u00e9 de domiciliation\nd'entreprises. (2 pages) Page 58\n83-2026-03-30-00003 - ARR\u00caT\u00c9 PR\u00c9FECTORAL n\u00b0\nDCL/BERG/2026/0063 du 30mars 2026 portant renouvellement\nd'habilitation de l'\u00e9tablissement \u00ab POMPES FUN\u00c8BRES PIANETTI\n\u00bb\nboulevard Kennedy - 83300 DRAGUIGNAN g\u00e9r\u00e9 par la SAS \u00ab\nFUNECAP SUD-EST \u00bb Habilitation N\u00b0 26-83-0154 (3 pages) Page 61\n83-2026-03-23-00010 - ARR\u00caT\u00c9 PR\u00c9FECTORAL n\u00b0 DCL/BERG/2026/99\ndu 23 mars 2026 portant renouvellement d'agr\u00e9ment du centre de\nformation \u00ab\u00a08-C\u00a0\u00bb, sis 153 rue Victor Hugo \u00e0 Puget-sur-Argens\n(83480), habilit\u00e9 \u00e0 dispenser la formation initiale et continue des\nconducteurs de voiture de transport avec chauffeur (2 pages) Page 65\nSecr\u00e9tariat g\u00e9n\u00e9ral commun d\u00e9partemental / Direction du SGCD\n83-2026-03-25-00005 - Arr\u00eat\u00e9 N\u00b02026/11 fixant la nouvelle\nd\u00e9signation des membres de la FS du CSA de la DDETS du Var (2 pages) Page 68\n3\nDirection d\u00e9partementale de l'emploi, du travail\net des solidarit\u00e9s du Var\n83-2026-03-26-00008\nARR\u00caT\u00c9 PR\u00c9FECTORAL \nportant agr\u00e9ment \u00e0 titre individuel pour exercer\nen qualit\u00e9 de\nmandataire judiciaire \u00e0 la protection des majeurs\ndans le d\u00e9partement du Var\nDirection d\u00e9partementale de l'emploi, du travail et des solidarit\u00e9s du Var - 83-2026-03-26-00008 - \nARR\u00caT\u00c9 PR\u00c9FECTORAL \nportant agr\u00e9ment \u00e0 titre individuel pour exercer en qualit\u00e9 de\nmandataire judiciaire \u00e0 la protection des majeurs \ndans le d\u00e9partement du Var\n4\n=mPREFETDU VARLibert\u00e9Egalit\u00e9Fraternit\u00e9\nDirection D\u00e9partementale\n de l'Emploi, du Travail\net des Solidarit\u00e9s\nService acc\u00e8s \u00e0 l'autonomie\ndes populations vuln\u00e9rables\nARR\u00caT\u00c9 PR\u00c9FECTORAL \nportant agr\u00e9ment \u00e0 titre individuel pour exercer en qualit\u00e9 de\nmandataire judiciaire \u00e0 la protection des majeurs \ndans le d\u00e9partement du Var\nLe Pr\u00e9fet du Var,\nVu le Code de l'action sociale et des familles, notamment les articles  L. 312-5, L. 472-1, \nL. 472-1-1 L. 472-2, D. 471-3 et D 471-4 ;\nVu le sch\u00e9ma r\u00e9gional de la protection juridique des majeurs et des d\u00e9l\u00e9gu\u00e9s aux  \nprestations familiales de la r\u00e9gion Provence Alpes C\u00f4te d'Azur du 21 d\u00e9cembre 2020 ;\nVu  l'avis  d'appel  \u00e0  candidature  en  date  du  5  ao\u00fbt  2025  aux  fins  d'agr\u00e9ment  de \nmandataires judiciaires \u00e0 la protection des majeurs exer\u00e7ant \u00e0 titre individuel dans le  \nd\u00e9partement du Var ;\nVu  le  dossier  de  candidature,  d\u00e9clar\u00e9  complet  le  25  novembre  2025,  pr\u00e9sent\u00e9  \npar madame TORRE Alexia ;\nVu  les  arr\u00eat\u00e9s  du  18  d\u00e9cembre  2025  et  du  24  d\u00e9cembre  2025  fixant  la  liste  des \ncandidatures recevables dans le cadre de l'appel \u00e0 candidature aux fins d'agr\u00e9ment de \nmandataires judiciaires \u00e0 la protection des majeurs exer\u00e7ant \u00e0 titre individuel dans le  \nd\u00e9partement du Var ;\nVu l'avis de la commission d\u00e9partementale d'agr\u00e9ment du 3 f\u00e9vrier 2026 ;\nVu l'arr\u00eat\u00e9 du f\u00e9vrier 2026 portant classement et s\u00e9lections des candidatures aux fins  \nd'agr\u00e9ment de mandataires judiciaires \u00e0 la protection des majeurs exer\u00e7ant \u00e0 titre  \nindividuel dans le d\u00e9partement du Var ;\nConsid\u00e9rant  le  caract\u00e8re  souverain  de  l'avis  de  la  commission  d\u00e9partementale  \nd'agr\u00e9ment ;\n1\nDirection d\u00e9partementale de l'emploi, du travail et des solidarit\u00e9s du Var - 83-2026-03-26-00008 - \nARR\u00caT\u00c9 PR\u00c9FECTORAL \nportant agr\u00e9ment \u00e0 titre individuel pour exercer en qualit\u00e9 de\nmandataire judiciaire \u00e0 la protection des majeurs \ndans le d\u00e9partement du Var\n5\nConsid\u00e9rant le pouvoir d'appr\u00e9ciation du pr\u00e9fet conform\u00e9ment aux articles L. 472-1-1  \net R. 472-1 du Code de l'action sociale et des familles ;\nSur  proposition de  la  directrice  d\u00e9partementale  de  l'emploi,  du  travail  et  des  \nsolidarit\u00e9s et avis conforme du procureur de la R\u00e9publique sur le classement des  \ncandidatures ;\nARR\u00caTE\u00a0:\nArticle 1  er     : L'agr\u00e9ment mentionn\u00e9 \u00e0 l'article L. 472-1 du Code de l'action sociale et des \nfamilles (CASF) est accord\u00e9 \u00e0 :\nTORRE Alexia\nexer\u00e7ant son activit\u00e9 professionnelle au \n8 impasse du Romarin BP 11 83210 la Farl\u00e8de \npour l'exercice, \u00e0 titre individuel en qualit\u00e9 de mandataire judiciaire \u00e0 la protection  \ndes majeurs, de mesures de protection des majeurs au titre du mandat sp\u00e9cial auquel  \nil peut \u00eatre recouru dans le cadre de la sauvegarde de justice ou au titre de la curatelle \nou de la tutelle.\nL'agr\u00e9ment vaut inscription sur la liste des mandataires judiciaires \u00e0 la protection des  \nmajeurs du d\u00e9partement du Var.\nArticle 2     :  Tout changement concernant la nature et la consistance des garanties  \npr\u00e9vues par l'assurance en responsabilit\u00e9 civile, tout changement de cat\u00e9gorie de  \nmesures  de  protection  exerc\u00e9es  donnent  lieu  \u00e0  un  nouvel  agr\u00e9ment  dans  les  \nconditions pr\u00e9vues aux articles R. 471-1 et R. 472-2 du Code de l'action sociale et des  \nfamilles.\nArticle 3     : Le repr\u00e9sentant de l'\u00c9tat exerce un contr\u00f4le de l'activit\u00e9 des mandataires  \njudiciaires et peut adresser une injonction en cas de violation par celui-ci des lois et  \nr\u00e8glements, assortie d'un d\u00e9lai circonstanci\u00e9 qu'il fixe comme le pr\u00e9cise l'article L.  \n472-10 du CASF.\nIl se r\u00e9serve \u00e9galement le droit apr\u00e8s avis conforme du procureur de la R\u00e9publique de  \nretirer l'agr\u00e9ment en application de l'article L. 472-1 du CASF.\nEn cas d'urgence, le repr\u00e9sentant de l'\u00c9tat peut suspendre ou retirer l'agr\u00e9ment sans  \ninjonction comme le pr\u00e9cise l'article L. 472-6 du CASF.\nArticle  4     :  Le  pr\u00e9sent  arr\u00eat\u00e9  peut  faire  l'objet  d'un  recours  administratif  gracieux \naupr\u00e8s  du  Pr\u00e9fet  du  Var  dans  les  deux  mois  suivant  sa  publication.  Un  recours  \ncontentieux peut \u00eatre d\u00e9pos\u00e9 aupr\u00e8s du tribunal administratif de Toulon, situ\u00e9 au 5  \nrue Racine BP 40510 83041 Toulon cedex 9, \u00e9galement dans un d\u00e9lai de deux mois \u00e0  \ncompter de sa publication, ou dans le d\u00e9lai de deux mois \u00e0 partir de la r\u00e9ponse de  \nl'administration si un recours administratif a \u00e9t\u00e9 d\u00e9pos\u00e9, l'absence de r\u00e9ponse au  \nterme d'un d\u00e9lai de deux mois valant rejet implicite. La juridiction administrative  \n2\nDirection d\u00e9partementale de l'emploi, du travail et des solidarit\u00e9s du Var - 83-2026-03-26-00008 - \nARR\u00caT\u00c9 PR\u00c9FECTORAL \nportant agr\u00e9ment \u00e0 titre individuel pour exercer en qualit\u00e9 de\nmandataire judiciaire \u00e0 la protection des majeurs \ndans le d\u00e9partement du Var\n6\ncomp\u00e9tente peut aussi \u00eatre saisie par l'application \u00ab  T\u00e9l\u00e9recours citoyens \u00bb accessible \n\u00e0 partir du site www.telerecours.fr.\nArticle 5     :  Le pr\u00e9sent arr\u00eat\u00e9 est \u00e9tabli en un seul exemplaire original, conserv\u00e9 aux  \narchives du pr\u00e9fet et qui seul fait foi. Le pr\u00e9fet renverra au titulaire, pour notification,  \nune copie du document original.\nArticle 6     :  Le pr\u00e9sent arr\u00eat\u00e9 sera publi\u00e9 au recueil des actes administratifs de l'\u00c9tat  \ndans le Var.\nArticle  7     :  Le  secr\u00e9taire  g\u00e9n\u00e9ral  de  la  pr\u00e9fecture  du  Var  et  la  directrice  \nd\u00e9partementale de l'emploi, du travail et des solidarit\u00e9s du Var, so nt charg\u00e9s, chacun \nen ce qui le concerne, de l'ex\u00e9cution du pr\u00e9sent arr\u00eat\u00e9. \nFait \u00e0 Toulon, le 26 mars 2026\nPour le Pr\u00e9fet et par d\u00e9l\u00e9gation,\nla directrice d\u00e9partementale\nsign\u00e9\nSandrine POLYCHRONOPOULOS\n3\nDirection d\u00e9partementale de l'emploi, du travail et des solidarit\u00e9s du Var - 83-2026-03-26-00008 - \nARR\u00caT\u00c9 PR\u00c9FECTORAL \nportant agr\u00e9ment \u00e0 titre individuel pour exercer en qualit\u00e9 de\nmandataire judiciaire \u00e0 la protection des majeurs \ndans le d\u00e9partement du Var\n7\nDirection d\u00e9partementale de l'emploi, du travail\net des solidarit\u00e9s du Var\n83-2026-03-26-00006\nARR\u00caT\u00c9 PR\u00c9FECTORAL \nportant agr\u00e9ment \u00e0 titre individuel pour exercer\nen qualit\u00e9 de\nmandataire judiciaire \u00e0 la protection des majeurs\ndans le d\u00e9partement du Var\nDirection d\u00e9partementale de l'emploi, du travail et des solidarit\u00e9s du Var - 83-2026-03-26-00006 - \nARR\u00caT\u00c9 PR\u00c9FECTORAL \nportant agr\u00e9ment \u00e0 titre individuel pour exercer en qualit\u00e9 de\nmandataire judiciaire \u00e0 la protection des majeurs \ndans le d\u00e9partement du Var\n8\n=mPREFETDU VARLibert\u00e9Egalit\u00e9Fraternit\u00e9\nDirection D\u00e9partementale\n de l'Emploi, du Travail\net des Solidarit\u00e9s\nService acc\u00e8s \u00e0 l'autonomie\ndes populations vuln\u00e9rables\nARR\u00caT\u00c9 PR\u00c9FECTORAL \nportant agr\u00e9ment \u00e0 titre individuel pour exercer en qualit\u00e9 de\nmandataires judiciaires \u00e0 la protection des majeurs \ndans le d\u00e9partement du Var\nLe Pr\u00e9fet du Var,\nVu le Code de l'action sociale et des familles, notamment les articles  L. 312-5, L. 472-1, \nL. 472-1-1 L. 472-2, D. 471-3 et D 471-4 ;\nVu le sch\u00e9ma r\u00e9gional de la protection juridique des majeurs et des d\u00e9l\u00e9gu\u00e9s aux  \nprestations familiales de la r\u00e9gion Provence Alpes C\u00f4te d'Azur du 21 d\u00e9cembre 2020 ;\nVu  l'avis  d'appel  \u00e0  candidature  en  date  du  5  ao\u00fbt  2025  aux  fins  d'agr\u00e9ment  de \nmandataires judiciaires \u00e0 la protection des majeurs exer\u00e7ant \u00e0 titre individuel dans le  \nd\u00e9partement du Var ;\nVu  le  dossier  de  candidature  d\u00e9clar\u00e9,  complet  le  25  novembre  2025,  pr\u00e9sent\u00e9  \npar madame HAMMAMI Oc\u00e9ane nom d'usage TOUIL ;\nVu  les  arr\u00eat\u00e9s  du  18  d\u00e9cembre  2025  et  du  24  d\u00e9cembre  2025  fixant  la  liste  des \ncandidatures recevables dans le cadre de l'appel \u00e0 candidature aux fins d'agr\u00e9ment de \nmandataires judiciaires \u00e0 la protection des majeurs exer\u00e7ant \u00e0 titre individuel dans le  \nd\u00e9partement du Var ;\nVu l'avis de la commission d\u00e9partementale d'agr\u00e9ment du 3 f\u00e9vrier 2026 ;\nVu l'arr\u00eat\u00e9 du f\u00e9vrier 2026 portant classement et s\u00e9lections des candidatures aux fins  \nd'agr\u00e9ment de mandataires judiciaires \u00e0 la protection des majeurs exer\u00e7ant \u00e0 titre  \nindividuel dans le d\u00e9partement du Var ;\nConsid\u00e9rant  le  caract\u00e8re  souverain  de  l'avis  de  la  commission  d\u00e9partementale  \nd'agr\u00e9ment ;\n1\nDirection d\u00e9partementale de l'emploi, du travail et des solidarit\u00e9s du Var - 83-2026-03-26-00006 - \nARR\u00caT\u00c9 PR\u00c9FECTORAL \nportant agr\u00e9ment \u00e0 titre individuel pour exercer en qualit\u00e9 de\nmandataire judiciaire \u00e0 la protection des majeurs \ndans le d\u00e9partement du Var\n9\nConsid\u00e9rant le pouvoir d'appr\u00e9ciation du pr\u00e9fet conform\u00e9ment aux articles L. 472-1-1  \net R. 472-1 du Code de l'action sociale et des familles ;\nSur  proposition de  la  directrice  d\u00e9partementale  de  l'emploi,  du  travail  et  des  \nsolidarit\u00e9s et avis conforme du procureur de la R\u00e9publique sur le classement des  \ncandidatures ;\nARR\u00caTE\u00a0:\nArticle 1  er     : L'agr\u00e9ment mentionn\u00e9 \u00e0 l'article L. 472-1 du Code de l'action sociale et des \nfamilles (CASF) est accord\u00e9 \u00e0 :\nHAMMAMI Oc\u00e9ane nom d'usage TOUIL\nexer\u00e7ant son activit\u00e9 professionnelle \u00e0 :\nBP 54 83210 la Farl\u00e8de\npour l'exercice, \u00e0 titre individuel en qualit\u00e9 de mandataire judiciaire \u00e0 la protection  \ndes majeurs, de mesures de protection des majeurs au titre du mandat sp\u00e9cial auquel  \nil peut \u00eatre recouru dans le cadre de la sauvegarde de justice ou au titre de la curatelle \nou de la tutelle.\nL'agr\u00e9ment vaut inscription sur la liste des mandataires judiciaires \u00e0 la protection des  \nmajeurs du d\u00e9partement du Var.\nArticle 2     :  Tout changement concernant la nature et la consistance des garanties  \npr\u00e9vues par l'assurance en responsabilit\u00e9 civile, tout changement de cat\u00e9gorie de  \nmesures  de  protection  exerc\u00e9es  donnent  lieu  \u00e0  un  nouvel  agr\u00e9ment  dans  les  \nconditions pr\u00e9vues aux articles R. 471-1 et R. 472-2 du Code de l'action sociale et des  \nfamilles.\nArticle 3     : Le repr\u00e9sentant de l'\u00c9tat exerce un contr\u00f4le de l'activit\u00e9 des mandataires  \njudiciaires et peut adresser une injonction en cas de violation par celui-ci des lois et  \nr\u00e8glements, assortie d'un d\u00e9lai circonstanci\u00e9 qu'il fixe comme le pr\u00e9cise l'article L.  \n472-10 du CASF.\nIl se r\u00e9serve \u00e9galement le droit apr\u00e8s avis conforme du procureur de la R\u00e9publique de  \nretirer l'agr\u00e9ment en application de l'article L. 472-1 du CASF.\nEn cas d'urgence, le repr\u00e9sentant de l'\u00c9tat peut suspendre ou retirer l'agr\u00e9ment sans  \ninjonction comme le pr\u00e9cise l'article L. 472-6 du CASF.\nArticle  4     :  Le  pr\u00e9sent  arr\u00eat\u00e9  peut  faire  l'objet  d'un  recours  administratif  gracieux \naupr\u00e8s  du  Pr\u00e9fet  du  Var  dans  les  deux  mois  suivant  sa  publication.  Un  recours  \ncontentieux peut \u00eatre d\u00e9pos\u00e9 aupr\u00e8s du tribunal administratif de Toulon, situ\u00e9 au 5  \nrue Racine BP 40510 83041 Toulon cedex 9, \u00e9galement dans un d\u00e9lai de deux mois \u00e0  \ncompter de sa publication, ou dans le d\u00e9lai de deux mois \u00e0 partir de la r\u00e9ponse de  \nl'administration si un recours administratif a \u00e9t\u00e9 d\u00e9pos\u00e9, l'absence de r\u00e9ponse au  \nterme d'un d\u00e9lai de deux mois valant rejet implicite. La juridiction administrative  \n2\nDirection d\u00e9partementale de l'emploi, du travail et des solidarit\u00e9s du Var - 83-2026-03-26-00006 - \nARR\u00caT\u00c9 PR\u00c9FECTORAL \nportant agr\u00e9ment \u00e0 titre individuel pour exercer en qualit\u00e9 de\nmandataire judiciaire \u00e0 la protection des majeurs \ndans le d\u00e9partement du Var\n10\ncomp\u00e9tente peut aussi \u00eatre saisie par l'application \u00ab  T\u00e9l\u00e9recours citoyens \u00bb accessible \n\u00e0 partir du site www.telerecours.fr.\nArticle 5     :  Le pr\u00e9sent arr\u00eat\u00e9 est \u00e9tabli en un seul exemplaire original, conserv\u00e9 aux  \narchives du pr\u00e9fet et qui seul fait foi. Le pr\u00e9fet renverra au titulaire, pour notification,  \nune copie du document original.\nArticle 6     :  Le pr\u00e9sent arr\u00eat\u00e9 sera publi\u00e9 au recueil des actes administratifs de l'\u00c9tat  \ndans le Var.\nArticle  7     :  Le  secr\u00e9taire  g\u00e9n\u00e9ral  de  la  pr\u00e9fecture  du  Var  et  la  directrice  \nd\u00e9partementale de l'emploi, du travail et des solidarit\u00e9s du Var, so nt charg\u00e9s, chacun \nen ce qui le concerne, de l'ex\u00e9cution du pr\u00e9sent arr\u00eat\u00e9. \nFait \u00e0 Toulon, le 26 mars 2026\nPour le Pr\u00e9fet et par d\u00e9l\u00e9gation,\nla directrice d\u00e9partementale\nsign\u00e9\nSandrine POLYCHRONOPOULOS\n3\nDirection d\u00e9partementale de l'emploi, du travail et des solidarit\u00e9s du Var - 83-2026-03-26-00006 - \nARR\u00caT\u00c9 PR\u00c9FECTORAL \nportant agr\u00e9ment \u00e0 titre individuel pour exercer en qualit\u00e9 de\nmandataire judiciaire \u00e0 la protection des majeurs \ndans le d\u00e9partement du Var\n11\nDirection d\u00e9partementale de l'emploi, du travail\net des solidarit\u00e9s du Var\n83-2026-03-26-00009\nARR\u00caT\u00c9 PR\u00c9FECTORAL \nportant agr\u00e9ment \u00e0 titre individuel pour exercer\nen qualit\u00e9 de\nmandataire judiciaire \u00e0 la protection des majeurs\ndans le d\u00e9partement du Var\nDirection d\u00e9partementale de l'emploi, du travail et des solidarit\u00e9s du Var - 83-2026-03-26-00009 - \nARR\u00caT\u00c9 PR\u00c9FECTORAL \nportant agr\u00e9ment \u00e0 titre individuel pour exercer en qualit\u00e9 de\nmandataire judiciaire \u00e0 la protection des majeurs \ndans le d\u00e9partement du Var\n12\n=mPREFETDU VARLibert\u00e9Egalit\u00e9Fraternit\u00e9\nDirection D\u00e9partementale\n de l'Emploi, du Travail\net des Solidarit\u00e9s\nService acc\u00e8s \u00e0 l'autonomie\ndes populations vuln\u00e9rables\nARR\u00caT\u00c9 PR\u00c9FECTORAL \nportant agr\u00e9ment \u00e0 titre individuel pour exercer en qualit\u00e9 de\nmandataire judiciaire \u00e0 la protection des majeurs \ndans le d\u00e9partement du Var\nLe Pr\u00e9fet du Var,\nVu le Code de l'action sociale et des familles, notamment les articles  L. 312-5, L. 472-1, \nL. 472-1-1 L. 472-2, D. 471-3 et D 471-4 ;\nVu le sch\u00e9ma r\u00e9gional de la protection juridique des majeurs et des d\u00e9l\u00e9gu\u00e9s aux  \nprestations familiales de la r\u00e9gion Provence Alpes C\u00f4te d'Azur du 21 d\u00e9cembre 2020 ;\nVu  l'avis  d'appel  \u00e0  candidature  en  date  du  5  ao\u00fbt  2025  aux  fins  d'agr\u00e9ment  de \nmandataires judiciaires \u00e0 la protection des majeurs exer\u00e7ant \u00e0 titre individuel dans le  \nd\u00e9partement du Var ;\nVu  le  dossier  de  candidature,  d\u00e9clar\u00e9  complet  le  20  novembre  2025,  pr\u00e9sent\u00e9  \npar madame TRONC Magali ;\nVu  les  arr\u00eat\u00e9s  du  18  d\u00e9cembre  2025  et  du  24  d\u00e9cembre  2025  fixant  la  liste  des \ncandidatures recevables dans le cadre de l'appel \u00e0 candidature aux fins d'agr\u00e9ment de \nmandataires judiciaires \u00e0 la protection des majeurs exer\u00e7ant \u00e0 titre individuel dans le  \nd\u00e9partement du Var ;\nVu l'avis de la commission d\u00e9partementale d'agr\u00e9ment du 3 f\u00e9vrier 2026 ;\nVu l'arr\u00eat\u00e9 du f\u00e9vrier 2026 portant classement et s\u00e9lections des candidatures aux fins  \nd'agr\u00e9ment de mandataires judiciaires \u00e0 la protection des majeurs exer\u00e7ant \u00e0 titre  \nindividuel dans le d\u00e9partement du Var ;\nConsid\u00e9rant  le  caract\u00e8re  souverain  de  l'avis  de  la  commission  d\u00e9partementale  \nd'agr\u00e9ment ;\n1\nDirection d\u00e9partementale de l'emploi, du travail et des solidarit\u00e9s du Var - 83-2026-03-26-00009 - \nARR\u00caT\u00c9 PR\u00c9FECTORAL \nportant agr\u00e9ment \u00e0 titre individuel pour exercer en qualit\u00e9 de\nmandataire judiciaire \u00e0 la protection des majeurs \ndans le d\u00e9partement du Var\n13\nConsid\u00e9rant le pouvoir d'appr\u00e9ciation du pr\u00e9fet conform\u00e9ment aux articles L. 472-1-1  \net R. 472-1 du Code de l'action sociale et des familles ;\nSur  proposition de  la  directrice  d\u00e9partementale  de  l'emploi,  du  travail  et  des  \nsolidarit\u00e9s et avis conforme du procureur de la R\u00e9publique sur le classement des  \ncandidatures ;\nARR\u00caTE\u00a0:\nArticle 1  er     : L'agr\u00e9ment mentionn\u00e9 \u00e0 l'article L. 472-1 du Code de l'action sociale et des \nfamilles (CASF) est accord\u00e9 \u00e0 :\nTRONC Magali\nexer\u00e7ant son activit\u00e9 professionnelle au :\n865 avenue de Bruxelles 83500 la Seyne sur mer\npour l'exercice, \u00e0 titre individuel en qualit\u00e9 de mandataire judiciaire \u00e0 la protection  \ndes majeurs, de mesures de protection des majeurs au titre du mandat sp\u00e9cial auquel  \nil peut \u00eatre recouru dans le cadre de la sauvegarde de justice ou au titre de la curatelle \nou de la tutelle.\nL'agr\u00e9ment vaut inscription sur la liste des mandataires judiciaires \u00e0 la protection des  \nmajeurs du d\u00e9partement du Var.\nArticle 2     :  Tout changement concernant la nature et la consistance des garanties  \npr\u00e9vues par l'assurance en responsabilit\u00e9 civile, tout changement de cat\u00e9gorie de  \nmesures  de  protection  exerc\u00e9es  donnent  lieu  \u00e0  un  nouvel  agr\u00e9ment  dans  les  \nconditions pr\u00e9vues aux articles R. 471-1 et R. 472-2 du Code de l'action sociale et des  \nfamilles.\nArticle 3     : Le repr\u00e9sentant de l'\u00c9tat exerce un contr\u00f4le de l'activit\u00e9 des mandataires  \njudiciaires et peut adresser une injonction en cas de violation par celui-ci des lois et  \nr\u00e8glements, assortie d'un d\u00e9lai circonstanci\u00e9 qu'il fixe comme le pr\u00e9cise l'article L.  \n472-10 du CASF.\nIl se r\u00e9serve \u00e9galement le droit apr\u00e8s avis conforme du procureur de la R\u00e9publique de  \nretirer l'agr\u00e9ment en application de l'article L. 472-1 du CASF.\nEn cas d'urgence, le repr\u00e9sentant de l'\u00c9tat peut suspendre ou retirer l'agr\u00e9ment sans  \ninjonction comme le pr\u00e9cise l'article L. 472-6 du CASF.\nArticle  4     :  Le  pr\u00e9sent  arr\u00eat\u00e9  peut  faire  l'objet  d'un  recours  administratif  gracieux \naupr\u00e8s  du  Pr\u00e9fet  du  Var  dans  les  deux  mois  suivant  sa  publication.  Un  recours  \ncontentieux peut \u00eatre d\u00e9pos\u00e9 aupr\u00e8s du tribunal administratif de Toulon, situ\u00e9 au 5  \nrue Racine BP 40510 83041 Toulon cedex 9, \u00e9galement dans un d\u00e9lai de deux mois \u00e0  \ncompter de sa publication, ou dans le d\u00e9lai de deux mois \u00e0 partir de la r\u00e9ponse de  \nl'administration si un recours administratif a \u00e9t\u00e9 d\u00e9pos\u00e9, l'absence de r\u00e9ponse au  \nterme d'un d\u00e9lai de deux mois valant rejet implicite. La juridiction administrative  \n2\nDirection d\u00e9partementale de l'emploi, du travail et des solidarit\u00e9s du Var - 83-2026-03-26-00009 - \nARR\u00caT\u00c9 PR\u00c9FECTORAL \nportant agr\u00e9ment \u00e0 titre individuel pour exercer en qualit\u00e9 de\nmandataire judiciaire \u00e0 la protection des majeurs \ndans le d\u00e9partement du Var\n14\ncomp\u00e9tente peut aussi \u00eatre saisie par l'application \u00ab  T\u00e9l\u00e9recours citoyens \u00bb accessible \n\u00e0 partir du site www.telerecours.fr.\nArticle 5     :  Le pr\u00e9sent arr\u00eat\u00e9 est \u00e9tabli en un seul exemplaire original, conserv\u00e9 aux  \narchives du pr\u00e9fet et qui seul fait foi. Le pr\u00e9fet renverra au titulaire, pour notification,  \nune copie du document original.\nArticle 6     :  Le pr\u00e9sent arr\u00eat\u00e9 sera publi\u00e9 au recueil des actes administratifs de l'\u00c9tat  \ndans le Var.\nArticle  7     :  Le  secr\u00e9taire  g\u00e9n\u00e9ral  de  la  pr\u00e9fecture  du  Var  et  la  directrice  \nd\u00e9partementale de l'emploi, du travail et des solidarit\u00e9s du Var, so nt charg\u00e9s, chacun \nen ce qui le concerne, de l'ex\u00e9cution du pr\u00e9sent arr\u00eat\u00e9. \nFait \u00e0 Toulon, le 26 MARS 2026\nPour le Pr\u00e9fet et par d\u00e9l\u00e9gation,\nla directrice d\u00e9partementale\nsign\u00e9\nSandrine POLYCHRONOPOULOS\n3\nDirection d\u00e9partementale de l'emploi, du travail et des solidarit\u00e9s du Var - 83-2026-03-26-00009 - \nARR\u00caT\u00c9 PR\u00c9FECTORAL \nportant agr\u00e9ment \u00e0 titre individuel pour exercer en qualit\u00e9 de\nmandataire judiciaire \u00e0 la protection des majeurs \ndans le d\u00e9partement du Var\n15\nDirection d\u00e9partementale de l'emploi, du travail\net des solidarit\u00e9s du Var\n83-2026-01-29-00009\nArr\u00eat\u00e9 portant agr\u00e9ment\nd'un organisme de services \u00e0 la personne\nN\u00b0 SAP489547521\nN\u00b0 SIREN 489547521\nDirection d\u00e9partementale de l'emploi, du travail et des solidarit\u00e9s du Var - 83-2026-01-29-00009 - Arr\u00eat\u00e9 portant agr\u00e9ment\nd'un organisme de services \u00e0 la personne\nN\u00b0 SAP489547521\nN\u00b0 SIREN 489547521\n16\nEX FT=Libert\u00e9 + \u00c9galit\u00e9 + Fraternit\u00e9REPUBLIQUE FRANCAISE\nArr\u00eat\u00e9 portant agr\u00e9ment\nd'un organisme de services \u00e0 la personne\nN\u00b0 SAP489547521\nN\u00b0 SIREN 489547521\nVu le code du travail, notamment ses articles L. 7232-1, R. 7232-1 \u00e0 R. 7232-10, D. 7231-1, D.7231-2 et \nD.7233-1;\nVu le cahier des charges pr\u00e9vu \u00e0 l'article R. 7232-6 du code du travail ;\nVu la demande de renouvellement d'agr\u00e9ment de O2 COTE VAROISE pr\u00e9sent\u00e9e le 05/03/2026, par \nM. RICHARD Guillaume en qualit\u00e9 de dirigeant(e), \nVu le renouvellement de la certification n\u00b0 55024 du 09 juillet 2024 et valable jusqu'au 9 juillet 2027\nLe pr\u00e9fet  du Var\nArr\u00eate :\nArticle 1er\nL'agr\u00e9ment  de  l'organisme  SAP489547521,  dont  l'\u00e9tablissement  principal  est  situ\u00e9  99  Avenue  \nD'ESTIENNE  D'ORVES  83500  LA  SEYNE  SUR  MER  est  accord\u00e9  pour  une  dur\u00e9e  de  cinq  ans  \u00e0  \ncompter du 23/06/2026.\nLa demande de renouvellement devra \u00eatre d\u00e9pos\u00e9e dans les conditions fix\u00e9es par l'article R.7232-8  \net, au plus tard, trois mois avant la fin de cet agr\u00e9ment.\nArticle 2\nCet  agr\u00e9ment  couvre  les  activit\u00e9s  selon  le  mode  d'intervention  indiqu\u00e9  et  les  d\u00e9partements  \nsuivants :\n \u2022   Garde d'enfants de moins de 3 ans et de moins de 18 ans handicap\u00e9s \u00e0 domicile (mode \nd'intervention Mandataire, Prestataire) - (83) \n \u2022   Accompagnement des enfants de moins de 3 ans ou de moins de 18 ans handicap\u00e9s \n(mode d'intervention Mandataire, Prestataire) - (83) \n \u2022   Assistance aux personnes \u00e2g\u00e9es (mandataire et/ou mise \u00e0 disposition) (mode \nd'intervention Mandataire) - (83) \n \u2022   Assistance aux personnes handicap\u00e9es (mandataire et/ou mise \u00e0 disposition) (mode \nd'intervention Mandataire) - (83) \n \u2022   Conduite de v\u00e9hicule des PA/PH (mandataire et/ou mise \u00e0 disposition) (mode \nd'intervention Mandataire) - (83) \n \u2022   Accompagnement des PA/PH dans leurs d\u00e9placements (mandataire et/ou mise \u00e0 \ndisposition) (mode d'intervention Mandataire) - (83) \nArticle 3\nSi l'organisme envisage de fournir des activit\u00e9s autres que celles pour lesquelles il est agr\u00e9\u00e9 ou  \nd'exercer  ses  activit\u00e9s  dans  un  d\u00e9partement  autre  que  celui  pour  lequel  il  est  agr\u00e9\u00e9,  il  devra \nsolliciter une modification pr\u00e9alable de son agr\u00e9ment.\nSi l'organisme propose des activit\u00e9s de garde ou d'accompagnement d'enfants de moins de 3 ans  \nou de moins de 18 ans handicap\u00e9s, il devra solliciter une modification pr\u00e9alable de son agr\u00e9ment en \ncas de changement de mode d'intervention.\nL'ouverture  d'un  nouvel  \u00e9tablissement  dans  un  d\u00e9partement  pour  lequel  il  est  agr\u00e9\u00e9  devra  \n\u00e9galement faire l'objet d'une information pr\u00e9alable aupr\u00e8s du service instructeur.\nArticle 4\nDirection d\u00e9partementale de l'emploi, du travail et des solidarit\u00e9s du Var - 83-2026-01-29-00009 - Arr\u00eat\u00e9 portant agr\u00e9ment\nd'un organisme de services \u00e0 la personne\nN\u00b0 SAP489547521\nN\u00b0 SIREN 489547521\n17\nLe pr\u00e9sent agr\u00e9ment pourra \u00eatre retir\u00e9 si l'organisme agr\u00e9\u00e9 : \n-  cesse de remplir les conditions ou de respecter les obligations mentionn\u00e9es aux articles  \nR.7232-4 \u00e0 R.7232-9 du code du travail.\n-  ne respecte pas les dispositions l\u00e9gales relatives \u00e0 la sant\u00e9 et \u00e0 la s\u00e9curit\u00e9 au travail,\n-  exerce d'autres activit\u00e9s que celles mentionn\u00e9es dans le pr\u00e9sent arr\u00eat\u00e9,\n-  ne transmet pas au pr\u00e9fet comp\u00e9tent les statistiques mentionn\u00e9es \u00e0 l'article R.7232-9 du  \ncode du travail.\nArticle 5\nCet agr\u00e9ment n'ouvre pas droit aux avantages fiscaux et sociaux fix\u00e9s par l'article L.7233-2 du code  \ndu travail et L.241-10 du code de la s\u00e9curit\u00e9 sociale. Conform\u00e9ment \u00e0 l'article L.7232-1-1 du code du  \ntravail,  pour  ouvrir  droit  \u00e0  ces  dispositions,  l'organisme  doit  se  d\u00e9clarer  et  n'exercer  que  les  \nactivit\u00e9s  d\u00e9clar\u00e9es,  \u00e0  l'exclusion  de  toute  autre  (ou  tenir  une  comptabilit\u00e9  s\u00e9par\u00e9e  pour  les  \norganismes dispens\u00e9s de cette condition par l'article L. 7232-1-2).\nArticle 6\nLe pr\u00e9sent arr\u00eat\u00e9 sera publi\u00e9 au recueil des actes administratifs de la pr\u00e9fecture.\nIl peut, dans les deux mois \u00e0 compter de sa notification, faire l'objet d'un recours gracieux aupr\u00e8s  \ndu  service  instructeur  du  Var  ou  d'un  recours  hi\u00e9rarchique  adress\u00e9  au  ministre  charg\u00e9  de  \nl'\u00e9conomie  -  direction  g\u00e9n\u00e9rale  des  entreprises  -  sous-direction  des  services  marchands,  61  \nBoulevard Vincent Auriol, 75703 PARIS CEDEX 13.\nIl peut \u00e9galement faire l'objet d'un recours contentieux aupr\u00e8s du tribunal administratif de de  \nToulon dans un d\u00e9lai de deux mois \u00e0 compter de sa notification.\nLe tribunal administratif peut aussi \u00eatre saisi par l'application informatique \u00ab T\u00e9l\u00e9recours citoyen \u00bb  \naccessible sur le site internet http://www.telerecours.fr/\nEn cas de rejet du recours gracieux ou hi\u00e9rarchique ou en l'absence de r\u00e9ponse \u00e0 ce recours (rejet  \nimplicite),  un  recours  contentieux  devant  le  tribunal  administratif  peut  \u00e9galement  \u00eatre  form\u00e9  \ncontre la d\u00e9cision initiale dans un d\u00e9lai de deux mois \u00e0 compter de ce rejet.\nPour le Pr\u00e9fet et par d\u00e9l\u00e9gation\n Pour la directrice d\u00e9partementale de l'emploi, \ndu travail et des solidarit\u00e9s du Var \nLa cheffe du service accompagnement des entreprises\n et d\u00e9veloppement des territoires \nsign\u00e9 : S\u00e9verine LARDERET \nFait \u00e0 CS 31209 - 83070 TOULON Cedex, le 29/01/26 \nDDETS du Var \nDirection d\u00e9partementale de l'emploi, du travail et des solidarit\u00e9s du Var - 83-2026-01-29-00009 - Arr\u00eat\u00e9 portant agr\u00e9ment\nd'un organisme de services \u00e0 la personne\nN\u00b0 SAP489547521\nN\u00b0 SIREN 489547521\n18\nDirection d\u00e9partementale de l'emploi, du travail\net des solidarit\u00e9s du Var\n83-2026-01-29-00010\nArr\u00eat\u00e9 portant agr\u00e9ment\nd'un organisme de services \u00e0 la personne\nN\u00b0 SAP885224600\nN\u00b0 SIREN 885224600\nDirection d\u00e9partementale de l'emploi, du travail et des solidarit\u00e9s du Var - 83-2026-01-29-00010 - Arr\u00eat\u00e9 portant agr\u00e9ment\nd'un organisme de services \u00e0 la personne\nN\u00b0 SAP885224600\nN\u00b0 SIREN 885224600\n19\nEX FT= \u00c0Libert\u00e9 + \u00c9galit\u00e9 +Fraternit\u00e9R\u00c9PUBLIQUE FRAN\u00c7AISE\nArr\u00eat\u00e9 portant agr\u00e9ment\nd'un organisme de services \u00e0 la personne\nN\u00b0 SAP885224600\nN\u00b0 SIREN 885224600\nVu le code du travail, notamment ses articles L. 7232-1, R. 7232-1 \u00e0 R. 7232-10, D. 7231-1, D.7231-2 et \nD.7233-1;\nVu le cahier des charges pr\u00e9vu \u00e0 l'article R. 7232-6 du code du travail ;\nVu la demande de modification  d'agr\u00e9ment LA NOUVELLE CASANIERE pr\u00e9sent\u00e9e le 20/02/2026 , \npar Mme. CHASSAGNE CELINE en qualit\u00e9 de dirigeant(e), \nLe pr\u00e9fet  du Var\nArr\u00eate :\nArticle 1er\nL'agr\u00e9ment de l'organisme  SAP885224600, dont l'\u00e9tablissement principal est situ\u00e9 1 Chemin DE  \nROUMPINAS 83150 BANDOL est accord\u00e9 pour une dur\u00e9e de cinq ans \u00e0 compter du 18/03/2026.\nLa demande de renouvellement devra \u00eatre d\u00e9pos\u00e9e dans les conditions fix\u00e9es par l'article R.7232-8  \net, au plus tard, trois mois avant la fin de cet agr\u00e9ment.\nArticle 2\nCet  agr\u00e9ment  couvre  les  activit\u00e9s  selon  le  mode  d'intervention  indiqu\u00e9  et  les  d\u00e9partements  \nsuivants :\n \u2022   Garde d'enfants de moins de 3 ans et de moins de 18 ans handicap\u00e9s \u00e0 domicile (mode \nd'intervention Prestataire) - (83) \n \u2022   Accompagnement des enfants de moins de 3 ans ou de moins de 18 ans handicap\u00e9s \n(mode d'intervention Prestataire) - (83) \n \u2022   Assistance aux personnes \u00e2g\u00e9es (mandataire et/ou mise \u00e0 disposition) (mode \nd'intervention Mandataire) - (83) \n \u2022   Assistance aux personnes handicap\u00e9es (mandataire et/ou mise \u00e0 disposition) (mode \nd'intervention Mandataire) - (83) \n \u2022   Conduite de v\u00e9hicule des PA/PH (mandataire et/ou mise \u00e0 disposition) (mode \nd'intervention Mandataire) - (83) \n \u2022   Accompagnement des PA/PH dans leurs d\u00e9placements (mandataire et/ou mise \u00e0 \ndisposition) (mode d'intervention Mandataire) - (83) \nArticle 3\nSi l'organisme envisage de fournir des activit\u00e9s autres que celles pour lesquelles il est agr\u00e9\u00e9 ou  \nd'exercer  ses  activit\u00e9s  dans  un  d\u00e9partement  autre  que  celui  pour  lequel  il  est  agr\u00e9\u00e9,  il  devra \nsolliciter une modification pr\u00e9alable de son agr\u00e9ment.\nSi l'organisme propose des activit\u00e9s de garde ou d'accompagnement d'enfants de moins de 3 ans  \nou de moins de 18 ans handicap\u00e9s, il devra solliciter une modification pr\u00e9alable de son agr\u00e9ment en \ncas de changement de mode d'intervention.\nL'ouverture  d'un  nouvel  \u00e9tablissement  dans  un  d\u00e9partement  pour  lequel  il  est  agr\u00e9\u00e9  devra  \n\u00e9galement faire l'objet d'une information pr\u00e9alable aupr\u00e8s du service instructeur.\nDirection d\u00e9partementale de l'emploi, du travail et des solidarit\u00e9s du Var - 83-2026-01-29-00010 - Arr\u00eat\u00e9 portant agr\u00e9ment\nd'un organisme de services \u00e0 la personne\nN\u00b0 SAP885224600\nN\u00b0 SIREN 885224600\n20\nArticle 4\nLe pr\u00e9sent agr\u00e9ment pourra \u00eatre retir\u00e9 si l'organisme agr\u00e9\u00e9 : \n-  cesse de remplir les conditions ou de respecter les obligations mentionn\u00e9es aux articles  \nR.7232-4 \u00e0 R.7232-9 du code du travail.\n-  ne respecte pas les dispositions l\u00e9gales relatives \u00e0 la sant\u00e9 et \u00e0 la s\u00e9curit\u00e9 au travail,\n-  exerce d'autres activit\u00e9s que celles mentionn\u00e9es dans le pr\u00e9sent arr\u00eat\u00e9,\n-  ne transmet pas au pr\u00e9fet comp\u00e9tent les statistiques mentionn\u00e9es \u00e0 l'article R.7232-9 du  \ncode du travail.\nArticle 5\nCet agr\u00e9ment n'ouvre pas droit aux avantages fiscaux et sociaux fix\u00e9s par l'article L.7233-2 du code  \ndu travail et L.241-10 du code de la s\u00e9curit\u00e9 sociale. Conform\u00e9ment \u00e0 l'article L.7232-1-1 du code du  \ntravail,  pour  ouvrir  droit  \u00e0  ces  dispositions,  l'organisme  doit  se  d\u00e9clarer  et  n'exercer  que  les  \nactivit\u00e9s  d\u00e9clar\u00e9es,  \u00e0  l'exclusion  de  toute  autre  (ou  tenir  une  comptabilit\u00e9  s\u00e9par\u00e9e  pour  les  \norganismes dispens\u00e9s de cette condition par l'article L. 7232-1-2).\nArticle 6\nLe pr\u00e9sent arr\u00eat\u00e9 sera publi\u00e9 au recueil des actes administratifs de la pr\u00e9fecture.\nIl peut, dans les deux mois \u00e0 compter de sa notification, faire l'objet d'un recours gracieux aupr\u00e8s  \ndu  service  instructeur  du  Var  ou  d'un  recours  hi\u00e9rarchique  adress\u00e9  au  ministre  charg\u00e9  de  \nl'\u00e9conomie  -  direction  g\u00e9n\u00e9rale  des  entreprises  -  sous-direction  des  services  marchands,  61  \nBoulevard Vincent Auriol, 75703 PARIS CEDEX 13.\nIl peut \u00e9galement faire l'objet d'un recours contentieux aupr\u00e8s du tribunal administratif de de  \nToulon dans un d\u00e9lai de deux mois \u00e0 compter de sa notification.\nLe tribunal administratif peut aussi \u00eatre saisi par l'application informatique \u00ab T\u00e9l\u00e9recours citoyen \u00bb  \naccessible sur le site internet http://www.telerecours.fr/\nEn cas de rejet du recours gracieux ou hi\u00e9rarchique ou en l'absence de r\u00e9ponse \u00e0 ce recours (rejet  \nimplicite),  un  recours  contentieux  devant  le  tribunal  administratif  peut  \u00e9galement  \u00eatre  form\u00e9  \ncontre la d\u00e9cision initiale dans un d\u00e9lai de deux mois \u00e0 compter de ce rejet.\nPour le Pr\u00e9fet et par d\u00e9l\u00e9gation\nPour la directrice d\u00e9partementale de l'emploi,\ndu travail et des solidarit\u00e9s du Var \nLa cheffe du service accompagnement des entreprises \net d\u00e9veloppement des territoires \nsign\u00e9 : S\u00e9verine LARDERET \nFait \u00e0 CS 31209 - 83070 TOULON Cedex, le 29/01/26 \nDDETS du Var \nDirection d\u00e9partementale de l'emploi, du travail et des solidarit\u00e9s du Var - 83-2026-01-29-00010 - Arr\u00eat\u00e9 portant agr\u00e9ment\nd'un organisme de services \u00e0 la personne\nN\u00b0 SAP885224600\nN\u00b0 SIREN 885224600\n21\nDirection d\u00e9partementale de l'emploi, du travail\net des solidarit\u00e9s du Var\n83-2026-03-26-00003\nARR\u00caT\u00c9 PR\u00c9FECTORAL \nportant agr\u00e9ment \u00e0 titre individuel pour exercer\nen qualit\u00e9 de\nmandataire judiciaire \u00e0 la protection des majeurs\ndans le d\u00e9partement du Var\nDirection d\u00e9partementale de l'emploi, du travail et des solidarit\u00e9s du Var - 83-2026-03-26-00003 - ARR\u00caT\u00c9 PR\u00c9FECTORAL \nportant agr\u00e9ment \u00e0 titre individuel pour exercer en qualit\u00e9 de\nmandataire judiciaire \u00e0 la protection des majeurs \ndans le d\u00e9partement du Var\n22\n=mPREFETDU VARLibert\u00e9Egalit\u00e9Fraternit\u00e9\nDirection D\u00e9partementale\n de l'Emploi, du Travail\net des Solidarit\u00e9s\nService acc\u00e8s \u00e0 l'autonomie\ndes populations vuln\u00e9rables\nARR\u00caT\u00c9 PR\u00c9FECTORAL \nportant agr\u00e9ment \u00e0 titre individuel pour exercer en qualit\u00e9 de\nmandataire judiciaire \u00e0 la protection des majeurs \ndans le d\u00e9partement du Var\nLe Pr\u00e9fet du Var,\nVu le Code de l'action sociale et des familles, notamment les articles  L. 312-5, L. 472-1, \nL. 472-1-1 L. 472-2, D. 471-3 et D 471-4 ;\nVu le sch\u00e9ma r\u00e9gional de la protection juridique des majeurs et des d\u00e9l\u00e9gu\u00e9s aux  \nprestations familiales de la r\u00e9gion Provence Alpes C\u00f4te d'Azur du 21 d\u00e9cembre 2020 ;\nVu  l'avis  d'appel  \u00e0  candidature  en  date  du  5  ao\u00fbt  2025  aux  fins  d'agr\u00e9ment  de \nmandataires judiciaires \u00e0 la protection des majeurs exer\u00e7ant \u00e0 titre individuel dans le  \nd\u00e9partement du Var ;\nVu  le  dossier  de  candidature,  d\u00e9clar\u00e9  complet  le  13  novembre  2025,  pr\u00e9sent\u00e9  \npar madame BELET Sandra ;\nVu  les  arr\u00eat\u00e9s  du  18  d\u00e9cembre  2025  et  du  24  d\u00e9cembre  2025  fixant  la  liste  des \ncandidatures recevables dans le cadre de l'appel \u00e0 candidature aux fins d'agr\u00e9ment de \nmandataires judiciaires \u00e0 la protection des majeurs exer\u00e7ant \u00e0 titre individuel dans le  \nd\u00e9partement du Var ;\nVu l'avis de la commission d\u00e9partementale d'agr\u00e9ment du 3 f\u00e9vrier 2026 ;\nVu l'arr\u00eat\u00e9 du f\u00e9vrier 2026 portant classement et s\u00e9lections des candidatures aux fins  \nd'agr\u00e9ment de mandataires judiciaires \u00e0 la protection des majeurs exer\u00e7ant \u00e0 titre  \nindividuel dans le d\u00e9partement du Var ;\nConsid\u00e9rant  le  caract\u00e8re  souverain  de  l'avis  de  la  commission  d\u00e9partementale  \nd'agr\u00e9ment ;\n1\nDirection d\u00e9partementale de l'emploi, du travail et des solidarit\u00e9s du Var - 83-2026-03-26-00003 - ARR\u00caT\u00c9 PR\u00c9FECTORAL \nportant agr\u00e9ment \u00e0 titre individuel pour exercer en qualit\u00e9 de\nmandataire judiciaire \u00e0 la protection des majeurs \ndans le d\u00e9partement du Var\n23\nConsid\u00e9rant le pouvoir d'appr\u00e9ciation du pr\u00e9fet conform\u00e9ment aux articles L. 472-1-1  \net R. 472-1 du Code de l'action sociale et des familles ;\nSur  proposition de  la  directrice  d\u00e9partementale  de  l'emploi,  du  travail  et  des  \nsolidarit\u00e9s et avis conforme du procureur de la R\u00e9publique sur le classement des  \ncandidatures ;\nARR\u00caTE\u00a0:\nArticle 1  er     : L'agr\u00e9ment mentionn\u00e9 \u00e0 l'article L. 472-1 du Code de l'action sociale et des \nfamilles (CASF) est accord\u00e9 \u00e0 :\nBELET Sandra\nexer\u00e7ant son activit\u00e9 professionnelle \u00e0 :\n424 rue du commerce BP 68 83180 Six Fours les plages\npour l'exercice, \u00e0 titre individuel en qualit\u00e9 de mandataire judiciaire \u00e0 la protection  \ndes majeurs, de mesures de protection des majeurs au titre du mandat sp\u00e9cial auquel  \nil peut \u00eatre recouru dans le cadre de la sauvegarde de justice ou au titre de la curatelle \nou de la tutelle.\nL'agr\u00e9ment vaut inscription sur la liste des mandataires judiciaires \u00e0 la protection des  \nmajeurs du d\u00e9partement du Var.\nArticle 2     :  Tout changement concernant la nature et la consistance des garanties  \npr\u00e9vues par l'assurance en responsabilit\u00e9 civile, tout changement de cat\u00e9gorie de  \nmesures  de  protection  exerc\u00e9es  donnent  lieu  \u00e0  un  nouvel  agr\u00e9ment  dans  les  \nconditions pr\u00e9vues aux articles R. 471-1 et R. 472-2 du Code de l'action sociale et des  \nfamilles.\nArticle 3     : Le repr\u00e9sentant de l'\u00c9tat exerce un contr\u00f4le de l'activit\u00e9 des mandataires  \njudiciaires et peut adresser une injonction en cas de violation par celui-ci des lois et  \nr\u00e8glements, assortie d'un d\u00e9lai circonstanci\u00e9 qu'il fixe comme le pr\u00e9cise l'article L.  \n472-10 du CASF.\nIl se r\u00e9serve \u00e9galement le droit apr\u00e8s avis conforme du procureur de la R\u00e9publique de  \nretirer l'agr\u00e9ment en application de l'article L. 472-1 du CASF.\nEn cas d'urgence, le repr\u00e9sentant de l'\u00c9tat peut suspendre ou retirer l'agr\u00e9ment sans  \ninjonction comme le pr\u00e9cise l'article L. 472-6 du CASF.\nArticle  4     :  Le  pr\u00e9sent  arr\u00eat\u00e9  peut  faire  l'objet  d'un  recours  administratif  gracieux \naupr\u00e8s  du  Pr\u00e9fet  du  Var  dans  les  deux  mois  suivant  sa  publication.  Un  recours  \ncontentieux peut \u00eatre d\u00e9pos\u00e9 aupr\u00e8s du tribunal administratif de Toulon, situ\u00e9 au 5  \nrue Racine BP 40510 83041 Toulon cedex 9, \u00e9galement dans un d\u00e9lai de deux mois \u00e0  \ncompter de sa publication, ou dans le d\u00e9lai de deux mois \u00e0 partir de la r\u00e9ponse de  \nl'administration si un recours administratif a \u00e9t\u00e9 d\u00e9pos\u00e9, l'absence de r\u00e9ponse au  \nterme d'un d\u00e9lai de deux mois valant rejet implicite. La juridiction administrative  \n2\nDirection d\u00e9partementale de l'emploi, du travail et des solidarit\u00e9s du Var - 83-2026-03-26-00003 - ARR\u00caT\u00c9 PR\u00c9FECTORAL \nportant agr\u00e9ment \u00e0 titre individuel pour exercer en qualit\u00e9 de\nmandataire judiciaire \u00e0 la protection des majeurs \ndans le d\u00e9partement du Var\n24\ncomp\u00e9tente peut aussi \u00eatre saisie par l'application \u00ab  T\u00e9l\u00e9recours citoyens \u00bb accessible \n\u00e0 partir du site www.telerecours.fr.\nArticle 5     :  Le pr\u00e9sent arr\u00eat\u00e9 est \u00e9tabli en un seul exemplaire original, conserv\u00e9 aux  \narchives du pr\u00e9fet et qui seul fait foi. Le pr\u00e9fet renverra au titulaire, pour notification,  \nune copie du document original.\nArticle 6     :  Le pr\u00e9sent arr\u00eat\u00e9 sera publi\u00e9 au recueil des actes administratifs de l'\u00c9tat  \ndans le Var.\nArticle  7     :  Le  secr\u00e9taire  g\u00e9n\u00e9ral  de  la  pr\u00e9fecture  du  Var  et  la  directrice  \nd\u00e9partementale de l'emploi, du travail et des solidarit\u00e9s du Var, so nt charg\u00e9s, chacun \nen ce qui le concerne, de l'ex\u00e9cution du pr\u00e9sent arr\u00eat\u00e9. \nFait \u00e0 Toulon, le 26 mars 2026\nPour le Pr\u00e9fet et par d\u00e9l\u00e9gation,\nla directrice d\u00e9partementale\nsign\u00e9\nSandrine POLYCHRONOPOULOS\n3\nDirection d\u00e9partementale de l'emploi, du travail et des solidarit\u00e9s du Var - 83-2026-03-26-00003 - ARR\u00caT\u00c9 PR\u00c9FECTORAL \nportant agr\u00e9ment \u00e0 titre individuel pour exercer en qualit\u00e9 de\nmandataire judiciaire \u00e0 la protection des majeurs \ndans le d\u00e9partement du Var\n25\nDirection d\u00e9partementale de l'emploi, du travail\net des solidarit\u00e9s du Var\n83-2026-03-26-00004\nARR\u00caT\u00c9 PR\u00c9FECTORAL \nportant agr\u00e9ment \u00e0 titre individuel pour exercer\nen qualit\u00e9 de\nmandataire judiciaire \u00e0 la protection des majeurs\ndans le d\u00e9partement du Var\nDirection d\u00e9partementale de l'emploi, du travail et des solidarit\u00e9s du Var - 83-2026-03-26-00004 - ARR\u00caT\u00c9 PR\u00c9FECTORAL \nportant agr\u00e9ment \u00e0 titre individuel pour exercer en qualit\u00e9 de\nmandataire judiciaire \u00e0 la protection des majeurs \ndans le d\u00e9partement du Var\n26\n=mPREFETDU VARLibert\u00e9Egalit\u00e9Fraternit\u00e9\nDirection D\u00e9partementale\n de l'Emploi, du Travail\net des Solidarit\u00e9s\nService acc\u00e8s \u00e0 l'autonomie\ndes populations vuln\u00e9rables\nARR\u00caT\u00c9 PR\u00c9FECTORAL \nportant agr\u00e9ment \u00e0 titre individuel pour exercer en qualit\u00e9 de\nmandataire judiciaire \u00e0 la protection des majeurs \ndans le d\u00e9partement du Var\nLe Pr\u00e9fet du Var,\nVu le Code de l'action sociale et des familles, notamment les articles  L. 312-5, L. 472-1, \nL. 472-1-1 L. 472-2, D. 471-3 et D 471-4 ;\nVu le sch\u00e9ma r\u00e9gional de la protection juridique des majeurs et des d\u00e9l\u00e9gu\u00e9s aux  \nprestations familiales de la r\u00e9gion Provence Alpes C\u00f4te d'Azur du 21 d\u00e9cembre 2020 ;\nVu  l'avis  d'appel  \u00e0  candidature  en  date  du  5  ao\u00fbt  2025  aux  fins  d'agr\u00e9ment  de \nmandataires judiciaires \u00e0 la protection des majeurs exer\u00e7ant \u00e0 titre individuel dans le  \nd\u00e9partement du Var ;\nVu  le  dossier  de  candidature,  d\u00e9clar\u00e9  complet  le  1er  d\u00e9cembre  2025,  pr\u00e9sent\u00e9  \npar monsieur CHAMARD S\u00e9bastien ;\nVu  les  arr\u00eat\u00e9s  du  18  d\u00e9cembre  2025  et  du  24  d\u00e9cembre  2025  fixant  la  liste  des \ncandidatures recevables dans le cadre de l'appel \u00e0 candidature aux fins d'agr\u00e9ment de \nmandataires judiciaires \u00e0 la protection des majeurs exer\u00e7ant \u00e0 titre individuel dans le  \nd\u00e9partement du Var ;\nVu l'avis de la commission d\u00e9partementale d'agr\u00e9ment du 3 f\u00e9vrier 2026 ;\nVu l'arr\u00eat\u00e9 du f\u00e9vrier 2026 portant classement et s\u00e9lections des candidatures aux fins  \nd'agr\u00e9ment de mandataires judiciaires \u00e0 la protection des majeurs exer\u00e7ant \u00e0 titre  \nindividuel dans le d\u00e9partement du Var ;\nConsid\u00e9rant  le  caract\u00e8re  souverain  de  l'avis  de  la  commission  d\u00e9partementale  \nd'agr\u00e9ment ;\n1\nDirection d\u00e9partementale de l'emploi, du travail et des solidarit\u00e9s du Var - 83-2026-03-26-00004 - ARR\u00caT\u00c9 PR\u00c9FECTORAL \nportant agr\u00e9ment \u00e0 titre individuel pour exercer en qualit\u00e9 de\nmandataire judiciaire \u00e0 la protection des majeurs \ndans le d\u00e9partement du Var\n27\nConsid\u00e9rant le pouvoir d'appr\u00e9ciation du pr\u00e9fet conform\u00e9ment aux articles L. 472-1-1  \net R. 472-1 du Code de l'action sociale et des familles ;\nSur  proposition de  la  directrice  d\u00e9partementale  de  l'emploi,  du  travail  et  des  \nsolidarit\u00e9s et avis conforme du procureur de la R\u00e9publique sur le classement des  \ncandidatures ;\nARR\u00caTE\u00a0:\nArticle 1  er     : L'agr\u00e9ment mentionn\u00e9 \u00e0 l'article L. 472-1 du Code de l'action sociale et des \nfamilles (CASF) est accord\u00e9 \u00e0 :\nCHAMARD S\u00e9bastien\nexer\u00e7ant son activit\u00e9 professionnelle au :\n66 avenue Thal\u00e8s CS 90128 83707 Saint-Rapha\u00ebl cedex\npour l'exercice, \u00e0 titre individuel en qualit\u00e9 de mandataire judiciaire \u00e0 la protection  \ndes majeurs, de mesures de protection des majeurs au titre du mandat sp\u00e9cial auquel  \nil peut \u00eatre recouru dans le cadre de la sauvegarde de justice ou au titre de la curatelle \nou de la tutelle.\nL'agr\u00e9ment vaut inscription sur la liste des mandataires judiciaires \u00e0 la protection des  \nmajeurs du d\u00e9partement du Var.\nArticle 2     :  Tout changement concernant la nature et la consistance des garanties  \npr\u00e9vues par l'assurance en responsabilit\u00e9 civile, tout changement de cat\u00e9gorie de  \nmesures  de  protection  exerc\u00e9es  donnent  lieu  \u00e0  un  nouvel  agr\u00e9ment  dans  les  \nconditions pr\u00e9vues aux articles R. 471-1 et R. 472-2 du Code de l'action sociale et des  \nfamilles.\nArticle 3     : Le repr\u00e9sentant de l'\u00c9tat exerce un contr\u00f4le de l'activit\u00e9 des mandataires  \njudiciaires et peut adresser une injonction en cas de violation par celui-ci des lois et  \nr\u00e8glements, assortie d'un d\u00e9lai circonstanci\u00e9 qu'il fixe comme le pr\u00e9cise l'article L.  \n472-10 du CASF.\nIl se r\u00e9serve \u00e9galement le droit apr\u00e8s avis conforme du procureur de la R\u00e9publique de  \nretirer l'agr\u00e9ment en application de l'article L. 472-1 du CASF.\nEn cas d'urgence, le repr\u00e9sentant de l'\u00c9tat peut suspendre ou retirer l'agr\u00e9ment sans  \ninjonction comme le pr\u00e9cise l'article L. 472-6 du CASF.\nArticle  4     :  Le  pr\u00e9sent  arr\u00eat\u00e9  peut  faire  l'objet  d'un  recours  administratif  gracieux \naupr\u00e8s  du  Pr\u00e9fet  du  Var  dans  les  deux  mois  suivant  sa  publication.  Un  recours  \ncontentieux peut \u00eatre d\u00e9pos\u00e9 aupr\u00e8s du tribunal administratif de Toulon, situ\u00e9 au 5  \nrue Racine BP 40510 83041 Toulon cedex 9, \u00e9galement dans un d\u00e9lai de deux mois \u00e0  \ncompter de sa publication, ou dans le d\u00e9lai de deux mois \u00e0 partir de la r\u00e9ponse de  \nl'administration si un recours administratif a \u00e9t\u00e9 d\u00e9pos\u00e9, l'absence de r\u00e9ponse au  \nterme d'un d\u00e9lai de deux mois valant rejet implicite. La juridiction administrative  \n2\nDirection d\u00e9partementale de l'emploi, du travail et des solidarit\u00e9s du Var - 83-2026-03-26-00004 - ARR\u00caT\u00c9 PR\u00c9FECTORAL \nportant agr\u00e9ment \u00e0 titre individuel pour exercer en qualit\u00e9 de\nmandataire judiciaire \u00e0 la protection des majeurs \ndans le d\u00e9partement du Var\n28\ncomp\u00e9tente peut aussi \u00eatre saisie par l'application \u00ab  T\u00e9l\u00e9recours citoyens \u00bb accessible \n\u00e0 partir du site www.telerecours.fr.\nArticle 5     :  Le pr\u00e9sent arr\u00eat\u00e9 est \u00e9tabli en un seul exemplaire original, conserv\u00e9 aux  \narchives du pr\u00e9fet et qui seul fait foi. Le pr\u00e9fet renverra au titulaire, pour notification,  \nune copie du document original.\nArticle 6     :  Le pr\u00e9sent arr\u00eat\u00e9 sera publi\u00e9 au recueil des actes administratifs de l'\u00c9tat  \ndans le Var.\nArticle  7     :  Le  secr\u00e9taire  g\u00e9n\u00e9ral  de  la  pr\u00e9fecture  du  Var  et  la  directrice  \nd\u00e9partementale de l'emploi, du travail et des solidarit\u00e9s du Var, so nt charg\u00e9s, chacun \nen ce qui le concerne, de l'ex\u00e9cution du pr\u00e9sent arr\u00eat\u00e9. \nFait \u00e0 Toulon, le 26 mars 2026\nPour le Pr\u00e9fet et par d\u00e9l\u00e9gation,\nla directrice d\u00e9partementale\nsign\u00e9\nSandrine POLYCHRONOPOULOS\n3\nDirection d\u00e9partementale de l'emploi, du travail et des solidarit\u00e9s du Var - 83-2026-03-26-00004 - ARR\u00caT\u00c9 PR\u00c9FECTORAL \nportant agr\u00e9ment \u00e0 titre individuel pour exercer en qualit\u00e9 de\nmandataire judiciaire \u00e0 la protection des majeurs \ndans le d\u00e9partement du Var\n29\nDirection d\u00e9partementale de l'emploi, du travail\net des solidarit\u00e9s du Var\n83-2026-03-26-00005\nARR\u00caT\u00c9 PR\u00c9FECTORAL \nportant agr\u00e9ment \u00e0 titre individuel pour exercer\nen qualit\u00e9 de\nmandataire judiciaire \u00e0 la protection des majeurs\ndans le d\u00e9partement du Var\nDirection d\u00e9partementale de l'emploi, du travail et des solidarit\u00e9s du Var - 83-2026-03-26-00005 - ARR\u00caT\u00c9 PR\u00c9FECTORAL \nportant agr\u00e9ment \u00e0 titre individuel pour exercer en qualit\u00e9 de\nmandataire judiciaire \u00e0 la protection des majeurs \ndans le d\u00e9partement du Var\n30\n=mPREFETDU VARLibert\u00e9Egalit\u00e9Fraternit\u00e9\nDirection D\u00e9partementale\n de l'Emploi, du Travail\net des Solidarit\u00e9s\nService acc\u00e8s \u00e0 l'autonomie\ndes populations vuln\u00e9rables\nARR\u00caT\u00c9 PR\u00c9FECTORAL \nportant agr\u00e9ment \u00e0 titre individuel pour exercer en qualit\u00e9 de\nmandataire judiciaire \u00e0 la protection des majeurs \ndans le d\u00e9partement du Var\nLe Pr\u00e9fet du Var,\nVu le Code de l'action sociale et des familles, notamment les articles  L. 312-5, L. 472-1, \nL. 472-1-1 L. 472-2, D. 471-3 et D 471-4 ;\nVu le sch\u00e9ma r\u00e9gional de la protection juridique des majeurs et des d\u00e9l\u00e9gu\u00e9s aux  \nprestations familiales de la r\u00e9gion Provence Alpes C\u00f4te d'Azur du 21 d\u00e9cembre 2020 ;\nVu  l'avis  d'appel  \u00e0  candidature  en  date  du  5  ao\u00fbt  2025  aux  fins  d'agr\u00e9ment  de \nmandataires judiciaires \u00e0 la protection des majeurs exer\u00e7ant \u00e0 titre individuel dans le  \nd\u00e9partement du Var ;\nVu  le  dossier  de  candidature,  d\u00e9clar\u00e9  complet  le  8  octobre  2025,  pr\u00e9sent\u00e9  \npar madame FOUREL Anne-Sophie ;\nVu  les  arr\u00eat\u00e9s  du  18  d\u00e9cembre  2025  et  du  24  d\u00e9cembre  2025  fixant  la  liste  des \ncandidatures recevables dans le cadre de l'appel \u00e0 candidature aux fins d'agr\u00e9ment de \nmandataires judiciaires \u00e0 la protection des majeurs exer\u00e7ant \u00e0 titre individuel dans le  \nd\u00e9partement du Var ;\nVu l'avis de la commission d\u00e9partementale d'agr\u00e9ment du 3 f\u00e9vrier 2026 ;\nVu l'arr\u00eat\u00e9 du f\u00e9vrier 2026 portant classement et s\u00e9lections des candidatures aux fins  \nd'agr\u00e9ment de mandataires judiciaires \u00e0 la protection des majeurs exer\u00e7ant \u00e0 titre  \nindividuel dans le d\u00e9partement du Var ;\nConsid\u00e9rant  le  caract\u00e8re  souverain  de  l'avis  de  la  commission  d\u00e9partementale  \nd'agr\u00e9ment ;\n1\nDirection d\u00e9partementale de l'emploi, du travail et des solidarit\u00e9s du Var - 83-2026-03-26-00005 - ARR\u00caT\u00c9 PR\u00c9FECTORAL \nportant agr\u00e9ment \u00e0 titre individuel pour exercer en qualit\u00e9 de\nmandataire judiciaire \u00e0 la protection des majeurs \ndans le d\u00e9partement du Var\n31\nConsid\u00e9rant le pouvoir d'appr\u00e9ciation du pr\u00e9fet conform\u00e9ment aux articles L. 472-1-1  \net R. 472-1 du Code de l'action sociale et des familles ;\nSur  proposition de  la  directrice  d\u00e9partementale  de  l'emploi,  du  travail  et  des  \nsolidarit\u00e9s et avis conforme du procureur de la R\u00e9publique sur le classement des  \ncandidatures ;\nARR\u00caTE\u00a0:\nArticle 1  er     : L'agr\u00e9ment mentionn\u00e9 \u00e0 l'article L. 472-1 du Code de l'action sociale et des \nfamilles (CASF) est accord\u00e9 \u00e0 :\nFOUREL Anne-Sophie\nexer\u00e7ant son activit\u00e9 professionnelle \u00e0 BP 21 83070 Toulon cedex 9 \npour l'exercice, \u00e0 titre individuel en qualit\u00e9 de mandataire judiciaire \u00e0 la protection  \ndes majeurs, de mesures de protection des majeurs au titre du mandat sp\u00e9cial auquel  \nil peut \u00eatre recouru dans le cadre de la sauvegarde de justice ou au titre de la curatelle \nou de la tutelle.\nL'agr\u00e9ment vaut inscription sur la liste des mandataires judiciaires \u00e0 la protection des  \nmajeurs du d\u00e9partement du Var.\nArticle 2     :  Tout changement concernant la nature et la consistance des garanties  \npr\u00e9vues par l'assurance en responsabilit\u00e9 civile, tout changement de cat\u00e9gorie de  \nmesures  de  protection  exerc\u00e9es  donnent  lieu  \u00e0  un  nouvel  agr\u00e9ment  dans  les  \nconditions pr\u00e9vues aux articles R. 471-1 et R. 472-2 du Code de l'action sociale et des  \nfamilles.\nArticle 3     : Le repr\u00e9sentant de l'\u00c9tat exerce un contr\u00f4le de l'activit\u00e9 des mandataires  \njudiciaires et peut adresser une injonction en cas de violation par celui-ci des lois et  \nr\u00e8glements, assortie d'un d\u00e9lai circonstanci\u00e9 qu'il fixe comme le pr\u00e9cise l'article L.  \n472-10 du CASF.\nIl se r\u00e9serve \u00e9galement le droit apr\u00e8s avis conforme du procureur de la R\u00e9publique de  \nretirer l'agr\u00e9ment en application de l'article L. 472-1 du CASF.\nEn cas d'urgence, le repr\u00e9sentant de l'\u00c9tat peut suspendre ou retirer l'agr\u00e9ment sans  \ninjonction comme le pr\u00e9cise l'article L. 472-6 du CASF.\nArticle  4     :  Le  pr\u00e9sent  arr\u00eat\u00e9  peut  faire  l'objet  d'un  recours  administratif  gracieux \naupr\u00e8s  du  Pr\u00e9fet  du  Var  dans  les  deux  mois  suivant  sa  publication.  Un  recours  \ncontentieux peut \u00eatre d\u00e9pos\u00e9 aupr\u00e8s du tribunal administratif de Toulon, situ\u00e9 au 5  \nrue Racine BP 40510 83041 Toulon cedex 9, \u00e9galement dans un d\u00e9lai de deux mois \u00e0  \ncompter de sa publication, ou dans le d\u00e9lai de deux mois \u00e0 partir de la r\u00e9ponse de  \nl'administration si un recours administratif a \u00e9t\u00e9 d\u00e9pos\u00e9, l'absence de r\u00e9ponse au  \nterme d'un d\u00e9lai de deux mois valant rejet implicite. La juridiction administrative  \ncomp\u00e9tente peut aussi \u00eatre saisie par l'application \u00ab  T\u00e9l\u00e9recours citoyens \u00bb accessible \n\u00e0 partir du site www.telerecours.fr.\n2\nDirection d\u00e9partementale de l'emploi, du travail et des solidarit\u00e9s du Var - 83-2026-03-26-00005 - ARR\u00caT\u00c9 PR\u00c9FECTORAL \nportant agr\u00e9ment \u00e0 titre individuel pour exercer en qualit\u00e9 de\nmandataire judiciaire \u00e0 la protection des majeurs \ndans le d\u00e9partement du Var\n32\nArticle 5     :  Le pr\u00e9sent arr\u00eat\u00e9 est \u00e9tabli en un seul exemplaire original, conserv\u00e9 aux  \narchives du pr\u00e9fet et qui seul fait foi. Le pr\u00e9fet renverra au titulaire, pour notification,  \nune copie du document original.\nArticle 6     :  Le pr\u00e9sent arr\u00eat\u00e9 sera publi\u00e9 au recueil des actes administratifs de l'\u00c9tat  \ndans le Var.\nArticle  7     :  Le  secr\u00e9taire  g\u00e9n\u00e9ral  de  la  pr\u00e9fecture  du  Var  et  la  directrice  \nd\u00e9partementale de l'emploi, du travail et des solidarit\u00e9s du Var, so nt charg\u00e9s, chacun \nen ce qui le concerne, de l'ex\u00e9cution du pr\u00e9sent arr\u00eat\u00e9. \nFait \u00e0 Toulon, le 26 mars 2026\nPour le Pr\u00e9fet et par d\u00e9l\u00e9gation,\nla directrice d\u00e9partementale\nsign\u00e9\nSandrine POLYCHRONOPOULOS\n3\nDirection d\u00e9partementale de l'emploi, du travail et des solidarit\u00e9s du Var - 83-2026-03-26-00005 - ARR\u00caT\u00c9 PR\u00c9FECTORAL \nportant agr\u00e9ment \u00e0 titre individuel pour exercer en qualit\u00e9 de\nmandataire judiciaire \u00e0 la protection des majeurs \ndans le d\u00e9partement du Var\n33\nDirection d\u00e9partementale de l'emploi, du travail\net des solidarit\u00e9s du Var\n83-2026-03-26-00007\nARR\u00caT\u00c9 PR\u00c9FECTORAL \nportant agr\u00e9ment \u00e0 titre individuel pour exercer\nen qualit\u00e9 de\nmandataire judiciaire \u00e0 la protection des majeurs\ndans le d\u00e9partement du Var\nDirection d\u00e9partementale de l'emploi, du travail et des solidarit\u00e9s du Var - 83-2026-03-26-00007 - ARR\u00caT\u00c9 PR\u00c9FECTORAL \nportant agr\u00e9ment \u00e0 titre individuel pour exercer en qualit\u00e9 de\nmandataire judiciaire \u00e0 la protection des majeurs \ndans le d\u00e9partement du Var\n34\n=mPREFETDU VARLibert\u00e9Egalit\u00e9Fraternit\u00e9\nDirection D\u00e9partementale\n de l'Emploi, du Travail\net des Solidarit\u00e9s\nService acc\u00e8s \u00e0 l'autonomie\ndes populations vuln\u00e9rables\nARR\u00caT\u00c9 PR\u00c9FECTORAL \nportant agr\u00e9ment \u00e0 titre individuel pour exercer en qualit\u00e9 de\nmandataire judiciaire \u00e0 la protection des majeurs \ndans le d\u00e9partement du Var\nLe Pr\u00e9fet du Var,\nVu le Code de l'action sociale et des familles, notamment les articles  L. 312-5, L. 472-1, \nL. 472-1-1 L. 472-2, D. 471-3 et D 471-4 ;\nVu le sch\u00e9ma r\u00e9gional de la protection juridique des majeurs et des d\u00e9l\u00e9gu\u00e9s aux  \nprestations familiales de la r\u00e9gion Provence Alpes C\u00f4te d'Azur du 21 d\u00e9cembre 2020 ;\nVu  l'avis  d'appel  \u00e0  candidature  en  date  du  5  ao\u00fbt  2025  aux  fins  d'agr\u00e9ment  de \nmandataires judiciaires \u00e0 la protection des majeurs exer\u00e7ant \u00e0 titre individuel dans le  \nd\u00e9partement du Var ;\nVu  le  dossier  de  candidature,  d\u00e9clar\u00e9  complet  le  8  octobre  2025,  pr\u00e9sent\u00e9  \npar madame HANANA Christelle ;\nVu  les  arr\u00eat\u00e9s  du  18  d\u00e9cembre  2025  et  du  24  d\u00e9cembre  2025  fixant  la  liste  des \ncandidatures recevables dans le cadre de l'appel \u00e0 candidature aux fins d'agr\u00e9ment de \nmandataires judiciaires \u00e0 la protection des majeurs exer\u00e7ant \u00e0 titre individuel dans le  \nd\u00e9partement du Var ;\nVu l'avis de la commission d\u00e9partementale d'agr\u00e9ment du 3 f\u00e9vrier 2026 ;\nVu l'arr\u00eat\u00e9 du f\u00e9vrier 2026 portant classement et s\u00e9lections des candidatures aux fins  \nd'agr\u00e9ment de mandataires judiciaires \u00e0 la protection des majeurs exer\u00e7ant \u00e0 titre  \nindividuel dans le d\u00e9partement du Var ;\nConsid\u00e9rant  le  caract\u00e8re  souverain  de  l'avis  de  la  commission  d\u00e9partementale  \nd'agr\u00e9ment ;\n1\nDirection d\u00e9partementale de l'emploi, du travail et des solidarit\u00e9s du Var - 83-2026-03-26-00007 - ARR\u00caT\u00c9 PR\u00c9FECTORAL \nportant agr\u00e9ment \u00e0 titre individuel pour exercer en qualit\u00e9 de\nmandataire judiciaire \u00e0 la protection des majeurs \ndans le d\u00e9partement du Var\n35\nConsid\u00e9rant le pouvoir d'appr\u00e9ciation du pr\u00e9fet conform\u00e9ment aux articles L. 472-1-1  \net R. 472-1 du Code de l'action sociale et des familles ;\nSur  proposition de  la  directrice  d\u00e9partementale  de  l'emploi,  du  travail  et  des  \nsolidarit\u00e9s et avis conforme du procureur de la R\u00e9publique sur le classement des  \ncandidatures ;\nARR\u00caTE\u00a0:\nArticle 1  er     : L'agr\u00e9ment mentionn\u00e9 \u00e0 l'article L. 472-1 du Code de l'action sociale et des \nfamilles (CASF) est accord\u00e9 \u00e0 :\nHANANA Christelle\nexer\u00e7ant son activit\u00e9 professionnelle \u00e0 BP 32 8040 Toulon cedex 9 \npour l'exercice, \u00e0 titre individuel en qualit\u00e9 de mandataire judiciaire \u00e0 la protection  \ndes majeurs, de mesures de protection des majeurs au titre du mandat sp\u00e9cial auquel  \nil peut \u00eatre recouru dans le cadre de la sauvegarde de justice ou au titre de la curatelle \nou de la tutelle.\nL'agr\u00e9ment vaut inscription sur la liste des mandataires judiciaires \u00e0 la protection des  \nmajeurs du d\u00e9partement du Var.\nArticle 2     :  Tout changement concernant la nature et la consistance des garanties  \npr\u00e9vues par l'assurance en responsabilit\u00e9 civile, tout changement de cat\u00e9gorie de  \nmesures  de  protection  exerc\u00e9es  donnent  lieu  \u00e0  un  nouvel  agr\u00e9ment  dans  les  \nconditions pr\u00e9vues aux articles R. 471-1 et R. 472-2 du Code de l'action sociale et des  \nfamilles.\nArticle 3     : Le repr\u00e9sentant de l'\u00c9tat exerce un contr\u00f4le de l'activit\u00e9 des mandataires  \njudiciaires et peut adresser une injonction en cas de violation par celui-ci des lois et  \nr\u00e8glements, assortie d'un d\u00e9lai circonstanci\u00e9 qu'il fixe comme le pr\u00e9cise l'article L.  \n472-10 du CASF.\nIl se r\u00e9serve \u00e9galement le droit apr\u00e8s avis conforme du procureur de la R\u00e9publique de  \nretirer l'agr\u00e9ment en application de l'article L. 472-1 du CASF.\nEn cas d'urgence, le repr\u00e9sentant de l'\u00c9tat peut suspendre ou retirer l'agr\u00e9ment sans  \ninjonction comme le pr\u00e9cise l'article L. 472-6 du CASF.\nArticle  4     :  Le  pr\u00e9sent  arr\u00eat\u00e9  peut  faire  l'objet  d'un  recours  administratif  gracieux \naupr\u00e8s  du  Pr\u00e9fet  du  Var  dans  les  deux  mois  suivant  sa  publication.  Un  recours  \ncontentieux peut \u00eatre d\u00e9pos\u00e9 aupr\u00e8s du tribunal administratif de Toulon, situ\u00e9 au 5  \nrue Racine BP 40510 83041 Toulon cedex 9, \u00e9galement dans un d\u00e9lai de deux mois \u00e0  \ncompter de sa publication, ou dans le d\u00e9lai de deux mois \u00e0 partir de la r\u00e9ponse de  \nl'administration si un recours administratif a \u00e9t\u00e9 d\u00e9pos\u00e9, l'absence de r\u00e9ponse au  \nterme d'un d\u00e9lai de deux mois valant rejet implicite. La juridiction administrative  \ncomp\u00e9tente peut aussi \u00eatre saisie par l'application \u00ab  T\u00e9l\u00e9recours citoyens \u00bb accessible \n\u00e0 partir du site www.telerecours.fr.\n2\nDirection d\u00e9partementale de l'emploi, du travail et des solidarit\u00e9s du Var - 83-2026-03-26-00007 - ARR\u00caT\u00c9 PR\u00c9FECTORAL \nportant agr\u00e9ment \u00e0 titre individuel pour exercer en qualit\u00e9 de\nmandataire judiciaire \u00e0 la protection des majeurs \ndans le d\u00e9partement du Var\n36\nArticle 5     :  Le pr\u00e9sent arr\u00eat\u00e9 est \u00e9tabli en un seul exemplaire original, conserv\u00e9 aux  \narchives du pr\u00e9fet et qui seul fait foi. Le pr\u00e9fet renverra au titulaire, pour notification,  \nune copie du document original.\nArticle 6     :  Le pr\u00e9sent arr\u00eat\u00e9 sera publi\u00e9 au recueil des actes administratifs de l'\u00c9tat  \ndans le Var.\nArticle  7     :  Le  secr\u00e9taire  g\u00e9n\u00e9ral  de  la  pr\u00e9fecture  du  Var  et  la  directrice  \nd\u00e9partementale de l'emploi, du travail et des solidarit\u00e9s du Var, so nt charg\u00e9s, chacun \nen ce qui le concerne, de l'ex\u00e9cution du pr\u00e9sent arr\u00eat\u00e9. \nFait \u00e0 Toulon, le 26 mars 2026\nPour le Pr\u00e9fet et par d\u00e9l\u00e9gation,\nla directrice d\u00e9partementale\nsign\u00e9\nSandrine POLYCHRONOPOULOS\n3\nDirection d\u00e9partementale de l'emploi, du travail et des solidarit\u00e9s du Var - 83-2026-03-26-00007 - ARR\u00caT\u00c9 PR\u00c9FECTORAL \nportant agr\u00e9ment \u00e0 titre individuel pour exercer en qualit\u00e9 de\nmandataire judiciaire \u00e0 la protection des majeurs \ndans le d\u00e9partement du Var\n37\nDirection d\u00e9partementale de l'emploi, du travail\net des solidarit\u00e9s du Var\n83-2026-03-26-00010\nARR\u00caT\u00c9 PR\u00c9FECTORAL \nportant agr\u00e9ment \u00e0 titre individuel pour exercer\nen qualit\u00e9 de\nmandataire judiciaire \u00e0 la protection des majeurs\ndans le d\u00e9partement du Var\nDirection d\u00e9partementale de l'emploi, du travail et des solidarit\u00e9s du Var - 83-2026-03-26-00010 - ARR\u00caT\u00c9 PR\u00c9FECTORAL \nportant agr\u00e9ment \u00e0 titre individuel pour exercer en qualit\u00e9 de\nmandataire judiciaire \u00e0 la protection des majeurs \ndans le d\u00e9partement du Var\n38\n=mPREFETDU VARLibert\u00e9Egalit\u00e9Fraternit\u00e9\nDirection D\u00e9partementale\n de l'Emploi, du Travail\net des Solidarit\u00e9s\nService acc\u00e8s \u00e0 l'autonomie\ndes populations vuln\u00e9rables\nARR\u00caT\u00c9 PR\u00c9FECTORAL \nportant agr\u00e9ment \u00e0 titre individuel pour exercer en qualit\u00e9 de\nmandataire judiciaire \u00e0 la protection des majeurs \ndans le d\u00e9partement du Var\nLe Pr\u00e9fet du Var,\nVu le Code de l'action sociale et des familles, notamment les articles  L. 312-5, L. 472-1, \nL. 472-1-1 L. 472-2, D. 471-3 et D 471-4 ;\nVu le sch\u00e9ma r\u00e9gional de la protection juridique des majeurs et des d\u00e9l\u00e9gu\u00e9s aux  \nprestations familiales de la r\u00e9gion Provence Alpes C\u00f4te d'Azur du 21 d\u00e9cembre 2020 ;\nVu  l'avis  d'appel  \u00e0  candidature  en  date  du  5  ao\u00fbt  2025  aux  fins  d'agr\u00e9ment  de \nmandataires judiciaires \u00e0 la protection des majeurs exer\u00e7ant \u00e0 titre individuel dans le  \nd\u00e9partement du Var ;\nVu  le  dossier  de  candidature,  d\u00e9clar\u00e9  complet  le  4  d\u00e9cembre  2025,  pr\u00e9sent\u00e9  \npar madame VEDEL Julie nom d'usage BRARD ;\nVu  les  arr\u00eat\u00e9s  du  18  d\u00e9cembre  2025  et  du  24  d\u00e9cembre  2025  fixant  la  liste  des \ncandidatures recevables dans le cadre de l'appel \u00e0 candidature aux fins d'agr\u00e9ment de \nmandataires judiciaires \u00e0 la protection des majeurs exer\u00e7ant \u00e0 titre individuel dans le  \nd\u00e9partement du Var ;\nVu l'avis de la commission d\u00e9partementale d'agr\u00e9ment du 3 f\u00e9vrier 2026 ;\nVu l'arr\u00eat\u00e9 du f\u00e9vrier 2026 portant classement et s\u00e9lections des candidatures aux fins  \nd'agr\u00e9ment de mandataires judiciaires \u00e0 la protection des majeurs exer\u00e7ant \u00e0 titre  \nindividuel dans le d\u00e9partement du Var ;\nConsid\u00e9rant  le  caract\u00e8re  souverain  de  l'avis  de  la  commission  d\u00e9partementale  \nd'agr\u00e9ment ;\n1\nDirection d\u00e9partementale de l'emploi, du travail et des solidarit\u00e9s du Var - 83-2026-03-26-00010 - ARR\u00caT\u00c9 PR\u00c9FECTORAL \nportant agr\u00e9ment \u00e0 titre individuel pour exercer en qualit\u00e9 de\nmandataire judiciaire \u00e0 la protection des majeurs \ndans le d\u00e9partement du Var\n39\nConsid\u00e9rant le pouvoir d'appr\u00e9ciation du pr\u00e9fet conform\u00e9ment aux articles L. 472-1-1  \net R. 472-1 du Code de l'action sociale et des familles ;\nSur  proposition de  la  directrice  d\u00e9partementale  de  l'emploi,  du  travail  et  des  \nsolidarit\u00e9s et avis conforme du procureur de la R\u00e9publique sur le classement des  \ncandidatures ;\nARR\u00caTE\u00a0:\nArticle 1  er     : L'agr\u00e9ment mentionn\u00e9 \u00e0 l'article L. 472-1 du Code de l'action sociale et des \nfamilles (CASF) est accord\u00e9 \u00e0 :\nVEDEL Julie nom d'usage BRARD\nexer\u00e7ant son activit\u00e9 professionnelle \u00e0 BP 79 83310 Grimaud PDC\npour l'exercice, \u00e0 titre individuel en qualit\u00e9 de mandataire judiciaire \u00e0 la protection  \ndes majeurs, de mesures de protection des majeurs au titre du mandat sp\u00e9cial auquel  \nil peut \u00eatre recouru dans le cadre de la sauvegarde de justice ou au titre de la curatelle \nou de la tutelle.\nL'agr\u00e9ment vaut inscription sur la liste des mandataires judiciaires \u00e0 la protection des  \nmajeurs du d\u00e9partement du Var.\nArticle 2     :  Tout changement concernant la nature et la consistance des garanties  \npr\u00e9vues par l'assurance en responsabilit\u00e9 civile, tout changement de cat\u00e9gorie de  \nmesures  de  protection  exerc\u00e9es  donnent  lieu  \u00e0  un  nouvel  agr\u00e9ment  dans  les  \nconditions pr\u00e9vues aux articles R. 471-1 et R. 472-2 du Code de l'action sociale et des  \nfamilles.\nArticle 3     : Le repr\u00e9sentant de l'\u00c9tat exerce un contr\u00f4le de l'activit\u00e9 des mandataires  \njudiciaires et peut adresser une injonction en cas de violation par celui-ci des lois et  \nr\u00e8glements, assortie d'un d\u00e9lai circonstanci\u00e9 qu'il fixe comme le pr\u00e9cise l'article L.  \n472-10 du CASF.\nIl se r\u00e9serve \u00e9galement le droit apr\u00e8s avis conforme du procureur de la R\u00e9publique de  \nretirer l'agr\u00e9ment en application de l'article L. 472-1 du CASF.\nEn cas d'urgence, le repr\u00e9sentant de l'\u00c9tat peut suspendre ou retirer l'agr\u00e9ment sans  \ninjonction comme le pr\u00e9cise l'article L. 472-6 du CASF.\nArticle  4     :  Le  pr\u00e9sent  arr\u00eat\u00e9  peut  faire  l'objet  d'un  recours  administratif  gracieux \naupr\u00e8s  du  Pr\u00e9fet  du  Var  dans  les  deux  mois  suivant  sa  publication.  Un  recours  \ncontentieux peut \u00eatre d\u00e9pos\u00e9 aupr\u00e8s du tribunal administratif de Toulon, situ\u00e9 au 5  \nrue Racine BP 40510 83041 Toulon cedex 9, \u00e9galement dans un d\u00e9lai de deux mois \u00e0  \ncompter de sa publication, ou dans le d\u00e9lai de deux mois \u00e0 partir de la r\u00e9ponse de  \nl'administration si un recours administratif a \u00e9t\u00e9 d\u00e9pos\u00e9, l'absence de r\u00e9ponse au  \nterme d'un d\u00e9lai de deux mois valant rejet implicite. La juridiction administrative  \ncomp\u00e9tente peut aussi \u00eatre saisie par l'application \u00ab  T\u00e9l\u00e9recours citoyens \u00bb accessible \n\u00e0 partir du site www.telerecours.fr.\n2\nDirection d\u00e9partementale de l'emploi, du travail et des solidarit\u00e9s du Var - 83-2026-03-26-00010 - ARR\u00caT\u00c9 PR\u00c9FECTORAL \nportant agr\u00e9ment \u00e0 titre individuel pour exercer en qualit\u00e9 de\nmandataire judiciaire \u00e0 la protection des majeurs \ndans le d\u00e9partement du Var\n40\nArticle 5     :  Le pr\u00e9sent arr\u00eat\u00e9 est \u00e9tabli en un seul exemplaire original, conserv\u00e9 aux  \narchives du pr\u00e9fet et qui seul fait foi. Le pr\u00e9fet renverra au titulaire, pour notification,  \nune copie du document original.\nArticle 6     :  Le pr\u00e9sent arr\u00eat\u00e9 sera publi\u00e9 au recueil des actes administratifs de l'\u00c9tat  \ndans le Var.\nArticle  7     :  Le  secr\u00e9taire  g\u00e9n\u00e9ral  de  la  pr\u00e9fecture  du  Var  et  la  directrice  \nd\u00e9partementale de l'emploi, du travail et des solidarit\u00e9s du Var, so nt charg\u00e9s, chacun \nen ce qui le concerne, de l'ex\u00e9cution du pr\u00e9sent arr\u00eat\u00e9. \nFait \u00e0 Toulon, le 26 MARS 2026\nPour le Pr\u00e9fet et par d\u00e9l\u00e9gation,\nla directrice d\u00e9partementale\nsign\u00e9\nSandrine POLYCHRONOPOULOS\n3\nDirection d\u00e9partementale de l'emploi, du travail et des solidarit\u00e9s du Var - 83-2026-03-26-00010 - ARR\u00caT\u00c9 PR\u00c9FECTORAL \nportant agr\u00e9ment \u00e0 titre individuel pour exercer en qualit\u00e9 de\nmandataire judiciaire \u00e0 la protection des majeurs \ndans le d\u00e9partement du Var\n41\nDirection d\u00e9partementale de l'emploi, du travail\net des solidarit\u00e9s du Var\n83-2026-03-17-00005\nR\u00e9c\u00e9piss\u00e9 de d\u00e9claration\nd'un organisme de services \u00e0 la personne\nenregistr\u00e9 sous le N\u00b0 SAP102424108\nDirection d\u00e9partementale de l'emploi, du travail et des solidarit\u00e9s du Var - 83-2026-03-17-00005 - R\u00e9c\u00e9piss\u00e9 de d\u00e9claration\nd'un organisme de services \u00e0 la personne\nenregistr\u00e9 sous le N\u00b0 SAP102424108\n42\nPF4Libert\u00e9 + \u00c9galit\u00e9 + Fraternit\u00e9R\u00c9PUBLIQUE FRAN\u00c7AISE\nR\u00e9c\u00e9piss\u00e9 de d\u00e9claration\nd'un organisme de services \u00e0 la personne\nenregistr\u00e9 sous le N\u00b0 SAP102424108\nVu le code du travail et notamment les articles L.7231-1 \u00e0 L.7233-2, R.7232-16 \u00e0 R.7232-22, D.7231-1 et \nD.7233-1 \u00e0 D.7233-5 ; \nVu la demande de d\u00e9claration d\u00e9pos\u00e9e par l'organisme CJ PROPRETE, 82 Impasse De l'Argens  \n83550 VIDAUBAN, le 17/03/26 ;\nLe pr\u00e9fet du Var\nConstate : \nQu'une d\u00e9claration d'activit\u00e9s de services \u00e0 la personne a \u00e9t\u00e9 d\u00e9pos\u00e9e aupr\u00e8s du service instructeur  \ndu Var , le 17/03/26 par Mme. Sammartano Cindy en qualit\u00e9 de dirigeant(e), pour l'organisme CJ  \nPROPRETE  dont  l'\u00e9tablissement  principal  est  situ\u00e9  82  Impasse  De  l'Argens  83550  VIDAUBAN  et \nenregistr\u00e9 sous le N\u00b0 SAP102424108 pour les activit\u00e9s suivantes :\n  \u2022   Entretien de la maison et travaux m\u00e9nagers (mode d'intervention Prestataire)\n  \u2022   Pr\u00e9paration de repas \u00e0 domicile (mode d'intervention Prestataire)\nToute  modification  concernant  les  activit\u00e9s  exerc\u00e9es  devra  faire  l'objet  d'une  d\u00e9claration  \nmodificative pr\u00e9alable.\nSous r\u00e9serve d'\u00eatre exerc\u00e9es \u00e0 titre exclusif (ou sous r\u00e9serve d'une comptabilit\u00e9 s\u00e9par\u00e9e pour les  \npersonnes  morales  dispens\u00e9es  de  cette  condition),  ces  activit\u00e9s  ouvrent  droit  au  b\u00e9n\u00e9fice  des  \ndispositions des articles L. 7233-2 du code du travail et L.241-10 du code de la s\u00e9curit\u00e9 sociale dans  \nles conditions pr\u00e9vues par ces articles.\nLes effets de la d\u00e9claration courent \u00e0 compter du jour du d\u00e9p\u00f4t de la d\u00e9claration sous r\u00e9serve des  \ndispositions de l'article R.7232-18 du code du travail. Le pr\u00e9sent r\u00e9c\u00e9piss\u00e9 n'est pas limit\u00e9 dans le  \ntemps. La d\u00e9claration a une port\u00e9e nationale.\nL'enregistrement de la d\u00e9claration peut \u00eatre retir\u00e9 dans les conditions fix\u00e9es aux articles R.7232-\n20 \u00e0 R.7232-22 du code du travail.\nLe pr\u00e9sent r\u00e9c\u00e9piss\u00e9 sera publi\u00e9 au recueil des actes administratifs de la pr\u00e9fecture.\nLe pr\u00e9sent r\u00e9c\u00e9piss\u00e9 peut, \u00e0 compter de sa notification, faire l'objet d'un recours gracieux aupr\u00e8s  \nservice instructeur du Var ou d'un recours hi\u00e9rarchique adress\u00e9 au ministre charg\u00e9 de l'\u00e9conomie -  \nDirection g\u00e9n\u00e9rale des entreprises \u2013 sous-direction des services marchands, 61 Boulevard Vincent  \nAuriol, 75703 PARIS CEDEX 13.\nIl peut \u00e9galement faire l'objet d'un recours contentieux dans un d\u00e9lai de deux mois \u00e0 compter de sa  \nnotification aupr\u00e8s du tribunal administratif de Toulon.\nLe tribunal administratif peut aussi \u00eatre saisi par l'application informatique \u00ab T\u00e9l\u00e9recours citoyen \u00bb  \naccessible sur le site internet  http://www.telerecours.fr/\nEn cas de rejet du recours gracieux ou hi\u00e9rarchique ou en l'absence de r\u00e9ponse \u00e0 ce recours (rejet  \nimplicite), un recours contentieux devant le tribunal administratif de Toulon peut \u00e9galement \u00eatre  \nform\u00e9 contre la d\u00e9cision initiale dans un d\u00e9lai de deux mois \u00e0 compter de ce rejet. \nPour le Pr\u00e9fet et par d\u00e9l\u00e9gation \nPour la directrice d\u00e9partementale de l'emploi, \ndu travail et des solidarit\u00e9s du Var \nLa cheffe du service accompagnement des entreprises \net d\u00e9veloppement des territoires \nsign\u00e9 : S\u00e9verine LARDERET \nFait \u00e0 CS 31209 - 83070 TOULON Cedex, le 17/03/26 \nDDETS du Var \nDirection d\u00e9partementale de l'emploi, du travail et des solidarit\u00e9s du Var - 83-2026-03-17-00005 - R\u00e9c\u00e9piss\u00e9 de d\u00e9claration\nd'un organisme de services \u00e0 la personne\nenregistr\u00e9 sous le N\u00b0 SAP102424108\n43\nDirection d\u00e9partementale de l'emploi, du travail\net des solidarit\u00e9s du Var\n83-2026-01-25-00002\nR\u00e9c\u00e9piss\u00e9 de d\u00e9claration\nd'un organisme de services \u00e0 la personne\nenregistr\u00e9 sous le N\u00b0 SAP442095014\nDirection d\u00e9partementale de l'emploi, du travail et des solidarit\u00e9s du Var - 83-2026-01-25-00002 - R\u00e9c\u00e9piss\u00e9 de d\u00e9claration\nd'un organisme de services \u00e0 la personne\nenregistr\u00e9 sous le N\u00b0 SAP442095014\n44\nPF4Libert\u00e9 + \u00c9galit\u00e9 + Fraternit\u00e9R\u00c9PUBLIQUE FRAN\u00c7AISE\nR\u00e9c\u00e9piss\u00e9 de d\u00e9claration\nd'un organisme de services \u00e0 la personne\nenregistr\u00e9 sous le N\u00b0 SAP442095014\nVu le code du travail et notamment les articles L.7231-1 \u00e0 L.7233-2, R.7232-16 \u00e0 R.7232-22, D.7231-1 et \nD.7233-1 \u00e0 D.7233-5 ; \nVu la demande de d\u00e9claration d\u00e9pos\u00e9e par l'organisme VOTRE PRESTATAIRE ADMINISTRATIF ,  \n89 AVENUE FRANCOIS DOL 83780 FLAYOSC, le 25/01/2026 ;\nLe pr\u00e9fet du Var\nConstate : \nQu'une d\u00e9claration d'activit\u00e9s de services \u00e0 la personne a \u00e9t\u00e9 d\u00e9pos\u00e9e aupr\u00e8s du service instructeur  \ndu Var , le 25/01/2026 par Mme. BISCOP NADEGE en qualit\u00e9 de dirigeant(e), pour l'organisme  VOTRE \nPRESTATAIRE ADMINISTRATIF dont l'\u00e9tablissement principal est situ\u00e9 89 AVENUE FRANCOIS DOL  \n83780 FLAYOSC et enregistr\u00e9 sous le N\u00b0 SAP442095014 pour les activit\u00e9s suivantes :\n  \u2022   Assistance administrative \u00e0 domicile (mode d'intervention Prestataire)\nToute  modification  concernant  les  activit\u00e9s  exerc\u00e9es  devra  faire  l'objet  d'une  d\u00e9claration  \nmodificative pr\u00e9alable.\nSous r\u00e9serve d'\u00eatre exerc\u00e9es \u00e0 titre exclusif (ou sous r\u00e9serve d'une comptabilit\u00e9 s\u00e9par\u00e9e pour les  \npersonnes  morales  dispens\u00e9es  de  cette  condition),  ces  activit\u00e9s  ouvrent  droit  au  b\u00e9n\u00e9fice  des  \ndispositions des articles L. 7233-2 du code du travail et L.241-10 du code de la s\u00e9curit\u00e9 sociale dans  \nles conditions pr\u00e9vues par ces articles.\nLes effets de la d\u00e9claration courent \u00e0 compter du jour du d\u00e9p\u00f4t de la d\u00e9claration sous r\u00e9serve des  \ndispositions de l'article R.7232-18 du code du travail. Le pr\u00e9sent r\u00e9c\u00e9piss\u00e9 n'est pas limit\u00e9 dans le  \ntemps. La d\u00e9claration a une port\u00e9e nationale.\nL'enregistrement de la d\u00e9claration peut \u00eatre retir\u00e9 dans les conditions fix\u00e9es aux articles R.7232-\n20 \u00e0 R.7232-22 du code du travail.\nLe pr\u00e9sent r\u00e9c\u00e9piss\u00e9 sera publi\u00e9 au recueil des actes administratifs de la pr\u00e9fecture.\nLe pr\u00e9sent r\u00e9c\u00e9piss\u00e9 peut, \u00e0 compter de sa notification, faire l'objet d'un recours gracieux aupr\u00e8s  \nservice instructeur du Var ou d'un recours hi\u00e9rarchique adress\u00e9 au ministre charg\u00e9 de l'\u00e9conomie -  \nDirection g\u00e9n\u00e9rale des entreprises \u2013 sous-direction des services marchands, 61 Boulevard Vincent  \nAuriol, 75703 PARIS CEDEX 13.\nIl peut \u00e9galement faire l'objet d'un recours contentieux dans un d\u00e9lai de deux mois \u00e0 compter de sa  \nnotification aupr\u00e8s du tribunal administratif de Toulon.\nLe tribunal administratif peut aussi \u00eatre saisi par l'application informatique \u00ab T\u00e9l\u00e9recours citoyen \u00bb  \naccessible sur le site internet  http://www.telerecours.fr/\nEn cas de rejet du recours gracieux ou hi\u00e9rarchique ou en l'absence de r\u00e9ponse \u00e0 ce recours (rejet  \nimplicite), un recours contentieux devant le tribunal administratif de Toulon peut \u00e9galement \u00eatre  \nform\u00e9 contre la d\u00e9cision initiale dans un d\u00e9lai de deux mois \u00e0 compter de ce rejet. \nPour le Pr\u00e9fet et par d\u00e9l\u00e9gation \nPour la directrice d\u00e9partementale de l'emploi, \ndu travail et des solidarit\u00e9s du Var \nLa cheffe du service accompagnement des entreprises \net d\u00e9veloppement des territoires \nsign\u00e9 : S\u00e9verine LARDERET \nFait \u00e0 CS 31209 - 83070 TOULON Cedex, le 25/01/26 \nDDETS du Var \nDirection d\u00e9partementale de l'emploi, du travail et des solidarit\u00e9s du Var - 83-2026-01-25-00002 - R\u00e9c\u00e9piss\u00e9 de d\u00e9claration\nd'un organisme de services \u00e0 la personne\nenregistr\u00e9 sous le N\u00b0 SAP442095014\n45\nDirection d\u00e9partementale de l'emploi, du travail\net des solidarit\u00e9s du Var\n83-2026-03-10-00010\nR\u00e9c\u00e9piss\u00e9 de d\u00e9claration\nd'un organisme de services \u00e0 la personne\nenregistr\u00e9 sous le N\u00b0 SAP851603241\nDirection d\u00e9partementale de l'emploi, du travail et des solidarit\u00e9s du Var - 83-2026-03-10-00010 - R\u00e9c\u00e9piss\u00e9 de d\u00e9claration\nd'un organisme de services \u00e0 la personne\nenregistr\u00e9 sous le N\u00b0 SAP851603241\n46\nPF4Libert\u00e9 + \u00c9galit\u00e9 + Fraternit\u00e9R\u00c9PUBLIQUE FRAN\u00c7AISE\nR\u00e9c\u00e9piss\u00e9 de d\u00e9claration\nd'un organisme de services \u00e0 la personne\nenregistr\u00e9 sous le N\u00b0 SAP851603241\nVu le code du travail et notamment les articles L.7231-1 \u00e0 L.7233-2, R.7232-16 \u00e0 R.7232-22, D.7231-1 et \nD.7233-1 \u00e0 D.7233-5 ; \nVu la demande de d\u00e9claration d\u00e9pos\u00e9e par l'organisme Dayla, Rue Yvonne Henri, r\u00e9sidence les  \nhaut de courbebaisse 83220 LE PRADET, le 10/03/2026 ;\nLe pr\u00e9fet du Var\nConstate : \nQu'une d\u00e9claration d'activit\u00e9s de services \u00e0 la personne a \u00e9t\u00e9 d\u00e9pos\u00e9e aupr\u00e8s du service instructeur  \ndu Var , le 10/03/26 par Mme. Vidal Vanessa en qualit\u00e9 de dirigeant(e), pour l'organisme Dayla dont  \nl'\u00e9tablissement principal est situ\u00e9 0 Rue Yvonne Henri, r\u00e9sidence les haut de courbebaisse 83220 LE  \nPRADET et enregistr\u00e9 sous le N\u00b0 SAP851603241 pour les activit\u00e9s suivantes :\n  \u2022   Entretien de la maison et travaux m\u00e9nagers (mode d'intervention Prestataire)\n  \u2022   Petits travaux de jardinage (mode d'intervention Prestataire)\n  \u2022   Travaux de petit bricolage (mode d'intervention Prestataire)\n  \u2022   Pr\u00e9paration de repas \u00e0 domicile (mode d'intervention Prestataire)\n  \u2022   Livraison de repas \u00e0 domicile (mode d'intervention Prestataire)\n  \u2022   Collecte et livraison \u00e0 domicile de linge repass\u00e9 (mode d'intervention Prestataire)\n  \u2022   Livraison de courses \u00e0 domicile (mode d'intervention Prestataire)\n  \u2022   Maintenance, entretien et vigilance temporaires \u00e0 domicile (mode d'intervention Prestataire)\n  \u2022   Assistance informatique \u00e0 domicile (mode d'intervention Prestataire)\n  \u2022   Assistance administrative \u00e0 domicile (mode d'intervention Prestataire)\n  \u2022   Soins d'esth\u00e9tique \u00e0 domicile pour personnes d\u00e9pendantes (mode d'intervention Prestataire)\n  \u2022   Soins et promenade(s) d'animaux pour personnes d\u00e9pendantes (mode d'intervention Prestataire)\n  \u2022   Conduite du v\u00e9hicule des personnes en cas d'invalidit\u00e9 temporaire (mode d'intervention \nPrestataire)\n  \u2022   Accompagnement des personnes pr\u00e9sentant une invalidit\u00e9 temporaire (mode d'intervention \nPrestataire)\n  \u2022   Assistance aux personnes ayant besoin d'une aide temporaire \u00e0 leur domicile (mode \nd'intervention Prestataire)\nToute  modification  concernant  les  activit\u00e9s  exerc\u00e9es  devra  faire  l'objet  d'une  d\u00e9claration  \nmodificative pr\u00e9alable.\nSous r\u00e9serve d'\u00eatre exerc\u00e9es \u00e0 titre exclusif (ou sous r\u00e9serve d'une comptabilit\u00e9 s\u00e9par\u00e9e pour les  \npersonnes  morales  dispens\u00e9es  de  cette  condition),  ces  activit\u00e9s  ouvrent  droit  au  b\u00e9n\u00e9fice  des  \ndispositions des articles L. 7233-2 du code du travail et L.241-10 du code de la s\u00e9curit\u00e9 sociale dans  \nles conditions pr\u00e9vues par ces articles.\nLes effets de la d\u00e9claration courent \u00e0 compter du jour du d\u00e9p\u00f4t de la d\u00e9claration sous r\u00e9serve des  \ndispositions de l'article R.7232-18 du code du travail. Le pr\u00e9sent r\u00e9c\u00e9piss\u00e9 n'est pas limit\u00e9 dans le  \ntemps. La d\u00e9claration a une port\u00e9e nationale.\nL'enregistrement de la d\u00e9claration peut \u00eatre retir\u00e9 dans les conditions fix\u00e9es aux articles R.7232-\n20 \u00e0 R.7232-22 du code du travail.\nLe pr\u00e9sent r\u00e9c\u00e9piss\u00e9 sera publi\u00e9 au recueil des actes administratifs de la pr\u00e9fecture.\nLe pr\u00e9sent r\u00e9c\u00e9piss\u00e9 peut, \u00e0 compter de sa notification, faire l'objet d'un recours gracieux aupr\u00e8s  \nservice instructeur du Var ou d'un recours hi\u00e9rarchique adress\u00e9 au ministre charg\u00e9 de l'\u00e9conomie -  \nDirection g\u00e9n\u00e9rale des entreprises \u2013 sous-direction des services marchands, 61 Boulevard Vincent  \nAuriol, 75703 PARIS CEDEX 13.\nIl peut \u00e9galement faire l'objet d'un recours contentieux dans un d\u00e9lai de deux mois \u00e0 compter de sa  \nnotification aupr\u00e8s du tribunal administratif de Toulon.\nDirection d\u00e9partementale de l'emploi, du travail et des solidarit\u00e9s du Var - 83-2026-03-10-00010 - R\u00e9c\u00e9piss\u00e9 de d\u00e9claration\nd'un organisme de services \u00e0 la personne\nenregistr\u00e9 sous le N\u00b0 SAP851603241\n47\nLe tribunal administratif peut aussi \u00eatre saisi par l'application informatique \u00ab T\u00e9l\u00e9recours citoyen \u00bb  \naccessible sur le site internet  http://www.telerecours.fr/\nEn cas de rejet du recours gracieux ou hi\u00e9rarchique ou en l'absence de r\u00e9ponse \u00e0 ce recours (rejet  \nimplicite), un recours contentieux devant le tribunal administratif de Toulon peut \u00e9galement \u00eatre  \nform\u00e9 contre la d\u00e9cision initiale dans un d\u00e9lai de deux mois \u00e0 compter de ce rejet. \nPour le Pr\u00e9fet et par d\u00e9l\u00e9gation\nPour le Directeur d\u00e9partemental de l'emploi, \ndu travail et des solidarit\u00e9s du Var \nL'adjointe \u00e0 la cheffe du service accompagnement\ndes entreprises et d\u00e9veloppement des territoires\nSign\u00e9 : Coralie PHILIP-MONGE \nFait \u00e0 CS 31209 - 83070 TOULON Cedex, le 10/03/26\nDDETS du Var \nDirection d\u00e9partementale de l'emploi, du travail et des solidarit\u00e9s du Var - 83-2026-03-10-00010 - R\u00e9c\u00e9piss\u00e9 de d\u00e9claration\nd'un organisme de services \u00e0 la personne\nenregistr\u00e9 sous le N\u00b0 SAP851603241\n48\nDirection d\u00e9partementale de l'emploi, du travail\net des solidarit\u00e9s du Var\n83-2026-01-22-00005\nR\u00e9c\u00e9piss\u00e9 de d\u00e9claration\nd'un organisme de services \u00e0 la personne\nenregistr\u00e9 sous le N\u00b0 SAP920978137\nDirection d\u00e9partementale de l'emploi, du travail et des solidarit\u00e9s du Var - 83-2026-01-22-00005 - R\u00e9c\u00e9piss\u00e9 de d\u00e9claration\nd'un organisme de services \u00e0 la personne\nenregistr\u00e9 sous le N\u00b0 SAP920978137\n49\nEX >\u2014\"4Libert\u00e9 + \u00c9galit\u00e9 + Fraternit\u00e9R\u00c9PUBLIQUE FRAN\u00c7AISE\nR\u00e9c\u00e9piss\u00e9 de d\u00e9claration\nd'un organisme de services \u00e0 la personne\nenregistr\u00e9 sous le N\u00b0 SAP920978137\nVu le code du travail et notamment les articles L.7231-1 \u00e0 L.7233-2, R.7232-16 \u00e0 R.7232-22, D.7231-1 et \nD.7233-1 \u00e0 D.7233-5 ; \nVu la demande de d\u00e9claration d\u00e9pos\u00e9e par l'organisme seb-service-83, 150 chemin des peireguins \n83390 Cuers, le 22/01/26 ;\nLe pr\u00e9fet du Var\nConstate : \nQu'une d\u00e9claration d'activit\u00e9s de services \u00e0 la personne a \u00e9t\u00e9 d\u00e9pos\u00e9e aupr\u00e8s du service instructeur  \ndu Var , le 22/01/26 par M. Fergola sebastien en qualit\u00e9 de dirigeant(e), pour l'organisme seb-service-\n83 dont l'\u00e9tablissement principal est situ\u00e9 150 chemin des peireguins 83390 Cuers et enregistr\u00e9 sous  \nle N\u00b0 SAP920978137 pour les activit\u00e9s suivantes :\n  \u2022   Entretien de la maison et travaux m\u00e9nagers (mode d'intervention Prestataire)\n  \u2022   Petits travaux de jardinage (mode d'intervention Prestataire)\n  \u2022   Travaux de petit bricolage (mode d'intervention Prestataire)\nToute  modification  concernant  les  activit\u00e9s  exerc\u00e9es  devra  faire  l'objet  d'une  d\u00e9claration  \nmodificative pr\u00e9alable.\nSous r\u00e9serve d'\u00eatre exerc\u00e9es \u00e0 titre exclusif (ou sous r\u00e9serve d'une comptabilit\u00e9 s\u00e9par\u00e9e pour les  \npersonnes  morales  dispens\u00e9es  de  cette  condition),  ces  activit\u00e9s  ouvrent  droit  au  b\u00e9n\u00e9fice  des  \ndispositions des articles L. 7233-2 du code du travail et L.241-10 du code de la s\u00e9curit\u00e9 sociale dans  \nles conditions pr\u00e9vues par ces articles.\nLes effets de la d\u00e9claration courent \u00e0 compter du jour du d\u00e9p\u00f4t de la d\u00e9claration sous r\u00e9serve des  \ndispositions de l'article R.7232-18 du code du travail. Le pr\u00e9sent r\u00e9c\u00e9piss\u00e9 n'est pas limit\u00e9 dans le  \ntemps. La d\u00e9claration a une port\u00e9e nationale.\nL'enregistrement de la d\u00e9claration peut \u00eatre retir\u00e9 dans les conditions fix\u00e9es aux articles R.7232-\n20 \u00e0 R.7232-22 du code du travail.\nLe pr\u00e9sent r\u00e9c\u00e9piss\u00e9 sera publi\u00e9 au recueil des actes administratifs de la pr\u00e9fecture.\nLe pr\u00e9sent r\u00e9c\u00e9piss\u00e9 peut, \u00e0 compter de sa notification, faire l'objet d'un recours gracieux aupr\u00e8s  \nservice instructeur du Var ou d'un recours hi\u00e9rarchique adress\u00e9 au ministre charg\u00e9 de l'\u00e9conomie -  \nDirection g\u00e9n\u00e9rale des entreprises \u2013 sous-direction des services marchands, 61 Boulevard Vincent  \nAuriol, 75703 PARIS CEDEX 13.\nIl peut \u00e9galement faire l'objet d'un recours contentieux dans un d\u00e9lai de deux mois \u00e0 compter de sa  \nnotification aupr\u00e8s du tribunal administratif de Toulon.\nLe tribunal administratif peut aussi \u00eatre saisi par l'application informatique \u00ab T\u00e9l\u00e9recours citoyen \u00bb  \naccessible sur le site internet  http://www.telerecours.fr/\nEn cas de rejet du recours gracieux ou hi\u00e9rarchique ou en l'absence de r\u00e9ponse \u00e0 ce recours (rejet  \nimplicite), un recours contentieux devant le tribunal administratif de Toulon peut \u00e9galement \u00eatre  \nform\u00e9 contre la d\u00e9cision initiale dans un d\u00e9lai de deux mois \u00e0 compter de ce rejet. \nPour le Pr\u00e9fet et par d\u00e9l\u00e9gation\nPour la directrice d\u00e9partementale de l'emploi,\n du travail et des solidarit\u00e9s du Var\n La cheffe du service accompagnement des entreprises\n et d\u00e9veloppement des territoires\n sign\u00e9 : S\u00e9verine LARDERET \nFait \u00e0 CS 31209 - 83070 TOULON Cedex, le 22/01/26 \nDDETS du Var \nDirection d\u00e9partementale de l'emploi, du travail et des solidarit\u00e9s du Var - 83-2026-01-22-00005 - R\u00e9c\u00e9piss\u00e9 de d\u00e9claration\nd'un organisme de services \u00e0 la personne\nenregistr\u00e9 sous le N\u00b0 SAP920978137\n50\nDirection d\u00e9partementale de l'emploi, du travail\net des solidarit\u00e9s du Var\n83-2026-03-11-00028\nR\u00e9c\u00e9piss\u00e9 de d\u00e9claration\nd'un organisme de services \u00e0 la personne\nenregistr\u00e9 sous le N\u00b0 SAP948912316\nDirection d\u00e9partementale de l'emploi, du travail et des solidarit\u00e9s du Var - 83-2026-03-11-00028 - R\u00e9c\u00e9piss\u00e9 de d\u00e9claration\nd'un organisme de services \u00e0 la personne\nenregistr\u00e9 sous le N\u00b0 SAP948912316\n51\nEX F=\u00c0Libert\u00e9 + \u00c9galit\u00e9 + Fraternit\u00e9R\u00c9PUBLIQUE FRAN\u00c7AISE\nR\u00e9c\u00e9piss\u00e9 de d\u00e9claration\nd'un organisme de services \u00e0 la personne\nenregistr\u00e9 sous le N\u00b0 SAP948912316\nVu le code du travail et notamment les articles L.7231-1 \u00e0 L.7233-2, R.7232-16 \u00e0 R.7232-22, D.7231-1 et \nD.7233-1 \u00e0 D.7233-5 ; \nVu la demande de d\u00e9claration d\u00e9pos\u00e9e par l'organisme chezlulu83, 5 RUE EUGENE GARNIER  \n83340 LE LUC, le 11/03/26 ;\nLe pr\u00e9fet du Var\nConstate : \nQu'une d\u00e9claration d'activit\u00e9s de services \u00e0 la personne a \u00e9t\u00e9 d\u00e9pos\u00e9e aupr\u00e8s du service instructeur  \ndu Var , le 11/03/26 par Mme. CAULET LUCIE en qualit\u00e9 de dirigeant(e), pour l'organisme chezlulu83  \ndont l'\u00e9tablissement principal est situ\u00e9 5 RUE EUGENE GARNIER 83340 LE LUC et enregistr\u00e9 sous le  \nN\u00b0 SAP948912316 pour les activit\u00e9s suivantes :\n  \u2022   Entretien de la maison et travaux m\u00e9nagers (mode d'intervention Prestataire)\nToute  modification  concernant  les  activit\u00e9s  exerc\u00e9es  devra  faire  l'objet  d'une  d\u00e9claration  \nmodificative pr\u00e9alable.\nSous r\u00e9serve d'\u00eatre exerc\u00e9es \u00e0 titre exclusif (ou sous r\u00e9serve d'une comptabilit\u00e9 s\u00e9par\u00e9e pour les  \npersonnes  morales  dispens\u00e9es  de  cette  condition),  ces  activit\u00e9s  ouvrent  droit  au  b\u00e9n\u00e9fice  des  \ndispositions des articles L. 7233-2 du code du travail et L.241-10 du code de la s\u00e9curit\u00e9 sociale dans  \nles conditions pr\u00e9vues par ces articles.\nLes effets de la d\u00e9claration courent \u00e0 compter du jour du d\u00e9p\u00f4t de la d\u00e9claration sous r\u00e9serve des  \ndispositions de l'article R.7232-18 du code du travail. Le pr\u00e9sent r\u00e9c\u00e9piss\u00e9 n'est pas limit\u00e9 dans le  \ntemps. La d\u00e9claration a une port\u00e9e nationale.\nL'enregistrement de la d\u00e9claration peut \u00eatre retir\u00e9 dans les conditions fix\u00e9es aux articles R.7232-\n20 \u00e0 R.7232-22 du code du travail.\nLe pr\u00e9sent r\u00e9c\u00e9piss\u00e9 sera publi\u00e9 au recueil des actes administratifs de la pr\u00e9fecture.\nLe pr\u00e9sent r\u00e9c\u00e9piss\u00e9 peut, \u00e0 compter de sa notification, faire l'objet d'un recours gracieux aupr\u00e8s  \nservice instructeur du Var ou d'un recours hi\u00e9rarchique adress\u00e9 au ministre charg\u00e9 de l'\u00e9conomie -  \nDirection g\u00e9n\u00e9rale des entreprises \u2013 sous-direction des services marchands, 61 Boulevard Vincent  \nAuriol, 75703 PARIS CEDEX 13.\nIl peut \u00e9galement faire l'objet d'un recours contentieux dans un d\u00e9lai de deux mois \u00e0 compter de sa  \nnotification aupr\u00e8s du tribunal administratif de Toulon.\nLe tribunal administratif peut aussi \u00eatre saisi par l'application informatique \u00ab T\u00e9l\u00e9recours citoyen \u00bb  \naccessible sur le site internet  http://www.telerecours.fr/\nEn cas de rejet du recours gracieux ou hi\u00e9rarchique ou en l'absence de r\u00e9ponse \u00e0 ce recours (rejet  \nimplicite), un recours contentieux devant le tribunal administratif de Toulon peut \u00e9galement \u00eatre  \nform\u00e9 contre la d\u00e9cision initiale dans un d\u00e9lai de deux mois \u00e0 compter de ce rejet. \nPour le Pr\u00e9fet et par d\u00e9l\u00e9gation \nPour la directrice d\u00e9partementale de l'emploi, \ndu travail et des solidarit\u00e9s du Var\nLa cheffe du service accompagnement des entreprises\n et d\u00e9veloppement des territoires \nsign\u00e9 : S\u00e9verine LARDERET\nFait \u00e0 CS 31209 - 83070 TOULON Cedex, le 11/03/26 \nDDETS du Var \nDirection d\u00e9partementale de l'emploi, du travail et des solidarit\u00e9s du Var - 83-2026-03-11-00028 - R\u00e9c\u00e9piss\u00e9 de d\u00e9claration\nd'un organisme de services \u00e0 la personne\nenregistr\u00e9 sous le N\u00b0 SAP948912316\n52\nDirection d\u00e9partementale de l'emploi, du travail\net des solidarit\u00e9s du Var\n83-2026-03-07-00002\nR\u00e9c\u00e9piss\u00e9 de d\u00e9claration\nd'un organisme de services \u00e0 la personne\nenregistr\u00e9 sous le N\u00b0 SAP988703955\nDirection d\u00e9partementale de l'emploi, du travail et des solidarit\u00e9s du Var - 83-2026-03-07-00002 - R\u00e9c\u00e9piss\u00e9 de d\u00e9claration\nd'un organisme de services \u00e0 la personne\nenregistr\u00e9 sous le N\u00b0 SAP988703955\n53\nPF4Libert\u00e9 + \u00c9galit\u00e9 + Fraternit\u00e9R\u00c9PUBLIQUE FRAN\u00c7AISE\nR\u00e9c\u00e9piss\u00e9 de d\u00e9claration\nd'un organisme de services \u00e0 la personne\nenregistr\u00e9 sous le N\u00b0 SAP988703955\nVu le code du travail et notamment les articles L.7231-1 \u00e0 L.7233-2, R.7232-16 \u00e0 R.7232-22, D.7231-1 et \nD.7233-1 \u00e0 D.7233-5 ; \nVu la demande de d\u00e9claration d\u00e9pos\u00e9e par l'organisme , 7 Rue Victor Hugo  83140 SIX-FOURS-\nLES-PLAGES, le 07/03/26 ;\nLe pr\u00e9fet du Var\nConstate : \nQu'une d\u00e9claration d'activit\u00e9s de services \u00e0 la personne a \u00e9t\u00e9 d\u00e9pos\u00e9e aupr\u00e8s du service instructeur  \ndu Var , le 07/03/26 par M. FROMENT NICOLAS en qualit\u00e9 de dirigeant(e), pour l'organisme  dont  \nl'\u00e9tablissement principal est situ\u00e9 7 Rue Victor Hugo - 83140 SIX-FOURS-LES-PLAGES et enregistr\u00e9  \nsous le N\u00b0 SAP988703955 pour les activit\u00e9s suivantes :\n  \u2022   Petits travaux de jardinage (mode d'intervention Prestataire)\n  \u2022   Travaux de petit bricolage (mode d'intervention Prestataire)\nToute  modification  concernant  les  activit\u00e9s  exerc\u00e9es  devra  faire  l'objet  d'une  d\u00e9claration  \nmodificative pr\u00e9alable.\nSous r\u00e9serve d'\u00eatre exerc\u00e9es \u00e0 titre exclusif (ou sous r\u00e9serve d'une comptabilit\u00e9 s\u00e9par\u00e9e pour les  \npersonnes  morales  dispens\u00e9es  de  cette  condition),  ces  activit\u00e9s  ouvrent  droit  au  b\u00e9n\u00e9fice  des  \ndispositions des articles L. 7233-2 du code du travail et L.241-10 du code de la s\u00e9curit\u00e9 sociale dans  \nles conditions pr\u00e9vues par ces articles.\nLes effets de la d\u00e9claration courent \u00e0 compter du jour du d\u00e9p\u00f4t de la d\u00e9claration sous r\u00e9serve des  \ndispositions de l'article R.7232-18 du code du travail. Le pr\u00e9sent r\u00e9c\u00e9piss\u00e9 n'est pas limit\u00e9 dans le  \ntemps. La d\u00e9claration a une port\u00e9e nationale.\nL'enregistrement de la d\u00e9claration peut \u00eatre retir\u00e9 dans les conditions fix\u00e9es aux articles R.7232-\n20 \u00e0 R.7232-22 du code du travail.\nLe pr\u00e9sent r\u00e9c\u00e9piss\u00e9 sera publi\u00e9 au recueil des actes administratifs de la pr\u00e9fecture.\nLe pr\u00e9sent r\u00e9c\u00e9piss\u00e9 peut, \u00e0 compter de sa notification, faire l'objet d'un recours gracieux aupr\u00e8s  \nservice instructeur du Var ou d'un recours hi\u00e9rarchique adress\u00e9 au ministre charg\u00e9 de l'\u00e9conomie -  \nDirection g\u00e9n\u00e9rale des entreprises \u2013 sous-direction des services marchands, 61 Boulevard Vincent  \nAuriol, 75703 PARIS CEDEX 13.\nIl peut \u00e9galement faire l'objet d'un recours contentieux dans un d\u00e9lai de deux mois \u00e0 compter de sa  \nnotification aupr\u00e8s du tribunal administratif de Toulon.\nLe tribunal administratif peut aussi \u00eatre saisi par l'application informatique \u00ab T\u00e9l\u00e9recours citoyen \u00bb  \naccessible sur le site internet  http://www.telerecours.fr/\nEn cas de rejet du recours gracieux ou hi\u00e9rarchique ou en l'absence de r\u00e9ponse \u00e0 ce recours (rejet  \nimplicite), un recours contentieux devant le tribunal administratif de Toulon peut \u00e9galement \u00eatre  \nform\u00e9 contre la d\u00e9cision initiale dans un d\u00e9lai de deux mois \u00e0 compter de ce rejet. \nPour le Pr\u00e9fet et par d\u00e9l\u00e9gation \nPour la directrice d\u00e9partementale de l'emploi, \ndu travail et des solidarit\u00e9s du Var\nLa cheffe du service accompagnement des entreprises\n et d\u00e9veloppement des territoires \nsign\u00e9 : S\u00e9verine LARDERET\nFait \u00e0 CS 31209 - 83070 TOULON Cedex, le 07/03/26 \nDDETS du Var \nDirection d\u00e9partementale de l'emploi, du travail et des solidarit\u00e9s du Var - 83-2026-03-07-00002 - R\u00e9c\u00e9piss\u00e9 de d\u00e9claration\nd'un organisme de services \u00e0 la personne\nenregistr\u00e9 sous le N\u00b0 SAP988703955\n54\nDirection d\u00e9partementale de l'emploi, du travail\net des solidarit\u00e9s du Var\n83-2026-01-29-00008\nR\u00e9c\u00e9piss\u00e9 de d\u00e9claration\nd'un organisme de services \u00e0 la personne\nenregistr\u00e9 sous le N\u00b0 SAP995313012\nDirection d\u00e9partementale de l'emploi, du travail et des solidarit\u00e9s du Var - 83-2026-01-29-00008 - R\u00e9c\u00e9piss\u00e9 de d\u00e9claration\nd'un organisme de services \u00e0 la personne\nenregistr\u00e9 sous le N\u00b0 SAP995313012\n55\nPF4Libert\u00e9 + \u00c9galit\u00e9 + Fraternit\u00e9R\u00c9PUBLIQUE FRAN\u00c7AISE\nR\u00e9c\u00e9piss\u00e9 de d\u00e9claration\nd'un organisme de services \u00e0 la personne\nenregistr\u00e9 sous le N\u00b0 SAP995313012\nVu le code du travail et notamment les articles L.7231-1 \u00e0 L.7233-2, R.7232-16 \u00e0 R.7232-22, D.7231-1 et \nD.7233-1 \u00e0 D.7233-5 ; \nVu la demande de d\u00e9claration d\u00e9pos\u00e9e par l'organisme , 290 AVENUE ROBESPIERRE 83130 LA \nGARDE, le 29/01/26 ;\nLe pr\u00e9fet du Var\nConstate : \nQu'une d\u00e9claration d'activit\u00e9s de services \u00e0 la personne a \u00e9t\u00e9 d\u00e9pos\u00e9e aupr\u00e8s du service instructeur  \ndu  Var  ,  le  29/01/26  par  M.  KAIOUN  L\u00e9on  en  qualit\u00e9  de  dirigeant(e),  pour  l'organisme   dont  \nl'\u00e9tablissement principal est situ\u00e9 290 AVENUE ROBESPIERRE 83130 LA GARDE et enregistr\u00e9 sous le  \nN\u00b0 SAP995313012 pour les activit\u00e9s suivantes :\n  \u2022   Entretien de la maison et travaux m\u00e9nagers (mode d'intervention Mandataire)\n  \u2022   Pr\u00e9paration de repas \u00e0 domicile (mode d'intervention Mandataire)\n  \u2022   Livraison de repas \u00e0 domicile (mode d'intervention Mandataire)\n  \u2022   Collecte et livraison \u00e0 domicile de linge repass\u00e9 (mode d'intervention Mandataire)\n  \u2022   Livraison de courses \u00e0 domicile (mode d'intervention Mandataire)\n  \u2022   Soins et promenade(s) d'animaux pour personnes d\u00e9pendantes (mode d'intervention Mandataire)\n  \u2022   Conduite du v\u00e9hicule des personnes en cas d'invalidit\u00e9 temporaire (mode d'intervention \nMandataire)\n  \u2022   Accompagnement des personnes pr\u00e9sentant une invalidit\u00e9 temporaire (mode d'intervention \nMandataire)\n  \u2022   Assistance aux personnes ayant besoin d'une aide temporaire \u00e0 leur domicile (mode \nd'intervention Mandataire)\nToute  modification  concernant  les  activit\u00e9s  exerc\u00e9es  devra  faire  l'objet  d'une  d\u00e9claration  \nmodificative pr\u00e9alable.\nSous r\u00e9serve d'\u00eatre exerc\u00e9es \u00e0 titre exclusif (ou sous r\u00e9serve d'une comptabilit\u00e9 s\u00e9par\u00e9e pour les  \npersonnes  morales  dispens\u00e9es  de  cette  condition),  ces  activit\u00e9s  ouvrent  droit  au  b\u00e9n\u00e9fice  des  \ndispositions des articles L. 7233-2 du code du travail et L.241-10 du code de la s\u00e9curit\u00e9 sociale dans  \nles conditions pr\u00e9vues par ces articles.\nLes effets de la d\u00e9claration courent \u00e0 compter du jour du d\u00e9p\u00f4t de la d\u00e9claration sous r\u00e9serve des  \ndispositions de l'article R.7232-18 du code du travail. Le pr\u00e9sent r\u00e9c\u00e9piss\u00e9 n'est pas limit\u00e9 dans le  \ntemps. La d\u00e9claration a une port\u00e9e nationale.\nL'enregistrement de la d\u00e9claration peut \u00eatre retir\u00e9 dans les conditions fix\u00e9es aux articles R.7232-\n20 \u00e0 R.7232-22 du code du travail.\nLe pr\u00e9sent r\u00e9c\u00e9piss\u00e9 sera publi\u00e9 au recueil des actes administratifs de la pr\u00e9fecture.\nLe pr\u00e9sent r\u00e9c\u00e9piss\u00e9 peut, \u00e0 compter de sa notification, faire l'objet d'un recours gracieux aupr\u00e8s  \nservice instructeur du Var ou d'un recours hi\u00e9rarchique adress\u00e9 au ministre charg\u00e9 de l'\u00e9conomie -  \nDirection g\u00e9n\u00e9rale des entreprises \u2013 sous-direction des services marchands, 61 Boulevard Vincent  \nAuriol, 75703 PARIS CEDEX 13.\nIl peut \u00e9galement faire l'objet d'un recours contentieux dans un d\u00e9lai de deux mois \u00e0 compter de sa  \nnotification aupr\u00e8s du tribunal administratif de Toulon.\nDirection d\u00e9partementale de l'emploi, du travail et des solidarit\u00e9s du Var - 83-2026-01-29-00008 - R\u00e9c\u00e9piss\u00e9 de d\u00e9claration\nd'un organisme de services \u00e0 la personne\nenregistr\u00e9 sous le N\u00b0 SAP995313012\n56\nLe tribunal administratif peut aussi \u00eatre saisi par l'application informatique \u00ab T\u00e9l\u00e9recours citoyen \u00bb  \naccessible sur le site internet  http://www.telerecours.fr/\nEn cas de rejet du recours gracieux ou hi\u00e9rarchique ou en l'absence de r\u00e9ponse \u00e0 ce recours (rejet  \nimplicite), un recours contentieux devant le tribunal administratif de Toulon peut \u00e9galement \u00eatre  \nform\u00e9 contre la d\u00e9cision initiale dans un d\u00e9lai de deux mois \u00e0 compter de ce rejet. \nPour le Pr\u00e9fet et par d\u00e9l\u00e9gation \nPour la directrice d\u00e9partementale de l'emploi, \ndu travail et des solidarit\u00e9s du Var\nLa cheffe du service accompagnement des entreprises\n et d\u00e9veloppement des territoires \nsign\u00e9 : S\u00e9verine LARDERET\nFait \u00e0 CS 31209 - 83070 TOULON Cedex, le 29/01/26 \nDDETS du Var \nDirection d\u00e9partementale de l'emploi, du travail et des solidarit\u00e9s du Var - 83-2026-01-29-00008 - R\u00e9c\u00e9piss\u00e9 de d\u00e9claration\nd'un organisme de services \u00e0 la personne\nenregistr\u00e9 sous le N\u00b0 SAP995313012\n57\nPr\u00e9fecture du VAR\n83-2026-03-23-00009\nARR\u00caT\u00c9 n\u00b0 DCL/BERG/2026/100 du 23 mars 2026\nportant agr\u00e9ment de la SAS \u00ab\u00a0IRFOP\nPROVENCE\u00a0\u00bb, sise \u00e0 La Valette-du-Var (83160),\npour exercer l'activit\u00e9 de domiciliation\nd'entreprises.\nPr\u00e9fecture du VAR - 83-2026-03-23-00009 - ARR\u00caT\u00c9 n\u00b0 DCL/BERG/2026/100 du 23 mars 2026 portant agr\u00e9ment de la SAS \u00ab\u00a0IRFOP\nPROVENCE\u00a0\u00bb, sise \u00e0 La Valette-du-Var (83160), pour exercer l'activit\u00e9 de domiciliation d'entreprises. 58\n=mPREFETDU VARLibert\u00e9Egalit\u00e9Fraternit\u00e9\nDirection de la citoyennet\u00e9 et de la l\u00e9galit\u00e9\nBureau des \u00e9lections et de la r\u00e9glementation g\u00e9n\u00e9rale\nARR\u00caT\u00c9 n\u00b0 DCL/BERG/2026/100 du 23 mars 2026\nportant agr\u00e9ment de la SAS \u00ab IRFOP PROVENCE \u00bb,\nsise \u00e0 La Valette-du-Var (83160), pour exercer l'activit\u00e9 de domiciliation d'entreprises.\nLe Pr\u00e9fet du Var,\nVu le code de commerce, notamment ses articles L. 123-11-2 et suivants, et R. 123-166-1 et  \nsuivants ;\nVu le code mon\u00e9taire et financier, notamment ses articles L. 561-37 et suivants, et R. 561-39 et \nsuivants ;\nVu  le d\u00e9cret n\u00b0 2009-1535 du 10 d\u00e9cembre 2009 d\u00e9finissant les modalit\u00e9s de contr\u00f4le du  \nrespect  des  obligations  relatives  \u00e0  la  lutte  contre  le  blanchiment  de  capitaux  et  le  \nfinancement  du  terrorisme  par  les  personnes  mentionn\u00e9es  aux  8\u00b0,  9\u00b0  et  15\u00b0  de  l'article  \nL. 561-2 du code mon\u00e9taire et financier et relatif \u00e0 la commission nationale des sanctions ;\nVu le d\u00e9cret du Pr\u00e9sident de la R\u00e9publique du 15 mai 2025 portant nomination de Monsieur  \nSimon BABRE, pr\u00e9fet du Var ;\nVu l'arr\u00eat\u00e9 pr\u00e9fectoral n\u00b0 2025/12/MCI du 02 juin 2025 portant d\u00e9l\u00e9gation de signature \u00e0  \nMonsieur  Lucien  GIUDICELLI,  secr\u00e9taire  g\u00e9n\u00e9ral  de  la  pr\u00e9fecture  du  Var,  sous-pr\u00e9fet  de  \nl'arrondissement de Toulon ;\nVu l'arr\u00eat\u00e9 pr\u00e9fectoral n\u00b0 2026/10/MCI du 02 f\u00e9vrier 2026 portant d\u00e9l\u00e9gation de signature \u00e0  \nMadame Isabelle CATHERINEAU, directrice de la citoyennet\u00e9 et de la l\u00e9galit\u00e9 de la pr\u00e9fecture \ndu Var ;\nVu la demande re\u00e7ue \u00e0 la pr\u00e9fecture du Var le 11 mars 2026, par laquelle la  SAS \u00ab  IRFOP \nPROVENCE \u00bb, repr\u00e9sent\u00e9e par son pr\u00e9sident Monsieur Jean-Marc GUILLERM , et dont le si\u00e8ge  \nsocial est situ\u00e9  382 avenue du 11 novembre \u00e0 La Valette-du-Var  (83160), sollicite l'agr\u00e9ment  \nafin d'exercer l'activit\u00e9 de domiciliation d'entreprises ;\nConsid\u00e9rant que  la  demande  d'agr\u00e9ment  en  vue  d'exercer  l'activit\u00e9  de  domiciliation  \nd'entreprises susvis\u00e9e est conforme \u00e0 la r\u00e9glementation ;\nSur proposition du secr\u00e9taire g\u00e9n\u00e9ral de la pr\u00e9fecture du Var,\n1/2\nPr\u00e9fecture du VAR - 83-2026-03-23-00009 - ARR\u00caT\u00c9 n\u00b0 DCL/BERG/2026/100 du 23 mars 2026 portant agr\u00e9ment de la SAS \u00ab\u00a0IRFOP\nPROVENCE\u00a0\u00bb, sise \u00e0 La Valette-du-Var (83160), pour exercer l'activit\u00e9 de domiciliation d'entreprises. 59\nARR\u00caTE\nArticle 1  :  La  SAS   IRFOP PROVENCE  \u00bb, repr\u00e9sent\u00e9e par son pr\u00e9sident Monsieur Jean-Marc  \nGUILLERM, et dont le si\u00e8ge social est situ\u00e9 382 avenue du 11 novembre \u00e0 La Valette-du-Var  \n(83160), est agr\u00e9\u00e9e pour exercer l'activit\u00e9 de domiciliation d'entreprises.\nArticle 2  : Cet agr\u00e9ment est accord\u00e9,  pour une dur\u00e9e de six ans , \u00e0 compter de la  date de  \nnotification du pr\u00e9sent arr\u00eat\u00e9.\nArticle 3 : L'agr\u00e9ment porte le num\u00e9ro DE-83-2026-05.\nArticle 4  : Le titulaire de cet agr\u00e9ment devra respecter les obligations relatives \u00e0 la lutte  \ncontre le blanchiment des capitaux et le financement du terrorisme pr\u00e9vues aux parties  \nl\u00e9gislatives et r\u00e9glementaires du code mon\u00e9taire et financier.\nArticle 5  : Tout changement substantiel concernant les donn\u00e9es principales de la soci\u00e9t\u00e9  \nindiqu\u00e9es dans le dossier de demande d'agr\u00e9ment initial devra \u00eatre d\u00e9clar\u00e9, dans un d\u00e9lai de  \ndeux mois, par ladite soci\u00e9t\u00e9 \u00e0 la pr\u00e9fecture du Var.\nArticle 6  : Le secr\u00e9taire g\u00e9n\u00e9ral de la pr\u00e9fecture est charg\u00e9 de l'ex\u00e9cution du pr\u00e9sent arr\u00eat\u00e9  \nqui sera publi\u00e9 au recueil des actes administratifs de la pr\u00e9fecture du Var.\n     Fait \u00e0 Toulon, le 23 mars 2026\nPour le Pr\u00e9fet et par d\u00e9l\u00e9gation,\nla Directrice,\nSign\u00e9 : Isabelle CATHERINEAU\nDans un d\u00e9lai de deux mois \u00e0 compter de la date de notification du pr\u00e9sent arr\u00eat\u00e9, les recours suivants peuvent \u00eatre introduits \nconform\u00e9ment aux dispositions des articles R. 421-1 et suivants du code de justice administrative :\n- un recours gracieux, adress\u00e9 \u00e0 : M. le pr\u00e9fet du Var \u2013 Bd du 112\u00e8me r\u00e9giment d'infanterie- CS 31209 - 83070 TOULON CEDEX\nDans ce cas, le silence de l'administration vaut rejet implicite au terme d'un d\u00e9lai de deux mois.\nApr\u00e8s un recours gracieux ou hi\u00e9rarchique, le d\u00e9lai du recours contentieux ne court qu'\u00e0 compter du rejet explicite ou implicite \nde l'un des recours.\n- un recours contentieux, en saisissant le Tribunal Administratif de Toulon : 5 rue Racine -BP 40510 - 83 041 TOULON CEDEX 9\nLe tribunal administratif peut \u00eatre saisi par l'application informatique \u00ab  T\u00e9l\u00e9recours citoyens \u00bb accessible par le site internet  \n\u00ab www.telerecours.fr \u00bb.\n2/2\nPr\u00e9fecture du VAR - 83-2026-03-23-00009 - ARR\u00caT\u00c9 n\u00b0 DCL/BERG/2026/100 du 23 mars 2026 portant agr\u00e9ment de la SAS \u00ab\u00a0IRFOP\nPROVENCE\u00a0\u00bb, sise \u00e0 La Valette-du-Var (83160), pour exercer l'activit\u00e9 de domiciliation d'entreprises. 60\nPr\u00e9fecture du VAR\n83-2026-03-30-00003\nARR\u00caT\u00c9 PR\u00c9FECTORAL n\u00b0 DCL/BERG/2026/0063\ndu 30mars 2026 portant renouvellement\nd'habilitation de l'\u00e9tablissement \u00ab POMPES\nFUN\u00c8BRES PIANETTI \u00bb\nboulevard Kennedy - 83300 DRAGUIGNAN g\u00e9r\u00e9\npar la SAS \u00ab FUNECAP SUD-EST \u00bb Habilitation N\u00b0\n26-83-0154\nPr\u00e9fecture du VAR - 83-2026-03-30-00003 - ARR\u00caT\u00c9 PR\u00c9FECTORAL n\u00b0 DCL/BERG/2026/0063 du 30mars 2026 portant renouvellement\nd'habilitation de l'\u00e9tablissement \u00ab POMPES FUN\u00c8BRES PIANETTI \u00bb\nboulevard Kennedy - 83300 DRAGUIGNAN g\u00e9r\u00e9 par la SAS \u00ab FUNECAP SUD-EST \u00bb Habilitation N\u00b0 26-83-0154\n61\n=mPREFETDU VARLibert\u00e9Egalit\u00e9Fraternit\u00e9\nDirection de la citoyennet\u00e9 et de la l\u00e9galit\u00e9\nBureau des \u00e9lections et de la r\u00e9glementation g\u00e9n\u00e9rale\nARR\u00caT\u00c9 PR\u00c9FECTORAL n\u00b0 DCL/BERG/2026/0063 du 30mars 2026\nportant renouvellement d'habilitation de l'\u00e9tablissement\n\u00ab POMPES FUN\u00c8BRES PIANETTI \u00bb\nboulevard Kennedy \u2013 83300 DRAGUIGNAN\ng\u00e9r\u00e9 par la SAS \u00ab FUNECAP SUD-EST \u00bb\nHabilitation N\u00b0 26-83-0154\nLe Pr\u00e9fet du Var,\nVu le code g\u00e9n\u00e9ral des collectivit\u00e9s territoriales  et notamment ses articles L2223-19, L2223-23 \net suivants ;\nVu la loi n\u00b0 2008-1350 du 19 d\u00e9cembre 2008 relative \u00e0 la l\u00e9gislation fun\u00e9raire ;\nVu le d\u00e9cret du Pr\u00e9sident de la R\u00e9publique du 15 mai 2025, portant nomination de Monsieur  \nSimon BABRE, pr\u00e9fet du Var ;\nVu  l'arr\u00eat\u00e9  pr\u00e9fectoral  n\u00b0  2025/12/MCI  du  2  juin  2025  portant  d\u00e9l\u00e9gation  de  signature  \u00e0 \nMonsieur  Lucien  GIUDICELLI,  secr\u00e9taire  g\u00e9n\u00e9ral  de  la  pr\u00e9fecture  du  Var,  sous-pr\u00e9fet  de  \nl'arrondissement de Toulon ;\nVu l'arr\u00eat\u00e9 pr\u00e9fectoral n\u00b0 2026/10/MCI du 02 f\u00e9vrier 2026 portant d\u00e9l\u00e9gation de signature \u00e0 \nMadame Isabelle CATH\u00c9RINEAU, directrice de la citoyennet\u00e9 et de la l\u00e9galit\u00e9 de la pr\u00e9fecture \ndu Var ;\nVu  l'arr\u00eat\u00e9  pr\u00e9fectoral  n\u00b0  DCL/BERG/2020/60  du  7  f\u00e9vrier  2020,  portant  renouvellement  \nd'habilitation dans le domaine fun\u00e9raire de l'\u00e9tablissement secondaire \u00ab  POMPES FUN\u00c8BRES \nPIANETTI \u00bb sis boulevard Kennedy \u00e0 Draguignan (83300) ;\nVu  la  demande  du  19  janvier  2026  de  renouvellement  d'habilitation  de  l'\u00e9tablissement  \n\u00ab POMPES FUN\u00c8BRES PIANETTI  \u00bb sis boulevard Kennedy \u00e0 Draguignan (83300) , formul\u00e9e par \nMonsieur Pascal FERRERO, directeur ex\u00e9cutif \u2013 p\u00f4le PACA EST de la SAS  \u00ab FUNECAP SUD-\nEST \u00bb dont le si\u00e8ge est situ\u00e9 rue du Souvenir Fran\u00e7ais, quartier Saint-Roch \u00e0 Cuers (83390);\nConsid\u00e9rant la compl\u00e9tude du dossier ;\nSur proposition du secr\u00e9taire g\u00e9n\u00e9ral de la pr\u00e9fecture ;\nARR\u00caTE\nArticle  1  :  L '\u00e9tablissement\u00ab POMPES  FUN\u00c8BRES  PIANETTI  \u00bb sis  boulevard  Kennedy  \u00e0  \nDraguignan (83300) , g\u00e9r\u00e9 par la SAS  \u00ab FUNECAP SUD-EST  \u00bb dont le si\u00e8ge est situ\u00e9 rue du  \nSouvenir Fran\u00e7ais, quartier Saint-Roch \u00e0 Cuers (83390), repr\u00e9sent\u00e9 par son directeur ex\u00e9cutif  \n\u2013 p\u00f4le PACA-EST, Monsieur Pascal FERRERO, est habilit\u00e9 pour exercer les activit\u00e9s suivantes :\n1 - Transport de corps avant et apr\u00e8s mise en bi\u00e8re,\n2 - Organisation des obs\u00e8ques,\n1/2\nPr\u00e9fecture du VAR - 83-2026-03-30-00003 - ARR\u00caT\u00c9 PR\u00c9FECTORAL n\u00b0 DCL/BERG/2026/0063 du 30mars 2026 portant renouvellement\nd'habilitation de l'\u00e9tablissement \u00ab POMPES FUN\u00c8BRES PIANETTI \u00bb\nboulevard Kennedy - 83300 DRAGUIGNAN g\u00e9r\u00e9 par la SAS \u00ab FUNECAP SUD-EST \u00bb Habilitation N\u00b0 26-83-0154\n62\n3 - Soins de con servation, en sous-traitance avec l'\u00e9tablissement \u00ab  AMV Thanato  \u00bb, sis 380  \navenue de Fabron \u2013 La Couronne de Fabron \u00e0 Nice (06200), habilit\u00e9 sous le num\u00e9ro 23-06-\n0280,\n4 - Fourniture des housses, cercueils et accessoires int\u00e9rieurs et ext\u00e9rieurs ainsi que des urnes\ncin\u00e9raires,\n7 - Fourniture des corbillards et voitures de deuil, list\u00e9s en annexe du pr\u00e9sent arr\u00eat\u00e9,\n8 - Fourniture de personnel et des objets et prestations n\u00e9cessaires aux obs\u00e8ques, inhumations,  \nexhumations et cr\u00e9mations.\nArticle 2     : L'habilitation porte le num\u00e9ro 26-83-0154.\nArticle 3     : La pr\u00e9sente habilitation est accord\u00e9e pour une dur\u00e9e de cinq ans \u00e0 compter du 30 mars \n2026, et jusqu'au 29 mars 2031 inclus.\nPour solliciter le renouvellement de la pr\u00e9sente habilitation, le b\u00e9n\u00e9ficiaire devra faire parvenir sa  \ndemande en pr\u00e9fecture au plus tard deux mois avant sa date de fin de validit\u00e9.\nArticle 4     : Conform\u00e9ment aux articles L.2223-25 et R.2223-64 du code g\u00e9n\u00e9ral des collectivit\u00e9s  \nterritoriales, et \u00e0 d\u00e9faut de la production, dans les meilleurs d\u00e9lais, des justificatifs de conformit\u00e9  \ndes \u00e9quipements, la pr\u00e9sente habilitation pourra \u00eatre suspendue pour une dur\u00e9e maximale d'un  \nan ou retir\u00e9e, apr\u00e8s mise en demeure, pour les motifs suivants :\n- non-respect des conditions de sa d\u00e9livrance telles qu'elles sont d\u00e9finies par les dispositions du  \ncode g\u00e9n\u00e9ral des collectivit\u00e9s territoriales ;\n- non exercice ou cessation d'exercice des activit\u00e9s au titre desquelles elle a \u00e9t\u00e9 d\u00e9livr\u00e9e ;\n- atteinte \u00e0 l'ordre public ou danger pour la salubrit\u00e9 publique.\nDans les cas o\u00f9 le b\u00e9n\u00e9ficiaire est un d\u00e9l\u00e9gataire, le retrait d'habilitation entra\u00eene la d\u00e9ch\u00e9ance  \ndes d\u00e9l\u00e9gations.\nArticle 5     : Le secr\u00e9taire g\u00e9n\u00e9ral de la pr\u00e9fecture du Var est charg\u00e9 de l'ex\u00e9cution du pr\u00e9sent arr\u00eat\u00e9 \nqui sera publi\u00e9 au recueil des actes administratifs de la pr\u00e9fecture du Var et dont une copie sera  \nadress\u00e9e au maire de la commune de Draguignan pour information.\nFait \u00e0 Toulon, le 30 mars 2026\nPour le pr\u00e9fet et par d\u00e9l\u00e9gation,\nLa Directrice,\nsign\u00e9\nIsabelle CATH\u00c9RINEAU\nDans un d\u00e9lai de deux mois \u00e0 compter de la date de la notification ou de la publication du pr\u00e9sent arr\u00eat\u00e9 au recueil des actes administratifs de la \npr\u00e9fecture, les recours suivants peuvent \u00eatre introduits conform\u00e9ment aux dispositions des articles R. 421-1 et suivants du code de justice \nadministrative :\n- un recours gracieux, adress\u00e9 \u00e0 :\nM. le Pr\u00e9fet du Var - Boulevard du 112\u00e8me r\u00e9giment d'infanterie - CS 31209 - 83070 TOULON CEDEX\n- un recours hi\u00e9rarchique, adress\u00e9 au(x) ministre(s) concern\u00e9(s) ;\nDans ces deux cas, le silence de l'Administration vaut rejet implicite au terme d'un d\u00e9lai de deux mois.\nApr\u00e8s un recours gracieux ou hi\u00e9rarchique, le d\u00e9lai du recours contentieux ne court qu'\u00e0 compter du rejet explicite ou implicite de l'un de ces \nrecours.\n- un recours contentieux, en saisissant le Tribunal Administratif de Toulon : 5 rue Racine -BP 40510 - 83 041 TOULON CEDEX 9\nLe tribunal administratif peut \u00eatre saisi par l'application informatique \u00ab T\u00e9l\u00e9cours \u00bb accessible par le site internet www.telecours.fr.\n2/2\nPr\u00e9fecture du VAR - 83-2026-03-30-00003 - ARR\u00caT\u00c9 PR\u00c9FECTORAL n\u00b0 DCL/BERG/2026/0063 du 30mars 2026 portant renouvellement\nd'habilitation de l'\u00e9tablissement \u00ab POMPES FUN\u00c8BRES PIANETTI \u00bb\nboulevard Kennedy - 83300 DRAGUIGNAN g\u00e9r\u00e9 par la SAS \u00ab FUNECAP SUD-EST \u00bb Habilitation N\u00b0 26-83-0154\n63\n| =PREFETDU VARLibert\u00e9Egalit\u00e9Fraternit\u00e9\nirection de la citoyennet\u00e9 et de la l\u00e9galit\u00e9\nBureau des \u00e9lections et de la r\u00e9glementation g\u00e9n\u00e9rale\nAnnexe \u00e0 l'arr\u00eat\u00e9 n\u00b0DCL/BERG/2026/0063 du 30 MARS 2026\nHabilitation n\u00b026-83-0154\nIdentification des v\u00e9hicules intervenant pour l'\u00e9tablissement :\nPOMPES FUN\u00c8BRES PIANETTI\ng\u00e9r\u00e9 par la SAS FUNECAP SUD-EST\nSis boulevard Kennedy \u2013 83300 DRAGUIGNAN\nTransport de corps avant et apr\u00e8s mise en bi\u00e8re\nFJ-978-QY\nFJ-425-QZ\nFC-340-ZV\nFK-761-XH\nFH-464-TL\nFW-329-XD\nHG-097-GL\nT\u00e9l : 04 94 18 83 83\nM\u00e9l : pref-funeraires@var.gouv.fr\nBd du 112\u00e8me R\u00e9giment d'Infanterie\nCS 31 209 - 83070 TOULON CEDEX\nPr\u00e9fecture du VAR - 83-2026-03-30-00003 - ARR\u00caT\u00c9 PR\u00c9FECTORAL n\u00b0 DCL/BERG/2026/0063 du 30mars 2026 portant renouvellement\nd'habilitation de l'\u00e9tablissement \u00ab POMPES FUN\u00c8BRES PIANETTI \u00bb\nboulevard Kennedy - 83300 DRAGUIGNAN g\u00e9r\u00e9 par la SAS \u00ab FUNECAP SUD-EST \u00bb Habilitation N\u00b0 26-83-0154\n64\nPr\u00e9fecture du VAR\n83-2026-03-23-00010\nARR\u00caT\u00c9 PR\u00c9FECTORAL n\u00b0 DCL/BERG/2026/99 du\n23 mars 2026 portant renouvellement\nd'agr\u00e9ment du centre de formation \u00ab\u00a08-C\u00a0\u00bb, sis\n153 rue Victor Hugo \u00e0 Puget-sur-Argens (83480),\nhabilit\u00e9 \u00e0 dispenser la formation initiale et\ncontinue des conducteurs de voiture de\ntransport avec chauffeur\nPr\u00e9fecture du VAR - 83-2026-03-23-00010 - ARR\u00caT\u00c9 PR\u00c9FECTORAL n\u00b0 DCL/BERG/2026/99 du 23 mars 2026 portant renouvellement\nd'agr\u00e9ment du centre de formation \u00ab\u00a08-C\u00a0\u00bb, sis 153 rue Victor Hugo \u00e0 Puget-sur-Argens (83480), habilit\u00e9 \u00e0 dispenser la formation\ninitiale et continue des conducteurs de voiture de transport avec chauffeur\n65\n=mPREFETDU VARLibert\u00e9Egalit\u00e9Fraternit\u00e9\nDirection de la citoyennet\u00e9 et de la l\u00e9galit\u00e9\nBureau des \u00e9lections et de la r\u00e9glementation g\u00e9n\u00e9rale\nARR\u00caT\u00c9 PR\u00c9FECTORAL n\u00b0 DCL/BERG/2026/99 du 23 mars 2026\nportant renouvellement d'agr\u00e9ment du centre de formation \u00ab 8-C \u00bb, sis 153 rue Victor Hugo \u00e0 \nPuget-sur-Argens (83480), habilit\u00e9 \u00e0 dispenser la formation initiale et continue des conducteurs \nde voiture de transport avec chauffeur\nLe Pr\u00e9fet du Var,\nVu le code des transports, et notamment ses articles R. 3120-8-2 et R. 3120-9 ;\nVu le d\u00e9cret du Pr\u00e9sident de la R\u00e9publique du 15 mai 2025 portant nomination de Monsieur Simon \nBABRE, pr\u00e9fet du Var ;\nVu l'arr\u00eat\u00e9 du 6 avril 2017 relatif aux programmes et \u00e0 l'\u00e9valuation des \u00e9preuves des examens  \nd'acc\u00e8s aux professions de conducteur de taxi et de conducteur de voiture de transport avec  \nchauffeur ;\nVu l'arr\u00eat\u00e9 du 11 ao\u00fbt 2017 relatif \u00e0 l'agr\u00e9ment des centres de formation habilit\u00e9s \u00e0 dispenser la  \nformation initiale et continue des conducteurs de taxi et des conducteurs de voiture de transport  \navec chauffeur ;\nVu  l'arr\u00eat\u00e9  du  11  ao\u00fbt  2017  relatif  \u00e0  la  formation  continue  des  conducteurs  de  taxi  et  des  \nconducteurs de voiture de transport avec chauffeur et \u00e0 la mobilit\u00e9 des conducteurs de taxi ;\nVu l'arr\u00eat\u00e9 pr\u00e9fectoral n\u00b0 DCL/BERG/2021/92 du 01 avril 2021 portant agr\u00e9ment pour une dur\u00e9e de \n5 ans, du centre de formation \u00ab 8-C \u00bb, habilit\u00e9 \u00e0 dispenser \u00e0 Puget-sur-Argens (83480), la formation \ninitiale et continue des conducteurs de taxi et des conducteurs de voiture de transport avec  \nchauffeur, ainsi que la formation \u00e0 la mobilit\u00e9 des conducteurs de taxi, dans le d\u00e9partement du  \nVar.\nVu  l'arr\u00eat\u00e9  pr\u00e9fectoral  n\u00b0  DCL/BERG/2021/104  du  15  avril  2021  modifiant  l'arr\u00eat\u00e9  \nn\u00b0 DCL/BERG/2021/92 du 01 avril 2021 portant agr\u00e9ment du centre de formation \u00ab 8-C \u00bb, habilit\u00e9 \u00e0 \ndispenser \u00e0 Puget-sur-Argens (83480), la formation initiale et continue des conducteurs de taxi et  \ndes conducteurs de voiture de transport avec chauffeur, ainsi que la formation \u00e0 la mobilit\u00e9 des  \nconducteurs de taxi, dans le d\u00e9partement du Var.\nVu l'arr\u00eat\u00e9 pr\u00e9fectoral n\u00b0 2025/12/MCI du 02 juin 2025 portant d\u00e9l\u00e9gation de signature \u00e0 Monsieur \nLucien GIUDICELLI, secr\u00e9taire g\u00e9n\u00e9ral de la pr\u00e9fecture du Var, sous-pr\u00e9fet de l'arrondissement de  \nToulon ;\nVu  l'arr\u00eat\u00e9  pr\u00e9fectoral  n\u00b0  2026/10/MCI  du  02  f\u00e9vrier  2026  portant  d\u00e9l\u00e9gation  de  signature  \u00e0 \nMadame Isabelle CATHERINEAU, directrice de la citoyennet\u00e9 et de la l\u00e9galit\u00e9 de la pr\u00e9fecture du  \nVar ;\nVu la demande, re\u00e7ue le 05 janvier 2026, compl\u00e9t\u00e9e le 09 mars 2026, par laquelle Monsieur Jean-\nR\u00e9mi GOURDON, pr\u00e9sident de la soci\u00e9t\u00e9 8-C, sollicite l'agr\u00e9ment du centre de formation situ\u00e9 au  \n153 rue Victor Hugo \u00e0 Puget-sur-Argens (83480), afin de dispenser la formation initiale et continue  \ndes conducteurs de voiture de transport avec chauffeur ;\n1/2\nPr\u00e9fecture du VAR - 83-2026-03-23-00010 - ARR\u00caT\u00c9 PR\u00c9FECTORAL n\u00b0 DCL/BERG/2026/99 du 23 mars 2026 portant renouvellement\nd'agr\u00e9ment du centre de formation \u00ab\u00a08-C\u00a0\u00bb, sis 153 rue Victor Hugo \u00e0 Puget-sur-Argens (83480), habilit\u00e9 \u00e0 dispenser la formation\ninitiale et continue des conducteurs de voiture de transport avec chauffeur\n66\nConsid\u00e9rant que ledit centre de formation justifie des conditions requises par la r\u00e9glementation  \nafin d'assurer la formation initiale et continue des conducteurs de voiture de transport avec  \nchauffeur ;\nSur proposition du secr\u00e9taire g\u00e9n\u00e9ral de la pr\u00e9fecture,\nARR\u00caTE\nArticle 1  :  Le centre de formation 8-C, situ\u00e9 153 rue Victor Hugo \u00e0 Puget-sur-Argens (83480),  \nrepr\u00e9sent\u00e9 par Monsieur Jean-R\u00e9mi GOURDON, est agr\u00e9\u00e9 afin de dispenser la formation initiale et  \ncontinue des conducteurs de voiture de transport avec chauffeur (VTC).\nLes formations se d\u00e9rouleront dans des locaux situ\u00e9s \u00e0 la m\u00eame adresse.\nArticle 2  :  Cet agr\u00e9ment est accord\u00e9  pour une dur\u00e9e de  cinq ans,  \u00e0 compter du 1 er avril 2026.  \nL'agr\u00e9ment porte le num\u00e9ro 26-004.\nLa demande de renouvellement devra \u00eatre formul\u00e9e trois mois avant l'\u00e9ch\u00e9ance de cet agr\u00e9ment.\nArticle 3 : Le dirigeant de l'organisme de formation est tenu :\n1\u00b0  d'afficher  dans  les  locaux  de  mani\u00e8re  visible  le  num\u00e9ro  d'agr\u00e9ment  et  le  programme  des \nformations ; \n2\u00b0 de faire figurer le num\u00e9ro d'agr\u00e9ment sur toute correspondance et tout document commercial ; \n3\u00b0 d'informer le public sur les prix dans les conditions pr\u00e9vues par l'article L. 112-1 du code de la  \nconsommation et de ses textes d'application.\nArticle 4  : Le  dirigeant de l'organisme de formation  adresse au pr\u00e9fet, un rapport annuel sur  \nl'activit\u00e9 de son organisme de formation en mentionnant :\n- le nombre de personnes ayant suivi les formations pr\u00e9paratoires et le taux de r\u00e9ussite \u00e0 l'examen  \nd'acc\u00e8s \u00e0 la profession de conducteur de voiture de transport avec chauffeur ;\n- le nombre et l'identit\u00e9 des conducteurs de VTC ayant suivi les stages de formation continue.\nArticle   5   :  En  cas  de  changements  apport\u00e9s  aux  pi\u00e8ces  pr\u00e9sent\u00e9es  pendant  l'exploitation  de \nl'agr\u00e9ment, le titulaire en informe le pr\u00e9fet.\nArticle   6   :  En  application  de  l'article  R.  3120-9  du  code  des  transports,  l'agr\u00e9ment  peut  \u00eatre \nsuspendu pour une dur\u00e9e maximale de six mois, ou retir\u00e9 par le pr\u00e9fet qui l'a d\u00e9livr\u00e9 lorsque l'une  \ndes conditions auxquelles sa d\u00e9livrance est subordonn\u00e9e cesse d'\u00eatre remplie. \nArticle 7  : Le secr\u00e9taire g\u00e9n\u00e9ral de la pr\u00e9fecture est charg\u00e9 de l'ex\u00e9cution du pr\u00e9sent arr\u00eat\u00e9 qui  \nsera publi\u00e9 au recueil des actes administratifs de la pr\u00e9fecture du Var.\nFait \u00e0 Toulon, le 23 mars 2026\nPour le Pr\u00e9fet et par d\u00e9l\u00e9gation,\nla Directrice\nSign\u00e9 : Isabelle CATHERINEAU\nDans un d\u00e9lai de deux mois \u00e0 compter de la date de notification du pr\u00e9sent arr\u00eat\u00e9, les recours suivants peuvent \u00eatre introduits conform\u00e9ment aux  \ndispositions des articles R. 421-1 et suivants du code de justice administrative :\n- un recours gracieux, adress\u00e9 \u00e0 : M. le pr\u00e9fet du Var \u2013 Bd du 112\u00e8me r\u00e9giment d'infanterie- CS 31209 - 83070 TOULON CEDEX\nDans ce cas, le silence de l'administration vaut rejet implicite au terme d'un d\u00e9lai de deux mois.\nApr\u00e8s un recours gracieux ou hi\u00e9rarchique, le d\u00e9lai du recours contentieux ne court qu'\u00e0 compter du rejet explicite ou implicite de l'un des recours.\n- un recours contentieux, en saisissant le Tribunal Administratif de Toulon : 5 rue Racine -BP 40510 - 83 041 TOULON CEDEX 9\nLe tribunal administratif peut \u00eatre saisi par l'application informatique \u00ab T\u00e9l\u00e9recours citoyens \u00bb accessible par le site internet \u00ab www.telerecours.fr \u00bb.\n2/2\nPr\u00e9fecture du VAR - 83-2026-03-23-00010 - ARR\u00caT\u00c9 PR\u00c9FECTORAL n\u00b0 DCL/BERG/2026/99 du 23 mars 2026 portant renouvellement\nd'agr\u00e9ment du centre de formation \u00ab\u00a08-C\u00a0\u00bb, sis 153 rue Victor Hugo \u00e0 Puget-sur-Argens (83480), habilit\u00e9 \u00e0 dispenser la formation\ninitiale et continue des conducteurs de voiture de transport avec chauffeur\n67\nSecr\u00e9tariat g\u00e9n\u00e9ral commun d\u00e9partemental\n83-2026-03-25-00005\nArr\u00eat\u00e9 N\u00b02026/11 fixant la nouvelle d\u00e9signation\ndes membres de la FS du CSA de la DDETS du\nVar\nSecr\u00e9tariat g\u00e9n\u00e9ral commun d\u00e9partemental - 83-2026-03-25-00005 - Arr\u00eat\u00e9 N\u00b02026/11 fixant la nouvelle d\u00e9signation des membres de\nla FS du CSA de la DDETS du Var 68\nPREFETDU VARLibert\u00e9Egalit\u00e9Fraternit\u00e9\nSecr\u00e9tariat g\u00e9n\u00e9ral commun d\u00e9partemental\nARR\u00caTE N\u00b0 2026/11\nFixant la nouvelle d\u00e9signation des membres de la formation sp\u00e9cialis\u00e9e (FS) du comit\u00e9 social \nd'administration (CSA) de la Direction D\u00e9partementale de l'Emploi, du Travail et des Solidarit\u00e9s \n(DDETS) du Var\nLe pr\u00e9fet du Var,\nVu le code g\u00e9n\u00e9ral de la fonction publique ;\nVu le  d\u00e9cret  n\u00b0  2009-1484  du  3  d\u00e9cembre  2009  relatif  aux  directions  d\u00e9partementales  \ninterminist\u00e9rielles\u00a0;\nVu le d\u00e9cret n\u00b02020-1427 du 20 novembre 2020 relatif aux comit\u00e9s sociaux d'administration  \ndans les administrations et les \u00e9tablissements publics de l'\u00c9tat\u00a0;\nVu l'arr\u00eat\u00e9 du 3 juin 2022 instituant des comit\u00e9s sociaux d'administration au sein du minist\u00e8re  \nde l'int\u00e9rieur et des outre-mer ;\nVu l'arr\u00eat\u00e9 du 6 octobre 2022 relatif aux modalit\u00e9s d'organisation du vote \u00e9lectronique par  \ninternet pour l'\u00e9lection des repr\u00e9sentants du personnel au sein des instances de repr\u00e9sentation  \ndu minist\u00e8re de l'int\u00e9rieur et des outre-mer ;\nVu l'arr\u00eat\u00e9  NOR  TFPX2234445A  du  30  novembre  2022  modifiant  l'arr\u00eat\u00e9  du  9  mars  2022  \nportant d\u00e9rogation \u00e0 l'utilisation du vote \u00e9lectronique en vue du prochain renouvellement  \ng\u00e9n\u00e9ral des instances de dialogue social dans la fonction publique de l'\u00c9tat ;\nVu le proc\u00e8s-verbal de d\u00e9pouillement et de proclamation des r\u00e9sultats du 8 d\u00e9cembre 2022;\nVu l'arr\u00eat\u00e9 pr\u00e9fectoral n\u00b0 n\u00b02025/60 du 7 ao\u00fbt 2025 fixant la nouvelle d\u00e9signation des membres \nde  la  formation  sp\u00e9cialis\u00e9e  (FS)  du  comit\u00e9  social  d'administration  (CSA)  de  la  Direction  \nD\u00e9partementale de l'Emploi, du Travail et des Solidarit\u00e9s (DDETS) du Var;\nConsid\u00e9rant la d\u00e9mission de Madame Sandra GORGOS, repr\u00e9sentante suppl\u00e9ante \u00e0 la FS pour  \nle syndicat CFDT;\nConsid\u00e9rant le courrier du syndicat CFDT en date du 6 mars 2026 d\u00e9signant Monsieur J\u00e9r\u00f4me  \nBOITEL  comme  repr\u00e9sentant  suppl\u00e9ant  \u00e0  la  formation  sp\u00e9cialis\u00e9e  (FS)  du  comit\u00e9  social  \nSecr\u00e9tariat g\u00e9n\u00e9ral commun d\u00e9partemental - 83-2026-03-25-00005 - Arr\u00eat\u00e9 N\u00b02026/11 fixant la nouvelle d\u00e9signation des membres de\nla FS du CSA de la DDETS du Var 69\nd'administration (CSA) de la Direction D\u00e9partementale de l'Emploi, du Travail et des Solidarit\u00e9s  \n(DDETS) du Var;\nSur proposition de la directrice d\u00e9partementale de l'emploi, du travail et des solidarit\u00e9s du  \nVar\u00a0;\nARR\u00caTE\nArticle 1er\n: L'arr\u00eat\u00e9 pr\u00e9fectoral n\u00b02025/60 du 7 ao\u00fbt 2025 portant d\u00e9signation des membres de  \nla  formation  sp\u00e9cialis\u00e9e  (FS)  du  comit\u00e9  social  d'administration  (CSA)  de  la  Direction  \nD\u00e9partementale de l'Emploi, du Travail et des Solidarit\u00e9s (DDETS) du Var est abrog\u00e9 ;\nArticle 2: La nouvelle composition de la formation sp\u00e9cialis\u00e9e est \u00e9tablie comme suit\u00a0: \nMembres titulaires Membres suppl\u00e9ants\nAu titre de la CFDT\nDI PLACIDO Mireille BOITEL J\u00e9r\u00f4me\nSENNAVOINE Sidonie MONNE Myriam\nAu titre de FO\nFRANCIOSA Val\u00e9rie COGNARD Brigitte\nGLANZBERG-PIRIOU Brigitte GUILLAUME Max\nAu titre de UFSE-CGT Solidaires\nDE FARIA Vivien -\nArticle 3 : Le pr\u00e9sent arr\u00eat\u00e9 sera notifi\u00e9 aux membres du CSA FS de la DDETS du Var.\nArticle 4 : La directrice de la DDETS est charg\u00e9e de l'ex\u00e9cution du pr\u00e9sent arr\u00eat\u00e9.\nArticle 5 : En vertu des articles R 421-1 \u00e0 R 421-5 du code de justice administrative, le pr\u00e9sent  \nacte peut faire l'objet d'un recours pour exc\u00e8s de pouvoir devant le tribunal administratif de  \nToulon \u2014 5 rue Racine - CS 40510 - 83041 Toulon Cedex 9 - dans un d\u00e9lai de deux mois \u00e0  \ncompter  de  sa  notification.  Le  tribunal  administratif  peut  \u00eatre  saisi  par  l'application  \ninformatique \"T\u00e9l\u00e9recours citoyens\" accessible par le site internet www.telerecours.fr.\n Fait \u00e0 Toulon, le 25 mars 2026\n\u00a0\u00a0\u00a0\u00a0\u00a0\u00a0\u00a0\u00a0\u00a0\u00a0\u00a0\u00a0\u00a0\u00a0\u00a0\u00a0\u00a0\u00a0\u00a0\u00a0\u00a0\u00a0\u00a0\u00a0\u00a0\u00a0\u00a0\u00a0\u00a0La\u00a0directrice\u00a0d\u00e9partementale\n\u00a0\u00a0\u00a0\u00a0\u00a0\u00a0\u00a0\u00a0\u00a0\u00a0\u00a0\u00a0\u00a0\u00a0\u00a0\u00a0\u00a0\u00a0\u00a0\u00a0\u00a0\u00a0\u00a0\u00a0\u00a0\u00a0\u00a0\u00a0\u00a0\u00a0\u00a0\u00a0\u00a0\u00a0de\u00a0l'emploi,\u00a0du\u00a0travail\n\u00a0\u00a0\u00a0\u00a0\u00a0\u00a0\u00a0\u00a0\u00a0\u00a0\u00a0\u00a0\u00a0\u00a0\u00a0\u00a0\u00a0\u00a0\u00a0\u00a0\u00a0\u00a0\u00a0\u00a0\u00a0\u00a0\u00a0\u00a0\u00a0\u00a0\u00a0\u00a0et\u00a0des\u00a0solidarit\u00e9s\u00a0du\u00a0Var\n\u00a0\u00a0\u00a0\u00a0\u00a0\u00a0\u00a0\u00a0\u00a0\u00a0\u00a0\u00a0\u00a0\u00a0\u00a0\u00a0\u00a0\u00a0\u00a0\u00a0\u00a0\u00a0\u00a0\u00a0\u00a0\u00a0\u00a0\u00a0\u00a0\u00a0\u00a0\u00a0\u00a0\u00a0\u00a0\u00a0\u00a0\u00a0\u00a0\u00a0\u00a0\u00a0\u00a0\u00a0\u00a0Sign\u00e9\n\u00a0\u00a0\u00a0\u00a0\u00a0\u00a0\u00a0\u00a0\u00a0\u00a0\u00a0\u00a0\u00a0\u00a0\u00a0\u00a0\u00a0\u00a0\u00a0\u00a0\u00a0\u00a0\u00a0\u00a0\u00a0\u00a0\u00a0\u00a0Sandrine\u00a0POLYCHRONOPOULOS\nSecr\u00e9tariat g\u00e9n\u00e9ral commun d\u00e9partemental - 83-2026-03-25-00005 - Arr\u00eat\u00e9 N\u00b02026/11 fixant la nouvelle d\u00e9signation des membres de\nla FS du CSA de la DDETS du Var 70","date":"2026-03-30","first_seen_on":"2026-03-30T16:43:31+00:00","id":"eb8d6e768fd5d54cf7d407e8b88fb2c26354bb22871e309138e02d0c8a88f7c6","name":"RAA N\u00b0111 du 30 mars 2026","pdf_creation_date":"2026-03-30T15:17:34+00:00","pdf_modification_date":null,"timezone":"Europe/Paris","url":"https://www.var.gouv.fr/contenu/telechargement/45714/297991/file/RAA%20N%C2%B0111%20du%2030%20mars%202026%20(actes%20nominatifs).pdf"}
