{"administration":"prefidf","administration_name":"Pr\u00e9fecture de la r\u00e9gion \u00cele-de-France","content":"PREFECTURE\nREGION ILE DE\nFRANCE\nRECUEIL DES ACTES\nADMINISTRATIFS SP\u00c9CIAL\n(NOMINATIFS)\nN\u00b0IDF-018-2025-11\nPUBLI\u00c9 LE 12 NOVEMBRE 2025\nSommaire\nAgence R\u00e9gionale de Sant\u00e9 / Agence r\u00e9gionale de sant\u00e9\nd'Ile-de-France-Cellule officines de pharmacie\nIDF-2025-11-06-00004 - Arr\u00eat\u00e9 n\u00b0  DOS/EFF/OFF/2025/119 portant\nautorisation de g\u00e9rance d'une officine de pharmacie  apr\u00e8s le\nd\u00e9c\u00e8s de son titulaire  (2 pages) Page 3\nIDF-2025-11-06-00006 - Arr\u00eat\u00e9 n\u00b0 DOS/EFF/OFF/2025/111 portant\nmodification de l'arr\u00eat\u00e9 n\u00b0DOSMS/AMBU/OFF/2014-034 en date du\n25 ao\u00fbt 2014 ayant autoris\u00e9 le transfert d'une officine de pharmacie\n(1 page) Page 6\nIDF-2025-11-06-00005 - Arr\u00eat\u00e9 n\u00b0 DOS/EFF/OFF/2025/113 portant\nmodification de l'arr\u00eat\u00e9 du 05 d\u00e9cembre 1942 ayant autoris\u00e9 la\ncr\u00e9ation de l'officine de pharmacie. (2 pages) Page 8\nPr\u00e9fecture de la r\u00e9gion d'Ile-de-France, pr\u00e9fecture de\nParis-Secr\u00e9tariat g\u00e9n\u00e9ral aux politiques publiques / Direction des\naffaires juridiques\nIDF-2025-11-12-00002 - Arr\u00eat\u00e9 portant nomination de l'agent\ncomptable de l'\u00e9tablissement public \u00ab Grand Paris Am\u00e9nagement\n\u00bb (1 page) Page 11\n2\nAgence R\u00e9gionale de Sant\u00e9\nIDF-2025-11-06-00004\nArr\u00eat\u00e9 n\u00b0  DOS/EFF/OFF/2025/119 portant\nautorisation de g\u00e9rance d'une officine de\npharmacie  apr\u00e8s le d\u00e9c\u00e8s de son titulaire \nAgence R\u00e9gionale de Sant\u00e9 - IDF-2025-11-06-00004 - Arr\u00eat\u00e9 n\u00b0  DOS/EFF/OFF/2025/119 portant autorisation de g\u00e9rance d'une officine\nde pharmacie  apr\u00e8s le d\u00e9c\u00e8s de son titulaire 3\nREPUBLIQUEFRANCAISELibert\u00e9Egalit\u00e9Fraternit\u00e9\ne \u00bb Agence R\u00e9gionale de Sant\u00e9Ile-de-France\n \n \n \nAGENCE R\u00c9GIONALE DE SANT\u00c9 \u00ceLE-DE-FRANCE \nARR\u00caT\u00c9 N\u00b0 DOS/EFF/OFF/2025/119 \nportant autorisation de g\u00e9rance d'une officine de pharmacie  \napr\u00e8s le d\u00e9c\u00e8s de son titulaire  \n \nLE DIRECTEUR G\u00c9N\u00c9RAL DE L'AGENCE R\u00c9GIONALE DE SANT\u00c9 \u00ceLE-DE-FRANCE  \n \n \nVU le code de la sant\u00e9 publique  et notamment ses articles L.  5125-16, R.  4235-51,  \nR. 5125-39 et R. 5125-43 ; \n \nVU le d\u00e9cret du 10 avril 2024 portant nomination de Monsieur Denis ROBIN, Directeur g\u00e9n\u00e9ral de l'Agence \nr\u00e9gionale de sant\u00e9 \u00cele-de-France, \u00e0 compter du 29 avril 2024 ; \n \nVU l'arr\u00eat\u00e9 n\u00b0 DS 034/2024 du 29 avril 2024, publi\u00e9 le 30 avril 2024, portant d\u00e9l\u00e9gation de signature  \ndu Directeur g\u00e9n\u00e9ral de l'Agence r\u00e9gionale de sant\u00e9 \u00cele -de-France \u00e0 Monsieur Arnaud CORVAISIER, \nDirecteur de l'Offre de soins et \u00e0 plusieurs de ses collaborateurs ;  \n \nVU la demande de Monsieur Adam ZAOUI d\u00e9pos\u00e9e en date du 15 octobre 2025  et le certificat d'inscription  \ndu Conseil Central de la Section D en date du 09 octobre 2025  accordant l'enregistrement de  \nMonsieur Julien SOUSSAN , pharmacien,  en vue d' \u00eatre autoris\u00e9 \u00e0 g\u00e9rer l'officine  de pharmacie  sise  \n150 avenue Jean Jaur\u00e8s \u00e0 Coubron (93470) ; \n \nVU l'acte de d\u00e9c\u00e8s n\u00b0 153 ayant constat\u00e9 le d\u00e9c\u00e8s de Monsieur Thierry ZAOUI en date du 01 f\u00e9vrier 2025 ; \n \nVU le courrier en date du 17 octobre 2025 de Madame Elisa BENKHALIFA , Monsieur Adam ZAOUI  \net Monsieur Alexandre ZAOUI, h\u00e9ritiers de Monsieur Thierry ZAOUI, nommant Monsieur Julien SOUSSAN \ng\u00e9rant de l'officine de pharmacie sise 150 avenue Jean Jaur\u00e8s \u00e0 Coubron (93470) ; \n \nVU le contrat de g\u00e9rance en date du  28 septembre 2025  conclu entre Madame Elisa BENKHALIFA,  \nMonsieur Adam ZAOUI et Monsieur Alexandre ZAOUI, h\u00e9ritiers de Monsieur Thierry ZAOUI, repr\u00e9sentants \nde la succession, et Monsieur Julien SOUSSAN, pharmacien ; \n \nVU l'acte de notori\u00e9t\u00e9 en date du 04 mars 2024 \u00e9tabli sur la d\u00e9volution successorale ;  \n \nCONSIDERANT que Monsieur Julien SOUSSAN justifie \u00eatre insc rit au tableau de l'Ordre national des \npharmaciens ;  \n \nCONSIDERANT que Monsieur Julien SOUSSAN n'aura pas d'autre activit\u00e9 professionnelle pendant la dur\u00e9e \nde la g\u00e9rance de l'officine apr\u00e8s d\u00e9c\u00e8s du titulaire ; \n \n \nCONSIDERANT qu'apr\u00e8s le d\u00e9c\u00e8s d'un pharmacien, le d\u00e9lai pendant lequel son conjoint ou ses h\u00e9ritiers \npeuvent maintenir une officine ouverte en la faisant g\u00e9rer par un pharmacien autori s\u00e9 \u00e0 cet \neffet par le Directeur g\u00e9n\u00e9ral  de l'Agence r\u00e9gionale de sant\u00e9 \u00cele -de-France ne peut exc\u00e9der \ndeux ans et peut \u00eatre prorog\u00e9 pour une p\u00e9riode ne pouvant exc\u00e9der un an en cas de situation \nexceptionnelle ; \n \nAgence R\u00e9gionale de Sant\u00e9 - IDF-2025-11-06-00004 - Arr\u00eat\u00e9 n\u00b0  DOS/EFF/OFF/2025/119 portant autorisation de g\u00e9rance d'une officine\nde pharmacie  apr\u00e8s le d\u00e9c\u00e8s de son titulaire 4\n \n \nCONSIDERANT le contrat par lequel Madame Elisa BENKHALIFA, Monsieur Adam ZAOUI et Monsieur \nAlexandre ZAOUI h\u00e9ritiers de Monsieur Thierry ZAOUI confient la g\u00e9rance de l'officine \nde pharmacie  \u00e0 Monsieur Julien SOUSSAN pour une dur\u00e9e d'un an, soit jusqu'au  \n02 f\u00e9vrier 2026. \n   \n \nARR\u00caTE \n \n \nARTICLE 1er : Monsieur Julien SOUSSAN, pharmacien, est autoris\u00e9 \u00e0 g\u00e9rer l'officine de pharmacie \nsise 150 avenue Jean Jaur\u00e8s \u00e0 Coubron (93470), suite au d\u00e9c\u00e8s de son titulaire. \n \nARTICLE 2e : La pr\u00e9sente autorisation prendra fin au plus tard le 02 f\u00e9vrier 2026. \n \nARTICLE 3e : Un recours contentieux contre le pr\u00e9sent ar r\u00eat\u00e9 peut \u00eatre form\u00e9 aupr\u00e8s du t ribunal \nadministratif comp\u00e9tent. Le d\u00e9lai de recours est de deux mois \u00e0 compter de la \nnotification de l'arr\u00eat\u00e9 pour les int\u00e9ress\u00e9s ou de sa publication pour les tiers.  \n \nARTICLE 4e : Le Directeur g\u00e9n\u00e9ral de l'Agence r\u00e9gionale de sant\u00e9 \u00cele-de-France est charg\u00e9 de \nl'ex\u00e9cution du pr\u00e9sent arr\u00eat\u00e9 qui sera publi\u00e9 au recueil des actes administratifs de la \npr\u00e9fecture de la r\u00e9gion \u00cele-de-France. \n \nFait \u00e0 Saint-Denis, le 06 novembre 2025 \n \n \nLe Directeur g\u00e9n\u00e9ral \nde l'Agence r\u00e9gionale de sant\u00e9  \n\u00cele-de-France  \n \nPar d\u00e9l\u00e9gation, \n \nLe Directeur du P\u00f4le Efficience \n \nSIGN\u00c9 \n \nFabien P\u00c9RUS \n \nAgence R\u00e9gionale de Sant\u00e9 - IDF-2025-11-06-00004 - Arr\u00eat\u00e9 n\u00b0  DOS/EFF/OFF/2025/119 portant autorisation de g\u00e9rance d'une officine\nde pharmacie  apr\u00e8s le d\u00e9c\u00e8s de son titulaire 5\nAgence R\u00e9gionale de Sant\u00e9\nIDF-2025-11-06-00006\nArr\u00eat\u00e9 n\u00b0 DOS/EFF/OFF/2025/111 portant\nmodification de l'arr\u00eat\u00e9\nn\u00b0DOSMS/AMBU/OFF/2014-034 en date du 25\nao\u00fbt 2014 ayant autoris\u00e9 le transfert d'une\nofficine de pharmacie\nAgence R\u00e9gionale de Sant\u00e9 - IDF-2025-11-06-00006 - Arr\u00eat\u00e9 n\u00b0 DOS/EFF/OFF/2025/111 portant modification de l'arr\u00eat\u00e9\nn\u00b0DOSMS/AMBU/OFF/2014-034 en date du 25 ao\u00fbt 2014 ayant autoris\u00e9 le transfert d'une officine de pharmacie 6\n_REPUBLIQUEFRANCAISELibert\u00e9\u00c9galit\u00e9Fraternit\u00e9\nAr\u00a9 D Agence R\u00e9gionale de Sant\u00e9\u00cele-de-France\n \n \nAGENCE R\u00c9GIONALE DE SANT\u00c9 \u00ceLE-DE-FRANCE \nARR\u00caT\u00c9 N\u00b0 DOS/EFF/OFF/2025/111  \nportant modification de l'arr\u00eat\u00e9 N\u00b0DOSMS/AMBU/OFF/2014-034 en date du 25 ao\u00fbt 2014 ayant \nautoris\u00e9 le transfert d'une officine de pharmacie \n \nLE DIRECTEUR G\u00c9N\u00c9RAL DE L'AGENCE R\u00c9GIONALE DE SANT\u00c9 \u00ceLE-DE-FRANCE  \n \nVU le d\u00e9cret du 10 avril 2024 portant nomination de Monsieur Denis ROBIN, Directeur g\u00e9n\u00e9ral de l'Agence \nr\u00e9gionale de sant\u00e9 \u00cele-de-France, \u00e0 compter du 29 avril 2024. \n \nVU l'arr\u00eat\u00e9 n\u00b0 DS 034/2024 du 29 avril 2024, publi\u00e9 le 30 avril 2024, portant d\u00e9l\u00e9gation de signature du Directeur \ng\u00e9n\u00e9ral de l'Agence r\u00e9gionale de sant\u00e9 \u00cele-de-France \u00e0 Monsieur Arnaud CORVAISIER, Directeur de l'Offre \nde soins et \u00e0 plusieurs de ses collaborateurs ;  \n \nVU l'arr\u00eat\u00e9 du 25 ao\u00fbt 2014  portant octroi de la licence n\u00b094#002319 aux fins de cr\u00e9ation  par transfert d'une \nofficine de pharmacie sise Ilot 8- P\u00f4le Pasteur \u2013 Rue des Herbages de Seze \u00e0 Limeil-Br\u00e9vannes (94450) ; \n \nVU la demande en date du  14 septembre 2025 par laquelle Monsieur Abderrazak Cl\u00e9ment KRAIEM sollicite la \nmodification de la licence n\u00b0 94#002319 ; \n \n \nCONSIDERANT \n \nCONSIDERANT \n \nque la Mairie de Limeil-Br\u00e9vannes a proc\u00e9d\u00e9 \u00e0 un num\u00e9rotage rectificatif au sein de la commune ;   \n \nqu'il convient de tenir compte de cette nouvelle num\u00e9rotation et que l'arr\u00eat\u00e9 de la licence de \ncr\u00e9ation n\u00b0 94#002319 de l'officine de pharmacie dont Monsieur Abderrazak Cl\u00e9ment KRAIEM  \nest titulaire, en date du 25 ao\u00fbt 2014, doit \u00eatre rectifi\u00e9 en cons\u00e9quence ;   \nCONSIDERANT que les conditions d'exploitat ion de l'officine dont Monsieur Abderrazak Cl\u00e9ment KRAIEM  \nest titulaire sont pour le reste inchang\u00e9es ; \n  \nARR\u00caTE \n \nARTICLE 1er : \n \n \nL'arr\u00eat\u00e9 en date du 25 ao\u00fbt 2014, portant la cr\u00e9ation par transfert de l'officine de pharmacie dont \nMonsieur Abderrazak Cl\u00e9ment KRAIEM est titulaire est modifi\u00e9 comme suit : \n \nLes termes :   \n\u00ab Ilot 8- P\u00f4le Pasteur \u2013 Rue des Herbages de Seze \u00e0 Limeil-Br\u00e9vannes (94450) \u00bb \n \nsont remplac\u00e9s par les termes : \n \n\u00ab 4 rue Julie-Victoire Daubi\u00e9 \u00e0 Limeil-Br\u00e9vannes (94450) \u00bb \n \nLe reste sans changement. \n \nARTICLE 2e : Un recours contentieux contre le pr\u00e9sent arr\u00eat\u00e9 peut \u00eatre form\u00e9 aupr\u00e8s du Tribunal administratif \ncomp\u00e9tent. Le d\u00e9lai de recours est de deux mois \u00e0 compter de la notification de l'arr\u00eat\u00e9 pour les \nint\u00e9ress\u00e9s ou de sa publication pour les tiers. \n \nARTICLE 3e : Le Directeur g\u00e9n\u00e9ral de l'Agence r\u00e9gionale de sant\u00e9 \u00cele-de-France est charg\u00e9 de l'ex\u00e9cution du \npr\u00e9sent arr\u00eat\u00e9 qui sera publi\u00e9 au recueil des actes administratifs de la pr\u00e9fecture de la r\u00e9gion  \n\u00cele-de-France. \nFait \u00e0 Saint-Denis, le 06 novembre 2025 \n \nLe Directeur g\u00e9n\u00e9ral \nde l'Agence r\u00e9gionale de sant\u00e9  \n\u00cele-de-France  \n \nPar d\u00e9l\u00e9gation, \n \nLe Directeur du P\u00f4le Efficience \n \nSIGN\u00c9 \nFabien P\u00c9RUS \nAgence R\u00e9gionale de Sant\u00e9 - IDF-2025-11-06-00006 - Arr\u00eat\u00e9 n\u00b0 DOS/EFF/OFF/2025/111 portant modification de l'arr\u00eat\u00e9\nn\u00b0DOSMS/AMBU/OFF/2014-034 en date du 25 ao\u00fbt 2014 ayant autoris\u00e9 le transfert d'une officine de pharmacie 7\nAgence R\u00e9gionale de Sant\u00e9\nIDF-2025-11-06-00005\nArr\u00eat\u00e9 n\u00b0 DOS/EFF/OFF/2025/113 portant\nmodification de l'arr\u00eat\u00e9 du 05 d\u00e9cembre 1942\nayant autoris\u00e9 la cr\u00e9ation de l'officine de\npharmacie.\nAgence R\u00e9gionale de Sant\u00e9 - IDF-2025-11-06-00005 - Arr\u00eat\u00e9 n\u00b0 DOS/EFF/OFF/2025/113 portant modification de l'arr\u00eat\u00e9 du 05\nd\u00e9cembre 1942 ayant autoris\u00e9 la cr\u00e9ation de l'officine de pharmacie. 8\nREPUBLIQUEFRANCAISELibert\u00e9Egalit\u00e9Fraternit\u00e9\n\u00a9 D Agence R\u00e9gionale de Sant\u00e9\u00cele-de-France\n \n \nAGENCE R\u00c9GIONALE DE SANT\u00c9 \u00ceLE-DE-FRANCE \n \nARR\u00caT\u00c9 N\u00b0 DOS/EFF/OFF/2025/113  \nportant modification de l'arr\u00eat\u00e9 du 05 d\u00e9cembre 1942  \nayant autoris\u00e9 la cr\u00e9ation de l'officine de pharmacie. \n \n \nLE DIRECTEUR G\u00c9N\u00c9RAL DE L'AGENCE R\u00c9GIONALE DE SANT\u00c9 \u00ceLE-DE-FRANCE  \n \nVU le d\u00e9cret du 10 avril 2024 portant nomination de Monsieur Denis ROBIN, Directeur g\u00e9n\u00e9ral de l'Agence \nr\u00e9gionale de sant\u00e9 \u00cele-de-France, \u00e0 compter du 29 avril 2024 ; \n \nVU l'arr\u00eat\u00e9 n\u00b0 DS 034/2024 du 29 avril 2024, publi\u00e9 le 30 avril 2024, portant d\u00e9l\u00e9gation de signature du Directeur \ng\u00e9n\u00e9ral de l'Agence r\u00e9gionale de sant\u00e9 \u00cele-de-France \u00e0 Monsieur Arnaud CORVAISIER, Directeur de l' Offre \nde soins et \u00e0 plusieurs de ses collaborateurs ;  \n \nVU l'arr\u00eat\u00e9 en date du 05 d\u00e9cembre 1942  portant octroi de la licence n\u00b093#002287 aux fins de cr\u00e9ation d'une \nofficine de pharmacie sise 14 bis rue de Bondy \u00e0 Aulnay-sous-Bois (93600) ; \n \nVU la demande en date du  24 septembre 2025  par laquelle Madame Laure -Marie SOTIROPOULOS -\nGEORGIOPOULOS et Madame Brigitte HUYNH QUAN TRUNG sollicitent la modific ation de la licence  \nn\u00b0 93#002287 ; \n \n \n CONSIDERANT \n \n \nCONSIDERANT \n \nque la Mairie d'Aulnay-sous-Bois (93600) a proc\u00e9d\u00e9 \u00e0 un num\u00e9rotage rectificatif au sein de la \ncommune ;   \n \nqu'il convient de tenir compte de cette nouvelle num\u00e9rotation et que l'arr\u00eat\u00e9 de la licence de \ncr\u00e9ation n\u00b093#002287 de l'officine dont Madame Laure -Marie SOTIROPOULOS \nGEORGIOPOULOS et Madame Brigitte HUYNH QUAN TRUNG  sont titulaires, en date  \ndu 05 d\u00e9cembre 1942, doit \u00eatre rectifi\u00e9 en cons\u00e9quence ; \n \nCONSIDERANT que les conditions d'exploitat ion de l'officine dont Madame Laure -Marie SOTIROPOULOS -\nGEORGIOPOULOS et Madame Brigitte HUYNH QUAN TRUNG sont titulaires sont pour le \nreste inchang\u00e9es ; \n  \n \n \nARR\u00caTE \n \n \nARTICLE 1er : \n \n \nL'arr\u00eat\u00e9 en date du 05 d\u00e9cembre 1942, ayant autoris\u00e9 la cr\u00e9ation de l'officine de pharmacie \nde Madame Laure -Marie SOTIROPOULOS-GEORGIOPOULOS et Madame Brigitte \nHUYNH QUAN TRUNG, est modifi\u00e9 comme suit, \n \nLes termes :  \n \n\u00ab 14 bis rue de Bondy \u00e0 Aulnay-sous-Bois (93600) \u00bb \n \nsont remplac\u00e9s par les termes : \n \n\u00ab 14 bis route de Bondy \u00e0 Aulnay-sous-Bois (93600) \u00bb \n \nLe reste sans changement. \n \n \n \nAgence R\u00e9gionale de Sant\u00e9 - IDF-2025-11-06-00005 - Arr\u00eat\u00e9 n\u00b0 DOS/EFF/OFF/2025/113 portant modification de l'arr\u00eat\u00e9 du 05\nd\u00e9cembre 1942 ayant autoris\u00e9 la cr\u00e9ation de l'officine de pharmacie. 9\nARTICLE 2e : Un recours contentieux contre le pr\u00e9sent arr\u00eat\u00e9 peut \u00eatre form\u00e9 aupr\u00e8s du Tribunal \nadministratif comp\u00e9tent. Le d\u00e9lai de recours est de deux mois \u00e0 compter de la notification de \nl'arr\u00eat\u00e9 pour les int\u00e9ress\u00e9s ou de sa publication pour les tiers. \n \nARTICLE 3e : Le Directeur g\u00e9n\u00e9ral de l'Agence r\u00e9gionale de sant\u00e9 \u00cele-de-France est charg\u00e9 de l'ex\u00e9cution \ndu pr\u00e9sent arr\u00eat\u00e9 qui sera publi\u00e9 au recueil des actes administratifs de la pr\u00e9fecture de la \nr\u00e9gion \u00cele-de-France. \n \nFait \u00e0 Saint-Denis, le 06 novembre 2025 \n \n \nLe Directeur g\u00e9n\u00e9ral \nde l'Agence r\u00e9gionale de sant\u00e9  \n\u00cele-de-France  \n \nPar d\u00e9l\u00e9gation, \n \nLe Directeur du P\u00f4le Efficience \n \nSIGN\u00c9 \n \nFabien P\u00c9RUS \n \n \nAgence R\u00e9gionale de Sant\u00e9 - IDF-2025-11-06-00005 - Arr\u00eat\u00e9 n\u00b0 DOS/EFF/OFF/2025/113 portant modification de l'arr\u00eat\u00e9 du 05\nd\u00e9cembre 1942 ayant autoris\u00e9 la cr\u00e9ation de l'officine de pharmacie. 10\nPr\u00e9fecture de la r\u00e9gion d'Ile-de-France,\npr\u00e9fecture de Paris-Secr\u00e9tariat g\u00e9n\u00e9ral aux\npolitiques publiques\nIDF-2025-11-12-00002\nArr\u00eat\u00e9 portant nomination de l'agent comptable\nde l'\u00e9tablissement public \u00ab Grand Paris\nAm\u00e9nagement \u00bb\nPr\u00e9fecture de la r\u00e9gion d'Ile-de-France, pr\u00e9fecture de Paris-Secr\u00e9tariat g\u00e9n\u00e9ral aux politiques publiques - IDF-2025-11-12-00002 - Arr\u00eat\u00e9\nportant nomination de l'agent comptable de l'\u00e9tablissement public \u00ab Grand Paris Am\u00e9nagement \u00bb 11\n \n \n \n \nSecr\u00e9tariat g\u00e9n\u00e9ral aux politiques publiques \nDirection des affaires juridiques  \n \n \nArr\u00eat\u00e9  \nportant nomination de l'agent comptable de l'\u00e9tablissement public \u00ab Grand Paris Am\u00e9nagement \u00bb \n  \nLE PR\u00c9FET DE LA R\u00c9GION D'\u00ceLE-DE-FRANCE \nPR\u00c9FET DE PARIS \nGrand officier de la L\u00e9gion d'Honneur, \nOfficier de l'Ordre National du M\u00e9rite \n \n \nVu  l'article R. 321-21 du code de l'urbanisme ;  \n \nVu  le d\u00e9cret du 22 juillet 2020 portant nomination de  Monsieur Marc GUILLAUME en qualit\u00e9 de pr\u00e9fet de la  \nr\u00e9gion d'\u00cele-de-France, pr\u00e9fet de Paris ; \n \nVu  l'avis favorable port\u00e9 sur la nomination de Madame  Sabine LAUBERTIN par Monsieur le directeur r\u00e9giona l \ndes finances publiques d'\u00cele-de-France et de Paris en date du 25 septembre 2025 ;  \n \n \nARR\u00caTE : \n \nArticle 1 \u2013  Madame Sabine LAUBERTIN, inspectrice divisionnaire  des finances publiques hors classe, est \nnomm\u00e9e en qualit\u00e9 d'agent comptable de l'\u00e9tablissement public \u00ab Grand Paris Am\u00e9nagement \u00bb.  \n \nArticle 2 \u2013 La pr\u00e9f\u00e8te, secr\u00e9taire g\u00e9n\u00e9rale aux politiques publ iques de la pr\u00e9fecture de la r\u00e9gion d'\u00cele-de-France , \npr\u00e9fecture de Paris, et le directeur r\u00e9gional des f inances publiques d'\u00cele-de-France et de Paris sont charg\u00e9s, \ndans leurs domaines de comp\u00e9tence respectifs, de l' ex\u00e9cution des dispositions du pr\u00e9sent arr\u00eat\u00e9 qui se ra publi\u00e9 \nau recueil des actes administratifs de la pr\u00e9fecture. \n \n \n \n \nFait \u00e0 Paris, le 12 novembre 2025 \n \n \n \nLe pr\u00e9fet de la r\u00e9gion d'\u00cele-de-France, \npr\u00e9fet de Paris \n \nsign\u00e9 \n \nMarc Guillaume \n \n \n \n \n \n \nConform\u00e9ment \u00e0 l'article R. 421- 1 du code de justice administrative, le pr\u00e9sent arr \u00eat\u00e9 peut faire l'objet d'un recours contentieux dev ant le \ntribunal administratif dans le d\u00e9lai de 2 mois \u00e0 co mpter de sa notification. L'arr\u00eat\u00e9 peut \u00e9galement f aire l'objet, dans le d\u00e9lai imparti pour \nl'introduction d'un recours contentieux, d'un recours gracieux qui interrompt le cours dudit d\u00e9lai. Ce  d\u00e9lai courra, de nouveau, \u00e0 compter de \nl'intervention de la d\u00e9cision (expresse ou implicite) provoqu\u00e9e par le recours gracieux. \n \nPr\u00e9fecture de la r\u00e9gion d'Ile-de-France, pr\u00e9fecture de Paris-Secr\u00e9tariat g\u00e9n\u00e9ral aux politiques publiques - IDF-2025-11-12-00002 - Arr\u00eat\u00e9\nportant nomination de l'agent comptable de l'\u00e9tablissement public \u00ab Grand Paris Am\u00e9nagement \u00bb 12","date":"2025-11-12","first_seen_on":"2025-11-12T18:16:25+00:00","id":"eba0aee5418057471265dc45d0c3cae04b3c8026ee136000172b2c40a83dfd30","name":"recueil-idf-018-2025-11-RAA-nominatifs du 12.11.2025","pdf_creation_date":"2025-11-12T15:46:01+00:00","pdf_modification_date":null,"timezone":"Europe/Paris","url":"https://www.prefectures-regions.gouv.fr/ile-de-france/irecontenu/telechargement/132562/972821/file/recueil-idf-018-2025-11-RAA-nominatifs%20du%2012.11.2025.pdf"}
