{"administration":"ppparis","administration_name":"Pr\u00e9fecture de police de Paris","content":"PREFECTUREDE POLICELibert\u00e9Egalit\u00e9Fraternit\u00e9\nfen\nCABINET DU PREFET\nArr\u00eat\u00e9 n\u00b0 2025-01630\nmodifiant l'arr\u00eat\u00e9 n\u00b02025-01614 du 28 novembre 2025 autorisant la captation, \nl'enregistrement et la transmission d'images au moyen de cam\u00e9ras install\u00e9es sur des \na\u00e9ronefs \u00e0 Paris et dans les Hauts-de-Seine (92) du 1er d\u00e9cembre 2025 au 31 janvier 2026 \ninclus\nLe Pr\u00e9fet de police,\nVu l'arr\u00eat\u00e9 n\u00b02025-01614 du 28 novembre 2025 autorisant la captation, l'enregistrement et la \ntransmission d'images au moyen de cam\u00e9ras install\u00e9es sur des a\u00e9ronefs \u00e0 Paris et dans les  \nHauts-de-Seine (92) du 1er d\u00e9cembre 2025 au 31 janvier 2026 inclus ;\nVu le d\u00e9cret du 22 octobre 2025 par lequel M. Patrice FAURE, administrateur de l'\u00c9tat du  \ntroisi\u00e8me grade, directeur de cabinet du Pr\u00e9sident de la R\u00e9publique, est nomm\u00e9 pr\u00e9fet de  \npolice (groupe I), \u00e0 compter du 23 octobre 2025\u00a0; \nVu la demande en date du 27 novembre 2025 form\u00e9e par l'Etat-Major de la Zone de d\u00e9fense \net  de  s\u00e9curit\u00e9  de  Paris  visant  \u00e0  obtenir  l'autorisation  de  capter,  d'enregistrer  et  de \ntransmettre des images au moyen de 8 cam\u00e9ras install\u00e9es sur des a\u00e9ronefs t\u00e9l\u00e9-pilot\u00e9s afin  \nd'assurer la pr\u00e9vention d'actes de terrorisme \u00e0 Paris et dans les Hauts-de-Seine (92) du 1 er \nd\u00e9cembre 2025 au 4 f\u00e9vrier 2026 ;\nARR\u00caTE\u00a0:\nArticle 1 \u2013  1\u00b0 L'article 4 de l'arr\u00eat\u00e9 2025-01614 susvis\u00e9 est remplac\u00e9 par les dispositions  \nsuivantes : \n\u00ab La pr\u00e9sente autorisation est d\u00e9livr\u00e9e pour la mise en \u0153uvre de la finalit\u00e9 pr\u00e9cit\u00e9e : \n- tous les jours de la semaine de 13h00 \u00e0 15h00 du 1 er d\u00e9cembre 2025 au 4 f\u00e9vrier 2026  \ninclus pour le p\u00e9rim\u00e8tre en annexe 2 (Trocad\u00e9ro)\u00a0;\n- du samedi au dimanche de 11h00 \u00e0 13h00 du 1er d\u00e9cembre 2025 au 4 f\u00e9vrier inclus pour le \np\u00e9rim\u00e8tre en annexe 3 (Champ de Mars)\u00a0;\n- du lundi au vendredi de 10h00 \u00e0 12h00 du 1er d\u00e9cembre 2025 au 4 f\u00e9vrier 2026, de 15h30 \n\u00e0 17h30 du 1er au 31 d\u00e9cembre 2025 et de 16h00 \u00e0 18h00 du 1 er janvier au 4 f\u00e9vrier 2026 \ninclus pour le p\u00e9rim\u00e8tre en annexe 4 (Le Louvre \u2013 Tuileries)\u00a0;\n- du lundi au vendredi de 08h15 \u00e0 10h15 du 1er d\u00e9cembre 2025 au 4 f\u00e9vrier 2026, de 15h30 \n\u00e0 17h30 du 1er au 31 d\u00e9cembre 2025 et de 16h00 \u00e0 18h00 du 1 er janvier au 4 f\u00e9vrier 2026 \ninclus pour le p\u00e9rim\u00e8tre en annexe 5 (La D\u00e9fense)\u00a0;\n- tous les jours de la semaine de 10h30 \u00e0 12h30 du 1er d\u00e9cembre 2025 au 4 f\u00e9vrier 2026, de \n15h30 \u00e0 17h30 du 1er au 31 d\u00e9cembre 2025 et de 16h00 \u00e0 18h00 du 1er janvier au 4 f\u00e9vrier \n2026 inclus pour le p\u00e9rim\u00e8tre en annexe 6 (Sacr\u00e9-C\u0153ur)\u00a0;\n- tous les jours de 13h00 \u00e0 15h00 du 1 er d\u00e9cembre 2025 au 4 f\u00e9vrier 2026 inclus pour le  \np\u00e9rim\u00e8tre en annexe 7 (La Villette)\u00a0;\n- tous les jours de la semaine de 12h00 \u00e0 14h00 du 1er d\u00e9cembre 2025 au 4 f\u00e9vrier 2026, de \n15h30 \u00e0 17h30 du 1er au 31 d\u00e9cembre 2025 et de 16h00 \u00e0 18h00 du 1er janvier au 4 f\u00e9vrier \n2026 pour le p\u00e9rim\u00e8tre en annexe 8 (quais Notre-Dame de Paris) ;\n- tous les jours de la semaine de 12h00 \u00e0 14h00 du 1er d\u00e9cembre 2025 au 4 f\u00e9vrier 2026, de \n15h30 \u00e0 17h30 du 1er au 31 d\u00e9cembre 2025 et de 16h00 \u00e0 18h00 du 1er janvier au 4 f\u00e9vrier \n2026 pour le p\u00e9rim\u00e8tre en annexe 9 (Bercy) ;\n2\u00b0 A l'article 5 de l'arr\u00eat\u00e9 2025-01614 susvis\u00e9, les mots \u00ab 31 janvier 2026 \u00bb sont remplac\u00e9s par \n\u00ab 4 f\u00e9vrier 2026 \u00bb. \nArticle 2 \u2013 Le pr\u00e9fet des Hauts-de-Seine, le pr\u00e9fet, directeur du cabinet du pr\u00e9fet de police et \nle chef de l'Etat-Major de la Zone de d\u00e9fense et de s\u00e9curit\u00e9 de Paris sont charg\u00e9s, chacun en \nce qui le concerne, de l'ex\u00e9cution du pr\u00e9sent arr\u00eat\u00e9 qui entrera en vigueur d\u00e8s son affichage \naux portes de la pr\u00e9fecture de police, sera publi\u00e9 aux recueils des actes administratifs du  \nd\u00e9partement de Paris et de la pr\u00e9fecture des Hauts-de-Seine et consultable sur le site  \ninternet de la pr\u00e9fecture de police (https://www.prefecturedepolice.interieur.gouv.fr). \nFait \u00e0 Paris, le 2 d\u00e9cembre 2025\nSIGN\u00c9\nPour le pr\u00e9fet de police\nLe pr\u00e9fet, directeur du cabinet, \nBaptiste ROLLAND\n2025-01630        2\nAnnexe de l'arr\u00eat\u00e9 n\u00b0 2025-01630 du 2 d\u00e9cembre 2025\nVOIES ET DELAIS DE RECOURS\n_______________________\nSi vous estimez devoir contester le pr\u00e9sent arr\u00eat\u00e9, il vous est possible, dans un  \nd\u00e9lai de deux mois \u00e0 compter de la date de sa publication au recueil des actes administratifs \ndu d\u00e9partement de Paris\u00a0: \n- soit de saisir d'un RECOURS GRACIEUX\nle Pr\u00e9fet de Police\n7/9, boulevard du Palais - 75195 PARIS RP\n- ou de former un RECOURS HIERARCHIQUE\n  aupr\u00e8s du Ministre de l'int\u00e9rieur\n  Direction des libert\u00e9s publiques et des affaires juridiques\n  place Beauvau - 75008 PARIS\n- soit de saisir d'un RECOURS CONTENTIEUX\nle Tribunal administratif comp\u00e9tent\nAucune de ces voies et recours ne suspend l'application de la pr\u00e9sente d\u00e9cision.\nLes  recours  GRACIEUX  et  HIERARCHIQUE  doivent  \u00eatre  \u00e9crits,  exposer  les \narguments ou faits nouveaux et comprendre la copie de l'arr\u00eat\u00e9 contest\u00e9.\nLe  recours  CONTENTIEUX,  qui  vise  \u00e0  contester  la  LEGALITE  de  la  pr\u00e9sente \nd\u00e9cision, doit \u00e9galement \u00eatre \u00e9crit et exposer votre argumentation juridique.\nSi vous n'aviez pas de r\u00e9ponse \u00e0 votre recours GRACIEUX ou HIERARCHIQUE dans \nun d\u00e9lai de deux mois \u00e0 compter de la r\u00e9ception de votre recours par l'administration, votre \ndemande devra \u00eatre consid\u00e9r\u00e9e comme rejet\u00e9e (d\u00e9cision implicite de rejet).\nEn  cas  de  rejet  des  recours  GRACIEUX  ou  HIERARCHIQUE,  le  Tribunal \nadministratif peut \u00eatre saisi d'un recours contentieux dans le d\u00e9lai de deux mois \u00e0 compter  \nde la date de la d\u00e9cision de rejet.\n2025-01630        3","date":"2025-12-02","first_seen_on":"2025-12-02T11:05:19+00:00","id":"ecde314919998edf2ff9828c5f77dfc21dcdc9ac181af919e9fe656dc1f76372","name":"Arr\u00eat\u00e9 2025-01630 modifiant l\u2019arr\u00eat\u00e9 n\u00b02025-01614 du 28 novembre 2025 autorisant la captation, l\u2019enregistrement et la transmission d\u2019images au moyen de cam\u00e9ras install\u00e9es sur des a\u00e9ronefs \u00e0 Paris et dans les Hauts-de-Seine (92) du 01/12/2025 au 31/01/2026","pdf_creation_date":"2025-12-02T09:20:11+00:00","pdf_modification_date":null,"timezone":"Europe/Paris","url":"https://www.prefecturedepolice.interieur.gouv.fr/sites/default/files/Documents/2025_01630_02122025.pdf"}
