{"administration":"pref03","administration_name":"Pr\u00e9fecture de l\u2019Allier","content":"ALLIER\nRECUEIL DES ACTES\nADMINISTRATIFS SP\u00c9CIAL\nN\u00b003-2026-004\nPUBLI\u00c9 LE  6 JANVIER 2026\nSommaire\n03_DDETSPP_Direction D\u00e9partementale de l'Emploi, du Travail, des\nSolidarit\u00e9s et de la Protection des Populations de l'Allier /\n03-2026-01-05-00001 - Extrait de l'arr\u00eat\u00e9 pr\u00e9fectoral n\u00b006/2026 du\n5 janvier 2026 portant lev\u00e9e de l'arr\u00eat\u00e9 pr\u00e9fectoral\nn\u00b02440/2025 d\u00e9finissant une zone de pr\u00e9vention du risque (ZPR) de\npropagation du virus de l'influenza aviaire hautement pathog\u00e8ne dans\nl'avifaune sauvage et d'introduction du virus dans les\n\u00e9tablissements d\u00e9tenant des volailles et oiseaux captifs (1 page) Page 3\n03_Pr\u00e9f_Pr\u00e9fecture de l'Allier / Direction de la Coordination des\nPolitiques Publique\n03-2025-12-22-00007 - Arr\u00eat\u00e9 n\u00b0 2915/2025 du 22 d\u00e9cembre 2025\nportant composition des six formations sp\u00e9cialis\u00e9es de la commission\nd\u00e9partementale de la nature, des paysages et des sites de l'Allier (10\npages) Page 5\n2\n03_DDETSPP_Direction D\u00e9partementale de\nl'Emploi, du Travail, des Solidarit\u00e9s et de la\nProtection des Populations de l'Allier\n03-2026-01-05-00001\nExtrait de l'arr\u00eat\u00e9 pr\u00e9fectoral n\u00b006/2026 du 5\njanvier 2026 portant lev\u00e9e de l'arr\u00eat\u00e9 pr\u00e9fectoral\nn\u00b02440/2025 d\u00e9finissant une zone de pr\u00e9vention\ndu risque (ZPR) de propagation du virus de\nl'influenza aviaire hautement pathog\u00e8ne dans\nl'avifaune sauvage et d'introduction du virus\ndans les \u00e9tablissements d\u00e9tenant des volailles et\noiseaux captifs\n03_DDETSPP_Direction D\u00e9partementale de l'Emploi, du Travail, des Solidarit\u00e9s et de la Protection des Populations de l'Allier -\n03-2026-01-05-00001 - Extrait de l'arr\u00eat\u00e9 pr\u00e9fectoral n\u00b006/2026 du 5 janvier 2026 portant lev\u00e9e de l'arr\u00eat\u00e9 pr\u00e9fectoral n\u00b02440/2025\nd\u00e9finissant une zone de pr\u00e9vention du risque (ZPR) de propagation du virus de l'influenza aviaire hautement pathog\u00e8ne dans\nl'avifaune sauvage et d'introduction du virus dans les \u00e9tablissements d\u00e9tenant des volailles et oiseaux captifs\n3\nExtrait  de  l'arr\u00eat\u00e9  pr\u00e9fectoral  n\u00b006/2026  du  5  janvier  2026  portant  lev\u00e9e  de  l'arr\u00eat\u00e9\npr\u00e9fectoral  n\u00b02440/2025  d\u00e9finissant  une  zone  de  pr\u00e9vention  du  risque  (ZPR)  de\npropagation du virus de l'influenza aviaire hautement pathog\u00e8ne dans l'avifaune sauvage\net d'introduction du virus dans les \u00e9tablissements d\u00e9tenant des volailles et oiseaux captifs\n \nArticle 1er : Objet\nL'arr\u00eat\u00e9 pr\u00e9fectoral n\u00b02440/2025 du 5 novembre 2025 d\u00e9finissant une zone de pr\u00e9vention\ndu risque (ZPR) de propagation du virus de l'influenza aviaire hautement pathog\u00e8ne dans\nl'avifaune sauvage et d'introduction du virus dans les \u00e9tablissements d\u00e9tenant des volailles\net oiseaux captifs et les mesures applicables dans cette zone, est abrog\u00e9. \nArticle 2 : D\u00e9lais et voies de recours\nLe  pr\u00e9sent  arr\u00eat\u00e9  est  susceptible  de  recours  aupr\u00e8s  du  tribunal  administratif\nterritorialement comp\u00e9tent sous un d\u00e9lai de deux mois \u00e0 compter de sa publication,\nconform\u00e9ment  aux  dispositions  des  articles  R.  421-1  et  suivants  du  code  de  justice\nadministrative.\nArticle 3 : Dispositions finales\nLe secr\u00e9taire g\u00e9n\u00e9ral de la pr\u00e9fecture de l'Allier, le directeur d\u00e9partemental de l'emploi, du\ntravail, des solidarit\u00e9s et la protection des population s, le chef du service d\u00e9partemental\nde l'Office Fran\u00e7ais de la Biodiversit\u00e9, les maires des communes concern\u00e9es, le colonel\ncommandant du groupement de gendarmerie, le directeur d\u00e9partemental de la police\nnationale, les d\u00e9tenteurs de volailles et d'oiseaux captifs sont responsables, chacun en ce\nqui le concerne, de l'application du pr\u00e9sent arr\u00eat\u00e9 qui sera publi\u00e9 au recueil des actes\nadministratifs de la Pr\u00e9fecture et affich\u00e9 dans les mairies concern\u00e9es.\nFait \u00e0 Moulins, le 5 janvier 2026\nLe pr\u00e9fet,\nSIGN\u00c9\nChristophe NO\u00cbL du PAYRAT\n03_DDETSPP_Direction D\u00e9partementale de l'Emploi, du Travail, des Solidarit\u00e9s et de la Protection des Populations de l'Allier -\n03-2026-01-05-00001 - Extrait de l'arr\u00eat\u00e9 pr\u00e9fectoral n\u00b006/2026 du 5 janvier 2026 portant lev\u00e9e de l'arr\u00eat\u00e9 pr\u00e9fectoral n\u00b02440/2025\nd\u00e9finissant une zone de pr\u00e9vention du risque (ZPR) de propagation du virus de l'influenza aviaire hautement pathog\u00e8ne dans\nl'avifaune sauvage et d'introduction du virus dans les \u00e9tablissements d\u00e9tenant des volailles et oiseaux captifs\n4\n03_Pr\u00e9f_Pr\u00e9fecture de l'Allier\n03-2025-12-22-00007\nArr\u00eat\u00e9 n\u00b0 2915/2025 du 22 d\u00e9cembre 2025\nportant composition des six formations\nsp\u00e9cialis\u00e9es de la commission d\u00e9partementale\nde la nature, des paysages et des sites de l'Allier\n03_Pr\u00e9f_Pr\u00e9fecture de l'Allier - 03-2025-12-22-00007 - Arr\u00eat\u00e9 n\u00b0 2915/2025 du 22 d\u00e9cembre 2025 portant composition des six\nformations sp\u00e9cialis\u00e9es de la commission d\u00e9partementale de la nature, des paysages et des sites de l'Allier 5\n| 3PREFETDE L'ALLIERLiibert\u00e9Egalit\u00e9Fraternit\u00e9\nDirection de la coordination\ndes politiques publiques\nBureau de l'environnement et de l'utilit\u00e9 publique\nN\u00b0 2915 / 2025 du 22 d\u00e9cembre 2025\nARR\u00caT\u00c9\nportant composition des six formations sp\u00e9cialis\u00e9es\nde la commission d\u00e9partementale\nde la nature, des paysages et des sites (CDNPS) de l'Allier\nLe Pr\u00e9fet de l'Allier\nChevalier de l'ordre national du M\u00e9rite\nVu le Code de l'environnement, et notamment ses articles L.341.16 et R.341-16 \u00e0 R.341-25 ;\nVu le code des relations entre le public et l'administration, notamment ses articles R.133-1 \u00e0 R.133-\n15 ;\nVu le d\u00e9cret n\u00b0 2006-665 du 7 juin 2006 modifi\u00e9 relatif \u00e0 la r\u00e9duction du nombre et \u00e0 la simplification\nde la composition de diverses commissions administratives, notamment ses articles 8, 9 et 15 ;\nVu le d\u00e9cret n\u00b0 2006-672 du 8 juin 2006 modifi\u00e9 relatif \u00e0 la cr\u00e9ation, \u00e0 la composition et au\nfonctionnement de commissions administratives \u00e0 caract\u00e8re consultatif ;\nVu l'arr\u00eat\u00e9 pr\u00e9fectoral n\u00b0 2143-2021 du 13 septembre 2021 instituant la commission d\u00e9partementale\nde la nature, des paysages et des sites (CDNPS) ;\nVu  l'arr\u00eat\u00e9  pr\u00e9fectoral  n\u00b0  2686-2022  du  7  d\u00e9cembre  2022  portant  composition  des  formations\nsp\u00e9cialis\u00e9es de la commission d\u00e9partementale de la nature, des paysages et des sites (CDNPS) ;\nVu les arr\u00eat\u00e9s modificatifs de la composition des diff\u00e9rentes formations sp\u00e9cialis\u00e9es de la CDNPS\ndes 22 novembre 2023, 6 d\u00e9cembre 2023, 16 mai 2024, 19 mars 2025, 3 avril 2025 et 28 mai 2025 ;\nVu les d\u00e9signations propos\u00e9es ;\nConsid\u00e9rant que le mandat des membres est arriv\u00e9 \u00e0 son terme ;\nSur proposition du secr\u00e9taire g\u00e9n\u00e9ral de la pr\u00e9fecture de l'Allier,\nARR\u00caTE\nArticle 1er : Les membres de la commission d\u00e9partementale de la nature, des paysages et des sites\nsi\u00e8gent au sein des formations sp\u00e9cialis\u00e9es ainsi qu'il suit :\nPr\u00e9sident : le Pr\u00e9fet, ou son repr\u00e9sentant\n1/10\nPr\u00e9fecture de l'Allier\n2 rue Michel de l'Hospital\nCS 31649 - 03016 MOULINS Cedex\nT\u00e9l. 04 70 48 30 00 -\nwww.allier.gouv.fr\n03_Pr\u00e9f_Pr\u00e9fecture de l'Allier - 03-2025-12-22-00007 - Arr\u00eat\u00e9 n\u00b0 2915/2025 du 22 d\u00e9cembre 2025 portant composition des six\nformations sp\u00e9cialis\u00e9es de la commission d\u00e9partementale de la nature, des paysages et des sites de l'Allier 6\nI \u2013 FORMATION SP\u00c9CIALIS\u00c9E DES CARRI\u00c8RES\na) au titre du coll\u00e8ge des repr\u00e9sentants des services de l'\u00c9tat :\n\u2013 M. le directeur r\u00e9gional de l'environnement, de l'am\u00e9nagement et du logement Auvergne-\nRh\u00f4ne-Alpes, ou son repr\u00e9sentant ;\n\u2013 M. le directeur d\u00e9partemental des territoires, ou son repr\u00e9sentant ;\n\u2013 M. le chef de l'unit\u00e9 d\u00e9partementale de l'architecture et du patrimoine, ou son repr\u00e9sentant.\nb) au titre du coll\u00e8ge des repr\u00e9sentants \u00e9lus des collectivit\u00e9s territoriales :\n\u2013 D\u00e9partement   :\nTitulaire\u00a0:\u00a0M. Christian CHITO, vice-pr\u00e9sident du Conseil d\u00e9partemental,\nconseiller d\u00e9partemental du canton de Montlu\u00e7on-3 ;\nSuppl\u00e9ante\u00a0:\u00a0Mme Marie CARR\u00c9, vice-pr\u00e9sidente du Conseil d\u00e9partemental,\nconseill\u00e8re d\u00e9partementale du canton d'Huriel.\n\u2013 communes   :\nTitulaire\u00a0:\u00a0\u00a0M. Bernard DEVOUCOUX, maire de Bro\u00fbt-Vernet ;\nSuppl\u00e9ant\u00a0:\u00a0M. Fabien THEVENOUX, maire de C\u00e9rilly.\nTitulaire\u00a0:\u00a0M. Fr\u00e9d\u00e9ric VERDIER, maire de Besson ;\nSuppl\u00e9ant\u00a0:\u00a0M. Jean-Luc MARQUANT, maire de Saligny-sur-Roudon.\nc) au titre du coll\u00e8ge des personnalit\u00e9s qualifi\u00e9es en mati\u00e8re de sciences de la nature, de\nprotection des sites ou du cadre de vie, de repr\u00e9sentants d'associations agr\u00e9\u00e9es de\nprotection  de  l'environnement  et  de  repr\u00e9sentants  des  organisations  agricoles  ou\nsylvicoles :\n\u2013 associations agr\u00e9\u00e9es   :\nTitulaire\u00a0:\u00a0M. Pierre CAZAL, association France nature environnement Allier ;\nSuppl\u00e9ante\u00a0: Mme Fabienne THIERY\nTitulaire\u00a0:\u00a0M. Laurent GAILLARD, f\u00e9d\u00e9ration de l'Allier pour la p\u00eache et la protection du milieu\naquatique ;\nSuppl\u00e9ant\u00a0:\u00a0M. Didier JEROME.\n\u2013 organisations agricoles ou sylvicoles   :\nTitulaire\u00a0:\u00a0M. Gilles CABART, chambre d'agriculture de l'Allier ;\nSuppl\u00e9ant\u00a0:\u00a0M. Hugues PEROUSE DE MONTCLOS\nd) au titre du coll\u00e8ge des personnes comp\u00e9tentes dans les domaines d'intervention de la\nformation sp\u00e9cialis\u00e9e des carri\u00e8res :\n\u2013 exploitants de carri\u00e8re   :\nTitulaire\u00a0:\u00a0M. Emmanuel SICAMOIS, Soci\u00e9t\u00e9 NEXSTONE ;\nSuppl\u00e9ant\u00a0:\u00a0M. Nicolas FOURNIER, Soci\u00e9t\u00e9 Granulats VICAT.\nTitulaire\u00a0:\u00a0M. Alain FEYDEL, SAS JALICOT ;\nSuppl\u00e9ant\u00a0:\u00a0M. Pierre-Alain BOUHET, Soci\u00e9t\u00e9 Carri\u00e8res VIALLET.\n2/10\n03_Pr\u00e9f_Pr\u00e9fecture de l'Allier - 03-2025-12-22-00007 - Arr\u00eat\u00e9 n\u00b0 2915/2025 du 22 d\u00e9cembre 2025 portant composition des six\nformations sp\u00e9cialis\u00e9es de la commission d\u00e9partementale de la nature, des paysages et des sites de l'Allier 7\n\u2013 utilisateurs de mat\u00e9riaux de carri\u00e8re   :\nTitulaire\u00a0:\u00a0Mme Cindy BOCHARD, d\u00e9l\u00e9gation Auvergne de la f\u00e9d\u00e9ration r\u00e9gionale\ndes travaux publics Auvergne-Rh\u00f4ne-Alpes ;\nSuppl\u00e9ant\u00a0:\u00a0M. Cyril CHEVALIER, SAS BARBIERO.\nLe maire de la commune sur le territoire de laquelle une exploitation est projet\u00e9e est invit\u00e9 \u00e0 si\u00e9ger \u00e0\nla s\u00e9ance au cours de laquelle la demande d'autorisation de cette exploitation est examin\u00e9e et a voix\nd\u00e9lib\u00e9rative sur celle-ci.\nII \u2013 FORMATION SP\u00c9CIALIS\u00c9E DE LA FAUNE SAUVAGE CAPTIVE\na) au titre du coll\u00e8ge des repr\u00e9sentants des services de l'\u00c9tat :\n\u2013 M. le directeur r\u00e9gional de l'environnement, de l'am\u00e9nagement et du logement Auvergne-\nRh\u00f4ne-Alpes, ou son repr\u00e9sentant ;\n\u2013 M. le directeur d\u00e9partemental de l'emploi, du travail, des solidarit\u00e9s et de la protection\ndes populations, ou son repr\u00e9sentant ;\n\u2013 M. le directeur d\u00e9partemental des territoires, ou son repr\u00e9sentant.\nb) au titre du coll\u00e8ge des repr\u00e9sentants \u00e9lus des collectivit\u00e9s territoriales :\n\u2013 D\u00e9partement   :\nTitulaire\u00a0:\u00a0M. Christian CHITO, vice-pr\u00e9sident du Conseil d\u00e9partemental,\nconseiller d\u00e9partemental du canton de Montlu\u00e7on-3 ;\nSuppl\u00e9ante\u00a0:\u00a0Mme Marie CARR\u00c9, vice-pr\u00e9sidente du Conseil d\u00e9partemental,\nconseill\u00e8re d\u00e9partementale du canton d'Huriel.\n\u2013 communes   :\nTitulaire\u00a0:\u00a0M. Kamel AMARA, maire de Le Vilhain ;\nSuppl\u00e9ant\u00a0:\u00a0M. Christophe de CONTENSON, maire de Couzon.\nTitulaire\u00a0:\u00a0Mme Delphine THEVENOUX, maire de Barrais-Bussolles ;\nSuppl\u00e9ant\u00a0:\u00a0M. Alain VERNISSE, maire de Tr\u00e9zelles.\nc) au titre du coll\u00e8ge des personnalit\u00e9s qualifi\u00e9es en mati\u00e8re de sciences de la nature, de\nprotection des sites ou du cadre de vie, de repr\u00e9sentants d'associations agr\u00e9\u00e9es de\nprotection  de  l'environnement  et  de  repr\u00e9sentants  des  organisations  agricoles  ou\nsylvicoles :\n\u2013 associations agr\u00e9\u00e9es   :\nTitulaire\u00a0:\u00a0Mme Michelle PETIT, association France nature environnement Allier ;\nSuppl\u00e9ant\u00a0:\u00a0M. Pierre CAZAL\n\u2013 personnes qualifi\u00e9es en mati\u00e8re de faune sauvage captive   :\nTitulaire\u00a0:\u00a0Mme Manna\u00efg DE KERSAUSON DE PENNENDREFF, v\u00e9t\u00e9rinaire sanitaire ;\nSuppl\u00e9ant\u00a0:\u00a0M. Micka\u00ebl COULIN, capacitaire Maison de l'aquarium du Val de Besbre.\nTitulaire\u00a0:\u00a0M. Thierry IMBERT, capacitaire mygales ;\nSuppl\u00e9ante\u00a0:\u00a0Mme Rosemary MOIGNO, v\u00e9t\u00e9rinaire au parc animalier Le PAL.\n3/10\n03_Pr\u00e9f_Pr\u00e9fecture de l'Allier - 03-2025-12-22-00007 - Arr\u00eat\u00e9 n\u00b0 2915/2025 du 22 d\u00e9cembre 2025 portant composition des six\nformations sp\u00e9cialis\u00e9es de la commission d\u00e9partementale de la nature, des paysages et des sites de l'Allier 8\nd) au titre du coll\u00e8ge des personnes comp\u00e9tentes dans les domaines d'intervention de la\nformation sp\u00e9cialis\u00e9e de la faune sauvage captive :\n\u2013 \u00e9tablissements    pratiquant l'\u00e9levage ou la pr\u00e9sentation au public d'animaux d'esp\u00e8ces  \nnon domestiques :\nTitulaire\u00a0:\u00a0M. Arnaud BENNET, pr\u00e9sident directeur g\u00e9n\u00e9ral du parc animalier Le PAL ;\nSuppl\u00e9ant\u00a0:\u00a0M. Nicolas GELI, capacitaire oiseaux au parc animalier Le PAL.\nTitulaire\u00a0:\u00a0M. Didier LEPORTOIS, capacitaire, \u00e9leveur d'anatid\u00e9s et de psittacid\u00e9s ;\nSuppl\u00e9ant\u00a0:\u00a0M. Christian ROY, pr\u00e9sident de l'Union avicole bourbonnaise.\nTitulaire\u00a0:\u00a0M. Matthieu PERON, \u00e9leveur de bisons ;\nSuppl\u00e9ante\u00a0:\u00a0Mme Wendy NOORDERMEER, capacitaire mammif\u00e8res au parc animalier Le PAL\nIII \u2013 FORMATION SP\u00c9CIALIS\u00c9E DE LA NATURE\na) au titre du coll\u00e8ge des repr\u00e9sentants des services de l'\u00c9tat :\n\u2013 M. le directeur r\u00e9gional de l'environnement, de l'am\u00e9nagement et du logement Auvergne-\nRh\u00f4ne-Alpes, ou son repr\u00e9sentant ;\n\u2013 M.  le  directeur  r\u00e9gional  des  affaires  culturelles  Auvergne-Rh\u00f4ne-Alpes,  ou  son\nrepr\u00e9sentant ;\n\u2013 M. le directeur d\u00e9partemental de l'emploi, du travail, des solidarit\u00e9s et de la protection\ndes populations, ou son repr\u00e9sentant ;\n\u2013 M. le directeur d\u00e9partemental des territoires, ou son repr\u00e9sentant.\nb) au titre du coll\u00e8ge des repr\u00e9sentants \u00e9lus des collectivit\u00e9s territoriales :\n\u2013 D\u00e9partement   :\n\u00c0\u00a0l'exception\u00a0\u00a0 \u00a0des\u00a0r\u00e9unions\u00a0en\u00a0instance\u00a0de\u00a0concertation\u00a0pour\u00a0la\u00a0gestion\u00a0du\u00a0r\u00e9seau\u00a0Natura\u00a02000\u00a0 \u00a0\u00a0\u00a0\u00a0:\nTitulaire\u00a0:\u00a0M. Christian CHITO, vice-pr\u00e9sident du Conseil d\u00e9partemental,\nconseiller d\u00e9partemental du canton de Montlu\u00e7on-3 ;\nSuppl\u00e9ant\u00a0:\u00a0M. Jean LAURENT, conseiller d\u00e9partemental du canton de Moulins-2 ;\nTitulaire\u00a0:\u00a0Mme Marie CARR\u00c9, vice-pr\u00e9sidente du Conseil d\u00e9partemental,\nconseill\u00e8re d\u00e9partementale du canton d'Huriel ;\nSuppl\u00e9ante\u00a0:\u00a0Mme Jo\u00eblle BARLAND-LAPORTE, conseill\u00e8re d\u00e9partementale du canton\nde Bourbon-l'Archambault.\nPour\u00a0 \u00a0\u00a0les\u00a0r\u00e9unions\u00a0en\u00a0instance\u00a0de\u00a0concertation\u00a0pour\u00a0la\u00a0gestion\u00a0du\u00a0r\u00e9seau\u00a0Natura\u00a02000\u00a0 \u00a0\u00a0\u00a0\u00a0:\nTitulaire\u00a0:\u00a0M. Christian CHITO, vice-pr\u00e9sident du Conseil d\u00e9partemental,\nconseiller d\u00e9partemental du canton de Montlu\u00e7on-3 ;\nSuppl\u00e9ante\u00a0:\u00a0Mme Marie CARR\u00c9, vice-pr\u00e9sidente du Conseil d\u00e9partemental,\nconseill\u00e8re d\u00e9partementale du canton d'Huriel ;\nTitulaire\u00a0:\u00a0M. Jean LAURENT, conseiller d\u00e9partemental du canton de Moulins-2 ;\nSuppl\u00e9ante\u00a0:\u00a0Mme Jo\u00eblle BARLAND-LAPORTE, conseill\u00e8re d\u00e9partementale du canton\nde Bourbon-l'Archambault.\n4/10\n03_Pr\u00e9f_Pr\u00e9fecture de l'Allier - 03-2025-12-22-00007 - Arr\u00eat\u00e9 n\u00b0 2915/2025 du 22 d\u00e9cembre 2025 portant composition des six\nformations sp\u00e9cialis\u00e9es de la commission d\u00e9partementale de la nature, des paysages et des sites de l'Allier 9\n\u2013 communes   :\nTitulaire\u00a0:\u00a0M. Alain VERNISSE, maire de Tr\u00e9zelles ;\nSuppl\u00e9ante\u00a0:\u00a0Mme Delphine THEVENOUX, maire de Barrais-Bussolles.\nTitulaire\u00a0:\u00a0M. Kamel AMARA, maire du Vilhain ;\nSuppl\u00e9ante\u00a0:\u00a0Mme Fran\u00e7oise WALRAET, maire de Saint-Christophe.\nc) au titre du coll\u00e8ge des personnalit\u00e9s qualifi\u00e9es en mati\u00e8re de sciences de la nature, de\nprotection des sites ou du cadre de vie, de repr\u00e9sentants d'associations agr\u00e9\u00e9es de\nprotection  de  l'environnement  et  de  repr\u00e9sentants  des  organisations  agricoles  ou\nsylvicoles :\n\u2013 associations agr\u00e9\u00e9es   :\nTitulaire\u00a0:\u00a0Mme Michelle PETIT, association France nature environnement Allier ;\nSuppl\u00e9ante\u00a0:\u00a0Mme Fabienne THIERY\nTitulaire\u00a0: Mme Mireille AUCLAIR, association animation et d\u00e9veloppement d'actions techniques\npour une \u00e9cocitoyennet\u00e9 responsable ;\nSuppl\u00e9ant\u00a0: M. Ren\u00e9 AUCLAIR\n\u2013 organisations agricoles ou sylvicoles   :\nTitulaire\u00a0:\u00a0M. Gilles CABART, chambre d'agriculture de l'Allier ;\nSuppl\u00e9ant\u00a0:\u00a0M. Hugues PEROUSE DE MONTCLOS\nTitulaire\u00a0:\u00a0M. Jean-Jacques MIYX, centre r\u00e9gional de la propri\u00e9t\u00e9 foresti\u00e8re ;\nSuppl\u00e9ant\u00a0:\u00a0M. Jean-Baptiste REBOUL\nd) au titre du coll\u00e8ge des personnes comp\u00e9tentes dans les domaines d'intervention de la\nformation sp\u00e9cialis\u00e9e de la nature :\n\u2013 associations agr\u00e9\u00e9es   :\nTitulaire\u00a0:\u00a0Mme Sylvie LOVATY, d\u00e9l\u00e9gation Auvergne de la ligue de protection des oiseaux ;\nSuppl\u00e9ant\u00a0:\u00a0M. Simon MILLIET\nTitulaire\u00a0:\u00a0Mme Estelle COURNEZ, conservatoire d'espaces naturels de l'Allier ;\nSuppl\u00e9ante\u00a0:\u00a0Mme H\u00e9l\u00e8ne COLLET\nTitulaire\u00a0:\u00a0Mme Elisabeth BLANCHET, conservatoire d'espaces naturels de l'Allier ;\nSuppl\u00e9ant\u00a0:\u00a0M. Romary COURTOIS.\nEt selon la nature des dossiers examin\u00e9s :\n\u2013 associations agr\u00e9\u00e9es     :\nTitulaire\u00a0:\u00a0M. Laurent GAILLARD, f\u00e9d\u00e9ration de l'Allier pour la p\u00eache et la protection du milieu\naquatique ;\nSuppl\u00e9ant\u00a0:\u00a0M. Didier JEROME.\nOU\nTitulaire : M. Jean-Pierre GAILLARD, f\u00e9d\u00e9ration d\u00e9partementale des chasseurs ;\nSuppl\u00e9ant\u00a0:\u00a0M. Antoine SANTARELLI.\n5/10\n03_Pr\u00e9f_Pr\u00e9fecture de l'Allier - 03-2025-12-22-00007 - Arr\u00eat\u00e9 n\u00b0 2915/2025 du 22 d\u00e9cembre 2025 portant composition des six\nformations sp\u00e9cialis\u00e9es de la commission d\u00e9partementale de la nature, des paysages et des sites de l'Allier 10\nLorsque la formation sp\u00e9cialis\u00e9e se r\u00e9unit en instance de concertation pour la gestion du r\u00e9seau\nNatura 2000, le pr\u00e9fet peut inviter des repr\u00e9sentants d'organismes consulaires et des activit\u00e9s\npr\u00e9sentes sur les sites Natura 2000, notamment agricoles, foresti\u00e8res, extractives, touristiques ou\nsportives, \u00e0 y participer, sans voix d\u00e9lib\u00e9rative.\nLorsque la formation sp\u00e9cialis\u00e9e est charg\u00e9e d'\u00e9mettre un avis sur un acte r\u00e9glementaire relatif \u00e0 la\nprotection des biotopes, d'habitats naturels ou de sites d'int\u00e9r\u00eat g\u00e9ologique, le pr\u00e9fet peut inviter des\npersonnes  et  des  repr\u00e9sentants  des  organismes  consulaires  et  des  activit\u00e9s  concern\u00e9s  \u00e0  y\nparticiper, sans voix d\u00e9lib\u00e9rative.\nIV \u2013 FORMATION SP\u00c9CIALIS\u00c9E DE LA PUBLICIT\u00c9\na) au titre du coll\u00e8ge des repr\u00e9sentants des services de l'\u00c9tat :\n\u2013 M. le directeur r\u00e9gional de l'environnement, de l'am\u00e9nagement et du logement Auvergne-\nRh\u00f4ne-Alpes, ou son repr\u00e9sentant ;\n\u2013 M. le directeur d\u00e9partemental des territoires, ou son repr\u00e9sentant ;\n\u2013 M. le chef de l'unit\u00e9 d\u00e9partementale de l'architecture et du patrimoine, ou son repr\u00e9sentant.\nb) au titre du coll\u00e8ge des repr\u00e9sentants \u00e9lus des collectivit\u00e9s territoriales :\n\u2013 D\u00e9partement   :\nTitulaire\u00a0:\u00a0M. Christian CHITO, vice-pr\u00e9sident du Conseil d\u00e9partemental,\nconseiller d\u00e9partemental du canton de Montlu\u00e7on-3 ;\nSuppl\u00e9ante\u00a0:\u00a0Mme Marie CARR\u00c9, vice-pr\u00e9sidente du Conseil d\u00e9partemental,\nconseill\u00e8re d\u00e9partementale du canton d'Huriel.\n\u2013 communes   :\nTitulaire\u00a0:\u00a0Mme St\u00e9phanie CUSIN-PANIT, maire de H\u00e9risson ;\nSuppl\u00e9ant\u00a0:\u00a0M. Fabrice MARIDET, maire de Saint-Pour\u00e7ain-sur-Besbre.\nTitulaire\u00a0:\u00a0M. Christophe de CONTENSON, maire de Couzon ;\nSuppl\u00e9ant\u00a0:\u00a0M. Jean-Luc MARQUANT, maire de Saligny-sur-Roudon.\nc) au titre du coll\u00e8ge des personnalit\u00e9s qualifi\u00e9es en mati\u00e8re de s ciences de la nature, de\nprotection des sites ou du cadre de vie, de repr\u00e9sentants d'associations agr\u00e9\u00e9es de\nprotection  de  l'environnement  et  de  repr\u00e9sentants  des  organisations  agricoles  ou\nsylvicoles :\n\u2013 associations agr\u00e9\u00e9es   :\nTitulaire\u00a0:\u00a0Mme Andr\u00e9e ROUFFET-PINON, association France nature environnement Allier ;\nSuppl\u00e9ante\u00a0:\u00a0Mme Ghislaine PHILIPPE.\nTitulaire\u00a0:\u00a0M. Jean-Paul NARGEOT, association Paysages de France ;\nSuppl\u00e9ant\u00a0:\u00a0M. Edouard TERMIGNON.\n\u2013 organisations agricoles ou sylvicoles   :\nTitulaire\u00a0:\u00a0M. Gilles CABART, chambre d'agriculture de l'Allier ;\nSuppl\u00e9ant\u00a0:\u00a0M. Hugues PEROUSE DE MONTCLOS.\n6/10\n03_Pr\u00e9f_Pr\u00e9fecture de l'Allier - 03-2025-12-22-00007 - Arr\u00eat\u00e9 n\u00b0 2915/2025 du 22 d\u00e9cembre 2025 portant composition des six\nformations sp\u00e9cialis\u00e9es de la commission d\u00e9partementale de la nature, des paysages et des sites de l'Allier 11\nd) au titre du coll\u00e8ge des personnes comp\u00e9tentes dans les domaines d'intervention de la\nformation sp\u00e9cialis\u00e9e de la publicit\u00e9 :\n\u2013 entreprises de publicit\u00e9   :\nTitulaire\u00a0:\u00a0M. Herv\u00e9 GUYON , soci\u00e9t\u00e9 MPE-Avenir ;\nSuppl\u00e9ante\u00a0:\u00a0Mme Armelle VUILLEMIN.\nTitulaire\u00a0:\u00a0M. David BROTTET, soci\u00e9t\u00e9 Cityz Media\nSuppl\u00e9ant\u00a0:\u00a0M. Fran\u00e7ois PAPOT-LIBERAL\n\u2013 fabricants d'enseignes   :\nTitulaire\u00a0:\u00a0M. Jean-Marie WOS, soci\u00e9t\u00e9 Enseigne 03 ;\nSuppl\u00e9ante\u00a0:\u00a0Mme Marion FERHAT, FESPA France\nLe maire de la commune ou le pr\u00e9sident de l'\u00e9tablissement public de coop\u00e9ration intercommunale,\nint\u00e9ress\u00e9 par le projet, est invit\u00e9 \u00e0 si\u00e9ger \u00e0 la s\u00e9ance au cours de laquelle le projet est examin\u00e9 et a\nvoix d\u00e9lib\u00e9rative sur celui-ci.\nV \u2013 FORMATION SP\u00c9CIALIS\u00c9E DES SITES ET PAYSAGES\na) au titre du coll\u00e8ge des repr\u00e9sentants des services de l'\u00c9tat :\nM. le directeur r\u00e9gional de l'environnement, de l'am\u00e9nagement et du logement Auvergne-\nRh\u00f4ne-Alpes, ou son repr\u00e9sentant ;\n\u2013 M. le directeur r\u00e9gional de l'\u00e9conomie, de l'emploi, du travail et des solidarit\u00e9s , ou son\nrepr\u00e9sentant ;\n\u2013 M. le directeur d\u00e9partemental des territoires, ou son repr\u00e9sentant ;\n\u2013 M. le chef de l'unit\u00e9 d\u00e9partementale de l'architecture et du patrimoine, ou son repr\u00e9sentant.\nb) au titre du coll\u00e8ge des repr\u00e9sentants \u00e9lus des collectivit\u00e9s territoriales :\n\u2013 D\u00e9partement   :\nTitulaire\u00a0:\u00a0M. Christian CHITO, vice-pr\u00e9sident du Conseil d\u00e9partemental,\nconseiller d\u00e9partemental du canton de Montlu\u00e7on-3 ;\nSuppl\u00e9ant\u00a0:\u00a0M. Jean LAURENT, conseiller d\u00e9partemental du canton de Moulins-2 ;\nTitulaire\u00a0:\u00a0Mme Marie CARR\u00c9, vice-pr\u00e9sidente du Conseil d\u00e9partemental,\nconseill\u00e8re d\u00e9partementale du canton d'Huriel ;\nSuppl\u00e9ante\u00a0:\u00a0Mme Jo\u00eblle BARLAND-LAPORTE, conseill\u00e8re d\u00e9partementale du canton\nde Bourbon-l'Archambault.\n\u2013 communes   :\nTitulaire\u00a0:\u00a0M. Bernard DEVOUCOUX, maire de Bro\u00fbt-Vernet ;\nSuppl\u00e9ante\u00a0:\u00a0Mme St\u00e9phanie CUSIN-PANIT, maire de H\u00e9risson.\n\u2013 \u00e9tablissements publics de coop\u00e9ration intercommunale   :\nTitulaire\u00a0:\u00a0M. Robert PINFORT, vice-pr\u00e9sident de la communaut\u00e9 de communes\nSaint-Pour\u00e7ain Sioule Limagne ;\nSuppl\u00e9ante\u00a0:\u00a0Mme Annick DELIGEARD, vice-pr\u00e9sidente de Moulins Communaut\u00e9.\n7/10\n03_Pr\u00e9f_Pr\u00e9fecture de l'Allier - 03-2025-12-22-00007 - Arr\u00eat\u00e9 n\u00b0 2915/2025 du 22 d\u00e9cembre 2025 portant composition des six\nformations sp\u00e9cialis\u00e9es de la commission d\u00e9partementale de la nature, des paysages et des sites de l'Allier 12\nc) au titre du coll\u00e8ge des personnalit\u00e9s qualifi\u00e9es en mati\u00e8re de sciences de la nature, de\nprotection des sites ou du cadre de vie, de repr\u00e9sentants d'associations agr\u00e9\u00e9es de\nprotection  de  l'environnement  et  de  repr\u00e9sentants  des  organisations  agricoles  ou\nsylvicoles :\n\u2013 associations agr\u00e9\u00e9es   :\nTitulaire\u00a0:\u00a0Mme Michelle PETIT, association France nature environnement Allier ;\nSuppl\u00e9ant\u00a0:\u00a0M. Pierre CAZAL.\nTitulaire\u00a0: Mme Mireille AUCLAIR, association animation et d\u00e9veloppement d'actions techniques\npour une \u00e9cocitoyennet\u00e9 responsable ;\nSuppl\u00e9ant\u00a0: M. Ren\u00e9 AUCLAIR\n\u2013 organisations agricoles ou sylvicoles   :\nTitulaire\u00a0:\u00a0M. Gilles CABART, chambre d'agriculture de l'Allier ;\nSuppl\u00e9ant\u00a0:\u00a0M. Hugues PEROUSE DE MONTCLOS.\nTitulaire\u00a0:\u00a0M. Jean-Jacques MIYX, centre r\u00e9gional de la propri\u00e9t\u00e9 foresti\u00e8re ;\nSuppl\u00e9ant\u00a0:\u00a0M. Jean-Baptiste REBOUL\nd) au titre du coll\u00e8ge des personnes comp\u00e9tentes dans les domaines d'intervention de la\nformation sp\u00e9cialis\u00e9e des sites et des paysages :\n\u00c0\u00a0l'exception\u00a0\u00a0 \u00a0des\u00a0installations\u00a0de\u00a0production\u00a0d'\u00e9lectricit\u00e9\u00a0utilisant\u00a0l'\u00e9nergie\u00a0m\u00e9canique\u00a0du\u00a0vent\u00a0 \u00a0\u00a0:\nTitulaire\u00a0:\u00a0M. Fr\u00e9d\u00e9ric BOUESNARD, architecte ;\nSuppl\u00e9ant\u00a0:\u00a0------\nTitulaire\u00a0:\u00a0Mme Isabelle de CHAVAGNAC, association des vieilles maisons fran\u00e7aises ;\nSuppl\u00e9ant\u00a0:\u00a0M. Xavier de FROMENT.\nTitulaire\u00a0:\u00a0M. Nicolas PRESSICAUD, conservatoire d'espaces naturels de l'Allier ;\nSuppl\u00e9ant\u00a0:\u00a0M. Jean-Michel DESMON, association sites & monuments.\nTitulaire\u00a0:\u00a0Mme Christine DEFFNER, ing\u00e9nieure agronome ;\nSuppl\u00e9ant\u00a0:\u00a0\u00a0--------\u00a0.\nPour\u00a0les\u00a0installations\u00a0de\u00a0production\u00a0d'\u00e9lectricit\u00e9\u00a0utilisant\u00a0l'\u00e9nergie\u00a0m\u00e9canique\u00a0du\u00a0vent\u00a0 \u00a0\u00a0\u00a0\u00a0:\nTitulaire\u00a0:\u00a0M. Fr\u00e9d\u00e9ric BOUESNARD, architecte ;\nSuppl\u00e9ant\u00a0:\u00a0----\nTitulaire\u00a0:\u00a0Mme Isabelle de CHAVAGNAC, association VMF (vieilles maisons fran\u00e7aises) ;\nSuppl\u00e9ant\u00a0:\u00a0M. Xavier de FROMENT, association VMF (vieilles maisons fran\u00e7aises).\nTitulaire\u00a0:\u00a0M. Nicolas PRESSICAUT, conservatoire d'espaces naturels de l'Allier ;\nSuppl\u00e9ant\u00a0:\u00a0M. Jean-Michel DESMON, association sites & monuments.\nTitulaire\u00a0:\u00a0Mme B\u00e9r\u00e9nice COMMUN, soci\u00e9t\u00e9 WPD, France \u00e9nergie \u00e9olienne ;\nSuppl\u00e9ante\u00a0:\u00a0Mme M\u00e9lanie LABRANQUE, syndicat des \u00e9nergies renouvelables.\n8/10\n03_Pr\u00e9f_Pr\u00e9fecture de l'Allier - 03-2025-12-22-00007 - Arr\u00eat\u00e9 n\u00b0 2915/2025 du 22 d\u00e9cembre 2025 portant composition des six\nformations sp\u00e9cialis\u00e9es de la commission d\u00e9partementale de la nature, des paysages et des sites de l'Allier 13\nVI \u2013 FORMATION SP\u00c9CIALIS\u00c9E DES UNIT\u00c9S TOURISTIQUES NOUVELLES\na) au titre du coll\u00e8ge des repr\u00e9sentants des services de l'\u00c9tat :\n\u2013 M. le directeur r\u00e9gional de l'environnement, de l'am\u00e9nagement et du logement Auvergne-\nRh\u00f4ne-Alpes, ou son repr\u00e9sentant ;\n\u2013 M. le directeur r\u00e9gional de l'\u00e9conomie, de l'emploi, du travail et des solidarit\u00e9s , ou son\nrepr\u00e9sentant ;\n\u2013 M. le directeur d\u00e9partemental des territoires, ou son repr\u00e9sentant.\nb) au titre du coll\u00e8ge des repr\u00e9sentants \u00e9lus des collectivit\u00e9s territoriales :\n\u2013 D\u00e9partement   :\nTitulaire\u00a0:\u00a0M. Christian CHITO, vice-pr\u00e9sident du Conseil d\u00e9partemental,\nconseiller d\u00e9partemental du canton de Montlu\u00e7on-3 ;\nSuppl\u00e9ante\u00a0:\u00a0Mme Jo\u00eblle BARLAND-LAPORTE, conseill\u00e8re d\u00e9partementale du canton de\nBourbon-l'Archambault.\n\u2013 communes   :\nTitulaire\u00a0:\u00a0M. Fabrice MARIDET, maire de Saint-Pour\u00e7ain-sur-Besbre ;\nSuppl\u00e9ant\u00a0:\u00a0M. Fr\u00e9d\u00e9ric VERDIER, maire de Besson.\n\u2013 \u00e9tablissements publics de coop\u00e9ration intercommunale   :\nTitulaire\u00a0:\u00a0M. Robert PINFORT, vice-pr\u00e9sident de la communaut\u00e9 de communes \nSaint-Pour\u00e7ain Sioule Limagne ;\nSuppl\u00e9ante\u00a0:\u00a0Mme Annick DELIGEARD, vice-pr\u00e9sidente de Moulins Communaut\u00e9.\nc) au titre du coll\u00e8ge des personnalit\u00e9s qualifi\u00e9es en mati\u00e8re de sciences de la nature, de\nprotection des sites ou du cadre de vie, de repr\u00e9sentants d'associations agr\u00e9\u00e9es de\nprotection  de  l'environnement  et  de  repr\u00e9sentants  des  organisations  agricoles  ou\nsylvicoles :\n\u2013 associations agr\u00e9\u00e9es   :\nTitulaire\u00a0:\u00a0Mme Michelle PETIT, association France nature environnement Allier ;\nSuppl\u00e9ante\u00a0:\u00a0Mme Andr\u00e9e ROUFFET-PINON. \nTitulaire\u00a0: Mme Mireille AUCLAIR, association animation et d\u00e9veloppement d'actions techniques\npour une \u00e9cocitoyennet\u00e9 responsable ;\nSuppl\u00e9ant\u00a0: M. Ren\u00e9 AUCLAIR\nTitulaire\u00a0:\u00a0Mme Sylvie LOVATY, d\u00e9l\u00e9gation Auvergne de la Ligue de protection des oiseaux ;\nSuppl\u00e9ant\u00a0:\u00a0M. Simon MILLIET\nd) au titre du coll\u00e8ge des personnes comp\u00e9tentes dans les domaines d'intervention de la\nformation sp\u00e9cialis\u00e9e des unit\u00e9s touristiques nouvelles :\n\u2013 Chambre de commerce et d'industrie   :\nTitulaire\u00a0:\u00a0M. Hubert GOMOT ;\nSuppl\u00e9ant\u00a0:\u00a0M. Nicolas DESVAUX.\n9/10\n03_Pr\u00e9f_Pr\u00e9fecture de l'Allier - 03-2025-12-22-00007 - Arr\u00eat\u00e9 n\u00b0 2915/2025 du 22 d\u00e9cembre 2025 portant composition des six\nformations sp\u00e9cialis\u00e9es de la commission d\u00e9partementale de la nature, des paysages et des sites de l'Allier 14\n\u2013 Chambre de m\u00e9tiers et de l'artisanat   :\nTitulaire\u00a0:\u00a0M. Thierry AURICHE ;\nSuppl\u00e9ant\u00a0:\u00a0  -------- .\n\u2013 Agence d'attractivit\u00e9 du Bourbonnais   :\nTitulaire\u00a0:\u00a0Mme Pascale FELL\nSuppl\u00e9ante:\u00a0\u00a0Mme Amandine BIDET\nArticle 2 : Les membres de cette commission sont nomm\u00e9s pour une dur\u00e9e de trois ans \u00e0 compter\nde la date du pr\u00e9sent arr\u00eat\u00e9.\nArticle 3 : Le membre qui, au cours du mandat, d\u00e9c\u00e8de, d\u00e9missionne ou perd la qualit\u00e9 au titre de\nlaquelle il a \u00e9t\u00e9 d\u00e9sign\u00e9, est remplac\u00e9 pour la dur\u00e9e du mandat restant \u00e0 courir par une personne\nd\u00e9sign\u00e9e dans les m\u00eames conditions.\nArticle 4 : Le fonctionnement de la commission est r\u00e9gi par les textes susvis\u00e9s.\nArticle  5 :  Les  dispositions de  l'arr\u00eat\u00e9  pr\u00e9fectoral  n\u00b0  2686-2022  du  7  d\u00e9cembre  2022  portant\ncomposition des formations sp\u00e9cialis\u00e9es de la CDNPS, ainsi que celles des arr\u00eat\u00e9s modificatifs des\n22 novembre 2023, 6 d\u00e9cembre 2023, 16 mai 2024, 19 mars 2025, 3 avril 2025 et 28 mai 2025, sont\nabrog\u00e9es.\nArticle 6  : Le secr\u00e9taire g\u00e9n\u00e9ral de la pr\u00e9fecture est charg\u00e9 de l'ex\u00e9cution du pr\u00e9sent arr\u00eat\u00e9, qui\nsera notifi\u00e9 \u00e0 chacun des membres et publi\u00e9 au recueil des actes administratifs de la pr\u00e9fecture de\nl'Allier.\nMoulins, le   22 DEC. 2025\nPour le pr\u00e9fet et par d\u00e9l\u00e9gation\nLe secr\u00e9taire g\u00e9n\u00e9ral\nSign\u00e9\nOlivier MAUREL\n10/10\n03_Pr\u00e9f_Pr\u00e9fecture de l'Allier - 03-2025-12-22-00007 - Arr\u00eat\u00e9 n\u00b0 2915/2025 du 22 d\u00e9cembre 2025 portant composition des six\nformations sp\u00e9cialis\u00e9es de la commission d\u00e9partementale de la nature, des paysages et des sites de l'Allier 15","date":"2026-01-06","first_seen_on":"2026-01-06T15:04:54+00:00","id":"ed1bdb7af10e7d4967fb4ec8d223b8f7ec03250a3be7975a01b530a88762702b","name":"recueil nr sp\u00e9cial - \u00e9dit\u00e9 le 06 janier 2026","pdf_creation_date":"2026-01-06T14:46:28+00:00","pdf_modification_date":null,"timezone":"Europe/Paris","url":"https://www.allier.gouv.fr/contenu/telechargement/19280/131590/file/recueil-03-2026-004-recueil-des-actes-administratifs-special.pdf"}
