{"administration":"prefidf","administration_name":"Pr\u00e9fecture de la r\u00e9gion \u00cele-de-France","content":"PREFECTURE\nREGION ILE DE\nFRANCE\nRECUEIL DES ACTES\nADMINISTRATIFS SP\u00c9CIAL\nN\u00b0IDF-019-2026-02\nPUBLI\u00c9 LE 11 F\u00c9VRIER 2026\nSommaire\nAgence R\u00e9gionale de Sant\u00e9 / Agence r\u00e9gionale de sant\u00e9\nd'Ile-de-France-Direction de l'Offre de Soins (DOS)\nIDF-2026-02-05-00006 - D\u00e9cision n\u00b0DOS-2026/494 portant autorisation\nd'exercer l'activit\u00e9 de psychiatrie infanto-juv\u00e9nile en\nhospitalisation \u00e0\ntemps partiel de jour initialement d\u00e9tenue par\nl'association ASOIMEEP (4 pages) Page 3\nAgence R\u00e9gionale de Sant\u00e9 / Agence r\u00e9gionale de sant\u00e9\nd'Ile-de-France-P\u00f4le RH en sant\u00e9\nIDF-2026-02-11-00002 - D\u00e9cision 2026-777 portant sur l'autorisation de\nd\u00e9plafonnement des heures suppl\u00e9mentaires (R\u00e9sidences de la\nCit\u00e9 Verte - 94370 SUCY-EN-BRIE) (2 pages) Page 8\nIDF-2026-02-11-00003 - D\u00e9cision 2026-778 portant sur l'autorisation de\nd\u00e9plafonnement des heures suppl\u00e9mentaires (R\u00e9sidence Pierre\nTABANOU - 94240 L'HAY-LES-ROSES). (2 pages) Page 11\nAgence R\u00e9gionale de Sant\u00e9 / Direction de l'Offre de Soins  - P\u00f4le RH\nen Sant\u00e9\nIDF-2026-02-11-00001 - D\u00e9cision 2026-776 portant sur l'autorisation de\nd\u00e9plafonnement des heures suppl\u00e9mentaires (R\u00e9sidences de\nl'Abbaye, des Bords de Marne et de la Cristolienne - 94) (2 pages) Page 14\nAgence R\u00e9gionale de Sant\u00e9  - D\u00e9l\u00e9gation D\u00e9partementale de la\nSeine Saint-Denis /  D\u00e9partement Territoires - Parcours de soins\nIDF-2026-02-10-00002 - Arr\u00eat\u00e9 n\u00b0DD93- 2026/006 du 10 f\u00e9vrier\n2026 portant agr\u00e9ment du centre de sant\u00e9 Centre de sant\u00e9\nm\u00e9dico-dentaire 93 ayant pour num\u00e9ro FINESS Etablissement 93 003\n724 7 pour ses activit\u00e9s dentaires \n (1 page) Page 17\nPr\u00e9fecture de la r\u00e9gion d'Ile-de-France, pr\u00e9fecture de\nParis-Secr\u00e9tariat g\u00e9n\u00e9ral aux politiques publiques / Bureau de la\ncoordination et de l'investissement territorial\nIDF-2026-02-10-00005 - Arr\u00eat\u00e9 2026-122 modifiant l'arr\u00eat\u00e9 n\u00b0\n2022-311 du 22 juin 2022 portant attribution de subvention au titre de la\ndotation de soutien \u00e0 l'investissement local (2 pages) Page 19\n2\nAgence R\u00e9gionale de Sant\u00e9\nIDF-2026-02-05-00006\nD\u00e9cision n\u00b0DOS-2026/494 portant autorisation\nd'exercer l'activit\u00e9 de psychiatrie infanto-juv\u00e9nile\nen hospitalisation \u00e0\ntemps partiel de jour initialement d\u00e9tenue par\nl'association ASOIMEEP\nAgence R\u00e9gionale de Sant\u00e9 - IDF-2026-02-05-00006 - D\u00e9cision n\u00b0DOS-2026/494 portant autorisation d'exercer l'activit\u00e9 de psychiatrie\ninfanto-juv\u00e9nile en hospitalisation \u00e0\ntemps partiel de jour initialement d\u00e9tenue par l'association ASOIMEEP\n3\nREPUBLIQUEFRANCAISELibert\u00e9Egalit\u00e9Fraternit\u00e9\ne \u00bb Agence R\u00e9gionale de Sant\u00e9Ile-de-France\n \n \n \n \n \nAGENCE R\u00c9GIONALE DE SANT\u00c9 \u00ceLE-DE-FRANCE \nD\u00c9CISION N\u00b0DOS-2026/494 \nLE DIRECTEUR G\u00c9N\u00c9RAL DE L'AGENCE R\u00c9GIONALE DE SANT\u00c9 \u00ceLE-DE-FRANCE \n \nVU le Code de la sant\u00e9 publique notamment les articles L.6122 -1 et suivants, L.6123 -1 et  \nL.6124-1, R.6122 -23 et suivants et en particulier les articles D.6121 -10, R.6122 -37 et  \nD.6122-38 ; les articles  D.6124-248 \u00e0 D.6124-266 et R.6123-173 \u00e0 R.6123-200 ; \n \nVU le Code de la sant\u00e9 publique notamment les articles R .6123-173 et suivants, D .6124-225 et \nsuivants ; \n \nVU l'ordonnance n\u00b02021 -583 du 12 mai 2021 portant modification du r\u00e9gime des autorisations \nd'activit\u00e9s de soins et des \u00e9quipements mat\u00e9riels lourds ; \n \nVU la loi n\u00b02023-1268 du 27 d\u00e9cembre 2023 visant \u00e0 am\u00e9liorer l'acc\u00e8s aux soins par l'engagement \nterritorial des professionnels, notamment son article 9 ; \n \nVU le d\u00e9cret n\u00b02021-974 du 22 juillet 2021 relatif au r\u00e9gime des autorisations d'activit\u00e9s de soins \net des \u00e9quipements mat\u00e9riels lourds ; \n \nVU le d\u00e9cret n\u00b02022-1263 du 28 septembre 2022 relatif aux conditions d'implantation de l'activit\u00e9 \nde psychiatrie ; \n \nVU le d\u00e9cret n\u00b02022 -1264 du 28 septembre 2022 relatif aux conditions techniques de \nfonctionnement de l'activit\u00e9 de psychiatrie ; \n \nVU le d\u00e9cret n\u00b02023 -1375 du 29 d\u00e9cembre 2023 relatif \u00e0 la modification des conditions \nd'implantation des activit\u00e9s de soins critiques, traitement du cancer, cardiologie \ninterventionnelle, psychiatrie et m\u00e9decine nucl\u00e9aire ; \n \nVU le d\u00e9cret n\u00b02024-268 du 25 mars 2024 relatif \u00e0 la simplification de la mise en \u0153uvre de la \nr\u00e9forme des autorisations d'activit\u00e9s de soins ; \n \nVU le d\u00e9cret du 10 avril 2024 portant nomination de Monsieur Denis ROBIN Directeur g\u00e9n\u00e9ral de \nl'Agence r\u00e9gionale de sant\u00e9 \u00cele-de-France \u00e0 compter du 29 avril 2024 ; \n \nVU l'arr\u00eat\u00e9 du 27 juillet 2021 fixant le contenu du dossier de demande de confirmation \nd'autorisation d'activit\u00e9 de soins et \u00e9quipements mat\u00e9riels lourds ; \n \nVU l'arr\u00eat\u00e9 n\u00b02023-171 du 27 juin 2023 de la Directrice g\u00e9n\u00e9rale de l'Agence r\u00e9gionale de sant\u00e9 \n\u00cele-de-France portant d\u00e9limitation des zones donnant lieu \u00e0 la r\u00e9partition des activit\u00e9s de soins \net des \u00e9quipements mat\u00e9riels lourds ; \n \nVU l'arr\u00eat\u00e9 n\u00b0DIRNOV -2024/02 du 12 janvier 2024 portant modification de l'arr\u00eat\u00e9                \nN\u00b0DIRNOV-2023/09 portant adoption du Sch\u00e9ma r\u00e9gional de sant\u00e9 2023 -2028 du Projet \nr\u00e9gional de sant\u00e9 d'\u00cele-de-France ; \n \nVU l'arr\u00eat\u00e9 du 23 juillet 2025 modifiant l'arr\u00eat\u00e9 du 4 juillet 2025, relatif \u00e0 la d\u00e9finition des modes de \nprise en charge en psychiatrie et \u00e0 la liste de ces modes pouvant \u00eatre d\u00e9ploy\u00e9s en dehors du \nsite autoris\u00e9 en application de l'article R.6123-174 du Code de la sant\u00e9 publique ; \n \nVU l'instruction N\u00b0DGOS/R4/2022/257 du 2 d\u00e9cembre 2022 relative \u00e0 la mise en \u0153uvre de la \nr\u00e9forme des autorisations de l'activit\u00e9 de psychiatrie ; \nAgence R\u00e9gionale de Sant\u00e9 - IDF-2026-02-05-00006 - D\u00e9cision n\u00b0DOS-2026/494 portant autorisation d'exercer l'activit\u00e9 de psychiatrie\ninfanto-juv\u00e9nile en hospitalisation \u00e0\ntemps partiel de jour initialement d\u00e9tenue par l'association ASOIMEEP\n4\n2 \n \nVU la d\u00e9cision de la commission ex\u00e9cutive de l'Agence r\u00e9gionale d'hospitalisation \u00cele-de-France \nen date du  20 d\u00e9cembre 2000 autorisant l'association ASOIMEEP (n\u00b0 Finess EJ : 780009528), \ndont le si\u00e8ge social est situ\u00e9 Mairie de Poissy, Place de la r\u00e9publique 78300 Poissy, \u00e0 exercer \nl'activit\u00e9 de psychiatrie infanto -juv\u00e9nile sous la forme d'hospitalisation \u00e0 temps partiel  de jour \nsur le site de l'H\u00f4pital de Jour (HDJ) pour enfants ASOIMEEP, 27 avenue du Cep 78300 Poissy \n(n\u00b0 Finess ET : 780170049) ; \n \nVU la demande pr\u00e9sent\u00e9e par l'association HANDI VAL -DE-SEINE (HVS) (n\u00b0 Finess EJ  : \n780804415), dont le si\u00e8ge social est situ\u00e9 1 Place de la Galette 78480 Verneuil-sur-Seine, en \nvue d'obtenir la confirmation suite \u00e0 cession \u00e0 son profit de l'autorisation d'exercer l'activit\u00e9 de \npsychiatrie infanto-juv\u00e9nile sous la forme d'hospitalisation \u00e0 temps partiel de jour actuellement \nd\u00e9tenue par l'association ASOIMEEP (n\u00b0 Finess EJ  : 780009528) sur le site de l'HDJ pour \nenfants ASOIMEEP ; \n \nVU la consultation de la Commission sp\u00e9cialis\u00e9e de l'organisation des soins en date du  \n15 janvier 2026 ; \n \n \nCONSID\u00c9RANT la demande susvis\u00e9e ;  \n \nCONSID\u00c9RANT que l'H\u00f4pital de Jour ASOIMEEP est un \u00e9tablissement p\u00e9dopsychiatrique qui \naccueille des enfants et des adolescents de 4 ans \u00e0 16 ans dont la souffrance \npsychique ou la maladie mentale n\u00e9cessite une approche int\u00e9grative des soins ;  \n \nqu'il met en place un projet de soins personnalis\u00e9 adapt\u00e9, ainsi qu'un soutien \u00e9ducatif \net p\u00e9dagogique pour des enfants et adolescents pr\u00e9sentant des troubles psychiques \ndans un cadre souple et structurant ; \n \nque les modalit\u00e9s d'accompagnement th\u00e9rapeutique recouvrent des psychoth\u00e9rapies \nindividuelles ou groupales, des s\u00e9ances de psychomotricit\u00e9 (individuelles ou en \ngroupe), des ateliers d'expression \u00e0 m\u00e9diation (peinture, musique, modelage, \nexpression corporel le\u2026), l'utilisation d'\u00e9quipements sp\u00e9cialis\u00e9s (pataugeoire \nth\u00e9rapeutique, salle d'apaisement), le suivi orthophonique, la coordination avec les \npartenaires de soins (CMP, CMPP, m\u00e9decins, etc.), le suivi infirmier (somatique, \ntraumatique, th\u00e9rapeutique, hygi\u00e9no-di\u00e9t\u00e9tique, \u00e9ducation \u00e0 la sant\u00e9) ; \n \nque l'\u00e9tablissement est ouvert du lundi au vendredi de 8h00 \u00e0 18h00, 207 jours par \nan (fermeture pendant les cong\u00e9s scolaires), sans organisation de permanence des \nsoins en dehors des horaires d'ouverture ; \n \nCONSID\u00c9RANT que la pr\u00e9sente demande de confirmation suite \u00e0 cession est port\u00e9e par l'association \nHANDI VAL-DE-SEINE (HVS) (n\u00b0 Finess EJ 780804415), dont le si\u00e8ge social est situ\u00e9 \n1 Place de la Galette 78480 Verneuil-sur-Seine ; \n \nque l'association HANDI VAL-DE-SEINE (HVS) est une association r\u00e9gie par la loi du \n1er juillet 1901, gestionnaire d'\u00e9tablissements m\u00e9dico -sociaux dans le d\u00e9partement \ndes Yvelines ; qu'elle reprend la gestion de l'H\u00f4pital de Jour pour enfants ASOIMEEP \ndans le cadre d'une fusion effective au 1er janvier 2026 ; \n \nCONSID\u00c9RANT que la pr\u00e9sente demande de confirmation suite \u00e0 cession est destin\u00e9e \u00e0 permettre, \napr\u00e8s la dissolution de l'association ASOIMEEP au 1 er janvier 2026, la poursuite de \nl'exploitation r\u00e9guli\u00e8re de l'autorisation de soins au b\u00e9n\u00e9fice du cessionnaire ; \n \nCONSID\u00c9RANT que le  9 septembre 2025, l'association ASOIMEEP a approuv\u00e9  suite \u00e0 une \nassembl\u00e9e g\u00e9n\u00e9rale le projet de trait\u00e9 de fusion conclu entre HANDI VAL-DE-SEINE \n(HVS) et l'ASOIMEEP et la r\u00e9alisation de la fusion entra\u00eenant la cession de \nl'autorisation d'activit\u00e9 de soins \u00e0 HANDI VAL-DE-SEINE (HSV) ; \n \nque le  9 septembre 2025, HANDI VAL -DE-SEINE (HSV) lors d'une assembl\u00e9e \ng\u00e9n\u00e9rale extraordinaire a \u00e9galement approuv\u00e9 ce projet de fusion ; \n \nAgence R\u00e9gionale de Sant\u00e9 - IDF-2026-02-05-00006 - D\u00e9cision n\u00b0DOS-2026/494 portant autorisation d'exercer l'activit\u00e9 de psychiatrie\ninfanto-juv\u00e9nile en hospitalisation \u00e0\ntemps partiel de jour initialement d\u00e9tenue par l'association ASOIMEEP\n5\n3 \n \nCONSID\u00c9RANT que, dans le cadre de cette demande de confirmation suite \u00e0 cession , le projet \nm\u00e9dical, les conditions techniques de fonctionnement, les locaux (environ 600 m\u00b2 \nappartenant \u00e0 la mairie de Poissy), les \u00e9quipements et les effectifs m\u00e9dicaux, \nparam\u00e9dicaux et administratifs demeurent inchang\u00e9s ; \n \nque l'environnement mat\u00e9riel et technique, les locaux et syst\u00e8mes d'information ne \nsont aucunement modifi\u00e9s ; \n \nque le promoteur pr\u00e9voit de maintenir l'int\u00e9gralit\u00e9 des conventions et coop\u00e9rations \n\u00e9tablies par le c\u00e9dant avec les partenaires hospitaliers et m\u00e9dico -sociaux et \nassociatifs locaux ; \n \nCONSID\u00c9RANT que l'activit\u00e9 transmise par le promoteur fait \u00e9tat de 11  304 journ\u00e9es \u00e0 fin d\u00e9cembre \n2025 et n'appelle pas de remarque particuli\u00e8re ; \n \nCONSID\u00c9RANT que la demande r\u00e9pond aux modalit\u00e9s requises en cas de cession d'autorisation \nfix\u00e9es par l'article R.6122 -35 du Code de la sant\u00e9 publique et qu'elle ne fait pas \nappara\u00eetre de modifications de nature \u00e0 justifier un refus d'autorisation au sens de \nl'article R.6122-34 ; \n \nCONSID\u00c9RANT que le cessionnaire porteur de la demande indique que les conditions d'implantation \net les conditions techniques de fonctionnement demeureront \u00e0 l'identique ; \n \nCONSID\u00c9RANT que cette op\u00e9ration de cession est sans incidence sur le bilan des objectifs \nquantitatifs de l'offre de soins fix\u00e9 par le Directeur g\u00e9n\u00e9ral de l'Agence r\u00e9gionale de \nsant\u00e9 \u00cele-de-France pour l'activit\u00e9 de psychiatrie sur les Yvelines ; \n \nCONSID\u00c9RANT que la demande d\u00e9pos\u00e9e par l'association HANDI VAL -DE-SEINE (HVS) s'inscrit \ndans le cadre des dispositions de l'article L.6122-3 du Code de la sant\u00e9 publique qui \npr\u00e9voit que \u00ab toute cession est soumise \u00e0 la confirmation de l'autorisation au b\u00e9n\u00e9fice \ndu cessionnaire par l'Agence r\u00e9gionale de sant\u00e9 de la r\u00e9gion dans laquelle se trouve \nl'autorisation c\u00e9d\u00e9e \u00bb ; \n \nCONSID\u00c9RANT que la demande r\u00e9pond aux modalit\u00e9s requises en cas de cession d'autorisation \nfix\u00e9es par l'article R.6122-35 du Code de la sant\u00e9 publique, dans la mesure o\u00f9 \u00ab elle \nne fait pas appara\u00eetre de modifications qui seraient de nature \u00e0 justifier un refus \nd'autorisation en application des dispositions de l'article R.6122 -34 ou qui seraient \nincompatibles avec le respect des conditions et engagements auxquels avait \u00e9t\u00e9 \nsubordonn\u00e9e l'autorisation c\u00e9d\u00e9e \u00bb ; \n \nCONSID\u00c9RANT que le cessionnaire s'engage \u00e0 ne pas modifier les caract\u00e9ristiques du projet tel qu'il \na \u00e9t\u00e9 autoris\u00e9, \u00e0 respecter les conditions techniques de fonctionnement telles que \npr\u00e9vues dans le Code de la sant\u00e9 publique  ; qu'il s'engage \u00e0 respecter le montant \ndes d\u00e9penses \u00e0 la charge de l'assurance maladie ou le volume d'activit\u00e9, en \napplication de l'article L.6122-5 et \u00e0 proc\u00e9der \u00e0 l'\u00e9valuation de l'activit\u00e9 de soins dans \nles conditions pr\u00e9vues aux articles R.6122-23 et R.6122-24 ; \n \n \n \nD\u00c9CIDE \n \n \nARTICLE 1er : L'autorisation d'exercer l'activit\u00e9 de psychiatrie infanto -juv\u00e9nile en hospitalisation \u00e0 \ntemps partiel de jour initialement d\u00e9tenue par l'association ASOIMEEP (n\u00b0 Finess EJ : \n780009528) sur le site  de l'HDJ pour enfants ASOIMEEP, 27 avenue du Cep, \n78300 Poissy (n\u00b0 Finess ET : 780170049), est confirm\u00e9e suite \u00e0 cession au b\u00e9n\u00e9fice \nde l'association HANDI VAL -DE-SEINE (HVS) ( n\u00b0 Finess EJ  : 780804415), dont le \nsi\u00e8ge social est situ\u00e9 1 Place de la Galette 78480 Verneuil-sur-Seine. \n \nARTICLE 2 : La dur\u00e9e de validit\u00e9 de l'autorisation concern\u00e9e par la demande n'est pas modifi\u00e9e. \n \nAgence R\u00e9gionale de Sant\u00e9 - IDF-2026-02-05-00006 - D\u00e9cision n\u00b0DOS-2026/494 portant autorisation d'exercer l'activit\u00e9 de psychiatrie\ninfanto-juv\u00e9nile en hospitalisation \u00e0\ntemps partiel de jour initialement d\u00e9tenue par l'association ASOIMEEP\n6\nfA\n4 \n \nARTICLE 3 : Cette d\u00e9cision peut faire l'objet d'un recours hi\u00e9rarchique aupr\u00e8s de la Ministre de la \nSant\u00e9, des Familles, de l'Autonomie et des Personnes Handicap\u00e9es par le demandeur \ndans un d\u00e9lai de deux mois \u00e0 compter de sa notification et par toute personne \nint\u00e9ress\u00e9e dans un d\u00e9lai de deux mois \u00e0 compter de sa publication. Ce recours \nhi\u00e9rarchique ne constitue pas un pr\u00e9alable obligatoire au recours contentieux, qui peut \n\u00eatre form\u00e9 devant le tribunal administratif comp\u00e9tent dans les deux mois suivant la \nnotification ou la publication de la pr\u00e9sente d\u00e9cision. \n \nARTICLE 4 : La pr\u00e9sente d\u00e9cision sera publi\u00e9e au recueil des actes administratifs de la pr\u00e9fecture \nde la r\u00e9gion \u00cele-de-France. \n \n \n \nFait \u00e0 Saint-Denis, 05/02/2026 \n \nLe Directeur g\u00e9n\u00e9ral \nde l'Agence r\u00e9gionale de sant\u00e9 \n\u00cele-de-France \n \n \n \nSign\u00e9\nAgence R\u00e9gionale de Sant\u00e9 - IDF-2026-02-05-00006 - D\u00e9cision n\u00b0DOS-2026/494 portant autorisation d'exercer l'activit\u00e9 de psychiatrie\ninfanto-juv\u00e9nile en hospitalisation \u00e0\ntemps partiel de jour initialement d\u00e9tenue par l'association ASOIMEEP\n7\nAgence R\u00e9gionale de Sant\u00e9\nIDF-2026-02-11-00002\nD\u00e9cision 2026-777 portant sur l'autorisation de\nd\u00e9plafonnement des heures suppl\u00e9mentaires\n(R\u00e9sidences de la Cit\u00e9 Verte - 94370\nSUCY-EN-BRIE)\nAgence R\u00e9gionale de Sant\u00e9 - IDF-2026-02-11-00002 - D\u00e9cision 2026-777 portant sur l'autorisation de d\u00e9plafonnement des heures\nsuppl\u00e9mentaires (R\u00e9sidences de la Cit\u00e9 Verte - 94370 SUCY-EN-BRIE) 8\nREPUBLIQUEFRANCAISELibert\u00e9Egalit\u00e9Fraternit\u00e9\n4 4CC  EE ES 4 4MR  mm  Re  =  =  = =\nAr@ D Agence R\u00e9gionale de Sant\u00e9lle-de-France\nation du travail3 du 9 janvier 1986 portantreoe 1ires et a leur33 du\u00a2itali\u00e8re\n(1/2\n \n \n1 / 2 \n \n \n         \n \n \nDECISION n\u00b0 DOS \u2013 2026 / 777 \n \n \nportant sur l'autorisation de d\u00e9plafonnement des heures suppl\u00e9mentaires \n \n \nLE DIRECTEUR G\u00c9N\u00c9RAL DE L'AGENCE R\u00c9GIONALE DE SANT\u00c9 \u00ceLE-DE-FRANCE \n \n \n \nVU   la loi n\u00b0 86 -33 du 9 janvier 1986 modifi\u00e9e portant dispositions statutaires relatives \u00e0 la \nfonction publique hospitali\u00e8re ; \n \nVU  le d\u00e9cret n\u00b0 2002-9 du 4 janvier 2002 relatif au temps de travail et \u00e0 l'organisation du travail \ndans les \u00e9tablissements mentionn\u00e9s \u00e0 l'article 2 de la loi n\u00b0 86-33 du 9 janvier 1986 portant \ndispositions statutaires relatives \u00e0 la fonction publique hospitali\u00e8re ; \n \nVU   le d\u00e9cret n\u00b0 2020-297 du 24 mars 2020 relatif aux heures suppl\u00e9mentaires et \u00e0 leur \nd\u00e9passement dans les \u00e9tablissements mentionn\u00e9s \u00e0 l'article 2 de la loi n\u00b0 86-33 du 9 janvier \n1986 portant dispositions statutaires relatives \u00e0 la fonction publique hospitali\u00e8re  et plus \npr\u00e9cis\u00e9ment l'article 15 modifi\u00e9 du d\u00e9cret 2002-9 du 4 janvier 2002 ; \n \nVU la d\u00e9cision du ministre de la sant\u00e9 du 5 mars 2020 (publi\u00e9e le 10 mars) portant application \nde l'article 15, alin\u00e9a 3, du d\u00e9cret n\u00b0 2022-9 du 4 janvier 2022 relatif au temps de travail et \u00e0 \nl'organisation du travail dans les \u00e9tablissements mentionn\u00e9s \u00e0 l'article 2 de la loi n\u00b0 86-33 du \n9 janvier 1986 portant dispositions statutaires relatives \u00e0 la fonction publique hospitali\u00e8re ; \n \n \nConsid\u00e9rant  que les \u00e9tablissements mentionn\u00e9s \u00e0 l'article 2 de la loi du 9 janvier 1986  susvis\u00e9e \npeuvent \u00eatre autoris\u00e9s, par d\u00e9cision du directeur g\u00e9n\u00e9ral de l'agence r\u00e9gionale de sant\u00e9 pour les \n\u00e9tablissements mentionn\u00e9s aux 1\u00b0, 2\u00b0, 3\u00b0 et 5\u00b0 de l'article 2 de cette loi, ou du pr\u00e9fet du d\u00e9partement \npour les \u00e9tablissements mentionn\u00e9s aux 4\u00b0 et 6\u00b0 du m\u00eame article, \u00e0 titre exceptionnel, notamment \nau regard des imp\u00e9ratifs de continuit\u00e9 du service public ou de la situation sanitaire, \u00e0 d\u00e9passer les \nbornes horaires fix\u00e9es par le cycle de travail, pour une dur\u00e9e limit\u00e9e et pour les personnels \nn\u00e9cessaires \u00e0 la prise en charge des usagers ; \n \nConsid\u00e9rant  le courrier du Directeur de ABCD (R\u00e9sidences \u2013 Services pour personnes \u00e2g\u00e9es) en \ndate du 27 janvier 2026 sollicitant une d\u00e9cision de l'ARS-IDF autorisant \u00e0 d\u00e9passer le quota annuel \nd'heures suppl\u00e9mentaires pouvant \u00eatre r\u00e9alis\u00e9es par les professionnels des cat\u00e9gories : Infirmiers \ndipl\u00f4m\u00e9s d'Etat et les Aides-soignants exer\u00e7ant au sein de la R\u00e9sidence de la Cit\u00e9 Verte, sise 4 rue \nde la Cit\u00e9 Verte \u2013 94370 SUCY-EN-BRIE pour une dur\u00e9e d'un an \u00e0 compter du 1\ner janvier 2026. \n \n \n \n \n \n \nAgence R\u00e9gionale de Sant\u00e9 - IDF-2026-02-11-00002 - D\u00e9cision 2026-777 portant sur l'autorisation de d\u00e9plafonnement des heures\nsuppl\u00e9mentaires (R\u00e9sidences de la Cit\u00e9 Verte - 94370 SUCY-EN-BRIE) 9\n\"12\n \n2 / 2 \n \nDECIDE \n \n \n \nArticle 1:  Le Directeur de ABCD (R\u00e9sidences \u2013 Services pour personnes \u00e2g\u00e9es) est autoris\u00e9 \u00e0 \nd\u00e9plafonner les heures suppl\u00e9mentaires pour  la R\u00e9sidence de la Cit\u00e9 Verte, sise 4 \nrue de la Cit\u00e9 Verte \u2013 94370 SUCY-EN-BRIE . \n \n \nArticle 2:   Le Directeur de ABCD (R\u00e9sidences \u2013 Services pour personnes \u00e2g\u00e9es) est charg\u00e9 de \nl'ex\u00e9cution de la pr\u00e9sente d\u00e9cision. \n \n \nArticle 3:    Un recours contre la pr\u00e9sente d\u00e9cision peut \u00eatre form\u00e9 devant le Tribunal \nAdministratif comp\u00e9tent dans un d\u00e9lai de deux mois \u00e0 compter de sa publication.  \n \n \nArticle 4:  La pr\u00e9sente d\u00e9cision sera publi\u00e9e au recueil des actes administratifs de la Pr\u00e9fecture \nde la r\u00e9gion Ile-de-France.  \n \n \n \n \n \nFait \u00e0 Saint-Denis, le 11 f\u00e9vrier 2026 \n \n \nP/Le Directeur g\u00e9n\u00e9ral  \nde l'Agence r\u00e9gionale de sant\u00e9 \n\u00cele-de-France, \nLa Directrice du P\u00f4le RH en sant\u00e9 \n \nSIGN\u00c9 \n \n \nLaure WALLON \nAgence R\u00e9gionale de Sant\u00e9 - IDF-2026-02-11-00002 - D\u00e9cision 2026-777 portant sur l'autorisation de d\u00e9plafonnement des heures\nsuppl\u00e9mentaires (R\u00e9sidences de la Cit\u00e9 Verte - 94370 SUCY-EN-BRIE) 10\nAgence R\u00e9gionale de Sant\u00e9\nIDF-2026-02-11-00003\nD\u00e9cision 2026-778 portant sur l'autorisation de\nd\u00e9plafonnement des heures suppl\u00e9mentaires\n(R\u00e9sidence Pierre TABANOU - 94240\nL'HAY-LES-ROSES).\nAgence R\u00e9gionale de Sant\u00e9 - IDF-2026-02-11-00003 - D\u00e9cision 2026-778 portant sur l'autorisation de d\u00e9plafonnement des heures\nsuppl\u00e9mentaires (R\u00e9sidence Pierre TABANOU - 94240 L'HAY-LES-ROSES). 11\nREPUBLIQUEFRANCAISELibert\u00e9Egalit\u00e9Fraternit\u00e9\n4 4CC  EE ES 4 4MR  mm  Re  =  =  = =\nAr@ D Agence R\u00e9gionale de Sant\u00e9lle-de-France\nation du travail3 du 9 janvier 1986 portantreoe 1ires et a leur33 du\u00a2itali\u00e8re\n(1/2\n \n \n1 / 2 \n \n \n         \n \n \nDECISION n\u00b0 DOS \u2013 2026 / 778 \n \n \nportant sur l'autorisation de d\u00e9plafonnement des heures suppl\u00e9mentaires \n \n \nLE DIRECTEUR G\u00c9N\u00c9RAL DE L'AGENCE R\u00c9GIONALE DE SANT\u00c9 \u00ceLE-DE-FRANCE \n \n \n \nVU   la loi n\u00b0 86 -33 du 9 janvier 1986 modifi\u00e9e portant dispositions statutaires relatives \u00e0 la \nfonction publique hospitali\u00e8re ; \n \nVU  le d\u00e9cret n\u00b0 2002-9 du 4 janvier 2002 relatif au temps de travail et \u00e0 l'organisation du travail \ndans les \u00e9tablissements mentionn\u00e9s \u00e0 l'article 2 de la loi n\u00b0 86-33 du 9 janvier 1986 portant \ndispositions statutaires relatives \u00e0 la fonction publique hospitali\u00e8re ; \n \nVU   le d\u00e9cret n\u00b0 2020-297 du 24 mars 2020 relatif aux heures suppl\u00e9mentaires et \u00e0 leur \nd\u00e9passement dans les \u00e9tablissements mentionn\u00e9s \u00e0 l'article 2 de la loi n\u00b0 86-33 du 9 janvier \n1986 portant dispositions statutaires relatives \u00e0 la fonction publique hospitali\u00e8re  et plus \npr\u00e9cis\u00e9ment l'article 15 modifi\u00e9 du d\u00e9cret 2002-9 du 4 janvier 2002 ; \n \nVU la d\u00e9cision du ministre de la sant\u00e9 du 5 mars 2020 (publi\u00e9e le 10 mars) portant application \nde l'article 15, alin\u00e9a 3, du d\u00e9cret n\u00b0 2022-9 du 4 janvier 2022 relatif au temps de travail et \u00e0 \nl'organisation du travail dans les \u00e9tablissements mentionn\u00e9s \u00e0 l'article 2 de la loi n\u00b0 86-33 du \n9 janvier 1986 portant dispositions statutaires relatives \u00e0 la fonction publique hospitali\u00e8re ; \n \n \nConsid\u00e9rant  que les \u00e9tablissements mentionn\u00e9s \u00e0 l'article 2 de la loi du 9 janvier 1986  susvis\u00e9e \npeuvent \u00eatre autoris\u00e9s, par d\u00e9cision du directeur g\u00e9n\u00e9ral de l'agence r\u00e9gionale de sant\u00e9 pour les \n\u00e9tablissements mentionn\u00e9s aux 1\u00b0, 2\u00b0, 3\u00b0 et 5\u00b0 de l'article 2 de cette loi, ou du pr\u00e9fet du d\u00e9partement \npour les \u00e9tablissements mentionn\u00e9s aux 4\u00b0 et 6\u00b0 du m\u00eame article, \u00e0 titre exceptionnel, notamment \nau regard des imp\u00e9ratifs de continuit\u00e9 du service public ou de la situation sanitaire, \u00e0 d\u00e9passer les \nbornes horaires fix\u00e9es par le cycle de travail, pour une dur\u00e9e limit\u00e9e et pour les personnels \nn\u00e9cessaires \u00e0 la prise en charge des usagers ; \n \nConsid\u00e9rant  le courrier du Directeur de ABCD (R\u00e9sidences \u2013 Services pour personnes \u00e2g\u00e9es) en \ndate du 27 janvier 2026 sollicitant une d\u00e9cision de l'ARS-IDF autorisant \u00e0 d\u00e9passer le quota annuel \nd'heures suppl\u00e9mentaires pouvant \u00eatre r\u00e9alis\u00e9es par les professionnels des cat\u00e9gories : Infirmiers \ndipl\u00f4m\u00e9s d'Etat et les Aides -soignants exer\u00e7ant au sein de la R\u00e9sidence Pierre TABANOU, 32 \navenue du G\u00e9n\u00e9ral de Gaulle \u2013 94240 L'HAY-LES-ROSES pour une dur\u00e9e d'un an \u00e0 compter du \n1\ner janvier 2026. \n \n \n \n \n \nAgence R\u00e9gionale de Sant\u00e9 - IDF-2026-02-11-00003 - D\u00e9cision 2026-778 portant sur l'autorisation de d\u00e9plafonnement des heures\nsuppl\u00e9mentaires (R\u00e9sidence Pierre TABANOU - 94240 L'HAY-LES-ROSES). 12\n\"12\n \n2 / 2 \n \n \nDECIDE \n \n \n \nArticle 1:  Le Directeur de ABCD (R\u00e9sidences \u2013 Services pour personnes \u00e2g\u00e9es) est autoris\u00e9 \u00e0 \nd\u00e9plafonner les heures suppl\u00e9mentaires pour  la R\u00e9sidence Pierre TABANOU, 32 \navenue du G\u00e9n\u00e9ral de Gaulle \u2013 94240 L'HAY-LES-ROSES. \n \n \nArticle 2:   Le Directeur de ABCD (R\u00e9sidences \u2013 Services pour personnes \u00e2g\u00e9es) est charg\u00e9 de \nl'ex\u00e9cution de la pr\u00e9sente d\u00e9cision. \n \n \nArticle 3:    Un recours contre la pr\u00e9sente d\u00e9cision  peut \u00eatre form\u00e9 devant le Tribunal \nAdministratif comp\u00e9tent dans un d\u00e9lai de deux mois \u00e0 compter de sa publication.  \n \n \nArticle 4:  La pr\u00e9sente d\u00e9cision sera publi\u00e9e au recueil des actes administratifs de la Pr\u00e9fecture \nde la r\u00e9gion Ile-de-France.  \n \n \n \n \n \nFait \u00e0 Saint-Denis, le 11 f\u00e9vrier 2026 \n \n \nP/Le Directeur g\u00e9n\u00e9ral  \nde l'Agence r\u00e9gionale de sant\u00e9 \n\u00cele-de-France, \nLa Directrice du P\u00f4le RH en sant\u00e9 \n \n \nSIGN\u00c9 \n \n \nLaure WALLON \nAgence R\u00e9gionale de Sant\u00e9 - IDF-2026-02-11-00003 - D\u00e9cision 2026-778 portant sur l'autorisation de d\u00e9plafonnement des heures\nsuppl\u00e9mentaires (R\u00e9sidence Pierre TABANOU - 94240 L'HAY-LES-ROSES). 13\nAgence R\u00e9gionale de Sant\u00e9\nIDF-2026-02-11-00001\nD\u00e9cision 2026-776 portant sur l'autorisation de\nd\u00e9plafonnement des heures suppl\u00e9mentaires\n(R\u00e9sidences de l'Abbaye, des Bords de Marne et\nde la Cristolienne - 94)\nAgence R\u00e9gionale de Sant\u00e9 - IDF-2026-02-11-00001 - D\u00e9cision 2026-776 portant sur l'autorisation de d\u00e9plafonnement des heures\nsuppl\u00e9mentaires (R\u00e9sidences de l'Abbaye, des Bords de Marne et de la Cristolienne - 94) 14\nEREPUBLIQUEFRAN\u00c7AISE @ D Agence R\u00e9gionale de Sant\u00e9Libert\u00e9 Ile-de-FranceEgalit\u00e9Fraternit\u00e9\nrene.  =  ---G\noo oo ation du travail3 du 9 janvier 1986 portantrea  _ ires et \u00e0 leur33 du{_itali\u00e8re\n7 | \u2014 MAUR 3\n(1/2\n \n \n1 / 2 \n \n \n         \n \n \nDECISION n\u00b0 DOS \u2013 2026 / 776 \n \n \nportant sur l'autorisation de d\u00e9plafonnement des heures suppl\u00e9mentaires \n \n \nLE DIRECTEUR G\u00c9N\u00c9RAL DE L'AGENCE R\u00c9GIONALE DE SANT\u00c9 \u00ceLE-DE-FRANCE \n \n \nVU   la loi n\u00b0 86 -33 du 9 janvier 1986 modifi\u00e9e portant dispositions statutaires relatives \u00e0 la \nfonction publique hospitali\u00e8re ; \n \nVU  le d\u00e9cret n\u00b0 2002-9 du 4 janvier 2002 relatif au temps de travail et \u00e0 l'organisation du travail \ndans les \u00e9tablissements mentionn\u00e9s \u00e0 l'article 2 de la loi n\u00b0 86-33 du 9 janvier 1986 portant \ndispositions statutaires relatives \u00e0 la fonction publique hospitali\u00e8re ; \n \nVU   le d\u00e9cret n\u00b0 2020-297 du 24 mars 2020 relatif aux heures suppl\u00e9mentaires et \u00e0 leur \nd\u00e9passement dans les \u00e9tablissements mentionn\u00e9s \u00e0 l'article 2 de la loi n\u00b0 86-33 du 9 janvier \n1986 portant dispositions statutaires relatives \u00e0 la fonction publique hospitali\u00e8re  et plus \npr\u00e9cis\u00e9ment l'article 15 modifi\u00e9 du d\u00e9cret 2002-9 du 4 janvier 2002 ; \n \nVU la d\u00e9cision du ministre de la sant\u00e9 du 5 mars 2020 (publi\u00e9e le 10 mars) portant application \nde l'article 15, alin\u00e9a 3, du d\u00e9cret n\u00b0 2022-9 du 4 janvier 2022 relatif au temps de travail et \u00e0 \nl'organisation du travail dans les \u00e9tablissements mentionn\u00e9s \u00e0 l'article 2 de la loi n\u00b0 86-33 du \n9 janvier 1986 portant dispositions statutaires relatives \u00e0 la fonction publique hospitali\u00e8re ; \n \nVU Vu le d\u00e9cret du 10 avril 2024 portant nomination de Monsieur Denis ROBIN en qualit\u00e9 de \nDirecteur g\u00e9n\u00e9ral de l'Agence r\u00e9gionale de sante \u00cele-de-France \u00e0 compter du 29 avril 2024 ; \n \n \nConsid\u00e9rant  que les \u00e9tablissements mentionn\u00e9s \u00e0 l'article 2 de la loi du 9 janvier 1986  susvis\u00e9e \npeuvent \u00eatre autoris\u00e9s, par d\u00e9cision du directeur g\u00e9n\u00e9ral de l'agence r\u00e9gionale de sant\u00e9 pour les \n\u00e9tablissements mentionn\u00e9s aux 1\u00b0, 2\u00b0, 3\u00b0 et 5\u00b0 de l'article 2 de cette loi, ou du pr\u00e9fet du d\u00e9partement \npour les \u00e9tablissements mentionn\u00e9s aux 4\u00b0 et 6\u00b0 du m\u00eame article, \u00e0 titre exceptionnel, notamment \nau regard des imp\u00e9ratifs de continuit\u00e9 du service public ou de la situation sanitaire, \u00e0 d\u00e9passer les \nbornes horaires fix\u00e9es par le cycle de travail, pour une dur\u00e9e limit\u00e9e et pour les personnels \nn\u00e9cessaires \u00e0 la prise en charge des usagers ; \n \nConsid\u00e9rant  le courrier du Directeur de ABCD (R\u00e9sidences \u2013 Services pour personnes \u00e2g\u00e9es) en \ndate du 27 janvier 2026 sollicitant une d\u00e9cision de l'ARS-IDF autorisant \u00e0 d\u00e9passer le quota annuel \nd'heures suppl\u00e9mentaires pouvant \u00eatre r\u00e9alis\u00e9es par les professionnels des cat\u00e9gories : Infirmiers \ndipl\u00f4m\u00e9s d'Etat et les Aides-soignants exer\u00e7ant au sein des structures suivantes :  \n \n- R\u00e9sidence de l'Abbaye, 3 Impasse de l'Abbaye \u2013 94100 SAINT-MAUR-DES-FOSS\u00c9S.\n \n \n \n \nAgence R\u00e9gionale de Sant\u00e9 - IDF-2026-02-11-00001 - D\u00e9cision 2026-776 portant sur l'autorisation de d\u00e9plafonnement des heures\nsuppl\u00e9mentaires (R\u00e9sidences de l'Abbaye, des Bords de Marne et de la Cristolienne - 94) 15\ndur\u00e9e\n\u2014\u2014 a  \u2014\n\"12\n\u2014 =  rs\neg  =  a=\n \n2 / 2 \n \n- R\u00e9sidence des Bords de Marne, 9 avenue du Mar\u00e9chal Leclerc \u2013 94380 BONNEUIL-SUR-\nMARNE \n- R\u00e9sidence de la Cristolienne, 16 bis Avenue du Chemin de Mesly \u2013 94000 CRETEIL \n \n pour une dur\u00e9e d'un an \u00e0 compter du 1er janvier 2026. \n \n \n \nDECIDE \n \n \n \nArticle 1:  Le Directeur de ABCD (R\u00e9sidences \u2013 Services pour personnes \u00e2g\u00e9es) est autoris\u00e9 \u00e0 \nd\u00e9plafonner les heures suppl\u00e9mentaires pour les r\u00e9sidences suivantes : \n \n \n- R\u00e9sidence de l'Abbaye, 3 Impasse de l'Abbaye \u2013 94100 SAINT-MAUR-DES-FOSS\u00c9S. \n- R\u00e9sidence des Bords de Marne, 9 avenue du Mar\u00e9chal Leclerc \u2013 94380 BONNEUIL-SUR-\nMARNE \n- R\u00e9sidence de la Cristolienne, 16 bis Avenue du Chemin de Mesly \u2013 94000 CRETEIL \n \n \nArticle 2:   Le Directeur de ABCD (R\u00e9sidences \u2013 Services pour personnes \u00e2g\u00e9es) est charg\u00e9 de \nl'ex\u00e9cution de la pr\u00e9sente d\u00e9cision. \n \n \nArticle 3:    Un recours contre la pr\u00e9sente d\u00e9cision  peut \u00eatre form\u00e9 devant le Tribunal \nAdministratif comp\u00e9tent dans un d\u00e9lai de deux mois \u00e0 compter de sa publication.  \n \n \nArticle 4:  La pr\u00e9sente d\u00e9cision sera publi\u00e9e au recueil des actes administratifs de la Pr\u00e9fecture \nde la r\u00e9gion Ile-de-France.  \n \n \n \n \n \nFait \u00e0 Saint-Denis, le 11 f\u00e9vrier 2026 \n \n \nP/Le Directeur g\u00e9n\u00e9ral  \nde l'Agence r\u00e9gionale de sant\u00e9 \n\u00cele-de-France, \nLa Directrice du P\u00f4le RH en sant\u00e9 \n \n \nSIGN\u00c9 \n \nLaure WALLON \nAgence R\u00e9gionale de Sant\u00e9 - IDF-2026-02-11-00001 - D\u00e9cision 2026-776 portant sur l'autorisation de d\u00e9plafonnement des heures\nsuppl\u00e9mentaires (R\u00e9sidences de l'Abbaye, des Bords de Marne et de la Cristolienne - 94) 16\nAgence R\u00e9gionale de Sant\u00e9  - D\u00e9l\u00e9gation\nD\u00e9partementale de la Seine Saint-Denis\nIDF-2026-02-10-00002\nArr\u00eat\u00e9 n\u00b0DD93- 2026/006 du 10 f\u00e9vrier 2026\nportant agr\u00e9ment du centre de sant\u00e9 Centre de\nsant\u00e9 m\u00e9dico-dentaire 93 ayant pour num\u00e9ro\nFINESS Etablissement 93 003 724 7 pour ses\nactivit\u00e9s dentaires \nAgence R\u00e9gionale de Sant\u00e9  - D\u00e9l\u00e9gation D\u00e9partementale de la Seine Saint-Denis - IDF-2026-02-10-00002 - Arr\u00eat\u00e9 n\u00b0DD93- 2026/006\ndu 10 f\u00e9vrier 2026 portant agr\u00e9ment du centre de sant\u00e9 Centre de sant\u00e9 m\u00e9dico-dentaire 93 ayant pour num\u00e9ro FINESS\nEtablissement 93 003 724 7 pour ses activit\u00e9s dentaires \n17\nREPUBLIQUEFRANCAISELibert\u00e9\u00c9galit\u00e9Fraternit\u00e9\nAr\u00a9 D Agence R\u00e9gionale de Sant\u00e9\u00cele-de-France\n \n1 \n \n \nAGENCE R\u00c9GIONALE DE SANT\u00c9 D'\u00ceLE-DE-FRANCE \nARR\u00caT\u00c9 N\u00b0DD93\u2013 2026/006 \nPortant agr\u00e9ment du centre de sant\u00e9 Centre de sant\u00e9 m\u00e9dico-dentaire 93 ayant pour num\u00e9ro \nFINESS Etablissement 93 003 724 7 pour ses activit\u00e9s dentaires  \n \nLE DIRECTEUR G\u00c9N\u00c9RAL DE L'AGENCE R\u00c9GIONALE DE SANT\u00c9 D'\u00ceLE-DE-FRANCE \n \nVU le code de la sant\u00e9 publique, notamment ses articles L.  6323-1 et suivants et D.  6323-1 \u00e0 D.  6323-12 \nainsi que les dispositions de l'arr\u00eat\u00e9 du 27 f\u00e9vrier 2018 relatif aux centres de sant\u00e9 ; \n \nVU \n \n \nVU \nl'arr\u00eat\u00e9 du 10 avril 2024 portant nomination de Monsieur Denis ROBIN, directeur g\u00e9n\u00e9ral de l'Agence \nr\u00e9gionale de sant\u00e9 d'\u00cele-de-France, \u00e0 compter du 29 avril 2024 ; \n \nl'arr\u00eat\u00e9 DS N\u00b0014/2025 du 12 juin 2025 de Monsieur le directeur g\u00e9n\u00e9ral de l'Agence r\u00e9gionale de sant\u00e9 \nIle-de-France portant d\u00e9l\u00e9gation de signature \u00e0 Madame Emmanuelle LATOUR, directrice de la \nd\u00e9l\u00e9gation d\u00e9partementale de la Seine-Saint-Denis ; \n \nARRETE \n \nARTICLE 1 : \n \nLe centre de sant\u00e9 dont la raison sociale est Centre de sant\u00e9 m\u00e9dico-dentaire 93 \nsitu\u00e9 \u00e0 l'adresse suivante 5 avenue L\u00e9nine, 93200 Saint-Denis \ndont le num\u00e9ro FINESS est 93 003 724 7 \net dont la raison sociale de l'organisme gestionnaire est Association m\u00e9dico-dentaire 93 \nsitu\u00e9 \u00e0 l'adresse suivante 5 avenue L\u00e9nine, 93200 Saint-Denis \n \nEST AGR\u00c9\u00c9 pour ses activit\u00e9s dentaires. \nCet agr\u00e9ment vaut autorisation de dispenser des soins aux assur\u00e9s sociaux dans le centre ou \nl'antenne concern\u00e9s.  \n  \nARTICLE 2 : Le pr\u00e9sent agr\u00e9ment est provisoire et d\u00e9livr\u00e9 pour une dur\u00e9e d'un an.  \n  \nARTICLE 3 : Un recours hi\u00e9rarchique contre cet arr\u00eat\u00e9 peut \u00eatre form\u00e9 par tout int\u00e9ress\u00e9  dans les deux \nmois \u00e0 compter de sa notification devant la Ministre de la Sant\u00e9 et de l'Acc\u00e8s aux Soins. \n \nCe recours hi\u00e9rarchique ne constitue pas un pr\u00e9alable obligatoire au recours contentieux, \nqui peut \u00eatre form\u00e9 devant le tribunal administratif comp\u00e9tent dans les deux mois suivant \nla notification du pr\u00e9sent arr\u00eat\u00e9. \n \nARTICLE 4 : La Directrice de la d\u00e9l\u00e9gation d\u00e9partementale de Seine -Saint-Denis de l'Agence r\u00e9gionale \nde sant\u00e9 d'Ile -de-France est charg\u00e9e  de l'ex\u00e9cution du pr\u00e9sent arr\u00eat\u00e9, qui sera publi\u00e9 au \nrecueil des actes administratifs de la pr\u00e9fecture de r\u00e9gion Ile-de-France.  \n \n \nFait \u00e0 Saint-Denis, le 10/02/2026 \n \nPour Le Directeur g\u00e9n\u00e9ral de l'Agence R\u00e9gionale de \nSant\u00e9 d'Ile-de-France \nLa Directrice de la D\u00e9l\u00e9gation d\u00e9partementale de \nSeine-Saint-Denis \nSIGN\u00c9 \nEmmanuelle LATOUR \nAgence R\u00e9gionale de Sant\u00e9  - D\u00e9l\u00e9gation D\u00e9partementale de la Seine Saint-Denis - IDF-2026-02-10-00002 - Arr\u00eat\u00e9 n\u00b0DD93- 2026/006\ndu 10 f\u00e9vrier 2026 portant agr\u00e9ment du centre de sant\u00e9 Centre de sant\u00e9 m\u00e9dico-dentaire 93 ayant pour num\u00e9ro FINESS\nEtablissement 93 003 724 7 pour ses activit\u00e9s dentaires \n18\nPr\u00e9fecture de la r\u00e9gion d'Ile-de-France,\npr\u00e9fecture de Paris-Secr\u00e9tariat g\u00e9n\u00e9ral aux\npolitiques publiques\nIDF-2026-02-10-00005\nArr\u00eat\u00e9 2026-122 modifiant l'arr\u00eat\u00e9 n\u00b0 2022-311\ndu 22 juin 2022 portant attribution de\nsubvention au titre de la dotation de soutien \u00e0\nl'investissement local\nPr\u00e9fecture de la r\u00e9gion d'Ile-de-France, pr\u00e9fecture de Paris-Secr\u00e9tariat g\u00e9n\u00e9ral aux politiques publiques - IDF-2026-02-10-00005 -\nArr\u00eat\u00e9 2026-122 modifiant l'arr\u00eat\u00e9 n\u00b0 2022-311 du 22 juin 2022 portant attribution de subvention au titre de la dotation de soutien \u00e0\nl'investissement local\n19\nE =PR\u00c9FET _DE LA R\u00c9GIOND'\u00ceLE-DE-FRANCELibert\u00e9Egalit\u00e9Fraternit\u00e9\n \nPr\u00e9fecture de la r\u00e9gion d'\u00cele-de-France, pr\u00e9fecture de Paris \nSecr\u00e9tariat g\u00e9n\u00e9ral aux politiques publiques \nBureau de la coordination et de l'investissement territorial \nSection de l'investissement territorial \n5 rue Leblanc 75911 Paris cedex 15 \nT\u00e9l : 01.82.52.40.00 \nwww.ile-de-france.gouv.fr \n \n \n \nARR\u00caT\u00c9 N\u00b0 2026-122 \nModifiant l'arr\u00eat\u00e9 n\u00b0 2022-311 du 22 juin 2022 portant attribution de subvention au titre de la \ndotation de soutien \u00e0 l'investissement local \n  \nLE PR\u00c9FET DE LA R\u00c9GION D'\u00ceLE-DE-FRANCE \nPR\u00c9FET DE PARIS \nGRAND OFFICIER DE LA L\u00c9GION D'HONNEUR \nOFFICIER DE L'ORDRE NATIONAL DU  M\u00c9RITE  \n \nVU  le code g\u00e9n\u00e9ral des collectivit\u00e9s territoriales et notamment ses articles L. 2334-42 et R. 2334-39  ;\n \nVU  le d\u00e9cret n\u00b0 2004-374 du 29 avril 2004 modifi\u00e9 relatif aux pouvoirs des pr\u00e9fets, \u00e0 l'organisation et \u00e0 \nl'action des services de l'\u00c9tat dans les r\u00e9gions et d\u00e9partements  ; \nVU  le d\u00e9cret n\u00b0 2018-428 du 1 er  juin 2018 relatif aux dotations de l'\u00c9tat aux collectivit\u00e9s territoriales  ; \nVU le d\u00e9cret n\u00b0 2020-412 du 8 avril 2020 relatif au droit de d\u00e9rogation reconnu au pr\u00e9fet  ; \n \nVU  le d\u00e9cret n\u00b0 2020-4129 du 14 septembre 2020 pris pour l'application de l'article L.1111-11 du code \ng\u00e9n\u00e9ral des collectivit\u00e9s territoriales  ; \nVU  l'arr\u00eat\u00e9 n\u00b0 2022-311 du 22 juin 2022 modifi\u00e9 portant attribution d'une subvention d'un montant de \n302  000  \u20ac \u00e0 la communaut\u00e9 d'agglom\u00e9ration de Cergy-Pontoise au titre de la dotation de soutien \u00e0 \nl'investissement local pour  les travaux de r\u00e9novation de l'isolation thermique des toitures terrasses du \nth\u00e9\u00e2tre des Louvrais \u00e0 Pontoise ; \nVU  le courrier du pr\u00e9sident de la communaut\u00e9 d'agglom\u00e9ration de Cergy-Pontoise en date du 13 \nnovembre 2025 sollicitant la modification du co\u00fbt de l'op\u00e9ration ainsi que le nouveau plan de \nfinancement en date du 27 janvier 2026  ;  \nCONSIDERANT que cette d\u00e9rogation a pour effet de favoriser l'acc\u00e8s aux aides publiques  ; \n \n \nARR\u00caTE  \n \nARTICLE 1 \ner \n \nEn application du d\u00e9cret n\u00b02020-112 du 8 avril 2020, par d\u00e9rogation aux dispositions de l'article R2334-\n30 du code g\u00e9n\u00e9ral des collectivit\u00e9s territoriales, les dispositions de l'article 1er de l'arr\u00eat\u00e9 n\u00b02022-690 \ndu 2 d\u00e9cembre 2022 modifi\u00e9 susvis\u00e9 sont remplac\u00e9es par les dispositions suivantes : \nPr\u00e9fecture de la r\u00e9gion d'Ile-de-France, pr\u00e9fecture de Paris-Secr\u00e9tariat g\u00e9n\u00e9ral aux politiques publiques - IDF-2026-02-10-00005 -\nArr\u00eat\u00e9 2026-122 modifiant l'arr\u00eat\u00e9 n\u00b0 2022-311 du 22 juin 2022 portant attribution de subvention au titre de la dotation de soutien \u00e0\nl'investissement local\n20\n \nSection de l'investissement territorial \n5 rue Leblanc 75911 Paris cedex 15 \nT\u00e9l : 01.82.52.40.00 \nwww.ile-de-france.gouv.fr \n \n\u00ab Il est attribu\u00e9 \u00e0 la communaut\u00e9 d'agglom\u00e9ration de Cergy-Pontoise une subvention d'un montant \nmaximum pr\u00e9visionnel de 302 000 \u20ac au titre de la dotation de soutien \u00e0 l'investissement local pour la \nr\u00e9alisation de l'op\u00e9ration suivante : travaux de r\u00e9novation du th\u00e9\u00e2tre des Louvrais \u00e0 Pontoise ( phase 3 \nremplacement des \u00e9quipements techniques et installation d'une gestion technique centralis\u00e9e  ). \u00bb \n \n \nARTICLE 2 \n \nEn application du d\u00e9cret n\u00b02020-112 du 8 avril 2020, par d\u00e9rogation aux dispositions de l'article R2334-\n30 du code g\u00e9n\u00e9ral des collectivit\u00e9s territoriales, les dispositions de l'article 2 de l'arr\u00eat\u00e9 n\u00b02022-311 du \n22 juin 2022 modifi\u00e9 susvis\u00e9 sont remplac\u00e9es par les dispositions suivantes : \n \nLe montant de la subvention repr\u00e9sente 21,66 % de la d\u00e9pense pr\u00e9visionnelle globale de l'op\u00e9ration, \nestim\u00e9e \u00e0 1 394  211  \u20ac HT. \n \nARTICLE 3  \n \nLes autres dispositions de l'arr\u00eat\u00e9 pr\u00e9fectoral susvis\u00e9 demeurent inchang\u00e9es. \n \nARTICLE 4 \n \nLa pr\u00e9f\u00e8te, secr\u00e9taire g\u00e9n\u00e9rale aux politiques publiques de la pr\u00e9fecture de la r\u00e9gion d'\u00cele-de-France, \npr\u00e9fecture de Paris, le pr\u00e9fet du d\u00e9partement du Val-d'Oise et le directeur r\u00e9gional des finances \npubliques d'\u00cele-de-France et de Paris sont charg\u00e9s, chacun en ce qui le concerne, de l'ex\u00e9cution du \npr\u00e9sent arr\u00eat\u00e9. \n \n \n \nFait \u00e0 Paris, le 10 f\u00e9vrier 2026 \n \n \n \nLe Pr\u00e9fet de la r\u00e9gion d'\u00cele-de-France, \nPr\u00e9fet de Paris \n \n \nSign\u00e9 \n \n \nMarc GUILLAUME \n \n \nPr\u00e9fecture de la r\u00e9gion d'Ile-de-France, pr\u00e9fecture de Paris-Secr\u00e9tariat g\u00e9n\u00e9ral aux politiques publiques - IDF-2026-02-10-00005 -\nArr\u00eat\u00e9 2026-122 modifiant l'arr\u00eat\u00e9 n\u00b0 2022-311 du 22 juin 2022 portant attribution de subvention au titre de la dotation de soutien \u00e0\nl'investissement local\n21","date":"2026-02-11","first_seen_on":"2026-02-11T22:07:18+00:00","id":"ed4c268fda305d78c9d4ea0935228da69cb6401b00dc650087e1c71580f2e821","name":"recueil-idf-019-2026-02-recueil-des-actes-administratifs-special du 11.02.2026","pdf_creation_date":"2026-02-11T16:03:32+00:00","pdf_modification_date":null,"timezone":"Europe/Paris","url":"https://www.prefectures-regions.gouv.fr/ile-de-france/irecontenu/telechargement/135426/991297/file/recueil-idf-019-2026-02-recueil-des-actes-administratifs-special%20du%2011.02.2026.pdf"}
