{"administration":"pref83","administration_name":"Pr\u00e9fecture du Var","content":"VAR\nRECUEIL DES ACTES\nADMINISTRATIFS\nN\u00b083-2025-214\nPUBLI\u00c9 LE 25 JUIN 2025\nSommaire\nAgence r\u00e9gionale de sant\u00e9 du Var / Direction de l'ARS du var\n83-2025-06-18-00010 - arr\u00eat\u00e9 du 18 juin 2025 fixant la composition\nnominative du conseil de surveillance\ndu centre hospitalier\nintercommunal de Brignoles Le Luc-en-Provence \n (3 pages) Page 3\nDirection d\u00e9partementale de l'emploi, du travail et des solidarit\u00e9s du Var\n/ Direction de la DDETS\n83-2025-06-23-00002 - 458-2025-recepisse declaration PEYRU SEBASTIEN\ndu 230625 (2 pages) Page 7\n83-2025-06-24-00006 - 466-2025-recepisse declaration-CCMAISON PROPRE\n(1 page) Page 10\n83-2025-06-24-00005 - 469-2025-recepisse declaration MENAGE ET\nVOUS-POUSSIBET CLARA du 240625 (1 page) Page 12\n83-2025-06-25-00008 - 470-2025-recepisse declaration ND-FONTAT MARC\ndu 250625 (1 page) Page 14\nDirection d\u00e9partementale de la protection des populations  du Var / P\u00f4le\nanimaux et environnement DDPP\n83-2025-06-17-00007 - ARR\u00caT\u00c9 PR\u00c9FECTORAL N\u00b0 25/127 du\n17/06/2025 abrogeant\nl'ARR\u00caT\u00c9 PR\u00c9FECTORAL N\u00b025/090 du\n30/04/2025\nportant d\u00e9limitation d'une zone de recensement et de\nsurveillance relative\n\u00e0 l'an\u00e9mie infectieuse des \u00e9quid\u00e9s (2\npages) Page 16\nDirection d\u00e9partementale des territoires et de la mer du Var / Service\nplanifications et prospective de la DDTM\n83-2025-06-25-00006 - AI-083-2025-6 raa (3 pages) Page 19\n83-2025-06-25-00007 - AI-083-2025-7 raa (2 pages) Page 23\n83-2025-06-25-00005 - AI-083-2025-8 raa (2 pages) Page 26\n83-2025-06-25-00001 - Arrete CC-083-2025-3raa (2 pages) Page 29\n83-2025-06-25-00003 - Arrete CC-083-2025-4raa (2 pages) Page 32\n83-2025-06-25-00004 - Arrete CC-083-2025-5raa (2 pages) Page 35\n83-2025-06-25-00002 - Arrete CC-083-2025-6raa (2 pages) Page 38\nDirection r\u00e9gionale des affaires culturelles de Provence Alpes C\u00f4te d'Azur\n/ Direction de la DRAC PACA\n83-2025-06-23-00003 - ARR\u00caT\u00c9\nportant subd\u00e9l\u00e9gation de\nsignature \u00e0 Mme Anna PELLEGRINI, responsable de\nl'Unit\u00e9\nd\u00e9partementale de l'architecture et du patrimoine du Var (3 pages) Page 41\nPr\u00e9fecture du VAR / Direction des s\u00e9curit\u00e9s\n83-2025-06-25-00010 - Arr\u00eat\u00e9 pr\u00e9fectoral n\u00b02025-06-005 ELA portant\nr\u00e9glementation temporaire de la circulation sur l'autoroute A57 sur le\nterritoire des communes de Toulon, La Valette-du-Var et La Garde (3 pages) Page 45\n2\nAgence r\u00e9gionale de sant\u00e9 du Var\n83-2025-06-18-00010\narr\u00eat\u00e9 du 18 juin 2025 fixant la composition\nnominative du conseil de surveillance\ndu centre hospitalier intercommunal de\nBrignoles Le Luc-en-Provence \nAgence r\u00e9gionale de sant\u00e9 du Var - 83-2025-06-18-00010 - arr\u00eat\u00e9 du 18 juin 2025 fixant la composition nominative du conseil de\nsurveillance\ndu centre hospitalier intercommunal de Brignoles Le Luc-en-Provence \n3\nREPUBLIQUEFRANCAISELibert\u00e9Egalit\u00e9Fraternit\u00e9\nAl\u00a9 D Agence R\u00e9gionale de Sant\u00e9Provence-AlpesC\u00f4te d'Azur\n  \n \n \n \n \nAgence r\u00e9gionale de sant\u00e9 Provence-Alpes-C\u00f4te d'Azur - D\u00e9l\u00e9gation d\u00e9partementale du Var \u2013 Immeuble TOVA 2 - 177 boulevard du \nDocteur Charles Barnier \u2013 CS 31302 - 83076 Toulon Cedex \nT\u00e9l. : 04 13 55 80 10 / Fax : 04 13 55 80 40 / www.ars.paca.sante.fr \nPage 1 / 3 \n \n \n \n \nARRETE du 18 juin 2025 \n \nfixant la composition nominative du conseil de surveillance \ndu centre hospitalier intercommunal de Brignoles Le Luc-en-Provence (VAR) \n \n \n \nVu le code de la sant\u00e9 publique, notamment ses articles L.6143-5, L.6143-6, R.6143-1 \u00e0 R.6143-4 et R.6143-12 ; \n \nVu la loi n\u00b0 2009-879 du 21 juillet 2009 portant r\u00e9forme de l'h\u00f4pital et relative aux patients, \u00e0 la sant\u00e9 et aux territoires \n; \n \nVu l'ordonnance n\u00b0 2010-177 du 23 f\u00e9vrier 2010 de coordination avec la loi n\u00b02099-879 du 21 juillet 2009 portant \nr\u00e9forme de l'h\u00f4pital et relative aux patients, \u00e0 la sant\u00e9 et aux territoires ; \n \nVu le d\u00e9cret n\u00b0 2010-336 du 31 mars 2010 portant cr\u00e9ation des agences r\u00e9gionales de sant\u00e9 ; \n \nVu le d\u00e9cret n\u00b0 2010-344 du 31 mars 2010 tirant les cons\u00e9quences, au niveau r\u00e9glementaire, de l'intervention de \nla loi n\u00b0 2009-879 du 21 juillet 2009 portant r\u00e9forme de l'h\u00f4pital et relative aux patients, \u00e0 la sant\u00e9 et aux \nterritoires ; \n \nVu le d\u00e9cret n\u00b02010-361 du 8 avril 2010 relatif aux conseils de surveillance des \u00e9tablissements publics de sant\u00e9 ; \n \nVu le d\u00e9cret du 16 juillet 2024 portant nomination de Monsieur Yann BUBIEN, en qualit\u00e9 de directeur g\u00e9n\u00e9ral \nde l'Agence r\u00e9gionale de sant\u00e9 Provence-Alpes-C\u00f4te d'Azur \u00e0 compter du 18 juillet 2024 ; \n \nVu l'arr\u00eat\u00e9 du 22 juin 2021 portant fusion absorption du centre hospitalier du Luc-en-Provence par le centre \nhospitalier Jean Marcel de Brignoles ; \n \nVu l'arr\u00eat\u00e9 du 20 juillet 2021 portant rectification d'erreurs mat\u00e9rielles contenues dans l'arr\u00eat\u00e9 du 22 juin 2021 portant \nfusion absorption du centre hospitalier du Luc-en-Provence par le centre hospitalier de Brignoles ; \n \nVu l'arr\u00eat\u00e9 du 04 f\u00e9vrier 2025 fixant la composition nominative du conseil de surveillance du centre hospitalier \nintercommunal de Brignoles Le Luc-en-Provence (VAR) ; \n \nVu l'arr\u00eat\u00e9 du 18 juillet 2024 portant d\u00e9l\u00e9gation de signature \u00e0 Monsieur S\u00e9bastien MONI\u00c9, directeur de la \nd\u00e9l\u00e9gation d\u00e9partementale du Var de l'Agence r\u00e9gionale de sant\u00e9 Provence-Alpes-C\u00f4te d'Azur ; \n \nVu le courrier de la direction g\u00e9n\u00e9rale du centre hospitalier intercommunal de Brignoles Le Luc-en-Provence en \ndate du 18 juin 2025 ; \n \n \n \nARRETE \n \n \nArticle 1 : Le conseil de surveillance du centre hospitalier intercommunal de Brignoles Le Luc-en-Provence sis \nboulevard Joseph Monnier, CS 10301, 83175 Brignoles Cedex (VAR), \u00e9tablissement public de sant\u00e9 de ressort \nintercommunal est modifi\u00e9 ainsi qu'il suit : \n \n \nI. Sont membres du conseil de surveillance avec voix d\u00e9lib\u00e9rative : \n \n \nAgence r\u00e9gionale de sant\u00e9 du Var - 83-2025-06-18-00010 - arr\u00eat\u00e9 du 18 juin 2025 fixant la composition nominative du conseil de\nsurveillance\ndu centre hospitalier intercommunal de Brignoles Le Luc-en-Provence \n4\n \nAgence r\u00e9gionale de sant\u00e9 Provence-Alpes-C\u00f4te d'Azur - D\u00e9l\u00e9gation d\u00e9partementale du Var \u2013 Immeuble TOVA 2 - 177 boulevard du \nDocteur Charles Barnier \u2013 CS 31302 - 83076 Toulon Cedex \nT\u00e9l. : 04 13 55 89 10 / Fax : 04 13 55 80 40 / www.ars.paca.sante.fr \nPage 2 / 3 \n2\u00b0) En qualit\u00e9 de repr\u00e9sentant du personnel \n \n \n- Madame St\u00e9phanie KRAUS, repr\u00e9sentante de la commission de soins infirmiers, de r\u00e9\u00e9ducation et m\u00e9dico-\ntechniques en remplacement de Madame Laurence VALENCOURT ;  \n \n \nArticle 2 : Le conseil de surveillance du centre hospitalier intercommunal de Brignoles Le Luc-en-Provence sis \nboulevard Joseph Monnier, CS 10301, 83175 Brignoles Cedex (VAR), \u00e9tablissement public de sant\u00e9 de ressort \nintercommunal est compos\u00e9 des membres ci-apr\u00e8s : \n \n \nI. Sont membres du conseil de surveillance avec voix d\u00e9lib\u00e9rative : \n \n \n1\u00b0) En qualit\u00e9 de repr\u00e9sentant des collectivit\u00e9s territoriales : \n \n \n- Monsieur Didier BREMOND, Maire de Brignoles, membre de droit ; \n \n \n- Monsieur Dominique LAIN, Maire du Luc-en-Provence, membre de droit ; \n \n- Monsieur Philippe VALLOT, conseiller communautaire, repr\u00e9sentant la communaut\u00e9 d'agglom\u00e9ration de la \nProvence Verte ; \n \n- Monsieur Fernand BRUN, conseiller communautaire, repr\u00e9sentant la communaut\u00e9 de communes C\u0153ur du \nVar ;  \n \n- Madame Chantal LASSOUTANIE, repr\u00e9sentante du Pr\u00e9sident du conseil d\u00e9partemental du Var ; \n \n \n2\u00b0) En qualit\u00e9 de repr\u00e9sentant du personnel \n \n \n- Madame St\u00e9phanie KRAUS, repr\u00e9sentante de la commission de soins infirmiers, de r\u00e9\u00e9ducation et m\u00e9dico-\ntechniques ;  \n \n- Monsieur le docteur Samyr ADDOU, repr\u00e9sentant de la commission m\u00e9dicale d'\u00e9tablissement ; \n \n- Madame le docteur Val\u00e9rie GUIGUES, repr\u00e9sentante de la commission m\u00e9dicale d'\u00e9tablissement ; \n \n- Monsieur Daniel SULTAN, repr\u00e9sentant d\u00e9sign\u00e9 par l'organisation syndicale Force Ouvri\u00e8re ; \n \n Monsieur Fabien OLIVERO, repr\u00e9sentant d\u00e9sign\u00e9 par l'organisation syndicale Sud Sant\u00e9 ; \n \n \n3\u00b0) En qualit\u00e9 de personnalit\u00e9 qualifi\u00e9e \n \n \n- Monsieur le docteur Alain CHRESTIAN, personnalit\u00e9 qualifi\u00e9e d\u00e9sign\u00e9e par le directeur g\u00e9n\u00e9ral de l'Agence \nr\u00e9gionale de sant\u00e9 de Provence-Alpes-C\u00f4te d'Azur ; \n \n- Une personnalit\u00e9 qualifi\u00e9e d\u00e9sign\u00e9e par le directeur g\u00e9n\u00e9ral de l'Agence r\u00e9gionale de sant\u00e9 de \nProvence-Alpes-C\u00f4te d'Azur ; \u00e0 d\u00e9signer \n \n- Madame Mireille BACCINO-ROLLEY, personnalit\u00e9 qualifi\u00e9e d\u00e9sign\u00e9e par le pr\u00e9fet du \nd\u00e9partement du Var ; \n \n- Madame Janine BELLOT, de la ligue nationale contre le cancer repr\u00e9sentante des usagers d\u00e9sign\u00e9e par \nle pr\u00e9fet du d\u00e9partement du Var ; \n \n \nAgence r\u00e9gionale de sant\u00e9 du Var - 83-2025-06-18-00010 - arr\u00eat\u00e9 du 18 juin 2025 fixant la composition nominative du conseil de\nsurveillance\ndu centre hospitalier intercommunal de Brignoles Le Luc-en-Provence \n5\n \nAgence r\u00e9gionale de sant\u00e9 Provence-Alpes-C\u00f4te d'Azur - D\u00e9l\u00e9gation d\u00e9partementale du Var \u2013 Immeuble TOVA 2 - 177 boulevard du \nDocteur Charles Barnier \u2013 CS 31302 - 83076 Toulon Cedex \nT\u00e9l. : 04 13 55 89 10 / Fax : 04 13 55 80 40 / www.ars.paca.sante.fr \nPage 3 / 3 \n- Madame Dani\u00e8le CHENEL-CLAUSTRE, de l'association France Alzheimer repr\u00e9sentante des usagers \nd\u00e9sign\u00e9e par le pr\u00e9fet du d\u00e9partement du Var ; \n \n \nII. Sont membres du conseil de surveillance avec voix consultative : \n \n \n- Le vice pr\u00e9sident du directoire du centre hospitalier intercommunal de Brignoles Le Luc-en-Provence ; \n \n- Le directeur g\u00e9n\u00e9ral de l'Agence r\u00e9gionale de sant\u00e9 de Provence-Alpes-C\u00f4te d'Azur ; \n \n \n- Madame le docteur Marie MATULIC, praticien hospitalier, repr\u00e9sentante de la structure charg\u00e9e de la \nr\u00e9flexion d'\u00e9thique au sein du centre hospitalier intercommunal de Brignoles Le Luc-en-Provence ; \n \n- Le directeur de la caisse d'Assurance maladie de Toulon ; \n \n- Monsieur Richard CARCENAC, repr\u00e9sentant des familles de personnes accueillies dans l'unit\u00e9 soins de \nlongue dur\u00e9e et dans l'etablissement h\u00e9bergeant des personnes \u00e2g\u00e9es d\u00e9pendantes ; \n \n \nArticle 3 : La dur\u00e9e des fonctions des membres du conseil de surveillance est fix\u00e9e \u00e0 cinq ans sous r\u00e9serve des \ndispositions particuli\u00e8res pr\u00e9vues \u00e0 l'article R.6143-12 du code de la sant\u00e9 publique. \n \n \nArticle 4 : Un recours contentieux peur \u00eatre form\u00e9 aupr\u00e8s du tribunal administratif territorialement comp\u00e9tent dans \nun d\u00e9lai franc de deux mois \u00e0 compter de la notification du pr\u00e9sent arr\u00eat\u00e9 pour les int\u00e9ress\u00e9s ou de sa publication \npour les tiers. \n \n \nArticle 5 : Le directeur g\u00e9n\u00e9ral de l'Agence r\u00e9gionale de sant\u00e9 de Provence-Alpes-C\u00f4te d'Azur, le directeur de la \nd\u00e9l\u00e9gation territoriale du Var et le directeur du centre hospitalier intercommunal de Brignoles Le Luc-en-Provence \nsont charg\u00e9s, chacun en ce qui le concerne, de l'ex\u00e9cution du pr\u00e9sent arr\u00eat\u00e9 qui sera publi\u00e9 au recueil des actes \nadministratifs de la pr\u00e9fecture de la r\u00e9gion Provence, Alpes, C\u00f4te d'Azur et de la pr\u00e9fecture du d\u00e9partement du Var. \n \n \n \nToulon, le 18 juin 2025 \n \n \nPour le directeur de l'agence  \nr\u00e9gionale de sant\u00e9 PACA \nLe directeur d\u00e9partemental du Var \n \nSign\u00e9 \n \nS\u00e9batien MONI\u00c9 \nAgence r\u00e9gionale de sant\u00e9 du Var - 83-2025-06-18-00010 - arr\u00eat\u00e9 du 18 juin 2025 fixant la composition nominative du conseil de\nsurveillance\ndu centre hospitalier intercommunal de Brignoles Le Luc-en-Provence \n6\nDirection d\u00e9partementale de l'emploi, du travail\net des solidarit\u00e9s du Var\n83-2025-06-23-00002\n458-2025-recepisse declaration PEYRU\nSEBASTIEN du 230625\nDirection d\u00e9partementale de l'emploi, du travail et des solidarit\u00e9s du Var - 83-2025-06-23-00002 - 458-2025-recepisse declaration\nPEYRU SEBASTIEN du 230625 7\nPF4Libert\u00e9 + \u00c9galit\u00e9 + Fraternit\u00e9R\u00c9PUBLIQUE FRAN\u00c7AISE\nR\u00e9c\u00e9piss\u00e9 de d\u00e9claration\nd'un organisme de services \u00e0 la personne\nenregistr\u00e9 sous le N\u00b0 SAP752652073\nVu le code du travail et notamment les articles L.7231-1 \u00e0 L.7233-2, R.7232-16 \u00e0 R.7232-22, D.7231-1 et \nD.7233-1 \u00e0 D.7233-5 ; \nVu la demande de d\u00e9claration d\u00e9pos\u00e9e par l'organisme PEYRU, Route de la Crau - 61 Chemin de la \nPendelotte 83400 HYERES, le 23/06/25 ;\nLe pr\u00e9fet du Var\nConstate : \nQu'une d\u00e9claration d'activit\u00e9s de services \u00e0 la personne a \u00e9t\u00e9 d\u00e9pos\u00e9e aupr\u00e8s du service instructeur  \ndu Var , le 23/06/25 par M. PEYRU BASTIEN en qualit\u00e9 de dirigeant(e), pour l'organisme PEYRU dont  \nl'\u00e9tablissement principal est situ\u00e9 Route de la Crau - 61 Chemin de la Pendelotte 83400 HYERES et  \nenregistr\u00e9 sous le N\u00b0 SAP752652073 pour les activit\u00e9s suivantes :\n  \u2022   Petits travaux de jardinage (mode d'intervention Prestataire)\n  \u2022   Travaux de petit bricolage (mode d'intervention Prestataire)\nToute  modification  concernant  les  activit\u00e9s  exerc\u00e9es  devra  faire  l'objet  d'une  d\u00e9claration \nmodificative pr\u00e9alable.\nSous r\u00e9serve d'\u00eatre exerc\u00e9es \u00e0 titre exclusif (ou sous r\u00e9serve d'une comptabilit\u00e9 s\u00e9par\u00e9e pour les  \npersonnes  morales  dispens\u00e9es  de  cette  condition),  ces  activit\u00e9s  ouvrent  droit  au  b\u00e9n\u00e9fice  des \ndispositions des articles L. 7233-2 du code du travail et L.241-10 du code de la s\u00e9curit\u00e9 sociale dans  \nles conditions pr\u00e9vues par ces articles.\nLes effets de la d\u00e9claration courent \u00e0 compter du jour du d\u00e9p\u00f4t de la d\u00e9claration sous r\u00e9serve des  \ndispositions de l'article R.7232-18 du code du travail. Le pr\u00e9sent r\u00e9c\u00e9piss\u00e9 n'est pas limit\u00e9 dans le  \ntemps. La d\u00e9claration a une port\u00e9e nationale.\nL'enregistrement de la d\u00e9claration peut \u00eatre retir\u00e9 dans les conditions fix\u00e9es aux articles R.7232-\n20 \u00e0 R.7232-22 du code du travail.\nLe pr\u00e9sent r\u00e9c\u00e9piss\u00e9 sera publi\u00e9 au recueil des actes administratifs de la pr\u00e9fecture.\nLe pr\u00e9sent r\u00e9c\u00e9piss\u00e9 peut, \u00e0 compter de sa notification, faire l'objet d'un recours gracieux aupr\u00e8s  \nservice instructeur du Var ou d'un recours hi\u00e9rarchique adress\u00e9 au ministre charg\u00e9 de l'\u00e9conomie -  \nDirection g\u00e9n\u00e9rale des entreprises \u2013 sous-direction des services marchands, 61 Boulevard Vincent  \nAuriol, 75703 PARIS CEDEX 13.\nIl peut \u00e9galement faire l'objet d'un recours contentieux dans un d\u00e9lai de deux mois \u00e0 compter de sa  \nnotification aupr\u00e8s du tribunal administratif de Toulon. Le tribunal administratif peut aussi \u00eatre saisi  \npar  l'application  informatique  \u00ab  T\u00e9l\u00e9recours  citoyen  \u00bb  accessible  sur  le  site  internet   \nhttp://www.telerecours.fr/\nEn cas de rejet du recours gracieux ou hi\u00e9rarchique ou en l'absence de r\u00e9ponse \u00e0 ce recours (rejet  \nimplicite), un recours contentieux devant le tribunal administratif de Toulon peut \u00e9galement \u00eatre  \nform\u00e9 contre la d\u00e9cision initiale dans un d\u00e9lai de deux mois \u00e0 compter de ce rejet. \nPour le Pr\u00e9fet et par d\u00e9l\u00e9gation\nPour le Directeur d\u00e9partemental \nde l'emploi, du travail et des solidarit\u00e9s du Var \nLa cheffe du service accompagnement \ndes entreprises et d\u00e9veloppement des territoires\nSign\u00e9 : S\u00e9verine LARDERET\nFait \u00e0 CS 31209 - 83070 TOULON Cedex, le 23/06/25\nDDETS du Var\nDirection d\u00e9partementale de l'emploi, du travail et des solidarit\u00e9s du Var - 83-2025-06-23-00002 - 458-2025-recepisse declaration\nPEYRU SEBASTIEN du 230625 8\nDirection d\u00e9partementale de l'emploi, du travail et des solidarit\u00e9s du Var - 83-2025-06-23-00002 - 458-2025-recepisse declaration\nPEYRU SEBASTIEN du 230625 9\nDirection d\u00e9partementale de l'emploi, du travail\net des solidarit\u00e9s du Var\n83-2025-06-24-00006\n466-2025-recepisse declaration-CCMAISON\nPROPRE\nDirection d\u00e9partementale de l'emploi, du travail et des solidarit\u00e9s du Var - 83-2025-06-24-00006 - 466-2025-recepisse\ndeclaration-CCMAISON PROPRE 10\nPF4Libert\u00e9 + \u00c9galit\u00e9 + Fraternit\u00e9R\u00c9PUBLIQUE FRAN\u00c7AISE\nR\u00e9c\u00e9piss\u00e9 de d\u00e9claration\nd'un organisme de services \u00e0 la personne\nenregistr\u00e9 sous le N\u00b0 SAP934594888\nVu le code du travail et notamment les articles L.7231-1 \u00e0 L.7233-2, R.7232-16 \u00e0 R.7232-22, D.7231-1 et \nD.7233-1 \u00e0 D.7233-5 ; \nVu la demande de d\u00e9claration d\u00e9pos\u00e9e par l'organisme CCMaisonPropre, 667 avenue du 1er BIM du \nPacifique] 83130 LA GARDE, le 12/06/25 ;\nLe pr\u00e9fet du Var\nConstate : \nQu'une d\u00e9claration d'activit\u00e9s de services \u00e0 la personne a \u00e9t\u00e9 d\u00e9pos\u00e9e aupr\u00e8s du service instructeur  \ndu  Var,  le  12/06/25  par  Mme.  CHEIKR  Ch\u00e9rifa  en  qualit\u00e9  de  dirigeant(e),  pour  l'organisme \nCCMaisonPropre dont l'\u00e9tablissement principal est situ\u00e9 667 avenue du 1er BIM du Pacifique] 83130  \nLA GARDE et enregistr\u00e9 sous le N\u00b0 SAP934594888 pour les activit\u00e9s suivantes :\n  \u2022   Entretien de la maison et travaux m\u00e9nagers (mode d'intervention Mandataire, Prestataire)\nToute  modification  concernant  les  activit\u00e9s  exerc\u00e9es  devra  faire  l'objet  d'une  d\u00e9claration \nmodificative pr\u00e9alable.\nSous r\u00e9serve d'\u00eatre exerc\u00e9es \u00e0 titre exclusif (ou sous r\u00e9serve d'une comptabilit\u00e9 s\u00e9par\u00e9e pour les  \npersonnes  morales  dispens\u00e9es  de  cette  condition),  ces  activit\u00e9s  ouvrent  droit  au  b\u00e9n\u00e9fice  des \ndispositions des articles L. 7233-2 du code du travail et L.241-10 du code de la s\u00e9curit\u00e9 sociale dans  \nles conditions pr\u00e9vues par ces articles.\nLes effets de la d\u00e9claration courent \u00e0 compter du jour du d\u00e9p\u00f4t de la d\u00e9claration sous r\u00e9serve des  \ndispositions de l'article R.7232-18 du code du travail. Le pr\u00e9sent r\u00e9c\u00e9piss\u00e9 n'est pas limit\u00e9 dans le  \ntemps. La d\u00e9claration a une port\u00e9e nationale.\nL'enregistrement de la d\u00e9claration peut \u00eatre retir\u00e9 dans les conditions fix\u00e9es aux articles R.7232-\n20 \u00e0 R.7232-22 du code du travail.\nLe pr\u00e9sent r\u00e9c\u00e9piss\u00e9 sera publi\u00e9 au recueil des actes administratifs de la pr\u00e9fecture.\nLe pr\u00e9sent r\u00e9c\u00e9piss\u00e9 peut, \u00e0 compter de sa notification, faire l'objet d'un recours gracieux aupr\u00e8s  \nservice instructeur du Var ou d'un recours hi\u00e9rarchique adress\u00e9 au ministre charg\u00e9 de l'\u00e9conomie -  \nDirection g\u00e9n\u00e9rale des entreprises \u2013 sous-direction des services marchands, 61 Boulevard Vincent  \nAuriol, 75703 PARIS CEDEX 13.\nIl peut \u00e9galement faire l'objet d'un recours contentieux dans un d\u00e9lai de deux mois \u00e0 compter de sa  \nnotification aupr\u00e8s du tribunal administratif de Toulon.\nLe tribunal administratif peut aussi \u00eatre saisi par l'application informatique \u00ab T\u00e9l\u00e9recours citoyen \u00bb  \naccessible sur le site internet  http://www.telerecours.fr/\nEn cas de rejet du recours gracieux ou hi\u00e9rarchique ou en l'absence de r\u00e9ponse \u00e0 ce recours (rejet  \nimplicite), un recours contentieux devant le tribunal administratif de Toulon peut \u00e9galement \u00eatre  \nform\u00e9 contre la d\u00e9cision initiale dans un d\u00e9lai de deux mois \u00e0 compter de ce rejet. \nPour le Pr\u00e9fet et par d\u00e9l\u00e9gation\nPour le Directeur d\u00e9partemental \nde l'emploi, du travail et des solidarit\u00e9s du Var \nLa cheffe du service accompagnement \ndes entreprises et d\u00e9veloppement des territoires\nSign\u00e9 : S\u00e9verine LARDERET\nFait \u00e0 CS 31209 - 83070 TOULON Cedex, le 24/06/25\nDDETS du Var\nDirection d\u00e9partementale de l'emploi, du travail et des solidarit\u00e9s du Var - 83-2025-06-24-00006 - 466-2025-recepisse\ndeclaration-CCMAISON PROPRE 11\nDirection d\u00e9partementale de l'emploi, du travail\net des solidarit\u00e9s du Var\n83-2025-06-24-00005\n469-2025-recepisse declaration MENAGE ET\nVOUS-POUSSIBET CLARA du 240625\nDirection d\u00e9partementale de l'emploi, du travail et des solidarit\u00e9s du Var - 83-2025-06-24-00005 - 469-2025-recepisse declaration\nMENAGE ET VOUS-POUSSIBET CLARA du 240625 12\nPF4Libert\u00e9 + \u00c9galit\u00e9 + Fraternit\u00e9R\u00c9PUBLIQUE FRAN\u00c7AISE\nR\u00e9c\u00e9piss\u00e9 de d\u00e9claration\nd'un organisme de services \u00e0 la personne\nenregistr\u00e9 sous le N\u00b0 SAP942626284\nVu le code du travail et notamment les articles L.7231-1 \u00e0 L.7233-2, R.7232-16 \u00e0 R.7232-22, D.7231-1 et \nD.7233-1 \u00e0 D.7233-5 ; \nVu la demande de d\u00e9claration d\u00e9pos\u00e9e par l'organisme , 1 Avenue De la paix 83490 Le Muy, le \n24/06/25 ;\nLe pr\u00e9fet du Var\nConstate : \nQu'une d\u00e9claration d'activit\u00e9s de services \u00e0 la personne a \u00e9t\u00e9 d\u00e9pos\u00e9e aupr\u00e8s du service instructeur  \ndu Var, le 24/06/25 par Mme. POUSSIBET Clara en qualit\u00e9 de dirigeant(e), pour l'organisme  dont  \nl'\u00e9tablissement  principal  est  situ\u00e9  1  Avenue  De  la  paix  83490  Le  Muy  et  enregistr\u00e9  sous  le  N\u00b0 \nSAP942626284 pour les activit\u00e9s suivantes :\n  \u2022   Garde d'enfants de plus de 3 ans \u00e0 domicile (mode d'intervention Prestataire)\n  \u2022   Entretien de la maison et travaux m\u00e9nagers (mode d'intervention Prestataire)\nToute  modification  concernant  les  activit\u00e9s  exerc\u00e9es  devra  faire  l'objet  d'une  d\u00e9claration \nmodificative pr\u00e9alable.\nSous r\u00e9serve d'\u00eatre exerc\u00e9es \u00e0 titre exclusif (ou sous r\u00e9serve d'une comptabilit\u00e9 s\u00e9par\u00e9e pour les  \npersonnes  morales  dispens\u00e9es  de  cette  condition),  ces  activit\u00e9s  ouvrent  droit  au  b\u00e9n\u00e9fice  des \ndispositions des articles L. 7233-2 du code du travail et L.241-10 du code de la s\u00e9curit\u00e9 sociale dans  \nles conditions pr\u00e9vues par ces articles.\nLes effets de la d\u00e9claration courent \u00e0 compter du jour du d\u00e9p\u00f4t de la d\u00e9claration sous r\u00e9serve des  \ndispositions de l'article R.7232-18 du code du travail. Le pr\u00e9sent r\u00e9c\u00e9piss\u00e9 n'est pas limit\u00e9 dans le  \ntemps. La d\u00e9claration a une port\u00e9e nationale.\nL'enregistrement de la d\u00e9claration peut \u00eatre retir\u00e9 dans les conditions fix\u00e9es aux articles R.7232-\n20  \u00e0  R.7232-22  du  code  du  travail.  Le  pr\u00e9sent  r\u00e9c\u00e9piss\u00e9  sera  publi\u00e9  au  recueil  des  actes \nadministratifs de la pr\u00e9fecture.\nLe pr\u00e9sent r\u00e9c\u00e9piss\u00e9 peut, \u00e0 compter de sa notification, faire l'objet d'un recours gracieux aupr\u00e8s  \nservice instructeur du Var ou d'un recours hi\u00e9rarchique adress\u00e9 au ministre charg\u00e9 de l'\u00e9conomie -  \nDirection g\u00e9n\u00e9rale des entreprises \u2013 sous-direction des services marchands, 61 Boulevard Vincent  \nAuriol, 75703 PARIS CEDEX 13.\nIl peut \u00e9galement faire l'objet d'un recours contentieux dans un d\u00e9lai de deux mois \u00e0 compter de sa  \nnotification aupr\u00e8s du tribunal administratif de Toulon.\nLe tribunal administratif peut aussi \u00eatre saisi par l'application informatique \u00ab T\u00e9l\u00e9recours citoyen \u00bb  \naccessible sur le site internet  http://www.telerecours.fr/\nEn cas de rejet du recours gracieux ou hi\u00e9rarchique ou en l'absence de r\u00e9ponse \u00e0 ce recours (rejet  \nimplicite), un recours contentieux devant le tribunal administratif de Toulon peut \u00e9galement \u00eatre  \nform\u00e9 contre la d\u00e9cision initiale dans un d\u00e9lai de deux mois \u00e0 compter de ce rejet. \nPour le Pr\u00e9fet et par d\u00e9l\u00e9gation\nPour le Directeur d\u00e9partemental \nde l'emploi, du travail et des solidarit\u00e9s du Var \nLa cheffe du service accompagnement \ndes entreprises et d\u00e9veloppement des territoires\nSign\u00e9 : S\u00e9verine LARDERET\nFait \u00e0 CS 31209 - 83070 TOULON Cedex, le 24/06/25\nDDETS du Var \nDirection d\u00e9partementale de l'emploi, du travail et des solidarit\u00e9s du Var - 83-2025-06-24-00005 - 469-2025-recepisse declaration\nMENAGE ET VOUS-POUSSIBET CLARA du 240625 13\nDirection d\u00e9partementale de l'emploi, du travail\net des solidarit\u00e9s du Var\n83-2025-06-25-00008\n470-2025-recepisse declaration ND-FONTAT\nMARC du 250625\nDirection d\u00e9partementale de l'emploi, du travail et des solidarit\u00e9s du Var - 83-2025-06-25-00008 - 470-2025-recepisse declaration\nND-FONTAT MARC du 250625 14\nPF4Libert\u00e9 + \u00c9galit\u00e9 + Fraternit\u00e9R\u00c9PUBLIQUE FRAN\u00c7AISE\nR\u00e9c\u00e9piss\u00e9 de d\u00e9claration\nd'un organisme de services \u00e0 la personne\nenregistr\u00e9 sous le N\u00b0 SAP927937243\nVu le code du travail et notamment les articles L.7231-1 \u00e0 L.7233-2, R.7232-16 \u00e0 R.7232-22, D.7231-1 et \nD.7233-1 \u00e0 D.7233-5 ; \nVu la demande de d\u00e9claration d\u00e9pos\u00e9e par l'organisme, R\u00e9sidence Le Margot 2 Bt 1 -166 Impasse Des \nchaumes 83160 LA VALETTE-DU-VAR, le 24/06/25 ;\nLe pr\u00e9fet du Var\nConstate : \nQu'une d\u00e9claration d'activit\u00e9s de services \u00e0 la personne a \u00e9t\u00e9 d\u00e9pos\u00e9e aupr\u00e8s du service instructeur  \ndu  Var,  le  24/06/25  par  M.  FONTAT  Marc  en  qualit\u00e9  de  dirigeant(e),  pour  l'organisme  dont \nl'\u00e9tablissement principal est situ\u00e9 R\u00e9sidence Le Margot 2 Bt 1 -166 Impasse Des chaumes 83160 LA  \nVALETTE-DU-VAR et enregistr\u00e9 sous le N\u00b0 SAP927937243 pour les activit\u00e9s suivantes :\n  \u2022   Entretien de la maison et travaux m\u00e9nagers (mode d'intervention Prestataire)\n  \u2022   Petits travaux de jardinage (mode d'intervention Prestataire)\n  \u2022   Travaux de petit bricolage (mode d'intervention Prestataire)\nToute  modification  concernant  les  activit\u00e9s  exerc\u00e9es  devra  faire  l'objet  d'une  d\u00e9claration \nmodificative pr\u00e9alable.\nSous r\u00e9serve d'\u00eatre exerc\u00e9es \u00e0 titre exclusif (ou sous r\u00e9serve d'une comptabilit\u00e9 s\u00e9par\u00e9e pour les  \npersonnes  morales  dispens\u00e9es  de  cette  condition),  ces  activit\u00e9s  ouvrent  droit  au  b\u00e9n\u00e9fice  des \ndispositions des articles L. 7233-2 du code du travail et L.241-10 du code de la s\u00e9curit\u00e9 sociale dans  \nles conditions pr\u00e9vues par ces articles.\nLes effets de la d\u00e9claration courent \u00e0 compter du jour du d\u00e9p\u00f4t de la d\u00e9claration sous r\u00e9serve des  \ndispositions de l'article R.7232-18 du code du travail. Le pr\u00e9sent r\u00e9c\u00e9piss\u00e9 n'est pas limit\u00e9 dans le  \ntemps. La d\u00e9claration a une port\u00e9e nationale. L'enregistrement de la d\u00e9claration peut \u00eatre retir\u00e9  \ndans les conditions fix\u00e9es aux articles R.7232-20 \u00e0 R.7232-22 du code du travail. Le pr\u00e9sent r\u00e9c\u00e9piss\u00e9  \nsera publi\u00e9 au recueil des actes administratifs de la pr\u00e9fecture.\nLe pr\u00e9sent r\u00e9c\u00e9piss\u00e9 peut, \u00e0 compter de sa notification, faire l'objet d'un recours gracieux aupr\u00e8s  \nservice instructeur du Var ou d'un recours hi\u00e9rarchique adress\u00e9 au ministre charg\u00e9 de l'\u00e9conomie -  \nDirection g\u00e9n\u00e9rale des entreprises \u2013 sous-direction des services marchands, 61 Boulevard Vincent  \nAuriol, 75703 PARIS CEDEX 13.\nIl peut \u00e9galement faire l'objet d'un recours contentieux dans un d\u00e9lai de deux mois \u00e0 compter de sa  \nnotification aupr\u00e8s du tribunal administratif de Toulon.\nLe tribunal administratif peut aussi \u00eatre saisi par l'application informatique \u00ab T\u00e9l\u00e9recours citoyen \u00bb  \naccessible sur le site internet  http://www.telerecours.fr/\nEn cas de rejet du recours gracieux ou hi\u00e9rarchique ou en l'absence de r\u00e9ponse \u00e0 ce recours (rejet  \nimplicite), un recours contentieux devant le tribunal administratif de Toulon peut \u00e9galement \u00eatre  \nform\u00e9 contre la d\u00e9cision initiale dans un d\u00e9lai de deux mois \u00e0 compter de ce rejet. \nPour le Pr\u00e9fet et par d\u00e9l\u00e9gation\nPour le Directeur d\u00e9partemental \nde l'emploi, du travail et des solidarit\u00e9s du Var \nLa cheffe du service accompagnement \ndes entreprises et d\u00e9veloppement des territoires\nSign\u00e9 : S\u00e9verine LARDERET\nFait \u00e0 CS 31209 - 83070 TOULON Cedex, le 25/06/25\nDDETS du Var\nDirection d\u00e9partementale de l'emploi, du travail et des solidarit\u00e9s du Var - 83-2025-06-25-00008 - 470-2025-recepisse declaration\nND-FONTAT MARC du 250625 15\nDirection d\u00e9partementale de la protection des\npopulations  du Var\n83-2025-06-17-00007\nARR\u00caT\u00c9 PR\u00c9FECTORAL N\u00b0 25/127 du 17/06/2025\nabrogeant\nl'ARR\u00caT\u00c9 PR\u00c9FECTORAL N\u00b025/090 du 30/04/2025\nportant d\u00e9limitation d'une zone de recensement\net de surveillance relative\n\u00e0 l'an\u00e9mie infectieuse des \u00e9quid\u00e9s\nDirection d\u00e9partementale de la protection des populations  du Var - 83-2025-06-17-00007 - ARR\u00caT\u00c9 PR\u00c9FECTORAL N\u00b0 25/127 du\n17/06/2025 abrogeant\nl'ARR\u00caT\u00c9 PR\u00c9FECTORAL N\u00b025/090 du 30/04/2025\nportant d\u00e9limitation d'une zone de recensement et de surveillance relative\n\u00e0 l'an\u00e9mie infectieuse des \u00e9quid\u00e9s\n16\nExPREFETDU VARLibert\u00e9Egalit\u00e9Fraternit\u00e9\nDirection d\u00e9partementale de la \nprotection des populations \nP\u00f4le Animaux et Environnement \u2013 Services v\u00e9t\u00e9rinaires \nARR\u00caT\u00c9 PR\u00c9FECTORAL N\u00b0 25/127 du 17/06/2025 abrogeant \nl'ARR\u00caT\u00c9 PR\u00c9FECTORAL N\u00b025/090 du 30/04/2025 \nportant d\u00e9limitation d'une zone de recensement et de surveillance relative \n\u00e0 l'an\u00e9mie infectieuse des \u00e9quid\u00e9s \nLe Pr\u00e9fet du Var, \nOfficier de la L\u00e9gion d'honneur \nVU  le code rural et de la p\u00eache maritime, le livre II, titre III et notamment les articles L201- \n1, L201-4, L221-1 ;\nVU  le d\u00e9cret n\u00b0 92-1029 du 23 septembre 1992 relatif \u00e0 l'inscription de l'an\u00e9mie infectieuse \ndes \u00e9quid\u00e9s \u00e0 la nomenclature des maladies r\u00e9put\u00e9es contagieuses ;\nVU  l'arr\u00eat\u00e9 interminist\u00e9riel du 23 septembre 1992 fixant les mesures de police sanitaire \nrelatives \u00e0 l'an\u00e9mie infectieuse des \u00e9quid\u00e9s ;\nVU  l'arr\u00eat\u00e9 interminist\u00e9riel modifi\u00e9 du 23 septembre 1992 fixant les mesures financi\u00e8res \nrelatives \u00e0 la police sanitaire de l'an\u00e9mie infectieuse des \u00e9quid\u00e9s ;\nVU  l'arr\u00eat\u00e9  pr\u00e9fectoral  n\u00b0  25/068  du  11/04/2025,  portant  d\u00e9claration  d'infection  pour \nan\u00e9mie infectieuse de l'\u00e9quid\u00e9 nomm\u00e9 Country Man de l'exploitation de Madame Malika \nKOUADRI modifi\u00e9 par avenant du 18 avril 2025 ;\nConsid\u00e9rant  que les r\u00e9sultats des tests s\u00e9rologiques de tous les \u00e9quid\u00e9s d\u00e9tenus dans la \nzone de recensement et de surveillance se sont r\u00e9v\u00e9l\u00e9s n\u00e9gatifs ;\nConsid\u00e9rant  les  conclusions  favorables  de  l'enqu\u00eate  \u00e9pid\u00e9miologique  de  la  direction \nd\u00e9partementale de la protection des populations ;\nSur proposition  de la\n directrice d\u00e9partementale de la protection des populations  du Var  ;\nARR\u00caTE \nArticle 1   er    : l'a rr\u00eat\u00e9 pr\u00e9fectoral N\u00b0 25/090 du 30/04/2025 p ortant d\u00e9limitation d'une zone \nde  recensement  et  de  surveillance  au  titre  de  l'an\u00e9mie  infectieuse  des  \u00e9quid\u00e9s  est \nrapport\u00e9. \n\nDirection d\u00e9partementale de la protection des populations  du Var - 83-2025-06-17-00007 - ARR\u00caT\u00c9 PR\u00c9FECTORAL N\u00b0 25/127 du\n17/06/2025 abrogeant\nl'ARR\u00caT\u00c9 PR\u00c9FECTORAL N\u00b025/090 du 30/04/2025\nportant d\u00e9limitation d'une zone de recensement et de surveillance relative\n\u00e0 l'an\u00e9mie infectieuse des \u00e9quid\u00e9s\n17\nArticle 2  : le pr\u00e9sent arr\u00eat\u00e9 sera publi\u00e9 au recueil des actes administratifs du d\u00e9partement \ndu Var. \nArticle  3 \n :  La  pr\u00e9sente  d\u00e9cision  peut  faire  l'objet  d'un  recours  devant  le  tribunal \nadministratif comp\u00e9tent, dans un d\u00e9lai de deux mois \u00e0 compter de sa notification. Le \ntribunal administratif peut \u00eatre saisi par l'application informatique \"T\u00e9l\u00e9recours citoyens\" \naccessible par le site internet www.t\u00e9l\u00e9recours.fr.  Ce recours n'est pas  suspensif de la \nd\u00e9cision qui doit \u00eatre mise en application. \nArticle 4 \n : Le sous-pr\u00e9fet de Draguignan, le commandant du groupement d\u00e9partemental \nde gendarmerie, la directrice d\u00e9partementale de la protection des populations, les maires \ndes communes de LA MARTRE, de LA BASTIDE et de CH\u00c2TEAUVIEUX, l'Institut Fran\u00e7ais du \nCheval et de l'\u00c9quitation, ainsi que les v\u00e9t\u00e9rinaires sanitaires habilit\u00e9s dans le d\u00e9partement \ndu Var, sont charg\u00e9s, chacun en ce qui le concerne, de l'ex\u00e9cution du pr\u00e9sent arr\u00eat\u00e9 qui \nsera publi\u00e9 au recueil des actes administratifs de la pr\u00e9fecture du Var et dont une copie \nsera affich\u00e9e dans les communes concern\u00e9es. \nFait \u00e0 Toulon, le 17/06/2025 \nSign\u00e9\nMonsieur Simon BABRE, \nPr\u00e9fet du Var \n\nDirection d\u00e9partementale de la protection des populations  du Var - 83-2025-06-17-00007 - ARR\u00caT\u00c9 PR\u00c9FECTORAL N\u00b0 25/127 du\n17/06/2025 abrogeant\nl'ARR\u00caT\u00c9 PR\u00c9FECTORAL N\u00b025/090 du 30/04/2025\nportant d\u00e9limitation d'une zone de recensement et de surveillance relative\n\u00e0 l'an\u00e9mie infectieuse des \u00e9quid\u00e9s\n18\nDirection d\u00e9partementale des territoires et de la\nmer du Var\n83-2025-06-25-00006\nAI-083-2025-6 raa\nDirection d\u00e9partementale des territoires et de la mer du Var - 83-2025-06-25-00006 - AI-083-2025-6 raa 19\n=mPREFETDU VARLibert\u00e9Egalit\u00e9Fraternit\u00e9\nARR\u00caT\u00c9 PR\u00c9FECTORAL DDTM-SPP-PAU-2025-24\nportant habilitation pour r\u00e9aliser l'analyse d'impact\nmentionn\u00e9e au III de l'article L. 752-6 du code de commerce\nLe pr\u00e9fet du Var,\nVu le code de commerce, et notamment ses articles L. 752-6 et R. 752-6-1 \u00e0 R. 752-6-3 ,\nVu la  loi  n\u00b0  2018-1021  du  23  novembre  2018  portant  \u00c9volution  du  Logement,  de \nl'Am\u00e9nagement et du Num\u00e9rique (ELAN) ,\nVu le d\u00e9cret n\u00b0 2019-331 du 17 avril 2019 relatif \u00e0 la composition et au fonctionnement des  \ncommissions d\u00e9partementales d'am\u00e9nagement commercial et aux demandes d'autorisation  \nd'exploitation commerciale ,\nVu le d\u00e9cret du Pr\u00e9sident de la R\u00e9publique du 15 mai 2025 portant nomination de M. Simon\nBABRE, pr\u00e9fet du Var,\nVu  le d\u00e9cret du Pr\u00e9sident de la R\u00e9publique du 29 octobre 2024 portant nomination du  \nsecr\u00e9taire  g\u00e9n\u00e9ral  de  la  pr\u00e9fecture  du  Var,  sous-pr\u00e9fet  de  Toulon,  Monsieur  Lucien \nGIUDICELLI,\nVu l'arr\u00eat\u00e9  pr\u00e9fectoral  n\u00b0  2025/12/MCI  du  2  juin  2025  portant  d\u00e9l\u00e9gation  de  signature  \u00e0 \nMonsieur  Lucien  GIUDICELLI,  secr\u00e9taire  g\u00e9n\u00e9ral  de  la  pr\u00e9fecture  du  Var,  sous-pr\u00e9fet  de \nl'arrondissement de Toulon,\nVu la demande d\u00e9pos\u00e9e le 9 mai 2025 par Mme Elodie CHOPLIN, g\u00e9rante et dirigeante de la  \nSARL EC&U,\nSur proposition du secr\u00e9taire g\u00e9n\u00e9ral de la pr\u00e9fecture du Var,\nARR\u00caTE :\nArticle 1er : La SARL EC&U est habilit\u00e9 \u00e0 r\u00e9aliser l'analyse d'impact pr\u00e9vue par l'article L. 752-6  \ndu  code  de  commerce  pour  les  dossiers  d\u00e9pos\u00e9s  dans  le  Var.  Elle  est  identifi\u00e9e  sous  le \nnum\u00e9ro :\nAI-083-2025-6\n    SARL EC&U,\n    7 , rue de la Galissonni\u00e8re\n44000 NANTES\nArticle 2 : Les personnes physiques pour lesquelles est r\u00e9alis\u00e9e l'habilitation sont:\nDirection d\u00e9partementale\ndes territoires et de la mer du Var\nService Planifications et Prospective\nDirection d\u00e9partementale des territoires et de la mer du Var - 83-2025-06-25-00006 - AI-083-2025-6 raa 20\n\u2013 madame Elodie CHOPLIN, n\u00e9e le 8 janvier 1975 \u00e0 NANTES (44).\n\u2013 madame Ang\u00e8le DUPIN, n\u00e9e le 24 mars 2001 \u00e0 COMPIEGNE (60).\n\u2013 monsieur Martin MADIOT, n\u00e9 le 23 f\u00e9vrier 2001 au MANS (72).\n\u2013 monsieur Thomas BLANDIN, n\u00e9 le 15 ao\u00fbt 1994 \u00e0 Saint-S\u00e9bastien-sur-Loire (44).\n\u2013 monsieur No\u00e9 GLAUX, n\u00e9 le 14 septembre 1997 \u00e0 NANTES (44).\nArticle 3  : Cette habilitation est d\u00e9livr\u00e9e pour une dur\u00e9e de 5  ans \u00e0 compter de la date de  \nd\u00e9livrance, sans qu'un renouvellement tacite soit possible. Elle est valable sur l'ensemble du  \nterritoire du d\u00e9partement du Var.\nArticle 4  : Toute modification de situation conduit \u00e0 la mise \u00e0 jour, dans le mois, par le  \nrepr\u00e9sentant de l'organisme habilit\u00e9, du dossier d'habilitation d\u00e9pos\u00e9 en pr\u00e9fecture.\nArticle 5  : Le secr\u00e9taire g\u00e9n\u00e9ral de la pr\u00e9fecture du Var est charg\u00e9 d'assurer l'ex\u00e9cution du  \npr\u00e9sent arr\u00eat\u00e9. Il sera publi\u00e9 au recueil des actes administratifs de la pr\u00e9fecture du Var.\nFait \u00e0 Toulon, le 25/06/2025\nPour le pr\u00e9fet et par d\u00e9l\u00e9gation,\nLe secr\u00e9taire g\u00e9n\u00e9ral,\nSign\u00e9\nLucien GIUDICELLI\nD\u00c9LAIS ET VOIES DE RECOURS\nTout recours \u00e0 l'encontre de la pr\u00e9sente d\u00e9cision pourra \u00eatre port\u00e9 devant le tribunal administratif de Toulon  \ndans un d\u00e9lai de deux mois suivant sa r\u00e9ception. Dans ce m\u00eame d\u00e9lai, un recours gracieux peut \u00e9galement \u00eatre  \npr\u00e9sent\u00e9 aupr\u00e8s de l'auteur de la d\u00e9cision. Dans ce cas, le recours contentieux pourra \u00eatre introduit dans les deux \nmois suivant la r\u00e9ponse (le silence gard\u00e9 pendant les deux mois suivant la r\u00e9ception du recours gracieux emporte  \nrejet de la demande).\nDirection d\u00e9partementale des territoires et de la mer du Var - 83-2025-06-25-00006 - AI-083-2025-6 raa 21\nDirection d\u00e9partementale des territoires et de la mer du Var - 83-2025-06-25-00006 - AI-083-2025-6 raa 22\nDirection d\u00e9partementale des territoires et de la\nmer du Var\n83-2025-06-25-00007\nAI-083-2025-7 raa\nDirection d\u00e9partementale des territoires et de la mer du Var - 83-2025-06-25-00007 - AI-083-2025-7 raa 23\n=mPREFETDU VARLibert\u00e9Egalit\u00e9Fraternit\u00e9\nARR\u00caT\u00c9 PR\u00c9FECTORAL DDTM-SPP-PAU-2025-23\nportant habilitation pour r\u00e9aliser l'analyse d'impact\nmentionn\u00e9e au III de l'article L. 752-6 du code de commerce\nLe pr\u00e9fet du Var,\nVu le code de commerce, et notamment ses articles L. 752-6 et R. 752-6-1 \u00e0 R. 752-6-3 ,\nVu la  loi  n\u00b0  2018-1021  du  23  novembre  2018  portant  \u00c9volution  du  Logement,  de \nl'Am\u00e9nagement et du Num\u00e9rique (ELAN) ,\nVu le d\u00e9cret n\u00b0 2019-331 du 17 avril 2019 relatif \u00e0 la composition et au fonctionnement des  \ncommissions d\u00e9partementales d'am\u00e9nagement commercial et aux demandes d'autorisation  \nd'exploitation commerciale ,\nVu le d\u00e9cret du Pr\u00e9sident de la R\u00e9publique du 15 mai 2025 portant nomination de M. Simon\nBABRE, pr\u00e9fet du Var,\nVu  le d\u00e9cret du Pr\u00e9sident de la R\u00e9publique du 29 octobre 2024 portant nomination du  \nsecr\u00e9taire  g\u00e9n\u00e9ral  de  la  pr\u00e9fecture  du  Var,  sous-pr\u00e9fet  de  Toulon,  Monsieur  Lucien \nGIUDICELLI,\nVu l'arr\u00eat\u00e9  pr\u00e9fectoral  n\u00b0  2025/12/MCI  du  2  juin  2025  portant  d\u00e9l\u00e9gation  de  signature  \u00e0 \nMonsieur  Lucien  GIUDICELLI,  secr\u00e9taire  g\u00e9n\u00e9ral  de  la  pr\u00e9fecture  du  Var,  sous-pr\u00e9fet  de \nl'arrondissement de Toulon,\nVu la demande  d\u00e9pos\u00e9e le 12 mai 2025 par Mme Marion LACOMBE, g\u00e9rante de la SARL  \nLINEAMENTA,\nSur proposition du secr\u00e9taire g\u00e9n\u00e9ral de la pr\u00e9fecture du Var,\nARR\u00caTE :\nArticle 1 er : La SARL LINEAMENTA est habilit\u00e9 \u00e0 r\u00e9aliser l'analyse d'impact pr\u00e9vue par l'article  \nL. 752-6 du code de commerce pour les dossiers d\u00e9pos\u00e9s dans le Var. Elle est identifi\u00e9e sous le \nnum\u00e9ro :\nAI-083-2025-7\n    SARL LINEAMENTA\n109 Quai du Pr\u00e9sident Wilson\n33130 BEGLES\nDirection d\u00e9partementale\ndes territoires et de la mer du Var\nService Planifications et Prospective\nDirection d\u00e9partementale des territoires et de la mer du Var - 83-2025-06-25-00007 - AI-083-2025-7 raa 24\nArticle 2 : Les personnes physiques pour lesquelles est r\u00e9alis\u00e9e l'habilitation sont:\n\u2013 madame Marion LACOMBE, n\u00e9e le 14 septembre 1987 \u00e0 BORDEAUX (33).\n\u2013 madame Julie CORRE, n\u00e9e le 26 novembre 1998 \u00e0 BREST (29).\nArticle 3  : Cette habilitation est d\u00e9livr\u00e9e pour une dur\u00e9e de 5  ans \u00e0 compter de la date de  \nd\u00e9livrance, sans qu'un renouvellement tacite soit possible. Elle est valable sur l'ensemble du  \nterritoire du d\u00e9partement du Var.\nArticle 4  : Toute modification de situation conduit \u00e0 la mise \u00e0 jour, dans le mois, par le  \nrepr\u00e9sentant de l'organisme habilit\u00e9, du dossier d'habilitation d\u00e9pos\u00e9 en pr\u00e9fecture.\nArticle 5  : Le secr\u00e9taire g\u00e9n\u00e9ral de la pr\u00e9fecture du Var est charg\u00e9 d'assurer l'ex\u00e9cution du  \npr\u00e9sent arr\u00eat\u00e9. Il sera publi\u00e9 au recueil des actes administratifs de la pr\u00e9fecture du Var.\nFait \u00e0 Toulon, le 25/06/2025\nPour le pr\u00e9fet et par d\u00e9l\u00e9gation,\nLe secr\u00e9taire g\u00e9n\u00e9ral,\nSign\u00e9\nLucien GIUDICELLI\nD\u00c9LAIS ET VOIES DE RECOURS\nTout recours \u00e0 l'encontre de la pr\u00e9sente d\u00e9cision pourra \u00eatre port\u00e9 devant le tribunal administratif de Toulon  \ndans un d\u00e9lai de deux mois suivant sa r\u00e9ception. Dans ce m\u00eame d\u00e9lai, un recours gracieux peut \u00e9galement \u00eatre  \npr\u00e9sent\u00e9 aupr\u00e8s de l'auteur de la d\u00e9cision. Dans ce cas, le recours contentieux pourra \u00eatre introduit dans les deux \nmois suivant la r\u00e9ponse (le silence gard\u00e9 pendant les deux mois suivant la r\u00e9ception du recours gracieux emporte  \nrejet de la demande).\nDirection d\u00e9partementale des territoires et de la mer du Var - 83-2025-06-25-00007 - AI-083-2025-7 raa 25\nDirection d\u00e9partementale des territoires et de la\nmer du Var\n83-2025-06-25-00005\nAI-083-2025-8 raa\nDirection d\u00e9partementale des territoires et de la mer du Var - 83-2025-06-25-00005 - AI-083-2025-8 raa 26\n=mPREFETDU VARLibert\u00e9Egalit\u00e9Fraternit\u00e9\nARR\u00caT\u00c9 PR\u00c9FECTORAL DDTM-SPP-PAU-2025-25\nportant habilitation pour r\u00e9aliser l'analyse d'impact\nmentionn\u00e9e au III de l'article L. 752-6 du code de commerce\nLe pr\u00e9fet du Var,\nVu le code de commerce, et notamment ses articles L. 752-6 et R. 752-6-1 \u00e0 R. 752-6-3 ,\nVu la  loi  n\u00b0  2018-1021  du  23  novembre  2018  portant  \u00c9volution  du  Logement,  de  \nl'Am\u00e9nagement et du Num\u00e9rique (ELAN) ,\nVu le d\u00e9cret n\u00b0 2019-331 du 17 avril 2019 relatif \u00e0 la composition et au fonctionnement des  \ncommissions d\u00e9partementales d'am\u00e9nagement commercial et aux demandes d'autorisation  \nd'exploitation commerciale ,\nVu le d\u00e9cret du Pr\u00e9sident de la R\u00e9publique du 15 mai 2025 portant nomination de M. Simon\nBABRE, pr\u00e9fet du Var,\nVu  le d\u00e9cret du Pr\u00e9sident de la R\u00e9publique du 29 octobre 2024 portant nomination du  \nsecr\u00e9taire  g\u00e9n\u00e9ral  de  la  pr\u00e9fecture  du  Var,  sous-pr\u00e9fet  de  Toulon,  Monsieur  Lucien \nGIUDICELLI,\nVu l'arr\u00eat\u00e9  pr\u00e9fectoral  n\u00b0  2025/12/MCI  du  2  juin  2025  portant  d\u00e9l\u00e9gation  de  signature  \u00e0 \nMonsieur  Lucien  GIUDICELLI,  secr\u00e9taire  g\u00e9n\u00e9ral  de  la  pr\u00e9fecture  du  Var,  sous-pr\u00e9fet  de \nl'arrondissement de Toulon,\nVu la  demande  d\u00e9pos\u00e9e  le  22  mai  2025  par  M.  R\u00e9my  ANGELO,  pr\u00e9sident  de  la  SAS \nBERENICE ,\nSur proposition du secr\u00e9taire g\u00e9n\u00e9ral de la pr\u00e9fecture du Var,\nARR\u00caTE :\nArticle 1 er : La SAS BERENICE  est habilit\u00e9 \u00e0 r\u00e9aliser l'analyse d'impact pr\u00e9vue par l'article L.  \n752-6 du code de commerce pour les dossiers d\u00e9pos\u00e9s dans le Var. Elle est identifi\u00e9e sous le  \nnum\u00e9ro :\nAI-083-2025-8\n     SAS BERENICE\n5 rue Chalgrin\n75116 PARIS\nDirection d\u00e9partementale\ndes territoires et de la mer du Var\nService Planifications et Prospective\nDirection d\u00e9partementale des territoires et de la mer du Var - 83-2025-06-25-00005 - AI-083-2025-8 raa 27\nArticle 2 : Les personnes physiques pour lesquelles est r\u00e9alis\u00e9e l'habilitation sont:\n\u2013 madame St\u00e9phanie DELALANDE, n\u00e9e le 6 juillet 1982 \u00e0 PARIS 19 \u00e8me,\n\u2013 monsieur Victorien VINCENT, n\u00e9 le 11 d\u00e9cembre 1979 \u00e0 PARIS 12 \u00e8me,\n\u2013  monsieur Pierre-Jean LEMONNIER, n\u00e9 le 19 d\u00e9cembre 1988 \u00e0 PARIS 12 \u00e8me,\n\u2013  monsieur Cyril BERNABE-LUX, n\u00e9 le 12 novembre 1971 \u00e0 ALFORTVILLE ( 94).\nArticle 3  : Cette habilitation est d\u00e9livr\u00e9e pour une dur\u00e9e de 5  ans \u00e0 compter de la date de  \nd\u00e9livrance, sans qu'un renouvellement tacite soit possible. Elle est valable sur l'ensemble du  \nterritoire du d\u00e9partement du Var.\nArticle 4  : Toute modification de situation conduit \u00e0 la mise \u00e0 jour, dans le mois, par le  \nrepr\u00e9sentant de l'organisme habilit\u00e9, du dossier d'habilitation d\u00e9pos\u00e9 en pr\u00e9fecture.\nArticle 5  : Le secr\u00e9taire g\u00e9n\u00e9ral de la pr\u00e9fecture du Var est charg\u00e9 d'assurer l'ex\u00e9cution du  \npr\u00e9sent arr\u00eat\u00e9. Il sera publi\u00e9 au recueil des actes administratifs de la pr\u00e9fecture du Var.\nFait \u00e0 Toulon, le 25/06/2025\nPour le pr\u00e9fet et par d\u00e9l\u00e9gation,\nLe secr\u00e9taire g\u00e9n\u00e9ral,\nSign\u00e9\nLucien GIUDICELLI\nD\u00c9LAIS ET VOIES DE RECOURS\nTout recours \u00e0 l'encontre de la pr\u00e9sente d\u00e9cision pourra \u00eatre port\u00e9 devant le tribunal administratif de Toulon dans un d\u00e9lai de  \ndeux mois suivant sa r\u00e9ception. Dans ce m\u00eame d\u00e9lai, un recours gracieux peut \u00e9galement \u00eatre pr\u00e9sent\u00e9 aupr\u00e8s de l'auteur de la  \nd\u00e9cision. Dans ce cas, le recours contentieux pourra \u00eatre introduit dans les deux mois suivant la r\u00e9ponse (le silence gard\u00e9  \npendant les deux mois suivant la r\u00e9ception du recours gracieux emporte rejet de la demande).\nDirection d\u00e9partementale des territoires et de la mer du Var - 83-2025-06-25-00005 - AI-083-2025-8 raa 28\nDirection d\u00e9partementale des territoires et de la\nmer du Var\n83-2025-06-25-00001\nArrete CC-083-2025-3raa\nDirection d\u00e9partementale des territoires et de la mer du Var - 83-2025-06-25-00001 - Arrete CC-083-2025-3raa 29\n=mPREFETDU VARLibert\u00e9Egalit\u00e9Fraternit\u00e9\nDirection d\u00e9partementale\ndes territoires et de la mer du Var\nARR\u00caT\u00c9 PR\u00c9FECTORAL DDTM-SPP-PAU-2025-30 \nportant habilitation \u00e0 \u00e9tablir le certificat\nattestant du respect d'une autorisation d'exploitation commerciale\nLE PR\u00c9FET DU VAR\nVu le code de commerce, et notamment ses articles L. 752-23 et R. 752-44-2,\nVu la  loi  n\u00b0  2018-1021  du  23  novembre  2018  portant  \u00c9volution  du  Logement,  de  \nl'Am\u00e9nagement et du Num\u00e9rique (ELAN),\nVu l'arr\u00eat\u00e9 du ministre de l'\u00e9conomie et des finances du 28 juin 2019 fixant le contenu du  \nformulaire de demande d'habilitation pour \u00e9tablir le certificat de conformit\u00e9 mentionn\u00e9 au  \n1er alin\u00e9a de l'article L. 752-23 du code du commerce,\nVu le d\u00e9cret du Pr\u00e9sident de la R\u00e9publique du 15 mai 2025 portant nomination de M. Simon\nBABRE, pr\u00e9fet du Var,\nVu le d\u00e9cret du Pr\u00e9sident de la R\u00e9publique du 29 octobre 2024 portant nomination du  \nsecr\u00e9taire  g\u00e9n\u00e9ral  de  la  pr\u00e9fecture  du  Var,  sous-pr\u00e9fet  de  Toulon,  Monsieur  Lucien \nGIUDICELLI,\nVu l'arr\u00eat\u00e9  pr\u00e9fectoral  n\u00b0  2025/12/MCI  du  2  juin  2025  portant  d\u00e9l\u00e9gation  de  signature  \u00e0 \nMonsieur  Lucien  GIUDICELLI,  secr\u00e9taire  g\u00e9n\u00e9ral  de  la  pr\u00e9fecture  du  Var,  sous-pr\u00e9fet  de \nl'arrondissement de Toulon,\nVu la demande d\u00e9pos\u00e9e le 13 mai 2025 par Mme Elise TELEGA, g\u00e9rant et directrice du \u00f4le  \n\u00e9tudes de la SARL OPTIMA CONSEIL ,\nSur proposition de Monsieur le secr\u00e9taire g\u00e9n\u00e9ral de la pr\u00e9fecture du Var,\nARR\u00caTE\nArticle 1  : La soci\u00e9t\u00e9 vis\u00e9e ci-dessous est habilit\u00e9e \u00e0 \u00e9tablir le certificat de conformit\u00e9 pr\u00e9vu  \npar  l'article  L.  752-23  du  code  de  commerce  pour  les  autorisations  d'exploitation \ncommerciale d\u00e9livr\u00e9es dans le Var. Cette habilitation est identifi\u00e9e sous le num\u00e9ro :\nCC-083-2025-03\nSARL OPTIMA CONSEIL \n4, place du Beau Verger\n44120 VERTOU\nDirection d\u00e9partementale des territoires et de la mer du Var - 83-2025-06-25-00001 - Arrete CC-083-2025-3raa 30\nCe num\u00e9ro d'habilitation devra figurer sur le certificat de conformit\u00e9, au m\u00eame titre que la  \ndate et la signature de l'auteur du certificat.\nArticle 2  :  Les personnes  physiques par lesquelles ou sous la responsabilit\u00e9 desquelles est  \nr\u00e9alis\u00e9 le certificat de conformit\u00e9 sont :\n\u2013 Madame Manon GODIOT, n\u00e9e le 24 novembre 1989 \u00e0 NANTES ( 44),\n\u2013 Madame Aur\u00e9lie GOUBIN, n\u00e9e le 12 f\u00e9vrier 1996 \u00e0 SAINT-HERBLAIN (44).\nArticle 3  : Cette habilitation est d\u00e9livr\u00e9e pour une dur\u00e9e de 5  ans \u00e0 compter de la date de  \nd\u00e9livrance, sans qu'un renouvellement tacite soit possible. Elle est valable sur l'ensemble du  \nterritoire du d\u00e9partement du Var.\nArticle 4  : Toute modification de situation conduit \u00e0 la mise \u00e0 jour, dans le mois, par le  \nrepr\u00e9sentant de l'organisme habilit\u00e9, du dossier d'habilitation d\u00e9pos\u00e9 en pr\u00e9fecture.\nArticle  5 :  Monsieur  le  secr\u00e9taire  g\u00e9n\u00e9ral  de  la  pr\u00e9fecture  du  Var  est  charg\u00e9  d'assurer \nl'ex\u00e9cution du pr\u00e9sent arr\u00eat\u00e9. Il sera publi\u00e9 au recueil des actes administratifs de la pr\u00e9fecture \ndu Var.\nFait \u00e0 Toulon, le 25/06/2025\n            Pour le pr\u00e9fet et par d\u00e9l\u00e9gation,\n           Le secr\u00e9taire g\u00e9n\u00e9ral\nSign\u00e9\nLucien GUIDICELLI\nD\u00c9LAIS ET VOIES DE RECOURS\nTout recours \u00e0 l'encontre de la pr\u00e9sente d\u00e9cision pourra \u00eatre port\u00e9 devant le tribunal administratif de Toulon  \ndans un d\u00e9lai de deux mois suivant sa r\u00e9ception. Dans ce m\u00eame d\u00e9lai, un recours gracieux peut \u00e9galement \u00eatre  \npr\u00e9sent\u00e9 aupr\u00e8s de l'auteur de la d\u00e9cision. Dans ce cas, le recours contentieux pourra \u00eatre introduit dans les deux \nmois suivant la r\u00e9ponse (le silence gard\u00e9 pendant les deux mois suivant la r\u00e9ception du recours gracieux emporte  \nrejet de la demande).\nDirection d\u00e9partementale des territoires et de la mer du Var - 83-2025-06-25-00001 - Arrete CC-083-2025-3raa 31\nDirection d\u00e9partementale des territoires et de la\nmer du Var\n83-2025-06-25-00003\nArrete CC-083-2025-4raa\nDirection d\u00e9partementale des territoires et de la mer du Var - 83-2025-06-25-00003 - Arrete CC-083-2025-4raa 32\n=mPREFETDU VARLibert\u00e9Egalit\u00e9Fraternit\u00e9\nDirection d\u00e9partementale\ndes territoires et de la mer du Var\nARR\u00caT\u00c9 PR\u00c9FECTORAL DDTM-SPP-PAU-2025-22 \nportant habilitation \u00e0 \u00e9tablir le certificat\nattestant du respect d'une autorisation d'exploitation commerciale\nLE PR\u00c9FET DU VAR\nVu le code de commerce, et notamment ses articles L. 752-23 et R. 752-44-2,\nVu la  loi  n\u00b0  2018-1021  du  23  novembre  2018  portant  \u00c9volution  du  Logement,  de  \nl'Am\u00e9nagement et du Num\u00e9rique (ELAN),\nVu l'arr\u00eat\u00e9 du ministre de l'\u00e9conomie et des finances du 28 juin 2019 fixant le contenu du  \nformulaire de demande d'habilitation pour \u00e9tablir le certificat de conformit\u00e9 mentionn\u00e9 au  \n1er alin\u00e9a de l'article L. 752-23 du code du commerce,\nVu le d\u00e9cret du Pr\u00e9sident de la R\u00e9publique du 15 mai 2025 portant nomination de M. Simon\nBABRE, pr\u00e9fet du Var,\nVu le d\u00e9cret du Pr\u00e9sident de la R\u00e9publique du 29 octobre 2024 portant nomination du  \nsecr\u00e9taire  g\u00e9n\u00e9ral  de  la  pr\u00e9fecture  du  Var,  sous-pr\u00e9fet  de  Toulon,  Monsieur  Lucien \nGIUDICELLI,\nVu l'arr\u00eat\u00e9  pr\u00e9fectoral  n\u00b0  2025/12/MCI  du  2  juin  2025  portant  d\u00e9l\u00e9gation  de  signature  \u00e0 \nMonsieur  Lucien  GIUDICELLI,  secr\u00e9taire  g\u00e9n\u00e9ral  de  la  pr\u00e9fecture  du  Var,  sous-pr\u00e9fet  de \nl'arrondissement de Toulon,\nVu la demande d\u00e9pos\u00e9e le  12 mai 2025 par Mme Marion LACOMBE, g\u00e9rante de la SARL  \nLINEAMENTA ,\nSur proposition de Monsieur le secr\u00e9taire g\u00e9n\u00e9ral de la pr\u00e9fecture du Var,\nARR\u00caTE\nArticle 1  : La soci\u00e9t\u00e9 vis\u00e9e ci-dessous est habilit\u00e9e \u00e0 \u00e9tablir le certificat de conformit\u00e9 pr\u00e9vu  \npar  l'article  L.  752-23  du  code  de  commerce  pour  les  autorisations  d'exploitation \ncommerciale d\u00e9livr\u00e9es dans le Var. Cette habilitation est identifi\u00e9e sous le num\u00e9ro :\nCC-083-2025-04\nSARL  LINEAMENTA\n109 quai du Pr\u00e9sident Wilson\n33130  BEGLE\nDirection d\u00e9partementale des territoires et de la mer du Var - 83-2025-06-25-00003 - Arrete CC-083-2025-4raa 33\nCe num\u00e9ro d'habilitation devra figurer sur le certificat de conformit\u00e9, au m\u00eame titre que la  \ndate et la signature de l'auteur du certificat.\nArticle 2  :  La personne  physique par laquelle ou sous la responsabilit\u00e9 duquel est r\u00e9alis\u00e9 le  \ncertificat de conformit\u00e9 est :\n\u2013 madame Marion LACOMBE, n\u00e9e le 14 septembre 1987 \u00e0 BORDEAUX (33),\nArticle 3  : Cette habilitation est d\u00e9livr\u00e9e pour une dur\u00e9e de 5  ans \u00e0 compter de la date de  \nd\u00e9livrance, sans qu'un renouvellement tacite soit possible. Elle est valable sur l'ensemble du  \nterritoire du d\u00e9partement du Var.\nArticle 4  : Toute modification de situation conduit \u00e0 la mise \u00e0 jour, dans le mois, par le  \nrepr\u00e9sentant de l'organisme habilit\u00e9, du dossier d'habilitation d\u00e9pos\u00e9 en pr\u00e9fecture.\nArticle  5 :  Monsieur  le  secr\u00e9taire  g\u00e9n\u00e9ral  de  la  pr\u00e9fecture  du  Var  est  charg\u00e9  d'assurer \nl'ex\u00e9cution du pr\u00e9sent arr\u00eat\u00e9. Il sera publi\u00e9 au recueil des actes administratifs de la pr\u00e9fecture \ndu Var.\nFait \u00e0 Toulon, le 25/06/25\n            Pour le pr\u00e9fet et par d\u00e9l\u00e9gation,\n           Le secr\u00e9taire g\u00e9n\u00e9ral\nSign\u00e9\nLucien GUIDICELLI\nD\u00c9LAIS ET VOIES DE RECOURS\nTout recours \u00e0 l'encontre de la pr\u00e9sente d\u00e9cision pourra \u00eatre port\u00e9 devant le tribunal administratif de Toulon  \ndans un d\u00e9lai de deux mois suivant sa r\u00e9ception. Dans ce m\u00eame d\u00e9lai, un recours gracieux peut \u00e9galement \u00eatre  \npr\u00e9sent\u00e9 aupr\u00e8s de l'auteur de la d\u00e9cision. Dans ce cas, le recours contentieux pourra \u00eatre introduit dans les deux \nmois suivant la r\u00e9ponse (le silence gard\u00e9 pendant les deux mois suivant la r\u00e9ception du recours gracieux emporte  \nrejet de la demande).\nDirection d\u00e9partementale des territoires et de la mer du Var - 83-2025-06-25-00003 - Arrete CC-083-2025-4raa 34\nDirection d\u00e9partementale des territoires et de la\nmer du Var\n83-2025-06-25-00004\nArrete CC-083-2025-5raa\nDirection d\u00e9partementale des territoires et de la mer du Var - 83-2025-06-25-00004 - Arrete CC-083-2025-5raa 35\n=mPREFETDU VARLibert\u00e9Egalit\u00e9Fraternit\u00e9\nDirection d\u00e9partementale\ndes territoires et de la mer du Var\nARR\u00caT\u00c9 PR\u00c9FECTORAL DDTM-SPP-PAU-2025-26\nportant habilitation \u00e0 \u00e9tablir le certificat\nattestant du respect d'une autorisation d'exploitation commerciale\nLE PR\u00c9FET DU VAR\nVu le code de commerce, et notamment ses articles L. 752-23 et R. 752-44-2,\nVu la  loi  n\u00b0  2018-1021  du  23  novembre  2018  portant  \u00c9volution  du  Logement,  de  \nl'Am\u00e9nagement et du Num\u00e9rique (ELAN),\nVu l'arr\u00eat\u00e9 du ministre de l'\u00e9conomie et des finances du 28 juin 2019 fixant le contenu du  \nformulaire de demande d'habilitation pour \u00e9tablir le certificat de conformit\u00e9 mentionn\u00e9 au  \n1er alin\u00e9a de l'article L. 752-23 du code du commerce,\nVu le d\u00e9cret du Pr\u00e9sident de la R\u00e9publique du 15 mai 2025 portant nomination de M. Simon\nBABRE, pr\u00e9fet du Var,\nVu le d\u00e9cret du Pr\u00e9sident de la R\u00e9publique du 29 octobre 2024 portant nomination du  \nsecr\u00e9taire  g\u00e9n\u00e9ral  de  la  pr\u00e9fecture  du  Var,  sous-pr\u00e9fet  de  Toulon,  Monsieur  Lucien \nGIUDICELLI,\nVu  l'arr\u00eat\u00e9  pr\u00e9fectoral  n\u00b0  2025/12/MCI  du  2  juin  2025  portant  d\u00e9l\u00e9gation  de  signature  \u00e0 \nMonsieur  Lucien  GIUDICELLI,  secr\u00e9taire  g\u00e9n\u00e9ral  de  la  pr\u00e9fecture  du  Var,  sous-pr\u00e9fet  de \nl'arrondissement de Toulon,\nVu la  demande  d\u00e9pos\u00e9e  le  22  mai  2025  par  M.  R\u00e9my  ANGELO,  pr\u00e9sident  de  la  SAS \nBERENICE ,\nSur proposition de Monsieur le secr\u00e9taire g\u00e9n\u00e9ral de la pr\u00e9fecture du Var,\nARR\u00caTE\nArticle 1  : La soci\u00e9t\u00e9 vis\u00e9e ci-dessous est habilit\u00e9e \u00e0 \u00e9tablir le certificat de conformit\u00e9 pr\u00e9vu  \npar  l'article  L.  752-23  du  code  de  commerce  pour  les  autorisations  d'exploitation \ncommerciale d\u00e9livr\u00e9es dans le Var. Cette habilitation est identifi\u00e9e sous le num\u00e9ro :\nCC-083-2025-05\nSAS BERENICE\n5 rue Chalgrin\n75116 PARIS\nDirection d\u00e9partementale des territoires et de la mer du Var - 83-2025-06-25-00004 - Arrete CC-083-2025-5raa 36\nCe num\u00e9ro d'habilitation devra figurer sur le certificat de conformit\u00e9, au m\u00eame titre que la  \ndate et la signature de l'auteur du certificat.\nArticle 2 : Les personnes physiques par lesquelles ou sous la responsabilit\u00e9 desquels est r\u00e9alis\u00e9 \nle certificat de conformit\u00e9 sont :\n\u2013 madame St\u00e9phanie DELALANDE, n\u00e9e le 6 juillet 1982 \u00e0 PARIS 19 \u00e8me,\n\u2013 monsieur Victorien VINCENT, n\u00e9 le 11 d\u00e9cembre 1979 \u00e0 PARIS 12 \u00e8me,\n\u2013  monsieur Pierre-Jean LEMONNIER, n\u00e9 le 19 d\u00e9cembre 1988 \u00e0 PARIS 12 \u00e8me,\n\u2013  monsieur Cyril BERNABE-LUX, n\u00e9 le 12 novembre 1971 \u00e0 ALFORTVILLE ( 94).\nArticle 3  : Cette habilitation est d\u00e9livr\u00e9e pour une dur\u00e9e de 5  ans \u00e0 compter de la date de  \nd\u00e9livrance, sans qu'un renouvellement tacite soit possible. Elle est valable sur l'ensemble du  \nterritoire du d\u00e9partement du Var.\nArticle 4  : Toute modification de situation conduit \u00e0 la mise \u00e0 jour, dans le mois, par le  \nrepr\u00e9sentant de l'organisme habilit\u00e9, du dossier d'habilitation d\u00e9pos\u00e9 en pr\u00e9fecture.\nArticle  5 :  Monsieur  le  secr\u00e9taire  g\u00e9n\u00e9ral  de  la  pr\u00e9fecture  du  Var  est  charg\u00e9  d'assurer \nl'ex\u00e9cution du pr\u00e9sent arr\u00eat\u00e9. Il sera publi\u00e9 au recueil des actes administratifs de la pr\u00e9fecture \ndu Var.\nFait \u00e0 Toulon, le 25/06/25\n            Pour le pr\u00e9fet et par d\u00e9l\u00e9gation,\n           Le secr\u00e9taire g\u00e9n\u00e9ral\nSign\u00e9\nLucien GUIDICELLI\nD\u00c9LAIS ET VOIES DE RECOURS\nTout recours \u00e0 l'encontre de la pr\u00e9sente d\u00e9cision pourra \u00eatre port\u00e9 devant le tribunal administratif de Toulon  \ndans un d\u00e9lai de deux mois suivant sa r\u00e9ception. Dans ce m\u00eame d\u00e9lai, un recours gracieux peut \u00e9galement \u00eatre  \npr\u00e9sent\u00e9 aupr\u00e8s de l'auteur de la d\u00e9cision. Dans ce cas, le recours contentieux pourra \u00eatre introduit dans les deux \nmois suivant la r\u00e9ponse (le silence gard\u00e9 pendant les deux mois suivant la r\u00e9ception du recours gracieux emporte  \nrejet de la demande).\nDirection d\u00e9partementale des territoires et de la mer du Var - 83-2025-06-25-00004 - Arrete CC-083-2025-5raa 37\nDirection d\u00e9partementale des territoires et de la\nmer du Var\n83-2025-06-25-00002\nArrete CC-083-2025-6raa\nDirection d\u00e9partementale des territoires et de la mer du Var - 83-2025-06-25-00002 - Arrete CC-083-2025-6raa 38\n=mPREFETDU VARLibert\u00e9Egalit\u00e9Fraternit\u00e9\nDirection d\u00e9partementale\ndes territoires et de la mer du Var\nARR\u00caT\u00c9 PR\u00c9FECTORAL DDTM-SPP-PAU-2025-31 \nportant habilitation \u00e0 \u00e9tablir le certificat\nattestant du respect d'une autorisation d'exploitation commerciale\nLE PR\u00c9FET DU VAR\nVu le code de commerce, et notamment ses articles L. 752-23 et R. 752-44-2,\nVu la  loi  n\u00b0  2018-1021  du  23  novembre  2018  portant  \u00c9volution  du  Logement,  de  \nl'Am\u00e9nagement et du Num\u00e9rique (ELAN),\nVu l'arr\u00eat\u00e9 du ministre de l'\u00e9conomie et des finances du 28 juin 2019 fixant le contenu du  \nformulaire de demande d'habilitation pour \u00e9tablir le certificat de conformit\u00e9 mentionn\u00e9 au  \n1er alin\u00e9a de l'article L. 752-23 du code du commerce,\nVu le d\u00e9cret du Pr\u00e9sident de la R\u00e9publique du 15 mai 2025 portant nomination de M. Simon\nBABRE, pr\u00e9fet du Var,\nVu le d\u00e9cret du Pr\u00e9sident de la R\u00e9publique du 29 octobre 2024 portant nomination du  \nsecr\u00e9taire  g\u00e9n\u00e9ral  de  la  pr\u00e9fecture  du  Var,  sous-pr\u00e9fet  de  Toulon,  Monsieur  Lucien  \nGIUDICELLI,\nVu  l'arr\u00eat\u00e9  pr\u00e9fectoral  n\u00b0  2025/12/MCI  du  2  juin  2025  portant  d\u00e9l\u00e9gation  de  signature  \u00e0 \nMonsieur  Lucien  GIUDICELLI,  secr\u00e9taire  g\u00e9n\u00e9ral  de  la  pr\u00e9fecture  du  Var,  sous-pr\u00e9fet  de  \nl'arrondissement de Toulon,\nVu la demande d\u00e9pos\u00e9e le 3 juin 2025 par Mme Elodie CHOPLIN, g\u00e9rante et dirigeante de la  \nSARL EC&U,\nSur proposition de Monsieur le secr\u00e9taire g\u00e9n\u00e9ral de la pr\u00e9fecture du Var,\nARR\u00caTE\nArticle 1  : La soci\u00e9t\u00e9 vis\u00e9e ci-dessous est habilit\u00e9e \u00e0 \u00e9tablir le certificat de conformit\u00e9 pr\u00e9vu  \npar  l'article  L.  752-23  du  code  de  commerce  pour  les  autorisations  d'exploitation  \ncommerciale d\u00e9livr\u00e9es dans le Var. Cette habilitation est identifi\u00e9e sous le num\u00e9ro :\nCC-083-2025-06\nSARL EC&U,\n7 , rue de la Galissonni\u00e8re\n44000 NANTES\nDirection d\u00e9partementale des territoires et de la mer du Var - 83-2025-06-25-00002 - Arrete CC-083-2025-6raa 39\nCe num\u00e9ro d'habilitation devra figurer sur le certificat de conformit\u00e9, au m\u00eame titre que la  \ndate et la signature de l'auteur du certificat.\nArticle 2  : Les personnes physiques par lesquelles ou sous la responsabilit\u00e9 duquel est r\u00e9alis\u00e9  \nle certificat de conformit\u00e9 sont :\n\u2013 madame Elodie CHOPLIN, n\u00e9e le 8 janvier 1975 \u00e0 NANTES (44).\n\u2013 madame Ang\u00e8le DUPIN, n\u00e9e le 24 mars 2001 \u00e0 COMPIEGNE (60).\n\u2013 monsieur Martin MADIOT, n\u00e9 le 23 f\u00e9vrier 2001 au MANS (72).\n\u2013 monsieur Thomas BLANDIN, n\u00e9 le 15 ao\u00fbt 1994 \u00e0 Saint-S\u00e9bastien-sur-Loire (44).\n\u2013 monsieur No\u00e9 GLAUX, n\u00e9 le 14 septembre 1997 \u00e0 NANTES (44).\nArticle 3  : Cette habilitation est d\u00e9livr\u00e9e pour une dur\u00e9e de 5  ans \u00e0 compter de la date de  \nd\u00e9livrance, sans qu'un renouvellement tacite soit possible. Elle est valable sur l'ensemble du  \nterritoire du d\u00e9partement du Var.\nArticle 4  : Toute modification de situation conduit \u00e0 la mise \u00e0 jour, dans le mois, par le  \nrepr\u00e9sentant de l'organisme habilit\u00e9, du dossier d'habilitation d\u00e9pos\u00e9 en pr\u00e9fecture.\nArticle  5 :  Monsieur  le  secr\u00e9taire  g\u00e9n\u00e9ral  de  la  pr\u00e9fecture  du  Var  est  charg\u00e9  d'assurer  \nl'ex\u00e9cution du pr\u00e9sent arr\u00eat\u00e9. Il sera publi\u00e9 au recueil des actes administratifs de la pr\u00e9fecture \ndu Var.\nFait \u00e0 Toulon, le 25/06/2025\n            Pour le pr\u00e9fet et par d\u00e9l\u00e9gation,\n           Le secr\u00e9taire g\u00e9n\u00e9ral\nSign\u00e9\nLucien GUIDICELLI\nD\u00c9LAIS ET VOIES DE RECOURS\nTout recours \u00e0 l'encontre de la pr\u00e9sente d\u00e9cision pourra \u00eatre port\u00e9 devant le tribunal administratif de Toulon  \ndans un d\u00e9lai de deux mois suivant sa r\u00e9ception. Dans ce m\u00eame d\u00e9lai, un recours gracieux peut \u00e9galement \u00eatre  \npr\u00e9sent\u00e9 aupr\u00e8s de l'auteur de la d\u00e9cision. Dans ce cas, le recours contentieux pourra \u00eatre introduit dans les deux \nmois suivant la r\u00e9ponse (le silence gard\u00e9 pendant les deux mois suivant la r\u00e9ception du recours gracieux emporte  \nrejet de la demande).\nDirection d\u00e9partementale des territoires et de la mer du Var - 83-2025-06-25-00002 - Arrete CC-083-2025-6raa 40\nDirection r\u00e9gionale des affaires culturelles de\nProvence Alpes C\u00f4te d'Azur\n83-2025-06-23-00003\nARR\u00caT\u00c9\nportant subd\u00e9l\u00e9gation de signature \u00e0 Mme Anna\nPELLEGRINI, responsable de\nl'Unit\u00e9 d\u00e9partementale de l'architecture et du\npatrimoine du Var\nDirection r\u00e9gionale des affaires culturelles de Provence Alpes C\u00f4te d'Azur - 83-2025-06-23-00003 - ARR\u00caT\u00c9\nportant subd\u00e9l\u00e9gation de signature \u00e0 Mme Anna PELLEGRINI, responsable de\nl'Unit\u00e9 d\u00e9partementale de l'architecture et du patrimoine du Var\n41\nPREFETDE LA REGIONPROVENCE- ALPES-COTE D'AZURLibert\u00e9Egalit\u00e9Fraternit\u00e9\n                                                                 Direction r\u00e9gionale\n                                                          des affaires culturelles\nARRETE\nportant subd\u00e9l\u00e9gation de signature \u00e0 Mme Anna PELLEGRINI, responsable de \nl'Unit\u00e9 d\u00e9partementale de l'architecture et du patrimoine du Var\nVU le Code de l'urbanisme ; \nVU le Code du patrimoine ; \nVU le Code de l'environnement ; \nVU le d\u00e9cret n\u00b0 2004-374 du 29 avril 2004 modifi\u00e9 relatif aux pouvoirs des pr\u00e9fets, \u00e0  \nl'organisation et \u00e0 l'action des services de l'Etat dans les r\u00e9gions et d\u00e9partements ;\nVU le d\u00e9cret n\u00b0 2010-633 du 8 juin 2010 relatif \u00e0 l'organisation et aux missions des  \ndirections r\u00e9gionales des affaires culturelles ; \nVU le d\u00e9cret du Pr\u00e9sident de la R\u00e9publique du 15 mai 2025 portant nomination de M. \nSimon BABRE, pr\u00e9fet du Var ; \nVU l'arr\u00eat\u00e9  pr\u00e9fectoral  n\u00b0  2025/4/37/MCI  du  2  juin  2025  donnant  d\u00e9l\u00e9gation  de \nsignature \u00e0 M. Edward de LUMLEY, directeur r\u00e9gional des affaires culturelles ;\nVU l'arr\u00eat\u00e9 n\u00b0 MCC 000011901914 du 21 mars 2024 portant changement d'affectation \nde  Mme  Anna  PELLEGRINI,  architecte  et  urbaniste  de  l'Etat,  cheffe  de  l'Unit\u00e9  \nd\u00e9partementale de l'architecture et du patrimoine du Var ; \nARRETE\nDRAC PACA- 23 bd du Roi Ren\u00e9 \u2013 13617 Aix-en-Provence cedex 1 \nT\u00e9l\u00e9phone : 04.42.16.19.00\nwww.culture.gouv.fr/Regions/Drac-Provence-Alpes-C\u00f4te-d-Azur\nDirection r\u00e9gionale des affaires culturelles de Provence Alpes C\u00f4te d'Azur - 83-2025-06-23-00003 - ARR\u00caT\u00c9\nportant subd\u00e9l\u00e9gation de signature \u00e0 Mme Anna PELLEGRINI, responsable de\nl'Unit\u00e9 d\u00e9partementale de l'architecture et du patrimoine du Var\n42\nARTICLE  1 :  Subd\u00e9l\u00e9gation  de  signature  est  donn\u00e9e  \u00e0  Mme  Anna  PELLEGRINI,  \narchitecte urbaniste de l'Etat, architecte des b\u00e2timents de France, responsable de  \nl'Unit\u00e9 d\u00e9partementale de l'architecture et du patrimoine du Var, \u00e0 l'effet de signer,  \ndans le cadre de ses attributions et comp\u00e9tences les actes et d\u00e9cisions suivants : \n1 \u2013 Abords de monuments historiques \n- D\u00e9cision d'autorisation ou refus de travaux sur les immeubles situ\u00e9s dans le  \nchamp de visibilit\u00e9 d'un immeuble monument historique class\u00e9 ou inscrit non \nsoumis  \u00e0  formalit\u00e9  au  titre  du  code  de  l'urbanisme  ou  du  code  de  \nl'environnement (art. L 621-32 du code du patrimoine, art. R 621-96 et suivants \ndu code du patrimoine et art. R 422-2 du code de l'urbanisme) ;\n2  - Sites patrimoniaux remarquables \u2013 Sites class\u00e9s et inscrits\n- Autorisation sp\u00e9ciale d\u00e9livr\u00e9e pour les travaux ex\u00e9cut\u00e9s en site patrimonial  \nremarquable non soumis \u00e0 formalit\u00e9 au titre du code de l'urbanisme (art. L 632-\n1 et D. 632-1 du code du patrimoine) ; \n-\n- Avis pr\u00e9alable sur demande de travaux en site inscrit hors permis de d\u00e9molir  \n(art. L. 341-1 et R. 341-9 du code de l'environnement, art. R. 422-2 et R. 425-30 du \ncode de l'urbanisme) ;\n-\n- D\u00e9cision  d'autorisation  ou  de  refus  de  travaux  en  site  class\u00e9,  champ  \nd\u00e9concentr\u00e9 (art L. 341-7, L. 341-10, R. 341-11 du code de l'environnement, art. R \n425-17 du code de l'urbanisme) ; \nARTICLE 2  : En cas d'emp\u00eachement de Mme Anna PELLEGRINI, subd\u00e9l\u00e9gation de  \nsignature est attribu\u00e9e dans le cadre de leurs attributions et comp\u00e9tences \u00e0 Mmes  \nSandra JOIGNEAU et Odile REBOUL, architectes et urbanistes de l'Etat, adjointes \u00e0 la  \ncheffe de l'Unit\u00e9 d\u00e9partementale de l'architecture et du patrimoine du Var.\nARTICLE 3\u00a0: Sont exclus de la pr\u00e9sente d\u00e9l\u00e9gation :\n1  \u2013  les  conventions  de  tous  ordres  avec  des  collectivit\u00e9s  territoriales  ou  des  \n\u00e9tablissements publics engageant financi\u00e8rement l'Etat,\n2 \u2013 les instructions ou circulaires adress\u00e9es aux collectivit\u00e9s territoriales,\n3 \u2013 les lettres d'observations valant recours gracieux dans le cadre du contr\u00f4le de  \nl\u00e9galit\u00e9,\n4 - les courriers adress\u00e9s aux ministres et aux parlementaires.\nARTICLE 4\u00a0: Toutes dispositions ant\u00e9rieures contraires \u00e0 celles du pr\u00e9sent arr\u00eat\u00e9, qui  \nentrera  en  vigueur  \u00e0  compter  du  jour  de  sa  publication  au  recueil  des  actes  \nadministratifs, sont abrog\u00e9es.\nARTICLE 5\u00a0: La secr\u00e9taire g\u00e9n\u00e9rale de la DRAC est charg\u00e9e de l'ex\u00e9cution du pr\u00e9sent  \narr\u00eat\u00e9 qui sera publi\u00e9 au recueil des actes administratifs de la pr\u00e9fecture du Var.\nDRAC PACA- 23 bd du Roi Ren\u00e9 \u2013 13617 Aix-en-Provence cedex 1 \nT\u00e9l\u00e9phone : 04.42.16.19.00\nwww.culture.gouv.fr/Regions/Drac-Provence-Alpes-C\u00f4te-d-Azur\nDirection r\u00e9gionale des affaires culturelles de Provence Alpes C\u00f4te d'Azur - 83-2025-06-23-00003 - ARR\u00caT\u00c9\nportant subd\u00e9l\u00e9gation de signature \u00e0 Mme Anna PELLEGRINI, responsable de\nl'Unit\u00e9 d\u00e9partementale de l'architecture et du patrimoine du Var\n43\nFait \u00e0 Aix-en-Provence, le 23 juin 2025\n                                                                 Le Directeur r\u00e9gional des affaires culturelles\nEdward de LUMLEY\nDRAC PACA- 23 bd du Roi Ren\u00e9 \u2013 13617 Aix-en-Provence cedex 1 \nT\u00e9l\u00e9phone : 04.42.16.19.00\nwww.culture.gouv.fr/Regions/Drac-Provence-Alpes-C\u00f4te-d-Azur\nDirection r\u00e9gionale des affaires culturelles de Provence Alpes C\u00f4te d'Azur - 83-2025-06-23-00003 - ARR\u00caT\u00c9\nportant subd\u00e9l\u00e9gation de signature \u00e0 Mme Anna PELLEGRINI, responsable de\nl'Unit\u00e9 d\u00e9partementale de l'architecture et du patrimoine du Var\n44\nPr\u00e9fecture du VAR\n83-2025-06-25-00010\nArr\u00eat\u00e9 pr\u00e9fectoral n\u00b02025-06-005 ELA portant\nr\u00e9glementation temporaire de la circulation sur\nl'autoroute A57 sur le territoire des communes\nde Toulon, La Valette-du-Var et La Garde\nPr\u00e9fecture du VAR - 83-2025-06-25-00010 - Arr\u00eat\u00e9 pr\u00e9fectoral n\u00b02025-06-005 ELA portant r\u00e9glementation temporaire de la circulation\nsur l'autoroute A57 sur le territoire des communes de Toulon, La Valette-du-Var et La Garde 45\n=mPREFETDU VARLibert\u00e9Egalit\u00e9Fraternit\u00e9\nDirection des s\u00e9curit\u00e9s\nService de l'\u00e9ducation et de la\nS\u00e9curit\u00e9 routi\u00e8res\nP\u00f4le \u00e9tudes et ing\u00e9nierie\nARR\u00caT\u00c9 PR\u00c9FECTORAL n\u00b0 2025 \u2013 06 \u2013 005 ELA du 25 juin 2025 \nportant r\u00e9glementation temporaire de la circulation sur l'autoroute A57\nsur le territoire des communes de Toulon, La Valette-du-Var et La Garde\nLe pr\u00e9fet du Var,\nChevalier de la L\u00e9gion d'Honneur,\nChevalier de l'Ordre National du M\u00e9rite,\nVu le Code de la route ;\nVu le Code de la voirie routi\u00e8re ;\nVu le d\u00e9cret du 29 novembre 1982 approuvant la convention de concession pass\u00e9e entre l'\u00c9tat  \net  la  soci\u00e9t\u00e9  de  l'autoroute  Est\u00e9rel,  C\u00f4te  d'Azur,  Provence  Alpes  (ESCOTA)  en  vue  de  la \nconstruction,  de  l'entretien  et  de  l'exploitation  des  autoroutes  conc\u00e9d\u00e9es  et  ses  avenants \nult\u00e9rieurs ;\nVu le d\u00e9cret n\u00b0 2015-1045 du 21 ao\u00fbt 2015 approuvant le transfert de la travers\u00e9e autorouti\u00e8re  \nde  Toulon  entre  l'\u00c9tat  et  la  soci\u00e9t\u00e9  des  autoroutes  Est\u00e9rel,  C\u00f4te  d'Azur,  Provence  Alpes \n(ESCOTA) ;\nVu l'arr\u00eat\u00e9  interminist\u00e9riel  du  24  novembre  1967  relatif  \u00e0  la  signalisation  des  routes  et \nautoroutes et des textes subs\u00e9quents ;\nVu l'arr\u00eat\u00e9 pr\u00e9fectoral n\u00b0 2461 en date du 17 mars 2014, portant approbation du Plan de gestion \nde Trafic de la liaison A50 / A57 et des itin\u00e9raires associ\u00e9s ;\nVu l'arr\u00eat\u00e9 pr\u00e9fectoral n\u00b0 2020-12-001 BR du 16 d\u00e9cembre 2020, portant modification de l'arr\u00eat\u00e9 \npr\u00e9fectoral n\u00b0 2523 du 20 mars 2018, portant r\u00e9glementation de la circulation des v\u00e9hicules de  \ntransport de bois ronds dans le d\u00e9partement du Var ;\nVu l'arr\u00eat\u00e9 pr\u00e9fectoral n\u00b02023-06-004 ESC du 26 juin 2023, autorisant l'ouverture de chantiers  \nd'entretien courant ou de r\u00e9paration sur les autoroutes A8, A50 et A57 dans la travers\u00e9e du  \nd\u00e9partement du Var ;\nVu l'arr\u00eat\u00e9 pr\u00e9fectoral n\u00b0 2025/14/MCI du 02 juin 2025  portant d\u00e9l\u00e9gation de signature \u00e0 Mme  \nJos\u00e9phine GUIGLIANO-BOUTONNET, directrice de cabinet du pr\u00e9fet du Var ;\nVu l'arr\u00eat\u00e9 pr\u00e9fectoral n\u00b02025-06-001 PC du 05 juin 2025 portant r\u00e9glementation de la police de  \ncirculation sur les autoroutes A8 \u2013 A50 \u2013 A57 ; \nVu la note technique du 14 avril 2016 du minist\u00e8re de l'Environnement, de l'\u00c9nergie et de la Mer  \n(DGITM/DIT) relative \u00e0 la coordination des chantiers sur le r\u00e9seau routier national (RRN) ;\nVu le r\u00e8glement d'exploitation de la soci\u00e9t\u00e9 des autoroutes ESCOTA en date du 6 f\u00e9vrier 2025 ;\nVu la demande de la soci\u00e9t\u00e9 des autoroutes ESCOTA en date du 18 juin 2025 ;\nVu l'avis favorable de la Direction G\u00e9n\u00e9rale des Infrastructures, des Transports et des Mobilit\u00e9s \nsur le dossier d'exploitation sous chantier n\u00b0 2025-098 en date du 18 juin 2025;\nVu l'avis favorable du conseil d\u00e9partemental du Var en date du 24 juin 2025 ;\nVu l'avis favorable de la commune de la Valette-du-Var en date du 18 juin 2025.\nArr\u00eat\u00e9 pr\u00e9fectoral n\u00b02025-06-005 ELA                                                                                                                                                                1/3\nPr\u00e9fecture du VAR - 83-2025-06-25-00010 - Arr\u00eat\u00e9 pr\u00e9fectoral n\u00b02025-06-005 ELA portant r\u00e9glementation temporaire de la circulation\nsur l'autoroute A57 sur le territoire des communes de Toulon, La Valette-du-Var et La Garde 46\nConsid\u00e9rant que pour assurer la s\u00e9curit\u00e9 des usagers de l'autoroute, des agents de la soci\u00e9t\u00e9 des \nautoroutes  Est\u00e9rel,  C\u00f4te  d'Azur,  Provence  Alpes  (ESCOTA)  et  du  personnel  des  entreprises \ncharg\u00e9s d'effectuer les travaux de remise en \u00e9tat de l'ouvrage d'art reliant l'A57 \u00e0 l'A570 au  \nniveau de la bifurcation de Pierre Ronde au PR 6.800, il convient de r\u00e9glementer la circulation  \nsur le territoire du d\u00e9partement du Var, dans les deux sens de circulation, sur l'autoroute A57 , du \nlundi 30 juin 2025 au vendredi 29 ao\u00fbt 2025, la semaine 36/2025 constitue la semaine de  \nr\u00e9serve.\nSur proposition de la directrice de cabinet du pr\u00e9fet du Var,\nARR\u00caTE :\nArticle 1  er   : En raison des travaux de r\u00e9paration de l'ouvrage d'art reliant les autoroutes A57 et  \nA570 situ\u00e9es au niveau de la bifurcation de Pierre Ronde au PR 6.800, la circulation de tous les  \nv\u00e9hicules  est  r\u00e9glement\u00e9e,  sur  la  bretelle  permettant  de  rejoindre  l'A570  depuis  l'A57  en \ndirection de Hy\u00e8res, du lundi 30 juin 2025 au vendredi 29 ao\u00fbt 2025. La semaine 36/2025  \nconstitue la semaine de r\u00e9serve.\nLes travaux seront r\u00e9alis\u00e9s en deux phases: \n\uf0b7 Phase 1 : les travaux seront r\u00e9alis\u00e9s \u00e0 gauche de la chauss\u00e9e (circulation \u00e0 droite);\n\uf0b7 Phase 2 : les travaux seront r\u00e9alis\u00e9s \u00e0 droite de la chauss\u00e9e (circulation \u00e0 gauche).\nLes travaux d\u00e9butent par la phase 1. Le changement de la phase 1 \u00e0 la phase 2 est pr\u00e9vu entre le\n21 juillet 2025 et le 1er ao\u00fbt 2025.\nAfin d'offrir le maximum de s\u00e9curit\u00e9 aux usagers et aux personnels \u00e9voluant sur le chantier,  \nles modes d'exploitation retenus sont les suivants :\n\uf0b7 R\u00e9duction de la largeur de la voie de la bretelle, d\u00e9limit\u00e9e par un marquage provisoire  \njaune et pouvant \u00eatre accompagn\u00e9 d'un dispositif de retenue modulaire de voie (type  \nb\u00e9ton ou m\u00e9tal) : la largeur minimale de la plateforme autorouti\u00e8re est de 3,65m com-\nprenant une voie circul\u00e9e de 3,20m ainsi que deux bandes de 0,225m de marquage  \njaune de part et d'autre.\n\uf0b7 Pendant toute la dur\u00e9e des travaux, la vitesse autoris\u00e9e est limit\u00e9e \u00e0 50 km/h (au lieu  \nde 70 km/h) sur la bretelle de liaison A57 / A570 dans le sens Le Luc-en-Provence vers  \nHy\u00e8res\nArticle 2 : Afin de s\u00e9curiser la section autorouti\u00e8re se trouvant sous l'ouvrage d'art en travaux, il  \nest n\u00e9cessaire de proc\u00e9der ponctuellement \u00e0 des fermetures totales de la section courante de  \nl'autoroute A57 , dans les deux sens de circulation, de 21h00 \u00e0 05h00 du matin, hors jours f\u00e9ri\u00e9s \net jours hors chantier, \u00e0 hauteur de la bifurcation de Pierre Ronde au PR 6.800 jusqu'au diffuseur \nN\u00b05a \u00ab La Valette Nord \u00bb au PR 4.400. Ces fermetures seront r\u00e9alis\u00e9es conform\u00e9ment \u00e0 l'arr\u00eat\u00e9  \npr\u00e9fectoral permanent n\u00b02023-06-004 ESC du 26 juin 2023 avec la mise en place des itin\u00e9raires  \nde d\u00e9viation aff\u00e9rents au Plan de Gestion de Trafic.\nEn cas d'intemp\u00e9ries ou d'al\u00e9as de chantier, les dates de fermetures sont report\u00e9es \u00e0 des dates  \nult\u00e9rieures hors week-end, hors jours f\u00e9ri\u00e9s et jours hors chantiers.\nDans ce cas, la pr\u00e9fecture du Var, le conseil d\u00e9partemental du Var (P\u00f4le Provence M\u00e9diterran\u00e9e / \nTel : 04.83.95.17 .00 \u2013 Fax : 04.83.95.17 .05), la direction d\u00e9partementale des territoires et de la mer  \ndu Var et la ville de Toulon seront inform\u00e9s 48 heures avant les fermetures effectives.\nArr\u00eat\u00e9 pr\u00e9fectoral n\u00b02025-06-005 ELA                                                                                         2/3\nPr\u00e9fecture du VAR - 83-2025-06-25-00010 - Arr\u00eat\u00e9 pr\u00e9fectoral n\u00b02025-06-005 ELA portant r\u00e9glementation temporaire de la circulation\nsur l'autoroute A57 sur le territoire des communes de Toulon, La Valette-du-Var et La Garde 47\nArticle  3 : Une  information  concernant  l'avancement  des  travaux  ainsi  que  le  planning \npr\u00e9visionnel des fermetures est transmise hebdomadairement le vendredi, avant 09h00, aux  \ndestinataires suivants :\n\uf0b7 Pr\u00e9fecture du Var (pref-derogations-routes@var.gouv.fr)\n\uf0b7 Conseil d\u00e9partemental du Var (bce@var.fr)\n\uf0b7 Direction d\u00e9partementale des territoires et de la mer du Var\n\uf0b7 Radio Vinci-Autoroutes (107 .7)\n\uf0b7 Direction interd\u00e9partementale des routes M\u00e9diterran\u00e9e\nArticle 4 : Les signalisations temporaires et l'information des usagers, r\u00e9pondant \u00e0 la description \ndu pr\u00e9sent arr\u00eat\u00e9, sont mises en place, entretenues et surveill\u00e9es par les services d'exploitation  \nde  la  soci\u00e9t\u00e9  des  autoroutes  Est\u00e9rel,  C\u00f4te  d'Azur,  Provence,  Alpes  (ESCOTA),  ou  leurs \npartenaires, pendant toute la p\u00e9riode des travaux.\nLes usagers sont inform\u00e9s des travaux par l'affichage de messages sur Panneau \u00e0 Messages  \nVariables (PMV) sur les autoroutes A50 et A57 et par la diffusion de messages Radio Vinci  \nAutoroutes (107 .7).\nArticle 5     :   La directrice de cabinet du pr\u00e9fet du Var, le pr\u00e9sident du conseil d\u00e9partemental du  \nVar,  le  commandant  du  groupement  de  gendarmerie  d\u00e9partementale  du  Var,  le  directeur \ninterd\u00e9partemental de la police nationale du Var, le chef du d\u00e9tachement de Toulon de la CRS  \nautorouti\u00e8re Provence, le directeur d\u00e9partemental des services d'incendie et de secours du Var, \nles maires des communes de Toulon, La Valette-du-Var et La Garde, le directeur de la soci\u00e9t\u00e9  \ndes autoroutes Est\u00e9rel, C\u00f4te d'Azur, Provence Alpes, sont charg\u00e9s, chacun en ce qui le concerne, \nde  l'ex\u00e9cution  du  pr\u00e9sent  arr\u00eat\u00e9  qui  est  publi\u00e9  au  recueil  des  actes  administratifs  de  la \npr\u00e9fecture du Var.\n  \nFait \u00e0 Toulon, le 25 juin 2025\n                                                  Pour le Pr\u00e9fet et par d\u00e9l\u00e9gation, \n                                                        La cheffe du service \n                                                   de l'\u00e9ducation et de la s\u00e9curit\u00e9 routi\u00e8res\n                                                  sign\u00e9 :  Sophie BARASTIER\nConform\u00e9ment aux dispositions de l'article R. 421-1 et suivants du code de justice administrative, le pr\u00e9sent arr\u00eat\u00e9 peut faire l'objet dans un d\u00e9lai de deux  \nmois \u00e0 compter de sa parution :\n\u2013  d'un recours administratif (recours gracieux aupr\u00e8s du pr\u00e9fet du Var ou recours hi\u00e9rarchique aupr\u00e8s du ministre de l'int\u00e9rieur)\n\u2013 d'un recours contentieux devant le tribunal administratif de Toulon. Le tribunal administratif peut \u00eatre saisi par l'application informatique \u00ab  T\u00e9l\u00e9recours \ncitoyens \u00bb accessible par le site Internet www.telerecours.fr\nArr\u00eat\u00e9 pr\u00e9fectoral n\u00b02025-06-005 ELA                                                                                         3/3\nPr\u00e9fecture du VAR - 83-2025-06-25-00010 - Arr\u00eat\u00e9 pr\u00e9fectoral n\u00b02025-06-005 ELA portant r\u00e9glementation temporaire de la circulation\nsur l'autoroute A57 sur le territoire des communes de Toulon, La Valette-du-Var et La Garde 48","date":"2025-06-25","first_seen_on":"2025-06-25T16:40:34+00:00","id":"ed6b2a4f14cf99e83b0ee54386638246b60d8bd14fb6e0029a71f3e8ee075d9b","name":"RAA N\u00b0214 du 25 juin 2025","pdf_creation_date":"2025-06-25T15:28:59+00:00","pdf_modification_date":null,"timezone":"Europe/Paris","url":"https://www.var.gouv.fr/contenu/telechargement/41658/272768/file/RAA%20N%C2%B0214%20du%2025%20juin%202025.pdf"}
