{"administration":"pref75","administration_name":"Pr\u00e9fecture de Paris","content":"PREFECTURE\nDE PARIS\nRECUEIL DES ACTES\nADMINISTRATIFS SP\u00c9CIAL\n(NOMINATIFS)\nN\u00b075-2026-180\nPUBLI\u00c9 LE 24 MARS 2026\nSommaire\nAssistance Publique - H\u00f4pitaux de Paris / Direction des affaires m\u00e9dicales\n75-2026-03-23-00011 - Arr\u00eat\u00e9 n\u00b0 DG 2026-09 portant modification de\nl'arr\u00eat\u00e9 n\u00b0 DG 2025-37 portant nomination des repr\u00e9sentants des\ninternes si\u00e9geant avec voix d\u00e9lib\u00e9rative \u00e0 la commission m\u00e9dicale\nd'\u00e9tablissement (CME) de l'Assistance publique - h\u00f4pitaux de\nParis (1 page) Page 4\nPr\u00e9fecture de la R\u00e9gion d'Ile de France, Pr\u00e9fecture de Paris  /\nCabinet/Service de la repr\u00e9sentation de l'\u00c9tat\n75-2026-03-24-00002 - Arr\u00eat\u00e9 pr\u00e9fectoral donnant autorisation\nd'apposer une plaque comm\u00e9morative en hommage \u00e0 Ren\u00e9 LA\nCOMBE, sur la fa\u00e7ade du b\u00e2timent situ\u00e9 157 avenue de Malakoff Paris\n16\u00e8me\n (2 pages) Page 6\nPr\u00e9fecture de Police / Direction des usagers et des polices administratives\n75-2026-03-24-00001 - Arr\u00eat\u00e9 202609024  VS 75 du 24 mars 2026\nportant autorisation d'installer un dispositif de vid\u00e9oprotection (3\npages) Page 9\nPr\u00e9fecture de Police / Secr\u00e9tariat g\u00e9n\u00e9ral de l'administration\n75-2026-03-24-00014 - Arr\u00eat\u00e9 RH-SDPQVT-CLAS-0001-2026 du 24 mars\n2026  modifiant l'arr\u00eat\u00e9 n\u00b0 0003-2023 du 3 avril 2023 fixant la\ncomposition nominative de la commission locale d'action sociale de la\npr\u00e9fecture de police (2 pages) Page 13\nPr\u00e9fecture de Police / Secr\u00e9tariat g\u00e9n\u00e9ral de la zone de d\u00e9fense et\nde s\u00e9curit\u00e9 de Paris\n75-2026-03-24-00006 - Arr\u00eat\u00e9 2026-00327 du 24 mars 2026 Portant\nd\u00e9livrance du certificat de comp\u00e9tences de formateur en premiers\nsecours citoyen. (2 pages) Page 16\n75-2026-03-24-00007 - Arr\u00eat\u00e9 2026-00328 du 24 mars 2026  Portant\nd\u00e9livrance du certificat de comp\u00e9tences de formateur aux premiers\nsecours en \u00e9quipe. (1 page) Page 19\n75-2026-03-24-00008 - Arr\u00eat\u00e9 2026-00329 du 24 mars 2026 portant\nd\u00e9livrance du certificat de comp\u00e9tences de formateur en premiers\nsecours citoyen (1 page) Page 21\n75-2026-03-24-00009 - Arr\u00eat\u00e9 2026-00330  du 24 mars 2026 Portant\nd\u00e9livrance du certificat de comp\u00e9tences de formateur aux premiers\nsecours en \u00e9quipe (1 page) Page 23\n75-2026-03-24-00010 - Arr\u00eat\u00e9 2026-00331du 24 mars 2026  Portant\nd\u00e9livrance du certificat de comp\u00e9tences de formateur en premiers\nsecours citoyen (1 page) Page 25\n2\n75-2026-03-24-00011 - Arr\u00eat\u00e9 2026-00332 du 24 mars 2026 Portant\nd\u00e9livrance du certificat de comp\u00e9tences de formateur en premiers\nsecours citoyen (1 page) Page 27\n3\nAssistance Publique - H\u00f4pitaux de Paris\n75-2026-03-23-00011\nArr\u00eat\u00e9 n\u00b0 DG 2026-09 portant modification de\nl'arr\u00eat\u00e9 n\u00b0 DG 2025-37 portant nomination des\nrepr\u00e9sentants des internes si\u00e9geant avec voix\nd\u00e9lib\u00e9rative \u00e0 la commission m\u00e9dicale\nd'\u00e9tablissement (CME) de l'Assistance publique -\nh\u00f4pitaux de Paris\nAssistance Publique - H\u00f4pitaux de Paris - 75-2026-03-23-00011 - Arr\u00eat\u00e9 n\u00b0 DG 2026-09 portant modification de l'arr\u00eat\u00e9 n\u00b0 DG 2025-37\nportant nomination des repr\u00e9sentants des internes si\u00e9geant avec voix d\u00e9lib\u00e9rative \u00e0 la commission m\u00e9dicale d'\u00e9tablissement (CME)\nde l'Assistance publique - h\u00f4pitaux de Paris\n4\nASSISTANCE HOPITAUXPUBLIQUE DE PARIS\nn~\n \nPage 1 sur 1 \n \n \nARR\u00caT\u00c9 n\u00b0 DG 2026-09 \nPortant modification de l'arr\u00eat\u00e9 n\u00b0 DG 2025-37 portant nomination des repr\u00e9sentants des internes \nsi\u00e9geant avec voix d\u00e9lib\u00e9rative \u00e0 la commission m\u00e9dicale d'\u00e9tablissement (CME) de l'Assistance \npublique \u2013 h\u00f4pitaux de Paris \n \nLe directeur g\u00e9n\u00e9ral de l'Assistance publique \u2013 h\u00f4pitaux de Paris ; \nVu le code de la sant\u00e9 publique, en particulier les articles L. 6147-1, R. 6144-3-1 et R. 6144-4 ; \nVu le r\u00e8glement int\u00e9rieur de l'Assistance publique \u2013 h\u00f4pitaux de Paris, notamment son annexe 1 ; \nVu l'arr\u00eat\u00e9 n\u00b0 DG 2025-37 portant nomination des repr\u00e9sentants des internes si\u00e9geant avec voix d\u00e9lib\u00e9rative \u00e0 \nla commission m\u00e9dicale d'\u00e9tablissement (CME) de l'Assistance publique \u2013 h\u00f4pitaux de Paris ; \nConsid\u00e9rant la demande de Madame Marine LOTY, Pr\u00e9sidente du SIHP - Syndicat des internes des h\u00f4pitaux de \nParis ; \nVu l a proposition  du SIHP - Syndicat des internes des h\u00f4pitaux de Paris , si\u00e9geant au sein de la commission \nr\u00e9gionale de subdivision ; \nVu les arr\u00eat\u00e9s portant d\u00e9l\u00e9gation de signature ; \nARR\u00caTE : \nArticle 1er :  \nDans l'annexe de l'arr\u00eat\u00e9 n\u00b0 DG 2025-37 portant nomination des repr\u00e9sentants des internes si\u00e9geant avec voix \nd\u00e9lib\u00e9rative \u00e0 la commission m\u00e9dicale d'\u00e9tablissement (CME) de l'Assistance publique \u2013 h\u00f4pitaux de Paris , au \nsi\u00e8ge 62T2 (repr\u00e9sentant des internes au titre de la discipline \u00ab Autres sp\u00e9cialit\u00e9s m\u00e9dicales  \u00bb), le nom de \nMonsieur Thibault ROQUES se substitue \u00e0 celui de Madame Marine LOTY. \nLes autres dispositions de cet arr\u00eat\u00e9 demeurent inchang\u00e9es. \nArticle 2 :  \nLe mandat de M. Thibault ROQUES d\u00e9bute le 24 mars 2026. Il prend fin au terme du semestre d'internat courant.  \nArticle 3 : \nLe pr\u00e9sent arr\u00eat\u00e9 sera publi\u00e9 au recueil des actes administratifs du D\u00e9partement de Paris, section des actes \nnominatifs.   \nParis, le 23 mars 2026 \nPour le Directeur g\u00e9n\u00e9ral et par d\u00e9l\u00e9gation, \nle Directeur des Affaires M\u00e9dicales \n \nSIGN\u00c9 \n \nEmmanuel RAISON \n \n \nAssistance Publique - H\u00f4pitaux de Paris - 75-2026-03-23-00011 - Arr\u00eat\u00e9 n\u00b0 DG 2026-09 portant modification de l'arr\u00eat\u00e9 n\u00b0 DG 2025-37\nportant nomination des repr\u00e9sentants des internes si\u00e9geant avec voix d\u00e9lib\u00e9rative \u00e0 la commission m\u00e9dicale d'\u00e9tablissement (CME)\nde l'Assistance publique - h\u00f4pitaux de Paris\n5\nPr\u00e9fecture de la R\u00e9gion d'Ile de France,\nPr\u00e9fecture de Paris \n75-2026-03-24-00002\nArr\u00eat\u00e9 pr\u00e9fectoral donnant autorisation\nd'apposer une plaque comm\u00e9morative en\nhommage \u00e0 Ren\u00e9 LA COMBE, sur la fa\u00e7ade du\nb\u00e2timent situ\u00e9 157 avenue de Malakoff Paris\n16\u00e8me\nPr\u00e9fecture de la R\u00e9gion d'Ile de France, Pr\u00e9fecture de Paris  - 75-2026-03-24-00002 - Arr\u00eat\u00e9 pr\u00e9fectoral donnant autorisation d'apposer\nune plaque comm\u00e9morative en hommage \u00e0 Ren\u00e9 LA COMBE, sur la fa\u00e7ade du b\u00e2timent situ\u00e9 157 avenue de Malakoff Paris 16\u00e8me 6\n \nCabinet \n \n \n \n \nParis, le 24 mars 2026   \n \n \n \nArr\u00eat\u00e9 pr\u00e9fectoral n\u00b0  \ndonnant autorisation d'apposer une plaque comm\u00e9morative  \nen hommage \u00e0 Ren\u00e9 LA COMBE, \nsur la fa\u00e7ade du b\u00e2timent situ\u00e9 157 avenue de Malakoff Paris 16\u00e8me   \n \nLE PR\u00c9FET DE LA R\u00c9GION D'ILE-DE-FRANCE, PR\u00c9FET DE PARIS, \nGRAND OFFICIER DE LA L\u00c9GION D'HONNEUR, \nOFFICIER DE L'ORDRE NATIONAL DU M\u00c9RITE  \n \nVU  le d\u00e9cret n\u00b0 68-1053 du 29 novembre 1968 relatif aux hommages publics ; \nVU  le d\u00e9cret n\u00b0 2004-374 du 29 avril 2004 modifi\u00e9 relatif aux pouvoirs des pr\u00e9fets, \u00e0 l'organisation \net \u00e0 l'action des services de l'\u00c9tat dans les r\u00e9gions et les d\u00e9partements ; \nVU  le d\u00e9cret du 22 juillet 2020 portant nomination de Monsieur Marc GUILLAUME, en qualit\u00e9 de \npr\u00e9fet de la r\u00e9gion d'\u00cele-de-France, pr\u00e9fet de Paris ; \nVU l'arr\u00eat\u00e9 pr\u00e9fectoral n\u00b0 75-2025-12-22-00020 du 22 d\u00e9cembre 2025 portant organisation de la \npr\u00e9fecture de la r\u00e9gion d'\u00cele-de-France, pr\u00e9fecture de Paris  ; \nVU le proc\u00e8s-verbal du 16 d\u00e9cembre 2025 de l'assembl\u00e9e g\u00e9n\u00e9rale des copropri\u00e9taires de \nl'immeuble situ\u00e9 157 avenue de Malakoff \u00e0 Paris 16\u00e8me , autorisant l'apposition d'une plaque \ncomm\u00e9morative sur la fa\u00e7ade de ce b\u00e2timent  ; \nVU le courrier re\u00e7u le 13 janvier 2026, par lequel, Monsieur Gautier LA COMBE, petit-fils de Ren\u00e9 \nLA  COMBE, sollicite l'autorisation d'apposer une plaque comm\u00e9morative, en hommage \u00e0 son \ngrand-p\u00e8re, sur la fa\u00e7ade du b\u00e2timent situ\u00e9 157 avenue de Malakoff \u00e0 Paris 16 \u00e8me  ;  \n \nVU  l'avis du 9 mars 2026 de la Ville de Paris, direction des affaires culturelles  ; \n \nARR\u00caTE  : \n \nARTICLE 1  : Autorisation est donn\u00e9e \u00e0 Monsieur Gautier LA COMBE, petit-fils de Ren\u00e9 LA COMBE, \nde faire apposer une plaque comm\u00e9morative en hommage \u00e0 son grand-p\u00e8re, sur la fa\u00e7ade de \nl'immeuble situ\u00e9 157 avenue de Malakoff \u00e0 Paris 16 \n\u00e8me , dont le libell\u00e9 est  : \n \n \nPr\u00e9fecture de la R\u00e9gion d'Ile de France, Pr\u00e9fecture de Paris  - 75-2026-03-24-00002 - Arr\u00eat\u00e9 pr\u00e9fectoral donnant autorisation d'apposer\nune plaque comm\u00e9morative en hommage \u00e0 Ren\u00e9 LA COMBE, sur la fa\u00e7ade du b\u00e2timent situ\u00e9 157 avenue de Malakoff Paris 16\u00e8me 7\n \n \n  \n \nIci v\u00e9cut  \nRen\u00e9 la Combe \n1915-1994 \nCompagnon de la Lib\u00e9ration \nD\u00e9put\u00e9 \nVice-Pr\u00e9sident de l'Assembl\u00e9e nationale \n \n \nARTICLE 2 :  La pr\u00e9f\u00e8te, directrice de cabinet du pr\u00e9fet de la r\u00e9gion d'\u00cele-de-France, pr\u00e9fet de Paris, \nest charg\u00e9e de l'ex\u00e9cution du pr\u00e9sent arr\u00eat\u00e9 qui sera publi\u00e9 au recueil des actes administratifs de la \npr\u00e9fecture de Paris, accessible sur le site internet de la pr\u00e9fecture de la r\u00e9gion d'\u00cele-de-France, \npr\u00e9fecture de Paris : http://www.prefectures-regions.gouv.fr/ile-de-france. \n \n \n \nLe pr\u00e9fet de la r\u00e9gion d'\u00cele-de-France,  \npr\u00e9fet de Paris \n \n \n \n \n \n \n \n \n \nSign\u00e9 Marc GUILLAUME \n \n \n \nCopie \u00e0  : \n- Monsieur Gautier LA COMBE, petit-fils de Ren\u00e9 LA COMBE \n- Mairie de Paris 16 \n\u00e8me   \n- Mairie de Paris-DAC \n \n \nInformations importantes  : \nLe pr\u00e9sent arr\u00eat\u00e9 est d\u00e9livr\u00e9 sans pr\u00e9judice du droit des tiers. \n \nRecours  : \nLe pr\u00e9sent arr\u00eat\u00e9 peut faire l'objet d'un recours contentieux devant le tribunal administratif \ncomp\u00e9tent, dans un d\u00e9lai de deux mois \u00e0 compter de sa publication, en application de l'article      \nR. 421-1 du code de justice administrative. \n \n \n \n \n \n \n \n \n \n \n \n \n \n \n \nPr\u00e9fecture de la r\u00e9gion d'\u00cele-de-France, pr\u00e9fecture de Paris \n5, rue Leblanc 75 911 Paris Cedex 15 | Standard : 01 82 52 40 00 \nSite internet : https://www.prefectures-regions.gouv.fr/ile-de-france  \nPr\u00e9fecture de la R\u00e9gion d'Ile de France, Pr\u00e9fecture de Paris  - 75-2026-03-24-00002 - Arr\u00eat\u00e9 pr\u00e9fectoral donnant autorisation d'apposer\nune plaque comm\u00e9morative en hommage \u00e0 Ren\u00e9 LA COMBE, sur la fa\u00e7ade du b\u00e2timent situ\u00e9 157 avenue de Malakoff Paris 16\u00e8me 8\nPr\u00e9fecture de Police\n75-2026-03-24-00001\nArr\u00eat\u00e9 202609024  VS 75 du 24 mars 2026\nportant autorisation d'installer un dispositif de\nvid\u00e9oprotection\nPr\u00e9fecture de Police - 75-2026-03-24-00001 - Arr\u00eat\u00e9 202609024  VS 75 du 24 mars 2026 portant autorisation d'installer un dispositif de\nvid\u00e9oprotection 9\nPREFECTUREDE POLICELibert\u00e9Egalit\u00e9Fraternit\u00e9\na\nDirection des usagers\net des polices administratives\nSous-direction des polices sanitaires,\nenvironnementales et de s\u00e9curit\u00e9\nBureau des polices administratives de s\u00e9curit\u00e9\n                                                                  Arr\u00eat\u00e9 n\u00b0 20260924 VS 75\ndu 24 mars 2026\n  \n                                   portant autorisation d'installer un dispositif de vid\u00e9oprotection\nLe pr\u00e9fet de Police,\nVU le code de la s\u00e9curit\u00e9 int\u00e9rieure et notamment ses articles L.223-1 \u00e0 L.223-9 et L.251-1 \u00e0  \nL.255-1 et R.251-1 \u00e0 R.254-2\u00a0;\nVU l'arr\u00eat\u00e9 NOR IOCD 0762353A du 3 ao\u00fbt 2007 portant d\u00e9finition des normes techniques  \ndes syst\u00e8mes de vid\u00e9osurveillance\u00a0;\nVU la demande formul\u00e9e par Madame Anne-Florence CANTON, directrice de l'innovation, de \nla logistique et des technologies (DILT), re\u00e7ue le 23 mars 2026, faisant part de la n\u00e9cessit\u00e9  \nd'assurer la s\u00e9curisation de la Bank of America sise 51 rue La Bo\u00e9tie 75008 Paris au regard de  \nla d\u00e9gradation de la situation g\u00e9opolitique actuelle ;\nCONSIDERANT les rassemblements de personnes susceptibles de se r\u00e9unir  aux abords de la  \nBank of America ;\nCONSIDERANT que l'exposition particuli\u00e8re \u00e0 un risque d'actes de terrorisme et la n\u00e9cessit\u00e9  \nd'assurer la s\u00e9curit\u00e9 des personnes et des biens par des mesures adapt\u00e9es \u00e0 la gravit\u00e9 de la  \nmenace rendent n\u00e9cessaire la mise en \u0153uvre d'un syst\u00e8me de vid\u00e9oprotection ;\nCONSIDERANT  que la pr\u00e9sidente de la commission de vid\u00e9oprotection est inform\u00e9e de la  \npr\u00e9sente d\u00e9cision ;\nSUR proposition de la directrice des usagers et des polices administratives\u00a0;\nVU l'urgence.\nPr\u00e9fecture de police\n1 bis, rue de Lut\u00e8ce \u2013 75195 PARIS CEDEX 04\nT\u00e9l : 3430 (prix d'un appel local) \nhttps://www.prefecturedepolice.interieur.gouv.fr\nPr\u00e9fecture de Police - 75-2026-03-24-00001 - Arr\u00eat\u00e9 202609024  VS 75 du 24 mars 2026 portant autorisation d'installer un dispositif de\nvid\u00e9oprotection 10\nA R R \u00ca T E\nArticle 1  \u00a0  :  \nLa direction de l'innovation, de la logistique et des technologies (DILT) est autoris\u00e9e \u00e0 faire  \nproc\u00e9der  du  24  mars  2026  au  24  juillet  2026  inclus,  dans  les  conditions  ci-dessous , \u00e0  \nl'installation d'une cam\u00e9ra tactique sise 54 rue La Bo\u00e9tie 75008 PARIS .\nArticle 2  \u00a0  :  \nCe dispositif de vid\u00e9oprotection a pour finalit\u00e9s :\n\uf0b7 Protection  des  abords  imm\u00e9diats  des  b\u00e2timents  et  des  installations  de  lieux  et  \n\u00e9tablissements relevant d'une personne morale de droit priv\u00e9 expos\u00e9s \u00e0 des actes de  \nterrorisme\n\uf0b7 Pr\u00e9vention d'actes de terrorisme\n\uf0b7 Secours aux personnes et la d\u00e9fense contre l'incendie\nIl comporte l'enregistrement continu d'images. Les enregistrements sont d\u00e9truits au terme  \nd'un d\u00e9lai maximum de 30 jours, conform\u00e9ment aux dispositions de l'article L.252-3 du code  \nde la s\u00e9curit\u00e9 int\u00e9rieure.\nArticle 3  \u00a0  :  \nLes fonctionnaires des services de police ou de gendarmerie nationales ainsi que des douanes \net des services d'incendie et de secours d\u00fbment habilit\u00e9s et individuellement d\u00e9sign\u00e9s \u00e0 cet  \neffet par le Pr\u00e9fet de Police peuvent acc\u00e9der \u00e0 tout moment aux images et enregistrements  \nde  ce  syst\u00e8me  de  vid\u00e9oprotection  dans  le  cadre  de  leurs  missions,  conform\u00e9ment  aux  \ndispositions de l'article L.252-2 du code de la s\u00e9curit\u00e9 int\u00e9rieure.\nArticle 4  \u00a0  :  \n La direction de l'innovation, de la logistique et des technologies doit en particulier :\n* veiller \u00e0 l'habilitation des personnes susceptibles d'exploiter et de visionner les images ;\n* proc\u00e9der \u00e0 l'information du public sur le dispositif mis en place.\nArr\u00eat\u00e9 n\u00b020260924 VS 75\n2\nPr\u00e9fecture de Police - 75-2026-03-24-00001 - Arr\u00eat\u00e9 202609024  VS 75 du 24 mars 2026 portant autorisation d'installer un dispositif de\nvid\u00e9oprotection 11\nArticle 5  \u00a0  :  \nToute  modification  substantielle  portant  sur  l'organisation,  le  fonctionnement  et  les  \nconditions  d'exploitation  du  syst\u00e8me  de  vid\u00e9oprotection  faisant  l'objet  de  la  pr\u00e9sente  \nautorisation doit \u00eatre d\u00e9clar\u00e9e \u00e0 la Pr\u00e9fecture de Police - Direction des usagers et des polices  \nadministratives - Sous-direction des polices sanitaires, environnementales et de s\u00e9curit\u00e9 -  \nBureau des polices administratives de s\u00e9curit\u00e9 - Section Vid\u00e9oprotection, 1 bis rue de Lut\u00e8ce  \n75195 PARIS CEDEX 04.\nArticle 6  \u00a0  :  \nLa  pr\u00e9sente  autorisation  peut,  apr\u00e8s  mise  en  demeure  de  son  titulaire  de  pr\u00e9senter  ses \nobservations, \u00eatre retir\u00e9e ou suspendue en cas d'utilisation non conforme du dispositif.\nArticle 7  \u00a0  :  \nLa  directrice  des  usagers  et  des  polices  administratives,  le  directeur  de  la  s\u00e9curit\u00e9  de  \nproximit\u00e9 de l'agglom\u00e9ration parisienne et le directeur de la police judiciaire sont charg\u00e9s de  \nl'ex\u00e9cution  du  pr\u00e9sent  arr\u00eat\u00e9  qui  sera  publi\u00e9  au  recueil  des  actes  administratifs  du  \nd\u00e9partement de Paris et sur le portail des publications administratives de la Ville de Paris.\n Pour le pr\u00e9fet de Police et par d\u00e9l\u00e9gation\nAdjointe au chef de bureau\ndes polices administratives de s\u00e9curit\u00e9\n        Agathe FERIN-MERCURY\nDans les deux mois \u00e0 compter de la notification de la pr\u00e9sente d\u00e9cision les recours suivants peuvent \u00eatre introduits\u00a0:\n- un recours gracieux aupr\u00e8s du Pr\u00e9fet de police \u2013 DUPA - Sous-direction des polices sanitaires, environnementales et de \ns\u00e9curit\u00e9 - Bureau des polices administratives de s\u00e9curit\u00e9 - 1 bis rue de Lut\u00e8ce - 75195 PARIS CEDEX 04\n- un recours hi\u00e9rarchique aupr\u00e8s du Ministre de l'int\u00e9rieur \u2013 DLPAJ \u2013 SDLP \u2013 BLI \u2013 place Beauvau \u2013 75800 PARIS CEDEX 08\n- un recours contentieux devant le tribunal administratif de Paris \u2013 7 rue de Jouy \u2013 75181 PARIS CEDEX 04\nArr\u00eat\u00e9 n\u00b020260924 VS 75\n3\nPr\u00e9fecture de Police - 75-2026-03-24-00001 - Arr\u00eat\u00e9 202609024  VS 75 du 24 mars 2026 portant autorisation d'installer un dispositif de\nvid\u00e9oprotection 12\nPr\u00e9fecture de Police\n75-2026-03-24-00014\nArr\u00eat\u00e9 RH-SDPQVT-CLAS-0001-2026 du 24 mars\n2026  modifiant l'arr\u00eat\u00e9 n\u00b0 0003-2023 du 3 avril\n2023 fixant la composition nominative de la\ncommission locale d'action sociale de la\npr\u00e9fecture de police\nPr\u00e9fecture de Police - 75-2026-03-24-00014 - Arr\u00eat\u00e9 RH-SDPQVT-CLAS-0001-2026 du 24 mars 2026  modifiant l'arr\u00eat\u00e9 n\u00b0 0003-2023 du\n3 avril 2023 fixant la composition nominative de la commission locale d'action sociale de la pr\u00e9fecture de police 13\nPREFECTUREDE POLICELibert\u00e9Egalit\u00e9Fraternit\u00e9\nLLea\n Secr\u00e9tariat g\u00e9n\u00e9ral pour l'administration\nDirection des ressources humaines\nSous-direction de la pr\u00e9vention\net de la qualit\u00e9 de vie au travail\nN\u00b0 RH-SDPQVT-CLAS-0001-2026\nARR\u00caT\u00c9 du 24 mars 2026\nmodifiant l'arr\u00eat\u00e9 n\u00b0 0003-2023 du 3 avril 2023 fixant la composition nominative de la commission \nlocale d'action sociale de la pr\u00e9fecture de police\nLe pr\u00e9fet de police,\nVu l'arr\u00eat\u00e9 du pr\u00e9fet de police du 25 janvier 2023 relatif \u00e0 la commission locale d'action sociale de la  \npr\u00e9fecture de police et au r\u00e9seau local d'action sociale de la pr\u00e9fecture de police, notamment son  \narticle 3 ;\nVu l'arr\u00eat\u00e9 minist\u00e9riel du 17 octobre 2022 relatif aux commissions locales d'action sociale et au r\u00e9seau \nlocal d'action sociale du minist\u00e8re de l'int\u00e9rieur ;\nVu l'arr\u00eat\u00e9 du pr\u00e9fet de police du 24 f\u00e9vrier 2023 portant r\u00e9partition des si\u00e8ges des repr\u00e9sentants des \npersonnels \u00e0 la commission locale d'action sociale de la pr\u00e9fecture de police ;\nVu la demande de modification des repr\u00e9sentants de Alliance police nationale \u2013 SNIPAT \u2013 Synergie  \nOfficiers en date du 10 mars 2026 ;\nSur la proposition de la pr\u00e9f\u00e8te, secr\u00e9taire g\u00e9n\u00e9rale pour l'administration ;\nARR\u00caTE\nArticle 1  er  \nAu titre de l'article 2 de l'arr\u00eat\u00e9 n\u00b0 0003-2023 du 3 avril 2023 fixant la composition nominative de la  \ncommission  locale  d'action  sociale  de  la  pr\u00e9fecture  de  police,  la  liste  des  repr\u00e9sentants  des \npersonnels relevant du statut de la fonction publique de l'\u00c9tat, affect\u00e9s \u00e0 Paris intra-muros  est \nmodifi\u00e9e :\n       - Au titre de la conf\u00e9d\u00e9ration fran\u00e7aise de l'encadrement \u2013 conf\u00e9d\u00e9ration g\u00e9n\u00e9rale des \n           cadres  (ALLIANCE POLICE NATIONALE \u2013 SNIPAT \u2013 SYNERGIE OFFICIERS).\nTitulaires Suppl\u00e9ants\n- M. David LE ROUX - M. Arnaud GIRY\n- M. Bastien ALCAINE - M Valentino GALEANO \n- M. Arnaud ROBE - M. K\u00e9vin VANDAMME\n- M. Franck ROSSINI - M. Ben M'SELLEK\n- M. Anthony BEGUE - M. Djassim BELKOURCHIA\n- M. Micka\u00ebl DE POORTERE - Mme Laura MOLAYE\n- Mme Sophie SAVERIACOUTTY - Mme Lamia JOHNSON\n- Mme Karima MECHOUEK - M. S\u00e9bastien AGUILAR\nPr\u00e9fecture de Police - 75-2026-03-24-00014 - Arr\u00eat\u00e9 RH-SDPQVT-CLAS-0001-2026 du 24 mars 2026  modifiant l'arr\u00eat\u00e9 n\u00b0 0003-2023 du\n3 avril 2023 fixant la composition nominative de la commission locale d'action sociale de la pr\u00e9fecture de police 14\n                    - Au titre de la conf\u00e9d\u00e9ration fran\u00e7aise de l'encadrement \u2013 conf\u00e9d\u00e9ration g\u00e9n\u00e9rale des \n           cadres  (UNSA FASMI).\nTitulaires Suppl\u00e9ants\n- Mme S\u00e9verine FRONTERI - Mme Estelle LATORRE\n- M. Yann KHADRI - M. Joachim BRAZ MARTINS \nArticle 2\nLa pr\u00e9f\u00e8te, secr\u00e9taire g\u00e9n\u00e9rale pour l'administration, est charg\u00e9e de l'ex\u00e9cution du pr\u00e9sent arr\u00eat\u00e9 qui \nsera publi\u00e9 au portail des publications administratives de la Ville de Paris et au recueil des actes  \nadministratifs.\n                                                  Pour le pr\u00e9fet de police\n                                      La sous-directrice de la pr\u00e9vention \net de la qualit\u00e9 de vie au travail\n                                  Florence VALENZA-PAILLARD SIGNE\nPr\u00e9fecture de Police - 75-2026-03-24-00014 - Arr\u00eat\u00e9 RH-SDPQVT-CLAS-0001-2026 du 24 mars 2026  modifiant l'arr\u00eat\u00e9 n\u00b0 0003-2023 du\n3 avril 2023 fixant la composition nominative de la commission locale d'action sociale de la pr\u00e9fecture de police 15\nPr\u00e9fecture de Police\n75-2026-03-24-00006\nArr\u00eat\u00e9 2026-00327 du 24 mars 2026 Portant\nd\u00e9livrance du certificat de comp\u00e9tences de\nformateur en premiers secours citoyen.\nPr\u00e9fecture de Police - 75-2026-03-24-00006 - Arr\u00eat\u00e9 2026-00327 du 24 mars 2026 Portant d\u00e9livrance du certificat de comp\u00e9tences de\nformateur en premiers secours citoyen. 16\nPREFECTUREDE POLICELibert\u00e9Egalit\u00e9Fraternit\u00e9\n0UGi\nSecr\u00e9tariat g\u00e9n\u00e9ral\nde la Zone de d\u00e9fense de s\u00e9curit\u00e9 de Paris\nArr\u00eat\u00e9 N\u00b0 2026-00327\nPortant d\u00e9livrance du certificat de comp\u00e9tences de formateur en premiers secours citoyen.\nLe pr\u00e9fet de Police,\nPr\u00e9fet de la Zone de d\u00e9fense et de s\u00e9curit\u00e9 de Paris,\nVu l'arr\u00eat\u00e9 du 15 juin 2024 relatif \u00e0 la fili\u00e8re p\u00e9dagogique de s\u00e9curit\u00e9 civile ;\nVu l'annexe  260007  du  29  janvier  2026  \u00e0  l'arr\u00eat\u00e9  n\u00b02024-01546  du  22  octobre  2024  portant  \ncomposition des jurys  pour les examens de certification \u00e0 la P\u00e9dagogie Appliqu\u00e9e \u00e0 l'Emploi de  \nFormateur aux Premiers Secours en \u00c9quipe (PAE-FPSE) et \u00e0 la P\u00e9dagogie Appliqu\u00e9e \u00e0 l'Emploi de  \nFormateur en Premiers Secours Citoyen (PAE-FPSC) \u00e0 Paris et dans les d\u00e9partements des Hauts de  \nSeine, de la Seine-Saint-Denis et du Val de Marne;\nVu le proc\u00e8s-verbal en date du 19 f\u00e9vrier 2026 validant la liste des candidats admis \u00e0 l'examen de  \ncertification \u00e0 la p\u00e9dagogie appliqu\u00e9e \u00e0 l'emploi de formateur en premiers secours citoyen,\nArr\u00eate :\nArticle 1er     \nLa certification de comp\u00e9tences \u00e0 la \u00ab  p\u00e9dagogie appliqu\u00e9e \u00e0 l'emploi de formateur en premiers  \nsecours citoyen \u00bb organis\u00e9e par le Rectorat de l'acad\u00e9mie de Versailles, \u00e0 PARIS (75), est d\u00e9livr\u00e9e aux \npersonnes dont les noms suivent par ordre alphab\u00e9tique : \nM. ANDRAULT Julien (Hauts-de-Seine)\nMme BALI Hassna (Hauts-de-Seine)\nMme BENAZZA Adra (Hauts-de-Seine)\nM. CANOT J\u00e9r\u00f4me (Hauts-de-Seine)\nM. CORNEC Ronan (Seine-Saint-Denis)\nMme COURTOIS L\u00e9a (Hauts-de-Seine)\nMme DEVILLERS Axelle (Hauts-de-Seine)\nM. ESTEBAN-BLANCO Roberto (Hauts-de-Seine)\nMme GOUZOT Lisa (Hauts-de-Seine)\nM. GUESN\u00c9 Simon (Hauts-de-Seine)\nMme LASSU Suzy (Hauts-de-Seine)\nMme LEFORT Aur\u00e9lia (Hauts-de-Seine)\nMme MATHEY Ad\u00e8le (Hauts-de-Seine)\nMme MICHON Camille (Hauts-de-Seine)\nMme OLIVIER S\u00e9gol\u00e8ne (Hauts-de-Seine)\nM. PAILLARD Julien (Paris)\nMme PERLEMOINE Marjorie (Hauts-de-Seine)\nMme PROVOS Camille (Essonne)\nMme SUPRYN Alicja (Hauts-de-Seine)\nMme TALLEC Clara (Hauts-de-Seine)\nPr\u00e9fecture de Police - 75-2026-03-24-00006 - Arr\u00eat\u00e9 2026-00327 du 24 mars 2026 Portant d\u00e9livrance du certificat de comp\u00e9tences de\nformateur en premiers secours citoyen. 17\nArticle 2     \nLe pr\u00e9sent arr\u00eat\u00e9 sera publi\u00e9 au recueil des actes administratifs de la pr\u00e9fecture de la r\u00e9gion d'\u00cele-\nde-France, pr\u00e9fecture de Paris et de la pr\u00e9fecture de police.\nParis, le 24/03/2026\nPour la pr\u00e9f\u00e8te, Secr\u00e9taire g\u00e9n\u00e9rale\nde la Zone de d\u00e9fense et de s\u00e9curit\u00e9,\nLe Chef du D\u00e9partement S\u00e9curit\u00e9 D\u00e9fense\nSign\u00e9 : Colonel S\u00e9bastien ALVAREZ\nPr\u00e9fecture de Police - 75-2026-03-24-00006 - Arr\u00eat\u00e9 2026-00327 du 24 mars 2026 Portant d\u00e9livrance du certificat de comp\u00e9tences de\nformateur en premiers secours citoyen. 18\nPr\u00e9fecture de Police\n75-2026-03-24-00007\nArr\u00eat\u00e9 2026-00328 du 24 mars 2026  Portant\nd\u00e9livrance du certificat de comp\u00e9tences de\nformateur aux premiers secours en \u00e9quipe.\nPr\u00e9fecture de Police - 75-2026-03-24-00007 - Arr\u00eat\u00e9 2026-00328 du 24 mars 2026  Portant d\u00e9livrance du certificat de comp\u00e9tences de\nformateur aux premiers secours en \u00e9quipe. 19\nPREFECTUREDE POLICELibert\u00e9Egalit\u00e9Fraternit\u00e9\n0UGi\nSecr\u00e9tariat g\u00e9n\u00e9ral\nde la Zone de d\u00e9fense de s\u00e9curit\u00e9 de Paris\nArr\u00eat\u00e9 N\u00b0 2026-00328\nPortant d\u00e9livrance du certificat de comp\u00e9tences de formateur aux premiers secours en \u00e9quipe.\nLe pr\u00e9fet de Police,\nPr\u00e9fet de la Zone de d\u00e9fense et de s\u00e9curit\u00e9 de Paris,\nVu l'arr\u00eat\u00e9 du 15 juin 2024 relatif \u00e0 la fili\u00e8re p\u00e9dagogique de s\u00e9curit\u00e9 civile ;\nVu l'annexe  260008  du  19  f\u00e9vrier  2026  \u00e0  l'arr\u00eat\u00e9  n\u00b02024-01546  du  22  octobre  2024 portant  \ncomposition des jurys  pour les examens de certification \u00e0 la P\u00e9dagogie Appliqu\u00e9e \u00e0 l'Emploi de  \nFormateur aux Premiers Secours en \u00c9quipe (PAE-FPSE) et \u00e0 la P\u00e9dagogie Appliqu\u00e9e \u00e0 l'Emploi de  \nFormateur en Premiers Secours Citoyen (PAE-FPSC) \u00e0 Paris et dans les d\u00e9partements des Hauts de  \nSeine, de la Seine-Saint-Denis et du Val de Marne;\nVu le proc\u00e8s-verbal en date du  16 mars 2026 validant la liste des candidats admis \u00e0 l'examen de  \ncertification \u00e0 la p\u00e9dagogie appliqu\u00e9e \u00e0 l'emploi de formateur aux premiers secours en \u00e9quipe,\nArr\u00eate :\nArticle 1er     \nLa certification de comp\u00e9tences \u00e0 la \u00ab  p\u00e9dagogie appliqu\u00e9e \u00e0 l'emploi de formateur aux premiers  \nsecours en \u00e9quipe \u00bb organis\u00e9e par la Croix-Rouge Fran\u00e7aise, \u00e0 Paris (75), est d\u00e9livr\u00e9e aux personnes  \ndont les noms suivent par ordre alphab\u00e9tique : \nMme BONTEMS Zo\u00e9 (Paris)\nMme CERCL\u00c9 Madeleine (Paris)\nM. DE ZALDIVAR--KAYA Thomas (Seine-et-Marne)\nM. GAILLARD Kilian (Sa\u00f4ne-et-Loire)\nM. GENEST Charly (C\u00f4tes-d'Armor)\nMme HAMARD Manon (Seine-Maritime)\nMme MAC'NAB El\u00e9onore (Val-d'Oise)\nM. PORTALES Lysian (Ardennes)\nM. ROLLIN-GOBERT Nicolas (Sa\u00f4ne-et-Loire)\n-\nArticle 2     \nLe pr\u00e9sent arr\u00eat\u00e9 sera publi\u00e9 au recueil des actes administratifs de la pr\u00e9fecture de la r\u00e9gion d'\u00cele-\nde-France, pr\u00e9fecture de Paris et de la pr\u00e9fecture de police.\nParis, le 24/03/2026\nPour la pr\u00e9f\u00e8te, Secr\u00e9taire g\u00e9n\u00e9rale\nde la Zone de d\u00e9fense et de s\u00e9curit\u00e9,\nLe Chef du D\u00e9partement S\u00e9curit\u00e9 D\u00e9fense\nSign\u00e9 : Colonel S\u00e9bastien ALVAREZ\nPr\u00e9fecture de Police - 75-2026-03-24-00007 - Arr\u00eat\u00e9 2026-00328 du 24 mars 2026  Portant d\u00e9livrance du certificat de comp\u00e9tences de\nformateur aux premiers secours en \u00e9quipe. 20\nPr\u00e9fecture de Police\n75-2026-03-24-00008\nArr\u00eat\u00e9 2026-00329 du 24 mars 2026 portant\nd\u00e9livrance du certificat de comp\u00e9tences de\nformateur en premiers secours citoyen\nPr\u00e9fecture de Police - 75-2026-03-24-00008 - Arr\u00eat\u00e9 2026-00329 du 24 mars 2026 portant d\u00e9livrance du certificat de comp\u00e9tences de\nformateur en premiers secours citoyen 21\nPREFECTUREDE POLICELibert\u00e9Egalit\u00e9Fraternit\u00e9\n0UGi\nSecr\u00e9tariat g\u00e9n\u00e9ral\nde la Zone de d\u00e9fense de s\u00e9curit\u00e9 de Paris\nArr\u00eat\u00e9 N\u00b0 2026-00329\nPortant d\u00e9livrance du certificat de comp\u00e9tences de formateur en premiers secours citoyen.\nLe pr\u00e9fet de Police,\nPr\u00e9fet de la Zone de d\u00e9fense et de s\u00e9curit\u00e9 de Paris,\nVu l'arr\u00eat\u00e9 du 15 juin 2024 relatif \u00e0 la fili\u00e8re p\u00e9dagogique de s\u00e9curit\u00e9 civile ;\nVu l'annexe  260009  du  19  f\u00e9vrier  2026  \u00e0  l'arr\u00eat\u00e9  n\u00b02024-01546  du  22  octobre  2024  portant  \ncomposition des jurys  pour les examens de certification \u00e0 la P\u00e9dagogie Appliqu\u00e9e \u00e0 l'Emploi de  \nFormateur aux Premiers Secours en \u00c9quipe (PAE-FPSE) et \u00e0 la P\u00e9dagogie Appliqu\u00e9e \u00e0 l'Emploi de  \nFormateur en Premiers Secours Citoyen (PAE-FPSC) \u00e0 Paris et dans les d\u00e9partements des Hauts de  \nSeine, de la Seine-Saint-Denis et du Val de Marne;\nVu le proc\u00e8s-verbal en date du 16 mars 2026 validant la liste des candidats admis \u00e0 l'examen de  \ncertification \u00e0 la p\u00e9dagogie appliqu\u00e9e \u00e0 l'emploi de formateur en premiers secours citoyen,\nArr\u00eate :\nArticle 1er     \nLa certification de comp\u00e9tences \u00e0 la \u00ab  p\u00e9dagogie appliqu\u00e9e \u00e0 l'emploi de formateur en premiers  \nsecours citoyen \u00bb organis\u00e9e par la Croix-Rouge Fran\u00e7aise, \u00e0 PARIS (75), est d\u00e9livr\u00e9e aux personnes  \ndont les noms suivent par ordre alphab\u00e9tique : \nMme ARNOUT Audrey (Bouches-du-Rh\u00f4ne)\nMme BABOIN FOURTAUX Kassandre (Nord)\nMme CRISTOL Marion (Ille-et-Vilaine)\nMme DELAHAYE Ma\u00e9va (Manche)\nMme FADALY Sara (Rh\u00f4ne)\nM. FONTAINE Romain (Manche)\nM. GRECH Jo\u00ebl (Bouches-du-Rh\u00f4ne)\nM. HUMBERT Gratien (Nord)\nMme LE PODER Lou (Ille-et-Vilaine)\nM. LUIGI Liam (H\u00e9rault)\nMme MOUNIER Marine (Paris)\nM. NEMESIEN Esteban (Nord)\nM. OCTOBON Louis (Bas-Rhin)\nMme PETIT Filippine (Marne)\nM. PRUVOST Arthur (Essonne)\nMme VIANDIER Enola (Finist\u00e8re)\nArticle 2     \nLe pr\u00e9sent arr\u00eat\u00e9 sera publi\u00e9 au recueil des actes administratifs de la pr\u00e9fecture de la r\u00e9gion d'\u00cele-\nde-France, pr\u00e9fecture de Paris et de la pr\u00e9fecture de police.\nParis, le 24/03/2026\nPour la pr\u00e9f\u00e8te, Secr\u00e9taire g\u00e9n\u00e9rale\nde la Zone de d\u00e9fense et de s\u00e9curit\u00e9,\nLe Chef du D\u00e9partement S\u00e9curit\u00e9 D\u00e9fense\nSign\u00e9 : Colonel S\u00e9bastien ALVAREZ\nPr\u00e9fecture de Police - 75-2026-03-24-00008 - Arr\u00eat\u00e9 2026-00329 du 24 mars 2026 portant d\u00e9livrance du certificat de comp\u00e9tences de\nformateur en premiers secours citoyen 22\nPr\u00e9fecture de Police\n75-2026-03-24-00009\nArr\u00eat\u00e9 2026-00330  du 24 mars 2026 Portant\nd\u00e9livrance du certificat de comp\u00e9tences de\nformateur aux premiers secours en \u00e9quipe\nPr\u00e9fecture de Police - 75-2026-03-24-00009 - Arr\u00eat\u00e9 2026-00330  du 24 mars 2026 Portant d\u00e9livrance du certificat de comp\u00e9tences de\nformateur aux premiers secours en \u00e9quipe 23\nPREFECTUREDE POLICELibert\u00e9Egalit\u00e9Fraternit\u00e9\n0UGi\nSecr\u00e9tariat g\u00e9n\u00e9ral\nde la Zone de d\u00e9fense de s\u00e9curit\u00e9 de Paris\nArr\u00eat\u00e9 N\u00b0 2026-00330\nPortant d\u00e9livrance du certificat de comp\u00e9tences de formateur aux premiers secours en \u00e9quipe.\nLe pr\u00e9fet de Police,\nPr\u00e9fet de la Zone de d\u00e9fense et de s\u00e9curit\u00e9 de Paris,\nVu l'arr\u00eat\u00e9 du 15 juin 2024 relatif \u00e0 la fili\u00e8re p\u00e9dagogique de s\u00e9curit\u00e9 civile ;\nVu l'annexe  260010  du  19  f\u00e9vrier  2026  \u00e0  l'arr\u00eat\u00e9  n\u00b02024-01546  du  22  octobre  2024 portant  \ncomposition des jurys  pour les examens de certification \u00e0 la P\u00e9dagogie Appliqu\u00e9e \u00e0 l'Emploi de  \nFormateur aux Premiers Secours en \u00c9quipe (PAE-FPSE) et \u00e0 la P\u00e9dagogie Appliqu\u00e9e \u00e0 l'Emploi de  \nFormateur en Premiers Secours Citoyen (PAE-FPSC) \u00e0 Paris et dans les d\u00e9partements des Hauts de  \nSeine, de la Seine-Saint-Denis et du Val de Marne;\nVu le proc\u00e8s-verbal en date du  16 mars 2026 validant la liste des candidats admis \u00e0 l'examen de  \ncertification \u00e0 la p\u00e9dagogie appliqu\u00e9e \u00e0 l'emploi de formateur aux premiers secours en \u00e9quipe,\nArr\u00eate :\nArticle 1er     \nLa certification de comp\u00e9tences \u00e0 la \u00ab  p\u00e9dagogie appliqu\u00e9e \u00e0 l'emploi de formateur aux premiers  \nsecours en \u00e9quipe  \u00bb organis\u00e9e par  la Protection Civile Paris-Seine, \u00e0 Paris  (75) , est  d\u00e9livr\u00e9e aux  \npersonnes dont les noms suivent par ordre alphab\u00e9tique : \nMme BURNICHON Corinne (Hauts-de-Seine)\nMme LABIDI Miriam (Paris)\nM. LEGARDIEN Adrien (Hauts-de-Seine)\nM. LUU Florian (Seine-et-Marne)\nM. NAVELLOU Arnaud (Hauts-de-Seine)\nMme OLLE Judith (Haute-Garonne)\nArticle 2     \nLe pr\u00e9sent arr\u00eat\u00e9 sera publi\u00e9 au recueil des actes administratifs de la pr\u00e9fecture de la r\u00e9gion d'\u00cele-\nde-France, pr\u00e9fecture de Paris et de la pr\u00e9fecture de police.\nParis, le 24/03/2026\nPour la pr\u00e9f\u00e8te, Secr\u00e9taire g\u00e9n\u00e9rale\nde la Zone de d\u00e9fense et de s\u00e9curit\u00e9,\nLe Chef du D\u00e9partement S\u00e9curit\u00e9 D\u00e9fense\nSign\u00e9 : Colonel S\u00e9bastien ALVAREZ\nPr\u00e9fecture de Police - 75-2026-03-24-00009 - Arr\u00eat\u00e9 2026-00330  du 24 mars 2026 Portant d\u00e9livrance du certificat de comp\u00e9tences de\nformateur aux premiers secours en \u00e9quipe 24\nPr\u00e9fecture de Police\n75-2026-03-24-00010\nArr\u00eat\u00e9 2026-00331du 24 mars 2026  Portant\nd\u00e9livrance du certificat de comp\u00e9tences de\nformateur en premiers secours citoyen\nPr\u00e9fecture de Police - 75-2026-03-24-00010 - Arr\u00eat\u00e9 2026-00331du 24 mars 2026  Portant d\u00e9livrance du certificat de comp\u00e9tences de\nformateur en premiers secours citoyen 25\nPREFECTUREDE POLICELibert\u00e9Egalit\u00e9Fraternit\u00e9\n0UGi\nSecr\u00e9tariat g\u00e9n\u00e9ral\nde la Zone de d\u00e9fense de s\u00e9curit\u00e9 de Paris\nArr\u00eat\u00e9 N\u00b0 2026-00331\nPortant d\u00e9livrance du certificat de comp\u00e9tences de formateur en premiers secours citoyen.\nLe pr\u00e9fet de Police,\nPr\u00e9fet de la Zone de d\u00e9fense et de s\u00e9curit\u00e9 de Paris,\nVu l'arr\u00eat\u00e9 du 15 juin 2024 relatif \u00e0 la fili\u00e8re p\u00e9dagogique de s\u00e9curit\u00e9 civile ;\nVu l'annexe  260011  du  19  f\u00e9vrier  2026  \u00e0  l'arr\u00eat\u00e9  n\u00b02024-01546  du  22  octobre  2024  portant  \ncomposition des jurys  pour les examens de certification \u00e0 la P\u00e9dagogie Appliqu\u00e9e \u00e0 l'Emploi de  \nFormateur aux Premiers Secours en \u00c9quipe (PAE-FPSE) et \u00e0 la P\u00e9dagogie Appliqu\u00e9e \u00e0 l'Emploi de  \nFormateur en Premiers Secours Citoyen (PAE-FPSC) \u00e0 Paris et dans les d\u00e9partements des Hauts de  \nSeine, de la Seine-Saint-Denis et du Val de Marne;\nVu le proc\u00e8s-verbal en date du 16 mars 2026 validant la liste des candidats admis \u00e0 l'examen de  \ncertification \u00e0 la p\u00e9dagogie appliqu\u00e9e \u00e0 l'emploi de formateur en premiers secours citoyen,\nArr\u00eate :\nArticle 1er     \nLa certification de comp\u00e9tences \u00e0 la \u00ab  p\u00e9dagogie appliqu\u00e9e \u00e0 l'emploi de formateur en premiers  \nsecours  citoyen \u00bb  organis\u00e9e  par  la  Protection  Civile  Paris-Seine,  \u00e0  PARIS  (75),  est  d\u00e9livr\u00e9e  aux  \npersonnes dont les noms suivent par ordre alphab\u00e9tique : \nM. CAILLER Nah\u00e9 (La R\u00e9union)\nM. CHERBUT Maxime (Irlande)\nM. DOUCET Antoine (Paris)\nMme DUFOUR Emma (Seine-Saint-Denis)\nM. FORESTIER Johssua (Vend\u00e9e)\nM. GALLI Charles (Seine-et-Marne)\nMme GUEDJ Elich\u00e9va (Val-d'Oise)\nM. IDRES Nicolas (Seine-Saint-Denis)\nM. LECOEUR Aur\u00e9lien (Paris)\nM. LEFEBVRE Vivian (Paris)\nMme PARMENTIER Emma (Val-de-Marne)\n-\nArticle 2     \nLe pr\u00e9sent arr\u00eat\u00e9 sera publi\u00e9 au recueil des actes administratifs de la pr\u00e9fecture de la r\u00e9gion d'\u00cele-\nde-France, pr\u00e9fecture de Paris et de la pr\u00e9fecture de police.\nParis, le 24/03/2026\nPour la pr\u00e9f\u00e8te, Secr\u00e9taire g\u00e9n\u00e9rale\nde la Zone de d\u00e9fense et de s\u00e9curit\u00e9,\nLe Chef du D\u00e9partement S\u00e9curit\u00e9 D\u00e9fense\nSign\u00e9 : Colonel S\u00e9bastien ALVAREZ\nPr\u00e9fecture de Police - 75-2026-03-24-00010 - Arr\u00eat\u00e9 2026-00331du 24 mars 2026  Portant d\u00e9livrance du certificat de comp\u00e9tences de\nformateur en premiers secours citoyen 26\nPr\u00e9fecture de Police\n75-2026-03-24-00011\nArr\u00eat\u00e9 2026-00332 du 24 mars 2026 Portant\nd\u00e9livrance du certificat de comp\u00e9tences de\nformateur en premiers secours citoyen\nPr\u00e9fecture de Police - 75-2026-03-24-00011 - Arr\u00eat\u00e9 2026-00332 du 24 mars 2026 Portant d\u00e9livrance du certificat de comp\u00e9tences de\nformateur en premiers secours citoyen 27\nPREFECTUREDE POLICELibert\u00e9Egalit\u00e9Fraternit\u00e9\n0UGi\nSecr\u00e9tariat g\u00e9n\u00e9ral\nde la Zone de d\u00e9fense de s\u00e9curit\u00e9 de Paris\nArr\u00eat\u00e9 N\u00b0 2026-00332\nPortant d\u00e9livrance du certificat de comp\u00e9tences de formateur en premiers secours citoyen.\nLe pr\u00e9fet de Police,\nPr\u00e9fet de la Zone de d\u00e9fense et de s\u00e9curit\u00e9 de Paris,\nVu l'arr\u00eat\u00e9 du 15 juin 2024 relatif \u00e0 la fili\u00e8re p\u00e9dagogique de s\u00e9curit\u00e9 civile ;\nVu l'annexe  260012  du  19  f\u00e9vrier  2026  \u00e0  l'arr\u00eat\u00e9  n\u00b02024-01546  du  22  octobre  2024  portant  \ncomposition des jurys  pour les examens de certification \u00e0 la P\u00e9dagogie Appliqu\u00e9e \u00e0 l'Emploi de  \nFormateur aux Premiers Secours en \u00c9quipe (PAE-FPSE) et \u00e0 la P\u00e9dagogie Appliqu\u00e9e \u00e0 l'Emploi de  \nFormateur en Premiers Secours Citoyen (PAE-FPSC) \u00e0 Paris et dans les d\u00e9partements des Hauts de  \nSeine, de la Seine-Saint-Denis et du Val de Marne;\nVu le proc\u00e8s-verbal en date du 16 mars 2026 validant la liste des candidats admis \u00e0 l'examen de  \ncertification \u00e0 la p\u00e9dagogie appliqu\u00e9e \u00e0 l'emploi de formateur en premiers secours citoyen,\nArr\u00eate :\nArticle 1er     \nLa certification de comp\u00e9tences \u00e0 la \u00ab  p\u00e9dagogie appliqu\u00e9e \u00e0 l'emploi de formateur en premiers  \nsecours  citoyen \u00bb  organis\u00e9e  par  le  Comit\u00e9  d\u00e9partemental  du  Val-de-Marne  de  la  F\u00e9d\u00e9ration  \nfran\u00e7aise de sauvetage et de secourisme, \u00e0 PARIS (75), est d\u00e9livr\u00e9e aux personnes dont les noms  \nsuivent par ordre alphab\u00e9tique : \nM. ASSOPDJI ATEU Nelson (Val-de-Marne)\nMme BURONFOSSE Eva (Val-de-Marne)\nM. DENIS Simon (Paris)\nMme GALOISY Alexandra (Val-de-Marne)\nM. GHERDIS Ma\u00e9 (Hauts-de-Seine)\nMme GICQUEL Marina (Seine-Saint-Denis)\nM. OHROND Eymeric (Val-de-Marne)\n-\nArticle 2     \nLe pr\u00e9sent arr\u00eat\u00e9 sera publi\u00e9 au recueil des actes administratifs de la pr\u00e9fecture de la r\u00e9gion d'\u00cele-\nde-France, pr\u00e9fecture de Paris et de la pr\u00e9fecture de police.\nParis, le 24/03/2026\nPour la pr\u00e9f\u00e8te, Secr\u00e9taire g\u00e9n\u00e9rale\nde la Zone de d\u00e9fense et de s\u00e9curit\u00e9,\nLe Chef du D\u00e9partement S\u00e9curit\u00e9 D\u00e9fense\nSign\u00e9 : Colonel S\u00e9bastien ALVAREZ\nPr\u00e9fecture de Police - 75-2026-03-24-00011 - Arr\u00eat\u00e9 2026-00332 du 24 mars 2026 Portant d\u00e9livrance du certificat de comp\u00e9tences de\nformateur en premiers secours citoyen 28","date":"2026-03-24","first_seen_on":"2026-03-24T17:39:42+00:00","id":"edb0d6238e4ebe0b3c4b1b53acf097faad328e61b8f34f524f8090a3f1d4ca4b","name":"recueil-75-2026-180-RAA-nominatifs du  24.03.2026","pdf_creation_date":"2026-03-24T15:46:13+00:00","pdf_modification_date":null,"timezone":"Europe/Paris","url":"https://www.prefectures-regions.gouv.fr/ile-de-france/irecontenu/telechargement/136525/998175/file/recueil-75-2026-180-RAA-nominatifs%20du%20%2024.03.2026.pdf"}
