{"administration":"pref83","administration_name":"Pr\u00e9fecture du Var","content":"RECUEIL\nDES ACTES\nADMINISTRATIFS\nDE LA\nPR\u00c9FECTURE\nDU VAR\nNum\u00e9ro 18\nPubli\u00e9 le 26 janvier 2024\nBOULEVARD DU 112EME REGIMENT D'INFANTERIE \u2013 83070 TOULON CEDEX \u2013 TEL 04.94.18.83.83 TELECOPIE 04.94.18.82.83\nRECUEIL DES ACTES ADMINISTRATIFS\nDE LA PR\u00c9FECTURE DU VAR \nSOMMAIRE N\u00b018 publi\u00e9 le   26 janvier 2024  \nDIRECTION DES S\u00c9CURIT\u00c9S\n- Arr\u00eat\u00e9 pr\u00e9fectoral N\u00b02024_01_DS_SIDPC-05 d\u00e9signant le jury d\u00e9partemental pour\nl'examen des dossiers des candidats de l'Aqua'Sauvetage Varois (CDF FNMNS-ASV83)\ndu certificat de comp\u00e9tences de formateur en premiers secours.\n- Arr\u00eat\u00e9 pr\u00e9fectoral N\u00b02024_01_DS_SIDPC-06 d\u00e9signant le jury d\u00e9partemental pour\nl'examen des dossiers des candidats de l'\u00c9ducation Nationale-Acad\u00e9mie de Nice,\npour  l'attribution  du  certificat  de  comp\u00e9tences  de  formateur  en  pr\u00e9vention  et\nsecours civiques.\n- Arr\u00eat\u00e9 pr\u00e9fectoral N\u00b02024_01_DS_SIDPC-07 relatif \u00e0 l'agr\u00e9ment de s\u00e9curit\u00e9 civile de\ntype D \u00ab DPS \u2013 PE \u00e0 GE \u00bb pour l'association \u00ab  Le Geste Qui Sauve  \u00bb \nDIRECTION D\u00c9PARTEMENTALE DE L'EMPLOI, DU TRAVAIL ET DES\nSOLIDARIT\u00c9S\n- Arr\u00eat\u00e9 01-2024 Modifiant les arr\u00eat\u00e9s pr\u00e9fectoraux N\u00b002-2022 et 08-2022 dat\u00e9s du 01\nmars 2022 portant agr\u00e9ment pour exercer l'activit\u00e9 de domiciliation des personnes\nsans domicile stable d\u00e9livr\u00e9 \u00e0 l'Association En Chemin \nBOULEVARD DU 112EME REGIMENT D'INFANTERIE \u2013 83070 TOULON CEDEX \u2013 TEL 04.94.18.83.83 TELECOPIE 04.94.18.82.83\nPREFET  Cabinet  du pr\u00e9fet\nDU VAR  Direction  des s\u00e9curit\u00e9s\n\u00cbibem'  : Service  interminist\u00e9riel  de d\u00e9fense  et protection  civiles\n\"galit\u00e9  ;\nFraternit\u00e9  -\nARRETE  PR\u00c9FECTORAL  n\u00b0 2024  _01_DS_SIDPC-05\n\" d\u00e9signant  le jury  d\u00e9partemental  pour  I'examen  des  dossiers  des  candidats\nde l'Aqua'Sauvetage  Varois  (CDF  FNMNS-ASV83)\n.du certificat  de comp\u00e9tences  de formateur  en premiers  secours.\nLe Pr\u00e9fet  du Var,\nVu le Code  de la s\u00e9curit\u00e9  int\u00e9rieure  ;\nVu la loi n\u00b0 2004-811  du 13 ao\u00fbt  2004  modifi\u00e9e,  de modernisation  de la s\u00e9curit\u00e9  civile  ;\nVu le d\u00e9cret  n\u00b0 92-514  du 12 juin  1992  modifi\u00e9  relatif  \u00e0 la formation  de moniteur  des\npremiers  secours  et modifiant  le d\u00e9cret  no 91-834  du 30 ao\u00fbt  1991  relatlf  a\nla formation  aux  premiers  secours  ;\nVu le d\u00e9cret  n\u00b0 97-48  du 20 janvier  1997  portant  diverses  mesures  relatives  au\n'secourisme,  notamment  l'article  8 ;\nVu l'arr\u00eat\u00e9  du 08 juillet  1992  modifi\u00e9  relatif  aux  conditions  d'habilitation  ou\nd'agr\u00e9ment  pour  les formations  aux  premiers  secours  (FPS)  ;\nVu l'arr\u00e9t\u00e9  du 21 d\u00e9cembre  2020  modifi\u00e9  portant  organisation  de la formation\ncontinue  des  premiers  secours  ;\nVu l'arr\u00e9t\u00e9  du 27 octobre  2023  portant  prorogation  des  attestations  de formation\ncontinue  dans  le domaine  des  premiers  secours  pour  les ann\u00e9es  2023  et 2024\nVu l'arr\u00eat\u00e9  du 8 ao\u00fbt  2012  modifi\u00e9  fixant  le r\u00e9f\u00e9rentiel  national  de s\u00e9curit\u00e9  civile  relatif\n\u00e0 l'unit\u00e9  d'enseignement  \u00ab p\u00e9dagogie  initiale  et commune  de formateur\u00bb  (PICF)  ;\nVu l'arr\u00eat\u00e9  du 3 septembre  2012  modifi\u00e9  fixant  le r\u00e9f\u00e9rentiel  national  de comp\u00e9tences\nde s\u00e9curit\u00e9  civile  relatif  \u00e0 'unit\u00e9  d'enseignement  \u00abp\u00e9dagogie  appliqu\u00e9e  \u00e0 I'emploi\nde formateur  en premiers  secours\u00bb  (PAE  FPS)  ;\nVu la demande  d'ouverture  de formation  de p\u00e9dagogie  appliqu\u00e9e  \u00e0 l'emploi  de\nformateur  en premiers  secours  re\u00e7ue  le 04 octobre  2023.\nSur  proposition  de la sous-pr\u00e9f\u00e8te,  directrice  de cabinet  du pr\u00e9fet  du Var,\nArr\u00eat\u00e9  pr\u00e9fectoral  n\u00b02024_01_DS_SIDPC_05\n\nARRETE\nArticle  1\u00b0: Le jury  d\u00e9partemental  pour  l'examen  des dossiers  de candidature  pour\nl'attribution  du certificat  de comp\u00e9tences  de formateur  en premiers  secours,  se\nr\u00e9unira  le mercredi  21 f\u00e9vrier  2024  \u00e0 13h30  pour  l'examen  des dossiers  pr\u00e9sent\u00e9s  par I\nCDF  FNMNS-ASV83.  '\nArticle  2 : La pr\u00e9sidence  du jury  sera  assur\u00e9e  par Monsieur  Mounir  BELLAHSEN\nformateur  de formateur,  les quatre  autres  membres  du jury  sont  les suivants  :\ns (M\u00e9decin)  ; Pr\u00e9sence  non  requise  (consigne  DGSCGC)\ne Madamen  Val\u00e9rie  GACHON,  (FdF);\ne Monsieur  Damien  SPIESS,  (FOF);\n\u00ab Madame  Flavia  BURIDANT,  (FdF);\nArticle  3: Hormis  le pr\u00e9sident,  un des membres  titulaires  peut  \u00eatre  remplac\u00e9  en cas\nd'emp\u00eachement  par  :\ne Monsieur  Micha\u00ebl  NIRLO,  (FdF);\nArticle  4: Le jury  ne peut  valablement  d\u00e9lib\u00e9rer  que  s'il est au complet  et sur\npr\u00e9sentation  des dossiers  complets  d'\u00e9valuation  de la formation  des candidats\npermettant  au jury  de statuer.  Les d\u00e9lib\u00e9rations  sont  secr\u00e8tes.\nArticle  5 : La sous-pr\u00e9f\u00e8te,  directrice  de cabinet  est charg\u00e9e  de l'ex\u00e9cution  du pr\u00e9sent\narr\u00eat\u00e9..  .\nFait \u00e0 Toulon,  le . 25 JAN 2024\nPour  e Pr\u00e9fgi/et  par  d\u00e9l\u00e9gation,\nla Directrice  de Cabinet\nHouda  VERNHET\nArr\u00eat\u00e9  pr\u00e9fectoral  n\u00b02024_01_DS_SIDPC_05  - 2/2\n\nPREFET  ' Cabinet  du pr\u00e9fet\nDU VAR  Direction  des s\u00e9curit\u00e9s\n\u00c9ib\u00e7m  Service  interminist\u00e9riel  de d\u00e9fense  et protection  civiles\ngalit\u00e9  ;\nFraternit\u00e9\nARR\u00caT\u00c9  PR\u00c9FECTORAL  n\u00b0 2024_01_DS_SIDPC-06\nd\u00e9signant  le jury  d\u00e9partemental  pour  l'examen  des  dossiers  des candidats\n' de l''Education  Nationale-  Acad\u00e9mie  de Nice,  pour  l'attribution\ndu certificat  de comp\u00e9tences  de formateur  en pr\u00e9vention  et secours  civiques.\nLe Pr\u00e9fet  du Var,\nVu le code  de la s\u00e9curit\u00e9  int\u00e9rieure  ;\nVu la loi n\u00b0 2004-811  du 13 ao\u00fbt  2004  modifi\u00e9e,  de modernisation  de la s\u00e9curit\u00e9  civile  ;\nVu le d\u00e9cret  n\u00b0 92-514  du 12 juin 1992  modifi\u00e9  relatif  \u00e0 la formation  de moniteur  des\npremiers  secours  et modifiant  le d\u00e9cret  no 91-834  du 30 ao\u00fbt  1991  relatif  \u00e0\nla formation  aux  premiers  secours  ;\nVu le d\u00e9cret  n\u00b0 97-48  du 20 janvier  1997  portant  diverses  mesures  relatives  au\nsecourisme,  notamment  l'article  8 ;\nVu l'arr\u00eat\u00e9  du 08 juillet  1992  modifi\u00e9  relatif  aux  conditions  d'habilitation  ou\nd'agr\u00e9ment  pour  les formations  aux  premiers  secours  (FPS)  ;\nVu l'arr\u00eat\u00e9  du 21 d\u00e9cembre  2020  modifi\u00e9  portant  organisation  de la formation\ncontinue  des  premiers  secours  ;\nVu larr\u00e9t\u00e9  du 27 octobre  2023  portant  prorogation  des attestations  de formation\ncontinue  dans  le domaine  des  premiers  secours  pour  les ann\u00e9es  2023  et 2024\nVu l'arr\u00eat\u00e9  du 8 ao\u00fbt  2012  modifi\u00e9  fixant  le r\u00e9f\u00e9rentiel  national  de s\u00e9curit\u00e9  civile\nrelatif  \u00e0 l'unit\u00e9  d'enseignement  \u00ab p\u00e9dagogie  initiale  et commune  de formateur  \u00bb\n(PICF);\nVu l'arr\u00eat\u00e9  du 4 septembre  2012  modifi\u00e9  fixant  le r\u00e9f\u00e9rentiel  national  de comp\u00e9tences\nde s\u00e9curit\u00e9  civile  relatif  \u00e0 l'unit\u00e9  d'enseignement  \u00abp\u00e9dagogie  appliqu\u00e9e  \u00e0 l''emploi\nde formateur  en pr\u00e9vention  et secours  civiques  \u00bb (PAE  FPSC)  ;\nVu la demande  d'ouverture  de formation  de p\u00e9dagogie  appliqu\u00e9e  \u00e0 l'emploi  de\nformateur  en pr\u00e9vention  et secours  civiques  re\u00e7ue  le 22 d\u00e9cembre  2023.\nSur proposition  de Madame  la sous-pr\u00e9f\u00e8te,  directrice  de cabinet  du pr\u00e9fet  du Var,\nArr\u00eat\u00e9  pr\u00e9fectoral  n\u00b02024_01_DS_SIDPC_06  42\n\nARRETE\nArticle  1* : Le jury  d\u00e9partemental  pour  I'examen  des  dossiers  de candidature  pour\nl'attribution  du certificat  de comp\u00e9tences  de formateur  en pr\u00e9vention  et secours\nciviques,  se r\u00e9unira  le mercredi  21 f\u00e9vrier  2024  \u00e0 15h00  pour  l'examen  des dossiers\npr\u00e9sent\u00e9s  par l'Education  Nationale-  Acad\u00e9mie  de Nice\nArticle  2 : La pr\u00e9sidence  du jury  sera  assur\u00e9e  par Monsieur  Damien  SPIESS\nformateur  de formateur,  les quatre  autres  membres  du jury  sont  les suivants  :\n\u00ab - (M\u00e9decin)  ; Pr\u00e9sence  non  requise  (consigne  DGSCGC)\n. qusieur  Micha\u00ebl  NIRLO,  (FdF);\n\u00a2 Madame  Val\u00e9rie  GACHON,  (FdF);\ne -Madame  Flavia  BURIDANT,  (FdF);\nArticle  3 : Hormis  le pr\u00e9sident,  un des  membres  titulaires  peut  \u00eatre  remplac\u00e9  en cas\nd'emp\u00eachement  par  :\ne Monsieur  Mounir  BELLAHSEN,  (FdF);\nArticle  4: Le jury  ne peut  valablement  d\u00e9lib\u00e9rer  que  s'il est au complet  et sur\npr\u00e9sentation  des  dossiers  complets  d'\u00e9valuation  de la formation  des  candidats\npermettant  au jury  de statuer.  Les d\u00e9lib\u00e9rations  sont  secr\u00e8tes.\nArticle  5 : Madame  la sous-pr\u00e9f\u00e8te,  directrice  de cabinet  est charg\u00e9e  de l'ex\u00e9cution  du\npr\u00e9sent  arr\u00eat\u00e9.\nFait \u00e0 Toulon,  le 25 JAN.  2024\nHouda  VERNHET\nArr\u00eat\u00e9  pr\u00e9fectoral  n\u00b02024_01_DS_SIDPC_06  ; 2j2\n\ne 5 ' '\nPR\u00c9FET  Cabinet  du pr\u00e9fet\nDU VAR  Direction  des s\u00e9curit\u00e9s\n\u00cbibm\u00e9  : Service  interminist\u00e9riel  de d\u00e9fense  et protection  civile\n'galit\u00e9\nFraternit\u00e9\nARR\u00caT\u00c9  PR\u00c9FECTORAL  n\u00b0 2024_01_DS_SIDPC_07\nrelatif  \u00e0 l'agr\u00e9ment  de s\u00e9curit\u00e9  civile  de type  D\u00ab DPS-PE  \u00e0 GE\u00bb\npour  l'association.\u00ab  Le Geste  Qui Sauve  \u00bb\nLe Pr\u00e9fet  du Var,\nVu le code  de la s\u00e9curit\u00e9  int\u00e9rieure,  notamment  ses articles  L.725-1,  L.725-3  et R.725-1  \u00e0 R.725-\n13;\nVu le d\u00e9cret  n\u00b02017-908  du 06 mai 2017  portant  notamment  diverses  dispositions  relatives  au\nr\u00e9gime  juridique  des associations,  articles  15 \u00e0 21 ;\nVu l'arr\u00e9t\u00e9  du 27 f\u00e9vrier  2017  relatif  \u00e0 'agr\u00e9ment  des associations  de s\u00e9curit\u00e9  civile  pour  les\ndispositifs  pr\u00e9visionnels  de secours,  d\u00e9nomm\u00e9  agr\u00e9ment  \u00ab D \u00bb ;\nVu larr\u00e9t\u00e9  du 7 novembre  2006  fixant  le r\u00e9f\u00e9rentiel  national  relatif  aux dispositifs\npr\u00e9visionnels  de secours  ;\nVu la demande  d'agr\u00e9ment  pr\u00e9sent\u00e9e  par Monsieur  BOTHIER  Bruno,  le 09 janvier  2024,\nsecr\u00e9taire  adjoint  de l'association  \u00ab Le Geste  Qui Sauve  \u00bb;\nVu les pi\u00e8ces  r\u00e9glementaires  vers\u00e9es  au dossier  ;\nSur proposition  du sous-pr\u00e9fet,  directeur  de cabinet  du Var  ;\n1/2\n\nARR\u00caTE:\nArticle  ler: \u00ab Le Geste  Qui Sauve  \u00bb est agr\u00e9\u00e9  au niveau  d\u00e9partemental  pour  une dur\u00e9e  de 3\nans \u00e0 compter  du 1\" f\u00e9vrier  2024,  pour  la mission  d\u00e9finie  ci-dessous  :\nD : dispositifs  pr\u00e9visionnels  de secours  de petite  \u00e0 grande  envergure  (DPS-PE  \u00e0 GE).\nCet agr\u00e9ment  d\u00e9partemental  autorise  la tenue  de DPS par l'association  uniquement  dans  le\nd\u00e9partement  du Var.\nArticle  2: L'agr\u00e9ment  accord\u00e9  par le pr\u00e9sent  arr\u00e9t\u00e9  peut  \u00eatre  retir\u00e9  ou abrog\u00e9  notamment  en\ncas de non-respect  d'une  des conditions  fix\u00e9es  par les articles  R.725-1  \u00e0 R.725-11  du code  de la\ns\u00e9curit\u00e9  int\u00e9rieure  susvis\u00e9e,  et dans  les formes  pr\u00e9vues  par le code  des relations  entre  le\npublic  et I'administration.  :\nArticle  3: \u00ab Le Geste  Qui Sauve  \u00bb s'engage  \u00e0 signaler  sans  d\u00e9lai,  au Pr\u00e9fet,  toute  modification\nsubstantielle  des \u00e9l\u00e9ments  au vu desquels  l'agr\u00e9ment  a \u00e9t\u00e9 accord\u00e9.\nArticle  4: La sous-pr\u00e9f\u00e8te,  directrice  de cabinet  du Var est charg\u00e9e  de I'ex\u00e9cution  du pr\u00e9sent\narr\u00eat\u00e9,  qui sera publi\u00e9  au recueil  des actes  administratifs  et notifi\u00e9  \u00e0 l'association  \u00ab Le Geste\nQui Sauve  \u00bb. ;\n25 JAN. 2024Fait \u00e0 Toulon,  le\nLe pr\u00e9fet,\n\u00c0\nPour  le Pr\u00e9fet/et  par  d\u00e9l\u00e9gation,\nla Directrice  de Cabinet\nHouda  VERNHET\nf Dans  un d\u00e9lai de deux  mois \u00e0 compter  de la date de la notification  ou de la publication  du pr\u00e9sent  arr\u00eat\u00e9  au recueil  des actes  administratifs  de la\nlpr\u00e9fecture,  les recours  suivants  peuvent  \u00eatre introduits  conform\u00e9ment  aux dispositions  des articles  R. 421-1 et suivants  du code  de justice\nladministrative  :\n- un recours  gracieux,  adress\u00e9  \u00e0 :\nM. le Pr\u00e9fet  du Var \u2014 Boulevard  du 112%TM  r\u00e9giment  d'infanterie  \u2014 CS 31 209 - 83 070 TOULON  CEDEX\nL un recours  hi\u00e9rarchique,  adress\u00e9  au(x)  ministre(s)  concern\u00e9(s)  ;\nDans  ces deux  cas, le silence  de l'Administration  vaut  rejet  implicite  au terme  d'un d\u00e9lai  de deux  mois.\nlApr\u00e8s  un recours  gracieux  ou hi\u00e9rarchique,  le d\u00e9lai  du recours  contentieux  ne court  qu'\u00e0 compter  du rejet explicite  ou implicite  de l'un de ces\n'ecours.\nL un recours  contentieux,  en saisissant  le Tribunal  Administratif  de Toulon  : 5 rue Racine  -BP 40 510 - 83 041 TOULON  CEDEX  9. Le tribunal\nladministratif  peut  \u00e9galement  \u00eatre saisi par l'application  informatique  \"T\u00e9l\u00e9recours  citoyens\",  accessible  par le site internet  www.  felerecours  fr,\n2j2\n\nPREFET  A\nDirection  D\u00e9partementaleDU VAR  , ; ; su eLibertd  de l'Emploi,  du Travail  et des  Solidarit\u00e9s\n\u00c9galit\u00e9  Service  Acc\u00e8s  au logement\nFraternit\u00e9\nARR\u00caTE  01-2024  MODIFIANT  LES ARR\u00caT\u00c9S  PREFEGTORAUX  N\u00b0 02-2022  ET 08-2022  DATES\nDU  01 MARS  2022\nPORTANT  AGR\u00c9MENT  POUR  EXERCER  L'ACTIVIT\u00c9  DE DOMICILIATION  DES  PERSONNES\nSANS  DOMICILE  STABLE  D\u00c9LIVR\u00c9  A LASSOCIATION  EN CHEMIN\nLe Pr\u00e9fet  du Var,\nVU le Code  de l'Action  Sociale  et des  Familles,  notamment  ses articles  L.252-1,  L.252-2  et\nL264-1  et suivants\nVU  la loi n\u00b0 2014-366  du 24 mars  2014  pour  l'acc\u00e8s  au logement  et un urbanisme  r\u00e9nov\u00e9\nVU le d\u00e9cret  n\u00b0 54-883  du 2 septembre  1954  modifi\u00e9  pris  pour  I'application  de I'ensemble\ndes  dispositions  du d\u00e9cret  du 29 novembre  1953  relatif  \u00e0 la r\u00e9forme  des  lois\nd'assistance\nVU le d\u00e9cret  n\u00b0 2016-632  du 19 mai  2016  relatif  au lien  avec  la commune  pour  la\ndomiciliation\nVU _ le d\u00e9cret  n\u00b0 2016-633  du 19 mai  2016  relatif  aux  demandes  d'\u00e9lection  de domicile  pour\nl'aide  m\u00e9dicale  de l'Etat  (AME)\nVU le d\u00e9cret  n\u00b0 2016-641  du 19 mai  2016  relatif  \u00e0 la domiciliation  des  personnes  sans\ndomicile  stable\nVU _ l''arr\u00eat\u00e9  du 20 d\u00e9cembre  2019  fixant  les mod\u00e8les  de formulaires  de demande  d'\u00e9lection\nde domicile  des  personnes  sans  domicile  stable  (CERFA  16029*01  et 16030*01)\nVU l'instruction  n\u00b0 DGCS/SD1B/2016/188  du 10 juin  2016  relative  \u00e0 la domiciliation  des\npersonnes  sans  domicile  stable\nVU _ le cahier  des  charges  relatif  \u00e0 l'activit\u00e9  de domiciliation  des  personnes  sans  domicile\nstable,  publi\u00e9  au recueil  des  actes  administratifs  n\u00b0 74 du 24 novembre  2016\nVU _ l'avis  favorable  \u00e9mis  le 9 novembre  2016  par  le Conseil  D\u00e9partemental  du Var  sur le\ncahier  des  charges  susvis\u00e9\n1/4\n\nVU la note  d'information  n\u00b0 DGCS/SD1B/2018/56  du 5 mars  2018  relative  \u00e0 l'instruction  du\n10 juin  2016  relative  \u00e0 la domiciliation  des  personnes  sans  domicile  stable\nVU _ la fusion  par  absorption  de l'association  \u00ab Paola  Solidarit\u00e9s  \u00bb intervenue  le 13 juin  2023\n(trait\u00e9  de fusion  en date  du 11 avril  2013)  ;\nVU l''arr\u00eat\u00e9  n\u00b0 08-2022  portant  agr\u00e9ment  de domiciliation  pour  l'association  \u00ab Paola\nSolidarit\u00e9s  \u00bb d\u00e9sormais  absorb\u00e9e  au sein  de l'association  \u00ab En Chemin  \u00bb ;\nVU l'arr\u00eat\u00e9  n\u00b0 02-2022  portant  agr\u00e9memt  de domiciliation  pour  l'association  \u00ab En\nChemin  \u00bb ;\nVU _ lademande  d\u00e9pos\u00e9e  par  l'Association  EN CHEMIN,  pour  obtenir  une  modification  de\nI'agr\u00e9ment  aux  fins  d'exercer  l'activit\u00e9  de domiciliation  sur un territoire  \u00e9largi  et\ntoucher  un public  plus  nombreux  ;\nCONSID\u00c9RANT  que  la demande  constitue  une  r\u00e9ponse  adapt\u00e9e  aux n\u00e9cessit\u00e9s  des\npersonnes  sans  domicile  stable,  dans  le cadre  des  moyens  mis  en \u0153uvre  par\nl'association,  pour  r\u00e9pondre  \u00e0 une  demande  territoriale  ;\nCONSIDERANT  la fusion  par  absorption  de l'ancienne  association  Paola  Solidarit\u00e9s  par\nl'association  En Chemin,  et la n\u00e9cessit\u00e9  de modifier  les agr\u00e9ments  respectifs  en un\nagr\u00e9ment  unique  ;\nCONSIDERANT  le d\u00e9veloppement  de nouvelles  actions  par  En Chemin  qui  n\u00e9cessite\nun \u00e9largissement  du territoire  et des  publics  concern\u00e9s  ;\nARR\u00caTE\nARTICLE  1 :\nL'Association  EN CHEMIN,  domicili\u00e9e  10 boulevard  Fr\u00e9d\u00e9ric  Mistral  83400  HYERES  est agr\u00e9\u00e9e\npour  exercer  l'activit\u00e9  de domiciliation  aupr\u00e8s  des  personnes  sans  domicile  stable,  suivies  par\nla structure.\nLes publics  concern\u00e9s  regroupent  ceux  d\u00e9sign\u00e9s  au sein  des  deux  agr\u00e9ments  du 1\u00b0\" mars  2022\npr\u00e9-cit\u00e9s  :\n- Les  personnes  sans  domicile  stable  relevant  du territoire  Est\u00e9rel  C\u00f4te  d'Azur\nAgglom\u00e9ration,  dans  une  limite  de 500  domiciliations  par  an ( arr\u00eat\u00e9  n\u00b0 08-2022)  ;\n- Les personnes  sans  domicile  stable  et sans  enfant  \u00e0 charge  relevant  de la commune  de\nHy\u00e8res  et b\u00e9n\u00e9ficiaires  ou potentiellement  b\u00e9n\u00e9ficiaires  du RSA  (domicili\u00e9s  au 21 rue\nde la R\u00e9publique  \u00e0 Hy\u00e8res)  ;\n- Les  personnes  sans  domicile  stable  en provenance  d'autres  communes  limitrophes\nb\u00e9n\u00e9ficiaires  potentiellement  b\u00e9n\u00e9ficiaires  du RSA  ;\n- _ Les personnes  ext\u00e9rieures  au d\u00e9partement  arrivant  sur la commune  et b\u00e9n\u00e9ficiaires  ou\npotentiellement  b\u00e9n\u00e9ficiaires  du RSA\n\n- Les femmes  victimes  de violences  ayant  besoin  d'une  domiciliation  administrative,\navec  ou sans  enfant  a charge,  notamment  quand  elles  sont  h\u00e9berg\u00e9es  en urgence  afin\nde les mettre  \u00e0 I'abri  des  violences  conjugales.  Elles  sont  majoritairement  originaires  de\ntout  le Var  mais  peuvent  \u00e9tre  \u00e9galement  orient\u00e9es  de tous  les horizons.  En effet,  la\nplupart  des  orientations  \u00e9manent  du SIAO-115  et cette  mise  en s\u00e9curit\u00e9  peut  \u00e9tre\nassoci\u00e9  \u00e0 un rapprochement  g\u00e9ographique  (familial,  amical,  projet....).\n( arr\u00eat\u00e9  n\u00b0 02-2022)\nPar  cet  arr\u00eat\u00e9,  viennent  s''ajouter  les publics  suivants  : -\n- Les femmes  sortant  de maternit\u00e9,  h\u00e9berg\u00e9es  dans  le cadre  du dispositif  \u00ab HU\nMaternit\u00e9  \u00bb (domicili\u00e9es  \u00e0 I'adresse  de domiciliation  suivante  : les Asphod\u00e8les  - 46,\nimpasse  Auguste  Picard  - b\u00e2t  A \u00e0 La Garde  ) ;\n- les personnes  plac\u00e9es  sous  main  de justice  ( dans  le cadre  d'une  action  en partenariat\navec  l'administration  p\u00e9nitentiaire  se d\u00e9roulant  \u00e0 Draguignan),  domicili\u00e9es  au 2, place\nPasteur  \u00e0 Draguignan  ;\n- Les auteurs  de violences  conjugales  h\u00e9berg\u00e9s  dans  le cadre  du CPCA,  domicili\u00e9s  \u00e0\nI'adresse  suivante  : les Asphod\u00e8les  \u2014 46, impasse  Auguste  Picard  - b\u00e2t  A \u00e0 La Garde  ;\nL'agr\u00e9ment  est d\u00e9livr\u00e9  pour  une  dur\u00e9e  de cinq  ans  \u00e0 compter  du 1\u00b0 mars  2022  (date  de\nl'arr\u00eat\u00e9  initial).\nARTICLE  2 :\nDans  le cadre  de cet  agr\u00e9ment,  l'association  s'engage  \u00e0 respecter  le cahier  des  charges  qui\nd\u00e9finit  les droits  et obligations  li\u00e9s \u00e0 l'activit\u00e9  domiciliation  des  personnes  sans  domicile\nstable.\nARTICLE  3 :\nLes  personnes  suivies  par  l'association  pourront  disposer  d'une  adresse  administrative  pour\nfaire  valoir  leurs  droits  civils,  civiques  et sociaux.\nARTICLE  4 :\nLa demande  de renouvellement  doit  \u00eatre  pr\u00e9sent\u00e9e  par  l''association  susvis\u00e9e,  au plus  tard\ntrois  mois  avant  la date  d'expiration  du pr\u00e9sent  agr\u00e9ment.\nElle  doit  pr\u00e9senter  un bilan  de son  activit\u00e9  pour  la p\u00e9riode  consid\u00e9r\u00e9e.\nS'il est constat\u00e9  un \u00e9cart  inexpliqu\u00e9  entre  l'activit\u00e9  exerc\u00e9e  durant  la p\u00e9riode  de validit\u00e9  de\nI'agr\u00e9ment  et le cahier  des  charges  ainsi  que  les services  propos\u00e9s,  le renouvellement  de\nl'agr\u00e9ment  est refus\u00e9.\n3/4\n\nLes d\u00e9cisions  de refus  de renouvellement  sont  motiv\u00e9es  et susceptibles  de recours\ncontentieux  devant  le tribunal  administratif  de TOULON.\nARTICLE  5:\nTout  recours  contre  cet  arr\u00eat\u00e9  sera  port\u00e9  devant  le tribunal  administratif  de TOULON,  5 rue\nRacine  83000  TOULON,  dans  un d\u00e9lai  de deux  mois  \u00e0 compter  de sa notification  ou de sa\npublication.\nARTICLE  6:\nMonsieur  le Directeur  D\u00e9partemental  de l'Emploi,  du Travail  et des  Solidarit\u00e9s  du Var,  est\ncharg\u00e9  de l'ex\u00e9cution  du pr\u00e9sent  arr\u00eat\u00e9  qui sera  publi\u00e9  au Recueil  des  Actes  Administratifs  de\nla Pr\u00e9fecture  du Var.\nToulon,Le 26  JAN.  2024\nLe Pr\u00e9fet  du Var\nEt par  d\u00e9l\u00e9gation,\nLe Dir\u00e9cteur  D\u00e9partemental\nArnaud  Pouly\n4/4","date":"2024-01-26","first_seen_on":"2024-08-21T11:13:46+00:00","id":"edc68ae4c38333f64e2c93e71004b6e1f3a48c87c56bb09e6075bc6b2f661a89","name":"RAA N\u00b0018 du 26 janvier 2024","pdf_creation_date":null,"pdf_modification_date":"2024-01-26T15:18:37+00:00","timezone":"Europe/Paris","url":"https://www.var.gouv.fr/contenu/telechargement/32753/218452/file/RAA%20N%C2%B0018%20du%2026%20janvier%202024.pdf"}
