{"administration":"prefidf","administration_name":"Pr\u00e9fecture de la r\u00e9gion \u00cele-de-France","content":"PREFECTURE\nREGION ILE DE\nFRANCE\nRECUEIL DES ACTES\nADMINISTRATIFS SP\u00c9CIAL\nN\u00b0IDF-022-2025-04\nPUBLI\u00c9 LE  8 AVRIL 2025\nSommaire\nRectorat de la r\u00e9gion acad\u00e9mique d'Ile-de-France, rectorat de\nl'acad\u00e9mie de Paris /\nIDF-2025-04-04-00021 - Arr\u00eat\u00e9 n\u00b0 2025-030-RRA portant\nsubd\u00e9l\u00e9gation de signature en mati\u00e8re d'ordonnancement secondaire\nsur le programme \"Recherches scientifiques et technologiques\npluridisciplinaires\" n\u00b0 172 (3 pages) Page 3\n2\nRectorat de la r\u00e9gion acad\u00e9mique\nd'Ile-de-France, rectorat de l'acad\u00e9mie de Paris\nIDF-2025-04-04-00021\nArr\u00eat\u00e9 n\u00b0 2025-030-RRA portant subd\u00e9l\u00e9gation\nde signature en mati\u00e8re d'ordonnancement\nsecondaire sur le programme \"Recherches\nscientifiques et technologiques\npluridisciplinaires\" n\u00b0 172\nRectorat de la r\u00e9gion acad\u00e9mique d'Ile-de-France, rectorat de l'acad\u00e9mie de Paris - IDF-2025-04-04-00021 - Arr\u00eat\u00e9 n\u00b0 2025-030-RRA\nportant subd\u00e9l\u00e9gation de signature en mati\u00e8re d'ordonnancement secondaire sur le programme \"Recherches scientifiques et\ntechnologiques pluridisciplinaires\" n\u00b0 172\n3\nREGION ACADEMIQUEILE-DE-FRANCELibert\u00e9Egalit\u00e9Fraternit\u00e9\n \n1 \n \n \n \n \n \n \n \n \n \n \nArr\u00eat\u00e9 n\u00b0 2025-030-RRA portant subd\u00e9l\u00e9gation de signature \nen mati\u00e8re d'ordonnancement secondaire sur le programme \n\u00ab Recherches scientifiques et technologiques pluridisciplinaires \u00bb (n\u00b0172) \n \nLA RECTRICE DE LA REGION ACADEMIQUE \u00ceLE-DE-FRANCE, \n RECTRICE DE L' ACAD\u00c9MIE DE PARIS \nCHANCELIERE DES UNIVERSIT\u00c9S DE PARIS \nET D'\u00ceLE-DE-FRANCE \n \nVu la loi organique n\u00b02001-692 du 1er ao\u00fbt 2001 modifi\u00e9e relative aux lois de finances  ; \nVu le code de la commande publique ; \nVu la loi n\u00b068 -1250 du 31 d\u00e9cembre 1968 modifi\u00e9e relative \u00e0 la prescription des cr\u00e9ances sur l'Etat, les \nd\u00e9partements, les communes et les \u00e9tablissements publics ; \nVu la loi n\u00b072 -619 du 5 juillet 1972 modifi\u00e9e portant cr\u00e9ation et organisation des r\u00e9gions, notamment \nson article 21-1 ; \nVu la loi n\u00b082 -213 du 2 mars 1982 modifi\u00e9e relative aux droits et libert\u00e9s des communes, des \nd\u00e9partements et des r\u00e9gions, et notamment son article 34  ; \nVu le d\u00e9cret n\u00b098-81 du 11 f\u00e9vrier 1998 modifi\u00e9 ; \nVu le d\u00e9cret n\u00b099-89 du 8 f\u00e9vrier 1999 modifi\u00e9 pris pour l'application de l'article 3 du d\u00e9cret no 98-81 du \n11 f\u00e9vrier 1998 ; \nVu le d\u00e9cret n\u00b02012-1246 du 7 novembre 2012 relatif \u00e0 la gestion budg\u00e9taire et comptable publique ; \nVu le d\u00e9cret n\u00b02019 -1200 du 20 novembre 2019 relatif \u00e0 l'organisation d es services d\u00e9concentr\u00e9s des \nministres charg\u00e9s de l'\u00e9ducation nationale et de l'enseignement sup\u00e9rieur, de la recherche et de \nl'innovation ; \nVu le d\u00e9cret n\u00b02020 -139 du 19 f\u00e9vrier 2020 modifiant certaines dispositions relatives \u00e0 la pr\u00e9fecture de \nla r\u00e9gion d'\u00cele de France, pr\u00e9fecture de Paris ; \nVu le d\u00e9cret du 22 juillet 2020 portant nomination de M. Marc GUILLAUME en qualit\u00e9 de pr\u00e9fet de la \nr\u00e9gion d'\u00cele-de-France, pr\u00e9fet de Paris ; \nVu le d\u00e9cret n\u00b02020 -1555 du 9 d\u00e9cembre 2020 relatif aux d\u00e9l\u00e9gations r\u00e9gional es acad\u00e9miques \u00e0 la \nrecherche et \u00e0 l'innovation ; \nVu le d\u00e9cret du Pr\u00e9sident de la R\u00e9publique du 12 mars 2025 nommant Mme Julie BENETTI rectrice de la \nr\u00e9gion acad\u00e9mique Ile-de-France, rectrice de l'acad\u00e9mie de Paris ; \nVu le d\u00e9cret du Pr\u00e9sident de la R\u00e9publi que du 16 juillet 2024 portant nomination de Mme Isabelle PRAT \nen qualit\u00e9 de rectrice d\u00e9l\u00e9gu\u00e9e pour l'enseignement sup\u00e9rieur, la recherche et l'innovation de la r\u00e9gion \nacad\u00e9mique \u00cele-de-France ; \nVu l'arr\u00eat\u00e9 du 3 juillet 2009 portant r\u00e8glement de comptabili t\u00e9 pour la d\u00e9signation des ordonnateurs \nsecondaires et de leurs d\u00e9l\u00e9gu\u00e9s en ce qui concerne le minist\u00e8re de l'\u00e9ducation nationale ; \nRectorat de la r\u00e9gion acad\u00e9mique d'Ile-de-France, rectorat de l'acad\u00e9mie de Paris - IDF-2025-04-04-00021 - Arr\u00eat\u00e9 n\u00b0 2025-030-RRA\nportant subd\u00e9l\u00e9gation de signature en mati\u00e8re d'ordonnancement secondaire sur le programme \"Recherches scientifiques et\ntechnologiques pluridisciplinaires\" n\u00b0 172\n4\n2 \nVu l'arr\u00eat\u00e9 du 22 d\u00e9cembre 2022  relatif aux r\u00e8gles de la comptabilit\u00e9 budg\u00e9taire de l'Etat pris en \napplication de l'article  54 du d\u00e9cret 2012 -1246 du 7 novembre 2012 modifi\u00e9 relatif \u00e0 la gestion \nbudg\u00e9taire et comptable publique ; \nVu l'arr\u00eat\u00e9 interminist\u00e9riel en date du 31 janvier 2025 nommant M. Fabien OPPERMANN dans l'emploi  \nde secr\u00e9taire g\u00e9n\u00e9ral de la r\u00e9gion acad\u00e9mique \u00cele-de-France ; \nVu l'arr\u00eat\u00e9 minist\u00e9riel en date du 26 mai 2021, portant nomination de M. Samuel GUIBAL en qualit\u00e9 de \nde d\u00e9l\u00e9gu\u00e9 r\u00e9gional acad\u00e9mique \u00e0 la recherche et \u00e0 l'innovation  pour la r\u00e9gion acad\u00e9mique \u00cele -de-\nFrance ; \nVu l'arr\u00eat\u00e9 interminist\u00e9riel en date du 28 janvier 2025 portant affectation de M. Jacques de SURREL en \ntant que Directeur des affaires r\u00e9gionales et immobili\u00e8res de la r\u00e9gion acad\u00e9mique Ile-de-France ; \nVu l'arr\u00eat\u00e9  du pr\u00e9fet de la r\u00e9gion Ile -de-France n\u00b0 IDF-2025-03-26-00004 du 26 mars 2 025 portant \nd\u00e9l\u00e9gation de signature Mme Julie BENETTI rectrice de la r\u00e9gion acad\u00e9mique Ile -de-France, rectrice de \nl'acad\u00e9mie de Paris, en mati\u00e8re d'ordonnancement secondaire ; \nVu la d\u00e9cision minist\u00e9rielle n\u00b0ESRF2106747S du 24 f\u00e9vrier 2021 portant nomination des responsables de \nbudget op\u00e9rationnel de programme (BOP) et d'unit\u00e9s op\u00e9rationnelles (UO) pour le programme 172 \n\u00ab Recherches scientifiques et technologiques pluridisciplinaires \u00bb ; \n \nARRETE \n \nARTICLE 1 : \nSubd\u00e9l\u00e9gation de signature est donn\u00e9e \u00e0 Mme Isabelle PRAT, rectrice d\u00e9l\u00e9gu\u00e9e pour l'enseignement \nsup\u00e9rieur, la recherche et l'innovation de la r\u00e9gion acad\u00e9mique \u00cele -de-France et \u00e0 M. Fabien \nOPPERMANN, secr\u00e9taire g\u00e9n\u00e9ral de la r\u00e9gion acad\u00e9mique \u00cele -de-France et \u00e0  M. Jacques de SURREL, \ndirecteur des affaires g\u00e9n\u00e9rales et immobili\u00e8res de la r\u00e9gion acad\u00e9mique \u00cele-de-France, \u00e0 l'effet de : \n1. recevoir et mettre \u00e0 disposition les cr\u00e9dits  du budget op\u00e9rationnel de programme \nr\u00e9gional \u00ab Recherches scientifiques et technologiques pluridisciplinaires \u00bb (n\u00b0 172) ; \n2. r\u00e9partir ces cr\u00e9dits entre les unit\u00e9s op\u00e9rationnelles et proc\u00e9der \u00e0 des r\u00e9allocations en \ncours d'exercice budg\u00e9taire ; \n3. proc\u00e9der \u00e0 l'ordonnancement secondaire des recettes et des d\u00e9penses imput\u00e9es sur \nl'unit\u00e9 op\u00e9r ationnelle r\u00e9gionale \u00ab Recherches scientifiques et technologiques \npluridisciplinaires \u00bb (n\u00b0 172) dans les limites des d\u00e9penses relevant des frais de missions \u00e0 \nl'initiative de l'administration centrale du minist\u00e8re de l'enseignement sup\u00e9rieur, de la \nrecherche et de l'innovation. \nEn cas d'absence ou d'emp\u00eachement de Mme Isabelle PRAT, rectrice d\u00e9l\u00e9gu\u00e9e pour l'enseignement \nsup\u00e9rieur, la recherche et l'innovation de la r\u00e9gion acad\u00e9mique \u00cele-de-France, de M. Fabien OPPERMANN, \nsecr\u00e9taire g\u00e9n\u00e9ral de la r\u00e9gion aca d\u00e9mique \u00cele -de-France, et de M. Jacques de SURREL, directeur des \naffaires g\u00e9n\u00e9rales et immobili\u00e8res de la r\u00e9gion acad\u00e9mique \u00cele -de-France, subd\u00e9l\u00e9gation est donn\u00e9e \u00e0 \nMme Camalassoundary POMPEE, gestionnaire financi\u00e8re. \nARTICLE 2 : \nSubd\u00e9l\u00e9gation de signature est donn\u00e9e \u00e0 Mme Isabelle PRAT, rectrice d\u00e9l\u00e9gu\u00e9e pour l'enseignement \nsup\u00e9rieur, la recherche et l'innovation de la r\u00e9gion acad\u00e9mique \u00cele -de-France et, dans la limite de ses \nattributions, \u00e0 M. Samuel GUIBAL, d\u00e9l\u00e9gu\u00e9 r\u00e9gional acad\u00e9mique \u00e0 la recherche et \u00e0 l'innovation pour la \nr\u00e9gion acad\u00e9mique \u00cele-de-France, \u00e0 l'effet de proc\u00e9der \u00e0 l'ordonnancement secondaire des recettes et des \nd\u00e9penses imput\u00e9es sur l'unit\u00e9 op\u00e9rationnelle de la r\u00e9gion acad\u00e9mique du BOP r\u00e9gional \u00ab  Recherches \nscientifiques et technologiques pluridisciplinaires \u00bb (n\u00b0 172). \n \nRectorat de la r\u00e9gion acad\u00e9mique d'Ile-de-France, rectorat de l'acad\u00e9mie de Paris - IDF-2025-04-04-00021 - Arr\u00eat\u00e9 n\u00b0 2025-030-RRA\nportant subd\u00e9l\u00e9gation de signature en mati\u00e8re d'ordonnancement secondaire sur le programme \"Recherches scientifiques et\ntechnologiques pluridisciplinaires\" n\u00b0 172\n5\n \n3 \nARTICLE 3 : \nEn cas d'absence ou d'emp\u00eachement de Mme Isabelle PRAT, rectrice d\u00e9l\u00e9gu\u00e9e pour l'enseignement \nsup\u00e9rieur, la recherche et l'innovation de la r\u00e9gion acad\u00e9mique \u00cele -de-France et de M. Sam uel GUIBAL, \nd\u00e9l\u00e9gu\u00e9 r\u00e9gional acad\u00e9mique \u00e0 la recherche et \u00e0 l'innovation pour la r\u00e9gion acad\u00e9mique \u00cele -de-France, \nsubd\u00e9l\u00e9gation est donn\u00e9e, dans la limite de ses attributions, \u00e0 Mme Caroline BABIGEON, responsable \nadministratif et budg\u00e9taire, \u00e0 l'effet de p roc\u00e9der \u00e0 l'ordonnancement secondaire des recettes et des \nd\u00e9penses imput\u00e9es sur l'unit\u00e9 op\u00e9rationnelle de la r\u00e9gion acad\u00e9mique du BOP r\u00e9gional \u00ab Recherches \nscientifiques et technologiques pluridisciplinaires (n\u00b0 172) \u00bb. \nARTICLE 4 : \nL'arr\u00eat\u00e9 n\u00b02025 -010-RRA du 3 f\u00e9vrier 2025 portant subd\u00e9l\u00e9gation de signature en mati\u00e8re \nd'ordonnancement secondaire du budget op\u00e9rationnel de programme r\u00e9gional \u00ab  Recherches \nscientifiques et technologiques pluridisciplinaires (n\u00b0172) est abrog\u00e9. \nARTICLE 5 : \nLe secr\u00e9taire g\u00e9n\u00e9ral de la r\u00e9gion acad\u00e9mique \u00cele -de-France est charg\u00e9 de l'ex\u00e9cution du pr\u00e9sent arr\u00eat\u00e9 \nqui sera publi\u00e9 au recueil des actes administratifs de la pr\u00e9fecture de r\u00e9gion d'\u00cele-de-France, pr\u00e9fecture de \nParis. \n \nFait \u00e0 Paris, le 04 avril 2025 \nLa rectrice de la r\u00e9gion acad\u00e9mique d'\u00cele-de-France, \nRectrice de l'acad\u00e9mie de Paris, \nChanceli\u00e8re des universit\u00e9s de Paris et d'\u00cele-de France \n \nSign\u00e9 \n \n \nJulie BENETTI \n \n \nRectorat de la r\u00e9gion acad\u00e9mique d'Ile-de-France, rectorat de l'acad\u00e9mie de Paris - IDF-2025-04-04-00021 - Arr\u00eat\u00e9 n\u00b0 2025-030-RRA\nportant subd\u00e9l\u00e9gation de signature en mati\u00e8re d'ordonnancement secondaire sur le programme \"Recherches scientifiques et\ntechnologiques pluridisciplinaires\" n\u00b0 172\n6","date":"2025-04-08","first_seen_on":"2025-04-08T18:43:50+00:00","id":"edee33a1937ee32ae4093c0e9fe04b2969245b1cb10606dcfc9692da7089bed5","name":"recueilDS-idf-022-2025-04-recueil-des-actes-administratifs-special du 08.04.2025","pdf_creation_date":"2025-04-08T16:47:22+00:00","pdf_modification_date":null,"timezone":"Europe/Paris","url":"https://www.prefectures-regions.gouv.fr/ile-de-france/irecontenu/telechargement/126884/936834/file/recueilDS-idf-022-2025-04-recueil-des-actes-administratifs-special%20du%2008.04.2025.pdf"}
