{"administration":"prefidf","administration_name":"Pr\u00e9fecture de la r\u00e9gion \u00cele-de-France","content":"PREFECTURE\nREGION ILE DE\nFRANCE\nRECUEIL DES ACTES\nADMINISTRATIFS SP\u00c9CIAL\nN\u00b0IDF-013-2025-09\nPUBLI\u00c9 LE  3 SEPTEMBRE 2025\nSommaire\nDirection r\u00e9gionale et interd\u00e9partementale de l'\u00e9conomie, de l'emploi,\ndu travail et des solidarit\u00e9s d'\u00cele-de-France / secr\u00e9tariat de direction\nIDF-2025-08-29-00002 - D\u00e9cision n\u00b0 2025-168 du 29 ao\u00fbt\n2025\nPortant subd\u00e9l\u00e9gation de signature de Monsieur Fabrice MASI,\nDirecteur r\u00e9gional et interd\u00e9partemental de\nl'\u00c9conomie, de\nl'Emploi, du Travail et des Solidarit\u00e9s d'\u00cele-de-France (4 pages) Page 3\nIDF-2025-08-29-00003 - D\u00e9cision n\u00b0 2025-169 du 29 ao\u00fbt\n2025\nPortant subd\u00e9l\u00e9gation de signature de Monsieur Fabrice MASI,\nDirecteur r\u00e9gional et interd\u00e9partemental de l'\u00c9conomie, de\nl'Emploi, du Travail et des Solidarit\u00e9s d'\u00cele-de-France, aux agents\nde l'unit\u00e9 d\u00e9partementale de la Seine-Saint-Denis (9 pages) Page 8\n2\nDirection r\u00e9gionale et interd\u00e9partementale de\nl'\u00e9conomie, de l'emploi, du travail et des\nsolidarit\u00e9s d'\u00cele-de-France\nIDF-2025-08-29-00002\nD\u00e9cision n\u00b0 2025-168 du 29 ao\u00fbt 2025\nPortant subd\u00e9l\u00e9gation de signature de Monsieur\nFabrice MASI, Directeur r\u00e9gional et\ninterd\u00e9partemental de\nl'\u00c9conomie, de l'Emploi, du Travail et des\nSolidarit\u00e9s d'\u00cele-de-France\nDirection r\u00e9gionale et interd\u00e9partementale de l'\u00e9conomie, de l'emploi, du travail et des solidarit\u00e9s d'\u00cele-de-France -\nIDF-2025-08-29-00002 - D\u00e9cision n\u00b0 2025-168 du 29 ao\u00fbt 2025\nPortant subd\u00e9l\u00e9gation de signature de Monsieur Fabrice MASI, Directeur r\u00e9gional et interd\u00e9partemental de\nl'\u00c9conomie, de l'Emploi, du Travail et des Solidarit\u00e9s d'\u00cele-de-France\n3\nPREFETDE PARISLibert\u00e9Egalit\u00e9Fraternit\u00e9\nPR\u00c9FETDES HAUTS-DE-SEINELibert\u00e9\u00c9galit\u00e9Fraternit\u00e9\nEnPREFETDE SEINE-ET-MARNELibert\u00e9Egalit\u00e9Fraternit\u00e9\nPR\u00c9FETDE LA SEINE-SAINT-DENISLibert\u00e9\u00c9galit\u00e9Fraternit\u00e9\nPR\u00c9FETDES YVELINESLibert\u00e9Egalit\u00e9{raternit\u00e9\nPR\u00c9FETDU VAL-DE-MARNELibert\u00e9\u00c9galit\u00e9Fraternit\u00e9\nPR\u00c9FETDE L'ESSONNELibert\u00e9Egalit\u00e9Fraternit\u00e9\nPR\u00c9FETDU VAL-D'OISELibert\u00e9Egalit\u00e9Fraternit\u00e9\n \nDRIEETS Ile de France  \n21 rue Madeleine Vionnet  \n93300 AUBERVILLIERS \n \n \n \n \n \n \n \n \n \n \n \nDirection r\u00e9gionale et interd\u00e9partementale \nde l'\u00e9conomie, de l'emploi, \ndu travail et des solidarit\u00e9s  \n \n \n \n            \nD\u00c9CISION n\u00b0 2025-168 du 29 ao\u00fbt 2025 \n \nPortant subd\u00e9l\u00e9gation de signature de Monsieur Fabrice MASI, Directeur r\u00e9gional et interd\u00e9partemental de \nl'\u00c9conomie, de l'Emploi, du Travail et des Solidarit\u00e9s d'\u00cele-de-France  \n \n \nVu le code du commerce ;  \n \nVu le code de la consommation ; \n \nVu le code de la sant\u00e9 publique ; \n \nVu le code du tourisme ; \n \nVu le code du travail ; \n \nVu la loi n\u00b0 82 -213 du 2 mars 1982 relative aux droits et libert\u00e9s des communes, des \nd\u00e9partements et des r\u00e9gions, modifi\u00e9e ; \n \nVu la loi d'orientation n\u00b0 92 -125 du 6 f\u00e9vrier 1992 modifi\u00e9e relative \u00e0 l'administration \nterritoriale de la R\u00e9publique, notamment ses articles 4 et 6 ;  \n \nVu le d\u00e9cret n\u00b0 97 -34 du 15 janvier 1997 relatif \u00e0 la d\u00e9concentration des d\u00e9cisions \nadministratives individuelles ;  \n \nVu le d\u00e9cret n\u00b02001-387 du 3 mai 2001 relatif au contr\u00f4le des instruments de mesure ;  \n \nDirection r\u00e9gionale et interd\u00e9partementale de l'\u00e9conomie, de l'emploi, du travail et des solidarit\u00e9s d'\u00cele-de-France -\nIDF-2025-08-29-00002 - D\u00e9cision n\u00b0 2025-168 du 29 ao\u00fbt 2025\nPortant subd\u00e9l\u00e9gation de signature de Monsieur Fabrice MASI, Directeur r\u00e9gional et interd\u00e9partemental de\nl'\u00c9conomie, de l'Emploi, du Travail et des Solidarit\u00e9s d'\u00cele-de-France\n4\n2 / 4 \nVu le d\u00e9cret n\u00b0 2004 -374 du 29 avril 2004 modifi\u00e9 relatif aux pouvoirs des pr\u00e9fets, \u00e0 \nl'organisation et \u00e0 l'action des services de l'\u00c9tat dans les r\u00e9gions et d\u00e9partements ; \n \nVu le d\u00e9cret n\u00b0 2009-360 du 31 mars 2009 relatif aux emplois de direction de l'administration \nterritoriale de l'\u00c9tat ; \n \nVu le d\u00e9cret n\u00b02010-146 du 16 f\u00e9vrier 2010 modifiant le d\u00e9cret n\u00b0 2004 -374 du 29 avril 2004 \nrelatif aux pouvoirs des pr\u00e9fets, \u00e0 l'organisation et \u00e0 l'action des services de l' \u00c9tat dans les \nr\u00e9gions et d\u00e9partements ; \n \nVu le d\u00e9cret n\u00b0 2010-687 du 24 juin 2010 relatif \u00e0 l'organisation et \u00e0 l'action des services de \nl'\u00e9tat dans la r\u00e9gion et les d\u00e9partements d'Ile de France ; \n \nVu le d\u00e9cret n\u00b02015 -1689 du 17 d\u00e9cembre 2015 portant diverses mesures d'organisation et \nde fonctionnement dans les r\u00e9gions de l'administration territoriale de l' \u00c9tat et de \ncommissions administratives ; \n \nVu le d\u00e9cret n\u00b0 2020 -1545 du 9 d\u00e9cembre 2020 relatif \u00e0 l'organisation et aux missions des \ndirections r\u00e9gionales de l'\u00e9conomie, de l'emploi, du travail et des solidarit\u00e9s, des directions \nd\u00e9partementales de l'emploi, du travail et des solidarit\u00e9s et des directions d\u00e9partementales \nde l'emploi, du travail, des solidarit\u00e9s et de la protection des populations ;  \n \nVu le d\u00e9cret du 22 juillet 2020 portant nomination de Monsieur Marc GUILLAUME en qualit\u00e9 \nde pr\u00e9fet de la r\u00e9gion d'Ile-de-France, pr\u00e9fet de Paris ; \n \nVu le d\u00e9cret du 6 septembre 2023 portant nomination de M. Pierre ORY, pr\u00e9fet de Seine-et-\nMarne ; \n \nVu le d\u00e9cret du 7 f\u00e9vrier 2024 portant nomination de Monsieur Fr\u00e9d\u00e9ric ROSE en qualit\u00e9 de \nPr\u00e9fet des Yvelines ; \n \nVu le d\u00e9cret du 7 f\u00e9vrier 2024  portant nomination de Madame Fr\u00e9d\u00e9rique CAMILLERI  en \nqualit\u00e9 de Pr\u00e9f\u00e8te de l'Essonne ; \n \nVu le d\u00e9cret du 31 octobre 2024  portant nomination de Monsieur Alexandre BRUGERE en \nqualit\u00e9 de Pr\u00e9fet des Hauts-de-Seine ; \n \nVu le d\u00e9cret du 6 novembre 2024  portant nomination de Monsieur Julien CHARLES  en \nqualit\u00e9 de Pr\u00e9fet de la Seine-Saint-Denis ; \n \nVu le d\u00e9cret du 6 novembre 2024 portant nomination de Monsieur \u00c9tienne STOSKOPF  en \nqualit\u00e9 de Pr\u00e9fet du Val-de-Marne ; \n \nVu le d\u00e9cret du 9 mars 2022 portant nomination de M. Philippe COURT en qualit\u00e9 de pr\u00e9fet \ndu Val-d'Oise ; \n \nVu l'arr\u00eat\u00e9 interminist\u00e9riel du 23 d\u00e9cembre 2022 nommant Madame Martine BAUDOIN \ndirectrice adjointe de l'unit\u00e9 d\u00e9partementale de Paris ; \nVu l'arr\u00eat\u00e9 interminist\u00e9riel du 15 mai 2025 nommant Monsieur Riad BOUHAFS, directeur \nr\u00e9gional et interd\u00e9partemental adjoint de l'\u00e9conomie, de l'emploi, du travail et des solidarit\u00e9s \nd'\u00cele-de-France, sur l'emploi de directeur de l'unit\u00e9 d\u00e9partementale du Paris ; \nVu l'arr\u00eat\u00e9 interminist\u00e9riel du 12 ao\u00fbt  2025 nommant Fabrice MASI  directeur r\u00e9gional et \ninterd\u00e9partemental de l'\u00e9conomie, de l'emploi, du travail et des solidarit\u00e9s d'\u00cele -de-France \u00e0 \ncompter du 25 ao\u00fbt 2025 : \n \nDirection r\u00e9gionale et interd\u00e9partementale de l'\u00e9conomie, de l'emploi, du travail et des solidarit\u00e9s d'\u00cele-de-France -\nIDF-2025-08-29-00002 - D\u00e9cision n\u00b0 2025-168 du 29 ao\u00fbt 2025\nPortant subd\u00e9l\u00e9gation de signature de Monsieur Fabrice MASI, Directeur r\u00e9gional et interd\u00e9partemental de\nl'\u00c9conomie, de l'Emploi, du Travail et des Solidarit\u00e9s d'\u00cele-de-France\n5\n3 / 4 \nVu l'arr\u00eat\u00e9 pr\u00e9fectoral n\u00b0 75-2025-08-27-00005 du 27/08/2025 par lequel le Pr\u00e9fet de Paris \nd\u00e9l\u00e8gue sa signature \u00e0 Monsieur Fabrice MASI, directeur r\u00e9gional et interd\u00e9partemental de \nl'\u00e9conomie, de l'emploi, du travail et des solidarit\u00e9s d'\u00cele-de-France ; \n \nVu l'arr\u00eat\u00e9 pr\u00e9fectoral n\u00b025/BC/070 du 27 ao\u00fbt 2025 par lequel le pr\u00e9fet de Seine-et-Marne \nd\u00e9l\u00e8gue sa signature \u00e0 Monsieur Fabrice MASI, directeur r\u00e9gional et interd\u00e9partemental de \nl'\u00e9conomie, de l'emploi, du travail et des solidarit\u00e9s d'\u00cele-de-France ; \n \nVu l'arr\u00eat\u00e9 pr\u00e9fectoral n\u00b0 78-2025-08-25-00001 du 25 ao\u00fbt 2025 par lequel le Pr\u00e9fet des \nYvelines d\u00e9l\u00e8gue sa signature \u00e0 Monsieur Fabrice MASI , directeur r\u00e9gional et \ninterd\u00e9partemental de l'\u00e9conomie, de l'emploi, du travail et des solidarit\u00e9s d'\u00cele-de-France ; \n \nVu l'arr\u00eat\u00e9 pr\u00e9fectoral n\u00b02025-PREF-DCPPAT-BCA-278 du 25 ao\u00fbt 2025 par lequel la Pr\u00e9f\u00e8te \nde l'Essonne d\u00e9l\u00e8gue sa signature \u00e0 Monsieur Fabrice MASI , directeur r\u00e9gional et \ninterd\u00e9partemental de l'\u00e9conomie, de l'emploi, du travail et des solidarit\u00e9s d'\u00cele-de-France ; \n \nVu l'arr\u00eat\u00e9 pr\u00e9fectoral n\u00b0  2025-33 du 22 ao\u00fbt 2025 par lequel le Pr\u00e9f et des Hauts-de-Seine \nd\u00e9l\u00e8gue sa signature \u00e0 Monsieur Fabrice MASI, directeur r\u00e9gional et interd\u00e9partemental de \nl'\u00e9conomie, de l'emploi, du travail et des solidarit\u00e9s d'\u00cele-de-France ; \n \nVu l'arr\u00eat\u00e9 pr\u00e9fectoral n\u00b0 2025 -3388 du 29 ao\u00fbt 2025 par lequel le pr\u00e9fet de la Seine -Saint-\nDenis, d\u00e9l\u00e8gue sa signature \u00e0 Fabrice MASI , directeur r\u00e9gional et interd\u00e9partemental de \nl'\u00e9conomie, de l'emploi, du travail et des solidarit\u00e9s d'\u00cele-de-France ; \n \nVu l'arr\u00eat\u00e9 pr\u00e9fectoral n\u00b0 2025/03344 du 25 ao\u00fbt 2025 par lequel le Pr\u00e9fet du Val-de-Marne \nd\u00e9l\u00e8gue sa signature \u00e0 Monsieur Fabrice MASI, directeur r\u00e9gional et interd\u00e9partemental de \nl'\u00e9conomie, de l'emploi, du travail et des solidarit\u00e9s d'\u00cele-de-France ; \n \nVu l'arr\u00eat\u00e9 pr\u00e9fectoral n\u00b0 25-057 du 19 ao\u00fbt 2025 par lequel le Pr\u00e9fet du Val d'Oise d\u00e9l\u00e8gue \nsa signature \u00e0 Monsieur Fabrice MASI , directeur r\u00e9gional et interd\u00e9partemental de \nl'\u00e9conomie, de l'emploi, du travail et des solidarit\u00e9s d'\u00cele-de-France ; \n \n \nD\u00c9CIDE \n \nArticle 1er \n \nSubd\u00e9l\u00e9gation de signature est donn\u00e9e \u00e0 Riad BOUHAFS, directeur de l'unit\u00e9 d\u00e9partementale de \nParis, \u00e0 effet de signer les d\u00e9cisions, actes administratifs et correspondances relatives aux enfants \ndu spectacle  dont l'attribution a \u00e9t\u00e9 confi\u00e9e \u00e0 Fabrice MASI , directeur r\u00e9gional et \ninterd\u00e9partemental de l'\u00e9conomie, de l'emploi, du travail et des solidarit\u00e9s d'\u00cele-de-France, par le \npr\u00e9fet de la r\u00e9gion d'\u00cele -de-France, pr\u00e9fet de Paris,  le pr\u00e9fet de Seine -et-Marne, le pr\u00e9fet des \nYvelines,  la pr\u00e9f\u00e8te de l'Essonne, le pr\u00e9fet des Hauts -de-Seine, le pr\u00e9fet de la Seine -Saint-Denis, \nle pr\u00e9fet du Val-de-Marne, le pr\u00e9fet du Val d'Oise : \n \nD\u00e9livrance, retrait des autorisations individuelles d'emploi des enfants dans les spectacles, les \nprofessions ambulantes et comme mannequins dans la publicit\u00e9 et la mode - article L.7124-1 \u00e0 \nL.7124-19 du code du travail. \n \nD\u00e9livrance, renouvellement, retrait, suspension de l'agr\u00e9ment de l'agence de mannequins \npermettant d'engager des enfants - Articles L.7124-5 et R.7124-1 du code du travail. \n \nAttribution, renouvellement, suspension, retrait de la licence d'agence de mannequins - L7123-14, \nR7123-8 \u00e0 R7123-17 du code du travail \n \nDirection r\u00e9gionale et interd\u00e9partementale de l'\u00e9conomie, de l'emploi, du travail et des solidarit\u00e9s d'\u00cele-de-France -\nIDF-2025-08-29-00002 - D\u00e9cision n\u00b0 2025-168 du 29 ao\u00fbt 2025\nPortant subd\u00e9l\u00e9gation de signature de Monsieur Fabrice MASI, Directeur r\u00e9gional et interd\u00e9partemental de\nl'\u00c9conomie, de l'Emploi, du Travail et des Solidarit\u00e9s d'\u00cele-de-France\n6\n4 / 4 \nLa subd\u00e9l\u00e9gation est donn\u00e9e \u00e0 Riad BOUHAFS \u00e0 effet de signer les m\u00e9moires en d\u00e9fense produits \ndevant les juridictions administratives dans le cadre de proc\u00e9dures contentieuses \u00e0 l'encontre des \nd\u00e9cisions mentionn\u00e9es ci-dessus.  \n \nEn cas d'absence ou d'emp\u00eachement de Riad BOUHAFS, subd\u00e9l\u00e9gation de signature est donn\u00e9e \n\u00e0 : \n- Mme Martine BAUDOIN, directrice adjointe de l'unit\u00e9 d\u00e9partementale de Paris  \n- Marie MARCENA, cheffe du p\u00f4le entreprises, emplois et solidarit\u00e9s ; \n- V\u00e9ronique DELARUE, adjointe \u00e0 la cheffe du p\u00f4le entreprises, emplois et solidarit\u00e9s ; \n- Patricia RENUCCI, responsable du d\u00e9partement protection et insertion des jeunes ; \n- Franck LEPERTEL, chef du service protection au sein du d\u00e9partement protection et \ninsertion des jeunes \nafin de signer les d\u00e9cisions et les m\u00e9moires en d\u00e9fense mentionn\u00e9s ci-dessus. \n \nArticle 2 \n \nUne copie de cette d\u00e9cision de subd\u00e9l\u00e9gation sera adress\u00e9e aux pr\u00e9fets de Paris, de la Seine -et-\nMarne, des Yvelines, de l'Essonne, d es Hauts-de-Seine, de la Seine-Saint-Denis, du Val-de-Marne et \ndu Val d'Oise.  \n \nArticle 3 \n \nLa d\u00e9cision n\u00b0 2025-128 du 28 juillet 2025 est abrog\u00e9e. \n \nArticle 4 \n \nLe Directeur r\u00e9gional et interd\u00e9partemental de l'\u00e9conomie, de l'emploi, du travail et des solidarit\u00e9s \nd'\u00cele-de-France, et les subd\u00e9l\u00e9gataires mentionn\u00e9s ci -dessus, sont charg\u00e9s, chacun  en ce qui l e \nconcerne, de l'ex\u00e9cution de la pr\u00e9sente d\u00e9cision  qui sera publi\u00e9 e aux recueils des actes \nadministratifs de la pr\u00e9fecture de la r\u00e9gion  d'\u00cele-de-France, ainsi qu'aux recueils administratifs des \npr\u00e9fectures des d\u00e9partements de la r\u00e9gion d'\u00cele-de-France. \n \n \n \n \nFait \u00e0 Aubervilliers le 29 ao\u00fbt 2025 \n \nLe Directeur r\u00e9gional et interd\u00e9partemental \nde l'\u00e9conomie, de l'emploi, du travail et des \nsolidarit\u00e9s  \n \nSIGN\u00c9 \n \nFabrice MASI \n \nDirection r\u00e9gionale et interd\u00e9partementale de l'\u00e9conomie, de l'emploi, du travail et des solidarit\u00e9s d'\u00cele-de-France -\nIDF-2025-08-29-00002 - D\u00e9cision n\u00b0 2025-168 du 29 ao\u00fbt 2025\nPortant subd\u00e9l\u00e9gation de signature de Monsieur Fabrice MASI, Directeur r\u00e9gional et interd\u00e9partemental de\nl'\u00c9conomie, de l'Emploi, du Travail et des Solidarit\u00e9s d'\u00cele-de-France\n7\nDirection r\u00e9gionale et interd\u00e9partementale de\nl'\u00e9conomie, de l'emploi, du travail et des\nsolidarit\u00e9s d'\u00cele-de-France\nIDF-2025-08-29-00003\nD\u00e9cision n\u00b0 2025-169 du 29 ao\u00fbt 2025\nPortant subd\u00e9l\u00e9gation de signature de Monsieur\nFabrice MASI, Directeur r\u00e9gional et\ninterd\u00e9partemental de l'\u00c9conomie, de l'Emploi,\ndu Travail et des Solidarit\u00e9s d'\u00cele-de-France, aux\nagents de l'unit\u00e9 d\u00e9partementale de la\nSeine-Saint-Denis\nDirection r\u00e9gionale et interd\u00e9partementale de l'\u00e9conomie, de l'emploi, du travail et des solidarit\u00e9s d'\u00cele-de-France -\nIDF-2025-08-29-00003 - D\u00e9cision n\u00b0 2025-169 du 29 ao\u00fbt 2025\nPortant subd\u00e9l\u00e9gation de signature de Monsieur Fabrice MASI, Directeur r\u00e9gional et interd\u00e9partemental de l'\u00c9conomie, de l'Emploi,\ndu Travail et des Solidarit\u00e9s d'\u00cele-de-France, aux agents de l'unit\u00e9 d\u00e9partementale de la Seine-Saint-Denis\n8\nE 3PR\u00c9FETDE LA SEINE-SAINT-DENISLibert\u00e9Egalit\u00e9Fraternit\u00e9\n Direction r\u00e9gionale et interd\u00e9partementale \nde l'\u00e9conomie, de l'emploi, \ndu travail et des solidarit\u00e9s \n \n \n             \n  \n \nD\u00c9CISION n\u00b0 2025-169 du 29 ao\u00fbt 2025 \n \nPortant subd\u00e9l\u00e9gation de signature de Monsieur Fabrice MASI, Directeur r\u00e9gional et \ninterd\u00e9partemental de l'\u00c9conomie, de l'Emploi, du Travail et des Solidarit\u00e9s d'\u00cele-de-France, aux agents \nde l'unit\u00e9 d\u00e9partementale de la Seine-Saint-Denis \n \n \nVu le code de l'action sociale et des familles ;  \n \nVu le code de la sant\u00e9 publique ;  \n \nVu le code de la s\u00e9curit\u00e9 sociale ; \n \nVu le code du travail ; \n \nVu la loi n\u00b0 82-213 du 2 mars 1982 relative aux droits et libert\u00e9s des communes, des d\u00e9partements et \ndes r\u00e9gions, modifi\u00e9e ; \n \nVu la loi n\u00b0 83-663 du 22 juillet 1983 compl\u00e9tant la loi n\u00b0 83-8 du 7 janvier 1983 relative \u00e0 la r\u00e9partition \nde comp\u00e9tences entre les communes, les d\u00e9partements, les r\u00e9gions et l'\u00c9tat ; \nVu la loi d'orientation n\u00b0 92 -125 du 6 f\u00e9vrier 1992 modifi\u00e9e relative \u00e0 l'administration territoriale de \nla R\u00e9publique, notamment ses articles 4 et 6 ;  \n \nVu la loi d'orientation n\u00b0 95 -115 du 4 f\u00e9vrier 1995 modifi\u00e9e relative \u00e0 l'am\u00e9nagement et au \nd\u00e9veloppement du territoire ; \nVu la loi n\u00b0 2004-809 du 13 ao\u00fbt 2004 modifi\u00e9e relative aux libert\u00e9s et responsabilit\u00e9s locales  ; \nVu la loi n\u00b02014-856 du 31 juillet 2014 modifi\u00e9e relative \u00e0 l'\u00e9conomie sociale et solidaire  ; \nVu le d\u00e9cret n\u00b0 82-332 du 13 avril 1982 modifi\u00e9 relatif \u00e0 la mise \u00e0 la disposition du pr\u00e9sident du conseil \ng\u00e9n\u00e9ral des services ext\u00e9rieurs de l'\u00c9tat dans le d\u00e9partement ; \nVu le d\u00e9cret n\u00b084-591 du 4 juillet 1984 modifi\u00e9 relatif \u00e0 la m\u00e9daille d'honneur du travail  ; \nVu le d\u00e9cret  n\u00b086-442 du 14 mars 1986 modifi\u00e9 relatif \u00e0 la d\u00e9signation des m\u00e9decins agr\u00e9\u00e9s, \u00e0 \nl'organisation des comit\u00e9s m\u00e9dicaux et des commissions de r\u00e9forme, aux conditions d'aptitude \nphysique pour l'admission aux emplois publics et au r\u00e9gime de cong\u00e9s de maladie des \nfonctionnaires ; \nVu le d\u00e9cret n\u00b0 2004-374 du 29 avril 2004 modifi\u00e9 relatif aux pouvoirs des pr\u00e9fets, \u00e0 l'organisation et \n\u00e0 l'action des services de l'\u00c9tat dans les r\u00e9gions et d\u00e9partements ; \n \nVu le d\u00e9cret n\u00b0 2010-687 du 24 juin 2010 modifi\u00e9 relatif \u00e0 l'organisation et \u00e0 l'action des services de \nl'\u00e9tat dans la r\u00e9gion et les d\u00e9partements d'\u00cele de France ; \n \nVu le d\u00e9cret n\u00b0 2015-510 du 7 mai 2015 modifi\u00e9 portant charte de la d\u00e9concentration ;  \nDirection r\u00e9gionale et interd\u00e9partementale de l'\u00e9conomie, de l'emploi, du travail et des solidarit\u00e9s d'\u00cele-de-France -\nIDF-2025-08-29-00003 - D\u00e9cision n\u00b0 2025-169 du 29 ao\u00fbt 2025\nPortant subd\u00e9l\u00e9gation de signature de Monsieur Fabrice MASI, Directeur r\u00e9gional et interd\u00e9partemental de l'\u00c9conomie, de l'Emploi,\ndu Travail et des Solidarit\u00e9s d'\u00cele-de-France, aux agents de l'unit\u00e9 d\u00e9partementale de la Seine-Saint-Denis\n9\n2 / 9 \nVu le d\u00e9cret n\u00b02015 -1689 du 17 d\u00e9cembre 2015 portant diverses mesures d'organisation et de \nfonctionnement dans les r\u00e9gions de l'administration territoriale de l' \u00c9tat et de commissions \nadministratives ; \n \nVu le d\u00e9cret n\u00b0 2020-1545 du 9 d\u00e9cembre 2020 relatif \u00e0 l'organisation et aux missions des directions \nr\u00e9gionales de l'\u00e9conomie, de l'emploi, du travail et des solidarit\u00e9s, des directions d\u00e9partementales \nde l'emploi, du travail et des solidarit\u00e9s et des directions d\u00e9partementales de l'emploi, du travail, des \nsolidarit\u00e9s et de la protection des populations ; \nVu le d\u00e9cret du pr\u00e9sident de la R\u00e9publique du 6 novembre 2024 nommant M. Julien CHARLES, pr\u00e9fet \nde la Seine-Saint-Denis ; \n \nVu l'arr\u00eat\u00e9 interminist\u00e9riel du 16 juin 2021 nommant Laurence DEGENNE -SHORTEN directrice \nadjointe de l'unit\u00e9 d\u00e9partementale de Seine -Saint-Denis \u00e0 la direction r\u00e9gionale et \ninterd\u00e9partementale de l'\u00e9conomie, de l'emploi, du travail et des solidarit\u00e9s d'Ile -de-France ; \n \nVu l'arr\u00eat\u00e9 interminist\u00e9riel du 13 d\u00e9cembre 2022 nommant Monsieur David SOUBRI\u00c9 directeur \nr\u00e9gional et interd\u00e9partemental adjoint de l'\u00e9conomie, de l'emploi, du travail et des solidarit\u00e9s d'\u00cele -\nde-France, charg\u00e9 des fonctions de directeur de l'unit\u00e9 d\u00e9partementale de Seine-Saint-Denis ; \n \nVu l'arr\u00eat\u00e9 interminist\u00e9riel du 12 ao\u00fbt  2025 nommant Fabrice MASI  directeur r\u00e9gional et \ninterd\u00e9partemental de l'\u00e9conomie, de l'emploi, du travail et des solidarit\u00e9s d'\u00cele -de-France par \u00e0 \ncompter du 25 ao\u00fbt 2025, \n \nVu l'arr\u00eat\u00e9 pr\u00e9fectoral n\u00b02025-3388 du 29 ao\u00fbt 2025  par lequel le pr\u00e9fet de la Seine -Saint-Denis \nd\u00e9l\u00e8gue sa signature \u00e0 Monsieur Fabrice MASI , directeur r\u00e9gional et interd\u00e9partemental de \nl'\u00e9conomie, de l'emploi, du travail et des solidarit\u00e9s d'\u00cele-de-France ; \n \n \nD\u00e9cide \nArticle 1er \n \nSubd\u00e9l\u00e9gation de signature est donn\u00e9e \u00e0  Monsieur David SOUBRI\u00c9 , directeur r\u00e9gional adjoint , \ndirecteur par int\u00e9rim de l'unit\u00e9 d\u00e9partementale de la Seine -Saint-Denis, \u00e0  l'effet de signer, les \nd\u00e9cisions, actes administratifs et correspondances concernant les attributions de la Direction \nr\u00e9gionale et interd\u00e9partementale de l'\u00e9conomie, de l'emploi, du travail et des solidarit\u00e9s (DRIEETS) \nde la r\u00e9gion \u00cele-de-France dans les domaines suivants relevant de la comp\u00e9tence du pr\u00e9fet de la \nSeine-Saint-Denis : \n \n \n Nature du pouvoir R\u00e9f\u00e9rence l\u00e9gislative et \nr\u00e8glementaire \n1- Dispositions relatives \u00e0 la lutte contre les exclusions \nTutelle des \npupilles de \nl'\u00c9tat : \n \nExercice de la tutelle des pupilles de l'\u00c9tat ; \nActes d'administration des deniers des \npupilles ; \nArticle L.224-1 et suivants du \ncode de l'action sociale et des \nfamilles \nAide sociale \n \nAdmission au b\u00e9n\u00e9fice de l'aide sociale \u00e0 la \ncharge de l'\u00c9tat ; \nArticle L.131-1 \u00e0 L.134-10 du \ncode de l'action sociale et des \nfamilles \nDirection r\u00e9gionale et interd\u00e9partementale de l'\u00e9conomie, de l'emploi, du travail et des solidarit\u00e9s d'\u00cele-de-France -\nIDF-2025-08-29-00003 - D\u00e9cision n\u00b0 2025-169 du 29 ao\u00fbt 2025\nPortant subd\u00e9l\u00e9gation de signature de Monsieur Fabrice MASI, Directeur r\u00e9gional et interd\u00e9partemental de l'\u00c9conomie, de l'Emploi,\ndu Travail et des Solidarit\u00e9s d'\u00cele-de-France, aux agents de l'unit\u00e9 d\u00e9partementale de la Seine-Saint-Denis\n10\n3 / 9 \nRecours devant les juridictions d'aide sociale \net la notification des d\u00e9cisions prises apr\u00e8s \nexamen en commission d\u00e9partementale \nd'aide sociale ; \nAdmission dans un CHRS. \nArticle L. 345-1 du code de \nl'action sociale et des familles \n D\u00e9cisions relatives aux \u00e9valuation et prime de \nfonctions et de r\u00e9sultats des directeurs \nd'\u00e9tablissements sanitaires, sociaux et \nm\u00e9dico-sociaux des \u00e9tablissements \nmentionn\u00e9s aux 4\u00b0 et 6\u00b0 de l'article L5 du \ncode g\u00e9n\u00e9ral de la fonction publique, portant \ndispositions statutaires relatives \u00e0 la fonction \npublique hospitali\u00e8re. \n- Code g\u00e9n\u00e9ral de la fonction \npublique (partie l\u00e9gislative) ; \n- D\u00e9cret n\u00b0 2002-550 du 19 avril \n2002 modifi\u00e9 portant statut \nparticulier du corps de \ndirecteur des soins de la \nfonction publique hospitali\u00e8re \n; \n- D\u00e9cret n\u00b0 2005-921 du 2 ao\u00fbt \n2005 modifi\u00e9 portant statut \nparticulier des grades et \nemplois des personnels de \ndirection des \u00e9tablissements \nmentionn\u00e9s \u00e0 l'article 2 (1\u00b0 et \n2\u00b0) de la loi n\u00b0 86-33 du 9 \njanvier 1986 portant \ndispositions statutaires \nrelatives \u00e0 la fonction publique \nhospitali\u00e8re ; \n- D\u00e9cret n\u00b0 2007-1930 du 26 \nd\u00e9cembre 2007 modifi\u00e9 \nportant statut particulier du \ncorps des directeurs \nd'\u00e9tablissements sanitaires, \nsociaux et m\u00e9dico-sociaux de \nla fonction publique \nhospitali\u00e8re ; \n- D\u00e9cret n\u00b0 2012-749 du 9 mai \n2012 modifi\u00e9 relatif \u00e0 la prime \nde fonctions et de r\u00e9sultats \ndes corps ou emplois \nfonctionnels des personnels de \ndirection et des directeurs des \nsoins de la fonction publique \nhospitali\u00e8re ; \n- D\u00e9cret n\u00b0 2018-255 du 9 avril \n2018 relatif aux modalit\u00e9s \nd'indemnisation des p\u00e9riodes \nd'int\u00e9rim et \u00e0 l'indemnit\u00e9 de \ndirection commune pour \ncertains personnels de la \nfonction publique hospitali\u00e8re \n; \n- D\u00e9cret n\u00b0 2020-719 du 12 juin \n2020 relatif aux conditions \nDirection r\u00e9gionale et interd\u00e9partementale de l'\u00e9conomie, de l'emploi, du travail et des solidarit\u00e9s d'\u00cele-de-France -\nIDF-2025-08-29-00003 - D\u00e9cision n\u00b0 2025-169 du 29 ao\u00fbt 2025\nPortant subd\u00e9l\u00e9gation de signature de Monsieur Fabrice MASI, Directeur r\u00e9gional et interd\u00e9partemental de l'\u00c9conomie, de l'Emploi,\ndu Travail et des Solidarit\u00e9s d'\u00cele-de-France, aux agents de l'unit\u00e9 d\u00e9partementale de la Seine-Saint-Denis\n11\n4 / 9 \ng\u00e9n\u00e9rales de l'appr\u00e9ciation de \nla valeur professionnelle des \nfonctionnaires de la fonction \npublique hospitali\u00e8re \nProtection \njuridique \ndes \nmajeurs : \n \nConventionnement des services tut\u00e9laires \nhabilit\u00e9s par le procureur de la R\u00e9publique \u00e0 \nexercer des mesures de tutelle et curatelle \nd'\u00c9tat ; \nListe des mandataires judiciaires de la \nprotection des majeurs ; \n \nArticle L. 471-2 du code de \nl'action sociale et des familles. \n \nArticles L. 472-1 \u00e0 L. 472 -4 du \ncode de l'action sociale et des \nfamilles compl\u00e9t\u00e9 par le d\u00e9cret \n2008-1553 du 31 d\u00e9cembre \n2008 relatif \u00e0 l'exercice \u00e0 titre \nindividuel de l'activit\u00e9 de \nmandataire judiciaire \u00e0 la \nprotection des majeurs et de \nl'activit\u00e9 de d\u00e9l\u00e9gu\u00e9 aux  \nprestations familial \nD\u00e9livrance des agr\u00e9ments aux mandataires \njudiciaires de la protection des majeurs et \naux d\u00e9l\u00e9gu\u00e9s aux prestations familiales en \ntant que personnes physiques ; \nArticles L.313-1 \u00e0 L.313 -10, \narticles L.313 -13 et L.313 -14 du \ncode de l'action sociale et des \nfamilles \nConventionnement des mandataires \njudiciaires de la protection des majeurs, \npersonnes physiques, relatif \u00e0 leur \nr\u00e9mun\u00e9ration relevant de la part \u00c9tat ; \nArticles L. 314 -1 et L.314 -2 du \ncode de l'action sociale et des \nfamilles \nArr\u00eat\u00e9s d'autorisation de cr\u00e9ation, \nd'extension et de transformation de services \ntut\u00e9laires ; \nArticle L 351.1 du code de \nl'action sociale t des familles \nArr\u00eat\u00e9s de tarification des prestations \nfournies par les services tut\u00e9laires ; \n- Contr\u00f4le et approbation des documents \nbudg\u00e9taires et des d\u00e9lib\u00e9rations ; \n- M\u00e9moires en r\u00e9ponse au contentieux de \nla tarification ; \n- Exercice des missions de tutelle et de \ncontr\u00f4le : inspections, contr\u00f4les et \npouvoir d'injonctions \nArticles L 331 -1 \u00e0 L 331 -9 du \ncode de l'action sociale et des \nfamilles \n2. Dispositions relatives \u00e0 la protection des personnes vuln\u00e9rables  \nDroits des \npersonnes \nhandicap\u00e9es  \nD\u00e9livrance des cartes de stationnement aux \norganismes utilisant un v\u00e9hicule destin\u00e9 au \ntransport collectif des personnes \nhandicap\u00e9es \nArticles L.241-3-2 et R.241-18 \ndu code de l'action sociale et \ndes familles \nDirection r\u00e9gionale et interd\u00e9partementale de l'\u00e9conomie, de l'emploi, du travail et des solidarit\u00e9s d'\u00cele-de-France -\nIDF-2025-08-29-00003 - D\u00e9cision n\u00b0 2025-169 du 29 ao\u00fbt 2025\nPortant subd\u00e9l\u00e9gation de signature de Monsieur Fabrice MASI, Directeur r\u00e9gional et interd\u00e9partemental de l'\u00c9conomie, de l'Emploi,\ndu Travail et des Solidarit\u00e9s d'\u00cele-de-France, aux agents de l'unit\u00e9 d\u00e9partementale de la Seine-Saint-Denis\n12\n5 / 9 \nM\u00e9moires en r\u00e9ponse pour les contentieux \nform\u00e9s devant le tribunal administratif et \nrelatifs \u00e0 l'attribution des cartes de \nstationnement aux personnes handicap\u00e9es \nArticles L 111 -7 et R.111-18 et \nsuivants du code de la \nconstruction et de l'habitation  \n3- Travail et emploi \nSalaires et \nconseillers des \nsalari\u00e9s \n \n\u00c9tablissement du tableau des temps \nn\u00e9cessaires \u00e0 l'ex\u00e9cution des travaux des \ntravailleurs \u00e0 domicile \nArticle L.7422-2 du code du \ntravail \nFixation du salaire horaire minimum et des frais \nd'atelier ou accessoires des travailleurs \u00e0 \ndomicile  \nArticles L.7422-6 et L.7422-11 \ndu code du travail  \nFixation de la valeur des avantages et \nprestations en nature entrant dans le calcul de \nl'indemnit\u00e9 de cong\u00e9s pay\u00e9s \nArticle L.3141-23 du code du \ntravail \nD\u00e9cision relative au remboursement \u00e0 \nl'employeur de l'allocation compl\u00e9mentaire \nservie aux salari\u00e9s b\u00e9n\u00e9ficiant de la \nr\u00e9mun\u00e9ration mensuelle minimale \nArticles L.3232-7 et L.3232-8, \nR.3232-3 et R.3232-4 du code \ndu travail \nD\u00e9cision relative au paiement direct aux \nsalari\u00e9s de l'allocation compl\u00e9mentaire servie \naux salari\u00e9s b\u00e9n\u00e9ficiant de la r\u00e9mun\u00e9ration \nmensuelle minimale \nArticles L.3232-7 et L.3232-8, \nR.3232-6 du code du travail \nArr\u00eat\u00e9 fixant la liste des conseillers des salari\u00e9s Articles D.1232-4 et - D.12325 \ndu code du travail \nD\u00e9cision en mati\u00e8re de remboursement des \nfrais de d\u00e9placement (r\u00e9els ou forfaitaires) \nexpos\u00e9s par les conseillers du salari\u00e9 \nArticles D. 1232-7 et D. 1232-8 \ndu code du travail \nD\u00e9cision en mati\u00e8re de remboursement aux \nemployeurs des salaires maintenus aux \nconseillers du salari\u00e9 pour l'exercice de leur \nmission \nArticle L.1232-11 du code du \ntravail ; \nAgr\u00e9ment des contr\u00f4leurs des caisses de \ncong\u00e9s pay\u00e9s \nArticle D.3141-11 du code du \ntravail \nExtension des avenants de salaires en \nagriculture au niveau d\u00e9partemental \nArticle D.2261-6 du code du \ntravail  \nRepos \ndominical \nD\u00e9rogation au repos dominical Articles L.3132-20 et L. 3132-21 \ndu code du travail  \nJeunes de \nmoins de 18 ans \n \nD\u00e9livrance, renouvellement, suspension, retrait \nde l'agr\u00e9ment des caf\u00e9s et brasseries pour \nemployer ou recevoir en stage des jeunes de 16 \n\u00e0 18 ans suivant une formation en alternance \nArticles L.4153-6, R.4153-8 et \nR.4153-12 du code du travail, \narticle L.2336-4 du code de la \nsant\u00e9 publique \nDirection r\u00e9gionale et interd\u00e9partementale de l'\u00e9conomie, de l'emploi, du travail et des solidarit\u00e9s d'\u00cele-de-France -\nIDF-2025-08-29-00003 - D\u00e9cision n\u00b0 2025-169 du 29 ao\u00fbt 2025\nPortant subd\u00e9l\u00e9gation de signature de Monsieur Fabrice MASI, Directeur r\u00e9gional et interd\u00e9partemental de l'\u00c9conomie, de l'Emploi,\ndu Travail et des Solidarit\u00e9s d'\u00cele-de-France, aux agents de l'unit\u00e9 d\u00e9partementale de la Seine-Saint-Denis\n13\n6 / 9 \nH\u00e9bergement \ncollectif \n \nAccus\u00e9 de r\u00e9ception de la d\u00e9claration par un \nemployeur de l'affectation d'un local \u00e0 \nl'h\u00e9bergement, mises en demeures et d\u00e9cision \nde fermeture concernant le local \nArticles 1, 5, 6 et 7 de la loi n\u00b0 \n73-548 du 27 juin 1973 \nmodifi\u00e9e sur l'h\u00e9bergement \ncollectif \nConciliation Proc\u00e9dure de conciliation Articles L.2522-4 et R.2522-1 \u00e0 \nR.2522-21 du code du travail \nComit\u00e9 \ninterentreprises \nde sant\u00e9 et \ns\u00e9curit\u00e9 au \ntravail (CISST) \nMise en place d'un CISST dans le p\u00e9rim\u00e8tre \nd'un plan de pr\u00e9vention des risques \ntechnologiques (d\u00e9cision de mise en place, \ninvitation des membres) \nArticles L.4524-1 et R.4524-1 \u00e0 \nR.4524-9 du code du travail \nApprentissage \net alternance \nD\u00e9cision d'opposition \u00e0 l'engagement \nd'apprentis et \u00e0 la poursuite des contrats en \ncours \nArticles L.6223-1 et L.6225-l \u00e0 \nL.6225-3-1, R.6223-16 et \nR.6225-4 \u00e0 R.6225-8 du code \ndu travail \nD\u00e9p\u00f4t du contrat dans le secteur public non \nindustriel et commercial  \nArticles L. 6227-11, D. 6275-1, \nD.6275-2, R.6275-3, D.6275-4 \net D. 6275-5 du code du \ntravail); \nAide aux \nsalari\u00e9s plac\u00e9s \nen activit\u00e9 \npartielle (tous \ndispositifs) \nTous les actes, avis, observations, propositions, \npr\u00e9paratoires aux d\u00e9cisions d'octroi ou de refus \ndu b\u00e9n\u00e9fice du dispositif d'activit\u00e9 partielle, \nainsi que les d\u00e9cisions relatives au retrait du \nb\u00e9n\u00e9fice du dispositif. \nTous recours juridictionnel s et m\u00e9moires s'y \nrapportant. \n \nArt. L.5122-1 et R.5122-1 et \nsuivants du code du travail \ns'agissant du dispositif \nd'activit\u00e9 partielle \nArt. 53 de la loi du 17 juin 2020 \net du d\u00e9cret n\u00b02020-926 du 28 \njuillet 2020 \nArt. 193 de la loi n\u00b02025-127 du \n14 f\u00e9vrier 2025 et pr\u00e9vus par le \nd\u00e9cret n\u00b02025-338 \nEmploi \n \n \n \n \n \n \n \n \n \n \n \n \nConvention conclue avec des entreprises de \nmoins de 300 salari\u00e9s pour- faire proc\u00e9der \u00e0 \nune \u00e9tude de situation en termes d'\u00e9galit\u00e9 \nprofessionnelle \nArticle R.1143-1 du code du \ntravail  \nConvention FNE, notamment : d'allocation \ntemporaire d\u00e9gressive, d'allocation sp\u00e9ciale, de \ncong\u00e9 de conversion, de cellule de \nreclassement, de formation et d'adaptation, \ncessation d'activit\u00e9 de certains travailleurs \nsalari\u00e9s \nArticles L.5111-1 \u00e0 L.5111-3, \nL.5123-1 \u00e0 L.5123-9, L.1233-1, \nL.1233-3, L.1233-4, R.5112-11, et \nL.5124-1, R.5123-3 et R.5111-1 et \nR.5111-2, R. 5123-1 \u00e0 R 5123-41 \ndu code du travail, circulaires \nDGEFP n\u00b02004-004 du 30 juin \n2004 et n\u00b02008-09 du 19 juin \n2008 \nD\u00e9cision d'agr\u00e9ment des accords et \nconventions d'aide \u00e0 l'adaptation des salari\u00e9s \naux \u00e9volutions de l'emploi \nArticles L.5121-4 et L. 5121-5 et \nR.5121-14 \u00e0 R. 5121-18 du code \ndu travail \nConvention d'appui \u00e0 l'\u00e9laboration d'un plan \nde gestion pr\u00e9visionnelle de l'emploi et des \ncomp\u00e9tences pour pr\u00e9parer les entreprises \u00e0 la \nGPEC \nArticles L.5121-3, D.5121-4 \u00e0 \nD.5121-13 du code du travail \nConvention d'engagement de d\u00e9veloppement \nde l'emploi et des comp\u00e9tences \nArticles L.5121-1, L.5121-23, \nD.5121-1 \u00e0 D.5121-3 du code du \ntravail \nDirection r\u00e9gionale et interd\u00e9partementale de l'\u00e9conomie, de l'emploi, du travail et des solidarit\u00e9s d'\u00cele-de-France -\nIDF-2025-08-29-00003 - D\u00e9cision n\u00b0 2025-169 du 29 ao\u00fbt 2025\nPortant subd\u00e9l\u00e9gation de signature de Monsieur Fabrice MASI, Directeur r\u00e9gional et interd\u00e9partemental de l'\u00c9conomie, de l'Emploi,\ndu Travail et des Solidarit\u00e9s d'\u00cele-de-France, aux agents de l'unit\u00e9 d\u00e9partementale de la Seine-Saint-Denis\n14\n7 / 9 \n \n \n \n \n \n \n \n \n \n \n \n \nNotification d'assujettissement \u00e0 l'obligation \nd'une convention de revitalisation \nArticles L.1233-84 \u00e0 L.1233-89, \nD.1233-37, D.1233-38, D.1233-\n45 et  D.1233-46 du code du \ntravail \nDispositif local d'accompagnement \u2013 DLA- Article 61 de la loi n\u00b02014 -856 \ndu 31 juillet 2014 relative \u00e0 \nl'\u00e9conomie sociale et solidaire \net d\u00e9cret n\u00b02015 -1103 du 1 er \nseptembre 2015 relatif au \ndispositif local \nd'accompagnement \nAttribution, extension, renouvellement, retrait \nd'agr\u00e9ment d'une association ou d'une \nentreprise de services \u00e0 la personne \nArticles L.7232-1 et suivants du \ncode du travail \nConventionnement des missions locales Articles L. 5314-1 \u00e0 L. 5314-4 du \ncode du travail \nConvention relative \u00e0 l'insertion par l'activit\u00e9 \n\u00e9conomique \nArticles L.5132-2 et L.5132 -4, \nL.5132- L.5132-5, L.5132 -7, \nL.5132-8, L.5132-15, L.5132-16, R. \n5132-4 \u00e0 R. 5132-6, R. 5132- 15 et \nR. 5132-16, R.  5132-22, R.  5132-\n23, R.  5132-32 et R.  5132-33, \nR. 5132-36, R.  5132- 38 \u00e0 \nR. 5132- 47 du code du travail \nD\u00e9cision d'admission \u00e0 titre conservatoire ou \u00e0 \ntitre d\u00e9rogatoire, de prolongation, de \nsuspension ou de suppression de la garantie \njeunes \nArticles L.5131-5, L.5131-6, \nR.5131-17 et R.5131-18 du code \ndu travail \nAttribution, extension, renouvellement et \nretrait d'agr\u00e9ment \u00ab entreprises solidaires \nd'utilit\u00e9 sociale \u00bb \nArticle R 3332- 21-3 du code du \ntravail \nGarantie de \nressources des \ntravailleurs \npriv\u00e9s \nd'emploi \nExclusion ou r\u00e9duction temporaire ou d\u00e9finitive \ndu revenu de remplacement \nArticles L.5426- 2 \u00e0 L.5426-9, \nR.5426-1 \u00e0 R.5426-17 du code \ndu travail  \nFormation \nprofessionnelle \net certification \nRemboursement des r\u00e9mun\u00e9rations per\u00e7ues \npar les stagiaires AFPA abandonnant, sans motif \nvalable, leur stage de formation \nD\u00e9livrance du titre professionnel - \nD\u00e9signation du jury \u2013 Valorisation des \nacquis et de l'exp\u00e9rience (VAE) : \nrecevabilit\u00e9 VAE \n \nArticles R.6341-45 \u00e0 6341-48 du \ncode du travail \n \nArticles R.338-6 et 7 du code \nde l'\u00e9ducation - loi n\u00b02002-73 \ndu 17/01/2002 susvis\u00e9e, d\u00e9cret \nn\u00b02002-615 du 26/04/2002 \nsusvis\u00e9, arr\u00eat\u00e9 du 9/03/2006 \nObligation \nd'emploi des \ntravailleurs en \nsituation de \nhandicap \nSanction administrative pour non-respect des \nobligations d'emploi \nArticle R.5212-31 du code du \ntravail  \nAgr\u00e9ment des accords de groupe, d'entreprise \nou d'\u00e9tablissement en faveur des travailleurs \nhandicap\u00e9s \nArticles L.5212-8 et R.5212-15 \ndu code du travail  \nTravailleurs en \nsituation de \nSubvention d'installation d'un travailleur \nhandicap\u00e9 \nArticles R.5213-52, D.5213-53 \u00e0 \nD.5213- 61 du code du travail  \nDirection r\u00e9gionale et interd\u00e9partementale de l'\u00e9conomie, de l'emploi, du travail et des solidarit\u00e9s d'\u00cele-de-France -\nIDF-2025-08-29-00003 - D\u00e9cision n\u00b0 2025-169 du 29 ao\u00fbt 2025\nPortant subd\u00e9l\u00e9gation de signature de Monsieur Fabrice MASI, Directeur r\u00e9gional et interd\u00e9partemental de l'\u00c9conomie, de l'Emploi,\ndu Travail et des Solidarit\u00e9s d'\u00cele-de-France, aux agents de l'unit\u00e9 d\u00e9partementale de la Seine-Saint-Denis\n15\n8 / 9 \nhandicap Aides financi\u00e8res pour l'adaptation du lieu de \ntravail et pour le renforcement de \nl'encadrement des travailleurs handicap\u00e9s \nArticles L.5213-10 ; R.5213.33 \u00e0 \nR.5213.38 du code du travail \nM\u00e9dailles \nd'honneur du \ntravail \nAttribution de la m\u00e9daille d'honneur du travail \n(secteur priv\u00e9) \nD\u00e9cret n\u00b084-591 du 4 juillet \n1984 modifi\u00e9 relatif \u00e0 la \nm\u00e9daille d'honneur du travail \n \nArticle 2 \n \nEn cas d'absence ou d'emp\u00eachement de David SOUBRI\u00c9 , la subd\u00e9l\u00e9gation de signature sera exerc\u00e9e \npar : \n \n- Madame Laurence DEGENNE-SHORTEN, directrice adjointe de l'unit\u00e9 d\u00e9partementale \nde Seine-Saint-Denis ; \n- Monsieur Matthieu CHAPELON , responsable du p\u00f4le \u00ab  Entreprises, Emploi et \nsolidarit\u00e9s \u00bb ; \n- Monsieur Alexandre AZARI, responsable du p\u00f4le \u00ab Politiques du travail \u00bb ; \n- Monsieur Pierre -Yves HANNUS, chef du service d'appui du syst\u00e8me d'inspection du \ntravail. \n \n \n \nEt dans la limite de leurs attributions, par : \n \n- Monsieur Th\u00e9o COPPEL, chef du d\u00e9partement \u00ab protection et insertion des jeunes \u00bb; \n- Monsieur Yves DOUBLIER, chef du d\u00e9partement accompagnement des entreprises ; \n- Madame M\u00e9lissa CHOLLET -MAKOUCHE, cheffe du service \u00ab d\u00e9veloppement de \nl'emploi et des comp\u00e9tences  \u00bb, adjointe au chef du d\u00e9partement accompagnement \ndes entreprises ; \n- Monsieur Sayaf EL -MABROUK, chef du service \u00ab int\u00e9gration \u00bb, adjoint au chef du \nd\u00e9partement protection et insertion des jeunes  \n- Madame Ang\u00e9 lica TRINDADE -CHADEAU, cheffe du d\u00e9partement \u00ab  animation \nterritoriale \u00bb ; \n- Madame Elodie ALMERAS, cheffe du d\u00e9partement \u00ab protection et insertion des \nadultes \u00bb ; \n- Monsieur Kaevin TALON, chef de la section centrale travail \n \nArticle 3 \n \nSont exclus de la d\u00e9l\u00e9gation consentie \u00e0 l'article 1 du pr\u00e9sent arr\u00eat\u00e9 : \n \n- Les arr\u00eat\u00e9s ayant un caract\u00e8re r\u00e9glementaire de port\u00e9e g\u00e9n\u00e9rale ; \n- Les circulaires et instructions g\u00e9n\u00e9rales adress\u00e9es aux maires du d\u00e9partement et aux pr\u00e9sidents \ndes \u00e9tablissements publics territoriaux. \n \nArticle 4 \n \nLes d\u00e9cisions relatives \u00e0 la pr\u00e9sente d\u00e9l\u00e9gation ainsi que toutes les correspondances ou actes relatifs aux \ndossiers instruits par la direction r\u00e9gionale et interd\u00e9partementale de l'\u00e9conomie, de l'emploi, du travail \net des solidarit\u00e9s d'\u00cele-de- France doivent \u00eatre sign\u00e9s dans les conditions suivantes : \n \nDirection r\u00e9gionale et interd\u00e9partementale de l'\u00e9conomie, de l'emploi, du travail et des solidarit\u00e9s d'\u00cele-de-France -\nIDF-2025-08-29-00003 - D\u00e9cision n\u00b0 2025-169 du 29 ao\u00fbt 2025\nPortant subd\u00e9l\u00e9gation de signature de Monsieur Fabrice MASI, Directeur r\u00e9gional et interd\u00e9partemental de l'\u00c9conomie, de l'Emploi,\ndu Travail et des Solidarit\u00e9s d'\u00cele-de-France, aux agents de l'unit\u00e9 d\u00e9partementale de la Seine-Saint-Denis\n16\n9 / 9 \nPOUR LE PR\u00c9FET DE LA SEINE-SAINT-DENIS \nET PAR SUBD\u00c9L\u00c9GATION \n(suivi de la fonction, du pr\u00e9nom et du nom du b\u00e9n\u00e9ficiaire de la subd\u00e9l\u00e9gation) et adress\u00e9s sous le timbre \nsuivant : \n \nPR\u00c9FET DE LA SEINE-SAINT-DENIS \nDirection r\u00e9gionale et interd\u00e9partementale de l'\u00e9conomie, de l'emploi, du travail et des solidarit\u00e9s d'\u00cele-\nde-France \n \nArticle 5 \n \nUne copie de cette d\u00e9cision de subd\u00e9l\u00e9gation sera adress\u00e9e \u00e0 la pr\u00e9fecture de la Seine-Saint-Denis. \n \n \nArticle 6 \n \nLa d\u00e9cision prend effet \u00e0 la date de sa publication et abroge la d\u00e9cision n\u00b0 2025-107 du 6 juin 2025. \n \n \n \nArticle 7 \n \nLe Directeur r\u00e9gional et interd\u00e9partemental de l'\u00e9conomie, de l'emploi, du travail et des solidarit\u00e9s d'\u00cele-\nde-France et les subd\u00e9l\u00e9gataires mentionn\u00e9s ci-dessus, sont charg\u00e9s, chacun  en ce qui l e concerne, de \nl'ex\u00e9cution de la pr\u00e9sente d\u00e9cision qui sera publi\u00e9e aux recueils des actes administratifs de la pr\u00e9fecture \nde la r\u00e9gion et de la pr\u00e9fecture de la Seine-Saint-Denis. \n \n \nFait \u00e0 Aubervilliers le 29 ao\u00fbt 2025 \n \nLe Directeur r\u00e9gional et interd\u00e9partemental de \nl'\u00e9conomie, de l'emploi, du travail et des \nsolidarit\u00e9s  \n \nSIGN\u00c9 \n \nFabrice MASI \n \nDirection r\u00e9gionale et interd\u00e9partementale de l'\u00e9conomie, de l'emploi, du travail et des solidarit\u00e9s d'\u00cele-de-France -\nIDF-2025-08-29-00003 - D\u00e9cision n\u00b0 2025-169 du 29 ao\u00fbt 2025\nPortant subd\u00e9l\u00e9gation de signature de Monsieur Fabrice MASI, Directeur r\u00e9gional et interd\u00e9partemental de l'\u00c9conomie, de l'Emploi,\ndu Travail et des Solidarit\u00e9s d'\u00cele-de-France, aux agents de l'unit\u00e9 d\u00e9partementale de la Seine-Saint-Denis\n17","date":"2025-09-03","first_seen_on":"2025-09-03T16:46:59+00:00","id":"ee80d4605ad5abe0d6f9c55a9980beafc981c7d9156c3b65b78e0a7f53c9bdbf","name":"recueilDS-idf-013-2025-09-recueil-des-actes-administratifs-special  du 03.09.2025","pdf_creation_date":"2025-09-03T14:34:35+00:00","pdf_modification_date":null,"timezone":"Europe/Paris","url":"https://www.prefectures-regions.gouv.fr/ile-de-france/irecontenu/telechargement/130657/960752/file/recueilDS-idf-013-2025-09-recueil-des-actes-administratifs-special%20%20du%2003.09.2025.pdf"}
