{"administration":"pref21","administration_name":"Pr\u00e9fecture de C\u00f4te-d\u2019Or","content":"PR\u00c9FET\nDE LA C\u00d4TE-D'OR\nRECUEIL DES ACTES\nADMINISTRATIFS SP\u00c9CIAL\nN\u00b021-2025-070\nPUBLI\u00c9 LE 20 MAI 2025\nSommaire\nPr\u00e9fecture de la C\u00f4te-d'Or / Direction de la coordination, des politiques\npubliques et de l'appui territorial\n21-2025-05-16-00008 - Arr\u00eat\u00e9 pr\u00e9fectoral n\u00b0 686 du 16 mai\n2025\nmodifiant l'arr\u00eat\u00e9 pr\u00e9fectoral n\u00b0 180 du 14 d\u00e9cembre\n2024 portant d\u00e9signation des membres de la commission\nd\u00e9partementale\nd'examen des situations de surendettement des\nparticuliers (2 pages) Page 3\nPr\u00e9fecture de la C\u00f4te-d'Or / Direction des s\u00e9curit\u00e9s\n21-2025-05-19-00003 - Arr\u00eat\u00e9 pr\u00e9fectoral N\u00b0693\nautorisant la\ncaptation, l'enregistrement et la transmission d'images\nau moyen\nde cam\u00e9ras install\u00e9es sur des a\u00e9ronefs (4 pages) Page 6\n21-2025-05-19-00004 - Arr\u00eat\u00e9 pr\u00e9fectoral N\u00b0695\nautorisant la\ncaptation, l'enregistrement et la transmission d'images\nau moyen\nde cam\u00e9ras install\u00e9es sur des a\u00e9ronefs (4 pages) Page 11\n2\nPr\u00e9fecture de la C\u00f4te-d'Or\nDirection de la coordination, des politiques\npubliques et de l'appui territorial\n21-2025-05-16-00008\nArr\u00eat\u00e9 pr\u00e9fectoral n\u00b0 686 du 16 mai 2025\nmodifiant l'arr\u00eat\u00e9 pr\u00e9fectoral n\u00b0 180 du 14\nd\u00e9cembre 2024 portant d\u00e9signation des\nmembres de la commission d\u00e9partementale\nd'examen des situations de surendettement des\nparticuliers\nPr\u00e9fecture de la C\u00f4te-d'Or - 21-2025-05-16-00008 - Arr\u00eat\u00e9 pr\u00e9fectoral n\u00b0 686 du 16 mai 2025\nmodifiant l'arr\u00eat\u00e9 pr\u00e9fectoral n\u00b0 180 du 14 d\u00e9cembre 2024 portant d\u00e9signation des membres de la commission d\u00e9partementale\nd'examen des situations de surendettement des particuliers\n3\nExPREFETDE LACOTE-D'ORLibert\u00e9Egalit\u00e9Fraternit\u00e9\nDirection de la coordination\ndes politiques publiques\net de l'appui territorial\nArr\u00eat\u00e9 pr\u00e9fectoral n\u00b0 686 du 16 mai 2025\nmodifiant l'arr\u00eat\u00e9 pr\u00e9fectoral n\u00b0 180 du 14 d\u00e9cembre 2024 \nportant d\u00e9signation des membres de la commission d\u00e9partementale\nd'examen des situations de surendettement des particuliers\nLe pr\u00e9fet de la C\u00f4te-d'Or\nVU le Code de la consommation, notamment ses articles L712-1 \u00e0 L712-9 et R712-1 \u00e0 R712-12 ;\nVU l'arr\u00eat\u00e9 pr\u00e9fectoral n\u00b0 1442 / SG du 02 octobre 2023 modifiant l'arr\u00eat\u00e9 pr\u00e9fectoral n\u00b0 136 / SG  \ndu 02 f\u00e9vrier 2022 ;\nCONSID\u00c9RANT QUE,  suite au d\u00e9part de M. Christian CANCE, le pr\u00e9sident de la F\u00e9d\u00e9ration  \nfran\u00e7aise de Banque de Bourgogne-Franche-Comt\u00e9 a proc\u00e9d\u00e9 \u00e0 une nouvelle d\u00e9signation des  \nrepr\u00e9sentants des cr\u00e9anciers au sein de la commission d\u00e9partementale d'examen des situations de \nsurendettement des particuliers de C\u00f4te-d'Or ;\nSUR proposition du secr\u00e9taire g\u00e9n\u00e9ral de la pr\u00e9fecture de la C\u00f4te-d'Or ;\nARR\u00caTE\nArticle 1er : L'arr\u00eat\u00e9 pr\u00e9fectoral n\u00b0 180 du 14 d\u00e9cembre 2024  est modifi\u00e9 \u00e0 compter du pr\u00e9sent  \narr\u00eat\u00e9, conform\u00e9ment aux dispositions suivantes.\nArticle  2 : La  commission  d\u00e9partementale  d'examen  des  situations  de  surendettement  des  \nparticuliers, cr\u00e9\u00e9e par arr\u00eat\u00e9 pr\u00e9fectoral du 7 mars 1990, est constitu\u00e9e comme suit :\nMembres de droit :\n\u2013 Le  pr\u00e9fet  de  la  C\u00f4te-d'Or,  pr\u00e9sident  de  la  commission  ou  son  d\u00e9l\u00e9gu\u00e9,  le  sous-pr\u00e9fet  de \nl'arrondissement de Beaune.\nEn cas d'emp\u00eachement, le d\u00e9l\u00e9gu\u00e9 du pr\u00e9fet peut se faire repr\u00e9senter par l'un des deux agents de  \ncat\u00e9gorie A de l'administration territoriale de l'\u00c9tat de C\u00f4te-d'Or, nominativement d\u00e9sign\u00e9s \u00e0 cet  \neffet dans le r\u00e8glement int\u00e9rieur de la commission, qu'il choisit parmi les membres du corps  \npr\u00e9fectoral, les chefs des services d\u00e9concentr\u00e9s de l'\u00c9tat ou leurs adjoints ou les directeurs de  \npr\u00e9fecture\nPr\u00e9fecture de la C\u00f4te-d'Or\n53, rue de la Pr\u00e9fecture\n21 041 Dijon cedex\n03.80.44.64.0\nPr\u00e9fecture de la C\u00f4te-d'Or - 21-2025-05-16-00008 - Arr\u00eat\u00e9 pr\u00e9fectoral n\u00b0 686 du 16 mai 2025\nmodifiant l'arr\u00eat\u00e9 pr\u00e9fectoral n\u00b0 180 du 14 d\u00e9cembre 2024 portant d\u00e9signation des membres de la commission d\u00e9partementale\nd'examen des situations de surendettement des particuliers\n4\n\u2013 Le responsable d\u00e9partemental de la Direction R\u00e9gionale des Finances Publiques de la r\u00e9gion  \nBourgogne-Franche-Comt\u00e9 et du d\u00e9partement de la C\u00f4te-d'Or, vice-pr\u00e9sident de la commission ou  \nson d\u00e9l\u00e9gu\u00e9, M. Taoufik ZOUAF, inspecteur des finances publiques \u00e0 la direction r\u00e9gionale des  \nfinances publiques de Bourgogne-Franche-Comt\u00e9 et du d\u00e9partement de la C\u00f4te-d'Or. \nEn cas d'emp\u00eachement, le d\u00e9l\u00e9gu\u00e9 du responsable d\u00e9partemental de la Direction R\u00e9gionale des  \nFinances Publiques de la r\u00e9gion Bourgogne-Franche-Comt\u00e9 et du d\u00e9partement de la C\u00f4te-d'Or  \npeut se faire repr\u00e9senter par l'un des deux agents de cat\u00e9gorie A de la direction r\u00e9gionale des  \nfinances  publiques  de  Bourgogne-Franche-Comt\u00e9  et  du  d\u00e9partement  de  la  C\u00f4te-d'Or,  \nnominativement d\u00e9sign\u00e9s \u00e0 cet effet dans le r\u00e8glement int\u00e9rieur de la commission.\n\u2013 Le directeur d\u00e9partemental de la Banque de France ou son repr\u00e9sentant assurant le secr\u00e9tariat  \nde la commission.\nMembres d\u00e9sign\u00e9s non permanents :\n\u2013 Le  repr\u00e9sentant  de  l'association  fran\u00e7aise  des  \u00e9tablissements  de  cr\u00e9dit  et  des  entreprises \nd'investissement (AFECEI)  : Monsieur Vincent MARECHAL, directeur du groupe Agences, LCL  \nmembre titulaire, ou Madame Christelle MANERA, responsable du p\u00f4le contentieux particuliers \u00e0 la \nBanque Populaire de Bourgogne-Franche-Comt\u00e9, membre suppl\u00e9ant.\n\u2013 Le repr\u00e9sentant des associations familiales ou de consommateurs  : M.  Emmanuel JASPART, \nrepr\u00e9sentant  la  Conf\u00e9d\u00e9ration  syndicale  des  familles  (CSF),  membre  titulaire,  ou  M.  Fran\u00e7ois \nGUILLAUME,  repr\u00e9sentant  l'Union  D\u00e9partementale  des  Associations  Familiales  de  C\u00f4te  d'Or, \nmembre suppl\u00e9ant.\n\u2013 Mme  S\u00e9verine  LAGIER,  conseill\u00e8re  en  \u00e9conomie  sociale  et  familiale  qualifi\u00e9e  en  mati\u00e8re \nd'\u00e9conomie sociale au conseil d\u00e9partemental de la C\u00f4te-d'Or, membre titulaire, ou Mme Sylvie  \nDUCHASSIN, conseill\u00e8re en \u00e9conomie sociale et familiale au conseil d\u00e9partemental de la C\u00f4te-\nd'Or, membre suppl\u00e9ant.\n\u2013 Mme Christine DAUTIN, charg\u00e9e des affaires juridiques et institutionnelles de la FDSEA.\nArticle 3  : Les membres non permanents de cette instance sont d\u00e9sign\u00e9s pour une p\u00e9riode de  \ndeux ans renouvelable. Le renouvellement de ces membres s'op\u00e8re par tacite reconduction.\nArticle 4 : M. le secr\u00e9taire g\u00e9n\u00e9ral de la pr\u00e9fecture de la C\u00f4te-d'Or est charg\u00e9 de l'ex\u00e9cution du  \npr\u00e9sent arr\u00eat\u00e9 qui sera publi\u00e9 au recueil des actes administratifs de la pr\u00e9fecture de la C\u00f4te-d'Or et  \nadress\u00e9 \u00e0 l'ensemble des membres de la commission.\nFait \u00e0 Dijon, le 16 mai 2025\nLe pr\u00e9fet,\npour le pr\u00e9fet et par d\u00e9l\u00e9gation\nle secr\u00e9taire g\u00e9n\u00e9ral\nsign\u00e9\nDenis BRUEL\nPr\u00e9fecture de la C\u00f4te-d'Or\n53, rue de la Pr\u00e9fecture\n21 041 Dijon cedex\n03.80.44.64.0\nPr\u00e9fecture de la C\u00f4te-d'Or - 21-2025-05-16-00008 - Arr\u00eat\u00e9 pr\u00e9fectoral n\u00b0 686 du 16 mai 2025\nmodifiant l'arr\u00eat\u00e9 pr\u00e9fectoral n\u00b0 180 du 14 d\u00e9cembre 2024 portant d\u00e9signation des membres de la commission d\u00e9partementale\nd'examen des situations de surendettement des particuliers\n5\nPr\u00e9fecture de la C\u00f4te-d'Or\nDirection des s\u00e9curit\u00e9s\n21-2025-05-19-00003\nArr\u00eat\u00e9 pr\u00e9fectoral N\u00b0693\nautorisant la captation, l'enregistrement et la\ntransmission d'images\nau moyen de cam\u00e9ras install\u00e9es sur des a\u00e9ronefs\nPr\u00e9fecture de la C\u00f4te-d'Or - 21-2025-05-19-00003 - Arr\u00eat\u00e9 pr\u00e9fectoral N\u00b0693\nautorisant la captation, l'enregistrement et la transmission d'images\nau moyen de cam\u00e9ras install\u00e9es sur des a\u00e9ronefs\n6\nPr\u00e9fecture de la C\u00f4te-d'Or - 21-2025-05-19-00003 - Arr\u00eat\u00e9 pr\u00e9fectoral N\u00b0693\nautorisant la captation, l'enregistrement et la transmission d'images\nau moyen de cam\u00e9ras install\u00e9es sur des a\u00e9ronefs\n7\nCONSIDERANT, d'une part, que les \u00ab rod\u00e9os urbains \u00bb, qui se caract\u00e9risent par des comportementsill\u00e9gaux sur la voie publique r\u00e9alis\u00e9s par les conducteurs de deux roues, au m\u00e9pris des r\u00e9gles deprudence et du code de la route, compromettant la s\u00e9curit\u00e9 des usagers et des riverains, rendentn\u00e9cessaire une r\u00e9gulation des flux de transports en vue de pr\u00e9venir des accidents graves dont ilscr\u00e9ent directement les conditions; que, d'autre part, compte tenu des risques extr\u00eames qu'ilsengendrent pour la s\u00e9curit\u00e9 des personnes, des nuisances sonores consid\u00e9rables qu'ils causent pourle voisinage et du ph\u00e9nom\u00e8ne de privatisation agressive de |'espace public qu'ils impliquent, ilsg\u00e9n\u00e8rent des tensions tr\u00e8s importantes entre riverains et exposent les lieux o\u00f9 ils se d\u00e9roulent \u00e0 desrisques d'agression au sens des dispositions pr\u00e9cit\u00e9es du 1\u00b0 de l'article L. 242-5 du code de las\u00e9curit\u00e9 int\u00e9rieure ;CONSID\u00c9RANT que compte tenu du risque s\u00e9rieux de troubles \u00e0 l'ordre public r\u00e9sultant du \u00ab rod\u00e9ourbain \u00bb projet\u00e9, le recours \u00e0 des dispositifs de captation install\u00e9s sur des a\u00e9ronefs pr\u00e9sente l'int\u00e9r\u00eatde permettre aux forces de s\u00e9curit\u00e9 de b\u00e9n\u00e9ficier d'une vision en grand angle pour pouvoiridentifier et pr\u00e9venir rapidement le risque d'incident tout en limitant l''engagement des forces ausol, permettant de prot\u00e9ger leur int\u00e9grit\u00e9 physique du risque d'altercation ou de refusd'obtemp\u00e9rer; qu'il n'existe pas de dispositif moins intrusif permettant de parvenir aux m\u00eamesfins;CONSIDERANT que la demande porte sur l'engagement de deux cam\u00e9ras a\u00e9roport\u00e9es pendant ladur\u00e9e des op\u00e9rations de lutte contre les \u00ab rod\u00e9os urbains \u00bb ; que les lieux surveill\u00e9s sont strictementlimit\u00e9s au secteur d\u00e9finir par les forces de s\u00e9curit\u00e9 int\u00e9rieure pour ces op\u00e9rations au regard despr\u00e9c\u00e9dents \u00ab rod\u00e9os \u00bb d\u00e9ja constat\u00e9s, o\u00f9 sont susceptibles de se commettre les atteintes quel'usage des cam\u00e9ras a\u00e9roport\u00e9es vise \u00e0 pr\u00e9venir ; qu'au regard des circonstances sus mentionn\u00e9es, lademande n'appara\u00eet pas disproportionn\u00e9e ;CONSID\u00c9RANT que les op\u00e9rations doivent \u00eatre men\u00e9es avec la plus grande discr\u00e9tion; quel'information du public du public entrerait en contradiction avec les objectifs poursuivis ;SUR proposition de madame le directrice de cabinet du pr\u00e9fet de la r\u00e9gion Bourgogne-Franche-Comt\u00e9, pr\u00e9fet de la C\u00f4te-d'Or,\nARR\u00caTE\nArticle 1ler: La captation, l'enregistrement et la transmission d'images par la directioninterd\u00e9partementale de la police nationale de la C\u00f4te-d'Or, est autoris\u00e9e au titre des op\u00e9rations delutte contre les rod\u00e9os urbains pr\u00e9vues entre le 20 mai 2025 et le 19 ao\u00fbt 2025 inclus sur lacommune de Dijon ;\nArticle 2: Le nombre maximal de cam\u00e9ras pouvant proc\u00e9der simultan\u00e9ment aux traitementsmentionn\u00e9s \u00e0 l'article 1\u00b0\" est fix\u00e9 \u00e0 2, install\u00e9es sur deux drones :- Mavic 2 Enterprise de marque DJI, num\u00e9ro de s\u00e9rie 276 CH3NROA024B,- Mavic 2 Enterprise de marque DJI, num\u00e9ro de s\u00e9rie 2763]270H1HO016.\nArticle 3 : La pr\u00e9sente autorisation est accord\u00e9e pour le secteur list\u00e9 ci-dessous et dans les limitesdu p\u00e9rim\u00e8tre g\u00e9ographique figurant en annexe du pr\u00e9sent arr\u00eat\u00e9 :- pour le quartier de la Fontaine d'Ouche : rue des Marc d'Or, rue Bel Air, rue Lucien Joly, quai descarri\u00e8res blanches, all\u00e9e de St Nazaire, all\u00e9e d'Ajaccio, all\u00e9e de Than, avenue du lac, rue de lacombe \u00e0 la serpent, rue Tire Pesseau, boulevard Blanchard- pour le quartier des Gr\u00e9silles : avenue Poincar\u00e9, rond-point du 08 mai, rue Castelnau, rue Kessel,rue Marius Chanteur, rue de Cracovie, rond-point Auguste Gascon, avenue de Dallas, avenueChampollion, rue d'York, rue Becquerel\nPr\u00e9fecture de la C\u00f4te-d'Or - 21-2025-05-19-00003 - Arr\u00eat\u00e9 pr\u00e9fectoral N\u00b0693\nautorisant la captation, l'enregistrement et la transmission d'images\nau moyen de cam\u00e9ras install\u00e9es sur des a\u00e9ronefs\n8\nArticle 4 : Le pr\u00e9sent arr\u00e9t\u00e9 est publi\u00e9 au recueil des actes administratifs de la pr\u00e9fecture et peutfaire l'objet d'un recours contentieux devant le tribunal administratif de Dijon dans un d\u00e9lai dedeux mois \u00e0 compter de sa publication.Article 5 : Le directrice de cabinet du pr\u00e9fet de la r\u00e9gion Bourgogne-Franche-Comt\u00e9, pr\u00e9fet de laC\u00f4te-d'Or, le secr\u00e9taire g\u00e9n\u00e9ral de la pr\u00e9fecture de la C\u00f4te-d'Or et le directeur interd\u00e9partementalde la police nationale de la C\u00f4te-d'Or sont charg\u00e9s, chacun en ce qui le concerne, de l'ex\u00e9cution dupr\u00e9sent arr\u00eat\u00e9 qui sera adress\u00e9 pour copie au maire de la commune de Dijon et \u00e0 monsieur leprocureur de la R\u00e9publique pr\u00e8s le tribunal judiciaire de Dijon.\nFait \u00e0 Dijon, le 19 mai 2025\nLe pr\u00e9fet,Pour le pr\u00e9fet et par d\u00e9l\u00e9gation,La sous-pr\u00e9f\u00e8te, directrice de cabinet,\noriginal sign\u00e9\nAur\u00e9lie CONTRECIVILE\nPr\u00e9fecture de la C\u00f4te-d'Or - 21-2025-05-19-00003 - Arr\u00eat\u00e9 pr\u00e9fectoral N\u00b0693\nautorisant la captation, l'enregistrement et la transmission d'images\nau moyen de cam\u00e9ras install\u00e9es sur des a\u00e9ronefs\n9\nAnnexeQuartier de la Fontaine d'Ouche :\n\u00c9cole mate Ile ._ publiqueBuB\"}% 2eYol A Pharm ab ' \u00c7amplngCOmbe \u00b0dulacKi\\.o cr\u00ce/ .4;\nrderet C \"\nO z Express\n~\nT lyc\u00e9etes \u00bb\u00e2ci dor \u00a9 . \u00c0| $ N\u00a5, PEP CBFC Dispositif o/ o} Education et Loisirs de... \\ L \\ *\" cn o Contr\u00f4le Technique @\"'\u00a7 Dispositif Sensori\u00e7l [ 2 Jt: et Mmeur PEP CBFC... (g . \u00ee \" r dela Source > :\\_ /,\u2014;g' 7 'v@ \u00ab \u00db'\u00db < - . - -\u2014Rue des Ecayenne\u00ae = %, ' \\ qaaf?3\\ 0'% N h \\p\u00e8\" 1\u0153 % ,% \\\u00a9 L puede Belair_ L \\-  o' \\ \\ \\ - ERed'and Rroakfact.d L A . Clininna\nPr\u00e9fecture de la C\u00f4te-d'Or - 21-2025-05-19-00003 - Arr\u00eat\u00e9 pr\u00e9fectoral N\u00b0693\nautorisant la captation, l'enregistrement et la transmission d'images\nau moyen de cam\u00e9ras install\u00e9es sur des a\u00e9ronefs\n10\nPr\u00e9fecture de la C\u00f4te-d'Or\nDirection des s\u00e9curit\u00e9s\n21-2025-05-19-00004\nArr\u00eat\u00e9 pr\u00e9fectoral N\u00b0695\nautorisant la captation, l'enregistrement et la\ntransmission d'images\nau moyen de cam\u00e9ras install\u00e9es sur des a\u00e9ronefs\nPr\u00e9fecture de la C\u00f4te-d'Or - 21-2025-05-19-00004 - Arr\u00eat\u00e9 pr\u00e9fectoral N\u00b0695\nautorisant la captation, l'enregistrement et la transmission d'images\nau moyen de cam\u00e9ras install\u00e9es sur des a\u00e9ronefs\n11\nPr\u00e9fecture de la C\u00f4te-d'Or - 21-2025-05-19-00004 - Arr\u00eat\u00e9 pr\u00e9fectoral N\u00b0695\nautorisant la captation, l'enregistrement et la transmission d'images\nau moyen de cam\u00e9ras install\u00e9es sur des a\u00e9ronefs\n12\nCONSIDERANT, d'une part, que les \u00ab rod\u00e9os urbains \u00bb, qui se caract\u00e9risent par des comportementsill\u00e9gaux sur la voie publique r\u00e9alis\u00e9s par les conducteurs de deux roues, au m\u00e9pris des r\u00e9gles deprudence et du code de la route, compromettant la s\u00e9curit\u00e9 des usagers et des riverains, rendentn\u00e9cessaire une r\u00e9gulation des flux de transports en vue de pr\u00e9venir des accidents graves dont ilscr\u00e9ent directement les conditions; que, d'autre part, compte tenu des risques extr\u00eames qu'ilsengendrent pour la s\u00e9curit\u00e9 des personnes, des nuisances sonores consid\u00e9rables qu'ils causent pourle voisinage et du ph\u00e9nom\u00e8ne de privatisation agressive de |'espace public qu'ils impliquent, ilsg\u00e9n\u00e8rent des tensions tr\u00e8s importantes entre riverains et exposent les lieux o\u00f9 ils se d\u00e9roulent \u00e0 desrisques d'agression au sens des dispositions pr\u00e9cit\u00e9es du 1\u00b0 de l'article L. 242-5 du code de las\u00e9curit\u00e9 int\u00e9rieure ;CONSID\u00c9RANT que compte tenu du risque s\u00e9rieux de troubles \u00e0 l'ordre public r\u00e9sultant du \u00ab rod\u00e9ourbain \u00bb projet\u00e9, le recours \u00e0 des dispositifs de captation install\u00e9s sur des a\u00e9ronefs pr\u00e9sente l'int\u00e9r\u00eatde permettre aux forces de s\u00e9curit\u00e9 de b\u00e9n\u00e9ficier d'une vision en grand angle pour pouvoiridentifier et pr\u00e9venir rapidement le risque d'incident tout en limitant l''engagement des forces ausol, permettant de prot\u00e9ger leur int\u00e9grit\u00e9 physique du risque d'altercation ou de refusd'obtemp\u00e9rer; qu'il n'existe pas de dispositif moins intrusif permettant de parvenir aux m\u00eamesfins;CONSIDERANT que la demande porte sur l'engagement de deux cam\u00e9ras a\u00e9roport\u00e9es pendant ladur\u00e9e des op\u00e9rations de lutte contre les \u00ab rod\u00e9os urbains \u00bb ; que les lieux surveill\u00e9s sont strictementlimit\u00e9s au secteur d\u00e9finir par les forces de s\u00e9curit\u00e9 int\u00e9rieure pour ces op\u00e9rations au regard despr\u00e9c\u00e9dents \u00ab rod\u00e9os \u00bb d\u00e9ja constat\u00e9s, o\u00f9 sont susceptibles de se commettre les atteintes quel'usage des cam\u00e9ras a\u00e9roport\u00e9es vise \u00e0 pr\u00e9venir ; qu'au regard des circonstances sus mentionn\u00e9es, lademande n'appara\u00eet pas disproportionn\u00e9e ;CONSID\u00c9RANT que les op\u00e9rations doivent \u00eatre men\u00e9es avec la plus grande discr\u00e9tion; quel'information du public du public entrerait en contradiction avec les objectifs poursuivis ;SUR proposition de madame le directrice de cabinet du pr\u00e9fet de la r\u00e9gion Bourgogne-Franche-Comt\u00e9, pr\u00e9fet de la C\u00f4te-d'Or,\nARR\u00caTE\nArticle 1ler: La captation, l'enregistrement et la transmission d'images par la directioninterd\u00e9partementale de la police nationale de la C\u00f4te-d'Or, est autoris\u00e9e au titre des op\u00e9rations delutte contre les rod\u00e9os urbains pr\u00e9vues entre le 20 mai 2025 et le 19 ao\u00fbt 2025 inclus sur lacommune de Talant.\nArticle 2: Le nombre maximal de cam\u00e9ras pouvant proc\u00e9der simultan\u00e9ment aux traitementsmentionn\u00e9s \u00e0 l'article 1\u00b0\" est fix\u00e9 \u00e0 2, install\u00e9es sur deux drones :- Mavic 2 Enterprise de marque DJI, num\u00e9ro de s\u00e9rie 276 CH3NROA024B,- Mavic 2 Enterprise de marque DJI, num\u00e9ro de s\u00e9rie 2763]270H1HO016.\nArticle 3 : La pr\u00e9sente autorisation est accord\u00e9e pour le secteur list\u00e9 ci-dessous et dans les limitesdu p\u00e9rim\u00e8tre g\u00e9ographique figurant en annexe du pr\u00e9sent arr\u00eat\u00e9 :- avenue Combe Valton- avenue de la Citadelle- all\u00e9es des Celtes- rue des Moulissards- avenue Canzio- boulevard de Troyes- rue de Bellevue- rue du Grand Puits\nPr\u00e9fecture de la C\u00f4te-d'Or - 21-2025-05-19-00004 - Arr\u00eat\u00e9 pr\u00e9fectoral N\u00b0695\nautorisant la captation, l'enregistrement et la transmission d'images\nau moyen de cam\u00e9ras install\u00e9es sur des a\u00e9ronefs\n13\nArticle 4 : Le pr\u00e9sent arr\u00e9t\u00e9 est publi\u00e9 au recueil des actes administratifs de la pr\u00e9fecture et peutfaire l'objet d'un recours contentieux devant le tribunal administratif de Dijon dans un d\u00e9lai dedeux mois \u00e0 compter de sa publication.Article 5 : Le directrice de cabinet du pr\u00e9fet de la r\u00e9gion Bourgogne-Franche-Comt\u00e9, pr\u00e9fet de laC\u00f4te-d'Or, le secr\u00e9taire g\u00e9n\u00e9ral de la pr\u00e9fecture de la C\u00f4te-d'Or et le directeur interd\u00e9partementalde la police nationale de la C\u00f4te-d'Or sont charg\u00e9s, chacun en ce qui le concerne, de l'ex\u00e9cution dupr\u00e9sent arr\u00eat\u00e9 qui sera adress\u00e9 pour copie au maire de la commune de Talant et \u00e0 monsieur leprocureur de la R\u00e9publique pr\u00e8s le tribunal judiciaire de Dijon.\nFait \u00e0 Dijon, le 19 mai 2025\nLe pr\u00e9fet,Pour le pr\u00e9fet et par d\u00e9l\u00e9gation,La sous-pr\u00e9f\u00e8te, directrice de cabinet,\noriginal sign\u00e9\nAur\u00e9lie CONTRECIVILE\nPr\u00e9fecture de la C\u00f4te-d'Or - 21-2025-05-19-00004 - Arr\u00eat\u00e9 pr\u00e9fectoral N\u00b0695\nautorisant la captation, l'enregistrement et la transmission d'images\nau moyen de cam\u00e9ras install\u00e9es sur des a\u00e9ronefs\n14\nAnnexe\nFit Fitness\nete)fia| B\u00fcrgon , D-\nProtection Civile de C\u00f4te|d'Or-AntennedeTalant\n\u2014\n\u00dbL '\u00c0.' \u00f9-\\\u2014ho\nPr\u00e9fecture de la C\u00f4te-d'Or - 21-2025-05-19-00004 - Arr\u00eat\u00e9 pr\u00e9fectoral N\u00b0695\nautorisant la captation, l'enregistrement et la transmission d'images\nau moyen de cam\u00e9ras install\u00e9es sur des a\u00e9ronefs\n15","date":"2025-05-20","first_seen_on":"2025-09-14T04:08:31+00:00","id":"ee9917a03d230aac5955749d6dba5abf83580fec78321920e51da83e98530fe0","name":"RAA n\u00b0 070 du 20 mai 2025","pdf_creation_date":"2025-05-20T14:24:50+00:00","pdf_modification_date":null,"timezone":"Europe/Paris","url":"https://www.cote-dor.gouv.fr/contenu/telechargement/23384/178027/file/recueil-21-2025-070-recueil-des-actes-administratifs-special.pdf"}
