{"administration":"pref13","administration_name":"Pr\u00e9fecture des Bouches-du-Rh\u00f4ne","content":"BOUCHES-DU-\nRH\u00d4NE\nRECUEIL DES ACTES\nADMINISTRATIFS SP\u00c9CIAL\n(NOMINATIFS)\nN\u00b013-2024-078\nPUBLI\u00c9 LE 27 MARS 2024\nSommaire\nDirection Departementale des Territoires et de la Mer 13 /\n13-2024-03-26-00007 - D\u00e9cision portant d\u00e9signation des suppl\u00e9ants du\nDirecteur D\u00e9partemental des Territoires et de la Mer des\nBouches-du-Rh\u00f4ne \u00e0 diverses commissions (13 pages) Page 3\n2\nDirection Departementale des Territoires et de\nla Mer 13\n13-2024-03-26-00007\nD\u00e9cision portant d\u00e9signation des suppl\u00e9ants du\nDirecteur D\u00e9partemental des Territoires et de la\nMer des Bouches-du-Rh\u00f4ne \u00e0 diverses\ncommissions\nDirection Departementale des Territoires et de la Mer 13 - 13-2024-03-26-00007 - D\u00e9cision portant d\u00e9signation des suppl\u00e9ants du\nDirecteur D\u00e9partemental des Territoires et de la Mer des Bouches-du-Rh\u00f4ne \u00e0 diverses commissions 3\nEx\nPR\u00c9FET\nDES  BOUCHES-\nDU-RH\u00d4NE\nLibert\u00e9\n\u00c9galit\u00e9\nFraternit\u00e9\nDirection d\u00e9partementale\ndes Territoires et de la Mer\ndes Bouches-du-Rh\u00f4ne\nD\u00e9cision  portant  d\u00e9signation  des  suppl\u00e9ants  du  Directeur  D\u00e9partemental  des\nTerritoires et de la Mer des Bouches-du-Rh\u00f4ne aux diverses commissions d\u00e9sign\u00e9es ci-\napr\u00e8s :\n-\u00a0la\u00a0commission \u00a0consultative \u00a0d\u00e9partementale \u00a0de\u00a0s\u00e9curit\u00e9\u00a0et\u00a0d'accessibilit\u00e9,\n-\u00a0la\u00a0sous-commission \u00a0d\u00e9partementale \u00a0pour\u00a0la\u00a0s\u00e9curit\u00e9\u00a0contre\u00a0les\u00a0risques\u00a0d'incendie \u00a0et\nde\u00a0panique\u00a0dans\u00a0les\u00a0\u00e9tablissements \u00a0recevant\u00a0du\u00a0public\u00a0et\u00a0les\u00a0immeubles \u00a0de\u00a0grande\nhauteur,\n-\u00a0la\u00a0sous-commission \u00a0d\u00e9partementale \u00a0pour\u00a0l'accessibilit\u00e9 \u00a0des\u00a0personnes \u00a0handicap\u00e9es,\n-\u00a0la\u00a0sous-commission \u00a0d\u00e9partementale \u00a0pour\u00a0l'homologation \u00a0des\u00a0enceintes \u00a0sportives,\n-\u00a0la\u00a0sous-commission \u00a0d\u00e9partementale \u00a0pour\u00a0la\u00a0s\u00e9curit\u00e9\u00a0des\u00a0terrains\u00a0de\u00a0camping\u00a0et\u00a0de\nstationnement \u00a0de\u00a0caravanes,\n-\u00a0la\u00a0sous-commission \u00a0d\u00e9partementale \u00a0pour\u00a0la\u00a0s\u00e9curit\u00e9\u00a0contre\u00a0les\u00a0risques\u00a0d'incendie \u00a0de\nfor\u00eats,\u00a0landes,\u00a0maquis\u00a0et\u00a0garrigues,\n-\u00a0la\u00a0sous-commission \u00a0d\u00e9partementale \u00a0pour\u00a0la\u00a0s\u00e9curit\u00e9\u00a0des\u00a0infrastructures \u00a0et\u00a0des\nsyst\u00e8mes \u00a0de\u00a0transports, \u00a0\n-\u00a0la\u00a0sous-commission \u00a0d\u00e9partementale \u00a0de\u00a0s\u00e9curit\u00e9\u00a0publique,\n-\u00a0la\u00a0commission \u00a0d\u00e9partementale \u00a0de\u00a0s\u00e9curit\u00e9\u00a0des\u00a0transports \u00a0de\u00a0fonds,\n-\u00a0les\u00a0commissions \u00a0d'accessibilit\u00e9 \u00a0des\u00a0personnes \u00a0handicap\u00e9es \u00a0des\u00a0arrondissements \u00a0:\nd'Aix-en-Provence, \u00a0d'Arles,\u00a0d'Istres\u00a0et\u00a0de\u00a0Marseille,\n-\u00a0les\u00a0commissions \u00a0de\u00a0s\u00e9curit\u00e9\u00a0des\u00a0arrondissements \u00a0d'Aix-en-Provence, \u00a0d'Arles,\u00a0d'Istres\net\u00a0de\u00a0Marseille,\n-\u00a0le\u00a0conseil\u00a0d\u00e9partemental \u00a0de\u00a0s\u00e9curit\u00e9\u00a0civile\u00a0des\u00a0Bouches-du-Rh\u00f4ne,\n-\u00a0les\u00a0commissions \u00a0communales \u00a0pour\u00a0l'accessibilit\u00e9 \u00a0des\u00a0personnes \u00a0handicap\u00e9es,\n-\u00a0la\u00a0commission \u00a0locale\u00a0d'am\u00e9lioration \u00a0de\u00a0l'habitat,\n-\u00a0la\u00a0commission \u00a0d\u00e9partementale \u00a0consultative \u00a0des\u00a0gens\u00a0du\u00a0voyage,\n-\u00a0les\u00a0commissions \u00a0d\u00e9partementales \u00a0d'orientation \u00a0de\u00a0l'agriculture, \u00a0\n-\u00a0le\u00a0comit\u00e9\u00a0d\u00e9partemental \u00a0d'expertise \u00a0des\u00a0calamit\u00e9s \u00a0agricoles,\n-\u00a0la\u00a0commission \u00a0d\u00e9partementale \u00a0des\u00a0baux\u00a0ruraux,\n-\u00a0la\u00a0commission \u00a0d\u00e9partementale \u00a0de\u00a0la\u00a0pr\u00e9servation \u00a0des\u00a0espaces\u00a0naturels,\u00a0agricoles\u00a0et\nforestiers,\n-\u00a0la\u00a0commission \u00a0d\u00e9partementale \u00a0du\u00a0remorquage \u00a0portuaire,\nDirection Departementale des Territoires et de la Mer 13 - 13-2024-03-26-00007 - D\u00e9cision portant d\u00e9signation des suppl\u00e9ants du\nDirecteur D\u00e9partemental des Territoires et de la Mer des Bouches-du-Rh\u00f4ne \u00e0 diverses commissions 4\nVU\u00a0le\u00a0code\u00a0de\u00a0la\u00a0construction \u00a0et\u00a0de\u00a0l'habitation \u00a0et\u00a0notamment \u00a0ses\u00a0articles\u00a0R.\u00a0143-25\u00a0\u00e0\nR.\u00a0143-33,\nVU\u00a0le\u00a0code\u00a0de\u00a0la\u00a0s\u00e9curit\u00e9\u00a0int\u00e9rieure, \u00a0et\u00a0notamment \u00a0ses\u00a0articles\u00a0D.\u00a0613-84\u00a0et\u00a0suivants,\nVU\u00a0le\u00a0d\u00e9cret\u00a0n\u00b0\u00a095-260\u00a0du\u00a08\u00a0mars\u00a01995\u00a0modifi\u00e9\u00a0relatif\u00a0\u00e0\u00a0la\u00a0commission \u00a0consultative\nd\u00e9partementale \u00a0de\u00a0s\u00e9curit\u00e9\u00a0et\u00a0d'accessibilit\u00e9,\nVU\u00a0le\u00a0d\u00e9cret\u00a0n\u00b0\u00a02009-1484 \u00a0du\u00a03\u00a0d\u00e9cembre \u00a02009\u00a0modifi\u00e9\u00a0relatif\u00a0aux\u00a0directions\nd\u00e9partementales \u00a0interminist\u00e9rielles, \u00a0et\u00a0notamment \u00a0son\u00a0article\u00a017\u00a0relatif\u00a0\u00e0\u00a0la\nrepr\u00e9sentation \u00a0au\u00a0sein\u00a0des\u00a0commissions \u00a0\u00e0\u00a0caract\u00e8re \u00a0consultatif,\nVU\u00a0l'arr\u00eat\u00e9\u00a0pr\u00e9fectoral \u00a0du\u00a07\u00a0juillet\u00a02010\u00a0modifi\u00e9\u00a0portant\u00a0cr\u00e9ation\u00a0de\u00a0la\u00a0commission\nd\u00e9partementale \u00a0des\u00a0baux\u00a0ruraux,\nVU\u00a0l'arr\u00eat\u00e9\u00a0pr\u00e9fectoral \u00a0du\u00a010\u00a0d\u00e9cembre \u00a02010\u00a0modifi\u00e9\u00a0portant\u00a0constitution \u00a0de\u00a0la\ncommission \u00a0de\u00a0remorquage \u00a0portuaire \u00a0du\u00a0port\u00a0de\u00a0Marseille-Fos \u00a0dans\u00a0le\u00a0d\u00e9partement\ndes\u00a0Bouches-du-Rh\u00f4ne,\nVU\u00a0l'arr\u00eat\u00e9\u00a0pr\u00e9fectoral \u00a0du\u00a015\u00a0juin\u00a02011\u00a0modifi\u00e9\u00a0portant\u00a0cr\u00e9ation\u00a0de\u00a0la\u00a0commission\nd\u00e9partementale \u00a0de\u00a0la\u00a0consommation \u00a0des\u00a0espaces\u00a0agricoles,\nVU\u00a0l'arr\u00eat\u00e9\u00a0pr\u00e9fectoral \u00a0n\u00b0\u00a02012146-001 \u00a0du\u00a025\u00a0mai\u00a02012\u00a0portant\u00a0cr\u00e9ation\u00a0de\u00a0la\nsous-commission \u00a0d\u00e9partementale \u00a0de\u00a0s\u00e9curit\u00e9\u00a0publique,\nVU\u00a0l'arr\u00eat\u00e9\u00a0pr\u00e9fectoral \u00a0du\u00a03\u00a0septembre \u00a02013\u00a0modifi\u00e9\u00a0portant\u00a0cr\u00e9ation\u00a0de\u00a0la\ncommission \u00a0d\u00e9partementale \u00a0d'orientation \u00a0de\u00a0l'agriculture,\nVU\u00a0l'arr\u00eat\u00e9\u00a0pr\u00e9fectoral \u00a0du\u00a029\u00a0octobre\u00a02013\u00a0modifi\u00e9\u00a0portant\u00a0cr\u00e9ation\u00a0de\u00a0la\u00a0commission\nd\u00e9partementale \u00a0d'orientation \u00a0de\u00a0l'agriculture \u00a0section\u00a0\u00ab\u00a0structures \u00a0et\u00a0\u00e9conomie \u00a0des\nexploitations, \u00a0agriculteurs \u00a0en\u00a0difficult\u00e9s\u00a0\u00bb,\nVU\u00a0l'arr\u00eat\u00e9\u00a0pr\u00e9fectoral \u00a0du\u00a017\u00a0novembre \u00a02013\u00a0portant\u00a0cr\u00e9ation\u00a0de\u00a0la\u00a0commission \u00a0locale\nde\u00a0l'am\u00e9lioration \u00a0de\u00a0l'habitat,\nVU\u00a0l'arr\u00eat\u00e9\u00a0pr\u00e9fectoral \u00a0du\u00a027\u00a0juin\u00a02014\u00a0modifi\u00e9\u00a0portant\u00a0cr\u00e9ation\u00a0du\u00a0comit\u00e9\nd\u00e9partemental \u00a0d'expertise \u00a0des\u00a0calamit\u00e9s \u00a0agricoles,\nVU\u00a0l'arr\u00eat\u00e9\u00a0pr\u00e9fectoral \u00a0n\u00b0\u00a02015005-004 \u00a0du\u00a05\u00a0janvier\u00a02015\u00a0modifi\u00e9\u00a0portant\nrenouvellement \u00a0de\u00a0la\u00a0commission \u00a0d\u00e9partementale \u00a0consultative \u00a0des\u00a0gens\u00a0du\u00a0voyage,\nVU\u00a0l'arr\u00eat\u00e9\u00a0pr\u00e9fectoral \u00a0du\u00a05\u00a0mars\u00a02015\u00a0portant\u00a0cr\u00e9ation\u00a0de\u00a0la\u00a0formation \u00a0sp\u00e9cialis\u00e9\nGAEC\u00a0de\u00a0la\u00a0CDOA,\nVU\u00a0l'arr\u00eat\u00e9\u00a0pr\u00e9fectoral \u00a0n\u00b0\u00a02015184-001 \u00a0du\u00a01er\u00a0juillet\u00a02015\u00a0portant\u00a0cr\u00e9ation\u00a0dans\u00a0le\nd\u00e9partement \u00a0des\u00a0Bouches-du-Rh\u00f4ne \u00a0de\u00a0la\u00a0commission \u00a0consultative \u00a0d\u00e9partementale\nde\u00a0la\u00a0s\u00e9curit\u00e9\u00a0et\u00a0de\u00a0l'accessibilit\u00e9 \u00a0des\u00a0Bouches-du-Rh\u00f4ne,\nVU\u00a0l'arr\u00eat\u00e9\u00a0n\u00b0\u00a02015184-010 \u00a0du\u00a01er\u00a0juillet\u00a02015,\u00a0portant\u00a0cr\u00e9ation\u00a0dans\u00a0le\u00a0d\u00e9partement\ndes\u00a0Bouches-du-Rh\u00f4ne \u00a0des\u00a0commissions \u00a0communales \u00a0pour\u00a0l'accessibilit\u00e9 \u00a0aux\npersonnes \u00a0handicap\u00e9es \u00a0dans\u00a0les\u00a0\u00e9tablissements \u00a0recevant\u00a0du\u00a0public,\nVU\u00a0l'arr\u00eat\u00e9\u00a0pr\u00e9fectoral \u00a0n\u00b0\u00a02015184-013 \u00a0du\u00a01er\u00a0juillet\u00a02015\u00a0portant\u00a0cr\u00e9ation\u00a0dans\u00a0le\nd\u00e9partement \u00a0des\u00a0Bouches-du-Rh\u00f4ne \u00a0de\u00a0la\u00a0sous-commission \u00a0d\u00e9partementale \u00a0pour\u00a0la\ns\u00e9curit\u00e9\u00a0contre\u00a0les\u00a0risques\u00a0d'incendie \u00a0de\u00a0for\u00eat,\u00a0lande,\u00a0maquis\u00a0et\u00a0garrigue,\nVU\u00a0l'arr\u00eat\u00e9\u00a0pr\u00e9fectoral \u00a0du\u00a02\u00a0mai\u00a02016\u00a0portant\u00a0cr\u00e9ation\u00a0du\u00a0conseil\u00a0d\u00e9partemental \u00a0de\ns\u00e9curit\u00e9\u00a0civile\u00a0des\u00a0Bouches-du-Rh\u00f4ne,Direction Departementale des Territoires et de la Mer 13 - 13-2024-03-26-00007 - D\u00e9cision portant d\u00e9signation des suppl\u00e9ants du\nDirecteur D\u00e9partemental des Territoires et de la Mer des Bouches-du-Rh\u00f4ne \u00e0 diverses commissions 5\nVU\u00a0les\u00a0arr\u00eat\u00e9s\u00a0pr\u00e9fectoraux \u00a0n\u00b0\u00a013-2016-06-02-008 \u00a0et\u00a0009\u00a0du\u00a02\u00a0juin\u00a02016,\u00a0fixant\u00a0la\ncomposition \u00a0de\u00a0la\u00a0commission \u00a0d\u00e9partementale \u00a0de\u00a0s\u00e9curit\u00e9\u00a0routi\u00e8re\u00a0des\u00a0Bouches-du-\nRh\u00f4ne,\nVU\u00a0l'arr\u00eat\u00e9\u00a0n\u00b0\u00a013-2021-01-21-001 \u00a0du\u00a021\u00a0janvier\u00a02021\u00a0modifiant \u00a0l'arr\u00eat\u00e9\u00a0du\u00a025\u00a0janvier\u00a02019\nfixant\u00a0la\u00a0composition \u00a0de\u00a0la\u00a0commission \u00a0d\u00e9partementale \u00a0de\u00a0s\u00e9curit\u00e9\u00a0des\u00a0transports \u00a0de\nfonds\u00a0des\u00a0Bouches-du-Rh\u00f4ne,\nVU\u00a0l'arr\u00eat\u00e9\u00a0pr\u00e9fectoral \u00a0n\u00b0\u00a013-2022-03-11-00012 \u00a0du\u00a011\u00a0mars\u00a02022\u00a0portant\u00a0cr\u00e9ation\u00a0dans\nle\u00a0d\u00e9partement \u00a0des\u00a0Bouches-du-Rh\u00f4ne \u00a0de\u00a0la\u00a0sous-commission \u00a0d\u00e9partementale \u00a0pour\nla\u00a0s\u00e9curit\u00e9\u00a0des\u00a0occupants \u00a0des\u00a0terrains\u00a0de\u00a0camping\u00a0et\u00a0de\u00a0stationnement \u00a0de\u00a0caravanes,\nVU\u00a0l'arr\u00eat\u00e9\u00a0pr\u00e9fectoral \u00a0n\u00b0\u00a013-2022-03-11-00016 \u00a0du\u00a011\u00a0mars\u00a02022\u00a0portant\u00a0cr\u00e9ation\u00a0dans\nle\u00a0d\u00e9partement \u00a0des\u00a0Bouches-du-Rh\u00f4ne \u00a0de\u00a0la\u00a0sous-commission \u00a0d\u00e9partementale \u00a0pour\nla\u00a0s\u00e9curit\u00e9\u00a0des\u00a0infrastructures \u00a0et\u00a0syst\u00e8mes \u00a0de\u00a0transport,\nVU\u00a0l'arr\u00eat\u00e9\u00a0n\u00b0\u00a013-2023-02-28-00007 \u00a0du\u00a028\u00a0f\u00e9vrier\u00a02023\u00a0portant\u00a0cr\u00e9ation\u00a0de\u00a0la\u00a0sous-\ncommission \u00a0d\u00e9partementale \u00a0pour\u00a0la\u00a0s\u00e9curit\u00e9\u00a0contre\u00a0les\u00a0risques\u00a0d'incendie \u00a0et\u00a0de\npanique\u00a0dans\u00a0les\u00a0\u00e9tablissements \u00a0recevant \u00a0du\u00a0public\u00a0et\u00a0les\u00a0immeubles \u00a0de\u00a0grande\nhauteur,\nVU\u00a0l'arr\u00eat\u00e9\u00a0pr\u00e9fectoral \u00a0n\u00b013-2023-02-28-00008 \u00a0du\u00a028\u00a0f\u00e9vrier\u00a02023\u00a0portant\u00a0cr\u00e9ation\ndans\u00a0le\u00a0d\u00e9partement \u00a0des\u00a0Bouches-du-Rh\u00f4ne \u00a0des\u00a0commissions \u00a0d'arrondissements \u00a0pour\nla\u00a0s\u00e9curit\u00e9\u00a0contre\u00a0les\u00a0risques\u00a0d'incendie \u00a0et\u00a0de\u00a0panique\u00a0dans\u00a0les\u00a0\u00e9tablissements\nrecevant\u00a0du\u00a0public,\nVU\u00a0l'arr\u00eat\u00e9\u00a0n\u00b0\u00a013-2023-02-28-00009 \u00a0du\u00a028\u00a0f\u00e9vrier\u00a02023\u00a0portant\u00a0cr\u00e9ation\u00a0de\u00a0la\u00a0sous-\ncommission \u00a0d\u00e9partementale \u00a0pour\u00a0l'accessibilit\u00e9 \u00a0des\u00a0personnes \u00a0handicap\u00e9es \u00a0des\nBouches-du-Rh\u00f4ne,\nVU\u00a0l'arr\u00eat\u00e9\u00a0n\u00b0\u00a013-2023-02-28-00010 \u00a0en\u00a0date\u00a0du\u00a028\u00a0f\u00e9vrier\u00a02023\u00a0portant\u00a0cr\u00e9ation\u00a0dans\u00a0le\nd\u00e9partement \u00a0des\u00a0Bouches-du-Rh\u00f4ne \u00a0des\u00a0commissions \u00a0d'arrondissements \u00a0pour\nl'accessibilit\u00e9 \u00a0des\u00a0personnes \u00a0handicap\u00e9es,\nVU\u00a0l'arr\u00eat\u00e9\u00a0n\u00b0\u00a013-2023-02-28-00011 \u00a0du\u00a028\u00a0f\u00e9vrier\u00a02023\u00a0portant\u00a0cr\u00e9ation\u00a0de\u00a0la\ncommission \u00a0d'arrondissement \u00a0de\u00a0Marseille \u00a0pour\u00a0l'accessibilit\u00e9 \u00a0des\u00a0personnes\nhandicap\u00e9es,\nVU\u00a0l'arr\u00eat\u00e9\u00a0n\u00b0\u00a013-2023-02-28-00012 \u00a0du\u00a028\u00a0f\u00e9vrier\u00a02023\u00a0portant\u00a0cr\u00e9ation\u00a0de\u00a0la\u00a0sous-\ncommission \u00a0d\u00e9partementale \u00a0pour\u00a0l'homologation \u00a0des\u00a0enceintes \u00a0sportives \u00a0des\nBouches-du-Rh\u00f4ne,\nVU\u00a0l'arr\u00eat\u00e9\u00a0n\u00b0\u00a013-2023-07-05-00004 \u00a0du\u00a05\u00a0juillet\u00a02023\u00a0du\u00a0Pr\u00e9fet\u00a0de\u00a0la\u00a0r\u00e9gion\u00a0Provence-\nAlpes-C\u00f4te \u00a0d'Azur,\u00a0Pr\u00e9fet\u00a0de\u00a0la\u00a0zone\u00a0de\u00a0d\u00e9fense\u00a0et\u00a0de\u00a0s\u00e9curit\u00e9\u00a0Sud,\u00a0Pr\u00e9fet\u00a0des\nBouches-du-Rh\u00f4ne, \u00a0portant\u00a0d\u00e9l\u00e9gation \u00a0de\u00a0signature\u00a0\u00e0\u00a0M.\u00a0Patrick\u00a0VAUTERIN, \u00a0directeur\nd\u00e9partemental \u00a0interminist\u00e9riel \u00a0des\u00a0territoires \u00a0et\u00a0de\u00a0la\u00a0mer\u00a0des\u00a0Bouches-du-Rh\u00f4ne \u00a0;\nConsid\u00e9rant \u00a0qu'il\u00a0convient\u00a0d'assurer \u00a0en\u00a0permanence \u00a0la\u00a0repr\u00e9sentation \u00a0de\u00a0la\u00a0Direction\nD\u00e9partementale \u00a0des\u00a0Territoires \u00a0et\u00a0de\u00a0la\u00a0Mer\u00a0aux\u00a0diff\u00e9rentes \u00a0commissions \u00a0cit\u00e9es\u00a0ci-dessus,\nDECIDEDirection Departementale des Territoires et de la Mer 13 - 13-2024-03-26-00007 - D\u00e9cision portant d\u00e9signation des suppl\u00e9ants du\nDirecteur D\u00e9partemental des Territoires et de la Mer des Bouches-du-Rh\u00f4ne \u00e0 diverses commissions 6\nArticle 1er\nM.\u00a0Alain\u00a0OFCARD \u00a0et\u00a0M.\u00a0Charles\u00a0VERGOBBI \u00a0disposent \u00a0des\u00a0m\u00eames\u00a0pr\u00e9rogatives \u00a0que\u00a0le\nDirecteur \u00a0D\u00e9partemental \u00a0des\u00a0Territoires \u00a0et\u00a0de\u00a0la\u00a0Mer,\u00a0et\u00a0peuvent\u00a0si\u00e9ger\u00a0\u00e0\u00a0l'ensemble\ndes\u00a0commissions.\nArticle 2\nEn\u00a0cas\u00a0de\u00a0crise\u00a0grave\u00a0se\u00a0produisant \u00a0en\u00a0dehors\u00a0des\u00a0heures\u00a0normales \u00a0de\u00a0service,\u00a0le\u00a0cadre\nd'astreinte \u00a0de\u00a0direction \u00a0de\u00a0la\u00a0DDTM\u00a0peut\u00a0\u00eatre\u00a0amen\u00e9\u00a0\u00e0\u00a0si\u00e9ger\u00a0aux\u00a0commissions. \u00a0La\nliste\u00a0des\u00a0cadres\u00a0assurant\u00a0les\u00a0permanences \u00a0administratives \u00a0figure\u00a0en\u00a0annexe\u00a0I.\nArticle 3\nSont\u00a0d\u00e9sign\u00e9s\u00a0comme\u00a0suppl\u00e9ants \u00a0\u00e0\u00a0la\u00a0commission \u00a0consultative \u00a0d\u00e9partementale \u00a0de\ns\u00e9curit\u00e9\u00a0et\u00a0d'accessibilit\u00e9 \u00a0(CCDSA)\u00a0:\n\uf02dM.\u00a0Thierry\u00a0CERVERA\n\uf02dMme\u00a0Anne-Ga\u00eblle \u00a0COUSSEAU\nArticle 4\u00a0\nSont\u00a0d\u00e9sign\u00e9s \u00a0comme\u00a0suppl\u00e9ants \u00a0\u00e0\u00a0la\u00a0sous-commission \u00a0d\u00e9partementale \u00a0pour\u00a0la\ns\u00e9curit\u00e9\u00a0contre\u00a0les\u00a0risques\u00a0d'incendie \u00a0et\u00a0de\u00a0panique\u00a0dans\u00a0les\u00a0\u00e9tablissements \u00a0recevant\ndu\u00a0public\u00a0et\u00a0les\u00a0immeubles \u00a0de\u00a0grande\u00a0hauteur\u00a0ainsi\u00a0qu'au\u00a0groupe\u00a0de\u00a0visite\u00a0de\u00a0cette\nsous-commission \u00a0:\n\uf02dM.\u00a0Thierry\u00a0CERVERA\n\uf02dMme\u00a0Anne-Ga\u00eblle \u00a0COUSSEAU\n\uf02dM.\u00a0Guillaume \u00a0DELVECCHIO\n\uf02dM.\u00a0Nicolas\u00a0BANCEL\u00a0\n\uf02dM.\u00a0Emile\u00a0GARCIA\u00a0\n\uf02dM.\u00a0Fr\u00e9d\u00e9ric\u00a0MARTINEZ \u00a0\n\uf02dM.\u00a0Jean-Christian \u00a0FERRETTI\n\uf02dMme\u00a0Morgan\u00a0GRECOS\nArticle 5\nSont\u00a0d\u00e9sign\u00e9s \u00a0comme\u00a0suppl\u00e9ants \u00a0\u00e0\u00a0la\u00a0sous-commission \u00a0d\u00e9partementale \u00a0pour\nl'accessibilit\u00e9 \u00a0des\u00a0personnes \u00a0handicap\u00e9es\u00a0:\nEn\u00a0qualit\u00e9\u00a0de\u00a0pr\u00e9sident\u00a0:\n\uf02dM.\u00a0Thierry\u00a0CERVERA\n\uf02dMme\u00a0Anne-Ga\u00eblle. \u00a0COUSSEAUDirection Departementale des Territoires et de la Mer 13 - 13-2024-03-26-00007 - D\u00e9cision portant d\u00e9signation des suppl\u00e9ants du\nDirecteur D\u00e9partemental des Territoires et de la Mer des Bouches-du-Rh\u00f4ne \u00e0 diverses commissions 7\n\uf02dM.\u00a0Guillaume \u00a0DELVECCHIO\n\uf02dM.\u00a0Nicolas\u00a0BANCEL\n\uf02dMme\u00a0Brigitte\u00a0CORROYEZ\n\uf02dMme\u00a0Nina\u00a0AIGLE\n\uf02dMme\u00a0Saphia\u00a0GHOUILI\nen\u00a0qualit\u00e9\u00a0de\u00a0rapporteur, \u00a0secr\u00e9taire \u00a0ou\u00a0membre\u00a0:\n\uf02dM.\u00a0Nicolas\u00a0BANCEL\n\uf02dMme\u00a0Brigitte\u00a0CORROYEZ\n\uf02dMme\u00a0Nina\u00a0AIGLE\n\uf02dMme\u00a0Solange\u00a0VANHAESEBROCKE\n\uf02dMme\u00a0Saphia\u00a0GHOUILI\nArticle 6\nSont\u00a0d\u00e9sign\u00e9s \u00a0comme\u00a0suppl\u00e9ants \u00a0\u00e0\u00a0la\u00a0sous-commission \u00a0d\u00e9partementale \u00a0pour\nl'homologation \u00a0des\u00a0enceintes \u00a0sportives\u00a0:\n\uf02dM.\u00a0Thierry\u00a0CERVERA\n\uf02dMme\u00a0Anne-Ga\u00eblle \u00a0COUSSEAU\n\uf02dM.\u00a0Guillaume \u00a0DELVECCHIO\n\uf02dM.\u00a0Nicolas\u00a0BANCEL\n\uf02dM.\u00a0Jean-Christian \u00a0FERRETTI\n\uf02dM.\u00a0Fr\u00e9d\u00e9ric\u00a0MARTINEZ\n\uf02dMme\u00a0Morgan\u00a0GRECOS\nArticle 7\nSont\u00a0d\u00e9sign\u00e9s \u00a0comme\u00a0suppl\u00e9ants \u00a0\u00e0\u00a0la\u00a0sous-commission \u00a0d\u00e9partementale \u00a0pour\u00a0la\ns\u00e9curit\u00e9\u00a0des\u00a0terrains\u00a0de\u00a0camping\u00a0et\u00a0de\u00a0stationnement \u00a0de\u00a0caravanes\u00a0:\n\uf02dM.\u00a0Thierry\u00a0CERVERA\n\uf02dMme\u00a0Anne-Ga\u00eblle \u00a0COUSSEAU\n\uf02dMme\u00a0Astrid\u00a0OLLAGNIER\n\uf02dM.\u00a0Guillaume \u00a0DELVECCHIO\n\uf02dM.\u00a0Nicolas\u00a0BANCEL\n\uf02dM.\u00a0Jean-Christian \u00a0FERRETTI\n\uf02dM.\u00a0Fr\u00e9d\u00e9ric\u00a0MARTINEZ\n\uf02dMme\u00a0Morgan\u00a0GRECOSDirection Departementale des Territoires et de la Mer 13 - 13-2024-03-26-00007 - D\u00e9cision portant d\u00e9signation des suppl\u00e9ants du\nDirecteur D\u00e9partemental des Territoires et de la Mer des Bouches-du-Rh\u00f4ne \u00e0 diverses commissions 8\nArticle 8\u00a0\nSont\u00a0d\u00e9sign\u00e9s\u00a0comme\u00a0membres \u00a0ou\u00a0suppl\u00e9ants \u00a0\u00e0\u00a0la\u00a0sous-commission \u00a0d\u00e9partementale\npour\u00a0la\u00a0s\u00e9curit\u00e9\u00a0contre\u00a0les\u00a0risques\u00a0d'incendie \u00a0de\u00a0for\u00eats,\u00a0landes,\u00a0maquis\u00a0et\u00a0garrigues\u00a0:\n\uf02dMme\u00a0Faustine\u00a0BARDEY\n\uf02dM.\u00a0Vincent\u00a0DUPONT\n\uf02dMme\u00a0Patricia\u00a0LAHAYE\nSont\u00a0d\u00e9sign\u00e9s\u00a0comme\u00a0rapporteur \u00a0ou\u00a0secr\u00e9taire\u00a0:\n\uf02dMme\u00a0Faustine\u00a0BARDEY\n\uf02dM.\u00a0Vincent\u00a0DUPONT\n\uf02dMme\u00a0Patricia\u00a0LAHAYE\n\uf02dM.\u00a0Michel\u00a0MASSOT\nArticle 9\nSont\u00a0d\u00e9sign\u00e9s \u00a0comme\u00a0suppl\u00e9ants \u00a0aux\u00a0commissions \u00a0d'accessibilit\u00e9 \u00a0des\narrondissements \u00a0de\u00a0Marseille, \u00a0d'Aix-en-Provence, \u00a0d'Arles,\u00a0et\u00a0d'Istres\u00a0:\n\uf02dMme\u00a0Sophie\u00a0ITIER\n\uf02dMme\u00a0Virginie\u00a0FERRER\n\uf02dM.\u00a0S\u00e9bastien \u00a0MOLINA\n\uf02dM.\u00a0Thierry\u00a0CERVERA\n\uf02dMme\u00a0Anne-Ga\u00eblle \u00a0COUSSEAU\n\uf02dM.\u00a0Guillaume \u00a0DELVECCHIO\n\uf02dM.\u00a0Nicolas\u00a0BANCEL\n\uf02dMme\u00a0Saphia\u00a0GHOUILI\n\uf02dMme\u00a0Brigitte\u00a0CORROYEZ\n\uf02dMme\u00a0Nina\u00a0AIGLE\n\uf02dMme\u00a0Solange\u00a0VANHAESEBROCKE\nPour\u00a0les\u00a0communes \u00a0non\u00a0autonomes \u00a0et\u00a0les\u00a0permis\u00a0de\u00a0construire \u00a0de\u00a0la\u00a0comp\u00e9tence\n\u00ab\u00a0\u00c9tat\u00a0\u00bb,\u00a0l'agent\u00a0d\u00e9sign\u00e9\u00a0pour\u00a0assister\u00a0\u00e0\u00a0la\u00a0commission \u00a0aura\u00a0pour\u00a0mission\u00a0de\u00a0rapporter\nle\u00a0dossier,\u00a0sur\u00a0la\u00a0base\u00a0de\u00a0l'avis\u00a0\u00e9tabli\u00a0par\u00a0le\u00a0Service\u00a0Construction \u00a0Transports \u00a0Crise.\nDans\u00a0les\u00a0autres\u00a0cas,\u00a0l'agent\u00a0agira\u00a0uniquement \u00a0en\u00a0tant\u00a0que\u00a0membre. \u00a0Les\u00a0agents\npourront \u00a0intervenir \u00a0sur\u00a0un\u00a0autre\u00a0territoire \u00a0que\u00a0le\u00a0leur.\nArticle 10\nSont\u00a0d\u00e9sign\u00e9s\u00a0comme\u00a0suppl\u00e9ants \u00a0aux\u00a0commissions \u00a0d'arrondissements \u00a0pour\u00a0la\u00a0s\u00e9curit\u00e9\ncontre\u00a0les\u00a0risques\u00a0d'incendie \u00a0et\u00a0de\u00a0panique\u00a0dans\u00a0les\u00a0\u00e9tablissements \u00a0recevant \u00a0duDirection Departementale des Territoires et de la Mer 13 - 13-2024-03-26-00007 - D\u00e9cision portant d\u00e9signation des suppl\u00e9ants du\nDirecteur D\u00e9partemental des Territoires et de la Mer des Bouches-du-Rh\u00f4ne \u00e0 diverses commissions 9\npublic\u00a0les\u00a0agents\u00a0list\u00e9s\u00a0ci-dessous. \u00a0Les\u00a0agents\u00a0pourront \u00a0intervenir \u00a0sur\u00a0un\u00a0autre\nterritoire \u00a0que\u00a0le\u00a0leur.\n\uf02dM.\u00a0Thierry\u00a0CERVERA\n\uf02dMme\u00a0Anne-Ga\u00eblle \u00a0COUSSEAU\n\uf02dM.\u00a0Guillaume \u00a0DELVECCHIO\n\uf02dM.\u00a0Nicolas\u00a0BANCEL\n\uf02dM.\u00a0Fr\u00e9d\u00e9ric\u00a0MARTINEZ\n\uf02dM.\u00a0Jean-Christian \u00a0FERRETTI\n\uf02dMme\u00a0Morgan\u00a0GRECOS\n\uf02dMme\u00a0Sophie\u00a0ITIER\n\uf02dMme\u00a0Virginie\u00a0FERRER\n\uf02dM.\u00a0S\u00e9bastien \u00a0MOLINA(pour\u00a0les\u00a0commissions \u00a0d'arrondissement \u00a0d'Aix-en-Provence,\nd'Arles\u00a0et\u00a0d'Istres)\u00a0\nArticle 11\nSont\u00a0d\u00e9sign\u00e9s\u00a0comme\u00a0suppl\u00e9ants \u00a0aux\u00a0commissions \u00a0communales \u00a0hors\u00a0Marseille, \u00a0et\nintercommunales \u00a0d'accessibilit\u00e9\u00a0:\n\uf02dMme\u00a0Sophie\u00a0ITIER\u00a0(hors\u00a0Marseille)\n\uf02dMme\u00a0Virginie\u00a0FERRER\u00a0(hors\u00a0Marseille)\n\uf02dM.\u00a0S\u00e9bastien \u00a0MOLINA\u00a0(hors\u00a0Marseille)\n\uf02dM.\u00a0Thierry\u00a0CERVERA\n\uf02dMme\u00a0Anne-Ga\u00eblle \u00a0COUSSEAU\n\uf02dM.\u00a0Guillaume \u00a0DELVECCHIO\n\uf02dM.\u00a0Nicolas\u00a0BANCEL\n\uf02dMme\u00a0Saphia\u00a0GHOUILI\n\uf02dMme\u00a0Brigitte\u00a0CORROYEZ\n\uf02dMme\u00a0Nina\u00a0AIGLE\n\uf02dMme\u00a0Solange\u00a0VANHAESEBROCKE\nPour\u00a0les\u00a0permis\u00a0de\u00a0la\u00a0comp\u00e9tence \u00a0\u00ab\u00a0\u00c9tat\u00a0\u00bb,\u00a0l'agent\u00a0d\u00e9sign\u00e9\u00a0pour\u00a0assister\u00a0\u00e0\u00a0la\ncommission \u00a0aura\u00a0pour\u00a0mission\u00a0de\u00a0rapporter \u00a0le\u00a0dossier\u00a0sur\u00a0la\u00a0base\u00a0de\u00a0l'avis\u00a0\u00e9tabli\u00a0par\u00a0le\nService\u00a0Construction \u00a0Transport \u00a0Crise.\u00a0Dans\u00a0les\u00a0autres\u00a0cas,\u00a0l'agent\u00a0agira\u00a0uniquement \u00a0en\ntant\u00a0que\u00a0membre.\nLes\u00a0agents\u00a0pourront \u00a0intervenir \u00a0sur\u00a0un\u00a0autre\u00a0territoire \u00a0que\u00a0le\u00a0leur.Direction Departementale des Territoires et de la Mer 13 - 13-2024-03-26-00007 - D\u00e9cision portant d\u00e9signation des suppl\u00e9ants du\nDirecteur D\u00e9partemental des Territoires et de la Mer des Bouches-du-Rh\u00f4ne \u00e0 diverses commissions 10\nArticle 12\nSont\u00a0d\u00e9sign\u00e9s \u00a0comme\u00a0suppl\u00e9ants \u00a0\u00e0\u00a0la\u00a0commission \u00a0communale \u00a0d'accessibilit\u00e9 \u00a0de\nMARSEILLE \u00a0les\u00a0agents\u00a0du\u00a0SCTC\u00a0suivants\u00a0:\n\uf02dM.\u00a0Thierry\u00a0CERVERA\n\uf02dMme\u00a0Anne-Ga\u00eblle \u00a0COUSSEAU\n\uf02dM.\u00a0Guillaume \u00a0DELVECCHIO\n\uf02dM.\u00a0Nicolas\u00a0BANCEL\n\uf02dMme\u00a0Saphia\u00a0GHOUILI\n\uf02dMme\u00a0Brigitte\u00a0CORROYEZ\n\uf02dMme\u00a0Nina\u00a0AIGLE\n\uf02dMme\u00a0Solange\u00a0VANHAESEBROCKE\nLes\u00a0agents\u00a0d\u00e9sign\u00e9s\u00a0ci-dessus \u00a0auront\u00a0pour\u00a0mission\u00a0de\u00a0rapporter \u00a0les\u00a0dossiers\u00a0de\u00a0la\ncomp\u00e9tence \u00a0\u00c9tat.\nArticle 13\nSont\u00a0d\u00e9sign\u00e9s\u00a0comme\u00a0repr\u00e9sentants \u00a0\u00e0\u00a0la\u00a0commission \u00a0d\u00e9partementale \u00a0de\u00a0la\u00a0s\u00e9curit\u00e9\ndes\u00a0transports \u00a0de\u00a0fonds,\u00a0conform\u00e9ment \u00a0aux\u00a0articles\u00a0D.\u00a0613-84\u00a0et\u00a0suivants\u00a0du\u00a0code\u00a0de\nla\u00a0s\u00e9curit\u00e9\u00a0int\u00e9rieure\u00a0:\n\uf02dM.\u00a0Thierry\u00a0CERVERA\n\uf02dMme\u00a0Anne-Ga\u00eblle \u00a0COUSSEAU\n\uf02dM.\u00a0Guillaume \u00a0DELVECCHIO\n\uf02dM.\u00a0Nicolas\u00a0BANCEL\n\uf02dM.\u00a0Jean-Christian \u00a0FERRETTI\n\uf02dM.\u00a0Fr\u00e9d\u00e9ric\u00a0MARTINEZ\n\uf02dMme\u00a0Morgan\u00a0GRECOS\nArticle 14\nSont\u00a0d\u00e9sign\u00e9s\u00a0comme\u00a0repr\u00e9sentants \u00a0\u00e0\u00a0la\u00a0sous-commission \u00a0d\u00e9partementale \u00a0pour\u00a0la\ns\u00e9curit\u00e9\u00a0des\u00a0infrastructures \u00a0et\u00a0des\u00a0syst\u00e8mes \u00a0de\u00a0transports\u00a0:\u00a0\n\uf02dM.\u00a0Thierry\u00a0CERVERA\n\uf02dMme\u00a0Anne-Ga\u00eblle \u00a0COUSSEAU\n\uf02dM.\u00a0Eric\u00a0ALLOT\n\uf02dMme\u00a0Sylvie\u00a0REIST\nLe\u00a0repr\u00e9sentant \u00a0de\u00a0la\u00a0DDTM\u00a0assurera\u00a0\u00e9galement \u00a0le\u00a0secr\u00e9tariat \u00a0de\u00a0la\u00a0commission.Direction Departementale des Territoires et de la Mer 13 - 13-2024-03-26-00007 - D\u00e9cision portant d\u00e9signation des suppl\u00e9ants du\nDirecteur D\u00e9partemental des Territoires et de la Mer des Bouches-du-Rh\u00f4ne \u00e0 diverses commissions 11\nArticle 15\nSont\u00a0d\u00e9sign\u00e9s \u00a0comme\u00a0repr\u00e9sentants \u00a0\u00e0\u00a0la\u00a0sous-commission \u00a0d\u00e9partementale \u00a0de\u00a0la\ns\u00e9curit\u00e9\u00a0publique\u00a0en\u00a0application \u00a0de\u00a0l'arr\u00eat\u00e9\u00a0pr\u00e9fectoral \u00a0n\u00b0\u00a0200867-2 \u00a0du\u00a07\u00a0mars\u00a02008\u00a0:\n\uf02dM.\u00a0Thierry\u00a0CERVERA\n\uf02dMme\u00a0Anne-Ga\u00eblle \u00a0COUSSEAU\n\uf02dM.\u00a0Guillaume \u00a0DELVECCHIO\n\uf02dM.\u00a0Nicolas\u00a0BANCEL\n\uf02dM.\u00a0Jean-Christian \u00a0FERRETTI\n\uf02dM.\u00a0Fr\u00e9d\u00e9ric\u00a0MARTINEZ\n\uf02dMme\u00a0Morgan\u00a0GRECOS\nArticle 16\nSont\u00a0d\u00e9sign\u00e9s\u00a0comme\u00a0repr\u00e9sentants \u00a0au\u00a0conseil\u00a0d\u00e9partemental \u00a0de\u00a0s\u00e9curit\u00e9\u00a0civile\u00a0des\nBouches-du-Rh\u00f4ne \u00a0:\n\uf02dM.\u00a0Thierry\u00a0CERVERA\n\uf02dMme\u00a0Anne-Ga\u00eblle \u00a0COUSSEAU\n\uf02dMme\u00a0Julie\u00a0SERAY\nArticle 17\nSont\u00a0d\u00e9sign\u00e9s\u00a0comme\u00a0repr\u00e9sentants \u00a0\u00e0\u00a0la\u00a0commission \u00a0locale\u00a0de\u00a0l'am\u00e9lioration \u00a0de\nl'habitat\u00a0:\n\uf02dM.\u00a0Dominique \u00a0BERGE\n\uf02dMme\u00a0Anne\u00a0WERMELINGER\nArticle 18\nSont\u00a0d\u00e9sign\u00e9s\u00a0comme\u00a0repr\u00e9sentants \u00a0\u00e0\u00a0commission \u00a0d\u00e9partementale \u00a0consultative \u00a0des\ngens\u00a0du\u00a0voyage\u00a0:\u00a0\n\uf02dM.\u00a0Dominique \u00a0BERGE\n\uf02dMme\u00a0Anne\u00a0WERMELINGER\n\uf02dM.\u00a0Antoine\u00a0CASSAN\nArticle 19\nSont\u00a0d\u00e9sign\u00e9s\u00a0comme\u00a0repr\u00e9sentants \u00a0aux\u00a0diverses\u00a0commissions \u00a0agricoles\u00a0:\n\uf02dMme\u00a0Faustine\u00a0BARDEY\n\uf02dMme\u00a0Sarah\u00a0ARAMISDirection Departementale des Territoires et de la Mer 13 - 13-2024-03-26-00007 - D\u00e9cision portant d\u00e9signation des suppl\u00e9ants du\nDirecteur D\u00e9partemental des Territoires et de la Mer des Bouches-du-Rh\u00f4ne \u00e0 diverses commissions 12\n\uf02dM.\u00a0Vincent\u00a0DUPONT\n\uf02dM.\u00a0Ludovic\u00a0HALLE\n\uf02dMme\u00a0Patricia\u00a0LAHAYE\n\uf02dMme\u00a0Anne\u00a0BOUDIGOU\nArticle 20 \nSont\u00a0d\u00e9sign\u00e9s \u00a0comme\u00a0repr\u00e9sentants \u00a0\u00e0\u00a0la\u00a0commission \u00a0d\u00e9partementale \u00a0de\u00a0la\npr\u00e9servation \u00a0des\u00a0espaces\u00a0naturels,\u00a0agricoles\u00a0et\u00a0forestiers\u00a0:\n\uf02dMme\u00a0Faustine\u00a0BARDEY\n\uf02dM.\u00a0Vincent\u00a0DUPONT\n\uf02dMme\u00a0Sarah\u00a0ARAMIS\n\uf02dMme\u00a0Patricia\u00a0LAHAYE\n\uf02dM.\u00a0Ludovic\u00a0HALLE\nArticle 21\nSont\u00a0d\u00e9sign\u00e9s\u00a0comme\u00a0repr\u00e9sentants \u00a0\u00e0\u00a0la\u00a0commission \u00a0d\u00e9partementale \u00a0de\u00a0s\u00e9curit\u00e9\nrouti\u00e8re\u00a0des\u00a0Bouches-du-Rh\u00f4ne \u00a0:\n\uf02dM.\u00a0Thierry\u00a0CERVERA\n\uf02dMme\u00a0Anne-Ga\u00eblle \u00a0COUSSEAU\n\uf02dMme\u00a0Sylvie\u00a0REIST\nArticle 22\nSont\u00a0d\u00e9sign\u00e9s \u00a0comme\u00a0repr\u00e9sentants \u00a0\u00e0\u00a0la\u00a0commission \u00a0d\u00e9partementale \u00a0mixte\u00a0de\np\u00e2turage\u00a0dans\u00a0les\u00a0for\u00eats\u00a0soumises \u00a0au\u00a0r\u00e9gime\u00a0forestier\u00a0des\u00a0Bouches-du-Rh\u00f4ne \u00a0:\n\uf02dMme\u00a0Faustine\u00a0BARDEY\n\uf02dM.\u00a0Vincent\u00a0DUPONT\n\uf02dMme\u00a0Patricia\u00a0LAHAYE\nArticle 23\nLa\u00a0pr\u00e9sente \u00a0d\u00e9cision\u00a0annule\u00a0et\u00a0remplace \u00a0la\u00a0d\u00e9cision\u00a0n\u00b0\u00a013-2023-07-06-00014 \u00a0du\u00a06\njuillet\u00a02023\u00a0portant\u00a0d\u00e9signation \u00a0des\u00a0suppl\u00e9ants \u00a0du\u00a0Directeur \u00a0D\u00e9partemental \u00a0des\nTerritoires \u00a0et\u00a0de\u00a0la\u00a0Mer\u00a0des\u00a0Bouches-du-Rh\u00f4ne \u00a0\u00e0\u00a0diverses\u00a0commissions.\nArticle 24\nLe\u00a0directeur \u00a0d\u00e9partemental \u00a0des\u00a0territoires \u00a0et\u00a0de\u00a0la\u00a0mer\u00a0des\u00a0Bouches-du-Rh\u00f4ne, \u00a0ainsi\nque\u00a0les\u00a0personnes \u00a0d\u00e9sign\u00e9es \u00a0dans\u00a0la\u00a0pr\u00e9sente \u00a0d\u00e9cision\u00a0et\u00a0dans\u00a0ses\u00a0annexes,\u00a0sontDirection Departementale des Territoires et de la Mer 13 - 13-2024-03-26-00007 - D\u00e9cision portant d\u00e9signation des suppl\u00e9ants du\nDirecteur D\u00e9partemental des Territoires et de la Mer des Bouches-du-Rh\u00f4ne \u00e0 diverses commissions 13\ncharg\u00e9s,\u00a0chacun\u00a0en\u00a0ce\u00a0qui\u00a0le\u00a0concerne, \u00a0de\u00a0l'ex\u00e9cution \u00a0de\u00a0la\u00a0pr\u00e9sente\u00a0d\u00e9cision,\u00a0qui\u00a0sera\npubli\u00e9e\u00a0au\u00a0recueil\u00a0des\u00a0actes\u00a0administratifs \u00a0de\u00a0l'\u00c9tat\u00a0dans\u00a0le\u00a0d\u00e9partement \u00a0des\u00a0Bouches-\ndu-Rh\u00f4ne.\nFait\u00a0\u00e0\u00a0Marseille, \u00a0le\u00a026\u00a0mars\u00a02024\nLe directeur d\u00e9partemental des territoires et de la mer,\nSign\u00e9\nPatrick VAUTERINDirection Departementale des Territoires et de la Mer 13 - 13-2024-03-26-00007 - D\u00e9cision portant d\u00e9signation des suppl\u00e9ants du\nDirecteur D\u00e9partemental des Territoires et de la Mer des Bouches-du-Rh\u00f4ne \u00e0 diverses commissions 14\nANNEXE\u00a0I\u00a0\nListe des cadres d'astreinte de s\u00e9curit\u00e9 g\u00e9n\u00e9rale de la DDTM des Bouches-du-Rh\u00f4ne\nNOM Pr\u00e9nom Service\nARCHELAS Fr\u00e9d\u00e9ricService\u00a0Mer\u00a0Eau\u00a0et\u00a0Environnement \u00a0-\u00a0SMEE\nBALAGUER IsabelleD\u00e9l\u00e9gation \u00a0Territoriale \u00a0Aix-Val\u00a0de\u00a0Durance \u00a0-\u00a0DT\nAVD\nBARDEY FaustineService\u00a0de\u00a0l'Agriculture \u00a0et\u00a0de\u00a0la\u00a0For\u00eat\u00a0-\u00a0SAF\nBERGE DominiqueService\u00a0Habitat\u00a0-\u00a0SH\nCERVERA ThierryService\u00a0Construction \u00a0Transports \u00a0et\u00a0Crise\u00a0-\u00a0SCTC\nCHABRIER Val\u00e9rieD\u00e9l\u00e9gation \u00a0Territoriale \u00a0Marseille-Huveaune \u00a0-\u00a0DT\u00a0MH\nCOUSSEAU Anne-GaelleService\u00a0Construction \u00a0Transports \u00a0et\u00a0Crise\u00a0-\u00a0SCTC\nCREPIN MatthieuService\u00a0Mer\u00a0Eau\u00a0et\u00a0Environnement \u00a0-\u00a0SMEE\nDELEERSNYDER LaurentD\u00e9l\u00e9gation \u00a0Territoriale \u00a0Marseille-Huveaune \u00a0-\u00a0DT\u00a0MH\nFLORES GillesD\u00e9l\u00e9gation \u00a0Territoriale \u00a0Salon-Etang \u00a0de\u00a0Berre\u00a0\u2013\u00a0DT\nSEB\nFLOURY ClaireService\u00a0Urbanisme \u00a0et\u00a0Risques\u00a0-\u00a0SUR\nLANGUMIER JulienService\u00a0Urbanisme \u00a0et\u00a0Risques\u00a0-\u00a0SUR\nLASCOUR IsabelleD\u00e9l\u00e9gation \u00a0Territoriale \u00a0Aix-Val\u00a0de\u00a0Durance\u00a0-\u00a0DT\u00a0\nAVD\nLELEU St\u00e9phanieCabinet\nMACCARY LaurenceService\u00a0Construction \u00a0Transports \u00a0et\u00a0Crise\u00a0-\u00a0SCTC\nMOISSON DE VAUX B\u00e9n\u00e9dicteService\u00a0Mer\u00a0Eau\u00a0et\u00a0Environnement \u00a0-\u00a0SMEE\nMORINIERE ThomasMission\u00a0Connaissance \u00a0et\u00a0Conseil\u00a0aux\u00a0Territoires \u00a0-\u00a0\nMCCT\nPODLEJSKI CorinneMission\u00a0Connaissance \u00a0et\u00a0Conseil\u00a0aux\u00a0Territoires \u00a0-\u00a0\nMCCT\nREILHES C\u00e9cileService\u00a0Mer\u00a0Eau\u00a0et\u00a0Environnement \u00a0-\u00a0SMEE\nSERAY JulieService\u00a0Construction \u00a0Transports \u00a0et\u00a0Crise\u00a0-\u00a0SCTC\nSHEARER EmmanuelService\u00a0Appui\u00a0Juridique \u00a0et\u00a0Contr\u00f4le\u00a0-\u00a0SAJC\nUNTERNER RobertD\u00e9l\u00e9gation \u00a0Territoriale \u00a0Rh\u00f4ne-Alpilles-Durance \u00a0-\u00a0DT\nRADDirection Departementale des Territoires et de la Mer 13 - 13-2024-03-26-00007 - D\u00e9cision portant d\u00e9signation des suppl\u00e9ants du\nDirecteur D\u00e9partemental des Territoires et de la Mer des Bouches-du-Rh\u00f4ne \u00e0 diverses commissions 15\nDirection Departementale des Territoires et de la Mer 13 - 13-2024-03-26-00007 - D\u00e9cision portant d\u00e9signation des suppl\u00e9ants du\nDirecteur D\u00e9partemental des Territoires et de la Mer des Bouches-du-Rh\u00f4ne \u00e0 diverses commissions 16","date":"2024-03-27","first_seen_on":"2024-08-19T23:22:42+00:00","id":"ef127f39d517d5b2d00043f83d56847edefcac92509f64ce80a003b7f9e9d09c","name":"recueil-13-2024-078-recueil-des-actes-administratifs-nominatifs. du 27 mars 2024pdf","pdf_creation_date":"2024-03-27T13:34:02+00:00","pdf_modification_date":null,"timezone":"Europe/Paris","url":"https://www.bouches-du-rhone.gouv.fr/contenu/telechargement/55285/397747/file/recueil-13-2024-078-recueil-des-actes-administratifs-nominatifs.%20du%2027%20mars%202024pdf.pdf"}
