{"administration":"pref72","administration_name":"Pr\u00e9fecture de la Sarthe","content":"SARTHE\nRECUEIL DES ACTES\nADMINISTRATIFS SP\u00c9CIAL\nN\u00b0000 DU 04 06 2024\nPUBLI\u00c9 LE  4 JUIN 2024\nSommaire\nDDETS /\n72-2024-05-21-00007 - Subdlgation signature ordonnancement secondaire\nDDETS 20_05_2024 (3 pages) Page 3\n2\nDDETS\n72-2024-05-21-00007\nSubdlgation signature ordonnancement\nsecondaire DDETS 20_05_2024\nDDETS - 72-2024-05-21-00007 - Subdlgation signature ordonnancement secondaire DDETS 20_05_2024 3\nPREFETDE LA SARTHELibert\u00e9Egalit\u00e9Fraternit\u00e9\nDirection d\u00e9partementale\nde l'emploi, du travail et des solidarit\u00e9s\n         \n                                                Le Mans, le 21 mai 2024\nDECISION\nLe Directeur d\u00e9partemental de l'emploi, du travail et des solidarit\u00e9s (DDETS) de la Sarthe\nConform\u00e9ment aux dispositions de l'arr\u00eat\u00e9 pr\u00e9fector al n\u00b0 DCPPAT 2023-0194 du 14 septembre 2023\nportant d\u00e9l\u00e9gation de signature du pr\u00e9fet de la Sar the  \u00e0 M. Jean-Michel LOUYER, directeur\nd\u00e9partemental de l'emploi, du travail et des solida rit\u00e9s de la Sarthe, en mati\u00e8re d'ordonnancement\nsecondaire  ;\nDECIDE\nArticle  1er : La d\u00e9cision du 21 septembre 2023 portant subd\u00e9l\u00e9g ation de signature en mati\u00e8re\nd'ordonnancement secondaire au sein de la Direction  d\u00e9partementale de l'emploi, du travail et des\nsolidarit\u00e9s de la Sarthe, est abrog\u00e9e. \nArticle 2\n : En cas d'absence ou d'emp\u00eachement de M. Jean-Michel LOUYER, directeur d\u00e9partemental,\nsubd\u00e9l\u00e9gation est donn\u00e9e, dans les limites rappel\u00e9es dans l'article 4 ci-apr\u00e8s, \u00e0 M. Thierry GENTES et  M.\nPhilippe RAFFLEGEAU, directeurs d\u00e9partementaux adjoints, \u00e0 l'effet de signer les actes et pi\u00e8ces relat ifs\n\u00e0 l'ordonnancement secondaire des recettes et des d \u00e9penses de l'Etat imput\u00e9es sur les titres II, III, V et\nVI des budgets op\u00e9rationnels de programme (BOP) suivants :\n BOP du programme 104  \u00ab Int\u00e9gration et acc\u00e8s \u00e0 la nationalit\u00e9 fran\u00e7aise \u00bb,\n BOP du programme 129   \u00ab Coordination du travail gouvernemental \u00bb (MILDECA et DILCRAH),\n BOP du programme 135   \u00ab D\u00e9veloppement et am\u00e9lioration de l'offre de logement \u00bb,\n BOP du programme 147   \u00ab Politique de la ville \u00bb,\n BOP du programme 157   \u00ab Handicap et d\u00e9pendance \u00bb,\n BOP du programme 177   \u00ab Pr\u00e9vention de l'exclusion et insertion des personnes vuln\u00e9rables \u00bb,\n BOP du programme 183   \u00ab Protection maladie \u00bb,\n BOP du programme 303  \u00ab Immigration et asile \u00bb,\n BOP du programme 304  \u00ab Inclusion sociale, protection des personnes, \u00e9conomie sociale solidaire \u00bb.\n BOP du programme 364 \u00ab Coh\u00e9sion \u00bb.\nArticle 3 : En cas d'absences ou d'emp\u00eachements concomitants de M. Jean-Michel LOUYER, directeur\nd\u00e9partemental, et de M. Thierry GENTES et M. Philip pe RAFFLEGEAU, directeurs d\u00e9partementaux\nadjoints,  subd\u00e9l\u00e9gation est donn\u00e9e, dans les limit es rappel\u00e9es dans l'article 4 ci-apr\u00e8s, aux personn es\nsuivantes  \u00e0 l'effet de signer les actes et pi\u00e8ces relatifs \u00e0  l'ordonnancement secondaire des recettes et\ndes d\u00e9penses de l'Etat imput\u00e9es sur les titres II, III, V et VI des budgets op\u00e9rationnels de programme\n(BOP) cit\u00e9s ci-apr\u00e8s pour chacune d'entre elles :\nM. David ALLAIN, responsable du p\u00f4le h\u00e9bergement et logement de la DDETS, \npour les BOP des programmes :\n 135  \u00ab  D\u00e9veloppement et am\u00e9lioration de l'offre de logement \u00bb, \n 177  \u00ab  Pr\u00e9vention de l'exclusion et insertion des personnes vuln\u00e9rables \u00bb,\nT\u00e9l : 02 85 32 77 00\nMail : ddets@sarthe.gouv.fr\n19 Boulevard Paixhans \u2013 CS 51912 - 72019 LE MANS Cedex 2\nDDETS - 72-2024-05-21-00007 - Subdlgation signature ordonnancement secondaire DDETS 20_05_2024 4\n 303  \u00ab  Immigration et asile \u00bb.\n 364  \u00ab Coh\u00e9sion \u00bb.\nM. Cyril PLOT, responsable du p\u00f4le inclusion sociale et int\u00e9gration de la DDETS, valideur dans Chorus\ndes actes d'ordonnancement\npour les BOP des programmes :\n 104  \u00ab Int\u00e9gration et acc\u00e8s \u00e0 la nationalit\u00e9 fran\u00e7aise \u00bb,\n 129  \u00ab Coordination du travail gouvernemental \u00bb (MILDECA et DILCRAH)\n 135   \u00ab D\u00e9veloppement et am\u00e9lioration de l'offre de logement \u00bb,\n 147   \u00ab Politique de la ville \u00bb,\n 157   \u00ab Handicap et d\u00e9pendance \u00bb,\n 177   \u00ab Pr\u00e9vention de l'exclusion et insertion des personnes vuln\u00e9rables \u00bb,\n 183   \u00ab Protection maladie \u00bb,\n 303  \u00ab Immigration et asile \u00bb,\n 304  \u00ab Inclusion sociale, protection des personnes, \u00e9conomie sociale et solidaire \u00bb.\n 364 \u00ab Coh\u00e9sion \u00bb.\nM. Nicolas DUPUIS, valideur dans Chorus des actes d'ordonnancement\npour les BOP des programmes :\n 104  \u00ab Int\u00e9gration et acc\u00e8s \u00e0 la nationalit\u00e9 fran\u00e7aise \u00bb,\n 129  \u00ab Coordination du travail gouvernemental \u00bb (MILDECA et DILCRAH)\n 135   \u00ab D\u00e9veloppement et am\u00e9lioration de l'offre de logement \u00bb,\n 147   \u00ab Politique de la ville \u00bb,\n 157   \u00ab Handicap et d\u00e9pendance \u00bb,\n 177   \u00ab Pr\u00e9vention de l'exclusion et insertion des personnes vuln\u00e9rables \u00bb,\n 183   \u00ab Protection maladie \u00bb,\n 303  \u00ab Immigration et asile \u00bb,\n 304  \u00ab Inclusion sociale, protection des personnes, \u00e9conomie sociale et solidaire \u00bb.\n 364 \u00ab Coh\u00e9sion \u00bb.\nMme Marl\u00e8ne LEBATTEUX, valideur dans Chorus des actes d'ordonnancement\npour les BOP des programmes :\n 104  \u00ab Int\u00e9gration et acc\u00e8s \u00e0 la nationalit\u00e9 fran\u00e7aise \u00bb,\n 129  \u00ab Coordination du travail gouvernemental \u00bb (MILDECA et DILCRAH)\n 135   \u00ab D\u00e9veloppement et am\u00e9lioration de l'offre de logement \u00bb,\n 147   \u00ab Politique de la ville \u00bb,\n 157   \u00ab Handicap et d\u00e9pendance \u00bb,\n 177   \u00ab Pr\u00e9vention de l'exclusion et insertion des personnes vuln\u00e9rables \u00bb,\n 183   \u00ab Protection maladie \u00bb,\n 303  \u00ab Immigration et asile \u00bb,\n 304  \u00ab Inclusion sociale, protection des personnes, \u00e9conomie sociale et solidaire \u00bb.\n 364 \u00ab Coh\u00e9sion \u00bb.\nMme Laure ZIETEK, p\u00f4le inclusion sociale et int\u00e9gration de la DDETS, valideur dans Chorus des actes\nd'ordonnancement\npour les BOP des programmes :\n 104  \u00ab Int\u00e9gration et acc\u00e8s \u00e0 la nationalit\u00e9 fran\u00e7aise \u00bb,\n 129  \u00ab Coordination du travail gouvernemental \u00bb (MILDECA et DILCRAH)\n 135   \u00ab D\u00e9veloppement et am\u00e9lioration de l'offre de logement \u00bb,\n 147   \u00ab Politique de la ville \u00bb,\n 157   \u00ab Handicap et d\u00e9pendance \u00bb,\n 177   \u00ab Pr\u00e9vention de l'exclusion et insertion des personnes vuln\u00e9rables \u00bb,\n 183   \u00ab Protection maladie \u00bb,\nT\u00e9l : 02 85 32 77 00\nMail : ddets@sarthe.gouv.fr\n19 Boulevard Paixhans \u2013 CS 51912 - 72019 LE MANS Cedex 2\nDDETS - 72-2024-05-21-00007 - Subdlgation signature ordonnancement secondaire DDETS 20_05_2024 5\n 303  \u00ab Immigration et asile \u00bb,\n 304  \u00ab Inclusion sociale, protection des personnes, \u00e9conomie sociale et solidaire \u00bb.\n 364 \u00ab Coh\u00e9sion \u00bb.\nMme C\u00e9cile NOEL-LEFEBVRE, p\u00f4le inclusion sociale et int\u00e9gration de la DDETS, valideur dans Chorus\ndes actes d'ordonnancement\npour les BOP des programmes :\n 104  \u00ab Int\u00e9gration et acc\u00e8s \u00e0 la nationalit\u00e9 fran\u00e7aise \u00bb,\n 129  \u00ab Coordination du travail gouvernemental \u00bb (MILDECA et DILCRAH)\n 135   \u00ab D\u00e9veloppement et am\u00e9lioration de l'offre de logement \u00bb,\n 147   \u00ab Politique de la ville \u00bb,\n 157   \u00ab Handicap et d\u00e9pendance \u00bb,\n 177   \u00ab Pr\u00e9vention de l'exclusion et insertion des personnes vuln\u00e9rables \u00bb,\n 183   \u00ab Protection maladie \u00bb,\n 303  \u00ab Immigration et asile \u00bb,\n 304  \u00ab Inclusion sociale, protection des personnes, \u00e9conomie sociale et solidaire \u00bb.\n 364 \u00ab Coh\u00e9sion \u00bb.\nArticle 4\n : Sont soumis au visa pr\u00e9alable du pr\u00e9fet les actes d 'engagement d'un montant hors taxe par\nop\u00e9ration sup\u00e9rieur \u00e0 :\n 20.000 \u20ac pour les d\u00e9penses de fonctionnement (titre III)\n 15.000  \u20ac pour les \u00e9tudes (titres III et IV)\n 50.000 \u20ac pour les d\u00e9penses d'investissement (titre V)\n 23.000 \u20ac pour les d\u00e9penses d'intervention (titre VI)\nArticle 5 : Le pr\u00e9fet peut mettre fin \u00e0 tout ou partie de la d \u00e9l\u00e9gation accord\u00e9e \u00e0 M. Jean-Michel LOUYER\nainsi qu'aux subd\u00e9l\u00e9gations s'y rapportant, le cas \u00e9ch\u00e9ant.\nArticle 6 : L'original de cette d\u00e9cision est adress\u00e9 au pr\u00e9fet et fait l'objet d'une publication au recueil des\nactes administratifs de la pr\u00e9fecture.\n                                                        Le directeur d\u00e9partemental \nde l'emploi, du travail et des solidarit\u00e9s\nSIGNE\nJean-Michel LOUYER\n                                                                                       \nT\u00e9l : 02 85 32 77 00\nMail : ddets@sarthe.gouv.fr\n19 Boulevard Paixhans \u2013 CS 51912 - 72019 LE MANS Cedex 2\nDDETS - 72-2024-05-21-00007 - Subdlgation signature ordonnancement secondaire DDETS 20_05_2024 6","date":"2024-06-04","first_seen_on":"2025-08-30T23:50:05+00:00","id":"efab8a002eae3890d263ff80d7b7e420c1bac58a1dc3ed984a087ad11e9779e9","name":"RAA n\u00b077 du 4 juin 2024","pdf_creation_date":"2024-06-04T07:56:58+00:00","pdf_modification_date":null,"timezone":"Europe/Paris","url":"https://www.sarthe.gouv.fr/contenu/telechargement/21251/134668/file/recueil-000-du-04-06-2024-recueil-des-actes-administratifs-special.pdf"}
