{"administration":"prefidf","administration_name":"Pr\u00e9fecture de la r\u00e9gion \u00cele-de-France","content":"PREFECTURE\nREGION ILE DE\nFRANCE\nRECUEIL DES ACTES\nADMINISTRATIFS SP\u00c9CIAL\n(NOMINATIFS)\nN\u00b0IDF-040-2025-12\nPUBLI\u00c9 LE 17 D\u00c9CEMBRE 2025\nSommaire\nD\u00e9l\u00e9gation r\u00e9gionale acad\u00e9mique \u00e0 la jeunesse, \u00e0 l'engagement\net aux sports /\nIDF-2025-12-04-00006 - Arr\u00eat\u00e9 relatif \u00e0 la constitution, \u00e0 la\ncomposition r\u00e9gionale et au fonctionnement\nde la formation\nsp\u00e9cialis\u00e9e  Information Jeunesse  de la commission r\u00e9gionale de\nla\njeunesse, des sports et de la vie associative d'\u00cele-de-France (3\npages) Page 3\nDirection de la s\u00e9curit\u00e9 sociale-Mission nationale de contr\u00f4le et\nd'audit des organismes de s\u00e9curit\u00e9 sociale /\nIDF-2025-12-17-00001 - Arr\u00eat\u00e9 modificatif du 17 d\u00e9cembre\n2025\nportant modification de la composition du conseil\nd'administration de la Caisse d'Allocations\nFamiliales de l'Essonne\n(CAF 91) (2 pages) Page 7\n2\nD\u00e9l\u00e9gation r\u00e9gionale acad\u00e9mique \u00e0 la jeunesse, \u00e0\nl'engagement et aux sports\nIDF-2025-12-04-00006\nArr\u00eat\u00e9 relatif \u00e0 la constitution, \u00e0 la composition\nr\u00e9gionale et au fonctionnement\nde la formation sp\u00e9cialis\u00e9e  Information\nJeunesse  de la commission r\u00e9gionale de la\njeunesse, des sports et de la vie associative\nd'\u00cele-de-France\nD\u00e9l\u00e9gation r\u00e9gionale acad\u00e9mique \u00e0 la jeunesse, \u00e0 l'engagement et aux sports - IDF-2025-12-04-00006 - Arr\u00eat\u00e9 relatif \u00e0 la constitution, \u00e0\nla composition r\u00e9gionale et au fonctionnement\nde la formation sp\u00e9cialis\u00e9e  Information Jeunesse  de la commission r\u00e9gionale de la\njeunesse, des sports et de la vie associative d'\u00cele-de-France\n3\nPREFET .DE LA REGIOND'\u00ceLE-DE-FRANCELibert\u00e9Egalit\u00e9Fraternit\u00e9\n   \n \nD\u00e9l\u00e9gation r\u00e9gionale acad\u00e9mique \nJeunesse, engagement et sports \n \n1 \nD\u00e9l\u00e9gation r\u00e9gionale acad\u00e9mique \u00e0 la jeunesse, \u00e0 \nl'engagement et aux sports (DRAJES) \n6/8 rue Eug\u00e8ne Oudin\u00e9 - CS 81360 \n75634 PARIS CEDEX 13   \n \n \n \n \nARR\u00caT\u00c9 N\u00b0 25-  \n \n \nRelatif \u00e0 la constitution, \u00e0 la composition r\u00e9gionale et au fonctionnement \nde la formation sp\u00e9cialis\u00e9e  Information Jeunesse  de la commission r\u00e9gionale de la \njeunesse, des sports et de  la vie associative d'\u00cele-de-France \n \n \nLE PR\u00c9FET DE LA R\u00c9GION D'\u00ceLE-DE-FRANCE, \nPR\u00c9FET DE PARIS, \nGRAND OFFICIER DE LA L\u00c9GION D'HONNEUR, \nOFFICIER DE L'ORDRE NATIONAL DU M\u00c9RITE, \n \n \nVU le code du travail, notamment son article L. 6111-3 ;  \n \nVU le code des relations entre le public et l'administ ration, notamment ses articles R. 133-3 et \nsuivants ; Vu la loi n\u00b0 2017-86 du 27 janvier 2017 relative \u00e0 l'\u00e9galit\u00e9 et \u00e0 la citoyennet\u00e9, notamment \nson article 54 ; \nVU le d\u00e9cret n\u00b02006-665 du 7 juin 2006 relatif \u00e0 la r\u00e9 duction du nombre et \u00e0 la simplification de la \ncomposition de diverses commissions administratives, notamment ses articles 28, 29 et 30 ; \nVU le d\u00e9cret n\u00b02006-672 du 8 juin 2006 relatif \u00e0 la cr \u00e9ation, \u00e0 la composition et au fonctionnement \nde commissions administratives \u00e0 caract\u00e8re consultatif, notamment son article 19 ; \nVU le d\u00e9cret n\u00b0 2019-1200 du 20 novembre 2019, relatif  \u00e0 l'organisation des services d\u00e9concentr\u00e9s \ndes ministres charg\u00e9s de l'\u00c9ducation nationale et d e l'Enseignement sup\u00e9rieur, de la Recherche \net de l'Innovation ; \nVU le d\u00e9cret n\u00b0 2019-1201 du 20 novembre 2019 relatif \u00e0 la nomination des recteurs d\u00e9l\u00e9gu\u00e9s \u00e0 \nl'\u00c9ducation nationale, \u00e0 l'Enseignement sup\u00e9rieur, \u00e0 la Recherche et \u00e0 l'Innovation en Conseil des \nministres ;  \nVU le d\u00e9cret n\u00b0 2020-1542 du 9 d\u00e9cembre 2020 relatif aux comp\u00e9tences des autorit\u00e9s acad\u00e9miques \ndans le domaine des politiques de la jeunesse, de l '\u00e9ducation populaire, de la vie associative, de \nl'engagement civique et des sports et \u00e0 l'organisation des services charg\u00e9s de leur mise en \u0153uvre ; \nVU le d\u00e9cret n\u00b0 2022-1184 du 25 ao\u00fbt 2022 portant modi fication du d\u00e9cret no 2017-574 du 19 avril \n2017 modifi\u00e9 relatif \u00e0 la labellisation des structu res  Information Jeunesse , pris pour \nl'application de la loi relative \u00e0 l'\u00e9galit\u00e9 et \u00e0 la citoyennet\u00e9 no 2017-86 du 27 janvier 2017 ; \nVU le d\u00e9cret du 22 juillet 2020 nommant M. Marc GUILLAUME  pr\u00e9fet de la r\u00e9gion d'\u00cele-de-France, \npr\u00e9fet de Paris ;  \nVU le d\u00e9cret du 12 mars 2025 nommant Mme Julie BENETTI re ctrice de la r\u00e9gion acad\u00e9mique \u00cele-de-\nFrance, rectrice de l'acad\u00e9mie de Paris ;  \nD\u00e9l\u00e9gation r\u00e9gionale acad\u00e9mique \u00e0 la jeunesse, \u00e0 l'engagement et aux sports - IDF-2025-12-04-00006 - Arr\u00eat\u00e9 relatif \u00e0 la constitution, \u00e0\nla composition r\u00e9gionale et au fonctionnement\nde la formation sp\u00e9cialis\u00e9e  Information Jeunesse  de la commission r\u00e9gionale de la\njeunesse, des sports et de la vie associative d'\u00cele-de-France\n4\n \n2 \nD\u00e9l\u00e9gation r\u00e9gionale acad\u00e9mique \u00e0 la jeunesse, \u00e0 \nl'engagement et aux sports (DRAJES) \n6/8 rue Eug\u00e8ne Oudin\u00e9 - CS 81360 \n75634 PARIS CEDEX 13   \nVU l'arr\u00eat\u00e9 n\u00b006-112 du 13 juillet 2006 portant cr\u00e9ati on et composition de la commission r\u00e9gionale \nde la jeunesse, des sports et de la vie associative d'\u00cele-de-France ; \nVU l'arr\u00eat\u00e9 n\u00b0 2020-32 du 21 d\u00e9cembre 2020 portant org anisation de la d\u00e9l\u00e9gation r\u00e9gionale \nacad\u00e9mique \u00e0 la jeunesse, \u00e0 l'engagement et aux spo rts et des services d\u00e9partementaux \u00e0 la \njeunesse, \u00e0 l'engagement et aux sports ; \nVU l'arr\u00eat\u00e9 minist\u00e9riel en date du 8 d\u00e9cembre 2023 nom mant Mme C\u00e9cile NICOL dans l'emploi de \nd\u00e9l\u00e9gu\u00e9e r\u00e9gionale acad\u00e9mique \u00e0 la jeunesse, \u00e0 l'en gagement et aux sports de la r\u00e9gion \nacad\u00e9mique d'\u00cele-de-France ; \nVU l'arr\u00eat\u00e9 n\u00b02025-032-RRA du 4 avril 2025 portant sub d\u00e9l\u00e9gation de signature en mati\u00e8re \nadministrative dans le domaine des politiques de la  jeunesse, de l'\u00e9ducation populaire, de la vie \nassociative, de l'engagement civique et des sports ; \nSUR proposition de la d\u00e9l\u00e9gu\u00e9e r\u00e9gionale acad\u00e9mique de la jeunesse, de l'engagement et des sports \nd'\u00cele-de- France, \n \nARR\u00caTE \n \nArticle 1\ner :  Constitution d'une formation sp\u00e9cialis\u00e9e Information Jeunesse \n \nIl est constitu\u00e9 une formation sp\u00e9cialis\u00e9e  Inform ation Jeunesse  de la commission r\u00e9gionale de la \njeunesse, des sports et de la vie associative en Ile-de-France \u2013 CRJSVA. \n \nElle est pr\u00e9sid\u00e9e par Monsieur le pr\u00e9fet de la r\u00e9gi on d'\u00cele-de-France, pr\u00e9fet de Paris ou par son \nrepr\u00e9sentant. \n \nArticle 2 : Objet de la formation sp\u00e9cialis\u00e9e Information Jeunesse \n \nLa formation sp\u00e9cialis\u00e9e  Information Jeunesse  e st comp\u00e9tente pour formuler un avis sur le \nd\u00e9veloppement de l'information jeunesse. Elle rend un avis (labellisation, renouvellement de la \nlabellisation, refus de labellisation, retrait de l abellisation, suspension temporaire des structures \nd'Information Jeunesse \u00e9manant d'associations ou de  collectivit\u00e9s territoriales) en s'appuyant sur le \nrapport pr\u00e9sent\u00e9 par le service d\u00e9partemental instructeur. \n \nSon avis tient lieu d'avis de la commission r\u00e9gionale ou du conseil r\u00e9gional de la jeunesse, des sports et \nde la vie associative (CRJSVA). \n \nArticle 3 : Composition de la formation sp\u00e9cialis\u00e9e Information Jeunesse \n \nLa formation sp\u00e9cialis\u00e9e Information Jeunesse est compos\u00e9e par : \n \n- La rectrice de la r\u00e9gion acad\u00e9mique d'\u00cele-de-France ou de son repr\u00e9sentant ; \n- Les inspecteurs d'acad\u00e9mie, directeurs des services d\u00e9partementaux de l'\u00e9ducation nationale ou de \nleurs repr\u00e9sentants ; \n- La directrice g\u00e9n\u00e9rale du centre r\u00e9gional informati on jeunesse d'\u00cele-de-France ou son \nrepr\u00e9sentant ; \n- La pr\u00e9sidente du conseil r\u00e9gional ou de son repr\u00e9se ntant lorsque la formation sp\u00e9cialis\u00e9e \n Information Jeunesse  examine les demandes de la bellisation des structures qui exercent une \nactivit\u00e9 \u00e0 l'\u00e9chelle r\u00e9gionale. \n \n \nD\u00e9l\u00e9gation r\u00e9gionale acad\u00e9mique \u00e0 la jeunesse, \u00e0 l'engagement et aux sports - IDF-2025-12-04-00006 - Arr\u00eat\u00e9 relatif \u00e0 la constitution, \u00e0\nla composition r\u00e9gionale et au fonctionnement\nde la formation sp\u00e9cialis\u00e9e  Information Jeunesse  de la commission r\u00e9gionale de la\njeunesse, des sports et de la vie associative d'\u00cele-de-France\n5\n \n3 \nD\u00e9l\u00e9gation r\u00e9gionale acad\u00e9mique \u00e0 la jeunesse, \u00e0 \nl'engagement et aux sports (DRAJES) \n6/8 rue Eug\u00e8ne Oudin\u00e9 - CS 81360 \n75634 PARIS CEDEX 13   \n \nArticle 3 : Fonctionnement \n \nLes services de la d\u00e9l\u00e9gation r\u00e9gionale acad\u00e9mique \u00e0 la jeunesse, \u00e0 l'engagement et aux sports d'\u00cele-de-\nFrance assurent le secr\u00e9tariat de la formation sp\u00e9c ialis\u00e9e  Information Jeunesse  et la r\u00e9unit en ta nt \nque besoin. \n \nLes services d\u00e9partementaux \u00e0 la jeunesse, \u00e0 l'enga gement et aux sports (SDJES) r\u00e9ceptionnent les \ndemandes de labellisation \u00e9manant des structures in formation jeunesse de leur d\u00e9partement. Ils \ninstruisent les demandes formul\u00e9es par les structur es qui exercent leur activit\u00e9 \u00e0 l'\u00e9chelon \nd\u00e9partemental. Elles pr\u00e9sentent le rapport devant la formation sp\u00e9cialis\u00e9e  Information Jeunesse  \n \nLa d\u00e9l\u00e9gation r\u00e9gionale acad\u00e9mique \u00e0 la jeunesse, \u00e0 l'engagement et aux sports d'\u00cele-de-France instruit \nles demandes formul\u00e9es par les structures qui exerc ent une activit\u00e9 \u00e0 l'\u00e9chelon r\u00e9gional. Une seule \nstructure exer\u00e7ant une activit\u00e9 \u00e0 l'\u00e9chelon r\u00e9giona l peut \u00eatre labellis\u00e9e par r\u00e9gion. Elle pr\u00e9sente le  \nrapport devant la formation sp\u00e9cialis\u00e9e Information  Jeunesse. \n \nUn proc\u00e8s-verbal rend compte des d\u00e9cisions prises par la formation sp\u00e9cialis\u00e9e  Information Jeunesse . \n \nLe label  Information Jeunesse  est d\u00e9cern\u00e9 pour une dur\u00e9e de six ans, par arr\u00eat\u00e9 de la rectrice de la \nr\u00e9gion acad\u00e9mique d'\u00cele-de-France, rectrice de l'ac ad\u00e9mie de Paris. L'arr\u00eat\u00e9 est publi\u00e9 au recueil \nr\u00e9gional des actes administratifs de la pr\u00e9fecture de la r\u00e9gion \u00cele-de-France, pr\u00e9fecture de Paris. \n \nArticle 4 : Abrogation \n \nL'arr\u00eat\u00e9 23-02 du 2 f\u00e9vrier 2023 relatif \u00e0 la const itution, \u00e0 la composition r\u00e9gionale et au \nfonctionnement de la formation sp\u00e9cialis\u00e9e  Information Jeunesse  de la commission r\u00e9gionale de la \njeunesse, des sports et de la vie associative d'\u00cele-de-France, est abrog\u00e9. \n \nArticle 5 : Ex\u00e9cution \n \nLa d\u00e9l\u00e9gu\u00e9e r\u00e9gionale acad\u00e9mique \u00e0 la jeunesse, \u00e0 l 'engagement et aux sports d'\u00cele-de-France est \ncharg\u00e9e de l'ex\u00e9cution du pr\u00e9sent arr\u00eat\u00e9, qui sera publi\u00e9 au recueil r\u00e9gional des actes administratifs de \nla pr\u00e9fecture de la r\u00e9gion d'\u00cele-de-France, pr\u00e9fect ure de Paris, accessible sur le site internet de ce tte \npr\u00e9fecture, \u00e0 l'adresse suivante : \nhttp://www.prefectures-regions.gouv.fr/ile-de-france. \n \n \n             Paris, le 4 d\u00e9cembre 2025 \n                   \nPour le pr\u00e9fet de la r\u00e9gion d'\u00cele-de-France,  \npr\u00e9fet de Paris,  \n           La pr\u00e9f\u00e8te, secr\u00e9taire g\u00e9n\u00e9rale  \naux politiques publiques, \n \nSign\u00e9 \n \nMarie GAUTIER-MELLERAY \n \n \n \nD\u00e9l\u00e9gation r\u00e9gionale acad\u00e9mique \u00e0 la jeunesse, \u00e0 l'engagement et aux sports - IDF-2025-12-04-00006 - Arr\u00eat\u00e9 relatif \u00e0 la constitution, \u00e0\nla composition r\u00e9gionale et au fonctionnement\nde la formation sp\u00e9cialis\u00e9e  Information Jeunesse  de la commission r\u00e9gionale de la\njeunesse, des sports et de la vie associative d'\u00cele-de-France\n6\nDirection de la s\u00e9curit\u00e9 sociale-Mission nationale\nde contr\u00f4le et d'audit des organismes de\ns\u00e9curit\u00e9 sociale\nIDF-2025-12-17-00001\nArr\u00eat\u00e9 modificatif du 17 d\u00e9cembre 2025\nportant modification de la composition du\nconseil d'administration de la Caisse\nd'Allocations\nFamiliales de l'Essonne (CAF 91)\nDirection de la s\u00e9curit\u00e9 sociale-Mission nationale de contr\u00f4le et d'audit des organismes de s\u00e9curit\u00e9 sociale - IDF-2025-12-17-00001 -\nArr\u00eat\u00e9 modificatif du 17 d\u00e9cembre 2025\nportant modification de la composition du conseil d'administration de la Caisse d'Allocations\nFamiliales de l'Essonne (CAF 91)\n7\nE =GOUVERNEMENT DirectionLibert\u00e9t\u00e9 de la s\u00e9curit\u00e9 socialeEgalit\u00e9Fraternit\u00e9\n \n \n \n \nArr\u00eat\u00e9 modificatif du 17 d\u00e9cembre 2025 \nportant modification de la composition du conseil d'administration de la Caisse d'Allocations \nFamiliales de l'Essonne (CAF 91) \n \nLe Ministre du Travail et des Solidarit\u00e9s \nLa Ministre de la Sant\u00e9, des Familles, de l'Autonomie et des Personnes handicap\u00e9es \n \nVu le code de la s\u00e9curit\u00e9 sociale et notamment les articles L. 212 -2, R. 121-5 \u00e0 R. 121-7, et D. 231-1 \u00e0 \nD. 231-4 ; \n         \nVu l'arr\u00eat\u00e9 du 18 mars 2022 \u2013 ADP CA CAF de l'Essonne - portant nomination des membres du conseil \nd'administration de la Caisse d'Allocations Familiales de l'Essonne ; \n \nVu l'arr\u00eat\u00e9 du 18 octobre 2022 \u2013 ADP CA CAF de l'Essonne - portant modification des membres du \nconseil d'administration de la Caisse d'Allocations Familiales de l'Essonne ; \n \nVu l'arr\u00eat\u00e9 du 15 novembre 2022 \u2013 ADP CA CAF de l'Essonne - portant modification des membres \ndu conseil d'administration de la Caisse d'Allocations Familiales de l'Essonne ; \n \nVu l'arr\u00eat\u00e9 du 09 janvier 2024 \u2013 ADP CA CAF de l'Essonne - portant modification des membres du \nconseil d'administration de la Caisse d'Allocations Familiales de l'Essonne ; \n \nVu l'arr\u00eat\u00e9 du 17 juin 2024 \u2013 ADP CA CAF de l'Essonne - portant modification des membres du conseil \nd'administration de la Caisse d'Allocations Familiales de l'Essonne ; \n \nVu l'arr\u00eat\u00e9 du 30 septembre 2024 \u2013 ADP CA CAF de l'Essonne - portant modification des membres \ndu conseil d'administration de la Caisse d'Allocations Familiales de l'Essonne ; \n \nVu l'arr\u00eat\u00e9 du 03 octobre 2024 \u2013 ADP CA CAF de l'Essonne - portant modification des membres du \nconseil d'administration de la Caisse d'Allocations Familiales de l'Essonne ; \n \n Vu l'arr\u00eat\u00e9 du 05 novembre 2024 \u2013 ADP CA CAF de l'Essonne \u2013 portant modification de la \ncomposition du conseil d'administration de la Caisse d'Allocations Familiales de l'Essonne ; \n \nVu l'arr\u00eat\u00e9 modificatif du 25 novembre 2024 portant modification de la composition du conseil \nd'administration de la Caisse d'Allocations Familiales de l'Essonne ; \n \nVu l'arr\u00eat\u00e9 modificatif du 06 mars 2025 portant modification de la composition du conseil \nd'administration de la Caisse d'Allocations Familiales de l'Essonne ; \n \nVu l'arr\u00eat\u00e9 modificatif du 18 mars 2025 portant modification de la composition du conseil \nd'administration de la Caisse d'Allocations Familiales de l'Essonne ; \n \nVu l'arr\u00eat\u00e9 modificatif du 30 avril 2025 portant modification de la composition du conseil \nd'administration de la Caisse d'Allocations Familiales de l'Essonne ; \n \nVu l'arr\u00eat\u00e9 modificatif du 16 d\u00e9cembre 2025 portant modification de la composition du conseil \nd'administration de la Caisse d'Allocations Familiales de l'Essonne ; \n \nVu la proposition de candidature \u00e9manant, au titre des repr\u00e9sentants des employeurs, du Mouvement \ndes entreprises de France (MEDEF) ; \n \nDirection de la s\u00e9curit\u00e9 sociale-Mission nationale de contr\u00f4le et d'audit des organismes de s\u00e9curit\u00e9 sociale - IDF-2025-12-17-00001 -\nArr\u00eat\u00e9 modificatif du 17 d\u00e9cembre 2025\nportant modification de la composition du conseil d'administration de la Caisse d'Allocations\nFamiliales de l'Essonne (CAF 91)\n8\n \n \n \nVu l'arr\u00eat\u00e9 du 20 novembre 2024  portant d\u00e9l\u00e9gation de signature \u00e0 Monsieur Guy -Micha\u00ebl DALIN, \nchef de l'antenne de Paris de la Mission Nationale de Contr\u00f4le et d'audit des organismes de s\u00e9curit\u00e9 sociale; \n \nArr\u00eatent : \n \nArticle 1er \n \nL'arr\u00eat\u00e9 du 16 d\u00e9cembre 2025 est retir\u00e9. \nArticle 2 \n \nLa composition du conseil d'administration de la Caisse d'Allocations Familiales de l'Essonne est modifi\u00e9e \ncomme suit : \n \n1\u00b0 En tant que Repr\u00e9sentants des employeurs \nSur d\u00e9signation du Mouvement des entreprises de France (MEDEF) : \n \nSuppl\u00e9ant :  \nMadame THOMAS (Nathalie) sur si\u00e8ge vacant. \n \nArticle 3 \n \nLe chef d'antenne de Paris de la Mission nationale de contr\u00f4le et d'audit des organismes de s\u00e9curit\u00e9 sociale \nest charg\u00e9 de l'ex\u00e9cution du pr\u00e9sent arr\u00eat\u00e9, qui sera publi\u00e9 au recueil des actes administratifs de la \npr\u00e9fecture de la r\u00e9gion Ile de France. \nFait le 17 d\u00e9cembre 2025 \nLe Ministre du Travail et des Solidarit\u00e9s \n \nPour le ministre et par d\u00e9l\u00e9gation  \n \nSign\u00e9 \n \n \nGuy-Micha\u00ebl DALIN \n \nLa Ministre de la Sant\u00e9, des Familles, de \nl'Autonomie et des Personnes handicap\u00e9es \n \nPour la ministre et par d\u00e9l\u00e9gation  \n \nSign\u00e9 \n \nGuy-Micha\u00ebl DALIN \n \n \n \n \nDirection de la s\u00e9curit\u00e9 sociale-Mission nationale de contr\u00f4le et d'audit des organismes de s\u00e9curit\u00e9 sociale - IDF-2025-12-17-00001 -\nArr\u00eat\u00e9 modificatif du 17 d\u00e9cembre 2025\nportant modification de la composition du conseil d'administration de la Caisse d'Allocations\nFamiliales de l'Essonne (CAF 91)\n9","date":"2025-12-17","first_seen_on":"2025-12-17T18:17:03+00:00","id":"efe3144e1642ef9bca84a85c215cb27a4e361182c0d30180f80886403f15582c","name":"recueil-idf-040-2025-12-RAA-nominatifs du 17.12.2025","pdf_creation_date":"2025-12-17T15:59:18+00:00","pdf_modification_date":null,"timezone":"Europe/Paris","url":"https://www.prefectures-regions.gouv.fr/ile-de-france/irecontenu/telechargement/133780/980686/file/recueil-idf-040-2025-12-RAA-nominatifs%20du%2017.12.2025.pdf"}
