{"administration":"pref83","administration_name":"Pr\u00e9fecture du Var","content":"VAR\nRECUEIL DES ACTES\nADMINISTRATIFS\nN\u00b083-2025-318\nPUBLI\u00c9 LE 22 SEPTEMBRE 2025\nSommaire\nDirection d\u00e9partementale des finances publiques du Var / Direction de la\nDDFIP\n83-2025-09-01-00031 - Arr\u00eate de d\u00e9l\u00e9gation de signatures  - Service des\nimp\u00f4ts des entreprises de Toulon (3 pages) Page 4\n83-2025-09-01-00032 - Arr\u00eat\u00e9 de d\u00e9l\u00e9gation de signatures - Service\nde gestion comptable de Saint-Cyr (3 pages) Page 8\n83-2025-09-18-00007 - Arr\u00eat\u00e9 de d\u00e9l\u00e9gation de signatures - Service\ndes imp\u00f4ts des entreprises de Brignoles (3 pages) Page 12\nDirection d\u00e9partementale des territoires et de la mer du Var / Service\nagriculture et for\u00eat de la DDTM\n83-2025-09-18-00006 - Arr\u00eat\u00e9 pr\u00e9fectoral n\u00b0DDTM/SAF-7 du 18\nseptembre 2025 portant autorisation au titre de l'article L.333-3 du CRPM\nde prise de contr\u00f4le de la soci\u00e9t\u00e9 \u00e0 Responsabilit\u00e9 Limit\u00e9e\n\"ESPACE PIERRE BASSET\" (3 pages) Page 16\nDirection d\u00e9partementale des territoires et de la mer du Var / Service eau\net biodiversit\u00e9 de la DDTM\n83-2025-09-22-00001 - ARR\u00caT\u00c9 PR\u00c9FECTORAL N\u00b0 DDTM / SEBIO /\n2025-131 du 22 septembre 2025 compl\u00e9mentaire \u00e0 l'arr\u00eat\u00e9\npr\u00e9fectoral du 27 mai 2020 fixant la classe du barrage du Vanadal,\npropri\u00e9t\u00e9 de la communaut\u00e9 de communes du golfe de Saint-Tropez,\net les \u00e9ch\u00e9ances de remise des documents compl\u00e9mentaires et\nabrogeant l'arr\u00eat\u00e9 pr\u00e9fectoral N\u00b0 DDTM / SEBIO / 2024-90 du 16\nao\u00fbt 2024. (9 pages) Page 20\n83-2025-09-19-00001 - ARR\u00caT\u00c9 PR\u00c9FECTORAL\nN\u00b0DDTM/SEBIO/2025-132 du 19 septembre 2025 autorisant le bureau\nd'\u00e9tudes Saules et Eaux \u00e0 r\u00e9aliser une p\u00eache scientifique sur le\nterritoire du Var, en vue d'inventaires astacicoles dans le cadre de la\nr\u00e9actualisation des donn\u00e9es \u00ab\u00a0\u00e9crevisses\u00a0\u00bb du site Natura 2000\n\"Plaine de Vergelin - Fontigon, Gorges de Ch\u00e2teaudouble, bois des\nClappes\" (FR9301620). (5 pages) Page 30\nDirection d\u00e9partementale des territoires et de la mer du Var / Service\nplanifications et prospective de la DDTM\n83-2025-09-08-00018 - Arr\u00eat\u00e9 pr\u00e9fectoral portant approbation du plan\nde pr\u00e9vention des risques naturels d'inondation (PPRI) sur la commune\nde Flassans-sur-Issole li\u00e9 \u00e0 la pr\u00e9sence de l'Issole et de ses\nprincipaux affluents. (3 pages) Page 36\nPr\u00e9fecture du VAR / Direction de la citoyennet\u00e9 et de la l\u00e9galit\u00e9\n83-2025-09-18-00009 - Arr\u00eat\u00e9 pr\u00e9fectoral n\u00b0187 /2025-BCLI\n\nportant fixation du nombre de si\u00e8ges et r\u00e9partition des si\u00e8ges entre\nles communes au sein de la Communaut\u00e9 d'Agglom\u00e9ration Sud\nSainte-Baume (CASSB) (2 pages) Page 40\n2\n83-2025-09-18-00008 - Arr\u00eat\u00e9 pr\u00e9fectoral n\u00b0190 /2025-BCLI\n\nportant fixation du nombre de si\u00e8ges et r\u00e9partition des si\u00e8ges entre\nles communes au sein de la Communaut\u00e9 d'agglom\u00e9ration Provence\nVerte (CAPV) (3 pages) Page 43\n83-2025-09-18-00010 - Arr\u00eat\u00e9 pr\u00e9fectoral n\u00b0191 /2025-BCLI \nportant\nfixation du nombre de si\u00e8ges et r\u00e9partition des si\u00e8ges entre les\ncommunes au sein de la Communaut\u00e9 de Communes Coeur du Var\n(CCCV). (2 pages) Page 47\n83-2025-09-18-00011 - Arr\u00eat\u00e9 pr\u00e9fectoral n\u00b0192 /2025-BCLI \nportant\nfixation du nombre de si\u00e8ges et r\u00e9partition des si\u00e8ges entre les\ncommunes au sein de la Communaut\u00e9 de Commune du Golfe de\nSaint-Tropez (CCGST). (2 pages) Page 50\n83-2025-09-18-00012 - Arr\u00eat\u00e9 pr\u00e9fectoral n\u00b0193 /2025-BCLI \nportant\nfixation du nombre de si\u00e8ges et r\u00e9partition des si\u00e8ges entre les\ncommunes au sein de la Communaut\u00e9 de Communes Lacs et Gorges du\nVerdon (CCLGV). (2 pages) Page 53\n83-2025-09-18-00013 - Arr\u00eat\u00e9 pr\u00e9fectoral n\u00b0194 /2025-BCLI \nportant\nfixation du nombre de si\u00e8ges et r\u00e9partition des si\u00e8ges entre les\ncommunes au sein de la Communaut\u00e9 de Communes M\u00e9diterran\u00e9e\nPorte des Maures (CCMPM). (2 pages) Page 56\n83-2025-09-18-00014 - Arr\u00eat\u00e9 pr\u00e9fectoral n\u00b0195 /2025-BCLI \nportant\nfixation du nombre de si\u00e8ges et r\u00e9partition des si\u00e8ges entre les\ncommunes au sein de la Communaut\u00e9 de Communes du Pays de\nFayence (CCPF). (2 pages) Page 59\n83-2025-09-18-00015 - Arr\u00eat\u00e9 pr\u00e9fectoral n\u00b0196 /2025-BCLI \nportant\nfixation du nombre de si\u00e8ges et r\u00e9partition des si\u00e8ges entre les\ncommunes au sein de la Communaut\u00e9 de Communes Provence Verdon\n(CCPV). (2 pages) Page 62\n83-2025-09-18-00016 - Arr\u00eat\u00e9 pr\u00e9fectoral n\u00b0197 /2025-BCLI \nportant\nfixation du nombre de si\u00e8ges et r\u00e9partition des si\u00e8ges entre les\ncommunes au sein de la Communaut\u00e9 de Communes de la Vall\u00e9e du\nGapeau (CCVG). (2 pages) Page 65\n3\nDirection d\u00e9partementale des finances\npubliques du Var\n83-2025-09-01-00031\nArr\u00eate de d\u00e9l\u00e9gation de signatures  - Service des\nimp\u00f4ts des entreprises de Toulon\nDirection d\u00e9partementale des finances publiques du Var - 83-2025-09-01-00031 - Arr\u00eate de d\u00e9l\u00e9gation de signatures  - Service des\nimp\u00f4ts des entreprises de Toulon 4\nREPUBLIQUEFRANCAISELibert\u00e9Egalit\u00e9Fraternit\u00e9\nTFINANCES PUBLIQUES\nArr\u00eat\u00e9 portant D\u00c9L\u00c9GATION DE SIGNATURE \nLa comptable, responsable du service des imp\u00f4ts des entreprises de Toulon\nVu le code g\u00e9n\u00e9ral des imp\u00f4ts, et notamment l'artic le 408 de son annexe II et les articles 212 \u00e0 217 d e son\nannexe IV ; \nVu le livre des proc\u00e9dures fiscales, et notamment les articles L. 247 et R* 247-4 et suivants ;\nVu le d\u00e9cret n\u00b0 2008-309 du 3 avril 2008 portant di verses dispositions relatives \u00e0 la direction g\u00e9n\u00e9ra le des\nfinances publiques ; \nVu le d\u00e9cret n\u00b0 2009-707 du 16 juin 2009 relatif au x services d\u00e9concentr\u00e9s de la direction g\u00e9n\u00e9rale de s finances\npubliques ; \nVu le d\u00e9cret  n\u00b0 2012-1246 du 7 novembre 2012 relati f  \u00e0 la  gestion budg\u00e9taire et comptable publique,  et\nnotamment son article 16 ;\nArr\u00eate :\nArticle 1\ner\nD\u00e9l\u00e9gation de signature est donn\u00e9e \u00e0 Madame BERGES Val\u00e9rie et Madame LONGIN Laurence, Inspectrices,\nadjointes  et  Monsieur  Abdoulaye MARIKO  Inspecteur adjoint \u00e0 la responsable du service des  imp\u00f4ts  des\nentreprises de Toulon, \u00e0 l'effet de signer :\n1\u00b0) en mati\u00e8re de contentieux fiscal d'assiette, le s d\u00e9cisions d'admission totale, d'admission partiel le ou de rejet,\nde d\u00e9gr\u00e8vement ou restitution d'office, dans la limite de 60 000 \u20ac ; \n2\u00b0) en mati\u00e8re de gracieux fiscal, les d\u00e9cisions po rtant remise, mod\u00e9ration, transaction ou rejet, dan s la limite de\n30 000 \u20ac ;  \n3\u00b0)  les  d\u00e9cisions  sur  les  demandes  de  plafonnement  en  fonction  de  la  valeur  ajout\u00e9e  de  contribution\n\u00e9conomique territoriale, sans limite de montant pou r les entreprises dont tous les \u00e9tablissements sont  situ\u00e9s\ndans le ressort du service ;\n4\u00b0) les d\u00e9cisions sur les demandes de remboursement  de cr\u00e9dit d'imp\u00f4ts, dans la limite de 100 000 \u20ac pa r\ndemande ; \n5\u00b0)  les  documents  n\u00e9cessaires  \u00e0  l'ex\u00e9cution  comptable  des  d\u00e9cisions  contentieuses  et  gracieuses  sans\nlimitation de montant ; \n6\u00b0)  les mises en demeure de payer ;\n7\u00b0)  et de rendre ex\u00e9cutoire les avis de mise en recouvrement ;\n8\u00b0) au nom et sous la responsabilit\u00e9 du comptable soussign\u00e9, \nDIRECTION D\u00c9PARTEMENTALE\nDES FINANCES PUBLIQUES DU VAR\nDirection d\u00e9partementale\ndes Finances publiques du Var\nSERVICE DES IMP\u00d4TS DES ENTREPRISES DE\nTOULON\nRue Saint-Bernard\nCS 20207\n83081 TOULON CEDEX\nDirection d\u00e9partementale des finances publiques du Var - 83-2025-09-01-00031 - Arr\u00eate de d\u00e9l\u00e9gation de signatures  - Service des\nimp\u00f4ts des entreprises de Toulon 5\na) les d\u00e9cisions relatives aux demandes de d\u00e9lai de  paiement, le d\u00e9lai accord\u00e9 ne pouvant exc\u00e9der 18\nmois et porter sur une somme inf\u00e9rieure \u00e0 45 000 \u20ac ;\nb)  l'ensemble  des  actes  relatifs  au  recouvrement,  et  notamment  les  actes  de  poursuites  et  les\nd\u00e9clarations de cr\u00e9ances ainsi que pour ester en justice ;\n            c) tous actes d'administration et de gestion du service.\nArticle 2\nD\u00e9l\u00e9gation de signature est donn\u00e9e \u00e0 l'effet de signer :\n1\u00b0) en mati\u00e8re de contentieux fiscal d'assiette, le s d\u00e9cisions d'admission totale, d'admission partiel le ou de rejet,\nde d\u00e9gr\u00e8vement ou restitution d'office, dans la limite pr\u00e9cis\u00e9e dans le tableau ci-dessous ;\n2\u00b0) en mati\u00e8re de gracieux fiscal, les d\u00e9cisions po rtant remise, mod\u00e9ration ou rejet, dans la limite p r\u00e9cis\u00e9e dans\nle tableau ci-dessous ;\n3\u00b0) les d\u00e9cisions relatives aux demandes de d\u00e9lai d e paiement, dans les limites de dur\u00e9e et  de montant\nindiqu\u00e9es dans le tableau ci-apr\u00e8s ; \n4\u00b0) les mises en demeure de payer ;\n5\u00b0)  et de rendre ex\u00e9cutoire les avis de mise en recouvrement ;\n6\u00b0) l'ensemble des actes relatifs au recouvrement, et notamment les actes de poursuites et les d\u00e9clara tions de\ncr\u00e9ances ;\naux agents d\u00e9sign\u00e9s ci-apr\u00e8s :\nNom et pr\u00e9nom des\nagents\nGrade Limite\ndes d\u00e9cisions\ncontentieuses\nLimite\ndes\nd\u00e9cisions\ngracieuses\nDur\u00e9e\nmaximale des\nd\u00e9lais de\npaiement\nSomme\nmaximale pour\nlaquelle un\nd\u00e9lai de\npaiement peut\n\u00eatre accord\u00e9\nBLANC Isabelle Contr\u00f4leur 3 000 \u20ac 12 mois 20 000 \u20ac\nBOUTEILLER Gilles Contr\u00f4leur principal 10 000 \u20ac 3 000 \u20ac\nBRUNO Sylvie Contr\u00f4leur principal 10 000 \u20ac 3 000 \u20ac\nDRONE Sylvie Contr\u00f4leur principal 10 000 \u20ac 3 000 \u20ac\nEOUZAN Carole Contr\u00f4leur principal 10 000 \u20ac 3 000 \u20ac\nFEUILLIE Sylvie Contr\u00f4leur Principal 10 000 \u20ac 3 000 \u20ac\nGEORGES Monique Contr\u00f4leur principal 10 000 \u20ac 3 000 \u20ac\nGUIBERT H\u00e9l\u00e8ne Contr\u00f4leur 10 000 \u20ac 3 000 \u20ac\nHADJI Riad Agent 3 000 \u20ac 12 mois 20 000 \u20ac\nMANCON Marion Contr\u00f4leur 10 000 \u20ac 3 000 \u20ac\nMARCHAL Lorraine Contr\u00f4leur 10 000 \u20ac 3 000 \u20ac\nMARTLE Gervaise Contr\u00f4leur\nContr\u00f4leur\n10 000 \u20ac 3 000 \u20ac\nMESSEGHEM Isma Contr\u00f4leur 10 000 \u20ac 3 000 \u20ac\nMEYNIER Marianne Contr\u00f4leur principal 10 000 \u20ac 3 000 \u20ac\nOREGGIA Pascal Contr\u00f4leur principal 10 000 \u20ac 3 000 \u20ac\nPACE Patrick Contr\u00f4leur 10 000 \u20ac 3 000 \u20ac\nPAOLANTONACCI\nChristine\nContr\u00f4leur principal 10 000 \u20ac 3 000 \u20ac\nRAYNAUD Annabelle Contr\u00f4leur 10 000 \u20ac 3 000 \u20ac\nSCRONIAS Sylvie Contr\u00f4leur principal 10 000 \u20ac 3 000 \u20ac\nSECHI Sandrine Contr\u00f4leur principal 10 000 \u20ac 3 000 \u20ac\nDirection d\u00e9partementale des finances publiques du Var - 83-2025-09-01-00031 - Arr\u00eate de d\u00e9l\u00e9gation de signatures  - Service des\nimp\u00f4ts des entreprises de Toulon 6\nNom et pr\u00e9nom des\nagents\nGrade Limite\ndes d\u00e9cisions\ncontentieuses\nLimite\ndes\nd\u00e9cisions\ngracieuses\nDur\u00e9e\nmaximale des\nd\u00e9lais de\npaiement\nSomme\nmaximale pour\nlaquelle un\nd\u00e9lai de\npaiement peut\n\u00eatre accord\u00e9\nROUVIER Nicolas Contr\u00f4leur 3 000 \u20ac 12 mois 20 000 \u20ac\nROUX R\u00e9gis Contr\u00f4leur principal 3 000 \u20ac 12 mois 20 000 \u20ac\nROY Isabelle Contr\u00f4leur principal 10 000 \u20ac 3 000 \u20ac\nSALHAOUI Bernard Contr\u00f4leur principal 10 000 \u20ac 3 000 \u20ac\nSANTAMARIA Christine Contr\u00f4leur principal 10 000 \u20ac 3 0 00 \u20ac 12 mois 20 000 \u20ac\nTHEVENOT Laurence Contr\u00f4leur Principal 10 000 \u20ac 3 000 \u20ac\nTHIBAUX Colette Contr\u00f4leur principal 10 000 \u20ac 3 000 \u20ac\nTISSERAND Odile Contr\u00f4leur principal 10 000 \u20ac 3 000 \u20ac\nArticle 4\nLe pr\u00e9sent arr\u00eat\u00e9 prend effet au 1\ner septembre 2025. Il sera publi\u00e9 au recueil des acte s administratifs du\nd\u00e9partement du Var.\nA Toulon, le  1er septembre 2025\nLa comptable, responsable du service des imp\u00f4ts des\nentreprises de Toulon,\nSign\u00e9,\nAUREILLE Sandrine \nDirection d\u00e9partementale des finances publiques du Var - 83-2025-09-01-00031 - Arr\u00eate de d\u00e9l\u00e9gation de signatures  - Service des\nimp\u00f4ts des entreprises de Toulon 7\nDirection d\u00e9partementale des finances\npubliques du Var\n83-2025-09-01-00032\nArr\u00eat\u00e9 de d\u00e9l\u00e9gation de signatures - Service de\ngestion comptable de Saint-Cyr\nDirection d\u00e9partementale des finances publiques du Var - 83-2025-09-01-00032 - Arr\u00eat\u00e9 de d\u00e9l\u00e9gation de signatures - Service de\ngestion comptable de Saint-Cyr 8\nREPUBLI QUEFRAN\u00c7AISELibert\u00e9Egalit\u00e9Fraternit\u00e9\nService de Gestion Comptable de Saint-Cyr-Sur-Mer\n5 Avenue Aristide Briand\n83270 SAINT-CYR-SUR-MER\nDELEGATION DE SIGNATURE \n                              La comptable, responsable du service de gestion comptable de Saint-Cyr-Sur-Mer ,\nVu le code g\u00e9n\u00e9ral des imp\u00f4ts, et notamment l'article 408 de son annexe II et les articles 212 \u00e0 217 de\nson annexe IV ; \nVu le livre des proc\u00e9dures fiscales, et notamment les articles L. 247 , L. 257 A et R* 247-4 et suivants ;\nVu le d\u00e9cret n\u00b0 2008-309 du 3 avril 2008 portant diverses dispositions relatives \u00e0 la direction g\u00e9n\u00e9rale\ndes finances publiques ; \nVu le d\u00e9cret n\u00b0 2009-707 du 16 juin 2009 relatif aux services d\u00e9concentr\u00e9s de la direction g\u00e9n\u00e9rale des finances\npubliques ; \nVu le d\u00e9cret n\u00b0 2012-1246 du 7 novembre 2012 relatif \u00e0 la gestion budg\u00e9taire et comptable publique, et notamment\nson article 16 ;\nArr\u00eate:\nArticle 1\ner \nD\u00e9l\u00e9gation de signature est donn\u00e9e \u00e0  M.Killian RIVIERE, adjoint \u00e0 la comptable charg\u00e9e du service de gestion\ncomptable de Saint-Cyr-Sur-Mer, \u00e0 l'effet de signer au nom et sous la responsabilit\u00e9 du comptable soussign\u00e9, \na) les d\u00e9cisions relatives aux demandes de d\u00e9lai de paiement, le d\u00e9lai accord\u00e9 ne pouvant exc\u00e9der 24 mois\net porter sur une somme sup\u00e9rieure \u00e0 60 000 \u20ac ;\nb) l'ensemble des actes relatifs au recouvrement, et notamment les actes de poursuites et les d\u00e9clarations\nde cr\u00e9ances ainsi que pour ester en justice ;\nc) tous actes d'administration et de gestion du service (BDF).\nArticle 2\nD\u00e9l\u00e9gation de signature est donn\u00e9e \u00e0  M.Tom Cascino, adjoint \u00e0 la comptable charg\u00e9e du  service de gestion\ncomptable de Saint-Cyr-Sur-Mer, \u00e0 l'effet de signer au nom et sous la responsabilit\u00e9 du comptable soussign\u00e9, \na) les d\u00e9cisions relatives aux demandes de d\u00e9lai de paiement, le d\u00e9lai accord\u00e9 ne pouvant exc\u00e9der 24 mois\net porter sur une somme sup\u00e9rieure \u00e0 60 000 \u20ac ;\nb) l'ensemble des actes relatifs au recouvrement, et notamment les actes de poursuites et les d\u00e9clarations\nde cr\u00e9ances ainsi que pour ester en justice ;\n          c) tous actes administratifs de gestion du service\nDIRECTION D\u00c9PARTEMENTALE\nDES FINANCES PUBLIQUES DU V AR\nDirection d\u00e9partementale des finances publiques du Var - 83-2025-09-01-00032 - Arr\u00eat\u00e9 de d\u00e9l\u00e9gation de signatures - Service de\ngestion comptable de Saint-Cyr 9\nArticle 3\nD\u00e9l\u00e9gation de signature est donn\u00e9e \u00e0 l'effet de signer :\na) les d\u00e9cisions relatives aux demandes de d\u00e9lai de paiement, dans les limites de dur\u00e9e et de montant\nindiqu\u00e9es dans le tableau ci-apr\u00e8s;\nNom et pr\u00e9nom des agents grade Dur\u00e9e Limite\ndes d\u00e9cisions\ngracieuses\nGirardeau Mikael Cont\u00f4leur Principal 12 mois 10 000 \u20ac\nWegmann S\u00e8verine Contr\u00f4leur 12 mois 10 000 \u20ac\nChardon Stella Contr\u00f4leur Principal 12 mois 5 000 \u20ac\nb) l'ensemble des actes relatifs au recouvrement, et notamment les actes de poursuites et les d\u00e9clarations\nde cr\u00e9ances aux agents d\u00e9sign\u00e9s ci-apr\u00e8s:\nNom et pr\u00e9nom des agents grade\nGirardeau Mikael Contr\u00f4leur Principal Sans limiation de\nmontant\nWegmann S\u00e8verine Contr\u00f4leur Sans limimation de\nmontant\nArticle 4\nD\u00e9l\u00e9gation de signature  est donn\u00e9e \u00e0 l'effet de signer tout courrier relevant de la gestion courante de leur service:\nNom et pr\u00e9nom des agents grade Service \nBaudoin St\u00e9phane Cont\u00f4leur Principal d\u00e9pense\nRidet Ane Contr\u00f4leur Principal D\u00e9pense /comptabilit\u00e9\nTyfanie VAn-Herreweghe Agent administratif comptabilit\u00e9\nStella Chardon            Contr\u00f4leur Principal   Recette/Maitrise  des\nrisques\nLe pr\u00e9sent arr\u00eat\u00e9 publi\u00e9 au recueil des actes administratifs du  d\u00e9partement du Var,\nDirection d\u00e9partementale des finances publiques du Var - 83-2025-09-01-00032 - Arr\u00eat\u00e9 de d\u00e9l\u00e9gation de signatures - Service de\ngestion comptable de Saint-Cyr 10\nA  Saint-Cyr-Sur-Mer, le  01/09/2025 ,\nLa comptable,\nSign\u00e9\nVal\u00e9rie OLMI\nDirection d\u00e9partementale des finances publiques du Var - 83-2025-09-01-00032 - Arr\u00eat\u00e9 de d\u00e9l\u00e9gation de signatures - Service de\ngestion comptable de Saint-Cyr 11\nDirection d\u00e9partementale des finances\npubliques du Var\n83-2025-09-18-00007\nArr\u00eat\u00e9 de d\u00e9l\u00e9gation de signatures - Service des\nimp\u00f4ts des entreprises de Brignoles\nDirection d\u00e9partementale des finances publiques du Var - 83-2025-09-18-00007 - Arr\u00eat\u00e9 de d\u00e9l\u00e9gation de signatures - Service des\nimp\u00f4ts des entreprises de Brignoles 12\nREPUBLIQUEFRANCAISELibert\u00e9Egalit\u00e9Fraternit\u00e9\nTFINANCES PUBLIQUES\nArr\u00eat\u00e9 portant D\u00c9L\u00c9GATION DE SIGNATURE \nLe comptable, responsable du service des imp\u00f4ts des entreprises de Brignoles\nVu le code g\u00e9n\u00e9ral des imp\u00f4ts, et notamment l'artic le 408 de son annexe II et les articles 212 \u00e0 217 d e son\nannexe IV ; \nVu le livre des proc\u00e9dures fiscales, et notamment les articles L. 247 et R* 247-4 et suivants ;\nVu le d\u00e9cret n\u00b0 2008-309 du 3 avril 2008 portant di verses dispositions relatives \u00e0 la direction g\u00e9n\u00e9ra le des\nfinances publiques ; \nVu le d\u00e9cret n\u00b0 2009-707 du 16 juin 2009 relatif au x services d\u00e9concentr\u00e9s de la direction g\u00e9n\u00e9rale de s finances\npubliques ; \nVu le d\u00e9cret  n\u00b0 2012-1246 du 7 novembre 2012 relati f  \u00e0 la  gestion budg\u00e9taire et comptable publique,  et\nnotamment son article 16 ;\nArr\u00eate :\nArticle 1\ner\nD\u00e9l\u00e9gation de signature est donn\u00e9e \u00e0 M. COLLET J\u00e9r\u00f4 me, Inspecteur des Finances Publiques et \u00e0 Madame\nMERCIER Justine, Inspectrice des Finances Publiques , tous deux adjoints au responsable du Service des\nImp\u00f4ts des Entreprises de Brignoles, \u00e0 l'effet de signer :\n1\u00b0) en mati\u00e8re de contentieux fiscal d'assiette, le s d\u00e9cisions d'admission totale, d'admission partiel le ou de rejet,\nde d\u00e9gr\u00e8vement ou restitution d'office, dans la limite de 60 000 \u20ac ; \n2\u00b0) en mati\u00e8re de gracieux fiscal, les d\u00e9cisions po rtant remise, mod\u00e9ration, transaction ou rejet, dan s la limite de\n60 000 \u20ac ;  \n3\u00b0)  les  d\u00e9cisions  sur  les  demandes  de  plafonnement  en  fonction  de  la  valeur  ajout\u00e9e  de  contribution\n\u00e9conomique territoriale, sans limite de montant pou r les entreprises dont tous les \u00e9tablissements sont  situ\u00e9s\ndans le ressort du service ;\n4\u00b0) les d\u00e9cisions sur les demandes de remboursement  de cr\u00e9dit d'imp\u00f4ts, dans la limite de 100 000 \u20ac pa r\ndemande ; \n5\u00b0)  les  documents  n\u00e9cessaires  \u00e0  l'ex\u00e9cution  comptable  des  d\u00e9cisions  contentieuses  et  gracieuses  sans\nlimitation de montant ; \n6\u00b0)  les mises en demeure de payer ;\nDIRECTION D\u00c9PARTEMENTALE\nDES FINANCES PUBLIQUES DU VAR\nDirection d\u00e9partementale\ndes Finances publiques du Var\nSERVICE DES IMP\u00d4TS DES ENTREPRISES DE \nBRIGNOLES\nParc des Augustins\nCS 60304\n83177 BRIGNOLES CEDEX\nDirection d\u00e9partementale des finances publiques du Var - 83-2025-09-18-00007 - Arr\u00eat\u00e9 de d\u00e9l\u00e9gation de signatures - Service des\nimp\u00f4ts des entreprises de Brignoles 13\n7\u00b0)  et de rendre ex\u00e9cutoire les avis de mise en recouvrement ;\n8\u00b0) au nom et sous la responsabilit\u00e9 du comptable soussign\u00e9, \na) les d\u00e9cisions relatives aux demandes de d\u00e9lai de  paiement, le d\u00e9lai accord\u00e9 ne pouvant exc\u00e9der  \n18 mois et porter sur une somme sup\u00e9rieure \u00e0 60.000 \u20ac ;\nb)  l'ensemble  des  actes  relatifs  au  recouvrement,  et  notamment  les  actes  de  poursuites  et  les\nd\u00e9clarations de cr\u00e9ances ainsi que pour ester en justice ;\nc) tous actes d'administration et de gestion du service.\nArticle 2\nD\u00e9l\u00e9gation de signature est donn\u00e9e \u00e0  M. COLLET J\u00e9r\u00f4 me, et \u00e0 Madame MERCIER Justine, inspecteurs, \u00e0\nl'effet de signer :\nau nom et sous la responsabilit\u00e9 du comptable soussign\u00e9, tous actes d'administration et de gestion du service. \nArticle 3\nD\u00e9l\u00e9gation de signature est donn\u00e9e \u00e0 l'effet de signer :\n1\u00b0) en mati\u00e8re de contentieux fiscal d'assiette, le s d\u00e9cisions d'admission totale, d'admission partiel le ou de rejet,\nde d\u00e9gr\u00e8vement ou restitution d'office, dans la limite pr\u00e9cis\u00e9e dans le tableau ci-dessous ;\n2\u00b0) en mati\u00e8re de gracieux fiscal, les d\u00e9cisions po rtant remise, mod\u00e9ration ou rejet, dans la limite p r\u00e9cis\u00e9e dans\nle tableau ci-dessous ;\n3\u00b0) les d\u00e9cisions relatives aux demandes de d\u00e9lai d e paiement, dans les limites de dur\u00e9e et  de montant\nindiqu\u00e9es dans le tableau ci-apr\u00e8s ; \n4\u00b0) les mises en demeure de payer ;\n5\u00b0)  et de rendre ex\u00e9cutoire les avis de mise en recouvrement ;\n6\u00b0) l'ensemble des actes relatifs au recouvrement, et notamment les actes de poursuites et les d\u00e9clara tions de\ncr\u00e9ances ;\naux agents d\u00e9sign\u00e9s ci-apr\u00e8s :\nNom et pr\u00e9nom des\nagents\ngrade Limite\ndes d\u00e9cisions\ncontentieuses\nLimite\ndes\nd\u00e9cisions\ngracieuses\nDur\u00e9e\nmaximale\ndes d\u00e9lais de\npaiement\nSomme maximale\npour laquelle un\nd\u00e9lai de paiement\npeut \u00eatre accord\u00e9\nBARAGLIA Carole Contr\u00f4leur principal 10 000 \u20ac 10 000 \u20ac 6 mois 10 000 \u20ac\nDUCULTY Patricia Contr\u00f4leur principal 10 000 \u20ac 10 000 \u20ac 6 mois 10 000 \u20ac\nVILCHEZ Camille Agente d'Adm principale 2 000 \u20ac 2 000 \u20ac 6 mois 10 000 \u20ac\nSTENGER Vanessa Contr\u00f4leur 10 000 \u20ac 10 000 \u20ac\nESTORGES Gilles Contr\u00f4leur principal 10 000 \u20ac 10 000 \u20ac\nMEYER C\u00e9cile Contr\u00f4leur 10 000 \u20ac 10 000 \u20ac\nMICHET Christophe Contr\u00f4leur principal 10 000 \u20ac 10 000  \u20ac\nPUCCINI Christelle Contr\u00f4leur 10 000 \u20ac 10 000 \u20ac\nROSSI Karine Contr\u00f4leur 10 000 \u20ac 10 000 \u20ac\nLECOMTE Ad\u00e9la\u00efde Contr\u00f4leur 10 000 \u20ac 10 000 \u20ac\nCORTESI Audrey Contr\u00f4leur 10 000 \u20ac 10 000 \u20ac\nDirection d\u00e9partementale des finances publiques du Var - 83-2025-09-18-00007 - Arr\u00eat\u00e9 de d\u00e9l\u00e9gation de signatures - Service des\nimp\u00f4ts des entreprises de Brignoles 14\nArticle 4\nLe pr\u00e9sent arr\u00eat\u00e9 prend effet au 18/09/2025 Il sera  publi\u00e9 au recueil des actes administratifs du d\u00e9pa rtement du\nVar.\nA Brignoles, le 18/09/2025\nLe comptable, responsable du service des imp\u00f4ts des\nentreprises de Brignoles,\nSign\u00e9\nMONNOT Thierry, \nInspecteur Divisionnaire des Finances Publiques\nDirection d\u00e9partementale des finances publiques du Var - 83-2025-09-18-00007 - Arr\u00eat\u00e9 de d\u00e9l\u00e9gation de signatures - Service des\nimp\u00f4ts des entreprises de Brignoles 15\nDirection d\u00e9partementale des territoires et de la\nmer du Var\n83-2025-09-18-00006\nArr\u00eat\u00e9 pr\u00e9fectoral n\u00b0DDTM/SAF-7 du 18\nseptembre 2025 portant autorisation au titre de\nl'article L.333-3 du CRPM de prise de contr\u00f4le de\nla soci\u00e9t\u00e9 \u00e0 Responsabilit\u00e9 Limit\u00e9e \"ESPACE\nPIERRE BASSET\"\nDirection d\u00e9partementale des territoires et de la mer du Var - 83-2025-09-18-00006 - Arr\u00eat\u00e9 pr\u00e9fectoral n\u00b0DDTM/SAF-7 du 18\nseptembre 2025 portant autorisation au titre de l'article L.333-3 du CRPM de prise de contr\u00f4le de la soci\u00e9t\u00e9 \u00e0 Responsabilit\u00e9 Limit\u00e9e\n\"ESPACE PIERRE BASSET\"\n16\n=mPREFETDU VARLibert\u00e9Egalit\u00e9Fraternit\u00e9\nDirection d\u00e9partementale\ndes territoires et de la mer du Var\nARR\u00caT\u00c9 PR\u00c9FECTORAL n\u00b0 DDTM/SAF-7 du 18 septembre 2025\nportant autorisation au titre de l'article L. 333-3 du Code rural et de la p\u00eache maritime \nde prise de contr\u00f4le de la soci\u00e9t\u00e9 \u00e0 Responsabilit\u00e9 Limit\u00e9e \u00ab ESPACE PIERRE BASSET \u00bb\nLe pr\u00e9fet du Var,\nVu le code rural et de la p\u00eache maritime (CRPM), notamment ses articles L. 333-1 et suivants et  \nR. 333-1 et suivants ;\nVu le d\u00e9cret du Pr\u00e9sident de la R\u00e9publique du 15 mai 2025 nommant Monsieur Simon BABRE,  \npr\u00e9fet du Var ;\nVu l'arr\u00eat\u00e9  pr\u00e9fectoral  n\u00b02025/25/MCI  du  02  juin  2025  portant  d\u00e9l\u00e9gation  de  signature  \u00e0 \nMonsieur Laurent BOULET, directeur d\u00e9partemental des territoires et de la mer du Var et, en cas \nd'absence ou d'emp\u00eachement, \u00e0 Monsieur Xavier PRUD'HON, directeur d\u00e9partemental adjoint  \nou \u00e0 Monsieur Lionel HOULLIER, directeur d\u00e9partemental adjoint d\u00e9l\u00e9gu\u00e9 \u00e0 la mer et au littoral ;\nVu l'arr\u00eat\u00e9  pr\u00e9fectoral  n\u00b0DDTM/MPCA/2025-04  du  05  juin  2025  donnant  subd\u00e9l\u00e9gation  de \nsignature \u00e0 des agents de la Direction d\u00e9partementale des territoires et de la mer du Var ;\nVu l'arr\u00eat\u00e9 pr\u00e9fectoral du 13 f\u00e9vrier 2023 fixant le seuil d'agrandissement significatif pr\u00e9vu \u00e0  \nl'article L. 331-2 du code rural et de la p\u00eache maritime ;\nVu la demande d'autorisation au titre de l'article L. 333-3 du code rural et de la p\u00eache maritime  \npr\u00e9sent\u00e9e  par  la  soci\u00e9t\u00e9  SAS  Groupe  TOPIA,  repr\u00e9sent\u00e9e  par  Monsieur  Pascal  NOGUERA \nb\u00e9n\u00e9ficiaire physique de l'op\u00e9ration, le 19 juin 2025, r\u00e9put\u00e9e compl\u00e8te le 26 juin 2025 ;\nVu l'avis favorable de la soci\u00e9t\u00e9 d'am\u00e9nagement foncier et d'\u00e9tablissement rural (SAFER) de  \nPACA du 21 ao\u00fbt 2025 ;\nConsid\u00e9rant que la demande d'autorisation concerne une op\u00e9ration de reprise d'une p\u00e9pini\u00e8re  \ndans  son  int\u00e9gralit\u00e9  qui  consiste  en  l'acquisition  de  100 %  des  parts  sociales  des  soci\u00e9t\u00e9s \n\u00ab P\u00c9PINI\u00c8RE BASSET  \u00bb, \u00ab  BASSET DIFFUSION  \u00bb, \u00ab  PIERRE BASSET DISTRIBUTION  \u00bb et \u00ab  ESPACE \nPIERRE BASSET \u00bb ;\nConsid\u00e9rant que les acquisitions des soci\u00e9t\u00e9s \u00ab  P\u00c9PINI\u00c8RE BASSET \u00bb, \u00ab BASSET DIFFUSION \u00bb, et \n\u00ab PIERRE  BASSET  DISTRIBUTION \u00bb  par  la  soci\u00e9t\u00e9  SAS  Groupe  TOPIA  n'entra\u00eenent  pas  le \nd\u00e9passement du seuil d'agrandissement significatif de la r\u00e9gion PACA ;\nConsid\u00e9rant que la prise de contr\u00f4le de la soci\u00e9t\u00e9 \u00ab  ESPACE PIERRE BASSET \u00bb par la soci\u00e9t\u00e9 SAS \nGroupe TOPIA assure le franchissement du seuil d'agrandissement significatif de PACA ;\n1/3\nDirection d\u00e9partementale des territoires et de la mer du Var - 83-2025-09-18-00006 - Arr\u00eat\u00e9 pr\u00e9fectoral n\u00b0DDTM/SAF-7 du 18\nseptembre 2025 portant autorisation au titre de l'article L.333-3 du CRPM de prise de contr\u00f4le de la soci\u00e9t\u00e9 \u00e0 Responsabilit\u00e9 Limit\u00e9e\n\"ESPACE PIERRE BASSET\"\n17\nConsid\u00e9rant que cette op\u00e9ration a pour cons\u00e9quence une prise de contr\u00f4le, au sens du IV de  \nl'article L. 333-2 du Code rural et de la p\u00eache maritime, de la soci\u00e9t\u00e9 \u00ab  ESPACE PIERRE BASSET \u00bb \npar Monsieur Pascal NOGUERA SAS Groupe TOPIA qui d\u00e9tiendra ainsi 100 % des droits de vote ;\nConsid\u00e9rant que la surface exploit\u00e9e ou d\u00e9tenue directement ou indirectement par Monsieur  \nPascal NOGUERA suite \u00e0 l'op\u00e9ration sera de 155,4220 hectares pond\u00e9r\u00e9s et d\u00e9passera le seuil  \nd'agrandissement significatif fix\u00e9 \u00e0 127 ,5 hectares pond\u00e9r\u00e9s ;\nConsid\u00e9rant que  la  contribution  apport\u00e9e  par  l'op\u00e9ration  envisag\u00e9e  au  d\u00e9veloppement  du \nterritoire  ou  \u00e0  la  diversit\u00e9  de  ses  syst\u00e8mes  de  production  l'emporte  sur  les  atteintes  aux \nobjectifs d\u00e9finis \u00e0 l'article L. 333-1, pour les motifs suivants :\n- L'op\u00e9ration consiste en la reprise int\u00e9grale de la p\u00e9pini\u00e8re et la poursuite de l'activit\u00e9, \u00e0  \nsavoir la production de plantes, arbustes et arbres d'ornement, ainsi que la commercialisation \u00e0  \ndestination des particuliers et diverses enseignes de vente de v\u00e9g\u00e9taux.\n- L'op\u00e9ration de prise de participation est r\u00e9alis\u00e9e au profit d'un b\u00e9n\u00e9ficiaire, Monsieur  \nPascal NOGUERA, qui ne d\u00e9tient ou n'exploite, de mani\u00e8re directe ou indirecte, aucune autre  \nsurface par ailleurs.\n-  La  prise  de  contr\u00f4le  de  la  soci\u00e9t\u00e9  \u00ab ESPACE  PIERRE  BASSET \u00bb  par  Monsieur  Pascal \nNOGUERA et l'exploitation des biens \u00e0 l'issue des 4 op\u00e9rations r\u00e9alis\u00e9es par la soci\u00e9t\u00e9 SAS  \nGroupe  TOPIA  sera  de  155,4220  hectares  pond\u00e9r\u00e9s,  soit  l'\u00e9quivalent  de  1,22  seuil  \nd'agrandissement significatif.\n- Les surfaces pouvant \u00eatre lib\u00e9r\u00e9es, \u00e9quip\u00e9es d'installations en p\u00e9pini\u00e8re et en faire valoir  \nindirect, ne correspondraient pas aux besoins de fonciers connus par la SAFER PACA.\nConsid\u00e9rant qu'aucune  observation  n'a  \u00e9t\u00e9  adress\u00e9e  \u00e0  la  SAFER  dans  le  d\u00e9lai  d'un  mois  \u00e0 \ncompter du 26 juin 2025, date de la publication de l'op\u00e9ration sur le site internet de la SAFER  \nPACA ;\nSur proposition du directeur d\u00e9partemental des territoires et de la mer du Var,\nARR\u00caTE \nArticle 1er :\nL'autorisation de prise de contr\u00f4le de la soci\u00e9t\u00e9 \u00ab  ESPACE PIERRE BASSET \u00bb au titre de l'article  \nL. 333-3 du code rural et de la p\u00eache maritime est accord\u00e9e \u00e0 la soci\u00e9t\u00e9 SAS Groupe TOPIA,  \ndomicili\u00e9e  \u00e0  PERNES  LES  FONTAINES,  Chemin  des  Jonquiers,  n\u00b0  SIREN  953316502  et \nrepr\u00e9sent\u00e9e par Monsieur Pascal NOGUERA, \u00e0 compter de la publication du pr\u00e9sent arr\u00eat\u00e9 au  \nrecueil des actes administratifs du Var.\nArticle 2 :\nLe pr\u00e9sent arr\u00eat\u00e9 sera publi\u00e9 au recueil des actes administratifs de la pr\u00e9fecture.\nArticle 3 : \nLe pr\u00e9sent arr\u00eat\u00e9 est susceptible de faire l'objet d'un recours contentieux devant le Tribunal  \nadministratif de Toulon dans un d\u00e9lai de deux mois \u00e0 compter de sa notification.\nIl est \u00e9galement susceptible de faire l'objet d'un recours gracieux aupr\u00e8s de mes services ainsi  \nque d'un recours hi\u00e9rarchique aupr\u00e8s du Ministre dans le m\u00eame d\u00e9lai. Un recours contentieux  \npeut ensuite \u00eatre form\u00e9 aupr\u00e8s du Tribunal administratif de Toulon dans le d\u00e9lai de deux mois  \nsuivant le rejet explicite ou implicite du recours gracieux ou hi\u00e9rarchique.\n2/3\nDirection d\u00e9partementale des territoires et de la mer du Var - 83-2025-09-18-00006 - Arr\u00eat\u00e9 pr\u00e9fectoral n\u00b0DDTM/SAF-7 du 18\nseptembre 2025 portant autorisation au titre de l'article L.333-3 du CRPM de prise de contr\u00f4le de la soci\u00e9t\u00e9 \u00e0 Responsabilit\u00e9 Limit\u00e9e\n\"ESPACE PIERRE BASSET\"\n18\nArticle 4 : \nLe secr\u00e9taire g\u00e9n\u00e9ral de la pr\u00e9fecture du Var et le directeur d\u00e9partemental des territoires et de  \nla mer du Var, sont charg\u00e9s, chacun en ce qui le concerne, de l'ex\u00e9cution du pr\u00e9sent arr\u00eat\u00e9.\nFait \u00e0 Toulon, le 18 septembre 2025\nPour le Pr\u00e9fet et par d\u00e9l\u00e9gation,\nLe directeur d\u00e9partemental des territoires et  \nde la Mer du Var\nSign\u00e9\nLaurent BOULET\n3/3\nDirection d\u00e9partementale des territoires et de la mer du Var - 83-2025-09-18-00006 - Arr\u00eat\u00e9 pr\u00e9fectoral n\u00b0DDTM/SAF-7 du 18\nseptembre 2025 portant autorisation au titre de l'article L.333-3 du CRPM de prise de contr\u00f4le de la soci\u00e9t\u00e9 \u00e0 Responsabilit\u00e9 Limit\u00e9e\n\"ESPACE PIERRE BASSET\"\n19\nDirection d\u00e9partementale des territoires et de la\nmer du Var\n83-2025-09-22-00001\nARR\u00caT\u00c9 PR\u00c9FECTORAL N\u00b0 DDTM / SEBIO /\n2025-131 du 22 septembre 2025 compl\u00e9mentaire\n\u00e0 l'arr\u00eat\u00e9 pr\u00e9fectoral du 27 mai 2020 fixant la\nclasse du barrage du Vanadal, propri\u00e9t\u00e9 de la\ncommunaut\u00e9 de communes du golfe de\nSaint-Tropez, et les \u00e9ch\u00e9ances de remise des\ndocuments compl\u00e9mentaires et abrogeant\nl'arr\u00eat\u00e9 pr\u00e9fectoral N\u00b0 DDTM / SEBIO / 2024-90\ndu 16 ao\u00fbt 2024.\nDirection d\u00e9partementale des territoires et de la mer du Var - 83-2025-09-22-00001 - ARR\u00caT\u00c9 PR\u00c9FECTORAL N\u00b0 DDTM / SEBIO /\n2025-131 du 22 septembre 2025 compl\u00e9mentaire \u00e0 l'arr\u00eat\u00e9 pr\u00e9fectoral du 27 mai 2020 fixant la classe du barrage du Vanadal,\npropri\u00e9t\u00e9 de la communaut\u00e9 de communes du golfe de Saint-Tropez, et les \u00e9ch\u00e9ances de remise des documents compl\u00e9mentaires et\nabrogeant l'arr\u00eat\u00e9 pr\u00e9fectoral N\u00b0 DDTM / SEBIO / 2024-90 du 16 ao\u00fbt 2024.\n20\n=mPREFETDU VARLibert\u00e9Egalit\u00e9Fraternit\u00e9\nARR\u00caT\u00c9 PR\u00c9FECTORAL n\u00b0DDTM/SEBIO/2025-131 du  22 septembre 2025         \ncompl\u00e9mentaire \u00e0 l'arr\u00eat\u00e9 pr\u00e9fectoral du 27 mai 2020 fixant la classe\ndu barrage du Vanadal, propri\u00e9t\u00e9 de la communaut\u00e9 de communes du golfe de Saint Tropez, \net les \u00e9ch\u00e9ances de remise des documents compl\u00e9mentaires et abrogeant l'arr\u00eat\u00e9 pr\u00e9fectoral \nn\u00b0DDTM/SEBIO/2024-90 du 16 ao\u00fbt 2024\nLe pr\u00e9fet du Var,\nVu le code de l'environnement, et notamment les articles L. 120-1, L. 122-1 et suivants, L. 123-1  \net  suivants,  R.  122-1  et  suivants  et  R.  123-1  et  suivants  relatifs  \u00e0  l'information  et  \u00e0  la \nparticipation des citoyens, les articles L. 181-1 et suivants et R. 181-1 et suivants relatifs \u00e0  \nl'autorisation environnementale, l'article L. 210-1 relatif \u00e0 l'Eau et aux milieux aquatiques et  \nmarins, les articles L. 211-1 et suivants et R. 211-1 et suivants relatifs au r\u00e9gime g\u00e9n\u00e9ral et \u00e0 la  \ngestion de la ressource et les articles L. 214-1 et suivants et R. 214-1 et suivants relatifs aux  \nactivit\u00e9s, installations et usages ;\nVu l'arr\u00eat\u00e9  minist\u00e9riel  du  8  ao\u00fbt  2022  pr\u00e9cisant  les  obligations  documentaires  et  la  \nconsistance des v\u00e9rifications et visites techniques approfondies des ouvrages hydrauliques  \nautoris\u00e9s ou conc\u00e9d\u00e9s ;\nVu l'arr\u00eat\u00e9 du 9 juin 2021 fixant les prescriptions techniques g\u00e9n\u00e9rales applicables aux plans  \nd'eau, y compris en ce qui concerne les modalit\u00e9s de vidange, relevant de la rubrique 3.2.3.0  \nde la nomenclature annex\u00e9e \u00e0 l'article R. 214-1 du code de l'environnement ;\nVu le d\u00e9cret du Pr\u00e9sident de la R\u00e9publique du 16 mai 2025 portant nomination de Monsieur  \nSimon Babre pr\u00e9fet du Var ;\nVu l'arr\u00eat\u00e9 pr\u00e9fectoral n\u00b0 2025/12/ MCI du 2 juin 2025 portant d\u00e9l\u00e9gation de signature \u00e0 M.  \nLucien  GIUDICELLI,  Secr\u00e9taire  g\u00e9n\u00e9ral  de  la  pr\u00e9fecture  du  Var,  Sous-pr\u00e9fet  de  \nl'arrondissement de Toulon ;\nVu  l'arr\u00eat\u00e9  pr\u00e9fectoral  DDTM/MPCA/2025-04  du  5  juin  2025,  donnant  subd\u00e9l\u00e9gation  de \nsignature \u00e0 des agents de la direction d\u00e9partementale des territoires et de la mer du Var ;\nVu l'arr\u00eat\u00e9 pr\u00e9fectoral du 27 mai 2020 fixant la classe du barrage du Vanadal, propri\u00e9t\u00e9 de la  \ncommunaut\u00e9  de  communes  du  golfe  de  Saint-Tropez,  et  les  \u00e9ch\u00e9ances  de  remise  des \ndocuments compl\u00e9mentaires ;\nVu l'arr\u00eat\u00e9  pr\u00e9fectoral  du  22  septembre  2022  portant  prescriptions  compl\u00e9mentaires  de \ns\u00e9curit\u00e9 du barrage du Vanadal, situ\u00e9 sur la commune de La Garde-Freinet, exploit\u00e9 par la  \ncommunaut\u00e9 de communes du golfe de Saint Tropez ;\n1/9\nDirection d\u00e9partementale\ndes territoires et de la mer du Var\nDirection d\u00e9partementale des territoires et de la mer du Var - 83-2025-09-22-00001 - ARR\u00caT\u00c9 PR\u00c9FECTORAL N\u00b0 DDTM / SEBIO /\n2025-131 du 22 septembre 2025 compl\u00e9mentaire \u00e0 l'arr\u00eat\u00e9 pr\u00e9fectoral du 27 mai 2020 fixant la classe du barrage du Vanadal,\npropri\u00e9t\u00e9 de la communaut\u00e9 de communes du golfe de Saint-Tropez, et les \u00e9ch\u00e9ances de remise des documents compl\u00e9mentaires et\nabrogeant l'arr\u00eat\u00e9 pr\u00e9fectoral N\u00b0 DDTM / SEBIO / 2024-90 du 16 ao\u00fbt 2024.\n21\nVu l'arr\u00eat\u00e9 pr\u00e9fectoral du 15 avril 2024 portant mise en demeure de la communaut\u00e9 de  \ncommunes du Golfe de Saint Tropez de respecter les prescriptions r\u00e9glementaires pr\u00e9vues \u00e0  \nl'article  3  de  l'arr\u00eat\u00e9  pr\u00e9fectoral  du  22  septembre  2022  portant  prescriptions  \ncompl\u00e9mentaires de s\u00e9curit\u00e9 du barrage du Vanadal ;\nVu l'arr\u00eat\u00e9 pr\u00e9fectoral n\u00b0 DDTM/SEBIO/2024- 90 du 16 ao\u00fbt 2024  compl\u00e9mentaire \u00e0 l'arr\u00eat\u00e9  \npr\u00e9fectoral  du  27  mai  2020  fixant  la  classe  du  barrage  du  Vanadal,  propri\u00e9t\u00e9  de  la \ncommunaut\u00e9  de  communes  du  golfe  de  Saint  Tropez,  et  les  \u00e9ch\u00e9ances  de  remise  des \ndocuments compl\u00e9mentaires ;\nVu le  porter  \u00e0  connaissance  du  pr\u00e9fet  d\u00e9pos\u00e9  le  13  mai  2024  par  la  communaut\u00e9  de \ncommunes du Golfe de Saint Tropez, sise b\u00e2timent Le Grand Sud, 2 rue Blaise Pascal \u2013 83310  \nCOGOLIN,  repr\u00e9sent\u00e9e  par  M.  Eric  Crommer,  directeur  du  p\u00f4le  eau  et  assainissement, \nenregistr\u00e9 sous le num\u00e9ro 83-2024-00044/PAC1306, concernant la vidange  de la retenue du  \nVanadal sur le territoire de la commune de La Garde-Freinet ;\nVu l'ensemble des pi\u00e8ces du dossier de la demande susvis\u00e9e ;\nVu l'avis du service de contr\u00f4le de la s\u00e9curit\u00e9 des ouvrages hydrauliques de la DREAL PACA en \ndate du 25 juillet 2024 ;\nVu l'avis au titre de Natura 2000 en date du 17 juin 2024 ;\nVu les observations du p\u00e9titionnaire sur le projet d'arr\u00eat\u00e9 en date du 9 septembre 2025 ;\nConsid\u00e9rant que la retenue du Vanadal a pour vocation l 'alimentation en eau potable de la  \ncommune  de  la  Garde-Freinet,  et  dont  la  gestion  est  port\u00e9e  par  son  propri\u00e9taire,  la \nCommunaut\u00e9 de Communes du Golfe de Saint-Tropez (CCGST). ;\nConsid\u00e9rant que la vidange compl\u00e8te de la retenue du Vanadal est n\u00e9cessaire pour r\u00e9aliser un \ndiagnostic de garantie de s\u00fbret\u00e9 prescrit par l'arr\u00eat\u00e9 pr\u00e9fectoral du 22 septembre 2022 ;\nConsid\u00e9rant  que  le  diagnostic  des  garanties  de  l'ouvrage  a  \u00e9t\u00e9  fix\u00e9  au  plus  tard  au  31 \nd\u00e9cembre 2025 par l'arr\u00eat\u00e9 pr\u00e9fectoral du 22 septembre 2022 ;\nConsid\u00e9rant que la communaut\u00e9 de communes du Golfe de Saint Tropez a \u00e9t\u00e9 mise en  \ndemeure, le 15 avril 2024, de respecter les dispositions de l'article 3 de l'arr\u00eat\u00e9 pr\u00e9fectoral du  \n22 septembre 2022 en r\u00e9alisant les actions suivantes dans les d\u00e9lais pr\u00e9cis\u00e9s  : diagnostic de  \nl'efficacit\u00e9 du dispositif d'auscultation dans les 6 mois \u00e0 compter du 15 avril 2024, remise en  \n\u00e9tat du radier et des bajoyers de l'\u00e9vacuateur de crues avant le 15 avril 2025, curage de la  \nvanne de vidange afin de garantir sa fermeture compl\u00e8te avant le 31 d\u00e9cembre 2025 ;\nConsid\u00e9rant que la vidange, l'entretien et la maintenance du barrage, le curage (si n\u00e9cessaire) \net le remplissage  de la retenue du Vanadal ne pr\u00e9sentent pas d'impacts permanents sur le  \nmilieu pendant ou apr\u00e8s leur r\u00e9alisation ;\nConsid\u00e9rant que le ruisseau des Neuf Riaux est  identifi\u00e9 dans l'inventaire des fray\u00e8res (Arr\u00eat\u00e9  \npr\u00e9fectoral du 3 janvier 2023 portant approbation des inventaires relatifs aux fray\u00e8res et aux  \nzones de croissance ou d'alimentation de la faune piscicole au sens de l'Article L.432-3 du  \ncode de l'Environnement) vis-\u00e0-vis de l'esp\u00e8ce suivante :  Barbeau M\u00e9ridional: de la source  \n(commune de La Garde-Freinet) \u00e0 la confluence avec l'Aille (commune de Le Cannet-des-\nMaures) ;\n2/9\nDirection d\u00e9partementale des territoires et de la mer du Var - 83-2025-09-22-00001 - ARR\u00caT\u00c9 PR\u00c9FECTORAL N\u00b0 DDTM / SEBIO /\n2025-131 du 22 septembre 2025 compl\u00e9mentaire \u00e0 l'arr\u00eat\u00e9 pr\u00e9fectoral du 27 mai 2020 fixant la classe du barrage du Vanadal,\npropri\u00e9t\u00e9 de la communaut\u00e9 de communes du golfe de Saint-Tropez, et les \u00e9ch\u00e9ances de remise des documents compl\u00e9mentaires et\nabrogeant l'arr\u00eat\u00e9 pr\u00e9fectoral N\u00b0 DDTM / SEBIO / 2024-90 du 16 ao\u00fbt 2024.\n22\nConsid\u00e9rant que la zone d'\u00e9tude intercepte plusieurs p\u00e9rim\u00e8tres d'int\u00e9r\u00eat \u00e9cologique, dont :\n- la Zone Sp\u00e9ciale de Conservation \u00ab La plaine et le massif des Maures (FR9301622),\n- la r\u00e9serve naturelle de la Plaine des Maures\n- les plans nationaux d'actions en faveur de la tortue d'Hermann et du L\u00e9zard Ocell\u00e9,\n- le ruisseau du Neuf Riaux class\u00e9 en liste 1,\n-  la  zone  humide  artificielle  \u00ab Plan  d'eau  le  Pas  de  la  m\u00fble  for\u00eat  du  la  Garde-Freinet \u00bb \ncorrespondant \u00e0 la retenue du Vanadal et ses bordures ;\nConsid\u00e9rant  que  le porter  \u00e0  connaissance  d\u00e9montre  que  la  vidange  et  les  travaux  de \nmaintenance annexes (remplacement de la vanne de vidange et injections sur la galerie de  \nvidange)  ne  sont  pas  des  modifications  substantielles  de  l'ouvrage  et  qu'ils  n'ont  pas \nd'impacts significa tifs sur les esp\u00e8ces prot\u00e9g\u00e9es et leurs habitats pr\u00e9sents dans le secteur  \nenvironnant,  sur  les  milieux  aquatiques  (caract\u00e9ristiques  physico-chimiques  de  l'eau,  la \ns\u00e9dimentation, la perturbation de la vie piscicole\u2026), sur le danger li\u00e9 \u00e0 la mont\u00e9e des eaux et  \naux sollicitations sur l'ouvrage lui-m\u00eame et sur le paysage ;\nConsid\u00e9rant  que  les  prescriptions  du  pr\u00e9sent  arr\u00eat\u00e9  permettent  de  garantir  une  gestion \n\u00e9quilibr\u00e9e et durable de la ressource en eau ;\nConsid\u00e9rant que le d\u00e9but de la vidange a \u00e9t\u00e9 d'abord d\u00e9cal\u00e9 pour limiter la perturbation des  \nesp\u00e8ces animales puis pour r\u00e9tablir les d\u00e9g\u00e2ts sur l'acc\u00e8s au barrage occasionn\u00e9s par les crues  \nd'octobre 2024 et mai 2025  ;\nConsid\u00e9rant le caract\u00e8re ponctuel de l'op\u00e9ration ;\nSur proposition du secr\u00e9taire g\u00e9n\u00e9ral de la pr\u00e9fecture du Var ;\nARR\u00caTE :\nTITRE I     : OBJET DE L'AUTORISATION  \nArticle 1  er      : abrogation \nLe pr\u00e9sent arr\u00eat\u00e9 abroge et remplace l'arr\u00eat\u00e9 pr\u00e9fectoral n\u00b0 DDTM/SEBIO/2024-90 du 16 ao\u00fbt  \n2024  compl\u00e9mentaire \u00e0 l'arr\u00eat\u00e9 pr\u00e9fectoral du 27 mai 2020 fixant la classe  du barrage du  \nVanadal,  propri\u00e9t\u00e9  de  la  communaut\u00e9  de  communes  du  golfe  de  Saint  Tropez,  et  les \n\u00e9ch\u00e9ances de remise des documents compl\u00e9mentaires\nArticle 2 : b\u00e9n\u00e9ficiaire de l'autorisation environnementale\nLa communaut\u00e9 de communes du golfe de Saint-Tropez,  est b\u00e9n\u00e9ficiaire de l'autorisation  \ncompl\u00e9mentaire d\u00e9finie \u00e0 l'article 2 ci-dessous ,  sous r\u00e9serve du respect des prescriptions  \nd\u00e9finies par le pr\u00e9sent arr\u00eat\u00e9.\nLa  communaut\u00e9  de  communes  du  golfe  de  Saint-Tropez est  d\u00e9nomm\u00e9e  ci-apr\u00e8s  \u00ab  le \nb\u00e9n\u00e9ficiaire \u00bb.\n3/9\nDirection d\u00e9partementale des territoires et de la mer du Var - 83-2025-09-22-00001 - ARR\u00caT\u00c9 PR\u00c9FECTORAL N\u00b0 DDTM / SEBIO /\n2025-131 du 22 septembre 2025 compl\u00e9mentaire \u00e0 l'arr\u00eat\u00e9 pr\u00e9fectoral du 27 mai 2020 fixant la classe du barrage du Vanadal,\npropri\u00e9t\u00e9 de la communaut\u00e9 de communes du golfe de Saint-Tropez, et les \u00e9ch\u00e9ances de remise des documents compl\u00e9mentaires et\nabrogeant l'arr\u00eat\u00e9 pr\u00e9fectoral N\u00b0 DDTM / SEBIO / 2024-90 du 16 ao\u00fbt 2024.\n23\nArticle 3     :   objet de l'autorisation environnementale\nLe  b\u00e9n\u00e9ficiaire  est  autoris\u00e9,  en  application  des  articles  L.  181-1  et  L.  214-3  du  code  de \nl'environnement,  \u00e0 r\u00e9aliser  la  vidange  compl\u00e8te  de  la  retenue  du  Vanadal,  situ\u00e9e  sur  la \ncommune de La Garde-Freinet de mani\u00e8re \u00e0 proc\u00e9der \u00e0 un diagnostic des garanties de s\u00fbret\u00e9  \nde l'ouvrage, conform\u00e9ment \u00e0 l'article R.214-127 du code de l'environnement.\nUne vidange de l'ouvrage est n\u00e9cessaire afin de r\u00e9aliser ce diagnostic qui doit permettre  \nd'acqu\u00e9rir une connaissance suffisante de l'ouvrage conform\u00e9ment \u00e0 l'arr\u00eat\u00e9 pr\u00e9fectoral du  \n22 septembre 2022.\nTITRE II     :   DISPOSITIONS G\u00c9N\u00c9RALES  \nArticle 4 : dur\u00e9e de l'autorisation compl\u00e9mentaire et p\u00e9riode des travaux\nL'autorisation compl\u00e9mentaire autorise la vidange compl\u00e8te de la retenue en automne, soit \u00e0  \npartir du 22 septembre 2025 jusqu'au 21 d\u00e9cembre 2025. \nLe p\u00e9titionnaire informera le service en charge de la police de l'eau 15 jours avant la fin de la  \nvidange.\nArticle 5     :   d\u00e9claration des accidents ou incidents\nD\u00e8s qu'il en a connaissance, le b\u00e9n\u00e9ficiaire est tenu de d\u00e9clarer au pr\u00e9fet, les accidents ou  \nincidents  int\u00e9ressant  les  installations,  ouvrages,  travaux  ou  activit\u00e9s  faisant  l'objet  de  la \npr\u00e9sente  autorisation,  qui  sont  de  nature  \u00e0  porter  atteinte  aux  int\u00e9r\u00eats  mentionn\u00e9s  aux \narticles L. 181-3 et L. 181-4 du code de l'environnement.\nSans pr\u00e9judice des mesures susceptibles d'\u00eatre prescrites par le pr\u00e9fet, le b\u00e9n\u00e9ficiaire est tenu \nde  prendre  ou  faire  prendre  les  dispositions  n\u00e9cessaires  pour  mettre  fin  aux  causes  de \nl'incident ou accident, pour \u00e9valuer ses cons\u00e9quences et y rem\u00e9dier.\nLe  b\u00e9n\u00e9ficiaire  est  responsable  des  accidents  ou  dommages  imputables  \u00e0  l'utilisation  de \nl'ouvrage ou de l'installation, \u00e0 la r\u00e9alisation des travaux ou \u00e0 l'am\u00e9nagement en r\u00e9sultant ou \u00e0 \nl'exercice de l'activit\u00e9.\nArticle 6 : acc\u00e8s aux installations et exercice des missions de police\nLes agents en charge de missi ons de contr\u00f4le au titre du code de l'environnement o nt libre \nacc\u00e8s aux installations, ouvrages, travaux ou activit\u00e9s, relevant de la pr\u00e9sente au torisation \ndans  les  conditions  fix\u00e9es  par  l'article  L.  181-16  du  m\u00eame  code.  Ils  peuvent  demander \ncommunication de toute pi\u00e8ce utile au contr\u00f4le de la bonne ex\u00e9cution du pr\u00e9sent arr\u00eat\u00e9.\nEn  cas  d'inobservation  des  dispositions  figurant  dans  le  dossier  d\u00e9pos\u00e9  ainsi  que  celles \ncontenues  dans  les  prescriptions  du  pr\u00e9sent  arr\u00eat\u00e9,  et  ind\u00e9pendamment  des  poursuites \np\u00e9nales  qui  pourraient  \u00eatre  engag\u00e9es,  notamment  l'application  des  sanctions  pr\u00e9vues  \u00e0 \nl'article R. 216-12 du code de l'environnement, il pourra \u00eatre pris \u00e0 l'encontre du b\u00e9n\u00e9ficiaire  \nles mesures de police pr\u00e9vues \u00e0 l'article L. 171-8 du code l'environnement.\nArticle 7     : droits des tiers\nLes droits des tiers sont et demeurent express\u00e9ment r\u00e9serv\u00e9s.\n4/9\nDirection d\u00e9partementale des territoires et de la mer du Var - 83-2025-09-22-00001 - ARR\u00caT\u00c9 PR\u00c9FECTORAL N\u00b0 DDTM / SEBIO /\n2025-131 du 22 septembre 2025 compl\u00e9mentaire \u00e0 l'arr\u00eat\u00e9 pr\u00e9fectoral du 27 mai 2020 fixant la classe du barrage du Vanadal,\npropri\u00e9t\u00e9 de la communaut\u00e9 de communes du golfe de Saint-Tropez, et les \u00e9ch\u00e9ances de remise des documents compl\u00e9mentaires et\nabrogeant l'arr\u00eat\u00e9 pr\u00e9fectoral N\u00b0 DDTM / SEBIO / 2024-90 du 16 ao\u00fbt 2024.\n24\nArticle 8     : autres r\u00e9glementations\nLa pr\u00e9sente autorisation ne dispense en aucun cas le b\u00e9n\u00e9ficiaire de faire les d\u00e9clarations ou  \nd'obtenir les autorisations requises par les r\u00e9glementations autres que celles en application  \ndesquelles elle est d\u00e9livr\u00e9e.\nTITRE III     :   DISPOSITIONS PARTICULI\u00c8RES  \nArticle   9     : d\u00e9roulement du chantier\nLe b\u00e9n\u00e9ficiaire doit prendre toutes les pr\u00e9cautions n\u00e9cessaires afin de pr\u00e9venir les pollutions  \naccidentelles et les d\u00e9gradations et d\u00e9sordres \u00e9ventuels que la vidange pourrait occasionner,  \nau cours de sa r\u00e9alisation. Il doit en outre garantir une capacit\u00e9 d'intervention rapide de jour  \nou de nuit afin d'interrompre la vidange en cas d'\u00e9v\u00e8nements pluvieux.\nArticle   10     : sensibilisation environnementale\nLe  b\u00e9n\u00e9ficiaire  est  tenu  de  sensibiliser  le  personnel  des  entreprises  sur  les  enjeux  \nenvironnementaux  du  site  (habitats  aquatiques  et  rivulaires,  faune,  flore).  Les  entreprises \ndoivent se conformer aux prescriptions du dossier de porter \u00e0 connaissance du pr\u00e9fet, ainsi  \nqu'\u00e0 celles du pr\u00e9sent arr\u00eat\u00e9, pour pr\u00e9venir tout risque de pollution des eaux pendant la  \nphase de vidange.\nArticle   11     : moyens d'intervention en cas d'incident ou d'accident\nEn cas d'incident lors de la vidange, susceptible de provoquer une pollution ou un d\u00e9sordre  \ndans l'\u00e9coulement des eaux \u00e0 l'aval ou \u00e0 l'amont du site, le b\u00e9n\u00e9ficiaire doit prendre toutes les \nmesures possibles pour y mettre fin, en \u00e9valuer les cons\u00e9quences et y rem\u00e9dier. Les travaux  \nsont interrompus jusqu'\u00e0 ce que les dispositions n\u00e9cessaires soient prises pour en \u00e9viter le  \nrenouvellement. Il en informe dans les meilleurs d\u00e9lais le Pr\u00e9fet, le service charg\u00e9 de la police  \nde  l'eau,  l'office  fran\u00e7ais  de  la  biodiversit\u00e9,  l'agence  r\u00e9gionale  de  sant\u00e9  (service  sant\u00e9 \nenvironnement)  et  le  maire,  int\u00e9ress\u00e9s  soit  du  fait  du  lieu  de  l'incident,  soit  du  fait  des \ncons\u00e9quences potentielles de l'incident.\nA  r  ticle 12     : Document d'organisation \nLe b\u00e9n\u00e9ficiaire met \u00e0 jour et transmet au  service de contr\u00f4le de la s\u00e9curit\u00e9 des ouvrages  \nhydrauliques le document d'organisation mentionn\u00e9 au II-2\u00b0 de l'article R.214-122 du code de \nl'environnement au plus tard 10  jours avant le d\u00e9but de la vidange. Ce document pr\u00e9cise,  \noutre les \u00e9l\u00e9ments pr\u00e9vus \u00e0 l'arr\u00eat\u00e9 du 8 ao\u00fbt 2022 susvis\u00e9 : \n\u2022 les modalit\u00e9s de surveillance particuli\u00e8res mises en place pour le suivi des op\u00e9rations  \nsp\u00e9cifiques li\u00e9es \u00e0 cette op\u00e9ration de vidange et entretien\n\u2022 les cas de recours \u00e0 un organisme agr\u00e9\u00e9 pour la s\u00e9curit\u00e9 des ouvrages hydrauliques  \nconform\u00e9ment  aux  dispositions  des  articles  R.  214-129  \u00e0  R.  214-132  du  code  de \nl'environnement  pour  les  situations  critiques  qui  pourraient  se  produire  en  toutes \ncirconstances et en particulier  pendant  les phases de vidange et remplissage li\u00e9es \u00e0  \nl'op\u00e9ration objet de la pr\u00e9sente autorisation \n5/9\nDirection d\u00e9partementale des territoires et de la mer du Var - 83-2025-09-22-00001 - ARR\u00caT\u00c9 PR\u00c9FECTORAL N\u00b0 DDTM / SEBIO /\n2025-131 du 22 septembre 2025 compl\u00e9mentaire \u00e0 l'arr\u00eat\u00e9 pr\u00e9fectoral du 27 mai 2020 fixant la classe du barrage du Vanadal,\npropri\u00e9t\u00e9 de la communaut\u00e9 de communes du golfe de Saint-Tropez, et les \u00e9ch\u00e9ances de remise des documents compl\u00e9mentaires et\nabrogeant l'arr\u00eat\u00e9 pr\u00e9fectoral N\u00b0 DDTM / SEBIO / 2024-90 du 16 ao\u00fbt 2024.\n25\nA  rticle 13     : surveillance pendant l'ensemble de la p\u00e9riode de chantier et de remise en eau\nLe b\u00e9n\u00e9ficiaire :\n\u2022 met en place, a minima, la surveillance pr\u00e9vue dans son dossier de demande, il veille  \nnotamment  au  respect  des  gradients  d'ouverture  des  vannes  et  assure  le  suivi  du \ndispositif d'auscultation.\n\u2022 Assure la tra\u00e7abilit\u00e9 de toutes les actions dans le registre \n\u2022 en crue, pr\u00e9vient, d\u00e8s que possible,le service de contr\u00f4le de la s\u00e9curit\u00e9 des ouvrages  \nhydrauliques des situations qui l'am\u00e8nent \u00e0 fermer la vanne de fond \n\u2022 \u00e9tablit un protocole de remise en eau de la retenue au moins 2 mois avant la fermeture  \nprogramm\u00e9e de la vanne de vidange de fond, pr\u00e9cisant, si c 'est pertinent, au moins les \n2 options de remplissage lent et rapide de la retenue et la surveillance associ\u00e9e\n\u2022  r\u00e9dige un rapport de remise en eau dans les 3 mois qui suivent l'atteinte de la cote  \nnormale d'exploitation, \n\u2022 r\u00e9dige un compte rendu de chantier retra\u00e7ant le comportement du barrage pendant  \nles  diff\u00e9rentes  phases  de  vidange,  assec  et  remplissage  et  la  nature  des  travaux \nd'entretien r\u00e9alis\u00e9s, ce document peut \u00eatre int\u00e9gr\u00e9 au prochain rapport de surveillance \ndont la p\u00e9riode s'ach\u00e8ve au 31 d\u00e9cembre 2025\nArticle 14 :Modalit\u00e9s de la vidange du plan d'eau\nLe d\u00e9bit moyen de la vidange est estim\u00e9 \u00e0 80 l/s (soit 0,08 m3/s) permettant de r\u00e9aliser la  \nvidange en 3 semaines environ. \nLe d\u00e9bit maximal de vidange est pr\u00e9vu \u00e0 140 l/s. Le d\u00e9bit maximal sera \u00e0 r\u00e9guler \u00e0 l'approche  \ndu fond de la retenue.\nPendant  la  p\u00e9riode  d'assec,  de  2-3  mois  environ,  des  travaux  ponctuels  seront  op\u00e9r\u00e9s  : \nchangement de la vanne de vidange et injections sur la galerie de vidange.\nLors de l'ouverture des vannes de vidange, le d\u00e9bit sera r\u00e9gul\u00e9 en fonction des besoins de la  \np\u00eache de sauvetage.\nArticle 15     : Dispositions visant \u00e0 limiter l'impact de la vidange sur le milieu naturel\nLe b\u00e9n\u00e9ficiaire mettra en \u0153uvre les mesures d'\u00e9vitement et de r\u00e9duction des impacts de la  \nvidange sur la qualit\u00e9 de l'eau d\u00e9crites dans le dossier, avant la vidange et pendant celle-ci et  \navant le passage du culot.\nPour  \u00e9viter  un  d\u00e9passement  des  teneurs  maximales  admissibles  en  MES  (mati\u00e8res  en  \nsuspension), un dispositif permettant la filtration/d\u00e9cantation des particules sera install\u00e9 en  \npied de barrage. En priorit\u00e9, un bassin de d\u00e9cantation recueillant les eaux pomp\u00e9es avant de  \nles rejeter par surverse dans le cours d'eau, doit \u00eatre envisag\u00e9. Si un tel am\u00e9nagement ne peut \n\u00eatre envisag\u00e9 techniquement sur le chantier, il convient d'informer le service en charge de la  \npolice de l'eau et de l'emploi d'un autre dispositif. Des mesures de MES seront effectu\u00e9es \u00e0  \nl'amont et \u00e0 l'aval du dispositif pour v\u00e9rifier son efficacit\u00e9.\n6/9\nDirection d\u00e9partementale des territoires et de la mer du Var - 83-2025-09-22-00001 - ARR\u00caT\u00c9 PR\u00c9FECTORAL N\u00b0 DDTM / SEBIO /\n2025-131 du 22 septembre 2025 compl\u00e9mentaire \u00e0 l'arr\u00eat\u00e9 pr\u00e9fectoral du 27 mai 2020 fixant la classe du barrage du Vanadal,\npropri\u00e9t\u00e9 de la communaut\u00e9 de communes du golfe de Saint-Tropez, et les \u00e9ch\u00e9ances de remise des documents compl\u00e9mentaires et\nabrogeant l'arr\u00eat\u00e9 pr\u00e9fectoral N\u00b0 DDTM / SEBIO / 2024-90 du 16 ao\u00fbt 2024.\n26\nArticle 16     : dispositions relatives \u00e0 la r\u00e9cup\u00e9ration du poisson\nUne p\u00eache de sauvegarde sera r\u00e9alis\u00e9e afin de pr\u00e9lever les poissons contenus dans la r\u00e9serve.  \nA cette fin, un dossier devra \u00eatre transmis au servic e en charge de la police de l'eau ( ddtm-\nsebio@var.gouv.fr) 30 jours avant le d\u00e9but de la p\u00eache, il pr\u00e9cisera l'intervenant, les m\u00e9thodes \nemploy\u00e9es, la/les destination(s) des poissons et fournira les accords pr\u00e9alables. \nUn compte-rendu de fin de p\u00eache sera r\u00e9dig\u00e9 par le prestataire faisant appara\u00eetre l'efficacit\u00e9  \nde la p\u00eache chronologique, la quantit\u00e9 de poissons r\u00e9cup\u00e9r\u00e9s, les limites de la m\u00e9thode et les  \nenseignements pour les prochaines vidanges Un exemplaire sera adress\u00e9 au serv ice en charge \nde la police de l'eau dans un d\u00e9lai de 2 mois apr\u00e8s la fin de l'op\u00e9ration.\nArticle   17   : mesures \u00e0 prendre pendant la r\u00e9alisation des op\u00e9rations de vidange, d'entretien \net de maintenance du barrage, de curage (si n\u00e9cessaire) et de remplissage de la retenue du  \nVanadal\nToutes les mesures conservatoires sont prises pour limiter l'impact de la vidange sur l'eau et  \nles milieux aquatiques.\nEn compl\u00e9ment de celles pr\u00e9vues au dossier de porter \u00e0 connaissance du pr\u00e9fet, les mesures  \nd'accompagnements et les pr\u00e9cautions suivantes sont appliqu\u00e9es, a minima et sous r\u00e9serve  \nd'autres r\u00e9glementations plus contraignantes, tout au long des op\u00e9rations :\n\u2022 afin  de  pr\u00e9venir  tout  risque  de  contamination  par  des  esp\u00e8ces  envahissantes,  les \nv\u00e9hicules  et  engins  sont  nettoy\u00e9s  avant  leur  arriv\u00e9e  sur  le  chantier,  et  tout  \nparticuli\u00e8rement les \u00e9l\u00e9ments en contact avec le sol et la v\u00e9g\u00e9tation tels que roues,  \nchenilles, gardes-boue et carters ;\n\u2022 l'organisation du chantier comprend un dispositif de veille et d'alerte, de mani\u00e8re \u00e0 ce  \nqu'en cas d'annonce de crue, les installations expos\u00e9es au risque puissent \u00eatre repli\u00e9es  \net mises en s\u00e9curit\u00e9 rapidement ;\n\u2022 pour \u00e9viter une pollution des eaux et afin de r\u00e9duire l'impact du chantier sur la faune  \net  la  flore,  limiter  l'entra\u00eenement  des  mati\u00e8res  en  suspension  et  garantir  le  libre \n\u00e9coulement des eaux :\n\u25e6 les engins et mat\u00e9riels sont stationn\u00e9s sur une zone appropri\u00e9e hors d'atteinte par  \nles crues ;\n\u25e6 les mat\u00e9riaux et produits de toute nature sont \u00e9galement stock\u00e9s sur une zone  \nadapt\u00e9e et hors d'atteinte par les crues ;\n\u25e6 les op\u00e9rations de ravitaillement, nettoyage, entretien et r\u00e9paration sont effectu\u00e9es  \nsur  une  aire  \u00e9tanche  adapt\u00e9e  pour  recueillir  tout  \u00e9coulement  accidentel  \nd'hydrocarbures ou autres polluants ;\n\u25e6 les substances polluantes (notamment les huiles et les hydrocarbures) susceptibles  \nd'alt\u00e9rer la qualit\u00e9 des eaux sont stock\u00e9es dans des r\u00e9cipients \u00e9tanches et sur des  \naires de stockage imperm\u00e9abilis\u00e9es munies de bacs de r\u00e9tention ou en cuve \u00e0  \ndouble enveloppe d'un volume au moins \u00e9gal au volume stock\u00e9 ;\n\u25e6 le b\u00e9n\u00e9ficiaire s'assure que la manipulation de ces substances s'effectue par du  \npersonnel inform\u00e9 sur les produits utilis\u00e9s et les risques associ\u00e9s ;\n\u25e6 les engins sont maintenus en parfait \u00e9tat de fonctionnement en permanence : \u00e0 cet \neffet,  l'\u00e9tanch\u00e9it\u00e9 des circuits de carburant, lubrifiants et liquide hydraulique des  \nengins est notamment contr\u00f4l\u00e9e avant chaque utilisation ;\n\u25e6 un sch\u00e9ma d'intervention de chantier d\u00e9taillant la proc\u00e9dure \u00e0 suivre en cas de  \npollution accidentelle et les moyens d'intervention en cas d'incident est \u00e9tabli ;\n7/9\nDirection d\u00e9partementale des territoires et de la mer du Var - 83-2025-09-22-00001 - ARR\u00caT\u00c9 PR\u00c9FECTORAL N\u00b0 DDTM / SEBIO /\n2025-131 du 22 septembre 2025 compl\u00e9mentaire \u00e0 l'arr\u00eat\u00e9 pr\u00e9fectoral du 27 mai 2020 fixant la classe du barrage du Vanadal,\npropri\u00e9t\u00e9 de la communaut\u00e9 de communes du golfe de Saint-Tropez, et les \u00e9ch\u00e9ances de remise des documents compl\u00e9mentaires et\nabrogeant l'arr\u00eat\u00e9 pr\u00e9fectoral N\u00b0 DDTM / SEBIO / 2024-90 du 16 ao\u00fbt 2024.\n27\n\u2022 les d\u00e9chets de chantier et d\u00e9blais sont \u00e9vacu\u00e9s r\u00e9guli\u00e8rement, conform\u00e9ment \u00e0 la  \nr\u00e9glementation en vigueur ;\n\u2022 la tra\u00e7abilit\u00e9 de la destination des mat\u00e9riaux ou d\u00e9chets de chantier est assur\u00e9e par le  \nb\u00e9n\u00e9ficiaire ou, \u00e0 d\u00e9faut, le ma\u00eetre d'\u0153uvre des travaux.\nSi un curage est n\u00e9cessaire du fait du  degr\u00e9 d'envasement de la retenue, le b\u00e9n\u00e9ficiaire  \ninformera, pr\u00e9alablement \u00e0 sa r\u00e9alisation, le service en charge de la police de l'eau de la  \ndestination pr\u00e9cise des mat\u00e9riaux extraits et des fili\u00e8res de traitement envisag\u00e9es.\nArticle   18     : phase d'exploitation\nLe b\u00e9n\u00e9ficiaire adresse au service en charge de la police de l'eau et au service de contr\u00f4le de  \nla s\u00e9curit\u00e9 des ouvrages hydrauliques le rapport de l'inspection d\u00e9taill\u00e9e, au plus tard 6 mois  \napr\u00e8s sa r\u00e9alisation. Ce rapport d\u00e9crit \u00e9galement les travaux r\u00e9alis\u00e9s sur l'ouvrage.\nLes  mesures  de  surveillance  \u00e0  l'issue  des  travaux  pr\u00e9vues  dans  le  dossier  de  porter  \u00e0 \nconnaissance seront strictement respect\u00e9es.\nTITRE IV     :   DISPOSITIONS FINALES  \nArticle 19 : publication et information des tiers\nLa  pr\u00e9sente  autorisation  est  notifi\u00e9e  au  b\u00e9n\u00e9ficiaire  et  publi\u00e9e  au  recueil  des  actes  \nadministratifs de la pr\u00e9fecture du Var.\nEn  vue  de  l'information  des  tiers  et  en  application  de  l'article  R.  181-44  du  code  de \nl'environnement :\n\u2022 une copie du pr\u00e9sent arr\u00eat\u00e9 d'autorisation compl\u00e9mentaire est d\u00e9pos\u00e9e \u00e0 la mairie de  \nla commune de La Garde-Freinet et peut y \u00eatre consult\u00e9e ;\n\u2022 un extrait de cet arr\u00eat\u00e9 est affich\u00e9 pendant une dur\u00e9e minimale d'un mois \u00e0 la mairie  \nde la commune de La Garde-Freinet. Un proc\u00e8s-verbal de l'accomplissement de cette  \nformalit\u00e9 est dress\u00e9 par les soins du maire ;\n\u2022 le  pr\u00e9sent  arr\u00eat\u00e9  est  publi\u00e9  sur  le  site  internet  des  services  de  l'\u00c9tat  dans  le  \nd\u00e9partement du Var.\nArticle 20 : voies et d\u00e9lais de recours\nLe pr\u00e9sent arr\u00eat\u00e9 peut \u00eatre d\u00e9f\u00e9r\u00e9 devant le tribunal administratif comp\u00e9tent en application  \nde l'article R. 181-50 du code de l'environnement :\n       \u2022 par le b\u00e9n\u00e9ficiaire, dans un d\u00e9lai de deux mois \u00e0 compter de la publication au RAA ;\n    \u2022 par les tiers int\u00e9ress\u00e9s en raison des inconv\u00e9nients ou des dangers pour les int\u00e9r\u00eats  \nmentionn\u00e9s \u00e0 l'article L. 181-3 du code de l'environnement, dans un d\u00e9lai de deux mois \u00e0  \ncompter de la derni\u00e8re formalit\u00e9 de publication accomplie.\nLe tribunal administratif peut aussi \u00eatre saisi par l'application \u00abT\u00e9l\u00e9recours citoyens\u00bb via le  \nsite : www.telerecours.fr\n      \nEn application de l'article L. 411-2 du code des relations entre le public et l'administration, le  \npr\u00e9sent arr\u00eat\u00e9 peut faire l'objet d'un recours gracieux ou hi\u00e9rarchique dans ce m\u00eame d\u00e9lai. Ce \nrecours administratif interrompt le cours du d\u00e9lai du recours contentieux, qui ne recommence \n\u00e0 courir que lorsque le recours administratif a \u00e9t\u00e9 rejet\u00e9.\n8/9\nDirection d\u00e9partementale des territoires et de la mer du Var - 83-2025-09-22-00001 - ARR\u00caT\u00c9 PR\u00c9FECTORAL N\u00b0 DDTM / SEBIO /\n2025-131 du 22 septembre 2025 compl\u00e9mentaire \u00e0 l'arr\u00eat\u00e9 pr\u00e9fectoral du 27 mai 2020 fixant la classe du barrage du Vanadal,\npropri\u00e9t\u00e9 de la communaut\u00e9 de communes du golfe de Saint-Tropez, et les \u00e9ch\u00e9ances de remise des documents compl\u00e9mentaires et\nabrogeant l'arr\u00eat\u00e9 pr\u00e9fectoral N\u00b0 DDTM / SEBIO / 2024-90 du 16 ao\u00fbt 2024.\n28\nArticle 21 : ex\u00e9cution\nLe secr\u00e9taire g\u00e9n\u00e9ral de la pr\u00e9fecture du Var, le directeur r\u00e9gional de l'environnement, de  \nl'am\u00e9nagement et du logement de Provence-Alpes-C\u00f4te d'Azur, le directeur d\u00e9partemental  \ndes territoires et de la mer du Var, ainsi que le maire de la commune de La Garde-Freinet sont \ncharg\u00e9s, chacun en ce qui le concerne, de l'ex\u00e9cution du pr\u00e9sent arr\u00eat\u00e9.\nUne copie de l'arr\u00eat\u00e9 sera adress\u00e9e pour information :\n\u2022 au chef du service d\u00e9partemental du Var de l'office fran\u00e7ais de la biodiversit\u00e9 ;\n\u2022 au pr\u00e9sident de la f\u00e9d\u00e9ration d\u00e9partementale pour la p\u00eache et la protection du milieu  \naquatique du Var.\nFait \u00e0 Toulon, le 22 septembre 2025\nLe Pr\u00e9fet,\nSign\u00e9\nSimon BABRE\n9/9\nDirection d\u00e9partementale des territoires et de la mer du Var - 83-2025-09-22-00001 - ARR\u00caT\u00c9 PR\u00c9FECTORAL N\u00b0 DDTM / SEBIO /\n2025-131 du 22 septembre 2025 compl\u00e9mentaire \u00e0 l'arr\u00eat\u00e9 pr\u00e9fectoral du 27 mai 2020 fixant la classe du barrage du Vanadal,\npropri\u00e9t\u00e9 de la communaut\u00e9 de communes du golfe de Saint-Tropez, et les \u00e9ch\u00e9ances de remise des documents compl\u00e9mentaires et\nabrogeant l'arr\u00eat\u00e9 pr\u00e9fectoral N\u00b0 DDTM / SEBIO / 2024-90 du 16 ao\u00fbt 2024.\n29\nDirection d\u00e9partementale des territoires et de la\nmer du Var\n83-2025-09-19-00001\nARR\u00caT\u00c9 PR\u00c9FECTORAL N\u00b0DDTM/SEBIO/2025-132\ndu 19 septembre 2025 autorisant le bureau\nd'\u00e9tudes Saules et Eaux \u00e0 r\u00e9aliser une p\u00eache\nscientifique sur le territoire du Var, en vue\nd'inventaires astacicoles dans le cadre de la\nr\u00e9actualisation des donn\u00e9es \u00ab\u00a0\u00e9crevisses\u00a0\u00bb du\nsite Natura 2000 \"Plaine de Vergelin - Fontigon,\nGorges de Ch\u00e2teaudouble, bois des Clappes\"\n(FR9301620).\nDirection d\u00e9partementale des territoires et de la mer du Var - 83-2025-09-19-00001 - ARR\u00caT\u00c9 PR\u00c9FECTORAL N\u00b0DDTM/SEBIO/2025-132\ndu 19 septembre 2025 autorisant le bureau d'\u00e9tudes Saules et Eaux \u00e0 r\u00e9aliser une p\u00eache scientifique sur le territoire du Var, en vue\nd'inventaires astacicoles dans le cadre de la r\u00e9actualisation des donn\u00e9es \u00ab\u00a0\u00e9crevisses\u00a0\u00bb du site Natura 2000 \"Plaine de Vergelin -\nFontigon, Gorges de Ch\u00e2teaudouble, bois des Clappes\" (FR9301620).\n30\n=mPREFETDU VARLibert\u00e9Egalit\u00e9Fraternit\u00e9\nARR\u00caT\u00c9 PR\u00c9FECTORAL N\u00b0DDTM/SEBIO/2025-132 du 19 septembre 2025\nautorisant le bureau d'\u00e9tudes Saules et Eaux \u00e0 r\u00e9aliser une p\u00eache scientifique sur le \nterritoire du Var, en vue d'inventaires astacicoles dans le cadre de la r\u00e9actualisation des \ndonn\u00e9es \u00ab \u00e9crevisses \u00bb du site Natura 2000 \"Plaine de Vergelin \u2013 Fontigon, Gorges de \nCh\u00e2teaudouble, bois des Clappes\" (FR9301620).\nLe pr\u00e9fet du Var,\nVu le Code de l'environnement et notamment ses articles L. 436-9, L. 411-5 et R. 432-6 \u00e0 R.  \n432-11 ;\nVu l'arr\u00eat\u00e9 du 2 f\u00e9vrier 1989 portant d\u00e9rogation aux prescriptions des articles 11 et 16 du  \nd\u00e9cret du 14 novembre 1998 pour l'utilisation des installations de p\u00eache \u00e0 l'\u00e9lectricit\u00e9 ;\nVu la circulaire du 29 janvier 2013 relative \u00e0 l'application de l'arr\u00eat\u00e9 du 25 janvier 2010  \nmodifi\u00e9 \u00e9tablissant le programme de surveillance de l'\u00e9tat des eaux, pour les eaux douces  \nde surface (cours d'eau, canaux et plans d'eau) ;\nVu  le  d\u00e9cret  du  Pr\u00e9sident  de  la  R\u00e9publique  du  15  mai  2025  portant  nomination  de \nM. Simon BABRE, en qualit\u00e9 de pr\u00e9fet du Var ;\nVu l'arr\u00eat\u00e9 pr\u00e9fectoral n\u00b0 2025/25/MCI du 02 juin 2025 portant d\u00e9l\u00e9gation de signature de  \nM. le pr\u00e9fet du Var \u00e0 M. Laurent BOULET, directeur d\u00e9partemental des territoires et de la  \nmer du Var ;\nVu l'arr\u00eat\u00e9 pr\u00e9fectoral DDTM/MPCA/2025-04 du 05 juin 2025 donnant subd\u00e9l\u00e9gation de  \nsignature \u00e0 des agents de la direction d\u00e9partementale des territoires et de la mer du Var ;\nVu la demande de p\u00eache scientifique, d\u00e9pos\u00e9e le 16 juin 2025, par le bureau d'\u00e9tudes  \nSaules et Eaux mandat\u00e9 par l'agglom\u00e9ration Drac\u00e9nie Provence Verdon ;\nVu l'avis de la f\u00e9d\u00e9ration du Var pour la p\u00eache et la protection du milieu aquatique  \n(FVPPMA) du 11 septembre 2025 ;\nVu  l'avis  du  service  d\u00e9partemental  de  l'office  fran\u00e7ais  de  la  biodiversit\u00e9  (OFB)  du  19 \nseptembre 2025 ;\nConsid\u00e9rant que la demande est conforme aux exigences du Code de l'environnement ;\nSur proposition du directeur d\u00e9partemental des territoires et de la mer ;\n1/5\nDirection d\u00e9partementale\ndes territoires et de la mer du Var\nService eau et biodiversit\u00e9\nDirection d\u00e9partementale des territoires et de la mer du Var - 83-2025-09-19-00001 - ARR\u00caT\u00c9 PR\u00c9FECTORAL N\u00b0DDTM/SEBIO/2025-132\ndu 19 septembre 2025 autorisant le bureau d'\u00e9tudes Saules et Eaux \u00e0 r\u00e9aliser une p\u00eache scientifique sur le territoire du Var, en vue\nd'inventaires astacicoles dans le cadre de la r\u00e9actualisation des donn\u00e9es \u00ab\u00a0\u00e9crevisses\u00a0\u00bb du site Natura 2000 \"Plaine de Vergelin -\nFontigon, Gorges de Ch\u00e2teaudouble, bois des Clappes\" (FR9301620).\n31\nARR\u00caTE\nArticle 1  er     :   B\u00e9n\u00e9ficiaire de l'autorisation exceptionnelle de p\u00eache\nLe bureau d'\u00e9tudes SARL Saules et Eaux, Lapra, 3039 route de Mars, 07310 Saint-Julien-\nd'Intres, est autoris\u00e9 \u00e0 r\u00e9aliser des p\u00eaches scientifiques nocturnes d'inventaire d'\u00e9crevisses \ndans  le(s)  cours  d'eau  du  d\u00e9partement  du  Var  d\u00e9fini(s)  ci-apr\u00e8s.  Ces  p\u00eaches  seront \neffectu\u00e9es  dans  les  conditions  et  sous  les  r\u00e9serves  pr\u00e9cis\u00e9es  aux  articles  suivants  du \npr\u00e9sent arr\u00eat\u00e9.\nLe b\u00e9n\u00e9ficiaire de la pr\u00e9sente autorisation est autoris\u00e9, \u00e0 titre exceptionnel, sous r\u00e9serve  \ndes conditions \u00e9nonc\u00e9es aux articles suivants, \u00e0 d\u00e9roger aux interdictions de d\u00e9tention, de \nmanipulation,  de  pr\u00e9paration,  d'acheminement  et  de  transport  sur  les  sp\u00e9cimens \nd'esp\u00e8ces prot\u00e9g\u00e9es d\u00e9finies dans le pr\u00e9sent arr\u00eat\u00e9, et ce uniquement dans la p\u00e9riode  \nd'intervention.\nArticle 2 : But de l'op\u00e9ration - commanditaire de la p\u00eache\nBut de l'op\u00e9ration:\nInventaires astacicoles dans le cadre de la r\u00e9actualisation des donn\u00e9es \u00ab \u00e9crevisses \u00bb du  \nsite  Natura  2000  \"Plaine  de  Vergelin  \u2013 Fontigon,  Gorges  de  Ch\u00e2teaudouble,  bois  des \nClappes\" (FR9301620).\n\u00c9valuation de l'\u00e9tat des populations d'\u00e9crevisses \u00e0 pattes blanches (APP) et inventaire des  \n\u00e9crevisses  exotiques  (EE)  susceptibles  d'avoir  propag\u00e9  la  peste  de  l'\u00e9crevisse  \n(aphanomycose).\nCommanditaire : \nDrac\u00e9nie Provence Verdon Agglom\u00e9ration\nArticle 3 : Lieu de capture\nLes \u00e9crevisses seront pr\u00e9lev\u00e9es dans le cours d'eau \u00ab La Combe de Fey \u00bb  \u00e0 Villecroze.\nArticle 4 : Esp\u00e8ces\n- \u00e9crevisses \u00e0 pattes blanches,\n- \u00e9crevisses \u00e0 pattes gr\u00eales,\n- toutes esp\u00e8ces d'\u00e9crevisses exotiques\nArticle 5 : Responsables de la p\u00eache\nTh\u00e9o Duperray, G\u00e9rant de la SARL Saules et Eaux\nArticle 6 : Personnes pouvant participer aux op\u00e9rations de terrain :\n- Th\u00e9o Duperray, G\u00e9rant de la SARL Saules et Eaux, responsable de l'ex\u00e9cution mat\u00e9rielle,\n- Marl\u00e8ne Bonin, Salari\u00e9e de la SARL Saules et Eaux,\n2/5\nDirection d\u00e9partementale des territoires et de la mer du Var - 83-2025-09-19-00001 - ARR\u00caT\u00c9 PR\u00c9FECTORAL N\u00b0DDTM/SEBIO/2025-132\ndu 19 septembre 2025 autorisant le bureau d'\u00e9tudes Saules et Eaux \u00e0 r\u00e9aliser une p\u00eache scientifique sur le territoire du Var, en vue\nd'inventaires astacicoles dans le cadre de la r\u00e9actualisation des donn\u00e9es \u00ab\u00a0\u00e9crevisses\u00a0\u00bb du site Natura 2000 \"Plaine de Vergelin -\nFontigon, Gorges de Ch\u00e2teaudouble, bois des Clappes\" (FR9301620).\n32\n- Julie Vissac, Charg\u00e9e de mission Natura 2000 \u00e0 DPVA\nArticle 7 : P\u00e9riode de validit\u00e9 de l'autorisation\nLes  op\u00e9rations  de  p\u00eache  d'inventaire  se  d\u00e9rouleront  entre  le  15  septembre  et  le  31 \nd\u00e9cembre 2025 au plus tard.\nLa pr\u00e9sente d\u00e9cision ne dispense en aucun cas le d\u00e9clarant d'obtenir les autorisations  \ninh\u00e9rentes \u00e0 d'autres r\u00e9glementations.\nArticle 8 : Moyens et modes de capture\n- Lampes frontales et phares \u00e0 batteries dorsales + aquascopes lumineux \n- Capture : r\u00e9alis\u00e9e \u00e0 la main \n- Encagement sanitaires : flacons plastique perfor\u00e9s \n- Transport : individus vivants d'APP : seaux agr\u00e9ment\u00e9s de v\u00e9g\u00e9tation humide / ind. morts : \nflacons d'alcool\nActions men\u00e9es dans le respect d'un protocole strict de d\u00e9sinfection de l'ensemble du\nmat\u00e9riel afin d'\u00e9viter tout risque de contamination par la peste de l'\u00e9crevisse.\nArticle 9 : Destination et traitement de la population captur\u00e9e\nLa population astacicole transport\u00e9e pour encagement sur les lieux suivants :\n- 4 sites d'encagements (avec 2 lots de 3 APP par site) : le Canal de Fontigon au croisement  \ndu vallon de Ca\u00efn, le Canal de Fontigon apr\u00e8s le captage du vallon de Vals\u00e9gure, le Vallon  \nde Vals\u00e9gure au niveau de la RD49 et la Nartuby aval Ampus. Dur\u00e9e d'encagement de 5  \njours pour le premier lot et ensuite d'un mois pour le second lot avec rel\u00e8ve-contr\u00f4le de  \nsurvie toutes les semaines\n- 1 site d'encagement (avec 1 lot de 3 APP) : dans la retenue d'Ampus (Plan de Couan).  \nRel\u00e8ve-contr\u00f4le de survie toutes les semaines.\n- 2 sites d'encagements : un sur Fonfreye (un lot de 3 APP ; lieu de r\u00e9introduction) et un sur\nFlori\u00e8ye (deux lots de 3 APP), \u00e0 Saint-Pierre de Tourtour, dans le cadre d'un projet de  \nr\u00e9introduction d'APP (cf. carte N\u00b02) et de contr\u00f4le des causes de disparition des APP entre \n2014 et 2021.\nLes  individus  qu'il  sera  pertinent  d'analyser  (soit  les  premiers  lots  en  cas  de  double \nencagement  ou  les  cadavres  ou  individus  affaiblis)  le  seront  au  Laboratoire  EBI  de \nl'Universit\u00e9 de Poitiers. Les autres individus vivants \u00e0 l'issue des tests seront tous rel\u00e2ch\u00e9s  \nsur un seul site, le site de r\u00e9introduction de Fonfreye \u00e0 Tourtour.\nArticle   10   : D\u00e9claration pr\u00e9alable\nLe  b\u00e9n\u00e9ficiaire  de  la  pr\u00e9sente  autorisation  est  tenu  d'adresser,  avant  le  d\u00e9but  des \nop\u00e9rations, la d\u00e9claration \u00e9crite pr\u00e9cisant le programme, les dates et lieux de capture, \u00e0 la  \nDirection D\u00e9partementale des Territoires et de la Mer (DDTM), \u00e0 l'Office Fran\u00e7ais de la  \n3/5\nDirection d\u00e9partementale des territoires et de la mer du Var - 83-2025-09-19-00001 - ARR\u00caT\u00c9 PR\u00c9FECTORAL N\u00b0DDTM/SEBIO/2025-132\ndu 19 septembre 2025 autorisant le bureau d'\u00e9tudes Saules et Eaux \u00e0 r\u00e9aliser une p\u00eache scientifique sur le territoire du Var, en vue\nd'inventaires astacicoles dans le cadre de la r\u00e9actualisation des donn\u00e9es \u00ab\u00a0\u00e9crevisses\u00a0\u00bb du site Natura 2000 \"Plaine de Vergelin -\nFontigon, Gorges de Ch\u00e2teaudouble, bois des Clappes\" (FR9301620).\n33\nBiodiversit\u00e9  (OFB)  et  \u00e0  la  F\u00e9d\u00e9ration  du  Var  pour  la  P\u00eache  et  la  Protection  du  Milieu \nAquatique (FVPPMA). \nArticle 11 : Accord du (des) d\u00e9tenteur(s) du droit de p\u00eache\nLe b\u00e9n\u00e9ficiaire ne peut exercer les droits qui sont li\u00e9s \u00e0 la pr\u00e9sente autorisation que s 'il a \nobtenu l'accord du (des) d\u00e9tenteur (s) du droit de p\u00eache.\nArticle 12 : Droits des tiers\nLes droits des tiers sont et demeurent express\u00e9ment r\u00e9serv\u00e9s.\nArticle 13 : Compte rendu d'ex\u00e9cution\nDans le d\u00e9lai de six mois suivant la r\u00e9alisation de l'op\u00e9ration, le b\u00e9n\u00e9ficiaire de la pr\u00e9sente  \nautorisation est tenu d'adresser un compte rendu pr\u00e9cisant les r\u00e9sultats des captures : \u00e0 la  \nDDTM, \u00e0 l'OFB et  \u00e0 la FVPPMA. \nArticle 14     :   Pr\u00e9sentation de l'autorisation\nLe b\u00e9n\u00e9ficiaire ou le responsable de l'ex\u00e9cution mat\u00e9rielle de la capture doit \u00eatre pr\u00e9sent  \net porteur de la pr\u00e9sente autorisation, lors des op\u00e9rations de capture.\nIl est tenu de la pr\u00e9senter \u00e0 toute demande des agents commissionn\u00e9s au titre de la police \nde la p\u00eache.\nArticle 15 : Retrait de l'autorisation\nLa pr\u00e9sente autorisation est personnelle et incessible. Elle peut \u00eatre retir\u00e9e \u00e0 tout moment \nsans indemnit\u00e9, si le b\u00e9n\u00e9ficiaire n'en respecte pas les clauses ou les prescriptions qui lui  \nsont li\u00e9es.\nArticle 16 : D\u00e9lais et voies de recours\nConform\u00e9ment aux dispositions de l'article R. 421-1 du Code de justice administrative, le  \npr\u00e9sent arr\u00eat\u00e9 peut faire l'objet d'un recours gracieux ou hi\u00e9rarchique dans un d\u00e9lai de  \ndeux mois \u00e0 compter de sa notification. Il peut aussi faire l'objet d'un recours contentieux  \ndevant le tribunal administratif de Toulon dans ce m\u00eame d\u00e9lai.\nLe d\u00e9faut de r\u00e9ponse de l'administration au recours gracieux ou hi\u00e9rarchique dans un d\u00e9lai \nde deux mois apr\u00e8s sa r\u00e9ception fait na\u00eetre une d\u00e9cision implicite de rejet qui peut elle-\nm\u00eame faire l'objet d'un recours contentieux devant le tribunat administratif dans un d\u00e9lai  \nde deux mois. \nLe  tribunal  administratif  peut-\u00eatre  saisi  par  l'application  informatique  \u00ab  T\u00e9l\u00e9recours \ncitoyens accessible sur le site internet : \u00ab www.telerecours.fr \u00bb.\nArticle 17 : Publication et ex\u00e9cution\n4/5\nDirection d\u00e9partementale des territoires et de la mer du Var - 83-2025-09-19-00001 - ARR\u00caT\u00c9 PR\u00c9FECTORAL N\u00b0DDTM/SEBIO/2025-132\ndu 19 septembre 2025 autorisant le bureau d'\u00e9tudes Saules et Eaux \u00e0 r\u00e9aliser une p\u00eache scientifique sur le territoire du Var, en vue\nd'inventaires astacicoles dans le cadre de la r\u00e9actualisation des donn\u00e9es \u00ab\u00a0\u00e9crevisses\u00a0\u00bb du site Natura 2000 \"Plaine de Vergelin -\nFontigon, Gorges de Ch\u00e2teaudouble, bois des Clappes\" (FR9301620).\n34\nLe directeur d\u00e9partemental des territoires et de la mer, le chef du service d\u00e9partemental  \nde l'office fran\u00e7ais de la biodiversit\u00e9 sont charg\u00e9s, chacun en ce qui le concerne, de  \nl'ex\u00e9cution du pr\u00e9sent arr\u00eat\u00e9 qui sera publi\u00e9 au recueil des actes administratifs de la  \npr\u00e9fecture du Var et notifi\u00e9 au b\u00e9n\u00e9ficiaire.\nCopie de cet arr\u00eat\u00e9 sera adress\u00e9e, pour information, au pr\u00e9sident de la f\u00e9d\u00e9ration du Var  \npour la p\u00eache et la protection du milieu aquatique.\nToulon, le 19 septembre 2025\nPour le pr\u00e9fet et par subd\u00e9l\u00e9gation,\nPour le directeur d\u00e9partemental des territoires et de la  \nmer du Var\nLe chef du service eau et biodiversit\u00e9\nSign\u00e9\nOlivier BIELEN\n5/5\nDirection d\u00e9partementale des territoires et de la mer du Var - 83-2025-09-19-00001 - ARR\u00caT\u00c9 PR\u00c9FECTORAL N\u00b0DDTM/SEBIO/2025-132\ndu 19 septembre 2025 autorisant le bureau d'\u00e9tudes Saules et Eaux \u00e0 r\u00e9aliser une p\u00eache scientifique sur le territoire du Var, en vue\nd'inventaires astacicoles dans le cadre de la r\u00e9actualisation des donn\u00e9es \u00ab\u00a0\u00e9crevisses\u00a0\u00bb du site Natura 2000 \"Plaine de Vergelin -\nFontigon, Gorges de Ch\u00e2teaudouble, bois des Clappes\" (FR9301620).\n35\nDirection d\u00e9partementale des territoires et de la\nmer du Var\n83-2025-09-08-00018\nArr\u00eat\u00e9 pr\u00e9fectoral portant approbation du plan\nde pr\u00e9vention des risques naturels d'inondation\n(PPRI) sur la commune de Flassans-sur-Issole li\u00e9 \u00e0\nla pr\u00e9sence de l'Issole et de ses principaux\naffluents.\nDirection d\u00e9partementale des territoires et de la mer du Var - 83-2025-09-08-00018 - Arr\u00eat\u00e9 pr\u00e9fectoral portant approbation du plan\nde pr\u00e9vention des risques naturels d'inondation (PPRI) sur la commune de Flassans-sur-Issole li\u00e9 \u00e0 la pr\u00e9sence de l'Issole et de ses\nprincipaux affluents.\n36\n=mPREFETDU VARLibert\u00e9Egalit\u00e9Fraternit\u00e9\nDirection d\u00e9partementale\ndes territoires et de la mer du Var\nARR\u00caT\u00c9 PR\u00c9FECTORAL n\u00b0 DDTM-SPP-PR-2025-13 du 08/09/2025\n \nportant approbation du plan de pr\u00e9vention des risques naturels d'inondation (PPRI) sur \nla commune de Flassans-sur-Issole li\u00e9 \u00e0 la pr\u00e9sence de l'Issole et de ses principaux \naffluents.\nLe pr\u00e9fet du Var,\nVu le code de l'environnement, notamment les articles L.211-1, L.562-1 et suivants, et R.562-1 et \nsuivants ;\nVu le code de la construction et de l'habitation, notamment son article R.162-1 ;\nVu le code de l'urbanisme ;\nVu le d\u00e9cret n\u00b02004-374 du 29 avril 2004 relatif aux pouvoirs de pr\u00e9fets, \u00e0 l'organisation et \u00e0  \nl'action des services de l'\u00c9tat dans les r\u00e9gions et d\u00e9partements ;\nVu le  d\u00e9cret  n\u00b02009-1484  du  03  d\u00e9cembre  2009  relatif  aux  Directions  D\u00e9partementales \nInterminist\u00e9rielles ;\nVu le d\u00e9cret du Pr\u00e9sident de la R\u00e9publique du 15 mai 2025 portant nomination de Monsieur  \nSimon BABRE en qualit\u00e9 de pr\u00e9fet du Var ;\nVu l'arr\u00eat\u00e9 pr\u00e9fectoral prescrivant l'\u00e9laboration du Plan de pr\u00e9vention des risques naturels  \nd'inondation (PPRI) sur la commune de Flassans-sur-Issole li\u00e9 \u00e0 la pr\u00e9sence de l 'Issole et de ses \nprincipaux affluents, du 19 juin 2017 ;\nVu l'arr\u00eat\u00e9 pr\u00e9fectoral n\u00b020-09-03  prorogeant le d\u00e9lai d'approbation du Plan de pr\u00e9vention  \ndes risques naturels d'inondation (PPRI) sur la commune de Flassans-sur-Issole li\u00e9 \u00e0 la pr\u00e9sence \nde l'Issole et de ses principaux affluents, du 8 septembre 2020 ;\nVu l'avis r\u00e9put\u00e9 favorable sur le projet de Plan de pr\u00e9vention des risques naturels d'inondation \n(PPRI) sur la commune de Flassans-sur-Issole, du conseil municipal de la commune de Flassans-\nsur-Issole,  de  la  R\u00e9gion  Sud  \u2013  Provence-Alpes-C\u00f4te  d'Azur  et  du  Centre  National  de  la \nPropri\u00e9t\u00e9 Foresti\u00e8re Provence-Alpes-C\u00f4te d'Azur ;\nVu l'avis du 06 mars de la Communaut\u00e9 de communes Coeur du Var sur le projet de Plan de \npr\u00e9vention des risques naturels d'inondation (PPRI) sur la commune de Flassans-sur-Issole ;\nVu l'avis du 11 mars 2025 du Conseil d\u00e9partemental du Var sur le projet de Plan de pr\u00e9vention \ndes risques naturels d'inondation (PPRI) sur la commune de Flassans-sur-Issole ;\nVu l'avis  du  18  mars  2025 de  la  Chambre  d'Agriculture  du  Var  sur  le  projet  de  Plan  de \npr\u00e9vention des risques naturels d'inondation (PPRI) sur la commune de Flassans-sur-Issole ;\nDirection d\u00e9partementale des territoires et de la mer du Var - 83-2025-09-08-00018 - Arr\u00eat\u00e9 pr\u00e9fectoral portant approbation du plan\nde pr\u00e9vention des risques naturels d'inondation (PPRI) sur la commune de Flassans-sur-Issole li\u00e9 \u00e0 la pr\u00e9sence de l'Issole et de ses\nprincipaux affluents.\n37\nVu l'avis du 28 mars  2025 de la Chambre de Commerce et d'Industrie du Var sur le projet de  \nPlan de pr\u00e9vention des risques naturels d'inondation (PPRI) sur la commune de Flassans-sur-\nIssole ;\nVu l'arr\u00eat\u00e9 pr\u00e9fectoral du 11 avril 2025 portant ouverture d'une enqu\u00eate publique du 13 mai  \n2025 au 19 juin 2025, relative au Plan de pr\u00e9vention des risques naturels d'inondation (PPRI)  \nsur  la  commune  de  Flassans-sur-Issole li\u00e9  \u00e0  la  pr\u00e9sence  de  l'Issole  et  de  ses  principaux \naffluents, ainsi qu'\u00e0 la probl\u00e9matique du ruissellement naturel ;\nVu le rapport du commissaire enqu\u00eateur du 3 juillet 2025, ses conclusions motiv\u00e9es ainsi que  \nson avis favorable ;\nConsid\u00e9rant qu'il n'y a pas lieu d'apporter de modification \u00e0 l'issue de l'enqu\u00eate publique, au  \nprojet de Plan de pr\u00e9vention des risques naturels d'inondation (PPRI)  sur la commune de  \nFlassans-sur-Issole ;\nConsid\u00e9rant que les risques d'inondation pris en compte sont ceux relatifs aux d\u00e9bordements \nde l'Issole et de ses principaux affluents ainsi qu'\u00e0 la probl\u00e9matique du ruissellement naturel ;\nSur proposition du directeur d\u00e9partemental des territoires et de la mer.\nARR\u00caTE \nArticle 1er : Objet de l'arr\u00eat\u00e9\nEst approuv\u00e9, tel qu'il est annex\u00e9 au pr\u00e9sent arr\u00eat\u00e9, le Plan de pr\u00e9vention des risques naturels \nd'inondation (PPRI) sur la commune de Flassans-sur-Issole li\u00e9 \u00e0 la pr\u00e9sence de l'Issole et de ses  \nprincipaux affluents.\nArticle 2 : Contenu du dossier de plan\nLe dossier de Plan de pr\u00e9vention des risques naturels d'inondation comporte :\n\u2022 Une note de pr\u00e9sentation,\n\u2022 Des documents graphiques constituants  la  carte de zonage r\u00e9glementaire, la  \ncarte d'al\u00e9a, la carte des hauteurs d 'eau pour la crue de r\u00e9f\u00e9rence et la c arte \ndes vitesses d'\u00e9coulement pour la crue de r\u00e9f\u00e9rence,\n\u2022 Un r\u00e8glement.\nArticle 3 : PPRI et PLU\nLe Plan de pr\u00e9vention des risques naturels d'inondation vaut servitude d 'utilit\u00e9 publique en  \napplication de l'article L.562-4 du code de l'environnement.\nIl doit \u00eatre annex\u00e9 sans d\u00e9lai au plan local d'urbanisme de la commune de Flassans-sur-Issole  \nconform\u00e9ment \u00e0 l'article L.153-60 du code de l'urbanisme.\nArticle 4 : Mesures d'information\nLe dossier du Plan de pr\u00e9vention des risques naturels d'inondation est tenu \u00e0 la disposition du \npublic :\n\u2022 \u00c0 la mairie de Flassans-sur-Issole aux jours et heures d'ouverture de la mairie,\nDirection d\u00e9partementale des territoires et de la mer du Var - 83-2025-09-08-00018 - Arr\u00eat\u00e9 pr\u00e9fectoral portant approbation du plan\nde pr\u00e9vention des risques naturels d'inondation (PPRI) sur la commune de Flassans-sur-Issole li\u00e9 \u00e0 la pr\u00e9sence de l'Issole et de ses\nprincipaux affluents.\n38\n\u2022 Au si\u00e8ge de la Communaut\u00e9 de Communes Coeur du Var aux jours et heures  \nd'ouverture de la communaut\u00e9,\n\u2022 \u00c0 la pr\u00e9fecture du Var  : Direction D\u00e9partementale des Territoires et de la Mer  \ndu Var aux jours et heures d'ouverture de l'accueil au public.\nLes \u00e9l\u00e9ments du dossier seront \u00e9galement consultables sur le site internet des services de  \nl'\u00c9tat dans le Var \u00e0 l'adresse suivante : http://www.var.gouv.fr\nArticle 5 : Mesures de publicit\u00e9\nLe pr\u00e9sent arr\u00eat\u00e9 est publi\u00e9 au recueil des actes administratifs de la Pr\u00e9fecture du Var.\nCet arr\u00eat\u00e9 est \u00e9galement affich\u00e9 pendant au moins un mois en mairie de Flassans-sur-Issole, \nainsi qu'au si\u00e8ge de la Communaut\u00e9 de Communes Coeur du Var. Ces mesures de publicit\u00e9  \nsont justifi\u00e9es par un certificat d'affichage du maire de Flassans-sur-Issole et du pr\u00e9sident de  \nla Communaut\u00e9 de Communes Coeur du Var.\nMention de cet arr\u00eat\u00e9 sera publi\u00e9e dans un journal diffus\u00e9 dans le d\u00e9partement.\nArticle 6 : D\u00e9lai de recours\nUn recours \u00e0 l'encontre du pr\u00e9sent arr\u00eat\u00e9 peut \u00eatre port\u00e9 devant le tribunal administratif de  \nToulon, dans un d\u00e9lai de deux mois \u00e0 compter de l'ex\u00e9cution de l'ensemble des formalit\u00e9s de  \npublicit\u00e9.\nDans ce m\u00eame d\u00e9lai, un recours gracieux ou un recours hi\u00e9rarchique peut \u00eatre pr\u00e9sent\u00e9  \nrespectivement devant l'auteur de la pr\u00e9sente d\u00e9cision ou aupr\u00e8s du ministre en charge de la  \npr\u00e9vention des risques naturels et technologiques. Dans ce cas, le recours contentieux peut  \nalors \u00eatre introduit dans les deux mois suivant la r\u00e9ponse (le silence gard\u00e9 pendant les deux  \nmois suivant le recours gracieux emporte rejet de la demande).\nIl est possible de d\u00e9poser le recours contentieux devant le tribunal administratif par voie  \n\u00e9lectronique  via  l'application  internet  \u00ab  t\u00e9l\u00e9recours  citoyens \u00bb  sur  le  lien  suivant  : \nhttps://www.telerecours.fr\nArticle 7 : Ex\u00e9cution du pr\u00e9sent arr\u00eat\u00e9\nLe secr\u00e9taire g\u00e9n\u00e9ral de la pr\u00e9fecture du Var, le directeur d\u00e9partemental des territoires et de  \nla  mer  du  Var,  le  maire  de  la  commune  de  Flassans-sur-Issole  et le pr\u00e9sident  de  la \nCommunaut\u00e9 d e Communes Coeur du Var  so nt charg\u00e9s, chacun en ce qui le concerne, de  \nl'ex\u00e9cution  du  pr\u00e9sent  arr\u00eat\u00e9  qui  sera  publi\u00e9  au  recueil  des  actes  administratifs  de  la \npr\u00e9fecture du Var.\nFait le, 08/09/2025\nle pr\u00e9fet\nSign\u00e9\nSimon BABRE\nDirection d\u00e9partementale des territoires et de la mer du Var - 83-2025-09-08-00018 - Arr\u00eat\u00e9 pr\u00e9fectoral portant approbation du plan\nde pr\u00e9vention des risques naturels d'inondation (PPRI) sur la commune de Flassans-sur-Issole li\u00e9 \u00e0 la pr\u00e9sence de l'Issole et de ses\nprincipaux affluents.\n39\nPr\u00e9fecture du VAR\n83-2025-09-18-00009\nArr\u00eat\u00e9 pr\u00e9fectoral n\u00b0187 /2025-BCLI \nportant fixation du nombre de si\u00e8ges et\nr\u00e9partition des si\u00e8ges entre les communes au\nsein de la Communaut\u00e9 d'Agglom\u00e9ration Sud\nSainte-Baume (CASSB)\nPr\u00e9fecture du VAR - 83-2025-09-18-00009 - Arr\u00eat\u00e9 pr\u00e9fectoral n\u00b0187 /2025-BCLI \nportant fixation du nombre de si\u00e8ges et r\u00e9partition des si\u00e8ges entre les communes au sein de la Communaut\u00e9 d'Agglom\u00e9ration Sud\nSainte-Baume (CASSB)\n40\n=mPREFETDU VARLibert\u00e9Egalit\u00e9Fraternit\u00e9\n Direction de la citoyennet\u00e9 et de la l\u00e9galit\u00e9\nBureau du contr\u00f4le de l\u00e9galit\u00e9 et de l'intercommunalit\u00e9\nARR\u00caT\u00c9 PR\u00c9FECTORAL n\u00b0187 /2025-BCLI \nportant fixation du nombre de si\u00e8ges et r\u00e9partition des si\u00e8ges entre les communes au sein de \nla Communaut\u00e9 d'Agglom\u00e9ration Sud Sainte-Baume (CASSB)\nVu le Code g\u00e9n\u00e9ral des collectivit\u00e9s territoriales (CGCT), et notamment son article L.5211-6-1 ;\nVu le Code \u00e9lectoral et notamment son article L.273-1 ; \nVu  la  loi  n\u00b02010-1563  du  16  d\u00e9cembre  2010  de  r\u00e9forme  des  collectivit\u00e9s  territoriales \nmodifi\u00e9es notamment son article 9 ;\nVu la loi n\u00b02015-264 du 9 mars 2015 autorisant l'accord local de r\u00e9partition des si\u00e8ges de  \nconseiller communautaire ;\nVu le d\u00e9cret n\u00b02024-1276 du 31 d\u00e9cembre 2024 authentifiant les chiffres des populations de la \nm\u00e9tropole, des d\u00e9partements d'outre-mer de la Guadeloupe, de la Guyane, de la Martinique  \net le La R\u00e9union, et des collectivit\u00e9s de Saint-Barth\u00e9lemy, de Saint-Martin et de Saint-Pierre-et-\nMiquelon ; \nVu  le  d\u00e9cret  du  Pr\u00e9sident  de  la  R\u00e9publique  du  15  mai  2025  portant  nomination  de \nMonsieur Simon BABRE, pr\u00e9fet du Var ;\nVu  l'arr\u00eat\u00e9  pr\u00e9fectoral  n\u00b02025/12/MCI  du  2  juin  2025,  portant  d\u00e9l\u00e9gation  de  signature  \u00e0 \nMonsieur  Lucien  GIUDICELLI,  secr\u00e9taire  g\u00e9n\u00e9ral  de  la  pr\u00e9fecture  du  Var,  sous-pr\u00e9fet  de \nl'arrondissement de Toulon ; \nVu  l'arr\u00eat\u00e9  pr\u00e9fectoral  n\u00b035/2014  du  27  novembre  2014,  portant  transformation  de  la \ncommunaut\u00e9 de communes Sud Sainte Baume en communaut\u00e9 d'agglom\u00e9ration Sud Sainte-\nBaume ;\nVu les d\u00e9lib\u00e9rations favorables des conseils municipaux des communes de Sanary-sur-Mer  \n(25/06/2025), Saint-Cyr-sur-Mer (10/06/2025), Le Beausset (01/07/2025), Bandol (27/06/2025),  \nLe  Castellet  (26/06/2025),  La  Cadi\u00e8re-d'Azur  (30/06/2025),  Signes  (13/06/2025),  \u00c9venos \n(23/06/2025) et Riboux (15/06/2025), approuvant la composition du conseil communautaire ; \nConsid\u00e9rant que les conditions de majorit\u00e9 qualifi\u00e9e requises pour l'approbation de l'accord  \nlocal de r\u00e9partition des si\u00e8ges des conseillers communautaires sont remplies ; \nSur proposition de Monsieur le secr\u00e9taire g\u00e9n\u00e9ral de la pr\u00e9fecture du Var, \nPr\u00e9fecture du VAR - 83-2025-09-18-00009 - Arr\u00eat\u00e9 pr\u00e9fectoral n\u00b0187 /2025-BCLI \nportant fixation du nombre de si\u00e8ges et r\u00e9partition des si\u00e8ges entre les communes au sein de la Communaut\u00e9 d'Agglom\u00e9ration Sud\nSainte-Baume (CASSB)\n41\nARR  \u00ca  TE     :  \nArticle 1  er   : A compter du renouvellement g\u00e9n\u00e9ral des conseillers municipaux en mars 2026, la \ncomposition du conseil communautaire de la Communaut\u00e9 d'agglom\u00e9ration de Sud Sainte-\nBaume est fix\u00e9e \u00e0 47 si\u00e8ges, r\u00e9partis comme suit : \nCommune Nombre de si\u00e8ges \nSanary-sur-Mer 13\nSaint-Cyr-sur-Mer 8\nLe Beausset 7\nBandol 6\nLe Castellet 4\nLa Cadi\u00e8re-d'Azur 4\nSignes 2\n\u00c9venos 2\nRiboux 1\nTotal 47\nArticle 2  : Le secr\u00e9taire g\u00e9n\u00e9ral de la pr\u00e9fecture du Var, le pr\u00e9sident de la communaut\u00e9  \nd'agglom\u00e9ration Sud Sainte-Baume, les maires des communes concern\u00e9s sont charg\u00e9s, chacun \nen ce qui les concerne, de l'ex\u00e9cution du pr\u00e9sent arr\u00eat\u00e9, qui sera publi\u00e9 au recueil des actes  \nadministratifs de la pr\u00e9fecture du Var et dont copie sera adress\u00e9e \u00e0 la direction des archives  \nd\u00e9partementales. \nFait \u00e0 Toulon, le 18 septembre 2025\nPour le Pr\u00e9fet et par d\u00e9l\u00e9gation le \nsecr\u00e9taire g\u00e9n\u00e9ral, \nSIGN\u00c9\nLucien GIUDICELLI\nDans un d\u00e9lai de deux mois \u00e0 compter de la date de la notification ou de la publication du pr\u00e9sent arr\u00eat\u00e9, les recours suivants peuvent \u00eatre introduits conform\u00e9ment aux \ndispositions des articles R. 421-1 et suivants du code de justice administrative :\n- un recours gracieux, adress\u00e9 \u00e0 : M. le Pr\u00e9fet du Var \u2013 Bd du 112\u00e8me r\u00e9giment d'infanterie- CS 31209 - 83070 TOULON CEDEX\n- un recours hi\u00e9rarchique, adress\u00e9 au ministre de l'int\u00e9rieur - Place Beauvau - 75800 PARIS\nDans les deux cas, le silence de l'administration vaut rejet implicite au terme d'un d\u00e9lai de deux mois.\nApr\u00e8s un recours gracieux ou hi\u00e9rarchique, le d\u00e9lai du recours contentieux ne court qu'\u00e0 compter du rejet explicite ou implicite de l'un de ces recours.\n- un recours contentieux, en saisissant le Tribunal Administratif de Toulon : 5 rue Racine -BP 40510 - 83 041 TOULON CEDEX 9\nLe tribunal administratif peut \u00eatre saisi par l'application informatique \u00ab T\u00e9l\u00e9recours citoyens \u00bb accessible par le site internet \u00ab www.telerecours.fr \u00bb\nPr\u00e9fecture du VAR - 83-2025-09-18-00009 - Arr\u00eat\u00e9 pr\u00e9fectoral n\u00b0187 /2025-BCLI \nportant fixation du nombre de si\u00e8ges et r\u00e9partition des si\u00e8ges entre les communes au sein de la Communaut\u00e9 d'Agglom\u00e9ration Sud\nSainte-Baume (CASSB)\n42\nPr\u00e9fecture du VAR\n83-2025-09-18-00008\nArr\u00eat\u00e9 pr\u00e9fectoral n\u00b0190 /2025-BCLI \nportant fixation du nombre de si\u00e8ges et\nr\u00e9partition des si\u00e8ges entre les communes au\nsein de la Communaut\u00e9 d'agglom\u00e9ration\nProvence Verte (CAPV)\nPr\u00e9fecture du VAR - 83-2025-09-18-00008 - Arr\u00eat\u00e9 pr\u00e9fectoral n\u00b0190 /2025-BCLI \nportant fixation du nombre de si\u00e8ges et r\u00e9partition des si\u00e8ges entre les communes au sein de la Communaut\u00e9 d'agglom\u00e9ration\nProvence Verte (CAPV)\n43\n=mPREFETDU VARLibert\u00e9Egalit\u00e9Fraternit\u00e9\n Direction de la citoyennet\u00e9 et de la l\u00e9galit\u00e9\nBureau du contr\u00f4le de l\u00e9galit\u00e9 et de l'intercommunalit\u00e9\nARR\u00caT\u00c9 PR\u00c9FECTORAL n\u00b0190 /2025-BCLI \nportant fixation du nombre de si\u00e8ges et r\u00e9partition des si\u00e8ges entre les communes au sein de \nla Communaut\u00e9 d'agglom\u00e9ration Provence Verte (CAPV)\nVu le Code g\u00e9n\u00e9ral des collectivit\u00e9s territoriales (CGCT), et notamment son article L.5211-6-1 ;\nVu le Code \u00e9lectoral et notamment son article L.273-1 ;\nVu  la  loi  n\u00b02010-1563  du  16  d\u00e9cembre  2010  de  r\u00e9forme  des  collectivit\u00e9s  territoriales \nmodifi\u00e9es notamment son article 9;\nVu la loi n\u00b02015-264 du 9 mars 2015 autorisant l'accord local de r\u00e9partition des si\u00e8ges de  \nconseiller communautaire ;\nVu le d\u00e9cret n\u00b02024-1276 du 31 d\u00e9cembre 2024 authentifiant les chiffres des populations de la \nm\u00e9tropole, des d\u00e9partements d'outre-mer de la Guadeloupe, de la Guyane, de la Martinique  \net le La R\u00e9union, et des collectivit\u00e9s de Saint-Barth\u00e9lemy, de Saint-Martin et de Saint-Pierre-et-\nMiquelon ; \nVu  le  d\u00e9cret  du  Pr\u00e9sident  de  la  R\u00e9publique  du  15  mai  2025  portant  nomination  de \nMonsieur Simon BABRE, pr\u00e9fet du Var ;\nVu  l'arr\u00eat\u00e9  pr\u00e9fectoral  n\u00b02025/12/MCI  du  2  juin  2025,  portant  d\u00e9l\u00e9gation  de  signature  \u00e0 \nMonsieur  Lucien  GIUDICELLI,  secr\u00e9taire  g\u00e9n\u00e9ral  de  la  pr\u00e9fecture  du  Var,  sous-pr\u00e9fet  de \nl'arrondissement de Toulon ; \nVu  l'arr\u00eat\u00e9  pr\u00e9fectoral  n\u00b041/2016-BCL  du  5  juillet  2016,  modifi\u00e9,  portant  cr\u00e9ation  de  la \ncommunaut\u00e9 d'agglom\u00e9ration Provence Verte ;\nVu  les  d\u00e9lib\u00e9rations  favorables  des  conseils  municipaux  des  communes  de  Brignoles \n(26/07/2025), Pourri\u00e8res (15/05/2025), Gar\u00e9oult (28/06/2025), Rocbaron (26/05/2025), Tourves  \n(03/06/2025),  Nans-les-Pins  (23/06/2025),  Carc\u00e8s (11/06/2025),  Forcalqueiret  (30/07/2025), \nN\u00e9oules  (22/05/2025),  Plan-d'Aups-Sainte-Baume  (26/06/2025),  M\u00e9ounes-l\u00e8s-Montrieux  \n(13/05/2025),  La  Roquebrussane  (30/06/2025),  Cotignac  (08/07/2025),  Sainte-Anastasie-sur-\nIssole  (19/05/2025),  Camps-la-Source  (22/05/2025),  Rougiers  (03/06/2025),  La  Celle  \n(12/05/2025),  Pourcieux  (19/05/2025),  Montfort-sur-Argens  (17/06/2025),  Entrecasteaux  \n(22/05/2025), Vins-sur-Caramy (12/05/2025), Mazaugues (29/08/2025), Correns (01/07/2025),  \nOlli\u00e8res  (14/05/2025)  et  Ch\u00e2teauvert  (17/06/2025)   approuvant  la  composition  du  conseil \ncommunautaire ; \nConsid\u00e9rant que les conditions de majorit\u00e9 qualifi\u00e9e requises pour l'approbation de l'accord  \nlocal de r\u00e9partition des si\u00e8ges des conseillers communautaires sont remplies ;\nSur proposition de Monsieur le secr\u00e9taire g\u00e9n\u00e9ral de la pr\u00e9fecture du Var, \nPr\u00e9fecture du VAR - 83-2025-09-18-00008 - Arr\u00eat\u00e9 pr\u00e9fectoral n\u00b0190 /2025-BCLI \nportant fixation du nombre de si\u00e8ges et r\u00e9partition des si\u00e8ges entre les communes au sein de la Communaut\u00e9 d'agglom\u00e9ration\nProvence Verte (CAPV)\n44\nARR  \u00ca  TE     :  \nArticle 1  er   : A compter du renouvellement g\u00e9n\u00e9ral des conseillers municipaux en mars 2026, la \ncomposition du conseil communautaire de la Communaut\u00e9 d'Agglom\u00e9ration Provence Verte  \nest fix\u00e9e \u00e0 57 si\u00e8ges, r\u00e9partis comme suit : \nCommune Nombre de si\u00e8ges par commune\nBrignoles 10\nSaint-Maximin-la-Sainte-Baume 9\nPourri\u00e8res 3\nGar\u00e9oult 3\nRocbaron 3\nTourves 3\nNans-les-Pins 3\nLe Val 2\nCarc\u00e8s 2\nForcalqueiret 1\nN\u00e9oules 1\nBras 1\nPlan-d'Aups-Sainte-Baume 1\nM\u00e9ounes-l\u00e8s-Montrieux 1\nLa Roquebrussane 1\nCotignac 1\nSainte-Anastasie-sur-Issole 1\nCamps-la-Source 1\nRougiers 1\nLa Celle 1\nPourcieux 1\nMontfort-sur-Argens 1\nEntrecasteaux 1\nVins-sur-Caramy 1\nMazaugues 1\nCorrens 1\nOlli\u00e8res 1\nCh\u00e2teauvert 1\nTotal : 57\nPr\u00e9fecture du VAR - 83-2025-09-18-00008 - Arr\u00eat\u00e9 pr\u00e9fectoral n\u00b0190 /2025-BCLI \nportant fixation du nombre de si\u00e8ges et r\u00e9partition des si\u00e8ges entre les communes au sein de la Communaut\u00e9 d'agglom\u00e9ration\nProvence Verte (CAPV)\n45\nArticle 2  : Le secr\u00e9taire g\u00e9n\u00e9ral de la pr\u00e9fecture du Var, le pr\u00e9sident de la communaut\u00e9  \nd'agglom\u00e9ration Provence Verte, les maires des communes concern\u00e9s sont charg\u00e9s, chacun  \nen ce qui les concerne, de l'ex\u00e9cution du pr\u00e9sent arr\u00eat\u00e9, qui sera publi\u00e9 au recueil des actes  \nadministratifs de la pr\u00e9fecture du Var et dont copie sera adress\u00e9e \u00e0 la direction des archives  \nd\u00e9partementales. \nFait \u00e0 Toulon, le 18 septembre 2025\nPour le Pr\u00e9fet et par d\u00e9l\u00e9gation le \nsecr\u00e9taire g\u00e9n\u00e9ral, \nSIGN\u00c9\nLucien GIUDICELLI\nDans un d\u00e9lai de deux mois \u00e0 compter de la date de la notification ou de la publication du pr\u00e9sent arr\u00eat\u00e9, les recours suivants \npeuvent \u00eatre introduits conform\u00e9ment aux dispositions des articles R. 421-1 et suivants du code de justice administrative :\n- un recours gracieux, adress\u00e9 \u00e0 : M. le Pr\u00e9fet du Var \u2013 Bd du 112\u00e8me r\u00e9giment d'infanterie- CS 31209 - 83070 TOULON CEDEX\n- un recours hi\u00e9rarchique, adress\u00e9 au ministre de l'int\u00e9rieur - Place Beauvau - 75800 PARIS\nDans les deux cas, le silence de l'administration vaut rejet implicite au terme d'un d\u00e9lai de deux mois.\nApr\u00e8s un recours gracieux ou hi\u00e9rarchique, le d\u00e9lai du recours contentieux ne court qu'\u00e0 compter du rejet explicite ou implicite \nde l'un de ces recours.\n- un recours contentieux, en saisissant le Tribunal Administratif de Toulon : 5 rue Racine -BP 40510 - 83 041 TOULON CEDEX 9\nLe tribunal administratif peut \u00eatre saisi par l'application informatique \u00ab T\u00e9l\u00e9recours citoyens \u00bb accessible par le site internet \n\u00ab www.telerecours.fr \u00bb\nPr\u00e9fecture du VAR - 83-2025-09-18-00008 - Arr\u00eat\u00e9 pr\u00e9fectoral n\u00b0190 /2025-BCLI \nportant fixation du nombre de si\u00e8ges et r\u00e9partition des si\u00e8ges entre les communes au sein de la Communaut\u00e9 d'agglom\u00e9ration\nProvence Verte (CAPV)\n46\nPr\u00e9fecture du VAR\n83-2025-09-18-00010\nArr\u00eat\u00e9 pr\u00e9fectoral n\u00b0191 /2025-BCLI \nportant fixation du nombre de si\u00e8ges et\nr\u00e9partition des si\u00e8ges entre les communes au\nsein de la Communaut\u00e9 de Communes Coeur du\nVar (CCCV).\nPr\u00e9fecture du VAR - 83-2025-09-18-00010 - Arr\u00eat\u00e9 pr\u00e9fectoral n\u00b0191 /2025-BCLI \nportant fixation du nombre de si\u00e8ges et r\u00e9partition des si\u00e8ges entre les communes au sein de la Communaut\u00e9 de Communes Coeur\ndu Var (CCCV).\n47\n=mPREFETDU VARLibert\u00e9Egalit\u00e9Fraternit\u00e9\n Direction de la citoyennet\u00e9 et de la l\u00e9galit\u00e9\nBureau du contr\u00f4le de l\u00e9galit\u00e9 et de l'intercommunalit\u00e9\nARR\u00caT\u00c9 PR\u00c9FECTORAL n\u00b0191 /2025-BCLI \nportant fixation du nombre de si\u00e8ges et r\u00e9partition des si\u00e8ges entre les communes au sein de \nla Communaut\u00e9 de Communes C\u0153ur du Var (CCCV).\nVu le Code g\u00e9n\u00e9ral des collectivit\u00e9s territoriales (CGCT), et notamment son article L.5211-6-1 ;\nVu le Code \u00e9lectoral et notamment son article L.273-1 ;\nVu  la  loi  n\u00b02010-1563  du  16  d\u00e9cembre  2010  de  r\u00e9forme  des  collectivit\u00e9s  territoriales \nmodifi\u00e9es notamment son article 9 ;\nVu la loi n\u00b02015-264 du 9 mars 2015 autorisant l'accord local de r\u00e9partition des si\u00e8ges de  \nconseiller communautaire ;\nVu le d\u00e9cret n\u00b02024-1276 du 31 d\u00e9cembre 2024 authentifiant les chiffres des populations de la \nm\u00e9tropole, des d\u00e9partements d'outre-mer de la Guadeloupe, de la Guyane, de la Martinique  \net le La R\u00e9union, et des collectivit\u00e9s de Saint-Barth\u00e9lemy, de Saint-Martin et de Saint-Pierre-et-\nMiquelon ; \nVu  le  d\u00e9cret  du  Pr\u00e9sident  de  la  R\u00e9publique  du  15  mai  2025  portant  nomination  de \nMonsieur Simon BABRE, pr\u00e9fet du Var ;\nVu  l'arr\u00eat\u00e9  pr\u00e9fectoral  n\u00b02025/12/MCI  du  2  juin  2025,  portant  d\u00e9l\u00e9gation  de  signature  \u00e0 \nMonsieur  Lucien  GIUDICELLI,  secr\u00e9taire  g\u00e9n\u00e9ral  de  la  pr\u00e9fecture  du  Var,  sous-pr\u00e9fet  de \nl'arrondissement de Toulon ; \nVu l'arr\u00eat\u00e9 pr\u00e9fectoral du 26 d\u00e9cembre 2001, modifi\u00e9, portant cr\u00e9ation de la communaut\u00e9 de \ncommunes C\u0153ur du Var ;\nVu  les  d\u00e9lib\u00e9rations  favorables  des  conseils  municipaux  des  communes  de  Le  Luc \n(19/06/2025), Pignans (07/07/2025), Puget-Ville (26/06/2025), Gonfaron (25/06/2025), Flassans-\nsur-Issole (11/06/2025), Besse-sur-Issole (03/07/2025)  et Cabasse (30/06/2025), approuvant la  \ncomposition du conseil communautaire ; \nConsid\u00e9rant que les conditions de majorit\u00e9 qualifi\u00e9e requises pour l'approbation de l'accord  \nlocal de r\u00e9partition des si\u00e8ges des conseillers communautaires sont remplies ;\nSur proposition de Monsieur le secr\u00e9taire g\u00e9n\u00e9ral de la pr\u00e9fecture du Var, \nPr\u00e9fecture du VAR - 83-2025-09-18-00010 - Arr\u00eat\u00e9 pr\u00e9fectoral n\u00b0191 /2025-BCLI \nportant fixation du nombre de si\u00e8ges et r\u00e9partition des si\u00e8ges entre les communes au sein de la Communaut\u00e9 de Communes Coeur\ndu Var (CCCV).\n48\nARR  \u00ca  TE     :  \nArticle 1  er   :   A compter du renouvellement g\u00e9n\u00e9ral des conseillers municipaux en mars 2026,  \nla composition du conseil communautaire de la Communaut\u00e9 de Communes C\u0153ur du Var est \nfix\u00e9e \u00e0 40 si\u00e8ges, r\u00e9partis comme suit :\nCommune Nombre de si\u00e8ges par commune\nLe Luc 10\nLe Cannet-des-Maures 4\nPignans 4\nPuget-Ville 4\nGonfaron 4\nCarnoules 3\nFlassans-sur-Issole 3\nBesse-sur-Issole 3\nLe Thoronet 2\nCabasse 2\nLes Mayons 1\nTotal : 40\nArticle 2  : Le secr\u00e9taire g\u00e9n\u00e9ral de la pr\u00e9fecture du Var, le pr\u00e9sident de la communaut\u00e9 de  \ncommunes C\u0153ur du Var, les maires des communes concern\u00e9s sont charg\u00e9s, chacun en ce qui  \nles  concerne,  de  l'ex\u00e9cution  du  pr\u00e9sent  arr\u00eat\u00e9,  qui  sera  publi\u00e9  au  recueil  des  actes \nadministratifs de la pr\u00e9fecture du Var et dont copie sera adress\u00e9e \u00e0 la direction des archives  \nd\u00e9partementales. \nFait \u00e0 Toulon, le 18 septembre \n2025\nPour le Pr\u00e9fet et par d\u00e9l\u00e9gation le \nsecr\u00e9taire g\u00e9n\u00e9ral, \nSIGN\u00c9\nLucien GIUDICELLI\nDans un d\u00e9lai de deux mois \u00e0 compter de la date de la notification ou de la publication du pr\u00e9sent arr\u00eat\u00e9, les recours suivants peuvent \u00eatre introduits conform\u00e9ment aux \ndispositions des articles R. 421-1 et suivants du code de justice administrative :\n- un recours gracieux, adress\u00e9 \u00e0 : M. le Pr\u00e9fet du Var \u2013 Bd du 112\u00e8me r\u00e9giment d'infanterie- CS 31209 - 83070 TOULON CEDEX\n- un recours hi\u00e9rarchique, adress\u00e9 au ministre de l'int\u00e9rieur - Place Beauvau - 75800 PARIS\nDans les deux cas, le silence de l'administration vaut rejet implicite au terme d'un d\u00e9lai de deux mois.\nApr\u00e8s un recours gracieux ou hi\u00e9rarchique, le d\u00e9lai du recours contentieux ne court qu'\u00e0 compter du rejet explicite ou implicite de l'un de ces recours.\n- un recours contentieux, en saisissant le Tribunal Administratif de Toulon : 5 rue Racine -BP 40510 - 83 041 TOULON CEDEX 9\nLe tribunal administratif peut \u00eatre saisi par l'application informatique \u00ab T\u00e9l\u00e9recours citoyens \u00bb accessible par le site internet \u00ab www.telerecours.fr \u00bb\nPr\u00e9fecture du VAR - 83-2025-09-18-00010 - Arr\u00eat\u00e9 pr\u00e9fectoral n\u00b0191 /2025-BCLI \nportant fixation du nombre de si\u00e8ges et r\u00e9partition des si\u00e8ges entre les communes au sein de la Communaut\u00e9 de Communes Coeur\ndu Var (CCCV).\n49\nPr\u00e9fecture du VAR\n83-2025-09-18-00011\nArr\u00eat\u00e9 pr\u00e9fectoral n\u00b0192 /2025-BCLI \nportant fixation du nombre de si\u00e8ges et\nr\u00e9partition des si\u00e8ges entre les communes au\nsein de la Communaut\u00e9 de Commune du Golfe\nde Saint-Tropez (CCGST).\nPr\u00e9fecture du VAR - 83-2025-09-18-00011 - Arr\u00eat\u00e9 pr\u00e9fectoral n\u00b0192 /2025-BCLI \nportant fixation du nombre de si\u00e8ges et r\u00e9partition des si\u00e8ges entre les communes au sein de la Communaut\u00e9 de Commune du Golfe\nde Saint-Tropez (CCGST).\n50\n=mPREFETDU VARLibert\u00e9Egalit\u00e9Fraternit\u00e9\n Direction de la citoyennet\u00e9 et de la l\u00e9galit\u00e9\nBureau du contr\u00f4le de l\u00e9galit\u00e9 et de l'intercommunalit\u00e9\nARR\u00caT\u00c9 PR\u00c9FECTORAL n\u00b0192 /2025-BCLI \nportant fixation du nombre de si\u00e8ges et r\u00e9partition des si\u00e8ges entre les communes au sein de \nla Communaut\u00e9 de Commune du Golfe de Saint-Tropez (CCGST).\nVu le Code g\u00e9n\u00e9ral des collectivit\u00e9s territoriales (CGCT), et notamment son article L.5211-6-1 ;\nVu le Code \u00e9lectoral et notamment son article L.273-1 ;\nVu  la  loi  n\u00b02010-1563  du  16  d\u00e9cembre  2010  de  r\u00e9forme  des  collectivit\u00e9s  territoriales \nmodifi\u00e9es notamment son article 9 ;\nVu la loi n\u00b02015-264 du 9 mars 2015 autorisant l'accord local de r\u00e9partition des si\u00e8ges de  \nconseiller communautaire ;\nVu le d\u00e9cret n\u00b02024-1276 du 31 d\u00e9cembre 2024 authentifiant les chiffres des populations de la \nm\u00e9tropole, des d\u00e9partements d'outre-mer de la Guadeloupe, de la Guyane, de la Martinique  \net le La R\u00e9union, et des collectivit\u00e9s de Saint-Barth\u00e9lemy, de Saint-Martin et de Saint-Pierre-et-\nMiquelon ; \nVu  le  d\u00e9cret  du  Pr\u00e9sident  de  la  R\u00e9publique  du  15  mai  2025  portant  nomination  de \nMonsieur Simon BABRE, pr\u00e9fet du Var ;\nVu  l'arr\u00eat\u00e9  pr\u00e9fectoral  n\u00b02025/12/MCI  du  2  juin  2025,  portant  d\u00e9l\u00e9gation  de  signature  \u00e0 \nMonsieur  Lucien  GIUDICELLI,  secr\u00e9taire  g\u00e9n\u00e9ral  de  la  pr\u00e9fecture  du  Var,  sous-pr\u00e9fet  de \nl'arrondissement de Toulon ; \nVu  l'arr\u00eat\u00e9  pr\u00e9fectoral  n\u00b024/2012  du  27  d\u00e9cembre  2012,  modifi\u00e9,  portant  cr\u00e9ation  de  la \ncommunaut\u00e9 de communes du Golfe de Saint-Tropez ;\nVu  les  d\u00e9lib\u00e9rations  favorables  des  conseils  municipaux  des  communes  de  Saint-Maxime \n(17/06/2025),  Cavalaire-sur-Mer  (23/06/2025),  Grimaud  (19/03/2025),  La  Croix-Valmer  \n(08/07/2025), Saint-Tropez (30/06/2025), Le Plan-de-la-Tour (24/07/2025), Gassin (04/06/2025), \nRamatuelle (10/06/2025),  La  Garde-Freinet  (09/07/2025),  La  M\u00f4le  (23/06/2025)  et  Rayol-\nCanadel-sur-Mer (27/06/2025) approuvant la composition du conseil communautaire ; \nConsid\u00e9rant que les conditions de majorit\u00e9 qualifi\u00e9e requises pour l'approbation de l'accord  \nlocal de r\u00e9partition des si\u00e8ges des conseillers communautaires sont remplies ;\nSur proposition de Monsieur le secr\u00e9taire g\u00e9n\u00e9ral de la pr\u00e9fecture du Var, \nPr\u00e9fecture du VAR - 83-2025-09-18-00011 - Arr\u00eat\u00e9 pr\u00e9fectoral n\u00b0192 /2025-BCLI \nportant fixation du nombre de si\u00e8ges et r\u00e9partition des si\u00e8ges entre les communes au sein de la Communaut\u00e9 de Commune du Golfe\nde Saint-Tropez (CCGST).\n51\nARR  \u00ca  TE     :  \nArticle 1  er   : A compter du renouvellement g\u00e9n\u00e9ral des conseillers municipaux en mars 2026, la \ncomposition du conseil communautaire de la Communaut\u00e9 de Commune du Golfe de Saint-\nTropez est fix\u00e9e \u00e0 46 si\u00e8ges, r\u00e9partis comme suit : \nCommune Nombre de si\u00e8ges par commune\nSainte-Maxime 11\nCogolin 9\nCavalaire-sur-Mer 6\nGrimaud 3\nLa Croix-Valmer 3\nSaint-Tropez 3\nLe Plan-de-la-Tour 2\nGassin 2\nRamatuelle 2\nLa Garde-Freinet 2\nLa M\u00f4le 2\nRayol-Canadel-sur-Mer 1\nTotal : 46\nArticle 2  : Le secr\u00e9taire g\u00e9n\u00e9ral de la pr\u00e9fecture du Var, le pr\u00e9sident de la communaut\u00e9 de  \ncommunes  du  Golfe  de  Saint-Tropez,  les  maires  des  communes  concern\u00e9s  sont  charg\u00e9s, \nchacun en ce qui les concerne, de l'ex\u00e9cution du pr\u00e9sent arr\u00eat\u00e9, qui sera publi\u00e9 au recueil des \nactes administratifs de la pr\u00e9fecture du Var et dont copie sera adress\u00e9e \u00e0 la direction des  \narchives d\u00e9partementales. \nFait \u00e0 Toulon, le 18 septembre 2025\nPour le Pr\u00e9fet et par d\u00e9l\u00e9gation le \nsecr\u00e9taire g\u00e9n\u00e9ral, \nSIGN\u00c9\nLucien GIUDICELLI\nDans un d\u00e9lai de deux mois \u00e0 compter de la date de la notification ou de la publication du pr\u00e9sent arr\u00eat\u00e9, les recours suivants peuvent \u00eatre introduits conform\u00e9ment aux \ndispositions des articles R. 421-1 et suivants du code de justice administrative :\n- un recours gracieux, adress\u00e9 \u00e0 : M. le Pr\u00e9fet du Var \u2013 Bd du 112\u00e8me r\u00e9giment d'infanterie- CS 31209 - 83070 TOULON CEDEX\n- un recours hi\u00e9rarchique, adress\u00e9 au ministre de l'int\u00e9rieur - Place Beauvau - 75800 PARIS\nDans les deux cas, le silence de l'administration vaut rejet implicite au terme d'un d\u00e9lai de deux mois.\nApr\u00e8s un recours gracieux ou hi\u00e9rarchique, le d\u00e9lai du recours contentieux ne court qu'\u00e0 compter du rejet explicite ou implicite de l'un de ces recours.\n- un recours contentieux, en saisissant le Tribunal Administratif de Toulon : 5 rue Racine -BP 40510 - 83 041 TOULON CEDEX 9\nLe tribunal administratif peut \u00eatre saisi par l'application informatique \u00ab T\u00e9l\u00e9recours citoyens \u00bb accessible par le site internet \u00ab www.telerecours.fr \u00bb\nPr\u00e9fecture du VAR - 83-2025-09-18-00011 - Arr\u00eat\u00e9 pr\u00e9fectoral n\u00b0192 /2025-BCLI \nportant fixation du nombre de si\u00e8ges et r\u00e9partition des si\u00e8ges entre les communes au sein de la Communaut\u00e9 de Commune du Golfe\nde Saint-Tropez (CCGST).\n52\nPr\u00e9fecture du VAR\n83-2025-09-18-00012\nArr\u00eat\u00e9 pr\u00e9fectoral n\u00b0193 /2025-BCLI \nportant fixation du nombre de si\u00e8ges et\nr\u00e9partition des si\u00e8ges entre les communes au\nsein de la Communaut\u00e9 de Communes Lacs et\nGorges du Verdon (CCLGV).\nPr\u00e9fecture du VAR - 83-2025-09-18-00012 - Arr\u00eat\u00e9 pr\u00e9fectoral n\u00b0193 /2025-BCLI \nportant fixation du nombre de si\u00e8ges et r\u00e9partition des si\u00e8ges entre les communes au sein de la Communaut\u00e9 de Communes Lacs et\nGorges du Verdon (CCLGV).\n53\n=mPREFETDU VARLibert\u00e9Egalit\u00e9Fraternit\u00e9\n Direction de la citoyennet\u00e9 et de la l\u00e9galit\u00e9\nBureau du contr\u00f4le de l\u00e9galit\u00e9 et de l'intercommunalit\u00e9\nARR\u00caT\u00c9 PR\u00c9FECTORAL n\u00b0193 /2025-BCLI \nportant fixation du nombre de si\u00e8ges et r\u00e9partition des si\u00e8ges entre les communes au sein de \nla Communaut\u00e9 de Communes Lacs et Gorges du Verdon (CCLGV).\nVu le Code g\u00e9n\u00e9ral des collectivit\u00e9s territoriales (CGCT), et notamment son article L.5211-6-1 ;\nVu le Code \u00e9lectoral et notamment son article L.273-1 ;\nVu la loi n\u00b02010-1563 du 16 d\u00e9cembre 2010 de r\u00e9forme des collectivit\u00e9s territoriales modifi\u00e9es \nnotamment son article 9 ;\nVu la loi n\u00b02015-264 du 9 mars 2015 autorisant l'accord local de r\u00e9partition des si\u00e8ges de  \nconseiller communautaire ;\nVu le d\u00e9cret n\u00b02024-1276 du 31 d\u00e9cembre 2024 authentifiant les chiffres des populations de la \nm\u00e9tropole, des d\u00e9partements d'outre-mer de la Guadeloupe, de la Guyane, de la Martinique  \net le La R\u00e9union, et des collectivit\u00e9s de Saint-Barth\u00e9lemy, de Saint-Martin et de Saint-Pierre-et-\nMiquelon ; \nVu  le  d\u00e9cret  du  Pr\u00e9sident  de  la  R\u00e9publique  du  15  mai  2025  portant  nomination  de \nMonsieur Simon BABRE, pr\u00e9fet du Var ;\nVu  l'arr\u00eat\u00e9  pr\u00e9fectoral  n\u00b02025/12/MCI  du  2  juin  2025,  portant  d\u00e9l\u00e9gation  de  signature  \u00e0 \nMonsieur  Lucien  GIUDICELLI,  secr\u00e9taire  g\u00e9n\u00e9ral  de  la  pr\u00e9fecture  du  Var,  sous-pr\u00e9fet  de \nl'arrondissement de Toulon ; \nVu l'arr\u00eat\u00e9 pr\u00e9fectoral n\u00b045/2013 du 31 mai 2013, modifi\u00e9, portant cr\u00e9ation de la communaut\u00e9 \nde communes Lacs et Gorges du Verdon ;\nVu  les  d\u00e9lib\u00e9rations  favorables  des  conseils  municipaux  des  communes  de  R\u00e9gusse \n(21/08/2025),  Aups  (26/08/2025),  Villecroze  (14/08/2025),  Tourtour  (24/07/2025),  Bauduen \n(12/08/2025),  Moissac-Bellevue  (28/07/2025),  Aiguines  (24/07/2025),  Baudinard-sur-Verdon \n(06/08/2025),  Les  Salles-sur-Verdon  (07/08/2025),  La  Martre  (22/08/2025),  Trigance  \n(23/08/2025), Ch\u00e2teauvieux (25/07/2025), Le Bourguet (25/08/2025) et V\u00e9rignon (26/07/2025),  \napprouvant la composition du conseil communautaire ; \nConsid\u00e9rant que les conditions de majorit\u00e9 qualifi\u00e9e requises pour l'approbation de l'accord  \nlocal de r\u00e9partition des si\u00e8ges des conseillers communautaires sont remplies ; \nSur proposition de Monsieur le secr\u00e9taire g\u00e9n\u00e9ral de la pr\u00e9fecture du Var, \nARR  \u00ca  TE     :  \nArticle 1  er   :  A compter du renouvellement g\u00e9n\u00e9ral des conseillers municipaux en mars 2026, la \ncomposition du conseil communautaire de la Communaut\u00e9 de Commune Lacs et Gorges du  \nVerdon est fix\u00e9e \u00e0 35 si\u00e8ges, r\u00e9partis comme suit : \nPr\u00e9fecture du VAR - 83-2025-09-18-00012 - Arr\u00eat\u00e9 pr\u00e9fectoral n\u00b0193 /2025-BCLI \nportant fixation du nombre de si\u00e8ges et r\u00e9partition des si\u00e8ges entre les communes au sein de la Communaut\u00e9 de Communes Lacs et\nGorges du Verdon (CCLGV).\n54\nCommune Nombre de si\u00e8ges par commune\nR\u00e9gusse 7\nAups 7\nVillecroze 5\nTourtour 2\nBauduen 2\nMoissac-Bellevue 2\nArtignosc-sur-Verdon 1\nAiguines 1\nBaudinard-sur-Verdon 1\nLes Salles-sur-Verdon 1\nLa Martre 1\nTrigance 1\nCh\u00e2teauvieux 1\nLe Bourguet 1\nBrenon 1\nV\u00e9rignon 1\nTotal : 35\nArticle 2  : Le secr\u00e9taire g\u00e9n\u00e9ral de la pr\u00e9fecture du Var, le pr\u00e9sident de la communaut\u00e9 de  \ncommunes Lacs et Gorges du Verdon, les maires des communes concern\u00e9s sont charg\u00e9s,  \nchacun en ce qui les concerne, de l'ex\u00e9cution du pr\u00e9sent arr\u00eat\u00e9, qui sera publi\u00e9 au recueil des \nactes administratifs de la pr\u00e9fecture du Var et dont copie sera adress\u00e9e \u00e0 la direction des  \narchives d\u00e9partementales. \nFait \u00e0 Toulon, le 18 septembre 2025\nPour le Pr\u00e9fet et par d\u00e9l\u00e9gation le \nsecr\u00e9taire g\u00e9n\u00e9ral, \nSIGN\u00c9\nLucien GIUDICELLI\nDans un d\u00e9lai de deux mois \u00e0 compter de la date de la notification ou de la publication du pr\u00e9sent arr\u00eat\u00e9, les recours suivants peuvent \u00eatre introduits conform\u00e9ment aux \ndispositions des articles R. 421-1 et suivants du code de justice administrative :\n- un recours gracieux, adress\u00e9 \u00e0 : M. le Pr\u00e9fet du Var \u2013 Bd du 112\u00e8me r\u00e9giment d'infanterie- CS 31209 - 83070 TOULON CEDEX\n- un recours hi\u00e9rarchique, adress\u00e9 au ministre de l'int\u00e9rieur - Place Beauvau - 75800 PARIS\nDans les deux cas, le silence de l'administration vaut rejet implicite au terme d'un d\u00e9lai de deux mois.\nApr\u00e8s un recours gracieux ou hi\u00e9rarchique, le d\u00e9lai du recours contentieux ne court qu'\u00e0 compter du rejet explicite ou implicite de l'un de ces recours.\n- un recours contentieux, en saisissant le Tribunal Administratif de Toulon : 5 rue Racine -BP 40510 - 83 041 TOULON CEDEX 9\nLe tribunal administratif peut \u00eatre saisi par l'application informatique \u00ab T\u00e9l\u00e9recours citoyens \u00bb accessible par le site internet \u00ab www.telerecours.fr \u00bb\nPr\u00e9fecture du VAR - 83-2025-09-18-00012 - Arr\u00eat\u00e9 pr\u00e9fectoral n\u00b0193 /2025-BCLI \nportant fixation du nombre de si\u00e8ges et r\u00e9partition des si\u00e8ges entre les communes au sein de la Communaut\u00e9 de Communes Lacs et\nGorges du Verdon (CCLGV).\n55\nPr\u00e9fecture du VAR\n83-2025-09-18-00013\nArr\u00eat\u00e9 pr\u00e9fectoral n\u00b0194 /2025-BCLI \nportant fixation du nombre de si\u00e8ges et\nr\u00e9partition des si\u00e8ges entre les communes au\nsein de la Communaut\u00e9 de Communes\nM\u00e9diterran\u00e9e Porte des Maures (CCMPM).\nPr\u00e9fecture du VAR - 83-2025-09-18-00013 - Arr\u00eat\u00e9 pr\u00e9fectoral n\u00b0194 /2025-BCLI \nportant fixation du nombre de si\u00e8ges et r\u00e9partition des si\u00e8ges entre les communes au sein de la Communaut\u00e9 de Communes\nM\u00e9diterran\u00e9e Porte des Maures (CCMPM).\n56\n=mPREFETDU VARLibert\u00e9Egalit\u00e9Fraternit\u00e9\n Direction de la citoyennet\u00e9 et de la l\u00e9galit\u00e9\nBureau du contr\u00f4le de l\u00e9galit\u00e9 et de l'intercommunalit\u00e9\nARR\u00caT\u00c9 PR\u00c9FECTORAL n\u00b0194 /2025-BCLI \nportant fixation du nombre de si\u00e8ges et r\u00e9partition des si\u00e8ges entre les communes au sein de \nla Communaut\u00e9 de Communes M\u00e9diterran\u00e9e Porte des Maures (CCMPM).\nVu le Code g\u00e9n\u00e9ral des collectivit\u00e9s territoriales (CGCT), et notamment son article L.5211-6-1 ;\nVu le Code \u00e9lectoral et notamment l'article L.273-1 ;\nVu  la  loi  n\u00b02010-1563  du  16  d\u00e9cembre  2010  de  r\u00e9forme  des  collectivit\u00e9s  territoriales \nmodifi\u00e9es notamment son article 9 ;\nVu la loi n\u00b02015-264 du 9 mars 2015 autorisant l'accord local de r\u00e9partition des si\u00e8ges de  \nconseiller communautaire ;\nVu le d\u00e9cret n\u00b02024-1276 du 31 d\u00e9cembre 2024 authentifiant les chiffres des populations de la \nm\u00e9tropole, des d\u00e9partements d'outre-mer de la Guadeloupe, de la Guyane, de la Martinique  \net le La R\u00e9union, et des collectivit\u00e9s de Saint-Barth\u00e9lemy, de Saint-Martin et de Saint-Pierre-et-\nMiquelon ; \nVu  le  d\u00e9cret  du  Pr\u00e9sident  de  la  R\u00e9publique  du  15  mai  2025  portant  nomination  de \nMonsieur Simon BABRE, pr\u00e9fet du Var ;\nVu  l'arr\u00eat\u00e9  pr\u00e9fectoral  n\u00b02025/12/MCI  du  2  juin  2025,  portant  d\u00e9l\u00e9gation  de  signature  \u00e0 \nMonsieur  Lucien  GIUDICELLI,  secr\u00e9taire  g\u00e9n\u00e9ral  de  la  pr\u00e9fecture  du  Var,  sous-pr\u00e9fet  de \nl'arrondissement de Toulon ; \nVu l'arr\u00eat\u00e9 pr\u00e9fectoral du 30 juillet 2010, modifi\u00e9, portant cr\u00e9ation de la communaut\u00e9 de  \ncommunes M\u00e9diterran\u00e9e Porte des Maures ;\nVu les d\u00e9lib\u00e9rations favorables des conseils municipaux des communes de Cuers (25/06/2025), \nLa  Londe-les-Maures  (24/04/2025),  Bormes-les-Mimosas  (07/05/2025),  Le  Lavandou  \n(18/06/2025)  et  Pierrefeu-du-Var  (29/04/2025), approuvant  la  composition  du  conseil  \ncommunautaire ; \nConsid\u00e9rant que les conditions de majorit\u00e9 qualifi\u00e9e requises pour l'approbation de l'accord  \nlocal de r\u00e9partition des si\u00e8ges des conseillers communautaires sont remplies ;\nSur proposition de Monsieur le secr\u00e9taire g\u00e9n\u00e9ral de la pr\u00e9fecture du Var, \nPr\u00e9fecture du VAR - 83-2025-09-18-00013 - Arr\u00eat\u00e9 pr\u00e9fectoral n\u00b0194 /2025-BCLI \nportant fixation du nombre de si\u00e8ges et r\u00e9partition des si\u00e8ges entre les communes au sein de la Communaut\u00e9 de Communes\nM\u00e9diterran\u00e9e Porte des Maures (CCMPM).\n57\nARR  \u00ca  TE     :  \nArticle 1  er   : A compter du renouvellement g\u00e9n\u00e9ral des conseillers municipaux en mars 2026, la \ncomposition du conseil communautaire de la Communaut\u00e9 de Commune M\u00e9diterran\u00e9e Porte \ndes Maures est fix\u00e9e \u00e0 23 si\u00e8ges, r\u00e9partis comme suit : \nCommune Nombre de si\u00e8ges par commune\nCuers 6\nLa Londe-les-Maures 6\nBormes-les-Mimosas 4\nLe Lavandou 3\nPierrefeu-du-Var 3\nCollobri\u00e8res 1\nTotal : 23\nArticle 2  : Le secr\u00e9taire g\u00e9n\u00e9ral de la pr\u00e9fecture du Var, le pr\u00e9sident de la communaut\u00e9 de  \ncommunes M\u00e9diterran\u00e9e Porte des Maures, les maires des communes concern\u00e9s sont charg\u00e9s, \nchacun en ce qui les concerne, de l'ex\u00e9cution du pr\u00e9sent arr\u00eat\u00e9, qui sera publi\u00e9 au recueil des \nactes administratifs de la pr\u00e9fecture du Var et dont copie sera adress\u00e9e \u00e0 la direction des  \narchives d\u00e9partementales. \nFait \u00e0 Toulon, le 18 septembre 2025\nPour le Pr\u00e9fet et par d\u00e9l\u00e9gation le \nsecr\u00e9taire g\u00e9n\u00e9ral, \nSIGN\u00c9\nLucien GIUDICELLI\nDans un d\u00e9lai de deux mois \u00e0 compter de la date de la notification ou de la publication du pr\u00e9sent arr\u00eat\u00e9, les recours suivants peuvent \u00eatre introduits conform\u00e9ment aux \ndispositions des articles R. 421-1 et suivants du code de justice administrative :\n- un recours gracieux, adress\u00e9 \u00e0 : M. le Pr\u00e9fet du Var \u2013 Bd du 112\u00e8me r\u00e9giment d'infanterie- CS 31209 - 83070 TOULON CEDEX\n- un recours hi\u00e9rarchique, adress\u00e9 au ministre de l'int\u00e9rieur - Place Beauvau - 75800 PARIS\nDans les deux cas, le silence de l'administration vaut rejet implicite au terme d'un d\u00e9lai de deux mois.\nApr\u00e8s un recours gracieux ou hi\u00e9rarchique, le d\u00e9lai du recours contentieux ne court qu'\u00e0 compter du rejet explicite ou implicite de l'un de ces recours.\n- un recours contentieux, en saisissant le Tribunal Administratif de Toulon : 5 rue Racine -BP 40510 - 83 041 TOULON CEDEX 9\nLe tribunal administratif peut \u00eatre saisi par l'application informatique \u00ab T\u00e9l\u00e9recours citoyens \u00bb accessible par le site internet \u00ab www.telerecours.fr \u00bb\nPr\u00e9fecture du VAR - 83-2025-09-18-00013 - Arr\u00eat\u00e9 pr\u00e9fectoral n\u00b0194 /2025-BCLI \nportant fixation du nombre de si\u00e8ges et r\u00e9partition des si\u00e8ges entre les communes au sein de la Communaut\u00e9 de Communes\nM\u00e9diterran\u00e9e Porte des Maures (CCMPM).\n58\nPr\u00e9fecture du VAR\n83-2025-09-18-00014\nArr\u00eat\u00e9 pr\u00e9fectoral n\u00b0195 /2025-BCLI \nportant fixation du nombre de si\u00e8ges et\nr\u00e9partition des si\u00e8ges entre les communes au\nsein de la Communaut\u00e9 de Communes du Pays\nde Fayence (CCPF).\nPr\u00e9fecture du VAR - 83-2025-09-18-00014 - Arr\u00eat\u00e9 pr\u00e9fectoral n\u00b0195 /2025-BCLI \nportant fixation du nombre de si\u00e8ges et r\u00e9partition des si\u00e8ges entre les communes au sein de la Communaut\u00e9 de Communes du Pays\nde Fayence (CCPF).\n59\n=mPREFETDU VARLibert\u00e9Egalit\u00e9Fraternit\u00e9\n Direction de la citoyennet\u00e9 et de la l\u00e9galit\u00e9\nBureau du contr\u00f4le de l\u00e9galit\u00e9 et de l'intercommunalit\u00e9\nARR\u00caT\u00c9 PR\u00c9FECTORAL n\u00b0195 /2025-BCLI \nportant fixation du nombre de si\u00e8ges et r\u00e9partition des si\u00e8ges entre les communes au sein de \nla Communaut\u00e9 de Communes du Pays de Fayence (CCPF).\nVu le Code g\u00e9n\u00e9ral des collectivit\u00e9s territoriales (CGCT), et notamment son article L.5211-6-1 ;\nVu le Code \u00e9lectoral et notamment son article L.273-1 ;\nVu la loi n\u00b02010-1563 du 16 d\u00e9cembre 2010 de r\u00e9forme des collectivit\u00e9s territoriales modifi\u00e9es \nnotamment son article 9  ;\nVu la loi n\u00b02015-264 du 9 mars 2015 autorisant l'accord local de r\u00e9partition des si\u00e8ges de  \nconseiller communautaire ;\nVu le d\u00e9cret n\u00b02024-1276 du 31 d\u00e9cembre 2024 authentifiant les chiffres des populations de la \nm\u00e9tropole, des d\u00e9partements d'outre-mer de la Guadeloupe, de la Guyane, de la Martinique  \net le La R\u00e9union, et des collectivit\u00e9s de Saint-Barth\u00e9lemy, de Saint-Martin et de Saint-Pierre-et-\nMiquelon ; \nVu  le  d\u00e9cret  du  Pr\u00e9sident  de  la  R\u00e9publique  du  15  mai  2025  portant  nomination  de \nMonsieur Simon BABRE, pr\u00e9fet du Var ;\nVu  l'arr\u00eat\u00e9  pr\u00e9fectoral  n\u00b02025/12/MCI  du  2  juin  2025,  portant  d\u00e9l\u00e9gation  de  signature  \u00e0 \nMonsieur  Lucien  GIUDICELLI,  secr\u00e9taire  g\u00e9n\u00e9ral  de  la  pr\u00e9fecture  du  Var,  sous-pr\u00e9fet  de \nl'arrondissement de Toulon ; \nVu l'arr\u00eat\u00e9 pr\u00e9fectoral du 21 ao\u00fbt 2006, modifi\u00e9, portant cr\u00e9ation de la communaut\u00e9 de  \ncommunes du Pays de Fayence ;\nVu  les  d\u00e9lib\u00e9rations  favorables  des  conseils  municipaux  des  communes  de  Montauroux \n(11/06/2025),  Fayence  (24/06/2025),  Callian  (02/06/2025),  Bagnols-en-for\u00eat  (26/06/2025), \nTourrettes  (01/07/2025),  Seillans  (07/07/2025),  Saint-Paul-en-For\u00eat  (26/06/2025),  Tanneron \n(28/08/2025) et Mons (27/06/2025), approuvant la composition du conseil communautaire ; \nConsid\u00e9rant que les conditions de majorit\u00e9 qualifi\u00e9e requises pour l'approbation de l'accord  \nlocal de r\u00e9partition des si\u00e8ges des conseillers communautaires sont remplies ;\nSur proposition de Monsieur le secr\u00e9taire g\u00e9n\u00e9ral de la pr\u00e9fecture du Var, \nPr\u00e9fecture du VAR - 83-2025-09-18-00014 - Arr\u00eat\u00e9 pr\u00e9fectoral n\u00b0195 /2025-BCLI \nportant fixation du nombre de si\u00e8ges et r\u00e9partition des si\u00e8ges entre les communes au sein de la Communaut\u00e9 de Communes du Pays\nde Fayence (CCPF).\n60\nARR  \u00ca  TE     :  \nArticle 1  er   : A compter du renouvellement g\u00e9n\u00e9ral des conseillers municipaux en mars 2026, la \ncomposition du conseil communautaire de la Communaut\u00e9 de Commune Pays de Fayence est \nfix\u00e9e \u00e0 32 si\u00e8ges, r\u00e9partis comme suit : \nCommune Nombre de si\u00e8ges par commune\nMontauroux 7\nFayence 6\nCallian 4\nBagnols-en-For\u00eat 3\nTourrettes 3\nSeillans 3\nSaint-Paul-en-For\u00eat 2\nTanneron 2\nMons 2\nTotal : 32\nArticle 2  : Le secr\u00e9taire g\u00e9n\u00e9ral de la pr\u00e9fecture du Var, le pr\u00e9sident de la communaut\u00e9 de  \ncommunes du Pays de Fayence, les maires des communes concern\u00e9s sont charg\u00e9s, chacun en  \nce qui les concerne, de l'ex\u00e9cution du pr\u00e9sent arr\u00eat\u00e9, qui sera publi\u00e9 au recueil des actes  \nadministratifs de la pr\u00e9fecture du Var et dont copie sera adress\u00e9e \u00e0 la direction des archives  \nd\u00e9partementales. \nFait \u00e0 Toulon, le 18 septembre 2025\nPour le Pr\u00e9fet et par d\u00e9l\u00e9gation le \nsecr\u00e9taire g\u00e9n\u00e9ral ; \nSIGN\u00c9\nLucien GIUDICELLI\nDans un d\u00e9lai de deux mois \u00e0 compter de la date de la notification ou de la publication du pr\u00e9sent arr\u00eat\u00e9, les recours suivants peuvent \u00eatre introduits conform\u00e9ment aux \ndispositions des articles R. 421-1 et suivants du code de justice administrative :\n- un recours gracieux, adress\u00e9 \u00e0 : M. le Pr\u00e9fet du Var \u2013 Bd du 112\u00e8me r\u00e9giment d'infanterie- CS 31209 - 83070 TOULON CEDEX\n- un recours hi\u00e9rarchique, adress\u00e9 au ministre de l'int\u00e9rieur - Place Beauvau - 75800 PARIS\nDans les deux cas, le silence de l'administration vaut rejet implicite au terme d'un d\u00e9lai de deux mois.\nApr\u00e8s un recours gracieux ou hi\u00e9rarchique, le d\u00e9lai du recours contentieux ne court qu'\u00e0 compter du rejet explicite ou implicite de l'un de ces recours.\n- un recours contentieux, en saisissant le Tribunal Administratif de Toulon : 5 rue Racine -BP 40510 - 83 041 TOULON CEDEX 9\nLe tribunal administratif peut \u00eatre saisi par l'application informatique \u00ab T\u00e9l\u00e9recours citoyens \u00bb accessible par le site internet \u00ab www.telerecours.fr \u00bb\nPr\u00e9fecture du VAR - 83-2025-09-18-00014 - Arr\u00eat\u00e9 pr\u00e9fectoral n\u00b0195 /2025-BCLI \nportant fixation du nombre de si\u00e8ges et r\u00e9partition des si\u00e8ges entre les communes au sein de la Communaut\u00e9 de Communes du Pays\nde Fayence (CCPF).\n61\nPr\u00e9fecture du VAR\n83-2025-09-18-00015\nArr\u00eat\u00e9 pr\u00e9fectoral n\u00b0196 /2025-BCLI \nportant fixation du nombre de si\u00e8ges et\nr\u00e9partition des si\u00e8ges entre les communes au\nsein de la Communaut\u00e9 de Communes Provence\nVerdon (CCPV).\nPr\u00e9fecture du VAR - 83-2025-09-18-00015 - Arr\u00eat\u00e9 pr\u00e9fectoral n\u00b0196 /2025-BCLI \nportant fixation du nombre de si\u00e8ges et r\u00e9partition des si\u00e8ges entre les communes au sein de la Communaut\u00e9 de Communes\nProvence Verdon (CCPV).\n62\n=mPREFETDU VARLibert\u00e9Egalit\u00e9Fraternit\u00e9\n Direction de la citoyennet\u00e9 et de la l\u00e9galit\u00e9\nBureau du contr\u00f4le de l\u00e9galit\u00e9 et de l'intercommunalit\u00e9\nARR\u00caT\u00c9 PR\u00c9FECTORAL n\u00b0196 /2025-BCLI \nportant fixation du nombre de si\u00e8ges et r\u00e9partition des si\u00e8ges entre les communes au sein de \nla Communaut\u00e9 de Communes Provence Verdon (CCPV).\nVu le Code g\u00e9n\u00e9ral des collectivit\u00e9s territoriales (CGCT), et notamment son article L.5211-6-1 ;\nVu le Code \u00e9lectoral et notamment son article L.273-1 ;\nVu  la  loi  n\u00b02010-1563  du  16  d\u00e9cembre  2010  de  r\u00e9forme  des  collectivit\u00e9s  territoriales \nmodifi\u00e9es notamment son article 9 ;\nVu la loi n\u00b02015-264 du 9 mars 2015 autorisant l'accord local de r\u00e9partition des si\u00e8ges de  \nconseiller communautaire ;\nVu le d\u00e9cret n\u00b02024-1276 du 31 d\u00e9cembre 2024 authentifiant les chiffres des populations de la \nm\u00e9tropole, des d\u00e9partements d'outre-mer de la Guadeloupe, de la Guyane, de la Martinique  \net le La R\u00e9union, et des collectivit\u00e9s de Saint-Barth\u00e9lemy, de Saint-Martin et de Saint-Pierre-et-\nMiquelon ; \nVu  le  d\u00e9cret  du  Pr\u00e9sident  de  la  R\u00e9publique  du  15  mai  2025  portant  nomination  de \nMonsieur Simon BABRE, pr\u00e9fet du Var ;\nVu  l'arr\u00eat\u00e9  pr\u00e9fectoral  n\u00b02025/12/MCI  du  2  juin  2025,  portant  d\u00e9l\u00e9gation  de  signature  \u00e0 \nMonsieur  Lucien  GIUDICELLI,  secr\u00e9taire  g\u00e9n\u00e9ral  de  la  pr\u00e9fecture  du  Var,  sous-pr\u00e9fet  de \nl'arrondissement de Toulon ; \nVu l'arr\u00eat\u00e9 pr\u00e9fectoral n\u00b046/2013 du 31 mai 2013, portant cr\u00e9ation de la communaut\u00e9 de  \ncommunes Provence Verdon ;\nVu les d\u00e9lib\u00e9rations favorables des conseils municipaux des communes de Rians (03/07/2025), \nBarjols  (02/07/2025),  Ginasservis  (12/06/2025),  La  Verdi\u00e8re  (14/06/2025),  Brue-Auriac  \n(27/05/2025), Tavernes (31/07/2025), Varages (23/05/2025), Pontev\u00e8s (24/06/2025), Montmeyan \n(21/05/2025),  Fox-Amphoux  (13/06/2025),  Esparron  (17/07/2025),  Artigues  (05/06/2025)  et \nSaint-Martin-de-Palli\u00e8res (16/05/2025), approuvant la composition du conseil communautaire ; \nConsid\u00e9rant que les conditions de majorit\u00e9 qualifi\u00e9e requises pour l'approbation de l'accord  \nlocal de r\u00e9partition des si\u00e8ges des conseillers communautaires sont remplies ;\nSur proposition de Monsieur le secr\u00e9taire g\u00e9n\u00e9ral de la pr\u00e9fecture du Var, \nPr\u00e9fecture du VAR - 83-2025-09-18-00015 - Arr\u00eat\u00e9 pr\u00e9fectoral n\u00b0196 /2025-BCLI \nportant fixation du nombre de si\u00e8ges et r\u00e9partition des si\u00e8ges entre les communes au sein de la Communaut\u00e9 de Communes\nProvence Verdon (CCPV).\n63\nARR  \u00ca  TE     :  \nArticle 1  er   : A compter du renouvellement g\u00e9n\u00e9ral des conseillers municipaux en mars 2026, la \ncomposition du conseil communautaire de la Communaut\u00e9 de Commune Provence Verdon  \nest fix\u00e9e \u00e0 39 si\u00e8ges, r\u00e9partis comme suit : \nCommune Nombre de si\u00e8ges par commune\nRians 7\nBarjols 5\nSeillons-Source-d'Argens 4\nSaint-Julien 4\nGinasservis 3\nLa Verdi\u00e8re 3\nBrue-Auriac 2\nTavernes 2\nVarages 2\nPontev\u00e8s 2\nMontmeyan 1\nFox-Amphoux 1\nEsparron 1\nArtigues 1\nSaint-Martin-de-Palli\u00e8res 1\nTotal : 39\nArticle 2  : Le secr\u00e9taire g\u00e9n\u00e9ral de la pr\u00e9fecture du Var, le pr\u00e9sident de la communaut\u00e9 de  \ncommunes Provence Verdon, les maires des communes concern\u00e9s sont charg\u00e9s, chacun en ce \nqui  les  concerne,  de  l'ex\u00e9cution  du  pr\u00e9sent  arr\u00eat\u00e9,  qui  sera  publi\u00e9  au  recueil  des  actes \nadministratifs de la pr\u00e9fecture du Var et dont copie sera adress\u00e9e \u00e0 la direction des archives  \nd\u00e9partementales. \nFait \u00e0 Toulon, le 18 septembre 2025\nPour le Pr\u00e9fet et par d\u00e9l\u00e9gation le \nsecr\u00e9taire g\u00e9n\u00e9ral, \nSIGN\u00c9\nLucien GIUDICELLI\nDans un d\u00e9lai de deux mois \u00e0 compter de la date de la notification ou de la publication du pr\u00e9sent arr\u00eat\u00e9, les recours suivants peuvent \u00eatre introduits conform\u00e9ment aux \ndispositions des articles R. 421-1 et suivants du code de justice administrative :\n- un recours gracieux, adress\u00e9 \u00e0 : M. le Pr\u00e9fet du Var \u2013 Bd du 112\u00e8me r\u00e9giment d'infanterie- CS 31209 - 83070 TOULON CEDEX\n- un recours hi\u00e9rarchique, adress\u00e9 au ministre de l'int\u00e9rieur - Place Beauvau - 75800 PARIS\nDans les deux cas, le silence de l'administration vaut rejet implicite au terme d'un d\u00e9lai de deux mois.\nApr\u00e8s un recours gracieux ou hi\u00e9rarchique, le d\u00e9lai du recours contentieux ne court qu'\u00e0 compter du rejet explicite ou implicite de l'un de ces recours.\n- un recours contentieux, en saisissant le Tribunal Administratif de Toulon : 5 rue Racine -BP 40510 - 83 041 TOULON CEDEX 9\nLe tribunal administratif peut \u00eatre saisi par l'application informatique \u00ab T\u00e9l\u00e9recours citoyens \u00bb accessible par le site internet \u00ab www.telerecours.fr \u00bb\nPr\u00e9fecture du VAR - 83-2025-09-18-00015 - Arr\u00eat\u00e9 pr\u00e9fectoral n\u00b0196 /2025-BCLI \nportant fixation du nombre de si\u00e8ges et r\u00e9partition des si\u00e8ges entre les communes au sein de la Communaut\u00e9 de Communes\nProvence Verdon (CCPV).\n64\nPr\u00e9fecture du VAR\n83-2025-09-18-00016\nArr\u00eat\u00e9 pr\u00e9fectoral n\u00b0197 /2025-BCLI \nportant fixation du nombre de si\u00e8ges et\nr\u00e9partition des si\u00e8ges entre les communes au\nsein de la Communaut\u00e9 de Communes de la\nVall\u00e9e du Gapeau (CCVG).\nPr\u00e9fecture du VAR - 83-2025-09-18-00016 - Arr\u00eat\u00e9 pr\u00e9fectoral n\u00b0197 /2025-BCLI \nportant fixation du nombre de si\u00e8ges et r\u00e9partition des si\u00e8ges entre les communes au sein de la Communaut\u00e9 de Communes de la\nVall\u00e9e du Gapeau (CCVG).\n65\n=mPREFETDU VARLibert\u00e9Egalit\u00e9Fraternit\u00e9\n Direction de la citoyennet\u00e9 et de la l\u00e9galit\u00e9\nBureau du contr\u00f4le de l\u00e9galit\u00e9 et de l'intercommunalit\u00e9\nARR\u00caT\u00c9 PR\u00c9FECTORAL n\u00b0197 /2025-BCLI \nportant fixation du nombre de si\u00e8ges et r\u00e9partition des si\u00e8ges entre les communes au sein de \nla Communaut\u00e9 de Communes de la Vall\u00e9e du Gapeau (CCVG).\nVu le Code g\u00e9n\u00e9ral des collectivit\u00e9s territoriales (CGCT), et notamment son article L.5211-6-1 ;\nVu le Code \u00e9lectoral et notamment son article L.273-1 ;\nVu  la  loi  n\u00b02010-1563  du  16  d\u00e9cembre  2010  de  r\u00e9forme  des  collectivit\u00e9s  territoriales \nmodifi\u00e9es notamment son article 9 ;\nVu la loi n\u00b02015-264 du 9 mars 2015 autorisant l'accord local de r\u00e9partition des si\u00e8ges de  \nconseiller communautaire ;\nVu le d\u00e9cret n\u00b02024-1276 du 31 d\u00e9cembre 2024 authentifiant les chiffres des populations de la \nm\u00e9tropole, des d\u00e9partements d'outre-mer de la Guadeloupe, de la Guyane, de la Martinique  \net le La R\u00e9union, et des collectivit\u00e9s de Saint-Barth\u00e9lemy, de Saint-Martin et de Saint-Pierre-et-\nMiquelon ; \nVu  le  d\u00e9cret  du  Pr\u00e9sident  de  la  R\u00e9publique  du  15  mai  2025  portant  nomination  de \nMonsieur Simon BABRE, pr\u00e9fet du Var ;\nVu  l'arr\u00eat\u00e9  pr\u00e9fectoral  n\u00b02025/12/MCI  du  2  juin  2025,  portant  d\u00e9l\u00e9gation  de  signature  \u00e0 \nMonsieur  Lucien  GIUDICELLI,  secr\u00e9taire  g\u00e9n\u00e9ral  de  la  pr\u00e9fecture  du  Var,  sous-pr\u00e9fet  de \nl'arrondissement de Toulon ; \nVu  l'arr\u00eat\u00e9  pr\u00e9fectoral  du  15  d\u00e9cembre  1995,  portant  cr\u00e9ation  de  la  communaut\u00e9  de \ncommunes de la Vall\u00e9e du Gapeau ;\nVu  les  d\u00e9lib\u00e9rations  favorables  des  conseils  municipaux  des  communes  de  Solli\u00e8s-Pont \n(22/05/2025), La Farl\u00e8de (23/06/2025), Solli\u00e8s-Toucas (23/06/2025) et Belgentier (30/06/2025) , \napprouvant la composition du conseil communautaire ; \nConsid\u00e9rant que les conditions de majorit\u00e9 qualifi\u00e9e requises pour l'approbation de l'accord  \nlocal de r\u00e9partition des si\u00e8ges des conseillers communautaires sont remplies ; \nSur proposition de Monsieur le secr\u00e9taire g\u00e9n\u00e9ral de la pr\u00e9fecture du Var, \nPr\u00e9fecture du VAR - 83-2025-09-18-00016 - Arr\u00eat\u00e9 pr\u00e9fectoral n\u00b0197 /2025-BCLI \nportant fixation du nombre de si\u00e8ges et r\u00e9partition des si\u00e8ges entre les communes au sein de la Communaut\u00e9 de Communes de la\nVall\u00e9e du Gapeau (CCVG).\n66\nARR  \u00ca  TE     :  \nArticle 1  er   : A compter du renouvellement g\u00e9n\u00e9ral des conseillers municipaux en mars 2026, la \ncomposition du conseil communautaire de la Communaut\u00e9 de Commune de la Vall\u00e9e du  \nGapeau est fix\u00e9e \u00e0 37 si\u00e8ges, r\u00e9partis comme suit : \nCommune Nombre de si\u00e8ges par commune\nSolli\u00e8s-Pont 13\nLa Farl\u00e8de 11\nSolli\u00e8s-Toucas 7\nSolli\u00e8s-Ville 3\nBelgentier 3\nTotal : 37\nArticle 2  : Le secr\u00e9taire g\u00e9n\u00e9ral de la pr\u00e9fecture du Var, le pr\u00e9sident de la communaut\u00e9 de  \ncommunes de la Vall\u00e9e du Gapeau, les maires des communes concern\u00e9s sont charg\u00e9s, chacun \nen ce qui les concerne, de l'ex\u00e9cution du pr\u00e9sent arr\u00eat\u00e9, qui sera publi\u00e9 au recueil des actes  \nadministratifs de la pr\u00e9fecture du Var et dont copie sera adress\u00e9e \u00e0 la direction des archives  \nd\u00e9partementales. \nFait \u00e0 Toulon, le 18 septembre 2025\nPour le Pr\u00e9fet et par d\u00e9l\u00e9gation le \nsecr\u00e9taire g\u00e9n\u00e9ral, \nSIGN\u00c9\nLucien GIUDICELLI\nDans un d\u00e9lai de deux mois \u00e0 compter de la date de la notification ou de la publication du pr\u00e9sent arr\u00eat\u00e9, les recours suivants peuvent \u00eatre introduits conform\u00e9ment aux \ndispositions des articles R. 421-1 et suivants du code de justice administrative :\n- un recours gracieux, adress\u00e9 \u00e0 : M. le Pr\u00e9fet du Var \u2013 Bd du 112\u00e8me r\u00e9giment d'infanterie- CS 31209 - 83070 TOULON CEDEX\n- un recours hi\u00e9rarchique, adress\u00e9 au ministre de l'int\u00e9rieur - Place Beauvau - 75800 PARIS\nDans les deux cas, le silence de l'administration vaut rejet implicite au terme d'un d\u00e9lai de deux mois.\nApr\u00e8s un recours gracieux ou hi\u00e9rarchique, le d\u00e9lai du recours contentieux ne court qu'\u00e0 compter du rejet explicite ou implicite de l'un de ces recours.\n- un recours contentieux, en saisissant le Tribunal Administratif de Toulon : 5 rue Racine -BP 40510 - 83 041 TOULON CEDEX 9\nLe tribunal administratif peut \u00eatre saisi par l'application informatique \u00ab T\u00e9l\u00e9recours citoyens \u00bb accessible par le site internet \u00ab www.telerecours.fr \u00bb\nPr\u00e9fecture du VAR - 83-2025-09-18-00016 - Arr\u00eat\u00e9 pr\u00e9fectoral n\u00b0197 /2025-BCLI \nportant fixation du nombre de si\u00e8ges et r\u00e9partition des si\u00e8ges entre les communes au sein de la Communaut\u00e9 de Communes de la\nVall\u00e9e du Gapeau (CCVG).\n67","date":"2025-09-22","first_seen_on":"2025-09-22T14:35:29+00:00","id":"eff733df35ff89702dfdee061392f363c4f481d6ba27e665fb8d28cdaad78ab7","name":"RAA N\u00b0 318 du 22 septembre 2025","pdf_creation_date":"2025-09-22T14:08:16+00:00","pdf_modification_date":null,"timezone":"Europe/Paris","url":"https://www.var.gouv.fr/contenu/telechargement/42821/280150/file/RAA%20N%C2%B0%20318%20du%2022%20septembre%202025%20Non%20nominatif.pdf"}
