{"administration":"pref92","administration_name":"Pr\u00e9fecture des Hauts-de-Seine","content":"=mPREFET SECRETARIAT GENERAL AUXDES HAUTS-DE-SEINE AFFAIRES DEPARTEMENTALESLibert\u00e9\u00c9galit\u00e9Fraternit\u00e9\nArr\u00eat\u00e9 pr\u00e9fectoral n\u00b0 2025 - 04 en date du 05 f\u00e9vrier 2025 portantnomination au sein du comit\u00e9 d\u00e9partemental pour l'emploi\nLe Pr\u00e9fet des Hauts-de-Seine,\nVu le code des relations entre le public et l'administration, notamment son article L. 411-2 ;Vu le code du travail, notamment ses articles L. 5311-10, R. 5311-23, R. 5311-24 et R. 5311-36 ;Vu l'arr\u00eat\u00e9 pr\u00e9fectoral n\u00b0 2025 - 03 portant composition et r\u00e9partition des voix au sein ducomit\u00e9 d\u00e9partemental pour l'emploi,Vu le d\u00e9cret du 31 octobre 2024 portant nomination de Monsieur Alexandre BRUG\u00c8RE enqualit\u00e9 de Pr\u00e9fet des Hauts-de-Seine ;\nSur proposition du Secr\u00e9taire G\u00e9n\u00e9ral de la pr\u00e9fecture des Hauts-de-Seine\n- ARR\u00caTEArticle 1\u00b0\nSont nomm\u00e9s membres du comit\u00e9 d\u00e9partemental pour l'emploi :\n1\u00b0) En qualit\u00e9 de repr\u00e9sentants de l'Etat :\ne La Pr\u00e9f\u00e8te D\u00e9l\u00e9gu\u00e9e \u00e0 l'\u00e9galit\u00e9 des chances, ou son repr\u00e9sentant ;e La Sous-Pr\u00e9f\u00e8te en charge du d\u00e9veloppement \u00e9conomique et de l'emploi, ou sonrepr\u00e9sentant ;e Le Sous-Pr\u00e9fet d'arrondissement Boulogne-Antony, ou son repr\u00e9sentant ;e La Directrice de l'Unit\u00e9 D\u00e9partementale de la DRIEETS, ou son repr\u00e9sentant ;e La Directrice de l'Unit\u00e9 D\u00e9partementale de la DRIHL, ou son repr\u00e9sentant ;e Le repr\u00e9sentant de la Direction des Services D\u00e9partementaux de l'EducationNationale, ou son repr\u00e9sentant ;e Le repr\u00e9sentant de la D\u00e9l\u00e9gation D\u00e9partementale de l'Agence R\u00e9gionale de laSant\u00e9 ou son repr\u00e9sentant ;e Le D\u00e9l\u00e9gu\u00e9 D\u00e9partemental aux Droits des Femmes ;\n\n2\u00b0) En qualit\u00e9 de repr\u00e9sentants des collectivit\u00e9s territoriales :a) Sur proposition de la Pr\u00e9sidente du conseil r\u00e9gional :en attente de d\u00e9signationb) Sur proposition du Pr\u00e9sident du conseil d\u00e9partemental :\ne Madame Armelle Tilly, Vice-Pr\u00e9sidente du D\u00e9partement des Hauts-de-Seine,titulaire ;e Monsieur Ludovic Guilcher, Conseiller du D\u00e9partement des Hauts-de-Seine,suppl\u00e9ant ;e Madame Marie-Pierre Limoge, Vice-Pr\u00e9sidente du D\u00e9partement des Hauts-de-Seine, titulaire ;e Monsieur. Xabi Elizagoyen, Conseiller du D\u00e9partement des Hauts-de-Seine,suppl\u00e9ant ;e Monsieur Denis Larghero, Vice-Pr\u00e9sident du D\u00e9partement des Hauts-de-Seine,titulaire ;e Madame Alice Le Moal, Conseill\u00e8re du D\u00e9partement des Hauts-de-Seine,suppl\u00e9ante ; :c) Sur proposition de l'association d\u00e9partementale des maires du d\u00e9partement et des\u00c9tablissements publics territoriaux :e Monsieur Patrice Leclerc, Maire de Gennevilliers, Vice-Pr\u00e9sident de BOUCLE NORDSEINE, titulaire ;e Suppl\u00e9ant en attente de d\u00e9signation;e Monsieur Rapha\u00ebl ADAM, Maire de Nanterre et Vice-Pr\u00e9sident de PARIS OUEST LADEFENSE, titulaire ;e Madame Ariane GELL\u00c9, Adjointe au maire de Neuilly, Conseill\u00e8re territoriale dePARIS OUEST LA DEFENSE, suppl\u00e9ante ;e Madame Sandy Vetillart, Adjointe au Maire de Boulogne-Billancourt, \u00e9lueterritoriale de GRAND PARIS SEINE OUEST, titulaire ;e Monsieur Denis Larghero, Maire de Meudon et Vice-Pr\u00e9sident de GRAND PARISSEINE OUEST, suppl\u00e9ant ;e Monsieur Elie de Saint Jores, adjoint au Maire de Chatenay-Malabry, ConseillerTerritorial de VALLEE SUD GRAND PARIS, titulaire ;e Suppl\u00e9ant en attente de d\u00e9signation ;3\u00b0) En qualit\u00e9 de repr\u00e9sentants des organisations syndicales repr\u00e9sentatives au niveaunational et interprofessionnel :\na) Sur proposition de la Conf\u00e9d\u00e9ration Fran\u00e7aise D\u00e9mocratique du Travail (CFDT) :\ne Monsieur Mourad Aoudj, titulaire ;\n.b) Sur proposition de la Conf\u00e9d\u00e9ration G\u00e9n\u00e9rale du Travail (CGT) :e Monsieur Samuel SERRE, titulaire ;e Monsieur Didier SABALOT, suppl\u00e9ant ;c) Sur proposition de la Conf\u00e9d\u00e9ration G\u00e9n\u00e9rale du Travail Force Ouvri\u00e9re (CGT-FO) :e Monsieur Samuel Serre, Co-secr\u00e9taire acad\u00e9mique, titulaire ;e Monsieur Didier Sabalot, suppl\u00e9ant ;\n\nd) Sur proposition de la Conf\u00e9d\u00e9ration Fran\u00e7aise de l'Encadrement - Conf\u00e9d\u00e9ration G\u00e9n\u00e9raledes Cadres (CFE-CGC) :\nEn attente de d\u00e9signation\ne) Sur proposition de la Conf\u00e9d\u00e9ration Fran\u00e7aise des Travailleurs Chr\u00e9tiens (CFTC) :e Madame Fabienne Picon, titulaire ;e Monsieur Fran\u00e7ois Papon, suppl\u00e9ant ;4\u00b0) En qualit\u00e9 de repr\u00e9sentants des organisations professionnelles d'employeursrepr\u00e9sentatives au niveau national et interprofessionnel :a) Sur proposition du Mouvement Des Employeurs De France (MEDEF) :e Madame Inna BARDET, Charg\u00e9e de mission emploi formation, titulaire ;e Madame Marie Pierre HURE, Secr\u00e9taire G\u00e9n\u00e9rale, suppl\u00e9ante ;b) Sur proposition de la Conf\u00e9d\u00e9ration des Petites et Moyennes Entreprises (CPME) :e Monsieur Bertrand CASTAGNE, titulaire (pas de suppl\u00e9ant d\u00e9sign\u00e9) ;c) Sur proposition de l'Union des Entreprises de Proximit\u00e9 (U2P) :e Monsieur Franck Thomasse, titulaire ;e Madame Dominique BISSON, suppl\u00e9ante ;5\u00b0) En qualit\u00e9 de repr\u00e9sentants des organisations professionnelles d'employeursrepr\u00e9sentatives au niveau national et multi professionnelles :\na) Sur proposition de la F\u00e9d\u00e9ration des Entreprises du Spectacle Vivant, de la Musique, del'Audiovisuel et du Cin\u00e9ma (FESAC) :\nEn attente de d\u00e9signationb) Sur proposition de la F\u00e9d\u00e9ration D\u00e9partementale des Syndicats d'Exploitants Agricoles(FDSEA) :\nPas de repr\u00e9sentant d\u00e9sign\u00e9\nc) Sur proposition de l'Union des Employeurs de l'Economie Sociale et Solidaire (UDES) :\ne Madame Catherine DECAUX, titulaire (pas de suppl\u00e9ant d\u00e9sign\u00e9) ;6\u00b0) Le directeur D\u00e9partemental de l'op\u00e9rateur France Travail ou son repr\u00e9sentant,7\u00b0) Sur proposition des missions locales du d\u00e9partement, apr\u00e8s consultation du Pr\u00e9sident del'Association R\u00e9gionale des Missions Locales, un repr\u00e9sentant des missions locales dud\u00e9partement :\ne Monsieur Loic PERON, Pr\u00e9sident de la Mission locale de Clichy, titulaire ; |e Monsieur Thierry DENOIS, Pr\u00e9sident d\u00e9l\u00e9gu\u00e9 de la MEF de Nanterre, suppl\u00e9ant ;\n\n8\u00b0) Sur proposition de l'organisme de placement sp\u00e9cialis\u00e9 dans l'insertion professionnelledes personne en situation de handicap du d\u00e9partement :e Monsieur Alain Frouard, Pr\u00e9sident, titulaire;e Monsieur Thierry Martin, Directeur, suppl\u00e9ant.\nArticle 2\nChacun des membres \u00e9voqu\u00e9s supra sont nomm\u00e9s pour trois ans renouvelables.Toute vacance ou perte de la qualit\u00e9 au titre de laquelle les membres ont \u00e9t\u00e9 d\u00e9sign\u00e9s donnelieu \u00e0 une nouvelle d\u00e9signation pour la dur\u00e9e du mandat restant \u00e0 courir.\nArticle 3\nLe pr\u00e9sent arr\u00eat\u00e9 peut faire l'objet d'un recours contentieux aupr\u00e8s du Tribunal administratifde Cergy Pontoise dans un d\u00e9lai de deux mois \u00e0 compter de sa publication.Il peut \u00e9galement, dans le m\u00eame d\u00e9lai, faire l'objet d'un recours gracieux aupr\u00e8s du pr\u00e9fetdes Hauts de Seine et d'un recours-hi\u00e9rarchique aupr\u00e8s du ministre charg\u00e9 de l'emploi.Le recours gracieux ou/et hi\u00e9rarchique prolonge le d\u00e9lai de recours contentieux qui doit alors\u00eatre introduit dans les deux mois suivant la d\u00e9cision implicite ou explicite de l'autorit\u00e9comp\u00e9tente, le silence de l'administration pendant un d\u00e9lai de deux mois valant d\u00e9cisionimplicite de rejet. Article 4\nLe Secr\u00e9taire G\u00e9n\u00e9ral de la pr\u00e9fecture, la Sous-pr\u00e9f\u00e8te en charge du D\u00e9veloppement\u00c9conomique et de l'Emploi, la Directrice R\u00e9gionale et Interd\u00e9partementale de l'\u00c9conomie, del'Emploi et des Solidarit\u00e9s adjointe, Directrice de l'Unit\u00e9 D\u00e9partementale, sont charg\u00e9schacun en ce qui les concerne, de l'ex\u00e9cution du pr\u00e9sent arr\u00eat\u00e9 qui sera publi\u00e9 au recueil desactes administratifs de la pr\u00e9fecture des Hauts de Seine.\nFait \u00e0 Nanterre, le 0 7 FEV. 2025\nAlexandre BRUGERE","date":"2025-02-07","first_seen_on":"2025-02-07T17:43:20+00:00","id":"f007aeffbfc7d6ad411766dafb77734a5ed766669b84bffcb40bdb632ed7e015","name":"Arr\u00eat\u00e9_2025-04_nomination_CDPE_7f\u00e9vrier2025","pdf_creation_date":"2025-02-07T10:23:43+00:00","pdf_modification_date":null,"timezone":"CET","url":"https://www.hauts-de-seine.gouv.fr/contenu/telechargement/26310/184141/file/Arr%C3%AAt%C3%A9_2025-04_nomination_CDPE_7f%C3%A9vrier2025.pdf"}
