{"administration":"pref50","administration_name":"Pr\u00e9fecture de la Manche","content":"MANCHE\nRECUEIL DES ACTES\nADMINISTRATIFS SP\u00c9CIAL\nN\u00b050-2025-033\nPUBLI\u00c9 LE  8 JUILLET 2025\nSommaire\nDirection d\u00e9partementale de la protection des populations /\n50-2025-07-03-00004 - Arr\u00eat\u00e9 pr\u00e9fectoral N \u00b0DDPP/2025-088 du 3\njuillet 2025 relatif aux distances d'implantation des ruches d'abeilles\npeupl\u00e9es (2 pages) Page 3\nPr\u00e9fecture de la Manche /\n50-2025-07-08-00004 -  Arr\u00eat\u00e9 pr\u00e9fectoral interdisant la circulation de\ntout v\u00e9hicule de mat\u00e9riel de diffusion de musique (3 pages) Page 6\n50-2025-07-08-00001 -  Arr\u00eat\u00e9 r\u00e9glementant temporairement la\ndistribution et la vente de carburants (3 pages) Page 10\n50-2025-07-08-00002 - Arr\u00eat\u00e9 portant des mesures provisoires relatives\n\u00e0 l'achat, la vente, la cession, l'utilisation,\nle port et le transport\nd'artifices de divertissement et d'articles pyrotechniques (3 pages) Page 14\n50-2025-07-08-00003 - Arr\u00eat\u00e9 portant interdiction temporaire des\nrassemblements festifs \u00e0 caract\u00e8re musical (3 pages) Page 18\n2\nDirection d\u00e9partementale de la protection des\npopulations\n50-2025-07-03-00004\nArr\u00eat\u00e9 pr\u00e9fectoral N \u00b0DDPP/2025-088 du 3 juillet\n2025 relatif aux distances d'implantation des\nruches d'abeilles peupl\u00e9es\nDirection d\u00e9partementale de la protection des populations - 50-2025-07-03-00004 - Arr\u00eat\u00e9 pr\u00e9fectoral N \u00b0DDPP/2025-088 du 3 juillet\n2025 relatif aux distances d'implantation des ruches d'abeilles peupl\u00e9es 3\nPREFETDE LA MANCHEL'iberte'Egalit\u00e9Fraternit\u00e9\nDirection d\u00e9partementale de \nla protection des populations\nService sant\u00e9 et protection animales \nArr\u00eat\u00e9 pr\u00e9fectoral N \u00b0DDPP/2025-088 du 3 juillet 2025\nrelatif aux distances d'implantation des ruches d'abeilles peupl\u00e9es\nLe pr\u00e9fet de la Manche,\nChevalier de la L\u00e9gion d'honneur\nChevalier de l'ordre national du M\u00e9rite\nVU le code rural et de la p\u00eache maritime, notamment ses articles L211-6, L211-7 et R211-2 ;\nVU l'arr\u00eat\u00e9  minist\u00e9riel  du 11 ao\u00fbt 1980  relatif  au  dispositif sanitaire de lutte  contre les   \n       maladies des abeilles, modifi\u00e9 en dernier lieu par l'arr\u00eat\u00e9 du 23 d\u00e9cembre 2009 ;\nVU l'arr\u00eat\u00e9 pr\u00e9fectoral du 30 octobre 1984 d\u00e9terminant la distance \u00e0 observer entre les \n       ruches d'abeilles et les habitations voisines ;\nVU l'avis du Conseil d\u00e9partemental en sa d\u00e9lib\u00e9ration du 28 septembre 1984 ;\nVU le d\u00e9cret du 13 juillet 2023 portant nomination de M. Xavier BRUNETIERE en qualit\u00e9 de \n       pr\u00e9fet de la Manche ;\nVU l 'arr\u00eat\u00e9 pr\u00e9fectoral n\u00b0 2024-11-VN en date du 8 avril 2024 donnant d\u00e9l\u00e9gation de  \n   signature  \u00e0  M.  Pol  KERMORGANT,  directeur  d\u00e9partemental  de  la  protection  des  \n       populations ; \nCONSID\u00c9RANT la n\u00e9cessit\u00e9 d'observer une distance suffisante entre l'emplacement des\nruches peupl\u00e9es et les voies publiques, les \u00e9tablissements publics et les propri\u00e9t\u00e9s voisines\nafin de garantir la s\u00e9curit\u00e9 des personnes ;\nSUR proposition du directeur d\u00e9partemental de la protection des populations ;\nARR\u00caTE\nArticle 1  er     :  \nLes ruches d'abeilles peupl\u00e9es ne doivent pas \u00eatre plac\u00e9es \u00e0 moins de :\n\u2022 10 m\u00e8tres des propri\u00e9t\u00e9s voisines,\n\u2022 20 m\u00e8tres de la voie publique,\n\u2022 50 m\u00e8tres des axes routiers o\u00f9 la vitesse de circulation est sup\u00e9rieure \u00e0 80 km/h et\ndes habitations priv\u00e9es,\nDirection d\u00e9partementale de la protection des populations - 50-2025-07-03-00004 - Arr\u00eat\u00e9 pr\u00e9fectoral N \u00b0DDPP/2025-088 du 3 juillet\n2025 relatif aux distances d'implantation des ruches d'abeilles peupl\u00e9es 4\n\u2022 100 m\u00e8tres si les propri\u00e9t\u00e9s voisines sont des \u00e9tablissements \u00e0 caract\u00e8re collectif\n(h\u00f4pitaux, \u00e9coles, campings, casernes, etc.), des terrains de sport ou de jeux ou des\nparkings publics.\nDans le cas o\u00f9 les propri\u00e9t\u00e9s voisines sont des bois, landes, friches ou parcelles non b\u00e2ties,\naucune distance minimale n'est exig\u00e9e. Dans tous les cas, les ruchers sont install\u00e9s sous\nr\u00e9serve de l'accord du propri\u00e9taire des terrains concern\u00e9s.\nArticle 2 :\nConform\u00e9ment aux dispositions des articles L. 211-7 et R. 211-2 du code rural et de la\np\u00eache maritime, ne sont assujetties \u00e0 aucune prescription de distance, les ruches isol\u00e9es\ndes propri\u00e9t\u00e9s voisines ou des chemins publics par un mur, une palissade et planches\njointes, une haie vive ou s\u00e8che, sans solution de continuit\u00e9.\nCes cl\u00f4tures doivent avoir une hauteur minimale de deux m\u00e8tres au-dessus du niveau du\nsol et s'\u00e9tendre sur au moins deux m\u00e8tres de chaque c\u00f4t\u00e9 de la ruche.\nArticle 3 : \nConform\u00e9ment \u00e0 la r\u00e9glementation en vigueur, tout rucher doit \u00eatre immatricul\u00e9 et une\nd\u00e9claration annuelle des emplacements doit \u00eatre r\u00e9alis\u00e9e par le d\u00e9tenteur en p\u00e9riode\nobligatoire. \nArticle 4 : \nToutes  dispositions  ant\u00e9rieures  au  pr\u00e9sent  arr\u00eat\u00e9,  et  notamment  l'arr\u00eat\u00e9  pr\u00e9fectoral  \nn\u00b084-45 du 30 octobre 1984 susvis\u00e9, sont abrog\u00e9es.\nArticle 5 :\nLa  secr\u00e9taire  g\u00e9n\u00e9rale  de  la  pr\u00e9fecture  de  la  Manche,  les  sous-pr\u00e9fets,  le  directeur\nd\u00e9partemental de la protection des populations, les maires, et tous les agents des forces\nde police sont charg\u00e9s, chacun en ce qui les concerne, de l'ex\u00e9cution du pr\u00e9sent arr\u00eat\u00e9,\nqui sera publi\u00e9 au recueil des actes administratifs.\n                                                                              Saint-L\u00f4, le 3 juillet 2025\nPour le pr\u00e9fet et par d\u00e9l\u00e9gation,\nLe directeur d\u00e9partemental de la protection des\npopulations\nPol KERMORGANT\nDirection d\u00e9partementale de la protection des populations - 50-2025-07-03-00004 - Arr\u00eat\u00e9 pr\u00e9fectoral N \u00b0DDPP/2025-088 du 3 juillet\n2025 relatif aux distances d'implantation des ruches d'abeilles peupl\u00e9es 5\nPr\u00e9fecture de la Manche\n50-2025-07-08-00004\n Arr\u00eat\u00e9 pr\u00e9fectoral interdisant la circulation de\ntout v\u00e9hicule de mat\u00e9riel de diffusion de\nmusique\nPr\u00e9fecture de la Manche - 50-2025-07-08-00004 -  Arr\u00eat\u00e9 pr\u00e9fectoral interdisant la circulation de tout v\u00e9hicule de mat\u00e9riel de diffusion\nde musique 6\nExPREFETDE LA MANCHEijerte'Egalit\u00e9Fraternit\u00e9\nCabinet\nDirection des s\u00e9curit\u00e9s\nBureau de la s\u00e9curit\u00e9 et de la r\u00e9glementation\nA R R E T E  \u00a0  \nportant interdiction temporaire de circulation de tout v\u00e9hicule transportant \ndu mat\u00e9riel de diffusion de musique amplifi\u00e9e \u00e0 destination d'un rassemblement festif \u00e0 \ncaract\u00e8re musical non autoris\u00e9 dans le d\u00e9partement de la Manche\nLE PR\u00c9FET DE LA MANCHE\nChevalier de la L\u00e9gion d'honneur\nChevalier de l'ordre national du M\u00e9rite\nVu le Code g\u00e9n\u00e9ral des collectivit\u00e9s territoriales, notamment ses articles L 2212-2, L. 2215-1 et L. \n2214-4\u00a0;\nVu le Code de la s\u00e9curit\u00e9 int\u00e9rieure notamment ses articles L 211-5 \u00e0 L 211-8, L 211-15, R 211-2 \u00e0 R \n211-9 et R 211-27 \u00e0 R 211-30\u00a0;\nVu  le d\u00e9cret n\u00b0 2002-887 du 3 mai 2002 modifi\u00e9 relatif \u00e0 certains rassemblements festifs \u00e0  \ncaract\u00e8re musical\u00a0;\nVu le  d\u00e9cret  n\u00b0  2004-374  du  29  avril  2004  modifi\u00e9  relatif  aux  pouvoirs  des  pr\u00e9fets,  \u00e0 \nl'organisation et \u00e0 l'action des services de l'\u00c9tat dans les r\u00e9gions et d\u00e9partements\u00a0;\nVu le d\u00e9cret du 13 juillet 2023 portant nomination de M. Xavier BRUNETIERE, pr\u00e9fet de la  \nManche\u00a0;\nVu le  d\u00e9cret  du  22  ao\u00fbt  2023  portant  nomination  de  M.  Jean  RAMPON,  sous-pr\u00e9fet  de \nCherbourg ;\nVu l'arr\u00eat\u00e9 du 02 juillet 2025 donnant d\u00e9l\u00e9gation de signature \u00e0 M. Jean RAMPON, sous-pr\u00e9fet  \ncharg\u00e9 de l'int\u00e9rim du directeur de cabinet\u00a0;\nVu l'urgence\u00a0;\nConsid\u00e9rant  que,  selon  les  informations  dont  disposent  les  services  de  police  et  de \ngendarmerie,  un  rassemblement  festif  \u00e0  caract\u00e8re  musical  de  type  \u00ab\u00a0rave-party\u00a0\u00bb  est \nsusceptible d'\u00eatre organis\u00e9 dans le d\u00e9partement de la Manche pendant la p\u00e9riode du 10 juillet  \n2025 au 15 juillet;\nPr\u00e9fecture de la Manche \u2013 BP 70522 \u2013 50002 SAINT-L\u00d4 \u2013 T\u00e9l.\u00a0: 02.33.75.49.50 \u2013 M\u00e9l.\u00a0: prefecture@manche.gouv.fr\nAccueil du public les lundi, mardi, jeudi et vendredi\u00a0: \n- Bureau des migrations et de l'int\u00e9gration\u00a0: uniquement sur rendez-vous\n- point accueil num\u00e9rique de 8h30 \u00e0 12h30 uniquement sur rendez-vous\nAccueil g\u00e9n\u00e9ral ouvert du lundi au vendredi de 8h30 \u00e0 12h30 et de 14h00 \u00e0 17h00\nPr\u00e9fecture de la Manche - 50-2025-07-08-00004 -  Arr\u00eat\u00e9 pr\u00e9fectoral interdisant la circulation de tout v\u00e9hicule de mat\u00e9riel de diffusion\nde musique 7\nConsid\u00e9rant  les rassemblements festifs \u00e0 caract\u00e8re musical de type \u00ab \u00a0rave-party\u00a0\u00bb non autoris\u00e9s  \nsurvenus dans le d\u00e9partement de la Manche en 2025 \u00e0 Muneville-le-Bingard, en 2023, \u00e0 Saint-\nChristophe-du-Foc, \u00e0 Milli\u00e8res, \u00e0 Urville-Nacqueville, \u00e0 Ger, en 2022 \u00e0 Milli\u00e8res, \u00e0 Jullouville, \u00e0 Ger, \u00e0 \nHambye, \u00e0 Tocqueville, \u00e0 Torigny-les-Villes, \u00e0 Saint-Ovin ;\nConsid\u00e9rant  qu'en  application  de  l'article  L.  211-5  du  Code  de  la  s\u00e9curit\u00e9  int\u00e9rieure,  les \nrassemblements festifs \u00e0 caract\u00e8re musical sont soumis \u00e0 l'obligation de d\u00e9claration pr\u00e9alable  \naupr\u00e8s du pr\u00e9fet de d\u00e9partement\u00a0;\nConsid\u00e9rant  qu'aucune d\u00e9claration pr\u00e9alable n'a \u00e9t\u00e9 d\u00e9pos\u00e9e aupr\u00e8s du pr\u00e9fet de la Manche,  \npr\u00e9cisant  le  nombre  pr\u00e9visible  de  participants  ainsi  que  les  mesures  envisag\u00e9es  par  les \norganisateurs  des  \u00e9v\u00e9nements  \u00e9voqu\u00e9s  au  premier  consid\u00e9rant  pour  garantir  la  s\u00e9curit\u00e9,  la \nsalubrit\u00e9, l'hygi\u00e8ne et la tranquillit\u00e9 publiques, alors m\u00eame que les organisateurs en ont l'obligation \nau plus tard un mois avant la date pr\u00e9vue de la manifestation\u00a0;\nConsid\u00e9rant la n\u00e9cessit\u00e9 de pr\u00e9venir le risque \u00e9lev\u00e9 de troubles \u00e0 l'ordre public\u00a0; que le nombre de \npersonnes attendues dans ce type de rassemblement est \u00e9lev\u00e9 \u00a0; que les moyens appropri\u00e9s en  \nmati\u00e8re de secours aux personnes, ainsi qu'en mati\u00e8re de s\u00e9curit\u00e9 routi\u00e8re ne peuvent \u00eatre r\u00e9unis\u00a0;\nConsid\u00e9rant  l'urgence \u00e0 pr\u00e9venir les risques d'atteinte \u00e0 l'ordre et \u00e0 la tranquillit\u00e9 publics et les  \npouvoirs de police administrative g\u00e9n\u00e9rale que le pr\u00e9fet tient des dispositions de l'article L. 2215-1 \ndu Code g\u00e9n\u00e9ral des collectivit\u00e9s territoriales\u00a0;\nConsid\u00e9rant que le plan Vigipirate est au niveau  \u00ab\u00a0Urgence attentat\u00a0\u00bb sur l'ensemble du territoire  \nnational, attestant d'un niveau de menace \u00e9lev\u00e9 et qu'un rassemblement de ce type pourrait  \nconstituer une opportunit\u00e9 de trouble \u00e0 l'ordre public majeur\u00a0;\nConsid\u00e9rant qu'il appartient \u00e0 l'autorit\u00e9 investie du pouvoir de police administrative de concilier  \nles libert\u00e9s publiques avec les imp\u00e9ratifs d'ordre public\u00a0; que dans ce cadre elle se doit de prendre \nles mesures n\u00e9cessaires, adapt\u00e9es et proportionn\u00e9es de nature \u00e0 pr\u00e9venir tant la commission  \nd'infractions p\u00e9nales que les troubles \u00e0 l'ordre public\u00a0;\nSur proposition du sous-pr\u00e9fet, directeur de cabinet par int\u00e9rim ;\nARR\u00caTE\nArticle 1  er\n  \u00a0: \nLa circulation de tout v\u00e9hicule transportant du mat\u00e9riel de  diffusion de musique amplifi\u00e9e \u00e0  \ndestination  d'un  rassemblement  festif  \u00e0  caract\u00e8re  musical  non  autoris\u00e9  est  interdite  sur \nl'ensemble des r\u00e9seaux routiers du d\u00e9partement de la Manche pendant la p\u00e9riode suivante\u00a0:\ndu jeudi 10 juillet \u00e0 14h00 au mardi 15 juillet 2025 \u00e0 08h00.\n2\nPr\u00e9fecture de la Manche - 50-2025-07-08-00004 -  Arr\u00eat\u00e9 pr\u00e9fectoral interdisant la circulation de tout v\u00e9hicule de mat\u00e9riel de diffusion\nde musique 8\nArticle 2\u00a0: \nToute infraction au pr\u00e9sent arr\u00eat\u00e9 sera constat\u00e9e par proc\u00e8s-verbal dress\u00e9 par les forces de l'ordre.\nArticle 3 :\nLe  sous-pr\u00e9fet,  directeur  de  cabinet  par  int\u00e9rim,  les  sous-pr\u00e9fets  d'arrondissements,  le  \ncommandant  du groupement de gendarmerie d\u00e9partementale, le directeur interd\u00e9partemental  \nde la police nationale et l'ensemble des  maires du d\u00e9partement de la Manche,  sont charg\u00e9s,  \nchacun en ce qui le concerne, de l'ex\u00e9cution du pr\u00e9sent arr\u00eat\u00e9 qui sera publi\u00e9 au recueil des actes  \nadministratifs de la pr\u00e9fecture, et dont une copie sera transmise au procureur de la R\u00e9publique  \nterritorialement comp\u00e9tent.\nSaint-L\u00f4, le 08 juillet 2025\nPour le pr\u00e9fet et par d\u00e9l\u00e9gation\nLe sous-pr\u00e9fet\nSign\u00e9 \nJean RAMPON\nConform\u00e9ment aux dispositions des articles R.421-1 \u00e0 R.421-5 du code de justice administrative, le pr\u00e9sent arr\u00eat\u00e9 peut faire l'objet d'un recours  \ncontentieux devant le tribunal administratif de Caen \u2013 3 Rue Arthur le Duc, 14000 Caen dans un d\u00e9lai de deux mois \u00e0 compter de la date de sa  \nnotification ou de sa publication. Dans ce m\u00eame d\u00e9lai, un recours gracieux peut \u00eatre pr\u00e9sent\u00e9 \u00e0 l'auteur de la d\u00e9cision (ou bien un recours  \nhi\u00e9rarchique devant le minist\u00e8re de l'Int\u00e9rieur). Dans ce cas, le recours contentieux sera introduit dans les deux mois suivant la r\u00e9ponse.\nLe tribunal administratif peut \u00eatre saisi par l'application informatique \u00ab\u00a0T\u00e9l\u00e9recours citoyens\u00a0\u00bb accessible par le site internet www.telerecours.fr.\n3\nPr\u00e9fecture de la Manche - 50-2025-07-08-00004 -  Arr\u00eat\u00e9 pr\u00e9fectoral interdisant la circulation de tout v\u00e9hicule de mat\u00e9riel de diffusion\nde musique 9\nPr\u00e9fecture de la Manche\n50-2025-07-08-00001\n Arr\u00eat\u00e9 r\u00e9glementant temporairement la\ndistribution et la vente de carburants\nPr\u00e9fecture de la Manche - 50-2025-07-08-00001 -  Arr\u00eat\u00e9 r\u00e9glementant temporairement la distribution et la vente de carburants 10\nExPREFETDE LA MANCHEijerte'Egalit\u00e9Fraternit\u00e9\nCabinet\nDirection des s\u00e9curit\u00e9s\nBureau de la s\u00e9curit\u00e9 et de la r\u00e9glementation\nArr\u00eat\u00e9 r\u00e9glementant temporairement la distribution et la vente de carburants \net de produits chimiques, inflammables ou explosifs\nLE PR\u00c9FET DE LA MANCHE\n      Chevalier de la L\u00e9gion d'Honneur\nChevalier de l'Ordre National du M\u00e9rite\nVu le Code de la s\u00e9curit\u00e9 int\u00e9rieure\u00a0;\nVu le Code g\u00e9n\u00e9ral des collectivit\u00e9s territoriales\u00a0;\nVu la loi n\u00b0 82-213 du 2 mars 1982 modifi\u00e9e relative aux droits et libert\u00e9s des communes, des  \nd\u00e9partements et des r\u00e9gions\u00a0;\nVu le  d\u00e9cret  n\u00b02004-374  du  29  avril  2004  modifi\u00e9  relatif  aux  pouvoirs  des  pr\u00e9fets,  \u00e0 \nl'organisation et \u00e0 l'action des services de l'\u00c9tat dans les r\u00e9gions et d\u00e9partements\u00a0;\nVu le d\u00e9cret du 13 juillet 2023 portant nomination de M. Xavier BRUNETIERE, pr\u00e9fet de la  \nManche\u00a0;\nVu le  d\u00e9cret  du  22  ao\u00fbt  2023  portant  nomination  de  M.  Jean  RAMPON,  sous-pr\u00e9fet  de \nCherbourg ;\nVu l'arr\u00eat\u00e9 du 02 juillet 2025 donnant d\u00e9l\u00e9gation de signature \u00e0 M. Jean RAMPON, sous-pr\u00e9fet  \ncharg\u00e9 de l'int\u00e9rim du directeur de cabinet\u00a0;\nCONSIDERANT que le plan Vigipirate a \u00e9t\u00e9 relev\u00e9 au niveau urgence attentat sur l'ensemble du \nterritoire national\u00a0;\nPr\u00e9fecture de la Manche \u2013 BP 70522 \u2013 50002 SAINT-L\u00d4 \u2013 T\u00e9l.\u00a0: 02.33.75.49.50 \u2013 M\u00e9l.\u00a0: prefecture@manche.gouv.fr\nAccueil du public les lundi, mardi, jeudi et vendredi\u00a0: \n- Bureau des migrations et de l'int\u00e9gration\u00a0: uniquement sur rendez-vous\n- point accueil num\u00e9rique de 8h30 \u00e0 12h30 uniquement sur rendez-vous\nAccueil g\u00e9n\u00e9ral ouvert du lundi au vendredi de 8h30 \u00e0 12h30 et de 14h00 \u00e0 17h00\nPr\u00e9fecture de la Manche - 50-2025-07-08-00001 -  Arr\u00eat\u00e9 r\u00e9glementant temporairement la distribution et la vente de carburants 11\nCONSIDERANT la n\u00e9cessit\u00e9 d'assurer, dans un contexte de niveau \u00e9lev\u00e9 de la menace terroriste, la \ns\u00e9curit\u00e9 des personnes et des biens par des mesures adapt\u00e9es \u00e0 la gravit\u00e9 de la menace\u00a0;\nCONSIDERANT que  les  risques  de  troubles  \u00e0  l'ordre  public  sont  particuli\u00e8rement  importants  \u00e0 \nl'occasion des festivit\u00e9s du 14 juillet sur l'ensemble du d\u00e9partement de la Manche\u00a0;\nCONSIDERANT  qu'il  appartient  \u00e0  l'autorit\u00e9  de  police  administrative  de  prendre  les  mesures \nadapt\u00e9es, n\u00e9cessaires et proportionn\u00e9es \u00e0 la pr\u00e9vention des troubles \u00e0 l'ordre public et de nature  \n\u00e0 \u00e9viter que des infractions p\u00e9nales soient commises ; qu'en application de l'article L.2215-1 du  \ncode g\u00e9n\u00e9ral des collectivit\u00e9s territoriales, le pr\u00e9fet est comp\u00e9tent pour prendre les mesures  \napplicables sur le territoire d'une ou plusieurs communes\u00a0;\nCONSIDERANT que l'un des moyens constat\u00e9s pour commettre des incendies ou des tentatives  \nd'incendie  volontaires  consiste  \u00e0  utiliser  des  carburants  et  combustibles\u00a0;  que  la  projection, \nl'utilisation inconsid\u00e9r\u00e9e ou mal intentionn\u00e9e de ces produits, particuli\u00e8rement sur la voie et les  \nbiens publics et sur les lieux de rassemblements, sont de nature \u00e0 entra\u00eener des dangers, des  \naccidents et des atteintes graves aux personnes et aux biens; qu'il est n\u00e9cessaire de pr\u00e9venir les  \nd\u00e9sordres et les mouvements de panique engendr\u00e9s par la projection de ces \u00e9l\u00e9ments dans une  \nfoule ou sur les forces de s\u00e9curit\u00e9 int\u00e9rieure ;\nCONSIDERANT que  toutes  mesures  proportionnelles  doivent  \u00eatre  prises  pour  pr\u00e9venir  toute \natteinte significative \u00e0 l'ordre public et qu'ainsi, il est n\u00e9cessaire d'interdire provisoirement l a \nvente  en  contenant  transportable  de  carburants  et  de  produits  chimiques,  inflammables  ou \nexplosifs\u00a0;\nSUR PROPOSITION du sous-pr\u00e9fet, directeur de cabinet par int\u00e9rim ; \nARR\u00caTE\nArticle 1  er\n   : L'acquisition par des particuliers de carburants, de produits chimiques, inflammables  \nou explosifs, sous forme solide, liquide ou gazeuse, \u00e0 emporter en contenant transportable, \u00e0  \nl'exception des bouteilles de gaz et du carburant \u00e0 usage domestique, sont interdits dans le  \nd\u00e9partement de la Manche , sur la p\u00e9riode  du j eudi 10 juillet \u00e0 14h00  au mardi 15 juillet  2025 \u00e0  \n08h00.\nArticle 2  \u00a0  :   \nEn application de l'article R. 610-5 du code p\u00e9nal, la violation des interdictions \u00e9dict\u00e9es par le  \npr\u00e9sent arr\u00eat\u00e9 est punie de l'amende pr\u00e9vue pour les contraventions de la premi\u00e8re classe. \n2\nPr\u00e9fecture de la Manche - 50-2025-07-08-00001 -  Arr\u00eat\u00e9 r\u00e9glementant temporairement la distribution et la vente de carburants 12\nArticle 3 \u00a0: Le sous-pr\u00e9fet, directeur de cabinet par int\u00e9rim,  les sous-pr\u00e9fets d'arrondissements, le  \ncolonel  commandant  le  groupement  de  la  gendarmerie  d\u00e9partementale  de  la  Manche,  le \ndirecteur interd\u00e9partemental de la police nationale de la Manche et les maires du d\u00e9partement  \nde la Manche, sont charg\u00e9s, chacun en ce qui le concerne, de l'ex\u00e9cution du pr\u00e9sent arr\u00eat\u00e9 publi\u00e9  \nau recueil des actes administratifs de la pr\u00e9fecture et dont une copie sera transmise au procureur de \nla R\u00e9publique pr\u00e8s le tribunal judiciaire de Cherbourg et au procureur de la R\u00e9publique pr\u00e8s le tribunal  \njudiciaire de Coutances.\nSaint-L\u00f4, le 08 juillet 2025\nPour le pr\u00e9fet et par d\u00e9l\u00e9gation\nLe sous-pr\u00e9fet\nSign\u00e9\nJean RAMPON\nConform\u00e9ment aux dispositions des articles R.421-1 \u00e0 R.421-5 du code de justice administrative, le pr\u00e9sent arr\u00eat\u00e9 peut faire l'objet \nd'un recours contentieux devant le tribunal administratif de Caen \u2013 3 Rue Arthur le Duc, 14000 Caen dans un d\u00e9lai de deux mois  \n\u00e0 compter de la date de sa notification ou de sa publication. Dans ce m\u00eame d\u00e9lai, un recours gracieux peut \u00eatre pr\u00e9sent\u00e9 \u00e0  \nl'auteur de la d\u00e9cision (ou bien un recours hi\u00e9rarchique devant le minist\u00e8re de l'Int\u00e9rieur). Dans ce cas, le recours contentieux sera \nintroduit dans les deux mois suivant la r\u00e9ponse.\nLe tribunal administratif peut \u00eatre saisi par l'application informatique \u00ab \u00a0T\u00e9l\u00e9recours citoyens\u00a0\u00bb accessible par le site internet  \nwww.telerecours.fr. \n3\nPr\u00e9fecture de la Manche - 50-2025-07-08-00001 -  Arr\u00eat\u00e9 r\u00e9glementant temporairement la distribution et la vente de carburants 13\nPr\u00e9fecture de la Manche\n50-2025-07-08-00002\nArr\u00eat\u00e9 portant des mesures provisoires relatives\n\u00e0 l'achat, la vente, la cession, l'utilisation,\nle port et le transport d'artifices de\ndivertissement et d'articles pyrotechniques\nPr\u00e9fecture de la Manche - 50-2025-07-08-00002 - Arr\u00eat\u00e9 portant des mesures provisoires relatives \u00e0 l'achat, la vente, la cession,\nl'utilisation,\nle port et le transport d'artifices de divertissement et d'articles pyrotechniques\n14\nExPREFETDE LA MANCHEijerte'Egalit\u00e9Fraternit\u00e9\nCabinet\nDirection des s\u00e9curit\u00e9s\nBureau de la s\u00e9curit\u00e9 et de la r\u00e9glementation\nArr\u00eat\u00e9 portant des mesures provisoires relatives \u00e0 l'achat, la vente, la cession, l'utilisation,\nle port et le transport d'artifices de divertissement et d'articles pyrotechniques\nLE PR\u00c9FET DE LA MANCHE\n      Chevalier de la L\u00e9gion d'Honneur\nChevalier de l'Ordre National du M\u00e9rite\nVU  la directive 2013/29/UE du Parlement europ\u00e9en et du Conseil du 12 juin 2013 relative \u00e0  \nl'harmonisation des l\u00e9gislations des \u00c9tats membres concernant la mise \u00e0 disposition sur le  \nmarch\u00e9 d'articles pyrotechniques\u00a0;\nVU la directive 2014/28/UE du Parlement europ\u00e9en et du Conseil du 26 f\u00e9vrier 2014 relative \u00e0  \nl'harmonisation des l\u00e9gislations des \u00c9tats membres concernant la mise \u00e0 disposition sur le  \nmarch\u00e9 et le contr\u00f4le des explosifs \u00e0 usage civil\u00a0;\nVU le code p\u00e9nal, notamment ses articles 222-14-1 et 222-15-1\u00a0;\nVU le code de la d\u00e9fense, notamment ses articles L.2352-1 et suivants, R.2352-1, R2352-89 et  \nsuivants et R.2352-97 et suivants\u00a0;\nVU le code de l'environnement, notamment ses articles R.557-6-1 et suivants\u00a0:\nVU le code g\u00e9n\u00e9ral des collectivit\u00e9s territoriales, notamment ses articles L.2542-2 et suivants\u00a0;\nVU le code de la sant\u00e9 publique, notamment les articles L.3131-13 et suivants et L.3136-1\u00a0;\nVU le code de la s\u00e9curit\u00e9 int\u00e9rieure\u00a0;\nVU la loi n\u00b0 2017-1510 du 30 octobre 2017 renfor\u00e7ant la s\u00e9curit\u00e9 int\u00e9rieure et la lutte contre le  \nterrorisme\u00a0;\nVU le d\u00e9cret n\u00b0 2004-374 du 29 avril 2004 relatif aux pouvoirs des pr\u00e9fets, \u00e0 l'organisation et \u00e0  \nl'action des services de l'\u00c9tat dans les d\u00e9partements et les r\u00e9gions\u00a0;\nVU le d\u00e9cret n\u00b0 2010-455 du 4 mai 2010 relatif \u00e0 la mise sur le march\u00e9 et au contr\u00f4le des  \nproduits explosifs\u00a0;\nVU le d\u00e9cret n\u00b0 2010-580 du 31 mai 2010 relatif \u00e0 l'acquisition, la d\u00e9tention et l'utilisation des  \nartifices de divertissement et des articles pyrotechniques destin\u00e9s au th\u00e9\u00e2tre\u00a0;\nVU le d\u00e9cret 2015-799 du 1er\n juillet 2015 relatif aux produits et \u00e9quipements \u00e0 risque\u00a0;\nPr\u00e9fecture de la Manche \u2013 BP 70522 \u2013 50002 SAINT-L\u00d4 \u2013 T\u00e9l.\u00a0: 02.33.75.49.50 \u2013 M\u00e9l.\u00a0: prefecture@manche.gouv.fr\nAccueil du public les lundi, mardi, jeudi et vendredi\u00a0: \n- Bureau des migrations et de l'int\u00e9gration\u00a0: uniquement sur rendez-vous\n- point accueil num\u00e9rique de 8h30 \u00e0 12h30 uniquement sur rendez-vous\nAccueil g\u00e9n\u00e9ral ouvert du lundi au vendredi de 8h30 \u00e0 12h30 et de 14h00 \u00e0 17h00\nPr\u00e9fecture de la Manche - 50-2025-07-08-00002 - Arr\u00eat\u00e9 portant des mesures provisoires relatives \u00e0 l'achat, la vente, la cession,\nl'utilisation,\nle port et le transport d'artifices de divertissement et d'articles pyrotechniques\n15\nVU le  d\u00e9cret  du  13  juillet  2023  portant  nomination  de  M.  Xavier  BRUNETIERE,  pr\u00e9fet  de  la \nManche\u00a0;\nVu le d\u00e9cret du 22 ao\u00fbt 2023 portant nomination de M. Jean RAMPON, sous-pr\u00e9fet de Cherbourg ;\nVU l'arr\u00eat\u00e9 du 31 mai 2010 modifi\u00e9, pris en application des articles 3, 4 et 6 du d\u00e9cret n\u00b0 2010-580  \ndu 31 mai 2010 relatif \u00e0 l'acquisition, la d\u00e9tention et l'utilisation des artifices de divertissement et  \ndes articles pyrotechniques destin\u00e9s au th\u00e9\u00e2tre\u00a0;\nVU l'arr\u00eat\u00e9 du 1er\n juillet 2015 relatif \u00e0 la mise sur le march\u00e9 des produits explosifs\u00a0;\nVu l'arr\u00eat\u00e9 du 02 juillet 2025 donnant d\u00e9l\u00e9gation de signature \u00e0  M. Jean RAMPON, sous-pr\u00e9fet  \ncharg\u00e9 de l'int\u00e9rim du directeur de cabinet\u00a0;\nCONSIDERANT les risques d'atteinte grave aux personnes et aux biens qui peuvent r\u00e9sulter de  \nl'utilisation inconsid\u00e9r\u00e9e d'artifices de divertissement et d'articles pyrotechniques destin\u00e9s au  \nth\u00e9\u00e2tre sur la voie publique, dans tous les lieux o\u00f9 se tiennent des rassemblements de personnes  \net dans les immeubles d'habitation\u00a0;\nCONSIDERANT qu'\u00e0 l'occasion d es festivit\u00e9s du 14 juillet,  des regroupements importants sur la  \nvoie  publique,  accompagn\u00e9s  de  manifestations  de  liesse,  sont  \u00e0  pr\u00e9voir  sur  l'ensemble  du \nd\u00e9partement de la Manche ;\nCONSIDERANT que durant cette p\u00e9riode la n\u00e9cessit\u00e9 de pr\u00e9venir tout incident ou trouble \u00e0  \nl'ordre  public,  il  convient  que  soient  prises  des  mesures  adapt\u00e9es  et  limit\u00e9es  dans  le  temps, \ncompl\u00e9tant les dispositions en vigueur au plan national relatives aux artifices de divertissement et  \naux articles pyrotechniques destin\u00e9s au th\u00e9\u00e2tre\u00a0;\nCONSIDERANT la n\u00e9cessit\u00e9 d'assurer, dans un contexte de niveau \u00e9lev\u00e9 de la menace terroriste, la \ns\u00e9curit\u00e9 des personnes et des biens par des mesures adapt\u00e9es \u00e0 la gravit\u00e9 de la menace\u00a0;\nCONSIDERANT le  risque  de  panique  qui  pourrait  \u00eatre  engendr\u00e9  par  l'utilisation  d'articles \npyrotechniques dans des lieux de grand rassemblement et les risques d'incendie qui pourraient  \n\u00eatre  provoqu\u00e9s  par  des  individus,  isol\u00e9s  ou  en  r\u00e9union,  contre  des  biens  en  particulier  des \nv\u00e9hicules et des biens publics ;\nSUR PROPOSITION du sous-pr\u00e9fet, directeur de cabinet par int\u00e9rim ;\nARR\u00caTE\nArticle 1  er\n    : L'achat, la vente, la cession, l'utilisation, le port et le transport des artifices de  \ndivertissement et des articles pyrotechniques de cat\u00e9gories C1, F1, C2, F2, C3, F3, C4, F4, P1,  \nP2, T1 et T2 sont interdits  dans le d\u00e9partement de la Manche , sur la p\u00e9riode du jeudi 10 \njuillet \u00e0 14h00 au mardi 15 juillet 2025 \u00e0 08h00.\n2\nPr\u00e9fecture de la Manche - 50-2025-07-08-00002 - Arr\u00eat\u00e9 portant des mesures provisoires relatives \u00e0 l'achat, la vente, la cession,\nl'utilisation,\nle port et le transport d'artifices de divertissement et d'articles pyrotechniques\n16\nArticle 2\u00a0:\nLes dispositions de cet arr\u00eat\u00e9 ne s'appliquent pas aux professionnels qui utilisent des artifices de  \ndivertissement dans le cadre de spectacles pyrotechniques tels que d\u00e9finis \u00e0 l'article 2 du d\u00e9cret  \nn\u00b0 2010-580 susvis\u00e9, ainsi qu'aux feux d'artifices non class\u00e9s \u00ab \u00a0spectacles pyrotechniques\u00a0\u00bb, mis en \n\u0153uvre par des communes, des personnes de droit public, des organisateurs d'\u00e9v\u00e8nements ou des  \nparticuliers sur des espaces priv\u00e9s.\nLes  interdictions  pr\u00e9vues  \u00e0  l'article  1er\n du  pr\u00e9sent  arr\u00eat\u00e9  ne  s'appliquent  pas  pour  les \nspectacles  pyrotechniques  soumis  \u00e0  d\u00e9claration  en  pr\u00e9fecture,  ayant  fait  l'objet  d'une  \ninstruction et de la d\u00e9livrance du r\u00e9c\u00e9piss\u00e9 r\u00e9glementaire.\nArticle 3 \u00a0: Le sous-pr\u00e9fet, directeur de cabinet par int\u00e9rim , les sous-pr\u00e9fets d'arrondissements, le  \ncolonel  commandant  le  groupement  de  la  gendarmerie  d\u00e9partementale  de  la  Manche,  le \ndirecteur interd\u00e9partemental de la police nationale de la Manche et les maires du d\u00e9partement  \nde la Manche, sont charg\u00e9s, chacun en ce qui le concerne, de l'ex\u00e9cution du pr\u00e9sent arr\u00eat\u00e9 qui  \nsera publi\u00e9 au recueil des actes administratifs de la pr\u00e9fecture et dont une copie sera transmise au  \nprocureur de la R\u00e9publique pr\u00e8s le tribunal judiciaire de Cherbourg et au procureur de la R\u00e9publique  \npr\u00e8s le tribunal judiciaire de Coutances.\nSaint-L\u00f4, le 08 juillet2025\nPour le pr\u00e9fet et par d\u00e9l\u00e9gation\nLe sous-pr\u00e9fet\nSign\u00e9\nJean RAMPON\nConform\u00e9ment aux dispositions des articles R.421-1 \u00e0 R.421-5 du code de justice administrative, le pr\u00e9sent arr\u00eat\u00e9 peut faire l'objet \nd'un recours contentieux devant le tribunal administratif de Caen \u2013 3 Rue Arthur le Duc, 14000 Caen dans un d\u00e9lai de deux mois  \n\u00e0 compter de la date de sa notification ou de sa publication. Dans ce m\u00eame d\u00e9lai, un recours gracieux peut \u00eatre pr\u00e9sent\u00e9 \u00e0  \nl'auteur de la d\u00e9cision (ou bien un recours hi\u00e9rarchique devant le minist\u00e8re de l'Int\u00e9rieur). Dans ce cas, le recours contentieux sera \nintroduit dans les deux mois suivant la r\u00e9ponse.\nLe tribunal administratif peut \u00eatre saisi par l'application informatique \u00ab \u00a0T\u00e9l\u00e9recours citoyens\u00a0\u00bb accessible par le site internet  \nwww.telerecours.fr. \n3\nPr\u00e9fecture de la Manche - 50-2025-07-08-00002 - Arr\u00eat\u00e9 portant des mesures provisoires relatives \u00e0 l'achat, la vente, la cession,\nl'utilisation,\nle port et le transport d'artifices de divertissement et d'articles pyrotechniques\n17\nPr\u00e9fecture de la Manche\n50-2025-07-08-00003\nArr\u00eat\u00e9 portant interdiction temporaire des\nrassemblements festifs \u00e0 caract\u00e8re musical\nPr\u00e9fecture de la Manche - 50-2025-07-08-00003 - Arr\u00eat\u00e9 portant interdiction temporaire des rassemblements festifs \u00e0 caract\u00e8re\nmusical 18\nExPREFETDE LA MANCHEijerte'Egalit\u00e9Fraternit\u00e9\nCabinet\nDirection des s\u00e9curit\u00e9s\nBureau de la s\u00e9curit\u00e9 et de la r\u00e9glementation\nA R R E T E  \u00a0  \nportant interdiction temporaire des rassemblements festifs \u00e0 caract\u00e8re musical\nn'ayant pas fait l'objet d'une autorisation dans le d\u00e9partement de la Manche\nLE PR\u00c9FET DE LA MANCHE\nChevalier de la L\u00e9gion d'honneur\nChevalier de l'ordre national du M\u00e9rite\nVu le Code g\u00e9n\u00e9ral des collectivit\u00e9s territoriales, notamment ses articles L 2212-2, L. 2215-1 et L. \n2214-4\u00a0;\nVu le Code de la s\u00e9curit\u00e9 int\u00e9rieure notamment ses articles L 211-5 \u00e0 L 211-8, L 211-15, R 211-2 \u00e0 R \n211-9 et R 211-27 \u00e0 R 211-30\u00a0;\nVu  le d\u00e9cret n\u00b0 2002-887 du 3 mai 2002 modifi\u00e9 relatif \u00e0 certains rassemblements festifs \u00e0  \ncaract\u00e8re musical\u00a0;\nVu le  d\u00e9cret  n\u00b0  2004-374  du  29  avril  2004  modifi\u00e9  relatif  aux  pouvoirs  des  pr\u00e9fets,  \u00e0 \nl'organisation et \u00e0 l'action des services de l'\u00c9tat dans les r\u00e9gions et d\u00e9partements\u00a0;\nVu le d\u00e9cret du 13 juillet 2023 portant nomination de M. Xavier BRUNETIERE, pr\u00e9fet de la  \nManche\u00a0;\nVu le  d\u00e9cret  du  22  ao\u00fbt  2023  portant  nomination  de  M.  Jean  RAMPON,  sous-pr\u00e9fet  de \nCherbourg ;\nVu l'arr\u00eat\u00e9 du 02 juillet 2025 donnant d\u00e9l\u00e9gation de signature \u00e0 M. Jean RAMPON, sous-pr\u00e9fet  \ncharg\u00e9 de l'int\u00e9rim du directeur de cabinet\u00a0;\nVu l'urgence\u00a0; \nConsid\u00e9rant que,  selon  les  informations  dont  disposent  les  services  de  police  et  de \ngendarmerie,  un  rassemblement  festif  \u00e0  caract\u00e8re  musical  de  type  \u00ab\u00a0rave-party\u00a0\u00bb  est \nsusceptible d'\u00eatre organis\u00e9 dans le d\u00e9partement de la Manche pendant la p\u00e9riode du 10 juillet  \n2025 au 15 juillet 2025 ;\nPr\u00e9fecture de la Manche \u2013 BP 70522 \u2013 50002 SAINT-L\u00d4 \u2013 T\u00e9l.\u00a0: 02.33.75.49.50 \u2013 M\u00e9l.\u00a0: prefecture@manche.gouv.fr\nAccueil du public les lundi, mardi, jeudi et vendredi\u00a0: \n- Bureau des migrations et de l'int\u00e9gration\u00a0: uniquement sur rendez-vous\n- point accueil num\u00e9rique de 8h30 \u00e0 12h30 uniquement sur rendez-vous\nAccueil g\u00e9n\u00e9ral ouvert du lundi au vendredi de 8h30 \u00e0 12h30 et de 14h00 \u00e0 17h00\nPr\u00e9fecture de la Manche - 50-2025-07-08-00003 - Arr\u00eat\u00e9 portant interdiction temporaire des rassemblements festifs \u00e0 caract\u00e8re\nmusical 19\nConsid\u00e9rant  les rassemblements festifs \u00e0 caract\u00e8re musical de type \u00ab \u00a0rave-party\u00a0\u00bb non autoris\u00e9s  \nsurvenus dans le d\u00e9partement de la Manche en 2025 \u00e0 Muneville-le-Bingard, en 2023, \u00e0 Saint-\nChristophe-du-Foc, \u00e0 Milli\u00e8res, \u00e0 Urville-Nacqueville, \u00e0 Ger, en 2022 \u00e0 Milli\u00e8res, \u00e0 Jullouville, \u00e0 Ger, \u00e0 \nHambye, \u00e0 Tocqueville, \u00e0 Torigny-les-Villes, \u00e0 Saint-Ovin ;\nConsid\u00e9rant  qu'en  application  de  l'article  L.  211-5  du  Code  de  la  s\u00e9curit\u00e9  int\u00e9rieure,  les \nrassemblements festifs \u00e0 caract\u00e8re musical sont soumis \u00e0 l'obligation de d\u00e9claration pr\u00e9alable  \naupr\u00e8s du pr\u00e9fet de d\u00e9partement\u00a0;\nConsid\u00e9rant  qu'aucune d\u00e9claration pr\u00e9alable n'a \u00e9t\u00e9 d\u00e9pos\u00e9e aupr\u00e8s du pr\u00e9fet de la Manche,  \npr\u00e9cisant  le  nombre  pr\u00e9visible  de  participants  ainsi  que  les  mesures  envisag\u00e9es  par  les \norganisateurs  des  \u00e9v\u00e9nements  \u00e9voqu\u00e9s  au  premier  consid\u00e9rant  pour  garantir  la  s\u00e9curit\u00e9,  la \nsalubrit\u00e9, l'hygi\u00e8ne et la tranquillit\u00e9 publiques, alors m\u00eame que les organisateurs en ont l'obligation \nau plus tard un mois avant la date pr\u00e9vue de la manifestation\u00a0;\nConsid\u00e9rant la n\u00e9cessit\u00e9 de pr\u00e9venir le risque \u00e9lev\u00e9 de troubles \u00e0 l'ordre public\u00a0; que le nombre de \npersonnes attendues dans ce type de rassemblement est \u00e9lev\u00e9 \u00a0; que les moyens appropri\u00e9s en  \nmati\u00e8re de secours aux personnes, ainsi qu'en mati\u00e8re de s\u00e9curit\u00e9 routi\u00e8re ne peuvent \u00eatre r\u00e9unis\u00a0;\nConsid\u00e9rant  l'urgence \u00e0 pr\u00e9venir les risques d'atteinte \u00e0 l'ordre et \u00e0 la tranquillit\u00e9 publics et les  \npouvoirs de police administrative g\u00e9n\u00e9rale que le pr\u00e9fet tient des dispositions de l'article L. 2215-1 \ndu Code g\u00e9n\u00e9ral des collectivit\u00e9s territoriales\u00a0;\nConsid\u00e9rant que le plan Vigipirate est au niveau \u00ab \u00a0Urgence attentat\u00a0\u00bb sur l'ensemble du territoire  \nnational, attestant d'un niveau de menace \u00e9lev\u00e9 et qu'un rassemblement de ce type pourrait  \nconstituer une opportunit\u00e9 de trouble \u00e0 l'ordre public majeur\u00a0;\nConsid\u00e9rant qu'il appartient \u00e0 l'autorit\u00e9 investie du pouvoir de police administrative de concilier  \nles libert\u00e9s publiques avec les imp\u00e9ratifs d'ordre public\u00a0; que dans ce cadre elle se doit de prendre \nles mesures n\u00e9cessaires, adapt\u00e9es et proportionn\u00e9es de nature \u00e0 pr\u00e9venir tant la commission  \nd'infractions p\u00e9nales que les troubles \u00e0 l'ordre public\u00a0;\nSur proposition du sous-pr\u00e9fet, directeur de cabinet par int\u00e9rim ;\nARR\u00caTE\nArticle 1  er\n  \u00a0: \nLa tenue des rassemblements festifs \u00e0 caract\u00e8re musical (de type \u00ab \u00a0rave-party\u00a0\u00bb, \u00ab \u00a0teknival\u00a0\u00bb ou  \n\u00ab\u00a0free-party\u00a0\u00bb) r\u00e9pondant aux caract\u00e9ristiques \u00e9nonc\u00e9es \u00e0 l'article R. 211-2 du Code de la s\u00e9curit\u00e9  \nint\u00e9rieure,  autres  que  ceux  l\u00e9galement  d\u00e9clar\u00e9s  ou  autoris\u00e9s,  est  interdite  sur  l'ensemble  du \nterritoire du d\u00e9partement de la Manche pendant la p\u00e9riode suivante\u00a0:\ndu jeudi 10 juillet \u00e0 14h00 au mardi 15 juillet 2025 \u00e0 08h00.\n2\nPr\u00e9fecture de la Manche - 50-2025-07-08-00003 - Arr\u00eat\u00e9 portant interdiction temporaire des rassemblements festifs \u00e0 caract\u00e8re\nmusical 20\nArticle 2\u00a0: \nToute infraction au pr\u00e9sent arr\u00eat\u00e9 est passible des sanctions pr\u00e9vues par l'article R.211-27 du Code \nde la s\u00e9curit\u00e9 int\u00e9rieure et peut donner lieu \u00e0 la saisie du mat\u00e9riel en vue de sa confiscation par le  \ntribunal.\nArticle 3 :\nLe  sous-pr\u00e9fet,  directeur  de  cabinet  par  int\u00e9rim,  les  sous-pr\u00e9fets  d'arrondissements,  le  \ncommandant  du groupement de gendarmerie d\u00e9partementale, le directeur interd\u00e9partemental  \nde la police nationale et l'ensemble des  maires du d\u00e9partement de la Manche,  sont charg\u00e9s,  \nchacun en ce qui le concerne, de l'ex\u00e9cution du pr\u00e9sent arr\u00eat\u00e9 qui sera publi\u00e9 au recueil des actes  \nadministratifs de la pr\u00e9fecture, et dont une copie sera transmise au procureur de la R\u00e9publique  \nterritorialement comp\u00e9tent.\nSaint-L\u00f4, le 08 juillet 2025 \nPour le pr\u00e9fet et par d\u00e9l\u00e9gation\nLe sous-pr\u00e9fet\nSign\u00e9\nJean RAMPON\nConform\u00e9ment aux dispositions des articles R.421-1 \u00e0 R.421-5 du code de justice administrative, le pr\u00e9sent arr\u00eat\u00e9 peut faire l'objet d'un recours  \ncontentieux devant le tribunal administratif de Caen \u2013 3 Rue Arthur le Duc, 14000 Caen dans un d\u00e9lai de deux mois \u00e0 compter de la date de sa  \nnotification ou de sa publication. Dans ce m\u00eame d\u00e9lai, un recours gracieux peut \u00eatre pr\u00e9sent\u00e9 \u00e0 l'auteur de la d\u00e9cision (ou bien un recours  \nhi\u00e9rarchique devant le minist\u00e8re de l'Int\u00e9rieur). Dans ce cas, le recours contentieux sera introduit dans les deux mois suivant la r\u00e9ponse.\nLe tribunal administratif peut \u00eatre saisi par l'application informatique \u00ab\u00a0T\u00e9l\u00e9recours citoyens\u00a0\u00bb accessible par le site internet www.telerecours.fr.\n3\nPr\u00e9fecture de la Manche - 50-2025-07-08-00003 - Arr\u00eat\u00e9 portant interdiction temporaire des rassemblements festifs \u00e0 caract\u00e8re\nmusical 21","date":"2025-07-08","first_seen_on":"2025-10-06T20:21:16+00:00","id":"f02f47bebdc0e9d39f380c381134bfb9038efdedaa33a5bd159508cdbe830a9e","name":"RAA sp\u00e9cial n\u00b050-2025-033 PDF - 0,37 Mb - 08/07/2025","pdf_creation_date":"2025-07-08T14:39:16+00:00","pdf_modification_date":null,"timezone":"Europe/Paris","url":"https://www.manche.gouv.fr/contenu/telechargement/65624/502993/file/recueil-50-2025-033-RAA%20special.pdf"}
