{"administration":"pref80","administration_name":"Pr\u00e9fecture de la Somme","content":"PR\u00c9FECTURE\nDE LA SOMME\nRECUEIL DES ACTES\nADMINISTRATIFS SP\u00c9CIAL\nN\u00b02024-057\nPUBLI\u00c9 LE 23 F\u00c9VRIER 2024\nSommaire\nSecr\u00e9tariat G\u00e9n\u00e9ral aux Affaires R\u00e9gionales Hauts-de-France /\n80-2024-02-22-00005 - arr\u00eat\u00e9 portant r\u00e9partition des si\u00e8ges de la\ncommission de concertation institu\u00e9e au si\u00e8ge de l'acad\u00e9mie d'Amiens (2\npages) Page 3\n2\nSecr\u00e9tariat G\u00e9n\u00e9ral aux Affaires R\u00e9gionales\nHauts-de-France\n80-2024-02-22-00005\narr\u00eat\u00e9 portant r\u00e9partition des si\u00e8ges de la\ncommission de concertation institu\u00e9e au si\u00e8ge\nde l'acad\u00e9mie d'Amiens\nSecr\u00e9tariat G\u00e9n\u00e9ral aux Affaires R\u00e9gionales Hauts-de-France - 80-2024-02-22-00005 - arr\u00eat\u00e9 portant r\u00e9partition des si\u00e8ges de la\ncommission de concertation institu\u00e9e au si\u00e8ge de l'acad\u00e9mie d'Amiens 3\nExN  Secr\u00e9tariat  g\u00e9n\u00e9ral\nPR\u00c9FET  _ pour  les affaires  r\u00e9gionales\nDE LA REGION\nHAUTS-DE-FRANCE\nLibert\u00e9\n\u00c9galit\u00e9\nFraternit\u00e9\nArr\u00eat\u00e9  portant  r\u00e9partition  des si\u00e8ges  de la commission  de concertation\ninstitu\u00e9e  au si\u00e8ge  de l'acad\u00e9mie  d'Amiens\nLe pr\u00e9fet  de la r\u00e9gion  Hauts-de-France\npr\u00e9fet  de la zone  de d\u00e9fense  et de s\u00e9curit\u00e9  Nord\npr\u00e9fet  du Nord,\nchevalier  de la l\u00e9gion  d'honneur,\nchevalier  de I'Ordre  National  du m\u00e9rite,\nVU le code  de l'\u00e9ducation  et notamment  ses a_rticles  L 44211,  R 442-63  \u00e0 R 442-73  ;\nVu la loi n\u00b083-8  du 7 janvier  1983  modifi\u00e9e  relative  \u00e0 la r\u00e9partition  des  comp\u00e9tences  entre  les\ncommunes,  les d\u00e9partements,  les r\u00e9gions  et  l'\u00c9tat  ;\nVu le d\u00e9cret  n\u00b0 2004-374  du 29 avril  2004  modifi\u00e9  relatif  aux  pouvoirs  des  pr\u00e9fets,  \u00e0 l'organisation  et \u00e0\nl'action  des  services  de l'\u00c9tat  dans  les r\u00e9gions  et les d\u00e9partements  ;\nVu le d\u00e9cret  n\u00b0 2009-587  du 25 mai  2009  modifi\u00e9  relatif  aux  missions  des  secr\u00e9taires  g\u00e9n\u00e9raux  pour  les\naffaires  r\u00e9gionales  ;\nVu le d\u00e9cret  du 17 janvier  2024  du minist\u00e8re  de l'int\u00e9ri\u00e9ur  portant  nomination  de monsieur  Bertrand\nGAUME  en qualit\u00e9  de pr\u00e9fet  de la r\u00e9gion  Hauts-de-France,  pr\u00e9fet  de la zone  de d\u00e9fense  et de s\u00e9curit\u00e9\nNord,  pr\u00e9fet  du Nord  ;\nVu l'arr\u00eat\u00e9  de la Premi\u00e8re  ministre  et du ministre  de l'int\u00e9rieur  et des  outre-mer  du 12 octobre  2022  portant\nnomination  de monsieur  jean-Gabriel  DELACROY  en qualit\u00e9  de secr\u00e9taire  g\u00e9n\u00e9ral  pour  les affaires  r\u00e9gion\ndes  Hauts-de-France  aupr\u00e8s  du prefet  de la r\u00e9gion  Hauts-de-France  pr\u00e9fet  de la zone  de d\u00e9fense  et de\ns\u00e9curit\u00e9  du Nord,  pr\u00e9fet  du Nord,\nVu l'arr\u00eat\u00e9  pr\u00e9fectoral  du 5 f\u00e9vrier  2024  portant  d\u00e9l\u00e9gation  de signature  \u00e0 monsieur  Jean-Gabriel\nDELACROY,  secr\u00e9taire  g\u00e9n\u00e9ral  pour  les affaires  r\u00e9gionales  de la r\u00e9gion  Hauts-de-France  ;\nVu les r\u00e9sultats  des  derni\u00e8res  \u00e9lections  \u00e0 la commission  consultative  mixte  inter-d\u00e9partementale  des\nd\u00e9partements  de l'Aisne,  de I'Oise  et de la Somme  (CCMI)  pour  le premier  degr\u00e9  et \u00e0 la commission\nconsultative  mixte  acad\u00e9mique  (CCMA)  pour  le second  degr\u00e9  (2022)  ;\nSur proposition  du recteur  de l'acad\u00e9mie  d'Amiens  ;\nARR\u00caTE\nSecr\u00e9tariat G\u00e9n\u00e9ral aux Affaires R\u00e9gionales Hauts-de-France - 80-2024-02-22-00005 - arr\u00eat\u00e9 portant r\u00e9partition des si\u00e8ges de la\ncommission de concertation institu\u00e9e au si\u00e8ge de l'acad\u00e9mie d'Amiens 4\nArticle  1 : les si\u00e8ges  attribu\u00e9s  au sein  de la commission  de concertation  institu\u00e9e  au si\u00e8ge  de I'acad\u00e9mie\nd'Amiens  aux  repr\u00e9sentants  des  \u00e9tablissements  d'enseignement  priv\u00e9  se r\u00e9partissent  comme  suit  :\n| - Chefs  d'\u00e9tablissements  d'enseignement  priv\u00e9\nInter-organisation  professionnelle  des  chefs  d'\u00e9tablissement  de l'enseignement  catholique\nSecond  degr\u00e9  : 2 titulaires  et 2 suppl\u00e9ants\nPremier  degr\u00e9  : 1 titulaire  et 1 suppl\u00e9ant\nIl - Ma\u00eetres  enseignant  dans  les \u00e9tablissements  d'enseignement  priv\u00e9\nSecond  degr\u00e9\nSyndicat  national  de l'enseignement  chr\u00e9tien  - Conf\u00e9d\u00e9ration  fran\u00e7aise  des  travailleurs  chr\u00e9tiens  (SNEC\n- CFTC)\n2 titulaires\n2 suppl\u00e9ants\nPremier  degr\u00e9\nSyndicat  national  de l'enseignement  chr\u00e9tien  \u2014- Conf\u00e9d\u00e9ration  fran\u00e7aise  des  travailleurs  chr\u00e9tiens\n(SNEC-CFTC)  -\n-1 titulaire\n-1 suppl\u00e9ant\nII - Parents  d'\u00e9l\u00e8ves  des  \u00e9tablissements  d'enseignement  priv\u00e9\nAssociation  de parents  d'\u00e9l\u00e8ves  de l'enseignement  libre  (APEL)\n- 3 titulaires\n- 3 suppl\u00e9ants\nArticle  2: le secr\u00e9taire  g\u00e9n\u00e9ral  pour  les affaires  r\u00e9gionales  des  Hauts-de-France  et le recteur  de\nl'acad\u00e9mie  d'Amiens  sont  charg\u00e9s,  chacun  en ce qui les concerne,  de l'ex\u00e9cution  du pr\u00e9sent  arr\u00eat\u00e9  qui\nsera  publi\u00e9  aux  recueils  des  actes  administratifs  des  pr\u00e9fectures  de l'Aisne,  de l'Oise  et de la Somme,  et\nde la pr\u00e9fecture  de r\u00e9gion  Hauts-de-France.  |\nFait \u00e0 Lille,le  2 2 FEV, 2024\nPour  le pr\u00e9fet  et par d\u00e9l\u00e9gation,\nLe secr\u00e9taire  g\u00e9n\u00e9ral\npour  les affaires  r\u00e9gionales\nPour  ie Pr\u00e9fet  et par d\u00e9l\u00e9gation,\nI'adjoint  au secr\u00e9taire  g\u00e9n\u00e9ral\npour  ies affgires  r\u00e9gionales\nSt\u00e9phane  LELEU\n\u2014\u20ac&n-Gabriel  DELACROY\nConform\u00e9ment  aux dispositions  des articles  R. 421-1  et R. 421-5  du code  de justice  administrative,  la pr\u00e9sente  d\u00e9cision  peut  faire\nl'objet  d'un  recours  contentieux  devant  le tribunal  administratif  dans  le d\u00e9lai  de 2 mois  \u00e0 compter  de sa publication.\nSecr\u00e9tariat G\u00e9n\u00e9ral aux Affaires R\u00e9gionales Hauts-de-France - 80-2024-02-22-00005 - arr\u00eat\u00e9 portant r\u00e9partition des si\u00e8ges de la\ncommission de concertation institu\u00e9e au si\u00e8ge de l'acad\u00e9mie d'Amiens 5","date":"2024-02-23","first_seen_on":"2024-08-24T22:31:25+00:00","id":"f05d58a9f4399f34f231031c400fbaedd6c4acb6c68a8aa09ac59cfa94cddc7b","name":"RAA n\u00b057 sp\u00e9cial du 23 f\u00e9vrier 2024","pdf_creation_date":"2024-02-23T15:04:35+00:00","pdf_modification_date":null,"timezone":"Europe/Paris","url":"https://www.somme.gouv.fr/contenu/telechargement/46736/313210/file/recueil-2024-057-recueil-des-actes-administratifs-special.pdf"}
