{"administration":"pref21","administration_name":"Pr\u00e9fecture de C\u00f4te-d\u2019Or","content":"PR\u00c9FET\nDE LA C\u00d4TE-D'OR\nRECUEIL DES ACTES\nADMINISTRATIFS SP\u00c9CIAL\n(NOMINATIFS)\nN\u00b021-2026-034\nPUBLI\u00c9 LE 13 F\u00c9VRIER 2026\nSommaire\nPr\u00e9fecture de la C\u00f4te-d'Or / Cabinet\n21-2026-02-13-00001 - Arr\u00eat\u00e9 N\u00b0343 portant d\u00e9signation du\nr\u00e9f\u00e9rent d\u00e9partemental \u00e0 la gestion des cons\u00e9quences des\ncatastrophes naturelles (1 page) Page 3\n2\nPr\u00e9fecture de la C\u00f4te-d'Or\nCabinet\n21-2026-02-13-00001\nArr\u00eat\u00e9 N\u00b0343 portant d\u00e9signation du r\u00e9f\u00e9rent\nd\u00e9partemental \u00e0 la gestion des cons\u00e9quences\ndes catastrophes naturelles\nPr\u00e9fecture de la C\u00f4te-d'Or - 21-2026-02-13-00001 - Arr\u00eat\u00e9 N\u00b0343 portant d\u00e9signation du r\u00e9f\u00e9rent d\u00e9partemental \u00e0 la gestion des\ncons\u00e9quences des catastrophes naturelles 3\nEsPREFETDELACOTE-D'ORLibert\u00e9Egalit\u00e9Fraternit\u00e9\nCabinet\nDirection des s\u00e9curit\u00e9s\n                Dijon, le 13 f\u00e9vrier 2026  \nArr\u00eat\u00e9 N\u00b0343\nportant d\u00e9signation du r\u00e9f\u00e9rent d\u00e9partemental \n\u00e0 la gestion des cons\u00e9quences des catastrophes naturelles\nLe pr\u00e9fet de la C\u00f4te-d'Or\nVU le code des assurances, et notamment son article L125-1-2,\nVU la circulaire n\u00b0IOME2224091C du 24 octobre 2022 relative \u00e0 la d\u00e9signation de r\u00e9f\u00e9rents \u00e0 la  \ngestion des cons\u00e9quences des catastrophes naturelles \u00e0 leur indemnisation,\nVU le d\u00e9cret du 10 octobre 2024 portant nomination du pr\u00e9fet de la r\u00e9gion Bourgogne-Franche-Comt\u00e9, \npr\u00e9fet de la C\u00f4te-d'Or - M. MOURIER (Paul),\nVU l'arr\u00eat\u00e9 pr\u00e9fectoral n\u00b0 1010/SG du 02/07/2025 donnant d\u00e9l\u00e9gation de signature \u00e0 Mme Aur\u00e9lie  \nCONTRECIVILE, sous-pr\u00e9f\u00e8te, directrice de cabinet du pr\u00e9fet\nARR\u00caTE\nArticle 1 : Mme H\u00e9l\u00e8ne MANCIAUX, directrice des s\u00e9curit\u00e9s, est nomm\u00e9e r\u00e9f\u00e9rente d\u00e9partementale \u00e0  \nla gestion des cons\u00e9quences des catastrophes naturelles.\nArticle 2 : Mme H\u00e9l\u00e8ne MANCIAUX peut nommer un repr\u00e9sentant.\nArticle 3 : Une lettre de mission, pr\u00e9cisant les attributions et les moyens du r\u00e9f\u00e9rent d\u00e9partemental \u00e0 la \ngestion  des  cons\u00e9quences  des  catastrophes  naturelles,  sera  adress\u00e9e  \u00e0  Mme  H\u00e9l\u00e8ne  MANCIAUX,  \ndirectrice des s\u00e9curit\u00e9s.\nArticle 4 : Le pr\u00e9sent arr\u00eat\u00e9 sera publi\u00e9 au recueil des actes administratifs du d\u00e9partement, notifi\u00e9 \u00e0  \nl'int\u00e9ress\u00e9e et adress\u00e9 pour information au directeur g\u00e9n\u00e9ral de la s\u00e9curit\u00e9 civile et de la gestion des  \ncrises du minist\u00e8re de l'Int\u00e9rieur.\nLe pr\u00e9fet,\nPour le pr\u00e9fet et par d\u00e9l\u00e9gation, \nLa directrice de cabinet,\nORIGINAL SIGNE\nAur\u00e9lie CONTRECIVILE\nPr\u00e9fecture de la C\u00f4te d'Or\n53 rue de la Pr\u00e9fecture 21 041 DIJON CEDEX\n03.80.44.64.00 \u2212 pref-defense-protection-civile@cote-dor.gouv.fr\n 1\nPr\u00e9fecture de la C\u00f4te-d'Or - 21-2026-02-13-00001 - Arr\u00eat\u00e9 N\u00b0343 portant d\u00e9signation du r\u00e9f\u00e9rent d\u00e9partemental \u00e0 la gestion des\ncons\u00e9quences des catastrophes naturelles 4","date":"2026-02-13","first_seen_on":"2026-02-13T17:20:00+00:00","id":"f079ded9437ff6e64ae95f68755f6928100ce453bb84a5be1aaaeb12fbdbf3cf","name":"RAA n\u00b0 034 du 13 f\u00e9vrier 2026","pdf_creation_date":"2026-02-13T15:20:56+00:00","pdf_modification_date":null,"timezone":"Europe/Paris","url":"https://www.cote-dor.gouv.fr/contenu/telechargement/25577/195683/file/recueil-21-2026-034-recueil-des-actes-administratifs-nominatifs.pdf"}
