{"administration":"pref13","administration_name":"Pr\u00e9fecture des Bouches-du-Rh\u00f4ne","content":"BOUCHES-DU-\nRH\u00d4NE\nRECUEIL DES ACTES\nADMINISTRATIFS SP\u00c9CIAL\n(NOMINATIFS)\nN\u00b013-2024-232\nPUBLI\u00c9 LE 23 SEPTEMBRE 2024\nSommaire\nMaison Centrale d'ARLES /\n13-2024-09-22-00001 - arr\u00eat\u00e9 CSA FS MC ARLES - septembre (2 pages) Page 3\n2\nMaison Centrale d'ARLES\n13-2024-09-22-00001\narr\u00eat\u00e9 CSA FS MC ARLES - septembre\nMaison Centrale d'ARLES - 13-2024-09-22-00001 - arr\u00eat\u00e9 CSA FS MC ARLES - septembre 3\nR\u00c9PUBLIQUE FRAN\u00c7AISE  \n   \nMinist\u00e8re de la justice  \n   \n   \n \nArr\u00eat\u00e9 du 22 septembre  2024 \nportant nomination des membres au  comit\u00e9 social d'administration sp\u00e9cial en formation \nsp\u00e9cialis\u00e9e de la maison centrale d'  Arles  \n \nLe chef d'\u00e9tablissement , \nVu le code g\u00e9n\u00e9ral de la fonction publique ;  \nVu le d\u00e9cret n\u00b0 2020 -1427 du 20 novembre 2020 modifi\u00e9 relatif aux comit\u00e9s sociaux \nd'administration dans les administrations et les \u00e9tablissements publics de l'Etat ;  \nVu l'arr\u00eat\u00e9 du 25 avril 2022 modifi\u00e9 portant cr\u00e9ation des comit\u00e9s sociaux \nd'administration relevant du minist\u00e8re de la justice  ; \nVu l'arr\u00eat\u00e9 du 20 juin 2022 relatif au mode de d\u00e9signation des repr\u00e9sentants du \npersonnel aux instances de dialogue social relevant du minist\u00e8re de la justice  ; \nVu l'arr\u00eat\u00e9 du 16 d\u00e9cembre 2022 fixant la liste des organisations syndicales habilit\u00e9es \u00e0 \nd\u00e9signer des repr\u00e9sentants du personnel au sein des comit\u00e9s sociaux d'administration \nsp\u00e9ciaux institu\u00e9s dans les \u00e9tablissements et services du ressort de la  direction \ninterr\u00e9gionale de s services p\u00e9nitentiaires de Marseille  et le nombre de si\u00e8 ges attribu\u00e9 \u00e0 \nchacune d'elles,  \nVu les d\u00e9signations des organisations syndicales repr\u00e9sent\u00e9es au comit\u00e9 social \nd'administration sp\u00e9cial de la maison centrale d' ARLES.  \nArr\u00eate  : \nArticle 1er  \nSont nomm\u00e9s repr\u00e9sentants du personnel au  comit\u00e9 social d'administration sp\u00e9cial  en formation \nsp\u00e9cialis\u00e9e de la maison centrale d'Arles les personnes suivantes  :  \nORGANISATIONS  \nSYNDICA LES MEMBRE(S) TITULAIRE(S)  MEMBRE(S) SUPPLEANT(S)  \nUFAP  FORNER Thomas  MANETTE Tony  \nUFAP  SIKORSKI Nicolas  ZIN Karim  Maison Centrale d'ARLES - 13-2024-09-22-00001 - arr\u00eat\u00e9 CSA FS MC ARLES - septembre 4\nUFAP  JESSU Laurent  FAUCHER Julien  \nUFAP  / RUBIELLA Jeremy  \n \nArticle 2  \nLes membres titulaires et suppl\u00e9ants sont nomm\u00e9s pour un mandat de quatre ans.  \nArticle 3 \nLe chef d'\u00e9tablissement de la maison centrale d' Arles  est charg\u00e9 de l'application du pr\u00e9sent \narr\u00eat\u00e9, qui sera publi\u00e9 au recueil des actes administratifs de la pr\u00e9fecture de Marseille . \n \n \nFait le  22 septembre  2024 \nLe chef d'\u00e9tablissement,  \nMarc OLLIER  \nSIGN \u00c9 \n \n Maison Centrale d'ARLES - 13-2024-09-22-00001 - arr\u00eat\u00e9 CSA FS MC ARLES - septembre 5","date":"2024-09-23","first_seen_on":"2024-09-23T14:16:40+00:00","id":"f14923bf56801d47266bdabf6da5027132125fca0a04edbabcf9c6a69e21911b","name":"recueil-13-2024-232-recueil-des-actes-administratifs-nominatifs. du 23 septembre 2024pdf","pdf_creation_date":"2024-09-23T13:44:06+00:00","pdf_modification_date":null,"timezone":"Europe/Paris","url":"https://www.bouches-du-rhone.gouv.fr/contenu/telechargement/57133/408422/file/recueil-13-2024-232-recueil-des-actes-administratifs-nominatifs.%20du%2023%20septembre%202024pdf.pdf"}
