{"administration":"pref21","administration_name":"Pr\u00e9fecture de C\u00f4te-d\u2019Or","content":"PR\u00c9FET\nDE LA C\u00d4TE-D'OR\nRECUEIL DES ACTES\nADMINISTRATIFS SP\u00c9CIAL\nN\u00b021-2025-129\nPUBLI\u00c9 LE 19 SEPTEMBRE 2025\nSommaire\nPr\u00e9fecture de la C\u00f4te-d'Or / Direction des Collectivit\u00e9s locales et des\nElections\n21-2025-09-17-00005 - Arr\u00eat\u00e9 Pr\u00e9fectoral MODIFICATIF relatif \u00e0\nl'\u00e9lection des juges au Tribunal de Commerce de Dijon 2025 (2 pages) Page 3\n21-2025-09-17-00004 - Arr\u00eat\u00e9 pr\u00e9fectoral portant nomination d'un\ncomptable public de l'Etat au syndicat mixte du bassin de la Vouge (2\npages) Page 6\nSous-pr\u00e9fecture de Beaune /\n21-2025-09-17-00006 - Arr\u00eat\u00e9 pr\u00e9fectoral n\u00b0 1421 portant\nautorisation de la manifestation sportive avec participation de v\u00e9hicules\nterrestres \u00e0 moteur d\u00e9nomm\u00e9e \u00ab 1\u00e8re ronde classique du Val de\nSa\u00f4ne\u00bb\n organis\u00e9e le samedi 20 septembre 2025\ndans les\ncommunes de Chivres et de Labergement-les-Seurre (7 pages) Page 9\n2\nPr\u00e9fecture de la C\u00f4te-d'Or\nDirection des Collectivit\u00e9s locales et des\nElections \n21-2025-09-17-00005\nArr\u00eat\u00e9 Pr\u00e9fectoral MODIFICATIF relatif \u00e0\nl'\u00e9lection des juges au Tribunal de Commerce de\nDijon 2025\nPr\u00e9fecture de la C\u00f4te-d'Or - 21-2025-09-17-00005 - Arr\u00eat\u00e9 Pr\u00e9fectoral MODIFICATIF relatif \u00e0 l'\u00e9lection des juges au Tribunal de\nCommerce de Dijon 2025 3\nExPREFETDE LACOTE-D'ORLibert\u00e9Egalit\u00e9Fraternit\u00e9\nDirection des Collectivit\u00e9s Locales et des \u00c9lections\nAffaire suivie par Eric FINOT                     Dijon, le 17 septembre 2025           \nBureau des \u00e9lections et de la r\u00e9glementation \nT\u00e9l : 03 80 44 65 43\nm\u00e9l : eric.finot@cote-dor.gouv.fr\nArr\u00eat\u00e9 Modificatif N\u00b0 1417\nRelatif \u00e0 l'\u00e9lection des juges au Tribunal de Commerce de Dijon\nLe pr\u00e9fet de la r\u00e9gion Bourgogne-Franche-Comt\u00e9\nPr\u00e9fet de la C\u00f4te-d'Or\nVU le code du commerce et notamment ses articles L.722-1 \u00e0 L.722-21, L.723-1 \u00e0 L.723-14 et R.723-1 \u00e0  \nR.723-31 ;\nVU le code \u00e9lectoral ;\nVU la loi n\u00b0 87-550 du 16 juillet 1987 relative aux juridictions commerciales ;\nVU la loi n\u00b0 2016-1547 du 18 novembre 2016 de modernisation de la justice du XXI\u00e9 si\u00e8cle ;\nVU la loi n\u00b0 2019-486 du 22 mai 2019 relative \u00e0 la croissance et la transformation des entreprises ;\nVU la loi n\u00b0 2021-1317 du 11 octobre 2021 permettant la r\u00e9\u00e9lection des juges consulaires dans les  \ntribunaux de commerce ;\nVU la  loi  n\u00b02022-1348  du  24  octobre  2022  visant  \u00e0  actualiser  le  r\u00e9gime  de  r\u00e9\u00e9lection  des  juges \nconsulaires dans les tribunaux de commerce ;\nVU le  d\u00e9cret  n\u00b0  2008  \u2013  146  du  15  f\u00e9vrier  2008  modifiant  le  si\u00e8ge  et  le  ressort  des  tribunaux  de \ncommerce ;\nVU le d\u00e9cret n\u00b0 2008 \u2013 563 du 16 juin 2008 fixant notamment le nombre des juges des tribunaux de  \ncommerce ;\nVU le d\u00e9cret n\u00b0 2017-1163 du 12 juillet 2017 relatif \u00e0 la d\u00e9ontologie, l'\u00e9ligibilit\u00e9 et la discipline des juges  \ndes tribunaux de commerce ;\nVU l'arr\u00eat\u00e9 du 24 mai 2011 relatif aux bulletins de vote pour l'\u00e9lection des juges des tribunaux de  \ncommerce ;\nVU l'arr\u00eat\u00e9  pr\u00e9fectoral  n\u00b0  813  /  SG  du  13  juin  2025  donnant  d\u00e9l\u00e9gation  de  signature  \u00e0 \nM. Denis BRUEL, Secr\u00e9taire G\u00e9n\u00e9ral de la Pr\u00e9fecture de la C\u00f4te d'Or ;\nPr\u00e9fecture de la C\u00f4te-d'Or - 21041 DIJON Cedex\nT\u00e9l\u00e9phone : 03.80.44.65.43 \npref-elections@cote-dor.gouv.fr\nPr\u00e9fecture de la C\u00f4te-d'Or - 21-2025-09-17-00005 - Arr\u00eat\u00e9 Pr\u00e9fectoral MODIFICATIF relatif \u00e0 l'\u00e9lection des juges au Tribunal de\nCommerce de Dijon 2025 4\nVU la note JUSB2514573C en date du 19 juin 2025 du Garde des Sceaux, Ministre de la Justice ;\nVU les r\u00e9sultats des \u00e9lections des membres des Tribunaux de Commerce de Dijon des 2 d\u00e9cembre  \n2021 et 12 octobre 2023 ;\nVU la d\u00e9mission de M. Cyrille de CREPY \u00e0 compter du 25 d\u00e9cembre 2025 ; \nVU l'arr\u00eat\u00e9 pr\u00e9fectoral N\u00b0 1343 du 19 ao\u00fbt 2025 convoquant les \u00e9lecteurs du tribunal de commerce de  \nDijon ;\nConsid\u00e9rant que le nombre de juges du Tribunal de Commerce de Dijon a \u00e9t\u00e9 fix\u00e9 par d\u00e9cret sus-vis\u00e9  \ndu 16 juin 2008 \u00e0 28 juges ;\nSUR proposition du Secr\u00e9taire G\u00e9n\u00e9ral de la Pr\u00e9fecture de la C\u00f4te d'Or ;\nA R R E T E\nArticle 1er \u2013 Le nombre de si\u00e8ges \u00e0 pourvoir au Tribunal de commerce de Dijon est port\u00e9 \u00e0 9 au lieu de  \n8.\nL'article 1er de mon arr\u00eat\u00e9 sus-vis\u00e9 N\u00b0 1343 du 19 ao\u00fbt 2025, 1er alin\u00e9a est ainsi modifi\u00e9 :\nLe coll\u00e8ge \u00e9lectoral du Tribunal de commerce de Dijon est appel\u00e9 \u00e0 \u00e9lire 9 juges.\nLe reste sans changement.\nArticle   2   \u2013   Le Secr\u00e9taire G\u00e9n\u00e9ral de la Pr\u00e9fecture de la C\u00f4te d'Or est charg\u00e9 de l'ex\u00e9cution du pr\u00e9sent  \narr\u00eat\u00e9 qui sera affich\u00e9 au greffe du Tribunal de Commerce de Dijon, \u00e0 la Pr\u00e9fecture et dans les Sous-\nPr\u00e9fectures  de  Beaune  et  de  Montbard  et  sera  ins\u00e9r\u00e9  au  recueil  des  actes  administratifs  de  la \nPr\u00e9fecture de la C\u00f4te d'Or. Une copie est transmise \u00e0 tous les membres du coll\u00e8ge \u00e9lectoral.\n                                                                                  Le pr\u00e9fet,\nPour le pr\u00e9fet et par d\u00e9l\u00e9gation\n                                                                                        Le secr\u00e9taire g\u00e9n\u00e9ral,\n                                                                                    Sign\u00e9 : Denis BRUEL\nVoies et d\u00e9lais de recours : la pr\u00e9sent arr\u00eat\u00e9 peut faire l'objet, dans un d\u00e9lai de deux mois suivant sa publication,d'un recours gracieux \naupr\u00e8s du pr\u00e9fet de la C\u00f4te d'Or, d'un recours hi\u00e9rarchique aupr\u00e8s du ministre de l'int\u00e9rieur -Direction de la modernisation et de l'action \nterritoriale \u2013 Place Beauvau \u2013 75008 Paris, ou d'un recours contentieux aupr\u00e8s du tribunal administratif de DIJON \u2013 22, rue d'Assas \nBP61616 Dijon CEDEX\nPr\u00e9fecture de la C\u00f4te-d'Or - 21041 DIJON Cedex\nT\u00e9l\u00e9phone : 03.80.44.65.43 \npref-elections@cote-dor.gouv.fr\nPr\u00e9fecture de la C\u00f4te-d'Or - 21-2025-09-17-00005 - Arr\u00eat\u00e9 Pr\u00e9fectoral MODIFICATIF relatif \u00e0 l'\u00e9lection des juges au Tribunal de\nCommerce de Dijon 2025 5\nPr\u00e9fecture de la C\u00f4te-d'Or\nDirection des Collectivit\u00e9s locales et des\nElections \n21-2025-09-17-00004\nArr\u00eat\u00e9 pr\u00e9fectoral portant nomination d'un\ncomptable public de l'Etat au syndicat mixte du\nbassin de la Vouge\nPr\u00e9fecture de la C\u00f4te-d'Or - 21-2025-09-17-00004 - Arr\u00eat\u00e9 pr\u00e9fectoral portant nomination d'un comptable public de l'Etat au syndicat\nmixte du bassin de la Vouge 6\nExPREFETDE LACOTE-D'ORLibert\u00e9Egalit\u00e9Fraternit\u00e9\nDIRECTION DES COLLECTIVITES LOCALES ET DES ELECTIONS\nBUREAU DES COLLECTIVIT\u00c9S LOCALES\nAffaire suivie par : Isabelle AMSALLEM\nT\u00e9l : 03.80.44.66.16\nm\u00e9l : isabelle.amsallem@cote-dor.gouv.fr\nArr\u00eat\u00e9 pr\u00e9fectoral \nportant nomination d'un comptable public de l'Etat \nau syndicat mixte du bassin de la Vouge\nLe pr\u00e9fet de la r\u00e9gion Bourgogne-Franche-Comt\u00e9\nPr\u00e9fet de la C\u00f4te-d'Or\nVU la  loi  n\u00b0  82-213  du  2  mars  1982  modifi\u00e9e  relative  aux  droits  et  libert\u00e9s  des  communes,  des \nd\u00e9partements et des r\u00e9gions ;\nVU les dispositions du Code G\u00e9n\u00e9ral des Collectivit\u00e9s Territoriales et notamment des articles L.1617-1  \net L.1617-4 ;\nVU le d\u00e9cret n\u00b0 2004-374 du 29 avril 2004 relatif aux pouvoirs des pr\u00e9fets, \u00e0 l'organisation et \u00e0 l'action  \ndes services de l'\u00c9tat dans les r\u00e9gions et d\u00e9partements, modifi\u00e9 par le d\u00e9cret n\u00b0 2010-146 du 16 f\u00e9vrier  \n2010 et par le d\u00e9cret n\u00b0 2010-687 du 24 juin 2010 ;\nVU l'a rr\u00eat\u00e9 pr\u00e9fectoral n\u00b0 813/SG du 13/06/2025 donnant d\u00e9l\u00e9gation de signature \u00e0 Monsieur Denis  \nBRUEL, secr\u00e9taire g\u00e9n\u00e9ral de la pr\u00e9fecture de la C\u00f4te-d'Or ;\nVU l'arr\u00eat\u00e9 pr\u00e9fectoral du 22 mars 2005 portant cr\u00e9ation du Syndicat du Bassin Versant de la Vouge et  \nl'arr\u00eat\u00e9 modificatif du 25 avril 2007 ;\nVU l'arr\u00eat\u00e9 du 03 mai 2021 portant d\u00e9signation du tr\u00e9sorier de Dijon municipale comme comptable  \nassignataire du syndicat mixte du bassin de la Vouge ;\nCONSID\u00c9RANT le courrier du 09 janvier 2025 du pr\u00e9sident du syndicat du Bassin versant de la Vouge ;\nCONSID\u00c9RANT le courrier de la directrice r\u00e9gionale des Finances publiques Bourgogne-France-Comt\u00e9  \net de la C\u00f4te -d'Or du 12 septembre 2025 ; \nSUR proposition  de  la  directrice  r\u00e9gionale  des  Finances  publiques  et  du  secr\u00e9taire  g\u00e9n\u00e9ral  de  la \npr\u00e9fecture de la C\u00f4te-d'Or ;\nPr\u00e9fecture de la C\u00f4te-d'Or - 53 rue de la Pr\u00e9fecture -  21041 DIJON cedex\nm\u00e8l : pref-bali-elections@cote-dor.gouv.fr\nSite internet  http://www.cote-dor.gouv.fr\nPr\u00e9fecture de la C\u00f4te-d'Or - 21-2025-09-17-00004 - Arr\u00eat\u00e9 pr\u00e9fectoral portant nomination d'un comptable public de l'Etat au syndicat\nmixte du bassin de la Vouge 7\nARR\u00caTE\nArticle 1  er   : Le comptable assignataire du syndicat mixte du bassin de la Vouge est rattach\u00e9 au  service \nde gestion comptable de Nuits-Saint-Georges \u00e0 compter du 1er janvier 2026.\nArticle 2  :  En application des dispositions des articles R421-1, R421-5 et R312-1 du code de justice  \nadministrative, le pr\u00e9sent arr\u00eat\u00e9 peut faire l'objet d'un recours contentieux dans un d\u00e9lai de deux mois  \n\u00e0 compter de sa publication aupr\u00e8s du Tribunal Administratif de Dijon, 22 rue d'Assas - BP 61616 -  \n21016 Dijon ou greffe.ta-dijon@juradm.fr. \nArticle 3 : M. le secr\u00e9taire g\u00e9n\u00e9ral de la pr\u00e9fecture de la C\u00f4te-d'Or et Mme la directrice r\u00e9gionale des  \nfinances publiques de la Bourgogne Franche-Comt\u00e9 et de la C\u00f4te-d'Or  sont charg\u00e9s, chacun en ce qui  \nle concerne, de l'ex\u00e9cution du pr\u00e9sent arr\u00eat\u00e9 qui sera publi\u00e9 au recueil des actes administratifs de la  \npr\u00e9fecture de la C\u00f4te-d'Or et dont copie sera adress\u00e9e \u00e0 : \n\u2022 Mme la directrice r\u00e9gionale des finances publiques de la Bourgogne Franche-Comt\u00e9 et de la  \nC\u00f4te-d'Or ;\n\u2022 M. le pr\u00e9sident de la chambre r\u00e9gionale des comptes de Bourgogne-Franche-Comt\u00e9 ;\n\u2022 M. le directeur des archives d\u00e9partementales de la C\u00f4te d'Or.\nFAIT A DIJON, le 17 septembre 2025\nLe Pr\u00e9fet,\nPour le pr\u00e9fet et par d\u00e9l\u00e9gation,\nLe secr\u00e9taire g\u00e9n\u00e9ral,\nsign\u00e9\nDenis BRUEL\nPr\u00e9fecture de la C\u00f4te-d'Or - 53 rue de la Pr\u00e9fecture -  21041 DIJON cedex\nm\u00e8l : pref-bali-elections@cote-dor.gouv.fr\nSite internet  http://www.cote-dor.gouv.fr\nPr\u00e9fecture de la C\u00f4te-d'Or - 21-2025-09-17-00004 - Arr\u00eat\u00e9 pr\u00e9fectoral portant nomination d'un comptable public de l'Etat au syndicat\nmixte du bassin de la Vouge 8\nSous-pr\u00e9fecture de Beaune\n21-2025-09-17-00006\nArr\u00eat\u00e9 pr\u00e9fectoral n\u00b0 1421 portant autorisation\nde la manifestation sportive avec participation\nde v\u00e9hicules terrestres \u00e0 moteur d\u00e9nomm\u00e9e \u00ab\n1\u00e8re ronde classique du Val de Sa\u00f4ne\u00bb\n organis\u00e9e le samedi 20 septembre 2025\ndans les communes de Chivres et de\nLabergement-les-Seurre\nSous-pr\u00e9fecture de Beaune - 21-2025-09-17-00006 - Arr\u00eat\u00e9 pr\u00e9fectoral n\u00b0 1421 portant autorisation de la manifestation sportive avec\nparticipation de v\u00e9hicules terrestres \u00e0 moteur d\u00e9nomm\u00e9e \u00ab 1\u00e8re ronde classique du Val de Sa\u00f4ne\u00bb\n organis\u00e9e le samedi 20 septembre 2025\ndans les communes de Chivres et de Labergement-les-Seurre\n9\n| = SOUS-PREFECTUREPREFET | DE BEAUNEDE LACOTE-D'ORLibert\u00e9Egalit\u00e9Fraternit\u00e9\nAffaire suivie par C\u00e9cile RAVRY Beaune, le 17 septembre 2025T\u00e9l : 03 45 43 80 11m\u00e9l : cecile.ravry@cote-dor.gouv.fr\nArr\u00eat\u00e9 pr\u00e9fectoral n\u00b0 1421 portant autorisation de la manifestation sportiveavec participation de v\u00e9hicules terrestres \u00e0 moteurd\u00e9nomm\u00e9e \u00ab 1\u00e8re ronde classique du Val de Sa\u00f4ne\u00bborganis\u00e9e le samedi 20 septembre 2025dans les communes de Chivres et de Labergement-les-Seurre\nLe sous-pr\u00e9fet de Beaune\nVU le code dela route, notamment ses articles R. 411-5 et R. 411-10 ;VU le code du sport, notamment ses articles L. 331-1 \u00e0 L. 331-12, L. 332-1 \u00e0 L. 332-21, R. 331-18 \u00e0 R. 331-45-1, A. 331-16 aA. 331-23 et \u00c0. 331-32;VU le code de l'environnement, notamment ses articles R. 414-19 aR. 414-26 ;VU le d\u00e9cret n\u00b0 2010-365 du 9 avril 2010 relatif \u00e0 l'\u00e9valuation des incidences Natura 2000;VU le d\u00e9cret du 6 juillet 2023 du Pr\u00e9sident de la R\u00e9publique portant nomination de M. Benoit BYRSKI, sous-pr\u00e9fet de Beaune; .VU l'arr\u00eat\u00e9 pr\u00e9fectoral n\u00b0 815/SG du 13 juin 2025 donnant d\u00e9l\u00e9gation de signature \u00e0 M. Benoit BYRSKI,sous-pr\u00e9fet de Beaune ;VU l'arr\u00eat\u00e9 n\u00b0 25T-T-00344 en date du 4 septembre 2025 pris par Monsieur le Pr\u00e9sident du ConseilD\u00e9partemental r\u00e9glementant la circulation et le stationnement \u00e0 l'occasion de la 1\u00e8re ronde classique du Valde Sa\u00f4ne le samedi 20 seplempre 2025VU le dossier d\u00e9pos\u00e9 sur la plateforme SIMS le 9 mai 2025 par l'\u00e9curie automobile des Climats deBourgogne et amend\u00e9 les 3 et 13 ao\u00fbt 2025;VU le visa n\u00b0 59 d\u00e9livr\u00e9 le 12 juin 2025 par la ligue du sport automobile Bourgogne Franche-Comt\u00e9VU l'attestation d'assurance d\u00e9livr\u00e9e le 2 juillet 2025 par GIE AXA France ;VU la visite sur site r\u00e9alis\u00e9e le 16 juillet 2025 par la commission d\u00e9partementale de s\u00e9curit\u00e9 routi\u00e8re - sectionsp\u00e9cialis\u00e9e \"\u00e9preuves et comp\u00e9titions sportives\" ;VU les avis des maires de Chivres et de Labergement-les-Seurre;VU l'avis favorable de la commission d\u00e9partementale de s\u00e9curit\u00e9 routi\u00e8re - section sp\u00e9cialis\u00e9e \"\u00e9preuves etcomp\u00e9titions sportives\" lors de sa r\u00e9union en salle du 29 juillet 2025;\nSous-pr\u00e9fecture de Beaune - 21-2025-09-17-00006 - Arr\u00eat\u00e9 pr\u00e9fectoral n\u00b0 1421 portant autorisation de la manifestation sportive avec\nparticipation de v\u00e9hicules terrestres \u00e0 moteur d\u00e9nomm\u00e9e \u00ab 1\u00e8re ronde classique du Val de Sa\u00f4ne\u00bb\n organis\u00e9e le samedi 20 septembre 2025\ndans les communes de Chivres et de Labergement-les-Seurre\n10\nCONSIDERANT que le dossier est complet ;CONSID\u00c9RANT que la commission d\u00e9partementale de la s\u00e9curit\u00e9 routi\u00e8re a \u00e9mis un avis favorable lors desa r\u00e9union en salle du 29 juillet 2025;\nARRETE :\nArticle 1er: La manifestation sportive intitul\u00e9e \u00ab1\u00e8re ronde classique du Val de Sa\u00f4ne\u00bb organis\u00e9e parl'\u00e9curie automobile des Climats de Bourgogne (sise 2, rue des Corroyeurs 21 000 Dijon) est autoris\u00e9e \u00e0 sed\u00e9rouler le samedi 20 septembre 2025, conform\u00e9ment aux modalit\u00e9s expos\u00e9es dans la demande susvis\u00e9e etdans le strict respect des r\u00e8gles techniques et de s\u00e9curit\u00e9 \u00e9dict\u00e9es par la f\u00e9d\u00e9ration fran\u00e7aise de sportautomobile.Article 2 : La longueur totale du parcours est de 10,2 kms dont 5,5 kms entre Chivres et Labergement-les-Seurre ferm\u00e9s \u00e0 la circulation de 8 heures \u00e0 18 heures conform\u00e9ment \u00e0 l'arr\u00eat\u00e9 pris par M. le pr\u00e9sident duconseil d\u00e9partemental (voir annexe);Article 3: Le num\u00e9ro de t\u00e9l\u00e9phone de M. SOUCELIER, directeur de la manifestation est le 06 24 98 73 67,celui de M. GUELAUD, directeur adjoint est le 07 82 82 10 67.Article 4 : Les zones autoris\u00e9es pour le public sont prot\u00e9g\u00e9es et d\u00e9limit\u00e9es par de la rubalise ;Article 5 : La manifestation est soumise \u00e0 l'\u00e9valuation des incidences Natura 2000. II n'est pas fait oppositionau d\u00e9roulement de celle-ci sous r\u00e9serve du suivi des prescriptions suivantes :-les itin\u00e9raires doivent \u00eatre balis\u00e9s afin de canaliser les participants et le public spectateur et d'enemp\u00eacher la divagation en dehors des secteurs qui leur sont d\u00e9di\u00e9s ;-les v\u00e9hicules doivent \u00eatre stationn\u00e9s sur des surfaces imperm\u00e9abilis\u00e9es de fa\u00e7on \u00e0 \u00e9viter les fuitesd'hydrocarbures dans l'environnement-les stockages de produits dommageables pour l'environnement seronts\u00e9curis\u00e9s;-le d\u00e9p\u00f4t d'ordures en dehors des zones pr\u00e9vues \u00e0 cet effet est interdit. Les d\u00e9chets devront \u00eatreramass\u00e9s, ramen\u00e9s et tri\u00e9s ;Article 6 : La pr\u00e9sente autorisation est accord\u00e9e sous r\u00e9serve que l'organisateur prenne \u00e0 sa charge les fraisn\u00e9cessit\u00e9s par la mise en place des dispositifs destin\u00e9s au maintien de la s\u00e9curit\u00e9 \u00e0 l'occasion dud\u00e9roulement de l'\u00e9preuve et assure la r\u00e9paration des dommages, d\u00e9gradations, modifications de toutessortes de la voie publique ou de ses d\u00e9pendances, imputables aux concurrents, aux organisateurs ou \u00e0 leurspr\u00e9pos\u00e9s.Article 7: En aucun cas la responsabilit\u00e9 de l'Etat et des communes ne pourra \u00eatre engag\u00e9e et aucunrecours ne pourra \u00e9ventuellement \u00eatre exerc\u00e9 contre eux.Article 8: La pr\u00e9sente autorisation peut \u00eatre suspendue ou rapport\u00e9e \u00e0 tout moment s'il appara\u00eet que lesconditions de s\u00e9curit\u00e9 ne se trouvent plus r\u00e9unies ou que l'organisateur, malgr\u00e9 la mise en demeure qui lui enest faite par l'autorit\u00e9 administrative, ne respecte plus ou ne fait plus respecter par les participants et lesspectateurs les dispositions pr\u00e9vues par le r\u00e8glement particulier de la manifestation en vue d'assurer leurprotection.Article 9: L'organisateur doit assurer et garantir l'acc\u00e8s et une circulation ais\u00e9e pour les engins de secours etde lutte contre l'incendie.En cas d'accident entra\u00eenant le sauvetage ou l'\u00e9vacuation de personnes, l'organisateur doit pr\u00e9venir lessapeurs-pompiers qui interviennent par appel au 18 ou au 112.Article 10 : Avant la manifestation, les organisateurs doivent interroger M\u00e9t\u00e9o France (notamment par lebiais du r\u00e9pondeur t\u00e9l\u00e9phonique: 08.99.71.02.21 ou par internet : www.meteofrance.com) afin de conna\u00eetre lacouleur de la carte de vigilance m\u00e9t\u00e9o et prendre toute mesure adapt\u00e9e. Dans l'hypoth\u00e8se d'une carteorange ou rouge, il leur appartient de prendre les dispositions qui s'imposent (voire d'annuler lamanifestation) et d'informer l'autorit\u00e9 municipale.\nSous-pr\u00e9fecture de Beaune - 21-2025-09-17-00006 - Arr\u00eat\u00e9 pr\u00e9fectoral n\u00b0 1421 portant autorisation de la manifestation sportive avec\nparticipation de v\u00e9hicules terrestres \u00e0 moteur d\u00e9nomm\u00e9e \u00ab 1\u00e8re ronde classique du Val de Sa\u00f4ne\u00bb\n organis\u00e9e le samedi 20 septembre 2025\ndans les communes de Chivres et de Labergement-les-Seurre\n11\n\u00e0Article 11: L'organisateur technique d\u00e9sign\u00e9 doit attester (attestation jointe) que l'ensemble des mesuressont prises conform\u00e9ment aux prescriptions contenues dans l'arr\u00eat\u00e9 pr\u00e9fectoral d'autorisation de l'\u00e9preuve.L'organisateur technique est charg\u00e9 de v\u00e9rifier et d'exiger, avant le commencement de la manifestation, quel'ensemble des conditions mises \u00e0 l'octroi de la pr\u00e9sente autorisation est effectivement respect\u00e9 et d'interdirela manifestation si ces conditions ne sont pas remplies.L'attestation ci-jointe devra \u00eatre transmise imm\u00e9diatement \u00e0 la sous-pr\u00e9fecture de Beaune par courriel \u00e0 sp-.beaune@cote-dor. gouv.frArticle 12: Le sous-pr\u00e9fet de l'arrondissement de Beaune, le pr\u00e9sident du conseil d\u00e9partemental de la C\u00f4te-d'Or, les mairesde Chivres et de Labergement-les-Seurre, le directeur d\u00e9partemental des services d'incendieet de secours, le directeur des services d\u00e9partementaux de l'\u00e9ducation nationale, la directrice \u2014d\u00e9partementale des territoires, le chef d'escadron commandant la compagnie de gendarmerie de Beaune,sont charg\u00e9s, chacun en ce qui le concerne, de l'ex\u00e9cution du pr\u00e9sent arr\u00eat\u00e9 dont copie sera adress\u00e9e auxrepr\u00e9sentants d\u00e9partementaux de la f\u00e9d\u00e9ration fran\u00e7aise de sport automobile et \u00e0 l'organisateur.Le pr\u00e9sent arr\u00eat\u00e9 sera publi\u00e9 au recueil des actes administratifs de la pr\u00e9fecture de la C\u00f4te-d'Or.\nLe sous-pr\u00e9fet de Beaune,\nsign\u00e9\nBeno\u00eet BYRSKI\nANNEXES :- trac\u00e9 du circuit- arr\u00eat\u00e9 du conseil d\u00e9partemental r\u00e9glementant la circulation et le stationnement \u00e0 l'occasion de la \u00ab 1\u00e8reronde classique du Val de Sa\u00f4ne \u00bb- fiche Itin\u00e9raire-Horaires\nSous-pr\u00e9fecture de Beaune - 21-2025-09-17-00006 - Arr\u00eat\u00e9 pr\u00e9fectoral n\u00b0 1421 portant autorisation de la manifestation sportive avec\nparticipation de v\u00e9hicules terrestres \u00e0 moteur d\u00e9nomm\u00e9e \u00ab 1\u00e8re ronde classique du Val de Sa\u00f4ne\u00bb\n organis\u00e9e le samedi 20 septembre 2025\ndans les communes de Chivres et de Labergement-les-Seurre\n12\n1\u00b0 ronde du Val de Sa\u00f4ne 20 septembre 2025di COUTS dVECU ZU UCD\n, a . / 'y ! |+ S25; ta D\u00e9chante \u00ef+4 |3\nSous-pr\u00e9fecture de Beaune - 21-2025-09-17-00006 - Arr\u00eat\u00e9 pr\u00e9fectoral n\u00b0 1421 portant autorisation de la manifestation sportive avec\nparticipation de v\u00e9hicules terrestres \u00e0 moteur d\u00e9nomm\u00e9e \u00ab 1\u00e8re ronde classique du Val de Sa\u00f4ne\u00bb\n organis\u00e9e le samedi 20 septembre 2025\ndans les communes de Chivres et de Labergement-les-Seurre\n13\nArr\u00eat\u00e9 temporaire n\u00b0 25-T-00344Portant r\u00e9glementation de la circulationsur la RD 12, communes de Chivres et Labergement-l\u00e8s-SeurreLe Pr\u00e9sident du Conseil D\u00e9partemental= Le Maire de la commune de ChivresVu le Code g\u00e9n\u00e9ral des collectivit\u00e9s territoriales et notamment les articles L. 2213-1 \u00e0 L. 2213-6 et L. 3221-4Vu le Code de la route et notamment les articles R. 411-8 et R. 411-25Vu l'Instruction interminist\u00e9rielle sur la signalisation routi\u00e8re et notamment le livre 1, 4\u00e8mepartie, signalisation de prescription et le livre 1, 8\u00e8me partie, signalisation temporaireVu l'avis favorable du Pr\u00e9fet en date du 21/07/2025Vu l'avis favorable du Maire de la commune de Labergement-l\u00e9s-Seurre en date du21/07/2025Vu l'avis favorable du service de la R\u00e9gion Bourgogne Franche-Comt\u00e9 en date du 19/08/2025Consid\u00e9rant qu'il y a lieu, pour des raisons de s\u00e9curit\u00e9 publique, de r\u00e9glementer lacirculation de la RD 12, \u00e0 l'occasion de l'organisation du rallye automobile \"l\u00e9re Rondeclassique du Val de Sa\u00f4ne\", sur le territoire des communes de Chivres et Labergement-l\u00e8s-Seurre, ARRETENT\nArticle 1.Le 20/09/2025 de 06h00 \u00e0 20h00, la circulation des v\u00e9hicules est interdite sur la RD 12 du PR340000 au PR 440455 (Chivres et Labergement-l\u00e8s-Seurre) situ\u00e9s en et hors agglom\u00e9ration.\nPage 1 sur 2\nSous-pr\u00e9fecture de Beaune - 21-2025-09-17-00006 - Arr\u00eat\u00e9 pr\u00e9fectoral n\u00b0 1421 portant autorisation de la manifestation sportive avec\nparticipation de v\u00e9hicules terrestres \u00e0 moteur d\u00e9nomm\u00e9e \u00ab 1\u00e8re ronde classique du Val de Sa\u00f4ne\u00bb\n organis\u00e9e le samedi 20 septembre 2025\ndans les communes de Chivres et de Labergement-les-Seurre\n14\nArticle 2DEVIATIONLe 20/09/2025 de 06h00 A 20h00, une d\u00e9viation est mise en place pour tous les v\u00e9hicules.Cette d\u00e9viation emprunte les voies suivantes:e RD 115 du PR 62+0056 au PR 65+0585 (Labergement--l\u00e8s-Seurre et Chivres) situ\u00e9s enet hors agglom\u00e9ratione RD 973 du PR 44+0000 au PR 47+0745 (Labergement-l\u00e9s-Seurre et Pouilly-sur-Sa\u00f4ne)situ\u00e9s en et hors agglom\u00e9ratione RD 12 du PR 0+0000 au PR 3+0000 (Pouilly-sur-Sa\u00f4ne et Labergement-l\u00e9s- Seurre)situ\u00e9s hors agglom\u00e9ration-\nArticle 3La signalisation r\u00e9glementaire conforme aux dispositions de I'Instruction Interminist\u00e9rielle surla signalisation routi\u00e8re sera mise en place par les services d\u00e9partementaux.La signalisation de l'itin\u00e9raire de d\u00e9viation sera mise en place par les services d\u00e9partementaux .Le Maire de la commune de Chivres, M. le Directeur G\u00e9n\u00e9ral des Services D\u00e9partementaux dela C\u00f4te-d'Or, M. le Commandant de Gendarmerie de la R\u00e9gion Bourgogne et le GroupementD\u00e9partemental de la C\u00f4te d'Or sont charg\u00e9s, chacun en ce qui les concerne, de l'ex\u00e9cution dupr\u00e9sentarr\u00eat\u00e9.Le Maire de la commune de Chivres est charg\u00e9 d'informer ses administr\u00e9s par voie depublication, notamment d'affichage.Le pr\u00e9sent arr\u00eat\u00e9 fera l'objet d'une publication sous forme \u00e9lectronique sur le site internet duConseil D\u00e9partemental de la C\u00f4te-d'Or.\nsil x : > 4Fait a Chivres, le A) . \u0178 LAS Fait \u00e0 Dijon, le o\u00f9 /69 [2625Le Maire de Chivres Le Pr\u00e9sident du Conseil D\u00e9partemental\nsci\" \u00e0 ota\nTritorialis\u00e9es\nJulien ROUET\nPage 2 sur 2\nSous-pr\u00e9fecture de Beaune - 21-2025-09-17-00006 - Arr\u00eat\u00e9 pr\u00e9fectoral n\u00b0 1421 portant autorisation de la manifestation sportive avec\nparticipation de v\u00e9hicules terrestres \u00e0 moteur d\u00e9nomm\u00e9e \u00ab 1\u00e8re ronde classique du Val de Sa\u00f4ne\u00bb\n organis\u00e9e le samedi 20 septembre 2025\ndans les communes de Chivres et de Labergement-les-Seurre\n15\nosug!|006',\njuswaDbieqe7jueuedno16e:yesouejsisse9Jed991uzVSH9\nLSu\u00ffLOSUPL\nOOUEL\n-J@oouesissesed291ju7cvusl|LrUusLorvuslLOZuULLSLUZL|OLUZL|SOUZL|SSUgL\u00a9uonesijesjneu6EugL|BeUusLZEu8LZLULLcLUZL|LOUZL|ZOUZL|zSUgL|2pugLiS008'ZSOIAIUDSHOveyslL|EeyusrTEugLZLULLLOUZL|ZOUZL|LZSUSL|ZpugL|zPrugLJueweBieqgeavHOjuswednoibelsedalosino}ewes-edej9019}-$Z0Zesquie}des07Ipeules|yusweabiege]cOULL|LOUZLOOUZLOvUSLSeusL|O\u20acYSL|szucr|SLUSL|OLUSL\"SL006'1jueWednoiBoiVtHOJeaouejsissediedsanuyLvugL|SPUOLSyuglSzustOCUSL|SLUSL|OLUSL|OOUSL|S\u00e7upL\u20acuonesijesjneu\u00ffrugl|\u20acpugLcruglTzustZLUSLTIUSLZOUSL|ZSU\u00ffL|ZSUPLiS009'2SdJAIYD+H9\u00e9euol|geugr|zeugr|ziuss|ziust|zoust|zou|zoubi|zouHOUSEgeHOjuowednoi6s1sedaiyiosINO}euley_-ede39019}-$Z0ZesquIe}desOz[peesjuawebiege7ZOUSL|SOUSLSOUSLSvucLOvueL|SEYEL|OEUCL|OZUEL|SLUELEL006'1juewadnolbesVeHD\n8046\u00a3ou6\nJoaoue}sisseojed2910GOUELuonesijeqneu6vurL|gpubl|Zpupi|zzuer|zzueL|ziuet|zLuer|zouer|zouz|s008'zSSJAIUO\u20acH9veurl|publ|publ|zzuer\u00c0ziuer|ziuer|zouer|zsuzi|zsuzLwauebiege'|azHOjuawiednosbelded.alyiosino}ewes\u2014-_ede39219}-S70ZequiejdesOzjpoulesquoweBbiege]\ncruel|Lvuzl|ovuzr|ozuss|sturt|orutt|sourt|ssuor|osuor|ct006'LueuednoielWZHOJesoueysisse91ed2910Zzuz|'ozuzr|szuzt|souss|oourt|ssuor|osuor|opuor|scuor|\u20acuonesijejneuveuzl|ezuzt|zzuzt|zou|zsuor|zsuor|zpuot|zeuor|zeuor|0082SSJAIUOzHO6Luzt|giuzl|ziuzs|zsuor|zsuor|zpuor|zpuor|zeuos|zzuorRORIEEgLHO:juswednoibalsedaljiog4no}eulez_-ede}9e194-5207elquie;desoz|peulesjuswebiegeySpuoL|pruoL\u00a3puoL\u00a3zu68Lu6juowednosbesVLHOssus|gpug|epug|seus\u20ac\"uojjesi|e.neuLzuor|ozuor|szuoLsoue|oou6|ssug|osug|opue|seuS008'zSOINIUQLHOzuol|Lzuot|ozuor|oous|sous|osug|spug|seug|ocuewoubieqe)0HOjuewednoiBessuedalyios4no}Je,-_edej9019)-S702eiquiesdesozjpoulesowepow9pajunoas|oon.e610|sers|oo|cue\u00b000|0H|our|swonylue\"sdus|wy|SIN818IOUR]b+b+08+HHS-H|o1-H|SIH|,Sz-H|,0c-HGzozs1quiaidosOza]ouvres9P[2AOpAsto]oponbisseppapuodTr\nSous-pr\u00e9fecture de Beaune - 21-2025-09-17-00006 - Arr\u00eat\u00e9 pr\u00e9fectoral n\u00b0 1421 portant autorisation de la manifestation sportive avec\nparticipation de v\u00e9hicules terrestres \u00e0 moteur d\u00e9nomm\u00e9e \u00ab 1\u00e8re ronde classique du Val de Sa\u00f4ne\u00bb\n organis\u00e9e le samedi 20 septembre 2025\ndans les communes de Chivres et de Labergement-les-Seurre\n16","date":"2025-09-19","first_seen_on":"2025-09-19T16:14:20+00:00","id":"f337009742200b2397b814ef194cc7ff097321cf7f74460b3a405aa4be6a9e82","name":"RAA n\u00b0 129 du 19 septembre 2025","pdf_creation_date":"2025-09-19T14:32:36+00:00","pdf_modification_date":null,"timezone":"Europe/Paris","url":"https://www.cote-dor.gouv.fr/contenu/telechargement/24282/184670/file/recueil-21-2025-129-recueil-des-actes-administratifs-special.pdf"}
