{"administration":"pref83","administration_name":"Pr\u00e9fecture du Var","content":"VAR\nRECUEIL DES ACTES\nADMINISTRATIFS\nN\u00b083-2025-411\nPUBLI\u00c9 LE  5 D\u00c9CEMBRE 2025\nSommaire\nAgence r\u00e9gionale de sant\u00e9 PACA / Direction de l'ARS PACA\n83-2025-12-01-00009 - 2025 modif agr\u00e9ment AMS (2 pages) Page 3\n83-2025-12-01-00010 - 2025 modif agr\u00e9ment ENCLOS (2 pages) Page 6\n83-2025-12-01-00011 - 2025 modif agr\u00e9ment LE VAL (2 pages) Page 9\n83-2025-12-02-00004 - 2025 modif agr\u00e9ment VAR ASSISTANCE (2 pages) Page 12\n83-2025-12-02-00005 - 2025 modif agr\u00e9ment VIGNE ET GAUTHIER (2\npages) Page 15\n83-2025-12-01-00008 - 20251201 modif agr\u00e9ment LES BLEUETS (2 pages) Page 18\n83-2025-12-01-00007 - 20251201 modif agr\u00e9ment RIVIERA (2 pages) Page 21\nCentre hospitalier Brignoles Le Luc-en -Provence / Direction CH Brignoles Le\nLuc en Provence\n83-2025-12-01-00004 - D\u00e9cision portant d\u00e9l\u00e9gation de signature (3\npages) Page 24\nDirection d\u00e9partementale des territoires et de la mer du Var / Service\nplanifications et prospective de la DDTM\n83-2025-11-26-00007 - RAA Nans Ap ouverture EP ZAP convertedToPDF (6\npages) Page 28\nPr\u00e9fecture du VAR / Direction de la citoyennet\u00e9 et de la l\u00e9galit\u00e9\n83-2025-12-04-00006 - ARRETE n\u00b0 DCL/BERG/2025/275 du 04 d\u00e9cembre\n2025 portant classement de la commune de Sanary-sur-Mer comme station\nde tourisme. (3 pages) Page 35\n2\nAgence r\u00e9gionale de sant\u00e9 PACA\n83-2025-12-01-00009\n2025 modif agr\u00e9ment AMS\nAgence r\u00e9gionale de sant\u00e9 PACA - 83-2025-12-01-00009 - 2025 modif agr\u00e9ment AMS 3\nE 3R\u00c9PUBLIQUEFRAN\u00c7AISELibert\u00e9Egalit\u00e9Fraternit\u00e9\nAr@ D Agence R\u00e9gionale de Sant\u00e9Provence-AlpesC\u00f4te d'Azur\n \n             Page 1/2 \n \n \nDECISION N\u00b0 DD83-1225-12128-D PORTANT MODIFICATION DE L'AGREMENT N\u00b083-15-160 DE LA \nSOCIETE AMBULANCE A.M.S. \n \nLe Directeur G\u00e9n\u00e9ral de l'Agence R\u00e9gionale de Sant\u00e9 Provence-Alpes-C\u00f4te d'Azur \nVU le code de la sant\u00e9 publique et notamment ses articles L.6312-1 \u00e0 L.6313-1 et R.6312-1 \u00e0 R.6314-6 ; \n \nVU l'ordonnance n\u00b0 2010-177 du 23 f\u00e9vrier 2010 de coordination avec la loi n\u00b0 2009-879 du 21 juillet 2009 portant \nr\u00e9forme de l'h\u00f4pital et relative aux patients, \u00e0 la sant\u00e9 et aux territoires ;  \n \nVU le d\u00e9cret n\u00b0 2010-344 du 31 mars 2010 tirant les cons\u00e9quences, au niveau r\u00e9glementaire, de l'intervention de \nla loi n\u00b0 2009-879 du 21 juillet 2009 portant r\u00e9forme de l'h\u00f4pital et relative aux patients, \u00e0 la sant\u00e9 et aux territoires \n(Art 211) ; \n \nVU l'arr\u00eat\u00e9 du 21 d\u00e9cembre 1987 modifi\u00e9 relatif \u00e0 la composition du dossier d'agr\u00e9ment des personnes effectuant \ndes transports sanitaires terrestres et au contr\u00f4le des v\u00e9hicules affect\u00e9s aux transports sanitaires terrestres ; \n \nVU l'arr\u00eat\u00e9 du 5 octobre 1995 relatif \u00e0 l'autorisation de mise en service des v\u00e9hicules affect\u00e9s aux transports \nsanitaires terrestres ; \n \nVU l'arr\u00eat\u00e9 du 12 d\u00e9cembre 2017 fixant les caract\u00e9ristiques et les installations mat\u00e9rielles exig\u00e9es pour les \nv\u00e9hicules affect\u00e9s aux transports sanitaires terrestres ; \n \nVU la d\u00e9cision en date du 30 octobre 2015  portant agr\u00e9ment de la soci\u00e9t\u00e9 AMBULANCE Assistance M\u00e9dicale \nSecours (AMS) pour effectuer les transports sanitaires terrestres ; \n \nVU le d\u00e9cret du 16 juillet 2024 portant nomination de Monsieur Yann BUBIEN, en qualit\u00e9 de Directeur g\u00e9n\u00e9ral, de \nl'Agence r\u00e9gionale de sant\u00e9 Provence-Alpes-C\u00f4te d'Azur ; \n \nVU l'arr\u00eat\u00e9 du directeur g\u00e9n\u00e9ral de l'Agence r\u00e9gionale de sant\u00e9 Provence -Alpes-C\u00f4te d'Azur en date du 18 juillet \n2024 portant d\u00e9l\u00e9gation de signature de Monsieur S\u00e9bastien MONIE directeur d\u00e9partemental du Var ;  \n \nVU l'appel \u00e0 candidatures publi\u00e9 le 08 juillet 2024 visant \u00e0 renforcer l'offre de transport sanitaire sur le secteur de \nSaint-Tropez ; \n \nVU le courrier en date du 18 d\u00e9cembre 2024, notifiant \u00e0 la soci\u00e9t\u00e9 AMBULANCE Assistance M\u00e9dicale Secours \n(AMS) l'obtention d'une AMS (autorisations de mise en service) VSL ; \n \nVU l'arr\u00eat\u00e9 n\u00b0 DD83 -0225-1005-D fixant le nombre th\u00e9orique d'autorisations de mise en service des v\u00e9hicules \naffect\u00e9s aux transport sanitaires terrestres dans le Var. \n \nCONSIDERANT que les installations mat\u00e9rielles pr\u00e9vues au 3\u00b0 de l'article R.6312-13 du code de la sant\u00e9 publique \nsont conformes ; \nCONSIDERANT l'instruction du dossier \u00e0 l'appel \u00e0 candidatures et le tirage au sort en sous-comit\u00e9 des transports \nsanitaires du Var le 12 d\u00e9cembre 2024 ;  \n \nSur proposition du directeur d\u00e9partemental de la d\u00e9l\u00e9gation du Var de l'Agence r\u00e9gionale de sant\u00e9 Provence -\nAlpes-C\u00f4te d'Azur ; \n \nDECIDE \n \n  \nAgence r\u00e9gionale de sant\u00e9 PACA - 83-2025-12-01-00009 - 2025 modif agr\u00e9ment AMS 4\n             Page 2/2 \n \n \nArticle 1 : L'agr\u00e9ment d\u00e9livr\u00e9 le 15 octobre 2015 est modifi\u00e9 par l'ajout d'un VSL comme suit  pour les v\u00e9hicules \nautoris\u00e9s : \n \nCOMPOSITION DU PARC AUTOMOBILE ACTUEL \nNUMERO \nIMMATRICULATION TYPE MARQUE LIEU \nD'IMPLANTATION \nDATE DE \nMISE \nEN  \nSERVICE \nDATE DE \nCONTROLE \nARS \nGN-135-SQ A ASSU VOLKSWAGEN Sainte-Maxime 10/05/2023 09/05/2023 \nGQ-585-MY D VSL SKODA Sainte-Maxime 03/08/2023 02/08/2023 \nGK-851-ZB A ASSU VOLKSWAGEN Sainte-Maxime 15/12/2022 14/12/2022 \nHD-237-EL C AMBU RENAULT Sainte-Maxime 19/05/2025 18/05/2025 \nHB-703-BH D VSL SKODA Sainte-\nMaxime 14/02/2025 13/02/2025 \n \nLe reste est sans changement. \n \nArticle 2 : La pr\u00e9sente d\u00e9cision peut \u00eatre contest\u00e9e par voie de recours gracieux aupr\u00e8s du directeur g\u00e9n\u00e9ral de \nl'Agence r\u00e9gionale de sant\u00e9 Provence Alpes C\u00f4te d'Azur et/ou de recours contentieux devant la juridiction \nadministrative territorialement comp\u00e9tente dans l e d\u00e9lai de 2 mois \u00e0 compter de sa publication pour les tiers ou \nde sa notification pour les int\u00e9ress\u00e9s. \n \n \nArticle 3  : Le directeur g\u00e9n\u00e9ral de l'Agence r\u00e9gionale de sant\u00e9 Provence -Alpes-C\u00f4te d'Azur est charg\u00e9 de \nl'ex\u00e9cution de la pr\u00e9sente d\u00e9cision qui sera publi\u00e9e au Recueil des Actes Administratifs de la pr\u00e9fecture du \nd\u00e9partement du Var. \n \n                                                                                            Le Pr\u00e9fet et par d\u00e9l\u00e9gation \nFait \u00e0 Toulon, le 1er d\u00e9cembre 2025 \n \nPour Le Directeur g\u00e9n\u00e9ral de \nl'agence r\u00e9gionale de sant\u00e9 PACA,  \nle directeur adjoint de la d\u00e9l\u00e9gation d\u00e9partementale  \ndu Var \n \nSIGNE \n \nNicolas LAMPIRE \nAgence r\u00e9gionale de sant\u00e9 PACA - 83-2025-12-01-00009 - 2025 modif agr\u00e9ment AMS 5\nAgence r\u00e9gionale de sant\u00e9 PACA\n83-2025-12-01-00010\n2025 modif agr\u00e9ment ENCLOS\nAgence r\u00e9gionale de sant\u00e9 PACA - 83-2025-12-01-00010 - 2025 modif agr\u00e9ment ENCLOS 6\nE 3R\u00c9PUBLIQUEFRAN\u00c7AISELibert\u00e9Egalit\u00e9Fraternit\u00e9\nAr@ D Agence R\u00e9gionale de Sant\u00e9Provence-AlpesC\u00f4te d'Azur\n \n             Page 1/2 \n \n \nDECISION N\u00b0 DD83-1225-12135-D PORTANT MODIFICATION DE L'AGREMENT N\u00b083-06-118 DE LA SARL \nAMBULANCES L'ENCLOS \n \nLe Directeur G\u00e9n\u00e9ral de l'Agence R\u00e9gionale de Sant\u00e9 Provence-Alpes-C\u00f4te d'Azur \nVU le code de la sant\u00e9 publique et notamment ses articles L.6312-1 \u00e0 L.6313-1 et R.6312-1 \u00e0 R.6314-6 ; \n \nVU l'ordonnance n\u00b0 2010-177 du 23 f\u00e9vrier 2010 de coordination avec la loi n\u00b0 2009-879 du 21 juillet 2009 portant \nr\u00e9forme de l'h\u00f4pital et relative aux patients, \u00e0 la sant\u00e9 et aux territoires ;  \n \nVU le d\u00e9cret n\u00b0 2010-344 du 31 mars 2010 tirant les cons\u00e9quences, au niveau r\u00e9glementaire, de l'intervention de \nla loi n\u00b0 2009-879 du 21 juillet 2009 portant r\u00e9forme de l'h\u00f4pital et relative aux patients, \u00e0 la sant\u00e9 et aux territoires \n(Art 211) ; \n \nVU l'arr\u00eat\u00e9 du 21 d\u00e9cembre 1987 modifi\u00e9 relatif \u00e0 la composition du dossier d'agr\u00e9ment des personnes effectuant \ndes transports sanitaires terrestres et au contr\u00f4le des v\u00e9hicules affect\u00e9s aux transports sanitaires terrestres ; \n \nVU l'arr\u00eat\u00e9 du 5 octobre 1995 relatif \u00e0 l'autorisation de mise en service des v\u00e9hicules affect\u00e9s aux transports \nsanitaires terrestres ; \n \nVU l'arr\u00eat\u00e9 du 12 d\u00e9cembre 2017 fixant les caract\u00e9ristiques et les installations mat\u00e9rielles exig\u00e9es pour les \nv\u00e9hicules affect\u00e9s aux transports sanitaires terrestres ; \n \nVU l 'arr\u00eat\u00e9 portant agr\u00e9ment de la SARL AMBULANCES L'ENCLOS pour effectuer les transports sanitaires \nterrestres ; \n \nVU le d\u00e9cret du 16 juillet 2024 portant nomination de Monsieur Yann BUBIEN, en qualit\u00e9 de Directeur g\u00e9n\u00e9ral, de \nl'Agence r\u00e9gionale de sant\u00e9 Provence-Alpes-C\u00f4te d'Azur ; \n \nVU l'arr\u00eat\u00e9 du directeur g\u00e9n\u00e9ral de l'Agence r\u00e9gionale de sant\u00e9 Provence-Alpes-C\u00f4te d'Azur en date du 18 juillet \n2024 portant d\u00e9l\u00e9gation de signature de Monsieur S\u00e9bastien MONIE directeur d\u00e9partemental du Var ;  \n \nVU l'appel \u00e0 candidatures publi\u00e9 le 08 juillet 2024 visant \u00e0 renforcer l'offre de transport sanitaire sur le secteur de \nBrignoles ; \n \nVU le courrier en date du 18 d\u00e9cembre 2024, notifiant \u00e0 la SARL AMBULANCES L'ENCLOS l'obtention d'une \nAMS (autorisations de mise en service) de VSL ; \n \nVU l'arr\u00eat\u00e9 n\u00b0 DD83 -0225-1005-D fixant le nombre th\u00e9orique d'autorisations de mise en service des v\u00e9hicules \naffect\u00e9s aux transport sanitaires terrestres dans le Var. \n \nCONSIDERANT que les installations mat\u00e9rielles pr\u00e9vues au 3\u00b0 de l'article R.6312-13 du code de la sant\u00e9 publique \nsont conformes ; \nCONSIDERANT l'instruction du dossier \u00e0 l'appel \u00e0 candidatures et l'avis en sous-comit\u00e9 des transports sanitaires \ndu Var le 12 d\u00e9cembre 2024 ;  \nCONSIDERANT la r\u00e9gularisation des TPMR conform\u00e9ment au cahier des charges entr\u00e9 en vigueur avec l'avenant \n9 du 06 d\u00e9cembre 2019 de la convention nationale des Transports Sanitaires ;  \n \nSur proposition du directeur d\u00e9partemental de la d\u00e9l\u00e9gation du Var de l'Agence r\u00e9gionale de sant\u00e9 Provence -\nAlpes-C\u00f4te d'Azur ; \n \nDECIDE \n \nAgence r\u00e9gionale de sant\u00e9 PACA - 83-2025-12-01-00010 - 2025 modif agr\u00e9ment ENCLOS 7\n             Page 2/2 \n \n \nArticle 1  : L'agr\u00e9ment d\u00e9livr\u00e9 le 17 juillet 2006  est modifi\u00e9 par l'ajout d'un VSL  dans le cadre de l'appel \u00e0 \ncandidatures et la r\u00e9gularisation des VSL TPMR comme suit  pour les v\u00e9hicules autoris\u00e9s : \n \n \nCOMPOSITION DU PARC AUTOMOBILE ACTUEL \nNUMERO \nIMMATRICULATION TYPE MARQUE \nLIEU \nD'IMPLANT\nATION \nDATE DE \nMISE \nEN  \nSERVICE \nDATE DE \nCONTROLE \nARS \nGM-457-MJ C AMBU NISSAN Tavernes 08/03/2023 07/03/2023 \nHD-041-WZ D VSL HYUNDAI Tavernes 27/07/2025 26/07/2025 \nHF-246-FS *VSL TPMR VOLKSWAGEN Tavernes 10/06/2025 09/06/2025 \nGC-289-PH *VSL TPMR PEUGEOT Tavernes 01/04/2025  \nGL-193-ZQ *VSL TPMR VOLKSWAGEN Tavernes 01/04/2025  \nGV-261-VR *VSL TPMR FORD Tavernes 01/04/2025  \nHA-673-EC *VSL TPMR FORD Tavernes 01/04/2025  \nFH-747-RS *VSL TPMR VOLKSWAGEN Tavernes 01/04/2025  \nFQ-129-BV *VSL TPMR  VOLKSWAGEN Tavernes 01/04/2025  \nEF-937-FR *VSL TPMR FORD Tavernes 01/04/2025  \nEY-618-XW *VSL TPMR PEUGEOT Tavernes 01/04/2025  \nHB-615-GP *VSL TPMR VOLKSWAGEN Tavernes 27/07/2025 26/07/2025 \n \nLe reste est sans changement. \n \nArticle 2 : La pr\u00e9sente d\u00e9cision peut \u00eatre contest\u00e9e par voie de recours gracieux aupr\u00e8s du directeur g\u00e9n\u00e9ral de \nl'Agence r\u00e9gionale de sant\u00e9 Provence Alpes C\u00f4te d'Azur et/ou de recours contentieux devant la juridiction \nadministrative territorialement comp\u00e9tente dans l e d\u00e9lai de 2 mois \u00e0 compter de sa publication pour les tiers ou \nde sa notification pour les int\u00e9ress\u00e9s. \n \n \nArticle 3  : Le directeur g\u00e9n\u00e9ral de l'Agence r\u00e9gionale de sant\u00e9 Provence -Alpes-C\u00f4te d'Azur est charg\u00e9 de \nl'ex\u00e9cution de la pr\u00e9sente d\u00e9cision qui sera publi\u00e9e au Recueil des Actes Administratifs de la pr\u00e9fecture du \nd\u00e9partement du Var. \n \n                                                                                            \nFait \u00e0 Toulon, le 1er d\u00e9cembre 2025 \n \nPour le Pr\u00e9fet et par d\u00e9l\u00e9gation, \n \nPour Le Directeur g\u00e9n\u00e9ral de \nl'agence r\u00e9gionale de sant\u00e9 PACA,  \nle directeur adjoint de la d\u00e9l\u00e9gation d\u00e9partementale  \ndu Var \n \nSIGNE \n \nNicolas LAMPIRE \nAgence r\u00e9gionale de sant\u00e9 PACA - 83-2025-12-01-00010 - 2025 modif agr\u00e9ment ENCLOS 8\nAgence r\u00e9gionale de sant\u00e9 PACA\n83-2025-12-01-00011\n2025 modif agr\u00e9ment LE VAL\nAgence r\u00e9gionale de sant\u00e9 PACA - 83-2025-12-01-00011 - 2025 modif agr\u00e9ment LE VAL 9\nE 3R\u00c9PUBLIQUEFRAN\u00c7AISELibert\u00e9Egalit\u00e9Fraternit\u00e9\nAr@ D Agence R\u00e9gionale de Sant\u00e9Provence-AlpesC\u00f4te d'Azur\n \n             Page 1/2 \n \n \nDECISION N\u00b0 DD83-1225-12137-D PORTANT MODIFICATION DE L'AGREMENT N\u00b083-08-131 DE LA SARL \nLE VAL AMBULANCE \n \nLe Directeur G\u00e9n\u00e9ral de l'Agence R\u00e9gionale de Sant\u00e9 Provence-Alpes-C\u00f4te d'Azur \nVU le code de la sant\u00e9 publique et notamment ses articles L.6312-1 \u00e0 L.6313-1 et R.6312-1 \u00e0 R.6314-6 ; \n \nVU l'ordonnance n\u00b0 2010-177 du 23 f\u00e9vrier 2010 de coordination avec la loi n\u00b0 2009-879 du 21 juillet 2009 portant \nr\u00e9forme de l'h\u00f4pital et relative aux patients, \u00e0 la sant\u00e9 et aux territoires ;  \n \nVU le d\u00e9cret n\u00b0 2010-344 du 31 mars 2010 tirant les cons\u00e9quences, au niveau r\u00e9glementaire, de l'intervention de \nla loi n\u00b0 2009-879 du 21 juillet 2009 portant r\u00e9forme de l'h\u00f4pital et relative aux patients, \u00e0 la sant\u00e9 et aux territoires \n(Art 211) ; \n \nVU l'arr\u00eat\u00e9 du 21 d\u00e9cembre 1987 modifi\u00e9 relatif \u00e0 la composition du dossier d'agr\u00e9ment des personnes effectuant \ndes transports sanitaires terrestres et au contr\u00f4le des v\u00e9hicules affect\u00e9s aux transports sanitaires terrestres ; \n \nVU l'arr\u00eat\u00e9 du 5 octobre 1995 relatif \u00e0 l'autorisation de mise en service des v\u00e9hicules affect\u00e9s aux transports \nsanitaires terrestres ; \n \nVU l'arr\u00eat\u00e9 du 12 d\u00e9cembre 2017 fixant les caract\u00e9ristiques et les installations mat\u00e9rielles exig\u00e9es pour les \nv\u00e9hicules affect\u00e9s aux transports sanitaires terrestres ; \n \nVU l 'arr\u00eat\u00e9 portant agr\u00e9ment de la SARL LE VAL AMBULANCE  pour effectuer les transports sanitaires  \nterrestres ; \n \nVU le d\u00e9cret du 16 juillet 2024 portant nomination de Monsieur Yann BUBIEN, en qualit\u00e9 de Directeur g\u00e9n\u00e9ral, de \nl'Agence r\u00e9gionale de sant\u00e9 Provence-Alpes-C\u00f4te d'Azur ; \n \nVU l'arr\u00eat\u00e9 du directeur g\u00e9n\u00e9ral de l'Agence r\u00e9gionale de sant\u00e9 Provence-Alpes-C\u00f4te d'Azur en date du 18 juillet \n2024 portant d\u00e9l\u00e9gation de signature de Monsieur S\u00e9bastien MONIE directeur d\u00e9partemental du Var ;  \n \nVU l'appel \u00e0 candidatures publi\u00e9 le 08 juillet 2024 visant \u00e0 renforcer l'offre de transport sanitaire sur le secteur de \nBrignoles ; \n \nVU le courrier en date du 18 d\u00e9cembre 2024, notifiant \u00e0 la SARL LE VAL AMBULANCE  l'obtention d'une AMS \n(autorisations de mise en service) de VSL ; \n \nVU l'arr\u00eat\u00e9 n\u00b0 DD83 -0225-1005-D fixant le nombre th\u00e9orique d'autorisations de mise en service des v\u00e9hicules \naffect\u00e9s aux transport sanitaires terrestres dans le Var. \n \nCONSIDERANT que les installations mat\u00e9rielles pr\u00e9vues au 3\u00b0 de l'article R.6312-13 du code de la sant\u00e9 publique \nsont conformes ; \nCONSIDERANT l'instruction du dossier \u00e0 l'appel \u00e0 candidatures et l'avis en sous-comit\u00e9 des transports sanitaires \ndu Var le 12 d\u00e9cembre 2024 ;  \n \nSur proposition du directeur d\u00e9partemental de la d\u00e9l\u00e9gation du Var de l'Agence r\u00e9gionale de sant\u00e9 Provence -\nAlpes-C\u00f4te d'Azur ; \n \nDECIDE \n \n \nAgence r\u00e9gionale de sant\u00e9 PACA - 83-2025-12-01-00011 - 2025 modif agr\u00e9ment LE VAL 10\n             Page 2/2 \n \nArticle 1  : L'agr\u00e9ment d\u00e9livr\u00e9 le 16 juin 2008  est modifi\u00e9 par l'ajout d'un VSL  dans le cadre de l'appel \u00e0 \ncandidatures comme suit  pour les v\u00e9hicules autoris\u00e9s : \n \nCOMPOSITION DU PARC AUTOMOBILE ACTUEL \nNUMERO \nIMMATRICULATION TYPE MARQUE LIEU \nD'IMPLANTATION \nDATE DE MISE \nEN  \nSERVICE \nDATE DE \nCONTROLE \nARS \nFW-539-ZJ C AMBU FORD Le Val 24/02/2021 23/02/2021 \nGE-346-YG C AMBU FORD Le Val 22/02/2024 21/02/2024 \nEZ-072-TA D VSL RENAULT Le Val 17/02/2025 16/02/2025 \n \n \nLe reste est sans changement. \n \nArticle 2 : La pr\u00e9sente d\u00e9cision peut \u00eatre contest\u00e9e par voie de recours gracieux aupr\u00e8s du directeur g\u00e9n\u00e9ral de \nl'Agence r\u00e9gionale de sant\u00e9 Provence Alpes C\u00f4te d'Azur et/ou de recours contentieux devant la juridiction \nadministrative territorialement comp\u00e9tente dans l e d\u00e9lai de 2 mois \u00e0 compter de sa publication pour les tiers ou \nde sa notification pour les int\u00e9ress\u00e9s. \n \n \nArticle 3  : Le directeur g\u00e9n\u00e9ral de l'Agence r\u00e9gionale de sant\u00e9 Provence -Alpes-C\u00f4te d'Azur est charg\u00e9 de \nl'ex\u00e9cution de la pr\u00e9sente d\u00e9cision qui sera publi\u00e9e au Recueil des Actes Administratifs de la pr\u00e9fecture du \nd\u00e9partement du Var. \n \n \n \nFait \u00e0 Toulon, le 1er d\u00e9cembre 2025 \nPour le Pr\u00e9fet et par d\u00e9l\u00e9gation \nPour Le Directeur g\u00e9n\u00e9ral de \nl'agence r\u00e9gionale de sant\u00e9 PACA,  \nle directeur adjoint de la d\u00e9l\u00e9gation d\u00e9partementale  \ndu Var \n \nSIGNE \n \nNicolas LAMPIRE \nAgence r\u00e9gionale de sant\u00e9 PACA - 83-2025-12-01-00011 - 2025 modif agr\u00e9ment LE VAL 11\nAgence r\u00e9gionale de sant\u00e9 PACA\n83-2025-12-02-00004\n2025 modif agr\u00e9ment VAR ASSISTANCE\nAgence r\u00e9gionale de sant\u00e9 PACA - 83-2025-12-02-00004 - 2025 modif agr\u00e9ment VAR ASSISTANCE 12\nE 3R\u00c9PUBLIQUEFRAN\u00c7AISELibert\u00e9Egalit\u00e9Fraternit\u00e9\nAr@ D Agence R\u00e9gionale de Sant\u00e9Provence-AlpesC\u00f4te d'Azur\n \n             Page 1/2 \n \n \nDECISION N\u00b0 DD83-1225-12189-D PORTANT MODIFICATION DE L'AGREMENT N\u00b083-89-042  DE LA \nSOCIETE VAR ASSISTANCE IMPLANTATION DE BRIGNOLES \n \nLe Directeur G\u00e9n\u00e9ral de l'Agence R\u00e9gionale de Sant\u00e9 Provence-Alpes-C\u00f4te d'Azur \nVU le code de la sant\u00e9 publique et notamment ses articles L.6312-1 \u00e0 L.6313-1 et R.6312-1 \u00e0 R.6314-6 ; \n \nVU l'ordonnance n\u00b0 2010-177 du 23 f\u00e9vrier 2010 de coordination avec la loi n\u00b0 2009-879 du 21 juillet 2009 portant \nr\u00e9forme de l'h\u00f4pital et relative aux patients, \u00e0 la sant\u00e9 et aux territoires ;  \n \nVU le d\u00e9cret n\u00b0 2010-344 du 31 mars 2010 tirant les cons\u00e9quences, au niveau r\u00e9glementaire, de l'intervention de \nla loi n\u00b0 2009-879 du 21 juillet 2009 portant r\u00e9forme de l'h\u00f4pital et relative aux patients, \u00e0 la sant\u00e9 et aux territoires \n(Art 211) ; \n \nVU l'arr\u00eat\u00e9 du 21 d\u00e9cembre 1987 modifi\u00e9 relatif \u00e0 la composition du dossier d'agr\u00e9ment des personnes effectuant \ndes transports sanitaires terrestres et au contr\u00f4le des v\u00e9hicules affect\u00e9s aux transports sanitaires terrestres ; \n \nVU l'arr\u00eat\u00e9 du 5 octobre 1995 relatif \u00e0 l'autorisation de mise en service des v\u00e9hicules affect\u00e9s aux transports \nsanitaires terrestres ; \n \nVU l'arr\u00eat\u00e9 du 12 d\u00e9cembre 2017 fixant les caract\u00e9ristiques et les installations mat\u00e9rielles exig\u00e9es pour les \nv\u00e9hicules affect\u00e9s aux transports sanitaires terrestres ; \n \nVU l'arr\u00eat\u00e9 pr\u00e9fectoral en date du 29 novembre 1989 portant agr\u00e9ment sous le n\u00b0 83.89.042 de la Soci\u00e9t\u00e9 Var \nAssistance, sise Impasse Lavoisier - 83160 LA VALETTE ; \n \nVU le d\u00e9cret du 16 juillet 2024 portant nomination de Monsieur Yann BUBIEN, en qualit\u00e9 de Directeur g\u00e9n\u00e9ral, de \nl'Agence r\u00e9gionale de sant\u00e9 Provence-Alpes-C\u00f4te d'Azur ; \n \nVU l'arr\u00eat\u00e9 du directeur g\u00e9n\u00e9ral de l'Agence r\u00e9gionale de sant\u00e9 Provence -Alpes-C\u00f4te d'Azur en date du 18 juillet \n2024 portant d\u00e9l\u00e9gation de signature de Monsieur S\u00e9bastien MONIE directeur d\u00e9partemental du Var ;  \n \nVU l'appel \u00e0 candidatures publi\u00e9 le 08 juillet 2024 visant \u00e0 renforcer l'offre de transport sanitaire sur le secteur de \nBrignoles ; \n \nVU le courrier en date du 18 d\u00e9cembre 2024, notifiant \u00e0 la soci\u00e9t\u00e9 VAR ASSISTANCE  l'obtention d'une AMS \n(autorisations de mise en service) de VSL ; \n \nVU l'arr\u00eat\u00e9 n\u00b0 DD83 -0225-1005-D fixant le nombre th\u00e9orique d'autorisations de mise en service des v\u00e9hicules \naffect\u00e9s aux transport sanitaires terrestres dans le Var. \n \nCONSIDERANT que les installations mat\u00e9rielles pr\u00e9vues au 3\u00b0 de l'article R.6312-13 du code de la sant\u00e9 publique \nsont conformes ; \nCONSIDERANT l'instruction du dossier \u00e0 l'appel \u00e0 candidatures et l'avis en sous-comit\u00e9 des transports sanitaires \ndu Var le 12 d\u00e9cembre 2024 ;  \n \nSur proposition du directeur d\u00e9partemental de la d\u00e9l\u00e9gation du Var de l'Agence r\u00e9gionale de sant\u00e9 Provence -\nAlpes-C\u00f4te d'Azur ; \n \nDECIDE \n \n \nAgence r\u00e9gionale de sant\u00e9 PACA - 83-2025-12-02-00004 - 2025 modif agr\u00e9ment VAR ASSISTANCE 13\n             Page 2/2 \n \n \nArticle 1 : L'agr\u00e9ment d\u00e9livr\u00e9 le 29 novembre 1989  est modifi\u00e9 par l'ajout d'un VSL  dans le cadre de l'appel \u00e0 \ncandidatures comme suit  pour les v\u00e9hicules autoris\u00e9s : \n \nNUMERO \nIMMATRICULATION TYPE \nDATE DE MISE \nEN  \nSERVICE \nDATE DE \nCONTROLE ARS \nHC-310-ZV C AMBU 23/04/2025 22/04/2025 \nGN-183-HW C AMBU 11/08/2023 10/08/2023 \nGP-976-EZ C AMBU 05/12/2023 04/12/2023 \nHD-148-BW C AMBU 03/06/2025 02/06/2025 \nGF-742-MZ C AMBU 26/04/2022 25/04/2022 \nGB-538-FL D VSL 21/08/2021 20/08/2021 \nGK-832-XP D VSL 20/12/2022 19/12/2022 \nHE-061-GS D VSL 18/07/2025 17/07/2025 \nGL-019-YN D VSL 23/01/2025 22/01/2025 \nGB-506-PV C AMBU 07/10/2024 06/10/2024 \nGH-567-KY A ASSU 20/07/2022 19/07/2022 \nGV-418-WM C AMBU 09/04/2024 08/04/2024 \n \n \nLe reste est sans changement. \n \nArticle 2 : La pr\u00e9sente d\u00e9cision peut \u00eatre contest\u00e9e par voie de recours gracieux aupr\u00e8s du directeur g\u00e9n\u00e9ral de \nl'Agence r\u00e9gionale de sant\u00e9 Provence Alpes C\u00f4te d'Azur et/ou de recours contentieux devant la juridiction \nadministrative territorialement comp\u00e9tente dans l e d\u00e9lai de 2 mois \u00e0 compter de sa publication pour les tiers ou \nde sa notification pour les int\u00e9ress\u00e9s. \n \n \nArticle 3  : Le directeur g\u00e9n\u00e9ral de l'Agence r\u00e9gionale de sant\u00e9 Provence -Alpes-C\u00f4te d'Azur est charg\u00e9 de \nl'ex\u00e9cution de la pr\u00e9sente d\u00e9cision qui sera publi\u00e9e au Recueil des Actes Administratifs de la pr\u00e9fecture du \nd\u00e9partement du Var. \n \n \nFait \u00e0 Toulon, le 2 d\u00e9cembre 2025 \nPour le Pr\u00e9fet et par d\u00e9l\u00e9gation \nPour Le Directeur g\u00e9n\u00e9ral de \nl'agence r\u00e9gionale de sant\u00e9 PACA,  \nle directeur adjoint de la d\u00e9l\u00e9gation d\u00e9partementale  \ndu Var \n \nSIGNE \n \nNicolas LAMPIRE \nAgence r\u00e9gionale de sant\u00e9 PACA - 83-2025-12-02-00004 - 2025 modif agr\u00e9ment VAR ASSISTANCE 14\nAgence r\u00e9gionale de sant\u00e9 PACA\n83-2025-12-02-00005\n2025 modif agr\u00e9ment VIGNE ET GAUTHIER\nAgence r\u00e9gionale de sant\u00e9 PACA - 83-2025-12-02-00005 - 2025 modif agr\u00e9ment VIGNE ET GAUTHIER 15\nE 3R\u00c9PUBLIQUEFRAN\u00c7AISELibert\u00e9Egalit\u00e9Fraternit\u00e9\nAr@ D Agence R\u00e9gionale de Sant\u00e9Provence-AlpesC\u00f4te d'Azur\n \n             Page 1/2 \n \n \nDECISION N\u00b0 DD83-1225-12208-D PORTANT MODIFICATION DE L'AGREMENT N\u00b083-13-150 DE LA \nSOCIETE AMBULANCES VIGNE-GAUTHIER IMPLANTATION SECONDAIRE DE SAINTE MAXIME \n \nLe Directeur G\u00e9n\u00e9ral de l'Agence R\u00e9gionale de Sant\u00e9 Provence-Alpes-C\u00f4te d'Azur \nVU le code de la sant\u00e9 publique et notamment ses articles L.6312-1 \u00e0 L.6313-1 et R.6312-1 \u00e0 R.6314-6 ; \n \nVU l'ordonnance n\u00b0 2010-177 du 23 f\u00e9vrier 2010 de coordination avec la loi n\u00b0 2009-879 du 21 juillet 2009 portant \nr\u00e9forme de l'h\u00f4pital et relative aux patients, \u00e0 la sant\u00e9 et aux territoires ;  \n \nVU le d\u00e9cret n\u00b0 2010-344 du 31 mars 2010 tirant les cons\u00e9quences, au niveau r\u00e9glementaire, de l'intervention de \nla loi n\u00b0 2009-879 du 21 juillet 2009 portant r\u00e9forme de l'h\u00f4pital et relative aux patients, \u00e0 la sant\u00e9 et aux territoires \n(Art 211) ; \n \nVU l'arr\u00eat\u00e9 du 21 d\u00e9cembre 1987 modifi\u00e9 relatif \u00e0 la composition du dossier d'agr\u00e9ment des personnes effectuant \ndes transports sanitaires terrestres et au contr\u00f4le des v\u00e9hicules affect\u00e9s aux transports sanitaires terrestres ; \n \nVU l'arr\u00eat\u00e9 du 5 octobre 1995 relatif \u00e0 l'autorisation de mise en service des v\u00e9hicules affect\u00e9s aux transports \nsanitaires terrestres ; \n \nVU l'arr\u00eat\u00e9 du 12 d\u00e9cembre 2017 fixant les caract\u00e9ristiques et les installations mat\u00e9rielles exig\u00e9es pour les \nv\u00e9hicules affect\u00e9s aux transports sanitaires terrestres ; \n \nVU la d\u00e9cision en date du 02 juillet 2013 portant agr\u00e9ment de la soci\u00e9t\u00e9 AMBULANCES VIGNE-GAUTHIER pour \neffectuer les transports sanitaires terrestres ; \n \nVU le d\u00e9cret du 16 juillet 2024 portant nomination de Monsieur Yann BUBIEN, en qualit\u00e9 de Directeur g\u00e9n\u00e9ral, de \nl'Agence r\u00e9gionale de sant\u00e9 Provence-Alpes-C\u00f4te d'Azur ; \n \nVU l'arr\u00eat\u00e9 du directeur g\u00e9n\u00e9ral de l'Agence r\u00e9gionale de sant\u00e9 Provence -Alpes-C\u00f4te d'Azur en date du 18 juillet \n2024 portant d\u00e9l\u00e9gation de signature de Monsieur S\u00e9bastien MONIE directeur d\u00e9partemental du Var ;  \n \nVU l'appel \u00e0 candidatures publi\u00e9 le 08 juillet 2024 visant \u00e0 renforcer l'offre de transport sanitaire sur le secteur de \nSaint-Tropez ; \n \nVU le courrier en date du 18 d\u00e9cembre 2024, notifiant \u00e0 la soci\u00e9t\u00e9 AMBULANCE Assistance M\u00e9dicale Secours \n(AMS) l'obtention d'une AMS (autorisations de mise en service) VSL ; \n \nVU l'arr\u00eat\u00e9 n\u00b0 DD83 -0225-1005-D fixant le nombre th\u00e9orique d'autorisations de mise en service des v\u00e9hicules \naffect\u00e9s aux transport sanitaires terrestres dans le Var. \n \nCONSIDERANT que les installations mat\u00e9rielles pr\u00e9vues au 3\u00b0 de l'article R.6312-13 du code de la sant\u00e9 publique \nsont conformes ; \nCONSIDERANT l'instruction du dossier \u00e0 l'appel \u00e0 candidatures et l'avis du sous-comit\u00e9 des transports sanitaires \ndu Var le 12 d\u00e9cembre 2024 ;  \n \nSur proposition du directeur d\u00e9partemental de la d\u00e9l\u00e9gation du Var de l'Agence r\u00e9gionale de sant\u00e9 Provence -\nAlpes-C\u00f4te d'Azur ; \n \nDECIDE \n \n  \nAgence r\u00e9gionale de sant\u00e9 PACA - 83-2025-12-02-00005 - 2025 modif agr\u00e9ment VIGNE ET GAUTHIER 16\n             Page 2/2 \n \n \nArticle 1 : L'agr\u00e9ment d\u00e9livr\u00e9 le 02 juillet 2013  est modifi\u00e9 par l'ajout d'un VSL comme suit  pour les v\u00e9hicules \nautoris\u00e9s : \n \nNUMERO \nIMMATRICULATION TYPE MARQUE \nDATE DE MISE \nEN  \nSERVICE \nDATE DE \nCONTROLE \nARS \n \nGB-404-AZ \n \nC AMBU \n \nVOLKSWAGEN \n \n03/08/2021 \n \n02/08/2021 \n \nGF-845-NC \n \n \nC AMBU \n \nNISSAN \n \n04/04/2022 \n \n03/04/2022 \n \nGJ-429-CJ \n \n \nD VSL \n \nTOYOTA \n \n28/01/2025 \n \n27/01/2025 \n \n \nLe reste est sans changement. \n \n \nArticle 2 : La pr\u00e9sente d\u00e9cision peut \u00eatre contest\u00e9e par voie de recours gracieux aupr\u00e8s du directeur g\u00e9n\u00e9ral de \nl'Agence r\u00e9gionale de sant\u00e9 Provence Alpes C\u00f4te d'Azur et/ou de recours contentieux devant la juridiction \nadministrative territorialement comp\u00e9tente dans l e d\u00e9lai de 2 mois \u00e0 compter de sa publication pour les tiers ou \nde sa notification pour les int\u00e9ress\u00e9s. \n \n \nArticle 3  : Le directeur g\u00e9n\u00e9ral de l'Agence r\u00e9gionale de sant\u00e9 Provence -Alpes-C\u00f4te d'Azur est charg\u00e9 de \nl'ex\u00e9cution de la pr\u00e9sente d\u00e9cision qui sera publi\u00e9e au Recueil des Actes Administratifs de la pr\u00e9fecture du \nd\u00e9partement du Var. \n \n                                                                                             \nFait \u00e0 Toulon, le 2 d\u00e9cembre 2025 \n \nLe Pr\u00e9fet et par D\u00e9l\u00e9gation, \n \nPour Le Directeur g\u00e9n\u00e9ral de \nl'agence r\u00e9gionale de sant\u00e9 PACA,  \nle directeur adjoint de la d\u00e9l\u00e9gation d\u00e9partementale  \ndu Var \n \nSIGNE \n \nNicolas LAMPIRE \nAgence r\u00e9gionale de sant\u00e9 PACA - 83-2025-12-02-00005 - 2025 modif agr\u00e9ment VIGNE ET GAUTHIER 17\nAgence r\u00e9gionale de sant\u00e9 PACA\n83-2025-12-01-00008\n20251201 modif agr\u00e9ment LES BLEUETS\nAgence r\u00e9gionale de sant\u00e9 PACA - 83-2025-12-01-00008 - 20251201 modif agr\u00e9ment LES BLEUETS 18\nE 3R\u00c9PUBLIQUEFRAN\u00c7AISELibert\u00e9Egalit\u00e9Fraternit\u00e9\nAr@ D Agence R\u00e9gionale de Sant\u00e9Provence-AlpesC\u00f4te d'Azur\n \n             Page 1/2 \n \n \nDECISION N\u00b0 DD83-1225-12112-D PORTANT MODIFICATION DE L'AGREMENT N\u00b083-14-153 DU 22 JUILLET 2014 LES \nBLEUETS AMBULANCES \n \nLe Directeur G\u00e9n\u00e9ral de l'Agence R\u00e9gionale de Sant\u00e9 Provence-Alpes-C\u00f4te d'Azur \nVU le code de la sant\u00e9 publique et notamment ses articles L.6312-1 \u00e0 L.6313-1 et R.6312-1 \u00e0 R.6314-6 ; \n \nVU l'ordonnance n\u00b0 2010-177 du 23 f\u00e9vrier 2010 de coordination avec la loi n\u00b0 2009-879 du 21 juillet 2009 portant \nr\u00e9forme de l'h\u00f4pital et relative aux patients, \u00e0 la sant\u00e9 et aux territoires ;  \n \nVU le d\u00e9cret n\u00b0 2010-344 du 31 mars 2010 tirant les cons\u00e9quences, au niveau r\u00e9glementaire, de l'intervention de \nla loi n\u00b0 2009-879 du 21 juillet 2009 portant r\u00e9forme de l'h\u00f4pital et relative aux patients, \u00e0 la sant\u00e9 et aux territoires \n(Art 211) ; \n \nVU l'arr\u00eat\u00e9 du 21 d\u00e9cembre 1987 modifi\u00e9 relatif \u00e0 la composition du dossier d'agr\u00e9ment des personnes effectuant \ndes transports sanitaires terrestres et au contr\u00f4le des v\u00e9hicules affect\u00e9s aux transports sanitaires terrestres ; \n \nVU l'arr\u00eat\u00e9 du 5 octobre 1995 relatif \u00e0 l'autorisation de mise en service des v\u00e9hicules affect\u00e9s aux transports \nsanitaires terrestres ; \n \nVU l'arr\u00eat\u00e9 du 12 d\u00e9cembre 2017 fixant les caract\u00e9ristiques et les installations mat\u00e9rielles exig\u00e9es pour les \nv\u00e9hicules affect\u00e9s aux transports sanitaires terrestres ; \n \nVU la d\u00e9cision en date du 22 juillet 2014 portant agr\u00e9ment de la SARL \u00ab LES BLEUETS AMBULANCES \u00bb pour \neffectuer les transports sanitaires terrestres ; \n \nVU le d\u00e9cret du 16 juillet 2024 portant nomination de Monsieur Yann BUBIEN, en qualit\u00e9 de Directeur g\u00e9n\u00e9ral, de \nl'Agence r\u00e9gionale de sant\u00e9 Provence-Alpes-C\u00f4te d'Azur ; \n \nVU l'arr\u00eat\u00e9 du directeur g\u00e9n\u00e9ral de l'Agence r\u00e9gionale de sant\u00e9 Provence -Alpes-C\u00f4te d'Azur en date du 18 juillet \n2024 portant d\u00e9l\u00e9gation de signature de Monsieur S\u00e9bastien MONIE directeur d\u00e9partemental du Var ;  \n \nVU la demande en date du 13 octobre 2025 concernant le transfert d'une autorisation de mise en service portant \nsur une ambulance immatricul\u00e9e GM-370-FA de l'implantation principale de la soci\u00e9t\u00e9 VAR ASSISTANCE (n\u00b0 83-\n89-042) vers la soci\u00e9t\u00e9 AMBULANCES LES BLEUETS appartenant au groupe VAR ASSISTANCE (n\u00b083-14-153); \n \nVU l'arr\u00eat\u00e9 n\u00b0 DD83 -0225-1005-D fixant le nombre th\u00e9orique d'autorisations de mise en service des v\u00e9hicules \naffect\u00e9s aux transport sanitaires terrestres dans le Var. \n \nConsid\u00e9rant que le nombre th\u00e9orique d'autorisations de mise en service des v\u00e9hicules affect\u00e9s aux transport \nsanitaires terrestres dans le Var n'est pas modifi\u00e9. \n \nConsid\u00e9rant que l'offre de transports sanitaires n'est pas modifi\u00e9e sur le secteur 1. \n \nSur proposition du directeur d\u00e9partemental de la d\u00e9l\u00e9gation du Var de l'Agence r\u00e9gionale de sant\u00e9 Provence -\nAlpes-C\u00f4te d'Azur ; \n \nDECIDE \n \n  \nAgence r\u00e9gionale de sant\u00e9 PACA - 83-2025-12-01-00008 - 20251201 modif agr\u00e9ment LES BLEUETS 19\n             Page 2/2 \n \n \nArticle 1 : L'agr\u00e9ment d\u00e9livr\u00e9 le 22 juillet 2014 \u00e0 la SARL \u00ab LES BLEUETS AMBULANCES \u00bb est modifi\u00e9 comme \nsuit  pour les v\u00e9hicules autoris\u00e9s : \n \nIMMATRICULATION \nDES VEHICULES \nAUTORISES \nVEHICULES \nREMPLACES \nDATE MISE EN CIRCULATION CATEGORIE \nHF-258-DM FT-938-QR 27/08/2025   D \nHE-417-JH GN-024-GA 25/07/2025   C \nHG-056-QY GM-370-FA 22/11/2025   C \n \nPour le personnel : \n \nNOM PRENOM DATE \nENTREE \nCASCARO MICKAEL 01/06/2018 \nFRIDHI MAROUAN 01/06/2016 \nIBARZ SANDRA 01/06/2016 \nGAVEAUD CLEMENT 07/12/2020 \nCHAMOREAU SIMON 24/10/2022 \nBUISSET CHARLES \nEDGARD \n22/07/2024 \nMICHEL  AURELIE 24/05/2022 \n \nLe reste est sans changement. \n \nArticle 2 : La pr\u00e9sente d\u00e9cision peut \u00eatre contest\u00e9e par voie de recours gracieux aupr\u00e8s du directeur g\u00e9n\u00e9ral de \nl'Agence r\u00e9gionale de sant\u00e9 Provence Alpes C\u00f4te d'Azur et/ou de recours contentieux devant la juridiction \nadministrative territorialement comp\u00e9tente dans l e d\u00e9lai de 2 mois \u00e0 compter de sa publication pour les tiers ou \nde sa notification pour les int\u00e9ress\u00e9s. \n \n \nArticle 3  : Le directeur g\u00e9n\u00e9ral de l'Agence r\u00e9gionale de sant\u00e9 Provence -Alpes-C\u00f4te d'Azur est charg\u00e9 de \nl'ex\u00e9cution de la pr\u00e9sente d\u00e9cision qui sera publi\u00e9e au Recueil des Actes Administratifs de la pr\u00e9fecture du \nd\u00e9partement du Var. \n \n                                                                                            Le Pr\u00e9fet et par d\u00e9l\u00e9gation, \nFait \u00e0 Toulon, le 1er d\u00e9cembre 2025 \n \nPour Le Directeur g\u00e9n\u00e9ral de \nl'agence r\u00e9gionale de sant\u00e9 PACA,  \nle directeur adjoint de la d\u00e9l\u00e9gation d\u00e9partementale  \ndu Var \n \nSIGNE \n \nNicolas LAMPIRE \nAgence r\u00e9gionale de sant\u00e9 PACA - 83-2025-12-01-00008 - 20251201 modif agr\u00e9ment LES BLEUETS 20\nAgence r\u00e9gionale de sant\u00e9 PACA\n83-2025-12-01-00007\n20251201 modif agr\u00e9ment RIVIERA\nAgence r\u00e9gionale de sant\u00e9 PACA - 83-2025-12-01-00007 - 20251201 modif agr\u00e9ment RIVIERA 21\nE 3R\u00c9PUBLIQUEFRAN\u00c7AISELibert\u00e9Egalit\u00e9Fraternit\u00e9\nAr@ D Agence R\u00e9gionale de Sant\u00e9Provence-AlpesC\u00f4te d'Azur\n \n             Page 1/2 \n \n \nDECISION N\u00b0 DD83-1125-12054-D PORTANT MODIFICATION DE L'AGREMENT\u00b083-14-154 DU 31 JUILLET \n2014 RIVIERA AMBULANCES \n \nLe Directeur G\u00e9n\u00e9ral de l'Agence R\u00e9gionale de Sant\u00e9 Provence-Alpes-C\u00f4te d'Azur \nVU le code de la sant\u00e9 publique et notamment ses articles L.6312-1 \u00e0 L.6313-1 et R.6312-1 \u00e0 R.6314-6 ; \n \nVU l'ordonnance n\u00b0 2010-177 du 23 f\u00e9vrier 2010 de coordination avec la loi n\u00b0 2009-879 du 21 juillet 2009 portant \nr\u00e9forme de l'h\u00f4pital et relative aux patients, \u00e0 la sant\u00e9 et aux territoires ;  \n \nVU le d\u00e9cret n\u00b0 2010-344 du 31 mars 2010 tirant les cons\u00e9quences, au niveau r\u00e9glementaire, de l'intervention de \nla loi n\u00b0 2009-879 du 21 juillet 2009 portant r\u00e9forme de l'h\u00f4pital et relative aux patients, \u00e0 la sant\u00e9 et aux territoires \n(Art 211) ; \n \nVU l'arr\u00eat\u00e9 du 21 d\u00e9cembre 1987 modifi\u00e9 relatif \u00e0 la composition du dossier d'agr\u00e9ment des personnes effectuant \ndes transports sanitaires terrestres et au contr\u00f4le des v\u00e9hicules affect\u00e9s aux transports sanitaires terrestres ; \n \nVU l'arr\u00eat\u00e9 du 5 octobre 1995 relatif \u00e0 l'autorisation de mise en service des v\u00e9hicules affect\u00e9s aux transports \nsanitaires terrestres ; \n \nVU l'arr\u00eat\u00e9 du 12 d\u00e9cembre 2017 fixant les caract\u00e9ristiques et les installations mat\u00e9rielles exig\u00e9es pour les \nv\u00e9hicules affect\u00e9s aux transports sanitaires terrestres ; \n \nVU la d\u00e9cision du Directeur g\u00e9n\u00e9ral de l'Agence r\u00e9gionale de sant\u00e9 Provence -Alpes-C\u00f4te d'Azur en date du 31 \njuillet 2014 portant agr\u00e9ment sous le N\u00b083-14-154 de la soci\u00e9t\u00e9 RIVIERA AMBULANCES, dont le si\u00e8ge social est \nsis 774 chemin de la Source, ZI St Martin --83400 HYERES ; \n \nVU le d\u00e9cret du 16 juillet 2024 portant nomination de Monsieur Yann BUBIEN, en qualit\u00e9 de Directeur g\u00e9n\u00e9ral, de \nl'Agence r\u00e9gionale de sant\u00e9 Provence-Alpes-C\u00f4te d'Azur ; \n \nVU l'arr\u00eat\u00e9 du directeur g\u00e9n\u00e9ral de l'Agence r\u00e9gionale de sant\u00e9 Provence -Alpes-C\u00f4te d'Azur en date du 18 juillet \n2024 portant d\u00e9l\u00e9gation de signature de Monsieur S\u00e9bastien MONIE directeur d\u00e9partemental du Var ; \n \nVU la demande en date du 13 octobre 2025 concernant le transfert de 2 autorisations de mise en service portant \nsur une ambulance immatricul\u00e9e FQ-855-MX et un VSL immatricul\u00e9 GD-961-RN de la soci\u00e9t\u00e9 VAR ASSISTANCE \nimplantation secondaire de Hy\u00e8res (n\u00b083-89-042) vers la soci\u00e9t\u00e9 RIVIERA AMBULANCES appartenant au groupe \nVAR ASSITANCE (n\u00b083-14-154) ; \n \nVU l'arr\u00eat\u00e9 n\u00b0 DD83 -0225-1005-D fixant le nombre th\u00e9orique d'autorisations de mise en service des v\u00e9hicules \naffect\u00e9s aux transport sanitaires terrestres dans le Var. \n \nConsid\u00e9rant que le nombre th\u00e9orique d'autorisations de mise en service des v\u00e9hicules affect\u00e9s aux transport \nsanitaires terrestres dans le Var n'est pas modifi\u00e9. \n \nConsid\u00e9rant que l'offre de transports sanitaires n'est pas modifi\u00e9e sur le secteur 2. \n \nSur proposition du directeur d\u00e9partemental de la d\u00e9l\u00e9gation du Var de l'Agence r\u00e9gionale de sant\u00e9 Provence -\nAlpes-C\u00f4te d'Azur ; \n \nDECIDE \n \n \nAgence r\u00e9gionale de sant\u00e9 PACA - 83-2025-12-01-00007 - 20251201 modif agr\u00e9ment RIVIERA 22\n             Page 2/2 \n \nArticle 1 : L'agr\u00e9ment d\u00e9livr\u00e9 le 31 juillet 2014 \u00e0 la soci\u00e9t\u00e9 RIVIERA AMBULANCES est modifi\u00e9 comme suit  pour \nles v\u00e9hicules autoris\u00e9s : \n \nCATEGORIE IMMATRICULATION DU \nVEHICULE AUTORISE \nVEHICULE \nREMPLACE \nDATE DE MISE EN \nSERVICE \nAMBULANCE GZ 897 EE  GB-506-PV 29/09/2024 \nAMBULANCE GZ 839 EE  GC-050-TG 15/10/2025 \nAMBULANCE HG 044 MV  FQ-855-MX 17/11/2025 \nVSL GD 641 RN  / 10/11/2025 \n \n \nPour le personnel : \n \nETAT NOMINATIF  \ndes EQUIPAGES  \n(r\u00e9capitulatif) \nNOM - Pr\u00e9nom \nDate \nNaissance \nDate d'entr\u00e9e Type de \ncontrat \n(CDI, CDD) \nDate de \nsortie \nd\u00e9finitive ou \nde fin pour \nCDD \nQuotit\u00e9 en \ntemps de \ntravail  \nDESIT Florent  14/06/1989 23/04/2018 CDI   Temps Plein \nWOLFF Aurelie 04/01/1974 13/12/2019 CDI   Temps Plein \nWATSON John 28/08/1982 22/03/2021 CDI   Temps Plein \nLELEU Olivier 10/05/1982 18/12/2023 CDI   Temps Plein \nDE SALVO Jean-francois  25/10/1981 20/02/2024 CDI   Temps Plein \nDALMASSO Kevin 18/05/1993 01/09/2025 CDI   Temps Plein \nSA RODRIGUES Sandrina 05/05/1986 04/11/2025 CDI   Temps Plein \nMERRIEN Claude  23/04/1965 04/11/2025 CDI   Temps Plein \nVASSAL Tatiana 13/12/1986 10/11/2025 CDI   Temps Plein \nLAVEDRINE BAYARD \nDamien \n21/08/1992 07/04/2018 CDI   Temps Plein \n \n \nLe reste est sans changement. \n \nArticle 2 : La pr\u00e9sente d\u00e9cision peut \u00eatre contest\u00e9e par voie de recours gracieux aupr\u00e8s du directeur g\u00e9n\u00e9ral de \nl'Agence r\u00e9gionale de sant\u00e9 Provence Alpes C\u00f4te d'Azur et/ou de recours contentieux devant la juridiction \nadministrative territorialement comp\u00e9tente dans l e d\u00e9lai de 2 mois \u00e0 compter de sa publication pour les tiers ou \nde sa notification pour les int\u00e9ress\u00e9s. \n \n \nArticle 3  : Le directeur g\u00e9n\u00e9ral de l'Agence r\u00e9gionale de sant\u00e9 Provence -Alpes-C\u00f4te d'Azur est charg\u00e9 de \nl'ex\u00e9cution de la pr\u00e9sente d\u00e9cision qui sera publi\u00e9e au Recueil des Actes Administratifs de la pr\u00e9fecture du \nd\u00e9partement du Var. \n \n                                                                                            Pour le Pr\u00e9fet et par d\u00e9l\u00e9gation,  \nFait \u00e0 Toulon, le 1er d\u00e9cembre 2025 \n \nPour Le Directeur g\u00e9n\u00e9ral de \nl'agence r\u00e9gionale de sant\u00e9 PACA,  \nle directeur adjoint de la d\u00e9l\u00e9gation d\u00e9partementale  \ndu Var \n \nSIGNE \n \nNicolas LAMPIRE \nAgence r\u00e9gionale de sant\u00e9 PACA - 83-2025-12-01-00007 - 20251201 modif agr\u00e9ment RIVIERA 23\nCentre hospitalier Brignoles Le Luc-en -Provence\n83-2025-12-01-00004\nD\u00e9cision portant d\u00e9l\u00e9gation de signature\nCentre hospitalier Brignoles Le Luc-en -Provence - 83-2025-12-01-00004 - D\u00e9cision portant d\u00e9l\u00e9gation de signature 24\nCENTRE HOSPITALIERINTERCOMMIUNALBRIGNOLES - LE LUC\nD\u00e9cision n\u00b0DG-2025-12-47  PAGE 1 SUR 3 \n \n \n \nDECISION N\u00b0 DG-2025-12-47 \n \nPORTANT DELEGATION DE SIGNATURE \n \n \nLe Directeur du Centre Hospitalier Intercommunal de Brignoles \u2013 Le Luc en Provence, \n \nVu le Code de la sant\u00e9 publique et notamment ses articles L6143 -7 alin\u00e9a 5, D61 43-33, D 6143 -\n34, D 6143-35, R6146-8, R6143-38, pr\u00e9cisant les modalit\u00e9s de d\u00e9l\u00e9gation de signature ;  \n \nVu  le Code de l'action sociale et des familles ; \n \nVu le Code de la commande publique ; \n \nVu  Le code g\u00e9n\u00e9ral de la fonction publique ; \n \nVu  la loi n\u00b02009-879 du 21 juillet 2009 portant r\u00e9forme de l'h\u00f4pital et relative aux patients, \u00e0 la \nsant\u00e9 et aux territoires ; \n \nVu  la loi n\u00b02016-41 du 26 janvier 2016 de modernisation de notre syst\u00e8me de sant\u00e9 ; \n \nVu  l'ordonnance n\u00b02005-406 du 2 mai 2005 simplifiant le r\u00e9gime juridique des \u00e9tablissements de \nsant\u00e9 ; \n \nVu le d\u00e9cret n\u00b02012-1246 du 7 novembre 2012 relatif \u00e0 la gestion budg\u00e9taire et comptable ; \n \n \nVu l'arr\u00eat\u00e9 du Directeur G\u00e9n\u00e9ral de l'Agence R\u00e9gionale de Sant\u00e9 PACA, du 22 juin 2021, \nN\u00b02021FUSION06-0045 portant fusion absorption du Centre Hospitalier du Luc en Provence \npar le Centre Hospitalier Jean Marcel de BRIGNOLES, au 1er janvier 2022;  \n \nVu l'avenant N\u00b01 en date du 23 juillet 2021 \u00e0 la convention de direction commune en date du 26 \noctobre 2020, entre le Centr e Hospitalier de Brignoles \u2013 Le Luc en Provence et l'EHPAD \nl'Escandihado de Flassans sur Issole ; \n \nVu l'arr\u00eat\u00e9 de la Directrice G\u00e9n\u00e9rale du Centre National de Gestion, nommant M. Damien \nFLOUREZ, Directeur au Centre Hospitalier Intercommunal de Brignoles - Le Luc -en-\nProvence et de l'EHPAD l'Escandihado de Flassans-sur-Issole, \u00e0 compter du 1er mars 2022 ; \n \nVu le contrat de recrutement de M. Didier LA  ROSA en qualit\u00e9 d'encadrant s\u00e9curit\u00e9 incendie \n(Cat\u00e9gorie B), contractuel, en date du 26 janvier 2024, renouvel\u00e9 sans discontinuit\u00e9 ; \n \n \nCentre hospitalier Brignoles Le Luc-en -Provence - 83-2025-12-01-00004 - D\u00e9cision portant d\u00e9l\u00e9gation de signature 25\nD\u00e9cision n\u00b0DG-2025-12-47  PAGE 2 SUR 3 \n \n \nDECIDE \n \nARTICLE I : Sont de la comp\u00e9tence sp\u00e9cifique du Directeur du Centre Hospitalier Intercommunal de \nBrignoles- Le Luc-en-Provence: \n \n\uf02d Les conventions d'associations au fonctionnement du service public hospitalier \nd'\u00e9tablissements priv\u00e9s ne participant pas \u00e0 ce service public (Article L 6161 -10 du Code de la sant\u00e9 \npublique) ; \n\uf02d Les conventions de transactions conclues en application de l'article 2044 du Code civil ; \n\uf02d Les autres conventions et accords conclus avec des organismes ext\u00e9 rieurs g\u00e9n\u00e9rant ou \nsusceptibles de g\u00e9n\u00e9rer des charges financi\u00e8res impr\u00e9vues pour l'institution ; \n\uf02d Les contrats internes conclus en application de la d\u00e9l\u00e9gation de gestion et r\u00e9sultant des \ndispositions de l'article L 6143-7 du Code de la sant\u00e9 publique ; \n\uf02d Les actes relatifs aux op\u00e9rations immobili\u00e8res r\u00e9sultant des dispositions de l'article L 6143 -7 \n9\u00b0 et 10\u00b0 du Code de la sant\u00e9 publique ; \n\uf02d Les d\u00e9cisions relatives aux dons et legs. \n \nARTICLE II :  \nEn cas d'absence ou d'emp\u00eachement du Directeur du Centre Hospitalier Intercommunal de Brignoles- \nLe Luc -en-Provence, d\u00e9l\u00e9gation est donn\u00e9e \u00e0 M. Didier LA ROSA , encadrant s\u00e9curit\u00e9 incendie , \u00e0 \nl'effet de signer les d\u00e9p\u00f4ts de plainte aupr\u00e8s des autorit\u00e9s de police, de gendarmerie et de justice ; \n \n \nARTICLE III : Cette d\u00e9l\u00e9 gation de signature doit \u00eatre exerc\u00e9e dans le cadre du strict respect des \nautorisations budg\u00e9taires, des d\u00e9cisions internes, du respect des lois, r\u00e8glements et dispositions en \nvigueur. \n \nARTICLE IV : Le d\u00e9l\u00e9gataire rendra compte p\u00e9riodiquement de sa d\u00e9l\u00e9gation au Directeur, ainsi que \nde toute difficult\u00e9 s\u00e9rieuse, av\u00e9r\u00e9e, pr\u00e9visionnelle ou pressentie et toute situation particuli\u00e8re \nrencontr\u00e9e dans son exercice. \n \n \nARTICLE V : La pr\u00e9sente d\u00e9cision prend fin \u00e0 l'initiative du D\u00e9l\u00e9gant soussign\u00e9 et notamment en cas \nde non-ex\u00e9cution des obligations ou dans le cas d'un changement dans la personne du d\u00e9l\u00e9gataire. \n \n \nARTICLE VII : La pr\u00e9sente d\u00e9cision prend effet \u00e0 compter du 1er d\u00e9cembre 2025. \n \n \nARTICLE VIII : Conform\u00e9ment aux exigences de l'article D6143-35 du Code de la sant\u00e9 publique, la \npr\u00e9sente d\u00e9cision est transmise pour attribution \u00e0 M. Didier LA ROSA , encadrant s\u00e9curit\u00e9 incendie, \net pour information, \u00e0 M. le Tr\u00e9sorier Principal, receveur de l'\u00e9tablissement. \nElle est communiqu\u00e9e au Conseil de Surveillance du Centre Hospitalier Intercommunal de Brignoles- \nLe Luc-en-Provence.  \nElle fait l'objet d'une publication, la rendant consultable, conforme aux exigences des articles D6143 -\n35 et R.6143-38 du Code de la sant\u00e9 publique. \n \n \n \n \n \n \n \nCentre hospitalier Brignoles Le Luc-en -Provence - 83-2025-12-01-00004 - D\u00e9cision portant d\u00e9l\u00e9gation de signature 26\nD\u00e9cision n\u00b0DG-2025-12-47  PAGE 3 SUR 3 \n \n \n \n \nARTICLE IX : La pr\u00e9sente d\u00e9cision pourra faire l'objet d'un recours pour exc\u00e8s de pouvoir qui sera \nport\u00e9 devant le Tribunal Administratif de Toulon dans un d\u00e9lai de deux mois \u00e0 compter de sa \nnotification aux int\u00e9ress\u00e9s et de sa publication pour les tiers. \n \n \nFAIT A BRIGNOLES, LE 1er DECEMBRE 2025, \n \n \nLe Directeur, \n \nSign\u00e9 \n \nDamien FLOUREZ \n \nCentre hospitalier Brignoles Le Luc-en -Provence - 83-2025-12-01-00004 - D\u00e9cision portant d\u00e9l\u00e9gation de signature 27\nDirection d\u00e9partementale des territoires et de la\nmer du Var\n83-2025-11-26-00007\nRAA Nans Ap ouverture EP ZAP convertedToPDF\nDirection d\u00e9partementale des territoires et de la mer du Var - 83-2025-11-26-00007 - RAA Nans Ap ouverture EP ZAP convertedToPDF 28\nPREFETDU VARLibert\u00e9Egalit\u00e9Fraternit\u00e9\nARR\u00caT\u00c9 PR\u00c9FECTORAL n\u00b0 DDTM/SPP/2025/18 du 26 novembre 2025 \nportant ouverture et organisation d'une enqu\u00eate publique relative \u00e0 une demande \nde cr\u00e9ation d'une zone agricole prot\u00e9g\u00e9e (ZAP) sur la commune de Nans-les-Pins\nLe pr\u00e9fet du Var,\nVu le code rural et de la p\u00eache maritime et notamment ses articles L.112-2 et R.112-1-4 \u00e0 R. 112-\n1-10\u00a0;\nVu le  code  de  l'environnement  et  notamment  ses  articles  L.123-1  et  suivants  et  R.123-1  et \nsuivants\u00a0;\nVu le code de l'urbanisme et notamment ses articles L.151-43, L.152-7, L.153-60 et R.151-51\u00a0;\nVu le d\u00e9cret du Pr\u00e9sident de la R\u00e9publique du 15 mai 2025 portant nomination de M.\nSimon BABRE en qualit\u00e9 de pr\u00e9fet du Var ;\nVu l'arr\u00eat\u00e9 pr\u00e9fectoral n\u00b0 2025/25/MCI du 2 juin 2025 portant d\u00e9l\u00e9gation de signature \u00e0\nMonsieur Laurent BOULET, directeur d\u00e9partemental des territoires et de la mer du Var ;\nVu l'arr\u00eat\u00e9 pr\u00e9fectoral n\u00b0DDTM/MPCA/2025-04 du 5 juin 2025 donnant subd\u00e9l\u00e9gation de signature  \n\u00e0 des agents de la direction d\u00e9partementale des territoires et de la mer du Var\u00a0;\nVu la d\u00e9lib\u00e9ration du conseil municipal de Nans-les-Pins n\u00b02022/02/01 du 19 juin 2023  approuvant \nle p\u00e9rim\u00e8tre de la zone agricole prot\u00e9g\u00e9e ;\nVu l'avis favorable de l'institut national de l'origine et de la qualit\u00e9 (INAO) du 7 ao\u00fbt 2023\u00a0;\nVu l'avis favorable de la commission d\u00e9partementale d'orientation de l'agriculture (CDOA) \u00a0du 17  \noctobre 2023;\nVu l'avis favorable de la chambre d'agriculture du Var du 31 juillet 2023\u00a0;\nVu l'avis r\u00e9put\u00e9 favorable du syndicat de l'AOC C\u00f4tes de Provence ;\nVu la d\u00e9cision de monsieur le pr\u00e9sident du tribunal administratif de Toulon du 6  novembre 2025  \nd\u00e9signant Monsieur Jean-Marie SAGHAAR pour assurer la mission de commissaire enqu\u00eateur\u00a0;\n1/6\nDirection d\u00e9partementale\ndes territoires et de la mer du Var\nDirection d\u00e9partementale des territoires et de la mer du Var - 83-2025-11-26-00007 - RAA Nans Ap ouverture EP ZAP convertedToPDF 29\nVu la concertation du 26 novembre 2025  avec le commissaire enqu\u00eateur, telle que pr\u00e9vue par le  \npremier alin\u00e9a de l'article R.123-9 du code de l'environnement\u00a0;\nConsid\u00e9rant qu'il y a lieu de soumettre \u00e0 enqu\u00eate publique la demande susvis\u00e9e portant sur la  \ncr\u00e9ation d'une zone agricole prot\u00e9g\u00e9e sur le territoire de la commune de Nans-les-Pins\u00a0;\nSur proposition du directeur d\u00e9partemental des territoires et de la mer\u00a0;\nARR\u00caTE\nArticle 1er \u00a0: Objet de l'enqu\u00eate\nIl  sera  proc\u00e9d\u00e9  \u00e0  une  enqu\u00eate  publique,  dans  les  formes  prescrites  par  le  code  de  \nl'environnement, portant sur la demande de cr\u00e9ation d'une zone agricole prot\u00e9g\u00e9e sur le territoire  \nde la commune de Nans-les-Pins.\nLe projet porte sur la cr\u00e9ation d'une zone agricole prot\u00e9g\u00e9e de 1183 hectares.\nLes information s concernant  le  projet  mis  \u00e0  l'enqu\u00eate  pourront \u00eatre  demand\u00e9es  aupr\u00e8s  des \nresponsables du projet, la commune de Nans-les-Pins. Le responsable est Monsieur Jean-Claude  \nHOOG  (jc.  hoog@mairie-nanslespins.fr  ,  t\u00e9l\u00a0:  06  28  49  74  94),  et  le  responsable  du  Service  \nAgriculture  et  Tourisme  au  niveau  communal,  Monsieur  Nicolas  OUDART  \n(noudart@caprovenceverte.fr, t\u00e9l\u00a0: 06 07 51 04 40).\nArticle 2 : Informations environnementales\nLe projet ne n\u00e9cessite pas d'\u00e9tude environnementale.\nArticle 3 : Publicit\u00e9 de l'enqu\u00eate\nPar voie de presse  \u00a0  :  \nUn avis portant \u00e0 la connaissance du public l'ouverture de l'enqu\u00eate est publi\u00e9, par les soins du pr\u00e9fet  \ndu Var et aux frais de la mairie de Nans-les-Pins, au moins quinze jours avant le d\u00e9but de l'enqu\u00eate et  \nrappel\u00e9 dans les huit premiers jours de celle-ci, dans deux journaux diffus\u00e9s dans le d\u00e9partement du  \nVar.\nPar voie d'affichage  \u00a0  :\nCet avis et l'arr\u00eat\u00e9 pr\u00e9fectoral d'enqu\u00eate publique sont affich\u00e9s en mairie de Nans-les-Pins par le  \nMaire de la commune de Nans-les-Pins dans les d\u00e9lais ci-dessus indiqu\u00e9s.\nL'avis est \u00e9ventuellement affich\u00e9 par tout autre proc\u00e9d\u00e9, tels que les panneaux d'usage dont dispose  \nla commune de Nans-les-Pins au moins quinze jours avant le d\u00e9but de l'enqu\u00eate et jusqu'au terme de  \ncelle-ci. \nIl est justifi\u00e9 de l'accomplissement de ces formalit\u00e9s par un certificat de d\u00e9but et de fin d'affichage  \n\u00e9tablis par le Maire de Nans-les-Pins et remis au commissaire-enqu\u00eateur qui les verse au dossier  \nd'enqu\u00eate publique.\n2/6\nDirection d\u00e9partementale des territoires et de la mer du Var - 83-2025-11-26-00007 - RAA Nans Ap ouverture EP ZAP convertedToPDF 30\nEn ligne  \u00a0  :\nL'avis  et  l'arr\u00eat\u00e9  sont  \u00e9galement  consultables  sur  le  site  internet  des  services  de  l'\u00c9tat  dans  le \nd\u00e9partement du Var ( http://www.var.gouv.fr\u00a0:  publications / enqu\u00eates publiques / enqu\u00eates publiques  \nhors ICPE / commune Nans-les-Pins - Zone Agricole Prot\u00e9g\u00e9e (ZAP).\nAu recueil des actes administratifs du Var  \u00a0  :\nL'arr\u00eat\u00e9 d'ouverture de l'enqu\u00eate fait l'objet d'une publication au Recueil des Actes Administratifs du  \nVar (RAA).\nLieu du projet  \u00a0  :  \nEn outre, dans les m\u00eames conditions de d\u00e9lai et de dur\u00e9e, et sauf impossibilit\u00e9 mat\u00e9rielle justifi\u00e9e, le  \nr\u00e9f\u00e9rent du projet proc\u00e8de \u00e0 l'affichage de l'avis d'enqu\u00eate publique sur les lieux pr\u00e9vus pour la  \nr\u00e9alisation du projet.\nLes affiches doivent \u00eatre visibles et lisibles depuis la voie publique.\nLe p\u00e9titionnaire justifie par tout moyen \u00e0 sa convenance de l'accomplissement de ces formalit\u00e9s et  \nremet aussit\u00f4t ces pi\u00e8ces justificatives au commissaire enqu\u00eateur afin qu'il les annexe au dossier  \nd'enqu\u00eate publique.\nLes caract\u00e9ristiques et dimensions de l'affichage sont fix\u00e9es par l'arr\u00eat\u00e9 NOR \u00a0: TRED2124162A du  \n9 septembre 2021.\nArticle 4 : Dates et lieu de l'enqu\u00eate\nL'enqu\u00eate se tiendra en mairie de Nans-les-Pins, du 5 janvier  2026 au 4 f\u00e9vrier 2026, 17h00 , soit \n31\u00a0jours.\nLe dossier et le registre d'enqu\u00eate seront tenus \u00e0 la disposition du public pendant toute la dur\u00e9e de  \nl'enqu\u00eate au si\u00e8ge de l'enqu\u00eate. Toute personne pourra en prendre connaissance aux lieux, jours et \nheures habituels d'ouverture des bureaux au public :\nMairie de Nans-les-Pins\nAvenue Julien Jourdan\n83860 Nans-les-Pins\nlundi, mercredi et vendredi de 8h30 \u00e0 12h00 et de 14h00 \u00e0 17h00\nle mardi, jeudi et samedi de 8h30 \u00e0 12h00\nLe dossier sera en outre consultable pendant la dur\u00e9e de l'enqu\u00eate sur le site internet des services  \nde l'\u00c9tat dans le Var \u00e0 l'adresse suivante : http://www.var.gouv.fr.\nL'acc\u00e8s  gratuit  au  dossier  est  \u00e9galement  possible  depuis  un  poste  informatique  install\u00e9  en  \npr\u00e9fecture du Var aux heures d'ouverture habituelles de celle-ci.\nLe public pourra consigner ses observations et propositions sur le registre d'enqu\u00eate tenu \u00e0 sa  \ndisposition par la mairie de Nans-les-Pins. Ce registre, \u00e9tabli sur feuillets non mobiles, sera ouvert,  \ncot\u00e9 et paraph\u00e9 par le commissaire enqu\u00eateur.\n3/6\nDirection d\u00e9partementale des territoires et de la mer du Var - 83-2025-11-26-00007 - RAA Nans Ap ouverture EP ZAP convertedToPDF 31\nLe public pourra \u00e9galement les adresser par courrier postal au si\u00e8ge de l'enqu\u00eate, la mairie de  \nNans-les-Pins, ou  par  voie  d\u00e9mat\u00e9rialis\u00e9e  \u00e0  l'adresse  mail  suivante \u00a0: \nd  dtm-spp-zap@var.gouv.fr  .\nLes courriers \u00e9lectroniques seront accessibles sur le site internet mentionn\u00e9 ci-dessus et transmis  \nau commissaire enqu\u00eateur qui les visera, les num\u00e9rotera et les annexera au registre d'enqu\u00eate pour \n\u00eatre tenus \u00e0 la disposition du public.\nArticle 5\u00a0: D\u00e9signation et permanences du commissaire enqu\u00eateur\nPar d\u00e9cision susvis\u00e9e, le pr\u00e9sident du tribunal administratif de Toulon a d\u00e9sign\u00e9  Monsieur Jean-\nMarie SAGHAAR, en qualit\u00e9 de commissaire enqu\u00eateur.\nIl se tiendra \u00e0 la disposition du public pour recevoir ses observations \u00e9crites ou orales, aux lieux,  \njours et heures ci-dessous mentionn\u00e9s en mairie de Nans-les-Pins:\nPermanences Mairie de Nans-les-Pins\nMonday, January 5, 2026 9h00 - 12h00\nWednesday, January 14, \n2026\n14h00 - 17h00\nTuesday, January 20, 2026 9h00 - 12h00\nFriday, January 30, 2026 14h00 - 17h00\nWednesday, February 4, 2026 14h00 - 17h00\nArticle 6\u00a0: R\u00f4le du commissaire enqu\u00eateur\nPendant la dur\u00e9e de l'enqu\u00eate, le commissaire enqu\u00eateur pourra : \n- recevoir toute information et, s'il estime que des documents sont utiles \u00e0 la bonne information du  \npublic, demander au ma\u00eetre d'ouvrage de communiquer ces documents au public,\n- visiter les lieux concern\u00e9s, \u00e0 l'exception des lieux d'habitation, apr\u00e8s en avoir inform\u00e9 au pr\u00e9alable  \nles propri\u00e9taires et les occupants,\n- entendre toutes  les personnes  concern\u00e9es  par le projet, plan ou programme qui en font  la  \ndemande et convoquer toutes les personnes dont il juge l'audition utile,\n-  organiser,  sous  sa  pr\u00e9sidence,  toute  r\u00e9union  d'information  et  d'\u00e9change  avec  le  public  en \npr\u00e9sence du ma\u00eetre d'ouvrage.\nPar d\u00e9cision motiv\u00e9e, le commissaire enqu\u00eateur pourra, prolonger l'enqu\u00eate d'une dur\u00e9e maximale  \nde quinze jours. Cette d\u00e9cision sera port\u00e9e \u00e0 la connaissance du public, au plus tard \u00e0 la date  \npr\u00e9vue initialement pour la fin de l'enqu\u00eate dans les conditions de lieux pr\u00e9vues \u00e0 l'article 4 du  \npr\u00e9sent arr\u00eat\u00e9.\n4/6\nDirection d\u00e9partementale des territoires et de la mer du Var - 83-2025-11-26-00007 - RAA Nans Ap ouverture EP ZAP convertedToPDF 32\nArticle 7\u00a0: Cl\u00f4ture de l'enqu\u00eate\n\u00c0 l'expiration du d\u00e9lai d'enqu\u00eate, le registre sera mis \u00e0 la disposition du commissaire enqu\u00eateur et  \nclos et sign\u00e9 par lui.\nD\u00e8s r\u00e9ception du registre et des documents annex\u00e9s, le commissaire enqu\u00eateur rencontrera, dans  \nun d\u00e9lai de huit jours, le responsable du projet et lui communiquera les observations \u00e9crites ou  \norales consign\u00e9es dans un proc\u00e8s-verbal de synth\u00e8se. Le responsable du projet disposera d'un  \nd\u00e9lai de quinze jours, pour produire ses observations \u00e9ventuelles.\nLe commissaire enqu\u00eateur \u00e9tablira un rapport qui relate le d\u00e9roulement de l'enqu\u00eate et comporte le  \nrappel de l'objet du projet, la liste de l'ensemble des pi\u00e8ces figurant dans le dossier d'enqu\u00eate  \npublique, une synth\u00e8se des observations du public, une analyse des propositions produites pendant \nl'enqu\u00eate  et,  le  cas  \u00e9ch\u00e9ant,  les  observations  du  responsable  du  projet  en  r\u00e9ponse  aux  \nobservations du public.\nIl consignera dans une pr\u00e9sentation s\u00e9par\u00e9e, ses conclusions motiv\u00e9es, en pr\u00e9cisant si elles sont  \nfavorables, favorables sous r\u00e9serves ou d\u00e9favorables au projet.\nArticle 8\u00a0: Rapport et conclusions motiv\u00e9es du commissaire enqu\u00eateur\nLe commissaire enqu\u00eateur transmettra le rapport, les conclusions motiv\u00e9es, le registre d'enqu\u00eate et  \nle dossier de l'enqu\u00eate correspondant au pr\u00e9fet (direction d\u00e9partementale des territoires et de la  \nmer du Var, service urbanisme et affaires juridiques, Boulevard du 112\u00e8me  R\u00e9giment d'Infanterie -  \nCS 31209 - 83070 Toulon Cedex), dans un d\u00e9lai de 30 jours \u00e0 compter de la date de cl\u00f4ture de  \nl'enqu\u00eate.\nArticle 9\u00a0: Diffusion du rapport et des conclusions\nLe pr\u00e9fet adressera, d\u00e8s leur r\u00e9ception, copie du rapport et des conclusions au responsable du  \nprojet et au maire de Nans-les-Pins.\nUne copie du rapport et des conclusions du commissaire enqu\u00eateur sera tenue \u00e0 la disposition du  \npublic pendant un an \u00e0 compter de la date de la cl\u00f4ture de l'enqu\u00eate\u00a0:\n\u2022  en mairie de Nans-les-Pins,\n\u2022 \u00e0 la pr\u00e9fecture du Var (direction d\u00e9partementale des territoires et de la mer du Var, service  \nurbanisme et affaires juridiques).\nLe rapport et les conclusions du commissaire enqu\u00eateur seront mis en ligne sur le site internet des  \nservices de l'\u00c9tat dans le Var \u00e0 l'adresse mentionn\u00e9e \u00e0 l'article 4 du pr\u00e9sent arr\u00eat\u00e9.\nArticle 10\u00a0: Autorit\u00e9 comp\u00e9tente et nature de la d\u00e9cision adopt\u00e9e au terme de l'enqu\u00eate\n\u00c0 l'issue de la proc\u00e9dure, l'autorit\u00e9 comp\u00e9tente pour accorder ou refuser la  cr\u00e9ation d'une zone  \nagricole prot\u00e9g\u00e9e (ZAP) sur la commune de Nans-les-Pins est le pr\u00e9fet du Var, par voie d'arr\u00eat\u00e9.\nArticle 11\u00a0: Ex\u00e9cution du pr\u00e9sent arr\u00eat\u00e9\nLe secr\u00e9taire g\u00e9n\u00e9ral de la pr\u00e9fecture du Var,\n5/6\nDirection d\u00e9partementale des territoires et de la mer du Var - 83-2025-11-26-00007 - RAA Nans Ap ouverture EP ZAP convertedToPDF 33\nLe directeur d\u00e9partemental des territoires et de la mer,\nLe maire de Nans-les-Pins,\nLe commissaire enqu\u00eateur,\nsont charg\u00e9s, chacun en ce qui le concerne, de l'ex\u00e9cution du pr\u00e9sent arr\u00eat\u00e9 qui sera publi\u00e9 au  \nrecueil des actes administratifs de la pr\u00e9fecture du Var.\nFait le 26 novembre 2026\nPour le pr\u00e9fet et par d\u00e9l\u00e9gation,\nPour le directeur d\u00e9partemental des territoires et de la mer et par d\u00e9l\u00e9gation,\nl'Adjointe \u00e0 la cheffe du service prospectives et planifications\nSign\u00e9\nL\u00e6titia COUDERT\n6/6\nDirection d\u00e9partementale des territoires et de la mer du Var - 83-2025-11-26-00007 - RAA Nans Ap ouverture EP ZAP convertedToPDF 34\nPr\u00e9fecture du VAR\n83-2025-12-04-00006\nARRETE n\u00b0 DCL/BERG/2025/275 du 04 d\u00e9cembre\n2025 portant classement de la commune de\nSanary-sur-Mer comme station de tourisme.\nPr\u00e9fecture du VAR - 83-2025-12-04-00006 - ARRETE n\u00b0 DCL/BERG/2025/275 du 04 d\u00e9cembre 2025 portant classement de la commune\nde Sanary-sur-Mer comme station de tourisme. 35\n=mPREFETDU VARLibert\u00e9Egalit\u00e9Fraternit\u00e9\nDirection de la citoyennet\u00e9 et de la l\u00e9galit\u00e9\nBureau des \u00e9lections et de la r\u00e9glementation g\u00e9n\u00e9rale\nARRETE n\u00b0 DCL/BERG/2025/275 du 04 d\u00e9cembre 2025\nportant classement de la commune de Sanary-sur-Mer\ncomme station de tourisme.\nLe Pr\u00e9fet du Var,\nVu  le code du tourisme, notamment ses articles L. 133-13, L. 133-14, L. 133-15, R. 133-37 et  \nsuivants ;\nVu le d\u00e9cret n\u00b02008-884 du 02 septembre 2008 modifi\u00e9 relatif aux communes touristiques et  \naux stations class\u00e9es de tourisme, notamment son article 3 ;\nVu  le  d\u00e9cret  du  Pr\u00e9sident  de  la  R\u00e9publique  du  15  mai  2025  portant  nomination  de \nMonsieur Simon BABRE, pr\u00e9fet du Var ;\nVu l'arr\u00eat\u00e9 pr\u00e9fectoral n\u00b024/398 du 05 d\u00e9cembre 2024 relatif au classement dans la cat\u00e9gorie I \nde l'Office de Tourisme de Sanary-sur-Mer ;\nVu l'arr\u00eat\u00e9 pr\u00e9fectoral n\u00b0 2025/12/MCI du 02 juin 2025 portant d\u00e9l\u00e9gation de signature \u00e0  \nMonsieur  Lucien  GIUDICELLI,  secr\u00e9taire  g\u00e9n\u00e9ral  de  la  pr\u00e9fecture  du  Var,  sous-pr\u00e9fet  de \nl'arrondissement de Toulon ;\nVu l'arr\u00eat\u00e9 pr\u00e9fectoral n\u00b0DCL/BERG/2025/203 du 08 octobre 2025 accordant la d\u00e9nomination \nde commune touristique \u00e0 la commune de Sanary-sur-Mer ;\nVu la d\u00e9lib\u00e9ration n\u00b0 DEL_2025_068 du 02 avril 2025, du conseil municipal de Sanary-sur-Mer, \nautorisant le maire \u00e0 solliciter le classement de la commune de Sanary-sur-Mer en station de  \ntourisme ;\nVu l'avis favorable de l'agence r\u00e9gionale de sant\u00e9 en date du 01 d\u00e9cembre 2025 ;\nVu la lettre de Monsieur le Maire de Sanary-sur-Mer, re\u00e7ue le 27 octobre  2025, sollicitant le  \nrenouvellement du classement de la commune de Sanary-sur-Mer en station de tourisme ;\nVu la demande, re\u00e7u le 27 octobre 2025 , et compl\u00e9t\u00e9e le 01 d\u00e9cembre 2025 , de classement \nde la commune de Sanary-sur-Mer en station de tourisme, pr\u00e9sent\u00e9e par le maire ;\nConsid\u00e9rant que la demande pr\u00e9sent\u00e9e satisfait aux conditions fix\u00e9es par les textes susvis\u00e9s ;\nSur proposition du secr\u00e9taire g\u00e9n\u00e9ral de la pr\u00e9fecture ;\n1/2\nPr\u00e9fecture du VAR - 83-2025-12-04-00006 - ARRETE n\u00b0 DCL/BERG/2025/275 du 04 d\u00e9cembre 2025 portant classement de la commune\nde Sanary-sur-Mer comme station de tourisme. 36\nA R R E T E\nARTICLE 1 : La commune de Sanary-sur-Mer est class\u00e9e station de tourisme pour une dur\u00e9e de \ndouze ans.\nARTICLE 2 : Le pr\u00e9sent arr\u00eat\u00e9 prendra effet \u00e0 compter de sa date de notification.\nARTICLE 3 : Le dossier de la demande de classement comme station de tourisme est annex\u00e9  \nau pr\u00e9sent arr\u00eat\u00e9. Il est consultable \u00e0 la pr\u00e9fecture du Var.\nARTICLE 4 : Le secr\u00e9taire g\u00e9n\u00e9ral de la pr\u00e9fecture du Var et le maire de Sanary-sur-Mer sont \ncharg\u00e9s, chacun en ce qui le concerne, de l'ex\u00e9cution du pr\u00e9sent arr\u00eat\u00e9, qui sera publi\u00e9 au  \nrecueil  des  actes  administratifs  de  la  pr\u00e9fecture  du  Var  et  dont  copie  sera  adress\u00e9e  au \nministre de l'\u00e9conomie, des finances et de la souverainet\u00e9 industrielle et num\u00e9rique et au  \ndirecteur des archives d\u00e9partementales.\nPour le Pr\u00e9fet et par d\u00e9l\u00e9gation,\nle secr\u00e9taire g\u00e9n\u00e9ral,\nSign\u00e9 : Lucien GIUDICELLI\nDans un d\u00e9lai de deux mois \u00e0 compter de la date de notification du pr\u00e9sent arr\u00eat\u00e9, les recours suivants peuvent \u00eatre introduits \nconform\u00e9ment aux dispositions des articles R. 421-1 et suivants du code de justice administrative :\n- un recours gracieux, adress\u00e9 \u00e0 : M. le pr\u00e9fet du Var \u2013 Bd du 112\u00e8me r\u00e9giment d'infanterie- CS 31209 - 83070 TOULON CEDEX\n- un recours hi\u00e9rarchique adress\u00e9 au ministre de l'int\u00e9rieur .\nDans ce cas, le silence de l'administration vaut rejet implicite au terme d'un d\u00e9lai de deux mois.\nApr\u00e8s un recours gracieux ou hi\u00e9rarchique, le d\u00e9lai du recours contentieux ne court qu'\u00e0 compter du rejet explicite ou implicite \nde l'un de ces recours.\n- un recours contentieux, en saisissant le tribunal administratif de Toulon : 5 rue Racine -BP 40510 - 83 041 TOULON CEDEX 9\nLe tribunal administratif peut \u00eatre saisi par l'application informatique \u00ab T\u00e9l\u00e9recours citoyens \u00bb accessible par le site internet \n\u00ab www.telerecours.fr \u00bb.\n2/2\nPr\u00e9fecture du VAR - 83-2025-12-04-00006 - ARRETE n\u00b0 DCL/BERG/2025/275 du 04 d\u00e9cembre 2025 portant classement de la commune\nde Sanary-sur-Mer comme station de tourisme. 37\nAnnexe \u00e0 l'arr\u00eat\u00e9 n\u00b0 DCL/BERG/2025/275 du 04 d\u00e9cembre 2025\nportant classement de la commune de Sanary-sur-Mer\ncomme station de tourisme.\nListe des documents annex\u00e9s et consultables \u00e0 la pr\u00e9fecture du Var / direction de la  \ncitoyennet\u00e9 et de la l\u00e9galit\u00e9 / bureau des \u00e9lections et de la r\u00e9glementation g\u00e9n\u00e9rale :\n- arr\u00eat\u00e9 pr\u00e9fectoral n\u00b024/398 du 05 d\u00e9cembre 2024 relatif au classement dans la cat\u00e9gorie I \nde l'Office de Tourisme de Sanary-sur-Mer ;\n- arr\u00eat\u00e9 pr\u00e9fectoral n\u00b0DCL/BERG/2025/203 du 08 octobre 2025 accordant la d\u00e9nomination \nde commune touristique \u00e0 la commune de Sanary-sur-Mer ;\n- d\u00e9lib\u00e9ration n\u00b0 DEL_2025_068 du 02 avril 2025 , du conseil municipal de Sanary-sur-Mer, \nautorisant le maire \u00e0 solliciter le classement de la commune de Sanary-sur-Mer en station  \nde tourisme ;\n- avis favorable de l'agence r\u00e9gionale de sant\u00e9 en date du 01 d\u00e9cembre 2025 ;\n- demande  de  classement  de  la  commune  de  Sanary-sur-Mer en  station  de  tourisme, \npr\u00e9sent\u00e9e par le maire ; re\u00e7ue le 27 octobre 2025, et compl\u00e9t\u00e9e le 01 d\u00e9cembre 2025 ;\n- note de synth\u00e8se ;\n- dossier d\u00e9taill\u00e9 pr\u00e9sentant les 9 crit\u00e8res de classement avec les pi\u00e8ces justificatives.\nPr\u00e9fecture du VAR - 83-2025-12-04-00006 - ARRETE n\u00b0 DCL/BERG/2025/275 du 04 d\u00e9cembre 2025 portant classement de la commune\nde Sanary-sur-Mer comme station de tourisme. 38","date":"2025-12-05","first_seen_on":"2025-12-05T16:04:04+00:00","id":"f33b6b7742bca6e498d5028be86433154f362aa6ba6fa3de1562b8bca5baab57","name":"RAA N\u00b0411 du 5 d\u00e9cembre 2025","pdf_creation_date":"2025-12-05T15:32:00+00:00","pdf_modification_date":null,"timezone":"Europe/Paris","url":"https://www.var.gouv.fr/contenu/telechargement/43894/286684/file/RAA%20N%C2%B0411%20du%205%20d%C3%A9cembre%202025.pdf"}
