{"administration":"pref50","administration_name":"Pr\u00e9fecture de la Manche","content":"RECUEIL DES ACTES\nADMINISTRATIFS\nDE LA MANCHE\nDOCUMENTATION\nET\nINFORMATIONS\nJUILLET 2023\nNUMERO SPECIAL N\u00b0 62\nLe contenu int\u00e9gral des textes et/ou les documents et plans annex\u00e9s\npeut \u00eatre consult\u00e9 aupr\u00e8s du service sous le timbre duquel la publication\nest r\u00e9alis\u00e9e et sur le site Internet de la pr\u00e9fecture :\nhttp://www.manche.gouv.fr\nRubrique : Publications - Annonces et avis - Recueil des actes administratifs\n\nS O M M A I R E\nDIRECTION DES COLLECTIVITES, DE LA CITOYENNETE ET DE LA LEGALITE...............................................................................................4\nArr\u00eat\u00e9 du 13 juillet 2023 portant nomination des membres de la commission de contr\u00f4le charg\u00e9e de la r\u00e9gularit\u00e9 des listes \u00e9lectorales \ndans la commune de CARENTAN-LES-MARAIS - (communes de 1 000 habitants et plus avec 2 ou 3 listes)........................................................4\nArr\u00eat\u00e9 du 13 juillet 2023 portant nomination des membres de la commission de contr\u00f4le charg\u00e9e de la r\u00e9gularit\u00e9 des listes \u00e9lectorales \ndans la commune de CERISY-LA-FORET (communes de 1 000 habitants et plus avec 2 ou 3 listes).....................................................................4\nArr\u00eat\u00e9 du 13 juillet 2023 portant nomination des membres de la commission de contr\u00f4le charg\u00e9e de la r\u00e9gularit\u00e9 des listes \u00e9lectorales \ndans la commune de PONT-HEBERT (communes de 1 000 habitants et plus avec 2 ou 3 listes)...........................................................................4\nArr\u00eat\u00e9 du 13 juillet 2023 portant nomination des membres de la commission de contr\u00f4le charg\u00e9e de la r\u00e9gularit\u00e9 des listes \u00e9lectorales...........4\ndans la commune de REMILLY-LES-MARAIS (communes de 1 000 habitants et plus avec 2 ou 3 listes)...........................................................4\nArr\u00eat\u00e9 du 13 juillet 2023 portant nomination des membres de la commission de contr\u00f4le charg\u00e9e de la r\u00e9gularit\u00e9 des listes \u00e9lectorales \ndans la commune de SAINT JEAN D'ELLE (communes de 1 000 habitants et plus avec 2 ou 3 listes)...................................................................4\nArr\u00eat\u00e9 du 13 juillet 2023 portant nomination des membres de la commission de contr\u00f4le charg\u00e9e de la r\u00e9gularit\u00e9 des listes \u00e9lectorales \ndans la commune de SAINT LO (communes de 1 000 habitants et plus avec 2 ou 3 listes).....................................................................................5\nArr\u00eat\u00e9 du 13 juillet 2023 portant nomination des membres de la commission de contr\u00f4le charg\u00e9e de la r\u00e9gularit\u00e9 des listes \u00e9lectorales \ndans la commune de TERRE-ET-MARAIS (communes de 1 000 habitants et plus avec 2 ou 3 listes)....................................................................5\nArr\u00eat\u00e9 du 13 juillet 2023 portant nomination des membres de la commission de contr\u00f4le charg\u00e9e de la r\u00e9gularit\u00e9 des listes \u00e9lectorales \ndans la commune de TESSY-BOCAGE (communes de 1 000 habitants et plus avec 2 ou 3 listes).........................................................................5\nArr\u00eat\u00e9 du 13 juillet 2023 portant nomination des membres de la commission de contr\u00f4le charg\u00e9e de la r\u00e9gularit\u00e9 des listes \u00e9lectorales \ndans la commune de THEREVAL (communes de 1 000 habitants et plus avec 2 ou 3 listes)..................................................................................5\nArr\u00eat\u00e9 du 13 juillet 2023 portant nomination des membres de la commission de contr\u00f4le charg\u00e9e de la r\u00e9gularit\u00e9 des listes \u00e9lectorales \ndans la commune de TORIGNY-LES-VILLES (communes de 1 000 habitants et plus avec 2 ou 3 listes)...............................................................6\nArr\u00eat\u00e9 du 13 juillet 2023 portant nomination des membres de la commission de contr\u00f4le charg\u00e9e de la r\u00e9gularit\u00e9 des listes \u00e9lectorales \ndans la commune de VILLEDIEU-LES-POELES-ROUFFIGNY (communes de 1 000 habitants et plus avec 2 ou 3 listes).................................... 6\nArr\u00eat\u00e9 du 13 juillet 2023 portant nomination des membres de la commission de contr\u00f4le charg\u00e9e de la r\u00e9gularit\u00e9 des listes \u00e9lectorales \ndans la commune de AIREL (communes de moins de 1 000 habitants et assimil\u00e9es)..............................................................................................6\nArr\u00eat\u00e9 du 13 juillet 2023 portant nomination des membres de la commission de contr\u00f4le charg\u00e9e de la r\u00e9gularit\u00e9 des listes \u00e9lectorales \ndans la commune de AMIGNY (communes de moins de 1 000 habitants et assimil\u00e9es)..........................................................................................6\nArr\u00eat\u00e9 du 13 juillet 2023 portant nomination des membres de la commission de contr\u00f4le charg\u00e9e de la r\u00e9gularit\u00e9 des listes \u00e9lectorales \ndans la commune de AUVERS (communes de moins de 1 000 habitants et assimil\u00e9es).........................................................................................6\nArr\u00eat\u00e9 du 13 juillet 2023 portant nomination des membres de la commission de contr\u00f4le charg\u00e9e de la r\u00e9gularit\u00e9 des listes \u00e9lectorales \ndans la commune de BAUDRE (communes de moins de 1 000 habitants et assimil\u00e9es).........................................................................................7\nArr\u00eat\u00e9 du 13 juillet 2023 portant nomination des membres de la commission de contr\u00f4le charg\u00e9e de la r\u00e9gularit\u00e9 des listes \u00e9lectorales \ndans la commune de BEAUCOUDRAY (communes de moins de 1 000 habitants et assimil\u00e9es)............................................................................7\nArr\u00eat\u00e9 du 13 juillet 2023 portant nomination des membres de la commission de contr\u00f4le charg\u00e9e de la r\u00e9gularit\u00e9 des listes \u00e9lectorales \ndans la commune de BERIGNY (communes de moins de 1 000 habitants et assimil\u00e9es)........................................................................................7\nArr\u00eat\u00e9 du 13 juillet 2023 portant nomination des membres de la commission de contr\u00f4le charg\u00e9e de la r\u00e9gularit\u00e9 des listes \u00e9lectorales \ndans la commune de BESLON (communes de moins de 1 000 habitants et assimil\u00e9es)..........................................................................................7\nArr\u00eat\u00e9 du 13 juillet 2023 portant nomination des membres de la commission de contr\u00f4le charg\u00e9e de la r\u00e9gularit\u00e9 des listes \u00e9lectorales \ndans la commune de BEUVRIGNY (communes de moins de 1 000 habitants et assimil\u00e9es)...................................................................................8\nArr\u00eat\u00e9 du 13 juillet 2023 portant nomination des membres de la commission de contr\u00f4le charg\u00e9e de la r\u00e9gularit\u00e9 des listes \u00e9lectorales \ndans la commune de BOURGUENOLLES (communes de moins de 1 000 habitants et assimil\u00e9es)........................................................................8\nArr\u00eat\u00e9 du 13 juillet 2023 portant nomination des membres de la commission de contr\u00f4le charg\u00e9e de la r\u00e9gularit\u00e9 des listes \u00e9lectorales \ndans la commune de CARANTILLY (communes de moins de 1 000 habitants et assimil\u00e9es)..................................................................................8\nArr\u00eat\u00e9 du 13 juillet 202 portant nomination des membres de la commission de contr\u00f4le charg\u00e9e de la r\u00e9gularit\u00e9 des listes \u00e9lectorales \ndans la commune de CHERENCE-LE-HERON (communes de moins de 1 000 habitants et assimil\u00e9es)................................................................8\nArr\u00eat\u00e9 du 13 juillet 2023 portant nomination des membres de la commission de contr\u00f4le charg\u00e9e de la r\u00e9gularit\u00e9 des listes \u00e9lectorales \ndans la commune de COUVAINS (communes de moins de 1 000 habitants et assimil\u00e9es).....................................................................................8\nArr\u00eat\u00e9 du 13 juillet 2023 portant nomination des membres de la commission de contr\u00f4le charg\u00e9e de la r\u00e9gularit\u00e9 des listes \u00e9lectorales \ndans la commune de DANGY (communes de moins de 1 000 habitants et assimil\u00e9es)...........................................................................................9\nArr\u00eat\u00e9 du 13 juillet 2023 portant nomination des membres de la commission de contr\u00f4le charg\u00e9e de la r\u00e9gularit\u00e9 des listes \u00e9lectorales \ndans la commune de FOURNEAUX (communes de moins de 1 000 habitants et assimil\u00e9es)..................................................................................9\nArr\u00eat\u00e9 du 13 juillet 2023 portant nomination des membres de la commission de contr\u00f4le charg\u00e9e de la r\u00e9gularit\u00e9 des listes \u00e9lectorales \ndans la commune de GOUVETS (communes de moins de 1 000 habitants et assimil\u00e9es).......................................................................................9\nArr\u00eat\u00e9 du 13 juillet 2023 portant nomination des membres de la commission de contr\u00f4le charg\u00e9e de la r\u00e9gularit\u00e9 des listes \u00e9lectorales \ndans la commune de GRAIGNES-MESNIL-ANGOT (communes de moins de 1 000 habitants et assimil\u00e9es)........................................................9\nArr\u00eat\u00e9 du 13 juillet 2023 portant nomination des membres de la commission de contr\u00f4le charg\u00e9e de la r\u00e9gularit\u00e9 des listes \u00e9lectorales \ndans la commune de LA BLOUTIERE (communes de moins de 1 000 habitants et assimil\u00e9es)............................................................................10\nArr\u00eat\u00e9 du 13 juillet 2023 portant nomination des membres de la commission de contr\u00f4le charg\u00e9e de la r\u00e9gularit\u00e9 des listes \u00e9lectorales \ndans la commune de LA COLOMBE (communes de moins de 1 000 habitants et assimil\u00e9es)...............................................................................10\nArr\u00eat\u00e9 du 13 juillet 2023 portant nomination des membres de la commission de contr\u00f4le charg\u00e9e de la r\u00e9gularit\u00e9 des listes \u00e9lectorales \ndans la commune de LA LUZERNE (communes de moins de 1 000 habitants et assimil\u00e9es)................................................................................10\nArr\u00eat\u00e9 du 13 juillet 2023 portant nomination des membres de la commission de contr\u00f4le charg\u00e9e de la r\u00e9gularit\u00e9 des listes \u00e9lectorales \ndans la commune de LA TRINITE (communes de moins de 1 000 habitants et assimil\u00e9es)...................................................................................10\nArr\u00eat\u00e9 du 13 juillet 2023 portant nomination des membres de la commission de contr\u00f4lecharg\u00e9e de la r\u00e9gularit\u00e9 des listes \u00e9lectorales \ndans la commune de LAMBERVILLE (communes de moins de 1 000 habitants et assimil\u00e9es).............................................................................10\nArr\u00eat\u00e9 du 13 juillet 2023 portant nomination des membres de la commission de contr\u00f4le charg\u00e9e de la r\u00e9gularit\u00e9 des listes \u00e9lectorales \ndans la commune de LE MESNIL-AMEY (communes de moins de 1 000 habitants et assimil\u00e9es)........................................................................11\nArr\u00eat\u00e9 du 13 juillet 2023 portant nomination des membres de la commission de contr\u00f4le charg\u00e9e de la r\u00e9gularit\u00e9 des listes \u00e9lectorales \ndans la commune de LE MESNIL-EURY (communes de moins de 1 000 habitants et assimil\u00e9es)........................................................................11\nArr\u00eat\u00e9 du 13 juillet 2023 portant nomination des membres de la commission de contr\u00f4le charg\u00e9e de la r\u00e9gularit\u00e9 des listes \u00e9lectorales \ndans la commune de LE MESNIL-ROUXELIN (communes de moins de 1 000 habitants et assimil\u00e9es)................................................................11\nArr\u00eat\u00e9 du 13 juillet 2023 portant nomination des membres de la commission de contr\u00f4le charg\u00e9e de la r\u00e9gularit\u00e9 des listes \u00e9lectorales \ndans la commune de LE MESNIL-VENERON (communes de moins de 1 000 habitants et assimil\u00e9es)................................................................11\nArr\u00eat\u00e9 du 13 juillet 2023 portant nomination des membres de la commission de contr\u00f4le charg\u00e9e de la r\u00e9gularit\u00e9 des listes \u00e9lectorales \ndans la commune de LE PERRON (communes de moins de 1 000 habitants et assimil\u00e9es).................................................................................12\nArr\u00eat\u00e9 du 13 juillet 2023 portant nomination des membres de la commission de contr\u00f4le charg\u00e9e de la r\u00e9gularit\u00e9 des listes \u00e9lectorales \ndans la commune de MAUPERTUIS (communes de moins de 1 000 habitants et assimil\u00e9es)..............................................................................12\nArr\u00eat\u00e9 du 13 juillet 2023 portant nomination des membres de la commission de contr\u00f4le charg\u00e9e de la r\u00e9gularit\u00e9 des listes \u00e9lectorales \ndans la commune de MEAUTIS (communes de moins de 1 000 habitants et assimil\u00e9es)......................................................................................12\nArr\u00eat\u00e9 du 13 juillet 2023 portant nomination des membres de la commission de contr\u00f4le charg\u00e9e de la r\u00e9gularit\u00e9 des listes \u00e9lectorales \ndans la commune de MONTBRAY (communes de moins de 1 000 habitants et assimil\u00e9es)..................................................................................12\nArr\u00eat\u00e9 du 13 juillet 2023 portant nomination des membres de la commission de contr\u00f4le charg\u00e9e de la r\u00e9gularit\u00e9 des listes \u00e9lectorales \ndans la commune de MONTRABOT (communes de moins de 1 000 habitants et assimil\u00e9es)...............................................................................12\nArr\u00eat\u00e9 du 13 juillet 2023 portant nomination des membres de la commission de contr\u00f4le charg\u00e9e de la r\u00e9gularit\u00e9 des listes \u00e9lectorales \ndans la commune de MONTREUIL-SUR-LOZON (communes de moins de 1 000 habitants et assimil\u00e9es)..........................................................13\nArr\u00eat\u00e9 du 13 juillet 2023 portant nomination des membres de la commission de contr\u00f4le charg\u00e9e de la r\u00e9gularit\u00e9 des listes \u00e9lectorales \ndans la commune de MOON-SUR-ELLE (communes de moins de 1 000 habitants et assimil\u00e9es)........................................................................13\nArr\u00eat\u00e9 du 13 juillet 2023 portant nomination des membres de la commission de contr\u00f4le charg\u00e9e de la r\u00e9gularit\u00e9 des listes \u00e9lectorales \ndans la commune de MORIGNY (communes de moins de 1 000 habitants et assimil\u00e9es).....................................................................................13\nArr\u00eat\u00e9 du 13 juillet 2023 portant nomination des membres de la commission de contr\u00f4le charg\u00e9e de la r\u00e9gularit\u00e9 des listes \u00e9lectorales \ndans la commune de RAMPAN (communes de moins de 1 000 habitants et assimil\u00e9es).......................................................................................13\nArr\u00eat\u00e9 du 13 juillet 2023 portant nomination des membres de la commission de contr\u00f4le charg\u00e9e de la r\u00e9gularit\u00e9 des listes \u00e9lectorales \ndans la commune de SAINT ANDRE DE BOHON (communes de moins de 1 000 habitants et assimil\u00e9es)......................................................... 13\nArr\u00eat\u00e9 du 13 juillet 2023 portant nomination des membres de la commission de contr\u00f4le charg\u00e9e de la r\u00e9gularit\u00e9 des listes \u00e9lectorales \ndans la commune de SAINT ANDRE DE L'EPINE (communes de moins de 1 000 habitants et assimil\u00e9es).........................................................14\nArr\u00eat\u00e9 du 13 juillet 2023 portant nomination des membres de la commission de contr\u00f4le charg\u00e9e de la r\u00e9gularit\u00e9 des listes \u00e9lectorales \ndans la commune de SAINT CLAIR SUR L'ELLE (communes de moins de 1 000 habitants et assimil\u00e9es).......................................................... 14\nArr\u00eat\u00e9 du 13 juillet 2023 portant nomination des membres de la commission de contr\u00f4le charg\u00e9e de la r\u00e9gularit\u00e9 des listes \u00e9lectorales \ndans la commune de SAINT FROMOND (communes de moins de 1 000 habitants et assimil\u00e9es)........................................................................14\nArr\u00eat\u00e9 du 13 juillet 2023 portant nomination des membres de la commission de contr\u00f4le charg\u00e9e de la r\u00e9gularit\u00e9 des listes \u00e9lectorales \ndans la commune de SAINT GERMAIN D'ELLE (communes de moins de 1 000 habitants et assimil\u00e9es)............................................................14\nArr\u00eat\u00e9 du 13 juillet 2023 portant nomination des membres de la commission de contr\u00f4le charg\u00e9e de la r\u00e9gularit\u00e9 des listes \u00e9lectorales \ndans la commune de SAINT JEAN DE DAYE (communes de moins de 1 000 habitants et assimil\u00e9es)................................................................15\nArr\u00eat\u00e9 du 13 juillet 2023 portant nomination des membres de la commission de contr\u00f4le charg\u00e9e de la r\u00e9gularit\u00e9 des listes \u00e9lectorales \ndans la commune de SAINT JEAN DE SAVIGNY (communes de moins de 1 000 habitants et assimil\u00e9es)..........................................................15\nArr\u00eat\u00e9 du 13 juillet 2023 portant nomination des membres de la commission de contr\u00f4le charg\u00e9e de la r\u00e9gularit\u00e9 des listes \u00e9lectorales \ndans la commune de SAINT LOUET SUR VIRE (communes de moins de 1 000 habitants et assimil\u00e9es)............................................................15\nArr\u00eat\u00e9 du 13 juillet 2023 portant nomination des membres de la commission de contr\u00f4le charg\u00e9e de la r\u00e9gularit\u00e9 des listes \u00e9lectorales \ndans la commune de SAINT PIERRE DE SEMILLY (communes de moins de 1 000 habitants et assimil\u00e9es).......................................................15\nArr\u00eat\u00e9 du 13 juillet 2023 portant nomination des membres de la commission de contr\u00f4le charg\u00e9e de la r\u00e9gularit\u00e9 des listes \u00e9lectorales \ndans la commune de SAINT VIGOR DES MONTS (communes de moins de 1 000 habitants et assimil\u00e9es)........................................................15\nArr\u00eat\u00e9 du 13 juillet 2023 portant nomination des membres de la commission de contr\u00f4le charg\u00e9e de la r\u00e9gularit\u00e9 des listes \u00e9lectorales \ndans la commune de SAINTE CECILE (communes de moins de 1 000 habitants et assimil\u00e9es)...........................................................................16\nArr\u00eat\u00e9 du 13 juillet 2023 portant nomination des membres de la commission de contr\u00f4le charg\u00e9e de la r\u00e9gularit\u00e9 des listes \u00e9lectorales \ndans la commune de TRIBEHOU (communes de moins de 1 000 habitants et assimil\u00e9es)....................................................................................16\nArr\u00eat\u00e9 du 13 juillet 2023 portant nomination des membres de la commission de contr\u00f4le charg\u00e9e de la r\u00e9gularit\u00e9 des listes \u00e9lectorales \ndans la commune de VILLIERS-FOSSARD (communes de moins de 1 000 habitants et assimil\u00e9es)....................................................................16\nArr\u00eat\u00e9 du 13 juillet 2023 portant nomination des membres de la commission de contr\u00f4le charg\u00e9e de la r\u00e9gularit\u00e9 des listes \u00e9lectorales \ndans la commune de AGNEAUX (communes de moins de 1 000 habitants et assimil\u00e9es).....................................................................................16\nArr\u00eat\u00e9 du 13 juillet 2023 portant nomination des membres de la commission de contr\u00f4le charg\u00e9e de la r\u00e9gularit\u00e9 des listes \u00e9lectorales \ndans la commune de BOURGVALLEES (communes de moins de 1 000 habitants et assimil\u00e9es).........................................................................17\nArr\u00eat\u00e9 du 13 juillet 2023 portant nomination des membres de la commission de contr\u00f4le charg\u00e9e de la r\u00e9gularit\u00e9 des listes \u00e9lectorales \ndans la commune de CONDE-SUR-VIRE (communes de moins de 1 000 habitants et assimil\u00e9es).......................................................................17\nArr\u00eat\u00e9 du 13 juillet 2023 portant nomination des membres de la commission de contr\u00f4le charg\u00e9e de la r\u00e9gularit\u00e9 des listes \u00e9lectorales \ndans la commune de FLEURY (communes de moins de 1 000 habitants et assimil\u00e9es)........................................................................................17\nArr\u00eat\u00e9 du 13 juillet 2023 portant nomination des membres de la commission de contr\u00f4le charg\u00e9e de la r\u00e9gularit\u00e9 des listes \u00e9lectorales \ndans la commune de LA BARRE DE SEMILLY (communes de moins de 1 000 habitants et assimil\u00e9es)..............................................................17\nArr\u00eat\u00e9 du 13 juillet 2023 portant nomination des membres de la commission de contr\u00f4le charg\u00e9e de la r\u00e9gularit\u00e9 des listes \u00e9lectorales \ndans la commune de LA MEAUFFE (communes de moins de 1 000 habitants et assimil\u00e9es)...............................................................................17\nArr\u00eat\u00e9 du 13 juillet 2023 portant nomination des membres de la commission de contr\u00f4le charg\u00e9e de la r\u00e9gularit\u00e9 des listes \u00e9lectorales \ndans la commune de MOYON-VILLAGES (communes de moins de 1 000 habitants et assimil\u00e9es)......................................................................18\nArr\u00eat\u00e9 du 13 juillet 2023 portant nomination des membres de la commission de contr\u00f4le charg\u00e9e de la r\u00e9gularit\u00e9 des listes \u00e9lectorales \ndans la commune de PERCY-EN-NORMANDIE (communes de moins de 1 000 habitants et assimil\u00e9es)............................................................18\nArr\u00eat\u00e9 du 13 juillet 2023 portant nomination des membres de la commission de contr\u00f4le charg\u00e9e de la r\u00e9gularit\u00e9 des listes \u00e9lectorales \ndans la commune de MARIGNY-LE-LOZON (communes de moins de 1 000 habitants et assimil\u00e9es)..................................................................18\nDIRECTION DEPARTEMENTALE DES TERRITOIRES ET DE LA MER...............................................................................................................18\nArr\u00eat\u00e9 n\u00b02023-DDTM-SE-0101 du 13 juillet 2023 portant d\u00e9claration d'int\u00e9r\u00eat g\u00e9n\u00e9ral au titre de l'article l.211-7 du code de \nl'environnement de travaux issus du programme de restauration des cours d'eau du bassin versant du Merderet...............................................18\nArr\u00eat\u00e9 n\u00b0 DDTM - SETRIS-2023-12 du 13 juillet 2023 autorisant la d\u00e9rogation \u00e0 l'arr\u00eat\u00e9 du 27 d\u00e9cembre 2022 modifi\u00e9 portant \ninterdiction des concentrations ou manifestations sportives sur les routes \u00e0 grande circulation \u00e0 certaines p\u00e9riodes de l'ann\u00e9e 2023 ................19\nDIVERS......................................................................................................................................................................................................................20\nDIRM : DIRECTION INTERR\u00c9GIONALE DE LA MER MANCHE EST-MER DU NORD.............................................................................................................20\nArr\u00eat\u00e9 n\u00b0 123/2023 du 17 juillet 2023 Portant r\u00e9glementation des conditions de d\u00e9barquement, de transport, d'exp\u00e9dition, de stockage, \nde commercialisation et de mise \u00e0 la consommation humaine des p\u00e9toncles blancs \u2013 vanneaux (Aequipecten opercularis) en provenance\nde la zone des Hanois au large du d\u00e9partement de la Manche................................................................................................................................20\nArr\u00eat\u00e9 n\u00b0 125 / 2023 du 17 juillet 2023 \u00e9glementant le d\u00e9corticage sanitaire des p\u00e9toncles, en application de l'article 3 de l'arr\u00eat\u00e9 \npr\u00e9fectoral n\u00b0122/2023 du 13 juillet 2023 portant r\u00e9glementation des conditions de d\u00e9barquement, de transport, d'exp\u00e9dition, de \nstockage, de commercialisation et de mise \u00e0 la consommation humaine des p\u00e9toncles blancs \u2013 vanneaux (Aequipecten opercularis) en \nprovenance de la zone des Casquets au large du d\u00e9partement de la Manche........................................................................................................20\nArr\u00eat\u00e9 n\u00b0 126 / 2023 du 17 juillet 2023 R\u00e9glementant le d\u00e9corticage sanitaire des p\u00e9toncles, en application de l'article 3 de l'arr\u00eat\u00e9 \npr\u00e9fectoral n\u00b0123/2023 du 17 juillet 2023 portant r\u00e9glementation des conditions de d\u00e9barquement, de transport, d'exp\u00e9dition, de \nstockage, de commercialisation et de mise \u00e0 la consommation humaine des p\u00e9toncles blancs \u2013 vanneaux (Aequipecten opercularis) en \nprovenance de la zone des Hanois au large du d\u00e9partement de la Manche............................................................................................................20\nD\u00e9cision n\u00b0 1306 / 2023 du 17 juillet 2023 fixant la liste des navires autoris\u00e9s \u00e0 p\u00eacher des p\u00e9toncles blancs-vanneaux en zone \nsoumise \u00e0 restriction..................................................................................................................................................................................................21\nSGAMI OUEST - PR\u00c9FECTURE DE ZONE DE D\u00c9FENSE ET DE S\u00c9CURIT\u00c9 OUEST............................................................................................................21\nArr\u00eat\u00e9 du 18 juillet 2023 donnant d\u00e9l\u00e9gation de signature \u00e0 monsieur Herv\u00e9 TOURMENTE, secr\u00e9taire g\u00e9n\u00e9ral pour l'administration du \nminist\u00e8re de l'int\u00e9rieur de la zone ouest aupr\u00e8s du pr\u00e9fet de la zone de d\u00e9fense et de s\u00e9curit\u00e9 ouest...................................................................21\n\uf0bf\nDIRECTION DES COLLECTIVITES, DE LA CITOYENNETE ET DE LA LEGALITE\nArr\u00eat\u00e9 du 13 juillet 2023 portant nomination des membres de la commission de contr\u00f4le charg\u00e9e de la r\u00e9gularit\u00e9 des listes \u00e9lectorales\ndans la commune de CARENTAN-LES-MARAIS - (communes de 1 000 habitants et plus avec 2 ou 3 listes)\nConsid\u00e9rant qu'il convient de nommer, dans chaque commune, les membres de la commission de contr\u00f4le charg\u00e9e de la r\u00e9gularit\u00e9 des listes \n\u00e9lectorales pour une dur\u00e9e de trois ans et apr\u00e8s chaque renouvellement int\u00e9gral du conseil municipal,\nArt. 1 : La commission de contr\u00f4le, institu\u00e9e dans la commune de CARENTAN-LES-MARAIS, est compos\u00e9e comme suit :\n5 Titulaires :  \n- M  G\u00e9rard VOIDYE\n- M Andr\u00e9 PERRAMANT\n- Mme Brigitte REGNAULT n\u00e9e BERTOGNOLIO\n- M Jean-Pierre LECESNE\n- M. Jacky LENOURY\n5 Suppl\u00e9ants :\n- Mme Annie PENNEC n\u00e9e LAVALLEY\n- Mme Laurence HOREL n\u00e9e BOSSARD \n- Mme Marie-Agn\u00e8s HEROUT\n- Mme Val\u00e9rie MILLOT\n- Mme Am\u00e9lie DAVID\nArt. 2 : Les membres de la commission de contr\u00f4le charg\u00e9e de la r\u00e9gularit\u00e9 des listes \u00e9lectorales sont d\u00e9sign\u00e9s pour trois ans.\nSign\u00e9 : Pour le Pr\u00e9fet, la Secr\u00e9taire g\u00e9n\u00e9rale : Perrine SERRE\n\uf0bf\nArr\u00eat\u00e9 du 13 juillet 2023 portant nomination des membres de la commission de contr\u00f4le charg\u00e9e de la r\u00e9gularit\u00e9 des listes \u00e9lectorales\ndans la commune de CERISY-LA-FORET (communes de 1 000 habitants et plus avec 2 ou 3 listes)\nConsid\u00e9rant qu'il convient de nommer, dans chaque commune, les membres de la commission de contr\u00f4le charg\u00e9e de la r\u00e9gularit\u00e9 des listes \n\u00e9lectorales pour une dur\u00e9e de trois ans et apr\u00e8s chaque renouvellement int\u00e9gral du conseil municipal,\nArt. 1 : La commission de contr\u00f4le, institu\u00e9e dans la commune de CERISY-LA-FORET, est compos\u00e9e comme suit :\n5 Titulaires :  \n- M. Gilles CAMBOURNAC\n- M. Allain CADET\n- Mme Fran\u00e7oise EUSTACHE n\u00e9e LEMOUSSU\n- M. Xavier BOISSEL\n- Mme Sylvie LENOIR n\u00e9e FAUDEMER\n5 Suppl\u00e9ants :\nArt. 2 : Les membres de la commission de contr\u00f4le charg\u00e9e de la r\u00e9gularit\u00e9 des listes \u00e9lectorales sont d\u00e9sign\u00e9s pour trois ans.\nSign\u00e9 : Pour le Pr\u00e9fet, la Secr\u00e9taire g\u00e9n\u00e9rale : Perrine SERRE\n\uf0bf\nArr\u00eat\u00e9 du 13 juillet 2023 portant nomination des membres de la commission de contr\u00f4le charg\u00e9e de la r\u00e9gularit\u00e9 des listes \u00e9lectorales\ndans la commune de PONT-HEBERT (communes de 1 000 habitants et plus avec 2 ou 3 listes)\nConsid\u00e9rant qu'il convient de nommer, dans chaque commune, les membres de la commission de contr\u00f4le charg\u00e9e de la r\u00e9gularit\u00e9 des listes \n\u00e9lectorales pour une dur\u00e9e de trois ans et apr\u00e8s chaque renouvellement int\u00e9gral du conseil municipal,\nArt. 1 : La commission de contr\u00f4le, institu\u00e9e dans la commune de PONT-HEBERT, est compos\u00e9e comme suit :\n5 Titulaires :  \n- Mme Isabelle VIOLETTE\n- M.Wilfried JEHANNE\n- M. Patrick GHYSELEN\n- M. Dorian WOLTER\n- Mme Sylvie VIVIER\n5 Suppl\u00e9ants :\nArt. 2 : Les membres de la commission de contr\u00f4le charg\u00e9e de la r\u00e9gularit\u00e9 des listes \u00e9lectorales sont d\u00e9sign\u00e9s pour trois ans.\nSign\u00e9 : Pour le Pr\u00e9fet, la Secr\u00e9taire g\u00e9n\u00e9rale : Perrine SERRE\n\uf0bf\nArr\u00eat\u00e9 du 13 juillet 2023 portant nomination des membres de la commission de contr\u00f4le charg\u00e9e de la r\u00e9gularit\u00e9 des listes \u00e9lectorales\ndans la commune de REMILLY-LES-MARAIS (communes de 1 000 habitants et plus avec 2 ou 3 listes)\nConsid\u00e9rant qu'il convient de nommer, dans chaque commune, les membres de la commission de contr\u00f4le charg\u00e9e de la r\u00e9gularit\u00e9 des listes \n\u00e9lectorales pour une dur\u00e9e de trois ans et apr\u00e8s chaque renouvellement int\u00e9gral du conseil municipal,\nArt. 1 :  La commission de contr\u00f4le, institu\u00e9e dans la commune de REMILLY-LES-MARAIS, est compos\u00e9e comme suit :\n5 Titulaires :  \n- Mme Virginie SOPHIE\n- M. Christophe HAMEAU\n- M. Serge RAVALET\n- Mme Sandra ZIELINSKI\n- Mme Florence FERRARI\n5 Suppl\u00e9ants :\nArt. 2: Les membres de la commission de contr\u00f4le charg\u00e9e de la r\u00e9gularit\u00e9 des listes \u00e9lectorales sont d\u00e9sign\u00e9s pour trois ans.\nSign\u00e9 : Pour le Pr\u00e9fet, la Secr\u00e9taire g\u00e9n\u00e9rale : Perrine SERRE\n\uf0bf\nArr\u00eat\u00e9 du 13 juillet 2023 portant nomination des membres de la commission de contr\u00f4le charg\u00e9e de la r\u00e9gularit\u00e9 des listes \u00e9lectorales\ndans la commune de SAINT JEAN D'ELLE (communes de 1 000 habitants et plus avec 2 ou 3 listes)\nConsid\u00e9rant qu'il convient de nommer, dans chaque commune, les membres de la commission de contr\u00f4le charg\u00e9e de la r\u00e9gularit\u00e9 des listes \n\u00e9lectorales pour une dur\u00e9e de trois ans et apr\u00e8s chaque renouvellement int\u00e9gral du conseil municipal,\nArt. 1 : La commission de contr\u00f4le, institu\u00e9e dans la commune de SAINT JEAN D'ELLE, est compos\u00e9e comme suit :\n5 Titulaires : \n- Mme Josette BRUNET\n- M. Michel HERVIEU\n- Mme Carole MARGUERITE\n- Mme Isabelle MOUCHEL n\u00e9e FROC\n- Mme Marie-H\u00e9l\u00e8ne DESCHAMPS\n5 Suppl\u00e9ants :\nArt. 2 : Les membres de la commission de contr\u00f4le charg\u00e9e de la r\u00e9gularit\u00e9 des listes \u00e9lectorales sont d\u00e9sign\u00e9s pour trois ans.\nSign\u00e9 : Pour le Pr\u00e9fet, la Secr\u00e9taire g\u00e9n\u00e9rale : Perrine SERRE\n\uf0bf\nArr\u00eat\u00e9 du 13 juillet 2023 portant nomination des membres de la commission de contr\u00f4le charg\u00e9e de la r\u00e9gularit\u00e9 des listes \u00e9lectorales\ndans la commune de SAINT LO (communes de 1 000 habitants et plus avec 2 ou 3 listes)\nConsid\u00e9rant qu'il convient de nommer, dans chaque commune, les membres de la commission de contr\u00f4le charg\u00e9e de la r\u00e9gularit\u00e9 des listes \n\u00e9lectorales pour une dur\u00e9e de trois ans et apr\u00e8s chaque renouvellement int\u00e9gral du conseil municipal,\nArt. 1 : La commission de contr\u00f4le, institu\u00e9e dans la commune de SAINT LO, est compos\u00e9e comme suit :\n5 Titulaires :  \n- Mme Nadine LE BROUSSOIS n\u00e9e POISSON\n- Mme Laurence YAGOUB n\u00e9e MOREL\n- M.  Pierre BROSSAULT\n- M. Fran\u00e7ois BRIERE\n- M. Jacky RIHOUEY\n5 Suppl\u00e9ants :\n- M. Hubert BOUVET\n- Mme Virginie ROBERT-COQUENLORGE n\u00e9e ROBERT\n- Mme Catherine LEMOINE n\u00e9e POSTY\n- M. Laurent ENGUEHARD\n- Mme Dominique JOUIN n\u00e9e HIRBEC\nArt. 2 : Les membres de la commission de contr\u00f4le charg\u00e9e de la r\u00e9gularit\u00e9 des listes \u00e9lectorales sont d\u00e9sign\u00e9s pour trois ans.\nSign\u00e9 : Pour le Pr\u00e9fet, la Secr\u00e9taire g\u00e9n\u00e9rale : Perrine SERRE\n\uf0bf\nArr\u00eat\u00e9 du 13 juillet 2023 portant nomination des membres de la commission de contr\u00f4le charg\u00e9e de la r\u00e9gularit\u00e9 des listes \u00e9lectorales\ndans la commune de TERRE-ET-MARAIS (communes de 1 000 habitants et plus avec 2 ou 3 listes)\nConsid\u00e9rant qu'il convient de nommer, dans chaque commune, les membres de la commission de contr\u00f4le charg\u00e9e de la r\u00e9gularit\u00e9 des listes \n\u00e9lectorales pour une dur\u00e9e de trois ans et apr\u00e8s chaque renouvellement int\u00e9gral du conseil municipal,\nArt. 1 :  La commission de contr\u00f4le, institu\u00e9e dans la commune de TERRE-ET-MARAIS, est compos\u00e9e comme suit :\n5 Titulaires :  \n- Mme Mariette GARDIE n\u00e9e DUFAYEL\n- Mme Nelly BATAILLE n\u00e9e DAISY\n- Mme Martine COQUOIN n\u00e9e EQUILBEC\n- M. Lionnel LEPOURRY\n- Mme Lise BOURDON n\u00e9e THOMELIN\n5 Suppl\u00e9ants :\n- Mme Annick MINERBE n\u00e9e LOHIER\n- M. Paul QUINETTE\nArt. 2 : Les membres de la commission de contr\u00f4le charg\u00e9e de la r\u00e9gularit\u00e9 des listes \u00e9lectorales sont d\u00e9sign\u00e9s pour trois ans.\nSign\u00e9 : Pour le Pr\u00e9fet, la Secr\u00e9taire g\u00e9n\u00e9rale : Perrine SERRE\n\uf0bf\nArr\u00eat\u00e9 du 13 juillet 2023 portant nomination des membres de la commission de contr\u00f4le charg\u00e9e de la r\u00e9gularit\u00e9 des listes \u00e9lectorales\ndans la commune de TESSY-BOCAGE (communes de 1 000 habitants et plus avec 2 ou 3 listes)\nConsid\u00e9rant qu'il convient de nommer, dans chaque commune, les membres de la commission de contr\u00f4le charg\u00e9e de la r\u00e9gularit\u00e9 des listes \n\u00e9lectorales pour une dur\u00e9e de trois ans et apr\u00e8s chaque renouvellement int\u00e9gral du conseil municipal,\nArt. 1 : La commission de contr\u00f4le, institu\u00e9e dans la commune de TESSY-BOCAGE, est compos\u00e9e comme suit :\n5 Titulaires :  \n- M. Thierry HUE\n- Mme C\u00e9line DELARUE n\u00e9e LEVILLAIN\n- Mme Ang\u00e9lique DUMOTTIER n\u00e9e GOYER\n- M. Denis GATE\n- Mme Anne LAMOUREUX n\u00e9e NATIVEL\n5 Suppl\u00e9ants :\nArt. 2 : Les membres de la commission de contr\u00f4le charg\u00e9e de la r\u00e9gularit\u00e9 des listes \u00e9lectorales sont d\u00e9sign\u00e9s pour trois ans.\nSign\u00e9 : Pour le Pr\u00e9fet, la Secr\u00e9taire g\u00e9n\u00e9rale : Perrine SERRE\n\uf0bf\nArr\u00eat\u00e9 du 13 juillet 2023 portant nomination des membres de la commission de contr\u00f4le charg\u00e9e de la r\u00e9gularit\u00e9 des listes \u00e9lectorales\ndans la commune de THEREVAL (communes de 1 000 habitants et plus avec 2 ou 3 listes)\nConsid\u00e9rant qu'il convient de nommer, dans chaque commune, les membres de la commission de contr\u00f4le charg\u00e9e de la r\u00e9gularit\u00e9 des listes \n\u00e9lectorales pour une dur\u00e9e de trois ans et apr\u00e8s chaque renouvellement int\u00e9gral du conseil municipal,\nArt. 1 :  La commission de contr\u00f4le, institu\u00e9e dans la commune de THEREVAL, est compos\u00e9e comme suit :\n5 Titulaires :  \n- Mme  V\u00e9ronique OSOUF\n- Mme  Laetitia MAZIER \n- M. Fran\u00e7ois FOLLIOT\n- Mme Anita  FORTIN\n- M. Guillaume DUBOURG\n5 Suppl\u00e9ants :\nArt. 2 : Les membres de la commission de contr\u00f4le charg\u00e9e de la r\u00e9gularit\u00e9 des listes \u00e9lectorales sont d\u00e9sign\u00e9s pour trois ans.\nSign\u00e9 : Pour le Pr\u00e9fet, la Secr\u00e9taire g\u00e9n\u00e9rale : Perrine SERRE\n\uf0bf\nArr\u00eat\u00e9 du 13 juillet 2023 portant nomination des membres de la commission de contr\u00f4le charg\u00e9e de la r\u00e9gularit\u00e9 des listes \u00e9lectorales\ndans la commune de TORIGNY-LES-VILLES (communes de 1 000 habitants et plus avec 2 ou 3 listes)\nConsid\u00e9rant qu'il convient de nommer, dans chaque commune, les membres de la commission de contr\u00f4le charg\u00e9e de la r\u00e9gularit\u00e9 des listes \n\u00e9lectorales pour une dur\u00e9e de trois ans et apr\u00e8s chaque renouvellement int\u00e9gral du conseil municipal,\nArt. 1 :  La commission de contr\u00f4le, institu\u00e9e dans la commune de TORIGNY-LES-VILLES, est compos\u00e9e comme suit :\n5 Titulaires :  \n- Mme Martine LEFORT\n- M. Anicet BOULLOT\n- M. Beno\u00eet DELAFOSSE\n- Mme Rachel COUTARD n\u00e9e FORET\n- M. Gilbert PIEDAGNEL\n5 Suppl\u00e9ants :\nArt. 2 : Les membres de la commission de contr\u00f4le charg\u00e9e de la r\u00e9gularit\u00e9 des listes \u00e9lectorales sont d\u00e9sign\u00e9s pour trois ans.\nSign\u00e9 : Pour le Pr\u00e9fet, la Secr\u00e9taire g\u00e9n\u00e9rale : Perrine SERRE\n\uf0bf\nArr\u00eat\u00e9 du 13 juillet 2023 portant nomination des membres de la commission de contr\u00f4le charg\u00e9e de la r\u00e9gularit\u00e9 des listes \u00e9lectorales\ndans la commune de VILLEDIEU-LES-POELES-ROUFFIGNY (communes de 1 000 habitants et plus avec 2 ou 3 listes)\nConsid\u00e9rant qu'il convient de nommer, dans chaque commune, les membres de la commission de contr\u00f4le charg\u00e9e de la r\u00e9gularit\u00e9 des listes \n\u00e9lectorales pour une dur\u00e9e de trois ans et apr\u00e8s chaque renouvellement int\u00e9gral du conseil municipal,\nArt. 1 : La commission de contr\u00f4le, institu\u00e9e dans la commune de VILLEDIEU-LES-POELES-ROUFFIGNY, est compos\u00e9e comme suit :\n5 Titulaires :  \n- M. Christian METTE\n- Mme Marie-Odile LAURANSON n\u00e9e FREMONT\n- Mme Ghislaine HUE n\u00e9e BARBIER\n- Mme Martine LEMOINE\n- M. Yves SESBOUE\n5 Suppl\u00e9ants :\n- Mme Liliane GARNIER n\u00e9e SIMON\n- Mme Marie-Jos\u00e8phe LEMONCHOIS n\u00e9e BOUILLET\n- Mme Anne-Marie LAUNER COSIALLS n\u00e9e MARCHIS\n- Mme Chantal MARTINE n\u00e9e DALIGAULT\n- M. St\u00e9phane VILLAESPESA\nArt. 2 : Les membres de la commission de contr\u00f4le charg\u00e9e de la r\u00e9gularit\u00e9 des listes \u00e9lectorales sont d\u00e9sign\u00e9s pour trois ans.\nSign\u00e9 : Pour le Pr\u00e9fet, la Secr\u00e9taire g\u00e9n\u00e9rale : Perrine SERRE\n\uf0bf\nArr\u00eat\u00e9 du 13 juillet 2023 portant nomination des membres de la commission de contr\u00f4le charg\u00e9e de la r\u00e9gularit\u00e9 des listes \u00e9lectorales\ndans la commune de AIREL (communes de moins de 1 000 habitants et assimil\u00e9es)\nConsid\u00e9rant qu'il convient de nommer, dans chaque commune, les membres de la commission de contr\u00f4le charg\u00e9e de la r\u00e9gularit\u00e9 des listes \n\u00e9lectorales pour une dur\u00e9e de trois ans et apr\u00e8s chaque renouvellement int\u00e9gral du conseil municipal,\nArt. 1 : La commission de contr\u00f4le, institu\u00e9e dans la commune de AIREL, est compos\u00e9e comme suit :\nConseiller municipal :\n- Mme Christine LANGRENAY (titulaire)\n- M. Vincent MATH\u00c9 (suppl\u00e9ant)\nD\u00e9l\u00e9gu\u00e9 de l'administration :\n- M. Jean-Claude BELIARDE (titulaire)\n- Mme Clotilde BEAUFILS (suppl\u00e9ante)\nD\u00e9l\u00e9gu\u00e9 du tribunal :\n- Mme Christel MOAL n\u00e9e LEPRINCE (titulaire)\nArt. 2 : Les membres de la commission de contr\u00f4le charg\u00e9e de la r\u00e9gularit\u00e9 des listes \u00e9lectorales sont d\u00e9sign\u00e9s pour trois ans.\nSign\u00e9 : Pour le Pr\u00e9fet, la Secr\u00e9taire g\u00e9n\u00e9rale : Perrine SERRE\n\uf0bf\nArr\u00eat\u00e9 du 13 juillet 2023 portant nomination des membres de la commission de contr\u00f4le charg\u00e9e de la r\u00e9gularit\u00e9 des listes \u00e9lectorales\ndans la commune de AMIGNY (communes de moins de 1 000 habitants et assimil\u00e9es)\nConsid\u00e9rant qu'il convient de nommer, dans chaque commune, les membres de la commission de contr\u00f4le charg\u00e9e de la r\u00e9gularit\u00e9 des listes \n\u00e9lectorales pour une dur\u00e9e de trois ans et apr\u00e8s chaque renouvellement int\u00e9gral du conseil municipal,\nArt. 1 : La commission de contr\u00f4le, institu\u00e9e dans la commune de AMIGNY, est compos\u00e9e comme suit :\nConseiller municipal :\n- Mme La\u00ebtitia HAMELIN n\u00e9e CERVELLE (titulaire)\n- M. Serge PEPIN (suppl\u00e9ant)\nD\u00e9l\u00e9gu\u00e9 de l'administration :\n- M. Daniel L'ORPHELIN (titulaire)\n- Mme Marie-Claude GENEST n\u00e9e LEROSIER (suppl\u00e9ante)\nD\u00e9l\u00e9gu\u00e9 du tribunal :\n- M. Alain LEBOIDRE (titulaire)\nArt. 2 : Les membres de la commission de contr\u00f4le charg\u00e9e de la r\u00e9gularit\u00e9 des listes \u00e9lectorales sont d\u00e9sign\u00e9s pour trois ans.\nSign\u00e9 : Pour le Pr\u00e9fet, la Secr\u00e9taire g\u00e9n\u00e9rale : Perrine SERRE\n\uf0bf\nArr\u00eat\u00e9 du 13 juillet 2023 portant nomination des membres de la commission de contr\u00f4le charg\u00e9e de la r\u00e9gularit\u00e9 des listes \u00e9lectorales\ndans la commune de AUVERS (communes de moins de 1 000 habitants et assimil\u00e9es)\nConsid\u00e9rant qu'il convient de nommer, dans chaque commune, les membres de la commission de contr\u00f4le charg\u00e9e de la r\u00e9gularit\u00e9 des listes \n\u00e9lectorales pour une dur\u00e9e de trois ans et apr\u00e8s chaque renouvellement int\u00e9gral du conseil municipal,\nArt. 1 : La commission de contr\u00f4le, institu\u00e9e dans la commune de AUVERS, est compos\u00e9e comme suit :\nConseiller municipal :\n- Mme Christianne LE BLOND-MARO (titulaire)\n- M Gilles LEMIERE (suppl\u00e9ant)\nD\u00e9l\u00e9gu\u00e9 de l'administration :\n- M. Guy FOUCHER (titulaire)\n- M. Daniel DESPLANQUES (suppl\u00e9ant)\nD\u00e9l\u00e9gu\u00e9 du tribunal :\n- Mme Christel LAROSE (titulaire)\n- M. Pascal BULOT (suppl\u00e9ant)\nArt. 2 : Les membres de la commission de contr\u00f4le charg\u00e9e de la r\u00e9gularit\u00e9 des listes \u00e9lectorales sont d\u00e9sign\u00e9s pour trois ans.\nSign\u00e9 : Pour le Pr\u00e9fet, la Secr\u00e9taire g\u00e9n\u00e9rale : Perrine SERRE\n\uf0bf\nArr\u00eat\u00e9 du 13 juillet 2023 portant nomination des membres de la commission de contr\u00f4le charg\u00e9e de la r\u00e9gularit\u00e9 des listes \u00e9lectorales\ndans la commune de BAUDRE (communes de moins de 1 000 habitants et assimil\u00e9es)\nConsid\u00e9rant qu'il convient de nommer, dans chaque commune, les membres de la commission de contr\u00f4le charg\u00e9e de la r\u00e9gularit\u00e9 des listes \n\u00e9lectorales pour une dur\u00e9e de trois ans et apr\u00e8s chaque renouvellement int\u00e9gral du conseil municipal,\nArt. 1 : La commission de contr\u00f4le, institu\u00e9e dans la commune de BAUDRE, est compos\u00e9e comme suit :\nConseiller municipal :\n- Mme C\u00e9cile CHENE (titulaire)\n- M.Florent LEROY (suppl\u00e9ant)\nD\u00e9l\u00e9gu\u00e9 de l'administration :\n- M. Jean-Philippe CHESNAIS (titulaire)\n- M. Marcel LEBOUVIER (suppl\u00e9ant)\nD\u00e9l\u00e9gu\u00e9 du tribunal :\n- Mme Mireille LEVAVASSEUR n\u00e9e POREE (titulaire)\nArt. 2 : Les membres de la commission de contr\u00f4le charg\u00e9e de la r\u00e9gularit\u00e9 des listes \u00e9lectorales sont d\u00e9sign\u00e9s pour trois ans.\nSign\u00e9 : Pour le Pr\u00e9fet, la Secr\u00e9taire g\u00e9n\u00e9rale : Perrine SERRE\n\uf0bf\nArr\u00eat\u00e9 du 13 juillet 2023 portant nomination des membres de la commission de contr\u00f4le charg\u00e9e de la r\u00e9gularit\u00e9 des listes \u00e9lectorales\ndans la commune de BEAUCOUDRAY (communes de moins de 1 000 habitants et assimil\u00e9es)\nConsid\u00e9rant qu'il convient de nommer, dans chaque commune, les membres de la commission de contr\u00f4le charg\u00e9e de la r\u00e9gularit\u00e9 des listes \n\u00e9lectorales pour une dur\u00e9e de trois ans et apr\u00e8s chaque renouvellement int\u00e9gral du conseil municipal,\nArt. 1 : La commission de contr\u00f4le, institu\u00e9e dans la commune de BEAUCOUDRAY, est compos\u00e9e comme suit :\nConseiller municipal :\n- M. Hubert LADROUE (titulaire)\nD\u00e9l\u00e9gu\u00e9 de l'administration :\n- M. Michel HAUPAIS (titulaire)\nD\u00e9l\u00e9gu\u00e9 du tribunal :\n- M. Jean-Claude BOSSARD (titulaire)\nArt. 2 : Les membres de la commission de contr\u00f4le charg\u00e9e de la r\u00e9gularit\u00e9 des listes \u00e9lectorales sont d\u00e9sign\u00e9s pour trois ans.\nSign\u00e9 : Pour le Pr\u00e9fet, la Secr\u00e9taire g\u00e9n\u00e9rale : Perrine SERRE\n\uf0bf\nArr\u00eat\u00e9 du 13 juillet 2023 portant nomination des membres de la commission de contr\u00f4le charg\u00e9e de la r\u00e9gularit\u00e9 des listes \u00e9lectorales\ndans la commune de BERIGNY (communes de moins de 1 000 habitants et assimil\u00e9es)\nConsid\u00e9rant qu'il convient de nommer, dans chaque commune, les membres de la commission de contr\u00f4le charg\u00e9e de la r\u00e9gularit\u00e9 des listes \n\u00e9lectorales pour une dur\u00e9e de trois ans et apr\u00e8s chaque renouvellement int\u00e9gral du conseil municipal,\nArt. 1 : La commission de contr\u00f4le, institu\u00e9e dans la commune de BERIGNY, est compos\u00e9e comme suit :\nConseiller municipal :\n- Mme H\u00e9l\u00e8ne LEMERAY n\u00e9e THOMMERET (titulaire)\n- M. Marcel FOUCHARD (suppl\u00e9ant)\nD\u00e9l\u00e9gu\u00e9 de l'administration :\n- M. Bernard MARIE (titulaire)\n- M. Gilles LE BERRUYER (suppl\u00e9ant)\nD\u00e9l\u00e9gu\u00e9 du tribunal :\n- Mme Viviane LEBOULANGER n\u00e9e TROCHERY (titulaire)\n- Mme Corinne CANIVET n\u00e9e LEBLONDEL (suppl\u00e9ante)\nArt. 2 : Les membres de la commission de contr\u00f4le charg\u00e9e de la r\u00e9gularit\u00e9 des listes \u00e9lectorales sont d\u00e9sign\u00e9s pour trois ans.\nSign\u00e9 : Pour le Pr\u00e9fet, la Secr\u00e9taire g\u00e9n\u00e9rale : Perrine SERRE\n\uf0bf\nArr\u00eat\u00e9 du 13 juillet 2023 portant nomination des membres de la commission de contr\u00f4le charg\u00e9e de la r\u00e9gularit\u00e9 des listes \u00e9lectorales\ndans la commune de BESLON (communes de moins de 1 000 habitants et assimil\u00e9es)\nConsid\u00e9rant qu'il convient de nommer, dans chaque commune, les membres de la commission de contr\u00f4le charg\u00e9e de la r\u00e9gularit\u00e9 des listes \n\u00e9lectorales pour une dur\u00e9e de trois ans et apr\u00e8s chaque renouvellement int\u00e9gral du conseil municipal,\nArt. 1 : La commission de contr\u00f4le, institu\u00e9e dans la commune de BESLON, est compos\u00e9e comme suit :\nConseiller municipal :\n- M Guillaume THOMAS (titulaire)\n- Mme Sophie PESTIAUX (suppl\u00e9ante)\nD\u00e9l\u00e9gu\u00e9 de l'administration :\n- Mme Martine JOURDAN n\u00e9e HARDEL (titulaire)\n- Mme Danielle DOLLEY n\u00e9e LEHERPEUR (suppl\u00e9ante)\nD\u00e9l\u00e9gu\u00e9 du tribunal :\n- Mme Emmanuelle LEMAITRE (titulaire)\nArt. 2 : Les membres de la commission de contr\u00f4le charg\u00e9e de la r\u00e9gularit\u00e9 des listes \u00e9lectorales sont d\u00e9sign\u00e9s pour trois ans.\nSign\u00e9 : Pour le Pr\u00e9fet, la Secr\u00e9taire g\u00e9n\u00e9rale : Perrine SERRE\n\uf0bf\nArr\u00eat\u00e9 du 13 juillet 2023 portant nomination des membres de la commission de contr\u00f4le charg\u00e9e de la r\u00e9gularit\u00e9 des listes \u00e9lectorales\ndans la commune de BEUVRIGNY (communes de moins de 1 000 habitants et assimil\u00e9es)\nConsid\u00e9rant qu'il convient de nommer, dans chaque commune, les membres de la commission de contr\u00f4le charg\u00e9e de la r\u00e9gularit\u00e9 des listes \n\u00e9lectorales pour une dur\u00e9e de trois ans et apr\u00e8s chaque renouvellement int\u00e9gral du conseil municipal,\nArt. 1 : La commission de contr\u00f4le, institu\u00e9e dans la commune de BEUVRIGNY, est compos\u00e9e comme suit :\nConseiller municipal :\n- M. Fabrice BEAUSIRE (titulaire)\n- M. Mathieu BARBIER (suppl\u00e9ant)\nD\u00e9l\u00e9gu\u00e9 de l'administration :\n- Mme Claudine YBERT n\u00e9e ELISABETH (titulaire)\n- M. Francis FEUILLET (suppl\u00e9ant)\nD\u00e9l\u00e9gu\u00e9 du tribunal :\n- M.Maxime VAUDRU (titulaire)\nArt. 2 : Les membres de la commission de contr\u00f4le charg\u00e9e de la r\u00e9gularit\u00e9 des listes \u00e9lectorales sont d\u00e9sign\u00e9s pour trois ans.\nSign\u00e9 : Pour le Pr\u00e9fet, la Secr\u00e9taire g\u00e9n\u00e9rale : Perrine SERRE\n\uf0bf\nArr\u00eat\u00e9 du 13 juillet 2023 portant nomination des membres de la commission de contr\u00f4le charg\u00e9e de la r\u00e9gularit\u00e9 des listes \u00e9lectorales\ndans la commune de BOURGUENOLLES (communes de moins de 1 000 habitants et assimil\u00e9es)\nConsid\u00e9rant qu'il convient de nommer, dans chaque commune, les membres de la commission de contr\u00f4le charg\u00e9e de la r\u00e9gularit\u00e9 des listes \n\u00e9lectorales pour une dur\u00e9e de trois ans et apr\u00e8s chaque renouvellement int\u00e9gral du conseil municipal,\nArt. 1 : La commission de contr\u00f4le, institu\u00e9e dans la commune de BOURGUENOLLES, est compos\u00e9e comme suit :\nConseiller municipal :\n- M. Christophe COATRIEUX (titulaire)\n- M. William DUGUE (suppl\u00e9ant)\nD\u00e9l\u00e9gu\u00e9 de l'administration :\n- M. Alain GOSSELIN (titulaire)\n- M. Jean-Jacques LAURENT (suppl\u00e9ant)\nD\u00e9l\u00e9gu\u00e9 du tribunal :\n- Mme M\u00e9lanie BLANCHARD (titulaire)\n- M. Maurice OUVRARD (suppl\u00e9ant)\nArt. 2 : Les membres de la commission de contr\u00f4le charg\u00e9e de la r\u00e9gularit\u00e9 des listes \u00e9lectorales sont d\u00e9sign\u00e9s pour trois ans.\nSign\u00e9 : Pour le Pr\u00e9fet, la Secr\u00e9taire g\u00e9n\u00e9rale : Perrine SERRE\n\uf0bf\nArr\u00eat\u00e9 du 13 juillet 2023 portant nomination des membres de la commission de contr\u00f4le charg\u00e9e de la r\u00e9gularit\u00e9 des listes \u00e9lectorales\ndans la commune de CARANTILLY (communes de moins de 1 000 habitants et assimil\u00e9es)\nConsid\u00e9rant qu'il convient de nommer, dans chaque commune, les membres de la commission de contr\u00f4le charg\u00e9e de la r\u00e9gularit\u00e9 des listes \n\u00e9lectorales pour une dur\u00e9e de trois ans et apr\u00e8s chaque renouvellement int\u00e9gral du conseil municipal,\nArt. 1 : La commission de contr\u00f4le, institu\u00e9e dans la commune de CARANTILLY, est compos\u00e9e comme suit :\nConseiller municipal :\n- M. S\u00e9bastien LECLERC (titulaire)\n- Mme Marie LESECQ n\u00e9e LEPETIT (suppl\u00e9ante)\nD\u00e9l\u00e9gu\u00e9 de l'administration :\n- Mme Marie-Agn\u00e8s AUMONT (titulaire)\n- Mme Nadine LALOI n\u00e9e DELALAINE (suppl\u00e9ante)\nD\u00e9l\u00e9gu\u00e9 du tribunal :\n- Mme Chantal BARBE (titulaire)\n- M Bernard PATIN (suppl\u00e9ant)\nArt. 2 :  Les membres de la commission de contr\u00f4le charg\u00e9e de la r\u00e9gularit\u00e9 des listes \u00e9lectorales sont d\u00e9sign\u00e9s pour trois ans.\nSign\u00e9 : Pour le Pr\u00e9fet, la Secr\u00e9taire g\u00e9n\u00e9rale : Perrine SERRE\n\uf0bf\nArr\u00eat\u00e9 du 13 juillet 202 portant nomination des membres de la commission de contr\u00f4le charg\u00e9e de la r\u00e9gularit\u00e9 des listes \u00e9lectorales\ndans la commune de CHERENCE-LE-HERON (communes de moins de 1 000 habitants et assimil\u00e9es)\nConsid\u00e9rant qu'il convient de nommer, dans chaque commune, les membres de la commission de contr\u00f4le charg\u00e9e de la r\u00e9gularit\u00e9 des listes \n\u00e9lectorales pour une dur\u00e9e de trois ans et apr\u00e8s chaque renouvellement int\u00e9gral du conseil municipal,\nArt. 1 :  La commission de contr\u00f4le, institu\u00e9e dans la commune de CHERENCE-LE-HERON, est compos\u00e9e comme suit :\nConseiller municipal :\n- M. Beno\u00eet GUESNET (titulaire)\n- M. Alain FESTOC (suppl\u00e9ant)\nD\u00e9l\u00e9gu\u00e9 de l'administration :\n- Mme Mireille PLAINE n\u00e9e LEMOINE (titulaire)\n- Mme Jacqueline GOHIER n\u00e9e DUBREUIL (suppl\u00e9ante)\nD\u00e9l\u00e9gu\u00e9 du tribunal :\n- Mme Vanessa NORGEOT (titulaire)\n- M. Gilbert FILLATRE (suppl\u00e9ant)\nArt. 2 : Les membres de la commission de contr\u00f4le charg\u00e9e de la r\u00e9gularit\u00e9 des listes \u00e9lectorales sont d\u00e9sign\u00e9s pour trois ans.\nSign\u00e9 : Pour le Pr\u00e9fet, la Secr\u00e9taire g\u00e9n\u00e9rale : Perrine SERRE\n\uf0bf\nArr\u00eat\u00e9 du 13 juillet 2023 portant nomination des membres de la commission de contr\u00f4le charg\u00e9e de la r\u00e9gularit\u00e9 des listes \u00e9lectorales\ndans la commune de COUVAINS (communes de moins de 1 000 habitants et assimil\u00e9es)\nConsid\u00e9rant qu'il convient de nommer, dans chaque commune, les membres de la commission de contr\u00f4le charg\u00e9e de la r\u00e9gularit\u00e9 des listes \n\u00e9lectorales pour une dur\u00e9e de trois ans et apr\u00e8s chaque renouvellement int\u00e9gral du conseil municipal,\nArt. 1 : La commission de contr\u00f4le, institu\u00e9e dans la commune de COUVAINS, est compos\u00e9e comme suit :\nConseiller municipal :\n- Mme Nad\u00e8ge FREMOND (titulaire)\n- Mme RIGOT Myriam n\u00e9e DEBRAY (suppl\u00e9ante)\nD\u00e9l\u00e9gu\u00e9 de l'administration :\n- Mme C\u00e9line LEBEC (titulaire)\nD\u00e9l\u00e9gu\u00e9 du tribunal :\n- Mme. Catherine FREDERIC n\u00e9e FEREY(titulaire)\n- M. Jean-Fran\u00e7ois SEGUIN (suppl\u00e9ant)\nArt. 2 : Les membres de la commission de contr\u00f4le charg\u00e9e de la r\u00e9gularit\u00e9 des listes \u00e9lectorales sont d\u00e9sign\u00e9s pour trois ans.\nSign\u00e9 : Pour le Pr\u00e9fet, la Secr\u00e9taire g\u00e9n\u00e9rale : Perrine SERRE\n\uf0bf\nArr\u00eat\u00e9 du 13 juillet 2023 portant nomination des membres de la commission de contr\u00f4le charg\u00e9e de la r\u00e9gularit\u00e9 des listes \u00e9lectorales\ndans la commune de DANGY (communes de moins de 1 000 habitants et assimil\u00e9es)\nConsid\u00e9rant qu'il convient de nommer, dans chaque commune, les membres de la commission de contr\u00f4le charg\u00e9e de la r\u00e9gularit\u00e9 des listes \n\u00e9lectorales pour une dur\u00e9e de trois ans et apr\u00e8s chaque renouvellement int\u00e9gral du conseil municipal,\nArt. 1 : La commission de contr\u00f4le, institu\u00e9e dans la commune de DANGY, est compos\u00e9e comme suit :\nConseiller municipal :\n- M. Olivier DELAUNEY (titulaire)\n- M. Sylvain TISON (suppl\u00e9ant)\nD\u00e9l\u00e9gu\u00e9 de l'administration :\n- Mme Nicole VILLAIN n\u00e9e SAVARY (titulaire)\nD\u00e9l\u00e9gu\u00e9 du tribunal :\n- M. Thierry LE BOEUF (titulaire)\n- M. Jacques LEBATTEUX (suppl\u00e9ant)\nArt. 2 : Les membres de la commission de contr\u00f4le charg\u00e9e de la r\u00e9gularit\u00e9 des listes \u00e9lectorales sont d\u00e9sign\u00e9s pour trois ans.\nSign\u00e9 : Pour le Pr\u00e9fet, la Secr\u00e9taire g\u00e9n\u00e9rale : Perrine SERRE\n\uf0bf\nArr\u00eat\u00e9 du 13 juillet 2023 portant nomination des membres de la commission de contr\u00f4le charg\u00e9e de la r\u00e9gularit\u00e9 des listes \u00e9lectorales\ndans la commune de FOURNEAUX (communes de moins de 1 000 habitants et assimil\u00e9es)\nConsid\u00e9rant qu'il convient de nommer, dans chaque commune, les membres de la commission de contr\u00f4le charg\u00e9e de la r\u00e9gularit\u00e9 des listes \n\u00e9lectorales pour une dur\u00e9e de trois ans et apr\u00e8s chaque renouvellement int\u00e9gral du conseil municipal,\nArt. 1 : La commission de contr\u00f4le, institu\u00e9e dans la commune de FOURNEAUX, est compos\u00e9e comme suit :\nConseiller municipal :\n- M.Emmanuel MAUBANC (titulaire)\nD\u00e9l\u00e9gu\u00e9 de l'administration :\n- M. MAUBANC S\u00e9bastien (titulaire)\nD\u00e9l\u00e9gu\u00e9 du tribunal :\n- M. Yves HERMON (titulaire)\n- Mme Marl\u00e8ne LEHARIVEL n\u00e9e LEBRUN (suppl\u00e9ante)\nArt. 2 : Les membres de la commission de contr\u00f4le charg\u00e9e de la r\u00e9gularit\u00e9 des listes \u00e9lectorales sont d\u00e9sign\u00e9s pour trois ans.\nSign\u00e9 : Pour le Pr\u00e9fet, la Secr\u00e9taire g\u00e9n\u00e9rale : Perrine SERRE\n\uf0bf\nArr\u00eat\u00e9 du 13 juillet 2023 portant nomination des membres de la commission de contr\u00f4le charg\u00e9e de la r\u00e9gularit\u00e9 des listes \u00e9lectorales\ndans la commune de GOUVETS (communes de moins de 1 000 habitants et assimil\u00e9es)\nConsid\u00e9rant qu'il convient de nommer, dans chaque commune, les membres de la commission de contr\u00f4le charg\u00e9e de la r\u00e9gularit\u00e9 des listes \n\u00e9lectorales pour une dur\u00e9e de trois ans et apr\u00e8s chaque renouvellement int\u00e9gral du conseil municipal,\nArt. 1 : La commission de contr\u00f4le, institu\u00e9e dans la commune de GOUVETS, est compos\u00e9e comme suit :\nConseiller municipal :\n- M. Franck TABAC (titulaire)\n- M. Jacques MARIE (suppl\u00e9ant)\nD\u00e9l\u00e9gu\u00e9 de l'administration :\n- Mme Martine LEREBOURG n\u00e9e BOURDON (titulaire)\n- M. Claude LE BOIS (suppl\u00e9ant)\nD\u00e9l\u00e9gu\u00e9 du tribunal :\n- M. G\u00e9rard MARTIN (titulaire)\n- Mme Coralie DESLANDES n\u00e9e LECOURT (suppl\u00e9ante)\nArt. 2 : Les membres de la commission de contr\u00f4le charg\u00e9e de la r\u00e9gularit\u00e9 des listes \u00e9lectorales sont d\u00e9sign\u00e9s pour trois ans.\nSign\u00e9 : Pour le Pr\u00e9fet, la Secr\u00e9taire g\u00e9n\u00e9rale : Perrine SERRE\n\uf0bf\nArr\u00eat\u00e9 du 13 juillet 2023 portant nomination des membres de la commission de contr\u00f4le charg\u00e9e de la r\u00e9gularit\u00e9 des listes \u00e9lectorales\ndans la commune de GRAIGNES-MESNIL-ANGOT (communes de moins de 1 000 habitants et assimil\u00e9es)\nConsid\u00e9rant qu'il convient de nommer, dans chaque commune, les membres de la commission de contr\u00f4le charg\u00e9e de la r\u00e9gularit\u00e9 des listes \n\u00e9lectorales pour une dur\u00e9e de trois ans et apr\u00e8s chaque renouvellement int\u00e9gral du conseil municipal,\nArt. 1 : La commission de contr\u00f4le, institu\u00e9e dans la commune de GRAIGNES-MESNIL-ANGOT, est compos\u00e9e comme suit :\nConseiller municipal :\n- Mme Evelyne GOUBERT (titulaire)\n- Mme Alice JEANNE n\u00e9e LAISNEY (suppl\u00e9ante)\nD\u00e9l\u00e9gu\u00e9 de l'administration :\n- Mme Isabelle LEFORESTIER (titulaire)\n- M. Alain LESCALIER (suppl\u00e9ant)\nD\u00e9l\u00e9gu\u00e9 du tribunal :\n- M. Denis SMALL\n- M. Daniel DUGOUSSET\nArt. 2 : Les membres de la commission de contr\u00f4le charg\u00e9e de la r\u00e9gularit\u00e9 des listes \u00e9lectorales sont d\u00e9sign\u00e9s pour trois ans.\nSign\u00e9 : Pour le Pr\u00e9fet, la Secr\u00e9taire g\u00e9n\u00e9rale : Perrine SERRE\n\uf0bf\nArr\u00eat\u00e9 du 13 juillet 2023 portant nomination des membres de la commission de contr\u00f4le charg\u00e9e de la r\u00e9gularit\u00e9 des listes \u00e9lectorales\ndans la commune de LA BLOUTIERE (communes de moins de 1 000 habitants et assimil\u00e9es)\nConsid\u00e9rant qu'il convient de nommer, dans chaque commune, les membres de la commission de contr\u00f4le charg\u00e9e de la r\u00e9gularit\u00e9 des listes \n\u00e9lectorales pour une dur\u00e9e de trois ans et apr\u00e8s chaque renouvellement int\u00e9gral du conseil municipal,\nArt. 1 : La commission de contr\u00f4le, institu\u00e9e dans la commune de LA BLOUTIERE, est compos\u00e9e comme suit :\nConseiller municipal :\n- M Dominique JEANNE (titulaire)\n- Mme Sandrine EUDES (suppl\u00e9ante)\nD\u00e9l\u00e9gu\u00e9 de l'administration :\n- Mme Dominique LECOMTE n\u00e9e NOVE (titulaire)\n- M Ange LEBOUVIER (suppl\u00e9ant)\nD\u00e9l\u00e9gu\u00e9 du tribunal :\n- Mme Ghislaine LESAULNIER n\u00e9e DESLANDES (titulaire)\n- M. Eric GUILMARD (suppl\u00e9ant)\nArt. 2 : Les membres de la commission de contr\u00f4le charg\u00e9e de la r\u00e9gularit\u00e9 des listes \u00e9lectorales sont d\u00e9sign\u00e9s pour trois ans.\nSign\u00e9 : Pour le Pr\u00e9fet, la Secr\u00e9taire g\u00e9n\u00e9rale : Perrine SERRE\n\uf0bf\nArr\u00eat\u00e9 du 13 juillet 2023 portant nomination des membres de la commission de contr\u00f4le charg\u00e9e de la r\u00e9gularit\u00e9 des listes \u00e9lectorales\ndans la commune de LA COLOMBE (communes de moins de 1 000 habitants et assimil\u00e9es)\nConsid\u00e9rant qu'il convient de nommer, dans chaque commune, les membres de la commission de contr\u00f4le charg\u00e9e de la r\u00e9gularit\u00e9 des listes \n\u00e9lectorales pour une dur\u00e9e de trois ans et apr\u00e8s chaque renouvellement int\u00e9gral du conseil municipal,\nArt. 1 : La commission de contr\u00f4le, institu\u00e9e dans la commune de LA COLOMBE, est compos\u00e9e comme suit :\nConseiller municipal :\n- Mme Jocelyne GOSSET n\u00e9e JOUVIN (titulaire)\n- M Jean-No\u00ebl FERRANDO (suppl\u00e9ant)\nD\u00e9l\u00e9gu\u00e9 de l'administration :\n- M Bernard NORROY (titulaire)\n- Mme Martine HAMEL n\u00e9e HERBERT (suppl\u00e9ante)\nD\u00e9l\u00e9gu\u00e9 du tribunal :\n- M Bernard CHRETIENNE (titulaire)\n- Mme Annie DELABROISE n\u00e9e LEMENAGER (suppl\u00e9ante)\nArt. 2 : Les membres de la commission de contr\u00f4le charg\u00e9e de la r\u00e9gularit\u00e9 des listes \u00e9lectorales sont d\u00e9sign\u00e9s pour trois ans.\nSign\u00e9 : Pour le Pr\u00e9fet, la Secr\u00e9taire g\u00e9n\u00e9rale : Perrine SERRE\n\uf0bf\nArr\u00eat\u00e9 du 13 juillet 2023 portant nomination des membres de la commission de contr\u00f4le charg\u00e9e de la r\u00e9gularit\u00e9 des listes \u00e9lectorales\ndans la commune de LA LUZERNE (communes de moins de 1 000 habitants et assimil\u00e9es)\nConsid\u00e9rant qu'il convient de nommer, dans chaque commune, les membres de la commission de contr\u00f4le charg\u00e9e de la r\u00e9gularit\u00e9 des listes \n\u00e9lectorales pour une dur\u00e9e de trois ans et apr\u00e8s chaque renouvellement int\u00e9gral du conseil municipal,\nArt. 1 : La commission de contr\u00f4le, institu\u00e9e dans la commune de LA LUZERNE, est compos\u00e9e comme suit :\nConseiller municipal :\n Mme Virginie LEPETIT n\u00e9e JEANNE (titulaire)\n- M. LENOUVEL Julien  (suppl\u00e9ant)\nD\u00e9l\u00e9gu\u00e9 de l'administration :\n- M Miguel CABRIMOL (titulaire)\n- M. Christophe LEPETIT (suppl\u00e9ant)\nD\u00e9l\u00e9gu\u00e9 du tribunal :\n- Mme Johanna LENOUVEL n\u00e9e LEVAVASSEUR (titulaire)\n- Mme Nelly DUVAL (suppl\u00e9ante)\nArt. 2 : Les membres de la commission de contr\u00f4le charg\u00e9e de la r\u00e9gularit\u00e9 des listes \u00e9lectorales sont d\u00e9sign\u00e9s pour trois ans.\nSign\u00e9 : Pour le Pr\u00e9fet, la Secr\u00e9taire g\u00e9n\u00e9rale : Perrine SERRE\n\uf0bf\nArr\u00eat\u00e9 du 13 juillet 2023 portant nomination des membres de la commission de contr\u00f4le charg\u00e9e de la r\u00e9gularit\u00e9 des listes \u00e9lectorales\ndans la commune de LA TRINITE (communes de moins de 1 000 habitants et assimil\u00e9es)\nConsid\u00e9rant qu'il convient de nommer, dans chaque commune, les membres de la commission de contr\u00f4le charg\u00e9e de la r\u00e9gularit\u00e9 des listes \n\u00e9lectorales pour une dur\u00e9e de trois ans et apr\u00e8s chaque renouvellement int\u00e9gral du conseil municipal,\nArt. 1 : La commission de contr\u00f4le, institu\u00e9e dans la commune de LA TRINITE, est compos\u00e9e comme suit :\nConseiller municipal :\n- M J\u00e9r\u00e9my CHARDRON\n- M. Emmanuel FONTENAY\nD\u00e9l\u00e9gu\u00e9 de l'administration :\n- M G\u00e9rard ARONDEL\n- M.Christophe LEMAITRE (suppl\u00e9ant)\nD\u00e9l\u00e9gu\u00e9 du tribunal :\n- Mme Laurence LECARDONNEL (titulaire)\n- M. Philippe QUESNEL (suppl\u00e9ant)\nArt. 2 : Les membres de la commission de contr\u00f4le charg\u00e9e de la r\u00e9gularit\u00e9 des listes \u00e9lectorales sont d\u00e9sign\u00e9s pour trois ans.\nSign\u00e9 : Pour le Pr\u00e9fet, la Secr\u00e9taire g\u00e9n\u00e9rale : Perrine SERRE\n\uf0bf\nArr\u00eat\u00e9 du 13 juillet 2023 portant nomination des membres de la commission de contr\u00f4lecharg\u00e9e de la r\u00e9gularit\u00e9 des listes \u00e9lectorales\ndans la commune de LAMBERVILLE (communes de moins de 1 000 habitants et assimil\u00e9es)\nConsid\u00e9rant qu'il convient de nommer, dans chaque commune, les membres de la commission de contr\u00f4le charg\u00e9e de la r\u00e9gularit\u00e9 des listes \n\u00e9lectorales pour une dur\u00e9e de trois ans et apr\u00e8s chaque renouvellement int\u00e9gral du conseil municipal,\nArt. 1 : La commission de contr\u00f4le, institu\u00e9e dans la commune de LAMBERVILLE, est compos\u00e9e comme suit :\nConseiller municipal :\n- Mme Am\u00e9lie DUMOTTIER (titulaire)\n- Mme H\u00e9l\u00e8ne ASSELOT n\u00e9e LEBREUILLY (suppl\u00e9ante)\nD\u00e9l\u00e9gu\u00e9 de l'administration :\n- Mme Marie-Jeanne MARIE n\u00e9e GAILLARD (titulaire)\n- M. Patrick FRANCOISE (suppl\u00e9ant)\nD\u00e9l\u00e9gu\u00e9 du tribunal :\n- M. Fran\u00e7ois DE BRUNVILLE (titulaire)\nArt. 2 : Les membres de la commission de contr\u00f4le charg\u00e9e de la r\u00e9gularit\u00e9 des listes \u00e9lectorales sont d\u00e9sign\u00e9s pour trois ans.\nSign\u00e9 : Pour le Pr\u00e9fet, la Secr\u00e9taire g\u00e9n\u00e9rale : Perrine SERRE\n\uf0bf\nArr\u00eat\u00e9 du 13 juillet 2023 portant nomination des membres de la commission de contr\u00f4le charg\u00e9e de la r\u00e9gularit\u00e9 des listes \u00e9lectorales\ndans la commune de LE MESNIL-AMEY (communes de moins de 1 000 habitants et assimil\u00e9es)\nConsid\u00e9rant qu'il convient de nommer, dans chaque commune, les membres de la commission de contr\u00f4le charg\u00e9e de la r\u00e9gularit\u00e9 des listes \n\u00e9lectorales pour une dur\u00e9e de trois ans et apr\u00e8s chaque renouvellement int\u00e9gral du conseil municipal,\nArt. 1 : La commission de contr\u00f4le, institu\u00e9e dans la commune de LE MESNIL-AMEY, est compos\u00e9e comme suit :\nConseiller municipal :\n- M. Didier CLEMENT (titulaire)\n- M. Philippe REGNIER (suppl\u00e9ant)\nD\u00e9l\u00e9gu\u00e9 de l'administration :\n- Mme HERVO Maryline n\u00e9e ANNE (titulaire)\n- M. Claude DORLEANS (suppl\u00e9ant)\nD\u00e9l\u00e9gu\u00e9 du tribunal :\n- M Andr\u00e9 VIMOND (titulaire)\nArt. 2 : Les membres de la commission de contr\u00f4le charg\u00e9e de la r\u00e9gularit\u00e9 des listes \u00e9lectorales sont d\u00e9sign\u00e9s pour trois ans.\nSign\u00e9 : Pour le Pr\u00e9fet, la Secr\u00e9taire g\u00e9n\u00e9rale : Perrine SERRE\n\uf0bf\nArr\u00eat\u00e9 du 13 juillet 2023 portant nomination des membres de la commission de contr\u00f4le charg\u00e9e de la r\u00e9gularit\u00e9 des listes \u00e9lectorales\ndans la commune de LE MESNIL-EURY (communes de moins de 1 000 habitants et assimil\u00e9es)\nConsid\u00e9rant qu'il convient de nommer, dans chaque commune, les membres de la commission de contr\u00f4le charg\u00e9e de la r\u00e9gularit\u00e9 des listes \n\u00e9lectorales pour une dur\u00e9e de trois ans et apr\u00e8s chaque renouvellement int\u00e9gral du conseil municipal,\nArt. 1 : La commission de contr\u00f4le, institu\u00e9e dans la commune de LE MESNIL-EURY, est compos\u00e9e comme suit :\nConseiller municipal :\n- M. Bernard PERRON (titulaire)\n- Mme Vanessa MILET n\u00e9e DUBOURG (suppl\u00e9ante)\nD\u00e9l\u00e9gu\u00e9 de l'administration :\n- Mme Christiane LEJOLIVET n\u00e9e MONTAGNE (titulaire)\n- M Andr\u00e9 MARGUERITTE (suppl\u00e9ant)\nD\u00e9l\u00e9gu\u00e9 du tribunal :\n- M. Eric LERICHE (titulaire)\nArt. 2 : Les membres de la commission de contr\u00f4le charg\u00e9e de la r\u00e9gularit\u00e9 des listes \u00e9lectorales sont d\u00e9sign\u00e9s pour trois ans.\nSign\u00e9 : Pour le Pr\u00e9fet, la Secr\u00e9taire g\u00e9n\u00e9rale : Perrine SERRE\n\uf0bf\nArr\u00eat\u00e9 du 13 juillet 2023 portant nomination des membres de la commission de contr\u00f4le charg\u00e9e de la r\u00e9gularit\u00e9 des listes \u00e9lectorales\ndans la commune de LE MESNIL-ROUXELIN (communes de moins de 1 000 habitants et assimil\u00e9es)\nConsid\u00e9rant qu'il convient de nommer, dans chaque commune, les membres de la commission de contr\u00f4le charg\u00e9e de la r\u00e9gularit\u00e9 des listes \n\u00e9lectorales pour une dur\u00e9e de trois ans et apr\u00e8s chaque renouvellement int\u00e9gral du conseil municipal,\nArt. 1 : La commission de contr\u00f4le, institu\u00e9e dans la commune de LE MESNIL-ROUXELIN, est compos\u00e9e comme suit :\nConseiller municipal :\n- Mme Charl\u00e8ne NOBLET (titulaire)\n- M. S\u00e9bastien CHOLOT (suppl\u00e9ant)\nD\u00e9l\u00e9gu\u00e9 de l'administration :\n- M. Patrick ENEE (titulaire)\n- M. Vincent MARCHAIS (suppl\u00e9ant)\nD\u00e9l\u00e9gu\u00e9 du tribunal :\n- Mme Brigitte LEDANOIS (titulaire)\n- Mme Colette VIVIER n\u00e9e LEFOL (suppl\u00e9ant)\nArt. 2 : Les membres de la commission de contr\u00f4le charg\u00e9e de la r\u00e9gularit\u00e9 des listes \u00e9lectorales sont d\u00e9sign\u00e9s pour trois ans.\nSign\u00e9 : Pour le Pr\u00e9fet, la Secr\u00e9taire g\u00e9n\u00e9rale : Perrine SERRE\n\uf0bf\nArr\u00eat\u00e9 du 13 juillet 2023 portant nomination des membres de la commission de contr\u00f4le charg\u00e9e de la r\u00e9gularit\u00e9 des listes \u00e9lectorales\ndans la commune de LE MESNIL-VENERON (communes de moins de 1 000 habitants et assimil\u00e9es)\nConsid\u00e9rant qu'il convient de nommer, dans chaque commune, les membres de la commission de contr\u00f4le charg\u00e9e de la r\u00e9gularit\u00e9 des listes \n\u00e9lectorales pour une dur\u00e9e de trois ans et apr\u00e8s chaque renouvellement int\u00e9gral du conseil municipal,\nArt. 1 : La commission de contr\u00f4le, institu\u00e9e dans la commune de LE MESNIL-VENERON, est compos\u00e9e comme suit :\nConseiller municipal :\n- M. Olivier YON (titulaire)\n- Mme Sarah RENAUD n\u00e9e CAILLARD (suppl\u00e9ante)\nD\u00e9l\u00e9gu\u00e9 de l'administration :\n- M. Jean-Marie DEPEZEVILLE (titulaire)\nD\u00e9l\u00e9gu\u00e9 du tribunal :\n- M. Micka\u00ebl QUETEL (titulaire)\nM. Gabriel VILLEDIEU\nArt. 2 : Les membres de la commission de contr\u00f4le charg\u00e9e de la r\u00e9gularit\u00e9 des listes \u00e9lectorales sont d\u00e9sign\u00e9s pour trois ans.\nSign\u00e9 : Pour le Pr\u00e9fet, la Secr\u00e9taire g\u00e9n\u00e9rale : Perrine SERRE\n\uf0bf\nArr\u00eat\u00e9 du 13 juillet 2023 portant nomination des membres de la commission de contr\u00f4le charg\u00e9e de la r\u00e9gularit\u00e9 des listes \u00e9lectorales\ndans la commune de LE PERRON (communes de moins de 1 000 habitants et assimil\u00e9es)\nConsid\u00e9rant qu'il convient de nommer, dans chaque commune, les membres de la commission de contr\u00f4le charg\u00e9e de la r\u00e9gularit\u00e9 des listes \n\u00e9lectorales pour une dur\u00e9e de trois ans et apr\u00e8s chaque renouvellement int\u00e9gral du conseil municipal,\nArt. 1 : La commission de contr\u00f4le, institu\u00e9e dans la commune de LE PERRON, est compos\u00e9e comme suit :\nConseiller municipal :\n- Mme Marguerite MARTIN n\u00e9e DEBIEU (titulaire)\n- M. Norbert LEPAS (suppl\u00e9ant)\nD\u00e9l\u00e9gu\u00e9 de l'administration :\n- Mme Micheline ANQUETIL n\u00e9e VIARD (titulaire)\nD\u00e9l\u00e9gu\u00e9 du tribunal :\n- M. Daniel LEPOULTIER (titulaire)\nArt. 2 : Les membres de la commission de contr\u00f4le charg\u00e9e de la r\u00e9gularit\u00e9 des listes \u00e9lectorales sont d\u00e9sign\u00e9s pour trois ans.\nSign\u00e9 : Pour le Pr\u00e9fet, la Secr\u00e9taire g\u00e9n\u00e9rale : Perrine SERRE\n\uf0bf\nArr\u00eat\u00e9 du 13 juillet 2023 portant nomination des membres de la commission de contr\u00f4le charg\u00e9e de la r\u00e9gularit\u00e9 des listes \u00e9lectorales\ndans la commune de MAUPERTUIS (communes de moins de 1 000 habitants et assimil\u00e9es)\nConsid\u00e9rant qu'il convient de nommer, dans chaque commune, les membres de la commission de contr\u00f4le charg\u00e9e de la r\u00e9gularit\u00e9 des listes \n\u00e9lectorales pour une dur\u00e9e de trois ans et apr\u00e8s chaque renouvellement int\u00e9gral du conseil municipal,\nArt. 1 : La commission de contr\u00f4le, institu\u00e9e dans la commune de MAUPERTUIS, est compos\u00e9e comme suit :\nConseiller municipal :\n- M. Jean-Paul LEVILLAIN (titulaire)\n- Mme Fran\u00e7oise MONROCQ n\u00e9e HAMEL (suppl\u00e9ante)\nD\u00e9l\u00e9gu\u00e9 de l'administration :\n- Mme Edith LEBOUVIER n\u00e9e LEMIEUX (titulaire)\n- M. Jean-Pierre THIERREE (suppl\u00e9ant)\nD\u00e9l\u00e9gu\u00e9 du tribunal :\n- M. Denis HUREL (titulaire)\nArt. 2 : Les membres de la commission de contr\u00f4le charg\u00e9e de la r\u00e9gularit\u00e9 des listes \u00e9lectorales sont d\u00e9sign\u00e9s pour trois ans.\nSign\u00e9 : Pour le Pr\u00e9fet, la Secr\u00e9taire g\u00e9n\u00e9rale : Perrine SERRE\n\uf0bf\nArr\u00eat\u00e9 du 13 juillet 2023 portant nomination des membres de la commission de contr\u00f4le charg\u00e9e de la r\u00e9gularit\u00e9 des listes \u00e9lectorales\ndans la commune de MEAUTIS (communes de moins de 1 000 habitants et assimil\u00e9es)\nConsid\u00e9rant qu'il convient de nommer, dans chaque commune, les membres de la commission de contr\u00f4le charg\u00e9e de la r\u00e9gularit\u00e9 des listes \n\u00e9lectorales pour une dur\u00e9e de trois ans et apr\u00e8s chaque renouvellement int\u00e9gral du conseil municipal,\nArt. 1 : La commission de contr\u00f4le, institu\u00e9e dans la commune de MEAUTIS, est compos\u00e9e comme suit :\nConseiller municipal :\n- M. Gr\u00e9goire HAMEL(titulaire)\nD\u00e9l\u00e9gu\u00e9 de l'administration :\n- Mme Evelyne LEQUERTIER n\u00e9e COUILLARD (titulaire)\n- Mme Nathalie LEGRET (suppl\u00e9ante)\nD\u00e9l\u00e9gu\u00e9 du tribunal :\n- Mme Catherine PASQUIER n\u00e9e QUEMAR (titulaire)\nArt. 2 : Les membres de la commission de contr\u00f4le charg\u00e9e de la r\u00e9gularit\u00e9 des listes \u00e9lectorales sont d\u00e9sign\u00e9s pour trois ans.\nSign\u00e9 : Pour le Pr\u00e9fet, la Secr\u00e9taire g\u00e9n\u00e9rale : Perrine SERRE\n\uf0bf\nArr\u00eat\u00e9 du 13 juillet 2023 portant nomination des membres de la commission de contr\u00f4le charg\u00e9e de la r\u00e9gularit\u00e9 des listes \u00e9lectorales\ndans la commune de MONTBRAY (communes de moins de 1 000 habitants et assimil\u00e9es)\nConsid\u00e9rant qu'il convient de nommer, dans chaque commune, les membres de la commission de contr\u00f4le charg\u00e9e de la r\u00e9gularit\u00e9 des listes \n\u00e9lectorales pour une dur\u00e9e de trois ans et apr\u00e8s chaque renouvellement int\u00e9gral du conseil municipal,\nArt. 1 : La commission de contr\u00f4le, institu\u00e9e dans la commune de MONTBRAY, est compos\u00e9e comme suit :\nConseiller municipal :\n- Mme S\u00e9verine MASSET n\u00e9e MONTIGNY (titulaire)\n- Mme Sonia TROCHON (suppl\u00e9ante)\nD\u00e9l\u00e9gu\u00e9 de l'administration :\n- Mme H\u00e9l\u00e8ne DELABROISE n\u00e9e TROUVERIE (titulaire)\n- M. Denis FONTAINE (suppl\u00e9ant)\nD\u00e9l\u00e9gu\u00e9 du tribunal :\n- M. Michel DELABROISE (titulaire)\n- M. Luc BOSCHER (suppl\u00e9ant)\nArt. 2 : Les membres de la commission de contr\u00f4le charg\u00e9e de la r\u00e9gularit\u00e9 des listes \u00e9lectorales sont d\u00e9sign\u00e9s pour trois ans.\nSign\u00e9 : Pour le Pr\u00e9fet, la Secr\u00e9taire g\u00e9n\u00e9rale : Perrine SERRE\n\uf0bf\nArr\u00eat\u00e9 du 13 juillet 2023 portant nomination des membres de la commission de contr\u00f4le charg\u00e9e de la r\u00e9gularit\u00e9 des listes \u00e9lectorales\ndans la commune de MONTRABOT (communes de moins de 1 000 habitants et assimil\u00e9es)\nConsid\u00e9rant qu'il convient de nommer, dans chaque commune, les membres de la commission de contr\u00f4le charg\u00e9e de la r\u00e9gularit\u00e9 des listes \n\u00e9lectorales pour une dur\u00e9e de trois ans et apr\u00e8s chaque renouvellement int\u00e9gral du conseil municipal,\nArt. 1 : La commission de contr\u00f4le, institu\u00e9e dans la commune de MONTRABOT, est compos\u00e9e comme suit :\nConseiller municipal :\n- M Fabien LALOUELLE (titulaire)\n- Mme Audrey MAGNIER (suppl\u00e9ante)\nD\u00e9l\u00e9gu\u00e9 de l'administration :\n- M. Olivier DECAUX (titulaire)\n- Mme Claudine MARIE n\u00e9e LEROUTIER (suppl\u00e9ant)\nD\u00e9l\u00e9gu\u00e9 du tribunal :\n- M Daniel BERTRAND (titulaire)\nArt. 2 : Les membres de la commission de contr\u00f4le charg\u00e9e de la r\u00e9gularit\u00e9 des listes \u00e9lectorales sont d\u00e9sign\u00e9s pour trois ans.\nSign\u00e9 : Pour le Pr\u00e9fet, la Secr\u00e9taire g\u00e9n\u00e9rale : Perrine SERRE\n\uf0bf\nArr\u00eat\u00e9 du 13 juillet 2023 portant nomination des membres de la commission de contr\u00f4le charg\u00e9e de la r\u00e9gularit\u00e9 des listes \u00e9lectorales\ndans la commune de MONTREUIL-SUR-LOZON (communes de moins de 1 000 habitants et assimil\u00e9es)\nConsid\u00e9rant qu'il convient de nommer, dans chaque commune, les membres de la commission de contr\u00f4le charg\u00e9e de la r\u00e9gularit\u00e9 des listes \n\u00e9lectorales pour une dur\u00e9e de trois ans et apr\u00e8s chaque renouvellement int\u00e9gral du conseil municipal,\nArt. 1 : La commission de contr\u00f4le, institu\u00e9e dans la commune de MONTREUIL-SUR-LOZON, est compos\u00e9e comme suit :\nConseiller municipal :\n- M. G\u00e9rard DUBOURG (titulaire)\n- Mme Roseline LEMAZURIER n\u00e9e MESLIN (suppl\u00e9ante)\nD\u00e9l\u00e9gu\u00e9 de l'administration :\n- M. G\u00e9rald DUPARD (titulaire)\n- M. Didier PERREY (suppl\u00e9ant)\nD\u00e9l\u00e9gu\u00e9 du tribunal :\n- M. Jacqueline DUBOURG n\u00e9e GUILBERT (titulaire)\nArt. 2 : Les membres de la commission de contr\u00f4le charg\u00e9e de la r\u00e9gularit\u00e9 des listes \u00e9lectorales sont d\u00e9sign\u00e9s pour trois ans.\nSign\u00e9 : Pour le Pr\u00e9fet, la Secr\u00e9taire g\u00e9n\u00e9rale : Perrine SERRE\n\uf0bf\nArr\u00eat\u00e9 du 13 juillet 2023 portant nomination des membres de la commission de contr\u00f4le charg\u00e9e de la r\u00e9gularit\u00e9 des listes \u00e9lectorales\ndans la commune de MOON-SUR-ELLE (communes de moins de 1 000 habitants et assimil\u00e9es)\nConsid\u00e9rant qu'il convient de nommer, dans chaque commune, les membres de la commission de contr\u00f4le charg\u00e9e de la r\u00e9gularit\u00e9 des listes \n\u00e9lectorales pour une dur\u00e9e de trois ans et apr\u00e8s chaque renouvellement int\u00e9gral du conseil municipal,\nArt. 1 : La commission de contr\u00f4le, institu\u00e9e dans la commune de MOON-SUR-ELLE, est compos\u00e9e comme suit :\nConseiller municipal :\n- Mme Christiane MARGUERITE (titulaire)\n- Mme Magali JOUAN n\u00e9e JEAN (suppl\u00e9ante)\nD\u00e9l\u00e9gu\u00e9 de l'administration :\n- M. Michel MUNDWILLER (titulaire)\n- Mme Martine VASCHE n\u00e9e L'HOMME (suppl\u00e9ante)\nD\u00e9l\u00e9gu\u00e9 du tribunal :\n- Mme Isabelle TARIN n\u00e9e THEZARD (tiutulaire)\n- Mme Marcelle ROULLAND (suppl\u00e9ante)\nArt. 2 : Les membres de la commission de contr\u00f4le charg\u00e9e de la r\u00e9gularit\u00e9 des listes \u00e9lectorales sont d\u00e9sign\u00e9s pour trois ans.\nSign\u00e9 : Pour le Pr\u00e9fet, la Secr\u00e9taire g\u00e9n\u00e9rale : Perrine SERRE\n\uf0bf\nArr\u00eat\u00e9 du 13 juillet 2023 portant nomination des membres de la commission de contr\u00f4le charg\u00e9e de la r\u00e9gularit\u00e9 des listes \u00e9lectorales\ndans la commune de MORIGNY (communes de moins de 1 000 habitants et assimil\u00e9es)\nConsid\u00e9rant qu'il convient de nommer, dans chaque commune, les membres de la commission de contr\u00f4le charg\u00e9e de la r\u00e9gularit\u00e9 des listes \n\u00e9lectorales pour une dur\u00e9e de trois ans et apr\u00e8s chaque renouvellement int\u00e9gral du conseil municipal,\nArt. 1 : La commission de contr\u00f4le, institu\u00e9e dans la commune de MORIGNY, est compos\u00e9e comme suit :\nConseiller municipal :\n- Mme Magalie GUYADER n\u00e9e LEFER (titulaire)\n- Mme Alexandra LEMARCHAND (suppl\u00e9ante)\nD\u00e9l\u00e9gu\u00e9 de l'administration :\n- M. Roger ALLAIRE (titulaire)\n- M. Patrice LEROY (suppl\u00e9ant)\nD\u00e9l\u00e9gu\u00e9 du tribunal :\n- Mme Maryvonne TOURGIS n\u00e9e GEFFROY (titulaire)\n- M. Alain LOISEL (suppl\u00e9ant)\nArt. 2 : Les membres de la commission de contr\u00f4le charg\u00e9e de la r\u00e9gularit\u00e9 des listes \u00e9lectorales sont d\u00e9sign\u00e9s pour trois ans.\nSign\u00e9 : Pour le Pr\u00e9fet, la Secr\u00e9taire g\u00e9n\u00e9rale : Perrine SERRE\n\uf0bf\nArr\u00eat\u00e9 du 13 juillet 2023 portant nomination des membres de la commission de contr\u00f4le charg\u00e9e de la r\u00e9gularit\u00e9 des listes \u00e9lectorales\ndans la commune de RAMPAN (communes de moins de 1 000 habitants et assimil\u00e9es)\nConsid\u00e9rant qu'il convient de nommer, dans chaque commune, les membres de la commission de contr\u00f4le charg\u00e9e de la r\u00e9gularit\u00e9 des listes \n\u00e9lectorales pour une dur\u00e9e de trois ans et apr\u00e8s chaque renouvellement int\u00e9gral du conseil municipal,\nArt. 1 : La commission de contr\u00f4le, institu\u00e9e dans la commune de RAMPAN, est compos\u00e9e comme suit :\nConseiller municipal :\n- M. Eddy LELAISANT (titulaire)\nD\u00e9l\u00e9gu\u00e9 de l'administration :\n- Mme Christine HARIVEL n\u00e9e TERRY (titulaire)\nD\u00e9l\u00e9gu\u00e9 du tribunal :\n- M. Marc LESENECHAL (titulaire)\nArt. 2 : Les membres de la commission de contr\u00f4le charg\u00e9e de la r\u00e9gularit\u00e9 des listes \u00e9lectorales sont d\u00e9sign\u00e9s pour trois ans.\nSign\u00e9 : Pour le Pr\u00e9fet, la Secr\u00e9taire g\u00e9n\u00e9rale : Perrine SERRE\n\uf0bf\nArr\u00eat\u00e9 du 13 juillet 2023 portant nomination des membres de la commission de contr\u00f4le charg\u00e9e de la r\u00e9gularit\u00e9 des listes \u00e9lectorales\ndans la commune de SAINT ANDRE DE BOHON (communes de moins de 1 000 habitants et assimil\u00e9es)\nConsid\u00e9rant qu'il convient de nommer, dans chaque commune, les membres de la commission de contr\u00f4le charg\u00e9e de la r\u00e9gularit\u00e9 des listes \n\u00e9lectorales pour une dur\u00e9e de trois ans et apr\u00e8s chaque renouvellement int\u00e9gral du conseil municipal,\nArt. 1 : La commission de contr\u00f4le, institu\u00e9e dans la commune de SAINT ANDRE DE BOHON, est compos\u00e9e comme suit :\nConseiller municipal :\n- M. Richard L\u00c9R\u00c9VEREND (titulaire)\n- Mme Sylvie BEROT (suppl\u00e9ante)\nD\u00e9l\u00e9gu\u00e9 de l'administration :\n- Mme Maud LECLUZE (titulaire)\n- Mme Marie-Christine DACHEUX n\u00e9e LELONG (suppl\u00e9ante)\nD\u00e9l\u00e9gu\u00e9 du tribunal :\n- M. Jean-Pierre MARIE (titulaire)\nMme Anne BONNEMAINS (suppl\u00e9ante)\nArt. 2 : Les membres de la commission de contr\u00f4le charg\u00e9e de la r\u00e9gularit\u00e9 des listes \u00e9lectorales sont d\u00e9sign\u00e9s pour trois ans.\nSign\u00e9 : Pour le Pr\u00e9fet, la Secr\u00e9taire g\u00e9n\u00e9rale : Perrine SERRE\n\uf0bf\nArr\u00eat\u00e9 du 13 juillet 2023 portant nomination des membres de la commission de contr\u00f4le charg\u00e9e de la r\u00e9gularit\u00e9 des listes \u00e9lectorales\ndans la commune de SAINT ANDRE DE L'EPINE (communes de moins de 1 000 habitants et assimil\u00e9es)\nConsid\u00e9rant qu'il convient de nommer, dans chaque commune, les membres de la commission de contr\u00f4le charg\u00e9e de la r\u00e9gularit\u00e9 des listes \n\u00e9lectorales pour une dur\u00e9e de trois ans et apr\u00e8s chaque renouvellement int\u00e9gral du conseil municipal,\nArt. 1 : La commission de contr\u00f4le, institu\u00e9e dans la commune de SAINT ANDRE DE L'EPINE, est compos\u00e9e comme suit :\nConseiller municipal :\n- Mme Emilie VENGEON n\u00e9e MORICE (titulaire)\n- Mme Nicole MASSET n\u00e9e LEPETIT (suppl\u00e9ante)\nD\u00e9l\u00e9gu\u00e9 de l'administration :\n- M. Michel BESNEVILLE (titulaire)\n- M. Cyrille LAMARRE (suppl\u00e9ant)\nD\u00e9l\u00e9gu\u00e9 du tribunal :\n- M. Christian THOREZ (titulaire)\n- Mme Elisabeth LEVIONNOIS n\u00e9e BUTTEL (suppl\u00e9ante)\nArt. 2 : Les membres de la commission de contr\u00f4le charg\u00e9e de la r\u00e9gularit\u00e9 des listes \u00e9lectorales sont d\u00e9sign\u00e9s pour trois ans.\nSign\u00e9 : Pour le Pr\u00e9fet, la Secr\u00e9taire g\u00e9n\u00e9rale : Perrine SERRE\n\uf0bf\nArr\u00eat\u00e9 du 13 juillet 2023 portant nomination des membres de la commission de contr\u00f4le charg\u00e9e de la r\u00e9gularit\u00e9 des listes \u00e9lectorales\ndans la commune de SAINT CLAIR SUR L'ELLE (communes de moins de 1 000 habitants et assimil\u00e9es)\nConsid\u00e9rant qu'il convient de nommer, dans chaque commune, les membres de la commission de contr\u00f4le charg\u00e9e de la r\u00e9gularit\u00e9 des listes \n\u00e9lectorales pour une dur\u00e9e de trois ans et apr\u00e8s chaque renouvellement int\u00e9gral du conseil municipal,\nArt. 1 : La commission de contr\u00f4le, institu\u00e9e dans la commune de SAINT CLAIR SUR L'ELLE, est compos\u00e9e comme suit :\nConseiller municipal :\n- M St\u00e9phane LECHANOINE (titulaire)\n- M. Beno\u00eet LAVARDE (suppl\u00e9ant)\nD\u00e9l\u00e9gu\u00e9 de l'administration :\n- Mme Fran\u00e7oise COMPERE n\u00e9e LOQUET (titulaire)\n- M. Claude TOURAINE (suppl\u00e9ant)\nD\u00e9l\u00e9gu\u00e9 du tribunal :\n- Mme Jeannine LEPLEY n\u00e9e LOYAU (titulaire)\nArt. 2 : Les membres de la commission de contr\u00f4le charg\u00e9e de la r\u00e9gularit\u00e9 des listes \u00e9lectorales sont d\u00e9sign\u00e9s pour trois ans.\nSign\u00e9 : Pour le Pr\u00e9fet, la Secr\u00e9taire g\u00e9n\u00e9rale : Perrine SERRE\n\uf0bf\nArr\u00eat\u00e9 du 13 juillet 2023 portant nomination des membres de la commission de contr\u00f4le charg\u00e9e de la r\u00e9gularit\u00e9 des listes \u00e9lectorales\ndans la commune de SAINT FROMOND (communes de moins de 1 000 habitants et assimil\u00e9es)\nConsid\u00e9rant qu'il convient de nommer, dans chaque commune, les membres de la commission de contr\u00f4le charg\u00e9e de la r\u00e9gularit\u00e9 des listes \n\u00e9lectorales pour une dur\u00e9e de trois ans et apr\u00e8s chaque renouvellement int\u00e9gral du conseil municipal,\nArt. 1 : La commission de contr\u00f4le, institu\u00e9e dans la commune de SAINT FROMOND, est compos\u00e9e comme suit :\nConseiller municipal :\n- Mme PEZERIL Sabrina n\u00e9e BURNEL (titulaire)\n- M. LESAGE Julien (suppl\u00e9ant)\nD\u00e9l\u00e9gu\u00e9 de l'administration :\n- Mme Arlette MARGUERIE n\u00e9e TAPIN (titulaire)\n- Mme Jocelyne BARBOT n\u00e9e ROSES (suppl\u00e9ante)\nD\u00e9l\u00e9gu\u00e9 du tribunal :\n- M. Roger COUEFF\u00c9 (titulaire)\n- M. Jean-Luc BAUMEL (suppl\u00e9ant)\nArt. 2 : Les membres de la commission de contr\u00f4le charg\u00e9e de la r\u00e9gularit\u00e9 des listes \u00e9lectorales sont d\u00e9sign\u00e9s pour trois ans.\nSign\u00e9 : Pour le Pr\u00e9fet, la Secr\u00e9taire g\u00e9n\u00e9rale : Perrine SERRE\n\uf0bf\nArr\u00eat\u00e9 du 13 juillet 2023 portant nomination des membres de la commission de contr\u00f4le charg\u00e9e de la r\u00e9gularit\u00e9 des listes \u00e9lectorales\ndans la commune de SAINT GERMAIN D'ELLE (communes de moins de 1 000 habitants et assimil\u00e9es)\nConsid\u00e9rant qu'il convient de nommer, dans chaque commune, les membres de la commission de contr\u00f4le charg\u00e9e de la r\u00e9gularit\u00e9 des listes \n\u00e9lectorales pour une dur\u00e9e de trois ans et apr\u00e8s chaque renouvellement int\u00e9gral du conseil municipal,\nArt. 1 : La commission de contr\u00f4le, institu\u00e9e dans la commune de SAINT GERMAIN D'ELLE, est compos\u00e9e comme suit :\nConseiller municipal :\n- M. Christophe JEAN (titulaire)\n- M. Willy BLAKE-LEMARRE (suppl\u00e9ant)\nD\u00e9l\u00e9gu\u00e9 de l'administration :\n- M. Jean-Pierre EURY (titulaire)\n- Mme Mireille MOREL n\u00e9e GERMAIN (suppl\u00e9ante)\nD\u00e9l\u00e9gu\u00e9 du tribunal :\n- M. Claude TOUROUDE (titulaire)\nArt. 2 : Les membres de la commission de contr\u00f4le charg\u00e9e de la r\u00e9gularit\u00e9 des listes \u00e9lectorales sont d\u00e9sign\u00e9s pour trois ans.\nSign\u00e9 : Pour le Pr\u00e9fet, la Secr\u00e9taire g\u00e9n\u00e9rale : Perrine SERRE\n\uf0bf\nArr\u00eat\u00e9 du 13 juillet 2023 portant nomination des membres de la commission de contr\u00f4le charg\u00e9e de la r\u00e9gularit\u00e9 des listes \u00e9lectorales\ndans la commune de SAINT JEAN DE DAYE (communes de moins de 1 000 habitants et assimil\u00e9es)\nConsid\u00e9rant qu'il convient de nommer, dans chaque commune, les membres de la commission de contr\u00f4le charg\u00e9e de la r\u00e9gularit\u00e9 des listes \n\u00e9lectorales pour une dur\u00e9e de trois ans et apr\u00e8s chaque renouvellement int\u00e9gral du conseil municipal,\nArt. 1 : La commission de contr\u00f4le, institu\u00e9e dans la commune de SAINT JEAN DE DAYE, est compos\u00e9e comme suit :\nConseiller municipal :\n- M. Ren\u00e9 TRAVERT (titulaire)\n- M. Jean-Claude LECOMTE (suppl\u00e9ant)\nD\u00e9l\u00e9gu\u00e9 de l'administration :\n- M. Laurent RABEC (titulaire)\n- Mme Francine FOLLIOT n\u00e9e COUILLARD (suppl\u00e9ante)\nD\u00e9l\u00e9gu\u00e9 du tribunal :\n- M. G\u00e9rard LOT (titulaire)\nArt. 2 : Les membres de la commission de contr\u00f4le charg\u00e9e de la r\u00e9gularit\u00e9 des listes \u00e9lectorales sont d\u00e9sign\u00e9s pour trois ans.\nSign\u00e9 : Pour le Pr\u00e9fet, la Secr\u00e9taire g\u00e9n\u00e9rale : Perrine SERRE\n\uf0bf\nArr\u00eat\u00e9 du 13 juillet 2023 portant nomination des membres de la commission de contr\u00f4le charg\u00e9e de la r\u00e9gularit\u00e9 des listes \u00e9lectorales\ndans la commune de SAINT JEAN DE SAVIGNY (communes de moins de 1 000 habitants et assimil\u00e9es)\nConsid\u00e9rant qu'il convient de nommer, dans chaque commune, les membres de la commission de contr\u00f4le charg\u00e9e de la r\u00e9gularit\u00e9 des listes \n\u00e9lectorales pour une dur\u00e9e de trois ans et apr\u00e8s chaque renouvellement int\u00e9gral du conseil municipal,\nArt. 1 : La commission de contr\u00f4le, institu\u00e9e dans la commune de SAINT JEAN DE SAVIGNY, est compos\u00e9e comme suit :\nConseiller municipal :\n- M. Florent BAUMGARTNER (titulaire)\n- Mme Ang\u00e9lique ANDR\u00c9 n\u00e9e HYVER (suppl\u00e9ante)\nD\u00e9l\u00e9gu\u00e9 de l'administration :\n- M. Jean-Pierre LEGIRET (titulaire)\n- M. Christophe LECUQU (suppl\u00e9ant)\nD\u00e9l\u00e9gu\u00e9 du tribunal :\n- M. Denis BIARD (titulaire)\n- Mme Fabienne BEAUFILS n\u00e9e DAVID (suppl\u00e9ante)\nArt. 2 : Les membres de la commission de contr\u00f4le charg\u00e9e de la r\u00e9gularit\u00e9 des listes \u00e9lectorales sont d\u00e9sign\u00e9s pour trois ans.\nSign\u00e9 : Pour le Pr\u00e9fet, la Secr\u00e9taire g\u00e9n\u00e9rale : Perrine SERRE\n\uf0bf\nArr\u00eat\u00e9 du 13 juillet 2023 portant nomination des membres de la commission de contr\u00f4le charg\u00e9e de la r\u00e9gularit\u00e9 des listes \u00e9lectorales\ndans la commune de SAINT LOUET SUR VIRE (communes de moins de 1 000 habitants et assimil\u00e9es)\nConsid\u00e9rant qu'il convient de nommer, dans chaque commune, les membres de la commission de contr\u00f4le charg\u00e9e de la r\u00e9gularit\u00e9 des listes \n\u00e9lectorales pour une dur\u00e9e de trois ans et apr\u00e8s chaque renouvellement int\u00e9gral du conseil municipal,\nArt. 1 : La commission de contr\u00f4le, institu\u00e9e dans la commune de SAINT LOUET SUR VIRE, est compos\u00e9e comme suit :\nConseiller municipal :\n- Mme V\u00e9ronique LEPAGE n\u00e9e HUAULT (titulaire)\n- M. Jo\u00ebl LEPAGE (suppl\u00e9ant)\nD\u00e9l\u00e9gu\u00e9 de l'administration :\n- Mme Flore LEPELTIER n\u00e9e VARLET (titulaire)\n- M. Damien AZE (suppl\u00e9ant)\nD\u00e9l\u00e9gu\u00e9 du tribunal :\n- Mme Catherine LEBRETON DE LA BONNELIERE n\u00e9e DU SUAU DE LA CROIX (titulaire)\nArt. 2 : Les membres de la commission de contr\u00f4le charg\u00e9e de la r\u00e9gularit\u00e9 des listes \u00e9lectorales sont d\u00e9sign\u00e9s pour trois ans.\nSign\u00e9 : Pour le Pr\u00e9fet, la Secr\u00e9taire g\u00e9n\u00e9rale : Perrine SERRE\n\uf0bf\nArr\u00eat\u00e9 du 13 juillet 2023 portant nomination des membres de la commission de contr\u00f4le charg\u00e9e de la r\u00e9gularit\u00e9 des listes \u00e9lectorales\ndans la commune de SAINT PIERRE DE SEMILLY (communes de moins de 1 000 habitants et assimil\u00e9es)\nConsid\u00e9rant qu'il convient de nommer, dans chaque commune, les membres de la commission de contr\u00f4le charg\u00e9e de la r\u00e9gularit\u00e9 des listes \n\u00e9lectorales pour une dur\u00e9e de trois ans et apr\u00e8s chaque renouvellement int\u00e9gral du conseil municipal,\nArt. 1 : La commission de contr\u00f4le, institu\u00e9e dans la commune de SAINT PIERRE DE SEMILLY, est compos\u00e9e comme suit :\nConseiller municipal :\n- Mme Corinne HAMELIN n\u00e9e LEU (titulaire)\n- Mme Aude CASTEL-LEDUNOIS (suppl\u00e9ante)\nD\u00e9l\u00e9gu\u00e9 de l'administration :\n- M.Michel JUMELIN (titulaire)\nD\u00e9l\u00e9gu\u00e9 du tribunal :\n- M. Alain DURANDIERE (titulaire)\nArt. 2 : Les membres de la commission de contr\u00f4le charg\u00e9e de la r\u00e9gularit\u00e9 des listes \u00e9lectorales sont d\u00e9sign\u00e9s pour trois ans.\nSign\u00e9 : Pour le Pr\u00e9fet, la Secr\u00e9taire g\u00e9n\u00e9rale : Perrine SERRE\n\uf0bf\nArr\u00eat\u00e9 du 13 juillet 2023 portant nomination des membres de la commission de contr\u00f4le charg\u00e9e de la r\u00e9gularit\u00e9 des listes \u00e9lectorales\ndans la commune de SAINT VIGOR DES MONTS (communes de moins de 1 000 habitants et assimil\u00e9es)\nConsid\u00e9rant qu'il convient de nommer, dans chaque commune, les membres de la commission de contr\u00f4le charg\u00e9e de la r\u00e9gularit\u00e9 des listes \n\u00e9lectorales pour une dur\u00e9e de trois ans et apr\u00e8s chaque renouvellement int\u00e9gral du conseil municipal,\nArt. 1: La commission de contr\u00f4le, institu\u00e9e dans la commune de SAINT VIGOR DES MONTS, est compos\u00e9e comme suit :\nConseiller municipal :\n- M. Philippe OZANNE (titulaire)\n- M. C\u00e9dric BARBIER (suppl\u00e9ant)\nD\u00e9l\u00e9gu\u00e9 de l'administration :\n- Mme C\u00e9line MARTIN (titulaire)\n- Mme Maud LARREDE n\u00e9e PLISSON (suppl\u00e9ante)\nD\u00e9l\u00e9gu\u00e9 du tribunal :\n- M. Andr\u00e9 GUILLEMIN (titulaire)\n- M. Louis LEMASURIER (suppl\u00e9ant)\nArt. 2 : Les membres de la commission de contr\u00f4le charg\u00e9e de la r\u00e9gularit\u00e9 des listes \u00e9lectorales sont d\u00e9sign\u00e9s pour trois ans.\nSign\u00e9 : Pour le Pr\u00e9fet, la Secr\u00e9taire g\u00e9n\u00e9rale : Perrine SERRE\n\uf0bf\nArr\u00eat\u00e9 du 13 juillet 2023 portant nomination des membres de la commission de contr\u00f4le charg\u00e9e de la r\u00e9gularit\u00e9 des listes \u00e9lectorales\ndans la commune de SAINTE CECILE (communes de moins de 1 000 habitants et assimil\u00e9es)\nConsid\u00e9rant qu'il convient de nommer, dans chaque commune, les membres de la commission de contr\u00f4le charg\u00e9e de la r\u00e9gularit\u00e9 des listes \n\u00e9lectorales pour une dur\u00e9e de trois ans et apr\u00e8s chaque renouvellement int\u00e9gral du conseil municipal,\nArt. 1 : La commission de contr\u00f4le, institu\u00e9e dans la commune de SAINTE CECILE, est compos\u00e9e comme suit :\nConseiller municipal :\n- Mme Brigitte COULON n\u00e9e LEMOINE (suppl\u00e9ante)\n- M Christophe LEVEAU (suppl\u00e9ant)\nD\u00e9l\u00e9gu\u00e9 de l'administration :\n- M. Guy LE PELTIER  (titulaire)\n- M. Marcel ANGER (suppl\u00e9ant)\nD\u00e9l\u00e9gu\u00e9 du tribunal :\n- M. G\u00e9rard BINARD (titulaire)\n- Mme Pierrette MULLER n\u00e9e POULAIN (suppl\u00e9ante)\nArt. 2 : Les membres de la commission de contr\u00f4le charg\u00e9e de la r\u00e9gularit\u00e9 des listes \u00e9lectorales sont d\u00e9sign\u00e9s pour trois ans.\nSign\u00e9 : Pour le Pr\u00e9fet, la Secr\u00e9taire g\u00e9n\u00e9rale : Perrine SERRE\n\uf0bf\nArr\u00eat\u00e9 du 13 juillet 2023 portant nomination des membres de la commission de contr\u00f4le charg\u00e9e de la r\u00e9gularit\u00e9 des listes \u00e9lectorales\ndans la commune de TRIBEHOU (communes de moins de 1 000 habitants et assimil\u00e9es)\nConsid\u00e9rant qu'il convient de nommer, dans chaque commune, les membres de la commission de contr\u00f4le charg\u00e9e de la r\u00e9gularit\u00e9 des listes \n\u00e9lectorales pour une dur\u00e9e de trois ans et apr\u00e8s chaque renouvellement int\u00e9gral du conseil municipal,\nArt. 1 : La commission de contr\u00f4le, institu\u00e9e dans la commune de TRIBEHOU, est compos\u00e9e comme suit :\nConseiller municipal :\n- M. Damien MOULIN (titulaire)\nM Jean-Pierre FAGNEN (suppl\u00e9ant)\nD\u00e9l\u00e9gu\u00e9 de l'administration :\n- Mme Martine FILLATRE n\u00e9e HERSENT (titulaire)\n- Mme Sylvie MOULIN n\u00e9e POTTIER (suppl\u00e9ante)\nD\u00e9l\u00e9gu\u00e9 du tribunal :\n- M. Christian VIMOND (titulaire)\n- M. Benjamin CHAUVIN (suppl\u00e9ant)\nArt. 2 : Les membres de la commission de contr\u00f4le charg\u00e9e de la r\u00e9gularit\u00e9 des listes \u00e9lectorales sont d\u00e9sign\u00e9s pour trois ans.\nSign\u00e9 : Pour le Pr\u00e9fet, la Secr\u00e9taire g\u00e9n\u00e9rale : Perrine SERRE\n\uf0bf\nArr\u00eat\u00e9 du 13 juillet 2023 portant nomination des membres de la commission de contr\u00f4le charg\u00e9e de la r\u00e9gularit\u00e9 des listes \u00e9lectorales\ndans la commune de VILLIERS-FOSSARD (communes de moins de 1 000 habitants et assimil\u00e9es)\nConsid\u00e9rant qu'il convient de nommer, dans chaque commune, les membres de la commission de contr\u00f4le charg\u00e9e de la r\u00e9gularit\u00e9 des listes \n\u00e9lectorales pour une dur\u00e9e de trois ans et apr\u00e8s chaque renouvellement int\u00e9gral du conseil municipal,\nArt. 1 : La commission de contr\u00f4le, institu\u00e9e dans la commune de VILLIERS-FOSSARD, est compos\u00e9e comme suit :\nConseiller municipal :\n- Mme M\u00e9lanie THIEBOT (titulaire)\nD\u00e9l\u00e9gu\u00e9 de l'administration :\n- M. Ludwig GODEY (titulaire)\nD\u00e9l\u00e9gu\u00e9 du tribunal :\n- Mme Arlette GERMAIN n\u00e9e FOUCHARD (titulaire)\n- M Guillaume RAULINE (suppl\u00e9ant)\nArt. 2 : Les membres de la commission de contr\u00f4le charg\u00e9e de la r\u00e9gularit\u00e9 des listes \u00e9lectorales sont d\u00e9sign\u00e9s pour trois ans.\nSign\u00e9 : Pour le Pr\u00e9fet, la Secr\u00e9taire g\u00e9n\u00e9rale : Perrine SERRE\n\uf0bf\nArr\u00eat\u00e9 du 13 juillet 2023 portant nomination des membres de la commission de contr\u00f4le charg\u00e9e de la r\u00e9gularit\u00e9 des listes \u00e9lectorales\ndans la commune de AGNEAUX (communes de moins de 1 000 habitants et assimil\u00e9es)\nConsid\u00e9rant qu'il convient de nommer, dans chaque commune, les membres de la commission de contr\u00f4le charg\u00e9e de la r\u00e9gularit\u00e9 des listes \n\u00e9lectorales pour une dur\u00e9e de trois ans et apr\u00e8s chaque renouvellement int\u00e9gral du conseil municipal,\nArt. 1 : La commission de contr\u00f4le, institu\u00e9e dans la commune de AGNEAUX, est compos\u00e9e comme suit :\nConseiller municipal :\n- M. Herv\u00e9 BRIXTEL (titulaire)\n- Mme Yolande MARIE (suppl\u00e9ante)\nD\u00e9l\u00e9gu\u00e9 de l'administration :\n- M. Christian CLERC (titulaire)\nD\u00e9l\u00e9gu\u00e9 du tribunal :\n- M. Jean-Marie BARR\u00c9 (titulaire)\nArt. 2 : Les membres de la commission de contr\u00f4le charg\u00e9e de la r\u00e9gularit\u00e9 des listes \u00e9lectorales sont d\u00e9sign\u00e9s pour trois ans.\nSign\u00e9 : Pour le Pr\u00e9fet, la Secr\u00e9taire g\u00e9n\u00e9rale : Perrine SERRE\n\uf0bf\nArr\u00eat\u00e9 du 13 juillet 2023 portant nomination des membres de la commission de contr\u00f4le charg\u00e9e de la r\u00e9gularit\u00e9 des listes \u00e9lectorales\ndans la commune de BOURGVALLEES (communes de moins de 1 000 habitants et assimil\u00e9es)\nConsid\u00e9rant qu'il convient de nommer, dans chaque commune, les membres de la commission de contr\u00f4le charg\u00e9e de la r\u00e9gularit\u00e9 des listes \n\u00e9lectorales pour une dur\u00e9e de trois ans et apr\u00e8s chaque renouvellement int\u00e9gral du conseil municipal,\nArt. 1 : La commission de contr\u00f4le, institu\u00e9e dans la commune de BOURGVALLEES, est compos\u00e9e comme suit :\nConseiller municipal :\n- Mme Magali BOUILLON n\u00e9e RABEC (titulaire)\n- Mme Christelle GAUTIER n\u00e9e LE BAILLY (suppl\u00e9ante)\nD\u00e9l\u00e9gu\u00e9 de l'administration :\n- M. Hubert LECLER (titulaire)\n- M. Franck DAVID (suppl\u00e9ant)\nD\u00e9l\u00e9gu\u00e9 du tribunal :\n- Mme Jocelyne GOSSELIN n\u00e9e DESHAYES (titulaire)\nArt. 2 : Les membres de la commission de contr\u00f4le charg\u00e9e de la r\u00e9gularit\u00e9 des listes \u00e9lectorales sont d\u00e9sign\u00e9s pour trois ans.\nSign\u00e9 : Pour le Pr\u00e9fet, la Secr\u00e9taire g\u00e9n\u00e9rale : Perrine SERRE\n\uf0bf\nArr\u00eat\u00e9 du 13 juillet 2023 portant nomination des membres de la commission de contr\u00f4le charg\u00e9e de la r\u00e9gularit\u00e9 des listes \u00e9lectorales\ndans la commune de CONDE-SUR-VIRE (communes de moins de 1 000 habitants et assimil\u00e9es)\nConsid\u00e9rant qu'il convient de nommer, dans chaque commune, les membres de la commission de contr\u00f4le charg\u00e9e de la r\u00e9gularit\u00e9 des listes \n\u00e9lectorales pour une dur\u00e9e de trois ans et apr\u00e8s chaque renouvellement int\u00e9gral du conseil municipal,\nArt. 1 : La commission de contr\u00f4le, institu\u00e9e dans la commune de CONDE-SUR-VIRE, est compos\u00e9e comme suit :\nConseiller municipal :\n- Mme Isabelle DEGUETTE n\u00e9e NOEL (titulaire)\n- Mme Catherine COQUELIN n\u00e9e LABAN (suppl\u00e9ante)\nD\u00e9l\u00e9gu\u00e9 de l'administration :\n- M. PAIN Serge (titulaire)\n- M. MASSET Andr\u00e9 (suppl\u00e9ant)\nD\u00e9l\u00e9gu\u00e9 du tribunal :\n- M. Philippe VIARD (titulaire)\n- M. David LORENCE (suppl\u00e9ant)\nArt. 2 : Les membres de la commission de contr\u00f4le charg\u00e9e de la r\u00e9gularit\u00e9 des listes \u00e9lectorales sont d\u00e9sign\u00e9s pour trois ans.\nSign\u00e9 : Pour le Pr\u00e9fet, la Secr\u00e9taire g\u00e9n\u00e9rale : Perrine SERRE\n\uf0bf\nArr\u00eat\u00e9 du 13 juillet 2023 portant nomination des membres de la commission de contr\u00f4le charg\u00e9e de la r\u00e9gularit\u00e9 des listes \u00e9lectorales\ndans la commune de FLEURY (communes de moins de 1 000 habitants et assimil\u00e9es)\nConsid\u00e9rant qu'il convient de nommer, dans chaque commune, les membres de la commission de contr\u00f4le charg\u00e9e de la r\u00e9gularit\u00e9 des listes \n\u00e9lectorales pour une dur\u00e9e de trois ans et apr\u00e8s chaque renouvellement int\u00e9gral du conseil municipal,\nArt. 1 : La commission de contr\u00f4le, institu\u00e9e dans la commune de FLEURY, est compos\u00e9e comme suit :\nConseiller municipal :\n- M. Hubert QUESNEL (titulaire)\nD\u00e9l\u00e9gu\u00e9 de l'administration :\n- M. Philippe BOSSARD (titulaire)\n- M. Jean CADET (suppl\u00e9ant)\nD\u00e9l\u00e9gu\u00e9 du tribunal :\n- Mme Chantal LAISNEE n\u00e9e CUDELOU (titulaire)\n- M. Bernard HUBERT (suppl\u00e9ant)\nArt. 2 : Les membres de la commission de contr\u00f4le charg\u00e9e de la r\u00e9gularit\u00e9 des listes \u00e9lectorales sont d\u00e9sign\u00e9s pour trois ans.\nSign\u00e9 : Pour le Pr\u00e9fet, la Secr\u00e9taire g\u00e9n\u00e9rale : Perrine SERRE\n\uf0bf\nArr\u00eat\u00e9 du 13 juillet 2023 portant nomination des membres de la commission de contr\u00f4le charg\u00e9e de la r\u00e9gularit\u00e9 des listes \u00e9lectorales\ndans la commune de LA BARRE DE SEMILLY (communes de moins de 1 000 habitants et assimil\u00e9es)\nConsid\u00e9rant qu'il convient de nommer, dans chaque commune, les membres de la commission de contr\u00f4le charg\u00e9e de la r\u00e9gularit\u00e9 des listes \n\u00e9lectorales pour une dur\u00e9e de trois ans et apr\u00e8s chaque renouvellement int\u00e9gral du conseil municipal,\nArt. 1 : La commission de contr\u00f4le, institu\u00e9e dans la commune de LA BARRE DE SEMILLY, est compos\u00e9e comme suit :\nConseiller municipal :\n- Mme Muriel LEPOIL n\u00e9e AVICE (suppl\u00e9ante)\n- Mme Sophie TOCZE \nD\u00e9l\u00e9gu\u00e9 de l'administration :\n- M. Joseph LEPOIL (titulaire)\n- M. Yves ROGERIE (suppl\u00e9ant)\nD\u00e9l\u00e9gu\u00e9 du tribunal :\n- M. Guy YZABEL (titulaire)\n- M. Didier MARIE (suppl\u00e9ant)\nArt. 2 : Les membres de la commission de contr\u00f4le charg\u00e9e de la r\u00e9gularit\u00e9 des listes \u00e9lectorales sont d\u00e9sign\u00e9s pour trois ans.\nSign\u00e9 : Pour le Pr\u00e9fet, la Secr\u00e9taire g\u00e9n\u00e9rale : Perrine SERRE\n\uf0bf\nArr\u00eat\u00e9 du 13 juillet 2023 portant nomination des membres de la commission de contr\u00f4le charg\u00e9e de la r\u00e9gularit\u00e9 des listes \u00e9lectorales\ndans la commune de LA MEAUFFE (communes de moins de 1 000 habitants et assimil\u00e9es)\nConsid\u00e9rant qu'il convient de nommer, dans chaque commune, les membres de la commission de contr\u00f4le charg\u00e9e de la r\u00e9gularit\u00e9 des listes \n\u00e9lectorales pour une dur\u00e9e de trois ans et apr\u00e8s chaque renouvellement int\u00e9gral du conseil municipal,\nArt. 1 : La commission de contr\u00f4le, institu\u00e9e dans la commune de LA MEAUFFE, est compos\u00e9e comme suit :\nConseiller municipal :\n- M. Philippe LANDAIS (titulaire)\n-M Gilles TESTARD (suppl\u00e9ant)\nD\u00e9l\u00e9gu\u00e9 de l'administration :\n- M. Pierre MARIE (titulaire)\n- M. R\u00e9mi LEMOINE (suppl\u00e9ant)\nD\u00e9l\u00e9gu\u00e9 du tribunal :\n-Mme B\u00e9atrice JAMME n\u00e9e HINARD (titulaire)\n- M Roland PATOUX (suppl\u00e9ant)\nArt. 2 : Les membres de la commission de contr\u00f4le charg\u00e9e de la r\u00e9gularit\u00e9 des listes \u00e9lectorales sont d\u00e9sign\u00e9s pour trois ans.\nSign\u00e9 : Pour le Pr\u00e9fet, la Secr\u00e9taire g\u00e9n\u00e9rale : Perrine SERRE\n\uf0bf\nArr\u00eat\u00e9 du 13 juillet 2023 portant nomination des membres de la commission de contr\u00f4le charg\u00e9e de la r\u00e9gularit\u00e9 des listes \u00e9lectorales\ndans la commune de MOYON-VILLAGES (communes de moins de 1 000 habitants et assimil\u00e9es)\nConsid\u00e9rant qu'il convient de nommer, dans chaque commune, les membres de la commission de contr\u00f4le charg\u00e9e de la r\u00e9gularit\u00e9 des listes \n\u00e9lectorales pour une dur\u00e9e de trois ans et apr\u00e8s chaque renouvellement int\u00e9gral du conseil municipal,\nArt. 1 : La commission de contr\u00f4le, institu\u00e9e dans la commune de MOYON-VILLAGES, est compos\u00e9e comme suit :\nConseiller municipal :\n- Mme Christelle PIQUET, n\u00e9e ADAM (titulaire)\n- Mme Ang\u00e8le MAUBANT (suppl\u00e9ant)\nD\u00e9l\u00e9gu\u00e9 de l'administration :\n- M. Michel PLANDIERE\n- M. HAUPAIS Guy (suppl\u00e9ant)\nD\u00e9l\u00e9gu\u00e9 du tribunal :\n- M. Ange DUMONT (titulaire)\n- Mme Agn\u00e8s DESVAGES n\u00e9e LENOIR (suppl\u00e9ante)\nArt. 2 : Les membres de la commission de contr\u00f4le charg\u00e9e de la r\u00e9gularit\u00e9 des listes \u00e9lectorales sont d\u00e9sign\u00e9s pour trois ans.\nSign\u00e9 : Pour le Pr\u00e9fet, la Secr\u00e9taire g\u00e9n\u00e9rale : Perrine SERRE\n\uf0bf\nArr\u00eat\u00e9 du 13 juillet 2023 portant nomination des membres de la commission de contr\u00f4le charg\u00e9e de la r\u00e9gularit\u00e9 des listes \u00e9lectorales\ndans la commune de PERCY-EN-NORMANDIE (communes de moins de 1 000 habitants et assimil\u00e9es)\nConsid\u00e9rant qu'il convient de nommer, dans chaque commune, les membres de la commission de contr\u00f4le charg\u00e9e de la r\u00e9gularit\u00e9 des listes \n\u00e9lectorales pour une dur\u00e9e de trois ans et apr\u00e8s chaque renouvellement int\u00e9gral du conseil municipal,\nArt. 1 : La commission de contr\u00f4le, institu\u00e9e dans la commune de PERCY-EN-NORMANDIE, est compos\u00e9e comme suit :\nConseiller municipal :\n- M Florian HERVY (titulaire)\n- Mme Nadine FOUCHARD n\u00e9e LHERMITTE (suppl\u00e9ante)\nD\u00e9l\u00e9gu\u00e9 de l'administration :\n- M. Micka\u00ebl BARR\u00c9 (titulaire)\n- Mme Marie-C\u00e9cile LECHEVALLIER n\u00e9e MARTINE (suppl\u00e9ante)\nD\u00e9l\u00e9gu\u00e9 du tribunal :\n- M.G\u00e9rard DELABROISE (titulaire)\nArt. 2 : Les membres de la commission de contr\u00f4le charg\u00e9e de la r\u00e9gularit\u00e9 des listes \u00e9lectorales sont d\u00e9sign\u00e9s pour trois ans.\nSign\u00e9 : Pour le Pr\u00e9fet, la Secr\u00e9taire g\u00e9n\u00e9rale : Perrine SERRE\n\uf0bf\nArr\u00eat\u00e9 du 13 juillet 2023 portant nomination des membres de la commission de contr\u00f4le charg\u00e9e de la r\u00e9gularit\u00e9 des listes \u00e9lectorales\ndans la commune de MARIGNY-LE-LOZON (communes de moins de 1 000 habitants et assimil\u00e9es)\nConsid\u00e9rant qu'il convient de nommer, dans chaque commune, les membres de la commission de contr\u00f4le charg\u00e9e de la r\u00e9gularit\u00e9 des listes \n\u00e9lectorales pour une dur\u00e9e de trois ans et apr\u00e8s chaque renouvellement int\u00e9gral du conseil municipal,\nArt. 1 : La commission de contr\u00f4le, institu\u00e9e dans la commune de MARIGNY-LE-LOZON, est compos\u00e9e comme suit :\nConseiller municipal :\n- M. No\u00ebl MONTAGNE (titulaire)\nD\u00e9l\u00e9gu\u00e9 de l'administration :\n- M. G\u00e9rard DEPERIERS (titulaire)\nD\u00e9l\u00e9gu\u00e9 du tribunal :\n-M Pierre TURGIS (titulaire)\nArt. 2 : Les membres de la commission de contr\u00f4le charg\u00e9e de la r\u00e9gularit\u00e9 des listes \u00e9lectorales sont d\u00e9sign\u00e9s pour trois ans.\nSign\u00e9 : Pour le Pr\u00e9fet, la Secr\u00e9taire g\u00e9n\u00e9rale : Perrine SERRE\n\uf0bf\nDIRECTION DEPARTEMENTALE DES TERRITOIRES ET DE LA MER\nArr\u00eat\u00e9 n\u00b02023-DDTM-SE-0101 du 13 juillet 2023 portant d\u00e9claration d'int\u00e9r\u00eat g\u00e9n\u00e9ral au titre de l'article l.211-7 du code de\nl'environnement de travaux issus du programme de restauration des cours d'eau du bassin versant du Merderet\nConsid\u00e9rant que la restauration par des techniques douces permet de garantir l'\u00e9coulement naturel des eaux et de contribuer \u00e0 son bon \u00e9tat\n\u00e9cologique dans le respect de l'article L.211-1 du Code de l'Environnement ;\nConsid\u00e9rant que ces techniques vont permettre un retour, un maintien des habitats aquatiques et d'accro\u00eetre la qualit\u00e9 de la ressource en eau ;\nConsid\u00e9rant que tout travaux sur cours d'eau relevant d'une d\u00e9claration d'int\u00e9r\u00eat g\u00e9n\u00e9ral doit se conformer aux articles L 110-1, L 120-1 et\nsuivants, L 211-1, L 211-7, L 211-7-1 et L 435-5 ;\nArt. 1 : Sont d\u00e9clar\u00e9s d'int\u00e9r\u00eat g\u00e9n\u00e9ral, les travaux de restauration et d'entretien effectu\u00e9s par la communaut\u00e9 de communes Baie du Cotentin,\nd\u00e9nomm\u00e9 ci-dessous le permissionnaire, des cours d'eau :\n- Le Merderet,\n- Le Saint Cyr,\n- La F\u00e9ricotterie,\n- Les Heutes,\n- Le Rubec,\n- L'Azeville,\n- Le Vaulaville,\n- Les Vignets,\n- Le By,\n- Le Moulinet.\nArt. 2 : Ces travaux comprennent les actions pour am\u00e9liorer la continuit\u00e9 de la ligne d'eau et du lit mineur, pour am\u00e9liorer la qualit\u00e9 du lit mineur\ndes cours d'eau, la restauration  des annexes et du lit majeur et la restauration de la qualit\u00e9 des berges et de la ripisylve. Ces travaux sont\naccompagn\u00e9s d'actions transversales ou d'accompagnement telles que l'animation du programme et la production d'indicateurs de suivi.\nArt. 3 : L'entretien consiste \u00e0 enlever les emb\u00e2cles sous r\u00e9serve que ceux-ci ne participent pas au maintien des berges et les d\u00e9bris flottants ou\nnon, \u00e0 maintenir l'\u00e9coulement naturel des eaux, \u00e0 \u00e9laguer et rec\u00e9per la v\u00e9g\u00e9tation arbor\u00e9e des rives afin d'assurer la tenue des berges et de\npr\u00e9server la faune et la flore dans le respect du bon fonctionnement des \u00e9cosyst\u00e8mes aquatiques.\nArt. 4 : Les produits de coupe ne doivent en aucun cas \u00eatre abandonn\u00e9s dans le courant. Ils sont, dans l'attente de leur \u00e9vacuation ou de leur\n\u00e9limination, d\u00e9pos\u00e9s obligatoirement hors du lit majeur pour ne pas \u00eatre repris par les crues.\nArt. 5 : La conservation en bon \u00e9tat des ouvrages et l'entretien de la v\u00e9g\u00e9tation sont du ressort du riverain.\nArt. 6 : Les acc\u00e8s au chantier sont localis\u00e9s \u00e0 proximit\u00e9 des routes d\u00e9partementales et communales, de chemins carrossables communaux ou\npriv\u00e9s. Dans ce dernier cas, ils font l'objet d'un accord pr\u00e9alable du propri\u00e9taire.\nArt. 7 : Les propri\u00e9taires riverains concern\u00e9s par les travaux de restauration de cours d'eau sont recens\u00e9s dans le tableau annex\u00e9 au pr\u00e9sent\narr\u00eat\u00e9.\nArt. 8 :  Aucune contribution financi\u00e8re n'est demand\u00e9e aux propri\u00e9taires concern\u00e9s par les travaux.\nArt. 9 :  Les droits des tiers sont et demeurent express\u00e9ment r\u00e9serv\u00e9s.\nArt. 10 : Le permissionnaire \u00e9tablit annuellement un bilan des travaux r\u00e9alis\u00e9s (lin\u00e9aire trait\u00e9, type de travaux r\u00e9alis\u00e9s, cours d'eau concern\u00e9s).\nCe bilan est transmis au service en charge de la police des eaux qui fait conna\u00eetre au permissionnaire la date de la visite de contr\u00f4le des\ntravaux et lui indique les \u00e9ventuelles mesures compl\u00e9mentaires \u00e0 prendre.\nArt. 11 : \u00c0 toute \u00e9poque, le permissionnaire est tenu de donner aux agents charg\u00e9s de la police des eaux et de la p\u00eache, acc\u00e8s aux ouvrages.\nSur les r\u00e9quisitions des fonctionnaires du service de contr\u00f4le, le permissionnaire doit les mettre \u00e0 m\u00eame de proc\u00e9der \u00e0 leurs frais, \u00e0 toutes les\nmesures de v\u00e9rifications utiles pour constater l'ex\u00e9cution du pr\u00e9sent r\u00e8glement.\nArt. 12  :  La pr\u00e9sente d\u00e9claration d'int\u00e9r\u00eat g\u00e9n\u00e9ral est d\u00e9livr\u00e9e pour une dur\u00e9e de cinq ans \u00e0 dater de la notification du pr\u00e9sent arr\u00eat\u00e9,\nrenouvelable une fois. Elle devient caduque si les travaux, actions, ouvrages ou installations n'ont pas fait l'objet d'un commencement de\nr\u00e9alisation substantiel dans un d\u00e9lai de trois ans.\nArt. 13 :  Le pr\u00e9sent arr\u00eat\u00e9 est publi\u00e9 aux recueils des actes administratifs de la pr\u00e9fecture. Il est \u00e9galement consultable pendant une dur\u00e9e d'un\nan sur le portail Internet des services de l'\u00c9tat dans la Manche.\nUne copie dudit arr\u00eat\u00e9 est d\u00e9pos\u00e9e en mairies de Sainte-M\u00e8re-l'\u00c9glise, Neuville-au- Plain, Picauville, S\u00e9beville, Turqueville, Carquebut et\nBeuzeville-la-Bastille pour mise \u00e0 disposition de toute personne int\u00e9ress\u00e9e  ; elle est affich\u00e9e dans ces communes pendant une dur\u00e9e minimale\nd'un mois.\nUn avis est ins\u00e9r\u00e9 par les soins du pr\u00e9fet et aux frais des permissionnaires dans la presse locale. \nArt. 14 : Le pr\u00e9sent arr\u00eat\u00e9 peut faire l'objet d'un recours devant le tribunal administratif de Caen \u00e0 compter de sa publication au recueil des\nactes administratifs de la pr\u00e9fecture de la Manche, par les permissionnaires dans un d\u00e9lai de deux mois et par les tiers, personnes physiques\nou morales dans un d\u00e9lai d'un an devant la juridiction administrative. \nLe  tribunal  administratif  peut  aussi  \u00eatre  saisi  par  l'application  informatique  \u00ab  T\u00e9l\u00e9recours  Citoyens  \u00bb  accessible  par  le  site  internet\nwww.telerecours.fr\nToutefois, si le d\u00e9but des travaux n'est pas intervenu six mois apr\u00e8s la publication ou l'affichage de ces d\u00e9cisions, le d\u00e9lai de recours continue \u00e0\ncourir jusqu'\u00e0 l'expiration d'une p\u00e9riode de six mois apr\u00e8s ce d\u00e9but des travaux.\nSign\u00e9 : Pour le Pr\u00e9fet de la Manche, pour la Directrice D\u00e9partementale des Territoires et de la Mer, et par d\u00e9l\u00e9gation, le chef du Service\nEnnvironnement, : Olivier CATTIAUX\nLes annexes sont consultables sur le site internet de la Pr\u00e9fecture de la Manche\n\uf0bf\nArr\u00eat\u00e9 n\u00b0 DDTM - SETRIS-2023-12 du 13 juillet 2023 autorisant la d\u00e9rogation \u00e0 l'arr\u00eat\u00e9 du 27 d\u00e9cembre 2022 modifi\u00e9 portant interdiction\ndes concentrations ou manifestations sportives sur les routes \u00e0 grande circulation \u00e0 certaines p\u00e9riodes de l'ann\u00e9e 2023 \nConsid\u00e9rant que l'itin\u00e9raire de la 2\u00e8me \u00e9tape du samedi 2 septembre 2023 emprunte la RD901 d'Auderville \u00e0 la D37,  la RD23 de Flamanville\naux Pieux, la RD 650 de Les Pieux \u00e0 la RD66, la RD56 de Brix \u00e0 Couville, la RD650 de Virandeville \u00e0 Cherbourg-en-Cotentin et la RD900 \u00e0\nOcteville entre Le Pont et le Pont Cosnard, routes d\u00e9partementales dont l'emprunt et le franchissement sont interdits en application de l'article 8\nde l'arr\u00eat\u00e9 du 16 f\u00e9vrier 2023 ;\nConsid\u00e9rant que la course cycliste \u00ab  Les trois jours de Cherbourg-en-Cotentin  \u00bb programm\u00e9e les 1er, 2 et 3 septembre 2023 est inscrite au\ncalendrier de la f\u00e9d\u00e9ration fran\u00e7ais de cyclisme de l'ann\u00e9e 2023, statut Route Elite;\nConsid\u00e9rant qu'il s'agit de la 43\u00e8me \u00e9dition de la course cycliste \u00ab  les trois jours de Cherbourg-en-Cotentin\u00bb qui regroupera 22 \u00e9quipes et 150\ncoureurs ;\nConsid\u00e9rant la participation des diff\u00e9rents partenaires financiers et les nombreuses retomb\u00e9es \u00e9conomiques de la course cycliste \u00ab  Les trois\njours de Cherbourg-en-Cotentin \u00bb pour le d\u00e9partement de la Manche ;\nConsid\u00e9rant que le pr\u00e9fet de d\u00e9partement peut d\u00e9roger \u00e0 des normes arr\u00eat\u00e9es par l'administration de l'Etat pour prendre des d\u00e9cisions non\nr\u00e9glementaires relevant de sa comp\u00e9tence en mati\u00e8re notamment d'activit\u00e9s \u00e9conomiques et d'activit\u00e9s sportives ;\nConsid\u00e9rant que la rentr\u00e9e scolaire est programm\u00e9e le 4 septembre 2023 et que le flux de touristes sera moindre le week-end des 1er et 2\nseptembre 2023 sur le nord du d\u00e9partement;\nConsid\u00e9rant l'importance de la course cycliste \u00ab  Les trois jours de Cherbourg-en-Cotentin  \u00bb pour le d\u00e9partement de la Manche et la n\u00e9cessit\u00e9\nd'assurer son bon d\u00e9roulement sur l'itin\u00e9raire pr\u00e9Vu ;\nConsid\u00e9rant que la course cycliste \u00ab  Les trois jours de Cherbourg-en-Cotentin \u00bb se d\u00e9roule selon le r\u00e9gime de l'usage exclusif temporaire de la\nchauss\u00e9e ;\nArt. 1  : M. Bernard BERHAULT, pr\u00e9sident de l'amicale cycliste des 3 jours de Cherbourg est autoris\u00e9 \u00e0 d\u00e9roger \u00e0 l'article 8 de l'arr\u00eat\u00e9\npr\u00e9fectoral du 16 f\u00e9vrier 2023 susvis\u00e9 pour la course cycliste \u00ab  les trois jours de Cherbourg-en-Cotentin\u00bb les 1er et 2 septembre 2023 pour les\nroutes suivantes :\n1\u00e8re \u00e9tape, vendredi 1er septembre 2023\n- franchissement de la RD2 entre Valognes et Saint-Sauveur-le-Vicomte\n2\u00e8me \u00e9tape, samedi 2 septembre 2023\n- emprunt de la RD901 d'Auderville \u00e0 la D37\n- emprunt de la RD23 de Flamanville aux Pieux\n- emprunt de la RD 650 de Les Pieux \u00e0 la RD66\n- emprunt de la RD56 de Brix \u00e0 Couville\n- emprunt de la RD650 de Virandeville \u00e0 Cherbourg-en-Cotentin\n- emprunt de la RD900 \u00e0 Cherbourg-en-Cotentin (Octeville entre Le Pont et le Pont Cosnard)\nArt. 3 : \nConform\u00e9ment aux dispositions des articles R.421-1 \u00e0 R.421-5 du code de justice administrative, le pr\u00e9sent arr\u00eat\u00e9 peut faire l'objet d'un recours\ncontentieux devant le tribunal administratif de Caen \u2013 3 Rue Arthur le Duc, 14000 Caen dans un d\u00e9lai de deux mois \u00e0 compter de la date de sa\nnotification ou de sa publication. Dans ce m\u00eame d\u00e9lai, un recours gracieux peut \u00eatre pr\u00e9sent\u00e9 \u00e0 l'auteur de la d\u00e9cision (ou bien un recours\nhi\u00e9rarchique devant le minist\u00e8re de l'Int\u00e9rieur). Dans ce cas, le recours contentieux sera introduit dans les deux mois suivant la r\u00e9ponse.\nLe tribunal administratif peut \u00eatre saisi par l'application informatique \u00ab T\u00e9l\u00e9recours citoyens \u00bb accessible par le site internet www.telerecours.fr. \nSign\u00e9 : Le Pr\u00e9fet : Fr\u00e9d\u00e9ric PERISSAT\n\uf0bf\nDIVERS\nDIRM : Direction Interr\u00e9gionale de la mer Manche Est-Mer du Nord\nArr\u00eat\u00e9 n\u00b0 123/2023 du 17 juillet 2023 Portant r\u00e9glementation des conditions de d\u00e9barquement, de transport, d'exp\u00e9dition, de stockage,\nde commercialisation et de mise \u00e0 la consommation humaine des p\u00e9toncles blancs \u2013 vanneaux (Aequipecten opercularis) en\nprovenance de la zone des Hanois au large du d\u00e9partement de la Manche\nConsid\u00e9rant les r\u00e9sultats d'analyses sanitaires du laboratoire LABEO  du  17 juillet 2023 ;\nSur proposition du directeur interr\u00e9gional de la mer Manche Est - Mer du Nord ;\nArt. 1 : Sont provisoirement interdits le d\u00e9barquement, le transport, l'exp\u00e9dition, le stockage, la commercialisation, la mise \u00e0 la consommation\nhumaine des p\u00e9toncles blancs \u2013 vanneaux (Aequipecten opercularis) p\u00each\u00e9s dans la zone des Hanois d\u00e9finie par l'arr\u00eat\u00e9 n\u00b0 67/2021 du 10 mai\n2021 susvis\u00e9.\nArt. 2 : Les p\u00e9toncles blancs - vanneaux r\u00e9colt\u00e9s ou p\u00each\u00e9s dans la zone cit\u00e9e \u00e0 l'article 1er depuis le 12 juillet 2023 sont consid\u00e9r\u00e9s comme\nimpropres \u00e0 la consommation humaine.\nTout professionnel qui a depuis cette date commercialis\u00e9 cette esp\u00e8ce de coquillage, doit engager imm\u00e9diatement sous sa responsabilit\u00e9 leur\nretrait du march\u00e9 en application de l'article 19 du r\u00e8glement (CE) n\u00b0178/2002, et en informer la direction d\u00e9partementale de la protection des\npopulations de son d\u00e9partement.\nLes produits retir\u00e9s du march\u00e9 doivent \u00eatre d\u00e9truits, selon les modalit\u00e9s fix\u00e9es par le r\u00e8glement (CE) n\u00b01069/2009 modifi\u00e9.\nArt. 3 : Par d\u00e9rogation \u00e0 l'article 1, lorsque le d\u00e9corticage sanitaire est autoris\u00e9 par arr\u00eat\u00e9 du pr\u00e9fet de la r\u00e9gion Normandie le d\u00e9barquement, le\ntransport,  l'exp\u00e9dition,  le  stockage  et  la  commercialisation  peuvent  se  poursuivre  dans  les  zones  concern\u00e9es  pour  les  navires  et  les\n\u00e9tablissements list\u00e9s et selon les conditions fix\u00e9es dans cet arr\u00eat\u00e9.\nArt. 4 : Le porter \u00e0 connaissance de cet acte est r\u00e9alis\u00e9 aupr\u00e8s du comit\u00e9 r\u00e9gional des p\u00eaches maritimes et des \u00e9levages marins de Normandie\n(CRPMEM). L'information des professionnels est assur\u00e9e par le CRPMEM de Normandie.\nSign\u00e9 : Pour le Pr\u00e9fet de la r\u00e9gion Normandie et par subd\u00e9l\u00e9gation, l'adjoint au chef de service du contr\u00f4le des activit\u00e9s maritimes  : Pierre\nMAZIERES\n\uf0bf\nArr\u00eat\u00e9 n\u00b0 125 / 2023 du 17 juillet 2023 \u00e9glementant le d\u00e9corticage sanitaire des p\u00e9toncles, en application de l'article 3 de l'arr\u00eat\u00e9\npr\u00e9fectoral n\u00b0122/2023 du 13 juillet 2023 portant r\u00e9glementation des conditions de d\u00e9barquement, de transport, d'exp\u00e9dition, de\nstockage, de commercialisation et de mise \u00e0 la consommation humaine des p\u00e9toncles blancs \u2013 vanneaux (Aequipecten opercularis)\nen provenance de la zone des Casquets au large du d\u00e9partement de la Manche\nConsid\u00e9rant le taux de toxines lipophiles dans la zone des Casquets \u00e0 la date du 13 juillet 2023 ;\nSur proposition du directeur interr\u00e9gional de la mer Manche Est-mer du Nord ;\nArt. 1 : Par d\u00e9rogation \u00e0 l'article 4 de l'arr\u00eat\u00e9 67/2021 du 10 mai 2021 susvis\u00e9 et en application de l'article 3 de l'arr\u00eat\u00e9 n\u00b0122/2023 du 13 juillet\n2023 susvis\u00e9,  le d\u00e9barquement,  le transport,  l'exp\u00e9dition,  le stockage,  la commercialisation et la mise \u00e0 la consommation humaine des\np\u00e9toncles blancs \u2013 vanneaux (Aequipecten opercularis) en provenance de la zone des Casquets au large du d\u00e9partement de la Manche, sont\nautoris\u00e9s sous condition d'un d\u00e9corticage sanitaire tel que fix\u00e9 dans le pr\u00e9sent arr\u00eat\u00e9.\nArt. 2 : Le d\u00e9corticage sanitaire doit \u00eatre syst\u00e9matique \u00e0 compter du 17 juillet 2023. Il doit \u00eatre fait avant toute cong\u00e9lation.\nIl ne peut \u00eatre effectu\u00e9 que dans un \u00e9tablissement situ\u00e9 en France, agr\u00e9\u00e9 pour la manipulation de produits de la p\u00eache et ayant int\u00e9gr\u00e9 dans\nson plan de ma\u00eetrise sanitaire tous les \u00e9l\u00e9ments de ma\u00eetrise pour la r\u00e9alisation d'un d\u00e9corticage sanitaire. Ces \u00e9l\u00e9ments doivent faire l'objet\nd'une autorisation sp\u00e9ciale d\u00e9livr\u00e9e par la direction d\u00e9partementale de la protection des populations (DDPP) en charge de l'\u00e9tablissement.\nIl doit aboutir \u00e0 l'obtention uniquement de muscle.\nDes autocontr\u00f4les lib\u00e9ratoires doivent \u00eatre r\u00e9alis\u00e9s sur chaque lot de produits finis, un lot se d\u00e9finissant par des coquillages p\u00each\u00e9s dans la\nm\u00eame zone, lors de la m\u00eame mar\u00e9e, par le m\u00eame navire, d\u00e9cortiqu\u00e9s dans le m\u00eame \u00e9tablissement le m\u00eame jour ou le lendemain en cas de\nd\u00e9barque tardive. La DDPP est imm\u00e9diatement inform\u00e9e des r\u00e9sultats.\nCes autocontr\u00f4les doivent \u00eatre r\u00e9alis\u00e9s dans un laboratoire agr\u00e9\u00e9 avec une m\u00e9thode officielle. Si une partie des analyses n'y est pas r\u00e9alis\u00e9e,\nun lot doit une fois par semaine \u00eatre analys\u00e9 \u00e0 la fois par un laboratoire agr\u00e9\u00e9 avec une m\u00e9thode officielle et par le circuit d'analyse de\nl'\u00e9tablissement.\nEn cas de r\u00e9sultat sup\u00e9rieur \u00e0 160 \u00b5g/kg, le lot ne peut pas \u00eatre commercialis\u00e9 et doit \u00eatre d\u00e9truit.\nLa DDPP en charge de l'\u00e9tablissement est imm\u00e9diatement inform\u00e9e .\nArt. 3 : La d\u00e9cision n\u00b01306/2023 du 17 juillet 2023 du pr\u00e9fet de la r\u00e9gion Normandie fixe la liste des navires autoris\u00e9s \u00e0 p\u00eacher dans la zone\nsusmentionn\u00e9e .\nArt. 4 : Le porter \u00e0 connaissance de cet acte est r\u00e9alis\u00e9 aupr\u00e8s du comit\u00e9 r\u00e9gional des p\u00eaches maritimes et des \u00e9levages marins de Normandie\n(CRPMEM). L'information des professionnels est assur\u00e9e par le CRPMEM de Normandie.\nSign\u00e9 : Pour le Pr\u00e9fet de la r\u00e9gion Normandie et par subd\u00e9l\u00e9gation, l'adjoint au chef de service du contr\u00f4le des activit\u00e9s maritimes  : Pierre\nMAZIERES\n\uf0bf\nArr\u00eat\u00e9 n\u00b0 126 / 2023 du 17 juillet 2023 R\u00e9glementant le d\u00e9corticage sanitaire des p\u00e9toncles, en application de l'article 3 de l'arr\u00eat\u00e9\npr\u00e9fectoral n\u00b0123/2023 du 17 juillet 2023 portant r\u00e9glementation des conditions de d\u00e9barquement, de transport, d'exp\u00e9dition, de\nstockage, de commercialisation et de mise \u00e0 la consommation humaine des p\u00e9toncles blancs \u2013 vanneaux (Aequipecten opercularis)\nen provenance de la zone des Hanois au large du d\u00e9partement de la Manche\nConsid\u00e9rant le taux de toxines lipophiles dans la zone des Hanois \u00e0 la date du 17 juillet 2023 ;\nSur proposition du directeur interr\u00e9gional de la mer Manche Est-mer du Nord ;\nArt. 1 : Par d\u00e9rogation \u00e0 l'article 4 de l'arr\u00eat\u00e9 67/2021 du 10 mai 2021 susvis\u00e9 et en application de l'article 3 de l'arr\u00eat\u00e9 n\u00b0123/2023 du 17 juillet\n2023 susvis\u00e9,  le d\u00e9barquement,  le transport,  l'exp\u00e9dition,  le stockage,  la commercialisation et la mise \u00e0 la consommation humaine des\np\u00e9toncles blancs \u2013 vanneaux (Aequipecten opercularis) en provenance de la zone des Hanois au large du d\u00e9partement de la Manche, sont\nautoris\u00e9s sous condition d'un d\u00e9corticage sanitaire tel que fix\u00e9 dans le pr\u00e9sent arr\u00eat\u00e9.\nArt. 2 : Le d\u00e9corticage sanitaire doit \u00eatre syst\u00e9matique \u00e0 compter du 17 juillet 2023. Il doit \u00eatre fait avant toute cong\u00e9lation.\nIl ne peut \u00eatre effectu\u00e9 que dans un \u00e9tablissement situ\u00e9 en France, agr\u00e9\u00e9 pour la manipulation de produits de la p\u00eache et ayant int\u00e9gr\u00e9 dans\nson plan de ma\u00eetrise sanitaire tous les \u00e9l\u00e9ments de ma\u00eetrise pour la r\u00e9alisation d'un d\u00e9corticage sanitaire. Ces \u00e9l\u00e9ments doivent faire l'objet\nd'une autorisation sp\u00e9ciale d\u00e9livr\u00e9e par la direction d\u00e9partementale de la protection des populations (DDPP) en charge de l'\u00e9tablissement.\nIl doit aboutir \u00e0 l'obtention uniquement de muscle.\nDes autocontr\u00f4les lib\u00e9ratoires doivent \u00eatre r\u00e9alis\u00e9s sur chaque lot de produits finis, un lot se d\u00e9finissant par des coquillages p\u00each\u00e9s dans la\nm\u00eame zone, lors de la m\u00eame mar\u00e9e, par le m\u00eame navire, d\u00e9cortiqu\u00e9s dans le m\u00eame \u00e9tablissement le m\u00eame jour ou le lendemain en cas de\nd\u00e9barque tardive. La DDPP est imm\u00e9diatement inform\u00e9e des r\u00e9sultats.\nCes autocontr\u00f4les doivent \u00eatre r\u00e9alis\u00e9s dans un laboratoire agr\u00e9\u00e9 avec une m\u00e9thode officielle. Si une partie des analyses n'y est pas r\u00e9alis\u00e9e,\nun lot doit une fois par semaine \u00eatre analys\u00e9 \u00e0 la fois par un laboratoire agr\u00e9\u00e9 avec une m\u00e9thode officielle et par le circuit d'analyse de\nl'\u00e9tablissement.\nEn cas de r\u00e9sultat sup\u00e9rieur \u00e0 160 \u00b5g/kg, le lot ne peut pas \u00eatre commercialis\u00e9 et doit \u00eatre d\u00e9truit.\nLa DDPP en charge de l'\u00e9tablissement est imm\u00e9diatement inform\u00e9e .\nArt. 3 : La d\u00e9cision n\u00b01306/2023 du 17 juillet 2023 du pr\u00e9fet de la r\u00e9gion Normandie fixe la liste des navires autoris\u00e9s \u00e0 p\u00eacher dans la zone\nsusmentionn\u00e9e .\nArt. 4 : Le porter \u00e0 connaissance de cet acte est r\u00e9alis\u00e9 aupr\u00e8s du comit\u00e9 r\u00e9gional des p\u00eaches maritimes et des \u00e9levages marins de Normandie\n(CRPMEM). L'information des professionnels est assur\u00e9e par le CRPMEM de Normandie.\nSign\u00e9 : Pour le Pr\u00e9fet de la r\u00e9gion Normandie et par subd\u00e9l\u00e9gation, l'adjoint au chef de service du contr\u00f4le des activit\u00e9s maritimes  : Pierre\nMAZIERES\n\uf0bf\nD\u00e9cision n\u00b0 1306 / 2023 du 17 juillet 2023 fixant la liste des navires autoris\u00e9s \u00e0 p\u00eacher des p\u00e9toncles blancs-vanneaux en zone\nsoumise \u00e0 restriction\nArt. 1 : Les navires port\u00e9s sur la liste annex\u00e9e \u00e0 la pr\u00e9sente d\u00e9cision sont autoris\u00e9s \u00e0 p\u00eacher les p\u00e9toncles blancs \u2013 vanneaux (Aequipecten\nopercularis) dans les zones et selon les conditions d\u00e9termin\u00e9es par l'arr\u00eat\u00e9 n\u00b0 67/2021 susvis\u00e9 sous r\u00e9serve que l'entreprise destinataire des\np\u00e9toncles dispose de l'autorisation de d\u00e9corticage sanitaire d\u00e9livr\u00e9e par la Direction D\u00e9partementale de la Protection des Populations (DDPP)\ncomp\u00e9tente.\nArt. 2 : La d\u00e9cision n\u00b01235/2022 du 1er juillet 2022 est abrog\u00e9e.\nSign\u00e9 : Pour le Pr\u00e9fet de la r\u00e9gion Normandie et par subd\u00e9l\u00e9gation, l'adjoint au chef de service du contr\u00f4le des activit\u00e9s maritimes  : Pierre\nMAZIERES\n\uf0bf\nSGAMI Ouest - Pr\u00e9fecture de Zone de D\u00e9fense et de S\u00e9curit\u00e9 Ouest\nArr\u00eat\u00e9 du 18 juillet 2023 donnant d\u00e9l\u00e9gation de signature \u00e0 monsieur Herv\u00e9 TOURMENTE, secr\u00e9taire g\u00e9n\u00e9ral pour l'administration du\nminist\u00e8re de l'int\u00e9rieur de la zone ouest aupr\u00e8s du pr\u00e9fet de la zone de d\u00e9fense et de s\u00e9curit\u00e9 ouest\nVu le Code de la d\u00e9fense ;\nVu le Code de la s\u00e9curit\u00e9 int\u00e9rieure ;\nVu la loi n\u00b0 82-213 du 2 mars 1982 modifi\u00e9e relative aux droits et libert\u00e9s des communes, des d\u00e9partements et des r\u00e9gions ;\nVu la loi n\u00b0 2009-971 du 3 ao\u00fbt 2009 relative \u00e0 la gendarmerie nationale ;\nVu le d\u00e9cret n\u00b0 95-654 du 9 mai 1995 modifi\u00e9 fixant les dispositions communes applicables aux fonctionnaires actifs des services de la Police\nnationale et notamment son article 3 ;\nVu le d\u00e9cret n\u00b0 95-1197 du 6 novembre 1995 modifi\u00e9 portant d\u00e9concentration en mati\u00e8re de gestion des personnels de la Police nationale ;\nVu le d\u00e9cret n\u00b0 2004-374 du 29 avril 2004 modifi\u00e9, relatif aux pouvoirs des pr\u00e9fets et \u00e0 l'action des services de l'\u00c9tat dans les r\u00e9gions et\nd\u00e9partements ;\nVu le d\u00e9cret n\u00b0 2006-1780 du 23 d\u00e9cembre 2006 portant d\u00e9l\u00e9gation de pouvoirs en mati\u00e8re de recrutement et de gestion de certains personnels\nrelevant du minist\u00e8re de l'Int\u00e9rieur ;\nVu le d\u00e9cret n\u00b0 2010-224 du 4 mars 2010 relatif aux pouvoirs des pr\u00e9fets de zone de d\u00e9fense et de s\u00e9curit\u00e9 ;\nVu le d\u00e9cret n\u00b0 2010-225 du 4 mars 2010 portant modifications de certaines dispositions du Code de la d\u00e9fense relatives aux pr\u00e9fets d\u00e9l\u00e9gu\u00e9s\npour la d\u00e9fense et la s\u00e9curit\u00e9, aux \u00e9tats-majors interminist\u00e9riels de zone de d\u00e9fense et de s\u00e9curit\u00e9, aux d\u00e9l\u00e9gu\u00e9s et correspondants de zone de\nd\u00e9fense et de s\u00e9curit\u00e9 et \u00e0 l'outre-mer ainsi que certaines dispositions relatives aux secr\u00e9tariats g\u00e9n\u00e9raux pour l'administration de la Police et\ncertaines dispositions du Code de la sant\u00e9 publique ;\nVu le d\u00e9cret n\u00b0 2014-296 du 6 mars 2014 relatif aux secr\u00e9tariats g\u00e9n\u00e9raux pour l'administration du minist\u00e8re de l'Int\u00e9rieur et modifiant diverses\ndispositions du code de la d\u00e9fense et du Code de la s\u00e9curit\u00e9 int\u00e9rieure ;\nVu le d\u00e9cret n\u00b02014-1182 du 13 octobre 2014 modifiant le d\u00e9cret n\u00b02006-1780 du 23 d\u00e9cembre 2006 portant d\u00e9l\u00e9gation de pouvoir en mati\u00e8re\nde recrutement et de gestion de certains personnels relevant du minist\u00e8re de l'Int\u00e9rieur ;\nVu le d\u00e9cret n\u00b0 2015-76 du 27 janvier 2015 modifiant diverses dispositions relatives aux secr\u00e9tariats  g\u00e9n\u00e9raux pour l'administration du\nminist\u00e8re de l'Int\u00e9rieur ;\nVu le d\u00e9cret n\u00b0 2015-1625 du 10 d\u00e9cembre 2015 relatif \u00e0 la composition des zones de d\u00e9fense et de s\u00e9curit\u00e9, des r\u00e9gions de gendarmerie et\ndes groupements de gendarmerie d\u00e9partementale ;\nVu le d\u00e9cret du 28 octobre 2020 nommant Monsieur Emmanuel BERTHIER, pr\u00e9fet de la zone de d\u00e9fense et de s\u00e9curit\u00e9 Ouest, pr\u00e9fet de la\nr\u00e9gion Bretagne, pr\u00e9fet d'Ille-et-Vilaine ;\nVu le d\u00e9cret du 15 f\u00e9vrier 2023 nommant Monsieur Herv\u00e9 TOURMENTE, pr\u00e9fet d\u00e9l\u00e9gu\u00e9 pour la d\u00e9fense et la s\u00e9curit\u00e9 aupr\u00e8s du pr\u00e9fet de la\nr\u00e9gion Bretagne, pr\u00e9fet de la zone de d\u00e9fense et de s\u00e9curit\u00e9 Ouest, pr\u00e9fet d'Ille-et-Vilaine ;\nVu l'arr\u00eat\u00e9 minist\u00e9riel du 16 juin 2015 portant d\u00e9l\u00e9gation de pouvoir en mati\u00e8re de recrutement des apprentis du minist\u00e8re de l'Int\u00e9rieur ;\nVu l'arr\u00eat\u00e9 minist\u00e9riel du 26 janvier 2015 portant d\u00e9l\u00e9gation de pouvoir en mati\u00e8re de recrutement et de gestion de certains ouvriers d'\u00c9tat du\nminist\u00e8re de l'Int\u00e9rieur ;\nVu l'arr\u00eat\u00e9 minist\u00e9riel du 27 janvier 2015 modifiant l'arr\u00eat\u00e9 du 24 ao\u00fbt 2000 fixant les modalit\u00e9s de recrutement et de formation des adjoints de\ns\u00e9curit\u00e9 ;\nVu l'arr\u00eat\u00e9 minist\u00e9riel du 27 janvier 2015 modifiant l'arr\u00eat\u00e9 du 24 ao\u00fbt 2000 fixant les droits et obligations des adjoints de s\u00e9curit\u00e9 ;\nVu  l'arr\u00eat\u00e9  minist\u00e9riel  du  28  d\u00e9cembre  2017  portant  d\u00e9l\u00e9gation  de  pouvoir  en  mati\u00e8re  de  recrutement  et  de  gestion  des  personnels\nadministratifs du minist\u00e8re de l'Int\u00e9rieur ;\nVu l'arr\u00eat\u00e9 minist\u00e9riel du 28 d\u00e9cembre 2017 portant d\u00e9l\u00e9gation de pouvoir en mati\u00e8re de recrutement et de gestion de certains personnels\ntechniques et sp\u00e9cialis\u00e9s du minist\u00e8re de l'Int\u00e9rieur ;\nVu l'arr\u00eat\u00e9 pr\u00e9fectoral modificatif n\u00b0 22-24 du 4 novembre 2022 portant organisation de la pr\u00e9fecture de la zone de d\u00e9fense et de s\u00e9curit\u00e9\nOuest ;\nVu l'arr\u00eat\u00e9 pr\u00e9fectoral n\u00b0 22-18 du 26 juillet 2022 portant organisation du secr\u00e9tariat g\u00e9n\u00e9ral pour l'administration du minist\u00e8re de l'Int\u00e9rieur de la\nzone de d\u00e9fense et de s\u00e9curit\u00e9 Ouest ;\nVu la d\u00e9cision du 28 d\u00e9cembre 2022 portant affectation de madame Charlotte BOUZAT, administratrice de l'\u00c9tat hors classe, en qualit\u00e9\nd'adjointe \u00e0 la pr\u00e9f\u00e8te d\u00e9l\u00e9gu\u00e9e pour la d\u00e9fense et la s\u00e9curit\u00e9, secr\u00e9taire g\u00e9n\u00e9rale pour l'administration du minist\u00e8re de l'Int\u00e9rieur au sein de la\nzone Ouest, \u00e0 compter du 16 janvier 2023 ;\nArt. 1  : D\u00e9l\u00e9gation de signature est donn\u00e9e \u00e0 Herv\u00e9 TOURMENTE, pr\u00e9fet d\u00e9l\u00e9gu\u00e9 pour la d\u00e9fense et la s\u00e9curit\u00e9, secr\u00e9taire g\u00e9n\u00e9ral pour\nl'administration du minist\u00e8re de l'Int\u00e9rieur de la zone Ouest, dans la limite des attributions conf\u00e9r\u00e9es au pr\u00e9fet de la r\u00e9gion Bretagne, pr\u00e9fet de la\nzone de d\u00e9fense et de s\u00e9curit\u00e9 Ouest, pr\u00e9fet d'Ille-et-Vilaine, par les d\u00e9crets susvis\u00e9s pour tous actes, arr\u00eat\u00e9s, d\u00e9cisions ou tous documents\nconcernant le secr\u00e9tariat g\u00e9n\u00e9ral pour l'administration du minist\u00e8re de l'Int\u00e9rieur Ouest et relatifs notamment :\n- \u00e0 la gestion administrative et financi\u00e8re des personnels relevant du secr\u00e9tariat g\u00e9n\u00e9ral pour l'administration du minist\u00e8re de l'Int\u00e9rieur Ouest,\n- au recrutement et \u00e0 la signature des contrats des apprentis en fonction dans les services du SGAMI Ouest et les services de police de la zone\nde d\u00e9fense et de s\u00e9curit\u00e9 Ouest,\n- au recrutement et \u00e0 la signature des contrats des personnels administratifs, techniques et sic affect\u00e9s au SGAMI Ouest dont la dur\u00e9e est\ninf\u00e9rieure ou \u00e9gale \u00e0 trois ans et qui ne sont pas soumis au visa du contr\u00f4leur budg\u00e9taire et comptable minist\u00e9riel, \n- \u00e0 l'instruction, au r\u00e8glement amiable ou au contentieux des affaires relevant de la comp\u00e9tence du pr\u00e9fet de la zone de d\u00e9fense et de s\u00e9curit\u00e9\nOuest. Dans les m\u00eames limites, le pr\u00e9fet d\u00e9l\u00e9gu\u00e9 est habilit\u00e9 \u00e0 correspondre directement avec l'agent judiciaire de l'\u00c9tat dans les actions\nport\u00e9es devant les tribunaux judiciaires et \u00e0 signer les m\u00e9moires en r\u00e9ponse devant les juridictions administratives,\n- \u00e0 la gestion administrative et financi\u00e8re de l'immobilier de la police nationale et notamment :\n- aux actes de location, d'acquisition ou d'\u00e9change de propri\u00e9t\u00e9 pass\u00e9s par France Domaine ;\n- \u00e0 l'approbation des conventions portant r\u00e8glement d'indemnit\u00e9s de remise en \u00e9tat d'immeubles ;\n- aux concessions de logement au profit de personnels relevant de la direction g\u00e9n\u00e9rale de la police nationale ;\n- \u00e0 la gestion du patrimoine immobilier de la gendarmerie,\n- \u00e0 la gestion administrative et financi\u00e8re des moyens mat\u00e9riels de la police nationale et notamment \u00e0 approbation des proc\u00e8s-verbaux de perte\nou de r\u00e9forme des mat\u00e9riels quelle qu'en soit la valeur,\n- au titre de pouvoir adjudicateur, dans les limites fix\u00e9es par l'ordonnance n\u00b02015-899 du 23 juillet 2015  et du d\u00e9cret n\u00b0 2016-360 du 25 mars\n2016, relatifs aux march\u00e9s publics, de tous march\u00e9s de travaux, de fournitures, ou de services ainsi que tout avenant \u00e0 ces march\u00e9s \u2013 dits\n\u00ab formalis\u00e9s \u00bb ou \u00ab adapt\u00e9s \u00bb, y compris les avenants des march\u00e9s pr\u00e9alablement pass\u00e9s par la r\u00e9gion de gendarmerie de la zone de d\u00e9fense\net de s\u00e9curit\u00e9 Ouest,\n- aux agr\u00e9ments et acceptations de paiement des conditions des sous-traitants des march\u00e9s de travaux, de fournitures, ou de services pris pour\nle compte du secr\u00e9tariat g\u00e9n\u00e9ral pour l'administration du minist\u00e8re de l'Int\u00e9rieur Ouest ou pour celui des services de police et de gendarmerie,\n- \u00e0 l'ex\u00e9cution des op\u00e9rations de d\u00e9penses et de recettes relevant de la comp\u00e9tence du secr\u00e9tariat g\u00e9n\u00e9ral pour l'administration du minist\u00e8re de\nl'Int\u00e9rieur Ouest, agissant pour son propre compte ou pour celui des services de police de la gendarmerie et des syst\u00e8mes d'information et de\ncommunication,\n- aux d\u00e9cisions rendant ex\u00e9cutoires les titres de perception de r\u00e9gularisation, de r\u00e9duction et d'annulation qu'il \u00e9met et d'admettre en non-\nvaleurs les cr\u00e9ances irr\u00e9couvrables,\n- dans le cadre de l'exercice du contr\u00f4le financier d\u00e9concentr\u00e9, sont soumis au visa de la pr\u00e9f\u00e8te d\u00e9l\u00e9gu\u00e9e pour la d\u00e9fense et de la s\u00e9curit\u00e9 :\n- les demandes d'autorisation pr\u00e9alable de proc\u00e9der \u00e0 des engagements juridiques dans le cadre du pouvoir adjudicateur,\n- les observations formul\u00e9es par le contr\u00f4leur financier d\u00e9concentr\u00e9,\n- le compte rendu d'utilisation de ces cr\u00e9dits transmis au contr\u00f4leur financier.\n- la r\u00e9alisation d'achats par carte achat, dans la limite du plafond autoris\u00e9.\n- aux arr\u00eat\u00e9s, arr\u00eat\u00e9s, d\u00e9cisions et actes relevant des attributions de la direction des syst\u00e8mes d'information et de communication.\nArt. 2 : Demeurent soumis \u00e0 la signature du pr\u00e9fet de la zone de d\u00e9fense et de s\u00e9curit\u00e9 Ouest:\n- les ordres de r\u00e9quisition de paiement pr\u00e9Vus par l'article 238 du d\u00e9cret n\u00b02012-1246 du 7 novembre 2012.\n- les demandes et les d\u00e9cisions de passer outre les refus de visas \u00e0 l'engagement de d\u00e9penses \u00e9mis par le directeur r\u00e9gional des finances\npubliques.\nArt. 3  : En cas d'absence ou d'emp\u00eachement d'Herv\u00e9 TOURMENTE, d\u00e9l\u00e9gation de signature est donn\u00e9e \u00e0 Charlotte BOUZAT, adjointe au\nsecr\u00e9taire g\u00e9n\u00e9ral pour l'administration du minist\u00e8re de l'Int\u00e9rieur Ouest, pour tout ce qui concerne l'article 1er.\nArt. 4 : D\u00e9l\u00e9gation de signature est en outre donn\u00e9e \u00e0 Charlotte BOUZAT pour :\n- toutes les correspondances et pi\u00e8ces administratives courantes relevant de l'administration du minist\u00e8re de l'Int\u00e9rieur \u00e0 l'exclusion des\ncourriers adress\u00e9s aux \u00e9lus,\n- la signature, au titre du \u00ab  pouvoir adjudicateur \u00bb, dans les limites fix\u00e9es par les d\u00e9crets n\u00b0 2016-360 du 25 mars 2016 relatif aux march\u00e9s\npublics et n\u00b0 2016-361 du 25 mars 2016 relatif aux march\u00e9s publics de d\u00e9fense et de s\u00e9curit\u00e9, de tous march\u00e9s de travaux, de fournitures, ou\nde services, ainsi que tout avenant \u00e0 ces march\u00e9s \u2013 dits \u00ab  formalis\u00e9s \u00bb ou \u00ab adapt\u00e9s \u00bb, pass\u00e9s par le secr\u00e9tariat g\u00e9n\u00e9ral pour l'administration\ndu minist\u00e8re de l'Int\u00e9rieur Ouest, pour son compte ou pour celui des services de police et de gendarmerie,\n- des d\u00e9cisions d'ester en justice,\n- la r\u00e9alisation d'achats par carte achat, dans la limite du plafond autoris\u00e9.\nArt. 5 : D\u00e9l\u00e9gation de signature est donn\u00e9e \u00e0 :\nAlin\u00e9a 1. Au titre du bureau du cabinet :\n1-1 St\u00e9phane PAUL, chef du bureau du cabinet, pour :\n- les correspondances et les actes de gestion li\u00e9s \u00e0 la politique de pr\u00e9vention des risques et de s\u00fbret\u00e9 (ex : permis feux, plan de pr\u00e9vention) ;\n- les correspondances courantes, \u00e0 l'exception de celles adress\u00e9es \u00e0 des \u00e9lus ou \u00e0 une autorit\u00e9 de l'administration centrale ;\n- les accus\u00e9s de r\u00e9ception ;\n- la gestion administrative du personnel du bureau du cabinet (notamment les cong\u00e9s, ordres de missions et \u00e9tats de frais de d\u00e9placement).\n1-2 Sylvie GILBERT, cheffe de la section repr\u00e9sentation, pour :\n- les correspondances courantes, \u00e0 l'exception de celles adress\u00e9es \u00e0 des \u00e9lus ou \u00e0 une autorit\u00e9 de  l'administration centrale,\n- les accus\u00e9s de r\u00e9ception.\nAlin\u00e9a 2. Au titre du bureau du pilotage : \nEve-Marie MOOS LABALME, cheffe du bureau du pilotage, pour :\n- les arr\u00eat\u00e9s portant octroi de la NBI ; \n- les correspondances et les actes de gestion li\u00e9s aux activit\u00e9s et missions du bureau pilotage de l'entit\u00e9 SGAMI Ouest ;\n- les correspondances courantes, \u00e0 l'exception de celles adress\u00e9es \u00e0 des \u00e9lus ou \u00e0 une autorit\u00e9 de l'administration centrale ;\n- les accus\u00e9s de r\u00e9ception ;\n- la gestion administrative du personnel du bureau du pilotage (notamment les cong\u00e9s, ordres de missions et \u00e9tats de frais de d\u00e9placement).\nAlin\u00e9a 3. Au titre du bureau des affaires int\u00e9rieures :\nChristophe SCHOEN, chef du bureau des affaires int\u00e9rieures, pour :\n- les devis, le service fait et les expressions de besoins n'exc\u00e9dant pas 5  000 \u20ac HT se rapportant au budget du SGAMI Ouest (programme\n216) ;\n- les correspondances courantes, \u00e0 l'exception de celles adress\u00e9es \u00e0 des \u00e9lus ou \u00e0 une autorit\u00e9 de l'administration centrale ;\n- les accus\u00e9s de r\u00e9ception ;\n- la gestion administrative du personnel du bureau des affaires int\u00e9rieures. \nEn cas d'absence ou d'emp\u00eachement de Christophe SCHOEN, la d\u00e9l\u00e9gation de signature est donn\u00e9e par ordre de priorit\u00e9 \u00e0 Anne DUBOIS,\nadjointe au chef du bureau des affaires int\u00e9rieures, Christian GOULARD, chef de la section archivage et d\u00e9veloppement durable, Catherine\nLEPORT,  cheffe de la section  d\u00e9placements  temporaires  et  Marie RABIAI,  cheffe de la section  budget,  pour  toutes  les attributions\nmentionn\u00e9es au pr\u00e9sent alin\u00e9a.\nDans le cadre de CHORUS-DT :\n- En qualit\u00e9 de valideur hi\u00e9rarchique, d\u00e9l\u00e9gation est donn\u00e9e \u00e0 Christophe SCHOEN, Anne DUBOIS et Catherine LEPORT pour proc\u00e9der \u00e0 la\nvalidation d\u00e9mat\u00e9rialis\u00e9e des ordres de mission et des \u00e9tats de frais pour tous les agents du SGAMI Ouest relevant des programmes 176 et\n216 ;\n-  En  qualit\u00e9  de  gestionnaire  budg\u00e9taire,  d\u00e9l\u00e9gation  est  donn\u00e9e  \u00e0  Christophe  SCHOEN,  Anne  DUBOIS,  Catherine  LEPORT,  Fabienne\nTRAULLE, C\u00e9line GERMON et Micha\u00ebl CHOCTEAU pour proc\u00e9der \u00e0 la validation des ordres de mission et des \u00e9tats de frais pour tous les\nagents du SGAMI Ouest relevant des programmes 176 et 216, ainsi que pour les agents hors SGAMI Ouest relevant du programme 176 dans\nle cadre de leurs d\u00e9placements relatifs aux missions administratives et m\u00e9dicales;\n- D\u00e9l\u00e9gation est donn\u00e9e \u00e0 B\u00e9atrice BACHY et \u00e0 Eva LAMBIERGE pour proc\u00e9der \u00e0 la validation d\u00e9mat\u00e9rialis\u00e9e des ordres de mission et des\n\u00e9tats de frais de la secr\u00e9taire g\u00e9n\u00e9rale adjointe du SGAMI Ouest ; \n- D\u00e9l\u00e9gation est donn\u00e9e \u00e0 Anne DUBOIS, Catherine LEPORT et Marie RABIAI pour proc\u00e9der au contr\u00f4le, \u00e0 la validation et \u00e0 la comptabilisation\ndu relev\u00e9 d'op\u00e9ration des frais de d\u00e9placement pour les missions des agents du SGAMI Ouest relevant du programme 216, et au contr\u00f4le et \u00e0\nla validation du relev\u00e9 d'op\u00e9ration des frais de d\u00e9placement pour les missions des agents du SGAMI Ouest relevant du programme 176.\nEn ce qui concerne l'utilisation de la carte achat, d\u00e9l\u00e9gation est donn\u00e9e \u00e0 Samuel ANDRAUD,  Jean-Yves ARLOT, Albane AUBRUN, Yves\nBOBINET,  Jean-Jacques  CORBEL,  Anne  DUBOIS,  Catherine  DUVAL,  Eric  ESPINASSE,  Thierry  FAUCHE,  S\u00e9bastien  GASTON,  C\u00e9line\nGERMON, Ga\u00eblle HERVE, Fr\u00e9d\u00e9ric HERBELET, Bernard LE CLECH, Yanne LE PORS, Fran\u00e7ois LEREVEREND, Jean-Yves LE PROVOST,\nJean-Pierre LEBAS, Cyril MATTIAZZI, Alain MESSAGER, Jean-Louis MESSINET, S\u00e9bastien MULOT, Pascal RAOULT, Christophe SCHOEN,\nFr\u00e9d\u00e9ric STARY, Arnaud THOMAS, David GEOFFRE, Gwena\u00ebl POULOUIN, Audrey PRODHOMME et Bruno THOMAS pour effectuer des\nachats avec ce moyen de paiement, dans la limite du plafond qui leur est autoris\u00e9.\nPour les demandes d'achat sur Chorus formulaire, en ce qui concerne la gestion du budget de l'UO SGAMI Ouest \u2013 Programme 216 :\n- D\u00e9l\u00e9gation de signature est donn\u00e9e \u00e0 C\u00e9cile DESGUERETS, Anne DUBOIS  , St\u00e9phanie LEROY et Marie RABIAI pour la validation des\ndemandes d'achat imput\u00e9es sur le centre de co\u00fbt SGA du budget de l'UO SGAMI Ouest \u2013 Programme 216 ;\n- D\u00e9l\u00e9gation de signature est donn\u00e9e \u00e0 C\u00e9cile DESGUERETS, Anne DUBOIS  , St\u00e9phanie LEROY et Marie RABIAI pour la constatation du\nservice fait des commandes imput\u00e9es sur le centre de co\u00fbt SGA du budget de l'UO SGAMI Ouest  \u2013 Programme 216 pour les achats\nconcernant le bureau des affaires int\u00e9rieures. \nArt. 6 : D\u00e9l\u00e9gation de signature est donn\u00e9e \u00e0 Catherine DUVAL, directrice des ressources humaines jusqu'au 30 juillet 2023, pour :\n- les correspondances courantes, \u00e0 l'exception de celles adress\u00e9es \u00e0 des \u00e9lus ;\n- les accus\u00e9s de r\u00e9ception ;\n- les arr\u00eat\u00e9s et documents relatifs \u00e0 la gestion administrative des personnels et \u00e0 la gestion des ressources humaines relevant du secr\u00e9tariat\ng\u00e9n\u00e9ral pour l'administration du minist\u00e8re de l'Int\u00e9rieur Ouest ;\n- les actes, arr\u00eat\u00e9s, d\u00e9cisions ou documents relatifs \u00e0 la gestion administrative des personnels de la police nationale ainsi que tous actes,\narr\u00eat\u00e9s, d\u00e9cisions ou documents relatifs \u00e0 la gestion des personnes et des moyens des services de police ;\n- les contrats d'apprentissage pour les personnels relevant de la police ;\n- les arr\u00eat\u00e9s portant octroi de cong\u00e9s de maladie, de temps partiel th\u00e9rapeutique et de mise en disponibilit\u00e9 d'office pour raison m\u00e9dicale ;\n- les arr\u00eat\u00e9s portant reconnaissance de l'imputabilit\u00e9 au service des accidents et maladies professionnelles sauf en cas d'avis divergents ou\nd\u00e9favorables ;\n- les attestations de l'employeur et relev\u00e9s destin\u00e9s aux personnels ou aux organismes sociaux et bancaires (s\u00e9curit\u00e9 sociale, instituts de\nretraite compl\u00e9mentaire, caisses de pr\u00eats, etc.) ;\n-  la  gestion  administrative  de  la  direction  des  ressources  humaines  (notamment  les  cong\u00e9s,  ordres  de  missions  et  \u00e9tats  de  frais  de\nd\u00e9placement) ;\n- les devis et expressions de besoins et conventions de r\u00e9servation des salles pour les examens et concours ; \n- les conventions avec les organismes de formation ;\n- les \u00e9tats liquidatifs de traitements, salaires, prestations familiales.\nS'agissant de CHORUS-DT, d\u00e9l\u00e9gation de signature est donn\u00e9e \u00e0 Catherine DUVAL pour la gestion des frais de transport, d'h\u00e9bergement et de\nrestauration li\u00e9s \u00e0 la formation.\nEn cas d'absence ou d'emp\u00eachement de Catherine DUVAL, d\u00e9l\u00e9gation de signature est donn\u00e9e \u00e0 M\u00e9lanie ROQUES, adjointe \u00e0 la directrice\ndes ressources humaines pour tout ce qui concerne le pr\u00e9sent article.\n\u00c0 compter du 31 juillet 2023, Mme M\u00e9lanie ROQUES, adjointe \u00e0 la directrice des ressources humaines assurera les fonctions de directrice des\nressources humaines, par int\u00e9rim, d\u00e9l\u00e9gation lui sera donn\u00e9e pour tout ce qui concerne le pr\u00e9sent article.\nArt. 7 : D\u00e9l\u00e9gation de signature est donn\u00e9e \u00e0 :\n- Laurence PUIL, cheffe du bureau zonal des personnels administratifs, techniques et scientifiques,\n- Ruddy NOBLET, chef du bureau zonal des personnels actifs, policiers adjoints et de la r\u00e9serve, \n- Aur\u00e9lie GALDIN-ESPAIGNET, cheffe du p\u00f4le d'expertise et de services,\n- Sophie BOUDOT, cheffe du bureau zonal des affaires m\u00e9dicales,\n- S\u00e9bastien GASTON, chef du bureau zonal du recrutement,\npour :\n- les correspondances courantes, \u00e0 l'exception de celles adress\u00e9es \u00e0 des \u00e9lus ou \u00e0 une autorit\u00e9 de l'administration centrale et des actes faisant\ngrief,\n- les d\u00e9cisions prises dans le cadre de l'organisation des concours,\n- les copies, extraits de documents, accus\u00e9s de r\u00e9ception,\n- la gestion administrative de leur bureau (notamment les cong\u00e9s) ,\n- les \u00e9tats liquidatifs des traitements, salaires, prestations sociales et familiales, vacations et frais de mission et de d\u00e9placement dus aux\npersonnels r\u00e9mun\u00e9r\u00e9s sur le budget de l'\u00c9tat et g\u00e9r\u00e9s par le secr\u00e9tariat g\u00e9n\u00e9ral pour l'administration du minist\u00e8re de l'Int\u00e9rieur, ou \u00e0 leurs\nayants-droits,\n- les attestations de l'employeur et relev\u00e9s destin\u00e9s au personnel ou aux organismes sociaux et bancaires (s\u00e9curit\u00e9 sociale, instituts de retraite\ncompl\u00e9mentaire, caisse de pr\u00eats, etc.),\n- les liquidations et visas des factures relatives \u00e0 la prise en charge par l'administration, \u00e0 la suite d'un accident reconnu imputable au service ou\nd'une maladie, de tout agent relevant de la comp\u00e9tence du bureau zonal des affaires m\u00e9dicales.\nD\u00e9l\u00e9gation de signature est en outre donn\u00e9e \u00e0 S\u00e9bastien GASTON, chef du bureau zonal du recrutement, pour :\n- les devis et expressions  de besoins  n'exc\u00e9dant  pas 5  000 \u20ac HT se rapportant  \u00e0 l'unit\u00e9 op\u00e9rationnelle (UO) SGAMI Ouest,  concernant\nsp\u00e9cifiquement les d\u00e9penses en lien avec la logistique des recrutements.\n- les conventions pass\u00e9es entre le pr\u00e9fet d\u00e9l\u00e9gu\u00e9 \u00e0 la d\u00e9fense et \u00e0 la s\u00e9curit\u00e9 Ouest et les psychologues vacataires intervenant dans le cadre\ndes recrutements organis\u00e9s par le bureau zonal du recrutement.\nS'agissant de CHORUS-DT, d\u00e9l\u00e9gation de signature est donn\u00e9e \u00e0 S\u00e9bastien GASTON, chef du bureau zonal du recrutement, pour la validation\ndes ordres de mission et des \u00e9tats de frais de d\u00e9placement.\nD\u00e9l\u00e9gation de signature est en outre donn\u00e9e \u00e0 Ruddy NOBLET, chef du bureau zonal des personnels actifs, des policiers adjoints et de la\nr\u00e9serve, pour :\n- les contrats d'engagement et avenants des policiers adjoints et les contrats d'engagement et les avenants de contrats d'engagement \u00e0 servir\ndans la r\u00e9serve op\u00e9rationnelle de la police nationale.\n- la validation des ordres de missions et des \u00e9tats de frais de d\u00e9placement sur CHORUS-DT.\nD\u00e9l\u00e9gation de signature est en outre donn\u00e9e \u00e0 Sophie BOUDOT, cheffe du bureau zonal des affaires m\u00e9dicales pour :\n- les arr\u00eat\u00e9s portant octroi de cong\u00e9 de maladie  (cong\u00e9 maladie ordinaire, cong\u00e9 longue maladie et cong\u00e9 longue dur\u00e9e), de temps partiel\nth\u00e9rapeutique, de mise en disponibilit\u00e9 d'office pour raison de sant\u00e9.\nD\u00e9l\u00e9gation de signature est donn\u00e9e \u00e0 Xavier GUIOVANNA, adjoint \u00e0 la cheffe du bureau zonal des personnels administratifs, techniques et\nscientifiques pour :\n- les correspondances courantes \u00e0 l'exception de : \n\u2013 celles adress\u00e9es \u00e0 des \u00e9lus ou \u00e0 une autorit\u00e9 de l'administration centrale,\n\u2013 des actes faisant grief,\n\u2013 les convocations \u00e0 toutes r\u00e9unions et toutes instances,\n- les cong\u00e9s pour les agents plac\u00e9s sous son autorit\u00e9,\n- les attestations de l'employeur et relev\u00e9s destin\u00e9s au personnel et aux organismes sociaux et bancaires (s\u00e9curit\u00e9 sociale, instituts de retraite\ncompl\u00e9mentaire, caisse de pr\u00eats, etc.).\nD\u00e9l\u00e9gation de signature est donn\u00e9e \u00e0 Nad\u00e8ge BENNOIN, adjointe au chef du bureau des personnels actifs, des policiers adjoints et de la\nr\u00e9serve pour les bordereaux de transmission relatifs aux contrats de la r\u00e9serve op\u00e9rationnelle et aux \u00e9tats de service fait de la r\u00e9serve\nop\u00e9rationnelle.\nArt. 8  : En cas d'absence ou d'emp\u00eachement, la d\u00e9l\u00e9gation consentie par l'article 7 aux chefs de bureau de la direction des ressources\nhumaines, \u00e0 l'exception de celle sp\u00e9cifique donn\u00e9e \u00e0 S\u00e9bastien GASTON, est exerc\u00e9e par :\n- Xavier GUIOVANNA, adjoint \u00e0 la cheffe du bureau zonal des personnels administratifs, techniques et scientifiques,\n- Olivier GIL, adjoint \u00e0 la cheffe du bureau zonal des personnels administratifs, techniques et scientifiques,\n- Marc LAROYE, adjoint \u00e0 la cheffe du p\u00f4le d'expertise et de services,\n- Philippe FROIDEFOND, adjoint \u00e0 la cheffe du bureau zonal des affaires m\u00e9dicales.\nEn cas d'absence ou d'emp\u00eachement, la d\u00e9l\u00e9gation de signature consentie \u00e0 S\u00e9bastien GASTON est exerc\u00e9e par Philippe DAGOBERT et\nPierre-Marie DURAND, adjoints au chef du bureau zonal du recrutement.\nPour le p\u00f4le d'expertise et de services, en cas d'absence ou d'emp\u00eachement de la cheffe de bureau et de son adjoint, la d\u00e9l\u00e9gation consentie\nau chef de bureau par l'article 7 est exerc\u00e9e, par :\n- Miguy PAYET LECERF, charg\u00e9e de mission contr\u00f4le interne et dossiers transversaux.\nEst donn\u00e9e d\u00e9l\u00e9gation de signature \u00e0 Fran\u00e7oise FRISCOURT, Chantal SIGNARBIEUX et Ang\u00e9lique BERNUS, du bureau zonal des affaires\nm\u00e9dicales, pour les liquidations et visas des factures relatives \u00e0 la prise en charge par l'administration, \u00e0 la suite d'un accident reconnu\nimputable au service ou d'une maladie, de tout agent relevant de la comp\u00e9tence du bureau des affaires m\u00e9dicales.\nPour les \u00e9tats liquidatifs de traitements et salaires (RIB, \u00e9tat des \u00e9moluments, attestations de traitement), la d\u00e9l\u00e9gation de signature est donn\u00e9e\n\u00e0 :\n- Nicole VAUTRIN et Marion ANCELIN , cheffes des sections \u00ab Paie des personnels actifs \u00bb, \n- Ad\u00e9la\u00efde DEGRAIDE et Yann AMESTOY, chefs de section \u00ab Paie des personnels PATSSOE \u00bb,\n- Emmanuel RATEL, chef de la section \u00ab Transverse \u00bb.\nEn cas d'absence ou d'emp\u00eachement, la d\u00e9l\u00e9gation consentie \u00e0 Emmanuel RATEL est exerc\u00e9e par Bernadette LE PRIOL, adjointe au chef de\nla section \u00ab Transverse \u00bb.\nPour les \u00e9tats liquidatifs et correspondances relatifs \u00e0 l'avantage sp\u00e9cifique d'anciennet\u00e9 (ASA), la d\u00e9l\u00e9gation de signature est donn\u00e9e \u00e0 :\n- Ruddy NOBLET, chef du bureau zonal des personnels actifs, policiers adjoints et de la r\u00e9serve,\n- Laurence PERDEREAU, cheffe de section des personnels actifs,\n- Manuela FRETAY, adjointe \u00e0 la cheffe de section des personnels actifs.\nD\u00e9l\u00e9gation de signature est donn\u00e9e \u00e0 Olivier GIL pour les correspondances courantes, les accus\u00e9s de r\u00e9ception et visas de demandes de\nformation des personnels du SGAMI Ouest.\nS'agissant de CHORUS-DT, d\u00e9l\u00e9gation de signature est donn\u00e9e \u00e0 :\n-S\u00e9bastien GASTON, chef du bureau zonal du recrutement, pour la validation des ordres de mission et des \u00e9tats de frais de d\u00e9placement.\n- Laurence PUIL, cheffe du bureau zonal des personnels administratifs, techniques et scientifiques, et \u00e0 Olivier GIL, adjoint \u00e0 la cheffe du\nbureau des personnels administratifs, techniques et scientifiques, pour la gestion du budget formation, pour la validation des ordres de mission\net des \u00e9tats de frais de d\u00e9placement.\nPour les demandes d'achat sur Chorus formulaire, en ce qui concerne la gestion du budget de l'UO SGAMI Ouest \u2013 Programme 216 :\n- D\u00e9l\u00e9gation de signature est donn\u00e9e \u00e0 M\u00e9lanie ROQUES, Olivier GIL, Laurence PUIL, Christine RAVIER, Sylvie TOUSSAINT et Fran\u00e7oise\nFRISCOURT pour la validation des demandes d'achat imput\u00e9es sur le centre de co\u00fbt SGA du budget de l'UO SGAMI Ouest \u2013 Programme\n216 concernant la direction des ressources humaines ; \n- D\u00e9l\u00e9gation de signature est donn\u00e9e \u00e0 M\u00e9lanie ROQUES, Olivier GIL, Laurence PUIL, Christine RAVIER, Sylvie TOUSSAINT et Fran\u00e7oise\nFRISCOURT pour  la constatation du service fait des commandes imput\u00e9es sur le centre de co\u00fbt SGA du budget de l'UO SGAMI Ouest \u2013\nProgramme 216 pour les achats concernant la direction des ressources humaines.\nArt. 9 : D\u00e9l\u00e9gation de signature est donn\u00e9e \u00e0 Ga\u00eblle HERVE, directrice de l'administration g\u00e9n\u00e9rale et des finances, pour :\n- les correspondances courantes, \u00e0 l'exception de celles adress\u00e9es \u00e0 des \u00e9lus,\n- les accus\u00e9s de r\u00e9ception,\n- la gestion administrative de la direction de l'administration g\u00e9n\u00e9rale et des finances (notamment les cong\u00e9s, ordres de missions et \u00e9tats de\nfrais de d\u00e9placement),\n- toute demande d'assistance juridique pr\u00e9sent\u00e9e par des fonctionnaires ou leurs ayants droits victimes de menaces, de violence, de voies de\nfait, d'injures, de diffamations ou d'outrages, \u00e0 l'exception de celles mettant en cause les fonctionnaires de police ainsi que les d\u00e9cisions\nrefusant l'octroi de la protection fonctionnelle,\n- les actes pr\u00e9paratoires au r\u00e8glement amiable des affaires en r\u00e9paration civile de l'\u00c9tat, \u00e0 l'exclusion des d\u00e9cisions sup\u00e9rieures \u00e0 10 000 \u20ac HT,\n- en mati\u00e8re d'indemnisation des personnels de la police nationale et de la gendarmerie nationale victimes de dommages volontaires ou\naccidentels lors de leurs missions ou du fait de leur qualit\u00e9 pour tout r\u00e8glement inf\u00e9rieur \u00e0 10 000 \u20ac HT,\n- les services d'ordre indemnis\u00e9 police ,\n- les d\u00e9clarations de sous-traitants pour les proc\u00e9dures relatives aux fournitures et services,\n- les lettres d'informations aux prestataires non retenus dans le cadre des proc\u00e9dures de march\u00e9s publics, d\u00e9coulant des d\u00e9cisions d'attribution\nsign\u00e9es par le repr\u00e9sentant du pouvoir adjudicateur,\n- les modifications contractuelles de proc\u00e9dures de commande publique li\u00e9es \u00e0 des ajouts ou suppressions de site,\n- les modifications contractuelles de proc\u00e9dures de commande publique ayant une incidence financi\u00e8re inf\u00e9rieure \u00e0 40 000  \u20ac HT et n'exc\u00e9dant\npas 10 % du montant total du march\u00e9 pour ceux de fournitures et services et 15 % du montant total du march\u00e9 pour ceux de travaux. \nD\u00e9l\u00e9gation de signature est consentie \u00e0 Ga\u00eblle HERVE, en tant qu'ordonnatrice secondaire agissant pour le compte des services prescripteurs,\npour :\n- les proc\u00e9dures relatives aux fournitures et services inf\u00e9rieures ou \u00e9gales \u00e0 100 000 \u20ac HT et l'ensemble des modifications associ\u00e9es, \n- la validation des expressions de besoins et la constatation des services faits dans la limite de \n70 000 \u20ac HT se rapportant \u00e0 l'unit\u00e9 op\u00e9rationnelle (UO) des d\u00e9penses mutualis\u00e9es des services de police \u00e0 l'exception de ceux \u00e0 la sensibilit\u00e9\nstrat\u00e9gique particuli\u00e8re,\n- les engagements juridiques n'exc\u00e9dant pas 70 000 \u20ac HT \u00e0 l'exception de ceux \u00e0 la sensibilit\u00e9 strat\u00e9gique particuli\u00e8re,\n- l'ex\u00e9cution des op\u00e9rations de d\u00e9penses,\n- les devis et expressions  de besoins  n'exc\u00e9dant  pas 5  000 \u20ac HT se rapportant  \u00e0 l'unit\u00e9 op\u00e9rationnelle (UO) SGAMI Ouest,  concernant\nsp\u00e9cifiquement les d\u00e9penses en lien avec les affaires g\u00e9n\u00e9rales,\n- les actes pr\u00e9paratoires \u00e0 l'ex\u00e9cution des titres de perception \u00e0 partir de 3 000 \u20ac HT,\n- les d\u00e9cisions rendant ex\u00e9cutoires les titres de perception,\n- les admissions en non-valeur relatives aux cr\u00e9ances irr\u00e9couvrables,\n- les ordres de paiement relatif aux baux et au remboursement du tr\u00e9sorier militaire,\n- les documents relatifs aux inventaires et aux immobilisations.\nEn cas d'absence et d'emp\u00eachement de Ga\u00eblle HERVE, d\u00e9l\u00e9gation de signature est donn\u00e9e \u00e0 Alane LE DE, adjointe \u00e0 la directrice de\nl'administration g\u00e9n\u00e9rale et des finances, pour tout ce qui concerne le pr\u00e9sent article.\nArt. 10 : D\u00e9l\u00e9gation de signature est donn\u00e9e \u00e0 :\n- Sophie AUFFRET, cheffe du bureau zonal des budgets,\n- J\u00e9r\u00f4me LIEUREY, chef du bureau zonal des achats et des march\u00e9s publics,\n- Sylvie COUDRAIS-TARDIVEL, cheffe du centre de service partag\u00e9 CHORUS (CSP) depuis le 1er juillet 2023,\n- G\u00e9rard CHAPALAIN, chef du bureau des affaires juridiques.\npour :\n-  les correspondances courantes, \u00e0 l'exception de celles adress\u00e9es \u00e0 des \u00e9lus ou \u00e0 une autorit\u00e9 de l'administration centrale et des actes faisant\ngrief,\n-  les accus\u00e9s de r\u00e9ception,\n- les cong\u00e9s du personnel et la gestion administrative des agents (t\u00e9l\u00e9travail, mobilit\u00e9\u2026),\n- les ordres  de mission, certification des  \u00e9tats  d\u00e9claratifs  de frais de d\u00e9placement  des  personnels  de leur bureau notamment  via l'outil\nd\u00e9mat\u00e9rialis\u00e9 CHORUS DT. \nEn cas d'absence ou d'emp\u00eachement, la d\u00e9l\u00e9gation consentie ci-dessus aux chefs de bureau de la\ndirection de l'administration g\u00e9n\u00e9rale et des finances, est exerc\u00e9e par :\n\u2022 Ludivine CAPITAINE adjointe \u00e0 la cheffe du bureau zonal des budgets,\n\u2022 Gr\u00e9gory ROUET, adjoint du chef du bureau zonal des achats et des march\u00e9s publics,\n\u2022 Karine TILLIER, adjointe \u00e0 la cheffe du CSP CHORUS, responsable de la section d\u00e9penses courantes  et recettes,\n\u2022 Yann MASSOT, adjoint au chef du bureau des affaires juridiques.\nArt. 11 : Dans le cadre de ses attributions, d\u00e9l\u00e9gation de signature est donn\u00e9e \u00e0 Sophie AUFFRET, cheffe du bureau zonal des budgets pour :\n- la facturation des services d'ordre indemnis\u00e9 et des contributions et p\u00e9nalit\u00e9s dues par les abonn\u00e9s aux alarmes de police et par les soci\u00e9t\u00e9s\nde surveillance,\n- la liquidation des frais de changement de r\u00e9sidence des agents du secr\u00e9tariat g\u00e9n\u00e9ral pour l'administration du minist\u00e8re de l'Int\u00e9rieur Ouest,\ndes services de police et des personnels administratifs de la gendarmerie.\nEn cas d'absence de Sophie AUFFRET, d\u00e9l\u00e9gation de signature est donn\u00e9e \u00e0 Ludivine CAPITAINE, adjointe \u00e0 la cheffe du bureau zonal des\nbudgets, pour toutes les pi\u00e8ces susvis\u00e9es .\nPour la saisie dans l'outil Chorus formulaire, en ce qui concerne les cr\u00e9dits des budgets d\u00e9concentr\u00e9s des UO 0216-CSGA-DOUE, 0176-\nCCSC-DM35 et 0303-CLII-DOUE dont le pr\u00e9fet de zone est responsable : \nD\u00e9l\u00e9gation de signature est donn\u00e9e \u00e0 Ludivine CAPITAINE, Julien SCHMITT, Bryan ALVES et Gwena\u00eblle LE GUERN, pour la saisie des\ndemandes d'achat et pour la constatation des services fait des d\u00e9penses imput\u00e9es sur les centres de co\u00fbt d\u00e9di\u00e9s \u00e0 ces UO zonales. \nArt. 12 : Dans le cadre de ses attributions, d\u00e9l\u00e9gation de signature est donn\u00e9e \u00e0 J\u00e9r\u00f4me LIEUREY, chef du bureau zonal des achats et des\nmarch\u00e9s publics, pour :\n- les certificats et visas de pi\u00e8ces et documents relatifs \u00e0 la pr\u00e9paration, \u00e0 l'ex\u00e9cution et au suivi des march\u00e9s publics ou aux avenants \u00e0 ces\nmarch\u00e9s par le bureau zonal des achats et march\u00e9s publics.\nEn cas d'absence de J\u00e9r\u00f4me LIEUREY, d\u00e9l\u00e9gation de signature est donn\u00e9e \u00e0 Gr\u00e9gory ROUET, adjoint, Annie BARBOTIN, cheffe de la section\n\u00ab Travaux \u00bb et Nathalie TH\u00c9BAULT, cheffe de la section \u00ab Fournitures courantes et services \u00bb pour toutes les pi\u00e8ces susvis\u00e9es.\nArt. 13 : Dans le cadre de ses attributions, d\u00e9l\u00e9gation de signature est donn\u00e9e \u00e0 G\u00e9rard CHAPALAIN, chef du bureau des affaires juridiques,\npour :\n- toute demande d'assistance juridique pr\u00e9sent\u00e9e par des fonctionnaires ou leurs ayants droit victimes de menaces, de violence, de voies de\nfait, d'injures, de diffamations ou d'outrages, \u00e0 l'exception de celles pr\u00e9sentant un caract\u00e8re particuli\u00e8rement sensible, mettant en cause les\nfonctionnaires de police, ainsi que les d\u00e9cisions refusant l'octroi de la protection fonctionnelle,\n- les conventions d'honoraires avec les avocats charg\u00e9s de la d\u00e9fense des int\u00e9r\u00eats des personnels de police b\u00e9n\u00e9ficiant de la protection\nfonctionnelle de l'\u00c9tat,\n- les actes pr\u00e9paratoires au r\u00e8glement amiable des affaires en r\u00e9paration civile de l'\u00c9tat, \u00e0 l'exclusion de ceux dont le montant est sup\u00e9rieur \u00e0\n5 000 \u20ac HT,\n- en mati\u00e8re d'indemnisation des personnels de la police nationale et de la gendarmerie nationale victimes de dommages volontaires ou\naccidentels lors de leurs missions ou du fait de leur qualit\u00e9, pour tout r\u00e8glement inf\u00e9rieur \u00e0 5 000 \u20ac HT,\n- les actes pr\u00e9alables \u00e0 l'\u00e9mission des titres de perception en Vue du recouvrement des cr\u00e9ances d\u00e9tenues par l'\u00c9tat \u00e0 l'\u00e9gard de tiers\nresponsables de dommages caus\u00e9s aux personnels ou aux biens de la police nationale et de la gendarmerie nationale, les demandes de\nr\u00e9duction ou d'annulation de titres de perception, ainsi que les r\u00e9ponses aux r\u00e9clamations,\n- les courriers d'information sur la nature et le montant des cr\u00e9ances de l'\u00c9tat \u00e0 destination notamment des compagnies d'assurances, de\nl'agent judiciaire de l'\u00c9tat et des juridictions judiciaires.\nEn cas d'absence de G\u00e9rard CHAPALAIN, d\u00e9l\u00e9gation de signature est donn\u00e9e \u00e0 Yann MASSOT, adjoint au chef du bureau des affaires\njuridiques, pour toutes les pi\u00e8ces susvis\u00e9es.\nD\u00e9l\u00e9gation de signature est donn\u00e9e \u00e0 :\n- Laurence CHABOT, Isabelle DAVID, Vincent DELMAS, Martin DILLARD, Marie-H\u00e9l\u00e8ne GOURIOU, Yann KERMABON, Katel LE  FLOCH,\nSophie LESECHE, Katia MOALIC, Nathalie SCHNEIDER, C\u00e9cilia RIVET, Morgane THOMAS et Ursula URVOY pour  les demandes de pi\u00e8ces\nou d'information.\nD\u00e9l\u00e9gation  est  donn\u00e9e  \u00e0 G\u00e9rard CHAPALAIN,  Yann  MASSOT  et  \u00e0 Nathalie  SCHNEIDER  pour  la validation,  dans  l'application  Chorus\nFormulaires, des demandes d'achat sur les cr\u00e9dits contentieux (programme 216) et des demandes d'\u00e9mission de titres de perception dans le\ncadre des actions en recouvrement initi\u00e9es par le bureau des affaires juridiques.\nArt. 14 : \n1 \u2013 Au titre des programmes dont les cr\u00e9dits sont d\u00e9l\u00e9gu\u00e9s au SGAMI Ouest, d\u00e9l\u00e9gation de signature, en tant qu'ordonnateur secondaire, est\ndonn\u00e9e pour la validation \u00e9lectronique de l'engagement juridique, de la certification du service fait, des demandes de paiement, des ordres de\npayer et des ordres de recette dans le progiciel comptable int\u00e9gr\u00e9 CHORUS \u00e0 Sylvie COUDRAIS-TARDIVEL, cheffe du CSP CHORUS. \nCette derni\u00e8re peut subd\u00e9l\u00e9guer la d\u00e9l\u00e9gation de signature qui lui est consentie au pr\u00e9sent paragraphe. Copie de cette d\u00e9cision est adress\u00e9e\nau pr\u00e9fet d\u00e9l\u00e9gu\u00e9 pour la d\u00e9fense et la s\u00e9curit\u00e9 aupr\u00e8s du pr\u00e9fet de la zone de d\u00e9fense et de s\u00e9curit\u00e9 Ouest, Pr\u00e9fet de la r\u00e9gion Bretagne,\npr\u00e9fet d'Ille-et-Vilaine, et aux comptables assignataires concern\u00e9s. Elle est publi\u00e9e dans les m\u00eames conditions que le pr\u00e9sent arr\u00eat\u00e9.\n2 \u2013 D\u00e9l\u00e9gation de signature est donn\u00e9e \u00e0 Sylvie COUDRAIS-TARDIVEL, en tant qu'ordonnateur secondaire agissant pour le compte des\nservices prescripteurs, pour :\n- les engagements juridiques n'exc\u00e9dant pas 70 000  \u20ac HT, \u00e0 l'exception de ceux \u00e0 la sensibilit\u00e9 strat\u00e9gique particuli\u00e8re,\n- l'ex\u00e9cution des op\u00e9rations de d\u00e9penses,\n- les d\u00e9cisions rendant ex\u00e9cutoires les titres de perception n'exc\u00e9dant pas 70 000 \u20ac HT \u00e0 l'exception  de  ceux  \u00e0  la  sensibilit\u00e9  strat\u00e9gique\nparticuli\u00e8re,\n- les admissions en non-valeur relatives aux cr\u00e9ances irr\u00e9couvrables,\n- les documents relatifs aux inventaires et aux immobilisations, et la gestion comptable des immobilisations dans chorus, \n- les ordres de paiement relatifs aux baux et au remboursement du tr\u00e9sorier militaire,\n- les certificats et visas de pi\u00e8ces et documents relatifs \u00e0 la gestion des cartes achat.\nEn cas d'absence ou d'emp\u00eachement, pour toutes les pi\u00e8ces susvis\u00e9es, la d\u00e9l\u00e9gation consentie est exerc\u00e9e par :\n- Karine TILLIER, adjointe \u00e0 la cheffe du CSP CHORUS, cheffe de la section d\u00e9penses courantes et recettes,\n- Tassadit AREZKI, cheffe de la section audit et contr\u00f4le, \n- Emmanuel MAY, major, adjoint \u00e0 la cheffe de la section d\u00e9penses courantes et recettes,\n- Alan GAIGNON et Marie MENARD, adjudante, chefs de p\u00f4le au sein de la section d\u00e9penses  b\u00e2timentaires.\nPour les engagements juridiques n'exc\u00e9dant pas 20 000 \u20ac HT par :\nSt\u00e9phanie BIDAULT, R\u00e9mi BOUCHERON, major, Isabelle CHERRIER, Sarah CONTRAIRE,  Carole DANIELOU, Val\u00e9rie GAC, adjudante,\nAlexandre GAILLOT,  adjudant  (\u00e0 compter  du 1er  ao\u00fbt),  M\u00e9lanie GRILLI,  mar\u00e9chale  des  Logis-chef,  Marie-Anne GUENEUGUES,  Laure\nLEBRUN, mar\u00e9chale des logis-chef (\u00e0 compter du 1er ao\u00fbt), Corentin LEMONNIER, Fauzia LODS, No\u00e9mie MAJCHRZYK, Loic POMMIER,\nadjudant-chef, Claire REPESSE, Elodie ROUAUD, mar\u00e9chale des logis-chef, V\u00e9ronique TOUCHARD, adjudante-cheffe et Sophie TREHEL,\nadjudante.\nPour les engagements juridiques n'exc\u00e9dant pas 2 000 \u20ac HT : \nCyril  AVELINE,  Manon  BAJEUX,  Line  BAUDIER  (LEGROS),  Olivier  BENETEAU,  Ghislaine  BENTAYEB,  B\u00e9n\u00e9dicte  BOISSY,  Nathalie\nBOUEXEL, Igor BRIZARD, Jean-Michel CHEVALLIER, Anne-Lise CADOT, Laurence CRESPIN (LEFORT), Melinda DISSERBO, Fabienne DO-\nNASCIMENTO, Aur\u00e9lie EIGELDINGER (PELLIEUX), David FUMAT, Karelle GARANDEL, Pascal GAUTIER, S\u00e9bastien GIRAULT, Jean-Michel\nGUERIN, Isabelle HOCHET, Christophe JANVIER, Laure KERAMBRUN, H\u00e9l\u00e8na MARSAULT, R\u00e9gine PAIS, Philippe ROUX, Emmanuelle\nSALAUN, Sylvie SALM, Colette SOUFFOY, St\u00e9phanie TIZON et Oph\u00e9lie TRIGALLEZ .\nPour les titres de recettes n'exc\u00e9dant pas 20  000 \u20ac HT \u00e0 Marie-Anne GUENEUGUES  , Alexandre GAILLOT, adjudant (\u00e0 compter du 1er ao\u00fbt\n2023), Lo\u00efc POMMIER, adjudant-chef, et No\u00e9mie MAJCHRZYK.\nPour les titres de recettes n'exc\u00e9dant pas 2 000 \u20ac HT \u00e0 Guillaume CAIGNET et Franck EVEN.\nPour les certificats et visas de pi\u00e8ces  et  documents  relatifs \u00e0 la gestion des cartes  achats,  d\u00e9l\u00e9gation est consentie,  en sa qualit\u00e9 de\nresponsable du programme carte achat \u00e0 Lo\u00efc POMMIER, adjudant-chef, et en cas d'absence ou d'emp\u00eachement \u00e0 R\u00e9mi BOUCHERON,\nmajor.\nArt. 15 : D\u00e9l\u00e9gation de signature est donn\u00e9e \u00e0 Jean-Michel HERMANT, directeur de l'immobilier, pour les documents concernant :\n- la gestion administrative de la direction de l'immobilier (notamment les ordres de missions, cong\u00e9s et \u00e9tats de frais de d\u00e9placement),\n- les expressions de besoin, les ordres de services, les demandes d'achat et les devis inf\u00e9rieurs ou \u00e9gaux \u00e0 :\n40 000 \u20ac HT avec un rel\u00e8vement temporaire \u00e0 70  000 \u20ac HT jusqu'au 31 d\u00e9cembre 2024, pour les travaux dans le cadre de l'article 142 de la loi\nn\u00b02020-1525 du 7 d\u00e9cembre 2020 et du d\u00e9cret n\u00b02022-1683 du 28 d\u00e9cembre 2022 portant diverses modifications du Code de la commande\npublique,\n- les rapports d'analyse des offres,\n- les d\u00e9clarations de sous-traitants,\n- les ordres de service de d\u00e9marrage des p\u00e9riodes de pr\u00e9paration ou d'ex\u00e9cution des march\u00e9s,\n- les ordres de service de prolongation de d\u00e9lais et de suspension de travaux,\n- les bons de livraison de fournitures,\n- les proc\u00e8s verbaux d'admission de prestations intellectuelles,\n- les proc\u00e8s verbaux relatifs \u00e0 la r\u00e9ception des march\u00e9s de travaux,\n- les exemplaires uniques,\n- les certificats de cessibilit\u00e9,\n- les d\u00e9comptes g\u00e9n\u00e9raux d\u00e9finitifs,\n- les  correspondances  adress\u00e9es  aux  bailleurs  des  immeubles  de  la police  nationale,  y compris  les  lettres  de r\u00e9siliation  des  baux  de\nconcessions de logement par n\u00e9cessit\u00e9 absolue de service, ainsi que les \u00e9tats de lieux d'entr\u00e9e et de sortie des concessions de logement\ndomanial,\n- les documents dans le cadre de l'instruction des autorisations d'urbanisme (permis de construire, les d\u00e9clarations pr\u00e9alables, les autorisations\nde modifications des ERP\u2026),\n- les correspondances adress\u00e9es aux services techniques des collectivit\u00e9s dans le cadre de l'instruction des autorisations administratives\n(permis de construire, d\u00e9clarations pr\u00e9alables\u2026),\n- les correspondances adress\u00e9es aux chefs de services de police et de gendarmerie dans le cadre de la conduite des dossiers immobiliers\n(expression des besoins, validation des \u00e9tudes de conception\u2026),\n- les correspondances adress\u00e9es aux services de l'\u00c9tat (DEPAFI, DRCPN, DGGN, Pr\u00e9fectures, lorsque ces correspondances concernent la\nconduite des op\u00e9rations immobili\u00e8res\u2026),\n- les correspondances adress\u00e9es aux entreprises, y compris les appels en garantie l\u00e9gale ou contractuelle.\nEn cas d'absence ou d'emp\u00eachement de Jean-Michel HERMANT, d\u00e9l\u00e9gation de signature est donn\u00e9e \u00e0 Morgane MANSET-DEMANCHE,\nadjointe au directeur de l'immobilier, pour tout ce qui concerne le pr\u00e9sent article.\nArt. 16 : D\u00e9l\u00e9gation de signature est donn\u00e9e \u00e0 S\u00e9bastien LEULLIETTE, adjoint au chef du bureau de la ma\u00eetrise d'ouvrage, ing\u00e9nieur principal\ndes services techniques, pour les documents relatifs \u00e0 :\n- la gestion administrative du bureau de la ma\u00eetrise d'ouvrage (notamment ordres de missions, cong\u00e9s, \u00e9tats de frais de d\u00e9placement),\n- les demandes d'achat inf\u00e9rieures ou \u00e9gales \u00e0 5 000 \u20ac HT,\n- les bons de livraison de fournitures,\n- les proc\u00e8s verbaux d'admission de prestations intellectuelles,\n- les proc\u00e8s verbaux relatifs \u00e0 la r\u00e9ception des march\u00e9s de travaux,\n- les rapports d'analyse des offres,\n- la constatation du service fait pour les march\u00e9s de fourniture, de prestations intellectuelles et de travaux,\n- les d\u00e9clarations de sous-traitants,\n- les ordres de service de d\u00e9marrage des p\u00e9riodes de pr\u00e9paration ou d'ex\u00e9cution des march\u00e9s,\n- les ordres de service de prolongation de d\u00e9lais et de suspension de travaux,\n- les ordres de service dont l'incidence est inf\u00e9rieure \u00e0 5 000 \u20ac HT,\n- les exemplaires uniques,\n- les certificats de cessibilit\u00e9,\n- les d\u00e9comptes g\u00e9n\u00e9raux d\u00e9finitifs,\n- les documents dans le cadre de l'instruction des autorisations d'urbanisme (permis de construire, les d\u00e9clarations pr\u00e9alables, les autorisations\nde modifications des ERP\u2026),\n- les correspondances adress\u00e9es aux services techniques des collectivit\u00e9s dans le cadre de l'instruction des autorisations administratives\n(permis de construire, d\u00e9clarations pr\u00e9alables\u2026),\n- les correspondances adress\u00e9es aux services de pr\u00e9vention et de contr\u00f4le dans le cadre de l'ex\u00e9cution des op\u00e9rations (inspection du travail,\nOPPBTP, CRAM\u2026),\n- les correspondances adress\u00e9es aux entreprises dans le cadre de l'ex\u00e9cution des march\u00e9s immobiliers.\nArt. 17 : D\u00e9l\u00e9gation de signature est donn\u00e9e \u00e0 Baptiste VEYLON, chef du bureau zonal du patrimoine et des finances, ing\u00e9nieur principal des\nservices techniques, pour les documents relatifs \u00e0 :\n-  la  gestion  administrative  du  bureau  zonal  du  patrimoine  et  des  finances  (notamment  ordres  de  missions,  cong\u00e9s,  \u00e9tat  de  frais  de\nd\u00e9placement),\n- les demandes d'achat inf\u00e9rieures \u00e0 5 000 \u20ac HT,\n- les ordres de service de d\u00e9marrage des p\u00e9riodes de pr\u00e9paration ou d'ex\u00e9cution des march\u00e9s,\n- les ordres de service de prolongation de d\u00e9lais et de suspension de travaux,\n- les ordres de service dont l'incidence est inf\u00e9rieure \u00e0 5 000 \u20ac HT,\n- les bons de livraison de fournitures,\n-  les proc\u00e8s verbaux d'admission de prestations intellectuelles,\n- les proc\u00e8s verbaux relatifs \u00e0 la r\u00e9ception des march\u00e9s de travaux,\n-  les d\u00e9comptes g\u00e9n\u00e9raux d\u00e9finitifs,\n- les d\u00e9clarations de sous-traitants, des march\u00e9s de travaux ,\n- les exemplaires uniques,\n- les certificats de cessibilit\u00e9,\n- les certificats administratifs li\u00e9s \u00e0 l'ex\u00e9cution administrative et financi\u00e8re des march\u00e9s immobiliers,\n- les correspondances adress\u00e9es aux entreprises dans le cadre de l'ex\u00e9cution administrative et financi\u00e8re des march\u00e9s immobiliers, aux\nbailleurs des immeubles de la police nationale, et aux services de France Domaine, ainsi que les \u00e9tats de lieux d'entr\u00e9e et de sortie des\nconcessions de logement domanial.\nEn cas d'absence ou d'emp\u00eachement de Baptiste VEYLON, d\u00e9l\u00e9gation de signature est donn\u00e9e \u00e0 B\u00e9atrice TRUTTIN, adjointe au chef du\nbureau zonal du patrimoine et des finances, pour tout ce qui concerne le pr\u00e9sent article.\nArt. 18 : D\u00e9l\u00e9gation de signature est donn\u00e9e \u00e0 H\u00e9l\u00e8ne SPIERS, cheffe de la section gestion financi\u00e8re, pour les documents relatifs \u00e0 :\n- la gestion administrative de la section gestion financi\u00e8re (notamment ordres de missions, cong\u00e9s, \u00e9tat de frais de d\u00e9placement),\n- les correspondances adress\u00e9es aux entreprises dans le cadre de l'ex\u00e9cution administrative et financi\u00e8re des march\u00e9s immobiliers,\n- les d\u00e9clarations de sous-traitants,\n- les exemplaires uniques,\n- les certificats de cessibilit\u00e9,\n- les certificats administratifs li\u00e9s \u00e0 l'ex\u00e9cution administrative et financi\u00e8re des march\u00e9s immobiliers,\n- les d\u00e9comptes g\u00e9n\u00e9raux d\u00e9finitifs ne donnant pas lieu \u00e0 un paiement.\nEn cas d'absence ou d'emp\u00eachement de H\u00e9l\u00e8ne SPIERS, d\u00e9l\u00e9gation de signature est donn\u00e9e \u00e0 Marl\u00e8ne DOREE, responsable qualit\u00e9 \u00e0 la\nsection gestion financi\u00e8re, pour tout ce qui concerne le pr\u00e9sent article.\nArt. 19 : \nAlin\u00e9a 19-1 :\nD\u00e9l\u00e9gation de signature est donn\u00e9e \u00e0 R\u00e9gis THOMAZO, chef du Bureau Gestion Technique du Patrimoine pour les documents relatifs \u00e0 :\n- la gestion administrative du Bureau Gestion Technique du Patrimoine (notamment ordres de missions, cong\u00e9s, \u00e9tat de frais de d\u00e9placement),\n- les demandes d'achat inf\u00e9rieures ou \u00e9gales \u00e0 5 000 \u20ac HT,\n- les bons de livraison de fournitures,\n- les proc\u00e8s verbaux d'admission de prestations intellectuelles,\n- les proc\u00e8s verbaux relatifs \u00e0 la r\u00e9ception des march\u00e9s de travaux,\n- les rapports d'analyse des offres,\n- la constatation du service fait pour les march\u00e9s de fourniture, de prestations intellectuelles et de travaux.\n- les documents dans le cadre de l'instruction des autorisations d'urbanisme (permis de construire, les d\u00e9clarations pr\u00e9alables, les autorisations\nde modifications des ERP\u2026),\n- les correspondances  adress\u00e9es  aux  collectivit\u00e9s  dans  le cadre  de l'instruction des  autorisations  administratives  (permis de construire,\nd\u00e9clarations pr\u00e9alables\u2026),\n- les correspondances adress\u00e9es aux services de pr\u00e9vention et de contr\u00f4le dans le cadre de l'ex\u00e9cution des op\u00e9rations (inspection du travail,\nOPPBTP, CRAM\u2026),\n- les correspondances adress\u00e9es aux entreprises dans le cadre de l'ex\u00e9cution des march\u00e9s immobiliers.\nEn cas d'absence ou d'emp\u00eachement de R\u00e9gis THOMAZO, d\u00e9l\u00e9gation de signature est donn\u00e9e \u00e0 :\n- Guillaume SANTIER, chef du service interr\u00e9gional de travaux Bretagne/Pays de la Loire,\n- Jean-Louis JOUBERT, chef du service r\u00e9gional de travaux Centre-Val de Loire, \n- Fr\u00e9d\u00e9ric BERNARD, adjoint au chef du service r\u00e9gional de travaux pour les d\u00e9partements de Seine-Maritime et de l'Eure,\n- Fabrice DUR, chef du service r\u00e9gional de travaux pour les d\u00e9partements du Calvados, de la Manche et de l'Orne,\npour tout ce qui concerne le pr\u00e9sent article.\nEn cas d'absence ou d'emp\u00eachement de Jean-Louis JOUBERT, d\u00e9l\u00e9gation de signature est donn\u00e9e \u00e0 Sandrine BEIGNEUX, adjointe au chef\ndu service r\u00e9gional de travaux Centre-Val de Loire, pour tout ce qui concerne le pr\u00e9sent article.\nAlin\u00e9a 19-2 :\nD\u00e9l\u00e9gation de signature est donn\u00e9e \u00e0 :\n- Guillaume SANTIER, chef du service interr\u00e9gional de travaux Bretagne/Pays de la Loire,\n- Jean-Louis JOUBERT, chef du service r\u00e9gional de travaux Centre-Val de Loire,\n- Fr\u00e9d\u00e9ric BERNARD, adjoint au chef du service r\u00e9gional de travaux pour les d\u00e9partements de Seine-Maritime et de l'Eure,\n- Fabrice DUR, chef du service r\u00e9gional de travaux pour les d\u00e9partements du Calvados, de Manche et de l'Orne,\npour les documents relatifs \u00e0 :\n-  la gestion administrative de leur secteur (notamment ordres de missions, cong\u00e9s, \u00e9tat de frais de d\u00e9placement),\n- les bons de livraison de fournitures relevant de leur secteur,\n- les proc\u00e8s-verbaux d'admission de prestations intellectuelles relevant de leur secteur ,\n-  les proc\u00e8s-verbaux relatifs \u00e0 la r\u00e9ception des march\u00e9s de travaux relevant de leur secteur,\n-  les rapports d'analyse des offres relevant de leur secteur,\n- la constatation du service fait pour les march\u00e9s de fourniture, de prestations intellectuelles et de travaux relevant de leur secteur.\nArt. 20 : D\u00e9l\u00e9gation de signature est donn\u00e9e \u00e0 :\nGuillaume SANTIER, Fabrice DUR, Franck LORANT, Michel CLOTEAUX, Jean-Louis JOUBERT, Sandrine BEIGNEUX, Dominique EMERIAU,\nSt\u00e9phane BERTRAND, Olivier LINOT, S\u00e9bastien LEULLIETTE, Rapha\u00ebl BARRETEAU, Jean-Fran\u00e7ois ROYAN, Renaud DUBOURG, Sylvain\nGARNIER, Franck BOIROT, Ludovic ROUSSEAU, Tanguy BARRE, Fr\u00e9d\u00e9rique ALIS, Alexis LEMERCHER, Myriam CHEVALLIER, Sabrina LE\nPIOUFFLE, Yann MANCHON, Beno\u00eet MACE, Pauline SOULA, H\u00e9l\u00e8ne MARTIN, Fr\u00e9d\u00e9ric BERNARD, Herv\u00e9 JEHANNIN, Thomas LOPIN,\nFabien ONNO, Thierry HARSCOUET, S\u00e9bastien RECHER, David ROBERT, Micka\u00ebl FAUVET, Sylvain GUERNION, Phuong-Tam NGUYEN\npour les documents relatifs \u00e0 :\n- la constatation du service fait pour les march\u00e9s de fourniture, de prestations intellectuelles et de travaux.\nPour les demandes d'achat sur Chorus formulaire, en ce qui concerne la gestion du budget de l'UO SGAMI Ouest - Programme 216 :\n- D\u00e9l\u00e9gation de signature est donn\u00e9e \u00e0 Isabelle BROSSAIS, Richard DEMBSKI, Marl\u00e8ne DOREE, Maud ESSIRARD, Marie-Laure LE GALL,\nBrigitte PIERRE, H\u00e9l\u00e8ne SPIERS, B\u00e9atrice TRUTTIN et Baptiste VEYLON pour la validation des demandes d'achat imput\u00e9es sur le centre de\nco\u00fbt SGA du budget de l'UO SGAMI Ouest \u2013 Programme 216 ;\n- D\u00e9l\u00e9gation de signature est donn\u00e9e \u00e0 Isabelle BROSSAIS, Richard DEMBSKI, Marl\u00e8ne DOREE, Maud ESSIRARD, Marie-Laure LE GALL,\nBrigitte PIERRE, H\u00e9l\u00e8ne SPIERS, B\u00e9atrice TRUTTIN et Baptiste VEYLON pour la constatation du service fait des commandes imput\u00e9es sur le\ncentre de co\u00fbt SGA du budget de l'UO SGAMI Ouest \u2013 Programme 216 pour les achats concernant la direction de l'immobilier. \nArt. 21 : D\u00e9l\u00e9gation de signature est donn\u00e9e \u00e0 Pascal RAOULT, directeur de l'\u00e9quipement et de la logistique pour :\n- les correspondances courantes \u00e0 l'exception de celles adress\u00e9es \u00e0 des \u00e9lus,\n- la gestion administrative de la direction de l'\u00e9quipement et de la logistique (notamment les ordres de missions, cong\u00e9s et \u00e9tats de frais de\nd\u00e9placement, \u00e9tats relatifs aux \u00e9l\u00e9ments variables de paie),\n- les documents relatifs \u00e0 la gestion administrative et technique des op\u00e9rations de la comp\u00e9tence de la direction de l'\u00e9quipement et de la\nlogistique :\n\u2013 la validation des cahiers des clauses techniques particuli\u00e8res relatifs aux march\u00e9s de fournitures, de service, de prestations intellectuelles et\nde travaux,\n\u2013 la validation des expressions de besoins dans la limite de 25 000 \u20ac HT,\n\u2013 les ordres de service ou fiches techniques de modification effectu\u00e9s dans le cadre des march\u00e9s de travaux ou de service avant transmission\nau bureau zonal de l'ex\u00e9cution des d\u00e9penses et des recettes pour proc\u00e9der \u00e0 l'engagement juridique pr\u00e9alablement \u00e0 la notification aux\nentreprises,\n\u2013 les projets de d\u00e9compte g\u00e9n\u00e9raux d\u00e9finitifs dans le cadre de la proc\u00e9dure des march\u00e9s,\n\u2013 la validation des rapports d'analyse technique des march\u00e9s,\n- les documents relatifs \u00e0 la gestion administrative et technique des mat\u00e9riels de la police nationale et de la gendarmerie nationale :\n\u2013 l'approbation de proc\u00e8s-verbaux de perte ou de r\u00e9forme de mat\u00e9riels, y compris les armes et  v\u00e9hicules d\u00e8s lors que ceux-ci sont inscrits \u00e0 un\nplan de renouvellement approuv\u00e9,\n\u2013 les ordres d'entr\u00e9e et de sortie des mat\u00e9riels d\u00e9tenus en magasin.\n- tous les actes administratifs relatifs aux engagements juridiques et aux pi\u00e8ces de liquidation des d\u00e9penses li\u00e9es \u00e0 la maintenance en condition\nop\u00e9rationnelle  automobile,  et  logistiques  imput\u00e9es  sur  l'unit\u00e9  op\u00e9rationnelle  176  des  d\u00e9penses  mutualis\u00e9es  de  police  ou  sur  l'unit\u00e9\nop\u00e9rationnelle 216.\nEn cas d'absence ou d'emp\u00eachement de Pascal RAOULT, la d\u00e9l\u00e9gation consentie au pr\u00e9sent article est donn\u00e9e, Laurent BULGUBURE,\ndirecteur adjoint de l'\u00e9quipement et de la logistique, \u00e0 St\u00e9phane NORMAND, Laurent LAFAYE, en ce qui concerne les documents relevant de\nleur domaine de comp\u00e9tences.\nArt. 22 : D\u00e9l\u00e9gation de signature pour les documents relatifs \u00e0 la gestion administrative des personnels et notamment les ordres de mission, les\n\u00e9tats  d\u00e9claratifs  de  frais  de  d\u00e9placement  des  personnels,  les  demandes  de  cong\u00e9s  et  les  autorisations  d'absence  ainsi  que  les\ncorrespondances courantes, \u00e0 l'exception de celles adress\u00e9es \u00e0 des \u00e9lus, est donn\u00e9e \u00e0 :\n- Laurent LAFAYE, chef du bureau zonal des moyens mobiles.\n- St\u00e9phane NORMAND, chef du bureau zonal de la logistique.\n- Yves BOBINET, chef du bureau de soutien op\u00e9rationnel de la circonscription de Rennes.\n- Bernard LE CLECH, chef du bureau de soutien op\u00e9rationnel de la circonscription de Oissel.\n- Arnaud THOMAS, chef du bureau de soutien op\u00e9rationnel de la circonscription de Tours.\uf020\nArt. 23 : \u00c0 l'exception des d\u00e9penses exceptionnelles ou d'investissement, d\u00e9l\u00e9gation de signature est donn\u00e9e \u00e0 Laurent LAFAYE, St\u00e9phane\nNORMAND, Yves BOBINET, Bernard LE CLECH, Arnaud THOMAS dans la limite de 5  000 \u20ac HT pour l'expression des besoins relevant de leur\nbureau.\nEn cas d'absence ou d'emp\u00eachement de Laurent LAFAYE, St\u00e9phane NORMAND, Yves BOBINET, Bernard Le CLECH, Arnaud THOMAS, la\nd\u00e9l\u00e9gation de signature consentie aux articles 22 et 23 est donn\u00e9e \u00e0 Fanny GUYOT, Fran\u00e7ois LEREVEREND, Jean-Marc LE NADAN, Jean-\nPierre LEBAS, Benjamin LANGUEDOC, Thierry FAUCHE, chacun en ce qui concerne leur domaine respectif.\nArt. 21 : D\u00e9l\u00e9gation de signature est donn\u00e9e au titre des ateliers de soutien automobile \u00e0 :\n- Johann BEIGNEUX, chef de l'atelier automobile de Tours,\n- Hugues GROUT, chef de l'atelier automobile de Oissel,\n- Jean-Louis SALMON, chef de l'atelier automobile de Rennes,\n- St\u00e9phane BOBAULT, chef de l'atelier automobile de Saran,\n- Yvon LE RU, chef de l'atelier automobile de Brest,\npour :\n- dans les limites des attributions de leur atelier, ex\u00e9cuter les commandes de pi\u00e8ces automobiles apr\u00e8s validation de l'engagement juridique\naupr\u00e8s du bureau zonal de l'ex\u00e9cution des d\u00e9penses et des recettes,\n- la gestion administrative et technique de leur atelier (notamment les ordres de missions, cong\u00e9s et \u00e9tats de frais de d\u00e9placement).\nD\u00e9l\u00e9gation de signature est donn\u00e9e \u00e0 :\nEric MONNIER, Marc DEBERLES, Catherine DENOT, Lo\u00efc DANAU, Thierry JOUVEAUX, Luc VALETTE, Fr\u00e9d\u00e9rick VATRE, Fr\u00e9d\u00e9ric DUVAL,\nDavid BAUCHY, Zainoudine SAID, Fr\u00e9d\u00e9ric ADAM, Herv\u00e9 LHOTELLIER, Emmanuel ALBERT, Ga\u00e9tan MANTEAU, Pascal VIOLET, St\u00e9phane\nBOBAULT, Jean-Yves SAUDRAIS, pour les documents relatifs \u00e0 la gestion de leur domaine respectif en cas d'absence ou d'emp\u00eachement du\nchef d'atelier en titre, notamment en ce qui concerne la commande, la r\u00e9ception des fournitures, des prestations ou des services et la\nconstatation du service fait par r\u00e9f\u00e9rence aux commandes correspondantes.\nDans le cadre des d\u00e9penses au moyen de carte achat, et dans la limite des plafonds individuellement d\u00e9finis, d\u00e9l\u00e9gation est donn\u00e9e \u00e0 :\nJean-Louis  SALMON,  Marc  DEBERLES,  Catherine  DENOT,  Lo\u00efc  DANAU,  Hugues  GROUT,  Fr\u00e9d\u00e9rick  VATRE,  Fr\u00e9d\u00e9ric  DUVAL,  David\nBAUCHY, Zainoudine SAID, Fr\u00e9d\u00e9ric ADAM, Johann BEIGNEUX, Emmanuel ALBERT, Mario DELENBACH, Pascal VIOLET, Yvon LE RU,\nJean-Yves SAUDRAIS, St\u00e9phane BOBAULT, Herv\u00e9 LHOTELIER, Ga\u00e9tan MANTEAU.\nD\u00e9l\u00e9gation de d\u00e9pense au moyen de carte achat est \u00e9galement donn\u00e9e \u00e0   Pascal RAOULT, Laurent LAFAYE, Yves BOBINET, Jean-Pierre\nLEBAS, Arnaud THOMAS, Thierry FAUCHE, Bernard LE CLECH, Benjamin LANGUEDOC, Fr\u00e9d\u00e9ric HERBELET, Yann LE PORS.\nArt. 25  : D\u00e9l\u00e9gation de signature est donn\u00e9e \u00e0 Jean-Pierre LEBAS, responsable logistique du site de Rennes, \u00e0 Benjamin LANGUEDOC,\nresponsable logistique du site de Oissel, et \u00e0 Thierry FAUCHE, responsable logistique du site de Tours, \u00e0 l'effet de signer :\n- les documents et pi\u00e8ces courantes relatives \u00e0 l'hygi\u00e8ne et la s\u00e9curit\u00e9,\n- la r\u00e9ception des fournitures, des prestations ou des services et la constatation du service fait par  r\u00e9f\u00e9rence aux commandes correspondantes,\n- les ordres de missions et les \u00e9tats de frais de d\u00e9placement.\nEn cas d'absence ou d'emp\u00eachement, les d\u00e9l\u00e9gations accord\u00e9es \u00e0 Benjamin LANGUEDOC sont exerc\u00e9es par Jean-Yves ARLOT \u00e0 l'exception\ndes ordres de missions et des \u00e9tats de frais de d\u00e9placement.\nEn cas d'absence ou d'emp\u00eachement, les d\u00e9l\u00e9gations accord\u00e9es \u00e0 Thierry FAUCHE sont exerc\u00e9es par Christophe DESCHERES \u00e0 l'exception\ndes ordres de missions et des \u00e9tats de frais de d\u00e9placement.\nArt.  26 :  D\u00e9l\u00e9gation  de  signature  est  donn\u00e9e  au  titre  de  l'unit\u00e9  op\u00e9rationnelle  176  des  d\u00e9penses  mutualis\u00e9es  de  police  et  de  l'unit\u00e9\nop\u00e9rationnelle 216, \u00e0 Patrick ALLONCIUS pour tout ce qui concerne la gestion administrative et technique des d\u00e9penses li\u00e9es \u00e0 la maintenance\nen condition op\u00e9rationnelle automobile, et logistiques.\n- les ordres de mission, les demandes de cong\u00e9s et les autorisations d'absence ainsi que les correspondances courantes, \u00e0 l'exception de\ncelles adress\u00e9es \u00e0 des \u00e9lus ,\n- l'expression des besoins dont le montant n'exc\u00e8de pas 1 000 \u20ac HT dans le cadre des march\u00e9s de pi\u00e8ces  automobiles  ou  des  achats  du\nbureau zonal de la logistique.\nEn cas  d'absence  ou  d'emp\u00eachement  de Patrick  ALLONCIUS,  la d\u00e9l\u00e9gation  de  signature  qui  lui est  consentie  est  donn\u00e9e  \u00e0 Roseline\nGUICHARD.\nPour les demandes d'achat sur Chorus formulaire, en ce qui concerne la gestion du budget de l'UO SGAMI Ouest \u2013 Programme 216 :\n- D\u00e9l\u00e9gation de signature est donn\u00e9e \u00e0 Patrick ALLONCIUS, Aline ANDR\u00c9, Soizic BATHANY, Roseline GUICHARD et Sophie LEBAS  pour la\nvalidation des demandes d'achat imput\u00e9es sur le centre de co\u00fbt SGA du budget de l'UO SGAMI Ouest \u2013 Programme 216 ;\n- D\u00e9l\u00e9gation de signature est donn\u00e9e \u00e0 Patrick ALLONCIUS, Aline ANDR\u00c9, Soizic BATHANY, Roseline GUICHARD et Sophie LEBAS  pour la\nconstatation du service fait des commandes imput\u00e9es sur le centre de co\u00fbt SGA du budget de l'UO SGAMI Ouest \u2013 Programme 216 pour les\nachats concernant la direction de l'\u00e9quipement et de la logistique. \nArt. 27 : D\u00e9l\u00e9gation de signature est donn\u00e9e \u00e0 St\u00e9phane GUILLERM, directeur des syst\u00e8mes d'information et de communication, \u00e0 l'effet de\nsigner dans le cadre de ses attributions et pour son service :\n- tous les actes administratifs relatifs aux engagements juridiques et aux pi\u00e8ces de liquidation des d\u00e9penses se rapportant \u00e0 des cr\u00e9dits\n\u00ab m\u00e9tiers \u00bb du budget du minist\u00e8re de l'Int\u00e9rieur dans la limite de la dotation de cr\u00e9dits qui lui est allou\u00e9e,\n- toutes correspondances, d\u00e9cisions ou instructions relatives aux affaires relevant des attributions de la direction des syst\u00e8mes d'information et\nde communication,\n- tout acte susceptible de g\u00e9n\u00e9rer des recettes relevant des attributions de la direction des syst\u00e8mes d'information et de communication\n(notamment les conventions de refacturation),\n- la gestion administrative de la direction des syst\u00e8mes d'information et de communication (notamment les ordres de missions, cong\u00e9s et \u00e9tats\nde frais de d\u00e9placement, \u00e9tats relatifs aux \u00e9l\u00e9ments variables de paie).\n-  tous  les  actes  administratifs  relatifs  aux  engagements  juridiques  et  aux  pi\u00e8ces  de  liquidation  des  d\u00e9penses  li\u00e9es  \u00e0 la massification\ninformatique imput\u00e9es sur l'unit\u00e9 op\u00e9rationnelle 176 des d\u00e9penses mutualis\u00e9es de police ;\nEn cas d'absence ou d'emp\u00eachement de St\u00e9phane GUILLERM, d\u00e9l\u00e9gation de signature est accord\u00e9e \u00e0 Yannick MOY, ing\u00e9nieur hors classe\ndes syst\u00e8mes d'information et de communication, adjoint au directeur, \u00e0 l'effet de signer les documents pour lesquels St\u00e9phane GUILLERM, a\nre\u00e7u d\u00e9l\u00e9gation au titre de l'article 27.\nEn  cas  d'absence  ou  d'emp\u00eachement  de  St\u00e9phane  GUILLERM  et  Yannick  MOY,  d\u00e9l\u00e9gation  de  signature  est  accord\u00e9e  \u00e0  Audrey\nPRODHOMME, cheffe de la section \u00ab  Affaires g\u00e9n\u00e9rales \u00bb ainsi qu'\u00e0 St\u00e9phane LE VAILLANT, chef de la section \u00ab  Pilotage, relations clients et\ngestion de crise \u00bb, \u00e0 l'effet de signer les documents pour lesquels St\u00e9phane GUILLERM a re\u00e7u lui-m\u00eame d\u00e9l\u00e9gation au titre de l'article 27, dans\nla limite toutefois de 15 000 \u20ac HT pour les documents cit\u00e9s au point 1 de cet article.\nArt. 28  : D\u00e9l\u00e9gation de signature est \u00e9galement donn\u00e9e \u00e0 Fr\u00e9d\u00e9ric STARY, charg\u00e9 des fonctions de chef de la d\u00e9l\u00e9gation r\u00e9gionale des\nsyst\u00e8mes d'information et de communication de Tours pour les attributions suivantes :\n- correspondances courantes,\n-  copies conformes d'arr\u00eat\u00e9s et de documents,\n-  certification ou mention du service fait par r\u00e9f\u00e9rence aux factures correspondantes,\n- demandes de cong\u00e9 dans le cadre des droits ouverts \u00e0 l'exclusion de l'int\u00e9ress\u00e9,\n- ordres de missions sp\u00e9cifiques, \u00e0 l'exclusion de l'int\u00e9ress\u00e9,\n- bons de transport SNCF, \u00e0 l'exclusion de l'int\u00e9ress\u00e9.\nEn cas d'absence ou d'emp\u00eachement de Fr\u00e9d\u00e9ric STARY, la d\u00e9l\u00e9gation de signature qui lui est consentie pourra \u00eatre exerc\u00e9e par Lionel\nCHARTIER, son adjoint.\nArt. 29 : D\u00e9l\u00e9gation de signature est donn\u00e9e \u00e0 :\n-  Jean-Jacques  CORBEL,  Christophe  BURA,  Bertrand  LAUNAY,  Pascal  RAULT,  Alain  REMINGOL,  David  ALLAIN,  Rapha\u00ebl  BOQUET,\nFlorence NIHOUARN, Christophe CHEMIN, Fr\u00e9d\u00e9ric PROUTEAU, Philippe VAUVY, J\u00e9rome LARUE, Yves EHANO, Alain MESSAGER, Jean-\nYves LE PROVOST, Eric ESPINASSE, Erwan COZ, Beno\u00eet JEAN et St\u00e9phane PEZZONI pour les documents relatifs aux plans de pr\u00e9vention\nsur les sites, \n- Florence NIHOUARN, Bertrand LAUNAY et Jean-Jacques CORBEL pour signer les proc\u00e8s-verbaux de r\u00e9ception de travaux.\nS'agissant de CHORUS-DT, d\u00e9l\u00e9gation est donn\u00e9e \u00e0 St\u00e9phane GUILLERM, Yannick MOY, Audrey PRODHOMME, St\u00e9phane LE VAILLANT,\nPatrick  LE  GALL,  Fran\u00e7oise  QUERRE,  Aymeric  FRESKO,  Olivier  FRECHON,  Jean-Jacques  CORBEL,  Bertrand  LAUNAY,  Florence\nNIHOUARN, Yvon CREFF, Pierre STRAUDO, Alain MESSAGER, Fr\u00e9d\u00e9ric STARY, Lionel CHARTIER, Jean-Marc OLLIVIER pour proc\u00e9der \u00e0\nla validation d\u00e9mat\u00e9rialis\u00e9e des ordres de mission et des \u00e9tats de frais de d\u00e9placement des agents de la zone Ouest plac\u00e9s sous leurs\nresponsabilit\u00e9s.\nPour les demandes d'achat sur Chorus formulaire, en ce qui concerne la gestion du budget de l'UO SGAMI Ouest \u2013 Programme 216 :\n- D\u00e9l\u00e9gation de signature est donn\u00e9e \u00e0 Audrey PRODHOMME et Bruno THOMAS pour  la validation des demandes d'achat imput\u00e9es sur le\ncentre de co\u00fbt SGA du budget de l'UO SGAMI Ouest \u2013 Programme 216 ;\n- D\u00e9l\u00e9gation de signature est donn\u00e9e \u00e0 Audrey PRODHOMME et Bruno THOMAS pour la constatation du service fait des commandes imput\u00e9es\nsur le centre de co\u00fbt SGA du budget  de l'UO SGAMI Ouest  \u2013 Programme 216 pour  les achats  concernant  la direction des  syst\u00e8mes\nd'information et de communication.\nARTICLE 30  : D\u00e9l\u00e9gation de signature est donn\u00e9e \u00e0 Jean-Louis  JOUBERT, en tant  que correspondant  du responsable de site pour la\nd\u00e9l\u00e9gation r\u00e9gionale de Tours pour :\n- les expressions des besoins n'exc\u00e9dant pas 2  000 \u20ac HT se rapportant \u00e0 la gestion et l'exploitation des b\u00e2timents du secr\u00e9tariat g\u00e9n\u00e9ral pour\nl'administration du minist\u00e8re de l'Int\u00e9rieur Ouest \u00e0 Tours,\n- les documents et pi\u00e8ces courantes relatives \u00e0 l'hygi\u00e8ne et la s\u00e9curit\u00e9,\n- la r\u00e9ception des fournitures, des prestations et des services et la constatation du service fait par r\u00e9f\u00e9rence aux commandes correspondantes y\ncompris les proc\u00e8s-verbaux de r\u00e9ception.\n En cas d'absence ou d'emp\u00eachement de Jean-Louis JOUBERT, d\u00e9l\u00e9gation de signature est donn\u00e9e \u00e0 Sandrine BEIGNEUX, adjointe au chef\ndu service r\u00e9gional de travaux Centre-Val de Loire, pour tout ce qui concerne le pr\u00e9sent article.\nArt. 31 : D\u00e9l\u00e9gation de signature est par ailleurs, donn\u00e9e au  Docteur Jean-Michel LE MASSON, chef du service de sant\u00e9 zonal, pour la gestion\nadministrative du personnel du service de sant\u00e9 de la zone Ouest (notamment les cong\u00e9s, ordres de missions et \u00e9tats de frais de d\u00e9placement).\nArt. 32 : Les dispositions de l'arr\u00eat\u00e9 pr\u00e9fectoral du 6 mars 2023 sont abrog\u00e9es.\nSign\u00e9 : Le Pr\u00e9fet : Emmanuel BERTHIER\n\uf0bf\nD\u00e9partement de la Manche - Imprimerie administrative - Directeur de la publication : Mme la Secr\u00e9taire g\u00e9n\u00e9rale","date":"2023-07-18","first_seen_on":"2025-07-18T12:02:48+00:00","id":"f34d25580a955616a12b4cda9969e256ae73f0a69d442e64545b9ccff6cce1b0","name":"RAA SP n\u00b062","pdf_creation_date":"2023-07-18T14:13:35+00:00","pdf_modification_date":null,"timezone":"Europe/Paris","url":"https://www.manche.gouv.fr/contenu/telechargement/57070/443504/file/SP%2062.pdf"}
