{"administration":"pref30","administration_name":"Pr\u00e9fecture du Gard","content":"PR\u00c9FET\nDU GARD\nRECUEIL DES ACTES\nADMINISTRATIFS SP\u00c9CIAL\nN\u00b030-2025-003\nPUBLI\u00c9 LE  8 JANVIER 2025\nSommaire\nPrefecture du Gard /\n30-2025-01-08-00002 - Arr\u00eat\u00e9 donnant d\u00e9l\u00e9gation de signature \u00e0\nM. Jean-Louis BIOU, directeur de la citoyennet\u00e9, de la l\u00e9galit\u00e9 et de la\ncoordination \u00e0 la pr\u00e9fecture du Gard (3 pages) Page 3\n30-2025-01-08-00001 - Arr\u00eat\u00e9 n\u00b0 30-2025-01-08-00001 portant\nrestriction de la libert\u00e9 d'aller et venir des supporters de \nl'Association\nSportive de Nancy-Lorraine et encadrant leur d\u00e9placement \u00e0 l'occasion\nde la 16\u00e8me journ\u00e9e de championnat de National opposant l'\u00e9quipe\ndu N\u00eemes Olympique \u00e0 celle de l'Association Sportive Nancy-Lorraine le\nvendredi 10 janvier 2025 \u00e0 19H30 au Stade des \nAntonins \u00e0 N\u00eemes (5\npages) Page 7\n2\nPrefecture du Gard\n30-2025-01-08-00002\nArr\u00eat\u00e9 donnant d\u00e9l\u00e9gation de signature \u00e0 M.\nJean-Louis BIOU, directeur de la citoyennet\u00e9, de\nla l\u00e9galit\u00e9 et de la coordination \u00e0 la pr\u00e9fecture\ndu Gard\nPrefecture du Gard - 30-2025-01-08-00002 - Arr\u00eat\u00e9 donnant d\u00e9l\u00e9gation de signature \u00e0 M. Jean-Louis BIOU, directeur de la citoyennet\u00e9,\nde la l\u00e9galit\u00e9 et de la coordination \u00e0 la pr\u00e9fecture du Gard 3\nEnPREFETDU GARDLibert\u00e9\u00c9galit\u00e9Fraternit\u00e9\nPr\u00e9fecture-\nDirection de la citoyennet\u00e9, \nde la l\u00e9galit\u00e9 et de la coordination\nService de la coordination des \npolitiques publiques et \nde l'appui territorial\nArr\u00eat\u00e9\ndonnant d\u00e9l\u00e9gation de signature \u00e0 M. Jean-Louis BIOU,\ndirecteur de la citoyennet\u00e9, de la l\u00e9galit\u00e9 et de la coordination\n\u00e0 la pr\u00e9fecture du Gard\nLe pr\u00e9fet du Gard\nChevalier de la L\u00e9gion d'honneur,\nChevalier de l'ordre national du M\u00e9rite \nVu la  loi  n\u00b0  82-213  du  2  mars  1982  relative  aux  droits  et  libert\u00e9s  des  communes,  des \nd\u00e9partements et des r\u00e9gions, notamment son article 34,\nVu le d\u00e9cret n\u00b0 97-34 du 15 janvier 1997 modifi\u00e9 relatif \u00e0 la d\u00e9concentration des d\u00e9cisions  \nadministratives individuelles,\nVu l e  d\u00e9cret  n\u00b0  2004-374  du  29  avril  2004  modifi\u00e9  relatif  aux  pouvoirs  des  pr\u00e9fets,  \u00e0 \nl'organisation et \u00e0 l'action des services de l'Etat dans les r\u00e9gions et d\u00e9partements,\nVu le d\u00e9cret n\u00b0 2008-158 du 22 f\u00e9vrier  2008 relatif \u00e0 la suppl\u00e9ance des pr\u00e9fets de r\u00e9gion et \u00e0  \nla  d\u00e9l\u00e9gation  de  signature  des  pr\u00e9fets  et  des  hauts  commissaires  de  la  R\u00e9publique  en \nPolyn\u00e9sie fran\u00e7aise et en Nouvelle-Cal\u00e9donie, \nVu le d\u00e9cret n\u00b0 2009-176 du 16 f\u00e9vrier 2009 modifiant le d\u00e9cret n\u00b0 64-805 du 29 juillet 1964  \nfixant les dispositions r\u00e9glementaires applicables aux pr\u00e9fets,\nVu le d\u00e9cret n\u00b0 2015-510 du 7 mai 2015 portant charte de la d\u00e9concentration ;\nVu le d\u00e9cret du 13 juillet 2023 nommant M. J\u00e9r\u00f4me BONET, pr\u00e9fet du Gard ;\nVu l'arr\u00eat\u00e9 30-2024-08-28-00003 du 28 ao\u00fbt 2024 portant organisation en directions, services  \net bureaux de la pr\u00e9fecture du Gard ;\nVu l'arr\u00eat\u00e9 du ministre de l'int\u00e9rieur du 27 juillet 2023 portant affectation de M. Jean-Louis \nBIOU, conseiller d'administration de l'int\u00e9rieur et de l'outre-mer, \u00e0 la pr\u00e9fecture du Gard -  \nsecr\u00e9tariat g\u00e9n\u00e9ral - direction de la citoyennet\u00e9 et de la coordination, \u00e0 compter du 1 er \nseptembre 2013 ; \nVu la note de service du pr\u00e9fet du Gard du 4 septembre 2023 portant affectation de M. Jean-\nLouis BIOU  en qualit\u00e9 de  directeur de la citoyennet\u00e9, de la l\u00e9galit\u00e9  et de la coordination  \n(DCLC), \u00e0 la pr\u00e9fecture du Gard ;\nSur proposition du secr\u00e9taire g\u00e9n\u00e9ral de la pr\u00e9fecture du Gard ;\nPrefecture du Gard - 30-2025-01-08-00002 - Arr\u00eat\u00e9 donnant d\u00e9l\u00e9gation de signature \u00e0 M. Jean-Louis BIOU, directeur de la citoyennet\u00e9,\nde la l\u00e9galit\u00e9 et de la coordination \u00e0 la pr\u00e9fecture du Gard 4\nArr\u00eate \nArticle  1er : D\u00e9l\u00e9gation  de  signature  est  donn\u00e9e  \u00e0 M.  Jean-Louis  BIOU,  directeur  de  la \ncitoyennet\u00e9, de la l\u00e9galit\u00e9 et de la coordination  \u00e0 l'effet de signer toutes d\u00e9cisions relevant  \ndes attributions de la direction, \u00e0 l'exception des documents suivants :\n\u2022 convocations des \u00e9lecteurs,\n\u2022 arr\u00eat\u00e9s en mati\u00e8re d'annonces l\u00e9gales,\n\u2022 arr\u00eat\u00e9s portant composition des jurys d'assises\n\u2022 arr\u00eat\u00e9s attributifs de diverses dotations et subventions,\n\u2022 arr\u00eat\u00e9s modifiant les circonscriptions territoriales des communes,\n\u2022 arr\u00eat\u00e9s portant cr\u00e9ation, modification et dissolution des \u00e9tablissements publics de  \ncoop\u00e9ration intercommunale et syndicats mixtes,\n\u2022 arr\u00eat\u00e9s de d\u00e9claration d'utilit\u00e9 publique et de cessibilit\u00e9,\n\u2022 saisines de la chambre r\u00e9gionale des comptes,\n\u2022 r\u00e9f\u00e9r\u00e9s et d\u00e9f\u00e9r\u00e9s (m\u00e9moires introductifs) devant le tribunal administratif et la cour  \nadministrative d'appel,\n\u2022 arr\u00eat\u00e9s  portant  cr\u00e9ation,  constitution  ou  renouvellement  des  commissions  \nr\u00e9glementaires,\n\u2022 arr\u00eat\u00e9s autorisant les installations class\u00e9es pour la protection de l'environnement.\nArticle 2: En mati\u00e8re financi\u00e8re, d\u00e9l\u00e9gation est donn\u00e9e \u00e0  M. Jean-Louis BIOU pour signer les  \nactes relatifs \u00e0 l'engagement, la liquidation et l'ordonnancement ainsi que les expressions de  \nbesoin et constatations des services faits pour les programmes suivants :\n\u2022 Programme  112  \u00abImpulsion  et  coordination  de  la  politique  d'am\u00e9nagement  du \nterritoire\u00bb - FNADT,\n\u2022 Programme  119 \u00abConcours  financiers  aux  collectivit\u00e9s  territoriales  et  \u00e0  leurs  \ngroupements\u00bb : soutien aux projets des communes et groupements de communes,  \ndotation d'\u00e9quipement des territoires ruraux,\n\u2022 Programme 122 \u00abConcours sp\u00e9cifiques et administration\u00bb  : aides exceptionnelles aux  \ncollectivit\u00e9s  territoriales,  calamit\u00e9s  publiques,  subventions  pour  travaux  divers \nd'int\u00e9r\u00eat local,\n\u2022 Programme  176 \u00ab  Police  Nationale \u00bb  -  action  2 \u00ab  s\u00e9curit\u00e9  et  paix  publiques \u00bb : \nindemnisation des gardiens de fourri\u00e8re,\n\u2022 Programme 181 \u00ab Pr\u00e9vention des risques \u00bb,\n\u2022 Programme 212 \u00abSoutien de la politique de la d\u00e9fense\u00bb - FRED,\n\u2022 Programme 216 \u00abConduite et pilotage des politiques de l'int\u00e9rieur\u00bb - action 6 \u00ab Affaires \njuridiques et contentieuses \u00bb,\n\u2022 Programme 218 \u00abConduite et pilotage des politiques \u00e9conomique et financi\u00e8re\u00bb,\n\u2022 Programme 232 \u00abVie politique, cultuelle et associative\u00bb - \u00e9lections,\n\u2022 Programme 363 \" Plan de relance-Volet comp\u00e9titivit\u00e9\"\n\u2022 Programme 380 \u00abFonds d'acc\u00e9l\u00e9ration de la transition \u00e9cologique dans les territoires\u00bb,\n\u2022 Programme  754 \u00ab  Contribution  \u00e0  l'\u00e9quipement  des  collectivit\u00e9s  territoriales  pour \nl'am\u00e9lioration des transports en commun, de la s\u00e9curit\u00e9 et de la circulation routi\u00e8re  \u00bb : \namendes de police.\nPrefecture du Gard - 30-2025-01-08-00002 - Arr\u00eat\u00e9 donnant d\u00e9l\u00e9gation de signature \u00e0 M. Jean-Louis BIOU, directeur de la citoyennet\u00e9,\nde la l\u00e9galit\u00e9 et de la coordination \u00e0 la pr\u00e9fecture du Gard 5\nArticle  3 :  En  cas  d'absence  ou  d'emp\u00eachement  de  M.  Jean-Louis  BIOU, d\u00e9l\u00e9gation  de \nsignature est donn\u00e9e \u00e0 :\n\uf0d8  Mme B\u00e9reng\u00e8re SOULAGES-PIONCHON, attach\u00e9e principale, chef du service des \n\u00e9lections, de la r\u00e9glementation g\u00e9n\u00e9rale et de l'environnement et, en son absence ou \nen cas d'emp\u00eachement, M. Eric LANSADE, attach\u00e9 d'administration de l'Etat chef du \nbureau de la r\u00e9glementation g\u00e9n\u00e9rale et de l'environnement ou Mme Laurence PEZET, \nsecr\u00e9taire administrative de classe exceptionnelle, cheffe du bureau des \u00e9lections ; \n\uf0d8 M. Christophe MALAVAL, attach\u00e9 principal, chef du service des collectivit\u00e9s et des \nfinances locales et de l'intercommunalit\u00e9, en charge du bureau du contr\u00f4le de l\u00e9galit\u00e9 \net de l'intercommunalit\u00e9, en charge du bureau du contr\u00f4le de l\u00e9galit\u00e9 et en son  \nabsence ou en cas d'emp\u00eachement, Mme Isabelle BALAGUE, secr\u00e9taire administrative \nde  classe  exceptionnelle,  cheffe  du  bureau  des  finances  locales  et  de  \nl'intercommunalit\u00e9;\n\uf0d8   Mme Nesrin YILMAZ, attach\u00e9e principale, cheffe du service de la coordination des \npolitiques  publiques  et  de  l'appui  territorial  et  en  son  absence  ou  en  cas  \nd'emp\u00eachement  Mme  Laurence  RAGOIN,  attach\u00e9e  d'administration  de  l'Etat  \ncharg\u00e9e de mission politiques publiques prioritaires,  Mme Agn\u00e8s TEXIER , attach\u00e9e  \nprincipale  d'administration de l'Etat  charg\u00e9e de mission solidarit\u00e9s, sites, culture et  \nville,  Mme Nathalie BRICHLER-CHICHIGNOUD , attach\u00e9e d'administration de l'Etat  \ncharg\u00e9e de mission des territoires, Mme Sylvie QUINTIN, attach\u00e9e d'administration  \nde l'Etat charg\u00e9e de mission d\u00e9veloppement \u00e9conomique et num\u00e9rique, Mme  Anne  \nFILALI,  secr\u00e9taire  administrative  de  classe  sup\u00e9rieure,  cheffe  de  la  section  \ncoordination administrative interne.\npour signer, dans la limite des attributions relevant de leur service respectif, tous documents, \nhors les exceptions vis\u00e9es \u00e0 l'article 1er.\nArticle 4 : En cas d'absence ou d'emp\u00eachement de M. Jean-Louis BIOU et de l'un de ses chefs \nde service de la direction, les autres chefs de bureaux d\u00e9l\u00e9gataires pr\u00e9sents ou les charg\u00e9s de  \nmission ont d\u00e9l\u00e9gation pour signer en lieu et place du directeur et dudit chef de service  \nconcern\u00e9.\nArticle  5     :  L'arr\u00eat\u00e9  n\u00b0 30-2024-10-14-00006  du  14  octobre  2024 donnant  d\u00e9l\u00e9gation  de \nsignature  \u00e0   M.  Jean-Louis  BIOU,   directeur de  la  citoyennet\u00e9,  de  la  l\u00e9galit\u00e9 et  de  la \ncoordination, \u00e0 la pr\u00e9fecture du Gard est abrog\u00e9.\nArticle 6 : Le pr\u00e9sent arr\u00eat\u00e9 prend effet \u00e0 compter de sa date de publication.\nArticle 7 : Le secr\u00e9taire g\u00e9n\u00e9ral de la pr\u00e9fecture du Gard est charg\u00e9 de l'ex\u00e9cution du pr\u00e9sent \narr\u00eat\u00e9 qui sera publi\u00e9 au recueil des actes administratifs de la pr\u00e9fecture.\nN\u00eemes, le 8 janvier 2025\nLe pr\u00e9fet     \n  \nsign\u00e9\n  J\u00e9r\u00f4me BONET\nPrefecture du Gard - 30-2025-01-08-00002 - Arr\u00eat\u00e9 donnant d\u00e9l\u00e9gation de signature \u00e0 M. Jean-Louis BIOU, directeur de la citoyennet\u00e9,\nde la l\u00e9galit\u00e9 et de la coordination \u00e0 la pr\u00e9fecture du Gard 6\nPrefecture du Gard\n30-2025-01-08-00001\nArr\u00eat\u00e9 n\u00b0 30-2025-01-08-00001 portant\nrestriction de la libert\u00e9 d'aller et venir des\nsupporters de \nl'Association Sportive de Nancy-Lorraine et\nencadrant leur d\u00e9placement \u00e0 l'occasion de la\n16\u00e8me journ\u00e9e de championnat de National\nopposant l'\u00e9quipe du N\u00eemes Olympique \u00e0 celle\nde l'Association Sportive Nancy-Lorraine le\nvendredi 10 janvier 2025 \u00e0 19H30 au Stade des \nAntonins \u00e0 N\u00eemes\nPrefecture du Gard - 30-2025-01-08-00001 - Arr\u00eat\u00e9 n\u00b0 30-2025-01-08-00001 portant restriction de la libert\u00e9 d'aller et venir des\nsupporters de \nl'Association Sportive de Nancy-Lorraine et encadrant leur d\u00e9placement \u00e0 l'occasion de la 16\u00e8me journ\u00e9e de championnat de\nNational opposant l'\u00e9quipe du N\u00eemes Olympique \u00e0 celle de l'Association Sportive Nancy-Lorraine le vendredi 10 janvier 2025 \u00e0 19H30\nau Stade des \nAntonins \u00e0 N\u00eemes\n7\n| 9 _ .PR\u00c9FET CabinetDU GARD Direction des s\u00e9curit\u00e9sp ' Service d'animation desFraternit\u00e9 politiques de s\u00e9curit\u00e9 int\u00e9rieure\nArr\u00eat\u00e9 n\u00b0 30-2025-01-08-00001portant restriction de la libert\u00e9 d'aller et venir des supporters del'Association Sportive de Nancy-Lorraine et encadrant leur d\u00e9placement \u00e0 l'occasion de la16\u00e8me journ\u00e9e de championnat de National opposant l'\u00e9quipe du N\u00eemes Olympique \u00e0 celle del'Association Sportive Nancy-Lorraine le vendredi 10 janvier 2025 \u00e0 19H30 au Stade desAntonins \u00e0 N\u00eemes |\nLe pr\u00e9fet du GardChevalier de la L\u00e9gion d' honneurChevalier de l'ordre national du M\u00e9rite\nVu le code p\u00e9nal ;Vu le code g\u00e9n\u00e9ral des collectivit\u00e9s territoriales et notamment son article L.2214-4 ;Vu le code de la s\u00e9curit\u00e9 int\u00e9rieure ;Vu le code des relations entre le public et I'administration, notamment ses artlcles L. 211-2 et L 211-S;Vu le code du sport, notamment ses articles L. 332-1 \u00e0 L. 332-21 ,Vu la loi du 2 mars 2010 renfor\u00e7ant la lutte contre les violences de groupes et la protection despersonnes charg\u00e9es d'une mission de service public ;Vu la loi N\u00b02016-564 du 10 mai 2016 et les d\u00e9crets N\u00b02016-957 du 12 juillet 2016 et N\u00b02016-1954 du28 d\u00e9cembre 2016 renfor\u00e7ant le dialogue avec les supporters et la lutte contre le hooliganisme ;Vu la loi n\u00b02017:1510 du 30 octobre 2017 renfor\u00e7ant la s\u00e9curit\u00e9 int\u00e9rieure et la lutte contre leterrorisme ;Vu le d\u00e9cret n\u00b02004-374 du 29 avril 2004 modifi\u00e9 relatif aux pouvoirs des pr\u00e9fets, \u00e0 I'organisation et\u00e0 l'action des services de I'Etat dans les r\u00e9gions et les d\u00e9partements ;Vu le d\u00e9cret du 13 juillet 2023 nommant M. J\u00e9r\u00f4me BONET, pr\u00e9fet du Gard ;Vu l'arr\u00eat\u00e9 pr\u00e9fectoral n\u00b030-2024-10-18-00009 du 18 octobre 2024 donnant d\u00e9l\u00e9gation signature \u00e0Mme Marie-Charlotte EUVRARD, sous-pr\u00e9f\u00e8te, directrice de cabinet du pr\u00e9fet du Gard ;Vu le d\u00e9cret n\u00b02021-551 du 4 mai 2021 portant publication de la convention du Conseil de I'Europesur une approche int\u00e9gr\u00e9e de la s\u00e9curit\u00e9, de la s\u00fbret\u00e9 et des services lors des matchs de football etautres manifestations sportives ;Vu l'arr\u00e9t\u00e9 minist\u00e9riel du 28 ao\u00fbt 2007 portant cr\u00e9ation d'un traitement automatis\u00e9 de donn\u00e9es \u00e0caract\u00e8re personnel relatif aux personnes interdites de stade ;Vu la circulaire du ministre de l'Int\u00e9rieur INTK2127556] du 10 septembre 2021 relative \u00e0 la luttecontre la violence dans les stades ;Vu l'instruction minist\u00e9rielle compl\u00e9mentaire INTK213355) du 31 d\u00e9cembre 2021 relative auxmesures de police administrative pour lutter contre la violence dans les stades ;Vu l'instruction minist\u00e9rielle INTD2205085] du 25 avril 2022 relative aux rencontres sportives \u00e0risques et interdictions de d\u00e9placement de supporters ; -\nH\u00f4tel de la Pr\u00e9fecture10 avenue Feuch\u00e8res \u2014 30045 NIMES CEDEX 9T\u00e9l : 04.66.36.43.90- Fax : 04.66.36.00.87www.gard.gouv.fr\nPrefecture du Gard - 30-2025-01-08-00001 - Arr\u00eat\u00e9 n\u00b0 30-2025-01-08-00001 portant restriction de la libert\u00e9 d'aller et venir des\nsupporters de \nl'Association Sportive de Nancy-Lorraine et encadrant leur d\u00e9placement \u00e0 l'occasion de la 16\u00e8me journ\u00e9e de championnat de\nNational opposant l'\u00e9quipe du N\u00eemes Olympique \u00e0 celle de l'Association Sportive Nancy-Lorraine le vendredi 10 janvier 2025 \u00e0 19H30\nau Stade des \nAntonins \u00e0 N\u00eemes\n8\nVu le compte-rendu de la r\u00e9union de s\u00e9curit\u00e9 organis\u00e9e le mardi 07 janvier 2025 dans le cadre de lapr\u00e9paration de la rencontre opposant l'\u00e9quipe du N\u00eemes Olympique \u00e0 celle de l'AssociationSportive de Nancy-Lorraine le vendredi 10 janvier 2025 \u00e0 19H30 au Stade des Antonins \u00e0 N\u00eemes ;Consid\u00e9rant qu'en vertu de l'article L.33216-2 du code du sport, il appartient au pr\u00e9fet, pourpr\u00e9venir les troubles graves \u00e0 l'ordre public et \u00e0 la s\u00e9curit\u00e9 des personnes et des biens \u00e0 l'occasiondes manifestations sportives, de restreindre la libert\u00e9 d'aller et venir des personnes se pr\u00e9valant dela qualit\u00e9 de supporters ou se comportant comme tels, dont la pr\u00e9sence lors d''une manifestationsportive est susceptible d'occasionner des troubles graves \u00e0 l'ordre public ;Consid\u00e9rant que l'\u00e9quipe du N\u00eemes O'lympique sera oppos\u00e9e \u00e0 celle de l'Association Sportive deNancy-Lorraine, lors d'une rencontre, dans le cadre de la 16\u00b0 journ\u00e9e de championnat de France defootball de National, le vendredi 10 janvier 2025 \u00e0 19h30 au Stade des Antonins \u00e0 N\u00eemes ;Consid\u00e9rant l'antagonisme historique qui existe entre les supporters nanc\u00e9iens et les supporters duclub Nimes Olympique et qui les a oppos\u00e9s en diverses occasions, comme en attestent les faitssuivants : ' |- le 22 ao\u00fbt 2015, lorsqu'une cinquantaine de supporters nanc\u00e9iens p\u00e9n\u00e9trait dans la Brasserie LesTrois Brasseurs situ\u00e9e \u00e0 proximit\u00e9 du stade o\u00f9 se trouvait une vingtaine d'ultras gardois membresdes Gladiators. Une violente rixe \u00e9clatait et de nombreuses d\u00e9gradations \u00e9taient \u00e0 d\u00e9plorer. Seulel'arriv\u00e9e des effectifs de Police permettait de mettre un terme \u00e0 cet affrontement o\u00f9 3 bless\u00e9s\u00e9taient recens\u00e9s de part et d'autre.- le 22 janvier 2016 \u00e0 Nancy (match retour), lors de l'arriv\u00e9e des autocars transportant lessupporters nimois et malgr\u00e9 le dispositif policier, le convoi \u00e9tait la cible de jets de projectiles parune cinquantaine d'ultras lorrains issus des Saturday FC. En r\u00e9ponse, les ultras gardois tentaient desortir des v\u00e9hicules afin d'en d\u00e9coudre physiquement avec leurs homologues nanc\u00e9iens. Seule unenouvelle intervention des forces de l'ordre permettait d'emp\u00eacher l'affrontement.- lors de la saison 2017-2018 de Ligue 2, les deux rencontres qui s'\u00e9taient tenues, respectivement, le14 ao\u00fbt 2017 \u00e0 Nimes et le 16 janvier 2018 \u00e0 Nancy avaient fait I'objet d'arr\u00eat\u00e9s pr\u00e9fectoraux, lesclubs de supporters visiteurs ne s'\u00e9taient pas, par cons\u00e9quent, d\u00e9plac\u00e9s ;- lors de la saison 2021-2022 de ligue 2, le match aller, \u00e0 N\u00eemes, avait \u00e9galement fait l'objet d'unarr\u00eat\u00e9 pr\u00e9fectoral d'encadrement. Cette rencontre avait \u00e9t\u00e9 class\u00e9e Niveau 3 par la DivisionNationale de Lutte contre le Hooliganisme. 130 ultras nanc\u00e9iens envisageaient de se d\u00e9placer austade, accompagn\u00e9s d'une vingtaine de Ni\u00e7ois, membres du groupe ultra Populaire Sud Nice,opposants aux Gardois. Finalement, 70 visiteurs du kop Saturday FC accompagn\u00e9s d'une vingtainede Nicois, s'\u00e9taient rendus dans le Gard avec la ferme intention d'organiser un affrontement avecleurs homologues nimois, sans toutefois y parvenir. N'ayant pas respect\u00e9 les termes de l'arr\u00eat\u00e9\\ pr\u00e9fectoral pris \u00e0 cette occasion, ces ultras avaient \u00e9t\u00e9 raccompagn\u00e9s hors du d\u00e9partement duGard, sur instruction de Madame la Pr\u00e9f\u00e8te du Gard ;_le 18 ao\u00fbt 2023, dans le cadre de la rencontre FC Rouen - Nimes olympique de la 2\u00e8me journ\u00e9e duchampionnat de National, des supporters nimois ont \u00e9t\u00e9 vis\u00e9s par des jets de projectiles et depyrotechnie, initi\u00e9s par des ultras du groupe de supporters Rouen Fans, renforc\u00e9s par des \u00e9l\u00e9mentsdu groupe de supporters Saturday FC venus de Nancy et qu'une rixe s'en est suivie sur les voies decirculation, obligeant les forces de l'ordre \u00e0 faire usage de gaz lacrymogenes ;- le vendredi 6 septembre 2024 \u00e0 18h30 dans le cadre de la 4\u00b0 journ\u00e9e du championnat de Francede football de National, pour la venue dans le Gard du Football Club de Rouen 1899, au stade desAntonins, les ultras du groupe Rouen Fans, accompagn\u00e9s d'une poign\u00e9e de Nanc\u00e9iens du kopSaturday FC n'avaient pas pu atteindre le stade, en raison d'un comit\u00e9 d'accueil mis en place par leslocaux GN-91. Ils \u00e9taient rest\u00e9s discr\u00e8tement \u00e0 distance sans pouvoir approcher, inqui\u00e9t\u00e9s par unnombre sup\u00e9rieur de n\u00eemois. Un contact pris avec les int\u00e9ress\u00e9s, avait permis de confirmer lapr\u00e9sence des Nanc\u00e9iens. -Consid\u00e9rant que, compte tenu de l'ensemble des faits pr\u00e9cit\u00e9s, en l'absence de mesuresd'encadrement du d\u00e9placement des supporters de l'Association Sportive Nancy-Lorraine, lesrisques d'affrontements avec les supporters du club de N\u00eemes Olympique sont av\u00e9r\u00e9s ;\nPrefecture du Gard - 30-2025-01-08-00001 - Arr\u00eat\u00e9 n\u00b0 30-2025-01-08-00001 portant restriction de la libert\u00e9 d'aller et venir des\nsupporters de \nl'Association Sportive de Nancy-Lorraine et encadrant leur d\u00e9placement \u00e0 l'occasion de la 16\u00e8me journ\u00e9e de championnat de\nNational opposant l'\u00e9quipe du N\u00eemes Olympique \u00e0 celle de l'Association Sportive Nancy-Lorraine le vendredi 10 janvier 2025 \u00e0 19H30\nau Stade des \nAntonins \u00e0 N\u00eemes\n9\nConsid\u00e9rant qu'au vu des faits \u00e9num\u00e9r\u00e9s, les deux \u00e9quipes de supporters risquent de s'affronterphysiquement, que le risque d'attroupements et de troubles \u00e0 l'ordre public avant, pendant etapr\u00e8s le match, en centre-ville et sur un p\u00e9rim\u00e8tre \u00e9largi autour du stade, est av\u00e9r\u00e9 ;Consid\u00e9rant, par ailleurs, la capacit\u00e9 d'accueil limit\u00e9e dans le parcage visiteurs du stade desAntonins qui est un stade provisoire et la complexit\u00e9 de gestion des flux de circulation dansl'environnement imm\u00e9diat du stade des Antonins qui n\u00e9cessite, en fonction du niveau de risquedes rencontres de football, des mesures de circulation adapt\u00e9es, fix\u00e9es par arr\u00eat\u00e9 municipal ;Consid\u00e9rant que cette rencontre a \u00e9t\u00e9 provisoirement class\u00e9e \u00e0 risque de Niveau 1 par la DivisionNationale de Lutte contre le Hooliganisme, en raison de l'antagonisme entre les supporters desclubs nanc\u00e9ien et nimois et des ant\u00e9c\u00e9dents de violence qui animent les ultras des deuxformations ; | |Consid\u00e9rant que la mobilisation des forces de s\u00e9curit\u00e9, m\u00eame en nombre important, ne pourra, \u00e0d\u00e9faut de l'adoption de mesures de restriction et d'encadrement particuli\u00e8res, suffire \u00e0 assurer las\u00e9curit\u00e9 des personnes et notamment celle des supporters eux-m\u00eames ;Consid\u00e9rant que, dans le m\u00eame temps, les forces de l'ordre sont toujours particuli\u00e8rementmobilis\u00e9es pour faire face \u00e0 la menace terroriste qui demeure actuelle et pr\u00e9gnante sur l'ensembledu territoire national qu'elles ne sauraient \u00eatre d\u00e9tourn\u00e9es de ses missions prioritaires pourr\u00e9pondre \u00e0 des d\u00e9bordements li\u00e9s au comportement de supporters dans le cadre de rencontressportives telles que ce match ;Consid\u00e9rant la disponibilit\u00e9 limit\u00e9e des forces mobiles, dont le concours n'est aucunement garanti\u00e0 la date de signature du pr\u00e9sent arr\u00eat\u00e9, pour assurer la s\u00e9curit\u00e9 des personnes, et notamment celledes supporters eux-m\u00eames ;Consid\u00e9rant que, dans ces conditions, la pr\u00e9sence sur la voie publique, en centre-ville, auxalentours du stade des Antonins, de personnes se pr\u00e9valant de la qualit\u00e9 de supporter del'Association Sportive Nancy- Lorraine ou connues comme \u00e9tant supporters de ce club, \u00e0 l'occasiondu match qui se d\u00e9roulera le vendredi 10 janvier 2025 \u00e0 19h30, comporte des risques s\u00e9rieux pour las\u00e9curit\u00e9 des personnes et des biens et qu''il convient ainsi de limiter la libert\u00e9 d'aller et venir detoute personne se pr\u00e9valant de la qualit\u00e9 de supporters de l'Association Sportive Nancy-Lorraine ;Sur proposition de Madame la directrice de Cabinet,ARR\u00caTE\n'\nArticle 1 : Est interdit \u00e0 toute personne se pr\u00e9valant de la qualit\u00e9 de supporter de l'AssociationSportive Nancy-Lorraine ou se comportant comme tel, du vendredi 10 janvier 2025 \u00e0 11h00 ausamedi 11 janvier 2025 \u00e0 01h00, de circuler ou de stationner sur la voie publique dans un p\u00e9rim\u00e8tred\u00e9limit\u00e9 par les rues suivantes et dont la cartographie est annex\u00e9e au pr\u00e9sent arr\u00eat\u00e9:e au Nord: Quais de la Fontaine/boulevard Gambetta\u00ab \u00e0 l'Est: rue S\u00e9guier/rue des jardins/rue de Bouillargues / boulevard Salvador Allende /route deSt Gilles |* au Sud: p\u00e9age Nimes centre sur l'A54/autoroute A54/p\u00e9age Nimes Ouest sur l'A9* \u00e0 l'Ouest: chemin du mas de Deveze/chemin du cimeti\u00e8re/D540 (avenue Georges Dayan) /avenue Jean Jaur\u00e8s/rue de Verdun/avenue Georges Pompidou)\nPrefecture du Gard - 30-2025-01-08-00001 - Arr\u00eat\u00e9 n\u00b0 30-2025-01-08-00001 portant restriction de la libert\u00e9 d'aller et venir des\nsupporters de \nl'Association Sportive de Nancy-Lorraine et encadrant leur d\u00e9placement \u00e0 l'occasion de la 16\u00e8me journ\u00e9e de championnat de\nNational opposant l'\u00e9quipe du N\u00eemes Olympique \u00e0 celle de l'Association Sportive Nancy-Lorraine le vendredi 10 janvier 2025 \u00e0 19H30\nau Stade des \nAntonins \u00e0 N\u00eemes\n10\nArticle 2 : Font exception aux dispositions de l'article 1%, les supporters de l'Association SportiveNancy-Lorraine, pr\u00e9munis de titres d'acc\u00e8s au stade, et devront se regrouper au point deralliement, d\u00e9fini et communiqu\u00e9 pr\u00e9alablement \u00e0 l'Association Sportive Nancy- Lorraine par lapr\u00e9fecture du Gard, afin d'\u00eatre achemin\u00e9s vers le parking visiteur (tribune nord) du stade desAntonins. Les services de la police nationale escorteront les supporters du point de ralliementjusqu'au stade des Antonins.L'arriv\u00e9e des supporters au point de rendez-vous est fix\u00e9e le vendredi 10 janvier 2025 \u00e0 18h00 auplus tard. -Le d\u00e9part du point de rendez-vous, sous escorte, est fix\u00e9 a 18h15 au plus tard.Article 3 : Sont interdits du vendredi 10 janvier 2025 \u00e0 11h00 au samedi 11 janvier 2025 \u00e0 01h00 :e dans le p\u00e9rim\u00e8tre vis\u00e9 \u00e0 l'article 1 et dans l'enceinte du stade la possession, le transport etl'utilisation de tous petards fumig\u00e8nes, drapeaux ou banderoles dont les inscriptionsappellent \u00e0 la provocation, \u00e0 la violence ou \u00e0 la haine et tout objet pouvant \u00eatre utilis\u00e9comme projectile, ainsi que la possession et le transport de toute boisson alcoolis\u00e9e,e dans le p\u00e9rim\u00e8tre vis\u00e9 \u00e0 l'article 1\" et dans l'enceinte du stade (\u00e0 l'exception du secteurvisiteurs de la tribune nord), tout comportement permettant de caract\u00e9riser la qualit\u00e9 d'unindividu en tant que supporter de l'Association Sportive Nancy-Lorraine arborer undrapeau, une \u00e9charpe, un signe ou toute autre pi\u00e8ce de v\u00eatement aux couleurs ou auxsymboles de l'Association Sportive Nancy- Lorraine ou de chanter les hymnes propres \u00e0 ceclub.Article 4 : Le pr\u00e9sent arr\u00eat\u00e9 sera publi\u00e9 au recueil des actes administratifs de la pr\u00e9fecture du Gard,notifi\u00e9 \u00e0 monsieur le directeur interd\u00e9partemental de la police nationale du Gard, au colonelcommandant le groupement de gendarmerie d\u00e9partementale du Gard, \u00e0 madame la Procureurede la R\u00e9publique pr\u00e8s le Tribunal judiciaire de N\u00eemes, \u00e0 messieurs les pr\u00e9sidents de la Ligue deFootball Professionnel, des clubs du N\u00eemes Olympique et de l'Association Sportive Nancy-Lorraineet \u00e0 monsieur le maire de N\u00eemes. Il sera affich\u00e9 en mairie de N\u00eemes et aux abords des p\u00e9rim\u00e8tresd\u00e9finis \u00e0 l'article 1\u00a2\".Article 5 : Conform\u00e9ment aux dispositions de l'article R 421-1 et suivants du code de la justiceadministrative, le pr\u00e9sent arr\u00e9t\u00e9 peut faire l'objet d'un recours contentieux devant le tribunaladministratif de N\u00eemes dans un d\u00e9lai de deux mois \u00e0 compter de sa date de notification. Letribunal administratif peut aussi \u00eatre saisi par l'application informatique \u00abT\u00e9l\u00e9recours citoyens\u00bbaccessible par le site internet www.telerecours.fr .Article 6 : Madame la sous-pr\u00e9f\u00e8te, directrice de cabinet du pr\u00e9fet du Gard, monsieur le directeurinterd\u00e9partemental de la police nationale du Gard, le colonel commandant le groupement degendarmerie d\u00e9partementale du Gard, monsieur le maire de Nimes, sont charg\u00e9s, chacun en ce qU|le concerne, de I'ex\u00e9cution du pr\u00e9sent arr\u00eat\u00e9.N\u00eerfies, e 0 8 JAN, 2025\nMarie-Charlotte EUVRARD\nPrefecture du Gard - 30-2025-01-08-00001 - Arr\u00eat\u00e9 n\u00b0 30-2025-01-08-00001 portant restriction de la libert\u00e9 d'aller et venir des\nsupporters de \nl'Association Sportive de Nancy-Lorraine et encadrant leur d\u00e9placement \u00e0 l'occasion de la 16\u00e8me journ\u00e9e de championnat de\nNational opposant l'\u00e9quipe du N\u00eemes Olympique \u00e0 celle de l'Association Sportive Nancy-Lorraine le vendredi 10 janvier 2025 \u00e0 19H30\nau Stade des \nAntonins \u00e0 N\u00eemes\n11\nAnnexetre d'interdiction=,\u00e9rim\u00e8P\n\u00e9rim\u00e8treP\nPrefecture du Gard - 30-2025-01-08-00001 - Arr\u00eat\u00e9 n\u00b0 30-2025-01-08-00001 portant restriction de la libert\u00e9 d'aller et venir des\nsupporters de \nl'Association Sportive de Nancy-Lorraine et encadrant leur d\u00e9placement \u00e0 l'occasion de la 16\u00e8me journ\u00e9e de championnat de\nNational opposant l'\u00e9quipe du N\u00eemes Olympique \u00e0 celle de l'Association Sportive Nancy-Lorraine le vendredi 10 janvier 2025 \u00e0 19H30\nau Stade des \nAntonins \u00e0 N\u00eemes\n12","date":"2025-01-08","first_seen_on":"2025-01-08T15:50:54+00:00","id":"f3e9000e282a1181ad626cb9d7258297d14cbb8b2b65e3d25d5ce214d37d922c","name":"recueil-30-2025-003-special du 08 01 2025","pdf_creation_date":"2025-01-08T15:14:36+00:00","pdf_modification_date":null,"timezone":"CET","url":"https://www.gard.gouv.fr/contenu/telechargement/61601/457026/file/recueil-30-2025-003-special%20du%2008%2001%202025.pdf"}
