{"administration":"pref80","administration_name":"Pr\u00e9fecture de la Somme","content":"PR\u00c9FET\nDE LA SOMME\nRECUEIL DES ACTES\nADMINISTRATIFS SP\u00c9CIAL\nN\u00b02024-102\nPUBLI\u00c9 LE  3 JUIN 2024\nSommaire\nDirection d\u00e9partementale des finances publiques de la Somme / Secr\u00e9tariat\nde direction\n80-2024-05-30-00003 - D\u00e9cision de d\u00e9l\u00e9gation g\u00e9n\u00e9rale de signature hors\nvolet comptable public (2 pages) Page 3\n80-2024-05-30-00004 - D\u00e9cision de d\u00e9l\u00e9gations sp\u00e9ciales de signature - P\u00f4le\nm\u00e9tiers et expertise (3 pages) Page 6\nDirection D\u00e9partementale des Territoires et de la Mer /\n80-2024-05-30-00005 - Arr\u00eat\u00e9 portant approbation du plan de pr\u00e9vention\ndu bruit dans l'environnement (PPBE) des infrastructures routi\u00e8res\nnationales dont le trafic annuel est sup\u00e9rieur \u00e0 3 millions de v\u00e9hicules et\nferroviaires dont le trafic annuel est sup\u00e9rieur \u00e0 30 000 passages de trains,\ndans le d\u00e9partement de la Somme (4\u00e8 \u00e9ch\u00e9ance) (2 pages) Page 10\n80-2024-06-03-00002 - Arr\u00eat\u00e9 portant d\u00e9l\u00e9gation de signature \u00e0\nM.VANDEVOORDE, directeur d\u00e9partemental des territoires et de la mer de\nla Somme par int\u00e9rim (4 pages) Page 13\n80-2024-06-03-00003 - Arr\u00eat\u00e9 portant d\u00e9l\u00e9gation de signature en mati\u00e8re\nd'ordonnancement secondaire \u00e0 M.VANDEVOORDE, directeur\ndepartemental des territoires et de la mer de la Somme par int\u00e9rim (4\npages) Page 18\n80-2024-05-24-00009 - Arr\u00eat\u00e9 r\u00e8glementant temporairement la circulation\nafin de permettre les travaux de chauss\u00e9e du PR 0 au PR 1+200 dans les\ndeux sens de circulation de la route nationale 25 (4 pages) Page 23\n2\nDirection d\u00e9partementale des finances\npubliques de la Somme\n80-2024-05-30-00003\nD\u00e9cision de d\u00e9l\u00e9gation g\u00e9n\u00e9rale de signature\nhors volet comptable public\nDirection d\u00e9partementale des finances publiques de la Somme - 80-2024-05-30-00003 - D\u00e9cision de d\u00e9l\u00e9gation g\u00e9n\u00e9rale de signature\nhors volet comptable public 3\nES  : a | +\nR\u00c9PUBLIQUE  | 7.  |\nFRAN\u00c7AISE  . LR  | FINANCES  PUBLIQUES\nLibert\u00e9\n\u00c9galit\u00e9\nFraternit\u00e9\nAmiens,  le 30 mai  2024\nDirection  d\u00e9partementale  ~~ ;\ndes  Finances  publiques  de la Somme\n22 rue  de l'Amiral  Courbet  - CS 12613\n80026  AMIENS  CEDEX  1\nD\u00c9CISION  DE D\u00c9L\u00c9GATION  G\u00c9N\u00c9RALE  DE SIGNATURE\nHORS  VOLET  COMPTABLE  PUBLIC\n( L'administrateur  de |' Etat,\n. directeur  d\u00e9partemental  des finances  publiques  de la Somme  par int\u00e9rim,\nVu le d\u00e9cret  n\u00b0 2008-310  du 3 avril  2008  relatif  \u00e0 la direction  g\u00e9n\u00e9rale  des finances  publiques  ;\nVu le d\u00e9cret  n\u00b0 2009-208  du 20 f\u00e9vrier  2009  relatif  au statut  particulier  des administrateurs\ndes  finances  publiques  ;\nVu le d\u00e9cret.  n\u00b0 2009-707  du. 16 juin 2009 modifi\u00e9  relatif aux services  d\u00e9concentr\u00e9s  de la\ndirection  g\u00e9n\u00e9rale  des  finances  publiques  ; |\nVu le d\u00e9cret  n\u00b0 2012-1246  du 7 novembre  2012 relatif a la gestion  budg\u00e9taire  et comptable\npublique  ;\nVu l'arr\u00eat\u00e9  du 18 juin 2009  portant  cr\u00e9ation  de la direction  r\u00e9gionale  de Picardie  et du\nd\u00e9partement  de la Somme;\nVu le d\u00e9cret  n\u00b0 2015-1689  du 17 d\u00e9cembre  2015 portant  diverses  mesures  d'organisation  et de\nfonctionnement  dans  les r\u00e9gions  de l'administration  territoriale  de l'\u00c9tat  et de commissions\nadministratives  ;\nVU l'arr\u00eat\u00e9  du 19 mars 2024 (BOFIP-  RHO-24-  0822 du 19 mars 2024) chargeant  M. Pascal\n= FLAMME,  administrateur  de l'\u00c9tat  du deuxi\u00e8me.  grade,  de l'int\u00e9rim  de la direction\nd\u00e9partementale  des finances  publiques  de la Somme,  \u00e0 compter  du 1\u00b0 avril  2024  ; :\nD\u00e9cide  : |\nArticle  1: D\u00e9l\u00e9gation  g\u00e9n\u00e9rale  de signature  est: donn\u00e9e  \u00e0': Mme  Isabelle  JOUINOT,\n| administratrice  de l'\u00c9tat,  responsable  du p\u00f4le  m\u00e9tiers  et expertise.\nCelle-ci  re\u00e7oit mandat  de me suppl\u00e9er  dans l'exercice  de mes fonctions  et de signer,  seule ou\nconcurremment  avec  moi,  sous  r\u00e9serve  des  dispositions  de l'article  2 et des  restrictions\nexpress\u00e9ment  pr\u00e9vues  par  la r\u00e9glementation,  tous  les actes  relatifs  \u00e0 ma gestion  et aux\naffaires  qui s'y rattachent.\n\u00e0\nElle est autoris\u00e9e  \u00e0 agir en justice  et \u00e0 effectuer  des d\u00e9clarations  de cr\u00e9ances.\n. | \\\nDirection d\u00e9partementale des finances publiques de la Somme - 80-2024-05-30-00003 - D\u00e9cision de d\u00e9l\u00e9gation g\u00e9n\u00e9rale de signature\nhors volet comptable public 4\nRecoivent  les m\u00eames  pouvoirs  \u00e0 condition  de n'en  faire  usage  qu'en  cas d'emp\u00e9chement  de\nma part  ou de Mme  Isabelle  JOUINOT,  sans  toutefois  que  le non-emp\u00e9chement  soit\nopposable  aux  tiers  et SOUS  r\u00e9serve  des  d\u00e9l\u00e9gations  sp\u00e9cifiques  relatives  au contentieux\nfiscal  :\n\u2014 Mme Flore GASNOT,  cheffe  de service  administratif  des finances  publiques  ;\n_ M. S\u00e9bastien  CARPENTIER,  chef  de service  administratif  des finances  publiques  ;\n- Mme  Sylvia  BURE,  administratrice  des finances  publiques  adjointe  ; |\n\u2014 M. Fabien  DEURBERGUE,  administrateur  des finances  publiques  adjoint  ;\n\u2014 M. Vincent  FAGUE,  administrateur  des  finances  publiques  adjoint  ;\n_ Mme Charlotte  BEURRIER,  inspectrice  principale  des finances  publiques  ;\n\u2014~ Mme Emilie CHATRIE,  inspectrice  principale  des finances  publiques  ;\n< Mme Annick  CANY,  inspectrice  divisionnaire  des finances  publiques  ;\n_ \u2014 M. Eric VENEL,  inspecteur  divisionnaire  des finances  publiques.\nArticle  2 : Sont  exclus  du champ  de la pr\u00e9sente  d\u00e9l\u00e9gation  tous  les actes  aff\u00e9rents  \u00e0 l'exercice\ndes missions  exclusivement  d\u00e9volues  aux comptables  publics  par les articles  18, 19 et 20. du\n\"d\u00e9cret  n\u00b0 2012-1246  du 7 novembre  2012.\nArticle  3 : La pr\u00e9sente  d\u00e9cision  prend effet le 3 juin 2024. Elle sera publi\u00e9e  au recueil  des actes\nadministratifs  du d\u00e9partement  de la somme.\nL'administrateur  de l'\u00c9tat,\ndirecteur  d\u00e9part\u00e9mMental-des  finances  publiques\npar  int\u00e9rim\nPascal  FLAMME  ~~\nowe\nparece  29\nrarest\nDirection d\u00e9partementale des finances publiques de la Somme - 80-2024-05-30-00003 - D\u00e9cision de d\u00e9l\u00e9gation g\u00e9n\u00e9rale de signature\nhors volet comptable public 5\nDirection d\u00e9partementale des finances\npubliques de la Somme\n80-2024-05-30-00004\nD\u00e9cision de d\u00e9l\u00e9gations sp\u00e9ciales de signature -\nP\u00f4le m\u00e9tiers et expertise\nDirection d\u00e9partementale des finances publiques de la Somme - 80-2024-05-30-00004 - D\u00e9cision de d\u00e9l\u00e9gations sp\u00e9ciales de signature\n- P\u00f4le m\u00e9tiers et expertise 6\nEx  \u00bb | CE  F\nR\u00c9PUBLIQUE  .\nFRAN\u00c7AISE  FINANCES  PUBLIQUES\nLibert\u00e9\nEgalit\u00e9\nFraternit\u00e9\nAmiens,  le 30 mai 2024\nDirection  d\u00e9partementale  . |\n- des  Finances  publiques  de la Somme\n22 rue  de l'Amiral  Courbet  - CS 12613\n80026  AMIENS  CEDEX  1 ;\nDECISION  DE DELEGATIONS  SPECIALES  DE SIGNATURE\n'POLE  M\u00c9TIERS  ET EXPERTISE\nL'administrateur  de l'\u00c9tat,\n_ directeur  d\u00e9partemental  des finances  publiques  de la Somme  par int\u00e9rim,\n\\\nVu le d\u00e9cret  n\u00b0 2012-1246  du 7 novembre  2012  ACCUS  a la gestion  budg\u00e9taire  et comptable\n'publique  ;\nVu le d\u00e9cret  n\u00b0 2008-309  du 3 avril 2008 portant  dispositions  transitoires  relatives  \u00e0 la\ndirection  g\u00e9n\u00e9rale  des finances  publiques  ;.\nVu le d\u00e9cret  n\u00b0 2008-  310 du 3 avril 2008  relatif  \u00e0 la direction  g\u00e9n\u00e9rale  des finances  publiques  :\nVu le d\u00e9cret  n\u00b0 2009-208  du 20 f\u00e9vrier  2009  relatif  au statut  particulier  des administrateurs  .\ndes  finances  publiques  ;\nVu le d\u00e9cret  n\u00b0 2009-707.  du 16 juin 2009 modifi\u00e9  relatif  aux services  d\u00e9concentr\u00e9s  de la\ndirection  g\u00e9n\u00e9rale  des  finances  publiques  ; 7. |\nVu l'arr\u00eat\u00e9  du 18 juin  2009  portant  cr\u00e9ation  de la direction  r\u00e9gionale  de Picardie  et du\nd\u00e9partement  de la Somme  ;\nVu le d\u00e9cret  n\u00b0 2015-1689  du 17 d\u00e9cembre  2015 portant  diverses  mesures  d' Dent eco  et de\nfonctionnement  dans  les r\u00e9gions  de Lacmoinistiarion  territoriale  de l'\u00c9tat  et de commissions\nadministratives  ;\nVu l'arr\u00eat\u00e9  du 19 mars 2024 (BOFIP-RHO-24-  0822 du 19 mars 2024) chargeant  M. Pascal\nFLAMME,  administrateur  de l'\u00c9tat  du deuxi\u00e8me  grade,  de l'int\u00e9rim  de la direction\nd\u00e9partementale  des  finances  publiques  de la Somme,  \u00e0 compter  du 1 avril  2024  ;\nD\u00e9cide  :\nArticle  1: D\u00e9l\u00e9gation  sp\u00e9ciale  de signature  pour  signer  les pi\u00e8ces  ou documents  relatifs  aux\nattributions  de leur division  ou de leur service,  avec  facult\u00e9  pour.  chacun  d'eux  d'agir\ns\u00e9par\u00e9ment  et sur sa seule  signature,  l'\u00e9nonciation  des pouvoirs  ainsi  conf\u00e9r\u00e9s  \u00e9tant\nlimitative,  est donn\u00e9e  \u00e0 : \"\n- Mme Flore GASNOT,  cheffe  de service  administratif  des finances  publiques,  Mme Sylvia\nBURE,  administratrice  des  finances  publiques  adjointe,  M. Vincent  FAGUE,  administrateur\ndes finances  publiques  adjoint,  pour  ce qui concerne  leur  secteur  d'activit\u00e9  et les autres\ndivisions  du p\u00f4le  m\u00e9tiers  et expertise,  en cas d'emp\u00eachement  ou d'absence  de leur\nresponsable  et sous  r\u00e9serve  des  pr\u00e9cisions  et limitations  figurant  dans  les d\u00e9l\u00e9gations\nrelatives  au contentieux  fiscal  ; :\n- Mme  Charlotte  BEURRIER,  inspectrice  principale  des finances  publiques,  pour  ce qui\nconcerne  son  secteur  d'activit\u00e9,  en cas ... d'emp\u00e9chementk  ou d'absence  de son\n_ responsable  ;\nDirection d\u00e9partementale des finances publiques de la Somme - 80-2024-05-30-00004 - D\u00e9cision de d\u00e9l\u00e9gations sp\u00e9ciales de signature\n- P\u00f4le m\u00e9tiers et expertise 7\n1-POUR  LA DIVISION  DU SECTEUR  PUBLIC  LOCAL  :\nMme Charlotte  BEURRIER,  inspectrice  principale  des finances  publiques,  responsable  de\nla division  par int\u00e9rim,  qui re\u00e7oit  d\u00e9l\u00e9gation  pour  signer  les pi\u00e8ces  ou documents  relatifs\naux  attributions  de sa division  ; .\nMme  Sophie.  COPPENS,  inspectrice  divisionnaire,  des finances  publiques,  adjointe  a la\nresponsable  de la division,  qui re\u00e7oit:les  m\u00eames  pouvoirs  en cas yp  chement  OU\nd'absence  de Mme  BEURRIER  ;\n1-1 Service  pilotage  de l'animation  et de l'activit\u00e9  des tr\u00e9soreries  :\nMmes  Karine  BOSSONNEY  et Carole  LECLERC,  inspectrices  des finances  publiques,  et\nMM.  Bruno  ADAM,  Maxime  LOUCHART  et Manuel  MARINI,  inspecteurs  des finances\npubliques,  charg\u00e9s  de mission,  qui re\u00e7oivent  d\u00e9l\u00e9gation  pour  signer  les relev\u00e9s  de pi\u00e8ces\njustificatives,  tous  bordereaux  d'envoi,  accus\u00e9s  de r\u00e9ception,  et demandes  de\nrenseignements  adress\u00e9s  aux comptables  et administrations  relatifs  aux attributions  du\nservice,  viser  les plans  de contr\u00f4le  hi\u00e9rarchis\u00e9  de d\u00e9penses  propos\u00e9s  par les comptables\net les comptes  de gestion  sur chiffres  et toutes  pi\u00e8ces  annexes  ;\n1-2 Service  mon\u00e9tique  et d\u00e9mat\u00e9rialisation\nM. Arnaud  LEQUEUX,  inspecteur  des finances  publiques,  charg\u00e9  de mission,  qui  re\u00e7oit\nd\u00e9l\u00e9gation  pour  signer  :\n- dans  le cadre  de la d\u00e9mat\u00e9rialisation,  toutes  correspondances  avec  la Chambre\nr\u00e9gionale  des comptes  (autres  que les conventions  de d\u00e9mat\u00e9rialisation),  avec  la\nMission  de D\u00e9ploiement  de la D\u00e9mat\u00e9rialisation,  avec  les comptables  ainsi  que les\nbordereaux  d'envoi  de documentation  aux comptables,  aux collectivit\u00e9s  locales  ;\n- dans  le cadre  de la mon\u00e9tique,  toutes  correspondances  avec  le P\u00f4le  National\n' Mon\u00e9tique,  avec  les comptables,  avec  la Banque  de France  (demande  de NNE),  avec\nles Soci\u00e9t\u00e9s  de Service  Informatique  ainsi  que  les bordereaux  d'envoi  de\ndocumentation  aux comptables,  aux collectivit\u00e9s  locales  et les r\u00e9ponses  aux\n. demandes  des collectivit\u00e9s  locales  (aspect  technique  de la mon\u00e9tique).\n1-3 Service  activit\u00e9s  bancaires  ou SAB\n- Mme  Chantal  DELECROIX,  contr\u00f4leuse  principale  des finances  publiques,  qui re\u00e7oit\nd\u00e9l\u00e9gations  sur l'ensemble  des activit\u00e9s  du service  SAB,  en |\" absence  de Mme  BEURRIER  et\nde Mme  COPPENS  ;\n1-4 Service  de prestations  d'expertise  aux ordonnateurs  - Analyses  financi\u00e8res  et fiscales\nM. Laurent  MEMAIN,  inspecteur  des finances  publiques,  responsable  de service,  qui re\u00e7oit\nd\u00e9l\u00e9gation  pour  signer  tous  accus\u00e9s  de r\u00e9ception,  documents  courants,  attestations  et\nd\u00e9clarations  relatifs  \u00e0 son domaine  d'activit\u00e9  ;\nM. Michel  DUCORNET,  contr\u00f4leur  principal  des finances  publiques  et: M. Aur\u00e9lien\nPARMENTIER,  contr\u00f4leur  des finances  publiques,  qui re\u00e7oivent  les m\u00eames  pouvoirs  en cas\nd'emp\u00eachement  ou d'absence  de M. MEMAIN.\n2 - POUR  LA DIVISION  DES PARTICULIERS  ET DE LA FISCALIT\u00c9  FONCI\u00c8RE  : :\nMme Flore GASNOT,  cheffe  de service  administratif  des finances  publiques,  responsable\nde la division  ; :\nMme  St\u00e9phanie  BRISSET,  inspectrice  principale  des finances  publiques,  adjointe  au\nresponsable  de division  pour  les particuliers  et la fiscalit\u00e9  fonci\u00e8re  qui re\u00e7oit  les m\u00eames\npouvoirs  en cas d'absence  ou emp\u00e9chement  du responsable  de division  ;\nMme Caroline  LECLERCQ,  inspectrice  des finances  publiques  et M. Guillaume  MAIRESSE,\ninspecteur  des finances  publiques,  qui re\u00e7oivent  les m\u00eames  pouvoirs  en cas d'absence  ou\nemp\u00eachement  de Mmes  GASNOT  et BRISSET.  |\nDirection d\u00e9partementale des finances publiques de la Somme - 80-2024-05-30-00004 - D\u00e9cision de d\u00e9l\u00e9gations sp\u00e9ciales de signature\n- P\u00f4le m\u00e9tiers et expertise 8\n\\\n3 - POUR  LA DIVISION  DES  AFFAIRES  JURIDIQUES  ET LE P\u00d4LE  JURIDICTIONNEL\nMme Sylvia  BURE,  administratrice  d\u00e9s finances  publiques  adjointe,  responsable  de la\ndivision  ; |\n4-POUR  LA DIVISION  DE LA FISCALIT\u00c9  PROFESSIONNELLE,  DU CONTR\u00d4LE  FISCAL,  DU\nRECOUVREMENT,  DE L'ACTION  \u00c9CONOMIQUE  ET DU  SOUTIEN  AUX  ENTREPRISES  :\nM. Vincent  FAGUE,  administrateur  des finances  publiques  adjoint,  responsable  de la\ndivision  ;\nMme Emmanuelle  DELABROYE,  cheffe  de service  administratif  des finances  publiques,\nresponsable  du p\u00f4le  int\u00e9gr\u00e9  de programmation  et de contr\u00f4le  ;\nM. Fabien  GATTEGNO,  inspecteur  principal  - des finances  publiques,  service  du\nrecouvrement  forc\u00e9,  qui re\u00e7oit  les m\u00eames  pouvoirs  en cas  d'absence  ou emp\u00e9chement\ndu responsable  de division  ; |\nMmes  Sylvie  COULON-BERTRAND  et Anne  DEFRANCQ,  inspectrices  divisionnaires  des\nfinances  publiques,  qui re\u00e7oivent  les m\u00eames  pouvoirs  en cas  d'absence  ou emp\u00e9chement\ndu responsable  de division  ;\nMmes  Christen  ASSIH,  Marie  DAMETTE  et Christine  PRUCHE,  inspectrices  des  finances\npubliques,  et MM. Pascal  RICHY  et Philippe  DEBAY,  inspecteurs  des finances  publiques,\npour  ce qui  concerne  les attributions  relevant  de leur  secteur  d'activit\u00e9,  que  ce soit  dans\nles relations  qu'ils  ont  aupr\u00e8s  des  services  du r\u00e9seau  ou de l'ext\u00e9rieur  ; | :\nMme  Sylvie  DUQUENOY,  contr\u00f4leuse  principale  des finances  publiques,  pour  ce qui\nconcerne  les attributions  relevant  de son  secteur  d'activit\u00e9  et en particulier,  les relev\u00e9s  de'\npi\u00e8ces  justificatives,  ainsi  que  tous  bordereaux  d'envoi,  accus\u00e9s  de r\u00e9ception  et\n. demandes  de renseignements  adress\u00e9s  aux comptables  et administrations  ;\nMme Marie-Laure  MARCHAL,  contr\u00f4leuse  principale  des finances  publiques,  pour ce qui\nconcerne  les attributions  relevant  de son  secteur  d' activit\u00e9  ;\nM. Xavier  PREVOST,  contr\u00f4leur  des'  finances  publiques,  pour  ce qui concerne  les\nattributions  relevant  de son  secteur  d'activit\u00e9.\nArticle  2 \u2014 La pr\u00e9sente  d\u00e9cision  prend  effet  \u00e0 compter  du 3 juin  2024.\nElle  sera  publi\u00e9e  au recueil  des  actes  administratifs  du d\u00e9partement  de la Somme.\nL'administrateur  de l'\u00c9tat,\ndirecteur  d\u00e9partemental  des  finances  publiques\n_\u2014\u2014parint\u00e9rim\n: ye - |\nsea HFLAM ME | N\nDirection d\u00e9partementale des finances publiques de la Somme - 80-2024-05-30-00004 - D\u00e9cision de d\u00e9l\u00e9gations sp\u00e9ciales de signature\n- P\u00f4le m\u00e9tiers et expertise 9\nDirection D\u00e9partementale des Territoires et de\nla Mer\n80-2024-05-30-00005\nArr\u00eat\u00e9 portant approbation du plan de\npr\u00e9vention du bruit dans l'environnement (PPBE)\ndes infrastructures routi\u00e8res nationales dont le\ntrafic annuel est sup\u00e9rieur \u00e0 3 millions de\nv\u00e9hicules et ferroviaires dont le trafic annuel est\nsup\u00e9rieur \u00e0 30 000 passages de trains, dans le\nd\u00e9partement de la Somme (4\u00e8 \u00e9ch\u00e9ance)\nDirection D\u00e9partementale des Territoires et de la Mer - 80-2024-05-30-00005 - Arr\u00eat\u00e9 portant approbation du plan de pr\u00e9vention du\nbruit dans l'environnement (PPBE) des infrastructures routi\u00e8res nationales dont le trafic annuel est sup\u00e9rieur \u00e0 3 millions de v\u00e9hicules\net ferroviaires dont le trafic annuel est sup\u00e9rieur \u00e0 30 000 passages de trains, dans le d\u00e9partement de la Somme (4\u00e8 \u00e9ch\u00e9ance)10\nPREFET  Direction  d\u00e9partementale  RANCE\nDE LASOMME  des territoires  et de la mer ytLsberic = RT\nee  de la Somme  Agir - Mobiliser  - Acc\u00e9l\u00e9rer\nARR\u00caT\u00c9\nportant  approbation  du plan de pr\u00e9vention  du bruit  dans  l'environnement\n(PPBE)  des infrastructures  routi\u00e8res  nationales  dont  le trafic  annuel  est\nsup\u00e9rieur  \u00e0 3 millions  de v\u00e9hicules  et ferroviaires  dont  le trafic  annuel  est\nsup\u00e9rieur  \u00e0 30 000 passages  de trains,  dans  le d\u00e9partement  de la Somme  (4\u00b0\n\u00e9ch\u00e9ance).\nLE PR\u00c9FET  DE LA SOMME\nCHEVALIER  DE LA L\u00c9GION  D'HONNEUR\nVu la directive  2002/49/CE  du Parlement  Europ\u00e9en  et du Conseil  de l'Union  Europ\u00e9enne  du\n25 juin 2002  relative  \u00e0 l'\u00e9valuation  et la gestion  du bruit  dans  l'environnement  ;\nVu le code  de l'environnement,  et notamment  ses articles  L.572-1  \u00e0 L.572-11  et R.572-1  \u00e0 R.572-\n11, relatifs  \u00e0 l'\u00e9laboration  des cartes  de bruit  et des plans  de pr\u00e9vention  du bruit  dans\nl'environnement  ;\nVu le d\u00e9cret  du 13 juillet  2023  portant  nomination  du pr\u00e9fet  de la Somme,  M. Rollon\nMOUCHEL  BLAISOT  ;\nVu l'arr\u00eat\u00e9  minist\u00e9riel  du 4 avril 2006  relatif  \u00e0 l'\u00e9tablissement  des cartes  de bruit  et des plans\nde pr\u00e9vention  du bruit  dans  l'environnement  ;\nVu l'arr\u00eat\u00e9  pr\u00e9fectoral  du 6 octobre  2022  portant  approbation  de la carte  de bruit  strat\u00e9gique\ndes infrastructures  routi\u00e8res  du groupe  SANEF  dont  le trafic  annuel  est sup\u00e9rieur  \u00e0 3 millions\nde v\u00e9hicules  dans  le d\u00e9partement  de la Somme  (4e \u00e9ch\u00e9ance)  ;\nVu l'arr\u00eat\u00e9  pr\u00e9fectoral  du 30 janvier  2023  portant  approbation  de la carte  de bruit  strat\u00e9gique\ndes infrastructures  routi\u00e8res  non conc\u00e9d\u00e9es  dont  le trafic  annuel  est sup\u00e9rieur  \u00e0 3 millions  de\nv\u00e9hicules  et des infrastructures  ferroviaires  dont  le trafic  annuel  est sup\u00e9rieur  \u00e0 30 000\npassages  de trains  par an, dans  le d\u00e9partement  de la Somme  (4e \u00e9ch\u00e9ance)  ;\nConsid\u00e9rant  la consultation  du public  sur le projet  de PPBE  pr\u00e9vue  \u00e0 l'article  R. 572-9  du code\nde l'environnement  qui s'est  d\u00e9roul\u00e9e  du 22 janvier  2024  au 22 mars  2024  ;\nSur proposition  de la directrice  d\u00e9partementale  des territoires  et de la mer de la Somme;\nARR\u00caTE\nArticle  1er. - Objet  de l'arr\u00eat\u00e9  |\nLe plan de pr\u00e9vention  du bruit  dans  l'environnement  (PPBE)  des infrastructures  routi\u00e8res\nnationales  dont  le trafic  annuel  est sup\u00e9rieur  \u00e0 3 millions  de v\u00e9hicules  et ferroviaire  dont  le\ntrafic  annuel  est sup\u00e9rieur  \u00e0 30 000 passages  de train  dans  le d\u00e9partement  de la Somme  est\napprouv\u00e9.\nIl concerne  tout  ou partie  des infrastructures  suivantes  :\n- R\u00e9seau  conc\u00e9d\u00e9  :\nA1\nA2\nA16\nA29\nDirection D\u00e9partementale des Territoires et de la Mer - 80-2024-05-30-00005 - Arr\u00eat\u00e9 portant approbation du plan de pr\u00e9vention du\nbruit dans l'environnement (PPBE) des infrastructures routi\u00e8res nationales dont le trafic annuel est sup\u00e9rieur \u00e0 3 millions de v\u00e9hicules\net ferroviaires dont le trafic annuel est sup\u00e9rieur \u00e0 30 000 passages de trains, dans le d\u00e9partement de la Somme (4\u00e8 \u00e9ch\u00e9ance)11\n- R\u00e9seau  non  conc\u00e9d\u00e9  :\nA28.\nRN1\nRN25\n- Infrastructures  ferroviaires  :\nLa ligne  226000  (Ligne  de Gonesse  \u00e0 Lille-Fronti\u00e8re  (LGV))\nLa ligne  232000  (Ligne  d'Ormoy-Villers  \u00e0 Boves)\nLa ligne  261000  (Ligne  d'Amiens  \u00e0 Laon)\nLa ligne  261306  (Raccordement  de Lamotte-Brebi\u00e8re)\nLa ligne  272000  (Ligne  de Paris-Nord  \u00e0 Lille)\nLa ligne  305000  (Ligne  de St-Roch  \u00e0 Fr\u00e9vent)\nLa ligne  311000  (Ligne  de Longueau  \u00e0 Boulogne-Ville)\nLa ligne  321000  (Ligne  de St-Roch  \u00e0 Darn\u00e9tal-Bifurcation)\nLa ligne  323000  (Ligne  d'Abbeville  \u00e0 Eu)\nLa ligne  325000  (Ligne  d'\u00c9pinay-Villetaneuse  au Tr\u00e9port-Mers)\nLe plan  de pr\u00e9vention  du bruit  dans  l'environnement  est en annexe  du pr\u00e9sent  arr\u00eat\u00e9.\nArticle  2. - Mise  \u00e0 la disposition  du public\nLe plan de pr\u00e9vention  du bruit  dans  l'environnement  est publi\u00e9  par voie \u00e9lectronique.  Il est\nconsultable  \u00e0 partir  du site internet  de la pr\u00e9fecture  de la Somme  \u00e0 l'adresse  suivante  :\nhttps://www.somme.gouv.fr/Actions-de-l-Etat/Transports-deplacements-education-et-securite-\nroutieres-bruit/Bruit/Plan-de-prevention-du-bruit\nLe plan de pr\u00e9vention  du bruit  dans  l'environnement  est consultable  sur place  \u00e0 l'adresse\nsuivante  :\nDirection  D\u00e9partementale  des Territoires  et de la Mer de la Somme\nService  risques  et s\u00e9curit\u00e9  routi\u00e8re  / Bureau  de la s\u00e9curit\u00e9  routi\u00e8re  et des d\u00e9placements\n35 rue de la Vall\u00e9e  80 000  Amiens.\nArticle  3. - Transmission\nLe pr\u00e9sent  arr\u00eat\u00e9  est transmis  pour  information  au :\n~ Directeur  r\u00e9gional  de l'Environnement,  de l'Am\u00e9nagement  et du Logement  (DREAL)  des\nHauts-de-France  ;\n- Minist\u00e8re  de la Transition  \u00e9cologique  (direction  g\u00e9n\u00e9rale  de la pr\u00e9vention  des risques).\nll est \u00e9galement  transmis  aux gestionnaires  des infrastructures  concern\u00e9es.\nArticle  4. - Voies  et d\u00e9lais  de recours\nLe pr\u00e9sent  arr\u00eat\u00e9  peut  faire  l'objet  d'un recours  contentieux  aupr\u00e8s  du tribunal  administratif\nd'Amiens  \u2014 14, rue Lemerchier  - 80011  Amiens  cedex  1 - dans  un d\u00e9lai  de deux  mois  \u00e0 compter\nde sa publication  au recueil  des actes  administratifs  de la pr\u00e9fecture  de la Somme.  Le tribunal\nadministratif  peut  \u00e9galement  \u00eatre saisi par l'application  \u00ab t\u00e9l\u00e9recours  citoyens  \u00bb accessible  via\nle site  internet  www.telerecours.fr.\nArticle  5. - Le secr\u00e9taire  g\u00e9n\u00e9ral  de la pr\u00e9fecture  de la Somme,  le directeur  de cabinet  de la\npr\u00e9fecture  de la Somme  et la directrice  d\u00e9partementale  des territoires  et de la mer de la\nSomme,  sont  charg\u00e9s  de l'ex\u00e9cution  du pr\u00e9sent  arr\u00eat\u00e9  qui sera publi\u00e9  au recueil  des actes\nadministratifs  de la pr\u00e9fecture  de la Somme.\nAmiens,  le 30 MAI 2024\nLe pr\u00e9fet\nRollon  MOUCHEL-BLAISOT\nDirection D\u00e9partementale des Territoires et de la Mer - 80-2024-05-30-00005 - Arr\u00eat\u00e9 portant approbation du plan de pr\u00e9vention du\nbruit dans l'environnement (PPBE) des infrastructures routi\u00e8res nationales dont le trafic annuel est sup\u00e9rieur \u00e0 3 millions de v\u00e9hicules\net ferroviaires dont le trafic annuel est sup\u00e9rieur \u00e0 30 000 passages de trains, dans le d\u00e9partement de la Somme (4\u00e8 \u00e9ch\u00e9ance)12\nDirection D\u00e9partementale des Territoires et de\nla Mer\n80-2024-06-03-00002\nArr\u00eat\u00e9 portant d\u00e9l\u00e9gation de signature \u00e0\nM.VANDEVOORDE, directeur d\u00e9partemental des\nterritoires et de la mer de la Somme par int\u00e9rim\nDirection D\u00e9partementale des Territoires et de la Mer - 80-2024-06-03-00002 - Arr\u00eat\u00e9 portant d\u00e9l\u00e9gation de signature \u00e0\nM.VANDEVOORDE, directeur d\u00e9partemental des territoires et de la mer de la Somme par int\u00e9rim 13\nPREFET\nDE LA SOMME\nLibert\u00e9\n\u00c9galit\u00e9\nFraternit\u00e9\nARR\u00caT\u00c9\nPortant  d\u00e9l\u00e9gation  de signature  g\u00e9n\u00e9rale  \u00e0 M. Guillaume  VANDEVOORDE,\ndirecteur  d\u00e9partemental  des  territoires  et de la mer  de la Somme\npar  int\u00e9rim\nLE PR\u00c9FET  DE LA SOMME\nCHEVALIER  DE LA L\u00c9GION  D'HONNEUR\nVU le code  g\u00e9n\u00e9ral  des  collectivit\u00e9s  territoriales  ;\nVU le code  des  march\u00e9s  publics  ;\nVU le code  de l'environnement  ;\nVU le code  forestier  ;\nVU le code  rural;\nVU le code  de l'urbanisme  ;\nVU la loi organique  n\u00b02001-692  du 1\u00b0' ao\u00fbt  2001  modifi\u00e9e  relative  \u00e0 la loi de finances  ;\nVU la loi n\u00b082-213  du 2 mars  1982  modifi\u00e9e  relative  aux droits  et libert\u00e9s  des communes,\ndes  d\u00e9partements  et des  r\u00e9gions  ;\nVU la loi d'orientation  n\u00b092-125  du 6 f\u00e9vrier  1992  modifi\u00e9e  relative  \u00e0 l'administration\nterritoriale  de la R\u00e9publique  ;\nVU la loi n\u00b0 2004-809  du 13 ao\u00fbt  2004  modifi\u00e9e  relative  aux libert\u00e9s  et responsabilit\u00e9s\nlocales,  notamment  son  article  132 ;\nVU le d\u00e9cret  n\u00b0 97-34  du 15 janvier  1997  modifi\u00e9  relatif  \u00e0 la d\u00e9concentration  des d\u00e9cisions\nadministratives  ;\nVU le d\u00e9cret  n\u00b0 2004-374  du 29 avril  2004  modifi\u00e9  relatif  aux pouvoirs  des pr\u00e9fets,  a\nl'organisation  et \u00e0 l'action  des services  de l'\u00c9tat  dans  les r\u00e9gions  et d\u00e9partements  ;\nVU le d\u00e9cret  n\u00b0 2009-360  du 31 mars  2009  modifi\u00e9  relatif  aux emplois  de direction  de\nl'administration  territoriale  de l'\u00c9tat  ;\nVU le d\u00e9cret  n\u00b0 2009-1484  du 3 d\u00e9cembre  2009  modifi\u00e9  relatif  aux directions\nd\u00e9partementales  interminist\u00e9rielles  ;\nI\nDirection D\u00e9partementale des Territoires et de la Mer - 80-2024-06-03-00002 - Arr\u00eat\u00e9 portant d\u00e9l\u00e9gation de signature \u00e0\nM.VANDEVOORDE, directeur d\u00e9partemental des territoires et de la mer de la Somme par int\u00e9rim 14\nVu le d\u00e9cret  n\u00b0 2012-1246  du 7 novembre  2012  modifi\u00e9  relatif  \u00e0 la gestion  budg\u00e9taire  et\ncomptable  publique  ;\nVU le d\u00e9cret  n\u00b02015-510  du 7 mai 2015  modifi\u00e9  portant  charte  de la d\u00e9concentration  ;\nVU le d\u00e9cret  du 13 juillet  2023  portant  nomination  de M. Rollon  MOUCHEL-BLAISOT,\npr\u00e9fet  de la Somme  ;\nVU le d\u00e9cret  du 21 juillet  2023  portant  nomination  de M. Emmanuel  MOULARD,  sous-pr\u00e9-\nfet hors  classe,  secr\u00e9taire  g\u00e9n\u00e9ral  de la pr\u00e9fecture  de la Somme  ; |\nVU l'arr\u00eat\u00e9  du 22 f\u00e9vrier  2023  portant  nomination  de M. Guillaume  VANDEVOORDE,  ing\u00e9-\nnieur  divisionnaire  de l'industrie  et des mines,  directeur  d\u00e9partemental  adjoint  des terri-\ntoires  et de la mer  de la Somme  ;\nCONSID\u00c9RANT  l'affectation  de Mme  EmmanuelkCLOMES  en tant  qu'ing\u00e9nieure  g\u00e9n\u00e9rale\ndu Bassin  Artois-Picardie  ;\nSUR  proposition  du g\u00e9n\u00e9ral  de la pr\u00e9fecture  de la Somme  :\nARR\u00caTE\nArticle  1\nA compter  du 3 juin  2024,  d\u00e9l\u00e9gation  de signature  est donn\u00e9e  \u00e0 M. Guillaume\nVANDEVOORDE,  directeur  d\u00e9partemental  des territoires  et de la mer  de la Somme  par\nint\u00e9rim,  \u00e0 l'effet  de signer  tous  actes  de gestion  interne  \u00e0 sa direction.\nArticle  2\nD\u00e9l\u00e9gation  de signature  est donn\u00e9e  \u00e0 M. Guillaume  VANDEVOORDE,  directeur\nd\u00e9partemental  des territoires  et de la mer  de la Somme  par int\u00e9rim,  \u00e0 l'effet  de signer\ntous  actes,  documents  administratifs,  rapports,  conventions,  certificats,  correspondances,\ndans  le cadre  des missions  relevant  de sa direction,  \u00e0 l'exception  :\n1- Dans  l'ensemble  des champs  de comp\u00e9tence  de sa direction  :\na de l'approbation  de documents  \u00e0 port\u00e9e  strat\u00e9gique  ainsi  que des avis de l'\u00c9tat  sur\nles documents  strat\u00e9giques  ou de pl\u00e4nification  ;\nO des instructions  ou circulaires  adress\u00e9es  aux collectivit\u00e9s  territoriales  ;\nD des courriers  adress\u00e9s  aux parlementaires,  aux pr\u00e9sidents  des conseils\nd\u00e9partemental  et r\u00e9gional,  aux maires  d'Amiens  et d'Abbeville  et aux pr\u00e9sidents\ndes communaut\u00e9s  d'agglom\u00e9ration  d'Amiens  M\u00e9tropole  et de la baie  de Somme  (\u00e0\nl'exception  des courriers  types  \u00e0 caract\u00e8re  administratif  dans  le cadre  des\nproc\u00e9dures  d'instruction)  ;\nCO des arr\u00eat\u00e9s  portant  nomination  de membres  de commissions  et comit\u00e9s\nd\u00e9partementaux  ;\nO des arr\u00eat\u00e9s  d'ouverture  d'enqu\u00eate  publique  et de tous  arr\u00eat\u00e9s  subs\u00e9quents  ;\nO des conventions  avec  les collectivit\u00e9s  territoriales  ou les \u00e9tablissements  pubes\nengageant  financi\u00e8rement  l'\u00c9tat  ;\ndes  arr\u00eat\u00e9s  pronon\u00e7ant  des  sanctions  administratives  ;\ndes r\u00e9ponses  aux recours  gracieux  dans le cadre du contr\u00f4le  de l\u00e9galit\u00e9  ;\ndes requ\u00eates,  d\u00e9f\u00e9r\u00e9s,  m\u00e9moires,  d\u00e9clinatoires  de comp\u00e9tences  aupr\u00e8s  des\ndiff\u00e9rentes  juridictions  ;\nO des d\u00e9cisions  divergentes  avec  l'avis  des commissions  d\u00e9partementales\ncomp\u00e9tentes.Ood\nDirection D\u00e9partementale des Territoires et de la Mer - 80-2024-06-03-00002 - Arr\u00eat\u00e9 portant d\u00e9l\u00e9gation de signature \u00e0\nM.VANDEVOORDE, directeur d\u00e9partemental des territoires et de la mer de la Somme par int\u00e9rim 15\n2 - Education  et s\u00e9curit\u00e9  routi\u00e8re:\nO des  arr\u00eat\u00e9s  d'exploitation  sous  chantier;\n3 - Environnement,  mer  et littoral:\ndes  autorisations  de la police  des  eaux  ;\ndes arr\u00eat\u00e9s  d'ouverture  et de cl\u00f4ture  de la chasse  et de la p\u00eache  ;\ndes arr\u00eat\u00e9s  de battue  administrative  ;\ndes  arr\u00eat\u00e9s  cadres  et des arr\u00eat\u00e9s  mesures  s\u00e9cheresse  ;\ndes actes  de d\u00e9limitation  du Domaine  public  maritime  ;\ndes concessions  sur le Domaine  public  maritime. OT\n4 - Urbanisme  :\nCG des actes  d'autorisation  d'occupation  du sol pour  les communes  soumises  au\nr\u00e8glement  national  d'urbanisme  en cas de d\u00e9saccord  avec  le maire  ;\nQ des autorisations  d'implantation  d'\u00e9oliennes  au titre  du code  de l'urbanisme,  en\napplication  de l'exercice  du pouvoir  d'\u00e9vocation  par le pr\u00e9fet  de r\u00e9gion.\nArticle  3\nM. Guillaume  VANDEVOORDE,  directeur  d\u00e9partemental  des territoires  et de la mer  de la\nSomme  par int\u00e9rim,  est habilit\u00e9  \u00e0 pr\u00e9senter,  devant  les juridictions  administratives  et\njudiciaires,  les observations  orales  de l'\u00c9tat  \u00e0 l'appui  des conclusions  \u00e9crites  sign\u00e9es  par le\nrepr\u00e9sentant  de l'\u00c9tat.\nArticle  4\nM. Guillaume  VANDEVOORDE,  directeur  d\u00e9partemental  des territoires  et de la mer  de la\nSomme  par int\u00e9rim,  peut  subd\u00e9l\u00e9guer  sa signature  aux collaborateurs  qu'il  aura  d\u00e9sign\u00e9s\npar arr\u00eat\u00e9  pour  les domaines  relevant  de leur  activit\u00e9  au sein  du service.\nArticle  5\nL'arr\u00eat\u00e9  pr\u00e9fectoral  du 24 juillet  2023  susvis\u00e9  est abrog\u00e9.\nArticle  6\nLe secr\u00e9taire  g\u00e9n\u00e9ral  de la pr\u00e9fecture  de la Somme  et le directeur  d\u00e9partemental  des\nterritoires  et de la mer  de la Somme  par int\u00e9rim  sont  charg\u00e9s,  chacun  en ce qui le\nconcerne,  de l'ex\u00e9cution  du pr\u00e9sent  arr\u00eat\u00e9  qui sera  publi\u00e9  au recueil  des actes\nadministratifs  de la pr\u00e9fecture  de la Somme.\nAmiens,  le \u2014 3 JUIN  2024\nLe pr\u00e9fet\n/\nRollon  MOUCHEL  - BLAISOT\nDirection D\u00e9partementale des Territoires et de la Mer - 80-2024-06-03-00002 - Arr\u00eat\u00e9 portant d\u00e9l\u00e9gation de signature \u00e0\nM.VANDEVOORDE, directeur d\u00e9partemental des territoires et de la mer de la Somme par int\u00e9rim 16\nDirection D\u00e9partementale des Territoires et de la Mer - 80-2024-06-03-00002 - Arr\u00eat\u00e9 portant d\u00e9l\u00e9gation de signature \u00e0\nM.VANDEVOORDE, directeur d\u00e9partemental des territoires et de la mer de la Somme par int\u00e9rim 17\nDirection D\u00e9partementale des Territoires et de\nla Mer\n80-2024-06-03-00003\nArr\u00eat\u00e9 portant d\u00e9l\u00e9gation de signature en\nmati\u00e8re d'ordonnancement secondaire \u00e0\nM.VANDEVOORDE, directeur departemental des\nterritoires et de la mer de la Somme par int\u00e9rim\nDirection D\u00e9partementale des Territoires et de la Mer - 80-2024-06-03-00003 - Arr\u00eat\u00e9 portant d\u00e9l\u00e9gation de signature en mati\u00e8re\nd'ordonnancement secondaire \u00e0 M.VANDEVOORDE, directeur departemental des territoires et de la mer de la Somme par int\u00e9rim 18\nPREFET\nDE LA SOMME\nLibert\u00e9\n\u00c9galit\u00e9\nFraternit\u00e9\nARR\u00caT\u00c9\nPortant  d\u00e9l\u00e9gation  de signature  en mati\u00e8re  d'ordonnancement  secondaire  \u00e0 M.\nGuillaume  VANDEVOORDE,\ndirecteur  d\u00e9partemental  des territoires  et de la mer  de la Somme  par int\u00e9rim\nLE PR\u00c9FET  DE LA SOMME\nCHEVALIER  DE LA L\u00c9GION  D'HONNEUR\nVU la loi organique  n\u00b02001-692  du 1\u00b0 ao\u00fbt  2001  modifi\u00e9e  relative  aux lois de finances  ;\nVU le d\u00e9cret  n\u00b02004-374  du 29 avril  2004  modifi\u00e9  relatif  aux pouvoirs  des pr\u00e9fets,  a\nl'organisation  et \u00e0 l'action  des  services  de l'\u00c9tat  dans  les r\u00e9gions  et d\u00e9partements  ;\nVU le d\u00e9cret  n\u00b0 2009-1484  du 3 d\u00e9cembre  2009  modifi\u00e9  relatif  aux directions\nd\u00e9partementales  interminist\u00e9rielles  ;\nVU le d\u00e9cret  n\u00b02012-1246  du 7 novembre  2012  modifi\u00e9  relatif  \u00e0 la gestion  budg\u00e9taire  et\ncomptable  publique  ;\nVU le d\u00e9cret  2015-510  du  7 mai 2015  modifi\u00e9  portant  charte  de la d\u00e9concentration  ;\nVU le d\u00e9cret  n\u00b0 2020-99  du 7 f\u00e9vrier  2020  relatif  \u00e0 l'organisation  et aux missions  des secr\u00e9-\ntariats  g\u00e9n\u00e9raux  communs  d\u00e9partementaux,  et notamment  son article  1\u00b0\nVU le d\u00e9cret  du 13 juillet  2023  portant  nomination  de M. Rollon  MOUCHEL-BLAISOT,  pr\u00e9-\nfet de la Somme  ;\nVU le d\u00e9cret  du 21 juillet  2023  portant  nomination  de M. Emmanuel  MOULARD,  sous-pr\u00e9fet\nhors  classe,  secr\u00e9taire  g\u00e9n\u00e9ral  de la pr\u00e9fecture  de la Somme  ;\nVU l'arr\u00eat\u00e9  du ministre  des transports,  de l'\u00e9quipement,  du tourisme  et de la mer  et du\nministre  de la d\u00e9fense  du 12 octobre  2005  portant  r\u00e8glement  de comptabilit\u00e9  pour  la\nd\u00e9signation  d'ordonnateurs  secondaires  et de leurs  d\u00e9l\u00e9gu\u00e9s;\nVU l'arr\u00eat\u00e9  du 22 f\u00e9vrier  2023  portant  nomination  de M. Guillaume  VANDEVOORDE,  ing\u00e9-\nni\u00e9ur  divisionnaire  de l'industrie  et des mines,  directeur  d\u00e9partemental  adjoint  des terri-\ntoires  et de la mer  de la Somme  ;\nVU l'arr\u00eat\u00e9  pr\u00e9fectoral  du 22 d\u00e9cembre  2020  portant  organisation  du secr\u00e9tariat  g\u00e9n\u00e9ral\nDirection D\u00e9partementale des Territoires et de la Mer - 80-2024-06-03-00003 - Arr\u00eat\u00e9 portant d\u00e9l\u00e9gation de signature en mati\u00e8re\nd'ordonnancement secondaire \u00e0 M.VANDEVOORDE, directeur departemental des territoires et de la mer de la Somme par int\u00e9rim 19\ncommun  d\u00e9partemental  de la Somme  ;\nVU l'arr\u00eat\u00e9  pr\u00e9fectoral  du 24 juillet  2023  portant  d\u00e9l\u00e9gation  de signature  en mati\u00e8re\nd'ordonnancement  secondaire  \u00e0 Mme  Emmanuel  CLOMES,  directrice  d\u00e9partementale  des\nterritoires  et de la mer  de la Somme  ;\nCONSID\u00c9RANT  l'affectation  de Mme  EmmanuelkCLOMES  en tant  qu'ing\u00e9nieure  g\u00e9n\u00e9rale\ndu Bassin  Artois-Picardie  ;\nSUR  proposition  du secr\u00e9taire  g\u00e9n\u00e9ral  de la pr\u00e9fecture  de la Somme;\nARR\u00caTE\nArticle  1 :\nA compter  du 3 juin  2023,  d\u00e9l\u00e9gation  de signature  est donn\u00e9e  \u00e0 M. Guillaume\nVANDEVOORDE,  directeur  d\u00e9partemental  des territoires  et de la mer de la Somme  par\nint\u00e9rim,  en tant  que responsable  d'Unit\u00e9s  Op\u00e9rationnelles,  pour  proc\u00e9der  \u00e0\nl'ordonnancement  secondaire  des recettes  et des d\u00e9penses  de l'\u00c9tat  relevant  des BOP\nsuivants  :\n1- BOP  centraux:\nn n\u00b0113  \u00ab Paysages,  eau  et biodiversit\u00e9  \u00bb\na n\u00b0129  \u00ab Coordination  du travail  gouvernemental  \u00bb\nn n\u00b0135  \u00abUrbanisme,  territoires  et am\u00e9lioration  de l'habitat\u00bb  (hors  frais  de\nd\u00e9placements)\nOo n\u00b0181  \u00ab Pr\u00e9vention  des risques  \u00bb \u2014 |\nOo n\u00b0190  \u00abRecherche  dans  les domaines  de l'\u00e9nergie,  du d\u00e9veloppement  et de\nl'am\u00e9nagement  durables  \u00bb\no n\u00b0203  \u00ab Infrastructures  et services  de transports  \u00bb\na n\u00b0205  \u00ab S\u00e9curit\u00e9  et affaires  maritimes,  p\u00eache  et aquaculture  \u00bb\nq n\u00b0207  \u00ab S\u00e9curit\u00e9  et \u00e9ducation  routi\u00e8res  \u00bb\ngo n\u00b0206  \u00ab S\u00e9curit\u00e9  et qualit\u00e9  sanitaires  de l'alimentation\u00bb  (hors  actions  et sous-\nactions  action  sociale)\ng n\u00b0751  \u00ab Radars  \u00bb\n2- BOP  r\u00e9gionaux:\nga n\u00b0113  \u00ab Paysages,  eau  et biodiversit\u00e9  \u00bb\no n\u00b0135  \u00abUrbanisme,  territoires  et am\u00e9lioration  de l'habitat\u00bb  (hors  frais  de\nd\u00e9placement)\ng n\u00b0149  \u00ab For\u00eat  \u00bb |\nn\u00b0154  \u00ab \u00c9conomie  et d\u00e9veloppement  durable  de l'agriculture,  de la p\u00eache  et des\nterritoires  \u00bb\nn\u00b0181  \u00ab Pr\u00e9vention  des  risques  \u00bb\nn\u00b0203  \u00ab Infrastructures  et services  de transports  \u00bb\nn\u00b0205  \u00ab S\u00e9curit\u00e9  et affaires  maritimes,  p\u00eache  et aquaculture  \u00bb\nn\u00b0207  \u00ab S\u00e9curit\u00e9  et \u00e9ducation  routi\u00e8res  \u00bb (hors  action  plan  d\u00e9partemental  d'actions\ns\u00e9curit\u00e9  routi\u00e8re  et frais  de d\u00e9placement)\nno n\u00b0215  \u00ab Conduite  et pilotage  des politiques  de l'agriculture  \u00bb (hors  action  et sous-\nactions  de l'action  sociale)\nn n\u00b0217  \u00abConduite  et pilotage  des politiques  de l'\u00e9cologie,  de l'\u00e9nergie,  du\nd\u00e9veloppement  durable  et de la mer \u00bb (hors  actions  et sous  actions  de l'action\nsociale)oO\nO0 0 \u00a9 0\nDirection D\u00e9partementale des Territoires et de la Mer - 80-2024-06-03-00003 - Arr\u00eat\u00e9 portant d\u00e9l\u00e9gation de signature en mati\u00e8re\nd'ordonnancement secondaire \u00e0 M.VANDEVOORDE, directeur departemental des territoires et de la mer de la Somme par int\u00e9rim 20\n' 3\n3- Le fonds  de pr\u00e9ventions  des risques  naturels  majeurs  cr\u00e9\u00e9  par la loi n\u00b095-101  du 2\nf\u00e9vrier  1995\nArticle  2\nCette  d\u00e9l\u00e9gation  concerne  tous  documents  administratifs  et pieces  comptables  relatifs  a\nl'engagement,  \u00e0 la liquidation  et au mandatement  des d\u00e9penses  ainsi  que ceux  relatifs  aux\nop\u00e9rations  concernant  les recettes  (titres  de perception,  \u00e9tats  ex\u00e9cutoires,  cessions...)  a\nl'exception  :\n- des d\u00e9cisions  de subventions  de fonctionnement  sup\u00e9rieures  \u00e0 30 000 \u20ac,\ndes d\u00e9cisions  de subventions  d'investissement  sup\u00e9rieures  \u00e0 100 000  \u20ac,\n- des march\u00e9s  publics  en proc\u00e9dure  formalis\u00e9e,\ndes d\u00e9cisions  de passer  outre  aux avis d\u00e9favorables  de l'autorit\u00e9  charg\u00e9e  du\ncontr\u00f4le  financier,  lorsqu'un  tel avis est pr\u00e9alablement  requis,\n- des d\u00e9cisions  des ordres  de r\u00e9quisition  du comptable  public,\n- des d\u00e9cisions  d'acquisition,  d'ali\u00e9nation,  d'affectation  du domaine  priv\u00e9  et\npublic  de l'\u00c9tat.\nArticle  3 :\nM. Guillaume  VANDEVOORDE,  en qualit\u00e9  de directeur  d\u00e9partemental  des territoires  et de\nla mer  de la Somme  par int\u00e9rim,  peut  subd\u00e9l\u00e9guer  sous  sa responsabilit\u00e9  sa signature,  aux\ncollaborateurs  qu'il  aura  d\u00e9sign\u00e9s  par arr\u00eat\u00e9  pour  les actes  administratifs  et comptables\nrelevant  du domaine  de la gestion  des services  communs  \u00e0 la direction  d\u00e9partementale.\nArticle  4 :\nL'arr\u00eat\u00e9  pr\u00e9fectoral  du 24 juillet  2023  susvis\u00e9  est abrog\u00e9.\nArticle  5 :\nLe secr\u00e9taire  g\u00e9n\u00e9ral  de la pr\u00e9fecture  de la Somme,  la directrice  d\u00e9partementale  des\nterritoires  et de la mer  de la Somme  par int\u00e9rim  et le directeur  d\u00e9partemental  des\nfinances  publiques  de la Somme  par int\u00e9rim  sont  charg\u00e9s,  chacun  en ce qui la concerne,\nde l'ex\u00e9cution  du pr\u00e9sent  arr\u00eat\u00e9  qui sera  publi\u00e9  au recueil  des actes  administratifs  de la\npr\u00e9fecture  de la Somme.\nAmiens,  le ~ 3 JUIN  2024\nLe pr\u00e9fet\nRollon  MOUCHEL-BLAISOT\nDirection D\u00e9partementale des Territoires et de la Mer - 80-2024-06-03-00003 - Arr\u00eat\u00e9 portant d\u00e9l\u00e9gation de signature en mati\u00e8re\nd'ordonnancement secondaire \u00e0 M.VANDEVOORDE, directeur departemental des territoires et de la mer de la Somme par int\u00e9rim 21\nDirection D\u00e9partementale des Territoires et de la Mer - 80-2024-06-03-00003 - Arr\u00eat\u00e9 portant d\u00e9l\u00e9gation de signature en mati\u00e8re\nd'ordonnancement secondaire \u00e0 M.VANDEVOORDE, directeur departemental des territoires et de la mer de la Somme par int\u00e9rim 22\nDirection D\u00e9partementale des Territoires et de\nla Mer\n80-2024-05-24-00009\nArr\u00eat\u00e9 r\u00e8glementant temporairement la\ncirculation afin de permettre les travaux de\nchauss\u00e9e du PR 0 au PR 1+200 dans les deux sens\nde circulation de la route nationale 25\nDirection D\u00e9partementale des Territoires et de la Mer - 80-2024-05-24-00009 - Arr\u00eat\u00e9 r\u00e8glementant temporairement la circulation afin\nde permettre les travaux de chauss\u00e9e du PR 0 au PR 1+200 dans les deux sens de circulation de la route nationale 25 23\nEn  | \\PR\u00c9FET  Direction  d\u00e9partementale  VERTE  |\n= LA SOMME  des territoires  et de la mer ;\n\u00c9galit\u00e9  . de la Somme\nFrascrwit\u00e9\nARR\u00caT\u00c9\nR\u00e9glementant  temporairement  la circulation  afin de permettre  les travaux  de chauss\u00e9e\ndu PR 0 au PR 1+200  dans  les deux  sens  de circulation  de la route  nationale  25.\nBasculement  du sens  Abbeville  vers  Abbeville  vers  Longueau  et fermeture  de bretelles\n\u00e9changeurs  n\u00b034  et 35.\nArr\u00eat\u00e9  de circulation  n\u00b0 T24-200S\nLE PR\u00c9FET  DE LA SOMME\nCHEVALIER  DE LA L\u00c9GION  D'HONNEUR\nVu le code  de la voirie  routi\u00e8re  ;\nVu le code  de la route  ;\nVu le code  g\u00e9n\u00e9ral  des  collectivit\u00e9s  territoriales  ;\nVu le code  des  relations  entre  le public  et l'administration  ;\nVu la loi 82 213  du 2 mars  1982  modifi\u00e9e  et compl\u00e9t\u00e9e  par  la loi 82 623  du 22 juillet  relative  aux  droits  et\nlibert\u00e9s  des  communes,  des  d\u00e9partements  et r\u00e9gions  et pr\u00e9cisant  les nouvelles  conditions  d'exercice  du\ncontr\u00f4le  administratif  sur les actes  des  autorit\u00e9s  communales,  d\u00e9partementales  et r\u00e9gionales  ;\nVu la loi n\u00b02000-321  du 12 avril  2000,  notamment  ses articles  16 \u00e0 25, abrog\u00e9s  par  l'ordonnance\nn\u00b02015  -1341  du 23 octobre  2015,  relative  aux  dispositions  l\u00e9gislatives  du code  des  relations  entre  le\npublic  et l'administration  ;\nVu le d\u00e9cret  n\u00b02004-374  du 29 avril  2004  modifi\u00e9  relatif  aux  pouvoirs  des  pr\u00e9fets,  \u00e0 l'organisation  et \u00e0\nl'action  des  services  de l'\u00c9tat  dans  les r\u00e9gions  et les d\u00e9partements  ;\nVu le d\u00e9cret  n\u00b02005-1499  du 5 d\u00e9cembre  2005  relatif  \u00e0 la consistance  du r\u00e9seau  national  ;\nVu le d\u00e9cret  du 13 juillet  2023  nommant  M. Rollon  MOUCHEL  BLAISOT,  pr\u00e9fet  de la Somme,  \u00e0 compter\ndu 24 juillet  2023  ;\nVu le d\u00e9cret  du 03 janvier  2024  portant  nomination  de Monsieur  Victor  JOZON  en qualit\u00e9  de sous-\npr\u00e9fet,  directeur  de cabinet  du pr\u00e9fet  de la Somme  ;\nVu l'arr\u00eat\u00e9  interminist\u00e9riel  du 24 novembre  1967  modifi\u00e9  relatif  \u00e0 la signalisation  des  routes  et\nautoroutes  ;\nVu l'arr\u00eat\u00e9  inter-pr\u00e9fectoral  n\u00b02007-359  du 19 mars  2007  pris  en application  de l'article  7 du d\u00e9cret\n2006-304  du 16 mars  2006  portant  cr\u00e9ation  et organisation  des  directions  interd\u00e9partementales  des\nroutes  ;\nVu l'arr\u00eat\u00e9  pr\u00e9fectoral  du 15 janvier  2024  portant  d\u00e9l\u00e9gation  de signature  \u00e0 Monsieur  Victor  JOZON,\nsous-pr\u00e9fet,  directeur  de cabinet  du pr\u00e9fet  de la Somme;\nVu l'instruction  interminist\u00e9rielle  sur la signalisation  temporaire  (Livre  | - huiti\u00e8me  partie  - Signalisation\nTemporaire)  approuv\u00e9e  par  arr\u00eat\u00e9  du 6 novembre  1992  ;\nDirection D\u00e9partementale des Territoires et de la Mer - 80-2024-05-24-00009 - Arr\u00eat\u00e9 r\u00e8glementant temporairement la circulation afin\nde permettre les travaux de chauss\u00e9e du PR 0 au PR 1+200 dans les deux sens de circulation de la route nationale 25 24\nVu la note  technique  du 14 avril  2016  relative  a la coordination  des  chantiers  sur le r\u00e9seau  routier\nnational  ;\nVu la circulaire  du Ministre  de la Transition  \u00e9cologique  et de la Coh\u00e9sion  des  Territoires  du 02\nf\u00e9vrier  2024  fixant  le calendrier  2024  des jours  \"hors  chantiers\"  ;\nVu la demande  en date  du 17 mai  2024  par  laquelle  le District  Amiens  Valenciennes  de la DIR  Nord  fait\nsavoir  qu'il  est indispensable  de r\u00e9glementer  la circulation  sur la RN25  et sur l'A29  (secteur  conc\u00e9d\u00e9  a\nSANEF),  dans  les deux  sens  de circulation,  pour  permettre  la r\u00e9alisation  des travaux,\nVu l'avis  du conseil  d\u00e9partemental  de la Somme,\nVu l'avis  de la communaut\u00e9  d'agglom\u00e9ration  Amiens  M\u00e9tropole,\nConsid\u00e9rant  que  ce chantier  est un chantier  \"non  courant\"  au sens  de la note  technique  du 14 avril  2016\nrelative  a la coordination  des  chantiers  sur le r\u00e9seau  routier  national  ;\nConsid\u00e9rant  qu'il  importe  d'assurer  la s\u00e9curit\u00e9  des  usagers,  ainsi  que  celles  des  agents  des  entreprises\ncharg\u00e9es  de l'ex\u00e9cution  des  travaux  ;\nConsid\u00e9rant  qu'il  convient  de prendre  des  mesures  pour  faciliter  l'ex\u00e9cution  des  travaux  et pr\u00e9venir  les\naccidents  ;\nSur proposition  de la directrice  d\u00e9partementale  des  territoires  et de la mer  de la Somme.\nARR\u00caTE\nArticle  ter.\nDes  mesures  de restriction  de circulation  seront  appliqu\u00e9es  sur la Route  Nationale  RN25,  dans  les deux\nsens  de circulation,  du samedi  25 mai  2024,  19h00  au lundi  3 juin  2024,  6h00,  uniquement  le week-end\net par  phases  successives,  afin  de permettre  la r\u00e9alisation  des  travaux  susmentionn\u00e9s,  de garantir  la\ns\u00e9curit\u00e9  des  usagers  et du personnel  intervenant.\nPour  r\u00e9pondre  a d'\u00e9ventuels  al\u00e9as  de chantier,  les mesures  d'exploitation  pourront  \u00e9tre  \u00e9galement\nappliqu\u00e9es  du samedi  8 juin  2024,  19h00  au lundi  10 juin  2024,  6h00.\nLes horaires  d\u00e9finis  dans  le pr\u00e9sent  article  comprennent  la pose  et la d\u00e9pose  du balisage.\nArticle  2.\nLes restrictions  de circulation  appliqu\u00e9es  sur la RN25,  dans  les deux  sens  de circulation,  s'effectueront\npar  phases  distinctes,  selon  l'avancement  de chantier.\nPhase  n\u00b01 du PR 0+900  au PR 1+200  du samedi  25 mai  2024  \u00e0 19h00  au lundi  27 mai  2024  \u00e0 6h00\nBasculement  total  du sens Abbeville  vers Beauvais  entre  le PR 3+700  et le PR 0+200\n+ Dans  le sens  Abbeville  vers  Beauvais  :\no La vitesse  est limit\u00e9e  \u00e0 90 km/h  du PR 4+650  au PR 3+900  ;\no Les manoeuvres  de d\u00e9passement  sont  interdites  du PR 4+650  au PR 0+000  ;\n\u00b0 Lavoie  rapide  est neutralis\u00e9e  du PR 4+250  au PR 3+700  ;\no La vitesse  est limit\u00e9e  \u00e0 50 km/h  du PR 3+900  au PR 3+600  ;\no Le basculement  de circulation  du sens  Abbeville  vers  Longueau  sur la voie  rapide  du sens\nBeauvais  vers  Abbeville  entre  les ITPC  situ\u00e9es  aux  PR 3+700  et PR 0+200  ;\no La vitesse  est limit\u00e9e  \u00e0 70 km/h  du PR 3+600  au PR 0+250  ;\no La vitesse  est limit\u00e9e  \u00e0 50 km/h  du PR 0+250  au PR 0+050.\n+ Dans  le sens  Beauvais  vers  Abbeville  :\no La vitesse  est limit\u00e9e  \u00e0 90 km/h  du PR 197+400  (Secteur  Sanef)  au PR 3+800  ;\no -Les  man\u0153uvres  de d\u00e9passement  sont  interdites  du PR 197+400  (Secteur  Sanef)  au PR3+800  ;\no La neutralisation  de la voie  de gauche  du PR 197+800  (Secteur  Sanef)  au PR 3+750  ;\no La vitesse  est limit\u00e9e  a 70 km/h  du PR 0+250  au PR 3+800.\nDirection D\u00e9partementale des Territoires et de la Mer - 80-2024-05-24-00009 - Arr\u00eat\u00e9 r\u00e8glementant temporairement la circulation afin\nde permettre les travaux de chauss\u00e9e du PR 0 au PR 1+200 dans les deux sens de circulation de la route nationale 25 25\nPendant  les phases  de basculement  :\n+ Des  entr\u00e9es  et des  sorties  de chantier  seront  cr\u00e9\u00e9es.  Cette  indication  sera  port\u00e9e  \u00e0 la\nconnaissance  des  usagers  par  un panneau  de type  B2b  (interdiction  de tourner  a droite)\nimplant\u00e9  au droit  des fermetures,  compl\u00e9t\u00e9  par un panonceau  de type  M9z  \u00ab sauf  chantier  \u00bb,\n+ Les engins  de chantier  sortant  des  acc\u00e8s  de chantier  seront  tenus  de c\u00e9der  le passage  aux\nusagers  de la route.  Cette  indication  sera  port\u00e9e  \u00e0 la connaissance  des  chauffeurs  par la pose\nd'un  panneau  de type  AB3+M9c.\nPhase  n\u00b02  du PR O au PR 0+900  du samedi  1 juin  2024  \u00e0 19h00  au lundi  3 juin  2024  \u00e0 6h00\nBasculement  total  du PR 1+000  au PR 198+700  (ITPC  sur r\u00e9seau  Sanef)\n+ Dans  le sens  Abbeville  vers  Beauvais  :\nO\n\u00b0La vitesse  est limit\u00e9e  a 90 km/h  du PR3+050  au PR1+200  ;\nLes man\u0153uvres  de d\u00e9passement  sont  interdites  du PR3+050  au PR199+400  (Secteur  Sanef\nA29)  ;\nLa voie  rapide  est neutralis\u00e9e  du PR2+650  au PR1+000  ;\nLa vitesse  est limit\u00e9e  \u00e0 50 km/h  du PR1+100  au PRO+1500  ;\nLe basculement  de circulation  du sens  Abbeville  vers  Beauvais  sur la voie  rapide  du sens\nBeauvais  vers  Abbeville  entre  les ITPC  des  PR1+000  et 198+600  (Secteur  Sanef  A29)  ;\nLa vitesse  est limit\u00e9e  \u00e0 70 km/h  du PRO+1500  au PR199+000  (Secteur  Sanef  A29)  ;\nLa vitesse  est limit\u00e9e  a 50 km/h  du PR199+000  (Secteur  Sanef  A29)  au PR198+400  (Secteur\nSanef  A29).\n- Dans  le sens  Beauvais  vers  Abbeville  :\n\u00a9\n\u00a9\n\u00b0\n[e)La vitesse  est limit\u00e9e  \u00e0 90 km/h  du PR197+400  au PR198+800  (Secteur  Sanef  A29)  ;\nLes man\u0153uvres  de d\u00e9passement  sont  interdites  du PR197+400  (Secteur  Sanef  A29)  au\nPR1+100  ;\nLa neutralisation  de la voie  de gauche  du PR197+800  (Secteur  Sanef  A29)  au PR1+100  ;\nLa vitesse  est limit\u00e9e  \u00e0 70 km/h  du PR198+800  (Secteur  Sanef  A29)  au PR1+100.\nPendant  les phases  de basculement  :\n_+ Des  entr\u00e9es  et des  sorties  de chantier  seront  cr\u00e9\u00e9es.  Cette  indication  sera  port\u00e9e  \u00e0 la\nconnaissance  des  usagers  par  un panneau  de type  B2b  (interdiction  de tourner  \u00e0 droite)\nimplant\u00e9  au droit  des  fermetures,  compl\u00e9t\u00e9  par  un panonceau  de type  M9z  \u00ab sauf\nchantier  \u00bb ;\n* Les engins  de chantier  sortant  des  acc\u00e8s  de chantier  seront  tenus  de c\u00e9der  le passage\naux  Usagers  de la route.  Cette  indication  sera  port\u00e9e  \u00e0 la connaissance  des  chauffeurs\npar  la pose  d'un  panneau  de type  AB3+M9c  ;\n* La bretelle  d'entr\u00e9e  provenant  de l'A29  depuis  St-Quentin  en direction  de |'A29  vers\nAmiens  Sud  restera  ouverte  mais  une  limitation  \u00e0 50 km/h  sera  install\u00e9e  en fin de\nbretelle  d'entr\u00e9e.\nLes 2 phases  n\u00e9cessitent  les fermetures  des  bretelles  suivantes  :\nFermeture  de la bretelle  d'entr\u00e9e  n\u00b02  de l'\u00e9changeur  n\u00b035  : pour  pallier  cette  fermeture,  une\nd\u00e9viation  sera  mise  en place  et consiste  \u00e0 poursuivre  sur le giratoire,  prendre  la 4\u00b0 sortie  en\ndirection  de P\u00f4le  jules  Verne  1, Rue  Laurent  Lavoisier,  poursuivre  sur Avenue  de l'Arc,\ncontinuer  sur Avenue  de la Ville  Id\u00e9ale,  faire  le tour  complet  du giratoire  pour  reprendre\nl'Avenue  de la Ville  Id\u00e9ale  dans  l'autre  sens,  au giratoire  prendre  en face  en direction  de D1029\nSt-Quentin,  au prochain  giratoire  prendre  la 1\u00b0 sortie  en direction  de I'A29  sur I'Avenue  Phil\u00e9as\nFogg,  aux  deux  giratoires  suivants  tout  droit,  au prochain  giratoire  prendre  la Rue  Michel\nStrogoff  en direction  de l'A1  Paris  et A29,  au giratoire  suivant  prendre  la 3\u00e8re  sortie  vers  A29\nAmiens  rocade,  rester  sur  l'A29  en direction  d'Amiens  Sud  pour  retrouver  l'itin\u00e9raire  initial.\nFermeture  de la bretelle  de sortie  n\u00b04  de l'\u00e9changeur  n\u00b034  en direction  du centre\ncommercial  de Longueau  : pour  pallier  cette  fermeture,  une  d\u00e9viation  sera  mise  en place  et\nconsiste  \u00e0 poursuivre  sur la RN25  en direction  de l'A29  Amiens  Sud,  prendre  la bretelle  de\nDirection D\u00e9partementale des Territoires et de la Mer - 80-2024-05-24-00009 - Arr\u00eat\u00e9 r\u00e8glementant temporairement la circulation afin\nde permettre les travaux de chauss\u00e9e du PR 0 au PR 1+200 dans les deux sens de circulation de la route nationale 25 26\nsortie  de l'\u00e9changeur  33, au giratoire  prendre  la 4\u00b0 sortie  pour  reprendre  la bretelle  d'entr\u00e9e\nsur l'A29  en direction  de Saint-Quentin,  poursuivre  sur l'A29  et sortir  \u00e0 l'\u00e9changeur  34 pour\nretrouver  l'itin\u00e9raire  initial.\n+ __ Fermeture  de la bretelle  d'entr\u00e9e  n\u00b05  de l'\u00e9changeur  n\u00b034  insertion  vers  Saint-Quentin  :\npour  pallier  cette  fermeture,  une  d\u00e9viation  sera  mise  en place  et consiste  \u00e0 prendre  la brette\nd'entr\u00e9e  de l'\u00e9changeur  n\u00b034  en direction  d'Amiens  Nord,  de sortir  \u00e0 l'\u00e9changeur  n\u00b036  en\ndirection  de Camon,  de prendre  au giratoire  la 3\u00b0 sortie,  de prendre  au giratoire  suivant  la 3\u00b0\nsortie  en direction  de la RN25  en direction  de Paris  pour  retrouver  l'itin\u00e9raire  initial.\n+ Fermeture  de la bretelle  de liaison  en direction  de la RN25  vers  I'A29  en direction  de l'A1\nParis  Est : pour  pallier  cette  fermeture,  une  d\u00e9viation  sera  mise  en place  et consiste  \u00e0\npoursuivre  sur la RN25  en direction  de l'A29  Amiens  Sud,  prendre  la bretelle  de sortie  de\nl'\u00e9changeur  33, au giratoire  prendre  la 4\u00b0 sortie  pour  reprendre  la bretelle  d'entr\u00e9e  sur l'A29  en\ndirection  de Saint-Quentin,  poursuivre  sur I'A29  et sortir  \u00e0 l'\u00e9changeur  en direction  de l'A29\nParis/Lille/Reims/St-Quentin  pour  retrouver  l'itin\u00e9raire  initial.\nArticle  3.\nL'inter  distance  entre  ce chantier  et d'autres  chantiers  \u00ab courants  ou non  courants  \u00bb pourra  \u00eatre\ninf\u00e9rieure  \u00e0 la r\u00e9glementation  en vigueur.\nArticle  4.\nLa signalisation  temporaire  sera  conforme  aux  prescriptions  de l'instruction  interminist\u00e9rielle  sur la\nsignalisation  routi\u00e8re,  notamment  la 8\u00b0 partie  \u00ab signalisation  temporaire  \u00bb approuv\u00e9e  par  l'arr\u00eat\u00e9  du 6\nnovembre  1992  modifi\u00e9  et conforme  aux  recommandations  du SETRA.\nLe District  d'Amiens  Valenciennes  de la DIR  Nord  est gestionnaire  de la voie.\nLa pose,  la maintenance  et la d\u00e9pose  de l'ensemble  des  dispositifs  de signalisation  temporaire  seront\nassur\u00e9es  par la soci\u00e9t\u00e9  SIGNATURE.\nLes travaux  seront  r\u00e9alis\u00e9s  par  l'entreprise  EUROVIA  PICARDIE.\nArticle  5. | |\nLes infractions  au pr\u00e9sent  arr\u00eat\u00e9  seront  constat\u00e9es  et poursuivies  conform\u00e9ment  \u00e0 la r\u00e9glementation  en\nvigueur.  |\nArticle  6.\nLe pr\u00e9sent  arr\u00eat\u00e9  peut  faire  l'objet  d'un  recours  gracieux  aupr\u00e8s  du pr\u00e9fet  dans  le d\u00e9lai  de deux  mois  \u00e0\ncompter  de sa notification.  Il peut  \u00e9galement  faire  l'objet  d'un  recours  contentieux  aupr\u00e8s  du Tribunal\nAdministratif  comp\u00e9tent  dans  le m\u00eame  d\u00e9lai.  Le tribunal  administratif  peut  \u00e9galement  \u00eatre  saisi  par\nl'application  informatique  \u00ab T\u00e9l\u00e9recours  citoyens  \u00bb accessible  par le site Internet  www.telerecours.  fr.\nArticle  7.\nLe directeur  de cabinet  de la pr\u00e9fecture  de la Somme,  la directrice  d\u00e9partementale  des  territoires  de la\nmer  de la Somme,  le directeur  du r\u00e9seau  nord  de Sanef,  le commandant  du groupement  de\ngendarmerie  d\u00e9partementale  de la Somme,  le pr\u00e9sident  du conseil  d\u00e9partemental  de la Somme  et la\ndirectrice  interd\u00e9partementale  des  Routes  Nord,  sont  charg\u00e9s,  chacun  en ce qui le concerne,  de\nl'ex\u00e9cution  du pr\u00e9sent  arr\u00eat\u00e9.\nAmiens,  le\n217Pour  le Pr\u00e9fet  et par  d\u00e9l\u00e9gation,\nLe sous  pr\u00e9fet,  direct\u00e9ur  de cabinet,\nDirection D\u00e9partementale des Territoires et de la Mer - 80-2024-05-24-00009 - Arr\u00eat\u00e9 r\u00e8glementant temporairement la circulation afin\nde permettre les travaux de chauss\u00e9e du PR 0 au PR 1+200 dans les deux sens de circulation de la route nationale 25 27","date":"2024-06-03","first_seen_on":"2024-06-03T15:10:20+00:00","id":"f3f5733b98bed31bbb5072d5888f378875c6a7b4b23245fa2165424ce592741f","name":"RAA n\u00b0102 sp\u00e9cial du 3 juin 2024","pdf_creation_date":"2024-06-03T14:48:58+00:00","pdf_modification_date":null,"timezone":"Europe/Paris","url":"https://www.somme.gouv.fr/contenu/telechargement/48230/322367/file/recueil-2024-102-recueil-des-actes-administratifs-special.pdf"}
